{"id":17541,"date":"2015-09-21T16:00:58","date_gmt":"2015-09-21T16:00:58","guid":{"rendered":"http:\/\/www.arquimaster.com.ar\/web\/?p=17541"},"modified":"2015-09-22T02:46:28","modified_gmt":"2015-09-22T02:46:28","slug":"casa-despacho-juan-ignacio-castiello-arquitectos","status":"publish","type":"post","link":"https:\/\/www.arquimaster.com.ar\/web\/casa-despacho-juan-ignacio-castiello-arquitectos\/","title":{"rendered":"Casa despacho \/ Juan Ignacio Castiello Arquitectos"},"content":{"rendered":"<div style=\"margin-top: 0px; margin-bottom: 0px;\" class=\"sharethis-inline-share-buttons\" ><\/div><div class=\"b812932af2e751442846f039925109de\" data-index=\"1\" style=\"float: none; margin:25px 0 25px 0; text-align:center;\">\n<script async src=\"https:\/\/pagead2.googlesyndication.com\/pagead\/js\/adsbygoogle.js\"><\/script>\r\n<!-- Arquimaster (superior) -->\r\n<ins class=\"adsbygoogle\"\r\n     style=\"display:block\"\r\n     data-ad-client=\"ca-pub-6351072698456832\"\r\n     data-ad-slot=\"6455489680\"\r\n     data-ad-format=\"auto\"\r\n     data-full-width-responsive=\"true\"><\/ins>\r\n<script>\r\n     (adsbygoogle = window.adsbygoogle || []).push({});\r\n<\/script>\n<\/div>\n<p><strong>Casa despacho<\/strong> (Zapopan, Jalisco, M\u00e9xico) por <strong>Juan Ignacio Castiello Arquitectos<\/strong>. El terreno cuenta con una superficie de 330 m2 (11 x 30 metros con direcci\u00f3n norte-sur), tiene una topograf\u00eda completamente plana. Est\u00e1 ubicado sobre una amplia avenida empedrada de casi 40 metros de ancho que integra un generoso camell\u00f3n muy arbolado que representa el \u00fanico parque de la zona.<\/p>\n<div id='gallery-1' class='gallery galleryid-17541 gallery-columns-3 gallery-size-thumbnail'><figure class='gallery-item'>\n\t\t\t<div class='gallery-icon portrait'>\n\t\t\t\t<a href='https:\/\/www.arquimaster.com.ar\/web\/wp-content\/uploads\/2015\/09\/casa_despacho1.jpg' title=\"Casa despacho \/ Juan Ignacio Castiello Arquitectos (\u00a9 Mito Covarrubias)\" data-rl_title=\"Casa despacho \/ Juan Ignacio Castiello Arquitectos (\u00a9 Mito Covarrubias)\" class=\"rl-gallery-link\" data-rl_caption=\"Casa despacho \/ Juan Ignacio Castiello Arquitectos (\u00a9 Mito Covarrubias)\" data-rel=\"lightbox-gallery-1\"><img loading=\"lazy\" decoding=\"async\" width=\"150\" height=\"150\" src=\"https:\/\/www.arquimaster.com.ar\/web\/wp-content\/uploads\/2015\/09\/casa_despacho1-150x150.jpg\" class=\"attachment-thumbnail size-thumbnail\" alt=\"\" aria-describedby=\"gallery-1-17543\" srcset=\"https:\/\/www.arquimaster.com.ar\/web\/wp-content\/uploads\/2015\/09\/casa_despacho1-150x150.jpg 150w, https:\/\/www.arquimaster.com.ar\/web\/wp-content\/uploads\/2015\/09\/casa_despacho1-50x50.jpg 50w, https:\/\/www.arquimaster.com.ar\/web\/wp-content\/uploads\/2015\/09\/casa_despacho1-125x125.jpg 125w\" sizes=\"auto, (max-width: 150px) 100vw, 150px\" \/><\/a>\n\t\t\t<\/div>\n\t\t\t\t<figcaption class='wp-caption-text gallery-caption' id='gallery-1-17543'>\n\t\t\t\tCasa despacho \/ Juan Ignacio Castiello Arquitectos (\u00a9 Mito Covarrubias)\n\t\t\t\t<\/figcaption><\/figure><figure class='gallery-item'>\n\t\t\t<div class='gallery-icon portrait'>\n\t\t\t\t<a href='https:\/\/www.arquimaster.com.ar\/web\/wp-content\/uploads\/2015\/09\/casa_despacho2.jpg' title=\"Casa despacho \/ Juan Ignacio Castiello Arquitectos (\u00a9 Mito Covarrubias)\" data-rl_title=\"Casa despacho \/ Juan Ignacio Castiello Arquitectos (\u00a9 Mito Covarrubias)\" class=\"rl-gallery-link\" data-rl_caption=\"Casa despacho \/ Juan Ignacio Castiello Arquitectos (\u00a9 Mito Covarrubias)\" data-rel=\"lightbox-gallery-1\"><img loading=\"lazy\" decoding=\"async\" width=\"150\" height=\"150\" src=\"https:\/\/www.arquimaster.com.ar\/web\/wp-content\/uploads\/2015\/09\/casa_despacho2-150x150.jpg\" class=\"attachment-thumbnail size-thumbnail\" alt=\"\" aria-describedby=\"gallery-1-17544\" srcset=\"https:\/\/www.arquimaster.com.ar\/web\/wp-content\/uploads\/2015\/09\/casa_despacho2-150x150.jpg 150w, https:\/\/www.arquimaster.com.ar\/web\/wp-content\/uploads\/2015\/09\/casa_despacho2-50x50.jpg 50w, https:\/\/www.arquimaster.com.ar\/web\/wp-content\/uploads\/2015\/09\/casa_despacho2-125x125.jpg 125w\" sizes=\"auto, (max-width: 150px) 100vw, 150px\" \/><\/a>\n\t\t\t<\/div>\n\t\t\t\t<figcaption class='wp-caption-text gallery-caption' id='gallery-1-17544'>\n\t\t\t\tCasa despacho \/ Juan Ignacio Castiello Arquitectos (\u00a9 Mito Covarrubias)\n\t\t\t\t<\/figcaption><\/figure><figure class='gallery-item'>\n\t\t\t<div class='gallery-icon portrait'>\n\t\t\t\t<a href='https:\/\/www.arquimaster.com.ar\/web\/wp-content\/uploads\/2015\/09\/casa_despacho3.jpg' title=\"Casa despacho \/ Juan Ignacio Castiello Arquitectos (\u00a9 Mito Covarrubias)\" data-rl_title=\"Casa despacho \/ Juan Ignacio Castiello Arquitectos (\u00a9 Mito Covarrubias)\" class=\"rl-gallery-link\" data-rl_caption=\"Casa despacho \/ Juan Ignacio Castiello Arquitectos (\u00a9 Mito Covarrubias)\" data-rel=\"lightbox-gallery-1\"><img loading=\"lazy\" decoding=\"async\" width=\"150\" height=\"150\" src=\"https:\/\/www.arquimaster.com.ar\/web\/wp-content\/uploads\/2015\/09\/casa_despacho3-150x150.jpg\" class=\"attachment-thumbnail size-thumbnail\" alt=\"\" aria-describedby=\"gallery-1-17545\" srcset=\"https:\/\/www.arquimaster.com.ar\/web\/wp-content\/uploads\/2015\/09\/casa_despacho3-150x150.jpg 150w, https:\/\/www.arquimaster.com.ar\/web\/wp-content\/uploads\/2015\/09\/casa_despacho3-50x50.jpg 50w, https:\/\/www.arquimaster.com.ar\/web\/wp-content\/uploads\/2015\/09\/casa_despacho3-125x125.jpg 125w\" sizes=\"auto, (max-width: 150px) 100vw, 150px\" \/><\/a>\n\t\t\t<\/div>\n\t\t\t\t<figcaption class='wp-caption-text gallery-caption' id='gallery-1-17545'>\n\t\t\t\tCasa despacho \/ Juan Ignacio Castiello Arquitectos (\u00a9 Mito Covarrubias)\n\t\t\t\t<\/figcaption><\/figure><figure class='gallery-item'>\n\t\t\t<div class='gallery-icon landscape'>\n\t\t\t\t<a href='https:\/\/www.arquimaster.com.ar\/web\/wp-content\/uploads\/2015\/09\/casa_despacho4.jpg' title=\"Casa despacho \/ Juan Ignacio Castiello Arquitectos (\u00a9 Mito Covarrubias)\" data-rl_title=\"Casa despacho \/ Juan Ignacio Castiello Arquitectos (\u00a9 Mito Covarrubias)\" class=\"rl-gallery-link\" data-rl_caption=\"Casa despacho \/ Juan Ignacio Castiello Arquitectos (\u00a9 Mito Covarrubias)\" data-rel=\"lightbox-gallery-1\"><img loading=\"lazy\" decoding=\"async\" width=\"150\" height=\"150\" src=\"https:\/\/www.arquimaster.com.ar\/web\/wp-content\/uploads\/2015\/09\/casa_despacho4-150x150.jpg\" class=\"attachment-thumbnail size-thumbnail\" alt=\"\" aria-describedby=\"gallery-1-17546\" srcset=\"https:\/\/www.arquimaster.com.ar\/web\/wp-content\/uploads\/2015\/09\/casa_despacho4-150x150.jpg 150w, https:\/\/www.arquimaster.com.ar\/web\/wp-content\/uploads\/2015\/09\/casa_despacho4-50x50.jpg 50w, https:\/\/www.arquimaster.com.ar\/web\/wp-content\/uploads\/2015\/09\/casa_despacho4-125x125.jpg 125w\" sizes=\"auto, (max-width: 150px) 100vw, 150px\" \/><\/a>\n\t\t\t<\/div>\n\t\t\t\t<figcaption class='wp-caption-text gallery-caption' id='gallery-1-17546'>\n\t\t\t\tCasa despacho \/ Juan Ignacio Castiello Arquitectos (\u00a9 Mito Covarrubias)\n\t\t\t\t<\/figcaption><\/figure><figure class='gallery-item'>\n\t\t\t<div class='gallery-icon landscape'>\n\t\t\t\t<a href='https:\/\/www.arquimaster.com.ar\/web\/wp-content\/uploads\/2015\/09\/casa_despacho5.jpg' title=\"Casa despacho \/ Juan Ignacio Castiello Arquitectos (\u00a9 Mito Covarrubias)\" data-rl_title=\"Casa despacho \/ Juan Ignacio Castiello Arquitectos (\u00a9 Mito Covarrubias)\" class=\"rl-gallery-link\" data-rl_caption=\"Casa despacho \/ Juan Ignacio Castiello Arquitectos (\u00a9 Mito Covarrubias)\" data-rel=\"lightbox-gallery-1\"><img loading=\"lazy\" decoding=\"async\" width=\"150\" height=\"150\" src=\"https:\/\/www.arquimaster.com.ar\/web\/wp-content\/uploads\/2015\/09\/casa_despacho5-150x150.jpg\" class=\"attachment-thumbnail size-thumbnail\" alt=\"\" aria-describedby=\"gallery-1-17547\" srcset=\"https:\/\/www.arquimaster.com.ar\/web\/wp-content\/uploads\/2015\/09\/casa_despacho5-150x150.jpg 150w, https:\/\/www.arquimaster.com.ar\/web\/wp-content\/uploads\/2015\/09\/casa_despacho5-50x50.jpg 50w, https:\/\/www.arquimaster.com.ar\/web\/wp-content\/uploads\/2015\/09\/casa_despacho5-125x125.jpg 125w\" sizes=\"auto, (max-width: 150px) 100vw, 150px\" \/><\/a>\n\t\t\t<\/div>\n\t\t\t\t<figcaption class='wp-caption-text gallery-caption' id='gallery-1-17547'>\n\t\t\t\tCasa despacho \/ Juan Ignacio Castiello Arquitectos (\u00a9 Mito Covarrubias)\n\t\t\t\t<\/figcaption><\/figure><figure class='gallery-item'>\n\t\t\t<div class='gallery-icon landscape'>\n\t\t\t\t<a href='https:\/\/www.arquimaster.com.ar\/web\/wp-content\/uploads\/2015\/09\/casa_despacho6.jpg' title=\"Casa despacho \/ Juan Ignacio Castiello Arquitectos (\u00a9 Mito Covarrubias)\" data-rl_title=\"Casa despacho \/ Juan Ignacio Castiello Arquitectos (\u00a9 Mito Covarrubias)\" class=\"rl-gallery-link\" data-rl_caption=\"Casa despacho \/ Juan Ignacio Castiello Arquitectos (\u00a9 Mito Covarrubias)\" data-rel=\"lightbox-gallery-1\"><img loading=\"lazy\" decoding=\"async\" width=\"150\" height=\"150\" src=\"https:\/\/www.arquimaster.com.ar\/web\/wp-content\/uploads\/2015\/09\/casa_despacho6-150x150.jpg\" class=\"attachment-thumbnail size-thumbnail\" alt=\"\" aria-describedby=\"gallery-1-17548\" srcset=\"https:\/\/www.arquimaster.com.ar\/web\/wp-content\/uploads\/2015\/09\/casa_despacho6-150x150.jpg 150w, https:\/\/www.arquimaster.com.ar\/web\/wp-content\/uploads\/2015\/09\/casa_despacho6-50x50.jpg 50w, https:\/\/www.arquimaster.com.ar\/web\/wp-content\/uploads\/2015\/09\/casa_despacho6-125x125.jpg 125w\" sizes=\"auto, (max-width: 150px) 100vw, 150px\" \/><\/a>\n\t\t\t<\/div>\n\t\t\t\t<figcaption class='wp-caption-text gallery-caption' id='gallery-1-17548'>\n\t\t\t\tCasa despacho \/ Juan Ignacio Castiello Arquitectos (\u00a9 Mito Covarrubias)\n\t\t\t\t<\/figcaption><\/figure><figure class='gallery-item'>\n\t\t\t<div class='gallery-icon landscape'>\n\t\t\t\t<a href='https:\/\/www.arquimaster.com.ar\/web\/wp-content\/uploads\/2015\/09\/casa_despacho7.jpg' title=\"Casa despacho \/ Juan Ignacio Castiello Arquitectos (\u00a9 Mito Covarrubias)\" data-rl_title=\"Casa despacho \/ Juan Ignacio Castiello Arquitectos (\u00a9 Mito Covarrubias)\" class=\"rl-gallery-link\" data-rl_caption=\"Casa despacho \/ Juan Ignacio Castiello Arquitectos (\u00a9 Mito Covarrubias)\" data-rel=\"lightbox-gallery-1\"><img loading=\"lazy\" decoding=\"async\" width=\"150\" height=\"150\" src=\"https:\/\/www.arquimaster.com.ar\/web\/wp-content\/uploads\/2015\/09\/casa_despacho7-150x150.jpg\" class=\"attachment-thumbnail size-thumbnail\" alt=\"\" aria-describedby=\"gallery-1-17549\" srcset=\"https:\/\/www.arquimaster.com.ar\/web\/wp-content\/uploads\/2015\/09\/casa_despacho7-150x150.jpg 150w, https:\/\/www.arquimaster.com.ar\/web\/wp-content\/uploads\/2015\/09\/casa_despacho7-50x50.jpg 50w, https:\/\/www.arquimaster.com.ar\/web\/wp-content\/uploads\/2015\/09\/casa_despacho7-125x125.jpg 125w\" sizes=\"auto, (max-width: 150px) 100vw, 150px\" \/><\/a>\n\t\t\t<\/div>\n\t\t\t\t<figcaption class='wp-caption-text gallery-caption' id='gallery-1-17549'>\n\t\t\t\tCasa despacho \/ Juan Ignacio Castiello Arquitectos (\u00a9 Mito Covarrubias)\n\t\t\t\t<\/figcaption><\/figure><figure class='gallery-item'>\n\t\t\t<div class='gallery-icon landscape'>\n\t\t\t\t<a href='https:\/\/www.arquimaster.com.ar\/web\/wp-content\/uploads\/2015\/09\/casa_despacho8.jpg' title=\"Casa despacho \/ Juan Ignacio Castiello Arquitectos (\u00a9 Mito Covarrubias)\" data-rl_title=\"Casa despacho \/ Juan Ignacio Castiello Arquitectos (\u00a9 Mito Covarrubias)\" class=\"rl-gallery-link\" data-rl_caption=\"Casa despacho \/ Juan Ignacio Castiello Arquitectos (\u00a9 Mito Covarrubias)\" data-rel=\"lightbox-gallery-1\"><img loading=\"lazy\" decoding=\"async\" width=\"150\" height=\"150\" src=\"https:\/\/www.arquimaster.com.ar\/web\/wp-content\/uploads\/2015\/09\/casa_despacho8-150x150.jpg\" class=\"attachment-thumbnail size-thumbnail\" alt=\"\" aria-describedby=\"gallery-1-17550\" srcset=\"https:\/\/www.arquimaster.com.ar\/web\/wp-content\/uploads\/2015\/09\/casa_despacho8-150x150.jpg 150w, https:\/\/www.arquimaster.com.ar\/web\/wp-content\/uploads\/2015\/09\/casa_despacho8-50x50.jpg 50w, https:\/\/www.arquimaster.com.ar\/web\/wp-content\/uploads\/2015\/09\/casa_despacho8-125x125.jpg 125w\" sizes=\"auto, (max-width: 150px) 100vw, 150px\" \/><\/a>\n\t\t\t<\/div>\n\t\t\t\t<figcaption class='wp-caption-text gallery-caption' id='gallery-1-17550'>\n\t\t\t\tCasa despacho \/ Juan Ignacio Castiello Arquitectos (\u00a9 Mito Covarrubias)\n\t\t\t\t<\/figcaption><\/figure><figure class='gallery-item'>\n\t\t\t<div class='gallery-icon landscape'>\n\t\t\t\t<a href='https:\/\/www.arquimaster.com.ar\/web\/wp-content\/uploads\/2015\/09\/casa_despacho9.jpg' title=\"Casa despacho \/ Juan Ignacio Castiello Arquitectos (\u00a9 Mito Covarrubias)\" data-rl_title=\"Casa despacho \/ Juan Ignacio Castiello Arquitectos (\u00a9 Mito Covarrubias)\" class=\"rl-gallery-link\" data-rl_caption=\"Casa despacho \/ Juan Ignacio Castiello Arquitectos (\u00a9 Mito Covarrubias)\" data-rel=\"lightbox-gallery-1\"><img loading=\"lazy\" decoding=\"async\" width=\"150\" height=\"150\" src=\"https:\/\/www.arquimaster.com.ar\/web\/wp-content\/uploads\/2015\/09\/casa_despacho9-150x150.jpg\" class=\"attachment-thumbnail size-thumbnail\" alt=\"\" aria-describedby=\"gallery-1-17551\" srcset=\"https:\/\/www.arquimaster.com.ar\/web\/wp-content\/uploads\/2015\/09\/casa_despacho9-150x150.jpg 150w, https:\/\/www.arquimaster.com.ar\/web\/wp-content\/uploads\/2015\/09\/casa_despacho9-50x50.jpg 50w, https:\/\/www.arquimaster.com.ar\/web\/wp-content\/uploads\/2015\/09\/casa_despacho9-125x125.jpg 125w\" sizes=\"auto, (max-width: 150px) 100vw, 150px\" \/><\/a>\n\t\t\t<\/div>\n\t\t\t\t<figcaption class='wp-caption-text gallery-caption' id='gallery-1-17551'>\n\t\t\t\tCasa despacho \/ Juan Ignacio Castiello Arquitectos (\u00a9 Mito Covarrubias)\n\t\t\t\t<\/figcaption><\/figure><figure class='gallery-item'>\n\t\t\t<div class='gallery-icon portrait'>\n\t\t\t\t<a href='https:\/\/www.arquimaster.com.ar\/web\/wp-content\/uploads\/2015\/09\/casa_despacho10.jpg' title=\"Casa despacho \/ Juan Ignacio Castiello Arquitectos (\u00a9 Mito Covarrubias)\" data-rl_title=\"Casa despacho \/ Juan Ignacio Castiello Arquitectos (\u00a9 Mito Covarrubias)\" class=\"rl-gallery-link\" data-rl_caption=\"Casa despacho \/ Juan Ignacio Castiello Arquitectos (\u00a9 Mito Covarrubias)\" data-rel=\"lightbox-gallery-1\"><img loading=\"lazy\" decoding=\"async\" width=\"150\" height=\"150\" src=\"https:\/\/www.arquimaster.com.ar\/web\/wp-content\/uploads\/2015\/09\/casa_despacho10-150x150.jpg\" class=\"attachment-thumbnail size-thumbnail\" alt=\"\" aria-describedby=\"gallery-1-17552\" srcset=\"https:\/\/www.arquimaster.com.ar\/web\/wp-content\/uploads\/2015\/09\/casa_despacho10-150x150.jpg 150w, https:\/\/www.arquimaster.com.ar\/web\/wp-content\/uploads\/2015\/09\/casa_despacho10-50x50.jpg 50w, https:\/\/www.arquimaster.com.ar\/web\/wp-content\/uploads\/2015\/09\/casa_despacho10-125x125.jpg 125w\" sizes=\"auto, (max-width: 150px) 100vw, 150px\" \/><\/a>\n\t\t\t<\/div>\n\t\t\t\t<figcaption class='wp-caption-text gallery-caption' id='gallery-1-17552'>\n\t\t\t\tCasa despacho \/ Juan Ignacio Castiello Arquitectos (\u00a9 Mito Covarrubias)\n\t\t\t\t<\/figcaption><\/figure><figure class='gallery-item'>\n\t\t\t<div class='gallery-icon landscape'>\n\t\t\t\t<a href='https:\/\/www.arquimaster.com.ar\/web\/wp-content\/uploads\/2015\/09\/casa_despacho11.jpg' title=\"Casa despacho \/ Juan Ignacio Castiello Arquitectos (\u00a9 Mito Covarrubias)\" data-rl_title=\"Casa despacho \/ Juan Ignacio Castiello Arquitectos (\u00a9 Mito Covarrubias)\" class=\"rl-gallery-link\" data-rl_caption=\"Casa despacho \/ Juan Ignacio Castiello Arquitectos (\u00a9 Mito Covarrubias)\" data-rel=\"lightbox-gallery-1\"><img loading=\"lazy\" decoding=\"async\" width=\"150\" height=\"150\" src=\"https:\/\/www.arquimaster.com.ar\/web\/wp-content\/uploads\/2015\/09\/casa_despacho11-150x150.jpg\" class=\"attachment-thumbnail size-thumbnail\" alt=\"\" aria-describedby=\"gallery-1-17553\" srcset=\"https:\/\/www.arquimaster.com.ar\/web\/wp-content\/uploads\/2015\/09\/casa_despacho11-150x150.jpg 150w, https:\/\/www.arquimaster.com.ar\/web\/wp-content\/uploads\/2015\/09\/casa_despacho11-50x50.jpg 50w, https:\/\/www.arquimaster.com.ar\/web\/wp-content\/uploads\/2015\/09\/casa_despacho11-125x125.jpg 125w\" sizes=\"auto, (max-width: 150px) 100vw, 150px\" \/><\/a>\n\t\t\t<\/div>\n\t\t\t\t<figcaption class='wp-caption-text gallery-caption' id='gallery-1-17553'>\n\t\t\t\tCasa despacho \/ Juan Ignacio Castiello Arquitectos (\u00a9 Mito Covarrubias)\n\t\t\t\t<\/figcaption><\/figure><figure class='gallery-item'>\n\t\t\t<div class='gallery-icon landscape'>\n\t\t\t\t<a href='https:\/\/www.arquimaster.com.ar\/web\/wp-content\/uploads\/2015\/09\/casa_despacho12.jpg' title=\"Casa despacho \/ Juan Ignacio Castiello Arquitectos (\u00a9 Mito Covarrubias)\" data-rl_title=\"Casa despacho \/ Juan Ignacio Castiello Arquitectos (\u00a9 Mito Covarrubias)\" class=\"rl-gallery-link\" data-rl_caption=\"Casa despacho \/ Juan Ignacio Castiello Arquitectos (\u00a9 Mito Covarrubias)\" data-rel=\"lightbox-gallery-1\"><img loading=\"lazy\" decoding=\"async\" width=\"150\" height=\"150\" src=\"https:\/\/www.arquimaster.com.ar\/web\/wp-content\/uploads\/2015\/09\/casa_despacho12-150x150.jpg\" class=\"attachment-thumbnail size-thumbnail\" alt=\"\" aria-describedby=\"gallery-1-17554\" srcset=\"https:\/\/www.arquimaster.com.ar\/web\/wp-content\/uploads\/2015\/09\/casa_despacho12-150x150.jpg 150w, https:\/\/www.arquimaster.com.ar\/web\/wp-content\/uploads\/2015\/09\/casa_despacho12-50x50.jpg 50w, https:\/\/www.arquimaster.com.ar\/web\/wp-content\/uploads\/2015\/09\/casa_despacho12-125x125.jpg 125w\" sizes=\"auto, (max-width: 150px) 100vw, 150px\" \/><\/a>\n\t\t\t<\/div>\n\t\t\t\t<figcaption class='wp-caption-text gallery-caption' id='gallery-1-17554'>\n\t\t\t\tCasa despacho \/ Juan Ignacio Castiello Arquitectos (\u00a9 Mito Covarrubias)\n\t\t\t\t<\/figcaption><\/figure><figure class='gallery-item'>\n\t\t\t<div class='gallery-icon portrait'>\n\t\t\t\t<a href='https:\/\/www.arquimaster.com.ar\/web\/wp-content\/uploads\/2015\/09\/casa_despacho13.jpg' title=\"Casa despacho \/ Juan Ignacio Castiello Arquitectos (\u00a9 Mito Covarrubias)\" data-rl_title=\"Casa despacho \/ Juan Ignacio Castiello Arquitectos (\u00a9 Mito Covarrubias)\" class=\"rl-gallery-link\" data-rl_caption=\"Casa despacho \/ Juan Ignacio Castiello Arquitectos (\u00a9 Mito Covarrubias)\" data-rel=\"lightbox-gallery-1\"><img loading=\"lazy\" decoding=\"async\" width=\"150\" height=\"150\" src=\"https:\/\/www.arquimaster.com.ar\/web\/wp-content\/uploads\/2015\/09\/casa_despacho13-150x150.jpg\" class=\"attachment-thumbnail size-thumbnail\" alt=\"\" aria-describedby=\"gallery-1-17555\" srcset=\"https:\/\/www.arquimaster.com.ar\/web\/wp-content\/uploads\/2015\/09\/casa_despacho13-150x150.jpg 150w, https:\/\/www.arquimaster.com.ar\/web\/wp-content\/uploads\/2015\/09\/casa_despacho13-50x50.jpg 50w, https:\/\/www.arquimaster.com.ar\/web\/wp-content\/uploads\/2015\/09\/casa_despacho13-125x125.jpg 125w\" sizes=\"auto, (max-width: 150px) 100vw, 150px\" \/><\/a>\n\t\t\t<\/div>\n\t\t\t\t<figcaption class='wp-caption-text gallery-caption' id='gallery-1-17555'>\n\t\t\t\tCasa despacho \/ Juan Ignacio Castiello Arquitectos (\u00a9 Mito Covarrubias)\n\t\t\t\t<\/figcaption><\/figure><figure class='gallery-item'>\n\t\t\t<div class='gallery-icon portrait'>\n\t\t\t\t<a href='https:\/\/www.arquimaster.com.ar\/web\/wp-content\/uploads\/2015\/09\/casa_despacho14.jpg' title=\"Casa despacho \/ Juan Ignacio Castiello Arquitectos (\u00a9 Mito Covarrubias)\" data-rl_title=\"Casa despacho \/ Juan Ignacio Castiello Arquitectos (\u00a9 Mito Covarrubias)\" class=\"rl-gallery-link\" data-rl_caption=\"Casa despacho \/ Juan Ignacio Castiello Arquitectos (\u00a9 Mito Covarrubias)\" data-rel=\"lightbox-gallery-1\"><img loading=\"lazy\" decoding=\"async\" width=\"150\" height=\"150\" src=\"https:\/\/www.arquimaster.com.ar\/web\/wp-content\/uploads\/2015\/09\/casa_despacho14-150x150.jpg\" class=\"attachment-thumbnail size-thumbnail\" alt=\"\" aria-describedby=\"gallery-1-17556\" srcset=\"https:\/\/www.arquimaster.com.ar\/web\/wp-content\/uploads\/2015\/09\/casa_despacho14-150x150.jpg 150w, https:\/\/www.arquimaster.com.ar\/web\/wp-content\/uploads\/2015\/09\/casa_despacho14-50x50.jpg 50w, https:\/\/www.arquimaster.com.ar\/web\/wp-content\/uploads\/2015\/09\/casa_despacho14-125x125.jpg 125w\" sizes=\"auto, (max-width: 150px) 100vw, 150px\" \/><\/a>\n\t\t\t<\/div>\n\t\t\t\t<figcaption class='wp-caption-text gallery-caption' id='gallery-1-17556'>\n\t\t\t\tCasa despacho \/ Juan Ignacio Castiello Arquitectos (\u00a9 Mito Covarrubias)\n\t\t\t\t<\/figcaption><\/figure><figure class='gallery-item'>\n\t\t\t<div class='gallery-icon portrait'>\n\t\t\t\t<a href='https:\/\/www.arquimaster.com.ar\/web\/wp-content\/uploads\/2015\/09\/casa_despacho15.jpg' title=\"Casa despacho \/ Juan Ignacio Castiello Arquitectos (\u00a9 Mito Covarrubias)\" data-rl_title=\"Casa despacho \/ Juan Ignacio Castiello Arquitectos (\u00a9 Mito Covarrubias)\" class=\"rl-gallery-link\" data-rl_caption=\"Casa despacho \/ Juan Ignacio Castiello Arquitectos (\u00a9 Mito Covarrubias)\" data-rel=\"lightbox-gallery-1\"><img loading=\"lazy\" decoding=\"async\" width=\"150\" height=\"150\" src=\"https:\/\/www.arquimaster.com.ar\/web\/wp-content\/uploads\/2015\/09\/casa_despacho15-150x150.jpg\" class=\"attachment-thumbnail size-thumbnail\" alt=\"\" aria-describedby=\"gallery-1-17557\" srcset=\"https:\/\/www.arquimaster.com.ar\/web\/wp-content\/uploads\/2015\/09\/casa_despacho15-150x150.jpg 150w, https:\/\/www.arquimaster.com.ar\/web\/wp-content\/uploads\/2015\/09\/casa_despacho15-50x50.jpg 50w, https:\/\/www.arquimaster.com.ar\/web\/wp-content\/uploads\/2015\/09\/casa_despacho15-125x125.jpg 125w\" sizes=\"auto, (max-width: 150px) 100vw, 150px\" \/><\/a>\n\t\t\t<\/div>\n\t\t\t\t<figcaption class='wp-caption-text gallery-caption' id='gallery-1-17557'>\n\t\t\t\tCasa despacho \/ Juan Ignacio Castiello Arquitectos (\u00a9 Mito Covarrubias)\n\t\t\t\t<\/figcaption><\/figure><figure class='gallery-item'>\n\t\t\t<div class='gallery-icon portrait'>\n\t\t\t\t<a href='https:\/\/www.arquimaster.com.ar\/web\/wp-content\/uploads\/2015\/09\/casa_despacho16.jpg' title=\"Casa despacho \/ Juan Ignacio Castiello Arquitectos (\u00a9 Mito Covarrubias)\" data-rl_title=\"Casa despacho \/ Juan Ignacio Castiello Arquitectos (\u00a9 Mito Covarrubias)\" class=\"rl-gallery-link\" data-rl_caption=\"Casa despacho \/ Juan Ignacio Castiello Arquitectos (\u00a9 Mito Covarrubias)\" data-rel=\"lightbox-gallery-1\"><img loading=\"lazy\" decoding=\"async\" width=\"150\" height=\"150\" src=\"https:\/\/www.arquimaster.com.ar\/web\/wp-content\/uploads\/2015\/09\/casa_despacho16-150x150.jpg\" class=\"attachment-thumbnail size-thumbnail\" alt=\"\" aria-describedby=\"gallery-1-17558\" srcset=\"https:\/\/www.arquimaster.com.ar\/web\/wp-content\/uploads\/2015\/09\/casa_despacho16-150x150.jpg 150w, https:\/\/www.arquimaster.com.ar\/web\/wp-content\/uploads\/2015\/09\/casa_despacho16-50x50.jpg 50w, https:\/\/www.arquimaster.com.ar\/web\/wp-content\/uploads\/2015\/09\/casa_despacho16-125x125.jpg 125w\" sizes=\"auto, (max-width: 150px) 100vw, 150px\" \/><\/a>\n\t\t\t<\/div>\n\t\t\t\t<figcaption class='wp-caption-text gallery-caption' id='gallery-1-17558'>\n\t\t\t\tCasa despacho \/ Juan Ignacio Castiello Arquitectos (\u00a9 Mito Covarrubias)\n\t\t\t\t<\/figcaption><\/figure><figure class='gallery-item'>\n\t\t\t<div class='gallery-icon landscape'>\n\t\t\t\t<a href='https:\/\/www.arquimaster.com.ar\/web\/wp-content\/uploads\/2015\/09\/casa_despacho17.jpg' title=\"Casa despacho \/ Juan Ignacio Castiello Arquitectos (\u00a9 Mito Covarrubias)\" data-rl_title=\"Casa despacho \/ Juan Ignacio Castiello Arquitectos (\u00a9 Mito Covarrubias)\" class=\"rl-gallery-link\" data-rl_caption=\"Casa despacho \/ Juan Ignacio Castiello Arquitectos (\u00a9 Mito Covarrubias)\" data-rel=\"lightbox-gallery-1\"><img loading=\"lazy\" decoding=\"async\" width=\"150\" height=\"150\" src=\"https:\/\/www.arquimaster.com.ar\/web\/wp-content\/uploads\/2015\/09\/casa_despacho17-150x150.jpg\" class=\"attachment-thumbnail size-thumbnail\" alt=\"\" aria-describedby=\"gallery-1-17559\" srcset=\"https:\/\/www.arquimaster.com.ar\/web\/wp-content\/uploads\/2015\/09\/casa_despacho17-150x150.jpg 150w, https:\/\/www.arquimaster.com.ar\/web\/wp-content\/uploads\/2015\/09\/casa_despacho17-50x50.jpg 50w, https:\/\/www.arquimaster.com.ar\/web\/wp-content\/uploads\/2015\/09\/casa_despacho17-125x125.jpg 125w\" sizes=\"auto, (max-width: 150px) 100vw, 150px\" \/><\/a>\n\t\t\t<\/div>\n\t\t\t\t<figcaption class='wp-caption-text gallery-caption' id='gallery-1-17559'>\n\t\t\t\tCasa despacho \/ Juan Ignacio Castiello Arquitectos (\u00a9 Mito Covarrubias)\n\t\t\t\t<\/figcaption><\/figure><figure class='gallery-item'>\n\t\t\t<div class='gallery-icon portrait'>\n\t\t\t\t<a href='https:\/\/www.arquimaster.com.ar\/web\/wp-content\/uploads\/2015\/09\/casa_despacho18.jpg' title=\"Casa despacho \/ Juan Ignacio Castiello Arquitectos (\u00a9 Mito Covarrubias)\" data-rl_title=\"Casa despacho \/ Juan Ignacio Castiello Arquitectos (\u00a9 Mito Covarrubias)\" class=\"rl-gallery-link\" data-rl_caption=\"Casa despacho \/ Juan Ignacio Castiello Arquitectos (\u00a9 Mito Covarrubias)\" data-rel=\"lightbox-gallery-1\"><img loading=\"lazy\" decoding=\"async\" width=\"150\" height=\"150\" src=\"https:\/\/www.arquimaster.com.ar\/web\/wp-content\/uploads\/2015\/09\/casa_despacho18-150x150.jpg\" class=\"attachment-thumbnail size-thumbnail\" alt=\"\" aria-describedby=\"gallery-1-17560\" srcset=\"https:\/\/www.arquimaster.com.ar\/web\/wp-content\/uploads\/2015\/09\/casa_despacho18-150x150.jpg 150w, https:\/\/www.arquimaster.com.ar\/web\/wp-content\/uploads\/2015\/09\/casa_despacho18-50x50.jpg 50w, https:\/\/www.arquimaster.com.ar\/web\/wp-content\/uploads\/2015\/09\/casa_despacho18-125x125.jpg 125w\" sizes=\"auto, (max-width: 150px) 100vw, 150px\" \/><\/a>\n\t\t\t<\/div>\n\t\t\t\t<figcaption class='wp-caption-text gallery-caption' id='gallery-1-17560'>\n\t\t\t\tCasa despacho \/ Juan Ignacio Castiello Arquitectos (\u00a9 Mito Covarrubias)\n\t\t\t\t<\/figcaption><\/figure><figure class='gallery-item'>\n\t\t\t<div class='gallery-icon landscape'>\n\t\t\t\t<a href='https:\/\/www.arquimaster.com.ar\/web\/wp-content\/uploads\/2015\/09\/casa_despacho19.jpg' title=\"Casa despacho \/ Juan Ignacio Castiello Arquitectos (\u00a9 Mito Covarrubias)\" data-rl_title=\"Casa despacho \/ Juan Ignacio Castiello Arquitectos (\u00a9 Mito Covarrubias)\" class=\"rl-gallery-link\" data-rl_caption=\"Casa despacho \/ Juan Ignacio Castiello Arquitectos (\u00a9 Mito Covarrubias)\" data-rel=\"lightbox-gallery-1\"><img loading=\"lazy\" decoding=\"async\" width=\"150\" height=\"150\" src=\"https:\/\/www.arquimaster.com.ar\/web\/wp-content\/uploads\/2015\/09\/casa_despacho19-150x150.jpg\" class=\"attachment-thumbnail size-thumbnail\" alt=\"\" aria-describedby=\"gallery-1-17561\" srcset=\"https:\/\/www.arquimaster.com.ar\/web\/wp-content\/uploads\/2015\/09\/casa_despacho19-150x150.jpg 150w, https:\/\/www.arquimaster.com.ar\/web\/wp-content\/uploads\/2015\/09\/casa_despacho19-50x50.jpg 50w, https:\/\/www.arquimaster.com.ar\/web\/wp-content\/uploads\/2015\/09\/casa_despacho19-125x125.jpg 125w\" sizes=\"auto, (max-width: 150px) 100vw, 150px\" \/><\/a>\n\t\t\t<\/div>\n\t\t\t\t<figcaption class='wp-caption-text gallery-caption' id='gallery-1-17561'>\n\t\t\t\tCasa despacho \/ Juan Ignacio Castiello Arquitectos (\u00a9 Mito Covarrubias)\n\t\t\t\t<\/figcaption><\/figure><figure class='gallery-item'>\n\t\t\t<div class='gallery-icon landscape'>\n\t\t\t\t<a href='https:\/\/www.arquimaster.com.ar\/web\/wp-content\/uploads\/2015\/09\/casa_despacho20.jpg' title=\"Casa despacho \/ Juan Ignacio Castiello Arquitectos (\u00a9 Mito Covarrubias)\" data-rl_title=\"Casa despacho \/ Juan Ignacio Castiello Arquitectos (\u00a9 Mito Covarrubias)\" class=\"rl-gallery-link\" data-rl_caption=\"Casa despacho \/ Juan Ignacio Castiello Arquitectos (\u00a9 Mito Covarrubias)\" data-rel=\"lightbox-gallery-1\"><img loading=\"lazy\" decoding=\"async\" width=\"150\" height=\"150\" src=\"https:\/\/www.arquimaster.com.ar\/web\/wp-content\/uploads\/2015\/09\/casa_despacho20-150x150.jpg\" class=\"attachment-thumbnail size-thumbnail\" alt=\"\" aria-describedby=\"gallery-1-17562\" srcset=\"https:\/\/www.arquimaster.com.ar\/web\/wp-content\/uploads\/2015\/09\/casa_despacho20-150x150.jpg 150w, https:\/\/www.arquimaster.com.ar\/web\/wp-content\/uploads\/2015\/09\/casa_despacho20-50x50.jpg 50w, https:\/\/www.arquimaster.com.ar\/web\/wp-content\/uploads\/2015\/09\/casa_despacho20-125x125.jpg 125w\" sizes=\"auto, (max-width: 150px) 100vw, 150px\" \/><\/a>\n\t\t\t<\/div>\n\t\t\t\t<figcaption class='wp-caption-text gallery-caption' id='gallery-1-17562'>\n\t\t\t\tCasa despacho \/ Juan Ignacio Castiello Arquitectos (\u00a9 Mito Covarrubias)\n\t\t\t\t<\/figcaption><\/figure><figure class='gallery-item'>\n\t\t\t<div class='gallery-icon landscape'>\n\t\t\t\t<a href='https:\/\/www.arquimaster.com.ar\/web\/wp-content\/uploads\/2015\/09\/casa_despacho21.jpg' title=\"Casa despacho \/ Juan Ignacio Castiello Arquitectos (\u00a9 Mito Covarrubias)\" data-rl_title=\"Casa despacho \/ Juan Ignacio Castiello Arquitectos (\u00a9 Mito Covarrubias)\" class=\"rl-gallery-link\" data-rl_caption=\"Casa despacho \/ Juan Ignacio Castiello Arquitectos (\u00a9 Mito Covarrubias)\" data-rel=\"lightbox-gallery-1\"><img loading=\"lazy\" decoding=\"async\" width=\"150\" height=\"150\" src=\"https:\/\/www.arquimaster.com.ar\/web\/wp-content\/uploads\/2015\/09\/casa_despacho21-150x150.jpg\" class=\"attachment-thumbnail size-thumbnail\" alt=\"\" aria-describedby=\"gallery-1-17563\" srcset=\"https:\/\/www.arquimaster.com.ar\/web\/wp-content\/uploads\/2015\/09\/casa_despacho21-150x150.jpg 150w, https:\/\/www.arquimaster.com.ar\/web\/wp-content\/uploads\/2015\/09\/casa_despacho21-50x50.jpg 50w, https:\/\/www.arquimaster.com.ar\/web\/wp-content\/uploads\/2015\/09\/casa_despacho21-125x125.jpg 125w\" sizes=\"auto, (max-width: 150px) 100vw, 150px\" \/><\/a>\n\t\t\t<\/div>\n\t\t\t\t<figcaption class='wp-caption-text gallery-caption' id='gallery-1-17563'>\n\t\t\t\tCasa despacho \/ Juan Ignacio Castiello Arquitectos (\u00a9 Mito Covarrubias)\n\t\t\t\t<\/figcaption><\/figure><figure class='gallery-item'>\n\t\t\t<div class='gallery-icon portrait'>\n\t\t\t\t<a href='https:\/\/www.arquimaster.com.ar\/web\/wp-content\/uploads\/2015\/09\/casa_despacho22.jpg' title=\"Casa despacho \/ Juan Ignacio Castiello Arquitectos (\u00a9 Mito Covarrubias)\" data-rl_title=\"Casa despacho \/ Juan Ignacio Castiello Arquitectos (\u00a9 Mito Covarrubias)\" class=\"rl-gallery-link\" data-rl_caption=\"Casa despacho \/ Juan Ignacio Castiello Arquitectos (\u00a9 Mito Covarrubias)\" data-rel=\"lightbox-gallery-1\"><img loading=\"lazy\" decoding=\"async\" width=\"150\" height=\"150\" src=\"https:\/\/www.arquimaster.com.ar\/web\/wp-content\/uploads\/2015\/09\/casa_despacho22-150x150.jpg\" class=\"attachment-thumbnail size-thumbnail\" alt=\"\" aria-describedby=\"gallery-1-17564\" srcset=\"https:\/\/www.arquimaster.com.ar\/web\/wp-content\/uploads\/2015\/09\/casa_despacho22-150x150.jpg 150w, https:\/\/www.arquimaster.com.ar\/web\/wp-content\/uploads\/2015\/09\/casa_despacho22-50x50.jpg 50w, https:\/\/www.arquimaster.com.ar\/web\/wp-content\/uploads\/2015\/09\/casa_despacho22-125x125.jpg 125w\" sizes=\"auto, (max-width: 150px) 100vw, 150px\" \/><\/a>\n\t\t\t<\/div>\n\t\t\t\t<figcaption class='wp-caption-text gallery-caption' id='gallery-1-17564'>\n\t\t\t\tCasa despacho \/ Juan Ignacio Castiello Arquitectos (\u00a9 Mito Covarrubias)\n\t\t\t\t<\/figcaption><\/figure><figure class='gallery-item'>\n\t\t\t<div class='gallery-icon landscape'>\n\t\t\t\t<a href='https:\/\/www.arquimaster.com.ar\/web\/wp-content\/uploads\/2015\/09\/casa_despacho23.jpg' title=\"Casa despacho \/ Juan Ignacio Castiello Arquitectos (\u00a9 Mito Covarrubias)\" data-rl_title=\"Casa despacho \/ Juan Ignacio Castiello Arquitectos (\u00a9 Mito Covarrubias)\" class=\"rl-gallery-link\" data-rl_caption=\"Casa despacho \/ Juan Ignacio Castiello Arquitectos (\u00a9 Mito Covarrubias)\" data-rel=\"lightbox-gallery-1\"><img loading=\"lazy\" decoding=\"async\" width=\"150\" height=\"150\" src=\"https:\/\/www.arquimaster.com.ar\/web\/wp-content\/uploads\/2015\/09\/casa_despacho23-150x150.jpg\" class=\"attachment-thumbnail size-thumbnail\" alt=\"\" aria-describedby=\"gallery-1-17565\" srcset=\"https:\/\/www.arquimaster.com.ar\/web\/wp-content\/uploads\/2015\/09\/casa_despacho23-150x150.jpg 150w, https:\/\/www.arquimaster.com.ar\/web\/wp-content\/uploads\/2015\/09\/casa_despacho23-50x50.jpg 50w, https:\/\/www.arquimaster.com.ar\/web\/wp-content\/uploads\/2015\/09\/casa_despacho23-125x125.jpg 125w\" sizes=\"auto, (max-width: 150px) 100vw, 150px\" \/><\/a>\n\t\t\t<\/div>\n\t\t\t\t<figcaption class='wp-caption-text gallery-caption' id='gallery-1-17565'>\n\t\t\t\tCasa despacho \/ Juan Ignacio Castiello Arquitectos (\u00a9 Mito Covarrubias)\n\t\t\t\t<\/figcaption><\/figure><figure class='gallery-item'>\n\t\t\t<div class='gallery-icon landscape'>\n\t\t\t\t<a href='https:\/\/www.arquimaster.com.ar\/web\/wp-content\/uploads\/2015\/09\/casa_despacho24.jpg' title=\"Casa despacho \/ Juan Ignacio Castiello Arquitectos (\u00a9 Mito Covarrubias)\" data-rl_title=\"Casa despacho \/ Juan Ignacio Castiello Arquitectos (\u00a9 Mito Covarrubias)\" class=\"rl-gallery-link\" data-rl_caption=\"Casa despacho \/ Juan Ignacio Castiello Arquitectos (\u00a9 Mito Covarrubias)\" data-rel=\"lightbox-gallery-1\"><img loading=\"lazy\" decoding=\"async\" width=\"150\" height=\"150\" src=\"https:\/\/www.arquimaster.com.ar\/web\/wp-content\/uploads\/2015\/09\/casa_despacho24-150x150.jpg\" class=\"attachment-thumbnail size-thumbnail\" alt=\"\" aria-describedby=\"gallery-1-17566\" srcset=\"https:\/\/www.arquimaster.com.ar\/web\/wp-content\/uploads\/2015\/09\/casa_despacho24-150x150.jpg 150w, https:\/\/www.arquimaster.com.ar\/web\/wp-content\/uploads\/2015\/09\/casa_despacho24-50x50.jpg 50w, https:\/\/www.arquimaster.com.ar\/web\/wp-content\/uploads\/2015\/09\/casa_despacho24-125x125.jpg 125w\" sizes=\"auto, (max-width: 150px) 100vw, 150px\" \/><\/a>\n\t\t\t<\/div>\n\t\t\t\t<figcaption class='wp-caption-text gallery-caption' id='gallery-1-17566'>\n\t\t\t\tCasa despacho \/ Juan Ignacio Castiello Arquitectos (\u00a9 Mito Covarrubias)\n\t\t\t\t<\/figcaption><\/figure><figure class='gallery-item'>\n\t\t\t<div class='gallery-icon landscape'>\n\t\t\t\t<a href='https:\/\/www.arquimaster.com.ar\/web\/wp-content\/uploads\/2015\/09\/casa_despacho25.jpg' title=\"Casa despacho \/ Juan Ignacio Castiello Arquitectos (esquema)\" data-rl_title=\"Casa despacho \/ Juan Ignacio Castiello Arquitectos (esquema)\" class=\"rl-gallery-link\" data-rl_caption=\"Casa despacho \/ Juan Ignacio Castiello Arquitectos (esquema)\" data-rel=\"lightbox-gallery-1\"><img loading=\"lazy\" decoding=\"async\" width=\"150\" height=\"150\" src=\"https:\/\/www.arquimaster.com.ar\/web\/wp-content\/uploads\/2015\/09\/casa_despacho25-150x150.jpg\" class=\"attachment-thumbnail size-thumbnail\" alt=\"\" aria-describedby=\"gallery-1-17567\" srcset=\"https:\/\/www.arquimaster.com.ar\/web\/wp-content\/uploads\/2015\/09\/casa_despacho25-150x150.jpg 150w, https:\/\/www.arquimaster.com.ar\/web\/wp-content\/uploads\/2015\/09\/casa_despacho25-50x50.jpg 50w, https:\/\/www.arquimaster.com.ar\/web\/wp-content\/uploads\/2015\/09\/casa_despacho25-125x125.jpg 125w\" sizes=\"auto, (max-width: 150px) 100vw, 150px\" \/><\/a>\n\t\t\t<\/div>\n\t\t\t\t<figcaption class='wp-caption-text gallery-caption' id='gallery-1-17567'>\n\t\t\t\tCasa despacho \/ Juan Ignacio Castiello Arquitectos (esquema)\n\t\t\t\t<\/figcaption><\/figure><figure class='gallery-item'>\n\t\t\t<div class='gallery-icon portrait'>\n\t\t\t\t<a href='https:\/\/www.arquimaster.com.ar\/web\/wp-content\/uploads\/2015\/09\/casa_despacho26.jpg' title=\"Casa despacho \/ Juan Ignacio Castiello Arquitectos (planta subsuelo)\" data-rl_title=\"Casa despacho \/ Juan Ignacio Castiello Arquitectos (planta subsuelo)\" class=\"rl-gallery-link\" data-rl_caption=\"Casa despacho \/ Juan Ignacio Castiello Arquitectos (planta subsuelo)\" data-rel=\"lightbox-gallery-1\"><img loading=\"lazy\" decoding=\"async\" width=\"150\" height=\"150\" src=\"https:\/\/www.arquimaster.com.ar\/web\/wp-content\/uploads\/2015\/09\/casa_despacho26-150x150.jpg\" class=\"attachment-thumbnail size-thumbnail\" alt=\"\" aria-describedby=\"gallery-1-17568\" srcset=\"https:\/\/www.arquimaster.com.ar\/web\/wp-content\/uploads\/2015\/09\/casa_despacho26-150x150.jpg 150w, https:\/\/www.arquimaster.com.ar\/web\/wp-content\/uploads\/2015\/09\/casa_despacho26-50x50.jpg 50w, https:\/\/www.arquimaster.com.ar\/web\/wp-content\/uploads\/2015\/09\/casa_despacho26-125x125.jpg 125w\" sizes=\"auto, (max-width: 150px) 100vw, 150px\" \/><\/a>\n\t\t\t<\/div>\n\t\t\t\t<figcaption class='wp-caption-text gallery-caption' id='gallery-1-17568'>\n\t\t\t\tCasa despacho \/ Juan Ignacio Castiello Arquitectos (planta subsuelo)\n\t\t\t\t<\/figcaption><\/figure><figure class='gallery-item'>\n\t\t\t<div class='gallery-icon portrait'>\n\t\t\t\t<a href='https:\/\/www.arquimaster.com.ar\/web\/wp-content\/uploads\/2015\/09\/casa_despacho27.jpg' title=\"Casa despacho \/ Juan Ignacio Castiello Arquitectos (planta baja)\" data-rl_title=\"Casa despacho \/ Juan Ignacio Castiello Arquitectos (planta baja)\" class=\"rl-gallery-link\" data-rl_caption=\"Casa despacho \/ Juan Ignacio Castiello Arquitectos (planta baja)\" data-rel=\"lightbox-gallery-1\"><img loading=\"lazy\" decoding=\"async\" width=\"150\" height=\"150\" src=\"https:\/\/www.arquimaster.com.ar\/web\/wp-content\/uploads\/2015\/09\/casa_despacho27-150x150.jpg\" class=\"attachment-thumbnail size-thumbnail\" alt=\"\" aria-describedby=\"gallery-1-17569\" srcset=\"https:\/\/www.arquimaster.com.ar\/web\/wp-content\/uploads\/2015\/09\/casa_despacho27-150x150.jpg 150w, https:\/\/www.arquimaster.com.ar\/web\/wp-content\/uploads\/2015\/09\/casa_despacho27-50x50.jpg 50w, https:\/\/www.arquimaster.com.ar\/web\/wp-content\/uploads\/2015\/09\/casa_despacho27-125x125.jpg 125w\" sizes=\"auto, (max-width: 150px) 100vw, 150px\" \/><\/a>\n\t\t\t<\/div>\n\t\t\t\t<figcaption class='wp-caption-text gallery-caption' id='gallery-1-17569'>\n\t\t\t\tCasa despacho \/ Juan Ignacio Castiello Arquitectos (planta baja)\n\t\t\t\t<\/figcaption><\/figure><figure class='gallery-item'>\n\t\t\t<div class='gallery-icon portrait'>\n\t\t\t\t<a href='https:\/\/www.arquimaster.com.ar\/web\/wp-content\/uploads\/2015\/09\/casa_despacho28.jpg' title=\"Casa despacho \/ Juan Ignacio Castiello Arquitectos (planta piso primero)\" data-rl_title=\"Casa despacho \/ Juan Ignacio Castiello Arquitectos (planta piso primero)\" class=\"rl-gallery-link\" data-rl_caption=\"Casa despacho \/ Juan Ignacio Castiello Arquitectos (planta piso primero)\" data-rel=\"lightbox-gallery-1\"><img loading=\"lazy\" decoding=\"async\" width=\"150\" height=\"150\" src=\"https:\/\/www.arquimaster.com.ar\/web\/wp-content\/uploads\/2015\/09\/casa_despacho28-150x150.jpg\" class=\"attachment-thumbnail size-thumbnail\" alt=\"\" aria-describedby=\"gallery-1-17570\" srcset=\"https:\/\/www.arquimaster.com.ar\/web\/wp-content\/uploads\/2015\/09\/casa_despacho28-150x150.jpg 150w, https:\/\/www.arquimaster.com.ar\/web\/wp-content\/uploads\/2015\/09\/casa_despacho28-50x50.jpg 50w, https:\/\/www.arquimaster.com.ar\/web\/wp-content\/uploads\/2015\/09\/casa_despacho28-125x125.jpg 125w\" sizes=\"auto, (max-width: 150px) 100vw, 150px\" \/><\/a>\n\t\t\t<\/div>\n\t\t\t\t<figcaption class='wp-caption-text gallery-caption' id='gallery-1-17570'>\n\t\t\t\tCasa despacho \/ Juan Ignacio Castiello Arquitectos (planta piso primero)\n\t\t\t\t<\/figcaption><\/figure><figure class='gallery-item'>\n\t\t\t<div class='gallery-icon portrait'>\n\t\t\t\t<a href='https:\/\/www.arquimaster.com.ar\/web\/wp-content\/uploads\/2015\/09\/casa_despacho29.jpg' title=\"Casa despacho \/ Juan Ignacio Castiello Arquitectos (planta piso segundo)\" data-rl_title=\"Casa despacho \/ Juan Ignacio Castiello Arquitectos (planta piso segundo)\" class=\"rl-gallery-link\" data-rl_caption=\"Casa despacho \/ Juan Ignacio Castiello Arquitectos (planta piso segundo)\" data-rel=\"lightbox-gallery-1\"><img loading=\"lazy\" decoding=\"async\" width=\"150\" height=\"150\" src=\"https:\/\/www.arquimaster.com.ar\/web\/wp-content\/uploads\/2015\/09\/casa_despacho29-150x150.jpg\" class=\"attachment-thumbnail size-thumbnail\" alt=\"\" aria-describedby=\"gallery-1-17571\" srcset=\"https:\/\/www.arquimaster.com.ar\/web\/wp-content\/uploads\/2015\/09\/casa_despacho29-150x150.jpg 150w, https:\/\/www.arquimaster.com.ar\/web\/wp-content\/uploads\/2015\/09\/casa_despacho29-50x50.jpg 50w, https:\/\/www.arquimaster.com.ar\/web\/wp-content\/uploads\/2015\/09\/casa_despacho29-125x125.jpg 125w\" sizes=\"auto, (max-width: 150px) 100vw, 150px\" \/><\/a>\n\t\t\t<\/div>\n\t\t\t\t<figcaption class='wp-caption-text gallery-caption' id='gallery-1-17571'>\n\t\t\t\tCasa despacho \/ Juan Ignacio Castiello Arquitectos (planta piso segundo)\n\t\t\t\t<\/figcaption><\/figure><figure class='gallery-item'>\n\t\t\t<div class='gallery-icon landscape'>\n\t\t\t\t<a href='https:\/\/www.arquimaster.com.ar\/web\/wp-content\/uploads\/2015\/09\/casa_despacho30.jpg' title=\"Casa despacho \/ Juan Ignacio Castiello Arquitectos (corte)\" data-rl_title=\"Casa despacho \/ Juan Ignacio Castiello Arquitectos (corte)\" class=\"rl-gallery-link\" data-rl_caption=\"Casa despacho \/ Juan Ignacio Castiello Arquitectos (corte)\" data-rel=\"lightbox-gallery-1\"><img loading=\"lazy\" decoding=\"async\" width=\"150\" height=\"150\" src=\"https:\/\/www.arquimaster.com.ar\/web\/wp-content\/uploads\/2015\/09\/casa_despacho30-150x150.jpg\" class=\"attachment-thumbnail size-thumbnail\" alt=\"\" aria-describedby=\"gallery-1-17572\" srcset=\"https:\/\/www.arquimaster.com.ar\/web\/wp-content\/uploads\/2015\/09\/casa_despacho30-150x150.jpg 150w, https:\/\/www.arquimaster.com.ar\/web\/wp-content\/uploads\/2015\/09\/casa_despacho30-50x50.jpg 50w, https:\/\/www.arquimaster.com.ar\/web\/wp-content\/uploads\/2015\/09\/casa_despacho30-125x125.jpg 125w\" sizes=\"auto, (max-width: 150px) 100vw, 150px\" \/><\/a>\n\t\t\t<\/div>\n\t\t\t\t<figcaption class='wp-caption-text gallery-caption' id='gallery-1-17572'>\n\t\t\t\tCasa despacho \/ Juan Ignacio Castiello Arquitectos (corte)\n\t\t\t\t<\/figcaption><\/figure><figure class='gallery-item'>\n\t\t\t<div class='gallery-icon portrait'>\n\t\t\t\t<a href='https:\/\/www.arquimaster.com.ar\/web\/wp-content\/uploads\/2015\/09\/casa_despacho31.jpg' title=\"Casa despacho \/ Juan Ignacio Castiello Arquitectos (corte)\" data-rl_title=\"Casa despacho \/ Juan Ignacio Castiello Arquitectos (corte)\" class=\"rl-gallery-link\" data-rl_caption=\"Casa despacho \/ Juan Ignacio Castiello Arquitectos (corte)\" data-rel=\"lightbox-gallery-1\"><img loading=\"lazy\" decoding=\"async\" width=\"150\" height=\"150\" src=\"https:\/\/www.arquimaster.com.ar\/web\/wp-content\/uploads\/2015\/09\/casa_despacho31-150x150.jpg\" class=\"attachment-thumbnail size-thumbnail\" alt=\"\" aria-describedby=\"gallery-1-17573\" srcset=\"https:\/\/www.arquimaster.com.ar\/web\/wp-content\/uploads\/2015\/09\/casa_despacho31-150x150.jpg 150w, https:\/\/www.arquimaster.com.ar\/web\/wp-content\/uploads\/2015\/09\/casa_despacho31-50x50.jpg 50w, https:\/\/www.arquimaster.com.ar\/web\/wp-content\/uploads\/2015\/09\/casa_despacho31-125x125.jpg 125w\" sizes=\"auto, (max-width: 150px) 100vw, 150px\" \/><\/a>\n\t\t\t<\/div>\n\t\t\t\t<figcaption class='wp-caption-text gallery-caption' id='gallery-1-17573'>\n\t\t\t\tCasa despacho \/ Juan Ignacio Castiello Arquitectos (corte)\n\t\t\t\t<\/figcaption><\/figure><figure class='gallery-item'>\n\t\t\t<div class='gallery-icon portrait'>\n\t\t\t\t<a href='https:\/\/www.arquimaster.com.ar\/web\/wp-content\/uploads\/2015\/09\/casa_despacho32.jpg' title=\"Casa despacho \/ Juan Ignacio Castiello Arquitectos (vista frente)\" data-rl_title=\"Casa despacho \/ Juan Ignacio Castiello Arquitectos (vista frente)\" class=\"rl-gallery-link\" data-rl_caption=\"Casa despacho \/ Juan Ignacio Castiello Arquitectos (vista frente)\" data-rel=\"lightbox-gallery-1\"><img loading=\"lazy\" decoding=\"async\" width=\"150\" height=\"150\" src=\"https:\/\/www.arquimaster.com.ar\/web\/wp-content\/uploads\/2015\/09\/casa_despacho32-150x150.jpg\" class=\"attachment-thumbnail size-thumbnail\" alt=\"\" aria-describedby=\"gallery-1-17574\" srcset=\"https:\/\/www.arquimaster.com.ar\/web\/wp-content\/uploads\/2015\/09\/casa_despacho32-150x150.jpg 150w, https:\/\/www.arquimaster.com.ar\/web\/wp-content\/uploads\/2015\/09\/casa_despacho32-50x50.jpg 50w, https:\/\/www.arquimaster.com.ar\/web\/wp-content\/uploads\/2015\/09\/casa_despacho32-125x125.jpg 125w, https:\/\/www.arquimaster.com.ar\/web\/wp-content\/uploads\/2015\/09\/casa_despacho32.jpg 597w\" sizes=\"auto, (max-width: 150px) 100vw, 150px\" \/><\/a>\n\t\t\t<\/div>\n\t\t\t\t<figcaption class='wp-caption-text gallery-caption' id='gallery-1-17574'>\n\t\t\t\tCasa despacho \/ Juan Ignacio Castiello Arquitectos (vista frente)\n\t\t\t\t<\/figcaption><\/figure><figure class='gallery-item'>\n\t\t\t<div class='gallery-icon portrait'>\n\t\t\t\t<a href='https:\/\/www.arquimaster.com.ar\/web\/wp-content\/uploads\/2015\/09\/casa_despacho33.jpg' title=\"Casa despacho \/ Juan Ignacio Castiello Arquitectos (vista contrafrente)\" data-rl_title=\"Casa despacho \/ Juan Ignacio Castiello Arquitectos (vista contrafrente)\" class=\"rl-gallery-link\" data-rl_caption=\"Casa despacho \/ Juan Ignacio Castiello Arquitectos (vista contrafrente)\" data-rel=\"lightbox-gallery-1\"><img loading=\"lazy\" decoding=\"async\" width=\"150\" height=\"150\" src=\"https:\/\/www.arquimaster.com.ar\/web\/wp-content\/uploads\/2015\/09\/casa_despacho33-150x150.jpg\" class=\"attachment-thumbnail size-thumbnail\" alt=\"\" aria-describedby=\"gallery-1-17575\" srcset=\"https:\/\/www.arquimaster.com.ar\/web\/wp-content\/uploads\/2015\/09\/casa_despacho33-150x150.jpg 150w, https:\/\/www.arquimaster.com.ar\/web\/wp-content\/uploads\/2015\/09\/casa_despacho33-50x50.jpg 50w, https:\/\/www.arquimaster.com.ar\/web\/wp-content\/uploads\/2015\/09\/casa_despacho33-125x125.jpg 125w\" sizes=\"auto, (max-width: 150px) 100vw, 150px\" \/><\/a>\n\t\t\t<\/div>\n\t\t\t\t<figcaption class='wp-caption-text gallery-caption' id='gallery-1-17575'>\n\t\t\t\tCasa despacho \/ Juan Ignacio Castiello Arquitectos (vista contrafrente)\n\t\t\t\t<\/figcaption><\/figure><figure class='gallery-item'>\n\t\t\t<div class='gallery-icon portrait'>\n\t\t\t\t<a href='https:\/\/www.arquimaster.com.ar\/web\/wp-content\/uploads\/2015\/09\/casa_despacho34.jpg' title=\"Casa despacho \/ Juan Ignacio Castiello Arquitectos (referencias)\" data-rl_title=\"Casa despacho \/ Juan Ignacio Castiello Arquitectos (referencias)\" class=\"rl-gallery-link\" data-rl_caption=\"Casa despacho \/ Juan Ignacio Castiello Arquitectos (referencias)\" data-rel=\"lightbox-gallery-1\"><img loading=\"lazy\" decoding=\"async\" width=\"150\" height=\"150\" src=\"https:\/\/www.arquimaster.com.ar\/web\/wp-content\/uploads\/2015\/09\/casa_despacho34-150x150.jpg\" class=\"attachment-thumbnail size-thumbnail\" alt=\"\" aria-describedby=\"gallery-1-17576\" srcset=\"https:\/\/www.arquimaster.com.ar\/web\/wp-content\/uploads\/2015\/09\/casa_despacho34-150x150.jpg 150w, https:\/\/www.arquimaster.com.ar\/web\/wp-content\/uploads\/2015\/09\/casa_despacho34-50x50.jpg 50w, https:\/\/www.arquimaster.com.ar\/web\/wp-content\/uploads\/2015\/09\/casa_despacho34-125x125.jpg 125w\" sizes=\"auto, (max-width: 150px) 100vw, 150px\" \/><\/a>\n\t\t\t<\/div>\n\t\t\t\t<figcaption class='wp-caption-text gallery-caption' id='gallery-1-17576'>\n\t\t\t\tCasa despacho \/ Juan Ignacio Castiello Arquitectos (referencias)\n\t\t\t\t<\/figcaption><\/figure>\n\t\t<\/div>\n\n<p>El terreno se localiza entre los dos M\u00e9xicos: al sur ve hacia un bosque de \u00e1rboles, que pertenecen a una de las colonias m\u00e1s privilegiadas de la ciudad, la Colonia Seattle. Al norte, en contraste, ve hacia un bosque de tinacos, que pertenecen a colonias de bajos recursos.<\/p>\n<p>Existe un cuello de botella en la comunicaci\u00f3n vial de esta zona con el resto de la ciudad. Por lo que el cambio de casa implicaba un mayor tiempo en el desplazamiento hacia el viejo despacho. Se optimizaron los recursos de todo tipo: econ\u00f3micos, energ\u00e9ticos, el terreno, el tiempo.<\/p>\n<p><strong>Intenci\u00f3n del proyecto<\/strong><br \/>\nAprovechar la singularidad del contexto inmediato:<\/p>\n<p>a) Que la casa se vuelque hacia el sur, hacia el generoso arbolado de la ancha avenida Aurelio Ortega y de la colonia Seattle, as\u00ed como al sol del invierno.<\/p>\n<p>b) Reforzar la seguridad del camell\u00f3n (parque lineal) por medio de la apertura de la casa hacia la avenida.<\/p>\n<p>c) Aprovechar que, en estos predios, no exigen respetar servidumbres, pudi\u00e9ndose desplantar la construcci\u00f3n sobre el 100% del terreno.<\/p>\n<p>d) Que la casa recuerde a toda la familia y sobre todo a los hijos, que nos encontramos en medio de los dos M\u00e9xicos y que existe uno menos favorecido.<\/p>\n<p>Se decidi\u00f3 construir tambi\u00e9n el despacho en el mismo predio, para ahorrar pago de rentas y traslados, con todo lo que esto implica.<\/p>\n<p><strong>Descripci\u00f3n de la obra<\/strong><br \/>\nSe subi\u00f3 la planta baja un piso con el objeto de generar una extensi\u00f3n de las visuales desde el sal\u00f3n-terraza aprovechando todo el ancho de la avenida Aurelio Ortega y creando con ello un jard\u00edn balc\u00f3n que mantiene a la casa segura por su altura y a la calle por estar m\u00e1s vigilada.<\/p>\n<p>Se opt\u00f3 por una casa de cuatro niveles: El s\u00f3tano (a nivel banqueta) se desplant\u00f3 sobre la mayor superficie posible con el objeto de que las otras tres plantas fueran m\u00e1s esbeltas y se concentraran en bloque al fondo del terreno, generando con ello el jard\u00edn-balc\u00f3n (ya mencionado) al frente, de buenas dimensiones, sobre las cocheras y el despacho (azotea verde). Se consideraron las instalaciones para un elevador en el futuro.<\/p>\n<p>El despacho se resolvi\u00f3 totalmente desvinculado de la casa. Cada cual ingresa desde la banqueta. El primero toma un poco de aire del jard\u00edn por medio de un vano horizontal que es delimitado por cristales altos, translucidos mas no transparentes, que contribuyen a una intimidad compartida, y que funcionan como pintarr\u00f3n para el jard\u00edn de la casa.<\/p>\n<p>Se escalon\u00f3 la casa hacia el norte para procurar mantener la escala que rige la avenida.<\/p>\n<p>El trazo del fraccionamiento favorece a un menor impacto de la altura de la casa-despacho sobre la casa colindante posterior, ya que esta se desplanta sobre un predio oriente-poniente sin servidumbre hacia la casa-despacho.<\/p>\n<p>La biblioteca remata la casa en el tercer piso con una b\u00f3veda de ca\u00f1\u00f3n corrida de lado a lado, generoso espacio que permite gozar las visuales libres tanto hacia el sur como hacia el norte.<\/p>\n<p>La casa se construy\u00f3 utilizando varios materiales reciclados como el desperdicio de m\u00e1rmol, que se cort\u00f3 en obra para hacer fachaleta para el recubrimiento de algunos muros.<\/p>\n<p><strong>Ficha tecnica<\/strong><br \/>\nNombre: Casa despacho<br \/>\nUbicaci\u00f3n: Zapopan, Jalisco, M\u00e9xico<br \/>\nProyecto arquitect\u00f3nico: Juan Ignacio Castiello Arquitectos<br \/>\nColaboradores: Zarak Modad Betancourt (Coordinador), Gustavo Ramos Gallo, Jorge Ignacio Guti\u00e9rrez Navarro, Eduardo Garc\u00eda Garc\u00eda, Diana Ortiz Moreno, Alejandro Haro P\u00e9rez, Mauricio Rodr\u00edguez Mej\u00eda, Celso Manuel Segura Ju\u00e1rez<br \/>\nConstrucci\u00f3n: Ing. Juan Carlos Villa Fern\u00e1ndez<br \/>\nDise\u00f1o de interiores: Juan Ignacio Castiello Arquitectos<br \/>\nA\u00f1o del proyecto: 2009<br \/>\nA\u00f1o de construcci\u00f3n: 2010<br \/>\nSuperficie: 330 m2<br \/>\nFotograf\u00edas: Mito Covarrubias<\/p>\n<p><strong>Contacto:<\/strong> <a href=\"http:\/\/www.juanignaciocastielloarquitectos.com\" target=\"_blank\">http:\/\/www.juanignaciocastielloarquitectos.com<\/a><\/p>\n\n<div style=\"font-size: 0px; height: 0px; line-height: 0px; margin: 0; padding: 0; clear: both;\"><\/div><div style=\"margin-top: 0px; margin-bottom: 0px;\" class=\"sharethis-inline-share-buttons\" ><\/div>","protected":false},"excerpt":{"rendered":"<p>Se optimizaron los recursos de todo tipo: econ\u00f3micos, energ\u00e9ticos, el terreno, el tiempo&#8230;<\/p>\n","protected":false},"author":1,"featured_media":17542,"comment_status":"closed","ping_status":"closed","sticky":false,"template":"","format":"standard","meta":{"_uag_custom_page_level_css":"","footnotes":""},"categories":[1,83],"tags":[3604,2266,1052,2920,2919,24,254,2612],"class_list":["post-17541","post","type-post","status-publish","format-standard","has-post-thumbnail","hentry","category-proyecto","category-vivienda-unifamiliar","tag-despacho","tag-home-office","tag-jalisco","tag-juan-ignacio-castiello","tag-juan-ignacio-castiello-arquitectos","tag-mexico","tag-vivienda-unifamiliar-2","tag-zapopan","generate-columns","tablet-grid-50","mobile-grid-100","grid-parent","grid-50"],"yoast_head":"<!-- This site is optimized with the Yoast SEO plugin v27.3 - https:\/\/yoast.com\/product\/yoast-seo-wordpress\/ -->\n<title>Casa despacho \/ Juan Ignacio Castiello Arquitectos - Arquimaster<\/title>\n<meta name=\"robots\" content=\"index, follow, max-snippet:-1, max-image-preview:large, max-video-preview:-1\" \/>\n<link rel=\"canonical\" href=\"https:\/\/www.arquimaster.com.ar\/web\/casa-despacho-juan-ignacio-castiello-arquitectos\/\" \/>\n<meta property=\"og:locale\" content=\"es_ES\" \/>\n<meta property=\"og:type\" content=\"article\" \/>\n<meta property=\"og:title\" content=\"Casa despacho \/ Juan Ignacio Castiello Arquitectos - Arquimaster\" \/>\n<meta property=\"og:description\" content=\"Se optimizaron los recursos de todo tipo: econ\u00f3micos, energ\u00e9ticos, el terreno, el tiempo...\" \/>\n<meta property=\"og:url\" content=\"https:\/\/www.arquimaster.com.ar\/web\/casa-despacho-juan-ignacio-castiello-arquitectos\/\" \/>\n<meta property=\"og:site_name\" content=\"Arquimaster\" \/>\n<meta property=\"article:publisher\" content=\"http:\/\/www.facebook.com\/ARQUIMASTER.com.ar\" \/>\n<meta property=\"article:published_time\" content=\"2015-09-21T16:00:58+00:00\" \/>\n<meta property=\"article:modified_time\" content=\"2015-09-22T02:46:28+00:00\" \/>\n<meta property=\"og:image\" content=\"https:\/\/www.arquimaster.com.ar\/web\/wp-content\/uploads\/2015\/09\/casa_despacho_slide.jpg\" \/>\n\t<meta property=\"og:image:width\" content=\"642\" \/>\n\t<meta property=\"og:image:height\" content=\"336\" \/>\n\t<meta property=\"og:image:type\" content=\"image\/jpeg\" \/>\n<meta name=\"author\" content=\"Arquimaster\" \/>\n<meta name=\"twitter:card\" content=\"summary_large_image\" \/>\n<meta name=\"twitter:creator\" content=\"@arquimaster\" \/>\n<meta name=\"twitter:site\" content=\"@arquimaster\" \/>\n<meta name=\"twitter:label1\" content=\"Escrito por\" \/>\n\t<meta name=\"twitter:data1\" content=\"Arquimaster\" \/>\n\t<meta name=\"twitter:label2\" content=\"Tiempo de lectura\" \/>\n\t<meta name=\"twitter:data2\" content=\"4 minutos\" \/>\n<script type=\"application\/ld+json\" class=\"yoast-schema-graph\">{\"@context\":\"https:\\\/\\\/schema.org\",\"@graph\":[{\"@type\":\"Article\",\"@id\":\"https:\\\/\\\/www.arquimaster.com.ar\\\/web\\\/casa-despacho-juan-ignacio-castiello-arquitectos\\\/#article\",\"isPartOf\":{\"@id\":\"https:\\\/\\\/www.arquimaster.com.ar\\\/web\\\/casa-despacho-juan-ignacio-castiello-arquitectos\\\/\"},\"author\":{\"name\":\"Arquimaster\",\"@id\":\"https:\\\/\\\/www.arquimaster.com.ar\\\/web\\\/#\\\/schema\\\/person\\\/359e9f7c00193fcde068e0dd2ceb0028\"},\"headline\":\"Casa despacho \\\/ Juan Ignacio Castiello Arquitectos\",\"datePublished\":\"2015-09-21T16:00:58+00:00\",\"dateModified\":\"2015-09-22T02:46:28+00:00\",\"mainEntityOfPage\":{\"@id\":\"https:\\\/\\\/www.arquimaster.com.ar\\\/web\\\/casa-despacho-juan-ignacio-castiello-arquitectos\\\/\"},\"wordCount\":708,\"publisher\":{\"@id\":\"https:\\\/\\\/www.arquimaster.com.ar\\\/web\\\/#organization\"},\"image\":{\"@id\":\"https:\\\/\\\/www.arquimaster.com.ar\\\/web\\\/casa-despacho-juan-ignacio-castiello-arquitectos\\\/#primaryimage\"},\"thumbnailUrl\":\"https:\\\/\\\/www.arquimaster.com.ar\\\/web\\\/wp-content\\\/uploads\\\/2015\\\/09\\\/casa_despacho_slide.jpg\",\"keywords\":[\"despacho\",\"home office\",\"Jalisco\",\"Juan Ignacio Castiello\",\"Juan Ignacio Castiello Arquitectos\",\"Mexico\",\"vivienda unifamiliar\",\"Zapopan\"],\"articleSection\":[\"Proyecto\",\"Vivienda unifamiliar y PH\"],\"inLanguage\":\"es\"},{\"@type\":\"WebPage\",\"@id\":\"https:\\\/\\\/www.arquimaster.com.ar\\\/web\\\/casa-despacho-juan-ignacio-castiello-arquitectos\\\/\",\"url\":\"https:\\\/\\\/www.arquimaster.com.ar\\\/web\\\/casa-despacho-juan-ignacio-castiello-arquitectos\\\/\",\"name\":\"Casa despacho \\\/ Juan Ignacio Castiello Arquitectos - Arquimaster\",\"isPartOf\":{\"@id\":\"https:\\\/\\\/www.arquimaster.com.ar\\\/web\\\/#website\"},\"primaryImageOfPage\":{\"@id\":\"https:\\\/\\\/www.arquimaster.com.ar\\\/web\\\/casa-despacho-juan-ignacio-castiello-arquitectos\\\/#primaryimage\"},\"image\":{\"@id\":\"https:\\\/\\\/www.arquimaster.com.ar\\\/web\\\/casa-despacho-juan-ignacio-castiello-arquitectos\\\/#primaryimage\"},\"thumbnailUrl\":\"https:\\\/\\\/www.arquimaster.com.ar\\\/web\\\/wp-content\\\/uploads\\\/2015\\\/09\\\/casa_despacho_slide.jpg\",\"datePublished\":\"2015-09-21T16:00:58+00:00\",\"dateModified\":\"2015-09-22T02:46:28+00:00\",\"breadcrumb\":{\"@id\":\"https:\\\/\\\/www.arquimaster.com.ar\\\/web\\\/casa-despacho-juan-ignacio-castiello-arquitectos\\\/#breadcrumb\"},\"inLanguage\":\"es\",\"potentialAction\":[{\"@type\":\"ReadAction\",\"target\":[\"https:\\\/\\\/www.arquimaster.com.ar\\\/web\\\/casa-despacho-juan-ignacio-castiello-arquitectos\\\/\"]}]},{\"@type\":\"ImageObject\",\"inLanguage\":\"es\",\"@id\":\"https:\\\/\\\/www.arquimaster.com.ar\\\/web\\\/casa-despacho-juan-ignacio-castiello-arquitectos\\\/#primaryimage\",\"url\":\"https:\\\/\\\/www.arquimaster.com.ar\\\/web\\\/wp-content\\\/uploads\\\/2015\\\/09\\\/casa_despacho_slide.jpg\",\"contentUrl\":\"https:\\\/\\\/www.arquimaster.com.ar\\\/web\\\/wp-content\\\/uploads\\\/2015\\\/09\\\/casa_despacho_slide.jpg\",\"width\":642,\"height\":336},{\"@type\":\"BreadcrumbList\",\"@id\":\"https:\\\/\\\/www.arquimaster.com.ar\\\/web\\\/casa-despacho-juan-ignacio-castiello-arquitectos\\\/#breadcrumb\",\"itemListElement\":[{\"@type\":\"ListItem\",\"position\":1,\"name\":\"Portada\",\"item\":\"https:\\\/\\\/www.arquimaster.com.ar\\\/web\\\/\"},{\"@type\":\"ListItem\",\"position\":2,\"name\":\"Casa despacho \\\/ Juan Ignacio Castiello Arquitectos\"}]},{\"@type\":\"WebSite\",\"@id\":\"https:\\\/\\\/www.arquimaster.com.ar\\\/web\\\/#website\",\"url\":\"https:\\\/\\\/www.arquimaster.com.ar\\\/web\\\/\",\"name\":\"Arquimaster\",\"description\":\"Web de arquitectura, dise\u00f1o y construccion\",\"publisher\":{\"@id\":\"https:\\\/\\\/www.arquimaster.com.ar\\\/web\\\/#organization\"},\"potentialAction\":[{\"@type\":\"SearchAction\",\"target\":{\"@type\":\"EntryPoint\",\"urlTemplate\":\"https:\\\/\\\/www.arquimaster.com.ar\\\/web\\\/?s={search_term_string}\"},\"query-input\":{\"@type\":\"PropertyValueSpecification\",\"valueRequired\":true,\"valueName\":\"search_term_string\"}}],\"inLanguage\":\"es\"},{\"@type\":\"Organization\",\"@id\":\"https:\\\/\\\/www.arquimaster.com.ar\\\/web\\\/#organization\",\"name\":\"Arquimaster\",\"url\":\"https:\\\/\\\/www.arquimaster.com.ar\\\/web\\\/\",\"logo\":{\"@type\":\"ImageObject\",\"inLanguage\":\"es\",\"@id\":\"https:\\\/\\\/www.arquimaster.com.ar\\\/web\\\/#\\\/schema\\\/logo\\\/image\\\/\",\"url\":\"https:\\\/\\\/www.arquimaster.com.ar\\\/web\\\/wp-content\\\/uploads\\\/2022\\\/06\\\/arquimaster.png\",\"contentUrl\":\"https:\\\/\\\/www.arquimaster.com.ar\\\/web\\\/wp-content\\\/uploads\\\/2022\\\/06\\\/arquimaster.png\",\"width\":594,\"height\":78,\"caption\":\"Arquimaster\"},\"image\":{\"@id\":\"https:\\\/\\\/www.arquimaster.com.ar\\\/web\\\/#\\\/schema\\\/logo\\\/image\\\/\"},\"sameAs\":[\"http:\\\/\\\/www.facebook.com\\\/ARQUIMASTER.com.ar\",\"https:\\\/\\\/x.com\\\/arquimaster\",\"https:\\\/\\\/www.instagram.com\\\/arquimasterblog\\\/\",\"https:\\\/\\\/www.linkedin.com\\\/company\\\/arquimaster\",\"https:\\\/\\\/www.pinterest.com\\\/arquimaster\",\"https:\\\/\\\/t.me\\\/arquimaster\"]},{\"@type\":\"Person\",\"@id\":\"https:\\\/\\\/www.arquimaster.com.ar\\\/web\\\/#\\\/schema\\\/person\\\/359e9f7c00193fcde068e0dd2ceb0028\",\"name\":\"Arquimaster\"}]}<\/script>\n<!-- \/ Yoast SEO plugin. -->","yoast_head_json":{"title":"Casa despacho \/ Juan Ignacio Castiello Arquitectos - Arquimaster","robots":{"index":"index","follow":"follow","max-snippet":"max-snippet:-1","max-image-preview":"max-image-preview:large","max-video-preview":"max-video-preview:-1"},"canonical":"https:\/\/www.arquimaster.com.ar\/web\/casa-despacho-juan-ignacio-castiello-arquitectos\/","og_locale":"es_ES","og_type":"article","og_title":"Casa despacho \/ Juan Ignacio Castiello Arquitectos - Arquimaster","og_description":"Se optimizaron los recursos de todo tipo: econ\u00f3micos, energ\u00e9ticos, el terreno, el tiempo...","og_url":"https:\/\/www.arquimaster.com.ar\/web\/casa-despacho-juan-ignacio-castiello-arquitectos\/","og_site_name":"Arquimaster","article_publisher":"http:\/\/www.facebook.com\/ARQUIMASTER.com.ar","article_published_time":"2015-09-21T16:00:58+00:00","article_modified_time":"2015-09-22T02:46:28+00:00","og_image":[{"width":642,"height":336,"url":"https:\/\/www.arquimaster.com.ar\/web\/wp-content\/uploads\/2015\/09\/casa_despacho_slide.jpg","type":"image\/jpeg"}],"author":"Arquimaster","twitter_card":"summary_large_image","twitter_creator":"@arquimaster","twitter_site":"@arquimaster","twitter_misc":{"Escrito por":"Arquimaster","Tiempo de lectura":"4 minutos"},"schema":{"@context":"https:\/\/schema.org","@graph":[{"@type":"Article","@id":"https:\/\/www.arquimaster.com.ar\/web\/casa-despacho-juan-ignacio-castiello-arquitectos\/#article","isPartOf":{"@id":"https:\/\/www.arquimaster.com.ar\/web\/casa-despacho-juan-ignacio-castiello-arquitectos\/"},"author":{"name":"Arquimaster","@id":"https:\/\/www.arquimaster.com.ar\/web\/#\/schema\/person\/359e9f7c00193fcde068e0dd2ceb0028"},"headline":"Casa despacho \/ Juan Ignacio Castiello Arquitectos","datePublished":"2015-09-21T16:00:58+00:00","dateModified":"2015-09-22T02:46:28+00:00","mainEntityOfPage":{"@id":"https:\/\/www.arquimaster.com.ar\/web\/casa-despacho-juan-ignacio-castiello-arquitectos\/"},"wordCount":708,"publisher":{"@id":"https:\/\/www.arquimaster.com.ar\/web\/#organization"},"image":{"@id":"https:\/\/www.arquimaster.com.ar\/web\/casa-despacho-juan-ignacio-castiello-arquitectos\/#primaryimage"},"thumbnailUrl":"https:\/\/www.arquimaster.com.ar\/web\/wp-content\/uploads\/2015\/09\/casa_despacho_slide.jpg","keywords":["despacho","home office","Jalisco","Juan Ignacio Castiello","Juan Ignacio Castiello Arquitectos","Mexico","vivienda unifamiliar","Zapopan"],"articleSection":["Proyecto","Vivienda unifamiliar y PH"],"inLanguage":"es"},{"@type":"WebPage","@id":"https:\/\/www.arquimaster.com.ar\/web\/casa-despacho-juan-ignacio-castiello-arquitectos\/","url":"https:\/\/www.arquimaster.com.ar\/web\/casa-despacho-juan-ignacio-castiello-arquitectos\/","name":"Casa despacho \/ Juan Ignacio Castiello Arquitectos - Arquimaster","isPartOf":{"@id":"https:\/\/www.arquimaster.com.ar\/web\/#website"},"primaryImageOfPage":{"@id":"https:\/\/www.arquimaster.com.ar\/web\/casa-despacho-juan-ignacio-castiello-arquitectos\/#primaryimage"},"image":{"@id":"https:\/\/www.arquimaster.com.ar\/web\/casa-despacho-juan-ignacio-castiello-arquitectos\/#primaryimage"},"thumbnailUrl":"https:\/\/www.arquimaster.com.ar\/web\/wp-content\/uploads\/2015\/09\/casa_despacho_slide.jpg","datePublished":"2015-09-21T16:00:58+00:00","dateModified":"2015-09-22T02:46:28+00:00","breadcrumb":{"@id":"https:\/\/www.arquimaster.com.ar\/web\/casa-despacho-juan-ignacio-castiello-arquitectos\/#breadcrumb"},"inLanguage":"es","potentialAction":[{"@type":"ReadAction","target":["https:\/\/www.arquimaster.com.ar\/web\/casa-despacho-juan-ignacio-castiello-arquitectos\/"]}]},{"@type":"ImageObject","inLanguage":"es","@id":"https:\/\/www.arquimaster.com.ar\/web\/casa-despacho-juan-ignacio-castiello-arquitectos\/#primaryimage","url":"https:\/\/www.arquimaster.com.ar\/web\/wp-content\/uploads\/2015\/09\/casa_despacho_slide.jpg","contentUrl":"https:\/\/www.arquimaster.com.ar\/web\/wp-content\/uploads\/2015\/09\/casa_despacho_slide.jpg","width":642,"height":336},{"@type":"BreadcrumbList","@id":"https:\/\/www.arquimaster.com.ar\/web\/casa-despacho-juan-ignacio-castiello-arquitectos\/#breadcrumb","itemListElement":[{"@type":"ListItem","position":1,"name":"Portada","item":"https:\/\/www.arquimaster.com.ar\/web\/"},{"@type":"ListItem","position":2,"name":"Casa despacho \/ Juan Ignacio Castiello Arquitectos"}]},{"@type":"WebSite","@id":"https:\/\/www.arquimaster.com.ar\/web\/#website","url":"https:\/\/www.arquimaster.com.ar\/web\/","name":"Arquimaster","description":"Web de arquitectura, dise\u00f1o y construccion","publisher":{"@id":"https:\/\/www.arquimaster.com.ar\/web\/#organization"},"potentialAction":[{"@type":"SearchAction","target":{"@type":"EntryPoint","urlTemplate":"https:\/\/www.arquimaster.com.ar\/web\/?s={search_term_string}"},"query-input":{"@type":"PropertyValueSpecification","valueRequired":true,"valueName":"search_term_string"}}],"inLanguage":"es"},{"@type":"Organization","@id":"https:\/\/www.arquimaster.com.ar\/web\/#organization","name":"Arquimaster","url":"https:\/\/www.arquimaster.com.ar\/web\/","logo":{"@type":"ImageObject","inLanguage":"es","@id":"https:\/\/www.arquimaster.com.ar\/web\/#\/schema\/logo\/image\/","url":"https:\/\/www.arquimaster.com.ar\/web\/wp-content\/uploads\/2022\/06\/arquimaster.png","contentUrl":"https:\/\/www.arquimaster.com.ar\/web\/wp-content\/uploads\/2022\/06\/arquimaster.png","width":594,"height":78,"caption":"Arquimaster"},"image":{"@id":"https:\/\/www.arquimaster.com.ar\/web\/#\/schema\/logo\/image\/"},"sameAs":["http:\/\/www.facebook.com\/ARQUIMASTER.com.ar","https:\/\/x.com\/arquimaster","https:\/\/www.instagram.com\/arquimasterblog\/","https:\/\/www.linkedin.com\/company\/arquimaster","https:\/\/www.pinterest.com\/arquimaster","https:\/\/t.me\/arquimaster"]},{"@type":"Person","@id":"https:\/\/www.arquimaster.com.ar\/web\/#\/schema\/person\/359e9f7c00193fcde068e0dd2ceb0028","name":"Arquimaster"}]}},"uagb_featured_image_src":{"full":["https:\/\/www.arquimaster.com.ar\/web\/wp-content\/uploads\/2015\/09\/casa_despacho_slide.jpg",642,336,false],"thumbnail":["https:\/\/www.arquimaster.com.ar\/web\/wp-content\/uploads\/2015\/09\/casa_despacho_slide-150x150.jpg",150,150,true],"medium":["https:\/\/www.arquimaster.com.ar\/web\/wp-content\/uploads\/2015\/09\/casa_despacho_slide.jpg",642,336,false],"medium_large":["https:\/\/www.arquimaster.com.ar\/web\/wp-content\/uploads\/2015\/09\/casa_despacho_slide.jpg",642,336,false],"large":["https:\/\/www.arquimaster.com.ar\/web\/wp-content\/uploads\/2015\/09\/casa_despacho_slide.jpg",642,336,false],"1536x1536":["https:\/\/www.arquimaster.com.ar\/web\/wp-content\/uploads\/2015\/09\/casa_despacho_slide.jpg",642,336,false],"2048x2048":["https:\/\/www.arquimaster.com.ar\/web\/wp-content\/uploads\/2015\/09\/casa_despacho_slide.jpg",642,336,false]},"uagb_author_info":{"display_name":"Arquimaster","author_link":"https:\/\/www.arquimaster.com.ar\/web\/author\/arquimaster\/"},"uagb_comment_info":0,"uagb_excerpt":"Se optimizaron los recursos de todo tipo: econ\u00f3micos, energ\u00e9ticos, el terreno, el tiempo...","_links":{"self":[{"href":"https:\/\/www.arquimaster.com.ar\/web\/wp-json\/wp\/v2\/posts\/17541","targetHints":{"allow":["GET"]}}],"collection":[{"href":"https:\/\/www.arquimaster.com.ar\/web\/wp-json\/wp\/v2\/posts"}],"about":[{"href":"https:\/\/www.arquimaster.com.ar\/web\/wp-json\/wp\/v2\/types\/post"}],"author":[{"embeddable":true,"href":"https:\/\/www.arquimaster.com.ar\/web\/wp-json\/wp\/v2\/users\/1"}],"replies":[{"embeddable":true,"href":"https:\/\/www.arquimaster.com.ar\/web\/wp-json\/wp\/v2\/comments?post=17541"}],"version-history":[{"count":0,"href":"https:\/\/www.arquimaster.com.ar\/web\/wp-json\/wp\/v2\/posts\/17541\/revisions"}],"wp:featuredmedia":[{"embeddable":true,"href":"https:\/\/www.arquimaster.com.ar\/web\/wp-json\/wp\/v2\/media\/17542"}],"wp:attachment":[{"href":"https:\/\/www.arquimaster.com.ar\/web\/wp-json\/wp\/v2\/media?parent=17541"}],"wp:term":[{"taxonomy":"category","embeddable":true,"href":"https:\/\/www.arquimaster.com.ar\/web\/wp-json\/wp\/v2\/categories?post=17541"},{"taxonomy":"post_tag","embeddable":true,"href":"https:\/\/www.arquimaster.com.ar\/web\/wp-json\/wp\/v2\/tags?post=17541"}],"curies":[{"name":"wp","href":"https:\/\/api.w.org\/{rel}","templated":true}]}}