{"id":17740,"date":"2015-10-06T23:53:11","date_gmt":"2015-10-06T23:53:11","guid":{"rendered":"http:\/\/www.arquimaster.com.ar\/web\/?p=17740"},"modified":"2015-10-06T22:45:14","modified_gmt":"2015-10-06T22:45:14","slug":"joyeria-nacional-monte-de-piedad-sucursal-santa-fe-usoarquitectura","status":"publish","type":"post","link":"https:\/\/www.arquimaster.com.ar\/web\/joyeria-nacional-monte-de-piedad-sucursal-santa-fe-usoarquitectura\/","title":{"rendered":"Joyer\u00eda Nacional Monte de Piedad sucursal Santa Fe \/ usoarquitectura"},"content":{"rendered":"<div style=\"margin-top: 0px; margin-bottom: 0px;\" class=\"sharethis-inline-share-buttons\" ><\/div><div class=\"b812932af2e751442846f039925109de\" data-index=\"1\" style=\"float: none; margin:25px 0 25px 0; text-align:center;\">\n<script async src=\"https:\/\/pagead2.googlesyndication.com\/pagead\/js\/adsbygoogle.js\"><\/script>\r\n<!-- Arquimaster (superior) -->\r\n<ins class=\"adsbygoogle\"\r\n     style=\"display:block\"\r\n     data-ad-client=\"ca-pub-6351072698456832\"\r\n     data-ad-slot=\"6455489680\"\r\n     data-ad-format=\"auto\"\r\n     data-full-width-responsive=\"true\"><\/ins>\r\n<script>\r\n     (adsbygoogle = window.adsbygoogle || []).push({});\r\n<\/script>\n<\/div>\n<p><strong>Joyer\u00eda Nacional Monte de Piedad sucursal Santa Fe<\/strong> (Ciudad de M\u00e9xico) por <strong>usoarquitectura<\/strong>. El dise\u00f1o para la joyer\u00eda de Nacional Monte de Piedad en el centro comercial Santa Fe parti\u00f3 de una serie de cuestionamientos entre los que destacan los siguientes: mejorar la experiencia del cliente al visitar una casa de empe\u00f1o, competir con las joyer\u00edas ya establecidas en el centro comercial y el balance entre la identidad de marca y el proyecto de interiorismo comercial. Y todo girando siempre en torno a un mismo objetivo: el cliente.<\/p>\n<div id='gallery-1' class='gallery galleryid-17740 gallery-columns-3 gallery-size-thumbnail'><figure class='gallery-item'>\n\t\t\t<div class='gallery-icon landscape'>\n\t\t\t\t<a href='https:\/\/www.arquimaster.com.ar\/web\/wp-content\/uploads\/2015\/10\/nacional_monte_piedad1.jpg' title=\"Joyer\u00eda Nacional Monte de Piedad sucursal Santa Fe \/ usoarquitectura (\u00a9 H\u00e9ctor Armando Herrera)\" data-rl_title=\"Joyer\u00eda Nacional Monte de Piedad sucursal Santa Fe \/ usoarquitectura (\u00a9 H\u00e9ctor Armando Herrera)\" class=\"rl-gallery-link\" data-rl_caption=\"Joyer\u00eda Nacional Monte de Piedad sucursal Santa Fe \/ usoarquitectura (\u00a9 H\u00e9ctor Armando Herrera)\" data-rel=\"lightbox-gallery-1\"><img loading=\"lazy\" decoding=\"async\" width=\"150\" height=\"150\" src=\"https:\/\/www.arquimaster.com.ar\/web\/wp-content\/uploads\/2015\/10\/nacional_monte_piedad1-150x150.jpg\" class=\"attachment-thumbnail size-thumbnail\" alt=\"\" aria-describedby=\"gallery-1-17742\" srcset=\"https:\/\/www.arquimaster.com.ar\/web\/wp-content\/uploads\/2015\/10\/nacional_monte_piedad1-150x150.jpg 150w, https:\/\/www.arquimaster.com.ar\/web\/wp-content\/uploads\/2015\/10\/nacional_monte_piedad1-50x50.jpg 50w, https:\/\/www.arquimaster.com.ar\/web\/wp-content\/uploads\/2015\/10\/nacional_monte_piedad1-125x125.jpg 125w\" sizes=\"auto, (max-width: 150px) 100vw, 150px\" \/><\/a>\n\t\t\t<\/div>\n\t\t\t\t<figcaption class='wp-caption-text gallery-caption' id='gallery-1-17742'>\n\t\t\t\tJoyer\u00eda Nacional Monte de Piedad sucursal Santa Fe \/ usoarquitectura (\u00a9 H\u00e9ctor Armando Herrera)\n\t\t\t\t<\/figcaption><\/figure><figure class='gallery-item'>\n\t\t\t<div class='gallery-icon landscape'>\n\t\t\t\t<a href='https:\/\/www.arquimaster.com.ar\/web\/wp-content\/uploads\/2015\/10\/nacional_monte_piedad2.jpg' title=\"Joyer\u00eda Nacional Monte de Piedad sucursal Santa Fe \/ usoarquitectura (\u00a9 H\u00e9ctor Armando Herrera)\" data-rl_title=\"Joyer\u00eda Nacional Monte de Piedad sucursal Santa Fe \/ usoarquitectura (\u00a9 H\u00e9ctor Armando Herrera)\" class=\"rl-gallery-link\" data-rl_caption=\"Joyer\u00eda Nacional Monte de Piedad sucursal Santa Fe \/ usoarquitectura (\u00a9 H\u00e9ctor Armando Herrera)\" data-rel=\"lightbox-gallery-1\"><img loading=\"lazy\" decoding=\"async\" width=\"150\" height=\"150\" src=\"https:\/\/www.arquimaster.com.ar\/web\/wp-content\/uploads\/2015\/10\/nacional_monte_piedad2-150x150.jpg\" class=\"attachment-thumbnail size-thumbnail\" alt=\"\" aria-describedby=\"gallery-1-17743\" srcset=\"https:\/\/www.arquimaster.com.ar\/web\/wp-content\/uploads\/2015\/10\/nacional_monte_piedad2-150x150.jpg 150w, https:\/\/www.arquimaster.com.ar\/web\/wp-content\/uploads\/2015\/10\/nacional_monte_piedad2-50x50.jpg 50w, https:\/\/www.arquimaster.com.ar\/web\/wp-content\/uploads\/2015\/10\/nacional_monte_piedad2-125x125.jpg 125w\" sizes=\"auto, (max-width: 150px) 100vw, 150px\" \/><\/a>\n\t\t\t<\/div>\n\t\t\t\t<figcaption class='wp-caption-text gallery-caption' id='gallery-1-17743'>\n\t\t\t\tJoyer\u00eda Nacional Monte de Piedad sucursal Santa Fe \/ usoarquitectura (\u00a9 H\u00e9ctor Armando Herrera)\n\t\t\t\t<\/figcaption><\/figure><figure class='gallery-item'>\n\t\t\t<div class='gallery-icon landscape'>\n\t\t\t\t<a href='https:\/\/www.arquimaster.com.ar\/web\/wp-content\/uploads\/2015\/10\/nacional_monte_piedad3.jpg' title=\"Joyer\u00eda Nacional Monte de Piedad sucursal Santa Fe \/ usoarquitectura (\u00a9 H\u00e9ctor Armando Herrera)\" data-rl_title=\"Joyer\u00eda Nacional Monte de Piedad sucursal Santa Fe \/ usoarquitectura (\u00a9 H\u00e9ctor Armando Herrera)\" class=\"rl-gallery-link\" data-rl_caption=\"Joyer\u00eda Nacional Monte de Piedad sucursal Santa Fe \/ usoarquitectura (\u00a9 H\u00e9ctor Armando Herrera)\" data-rel=\"lightbox-gallery-1\"><img loading=\"lazy\" decoding=\"async\" width=\"150\" height=\"150\" src=\"https:\/\/www.arquimaster.com.ar\/web\/wp-content\/uploads\/2015\/10\/nacional_monte_piedad3-150x150.jpg\" class=\"attachment-thumbnail size-thumbnail\" alt=\"\" aria-describedby=\"gallery-1-17744\" srcset=\"https:\/\/www.arquimaster.com.ar\/web\/wp-content\/uploads\/2015\/10\/nacional_monte_piedad3-150x150.jpg 150w, https:\/\/www.arquimaster.com.ar\/web\/wp-content\/uploads\/2015\/10\/nacional_monte_piedad3-50x50.jpg 50w, https:\/\/www.arquimaster.com.ar\/web\/wp-content\/uploads\/2015\/10\/nacional_monte_piedad3-125x125.jpg 125w\" sizes=\"auto, (max-width: 150px) 100vw, 150px\" \/><\/a>\n\t\t\t<\/div>\n\t\t\t\t<figcaption class='wp-caption-text gallery-caption' id='gallery-1-17744'>\n\t\t\t\tJoyer\u00eda Nacional Monte de Piedad sucursal Santa Fe \/ usoarquitectura (\u00a9 H\u00e9ctor Armando Herrera)\n\t\t\t\t<\/figcaption><\/figure><figure class='gallery-item'>\n\t\t\t<div class='gallery-icon landscape'>\n\t\t\t\t<a href='https:\/\/www.arquimaster.com.ar\/web\/wp-content\/uploads\/2015\/10\/nacional_monte_piedad4.jpg' title=\"Joyer\u00eda Nacional Monte de Piedad sucursal Santa Fe \/ usoarquitectura (\u00a9 H\u00e9ctor Armando Herrera)\" data-rl_title=\"Joyer\u00eda Nacional Monte de Piedad sucursal Santa Fe \/ usoarquitectura (\u00a9 H\u00e9ctor Armando Herrera)\" class=\"rl-gallery-link\" data-rl_caption=\"Joyer\u00eda Nacional Monte de Piedad sucursal Santa Fe \/ usoarquitectura (\u00a9 H\u00e9ctor Armando Herrera)\" data-rel=\"lightbox-gallery-1\"><img loading=\"lazy\" decoding=\"async\" width=\"150\" height=\"150\" src=\"https:\/\/www.arquimaster.com.ar\/web\/wp-content\/uploads\/2015\/10\/nacional_monte_piedad4-150x150.jpg\" class=\"attachment-thumbnail size-thumbnail\" alt=\"\" aria-describedby=\"gallery-1-17745\" srcset=\"https:\/\/www.arquimaster.com.ar\/web\/wp-content\/uploads\/2015\/10\/nacional_monte_piedad4-150x150.jpg 150w, https:\/\/www.arquimaster.com.ar\/web\/wp-content\/uploads\/2015\/10\/nacional_monte_piedad4-50x50.jpg 50w, https:\/\/www.arquimaster.com.ar\/web\/wp-content\/uploads\/2015\/10\/nacional_monte_piedad4-125x125.jpg 125w\" sizes=\"auto, (max-width: 150px) 100vw, 150px\" \/><\/a>\n\t\t\t<\/div>\n\t\t\t\t<figcaption class='wp-caption-text gallery-caption' id='gallery-1-17745'>\n\t\t\t\tJoyer\u00eda Nacional Monte de Piedad sucursal Santa Fe \/ usoarquitectura (\u00a9 H\u00e9ctor Armando Herrera)\n\t\t\t\t<\/figcaption><\/figure><figure class='gallery-item'>\n\t\t\t<div class='gallery-icon portrait'>\n\t\t\t\t<a href='https:\/\/www.arquimaster.com.ar\/web\/wp-content\/uploads\/2015\/10\/nacional_monte_piedad5.jpg' title=\"Joyer\u00eda Nacional Monte de Piedad sucursal Santa Fe \/ usoarquitectura (\u00a9 H\u00e9ctor Armando Herrera)\" data-rl_title=\"Joyer\u00eda Nacional Monte de Piedad sucursal Santa Fe \/ usoarquitectura (\u00a9 H\u00e9ctor Armando Herrera)\" class=\"rl-gallery-link\" data-rl_caption=\"Joyer\u00eda Nacional Monte de Piedad sucursal Santa Fe \/ usoarquitectura (\u00a9 H\u00e9ctor Armando Herrera)\" data-rel=\"lightbox-gallery-1\"><img loading=\"lazy\" decoding=\"async\" width=\"150\" height=\"150\" src=\"https:\/\/www.arquimaster.com.ar\/web\/wp-content\/uploads\/2015\/10\/nacional_monte_piedad5-150x150.jpg\" class=\"attachment-thumbnail size-thumbnail\" alt=\"\" aria-describedby=\"gallery-1-17746\" srcset=\"https:\/\/www.arquimaster.com.ar\/web\/wp-content\/uploads\/2015\/10\/nacional_monte_piedad5-150x150.jpg 150w, https:\/\/www.arquimaster.com.ar\/web\/wp-content\/uploads\/2015\/10\/nacional_monte_piedad5-50x50.jpg 50w, https:\/\/www.arquimaster.com.ar\/web\/wp-content\/uploads\/2015\/10\/nacional_monte_piedad5-125x125.jpg 125w\" sizes=\"auto, (max-width: 150px) 100vw, 150px\" \/><\/a>\n\t\t\t<\/div>\n\t\t\t\t<figcaption class='wp-caption-text gallery-caption' id='gallery-1-17746'>\n\t\t\t\tJoyer\u00eda Nacional Monte de Piedad sucursal Santa Fe \/ usoarquitectura (\u00a9 H\u00e9ctor Armando Herrera)\n\t\t\t\t<\/figcaption><\/figure><figure class='gallery-item'>\n\t\t\t<div class='gallery-icon portrait'>\n\t\t\t\t<a href='https:\/\/www.arquimaster.com.ar\/web\/wp-content\/uploads\/2015\/10\/nacional_monte_piedad6.jpg' title=\"Joyer\u00eda Nacional Monte de Piedad sucursal Santa Fe \/ usoarquitectura (\u00a9 H\u00e9ctor Armando Herrera)\" data-rl_title=\"Joyer\u00eda Nacional Monte de Piedad sucursal Santa Fe \/ usoarquitectura (\u00a9 H\u00e9ctor Armando Herrera)\" class=\"rl-gallery-link\" data-rl_caption=\"Joyer\u00eda Nacional Monte de Piedad sucursal Santa Fe \/ usoarquitectura (\u00a9 H\u00e9ctor Armando Herrera)\" data-rel=\"lightbox-gallery-1\"><img loading=\"lazy\" decoding=\"async\" width=\"150\" height=\"150\" src=\"https:\/\/www.arquimaster.com.ar\/web\/wp-content\/uploads\/2015\/10\/nacional_monte_piedad6-150x150.jpg\" class=\"attachment-thumbnail size-thumbnail\" alt=\"\" aria-describedby=\"gallery-1-17747\" srcset=\"https:\/\/www.arquimaster.com.ar\/web\/wp-content\/uploads\/2015\/10\/nacional_monte_piedad6-150x150.jpg 150w, https:\/\/www.arquimaster.com.ar\/web\/wp-content\/uploads\/2015\/10\/nacional_monte_piedad6-50x50.jpg 50w, https:\/\/www.arquimaster.com.ar\/web\/wp-content\/uploads\/2015\/10\/nacional_monte_piedad6-125x125.jpg 125w\" sizes=\"auto, (max-width: 150px) 100vw, 150px\" \/><\/a>\n\t\t\t<\/div>\n\t\t\t\t<figcaption class='wp-caption-text gallery-caption' id='gallery-1-17747'>\n\t\t\t\tJoyer\u00eda Nacional Monte de Piedad sucursal Santa Fe \/ usoarquitectura (\u00a9 H\u00e9ctor Armando Herrera)\n\t\t\t\t<\/figcaption><\/figure><figure class='gallery-item'>\n\t\t\t<div class='gallery-icon landscape'>\n\t\t\t\t<a href='https:\/\/www.arquimaster.com.ar\/web\/wp-content\/uploads\/2015\/10\/nacional_monte_piedad7.jpg' title=\"Joyer\u00eda Nacional Monte de Piedad sucursal Santa Fe \/ usoarquitectura (\u00a9 H\u00e9ctor Armando Herrera)\" data-rl_title=\"Joyer\u00eda Nacional Monte de Piedad sucursal Santa Fe \/ usoarquitectura (\u00a9 H\u00e9ctor Armando Herrera)\" class=\"rl-gallery-link\" data-rl_caption=\"Joyer\u00eda Nacional Monte de Piedad sucursal Santa Fe \/ usoarquitectura (\u00a9 H\u00e9ctor Armando Herrera)\" data-rel=\"lightbox-gallery-1\"><img loading=\"lazy\" decoding=\"async\" width=\"150\" height=\"150\" src=\"https:\/\/www.arquimaster.com.ar\/web\/wp-content\/uploads\/2015\/10\/nacional_monte_piedad7-150x150.jpg\" class=\"attachment-thumbnail size-thumbnail\" alt=\"\" aria-describedby=\"gallery-1-17748\" srcset=\"https:\/\/www.arquimaster.com.ar\/web\/wp-content\/uploads\/2015\/10\/nacional_monte_piedad7-150x150.jpg 150w, https:\/\/www.arquimaster.com.ar\/web\/wp-content\/uploads\/2015\/10\/nacional_monte_piedad7-50x50.jpg 50w, https:\/\/www.arquimaster.com.ar\/web\/wp-content\/uploads\/2015\/10\/nacional_monte_piedad7-125x125.jpg 125w\" sizes=\"auto, (max-width: 150px) 100vw, 150px\" \/><\/a>\n\t\t\t<\/div>\n\t\t\t\t<figcaption class='wp-caption-text gallery-caption' id='gallery-1-17748'>\n\t\t\t\tJoyer\u00eda Nacional Monte de Piedad sucursal Santa Fe \/ usoarquitectura (\u00a9 H\u00e9ctor Armando Herrera)\n\t\t\t\t<\/figcaption><\/figure><figure class='gallery-item'>\n\t\t\t<div class='gallery-icon landscape'>\n\t\t\t\t<a href='https:\/\/www.arquimaster.com.ar\/web\/wp-content\/uploads\/2015\/10\/nacional_monte_piedad8.jpg' title=\"Joyer\u00eda Nacional Monte de Piedad sucursal Santa Fe \/ usoarquitectura (\u00a9 H\u00e9ctor Armando Herrera)\" data-rl_title=\"Joyer\u00eda Nacional Monte de Piedad sucursal Santa Fe \/ usoarquitectura (\u00a9 H\u00e9ctor Armando Herrera)\" class=\"rl-gallery-link\" data-rl_caption=\"Joyer\u00eda Nacional Monte de Piedad sucursal Santa Fe \/ usoarquitectura (\u00a9 H\u00e9ctor Armando Herrera)\" data-rel=\"lightbox-gallery-1\"><img loading=\"lazy\" decoding=\"async\" width=\"150\" height=\"150\" src=\"https:\/\/www.arquimaster.com.ar\/web\/wp-content\/uploads\/2015\/10\/nacional_monte_piedad8-150x150.jpg\" class=\"attachment-thumbnail size-thumbnail\" alt=\"\" aria-describedby=\"gallery-1-17749\" srcset=\"https:\/\/www.arquimaster.com.ar\/web\/wp-content\/uploads\/2015\/10\/nacional_monte_piedad8-150x150.jpg 150w, https:\/\/www.arquimaster.com.ar\/web\/wp-content\/uploads\/2015\/10\/nacional_monte_piedad8-50x50.jpg 50w, https:\/\/www.arquimaster.com.ar\/web\/wp-content\/uploads\/2015\/10\/nacional_monte_piedad8-125x125.jpg 125w\" sizes=\"auto, (max-width: 150px) 100vw, 150px\" \/><\/a>\n\t\t\t<\/div>\n\t\t\t\t<figcaption class='wp-caption-text gallery-caption' id='gallery-1-17749'>\n\t\t\t\tJoyer\u00eda Nacional Monte de Piedad sucursal Santa Fe \/ usoarquitectura (\u00a9 H\u00e9ctor Armando Herrera)\n\t\t\t\t<\/figcaption><\/figure><figure class='gallery-item'>\n\t\t\t<div class='gallery-icon landscape'>\n\t\t\t\t<a href='https:\/\/www.arquimaster.com.ar\/web\/wp-content\/uploads\/2015\/10\/nacional_monte_piedad9.jpg' title=\"Joyer\u00eda Nacional Monte de Piedad sucursal Santa Fe \/ usoarquitectura (\u00a9 H\u00e9ctor Armando Herrera)\" data-rl_title=\"Joyer\u00eda Nacional Monte de Piedad sucursal Santa Fe \/ usoarquitectura (\u00a9 H\u00e9ctor Armando Herrera)\" class=\"rl-gallery-link\" data-rl_caption=\"Joyer\u00eda Nacional Monte de Piedad sucursal Santa Fe \/ usoarquitectura (\u00a9 H\u00e9ctor Armando Herrera)\" data-rel=\"lightbox-gallery-1\"><img loading=\"lazy\" decoding=\"async\" width=\"150\" height=\"150\" src=\"https:\/\/www.arquimaster.com.ar\/web\/wp-content\/uploads\/2015\/10\/nacional_monte_piedad9-150x150.jpg\" class=\"attachment-thumbnail size-thumbnail\" alt=\"\" aria-describedby=\"gallery-1-17750\" srcset=\"https:\/\/www.arquimaster.com.ar\/web\/wp-content\/uploads\/2015\/10\/nacional_monte_piedad9-150x150.jpg 150w, https:\/\/www.arquimaster.com.ar\/web\/wp-content\/uploads\/2015\/10\/nacional_monte_piedad9-50x50.jpg 50w, https:\/\/www.arquimaster.com.ar\/web\/wp-content\/uploads\/2015\/10\/nacional_monte_piedad9-125x125.jpg 125w\" sizes=\"auto, (max-width: 150px) 100vw, 150px\" \/><\/a>\n\t\t\t<\/div>\n\t\t\t\t<figcaption class='wp-caption-text gallery-caption' id='gallery-1-17750'>\n\t\t\t\tJoyer\u00eda Nacional Monte de Piedad sucursal Santa Fe \/ usoarquitectura (\u00a9 H\u00e9ctor Armando Herrera)\n\t\t\t\t<\/figcaption><\/figure><figure class='gallery-item'>\n\t\t\t<div class='gallery-icon landscape'>\n\t\t\t\t<a href='https:\/\/www.arquimaster.com.ar\/web\/wp-content\/uploads\/2015\/10\/nacional_monte_piedad10.jpg' title=\"Joyer\u00eda Nacional Monte de Piedad sucursal Santa Fe \/ usoarquitectura (\u00a9 H\u00e9ctor Armando Herrera)\" data-rl_title=\"Joyer\u00eda Nacional Monte de Piedad sucursal Santa Fe \/ usoarquitectura (\u00a9 H\u00e9ctor Armando Herrera)\" class=\"rl-gallery-link\" data-rl_caption=\"Joyer\u00eda Nacional Monte de Piedad sucursal Santa Fe \/ usoarquitectura (\u00a9 H\u00e9ctor Armando Herrera)\" data-rel=\"lightbox-gallery-1\"><img loading=\"lazy\" decoding=\"async\" width=\"150\" height=\"150\" src=\"https:\/\/www.arquimaster.com.ar\/web\/wp-content\/uploads\/2015\/10\/nacional_monte_piedad10-150x150.jpg\" class=\"attachment-thumbnail size-thumbnail\" alt=\"\" aria-describedby=\"gallery-1-17751\" srcset=\"https:\/\/www.arquimaster.com.ar\/web\/wp-content\/uploads\/2015\/10\/nacional_monte_piedad10-150x150.jpg 150w, https:\/\/www.arquimaster.com.ar\/web\/wp-content\/uploads\/2015\/10\/nacional_monte_piedad10-50x50.jpg 50w, https:\/\/www.arquimaster.com.ar\/web\/wp-content\/uploads\/2015\/10\/nacional_monte_piedad10-125x125.jpg 125w\" sizes=\"auto, (max-width: 150px) 100vw, 150px\" \/><\/a>\n\t\t\t<\/div>\n\t\t\t\t<figcaption class='wp-caption-text gallery-caption' id='gallery-1-17751'>\n\t\t\t\tJoyer\u00eda Nacional Monte de Piedad sucursal Santa Fe \/ usoarquitectura (\u00a9 H\u00e9ctor Armando Herrera)\n\t\t\t\t<\/figcaption><\/figure>\n\t\t<\/div>\n\n<p>La primera impresi\u00f3n para el cliente es la fachada del local y para destacar de los circundantes se propuso un despiece en piedra que representa la solidez de la empresa.<\/p>\n<p>Hacia el interior, lo m\u00e1s importante era que la operaci\u00f3n del empe\u00f1o de una joya resultara discreta. Las cabinas de los valuadores destacan por su acabado en tapiz vin\u00edlico metalizado y ofrecen las comodidades para llevar a cabo todas las operaciones sin ser visto, tanto dentro del local como para el paseante del centro comercial.<\/p>\n<p>El reto m\u00e1s grande fue coordinar todas las instalaciones para lograr que se mimetizaran en el plaf\u00f3n los detectores de humo, las salidas de aire acondicionado e incluso la se\u00f1alizaci\u00f3n de protecci\u00f3n civil.<\/p>\n<p>El piso es negro en acabado brillante para destacar los dos grandes cilindros y mate en las \u00e1reas de exhibici\u00f3n. Para marcar el acceso y la ruta de evacuaci\u00f3n, se eligi\u00f3 un porcelanato en color gris c\u00e1lido para contrastar.<\/p>\n<p>Como es un espacio para la exhibici\u00f3n de joyas, la paleta de colores y acabados permiten que el dorado, plateado y los brillos iridiscentes de las piedras destaquen con el negro, gris c\u00e1lido, las diferentes tonalidades de blanco crudo y el gris viol\u00e1ceo.<\/p>\n<p>La selecci\u00f3n y el dise\u00f1o de mobiliario tambi\u00e9n tuvo un papel protag\u00f3nico ya que adem\u00e1s de dise\u00f1ar vitrinas especiales para los diferentes espacios que hicieran lucir las joyas, se tomaron en cuenta todos los requerimientos de operaci\u00f3n y seguridad solicitados por el cliente.<\/p>\n<p>El dise\u00f1o del plaf\u00f3n muestra un grupo de galer\u00edas y ranuras que se desplazan desde el fondo del local hasta la salida para direccionar los ojos del cliente, acentuar la longitud del espacio intervenido desde el exterior del local.<\/p>\n<p><strong>Ficha tecnica<\/strong><br \/>\nNombre: Joyer\u00eda Nacional Monte de Piedad sucursal Santa Fe<br \/>\nUbicaci\u00f3n: M\u00e9xico DF<br \/>\nProyecto: usoarquitectura (Gabriel Salazar y Fernando Casta\u00f1\u00f3n)<br \/>\nColaboradores: Francisco Ortiz<br \/>\nMobiliario: Herman Miller y Steelcase<br \/>\nSuperficie construida: 260 m2<br \/>\nA\u00f1o: 2014<br \/>\nFotograf\u00eda: H\u00e9ctor Armando Herrera<\/p>\n<p><strong>Contacto:<\/strong> <a href=\"http:\/\/www.usoarquitectura.com.mx\" target=\"_blank\">http:\/\/www.usoarquitectura.com.mx<\/a><\/p>\n\n<div style=\"font-size: 0px; height: 0px; line-height: 0px; margin: 0; padding: 0; clear: both;\"><\/div><div style=\"margin-top: 0px; margin-bottom: 0px;\" class=\"sharethis-inline-share-buttons\" ><\/div>","protected":false},"excerpt":{"rendered":"<p>El dise\u00f1o direcciona los ojos del cliente y acentua la longitud del espacio intervenido..<\/p>\n","protected":false},"author":1,"featured_media":17741,"comment_status":"closed","ping_status":"closed","sticky":false,"template":"","format":"standard","meta":{"_uag_custom_page_level_css":"","footnotes":""},"categories":[75,1],"tags":[1233,250,2148,2147,2111,1513,256],"class_list":["post-17740","post","type-post","status-publish","format-standard","has-post-thumbnail","hentry","category-arquitectura-comercial","category-proyecto","tag-arquitectura-comercial-2","tag-ciudad-de-mexico","tag-fernando-castanon","tag-gabriel-salazar","tag-joyeria","tag-local-comercial","tag-usoarquitectura","generate-columns","tablet-grid-50","mobile-grid-100","grid-parent","grid-50"],"yoast_head":"<!-- This site is optimized with the Yoast SEO plugin v27.3 - https:\/\/yoast.com\/product\/yoast-seo-wordpress\/ -->\n<title>Joyer\u00eda Nacional Monte de Piedad sucursal Santa Fe \/ usoarquitectura - Arquimaster<\/title>\n<meta name=\"robots\" content=\"index, follow, max-snippet:-1, max-image-preview:large, max-video-preview:-1\" \/>\n<link rel=\"canonical\" href=\"https:\/\/www.arquimaster.com.ar\/web\/joyeria-nacional-monte-de-piedad-sucursal-santa-fe-usoarquitectura\/\" \/>\n<meta property=\"og:locale\" content=\"es_ES\" \/>\n<meta property=\"og:type\" content=\"article\" \/>\n<meta property=\"og:title\" content=\"Joyer\u00eda Nacional Monte de Piedad sucursal Santa Fe \/ usoarquitectura - Arquimaster\" \/>\n<meta property=\"og:description\" content=\"El dise\u00f1o direcciona los ojos del cliente y acentua la longitud del espacio intervenido..\" \/>\n<meta property=\"og:url\" content=\"https:\/\/www.arquimaster.com.ar\/web\/joyeria-nacional-monte-de-piedad-sucursal-santa-fe-usoarquitectura\/\" \/>\n<meta property=\"og:site_name\" content=\"Arquimaster\" \/>\n<meta property=\"article:publisher\" content=\"http:\/\/www.facebook.com\/ARQUIMASTER.com.ar\" \/>\n<meta property=\"article:published_time\" content=\"2015-10-06T23:53:11+00:00\" \/>\n<meta property=\"og:image\" content=\"https:\/\/www.arquimaster.com.ar\/web\/wp-content\/uploads\/2015\/10\/nacional_monte_piedad_slide.jpg\" \/>\n\t<meta property=\"og:image:width\" content=\"642\" \/>\n\t<meta property=\"og:image:height\" content=\"336\" \/>\n\t<meta property=\"og:image:type\" content=\"image\/jpeg\" \/>\n<meta name=\"author\" content=\"Arquimaster\" \/>\n<meta name=\"twitter:card\" content=\"summary_large_image\" \/>\n<meta name=\"twitter:creator\" content=\"@arquimaster\" \/>\n<meta name=\"twitter:site\" content=\"@arquimaster\" \/>\n<meta name=\"twitter:label1\" content=\"Escrito por\" \/>\n\t<meta name=\"twitter:data1\" content=\"Arquimaster\" \/>\n\t<meta name=\"twitter:label2\" content=\"Tiempo de lectura\" \/>\n\t<meta name=\"twitter:data2\" content=\"2 minutos\" \/>\n<script type=\"application\/ld+json\" class=\"yoast-schema-graph\">{\"@context\":\"https:\\\/\\\/schema.org\",\"@graph\":[{\"@type\":\"Article\",\"@id\":\"https:\\\/\\\/www.arquimaster.com.ar\\\/web\\\/joyeria-nacional-monte-de-piedad-sucursal-santa-fe-usoarquitectura\\\/#article\",\"isPartOf\":{\"@id\":\"https:\\\/\\\/www.arquimaster.com.ar\\\/web\\\/joyeria-nacional-monte-de-piedad-sucursal-santa-fe-usoarquitectura\\\/\"},\"author\":{\"name\":\"Arquimaster\",\"@id\":\"https:\\\/\\\/www.arquimaster.com.ar\\\/web\\\/#\\\/schema\\\/person\\\/359e9f7c00193fcde068e0dd2ceb0028\"},\"headline\":\"Joyer\u00eda Nacional Monte de Piedad sucursal Santa Fe \\\/ usoarquitectura\",\"datePublished\":\"2015-10-06T23:53:11+00:00\",\"mainEntityOfPage\":{\"@id\":\"https:\\\/\\\/www.arquimaster.com.ar\\\/web\\\/joyeria-nacional-monte-de-piedad-sucursal-santa-fe-usoarquitectura\\\/\"},\"wordCount\":466,\"publisher\":{\"@id\":\"https:\\\/\\\/www.arquimaster.com.ar\\\/web\\\/#organization\"},\"image\":{\"@id\":\"https:\\\/\\\/www.arquimaster.com.ar\\\/web\\\/joyeria-nacional-monte-de-piedad-sucursal-santa-fe-usoarquitectura\\\/#primaryimage\"},\"thumbnailUrl\":\"https:\\\/\\\/www.arquimaster.com.ar\\\/web\\\/wp-content\\\/uploads\\\/2015\\\/10\\\/nacional_monte_piedad_slide.jpg\",\"keywords\":[\"arquitectura comercial\",\"Ciudad de Mexico\",\"Fernando Casta\u00f1\u00f3n\",\"Gabriel Salazar\",\"joyeria\",\"locales comerciales\",\"usoarquitectura\"],\"articleSection\":[\"Arquitectura comercial\",\"Proyecto\"],\"inLanguage\":\"es\"},{\"@type\":\"WebPage\",\"@id\":\"https:\\\/\\\/www.arquimaster.com.ar\\\/web\\\/joyeria-nacional-monte-de-piedad-sucursal-santa-fe-usoarquitectura\\\/\",\"url\":\"https:\\\/\\\/www.arquimaster.com.ar\\\/web\\\/joyeria-nacional-monte-de-piedad-sucursal-santa-fe-usoarquitectura\\\/\",\"name\":\"Joyer\u00eda Nacional Monte de Piedad sucursal Santa Fe \\\/ usoarquitectura - Arquimaster\",\"isPartOf\":{\"@id\":\"https:\\\/\\\/www.arquimaster.com.ar\\\/web\\\/#website\"},\"primaryImageOfPage\":{\"@id\":\"https:\\\/\\\/www.arquimaster.com.ar\\\/web\\\/joyeria-nacional-monte-de-piedad-sucursal-santa-fe-usoarquitectura\\\/#primaryimage\"},\"image\":{\"@id\":\"https:\\\/\\\/www.arquimaster.com.ar\\\/web\\\/joyeria-nacional-monte-de-piedad-sucursal-santa-fe-usoarquitectura\\\/#primaryimage\"},\"thumbnailUrl\":\"https:\\\/\\\/www.arquimaster.com.ar\\\/web\\\/wp-content\\\/uploads\\\/2015\\\/10\\\/nacional_monte_piedad_slide.jpg\",\"datePublished\":\"2015-10-06T23:53:11+00:00\",\"breadcrumb\":{\"@id\":\"https:\\\/\\\/www.arquimaster.com.ar\\\/web\\\/joyeria-nacional-monte-de-piedad-sucursal-santa-fe-usoarquitectura\\\/#breadcrumb\"},\"inLanguage\":\"es\",\"potentialAction\":[{\"@type\":\"ReadAction\",\"target\":[\"https:\\\/\\\/www.arquimaster.com.ar\\\/web\\\/joyeria-nacional-monte-de-piedad-sucursal-santa-fe-usoarquitectura\\\/\"]}]},{\"@type\":\"ImageObject\",\"inLanguage\":\"es\",\"@id\":\"https:\\\/\\\/www.arquimaster.com.ar\\\/web\\\/joyeria-nacional-monte-de-piedad-sucursal-santa-fe-usoarquitectura\\\/#primaryimage\",\"url\":\"https:\\\/\\\/www.arquimaster.com.ar\\\/web\\\/wp-content\\\/uploads\\\/2015\\\/10\\\/nacional_monte_piedad_slide.jpg\",\"contentUrl\":\"https:\\\/\\\/www.arquimaster.com.ar\\\/web\\\/wp-content\\\/uploads\\\/2015\\\/10\\\/nacional_monte_piedad_slide.jpg\",\"width\":642,\"height\":336},{\"@type\":\"BreadcrumbList\",\"@id\":\"https:\\\/\\\/www.arquimaster.com.ar\\\/web\\\/joyeria-nacional-monte-de-piedad-sucursal-santa-fe-usoarquitectura\\\/#breadcrumb\",\"itemListElement\":[{\"@type\":\"ListItem\",\"position\":1,\"name\":\"Portada\",\"item\":\"https:\\\/\\\/www.arquimaster.com.ar\\\/web\\\/\"},{\"@type\":\"ListItem\",\"position\":2,\"name\":\"Joyer\u00eda Nacional Monte de Piedad sucursal Santa Fe \\\/ usoarquitectura\"}]},{\"@type\":\"WebSite\",\"@id\":\"https:\\\/\\\/www.arquimaster.com.ar\\\/web\\\/#website\",\"url\":\"https:\\\/\\\/www.arquimaster.com.ar\\\/web\\\/\",\"name\":\"Arquimaster\",\"description\":\"Web de arquitectura, dise\u00f1o y construccion\",\"publisher\":{\"@id\":\"https:\\\/\\\/www.arquimaster.com.ar\\\/web\\\/#organization\"},\"potentialAction\":[{\"@type\":\"SearchAction\",\"target\":{\"@type\":\"EntryPoint\",\"urlTemplate\":\"https:\\\/\\\/www.arquimaster.com.ar\\\/web\\\/?s={search_term_string}\"},\"query-input\":{\"@type\":\"PropertyValueSpecification\",\"valueRequired\":true,\"valueName\":\"search_term_string\"}}],\"inLanguage\":\"es\"},{\"@type\":\"Organization\",\"@id\":\"https:\\\/\\\/www.arquimaster.com.ar\\\/web\\\/#organization\",\"name\":\"Arquimaster\",\"url\":\"https:\\\/\\\/www.arquimaster.com.ar\\\/web\\\/\",\"logo\":{\"@type\":\"ImageObject\",\"inLanguage\":\"es\",\"@id\":\"https:\\\/\\\/www.arquimaster.com.ar\\\/web\\\/#\\\/schema\\\/logo\\\/image\\\/\",\"url\":\"https:\\\/\\\/www.arquimaster.com.ar\\\/web\\\/wp-content\\\/uploads\\\/2022\\\/06\\\/arquimaster.png\",\"contentUrl\":\"https:\\\/\\\/www.arquimaster.com.ar\\\/web\\\/wp-content\\\/uploads\\\/2022\\\/06\\\/arquimaster.png\",\"width\":594,\"height\":78,\"caption\":\"Arquimaster\"},\"image\":{\"@id\":\"https:\\\/\\\/www.arquimaster.com.ar\\\/web\\\/#\\\/schema\\\/logo\\\/image\\\/\"},\"sameAs\":[\"http:\\\/\\\/www.facebook.com\\\/ARQUIMASTER.com.ar\",\"https:\\\/\\\/x.com\\\/arquimaster\",\"https:\\\/\\\/www.instagram.com\\\/arquimasterblog\\\/\",\"https:\\\/\\\/www.linkedin.com\\\/company\\\/arquimaster\",\"https:\\\/\\\/www.pinterest.com\\\/arquimaster\",\"https:\\\/\\\/t.me\\\/arquimaster\"]},{\"@type\":\"Person\",\"@id\":\"https:\\\/\\\/www.arquimaster.com.ar\\\/web\\\/#\\\/schema\\\/person\\\/359e9f7c00193fcde068e0dd2ceb0028\",\"name\":\"Arquimaster\"}]}<\/script>\n<!-- \/ Yoast SEO plugin. -->","yoast_head_json":{"title":"Joyer\u00eda Nacional Monte de Piedad sucursal Santa Fe \/ usoarquitectura - Arquimaster","robots":{"index":"index","follow":"follow","max-snippet":"max-snippet:-1","max-image-preview":"max-image-preview:large","max-video-preview":"max-video-preview:-1"},"canonical":"https:\/\/www.arquimaster.com.ar\/web\/joyeria-nacional-monte-de-piedad-sucursal-santa-fe-usoarquitectura\/","og_locale":"es_ES","og_type":"article","og_title":"Joyer\u00eda Nacional Monte de Piedad sucursal Santa Fe \/ usoarquitectura - Arquimaster","og_description":"El dise\u00f1o direcciona los ojos del cliente y acentua la longitud del espacio intervenido..","og_url":"https:\/\/www.arquimaster.com.ar\/web\/joyeria-nacional-monte-de-piedad-sucursal-santa-fe-usoarquitectura\/","og_site_name":"Arquimaster","article_publisher":"http:\/\/www.facebook.com\/ARQUIMASTER.com.ar","article_published_time":"2015-10-06T23:53:11+00:00","og_image":[{"width":642,"height":336,"url":"https:\/\/www.arquimaster.com.ar\/web\/wp-content\/uploads\/2015\/10\/nacional_monte_piedad_slide.jpg","type":"image\/jpeg"}],"author":"Arquimaster","twitter_card":"summary_large_image","twitter_creator":"@arquimaster","twitter_site":"@arquimaster","twitter_misc":{"Escrito por":"Arquimaster","Tiempo de lectura":"2 minutos"},"schema":{"@context":"https:\/\/schema.org","@graph":[{"@type":"Article","@id":"https:\/\/www.arquimaster.com.ar\/web\/joyeria-nacional-monte-de-piedad-sucursal-santa-fe-usoarquitectura\/#article","isPartOf":{"@id":"https:\/\/www.arquimaster.com.ar\/web\/joyeria-nacional-monte-de-piedad-sucursal-santa-fe-usoarquitectura\/"},"author":{"name":"Arquimaster","@id":"https:\/\/www.arquimaster.com.ar\/web\/#\/schema\/person\/359e9f7c00193fcde068e0dd2ceb0028"},"headline":"Joyer\u00eda Nacional Monte de Piedad sucursal Santa Fe \/ usoarquitectura","datePublished":"2015-10-06T23:53:11+00:00","mainEntityOfPage":{"@id":"https:\/\/www.arquimaster.com.ar\/web\/joyeria-nacional-monte-de-piedad-sucursal-santa-fe-usoarquitectura\/"},"wordCount":466,"publisher":{"@id":"https:\/\/www.arquimaster.com.ar\/web\/#organization"},"image":{"@id":"https:\/\/www.arquimaster.com.ar\/web\/joyeria-nacional-monte-de-piedad-sucursal-santa-fe-usoarquitectura\/#primaryimage"},"thumbnailUrl":"https:\/\/www.arquimaster.com.ar\/web\/wp-content\/uploads\/2015\/10\/nacional_monte_piedad_slide.jpg","keywords":["arquitectura comercial","Ciudad de Mexico","Fernando Casta\u00f1\u00f3n","Gabriel Salazar","joyeria","locales comerciales","usoarquitectura"],"articleSection":["Arquitectura comercial","Proyecto"],"inLanguage":"es"},{"@type":"WebPage","@id":"https:\/\/www.arquimaster.com.ar\/web\/joyeria-nacional-monte-de-piedad-sucursal-santa-fe-usoarquitectura\/","url":"https:\/\/www.arquimaster.com.ar\/web\/joyeria-nacional-monte-de-piedad-sucursal-santa-fe-usoarquitectura\/","name":"Joyer\u00eda Nacional Monte de Piedad sucursal Santa Fe \/ usoarquitectura - Arquimaster","isPartOf":{"@id":"https:\/\/www.arquimaster.com.ar\/web\/#website"},"primaryImageOfPage":{"@id":"https:\/\/www.arquimaster.com.ar\/web\/joyeria-nacional-monte-de-piedad-sucursal-santa-fe-usoarquitectura\/#primaryimage"},"image":{"@id":"https:\/\/www.arquimaster.com.ar\/web\/joyeria-nacional-monte-de-piedad-sucursal-santa-fe-usoarquitectura\/#primaryimage"},"thumbnailUrl":"https:\/\/www.arquimaster.com.ar\/web\/wp-content\/uploads\/2015\/10\/nacional_monte_piedad_slide.jpg","datePublished":"2015-10-06T23:53:11+00:00","breadcrumb":{"@id":"https:\/\/www.arquimaster.com.ar\/web\/joyeria-nacional-monte-de-piedad-sucursal-santa-fe-usoarquitectura\/#breadcrumb"},"inLanguage":"es","potentialAction":[{"@type":"ReadAction","target":["https:\/\/www.arquimaster.com.ar\/web\/joyeria-nacional-monte-de-piedad-sucursal-santa-fe-usoarquitectura\/"]}]},{"@type":"ImageObject","inLanguage":"es","@id":"https:\/\/www.arquimaster.com.ar\/web\/joyeria-nacional-monte-de-piedad-sucursal-santa-fe-usoarquitectura\/#primaryimage","url":"https:\/\/www.arquimaster.com.ar\/web\/wp-content\/uploads\/2015\/10\/nacional_monte_piedad_slide.jpg","contentUrl":"https:\/\/www.arquimaster.com.ar\/web\/wp-content\/uploads\/2015\/10\/nacional_monte_piedad_slide.jpg","width":642,"height":336},{"@type":"BreadcrumbList","@id":"https:\/\/www.arquimaster.com.ar\/web\/joyeria-nacional-monte-de-piedad-sucursal-santa-fe-usoarquitectura\/#breadcrumb","itemListElement":[{"@type":"ListItem","position":1,"name":"Portada","item":"https:\/\/www.arquimaster.com.ar\/web\/"},{"@type":"ListItem","position":2,"name":"Joyer\u00eda Nacional Monte de Piedad sucursal Santa Fe \/ usoarquitectura"}]},{"@type":"WebSite","@id":"https:\/\/www.arquimaster.com.ar\/web\/#website","url":"https:\/\/www.arquimaster.com.ar\/web\/","name":"Arquimaster","description":"Web de arquitectura, dise\u00f1o y construccion","publisher":{"@id":"https:\/\/www.arquimaster.com.ar\/web\/#organization"},"potentialAction":[{"@type":"SearchAction","target":{"@type":"EntryPoint","urlTemplate":"https:\/\/www.arquimaster.com.ar\/web\/?s={search_term_string}"},"query-input":{"@type":"PropertyValueSpecification","valueRequired":true,"valueName":"search_term_string"}}],"inLanguage":"es"},{"@type":"Organization","@id":"https:\/\/www.arquimaster.com.ar\/web\/#organization","name":"Arquimaster","url":"https:\/\/www.arquimaster.com.ar\/web\/","logo":{"@type":"ImageObject","inLanguage":"es","@id":"https:\/\/www.arquimaster.com.ar\/web\/#\/schema\/logo\/image\/","url":"https:\/\/www.arquimaster.com.ar\/web\/wp-content\/uploads\/2022\/06\/arquimaster.png","contentUrl":"https:\/\/www.arquimaster.com.ar\/web\/wp-content\/uploads\/2022\/06\/arquimaster.png","width":594,"height":78,"caption":"Arquimaster"},"image":{"@id":"https:\/\/www.arquimaster.com.ar\/web\/#\/schema\/logo\/image\/"},"sameAs":["http:\/\/www.facebook.com\/ARQUIMASTER.com.ar","https:\/\/x.com\/arquimaster","https:\/\/www.instagram.com\/arquimasterblog\/","https:\/\/www.linkedin.com\/company\/arquimaster","https:\/\/www.pinterest.com\/arquimaster","https:\/\/t.me\/arquimaster"]},{"@type":"Person","@id":"https:\/\/www.arquimaster.com.ar\/web\/#\/schema\/person\/359e9f7c00193fcde068e0dd2ceb0028","name":"Arquimaster"}]}},"uagb_featured_image_src":{"full":["https:\/\/www.arquimaster.com.ar\/web\/wp-content\/uploads\/2015\/10\/nacional_monte_piedad_slide.jpg",642,336,false],"thumbnail":["https:\/\/www.arquimaster.com.ar\/web\/wp-content\/uploads\/2015\/10\/nacional_monte_piedad_slide-150x150.jpg",150,150,true],"medium":["https:\/\/www.arquimaster.com.ar\/web\/wp-content\/uploads\/2015\/10\/nacional_monte_piedad_slide.jpg",642,336,false],"medium_large":["https:\/\/www.arquimaster.com.ar\/web\/wp-content\/uploads\/2015\/10\/nacional_monte_piedad_slide.jpg",642,336,false],"large":["https:\/\/www.arquimaster.com.ar\/web\/wp-content\/uploads\/2015\/10\/nacional_monte_piedad_slide.jpg",642,336,false],"1536x1536":["https:\/\/www.arquimaster.com.ar\/web\/wp-content\/uploads\/2015\/10\/nacional_monte_piedad_slide.jpg",642,336,false],"2048x2048":["https:\/\/www.arquimaster.com.ar\/web\/wp-content\/uploads\/2015\/10\/nacional_monte_piedad_slide.jpg",642,336,false]},"uagb_author_info":{"display_name":"Arquimaster","author_link":"https:\/\/www.arquimaster.com.ar\/web\/author\/arquimaster\/"},"uagb_comment_info":0,"uagb_excerpt":"El dise\u00f1o direcciona los ojos del cliente y acentua la longitud del espacio intervenido..","_links":{"self":[{"href":"https:\/\/www.arquimaster.com.ar\/web\/wp-json\/wp\/v2\/posts\/17740","targetHints":{"allow":["GET"]}}],"collection":[{"href":"https:\/\/www.arquimaster.com.ar\/web\/wp-json\/wp\/v2\/posts"}],"about":[{"href":"https:\/\/www.arquimaster.com.ar\/web\/wp-json\/wp\/v2\/types\/post"}],"author":[{"embeddable":true,"href":"https:\/\/www.arquimaster.com.ar\/web\/wp-json\/wp\/v2\/users\/1"}],"replies":[{"embeddable":true,"href":"https:\/\/www.arquimaster.com.ar\/web\/wp-json\/wp\/v2\/comments?post=17740"}],"version-history":[{"count":0,"href":"https:\/\/www.arquimaster.com.ar\/web\/wp-json\/wp\/v2\/posts\/17740\/revisions"}],"wp:featuredmedia":[{"embeddable":true,"href":"https:\/\/www.arquimaster.com.ar\/web\/wp-json\/wp\/v2\/media\/17741"}],"wp:attachment":[{"href":"https:\/\/www.arquimaster.com.ar\/web\/wp-json\/wp\/v2\/media?parent=17740"}],"wp:term":[{"taxonomy":"category","embeddable":true,"href":"https:\/\/www.arquimaster.com.ar\/web\/wp-json\/wp\/v2\/categories?post=17740"},{"taxonomy":"post_tag","embeddable":true,"href":"https:\/\/www.arquimaster.com.ar\/web\/wp-json\/wp\/v2\/tags?post=17740"}],"curies":[{"name":"wp","href":"https:\/\/api.w.org\/{rel}","templated":true}]}}