{"id":17780,"date":"2015-10-13T10:00:32","date_gmt":"2015-10-13T10:00:32","guid":{"rendered":"http:\/\/www.arquimaster.com.ar\/web\/?p=17780"},"modified":"2015-10-14T04:42:30","modified_gmt":"2015-10-14T04:42:30","slug":"bodegas-y-vinedos-de-cote-serrano-monjaraz-arquitectos","status":"publish","type":"post","link":"https:\/\/www.arquimaster.com.ar\/web\/bodegas-y-vinedos-de-cote-serrano-monjaraz-arquitectos\/","title":{"rendered":"Bodegas y vi\u00f1edos De Cot\u00e9 \/ Serrano Monjaraz Arquitectos"},"content":{"rendered":"<div style=\"margin-top: 0px; margin-bottom: 0px;\" class=\"sharethis-inline-share-buttons\" ><\/div><div class=\"b812932af2e751442846f039925109de\" data-index=\"1\" style=\"float: none; margin:25px 0 25px 0; text-align:center;\">\n<script async src=\"https:\/\/pagead2.googlesyndication.com\/pagead\/js\/adsbygoogle.js\"><\/script>\r\n<!-- Arquimaster (superior) -->\r\n<ins class=\"adsbygoogle\"\r\n     style=\"display:block\"\r\n     data-ad-client=\"ca-pub-6351072698456832\"\r\n     data-ad-slot=\"6455489680\"\r\n     data-ad-format=\"auto\"\r\n     data-full-width-responsive=\"true\"><\/ins>\r\n<script>\r\n     (adsbygoogle = window.adsbygoogle || []).push({});\r\n<\/script>\n<\/div>\n<p><strong>Bodegas y vi\u00f1edos De Cot\u00e9<\/strong> (Ezequiel Montes, Quer\u00e9taro, M\u00e9xico) por <strong>Serrano Monjaraz Arquitectos<\/strong>. Las bodegas de vino se han ido transformando con los a\u00f1os dando espacio a una serie de actividades paralelas a la operaci\u00f3n propia del vi\u00f1edo, que ahora marcan el reto de desarrollar un programa que permita que estas dos actividades se lleven a cabo paralelamente.<\/p>\n<div id='gallery-1' class='gallery galleryid-17780 gallery-columns-3 gallery-size-thumbnail'><figure class='gallery-item'>\n\t\t\t<div class='gallery-icon landscape'>\n\t\t\t\t<a href='https:\/\/www.arquimaster.com.ar\/web\/wp-content\/uploads\/2015\/10\/vinedo_de_cote1.jpg' title=\"Bodegas y vi\u00f1edos De Cot\u00e9 \/ Serrano Monjaraz Arquitectos (\u00a9 Jaime Navarro)\" data-rl_title=\"Bodegas y vi\u00f1edos De Cot\u00e9 \/ Serrano Monjaraz Arquitectos (\u00a9 Jaime Navarro)\" class=\"rl-gallery-link\" data-rl_caption=\"Bodegas y vi\u00f1edos De Cot\u00e9 \/ Serrano Monjaraz Arquitectos (\u00a9 Jaime Navarro)\" data-rel=\"lightbox-gallery-1\"><img loading=\"lazy\" decoding=\"async\" width=\"150\" height=\"150\" src=\"https:\/\/www.arquimaster.com.ar\/web\/wp-content\/uploads\/2015\/10\/vinedo_de_cote1-150x150.jpg\" class=\"attachment-thumbnail size-thumbnail\" alt=\"\" aria-describedby=\"gallery-1-17782\" srcset=\"https:\/\/www.arquimaster.com.ar\/web\/wp-content\/uploads\/2015\/10\/vinedo_de_cote1-150x150.jpg 150w, https:\/\/www.arquimaster.com.ar\/web\/wp-content\/uploads\/2015\/10\/vinedo_de_cote1-50x50.jpg 50w, https:\/\/www.arquimaster.com.ar\/web\/wp-content\/uploads\/2015\/10\/vinedo_de_cote1-125x125.jpg 125w\" sizes=\"auto, (max-width: 150px) 100vw, 150px\" \/><\/a>\n\t\t\t<\/div>\n\t\t\t\t<figcaption class='wp-caption-text gallery-caption' id='gallery-1-17782'>\n\t\t\t\tBodegas y vi\u00f1edos De Cot\u00e9 \/ Serrano Monjaraz Arquitectos (\u00a9 Jaime Navarro)\n\t\t\t\t<\/figcaption><\/figure><figure class='gallery-item'>\n\t\t\t<div class='gallery-icon landscape'>\n\t\t\t\t<a href='https:\/\/www.arquimaster.com.ar\/web\/wp-content\/uploads\/2015\/10\/vinedo_de_cote2.jpg' title=\"Bodegas y vi\u00f1edos De Cot\u00e9 \/ Serrano Monjaraz Arquitectos (\u00a9 Jaime Navarro)\" data-rl_title=\"Bodegas y vi\u00f1edos De Cot\u00e9 \/ Serrano Monjaraz Arquitectos (\u00a9 Jaime Navarro)\" class=\"rl-gallery-link\" data-rl_caption=\"Bodegas y vi\u00f1edos De Cot\u00e9 \/ Serrano Monjaraz Arquitectos (\u00a9 Jaime Navarro)\" data-rel=\"lightbox-gallery-1\"><img loading=\"lazy\" decoding=\"async\" width=\"150\" height=\"150\" src=\"https:\/\/www.arquimaster.com.ar\/web\/wp-content\/uploads\/2015\/10\/vinedo_de_cote2-150x150.jpg\" class=\"attachment-thumbnail size-thumbnail\" alt=\"\" aria-describedby=\"gallery-1-17783\" srcset=\"https:\/\/www.arquimaster.com.ar\/web\/wp-content\/uploads\/2015\/10\/vinedo_de_cote2-150x150.jpg 150w, https:\/\/www.arquimaster.com.ar\/web\/wp-content\/uploads\/2015\/10\/vinedo_de_cote2-50x50.jpg 50w, https:\/\/www.arquimaster.com.ar\/web\/wp-content\/uploads\/2015\/10\/vinedo_de_cote2-125x125.jpg 125w\" sizes=\"auto, (max-width: 150px) 100vw, 150px\" \/><\/a>\n\t\t\t<\/div>\n\t\t\t\t<figcaption class='wp-caption-text gallery-caption' id='gallery-1-17783'>\n\t\t\t\tBodegas y vi\u00f1edos De Cot\u00e9 \/ Serrano Monjaraz Arquitectos (\u00a9 Jaime Navarro)\n\t\t\t\t<\/figcaption><\/figure><figure class='gallery-item'>\n\t\t\t<div class='gallery-icon landscape'>\n\t\t\t\t<a href='https:\/\/www.arquimaster.com.ar\/web\/wp-content\/uploads\/2015\/10\/vinedo_de_cote3.jpg' title=\"Bodegas y vi\u00f1edos De Cot\u00e9 \/ Serrano Monjaraz Arquitectos (\u00a9 Jaime Navarro)\" data-rl_title=\"Bodegas y vi\u00f1edos De Cot\u00e9 \/ Serrano Monjaraz Arquitectos (\u00a9 Jaime Navarro)\" class=\"rl-gallery-link\" data-rl_caption=\"Bodegas y vi\u00f1edos De Cot\u00e9 \/ Serrano Monjaraz Arquitectos (\u00a9 Jaime Navarro)\" data-rel=\"lightbox-gallery-1\"><img loading=\"lazy\" decoding=\"async\" width=\"150\" height=\"150\" src=\"https:\/\/www.arquimaster.com.ar\/web\/wp-content\/uploads\/2015\/10\/vinedo_de_cote3-150x150.jpg\" class=\"attachment-thumbnail size-thumbnail\" alt=\"\" aria-describedby=\"gallery-1-17784\" srcset=\"https:\/\/www.arquimaster.com.ar\/web\/wp-content\/uploads\/2015\/10\/vinedo_de_cote3-150x150.jpg 150w, https:\/\/www.arquimaster.com.ar\/web\/wp-content\/uploads\/2015\/10\/vinedo_de_cote3-50x50.jpg 50w, https:\/\/www.arquimaster.com.ar\/web\/wp-content\/uploads\/2015\/10\/vinedo_de_cote3-125x125.jpg 125w\" sizes=\"auto, (max-width: 150px) 100vw, 150px\" \/><\/a>\n\t\t\t<\/div>\n\t\t\t\t<figcaption class='wp-caption-text gallery-caption' id='gallery-1-17784'>\n\t\t\t\tBodegas y vi\u00f1edos De Cot\u00e9 \/ Serrano Monjaraz Arquitectos (\u00a9 Jaime Navarro)\n\t\t\t\t<\/figcaption><\/figure><figure class='gallery-item'>\n\t\t\t<div class='gallery-icon landscape'>\n\t\t\t\t<a href='https:\/\/www.arquimaster.com.ar\/web\/wp-content\/uploads\/2015\/10\/vinedo_de_cote4.jpg' title=\"Bodegas y vi\u00f1edos De Cot\u00e9 \/ Serrano Monjaraz Arquitectos (\u00a9 Jaime Navarro)\" data-rl_title=\"Bodegas y vi\u00f1edos De Cot\u00e9 \/ Serrano Monjaraz Arquitectos (\u00a9 Jaime Navarro)\" class=\"rl-gallery-link\" data-rl_caption=\"Bodegas y vi\u00f1edos De Cot\u00e9 \/ Serrano Monjaraz Arquitectos (\u00a9 Jaime Navarro)\" data-rel=\"lightbox-gallery-1\"><img loading=\"lazy\" decoding=\"async\" width=\"150\" height=\"150\" src=\"https:\/\/www.arquimaster.com.ar\/web\/wp-content\/uploads\/2015\/10\/vinedo_de_cote4-150x150.jpg\" class=\"attachment-thumbnail size-thumbnail\" alt=\"\" aria-describedby=\"gallery-1-17785\" srcset=\"https:\/\/www.arquimaster.com.ar\/web\/wp-content\/uploads\/2015\/10\/vinedo_de_cote4-150x150.jpg 150w, https:\/\/www.arquimaster.com.ar\/web\/wp-content\/uploads\/2015\/10\/vinedo_de_cote4-50x50.jpg 50w, https:\/\/www.arquimaster.com.ar\/web\/wp-content\/uploads\/2015\/10\/vinedo_de_cote4-125x125.jpg 125w\" sizes=\"auto, (max-width: 150px) 100vw, 150px\" \/><\/a>\n\t\t\t<\/div>\n\t\t\t\t<figcaption class='wp-caption-text gallery-caption' id='gallery-1-17785'>\n\t\t\t\tBodegas y vi\u00f1edos De Cot\u00e9 \/ Serrano Monjaraz Arquitectos (\u00a9 Jaime Navarro)\n\t\t\t\t<\/figcaption><\/figure><figure class='gallery-item'>\n\t\t\t<div class='gallery-icon landscape'>\n\t\t\t\t<a href='https:\/\/www.arquimaster.com.ar\/web\/wp-content\/uploads\/2015\/10\/vinedo_de_cote5.jpg' title=\"Bodegas y vi\u00f1edos De Cot\u00e9 \/ Serrano Monjaraz Arquitectos (\u00a9 Jaime Navarro)\" data-rl_title=\"Bodegas y vi\u00f1edos De Cot\u00e9 \/ Serrano Monjaraz Arquitectos (\u00a9 Jaime Navarro)\" class=\"rl-gallery-link\" data-rl_caption=\"Bodegas y vi\u00f1edos De Cot\u00e9 \/ Serrano Monjaraz Arquitectos (\u00a9 Jaime Navarro)\" data-rel=\"lightbox-gallery-1\"><img loading=\"lazy\" decoding=\"async\" width=\"150\" height=\"150\" src=\"https:\/\/www.arquimaster.com.ar\/web\/wp-content\/uploads\/2015\/10\/vinedo_de_cote5-150x150.jpg\" class=\"attachment-thumbnail size-thumbnail\" alt=\"\" aria-describedby=\"gallery-1-17786\" srcset=\"https:\/\/www.arquimaster.com.ar\/web\/wp-content\/uploads\/2015\/10\/vinedo_de_cote5-150x150.jpg 150w, https:\/\/www.arquimaster.com.ar\/web\/wp-content\/uploads\/2015\/10\/vinedo_de_cote5-50x50.jpg 50w, https:\/\/www.arquimaster.com.ar\/web\/wp-content\/uploads\/2015\/10\/vinedo_de_cote5-125x125.jpg 125w\" sizes=\"auto, (max-width: 150px) 100vw, 150px\" \/><\/a>\n\t\t\t<\/div>\n\t\t\t\t<figcaption class='wp-caption-text gallery-caption' id='gallery-1-17786'>\n\t\t\t\tBodegas y vi\u00f1edos De Cot\u00e9 \/ Serrano Monjaraz Arquitectos (\u00a9 Jaime Navarro)\n\t\t\t\t<\/figcaption><\/figure><figure class='gallery-item'>\n\t\t\t<div class='gallery-icon landscape'>\n\t\t\t\t<a href='https:\/\/www.arquimaster.com.ar\/web\/wp-content\/uploads\/2015\/10\/vinedo_de_cote6.jpg' title=\"Bodegas y vi\u00f1edos De Cot\u00e9 \/ Serrano Monjaraz Arquitectos (\u00a9 Jaime Navarro)\" data-rl_title=\"Bodegas y vi\u00f1edos De Cot\u00e9 \/ Serrano Monjaraz Arquitectos (\u00a9 Jaime Navarro)\" class=\"rl-gallery-link\" data-rl_caption=\"Bodegas y vi\u00f1edos De Cot\u00e9 \/ Serrano Monjaraz Arquitectos (\u00a9 Jaime Navarro)\" data-rel=\"lightbox-gallery-1\"><img loading=\"lazy\" decoding=\"async\" width=\"150\" height=\"150\" src=\"https:\/\/www.arquimaster.com.ar\/web\/wp-content\/uploads\/2015\/10\/vinedo_de_cote6-150x150.jpg\" class=\"attachment-thumbnail size-thumbnail\" alt=\"\" aria-describedby=\"gallery-1-17787\" srcset=\"https:\/\/www.arquimaster.com.ar\/web\/wp-content\/uploads\/2015\/10\/vinedo_de_cote6-150x150.jpg 150w, https:\/\/www.arquimaster.com.ar\/web\/wp-content\/uploads\/2015\/10\/vinedo_de_cote6-50x50.jpg 50w, https:\/\/www.arquimaster.com.ar\/web\/wp-content\/uploads\/2015\/10\/vinedo_de_cote6-125x125.jpg 125w\" sizes=\"auto, (max-width: 150px) 100vw, 150px\" \/><\/a>\n\t\t\t<\/div>\n\t\t\t\t<figcaption class='wp-caption-text gallery-caption' id='gallery-1-17787'>\n\t\t\t\tBodegas y vi\u00f1edos De Cot\u00e9 \/ Serrano Monjaraz Arquitectos (\u00a9 Jaime Navarro)\n\t\t\t\t<\/figcaption><\/figure><figure class='gallery-item'>\n\t\t\t<div class='gallery-icon landscape'>\n\t\t\t\t<a href='https:\/\/www.arquimaster.com.ar\/web\/wp-content\/uploads\/2015\/10\/vinedo_de_cote7.jpg' title=\"Bodegas y vi\u00f1edos De Cot\u00e9 \/ Serrano Monjaraz Arquitectos (\u00a9 Jaime Navarro)\" data-rl_title=\"Bodegas y vi\u00f1edos De Cot\u00e9 \/ Serrano Monjaraz Arquitectos (\u00a9 Jaime Navarro)\" class=\"rl-gallery-link\" data-rl_caption=\"Bodegas y vi\u00f1edos De Cot\u00e9 \/ Serrano Monjaraz Arquitectos (\u00a9 Jaime Navarro)\" data-rel=\"lightbox-gallery-1\"><img loading=\"lazy\" decoding=\"async\" width=\"150\" height=\"150\" src=\"https:\/\/www.arquimaster.com.ar\/web\/wp-content\/uploads\/2015\/10\/vinedo_de_cote7-150x150.jpg\" class=\"attachment-thumbnail size-thumbnail\" alt=\"\" aria-describedby=\"gallery-1-17788\" srcset=\"https:\/\/www.arquimaster.com.ar\/web\/wp-content\/uploads\/2015\/10\/vinedo_de_cote7-150x150.jpg 150w, https:\/\/www.arquimaster.com.ar\/web\/wp-content\/uploads\/2015\/10\/vinedo_de_cote7-50x50.jpg 50w, https:\/\/www.arquimaster.com.ar\/web\/wp-content\/uploads\/2015\/10\/vinedo_de_cote7-125x125.jpg 125w\" sizes=\"auto, (max-width: 150px) 100vw, 150px\" \/><\/a>\n\t\t\t<\/div>\n\t\t\t\t<figcaption class='wp-caption-text gallery-caption' id='gallery-1-17788'>\n\t\t\t\tBodegas y vi\u00f1edos De Cot\u00e9 \/ Serrano Monjaraz Arquitectos (\u00a9 Jaime Navarro)\n\t\t\t\t<\/figcaption><\/figure><figure class='gallery-item'>\n\t\t\t<div class='gallery-icon portrait'>\n\t\t\t\t<a href='https:\/\/www.arquimaster.com.ar\/web\/wp-content\/uploads\/2015\/10\/vinedo_de_cote8.jpg' title=\"Bodegas y vi\u00f1edos De Cot\u00e9 \/ Serrano Monjaraz Arquitectos (\u00a9 Jaime Navarro)\" data-rl_title=\"Bodegas y vi\u00f1edos De Cot\u00e9 \/ Serrano Monjaraz Arquitectos (\u00a9 Jaime Navarro)\" class=\"rl-gallery-link\" data-rl_caption=\"Bodegas y vi\u00f1edos De Cot\u00e9 \/ Serrano Monjaraz Arquitectos (\u00a9 Jaime Navarro)\" data-rel=\"lightbox-gallery-1\"><img loading=\"lazy\" decoding=\"async\" width=\"150\" height=\"150\" src=\"https:\/\/www.arquimaster.com.ar\/web\/wp-content\/uploads\/2015\/10\/vinedo_de_cote8-150x150.jpg\" class=\"attachment-thumbnail size-thumbnail\" alt=\"\" aria-describedby=\"gallery-1-17789\" srcset=\"https:\/\/www.arquimaster.com.ar\/web\/wp-content\/uploads\/2015\/10\/vinedo_de_cote8-150x150.jpg 150w, https:\/\/www.arquimaster.com.ar\/web\/wp-content\/uploads\/2015\/10\/vinedo_de_cote8-50x50.jpg 50w, https:\/\/www.arquimaster.com.ar\/web\/wp-content\/uploads\/2015\/10\/vinedo_de_cote8-125x125.jpg 125w\" sizes=\"auto, (max-width: 150px) 100vw, 150px\" \/><\/a>\n\t\t\t<\/div>\n\t\t\t\t<figcaption class='wp-caption-text gallery-caption' id='gallery-1-17789'>\n\t\t\t\tBodegas y vi\u00f1edos De Cot\u00e9 \/ Serrano Monjaraz Arquitectos (\u00a9 Jaime Navarro)\n\t\t\t\t<\/figcaption><\/figure><figure class='gallery-item'>\n\t\t\t<div class='gallery-icon landscape'>\n\t\t\t\t<a href='https:\/\/www.arquimaster.com.ar\/web\/wp-content\/uploads\/2015\/10\/vinedo_de_cote9.jpg' title=\"Bodegas y vi\u00f1edos De Cot\u00e9 \/ Serrano Monjaraz Arquitectos (\u00a9 Jaime Navarro)\" data-rl_title=\"Bodegas y vi\u00f1edos De Cot\u00e9 \/ Serrano Monjaraz Arquitectos (\u00a9 Jaime Navarro)\" class=\"rl-gallery-link\" data-rl_caption=\"Bodegas y vi\u00f1edos De Cot\u00e9 \/ Serrano Monjaraz Arquitectos (\u00a9 Jaime Navarro)\" data-rel=\"lightbox-gallery-1\"><img loading=\"lazy\" decoding=\"async\" width=\"150\" height=\"150\" src=\"https:\/\/www.arquimaster.com.ar\/web\/wp-content\/uploads\/2015\/10\/vinedo_de_cote9-150x150.jpg\" class=\"attachment-thumbnail size-thumbnail\" alt=\"\" aria-describedby=\"gallery-1-17790\" srcset=\"https:\/\/www.arquimaster.com.ar\/web\/wp-content\/uploads\/2015\/10\/vinedo_de_cote9-150x150.jpg 150w, https:\/\/www.arquimaster.com.ar\/web\/wp-content\/uploads\/2015\/10\/vinedo_de_cote9-50x50.jpg 50w, https:\/\/www.arquimaster.com.ar\/web\/wp-content\/uploads\/2015\/10\/vinedo_de_cote9-125x125.jpg 125w\" sizes=\"auto, (max-width: 150px) 100vw, 150px\" \/><\/a>\n\t\t\t<\/div>\n\t\t\t\t<figcaption class='wp-caption-text gallery-caption' id='gallery-1-17790'>\n\t\t\t\tBodegas y vi\u00f1edos De Cot\u00e9 \/ Serrano Monjaraz Arquitectos (\u00a9 Jaime Navarro)\n\t\t\t\t<\/figcaption><\/figure><figure class='gallery-item'>\n\t\t\t<div class='gallery-icon landscape'>\n\t\t\t\t<a href='https:\/\/www.arquimaster.com.ar\/web\/wp-content\/uploads\/2015\/10\/vinedo_de_cote10.jpg' title=\"Bodegas y vi\u00f1edos De Cot\u00e9 \/ Serrano Monjaraz Arquitectos (\u00a9 Jaime Navarro)\" data-rl_title=\"Bodegas y vi\u00f1edos De Cot\u00e9 \/ Serrano Monjaraz Arquitectos (\u00a9 Jaime Navarro)\" class=\"rl-gallery-link\" data-rl_caption=\"Bodegas y vi\u00f1edos De Cot\u00e9 \/ Serrano Monjaraz Arquitectos (\u00a9 Jaime Navarro)\" data-rel=\"lightbox-gallery-1\"><img loading=\"lazy\" decoding=\"async\" width=\"150\" height=\"150\" src=\"https:\/\/www.arquimaster.com.ar\/web\/wp-content\/uploads\/2015\/10\/vinedo_de_cote10-150x150.jpg\" class=\"attachment-thumbnail size-thumbnail\" alt=\"\" aria-describedby=\"gallery-1-17791\" srcset=\"https:\/\/www.arquimaster.com.ar\/web\/wp-content\/uploads\/2015\/10\/vinedo_de_cote10-150x150.jpg 150w, https:\/\/www.arquimaster.com.ar\/web\/wp-content\/uploads\/2015\/10\/vinedo_de_cote10-50x50.jpg 50w, https:\/\/www.arquimaster.com.ar\/web\/wp-content\/uploads\/2015\/10\/vinedo_de_cote10-125x125.jpg 125w\" sizes=\"auto, (max-width: 150px) 100vw, 150px\" \/><\/a>\n\t\t\t<\/div>\n\t\t\t\t<figcaption class='wp-caption-text gallery-caption' id='gallery-1-17791'>\n\t\t\t\tBodegas y vi\u00f1edos De Cot\u00e9 \/ Serrano Monjaraz Arquitectos (\u00a9 Jaime Navarro)\n\t\t\t\t<\/figcaption><\/figure><figure class='gallery-item'>\n\t\t\t<div class='gallery-icon portrait'>\n\t\t\t\t<a href='https:\/\/www.arquimaster.com.ar\/web\/wp-content\/uploads\/2015\/10\/vinedo_de_cote11.jpg' title=\"Bodegas y vi\u00f1edos De Cot\u00e9 \/ Serrano Monjaraz Arquitectos (\u00a9 Jaime Navarro)\" data-rl_title=\"Bodegas y vi\u00f1edos De Cot\u00e9 \/ Serrano Monjaraz Arquitectos (\u00a9 Jaime Navarro)\" class=\"rl-gallery-link\" data-rl_caption=\"Bodegas y vi\u00f1edos De Cot\u00e9 \/ Serrano Monjaraz Arquitectos (\u00a9 Jaime Navarro)\" data-rel=\"lightbox-gallery-1\"><img loading=\"lazy\" decoding=\"async\" width=\"150\" height=\"150\" src=\"https:\/\/www.arquimaster.com.ar\/web\/wp-content\/uploads\/2015\/10\/vinedo_de_cote11-150x150.jpg\" class=\"attachment-thumbnail size-thumbnail\" alt=\"\" aria-describedby=\"gallery-1-17792\" srcset=\"https:\/\/www.arquimaster.com.ar\/web\/wp-content\/uploads\/2015\/10\/vinedo_de_cote11-150x150.jpg 150w, https:\/\/www.arquimaster.com.ar\/web\/wp-content\/uploads\/2015\/10\/vinedo_de_cote11-50x50.jpg 50w, https:\/\/www.arquimaster.com.ar\/web\/wp-content\/uploads\/2015\/10\/vinedo_de_cote11-125x125.jpg 125w\" sizes=\"auto, (max-width: 150px) 100vw, 150px\" \/><\/a>\n\t\t\t<\/div>\n\t\t\t\t<figcaption class='wp-caption-text gallery-caption' id='gallery-1-17792'>\n\t\t\t\tBodegas y vi\u00f1edos De Cot\u00e9 \/ Serrano Monjaraz Arquitectos (\u00a9 Jaime Navarro)\n\t\t\t\t<\/figcaption><\/figure><figure class='gallery-item'>\n\t\t\t<div class='gallery-icon portrait'>\n\t\t\t\t<a href='https:\/\/www.arquimaster.com.ar\/web\/wp-content\/uploads\/2015\/10\/vinedo_de_cote12.jpg' title=\"Bodegas y vi\u00f1edos De Cot\u00e9 \/ Serrano Monjaraz Arquitectos (\u00a9 Jaime Navarro)\" data-rl_title=\"Bodegas y vi\u00f1edos De Cot\u00e9 \/ Serrano Monjaraz Arquitectos (\u00a9 Jaime Navarro)\" class=\"rl-gallery-link\" data-rl_caption=\"Bodegas y vi\u00f1edos De Cot\u00e9 \/ Serrano Monjaraz Arquitectos (\u00a9 Jaime Navarro)\" data-rel=\"lightbox-gallery-1\"><img loading=\"lazy\" decoding=\"async\" width=\"150\" height=\"150\" src=\"https:\/\/www.arquimaster.com.ar\/web\/wp-content\/uploads\/2015\/10\/vinedo_de_cote12-150x150.jpg\" class=\"attachment-thumbnail size-thumbnail\" alt=\"\" aria-describedby=\"gallery-1-17793\" srcset=\"https:\/\/www.arquimaster.com.ar\/web\/wp-content\/uploads\/2015\/10\/vinedo_de_cote12-150x150.jpg 150w, https:\/\/www.arquimaster.com.ar\/web\/wp-content\/uploads\/2015\/10\/vinedo_de_cote12-50x50.jpg 50w, https:\/\/www.arquimaster.com.ar\/web\/wp-content\/uploads\/2015\/10\/vinedo_de_cote12-125x125.jpg 125w\" sizes=\"auto, (max-width: 150px) 100vw, 150px\" \/><\/a>\n\t\t\t<\/div>\n\t\t\t\t<figcaption class='wp-caption-text gallery-caption' id='gallery-1-17793'>\n\t\t\t\tBodegas y vi\u00f1edos De Cot\u00e9 \/ Serrano Monjaraz Arquitectos (\u00a9 Jaime Navarro)\n\t\t\t\t<\/figcaption><\/figure><figure class='gallery-item'>\n\t\t\t<div class='gallery-icon landscape'>\n\t\t\t\t<a href='https:\/\/www.arquimaster.com.ar\/web\/wp-content\/uploads\/2015\/10\/vinedo_de_cote13.jpg' title=\"Bodegas y vi\u00f1edos De Cot\u00e9 \/ Serrano Monjaraz Arquitectos (\u00a9 Jaime Navarro)\" data-rl_title=\"Bodegas y vi\u00f1edos De Cot\u00e9 \/ Serrano Monjaraz Arquitectos (\u00a9 Jaime Navarro)\" class=\"rl-gallery-link\" data-rl_caption=\"Bodegas y vi\u00f1edos De Cot\u00e9 \/ Serrano Monjaraz Arquitectos (\u00a9 Jaime Navarro)\" data-rel=\"lightbox-gallery-1\"><img loading=\"lazy\" decoding=\"async\" width=\"150\" height=\"150\" src=\"https:\/\/www.arquimaster.com.ar\/web\/wp-content\/uploads\/2015\/10\/vinedo_de_cote13-150x150.jpg\" class=\"attachment-thumbnail size-thumbnail\" alt=\"\" aria-describedby=\"gallery-1-17794\" srcset=\"https:\/\/www.arquimaster.com.ar\/web\/wp-content\/uploads\/2015\/10\/vinedo_de_cote13-150x150.jpg 150w, https:\/\/www.arquimaster.com.ar\/web\/wp-content\/uploads\/2015\/10\/vinedo_de_cote13-50x50.jpg 50w, https:\/\/www.arquimaster.com.ar\/web\/wp-content\/uploads\/2015\/10\/vinedo_de_cote13-125x125.jpg 125w\" sizes=\"auto, (max-width: 150px) 100vw, 150px\" \/><\/a>\n\t\t\t<\/div>\n\t\t\t\t<figcaption class='wp-caption-text gallery-caption' id='gallery-1-17794'>\n\t\t\t\tBodegas y vi\u00f1edos De Cot\u00e9 \/ Serrano Monjaraz Arquitectos (\u00a9 Jaime Navarro)\n\t\t\t\t<\/figcaption><\/figure><figure class='gallery-item'>\n\t\t\t<div class='gallery-icon portrait'>\n\t\t\t\t<a href='https:\/\/www.arquimaster.com.ar\/web\/wp-content\/uploads\/2015\/10\/vinedo_de_cote14.jpg' title=\"Bodegas y vi\u00f1edos De Cot\u00e9 \/ Serrano Monjaraz Arquitectos (\u00a9 Jaime Navarro)\" data-rl_title=\"Bodegas y vi\u00f1edos De Cot\u00e9 \/ Serrano Monjaraz Arquitectos (\u00a9 Jaime Navarro)\" class=\"rl-gallery-link\" data-rl_caption=\"Bodegas y vi\u00f1edos De Cot\u00e9 \/ Serrano Monjaraz Arquitectos (\u00a9 Jaime Navarro)\" data-rel=\"lightbox-gallery-1\"><img loading=\"lazy\" decoding=\"async\" width=\"150\" height=\"150\" src=\"https:\/\/www.arquimaster.com.ar\/web\/wp-content\/uploads\/2015\/10\/vinedo_de_cote14-150x150.jpg\" class=\"attachment-thumbnail size-thumbnail\" alt=\"\" aria-describedby=\"gallery-1-17795\" srcset=\"https:\/\/www.arquimaster.com.ar\/web\/wp-content\/uploads\/2015\/10\/vinedo_de_cote14-150x150.jpg 150w, https:\/\/www.arquimaster.com.ar\/web\/wp-content\/uploads\/2015\/10\/vinedo_de_cote14-50x50.jpg 50w, https:\/\/www.arquimaster.com.ar\/web\/wp-content\/uploads\/2015\/10\/vinedo_de_cote14-125x125.jpg 125w\" sizes=\"auto, (max-width: 150px) 100vw, 150px\" \/><\/a>\n\t\t\t<\/div>\n\t\t\t\t<figcaption class='wp-caption-text gallery-caption' id='gallery-1-17795'>\n\t\t\t\tBodegas y vi\u00f1edos De Cot\u00e9 \/ Serrano Monjaraz Arquitectos (\u00a9 Jaime Navarro)\n\t\t\t\t<\/figcaption><\/figure><figure class='gallery-item'>\n\t\t\t<div class='gallery-icon landscape'>\n\t\t\t\t<a href='https:\/\/www.arquimaster.com.ar\/web\/wp-content\/uploads\/2015\/10\/vinedo_de_cote15.jpg' title=\"Bodegas y vi\u00f1edos De Cot\u00e9 \/ Serrano Monjaraz Arquitectos (\u00a9 Jaime Navarro)\" data-rl_title=\"Bodegas y vi\u00f1edos De Cot\u00e9 \/ Serrano Monjaraz Arquitectos (\u00a9 Jaime Navarro)\" class=\"rl-gallery-link\" data-rl_caption=\"Bodegas y vi\u00f1edos De Cot\u00e9 \/ Serrano Monjaraz Arquitectos (\u00a9 Jaime Navarro)\" data-rel=\"lightbox-gallery-1\"><img loading=\"lazy\" decoding=\"async\" width=\"150\" height=\"150\" src=\"https:\/\/www.arquimaster.com.ar\/web\/wp-content\/uploads\/2015\/10\/vinedo_de_cote15-150x150.jpg\" class=\"attachment-thumbnail size-thumbnail\" alt=\"\" aria-describedby=\"gallery-1-17796\" srcset=\"https:\/\/www.arquimaster.com.ar\/web\/wp-content\/uploads\/2015\/10\/vinedo_de_cote15-150x150.jpg 150w, https:\/\/www.arquimaster.com.ar\/web\/wp-content\/uploads\/2015\/10\/vinedo_de_cote15-50x50.jpg 50w, https:\/\/www.arquimaster.com.ar\/web\/wp-content\/uploads\/2015\/10\/vinedo_de_cote15-125x125.jpg 125w\" sizes=\"auto, (max-width: 150px) 100vw, 150px\" \/><\/a>\n\t\t\t<\/div>\n\t\t\t\t<figcaption class='wp-caption-text gallery-caption' id='gallery-1-17796'>\n\t\t\t\tBodegas y vi\u00f1edos De Cot\u00e9 \/ Serrano Monjaraz Arquitectos (\u00a9 Jaime Navarro)\n\t\t\t\t<\/figcaption><\/figure><figure class='gallery-item'>\n\t\t\t<div class='gallery-icon landscape'>\n\t\t\t\t<a href='https:\/\/www.arquimaster.com.ar\/web\/wp-content\/uploads\/2015\/10\/vinedo_de_cote16.jpg' title=\"Bodegas y vi\u00f1edos De Cot\u00e9 \/ Serrano Monjaraz Arquitectos (planta)\" data-rl_title=\"Bodegas y vi\u00f1edos De Cot\u00e9 \/ Serrano Monjaraz Arquitectos (planta)\" class=\"rl-gallery-link\" data-rl_caption=\"Bodegas y vi\u00f1edos De Cot\u00e9 \/ Serrano Monjaraz Arquitectos (planta)\" data-rel=\"lightbox-gallery-1\"><img loading=\"lazy\" decoding=\"async\" width=\"150\" height=\"150\" src=\"https:\/\/www.arquimaster.com.ar\/web\/wp-content\/uploads\/2015\/10\/vinedo_de_cote16-150x150.jpg\" class=\"attachment-thumbnail size-thumbnail\" alt=\"\" aria-describedby=\"gallery-1-17797\" srcset=\"https:\/\/www.arquimaster.com.ar\/web\/wp-content\/uploads\/2015\/10\/vinedo_de_cote16-150x150.jpg 150w, https:\/\/www.arquimaster.com.ar\/web\/wp-content\/uploads\/2015\/10\/vinedo_de_cote16-50x50.jpg 50w, https:\/\/www.arquimaster.com.ar\/web\/wp-content\/uploads\/2015\/10\/vinedo_de_cote16-125x125.jpg 125w\" sizes=\"auto, (max-width: 150px) 100vw, 150px\" \/><\/a>\n\t\t\t<\/div>\n\t\t\t\t<figcaption class='wp-caption-text gallery-caption' id='gallery-1-17797'>\n\t\t\t\tBodegas y vi\u00f1edos De Cot\u00e9 \/ Serrano Monjaraz Arquitectos (planta)\n\t\t\t\t<\/figcaption><\/figure><figure class='gallery-item'>\n\t\t\t<div class='gallery-icon landscape'>\n\t\t\t\t<a href='https:\/\/www.arquimaster.com.ar\/web\/wp-content\/uploads\/2015\/10\/vinedo_de_cote17.jpg' title=\"Bodegas y vi\u00f1edos De Cot\u00e9 \/ Serrano Monjaraz Arquitectos (corte)\" data-rl_title=\"Bodegas y vi\u00f1edos De Cot\u00e9 \/ Serrano Monjaraz Arquitectos (corte)\" class=\"rl-gallery-link\" data-rl_caption=\"Bodegas y vi\u00f1edos De Cot\u00e9 \/ Serrano Monjaraz Arquitectos (corte)\" data-rel=\"lightbox-gallery-1\"><img loading=\"lazy\" decoding=\"async\" width=\"150\" height=\"150\" src=\"https:\/\/www.arquimaster.com.ar\/web\/wp-content\/uploads\/2015\/10\/vinedo_de_cote17-150x150.jpg\" class=\"attachment-thumbnail size-thumbnail\" alt=\"\" aria-describedby=\"gallery-1-17798\" srcset=\"https:\/\/www.arquimaster.com.ar\/web\/wp-content\/uploads\/2015\/10\/vinedo_de_cote17-150x150.jpg 150w, https:\/\/www.arquimaster.com.ar\/web\/wp-content\/uploads\/2015\/10\/vinedo_de_cote17-50x50.jpg 50w, https:\/\/www.arquimaster.com.ar\/web\/wp-content\/uploads\/2015\/10\/vinedo_de_cote17-125x125.jpg 125w\" sizes=\"auto, (max-width: 150px) 100vw, 150px\" \/><\/a>\n\t\t\t<\/div>\n\t\t\t\t<figcaption class='wp-caption-text gallery-caption' id='gallery-1-17798'>\n\t\t\t\tBodegas y vi\u00f1edos De Cot\u00e9 \/ Serrano Monjaraz Arquitectos (corte)\n\t\t\t\t<\/figcaption><\/figure><figure class='gallery-item'>\n\t\t\t<div class='gallery-icon landscape'>\n\t\t\t\t<a href='https:\/\/www.arquimaster.com.ar\/web\/wp-content\/uploads\/2015\/10\/vinedo_de_cote18.jpg' title=\"Bodegas y vi\u00f1edos De Cot\u00e9 \/ Serrano Monjaraz Arquitectos (vista)\" data-rl_title=\"Bodegas y vi\u00f1edos De Cot\u00e9 \/ Serrano Monjaraz Arquitectos (vista)\" class=\"rl-gallery-link\" data-rl_caption=\"Bodegas y vi\u00f1edos De Cot\u00e9 \/ Serrano Monjaraz Arquitectos (vista)\" data-rel=\"lightbox-gallery-1\"><img loading=\"lazy\" decoding=\"async\" width=\"150\" height=\"150\" src=\"https:\/\/www.arquimaster.com.ar\/web\/wp-content\/uploads\/2015\/10\/vinedo_de_cote18-150x150.jpg\" class=\"attachment-thumbnail size-thumbnail\" alt=\"\" aria-describedby=\"gallery-1-17799\" srcset=\"https:\/\/www.arquimaster.com.ar\/web\/wp-content\/uploads\/2015\/10\/vinedo_de_cote18-150x150.jpg 150w, https:\/\/www.arquimaster.com.ar\/web\/wp-content\/uploads\/2015\/10\/vinedo_de_cote18-50x50.jpg 50w, https:\/\/www.arquimaster.com.ar\/web\/wp-content\/uploads\/2015\/10\/vinedo_de_cote18-125x125.jpg 125w\" sizes=\"auto, (max-width: 150px) 100vw, 150px\" \/><\/a>\n\t\t\t<\/div>\n\t\t\t\t<figcaption class='wp-caption-text gallery-caption' id='gallery-1-17799'>\n\t\t\t\tBodegas y vi\u00f1edos De Cot\u00e9 \/ Serrano Monjaraz Arquitectos (vista)\n\t\t\t\t<\/figcaption><\/figure>\n\t\t<\/div>\n\n<p>El Vi\u00f1edo De Cot\u00e9, localizado en Ezequiel Montes, Quer\u00e9taro, M\u00e9xico, present\u00f3 este reto a Serrano Monjaraz Arquitectos para resolver las necesidades de operaci\u00f3n y visitas en un fant\u00e1stico terreno de 3,5 hect\u00e1reas.<\/p>\n<p>El programa deb\u00eda dar cabida a la operaci\u00f3n y adem\u00e1s asegurar que los visitantes pudieran pasear por los vi\u00f1edos, las salas de tanques, la embotelladora y la bodega en el s\u00f3tano.<\/p>\n<p>Los espacios exclusivos para los visitantes son: el bistr\u00f3 para la degustaci\u00f3n y compra de vinos y diversos alimentos, as\u00ed como un sal\u00f3n de usos m\u00faltiples con restaurante para eventos, todo esto en un total de 5000 m2.<\/p>\n<p>El concepto se gener\u00f3 con base en que las formas y niveles del terreno tambi\u00e9n favorecieran el proceso de hacer vino en el que la gravedad es muy importante.<\/p>\n<p>La uva se sube a la azotea por una gran rampa, para ser despalillada y prensada, para posteriormente bajar por gravedad a los tanques de acero y finalmente depositado en las barricas por el tiempo adecuado para su a\u00f1ejamiento.<\/p>\n<p>Una vez completado este proceso comienza el embotellamiento y la comercializaci\u00f3n tanto en el lugar, como en diversos puntos de venta.<\/p>\n<p>Se hizo un s\u00f3tano a 6 metros de profundidad para evitar el uso de los equipos de refrigeraci\u00f3n y control de humedad, aprovechando la geotermia de la excavaci\u00f3n y ahorrando al m\u00e1ximo el uso de energ\u00eda.<\/p>\n<p>Con la tierra obtenida de la excavaci\u00f3n del s\u00f3tano, se fabricaron miles de bloques de tierra con los que se construy\u00f3 una ret\u00edcula de columnas a 4&#215;4 metros ordenada de acuerdo al trazo de las l\u00edneas de las vides.<\/p>\n<p>Tambi\u00e9n se hizo una envolvente a la bodega utilizando perforaciones logradas con la inserci\u00f3n de copas de cristal, elemento indispensable para el disfrute del vino, que se abren en los cuatro puntos cardinales y marcan los principales accesos hacia la entrada general, hacia el vi\u00f1edo, hacia el jard\u00edn con lago y hacia la rampa junto al huerto de higueras y olivos.<\/p>\n<p>Este volumen rectangular se remata con una b\u00f3veda de madera y metal que remite al tradicional sello de las botellas de vino.<\/p>\n<p><strong>Ficha tecnica<\/strong><br \/>\nNombre: Bodegas y vi\u00f1edos De Cot\u00e9<br \/>\nUbicaci\u00f3n: Ezequiel Montes, Quer\u00e9taro, M\u00e9xico<br \/>\nProyecto arquitect\u00f3nico: Serrano Monjaraz Arquitectos<br \/>\nArq. Juan Pablo Serrano Orozco<br \/>\nArq. Rafael Monjaraz Fuentes<br \/>\nCategor\u00eda de proyecto: comercial recreativo<br \/>\nConstructora: CONVIVE<br \/>\nSistema constructivo: Bloques de tierra obtenida de la tierra excavada<br \/>\nContratistas: CONVIVE<br \/>\nMateriales: Bloques de tierra, acero, madera, copas decorativas de cristal<br \/>\nSuperficie de actuaci\u00f3n (m2): 3,25 hectareas<br \/>\nA\u00f1o: 2014<br \/>\nFotograf\u00eda: Jaime Navarro<\/p>\n<p><strong>Contacto:<\/strong> <a href=\"http:\/\/www.serranomonjaraz.com\" target=\"_blank\">http:\/\/www.serranomonjaraz.com<\/a><\/p>\n\n<div style=\"font-size: 0px; height: 0px; line-height: 0px; margin: 0; padding: 0; clear: both;\"><\/div><div style=\"margin-top: 0px; margin-bottom: 0px;\" class=\"sharethis-inline-share-buttons\" ><\/div>","protected":false},"excerpt":{"rendered":"<p>La tierra obtenida de la excavaci\u00f3n del s\u00f3tano se utilizo en la construccion del edificio&#8230;<\/p>\n","protected":false},"author":1,"featured_media":17781,"comment_status":"closed","ping_status":"closed","sticky":false,"template":"","format":"standard","meta":{"_uag_custom_page_level_css":"","footnotes":""},"categories":[75,1547,1],"tags":[1539,3618,3619,1507,24,3620,1508,902,3596],"class_list":["post-17780","post","type-post","status-publish","format-standard","has-post-thumbnail","hentry","category-arquitectura-comercial","category-edificios-para-la-recreacion","category-proyecto","tag-bodega","tag-de-cote","tag-ezequiel-montes","tag-juan-pablo-serrano-orozco","tag-mexico","tag-queretaro","tag-rafael-monjaraz-fuentes","tag-serrano-monjaraz-arquitectos","tag-vinedos","generate-columns","tablet-grid-50","mobile-grid-100","grid-parent","grid-50"],"yoast_head":"<!-- This site is optimized with the Yoast SEO plugin v27.3 - https:\/\/yoast.com\/product\/yoast-seo-wordpress\/ -->\n<title>Bodegas y vi\u00f1edos De Cot\u00e9 \/ Serrano Monjaraz Arquitectos - Arquimaster<\/title>\n<meta name=\"robots\" content=\"index, follow, max-snippet:-1, max-image-preview:large, max-video-preview:-1\" \/>\n<link rel=\"canonical\" href=\"https:\/\/www.arquimaster.com.ar\/web\/bodegas-y-vinedos-de-cote-serrano-monjaraz-arquitectos\/\" \/>\n<meta property=\"og:locale\" content=\"es_ES\" \/>\n<meta property=\"og:type\" content=\"article\" \/>\n<meta property=\"og:title\" content=\"Bodegas y vi\u00f1edos De Cot\u00e9 \/ Serrano Monjaraz Arquitectos - Arquimaster\" \/>\n<meta property=\"og:description\" content=\"La tierra obtenida de la excavaci\u00f3n del s\u00f3tano se utilizo en la construccion del edificio...\" \/>\n<meta property=\"og:url\" content=\"https:\/\/www.arquimaster.com.ar\/web\/bodegas-y-vinedos-de-cote-serrano-monjaraz-arquitectos\/\" \/>\n<meta property=\"og:site_name\" content=\"Arquimaster\" \/>\n<meta property=\"article:publisher\" content=\"http:\/\/www.facebook.com\/ARQUIMASTER.com.ar\" \/>\n<meta property=\"article:published_time\" content=\"2015-10-13T10:00:32+00:00\" \/>\n<meta property=\"article:modified_time\" content=\"2015-10-14T04:42:30+00:00\" \/>\n<meta property=\"og:image\" content=\"https:\/\/www.arquimaster.com.ar\/web\/wp-content\/uploads\/2015\/10\/vinedo_de_cote_slide.jpg\" \/>\n\t<meta property=\"og:image:width\" content=\"642\" \/>\n\t<meta property=\"og:image:height\" content=\"336\" \/>\n\t<meta property=\"og:image:type\" content=\"image\/jpeg\" \/>\n<meta name=\"author\" content=\"Arquimaster\" \/>\n<meta name=\"twitter:card\" content=\"summary_large_image\" \/>\n<meta name=\"twitter:creator\" content=\"@arquimaster\" \/>\n<meta name=\"twitter:site\" content=\"@arquimaster\" \/>\n<meta name=\"twitter:label1\" content=\"Escrito por\" \/>\n\t<meta name=\"twitter:data1\" content=\"Arquimaster\" \/>\n\t<meta name=\"twitter:label2\" content=\"Tiempo de lectura\" \/>\n\t<meta name=\"twitter:data2\" content=\"3 minutos\" \/>\n<script type=\"application\/ld+json\" class=\"yoast-schema-graph\">{\"@context\":\"https:\\\/\\\/schema.org\",\"@graph\":[{\"@type\":\"Article\",\"@id\":\"https:\\\/\\\/www.arquimaster.com.ar\\\/web\\\/bodegas-y-vinedos-de-cote-serrano-monjaraz-arquitectos\\\/#article\",\"isPartOf\":{\"@id\":\"https:\\\/\\\/www.arquimaster.com.ar\\\/web\\\/bodegas-y-vinedos-de-cote-serrano-monjaraz-arquitectos\\\/\"},\"author\":{\"name\":\"Arquimaster\",\"@id\":\"https:\\\/\\\/www.arquimaster.com.ar\\\/web\\\/#\\\/schema\\\/person\\\/359e9f7c00193fcde068e0dd2ceb0028\"},\"headline\":\"Bodegas y vi\u00f1edos De Cot\u00e9 \\\/ Serrano Monjaraz Arquitectos\",\"datePublished\":\"2015-10-13T10:00:32+00:00\",\"dateModified\":\"2015-10-14T04:42:30+00:00\",\"mainEntityOfPage\":{\"@id\":\"https:\\\/\\\/www.arquimaster.com.ar\\\/web\\\/bodegas-y-vinedos-de-cote-serrano-monjaraz-arquitectos\\\/\"},\"wordCount\":532,\"publisher\":{\"@id\":\"https:\\\/\\\/www.arquimaster.com.ar\\\/web\\\/#organization\"},\"image\":{\"@id\":\"https:\\\/\\\/www.arquimaster.com.ar\\\/web\\\/bodegas-y-vinedos-de-cote-serrano-monjaraz-arquitectos\\\/#primaryimage\"},\"thumbnailUrl\":\"https:\\\/\\\/www.arquimaster.com.ar\\\/web\\\/wp-content\\\/uploads\\\/2015\\\/10\\\/vinedo_de_cote_slide.jpg\",\"keywords\":[\"bodega\",\"De Cot\u00e9\",\"Ezequiel Montes\",\"Juan Pablo Serrano Orozco\",\"Mexico\",\"Queretaro\",\"Rafael Monjaraz Fuentes\",\"Serrano Monjaraz Arquitectos\",\"vi\u00f1edos\"],\"articleSection\":[\"Arquitectura comercial\",\"Edificios para la recreacion\",\"Proyecto\"],\"inLanguage\":\"es\"},{\"@type\":\"WebPage\",\"@id\":\"https:\\\/\\\/www.arquimaster.com.ar\\\/web\\\/bodegas-y-vinedos-de-cote-serrano-monjaraz-arquitectos\\\/\",\"url\":\"https:\\\/\\\/www.arquimaster.com.ar\\\/web\\\/bodegas-y-vinedos-de-cote-serrano-monjaraz-arquitectos\\\/\",\"name\":\"Bodegas y vi\u00f1edos De Cot\u00e9 \\\/ Serrano Monjaraz Arquitectos - Arquimaster\",\"isPartOf\":{\"@id\":\"https:\\\/\\\/www.arquimaster.com.ar\\\/web\\\/#website\"},\"primaryImageOfPage\":{\"@id\":\"https:\\\/\\\/www.arquimaster.com.ar\\\/web\\\/bodegas-y-vinedos-de-cote-serrano-monjaraz-arquitectos\\\/#primaryimage\"},\"image\":{\"@id\":\"https:\\\/\\\/www.arquimaster.com.ar\\\/web\\\/bodegas-y-vinedos-de-cote-serrano-monjaraz-arquitectos\\\/#primaryimage\"},\"thumbnailUrl\":\"https:\\\/\\\/www.arquimaster.com.ar\\\/web\\\/wp-content\\\/uploads\\\/2015\\\/10\\\/vinedo_de_cote_slide.jpg\",\"datePublished\":\"2015-10-13T10:00:32+00:00\",\"dateModified\":\"2015-10-14T04:42:30+00:00\",\"breadcrumb\":{\"@id\":\"https:\\\/\\\/www.arquimaster.com.ar\\\/web\\\/bodegas-y-vinedos-de-cote-serrano-monjaraz-arquitectos\\\/#breadcrumb\"},\"inLanguage\":\"es\",\"potentialAction\":[{\"@type\":\"ReadAction\",\"target\":[\"https:\\\/\\\/www.arquimaster.com.ar\\\/web\\\/bodegas-y-vinedos-de-cote-serrano-monjaraz-arquitectos\\\/\"]}]},{\"@type\":\"ImageObject\",\"inLanguage\":\"es\",\"@id\":\"https:\\\/\\\/www.arquimaster.com.ar\\\/web\\\/bodegas-y-vinedos-de-cote-serrano-monjaraz-arquitectos\\\/#primaryimage\",\"url\":\"https:\\\/\\\/www.arquimaster.com.ar\\\/web\\\/wp-content\\\/uploads\\\/2015\\\/10\\\/vinedo_de_cote_slide.jpg\",\"contentUrl\":\"https:\\\/\\\/www.arquimaster.com.ar\\\/web\\\/wp-content\\\/uploads\\\/2015\\\/10\\\/vinedo_de_cote_slide.jpg\",\"width\":642,\"height\":336},{\"@type\":\"BreadcrumbList\",\"@id\":\"https:\\\/\\\/www.arquimaster.com.ar\\\/web\\\/bodegas-y-vinedos-de-cote-serrano-monjaraz-arquitectos\\\/#breadcrumb\",\"itemListElement\":[{\"@type\":\"ListItem\",\"position\":1,\"name\":\"Portada\",\"item\":\"https:\\\/\\\/www.arquimaster.com.ar\\\/web\\\/\"},{\"@type\":\"ListItem\",\"position\":2,\"name\":\"Bodegas y vi\u00f1edos De Cot\u00e9 \\\/ Serrano Monjaraz Arquitectos\"}]},{\"@type\":\"WebSite\",\"@id\":\"https:\\\/\\\/www.arquimaster.com.ar\\\/web\\\/#website\",\"url\":\"https:\\\/\\\/www.arquimaster.com.ar\\\/web\\\/\",\"name\":\"Arquimaster\",\"description\":\"Web de arquitectura, dise\u00f1o y construccion\",\"publisher\":{\"@id\":\"https:\\\/\\\/www.arquimaster.com.ar\\\/web\\\/#organization\"},\"potentialAction\":[{\"@type\":\"SearchAction\",\"target\":{\"@type\":\"EntryPoint\",\"urlTemplate\":\"https:\\\/\\\/www.arquimaster.com.ar\\\/web\\\/?s={search_term_string}\"},\"query-input\":{\"@type\":\"PropertyValueSpecification\",\"valueRequired\":true,\"valueName\":\"search_term_string\"}}],\"inLanguage\":\"es\"},{\"@type\":\"Organization\",\"@id\":\"https:\\\/\\\/www.arquimaster.com.ar\\\/web\\\/#organization\",\"name\":\"Arquimaster\",\"url\":\"https:\\\/\\\/www.arquimaster.com.ar\\\/web\\\/\",\"logo\":{\"@type\":\"ImageObject\",\"inLanguage\":\"es\",\"@id\":\"https:\\\/\\\/www.arquimaster.com.ar\\\/web\\\/#\\\/schema\\\/logo\\\/image\\\/\",\"url\":\"https:\\\/\\\/www.arquimaster.com.ar\\\/web\\\/wp-content\\\/uploads\\\/2022\\\/06\\\/arquimaster.png\",\"contentUrl\":\"https:\\\/\\\/www.arquimaster.com.ar\\\/web\\\/wp-content\\\/uploads\\\/2022\\\/06\\\/arquimaster.png\",\"width\":594,\"height\":78,\"caption\":\"Arquimaster\"},\"image\":{\"@id\":\"https:\\\/\\\/www.arquimaster.com.ar\\\/web\\\/#\\\/schema\\\/logo\\\/image\\\/\"},\"sameAs\":[\"http:\\\/\\\/www.facebook.com\\\/ARQUIMASTER.com.ar\",\"https:\\\/\\\/x.com\\\/arquimaster\",\"https:\\\/\\\/www.instagram.com\\\/arquimasterblog\\\/\",\"https:\\\/\\\/www.linkedin.com\\\/company\\\/arquimaster\",\"https:\\\/\\\/www.pinterest.com\\\/arquimaster\",\"https:\\\/\\\/t.me\\\/arquimaster\"]},{\"@type\":\"Person\",\"@id\":\"https:\\\/\\\/www.arquimaster.com.ar\\\/web\\\/#\\\/schema\\\/person\\\/359e9f7c00193fcde068e0dd2ceb0028\",\"name\":\"Arquimaster\"}]}<\/script>\n<!-- \/ Yoast SEO plugin. -->","yoast_head_json":{"title":"Bodegas y vi\u00f1edos De Cot\u00e9 \/ Serrano Monjaraz Arquitectos - Arquimaster","robots":{"index":"index","follow":"follow","max-snippet":"max-snippet:-1","max-image-preview":"max-image-preview:large","max-video-preview":"max-video-preview:-1"},"canonical":"https:\/\/www.arquimaster.com.ar\/web\/bodegas-y-vinedos-de-cote-serrano-monjaraz-arquitectos\/","og_locale":"es_ES","og_type":"article","og_title":"Bodegas y vi\u00f1edos De Cot\u00e9 \/ Serrano Monjaraz Arquitectos - Arquimaster","og_description":"La tierra obtenida de la excavaci\u00f3n del s\u00f3tano se utilizo en la construccion del edificio...","og_url":"https:\/\/www.arquimaster.com.ar\/web\/bodegas-y-vinedos-de-cote-serrano-monjaraz-arquitectos\/","og_site_name":"Arquimaster","article_publisher":"http:\/\/www.facebook.com\/ARQUIMASTER.com.ar","article_published_time":"2015-10-13T10:00:32+00:00","article_modified_time":"2015-10-14T04:42:30+00:00","og_image":[{"width":642,"height":336,"url":"https:\/\/www.arquimaster.com.ar\/web\/wp-content\/uploads\/2015\/10\/vinedo_de_cote_slide.jpg","type":"image\/jpeg"}],"author":"Arquimaster","twitter_card":"summary_large_image","twitter_creator":"@arquimaster","twitter_site":"@arquimaster","twitter_misc":{"Escrito por":"Arquimaster","Tiempo de lectura":"3 minutos"},"schema":{"@context":"https:\/\/schema.org","@graph":[{"@type":"Article","@id":"https:\/\/www.arquimaster.com.ar\/web\/bodegas-y-vinedos-de-cote-serrano-monjaraz-arquitectos\/#article","isPartOf":{"@id":"https:\/\/www.arquimaster.com.ar\/web\/bodegas-y-vinedos-de-cote-serrano-monjaraz-arquitectos\/"},"author":{"name":"Arquimaster","@id":"https:\/\/www.arquimaster.com.ar\/web\/#\/schema\/person\/359e9f7c00193fcde068e0dd2ceb0028"},"headline":"Bodegas y vi\u00f1edos De Cot\u00e9 \/ Serrano Monjaraz Arquitectos","datePublished":"2015-10-13T10:00:32+00:00","dateModified":"2015-10-14T04:42:30+00:00","mainEntityOfPage":{"@id":"https:\/\/www.arquimaster.com.ar\/web\/bodegas-y-vinedos-de-cote-serrano-monjaraz-arquitectos\/"},"wordCount":532,"publisher":{"@id":"https:\/\/www.arquimaster.com.ar\/web\/#organization"},"image":{"@id":"https:\/\/www.arquimaster.com.ar\/web\/bodegas-y-vinedos-de-cote-serrano-monjaraz-arquitectos\/#primaryimage"},"thumbnailUrl":"https:\/\/www.arquimaster.com.ar\/web\/wp-content\/uploads\/2015\/10\/vinedo_de_cote_slide.jpg","keywords":["bodega","De Cot\u00e9","Ezequiel Montes","Juan Pablo Serrano Orozco","Mexico","Queretaro","Rafael Monjaraz Fuentes","Serrano Monjaraz Arquitectos","vi\u00f1edos"],"articleSection":["Arquitectura comercial","Edificios para la recreacion","Proyecto"],"inLanguage":"es"},{"@type":"WebPage","@id":"https:\/\/www.arquimaster.com.ar\/web\/bodegas-y-vinedos-de-cote-serrano-monjaraz-arquitectos\/","url":"https:\/\/www.arquimaster.com.ar\/web\/bodegas-y-vinedos-de-cote-serrano-monjaraz-arquitectos\/","name":"Bodegas y vi\u00f1edos De Cot\u00e9 \/ Serrano Monjaraz Arquitectos - Arquimaster","isPartOf":{"@id":"https:\/\/www.arquimaster.com.ar\/web\/#website"},"primaryImageOfPage":{"@id":"https:\/\/www.arquimaster.com.ar\/web\/bodegas-y-vinedos-de-cote-serrano-monjaraz-arquitectos\/#primaryimage"},"image":{"@id":"https:\/\/www.arquimaster.com.ar\/web\/bodegas-y-vinedos-de-cote-serrano-monjaraz-arquitectos\/#primaryimage"},"thumbnailUrl":"https:\/\/www.arquimaster.com.ar\/web\/wp-content\/uploads\/2015\/10\/vinedo_de_cote_slide.jpg","datePublished":"2015-10-13T10:00:32+00:00","dateModified":"2015-10-14T04:42:30+00:00","breadcrumb":{"@id":"https:\/\/www.arquimaster.com.ar\/web\/bodegas-y-vinedos-de-cote-serrano-monjaraz-arquitectos\/#breadcrumb"},"inLanguage":"es","potentialAction":[{"@type":"ReadAction","target":["https:\/\/www.arquimaster.com.ar\/web\/bodegas-y-vinedos-de-cote-serrano-monjaraz-arquitectos\/"]}]},{"@type":"ImageObject","inLanguage":"es","@id":"https:\/\/www.arquimaster.com.ar\/web\/bodegas-y-vinedos-de-cote-serrano-monjaraz-arquitectos\/#primaryimage","url":"https:\/\/www.arquimaster.com.ar\/web\/wp-content\/uploads\/2015\/10\/vinedo_de_cote_slide.jpg","contentUrl":"https:\/\/www.arquimaster.com.ar\/web\/wp-content\/uploads\/2015\/10\/vinedo_de_cote_slide.jpg","width":642,"height":336},{"@type":"BreadcrumbList","@id":"https:\/\/www.arquimaster.com.ar\/web\/bodegas-y-vinedos-de-cote-serrano-monjaraz-arquitectos\/#breadcrumb","itemListElement":[{"@type":"ListItem","position":1,"name":"Portada","item":"https:\/\/www.arquimaster.com.ar\/web\/"},{"@type":"ListItem","position":2,"name":"Bodegas y vi\u00f1edos De Cot\u00e9 \/ Serrano Monjaraz Arquitectos"}]},{"@type":"WebSite","@id":"https:\/\/www.arquimaster.com.ar\/web\/#website","url":"https:\/\/www.arquimaster.com.ar\/web\/","name":"Arquimaster","description":"Web de arquitectura, dise\u00f1o y construccion","publisher":{"@id":"https:\/\/www.arquimaster.com.ar\/web\/#organization"},"potentialAction":[{"@type":"SearchAction","target":{"@type":"EntryPoint","urlTemplate":"https:\/\/www.arquimaster.com.ar\/web\/?s={search_term_string}"},"query-input":{"@type":"PropertyValueSpecification","valueRequired":true,"valueName":"search_term_string"}}],"inLanguage":"es"},{"@type":"Organization","@id":"https:\/\/www.arquimaster.com.ar\/web\/#organization","name":"Arquimaster","url":"https:\/\/www.arquimaster.com.ar\/web\/","logo":{"@type":"ImageObject","inLanguage":"es","@id":"https:\/\/www.arquimaster.com.ar\/web\/#\/schema\/logo\/image\/","url":"https:\/\/www.arquimaster.com.ar\/web\/wp-content\/uploads\/2022\/06\/arquimaster.png","contentUrl":"https:\/\/www.arquimaster.com.ar\/web\/wp-content\/uploads\/2022\/06\/arquimaster.png","width":594,"height":78,"caption":"Arquimaster"},"image":{"@id":"https:\/\/www.arquimaster.com.ar\/web\/#\/schema\/logo\/image\/"},"sameAs":["http:\/\/www.facebook.com\/ARQUIMASTER.com.ar","https:\/\/x.com\/arquimaster","https:\/\/www.instagram.com\/arquimasterblog\/","https:\/\/www.linkedin.com\/company\/arquimaster","https:\/\/www.pinterest.com\/arquimaster","https:\/\/t.me\/arquimaster"]},{"@type":"Person","@id":"https:\/\/www.arquimaster.com.ar\/web\/#\/schema\/person\/359e9f7c00193fcde068e0dd2ceb0028","name":"Arquimaster"}]}},"uagb_featured_image_src":{"full":["https:\/\/www.arquimaster.com.ar\/web\/wp-content\/uploads\/2015\/10\/vinedo_de_cote_slide.jpg",642,336,false],"thumbnail":["https:\/\/www.arquimaster.com.ar\/web\/wp-content\/uploads\/2015\/10\/vinedo_de_cote_slide-150x150.jpg",150,150,true],"medium":["https:\/\/www.arquimaster.com.ar\/web\/wp-content\/uploads\/2015\/10\/vinedo_de_cote_slide.jpg",642,336,false],"medium_large":["https:\/\/www.arquimaster.com.ar\/web\/wp-content\/uploads\/2015\/10\/vinedo_de_cote_slide.jpg",642,336,false],"large":["https:\/\/www.arquimaster.com.ar\/web\/wp-content\/uploads\/2015\/10\/vinedo_de_cote_slide.jpg",642,336,false],"1536x1536":["https:\/\/www.arquimaster.com.ar\/web\/wp-content\/uploads\/2015\/10\/vinedo_de_cote_slide.jpg",642,336,false],"2048x2048":["https:\/\/www.arquimaster.com.ar\/web\/wp-content\/uploads\/2015\/10\/vinedo_de_cote_slide.jpg",642,336,false]},"uagb_author_info":{"display_name":"Arquimaster","author_link":"https:\/\/www.arquimaster.com.ar\/web\/author\/arquimaster\/"},"uagb_comment_info":0,"uagb_excerpt":"La tierra obtenida de la excavaci\u00f3n del s\u00f3tano se utilizo en la construccion del edificio...","_links":{"self":[{"href":"https:\/\/www.arquimaster.com.ar\/web\/wp-json\/wp\/v2\/posts\/17780","targetHints":{"allow":["GET"]}}],"collection":[{"href":"https:\/\/www.arquimaster.com.ar\/web\/wp-json\/wp\/v2\/posts"}],"about":[{"href":"https:\/\/www.arquimaster.com.ar\/web\/wp-json\/wp\/v2\/types\/post"}],"author":[{"embeddable":true,"href":"https:\/\/www.arquimaster.com.ar\/web\/wp-json\/wp\/v2\/users\/1"}],"replies":[{"embeddable":true,"href":"https:\/\/www.arquimaster.com.ar\/web\/wp-json\/wp\/v2\/comments?post=17780"}],"version-history":[{"count":0,"href":"https:\/\/www.arquimaster.com.ar\/web\/wp-json\/wp\/v2\/posts\/17780\/revisions"}],"wp:featuredmedia":[{"embeddable":true,"href":"https:\/\/www.arquimaster.com.ar\/web\/wp-json\/wp\/v2\/media\/17781"}],"wp:attachment":[{"href":"https:\/\/www.arquimaster.com.ar\/web\/wp-json\/wp\/v2\/media?parent=17780"}],"wp:term":[{"taxonomy":"category","embeddable":true,"href":"https:\/\/www.arquimaster.com.ar\/web\/wp-json\/wp\/v2\/categories?post=17780"},{"taxonomy":"post_tag","embeddable":true,"href":"https:\/\/www.arquimaster.com.ar\/web\/wp-json\/wp\/v2\/tags?post=17780"}],"curies":[{"name":"wp","href":"https:\/\/api.w.org\/{rel}","templated":true}]}}