{"id":17848,"date":"2015-10-08T15:50:32","date_gmt":"2015-10-08T15:50:32","guid":{"rendered":"http:\/\/www.arquimaster.com.ar\/web\/?p=17848"},"modified":"2015-10-18T01:12:58","modified_gmt":"2015-10-18T01:12:58","slug":"banco-galicia-participo-de-las-obras-de-puesta-en-valor-de-la-abadia","status":"publish","type":"post","link":"https:\/\/www.arquimaster.com.ar\/web\/banco-galicia-participo-de-las-obras-de-puesta-en-valor-de-la-abadia\/","title":{"rendered":"Banco Galicia particip\u00f3 de las obras de puesta en valor de La Abad\u00eda"},"content":{"rendered":"<div style=\"margin-top: 0px; margin-bottom: 0px;\" class=\"sharethis-inline-share-buttons\" ><\/div><div class=\"b812932af2e751442846f039925109de\" data-index=\"1\" style=\"float: none; margin:25px 0 25px 0; text-align:center;\">\n<script async src=\"https:\/\/pagead2.googlesyndication.com\/pagead\/js\/adsbygoogle.js\"><\/script>\r\n<!-- Arquimaster (superior) -->\r\n<ins class=\"adsbygoogle\"\r\n     style=\"display:block\"\r\n     data-ad-client=\"ca-pub-6351072698456832\"\r\n     data-ad-slot=\"6455489680\"\r\n     data-ad-format=\"auto\"\r\n     data-full-width-responsive=\"true\"><\/ins>\r\n<script>\r\n     (adsbygoogle = window.adsbygoogle || []).push({});\r\n<\/script>\n<\/div>\n<p><em><strong>A trav\u00e9s de su programa \u00abAcciones de Patrimonio Hist\u00f3rico\u00bb, la entidad financiera acompa\u00f1\u00f3 la re-funcionalizaci\u00f3n del edificio que a partir de octubre abrir\u00e1 sus puertas como Centro de Arte y Estudios Latinoamericanos.<\/strong><\/em><\/p>\n<div id='gallery-1' class='gallery galleryid-17848 gallery-columns-3 gallery-size-thumbnail'><figure class='gallery-item'>\n\t\t\t<div class='gallery-icon landscape'>\n\t\t\t\t<a href='https:\/\/www.arquimaster.com.ar\/web\/wp-content\/uploads\/2015\/10\/banco_galicia_la_abadia1.jpg' title=\"Banco Galicia particip\u00f3 de las obras de puesta en valor de La Abad\u00eda\" data-rl_title=\"Banco Galicia particip\u00f3 de las obras de puesta en valor de La Abad\u00eda\" class=\"rl-gallery-link\" data-rl_caption=\"Banco Galicia particip\u00f3 de las obras de puesta en valor de La Abad\u00eda\" data-rel=\"lightbox-gallery-1\"><img loading=\"lazy\" decoding=\"async\" width=\"150\" height=\"150\" src=\"https:\/\/www.arquimaster.com.ar\/web\/wp-content\/uploads\/2015\/10\/banco_galicia_la_abadia1-150x150.jpg\" class=\"attachment-thumbnail size-thumbnail\" alt=\"\" aria-describedby=\"gallery-1-17850\" srcset=\"https:\/\/www.arquimaster.com.ar\/web\/wp-content\/uploads\/2015\/10\/banco_galicia_la_abadia1-150x150.jpg 150w, https:\/\/www.arquimaster.com.ar\/web\/wp-content\/uploads\/2015\/10\/banco_galicia_la_abadia1-50x50.jpg 50w, https:\/\/www.arquimaster.com.ar\/web\/wp-content\/uploads\/2015\/10\/banco_galicia_la_abadia1-125x125.jpg 125w\" sizes=\"auto, (max-width: 150px) 100vw, 150px\" \/><\/a>\n\t\t\t<\/div>\n\t\t\t\t<figcaption class='wp-caption-text gallery-caption' id='gallery-1-17850'>\n\t\t\t\tBanco Galicia particip\u00f3 de las obras de puesta en valor de La Abad\u00eda\n\t\t\t\t<\/figcaption><\/figure><figure class='gallery-item'>\n\t\t\t<div class='gallery-icon landscape'>\n\t\t\t\t<a href='https:\/\/www.arquimaster.com.ar\/web\/wp-content\/uploads\/2015\/10\/banco_galicia_la_abadia2.jpg' title=\"Banco Galicia particip\u00f3 de las obras de puesta en valor de La Abad\u00eda\" data-rl_title=\"Banco Galicia particip\u00f3 de las obras de puesta en valor de La Abad\u00eda\" class=\"rl-gallery-link\" data-rl_caption=\"Banco Galicia particip\u00f3 de las obras de puesta en valor de La Abad\u00eda\" data-rel=\"lightbox-gallery-1\"><img loading=\"lazy\" decoding=\"async\" width=\"150\" height=\"150\" src=\"https:\/\/www.arquimaster.com.ar\/web\/wp-content\/uploads\/2015\/10\/banco_galicia_la_abadia2-150x150.jpg\" class=\"attachment-thumbnail size-thumbnail\" alt=\"\" aria-describedby=\"gallery-1-17851\" srcset=\"https:\/\/www.arquimaster.com.ar\/web\/wp-content\/uploads\/2015\/10\/banco_galicia_la_abadia2-150x150.jpg 150w, https:\/\/www.arquimaster.com.ar\/web\/wp-content\/uploads\/2015\/10\/banco_galicia_la_abadia2-50x50.jpg 50w, https:\/\/www.arquimaster.com.ar\/web\/wp-content\/uploads\/2015\/10\/banco_galicia_la_abadia2-125x125.jpg 125w\" sizes=\"auto, (max-width: 150px) 100vw, 150px\" \/><\/a>\n\t\t\t<\/div>\n\t\t\t\t<figcaption class='wp-caption-text gallery-caption' id='gallery-1-17851'>\n\t\t\t\tBanco Galicia particip\u00f3 de las obras de puesta en valor de La Abad\u00eda\n\t\t\t\t<\/figcaption><\/figure>\n\t\t<\/div>\n\n<p><strong>Banco Galicia<\/strong>, por medio de sus acciones de conservaci\u00f3n y puesta en valor del Patrimonio Hist\u00f3rico, particip\u00f3 de la remodelaci\u00f3n y acondicionamiento de los claustros, salones y la biblioteca de <strong>La Abad\u00eda Centro de Arte y Estudios Latinoamericanos<\/strong>.<\/p>\n<p>El antiguo edificio de La Abad\u00eda, en el barrio porte\u00f1o de Palermo, fue hogar de los monjes benedictinos hasta la d\u00e9cada del 70. Desde octubre, luego de una obra de puesta en valor de los primeros 1.000 m2 y los jardines exteriores, el lugar reabrir\u00e1 sus puertas como Centro de Arte y Estudios Latinoamericanos sum\u00e1ndose a la nutrida agenda cultural de la ciudad. De esta forma surge un nuevo espacio de producci\u00f3n y exhibici\u00f3n art\u00edstica y cultural con un marcado compromiso social. Adem\u00e1s de las exposiciones de arte, La Abad\u00eda propondr\u00e1 distintos proyectos como la creaci\u00f3n de una orquesta infantil y el desarrollo de un Centro de Estudios Latinoamericanos.<\/p>\n<p>Entre las obras de restauraci\u00f3n realizadas, se destacan la re-funcionalizaci\u00f3n y acondicionamiento de los antiguos claustros de los monjes en cinco salas de exposiciones, la biblioteca Eugenio Guasta y un auditorio para 120 personas. Adem\u00e1s con el aporte de Banco Galicia tambi\u00e9n se modernizaron las instalaciones y se dot\u00f3 al predio de equipos de aire acondicionado. De esta forma, no solamente se cumple con las normas de seguridad requeridas para los servicios, sino que tambi\u00e9n los salones de exposiciones cumplen con los est\u00e1ndares internacionales para este tipo de construcciones. Cabe destacar que durante toda la obra se puso un especial \u00e9nfasis en mantener el esp\u00edritu benedictino y preservar la riqueza arquitect\u00f3nica del lugar.<\/p>\n<p>En tanto, la Biblioteca albergar\u00e1 la colecci\u00f3n que perteneci\u00f3 a Monse\u00f1or Eugenio Guasta (1927-2013). Entre los m\u00e1s de 3.000 libros que conforman la colecci\u00f3n, donde se puede encontrar la obra completa de Julio Cort\u00e1zar, literatura Latinoamericana, filosof\u00eda y arte, tambi\u00e9n estar\u00e1n disponibles obras de autores italianos que el mismo religioso tradujo al espa\u00f1ol como ser Guglielmo Petroni o Elio Vittorini. La biblioteca albergar\u00e1, adem\u00e1s, vol\u00famenes sobre historia continental que aportar\u00e1 el Centro de Documentaci\u00f3n de Arquitectura Latinoamericana (CEDODAL).<\/p>\n<p>Banco Galicia, como parte de su pol\u00edtica de sustentabilidad, trabaja junto a diversas organizaciones para preservar y recuperar el patrimonio hist\u00f3rico de Argentina. Cada a\u00f1o la entidad financiera selecciona un proyecto que es reflejo de la historia del pa\u00eds y contribuye a su puesta en valor.<\/p>\n\n<div style=\"font-size: 0px; height: 0px; line-height: 0px; margin: 0; padding: 0; clear: both;\"><\/div><div style=\"margin-top: 0px; margin-bottom: 0px;\" class=\"sharethis-inline-share-buttons\" ><\/div>","protected":false},"excerpt":{"rendered":"<p>El edificio abrir\u00e1 sus puertas como Centro de Arte y Estudios Latinoamericanos&#8230;<\/p>\n","protected":false},"author":1,"featured_media":17849,"comment_status":"closed","ping_status":"closed","sticky":false,"template":"","format":"standard","meta":{"_uag_custom_page_level_css":"","footnotes":""},"categories":[70,68],"tags":[3635,3636,2681,1228],"class_list":["post-17848","post","type-post","status-publish","format-standard","has-post-thumbnail","hentry","category-noticias-arquitectura","category-novedades","tag-banco-galicia","tag-centro-de-arte-y-estudios-latinoamericanos","tag-la-abadia","tag-patrimonio-arquitectonico","generate-columns","tablet-grid-50","mobile-grid-100","grid-parent","grid-50"],"yoast_head":"<!-- This site is optimized with the Yoast SEO plugin v27.3 - https:\/\/yoast.com\/product\/yoast-seo-wordpress\/ -->\n<title>Banco Galicia particip\u00f3 de las obras de puesta en valor de La Abad\u00eda - Arquimaster<\/title>\n<meta name=\"robots\" content=\"index, follow, max-snippet:-1, max-image-preview:large, max-video-preview:-1\" \/>\n<link rel=\"canonical\" href=\"https:\/\/www.arquimaster.com.ar\/web\/banco-galicia-participo-de-las-obras-de-puesta-en-valor-de-la-abadia\/\" \/>\n<meta property=\"og:locale\" content=\"es_ES\" \/>\n<meta property=\"og:type\" content=\"article\" \/>\n<meta property=\"og:title\" content=\"Banco Galicia particip\u00f3 de las obras de puesta en valor de La Abad\u00eda - Arquimaster\" \/>\n<meta property=\"og:description\" content=\"El edificio abrir\u00e1 sus puertas como Centro de Arte y Estudios Latinoamericanos...\" \/>\n<meta property=\"og:url\" content=\"https:\/\/www.arquimaster.com.ar\/web\/banco-galicia-participo-de-las-obras-de-puesta-en-valor-de-la-abadia\/\" \/>\n<meta property=\"og:site_name\" content=\"Arquimaster\" \/>\n<meta property=\"article:publisher\" content=\"http:\/\/www.facebook.com\/ARQUIMASTER.com.ar\" \/>\n<meta property=\"article:published_time\" content=\"2015-10-08T15:50:32+00:00\" \/>\n<meta property=\"article:modified_time\" content=\"2015-10-18T01:12:58+00:00\" \/>\n<meta property=\"og:image\" content=\"https:\/\/www.arquimaster.com.ar\/web\/wp-content\/uploads\/2015\/10\/banco_galicia_la_abadia_slide.jpg\" \/>\n\t<meta property=\"og:image:width\" content=\"642\" \/>\n\t<meta property=\"og:image:height\" content=\"336\" \/>\n\t<meta property=\"og:image:type\" content=\"image\/jpeg\" \/>\n<meta name=\"author\" content=\"Arquimaster\" \/>\n<meta name=\"twitter:card\" content=\"summary_large_image\" \/>\n<meta name=\"twitter:creator\" content=\"@arquimaster\" \/>\n<meta name=\"twitter:site\" content=\"@arquimaster\" \/>\n<meta name=\"twitter:label1\" content=\"Escrito por\" \/>\n\t<meta name=\"twitter:data1\" content=\"Arquimaster\" \/>\n\t<meta name=\"twitter:label2\" content=\"Tiempo de lectura\" \/>\n\t<meta name=\"twitter:data2\" content=\"2 minutos\" \/>\n<script type=\"application\/ld+json\" class=\"yoast-schema-graph\">{\"@context\":\"https:\\\/\\\/schema.org\",\"@graph\":[{\"@type\":\"Article\",\"@id\":\"https:\\\/\\\/www.arquimaster.com.ar\\\/web\\\/banco-galicia-participo-de-las-obras-de-puesta-en-valor-de-la-abadia\\\/#article\",\"isPartOf\":{\"@id\":\"https:\\\/\\\/www.arquimaster.com.ar\\\/web\\\/banco-galicia-participo-de-las-obras-de-puesta-en-valor-de-la-abadia\\\/\"},\"author\":{\"name\":\"Arquimaster\",\"@id\":\"https:\\\/\\\/www.arquimaster.com.ar\\\/web\\\/#\\\/schema\\\/person\\\/359e9f7c00193fcde068e0dd2ceb0028\"},\"headline\":\"Banco Galicia particip\u00f3 de las obras de puesta en valor de La Abad\u00eda\",\"datePublished\":\"2015-10-08T15:50:32+00:00\",\"dateModified\":\"2015-10-18T01:12:58+00:00\",\"mainEntityOfPage\":{\"@id\":\"https:\\\/\\\/www.arquimaster.com.ar\\\/web\\\/banco-galicia-participo-de-las-obras-de-puesta-en-valor-de-la-abadia\\\/\"},\"wordCount\":471,\"publisher\":{\"@id\":\"https:\\\/\\\/www.arquimaster.com.ar\\\/web\\\/#organization\"},\"image\":{\"@id\":\"https:\\\/\\\/www.arquimaster.com.ar\\\/web\\\/banco-galicia-participo-de-las-obras-de-puesta-en-valor-de-la-abadia\\\/#primaryimage\"},\"thumbnailUrl\":\"https:\\\/\\\/www.arquimaster.com.ar\\\/web\\\/wp-content\\\/uploads\\\/2015\\\/10\\\/banco_galicia_la_abadia_slide.jpg\",\"keywords\":[\"Banco Galicia\",\"Centro de Arte y Estudios Latinoamericanos\",\"La Abadia\",\"patrimonio arquitectonico\"],\"articleSection\":[\"Noticias de arquitectura y dise\u00f1o\",\"Novedades\"],\"inLanguage\":\"es\"},{\"@type\":\"WebPage\",\"@id\":\"https:\\\/\\\/www.arquimaster.com.ar\\\/web\\\/banco-galicia-participo-de-las-obras-de-puesta-en-valor-de-la-abadia\\\/\",\"url\":\"https:\\\/\\\/www.arquimaster.com.ar\\\/web\\\/banco-galicia-participo-de-las-obras-de-puesta-en-valor-de-la-abadia\\\/\",\"name\":\"Banco Galicia particip\u00f3 de las obras de puesta en valor de La Abad\u00eda - Arquimaster\",\"isPartOf\":{\"@id\":\"https:\\\/\\\/www.arquimaster.com.ar\\\/web\\\/#website\"},\"primaryImageOfPage\":{\"@id\":\"https:\\\/\\\/www.arquimaster.com.ar\\\/web\\\/banco-galicia-participo-de-las-obras-de-puesta-en-valor-de-la-abadia\\\/#primaryimage\"},\"image\":{\"@id\":\"https:\\\/\\\/www.arquimaster.com.ar\\\/web\\\/banco-galicia-participo-de-las-obras-de-puesta-en-valor-de-la-abadia\\\/#primaryimage\"},\"thumbnailUrl\":\"https:\\\/\\\/www.arquimaster.com.ar\\\/web\\\/wp-content\\\/uploads\\\/2015\\\/10\\\/banco_galicia_la_abadia_slide.jpg\",\"datePublished\":\"2015-10-08T15:50:32+00:00\",\"dateModified\":\"2015-10-18T01:12:58+00:00\",\"breadcrumb\":{\"@id\":\"https:\\\/\\\/www.arquimaster.com.ar\\\/web\\\/banco-galicia-participo-de-las-obras-de-puesta-en-valor-de-la-abadia\\\/#breadcrumb\"},\"inLanguage\":\"es\",\"potentialAction\":[{\"@type\":\"ReadAction\",\"target\":[\"https:\\\/\\\/www.arquimaster.com.ar\\\/web\\\/banco-galicia-participo-de-las-obras-de-puesta-en-valor-de-la-abadia\\\/\"]}]},{\"@type\":\"ImageObject\",\"inLanguage\":\"es\",\"@id\":\"https:\\\/\\\/www.arquimaster.com.ar\\\/web\\\/banco-galicia-participo-de-las-obras-de-puesta-en-valor-de-la-abadia\\\/#primaryimage\",\"url\":\"https:\\\/\\\/www.arquimaster.com.ar\\\/web\\\/wp-content\\\/uploads\\\/2015\\\/10\\\/banco_galicia_la_abadia_slide.jpg\",\"contentUrl\":\"https:\\\/\\\/www.arquimaster.com.ar\\\/web\\\/wp-content\\\/uploads\\\/2015\\\/10\\\/banco_galicia_la_abadia_slide.jpg\",\"width\":642,\"height\":336},{\"@type\":\"BreadcrumbList\",\"@id\":\"https:\\\/\\\/www.arquimaster.com.ar\\\/web\\\/banco-galicia-participo-de-las-obras-de-puesta-en-valor-de-la-abadia\\\/#breadcrumb\",\"itemListElement\":[{\"@type\":\"ListItem\",\"position\":1,\"name\":\"Portada\",\"item\":\"https:\\\/\\\/www.arquimaster.com.ar\\\/web\\\/\"},{\"@type\":\"ListItem\",\"position\":2,\"name\":\"Banco Galicia particip\u00f3 de las obras de puesta en valor de La Abad\u00eda\"}]},{\"@type\":\"WebSite\",\"@id\":\"https:\\\/\\\/www.arquimaster.com.ar\\\/web\\\/#website\",\"url\":\"https:\\\/\\\/www.arquimaster.com.ar\\\/web\\\/\",\"name\":\"Arquimaster\",\"description\":\"Web de arquitectura, dise\u00f1o y construccion\",\"publisher\":{\"@id\":\"https:\\\/\\\/www.arquimaster.com.ar\\\/web\\\/#organization\"},\"potentialAction\":[{\"@type\":\"SearchAction\",\"target\":{\"@type\":\"EntryPoint\",\"urlTemplate\":\"https:\\\/\\\/www.arquimaster.com.ar\\\/web\\\/?s={search_term_string}\"},\"query-input\":{\"@type\":\"PropertyValueSpecification\",\"valueRequired\":true,\"valueName\":\"search_term_string\"}}],\"inLanguage\":\"es\"},{\"@type\":\"Organization\",\"@id\":\"https:\\\/\\\/www.arquimaster.com.ar\\\/web\\\/#organization\",\"name\":\"Arquimaster\",\"url\":\"https:\\\/\\\/www.arquimaster.com.ar\\\/web\\\/\",\"logo\":{\"@type\":\"ImageObject\",\"inLanguage\":\"es\",\"@id\":\"https:\\\/\\\/www.arquimaster.com.ar\\\/web\\\/#\\\/schema\\\/logo\\\/image\\\/\",\"url\":\"https:\\\/\\\/www.arquimaster.com.ar\\\/web\\\/wp-content\\\/uploads\\\/2022\\\/06\\\/arquimaster.png\",\"contentUrl\":\"https:\\\/\\\/www.arquimaster.com.ar\\\/web\\\/wp-content\\\/uploads\\\/2022\\\/06\\\/arquimaster.png\",\"width\":594,\"height\":78,\"caption\":\"Arquimaster\"},\"image\":{\"@id\":\"https:\\\/\\\/www.arquimaster.com.ar\\\/web\\\/#\\\/schema\\\/logo\\\/image\\\/\"},\"sameAs\":[\"http:\\\/\\\/www.facebook.com\\\/ARQUIMASTER.com.ar\",\"https:\\\/\\\/x.com\\\/arquimaster\",\"https:\\\/\\\/www.instagram.com\\\/arquimasterblog\\\/\",\"https:\\\/\\\/www.linkedin.com\\\/company\\\/arquimaster\",\"https:\\\/\\\/www.pinterest.com\\\/arquimaster\",\"https:\\\/\\\/t.me\\\/arquimaster\"]},{\"@type\":\"Person\",\"@id\":\"https:\\\/\\\/www.arquimaster.com.ar\\\/web\\\/#\\\/schema\\\/person\\\/359e9f7c00193fcde068e0dd2ceb0028\",\"name\":\"Arquimaster\"}]}<\/script>\n<!-- \/ Yoast SEO plugin. -->","yoast_head_json":{"title":"Banco Galicia particip\u00f3 de las obras de puesta en valor de La Abad\u00eda - Arquimaster","robots":{"index":"index","follow":"follow","max-snippet":"max-snippet:-1","max-image-preview":"max-image-preview:large","max-video-preview":"max-video-preview:-1"},"canonical":"https:\/\/www.arquimaster.com.ar\/web\/banco-galicia-participo-de-las-obras-de-puesta-en-valor-de-la-abadia\/","og_locale":"es_ES","og_type":"article","og_title":"Banco Galicia particip\u00f3 de las obras de puesta en valor de La Abad\u00eda - Arquimaster","og_description":"El edificio abrir\u00e1 sus puertas como Centro de Arte y Estudios Latinoamericanos...","og_url":"https:\/\/www.arquimaster.com.ar\/web\/banco-galicia-participo-de-las-obras-de-puesta-en-valor-de-la-abadia\/","og_site_name":"Arquimaster","article_publisher":"http:\/\/www.facebook.com\/ARQUIMASTER.com.ar","article_published_time":"2015-10-08T15:50:32+00:00","article_modified_time":"2015-10-18T01:12:58+00:00","og_image":[{"width":642,"height":336,"url":"https:\/\/www.arquimaster.com.ar\/web\/wp-content\/uploads\/2015\/10\/banco_galicia_la_abadia_slide.jpg","type":"image\/jpeg"}],"author":"Arquimaster","twitter_card":"summary_large_image","twitter_creator":"@arquimaster","twitter_site":"@arquimaster","twitter_misc":{"Escrito por":"Arquimaster","Tiempo de lectura":"2 minutos"},"schema":{"@context":"https:\/\/schema.org","@graph":[{"@type":"Article","@id":"https:\/\/www.arquimaster.com.ar\/web\/banco-galicia-participo-de-las-obras-de-puesta-en-valor-de-la-abadia\/#article","isPartOf":{"@id":"https:\/\/www.arquimaster.com.ar\/web\/banco-galicia-participo-de-las-obras-de-puesta-en-valor-de-la-abadia\/"},"author":{"name":"Arquimaster","@id":"https:\/\/www.arquimaster.com.ar\/web\/#\/schema\/person\/359e9f7c00193fcde068e0dd2ceb0028"},"headline":"Banco Galicia particip\u00f3 de las obras de puesta en valor de La Abad\u00eda","datePublished":"2015-10-08T15:50:32+00:00","dateModified":"2015-10-18T01:12:58+00:00","mainEntityOfPage":{"@id":"https:\/\/www.arquimaster.com.ar\/web\/banco-galicia-participo-de-las-obras-de-puesta-en-valor-de-la-abadia\/"},"wordCount":471,"publisher":{"@id":"https:\/\/www.arquimaster.com.ar\/web\/#organization"},"image":{"@id":"https:\/\/www.arquimaster.com.ar\/web\/banco-galicia-participo-de-las-obras-de-puesta-en-valor-de-la-abadia\/#primaryimage"},"thumbnailUrl":"https:\/\/www.arquimaster.com.ar\/web\/wp-content\/uploads\/2015\/10\/banco_galicia_la_abadia_slide.jpg","keywords":["Banco Galicia","Centro de Arte y Estudios Latinoamericanos","La Abadia","patrimonio arquitectonico"],"articleSection":["Noticias de arquitectura y dise\u00f1o","Novedades"],"inLanguage":"es"},{"@type":"WebPage","@id":"https:\/\/www.arquimaster.com.ar\/web\/banco-galicia-participo-de-las-obras-de-puesta-en-valor-de-la-abadia\/","url":"https:\/\/www.arquimaster.com.ar\/web\/banco-galicia-participo-de-las-obras-de-puesta-en-valor-de-la-abadia\/","name":"Banco Galicia particip\u00f3 de las obras de puesta en valor de La Abad\u00eda - Arquimaster","isPartOf":{"@id":"https:\/\/www.arquimaster.com.ar\/web\/#website"},"primaryImageOfPage":{"@id":"https:\/\/www.arquimaster.com.ar\/web\/banco-galicia-participo-de-las-obras-de-puesta-en-valor-de-la-abadia\/#primaryimage"},"image":{"@id":"https:\/\/www.arquimaster.com.ar\/web\/banco-galicia-participo-de-las-obras-de-puesta-en-valor-de-la-abadia\/#primaryimage"},"thumbnailUrl":"https:\/\/www.arquimaster.com.ar\/web\/wp-content\/uploads\/2015\/10\/banco_galicia_la_abadia_slide.jpg","datePublished":"2015-10-08T15:50:32+00:00","dateModified":"2015-10-18T01:12:58+00:00","breadcrumb":{"@id":"https:\/\/www.arquimaster.com.ar\/web\/banco-galicia-participo-de-las-obras-de-puesta-en-valor-de-la-abadia\/#breadcrumb"},"inLanguage":"es","potentialAction":[{"@type":"ReadAction","target":["https:\/\/www.arquimaster.com.ar\/web\/banco-galicia-participo-de-las-obras-de-puesta-en-valor-de-la-abadia\/"]}]},{"@type":"ImageObject","inLanguage":"es","@id":"https:\/\/www.arquimaster.com.ar\/web\/banco-galicia-participo-de-las-obras-de-puesta-en-valor-de-la-abadia\/#primaryimage","url":"https:\/\/www.arquimaster.com.ar\/web\/wp-content\/uploads\/2015\/10\/banco_galicia_la_abadia_slide.jpg","contentUrl":"https:\/\/www.arquimaster.com.ar\/web\/wp-content\/uploads\/2015\/10\/banco_galicia_la_abadia_slide.jpg","width":642,"height":336},{"@type":"BreadcrumbList","@id":"https:\/\/www.arquimaster.com.ar\/web\/banco-galicia-participo-de-las-obras-de-puesta-en-valor-de-la-abadia\/#breadcrumb","itemListElement":[{"@type":"ListItem","position":1,"name":"Portada","item":"https:\/\/www.arquimaster.com.ar\/web\/"},{"@type":"ListItem","position":2,"name":"Banco Galicia particip\u00f3 de las obras de puesta en valor de La Abad\u00eda"}]},{"@type":"WebSite","@id":"https:\/\/www.arquimaster.com.ar\/web\/#website","url":"https:\/\/www.arquimaster.com.ar\/web\/","name":"Arquimaster","description":"Web de arquitectura, dise\u00f1o y construccion","publisher":{"@id":"https:\/\/www.arquimaster.com.ar\/web\/#organization"},"potentialAction":[{"@type":"SearchAction","target":{"@type":"EntryPoint","urlTemplate":"https:\/\/www.arquimaster.com.ar\/web\/?s={search_term_string}"},"query-input":{"@type":"PropertyValueSpecification","valueRequired":true,"valueName":"search_term_string"}}],"inLanguage":"es"},{"@type":"Organization","@id":"https:\/\/www.arquimaster.com.ar\/web\/#organization","name":"Arquimaster","url":"https:\/\/www.arquimaster.com.ar\/web\/","logo":{"@type":"ImageObject","inLanguage":"es","@id":"https:\/\/www.arquimaster.com.ar\/web\/#\/schema\/logo\/image\/","url":"https:\/\/www.arquimaster.com.ar\/web\/wp-content\/uploads\/2022\/06\/arquimaster.png","contentUrl":"https:\/\/www.arquimaster.com.ar\/web\/wp-content\/uploads\/2022\/06\/arquimaster.png","width":594,"height":78,"caption":"Arquimaster"},"image":{"@id":"https:\/\/www.arquimaster.com.ar\/web\/#\/schema\/logo\/image\/"},"sameAs":["http:\/\/www.facebook.com\/ARQUIMASTER.com.ar","https:\/\/x.com\/arquimaster","https:\/\/www.instagram.com\/arquimasterblog\/","https:\/\/www.linkedin.com\/company\/arquimaster","https:\/\/www.pinterest.com\/arquimaster","https:\/\/t.me\/arquimaster"]},{"@type":"Person","@id":"https:\/\/www.arquimaster.com.ar\/web\/#\/schema\/person\/359e9f7c00193fcde068e0dd2ceb0028","name":"Arquimaster"}]}},"uagb_featured_image_src":{"full":["https:\/\/www.arquimaster.com.ar\/web\/wp-content\/uploads\/2015\/10\/banco_galicia_la_abadia_slide.jpg",642,336,false],"thumbnail":["https:\/\/www.arquimaster.com.ar\/web\/wp-content\/uploads\/2015\/10\/banco_galicia_la_abadia_slide-150x150.jpg",150,150,true],"medium":["https:\/\/www.arquimaster.com.ar\/web\/wp-content\/uploads\/2015\/10\/banco_galicia_la_abadia_slide.jpg",642,336,false],"medium_large":["https:\/\/www.arquimaster.com.ar\/web\/wp-content\/uploads\/2015\/10\/banco_galicia_la_abadia_slide.jpg",642,336,false],"large":["https:\/\/www.arquimaster.com.ar\/web\/wp-content\/uploads\/2015\/10\/banco_galicia_la_abadia_slide.jpg",642,336,false],"1536x1536":["https:\/\/www.arquimaster.com.ar\/web\/wp-content\/uploads\/2015\/10\/banco_galicia_la_abadia_slide.jpg",642,336,false],"2048x2048":["https:\/\/www.arquimaster.com.ar\/web\/wp-content\/uploads\/2015\/10\/banco_galicia_la_abadia_slide.jpg",642,336,false]},"uagb_author_info":{"display_name":"Arquimaster","author_link":"https:\/\/www.arquimaster.com.ar\/web\/author\/arquimaster\/"},"uagb_comment_info":0,"uagb_excerpt":"El edificio abrir\u00e1 sus puertas como Centro de Arte y Estudios Latinoamericanos...","_links":{"self":[{"href":"https:\/\/www.arquimaster.com.ar\/web\/wp-json\/wp\/v2\/posts\/17848","targetHints":{"allow":["GET"]}}],"collection":[{"href":"https:\/\/www.arquimaster.com.ar\/web\/wp-json\/wp\/v2\/posts"}],"about":[{"href":"https:\/\/www.arquimaster.com.ar\/web\/wp-json\/wp\/v2\/types\/post"}],"author":[{"embeddable":true,"href":"https:\/\/www.arquimaster.com.ar\/web\/wp-json\/wp\/v2\/users\/1"}],"replies":[{"embeddable":true,"href":"https:\/\/www.arquimaster.com.ar\/web\/wp-json\/wp\/v2\/comments?post=17848"}],"version-history":[{"count":0,"href":"https:\/\/www.arquimaster.com.ar\/web\/wp-json\/wp\/v2\/posts\/17848\/revisions"}],"wp:featuredmedia":[{"embeddable":true,"href":"https:\/\/www.arquimaster.com.ar\/web\/wp-json\/wp\/v2\/media\/17849"}],"wp:attachment":[{"href":"https:\/\/www.arquimaster.com.ar\/web\/wp-json\/wp\/v2\/media?parent=17848"}],"wp:term":[{"taxonomy":"category","embeddable":true,"href":"https:\/\/www.arquimaster.com.ar\/web\/wp-json\/wp\/v2\/categories?post=17848"},{"taxonomy":"post_tag","embeddable":true,"href":"https:\/\/www.arquimaster.com.ar\/web\/wp-json\/wp\/v2\/tags?post=17848"}],"curies":[{"name":"wp","href":"https:\/\/api.w.org\/{rel}","templated":true}]}}