{"id":17880,"date":"2015-10-01T22:18:15","date_gmt":"2015-10-01T22:18:15","guid":{"rendered":"http:\/\/www.arquimaster.com.ar\/web\/?p=17880"},"modified":"2015-10-18T22:26:03","modified_gmt":"2015-10-18T22:26:03","slug":"la-casa-batllo-obra-maestra-de-antonio-gaudi-ilumino-su-fachada-con-una-proyeccion-audiovisualmapping","status":"publish","type":"post","link":"https:\/\/www.arquimaster.com.ar\/web\/la-casa-batllo-obra-maestra-de-antonio-gaudi-ilumino-su-fachada-con-una-proyeccion-audiovisualmapping\/","title":{"rendered":"La Casa Batll\u00f3, obra maestra de Antonio Gaud\u00ed, ilumin\u00f3 su fachada con una proyecci\u00f3n audiovisual\/mapping"},"content":{"rendered":"<div style=\"margin-top: 0px; margin-bottom: 0px;\" class=\"sharethis-inline-share-buttons\" ><\/div><div class=\"b812932af2e751442846f039925109de\" data-index=\"1\" style=\"float: none; margin:25px 0 25px 0; text-align:center;\">\n<script async src=\"https:\/\/pagead2.googlesyndication.com\/pagead\/js\/adsbygoogle.js\"><\/script>\r\n<!-- Arquimaster (superior) -->\r\n<ins class=\"adsbygoogle\"\r\n     style=\"display:block\"\r\n     data-ad-client=\"ca-pub-6351072698456832\"\r\n     data-ad-slot=\"6455489680\"\r\n     data-ad-format=\"auto\"\r\n     data-full-width-responsive=\"true\"><\/ins>\r\n<script>\r\n     (adsbygoogle = window.adsbygoogle || []).push({});\r\n<\/script>\n<\/div>\n<p><em><strong>M\u00e1s de 20.000 smartphones despiertan al \u00abDrag\u00f3n\u00bb de la Casa Batll\u00f3 durante el mapping que proyect\u00f3 para celebrar su d\u00e9cimo aniversario como Patrimonio Mundial de la UNESCO. El emblem\u00e1tico edificio de Gaud\u00ed celebr\u00f3 el mayor espect\u00e1culo de luces y colores de Barcelona este mi\u00e9rcoles 23 de septiembre de 2015, coincidiendo con las fiestas de La Merc\u00e8. La Casa Batll\u00f3 organiz\u00f3 una performance en la que fue necesaria la participaci\u00f3n ciudadana para despertar al \u00abDrag\u00f3n de Sant Jordi\u00bb a trav\u00e9s de sus smartphones.<\/strong><\/em><\/p>\n<div id='gallery-1' class='gallery galleryid-17880 gallery-columns-3 gallery-size-thumbnail'><figure class='gallery-item'>\n\t\t\t<div class='gallery-icon landscape'>\n\t\t\t\t<a href='https:\/\/www.arquimaster.com.ar\/web\/wp-content\/uploads\/2015\/10\/mapping_casa_batllo1.jpg' title=\"La Casa Batll\u00f3, obra maestra de Antonio Gaud\u00ed, ilumin\u00f3 su fachada con una proyecci\u00f3n audiovisual\/mapping\" data-rl_title=\"La Casa Batll\u00f3, obra maestra de Antonio Gaud\u00ed, ilumin\u00f3 su fachada con una proyecci\u00f3n audiovisual\/mapping\" class=\"rl-gallery-link\" data-rl_caption=\"La Casa Batll\u00f3, obra maestra de Antonio Gaud\u00ed, ilumin\u00f3 su fachada con una proyecci\u00f3n audiovisual\/mapping\" data-rel=\"lightbox-gallery-1\"><img loading=\"lazy\" decoding=\"async\" width=\"150\" height=\"150\" src=\"https:\/\/www.arquimaster.com.ar\/web\/wp-content\/uploads\/2015\/10\/mapping_casa_batllo1-150x150.jpg\" class=\"attachment-thumbnail size-thumbnail\" alt=\"\" aria-describedby=\"gallery-1-17882\" srcset=\"https:\/\/www.arquimaster.com.ar\/web\/wp-content\/uploads\/2015\/10\/mapping_casa_batllo1-150x150.jpg 150w, https:\/\/www.arquimaster.com.ar\/web\/wp-content\/uploads\/2015\/10\/mapping_casa_batllo1-50x50.jpg 50w, https:\/\/www.arquimaster.com.ar\/web\/wp-content\/uploads\/2015\/10\/mapping_casa_batllo1-125x125.jpg 125w\" sizes=\"auto, (max-width: 150px) 100vw, 150px\" \/><\/a>\n\t\t\t<\/div>\n\t\t\t\t<figcaption class='wp-caption-text gallery-caption' id='gallery-1-17882'>\n\t\t\t\tLa Casa Batll\u00f3, obra maestra de Antonio Gaud\u00ed, ilumin\u00f3 su fachada con una proyecci\u00f3n audiovisual\/mapping\n\t\t\t\t<\/figcaption><\/figure><figure class='gallery-item'>\n\t\t\t<div class='gallery-icon landscape'>\n\t\t\t\t<a href='https:\/\/www.arquimaster.com.ar\/web\/wp-content\/uploads\/2015\/10\/mapping_casa_batllo2.jpg' title=\"La Casa Batll\u00f3, obra maestra de Antonio Gaud\u00ed, ilumin\u00f3 su fachada con una proyecci\u00f3n audiovisual\/mapping\" data-rl_title=\"La Casa Batll\u00f3, obra maestra de Antonio Gaud\u00ed, ilumin\u00f3 su fachada con una proyecci\u00f3n audiovisual\/mapping\" class=\"rl-gallery-link\" data-rl_caption=\"La Casa Batll\u00f3, obra maestra de Antonio Gaud\u00ed, ilumin\u00f3 su fachada con una proyecci\u00f3n audiovisual\/mapping\" data-rel=\"lightbox-gallery-1\"><img loading=\"lazy\" decoding=\"async\" width=\"150\" height=\"150\" src=\"https:\/\/www.arquimaster.com.ar\/web\/wp-content\/uploads\/2015\/10\/mapping_casa_batllo2-150x150.jpg\" class=\"attachment-thumbnail size-thumbnail\" alt=\"\" aria-describedby=\"gallery-1-17883\" srcset=\"https:\/\/www.arquimaster.com.ar\/web\/wp-content\/uploads\/2015\/10\/mapping_casa_batllo2-150x150.jpg 150w, https:\/\/www.arquimaster.com.ar\/web\/wp-content\/uploads\/2015\/10\/mapping_casa_batllo2-50x50.jpg 50w, https:\/\/www.arquimaster.com.ar\/web\/wp-content\/uploads\/2015\/10\/mapping_casa_batllo2-125x125.jpg 125w\" sizes=\"auto, (max-width: 150px) 100vw, 150px\" \/><\/a>\n\t\t\t<\/div>\n\t\t\t\t<figcaption class='wp-caption-text gallery-caption' id='gallery-1-17883'>\n\t\t\t\tLa Casa Batll\u00f3, obra maestra de Antonio Gaud\u00ed, ilumin\u00f3 su fachada con una proyecci\u00f3n audiovisual\/mapping\n\t\t\t\t<\/figcaption><\/figure><figure class='gallery-item'>\n\t\t\t<div class='gallery-icon landscape'>\n\t\t\t\t<a href='https:\/\/www.arquimaster.com.ar\/web\/wp-content\/uploads\/2015\/10\/mapping_casa_batllo3.jpg' title=\"La Casa Batll\u00f3, obra maestra de Antonio Gaud\u00ed, ilumin\u00f3 su fachada con una proyecci\u00f3n audiovisual\/mapping\" data-rl_title=\"La Casa Batll\u00f3, obra maestra de Antonio Gaud\u00ed, ilumin\u00f3 su fachada con una proyecci\u00f3n audiovisual\/mapping\" class=\"rl-gallery-link\" data-rl_caption=\"La Casa Batll\u00f3, obra maestra de Antonio Gaud\u00ed, ilumin\u00f3 su fachada con una proyecci\u00f3n audiovisual\/mapping\" data-rel=\"lightbox-gallery-1\"><img loading=\"lazy\" decoding=\"async\" width=\"150\" height=\"150\" src=\"https:\/\/www.arquimaster.com.ar\/web\/wp-content\/uploads\/2015\/10\/mapping_casa_batllo3-150x150.jpg\" class=\"attachment-thumbnail size-thumbnail\" alt=\"\" aria-describedby=\"gallery-1-17884\" srcset=\"https:\/\/www.arquimaster.com.ar\/web\/wp-content\/uploads\/2015\/10\/mapping_casa_batllo3-150x150.jpg 150w, https:\/\/www.arquimaster.com.ar\/web\/wp-content\/uploads\/2015\/10\/mapping_casa_batllo3-50x50.jpg 50w, https:\/\/www.arquimaster.com.ar\/web\/wp-content\/uploads\/2015\/10\/mapping_casa_batllo3-125x125.jpg 125w\" sizes=\"auto, (max-width: 150px) 100vw, 150px\" \/><\/a>\n\t\t\t<\/div>\n\t\t\t\t<figcaption class='wp-caption-text gallery-caption' id='gallery-1-17884'>\n\t\t\t\tLa Casa Batll\u00f3, obra maestra de Antonio Gaud\u00ed, ilumin\u00f3 su fachada con una proyecci\u00f3n audiovisual\/mapping\n\t\t\t\t<\/figcaption><\/figure><figure class='gallery-item'>\n\t\t\t<div class='gallery-icon landscape'>\n\t\t\t\t<a href='https:\/\/www.arquimaster.com.ar\/web\/wp-content\/uploads\/2015\/10\/mapping_casa_batllo4.jpg' title=\"La Casa Batll\u00f3, obra maestra de Antonio Gaud\u00ed, ilumin\u00f3 su fachada con una proyecci\u00f3n audiovisual\/mapping\" data-rl_title=\"La Casa Batll\u00f3, obra maestra de Antonio Gaud\u00ed, ilumin\u00f3 su fachada con una proyecci\u00f3n audiovisual\/mapping\" class=\"rl-gallery-link\" data-rl_caption=\"La Casa Batll\u00f3, obra maestra de Antonio Gaud\u00ed, ilumin\u00f3 su fachada con una proyecci\u00f3n audiovisual\/mapping\" data-rel=\"lightbox-gallery-1\"><img loading=\"lazy\" decoding=\"async\" width=\"150\" height=\"150\" src=\"https:\/\/www.arquimaster.com.ar\/web\/wp-content\/uploads\/2015\/10\/mapping_casa_batllo4-150x150.jpg\" class=\"attachment-thumbnail size-thumbnail\" alt=\"\" aria-describedby=\"gallery-1-17885\" srcset=\"https:\/\/www.arquimaster.com.ar\/web\/wp-content\/uploads\/2015\/10\/mapping_casa_batllo4-150x150.jpg 150w, https:\/\/www.arquimaster.com.ar\/web\/wp-content\/uploads\/2015\/10\/mapping_casa_batllo4-50x50.jpg 50w, https:\/\/www.arquimaster.com.ar\/web\/wp-content\/uploads\/2015\/10\/mapping_casa_batllo4-125x125.jpg 125w\" sizes=\"auto, (max-width: 150px) 100vw, 150px\" \/><\/a>\n\t\t\t<\/div>\n\t\t\t\t<figcaption class='wp-caption-text gallery-caption' id='gallery-1-17885'>\n\t\t\t\tLa Casa Batll\u00f3, obra maestra de Antonio Gaud\u00ed, ilumin\u00f3 su fachada con una proyecci\u00f3n audiovisual\/mapping\n\t\t\t\t<\/figcaption><\/figure><figure class='gallery-item'>\n\t\t\t<div class='gallery-icon landscape'>\n\t\t\t\t<a href='https:\/\/www.arquimaster.com.ar\/web\/wp-content\/uploads\/2015\/10\/mapping_casa_batllo5.jpg' title=\"La Casa Batll\u00f3, obra maestra de Antonio Gaud\u00ed, ilumin\u00f3 su fachada con una proyecci\u00f3n audiovisual\/mapping\" data-rl_title=\"La Casa Batll\u00f3, obra maestra de Antonio Gaud\u00ed, ilumin\u00f3 su fachada con una proyecci\u00f3n audiovisual\/mapping\" class=\"rl-gallery-link\" data-rl_caption=\"La Casa Batll\u00f3, obra maestra de Antonio Gaud\u00ed, ilumin\u00f3 su fachada con una proyecci\u00f3n audiovisual\/mapping\" data-rel=\"lightbox-gallery-1\"><img loading=\"lazy\" decoding=\"async\" width=\"150\" height=\"150\" src=\"https:\/\/www.arquimaster.com.ar\/web\/wp-content\/uploads\/2015\/10\/mapping_casa_batllo5-150x150.jpg\" class=\"attachment-thumbnail size-thumbnail\" alt=\"\" aria-describedby=\"gallery-1-17886\" srcset=\"https:\/\/www.arquimaster.com.ar\/web\/wp-content\/uploads\/2015\/10\/mapping_casa_batllo5-150x150.jpg 150w, https:\/\/www.arquimaster.com.ar\/web\/wp-content\/uploads\/2015\/10\/mapping_casa_batllo5-50x50.jpg 50w, https:\/\/www.arquimaster.com.ar\/web\/wp-content\/uploads\/2015\/10\/mapping_casa_batllo5-125x125.jpg 125w\" sizes=\"auto, (max-width: 150px) 100vw, 150px\" \/><\/a>\n\t\t\t<\/div>\n\t\t\t\t<figcaption class='wp-caption-text gallery-caption' id='gallery-1-17886'>\n\t\t\t\tLa Casa Batll\u00f3, obra maestra de Antonio Gaud\u00ed, ilumin\u00f3 su fachada con una proyecci\u00f3n audiovisual\/mapping\n\t\t\t\t<\/figcaption><\/figure><figure class='gallery-item'>\n\t\t\t<div class='gallery-icon landscape'>\n\t\t\t\t<a href='https:\/\/www.arquimaster.com.ar\/web\/wp-content\/uploads\/2015\/10\/mapping_casa_batllo6.jpg' title=\"La Casa Batll\u00f3, obra maestra de Antonio Gaud\u00ed, ilumin\u00f3 su fachada con una proyecci\u00f3n audiovisual\/mapping\" data-rl_title=\"La Casa Batll\u00f3, obra maestra de Antonio Gaud\u00ed, ilumin\u00f3 su fachada con una proyecci\u00f3n audiovisual\/mapping\" class=\"rl-gallery-link\" data-rl_caption=\"La Casa Batll\u00f3, obra maestra de Antonio Gaud\u00ed, ilumin\u00f3 su fachada con una proyecci\u00f3n audiovisual\/mapping\" data-rel=\"lightbox-gallery-1\"><img loading=\"lazy\" decoding=\"async\" width=\"150\" height=\"150\" src=\"https:\/\/www.arquimaster.com.ar\/web\/wp-content\/uploads\/2015\/10\/mapping_casa_batllo6-150x150.jpg\" class=\"attachment-thumbnail size-thumbnail\" alt=\"\" aria-describedby=\"gallery-1-17887\" srcset=\"https:\/\/www.arquimaster.com.ar\/web\/wp-content\/uploads\/2015\/10\/mapping_casa_batllo6-150x150.jpg 150w, https:\/\/www.arquimaster.com.ar\/web\/wp-content\/uploads\/2015\/10\/mapping_casa_batllo6-50x50.jpg 50w, https:\/\/www.arquimaster.com.ar\/web\/wp-content\/uploads\/2015\/10\/mapping_casa_batllo6-125x125.jpg 125w\" sizes=\"auto, (max-width: 150px) 100vw, 150px\" \/><\/a>\n\t\t\t<\/div>\n\t\t\t\t<figcaption class='wp-caption-text gallery-caption' id='gallery-1-17887'>\n\t\t\t\tLa Casa Batll\u00f3, obra maestra de Antonio Gaud\u00ed, ilumin\u00f3 su fachada con una proyecci\u00f3n audiovisual\/mapping\n\t\t\t\t<\/figcaption><\/figure><figure class='gallery-item'>\n\t\t\t<div class='gallery-icon landscape'>\n\t\t\t\t<a href='https:\/\/www.arquimaster.com.ar\/web\/wp-content\/uploads\/2015\/10\/mapping_casa_batllo7.jpg' title=\"La Casa Batll\u00f3, obra maestra de Antonio Gaud\u00ed, ilumin\u00f3 su fachada con una proyecci\u00f3n audiovisual\/mapping\" data-rl_title=\"La Casa Batll\u00f3, obra maestra de Antonio Gaud\u00ed, ilumin\u00f3 su fachada con una proyecci\u00f3n audiovisual\/mapping\" class=\"rl-gallery-link\" data-rl_caption=\"La Casa Batll\u00f3, obra maestra de Antonio Gaud\u00ed, ilumin\u00f3 su fachada con una proyecci\u00f3n audiovisual\/mapping\" data-rel=\"lightbox-gallery-1\"><img loading=\"lazy\" decoding=\"async\" width=\"150\" height=\"150\" src=\"https:\/\/www.arquimaster.com.ar\/web\/wp-content\/uploads\/2015\/10\/mapping_casa_batllo7-150x150.jpg\" class=\"attachment-thumbnail size-thumbnail\" alt=\"\" aria-describedby=\"gallery-1-17888\" srcset=\"https:\/\/www.arquimaster.com.ar\/web\/wp-content\/uploads\/2015\/10\/mapping_casa_batllo7-150x150.jpg 150w, https:\/\/www.arquimaster.com.ar\/web\/wp-content\/uploads\/2015\/10\/mapping_casa_batllo7-50x50.jpg 50w, https:\/\/www.arquimaster.com.ar\/web\/wp-content\/uploads\/2015\/10\/mapping_casa_batllo7-125x125.jpg 125w\" sizes=\"auto, (max-width: 150px) 100vw, 150px\" \/><\/a>\n\t\t\t<\/div>\n\t\t\t\t<figcaption class='wp-caption-text gallery-caption' id='gallery-1-17888'>\n\t\t\t\tLa Casa Batll\u00f3, obra maestra de Antonio Gaud\u00ed, ilumin\u00f3 su fachada con una proyecci\u00f3n audiovisual\/mapping\n\t\t\t\t<\/figcaption><\/figure><figure class='gallery-item'>\n\t\t\t<div class='gallery-icon landscape'>\n\t\t\t\t<a href='https:\/\/www.arquimaster.com.ar\/web\/wp-content\/uploads\/2015\/10\/mapping_casa_batllo8.jpg' title=\"La Casa Batll\u00f3, obra maestra de Antonio Gaud\u00ed, ilumin\u00f3 su fachada con una proyecci\u00f3n audiovisual\/mapping\" data-rl_title=\"La Casa Batll\u00f3, obra maestra de Antonio Gaud\u00ed, ilumin\u00f3 su fachada con una proyecci\u00f3n audiovisual\/mapping\" class=\"rl-gallery-link\" data-rl_caption=\"La Casa Batll\u00f3, obra maestra de Antonio Gaud\u00ed, ilumin\u00f3 su fachada con una proyecci\u00f3n audiovisual\/mapping\" data-rel=\"lightbox-gallery-1\"><img loading=\"lazy\" decoding=\"async\" width=\"150\" height=\"150\" src=\"https:\/\/www.arquimaster.com.ar\/web\/wp-content\/uploads\/2015\/10\/mapping_casa_batllo8-150x150.jpg\" class=\"attachment-thumbnail size-thumbnail\" alt=\"\" aria-describedby=\"gallery-1-17889\" srcset=\"https:\/\/www.arquimaster.com.ar\/web\/wp-content\/uploads\/2015\/10\/mapping_casa_batllo8-150x150.jpg 150w, https:\/\/www.arquimaster.com.ar\/web\/wp-content\/uploads\/2015\/10\/mapping_casa_batllo8-50x50.jpg 50w, https:\/\/www.arquimaster.com.ar\/web\/wp-content\/uploads\/2015\/10\/mapping_casa_batllo8-125x125.jpg 125w\" sizes=\"auto, (max-width: 150px) 100vw, 150px\" \/><\/a>\n\t\t\t<\/div>\n\t\t\t\t<figcaption class='wp-caption-text gallery-caption' id='gallery-1-17889'>\n\t\t\t\tLa Casa Batll\u00f3, obra maestra de Antonio Gaud\u00ed, ilumin\u00f3 su fachada con una proyecci\u00f3n audiovisual\/mapping\n\t\t\t\t<\/figcaption><\/figure><figure class='gallery-item'>\n\t\t\t<div class='gallery-icon landscape'>\n\t\t\t\t<a href='https:\/\/www.arquimaster.com.ar\/web\/wp-content\/uploads\/2015\/10\/mapping_casa_batllo9.jpg' title=\"La Casa Batll\u00f3, obra maestra de Antonio Gaud\u00ed, ilumin\u00f3 su fachada con una proyecci\u00f3n audiovisual\/mapping\" data-rl_title=\"La Casa Batll\u00f3, obra maestra de Antonio Gaud\u00ed, ilumin\u00f3 su fachada con una proyecci\u00f3n audiovisual\/mapping\" class=\"rl-gallery-link\" data-rl_caption=\"La Casa Batll\u00f3, obra maestra de Antonio Gaud\u00ed, ilumin\u00f3 su fachada con una proyecci\u00f3n audiovisual\/mapping\" data-rel=\"lightbox-gallery-1\"><img loading=\"lazy\" decoding=\"async\" width=\"150\" height=\"150\" src=\"https:\/\/www.arquimaster.com.ar\/web\/wp-content\/uploads\/2015\/10\/mapping_casa_batllo9-150x150.jpg\" class=\"attachment-thumbnail size-thumbnail\" alt=\"\" aria-describedby=\"gallery-1-17890\" srcset=\"https:\/\/www.arquimaster.com.ar\/web\/wp-content\/uploads\/2015\/10\/mapping_casa_batllo9-150x150.jpg 150w, https:\/\/www.arquimaster.com.ar\/web\/wp-content\/uploads\/2015\/10\/mapping_casa_batllo9-50x50.jpg 50w, https:\/\/www.arquimaster.com.ar\/web\/wp-content\/uploads\/2015\/10\/mapping_casa_batllo9-125x125.jpg 125w\" sizes=\"auto, (max-width: 150px) 100vw, 150px\" \/><\/a>\n\t\t\t<\/div>\n\t\t\t\t<figcaption class='wp-caption-text gallery-caption' id='gallery-1-17890'>\n\t\t\t\tLa Casa Batll\u00f3, obra maestra de Antonio Gaud\u00ed, ilumin\u00f3 su fachada con una proyecci\u00f3n audiovisual\/mapping\n\t\t\t\t<\/figcaption><\/figure><figure class='gallery-item'>\n\t\t\t<div class='gallery-icon landscape'>\n\t\t\t\t<a href='https:\/\/www.arquimaster.com.ar\/web\/wp-content\/uploads\/2015\/10\/mapping_casa_batllo10.jpg' title=\"La Casa Batll\u00f3, obra maestra de Antonio Gaud\u00ed, ilumin\u00f3 su fachada con una proyecci\u00f3n audiovisual\/mapping\" data-rl_title=\"La Casa Batll\u00f3, obra maestra de Antonio Gaud\u00ed, ilumin\u00f3 su fachada con una proyecci\u00f3n audiovisual\/mapping\" class=\"rl-gallery-link\" data-rl_caption=\"La Casa Batll\u00f3, obra maestra de Antonio Gaud\u00ed, ilumin\u00f3 su fachada con una proyecci\u00f3n audiovisual\/mapping\" data-rel=\"lightbox-gallery-1\"><img loading=\"lazy\" decoding=\"async\" width=\"150\" height=\"150\" src=\"https:\/\/www.arquimaster.com.ar\/web\/wp-content\/uploads\/2015\/10\/mapping_casa_batllo10-150x150.jpg\" class=\"attachment-thumbnail size-thumbnail\" alt=\"\" aria-describedby=\"gallery-1-17891\" srcset=\"https:\/\/www.arquimaster.com.ar\/web\/wp-content\/uploads\/2015\/10\/mapping_casa_batllo10-150x150.jpg 150w, https:\/\/www.arquimaster.com.ar\/web\/wp-content\/uploads\/2015\/10\/mapping_casa_batllo10-50x50.jpg 50w, https:\/\/www.arquimaster.com.ar\/web\/wp-content\/uploads\/2015\/10\/mapping_casa_batllo10-125x125.jpg 125w\" sizes=\"auto, (max-width: 150px) 100vw, 150px\" \/><\/a>\n\t\t\t<\/div>\n\t\t\t\t<figcaption class='wp-caption-text gallery-caption' id='gallery-1-17891'>\n\t\t\t\tLa Casa Batll\u00f3, obra maestra de Antonio Gaud\u00ed, ilumin\u00f3 su fachada con una proyecci\u00f3n audiovisual\/mapping\n\t\t\t\t<\/figcaption><\/figure><figure class='gallery-item'>\n\t\t\t<div class='gallery-icon portrait'>\n\t\t\t\t<a href='https:\/\/www.arquimaster.com.ar\/web\/wp-content\/uploads\/2015\/10\/mapping_casa_batllo11.jpg' title=\"La Casa Batll\u00f3, obra maestra de Antonio Gaud\u00ed, ilumin\u00f3 su fachada con una proyecci\u00f3n audiovisual\/mapping\" data-rl_title=\"La Casa Batll\u00f3, obra maestra de Antonio Gaud\u00ed, ilumin\u00f3 su fachada con una proyecci\u00f3n audiovisual\/mapping\" class=\"rl-gallery-link\" data-rl_caption=\"La Casa Batll\u00f3, obra maestra de Antonio Gaud\u00ed, ilumin\u00f3 su fachada con una proyecci\u00f3n audiovisual\/mapping\" data-rel=\"lightbox-gallery-1\"><img loading=\"lazy\" decoding=\"async\" width=\"150\" height=\"150\" src=\"https:\/\/www.arquimaster.com.ar\/web\/wp-content\/uploads\/2015\/10\/mapping_casa_batllo11-150x150.jpg\" class=\"attachment-thumbnail size-thumbnail\" alt=\"\" aria-describedby=\"gallery-1-17892\" srcset=\"https:\/\/www.arquimaster.com.ar\/web\/wp-content\/uploads\/2015\/10\/mapping_casa_batllo11-150x150.jpg 150w, https:\/\/www.arquimaster.com.ar\/web\/wp-content\/uploads\/2015\/10\/mapping_casa_batllo11-50x50.jpg 50w, https:\/\/www.arquimaster.com.ar\/web\/wp-content\/uploads\/2015\/10\/mapping_casa_batllo11-125x125.jpg 125w\" sizes=\"auto, (max-width: 150px) 100vw, 150px\" \/><\/a>\n\t\t\t<\/div>\n\t\t\t\t<figcaption class='wp-caption-text gallery-caption' id='gallery-1-17892'>\n\t\t\t\tLa Casa Batll\u00f3, obra maestra de Antonio Gaud\u00ed, ilumin\u00f3 su fachada con una proyecci\u00f3n audiovisual\/mapping\n\t\t\t\t<\/figcaption><\/figure><figure class='gallery-item'>\n\t\t\t<div class='gallery-icon landscape'>\n\t\t\t\t<a href='https:\/\/www.arquimaster.com.ar\/web\/wp-content\/uploads\/2015\/10\/mapping_casa_batllo12.jpg' title=\"La Casa Batll\u00f3, obra maestra de Antonio Gaud\u00ed, ilumin\u00f3 su fachada con una proyecci\u00f3n audiovisual\/mapping\" data-rl_title=\"La Casa Batll\u00f3, obra maestra de Antonio Gaud\u00ed, ilumin\u00f3 su fachada con una proyecci\u00f3n audiovisual\/mapping\" class=\"rl-gallery-link\" data-rl_caption=\"La Casa Batll\u00f3, obra maestra de Antonio Gaud\u00ed, ilumin\u00f3 su fachada con una proyecci\u00f3n audiovisual\/mapping\" data-rel=\"lightbox-gallery-1\"><img loading=\"lazy\" decoding=\"async\" width=\"150\" height=\"150\" src=\"https:\/\/www.arquimaster.com.ar\/web\/wp-content\/uploads\/2015\/10\/mapping_casa_batllo12-150x150.jpg\" class=\"attachment-thumbnail size-thumbnail\" alt=\"\" aria-describedby=\"gallery-1-17893\" srcset=\"https:\/\/www.arquimaster.com.ar\/web\/wp-content\/uploads\/2015\/10\/mapping_casa_batllo12-150x150.jpg 150w, https:\/\/www.arquimaster.com.ar\/web\/wp-content\/uploads\/2015\/10\/mapping_casa_batllo12-50x50.jpg 50w, https:\/\/www.arquimaster.com.ar\/web\/wp-content\/uploads\/2015\/10\/mapping_casa_batllo12-125x125.jpg 125w\" sizes=\"auto, (max-width: 150px) 100vw, 150px\" \/><\/a>\n\t\t\t<\/div>\n\t\t\t\t<figcaption class='wp-caption-text gallery-caption' id='gallery-1-17893'>\n\t\t\t\tLa Casa Batll\u00f3, obra maestra de Antonio Gaud\u00ed, ilumin\u00f3 su fachada con una proyecci\u00f3n audiovisual\/mapping\n\t\t\t\t<\/figcaption><\/figure><figure class='gallery-item'>\n\t\t\t<div class='gallery-icon landscape'>\n\t\t\t\t<a href='https:\/\/www.arquimaster.com.ar\/web\/wp-content\/uploads\/2015\/10\/mapping_casa_batllo13.jpg' title=\"La Casa Batll\u00f3, obra maestra de Antonio Gaud\u00ed, ilumin\u00f3 su fachada con una proyecci\u00f3n audiovisual\/mapping\" data-rl_title=\"La Casa Batll\u00f3, obra maestra de Antonio Gaud\u00ed, ilumin\u00f3 su fachada con una proyecci\u00f3n audiovisual\/mapping\" class=\"rl-gallery-link\" data-rl_caption=\"La Casa Batll\u00f3, obra maestra de Antonio Gaud\u00ed, ilumin\u00f3 su fachada con una proyecci\u00f3n audiovisual\/mapping\" data-rel=\"lightbox-gallery-1\"><img loading=\"lazy\" decoding=\"async\" width=\"150\" height=\"150\" src=\"https:\/\/www.arquimaster.com.ar\/web\/wp-content\/uploads\/2015\/10\/mapping_casa_batllo13-150x150.jpg\" class=\"attachment-thumbnail size-thumbnail\" alt=\"\" aria-describedby=\"gallery-1-17894\" srcset=\"https:\/\/www.arquimaster.com.ar\/web\/wp-content\/uploads\/2015\/10\/mapping_casa_batllo13-150x150.jpg 150w, https:\/\/www.arquimaster.com.ar\/web\/wp-content\/uploads\/2015\/10\/mapping_casa_batllo13-50x50.jpg 50w, https:\/\/www.arquimaster.com.ar\/web\/wp-content\/uploads\/2015\/10\/mapping_casa_batllo13-125x125.jpg 125w\" sizes=\"auto, (max-width: 150px) 100vw, 150px\" \/><\/a>\n\t\t\t<\/div>\n\t\t\t\t<figcaption class='wp-caption-text gallery-caption' id='gallery-1-17894'>\n\t\t\t\tLa Casa Batll\u00f3, obra maestra de Antonio Gaud\u00ed, ilumin\u00f3 su fachada con una proyecci\u00f3n audiovisual\/mapping\n\t\t\t\t<\/figcaption><\/figure><figure class='gallery-item'>\n\t\t\t<div class='gallery-icon landscape'>\n\t\t\t\t<a href='https:\/\/www.arquimaster.com.ar\/web\/wp-content\/uploads\/2015\/10\/mapping_casa_batllo14.jpg' title=\"La Casa Batll\u00f3, obra maestra de Antonio Gaud\u00ed, ilumin\u00f3 su fachada con una proyecci\u00f3n audiovisual\/mapping\" data-rl_title=\"La Casa Batll\u00f3, obra maestra de Antonio Gaud\u00ed, ilumin\u00f3 su fachada con una proyecci\u00f3n audiovisual\/mapping\" class=\"rl-gallery-link\" data-rl_caption=\"La Casa Batll\u00f3, obra maestra de Antonio Gaud\u00ed, ilumin\u00f3 su fachada con una proyecci\u00f3n audiovisual\/mapping\" data-rel=\"lightbox-gallery-1\"><img loading=\"lazy\" decoding=\"async\" width=\"150\" height=\"150\" src=\"https:\/\/www.arquimaster.com.ar\/web\/wp-content\/uploads\/2015\/10\/mapping_casa_batllo14-150x150.jpg\" class=\"attachment-thumbnail size-thumbnail\" alt=\"\" aria-describedby=\"gallery-1-17895\" srcset=\"https:\/\/www.arquimaster.com.ar\/web\/wp-content\/uploads\/2015\/10\/mapping_casa_batllo14-150x150.jpg 150w, https:\/\/www.arquimaster.com.ar\/web\/wp-content\/uploads\/2015\/10\/mapping_casa_batllo14-50x50.jpg 50w, https:\/\/www.arquimaster.com.ar\/web\/wp-content\/uploads\/2015\/10\/mapping_casa_batllo14-125x125.jpg 125w\" sizes=\"auto, (max-width: 150px) 100vw, 150px\" \/><\/a>\n\t\t\t<\/div>\n\t\t\t\t<figcaption class='wp-caption-text gallery-caption' id='gallery-1-17895'>\n\t\t\t\tLa Casa Batll\u00f3, obra maestra de Antonio Gaud\u00ed, ilumin\u00f3 su fachada con una proyecci\u00f3n audiovisual\/mapping\n\t\t\t\t<\/figcaption><\/figure><figure class='gallery-item'>\n\t\t\t<div class='gallery-icon landscape'>\n\t\t\t\t<a href='https:\/\/www.arquimaster.com.ar\/web\/wp-content\/uploads\/2015\/10\/mapping_casa_batllo15.jpg' title=\"La Casa Batll\u00f3, obra maestra de Antonio Gaud\u00ed, ilumin\u00f3 su fachada con una proyecci\u00f3n audiovisual\/mapping\" data-rl_title=\"La Casa Batll\u00f3, obra maestra de Antonio Gaud\u00ed, ilumin\u00f3 su fachada con una proyecci\u00f3n audiovisual\/mapping\" class=\"rl-gallery-link\" data-rl_caption=\"La Casa Batll\u00f3, obra maestra de Antonio Gaud\u00ed, ilumin\u00f3 su fachada con una proyecci\u00f3n audiovisual\/mapping\" data-rel=\"lightbox-gallery-1\"><img loading=\"lazy\" decoding=\"async\" width=\"150\" height=\"150\" src=\"https:\/\/www.arquimaster.com.ar\/web\/wp-content\/uploads\/2015\/10\/mapping_casa_batllo15-150x150.jpg\" class=\"attachment-thumbnail size-thumbnail\" alt=\"\" aria-describedby=\"gallery-1-17896\" srcset=\"https:\/\/www.arquimaster.com.ar\/web\/wp-content\/uploads\/2015\/10\/mapping_casa_batllo15-150x150.jpg 150w, https:\/\/www.arquimaster.com.ar\/web\/wp-content\/uploads\/2015\/10\/mapping_casa_batllo15-50x50.jpg 50w, https:\/\/www.arquimaster.com.ar\/web\/wp-content\/uploads\/2015\/10\/mapping_casa_batllo15-125x125.jpg 125w\" sizes=\"auto, (max-width: 150px) 100vw, 150px\" \/><\/a>\n\t\t\t<\/div>\n\t\t\t\t<figcaption class='wp-caption-text gallery-caption' id='gallery-1-17896'>\n\t\t\t\tLa Casa Batll\u00f3, obra maestra de Antonio Gaud\u00ed, ilumin\u00f3 su fachada con una proyecci\u00f3n audiovisual\/mapping\n\t\t\t\t<\/figcaption><\/figure><figure class='gallery-item'>\n\t\t\t<div class='gallery-icon landscape'>\n\t\t\t\t<a href='https:\/\/www.arquimaster.com.ar\/web\/wp-content\/uploads\/2015\/10\/mapping_casa_batllo16.jpg' title=\"La Casa Batll\u00f3, obra maestra de Antonio Gaud\u00ed, ilumin\u00f3 su fachada con una proyecci\u00f3n audiovisual\/mapping\" data-rl_title=\"La Casa Batll\u00f3, obra maestra de Antonio Gaud\u00ed, ilumin\u00f3 su fachada con una proyecci\u00f3n audiovisual\/mapping\" class=\"rl-gallery-link\" data-rl_caption=\"La Casa Batll\u00f3, obra maestra de Antonio Gaud\u00ed, ilumin\u00f3 su fachada con una proyecci\u00f3n audiovisual\/mapping\" data-rel=\"lightbox-gallery-1\"><img loading=\"lazy\" decoding=\"async\" width=\"150\" height=\"150\" src=\"https:\/\/www.arquimaster.com.ar\/web\/wp-content\/uploads\/2015\/10\/mapping_casa_batllo16-150x150.jpg\" class=\"attachment-thumbnail size-thumbnail\" alt=\"\" aria-describedby=\"gallery-1-17897\" srcset=\"https:\/\/www.arquimaster.com.ar\/web\/wp-content\/uploads\/2015\/10\/mapping_casa_batllo16-150x150.jpg 150w, https:\/\/www.arquimaster.com.ar\/web\/wp-content\/uploads\/2015\/10\/mapping_casa_batllo16-50x50.jpg 50w, https:\/\/www.arquimaster.com.ar\/web\/wp-content\/uploads\/2015\/10\/mapping_casa_batllo16-125x125.jpg 125w\" sizes=\"auto, (max-width: 150px) 100vw, 150px\" \/><\/a>\n\t\t\t<\/div>\n\t\t\t\t<figcaption class='wp-caption-text gallery-caption' id='gallery-1-17897'>\n\t\t\t\tLa Casa Batll\u00f3, obra maestra de Antonio Gaud\u00ed, ilumin\u00f3 su fachada con una proyecci\u00f3n audiovisual\/mapping\n\t\t\t\t<\/figcaption><\/figure><figure class='gallery-item'>\n\t\t\t<div class='gallery-icon landscape'>\n\t\t\t\t<a href='https:\/\/www.arquimaster.com.ar\/web\/wp-content\/uploads\/2015\/10\/mapping_casa_batllo17.jpg' title=\"La Casa Batll\u00f3, obra maestra de Antonio Gaud\u00ed, ilumin\u00f3 su fachada con una proyecci\u00f3n audiovisual\/mapping\" data-rl_title=\"La Casa Batll\u00f3, obra maestra de Antonio Gaud\u00ed, ilumin\u00f3 su fachada con una proyecci\u00f3n audiovisual\/mapping\" class=\"rl-gallery-link\" data-rl_caption=\"La Casa Batll\u00f3, obra maestra de Antonio Gaud\u00ed, ilumin\u00f3 su fachada con una proyecci\u00f3n audiovisual\/mapping\" data-rel=\"lightbox-gallery-1\"><img loading=\"lazy\" decoding=\"async\" width=\"150\" height=\"150\" src=\"https:\/\/www.arquimaster.com.ar\/web\/wp-content\/uploads\/2015\/10\/mapping_casa_batllo17-150x150.jpg\" class=\"attachment-thumbnail size-thumbnail\" alt=\"\" aria-describedby=\"gallery-1-17898\" srcset=\"https:\/\/www.arquimaster.com.ar\/web\/wp-content\/uploads\/2015\/10\/mapping_casa_batllo17-150x150.jpg 150w, https:\/\/www.arquimaster.com.ar\/web\/wp-content\/uploads\/2015\/10\/mapping_casa_batllo17-50x50.jpg 50w, https:\/\/www.arquimaster.com.ar\/web\/wp-content\/uploads\/2015\/10\/mapping_casa_batllo17-125x125.jpg 125w\" sizes=\"auto, (max-width: 150px) 100vw, 150px\" \/><\/a>\n\t\t\t<\/div>\n\t\t\t\t<figcaption class='wp-caption-text gallery-caption' id='gallery-1-17898'>\n\t\t\t\tLa Casa Batll\u00f3, obra maestra de Antonio Gaud\u00ed, ilumin\u00f3 su fachada con una proyecci\u00f3n audiovisual\/mapping\n\t\t\t\t<\/figcaption><\/figure><figure class='gallery-item'>\n\t\t\t<div class='gallery-icon landscape'>\n\t\t\t\t<a href='https:\/\/www.arquimaster.com.ar\/web\/wp-content\/uploads\/2015\/10\/mapping_casa_batllo18.jpg' title=\"La Casa Batll\u00f3, obra maestra de Antonio Gaud\u00ed, ilumin\u00f3 su fachada con una proyecci\u00f3n audiovisual\/mapping\" data-rl_title=\"La Casa Batll\u00f3, obra maestra de Antonio Gaud\u00ed, ilumin\u00f3 su fachada con una proyecci\u00f3n audiovisual\/mapping\" class=\"rl-gallery-link\" data-rl_caption=\"La Casa Batll\u00f3, obra maestra de Antonio Gaud\u00ed, ilumin\u00f3 su fachada con una proyecci\u00f3n audiovisual\/mapping\" data-rel=\"lightbox-gallery-1\"><img loading=\"lazy\" decoding=\"async\" width=\"150\" height=\"150\" src=\"https:\/\/www.arquimaster.com.ar\/web\/wp-content\/uploads\/2015\/10\/mapping_casa_batllo18-150x150.jpg\" class=\"attachment-thumbnail size-thumbnail\" alt=\"\" aria-describedby=\"gallery-1-17899\" srcset=\"https:\/\/www.arquimaster.com.ar\/web\/wp-content\/uploads\/2015\/10\/mapping_casa_batllo18-150x150.jpg 150w, https:\/\/www.arquimaster.com.ar\/web\/wp-content\/uploads\/2015\/10\/mapping_casa_batllo18-50x50.jpg 50w, https:\/\/www.arquimaster.com.ar\/web\/wp-content\/uploads\/2015\/10\/mapping_casa_batllo18-125x125.jpg 125w\" sizes=\"auto, (max-width: 150px) 100vw, 150px\" \/><\/a>\n\t\t\t<\/div>\n\t\t\t\t<figcaption class='wp-caption-text gallery-caption' id='gallery-1-17899'>\n\t\t\t\tLa Casa Batll\u00f3, obra maestra de Antonio Gaud\u00ed, ilumin\u00f3 su fachada con una proyecci\u00f3n audiovisual\/mapping\n\t\t\t\t<\/figcaption><\/figure><figure class='gallery-item'>\n\t\t\t<div class='gallery-icon landscape'>\n\t\t\t\t<a href='https:\/\/www.arquimaster.com.ar\/web\/wp-content\/uploads\/2015\/10\/mapping_casa_batllo19.jpg' title=\"La Casa Batll\u00f3, obra maestra de Antonio Gaud\u00ed, ilumin\u00f3 su fachada con una proyecci\u00f3n audiovisual\/mapping\" data-rl_title=\"La Casa Batll\u00f3, obra maestra de Antonio Gaud\u00ed, ilumin\u00f3 su fachada con una proyecci\u00f3n audiovisual\/mapping\" class=\"rl-gallery-link\" data-rl_caption=\"La Casa Batll\u00f3, obra maestra de Antonio Gaud\u00ed, ilumin\u00f3 su fachada con una proyecci\u00f3n audiovisual\/mapping\" data-rel=\"lightbox-gallery-1\"><img loading=\"lazy\" decoding=\"async\" width=\"150\" height=\"150\" src=\"https:\/\/www.arquimaster.com.ar\/web\/wp-content\/uploads\/2015\/10\/mapping_casa_batllo19-150x150.jpg\" class=\"attachment-thumbnail size-thumbnail\" alt=\"\" aria-describedby=\"gallery-1-17900\" srcset=\"https:\/\/www.arquimaster.com.ar\/web\/wp-content\/uploads\/2015\/10\/mapping_casa_batllo19-150x150.jpg 150w, https:\/\/www.arquimaster.com.ar\/web\/wp-content\/uploads\/2015\/10\/mapping_casa_batllo19-50x50.jpg 50w, https:\/\/www.arquimaster.com.ar\/web\/wp-content\/uploads\/2015\/10\/mapping_casa_batllo19-125x125.jpg 125w\" sizes=\"auto, (max-width: 150px) 100vw, 150px\" \/><\/a>\n\t\t\t<\/div>\n\t\t\t\t<figcaption class='wp-caption-text gallery-caption' id='gallery-1-17900'>\n\t\t\t\tLa Casa Batll\u00f3, obra maestra de Antonio Gaud\u00ed, ilumin\u00f3 su fachada con una proyecci\u00f3n audiovisual\/mapping\n\t\t\t\t<\/figcaption><\/figure><figure class='gallery-item'>\n\t\t\t<div class='gallery-icon landscape'>\n\t\t\t\t<a href='https:\/\/www.arquimaster.com.ar\/web\/wp-content\/uploads\/2015\/10\/mapping_casa_batllo20.jpg' title=\"La Casa Batll\u00f3, obra maestra de Antonio Gaud\u00ed, ilumin\u00f3 su fachada con una proyecci\u00f3n audiovisual\/mapping\" data-rl_title=\"La Casa Batll\u00f3, obra maestra de Antonio Gaud\u00ed, ilumin\u00f3 su fachada con una proyecci\u00f3n audiovisual\/mapping\" class=\"rl-gallery-link\" data-rl_caption=\"La Casa Batll\u00f3, obra maestra de Antonio Gaud\u00ed, ilumin\u00f3 su fachada con una proyecci\u00f3n audiovisual\/mapping\" data-rel=\"lightbox-gallery-1\"><img loading=\"lazy\" decoding=\"async\" width=\"150\" height=\"150\" src=\"https:\/\/www.arquimaster.com.ar\/web\/wp-content\/uploads\/2015\/10\/mapping_casa_batllo20-150x150.jpg\" class=\"attachment-thumbnail size-thumbnail\" alt=\"\" aria-describedby=\"gallery-1-17901\" srcset=\"https:\/\/www.arquimaster.com.ar\/web\/wp-content\/uploads\/2015\/10\/mapping_casa_batllo20-150x150.jpg 150w, https:\/\/www.arquimaster.com.ar\/web\/wp-content\/uploads\/2015\/10\/mapping_casa_batllo20-50x50.jpg 50w, https:\/\/www.arquimaster.com.ar\/web\/wp-content\/uploads\/2015\/10\/mapping_casa_batllo20-125x125.jpg 125w\" sizes=\"auto, (max-width: 150px) 100vw, 150px\" \/><\/a>\n\t\t\t<\/div>\n\t\t\t\t<figcaption class='wp-caption-text gallery-caption' id='gallery-1-17901'>\n\t\t\t\tLa Casa Batll\u00f3, obra maestra de Antonio Gaud\u00ed, ilumin\u00f3 su fachada con una proyecci\u00f3n audiovisual\/mapping\n\t\t\t\t<\/figcaption><\/figure>\n\t\t<\/div>\n\n<p>La <strong>Casa Batll\u00f3<\/strong>, obra maestra de <strong>Antonio Gaud\u00ed<\/strong>, ilumin\u00f3 anoche su fachada con una proyecci\u00f3n audiovisual\/mapping, <strong>\u00abEl Despertar de la Casa Batll\u00f3\u00bb<\/strong>, con motivo de sus 10 a\u00f1os como <strong>Patrimonio Mundial de la Humanidad por la UNESCO<\/strong>, coincidiendo con las Fiestas de La Merc\u00e8.<\/p>\n<p>Adem\u00e1s, antes de la proyecci\u00f3n, en un solo gesto, todos los asistentes despertaron al Drag\u00f3n a trav\u00e9s de la sincronizaci\u00f3n de sus smartphones. Se logr\u00f3 una acci\u00f3n telem\u00e1tica masiva y espectacular sin precedentes con la participaci\u00f3n de m\u00e1s de 20.000 personas, entre las que se encontraban ciudadanos, autoridades y turistas.<\/p>\n<p><strong>Sobre el espect\u00e1culo \u00abEl despertar de la Casa Batll\u00f3\u00bb<\/strong><br \/>\nEsta vibrante proyecci\u00f3n invit\u00f3 a los asistentes a entrar en el mundo de Gaud\u00ed, reuniendo el simbolismo y las leyendas populares como la de Sant Jordi o el Carnaval que se ocultan tras su excepcional fachada para desvelar al visitante los secretos de la arquitectura gaudiniana y para comprender la obra en su totalidad. Un espect\u00e1culo en el que se puedo ver la lucha entre Sant Jordi y el drag\u00f3n gigante, murci\u00e9lagos, nen\u00fafares de Monet o esqueletos, algunas de las leyendas que se pueden descubrir en este emblem\u00e1tico edificio del centro de Barcelona.<\/p>\n<p>El agua, el grandioso drag\u00f3n de Sant Jordi, el arlequ\u00edn, las m\u00e1scaras, los bosques encantados y las criaturas de la noche cobraron vida para hacer realidad la obra m\u00e1s on\u00edrica de Gaud\u00ed. La producci\u00f3n del espect\u00e1culo fue a cargo de la Productora Nueve Ojos de Barcelona, bajo la direcci\u00f3n creativa de Mariona Omedes, Premio Nacional de Audiovisuales de la Generalitat de Catalu\u00f1a.<\/p>\n<p><strong>Sobre la arquitectura de la Casa Batll\u00f3<\/strong><br \/>\nEn la fachada de la Casa Batll\u00f3 hay detalles arquitect\u00f3nicos que expresan numerosas alegor\u00edas, todas ellas cobraron vida durante el mapping que se proyect\u00f3. Para descubrir estas leyendas, el edificio se divide en cinco espacios clave.<\/p>\n<p>La <strong>\u00abCasa de los Bostezos\u00bb<\/strong>, donde las ventanas de la tribuna de la planta noble parecen bloques abiertos bostezando o la garganta de un gigantesco animal. La <strong>\u00abCasa de los Huesos\u00bb<\/strong>, lugar en el que las columnas de piedra de la tribuna tienen forma de huesos en referencia a las v\u00edctimas devoradas por el drag\u00f3n. La <strong>\u00abCasa del Agua\u00bb<\/strong>, espacio donde las fachada ondulada evoca los nen\u00fafares de Monet y los patios interiores reviven la obra de Julio Verne, Veinte mil leguas de viaje submarino. La <strong>\u00abCasa del Drag\u00f3n\u00bb<\/strong>, donde el drag\u00f3n de la leyenda de Sant Jordi resulta herido por la espada en forma de cruz, mientras que en el balc\u00f3n en forma de flor representa el lugar donde est\u00e1 la princesa. Y la <strong>\u00abCasa de las M\u00e1scaras\u00bb<\/strong>, donde los balcones en forma de m\u00e1scaras de Carnaval basado en un \u00abtrencad\u00eds\u00bb multicolor recuerda al confeti y la fachada rematada con la forma de un sombrero de arlequ\u00edn.<\/p>\n<p><strong>Casa Batll\u00f3<\/strong><br \/>\nLa Joya de Gaud\u00ed ha sido galardonada como Monumento Hist\u00f3rico Nacional, 1969; Bien de Inter\u00e9s Cultural por la Generalitat de Catalu\u00f1a, 1987; Premio Europa Nostra por la conservaci\u00f3n del Patrimonio, 2000; Patrimonio Mundial de la Humanidad por la UNESCO, 2005; Premio IBOCC y Bureau Internacional de Capitales Culturales, 2008. La Casa Batll\u00f3 se ha convertido en un mito del arte, de la arquitectura y del dise\u00f1o universal de todos los tiempos, contando con 900.000 visitas anuales.<\/p>\n\n<div style=\"font-size: 0px; height: 0px; line-height: 0px; margin: 0; padding: 0; clear: both;\"><\/div><div style=\"margin-top: 0px; margin-bottom: 0px;\" class=\"sharethis-inline-share-buttons\" ><\/div>","protected":false},"excerpt":{"rendered":"<p>M\u00e1s de 20.000 smartphones despiertan al \u00abDrag\u00f3n\u00bb de la Casa Batll\u00f3 durante el mapping&#8230;<\/p>\n","protected":false},"author":1,"featured_media":17881,"comment_status":"closed","ping_status":"closed","sticky":false,"template":"","format":"standard","meta":{"_uag_custom_page_level_css":"","footnotes":""},"categories":[70,68],"tags":[3639,679,3592,488],"class_list":["post-17880","post","type-post","status-publish","format-standard","has-post-thumbnail","hentry","category-noticias-arquitectura","category-novedades","tag-antonio-gaudi","tag-barcelona","tag-casa-batllo","tag-mapping","generate-columns","tablet-grid-50","mobile-grid-100","grid-parent","grid-50"],"yoast_head":"<!-- This site is optimized with the Yoast SEO plugin v27.3 - https:\/\/yoast.com\/product\/yoast-seo-wordpress\/ -->\n<title>La Casa Batll\u00f3, obra maestra de Antonio Gaud\u00ed, ilumin\u00f3 su fachada con una proyecci\u00f3n audiovisual\/mapping - Arquimaster<\/title>\n<meta name=\"robots\" content=\"index, follow, max-snippet:-1, max-image-preview:large, max-video-preview:-1\" \/>\n<link rel=\"canonical\" href=\"https:\/\/www.arquimaster.com.ar\/web\/la-casa-batllo-obra-maestra-de-antonio-gaudi-ilumino-su-fachada-con-una-proyeccion-audiovisualmapping\/\" \/>\n<meta property=\"og:locale\" content=\"es_ES\" \/>\n<meta property=\"og:type\" content=\"article\" \/>\n<meta property=\"og:title\" content=\"La Casa Batll\u00f3, obra maestra de Antonio Gaud\u00ed, ilumin\u00f3 su fachada con una proyecci\u00f3n audiovisual\/mapping - Arquimaster\" \/>\n<meta property=\"og:description\" content=\"M\u00e1s de 20.000 smartphones despiertan al &quot;Drag\u00f3n&quot; de la Casa Batll\u00f3 durante el mapping...\" \/>\n<meta property=\"og:url\" content=\"https:\/\/www.arquimaster.com.ar\/web\/la-casa-batllo-obra-maestra-de-antonio-gaudi-ilumino-su-fachada-con-una-proyeccion-audiovisualmapping\/\" \/>\n<meta property=\"og:site_name\" content=\"Arquimaster\" \/>\n<meta property=\"article:publisher\" content=\"http:\/\/www.facebook.com\/ARQUIMASTER.com.ar\" \/>\n<meta property=\"article:published_time\" content=\"2015-10-01T22:18:15+00:00\" \/>\n<meta property=\"article:modified_time\" content=\"2015-10-18T22:26:03+00:00\" \/>\n<meta property=\"og:image\" content=\"https:\/\/www.arquimaster.com.ar\/web\/wp-content\/uploads\/2015\/10\/mapping_casa_batllo_slide.jpg\" \/>\n\t<meta property=\"og:image:width\" content=\"642\" \/>\n\t<meta property=\"og:image:height\" content=\"336\" \/>\n\t<meta property=\"og:image:type\" content=\"image\/jpeg\" \/>\n<meta name=\"author\" content=\"Arquimaster\" \/>\n<meta name=\"twitter:card\" content=\"summary_large_image\" \/>\n<meta name=\"twitter:creator\" content=\"@arquimaster\" \/>\n<meta name=\"twitter:site\" content=\"@arquimaster\" \/>\n<meta name=\"twitter:label1\" content=\"Escrito por\" \/>\n\t<meta name=\"twitter:data1\" content=\"Arquimaster\" \/>\n\t<meta name=\"twitter:label2\" content=\"Tiempo de lectura\" \/>\n\t<meta name=\"twitter:data2\" content=\"3 minutos\" \/>\n<script type=\"application\/ld+json\" class=\"yoast-schema-graph\">{\"@context\":\"https:\\\/\\\/schema.org\",\"@graph\":[{\"@type\":\"Article\",\"@id\":\"https:\\\/\\\/www.arquimaster.com.ar\\\/web\\\/la-casa-batllo-obra-maestra-de-antonio-gaudi-ilumino-su-fachada-con-una-proyeccion-audiovisualmapping\\\/#article\",\"isPartOf\":{\"@id\":\"https:\\\/\\\/www.arquimaster.com.ar\\\/web\\\/la-casa-batllo-obra-maestra-de-antonio-gaudi-ilumino-su-fachada-con-una-proyeccion-audiovisualmapping\\\/\"},\"author\":{\"name\":\"Arquimaster\",\"@id\":\"https:\\\/\\\/www.arquimaster.com.ar\\\/web\\\/#\\\/schema\\\/person\\\/359e9f7c00193fcde068e0dd2ceb0028\"},\"headline\":\"La Casa Batll\u00f3, obra maestra de Antonio Gaud\u00ed, ilumin\u00f3 su fachada con una proyecci\u00f3n audiovisual\\\/mapping\",\"datePublished\":\"2015-10-01T22:18:15+00:00\",\"dateModified\":\"2015-10-18T22:26:03+00:00\",\"mainEntityOfPage\":{\"@id\":\"https:\\\/\\\/www.arquimaster.com.ar\\\/web\\\/la-casa-batllo-obra-maestra-de-antonio-gaudi-ilumino-su-fachada-con-una-proyeccion-audiovisualmapping\\\/\"},\"wordCount\":683,\"publisher\":{\"@id\":\"https:\\\/\\\/www.arquimaster.com.ar\\\/web\\\/#organization\"},\"image\":{\"@id\":\"https:\\\/\\\/www.arquimaster.com.ar\\\/web\\\/la-casa-batllo-obra-maestra-de-antonio-gaudi-ilumino-su-fachada-con-una-proyeccion-audiovisualmapping\\\/#primaryimage\"},\"thumbnailUrl\":\"https:\\\/\\\/www.arquimaster.com.ar\\\/web\\\/wp-content\\\/uploads\\\/2015\\\/10\\\/mapping_casa_batllo_slide.jpg\",\"keywords\":[\"Antonio Gaud\u00ed\",\"Barcelona\",\"Casa Batll\u00f3\",\"mapping\"],\"articleSection\":[\"Noticias de arquitectura y dise\u00f1o\",\"Novedades\"],\"inLanguage\":\"es\"},{\"@type\":\"WebPage\",\"@id\":\"https:\\\/\\\/www.arquimaster.com.ar\\\/web\\\/la-casa-batllo-obra-maestra-de-antonio-gaudi-ilumino-su-fachada-con-una-proyeccion-audiovisualmapping\\\/\",\"url\":\"https:\\\/\\\/www.arquimaster.com.ar\\\/web\\\/la-casa-batllo-obra-maestra-de-antonio-gaudi-ilumino-su-fachada-con-una-proyeccion-audiovisualmapping\\\/\",\"name\":\"La Casa Batll\u00f3, obra maestra de Antonio Gaud\u00ed, ilumin\u00f3 su fachada con una proyecci\u00f3n audiovisual\\\/mapping - Arquimaster\",\"isPartOf\":{\"@id\":\"https:\\\/\\\/www.arquimaster.com.ar\\\/web\\\/#website\"},\"primaryImageOfPage\":{\"@id\":\"https:\\\/\\\/www.arquimaster.com.ar\\\/web\\\/la-casa-batllo-obra-maestra-de-antonio-gaudi-ilumino-su-fachada-con-una-proyeccion-audiovisualmapping\\\/#primaryimage\"},\"image\":{\"@id\":\"https:\\\/\\\/www.arquimaster.com.ar\\\/web\\\/la-casa-batllo-obra-maestra-de-antonio-gaudi-ilumino-su-fachada-con-una-proyeccion-audiovisualmapping\\\/#primaryimage\"},\"thumbnailUrl\":\"https:\\\/\\\/www.arquimaster.com.ar\\\/web\\\/wp-content\\\/uploads\\\/2015\\\/10\\\/mapping_casa_batllo_slide.jpg\",\"datePublished\":\"2015-10-01T22:18:15+00:00\",\"dateModified\":\"2015-10-18T22:26:03+00:00\",\"breadcrumb\":{\"@id\":\"https:\\\/\\\/www.arquimaster.com.ar\\\/web\\\/la-casa-batllo-obra-maestra-de-antonio-gaudi-ilumino-su-fachada-con-una-proyeccion-audiovisualmapping\\\/#breadcrumb\"},\"inLanguage\":\"es\",\"potentialAction\":[{\"@type\":\"ReadAction\",\"target\":[\"https:\\\/\\\/www.arquimaster.com.ar\\\/web\\\/la-casa-batllo-obra-maestra-de-antonio-gaudi-ilumino-su-fachada-con-una-proyeccion-audiovisualmapping\\\/\"]}]},{\"@type\":\"ImageObject\",\"inLanguage\":\"es\",\"@id\":\"https:\\\/\\\/www.arquimaster.com.ar\\\/web\\\/la-casa-batllo-obra-maestra-de-antonio-gaudi-ilumino-su-fachada-con-una-proyeccion-audiovisualmapping\\\/#primaryimage\",\"url\":\"https:\\\/\\\/www.arquimaster.com.ar\\\/web\\\/wp-content\\\/uploads\\\/2015\\\/10\\\/mapping_casa_batllo_slide.jpg\",\"contentUrl\":\"https:\\\/\\\/www.arquimaster.com.ar\\\/web\\\/wp-content\\\/uploads\\\/2015\\\/10\\\/mapping_casa_batllo_slide.jpg\",\"width\":642,\"height\":336},{\"@type\":\"BreadcrumbList\",\"@id\":\"https:\\\/\\\/www.arquimaster.com.ar\\\/web\\\/la-casa-batllo-obra-maestra-de-antonio-gaudi-ilumino-su-fachada-con-una-proyeccion-audiovisualmapping\\\/#breadcrumb\",\"itemListElement\":[{\"@type\":\"ListItem\",\"position\":1,\"name\":\"Portada\",\"item\":\"https:\\\/\\\/www.arquimaster.com.ar\\\/web\\\/\"},{\"@type\":\"ListItem\",\"position\":2,\"name\":\"La Casa Batll\u00f3, obra maestra de Antonio Gaud\u00ed, ilumin\u00f3 su fachada con una proyecci\u00f3n audiovisual\\\/mapping\"}]},{\"@type\":\"WebSite\",\"@id\":\"https:\\\/\\\/www.arquimaster.com.ar\\\/web\\\/#website\",\"url\":\"https:\\\/\\\/www.arquimaster.com.ar\\\/web\\\/\",\"name\":\"Arquimaster\",\"description\":\"Web de arquitectura, dise\u00f1o y construccion\",\"publisher\":{\"@id\":\"https:\\\/\\\/www.arquimaster.com.ar\\\/web\\\/#organization\"},\"potentialAction\":[{\"@type\":\"SearchAction\",\"target\":{\"@type\":\"EntryPoint\",\"urlTemplate\":\"https:\\\/\\\/www.arquimaster.com.ar\\\/web\\\/?s={search_term_string}\"},\"query-input\":{\"@type\":\"PropertyValueSpecification\",\"valueRequired\":true,\"valueName\":\"search_term_string\"}}],\"inLanguage\":\"es\"},{\"@type\":\"Organization\",\"@id\":\"https:\\\/\\\/www.arquimaster.com.ar\\\/web\\\/#organization\",\"name\":\"Arquimaster\",\"url\":\"https:\\\/\\\/www.arquimaster.com.ar\\\/web\\\/\",\"logo\":{\"@type\":\"ImageObject\",\"inLanguage\":\"es\",\"@id\":\"https:\\\/\\\/www.arquimaster.com.ar\\\/web\\\/#\\\/schema\\\/logo\\\/image\\\/\",\"url\":\"https:\\\/\\\/www.arquimaster.com.ar\\\/web\\\/wp-content\\\/uploads\\\/2022\\\/06\\\/arquimaster.png\",\"contentUrl\":\"https:\\\/\\\/www.arquimaster.com.ar\\\/web\\\/wp-content\\\/uploads\\\/2022\\\/06\\\/arquimaster.png\",\"width\":594,\"height\":78,\"caption\":\"Arquimaster\"},\"image\":{\"@id\":\"https:\\\/\\\/www.arquimaster.com.ar\\\/web\\\/#\\\/schema\\\/logo\\\/image\\\/\"},\"sameAs\":[\"http:\\\/\\\/www.facebook.com\\\/ARQUIMASTER.com.ar\",\"https:\\\/\\\/x.com\\\/arquimaster\",\"https:\\\/\\\/www.instagram.com\\\/arquimasterblog\\\/\",\"https:\\\/\\\/www.linkedin.com\\\/company\\\/arquimaster\",\"https:\\\/\\\/www.pinterest.com\\\/arquimaster\",\"https:\\\/\\\/t.me\\\/arquimaster\"]},{\"@type\":\"Person\",\"@id\":\"https:\\\/\\\/www.arquimaster.com.ar\\\/web\\\/#\\\/schema\\\/person\\\/359e9f7c00193fcde068e0dd2ceb0028\",\"name\":\"Arquimaster\"}]}<\/script>\n<!-- \/ Yoast SEO plugin. -->","yoast_head_json":{"title":"La Casa Batll\u00f3, obra maestra de Antonio Gaud\u00ed, ilumin\u00f3 su fachada con una proyecci\u00f3n audiovisual\/mapping - Arquimaster","robots":{"index":"index","follow":"follow","max-snippet":"max-snippet:-1","max-image-preview":"max-image-preview:large","max-video-preview":"max-video-preview:-1"},"canonical":"https:\/\/www.arquimaster.com.ar\/web\/la-casa-batllo-obra-maestra-de-antonio-gaudi-ilumino-su-fachada-con-una-proyeccion-audiovisualmapping\/","og_locale":"es_ES","og_type":"article","og_title":"La Casa Batll\u00f3, obra maestra de Antonio Gaud\u00ed, ilumin\u00f3 su fachada con una proyecci\u00f3n audiovisual\/mapping - Arquimaster","og_description":"M\u00e1s de 20.000 smartphones despiertan al \"Drag\u00f3n\" de la Casa Batll\u00f3 durante el mapping...","og_url":"https:\/\/www.arquimaster.com.ar\/web\/la-casa-batllo-obra-maestra-de-antonio-gaudi-ilumino-su-fachada-con-una-proyeccion-audiovisualmapping\/","og_site_name":"Arquimaster","article_publisher":"http:\/\/www.facebook.com\/ARQUIMASTER.com.ar","article_published_time":"2015-10-01T22:18:15+00:00","article_modified_time":"2015-10-18T22:26:03+00:00","og_image":[{"width":642,"height":336,"url":"https:\/\/www.arquimaster.com.ar\/web\/wp-content\/uploads\/2015\/10\/mapping_casa_batllo_slide.jpg","type":"image\/jpeg"}],"author":"Arquimaster","twitter_card":"summary_large_image","twitter_creator":"@arquimaster","twitter_site":"@arquimaster","twitter_misc":{"Escrito por":"Arquimaster","Tiempo de lectura":"3 minutos"},"schema":{"@context":"https:\/\/schema.org","@graph":[{"@type":"Article","@id":"https:\/\/www.arquimaster.com.ar\/web\/la-casa-batllo-obra-maestra-de-antonio-gaudi-ilumino-su-fachada-con-una-proyeccion-audiovisualmapping\/#article","isPartOf":{"@id":"https:\/\/www.arquimaster.com.ar\/web\/la-casa-batllo-obra-maestra-de-antonio-gaudi-ilumino-su-fachada-con-una-proyeccion-audiovisualmapping\/"},"author":{"name":"Arquimaster","@id":"https:\/\/www.arquimaster.com.ar\/web\/#\/schema\/person\/359e9f7c00193fcde068e0dd2ceb0028"},"headline":"La Casa Batll\u00f3, obra maestra de Antonio Gaud\u00ed, ilumin\u00f3 su fachada con una proyecci\u00f3n audiovisual\/mapping","datePublished":"2015-10-01T22:18:15+00:00","dateModified":"2015-10-18T22:26:03+00:00","mainEntityOfPage":{"@id":"https:\/\/www.arquimaster.com.ar\/web\/la-casa-batllo-obra-maestra-de-antonio-gaudi-ilumino-su-fachada-con-una-proyeccion-audiovisualmapping\/"},"wordCount":683,"publisher":{"@id":"https:\/\/www.arquimaster.com.ar\/web\/#organization"},"image":{"@id":"https:\/\/www.arquimaster.com.ar\/web\/la-casa-batllo-obra-maestra-de-antonio-gaudi-ilumino-su-fachada-con-una-proyeccion-audiovisualmapping\/#primaryimage"},"thumbnailUrl":"https:\/\/www.arquimaster.com.ar\/web\/wp-content\/uploads\/2015\/10\/mapping_casa_batllo_slide.jpg","keywords":["Antonio Gaud\u00ed","Barcelona","Casa Batll\u00f3","mapping"],"articleSection":["Noticias de arquitectura y dise\u00f1o","Novedades"],"inLanguage":"es"},{"@type":"WebPage","@id":"https:\/\/www.arquimaster.com.ar\/web\/la-casa-batllo-obra-maestra-de-antonio-gaudi-ilumino-su-fachada-con-una-proyeccion-audiovisualmapping\/","url":"https:\/\/www.arquimaster.com.ar\/web\/la-casa-batllo-obra-maestra-de-antonio-gaudi-ilumino-su-fachada-con-una-proyeccion-audiovisualmapping\/","name":"La Casa Batll\u00f3, obra maestra de Antonio Gaud\u00ed, ilumin\u00f3 su fachada con una proyecci\u00f3n audiovisual\/mapping - Arquimaster","isPartOf":{"@id":"https:\/\/www.arquimaster.com.ar\/web\/#website"},"primaryImageOfPage":{"@id":"https:\/\/www.arquimaster.com.ar\/web\/la-casa-batllo-obra-maestra-de-antonio-gaudi-ilumino-su-fachada-con-una-proyeccion-audiovisualmapping\/#primaryimage"},"image":{"@id":"https:\/\/www.arquimaster.com.ar\/web\/la-casa-batllo-obra-maestra-de-antonio-gaudi-ilumino-su-fachada-con-una-proyeccion-audiovisualmapping\/#primaryimage"},"thumbnailUrl":"https:\/\/www.arquimaster.com.ar\/web\/wp-content\/uploads\/2015\/10\/mapping_casa_batllo_slide.jpg","datePublished":"2015-10-01T22:18:15+00:00","dateModified":"2015-10-18T22:26:03+00:00","breadcrumb":{"@id":"https:\/\/www.arquimaster.com.ar\/web\/la-casa-batllo-obra-maestra-de-antonio-gaudi-ilumino-su-fachada-con-una-proyeccion-audiovisualmapping\/#breadcrumb"},"inLanguage":"es","potentialAction":[{"@type":"ReadAction","target":["https:\/\/www.arquimaster.com.ar\/web\/la-casa-batllo-obra-maestra-de-antonio-gaudi-ilumino-su-fachada-con-una-proyeccion-audiovisualmapping\/"]}]},{"@type":"ImageObject","inLanguage":"es","@id":"https:\/\/www.arquimaster.com.ar\/web\/la-casa-batllo-obra-maestra-de-antonio-gaudi-ilumino-su-fachada-con-una-proyeccion-audiovisualmapping\/#primaryimage","url":"https:\/\/www.arquimaster.com.ar\/web\/wp-content\/uploads\/2015\/10\/mapping_casa_batllo_slide.jpg","contentUrl":"https:\/\/www.arquimaster.com.ar\/web\/wp-content\/uploads\/2015\/10\/mapping_casa_batllo_slide.jpg","width":642,"height":336},{"@type":"BreadcrumbList","@id":"https:\/\/www.arquimaster.com.ar\/web\/la-casa-batllo-obra-maestra-de-antonio-gaudi-ilumino-su-fachada-con-una-proyeccion-audiovisualmapping\/#breadcrumb","itemListElement":[{"@type":"ListItem","position":1,"name":"Portada","item":"https:\/\/www.arquimaster.com.ar\/web\/"},{"@type":"ListItem","position":2,"name":"La Casa Batll\u00f3, obra maestra de Antonio Gaud\u00ed, ilumin\u00f3 su fachada con una proyecci\u00f3n audiovisual\/mapping"}]},{"@type":"WebSite","@id":"https:\/\/www.arquimaster.com.ar\/web\/#website","url":"https:\/\/www.arquimaster.com.ar\/web\/","name":"Arquimaster","description":"Web de arquitectura, dise\u00f1o y construccion","publisher":{"@id":"https:\/\/www.arquimaster.com.ar\/web\/#organization"},"potentialAction":[{"@type":"SearchAction","target":{"@type":"EntryPoint","urlTemplate":"https:\/\/www.arquimaster.com.ar\/web\/?s={search_term_string}"},"query-input":{"@type":"PropertyValueSpecification","valueRequired":true,"valueName":"search_term_string"}}],"inLanguage":"es"},{"@type":"Organization","@id":"https:\/\/www.arquimaster.com.ar\/web\/#organization","name":"Arquimaster","url":"https:\/\/www.arquimaster.com.ar\/web\/","logo":{"@type":"ImageObject","inLanguage":"es","@id":"https:\/\/www.arquimaster.com.ar\/web\/#\/schema\/logo\/image\/","url":"https:\/\/www.arquimaster.com.ar\/web\/wp-content\/uploads\/2022\/06\/arquimaster.png","contentUrl":"https:\/\/www.arquimaster.com.ar\/web\/wp-content\/uploads\/2022\/06\/arquimaster.png","width":594,"height":78,"caption":"Arquimaster"},"image":{"@id":"https:\/\/www.arquimaster.com.ar\/web\/#\/schema\/logo\/image\/"},"sameAs":["http:\/\/www.facebook.com\/ARQUIMASTER.com.ar","https:\/\/x.com\/arquimaster","https:\/\/www.instagram.com\/arquimasterblog\/","https:\/\/www.linkedin.com\/company\/arquimaster","https:\/\/www.pinterest.com\/arquimaster","https:\/\/t.me\/arquimaster"]},{"@type":"Person","@id":"https:\/\/www.arquimaster.com.ar\/web\/#\/schema\/person\/359e9f7c00193fcde068e0dd2ceb0028","name":"Arquimaster"}]}},"uagb_featured_image_src":{"full":["https:\/\/www.arquimaster.com.ar\/web\/wp-content\/uploads\/2015\/10\/mapping_casa_batllo_slide.jpg",642,336,false],"thumbnail":["https:\/\/www.arquimaster.com.ar\/web\/wp-content\/uploads\/2015\/10\/mapping_casa_batllo_slide-150x150.jpg",150,150,true],"medium":["https:\/\/www.arquimaster.com.ar\/web\/wp-content\/uploads\/2015\/10\/mapping_casa_batllo_slide.jpg",642,336,false],"medium_large":["https:\/\/www.arquimaster.com.ar\/web\/wp-content\/uploads\/2015\/10\/mapping_casa_batllo_slide.jpg",642,336,false],"large":["https:\/\/www.arquimaster.com.ar\/web\/wp-content\/uploads\/2015\/10\/mapping_casa_batllo_slide.jpg",642,336,false],"1536x1536":["https:\/\/www.arquimaster.com.ar\/web\/wp-content\/uploads\/2015\/10\/mapping_casa_batllo_slide.jpg",642,336,false],"2048x2048":["https:\/\/www.arquimaster.com.ar\/web\/wp-content\/uploads\/2015\/10\/mapping_casa_batllo_slide.jpg",642,336,false]},"uagb_author_info":{"display_name":"Arquimaster","author_link":"https:\/\/www.arquimaster.com.ar\/web\/author\/arquimaster\/"},"uagb_comment_info":0,"uagb_excerpt":"M\u00e1s de 20.000 smartphones despiertan al \"Drag\u00f3n\" de la Casa Batll\u00f3 durante el mapping...","_links":{"self":[{"href":"https:\/\/www.arquimaster.com.ar\/web\/wp-json\/wp\/v2\/posts\/17880","targetHints":{"allow":["GET"]}}],"collection":[{"href":"https:\/\/www.arquimaster.com.ar\/web\/wp-json\/wp\/v2\/posts"}],"about":[{"href":"https:\/\/www.arquimaster.com.ar\/web\/wp-json\/wp\/v2\/types\/post"}],"author":[{"embeddable":true,"href":"https:\/\/www.arquimaster.com.ar\/web\/wp-json\/wp\/v2\/users\/1"}],"replies":[{"embeddable":true,"href":"https:\/\/www.arquimaster.com.ar\/web\/wp-json\/wp\/v2\/comments?post=17880"}],"version-history":[{"count":0,"href":"https:\/\/www.arquimaster.com.ar\/web\/wp-json\/wp\/v2\/posts\/17880\/revisions"}],"wp:featuredmedia":[{"embeddable":true,"href":"https:\/\/www.arquimaster.com.ar\/web\/wp-json\/wp\/v2\/media\/17881"}],"wp:attachment":[{"href":"https:\/\/www.arquimaster.com.ar\/web\/wp-json\/wp\/v2\/media?parent=17880"}],"wp:term":[{"taxonomy":"category","embeddable":true,"href":"https:\/\/www.arquimaster.com.ar\/web\/wp-json\/wp\/v2\/categories?post=17880"},{"taxonomy":"post_tag","embeddable":true,"href":"https:\/\/www.arquimaster.com.ar\/web\/wp-json\/wp\/v2\/tags?post=17880"}],"curies":[{"name":"wp","href":"https:\/\/api.w.org\/{rel}","templated":true}]}}