{"id":17981,"date":"2015-10-14T23:47:16","date_gmt":"2015-10-14T23:47:16","guid":{"rendered":"http:\/\/www.arquimaster.com.ar\/web\/?p=17981"},"modified":"2025-10-25T21:39:28","modified_gmt":"2025-10-26T00:39:28","slug":"la-casa-disenada-por-le-corbusier-en-la-plata-postulada-para-patrimonio-mundial-de-la-unesco","status":"publish","type":"post","link":"https:\/\/www.arquimaster.com.ar\/web\/la-casa-disenada-por-le-corbusier-en-la-plata-postulada-para-patrimonio-mundial-de-la-unesco\/","title":{"rendered":"La casa dise\u00f1ada por Le Corbusier en La Plata, postulada para Patrimonio Mundial de la UNESCO"},"content":{"rendered":"<div style=\"margin-top: 0px; margin-bottom: 0px;\" class=\"sharethis-inline-share-buttons\" ><\/div><div class=\"b812932af2e751442846f039925109de\" data-index=\"1\" style=\"float: none; margin:25px 0 25px 0; text-align:center;\">\n<script async src=\"https:\/\/pagead2.googlesyndication.com\/pagead\/js\/adsbygoogle.js\"><\/script>\r\n<!-- Arquimaster (superior) -->\r\n<ins class=\"adsbygoogle\"\r\n     style=\"display:block\"\r\n     data-ad-client=\"ca-pub-6351072698456832\"\r\n     data-ad-slot=\"6455489680\"\r\n     data-ad-format=\"auto\"\r\n     data-full-width-responsive=\"true\"><\/ins>\r\n<script>\r\n     (adsbygoogle = window.adsbygoogle || []).push({});\r\n<\/script>\n<\/div>\n<p><em><strong>La Casa Curutchet de La Plata -\u00fanica vivienda proyectada por el maestro Le Corbusier en el continente americano- ha sido postulada para ser declarada Patrimonio Mundial de la UNESCO. Recientemente, se llevaron a cabo obras de puesta en valor de esta vivienda, realizadas por el Colegio de Arquitectos de la Provincia de Buenos Aires -CAPBA- con la colaboraci\u00f3n de la empresa de pinturas Tersuave, logrando que hoy luzca como en su estado original de 1955. En el marco de la Bienal Internacional de Arquitectura de Buenos Aires BA15, conferencistas internacionales e integrantes del Primer Encuentro de Comit\u00e9s Latinoamericanos de ICOMOS del Siglo XX, visitaron la Casa.<\/strong><\/em><\/p>\n<div id='gallery-1' class='gallery galleryid-17981 gallery-columns-3 gallery-size-thumbnail'><figure class='gallery-item'>\n\t\t\t<div class='gallery-icon portrait'>\n\t\t\t\t<a href='https:\/\/www.arquimaster.com.ar\/web\/wp-content\/uploads\/2015\/10\/casa_curutchet_unesco1.jpg' title=\"La casa dise\u00f1ada por Le Corbusier en La Plata, postulada para Patrimonio Mundial de la UNESCO\" data-rl_title=\"La casa dise\u00f1ada por Le Corbusier en La Plata, postulada para Patrimonio Mundial de la UNESCO\" class=\"rl-gallery-link\" data-rl_caption=\"La casa dise\u00f1ada por Le Corbusier en La Plata, postulada para Patrimonio Mundial de la UNESCO\" data-rel=\"lightbox-gallery-1\"><img loading=\"lazy\" decoding=\"async\" width=\"150\" height=\"150\" src=\"https:\/\/www.arquimaster.com.ar\/web\/wp-content\/uploads\/2015\/10\/casa_curutchet_unesco1-150x150.jpg\" class=\"attachment-thumbnail size-thumbnail\" alt=\"\" aria-describedby=\"gallery-1-17983\" srcset=\"https:\/\/www.arquimaster.com.ar\/web\/wp-content\/uploads\/2015\/10\/casa_curutchet_unesco1-150x150.jpg 150w, https:\/\/www.arquimaster.com.ar\/web\/wp-content\/uploads\/2015\/10\/casa_curutchet_unesco1-50x50.jpg 50w, https:\/\/www.arquimaster.com.ar\/web\/wp-content\/uploads\/2015\/10\/casa_curutchet_unesco1-125x125.jpg 125w\" sizes=\"auto, (max-width: 150px) 100vw, 150px\" \/><\/a>\n\t\t\t<\/div>\n\t\t\t\t<figcaption class='wp-caption-text gallery-caption' id='gallery-1-17983'>\n\t\t\t\tLa casa dise\u00f1ada por Le Corbusier en La Plata, postulada para Patrimonio Mundial de la UNESCO\n\t\t\t\t<\/figcaption><\/figure><figure class='gallery-item'>\n\t\t\t<div class='gallery-icon landscape'>\n\t\t\t\t<a href='https:\/\/www.arquimaster.com.ar\/web\/wp-content\/uploads\/2015\/10\/casa_curutchet_unesco2.jpg' title=\"La casa dise\u00f1ada por Le Corbusier en La Plata, postulada para Patrimonio Mundial de la UNESCO\" data-rl_title=\"La casa dise\u00f1ada por Le Corbusier en La Plata, postulada para Patrimonio Mundial de la UNESCO\" class=\"rl-gallery-link\" data-rl_caption=\"La casa dise\u00f1ada por Le Corbusier en La Plata, postulada para Patrimonio Mundial de la UNESCO\" data-rel=\"lightbox-gallery-1\"><img loading=\"lazy\" decoding=\"async\" width=\"150\" height=\"150\" src=\"https:\/\/www.arquimaster.com.ar\/web\/wp-content\/uploads\/2015\/10\/casa_curutchet_unesco2-150x150.jpg\" class=\"attachment-thumbnail size-thumbnail\" alt=\"\" aria-describedby=\"gallery-1-17984\" srcset=\"https:\/\/www.arquimaster.com.ar\/web\/wp-content\/uploads\/2015\/10\/casa_curutchet_unesco2-150x150.jpg 150w, https:\/\/www.arquimaster.com.ar\/web\/wp-content\/uploads\/2015\/10\/casa_curutchet_unesco2-50x50.jpg 50w, https:\/\/www.arquimaster.com.ar\/web\/wp-content\/uploads\/2015\/10\/casa_curutchet_unesco2-125x125.jpg 125w\" sizes=\"auto, (max-width: 150px) 100vw, 150px\" \/><\/a>\n\t\t\t<\/div>\n\t\t\t\t<figcaption class='wp-caption-text gallery-caption' id='gallery-1-17984'>\n\t\t\t\tLa casa dise\u00f1ada por Le Corbusier en La Plata, postulada para Patrimonio Mundial de la UNESCO\n\t\t\t\t<\/figcaption><\/figure><figure class='gallery-item'>\n\t\t\t<div class='gallery-icon landscape'>\n\t\t\t\t<a href='https:\/\/www.arquimaster.com.ar\/web\/wp-content\/uploads\/2015\/10\/casa_curutchet_unesco3.jpg' title=\"La casa dise\u00f1ada por Le Corbusier en La Plata, postulada para Patrimonio Mundial de la UNESCO\" data-rl_title=\"La casa dise\u00f1ada por Le Corbusier en La Plata, postulada para Patrimonio Mundial de la UNESCO\" class=\"rl-gallery-link\" data-rl_caption=\"La casa dise\u00f1ada por Le Corbusier en La Plata, postulada para Patrimonio Mundial de la UNESCO\" data-rel=\"lightbox-gallery-1\"><img loading=\"lazy\" decoding=\"async\" width=\"150\" height=\"150\" src=\"https:\/\/www.arquimaster.com.ar\/web\/wp-content\/uploads\/2015\/10\/casa_curutchet_unesco3-150x150.jpg\" class=\"attachment-thumbnail size-thumbnail\" alt=\"\" aria-describedby=\"gallery-1-17985\" srcset=\"https:\/\/www.arquimaster.com.ar\/web\/wp-content\/uploads\/2015\/10\/casa_curutchet_unesco3-150x150.jpg 150w, https:\/\/www.arquimaster.com.ar\/web\/wp-content\/uploads\/2015\/10\/casa_curutchet_unesco3-50x50.jpg 50w, https:\/\/www.arquimaster.com.ar\/web\/wp-content\/uploads\/2015\/10\/casa_curutchet_unesco3-125x125.jpg 125w\" sizes=\"auto, (max-width: 150px) 100vw, 150px\" \/><\/a>\n\t\t\t<\/div>\n\t\t\t\t<figcaption class='wp-caption-text gallery-caption' id='gallery-1-17985'>\n\t\t\t\tLa casa dise\u00f1ada por Le Corbusier en La Plata, postulada para Patrimonio Mundial de la UNESCO\n\t\t\t\t<\/figcaption><\/figure><figure class='gallery-item'>\n\t\t\t<div class='gallery-icon landscape'>\n\t\t\t\t<a href='https:\/\/www.arquimaster.com.ar\/web\/wp-content\/uploads\/2015\/10\/casa_curutchet_unesco4.jpg' title=\"La casa dise\u00f1ada por Le Corbusier en La Plata, postulada para Patrimonio Mundial de la UNESCO\" data-rl_title=\"La casa dise\u00f1ada por Le Corbusier en La Plata, postulada para Patrimonio Mundial de la UNESCO\" class=\"rl-gallery-link\" data-rl_caption=\"La casa dise\u00f1ada por Le Corbusier en La Plata, postulada para Patrimonio Mundial de la UNESCO\" data-rel=\"lightbox-gallery-1\"><img loading=\"lazy\" decoding=\"async\" width=\"150\" height=\"150\" src=\"https:\/\/www.arquimaster.com.ar\/web\/wp-content\/uploads\/2015\/10\/casa_curutchet_unesco4-150x150.jpg\" class=\"attachment-thumbnail size-thumbnail\" alt=\"\" aria-describedby=\"gallery-1-17986\" srcset=\"https:\/\/www.arquimaster.com.ar\/web\/wp-content\/uploads\/2015\/10\/casa_curutchet_unesco4-150x150.jpg 150w, https:\/\/www.arquimaster.com.ar\/web\/wp-content\/uploads\/2015\/10\/casa_curutchet_unesco4-50x50.jpg 50w, https:\/\/www.arquimaster.com.ar\/web\/wp-content\/uploads\/2015\/10\/casa_curutchet_unesco4-125x125.jpg 125w\" sizes=\"auto, (max-width: 150px) 100vw, 150px\" \/><\/a>\n\t\t\t<\/div>\n\t\t\t\t<figcaption class='wp-caption-text gallery-caption' id='gallery-1-17986'>\n\t\t\t\tLa casa dise\u00f1ada por Le Corbusier en La Plata, postulada para Patrimonio Mundial de la UNESCO\n\t\t\t\t<\/figcaption><\/figure><figure class='gallery-item'>\n\t\t\t<div class='gallery-icon landscape'>\n\t\t\t\t<a href='https:\/\/www.arquimaster.com.ar\/web\/wp-content\/uploads\/2015\/10\/casa_curutchet_unesco5.jpg' title=\"La casa dise\u00f1ada por Le Corbusier en La Plata, postulada para Patrimonio Mundial de la UNESCO\" data-rl_title=\"La casa dise\u00f1ada por Le Corbusier en La Plata, postulada para Patrimonio Mundial de la UNESCO\" class=\"rl-gallery-link\" data-rl_caption=\"La casa dise\u00f1ada por Le Corbusier en La Plata, postulada para Patrimonio Mundial de la UNESCO\" data-rel=\"lightbox-gallery-1\"><img loading=\"lazy\" decoding=\"async\" width=\"150\" height=\"150\" src=\"https:\/\/www.arquimaster.com.ar\/web\/wp-content\/uploads\/2015\/10\/casa_curutchet_unesco5-150x150.jpg\" class=\"attachment-thumbnail size-thumbnail\" alt=\"\" aria-describedby=\"gallery-1-17987\" srcset=\"https:\/\/www.arquimaster.com.ar\/web\/wp-content\/uploads\/2015\/10\/casa_curutchet_unesco5-150x150.jpg 150w, https:\/\/www.arquimaster.com.ar\/web\/wp-content\/uploads\/2015\/10\/casa_curutchet_unesco5-50x50.jpg 50w, https:\/\/www.arquimaster.com.ar\/web\/wp-content\/uploads\/2015\/10\/casa_curutchet_unesco5-125x125.jpg 125w\" sizes=\"auto, (max-width: 150px) 100vw, 150px\" \/><\/a>\n\t\t\t<\/div>\n\t\t\t\t<figcaption class='wp-caption-text gallery-caption' id='gallery-1-17987'>\n\t\t\t\tLa casa dise\u00f1ada por Le Corbusier en La Plata, postulada para Patrimonio Mundial de la UNESCO\n\t\t\t\t<\/figcaption><\/figure><figure class='gallery-item'>\n\t\t\t<div class='gallery-icon landscape'>\n\t\t\t\t<a href='https:\/\/www.arquimaster.com.ar\/web\/wp-content\/uploads\/2015\/10\/casa_curutchet_unesco6.jpg' title=\"La casa dise\u00f1ada por Le Corbusier en La Plata, postulada para Patrimonio Mundial de la UNESCO\" data-rl_title=\"La casa dise\u00f1ada por Le Corbusier en La Plata, postulada para Patrimonio Mundial de la UNESCO\" class=\"rl-gallery-link\" data-rl_caption=\"La casa dise\u00f1ada por Le Corbusier en La Plata, postulada para Patrimonio Mundial de la UNESCO\" data-rel=\"lightbox-gallery-1\"><img loading=\"lazy\" decoding=\"async\" width=\"150\" height=\"150\" src=\"https:\/\/www.arquimaster.com.ar\/web\/wp-content\/uploads\/2015\/10\/casa_curutchet_unesco6-150x150.jpg\" class=\"attachment-thumbnail size-thumbnail\" alt=\"\" aria-describedby=\"gallery-1-17988\" srcset=\"https:\/\/www.arquimaster.com.ar\/web\/wp-content\/uploads\/2015\/10\/casa_curutchet_unesco6-150x150.jpg 150w, https:\/\/www.arquimaster.com.ar\/web\/wp-content\/uploads\/2015\/10\/casa_curutchet_unesco6-50x50.jpg 50w, https:\/\/www.arquimaster.com.ar\/web\/wp-content\/uploads\/2015\/10\/casa_curutchet_unesco6-125x125.jpg 125w\" sizes=\"auto, (max-width: 150px) 100vw, 150px\" \/><\/a>\n\t\t\t<\/div>\n\t\t\t\t<figcaption class='wp-caption-text gallery-caption' id='gallery-1-17988'>\n\t\t\t\tLa casa dise\u00f1ada por Le Corbusier en La Plata, postulada para Patrimonio Mundial de la UNESCO\n\t\t\t\t<\/figcaption><\/figure><figure class='gallery-item'>\n\t\t\t<div class='gallery-icon landscape'>\n\t\t\t\t<a href='https:\/\/www.arquimaster.com.ar\/web\/wp-content\/uploads\/2015\/10\/casa_curutchet_unesco7.jpg' title=\"La casa dise\u00f1ada por Le Corbusier en La Plata, postulada para Patrimonio Mundial de la UNESCO\" data-rl_title=\"La casa dise\u00f1ada por Le Corbusier en La Plata, postulada para Patrimonio Mundial de la UNESCO\" class=\"rl-gallery-link\" data-rl_caption=\"La casa dise\u00f1ada por Le Corbusier en La Plata, postulada para Patrimonio Mundial de la UNESCO\" data-rel=\"lightbox-gallery-1\"><img loading=\"lazy\" decoding=\"async\" width=\"150\" height=\"150\" src=\"https:\/\/www.arquimaster.com.ar\/web\/wp-content\/uploads\/2015\/10\/casa_curutchet_unesco7-150x150.jpg\" class=\"attachment-thumbnail size-thumbnail\" alt=\"\" aria-describedby=\"gallery-1-17989\" srcset=\"https:\/\/www.arquimaster.com.ar\/web\/wp-content\/uploads\/2015\/10\/casa_curutchet_unesco7-150x150.jpg 150w, https:\/\/www.arquimaster.com.ar\/web\/wp-content\/uploads\/2015\/10\/casa_curutchet_unesco7-50x50.jpg 50w, https:\/\/www.arquimaster.com.ar\/web\/wp-content\/uploads\/2015\/10\/casa_curutchet_unesco7-125x125.jpg 125w\" sizes=\"auto, (max-width: 150px) 100vw, 150px\" \/><\/a>\n\t\t\t<\/div>\n\t\t\t\t<figcaption class='wp-caption-text gallery-caption' id='gallery-1-17989'>\n\t\t\t\tLa casa dise\u00f1ada por Le Corbusier en La Plata, postulada para Patrimonio Mundial de la UNESCO\n\t\t\t\t<\/figcaption><\/figure><figure class='gallery-item'>\n\t\t\t<div class='gallery-icon landscape'>\n\t\t\t\t<a href='https:\/\/www.arquimaster.com.ar\/web\/wp-content\/uploads\/2015\/10\/casa_curutchet_unesco8.jpg' title=\"La casa dise\u00f1ada por Le Corbusier en La Plata, postulada para Patrimonio Mundial de la UNESCO\" data-rl_title=\"La casa dise\u00f1ada por Le Corbusier en La Plata, postulada para Patrimonio Mundial de la UNESCO\" class=\"rl-gallery-link\" data-rl_caption=\"La casa dise\u00f1ada por Le Corbusier en La Plata, postulada para Patrimonio Mundial de la UNESCO\" data-rel=\"lightbox-gallery-1\"><img loading=\"lazy\" decoding=\"async\" width=\"150\" height=\"150\" src=\"https:\/\/www.arquimaster.com.ar\/web\/wp-content\/uploads\/2015\/10\/casa_curutchet_unesco8-150x150.jpg\" class=\"attachment-thumbnail size-thumbnail\" alt=\"\" aria-describedby=\"gallery-1-17990\" srcset=\"https:\/\/www.arquimaster.com.ar\/web\/wp-content\/uploads\/2015\/10\/casa_curutchet_unesco8-150x150.jpg 150w, https:\/\/www.arquimaster.com.ar\/web\/wp-content\/uploads\/2015\/10\/casa_curutchet_unesco8-50x50.jpg 50w, https:\/\/www.arquimaster.com.ar\/web\/wp-content\/uploads\/2015\/10\/casa_curutchet_unesco8-125x125.jpg 125w\" sizes=\"auto, (max-width: 150px) 100vw, 150px\" \/><\/a>\n\t\t\t<\/div>\n\t\t\t\t<figcaption class='wp-caption-text gallery-caption' id='gallery-1-17990'>\n\t\t\t\tLa casa dise\u00f1ada por Le Corbusier en La Plata, postulada para Patrimonio Mundial de la UNESCO\n\t\t\t\t<\/figcaption><\/figure><figure class='gallery-item'>\n\t\t\t<div class='gallery-icon landscape'>\n\t\t\t\t<a href='https:\/\/www.arquimaster.com.ar\/web\/wp-content\/uploads\/2015\/10\/casa_curutchet_unesco9.jpg' title=\"La casa dise\u00f1ada por Le Corbusier en La Plata, postulada para Patrimonio Mundial de la UNESCO\" data-rl_title=\"La casa dise\u00f1ada por Le Corbusier en La Plata, postulada para Patrimonio Mundial de la UNESCO\" class=\"rl-gallery-link\" data-rl_caption=\"La casa dise\u00f1ada por Le Corbusier en La Plata, postulada para Patrimonio Mundial de la UNESCO\" data-rel=\"lightbox-gallery-1\"><img loading=\"lazy\" decoding=\"async\" width=\"150\" height=\"150\" src=\"https:\/\/www.arquimaster.com.ar\/web\/wp-content\/uploads\/2015\/10\/casa_curutchet_unesco9-150x150.jpg\" class=\"attachment-thumbnail size-thumbnail\" alt=\"\" aria-describedby=\"gallery-1-17991\" srcset=\"https:\/\/www.arquimaster.com.ar\/web\/wp-content\/uploads\/2015\/10\/casa_curutchet_unesco9-150x150.jpg 150w, https:\/\/www.arquimaster.com.ar\/web\/wp-content\/uploads\/2015\/10\/casa_curutchet_unesco9-50x50.jpg 50w, https:\/\/www.arquimaster.com.ar\/web\/wp-content\/uploads\/2015\/10\/casa_curutchet_unesco9-125x125.jpg 125w\" sizes=\"auto, (max-width: 150px) 100vw, 150px\" \/><\/a>\n\t\t\t<\/div>\n\t\t\t\t<figcaption class='wp-caption-text gallery-caption' id='gallery-1-17991'>\n\t\t\t\tLa casa dise\u00f1ada por Le Corbusier en La Plata, postulada para Patrimonio Mundial de la UNESCO\n\t\t\t\t<\/figcaption><\/figure><figure class='gallery-item'>\n\t\t\t<div class='gallery-icon landscape'>\n\t\t\t\t<a href='https:\/\/www.arquimaster.com.ar\/web\/wp-content\/uploads\/2015\/10\/casa_curutchet_unesco10.jpg' title=\"La casa dise\u00f1ada por Le Corbusier en La Plata, postulada para Patrimonio Mundial de la UNESCO\" data-rl_title=\"La casa dise\u00f1ada por Le Corbusier en La Plata, postulada para Patrimonio Mundial de la UNESCO\" class=\"rl-gallery-link\" data-rl_caption=\"La casa dise\u00f1ada por Le Corbusier en La Plata, postulada para Patrimonio Mundial de la UNESCO\" data-rel=\"lightbox-gallery-1\"><img loading=\"lazy\" decoding=\"async\" width=\"150\" height=\"150\" src=\"https:\/\/www.arquimaster.com.ar\/web\/wp-content\/uploads\/2015\/10\/casa_curutchet_unesco10-150x150.jpg\" class=\"attachment-thumbnail size-thumbnail\" alt=\"\" aria-describedby=\"gallery-1-17992\" srcset=\"https:\/\/www.arquimaster.com.ar\/web\/wp-content\/uploads\/2015\/10\/casa_curutchet_unesco10-150x150.jpg 150w, https:\/\/www.arquimaster.com.ar\/web\/wp-content\/uploads\/2015\/10\/casa_curutchet_unesco10-50x50.jpg 50w, https:\/\/www.arquimaster.com.ar\/web\/wp-content\/uploads\/2015\/10\/casa_curutchet_unesco10-125x125.jpg 125w\" sizes=\"auto, (max-width: 150px) 100vw, 150px\" \/><\/a>\n\t\t\t<\/div>\n\t\t\t\t<figcaption class='wp-caption-text gallery-caption' id='gallery-1-17992'>\n\t\t\t\tLa casa dise\u00f1ada por Le Corbusier en La Plata, postulada para Patrimonio Mundial de la UNESCO\n\t\t\t\t<\/figcaption><\/figure><figure class='gallery-item'>\n\t\t\t<div class='gallery-icon landscape'>\n\t\t\t\t<a href='https:\/\/www.arquimaster.com.ar\/web\/wp-content\/uploads\/2015\/10\/casa_curutchet_unesco11.jpg' title=\"La casa dise\u00f1ada por Le Corbusier en La Plata, postulada para Patrimonio Mundial de la UNESCO\" data-rl_title=\"La casa dise\u00f1ada por Le Corbusier en La Plata, postulada para Patrimonio Mundial de la UNESCO\" class=\"rl-gallery-link\" data-rl_caption=\"La casa dise\u00f1ada por Le Corbusier en La Plata, postulada para Patrimonio Mundial de la UNESCO\" data-rel=\"lightbox-gallery-1\"><img loading=\"lazy\" decoding=\"async\" width=\"150\" height=\"150\" src=\"https:\/\/www.arquimaster.com.ar\/web\/wp-content\/uploads\/2015\/10\/casa_curutchet_unesco11-150x150.jpg\" class=\"attachment-thumbnail size-thumbnail\" alt=\"\" aria-describedby=\"gallery-1-17993\" srcset=\"https:\/\/www.arquimaster.com.ar\/web\/wp-content\/uploads\/2015\/10\/casa_curutchet_unesco11-150x150.jpg 150w, https:\/\/www.arquimaster.com.ar\/web\/wp-content\/uploads\/2015\/10\/casa_curutchet_unesco11-50x50.jpg 50w, https:\/\/www.arquimaster.com.ar\/web\/wp-content\/uploads\/2015\/10\/casa_curutchet_unesco11-125x125.jpg 125w\" sizes=\"auto, (max-width: 150px) 100vw, 150px\" \/><\/a>\n\t\t\t<\/div>\n\t\t\t\t<figcaption class='wp-caption-text gallery-caption' id='gallery-1-17993'>\n\t\t\t\tLa casa dise\u00f1ada por Le Corbusier en La Plata, postulada para Patrimonio Mundial de la UNESCO\n\t\t\t\t<\/figcaption><\/figure><figure class='gallery-item'>\n\t\t\t<div class='gallery-icon landscape'>\n\t\t\t\t<a href='https:\/\/www.arquimaster.com.ar\/web\/wp-content\/uploads\/2015\/10\/casa_curutchet_unesco12.jpg' title=\"La casa dise\u00f1ada por Le Corbusier en La Plata, postulada para Patrimonio Mundial de la UNESCO\" data-rl_title=\"La casa dise\u00f1ada por Le Corbusier en La Plata, postulada para Patrimonio Mundial de la UNESCO\" class=\"rl-gallery-link\" data-rl_caption=\"La casa dise\u00f1ada por Le Corbusier en La Plata, postulada para Patrimonio Mundial de la UNESCO\" data-rel=\"lightbox-gallery-1\"><img loading=\"lazy\" decoding=\"async\" width=\"150\" height=\"150\" src=\"https:\/\/www.arquimaster.com.ar\/web\/wp-content\/uploads\/2015\/10\/casa_curutchet_unesco12-150x150.jpg\" class=\"attachment-thumbnail size-thumbnail\" alt=\"\" aria-describedby=\"gallery-1-17994\" srcset=\"https:\/\/www.arquimaster.com.ar\/web\/wp-content\/uploads\/2015\/10\/casa_curutchet_unesco12-150x150.jpg 150w, https:\/\/www.arquimaster.com.ar\/web\/wp-content\/uploads\/2015\/10\/casa_curutchet_unesco12-50x50.jpg 50w, https:\/\/www.arquimaster.com.ar\/web\/wp-content\/uploads\/2015\/10\/casa_curutchet_unesco12-125x125.jpg 125w\" sizes=\"auto, (max-width: 150px) 100vw, 150px\" \/><\/a>\n\t\t\t<\/div>\n\t\t\t\t<figcaption class='wp-caption-text gallery-caption' id='gallery-1-17994'>\n\t\t\t\tLa casa dise\u00f1ada por Le Corbusier en La Plata, postulada para Patrimonio Mundial de la UNESCO\n\t\t\t\t<\/figcaption><\/figure><figure class='gallery-item'>\n\t\t\t<div class='gallery-icon portrait'>\n\t\t\t\t<a href='https:\/\/www.arquimaster.com.ar\/web\/wp-content\/uploads\/2015\/10\/casa_curutchet_unesco13.jpg' title=\"La casa dise\u00f1ada por Le Corbusier en La Plata, postulada para Patrimonio Mundial de la UNESCO\" data-rl_title=\"La casa dise\u00f1ada por Le Corbusier en La Plata, postulada para Patrimonio Mundial de la UNESCO\" class=\"rl-gallery-link\" data-rl_caption=\"La casa dise\u00f1ada por Le Corbusier en La Plata, postulada para Patrimonio Mundial de la UNESCO\" data-rel=\"lightbox-gallery-1\"><img loading=\"lazy\" decoding=\"async\" width=\"150\" height=\"150\" src=\"https:\/\/www.arquimaster.com.ar\/web\/wp-content\/uploads\/2015\/10\/casa_curutchet_unesco13-150x150.jpg\" class=\"attachment-thumbnail size-thumbnail\" alt=\"\" aria-describedby=\"gallery-1-17995\" srcset=\"https:\/\/www.arquimaster.com.ar\/web\/wp-content\/uploads\/2015\/10\/casa_curutchet_unesco13-150x150.jpg 150w, https:\/\/www.arquimaster.com.ar\/web\/wp-content\/uploads\/2015\/10\/casa_curutchet_unesco13-50x50.jpg 50w, https:\/\/www.arquimaster.com.ar\/web\/wp-content\/uploads\/2015\/10\/casa_curutchet_unesco13-125x125.jpg 125w\" sizes=\"auto, (max-width: 150px) 100vw, 150px\" \/><\/a>\n\t\t\t<\/div>\n\t\t\t\t<figcaption class='wp-caption-text gallery-caption' id='gallery-1-17995'>\n\t\t\t\tLa casa dise\u00f1ada por Le Corbusier en La Plata, postulada para Patrimonio Mundial de la UNESCO\n\t\t\t\t<\/figcaption><\/figure><figure class='gallery-item'>\n\t\t\t<div class='gallery-icon landscape'>\n\t\t\t\t<a href='https:\/\/www.arquimaster.com.ar\/web\/wp-content\/uploads\/2015\/10\/casa_curutchet_unesco14.jpg' title=\"La casa dise\u00f1ada por Le Corbusier en La Plata, postulada para Patrimonio Mundial de la UNESCO\" data-rl_title=\"La casa dise\u00f1ada por Le Corbusier en La Plata, postulada para Patrimonio Mundial de la UNESCO\" class=\"rl-gallery-link\" data-rl_caption=\"La casa dise\u00f1ada por Le Corbusier en La Plata, postulada para Patrimonio Mundial de la UNESCO\" data-rel=\"lightbox-gallery-1\"><img loading=\"lazy\" decoding=\"async\" width=\"150\" height=\"150\" src=\"https:\/\/www.arquimaster.com.ar\/web\/wp-content\/uploads\/2015\/10\/casa_curutchet_unesco14-150x150.jpg\" class=\"attachment-thumbnail size-thumbnail\" alt=\"\" aria-describedby=\"gallery-1-17996\" srcset=\"https:\/\/www.arquimaster.com.ar\/web\/wp-content\/uploads\/2015\/10\/casa_curutchet_unesco14-150x150.jpg 150w, https:\/\/www.arquimaster.com.ar\/web\/wp-content\/uploads\/2015\/10\/casa_curutchet_unesco14-50x50.jpg 50w, https:\/\/www.arquimaster.com.ar\/web\/wp-content\/uploads\/2015\/10\/casa_curutchet_unesco14-125x125.jpg 125w\" sizes=\"auto, (max-width: 150px) 100vw, 150px\" \/><\/a>\n\t\t\t<\/div>\n\t\t\t\t<figcaption class='wp-caption-text gallery-caption' id='gallery-1-17996'>\n\t\t\t\tLa casa dise\u00f1ada por Le Corbusier en La Plata, postulada para Patrimonio Mundial de la UNESCO\n\t\t\t\t<\/figcaption><\/figure><figure class='gallery-item'>\n\t\t\t<div class='gallery-icon landscape'>\n\t\t\t\t<a href='https:\/\/www.arquimaster.com.ar\/web\/wp-content\/uploads\/2015\/10\/casa_curutchet_unesco15.jpg' title=\"La casa dise\u00f1ada por Le Corbusier en La Plata, postulada para Patrimonio Mundial de la UNESCO\" data-rl_title=\"La casa dise\u00f1ada por Le Corbusier en La Plata, postulada para Patrimonio Mundial de la UNESCO\" class=\"rl-gallery-link\" data-rl_caption=\"La casa dise\u00f1ada por Le Corbusier en La Plata, postulada para Patrimonio Mundial de la UNESCO\" data-rel=\"lightbox-gallery-1\"><img loading=\"lazy\" decoding=\"async\" width=\"150\" height=\"150\" src=\"https:\/\/www.arquimaster.com.ar\/web\/wp-content\/uploads\/2015\/10\/casa_curutchet_unesco15-150x150.jpg\" class=\"attachment-thumbnail size-thumbnail\" alt=\"\" aria-describedby=\"gallery-1-17997\" srcset=\"https:\/\/www.arquimaster.com.ar\/web\/wp-content\/uploads\/2015\/10\/casa_curutchet_unesco15-150x150.jpg 150w, https:\/\/www.arquimaster.com.ar\/web\/wp-content\/uploads\/2015\/10\/casa_curutchet_unesco15-50x50.jpg 50w, https:\/\/www.arquimaster.com.ar\/web\/wp-content\/uploads\/2015\/10\/casa_curutchet_unesco15-125x125.jpg 125w\" sizes=\"auto, (max-width: 150px) 100vw, 150px\" \/><\/a>\n\t\t\t<\/div>\n\t\t\t\t<figcaption class='wp-caption-text gallery-caption' id='gallery-1-17997'>\n\t\t\t\tLa casa dise\u00f1ada por Le Corbusier en La Plata, postulada para Patrimonio Mundial de la UNESCO\n\t\t\t\t<\/figcaption><\/figure><figure class='gallery-item'>\n\t\t\t<div class='gallery-icon portrait'>\n\t\t\t\t<a href='https:\/\/www.arquimaster.com.ar\/web\/wp-content\/uploads\/2015\/10\/casa_curutchet_unesco16.jpg' title=\"La casa dise\u00f1ada por Le Corbusier en La Plata, postulada para Patrimonio Mundial de la UNESCO\" data-rl_title=\"La casa dise\u00f1ada por Le Corbusier en La Plata, postulada para Patrimonio Mundial de la UNESCO\" class=\"rl-gallery-link\" data-rl_caption=\"La casa dise\u00f1ada por Le Corbusier en La Plata, postulada para Patrimonio Mundial de la UNESCO\" data-rel=\"lightbox-gallery-1\"><img loading=\"lazy\" decoding=\"async\" width=\"150\" height=\"150\" src=\"https:\/\/www.arquimaster.com.ar\/web\/wp-content\/uploads\/2015\/10\/casa_curutchet_unesco16-150x150.jpg\" class=\"attachment-thumbnail size-thumbnail\" alt=\"\" aria-describedby=\"gallery-1-17998\" srcset=\"https:\/\/www.arquimaster.com.ar\/web\/wp-content\/uploads\/2015\/10\/casa_curutchet_unesco16-150x150.jpg 150w, https:\/\/www.arquimaster.com.ar\/web\/wp-content\/uploads\/2015\/10\/casa_curutchet_unesco16-50x50.jpg 50w, https:\/\/www.arquimaster.com.ar\/web\/wp-content\/uploads\/2015\/10\/casa_curutchet_unesco16-125x125.jpg 125w\" sizes=\"auto, (max-width: 150px) 100vw, 150px\" \/><\/a>\n\t\t\t<\/div>\n\t\t\t\t<figcaption class='wp-caption-text gallery-caption' id='gallery-1-17998'>\n\t\t\t\tLa casa dise\u00f1ada por Le Corbusier en La Plata, postulada para Patrimonio Mundial de la UNESCO\n\t\t\t\t<\/figcaption><\/figure><figure class='gallery-item'>\n\t\t\t<div class='gallery-icon landscape'>\n\t\t\t\t<a href='https:\/\/www.arquimaster.com.ar\/web\/wp-content\/uploads\/2015\/10\/casa_curutchet_unesco17.jpg' title=\"La casa dise\u00f1ada por Le Corbusier en La Plata, postulada para Patrimonio Mundial de la UNESCO\" data-rl_title=\"La casa dise\u00f1ada por Le Corbusier en La Plata, postulada para Patrimonio Mundial de la UNESCO\" class=\"rl-gallery-link\" data-rl_caption=\"La casa dise\u00f1ada por Le Corbusier en La Plata, postulada para Patrimonio Mundial de la UNESCO\" data-rel=\"lightbox-gallery-1\"><img loading=\"lazy\" decoding=\"async\" width=\"150\" height=\"150\" src=\"https:\/\/www.arquimaster.com.ar\/web\/wp-content\/uploads\/2015\/10\/casa_curutchet_unesco17-150x150.jpg\" class=\"attachment-thumbnail size-thumbnail\" alt=\"\" aria-describedby=\"gallery-1-17999\" srcset=\"https:\/\/www.arquimaster.com.ar\/web\/wp-content\/uploads\/2015\/10\/casa_curutchet_unesco17-150x150.jpg 150w, https:\/\/www.arquimaster.com.ar\/web\/wp-content\/uploads\/2015\/10\/casa_curutchet_unesco17-50x50.jpg 50w, https:\/\/www.arquimaster.com.ar\/web\/wp-content\/uploads\/2015\/10\/casa_curutchet_unesco17-125x125.jpg 125w\" sizes=\"auto, (max-width: 150px) 100vw, 150px\" \/><\/a>\n\t\t\t<\/div>\n\t\t\t\t<figcaption class='wp-caption-text gallery-caption' id='gallery-1-17999'>\n\t\t\t\tLa casa dise\u00f1ada por Le Corbusier en La Plata, postulada para Patrimonio Mundial de la UNESCO\n\t\t\t\t<\/figcaption><\/figure><figure class='gallery-item'>\n\t\t\t<div class='gallery-icon landscape'>\n\t\t\t\t<a href='https:\/\/www.arquimaster.com.ar\/web\/wp-content\/uploads\/2015\/10\/casa_curutchet_unesco18.jpg' title=\"La casa dise\u00f1ada por Le Corbusier en La Plata, postulada para Patrimonio Mundial de la UNESCO\" data-rl_title=\"La casa dise\u00f1ada por Le Corbusier en La Plata, postulada para Patrimonio Mundial de la UNESCO\" class=\"rl-gallery-link\" data-rl_caption=\"La casa dise\u00f1ada por Le Corbusier en La Plata, postulada para Patrimonio Mundial de la UNESCO\" data-rel=\"lightbox-gallery-1\"><img loading=\"lazy\" decoding=\"async\" width=\"150\" height=\"150\" src=\"https:\/\/www.arquimaster.com.ar\/web\/wp-content\/uploads\/2015\/10\/casa_curutchet_unesco18-150x150.jpg\" class=\"attachment-thumbnail size-thumbnail\" alt=\"\" aria-describedby=\"gallery-1-18000\" srcset=\"https:\/\/www.arquimaster.com.ar\/web\/wp-content\/uploads\/2015\/10\/casa_curutchet_unesco18-150x150.jpg 150w, https:\/\/www.arquimaster.com.ar\/web\/wp-content\/uploads\/2015\/10\/casa_curutchet_unesco18-50x50.jpg 50w, https:\/\/www.arquimaster.com.ar\/web\/wp-content\/uploads\/2015\/10\/casa_curutchet_unesco18-125x125.jpg 125w\" sizes=\"auto, (max-width: 150px) 100vw, 150px\" \/><\/a>\n\t\t\t<\/div>\n\t\t\t\t<figcaption class='wp-caption-text gallery-caption' id='gallery-1-18000'>\n\t\t\t\tLa casa dise\u00f1ada por Le Corbusier en La Plata, postulada para Patrimonio Mundial de la UNESCO\n\t\t\t\t<\/figcaption><\/figure>\n\t\t<\/div>\n\n<p>En estas semanas, la <strong>Casa Curutchet<\/strong> de <strong>La Plata<\/strong>, dise\u00f1ada por el maestro suizo-franc\u00e9s <strong>Le Corbusier<\/strong> para el cirujano Pedro Curutchet, ha sido postulada para ser declarada Patrimonio Mundial de la UNESCO. La noticia coincidi\u00f3 con la realizaci\u00f3n del Primer Encuentro Latinoamericano de Comit\u00e9s de ICOMOS del Siglo XX, -coordinado por el Arq. Enrique Madia de CICA-, realizado en el marco de la XV Bienal Internacional de Arquitectura de Buenos Aires BA15. Fue un espacio donde se debati\u00f3 y reflexion\u00f3 sobre las relaciones y alcances del Patrimonio Arquitect\u00f3nico del Movimiento Moderno en sus m\u00e1s diversas concepciones. Por ello, un grupo de 40 expertos que participaron del encuentro, visitaron la Casa Curutchet, un importante exponente de obra residencial en el mundo dentro del Movimiento Moderno del siglo XX.<\/p>\n<p>Previo a la nominaci\u00f3n de la UNESCO, se realiz\u00f3 un importante plan de obras de puesta en valor y restauraci\u00f3n edilicia de la vivienda, realizado por el Colegio de Arquitectos de la Provincia de Buenos Aires, junto con la colaboraci\u00f3n de la firma Tersuave a trav\u00e9s de un asesoramiento t\u00e9cnico y el aporte de sus pinturas y productos. Es as\u00ed como esta emblem\u00e1tica construcci\u00f3n, \u00fanica obra del suizo-franc\u00e9s en el continente, vuelve a presentarse a 60 a\u00f1os de su inauguraci\u00f3n como un gran atractivo tur\u00edstico de La Plata y especialmente como una meca de peregrinaci\u00f3n de los arquitectos de todo el mundo.<\/p>\n<p>En la visita de expertos de ICOMOS a la vivienda, particip\u00f3 tambi\u00e9n la Arq. Gladys P\u00e9rez Ferrando -Directora Provincial de Formulaci\u00f3n y Desarrollos de Pol\u00edticas del Ministerio del Gobierno de la Provincia de Buenos Aires- quien expres\u00f3: <em>\u00abEs uno de los primeros casos en que siete pa\u00edses -Argentina, Francia, B\u00e9lgica, Alemania, Suiza, Jap\u00f3n y Estados Unidos-, unidos por 17 obras de Le Corbusier, presentan una candidatura a la UNESCO, siendo uno de los proyectos m\u00e1s globales al momento. Esto demuestra la toma de conciencia de lo signific\u00f3 Le Corbusier, su obra concreta y su mensaje, una ideolog\u00eda conceptual que ha trascendido a todo el mundo\u00bb<\/em>.<\/p>\n<p>Cabe mencionar, que la Casa se convertir\u00eda en el d\u00e9cimo sitio del pa\u00eds en ser declarado Patrimonio de la UNESCO, conjuntamente con conjuntos edilicios como las ruinas jesu\u00edticas guaran\u00edes, y de orden natural, como la Quebrada de Humahuaca o el Parque Nacional Los Glaciares. El Arq. Julio Santana -Director del Museo Casa Curutchet- explica sobre la importancia de la obra: <em>\u00abLa casa sigue los cinco principios de la arquitectura moderna y est\u00e1 hecha con respecto a las proporciones del Modulor, siendo la \u00fanica obra de Le Corbusier donde se aplican estos criterios de manera conjunta, haciendo a la Casa Curutchet una pieza tan especial, \u00fanica y fundamental, para consolidarla como patrimonio mundial\u00bb<\/em>.<\/p>\n<p>Jorge Polo -Gerente de marketing y productos de Tersuave-, expresa: <em>\u00abNos sentimos honrados de participar y ser protagonistas de este evento \u00fanico. Desde Tersuave, estamos por llegar a las cien obras intervenidas a nivel patrimonial, con el compromiso de aportar a la comunidad para tener estos bienes en condiciones habitables. Esta postulaci\u00f3n es un motivo de orgullo para todo el pa\u00eds y los que aprecian la Arquitectura Moderna. Adem\u00e1s colaboramos -junto con el INTI y el Ministerio de Cultura de La Naci\u00f3n- en la restauraci\u00f3n del Museo Nacional de Bellas Artes, tanto en el exterior, donde se recompuso el color original de Alejandro Bustillo, como en las salas. Tambi\u00e9n es un honor para nosotros participar del patrocinio en eventos ligados a la cultura arquitect\u00f3nica, como la Bienal Internacional de Arquitectura de Buenos Aires BA15 en sus \u00faltimas ediciones\u00bb<\/em>.<\/p>\n<p>Fotografias: Mario Retik<\/p>\n\n<div style=\"font-size: 0px; height: 0px; line-height: 0px; margin: 0; padding: 0; clear: both;\"><\/div><div style=\"margin-top: 0px; margin-bottom: 0px;\" class=\"sharethis-inline-share-buttons\" ><\/div>","protected":false},"excerpt":{"rendered":"<p>Las obras de puesta en valor lograron que hoy luzca como en su estado original de 1955&#8230;<\/p>\n","protected":false},"author":1,"featured_media":17982,"comment_status":"closed","ping_status":"closed","sticky":false,"template":"","format":"standard","meta":{"_uag_custom_page_level_css":"","footnotes":""},"categories":[70,68],"tags":[2948,303,2949,3557,1228,609],"class_list":["post-17981","post","type-post","status-publish","format-standard","has-post-thumbnail","hentry","category-noticias-arquitectura","category-novedades","tag-casa-curutchet","tag-la-plata","tag-le-corbusier","tag-movimiento-moderno","tag-patrimonio-arquitectonico","tag-tersuave","generate-columns","tablet-grid-50","mobile-grid-100","grid-parent","grid-50"],"yoast_head":"<!-- This site is optimized with the Yoast SEO plugin v27.3 - https:\/\/yoast.com\/product\/yoast-seo-wordpress\/ -->\n<title>La casa dise\u00f1ada por Le Corbusier en La Plata, postulada para Patrimonio Mundial de la UNESCO - Arquimaster<\/title>\n<meta name=\"robots\" content=\"index, follow, max-snippet:-1, max-image-preview:large, max-video-preview:-1\" \/>\n<link rel=\"canonical\" href=\"https:\/\/www.arquimaster.com.ar\/web\/la-casa-disenada-por-le-corbusier-en-la-plata-postulada-para-patrimonio-mundial-de-la-unesco\/\" \/>\n<meta property=\"og:locale\" content=\"es_ES\" \/>\n<meta property=\"og:type\" content=\"article\" \/>\n<meta property=\"og:title\" content=\"La casa dise\u00f1ada por Le Corbusier en La Plata, postulada para Patrimonio Mundial de la UNESCO - Arquimaster\" \/>\n<meta property=\"og:description\" content=\"Las obras de puesta en valor lograron que hoy luzca como en su estado original de 1955...\" \/>\n<meta property=\"og:url\" content=\"https:\/\/www.arquimaster.com.ar\/web\/la-casa-disenada-por-le-corbusier-en-la-plata-postulada-para-patrimonio-mundial-de-la-unesco\/\" \/>\n<meta property=\"og:site_name\" content=\"Arquimaster\" \/>\n<meta property=\"article:publisher\" content=\"http:\/\/www.facebook.com\/ARQUIMASTER.com.ar\" \/>\n<meta property=\"article:published_time\" content=\"2015-10-14T23:47:16+00:00\" \/>\n<meta property=\"article:modified_time\" content=\"2025-10-26T00:39:28+00:00\" \/>\n<meta property=\"og:image\" content=\"https:\/\/www.arquimaster.com.ar\/web\/wp-content\/uploads\/2015\/10\/casa_curutchet_unesco_slide.jpg\" \/>\n\t<meta property=\"og:image:width\" content=\"642\" \/>\n\t<meta property=\"og:image:height\" content=\"336\" \/>\n\t<meta property=\"og:image:type\" content=\"image\/jpeg\" \/>\n<meta name=\"author\" content=\"Arquimaster\" \/>\n<meta name=\"twitter:card\" content=\"summary_large_image\" \/>\n<meta name=\"twitter:creator\" content=\"@arquimaster\" \/>\n<meta name=\"twitter:site\" content=\"@arquimaster\" \/>\n<meta name=\"twitter:label1\" content=\"Escrito por\" \/>\n\t<meta name=\"twitter:data1\" content=\"Arquimaster\" \/>\n\t<meta name=\"twitter:label2\" content=\"Tiempo de lectura\" \/>\n\t<meta name=\"twitter:data2\" content=\"4 minutos\" \/>\n<script type=\"application\/ld+json\" class=\"yoast-schema-graph\">{\"@context\":\"https:\\\/\\\/schema.org\",\"@graph\":[{\"@type\":\"Article\",\"@id\":\"https:\\\/\\\/www.arquimaster.com.ar\\\/web\\\/la-casa-disenada-por-le-corbusier-en-la-plata-postulada-para-patrimonio-mundial-de-la-unesco\\\/#article\",\"isPartOf\":{\"@id\":\"https:\\\/\\\/www.arquimaster.com.ar\\\/web\\\/la-casa-disenada-por-le-corbusier-en-la-plata-postulada-para-patrimonio-mundial-de-la-unesco\\\/\"},\"author\":{\"name\":\"Arquimaster\",\"@id\":\"https:\\\/\\\/www.arquimaster.com.ar\\\/web\\\/#\\\/schema\\\/person\\\/359e9f7c00193fcde068e0dd2ceb0028\"},\"headline\":\"La casa dise\u00f1ada por Le Corbusier en La Plata, postulada para Patrimonio Mundial de la UNESCO\",\"datePublished\":\"2015-10-14T23:47:16+00:00\",\"dateModified\":\"2025-10-26T00:39:28+00:00\",\"mainEntityOfPage\":{\"@id\":\"https:\\\/\\\/www.arquimaster.com.ar\\\/web\\\/la-casa-disenada-por-le-corbusier-en-la-plata-postulada-para-patrimonio-mundial-de-la-unesco\\\/\"},\"wordCount\":752,\"publisher\":{\"@id\":\"https:\\\/\\\/www.arquimaster.com.ar\\\/web\\\/#organization\"},\"image\":{\"@id\":\"https:\\\/\\\/www.arquimaster.com.ar\\\/web\\\/la-casa-disenada-por-le-corbusier-en-la-plata-postulada-para-patrimonio-mundial-de-la-unesco\\\/#primaryimage\"},\"thumbnailUrl\":\"https:\\\/\\\/www.arquimaster.com.ar\\\/web\\\/wp-content\\\/uploads\\\/2015\\\/10\\\/casa_curutchet_unesco_slide.jpg\",\"keywords\":[\"Casa Curutchet\",\"La Plata\",\"Le Corbusier\",\"Movimiento Moderno\",\"patrimonio arquitectonico\",\"Tersuave\"],\"articleSection\":[\"Noticias de arquitectura y dise\u00f1o\",\"Novedades\"],\"inLanguage\":\"es\"},{\"@type\":\"WebPage\",\"@id\":\"https:\\\/\\\/www.arquimaster.com.ar\\\/web\\\/la-casa-disenada-por-le-corbusier-en-la-plata-postulada-para-patrimonio-mundial-de-la-unesco\\\/\",\"url\":\"https:\\\/\\\/www.arquimaster.com.ar\\\/web\\\/la-casa-disenada-por-le-corbusier-en-la-plata-postulada-para-patrimonio-mundial-de-la-unesco\\\/\",\"name\":\"La casa dise\u00f1ada por Le Corbusier en La Plata, postulada para Patrimonio Mundial de la UNESCO - Arquimaster\",\"isPartOf\":{\"@id\":\"https:\\\/\\\/www.arquimaster.com.ar\\\/web\\\/#website\"},\"primaryImageOfPage\":{\"@id\":\"https:\\\/\\\/www.arquimaster.com.ar\\\/web\\\/la-casa-disenada-por-le-corbusier-en-la-plata-postulada-para-patrimonio-mundial-de-la-unesco\\\/#primaryimage\"},\"image\":{\"@id\":\"https:\\\/\\\/www.arquimaster.com.ar\\\/web\\\/la-casa-disenada-por-le-corbusier-en-la-plata-postulada-para-patrimonio-mundial-de-la-unesco\\\/#primaryimage\"},\"thumbnailUrl\":\"https:\\\/\\\/www.arquimaster.com.ar\\\/web\\\/wp-content\\\/uploads\\\/2015\\\/10\\\/casa_curutchet_unesco_slide.jpg\",\"datePublished\":\"2015-10-14T23:47:16+00:00\",\"dateModified\":\"2025-10-26T00:39:28+00:00\",\"breadcrumb\":{\"@id\":\"https:\\\/\\\/www.arquimaster.com.ar\\\/web\\\/la-casa-disenada-por-le-corbusier-en-la-plata-postulada-para-patrimonio-mundial-de-la-unesco\\\/#breadcrumb\"},\"inLanguage\":\"es\",\"potentialAction\":[{\"@type\":\"ReadAction\",\"target\":[\"https:\\\/\\\/www.arquimaster.com.ar\\\/web\\\/la-casa-disenada-por-le-corbusier-en-la-plata-postulada-para-patrimonio-mundial-de-la-unesco\\\/\"]}]},{\"@type\":\"ImageObject\",\"inLanguage\":\"es\",\"@id\":\"https:\\\/\\\/www.arquimaster.com.ar\\\/web\\\/la-casa-disenada-por-le-corbusier-en-la-plata-postulada-para-patrimonio-mundial-de-la-unesco\\\/#primaryimage\",\"url\":\"https:\\\/\\\/www.arquimaster.com.ar\\\/web\\\/wp-content\\\/uploads\\\/2015\\\/10\\\/casa_curutchet_unesco_slide.jpg\",\"contentUrl\":\"https:\\\/\\\/www.arquimaster.com.ar\\\/web\\\/wp-content\\\/uploads\\\/2015\\\/10\\\/casa_curutchet_unesco_slide.jpg\",\"width\":642,\"height\":336},{\"@type\":\"BreadcrumbList\",\"@id\":\"https:\\\/\\\/www.arquimaster.com.ar\\\/web\\\/la-casa-disenada-por-le-corbusier-en-la-plata-postulada-para-patrimonio-mundial-de-la-unesco\\\/#breadcrumb\",\"itemListElement\":[{\"@type\":\"ListItem\",\"position\":1,\"name\":\"Portada\",\"item\":\"https:\\\/\\\/www.arquimaster.com.ar\\\/web\\\/\"},{\"@type\":\"ListItem\",\"position\":2,\"name\":\"La casa dise\u00f1ada por Le Corbusier en La Plata, postulada para Patrimonio Mundial de la UNESCO\"}]},{\"@type\":\"WebSite\",\"@id\":\"https:\\\/\\\/www.arquimaster.com.ar\\\/web\\\/#website\",\"url\":\"https:\\\/\\\/www.arquimaster.com.ar\\\/web\\\/\",\"name\":\"Arquimaster\",\"description\":\"Web de arquitectura, dise\u00f1o y construccion\",\"publisher\":{\"@id\":\"https:\\\/\\\/www.arquimaster.com.ar\\\/web\\\/#organization\"},\"potentialAction\":[{\"@type\":\"SearchAction\",\"target\":{\"@type\":\"EntryPoint\",\"urlTemplate\":\"https:\\\/\\\/www.arquimaster.com.ar\\\/web\\\/?s={search_term_string}\"},\"query-input\":{\"@type\":\"PropertyValueSpecification\",\"valueRequired\":true,\"valueName\":\"search_term_string\"}}],\"inLanguage\":\"es\"},{\"@type\":\"Organization\",\"@id\":\"https:\\\/\\\/www.arquimaster.com.ar\\\/web\\\/#organization\",\"name\":\"Arquimaster\",\"url\":\"https:\\\/\\\/www.arquimaster.com.ar\\\/web\\\/\",\"logo\":{\"@type\":\"ImageObject\",\"inLanguage\":\"es\",\"@id\":\"https:\\\/\\\/www.arquimaster.com.ar\\\/web\\\/#\\\/schema\\\/logo\\\/image\\\/\",\"url\":\"https:\\\/\\\/www.arquimaster.com.ar\\\/web\\\/wp-content\\\/uploads\\\/2022\\\/06\\\/arquimaster.png\",\"contentUrl\":\"https:\\\/\\\/www.arquimaster.com.ar\\\/web\\\/wp-content\\\/uploads\\\/2022\\\/06\\\/arquimaster.png\",\"width\":594,\"height\":78,\"caption\":\"Arquimaster\"},\"image\":{\"@id\":\"https:\\\/\\\/www.arquimaster.com.ar\\\/web\\\/#\\\/schema\\\/logo\\\/image\\\/\"},\"sameAs\":[\"http:\\\/\\\/www.facebook.com\\\/ARQUIMASTER.com.ar\",\"https:\\\/\\\/x.com\\\/arquimaster\",\"https:\\\/\\\/www.instagram.com\\\/arquimasterblog\\\/\",\"https:\\\/\\\/www.linkedin.com\\\/company\\\/arquimaster\",\"https:\\\/\\\/www.pinterest.com\\\/arquimaster\",\"https:\\\/\\\/t.me\\\/arquimaster\"]},{\"@type\":\"Person\",\"@id\":\"https:\\\/\\\/www.arquimaster.com.ar\\\/web\\\/#\\\/schema\\\/person\\\/359e9f7c00193fcde068e0dd2ceb0028\",\"name\":\"Arquimaster\"}]}<\/script>\n<!-- \/ Yoast SEO plugin. -->","yoast_head_json":{"title":"La casa dise\u00f1ada por Le Corbusier en La Plata, postulada para Patrimonio Mundial de la UNESCO - Arquimaster","robots":{"index":"index","follow":"follow","max-snippet":"max-snippet:-1","max-image-preview":"max-image-preview:large","max-video-preview":"max-video-preview:-1"},"canonical":"https:\/\/www.arquimaster.com.ar\/web\/la-casa-disenada-por-le-corbusier-en-la-plata-postulada-para-patrimonio-mundial-de-la-unesco\/","og_locale":"es_ES","og_type":"article","og_title":"La casa dise\u00f1ada por Le Corbusier en La Plata, postulada para Patrimonio Mundial de la UNESCO - Arquimaster","og_description":"Las obras de puesta en valor lograron que hoy luzca como en su estado original de 1955...","og_url":"https:\/\/www.arquimaster.com.ar\/web\/la-casa-disenada-por-le-corbusier-en-la-plata-postulada-para-patrimonio-mundial-de-la-unesco\/","og_site_name":"Arquimaster","article_publisher":"http:\/\/www.facebook.com\/ARQUIMASTER.com.ar","article_published_time":"2015-10-14T23:47:16+00:00","article_modified_time":"2025-10-26T00:39:28+00:00","og_image":[{"width":642,"height":336,"url":"https:\/\/www.arquimaster.com.ar\/web\/wp-content\/uploads\/2015\/10\/casa_curutchet_unesco_slide.jpg","type":"image\/jpeg"}],"author":"Arquimaster","twitter_card":"summary_large_image","twitter_creator":"@arquimaster","twitter_site":"@arquimaster","twitter_misc":{"Escrito por":"Arquimaster","Tiempo de lectura":"4 minutos"},"schema":{"@context":"https:\/\/schema.org","@graph":[{"@type":"Article","@id":"https:\/\/www.arquimaster.com.ar\/web\/la-casa-disenada-por-le-corbusier-en-la-plata-postulada-para-patrimonio-mundial-de-la-unesco\/#article","isPartOf":{"@id":"https:\/\/www.arquimaster.com.ar\/web\/la-casa-disenada-por-le-corbusier-en-la-plata-postulada-para-patrimonio-mundial-de-la-unesco\/"},"author":{"name":"Arquimaster","@id":"https:\/\/www.arquimaster.com.ar\/web\/#\/schema\/person\/359e9f7c00193fcde068e0dd2ceb0028"},"headline":"La casa dise\u00f1ada por Le Corbusier en La Plata, postulada para Patrimonio Mundial de la UNESCO","datePublished":"2015-10-14T23:47:16+00:00","dateModified":"2025-10-26T00:39:28+00:00","mainEntityOfPage":{"@id":"https:\/\/www.arquimaster.com.ar\/web\/la-casa-disenada-por-le-corbusier-en-la-plata-postulada-para-patrimonio-mundial-de-la-unesco\/"},"wordCount":752,"publisher":{"@id":"https:\/\/www.arquimaster.com.ar\/web\/#organization"},"image":{"@id":"https:\/\/www.arquimaster.com.ar\/web\/la-casa-disenada-por-le-corbusier-en-la-plata-postulada-para-patrimonio-mundial-de-la-unesco\/#primaryimage"},"thumbnailUrl":"https:\/\/www.arquimaster.com.ar\/web\/wp-content\/uploads\/2015\/10\/casa_curutchet_unesco_slide.jpg","keywords":["Casa Curutchet","La Plata","Le Corbusier","Movimiento Moderno","patrimonio arquitectonico","Tersuave"],"articleSection":["Noticias de arquitectura y dise\u00f1o","Novedades"],"inLanguage":"es"},{"@type":"WebPage","@id":"https:\/\/www.arquimaster.com.ar\/web\/la-casa-disenada-por-le-corbusier-en-la-plata-postulada-para-patrimonio-mundial-de-la-unesco\/","url":"https:\/\/www.arquimaster.com.ar\/web\/la-casa-disenada-por-le-corbusier-en-la-plata-postulada-para-patrimonio-mundial-de-la-unesco\/","name":"La casa dise\u00f1ada por Le Corbusier en La Plata, postulada para Patrimonio Mundial de la UNESCO - Arquimaster","isPartOf":{"@id":"https:\/\/www.arquimaster.com.ar\/web\/#website"},"primaryImageOfPage":{"@id":"https:\/\/www.arquimaster.com.ar\/web\/la-casa-disenada-por-le-corbusier-en-la-plata-postulada-para-patrimonio-mundial-de-la-unesco\/#primaryimage"},"image":{"@id":"https:\/\/www.arquimaster.com.ar\/web\/la-casa-disenada-por-le-corbusier-en-la-plata-postulada-para-patrimonio-mundial-de-la-unesco\/#primaryimage"},"thumbnailUrl":"https:\/\/www.arquimaster.com.ar\/web\/wp-content\/uploads\/2015\/10\/casa_curutchet_unesco_slide.jpg","datePublished":"2015-10-14T23:47:16+00:00","dateModified":"2025-10-26T00:39:28+00:00","breadcrumb":{"@id":"https:\/\/www.arquimaster.com.ar\/web\/la-casa-disenada-por-le-corbusier-en-la-plata-postulada-para-patrimonio-mundial-de-la-unesco\/#breadcrumb"},"inLanguage":"es","potentialAction":[{"@type":"ReadAction","target":["https:\/\/www.arquimaster.com.ar\/web\/la-casa-disenada-por-le-corbusier-en-la-plata-postulada-para-patrimonio-mundial-de-la-unesco\/"]}]},{"@type":"ImageObject","inLanguage":"es","@id":"https:\/\/www.arquimaster.com.ar\/web\/la-casa-disenada-por-le-corbusier-en-la-plata-postulada-para-patrimonio-mundial-de-la-unesco\/#primaryimage","url":"https:\/\/www.arquimaster.com.ar\/web\/wp-content\/uploads\/2015\/10\/casa_curutchet_unesco_slide.jpg","contentUrl":"https:\/\/www.arquimaster.com.ar\/web\/wp-content\/uploads\/2015\/10\/casa_curutchet_unesco_slide.jpg","width":642,"height":336},{"@type":"BreadcrumbList","@id":"https:\/\/www.arquimaster.com.ar\/web\/la-casa-disenada-por-le-corbusier-en-la-plata-postulada-para-patrimonio-mundial-de-la-unesco\/#breadcrumb","itemListElement":[{"@type":"ListItem","position":1,"name":"Portada","item":"https:\/\/www.arquimaster.com.ar\/web\/"},{"@type":"ListItem","position":2,"name":"La casa dise\u00f1ada por Le Corbusier en La Plata, postulada para Patrimonio Mundial de la UNESCO"}]},{"@type":"WebSite","@id":"https:\/\/www.arquimaster.com.ar\/web\/#website","url":"https:\/\/www.arquimaster.com.ar\/web\/","name":"Arquimaster","description":"Web de arquitectura, dise\u00f1o y construccion","publisher":{"@id":"https:\/\/www.arquimaster.com.ar\/web\/#organization"},"potentialAction":[{"@type":"SearchAction","target":{"@type":"EntryPoint","urlTemplate":"https:\/\/www.arquimaster.com.ar\/web\/?s={search_term_string}"},"query-input":{"@type":"PropertyValueSpecification","valueRequired":true,"valueName":"search_term_string"}}],"inLanguage":"es"},{"@type":"Organization","@id":"https:\/\/www.arquimaster.com.ar\/web\/#organization","name":"Arquimaster","url":"https:\/\/www.arquimaster.com.ar\/web\/","logo":{"@type":"ImageObject","inLanguage":"es","@id":"https:\/\/www.arquimaster.com.ar\/web\/#\/schema\/logo\/image\/","url":"https:\/\/www.arquimaster.com.ar\/web\/wp-content\/uploads\/2022\/06\/arquimaster.png","contentUrl":"https:\/\/www.arquimaster.com.ar\/web\/wp-content\/uploads\/2022\/06\/arquimaster.png","width":594,"height":78,"caption":"Arquimaster"},"image":{"@id":"https:\/\/www.arquimaster.com.ar\/web\/#\/schema\/logo\/image\/"},"sameAs":["http:\/\/www.facebook.com\/ARQUIMASTER.com.ar","https:\/\/x.com\/arquimaster","https:\/\/www.instagram.com\/arquimasterblog\/","https:\/\/www.linkedin.com\/company\/arquimaster","https:\/\/www.pinterest.com\/arquimaster","https:\/\/t.me\/arquimaster"]},{"@type":"Person","@id":"https:\/\/www.arquimaster.com.ar\/web\/#\/schema\/person\/359e9f7c00193fcde068e0dd2ceb0028","name":"Arquimaster"}]}},"uagb_featured_image_src":{"full":["https:\/\/www.arquimaster.com.ar\/web\/wp-content\/uploads\/2015\/10\/casa_curutchet_unesco_slide.jpg",642,336,false],"thumbnail":["https:\/\/www.arquimaster.com.ar\/web\/wp-content\/uploads\/2015\/10\/casa_curutchet_unesco_slide-150x150.jpg",150,150,true],"medium":["https:\/\/www.arquimaster.com.ar\/web\/wp-content\/uploads\/2015\/10\/casa_curutchet_unesco_slide.jpg",642,336,false],"medium_large":["https:\/\/www.arquimaster.com.ar\/web\/wp-content\/uploads\/2015\/10\/casa_curutchet_unesco_slide.jpg",642,336,false],"large":["https:\/\/www.arquimaster.com.ar\/web\/wp-content\/uploads\/2015\/10\/casa_curutchet_unesco_slide.jpg",642,336,false],"1536x1536":["https:\/\/www.arquimaster.com.ar\/web\/wp-content\/uploads\/2015\/10\/casa_curutchet_unesco_slide.jpg",642,336,false],"2048x2048":["https:\/\/www.arquimaster.com.ar\/web\/wp-content\/uploads\/2015\/10\/casa_curutchet_unesco_slide.jpg",642,336,false]},"uagb_author_info":{"display_name":"Arquimaster","author_link":"https:\/\/www.arquimaster.com.ar\/web\/author\/arquimaster\/"},"uagb_comment_info":0,"uagb_excerpt":"Las obras de puesta en valor lograron que hoy luzca como en su estado original de 1955...","_links":{"self":[{"href":"https:\/\/www.arquimaster.com.ar\/web\/wp-json\/wp\/v2\/posts\/17981","targetHints":{"allow":["GET"]}}],"collection":[{"href":"https:\/\/www.arquimaster.com.ar\/web\/wp-json\/wp\/v2\/posts"}],"about":[{"href":"https:\/\/www.arquimaster.com.ar\/web\/wp-json\/wp\/v2\/types\/post"}],"author":[{"embeddable":true,"href":"https:\/\/www.arquimaster.com.ar\/web\/wp-json\/wp\/v2\/users\/1"}],"replies":[{"embeddable":true,"href":"https:\/\/www.arquimaster.com.ar\/web\/wp-json\/wp\/v2\/comments?post=17981"}],"version-history":[{"count":1,"href":"https:\/\/www.arquimaster.com.ar\/web\/wp-json\/wp\/v2\/posts\/17981\/revisions"}],"predecessor-version":[{"id":86425,"href":"https:\/\/www.arquimaster.com.ar\/web\/wp-json\/wp\/v2\/posts\/17981\/revisions\/86425"}],"wp:featuredmedia":[{"embeddable":true,"href":"https:\/\/www.arquimaster.com.ar\/web\/wp-json\/wp\/v2\/media\/17982"}],"wp:attachment":[{"href":"https:\/\/www.arquimaster.com.ar\/web\/wp-json\/wp\/v2\/media?parent=17981"}],"wp:term":[{"taxonomy":"category","embeddable":true,"href":"https:\/\/www.arquimaster.com.ar\/web\/wp-json\/wp\/v2\/categories?post=17981"},{"taxonomy":"post_tag","embeddable":true,"href":"https:\/\/www.arquimaster.com.ar\/web\/wp-json\/wp\/v2\/tags?post=17981"}],"curies":[{"name":"wp","href":"https:\/\/api.w.org\/{rel}","templated":true}]}}