{"id":18013,"date":"2015-10-03T23:57:23","date_gmt":"2015-10-03T23:57:23","guid":{"rendered":"http:\/\/www.arquimaster.com.ar\/web\/?p=18013"},"modified":"2025-10-25T21:43:37","modified_gmt":"2025-10-26T00:43:37","slug":"el-museo-nacional-de-bellas-artes-con-flamante-fachada-y-nuevas-salas","status":"publish","type":"post","link":"https:\/\/www.arquimaster.com.ar\/web\/el-museo-nacional-de-bellas-artes-con-flamante-fachada-y-nuevas-salas\/","title":{"rendered":"El Museo Nacional de Bellas Artes con flamante fachada y nuevas salas"},"content":{"rendered":"<div style=\"margin-top: 0px; margin-bottom: 0px;\" class=\"sharethis-inline-share-buttons\" ><\/div><div class=\"b812932af2e751442846f039925109de\" data-index=\"1\" style=\"float: none; margin:25px 0 25px 0; text-align:center;\">\n<script async src=\"https:\/\/pagead2.googlesyndication.com\/pagead\/js\/adsbygoogle.js\"><\/script>\r\n<!-- Arquimaster (superior) -->\r\n<ins class=\"adsbygoogle\"\r\n     style=\"display:block\"\r\n     data-ad-client=\"ca-pub-6351072698456832\"\r\n     data-ad-slot=\"6455489680\"\r\n     data-ad-format=\"auto\"\r\n     data-full-width-responsive=\"true\"><\/ins>\r\n<script>\r\n     (adsbygoogle = window.adsbygoogle || []).push({});\r\n<\/script>\n<\/div>\n<p><em><strong>Recientemente finaliz\u00f3 un importante plan de obras de restauraci\u00f3n del emblem\u00e1tico Museo Nacional de Bellas Artes -MNBA-, devolvi\u00e9ndole a la fachada su flamante color original elegido por el Arq. Alejandro Bustillo. Asimismo se ampli\u00f3 sustancialmente la capacidad de exhibici\u00f3n con la reinauguraci\u00f3n de m\u00faltiples salas. En este marco y dentro de su programa de responsabilidad social de apoyo al patrimonio cultural y al arte, la firma de pinturas Tersuave particip\u00f3 de los trabajos de puesta en valor, colaborando con el pintado de la envolvente exterior en su totalidad, as\u00ed como en el mantenimiento de las salas.<\/strong><\/em><\/p>\n<div id='gallery-1' class='gallery galleryid-18013 gallery-columns-3 gallery-size-thumbnail'><figure class='gallery-item'>\n\t\t\t<div class='gallery-icon landscape'>\n\t\t\t\t<a href='https:\/\/www.arquimaster.com.ar\/web\/wp-content\/uploads\/2015\/10\/mnba_nueva_fachada_salas1.jpg' title=\"El Museo Nacional de Bellas Artes con flamante fachada y nuevas salas\" data-rl_title=\"El Museo Nacional de Bellas Artes con flamante fachada y nuevas salas\" class=\"rl-gallery-link\" data-rl_caption=\"El Museo Nacional de Bellas Artes con flamante fachada y nuevas salas\" data-rel=\"lightbox-gallery-1\"><img loading=\"lazy\" decoding=\"async\" width=\"150\" height=\"150\" src=\"https:\/\/www.arquimaster.com.ar\/web\/wp-content\/uploads\/2015\/10\/mnba_nueva_fachada_salas1-150x150.jpg\" class=\"attachment-thumbnail size-thumbnail\" alt=\"\" aria-describedby=\"gallery-1-18015\" srcset=\"https:\/\/www.arquimaster.com.ar\/web\/wp-content\/uploads\/2015\/10\/mnba_nueva_fachada_salas1-150x150.jpg 150w, https:\/\/www.arquimaster.com.ar\/web\/wp-content\/uploads\/2015\/10\/mnba_nueva_fachada_salas1-50x50.jpg 50w, https:\/\/www.arquimaster.com.ar\/web\/wp-content\/uploads\/2015\/10\/mnba_nueva_fachada_salas1-125x125.jpg 125w\" sizes=\"auto, (max-width: 150px) 100vw, 150px\" \/><\/a>\n\t\t\t<\/div>\n\t\t\t\t<figcaption class='wp-caption-text gallery-caption' id='gallery-1-18015'>\n\t\t\t\tEl Museo Nacional de Bellas Artes con flamante fachada y nuevas salas\n\t\t\t\t<\/figcaption><\/figure><figure class='gallery-item'>\n\t\t\t<div class='gallery-icon landscape'>\n\t\t\t\t<a href='https:\/\/www.arquimaster.com.ar\/web\/wp-content\/uploads\/2015\/10\/mnba_nueva_fachada_salas2.jpg' title=\"El Museo Nacional de Bellas Artes con flamante fachada y nuevas salas\" data-rl_title=\"El Museo Nacional de Bellas Artes con flamante fachada y nuevas salas\" class=\"rl-gallery-link\" data-rl_caption=\"El Museo Nacional de Bellas Artes con flamante fachada y nuevas salas\" data-rel=\"lightbox-gallery-1\"><img loading=\"lazy\" decoding=\"async\" width=\"150\" height=\"150\" src=\"https:\/\/www.arquimaster.com.ar\/web\/wp-content\/uploads\/2015\/10\/mnba_nueva_fachada_salas2-150x150.jpg\" class=\"attachment-thumbnail size-thumbnail\" alt=\"\" aria-describedby=\"gallery-1-18016\" srcset=\"https:\/\/www.arquimaster.com.ar\/web\/wp-content\/uploads\/2015\/10\/mnba_nueva_fachada_salas2-150x150.jpg 150w, https:\/\/www.arquimaster.com.ar\/web\/wp-content\/uploads\/2015\/10\/mnba_nueva_fachada_salas2-50x50.jpg 50w, https:\/\/www.arquimaster.com.ar\/web\/wp-content\/uploads\/2015\/10\/mnba_nueva_fachada_salas2-125x125.jpg 125w\" sizes=\"auto, (max-width: 150px) 100vw, 150px\" \/><\/a>\n\t\t\t<\/div>\n\t\t\t\t<figcaption class='wp-caption-text gallery-caption' id='gallery-1-18016'>\n\t\t\t\tEl Museo Nacional de Bellas Artes con flamante fachada y nuevas salas\n\t\t\t\t<\/figcaption><\/figure><figure class='gallery-item'>\n\t\t\t<div class='gallery-icon portrait'>\n\t\t\t\t<a href='https:\/\/www.arquimaster.com.ar\/web\/wp-content\/uploads\/2015\/10\/mnba_nueva_fachada_salas3.jpg' title=\"El Museo Nacional de Bellas Artes con flamante fachada y nuevas salas\" data-rl_title=\"El Museo Nacional de Bellas Artes con flamante fachada y nuevas salas\" class=\"rl-gallery-link\" data-rl_caption=\"El Museo Nacional de Bellas Artes con flamante fachada y nuevas salas\" data-rel=\"lightbox-gallery-1\"><img loading=\"lazy\" decoding=\"async\" width=\"150\" height=\"150\" src=\"https:\/\/www.arquimaster.com.ar\/web\/wp-content\/uploads\/2015\/10\/mnba_nueva_fachada_salas3-150x150.jpg\" class=\"attachment-thumbnail size-thumbnail\" alt=\"\" aria-describedby=\"gallery-1-18017\" srcset=\"https:\/\/www.arquimaster.com.ar\/web\/wp-content\/uploads\/2015\/10\/mnba_nueva_fachada_salas3-150x150.jpg 150w, https:\/\/www.arquimaster.com.ar\/web\/wp-content\/uploads\/2015\/10\/mnba_nueva_fachada_salas3-50x50.jpg 50w, https:\/\/www.arquimaster.com.ar\/web\/wp-content\/uploads\/2015\/10\/mnba_nueva_fachada_salas3-125x125.jpg 125w\" sizes=\"auto, (max-width: 150px) 100vw, 150px\" \/><\/a>\n\t\t\t<\/div>\n\t\t\t\t<figcaption class='wp-caption-text gallery-caption' id='gallery-1-18017'>\n\t\t\t\tEl Museo Nacional de Bellas Artes con flamante fachada y nuevas salas\n\t\t\t\t<\/figcaption><\/figure><figure class='gallery-item'>\n\t\t\t<div class='gallery-icon landscape'>\n\t\t\t\t<a href='https:\/\/www.arquimaster.com.ar\/web\/wp-content\/uploads\/2015\/10\/mnba_nueva_fachada_salas4.jpg' title=\"El Museo Nacional de Bellas Artes con flamante fachada y nuevas salas\" data-rl_title=\"El Museo Nacional de Bellas Artes con flamante fachada y nuevas salas\" class=\"rl-gallery-link\" data-rl_caption=\"El Museo Nacional de Bellas Artes con flamante fachada y nuevas salas\" data-rel=\"lightbox-gallery-1\"><img loading=\"lazy\" decoding=\"async\" width=\"150\" height=\"150\" src=\"https:\/\/www.arquimaster.com.ar\/web\/wp-content\/uploads\/2015\/10\/mnba_nueva_fachada_salas4-150x150.jpg\" class=\"attachment-thumbnail size-thumbnail\" alt=\"\" aria-describedby=\"gallery-1-18018\" srcset=\"https:\/\/www.arquimaster.com.ar\/web\/wp-content\/uploads\/2015\/10\/mnba_nueva_fachada_salas4-150x150.jpg 150w, https:\/\/www.arquimaster.com.ar\/web\/wp-content\/uploads\/2015\/10\/mnba_nueva_fachada_salas4-50x50.jpg 50w, https:\/\/www.arquimaster.com.ar\/web\/wp-content\/uploads\/2015\/10\/mnba_nueva_fachada_salas4-125x125.jpg 125w\" sizes=\"auto, (max-width: 150px) 100vw, 150px\" \/><\/a>\n\t\t\t<\/div>\n\t\t\t\t<figcaption class='wp-caption-text gallery-caption' id='gallery-1-18018'>\n\t\t\t\tEl Museo Nacional de Bellas Artes con flamante fachada y nuevas salas\n\t\t\t\t<\/figcaption><\/figure>\n\t\t<\/div>\n\n<p>El emblem\u00e1tico <strong>Museo Nacional de Bellas Artes<\/strong> de la ciudad de Buenos Aires, ubicado en Av. Del Libertador 1473, Ciudad de Buenos Aires, es uno de los museos m\u00e1s importantes de Latinoam\u00e9rica, contando con la mayor colecci\u00f3n de arte argentino del pa\u00eds. Fue inaugurado en 1896, pero su actual sede data del a\u00f1o 1933, en un edificio de 1870, que funcionaba originalmente como la antigua Casa de Bombas -perteneciente a los establecimientos Recoleta de Obras Sanitarias de la Naci\u00f3n- y que fue remodelado por uno de los arquitectos m\u00e1s relevantes del pa\u00eds, Alejandro Bustillo.<\/p>\n<p>Recientemente, se termin\u00f3 un nuevo plan de obras de puesta en valor del Museo, que abarc\u00f3 la totalidad de su envolvente exterior, as\u00ed como tambi\u00e9n la refuncionalizaci\u00f3n de 18 salas, ampliando la capacidad de exhibici\u00f3n en un 78%. Dentro de su programa de responsabilidad social, con un fuerte compromiso y apoyo a la cultura y las artes en ciudades de todo el pa\u00eds, la firma de pinturas Tersuave tuvo una importante colaboraci\u00f3n en las obras de restauraci\u00f3n.<\/p>\n<p>Tras grandes trabajos de cateos, donde tambi\u00e9n participaron especialistas del \u00c1rea de Patrimonio Edilicio, perteneciente a la Direcci\u00f3n Nacional de Patrimonio y Museos -Ministerio de Cultura de la Naci\u00f3n- y el Instituto Nacional de Tecnolog\u00eda Industrial -INTI-, se establecieron las pautas crom\u00e1ticas para el pintado de la envolvente exterior del edificio, devolvi\u00e9ndole su<strong> color original<\/strong> elegido por Alejandro Bustillo. El color empleado en la fachada es de la carta de la <strong>colecci\u00f3n Vanguardia de Tersuave<\/strong>, denominado<strong>\u00a02197 D-Carrot Cake<\/strong>. Tersuave colabor\u00f3 adem\u00e1s en el mantenimiento de las salas de exhibici\u00f3n, para lo cual aport\u00f3 sus productos Frentes Impermeabilizante y Lavable Interior, en diversos colores.<\/p>\n<p>Esta acci\u00f3n se suma a un centenar de colaboraciones de puesta en valor en obras como la Casa Curutchet de La Plata del maestro Le Corbusier -actualmente postulada para Patrimonio Mundial de la UNESCO-, y el Centro Cultural Recoleta, as\u00ed como el patrocinio en eventos ligados a la cultura arquitect\u00f3nica, como la Bienal Internacional de Arquitectura de Buenos Aires BA15.<\/p>\n<p><strong>Acerca de Tersuave<\/strong><br \/>\nTersuave es una compa\u00f1\u00eda argentina dedicada a la fabricaci\u00f3n y comercializaci\u00f3n de pinturas. Nace a fines de la d\u00e9cada del &#8217;50 con una planta industrial en Arg\u00fcello (provincia de C\u00f3rdoba). Actualmente cuenta con una moderna planta industrial de pinturas l\u00edquidas de 10.000 m2 en Villa Mercedes, San Luis, en la que se fabrican los productos destinados a la l\u00ednea hogar y obra, como as\u00ed tambi\u00e9n los destinados al rubro automotor y a la industria. La empresa cuenta con sedes en C\u00f3rdoba, Rosario, Buenos Aires, Tucum\u00e1n y Mendoza. Desde 2001 Tersuave se encuentra certificada bajo la norma ISO 9001.<\/p>\n\n<div style=\"font-size: 0px; height: 0px; line-height: 0px; margin: 0; padding: 0; clear: both;\"><\/div><div style=\"margin-top: 0px; margin-bottom: 0px;\" class=\"sharethis-inline-share-buttons\" ><\/div>","protected":false},"excerpt":{"rendered":"<p>Importante plan de obras de restauraci\u00f3n devuelven flamante color original a su fachada&#8230;<\/p>\n","protected":false},"author":1,"featured_media":18014,"comment_status":"closed","ping_status":"closed","sticky":false,"template":"","format":"standard","meta":{"_uag_custom_page_level_css":"","footnotes":""},"categories":[70,68],"tags":[3647,3648,1228,204,912,609],"class_list":["post-18013","post","type-post","status-publish","format-standard","has-post-thumbnail","hentry","category-noticias-arquitectura","category-novedades","tag-mnba","tag-museo-nacional-de-bellas-artes","tag-patrimonio-arquitectonico","tag-pintura","tag-restauracion","tag-tersuave","generate-columns","tablet-grid-50","mobile-grid-100","grid-parent","grid-50"],"yoast_head":"<!-- This site is optimized with the Yoast SEO plugin v27.3 - https:\/\/yoast.com\/product\/yoast-seo-wordpress\/ -->\n<title>El Museo Nacional de Bellas Artes con flamante fachada y nuevas salas - Arquimaster<\/title>\n<meta name=\"robots\" content=\"index, follow, max-snippet:-1, max-image-preview:large, max-video-preview:-1\" \/>\n<link rel=\"canonical\" href=\"https:\/\/www.arquimaster.com.ar\/web\/el-museo-nacional-de-bellas-artes-con-flamante-fachada-y-nuevas-salas\/\" \/>\n<meta property=\"og:locale\" content=\"es_ES\" \/>\n<meta property=\"og:type\" content=\"article\" \/>\n<meta property=\"og:title\" content=\"El Museo Nacional de Bellas Artes con flamante fachada y nuevas salas - Arquimaster\" \/>\n<meta property=\"og:description\" content=\"Importante plan de obras de restauraci\u00f3n devuelven flamante color original a su fachada...\" \/>\n<meta property=\"og:url\" content=\"https:\/\/www.arquimaster.com.ar\/web\/el-museo-nacional-de-bellas-artes-con-flamante-fachada-y-nuevas-salas\/\" \/>\n<meta property=\"og:site_name\" content=\"Arquimaster\" \/>\n<meta property=\"article:publisher\" content=\"http:\/\/www.facebook.com\/ARQUIMASTER.com.ar\" \/>\n<meta property=\"article:published_time\" content=\"2015-10-03T23:57:23+00:00\" \/>\n<meta property=\"article:modified_time\" content=\"2025-10-26T00:43:37+00:00\" \/>\n<meta property=\"og:image\" content=\"https:\/\/www.arquimaster.com.ar\/web\/wp-content\/uploads\/2015\/10\/mnba_nueva_fachada_salas_slide.jpg\" \/>\n\t<meta property=\"og:image:width\" content=\"642\" \/>\n\t<meta property=\"og:image:height\" content=\"336\" \/>\n\t<meta property=\"og:image:type\" content=\"image\/jpeg\" \/>\n<meta name=\"author\" content=\"Arquimaster\" \/>\n<meta name=\"twitter:card\" content=\"summary_large_image\" \/>\n<meta name=\"twitter:creator\" content=\"@arquimaster\" \/>\n<meta name=\"twitter:site\" content=\"@arquimaster\" \/>\n<meta name=\"twitter:label1\" content=\"Escrito por\" \/>\n\t<meta name=\"twitter:data1\" content=\"Arquimaster\" \/>\n\t<meta name=\"twitter:label2\" content=\"Tiempo de lectura\" \/>\n\t<meta name=\"twitter:data2\" content=\"3 minutos\" \/>\n<script type=\"application\/ld+json\" class=\"yoast-schema-graph\">{\"@context\":\"https:\\\/\\\/schema.org\",\"@graph\":[{\"@type\":\"Article\",\"@id\":\"https:\\\/\\\/www.arquimaster.com.ar\\\/web\\\/el-museo-nacional-de-bellas-artes-con-flamante-fachada-y-nuevas-salas\\\/#article\",\"isPartOf\":{\"@id\":\"https:\\\/\\\/www.arquimaster.com.ar\\\/web\\\/el-museo-nacional-de-bellas-artes-con-flamante-fachada-y-nuevas-salas\\\/\"},\"author\":{\"name\":\"Arquimaster\",\"@id\":\"https:\\\/\\\/www.arquimaster.com.ar\\\/web\\\/#\\\/schema\\\/person\\\/359e9f7c00193fcde068e0dd2ceb0028\"},\"headline\":\"El Museo Nacional de Bellas Artes con flamante fachada y nuevas salas\",\"datePublished\":\"2015-10-03T23:57:23+00:00\",\"dateModified\":\"2025-10-26T00:43:37+00:00\",\"mainEntityOfPage\":{\"@id\":\"https:\\\/\\\/www.arquimaster.com.ar\\\/web\\\/el-museo-nacional-de-bellas-artes-con-flamante-fachada-y-nuevas-salas\\\/\"},\"wordCount\":580,\"publisher\":{\"@id\":\"https:\\\/\\\/www.arquimaster.com.ar\\\/web\\\/#organization\"},\"image\":{\"@id\":\"https:\\\/\\\/www.arquimaster.com.ar\\\/web\\\/el-museo-nacional-de-bellas-artes-con-flamante-fachada-y-nuevas-salas\\\/#primaryimage\"},\"thumbnailUrl\":\"https:\\\/\\\/www.arquimaster.com.ar\\\/web\\\/wp-content\\\/uploads\\\/2015\\\/10\\\/mnba_nueva_fachada_salas_slide.jpg\",\"keywords\":[\"MNBA\",\"Museo Nacional de Bellas Artes\",\"patrimonio arquitectonico\",\"pintura\",\"restauraci\u00f3n\",\"Tersuave\"],\"articleSection\":[\"Noticias de arquitectura y dise\u00f1o\",\"Novedades\"],\"inLanguage\":\"es\"},{\"@type\":\"WebPage\",\"@id\":\"https:\\\/\\\/www.arquimaster.com.ar\\\/web\\\/el-museo-nacional-de-bellas-artes-con-flamante-fachada-y-nuevas-salas\\\/\",\"url\":\"https:\\\/\\\/www.arquimaster.com.ar\\\/web\\\/el-museo-nacional-de-bellas-artes-con-flamante-fachada-y-nuevas-salas\\\/\",\"name\":\"El Museo Nacional de Bellas Artes con flamante fachada y nuevas salas - Arquimaster\",\"isPartOf\":{\"@id\":\"https:\\\/\\\/www.arquimaster.com.ar\\\/web\\\/#website\"},\"primaryImageOfPage\":{\"@id\":\"https:\\\/\\\/www.arquimaster.com.ar\\\/web\\\/el-museo-nacional-de-bellas-artes-con-flamante-fachada-y-nuevas-salas\\\/#primaryimage\"},\"image\":{\"@id\":\"https:\\\/\\\/www.arquimaster.com.ar\\\/web\\\/el-museo-nacional-de-bellas-artes-con-flamante-fachada-y-nuevas-salas\\\/#primaryimage\"},\"thumbnailUrl\":\"https:\\\/\\\/www.arquimaster.com.ar\\\/web\\\/wp-content\\\/uploads\\\/2015\\\/10\\\/mnba_nueva_fachada_salas_slide.jpg\",\"datePublished\":\"2015-10-03T23:57:23+00:00\",\"dateModified\":\"2025-10-26T00:43:37+00:00\",\"breadcrumb\":{\"@id\":\"https:\\\/\\\/www.arquimaster.com.ar\\\/web\\\/el-museo-nacional-de-bellas-artes-con-flamante-fachada-y-nuevas-salas\\\/#breadcrumb\"},\"inLanguage\":\"es\",\"potentialAction\":[{\"@type\":\"ReadAction\",\"target\":[\"https:\\\/\\\/www.arquimaster.com.ar\\\/web\\\/el-museo-nacional-de-bellas-artes-con-flamante-fachada-y-nuevas-salas\\\/\"]}]},{\"@type\":\"ImageObject\",\"inLanguage\":\"es\",\"@id\":\"https:\\\/\\\/www.arquimaster.com.ar\\\/web\\\/el-museo-nacional-de-bellas-artes-con-flamante-fachada-y-nuevas-salas\\\/#primaryimage\",\"url\":\"https:\\\/\\\/www.arquimaster.com.ar\\\/web\\\/wp-content\\\/uploads\\\/2015\\\/10\\\/mnba_nueva_fachada_salas_slide.jpg\",\"contentUrl\":\"https:\\\/\\\/www.arquimaster.com.ar\\\/web\\\/wp-content\\\/uploads\\\/2015\\\/10\\\/mnba_nueva_fachada_salas_slide.jpg\",\"width\":642,\"height\":336},{\"@type\":\"BreadcrumbList\",\"@id\":\"https:\\\/\\\/www.arquimaster.com.ar\\\/web\\\/el-museo-nacional-de-bellas-artes-con-flamante-fachada-y-nuevas-salas\\\/#breadcrumb\",\"itemListElement\":[{\"@type\":\"ListItem\",\"position\":1,\"name\":\"Portada\",\"item\":\"https:\\\/\\\/www.arquimaster.com.ar\\\/web\\\/\"},{\"@type\":\"ListItem\",\"position\":2,\"name\":\"El Museo Nacional de Bellas Artes con flamante fachada y nuevas salas\"}]},{\"@type\":\"WebSite\",\"@id\":\"https:\\\/\\\/www.arquimaster.com.ar\\\/web\\\/#website\",\"url\":\"https:\\\/\\\/www.arquimaster.com.ar\\\/web\\\/\",\"name\":\"Arquimaster\",\"description\":\"Web de arquitectura, dise\u00f1o y construccion\",\"publisher\":{\"@id\":\"https:\\\/\\\/www.arquimaster.com.ar\\\/web\\\/#organization\"},\"potentialAction\":[{\"@type\":\"SearchAction\",\"target\":{\"@type\":\"EntryPoint\",\"urlTemplate\":\"https:\\\/\\\/www.arquimaster.com.ar\\\/web\\\/?s={search_term_string}\"},\"query-input\":{\"@type\":\"PropertyValueSpecification\",\"valueRequired\":true,\"valueName\":\"search_term_string\"}}],\"inLanguage\":\"es\"},{\"@type\":\"Organization\",\"@id\":\"https:\\\/\\\/www.arquimaster.com.ar\\\/web\\\/#organization\",\"name\":\"Arquimaster\",\"url\":\"https:\\\/\\\/www.arquimaster.com.ar\\\/web\\\/\",\"logo\":{\"@type\":\"ImageObject\",\"inLanguage\":\"es\",\"@id\":\"https:\\\/\\\/www.arquimaster.com.ar\\\/web\\\/#\\\/schema\\\/logo\\\/image\\\/\",\"url\":\"https:\\\/\\\/www.arquimaster.com.ar\\\/web\\\/wp-content\\\/uploads\\\/2022\\\/06\\\/arquimaster.png\",\"contentUrl\":\"https:\\\/\\\/www.arquimaster.com.ar\\\/web\\\/wp-content\\\/uploads\\\/2022\\\/06\\\/arquimaster.png\",\"width\":594,\"height\":78,\"caption\":\"Arquimaster\"},\"image\":{\"@id\":\"https:\\\/\\\/www.arquimaster.com.ar\\\/web\\\/#\\\/schema\\\/logo\\\/image\\\/\"},\"sameAs\":[\"http:\\\/\\\/www.facebook.com\\\/ARQUIMASTER.com.ar\",\"https:\\\/\\\/x.com\\\/arquimaster\",\"https:\\\/\\\/www.instagram.com\\\/arquimasterblog\\\/\",\"https:\\\/\\\/www.linkedin.com\\\/company\\\/arquimaster\",\"https:\\\/\\\/www.pinterest.com\\\/arquimaster\",\"https:\\\/\\\/t.me\\\/arquimaster\"]},{\"@type\":\"Person\",\"@id\":\"https:\\\/\\\/www.arquimaster.com.ar\\\/web\\\/#\\\/schema\\\/person\\\/359e9f7c00193fcde068e0dd2ceb0028\",\"name\":\"Arquimaster\"}]}<\/script>\n<!-- \/ Yoast SEO plugin. -->","yoast_head_json":{"title":"El Museo Nacional de Bellas Artes con flamante fachada y nuevas salas - Arquimaster","robots":{"index":"index","follow":"follow","max-snippet":"max-snippet:-1","max-image-preview":"max-image-preview:large","max-video-preview":"max-video-preview:-1"},"canonical":"https:\/\/www.arquimaster.com.ar\/web\/el-museo-nacional-de-bellas-artes-con-flamante-fachada-y-nuevas-salas\/","og_locale":"es_ES","og_type":"article","og_title":"El Museo Nacional de Bellas Artes con flamante fachada y nuevas salas - Arquimaster","og_description":"Importante plan de obras de restauraci\u00f3n devuelven flamante color original a su fachada...","og_url":"https:\/\/www.arquimaster.com.ar\/web\/el-museo-nacional-de-bellas-artes-con-flamante-fachada-y-nuevas-salas\/","og_site_name":"Arquimaster","article_publisher":"http:\/\/www.facebook.com\/ARQUIMASTER.com.ar","article_published_time":"2015-10-03T23:57:23+00:00","article_modified_time":"2025-10-26T00:43:37+00:00","og_image":[{"width":642,"height":336,"url":"https:\/\/www.arquimaster.com.ar\/web\/wp-content\/uploads\/2015\/10\/mnba_nueva_fachada_salas_slide.jpg","type":"image\/jpeg"}],"author":"Arquimaster","twitter_card":"summary_large_image","twitter_creator":"@arquimaster","twitter_site":"@arquimaster","twitter_misc":{"Escrito por":"Arquimaster","Tiempo de lectura":"3 minutos"},"schema":{"@context":"https:\/\/schema.org","@graph":[{"@type":"Article","@id":"https:\/\/www.arquimaster.com.ar\/web\/el-museo-nacional-de-bellas-artes-con-flamante-fachada-y-nuevas-salas\/#article","isPartOf":{"@id":"https:\/\/www.arquimaster.com.ar\/web\/el-museo-nacional-de-bellas-artes-con-flamante-fachada-y-nuevas-salas\/"},"author":{"name":"Arquimaster","@id":"https:\/\/www.arquimaster.com.ar\/web\/#\/schema\/person\/359e9f7c00193fcde068e0dd2ceb0028"},"headline":"El Museo Nacional de Bellas Artes con flamante fachada y nuevas salas","datePublished":"2015-10-03T23:57:23+00:00","dateModified":"2025-10-26T00:43:37+00:00","mainEntityOfPage":{"@id":"https:\/\/www.arquimaster.com.ar\/web\/el-museo-nacional-de-bellas-artes-con-flamante-fachada-y-nuevas-salas\/"},"wordCount":580,"publisher":{"@id":"https:\/\/www.arquimaster.com.ar\/web\/#organization"},"image":{"@id":"https:\/\/www.arquimaster.com.ar\/web\/el-museo-nacional-de-bellas-artes-con-flamante-fachada-y-nuevas-salas\/#primaryimage"},"thumbnailUrl":"https:\/\/www.arquimaster.com.ar\/web\/wp-content\/uploads\/2015\/10\/mnba_nueva_fachada_salas_slide.jpg","keywords":["MNBA","Museo Nacional de Bellas Artes","patrimonio arquitectonico","pintura","restauraci\u00f3n","Tersuave"],"articleSection":["Noticias de arquitectura y dise\u00f1o","Novedades"],"inLanguage":"es"},{"@type":"WebPage","@id":"https:\/\/www.arquimaster.com.ar\/web\/el-museo-nacional-de-bellas-artes-con-flamante-fachada-y-nuevas-salas\/","url":"https:\/\/www.arquimaster.com.ar\/web\/el-museo-nacional-de-bellas-artes-con-flamante-fachada-y-nuevas-salas\/","name":"El Museo Nacional de Bellas Artes con flamante fachada y nuevas salas - Arquimaster","isPartOf":{"@id":"https:\/\/www.arquimaster.com.ar\/web\/#website"},"primaryImageOfPage":{"@id":"https:\/\/www.arquimaster.com.ar\/web\/el-museo-nacional-de-bellas-artes-con-flamante-fachada-y-nuevas-salas\/#primaryimage"},"image":{"@id":"https:\/\/www.arquimaster.com.ar\/web\/el-museo-nacional-de-bellas-artes-con-flamante-fachada-y-nuevas-salas\/#primaryimage"},"thumbnailUrl":"https:\/\/www.arquimaster.com.ar\/web\/wp-content\/uploads\/2015\/10\/mnba_nueva_fachada_salas_slide.jpg","datePublished":"2015-10-03T23:57:23+00:00","dateModified":"2025-10-26T00:43:37+00:00","breadcrumb":{"@id":"https:\/\/www.arquimaster.com.ar\/web\/el-museo-nacional-de-bellas-artes-con-flamante-fachada-y-nuevas-salas\/#breadcrumb"},"inLanguage":"es","potentialAction":[{"@type":"ReadAction","target":["https:\/\/www.arquimaster.com.ar\/web\/el-museo-nacional-de-bellas-artes-con-flamante-fachada-y-nuevas-salas\/"]}]},{"@type":"ImageObject","inLanguage":"es","@id":"https:\/\/www.arquimaster.com.ar\/web\/el-museo-nacional-de-bellas-artes-con-flamante-fachada-y-nuevas-salas\/#primaryimage","url":"https:\/\/www.arquimaster.com.ar\/web\/wp-content\/uploads\/2015\/10\/mnba_nueva_fachada_salas_slide.jpg","contentUrl":"https:\/\/www.arquimaster.com.ar\/web\/wp-content\/uploads\/2015\/10\/mnba_nueva_fachada_salas_slide.jpg","width":642,"height":336},{"@type":"BreadcrumbList","@id":"https:\/\/www.arquimaster.com.ar\/web\/el-museo-nacional-de-bellas-artes-con-flamante-fachada-y-nuevas-salas\/#breadcrumb","itemListElement":[{"@type":"ListItem","position":1,"name":"Portada","item":"https:\/\/www.arquimaster.com.ar\/web\/"},{"@type":"ListItem","position":2,"name":"El Museo Nacional de Bellas Artes con flamante fachada y nuevas salas"}]},{"@type":"WebSite","@id":"https:\/\/www.arquimaster.com.ar\/web\/#website","url":"https:\/\/www.arquimaster.com.ar\/web\/","name":"Arquimaster","description":"Web de arquitectura, dise\u00f1o y construccion","publisher":{"@id":"https:\/\/www.arquimaster.com.ar\/web\/#organization"},"potentialAction":[{"@type":"SearchAction","target":{"@type":"EntryPoint","urlTemplate":"https:\/\/www.arquimaster.com.ar\/web\/?s={search_term_string}"},"query-input":{"@type":"PropertyValueSpecification","valueRequired":true,"valueName":"search_term_string"}}],"inLanguage":"es"},{"@type":"Organization","@id":"https:\/\/www.arquimaster.com.ar\/web\/#organization","name":"Arquimaster","url":"https:\/\/www.arquimaster.com.ar\/web\/","logo":{"@type":"ImageObject","inLanguage":"es","@id":"https:\/\/www.arquimaster.com.ar\/web\/#\/schema\/logo\/image\/","url":"https:\/\/www.arquimaster.com.ar\/web\/wp-content\/uploads\/2022\/06\/arquimaster.png","contentUrl":"https:\/\/www.arquimaster.com.ar\/web\/wp-content\/uploads\/2022\/06\/arquimaster.png","width":594,"height":78,"caption":"Arquimaster"},"image":{"@id":"https:\/\/www.arquimaster.com.ar\/web\/#\/schema\/logo\/image\/"},"sameAs":["http:\/\/www.facebook.com\/ARQUIMASTER.com.ar","https:\/\/x.com\/arquimaster","https:\/\/www.instagram.com\/arquimasterblog\/","https:\/\/www.linkedin.com\/company\/arquimaster","https:\/\/www.pinterest.com\/arquimaster","https:\/\/t.me\/arquimaster"]},{"@type":"Person","@id":"https:\/\/www.arquimaster.com.ar\/web\/#\/schema\/person\/359e9f7c00193fcde068e0dd2ceb0028","name":"Arquimaster"}]}},"uagb_featured_image_src":{"full":["https:\/\/www.arquimaster.com.ar\/web\/wp-content\/uploads\/2015\/10\/mnba_nueva_fachada_salas_slide.jpg",642,336,false],"thumbnail":["https:\/\/www.arquimaster.com.ar\/web\/wp-content\/uploads\/2015\/10\/mnba_nueva_fachada_salas_slide-150x150.jpg",150,150,true],"medium":["https:\/\/www.arquimaster.com.ar\/web\/wp-content\/uploads\/2015\/10\/mnba_nueva_fachada_salas_slide.jpg",642,336,false],"medium_large":["https:\/\/www.arquimaster.com.ar\/web\/wp-content\/uploads\/2015\/10\/mnba_nueva_fachada_salas_slide.jpg",642,336,false],"large":["https:\/\/www.arquimaster.com.ar\/web\/wp-content\/uploads\/2015\/10\/mnba_nueva_fachada_salas_slide.jpg",642,336,false],"1536x1536":["https:\/\/www.arquimaster.com.ar\/web\/wp-content\/uploads\/2015\/10\/mnba_nueva_fachada_salas_slide.jpg",642,336,false],"2048x2048":["https:\/\/www.arquimaster.com.ar\/web\/wp-content\/uploads\/2015\/10\/mnba_nueva_fachada_salas_slide.jpg",642,336,false]},"uagb_author_info":{"display_name":"Arquimaster","author_link":"https:\/\/www.arquimaster.com.ar\/web\/author\/arquimaster\/"},"uagb_comment_info":0,"uagb_excerpt":"Importante plan de obras de restauraci\u00f3n devuelven flamante color original a su fachada...","_links":{"self":[{"href":"https:\/\/www.arquimaster.com.ar\/web\/wp-json\/wp\/v2\/posts\/18013","targetHints":{"allow":["GET"]}}],"collection":[{"href":"https:\/\/www.arquimaster.com.ar\/web\/wp-json\/wp\/v2\/posts"}],"about":[{"href":"https:\/\/www.arquimaster.com.ar\/web\/wp-json\/wp\/v2\/types\/post"}],"author":[{"embeddable":true,"href":"https:\/\/www.arquimaster.com.ar\/web\/wp-json\/wp\/v2\/users\/1"}],"replies":[{"embeddable":true,"href":"https:\/\/www.arquimaster.com.ar\/web\/wp-json\/wp\/v2\/comments?post=18013"}],"version-history":[{"count":1,"href":"https:\/\/www.arquimaster.com.ar\/web\/wp-json\/wp\/v2\/posts\/18013\/revisions"}],"predecessor-version":[{"id":86430,"href":"https:\/\/www.arquimaster.com.ar\/web\/wp-json\/wp\/v2\/posts\/18013\/revisions\/86430"}],"wp:featuredmedia":[{"embeddable":true,"href":"https:\/\/www.arquimaster.com.ar\/web\/wp-json\/wp\/v2\/media\/18014"}],"wp:attachment":[{"href":"https:\/\/www.arquimaster.com.ar\/web\/wp-json\/wp\/v2\/media?parent=18013"}],"wp:term":[{"taxonomy":"category","embeddable":true,"href":"https:\/\/www.arquimaster.com.ar\/web\/wp-json\/wp\/v2\/categories?post=18013"},{"taxonomy":"post_tag","embeddable":true,"href":"https:\/\/www.arquimaster.com.ar\/web\/wp-json\/wp\/v2\/tags?post=18013"}],"curies":[{"name":"wp","href":"https:\/\/api.w.org\/{rel}","templated":true}]}}