{"id":18033,"date":"2015-09-25T06:55:40","date_gmt":"2015-09-25T09:55:40","guid":{"rendered":"http:\/\/www.arquimaster.com.ar\/web\/?p=18033"},"modified":"2025-10-25T21:48:58","modified_gmt":"2025-10-26T00:48:58","slug":"tarquini-presente-en-la-restauracion-del-palacio-raggio","status":"publish","type":"post","link":"https:\/\/www.arquimaster.com.ar\/web\/tarquini-presente-en-la-restauracion-del-palacio-raggio\/","title":{"rendered":"Tarquini presente en la restauraci\u00f3n del Palacio Raggio"},"content":{"rendered":"<div style=\"margin-top: 0px; margin-bottom: 0px;\" class=\"sharethis-inline-share-buttons\" ><\/div><div class=\"b812932af2e751442846f039925109de\" data-index=\"1\" style=\"float: none; margin:25px 0 25px 0; text-align:center;\">\n<script async src=\"https:\/\/pagead2.googlesyndication.com\/pagead\/js\/adsbygoogle.js\"><\/script>\r\n<!-- Arquimaster (superior) -->\r\n<ins class=\"adsbygoogle\"\r\n     style=\"display:block\"\r\n     data-ad-client=\"ca-pub-6351072698456832\"\r\n     data-ad-slot=\"6455489680\"\r\n     data-ad-format=\"auto\"\r\n     data-full-width-responsive=\"true\"><\/ins>\r\n<script>\r\n     (adsbygoogle = window.adsbygoogle || []).push({});\r\n<\/script>\n<\/div>\n<p><em><strong>En el Palacio Raggio, edificio emblem\u00e1tico de estilo academista franc\u00e9s, ubicado en el Casco Hist\u00f3rico de la Ciudad de Buenos Aires, terminaron recientemente los trabajos de restauraci\u00f3n y remodelaci\u00f3n como edificio de de viviendas y oficinas, seg\u00fan el proyecto del estudio Fern\u00e1ndez Prieto y Asociados. En la restauraci\u00f3n de sus fachadas exteriores -sobre las calles Moreno y Bol\u00edvar-, los patios interiores y las terrazas particip\u00f3 con la colaboraci\u00f3n de la firma Tarquini en el asesoramiento t\u00e9cnico y aporte de su producto Microrrevestimiento Mural Continuo Neo Par\u00eds Color.<\/strong><\/em><\/p>\n<div id='gallery-1' class='gallery galleryid-18033 gallery-columns-3 gallery-size-thumbnail'><figure class='gallery-item'>\n\t\t\t<div class='gallery-icon landscape'>\n\t\t\t\t<a href='https:\/\/www.arquimaster.com.ar\/web\/wp-content\/uploads\/2015\/10\/palacio_raggio_tarquini1.jpg' title=\"Tarquini presente en la restauraci\u00f3n del Palacio Raggio\" data-rl_title=\"Tarquini presente en la restauraci\u00f3n del Palacio Raggio\" class=\"rl-gallery-link\" data-rl_caption=\"Tarquini presente en la restauraci\u00f3n del Palacio Raggio\" data-rel=\"lightbox-gallery-1\"><img loading=\"lazy\" decoding=\"async\" width=\"150\" height=\"150\" src=\"https:\/\/www.arquimaster.com.ar\/web\/wp-content\/uploads\/2015\/10\/palacio_raggio_tarquini1-150x150.jpg\" class=\"attachment-thumbnail size-thumbnail\" alt=\"\" aria-describedby=\"gallery-1-18035\" srcset=\"https:\/\/www.arquimaster.com.ar\/web\/wp-content\/uploads\/2015\/10\/palacio_raggio_tarquini1-150x150.jpg 150w, https:\/\/www.arquimaster.com.ar\/web\/wp-content\/uploads\/2015\/10\/palacio_raggio_tarquini1-50x50.jpg 50w, https:\/\/www.arquimaster.com.ar\/web\/wp-content\/uploads\/2015\/10\/palacio_raggio_tarquini1-125x125.jpg 125w\" sizes=\"auto, (max-width: 150px) 100vw, 150px\" \/><\/a>\n\t\t\t<\/div>\n\t\t\t\t<figcaption class='wp-caption-text gallery-caption' id='gallery-1-18035'>\n\t\t\t\tTarquini presente en la restauraci\u00f3n del Palacio Raggio\n\t\t\t\t<\/figcaption><\/figure><figure class='gallery-item'>\n\t\t\t<div class='gallery-icon landscape'>\n\t\t\t\t<a href='https:\/\/www.arquimaster.com.ar\/web\/wp-content\/uploads\/2015\/10\/palacio_raggio_tarquini2.jpg' title=\"Tarquini presente en la restauraci\u00f3n del Palacio Raggio\" data-rl_title=\"Tarquini presente en la restauraci\u00f3n del Palacio Raggio\" class=\"rl-gallery-link\" data-rl_caption=\"Tarquini presente en la restauraci\u00f3n del Palacio Raggio\" data-rel=\"lightbox-gallery-1\"><img loading=\"lazy\" decoding=\"async\" width=\"150\" height=\"150\" src=\"https:\/\/www.arquimaster.com.ar\/web\/wp-content\/uploads\/2015\/10\/palacio_raggio_tarquini2-150x150.jpg\" class=\"attachment-thumbnail size-thumbnail\" alt=\"\" aria-describedby=\"gallery-1-18036\" srcset=\"https:\/\/www.arquimaster.com.ar\/web\/wp-content\/uploads\/2015\/10\/palacio_raggio_tarquini2-150x150.jpg 150w, https:\/\/www.arquimaster.com.ar\/web\/wp-content\/uploads\/2015\/10\/palacio_raggio_tarquini2-50x50.jpg 50w, https:\/\/www.arquimaster.com.ar\/web\/wp-content\/uploads\/2015\/10\/palacio_raggio_tarquini2-125x125.jpg 125w\" sizes=\"auto, (max-width: 150px) 100vw, 150px\" \/><\/a>\n\t\t\t<\/div>\n\t\t\t\t<figcaption class='wp-caption-text gallery-caption' id='gallery-1-18036'>\n\t\t\t\tTarquini presente en la restauraci\u00f3n del Palacio Raggio\n\t\t\t\t<\/figcaption><\/figure><figure class='gallery-item'>\n\t\t\t<div class='gallery-icon landscape'>\n\t\t\t\t<a href='https:\/\/www.arquimaster.com.ar\/web\/wp-content\/uploads\/2015\/10\/palacio_raggio_tarquini3.jpg' title=\"Tarquini presente en la restauraci\u00f3n del Palacio Raggio\" data-rl_title=\"Tarquini presente en la restauraci\u00f3n del Palacio Raggio\" class=\"rl-gallery-link\" data-rl_caption=\"Tarquini presente en la restauraci\u00f3n del Palacio Raggio\" data-rel=\"lightbox-gallery-1\"><img loading=\"lazy\" decoding=\"async\" width=\"150\" height=\"150\" src=\"https:\/\/www.arquimaster.com.ar\/web\/wp-content\/uploads\/2015\/10\/palacio_raggio_tarquini3-150x150.jpg\" class=\"attachment-thumbnail size-thumbnail\" alt=\"\" aria-describedby=\"gallery-1-18037\" srcset=\"https:\/\/www.arquimaster.com.ar\/web\/wp-content\/uploads\/2015\/10\/palacio_raggio_tarquini3-150x150.jpg 150w, https:\/\/www.arquimaster.com.ar\/web\/wp-content\/uploads\/2015\/10\/palacio_raggio_tarquini3-50x50.jpg 50w, https:\/\/www.arquimaster.com.ar\/web\/wp-content\/uploads\/2015\/10\/palacio_raggio_tarquini3-125x125.jpg 125w\" sizes=\"auto, (max-width: 150px) 100vw, 150px\" \/><\/a>\n\t\t\t<\/div>\n\t\t\t\t<figcaption class='wp-caption-text gallery-caption' id='gallery-1-18037'>\n\t\t\t\tTarquini presente en la restauraci\u00f3n del Palacio Raggio\n\t\t\t\t<\/figcaption><\/figure><figure class='gallery-item'>\n\t\t\t<div class='gallery-icon portrait'>\n\t\t\t\t<a href='https:\/\/www.arquimaster.com.ar\/web\/wp-content\/uploads\/2015\/10\/palacio_raggio_tarquini4.jpg' title=\"Tarquini presente en la restauraci\u00f3n del Palacio Raggio\" data-rl_title=\"Tarquini presente en la restauraci\u00f3n del Palacio Raggio\" class=\"rl-gallery-link\" data-rl_caption=\"Tarquini presente en la restauraci\u00f3n del Palacio Raggio\" data-rel=\"lightbox-gallery-1\"><img loading=\"lazy\" decoding=\"async\" width=\"150\" height=\"150\" src=\"https:\/\/www.arquimaster.com.ar\/web\/wp-content\/uploads\/2015\/10\/palacio_raggio_tarquini4-150x150.jpg\" class=\"attachment-thumbnail size-thumbnail\" alt=\"\" aria-describedby=\"gallery-1-18038\" srcset=\"https:\/\/www.arquimaster.com.ar\/web\/wp-content\/uploads\/2015\/10\/palacio_raggio_tarquini4-150x150.jpg 150w, https:\/\/www.arquimaster.com.ar\/web\/wp-content\/uploads\/2015\/10\/palacio_raggio_tarquini4-50x50.jpg 50w, https:\/\/www.arquimaster.com.ar\/web\/wp-content\/uploads\/2015\/10\/palacio_raggio_tarquini4-125x125.jpg 125w\" sizes=\"auto, (max-width: 150px) 100vw, 150px\" \/><\/a>\n\t\t\t<\/div>\n\t\t\t\t<figcaption class='wp-caption-text gallery-caption' id='gallery-1-18038'>\n\t\t\t\tTarquini presente en la restauraci\u00f3n del Palacio Raggio\n\t\t\t\t<\/figcaption><\/figure><figure class='gallery-item'>\n\t\t\t<div class='gallery-icon portrait'>\n\t\t\t\t<a href='https:\/\/www.arquimaster.com.ar\/web\/wp-content\/uploads\/2015\/10\/palacio_raggio_tarquini5.jpg' title=\"Tarquini presente en la restauraci\u00f3n del Palacio Raggio\" data-rl_title=\"Tarquini presente en la restauraci\u00f3n del Palacio Raggio\" class=\"rl-gallery-link\" data-rl_caption=\"Tarquini presente en la restauraci\u00f3n del Palacio Raggio\" data-rel=\"lightbox-gallery-1\"><img loading=\"lazy\" decoding=\"async\" width=\"150\" height=\"150\" src=\"https:\/\/www.arquimaster.com.ar\/web\/wp-content\/uploads\/2015\/10\/palacio_raggio_tarquini5-150x150.jpg\" class=\"attachment-thumbnail size-thumbnail\" alt=\"\" aria-describedby=\"gallery-1-18039\" srcset=\"https:\/\/www.arquimaster.com.ar\/web\/wp-content\/uploads\/2015\/10\/palacio_raggio_tarquini5-150x150.jpg 150w, https:\/\/www.arquimaster.com.ar\/web\/wp-content\/uploads\/2015\/10\/palacio_raggio_tarquini5-50x50.jpg 50w, https:\/\/www.arquimaster.com.ar\/web\/wp-content\/uploads\/2015\/10\/palacio_raggio_tarquini5-125x125.jpg 125w\" sizes=\"auto, (max-width: 150px) 100vw, 150px\" \/><\/a>\n\t\t\t<\/div>\n\t\t\t\t<figcaption class='wp-caption-text gallery-caption' id='gallery-1-18039'>\n\t\t\t\tTarquini presente en la restauraci\u00f3n del Palacio Raggio\n\t\t\t\t<\/figcaption><\/figure>\n\t\t<\/div>\n\n<p>Recientemente finaliz\u00f3 un importante plan de obras de restauraci\u00f3n del <strong>Palacio Raggio<\/strong>, ubicado en la esquina de Moreno y Bol\u00edvar, en el barrio de Monserrat. Este edificio patrimonial tiene tambi\u00e9n una importancia emblem\u00e1tica por su ubicaci\u00f3n, en pleno Casco Hist\u00f3rico de la ciudad de Buenos Aires, junto al Colegio Nacional de Buenos Aires y a pocas cuadras de la Plaza de Mayo. Las obras estuvieron a cargo del estudio Fern\u00e1ndez Prieto y Asociados y contaron con el apoyo de la firma Tarquini en la asistencia t\u00e9cnica y aporte de su producto <strong>Microrrevestimiento Mural Continuo Neo Par\u00eds Color<\/strong> para la envolvente exterior, los patios internos y las terrazas.<\/p>\n<p>El Palacio Raggio inaugur\u00f3 en 1910 para el Centenario de la Revoluci\u00f3n de Mayo, y en su planta baja funcionaron los almacenes de Raggio Hermanos, y en los pisos superiores departamentos de renta. En 2008 comenzaron las obras para devolverle a este edificio su estado original, dirigidas por el estudio de arquitectura Fern\u00e1ndez Prieto y Asociados.<\/p>\n<p>Para resolver la restauraci\u00f3n de las importantes superficies exteriores sobre las dos calles, as\u00ed como los patios internos y las terrazas, se convoc\u00f3 a la empresa Tarquini por su amplia experiencia en la restauraci\u00f3n del patrimonio edilicio. El laboratorio de la firma Tarquini, en base a una muestra del revestimiento original, desarroll\u00f3 un color tal que concordara con el entorno y que al mismo tiempo destacara al edificio, siendo uno de los m\u00e1s emblem\u00e1ticos del Casco Hist\u00f3rico porte\u00f1o. Para ello, se eligi\u00f3 el producto Microrrevestimiento Mural Continuo Neo Par\u00eds Color de la firma.<\/p>\n<p>La elecci\u00f3n del mismo se bas\u00f3 en sus caracter\u00edsticas ideales para restaurar fachadas ejecutadas con revestimientos de piedras naturales, s\u00edmil piedra Par\u00eds, bloques cementicios de s\u00edmil piedra o peinados cementicios para frentes. Esta performance tiene como distinci\u00f3n que permite conservar la definici\u00f3n del dise\u00f1o ornamental, brindar a la superficie el aspecto de piedra natural, poseer alta estabilidad, ser resistente a la intemperie y a los rayos UV e impermeabilizar sin impedir la normal respiraci\u00f3n de los muros.<\/p>\n<p>La empresa Tarquini, comprometida con el patrimonio arquitect\u00f3nico de nuestro pa\u00eds y pionera en el desarrollo de productos para la restauraci\u00f3n edilicia, tambi\u00e9n colabor\u00f3 en el rescate de otra obra emblem\u00e1tica, el antiguo Hotel Majestic. Se trata de un edificio p\u00fablico que es orgullo de la ciudad y uno de los m\u00e1s caracter\u00edsticos en el valioso conjunto edilicio de la Av. De Mayo.<\/p>\n<p>Las obras de restauraci\u00f3n -a cargo del estudio del Arquitecto Rub\u00e9n Otero, siendo comitente la AFIP- abarcaron toda la envolvente exterior, de un total de 4.800 m2 de superficie. Se hicieron cateos y tomas de muestras del revestimiento original, en base a los cuales el laboratorio de la firma Tarquini reprodujo un S\u00edmil Piedra de igual granulometr\u00eda, composici\u00f3n y color, devolviendo a las superficies sus caracter\u00edsticas originales.<\/p>\n<p>Fotos: gentileza de Tarquini<\/p>\n\n<div style=\"font-size: 0px; height: 0px; line-height: 0px; margin: 0; padding: 0; clear: both;\"><\/div><div style=\"margin-top: 0px; margin-bottom: 0px;\" class=\"sharethis-inline-share-buttons\" ><\/div>","protected":false},"excerpt":{"rendered":"<p>Edificio emblem\u00e1tico de estilo academista franc\u00e9s ubicado en el Casco Hist\u00f3rico&#8230;<\/p>\n","protected":false},"author":1,"featured_media":18034,"comment_status":"closed","ping_status":"closed","sticky":false,"template":"","format":"standard","meta":{"_uag_custom_page_level_css":"","footnotes":""},"categories":[70,68],"tags":[418,3650,1228,912,420],"class_list":["post-18033","post","type-post","status-publish","format-standard","has-post-thumbnail","hentry","category-noticias-arquitectura","category-novedades","tag-molinos-tarquini","tag-palacio-raggio","tag-patrimonio-arquitectonico","tag-restauracion","tag-tarquini","generate-columns","tablet-grid-50","mobile-grid-100","grid-parent","grid-50"],"yoast_head":"<!-- This site is optimized with the Yoast SEO plugin v27.3 - https:\/\/yoast.com\/product\/yoast-seo-wordpress\/ -->\n<title>Tarquini presente en la restauraci\u00f3n del Palacio Raggio - Arquimaster<\/title>\n<meta name=\"robots\" content=\"index, follow, max-snippet:-1, max-image-preview:large, max-video-preview:-1\" \/>\n<link rel=\"canonical\" href=\"https:\/\/www.arquimaster.com.ar\/web\/tarquini-presente-en-la-restauracion-del-palacio-raggio\/\" \/>\n<meta property=\"og:locale\" content=\"es_ES\" \/>\n<meta property=\"og:type\" content=\"article\" \/>\n<meta property=\"og:title\" content=\"Tarquini presente en la restauraci\u00f3n del Palacio Raggio - Arquimaster\" \/>\n<meta property=\"og:description\" content=\"Edificio emblem\u00e1tico de estilo academista franc\u00e9s ubicado en el Casco Hist\u00f3rico...\" \/>\n<meta property=\"og:url\" content=\"https:\/\/www.arquimaster.com.ar\/web\/tarquini-presente-en-la-restauracion-del-palacio-raggio\/\" \/>\n<meta property=\"og:site_name\" content=\"Arquimaster\" \/>\n<meta property=\"article:publisher\" content=\"http:\/\/www.facebook.com\/ARQUIMASTER.com.ar\" \/>\n<meta property=\"article:published_time\" content=\"2015-09-25T09:55:40+00:00\" \/>\n<meta property=\"article:modified_time\" content=\"2025-10-26T00:48:58+00:00\" \/>\n<meta property=\"og:image\" content=\"https:\/\/www.arquimaster.com.ar\/web\/wp-content\/uploads\/2015\/10\/palacio_raggio_tarquini_slide.jpg\" \/>\n\t<meta property=\"og:image:width\" content=\"642\" \/>\n\t<meta property=\"og:image:height\" content=\"336\" \/>\n\t<meta property=\"og:image:type\" content=\"image\/jpeg\" \/>\n<meta name=\"author\" content=\"Arquimaster\" \/>\n<meta name=\"twitter:card\" content=\"summary_large_image\" \/>\n<meta name=\"twitter:creator\" content=\"@arquimaster\" \/>\n<meta name=\"twitter:site\" content=\"@arquimaster\" \/>\n<meta name=\"twitter:label1\" content=\"Escrito por\" \/>\n\t<meta name=\"twitter:data1\" content=\"Arquimaster\" \/>\n\t<meta name=\"twitter:label2\" content=\"Tiempo de lectura\" \/>\n\t<meta name=\"twitter:data2\" content=\"3 minutos\" \/>\n<script type=\"application\/ld+json\" class=\"yoast-schema-graph\">{\"@context\":\"https:\\\/\\\/schema.org\",\"@graph\":[{\"@type\":\"Article\",\"@id\":\"https:\\\/\\\/www.arquimaster.com.ar\\\/web\\\/tarquini-presente-en-la-restauracion-del-palacio-raggio\\\/#article\",\"isPartOf\":{\"@id\":\"https:\\\/\\\/www.arquimaster.com.ar\\\/web\\\/tarquini-presente-en-la-restauracion-del-palacio-raggio\\\/\"},\"author\":{\"name\":\"Arquimaster\",\"@id\":\"https:\\\/\\\/www.arquimaster.com.ar\\\/web\\\/#\\\/schema\\\/person\\\/359e9f7c00193fcde068e0dd2ceb0028\"},\"headline\":\"Tarquini presente en la restauraci\u00f3n del Palacio Raggio\",\"datePublished\":\"2015-09-25T09:55:40+00:00\",\"dateModified\":\"2025-10-26T00:48:58+00:00\",\"mainEntityOfPage\":{\"@id\":\"https:\\\/\\\/www.arquimaster.com.ar\\\/web\\\/tarquini-presente-en-la-restauracion-del-palacio-raggio\\\/\"},\"wordCount\":617,\"publisher\":{\"@id\":\"https:\\\/\\\/www.arquimaster.com.ar\\\/web\\\/#organization\"},\"image\":{\"@id\":\"https:\\\/\\\/www.arquimaster.com.ar\\\/web\\\/tarquini-presente-en-la-restauracion-del-palacio-raggio\\\/#primaryimage\"},\"thumbnailUrl\":\"https:\\\/\\\/www.arquimaster.com.ar\\\/web\\\/wp-content\\\/uploads\\\/2015\\\/10\\\/palacio_raggio_tarquini_slide.jpg\",\"keywords\":[\"Molinos Tarquini\",\"Palacio Raggio\",\"patrimonio arquitectonico\",\"restauraci\u00f3n\",\"Tarquini\"],\"articleSection\":[\"Noticias de arquitectura y dise\u00f1o\",\"Novedades\"],\"inLanguage\":\"es\"},{\"@type\":\"WebPage\",\"@id\":\"https:\\\/\\\/www.arquimaster.com.ar\\\/web\\\/tarquini-presente-en-la-restauracion-del-palacio-raggio\\\/\",\"url\":\"https:\\\/\\\/www.arquimaster.com.ar\\\/web\\\/tarquini-presente-en-la-restauracion-del-palacio-raggio\\\/\",\"name\":\"Tarquini presente en la restauraci\u00f3n del Palacio Raggio - Arquimaster\",\"isPartOf\":{\"@id\":\"https:\\\/\\\/www.arquimaster.com.ar\\\/web\\\/#website\"},\"primaryImageOfPage\":{\"@id\":\"https:\\\/\\\/www.arquimaster.com.ar\\\/web\\\/tarquini-presente-en-la-restauracion-del-palacio-raggio\\\/#primaryimage\"},\"image\":{\"@id\":\"https:\\\/\\\/www.arquimaster.com.ar\\\/web\\\/tarquini-presente-en-la-restauracion-del-palacio-raggio\\\/#primaryimage\"},\"thumbnailUrl\":\"https:\\\/\\\/www.arquimaster.com.ar\\\/web\\\/wp-content\\\/uploads\\\/2015\\\/10\\\/palacio_raggio_tarquini_slide.jpg\",\"datePublished\":\"2015-09-25T09:55:40+00:00\",\"dateModified\":\"2025-10-26T00:48:58+00:00\",\"breadcrumb\":{\"@id\":\"https:\\\/\\\/www.arquimaster.com.ar\\\/web\\\/tarquini-presente-en-la-restauracion-del-palacio-raggio\\\/#breadcrumb\"},\"inLanguage\":\"es\",\"potentialAction\":[{\"@type\":\"ReadAction\",\"target\":[\"https:\\\/\\\/www.arquimaster.com.ar\\\/web\\\/tarquini-presente-en-la-restauracion-del-palacio-raggio\\\/\"]}]},{\"@type\":\"ImageObject\",\"inLanguage\":\"es\",\"@id\":\"https:\\\/\\\/www.arquimaster.com.ar\\\/web\\\/tarquini-presente-en-la-restauracion-del-palacio-raggio\\\/#primaryimage\",\"url\":\"https:\\\/\\\/www.arquimaster.com.ar\\\/web\\\/wp-content\\\/uploads\\\/2015\\\/10\\\/palacio_raggio_tarquini_slide.jpg\",\"contentUrl\":\"https:\\\/\\\/www.arquimaster.com.ar\\\/web\\\/wp-content\\\/uploads\\\/2015\\\/10\\\/palacio_raggio_tarquini_slide.jpg\",\"width\":642,\"height\":336},{\"@type\":\"BreadcrumbList\",\"@id\":\"https:\\\/\\\/www.arquimaster.com.ar\\\/web\\\/tarquini-presente-en-la-restauracion-del-palacio-raggio\\\/#breadcrumb\",\"itemListElement\":[{\"@type\":\"ListItem\",\"position\":1,\"name\":\"Portada\",\"item\":\"https:\\\/\\\/www.arquimaster.com.ar\\\/web\\\/\"},{\"@type\":\"ListItem\",\"position\":2,\"name\":\"Tarquini presente en la restauraci\u00f3n del Palacio Raggio\"}]},{\"@type\":\"WebSite\",\"@id\":\"https:\\\/\\\/www.arquimaster.com.ar\\\/web\\\/#website\",\"url\":\"https:\\\/\\\/www.arquimaster.com.ar\\\/web\\\/\",\"name\":\"Arquimaster\",\"description\":\"Web de arquitectura, dise\u00f1o y construccion\",\"publisher\":{\"@id\":\"https:\\\/\\\/www.arquimaster.com.ar\\\/web\\\/#organization\"},\"potentialAction\":[{\"@type\":\"SearchAction\",\"target\":{\"@type\":\"EntryPoint\",\"urlTemplate\":\"https:\\\/\\\/www.arquimaster.com.ar\\\/web\\\/?s={search_term_string}\"},\"query-input\":{\"@type\":\"PropertyValueSpecification\",\"valueRequired\":true,\"valueName\":\"search_term_string\"}}],\"inLanguage\":\"es\"},{\"@type\":\"Organization\",\"@id\":\"https:\\\/\\\/www.arquimaster.com.ar\\\/web\\\/#organization\",\"name\":\"Arquimaster\",\"url\":\"https:\\\/\\\/www.arquimaster.com.ar\\\/web\\\/\",\"logo\":{\"@type\":\"ImageObject\",\"inLanguage\":\"es\",\"@id\":\"https:\\\/\\\/www.arquimaster.com.ar\\\/web\\\/#\\\/schema\\\/logo\\\/image\\\/\",\"url\":\"https:\\\/\\\/www.arquimaster.com.ar\\\/web\\\/wp-content\\\/uploads\\\/2022\\\/06\\\/arquimaster.png\",\"contentUrl\":\"https:\\\/\\\/www.arquimaster.com.ar\\\/web\\\/wp-content\\\/uploads\\\/2022\\\/06\\\/arquimaster.png\",\"width\":594,\"height\":78,\"caption\":\"Arquimaster\"},\"image\":{\"@id\":\"https:\\\/\\\/www.arquimaster.com.ar\\\/web\\\/#\\\/schema\\\/logo\\\/image\\\/\"},\"sameAs\":[\"http:\\\/\\\/www.facebook.com\\\/ARQUIMASTER.com.ar\",\"https:\\\/\\\/x.com\\\/arquimaster\",\"https:\\\/\\\/www.instagram.com\\\/arquimasterblog\\\/\",\"https:\\\/\\\/www.linkedin.com\\\/company\\\/arquimaster\",\"https:\\\/\\\/www.pinterest.com\\\/arquimaster\",\"https:\\\/\\\/t.me\\\/arquimaster\"]},{\"@type\":\"Person\",\"@id\":\"https:\\\/\\\/www.arquimaster.com.ar\\\/web\\\/#\\\/schema\\\/person\\\/359e9f7c00193fcde068e0dd2ceb0028\",\"name\":\"Arquimaster\"}]}<\/script>\n<!-- \/ Yoast SEO plugin. -->","yoast_head_json":{"title":"Tarquini presente en la restauraci\u00f3n del Palacio Raggio - Arquimaster","robots":{"index":"index","follow":"follow","max-snippet":"max-snippet:-1","max-image-preview":"max-image-preview:large","max-video-preview":"max-video-preview:-1"},"canonical":"https:\/\/www.arquimaster.com.ar\/web\/tarquini-presente-en-la-restauracion-del-palacio-raggio\/","og_locale":"es_ES","og_type":"article","og_title":"Tarquini presente en la restauraci\u00f3n del Palacio Raggio - Arquimaster","og_description":"Edificio emblem\u00e1tico de estilo academista franc\u00e9s ubicado en el Casco Hist\u00f3rico...","og_url":"https:\/\/www.arquimaster.com.ar\/web\/tarquini-presente-en-la-restauracion-del-palacio-raggio\/","og_site_name":"Arquimaster","article_publisher":"http:\/\/www.facebook.com\/ARQUIMASTER.com.ar","article_published_time":"2015-09-25T09:55:40+00:00","article_modified_time":"2025-10-26T00:48:58+00:00","og_image":[{"width":642,"height":336,"url":"https:\/\/www.arquimaster.com.ar\/web\/wp-content\/uploads\/2015\/10\/palacio_raggio_tarquini_slide.jpg","type":"image\/jpeg"}],"author":"Arquimaster","twitter_card":"summary_large_image","twitter_creator":"@arquimaster","twitter_site":"@arquimaster","twitter_misc":{"Escrito por":"Arquimaster","Tiempo de lectura":"3 minutos"},"schema":{"@context":"https:\/\/schema.org","@graph":[{"@type":"Article","@id":"https:\/\/www.arquimaster.com.ar\/web\/tarquini-presente-en-la-restauracion-del-palacio-raggio\/#article","isPartOf":{"@id":"https:\/\/www.arquimaster.com.ar\/web\/tarquini-presente-en-la-restauracion-del-palacio-raggio\/"},"author":{"name":"Arquimaster","@id":"https:\/\/www.arquimaster.com.ar\/web\/#\/schema\/person\/359e9f7c00193fcde068e0dd2ceb0028"},"headline":"Tarquini presente en la restauraci\u00f3n del Palacio Raggio","datePublished":"2015-09-25T09:55:40+00:00","dateModified":"2025-10-26T00:48:58+00:00","mainEntityOfPage":{"@id":"https:\/\/www.arquimaster.com.ar\/web\/tarquini-presente-en-la-restauracion-del-palacio-raggio\/"},"wordCount":617,"publisher":{"@id":"https:\/\/www.arquimaster.com.ar\/web\/#organization"},"image":{"@id":"https:\/\/www.arquimaster.com.ar\/web\/tarquini-presente-en-la-restauracion-del-palacio-raggio\/#primaryimage"},"thumbnailUrl":"https:\/\/www.arquimaster.com.ar\/web\/wp-content\/uploads\/2015\/10\/palacio_raggio_tarquini_slide.jpg","keywords":["Molinos Tarquini","Palacio Raggio","patrimonio arquitectonico","restauraci\u00f3n","Tarquini"],"articleSection":["Noticias de arquitectura y dise\u00f1o","Novedades"],"inLanguage":"es"},{"@type":"WebPage","@id":"https:\/\/www.arquimaster.com.ar\/web\/tarquini-presente-en-la-restauracion-del-palacio-raggio\/","url":"https:\/\/www.arquimaster.com.ar\/web\/tarquini-presente-en-la-restauracion-del-palacio-raggio\/","name":"Tarquini presente en la restauraci\u00f3n del Palacio Raggio - Arquimaster","isPartOf":{"@id":"https:\/\/www.arquimaster.com.ar\/web\/#website"},"primaryImageOfPage":{"@id":"https:\/\/www.arquimaster.com.ar\/web\/tarquini-presente-en-la-restauracion-del-palacio-raggio\/#primaryimage"},"image":{"@id":"https:\/\/www.arquimaster.com.ar\/web\/tarquini-presente-en-la-restauracion-del-palacio-raggio\/#primaryimage"},"thumbnailUrl":"https:\/\/www.arquimaster.com.ar\/web\/wp-content\/uploads\/2015\/10\/palacio_raggio_tarquini_slide.jpg","datePublished":"2015-09-25T09:55:40+00:00","dateModified":"2025-10-26T00:48:58+00:00","breadcrumb":{"@id":"https:\/\/www.arquimaster.com.ar\/web\/tarquini-presente-en-la-restauracion-del-palacio-raggio\/#breadcrumb"},"inLanguage":"es","potentialAction":[{"@type":"ReadAction","target":["https:\/\/www.arquimaster.com.ar\/web\/tarquini-presente-en-la-restauracion-del-palacio-raggio\/"]}]},{"@type":"ImageObject","inLanguage":"es","@id":"https:\/\/www.arquimaster.com.ar\/web\/tarquini-presente-en-la-restauracion-del-palacio-raggio\/#primaryimage","url":"https:\/\/www.arquimaster.com.ar\/web\/wp-content\/uploads\/2015\/10\/palacio_raggio_tarquini_slide.jpg","contentUrl":"https:\/\/www.arquimaster.com.ar\/web\/wp-content\/uploads\/2015\/10\/palacio_raggio_tarquini_slide.jpg","width":642,"height":336},{"@type":"BreadcrumbList","@id":"https:\/\/www.arquimaster.com.ar\/web\/tarquini-presente-en-la-restauracion-del-palacio-raggio\/#breadcrumb","itemListElement":[{"@type":"ListItem","position":1,"name":"Portada","item":"https:\/\/www.arquimaster.com.ar\/web\/"},{"@type":"ListItem","position":2,"name":"Tarquini presente en la restauraci\u00f3n del Palacio Raggio"}]},{"@type":"WebSite","@id":"https:\/\/www.arquimaster.com.ar\/web\/#website","url":"https:\/\/www.arquimaster.com.ar\/web\/","name":"Arquimaster","description":"Web de arquitectura, dise\u00f1o y construccion","publisher":{"@id":"https:\/\/www.arquimaster.com.ar\/web\/#organization"},"potentialAction":[{"@type":"SearchAction","target":{"@type":"EntryPoint","urlTemplate":"https:\/\/www.arquimaster.com.ar\/web\/?s={search_term_string}"},"query-input":{"@type":"PropertyValueSpecification","valueRequired":true,"valueName":"search_term_string"}}],"inLanguage":"es"},{"@type":"Organization","@id":"https:\/\/www.arquimaster.com.ar\/web\/#organization","name":"Arquimaster","url":"https:\/\/www.arquimaster.com.ar\/web\/","logo":{"@type":"ImageObject","inLanguage":"es","@id":"https:\/\/www.arquimaster.com.ar\/web\/#\/schema\/logo\/image\/","url":"https:\/\/www.arquimaster.com.ar\/web\/wp-content\/uploads\/2022\/06\/arquimaster.png","contentUrl":"https:\/\/www.arquimaster.com.ar\/web\/wp-content\/uploads\/2022\/06\/arquimaster.png","width":594,"height":78,"caption":"Arquimaster"},"image":{"@id":"https:\/\/www.arquimaster.com.ar\/web\/#\/schema\/logo\/image\/"},"sameAs":["http:\/\/www.facebook.com\/ARQUIMASTER.com.ar","https:\/\/x.com\/arquimaster","https:\/\/www.instagram.com\/arquimasterblog\/","https:\/\/www.linkedin.com\/company\/arquimaster","https:\/\/www.pinterest.com\/arquimaster","https:\/\/t.me\/arquimaster"]},{"@type":"Person","@id":"https:\/\/www.arquimaster.com.ar\/web\/#\/schema\/person\/359e9f7c00193fcde068e0dd2ceb0028","name":"Arquimaster"}]}},"uagb_featured_image_src":{"full":["https:\/\/www.arquimaster.com.ar\/web\/wp-content\/uploads\/2015\/10\/palacio_raggio_tarquini_slide.jpg",642,336,false],"thumbnail":["https:\/\/www.arquimaster.com.ar\/web\/wp-content\/uploads\/2015\/10\/palacio_raggio_tarquini_slide-150x150.jpg",150,150,true],"medium":["https:\/\/www.arquimaster.com.ar\/web\/wp-content\/uploads\/2015\/10\/palacio_raggio_tarquini_slide.jpg",642,336,false],"medium_large":["https:\/\/www.arquimaster.com.ar\/web\/wp-content\/uploads\/2015\/10\/palacio_raggio_tarquini_slide.jpg",642,336,false],"large":["https:\/\/www.arquimaster.com.ar\/web\/wp-content\/uploads\/2015\/10\/palacio_raggio_tarquini_slide.jpg",642,336,false],"1536x1536":["https:\/\/www.arquimaster.com.ar\/web\/wp-content\/uploads\/2015\/10\/palacio_raggio_tarquini_slide.jpg",642,336,false],"2048x2048":["https:\/\/www.arquimaster.com.ar\/web\/wp-content\/uploads\/2015\/10\/palacio_raggio_tarquini_slide.jpg",642,336,false]},"uagb_author_info":{"display_name":"Arquimaster","author_link":"https:\/\/www.arquimaster.com.ar\/web\/author\/arquimaster\/"},"uagb_comment_info":0,"uagb_excerpt":"Edificio emblem\u00e1tico de estilo academista franc\u00e9s ubicado en el Casco Hist\u00f3rico...","_links":{"self":[{"href":"https:\/\/www.arquimaster.com.ar\/web\/wp-json\/wp\/v2\/posts\/18033","targetHints":{"allow":["GET"]}}],"collection":[{"href":"https:\/\/www.arquimaster.com.ar\/web\/wp-json\/wp\/v2\/posts"}],"about":[{"href":"https:\/\/www.arquimaster.com.ar\/web\/wp-json\/wp\/v2\/types\/post"}],"author":[{"embeddable":true,"href":"https:\/\/www.arquimaster.com.ar\/web\/wp-json\/wp\/v2\/users\/1"}],"replies":[{"embeddable":true,"href":"https:\/\/www.arquimaster.com.ar\/web\/wp-json\/wp\/v2\/comments?post=18033"}],"version-history":[{"count":2,"href":"https:\/\/www.arquimaster.com.ar\/web\/wp-json\/wp\/v2\/posts\/18033\/revisions"}],"predecessor-version":[{"id":86437,"href":"https:\/\/www.arquimaster.com.ar\/web\/wp-json\/wp\/v2\/posts\/18033\/revisions\/86437"}],"wp:featuredmedia":[{"embeddable":true,"href":"https:\/\/www.arquimaster.com.ar\/web\/wp-json\/wp\/v2\/media\/18034"}],"wp:attachment":[{"href":"https:\/\/www.arquimaster.com.ar\/web\/wp-json\/wp\/v2\/media?parent=18033"}],"wp:term":[{"taxonomy":"category","embeddable":true,"href":"https:\/\/www.arquimaster.com.ar\/web\/wp-json\/wp\/v2\/categories?post=18033"},{"taxonomy":"post_tag","embeddable":true,"href":"https:\/\/www.arquimaster.com.ar\/web\/wp-json\/wp\/v2\/tags?post=18033"}],"curies":[{"name":"wp","href":"https:\/\/api.w.org\/{rel}","templated":true}]}}