{"id":18041,"date":"2015-10-18T17:23:13","date_gmt":"2015-10-18T17:23:13","guid":{"rendered":"http:\/\/www.arquimaster.com.ar\/web\/?p=18041"},"modified":"2025-10-25T21:37:00","modified_gmt":"2025-10-26T00:37:00","slug":"tips-para-disenar-vestidores-y-espacios-de-guardado-por-de-otro-tiempo","status":"publish","type":"post","link":"https:\/\/www.arquimaster.com.ar\/web\/tips-para-disenar-vestidores-y-espacios-de-guardado-por-de-otro-tiempo\/","title":{"rendered":"Tips para dise\u00f1ar vestidores y espacios de guardado por De Otro Tiempo"},"content":{"rendered":"<div style=\"margin-top: 0px; margin-bottom: 0px;\" class=\"sharethis-inline-share-buttons\" ><\/div><div class=\"b812932af2e751442846f039925109de\" data-index=\"1\" style=\"float: none; margin:25px 0 25px 0; text-align:center;\">\n<script async src=\"https:\/\/pagead2.googlesyndication.com\/pagead\/js\/adsbygoogle.js\"><\/script>\r\n<!-- Arquimaster (superior) -->\r\n<ins class=\"adsbygoogle\"\r\n     style=\"display:block\"\r\n     data-ad-client=\"ca-pub-6351072698456832\"\r\n     data-ad-slot=\"6455489680\"\r\n     data-ad-format=\"auto\"\r\n     data-full-width-responsive=\"true\"><\/ins>\r\n<script>\r\n     (adsbygoogle = window.adsbygoogle || []).push({});\r\n<\/script>\n<\/div>\n<p>Para que un vestidor sea pr\u00e1ctico y funcional es fundamental distribuir correctamente el espacio de guardado. Debemos dividir el amoblamiento por \u00e1reas y dedicar un m\u00f3dulo especial a cada tipo de prenda y as\u00ed responder a cada necesidad.<\/p>\n<div id='gallery-1' class='gallery galleryid-18041 gallery-columns-3 gallery-size-thumbnail'><figure class='gallery-item'>\n\t\t\t<div class='gallery-icon portrait'>\n\t\t\t\t<a href='https:\/\/www.arquimaster.com.ar\/web\/wp-content\/uploads\/2015\/10\/vestidores_tips_dot1.jpg' title=\"Tips para dise\u00f1ar vestidores y espacios de guardado por De Otro Tiempo\" data-rl_title=\"Tips para dise\u00f1ar vestidores y espacios de guardado por De Otro Tiempo\" class=\"rl-gallery-link\" data-rl_caption=\"Tips para dise\u00f1ar vestidores y espacios de guardado por De Otro Tiempo\" data-rel=\"lightbox-gallery-1\"><img loading=\"lazy\" decoding=\"async\" width=\"150\" height=\"150\" src=\"https:\/\/www.arquimaster.com.ar\/web\/wp-content\/uploads\/2015\/10\/vestidores_tips_dot1-150x150.jpg\" class=\"attachment-thumbnail size-thumbnail\" alt=\"\" aria-describedby=\"gallery-1-18043\" srcset=\"https:\/\/www.arquimaster.com.ar\/web\/wp-content\/uploads\/2015\/10\/vestidores_tips_dot1-150x150.jpg 150w, https:\/\/www.arquimaster.com.ar\/web\/wp-content\/uploads\/2015\/10\/vestidores_tips_dot1-50x50.jpg 50w, https:\/\/www.arquimaster.com.ar\/web\/wp-content\/uploads\/2015\/10\/vestidores_tips_dot1-125x125.jpg 125w\" sizes=\"auto, (max-width: 150px) 100vw, 150px\" \/><\/a>\n\t\t\t<\/div>\n\t\t\t\t<figcaption class='wp-caption-text gallery-caption' id='gallery-1-18043'>\n\t\t\t\tTips para dise\u00f1ar vestidores y espacios de guardado por De Otro Tiempo\n\t\t\t\t<\/figcaption><\/figure><figure class='gallery-item'>\n\t\t\t<div class='gallery-icon portrait'>\n\t\t\t\t<a href='https:\/\/www.arquimaster.com.ar\/web\/wp-content\/uploads\/2015\/10\/vestidores_tips_dot2.jpg' title=\"Tips para dise\u00f1ar vestidores y espacios de guardado por De Otro Tiempo\" data-rl_title=\"Tips para dise\u00f1ar vestidores y espacios de guardado por De Otro Tiempo\" class=\"rl-gallery-link\" data-rl_caption=\"Tips para dise\u00f1ar vestidores y espacios de guardado por De Otro Tiempo\" data-rel=\"lightbox-gallery-1\"><img loading=\"lazy\" decoding=\"async\" width=\"150\" height=\"150\" src=\"https:\/\/www.arquimaster.com.ar\/web\/wp-content\/uploads\/2015\/10\/vestidores_tips_dot2-150x150.jpg\" class=\"attachment-thumbnail size-thumbnail\" alt=\"\" aria-describedby=\"gallery-1-18044\" srcset=\"https:\/\/www.arquimaster.com.ar\/web\/wp-content\/uploads\/2015\/10\/vestidores_tips_dot2-150x150.jpg 150w, https:\/\/www.arquimaster.com.ar\/web\/wp-content\/uploads\/2015\/10\/vestidores_tips_dot2-50x50.jpg 50w, https:\/\/www.arquimaster.com.ar\/web\/wp-content\/uploads\/2015\/10\/vestidores_tips_dot2-125x125.jpg 125w\" sizes=\"auto, (max-width: 150px) 100vw, 150px\" \/><\/a>\n\t\t\t<\/div>\n\t\t\t\t<figcaption class='wp-caption-text gallery-caption' id='gallery-1-18044'>\n\t\t\t\tTips para dise\u00f1ar vestidores y espacios de guardado por De Otro Tiempo\n\t\t\t\t<\/figcaption><\/figure>\n\t\t<\/div>\n\n<p>Toma nota de los siguientes consejos:<\/p>\n<p><strong>Bandejas deslizables<\/strong><br \/>\nDestinadas a guardar la ropa doblada sin tener la necesidad de retirar toda la pila y provocar que la misma se desordene. Otorgan, a su vez, una mejor visi\u00f3n de lo guardado.<\/p>\n<p><strong>Espacio para colgar<\/strong><br \/>\nResulta muy pr\u00e1ctico dividirlo en dos para multiplicar su capacidad, guardando all\u00ed todo lo que requiera menor altura: camisas, pantalones, sacos y abrigos cortos. Y solo dedicar un peque\u00f1o espacio sin dividir para prendas m\u00e1s largas: pilotos, tapados, vestidos de fiesta, etc.<\/p>\n<p><strong>Cajones<\/strong><br \/>\nEs fundamental colocar divisiones en los cajones para tener las prendas ordenadas, sin que se mezclen a la hora de utilizarlas. Tambi\u00e9n se necesitan cajones con poca profundidad para organizar los elementos m\u00e1s chicos, como cinturones, corbatas y accesorios en general.<\/p>\n<p><strong>Espacio espec\u00edfico para guardado de zapatos y zapatillas<\/strong><br \/>\nLos cajones botineros son una buena opci\u00f3n para guardar el calzado, ya que contienen una costilla en su interior y as\u00ed permite un mejor aprovechamiento en profundidad. Adem\u00e1s pueden tener una bandeja deslizable intermedia para aumentar el volumen de guardado. Otra opci\u00f3n pr\u00e1ctica para el guardado de zapatos son los estantes inclinados, gracias a su orientaci\u00f3n vertical, evitan la acumulaci\u00f3n de cajas y facilitan la visi\u00f3n y b\u00fasqueda.<\/p>\n<p><strong>Estantes<\/strong><br \/>\nEl \u00e1rea de estantes debe contar con un sector de estantes abiertos para el doblado de prendas m\u00e1s gruesas generando un dise\u00f1o lineal y simple y un sector con estantes ordenadores de menor altura (15 y 30 cm.) para evitar las torres de remeras -que muchas veces terminan mezclando y desarm\u00e1ndose- \u00a0y as\u00ed lograr una mejor utilizaci\u00f3n del espacio.<\/p>\n<p><strong>Espejos<\/strong><br \/>\nSe puede recurrir a placares con frentes espejados que adem\u00e1s, mantienen la privacidad de los sectores de guardado gracias a las puertas corredizas y brindan amplitud y luminosidad al espacio. Otra opci\u00f3n muy pr\u00e1ctica es incorporar el espejo como accesorio dentro del amoblamiento y sacarlo y moverlo cuando se necesite.<\/p>\n<p>Cuando se dispone de un lugar amplio destinado al espacio de guardado se puede incorporar un <strong>mueble bajo<\/strong>, m\u00f3vil, que adem\u00e1s de funcionar como espacio de guardado, resulta muy pr\u00e1ctico como superficie de apoyo.<\/p>\n<p>Frente a la tarea de dise\u00f1ar un vestidor es preciso tener en cuenta las caracter\u00edsticas del espacio y las preferencias de cada usuario. El equilibrio entre funcionalidad y dise\u00f1o es la premisa fundamental.<\/p>\n<p>De Otro Tiempo tiene cuatro l\u00edneas de vestidores con dise\u00f1os exclusivos con frentes abiertos y cerrados. Las puertas corredizas o de abrir pueden realizarse en lacas, melaminas y enchapados en madera, independientemente del material que se utilice en el interior.<\/p>\n<p>De Otro Tiempo ofrece dise\u00f1os de vanguardia e interiores completos para tener cada cosa en su lugar.<\/p>\n<p><strong>Acerca De Otro Tiempo<\/strong><br \/>\nEmpresa dedicada al dise\u00f1o y fabricaci\u00f3n de amoblamientos para cada espacio del hogar. Presentes en el mercado desde hace 35 a\u00f1os, brindando a los clientes ideas creativas e innovadoras acompa\u00f1adas de un s\u00f3lido asesoramiento profesional.<\/p>\n\n<div style=\"font-size: 0px; height: 0px; line-height: 0px; margin: 0; padding: 0; clear: both;\"><\/div><div style=\"margin-top: 0px; margin-bottom: 0px;\" class=\"sharethis-inline-share-buttons\" ><\/div>","protected":false},"excerpt":{"rendered":"<p>El equilibrio entre funcionalidad y dise\u00f1o es la premisa fundamental&#8230;<\/p>\n","protected":false},"author":1,"featured_media":18042,"comment_status":"closed","ping_status":"closed","sticky":false,"template":"","format":"standard","meta":{"_uag_custom_page_level_css":"","footnotes":""},"categories":[55,56],"tags":[113,3651,115],"class_list":["post-18041","post","type-post","status-publish","format-standard","has-post-thumbnail","hentry","category-diseno","category-diseno-interior-decoracion","tag-de-otro-tiempo","tag-espacios-de-guardado","tag-vestidores","generate-columns","tablet-grid-50","mobile-grid-100","grid-parent","grid-50"],"yoast_head":"<!-- This site is optimized with the Yoast SEO plugin v27.3 - https:\/\/yoast.com\/product\/yoast-seo-wordpress\/ -->\n<title>Tips para dise\u00f1ar vestidores y espacios de guardado por De Otro Tiempo - Arquimaster<\/title>\n<meta name=\"robots\" content=\"index, follow, max-snippet:-1, max-image-preview:large, max-video-preview:-1\" \/>\n<link rel=\"canonical\" href=\"https:\/\/www.arquimaster.com.ar\/web\/tips-para-disenar-vestidores-y-espacios-de-guardado-por-de-otro-tiempo\/\" \/>\n<meta property=\"og:locale\" content=\"es_ES\" \/>\n<meta property=\"og:type\" content=\"article\" \/>\n<meta property=\"og:title\" content=\"Tips para dise\u00f1ar vestidores y espacios de guardado por De Otro Tiempo - Arquimaster\" \/>\n<meta property=\"og:description\" content=\"El equilibrio entre funcionalidad y dise\u00f1o es la premisa fundamental...\" \/>\n<meta property=\"og:url\" content=\"https:\/\/www.arquimaster.com.ar\/web\/tips-para-disenar-vestidores-y-espacios-de-guardado-por-de-otro-tiempo\/\" \/>\n<meta property=\"og:site_name\" content=\"Arquimaster\" \/>\n<meta property=\"article:publisher\" content=\"http:\/\/www.facebook.com\/ARQUIMASTER.com.ar\" \/>\n<meta property=\"article:published_time\" content=\"2015-10-18T17:23:13+00:00\" \/>\n<meta property=\"article:modified_time\" content=\"2025-10-26T00:37:00+00:00\" \/>\n<meta property=\"og:image\" content=\"https:\/\/www.arquimaster.com.ar\/web\/wp-content\/uploads\/2015\/10\/vestidores_tips_dot_slide.jpg\" \/>\n\t<meta property=\"og:image:width\" content=\"642\" \/>\n\t<meta property=\"og:image:height\" content=\"336\" \/>\n\t<meta property=\"og:image:type\" content=\"image\/jpeg\" \/>\n<meta name=\"author\" content=\"Arquimaster\" \/>\n<meta name=\"twitter:card\" content=\"summary_large_image\" \/>\n<meta name=\"twitter:creator\" content=\"@arquimaster\" \/>\n<meta name=\"twitter:site\" content=\"@arquimaster\" \/>\n<meta name=\"twitter:label1\" content=\"Escrito por\" \/>\n\t<meta name=\"twitter:data1\" content=\"Arquimaster\" \/>\n\t<meta name=\"twitter:label2\" content=\"Tiempo de lectura\" \/>\n\t<meta name=\"twitter:data2\" content=\"3 minutos\" \/>\n<script type=\"application\/ld+json\" class=\"yoast-schema-graph\">{\"@context\":\"https:\\\/\\\/schema.org\",\"@graph\":[{\"@type\":\"Article\",\"@id\":\"https:\\\/\\\/www.arquimaster.com.ar\\\/web\\\/tips-para-disenar-vestidores-y-espacios-de-guardado-por-de-otro-tiempo\\\/#article\",\"isPartOf\":{\"@id\":\"https:\\\/\\\/www.arquimaster.com.ar\\\/web\\\/tips-para-disenar-vestidores-y-espacios-de-guardado-por-de-otro-tiempo\\\/\"},\"author\":{\"name\":\"Arquimaster\",\"@id\":\"https:\\\/\\\/www.arquimaster.com.ar\\\/web\\\/#\\\/schema\\\/person\\\/359e9f7c00193fcde068e0dd2ceb0028\"},\"headline\":\"Tips para dise\u00f1ar vestidores y espacios de guardado por De Otro Tiempo\",\"datePublished\":\"2015-10-18T17:23:13+00:00\",\"dateModified\":\"2025-10-26T00:37:00+00:00\",\"mainEntityOfPage\":{\"@id\":\"https:\\\/\\\/www.arquimaster.com.ar\\\/web\\\/tips-para-disenar-vestidores-y-espacios-de-guardado-por-de-otro-tiempo\\\/\"},\"wordCount\":567,\"publisher\":{\"@id\":\"https:\\\/\\\/www.arquimaster.com.ar\\\/web\\\/#organization\"},\"image\":{\"@id\":\"https:\\\/\\\/www.arquimaster.com.ar\\\/web\\\/tips-para-disenar-vestidores-y-espacios-de-guardado-por-de-otro-tiempo\\\/#primaryimage\"},\"thumbnailUrl\":\"https:\\\/\\\/www.arquimaster.com.ar\\\/web\\\/wp-content\\\/uploads\\\/2015\\\/10\\\/vestidores_tips_dot_slide.jpg\",\"keywords\":[\"De Otro Tiempo\",\"espacios de guardado\",\"vestidores\"],\"articleSection\":[\"Dise\u00f1o\",\"Dise\u00f1o interior y decoracion\"],\"inLanguage\":\"es\"},{\"@type\":\"WebPage\",\"@id\":\"https:\\\/\\\/www.arquimaster.com.ar\\\/web\\\/tips-para-disenar-vestidores-y-espacios-de-guardado-por-de-otro-tiempo\\\/\",\"url\":\"https:\\\/\\\/www.arquimaster.com.ar\\\/web\\\/tips-para-disenar-vestidores-y-espacios-de-guardado-por-de-otro-tiempo\\\/\",\"name\":\"Tips para dise\u00f1ar vestidores y espacios de guardado por De Otro Tiempo - Arquimaster\",\"isPartOf\":{\"@id\":\"https:\\\/\\\/www.arquimaster.com.ar\\\/web\\\/#website\"},\"primaryImageOfPage\":{\"@id\":\"https:\\\/\\\/www.arquimaster.com.ar\\\/web\\\/tips-para-disenar-vestidores-y-espacios-de-guardado-por-de-otro-tiempo\\\/#primaryimage\"},\"image\":{\"@id\":\"https:\\\/\\\/www.arquimaster.com.ar\\\/web\\\/tips-para-disenar-vestidores-y-espacios-de-guardado-por-de-otro-tiempo\\\/#primaryimage\"},\"thumbnailUrl\":\"https:\\\/\\\/www.arquimaster.com.ar\\\/web\\\/wp-content\\\/uploads\\\/2015\\\/10\\\/vestidores_tips_dot_slide.jpg\",\"datePublished\":\"2015-10-18T17:23:13+00:00\",\"dateModified\":\"2025-10-26T00:37:00+00:00\",\"breadcrumb\":{\"@id\":\"https:\\\/\\\/www.arquimaster.com.ar\\\/web\\\/tips-para-disenar-vestidores-y-espacios-de-guardado-por-de-otro-tiempo\\\/#breadcrumb\"},\"inLanguage\":\"es\",\"potentialAction\":[{\"@type\":\"ReadAction\",\"target\":[\"https:\\\/\\\/www.arquimaster.com.ar\\\/web\\\/tips-para-disenar-vestidores-y-espacios-de-guardado-por-de-otro-tiempo\\\/\"]}]},{\"@type\":\"ImageObject\",\"inLanguage\":\"es\",\"@id\":\"https:\\\/\\\/www.arquimaster.com.ar\\\/web\\\/tips-para-disenar-vestidores-y-espacios-de-guardado-por-de-otro-tiempo\\\/#primaryimage\",\"url\":\"https:\\\/\\\/www.arquimaster.com.ar\\\/web\\\/wp-content\\\/uploads\\\/2015\\\/10\\\/vestidores_tips_dot_slide.jpg\",\"contentUrl\":\"https:\\\/\\\/www.arquimaster.com.ar\\\/web\\\/wp-content\\\/uploads\\\/2015\\\/10\\\/vestidores_tips_dot_slide.jpg\",\"width\":642,\"height\":336,\"caption\":\"Tips para dise\u00f1ar vestidores y espacios de guardado por De Otro Tiempo\"},{\"@type\":\"BreadcrumbList\",\"@id\":\"https:\\\/\\\/www.arquimaster.com.ar\\\/web\\\/tips-para-disenar-vestidores-y-espacios-de-guardado-por-de-otro-tiempo\\\/#breadcrumb\",\"itemListElement\":[{\"@type\":\"ListItem\",\"position\":1,\"name\":\"Portada\",\"item\":\"https:\\\/\\\/www.arquimaster.com.ar\\\/web\\\/\"},{\"@type\":\"ListItem\",\"position\":2,\"name\":\"Tips para dise\u00f1ar vestidores y espacios de guardado por De Otro Tiempo\"}]},{\"@type\":\"WebSite\",\"@id\":\"https:\\\/\\\/www.arquimaster.com.ar\\\/web\\\/#website\",\"url\":\"https:\\\/\\\/www.arquimaster.com.ar\\\/web\\\/\",\"name\":\"Arquimaster\",\"description\":\"Web de arquitectura, dise\u00f1o y construccion\",\"publisher\":{\"@id\":\"https:\\\/\\\/www.arquimaster.com.ar\\\/web\\\/#organization\"},\"potentialAction\":[{\"@type\":\"SearchAction\",\"target\":{\"@type\":\"EntryPoint\",\"urlTemplate\":\"https:\\\/\\\/www.arquimaster.com.ar\\\/web\\\/?s={search_term_string}\"},\"query-input\":{\"@type\":\"PropertyValueSpecification\",\"valueRequired\":true,\"valueName\":\"search_term_string\"}}],\"inLanguage\":\"es\"},{\"@type\":\"Organization\",\"@id\":\"https:\\\/\\\/www.arquimaster.com.ar\\\/web\\\/#organization\",\"name\":\"Arquimaster\",\"url\":\"https:\\\/\\\/www.arquimaster.com.ar\\\/web\\\/\",\"logo\":{\"@type\":\"ImageObject\",\"inLanguage\":\"es\",\"@id\":\"https:\\\/\\\/www.arquimaster.com.ar\\\/web\\\/#\\\/schema\\\/logo\\\/image\\\/\",\"url\":\"https:\\\/\\\/www.arquimaster.com.ar\\\/web\\\/wp-content\\\/uploads\\\/2022\\\/06\\\/arquimaster.png\",\"contentUrl\":\"https:\\\/\\\/www.arquimaster.com.ar\\\/web\\\/wp-content\\\/uploads\\\/2022\\\/06\\\/arquimaster.png\",\"width\":594,\"height\":78,\"caption\":\"Arquimaster\"},\"image\":{\"@id\":\"https:\\\/\\\/www.arquimaster.com.ar\\\/web\\\/#\\\/schema\\\/logo\\\/image\\\/\"},\"sameAs\":[\"http:\\\/\\\/www.facebook.com\\\/ARQUIMASTER.com.ar\",\"https:\\\/\\\/x.com\\\/arquimaster\",\"https:\\\/\\\/www.instagram.com\\\/arquimasterblog\\\/\",\"https:\\\/\\\/www.linkedin.com\\\/company\\\/arquimaster\",\"https:\\\/\\\/www.pinterest.com\\\/arquimaster\",\"https:\\\/\\\/t.me\\\/arquimaster\"]},{\"@type\":\"Person\",\"@id\":\"https:\\\/\\\/www.arquimaster.com.ar\\\/web\\\/#\\\/schema\\\/person\\\/359e9f7c00193fcde068e0dd2ceb0028\",\"name\":\"Arquimaster\"}]}<\/script>\n<!-- \/ Yoast SEO plugin. -->","yoast_head_json":{"title":"Tips para dise\u00f1ar vestidores y espacios de guardado por De Otro Tiempo - Arquimaster","robots":{"index":"index","follow":"follow","max-snippet":"max-snippet:-1","max-image-preview":"max-image-preview:large","max-video-preview":"max-video-preview:-1"},"canonical":"https:\/\/www.arquimaster.com.ar\/web\/tips-para-disenar-vestidores-y-espacios-de-guardado-por-de-otro-tiempo\/","og_locale":"es_ES","og_type":"article","og_title":"Tips para dise\u00f1ar vestidores y espacios de guardado por De Otro Tiempo - Arquimaster","og_description":"El equilibrio entre funcionalidad y dise\u00f1o es la premisa fundamental...","og_url":"https:\/\/www.arquimaster.com.ar\/web\/tips-para-disenar-vestidores-y-espacios-de-guardado-por-de-otro-tiempo\/","og_site_name":"Arquimaster","article_publisher":"http:\/\/www.facebook.com\/ARQUIMASTER.com.ar","article_published_time":"2015-10-18T17:23:13+00:00","article_modified_time":"2025-10-26T00:37:00+00:00","og_image":[{"width":642,"height":336,"url":"https:\/\/www.arquimaster.com.ar\/web\/wp-content\/uploads\/2015\/10\/vestidores_tips_dot_slide.jpg","type":"image\/jpeg"}],"author":"Arquimaster","twitter_card":"summary_large_image","twitter_creator":"@arquimaster","twitter_site":"@arquimaster","twitter_misc":{"Escrito por":"Arquimaster","Tiempo de lectura":"3 minutos"},"schema":{"@context":"https:\/\/schema.org","@graph":[{"@type":"Article","@id":"https:\/\/www.arquimaster.com.ar\/web\/tips-para-disenar-vestidores-y-espacios-de-guardado-por-de-otro-tiempo\/#article","isPartOf":{"@id":"https:\/\/www.arquimaster.com.ar\/web\/tips-para-disenar-vestidores-y-espacios-de-guardado-por-de-otro-tiempo\/"},"author":{"name":"Arquimaster","@id":"https:\/\/www.arquimaster.com.ar\/web\/#\/schema\/person\/359e9f7c00193fcde068e0dd2ceb0028"},"headline":"Tips para dise\u00f1ar vestidores y espacios de guardado por De Otro Tiempo","datePublished":"2015-10-18T17:23:13+00:00","dateModified":"2025-10-26T00:37:00+00:00","mainEntityOfPage":{"@id":"https:\/\/www.arquimaster.com.ar\/web\/tips-para-disenar-vestidores-y-espacios-de-guardado-por-de-otro-tiempo\/"},"wordCount":567,"publisher":{"@id":"https:\/\/www.arquimaster.com.ar\/web\/#organization"},"image":{"@id":"https:\/\/www.arquimaster.com.ar\/web\/tips-para-disenar-vestidores-y-espacios-de-guardado-por-de-otro-tiempo\/#primaryimage"},"thumbnailUrl":"https:\/\/www.arquimaster.com.ar\/web\/wp-content\/uploads\/2015\/10\/vestidores_tips_dot_slide.jpg","keywords":["De Otro Tiempo","espacios de guardado","vestidores"],"articleSection":["Dise\u00f1o","Dise\u00f1o interior y decoracion"],"inLanguage":"es"},{"@type":"WebPage","@id":"https:\/\/www.arquimaster.com.ar\/web\/tips-para-disenar-vestidores-y-espacios-de-guardado-por-de-otro-tiempo\/","url":"https:\/\/www.arquimaster.com.ar\/web\/tips-para-disenar-vestidores-y-espacios-de-guardado-por-de-otro-tiempo\/","name":"Tips para dise\u00f1ar vestidores y espacios de guardado por De Otro Tiempo - Arquimaster","isPartOf":{"@id":"https:\/\/www.arquimaster.com.ar\/web\/#website"},"primaryImageOfPage":{"@id":"https:\/\/www.arquimaster.com.ar\/web\/tips-para-disenar-vestidores-y-espacios-de-guardado-por-de-otro-tiempo\/#primaryimage"},"image":{"@id":"https:\/\/www.arquimaster.com.ar\/web\/tips-para-disenar-vestidores-y-espacios-de-guardado-por-de-otro-tiempo\/#primaryimage"},"thumbnailUrl":"https:\/\/www.arquimaster.com.ar\/web\/wp-content\/uploads\/2015\/10\/vestidores_tips_dot_slide.jpg","datePublished":"2015-10-18T17:23:13+00:00","dateModified":"2025-10-26T00:37:00+00:00","breadcrumb":{"@id":"https:\/\/www.arquimaster.com.ar\/web\/tips-para-disenar-vestidores-y-espacios-de-guardado-por-de-otro-tiempo\/#breadcrumb"},"inLanguage":"es","potentialAction":[{"@type":"ReadAction","target":["https:\/\/www.arquimaster.com.ar\/web\/tips-para-disenar-vestidores-y-espacios-de-guardado-por-de-otro-tiempo\/"]}]},{"@type":"ImageObject","inLanguage":"es","@id":"https:\/\/www.arquimaster.com.ar\/web\/tips-para-disenar-vestidores-y-espacios-de-guardado-por-de-otro-tiempo\/#primaryimage","url":"https:\/\/www.arquimaster.com.ar\/web\/wp-content\/uploads\/2015\/10\/vestidores_tips_dot_slide.jpg","contentUrl":"https:\/\/www.arquimaster.com.ar\/web\/wp-content\/uploads\/2015\/10\/vestidores_tips_dot_slide.jpg","width":642,"height":336,"caption":"Tips para dise\u00f1ar vestidores y espacios de guardado por De Otro Tiempo"},{"@type":"BreadcrumbList","@id":"https:\/\/www.arquimaster.com.ar\/web\/tips-para-disenar-vestidores-y-espacios-de-guardado-por-de-otro-tiempo\/#breadcrumb","itemListElement":[{"@type":"ListItem","position":1,"name":"Portada","item":"https:\/\/www.arquimaster.com.ar\/web\/"},{"@type":"ListItem","position":2,"name":"Tips para dise\u00f1ar vestidores y espacios de guardado por De Otro Tiempo"}]},{"@type":"WebSite","@id":"https:\/\/www.arquimaster.com.ar\/web\/#website","url":"https:\/\/www.arquimaster.com.ar\/web\/","name":"Arquimaster","description":"Web de arquitectura, dise\u00f1o y construccion","publisher":{"@id":"https:\/\/www.arquimaster.com.ar\/web\/#organization"},"potentialAction":[{"@type":"SearchAction","target":{"@type":"EntryPoint","urlTemplate":"https:\/\/www.arquimaster.com.ar\/web\/?s={search_term_string}"},"query-input":{"@type":"PropertyValueSpecification","valueRequired":true,"valueName":"search_term_string"}}],"inLanguage":"es"},{"@type":"Organization","@id":"https:\/\/www.arquimaster.com.ar\/web\/#organization","name":"Arquimaster","url":"https:\/\/www.arquimaster.com.ar\/web\/","logo":{"@type":"ImageObject","inLanguage":"es","@id":"https:\/\/www.arquimaster.com.ar\/web\/#\/schema\/logo\/image\/","url":"https:\/\/www.arquimaster.com.ar\/web\/wp-content\/uploads\/2022\/06\/arquimaster.png","contentUrl":"https:\/\/www.arquimaster.com.ar\/web\/wp-content\/uploads\/2022\/06\/arquimaster.png","width":594,"height":78,"caption":"Arquimaster"},"image":{"@id":"https:\/\/www.arquimaster.com.ar\/web\/#\/schema\/logo\/image\/"},"sameAs":["http:\/\/www.facebook.com\/ARQUIMASTER.com.ar","https:\/\/x.com\/arquimaster","https:\/\/www.instagram.com\/arquimasterblog\/","https:\/\/www.linkedin.com\/company\/arquimaster","https:\/\/www.pinterest.com\/arquimaster","https:\/\/t.me\/arquimaster"]},{"@type":"Person","@id":"https:\/\/www.arquimaster.com.ar\/web\/#\/schema\/person\/359e9f7c00193fcde068e0dd2ceb0028","name":"Arquimaster"}]}},"uagb_featured_image_src":{"full":["https:\/\/www.arquimaster.com.ar\/web\/wp-content\/uploads\/2015\/10\/vestidores_tips_dot_slide.jpg",642,336,false],"thumbnail":["https:\/\/www.arquimaster.com.ar\/web\/wp-content\/uploads\/2015\/10\/vestidores_tips_dot_slide-150x150.jpg",150,150,true],"medium":["https:\/\/www.arquimaster.com.ar\/web\/wp-content\/uploads\/2015\/10\/vestidores_tips_dot_slide.jpg",642,336,false],"medium_large":["https:\/\/www.arquimaster.com.ar\/web\/wp-content\/uploads\/2015\/10\/vestidores_tips_dot_slide.jpg",642,336,false],"large":["https:\/\/www.arquimaster.com.ar\/web\/wp-content\/uploads\/2015\/10\/vestidores_tips_dot_slide.jpg",642,336,false],"1536x1536":["https:\/\/www.arquimaster.com.ar\/web\/wp-content\/uploads\/2015\/10\/vestidores_tips_dot_slide.jpg",642,336,false],"2048x2048":["https:\/\/www.arquimaster.com.ar\/web\/wp-content\/uploads\/2015\/10\/vestidores_tips_dot_slide.jpg",642,336,false]},"uagb_author_info":{"display_name":"Arquimaster","author_link":"https:\/\/www.arquimaster.com.ar\/web\/author\/arquimaster\/"},"uagb_comment_info":0,"uagb_excerpt":"El equilibrio entre funcionalidad y dise\u00f1o es la premisa fundamental...","_links":{"self":[{"href":"https:\/\/www.arquimaster.com.ar\/web\/wp-json\/wp\/v2\/posts\/18041","targetHints":{"allow":["GET"]}}],"collection":[{"href":"https:\/\/www.arquimaster.com.ar\/web\/wp-json\/wp\/v2\/posts"}],"about":[{"href":"https:\/\/www.arquimaster.com.ar\/web\/wp-json\/wp\/v2\/types\/post"}],"author":[{"embeddable":true,"href":"https:\/\/www.arquimaster.com.ar\/web\/wp-json\/wp\/v2\/users\/1"}],"replies":[{"embeddable":true,"href":"https:\/\/www.arquimaster.com.ar\/web\/wp-json\/wp\/v2\/comments?post=18041"}],"version-history":[{"count":1,"href":"https:\/\/www.arquimaster.com.ar\/web\/wp-json\/wp\/v2\/posts\/18041\/revisions"}],"predecessor-version":[{"id":86421,"href":"https:\/\/www.arquimaster.com.ar\/web\/wp-json\/wp\/v2\/posts\/18041\/revisions\/86421"}],"wp:featuredmedia":[{"embeddable":true,"href":"https:\/\/www.arquimaster.com.ar\/web\/wp-json\/wp\/v2\/media\/18042"}],"wp:attachment":[{"href":"https:\/\/www.arquimaster.com.ar\/web\/wp-json\/wp\/v2\/media?parent=18041"}],"wp:term":[{"taxonomy":"category","embeddable":true,"href":"https:\/\/www.arquimaster.com.ar\/web\/wp-json\/wp\/v2\/categories?post=18041"},{"taxonomy":"post_tag","embeddable":true,"href":"https:\/\/www.arquimaster.com.ar\/web\/wp-json\/wp\/v2\/tags?post=18041"}],"curies":[{"name":"wp","href":"https:\/\/api.w.org\/{rel}","templated":true}]}}