{"id":18117,"date":"2015-10-26T23:50:51","date_gmt":"2015-10-26T23:50:51","guid":{"rendered":"http:\/\/www.arquimaster.com.ar\/web\/?p=18117"},"modified":"2015-10-26T21:29:52","modified_gmt":"2015-10-26T21:29:52","slug":"downtown-la-paz-arco-arquitectura-contemporanea","status":"publish","type":"post","link":"https:\/\/www.arquimaster.com.ar\/web\/downtown-la-paz-arco-arquitectura-contemporanea\/","title":{"rendered":"Downtown La Paz \/ ARCO Arquitectura Contempor\u00e1nea"},"content":{"rendered":"<div style=\"margin-top: 0px; margin-bottom: 0px;\" class=\"sharethis-inline-share-buttons\" ><\/div><div class=\"b812932af2e751442846f039925109de\" data-index=\"1\" style=\"float: none; margin:25px 0 25px 0; text-align:center;\">\n<script async src=\"https:\/\/pagead2.googlesyndication.com\/pagead\/js\/adsbygoogle.js\"><\/script>\r\n<!-- Arquimaster (superior) -->\r\n<ins class=\"adsbygoogle\"\r\n     style=\"display:block\"\r\n     data-ad-client=\"ca-pub-6351072698456832\"\r\n     data-ad-slot=\"6455489680\"\r\n     data-ad-format=\"auto\"\r\n     data-full-width-responsive=\"true\"><\/ins>\r\n<script>\r\n     (adsbygoogle = window.adsbygoogle || []).push({});\r\n<\/script>\n<\/div>\n<p><strong>Hotel y locales comerciales Downtown La Paz<\/strong> (Baja California Sur, Mexico) por <strong>ARCO Arquitectura Contempor\u00e1nea<\/strong>. Downtown La Paz es un nuevo desarrollo tur\u00edstico y comercial dise\u00f1ado y construido por ARCO Arquitectura Contempor\u00e1nea que se localiza en la ciudad mexicana del mismo nombre, capital del estado de Baja California Sur y cabecera del municipio de La Paz, en la parte sur de la Pen\u00ednsula de Baja California que tiene m\u00e1s de 250 mil habitantes.<\/p>\n<div id='gallery-1' class='gallery galleryid-18117 gallery-columns-3 gallery-size-thumbnail'><figure class='gallery-item'>\n\t\t\t<div class='gallery-icon landscape'>\n\t\t\t\t<a href='https:\/\/www.arquimaster.com.ar\/web\/wp-content\/uploads\/2015\/10\/downtown_la_paz1.jpg' title=\"Downtown La Paz \/ ARCO Arquitectura Contempor\u00e1nea\" data-rl_title=\"Downtown La Paz \/ ARCO Arquitectura Contempor\u00e1nea\" class=\"rl-gallery-link\" data-rl_caption=\"Downtown La Paz \/ ARCO Arquitectura Contempor\u00e1nea\" data-rel=\"lightbox-gallery-1\"><img loading=\"lazy\" decoding=\"async\" width=\"150\" height=\"150\" src=\"https:\/\/www.arquimaster.com.ar\/web\/wp-content\/uploads\/2015\/10\/downtown_la_paz1-150x150.jpg\" class=\"attachment-thumbnail size-thumbnail\" alt=\"\" aria-describedby=\"gallery-1-18120\" srcset=\"https:\/\/www.arquimaster.com.ar\/web\/wp-content\/uploads\/2015\/10\/downtown_la_paz1-150x150.jpg 150w, https:\/\/www.arquimaster.com.ar\/web\/wp-content\/uploads\/2015\/10\/downtown_la_paz1-50x50.jpg 50w, https:\/\/www.arquimaster.com.ar\/web\/wp-content\/uploads\/2015\/10\/downtown_la_paz1-125x125.jpg 125w\" sizes=\"auto, (max-width: 150px) 100vw, 150px\" \/><\/a>\n\t\t\t<\/div>\n\t\t\t\t<figcaption class='wp-caption-text gallery-caption' id='gallery-1-18120'>\n\t\t\t\tDowntown La Paz \/ ARCO Arquitectura Contempor\u00e1nea\n\t\t\t\t<\/figcaption><\/figure><figure class='gallery-item'>\n\t\t\t<div class='gallery-icon landscape'>\n\t\t\t\t<a href='https:\/\/www.arquimaster.com.ar\/web\/wp-content\/uploads\/2015\/10\/downtown_la_paz2.jpg' title=\"Downtown La Paz \/ ARCO Arquitectura Contempor\u00e1nea\" data-rl_title=\"Downtown La Paz \/ ARCO Arquitectura Contempor\u00e1nea\" class=\"rl-gallery-link\" data-rl_caption=\"Downtown La Paz \/ ARCO Arquitectura Contempor\u00e1nea\" data-rel=\"lightbox-gallery-1\"><img loading=\"lazy\" decoding=\"async\" width=\"150\" height=\"150\" src=\"https:\/\/www.arquimaster.com.ar\/web\/wp-content\/uploads\/2015\/10\/downtown_la_paz2-150x150.jpg\" class=\"attachment-thumbnail size-thumbnail\" alt=\"\" aria-describedby=\"gallery-1-18121\" srcset=\"https:\/\/www.arquimaster.com.ar\/web\/wp-content\/uploads\/2015\/10\/downtown_la_paz2-150x150.jpg 150w, https:\/\/www.arquimaster.com.ar\/web\/wp-content\/uploads\/2015\/10\/downtown_la_paz2-50x50.jpg 50w, https:\/\/www.arquimaster.com.ar\/web\/wp-content\/uploads\/2015\/10\/downtown_la_paz2-125x125.jpg 125w\" sizes=\"auto, (max-width: 150px) 100vw, 150px\" \/><\/a>\n\t\t\t<\/div>\n\t\t\t\t<figcaption class='wp-caption-text gallery-caption' id='gallery-1-18121'>\n\t\t\t\tDowntown La Paz \/ ARCO Arquitectura Contempor\u00e1nea\n\t\t\t\t<\/figcaption><\/figure><figure class='gallery-item'>\n\t\t\t<div class='gallery-icon landscape'>\n\t\t\t\t<a href='https:\/\/www.arquimaster.com.ar\/web\/wp-content\/uploads\/2015\/10\/downtown_la_paz3.jpg' title=\"Downtown La Paz \/ ARCO Arquitectura Contempor\u00e1nea\" data-rl_title=\"Downtown La Paz \/ ARCO Arquitectura Contempor\u00e1nea\" class=\"rl-gallery-link\" data-rl_caption=\"Downtown La Paz \/ ARCO Arquitectura Contempor\u00e1nea\" data-rel=\"lightbox-gallery-1\"><img loading=\"lazy\" decoding=\"async\" width=\"150\" height=\"150\" src=\"https:\/\/www.arquimaster.com.ar\/web\/wp-content\/uploads\/2015\/10\/downtown_la_paz3-150x150.jpg\" class=\"attachment-thumbnail size-thumbnail\" alt=\"\" aria-describedby=\"gallery-1-18122\" srcset=\"https:\/\/www.arquimaster.com.ar\/web\/wp-content\/uploads\/2015\/10\/downtown_la_paz3-150x150.jpg 150w, https:\/\/www.arquimaster.com.ar\/web\/wp-content\/uploads\/2015\/10\/downtown_la_paz3-50x50.jpg 50w, https:\/\/www.arquimaster.com.ar\/web\/wp-content\/uploads\/2015\/10\/downtown_la_paz3-125x125.jpg 125w\" sizes=\"auto, (max-width: 150px) 100vw, 150px\" \/><\/a>\n\t\t\t<\/div>\n\t\t\t\t<figcaption class='wp-caption-text gallery-caption' id='gallery-1-18122'>\n\t\t\t\tDowntown La Paz \/ ARCO Arquitectura Contempor\u00e1nea\n\t\t\t\t<\/figcaption><\/figure><figure class='gallery-item'>\n\t\t\t<div class='gallery-icon landscape'>\n\t\t\t\t<a href='https:\/\/www.arquimaster.com.ar\/web\/wp-content\/uploads\/2015\/10\/downtown_la_paz4.jpg' title=\"Downtown La Paz \/ ARCO Arquitectura Contempor\u00e1nea\" data-rl_title=\"Downtown La Paz \/ ARCO Arquitectura Contempor\u00e1nea\" class=\"rl-gallery-link\" data-rl_caption=\"Downtown La Paz \/ ARCO Arquitectura Contempor\u00e1nea\" data-rel=\"lightbox-gallery-1\"><img loading=\"lazy\" decoding=\"async\" width=\"150\" height=\"150\" src=\"https:\/\/www.arquimaster.com.ar\/web\/wp-content\/uploads\/2015\/10\/downtown_la_paz4-150x150.jpg\" class=\"attachment-thumbnail size-thumbnail\" alt=\"\" aria-describedby=\"gallery-1-18123\" srcset=\"https:\/\/www.arquimaster.com.ar\/web\/wp-content\/uploads\/2015\/10\/downtown_la_paz4-150x150.jpg 150w, https:\/\/www.arquimaster.com.ar\/web\/wp-content\/uploads\/2015\/10\/downtown_la_paz4-50x50.jpg 50w, https:\/\/www.arquimaster.com.ar\/web\/wp-content\/uploads\/2015\/10\/downtown_la_paz4-125x125.jpg 125w\" sizes=\"auto, (max-width: 150px) 100vw, 150px\" \/><\/a>\n\t\t\t<\/div>\n\t\t\t\t<figcaption class='wp-caption-text gallery-caption' id='gallery-1-18123'>\n\t\t\t\tDowntown La Paz \/ ARCO Arquitectura Contempor\u00e1nea\n\t\t\t\t<\/figcaption><\/figure><figure class='gallery-item'>\n\t\t\t<div class='gallery-icon landscape'>\n\t\t\t\t<a href='https:\/\/www.arquimaster.com.ar\/web\/wp-content\/uploads\/2015\/10\/downtown_la_paz5.jpg' title=\"Downtown La Paz \/ ARCO Arquitectura Contempor\u00e1nea\" data-rl_title=\"Downtown La Paz \/ ARCO Arquitectura Contempor\u00e1nea\" class=\"rl-gallery-link\" data-rl_caption=\"Downtown La Paz \/ ARCO Arquitectura Contempor\u00e1nea\" data-rel=\"lightbox-gallery-1\"><img loading=\"lazy\" decoding=\"async\" width=\"150\" height=\"150\" src=\"https:\/\/www.arquimaster.com.ar\/web\/wp-content\/uploads\/2015\/10\/downtown_la_paz5-150x150.jpg\" class=\"attachment-thumbnail size-thumbnail\" alt=\"\" aria-describedby=\"gallery-1-18124\" srcset=\"https:\/\/www.arquimaster.com.ar\/web\/wp-content\/uploads\/2015\/10\/downtown_la_paz5-150x150.jpg 150w, https:\/\/www.arquimaster.com.ar\/web\/wp-content\/uploads\/2015\/10\/downtown_la_paz5-50x50.jpg 50w, https:\/\/www.arquimaster.com.ar\/web\/wp-content\/uploads\/2015\/10\/downtown_la_paz5-125x125.jpg 125w\" sizes=\"auto, (max-width: 150px) 100vw, 150px\" \/><\/a>\n\t\t\t<\/div>\n\t\t\t\t<figcaption class='wp-caption-text gallery-caption' id='gallery-1-18124'>\n\t\t\t\tDowntown La Paz \/ ARCO Arquitectura Contempor\u00e1nea\n\t\t\t\t<\/figcaption><\/figure><figure class='gallery-item'>\n\t\t\t<div class='gallery-icon landscape'>\n\t\t\t\t<a href='https:\/\/www.arquimaster.com.ar\/web\/wp-content\/uploads\/2015\/10\/downtown_la_paz6.jpg' title=\"Downtown La Paz \/ ARCO Arquitectura Contempor\u00e1nea\" data-rl_title=\"Downtown La Paz \/ ARCO Arquitectura Contempor\u00e1nea\" class=\"rl-gallery-link\" data-rl_caption=\"Downtown La Paz \/ ARCO Arquitectura Contempor\u00e1nea\" data-rel=\"lightbox-gallery-1\"><img loading=\"lazy\" decoding=\"async\" width=\"150\" height=\"150\" src=\"https:\/\/www.arquimaster.com.ar\/web\/wp-content\/uploads\/2015\/10\/downtown_la_paz6-150x150.jpg\" class=\"attachment-thumbnail size-thumbnail\" alt=\"\" aria-describedby=\"gallery-1-18125\" srcset=\"https:\/\/www.arquimaster.com.ar\/web\/wp-content\/uploads\/2015\/10\/downtown_la_paz6-150x150.jpg 150w, https:\/\/www.arquimaster.com.ar\/web\/wp-content\/uploads\/2015\/10\/downtown_la_paz6-50x50.jpg 50w, https:\/\/www.arquimaster.com.ar\/web\/wp-content\/uploads\/2015\/10\/downtown_la_paz6-125x125.jpg 125w\" sizes=\"auto, (max-width: 150px) 100vw, 150px\" \/><\/a>\n\t\t\t<\/div>\n\t\t\t\t<figcaption class='wp-caption-text gallery-caption' id='gallery-1-18125'>\n\t\t\t\tDowntown La Paz \/ ARCO Arquitectura Contempor\u00e1nea\n\t\t\t\t<\/figcaption><\/figure><figure class='gallery-item'>\n\t\t\t<div class='gallery-icon landscape'>\n\t\t\t\t<a href='https:\/\/www.arquimaster.com.ar\/web\/wp-content\/uploads\/2015\/10\/downtown_la_paz7.jpg' title=\"Downtown La Paz \/ ARCO Arquitectura Contempor\u00e1nea\" data-rl_title=\"Downtown La Paz \/ ARCO Arquitectura Contempor\u00e1nea\" class=\"rl-gallery-link\" data-rl_caption=\"Downtown La Paz \/ ARCO Arquitectura Contempor\u00e1nea\" data-rel=\"lightbox-gallery-1\"><img loading=\"lazy\" decoding=\"async\" width=\"150\" height=\"150\" src=\"https:\/\/www.arquimaster.com.ar\/web\/wp-content\/uploads\/2015\/10\/downtown_la_paz7-150x150.jpg\" class=\"attachment-thumbnail size-thumbnail\" alt=\"\" aria-describedby=\"gallery-1-18126\" srcset=\"https:\/\/www.arquimaster.com.ar\/web\/wp-content\/uploads\/2015\/10\/downtown_la_paz7-150x150.jpg 150w, https:\/\/www.arquimaster.com.ar\/web\/wp-content\/uploads\/2015\/10\/downtown_la_paz7-50x50.jpg 50w, https:\/\/www.arquimaster.com.ar\/web\/wp-content\/uploads\/2015\/10\/downtown_la_paz7-125x125.jpg 125w\" sizes=\"auto, (max-width: 150px) 100vw, 150px\" \/><\/a>\n\t\t\t<\/div>\n\t\t\t\t<figcaption class='wp-caption-text gallery-caption' id='gallery-1-18126'>\n\t\t\t\tDowntown La Paz \/ ARCO Arquitectura Contempor\u00e1nea\n\t\t\t\t<\/figcaption><\/figure><figure class='gallery-item'>\n\t\t\t<div class='gallery-icon landscape'>\n\t\t\t\t<a href='https:\/\/www.arquimaster.com.ar\/web\/wp-content\/uploads\/2015\/10\/downtown_la_paz8.jpg' title=\"Downtown La Paz \/ ARCO Arquitectura Contempor\u00e1nea\" data-rl_title=\"Downtown La Paz \/ ARCO Arquitectura Contempor\u00e1nea\" class=\"rl-gallery-link\" data-rl_caption=\"Downtown La Paz \/ ARCO Arquitectura Contempor\u00e1nea\" data-rel=\"lightbox-gallery-1\"><img loading=\"lazy\" decoding=\"async\" width=\"150\" height=\"150\" src=\"https:\/\/www.arquimaster.com.ar\/web\/wp-content\/uploads\/2015\/10\/downtown_la_paz8-150x150.jpg\" class=\"attachment-thumbnail size-thumbnail\" alt=\"\" aria-describedby=\"gallery-1-18127\" srcset=\"https:\/\/www.arquimaster.com.ar\/web\/wp-content\/uploads\/2015\/10\/downtown_la_paz8-150x150.jpg 150w, https:\/\/www.arquimaster.com.ar\/web\/wp-content\/uploads\/2015\/10\/downtown_la_paz8-50x50.jpg 50w, https:\/\/www.arquimaster.com.ar\/web\/wp-content\/uploads\/2015\/10\/downtown_la_paz8-125x125.jpg 125w\" sizes=\"auto, (max-width: 150px) 100vw, 150px\" \/><\/a>\n\t\t\t<\/div>\n\t\t\t\t<figcaption class='wp-caption-text gallery-caption' id='gallery-1-18127'>\n\t\t\t\tDowntown La Paz \/ ARCO Arquitectura Contempor\u00e1nea\n\t\t\t\t<\/figcaption><\/figure><figure class='gallery-item'>\n\t\t\t<div class='gallery-icon landscape'>\n\t\t\t\t<a href='https:\/\/www.arquimaster.com.ar\/web\/wp-content\/uploads\/2015\/10\/downtown_la_paz9.jpg' title=\"Downtown La Paz \/ ARCO Arquitectura Contempor\u00e1nea\" data-rl_title=\"Downtown La Paz \/ ARCO Arquitectura Contempor\u00e1nea\" class=\"rl-gallery-link\" data-rl_caption=\"Downtown La Paz \/ ARCO Arquitectura Contempor\u00e1nea\" data-rel=\"lightbox-gallery-1\"><img loading=\"lazy\" decoding=\"async\" width=\"150\" height=\"150\" src=\"https:\/\/www.arquimaster.com.ar\/web\/wp-content\/uploads\/2015\/10\/downtown_la_paz9-150x150.jpg\" class=\"attachment-thumbnail size-thumbnail\" alt=\"\" aria-describedby=\"gallery-1-18128\" srcset=\"https:\/\/www.arquimaster.com.ar\/web\/wp-content\/uploads\/2015\/10\/downtown_la_paz9-150x150.jpg 150w, https:\/\/www.arquimaster.com.ar\/web\/wp-content\/uploads\/2015\/10\/downtown_la_paz9-50x50.jpg 50w, https:\/\/www.arquimaster.com.ar\/web\/wp-content\/uploads\/2015\/10\/downtown_la_paz9-125x125.jpg 125w\" sizes=\"auto, (max-width: 150px) 100vw, 150px\" \/><\/a>\n\t\t\t<\/div>\n\t\t\t\t<figcaption class='wp-caption-text gallery-caption' id='gallery-1-18128'>\n\t\t\t\tDowntown La Paz \/ ARCO Arquitectura Contempor\u00e1nea\n\t\t\t\t<\/figcaption><\/figure><figure class='gallery-item'>\n\t\t\t<div class='gallery-icon landscape'>\n\t\t\t\t<a href='https:\/\/www.arquimaster.com.ar\/web\/wp-content\/uploads\/2015\/10\/downtown_la_paz10.jpg' title=\"Downtown La Paz \/ ARCO Arquitectura Contempor\u00e1nea\" data-rl_title=\"Downtown La Paz \/ ARCO Arquitectura Contempor\u00e1nea\" class=\"rl-gallery-link\" data-rl_caption=\"Downtown La Paz \/ ARCO Arquitectura Contempor\u00e1nea\" data-rel=\"lightbox-gallery-1\"><img loading=\"lazy\" decoding=\"async\" width=\"150\" height=\"150\" src=\"https:\/\/www.arquimaster.com.ar\/web\/wp-content\/uploads\/2015\/10\/downtown_la_paz10-150x150.jpg\" class=\"attachment-thumbnail size-thumbnail\" alt=\"\" aria-describedby=\"gallery-1-18129\" srcset=\"https:\/\/www.arquimaster.com.ar\/web\/wp-content\/uploads\/2015\/10\/downtown_la_paz10-150x150.jpg 150w, https:\/\/www.arquimaster.com.ar\/web\/wp-content\/uploads\/2015\/10\/downtown_la_paz10-50x50.jpg 50w, https:\/\/www.arquimaster.com.ar\/web\/wp-content\/uploads\/2015\/10\/downtown_la_paz10-125x125.jpg 125w\" sizes=\"auto, (max-width: 150px) 100vw, 150px\" \/><\/a>\n\t\t\t<\/div>\n\t\t\t\t<figcaption class='wp-caption-text gallery-caption' id='gallery-1-18129'>\n\t\t\t\tDowntown La Paz \/ ARCO Arquitectura Contempor\u00e1nea\n\t\t\t\t<\/figcaption><\/figure><figure class='gallery-item'>\n\t\t\t<div class='gallery-icon landscape'>\n\t\t\t\t<a href='https:\/\/www.arquimaster.com.ar\/web\/wp-content\/uploads\/2015\/10\/downtown_la_paz11.jpg' title=\"Downtown La Paz \/ ARCO Arquitectura Contempor\u00e1nea\" data-rl_title=\"Downtown La Paz \/ ARCO Arquitectura Contempor\u00e1nea\" class=\"rl-gallery-link\" data-rl_caption=\"Downtown La Paz \/ ARCO Arquitectura Contempor\u00e1nea\" data-rel=\"lightbox-gallery-1\"><img loading=\"lazy\" decoding=\"async\" width=\"150\" height=\"150\" src=\"https:\/\/www.arquimaster.com.ar\/web\/wp-content\/uploads\/2015\/10\/downtown_la_paz11-150x150.jpg\" class=\"attachment-thumbnail size-thumbnail\" alt=\"\" aria-describedby=\"gallery-1-18130\" srcset=\"https:\/\/www.arquimaster.com.ar\/web\/wp-content\/uploads\/2015\/10\/downtown_la_paz11-150x150.jpg 150w, https:\/\/www.arquimaster.com.ar\/web\/wp-content\/uploads\/2015\/10\/downtown_la_paz11-50x50.jpg 50w, https:\/\/www.arquimaster.com.ar\/web\/wp-content\/uploads\/2015\/10\/downtown_la_paz11-125x125.jpg 125w\" sizes=\"auto, (max-width: 150px) 100vw, 150px\" \/><\/a>\n\t\t\t<\/div>\n\t\t\t\t<figcaption class='wp-caption-text gallery-caption' id='gallery-1-18130'>\n\t\t\t\tDowntown La Paz \/ ARCO Arquitectura Contempor\u00e1nea\n\t\t\t\t<\/figcaption><\/figure><figure class='gallery-item'>\n\t\t\t<div class='gallery-icon landscape'>\n\t\t\t\t<a href='https:\/\/www.arquimaster.com.ar\/web\/wp-content\/uploads\/2015\/10\/downtown_la_paz12.jpg' title=\"Downtown La Paz \/ ARCO Arquitectura Contempor\u00e1nea\" data-rl_title=\"Downtown La Paz \/ ARCO Arquitectura Contempor\u00e1nea\" class=\"rl-gallery-link\" data-rl_caption=\"Downtown La Paz \/ ARCO Arquitectura Contempor\u00e1nea\" data-rel=\"lightbox-gallery-1\"><img loading=\"lazy\" decoding=\"async\" width=\"150\" height=\"150\" src=\"https:\/\/www.arquimaster.com.ar\/web\/wp-content\/uploads\/2015\/10\/downtown_la_paz12-150x150.jpg\" class=\"attachment-thumbnail size-thumbnail\" alt=\"\" aria-describedby=\"gallery-1-18131\" srcset=\"https:\/\/www.arquimaster.com.ar\/web\/wp-content\/uploads\/2015\/10\/downtown_la_paz12-150x150.jpg 150w, https:\/\/www.arquimaster.com.ar\/web\/wp-content\/uploads\/2015\/10\/downtown_la_paz12-50x50.jpg 50w, https:\/\/www.arquimaster.com.ar\/web\/wp-content\/uploads\/2015\/10\/downtown_la_paz12-125x125.jpg 125w\" sizes=\"auto, (max-width: 150px) 100vw, 150px\" \/><\/a>\n\t\t\t<\/div>\n\t\t\t\t<figcaption class='wp-caption-text gallery-caption' id='gallery-1-18131'>\n\t\t\t\tDowntown La Paz \/ ARCO Arquitectura Contempor\u00e1nea\n\t\t\t\t<\/figcaption><\/figure><figure class='gallery-item'>\n\t\t\t<div class='gallery-icon landscape'>\n\t\t\t\t<a href='https:\/\/www.arquimaster.com.ar\/web\/wp-content\/uploads\/2015\/10\/downtown_la_paz13.jpg' title=\"Downtown La Paz \/ ARCO Arquitectura Contempor\u00e1nea\" data-rl_title=\"Downtown La Paz \/ ARCO Arquitectura Contempor\u00e1nea\" class=\"rl-gallery-link\" data-rl_caption=\"Downtown La Paz \/ ARCO Arquitectura Contempor\u00e1nea\" data-rel=\"lightbox-gallery-1\"><img loading=\"lazy\" decoding=\"async\" width=\"150\" height=\"150\" src=\"https:\/\/www.arquimaster.com.ar\/web\/wp-content\/uploads\/2015\/10\/downtown_la_paz13-150x150.jpg\" class=\"attachment-thumbnail size-thumbnail\" alt=\"\" aria-describedby=\"gallery-1-18132\" srcset=\"https:\/\/www.arquimaster.com.ar\/web\/wp-content\/uploads\/2015\/10\/downtown_la_paz13-150x150.jpg 150w, https:\/\/www.arquimaster.com.ar\/web\/wp-content\/uploads\/2015\/10\/downtown_la_paz13-50x50.jpg 50w, https:\/\/www.arquimaster.com.ar\/web\/wp-content\/uploads\/2015\/10\/downtown_la_paz13-125x125.jpg 125w\" sizes=\"auto, (max-width: 150px) 100vw, 150px\" \/><\/a>\n\t\t\t<\/div>\n\t\t\t\t<figcaption class='wp-caption-text gallery-caption' id='gallery-1-18132'>\n\t\t\t\tDowntown La Paz \/ ARCO Arquitectura Contempor\u00e1nea\n\t\t\t\t<\/figcaption><\/figure><figure class='gallery-item'>\n\t\t\t<div class='gallery-icon landscape'>\n\t\t\t\t<a href='https:\/\/www.arquimaster.com.ar\/web\/wp-content\/uploads\/2015\/10\/downtown_la_paz14.jpg' title=\"Downtown La Paz \/ ARCO Arquitectura Contempor\u00e1nea\" data-rl_title=\"Downtown La Paz \/ ARCO Arquitectura Contempor\u00e1nea\" class=\"rl-gallery-link\" data-rl_caption=\"Downtown La Paz \/ ARCO Arquitectura Contempor\u00e1nea\" data-rel=\"lightbox-gallery-1\"><img loading=\"lazy\" decoding=\"async\" width=\"150\" height=\"150\" src=\"https:\/\/www.arquimaster.com.ar\/web\/wp-content\/uploads\/2015\/10\/downtown_la_paz14-150x150.jpg\" class=\"attachment-thumbnail size-thumbnail\" alt=\"\" aria-describedby=\"gallery-1-18133\" srcset=\"https:\/\/www.arquimaster.com.ar\/web\/wp-content\/uploads\/2015\/10\/downtown_la_paz14-150x150.jpg 150w, https:\/\/www.arquimaster.com.ar\/web\/wp-content\/uploads\/2015\/10\/downtown_la_paz14-50x50.jpg 50w, https:\/\/www.arquimaster.com.ar\/web\/wp-content\/uploads\/2015\/10\/downtown_la_paz14-125x125.jpg 125w\" sizes=\"auto, (max-width: 150px) 100vw, 150px\" \/><\/a>\n\t\t\t<\/div>\n\t\t\t\t<figcaption class='wp-caption-text gallery-caption' id='gallery-1-18133'>\n\t\t\t\tDowntown La Paz \/ ARCO Arquitectura Contempor\u00e1nea\n\t\t\t\t<\/figcaption><\/figure><figure class='gallery-item'>\n\t\t\t<div class='gallery-icon landscape'>\n\t\t\t\t<a href='https:\/\/www.arquimaster.com.ar\/web\/wp-content\/uploads\/2015\/10\/downtown_la_paz15.jpg' title=\"Downtown La Paz \/ ARCO Arquitectura Contempor\u00e1nea\" data-rl_title=\"Downtown La Paz \/ ARCO Arquitectura Contempor\u00e1nea\" class=\"rl-gallery-link\" data-rl_caption=\"Downtown La Paz \/ ARCO Arquitectura Contempor\u00e1nea\" data-rel=\"lightbox-gallery-1\"><img loading=\"lazy\" decoding=\"async\" width=\"150\" height=\"150\" src=\"https:\/\/www.arquimaster.com.ar\/web\/wp-content\/uploads\/2015\/10\/downtown_la_paz15-150x150.jpg\" class=\"attachment-thumbnail size-thumbnail\" alt=\"\" aria-describedby=\"gallery-1-18134\" srcset=\"https:\/\/www.arquimaster.com.ar\/web\/wp-content\/uploads\/2015\/10\/downtown_la_paz15-150x150.jpg 150w, https:\/\/www.arquimaster.com.ar\/web\/wp-content\/uploads\/2015\/10\/downtown_la_paz15-50x50.jpg 50w, https:\/\/www.arquimaster.com.ar\/web\/wp-content\/uploads\/2015\/10\/downtown_la_paz15-125x125.jpg 125w\" sizes=\"auto, (max-width: 150px) 100vw, 150px\" \/><\/a>\n\t\t\t<\/div>\n\t\t\t\t<figcaption class='wp-caption-text gallery-caption' id='gallery-1-18134'>\n\t\t\t\tDowntown La Paz \/ ARCO Arquitectura Contempor\u00e1nea\n\t\t\t\t<\/figcaption><\/figure><figure class='gallery-item'>\n\t\t\t<div class='gallery-icon landscape'>\n\t\t\t\t<a href='https:\/\/www.arquimaster.com.ar\/web\/wp-content\/uploads\/2015\/10\/downtown_la_paz16.jpg' title=\"Downtown La Paz \/ ARCO Arquitectura Contempor\u00e1nea\" data-rl_title=\"Downtown La Paz \/ ARCO Arquitectura Contempor\u00e1nea\" class=\"rl-gallery-link\" data-rl_caption=\"Downtown La Paz \/ ARCO Arquitectura Contempor\u00e1nea\" data-rel=\"lightbox-gallery-1\"><img loading=\"lazy\" decoding=\"async\" width=\"150\" height=\"150\" src=\"https:\/\/www.arquimaster.com.ar\/web\/wp-content\/uploads\/2015\/10\/downtown_la_paz16-150x150.jpg\" class=\"attachment-thumbnail size-thumbnail\" alt=\"\" aria-describedby=\"gallery-1-18135\" srcset=\"https:\/\/www.arquimaster.com.ar\/web\/wp-content\/uploads\/2015\/10\/downtown_la_paz16-150x150.jpg 150w, https:\/\/www.arquimaster.com.ar\/web\/wp-content\/uploads\/2015\/10\/downtown_la_paz16-50x50.jpg 50w, https:\/\/www.arquimaster.com.ar\/web\/wp-content\/uploads\/2015\/10\/downtown_la_paz16-125x125.jpg 125w\" sizes=\"auto, (max-width: 150px) 100vw, 150px\" \/><\/a>\n\t\t\t<\/div>\n\t\t\t\t<figcaption class='wp-caption-text gallery-caption' id='gallery-1-18135'>\n\t\t\t\tDowntown La Paz \/ ARCO Arquitectura Contempor\u00e1nea\n\t\t\t\t<\/figcaption><\/figure><figure class='gallery-item'>\n\t\t\t<div class='gallery-icon landscape'>\n\t\t\t\t<a href='https:\/\/www.arquimaster.com.ar\/web\/wp-content\/uploads\/2015\/10\/downtown_la_paz17.jpg' title=\"Downtown La Paz \/ ARCO Arquitectura Contempor\u00e1nea\" data-rl_title=\"Downtown La Paz \/ ARCO Arquitectura Contempor\u00e1nea\" class=\"rl-gallery-link\" data-rl_caption=\"Downtown La Paz \/ ARCO Arquitectura Contempor\u00e1nea\" data-rel=\"lightbox-gallery-1\"><img loading=\"lazy\" decoding=\"async\" width=\"150\" height=\"150\" src=\"https:\/\/www.arquimaster.com.ar\/web\/wp-content\/uploads\/2015\/10\/downtown_la_paz17-150x150.jpg\" class=\"attachment-thumbnail size-thumbnail\" alt=\"\" aria-describedby=\"gallery-1-18136\" srcset=\"https:\/\/www.arquimaster.com.ar\/web\/wp-content\/uploads\/2015\/10\/downtown_la_paz17-150x150.jpg 150w, https:\/\/www.arquimaster.com.ar\/web\/wp-content\/uploads\/2015\/10\/downtown_la_paz17-50x50.jpg 50w, https:\/\/www.arquimaster.com.ar\/web\/wp-content\/uploads\/2015\/10\/downtown_la_paz17-125x125.jpg 125w\" sizes=\"auto, (max-width: 150px) 100vw, 150px\" \/><\/a>\n\t\t\t<\/div>\n\t\t\t\t<figcaption class='wp-caption-text gallery-caption' id='gallery-1-18136'>\n\t\t\t\tDowntown La Paz \/ ARCO Arquitectura Contempor\u00e1nea\n\t\t\t\t<\/figcaption><\/figure><figure class='gallery-item'>\n\t\t\t<div class='gallery-icon landscape'>\n\t\t\t\t<a href='https:\/\/www.arquimaster.com.ar\/web\/wp-content\/uploads\/2015\/10\/downtown_la_paz18.jpg' title=\"Downtown La Paz \/ ARCO Arquitectura Contempor\u00e1nea\" data-rl_title=\"Downtown La Paz \/ ARCO Arquitectura Contempor\u00e1nea\" class=\"rl-gallery-link\" data-rl_caption=\"Downtown La Paz \/ ARCO Arquitectura Contempor\u00e1nea\" data-rel=\"lightbox-gallery-1\"><img loading=\"lazy\" decoding=\"async\" width=\"150\" height=\"150\" src=\"https:\/\/www.arquimaster.com.ar\/web\/wp-content\/uploads\/2015\/10\/downtown_la_paz18-150x150.jpg\" class=\"attachment-thumbnail size-thumbnail\" alt=\"\" aria-describedby=\"gallery-1-18137\" srcset=\"https:\/\/www.arquimaster.com.ar\/web\/wp-content\/uploads\/2015\/10\/downtown_la_paz18-150x150.jpg 150w, https:\/\/www.arquimaster.com.ar\/web\/wp-content\/uploads\/2015\/10\/downtown_la_paz18-50x50.jpg 50w, https:\/\/www.arquimaster.com.ar\/web\/wp-content\/uploads\/2015\/10\/downtown_la_paz18-125x125.jpg 125w\" sizes=\"auto, (max-width: 150px) 100vw, 150px\" \/><\/a>\n\t\t\t<\/div>\n\t\t\t\t<figcaption class='wp-caption-text gallery-caption' id='gallery-1-18137'>\n\t\t\t\tDowntown La Paz \/ ARCO Arquitectura Contempor\u00e1nea\n\t\t\t\t<\/figcaption><\/figure><figure class='gallery-item'>\n\t\t\t<div class='gallery-icon landscape'>\n\t\t\t\t<a href='https:\/\/www.arquimaster.com.ar\/web\/wp-content\/uploads\/2015\/10\/downtown_la_paz19.jpg' title=\"Downtown La Paz \/ ARCO Arquitectura Contempor\u00e1nea (planta baja)\" data-rl_title=\"Downtown La Paz \/ ARCO Arquitectura Contempor\u00e1nea (planta baja)\" class=\"rl-gallery-link\" data-rl_caption=\"Downtown La Paz \/ ARCO Arquitectura Contempor\u00e1nea (planta baja)\" data-rel=\"lightbox-gallery-1\"><img loading=\"lazy\" decoding=\"async\" width=\"150\" height=\"150\" src=\"https:\/\/www.arquimaster.com.ar\/web\/wp-content\/uploads\/2015\/10\/downtown_la_paz19-150x150.jpg\" class=\"attachment-thumbnail size-thumbnail\" alt=\"\" aria-describedby=\"gallery-1-18138\" srcset=\"https:\/\/www.arquimaster.com.ar\/web\/wp-content\/uploads\/2015\/10\/downtown_la_paz19-150x150.jpg 150w, https:\/\/www.arquimaster.com.ar\/web\/wp-content\/uploads\/2015\/10\/downtown_la_paz19-50x50.jpg 50w, https:\/\/www.arquimaster.com.ar\/web\/wp-content\/uploads\/2015\/10\/downtown_la_paz19-125x125.jpg 125w\" sizes=\"auto, (max-width: 150px) 100vw, 150px\" \/><\/a>\n\t\t\t<\/div>\n\t\t\t\t<figcaption class='wp-caption-text gallery-caption' id='gallery-1-18138'>\n\t\t\t\tDowntown La Paz \/ ARCO Arquitectura Contempor\u00e1nea (planta baja)\n\t\t\t\t<\/figcaption><\/figure><figure class='gallery-item'>\n\t\t\t<div class='gallery-icon landscape'>\n\t\t\t\t<a href='https:\/\/www.arquimaster.com.ar\/web\/wp-content\/uploads\/2015\/10\/downtown_la_paz20.jpg' title=\"Downtown La Paz \/ ARCO Arquitectura Contempor\u00e1nea (planta nivel lobby)\" data-rl_title=\"Downtown La Paz \/ ARCO Arquitectura Contempor\u00e1nea (planta nivel lobby)\" class=\"rl-gallery-link\" data-rl_caption=\"Downtown La Paz \/ ARCO Arquitectura Contempor\u00e1nea (planta nivel lobby)\" data-rel=\"lightbox-gallery-1\"><img loading=\"lazy\" decoding=\"async\" width=\"150\" height=\"150\" src=\"https:\/\/www.arquimaster.com.ar\/web\/wp-content\/uploads\/2015\/10\/downtown_la_paz20-150x150.jpg\" class=\"attachment-thumbnail size-thumbnail\" alt=\"\" aria-describedby=\"gallery-1-18139\" srcset=\"https:\/\/www.arquimaster.com.ar\/web\/wp-content\/uploads\/2015\/10\/downtown_la_paz20-150x150.jpg 150w, https:\/\/www.arquimaster.com.ar\/web\/wp-content\/uploads\/2015\/10\/downtown_la_paz20-50x50.jpg 50w, https:\/\/www.arquimaster.com.ar\/web\/wp-content\/uploads\/2015\/10\/downtown_la_paz20-125x125.jpg 125w\" sizes=\"auto, (max-width: 150px) 100vw, 150px\" \/><\/a>\n\t\t\t<\/div>\n\t\t\t\t<figcaption class='wp-caption-text gallery-caption' id='gallery-1-18139'>\n\t\t\t\tDowntown La Paz \/ ARCO Arquitectura Contempor\u00e1nea (planta nivel lobby)\n\t\t\t\t<\/figcaption><\/figure><figure class='gallery-item'>\n\t\t\t<div class='gallery-icon landscape'>\n\t\t\t\t<a href='https:\/\/www.arquimaster.com.ar\/web\/wp-content\/uploads\/2015\/10\/downtown_la_paz21.jpg' title=\"Downtown La Paz \/ ARCO Arquitectura Contempor\u00e1nea (planta nivel tipo)\" data-rl_title=\"Downtown La Paz \/ ARCO Arquitectura Contempor\u00e1nea (planta nivel tipo)\" class=\"rl-gallery-link\" data-rl_caption=\"Downtown La Paz \/ ARCO Arquitectura Contempor\u00e1nea (planta nivel tipo)\" data-rel=\"lightbox-gallery-1\"><img loading=\"lazy\" decoding=\"async\" width=\"150\" height=\"150\" src=\"https:\/\/www.arquimaster.com.ar\/web\/wp-content\/uploads\/2015\/10\/downtown_la_paz21-150x150.jpg\" class=\"attachment-thumbnail size-thumbnail\" alt=\"\" aria-describedby=\"gallery-1-18140\" srcset=\"https:\/\/www.arquimaster.com.ar\/web\/wp-content\/uploads\/2015\/10\/downtown_la_paz21-150x150.jpg 150w, https:\/\/www.arquimaster.com.ar\/web\/wp-content\/uploads\/2015\/10\/downtown_la_paz21-50x50.jpg 50w, https:\/\/www.arquimaster.com.ar\/web\/wp-content\/uploads\/2015\/10\/downtown_la_paz21-125x125.jpg 125w\" sizes=\"auto, (max-width: 150px) 100vw, 150px\" \/><\/a>\n\t\t\t<\/div>\n\t\t\t\t<figcaption class='wp-caption-text gallery-caption' id='gallery-1-18140'>\n\t\t\t\tDowntown La Paz \/ ARCO Arquitectura Contempor\u00e1nea (planta nivel tipo)\n\t\t\t\t<\/figcaption><\/figure><figure class='gallery-item'>\n\t\t\t<div class='gallery-icon landscape'>\n\t\t\t\t<a href='https:\/\/www.arquimaster.com.ar\/web\/wp-content\/uploads\/2015\/10\/downtown_la_paz22.jpg' title=\"Downtown La Paz \/ ARCO Arquitectura Contempor\u00e1nea (planta azotea)\" data-rl_title=\"Downtown La Paz \/ ARCO Arquitectura Contempor\u00e1nea (planta azotea)\" class=\"rl-gallery-link\" data-rl_caption=\"Downtown La Paz \/ ARCO Arquitectura Contempor\u00e1nea (planta azotea)\" data-rel=\"lightbox-gallery-1\"><img loading=\"lazy\" decoding=\"async\" width=\"150\" height=\"150\" src=\"https:\/\/www.arquimaster.com.ar\/web\/wp-content\/uploads\/2015\/10\/downtown_la_paz22-150x150.jpg\" class=\"attachment-thumbnail size-thumbnail\" alt=\"\" aria-describedby=\"gallery-1-18141\" srcset=\"https:\/\/www.arquimaster.com.ar\/web\/wp-content\/uploads\/2015\/10\/downtown_la_paz22-150x150.jpg 150w, https:\/\/www.arquimaster.com.ar\/web\/wp-content\/uploads\/2015\/10\/downtown_la_paz22-50x50.jpg 50w, https:\/\/www.arquimaster.com.ar\/web\/wp-content\/uploads\/2015\/10\/downtown_la_paz22-125x125.jpg 125w\" sizes=\"auto, (max-width: 150px) 100vw, 150px\" \/><\/a>\n\t\t\t<\/div>\n\t\t\t\t<figcaption class='wp-caption-text gallery-caption' id='gallery-1-18141'>\n\t\t\t\tDowntown La Paz \/ ARCO Arquitectura Contempor\u00e1nea (planta azotea)\n\t\t\t\t<\/figcaption><\/figure><figure class='gallery-item'>\n\t\t\t<div class='gallery-icon landscape'>\n\t\t\t\t<a href='https:\/\/www.arquimaster.com.ar\/web\/wp-content\/uploads\/2015\/10\/downtown_la_paz23.jpg' title=\"Downtown La Paz \/ ARCO Arquitectura Contempor\u00e1nea (corte)\" data-rl_title=\"Downtown La Paz \/ ARCO Arquitectura Contempor\u00e1nea (corte)\" class=\"rl-gallery-link\" data-rl_caption=\"Downtown La Paz \/ ARCO Arquitectura Contempor\u00e1nea (corte)\" data-rel=\"lightbox-gallery-1\"><img loading=\"lazy\" decoding=\"async\" width=\"150\" height=\"150\" src=\"https:\/\/www.arquimaster.com.ar\/web\/wp-content\/uploads\/2015\/10\/downtown_la_paz23-150x150.jpg\" class=\"attachment-thumbnail size-thumbnail\" alt=\"\" aria-describedby=\"gallery-1-18118\" srcset=\"https:\/\/www.arquimaster.com.ar\/web\/wp-content\/uploads\/2015\/10\/downtown_la_paz23-150x150.jpg 150w, https:\/\/www.arquimaster.com.ar\/web\/wp-content\/uploads\/2015\/10\/downtown_la_paz23-50x50.jpg 50w, https:\/\/www.arquimaster.com.ar\/web\/wp-content\/uploads\/2015\/10\/downtown_la_paz23-125x125.jpg 125w\" sizes=\"auto, (max-width: 150px) 100vw, 150px\" \/><\/a>\n\t\t\t<\/div>\n\t\t\t\t<figcaption class='wp-caption-text gallery-caption' id='gallery-1-18118'>\n\t\t\t\tDowntown La Paz \/ ARCO Arquitectura Contempor\u00e1nea (corte)\n\t\t\t\t<\/figcaption><\/figure>\n\t\t<\/div>\n\n<p>Es un desarrollo mixto y tiene como principal atractivo un hotel de la cadena ONE -el primero de la zona- con 126 habitaciones dise\u00f1adas con un balance perfecto para el viajero de negocios o de placer. Este desarrollo tambi\u00e9n cuenta con dos niveles de locales comerciales en renta para el fortalecimiento de la econom\u00eda de esta importante ciudad.<\/p>\n<p>Est\u00e1 construido en un terreno de 5,000 m2 en una de las zonas mejor comunicadas de la ciudad con el centro de La Paz. Las avenidas que lo rodean permiten que se aprecien los 10,000 m2 de construcci\u00f3n garantizando la mejor visibilidad para los espacios comerciales que ocupan un \u00e1rea de m\u00e1s de 3 mil metros cuadrados y tienen 76 lugares de estacionamiento.<\/p>\n<p>La plaza comercial cuenta con la mejor tecnolog\u00eda para garantizar el mejor servicio para los visitantes con un sistema de vigilancia de circuito cerrado que opera las 24 horas. Para hacer m\u00e1s agradable la estancia, sin importar la temperatura ambiente, todos los pasillos para la circulaci\u00f3n interior est\u00e1n techados.<\/p>\n<p>Todos los estacionamientos est\u00e1n pavimentados y cuentan con un adecuado sistema de se\u00f1alizaci\u00f3n, as\u00ed como con iluminaci\u00f3n para el horario nocturno. El conjunto tiene adem\u00e1s una serie de detalles t\u00e9cnicos y decorativos como sistemas de ahorro de recursos, jardiner\u00eda y ornamentos que complementan la imagen total del desarrollo.<\/p>\n<p><strong>Ficha tecnica<\/strong><br \/>\nNombre: Downtown La Paz<br \/>\nUbicaci\u00f3n: Baja California Sur, M\u00e9xico<br \/>\nProyecto arquitect\u00f3nico: ARCO Arquitectura Contempor\u00e1nea (Arq. Jos\u00e9 Lew Kirsch, Arq. Bernardo Lew Kirsch)<br \/>\nSuperficie terreno: 5000 m2<br \/>\nSuperficie construida: 10000 m2<\/p>\n<p><strong>Contacto:<\/strong> <a href=\"http:\/\/www.ar-co.com.mx\" target=\"_blank\">http:\/\/www.ar-co.com.mx<\/a><\/p>\n\n<div style=\"font-size: 0px; height: 0px; line-height: 0px; margin: 0; padding: 0; clear: both;\"><\/div><div style=\"margin-top: 0px; margin-bottom: 0px;\" class=\"sharethis-inline-share-buttons\" ><\/div>","protected":false},"excerpt":{"rendered":"<p>Desarrollo tur\u00edstico y comercial que tiene como principal atractivo un hotel de la cadena ONE&#8230;<\/p>\n","protected":false},"author":1,"featured_media":18119,"comment_status":"closed","ping_status":"closed","sticky":false,"template":"","format":"standard","meta":{"_uag_custom_page_level_css":"","footnotes":""},"categories":[75,1],"tags":[248,3658,1515,111,1514,1513,24],"class_list":["post-18117","post","type-post","status-publish","format-standard","has-post-thumbnail","hentry","category-arquitectura-comercial","category-proyecto","tag-arco-arquitectura-contemporanea","tag-baja-california-sur","tag-bernardo-lew-kirsch","tag-hotel","tag-jose-lew-kirsch","tag-local-comercial","tag-mexico","generate-columns","tablet-grid-50","mobile-grid-100","grid-parent","grid-50"],"yoast_head":"<!-- This site is optimized with the Yoast SEO plugin v27.3 - https:\/\/yoast.com\/product\/yoast-seo-wordpress\/ -->\n<title>Downtown La Paz \/ ARCO Arquitectura Contempor\u00e1nea - Arquimaster<\/title>\n<meta name=\"robots\" content=\"index, follow, max-snippet:-1, max-image-preview:large, max-video-preview:-1\" \/>\n<link rel=\"canonical\" href=\"https:\/\/www.arquimaster.com.ar\/web\/downtown-la-paz-arco-arquitectura-contemporanea\/\" \/>\n<meta property=\"og:locale\" content=\"es_ES\" \/>\n<meta property=\"og:type\" content=\"article\" \/>\n<meta property=\"og:title\" content=\"Downtown La Paz \/ ARCO Arquitectura Contempor\u00e1nea - Arquimaster\" \/>\n<meta property=\"og:description\" content=\"Desarrollo tur\u00edstico y comercial que tiene como principal atractivo un hotel de la cadena ONE...\" \/>\n<meta property=\"og:url\" content=\"https:\/\/www.arquimaster.com.ar\/web\/downtown-la-paz-arco-arquitectura-contemporanea\/\" \/>\n<meta property=\"og:site_name\" content=\"Arquimaster\" \/>\n<meta property=\"article:publisher\" content=\"http:\/\/www.facebook.com\/ARQUIMASTER.com.ar\" \/>\n<meta property=\"article:published_time\" content=\"2015-10-26T23:50:51+00:00\" \/>\n<meta property=\"og:image\" content=\"https:\/\/www.arquimaster.com.ar\/web\/wp-content\/uploads\/2015\/10\/downtown_la_paz_slide.jpg\" \/>\n\t<meta property=\"og:image:width\" content=\"642\" \/>\n\t<meta property=\"og:image:height\" content=\"336\" \/>\n\t<meta property=\"og:image:type\" content=\"image\/jpeg\" \/>\n<meta name=\"author\" content=\"Arquimaster\" \/>\n<meta name=\"twitter:card\" content=\"summary_large_image\" \/>\n<meta name=\"twitter:creator\" content=\"@arquimaster\" \/>\n<meta name=\"twitter:site\" content=\"@arquimaster\" \/>\n<meta name=\"twitter:label1\" content=\"Escrito por\" \/>\n\t<meta name=\"twitter:data1\" content=\"Arquimaster\" \/>\n\t<meta name=\"twitter:label2\" content=\"Tiempo de lectura\" \/>\n\t<meta name=\"twitter:data2\" content=\"2 minutos\" \/>\n<script type=\"application\/ld+json\" class=\"yoast-schema-graph\">{\"@context\":\"https:\\\/\\\/schema.org\",\"@graph\":[{\"@type\":\"Article\",\"@id\":\"https:\\\/\\\/www.arquimaster.com.ar\\\/web\\\/downtown-la-paz-arco-arquitectura-contemporanea\\\/#article\",\"isPartOf\":{\"@id\":\"https:\\\/\\\/www.arquimaster.com.ar\\\/web\\\/downtown-la-paz-arco-arquitectura-contemporanea\\\/\"},\"author\":{\"name\":\"Arquimaster\",\"@id\":\"https:\\\/\\\/www.arquimaster.com.ar\\\/web\\\/#\\\/schema\\\/person\\\/359e9f7c00193fcde068e0dd2ceb0028\"},\"headline\":\"Downtown La Paz \\\/ ARCO Arquitectura Contempor\u00e1nea\",\"datePublished\":\"2015-10-26T23:50:51+00:00\",\"mainEntityOfPage\":{\"@id\":\"https:\\\/\\\/www.arquimaster.com.ar\\\/web\\\/downtown-la-paz-arco-arquitectura-contemporanea\\\/\"},\"wordCount\":357,\"publisher\":{\"@id\":\"https:\\\/\\\/www.arquimaster.com.ar\\\/web\\\/#organization\"},\"image\":{\"@id\":\"https:\\\/\\\/www.arquimaster.com.ar\\\/web\\\/downtown-la-paz-arco-arquitectura-contemporanea\\\/#primaryimage\"},\"thumbnailUrl\":\"https:\\\/\\\/www.arquimaster.com.ar\\\/web\\\/wp-content\\\/uploads\\\/2015\\\/10\\\/downtown_la_paz_slide.jpg\",\"keywords\":[\"ARCO Arquitectura Contempor\u00e1nea\",\"Baja California Sur\",\"Bernardo Lew Kirsch\",\"hotel\",\"Jos\u00e9 Lew Kirsch\",\"locales comerciales\",\"Mexico\"],\"articleSection\":[\"Arquitectura comercial\",\"Proyecto\"],\"inLanguage\":\"es\"},{\"@type\":\"WebPage\",\"@id\":\"https:\\\/\\\/www.arquimaster.com.ar\\\/web\\\/downtown-la-paz-arco-arquitectura-contemporanea\\\/\",\"url\":\"https:\\\/\\\/www.arquimaster.com.ar\\\/web\\\/downtown-la-paz-arco-arquitectura-contemporanea\\\/\",\"name\":\"Downtown La Paz \\\/ ARCO Arquitectura Contempor\u00e1nea - Arquimaster\",\"isPartOf\":{\"@id\":\"https:\\\/\\\/www.arquimaster.com.ar\\\/web\\\/#website\"},\"primaryImageOfPage\":{\"@id\":\"https:\\\/\\\/www.arquimaster.com.ar\\\/web\\\/downtown-la-paz-arco-arquitectura-contemporanea\\\/#primaryimage\"},\"image\":{\"@id\":\"https:\\\/\\\/www.arquimaster.com.ar\\\/web\\\/downtown-la-paz-arco-arquitectura-contemporanea\\\/#primaryimage\"},\"thumbnailUrl\":\"https:\\\/\\\/www.arquimaster.com.ar\\\/web\\\/wp-content\\\/uploads\\\/2015\\\/10\\\/downtown_la_paz_slide.jpg\",\"datePublished\":\"2015-10-26T23:50:51+00:00\",\"breadcrumb\":{\"@id\":\"https:\\\/\\\/www.arquimaster.com.ar\\\/web\\\/downtown-la-paz-arco-arquitectura-contemporanea\\\/#breadcrumb\"},\"inLanguage\":\"es\",\"potentialAction\":[{\"@type\":\"ReadAction\",\"target\":[\"https:\\\/\\\/www.arquimaster.com.ar\\\/web\\\/downtown-la-paz-arco-arquitectura-contemporanea\\\/\"]}]},{\"@type\":\"ImageObject\",\"inLanguage\":\"es\",\"@id\":\"https:\\\/\\\/www.arquimaster.com.ar\\\/web\\\/downtown-la-paz-arco-arquitectura-contemporanea\\\/#primaryimage\",\"url\":\"https:\\\/\\\/www.arquimaster.com.ar\\\/web\\\/wp-content\\\/uploads\\\/2015\\\/10\\\/downtown_la_paz_slide.jpg\",\"contentUrl\":\"https:\\\/\\\/www.arquimaster.com.ar\\\/web\\\/wp-content\\\/uploads\\\/2015\\\/10\\\/downtown_la_paz_slide.jpg\",\"width\":642,\"height\":336},{\"@type\":\"BreadcrumbList\",\"@id\":\"https:\\\/\\\/www.arquimaster.com.ar\\\/web\\\/downtown-la-paz-arco-arquitectura-contemporanea\\\/#breadcrumb\",\"itemListElement\":[{\"@type\":\"ListItem\",\"position\":1,\"name\":\"Portada\",\"item\":\"https:\\\/\\\/www.arquimaster.com.ar\\\/web\\\/\"},{\"@type\":\"ListItem\",\"position\":2,\"name\":\"Downtown La Paz \\\/ ARCO Arquitectura Contempor\u00e1nea\"}]},{\"@type\":\"WebSite\",\"@id\":\"https:\\\/\\\/www.arquimaster.com.ar\\\/web\\\/#website\",\"url\":\"https:\\\/\\\/www.arquimaster.com.ar\\\/web\\\/\",\"name\":\"Arquimaster\",\"description\":\"Web de arquitectura, dise\u00f1o y construccion\",\"publisher\":{\"@id\":\"https:\\\/\\\/www.arquimaster.com.ar\\\/web\\\/#organization\"},\"potentialAction\":[{\"@type\":\"SearchAction\",\"target\":{\"@type\":\"EntryPoint\",\"urlTemplate\":\"https:\\\/\\\/www.arquimaster.com.ar\\\/web\\\/?s={search_term_string}\"},\"query-input\":{\"@type\":\"PropertyValueSpecification\",\"valueRequired\":true,\"valueName\":\"search_term_string\"}}],\"inLanguage\":\"es\"},{\"@type\":\"Organization\",\"@id\":\"https:\\\/\\\/www.arquimaster.com.ar\\\/web\\\/#organization\",\"name\":\"Arquimaster\",\"url\":\"https:\\\/\\\/www.arquimaster.com.ar\\\/web\\\/\",\"logo\":{\"@type\":\"ImageObject\",\"inLanguage\":\"es\",\"@id\":\"https:\\\/\\\/www.arquimaster.com.ar\\\/web\\\/#\\\/schema\\\/logo\\\/image\\\/\",\"url\":\"https:\\\/\\\/www.arquimaster.com.ar\\\/web\\\/wp-content\\\/uploads\\\/2022\\\/06\\\/arquimaster.png\",\"contentUrl\":\"https:\\\/\\\/www.arquimaster.com.ar\\\/web\\\/wp-content\\\/uploads\\\/2022\\\/06\\\/arquimaster.png\",\"width\":594,\"height\":78,\"caption\":\"Arquimaster\"},\"image\":{\"@id\":\"https:\\\/\\\/www.arquimaster.com.ar\\\/web\\\/#\\\/schema\\\/logo\\\/image\\\/\"},\"sameAs\":[\"http:\\\/\\\/www.facebook.com\\\/ARQUIMASTER.com.ar\",\"https:\\\/\\\/x.com\\\/arquimaster\",\"https:\\\/\\\/www.instagram.com\\\/arquimasterblog\\\/\",\"https:\\\/\\\/www.linkedin.com\\\/company\\\/arquimaster\",\"https:\\\/\\\/www.pinterest.com\\\/arquimaster\",\"https:\\\/\\\/t.me\\\/arquimaster\"]},{\"@type\":\"Person\",\"@id\":\"https:\\\/\\\/www.arquimaster.com.ar\\\/web\\\/#\\\/schema\\\/person\\\/359e9f7c00193fcde068e0dd2ceb0028\",\"name\":\"Arquimaster\"}]}<\/script>\n<!-- \/ Yoast SEO plugin. -->","yoast_head_json":{"title":"Downtown La Paz \/ ARCO Arquitectura Contempor\u00e1nea - Arquimaster","robots":{"index":"index","follow":"follow","max-snippet":"max-snippet:-1","max-image-preview":"max-image-preview:large","max-video-preview":"max-video-preview:-1"},"canonical":"https:\/\/www.arquimaster.com.ar\/web\/downtown-la-paz-arco-arquitectura-contemporanea\/","og_locale":"es_ES","og_type":"article","og_title":"Downtown La Paz \/ ARCO Arquitectura Contempor\u00e1nea - Arquimaster","og_description":"Desarrollo tur\u00edstico y comercial que tiene como principal atractivo un hotel de la cadena ONE...","og_url":"https:\/\/www.arquimaster.com.ar\/web\/downtown-la-paz-arco-arquitectura-contemporanea\/","og_site_name":"Arquimaster","article_publisher":"http:\/\/www.facebook.com\/ARQUIMASTER.com.ar","article_published_time":"2015-10-26T23:50:51+00:00","og_image":[{"width":642,"height":336,"url":"https:\/\/www.arquimaster.com.ar\/web\/wp-content\/uploads\/2015\/10\/downtown_la_paz_slide.jpg","type":"image\/jpeg"}],"author":"Arquimaster","twitter_card":"summary_large_image","twitter_creator":"@arquimaster","twitter_site":"@arquimaster","twitter_misc":{"Escrito por":"Arquimaster","Tiempo de lectura":"2 minutos"},"schema":{"@context":"https:\/\/schema.org","@graph":[{"@type":"Article","@id":"https:\/\/www.arquimaster.com.ar\/web\/downtown-la-paz-arco-arquitectura-contemporanea\/#article","isPartOf":{"@id":"https:\/\/www.arquimaster.com.ar\/web\/downtown-la-paz-arco-arquitectura-contemporanea\/"},"author":{"name":"Arquimaster","@id":"https:\/\/www.arquimaster.com.ar\/web\/#\/schema\/person\/359e9f7c00193fcde068e0dd2ceb0028"},"headline":"Downtown La Paz \/ ARCO Arquitectura Contempor\u00e1nea","datePublished":"2015-10-26T23:50:51+00:00","mainEntityOfPage":{"@id":"https:\/\/www.arquimaster.com.ar\/web\/downtown-la-paz-arco-arquitectura-contemporanea\/"},"wordCount":357,"publisher":{"@id":"https:\/\/www.arquimaster.com.ar\/web\/#organization"},"image":{"@id":"https:\/\/www.arquimaster.com.ar\/web\/downtown-la-paz-arco-arquitectura-contemporanea\/#primaryimage"},"thumbnailUrl":"https:\/\/www.arquimaster.com.ar\/web\/wp-content\/uploads\/2015\/10\/downtown_la_paz_slide.jpg","keywords":["ARCO Arquitectura Contempor\u00e1nea","Baja California Sur","Bernardo Lew Kirsch","hotel","Jos\u00e9 Lew Kirsch","locales comerciales","Mexico"],"articleSection":["Arquitectura comercial","Proyecto"],"inLanguage":"es"},{"@type":"WebPage","@id":"https:\/\/www.arquimaster.com.ar\/web\/downtown-la-paz-arco-arquitectura-contemporanea\/","url":"https:\/\/www.arquimaster.com.ar\/web\/downtown-la-paz-arco-arquitectura-contemporanea\/","name":"Downtown La Paz \/ ARCO Arquitectura Contempor\u00e1nea - Arquimaster","isPartOf":{"@id":"https:\/\/www.arquimaster.com.ar\/web\/#website"},"primaryImageOfPage":{"@id":"https:\/\/www.arquimaster.com.ar\/web\/downtown-la-paz-arco-arquitectura-contemporanea\/#primaryimage"},"image":{"@id":"https:\/\/www.arquimaster.com.ar\/web\/downtown-la-paz-arco-arquitectura-contemporanea\/#primaryimage"},"thumbnailUrl":"https:\/\/www.arquimaster.com.ar\/web\/wp-content\/uploads\/2015\/10\/downtown_la_paz_slide.jpg","datePublished":"2015-10-26T23:50:51+00:00","breadcrumb":{"@id":"https:\/\/www.arquimaster.com.ar\/web\/downtown-la-paz-arco-arquitectura-contemporanea\/#breadcrumb"},"inLanguage":"es","potentialAction":[{"@type":"ReadAction","target":["https:\/\/www.arquimaster.com.ar\/web\/downtown-la-paz-arco-arquitectura-contemporanea\/"]}]},{"@type":"ImageObject","inLanguage":"es","@id":"https:\/\/www.arquimaster.com.ar\/web\/downtown-la-paz-arco-arquitectura-contemporanea\/#primaryimage","url":"https:\/\/www.arquimaster.com.ar\/web\/wp-content\/uploads\/2015\/10\/downtown_la_paz_slide.jpg","contentUrl":"https:\/\/www.arquimaster.com.ar\/web\/wp-content\/uploads\/2015\/10\/downtown_la_paz_slide.jpg","width":642,"height":336},{"@type":"BreadcrumbList","@id":"https:\/\/www.arquimaster.com.ar\/web\/downtown-la-paz-arco-arquitectura-contemporanea\/#breadcrumb","itemListElement":[{"@type":"ListItem","position":1,"name":"Portada","item":"https:\/\/www.arquimaster.com.ar\/web\/"},{"@type":"ListItem","position":2,"name":"Downtown La Paz \/ ARCO Arquitectura Contempor\u00e1nea"}]},{"@type":"WebSite","@id":"https:\/\/www.arquimaster.com.ar\/web\/#website","url":"https:\/\/www.arquimaster.com.ar\/web\/","name":"Arquimaster","description":"Web de arquitectura, dise\u00f1o y construccion","publisher":{"@id":"https:\/\/www.arquimaster.com.ar\/web\/#organization"},"potentialAction":[{"@type":"SearchAction","target":{"@type":"EntryPoint","urlTemplate":"https:\/\/www.arquimaster.com.ar\/web\/?s={search_term_string}"},"query-input":{"@type":"PropertyValueSpecification","valueRequired":true,"valueName":"search_term_string"}}],"inLanguage":"es"},{"@type":"Organization","@id":"https:\/\/www.arquimaster.com.ar\/web\/#organization","name":"Arquimaster","url":"https:\/\/www.arquimaster.com.ar\/web\/","logo":{"@type":"ImageObject","inLanguage":"es","@id":"https:\/\/www.arquimaster.com.ar\/web\/#\/schema\/logo\/image\/","url":"https:\/\/www.arquimaster.com.ar\/web\/wp-content\/uploads\/2022\/06\/arquimaster.png","contentUrl":"https:\/\/www.arquimaster.com.ar\/web\/wp-content\/uploads\/2022\/06\/arquimaster.png","width":594,"height":78,"caption":"Arquimaster"},"image":{"@id":"https:\/\/www.arquimaster.com.ar\/web\/#\/schema\/logo\/image\/"},"sameAs":["http:\/\/www.facebook.com\/ARQUIMASTER.com.ar","https:\/\/x.com\/arquimaster","https:\/\/www.instagram.com\/arquimasterblog\/","https:\/\/www.linkedin.com\/company\/arquimaster","https:\/\/www.pinterest.com\/arquimaster","https:\/\/t.me\/arquimaster"]},{"@type":"Person","@id":"https:\/\/www.arquimaster.com.ar\/web\/#\/schema\/person\/359e9f7c00193fcde068e0dd2ceb0028","name":"Arquimaster"}]}},"uagb_featured_image_src":{"full":["https:\/\/www.arquimaster.com.ar\/web\/wp-content\/uploads\/2015\/10\/downtown_la_paz_slide.jpg",642,336,false],"thumbnail":["https:\/\/www.arquimaster.com.ar\/web\/wp-content\/uploads\/2015\/10\/downtown_la_paz_slide-150x150.jpg",150,150,true],"medium":["https:\/\/www.arquimaster.com.ar\/web\/wp-content\/uploads\/2015\/10\/downtown_la_paz_slide.jpg",642,336,false],"medium_large":["https:\/\/www.arquimaster.com.ar\/web\/wp-content\/uploads\/2015\/10\/downtown_la_paz_slide.jpg",642,336,false],"large":["https:\/\/www.arquimaster.com.ar\/web\/wp-content\/uploads\/2015\/10\/downtown_la_paz_slide.jpg",642,336,false],"1536x1536":["https:\/\/www.arquimaster.com.ar\/web\/wp-content\/uploads\/2015\/10\/downtown_la_paz_slide.jpg",642,336,false],"2048x2048":["https:\/\/www.arquimaster.com.ar\/web\/wp-content\/uploads\/2015\/10\/downtown_la_paz_slide.jpg",642,336,false]},"uagb_author_info":{"display_name":"Arquimaster","author_link":"https:\/\/www.arquimaster.com.ar\/web\/author\/arquimaster\/"},"uagb_comment_info":0,"uagb_excerpt":"Desarrollo tur\u00edstico y comercial que tiene como principal atractivo un hotel de la cadena ONE...","_links":{"self":[{"href":"https:\/\/www.arquimaster.com.ar\/web\/wp-json\/wp\/v2\/posts\/18117","targetHints":{"allow":["GET"]}}],"collection":[{"href":"https:\/\/www.arquimaster.com.ar\/web\/wp-json\/wp\/v2\/posts"}],"about":[{"href":"https:\/\/www.arquimaster.com.ar\/web\/wp-json\/wp\/v2\/types\/post"}],"author":[{"embeddable":true,"href":"https:\/\/www.arquimaster.com.ar\/web\/wp-json\/wp\/v2\/users\/1"}],"replies":[{"embeddable":true,"href":"https:\/\/www.arquimaster.com.ar\/web\/wp-json\/wp\/v2\/comments?post=18117"}],"version-history":[{"count":0,"href":"https:\/\/www.arquimaster.com.ar\/web\/wp-json\/wp\/v2\/posts\/18117\/revisions"}],"wp:featuredmedia":[{"embeddable":true,"href":"https:\/\/www.arquimaster.com.ar\/web\/wp-json\/wp\/v2\/media\/18119"}],"wp:attachment":[{"href":"https:\/\/www.arquimaster.com.ar\/web\/wp-json\/wp\/v2\/media?parent=18117"}],"wp:term":[{"taxonomy":"category","embeddable":true,"href":"https:\/\/www.arquimaster.com.ar\/web\/wp-json\/wp\/v2\/categories?post=18117"},{"taxonomy":"post_tag","embeddable":true,"href":"https:\/\/www.arquimaster.com.ar\/web\/wp-json\/wp\/v2\/tags?post=18117"}],"curies":[{"name":"wp","href":"https:\/\/api.w.org\/{rel}","templated":true}]}}