{"id":1820,"date":"2013-12-01T23:12:00","date_gmt":"2013-12-01T23:12:00","guid":{"rendered":"http:\/\/www.arquimaster.com.ar\/web\/?p=1820"},"modified":"2026-03-29T18:18:07","modified_gmt":"2026-03-29T21:18:07","slug":"resultados-del-6o-concurso-de-diseno-social-suma-uso-2013","status":"publish","type":"post","link":"https:\/\/www.arquimaster.com.ar\/web\/resultados-del-6o-concurso-de-diseno-social-suma-uso-2013\/","title":{"rendered":"Resultados del 6\u00ba Concurso de Dise\u00f1o Social Sum\u00e1 Uso 2013"},"content":{"rendered":"<div style=\"margin-top: 0px; margin-bottom: 0px;\" class=\"sharethis-inline-share-buttons\" ><\/div><div class=\"b812932af2e751442846f039925109de\" data-index=\"1\" style=\"float: none; margin:25px 0 25px 0; text-align:center;\">\n<script async src=\"https:\/\/pagead2.googlesyndication.com\/pagead\/js\/adsbygoogle.js\"><\/script>\r\n<!-- Arquimaster (superior) -->\r\n<ins class=\"adsbygoogle\"\r\n     style=\"display:block\"\r\n     data-ad-client=\"ca-pub-6351072698456832\"\r\n     data-ad-slot=\"6455489680\"\r\n     data-ad-format=\"auto\"\r\n     data-full-width-responsive=\"true\"><\/ins>\r\n<script>\r\n     (adsbygoogle = window.adsbygoogle || []).push({});\r\n<\/script>\n<\/div>\n<p>El concurso estuvo dirigido a estudiantes y profesionales vinculados al dise\u00f1o industrial, arquitectura y toda persona amante del dise\u00f1o. Los participantes debian <strong>dise\u00f1ar un producto \u00fatil para la vivienda<\/strong> a partir de estos tres materiales:<\/p>\n<p>&#8211; <strong>Recortes de aglomerado<\/strong> (rectangulares)<br \/>\n&#8211; <strong>Pallets de madera<\/strong><br \/>\n&#8211; <strong>Flejes de chapa de hierro<\/strong> (descarte de metal\u00fargica)<\/p>\n<p>Se buscaron <strong>propuestas innovadoras y sustentables<\/strong>, que aportaran una soluci\u00f3n pr\u00e1ctica al equipamiento de la vivienda desde una mirada social, comprometida con la problem\u00e1tica habitacional de familias de bajos ingresos.<\/p>\n<p><strong>Sum\u00e1 Uso!<\/strong> promueve el dise\u00f1o como una herramienta para mejorar la calidad de vida mediante la refuncionalizaci\u00f3n de materiales en desuso, y tiene como objetivo dar visibilidad a la problem\u00e1tica de la vivienda y promover el compromiso con la misma desde los diferentes sectores de la sociedad. Los proyectos presentados podr\u00e1n ser empleados en los talleres de SM con el fin de aumentar la reutilizaci\u00f3n de los materiales donados al programa.<\/p>\n<p>El jurado estuvo formado por:<br \/>\n&#8211; Hugo Kogan<br \/>\n&#8211; DI Pablo Bianchi<br \/>\n&#8211; DI Marco Sanguinetti<br \/>\n&#8211; Esteban Iurcovich (Manifesto)<br \/>\n&#8211; Raquel Obreg\u00f3n (Sume Materiales, Fundaci\u00f3n Sagrada Familia)<br \/>\n&#8211; DI Anabella Rondina (Centro Metropolitano de Dise\u00f1o)<br \/>\n&#8211; Arq. Roque Frangella (Sociedad Central de Arquitectos y Consejo Profesional de Arquitectura y Urbanismo)<\/p>\n<p><strong>Ganadores del concurso<\/strong><\/p>\n<p><strong>1\u00ba Premio: A3<\/strong><br \/>\nMat\u00edas Nahuel El\u00edas y Pablo Di Muzio (Argentina)<\/p>\n<div id='gallery-1' class='gallery galleryid-1820 gallery-columns-3 gallery-size-thumbnail'><figure class='gallery-item'>\n\t\t\t<div class='gallery-icon landscape'>\n\t\t\t\t<a href='https:\/\/www.arquimaster.com.ar\/web\/wp-content\/uploads\/2014\/01\/concurso_sume1.jpg' title=\"Resultados del 6\u00ba Concurso de Dise\u00f1o Social Sum\u00e1 Uso 2013 (1\u00ba Premio)\" data-rl_title=\"Resultados del 6\u00ba Concurso de Dise\u00f1o Social Sum\u00e1 Uso 2013 (1\u00ba Premio)\" class=\"rl-gallery-link\" data-rl_caption=\"Resultados del 6\u00ba Concurso de Dise\u00f1o Social Sum\u00e1 Uso 2013 (1\u00ba Premio)\" data-rel=\"lightbox-gallery-1\"><img loading=\"lazy\" decoding=\"async\" width=\"150\" height=\"150\" src=\"https:\/\/www.arquimaster.com.ar\/web\/wp-content\/uploads\/2014\/01\/concurso_sume1-150x150.jpg\" class=\"attachment-thumbnail size-thumbnail\" alt=\"\" aria-describedby=\"gallery-1-1825\" srcset=\"https:\/\/www.arquimaster.com.ar\/web\/wp-content\/uploads\/2014\/01\/concurso_sume1-150x150.jpg 150w, https:\/\/www.arquimaster.com.ar\/web\/wp-content\/uploads\/2014\/01\/concurso_sume1-50x50.jpg 50w, https:\/\/www.arquimaster.com.ar\/web\/wp-content\/uploads\/2014\/01\/concurso_sume1-125x125.jpg 125w\" sizes=\"auto, (max-width: 150px) 100vw, 150px\" \/><\/a>\n\t\t\t<\/div>\n\t\t\t\t<figcaption class='wp-caption-text gallery-caption' id='gallery-1-1825'>\n\t\t\t\tResultados del 6\u00ba Concurso de Dise\u00f1o Social Sum\u00e1 Uso 2013 (1\u00ba Premio)\n\t\t\t\t<\/figcaption><\/figure><figure class='gallery-item'>\n\t\t\t<div class='gallery-icon landscape'>\n\t\t\t\t<a href='https:\/\/www.arquimaster.com.ar\/web\/wp-content\/uploads\/2014\/01\/concurso_sume2.jpg' title=\"Resultados del 6\u00ba Concurso de Dise\u00f1o Social Sum\u00e1 Uso 2013 (1\u00ba Premio)\" data-rl_title=\"Resultados del 6\u00ba Concurso de Dise\u00f1o Social Sum\u00e1 Uso 2013 (1\u00ba Premio)\" class=\"rl-gallery-link\" data-rl_caption=\"Resultados del 6\u00ba Concurso de Dise\u00f1o Social Sum\u00e1 Uso 2013 (1\u00ba Premio)\" data-rel=\"lightbox-gallery-1\"><img loading=\"lazy\" decoding=\"async\" width=\"150\" height=\"150\" src=\"https:\/\/www.arquimaster.com.ar\/web\/wp-content\/uploads\/2014\/01\/concurso_sume2-150x150.jpg\" class=\"attachment-thumbnail size-thumbnail\" alt=\"\" aria-describedby=\"gallery-1-1826\" srcset=\"https:\/\/www.arquimaster.com.ar\/web\/wp-content\/uploads\/2014\/01\/concurso_sume2-150x150.jpg 150w, https:\/\/www.arquimaster.com.ar\/web\/wp-content\/uploads\/2014\/01\/concurso_sume2-50x50.jpg 50w, https:\/\/www.arquimaster.com.ar\/web\/wp-content\/uploads\/2014\/01\/concurso_sume2-125x125.jpg 125w\" sizes=\"auto, (max-width: 150px) 100vw, 150px\" \/><\/a>\n\t\t\t<\/div>\n\t\t\t\t<figcaption class='wp-caption-text gallery-caption' id='gallery-1-1826'>\n\t\t\t\tResultados del 6\u00ba Concurso de Dise\u00f1o Social Sum\u00e1 Uso 2013 (1\u00ba Premio)\n\t\t\t\t<\/figcaption><\/figure><figure class='gallery-item'>\n\t\t\t<div class='gallery-icon landscape'>\n\t\t\t\t<a href='https:\/\/www.arquimaster.com.ar\/web\/wp-content\/uploads\/2014\/01\/concurso_sume3.jpg' title=\"Resultados del 6\u00ba Concurso de Dise\u00f1o Social Sum\u00e1 Uso 2013 (1\u00ba Premio)\" data-rl_title=\"Resultados del 6\u00ba Concurso de Dise\u00f1o Social Sum\u00e1 Uso 2013 (1\u00ba Premio)\" class=\"rl-gallery-link\" data-rl_caption=\"Resultados del 6\u00ba Concurso de Dise\u00f1o Social Sum\u00e1 Uso 2013 (1\u00ba Premio)\" data-rel=\"lightbox-gallery-1\"><img loading=\"lazy\" decoding=\"async\" width=\"150\" height=\"150\" src=\"https:\/\/www.arquimaster.com.ar\/web\/wp-content\/uploads\/2014\/01\/concurso_sume3-150x150.jpg\" class=\"attachment-thumbnail size-thumbnail\" alt=\"\" aria-describedby=\"gallery-1-1824\" srcset=\"https:\/\/www.arquimaster.com.ar\/web\/wp-content\/uploads\/2014\/01\/concurso_sume3-150x150.jpg 150w, https:\/\/www.arquimaster.com.ar\/web\/wp-content\/uploads\/2014\/01\/concurso_sume3-50x50.jpg 50w, https:\/\/www.arquimaster.com.ar\/web\/wp-content\/uploads\/2014\/01\/concurso_sume3-125x125.jpg 125w\" sizes=\"auto, (max-width: 150px) 100vw, 150px\" \/><\/a>\n\t\t\t<\/div>\n\t\t\t\t<figcaption class='wp-caption-text gallery-caption' id='gallery-1-1824'>\n\t\t\t\tResultados del 6\u00ba Concurso de Dise\u00f1o Social Sum\u00e1 Uso 2013 (1\u00ba Premio)\n\t\t\t\t<\/figcaption><\/figure>\n\t\t<\/div>\n\n<p>El sistema est\u00e1 destinado al guardado de elementos relacionados al \u00e1mbito de la cocina. Dise\u00f1ado para ser ubicado sobre mesa o mesada que es utilizada para la preparaci\u00f3n de la comida. Dentro del hogar la preparaci\u00f3n de la comida y la cocina tienen un rol importante y necesitan de un espacio de contenci\u00f3n y orden para poder llevar a cabo la actividad de manera adecuada. Buscamos brindar esa contenci\u00f3n y organizaci\u00f3n de una manera simple y pr\u00e1ctica.<\/p>\n<p>El sistema A3 aprovecha la capacidad estructural del pallet y con m\u00ednimas intervenciones se encastran cubos y estantes. La versatilidad es una de las cualidades del sistema, ya que el usuario puede elegir la configuraci\u00f3n seg\u00fan su necesidad. Los m\u00f3dulos que lo configuran son: pallet estructural, cubo y estante. El resultado es un sistema de guardado hecho en un 99% de materiales reutilizados: 1 pallet y 2 m2 de aglomerado con melanina.<\/p>\n<p><strong>2\u00ba Premio: Silla Terra<\/strong><br \/>\nClaudio Osorio (Chile)<\/p>\n<div id='gallery-2' class='gallery galleryid-1820 gallery-columns-3 gallery-size-thumbnail'><figure class='gallery-item'>\n\t\t\t<div class='gallery-icon landscape'>\n\t\t\t\t<a href='https:\/\/www.arquimaster.com.ar\/web\/wp-content\/uploads\/2014\/01\/concurso_sume4.jpg' title=\"Resultados del 6\u00ba Concurso de Dise\u00f1o Social Sum\u00e1 Uso 2013 (2\u00ba Premio)\" data-rl_title=\"Resultados del 6\u00ba Concurso de Dise\u00f1o Social Sum\u00e1 Uso 2013 (2\u00ba Premio)\" class=\"rl-gallery-link\" data-rl_caption=\"Resultados del 6\u00ba Concurso de Dise\u00f1o Social Sum\u00e1 Uso 2013 (2\u00ba Premio)\" data-rel=\"lightbox-gallery-2\"><img loading=\"lazy\" decoding=\"async\" width=\"150\" height=\"150\" src=\"https:\/\/www.arquimaster.com.ar\/web\/wp-content\/uploads\/2014\/01\/concurso_sume4-150x150.jpg\" class=\"attachment-thumbnail size-thumbnail\" alt=\"\" aria-describedby=\"gallery-2-1828\" srcset=\"https:\/\/www.arquimaster.com.ar\/web\/wp-content\/uploads\/2014\/01\/concurso_sume4-150x150.jpg 150w, https:\/\/www.arquimaster.com.ar\/web\/wp-content\/uploads\/2014\/01\/concurso_sume4-50x50.jpg 50w, https:\/\/www.arquimaster.com.ar\/web\/wp-content\/uploads\/2014\/01\/concurso_sume4-125x125.jpg 125w\" sizes=\"auto, (max-width: 150px) 100vw, 150px\" \/><\/a>\n\t\t\t<\/div>\n\t\t\t\t<figcaption class='wp-caption-text gallery-caption' id='gallery-2-1828'>\n\t\t\t\tResultados del 6\u00ba Concurso de Dise\u00f1o Social Sum\u00e1 Uso 2013 (2\u00ba Premio)\n\t\t\t\t<\/figcaption><\/figure><figure class='gallery-item'>\n\t\t\t<div class='gallery-icon landscape'>\n\t\t\t\t<a href='https:\/\/www.arquimaster.com.ar\/web\/wp-content\/uploads\/2014\/01\/concurso_sume5.jpg' title=\"Resultados del 6\u00ba Concurso de Dise\u00f1o Social Sum\u00e1 Uso 2013 (2\u00ba Premio)\" data-rl_title=\"Resultados del 6\u00ba Concurso de Dise\u00f1o Social Sum\u00e1 Uso 2013 (2\u00ba Premio)\" class=\"rl-gallery-link\" data-rl_caption=\"Resultados del 6\u00ba Concurso de Dise\u00f1o Social Sum\u00e1 Uso 2013 (2\u00ba Premio)\" data-rel=\"lightbox-gallery-2\"><img loading=\"lazy\" decoding=\"async\" width=\"150\" height=\"150\" src=\"https:\/\/www.arquimaster.com.ar\/web\/wp-content\/uploads\/2014\/01\/concurso_sume5-150x150.jpg\" class=\"attachment-thumbnail size-thumbnail\" alt=\"\" aria-describedby=\"gallery-2-1829\" srcset=\"https:\/\/www.arquimaster.com.ar\/web\/wp-content\/uploads\/2014\/01\/concurso_sume5-150x150.jpg 150w, https:\/\/www.arquimaster.com.ar\/web\/wp-content\/uploads\/2014\/01\/concurso_sume5-50x50.jpg 50w, https:\/\/www.arquimaster.com.ar\/web\/wp-content\/uploads\/2014\/01\/concurso_sume5-125x125.jpg 125w\" sizes=\"auto, (max-width: 150px) 100vw, 150px\" \/><\/a>\n\t\t\t<\/div>\n\t\t\t\t<figcaption class='wp-caption-text gallery-caption' id='gallery-2-1829'>\n\t\t\t\tResultados del 6\u00ba Concurso de Dise\u00f1o Social Sum\u00e1 Uso 2013 (2\u00ba Premio)\n\t\t\t\t<\/figcaption><\/figure><figure class='gallery-item'>\n\t\t\t<div class='gallery-icon landscape'>\n\t\t\t\t<a href='https:\/\/www.arquimaster.com.ar\/web\/wp-content\/uploads\/2014\/01\/concurso_sume6.jpg' title=\"Resultados del 6\u00ba Concurso de Dise\u00f1o Social Sum\u00e1 Uso 2013 (2\u00ba Premio)\" data-rl_title=\"Resultados del 6\u00ba Concurso de Dise\u00f1o Social Sum\u00e1 Uso 2013 (2\u00ba Premio)\" class=\"rl-gallery-link\" data-rl_caption=\"Resultados del 6\u00ba Concurso de Dise\u00f1o Social Sum\u00e1 Uso 2013 (2\u00ba Premio)\" data-rel=\"lightbox-gallery-2\"><img loading=\"lazy\" decoding=\"async\" width=\"150\" height=\"150\" src=\"https:\/\/www.arquimaster.com.ar\/web\/wp-content\/uploads\/2014\/01\/concurso_sume6-150x150.jpg\" class=\"attachment-thumbnail size-thumbnail\" alt=\"\" aria-describedby=\"gallery-2-1827\" srcset=\"https:\/\/www.arquimaster.com.ar\/web\/wp-content\/uploads\/2014\/01\/concurso_sume6-150x150.jpg 150w, https:\/\/www.arquimaster.com.ar\/web\/wp-content\/uploads\/2014\/01\/concurso_sume6-50x50.jpg 50w, https:\/\/www.arquimaster.com.ar\/web\/wp-content\/uploads\/2014\/01\/concurso_sume6-125x125.jpg 125w\" sizes=\"auto, (max-width: 150px) 100vw, 150px\" \/><\/a>\n\t\t\t<\/div>\n\t\t\t\t<figcaption class='wp-caption-text gallery-caption' id='gallery-2-1827'>\n\t\t\t\tResultados del 6\u00ba Concurso de Dise\u00f1o Social Sum\u00e1 Uso 2013 (2\u00ba Premio)\n\t\t\t\t<\/figcaption><\/figure>\n\t\t<\/div>\n\n<p>Los palets son un armaz\u00f3n estructurado que sirve como base en el manejo y transporte de carga. Los palets de madera ocupan en 90% del mercado seguidos de los pl\u00e1sticos. Anualmente miles de toneladas de este producto son desechados en nuestros pa\u00edses y representan una importante cantidad de recurso desperdiciado. Bajo este punto de vista, la recuperaci\u00f3n y reciclaje de esta materia prima ha generado en esta ocasi\u00f3n el dise\u00f1o y construccion de esta silla de descanso para exterior e interior de viviendas, de fabricacion sencilla, economica, c\u00f3moda y con infinitas posibilidades de personalizaci\u00f3n.<\/p>\n<p><strong>3\u00ba Premio: El Trono Creativo<\/strong><br \/>\nJuan Manuel De Arraya Olmo (Espa\u00f1a)<\/p>\n<div id='gallery-3' class='gallery galleryid-1820 gallery-columns-3 gallery-size-thumbnail'><figure class='gallery-item'>\n\t\t\t<div class='gallery-icon landscape'>\n\t\t\t\t<a href='https:\/\/www.arquimaster.com.ar\/web\/wp-content\/uploads\/2014\/01\/concurso_sume7.jpg' title=\"Resultados del 6\u00ba Concurso de Dise\u00f1o Social Sum\u00e1 Uso 2013 (3\u00ba Premio)\" data-rl_title=\"Resultados del 6\u00ba Concurso de Dise\u00f1o Social Sum\u00e1 Uso 2013 (3\u00ba Premio)\" class=\"rl-gallery-link\" data-rl_caption=\"Resultados del 6\u00ba Concurso de Dise\u00f1o Social Sum\u00e1 Uso 2013 (3\u00ba Premio)\" data-rel=\"lightbox-gallery-3\"><img loading=\"lazy\" decoding=\"async\" width=\"150\" height=\"150\" src=\"https:\/\/www.arquimaster.com.ar\/web\/wp-content\/uploads\/2014\/01\/concurso_sume7-150x150.jpg\" class=\"attachment-thumbnail size-thumbnail\" alt=\"\" aria-describedby=\"gallery-3-1831\" srcset=\"https:\/\/www.arquimaster.com.ar\/web\/wp-content\/uploads\/2014\/01\/concurso_sume7-150x150.jpg 150w, https:\/\/www.arquimaster.com.ar\/web\/wp-content\/uploads\/2014\/01\/concurso_sume7-50x50.jpg 50w, https:\/\/www.arquimaster.com.ar\/web\/wp-content\/uploads\/2014\/01\/concurso_sume7-125x125.jpg 125w\" sizes=\"auto, (max-width: 150px) 100vw, 150px\" \/><\/a>\n\t\t\t<\/div>\n\t\t\t\t<figcaption class='wp-caption-text gallery-caption' id='gallery-3-1831'>\n\t\t\t\tResultados del 6\u00ba Concurso de Dise\u00f1o Social Sum\u00e1 Uso 2013 (3\u00ba Premio)\n\t\t\t\t<\/figcaption><\/figure><figure class='gallery-item'>\n\t\t\t<div class='gallery-icon landscape'>\n\t\t\t\t<a href='https:\/\/www.arquimaster.com.ar\/web\/wp-content\/uploads\/2014\/01\/concurso_sume8.jpg' title=\"Resultados del 6\u00ba Concurso de Dise\u00f1o Social Sum\u00e1 Uso 2013 (3\u00ba Premio)\" data-rl_title=\"Resultados del 6\u00ba Concurso de Dise\u00f1o Social Sum\u00e1 Uso 2013 (3\u00ba Premio)\" class=\"rl-gallery-link\" data-rl_caption=\"Resultados del 6\u00ba Concurso de Dise\u00f1o Social Sum\u00e1 Uso 2013 (3\u00ba Premio)\" data-rel=\"lightbox-gallery-3\"><img loading=\"lazy\" decoding=\"async\" width=\"150\" height=\"150\" src=\"https:\/\/www.arquimaster.com.ar\/web\/wp-content\/uploads\/2014\/01\/concurso_sume8-150x150.jpg\" class=\"attachment-thumbnail size-thumbnail\" alt=\"\" aria-describedby=\"gallery-3-1832\" srcset=\"https:\/\/www.arquimaster.com.ar\/web\/wp-content\/uploads\/2014\/01\/concurso_sume8-150x150.jpg 150w, https:\/\/www.arquimaster.com.ar\/web\/wp-content\/uploads\/2014\/01\/concurso_sume8-50x50.jpg 50w, https:\/\/www.arquimaster.com.ar\/web\/wp-content\/uploads\/2014\/01\/concurso_sume8-125x125.jpg 125w\" sizes=\"auto, (max-width: 150px) 100vw, 150px\" \/><\/a>\n\t\t\t<\/div>\n\t\t\t\t<figcaption class='wp-caption-text gallery-caption' id='gallery-3-1832'>\n\t\t\t\tResultados del 6\u00ba Concurso de Dise\u00f1o Social Sum\u00e1 Uso 2013 (3\u00ba Premio)\n\t\t\t\t<\/figcaption><\/figure><figure class='gallery-item'>\n\t\t\t<div class='gallery-icon landscape'>\n\t\t\t\t<a href='https:\/\/www.arquimaster.com.ar\/web\/wp-content\/uploads\/2014\/01\/concurso_sume9.jpg' title=\"Resultados del 6\u00ba Concurso de Dise\u00f1o Social Sum\u00e1 Uso 2013 (3\u00ba Premio)\" data-rl_title=\"Resultados del 6\u00ba Concurso de Dise\u00f1o Social Sum\u00e1 Uso 2013 (3\u00ba Premio)\" class=\"rl-gallery-link\" data-rl_caption=\"Resultados del 6\u00ba Concurso de Dise\u00f1o Social Sum\u00e1 Uso 2013 (3\u00ba Premio)\" data-rel=\"lightbox-gallery-3\"><img loading=\"lazy\" decoding=\"async\" width=\"150\" height=\"150\" src=\"https:\/\/www.arquimaster.com.ar\/web\/wp-content\/uploads\/2014\/01\/concurso_sume9-150x150.jpg\" class=\"attachment-thumbnail size-thumbnail\" alt=\"\" aria-describedby=\"gallery-3-1830\" srcset=\"https:\/\/www.arquimaster.com.ar\/web\/wp-content\/uploads\/2014\/01\/concurso_sume9-150x150.jpg 150w, https:\/\/www.arquimaster.com.ar\/web\/wp-content\/uploads\/2014\/01\/concurso_sume9-50x50.jpg 50w, https:\/\/www.arquimaster.com.ar\/web\/wp-content\/uploads\/2014\/01\/concurso_sume9-125x125.jpg 125w\" sizes=\"auto, (max-width: 150px) 100vw, 150px\" \/><\/a>\n\t\t\t<\/div>\n\t\t\t\t<figcaption class='wp-caption-text gallery-caption' id='gallery-3-1830'>\n\t\t\t\tResultados del 6\u00ba Concurso de Dise\u00f1o Social Sum\u00e1 Uso 2013 (3\u00ba Premio)\n\t\t\t\t<\/figcaption><\/figure>\n\t\t<\/div>\n\n<p>El trono creativo se presenta como una soluci\u00f3n de f\u00e1cil ejecuci\u00f3n, de m\u00e1ximo aprovechamiento del material y con un enfoque claro a los m\u00e1s peque\u00f1os de la casa. El trono creativo es una soluci\u00f3n con 3 usos. Por una parte, un pupitre para el estudio y para pintar, dibujar, hacer manualidades&#8230; en definitiva dejar volar la imaginaci\u00f3n. Un simple gesto, y la mesa se convierte en un respaldo del \u00abtrono\u00bb de los reyes de la casa, los ni\u00f1os. Un movimiento m\u00e1s y el fondo del caj\u00f3n bajo el asiento se convierte en una pizarra que queda sujeta al respaldo del trono, y de nuevo, deja volar su imaginaci\u00f3n.<\/p>\n<p>Con una sola pieza de mobiliario se estimula la creatividad, imaginaci\u00f3n, aprendizaje y educaci\u00f3n, a la vez que como asiento otorga a los ni\u00f1os de la casa un papel principal en el hogar, haci\u00e9ndolos ajenos a las dificultades por las que pasan sus padres. En t\u00e9rminos t\u00e9cnicos, el Trono Creativo ha sido dise\u00f1ado siguiendo 3 condiciones:<\/p>\n<p>&#8211; Aprovechamiento m\u00e1ximo. De un s\u00f3lo pallet se obtienes las piezas necesarias para construir dos Tronos Creativos, sin que sobre un solo cent\u00edmetro de madera.<br \/>\n&#8211; Uso m\u00ednimo de materiales. Medio Pallet + Tablero de conglomerado de 34&#215;43 cm + Pintura Pizarra + 2 bisagras + 2 pasadores con tuerca + Clavos + Cola = Trono Creativo.<br \/>\n&#8211; No uso de materiales peligrosos. Por este motivo se ha descartado el uso de flejes met\u00e1licos.<\/p>\n<p>En definitiva, materiales reutilizados que se convierten en un trampol\u00edn para que los m\u00e1s peque\u00f1os del hogar se sumerjan en tantas aventuras c\u00f3mo su infinita imaginaci\u00f3n les permita, a la vez que les brinda un espacio independiente para desarrollar sus tareas escolares, y todo al mismo tiempo que los convierte en los reyes de la casa.<\/p>\n<p><strong>1\u00ba Menci\u00f3n y Favorito del P\u00fablico: Secuencial<\/strong><br \/>\nMario El\u00edas Rabinovich (Argentina)<\/p>\n<div id='gallery-4' class='gallery galleryid-1820 gallery-columns-3 gallery-size-thumbnail'><figure class='gallery-item'>\n\t\t\t<div class='gallery-icon landscape'>\n\t\t\t\t<a href='https:\/\/www.arquimaster.com.ar\/web\/wp-content\/uploads\/2014\/01\/concurso_sume10.jpg' title=\"Resultados del 6\u00ba Concurso de Dise\u00f1o Social Sum\u00e1 Uso 2013 (1\u00ba Mencion)\" data-rl_title=\"Resultados del 6\u00ba Concurso de Dise\u00f1o Social Sum\u00e1 Uso 2013 (1\u00ba Mencion)\" class=\"rl-gallery-link\" data-rl_caption=\"Resultados del 6\u00ba Concurso de Dise\u00f1o Social Sum\u00e1 Uso 2013 (1\u00ba Mencion)\" data-rel=\"lightbox-gallery-4\"><img loading=\"lazy\" decoding=\"async\" width=\"150\" height=\"150\" src=\"https:\/\/www.arquimaster.com.ar\/web\/wp-content\/uploads\/2014\/01\/concurso_sume10-150x150.jpg\" class=\"attachment-thumbnail size-thumbnail\" alt=\"\" aria-describedby=\"gallery-4-1833\" srcset=\"https:\/\/www.arquimaster.com.ar\/web\/wp-content\/uploads\/2014\/01\/concurso_sume10-150x150.jpg 150w, https:\/\/www.arquimaster.com.ar\/web\/wp-content\/uploads\/2014\/01\/concurso_sume10-50x50.jpg 50w, https:\/\/www.arquimaster.com.ar\/web\/wp-content\/uploads\/2014\/01\/concurso_sume10-125x125.jpg 125w\" sizes=\"auto, (max-width: 150px) 100vw, 150px\" \/><\/a>\n\t\t\t<\/div>\n\t\t\t\t<figcaption class='wp-caption-text gallery-caption' id='gallery-4-1833'>\n\t\t\t\tResultados del 6\u00ba Concurso de Dise\u00f1o Social Sum\u00e1 Uso 2013 (1\u00ba Mencion)\n\t\t\t\t<\/figcaption><\/figure><figure class='gallery-item'>\n\t\t\t<div class='gallery-icon landscape'>\n\t\t\t\t<a href='https:\/\/www.arquimaster.com.ar\/web\/wp-content\/uploads\/2014\/01\/concurso_sume11.jpg' title=\"Resultados del 6\u00ba Concurso de Dise\u00f1o Social Sum\u00e1 Uso 2013 (1\u00ba Mencion)\" data-rl_title=\"Resultados del 6\u00ba Concurso de Dise\u00f1o Social Sum\u00e1 Uso 2013 (1\u00ba Mencion)\" class=\"rl-gallery-link\" data-rl_caption=\"Resultados del 6\u00ba Concurso de Dise\u00f1o Social Sum\u00e1 Uso 2013 (1\u00ba Mencion)\" data-rel=\"lightbox-gallery-4\"><img loading=\"lazy\" decoding=\"async\" width=\"150\" height=\"150\" src=\"https:\/\/www.arquimaster.com.ar\/web\/wp-content\/uploads\/2014\/01\/concurso_sume11-150x150.jpg\" class=\"attachment-thumbnail size-thumbnail\" alt=\"\" aria-describedby=\"gallery-4-1834\" srcset=\"https:\/\/www.arquimaster.com.ar\/web\/wp-content\/uploads\/2014\/01\/concurso_sume11-150x150.jpg 150w, https:\/\/www.arquimaster.com.ar\/web\/wp-content\/uploads\/2014\/01\/concurso_sume11-50x50.jpg 50w, https:\/\/www.arquimaster.com.ar\/web\/wp-content\/uploads\/2014\/01\/concurso_sume11-125x125.jpg 125w\" sizes=\"auto, (max-width: 150px) 100vw, 150px\" \/><\/a>\n\t\t\t<\/div>\n\t\t\t\t<figcaption class='wp-caption-text gallery-caption' id='gallery-4-1834'>\n\t\t\t\tResultados del 6\u00ba Concurso de Dise\u00f1o Social Sum\u00e1 Uso 2013 (1\u00ba Mencion)\n\t\t\t\t<\/figcaption><\/figure><figure class='gallery-item'>\n\t\t\t<div class='gallery-icon landscape'>\n\t\t\t\t<a href='https:\/\/www.arquimaster.com.ar\/web\/wp-content\/uploads\/2014\/01\/concurso_sume12.jpg' title=\"Resultados del 6\u00ba Concurso de Dise\u00f1o Social Sum\u00e1 Uso 2013 (1\u00ba Mencion)\" data-rl_title=\"Resultados del 6\u00ba Concurso de Dise\u00f1o Social Sum\u00e1 Uso 2013 (1\u00ba Mencion)\" class=\"rl-gallery-link\" data-rl_caption=\"Resultados del 6\u00ba Concurso de Dise\u00f1o Social Sum\u00e1 Uso 2013 (1\u00ba Mencion)\" data-rel=\"lightbox-gallery-4\"><img loading=\"lazy\" decoding=\"async\" width=\"150\" height=\"150\" src=\"https:\/\/www.arquimaster.com.ar\/web\/wp-content\/uploads\/2014\/01\/concurso_sume12-150x150.jpg\" class=\"attachment-thumbnail size-thumbnail\" alt=\"\" aria-describedby=\"gallery-4-1835\" srcset=\"https:\/\/www.arquimaster.com.ar\/web\/wp-content\/uploads\/2014\/01\/concurso_sume12-150x150.jpg 150w, https:\/\/www.arquimaster.com.ar\/web\/wp-content\/uploads\/2014\/01\/concurso_sume12-50x50.jpg 50w, https:\/\/www.arquimaster.com.ar\/web\/wp-content\/uploads\/2014\/01\/concurso_sume12-125x125.jpg 125w\" sizes=\"auto, (max-width: 150px) 100vw, 150px\" \/><\/a>\n\t\t\t<\/div>\n\t\t\t\t<figcaption class='wp-caption-text gallery-caption' id='gallery-4-1835'>\n\t\t\t\tResultados del 6\u00ba Concurso de Dise\u00f1o Social Sum\u00e1 Uso 2013 (1\u00ba Mencion)\n\t\t\t\t<\/figcaption><\/figure>\n\t\t<\/div>\n\n<p>Secuencial no es un mueble sino una pieza de equipamiento capaz de resolver una multiplicidad de problemas con una intervenci\u00f3n m\u00ednima de trabajo y un presupuesto m\u00ednimo en materiales adicionales. Uno de los principales problemas en los hogares de bajos recursos es el hacinamiento y la coexistencia de varias generaciones simult\u00e1neamente dentro de las dimensiones reducidas de una misma vivienda. Un camino posible para la soluci\u00f3n de dicho problema es la racionalizaci\u00f3n program\u00e1tica del espacio.<\/p>\n<p>Por eso Secuencial es una propuesta que plantea la incorporaci\u00f3n de diversas funciones, al tiempo que permite pasar de la intimidad ilusoria (porque en verdad no existe) a la intimidad difusa. Es un elemento que en lugar de dividir espacios regula la forma en que se relacionan. Puede ser utilizado como referencia modular para el ordenamiento funcional a partir de su repetici\u00f3n, ya que los tres m\u00f3dulos dispuestos longitudinalmente forman los 3,60 m de desarrollo lineal m\u00ednimo que requiere una habitaci\u00f3n.<\/p>\n<p>Se utiliza la totalidad del material propuesto evitando desperdicios. Se incorporan \u00fanicamente bisagras, tuercas y tornillos. El respeto por la modulaci\u00f3n del material permite un armado en taller con rapidez y m\u00ednima tecnolog\u00eda. Como resultado est\u00e9tico se obtiene un elemento permeable visualmente, que incorpora funciones como un ornamento que explota la profundidad y el intersticio de los pallets.<\/p>\n<p><strong>2\u00ba Menci\u00f3n: Muro Jard\u00edn<\/strong><br \/>\nBlas Bacarelli y Pablo Guerra (Argentina)<\/p>\n<div id='gallery-5' class='gallery galleryid-1820 gallery-columns-3 gallery-size-thumbnail'><figure class='gallery-item'>\n\t\t\t<div class='gallery-icon landscape'>\n\t\t\t\t<a href='https:\/\/www.arquimaster.com.ar\/web\/wp-content\/uploads\/2014\/01\/concurso_sume13.jpg' title=\"Resultados del 6\u00ba Concurso de Dise\u00f1o Social Sum\u00e1 Uso 2013 (2\u00ba Mencion)\" data-rl_title=\"Resultados del 6\u00ba Concurso de Dise\u00f1o Social Sum\u00e1 Uso 2013 (2\u00ba Mencion)\" class=\"rl-gallery-link\" data-rl_caption=\"Resultados del 6\u00ba Concurso de Dise\u00f1o Social Sum\u00e1 Uso 2013 (2\u00ba Mencion)\" data-rel=\"lightbox-gallery-5\"><img loading=\"lazy\" decoding=\"async\" width=\"150\" height=\"150\" src=\"https:\/\/www.arquimaster.com.ar\/web\/wp-content\/uploads\/2014\/01\/concurso_sume13-150x150.jpg\" class=\"attachment-thumbnail size-thumbnail\" alt=\"\" aria-describedby=\"gallery-5-1836\" srcset=\"https:\/\/www.arquimaster.com.ar\/web\/wp-content\/uploads\/2014\/01\/concurso_sume13-150x150.jpg 150w, https:\/\/www.arquimaster.com.ar\/web\/wp-content\/uploads\/2014\/01\/concurso_sume13-50x50.jpg 50w, https:\/\/www.arquimaster.com.ar\/web\/wp-content\/uploads\/2014\/01\/concurso_sume13-125x125.jpg 125w\" sizes=\"auto, (max-width: 150px) 100vw, 150px\" \/><\/a>\n\t\t\t<\/div>\n\t\t\t\t<figcaption class='wp-caption-text gallery-caption' id='gallery-5-1836'>\n\t\t\t\tResultados del 6\u00ba Concurso de Dise\u00f1o Social Sum\u00e1 Uso 2013 (2\u00ba Mencion)\n\t\t\t\t<\/figcaption><\/figure><figure class='gallery-item'>\n\t\t\t<div class='gallery-icon landscape'>\n\t\t\t\t<a href='https:\/\/www.arquimaster.com.ar\/web\/wp-content\/uploads\/2014\/01\/concurso_sume14.jpg' title=\"Resultados del 6\u00ba Concurso de Dise\u00f1o Social Sum\u00e1 Uso 2013 (2\u00ba Mencion)\" data-rl_title=\"Resultados del 6\u00ba Concurso de Dise\u00f1o Social Sum\u00e1 Uso 2013 (2\u00ba Mencion)\" class=\"rl-gallery-link\" data-rl_caption=\"Resultados del 6\u00ba Concurso de Dise\u00f1o Social Sum\u00e1 Uso 2013 (2\u00ba Mencion)\" data-rel=\"lightbox-gallery-5\"><img loading=\"lazy\" decoding=\"async\" width=\"150\" height=\"150\" src=\"https:\/\/www.arquimaster.com.ar\/web\/wp-content\/uploads\/2014\/01\/concurso_sume14-150x150.jpg\" class=\"attachment-thumbnail size-thumbnail\" alt=\"\" aria-describedby=\"gallery-5-1837\" srcset=\"https:\/\/www.arquimaster.com.ar\/web\/wp-content\/uploads\/2014\/01\/concurso_sume14-150x150.jpg 150w, https:\/\/www.arquimaster.com.ar\/web\/wp-content\/uploads\/2014\/01\/concurso_sume14-50x50.jpg 50w, https:\/\/www.arquimaster.com.ar\/web\/wp-content\/uploads\/2014\/01\/concurso_sume14-125x125.jpg 125w\" sizes=\"auto, (max-width: 150px) 100vw, 150px\" \/><\/a>\n\t\t\t<\/div>\n\t\t\t\t<figcaption class='wp-caption-text gallery-caption' id='gallery-5-1837'>\n\t\t\t\tResultados del 6\u00ba Concurso de Dise\u00f1o Social Sum\u00e1 Uso 2013 (2\u00ba Mencion)\n\t\t\t\t<\/figcaption><\/figure><figure class='gallery-item'>\n\t\t\t<div class='gallery-icon landscape'>\n\t\t\t\t<a href='https:\/\/www.arquimaster.com.ar\/web\/wp-content\/uploads\/2014\/01\/concurso_sume15.jpg' title=\"Resultados del 6\u00ba Concurso de Dise\u00f1o Social Sum\u00e1 Uso 2013 (2\u00ba Mencion)\" data-rl_title=\"Resultados del 6\u00ba Concurso de Dise\u00f1o Social Sum\u00e1 Uso 2013 (2\u00ba Mencion)\" class=\"rl-gallery-link\" data-rl_caption=\"Resultados del 6\u00ba Concurso de Dise\u00f1o Social Sum\u00e1 Uso 2013 (2\u00ba Mencion)\" data-rel=\"lightbox-gallery-5\"><img loading=\"lazy\" decoding=\"async\" width=\"150\" height=\"150\" src=\"https:\/\/www.arquimaster.com.ar\/web\/wp-content\/uploads\/2014\/01\/concurso_sume15-150x150.jpg\" class=\"attachment-thumbnail size-thumbnail\" alt=\"\" aria-describedby=\"gallery-5-1838\" srcset=\"https:\/\/www.arquimaster.com.ar\/web\/wp-content\/uploads\/2014\/01\/concurso_sume15-150x150.jpg 150w, https:\/\/www.arquimaster.com.ar\/web\/wp-content\/uploads\/2014\/01\/concurso_sume15-50x50.jpg 50w, https:\/\/www.arquimaster.com.ar\/web\/wp-content\/uploads\/2014\/01\/concurso_sume15-125x125.jpg 125w\" sizes=\"auto, (max-width: 150px) 100vw, 150px\" \/><\/a>\n\t\t\t<\/div>\n\t\t\t\t<figcaption class='wp-caption-text gallery-caption' id='gallery-5-1838'>\n\t\t\t\tResultados del 6\u00ba Concurso de Dise\u00f1o Social Sum\u00e1 Uso 2013 (2\u00ba Mencion)\n\t\t\t\t<\/figcaption><\/figure>\n\t\t<\/div>\n\n<p>Muro Jardin pretende resolver uno de los problemas mas recurrentes en la vivienda de IPV. El excesivo calor y el mal control del asoleamiento. La idea es generar un muro que permita cierto grado de luz y calor atravesar hacia la vivienda, pero controlando con generacion de sombras y colocando el verde tanto como una barrera para el calor, asi como para generar humedad y, segun el habitante, proveer utilidades extra, como la de una huerta.<\/p>\n<p>La estrategia utilizada es mantener los materiales proporcionados casi intactos, a excepcion de algunos cortes y perforaciones. Se proponen modulos simples, de baja estatura, dobles, de mayor proteccion, y un modulo con techo incluido, que capta las aguas de lluvia, todos ellos con la posibilidad de colocacion de plantas.<\/p>\n<p><strong>Acerca de Sume Materiales y Fundaci\u00f3n Sagrada Familia<\/strong><br \/>\nSume Materiales es un programa de Fundaci\u00f3n Sagrada Familia que act\u00faa como nexo entre quienes tienen materiales de construcci\u00f3n y mobiliario para donar y quienes los necesitan. Es un corral\u00f3n social de materiales para la construcci\u00f3n y equipamiento del hogar, que retira sin cargo donaciones a domicilio de materiales o mobiliario para equipar una vivienda, sean estas provenientes de individuos o empresas. Lo donado luego es puesto a la venta en el corral\u00f3n (ubicado en la localidad de Boulogne, San Isidro, Argentina) a un precio social. Fundaci\u00f3n Sagrada Familia fue creada en 1979. Su misi\u00f3n es contribuir a la promoci\u00f3n de las personas y a la consolidaci\u00f3n de las familias, a trav\u00e9s de programas que facilitan el acceso a una vivienda digna.<\/p>\n\n<div style=\"font-size: 0px; height: 0px; line-height: 0px; margin: 0; padding: 0; clear: both;\"><\/div><div style=\"margin-top: 0px; margin-bottom: 0px;\" class=\"sharethis-inline-share-buttons\" ><\/div>","protected":false},"excerpt":{"rendered":"<p>Propuestas innovadoras y sustentables para la vivienda desde una mirada social&#8230;<\/p>\n","protected":false},"author":1,"featured_media":1821,"comment_status":"closed","ping_status":"closed","sticky":false,"template":"","format":"standard","meta":{"_uag_custom_page_level_css":"","footnotes":""},"categories":[68,119],"tags":[5,180,181,291,663,102,664,662,317],"class_list":["post-1820","post","type-post","status-publish","format-standard","has-post-thumbnail","hentry","category-novedades","category-resultados-concursos","tag-concursos","tag-diseno-social","tag-diseno-sustentable","tag-fundacion-sagrada-familia","tag-pallet","tag-resultados-de-concursos","tag-suma-uso","tag-sume-materiales","tag-sustentable","generate-columns","tablet-grid-50","mobile-grid-100","grid-parent","grid-50"],"yoast_head":"<!-- This site is optimized with the Yoast SEO plugin v27.3 - https:\/\/yoast.com\/product\/yoast-seo-wordpress\/ -->\n<title>Resultados del 6\u00ba Concurso de Dise\u00f1o Social Sum\u00e1 Uso 2013 - Arquimaster<\/title>\n<meta name=\"robots\" content=\"index, follow, max-snippet:-1, max-image-preview:large, max-video-preview:-1\" \/>\n<link rel=\"canonical\" href=\"https:\/\/www.arquimaster.com.ar\/web\/resultados-del-6o-concurso-de-diseno-social-suma-uso-2013\/\" \/>\n<meta property=\"og:locale\" content=\"es_ES\" \/>\n<meta property=\"og:type\" content=\"article\" \/>\n<meta property=\"og:title\" content=\"Resultados del 6\u00ba Concurso de Dise\u00f1o Social Sum\u00e1 Uso 2013 - Arquimaster\" \/>\n<meta property=\"og:description\" content=\"Propuestas innovadoras y sustentables para la vivienda desde una mirada social...\" \/>\n<meta property=\"og:url\" content=\"https:\/\/www.arquimaster.com.ar\/web\/resultados-del-6o-concurso-de-diseno-social-suma-uso-2013\/\" \/>\n<meta property=\"og:site_name\" content=\"Arquimaster\" \/>\n<meta property=\"article:publisher\" content=\"http:\/\/www.facebook.com\/ARQUIMASTER.com.ar\" \/>\n<meta property=\"article:published_time\" content=\"2013-12-01T23:12:00+00:00\" \/>\n<meta property=\"article:modified_time\" content=\"2026-03-29T21:18:07+00:00\" \/>\n<meta property=\"og:image\" content=\"https:\/\/www.arquimaster.com.ar\/web\/wp-content\/uploads\/2014\/01\/concurso_sume_slide1.jpg\" \/>\n\t<meta property=\"og:image:width\" content=\"642\" \/>\n\t<meta property=\"og:image:height\" content=\"336\" \/>\n\t<meta property=\"og:image:type\" content=\"image\/jpeg\" \/>\n<meta name=\"author\" content=\"Arquimaster\" \/>\n<meta name=\"twitter:card\" content=\"summary_large_image\" \/>\n<meta name=\"twitter:creator\" content=\"@arquimaster\" \/>\n<meta name=\"twitter:site\" content=\"@arquimaster\" \/>\n<meta name=\"twitter:label1\" content=\"Escrito por\" \/>\n\t<meta name=\"twitter:data1\" content=\"Arquimaster\" \/>\n\t<meta name=\"twitter:label2\" content=\"Tiempo de lectura\" \/>\n\t<meta name=\"twitter:data2\" content=\"6 minutos\" \/>\n<script type=\"application\/ld+json\" class=\"yoast-schema-graph\">{\"@context\":\"https:\\\/\\\/schema.org\",\"@graph\":[{\"@type\":\"Article\",\"@id\":\"https:\\\/\\\/www.arquimaster.com.ar\\\/web\\\/resultados-del-6o-concurso-de-diseno-social-suma-uso-2013\\\/#article\",\"isPartOf\":{\"@id\":\"https:\\\/\\\/www.arquimaster.com.ar\\\/web\\\/resultados-del-6o-concurso-de-diseno-social-suma-uso-2013\\\/\"},\"author\":{\"name\":\"Arquimaster\",\"@id\":\"https:\\\/\\\/www.arquimaster.com.ar\\\/web\\\/#\\\/schema\\\/person\\\/359e9f7c00193fcde068e0dd2ceb0028\"},\"headline\":\"Resultados del 6\u00ba Concurso de Dise\u00f1o Social Sum\u00e1 Uso 2013\",\"datePublished\":\"2013-12-01T23:12:00+00:00\",\"dateModified\":\"2026-03-29T21:18:07+00:00\",\"mainEntityOfPage\":{\"@id\":\"https:\\\/\\\/www.arquimaster.com.ar\\\/web\\\/resultados-del-6o-concurso-de-diseno-social-suma-uso-2013\\\/\"},\"wordCount\":1370,\"publisher\":{\"@id\":\"https:\\\/\\\/www.arquimaster.com.ar\\\/web\\\/#organization\"},\"image\":{\"@id\":\"https:\\\/\\\/www.arquimaster.com.ar\\\/web\\\/resultados-del-6o-concurso-de-diseno-social-suma-uso-2013\\\/#primaryimage\"},\"thumbnailUrl\":\"https:\\\/\\\/www.arquimaster.com.ar\\\/web\\\/wp-content\\\/uploads\\\/2014\\\/01\\\/concurso_sume_slide1.jpg\",\"keywords\":[\"concursos\",\"dise\u00f1o social\",\"dise\u00f1o sustentable\",\"Fundacion Sagrada Familia\",\"pallet\",\"resultados de concursos\",\"Sum\u00e1 Uso\",\"Sume Materiales\",\"sustentable\"],\"articleSection\":[\"Novedades\",\"Resultados de concursos\"],\"inLanguage\":\"es\"},{\"@type\":\"WebPage\",\"@id\":\"https:\\\/\\\/www.arquimaster.com.ar\\\/web\\\/resultados-del-6o-concurso-de-diseno-social-suma-uso-2013\\\/\",\"url\":\"https:\\\/\\\/www.arquimaster.com.ar\\\/web\\\/resultados-del-6o-concurso-de-diseno-social-suma-uso-2013\\\/\",\"name\":\"Resultados del 6\u00ba Concurso de Dise\u00f1o Social Sum\u00e1 Uso 2013 - Arquimaster\",\"isPartOf\":{\"@id\":\"https:\\\/\\\/www.arquimaster.com.ar\\\/web\\\/#website\"},\"primaryImageOfPage\":{\"@id\":\"https:\\\/\\\/www.arquimaster.com.ar\\\/web\\\/resultados-del-6o-concurso-de-diseno-social-suma-uso-2013\\\/#primaryimage\"},\"image\":{\"@id\":\"https:\\\/\\\/www.arquimaster.com.ar\\\/web\\\/resultados-del-6o-concurso-de-diseno-social-suma-uso-2013\\\/#primaryimage\"},\"thumbnailUrl\":\"https:\\\/\\\/www.arquimaster.com.ar\\\/web\\\/wp-content\\\/uploads\\\/2014\\\/01\\\/concurso_sume_slide1.jpg\",\"datePublished\":\"2013-12-01T23:12:00+00:00\",\"dateModified\":\"2026-03-29T21:18:07+00:00\",\"breadcrumb\":{\"@id\":\"https:\\\/\\\/www.arquimaster.com.ar\\\/web\\\/resultados-del-6o-concurso-de-diseno-social-suma-uso-2013\\\/#breadcrumb\"},\"inLanguage\":\"es\",\"potentialAction\":[{\"@type\":\"ReadAction\",\"target\":[\"https:\\\/\\\/www.arquimaster.com.ar\\\/web\\\/resultados-del-6o-concurso-de-diseno-social-suma-uso-2013\\\/\"]}]},{\"@type\":\"ImageObject\",\"inLanguage\":\"es\",\"@id\":\"https:\\\/\\\/www.arquimaster.com.ar\\\/web\\\/resultados-del-6o-concurso-de-diseno-social-suma-uso-2013\\\/#primaryimage\",\"url\":\"https:\\\/\\\/www.arquimaster.com.ar\\\/web\\\/wp-content\\\/uploads\\\/2014\\\/01\\\/concurso_sume_slide1.jpg\",\"contentUrl\":\"https:\\\/\\\/www.arquimaster.com.ar\\\/web\\\/wp-content\\\/uploads\\\/2014\\\/01\\\/concurso_sume_slide1.jpg\",\"width\":642,\"height\":336},{\"@type\":\"BreadcrumbList\",\"@id\":\"https:\\\/\\\/www.arquimaster.com.ar\\\/web\\\/resultados-del-6o-concurso-de-diseno-social-suma-uso-2013\\\/#breadcrumb\",\"itemListElement\":[{\"@type\":\"ListItem\",\"position\":1,\"name\":\"Portada\",\"item\":\"https:\\\/\\\/www.arquimaster.com.ar\\\/web\\\/\"},{\"@type\":\"ListItem\",\"position\":2,\"name\":\"Resultados del 6\u00ba Concurso de Dise\u00f1o Social Sum\u00e1 Uso 2013\"}]},{\"@type\":\"WebSite\",\"@id\":\"https:\\\/\\\/www.arquimaster.com.ar\\\/web\\\/#website\",\"url\":\"https:\\\/\\\/www.arquimaster.com.ar\\\/web\\\/\",\"name\":\"Arquimaster\",\"description\":\"Web de arquitectura, dise\u00f1o y construccion\",\"publisher\":{\"@id\":\"https:\\\/\\\/www.arquimaster.com.ar\\\/web\\\/#organization\"},\"potentialAction\":[{\"@type\":\"SearchAction\",\"target\":{\"@type\":\"EntryPoint\",\"urlTemplate\":\"https:\\\/\\\/www.arquimaster.com.ar\\\/web\\\/?s={search_term_string}\"},\"query-input\":{\"@type\":\"PropertyValueSpecification\",\"valueRequired\":true,\"valueName\":\"search_term_string\"}}],\"inLanguage\":\"es\"},{\"@type\":\"Organization\",\"@id\":\"https:\\\/\\\/www.arquimaster.com.ar\\\/web\\\/#organization\",\"name\":\"Arquimaster\",\"url\":\"https:\\\/\\\/www.arquimaster.com.ar\\\/web\\\/\",\"logo\":{\"@type\":\"ImageObject\",\"inLanguage\":\"es\",\"@id\":\"https:\\\/\\\/www.arquimaster.com.ar\\\/web\\\/#\\\/schema\\\/logo\\\/image\\\/\",\"url\":\"https:\\\/\\\/www.arquimaster.com.ar\\\/web\\\/wp-content\\\/uploads\\\/2022\\\/06\\\/arquimaster.png\",\"contentUrl\":\"https:\\\/\\\/www.arquimaster.com.ar\\\/web\\\/wp-content\\\/uploads\\\/2022\\\/06\\\/arquimaster.png\",\"width\":594,\"height\":78,\"caption\":\"Arquimaster\"},\"image\":{\"@id\":\"https:\\\/\\\/www.arquimaster.com.ar\\\/web\\\/#\\\/schema\\\/logo\\\/image\\\/\"},\"sameAs\":[\"http:\\\/\\\/www.facebook.com\\\/ARQUIMASTER.com.ar\",\"https:\\\/\\\/x.com\\\/arquimaster\",\"https:\\\/\\\/www.instagram.com\\\/arquimasterblog\\\/\",\"https:\\\/\\\/www.linkedin.com\\\/company\\\/arquimaster\",\"https:\\\/\\\/www.pinterest.com\\\/arquimaster\",\"https:\\\/\\\/t.me\\\/arquimaster\"]},{\"@type\":\"Person\",\"@id\":\"https:\\\/\\\/www.arquimaster.com.ar\\\/web\\\/#\\\/schema\\\/person\\\/359e9f7c00193fcde068e0dd2ceb0028\",\"name\":\"Arquimaster\"}]}<\/script>\n<!-- \/ Yoast SEO plugin. -->","yoast_head_json":{"title":"Resultados del 6\u00ba Concurso de Dise\u00f1o Social Sum\u00e1 Uso 2013 - Arquimaster","robots":{"index":"index","follow":"follow","max-snippet":"max-snippet:-1","max-image-preview":"max-image-preview:large","max-video-preview":"max-video-preview:-1"},"canonical":"https:\/\/www.arquimaster.com.ar\/web\/resultados-del-6o-concurso-de-diseno-social-suma-uso-2013\/","og_locale":"es_ES","og_type":"article","og_title":"Resultados del 6\u00ba Concurso de Dise\u00f1o Social Sum\u00e1 Uso 2013 - Arquimaster","og_description":"Propuestas innovadoras y sustentables para la vivienda desde una mirada social...","og_url":"https:\/\/www.arquimaster.com.ar\/web\/resultados-del-6o-concurso-de-diseno-social-suma-uso-2013\/","og_site_name":"Arquimaster","article_publisher":"http:\/\/www.facebook.com\/ARQUIMASTER.com.ar","article_published_time":"2013-12-01T23:12:00+00:00","article_modified_time":"2026-03-29T21:18:07+00:00","og_image":[{"width":642,"height":336,"url":"https:\/\/www.arquimaster.com.ar\/web\/wp-content\/uploads\/2014\/01\/concurso_sume_slide1.jpg","type":"image\/jpeg"}],"author":"Arquimaster","twitter_card":"summary_large_image","twitter_creator":"@arquimaster","twitter_site":"@arquimaster","twitter_misc":{"Escrito por":"Arquimaster","Tiempo de lectura":"6 minutos"},"schema":{"@context":"https:\/\/schema.org","@graph":[{"@type":"Article","@id":"https:\/\/www.arquimaster.com.ar\/web\/resultados-del-6o-concurso-de-diseno-social-suma-uso-2013\/#article","isPartOf":{"@id":"https:\/\/www.arquimaster.com.ar\/web\/resultados-del-6o-concurso-de-diseno-social-suma-uso-2013\/"},"author":{"name":"Arquimaster","@id":"https:\/\/www.arquimaster.com.ar\/web\/#\/schema\/person\/359e9f7c00193fcde068e0dd2ceb0028"},"headline":"Resultados del 6\u00ba Concurso de Dise\u00f1o Social Sum\u00e1 Uso 2013","datePublished":"2013-12-01T23:12:00+00:00","dateModified":"2026-03-29T21:18:07+00:00","mainEntityOfPage":{"@id":"https:\/\/www.arquimaster.com.ar\/web\/resultados-del-6o-concurso-de-diseno-social-suma-uso-2013\/"},"wordCount":1370,"publisher":{"@id":"https:\/\/www.arquimaster.com.ar\/web\/#organization"},"image":{"@id":"https:\/\/www.arquimaster.com.ar\/web\/resultados-del-6o-concurso-de-diseno-social-suma-uso-2013\/#primaryimage"},"thumbnailUrl":"https:\/\/www.arquimaster.com.ar\/web\/wp-content\/uploads\/2014\/01\/concurso_sume_slide1.jpg","keywords":["concursos","dise\u00f1o social","dise\u00f1o sustentable","Fundacion Sagrada Familia","pallet","resultados de concursos","Sum\u00e1 Uso","Sume Materiales","sustentable"],"articleSection":["Novedades","Resultados de concursos"],"inLanguage":"es"},{"@type":"WebPage","@id":"https:\/\/www.arquimaster.com.ar\/web\/resultados-del-6o-concurso-de-diseno-social-suma-uso-2013\/","url":"https:\/\/www.arquimaster.com.ar\/web\/resultados-del-6o-concurso-de-diseno-social-suma-uso-2013\/","name":"Resultados del 6\u00ba Concurso de Dise\u00f1o Social Sum\u00e1 Uso 2013 - Arquimaster","isPartOf":{"@id":"https:\/\/www.arquimaster.com.ar\/web\/#website"},"primaryImageOfPage":{"@id":"https:\/\/www.arquimaster.com.ar\/web\/resultados-del-6o-concurso-de-diseno-social-suma-uso-2013\/#primaryimage"},"image":{"@id":"https:\/\/www.arquimaster.com.ar\/web\/resultados-del-6o-concurso-de-diseno-social-suma-uso-2013\/#primaryimage"},"thumbnailUrl":"https:\/\/www.arquimaster.com.ar\/web\/wp-content\/uploads\/2014\/01\/concurso_sume_slide1.jpg","datePublished":"2013-12-01T23:12:00+00:00","dateModified":"2026-03-29T21:18:07+00:00","breadcrumb":{"@id":"https:\/\/www.arquimaster.com.ar\/web\/resultados-del-6o-concurso-de-diseno-social-suma-uso-2013\/#breadcrumb"},"inLanguage":"es","potentialAction":[{"@type":"ReadAction","target":["https:\/\/www.arquimaster.com.ar\/web\/resultados-del-6o-concurso-de-diseno-social-suma-uso-2013\/"]}]},{"@type":"ImageObject","inLanguage":"es","@id":"https:\/\/www.arquimaster.com.ar\/web\/resultados-del-6o-concurso-de-diseno-social-suma-uso-2013\/#primaryimage","url":"https:\/\/www.arquimaster.com.ar\/web\/wp-content\/uploads\/2014\/01\/concurso_sume_slide1.jpg","contentUrl":"https:\/\/www.arquimaster.com.ar\/web\/wp-content\/uploads\/2014\/01\/concurso_sume_slide1.jpg","width":642,"height":336},{"@type":"BreadcrumbList","@id":"https:\/\/www.arquimaster.com.ar\/web\/resultados-del-6o-concurso-de-diseno-social-suma-uso-2013\/#breadcrumb","itemListElement":[{"@type":"ListItem","position":1,"name":"Portada","item":"https:\/\/www.arquimaster.com.ar\/web\/"},{"@type":"ListItem","position":2,"name":"Resultados del 6\u00ba Concurso de Dise\u00f1o Social Sum\u00e1 Uso 2013"}]},{"@type":"WebSite","@id":"https:\/\/www.arquimaster.com.ar\/web\/#website","url":"https:\/\/www.arquimaster.com.ar\/web\/","name":"Arquimaster","description":"Web de arquitectura, dise\u00f1o y construccion","publisher":{"@id":"https:\/\/www.arquimaster.com.ar\/web\/#organization"},"potentialAction":[{"@type":"SearchAction","target":{"@type":"EntryPoint","urlTemplate":"https:\/\/www.arquimaster.com.ar\/web\/?s={search_term_string}"},"query-input":{"@type":"PropertyValueSpecification","valueRequired":true,"valueName":"search_term_string"}}],"inLanguage":"es"},{"@type":"Organization","@id":"https:\/\/www.arquimaster.com.ar\/web\/#organization","name":"Arquimaster","url":"https:\/\/www.arquimaster.com.ar\/web\/","logo":{"@type":"ImageObject","inLanguage":"es","@id":"https:\/\/www.arquimaster.com.ar\/web\/#\/schema\/logo\/image\/","url":"https:\/\/www.arquimaster.com.ar\/web\/wp-content\/uploads\/2022\/06\/arquimaster.png","contentUrl":"https:\/\/www.arquimaster.com.ar\/web\/wp-content\/uploads\/2022\/06\/arquimaster.png","width":594,"height":78,"caption":"Arquimaster"},"image":{"@id":"https:\/\/www.arquimaster.com.ar\/web\/#\/schema\/logo\/image\/"},"sameAs":["http:\/\/www.facebook.com\/ARQUIMASTER.com.ar","https:\/\/x.com\/arquimaster","https:\/\/www.instagram.com\/arquimasterblog\/","https:\/\/www.linkedin.com\/company\/arquimaster","https:\/\/www.pinterest.com\/arquimaster","https:\/\/t.me\/arquimaster"]},{"@type":"Person","@id":"https:\/\/www.arquimaster.com.ar\/web\/#\/schema\/person\/359e9f7c00193fcde068e0dd2ceb0028","name":"Arquimaster"}]}},"uagb_featured_image_src":{"full":["https:\/\/www.arquimaster.com.ar\/web\/wp-content\/uploads\/2014\/01\/concurso_sume_slide1.jpg",642,336,false],"thumbnail":["https:\/\/www.arquimaster.com.ar\/web\/wp-content\/uploads\/2014\/01\/concurso_sume_slide1-150x150.jpg",150,150,true],"medium":["https:\/\/www.arquimaster.com.ar\/web\/wp-content\/uploads\/2014\/01\/concurso_sume_slide1-300x157.jpg",300,157,true],"medium_large":["https:\/\/www.arquimaster.com.ar\/web\/wp-content\/uploads\/2014\/01\/concurso_sume_slide1.jpg",642,336,false],"large":["https:\/\/www.arquimaster.com.ar\/web\/wp-content\/uploads\/2014\/01\/concurso_sume_slide1.jpg",642,336,false],"1536x1536":["https:\/\/www.arquimaster.com.ar\/web\/wp-content\/uploads\/2014\/01\/concurso_sume_slide1.jpg",642,336,false],"2048x2048":["https:\/\/www.arquimaster.com.ar\/web\/wp-content\/uploads\/2014\/01\/concurso_sume_slide1.jpg",642,336,false]},"uagb_author_info":{"display_name":"Arquimaster","author_link":"https:\/\/www.arquimaster.com.ar\/web\/author\/arquimaster\/"},"uagb_comment_info":0,"uagb_excerpt":"Propuestas innovadoras y sustentables para la vivienda desde una mirada social...","_links":{"self":[{"href":"https:\/\/www.arquimaster.com.ar\/web\/wp-json\/wp\/v2\/posts\/1820","targetHints":{"allow":["GET"]}}],"collection":[{"href":"https:\/\/www.arquimaster.com.ar\/web\/wp-json\/wp\/v2\/posts"}],"about":[{"href":"https:\/\/www.arquimaster.com.ar\/web\/wp-json\/wp\/v2\/types\/post"}],"author":[{"embeddable":true,"href":"https:\/\/www.arquimaster.com.ar\/web\/wp-json\/wp\/v2\/users\/1"}],"replies":[{"embeddable":true,"href":"https:\/\/www.arquimaster.com.ar\/web\/wp-json\/wp\/v2\/comments?post=1820"}],"version-history":[{"count":1,"href":"https:\/\/www.arquimaster.com.ar\/web\/wp-json\/wp\/v2\/posts\/1820\/revisions"}],"predecessor-version":[{"id":88167,"href":"https:\/\/www.arquimaster.com.ar\/web\/wp-json\/wp\/v2\/posts\/1820\/revisions\/88167"}],"wp:featuredmedia":[{"embeddable":true,"href":"https:\/\/www.arquimaster.com.ar\/web\/wp-json\/wp\/v2\/media\/1821"}],"wp:attachment":[{"href":"https:\/\/www.arquimaster.com.ar\/web\/wp-json\/wp\/v2\/media?parent=1820"}],"wp:term":[{"taxonomy":"category","embeddable":true,"href":"https:\/\/www.arquimaster.com.ar\/web\/wp-json\/wp\/v2\/categories?post=1820"},{"taxonomy":"post_tag","embeddable":true,"href":"https:\/\/www.arquimaster.com.ar\/web\/wp-json\/wp\/v2\/tags?post=1820"}],"curies":[{"name":"wp","href":"https:\/\/api.w.org\/{rel}","templated":true}]}}