{"id":18210,"date":"2015-11-04T23:59:11","date_gmt":"2015-11-04T23:59:11","guid":{"rendered":"http:\/\/www.arquimaster.com.ar\/web\/?p=18210"},"modified":"2015-11-04T22:46:45","modified_gmt":"2015-11-04T22:46:45","slug":"loft-zurita-beriot-bernardini-arquitectos","status":"publish","type":"post","link":"https:\/\/www.arquimaster.com.ar\/web\/loft-zurita-beriot-bernardini-arquitectos\/","title":{"rendered":"Loft Zurita \/ Beriot Bernardini Arquitectos"},"content":{"rendered":"<div style=\"margin-top: 0px; margin-bottom: 0px;\" class=\"sharethis-inline-share-buttons\" ><\/div><div class=\"b812932af2e751442846f039925109de\" data-index=\"1\" style=\"float: none; margin:25px 0 25px 0; text-align:center;\">\n<script async src=\"https:\/\/pagead2.googlesyndication.com\/pagead\/js\/adsbygoogle.js\"><\/script>\r\n<!-- Arquimaster (superior) -->\r\n<ins class=\"adsbygoogle\"\r\n     style=\"display:block\"\r\n     data-ad-client=\"ca-pub-6351072698456832\"\r\n     data-ad-slot=\"6455489680\"\r\n     data-ad-format=\"auto\"\r\n     data-full-width-responsive=\"true\"><\/ins>\r\n<script>\r\n     (adsbygoogle = window.adsbygoogle || []).push({});\r\n<\/script>\n<\/div>\n<p><strong>Loft Zurita<\/strong> (Madrid, Espa\u00f1a) por <strong>Beriot Bernardini Arquitectos<\/strong>. Reforma de vivienda en el barrio Lavapi\u00e9s, ubicado en la ciudad de Madrid.<\/p>\n<div id='gallery-1' class='gallery galleryid-18210 gallery-columns-3 gallery-size-thumbnail'><figure class='gallery-item'>\n\t\t\t<div class='gallery-icon landscape'>\n\t\t\t\t<a href='https:\/\/www.arquimaster.com.ar\/web\/wp-content\/uploads\/2015\/11\/loft_zurita1.jpg' title=\"Loft Zurita \/ Beriot Bernardini Arquitectos (\u00a9 Yen Chen)\" data-rl_title=\"Loft Zurita \/ Beriot Bernardini Arquitectos (\u00a9 Yen Chen)\" class=\"rl-gallery-link\" data-rl_caption=\"Loft Zurita \/ Beriot Bernardini Arquitectos (\u00a9 Yen Chen)\" data-rel=\"lightbox-gallery-1\"><img loading=\"lazy\" decoding=\"async\" width=\"150\" height=\"150\" src=\"https:\/\/www.arquimaster.com.ar\/web\/wp-content\/uploads\/2015\/11\/loft_zurita1-150x150.jpg\" class=\"attachment-thumbnail size-thumbnail\" alt=\"\" aria-describedby=\"gallery-1-18212\" srcset=\"https:\/\/www.arquimaster.com.ar\/web\/wp-content\/uploads\/2015\/11\/loft_zurita1-150x150.jpg 150w, https:\/\/www.arquimaster.com.ar\/web\/wp-content\/uploads\/2015\/11\/loft_zurita1-50x50.jpg 50w, https:\/\/www.arquimaster.com.ar\/web\/wp-content\/uploads\/2015\/11\/loft_zurita1-125x125.jpg 125w\" sizes=\"auto, (max-width: 150px) 100vw, 150px\" \/><\/a>\n\t\t\t<\/div>\n\t\t\t\t<figcaption class='wp-caption-text gallery-caption' id='gallery-1-18212'>\n\t\t\t\tLoft Zurita \/ Beriot Bernardini Arquitectos (\u00a9 Yen Chen)\n\t\t\t\t<\/figcaption><\/figure><figure class='gallery-item'>\n\t\t\t<div class='gallery-icon landscape'>\n\t\t\t\t<a href='https:\/\/www.arquimaster.com.ar\/web\/wp-content\/uploads\/2015\/11\/loft_zurita2.jpg' title=\"Loft Zurita \/ Beriot Bernardini Arquitectos (\u00a9 Yen Chen)\" data-rl_title=\"Loft Zurita \/ Beriot Bernardini Arquitectos (\u00a9 Yen Chen)\" class=\"rl-gallery-link\" data-rl_caption=\"Loft Zurita \/ Beriot Bernardini Arquitectos (\u00a9 Yen Chen)\" data-rel=\"lightbox-gallery-1\"><img loading=\"lazy\" decoding=\"async\" width=\"150\" height=\"150\" src=\"https:\/\/www.arquimaster.com.ar\/web\/wp-content\/uploads\/2015\/11\/loft_zurita2-150x150.jpg\" class=\"attachment-thumbnail size-thumbnail\" alt=\"\" aria-describedby=\"gallery-1-18213\" srcset=\"https:\/\/www.arquimaster.com.ar\/web\/wp-content\/uploads\/2015\/11\/loft_zurita2-150x150.jpg 150w, https:\/\/www.arquimaster.com.ar\/web\/wp-content\/uploads\/2015\/11\/loft_zurita2-50x50.jpg 50w, https:\/\/www.arquimaster.com.ar\/web\/wp-content\/uploads\/2015\/11\/loft_zurita2-125x125.jpg 125w\" sizes=\"auto, (max-width: 150px) 100vw, 150px\" \/><\/a>\n\t\t\t<\/div>\n\t\t\t\t<figcaption class='wp-caption-text gallery-caption' id='gallery-1-18213'>\n\t\t\t\tLoft Zurita \/ Beriot Bernardini Arquitectos (\u00a9 Yen Chen)\n\t\t\t\t<\/figcaption><\/figure><figure class='gallery-item'>\n\t\t\t<div class='gallery-icon landscape'>\n\t\t\t\t<a href='https:\/\/www.arquimaster.com.ar\/web\/wp-content\/uploads\/2015\/11\/loft_zurita3.jpg' title=\"Loft Zurita \/ Beriot Bernardini Arquitectos (\u00a9 Yen Chen)\" data-rl_title=\"Loft Zurita \/ Beriot Bernardini Arquitectos (\u00a9 Yen Chen)\" class=\"rl-gallery-link\" data-rl_caption=\"Loft Zurita \/ Beriot Bernardini Arquitectos (\u00a9 Yen Chen)\" data-rel=\"lightbox-gallery-1\"><img loading=\"lazy\" decoding=\"async\" width=\"150\" height=\"150\" src=\"https:\/\/www.arquimaster.com.ar\/web\/wp-content\/uploads\/2015\/11\/loft_zurita3-150x150.jpg\" class=\"attachment-thumbnail size-thumbnail\" alt=\"\" aria-describedby=\"gallery-1-18214\" srcset=\"https:\/\/www.arquimaster.com.ar\/web\/wp-content\/uploads\/2015\/11\/loft_zurita3-150x150.jpg 150w, https:\/\/www.arquimaster.com.ar\/web\/wp-content\/uploads\/2015\/11\/loft_zurita3-50x50.jpg 50w, https:\/\/www.arquimaster.com.ar\/web\/wp-content\/uploads\/2015\/11\/loft_zurita3-125x125.jpg 125w\" sizes=\"auto, (max-width: 150px) 100vw, 150px\" \/><\/a>\n\t\t\t<\/div>\n\t\t\t\t<figcaption class='wp-caption-text gallery-caption' id='gallery-1-18214'>\n\t\t\t\tLoft Zurita \/ Beriot Bernardini Arquitectos (\u00a9 Yen Chen)\n\t\t\t\t<\/figcaption><\/figure><figure class='gallery-item'>\n\t\t\t<div class='gallery-icon portrait'>\n\t\t\t\t<a href='https:\/\/www.arquimaster.com.ar\/web\/wp-content\/uploads\/2015\/11\/loft_zurita4.jpg' title=\"Loft Zurita \/ Beriot Bernardini Arquitectos (\u00a9 Yen Chen)\" data-rl_title=\"Loft Zurita \/ Beriot Bernardini Arquitectos (\u00a9 Yen Chen)\" class=\"rl-gallery-link\" data-rl_caption=\"Loft Zurita \/ Beriot Bernardini Arquitectos (\u00a9 Yen Chen)\" data-rel=\"lightbox-gallery-1\"><img loading=\"lazy\" decoding=\"async\" width=\"150\" height=\"150\" src=\"https:\/\/www.arquimaster.com.ar\/web\/wp-content\/uploads\/2015\/11\/loft_zurita4-150x150.jpg\" class=\"attachment-thumbnail size-thumbnail\" alt=\"\" aria-describedby=\"gallery-1-18215\" srcset=\"https:\/\/www.arquimaster.com.ar\/web\/wp-content\/uploads\/2015\/11\/loft_zurita4-150x150.jpg 150w, https:\/\/www.arquimaster.com.ar\/web\/wp-content\/uploads\/2015\/11\/loft_zurita4-50x50.jpg 50w, https:\/\/www.arquimaster.com.ar\/web\/wp-content\/uploads\/2015\/11\/loft_zurita4-125x125.jpg 125w\" sizes=\"auto, (max-width: 150px) 100vw, 150px\" \/><\/a>\n\t\t\t<\/div>\n\t\t\t\t<figcaption class='wp-caption-text gallery-caption' id='gallery-1-18215'>\n\t\t\t\tLoft Zurita \/ Beriot Bernardini Arquitectos (\u00a9 Yen Chen)\n\t\t\t\t<\/figcaption><\/figure><figure class='gallery-item'>\n\t\t\t<div class='gallery-icon portrait'>\n\t\t\t\t<a href='https:\/\/www.arquimaster.com.ar\/web\/wp-content\/uploads\/2015\/11\/loft_zurita5.jpg' title=\"Loft Zurita \/ Beriot Bernardini Arquitectos (\u00a9 Yen Chen)\" data-rl_title=\"Loft Zurita \/ Beriot Bernardini Arquitectos (\u00a9 Yen Chen)\" class=\"rl-gallery-link\" data-rl_caption=\"Loft Zurita \/ Beriot Bernardini Arquitectos (\u00a9 Yen Chen)\" data-rel=\"lightbox-gallery-1\"><img loading=\"lazy\" decoding=\"async\" width=\"150\" height=\"150\" src=\"https:\/\/www.arquimaster.com.ar\/web\/wp-content\/uploads\/2015\/11\/loft_zurita5-150x150.jpg\" class=\"attachment-thumbnail size-thumbnail\" alt=\"\" aria-describedby=\"gallery-1-18216\" srcset=\"https:\/\/www.arquimaster.com.ar\/web\/wp-content\/uploads\/2015\/11\/loft_zurita5-150x150.jpg 150w, https:\/\/www.arquimaster.com.ar\/web\/wp-content\/uploads\/2015\/11\/loft_zurita5-50x50.jpg 50w, https:\/\/www.arquimaster.com.ar\/web\/wp-content\/uploads\/2015\/11\/loft_zurita5-125x125.jpg 125w\" sizes=\"auto, (max-width: 150px) 100vw, 150px\" \/><\/a>\n\t\t\t<\/div>\n\t\t\t\t<figcaption class='wp-caption-text gallery-caption' id='gallery-1-18216'>\n\t\t\t\tLoft Zurita \/ Beriot Bernardini Arquitectos (\u00a9 Yen Chen)\n\t\t\t\t<\/figcaption><\/figure><figure class='gallery-item'>\n\t\t\t<div class='gallery-icon portrait'>\n\t\t\t\t<a href='https:\/\/www.arquimaster.com.ar\/web\/wp-content\/uploads\/2015\/11\/loft_zurita6.jpg' title=\"Loft Zurita \/ Beriot Bernardini Arquitectos (\u00a9 Yen Chen)\" data-rl_title=\"Loft Zurita \/ Beriot Bernardini Arquitectos (\u00a9 Yen Chen)\" class=\"rl-gallery-link\" data-rl_caption=\"Loft Zurita \/ Beriot Bernardini Arquitectos (\u00a9 Yen Chen)\" data-rel=\"lightbox-gallery-1\"><img loading=\"lazy\" decoding=\"async\" width=\"150\" height=\"150\" src=\"https:\/\/www.arquimaster.com.ar\/web\/wp-content\/uploads\/2015\/11\/loft_zurita6-150x150.jpg\" class=\"attachment-thumbnail size-thumbnail\" alt=\"\" aria-describedby=\"gallery-1-18217\" srcset=\"https:\/\/www.arquimaster.com.ar\/web\/wp-content\/uploads\/2015\/11\/loft_zurita6-150x150.jpg 150w, https:\/\/www.arquimaster.com.ar\/web\/wp-content\/uploads\/2015\/11\/loft_zurita6-50x50.jpg 50w, https:\/\/www.arquimaster.com.ar\/web\/wp-content\/uploads\/2015\/11\/loft_zurita6-125x125.jpg 125w\" sizes=\"auto, (max-width: 150px) 100vw, 150px\" \/><\/a>\n\t\t\t<\/div>\n\t\t\t\t<figcaption class='wp-caption-text gallery-caption' id='gallery-1-18217'>\n\t\t\t\tLoft Zurita \/ Beriot Bernardini Arquitectos (\u00a9 Yen Chen)\n\t\t\t\t<\/figcaption><\/figure><figure class='gallery-item'>\n\t\t\t<div class='gallery-icon portrait'>\n\t\t\t\t<a href='https:\/\/www.arquimaster.com.ar\/web\/wp-content\/uploads\/2015\/11\/loft_zurita7.jpg' title=\"Loft Zurita \/ Beriot Bernardini Arquitectos (\u00a9 Yen Chen)\" data-rl_title=\"Loft Zurita \/ Beriot Bernardini Arquitectos (\u00a9 Yen Chen)\" class=\"rl-gallery-link\" data-rl_caption=\"Loft Zurita \/ Beriot Bernardini Arquitectos (\u00a9 Yen Chen)\" data-rel=\"lightbox-gallery-1\"><img loading=\"lazy\" decoding=\"async\" width=\"150\" height=\"150\" src=\"https:\/\/www.arquimaster.com.ar\/web\/wp-content\/uploads\/2015\/11\/loft_zurita7-150x150.jpg\" class=\"attachment-thumbnail size-thumbnail\" alt=\"\" aria-describedby=\"gallery-1-18218\" srcset=\"https:\/\/www.arquimaster.com.ar\/web\/wp-content\/uploads\/2015\/11\/loft_zurita7-150x150.jpg 150w, https:\/\/www.arquimaster.com.ar\/web\/wp-content\/uploads\/2015\/11\/loft_zurita7-50x50.jpg 50w, https:\/\/www.arquimaster.com.ar\/web\/wp-content\/uploads\/2015\/11\/loft_zurita7-125x125.jpg 125w\" sizes=\"auto, (max-width: 150px) 100vw, 150px\" \/><\/a>\n\t\t\t<\/div>\n\t\t\t\t<figcaption class='wp-caption-text gallery-caption' id='gallery-1-18218'>\n\t\t\t\tLoft Zurita \/ Beriot Bernardini Arquitectos (\u00a9 Yen Chen)\n\t\t\t\t<\/figcaption><\/figure><figure class='gallery-item'>\n\t\t\t<div class='gallery-icon portrait'>\n\t\t\t\t<a href='https:\/\/www.arquimaster.com.ar\/web\/wp-content\/uploads\/2015\/11\/loft_zurita8.jpg' title=\"Loft Zurita \/ Beriot Bernardini Arquitectos (\u00a9 Yen Chen)\" data-rl_title=\"Loft Zurita \/ Beriot Bernardini Arquitectos (\u00a9 Yen Chen)\" class=\"rl-gallery-link\" data-rl_caption=\"Loft Zurita \/ Beriot Bernardini Arquitectos (\u00a9 Yen Chen)\" data-rel=\"lightbox-gallery-1\"><img loading=\"lazy\" decoding=\"async\" width=\"150\" height=\"150\" src=\"https:\/\/www.arquimaster.com.ar\/web\/wp-content\/uploads\/2015\/11\/loft_zurita8-150x150.jpg\" class=\"attachment-thumbnail size-thumbnail\" alt=\"\" aria-describedby=\"gallery-1-18219\" srcset=\"https:\/\/www.arquimaster.com.ar\/web\/wp-content\/uploads\/2015\/11\/loft_zurita8-150x150.jpg 150w, https:\/\/www.arquimaster.com.ar\/web\/wp-content\/uploads\/2015\/11\/loft_zurita8-50x50.jpg 50w, https:\/\/www.arquimaster.com.ar\/web\/wp-content\/uploads\/2015\/11\/loft_zurita8-125x125.jpg 125w\" sizes=\"auto, (max-width: 150px) 100vw, 150px\" \/><\/a>\n\t\t\t<\/div>\n\t\t\t\t<figcaption class='wp-caption-text gallery-caption' id='gallery-1-18219'>\n\t\t\t\tLoft Zurita \/ Beriot Bernardini Arquitectos (\u00a9 Yen Chen)\n\t\t\t\t<\/figcaption><\/figure><figure class='gallery-item'>\n\t\t\t<div class='gallery-icon portrait'>\n\t\t\t\t<a href='https:\/\/www.arquimaster.com.ar\/web\/wp-content\/uploads\/2015\/11\/loft_zurita9.jpg' title=\"Loft Zurita \/ Beriot Bernardini Arquitectos (\u00a9 Yen Chen)\" data-rl_title=\"Loft Zurita \/ Beriot Bernardini Arquitectos (\u00a9 Yen Chen)\" class=\"rl-gallery-link\" data-rl_caption=\"Loft Zurita \/ Beriot Bernardini Arquitectos (\u00a9 Yen Chen)\" data-rel=\"lightbox-gallery-1\"><img loading=\"lazy\" decoding=\"async\" width=\"150\" height=\"150\" src=\"https:\/\/www.arquimaster.com.ar\/web\/wp-content\/uploads\/2015\/11\/loft_zurita9-150x150.jpg\" class=\"attachment-thumbnail size-thumbnail\" alt=\"\" aria-describedby=\"gallery-1-18220\" srcset=\"https:\/\/www.arquimaster.com.ar\/web\/wp-content\/uploads\/2015\/11\/loft_zurita9-150x150.jpg 150w, https:\/\/www.arquimaster.com.ar\/web\/wp-content\/uploads\/2015\/11\/loft_zurita9-50x50.jpg 50w, https:\/\/www.arquimaster.com.ar\/web\/wp-content\/uploads\/2015\/11\/loft_zurita9-125x125.jpg 125w\" sizes=\"auto, (max-width: 150px) 100vw, 150px\" \/><\/a>\n\t\t\t<\/div>\n\t\t\t\t<figcaption class='wp-caption-text gallery-caption' id='gallery-1-18220'>\n\t\t\t\tLoft Zurita \/ Beriot Bernardini Arquitectos (\u00a9 Yen Chen)\n\t\t\t\t<\/figcaption><\/figure><figure class='gallery-item'>\n\t\t\t<div class='gallery-icon portrait'>\n\t\t\t\t<a href='https:\/\/www.arquimaster.com.ar\/web\/wp-content\/uploads\/2015\/11\/loft_zurita10.jpg' title=\"Loft Zurita \/ Beriot Bernardini Arquitectos (\u00a9 Yen Chen)\" data-rl_title=\"Loft Zurita \/ Beriot Bernardini Arquitectos (\u00a9 Yen Chen)\" class=\"rl-gallery-link\" data-rl_caption=\"Loft Zurita \/ Beriot Bernardini Arquitectos (\u00a9 Yen Chen)\" data-rel=\"lightbox-gallery-1\"><img loading=\"lazy\" decoding=\"async\" width=\"150\" height=\"150\" src=\"https:\/\/www.arquimaster.com.ar\/web\/wp-content\/uploads\/2015\/11\/loft_zurita10-150x150.jpg\" class=\"attachment-thumbnail size-thumbnail\" alt=\"\" aria-describedby=\"gallery-1-18221\" srcset=\"https:\/\/www.arquimaster.com.ar\/web\/wp-content\/uploads\/2015\/11\/loft_zurita10-150x150.jpg 150w, https:\/\/www.arquimaster.com.ar\/web\/wp-content\/uploads\/2015\/11\/loft_zurita10-50x50.jpg 50w, https:\/\/www.arquimaster.com.ar\/web\/wp-content\/uploads\/2015\/11\/loft_zurita10-125x125.jpg 125w\" sizes=\"auto, (max-width: 150px) 100vw, 150px\" \/><\/a>\n\t\t\t<\/div>\n\t\t\t\t<figcaption class='wp-caption-text gallery-caption' id='gallery-1-18221'>\n\t\t\t\tLoft Zurita \/ Beriot Bernardini Arquitectos (\u00a9 Yen Chen)\n\t\t\t\t<\/figcaption><\/figure><figure class='gallery-item'>\n\t\t\t<div class='gallery-icon portrait'>\n\t\t\t\t<a href='https:\/\/www.arquimaster.com.ar\/web\/wp-content\/uploads\/2015\/11\/loft_zurita11.jpg' title=\"Loft Zurita \/ Beriot Bernardini Arquitectos (\u00a9 Yen Chen)\" data-rl_title=\"Loft Zurita \/ Beriot Bernardini Arquitectos (\u00a9 Yen Chen)\" class=\"rl-gallery-link\" data-rl_caption=\"Loft Zurita \/ Beriot Bernardini Arquitectos (\u00a9 Yen Chen)\" data-rel=\"lightbox-gallery-1\"><img loading=\"lazy\" decoding=\"async\" width=\"150\" height=\"150\" src=\"https:\/\/www.arquimaster.com.ar\/web\/wp-content\/uploads\/2015\/11\/loft_zurita11-150x150.jpg\" class=\"attachment-thumbnail size-thumbnail\" alt=\"\" aria-describedby=\"gallery-1-18222\" srcset=\"https:\/\/www.arquimaster.com.ar\/web\/wp-content\/uploads\/2015\/11\/loft_zurita11-150x150.jpg 150w, https:\/\/www.arquimaster.com.ar\/web\/wp-content\/uploads\/2015\/11\/loft_zurita11-50x50.jpg 50w, https:\/\/www.arquimaster.com.ar\/web\/wp-content\/uploads\/2015\/11\/loft_zurita11-125x125.jpg 125w\" sizes=\"auto, (max-width: 150px) 100vw, 150px\" \/><\/a>\n\t\t\t<\/div>\n\t\t\t\t<figcaption class='wp-caption-text gallery-caption' id='gallery-1-18222'>\n\t\t\t\tLoft Zurita \/ Beriot Bernardini Arquitectos (\u00a9 Yen Chen)\n\t\t\t\t<\/figcaption><\/figure><figure class='gallery-item'>\n\t\t\t<div class='gallery-icon portrait'>\n\t\t\t\t<a href='https:\/\/www.arquimaster.com.ar\/web\/wp-content\/uploads\/2015\/11\/loft_zurita12.jpg' title=\"Loft Zurita \/ Beriot Bernardini Arquitectos (\u00a9 Yen Chen)\" data-rl_title=\"Loft Zurita \/ Beriot Bernardini Arquitectos (\u00a9 Yen Chen)\" class=\"rl-gallery-link\" data-rl_caption=\"Loft Zurita \/ Beriot Bernardini Arquitectos (\u00a9 Yen Chen)\" data-rel=\"lightbox-gallery-1\"><img loading=\"lazy\" decoding=\"async\" width=\"150\" height=\"150\" src=\"https:\/\/www.arquimaster.com.ar\/web\/wp-content\/uploads\/2015\/11\/loft_zurita12-150x150.jpg\" class=\"attachment-thumbnail size-thumbnail\" alt=\"\" aria-describedby=\"gallery-1-18223\" srcset=\"https:\/\/www.arquimaster.com.ar\/web\/wp-content\/uploads\/2015\/11\/loft_zurita12-150x150.jpg 150w, https:\/\/www.arquimaster.com.ar\/web\/wp-content\/uploads\/2015\/11\/loft_zurita12-50x50.jpg 50w, https:\/\/www.arquimaster.com.ar\/web\/wp-content\/uploads\/2015\/11\/loft_zurita12-125x125.jpg 125w\" sizes=\"auto, (max-width: 150px) 100vw, 150px\" \/><\/a>\n\t\t\t<\/div>\n\t\t\t\t<figcaption class='wp-caption-text gallery-caption' id='gallery-1-18223'>\n\t\t\t\tLoft Zurita \/ Beriot Bernardini Arquitectos (\u00a9 Yen Chen)\n\t\t\t\t<\/figcaption><\/figure><figure class='gallery-item'>\n\t\t\t<div class='gallery-icon portrait'>\n\t\t\t\t<a href='https:\/\/www.arquimaster.com.ar\/web\/wp-content\/uploads\/2015\/11\/loft_zurita13.jpg' title=\"Loft Zurita \/ Beriot Bernardini Arquitectos (\u00a9 Yen Chen)\" data-rl_title=\"Loft Zurita \/ Beriot Bernardini Arquitectos (\u00a9 Yen Chen)\" class=\"rl-gallery-link\" data-rl_caption=\"Loft Zurita \/ Beriot Bernardini Arquitectos (\u00a9 Yen Chen)\" data-rel=\"lightbox-gallery-1\"><img loading=\"lazy\" decoding=\"async\" width=\"150\" height=\"150\" src=\"https:\/\/www.arquimaster.com.ar\/web\/wp-content\/uploads\/2015\/11\/loft_zurita13-150x150.jpg\" class=\"attachment-thumbnail size-thumbnail\" alt=\"\" aria-describedby=\"gallery-1-18224\" srcset=\"https:\/\/www.arquimaster.com.ar\/web\/wp-content\/uploads\/2015\/11\/loft_zurita13-150x150.jpg 150w, https:\/\/www.arquimaster.com.ar\/web\/wp-content\/uploads\/2015\/11\/loft_zurita13-50x50.jpg 50w, https:\/\/www.arquimaster.com.ar\/web\/wp-content\/uploads\/2015\/11\/loft_zurita13-125x125.jpg 125w\" sizes=\"auto, (max-width: 150px) 100vw, 150px\" \/><\/a>\n\t\t\t<\/div>\n\t\t\t\t<figcaption class='wp-caption-text gallery-caption' id='gallery-1-18224'>\n\t\t\t\tLoft Zurita \/ Beriot Bernardini Arquitectos (\u00a9 Yen Chen)\n\t\t\t\t<\/figcaption><\/figure><figure class='gallery-item'>\n\t\t\t<div class='gallery-icon portrait'>\n\t\t\t\t<a href='https:\/\/www.arquimaster.com.ar\/web\/wp-content\/uploads\/2015\/11\/loft_zurita14.jpg' title=\"Loft Zurita \/ Beriot Bernardini Arquitectos (\u00a9 Yen Chen)\" data-rl_title=\"Loft Zurita \/ Beriot Bernardini Arquitectos (\u00a9 Yen Chen)\" class=\"rl-gallery-link\" data-rl_caption=\"Loft Zurita \/ Beriot Bernardini Arquitectos (\u00a9 Yen Chen)\" data-rel=\"lightbox-gallery-1\"><img loading=\"lazy\" decoding=\"async\" width=\"150\" height=\"150\" src=\"https:\/\/www.arquimaster.com.ar\/web\/wp-content\/uploads\/2015\/11\/loft_zurita14-150x150.jpg\" class=\"attachment-thumbnail size-thumbnail\" alt=\"\" aria-describedby=\"gallery-1-18225\" srcset=\"https:\/\/www.arquimaster.com.ar\/web\/wp-content\/uploads\/2015\/11\/loft_zurita14-150x150.jpg 150w, https:\/\/www.arquimaster.com.ar\/web\/wp-content\/uploads\/2015\/11\/loft_zurita14-50x50.jpg 50w, https:\/\/www.arquimaster.com.ar\/web\/wp-content\/uploads\/2015\/11\/loft_zurita14-125x125.jpg 125w\" sizes=\"auto, (max-width: 150px) 100vw, 150px\" \/><\/a>\n\t\t\t<\/div>\n\t\t\t\t<figcaption class='wp-caption-text gallery-caption' id='gallery-1-18225'>\n\t\t\t\tLoft Zurita \/ Beriot Bernardini Arquitectos (\u00a9 Yen Chen)\n\t\t\t\t<\/figcaption><\/figure><figure class='gallery-item'>\n\t\t\t<div class='gallery-icon portrait'>\n\t\t\t\t<a href='https:\/\/www.arquimaster.com.ar\/web\/wp-content\/uploads\/2015\/11\/loft_zurita15.jpg' title=\"Loft Zurita \/ Beriot Bernardini Arquitectos (\u00a9 Yen Chen)\" data-rl_title=\"Loft Zurita \/ Beriot Bernardini Arquitectos (\u00a9 Yen Chen)\" class=\"rl-gallery-link\" data-rl_caption=\"Loft Zurita \/ Beriot Bernardini Arquitectos (\u00a9 Yen Chen)\" data-rel=\"lightbox-gallery-1\"><img loading=\"lazy\" decoding=\"async\" width=\"150\" height=\"150\" src=\"https:\/\/www.arquimaster.com.ar\/web\/wp-content\/uploads\/2015\/11\/loft_zurita15-150x150.jpg\" class=\"attachment-thumbnail size-thumbnail\" alt=\"\" aria-describedby=\"gallery-1-18226\" srcset=\"https:\/\/www.arquimaster.com.ar\/web\/wp-content\/uploads\/2015\/11\/loft_zurita15-150x150.jpg 150w, https:\/\/www.arquimaster.com.ar\/web\/wp-content\/uploads\/2015\/11\/loft_zurita15-50x50.jpg 50w, https:\/\/www.arquimaster.com.ar\/web\/wp-content\/uploads\/2015\/11\/loft_zurita15-125x125.jpg 125w\" sizes=\"auto, (max-width: 150px) 100vw, 150px\" \/><\/a>\n\t\t\t<\/div>\n\t\t\t\t<figcaption class='wp-caption-text gallery-caption' id='gallery-1-18226'>\n\t\t\t\tLoft Zurita \/ Beriot Bernardini Arquitectos (\u00a9 Yen Chen)\n\t\t\t\t<\/figcaption><\/figure><figure class='gallery-item'>\n\t\t\t<div class='gallery-icon portrait'>\n\t\t\t\t<a href='https:\/\/www.arquimaster.com.ar\/web\/wp-content\/uploads\/2015\/11\/loft_zurita16.jpg' title=\"Loft Zurita \/ Beriot Bernardini Arquitectos (\u00a9 Yen Chen)\" data-rl_title=\"Loft Zurita \/ Beriot Bernardini Arquitectos (\u00a9 Yen Chen)\" class=\"rl-gallery-link\" data-rl_caption=\"Loft Zurita \/ Beriot Bernardini Arquitectos (\u00a9 Yen Chen)\" data-rel=\"lightbox-gallery-1\"><img loading=\"lazy\" decoding=\"async\" width=\"150\" height=\"150\" src=\"https:\/\/www.arquimaster.com.ar\/web\/wp-content\/uploads\/2015\/11\/loft_zurita16-150x150.jpg\" class=\"attachment-thumbnail size-thumbnail\" alt=\"\" aria-describedby=\"gallery-1-18227\" srcset=\"https:\/\/www.arquimaster.com.ar\/web\/wp-content\/uploads\/2015\/11\/loft_zurita16-150x150.jpg 150w, https:\/\/www.arquimaster.com.ar\/web\/wp-content\/uploads\/2015\/11\/loft_zurita16-50x50.jpg 50w, https:\/\/www.arquimaster.com.ar\/web\/wp-content\/uploads\/2015\/11\/loft_zurita16-125x125.jpg 125w\" sizes=\"auto, (max-width: 150px) 100vw, 150px\" \/><\/a>\n\t\t\t<\/div>\n\t\t\t\t<figcaption class='wp-caption-text gallery-caption' id='gallery-1-18227'>\n\t\t\t\tLoft Zurita \/ Beriot Bernardini Arquitectos (\u00a9 Yen Chen)\n\t\t\t\t<\/figcaption><\/figure><figure class='gallery-item'>\n\t\t\t<div class='gallery-icon landscape'>\n\t\t\t\t<a href='https:\/\/www.arquimaster.com.ar\/web\/wp-content\/uploads\/2015\/11\/loft_zurita17.jpg' title=\"Loft Zurita \/ Beriot Bernardini Arquitectos (\u00a9 Yen Chen)\" data-rl_title=\"Loft Zurita \/ Beriot Bernardini Arquitectos (\u00a9 Yen Chen)\" class=\"rl-gallery-link\" data-rl_caption=\"Loft Zurita \/ Beriot Bernardini Arquitectos (\u00a9 Yen Chen)\" data-rel=\"lightbox-gallery-1\"><img loading=\"lazy\" decoding=\"async\" width=\"150\" height=\"150\" src=\"https:\/\/www.arquimaster.com.ar\/web\/wp-content\/uploads\/2015\/11\/loft_zurita17-150x150.jpg\" class=\"attachment-thumbnail size-thumbnail\" alt=\"\" aria-describedby=\"gallery-1-18228\" srcset=\"https:\/\/www.arquimaster.com.ar\/web\/wp-content\/uploads\/2015\/11\/loft_zurita17-150x150.jpg 150w, https:\/\/www.arquimaster.com.ar\/web\/wp-content\/uploads\/2015\/11\/loft_zurita17-50x50.jpg 50w, https:\/\/www.arquimaster.com.ar\/web\/wp-content\/uploads\/2015\/11\/loft_zurita17-125x125.jpg 125w\" sizes=\"auto, (max-width: 150px) 100vw, 150px\" \/><\/a>\n\t\t\t<\/div>\n\t\t\t\t<figcaption class='wp-caption-text gallery-caption' id='gallery-1-18228'>\n\t\t\t\tLoft Zurita \/ Beriot Bernardini Arquitectos (\u00a9 Yen Chen)\n\t\t\t\t<\/figcaption><\/figure><figure class='gallery-item'>\n\t\t\t<div class='gallery-icon landscape'>\n\t\t\t\t<a href='https:\/\/www.arquimaster.com.ar\/web\/wp-content\/uploads\/2015\/11\/loft_zurita18.jpg' title=\"Loft Zurita \/ Beriot Bernardini Arquitectos (planta baja)\" data-rl_title=\"Loft Zurita \/ Beriot Bernardini Arquitectos (planta baja)\" class=\"rl-gallery-link\" data-rl_caption=\"Loft Zurita \/ Beriot Bernardini Arquitectos (planta baja)\" data-rel=\"lightbox-gallery-1\"><img loading=\"lazy\" decoding=\"async\" width=\"150\" height=\"150\" src=\"https:\/\/www.arquimaster.com.ar\/web\/wp-content\/uploads\/2015\/11\/loft_zurita18-150x150.jpg\" class=\"attachment-thumbnail size-thumbnail\" alt=\"\" aria-describedby=\"gallery-1-18229\" srcset=\"https:\/\/www.arquimaster.com.ar\/web\/wp-content\/uploads\/2015\/11\/loft_zurita18-150x150.jpg 150w, https:\/\/www.arquimaster.com.ar\/web\/wp-content\/uploads\/2015\/11\/loft_zurita18-50x50.jpg 50w, https:\/\/www.arquimaster.com.ar\/web\/wp-content\/uploads\/2015\/11\/loft_zurita18-125x125.jpg 125w\" sizes=\"auto, (max-width: 150px) 100vw, 150px\" \/><\/a>\n\t\t\t<\/div>\n\t\t\t\t<figcaption class='wp-caption-text gallery-caption' id='gallery-1-18229'>\n\t\t\t\tLoft Zurita \/ Beriot Bernardini Arquitectos (planta baja)\n\t\t\t\t<\/figcaption><\/figure><figure class='gallery-item'>\n\t\t\t<div class='gallery-icon landscape'>\n\t\t\t\t<a href='https:\/\/www.arquimaster.com.ar\/web\/wp-content\/uploads\/2015\/11\/loft_zurita19.jpg' title=\"Loft Zurita \/ Beriot Bernardini Arquitectos (planta altillo)\" data-rl_title=\"Loft Zurita \/ Beriot Bernardini Arquitectos (planta altillo)\" class=\"rl-gallery-link\" data-rl_caption=\"Loft Zurita \/ Beriot Bernardini Arquitectos (planta altillo)\" data-rel=\"lightbox-gallery-1\"><img loading=\"lazy\" decoding=\"async\" width=\"150\" height=\"150\" src=\"https:\/\/www.arquimaster.com.ar\/web\/wp-content\/uploads\/2015\/11\/loft_zurita19-150x150.jpg\" class=\"attachment-thumbnail size-thumbnail\" alt=\"\" aria-describedby=\"gallery-1-18230\" srcset=\"https:\/\/www.arquimaster.com.ar\/web\/wp-content\/uploads\/2015\/11\/loft_zurita19-150x150.jpg 150w, https:\/\/www.arquimaster.com.ar\/web\/wp-content\/uploads\/2015\/11\/loft_zurita19-50x50.jpg 50w, https:\/\/www.arquimaster.com.ar\/web\/wp-content\/uploads\/2015\/11\/loft_zurita19-125x125.jpg 125w\" sizes=\"auto, (max-width: 150px) 100vw, 150px\" \/><\/a>\n\t\t\t<\/div>\n\t\t\t\t<figcaption class='wp-caption-text gallery-caption' id='gallery-1-18230'>\n\t\t\t\tLoft Zurita \/ Beriot Bernardini Arquitectos (planta altillo)\n\t\t\t\t<\/figcaption><\/figure><figure class='gallery-item'>\n\t\t\t<div class='gallery-icon landscape'>\n\t\t\t\t<a href='https:\/\/www.arquimaster.com.ar\/web\/wp-content\/uploads\/2015\/11\/loft_zurita20.jpg' title=\"Loft Zurita \/ Beriot Bernardini Arquitectos (corte)\" data-rl_title=\"Loft Zurita \/ Beriot Bernardini Arquitectos (corte)\" class=\"rl-gallery-link\" data-rl_caption=\"Loft Zurita \/ Beriot Bernardini Arquitectos (corte)\" data-rel=\"lightbox-gallery-1\"><img loading=\"lazy\" decoding=\"async\" width=\"150\" height=\"150\" src=\"https:\/\/www.arquimaster.com.ar\/web\/wp-content\/uploads\/2015\/11\/loft_zurita20-150x150.jpg\" class=\"attachment-thumbnail size-thumbnail\" alt=\"\" aria-describedby=\"gallery-1-18231\" srcset=\"https:\/\/www.arquimaster.com.ar\/web\/wp-content\/uploads\/2015\/11\/loft_zurita20-150x150.jpg 150w, https:\/\/www.arquimaster.com.ar\/web\/wp-content\/uploads\/2015\/11\/loft_zurita20-50x50.jpg 50w, https:\/\/www.arquimaster.com.ar\/web\/wp-content\/uploads\/2015\/11\/loft_zurita20-125x125.jpg 125w\" sizes=\"auto, (max-width: 150px) 100vw, 150px\" \/><\/a>\n\t\t\t<\/div>\n\t\t\t\t<figcaption class='wp-caption-text gallery-caption' id='gallery-1-18231'>\n\t\t\t\tLoft Zurita \/ Beriot Bernardini Arquitectos (corte)\n\t\t\t\t<\/figcaption><\/figure><figure class='gallery-item'>\n\t\t\t<div class='gallery-icon landscape'>\n\t\t\t\t<a href='https:\/\/www.arquimaster.com.ar\/web\/wp-content\/uploads\/2015\/11\/loft_zurita21.jpg' title=\"Loft Zurita \/ Beriot Bernardini Arquitectos (corte)\" data-rl_title=\"Loft Zurita \/ Beriot Bernardini Arquitectos (corte)\" class=\"rl-gallery-link\" data-rl_caption=\"Loft Zurita \/ Beriot Bernardini Arquitectos (corte)\" data-rel=\"lightbox-gallery-1\"><img loading=\"lazy\" decoding=\"async\" width=\"150\" height=\"150\" src=\"https:\/\/www.arquimaster.com.ar\/web\/wp-content\/uploads\/2015\/11\/loft_zurita21-150x150.jpg\" class=\"attachment-thumbnail size-thumbnail\" alt=\"\" aria-describedby=\"gallery-1-18232\" srcset=\"https:\/\/www.arquimaster.com.ar\/web\/wp-content\/uploads\/2015\/11\/loft_zurita21-150x150.jpg 150w, https:\/\/www.arquimaster.com.ar\/web\/wp-content\/uploads\/2015\/11\/loft_zurita21-50x50.jpg 50w, https:\/\/www.arquimaster.com.ar\/web\/wp-content\/uploads\/2015\/11\/loft_zurita21-125x125.jpg 125w\" sizes=\"auto, (max-width: 150px) 100vw, 150px\" \/><\/a>\n\t\t\t<\/div>\n\t\t\t\t<figcaption class='wp-caption-text gallery-caption' id='gallery-1-18232'>\n\t\t\t\tLoft Zurita \/ Beriot Bernardini Arquitectos (corte)\n\t\t\t\t<\/figcaption><\/figure><figure class='gallery-item'>\n\t\t\t<div class='gallery-icon landscape'>\n\t\t\t\t<a href='https:\/\/www.arquimaster.com.ar\/web\/wp-content\/uploads\/2015\/11\/loft_zurita22.jpg' title=\"Loft Zurita \/ Beriot Bernardini Arquitectos (corte)\" data-rl_title=\"Loft Zurita \/ Beriot Bernardini Arquitectos (corte)\" class=\"rl-gallery-link\" data-rl_caption=\"Loft Zurita \/ Beriot Bernardini Arquitectos (corte)\" data-rel=\"lightbox-gallery-1\"><img loading=\"lazy\" decoding=\"async\" width=\"150\" height=\"150\" src=\"https:\/\/www.arquimaster.com.ar\/web\/wp-content\/uploads\/2015\/11\/loft_zurita22-150x150.jpg\" class=\"attachment-thumbnail size-thumbnail\" alt=\"\" aria-describedby=\"gallery-1-18233\" srcset=\"https:\/\/www.arquimaster.com.ar\/web\/wp-content\/uploads\/2015\/11\/loft_zurita22-150x150.jpg 150w, https:\/\/www.arquimaster.com.ar\/web\/wp-content\/uploads\/2015\/11\/loft_zurita22-50x50.jpg 50w, https:\/\/www.arquimaster.com.ar\/web\/wp-content\/uploads\/2015\/11\/loft_zurita22-125x125.jpg 125w\" sizes=\"auto, (max-width: 150px) 100vw, 150px\" \/><\/a>\n\t\t\t<\/div>\n\t\t\t\t<figcaption class='wp-caption-text gallery-caption' id='gallery-1-18233'>\n\t\t\t\tLoft Zurita \/ Beriot Bernardini Arquitectos (corte)\n\t\t\t\t<\/figcaption><\/figure><figure class='gallery-item'>\n\t\t\t<div class='gallery-icon landscape'>\n\t\t\t\t<a href='https:\/\/www.arquimaster.com.ar\/web\/wp-content\/uploads\/2015\/11\/loft_zurita23.jpg' title=\"Loft Zurita \/ Beriot Bernardini Arquitectos (corte)\" data-rl_title=\"Loft Zurita \/ Beriot Bernardini Arquitectos (corte)\" class=\"rl-gallery-link\" data-rl_caption=\"Loft Zurita \/ Beriot Bernardini Arquitectos (corte)\" data-rel=\"lightbox-gallery-1\"><img loading=\"lazy\" decoding=\"async\" width=\"150\" height=\"150\" src=\"https:\/\/www.arquimaster.com.ar\/web\/wp-content\/uploads\/2015\/11\/loft_zurita23-150x150.jpg\" class=\"attachment-thumbnail size-thumbnail\" alt=\"\" aria-describedby=\"gallery-1-18234\" srcset=\"https:\/\/www.arquimaster.com.ar\/web\/wp-content\/uploads\/2015\/11\/loft_zurita23-150x150.jpg 150w, https:\/\/www.arquimaster.com.ar\/web\/wp-content\/uploads\/2015\/11\/loft_zurita23-50x50.jpg 50w, https:\/\/www.arquimaster.com.ar\/web\/wp-content\/uploads\/2015\/11\/loft_zurita23-125x125.jpg 125w\" sizes=\"auto, (max-width: 150px) 100vw, 150px\" \/><\/a>\n\t\t\t<\/div>\n\t\t\t\t<figcaption class='wp-caption-text gallery-caption' id='gallery-1-18234'>\n\t\t\t\tLoft Zurita \/ Beriot Bernardini Arquitectos (corte)\n\t\t\t\t<\/figcaption><\/figure><figure class='gallery-item'>\n\t\t\t<div class='gallery-icon portrait'>\n\t\t\t\t<a href='https:\/\/www.arquimaster.com.ar\/web\/wp-content\/uploads\/2015\/11\/loft_zurita24.jpg' title=\"Loft Zurita \/ Beriot Bernardini Arquitectos (corte)\" data-rl_title=\"Loft Zurita \/ Beriot Bernardini Arquitectos (corte)\" class=\"rl-gallery-link\" data-rl_caption=\"Loft Zurita \/ Beriot Bernardini Arquitectos (corte)\" data-rel=\"lightbox-gallery-1\"><img loading=\"lazy\" decoding=\"async\" width=\"150\" height=\"150\" src=\"https:\/\/www.arquimaster.com.ar\/web\/wp-content\/uploads\/2015\/11\/loft_zurita24-150x150.jpg\" class=\"attachment-thumbnail size-thumbnail\" alt=\"\" aria-describedby=\"gallery-1-18235\" srcset=\"https:\/\/www.arquimaster.com.ar\/web\/wp-content\/uploads\/2015\/11\/loft_zurita24-150x150.jpg 150w, https:\/\/www.arquimaster.com.ar\/web\/wp-content\/uploads\/2015\/11\/loft_zurita24-50x50.jpg 50w, https:\/\/www.arquimaster.com.ar\/web\/wp-content\/uploads\/2015\/11\/loft_zurita24-125x125.jpg 125w\" sizes=\"auto, (max-width: 150px) 100vw, 150px\" \/><\/a>\n\t\t\t<\/div>\n\t\t\t\t<figcaption class='wp-caption-text gallery-caption' id='gallery-1-18235'>\n\t\t\t\tLoft Zurita \/ Beriot Bernardini Arquitectos (corte)\n\t\t\t\t<\/figcaption><\/figure><figure class='gallery-item'>\n\t\t\t<div class='gallery-icon landscape'>\n\t\t\t\t<a href='https:\/\/www.arquimaster.com.ar\/web\/wp-content\/uploads\/2015\/11\/loft_zurita25.jpg' title=\"Loft Zurita \/ Beriot Bernardini Arquitectos (axonometrica)\" data-rl_title=\"Loft Zurita \/ Beriot Bernardini Arquitectos (axonometrica)\" class=\"rl-gallery-link\" data-rl_caption=\"Loft Zurita \/ Beriot Bernardini Arquitectos (axonometrica)\" data-rel=\"lightbox-gallery-1\"><img loading=\"lazy\" decoding=\"async\" width=\"150\" height=\"150\" src=\"https:\/\/www.arquimaster.com.ar\/web\/wp-content\/uploads\/2015\/11\/loft_zurita25-150x150.jpg\" class=\"attachment-thumbnail size-thumbnail\" alt=\"\" aria-describedby=\"gallery-1-18236\" srcset=\"https:\/\/www.arquimaster.com.ar\/web\/wp-content\/uploads\/2015\/11\/loft_zurita25-150x150.jpg 150w, https:\/\/www.arquimaster.com.ar\/web\/wp-content\/uploads\/2015\/11\/loft_zurita25-50x50.jpg 50w, https:\/\/www.arquimaster.com.ar\/web\/wp-content\/uploads\/2015\/11\/loft_zurita25-125x125.jpg 125w\" sizes=\"auto, (max-width: 150px) 100vw, 150px\" \/><\/a>\n\t\t\t<\/div>\n\t\t\t\t<figcaption class='wp-caption-text gallery-caption' id='gallery-1-18236'>\n\t\t\t\tLoft Zurita \/ Beriot Bernardini Arquitectos (axonometrica)\n\t\t\t\t<\/figcaption><\/figure>\n\t\t<\/div>\n\n<p>Se propone convertir la vivienda, de tama\u00f1o muy reducido, en un paisaje que distorsione su escala real.<\/p>\n<p>La petici\u00f3n por parte del cliente de una escalera normal para acceder al peque\u00f1o altillo-dormitorio marca la pauta para la creaci\u00f3n de una \u00abmonta\u00f1a\u00bb que es tambi\u00e9n almacenamiento y armario en el acceso, delimitaci\u00f3n entre \u00e9ste y cocina, y estudio en su parte alta.<\/p>\n<p>Una mesa crece de un pelda\u00f1o, acompa\u00f1ada de taburetes que reflejan su forma al esconderse bajo ella.<\/p>\n<p>La cocina se delimita en su contorno, creando un marco que restringe su influencia y genera un nuevo objeto en el paisaje.<\/p>\n<p><strong>Ficha tecnica<\/strong><br \/>\nNombre: Loft Zurita<br \/>\nUbicaci\u00f3n: Calle Zurita, Barrio Lavapi\u00e9s, Madrid, Espa\u00f1a<br \/>\nProyecto: Beriot Bernardini Arquitectos<br \/>\nArquitecto responsable: Miguel Bernardini Asenjo y Aurelie Beriot<br \/>\nArquitecto colaborador: Jorge Consuegra<br \/>\nPrograma: Reforma de vivienda<br \/>\nFecha de construcci\u00f3n: 2014<br \/>\nSuperficie total: 28 m2<br \/>\nFotografias: Yen Chen<\/p>\n<p><strong>Contacto:<\/strong> <a href=\"http:\/\/www.beriotbernardini.net\" target=\"_blank\">http:\/\/www.beriotbernardini.net<\/a><\/p>\n<p>&nbsp;<\/p>\n<p><em><strong>English version<\/strong><\/em><\/p>\n<p><em>Apartment renovation in Madrid<\/em><\/p>\n<p><em>The project plays with the idea of a landscape to distort the apartment&#8217;s small size.<\/em><\/p>\n<p><em>The request by the client for a \u00abreal\u00bb staircase to climb to the elevated bed allows for the construction of a \u00abmountain\u00bb which also serves as delimitation between access and kitchen and as storage, entrance cupboard and workspace at its top.<\/em><\/p>\n<p><em>A small table grows out of a step, with two stools shadowing its form when they hide under it.<\/em><\/p>\n<p><em>The kitchen&#8217;s contour is outlined precisely, framing it to define its limits and creating a new object for the landscape.<\/em><\/p>\n\n<div style=\"font-size: 0px; height: 0px; line-height: 0px; margin: 0; padding: 0; clear: both;\"><\/div><div style=\"margin-top: 0px; margin-bottom: 0px;\" class=\"sharethis-inline-share-buttons\" ><\/div>","protected":false},"excerpt":{"rendered":"<p>Convertir la vivienda, de tama\u00f1o muy reducido, en un paisaje que distorsione su escala real&#8230;<\/p>\n","protected":false},"author":1,"featured_media":18211,"comment_status":"closed","ping_status":"closed","sticky":false,"template":"","format":"standard","meta":{"_uag_custom_page_level_css":"","footnotes":""},"categories":[79,1],"tags":[869,968,441,1043],"class_list":["post-18210","post","type-post","status-publish","format-standard","has-post-thumbnail","hentry","category-departamentos","category-proyecto","tag-beriot-bernardini-arquitectos","tag-loft","tag-madrid","tag-reforma-de-vivienda","generate-columns","tablet-grid-50","mobile-grid-100","grid-parent","grid-50"],"yoast_head":"<!-- This site is optimized with the Yoast SEO plugin v27.3 - https:\/\/yoast.com\/product\/yoast-seo-wordpress\/ -->\n<title>Loft Zurita \/ Beriot Bernardini Arquitectos - Arquimaster<\/title>\n<meta name=\"robots\" content=\"index, follow, max-snippet:-1, max-image-preview:large, max-video-preview:-1\" \/>\n<link rel=\"canonical\" href=\"https:\/\/www.arquimaster.com.ar\/web\/loft-zurita-beriot-bernardini-arquitectos\/\" \/>\n<meta property=\"og:locale\" content=\"es_ES\" \/>\n<meta property=\"og:type\" content=\"article\" \/>\n<meta property=\"og:title\" content=\"Loft Zurita \/ Beriot Bernardini Arquitectos - Arquimaster\" \/>\n<meta property=\"og:description\" content=\"Convertir la vivienda, de tama\u00f1o muy reducido, en un paisaje que distorsione su escala real...\" \/>\n<meta property=\"og:url\" content=\"https:\/\/www.arquimaster.com.ar\/web\/loft-zurita-beriot-bernardini-arquitectos\/\" \/>\n<meta property=\"og:site_name\" content=\"Arquimaster\" \/>\n<meta property=\"article:publisher\" content=\"http:\/\/www.facebook.com\/ARQUIMASTER.com.ar\" \/>\n<meta property=\"article:published_time\" content=\"2015-11-04T23:59:11+00:00\" \/>\n<meta property=\"og:image\" content=\"https:\/\/www.arquimaster.com.ar\/web\/wp-content\/uploads\/2015\/11\/loft_zurita_slide.jpg\" \/>\n\t<meta property=\"og:image:width\" content=\"642\" \/>\n\t<meta property=\"og:image:height\" content=\"336\" \/>\n\t<meta property=\"og:image:type\" content=\"image\/jpeg\" \/>\n<meta name=\"author\" content=\"Arquimaster\" \/>\n<meta name=\"twitter:card\" content=\"summary_large_image\" \/>\n<meta name=\"twitter:creator\" content=\"@arquimaster\" \/>\n<meta name=\"twitter:site\" content=\"@arquimaster\" \/>\n<meta name=\"twitter:label1\" content=\"Escrito por\" \/>\n\t<meta name=\"twitter:data1\" content=\"Arquimaster\" \/>\n\t<meta name=\"twitter:label2\" content=\"Tiempo de lectura\" \/>\n\t<meta name=\"twitter:data2\" content=\"1 minuto\" \/>\n<script type=\"application\/ld+json\" class=\"yoast-schema-graph\">{\"@context\":\"https:\\\/\\\/schema.org\",\"@graph\":[{\"@type\":\"Article\",\"@id\":\"https:\\\/\\\/www.arquimaster.com.ar\\\/web\\\/loft-zurita-beriot-bernardini-arquitectos\\\/#article\",\"isPartOf\":{\"@id\":\"https:\\\/\\\/www.arquimaster.com.ar\\\/web\\\/loft-zurita-beriot-bernardini-arquitectos\\\/\"},\"author\":{\"name\":\"Arquimaster\",\"@id\":\"https:\\\/\\\/www.arquimaster.com.ar\\\/web\\\/#\\\/schema\\\/person\\\/359e9f7c00193fcde068e0dd2ceb0028\"},\"headline\":\"Loft Zurita \\\/ Beriot Bernardini Arquitectos\",\"datePublished\":\"2015-11-04T23:59:11+00:00\",\"mainEntityOfPage\":{\"@id\":\"https:\\\/\\\/www.arquimaster.com.ar\\\/web\\\/loft-zurita-beriot-bernardini-arquitectos\\\/\"},\"wordCount\":295,\"publisher\":{\"@id\":\"https:\\\/\\\/www.arquimaster.com.ar\\\/web\\\/#organization\"},\"image\":{\"@id\":\"https:\\\/\\\/www.arquimaster.com.ar\\\/web\\\/loft-zurita-beriot-bernardini-arquitectos\\\/#primaryimage\"},\"thumbnailUrl\":\"https:\\\/\\\/www.arquimaster.com.ar\\\/web\\\/wp-content\\\/uploads\\\/2015\\\/11\\\/loft_zurita_slide.jpg\",\"keywords\":[\"Beriot Bernardini Arquitectos\",\"loft\",\"Madrid\",\"reforma de vivienda\"],\"articleSection\":[\"Departamentos y Lofts\",\"Proyecto\"],\"inLanguage\":\"es\"},{\"@type\":\"WebPage\",\"@id\":\"https:\\\/\\\/www.arquimaster.com.ar\\\/web\\\/loft-zurita-beriot-bernardini-arquitectos\\\/\",\"url\":\"https:\\\/\\\/www.arquimaster.com.ar\\\/web\\\/loft-zurita-beriot-bernardini-arquitectos\\\/\",\"name\":\"Loft Zurita \\\/ Beriot Bernardini Arquitectos - Arquimaster\",\"isPartOf\":{\"@id\":\"https:\\\/\\\/www.arquimaster.com.ar\\\/web\\\/#website\"},\"primaryImageOfPage\":{\"@id\":\"https:\\\/\\\/www.arquimaster.com.ar\\\/web\\\/loft-zurita-beriot-bernardini-arquitectos\\\/#primaryimage\"},\"image\":{\"@id\":\"https:\\\/\\\/www.arquimaster.com.ar\\\/web\\\/loft-zurita-beriot-bernardini-arquitectos\\\/#primaryimage\"},\"thumbnailUrl\":\"https:\\\/\\\/www.arquimaster.com.ar\\\/web\\\/wp-content\\\/uploads\\\/2015\\\/11\\\/loft_zurita_slide.jpg\",\"datePublished\":\"2015-11-04T23:59:11+00:00\",\"breadcrumb\":{\"@id\":\"https:\\\/\\\/www.arquimaster.com.ar\\\/web\\\/loft-zurita-beriot-bernardini-arquitectos\\\/#breadcrumb\"},\"inLanguage\":\"es\",\"potentialAction\":[{\"@type\":\"ReadAction\",\"target\":[\"https:\\\/\\\/www.arquimaster.com.ar\\\/web\\\/loft-zurita-beriot-bernardini-arquitectos\\\/\"]}]},{\"@type\":\"ImageObject\",\"inLanguage\":\"es\",\"@id\":\"https:\\\/\\\/www.arquimaster.com.ar\\\/web\\\/loft-zurita-beriot-bernardini-arquitectos\\\/#primaryimage\",\"url\":\"https:\\\/\\\/www.arquimaster.com.ar\\\/web\\\/wp-content\\\/uploads\\\/2015\\\/11\\\/loft_zurita_slide.jpg\",\"contentUrl\":\"https:\\\/\\\/www.arquimaster.com.ar\\\/web\\\/wp-content\\\/uploads\\\/2015\\\/11\\\/loft_zurita_slide.jpg\",\"width\":642,\"height\":336},{\"@type\":\"BreadcrumbList\",\"@id\":\"https:\\\/\\\/www.arquimaster.com.ar\\\/web\\\/loft-zurita-beriot-bernardini-arquitectos\\\/#breadcrumb\",\"itemListElement\":[{\"@type\":\"ListItem\",\"position\":1,\"name\":\"Portada\",\"item\":\"https:\\\/\\\/www.arquimaster.com.ar\\\/web\\\/\"},{\"@type\":\"ListItem\",\"position\":2,\"name\":\"Loft Zurita \\\/ Beriot Bernardini Arquitectos\"}]},{\"@type\":\"WebSite\",\"@id\":\"https:\\\/\\\/www.arquimaster.com.ar\\\/web\\\/#website\",\"url\":\"https:\\\/\\\/www.arquimaster.com.ar\\\/web\\\/\",\"name\":\"Arquimaster\",\"description\":\"Web de arquitectura, dise\u00f1o y construccion\",\"publisher\":{\"@id\":\"https:\\\/\\\/www.arquimaster.com.ar\\\/web\\\/#organization\"},\"potentialAction\":[{\"@type\":\"SearchAction\",\"target\":{\"@type\":\"EntryPoint\",\"urlTemplate\":\"https:\\\/\\\/www.arquimaster.com.ar\\\/web\\\/?s={search_term_string}\"},\"query-input\":{\"@type\":\"PropertyValueSpecification\",\"valueRequired\":true,\"valueName\":\"search_term_string\"}}],\"inLanguage\":\"es\"},{\"@type\":\"Organization\",\"@id\":\"https:\\\/\\\/www.arquimaster.com.ar\\\/web\\\/#organization\",\"name\":\"Arquimaster\",\"url\":\"https:\\\/\\\/www.arquimaster.com.ar\\\/web\\\/\",\"logo\":{\"@type\":\"ImageObject\",\"inLanguage\":\"es\",\"@id\":\"https:\\\/\\\/www.arquimaster.com.ar\\\/web\\\/#\\\/schema\\\/logo\\\/image\\\/\",\"url\":\"https:\\\/\\\/www.arquimaster.com.ar\\\/web\\\/wp-content\\\/uploads\\\/2022\\\/06\\\/arquimaster.png\",\"contentUrl\":\"https:\\\/\\\/www.arquimaster.com.ar\\\/web\\\/wp-content\\\/uploads\\\/2022\\\/06\\\/arquimaster.png\",\"width\":594,\"height\":78,\"caption\":\"Arquimaster\"},\"image\":{\"@id\":\"https:\\\/\\\/www.arquimaster.com.ar\\\/web\\\/#\\\/schema\\\/logo\\\/image\\\/\"},\"sameAs\":[\"http:\\\/\\\/www.facebook.com\\\/ARQUIMASTER.com.ar\",\"https:\\\/\\\/x.com\\\/arquimaster\",\"https:\\\/\\\/www.instagram.com\\\/arquimasterblog\\\/\",\"https:\\\/\\\/www.linkedin.com\\\/company\\\/arquimaster\",\"https:\\\/\\\/www.pinterest.com\\\/arquimaster\",\"https:\\\/\\\/t.me\\\/arquimaster\"]},{\"@type\":\"Person\",\"@id\":\"https:\\\/\\\/www.arquimaster.com.ar\\\/web\\\/#\\\/schema\\\/person\\\/359e9f7c00193fcde068e0dd2ceb0028\",\"name\":\"Arquimaster\"}]}<\/script>\n<!-- \/ Yoast SEO plugin. -->","yoast_head_json":{"title":"Loft Zurita \/ Beriot Bernardini Arquitectos - Arquimaster","robots":{"index":"index","follow":"follow","max-snippet":"max-snippet:-1","max-image-preview":"max-image-preview:large","max-video-preview":"max-video-preview:-1"},"canonical":"https:\/\/www.arquimaster.com.ar\/web\/loft-zurita-beriot-bernardini-arquitectos\/","og_locale":"es_ES","og_type":"article","og_title":"Loft Zurita \/ Beriot Bernardini Arquitectos - Arquimaster","og_description":"Convertir la vivienda, de tama\u00f1o muy reducido, en un paisaje que distorsione su escala real...","og_url":"https:\/\/www.arquimaster.com.ar\/web\/loft-zurita-beriot-bernardini-arquitectos\/","og_site_name":"Arquimaster","article_publisher":"http:\/\/www.facebook.com\/ARQUIMASTER.com.ar","article_published_time":"2015-11-04T23:59:11+00:00","og_image":[{"width":642,"height":336,"url":"https:\/\/www.arquimaster.com.ar\/web\/wp-content\/uploads\/2015\/11\/loft_zurita_slide.jpg","type":"image\/jpeg"}],"author":"Arquimaster","twitter_card":"summary_large_image","twitter_creator":"@arquimaster","twitter_site":"@arquimaster","twitter_misc":{"Escrito por":"Arquimaster","Tiempo de lectura":"1 minuto"},"schema":{"@context":"https:\/\/schema.org","@graph":[{"@type":"Article","@id":"https:\/\/www.arquimaster.com.ar\/web\/loft-zurita-beriot-bernardini-arquitectos\/#article","isPartOf":{"@id":"https:\/\/www.arquimaster.com.ar\/web\/loft-zurita-beriot-bernardini-arquitectos\/"},"author":{"name":"Arquimaster","@id":"https:\/\/www.arquimaster.com.ar\/web\/#\/schema\/person\/359e9f7c00193fcde068e0dd2ceb0028"},"headline":"Loft Zurita \/ Beriot Bernardini Arquitectos","datePublished":"2015-11-04T23:59:11+00:00","mainEntityOfPage":{"@id":"https:\/\/www.arquimaster.com.ar\/web\/loft-zurita-beriot-bernardini-arquitectos\/"},"wordCount":295,"publisher":{"@id":"https:\/\/www.arquimaster.com.ar\/web\/#organization"},"image":{"@id":"https:\/\/www.arquimaster.com.ar\/web\/loft-zurita-beriot-bernardini-arquitectos\/#primaryimage"},"thumbnailUrl":"https:\/\/www.arquimaster.com.ar\/web\/wp-content\/uploads\/2015\/11\/loft_zurita_slide.jpg","keywords":["Beriot Bernardini Arquitectos","loft","Madrid","reforma de vivienda"],"articleSection":["Departamentos y Lofts","Proyecto"],"inLanguage":"es"},{"@type":"WebPage","@id":"https:\/\/www.arquimaster.com.ar\/web\/loft-zurita-beriot-bernardini-arquitectos\/","url":"https:\/\/www.arquimaster.com.ar\/web\/loft-zurita-beriot-bernardini-arquitectos\/","name":"Loft Zurita \/ Beriot Bernardini Arquitectos - Arquimaster","isPartOf":{"@id":"https:\/\/www.arquimaster.com.ar\/web\/#website"},"primaryImageOfPage":{"@id":"https:\/\/www.arquimaster.com.ar\/web\/loft-zurita-beriot-bernardini-arquitectos\/#primaryimage"},"image":{"@id":"https:\/\/www.arquimaster.com.ar\/web\/loft-zurita-beriot-bernardini-arquitectos\/#primaryimage"},"thumbnailUrl":"https:\/\/www.arquimaster.com.ar\/web\/wp-content\/uploads\/2015\/11\/loft_zurita_slide.jpg","datePublished":"2015-11-04T23:59:11+00:00","breadcrumb":{"@id":"https:\/\/www.arquimaster.com.ar\/web\/loft-zurita-beriot-bernardini-arquitectos\/#breadcrumb"},"inLanguage":"es","potentialAction":[{"@type":"ReadAction","target":["https:\/\/www.arquimaster.com.ar\/web\/loft-zurita-beriot-bernardini-arquitectos\/"]}]},{"@type":"ImageObject","inLanguage":"es","@id":"https:\/\/www.arquimaster.com.ar\/web\/loft-zurita-beriot-bernardini-arquitectos\/#primaryimage","url":"https:\/\/www.arquimaster.com.ar\/web\/wp-content\/uploads\/2015\/11\/loft_zurita_slide.jpg","contentUrl":"https:\/\/www.arquimaster.com.ar\/web\/wp-content\/uploads\/2015\/11\/loft_zurita_slide.jpg","width":642,"height":336},{"@type":"BreadcrumbList","@id":"https:\/\/www.arquimaster.com.ar\/web\/loft-zurita-beriot-bernardini-arquitectos\/#breadcrumb","itemListElement":[{"@type":"ListItem","position":1,"name":"Portada","item":"https:\/\/www.arquimaster.com.ar\/web\/"},{"@type":"ListItem","position":2,"name":"Loft Zurita \/ Beriot Bernardini Arquitectos"}]},{"@type":"WebSite","@id":"https:\/\/www.arquimaster.com.ar\/web\/#website","url":"https:\/\/www.arquimaster.com.ar\/web\/","name":"Arquimaster","description":"Web de arquitectura, dise\u00f1o y construccion","publisher":{"@id":"https:\/\/www.arquimaster.com.ar\/web\/#organization"},"potentialAction":[{"@type":"SearchAction","target":{"@type":"EntryPoint","urlTemplate":"https:\/\/www.arquimaster.com.ar\/web\/?s={search_term_string}"},"query-input":{"@type":"PropertyValueSpecification","valueRequired":true,"valueName":"search_term_string"}}],"inLanguage":"es"},{"@type":"Organization","@id":"https:\/\/www.arquimaster.com.ar\/web\/#organization","name":"Arquimaster","url":"https:\/\/www.arquimaster.com.ar\/web\/","logo":{"@type":"ImageObject","inLanguage":"es","@id":"https:\/\/www.arquimaster.com.ar\/web\/#\/schema\/logo\/image\/","url":"https:\/\/www.arquimaster.com.ar\/web\/wp-content\/uploads\/2022\/06\/arquimaster.png","contentUrl":"https:\/\/www.arquimaster.com.ar\/web\/wp-content\/uploads\/2022\/06\/arquimaster.png","width":594,"height":78,"caption":"Arquimaster"},"image":{"@id":"https:\/\/www.arquimaster.com.ar\/web\/#\/schema\/logo\/image\/"},"sameAs":["http:\/\/www.facebook.com\/ARQUIMASTER.com.ar","https:\/\/x.com\/arquimaster","https:\/\/www.instagram.com\/arquimasterblog\/","https:\/\/www.linkedin.com\/company\/arquimaster","https:\/\/www.pinterest.com\/arquimaster","https:\/\/t.me\/arquimaster"]},{"@type":"Person","@id":"https:\/\/www.arquimaster.com.ar\/web\/#\/schema\/person\/359e9f7c00193fcde068e0dd2ceb0028","name":"Arquimaster"}]}},"uagb_featured_image_src":{"full":["https:\/\/www.arquimaster.com.ar\/web\/wp-content\/uploads\/2015\/11\/loft_zurita_slide.jpg",642,336,false],"thumbnail":["https:\/\/www.arquimaster.com.ar\/web\/wp-content\/uploads\/2015\/11\/loft_zurita_slide-150x150.jpg",150,150,true],"medium":["https:\/\/www.arquimaster.com.ar\/web\/wp-content\/uploads\/2015\/11\/loft_zurita_slide.jpg",642,336,false],"medium_large":["https:\/\/www.arquimaster.com.ar\/web\/wp-content\/uploads\/2015\/11\/loft_zurita_slide.jpg",642,336,false],"large":["https:\/\/www.arquimaster.com.ar\/web\/wp-content\/uploads\/2015\/11\/loft_zurita_slide.jpg",642,336,false],"1536x1536":["https:\/\/www.arquimaster.com.ar\/web\/wp-content\/uploads\/2015\/11\/loft_zurita_slide.jpg",642,336,false],"2048x2048":["https:\/\/www.arquimaster.com.ar\/web\/wp-content\/uploads\/2015\/11\/loft_zurita_slide.jpg",642,336,false]},"uagb_author_info":{"display_name":"Arquimaster","author_link":"https:\/\/www.arquimaster.com.ar\/web\/author\/arquimaster\/"},"uagb_comment_info":0,"uagb_excerpt":"Convertir la vivienda, de tama\u00f1o muy reducido, en un paisaje que distorsione su escala real...","_links":{"self":[{"href":"https:\/\/www.arquimaster.com.ar\/web\/wp-json\/wp\/v2\/posts\/18210","targetHints":{"allow":["GET"]}}],"collection":[{"href":"https:\/\/www.arquimaster.com.ar\/web\/wp-json\/wp\/v2\/posts"}],"about":[{"href":"https:\/\/www.arquimaster.com.ar\/web\/wp-json\/wp\/v2\/types\/post"}],"author":[{"embeddable":true,"href":"https:\/\/www.arquimaster.com.ar\/web\/wp-json\/wp\/v2\/users\/1"}],"replies":[{"embeddable":true,"href":"https:\/\/www.arquimaster.com.ar\/web\/wp-json\/wp\/v2\/comments?post=18210"}],"version-history":[{"count":0,"href":"https:\/\/www.arquimaster.com.ar\/web\/wp-json\/wp\/v2\/posts\/18210\/revisions"}],"wp:featuredmedia":[{"embeddable":true,"href":"https:\/\/www.arquimaster.com.ar\/web\/wp-json\/wp\/v2\/media\/18211"}],"wp:attachment":[{"href":"https:\/\/www.arquimaster.com.ar\/web\/wp-json\/wp\/v2\/media?parent=18210"}],"wp:term":[{"taxonomy":"category","embeddable":true,"href":"https:\/\/www.arquimaster.com.ar\/web\/wp-json\/wp\/v2\/categories?post=18210"},{"taxonomy":"post_tag","embeddable":true,"href":"https:\/\/www.arquimaster.com.ar\/web\/wp-json\/wp\/v2\/tags?post=18210"}],"curies":[{"name":"wp","href":"https:\/\/api.w.org\/{rel}","templated":true}]}}