{"id":18839,"date":"2015-09-27T02:30:36","date_gmt":"2015-09-27T02:30:36","guid":{"rendered":"http:\/\/www.arquimaster.com.ar\/web\/?p=18839"},"modified":"2025-10-25T21:48:50","modified_gmt":"2025-10-26T00:48:50","slug":"la-naturaleza-como-capa-continua-sobre-la-que-flota-la-sede-de-pggm","status":"publish","type":"post","link":"https:\/\/www.arquimaster.com.ar\/web\/la-naturaleza-como-capa-continua-sobre-la-que-flota-la-sede-de-pggm\/","title":{"rendered":"La Naturaleza como capa continua sobre la que flota la Sede de PGGM"},"content":{"rendered":"<div style=\"margin-top: 0px; margin-bottom: 0px;\" class=\"sharethis-inline-share-buttons\" ><\/div><div class=\"b812932af2e751442846f039925109de\" data-index=\"1\" style=\"float: none; margin:25px 0 25px 0; text-align:center;\">\n<script async src=\"https:\/\/pagead2.googlesyndication.com\/pagead\/js\/adsbygoogle.js\"><\/script>\r\n<!-- Arquimaster (superior) -->\r\n<ins class=\"adsbygoogle\"\r\n     style=\"display:block\"\r\n     data-ad-client=\"ca-pub-6351072698456832\"\r\n     data-ad-slot=\"6455489680\"\r\n     data-ad-format=\"auto\"\r\n     data-full-width-responsive=\"true\"><\/ins>\r\n<script>\r\n     (adsbygoogle = window.adsbygoogle || []).push({});\r\n<\/script>\n<\/div>\n<p>Revisitamos la sede central de la compa\u00f1\u00eda aseguradora PGGM en Zeist (Holanda) y su entorno, creado expresamente para contextualizar e interactuar con el edificio.<\/p>\n<div id='gallery-1' class='gallery galleryid-18839 gallery-columns-3 gallery-size-thumbnail'><figure class='gallery-item'>\n\t\t\t<div class='gallery-icon landscape'>\n\t\t\t\t<a href='https:\/\/www.arquimaster.com.ar\/web\/wp-content\/uploads\/2015\/12\/paisajismo_sede_pgm1.jpg' title=\"La Naturaleza como capa continua sobre la que flota la Sede de PGGM\" data-rl_title=\"La Naturaleza como capa continua sobre la que flota la Sede de PGGM\" class=\"rl-gallery-link\" data-rl_caption=\"La Naturaleza como capa continua sobre la que flota la Sede de PGGM\" data-rel=\"lightbox-gallery-1\"><img loading=\"lazy\" decoding=\"async\" width=\"150\" height=\"150\" src=\"https:\/\/www.arquimaster.com.ar\/web\/wp-content\/uploads\/2015\/12\/paisajismo_sede_pgm1-150x150.jpg\" class=\"attachment-thumbnail size-thumbnail\" alt=\"\" aria-describedby=\"gallery-1-18841\" srcset=\"https:\/\/www.arquimaster.com.ar\/web\/wp-content\/uploads\/2015\/12\/paisajismo_sede_pgm1-150x150.jpg 150w, https:\/\/www.arquimaster.com.ar\/web\/wp-content\/uploads\/2015\/12\/paisajismo_sede_pgm1-50x50.jpg 50w, https:\/\/www.arquimaster.com.ar\/web\/wp-content\/uploads\/2015\/12\/paisajismo_sede_pgm1-125x125.jpg 125w\" sizes=\"auto, (max-width: 150px) 100vw, 150px\" \/><\/a>\n\t\t\t<\/div>\n\t\t\t\t<figcaption class='wp-caption-text gallery-caption' id='gallery-1-18841'>\n\t\t\t\tLa Naturaleza como capa continua sobre la que flota la Sede de PGGM\n\t\t\t\t<\/figcaption><\/figure><figure class='gallery-item'>\n\t\t\t<div class='gallery-icon landscape'>\n\t\t\t\t<a href='https:\/\/www.arquimaster.com.ar\/web\/wp-content\/uploads\/2015\/12\/paisajismo_sede_pgm2.jpg' title=\"La Naturaleza como capa continua sobre la que flota la Sede de PGGM\" data-rl_title=\"La Naturaleza como capa continua sobre la que flota la Sede de PGGM\" class=\"rl-gallery-link\" data-rl_caption=\"La Naturaleza como capa continua sobre la que flota la Sede de PGGM\" data-rel=\"lightbox-gallery-1\"><img loading=\"lazy\" decoding=\"async\" width=\"150\" height=\"150\" src=\"https:\/\/www.arquimaster.com.ar\/web\/wp-content\/uploads\/2015\/12\/paisajismo_sede_pgm2-150x150.jpg\" class=\"attachment-thumbnail size-thumbnail\" alt=\"\" aria-describedby=\"gallery-1-18842\" srcset=\"https:\/\/www.arquimaster.com.ar\/web\/wp-content\/uploads\/2015\/12\/paisajismo_sede_pgm2-150x150.jpg 150w, https:\/\/www.arquimaster.com.ar\/web\/wp-content\/uploads\/2015\/12\/paisajismo_sede_pgm2-50x50.jpg 50w, https:\/\/www.arquimaster.com.ar\/web\/wp-content\/uploads\/2015\/12\/paisajismo_sede_pgm2-125x125.jpg 125w\" sizes=\"auto, (max-width: 150px) 100vw, 150px\" \/><\/a>\n\t\t\t<\/div>\n\t\t\t\t<figcaption class='wp-caption-text gallery-caption' id='gallery-1-18842'>\n\t\t\t\tLa Naturaleza como capa continua sobre la que flota la Sede de PGGM\n\t\t\t\t<\/figcaption><\/figure><figure class='gallery-item'>\n\t\t\t<div class='gallery-icon landscape'>\n\t\t\t\t<a href='https:\/\/www.arquimaster.com.ar\/web\/wp-content\/uploads\/2015\/12\/paisajismo_sede_pgm3.jpg' title=\"La Naturaleza como capa continua sobre la que flota la Sede de PGGM\" data-rl_title=\"La Naturaleza como capa continua sobre la que flota la Sede de PGGM\" class=\"rl-gallery-link\" data-rl_caption=\"La Naturaleza como capa continua sobre la que flota la Sede de PGGM\" data-rel=\"lightbox-gallery-1\"><img loading=\"lazy\" decoding=\"async\" width=\"150\" height=\"150\" src=\"https:\/\/www.arquimaster.com.ar\/web\/wp-content\/uploads\/2015\/12\/paisajismo_sede_pgm3-150x150.jpg\" class=\"attachment-thumbnail size-thumbnail\" alt=\"\" aria-describedby=\"gallery-1-18843\" srcset=\"https:\/\/www.arquimaster.com.ar\/web\/wp-content\/uploads\/2015\/12\/paisajismo_sede_pgm3-150x150.jpg 150w, https:\/\/www.arquimaster.com.ar\/web\/wp-content\/uploads\/2015\/12\/paisajismo_sede_pgm3-50x50.jpg 50w, https:\/\/www.arquimaster.com.ar\/web\/wp-content\/uploads\/2015\/12\/paisajismo_sede_pgm3-125x125.jpg 125w\" sizes=\"auto, (max-width: 150px) 100vw, 150px\" \/><\/a>\n\t\t\t<\/div>\n\t\t\t\t<figcaption class='wp-caption-text gallery-caption' id='gallery-1-18843'>\n\t\t\t\tLa Naturaleza como capa continua sobre la que flota la Sede de PGGM\n\t\t\t\t<\/figcaption><\/figure><figure class='gallery-item'>\n\t\t\t<div class='gallery-icon portrait'>\n\t\t\t\t<a href='https:\/\/www.arquimaster.com.ar\/web\/wp-content\/uploads\/2015\/12\/paisajismo_sede_pgm4.jpg' title=\"La Naturaleza como capa continua sobre la que flota la Sede de PGGM\" data-rl_title=\"La Naturaleza como capa continua sobre la que flota la Sede de PGGM\" class=\"rl-gallery-link\" data-rl_caption=\"La Naturaleza como capa continua sobre la que flota la Sede de PGGM\" data-rel=\"lightbox-gallery-1\"><img loading=\"lazy\" decoding=\"async\" width=\"150\" height=\"150\" src=\"https:\/\/www.arquimaster.com.ar\/web\/wp-content\/uploads\/2015\/12\/paisajismo_sede_pgm4-150x150.jpg\" class=\"attachment-thumbnail size-thumbnail\" alt=\"\" aria-describedby=\"gallery-1-18844\" srcset=\"https:\/\/www.arquimaster.com.ar\/web\/wp-content\/uploads\/2015\/12\/paisajismo_sede_pgm4-150x150.jpg 150w, https:\/\/www.arquimaster.com.ar\/web\/wp-content\/uploads\/2015\/12\/paisajismo_sede_pgm4-50x50.jpg 50w, https:\/\/www.arquimaster.com.ar\/web\/wp-content\/uploads\/2015\/12\/paisajismo_sede_pgm4-125x125.jpg 125w\" sizes=\"auto, (max-width: 150px) 100vw, 150px\" \/><\/a>\n\t\t\t<\/div>\n\t\t\t\t<figcaption class='wp-caption-text gallery-caption' id='gallery-1-18844'>\n\t\t\t\tLa Naturaleza como capa continua sobre la que flota la Sede de PGGM\n\t\t\t\t<\/figcaption><\/figure><figure class='gallery-item'>\n\t\t\t<div class='gallery-icon portrait'>\n\t\t\t\t<a href='https:\/\/www.arquimaster.com.ar\/web\/wp-content\/uploads\/2015\/12\/paisajismo_sede_pgm5.jpg' title=\"La Naturaleza como capa continua sobre la que flota la Sede de PGGM\" data-rl_title=\"La Naturaleza como capa continua sobre la que flota la Sede de PGGM\" class=\"rl-gallery-link\" data-rl_caption=\"La Naturaleza como capa continua sobre la que flota la Sede de PGGM\" data-rel=\"lightbox-gallery-1\"><img loading=\"lazy\" decoding=\"async\" width=\"150\" height=\"150\" src=\"https:\/\/www.arquimaster.com.ar\/web\/wp-content\/uploads\/2015\/12\/paisajismo_sede_pgm5-150x150.jpg\" class=\"attachment-thumbnail size-thumbnail\" alt=\"\" aria-describedby=\"gallery-1-18845\" srcset=\"https:\/\/www.arquimaster.com.ar\/web\/wp-content\/uploads\/2015\/12\/paisajismo_sede_pgm5-150x150.jpg 150w, https:\/\/www.arquimaster.com.ar\/web\/wp-content\/uploads\/2015\/12\/paisajismo_sede_pgm5-50x50.jpg 50w, https:\/\/www.arquimaster.com.ar\/web\/wp-content\/uploads\/2015\/12\/paisajismo_sede_pgm5-125x125.jpg 125w\" sizes=\"auto, (max-width: 150px) 100vw, 150px\" \/><\/a>\n\t\t\t<\/div>\n\t\t\t\t<figcaption class='wp-caption-text gallery-caption' id='gallery-1-18845'>\n\t\t\t\tLa Naturaleza como capa continua sobre la que flota la Sede de PGGM\n\t\t\t\t<\/figcaption><\/figure><figure class='gallery-item'>\n\t\t\t<div class='gallery-icon portrait'>\n\t\t\t\t<a href='https:\/\/www.arquimaster.com.ar\/web\/wp-content\/uploads\/2015\/12\/paisajismo_sede_pgm6.jpg' title=\"La Naturaleza como capa continua sobre la que flota la Sede de PGGM\" data-rl_title=\"La Naturaleza como capa continua sobre la que flota la Sede de PGGM\" class=\"rl-gallery-link\" data-rl_caption=\"La Naturaleza como capa continua sobre la que flota la Sede de PGGM\" data-rel=\"lightbox-gallery-1\"><img loading=\"lazy\" decoding=\"async\" width=\"150\" height=\"150\" src=\"https:\/\/www.arquimaster.com.ar\/web\/wp-content\/uploads\/2015\/12\/paisajismo_sede_pgm6-150x150.jpg\" class=\"attachment-thumbnail size-thumbnail\" alt=\"\" aria-describedby=\"gallery-1-18846\" srcset=\"https:\/\/www.arquimaster.com.ar\/web\/wp-content\/uploads\/2015\/12\/paisajismo_sede_pgm6-150x150.jpg 150w, https:\/\/www.arquimaster.com.ar\/web\/wp-content\/uploads\/2015\/12\/paisajismo_sede_pgm6-50x50.jpg 50w, https:\/\/www.arquimaster.com.ar\/web\/wp-content\/uploads\/2015\/12\/paisajismo_sede_pgm6-125x125.jpg 125w\" sizes=\"auto, (max-width: 150px) 100vw, 150px\" \/><\/a>\n\t\t\t<\/div>\n\t\t\t\t<figcaption class='wp-caption-text gallery-caption' id='gallery-1-18846'>\n\t\t\t\tLa Naturaleza como capa continua sobre la que flota la Sede de PGGM\n\t\t\t\t<\/figcaption><\/figure><figure class='gallery-item'>\n\t\t\t<div class='gallery-icon landscape'>\n\t\t\t\t<a href='https:\/\/www.arquimaster.com.ar\/web\/wp-content\/uploads\/2015\/12\/paisajismo_sede_pgm7.jpg' title=\"La Naturaleza como capa continua sobre la que flota la Sede de PGGM\" data-rl_title=\"La Naturaleza como capa continua sobre la que flota la Sede de PGGM\" class=\"rl-gallery-link\" data-rl_caption=\"La Naturaleza como capa continua sobre la que flota la Sede de PGGM\" data-rel=\"lightbox-gallery-1\"><img loading=\"lazy\" decoding=\"async\" width=\"150\" height=\"150\" src=\"https:\/\/www.arquimaster.com.ar\/web\/wp-content\/uploads\/2015\/12\/paisajismo_sede_pgm7-150x150.jpg\" class=\"attachment-thumbnail size-thumbnail\" alt=\"\" aria-describedby=\"gallery-1-18847\" srcset=\"https:\/\/www.arquimaster.com.ar\/web\/wp-content\/uploads\/2015\/12\/paisajismo_sede_pgm7-150x150.jpg 150w, https:\/\/www.arquimaster.com.ar\/web\/wp-content\/uploads\/2015\/12\/paisajismo_sede_pgm7-50x50.jpg 50w, https:\/\/www.arquimaster.com.ar\/web\/wp-content\/uploads\/2015\/12\/paisajismo_sede_pgm7-125x125.jpg 125w\" sizes=\"auto, (max-width: 150px) 100vw, 150px\" \/><\/a>\n\t\t\t<\/div>\n\t\t\t\t<figcaption class='wp-caption-text gallery-caption' id='gallery-1-18847'>\n\t\t\t\tLa Naturaleza como capa continua sobre la que flota la Sede de PGGM\n\t\t\t\t<\/figcaption><\/figure><figure class='gallery-item'>\n\t\t\t<div class='gallery-icon landscape'>\n\t\t\t\t<a href='https:\/\/www.arquimaster.com.ar\/web\/wp-content\/uploads\/2015\/12\/paisajismo_sede_pgm8.jpg' title=\"La Naturaleza como capa continua sobre la que flota la Sede de PGGM\" data-rl_title=\"La Naturaleza como capa continua sobre la que flota la Sede de PGGM\" class=\"rl-gallery-link\" data-rl_caption=\"La Naturaleza como capa continua sobre la que flota la Sede de PGGM\" data-rel=\"lightbox-gallery-1\"><img loading=\"lazy\" decoding=\"async\" width=\"150\" height=\"150\" src=\"https:\/\/www.arquimaster.com.ar\/web\/wp-content\/uploads\/2015\/12\/paisajismo_sede_pgm8-150x150.jpg\" class=\"attachment-thumbnail size-thumbnail\" alt=\"\" aria-describedby=\"gallery-1-18848\" srcset=\"https:\/\/www.arquimaster.com.ar\/web\/wp-content\/uploads\/2015\/12\/paisajismo_sede_pgm8-150x150.jpg 150w, https:\/\/www.arquimaster.com.ar\/web\/wp-content\/uploads\/2015\/12\/paisajismo_sede_pgm8-50x50.jpg 50w, https:\/\/www.arquimaster.com.ar\/web\/wp-content\/uploads\/2015\/12\/paisajismo_sede_pgm8-125x125.jpg 125w\" sizes=\"auto, (max-width: 150px) 100vw, 150px\" \/><\/a>\n\t\t\t<\/div>\n\t\t\t\t<figcaption class='wp-caption-text gallery-caption' id='gallery-1-18848'>\n\t\t\t\tLa Naturaleza como capa continua sobre la que flota la Sede de PGGM\n\t\t\t\t<\/figcaption><\/figure>\n\t\t<\/div>\n\n<p>Cuando Josep Llu\u00eds Mateo recibi\u00f3 el encargo de la ampliaci\u00f3n de la sede de la compa\u00f1\u00eda holandesa era consciente de que se enfrentaba a dos importantes retos arquitect\u00f3nicos:<\/p>\n<p>&#8211; Expandir el edificio actual al doble de su tama\u00f1o.<\/p>\n<p>&#8211; Trabajar conjuntamente edificio y paisaje para que ambos formaran un todo.<\/p>\n<p>El proyecto deb\u00eda comunicarse de forma arm\u00f3nica con el denso bosque que lo rodeaba. As\u00ed que el arquitecto decidi\u00f3 utilizar la naturaleza, el verde, como una capa continua sobre la que flotara la nueva construcci\u00f3n.<\/p>\n<p>La conservaci\u00f3n, el refuerzo y la intensificaci\u00f3n de las cualidades intr\u00ednsecas de este paisaje formaban parte base del proyecto.<\/p>\n<p>Para crear un contexto acorde con la nueva sede, liber\u00f3 los terrenos adyacentes al edificio de zonas de parking y pabellones de servicio, que quedaron integrados en la volumetr\u00eda de la nueva construcci\u00f3n. Esta actuaci\u00f3n permiti\u00f3 la aparici\u00f3n de un gran parque privado.<\/p>\n<p>Los nuevos espacios de comunicaci\u00f3n y trabajo situados en la rambla elevada, creada para unir el nuevo edificio con el antiguo, se abren al paisaje creado a trav\u00e9s de la ligereza y permeabilidad visual de los materiales utilizados, permitiendo que la relaci\u00f3n visual interior-exterior sea directa y total. El trabajador est\u00e1 dentro, pero a la vez fuera.<\/p>\n\n<div style=\"font-size: 0px; height: 0px; line-height: 0px; margin: 0; padding: 0; clear: both;\"><\/div><div style=\"margin-top: 0px; margin-bottom: 0px;\" class=\"sharethis-inline-share-buttons\" ><\/div>","protected":false},"excerpt":{"rendered":"<p>El paisaje creado en la Sede de PGGM 4 a\u00f1os despu\u00e9s&#8230;<\/p>\n","protected":false},"author":1,"featured_media":18840,"comment_status":"closed","ping_status":"closed","sticky":false,"template":"","format":"standard","meta":{"_uag_custom_page_level_css":"","footnotes":""},"categories":[55,66],"tags":[489,740,2623,3706,3707,709,3710],"class_list":["post-18839","post","type-post","status-publish","format-standard","has-post-thumbnail","hentry","category-diseno","category-diseno-paisaje","tag-arquitectura-del-paisaje","tag-diseno-del-paisaje","tag-holanda","tag-josep-lluis-mateo","tag-mateo-arquitectura","tag-paisajismo","tag-zeist","generate-columns","tablet-grid-50","mobile-grid-100","grid-parent","grid-50"],"yoast_head":"<!-- This site is optimized with the Yoast SEO plugin v27.3 - https:\/\/yoast.com\/product\/yoast-seo-wordpress\/ -->\n<title>La Naturaleza como capa continua sobre la que flota la Sede de PGGM - Arquimaster<\/title>\n<meta name=\"robots\" content=\"index, follow, max-snippet:-1, max-image-preview:large, max-video-preview:-1\" \/>\n<link rel=\"canonical\" href=\"https:\/\/www.arquimaster.com.ar\/web\/la-naturaleza-como-capa-continua-sobre-la-que-flota-la-sede-de-pggm\/\" \/>\n<meta property=\"og:locale\" content=\"es_ES\" \/>\n<meta property=\"og:type\" content=\"article\" \/>\n<meta property=\"og:title\" content=\"La Naturaleza como capa continua sobre la que flota la Sede de PGGM - Arquimaster\" \/>\n<meta property=\"og:description\" content=\"El paisaje creado en la Sede de PGGM 4 a\u00f1os despu\u00e9s...\" \/>\n<meta property=\"og:url\" content=\"https:\/\/www.arquimaster.com.ar\/web\/la-naturaleza-como-capa-continua-sobre-la-que-flota-la-sede-de-pggm\/\" \/>\n<meta property=\"og:site_name\" content=\"Arquimaster\" \/>\n<meta property=\"article:publisher\" content=\"http:\/\/www.facebook.com\/ARQUIMASTER.com.ar\" \/>\n<meta property=\"article:published_time\" content=\"2015-09-27T02:30:36+00:00\" \/>\n<meta property=\"article:modified_time\" content=\"2025-10-26T00:48:50+00:00\" \/>\n<meta property=\"og:image\" content=\"https:\/\/www.arquimaster.com.ar\/web\/wp-content\/uploads\/2015\/12\/paisajismo_sede_pgm_slide.jpg\" \/>\n\t<meta property=\"og:image:width\" content=\"642\" \/>\n\t<meta property=\"og:image:height\" content=\"336\" \/>\n\t<meta property=\"og:image:type\" content=\"image\/jpeg\" \/>\n<meta name=\"author\" content=\"Arquimaster\" \/>\n<meta name=\"twitter:card\" content=\"summary_large_image\" \/>\n<meta name=\"twitter:creator\" content=\"@arquimaster\" \/>\n<meta name=\"twitter:site\" content=\"@arquimaster\" \/>\n<meta name=\"twitter:label1\" content=\"Escrito por\" \/>\n\t<meta name=\"twitter:data1\" content=\"Arquimaster\" \/>\n\t<meta name=\"twitter:label2\" content=\"Tiempo de lectura\" \/>\n\t<meta name=\"twitter:data2\" content=\"2 minutos\" \/>\n<script type=\"application\/ld+json\" class=\"yoast-schema-graph\">{\"@context\":\"https:\\\/\\\/schema.org\",\"@graph\":[{\"@type\":\"Article\",\"@id\":\"https:\\\/\\\/www.arquimaster.com.ar\\\/web\\\/la-naturaleza-como-capa-continua-sobre-la-que-flota-la-sede-de-pggm\\\/#article\",\"isPartOf\":{\"@id\":\"https:\\\/\\\/www.arquimaster.com.ar\\\/web\\\/la-naturaleza-como-capa-continua-sobre-la-que-flota-la-sede-de-pggm\\\/\"},\"author\":{\"name\":\"Arquimaster\",\"@id\":\"https:\\\/\\\/www.arquimaster.com.ar\\\/web\\\/#\\\/schema\\\/person\\\/359e9f7c00193fcde068e0dd2ceb0028\"},\"headline\":\"La Naturaleza como capa continua sobre la que flota la Sede de PGGM\",\"datePublished\":\"2015-09-27T02:30:36+00:00\",\"dateModified\":\"2025-10-26T00:48:50+00:00\",\"mainEntityOfPage\":{\"@id\":\"https:\\\/\\\/www.arquimaster.com.ar\\\/web\\\/la-naturaleza-como-capa-continua-sobre-la-que-flota-la-sede-de-pggm\\\/\"},\"wordCount\":264,\"publisher\":{\"@id\":\"https:\\\/\\\/www.arquimaster.com.ar\\\/web\\\/#organization\"},\"image\":{\"@id\":\"https:\\\/\\\/www.arquimaster.com.ar\\\/web\\\/la-naturaleza-como-capa-continua-sobre-la-que-flota-la-sede-de-pggm\\\/#primaryimage\"},\"thumbnailUrl\":\"https:\\\/\\\/www.arquimaster.com.ar\\\/web\\\/wp-content\\\/uploads\\\/2015\\\/12\\\/paisajismo_sede_pgm_slide.jpg\",\"keywords\":[\"arquitectura del paisaje\",\"dise\u00f1o del paisaje\",\"Holanda\",\"Josep Llu\u00eds Mateo\",\"Mateo Arquitectura\",\"paisajismo\",\"Zeist\"],\"articleSection\":[\"Dise\u00f1o\",\"Dise\u00f1o de paisaje\"],\"inLanguage\":\"es\"},{\"@type\":\"WebPage\",\"@id\":\"https:\\\/\\\/www.arquimaster.com.ar\\\/web\\\/la-naturaleza-como-capa-continua-sobre-la-que-flota-la-sede-de-pggm\\\/\",\"url\":\"https:\\\/\\\/www.arquimaster.com.ar\\\/web\\\/la-naturaleza-como-capa-continua-sobre-la-que-flota-la-sede-de-pggm\\\/\",\"name\":\"La Naturaleza como capa continua sobre la que flota la Sede de PGGM - Arquimaster\",\"isPartOf\":{\"@id\":\"https:\\\/\\\/www.arquimaster.com.ar\\\/web\\\/#website\"},\"primaryImageOfPage\":{\"@id\":\"https:\\\/\\\/www.arquimaster.com.ar\\\/web\\\/la-naturaleza-como-capa-continua-sobre-la-que-flota-la-sede-de-pggm\\\/#primaryimage\"},\"image\":{\"@id\":\"https:\\\/\\\/www.arquimaster.com.ar\\\/web\\\/la-naturaleza-como-capa-continua-sobre-la-que-flota-la-sede-de-pggm\\\/#primaryimage\"},\"thumbnailUrl\":\"https:\\\/\\\/www.arquimaster.com.ar\\\/web\\\/wp-content\\\/uploads\\\/2015\\\/12\\\/paisajismo_sede_pgm_slide.jpg\",\"datePublished\":\"2015-09-27T02:30:36+00:00\",\"dateModified\":\"2025-10-26T00:48:50+00:00\",\"breadcrumb\":{\"@id\":\"https:\\\/\\\/www.arquimaster.com.ar\\\/web\\\/la-naturaleza-como-capa-continua-sobre-la-que-flota-la-sede-de-pggm\\\/#breadcrumb\"},\"inLanguage\":\"es\",\"potentialAction\":[{\"@type\":\"ReadAction\",\"target\":[\"https:\\\/\\\/www.arquimaster.com.ar\\\/web\\\/la-naturaleza-como-capa-continua-sobre-la-que-flota-la-sede-de-pggm\\\/\"]}]},{\"@type\":\"ImageObject\",\"inLanguage\":\"es\",\"@id\":\"https:\\\/\\\/www.arquimaster.com.ar\\\/web\\\/la-naturaleza-como-capa-continua-sobre-la-que-flota-la-sede-de-pggm\\\/#primaryimage\",\"url\":\"https:\\\/\\\/www.arquimaster.com.ar\\\/web\\\/wp-content\\\/uploads\\\/2015\\\/12\\\/paisajismo_sede_pgm_slide.jpg\",\"contentUrl\":\"https:\\\/\\\/www.arquimaster.com.ar\\\/web\\\/wp-content\\\/uploads\\\/2015\\\/12\\\/paisajismo_sede_pgm_slide.jpg\",\"width\":642,\"height\":336},{\"@type\":\"BreadcrumbList\",\"@id\":\"https:\\\/\\\/www.arquimaster.com.ar\\\/web\\\/la-naturaleza-como-capa-continua-sobre-la-que-flota-la-sede-de-pggm\\\/#breadcrumb\",\"itemListElement\":[{\"@type\":\"ListItem\",\"position\":1,\"name\":\"Portada\",\"item\":\"https:\\\/\\\/www.arquimaster.com.ar\\\/web\\\/\"},{\"@type\":\"ListItem\",\"position\":2,\"name\":\"La Naturaleza como capa continua sobre la que flota la Sede de PGGM\"}]},{\"@type\":\"WebSite\",\"@id\":\"https:\\\/\\\/www.arquimaster.com.ar\\\/web\\\/#website\",\"url\":\"https:\\\/\\\/www.arquimaster.com.ar\\\/web\\\/\",\"name\":\"Arquimaster\",\"description\":\"Web de arquitectura, dise\u00f1o y construccion\",\"publisher\":{\"@id\":\"https:\\\/\\\/www.arquimaster.com.ar\\\/web\\\/#organization\"},\"potentialAction\":[{\"@type\":\"SearchAction\",\"target\":{\"@type\":\"EntryPoint\",\"urlTemplate\":\"https:\\\/\\\/www.arquimaster.com.ar\\\/web\\\/?s={search_term_string}\"},\"query-input\":{\"@type\":\"PropertyValueSpecification\",\"valueRequired\":true,\"valueName\":\"search_term_string\"}}],\"inLanguage\":\"es\"},{\"@type\":\"Organization\",\"@id\":\"https:\\\/\\\/www.arquimaster.com.ar\\\/web\\\/#organization\",\"name\":\"Arquimaster\",\"url\":\"https:\\\/\\\/www.arquimaster.com.ar\\\/web\\\/\",\"logo\":{\"@type\":\"ImageObject\",\"inLanguage\":\"es\",\"@id\":\"https:\\\/\\\/www.arquimaster.com.ar\\\/web\\\/#\\\/schema\\\/logo\\\/image\\\/\",\"url\":\"https:\\\/\\\/www.arquimaster.com.ar\\\/web\\\/wp-content\\\/uploads\\\/2022\\\/06\\\/arquimaster.png\",\"contentUrl\":\"https:\\\/\\\/www.arquimaster.com.ar\\\/web\\\/wp-content\\\/uploads\\\/2022\\\/06\\\/arquimaster.png\",\"width\":594,\"height\":78,\"caption\":\"Arquimaster\"},\"image\":{\"@id\":\"https:\\\/\\\/www.arquimaster.com.ar\\\/web\\\/#\\\/schema\\\/logo\\\/image\\\/\"},\"sameAs\":[\"http:\\\/\\\/www.facebook.com\\\/ARQUIMASTER.com.ar\",\"https:\\\/\\\/x.com\\\/arquimaster\",\"https:\\\/\\\/www.instagram.com\\\/arquimasterblog\\\/\",\"https:\\\/\\\/www.linkedin.com\\\/company\\\/arquimaster\",\"https:\\\/\\\/www.pinterest.com\\\/arquimaster\",\"https:\\\/\\\/t.me\\\/arquimaster\"]},{\"@type\":\"Person\",\"@id\":\"https:\\\/\\\/www.arquimaster.com.ar\\\/web\\\/#\\\/schema\\\/person\\\/359e9f7c00193fcde068e0dd2ceb0028\",\"name\":\"Arquimaster\"}]}<\/script>\n<!-- \/ Yoast SEO plugin. -->","yoast_head_json":{"title":"La Naturaleza como capa continua sobre la que flota la Sede de PGGM - Arquimaster","robots":{"index":"index","follow":"follow","max-snippet":"max-snippet:-1","max-image-preview":"max-image-preview:large","max-video-preview":"max-video-preview:-1"},"canonical":"https:\/\/www.arquimaster.com.ar\/web\/la-naturaleza-como-capa-continua-sobre-la-que-flota-la-sede-de-pggm\/","og_locale":"es_ES","og_type":"article","og_title":"La Naturaleza como capa continua sobre la que flota la Sede de PGGM - Arquimaster","og_description":"El paisaje creado en la Sede de PGGM 4 a\u00f1os despu\u00e9s...","og_url":"https:\/\/www.arquimaster.com.ar\/web\/la-naturaleza-como-capa-continua-sobre-la-que-flota-la-sede-de-pggm\/","og_site_name":"Arquimaster","article_publisher":"http:\/\/www.facebook.com\/ARQUIMASTER.com.ar","article_published_time":"2015-09-27T02:30:36+00:00","article_modified_time":"2025-10-26T00:48:50+00:00","og_image":[{"width":642,"height":336,"url":"https:\/\/www.arquimaster.com.ar\/web\/wp-content\/uploads\/2015\/12\/paisajismo_sede_pgm_slide.jpg","type":"image\/jpeg"}],"author":"Arquimaster","twitter_card":"summary_large_image","twitter_creator":"@arquimaster","twitter_site":"@arquimaster","twitter_misc":{"Escrito por":"Arquimaster","Tiempo de lectura":"2 minutos"},"schema":{"@context":"https:\/\/schema.org","@graph":[{"@type":"Article","@id":"https:\/\/www.arquimaster.com.ar\/web\/la-naturaleza-como-capa-continua-sobre-la-que-flota-la-sede-de-pggm\/#article","isPartOf":{"@id":"https:\/\/www.arquimaster.com.ar\/web\/la-naturaleza-como-capa-continua-sobre-la-que-flota-la-sede-de-pggm\/"},"author":{"name":"Arquimaster","@id":"https:\/\/www.arquimaster.com.ar\/web\/#\/schema\/person\/359e9f7c00193fcde068e0dd2ceb0028"},"headline":"La Naturaleza como capa continua sobre la que flota la Sede de PGGM","datePublished":"2015-09-27T02:30:36+00:00","dateModified":"2025-10-26T00:48:50+00:00","mainEntityOfPage":{"@id":"https:\/\/www.arquimaster.com.ar\/web\/la-naturaleza-como-capa-continua-sobre-la-que-flota-la-sede-de-pggm\/"},"wordCount":264,"publisher":{"@id":"https:\/\/www.arquimaster.com.ar\/web\/#organization"},"image":{"@id":"https:\/\/www.arquimaster.com.ar\/web\/la-naturaleza-como-capa-continua-sobre-la-que-flota-la-sede-de-pggm\/#primaryimage"},"thumbnailUrl":"https:\/\/www.arquimaster.com.ar\/web\/wp-content\/uploads\/2015\/12\/paisajismo_sede_pgm_slide.jpg","keywords":["arquitectura del paisaje","dise\u00f1o del paisaje","Holanda","Josep Llu\u00eds Mateo","Mateo Arquitectura","paisajismo","Zeist"],"articleSection":["Dise\u00f1o","Dise\u00f1o de paisaje"],"inLanguage":"es"},{"@type":"WebPage","@id":"https:\/\/www.arquimaster.com.ar\/web\/la-naturaleza-como-capa-continua-sobre-la-que-flota-la-sede-de-pggm\/","url":"https:\/\/www.arquimaster.com.ar\/web\/la-naturaleza-como-capa-continua-sobre-la-que-flota-la-sede-de-pggm\/","name":"La Naturaleza como capa continua sobre la que flota la Sede de PGGM - Arquimaster","isPartOf":{"@id":"https:\/\/www.arquimaster.com.ar\/web\/#website"},"primaryImageOfPage":{"@id":"https:\/\/www.arquimaster.com.ar\/web\/la-naturaleza-como-capa-continua-sobre-la-que-flota-la-sede-de-pggm\/#primaryimage"},"image":{"@id":"https:\/\/www.arquimaster.com.ar\/web\/la-naturaleza-como-capa-continua-sobre-la-que-flota-la-sede-de-pggm\/#primaryimage"},"thumbnailUrl":"https:\/\/www.arquimaster.com.ar\/web\/wp-content\/uploads\/2015\/12\/paisajismo_sede_pgm_slide.jpg","datePublished":"2015-09-27T02:30:36+00:00","dateModified":"2025-10-26T00:48:50+00:00","breadcrumb":{"@id":"https:\/\/www.arquimaster.com.ar\/web\/la-naturaleza-como-capa-continua-sobre-la-que-flota-la-sede-de-pggm\/#breadcrumb"},"inLanguage":"es","potentialAction":[{"@type":"ReadAction","target":["https:\/\/www.arquimaster.com.ar\/web\/la-naturaleza-como-capa-continua-sobre-la-que-flota-la-sede-de-pggm\/"]}]},{"@type":"ImageObject","inLanguage":"es","@id":"https:\/\/www.arquimaster.com.ar\/web\/la-naturaleza-como-capa-continua-sobre-la-que-flota-la-sede-de-pggm\/#primaryimage","url":"https:\/\/www.arquimaster.com.ar\/web\/wp-content\/uploads\/2015\/12\/paisajismo_sede_pgm_slide.jpg","contentUrl":"https:\/\/www.arquimaster.com.ar\/web\/wp-content\/uploads\/2015\/12\/paisajismo_sede_pgm_slide.jpg","width":642,"height":336},{"@type":"BreadcrumbList","@id":"https:\/\/www.arquimaster.com.ar\/web\/la-naturaleza-como-capa-continua-sobre-la-que-flota-la-sede-de-pggm\/#breadcrumb","itemListElement":[{"@type":"ListItem","position":1,"name":"Portada","item":"https:\/\/www.arquimaster.com.ar\/web\/"},{"@type":"ListItem","position":2,"name":"La Naturaleza como capa continua sobre la que flota la Sede de PGGM"}]},{"@type":"WebSite","@id":"https:\/\/www.arquimaster.com.ar\/web\/#website","url":"https:\/\/www.arquimaster.com.ar\/web\/","name":"Arquimaster","description":"Web de arquitectura, dise\u00f1o y construccion","publisher":{"@id":"https:\/\/www.arquimaster.com.ar\/web\/#organization"},"potentialAction":[{"@type":"SearchAction","target":{"@type":"EntryPoint","urlTemplate":"https:\/\/www.arquimaster.com.ar\/web\/?s={search_term_string}"},"query-input":{"@type":"PropertyValueSpecification","valueRequired":true,"valueName":"search_term_string"}}],"inLanguage":"es"},{"@type":"Organization","@id":"https:\/\/www.arquimaster.com.ar\/web\/#organization","name":"Arquimaster","url":"https:\/\/www.arquimaster.com.ar\/web\/","logo":{"@type":"ImageObject","inLanguage":"es","@id":"https:\/\/www.arquimaster.com.ar\/web\/#\/schema\/logo\/image\/","url":"https:\/\/www.arquimaster.com.ar\/web\/wp-content\/uploads\/2022\/06\/arquimaster.png","contentUrl":"https:\/\/www.arquimaster.com.ar\/web\/wp-content\/uploads\/2022\/06\/arquimaster.png","width":594,"height":78,"caption":"Arquimaster"},"image":{"@id":"https:\/\/www.arquimaster.com.ar\/web\/#\/schema\/logo\/image\/"},"sameAs":["http:\/\/www.facebook.com\/ARQUIMASTER.com.ar","https:\/\/x.com\/arquimaster","https:\/\/www.instagram.com\/arquimasterblog\/","https:\/\/www.linkedin.com\/company\/arquimaster","https:\/\/www.pinterest.com\/arquimaster","https:\/\/t.me\/arquimaster"]},{"@type":"Person","@id":"https:\/\/www.arquimaster.com.ar\/web\/#\/schema\/person\/359e9f7c00193fcde068e0dd2ceb0028","name":"Arquimaster"}]}},"uagb_featured_image_src":{"full":["https:\/\/www.arquimaster.com.ar\/web\/wp-content\/uploads\/2015\/12\/paisajismo_sede_pgm_slide.jpg",642,336,false],"thumbnail":["https:\/\/www.arquimaster.com.ar\/web\/wp-content\/uploads\/2015\/12\/paisajismo_sede_pgm_slide-150x150.jpg",150,150,true],"medium":["https:\/\/www.arquimaster.com.ar\/web\/wp-content\/uploads\/2015\/12\/paisajismo_sede_pgm_slide.jpg",642,336,false],"medium_large":["https:\/\/www.arquimaster.com.ar\/web\/wp-content\/uploads\/2015\/12\/paisajismo_sede_pgm_slide.jpg",642,336,false],"large":["https:\/\/www.arquimaster.com.ar\/web\/wp-content\/uploads\/2015\/12\/paisajismo_sede_pgm_slide.jpg",642,336,false],"1536x1536":["https:\/\/www.arquimaster.com.ar\/web\/wp-content\/uploads\/2015\/12\/paisajismo_sede_pgm_slide.jpg",642,336,false],"2048x2048":["https:\/\/www.arquimaster.com.ar\/web\/wp-content\/uploads\/2015\/12\/paisajismo_sede_pgm_slide.jpg",642,336,false]},"uagb_author_info":{"display_name":"Arquimaster","author_link":"https:\/\/www.arquimaster.com.ar\/web\/author\/arquimaster\/"},"uagb_comment_info":0,"uagb_excerpt":"El paisaje creado en la Sede de PGGM 4 a\u00f1os despu\u00e9s...","_links":{"self":[{"href":"https:\/\/www.arquimaster.com.ar\/web\/wp-json\/wp\/v2\/posts\/18839","targetHints":{"allow":["GET"]}}],"collection":[{"href":"https:\/\/www.arquimaster.com.ar\/web\/wp-json\/wp\/v2\/posts"}],"about":[{"href":"https:\/\/www.arquimaster.com.ar\/web\/wp-json\/wp\/v2\/types\/post"}],"author":[{"embeddable":true,"href":"https:\/\/www.arquimaster.com.ar\/web\/wp-json\/wp\/v2\/users\/1"}],"replies":[{"embeddable":true,"href":"https:\/\/www.arquimaster.com.ar\/web\/wp-json\/wp\/v2\/comments?post=18839"}],"version-history":[{"count":1,"href":"https:\/\/www.arquimaster.com.ar\/web\/wp-json\/wp\/v2\/posts\/18839\/revisions"}],"predecessor-version":[{"id":86436,"href":"https:\/\/www.arquimaster.com.ar\/web\/wp-json\/wp\/v2\/posts\/18839\/revisions\/86436"}],"wp:featuredmedia":[{"embeddable":true,"href":"https:\/\/www.arquimaster.com.ar\/web\/wp-json\/wp\/v2\/media\/18840"}],"wp:attachment":[{"href":"https:\/\/www.arquimaster.com.ar\/web\/wp-json\/wp\/v2\/media?parent=18839"}],"wp:term":[{"taxonomy":"category","embeddable":true,"href":"https:\/\/www.arquimaster.com.ar\/web\/wp-json\/wp\/v2\/categories?post=18839"},{"taxonomy":"post_tag","embeddable":true,"href":"https:\/\/www.arquimaster.com.ar\/web\/wp-json\/wp\/v2\/tags?post=18839"}],"curies":[{"name":"wp","href":"https:\/\/api.w.org\/{rel}","templated":true}]}}