{"id":18926,"date":"2016-01-02T03:04:14","date_gmt":"2016-01-02T03:04:14","guid":{"rendered":"http:\/\/www.arquimaster.com.ar\/web\/?p=18926"},"modified":"2025-10-25T21:21:52","modified_gmt":"2025-10-26T00:21:52","slug":"energia-y-cambio-climatico-en-la-argentina-la-profundizacion-del-problema","status":"publish","type":"post","link":"https:\/\/www.arquimaster.com.ar\/web\/energia-y-cambio-climatico-en-la-argentina-la-profundizacion-del-problema\/","title":{"rendered":"Energ\u00eda y Cambio Clim\u00e1tico en la Argentina: la profundizaci\u00f3n del problema"},"content":{"rendered":"<div style=\"margin-top: 0px; margin-bottom: 0px;\" class=\"sharethis-inline-share-buttons\" ><\/div><div class=\"b812932af2e751442846f039925109de\" data-index=\"1\" style=\"float: none; margin:25px 0 25px 0; text-align:center;\">\n<script async src=\"https:\/\/pagead2.googlesyndication.com\/pagead\/js\/adsbygoogle.js\"><\/script>\r\n<!-- Arquimaster (superior) -->\r\n<ins class=\"adsbygoogle\"\r\n     style=\"display:block\"\r\n     data-ad-client=\"ca-pub-6351072698456832\"\r\n     data-ad-slot=\"6455489680\"\r\n     data-ad-format=\"auto\"\r\n     data-full-width-responsive=\"true\"><\/ins>\r\n<script>\r\n     (adsbygoogle = window.adsbygoogle || []).push({});\r\n<\/script>\n<\/div>\n<p>Articulo por el <strong>Ing. Edgardo Cuk<\/strong>, Director de Calidad de <strong>Schneider Electric Argentina<\/strong>. Estudios desarrollados por investigadores argentinos demostraron que durante el periodo 1960-2010 se observ\u00f3 un aumento de la temperatura media en la mayor parte de la Rep\u00fablica Argentina, de alrededor de 0,5\u00b0C y superando 1\u00b0C en algunas zonas de la Patagonia, registr\u00e1ndose tambi\u00e9n un aumento de los d\u00edas con olas de calor y una reducci\u00f3n en el n\u00famero de d\u00edas con heladas.<\/p>\n<div id='gallery-1' class='gallery galleryid-18926 gallery-columns-3 gallery-size-thumbnail'><figure class='gallery-item'>\n\t\t\t<div class='gallery-icon portrait'>\n\t\t\t\t<a href='https:\/\/www.arquimaster.com.ar\/web\/wp-content\/uploads\/2016\/01\/energia_cambio_climatico1.jpg' title=\"Energ\u00eda y Cambio Clim\u00e1tico en la Argentina: la profundizaci\u00f3n del problema\" data-rl_title=\"Energ\u00eda y Cambio Clim\u00e1tico en la Argentina: la profundizaci\u00f3n del problema\" class=\"rl-gallery-link\" data-rl_caption=\"Energ\u00eda y Cambio Clim\u00e1tico en la Argentina: la profundizaci\u00f3n del problema\" data-rel=\"lightbox-gallery-1\"><img loading=\"lazy\" decoding=\"async\" width=\"150\" height=\"150\" src=\"https:\/\/www.arquimaster.com.ar\/web\/wp-content\/uploads\/2016\/01\/energia_cambio_climatico1-150x150.jpg\" class=\"attachment-thumbnail size-thumbnail\" alt=\"Energ\u00eda y Cambio Clim\u00e1tico en la Argentina: la profundizaci\u00f3n del problema\" aria-describedby=\"gallery-1-18928\" srcset=\"https:\/\/www.arquimaster.com.ar\/web\/wp-content\/uploads\/2016\/01\/energia_cambio_climatico1-150x150.jpg 150w, https:\/\/www.arquimaster.com.ar\/web\/wp-content\/uploads\/2016\/01\/energia_cambio_climatico1-50x50.jpg 50w, https:\/\/www.arquimaster.com.ar\/web\/wp-content\/uploads\/2016\/01\/energia_cambio_climatico1-125x125.jpg 125w\" sizes=\"auto, (max-width: 150px) 100vw, 150px\" \/><\/a>\n\t\t\t<\/div>\n\t\t\t\t<figcaption class='wp-caption-text gallery-caption' id='gallery-1-18928'>\n\t\t\t\tEnerg\u00eda y Cambio Clim\u00e1tico en la Argentina: la profundizaci\u00f3n del problema\n\t\t\t\t<\/figcaption><\/figure><figure class='gallery-item'>\n\t\t\t<div class='gallery-icon portrait'>\n\t\t\t\t<a href='https:\/\/www.arquimaster.com.ar\/web\/wp-content\/uploads\/2016\/01\/energia_cambio_climatico2.jpg' title=\"Energ\u00eda y Cambio Clim\u00e1tico en la Argentina: la profundizaci\u00f3n del problema\" data-rl_title=\"Energ\u00eda y Cambio Clim\u00e1tico en la Argentina: la profundizaci\u00f3n del problema\" class=\"rl-gallery-link\" data-rl_caption=\"Energ\u00eda y Cambio Clim\u00e1tico en la Argentina: la profundizaci\u00f3n del problema\" data-rel=\"lightbox-gallery-1\"><img loading=\"lazy\" decoding=\"async\" width=\"150\" height=\"150\" src=\"https:\/\/www.arquimaster.com.ar\/web\/wp-content\/uploads\/2016\/01\/energia_cambio_climatico2-150x150.jpg\" class=\"attachment-thumbnail size-thumbnail\" alt=\"Energ\u00eda y Cambio Clim\u00e1tico en la Argentina: la profundizaci\u00f3n del problema\" aria-describedby=\"gallery-1-18929\" srcset=\"https:\/\/www.arquimaster.com.ar\/web\/wp-content\/uploads\/2016\/01\/energia_cambio_climatico2-150x150.jpg 150w, https:\/\/www.arquimaster.com.ar\/web\/wp-content\/uploads\/2016\/01\/energia_cambio_climatico2-50x50.jpg 50w, https:\/\/www.arquimaster.com.ar\/web\/wp-content\/uploads\/2016\/01\/energia_cambio_climatico2-125x125.jpg 125w\" sizes=\"auto, (max-width: 150px) 100vw, 150px\" \/><\/a>\n\t\t\t<\/div>\n\t\t\t\t<figcaption class='wp-caption-text gallery-caption' id='gallery-1-18929'>\n\t\t\t\tEnerg\u00eda y Cambio Clim\u00e1tico en la Argentina: la profundizaci\u00f3n del problema\n\t\t\t\t<\/figcaption><\/figure>\n\t\t<\/div>\n\n<p>En lo que respecta a la precipitaci\u00f3n, se produjeron los mayores aumentos en el este del pa\u00eds, ocasionando inundaciones de gran impacto socioecon\u00f3mico. En \u00e1reas semi\u00e1ridas, se observ\u00f3 una disminuci\u00f3n de las precipitaciones en la zona cordillerana y una disminuci\u00f3n de los caudales de los r\u00edos Cuyanos.<\/p>\n<p>La vulnerabilidad frente al cambio clim\u00e1tico cobra relevancia considerando que la actividad agropecuaria ocupa un lugar importante en la econom\u00eda del pa\u00eds.<\/p>\n<p>Este hecho adquiere a\u00fan mayor trascendencia si se tiene en cuenta que Argentina es un pa\u00eds con protagonismo en la producci\u00f3n y provisi\u00f3n de alimentos a nivel mundial y juega un papel fundamental en la seguridad alimentaria global.<\/p>\n<p>Con la llegada del calor toda la infraestructura est\u00e1 siendo puesta a prueba y pareciera que lo disponible no alcanzar\u00e1 para las expectativas de consumo de este verano.<\/p>\n<p>Actualmente, la matriz energ\u00e9tica argentina es fuertemente dependiente de los hidrocarburos. En 2014, sobre un total de 85,6 millones de toneladas equivalentes de petr\u00f3leo utilizadas en el a\u00f1o, el gas natural represent\u00f3 el 52,4%, y el petr\u00f3leo el 32,3%. Solo el 1% de la energ\u00eda utilizada es renovable.<\/p>\n<p>La producci\u00f3n de petr\u00f3leo decreci\u00f3 a\u00f1o tras a\u00f1o. Las reservas comprobadas de petr\u00f3leo son iguales en magnitud a las que el pa\u00eds ten\u00eda en el a\u00f1o 1970, las reservas de gas natural son hoy la mitad de las que el pa\u00eds ten\u00eda en 1983. Como consecuencia, el pa\u00eds ha perdido el autoabastecimiento energ\u00e9tico y se ha transformado en un fuerte importador de energ\u00eda.<\/p>\n<p>La vulnerabilidad energ\u00e9tica de la Argentina, medida como importaciones de energ\u00eda (en miles de D\u00f3lares) sobre el Producto Interno Bruto (PIB) o como importaciones de electricidad (GWh) sobre Generaci\u00f3n de electricidad local (GWh) o con otros indicadores similares, se ha incrementado en los \u00faltimos a\u00f1os.<\/p>\n<p>Las reformas estructurales iniciadas hacia principios de la d\u00e9cada de los 90 implicaron el traspaso al sector privado de la casi totalidad de los servicios p\u00fablicos, entre ellos los correspondientes al sector energ\u00e9tico.<\/p>\n<p>La generaci\u00f3n es producida por compa\u00f1\u00edas privadas y estatales, dentro de un mercado el\u00e9ctrico competitivo y mayormente libre, con el 75% de la capacidad instalada total en manos privadas. La parte en poder p\u00fablico corresponde a la generaci\u00f3n nuclear y a las dos plantas hidroel\u00e9ctricas binacionales.<\/p>\n<p>El sector de la generaci\u00f3n est\u00e1 altamente fragmentado, con m\u00e1s de diez grandes compa\u00f1\u00edas. Los generadores de electricidad la venden en el mercado mayorista. Los sectores de la transmisi\u00f3n y la distribuci\u00f3n est\u00e1n altamente regulados, y son menos competitivos que el sector de la generaci\u00f3n.<\/p>\n<p>El ejemplo de Argentina demuestra claramente que el agotamiento de las fuentes de combustibles f\u00f3siles puede estar m\u00e1s cerca de lo que se imagina. Cuando la pol\u00edtica energ\u00e9tica del pa\u00eds est\u00e1 pautada en fuentes no renovables y la demanda crece, hay que considerar un planeamiento energ\u00e9tico de largo plazo en funci\u00f3n de la econom\u00eda. La combinaci\u00f3n de la intervenci\u00f3n estatal en los precios con una generaci\u00f3n predominantemente agotable, llev\u00f3 Argentina a este escenario.<\/p>\n<p>En resumen, estas condiciones llevaron el pa\u00eds a una progresiva baja de las reservas de combustibles f\u00f3siles, frente al incremento de la demanda.<\/p>\n<p>Con relaci\u00f3n al acceso a la energ\u00eda, m\u00e1s del 98% de los hogares de Argentina tienen acceso a la electricidad de redes. Aunque no exista una normativa concreta que plantee objetivos relacionados con el acceso a la energ\u00eda, hay un objetivo, a\u00fan no formalizado en una norma, de lograr que el 100% de la poblaci\u00f3n pueda tener acceso a la energ\u00eda el\u00e9ctrica.<\/p>\n<p>Si bien este objetivo est\u00e1 muy cercano, el hecho de que aproximadamente medio mill\u00f3n de ciudadanos sin acceso a la red viven en zonas remotas y aisladas distribuidas a lo largo y ancho del territorio nacional, dificulta la definici\u00f3n de un plazo para alcanzarlo.<\/p>\n<p>\u00daltimamente, tambi\u00e9n se han desarrollado proyectos de mini redes que prestan el servicio el\u00e9ctrico, y, mediante la componente t\u00e9rmica del proyecto, se instalaron cientos de sistemas termo-solares en escuelas y servicios p\u00fablicos que se utilizan para la cocci\u00f3n de alimentos y para agua caliente sanitaria.<\/p>\n<p>Para universalizar el acceso a la energ\u00eda en Argentina, se deber\u00e1n buscar fuentes renovables de la misma, que representen un avance desde punto de vista clim\u00e1tico ya que no se utilizar\u00e1n combustibles f\u00f3siles para proveer electricidad a los hogares que a\u00fan no la tienen. Apuntar a miles de viviendas, escuelas y establecimientos de servicios p\u00fablicos atendidos con energ\u00eda solar o e\u00f3lica.<\/p>\n<p>Las l\u00edneas estrat\u00e9gicas claves de la pol\u00edtica de promoci\u00f3n de la eficiencia energ\u00e9tica en la Argentina deben considerar el desarrollo de marcos regulatorios que propicien medidas de eficiencia energ\u00e9tica en los Edificios P\u00fablicos de la Administraci\u00f3n P\u00fablica Nacional, dise\u00f1o apropiado de la organizaci\u00f3n institucional que lleve a los diferentes actores interesados al desarrollo del mercado de eficiencia energ\u00e9tica, concientizaci\u00f3n, difusi\u00f3n y educaci\u00f3n de los consumidores, profesionales y p\u00fablico en general en Ahorro y Eficiencia Energ\u00e9tica.<\/p>\n<p>Tambi\u00e9n deber\u00e1n prever la estimulaci\u00f3n del mercado mediante incentivos econ\u00f3micos, disponibilidad de mecanismos financieros apropiados. Por \u00faltimo, se toma en consideraci\u00f3n el fomento de la investigaci\u00f3n y el desarrollo en el campo de la Eficiencia Energ\u00e9tica en Edificios P\u00fablicos, junto con el dise\u00f1o y puesta en marcha de un sistema de informaci\u00f3n sobre metodolog\u00edas y tecnolog\u00edas disponibles, costos y beneficios de la mayor eficiencia energ\u00e9tica.<\/p>\n<p>En septiembre de 2015 se sancion\u00f3 el marco legal para balancear la matriz energ\u00e9tica, que establece que en 2017 el pa\u00eds deber\u00e1 contar con el 8% de su generaci\u00f3n el\u00e9ctrica a partir del viento, el sol o las peque\u00f1as centrales hidroel\u00e9ctricas, entre otras fuentes renovables. La norma, adem\u00e1s, impulsa a que en 2020 ese porcentaje ascienda al 20%.<\/p>\n<p>En el corto plazo, como en otros pa\u00edses de la regi\u00f3n, se implement\u00f3 el reemplazo masivo de l\u00e1mparas incandescentes por l\u00e1mparas de bajo consumo en todas las viviendas del pa\u00eds, adem\u00e1s del establecimiento de un r\u00e9gimen de etiquetado de eficiencia energ\u00e9tica destinado al desarrollo e implementaci\u00f3n de est\u00e1ndares de eficiencia energ\u00e9tica m\u00ednima para ser aplicados a la producci\u00f3n, importaci\u00f3n y comercializaci\u00f3n de equipos consumidores de energ\u00eda. Adem\u00e1s, Argentina ha innovado en la educaci\u00f3n de los ni\u00f1os en edad escolar en particular, con el fin de transmitir la naturaleza de la energ\u00eda, su impacto en la vida diaria y la necesidad de adoptar pautas de consumo prudente.<\/p>\n<p>La eficiencia energ\u00e9tica representa la \u00fanica iniciativa accionable para contribuir a la reducci\u00f3n de la demanda, y por lo tanto al d\u00e9ficit de energ\u00eda. Sin embargo, no existe actualmente un incentivo que fomente a los sectores p\u00fablicos o privados al ahorro de energ\u00eda y en la mayor\u00eda de los casos se trata de iniciativas aisladas. En el sector privado, pocas empresas multinacionales deciden implementar acciones de eficiencia energ\u00e9tica para cumplir con iniciativas corporativas de sustentabilidad. Solamente 7 empresas en territorio argentino tienen la certificaci\u00f3n ISO50001, entre ellas, Schneider Electric Argentina.<\/p>\n<p>En el sector energ\u00e9tico se definieron dos ejes centrales: la diversificaci\u00f3n de la matriz energ\u00e9tica y la promoci\u00f3n del uso racional y eficiente de la energ\u00eda. En tal sentido, el pa\u00eds cuenta con una estructura normativa y con planes estrat\u00e9gicos a largo plazo que promueven, entre otras medidas, una mayor participaci\u00f3n de fuentes renovables no convencionales: la energ\u00eda hidroel\u00e9ctrica, la energ\u00eda nuclear, la sustituci\u00f3n de combustibles f\u00f3siles por biocombustibles. Asimismo, se han establecido un conjunto de programas y acciones destinadas a la reducci\u00f3n de la intensidad energ\u00e9tica del consumo.<\/p>\n<p>El reemplazo gradual de los subsidios, que motive la inversi\u00f3n de riesgo en nuevas tecnolog\u00edas, la migraci\u00f3n hacia una generaci\u00f3n que use m\u00e1s fuentes renovables y la fijaci\u00f3n de incentivos a las iniciativas de eficiencia energ\u00e9tica, ser\u00edan una opci\u00f3n razonable en el mediano plazo. Mientras se desarrollan las inversiones en fuentes renovables, en el campo de la eficiencia energ\u00e9tica, las soluciones y tecnolog\u00edas para alcanzar el ahorro de hasta un 30% de ahorro energ\u00e9tico ya est\u00e1n disponibles.<\/p>\n<p><strong>Acerca de Schneider Electric<\/strong><br \/>\nSchneider Electric es el especialista global en gesti\u00f3n de la energ\u00eda y automatizaci\u00f3n. Con unas ventas en 2014 de 25.000 millones de euros, nuestros 170.000 empleados est\u00e1n presentes en un centenar de pa\u00edses, ayudando a nuestros clientes a gestionar su energ\u00eda y procesos de manera m\u00e1s segura, fiable, eficiente y sostenible. Desde un complejo sistema operacional a un sencillo enchufe, nuestra tecnolog\u00eda, software y servicios permiten mejorar la gesti\u00f3n y la automatizaci\u00f3n de las operaciones. Nuestras tecnolog\u00edas conectadas modernizan industrias, transforman ciudades y enriquecen vidas. En Schneider Electric, lo llamamos Life is On.<\/p>\n\n<div style=\"font-size: 0px; height: 0px; line-height: 0px; margin: 0; padding: 0; clear: both;\"><\/div><div style=\"margin-top: 0px; margin-bottom: 0px;\" class=\"sharethis-inline-share-buttons\" ><\/div>","protected":false},"excerpt":{"rendered":"<p>Promoci\u00f3n del uso racional y eficiente de la energ\u00eda y diversificaci\u00f3n de la matriz energ\u00e9tica&#8230;<\/p>\n","protected":false},"author":1,"featured_media":18927,"comment_status":"closed","ping_status":"closed","sticky":false,"template":"","format":"standard","meta":{"_uag_custom_page_level_css":"","footnotes":""},"categories":[72,74],"tags":[3715,129,3297,189,2262,3714],"class_list":["post-18926","post","type-post","status-publish","format-standard","has-post-thumbnail","hentry","category-articulos","category-notas-arquitectura","tag-cambio-climatico","tag-eficiencia-energetica","tag-energias-alternativas","tag-energias-renovables","tag-schneider-electric","tag-schneider-electric-argentina","generate-columns","tablet-grid-50","mobile-grid-100","grid-parent","grid-50"],"yoast_head":"<!-- This site is optimized with the Yoast SEO plugin v27.3 - https:\/\/yoast.com\/product\/yoast-seo-wordpress\/ -->\n<title>Energ\u00eda y Cambio Clim\u00e1tico en la Argentina: la profundizaci\u00f3n del problema - Arquimaster<\/title>\n<meta name=\"description\" content=\"La eficiencia energ\u00e9tica representa la \u00fanica iniciativa accionable para contribuir a la reducci\u00f3n de la demanda, y por lo tanto al d\u00e9ficit de energ\u00eda.\" \/>\n<meta name=\"robots\" content=\"index, follow, max-snippet:-1, max-image-preview:large, max-video-preview:-1\" \/>\n<link rel=\"canonical\" href=\"https:\/\/www.arquimaster.com.ar\/web\/energia-y-cambio-climatico-en-la-argentina-la-profundizacion-del-problema\/\" \/>\n<meta property=\"og:locale\" content=\"es_ES\" \/>\n<meta property=\"og:type\" content=\"article\" \/>\n<meta property=\"og:title\" content=\"Energ\u00eda y Cambio Clim\u00e1tico en la Argentina: la profundizaci\u00f3n del problema\" \/>\n<meta property=\"og:description\" content=\"La eficiencia energ\u00e9tica representa la \u00fanica iniciativa accionable para contribuir a la reducci\u00f3n de la demanda, y por lo tanto al d\u00e9ficit de energ\u00eda.\" \/>\n<meta property=\"og:url\" content=\"https:\/\/www.arquimaster.com.ar\/web\/energia-y-cambio-climatico-en-la-argentina-la-profundizacion-del-problema\/\" \/>\n<meta property=\"og:site_name\" content=\"Arquimaster\" \/>\n<meta property=\"article:publisher\" content=\"http:\/\/www.facebook.com\/ARQUIMASTER.com.ar\" \/>\n<meta property=\"article:published_time\" content=\"2016-01-02T03:04:14+00:00\" \/>\n<meta property=\"article:modified_time\" content=\"2025-10-26T00:21:52+00:00\" \/>\n<meta property=\"og:image\" content=\"https:\/\/www.arquimaster.com.ar\/web\/wp-content\/uploads\/2016\/01\/energia_cambio_climatico_slide.jpg\" \/>\n\t<meta property=\"og:image:width\" content=\"642\" \/>\n\t<meta property=\"og:image:height\" content=\"336\" \/>\n\t<meta property=\"og:image:type\" content=\"image\/jpeg\" \/>\n<meta name=\"author\" content=\"Arquimaster\" \/>\n<meta name=\"twitter:card\" content=\"summary_large_image\" \/>\n<meta name=\"twitter:description\" content=\"La eficiencia energ\u00e9tica representa la \u00fanica iniciativa accionable para contribuir a la reducci\u00f3n de la demanda, y por lo tanto al d\u00e9ficit de energ\u00eda.\" \/>\n<meta name=\"twitter:image\" content=\"https:\/\/www.arquimaster.com.ar\/web\/wp-content\/uploads\/2016\/01\/energia_cambio_climatico_slide.jpg\" \/>\n<meta name=\"twitter:creator\" content=\"@arquimaster\" \/>\n<meta name=\"twitter:site\" content=\"@arquimaster\" \/>\n<meta name=\"twitter:label1\" content=\"Escrito por\" \/>\n\t<meta name=\"twitter:data1\" content=\"Arquimaster\" \/>\n\t<meta name=\"twitter:label2\" content=\"Tiempo de lectura\" \/>\n\t<meta name=\"twitter:data2\" content=\"7 minutos\" \/>\n<script type=\"application\/ld+json\" class=\"yoast-schema-graph\">{\"@context\":\"https:\\\/\\\/schema.org\",\"@graph\":[{\"@type\":\"Article\",\"@id\":\"https:\\\/\\\/www.arquimaster.com.ar\\\/web\\\/energia-y-cambio-climatico-en-la-argentina-la-profundizacion-del-problema\\\/#article\",\"isPartOf\":{\"@id\":\"https:\\\/\\\/www.arquimaster.com.ar\\\/web\\\/energia-y-cambio-climatico-en-la-argentina-la-profundizacion-del-problema\\\/\"},\"author\":{\"name\":\"Arquimaster\",\"@id\":\"https:\\\/\\\/www.arquimaster.com.ar\\\/web\\\/#\\\/schema\\\/person\\\/359e9f7c00193fcde068e0dd2ceb0028\"},\"headline\":\"Energ\u00eda y Cambio Clim\u00e1tico en la Argentina: la profundizaci\u00f3n del problema\",\"datePublished\":\"2016-01-02T03:04:14+00:00\",\"dateModified\":\"2025-10-26T00:21:52+00:00\",\"mainEntityOfPage\":{\"@id\":\"https:\\\/\\\/www.arquimaster.com.ar\\\/web\\\/energia-y-cambio-climatico-en-la-argentina-la-profundizacion-del-problema\\\/\"},\"wordCount\":1653,\"publisher\":{\"@id\":\"https:\\\/\\\/www.arquimaster.com.ar\\\/web\\\/#organization\"},\"image\":{\"@id\":\"https:\\\/\\\/www.arquimaster.com.ar\\\/web\\\/energia-y-cambio-climatico-en-la-argentina-la-profundizacion-del-problema\\\/#primaryimage\"},\"thumbnailUrl\":\"https:\\\/\\\/www.arquimaster.com.ar\\\/web\\\/wp-content\\\/uploads\\\/2016\\\/01\\\/energia_cambio_climatico_slide.jpg\",\"keywords\":[\"cambio climatico\",\"eficiencia energ\u00e9tica\",\"energias alternativas\",\"energ\u00edas renovables\",\"Schneider Electric\",\"Schneider Electric Argentina\"],\"articleSection\":[\"Articulos\",\"Temas de arquitectura y dise\u00f1o\"],\"inLanguage\":\"es\"},{\"@type\":\"WebPage\",\"@id\":\"https:\\\/\\\/www.arquimaster.com.ar\\\/web\\\/energia-y-cambio-climatico-en-la-argentina-la-profundizacion-del-problema\\\/\",\"url\":\"https:\\\/\\\/www.arquimaster.com.ar\\\/web\\\/energia-y-cambio-climatico-en-la-argentina-la-profundizacion-del-problema\\\/\",\"name\":\"Energ\u00eda y Cambio Clim\u00e1tico en la Argentina: la profundizaci\u00f3n del problema - Arquimaster\",\"isPartOf\":{\"@id\":\"https:\\\/\\\/www.arquimaster.com.ar\\\/web\\\/#website\"},\"primaryImageOfPage\":{\"@id\":\"https:\\\/\\\/www.arquimaster.com.ar\\\/web\\\/energia-y-cambio-climatico-en-la-argentina-la-profundizacion-del-problema\\\/#primaryimage\"},\"image\":{\"@id\":\"https:\\\/\\\/www.arquimaster.com.ar\\\/web\\\/energia-y-cambio-climatico-en-la-argentina-la-profundizacion-del-problema\\\/#primaryimage\"},\"thumbnailUrl\":\"https:\\\/\\\/www.arquimaster.com.ar\\\/web\\\/wp-content\\\/uploads\\\/2016\\\/01\\\/energia_cambio_climatico_slide.jpg\",\"datePublished\":\"2016-01-02T03:04:14+00:00\",\"dateModified\":\"2025-10-26T00:21:52+00:00\",\"description\":\"La eficiencia energ\u00e9tica representa la \u00fanica iniciativa accionable para contribuir a la reducci\u00f3n de la demanda, y por lo tanto al d\u00e9ficit de energ\u00eda.\",\"breadcrumb\":{\"@id\":\"https:\\\/\\\/www.arquimaster.com.ar\\\/web\\\/energia-y-cambio-climatico-en-la-argentina-la-profundizacion-del-problema\\\/#breadcrumb\"},\"inLanguage\":\"es\",\"potentialAction\":[{\"@type\":\"ReadAction\",\"target\":[\"https:\\\/\\\/www.arquimaster.com.ar\\\/web\\\/energia-y-cambio-climatico-en-la-argentina-la-profundizacion-del-problema\\\/\"]}]},{\"@type\":\"ImageObject\",\"inLanguage\":\"es\",\"@id\":\"https:\\\/\\\/www.arquimaster.com.ar\\\/web\\\/energia-y-cambio-climatico-en-la-argentina-la-profundizacion-del-problema\\\/#primaryimage\",\"url\":\"https:\\\/\\\/www.arquimaster.com.ar\\\/web\\\/wp-content\\\/uploads\\\/2016\\\/01\\\/energia_cambio_climatico_slide.jpg\",\"contentUrl\":\"https:\\\/\\\/www.arquimaster.com.ar\\\/web\\\/wp-content\\\/uploads\\\/2016\\\/01\\\/energia_cambio_climatico_slide.jpg\",\"width\":642,\"height\":336,\"caption\":\"Energ\u00eda y Cambio Clim\u00e1tico en la Argentina: la profundizaci\u00f3n del problema\"},{\"@type\":\"BreadcrumbList\",\"@id\":\"https:\\\/\\\/www.arquimaster.com.ar\\\/web\\\/energia-y-cambio-climatico-en-la-argentina-la-profundizacion-del-problema\\\/#breadcrumb\",\"itemListElement\":[{\"@type\":\"ListItem\",\"position\":1,\"name\":\"Portada\",\"item\":\"https:\\\/\\\/www.arquimaster.com.ar\\\/web\\\/\"},{\"@type\":\"ListItem\",\"position\":2,\"name\":\"Energ\u00eda y Cambio Clim\u00e1tico en la Argentina: la profundizaci\u00f3n del problema\"}]},{\"@type\":\"WebSite\",\"@id\":\"https:\\\/\\\/www.arquimaster.com.ar\\\/web\\\/#website\",\"url\":\"https:\\\/\\\/www.arquimaster.com.ar\\\/web\\\/\",\"name\":\"Arquimaster\",\"description\":\"Web de arquitectura, dise\u00f1o y construccion\",\"publisher\":{\"@id\":\"https:\\\/\\\/www.arquimaster.com.ar\\\/web\\\/#organization\"},\"potentialAction\":[{\"@type\":\"SearchAction\",\"target\":{\"@type\":\"EntryPoint\",\"urlTemplate\":\"https:\\\/\\\/www.arquimaster.com.ar\\\/web\\\/?s={search_term_string}\"},\"query-input\":{\"@type\":\"PropertyValueSpecification\",\"valueRequired\":true,\"valueName\":\"search_term_string\"}}],\"inLanguage\":\"es\"},{\"@type\":\"Organization\",\"@id\":\"https:\\\/\\\/www.arquimaster.com.ar\\\/web\\\/#organization\",\"name\":\"Arquimaster\",\"url\":\"https:\\\/\\\/www.arquimaster.com.ar\\\/web\\\/\",\"logo\":{\"@type\":\"ImageObject\",\"inLanguage\":\"es\",\"@id\":\"https:\\\/\\\/www.arquimaster.com.ar\\\/web\\\/#\\\/schema\\\/logo\\\/image\\\/\",\"url\":\"https:\\\/\\\/www.arquimaster.com.ar\\\/web\\\/wp-content\\\/uploads\\\/2022\\\/06\\\/arquimaster.png\",\"contentUrl\":\"https:\\\/\\\/www.arquimaster.com.ar\\\/web\\\/wp-content\\\/uploads\\\/2022\\\/06\\\/arquimaster.png\",\"width\":594,\"height\":78,\"caption\":\"Arquimaster\"},\"image\":{\"@id\":\"https:\\\/\\\/www.arquimaster.com.ar\\\/web\\\/#\\\/schema\\\/logo\\\/image\\\/\"},\"sameAs\":[\"http:\\\/\\\/www.facebook.com\\\/ARQUIMASTER.com.ar\",\"https:\\\/\\\/x.com\\\/arquimaster\",\"https:\\\/\\\/www.instagram.com\\\/arquimasterblog\\\/\",\"https:\\\/\\\/www.linkedin.com\\\/company\\\/arquimaster\",\"https:\\\/\\\/www.pinterest.com\\\/arquimaster\",\"https:\\\/\\\/t.me\\\/arquimaster\"]},{\"@type\":\"Person\",\"@id\":\"https:\\\/\\\/www.arquimaster.com.ar\\\/web\\\/#\\\/schema\\\/person\\\/359e9f7c00193fcde068e0dd2ceb0028\",\"name\":\"Arquimaster\"}]}<\/script>\n<!-- \/ Yoast SEO plugin. -->","yoast_head_json":{"title":"Energ\u00eda y Cambio Clim\u00e1tico en la Argentina: la profundizaci\u00f3n del problema - Arquimaster","description":"La eficiencia energ\u00e9tica representa la \u00fanica iniciativa accionable para contribuir a la reducci\u00f3n de la demanda, y por lo tanto al d\u00e9ficit de energ\u00eda.","robots":{"index":"index","follow":"follow","max-snippet":"max-snippet:-1","max-image-preview":"max-image-preview:large","max-video-preview":"max-video-preview:-1"},"canonical":"https:\/\/www.arquimaster.com.ar\/web\/energia-y-cambio-climatico-en-la-argentina-la-profundizacion-del-problema\/","og_locale":"es_ES","og_type":"article","og_title":"Energ\u00eda y Cambio Clim\u00e1tico en la Argentina: la profundizaci\u00f3n del problema","og_description":"La eficiencia energ\u00e9tica representa la \u00fanica iniciativa accionable para contribuir a la reducci\u00f3n de la demanda, y por lo tanto al d\u00e9ficit de energ\u00eda.","og_url":"https:\/\/www.arquimaster.com.ar\/web\/energia-y-cambio-climatico-en-la-argentina-la-profundizacion-del-problema\/","og_site_name":"Arquimaster","article_publisher":"http:\/\/www.facebook.com\/ARQUIMASTER.com.ar","article_published_time":"2016-01-02T03:04:14+00:00","article_modified_time":"2025-10-26T00:21:52+00:00","og_image":[{"width":642,"height":336,"url":"https:\/\/www.arquimaster.com.ar\/web\/wp-content\/uploads\/2016\/01\/energia_cambio_climatico_slide.jpg","type":"image\/jpeg"}],"author":"Arquimaster","twitter_card":"summary_large_image","twitter_description":"La eficiencia energ\u00e9tica representa la \u00fanica iniciativa accionable para contribuir a la reducci\u00f3n de la demanda, y por lo tanto al d\u00e9ficit de energ\u00eda.","twitter_image":"https:\/\/www.arquimaster.com.ar\/web\/wp-content\/uploads\/2016\/01\/energia_cambio_climatico_slide.jpg","twitter_creator":"@arquimaster","twitter_site":"@arquimaster","twitter_misc":{"Escrito por":"Arquimaster","Tiempo de lectura":"7 minutos"},"schema":{"@context":"https:\/\/schema.org","@graph":[{"@type":"Article","@id":"https:\/\/www.arquimaster.com.ar\/web\/energia-y-cambio-climatico-en-la-argentina-la-profundizacion-del-problema\/#article","isPartOf":{"@id":"https:\/\/www.arquimaster.com.ar\/web\/energia-y-cambio-climatico-en-la-argentina-la-profundizacion-del-problema\/"},"author":{"name":"Arquimaster","@id":"https:\/\/www.arquimaster.com.ar\/web\/#\/schema\/person\/359e9f7c00193fcde068e0dd2ceb0028"},"headline":"Energ\u00eda y Cambio Clim\u00e1tico en la Argentina: la profundizaci\u00f3n del problema","datePublished":"2016-01-02T03:04:14+00:00","dateModified":"2025-10-26T00:21:52+00:00","mainEntityOfPage":{"@id":"https:\/\/www.arquimaster.com.ar\/web\/energia-y-cambio-climatico-en-la-argentina-la-profundizacion-del-problema\/"},"wordCount":1653,"publisher":{"@id":"https:\/\/www.arquimaster.com.ar\/web\/#organization"},"image":{"@id":"https:\/\/www.arquimaster.com.ar\/web\/energia-y-cambio-climatico-en-la-argentina-la-profundizacion-del-problema\/#primaryimage"},"thumbnailUrl":"https:\/\/www.arquimaster.com.ar\/web\/wp-content\/uploads\/2016\/01\/energia_cambio_climatico_slide.jpg","keywords":["cambio climatico","eficiencia energ\u00e9tica","energias alternativas","energ\u00edas renovables","Schneider Electric","Schneider Electric Argentina"],"articleSection":["Articulos","Temas de arquitectura y dise\u00f1o"],"inLanguage":"es"},{"@type":"WebPage","@id":"https:\/\/www.arquimaster.com.ar\/web\/energia-y-cambio-climatico-en-la-argentina-la-profundizacion-del-problema\/","url":"https:\/\/www.arquimaster.com.ar\/web\/energia-y-cambio-climatico-en-la-argentina-la-profundizacion-del-problema\/","name":"Energ\u00eda y Cambio Clim\u00e1tico en la Argentina: la profundizaci\u00f3n del problema - Arquimaster","isPartOf":{"@id":"https:\/\/www.arquimaster.com.ar\/web\/#website"},"primaryImageOfPage":{"@id":"https:\/\/www.arquimaster.com.ar\/web\/energia-y-cambio-climatico-en-la-argentina-la-profundizacion-del-problema\/#primaryimage"},"image":{"@id":"https:\/\/www.arquimaster.com.ar\/web\/energia-y-cambio-climatico-en-la-argentina-la-profundizacion-del-problema\/#primaryimage"},"thumbnailUrl":"https:\/\/www.arquimaster.com.ar\/web\/wp-content\/uploads\/2016\/01\/energia_cambio_climatico_slide.jpg","datePublished":"2016-01-02T03:04:14+00:00","dateModified":"2025-10-26T00:21:52+00:00","description":"La eficiencia energ\u00e9tica representa la \u00fanica iniciativa accionable para contribuir a la reducci\u00f3n de la demanda, y por lo tanto al d\u00e9ficit de energ\u00eda.","breadcrumb":{"@id":"https:\/\/www.arquimaster.com.ar\/web\/energia-y-cambio-climatico-en-la-argentina-la-profundizacion-del-problema\/#breadcrumb"},"inLanguage":"es","potentialAction":[{"@type":"ReadAction","target":["https:\/\/www.arquimaster.com.ar\/web\/energia-y-cambio-climatico-en-la-argentina-la-profundizacion-del-problema\/"]}]},{"@type":"ImageObject","inLanguage":"es","@id":"https:\/\/www.arquimaster.com.ar\/web\/energia-y-cambio-climatico-en-la-argentina-la-profundizacion-del-problema\/#primaryimage","url":"https:\/\/www.arquimaster.com.ar\/web\/wp-content\/uploads\/2016\/01\/energia_cambio_climatico_slide.jpg","contentUrl":"https:\/\/www.arquimaster.com.ar\/web\/wp-content\/uploads\/2016\/01\/energia_cambio_climatico_slide.jpg","width":642,"height":336,"caption":"Energ\u00eda y Cambio Clim\u00e1tico en la Argentina: la profundizaci\u00f3n del problema"},{"@type":"BreadcrumbList","@id":"https:\/\/www.arquimaster.com.ar\/web\/energia-y-cambio-climatico-en-la-argentina-la-profundizacion-del-problema\/#breadcrumb","itemListElement":[{"@type":"ListItem","position":1,"name":"Portada","item":"https:\/\/www.arquimaster.com.ar\/web\/"},{"@type":"ListItem","position":2,"name":"Energ\u00eda y Cambio Clim\u00e1tico en la Argentina: la profundizaci\u00f3n del problema"}]},{"@type":"WebSite","@id":"https:\/\/www.arquimaster.com.ar\/web\/#website","url":"https:\/\/www.arquimaster.com.ar\/web\/","name":"Arquimaster","description":"Web de arquitectura, dise\u00f1o y construccion","publisher":{"@id":"https:\/\/www.arquimaster.com.ar\/web\/#organization"},"potentialAction":[{"@type":"SearchAction","target":{"@type":"EntryPoint","urlTemplate":"https:\/\/www.arquimaster.com.ar\/web\/?s={search_term_string}"},"query-input":{"@type":"PropertyValueSpecification","valueRequired":true,"valueName":"search_term_string"}}],"inLanguage":"es"},{"@type":"Organization","@id":"https:\/\/www.arquimaster.com.ar\/web\/#organization","name":"Arquimaster","url":"https:\/\/www.arquimaster.com.ar\/web\/","logo":{"@type":"ImageObject","inLanguage":"es","@id":"https:\/\/www.arquimaster.com.ar\/web\/#\/schema\/logo\/image\/","url":"https:\/\/www.arquimaster.com.ar\/web\/wp-content\/uploads\/2022\/06\/arquimaster.png","contentUrl":"https:\/\/www.arquimaster.com.ar\/web\/wp-content\/uploads\/2022\/06\/arquimaster.png","width":594,"height":78,"caption":"Arquimaster"},"image":{"@id":"https:\/\/www.arquimaster.com.ar\/web\/#\/schema\/logo\/image\/"},"sameAs":["http:\/\/www.facebook.com\/ARQUIMASTER.com.ar","https:\/\/x.com\/arquimaster","https:\/\/www.instagram.com\/arquimasterblog\/","https:\/\/www.linkedin.com\/company\/arquimaster","https:\/\/www.pinterest.com\/arquimaster","https:\/\/t.me\/arquimaster"]},{"@type":"Person","@id":"https:\/\/www.arquimaster.com.ar\/web\/#\/schema\/person\/359e9f7c00193fcde068e0dd2ceb0028","name":"Arquimaster"}]}},"uagb_featured_image_src":{"full":["https:\/\/www.arquimaster.com.ar\/web\/wp-content\/uploads\/2016\/01\/energia_cambio_climatico_slide.jpg",642,336,false],"thumbnail":["https:\/\/www.arquimaster.com.ar\/web\/wp-content\/uploads\/2016\/01\/energia_cambio_climatico_slide-150x150.jpg",150,150,true],"medium":["https:\/\/www.arquimaster.com.ar\/web\/wp-content\/uploads\/2016\/01\/energia_cambio_climatico_slide.jpg",642,336,false],"medium_large":["https:\/\/www.arquimaster.com.ar\/web\/wp-content\/uploads\/2016\/01\/energia_cambio_climatico_slide.jpg",642,336,false],"large":["https:\/\/www.arquimaster.com.ar\/web\/wp-content\/uploads\/2016\/01\/energia_cambio_climatico_slide.jpg",642,336,false],"1536x1536":["https:\/\/www.arquimaster.com.ar\/web\/wp-content\/uploads\/2016\/01\/energia_cambio_climatico_slide.jpg",642,336,false],"2048x2048":["https:\/\/www.arquimaster.com.ar\/web\/wp-content\/uploads\/2016\/01\/energia_cambio_climatico_slide.jpg",642,336,false]},"uagb_author_info":{"display_name":"Arquimaster","author_link":"https:\/\/www.arquimaster.com.ar\/web\/author\/arquimaster\/"},"uagb_comment_info":0,"uagb_excerpt":"Promoci\u00f3n del uso racional y eficiente de la energ\u00eda y diversificaci\u00f3n de la matriz energ\u00e9tica...","_links":{"self":[{"href":"https:\/\/www.arquimaster.com.ar\/web\/wp-json\/wp\/v2\/posts\/18926","targetHints":{"allow":["GET"]}}],"collection":[{"href":"https:\/\/www.arquimaster.com.ar\/web\/wp-json\/wp\/v2\/posts"}],"about":[{"href":"https:\/\/www.arquimaster.com.ar\/web\/wp-json\/wp\/v2\/types\/post"}],"author":[{"embeddable":true,"href":"https:\/\/www.arquimaster.com.ar\/web\/wp-json\/wp\/v2\/users\/1"}],"replies":[{"embeddable":true,"href":"https:\/\/www.arquimaster.com.ar\/web\/wp-json\/wp\/v2\/comments?post=18926"}],"version-history":[{"count":2,"href":"https:\/\/www.arquimaster.com.ar\/web\/wp-json\/wp\/v2\/posts\/18926\/revisions"}],"predecessor-version":[{"id":86396,"href":"https:\/\/www.arquimaster.com.ar\/web\/wp-json\/wp\/v2\/posts\/18926\/revisions\/86396"}],"wp:featuredmedia":[{"embeddable":true,"href":"https:\/\/www.arquimaster.com.ar\/web\/wp-json\/wp\/v2\/media\/18927"}],"wp:attachment":[{"href":"https:\/\/www.arquimaster.com.ar\/web\/wp-json\/wp\/v2\/media?parent=18926"}],"wp:term":[{"taxonomy":"category","embeddable":true,"href":"https:\/\/www.arquimaster.com.ar\/web\/wp-json\/wp\/v2\/categories?post=18926"},{"taxonomy":"post_tag","embeddable":true,"href":"https:\/\/www.arquimaster.com.ar\/web\/wp-json\/wp\/v2\/tags?post=18926"}],"curies":[{"name":"wp","href":"https:\/\/api.w.org\/{rel}","templated":true}]}}