{"id":1898,"date":"2014-01-07T20:58:22","date_gmt":"2014-01-07T20:58:22","guid":{"rendered":"http:\/\/www.arquimaster.com.ar\/web\/?p=1898"},"modified":"2014-01-07T20:58:22","modified_gmt":"2014-01-07T20:58:22","slug":"rehabilitacion-de-casa-canaria-jose-ramon-rodriguez-fernandez","status":"publish","type":"post","link":"https:\/\/www.arquimaster.com.ar\/web\/rehabilitacion-de-casa-canaria-jose-ramon-rodriguez-fernandez\/","title":{"rendered":"Rehabilitaci\u00f3n de Casa Canaria \/ Jos\u00e9 Ram\u00f3n Rodr\u00edguez Fern\u00e1ndez"},"content":{"rendered":"<div style=\"margin-top: 0px; margin-bottom: 0px;\" class=\"sharethis-inline-share-buttons\" ><\/div><div class=\"b812932af2e751442846f039925109de\" data-index=\"1\" style=\"float: none; margin:25px 0 25px 0; text-align:center;\">\n<script async src=\"https:\/\/pagead2.googlesyndication.com\/pagead\/js\/adsbygoogle.js\"><\/script>\r\n<!-- Arquimaster (superior) -->\r\n<ins class=\"adsbygoogle\"\r\n     style=\"display:block\"\r\n     data-ad-client=\"ca-pub-6351072698456832\"\r\n     data-ad-slot=\"6455489680\"\r\n     data-ad-format=\"auto\"\r\n     data-full-width-responsive=\"true\"><\/ins>\r\n<script>\r\n     (adsbygoogle = window.adsbygoogle || []).push({});\r\n<\/script>\n<\/div>\n<p><strong>Rehabilitaci\u00f3n y ampliaci<strong>\u00f3<\/strong>n de Casa Canaria para 7 viviendas<\/strong> (San Crist\u00f3bal de La Laguna, Tenerife, Espa\u00f1a) por<strong> Jos\u00e9 Ram\u00f3n Rodr\u00edguez Fern\u00e1ndez<\/strong>. La intervencion se situa en el Casco Hist\u00f3rico, declarado Patrimonio de la Humanidad por la UNESCO en 1999.<\/p>\n<div id='gallery-1' class='gallery galleryid-1898 gallery-columns-3 gallery-size-thumbnail'><figure class='gallery-item'>\n\t\t\t<div class='gallery-icon landscape'>\n\t\t\t\t<a href='https:\/\/www.arquimaster.com.ar\/web\/wp-content\/uploads\/2014\/01\/rehab_casa_canaria_1.jpg' title=\"Rehabilitaci\u00f3n y Ampliaci\u00f3n de Casa Canaria \/ Jos\u00e9 Ram\u00f3n Rodr\u00edguez Fern\u00e1ndez\" data-rl_title=\"Rehabilitaci\u00f3n y Ampliaci\u00f3n de Casa Canaria \/ Jos\u00e9 Ram\u00f3n Rodr\u00edguez Fern\u00e1ndez\" class=\"rl-gallery-link\" data-rl_caption=\"Rehabilitaci\u00f3n y Ampliaci\u00f3n de Casa Canaria \/ Jos\u00e9 Ram\u00f3n Rodr\u00edguez Fern\u00e1ndez\" data-rel=\"lightbox-gallery-1\"><img loading=\"lazy\" decoding=\"async\" width=\"150\" height=\"150\" src=\"https:\/\/www.arquimaster.com.ar\/web\/wp-content\/uploads\/2014\/01\/rehab_casa_canaria_1-150x150.jpg\" class=\"attachment-thumbnail size-thumbnail\" alt=\"\" aria-describedby=\"gallery-1-1900\" srcset=\"https:\/\/www.arquimaster.com.ar\/web\/wp-content\/uploads\/2014\/01\/rehab_casa_canaria_1-150x150.jpg 150w, https:\/\/www.arquimaster.com.ar\/web\/wp-content\/uploads\/2014\/01\/rehab_casa_canaria_1-50x50.jpg 50w, https:\/\/www.arquimaster.com.ar\/web\/wp-content\/uploads\/2014\/01\/rehab_casa_canaria_1-125x125.jpg 125w\" sizes=\"auto, (max-width: 150px) 100vw, 150px\" \/><\/a>\n\t\t\t<\/div>\n\t\t\t\t<figcaption class='wp-caption-text gallery-caption' id='gallery-1-1900'>\n\t\t\t\tRehabilitaci\u00f3n y Ampliaci\u00f3n de Casa Canaria \/ Jos\u00e9 Ram\u00f3n Rodr\u00edguez Fern\u00e1ndez\n\t\t\t\t<\/figcaption><\/figure><figure class='gallery-item'>\n\t\t\t<div class='gallery-icon landscape'>\n\t\t\t\t<a href='https:\/\/www.arquimaster.com.ar\/web\/wp-content\/uploads\/2014\/01\/rehab_casa_canaria_2.jpg' title=\"Rehabilitaci\u00f3n y Ampliaci\u00f3n de Casa Canaria \/ Jos\u00e9 Ram\u00f3n Rodr\u00edguez Fern\u00e1ndez\" data-rl_title=\"Rehabilitaci\u00f3n y Ampliaci\u00f3n de Casa Canaria \/ Jos\u00e9 Ram\u00f3n Rodr\u00edguez Fern\u00e1ndez\" class=\"rl-gallery-link\" data-rl_caption=\"Rehabilitaci\u00f3n y Ampliaci\u00f3n de Casa Canaria \/ Jos\u00e9 Ram\u00f3n Rodr\u00edguez Fern\u00e1ndez\" data-rel=\"lightbox-gallery-1\"><img loading=\"lazy\" decoding=\"async\" width=\"150\" height=\"150\" src=\"https:\/\/www.arquimaster.com.ar\/web\/wp-content\/uploads\/2014\/01\/rehab_casa_canaria_2-150x150.jpg\" class=\"attachment-thumbnail size-thumbnail\" alt=\"\" aria-describedby=\"gallery-1-1901\" srcset=\"https:\/\/www.arquimaster.com.ar\/web\/wp-content\/uploads\/2014\/01\/rehab_casa_canaria_2-150x150.jpg 150w, https:\/\/www.arquimaster.com.ar\/web\/wp-content\/uploads\/2014\/01\/rehab_casa_canaria_2-50x50.jpg 50w, https:\/\/www.arquimaster.com.ar\/web\/wp-content\/uploads\/2014\/01\/rehab_casa_canaria_2-125x125.jpg 125w\" sizes=\"auto, (max-width: 150px) 100vw, 150px\" \/><\/a>\n\t\t\t<\/div>\n\t\t\t\t<figcaption class='wp-caption-text gallery-caption' id='gallery-1-1901'>\n\t\t\t\tRehabilitaci\u00f3n y Ampliaci\u00f3n de Casa Canaria \/ Jos\u00e9 Ram\u00f3n Rodr\u00edguez Fern\u00e1ndez\n\t\t\t\t<\/figcaption><\/figure><figure class='gallery-item'>\n\t\t\t<div class='gallery-icon landscape'>\n\t\t\t\t<a href='https:\/\/www.arquimaster.com.ar\/web\/wp-content\/uploads\/2014\/01\/rehab_casa_canaria_3.jpg' title=\"Rehabilitaci\u00f3n y Ampliaci\u00f3n de Casa Canaria \/ Jos\u00e9 Ram\u00f3n Rodr\u00edguez Fern\u00e1ndez\" data-rl_title=\"Rehabilitaci\u00f3n y Ampliaci\u00f3n de Casa Canaria \/ Jos\u00e9 Ram\u00f3n Rodr\u00edguez Fern\u00e1ndez\" class=\"rl-gallery-link\" data-rl_caption=\"Rehabilitaci\u00f3n y Ampliaci\u00f3n de Casa Canaria \/ Jos\u00e9 Ram\u00f3n Rodr\u00edguez Fern\u00e1ndez\" data-rel=\"lightbox-gallery-1\"><img loading=\"lazy\" decoding=\"async\" width=\"150\" height=\"150\" src=\"https:\/\/www.arquimaster.com.ar\/web\/wp-content\/uploads\/2014\/01\/rehab_casa_canaria_3-150x150.jpg\" class=\"attachment-thumbnail size-thumbnail\" alt=\"\" aria-describedby=\"gallery-1-1902\" srcset=\"https:\/\/www.arquimaster.com.ar\/web\/wp-content\/uploads\/2014\/01\/rehab_casa_canaria_3-150x150.jpg 150w, https:\/\/www.arquimaster.com.ar\/web\/wp-content\/uploads\/2014\/01\/rehab_casa_canaria_3-50x50.jpg 50w, https:\/\/www.arquimaster.com.ar\/web\/wp-content\/uploads\/2014\/01\/rehab_casa_canaria_3-125x125.jpg 125w\" sizes=\"auto, (max-width: 150px) 100vw, 150px\" \/><\/a>\n\t\t\t<\/div>\n\t\t\t\t<figcaption class='wp-caption-text gallery-caption' id='gallery-1-1902'>\n\t\t\t\tRehabilitaci\u00f3n y Ampliaci\u00f3n de Casa Canaria \/ Jos\u00e9 Ram\u00f3n Rodr\u00edguez Fern\u00e1ndez\n\t\t\t\t<\/figcaption><\/figure><figure class='gallery-item'>\n\t\t\t<div class='gallery-icon landscape'>\n\t\t\t\t<a href='https:\/\/www.arquimaster.com.ar\/web\/wp-content\/uploads\/2014\/01\/rehab_casa_canaria_4.jpg' title=\"Rehabilitaci\u00f3n y Ampliaci\u00f3n de Casa Canaria \/ Jos\u00e9 Ram\u00f3n Rodr\u00edguez Fern\u00e1ndez\" data-rl_title=\"Rehabilitaci\u00f3n y Ampliaci\u00f3n de Casa Canaria \/ Jos\u00e9 Ram\u00f3n Rodr\u00edguez Fern\u00e1ndez\" class=\"rl-gallery-link\" data-rl_caption=\"Rehabilitaci\u00f3n y Ampliaci\u00f3n de Casa Canaria \/ Jos\u00e9 Ram\u00f3n Rodr\u00edguez Fern\u00e1ndez\" data-rel=\"lightbox-gallery-1\"><img loading=\"lazy\" decoding=\"async\" width=\"150\" height=\"150\" src=\"https:\/\/www.arquimaster.com.ar\/web\/wp-content\/uploads\/2014\/01\/rehab_casa_canaria_4-150x150.jpg\" class=\"attachment-thumbnail size-thumbnail\" alt=\"\" aria-describedby=\"gallery-1-1903\" srcset=\"https:\/\/www.arquimaster.com.ar\/web\/wp-content\/uploads\/2014\/01\/rehab_casa_canaria_4-150x150.jpg 150w, https:\/\/www.arquimaster.com.ar\/web\/wp-content\/uploads\/2014\/01\/rehab_casa_canaria_4-50x50.jpg 50w, https:\/\/www.arquimaster.com.ar\/web\/wp-content\/uploads\/2014\/01\/rehab_casa_canaria_4-125x125.jpg 125w\" sizes=\"auto, (max-width: 150px) 100vw, 150px\" \/><\/a>\n\t\t\t<\/div>\n\t\t\t\t<figcaption class='wp-caption-text gallery-caption' id='gallery-1-1903'>\n\t\t\t\tRehabilitaci\u00f3n y Ampliaci\u00f3n de Casa Canaria \/ Jos\u00e9 Ram\u00f3n Rodr\u00edguez Fern\u00e1ndez\n\t\t\t\t<\/figcaption><\/figure><figure class='gallery-item'>\n\t\t\t<div class='gallery-icon landscape'>\n\t\t\t\t<a href='https:\/\/www.arquimaster.com.ar\/web\/wp-content\/uploads\/2014\/01\/rehab_casa_canaria_5.jpg' title=\"Rehabilitaci\u00f3n y Ampliaci\u00f3n de Casa Canaria \/ Jos\u00e9 Ram\u00f3n Rodr\u00edguez Fern\u00e1ndez\" data-rl_title=\"Rehabilitaci\u00f3n y Ampliaci\u00f3n de Casa Canaria \/ Jos\u00e9 Ram\u00f3n Rodr\u00edguez Fern\u00e1ndez\" class=\"rl-gallery-link\" data-rl_caption=\"Rehabilitaci\u00f3n y Ampliaci\u00f3n de Casa Canaria \/ Jos\u00e9 Ram\u00f3n Rodr\u00edguez Fern\u00e1ndez\" data-rel=\"lightbox-gallery-1\"><img loading=\"lazy\" decoding=\"async\" width=\"150\" height=\"150\" src=\"https:\/\/www.arquimaster.com.ar\/web\/wp-content\/uploads\/2014\/01\/rehab_casa_canaria_5-150x150.jpg\" class=\"attachment-thumbnail size-thumbnail\" alt=\"\" aria-describedby=\"gallery-1-1904\" srcset=\"https:\/\/www.arquimaster.com.ar\/web\/wp-content\/uploads\/2014\/01\/rehab_casa_canaria_5-150x150.jpg 150w, https:\/\/www.arquimaster.com.ar\/web\/wp-content\/uploads\/2014\/01\/rehab_casa_canaria_5-50x50.jpg 50w, https:\/\/www.arquimaster.com.ar\/web\/wp-content\/uploads\/2014\/01\/rehab_casa_canaria_5-125x125.jpg 125w\" sizes=\"auto, (max-width: 150px) 100vw, 150px\" \/><\/a>\n\t\t\t<\/div>\n\t\t\t\t<figcaption class='wp-caption-text gallery-caption' id='gallery-1-1904'>\n\t\t\t\tRehabilitaci\u00f3n y Ampliaci\u00f3n de Casa Canaria \/ Jos\u00e9 Ram\u00f3n Rodr\u00edguez Fern\u00e1ndez\n\t\t\t\t<\/figcaption><\/figure><figure class='gallery-item'>\n\t\t\t<div class='gallery-icon portrait'>\n\t\t\t\t<a href='https:\/\/www.arquimaster.com.ar\/web\/wp-content\/uploads\/2014\/01\/rehab_casa_canaria_6.jpg' title=\"Rehabilitaci\u00f3n y Ampliaci\u00f3n de Casa Canaria \/ Jos\u00e9 Ram\u00f3n Rodr\u00edguez Fern\u00e1ndez\" data-rl_title=\"Rehabilitaci\u00f3n y Ampliaci\u00f3n de Casa Canaria \/ Jos\u00e9 Ram\u00f3n Rodr\u00edguez Fern\u00e1ndez\" class=\"rl-gallery-link\" data-rl_caption=\"Rehabilitaci\u00f3n y Ampliaci\u00f3n de Casa Canaria \/ Jos\u00e9 Ram\u00f3n Rodr\u00edguez Fern\u00e1ndez\" data-rel=\"lightbox-gallery-1\"><img loading=\"lazy\" decoding=\"async\" width=\"150\" height=\"150\" src=\"https:\/\/www.arquimaster.com.ar\/web\/wp-content\/uploads\/2014\/01\/rehab_casa_canaria_6-150x150.jpg\" class=\"attachment-thumbnail size-thumbnail\" alt=\"\" aria-describedby=\"gallery-1-1905\" srcset=\"https:\/\/www.arquimaster.com.ar\/web\/wp-content\/uploads\/2014\/01\/rehab_casa_canaria_6-150x150.jpg 150w, https:\/\/www.arquimaster.com.ar\/web\/wp-content\/uploads\/2014\/01\/rehab_casa_canaria_6-50x50.jpg 50w, https:\/\/www.arquimaster.com.ar\/web\/wp-content\/uploads\/2014\/01\/rehab_casa_canaria_6-125x125.jpg 125w\" sizes=\"auto, (max-width: 150px) 100vw, 150px\" \/><\/a>\n\t\t\t<\/div>\n\t\t\t\t<figcaption class='wp-caption-text gallery-caption' id='gallery-1-1905'>\n\t\t\t\tRehabilitaci\u00f3n y Ampliaci\u00f3n de Casa Canaria \/ Jos\u00e9 Ram\u00f3n Rodr\u00edguez Fern\u00e1ndez\n\t\t\t\t<\/figcaption><\/figure><figure class='gallery-item'>\n\t\t\t<div class='gallery-icon portrait'>\n\t\t\t\t<a href='https:\/\/www.arquimaster.com.ar\/web\/wp-content\/uploads\/2014\/01\/rehab_casa_canaria_7.jpg' title=\"Rehabilitaci\u00f3n y Ampliaci\u00f3n de Casa Canaria \/ Jos\u00e9 Ram\u00f3n Rodr\u00edguez Fern\u00e1ndez\" data-rl_title=\"Rehabilitaci\u00f3n y Ampliaci\u00f3n de Casa Canaria \/ Jos\u00e9 Ram\u00f3n Rodr\u00edguez Fern\u00e1ndez\" class=\"rl-gallery-link\" data-rl_caption=\"Rehabilitaci\u00f3n y Ampliaci\u00f3n de Casa Canaria \/ Jos\u00e9 Ram\u00f3n Rodr\u00edguez Fern\u00e1ndez\" data-rel=\"lightbox-gallery-1\"><img loading=\"lazy\" decoding=\"async\" width=\"150\" height=\"150\" src=\"https:\/\/www.arquimaster.com.ar\/web\/wp-content\/uploads\/2014\/01\/rehab_casa_canaria_7-150x150.jpg\" class=\"attachment-thumbnail size-thumbnail\" alt=\"\" aria-describedby=\"gallery-1-1906\" srcset=\"https:\/\/www.arquimaster.com.ar\/web\/wp-content\/uploads\/2014\/01\/rehab_casa_canaria_7-150x150.jpg 150w, https:\/\/www.arquimaster.com.ar\/web\/wp-content\/uploads\/2014\/01\/rehab_casa_canaria_7-50x50.jpg 50w, https:\/\/www.arquimaster.com.ar\/web\/wp-content\/uploads\/2014\/01\/rehab_casa_canaria_7-125x125.jpg 125w\" sizes=\"auto, (max-width: 150px) 100vw, 150px\" \/><\/a>\n\t\t\t<\/div>\n\t\t\t\t<figcaption class='wp-caption-text gallery-caption' id='gallery-1-1906'>\n\t\t\t\tRehabilitaci\u00f3n y Ampliaci\u00f3n de Casa Canaria \/ Jos\u00e9 Ram\u00f3n Rodr\u00edguez Fern\u00e1ndez\n\t\t\t\t<\/figcaption><\/figure><figure class='gallery-item'>\n\t\t\t<div class='gallery-icon portrait'>\n\t\t\t\t<a href='https:\/\/www.arquimaster.com.ar\/web\/wp-content\/uploads\/2014\/01\/rehab_casa_canaria_8.jpg' title=\"Rehabilitaci\u00f3n y Ampliaci\u00f3n de Casa Canaria \/ Jos\u00e9 Ram\u00f3n Rodr\u00edguez Fern\u00e1ndez\" data-rl_title=\"Rehabilitaci\u00f3n y Ampliaci\u00f3n de Casa Canaria \/ Jos\u00e9 Ram\u00f3n Rodr\u00edguez Fern\u00e1ndez\" class=\"rl-gallery-link\" data-rl_caption=\"Rehabilitaci\u00f3n y Ampliaci\u00f3n de Casa Canaria \/ Jos\u00e9 Ram\u00f3n Rodr\u00edguez Fern\u00e1ndez\" data-rel=\"lightbox-gallery-1\"><img loading=\"lazy\" decoding=\"async\" width=\"150\" height=\"150\" src=\"https:\/\/www.arquimaster.com.ar\/web\/wp-content\/uploads\/2014\/01\/rehab_casa_canaria_8-150x150.jpg\" class=\"attachment-thumbnail size-thumbnail\" alt=\"\" aria-describedby=\"gallery-1-1907\" srcset=\"https:\/\/www.arquimaster.com.ar\/web\/wp-content\/uploads\/2014\/01\/rehab_casa_canaria_8-150x150.jpg 150w, https:\/\/www.arquimaster.com.ar\/web\/wp-content\/uploads\/2014\/01\/rehab_casa_canaria_8-50x50.jpg 50w, https:\/\/www.arquimaster.com.ar\/web\/wp-content\/uploads\/2014\/01\/rehab_casa_canaria_8-125x125.jpg 125w\" sizes=\"auto, (max-width: 150px) 100vw, 150px\" \/><\/a>\n\t\t\t<\/div>\n\t\t\t\t<figcaption class='wp-caption-text gallery-caption' id='gallery-1-1907'>\n\t\t\t\tRehabilitaci\u00f3n y Ampliaci\u00f3n de Casa Canaria \/ Jos\u00e9 Ram\u00f3n Rodr\u00edguez Fern\u00e1ndez\n\t\t\t\t<\/figcaption><\/figure><figure class='gallery-item'>\n\t\t\t<div class='gallery-icon portrait'>\n\t\t\t\t<a href='https:\/\/www.arquimaster.com.ar\/web\/wp-content\/uploads\/2014\/01\/rehab_casa_canaria_9.jpg' title=\"Rehabilitaci\u00f3n y Ampliaci\u00f3n de Casa Canaria \/ Jos\u00e9 Ram\u00f3n Rodr\u00edguez Fern\u00e1ndez\" data-rl_title=\"Rehabilitaci\u00f3n y Ampliaci\u00f3n de Casa Canaria \/ Jos\u00e9 Ram\u00f3n Rodr\u00edguez Fern\u00e1ndez\" class=\"rl-gallery-link\" data-rl_caption=\"Rehabilitaci\u00f3n y Ampliaci\u00f3n de Casa Canaria \/ Jos\u00e9 Ram\u00f3n Rodr\u00edguez Fern\u00e1ndez\" data-rel=\"lightbox-gallery-1\"><img loading=\"lazy\" decoding=\"async\" width=\"150\" height=\"150\" src=\"https:\/\/www.arquimaster.com.ar\/web\/wp-content\/uploads\/2014\/01\/rehab_casa_canaria_9-150x150.jpg\" class=\"attachment-thumbnail size-thumbnail\" alt=\"\" aria-describedby=\"gallery-1-1908\" srcset=\"https:\/\/www.arquimaster.com.ar\/web\/wp-content\/uploads\/2014\/01\/rehab_casa_canaria_9-150x150.jpg 150w, https:\/\/www.arquimaster.com.ar\/web\/wp-content\/uploads\/2014\/01\/rehab_casa_canaria_9-50x50.jpg 50w, https:\/\/www.arquimaster.com.ar\/web\/wp-content\/uploads\/2014\/01\/rehab_casa_canaria_9-125x125.jpg 125w\" sizes=\"auto, (max-width: 150px) 100vw, 150px\" \/><\/a>\n\t\t\t<\/div>\n\t\t\t\t<figcaption class='wp-caption-text gallery-caption' id='gallery-1-1908'>\n\t\t\t\tRehabilitaci\u00f3n y Ampliaci\u00f3n de Casa Canaria \/ Jos\u00e9 Ram\u00f3n Rodr\u00edguez Fern\u00e1ndez\n\t\t\t\t<\/figcaption><\/figure><figure class='gallery-item'>\n\t\t\t<div class='gallery-icon portrait'>\n\t\t\t\t<a href='https:\/\/www.arquimaster.com.ar\/web\/wp-content\/uploads\/2014\/01\/rehab_casa_canaria_10.jpg' title=\"Rehabilitaci\u00f3n y Ampliaci\u00f3n de Casa Canaria \/ Jos\u00e9 Ram\u00f3n Rodr\u00edguez Fern\u00e1ndez\" data-rl_title=\"Rehabilitaci\u00f3n y Ampliaci\u00f3n de Casa Canaria \/ Jos\u00e9 Ram\u00f3n Rodr\u00edguez Fern\u00e1ndez\" class=\"rl-gallery-link\" data-rl_caption=\"Rehabilitaci\u00f3n y Ampliaci\u00f3n de Casa Canaria \/ Jos\u00e9 Ram\u00f3n Rodr\u00edguez Fern\u00e1ndez\" data-rel=\"lightbox-gallery-1\"><img loading=\"lazy\" decoding=\"async\" width=\"150\" height=\"150\" src=\"https:\/\/www.arquimaster.com.ar\/web\/wp-content\/uploads\/2014\/01\/rehab_casa_canaria_10-150x150.jpg\" class=\"attachment-thumbnail size-thumbnail\" alt=\"\" aria-describedby=\"gallery-1-1909\" srcset=\"https:\/\/www.arquimaster.com.ar\/web\/wp-content\/uploads\/2014\/01\/rehab_casa_canaria_10-150x150.jpg 150w, https:\/\/www.arquimaster.com.ar\/web\/wp-content\/uploads\/2014\/01\/rehab_casa_canaria_10-50x50.jpg 50w, https:\/\/www.arquimaster.com.ar\/web\/wp-content\/uploads\/2014\/01\/rehab_casa_canaria_10-125x125.jpg 125w\" sizes=\"auto, (max-width: 150px) 100vw, 150px\" \/><\/a>\n\t\t\t<\/div>\n\t\t\t\t<figcaption class='wp-caption-text gallery-caption' id='gallery-1-1909'>\n\t\t\t\tRehabilitaci\u00f3n y Ampliaci\u00f3n de Casa Canaria \/ Jos\u00e9 Ram\u00f3n Rodr\u00edguez Fern\u00e1ndez\n\t\t\t\t<\/figcaption><\/figure><figure class='gallery-item'>\n\t\t\t<div class='gallery-icon portrait'>\n\t\t\t\t<a href='https:\/\/www.arquimaster.com.ar\/web\/wp-content\/uploads\/2014\/01\/rehab_casa_canaria_11.jpg' title=\"Rehabilitaci\u00f3n y Ampliaci\u00f3n de Casa Canaria \/ Jos\u00e9 Ram\u00f3n Rodr\u00edguez Fern\u00e1ndez\" data-rl_title=\"Rehabilitaci\u00f3n y Ampliaci\u00f3n de Casa Canaria \/ Jos\u00e9 Ram\u00f3n Rodr\u00edguez Fern\u00e1ndez\" class=\"rl-gallery-link\" data-rl_caption=\"Rehabilitaci\u00f3n y Ampliaci\u00f3n de Casa Canaria \/ Jos\u00e9 Ram\u00f3n Rodr\u00edguez Fern\u00e1ndez\" data-rel=\"lightbox-gallery-1\"><img loading=\"lazy\" decoding=\"async\" width=\"150\" height=\"150\" src=\"https:\/\/www.arquimaster.com.ar\/web\/wp-content\/uploads\/2014\/01\/rehab_casa_canaria_11-150x150.jpg\" class=\"attachment-thumbnail size-thumbnail\" alt=\"\" aria-describedby=\"gallery-1-1910\" srcset=\"https:\/\/www.arquimaster.com.ar\/web\/wp-content\/uploads\/2014\/01\/rehab_casa_canaria_11-150x150.jpg 150w, https:\/\/www.arquimaster.com.ar\/web\/wp-content\/uploads\/2014\/01\/rehab_casa_canaria_11-50x50.jpg 50w, https:\/\/www.arquimaster.com.ar\/web\/wp-content\/uploads\/2014\/01\/rehab_casa_canaria_11-125x125.jpg 125w\" sizes=\"auto, (max-width: 150px) 100vw, 150px\" \/><\/a>\n\t\t\t<\/div>\n\t\t\t\t<figcaption class='wp-caption-text gallery-caption' id='gallery-1-1910'>\n\t\t\t\tRehabilitaci\u00f3n y Ampliaci\u00f3n de Casa Canaria \/ Jos\u00e9 Ram\u00f3n Rodr\u00edguez Fern\u00e1ndez\n\t\t\t\t<\/figcaption><\/figure><figure class='gallery-item'>\n\t\t\t<div class='gallery-icon landscape'>\n\t\t\t\t<a href='https:\/\/www.arquimaster.com.ar\/web\/wp-content\/uploads\/2014\/01\/rehab_casa_canaria_12.jpg' title=\"Rehabilitaci\u00f3n y Ampliaci\u00f3n de Casa Canaria \/ Jos\u00e9 Ram\u00f3n Rodr\u00edguez Fern\u00e1ndez\" data-rl_title=\"Rehabilitaci\u00f3n y Ampliaci\u00f3n de Casa Canaria \/ Jos\u00e9 Ram\u00f3n Rodr\u00edguez Fern\u00e1ndez\" class=\"rl-gallery-link\" data-rl_caption=\"Rehabilitaci\u00f3n y Ampliaci\u00f3n de Casa Canaria \/ Jos\u00e9 Ram\u00f3n Rodr\u00edguez Fern\u00e1ndez\" data-rel=\"lightbox-gallery-1\"><img loading=\"lazy\" decoding=\"async\" width=\"150\" height=\"150\" src=\"https:\/\/www.arquimaster.com.ar\/web\/wp-content\/uploads\/2014\/01\/rehab_casa_canaria_12-150x150.jpg\" class=\"attachment-thumbnail size-thumbnail\" alt=\"\" aria-describedby=\"gallery-1-1911\" srcset=\"https:\/\/www.arquimaster.com.ar\/web\/wp-content\/uploads\/2014\/01\/rehab_casa_canaria_12-150x150.jpg 150w, https:\/\/www.arquimaster.com.ar\/web\/wp-content\/uploads\/2014\/01\/rehab_casa_canaria_12-50x50.jpg 50w, https:\/\/www.arquimaster.com.ar\/web\/wp-content\/uploads\/2014\/01\/rehab_casa_canaria_12-125x125.jpg 125w\" sizes=\"auto, (max-width: 150px) 100vw, 150px\" \/><\/a>\n\t\t\t<\/div>\n\t\t\t\t<figcaption class='wp-caption-text gallery-caption' id='gallery-1-1911'>\n\t\t\t\tRehabilitaci\u00f3n y Ampliaci\u00f3n de Casa Canaria \/ Jos\u00e9 Ram\u00f3n Rodr\u00edguez Fern\u00e1ndez\n\t\t\t\t<\/figcaption><\/figure><figure class='gallery-item'>\n\t\t\t<div class='gallery-icon landscape'>\n\t\t\t\t<a href='https:\/\/www.arquimaster.com.ar\/web\/wp-content\/uploads\/2014\/01\/rehab_casa_canaria_13.jpg' title=\"Rehabilitaci\u00f3n y Ampliaci\u00f3n de Casa Canaria \/ Jos\u00e9 Ram\u00f3n Rodr\u00edguez Fern\u00e1ndez\" data-rl_title=\"Rehabilitaci\u00f3n y Ampliaci\u00f3n de Casa Canaria \/ Jos\u00e9 Ram\u00f3n Rodr\u00edguez Fern\u00e1ndez\" class=\"rl-gallery-link\" data-rl_caption=\"Rehabilitaci\u00f3n y Ampliaci\u00f3n de Casa Canaria \/ Jos\u00e9 Ram\u00f3n Rodr\u00edguez Fern\u00e1ndez\" data-rel=\"lightbox-gallery-1\"><img loading=\"lazy\" decoding=\"async\" width=\"150\" height=\"150\" src=\"https:\/\/www.arquimaster.com.ar\/web\/wp-content\/uploads\/2014\/01\/rehab_casa_canaria_13-150x150.jpg\" class=\"attachment-thumbnail size-thumbnail\" alt=\"\" aria-describedby=\"gallery-1-1912\" srcset=\"https:\/\/www.arquimaster.com.ar\/web\/wp-content\/uploads\/2014\/01\/rehab_casa_canaria_13-150x150.jpg 150w, https:\/\/www.arquimaster.com.ar\/web\/wp-content\/uploads\/2014\/01\/rehab_casa_canaria_13-50x50.jpg 50w, https:\/\/www.arquimaster.com.ar\/web\/wp-content\/uploads\/2014\/01\/rehab_casa_canaria_13-125x125.jpg 125w\" sizes=\"auto, (max-width: 150px) 100vw, 150px\" \/><\/a>\n\t\t\t<\/div>\n\t\t\t\t<figcaption class='wp-caption-text gallery-caption' id='gallery-1-1912'>\n\t\t\t\tRehabilitaci\u00f3n y Ampliaci\u00f3n de Casa Canaria \/ Jos\u00e9 Ram\u00f3n Rodr\u00edguez Fern\u00e1ndez\n\t\t\t\t<\/figcaption><\/figure><figure class='gallery-item'>\n\t\t\t<div class='gallery-icon portrait'>\n\t\t\t\t<a href='https:\/\/www.arquimaster.com.ar\/web\/wp-content\/uploads\/2014\/01\/rehab_casa_canaria_14.jpg' title=\"Rehabilitaci\u00f3n y Ampliaci\u00f3n de Casa Canaria \/ Jos\u00e9 Ram\u00f3n Rodr\u00edguez Fern\u00e1ndez\" data-rl_title=\"Rehabilitaci\u00f3n y Ampliaci\u00f3n de Casa Canaria \/ Jos\u00e9 Ram\u00f3n Rodr\u00edguez Fern\u00e1ndez\" class=\"rl-gallery-link\" data-rl_caption=\"Rehabilitaci\u00f3n y Ampliaci\u00f3n de Casa Canaria \/ Jos\u00e9 Ram\u00f3n Rodr\u00edguez Fern\u00e1ndez\" data-rel=\"lightbox-gallery-1\"><img loading=\"lazy\" decoding=\"async\" width=\"150\" height=\"150\" src=\"https:\/\/www.arquimaster.com.ar\/web\/wp-content\/uploads\/2014\/01\/rehab_casa_canaria_14-150x150.jpg\" class=\"attachment-thumbnail size-thumbnail\" alt=\"\" aria-describedby=\"gallery-1-1913\" srcset=\"https:\/\/www.arquimaster.com.ar\/web\/wp-content\/uploads\/2014\/01\/rehab_casa_canaria_14-150x150.jpg 150w, https:\/\/www.arquimaster.com.ar\/web\/wp-content\/uploads\/2014\/01\/rehab_casa_canaria_14-50x50.jpg 50w, https:\/\/www.arquimaster.com.ar\/web\/wp-content\/uploads\/2014\/01\/rehab_casa_canaria_14-125x125.jpg 125w\" sizes=\"auto, (max-width: 150px) 100vw, 150px\" \/><\/a>\n\t\t\t<\/div>\n\t\t\t\t<figcaption class='wp-caption-text gallery-caption' id='gallery-1-1913'>\n\t\t\t\tRehabilitaci\u00f3n y Ampliaci\u00f3n de Casa Canaria \/ Jos\u00e9 Ram\u00f3n Rodr\u00edguez Fern\u00e1ndez\n\t\t\t\t<\/figcaption><\/figure><figure class='gallery-item'>\n\t\t\t<div class='gallery-icon portrait'>\n\t\t\t\t<a href='https:\/\/www.arquimaster.com.ar\/web\/wp-content\/uploads\/2014\/01\/rehab_casa_canaria_15.jpg' title=\"Rehabilitaci\u00f3n y Ampliaci\u00f3n de Casa Canaria \/ Jos\u00e9 Ram\u00f3n Rodr\u00edguez Fern\u00e1ndez\" data-rl_title=\"Rehabilitaci\u00f3n y Ampliaci\u00f3n de Casa Canaria \/ Jos\u00e9 Ram\u00f3n Rodr\u00edguez Fern\u00e1ndez\" class=\"rl-gallery-link\" data-rl_caption=\"Rehabilitaci\u00f3n y Ampliaci\u00f3n de Casa Canaria \/ Jos\u00e9 Ram\u00f3n Rodr\u00edguez Fern\u00e1ndez\" data-rel=\"lightbox-gallery-1\"><img loading=\"lazy\" decoding=\"async\" width=\"150\" height=\"150\" src=\"https:\/\/www.arquimaster.com.ar\/web\/wp-content\/uploads\/2014\/01\/rehab_casa_canaria_15-150x150.jpg\" class=\"attachment-thumbnail size-thumbnail\" alt=\"\" aria-describedby=\"gallery-1-1914\" srcset=\"https:\/\/www.arquimaster.com.ar\/web\/wp-content\/uploads\/2014\/01\/rehab_casa_canaria_15-150x150.jpg 150w, https:\/\/www.arquimaster.com.ar\/web\/wp-content\/uploads\/2014\/01\/rehab_casa_canaria_15-50x50.jpg 50w, https:\/\/www.arquimaster.com.ar\/web\/wp-content\/uploads\/2014\/01\/rehab_casa_canaria_15-125x125.jpg 125w\" sizes=\"auto, (max-width: 150px) 100vw, 150px\" \/><\/a>\n\t\t\t<\/div>\n\t\t\t\t<figcaption class='wp-caption-text gallery-caption' id='gallery-1-1914'>\n\t\t\t\tRehabilitaci\u00f3n y Ampliaci\u00f3n de Casa Canaria \/ Jos\u00e9 Ram\u00f3n Rodr\u00edguez Fern\u00e1ndez\n\t\t\t\t<\/figcaption><\/figure><figure class='gallery-item'>\n\t\t\t<div class='gallery-icon portrait'>\n\t\t\t\t<a href='https:\/\/www.arquimaster.com.ar\/web\/wp-content\/uploads\/2014\/01\/rehab_casa_canaria_16.jpg' title=\"Rehabilitaci\u00f3n y Ampliaci\u00f3n de Casa Canaria \/ Jos\u00e9 Ram\u00f3n Rodr\u00edguez Fern\u00e1ndez\" data-rl_title=\"Rehabilitaci\u00f3n y Ampliaci\u00f3n de Casa Canaria \/ Jos\u00e9 Ram\u00f3n Rodr\u00edguez Fern\u00e1ndez\" class=\"rl-gallery-link\" data-rl_caption=\"Rehabilitaci\u00f3n y Ampliaci\u00f3n de Casa Canaria \/ Jos\u00e9 Ram\u00f3n Rodr\u00edguez Fern\u00e1ndez\" data-rel=\"lightbox-gallery-1\"><img loading=\"lazy\" decoding=\"async\" width=\"150\" height=\"150\" src=\"https:\/\/www.arquimaster.com.ar\/web\/wp-content\/uploads\/2014\/01\/rehab_casa_canaria_16-150x150.jpg\" class=\"attachment-thumbnail size-thumbnail\" alt=\"\" aria-describedby=\"gallery-1-1915\" srcset=\"https:\/\/www.arquimaster.com.ar\/web\/wp-content\/uploads\/2014\/01\/rehab_casa_canaria_16-150x150.jpg 150w, https:\/\/www.arquimaster.com.ar\/web\/wp-content\/uploads\/2014\/01\/rehab_casa_canaria_16-50x50.jpg 50w, https:\/\/www.arquimaster.com.ar\/web\/wp-content\/uploads\/2014\/01\/rehab_casa_canaria_16-125x125.jpg 125w\" sizes=\"auto, (max-width: 150px) 100vw, 150px\" \/><\/a>\n\t\t\t<\/div>\n\t\t\t\t<figcaption class='wp-caption-text gallery-caption' id='gallery-1-1915'>\n\t\t\t\tRehabilitaci\u00f3n y Ampliaci\u00f3n de Casa Canaria \/ Jos\u00e9 Ram\u00f3n Rodr\u00edguez Fern\u00e1ndez\n\t\t\t\t<\/figcaption><\/figure><figure class='gallery-item'>\n\t\t\t<div class='gallery-icon landscape'>\n\t\t\t\t<a href='https:\/\/www.arquimaster.com.ar\/web\/wp-content\/uploads\/2014\/01\/rehab_casa_canaria_pb.jpg' title=\"Rehabilitaci\u00f3n y Ampliaci\u00f3n de Casa Canaria \/ Jos\u00e9 Ram\u00f3n Rodr\u00edguez Fern\u00e1ndez (Planta Baja)\" data-rl_title=\"Rehabilitaci\u00f3n y Ampliaci\u00f3n de Casa Canaria \/ Jos\u00e9 Ram\u00f3n Rodr\u00edguez Fern\u00e1ndez (Planta Baja)\" class=\"rl-gallery-link\" data-rl_caption=\"Rehabilitaci\u00f3n y Ampliaci\u00f3n de Casa Canaria \/ Jos\u00e9 Ram\u00f3n Rodr\u00edguez Fern\u00e1ndez (Planta Baja)\" data-rel=\"lightbox-gallery-1\"><img loading=\"lazy\" decoding=\"async\" width=\"150\" height=\"150\" src=\"https:\/\/www.arquimaster.com.ar\/web\/wp-content\/uploads\/2014\/01\/rehab_casa_canaria_pb-150x150.jpg\" class=\"attachment-thumbnail size-thumbnail\" alt=\"\" aria-describedby=\"gallery-1-1925\" srcset=\"https:\/\/www.arquimaster.com.ar\/web\/wp-content\/uploads\/2014\/01\/rehab_casa_canaria_pb-150x150.jpg 150w, https:\/\/www.arquimaster.com.ar\/web\/wp-content\/uploads\/2014\/01\/rehab_casa_canaria_pb-50x50.jpg 50w, https:\/\/www.arquimaster.com.ar\/web\/wp-content\/uploads\/2014\/01\/rehab_casa_canaria_pb-125x125.jpg 125w\" sizes=\"auto, (max-width: 150px) 100vw, 150px\" \/><\/a>\n\t\t\t<\/div>\n\t\t\t\t<figcaption class='wp-caption-text gallery-caption' id='gallery-1-1925'>\n\t\t\t\tRehabilitaci\u00f3n y Ampliaci\u00f3n de Casa Canaria \/ Jos\u00e9 Ram\u00f3n Rodr\u00edguez Fern\u00e1ndez (Planta Baja)\n\t\t\t\t<\/figcaption><\/figure><figure class='gallery-item'>\n\t\t\t<div class='gallery-icon landscape'>\n\t\t\t\t<a href='https:\/\/www.arquimaster.com.ar\/web\/wp-content\/uploads\/2014\/01\/rehab_casa_canaria_pa.jpg' title=\"Rehabilitaci\u00f3n y Ampliaci\u00f3n de Casa Canaria \/ Jos\u00e9 Ram\u00f3n Rodr\u00edguez Fern\u00e1ndez (Planta Alta)\" data-rl_title=\"Rehabilitaci\u00f3n y Ampliaci\u00f3n de Casa Canaria \/ Jos\u00e9 Ram\u00f3n Rodr\u00edguez Fern\u00e1ndez (Planta Alta)\" class=\"rl-gallery-link\" data-rl_caption=\"Rehabilitaci\u00f3n y Ampliaci\u00f3n de Casa Canaria \/ Jos\u00e9 Ram\u00f3n Rodr\u00edguez Fern\u00e1ndez (Planta Alta)\" data-rel=\"lightbox-gallery-1\"><img loading=\"lazy\" decoding=\"async\" width=\"150\" height=\"150\" src=\"https:\/\/www.arquimaster.com.ar\/web\/wp-content\/uploads\/2014\/01\/rehab_casa_canaria_pa-150x150.jpg\" class=\"attachment-thumbnail size-thumbnail\" alt=\"\" aria-describedby=\"gallery-1-1923\" srcset=\"https:\/\/www.arquimaster.com.ar\/web\/wp-content\/uploads\/2014\/01\/rehab_casa_canaria_pa-150x150.jpg 150w, https:\/\/www.arquimaster.com.ar\/web\/wp-content\/uploads\/2014\/01\/rehab_casa_canaria_pa-50x50.jpg 50w, https:\/\/www.arquimaster.com.ar\/web\/wp-content\/uploads\/2014\/01\/rehab_casa_canaria_pa-125x125.jpg 125w\" sizes=\"auto, (max-width: 150px) 100vw, 150px\" \/><\/a>\n\t\t\t<\/div>\n\t\t\t\t<figcaption class='wp-caption-text gallery-caption' id='gallery-1-1923'>\n\t\t\t\tRehabilitaci\u00f3n y Ampliaci\u00f3n de Casa Canaria \/ Jos\u00e9 Ram\u00f3n Rodr\u00edguez Fern\u00e1ndez (Planta Alta)\n\t\t\t\t<\/figcaption><\/figure><figure class='gallery-item'>\n\t\t\t<div class='gallery-icon landscape'>\n\t\t\t\t<a href='https:\/\/www.arquimaster.com.ar\/web\/wp-content\/uploads\/2014\/01\/rehab_casa_canaria_pc.jpg' title=\"Rehabilitaci\u00f3n y Ampliaci\u00f3n de Casa Canaria \/ Jos\u00e9 Ram\u00f3n Rodr\u00edguez Fern\u00e1ndez (Planta de Techos)\" data-rl_title=\"Rehabilitaci\u00f3n y Ampliaci\u00f3n de Casa Canaria \/ Jos\u00e9 Ram\u00f3n Rodr\u00edguez Fern\u00e1ndez (Planta de Techos)\" class=\"rl-gallery-link\" data-rl_caption=\"Rehabilitaci\u00f3n y Ampliaci\u00f3n de Casa Canaria \/ Jos\u00e9 Ram\u00f3n Rodr\u00edguez Fern\u00e1ndez (Planta de Techos)\" data-rel=\"lightbox-gallery-1\"><img loading=\"lazy\" decoding=\"async\" width=\"150\" height=\"150\" src=\"https:\/\/www.arquimaster.com.ar\/web\/wp-content\/uploads\/2014\/01\/rehab_casa_canaria_pc-150x150.jpg\" class=\"attachment-thumbnail size-thumbnail\" alt=\"\" aria-describedby=\"gallery-1-1927\" srcset=\"https:\/\/www.arquimaster.com.ar\/web\/wp-content\/uploads\/2014\/01\/rehab_casa_canaria_pc-150x150.jpg 150w, https:\/\/www.arquimaster.com.ar\/web\/wp-content\/uploads\/2014\/01\/rehab_casa_canaria_pc-50x50.jpg 50w, https:\/\/www.arquimaster.com.ar\/web\/wp-content\/uploads\/2014\/01\/rehab_casa_canaria_pc-125x125.jpg 125w\" sizes=\"auto, (max-width: 150px) 100vw, 150px\" \/><\/a>\n\t\t\t<\/div>\n\t\t\t\t<figcaption class='wp-caption-text gallery-caption' id='gallery-1-1927'>\n\t\t\t\tRehabilitaci\u00f3n y Ampliaci\u00f3n de Casa Canaria \/ Jos\u00e9 Ram\u00f3n Rodr\u00edguez Fern\u00e1ndez (Planta de Techos)\n\t\t\t\t<\/figcaption><\/figure><figure class='gallery-item'>\n\t\t\t<div class='gallery-icon landscape'>\n\t\t\t\t<a href='https:\/\/www.arquimaster.com.ar\/web\/wp-content\/uploads\/2014\/01\/rehab_casa_canaria_ca.jpg' title=\"Rehabilitaci\u00f3n y Ampliaci\u00f3n de Casa Canaria \/ Jos\u00e9 Ram\u00f3n Rodr\u00edguez Fern\u00e1ndez (Corte A-A)\" data-rl_title=\"Rehabilitaci\u00f3n y Ampliaci\u00f3n de Casa Canaria \/ Jos\u00e9 Ram\u00f3n Rodr\u00edguez Fern\u00e1ndez (Corte A-A)\" class=\"rl-gallery-link\" data-rl_caption=\"Rehabilitaci\u00f3n y Ampliaci\u00f3n de Casa Canaria \/ Jos\u00e9 Ram\u00f3n Rodr\u00edguez Fern\u00e1ndez (Corte A-A)\" data-rel=\"lightbox-gallery-1\"><img loading=\"lazy\" decoding=\"async\" width=\"150\" height=\"150\" src=\"https:\/\/www.arquimaster.com.ar\/web\/wp-content\/uploads\/2014\/01\/rehab_casa_canaria_ca-150x150.jpg\" class=\"attachment-thumbnail size-thumbnail\" alt=\"\" aria-describedby=\"gallery-1-1916\" srcset=\"https:\/\/www.arquimaster.com.ar\/web\/wp-content\/uploads\/2014\/01\/rehab_casa_canaria_ca-150x150.jpg 150w, https:\/\/www.arquimaster.com.ar\/web\/wp-content\/uploads\/2014\/01\/rehab_casa_canaria_ca-50x50.jpg 50w, https:\/\/www.arquimaster.com.ar\/web\/wp-content\/uploads\/2014\/01\/rehab_casa_canaria_ca-125x125.jpg 125w\" sizes=\"auto, (max-width: 150px) 100vw, 150px\" \/><\/a>\n\t\t\t<\/div>\n\t\t\t\t<figcaption class='wp-caption-text gallery-caption' id='gallery-1-1916'>\n\t\t\t\tRehabilitaci\u00f3n y Ampliaci\u00f3n de Casa Canaria \/ Jos\u00e9 Ram\u00f3n Rodr\u00edguez Fern\u00e1ndez (Corte A-A)\n\t\t\t\t<\/figcaption><\/figure><figure class='gallery-item'>\n\t\t\t<div class='gallery-icon landscape'>\n\t\t\t\t<a href='https:\/\/www.arquimaster.com.ar\/web\/wp-content\/uploads\/2014\/01\/rehab_casa_canaria_cb.jpg' title=\"Rehabilitaci\u00f3n y Ampliaci\u00f3n de Casa Canaria \/ Jos\u00e9 Ram\u00f3n Rodr\u00edguez Fern\u00e1ndez (Corte B-B)\" data-rl_title=\"Rehabilitaci\u00f3n y Ampliaci\u00f3n de Casa Canaria \/ Jos\u00e9 Ram\u00f3n Rodr\u00edguez Fern\u00e1ndez (Corte B-B)\" class=\"rl-gallery-link\" data-rl_caption=\"Rehabilitaci\u00f3n y Ampliaci\u00f3n de Casa Canaria \/ Jos\u00e9 Ram\u00f3n Rodr\u00edguez Fern\u00e1ndez (Corte B-B)\" data-rel=\"lightbox-gallery-1\"><img loading=\"lazy\" decoding=\"async\" width=\"150\" height=\"150\" src=\"https:\/\/www.arquimaster.com.ar\/web\/wp-content\/uploads\/2014\/01\/rehab_casa_canaria_cb-150x150.jpg\" class=\"attachment-thumbnail size-thumbnail\" alt=\"\" aria-describedby=\"gallery-1-1918\" srcset=\"https:\/\/www.arquimaster.com.ar\/web\/wp-content\/uploads\/2014\/01\/rehab_casa_canaria_cb-150x150.jpg 150w, https:\/\/www.arquimaster.com.ar\/web\/wp-content\/uploads\/2014\/01\/rehab_casa_canaria_cb-50x50.jpg 50w, https:\/\/www.arquimaster.com.ar\/web\/wp-content\/uploads\/2014\/01\/rehab_casa_canaria_cb-125x125.jpg 125w\" sizes=\"auto, (max-width: 150px) 100vw, 150px\" \/><\/a>\n\t\t\t<\/div>\n\t\t\t\t<figcaption class='wp-caption-text gallery-caption' id='gallery-1-1918'>\n\t\t\t\tRehabilitaci\u00f3n y Ampliaci\u00f3n de Casa Canaria \/ Jos\u00e9 Ram\u00f3n Rodr\u00edguez Fern\u00e1ndez (Corte B-B)\n\t\t\t\t<\/figcaption><\/figure><figure class='gallery-item'>\n\t\t\t<div class='gallery-icon landscape'>\n\t\t\t\t<a href='https:\/\/www.arquimaster.com.ar\/web\/wp-content\/uploads\/2014\/01\/rehab_casa_canaria_v.jpg' title=\"Rehabilitaci\u00f3n y Ampliaci\u00f3n de Casa Canaria \/ Jos\u00e9 Ram\u00f3n Rodr\u00edguez Fern\u00e1ndez (Fachada)\" data-rl_title=\"Rehabilitaci\u00f3n y Ampliaci\u00f3n de Casa Canaria \/ Jos\u00e9 Ram\u00f3n Rodr\u00edguez Fern\u00e1ndez (Fachada)\" class=\"rl-gallery-link\" data-rl_caption=\"Rehabilitaci\u00f3n y Ampliaci\u00f3n de Casa Canaria \/ Jos\u00e9 Ram\u00f3n Rodr\u00edguez Fern\u00e1ndez (Fachada)\" data-rel=\"lightbox-gallery-1\"><img loading=\"lazy\" decoding=\"async\" width=\"150\" height=\"150\" src=\"https:\/\/www.arquimaster.com.ar\/web\/wp-content\/uploads\/2014\/01\/rehab_casa_canaria_v-150x150.jpg\" class=\"attachment-thumbnail size-thumbnail\" alt=\"\" aria-describedby=\"gallery-1-1929\" srcset=\"https:\/\/www.arquimaster.com.ar\/web\/wp-content\/uploads\/2014\/01\/rehab_casa_canaria_v-150x150.jpg 150w, https:\/\/www.arquimaster.com.ar\/web\/wp-content\/uploads\/2014\/01\/rehab_casa_canaria_v-50x50.jpg 50w, https:\/\/www.arquimaster.com.ar\/web\/wp-content\/uploads\/2014\/01\/rehab_casa_canaria_v-125x125.jpg 125w\" sizes=\"auto, (max-width: 150px) 100vw, 150px\" \/><\/a>\n\t\t\t<\/div>\n\t\t\t\t<figcaption class='wp-caption-text gallery-caption' id='gallery-1-1929'>\n\t\t\t\tRehabilitaci\u00f3n y Ampliaci\u00f3n de Casa Canaria \/ Jos\u00e9 Ram\u00f3n Rodr\u00edguez Fern\u00e1ndez (Fachada)\n\t\t\t\t<\/figcaption><\/figure><figure class='gallery-item'>\n\t\t\t<div class='gallery-icon landscape'>\n\t\t\t\t<a href='https:\/\/www.arquimaster.com.ar\/web\/wp-content\/uploads\/2014\/01\/rehab_casa_canaria_o1.jpg' title=\"Rehabilitaci\u00f3n y Ampliaci\u00f3n de Casa Canaria \/ Jos\u00e9 Ram\u00f3n Rodr\u00edguez Fern\u00e1ndez (estado original)\" data-rl_title=\"Rehabilitaci\u00f3n y Ampliaci\u00f3n de Casa Canaria \/ Jos\u00e9 Ram\u00f3n Rodr\u00edguez Fern\u00e1ndez (estado original)\" class=\"rl-gallery-link\" data-rl_caption=\"Rehabilitaci\u00f3n y Ampliaci\u00f3n de Casa Canaria \/ Jos\u00e9 Ram\u00f3n Rodr\u00edguez Fern\u00e1ndez (estado original)\" data-rel=\"lightbox-gallery-1\"><img loading=\"lazy\" decoding=\"async\" width=\"150\" height=\"150\" src=\"https:\/\/www.arquimaster.com.ar\/web\/wp-content\/uploads\/2014\/01\/rehab_casa_canaria_o1-150x150.jpg\" class=\"attachment-thumbnail size-thumbnail\" alt=\"\" aria-describedby=\"gallery-1-1920\" srcset=\"https:\/\/www.arquimaster.com.ar\/web\/wp-content\/uploads\/2014\/01\/rehab_casa_canaria_o1-150x150.jpg 150w, https:\/\/www.arquimaster.com.ar\/web\/wp-content\/uploads\/2014\/01\/rehab_casa_canaria_o1-50x50.jpg 50w, https:\/\/www.arquimaster.com.ar\/web\/wp-content\/uploads\/2014\/01\/rehab_casa_canaria_o1-125x125.jpg 125w\" sizes=\"auto, (max-width: 150px) 100vw, 150px\" \/><\/a>\n\t\t\t<\/div>\n\t\t\t\t<figcaption class='wp-caption-text gallery-caption' id='gallery-1-1920'>\n\t\t\t\tRehabilitaci\u00f3n y Ampliaci\u00f3n de Casa Canaria \/ Jos\u00e9 Ram\u00f3n Rodr\u00edguez Fern\u00e1ndez (estado original)\n\t\t\t\t<\/figcaption><\/figure><figure class='gallery-item'>\n\t\t\t<div class='gallery-icon landscape'>\n\t\t\t\t<a href='https:\/\/www.arquimaster.com.ar\/web\/wp-content\/uploads\/2014\/01\/rehab_casa_canaria_o2.jpg' title=\"Rehabilitaci\u00f3n y Ampliaci\u00f3n de Casa Canaria \/ Jos\u00e9 Ram\u00f3n Rodr\u00edguez Fern\u00e1ndez (estado original)\" data-rl_title=\"Rehabilitaci\u00f3n y Ampliaci\u00f3n de Casa Canaria \/ Jos\u00e9 Ram\u00f3n Rodr\u00edguez Fern\u00e1ndez (estado original)\" class=\"rl-gallery-link\" data-rl_caption=\"Rehabilitaci\u00f3n y Ampliaci\u00f3n de Casa Canaria \/ Jos\u00e9 Ram\u00f3n Rodr\u00edguez Fern\u00e1ndez (estado original)\" data-rel=\"lightbox-gallery-1\"><img loading=\"lazy\" decoding=\"async\" width=\"150\" height=\"150\" src=\"https:\/\/www.arquimaster.com.ar\/web\/wp-content\/uploads\/2014\/01\/rehab_casa_canaria_o2-150x150.jpg\" class=\"attachment-thumbnail size-thumbnail\" alt=\"\" aria-describedby=\"gallery-1-1921\" srcset=\"https:\/\/www.arquimaster.com.ar\/web\/wp-content\/uploads\/2014\/01\/rehab_casa_canaria_o2-150x150.jpg 150w, https:\/\/www.arquimaster.com.ar\/web\/wp-content\/uploads\/2014\/01\/rehab_casa_canaria_o2-50x50.jpg 50w, https:\/\/www.arquimaster.com.ar\/web\/wp-content\/uploads\/2014\/01\/rehab_casa_canaria_o2-125x125.jpg 125w\" sizes=\"auto, (max-width: 150px) 100vw, 150px\" \/><\/a>\n\t\t\t<\/div>\n\t\t\t\t<figcaption class='wp-caption-text gallery-caption' id='gallery-1-1921'>\n\t\t\t\tRehabilitaci\u00f3n y Ampliaci\u00f3n de Casa Canaria \/ Jos\u00e9 Ram\u00f3n Rodr\u00edguez Fern\u00e1ndez (estado original)\n\t\t\t\t<\/figcaption><\/figure><figure class='gallery-item'>\n\t\t\t<div class='gallery-icon portrait'>\n\t\t\t\t<a href='https:\/\/www.arquimaster.com.ar\/web\/wp-content\/uploads\/2014\/01\/rehab_casa_canaria_o3.jpg' title=\"Rehabilitaci\u00f3n y Ampliaci\u00f3n de Casa Canaria \/ Jos\u00e9 Ram\u00f3n Rodr\u00edguez Fern\u00e1ndez (estado original)\" data-rl_title=\"Rehabilitaci\u00f3n y Ampliaci\u00f3n de Casa Canaria \/ Jos\u00e9 Ram\u00f3n Rodr\u00edguez Fern\u00e1ndez (estado original)\" class=\"rl-gallery-link\" data-rl_caption=\"Rehabilitaci\u00f3n y Ampliaci\u00f3n de Casa Canaria \/ Jos\u00e9 Ram\u00f3n Rodr\u00edguez Fern\u00e1ndez (estado original)\" data-rel=\"lightbox-gallery-1\"><img loading=\"lazy\" decoding=\"async\" width=\"150\" height=\"150\" src=\"https:\/\/www.arquimaster.com.ar\/web\/wp-content\/uploads\/2014\/01\/rehab_casa_canaria_o3-150x150.jpg\" class=\"attachment-thumbnail size-thumbnail\" alt=\"\" aria-describedby=\"gallery-1-1922\" srcset=\"https:\/\/www.arquimaster.com.ar\/web\/wp-content\/uploads\/2014\/01\/rehab_casa_canaria_o3-150x150.jpg 150w, https:\/\/www.arquimaster.com.ar\/web\/wp-content\/uploads\/2014\/01\/rehab_casa_canaria_o3-50x50.jpg 50w, https:\/\/www.arquimaster.com.ar\/web\/wp-content\/uploads\/2014\/01\/rehab_casa_canaria_o3-125x125.jpg 125w\" sizes=\"auto, (max-width: 150px) 100vw, 150px\" \/><\/a>\n\t\t\t<\/div>\n\t\t\t\t<figcaption class='wp-caption-text gallery-caption' id='gallery-1-1922'>\n\t\t\t\tRehabilitaci\u00f3n y Ampliaci\u00f3n de Casa Canaria \/ Jos\u00e9 Ram\u00f3n Rodr\u00edguez Fern\u00e1ndez (estado original)\n\t\t\t\t<\/figcaption><\/figure><figure class='gallery-item'>\n\t\t\t<div class='gallery-icon landscape'>\n\t\t\t\t<a href='https:\/\/www.arquimaster.com.ar\/web\/wp-content\/uploads\/2014\/01\/rehab_casa_canaria_pbo.jpg' title=\"Rehabilitaci\u00f3n y Ampliaci\u00f3n de Casa Canaria \/ Jos\u00e9 Ram\u00f3n Rodr\u00edguez Fern\u00e1ndez (estado original)\" data-rl_title=\"Rehabilitaci\u00f3n y Ampliaci\u00f3n de Casa Canaria \/ Jos\u00e9 Ram\u00f3n Rodr\u00edguez Fern\u00e1ndez (estado original)\" class=\"rl-gallery-link\" data-rl_caption=\"Rehabilitaci\u00f3n y Ampliaci\u00f3n de Casa Canaria \/ Jos\u00e9 Ram\u00f3n Rodr\u00edguez Fern\u00e1ndez (estado original)\" data-rel=\"lightbox-gallery-1\"><img loading=\"lazy\" decoding=\"async\" width=\"150\" height=\"150\" src=\"https:\/\/www.arquimaster.com.ar\/web\/wp-content\/uploads\/2014\/01\/rehab_casa_canaria_pbo-150x150.jpg\" class=\"attachment-thumbnail size-thumbnail\" alt=\"\" aria-describedby=\"gallery-1-1926\" srcset=\"https:\/\/www.arquimaster.com.ar\/web\/wp-content\/uploads\/2014\/01\/rehab_casa_canaria_pbo-150x150.jpg 150w, https:\/\/www.arquimaster.com.ar\/web\/wp-content\/uploads\/2014\/01\/rehab_casa_canaria_pbo-50x50.jpg 50w, https:\/\/www.arquimaster.com.ar\/web\/wp-content\/uploads\/2014\/01\/rehab_casa_canaria_pbo-125x125.jpg 125w\" sizes=\"auto, (max-width: 150px) 100vw, 150px\" \/><\/a>\n\t\t\t<\/div>\n\t\t\t\t<figcaption class='wp-caption-text gallery-caption' id='gallery-1-1926'>\n\t\t\t\tRehabilitaci\u00f3n y Ampliaci\u00f3n de Casa Canaria \/ Jos\u00e9 Ram\u00f3n Rodr\u00edguez Fern\u00e1ndez (estado original)\n\t\t\t\t<\/figcaption><\/figure><figure class='gallery-item'>\n\t\t\t<div class='gallery-icon landscape'>\n\t\t\t\t<a href='https:\/\/www.arquimaster.com.ar\/web\/wp-content\/uploads\/2014\/01\/rehab_casa_canaria_pao.jpg' title=\"Rehabilitaci\u00f3n y Ampliaci\u00f3n de Casa Canaria \/ Jos\u00e9 Ram\u00f3n Rodr\u00edguez Fern\u00e1ndez (estado original)\" data-rl_title=\"Rehabilitaci\u00f3n y Ampliaci\u00f3n de Casa Canaria \/ Jos\u00e9 Ram\u00f3n Rodr\u00edguez Fern\u00e1ndez (estado original)\" class=\"rl-gallery-link\" data-rl_caption=\"Rehabilitaci\u00f3n y Ampliaci\u00f3n de Casa Canaria \/ Jos\u00e9 Ram\u00f3n Rodr\u00edguez Fern\u00e1ndez (estado original)\" data-rel=\"lightbox-gallery-1\"><img loading=\"lazy\" decoding=\"async\" width=\"150\" height=\"150\" src=\"https:\/\/www.arquimaster.com.ar\/web\/wp-content\/uploads\/2014\/01\/rehab_casa_canaria_pao-150x150.jpg\" class=\"attachment-thumbnail size-thumbnail\" alt=\"\" aria-describedby=\"gallery-1-1924\" srcset=\"https:\/\/www.arquimaster.com.ar\/web\/wp-content\/uploads\/2014\/01\/rehab_casa_canaria_pao-150x150.jpg 150w, https:\/\/www.arquimaster.com.ar\/web\/wp-content\/uploads\/2014\/01\/rehab_casa_canaria_pao-50x50.jpg 50w, https:\/\/www.arquimaster.com.ar\/web\/wp-content\/uploads\/2014\/01\/rehab_casa_canaria_pao-125x125.jpg 125w\" sizes=\"auto, (max-width: 150px) 100vw, 150px\" \/><\/a>\n\t\t\t<\/div>\n\t\t\t\t<figcaption class='wp-caption-text gallery-caption' id='gallery-1-1924'>\n\t\t\t\tRehabilitaci\u00f3n y Ampliaci\u00f3n de Casa Canaria \/ Jos\u00e9 Ram\u00f3n Rodr\u00edguez Fern\u00e1ndez (estado original)\n\t\t\t\t<\/figcaption><\/figure><figure class='gallery-item'>\n\t\t\t<div class='gallery-icon landscape'>\n\t\t\t\t<a href='https:\/\/www.arquimaster.com.ar\/web\/wp-content\/uploads\/2014\/01\/rehab_casa_canaria_cao.jpg' title=\"Rehabilitaci\u00f3n y Ampliaci\u00f3n de Casa Canaria \/ Jos\u00e9 Ram\u00f3n Rodr\u00edguez Fern\u00e1ndez (estado original)\" data-rl_title=\"Rehabilitaci\u00f3n y Ampliaci\u00f3n de Casa Canaria \/ Jos\u00e9 Ram\u00f3n Rodr\u00edguez Fern\u00e1ndez (estado original)\" class=\"rl-gallery-link\" data-rl_caption=\"Rehabilitaci\u00f3n y Ampliaci\u00f3n de Casa Canaria \/ Jos\u00e9 Ram\u00f3n Rodr\u00edguez Fern\u00e1ndez (estado original)\" data-rel=\"lightbox-gallery-1\"><img loading=\"lazy\" decoding=\"async\" width=\"150\" height=\"150\" src=\"https:\/\/www.arquimaster.com.ar\/web\/wp-content\/uploads\/2014\/01\/rehab_casa_canaria_cao-150x150.jpg\" class=\"attachment-thumbnail size-thumbnail\" alt=\"\" aria-describedby=\"gallery-1-1917\" srcset=\"https:\/\/www.arquimaster.com.ar\/web\/wp-content\/uploads\/2014\/01\/rehab_casa_canaria_cao-150x150.jpg 150w, https:\/\/www.arquimaster.com.ar\/web\/wp-content\/uploads\/2014\/01\/rehab_casa_canaria_cao-50x50.jpg 50w, https:\/\/www.arquimaster.com.ar\/web\/wp-content\/uploads\/2014\/01\/rehab_casa_canaria_cao-125x125.jpg 125w\" sizes=\"auto, (max-width: 150px) 100vw, 150px\" \/><\/a>\n\t\t\t<\/div>\n\t\t\t\t<figcaption class='wp-caption-text gallery-caption' id='gallery-1-1917'>\n\t\t\t\tRehabilitaci\u00f3n y Ampliaci\u00f3n de Casa Canaria \/ Jos\u00e9 Ram\u00f3n Rodr\u00edguez Fern\u00e1ndez (estado original)\n\t\t\t\t<\/figcaption><\/figure><figure class='gallery-item'>\n\t\t\t<div class='gallery-icon landscape'>\n\t\t\t\t<a href='https:\/\/www.arquimaster.com.ar\/web\/wp-content\/uploads\/2014\/01\/rehab_casa_canaria_cbo.jpg' title=\"Rehabilitaci\u00f3n y Ampliaci\u00f3n de Casa Canaria \/ Jos\u00e9 Ram\u00f3n Rodr\u00edguez Fern\u00e1ndez (estado original)\" data-rl_title=\"Rehabilitaci\u00f3n y Ampliaci\u00f3n de Casa Canaria \/ Jos\u00e9 Ram\u00f3n Rodr\u00edguez Fern\u00e1ndez (estado original)\" class=\"rl-gallery-link\" data-rl_caption=\"Rehabilitaci\u00f3n y Ampliaci\u00f3n de Casa Canaria \/ Jos\u00e9 Ram\u00f3n Rodr\u00edguez Fern\u00e1ndez (estado original)\" data-rel=\"lightbox-gallery-1\"><img loading=\"lazy\" decoding=\"async\" width=\"150\" height=\"150\" src=\"https:\/\/www.arquimaster.com.ar\/web\/wp-content\/uploads\/2014\/01\/rehab_casa_canaria_cbo-150x150.jpg\" class=\"attachment-thumbnail size-thumbnail\" alt=\"\" aria-describedby=\"gallery-1-1919\" srcset=\"https:\/\/www.arquimaster.com.ar\/web\/wp-content\/uploads\/2014\/01\/rehab_casa_canaria_cbo-150x150.jpg 150w, https:\/\/www.arquimaster.com.ar\/web\/wp-content\/uploads\/2014\/01\/rehab_casa_canaria_cbo-50x50.jpg 50w, https:\/\/www.arquimaster.com.ar\/web\/wp-content\/uploads\/2014\/01\/rehab_casa_canaria_cbo-125x125.jpg 125w\" sizes=\"auto, (max-width: 150px) 100vw, 150px\" \/><\/a>\n\t\t\t<\/div>\n\t\t\t\t<figcaption class='wp-caption-text gallery-caption' id='gallery-1-1919'>\n\t\t\t\tRehabilitaci\u00f3n y Ampliaci\u00f3n de Casa Canaria \/ Jos\u00e9 Ram\u00f3n Rodr\u00edguez Fern\u00e1ndez (estado original)\n\t\t\t\t<\/figcaption><\/figure><figure class='gallery-item'>\n\t\t\t<div class='gallery-icon landscape'>\n\t\t\t\t<a href='https:\/\/www.arquimaster.com.ar\/web\/wp-content\/uploads\/2014\/01\/rehab_casa_canaria_pco.jpg' title=\"Rehabilitaci\u00f3n y Ampliaci\u00f3n de Casa Canaria \/ Jos\u00e9 Ram\u00f3n Rodr\u00edguez Fern\u00e1ndez (estado original)\" data-rl_title=\"Rehabilitaci\u00f3n y Ampliaci\u00f3n de Casa Canaria \/ Jos\u00e9 Ram\u00f3n Rodr\u00edguez Fern\u00e1ndez (estado original)\" class=\"rl-gallery-link\" data-rl_caption=\"Rehabilitaci\u00f3n y Ampliaci\u00f3n de Casa Canaria \/ Jos\u00e9 Ram\u00f3n Rodr\u00edguez Fern\u00e1ndez (estado original)\" data-rel=\"lightbox-gallery-1\"><img loading=\"lazy\" decoding=\"async\" width=\"150\" height=\"150\" src=\"https:\/\/www.arquimaster.com.ar\/web\/wp-content\/uploads\/2014\/01\/rehab_casa_canaria_pco-150x150.jpg\" class=\"attachment-thumbnail size-thumbnail\" alt=\"\" aria-describedby=\"gallery-1-1928\" srcset=\"https:\/\/www.arquimaster.com.ar\/web\/wp-content\/uploads\/2014\/01\/rehab_casa_canaria_pco-150x150.jpg 150w, https:\/\/www.arquimaster.com.ar\/web\/wp-content\/uploads\/2014\/01\/rehab_casa_canaria_pco-50x50.jpg 50w, https:\/\/www.arquimaster.com.ar\/web\/wp-content\/uploads\/2014\/01\/rehab_casa_canaria_pco-125x125.jpg 125w\" sizes=\"auto, (max-width: 150px) 100vw, 150px\" \/><\/a>\n\t\t\t<\/div>\n\t\t\t\t<figcaption class='wp-caption-text gallery-caption' id='gallery-1-1928'>\n\t\t\t\tRehabilitaci\u00f3n y Ampliaci\u00f3n de Casa Canaria \/ Jos\u00e9 Ram\u00f3n Rodr\u00edguez Fern\u00e1ndez (estado original)\n\t\t\t\t<\/figcaption><\/figure><figure class='gallery-item'>\n\t\t\t<div class='gallery-icon landscape'>\n\t\t\t\t<a href='https:\/\/www.arquimaster.com.ar\/web\/wp-content\/uploads\/2014\/01\/rehab_casa_canaria_vo.jpg' title=\"Rehabilitaci\u00f3n y Ampliaci\u00f3n de Casa Canaria \/ Jos\u00e9 Ram\u00f3n Rodr\u00edguez Fern\u00e1ndez (estado original)\" data-rl_title=\"Rehabilitaci\u00f3n y Ampliaci\u00f3n de Casa Canaria \/ Jos\u00e9 Ram\u00f3n Rodr\u00edguez Fern\u00e1ndez (estado original)\" class=\"rl-gallery-link\" data-rl_caption=\"Rehabilitaci\u00f3n y Ampliaci\u00f3n de Casa Canaria \/ Jos\u00e9 Ram\u00f3n Rodr\u00edguez Fern\u00e1ndez (estado original)\" data-rel=\"lightbox-gallery-1\"><img loading=\"lazy\" decoding=\"async\" width=\"150\" height=\"150\" src=\"https:\/\/www.arquimaster.com.ar\/web\/wp-content\/uploads\/2014\/01\/rehab_casa_canaria_vo-150x150.jpg\" class=\"attachment-thumbnail size-thumbnail\" alt=\"\" aria-describedby=\"gallery-1-1930\" srcset=\"https:\/\/www.arquimaster.com.ar\/web\/wp-content\/uploads\/2014\/01\/rehab_casa_canaria_vo-150x150.jpg 150w, https:\/\/www.arquimaster.com.ar\/web\/wp-content\/uploads\/2014\/01\/rehab_casa_canaria_vo-50x50.jpg 50w, https:\/\/www.arquimaster.com.ar\/web\/wp-content\/uploads\/2014\/01\/rehab_casa_canaria_vo-125x125.jpg 125w\" sizes=\"auto, (max-width: 150px) 100vw, 150px\" \/><\/a>\n\t\t\t<\/div>\n\t\t\t\t<figcaption class='wp-caption-text gallery-caption' id='gallery-1-1930'>\n\t\t\t\tRehabilitaci\u00f3n y Ampliaci\u00f3n de Casa Canaria \/ Jos\u00e9 Ram\u00f3n Rodr\u00edguez Fern\u00e1ndez (estado original)\n\t\t\t\t<\/figcaption><\/figure>\n\t\t<\/div>\n\n<p>La casa se sit\u00faa en el <strong>Casco Hist\u00f3rico<\/strong> de San Crist\u00f3bal de La Laguna, en la isla de Tenerife, declarado Patrimonio de la Humanidad por la UNESCO en 1999.<\/p>\n<p>El solar tiene una superficie de 465,27 m2. El edificio es una <strong>Casa Canaria<\/strong> con <strong>tipolog\u00eda de la arquitectura dom\u00e9stica urbana<\/strong>, de corte modesto pero de inter\u00e9s en el conjunto urbano. Fue en un periodo cuartel de la Guardia Civil.<\/p>\n<p>La composici\u00f3n de la <strong>fachada<\/strong> es casi sim\u00e9trica, con ventanas ordenadas, la relaci\u00f3n macizo hueco y el tipo de cubierta inclinada nos hace pensar en un edificio de finales del siglo XVIII.<\/p>\n<p>El <strong>sistema constructivo<\/strong> es el tradicional de la Arquitectura Canaria. Muros de carga de piedra y barro, techos y entarimados de madera de tea, los techos de la primera cruj\u00eda de la planta primera, formados por cubierta a cuatro aguas de par e hilera, soportan la teja cer\u00e1mica curva.<\/p>\n<p>Tiene dos plantas de altura con patio trasero que se utilizaba como aparcamiento de coches. La planta primitiva estaba dispuesta en forma de \u00abU\u00bb con un \u00fanico patio central. Antes de la intervenci\u00f3n s\u00f3lo exist\u00eda la cruj\u00eda de la calle y el ala derecha que estaba en estado ruinoso.<\/p>\n<p>Para facilitar el aparcamiento, la planta baja de \u00e9ste ala ten\u00eda una estructura met\u00e1lica soportando la planta primera. El ala izquierda hab\u00eda desaparecido, si bien se nota la huella de su pasado. Tambi\u00e9n ha desaparecido el zagu\u00e1n o portal, que en estas casas hab\u00eda tras la puerta de entrada, utilizando el espacio como zona paso de los coches hacia el patio.<\/p>\n<p>El proyecto pretende recuperar dos piezas fundamentales en este tipo de arquitectura, el <strong>zagu\u00e1n<\/strong> y el <strong>patio<\/strong>.<\/p>\n<p>En <strong>planta baja<\/strong> se encuentra el portal del edificio, el cual hace de primer distribuidor comunicando con dos de las viviendas y con el patio.<\/p>\n<p>En el <strong>patio<\/strong> est\u00e1 el acceso a la vivienda que se desarrolla en duplex, atravesando el patio, se accede a un nucleo de comunicaci\u00f3n donde se encuentra la escalera de nueva planta que relaciona la planta sotano, donde est\u00e1n los trasteros, la <strong>planta primera<\/strong> de viviendas y la cubierta.<\/p>\n<p>El <strong>material<\/strong> predominante en la zona a rehabilitar es la madera, se ha recuperado toda aquella que estaba en buen estado. Las cubiertas inclinadas se desmontaron completamente para su restauraci\u00f3n.<\/p>\n<p>Siguiendo indicaciones de la oficina del <strong>Plan Especial de Proteccion del Conjunto Historico de La Laguna<\/strong>, se proyecta un patio de dimensiones 10,30 x 6,00 metros.<\/p>\n<p>Para completar y cerrar el patio, se utilizan <strong>fachadas de hormig\u00f3n visto<\/strong> y para las <strong>persianas<\/strong> de las ventanas se utilizan paneles fen\u00f3licos perforados haciendo una referencia a las<strong> celos\u00edas<\/strong> de los conventos de clausura que existen en La Laguna.<\/p>\n<p><strong>Ficha tecnica<\/strong><br \/>\nNombre de proyecto: Rehabilitaci\u00f3n de Casa Canaria para 7 viviendas<br \/>\nUbicaci\u00f3n: C\/ Anchieta 60, San Crist\u00f3bal de La Laguna, Tenerife, Islas Canarias, Espa\u00f1a<br \/>\nArquitecto: Jos\u00e9 Ram\u00f3n Rodr\u00edguez Fern\u00e1ndez<br \/>\nArquitecto T\u00e9cnico: Juan Manuel Bord\u00f3n Sig\u00fa<br \/>\nPromotor: Mayira, S.L.<br \/>\nConstructor: Construcciones Francisco Rodr\u00edguez Reyes, S.L.<br \/>\nSuperficie construida: 881,45 m2<br \/>\nProyecto: 2007<br \/>\nFinalizaci\u00f3n: 2011<br \/>\nFotograf\u00eda: Jos\u00e9 Ram\u00f3n Oller \/ Jos\u00e9 Ram\u00f3n Rodr\u00edguez Fern\u00e1ndez<\/p>\n<p>Contacto: <a title=\"Jos\u00e9 Ram\u00f3n Rodr\u00edguez Fern\u00e1ndez\" href=\"http:\/\/www.rqr-arquitecto.com\" target=\"_blank\">http:\/\/www.rqr-arquitecto.com<\/a><\/p>\n\n<div style=\"font-size: 0px; height: 0px; line-height: 0px; margin: 0; padding: 0; clear: both;\"><\/div><div style=\"margin-top: 0px; margin-bottom: 0px;\" class=\"sharethis-inline-share-buttons\" ><\/div>","protected":false},"excerpt":{"rendered":"<p>La casa se sit\u00faa en el Casco Hist\u00f3rico de San Crist\u00f3bal de La Laguna, Tenerife&#8230;<\/p>\n","protected":false},"author":1,"featured_media":1899,"comment_status":"closed","ping_status":"closed","sticky":false,"template":"","format":"standard","meta":{"_uag_custom_page_level_css":"","footnotes":""},"categories":[1,82],"tags":[681,682,685,104,683,680,684],"class_list":["post-1898","post","type-post","status-publish","format-standard","has-post-thumbnail","hentry","category-proyecto","category-rehabilitaciones","tag-ampliacion","tag-casa-canaria","tag-casco-historico","tag-espana","tag-jose-ramon-rodriguez-fernandez","tag-rehabilitacion","tag-tenerife","generate-columns","tablet-grid-50","mobile-grid-100","grid-parent","grid-50"],"yoast_head":"<!-- This site is optimized with the Yoast SEO plugin v27.3 - https:\/\/yoast.com\/product\/yoast-seo-wordpress\/ -->\n<title>Rehabilitaci\u00f3n de Casa Canaria \/ Jos\u00e9 Ram\u00f3n Rodr\u00edguez Fern\u00e1ndez - Arquimaster<\/title>\n<meta name=\"robots\" content=\"index, follow, max-snippet:-1, max-image-preview:large, max-video-preview:-1\" \/>\n<link rel=\"canonical\" href=\"https:\/\/www.arquimaster.com.ar\/web\/rehabilitacion-de-casa-canaria-jose-ramon-rodriguez-fernandez\/\" \/>\n<meta property=\"og:locale\" content=\"es_ES\" \/>\n<meta property=\"og:type\" content=\"article\" \/>\n<meta property=\"og:title\" content=\"Rehabilitaci\u00f3n de Casa Canaria \/ Jos\u00e9 Ram\u00f3n Rodr\u00edguez Fern\u00e1ndez - Arquimaster\" \/>\n<meta property=\"og:description\" content=\"La casa se sit\u00faa en el Casco Hist\u00f3rico de San Crist\u00f3bal de La Laguna, Tenerife...\" \/>\n<meta property=\"og:url\" content=\"https:\/\/www.arquimaster.com.ar\/web\/rehabilitacion-de-casa-canaria-jose-ramon-rodriguez-fernandez\/\" \/>\n<meta property=\"og:site_name\" content=\"Arquimaster\" \/>\n<meta property=\"article:publisher\" content=\"http:\/\/www.facebook.com\/ARQUIMASTER.com.ar\" \/>\n<meta property=\"article:published_time\" content=\"2014-01-07T20:58:22+00:00\" \/>\n<meta property=\"og:image\" content=\"https:\/\/www.arquimaster.com.ar\/web\/wp-content\/uploads\/2014\/01\/rehab_casa_canaria_slide.jpg\" \/>\n\t<meta property=\"og:image:width\" content=\"642\" \/>\n\t<meta property=\"og:image:height\" content=\"336\" \/>\n\t<meta property=\"og:image:type\" content=\"image\/jpeg\" \/>\n<meta name=\"author\" content=\"Arquimaster\" \/>\n<meta name=\"twitter:card\" content=\"summary_large_image\" \/>\n<meta name=\"twitter:creator\" content=\"@arquimaster\" \/>\n<meta name=\"twitter:site\" content=\"@arquimaster\" \/>\n<meta name=\"twitter:label1\" content=\"Escrito por\" \/>\n\t<meta name=\"twitter:data1\" content=\"Arquimaster\" \/>\n\t<meta name=\"twitter:label2\" content=\"Tiempo de lectura\" \/>\n\t<meta name=\"twitter:data2\" content=\"3 minutos\" \/>\n<script type=\"application\/ld+json\" class=\"yoast-schema-graph\">{\"@context\":\"https:\\\/\\\/schema.org\",\"@graph\":[{\"@type\":\"Article\",\"@id\":\"https:\\\/\\\/www.arquimaster.com.ar\\\/web\\\/rehabilitacion-de-casa-canaria-jose-ramon-rodriguez-fernandez\\\/#article\",\"isPartOf\":{\"@id\":\"https:\\\/\\\/www.arquimaster.com.ar\\\/web\\\/rehabilitacion-de-casa-canaria-jose-ramon-rodriguez-fernandez\\\/\"},\"author\":{\"name\":\"Arquimaster\",\"@id\":\"https:\\\/\\\/www.arquimaster.com.ar\\\/web\\\/#\\\/schema\\\/person\\\/359e9f7c00193fcde068e0dd2ceb0028\"},\"headline\":\"Rehabilitaci\u00f3n de Casa Canaria \\\/ Jos\u00e9 Ram\u00f3n Rodr\u00edguez Fern\u00e1ndez\",\"datePublished\":\"2014-01-07T20:58:22+00:00\",\"mainEntityOfPage\":{\"@id\":\"https:\\\/\\\/www.arquimaster.com.ar\\\/web\\\/rehabilitacion-de-casa-canaria-jose-ramon-rodriguez-fernandez\\\/\"},\"wordCount\":611,\"publisher\":{\"@id\":\"https:\\\/\\\/www.arquimaster.com.ar\\\/web\\\/#organization\"},\"image\":{\"@id\":\"https:\\\/\\\/www.arquimaster.com.ar\\\/web\\\/rehabilitacion-de-casa-canaria-jose-ramon-rodriguez-fernandez\\\/#primaryimage\"},\"thumbnailUrl\":\"https:\\\/\\\/www.arquimaster.com.ar\\\/web\\\/wp-content\\\/uploads\\\/2014\\\/01\\\/rehab_casa_canaria_slide.jpg\",\"keywords\":[\"ampliaci\u00f3n\",\"casa canaria\",\"casco hist\u00f3rico\",\"Espa\u00f1a\",\"Jos\u00e9 Ram\u00f3n Rodr\u00edguez Fern\u00e1ndez\",\"rehabilitaci\u00f3n\",\"Tenerife\"],\"articleSection\":[\"Proyecto\",\"Rehabilitaciones y ampliaciones\"],\"inLanguage\":\"es\"},{\"@type\":\"WebPage\",\"@id\":\"https:\\\/\\\/www.arquimaster.com.ar\\\/web\\\/rehabilitacion-de-casa-canaria-jose-ramon-rodriguez-fernandez\\\/\",\"url\":\"https:\\\/\\\/www.arquimaster.com.ar\\\/web\\\/rehabilitacion-de-casa-canaria-jose-ramon-rodriguez-fernandez\\\/\",\"name\":\"Rehabilitaci\u00f3n de Casa Canaria \\\/ Jos\u00e9 Ram\u00f3n Rodr\u00edguez Fern\u00e1ndez - Arquimaster\",\"isPartOf\":{\"@id\":\"https:\\\/\\\/www.arquimaster.com.ar\\\/web\\\/#website\"},\"primaryImageOfPage\":{\"@id\":\"https:\\\/\\\/www.arquimaster.com.ar\\\/web\\\/rehabilitacion-de-casa-canaria-jose-ramon-rodriguez-fernandez\\\/#primaryimage\"},\"image\":{\"@id\":\"https:\\\/\\\/www.arquimaster.com.ar\\\/web\\\/rehabilitacion-de-casa-canaria-jose-ramon-rodriguez-fernandez\\\/#primaryimage\"},\"thumbnailUrl\":\"https:\\\/\\\/www.arquimaster.com.ar\\\/web\\\/wp-content\\\/uploads\\\/2014\\\/01\\\/rehab_casa_canaria_slide.jpg\",\"datePublished\":\"2014-01-07T20:58:22+00:00\",\"breadcrumb\":{\"@id\":\"https:\\\/\\\/www.arquimaster.com.ar\\\/web\\\/rehabilitacion-de-casa-canaria-jose-ramon-rodriguez-fernandez\\\/#breadcrumb\"},\"inLanguage\":\"es\",\"potentialAction\":[{\"@type\":\"ReadAction\",\"target\":[\"https:\\\/\\\/www.arquimaster.com.ar\\\/web\\\/rehabilitacion-de-casa-canaria-jose-ramon-rodriguez-fernandez\\\/\"]}]},{\"@type\":\"ImageObject\",\"inLanguage\":\"es\",\"@id\":\"https:\\\/\\\/www.arquimaster.com.ar\\\/web\\\/rehabilitacion-de-casa-canaria-jose-ramon-rodriguez-fernandez\\\/#primaryimage\",\"url\":\"https:\\\/\\\/www.arquimaster.com.ar\\\/web\\\/wp-content\\\/uploads\\\/2014\\\/01\\\/rehab_casa_canaria_slide.jpg\",\"contentUrl\":\"https:\\\/\\\/www.arquimaster.com.ar\\\/web\\\/wp-content\\\/uploads\\\/2014\\\/01\\\/rehab_casa_canaria_slide.jpg\",\"width\":642,\"height\":336},{\"@type\":\"BreadcrumbList\",\"@id\":\"https:\\\/\\\/www.arquimaster.com.ar\\\/web\\\/rehabilitacion-de-casa-canaria-jose-ramon-rodriguez-fernandez\\\/#breadcrumb\",\"itemListElement\":[{\"@type\":\"ListItem\",\"position\":1,\"name\":\"Portada\",\"item\":\"https:\\\/\\\/www.arquimaster.com.ar\\\/web\\\/\"},{\"@type\":\"ListItem\",\"position\":2,\"name\":\"Rehabilitaci\u00f3n de Casa Canaria \\\/ Jos\u00e9 Ram\u00f3n Rodr\u00edguez Fern\u00e1ndez\"}]},{\"@type\":\"WebSite\",\"@id\":\"https:\\\/\\\/www.arquimaster.com.ar\\\/web\\\/#website\",\"url\":\"https:\\\/\\\/www.arquimaster.com.ar\\\/web\\\/\",\"name\":\"Arquimaster\",\"description\":\"Web de arquitectura, dise\u00f1o y construccion\",\"publisher\":{\"@id\":\"https:\\\/\\\/www.arquimaster.com.ar\\\/web\\\/#organization\"},\"potentialAction\":[{\"@type\":\"SearchAction\",\"target\":{\"@type\":\"EntryPoint\",\"urlTemplate\":\"https:\\\/\\\/www.arquimaster.com.ar\\\/web\\\/?s={search_term_string}\"},\"query-input\":{\"@type\":\"PropertyValueSpecification\",\"valueRequired\":true,\"valueName\":\"search_term_string\"}}],\"inLanguage\":\"es\"},{\"@type\":\"Organization\",\"@id\":\"https:\\\/\\\/www.arquimaster.com.ar\\\/web\\\/#organization\",\"name\":\"Arquimaster\",\"url\":\"https:\\\/\\\/www.arquimaster.com.ar\\\/web\\\/\",\"logo\":{\"@type\":\"ImageObject\",\"inLanguage\":\"es\",\"@id\":\"https:\\\/\\\/www.arquimaster.com.ar\\\/web\\\/#\\\/schema\\\/logo\\\/image\\\/\",\"url\":\"https:\\\/\\\/www.arquimaster.com.ar\\\/web\\\/wp-content\\\/uploads\\\/2022\\\/06\\\/arquimaster.png\",\"contentUrl\":\"https:\\\/\\\/www.arquimaster.com.ar\\\/web\\\/wp-content\\\/uploads\\\/2022\\\/06\\\/arquimaster.png\",\"width\":594,\"height\":78,\"caption\":\"Arquimaster\"},\"image\":{\"@id\":\"https:\\\/\\\/www.arquimaster.com.ar\\\/web\\\/#\\\/schema\\\/logo\\\/image\\\/\"},\"sameAs\":[\"http:\\\/\\\/www.facebook.com\\\/ARQUIMASTER.com.ar\",\"https:\\\/\\\/x.com\\\/arquimaster\",\"https:\\\/\\\/www.instagram.com\\\/arquimasterblog\\\/\",\"https:\\\/\\\/www.linkedin.com\\\/company\\\/arquimaster\",\"https:\\\/\\\/www.pinterest.com\\\/arquimaster\",\"https:\\\/\\\/t.me\\\/arquimaster\"]},{\"@type\":\"Person\",\"@id\":\"https:\\\/\\\/www.arquimaster.com.ar\\\/web\\\/#\\\/schema\\\/person\\\/359e9f7c00193fcde068e0dd2ceb0028\",\"name\":\"Arquimaster\"}]}<\/script>\n<!-- \/ Yoast SEO plugin. -->","yoast_head_json":{"title":"Rehabilitaci\u00f3n de Casa Canaria \/ Jos\u00e9 Ram\u00f3n Rodr\u00edguez Fern\u00e1ndez - Arquimaster","robots":{"index":"index","follow":"follow","max-snippet":"max-snippet:-1","max-image-preview":"max-image-preview:large","max-video-preview":"max-video-preview:-1"},"canonical":"https:\/\/www.arquimaster.com.ar\/web\/rehabilitacion-de-casa-canaria-jose-ramon-rodriguez-fernandez\/","og_locale":"es_ES","og_type":"article","og_title":"Rehabilitaci\u00f3n de Casa Canaria \/ Jos\u00e9 Ram\u00f3n Rodr\u00edguez Fern\u00e1ndez - Arquimaster","og_description":"La casa se sit\u00faa en el Casco Hist\u00f3rico de San Crist\u00f3bal de La Laguna, Tenerife...","og_url":"https:\/\/www.arquimaster.com.ar\/web\/rehabilitacion-de-casa-canaria-jose-ramon-rodriguez-fernandez\/","og_site_name":"Arquimaster","article_publisher":"http:\/\/www.facebook.com\/ARQUIMASTER.com.ar","article_published_time":"2014-01-07T20:58:22+00:00","og_image":[{"width":642,"height":336,"url":"https:\/\/www.arquimaster.com.ar\/web\/wp-content\/uploads\/2014\/01\/rehab_casa_canaria_slide.jpg","type":"image\/jpeg"}],"author":"Arquimaster","twitter_card":"summary_large_image","twitter_creator":"@arquimaster","twitter_site":"@arquimaster","twitter_misc":{"Escrito por":"Arquimaster","Tiempo de lectura":"3 minutos"},"schema":{"@context":"https:\/\/schema.org","@graph":[{"@type":"Article","@id":"https:\/\/www.arquimaster.com.ar\/web\/rehabilitacion-de-casa-canaria-jose-ramon-rodriguez-fernandez\/#article","isPartOf":{"@id":"https:\/\/www.arquimaster.com.ar\/web\/rehabilitacion-de-casa-canaria-jose-ramon-rodriguez-fernandez\/"},"author":{"name":"Arquimaster","@id":"https:\/\/www.arquimaster.com.ar\/web\/#\/schema\/person\/359e9f7c00193fcde068e0dd2ceb0028"},"headline":"Rehabilitaci\u00f3n de Casa Canaria \/ Jos\u00e9 Ram\u00f3n Rodr\u00edguez Fern\u00e1ndez","datePublished":"2014-01-07T20:58:22+00:00","mainEntityOfPage":{"@id":"https:\/\/www.arquimaster.com.ar\/web\/rehabilitacion-de-casa-canaria-jose-ramon-rodriguez-fernandez\/"},"wordCount":611,"publisher":{"@id":"https:\/\/www.arquimaster.com.ar\/web\/#organization"},"image":{"@id":"https:\/\/www.arquimaster.com.ar\/web\/rehabilitacion-de-casa-canaria-jose-ramon-rodriguez-fernandez\/#primaryimage"},"thumbnailUrl":"https:\/\/www.arquimaster.com.ar\/web\/wp-content\/uploads\/2014\/01\/rehab_casa_canaria_slide.jpg","keywords":["ampliaci\u00f3n","casa canaria","casco hist\u00f3rico","Espa\u00f1a","Jos\u00e9 Ram\u00f3n Rodr\u00edguez Fern\u00e1ndez","rehabilitaci\u00f3n","Tenerife"],"articleSection":["Proyecto","Rehabilitaciones y ampliaciones"],"inLanguage":"es"},{"@type":"WebPage","@id":"https:\/\/www.arquimaster.com.ar\/web\/rehabilitacion-de-casa-canaria-jose-ramon-rodriguez-fernandez\/","url":"https:\/\/www.arquimaster.com.ar\/web\/rehabilitacion-de-casa-canaria-jose-ramon-rodriguez-fernandez\/","name":"Rehabilitaci\u00f3n de Casa Canaria \/ Jos\u00e9 Ram\u00f3n Rodr\u00edguez Fern\u00e1ndez - Arquimaster","isPartOf":{"@id":"https:\/\/www.arquimaster.com.ar\/web\/#website"},"primaryImageOfPage":{"@id":"https:\/\/www.arquimaster.com.ar\/web\/rehabilitacion-de-casa-canaria-jose-ramon-rodriguez-fernandez\/#primaryimage"},"image":{"@id":"https:\/\/www.arquimaster.com.ar\/web\/rehabilitacion-de-casa-canaria-jose-ramon-rodriguez-fernandez\/#primaryimage"},"thumbnailUrl":"https:\/\/www.arquimaster.com.ar\/web\/wp-content\/uploads\/2014\/01\/rehab_casa_canaria_slide.jpg","datePublished":"2014-01-07T20:58:22+00:00","breadcrumb":{"@id":"https:\/\/www.arquimaster.com.ar\/web\/rehabilitacion-de-casa-canaria-jose-ramon-rodriguez-fernandez\/#breadcrumb"},"inLanguage":"es","potentialAction":[{"@type":"ReadAction","target":["https:\/\/www.arquimaster.com.ar\/web\/rehabilitacion-de-casa-canaria-jose-ramon-rodriguez-fernandez\/"]}]},{"@type":"ImageObject","inLanguage":"es","@id":"https:\/\/www.arquimaster.com.ar\/web\/rehabilitacion-de-casa-canaria-jose-ramon-rodriguez-fernandez\/#primaryimage","url":"https:\/\/www.arquimaster.com.ar\/web\/wp-content\/uploads\/2014\/01\/rehab_casa_canaria_slide.jpg","contentUrl":"https:\/\/www.arquimaster.com.ar\/web\/wp-content\/uploads\/2014\/01\/rehab_casa_canaria_slide.jpg","width":642,"height":336},{"@type":"BreadcrumbList","@id":"https:\/\/www.arquimaster.com.ar\/web\/rehabilitacion-de-casa-canaria-jose-ramon-rodriguez-fernandez\/#breadcrumb","itemListElement":[{"@type":"ListItem","position":1,"name":"Portada","item":"https:\/\/www.arquimaster.com.ar\/web\/"},{"@type":"ListItem","position":2,"name":"Rehabilitaci\u00f3n de Casa Canaria \/ Jos\u00e9 Ram\u00f3n Rodr\u00edguez Fern\u00e1ndez"}]},{"@type":"WebSite","@id":"https:\/\/www.arquimaster.com.ar\/web\/#website","url":"https:\/\/www.arquimaster.com.ar\/web\/","name":"Arquimaster","description":"Web de arquitectura, dise\u00f1o y construccion","publisher":{"@id":"https:\/\/www.arquimaster.com.ar\/web\/#organization"},"potentialAction":[{"@type":"SearchAction","target":{"@type":"EntryPoint","urlTemplate":"https:\/\/www.arquimaster.com.ar\/web\/?s={search_term_string}"},"query-input":{"@type":"PropertyValueSpecification","valueRequired":true,"valueName":"search_term_string"}}],"inLanguage":"es"},{"@type":"Organization","@id":"https:\/\/www.arquimaster.com.ar\/web\/#organization","name":"Arquimaster","url":"https:\/\/www.arquimaster.com.ar\/web\/","logo":{"@type":"ImageObject","inLanguage":"es","@id":"https:\/\/www.arquimaster.com.ar\/web\/#\/schema\/logo\/image\/","url":"https:\/\/www.arquimaster.com.ar\/web\/wp-content\/uploads\/2022\/06\/arquimaster.png","contentUrl":"https:\/\/www.arquimaster.com.ar\/web\/wp-content\/uploads\/2022\/06\/arquimaster.png","width":594,"height":78,"caption":"Arquimaster"},"image":{"@id":"https:\/\/www.arquimaster.com.ar\/web\/#\/schema\/logo\/image\/"},"sameAs":["http:\/\/www.facebook.com\/ARQUIMASTER.com.ar","https:\/\/x.com\/arquimaster","https:\/\/www.instagram.com\/arquimasterblog\/","https:\/\/www.linkedin.com\/company\/arquimaster","https:\/\/www.pinterest.com\/arquimaster","https:\/\/t.me\/arquimaster"]},{"@type":"Person","@id":"https:\/\/www.arquimaster.com.ar\/web\/#\/schema\/person\/359e9f7c00193fcde068e0dd2ceb0028","name":"Arquimaster"}]}},"uagb_featured_image_src":{"full":["https:\/\/www.arquimaster.com.ar\/web\/wp-content\/uploads\/2014\/01\/rehab_casa_canaria_slide.jpg",642,336,false],"thumbnail":["https:\/\/www.arquimaster.com.ar\/web\/wp-content\/uploads\/2014\/01\/rehab_casa_canaria_slide-150x150.jpg",150,150,true],"medium":["https:\/\/www.arquimaster.com.ar\/web\/wp-content\/uploads\/2014\/01\/rehab_casa_canaria_slide-300x157.jpg",300,157,true],"medium_large":["https:\/\/www.arquimaster.com.ar\/web\/wp-content\/uploads\/2014\/01\/rehab_casa_canaria_slide.jpg",642,336,false],"large":["https:\/\/www.arquimaster.com.ar\/web\/wp-content\/uploads\/2014\/01\/rehab_casa_canaria_slide.jpg",642,336,false],"1536x1536":["https:\/\/www.arquimaster.com.ar\/web\/wp-content\/uploads\/2014\/01\/rehab_casa_canaria_slide.jpg",642,336,false],"2048x2048":["https:\/\/www.arquimaster.com.ar\/web\/wp-content\/uploads\/2014\/01\/rehab_casa_canaria_slide.jpg",642,336,false]},"uagb_author_info":{"display_name":"Arquimaster","author_link":"https:\/\/www.arquimaster.com.ar\/web\/author\/arquimaster\/"},"uagb_comment_info":0,"uagb_excerpt":"La casa se sit\u00faa en el Casco Hist\u00f3rico de San Crist\u00f3bal de La Laguna, Tenerife...","_links":{"self":[{"href":"https:\/\/www.arquimaster.com.ar\/web\/wp-json\/wp\/v2\/posts\/1898","targetHints":{"allow":["GET"]}}],"collection":[{"href":"https:\/\/www.arquimaster.com.ar\/web\/wp-json\/wp\/v2\/posts"}],"about":[{"href":"https:\/\/www.arquimaster.com.ar\/web\/wp-json\/wp\/v2\/types\/post"}],"author":[{"embeddable":true,"href":"https:\/\/www.arquimaster.com.ar\/web\/wp-json\/wp\/v2\/users\/1"}],"replies":[{"embeddable":true,"href":"https:\/\/www.arquimaster.com.ar\/web\/wp-json\/wp\/v2\/comments?post=1898"}],"version-history":[{"count":0,"href":"https:\/\/www.arquimaster.com.ar\/web\/wp-json\/wp\/v2\/posts\/1898\/revisions"}],"wp:featuredmedia":[{"embeddable":true,"href":"https:\/\/www.arquimaster.com.ar\/web\/wp-json\/wp\/v2\/media\/1899"}],"wp:attachment":[{"href":"https:\/\/www.arquimaster.com.ar\/web\/wp-json\/wp\/v2\/media?parent=1898"}],"wp:term":[{"taxonomy":"category","embeddable":true,"href":"https:\/\/www.arquimaster.com.ar\/web\/wp-json\/wp\/v2\/categories?post=1898"},{"taxonomy":"post_tag","embeddable":true,"href":"https:\/\/www.arquimaster.com.ar\/web\/wp-json\/wp\/v2\/tags?post=1898"}],"curies":[{"name":"wp","href":"https:\/\/api.w.org\/{rel}","templated":true}]}}