{"id":19767,"date":"2016-03-17T20:02:37","date_gmt":"2016-03-17T20:02:37","guid":{"rendered":"http:\/\/www.arquimaster.com.ar\/web\/?p=19767"},"modified":"2025-10-25T21:08:53","modified_gmt":"2025-10-26T00:08:53","slug":"la-actual-y-futura-industria-del-mueble-argentino-protagonista-en-expo-presentes","status":"publish","type":"post","link":"https:\/\/www.arquimaster.com.ar\/web\/la-actual-y-futura-industria-del-mueble-argentino-protagonista-en-expo-presentes\/","title":{"rendered":"La actual y futura industria del mueble argentino protagonista en expo Presentes"},"content":{"rendered":"<div style=\"margin-top: 0px; margin-bottom: 0px;\" class=\"sharethis-inline-share-buttons\" ><\/div><div class=\"b812932af2e751442846f039925109de\" data-index=\"1\" style=\"float: none; margin:25px 0 25px 0; text-align:center;\">\n<script async src=\"https:\/\/pagead2.googlesyndication.com\/pagead\/js\/adsbygoogle.js\"><\/script>\r\n<!-- Arquimaster (superior) -->\r\n<ins class=\"adsbygoogle\"\r\n     style=\"display:block\"\r\n     data-ad-client=\"ca-pub-6351072698456832\"\r\n     data-ad-slot=\"6455489680\"\r\n     data-ad-format=\"auto\"\r\n     data-full-width-responsive=\"true\"><\/ins>\r\n<script>\r\n     (adsbygoogle = window.adsbygoogle || []).push({});\r\n<\/script>\n<\/div>\n<p><em><strong>En la primera edici\u00f3n del a\u00f1o de Presentes 2016, se realiz\u00f3 el prelanzamiento de Proyecto Deseo, la iniciativa impulsada por FAIMA (Federaci\u00f3n Argentina de la Industria Maderera y Afines) que busca repensar al mueble argentino y sus potencialidades. Adem\u00e1s, como anticipo de la pr\u00f3xima edici\u00f3n, se present\u00f3 el acuerdo estrat\u00e9gico con FIMAR, la Feria Internacional del Mueble Argentino, quienes ser\u00e1n parte de la edici\u00f3n primavera de la Feria.<\/strong><\/em><\/p>\n<div id='gallery-1' class='gallery galleryid-19767 gallery-columns-3 gallery-size-thumbnail'><figure class='gallery-item'>\n\t\t\t<div class='gallery-icon landscape'>\n\t\t\t\t<a href='https:\/\/www.arquimaster.com.ar\/web\/wp-content\/uploads\/2016\/03\/presentes_mueble_argentino1.jpg' title=\"La actual y futura industria del mueble argentino protagonista en expo Presentes\" data-rl_title=\"La actual y futura industria del mueble argentino protagonista en expo Presentes\" class=\"rl-gallery-link\" data-rl_caption=\"La actual y futura industria del mueble argentino protagonista en expo Presentes\" data-rel=\"lightbox-gallery-1\"><img loading=\"lazy\" decoding=\"async\" width=\"150\" height=\"150\" src=\"https:\/\/www.arquimaster.com.ar\/web\/wp-content\/uploads\/2016\/03\/presentes_mueble_argentino1-150x150.jpg\" class=\"attachment-thumbnail size-thumbnail\" alt=\"\" aria-describedby=\"gallery-1-19769\" srcset=\"https:\/\/www.arquimaster.com.ar\/web\/wp-content\/uploads\/2016\/03\/presentes_mueble_argentino1-150x150.jpg 150w, https:\/\/www.arquimaster.com.ar\/web\/wp-content\/uploads\/2016\/03\/presentes_mueble_argentino1-50x50.jpg 50w, https:\/\/www.arquimaster.com.ar\/web\/wp-content\/uploads\/2016\/03\/presentes_mueble_argentino1-125x125.jpg 125w\" sizes=\"auto, (max-width: 150px) 100vw, 150px\" \/><\/a>\n\t\t\t<\/div>\n\t\t\t\t<figcaption class='wp-caption-text gallery-caption' id='gallery-1-19769'>\n\t\t\t\tLa actual y futura industria del mueble argentino protagonista en expo Presentes\n\t\t\t\t<\/figcaption><\/figure><figure class='gallery-item'>\n\t\t\t<div class='gallery-icon landscape'>\n\t\t\t\t<a href='https:\/\/www.arquimaster.com.ar\/web\/wp-content\/uploads\/2016\/03\/presentes_mueble_argentino2.jpg' title=\"La actual y futura industria del mueble argentino protagonista en expo Presentes\" data-rl_title=\"La actual y futura industria del mueble argentino protagonista en expo Presentes\" class=\"rl-gallery-link\" data-rl_caption=\"La actual y futura industria del mueble argentino protagonista en expo Presentes\" data-rel=\"lightbox-gallery-1\"><img loading=\"lazy\" decoding=\"async\" width=\"150\" height=\"150\" src=\"https:\/\/www.arquimaster.com.ar\/web\/wp-content\/uploads\/2016\/03\/presentes_mueble_argentino2-150x150.jpg\" class=\"attachment-thumbnail size-thumbnail\" alt=\"\" aria-describedby=\"gallery-1-19770\" srcset=\"https:\/\/www.arquimaster.com.ar\/web\/wp-content\/uploads\/2016\/03\/presentes_mueble_argentino2-150x150.jpg 150w, https:\/\/www.arquimaster.com.ar\/web\/wp-content\/uploads\/2016\/03\/presentes_mueble_argentino2-50x50.jpg 50w, https:\/\/www.arquimaster.com.ar\/web\/wp-content\/uploads\/2016\/03\/presentes_mueble_argentino2-125x125.jpg 125w\" sizes=\"auto, (max-width: 150px) 100vw, 150px\" \/><\/a>\n\t\t\t<\/div>\n\t\t\t\t<figcaption class='wp-caption-text gallery-caption' id='gallery-1-19770'>\n\t\t\t\tLa actual y futura industria del mueble argentino protagonista en expo Presentes\n\t\t\t\t<\/figcaption><\/figure><figure class='gallery-item'>\n\t\t\t<div class='gallery-icon landscape'>\n\t\t\t\t<a href='https:\/\/www.arquimaster.com.ar\/web\/wp-content\/uploads\/2016\/03\/presentes_mueble_argentino3.jpg' title=\"La actual y futura industria del mueble argentino protagonista en expo Presentes\" data-rl_title=\"La actual y futura industria del mueble argentino protagonista en expo Presentes\" class=\"rl-gallery-link\" data-rl_caption=\"La actual y futura industria del mueble argentino protagonista en expo Presentes\" data-rel=\"lightbox-gallery-1\"><img loading=\"lazy\" decoding=\"async\" width=\"150\" height=\"150\" src=\"https:\/\/www.arquimaster.com.ar\/web\/wp-content\/uploads\/2016\/03\/presentes_mueble_argentino3-150x150.jpg\" class=\"attachment-thumbnail size-thumbnail\" alt=\"\" aria-describedby=\"gallery-1-19771\" srcset=\"https:\/\/www.arquimaster.com.ar\/web\/wp-content\/uploads\/2016\/03\/presentes_mueble_argentino3-150x150.jpg 150w, https:\/\/www.arquimaster.com.ar\/web\/wp-content\/uploads\/2016\/03\/presentes_mueble_argentino3-50x50.jpg 50w, https:\/\/www.arquimaster.com.ar\/web\/wp-content\/uploads\/2016\/03\/presentes_mueble_argentino3-125x125.jpg 125w\" sizes=\"auto, (max-width: 150px) 100vw, 150px\" \/><\/a>\n\t\t\t<\/div>\n\t\t\t\t<figcaption class='wp-caption-text gallery-caption' id='gallery-1-19771'>\n\t\t\t\tLa actual y futura industria del mueble argentino protagonista en expo Presentes\n\t\t\t\t<\/figcaption><\/figure>\n\t\t<\/div>\n\n<p>La exposici\u00f3n internacional <strong>Presentes<\/strong> inaugur\u00f3 su segundo d\u00eda con el prelanzamiento de <strong>\u00abProyecto Deseo\u00bb<\/strong>, una iniciativa de la <strong>Federaci\u00f3n Argentina de la Industria Maderera y Afines<\/strong> (FAIMA), que exhibe a los mejores talentos del dise\u00f1o nacional. La Feria se podr\u00e1 visitar hasta el s\u00e1bado 19 de marzo de 2016 en La Rural. Adem\u00e1s, se present\u00f3 el acuerdo estrat\u00e9gico junto a FIMAR, Feria Internacional del Mueble Argentino, quien ser\u00e1 parte de la pr\u00f3xima edici\u00f3n de Presentes, con el objetivo de contribuir al crecimiento de la industria argentina del mueble.<\/p>\n<p>Al respecto, el Director de Comit\u00e9 Ejecutivo, H\u00e9ctor Kandel, sostiene: <em>\u00abEn esta 32\u00ba edici\u00f3n buscamos, una vez m\u00e1s, exhibir lo mejor del dise\u00f1o a nivel nacional a trav\u00e9s de productos creativos, vanguardistas, funcionales y de calidad. Por ello, decidimos hacerlo a trav\u00e9s de \u00abProyecto Deseo\u00bb, una apuesta a la innovaci\u00f3n y la vanguardia, con las \u00faltimas tendencias en equipamiento y el futuro mueble argentino a trav\u00e9s de propuestas seleccionadas rigurosamente por un jurado de excelencia\u00bb<\/em>. Y agreg\u00f3:<em> \u00abEn este prelanzamiento, queremos agradecer la confianza depositada en nuestra exposici\u00f3n, como plataforma de negocios por excelencia y con las mejores propuestas de decoraci\u00f3n\u00bb<\/em>.<\/p>\n<p>Una vez inaugurada la exposici\u00f3n, se realiz\u00f3 el lanzamiento de Proyecto Deseo con la presencia de las autoridades de FAIMA, su presidente Rodolfo Martin, el Arquitecto Mart\u00edn Marcos, Director del Museo MARQ y Javier V\u00e1zquez de Springwall, junto a los dise\u00f1adores e integrantes de la muestra. All\u00ed, con prototipos de muebles dise\u00f1ados por Cristian Mohaded, se exhibieron las potencialidades del sector mueblero nacional con propuestas que no se encuentran actualmente en el mercado, sino que est\u00e1n siendo desarrolladas espec\u00edficamente para este sal\u00f3n con el objetivo de investigar y explorar c\u00f3mo ser\u00e1 el futuro mueble argentino.<\/p>\n<p>El espacio, que se exhibe hasta el s\u00e1bado en el Sal\u00f3n de Dise\u00f1o de Autor Argentino de la exposici\u00f3n, muestra ejemplares de este proyecto de dise\u00f1o mueblero donde los mejores dise\u00f1adores especializados del sector -Elisabeth Arn, Gonzalo D\u00edaz Malbr\u00e1n, Alejandra Rumich, Juan Serrano, Hern\u00e1n Pratti, Grupo Bondi, Patricia Lascano, Dami\u00e1n Mejias- en vinculaci\u00f3n con las 10 empresas muebleras m\u00e1s destacadas de la industria como el Centro de Dise\u00f1o Italiano, Fabril Maderera, Federici Amoblamientos, Produmob, Fiplasto, Fontenla, Gicovate, Itar Amoblamientos, Michael Thonet, Ricchezze y Springwall, presentan una serie de prototipos conceptuales, que abordan nuevas tipolog\u00edas en diferentes escenarios de consumo.<\/p>\n<p>A continuaci\u00f3n, los directivos de Expo Presentes, H\u00e9ctor Kandel, Gustavo Koroyan y Daniel Mart\u00ednez Font, junto a las autoridades de FIMAR, Gustavo Viano -Presidente de Comit\u00e9 Ejecutivo de FIMAR-, Luis Alberto -Miembro de Comit\u00e9 Ejecutivo- y Diego Ligorria -Director de FIMAR-, fueron los protagonistas de la firma del acuerdo por el que se anunci\u00f3 la presencia de la Industria del Mueble en la pr\u00f3xima edici\u00f3n de Presentes. De esta manera, del 17 al 20 de agosto de 2016, en La Rural, convivir\u00e1n ambas exposiciones y ser\u00e1 el escenario estrat\u00e9gico y de negocios de mayor alcance para p\u00fablico mayorista, compradores de todo el pa\u00eds y fabricantes.<\/p>\n<p><em>\u00abElegimos a Expo Presentes como escenario estrat\u00e9gico ya que es el evento que nos permitir\u00e1 acercarnos al 100% del mercado al que deseamos llegar. Presentes es la exposici\u00f3n l\u00edder del Mercosur en decoraci\u00f3n, bazar y regalo y sumarnos a ellos ser\u00e1 una ventaja y complemento para ambos eventos. Creemos que en nuestro camino de crecimiento, este es un escal\u00f3n que no pod\u00edamos evitar, y confiamos en que haber depositado nuestra confianza en ellos es un acertada apuesta de trasladar un encuentro que se realiza desde hace casi 10 a\u00f1os en C\u00f3rdoba a la ciudad de Buenos Aires, y de abarcar tanto compradores como fabricantes de mueble\u00bb<\/em>, destac\u00f3 el Cr. Luis Alberto, miembro del Comit\u00e9 Ejecutivo de la Feria Internacional del Mueble Argentino.<\/p>\n<p>Por su parte, Daniel Mart\u00ednez Font, Director de Comit\u00e9 Ejecutivo, Exposici\u00f3n Presentes, agreg\u00f3:<em> \u00abFIMAR es una exposici\u00f3n anual de reconocida trayectoria, l\u00edder de la industria del mueble en Argentina, organizada por las principales C\u00e1maras de la Madera y Equipamiento del pa\u00eds. Este acuerdo que presentamos en el d\u00eda de hoy, demuestra nuestro compromiso e inter\u00e9s de acompa\u00f1ar esta industria como parte de un crecimiento exponencial para ambos\u00bb<\/em>. Y agrega:<em>\u00abNos enorgullece ser el espacio elegido para mostrar las novedades del sector junto a nuestra propuesta, lo que har\u00e1 que nuestro evento y edici\u00f3n PRM 2016 se convierta en la mejor plataforma de negocios, permitiendo el contacto de clientes y proveedores de todo el pa\u00eds, facilitando las relaciones comerciales y exhibiendo lo mejor de la industria\u00bb<\/em>.<\/p>\n<p>A trav\u00e9s de esta alianza realizada y presentada en el d\u00eda de la fecha con FIMAR, las principales f\u00e1bricas de muebles de Argentina exhibir\u00e1n su \u00faltima producci\u00f3n en el Pabell\u00f3n Azul, exclusivo para una industria que viene evolucionando significativamente en los \u00faltimos a\u00f1os.<\/p>\n<p>La suma de ambas propuestas, con m\u00e1s de 400 empresas expositoras, estima superar la presencia de veinte mil visitantes calificados, entre los cuales se destacan operadores comerciales mayoristas, encargados y gerentes de compras, empresarios, profesionales y dem\u00e1s interesados en estos sectores.<\/p>\n<p>En su edici\u00f3n oto\u00f1o y con la propuesta de las \u00faltimas tendencias de la decoraci\u00f3n y el dise\u00f1o y colecciones oto\u00f1o-invierno, Presentes re\u00fane a comerciantes, mayoristas, distribuidores, hoteleros, gastron\u00f3micos y profesionales de los sectores Decoraci\u00f3n, Iluminaci\u00f3n, Muebles, Cuadros, Bazar, Regalos, Grandes Vol\u00famenes, Marroquiner\u00eda, Navidad, Textil para el Hogar, Bath &amp; Body. Espacio de negocios l\u00edder del sector, permite el contacto de clientes y proveedores de todo el pa\u00eds, facilita las relaciones comerciales y exhibe lo mejor de la industria.<\/p>\n<p>Bajo el lema<strong> \u00abtu pr\u00f3xima vidriera\u00bb<\/strong>, la feria presenta innumerables oportunidades de negocio, que la consolidan como la Exposici\u00f3n m\u00e1s grande de la Rep\u00fablica Argentina y una de las m\u00e1s importantes de su tipo en el MERCOSUR. En Presentes, los fabricantes e importadores-no est\u00e1 abierta al p\u00fablico general-presentan las tendencias en decoraci\u00f3n, regaler\u00eda, textil y dise\u00f1o de la nueva temporada que se viene. A lo largo de 28 mil m2 de superficie, Presentes vincula a los expositores con los distintos visitantes: grandes y peque\u00f1os comerciantes del sector, hoteles, restaurantes, arquitectos, decoradores y dise\u00f1adores interesados, buscando un espacio de negocio estrat\u00e9gico, mejoras en la organizaci\u00f3n y log\u00edstica, as\u00ed como toda la innovaci\u00f3n del mercado en un solo espacio y a lo largo de 4 d\u00edas.<\/p>\n<p>Con m\u00e1s de 23.000 visitantes de todo el pa\u00eds en cada una de sus dos ediciones anuales (oto\u00f1o y primavera) y m\u00e1s de 300 expositores pertenecientes a las firmas m\u00e1s prestigiosas del mercado, Presentes es la Feria profesional de un rubro admirado y demandado por los mayores centros de consumo a nivel mundial. Y revelar\u00e1, en su pr\u00f3xima edici\u00f3n, las \u00faltimas tendencias en decoraci\u00f3n del 16 al 19 de marzo en el predio La Rural.<\/p>\n<p><strong>Acerca de Presentes<\/strong><br \/>\nOrganizada por la empresa Comit\u00e9 Ejecutivo, se realiza desde el a\u00f1o 2002. Presentes se ha constituido como la principal plataforma y exposici\u00f3n Internacional de Decoraci\u00f3n, Iluminaci\u00f3n, Muebles, Mesa, Bazar, Cocina, Regalos, Utilitarios, Textil para el Hogar y Navidad. Es la exposici\u00f3n m\u00e1s grande de la Rep\u00fablica Argentina y una de las m\u00e1s importantes del MERCOSUR, dirigida a comerciantes y profesionales del sector. Quienes participan de la misma obtienen un gran prestigio, logran un crecimiento profesional, de negocio, y una mayor inserci\u00f3n en el mercado.<\/p>\n<p><strong>Acerca de Comit\u00e9 Ejecutivo<\/strong><br \/>\nDirigida por H\u00e9ctor Kandel, Gustavo Koroyan y Daniel Mart\u00ednez Font, la empresa se dedica a la organizaci\u00f3n de exposiciones y eventos que representen oportunidades para empresarios, emprendedores, profesionales y comerciantes. Sus directores, integrantes de empresas l\u00edderes de fabricaci\u00f3n e importaci\u00f3n de productos de decoraci\u00f3n, se reunieron hace m\u00e1s de doce a\u00f1os, con el objetivo de generar un espacio de intercambio comercial mayorista y federal que facilite los negocios y sea una plataforma comercial dirigida a compradores y vendedores de todo el pa\u00eds y la regi\u00f3n. As\u00ed naci\u00f3 Presentes. Con experiencia en el sector del dise\u00f1o, mobiliario y decoraci\u00f3n, adem\u00e1s de organizar dicha exposici\u00f3n, tambi\u00e9n comenzaron a desarrollar otros eventos, ferias y exposiciones que re\u00fanen variedad de rubros y comercios.<\/p>\n\n<div style=\"font-size: 0px; height: 0px; line-height: 0px; margin: 0; padding: 0; clear: both;\"><\/div><div style=\"margin-top: 0px; margin-bottom: 0px;\" class=\"sharethis-inline-share-buttons\" ><\/div>","protected":false},"excerpt":{"rendered":"<p>Adelanto de los mejores talentos a nivel nacional y con apuesta al dise\u00f1o y la innovaci\u00f3n&#8230;<\/p>\n","protected":false},"author":1,"featured_media":19768,"comment_status":"closed","ping_status":"closed","sticky":false,"template":"","format":"standard","meta":{"_uag_custom_page_level_css":"","footnotes":""},"categories":[55,56],"tags":[37,1310,1313,1386,3097,1309],"class_list":["post-19767","post","type-post","status-publish","format-standard","has-post-thumbnail","hentry","category-diseno","category-diseno-interior-decoracion","tag-decoracion","tag-diseno-2","tag-exposiciones","tag-ferias","tag-fimar","tag-presentes","generate-columns","tablet-grid-50","mobile-grid-100","grid-parent","grid-50"],"yoast_head":"<!-- This site is optimized with the Yoast SEO plugin v27.3 - https:\/\/yoast.com\/product\/yoast-seo-wordpress\/ -->\n<title>La actual y futura industria del mueble argentino protagonista en expo Presentes - Arquimaster<\/title>\n<meta name=\"robots\" content=\"index, follow, max-snippet:-1, max-image-preview:large, max-video-preview:-1\" \/>\n<link rel=\"canonical\" href=\"https:\/\/www.arquimaster.com.ar\/web\/la-actual-y-futura-industria-del-mueble-argentino-protagonista-en-expo-presentes\/\" \/>\n<meta property=\"og:locale\" content=\"es_ES\" \/>\n<meta property=\"og:type\" content=\"article\" \/>\n<meta property=\"og:title\" content=\"La actual y futura industria del mueble argentino protagonista en expo Presentes - Arquimaster\" \/>\n<meta property=\"og:description\" content=\"Adelanto de los mejores talentos a nivel nacional y con apuesta al dise\u00f1o y la innovaci\u00f3n...\" \/>\n<meta property=\"og:url\" content=\"https:\/\/www.arquimaster.com.ar\/web\/la-actual-y-futura-industria-del-mueble-argentino-protagonista-en-expo-presentes\/\" \/>\n<meta property=\"og:site_name\" content=\"Arquimaster\" \/>\n<meta property=\"article:publisher\" content=\"http:\/\/www.facebook.com\/ARQUIMASTER.com.ar\" \/>\n<meta property=\"article:published_time\" content=\"2016-03-17T20:02:37+00:00\" \/>\n<meta property=\"article:modified_time\" content=\"2025-10-26T00:08:53+00:00\" \/>\n<meta property=\"og:image\" content=\"https:\/\/www.arquimaster.com.ar\/web\/wp-content\/uploads\/2016\/03\/presentes_mueble_argentino_slide.jpg\" \/>\n\t<meta property=\"og:image:width\" content=\"642\" \/>\n\t<meta property=\"og:image:height\" content=\"336\" \/>\n\t<meta property=\"og:image:type\" content=\"image\/jpeg\" \/>\n<meta name=\"author\" content=\"Arquimaster\" \/>\n<meta name=\"twitter:card\" content=\"summary_large_image\" \/>\n<meta name=\"twitter:creator\" content=\"@arquimaster\" \/>\n<meta name=\"twitter:site\" content=\"@arquimaster\" \/>\n<meta name=\"twitter:label1\" content=\"Escrito por\" \/>\n\t<meta name=\"twitter:data1\" content=\"Arquimaster\" \/>\n\t<meta name=\"twitter:label2\" content=\"Tiempo de lectura\" \/>\n\t<meta name=\"twitter:data2\" content=\"7 minutos\" \/>\n<script type=\"application\/ld+json\" class=\"yoast-schema-graph\">{\"@context\":\"https:\\\/\\\/schema.org\",\"@graph\":[{\"@type\":\"Article\",\"@id\":\"https:\\\/\\\/www.arquimaster.com.ar\\\/web\\\/la-actual-y-futura-industria-del-mueble-argentino-protagonista-en-expo-presentes\\\/#article\",\"isPartOf\":{\"@id\":\"https:\\\/\\\/www.arquimaster.com.ar\\\/web\\\/la-actual-y-futura-industria-del-mueble-argentino-protagonista-en-expo-presentes\\\/\"},\"author\":{\"name\":\"Arquimaster\",\"@id\":\"https:\\\/\\\/www.arquimaster.com.ar\\\/web\\\/#\\\/schema\\\/person\\\/359e9f7c00193fcde068e0dd2ceb0028\"},\"headline\":\"La actual y futura industria del mueble argentino protagonista en expo Presentes\",\"datePublished\":\"2016-03-17T20:02:37+00:00\",\"dateModified\":\"2025-10-26T00:08:53+00:00\",\"mainEntityOfPage\":{\"@id\":\"https:\\\/\\\/www.arquimaster.com.ar\\\/web\\\/la-actual-y-futura-industria-del-mueble-argentino-protagonista-en-expo-presentes\\\/\"},\"wordCount\":1523,\"publisher\":{\"@id\":\"https:\\\/\\\/www.arquimaster.com.ar\\\/web\\\/#organization\"},\"image\":{\"@id\":\"https:\\\/\\\/www.arquimaster.com.ar\\\/web\\\/la-actual-y-futura-industria-del-mueble-argentino-protagonista-en-expo-presentes\\\/#primaryimage\"},\"thumbnailUrl\":\"https:\\\/\\\/www.arquimaster.com.ar\\\/web\\\/wp-content\\\/uploads\\\/2016\\\/03\\\/presentes_mueble_argentino_slide.jpg\",\"keywords\":[\"decoracion\",\"dise\u00f1o\",\"exposiciones\",\"ferias\",\"Fimar\",\"Presentes\"],\"articleSection\":[\"Dise\u00f1o\",\"Dise\u00f1o interior y decoracion\"],\"inLanguage\":\"es\"},{\"@type\":\"WebPage\",\"@id\":\"https:\\\/\\\/www.arquimaster.com.ar\\\/web\\\/la-actual-y-futura-industria-del-mueble-argentino-protagonista-en-expo-presentes\\\/\",\"url\":\"https:\\\/\\\/www.arquimaster.com.ar\\\/web\\\/la-actual-y-futura-industria-del-mueble-argentino-protagonista-en-expo-presentes\\\/\",\"name\":\"La actual y futura industria del mueble argentino protagonista en expo Presentes - Arquimaster\",\"isPartOf\":{\"@id\":\"https:\\\/\\\/www.arquimaster.com.ar\\\/web\\\/#website\"},\"primaryImageOfPage\":{\"@id\":\"https:\\\/\\\/www.arquimaster.com.ar\\\/web\\\/la-actual-y-futura-industria-del-mueble-argentino-protagonista-en-expo-presentes\\\/#primaryimage\"},\"image\":{\"@id\":\"https:\\\/\\\/www.arquimaster.com.ar\\\/web\\\/la-actual-y-futura-industria-del-mueble-argentino-protagonista-en-expo-presentes\\\/#primaryimage\"},\"thumbnailUrl\":\"https:\\\/\\\/www.arquimaster.com.ar\\\/web\\\/wp-content\\\/uploads\\\/2016\\\/03\\\/presentes_mueble_argentino_slide.jpg\",\"datePublished\":\"2016-03-17T20:02:37+00:00\",\"dateModified\":\"2025-10-26T00:08:53+00:00\",\"breadcrumb\":{\"@id\":\"https:\\\/\\\/www.arquimaster.com.ar\\\/web\\\/la-actual-y-futura-industria-del-mueble-argentino-protagonista-en-expo-presentes\\\/#breadcrumb\"},\"inLanguage\":\"es\",\"potentialAction\":[{\"@type\":\"ReadAction\",\"target\":[\"https:\\\/\\\/www.arquimaster.com.ar\\\/web\\\/la-actual-y-futura-industria-del-mueble-argentino-protagonista-en-expo-presentes\\\/\"]}]},{\"@type\":\"ImageObject\",\"inLanguage\":\"es\",\"@id\":\"https:\\\/\\\/www.arquimaster.com.ar\\\/web\\\/la-actual-y-futura-industria-del-mueble-argentino-protagonista-en-expo-presentes\\\/#primaryimage\",\"url\":\"https:\\\/\\\/www.arquimaster.com.ar\\\/web\\\/wp-content\\\/uploads\\\/2016\\\/03\\\/presentes_mueble_argentino_slide.jpg\",\"contentUrl\":\"https:\\\/\\\/www.arquimaster.com.ar\\\/web\\\/wp-content\\\/uploads\\\/2016\\\/03\\\/presentes_mueble_argentino_slide.jpg\",\"width\":642,\"height\":336},{\"@type\":\"BreadcrumbList\",\"@id\":\"https:\\\/\\\/www.arquimaster.com.ar\\\/web\\\/la-actual-y-futura-industria-del-mueble-argentino-protagonista-en-expo-presentes\\\/#breadcrumb\",\"itemListElement\":[{\"@type\":\"ListItem\",\"position\":1,\"name\":\"Portada\",\"item\":\"https:\\\/\\\/www.arquimaster.com.ar\\\/web\\\/\"},{\"@type\":\"ListItem\",\"position\":2,\"name\":\"La actual y futura industria del mueble argentino protagonista en expo Presentes\"}]},{\"@type\":\"WebSite\",\"@id\":\"https:\\\/\\\/www.arquimaster.com.ar\\\/web\\\/#website\",\"url\":\"https:\\\/\\\/www.arquimaster.com.ar\\\/web\\\/\",\"name\":\"Arquimaster\",\"description\":\"Web de arquitectura, dise\u00f1o y construccion\",\"publisher\":{\"@id\":\"https:\\\/\\\/www.arquimaster.com.ar\\\/web\\\/#organization\"},\"potentialAction\":[{\"@type\":\"SearchAction\",\"target\":{\"@type\":\"EntryPoint\",\"urlTemplate\":\"https:\\\/\\\/www.arquimaster.com.ar\\\/web\\\/?s={search_term_string}\"},\"query-input\":{\"@type\":\"PropertyValueSpecification\",\"valueRequired\":true,\"valueName\":\"search_term_string\"}}],\"inLanguage\":\"es\"},{\"@type\":\"Organization\",\"@id\":\"https:\\\/\\\/www.arquimaster.com.ar\\\/web\\\/#organization\",\"name\":\"Arquimaster\",\"url\":\"https:\\\/\\\/www.arquimaster.com.ar\\\/web\\\/\",\"logo\":{\"@type\":\"ImageObject\",\"inLanguage\":\"es\",\"@id\":\"https:\\\/\\\/www.arquimaster.com.ar\\\/web\\\/#\\\/schema\\\/logo\\\/image\\\/\",\"url\":\"https:\\\/\\\/www.arquimaster.com.ar\\\/web\\\/wp-content\\\/uploads\\\/2022\\\/06\\\/arquimaster.png\",\"contentUrl\":\"https:\\\/\\\/www.arquimaster.com.ar\\\/web\\\/wp-content\\\/uploads\\\/2022\\\/06\\\/arquimaster.png\",\"width\":594,\"height\":78,\"caption\":\"Arquimaster\"},\"image\":{\"@id\":\"https:\\\/\\\/www.arquimaster.com.ar\\\/web\\\/#\\\/schema\\\/logo\\\/image\\\/\"},\"sameAs\":[\"http:\\\/\\\/www.facebook.com\\\/ARQUIMASTER.com.ar\",\"https:\\\/\\\/x.com\\\/arquimaster\",\"https:\\\/\\\/www.instagram.com\\\/arquimasterblog\\\/\",\"https:\\\/\\\/www.linkedin.com\\\/company\\\/arquimaster\",\"https:\\\/\\\/www.pinterest.com\\\/arquimaster\",\"https:\\\/\\\/t.me\\\/arquimaster\"]},{\"@type\":\"Person\",\"@id\":\"https:\\\/\\\/www.arquimaster.com.ar\\\/web\\\/#\\\/schema\\\/person\\\/359e9f7c00193fcde068e0dd2ceb0028\",\"name\":\"Arquimaster\"}]}<\/script>\n<!-- \/ Yoast SEO plugin. -->","yoast_head_json":{"title":"La actual y futura industria del mueble argentino protagonista en expo Presentes - Arquimaster","robots":{"index":"index","follow":"follow","max-snippet":"max-snippet:-1","max-image-preview":"max-image-preview:large","max-video-preview":"max-video-preview:-1"},"canonical":"https:\/\/www.arquimaster.com.ar\/web\/la-actual-y-futura-industria-del-mueble-argentino-protagonista-en-expo-presentes\/","og_locale":"es_ES","og_type":"article","og_title":"La actual y futura industria del mueble argentino protagonista en expo Presentes - Arquimaster","og_description":"Adelanto de los mejores talentos a nivel nacional y con apuesta al dise\u00f1o y la innovaci\u00f3n...","og_url":"https:\/\/www.arquimaster.com.ar\/web\/la-actual-y-futura-industria-del-mueble-argentino-protagonista-en-expo-presentes\/","og_site_name":"Arquimaster","article_publisher":"http:\/\/www.facebook.com\/ARQUIMASTER.com.ar","article_published_time":"2016-03-17T20:02:37+00:00","article_modified_time":"2025-10-26T00:08:53+00:00","og_image":[{"width":642,"height":336,"url":"https:\/\/www.arquimaster.com.ar\/web\/wp-content\/uploads\/2016\/03\/presentes_mueble_argentino_slide.jpg","type":"image\/jpeg"}],"author":"Arquimaster","twitter_card":"summary_large_image","twitter_creator":"@arquimaster","twitter_site":"@arquimaster","twitter_misc":{"Escrito por":"Arquimaster","Tiempo de lectura":"7 minutos"},"schema":{"@context":"https:\/\/schema.org","@graph":[{"@type":"Article","@id":"https:\/\/www.arquimaster.com.ar\/web\/la-actual-y-futura-industria-del-mueble-argentino-protagonista-en-expo-presentes\/#article","isPartOf":{"@id":"https:\/\/www.arquimaster.com.ar\/web\/la-actual-y-futura-industria-del-mueble-argentino-protagonista-en-expo-presentes\/"},"author":{"name":"Arquimaster","@id":"https:\/\/www.arquimaster.com.ar\/web\/#\/schema\/person\/359e9f7c00193fcde068e0dd2ceb0028"},"headline":"La actual y futura industria del mueble argentino protagonista en expo Presentes","datePublished":"2016-03-17T20:02:37+00:00","dateModified":"2025-10-26T00:08:53+00:00","mainEntityOfPage":{"@id":"https:\/\/www.arquimaster.com.ar\/web\/la-actual-y-futura-industria-del-mueble-argentino-protagonista-en-expo-presentes\/"},"wordCount":1523,"publisher":{"@id":"https:\/\/www.arquimaster.com.ar\/web\/#organization"},"image":{"@id":"https:\/\/www.arquimaster.com.ar\/web\/la-actual-y-futura-industria-del-mueble-argentino-protagonista-en-expo-presentes\/#primaryimage"},"thumbnailUrl":"https:\/\/www.arquimaster.com.ar\/web\/wp-content\/uploads\/2016\/03\/presentes_mueble_argentino_slide.jpg","keywords":["decoracion","dise\u00f1o","exposiciones","ferias","Fimar","Presentes"],"articleSection":["Dise\u00f1o","Dise\u00f1o interior y decoracion"],"inLanguage":"es"},{"@type":"WebPage","@id":"https:\/\/www.arquimaster.com.ar\/web\/la-actual-y-futura-industria-del-mueble-argentino-protagonista-en-expo-presentes\/","url":"https:\/\/www.arquimaster.com.ar\/web\/la-actual-y-futura-industria-del-mueble-argentino-protagonista-en-expo-presentes\/","name":"La actual y futura industria del mueble argentino protagonista en expo Presentes - Arquimaster","isPartOf":{"@id":"https:\/\/www.arquimaster.com.ar\/web\/#website"},"primaryImageOfPage":{"@id":"https:\/\/www.arquimaster.com.ar\/web\/la-actual-y-futura-industria-del-mueble-argentino-protagonista-en-expo-presentes\/#primaryimage"},"image":{"@id":"https:\/\/www.arquimaster.com.ar\/web\/la-actual-y-futura-industria-del-mueble-argentino-protagonista-en-expo-presentes\/#primaryimage"},"thumbnailUrl":"https:\/\/www.arquimaster.com.ar\/web\/wp-content\/uploads\/2016\/03\/presentes_mueble_argentino_slide.jpg","datePublished":"2016-03-17T20:02:37+00:00","dateModified":"2025-10-26T00:08:53+00:00","breadcrumb":{"@id":"https:\/\/www.arquimaster.com.ar\/web\/la-actual-y-futura-industria-del-mueble-argentino-protagonista-en-expo-presentes\/#breadcrumb"},"inLanguage":"es","potentialAction":[{"@type":"ReadAction","target":["https:\/\/www.arquimaster.com.ar\/web\/la-actual-y-futura-industria-del-mueble-argentino-protagonista-en-expo-presentes\/"]}]},{"@type":"ImageObject","inLanguage":"es","@id":"https:\/\/www.arquimaster.com.ar\/web\/la-actual-y-futura-industria-del-mueble-argentino-protagonista-en-expo-presentes\/#primaryimage","url":"https:\/\/www.arquimaster.com.ar\/web\/wp-content\/uploads\/2016\/03\/presentes_mueble_argentino_slide.jpg","contentUrl":"https:\/\/www.arquimaster.com.ar\/web\/wp-content\/uploads\/2016\/03\/presentes_mueble_argentino_slide.jpg","width":642,"height":336},{"@type":"BreadcrumbList","@id":"https:\/\/www.arquimaster.com.ar\/web\/la-actual-y-futura-industria-del-mueble-argentino-protagonista-en-expo-presentes\/#breadcrumb","itemListElement":[{"@type":"ListItem","position":1,"name":"Portada","item":"https:\/\/www.arquimaster.com.ar\/web\/"},{"@type":"ListItem","position":2,"name":"La actual y futura industria del mueble argentino protagonista en expo Presentes"}]},{"@type":"WebSite","@id":"https:\/\/www.arquimaster.com.ar\/web\/#website","url":"https:\/\/www.arquimaster.com.ar\/web\/","name":"Arquimaster","description":"Web de arquitectura, dise\u00f1o y construccion","publisher":{"@id":"https:\/\/www.arquimaster.com.ar\/web\/#organization"},"potentialAction":[{"@type":"SearchAction","target":{"@type":"EntryPoint","urlTemplate":"https:\/\/www.arquimaster.com.ar\/web\/?s={search_term_string}"},"query-input":{"@type":"PropertyValueSpecification","valueRequired":true,"valueName":"search_term_string"}}],"inLanguage":"es"},{"@type":"Organization","@id":"https:\/\/www.arquimaster.com.ar\/web\/#organization","name":"Arquimaster","url":"https:\/\/www.arquimaster.com.ar\/web\/","logo":{"@type":"ImageObject","inLanguage":"es","@id":"https:\/\/www.arquimaster.com.ar\/web\/#\/schema\/logo\/image\/","url":"https:\/\/www.arquimaster.com.ar\/web\/wp-content\/uploads\/2022\/06\/arquimaster.png","contentUrl":"https:\/\/www.arquimaster.com.ar\/web\/wp-content\/uploads\/2022\/06\/arquimaster.png","width":594,"height":78,"caption":"Arquimaster"},"image":{"@id":"https:\/\/www.arquimaster.com.ar\/web\/#\/schema\/logo\/image\/"},"sameAs":["http:\/\/www.facebook.com\/ARQUIMASTER.com.ar","https:\/\/x.com\/arquimaster","https:\/\/www.instagram.com\/arquimasterblog\/","https:\/\/www.linkedin.com\/company\/arquimaster","https:\/\/www.pinterest.com\/arquimaster","https:\/\/t.me\/arquimaster"]},{"@type":"Person","@id":"https:\/\/www.arquimaster.com.ar\/web\/#\/schema\/person\/359e9f7c00193fcde068e0dd2ceb0028","name":"Arquimaster"}]}},"uagb_featured_image_src":{"full":["https:\/\/www.arquimaster.com.ar\/web\/wp-content\/uploads\/2016\/03\/presentes_mueble_argentino_slide.jpg",642,336,false],"thumbnail":["https:\/\/www.arquimaster.com.ar\/web\/wp-content\/uploads\/2016\/03\/presentes_mueble_argentino_slide-150x150.jpg",150,150,true],"medium":["https:\/\/www.arquimaster.com.ar\/web\/wp-content\/uploads\/2016\/03\/presentes_mueble_argentino_slide.jpg",642,336,false],"medium_large":["https:\/\/www.arquimaster.com.ar\/web\/wp-content\/uploads\/2016\/03\/presentes_mueble_argentino_slide.jpg",642,336,false],"large":["https:\/\/www.arquimaster.com.ar\/web\/wp-content\/uploads\/2016\/03\/presentes_mueble_argentino_slide.jpg",642,336,false],"1536x1536":["https:\/\/www.arquimaster.com.ar\/web\/wp-content\/uploads\/2016\/03\/presentes_mueble_argentino_slide.jpg",642,336,false],"2048x2048":["https:\/\/www.arquimaster.com.ar\/web\/wp-content\/uploads\/2016\/03\/presentes_mueble_argentino_slide.jpg",642,336,false]},"uagb_author_info":{"display_name":"Arquimaster","author_link":"https:\/\/www.arquimaster.com.ar\/web\/author\/arquimaster\/"},"uagb_comment_info":0,"uagb_excerpt":"Adelanto de los mejores talentos a nivel nacional y con apuesta al dise\u00f1o y la innovaci\u00f3n...","_links":{"self":[{"href":"https:\/\/www.arquimaster.com.ar\/web\/wp-json\/wp\/v2\/posts\/19767","targetHints":{"allow":["GET"]}}],"collection":[{"href":"https:\/\/www.arquimaster.com.ar\/web\/wp-json\/wp\/v2\/posts"}],"about":[{"href":"https:\/\/www.arquimaster.com.ar\/web\/wp-json\/wp\/v2\/types\/post"}],"author":[{"embeddable":true,"href":"https:\/\/www.arquimaster.com.ar\/web\/wp-json\/wp\/v2\/users\/1"}],"replies":[{"embeddable":true,"href":"https:\/\/www.arquimaster.com.ar\/web\/wp-json\/wp\/v2\/comments?post=19767"}],"version-history":[{"count":1,"href":"https:\/\/www.arquimaster.com.ar\/web\/wp-json\/wp\/v2\/posts\/19767\/revisions"}],"predecessor-version":[{"id":86385,"href":"https:\/\/www.arquimaster.com.ar\/web\/wp-json\/wp\/v2\/posts\/19767\/revisions\/86385"}],"wp:featuredmedia":[{"embeddable":true,"href":"https:\/\/www.arquimaster.com.ar\/web\/wp-json\/wp\/v2\/media\/19768"}],"wp:attachment":[{"href":"https:\/\/www.arquimaster.com.ar\/web\/wp-json\/wp\/v2\/media?parent=19767"}],"wp:term":[{"taxonomy":"category","embeddable":true,"href":"https:\/\/www.arquimaster.com.ar\/web\/wp-json\/wp\/v2\/categories?post=19767"},{"taxonomy":"post_tag","embeddable":true,"href":"https:\/\/www.arquimaster.com.ar\/web\/wp-json\/wp\/v2\/tags?post=19767"}],"curies":[{"name":"wp","href":"https:\/\/api.w.org\/{rel}","templated":true}]}}