{"id":19777,"date":"2016-03-18T02:09:10","date_gmt":"2016-03-18T02:09:10","guid":{"rendered":"http:\/\/www.arquimaster.com.ar\/web\/?p=19777"},"modified":"2016-03-21T02:22:29","modified_gmt":"2016-03-21T02:22:29","slug":"casa-cubo-agraz-arquitectos","status":"publish","type":"post","link":"https:\/\/www.arquimaster.com.ar\/web\/casa-cubo-agraz-arquitectos\/","title":{"rendered":"Casa Cubo \/ Agraz Arquitectos"},"content":{"rendered":"<div style=\"margin-top: 0px; margin-bottom: 0px;\" class=\"sharethis-inline-share-buttons\" ><\/div><div class=\"b812932af2e751442846f039925109de\" data-index=\"1\" style=\"float: none; margin:25px 0 25px 0; text-align:center;\">\n<script async src=\"https:\/\/pagead2.googlesyndication.com\/pagead\/js\/adsbygoogle.js\"><\/script>\r\n<!-- Arquimaster (superior) -->\r\n<ins class=\"adsbygoogle\"\r\n     style=\"display:block\"\r\n     data-ad-client=\"ca-pub-6351072698456832\"\r\n     data-ad-slot=\"6455489680\"\r\n     data-ad-format=\"auto\"\r\n     data-full-width-responsive=\"true\"><\/ins>\r\n<script>\r\n     (adsbygoogle = window.adsbygoogle || []).push({});\r\n<\/script>\n<\/div>\n<p><strong>Casa Cubo<\/strong> (Zapopan, Jalisco, Mexico) por<strong> Agraz Arquitectos<\/strong>. La casa cubo vac\u00eda su interior para volcarse y compenetrarse al sitio con su ingravidez: esa que evidenc\u00eda c\u00f3mo los vol\u00famenes ceden ante la geometr\u00eda que conjuga la luz y la topograf\u00eda del paisaje. La casa es una respuesta al lugar en donde se asienta.<\/p>\n<div id='gallery-1' class='gallery galleryid-19777 gallery-columns-3 gallery-size-thumbnail'><figure class='gallery-item'>\n\t\t\t<div class='gallery-icon landscape'>\n\t\t\t\t<a href='https:\/\/www.arquimaster.com.ar\/web\/wp-content\/uploads\/2016\/03\/casa_cubo1.jpg' title=\"Casa Cubo \/ Agraz Arquitectos (\u00a9 Mito Covarrubias)\" data-rl_title=\"Casa Cubo \/ Agraz Arquitectos (\u00a9 Mito Covarrubias)\" class=\"rl-gallery-link\" data-rl_caption=\"Casa Cubo \/ Agraz Arquitectos (\u00a9 Mito Covarrubias)\" data-rel=\"lightbox-gallery-1\"><img loading=\"lazy\" decoding=\"async\" width=\"150\" height=\"150\" src=\"https:\/\/www.arquimaster.com.ar\/web\/wp-content\/uploads\/2016\/03\/casa_cubo1-150x150.jpg\" class=\"attachment-thumbnail size-thumbnail\" alt=\"\" aria-describedby=\"gallery-1-19779\" srcset=\"https:\/\/www.arquimaster.com.ar\/web\/wp-content\/uploads\/2016\/03\/casa_cubo1-150x150.jpg 150w, https:\/\/www.arquimaster.com.ar\/web\/wp-content\/uploads\/2016\/03\/casa_cubo1.jpg 1024w, https:\/\/www.arquimaster.com.ar\/web\/wp-content\/uploads\/2016\/03\/casa_cubo1-768x768.jpg 768w, https:\/\/www.arquimaster.com.ar\/web\/wp-content\/uploads\/2016\/03\/casa_cubo1-50x50.jpg 50w, https:\/\/www.arquimaster.com.ar\/web\/wp-content\/uploads\/2016\/03\/casa_cubo1-125x125.jpg 125w\" sizes=\"auto, (max-width: 150px) 100vw, 150px\" \/><\/a>\n\t\t\t<\/div>\n\t\t\t\t<figcaption class='wp-caption-text gallery-caption' id='gallery-1-19779'>\n\t\t\t\tCasa Cubo \/ Agraz Arquitectos (\u00a9 Mito Covarrubias)\n\t\t\t\t<\/figcaption><\/figure><figure class='gallery-item'>\n\t\t\t<div class='gallery-icon landscape'>\n\t\t\t\t<a href='https:\/\/www.arquimaster.com.ar\/web\/wp-content\/uploads\/2016\/03\/casa_cubo2.jpg' title=\"Casa Cubo \/ Agraz Arquitectos (\u00a9 Mito Covarrubias)\" data-rl_title=\"Casa Cubo \/ Agraz Arquitectos (\u00a9 Mito Covarrubias)\" class=\"rl-gallery-link\" data-rl_caption=\"Casa Cubo \/ Agraz Arquitectos (\u00a9 Mito Covarrubias)\" data-rel=\"lightbox-gallery-1\"><img loading=\"lazy\" decoding=\"async\" width=\"150\" height=\"150\" src=\"https:\/\/www.arquimaster.com.ar\/web\/wp-content\/uploads\/2016\/03\/casa_cubo2-150x150.jpg\" class=\"attachment-thumbnail size-thumbnail\" alt=\"\" aria-describedby=\"gallery-1-19780\" srcset=\"https:\/\/www.arquimaster.com.ar\/web\/wp-content\/uploads\/2016\/03\/casa_cubo2-150x150.jpg 150w, https:\/\/www.arquimaster.com.ar\/web\/wp-content\/uploads\/2016\/03\/casa_cubo2.jpg 1024w, https:\/\/www.arquimaster.com.ar\/web\/wp-content\/uploads\/2016\/03\/casa_cubo2-768x768.jpg 768w, https:\/\/www.arquimaster.com.ar\/web\/wp-content\/uploads\/2016\/03\/casa_cubo2-50x50.jpg 50w, https:\/\/www.arquimaster.com.ar\/web\/wp-content\/uploads\/2016\/03\/casa_cubo2-125x125.jpg 125w\" sizes=\"auto, (max-width: 150px) 100vw, 150px\" \/><\/a>\n\t\t\t<\/div>\n\t\t\t\t<figcaption class='wp-caption-text gallery-caption' id='gallery-1-19780'>\n\t\t\t\tCasa Cubo \/ Agraz Arquitectos (\u00a9 Mito Covarrubias)\n\t\t\t\t<\/figcaption><\/figure><figure class='gallery-item'>\n\t\t\t<div class='gallery-icon landscape'>\n\t\t\t\t<a href='https:\/\/www.arquimaster.com.ar\/web\/wp-content\/uploads\/2016\/03\/casa_cubo3.jpg' title=\"Casa Cubo \/ Agraz Arquitectos (\u00a9 Mito Covarrubias)\" data-rl_title=\"Casa Cubo \/ Agraz Arquitectos (\u00a9 Mito Covarrubias)\" class=\"rl-gallery-link\" data-rl_caption=\"Casa Cubo \/ Agraz Arquitectos (\u00a9 Mito Covarrubias)\" data-rel=\"lightbox-gallery-1\"><img loading=\"lazy\" decoding=\"async\" width=\"150\" height=\"150\" src=\"https:\/\/www.arquimaster.com.ar\/web\/wp-content\/uploads\/2016\/03\/casa_cubo3-150x150.jpg\" class=\"attachment-thumbnail size-thumbnail\" alt=\"\" aria-describedby=\"gallery-1-19781\" srcset=\"https:\/\/www.arquimaster.com.ar\/web\/wp-content\/uploads\/2016\/03\/casa_cubo3-150x150.jpg 150w, https:\/\/www.arquimaster.com.ar\/web\/wp-content\/uploads\/2016\/03\/casa_cubo3-50x50.jpg 50w, https:\/\/www.arquimaster.com.ar\/web\/wp-content\/uploads\/2016\/03\/casa_cubo3-125x125.jpg 125w\" sizes=\"auto, (max-width: 150px) 100vw, 150px\" \/><\/a>\n\t\t\t<\/div>\n\t\t\t\t<figcaption class='wp-caption-text gallery-caption' id='gallery-1-19781'>\n\t\t\t\tCasa Cubo \/ Agraz Arquitectos (\u00a9 Mito Covarrubias)\n\t\t\t\t<\/figcaption><\/figure><figure class='gallery-item'>\n\t\t\t<div class='gallery-icon portrait'>\n\t\t\t\t<a href='https:\/\/www.arquimaster.com.ar\/web\/wp-content\/uploads\/2016\/03\/casa_cubo4.jpg' title=\"Casa Cubo \/ Agraz Arquitectos (\u00a9 Mito Covarrubias)\" data-rl_title=\"Casa Cubo \/ Agraz Arquitectos (\u00a9 Mito Covarrubias)\" class=\"rl-gallery-link\" data-rl_caption=\"Casa Cubo \/ Agraz Arquitectos (\u00a9 Mito Covarrubias)\" data-rel=\"lightbox-gallery-1\"><img loading=\"lazy\" decoding=\"async\" width=\"150\" height=\"150\" src=\"https:\/\/www.arquimaster.com.ar\/web\/wp-content\/uploads\/2016\/03\/casa_cubo4-150x150.jpg\" class=\"attachment-thumbnail size-thumbnail\" alt=\"\" aria-describedby=\"gallery-1-19782\" srcset=\"https:\/\/www.arquimaster.com.ar\/web\/wp-content\/uploads\/2016\/03\/casa_cubo4-150x150.jpg 150w, https:\/\/www.arquimaster.com.ar\/web\/wp-content\/uploads\/2016\/03\/casa_cubo4-50x50.jpg 50w, https:\/\/www.arquimaster.com.ar\/web\/wp-content\/uploads\/2016\/03\/casa_cubo4-125x125.jpg 125w\" sizes=\"auto, (max-width: 150px) 100vw, 150px\" \/><\/a>\n\t\t\t<\/div>\n\t\t\t\t<figcaption class='wp-caption-text gallery-caption' id='gallery-1-19782'>\n\t\t\t\tCasa Cubo \/ Agraz Arquitectos (\u00a9 Mito Covarrubias)\n\t\t\t\t<\/figcaption><\/figure><figure class='gallery-item'>\n\t\t\t<div class='gallery-icon landscape'>\n\t\t\t\t<a href='https:\/\/www.arquimaster.com.ar\/web\/wp-content\/uploads\/2016\/03\/casa_cubo5.jpg' title=\"Casa Cubo \/ Agraz Arquitectos (\u00a9 Mito Covarrubias)\" data-rl_title=\"Casa Cubo \/ Agraz Arquitectos (\u00a9 Mito Covarrubias)\" class=\"rl-gallery-link\" data-rl_caption=\"Casa Cubo \/ Agraz Arquitectos (\u00a9 Mito Covarrubias)\" data-rel=\"lightbox-gallery-1\"><img loading=\"lazy\" decoding=\"async\" width=\"150\" height=\"150\" src=\"https:\/\/www.arquimaster.com.ar\/web\/wp-content\/uploads\/2016\/03\/casa_cubo5-150x150.jpg\" class=\"attachment-thumbnail size-thumbnail\" alt=\"\" aria-describedby=\"gallery-1-19783\" srcset=\"https:\/\/www.arquimaster.com.ar\/web\/wp-content\/uploads\/2016\/03\/casa_cubo5-150x150.jpg 150w, https:\/\/www.arquimaster.com.ar\/web\/wp-content\/uploads\/2016\/03\/casa_cubo5-50x50.jpg 50w, https:\/\/www.arquimaster.com.ar\/web\/wp-content\/uploads\/2016\/03\/casa_cubo5-125x125.jpg 125w\" sizes=\"auto, (max-width: 150px) 100vw, 150px\" \/><\/a>\n\t\t\t<\/div>\n\t\t\t\t<figcaption class='wp-caption-text gallery-caption' id='gallery-1-19783'>\n\t\t\t\tCasa Cubo \/ Agraz Arquitectos (\u00a9 Mito Covarrubias)\n\t\t\t\t<\/figcaption><\/figure><figure class='gallery-item'>\n\t\t\t<div class='gallery-icon landscape'>\n\t\t\t\t<a href='https:\/\/www.arquimaster.com.ar\/web\/wp-content\/uploads\/2016\/03\/casa_cubo6.jpg' title=\"Casa Cubo \/ Agraz Arquitectos (\u00a9 Mito Covarrubias)\" data-rl_title=\"Casa Cubo \/ Agraz Arquitectos (\u00a9 Mito Covarrubias)\" class=\"rl-gallery-link\" data-rl_caption=\"Casa Cubo \/ Agraz Arquitectos (\u00a9 Mito Covarrubias)\" data-rel=\"lightbox-gallery-1\"><img loading=\"lazy\" decoding=\"async\" width=\"150\" height=\"150\" src=\"https:\/\/www.arquimaster.com.ar\/web\/wp-content\/uploads\/2016\/03\/casa_cubo6-150x150.jpg\" class=\"attachment-thumbnail size-thumbnail\" alt=\"\" aria-describedby=\"gallery-1-19784\" srcset=\"https:\/\/www.arquimaster.com.ar\/web\/wp-content\/uploads\/2016\/03\/casa_cubo6-150x150.jpg 150w, https:\/\/www.arquimaster.com.ar\/web\/wp-content\/uploads\/2016\/03\/casa_cubo6-50x50.jpg 50w, https:\/\/www.arquimaster.com.ar\/web\/wp-content\/uploads\/2016\/03\/casa_cubo6-125x125.jpg 125w\" sizes=\"auto, (max-width: 150px) 100vw, 150px\" \/><\/a>\n\t\t\t<\/div>\n\t\t\t\t<figcaption class='wp-caption-text gallery-caption' id='gallery-1-19784'>\n\t\t\t\tCasa Cubo \/ Agraz Arquitectos (\u00a9 Mito Covarrubias)\n\t\t\t\t<\/figcaption><\/figure><figure class='gallery-item'>\n\t\t\t<div class='gallery-icon portrait'>\n\t\t\t\t<a href='https:\/\/www.arquimaster.com.ar\/web\/wp-content\/uploads\/2016\/03\/casa_cubo7.jpg' title=\"Casa Cubo \/ Agraz Arquitectos (\u00a9 Mito Covarrubias)\" data-rl_title=\"Casa Cubo \/ Agraz Arquitectos (\u00a9 Mito Covarrubias)\" class=\"rl-gallery-link\" data-rl_caption=\"Casa Cubo \/ Agraz Arquitectos (\u00a9 Mito Covarrubias)\" data-rel=\"lightbox-gallery-1\"><img loading=\"lazy\" decoding=\"async\" width=\"150\" height=\"150\" src=\"https:\/\/www.arquimaster.com.ar\/web\/wp-content\/uploads\/2016\/03\/casa_cubo7-150x150.jpg\" class=\"attachment-thumbnail size-thumbnail\" alt=\"\" aria-describedby=\"gallery-1-19785\" srcset=\"https:\/\/www.arquimaster.com.ar\/web\/wp-content\/uploads\/2016\/03\/casa_cubo7-150x150.jpg 150w, https:\/\/www.arquimaster.com.ar\/web\/wp-content\/uploads\/2016\/03\/casa_cubo7-50x50.jpg 50w, https:\/\/www.arquimaster.com.ar\/web\/wp-content\/uploads\/2016\/03\/casa_cubo7-125x125.jpg 125w\" sizes=\"auto, (max-width: 150px) 100vw, 150px\" \/><\/a>\n\t\t\t<\/div>\n\t\t\t\t<figcaption class='wp-caption-text gallery-caption' id='gallery-1-19785'>\n\t\t\t\tCasa Cubo \/ Agraz Arquitectos (\u00a9 Mito Covarrubias)\n\t\t\t\t<\/figcaption><\/figure><figure class='gallery-item'>\n\t\t\t<div class='gallery-icon portrait'>\n\t\t\t\t<a href='https:\/\/www.arquimaster.com.ar\/web\/wp-content\/uploads\/2016\/03\/casa_cubo8.jpg' title=\"Casa Cubo \/ Agraz Arquitectos (\u00a9 Mito Covarrubias)\" data-rl_title=\"Casa Cubo \/ Agraz Arquitectos (\u00a9 Mito Covarrubias)\" class=\"rl-gallery-link\" data-rl_caption=\"Casa Cubo \/ Agraz Arquitectos (\u00a9 Mito Covarrubias)\" data-rel=\"lightbox-gallery-1\"><img loading=\"lazy\" decoding=\"async\" width=\"150\" height=\"150\" src=\"https:\/\/www.arquimaster.com.ar\/web\/wp-content\/uploads\/2016\/03\/casa_cubo8-150x150.jpg\" class=\"attachment-thumbnail size-thumbnail\" alt=\"\" aria-describedby=\"gallery-1-19786\" srcset=\"https:\/\/www.arquimaster.com.ar\/web\/wp-content\/uploads\/2016\/03\/casa_cubo8-150x150.jpg 150w, https:\/\/www.arquimaster.com.ar\/web\/wp-content\/uploads\/2016\/03\/casa_cubo8-50x50.jpg 50w, https:\/\/www.arquimaster.com.ar\/web\/wp-content\/uploads\/2016\/03\/casa_cubo8-125x125.jpg 125w\" sizes=\"auto, (max-width: 150px) 100vw, 150px\" \/><\/a>\n\t\t\t<\/div>\n\t\t\t\t<figcaption class='wp-caption-text gallery-caption' id='gallery-1-19786'>\n\t\t\t\tCasa Cubo \/ Agraz Arquitectos (\u00a9 Mito Covarrubias)\n\t\t\t\t<\/figcaption><\/figure><figure class='gallery-item'>\n\t\t\t<div class='gallery-icon landscape'>\n\t\t\t\t<a href='https:\/\/www.arquimaster.com.ar\/web\/wp-content\/uploads\/2016\/03\/casa_cubo9.jpg' title=\"Casa Cubo \/ Agraz Arquitectos (\u00a9 Mito Covarrubias)\" data-rl_title=\"Casa Cubo \/ Agraz Arquitectos (\u00a9 Mito Covarrubias)\" class=\"rl-gallery-link\" data-rl_caption=\"Casa Cubo \/ Agraz Arquitectos (\u00a9 Mito Covarrubias)\" data-rel=\"lightbox-gallery-1\"><img loading=\"lazy\" decoding=\"async\" width=\"150\" height=\"150\" src=\"https:\/\/www.arquimaster.com.ar\/web\/wp-content\/uploads\/2016\/03\/casa_cubo9-150x150.jpg\" class=\"attachment-thumbnail size-thumbnail\" alt=\"\" aria-describedby=\"gallery-1-19787\" srcset=\"https:\/\/www.arquimaster.com.ar\/web\/wp-content\/uploads\/2016\/03\/casa_cubo9-150x150.jpg 150w, https:\/\/www.arquimaster.com.ar\/web\/wp-content\/uploads\/2016\/03\/casa_cubo9-50x50.jpg 50w, https:\/\/www.arquimaster.com.ar\/web\/wp-content\/uploads\/2016\/03\/casa_cubo9-125x125.jpg 125w\" sizes=\"auto, (max-width: 150px) 100vw, 150px\" \/><\/a>\n\t\t\t<\/div>\n\t\t\t\t<figcaption class='wp-caption-text gallery-caption' id='gallery-1-19787'>\n\t\t\t\tCasa Cubo \/ Agraz Arquitectos (\u00a9 Mito Covarrubias)\n\t\t\t\t<\/figcaption><\/figure><figure class='gallery-item'>\n\t\t\t<div class='gallery-icon landscape'>\n\t\t\t\t<a href='https:\/\/www.arquimaster.com.ar\/web\/wp-content\/uploads\/2016\/03\/casa_cubo10.jpg' title=\"Casa Cubo \/ Agraz Arquitectos (\u00a9 Mito Covarrubias)\" data-rl_title=\"Casa Cubo \/ Agraz Arquitectos (\u00a9 Mito Covarrubias)\" class=\"rl-gallery-link\" data-rl_caption=\"Casa Cubo \/ Agraz Arquitectos (\u00a9 Mito Covarrubias)\" data-rel=\"lightbox-gallery-1\"><img loading=\"lazy\" decoding=\"async\" width=\"150\" height=\"150\" src=\"https:\/\/www.arquimaster.com.ar\/web\/wp-content\/uploads\/2016\/03\/casa_cubo10-150x150.jpg\" class=\"attachment-thumbnail size-thumbnail\" alt=\"\" aria-describedby=\"gallery-1-19788\" srcset=\"https:\/\/www.arquimaster.com.ar\/web\/wp-content\/uploads\/2016\/03\/casa_cubo10-150x150.jpg 150w, https:\/\/www.arquimaster.com.ar\/web\/wp-content\/uploads\/2016\/03\/casa_cubo10.jpg 1024w, https:\/\/www.arquimaster.com.ar\/web\/wp-content\/uploads\/2016\/03\/casa_cubo10-768x768.jpg 768w, https:\/\/www.arquimaster.com.ar\/web\/wp-content\/uploads\/2016\/03\/casa_cubo10-50x50.jpg 50w, https:\/\/www.arquimaster.com.ar\/web\/wp-content\/uploads\/2016\/03\/casa_cubo10-125x125.jpg 125w\" sizes=\"auto, (max-width: 150px) 100vw, 150px\" \/><\/a>\n\t\t\t<\/div>\n\t\t\t\t<figcaption class='wp-caption-text gallery-caption' id='gallery-1-19788'>\n\t\t\t\tCasa Cubo \/ Agraz Arquitectos (\u00a9 Mito Covarrubias)\n\t\t\t\t<\/figcaption><\/figure><figure class='gallery-item'>\n\t\t\t<div class='gallery-icon landscape'>\n\t\t\t\t<a href='https:\/\/www.arquimaster.com.ar\/web\/wp-content\/uploads\/2016\/03\/casa_cubo11.jpg' title=\"Casa Cubo \/ Agraz Arquitectos (\u00a9 Mito Covarrubias)\" data-rl_title=\"Casa Cubo \/ Agraz Arquitectos (\u00a9 Mito Covarrubias)\" class=\"rl-gallery-link\" data-rl_caption=\"Casa Cubo \/ Agraz Arquitectos (\u00a9 Mito Covarrubias)\" data-rel=\"lightbox-gallery-1\"><img loading=\"lazy\" decoding=\"async\" width=\"150\" height=\"150\" src=\"https:\/\/www.arquimaster.com.ar\/web\/wp-content\/uploads\/2016\/03\/casa_cubo11-150x150.jpg\" class=\"attachment-thumbnail size-thumbnail\" alt=\"\" aria-describedby=\"gallery-1-19789\" srcset=\"https:\/\/www.arquimaster.com.ar\/web\/wp-content\/uploads\/2016\/03\/casa_cubo11-150x150.jpg 150w, https:\/\/www.arquimaster.com.ar\/web\/wp-content\/uploads\/2016\/03\/casa_cubo11.jpg 1024w, https:\/\/www.arquimaster.com.ar\/web\/wp-content\/uploads\/2016\/03\/casa_cubo11-768x768.jpg 768w, https:\/\/www.arquimaster.com.ar\/web\/wp-content\/uploads\/2016\/03\/casa_cubo11-50x50.jpg 50w, https:\/\/www.arquimaster.com.ar\/web\/wp-content\/uploads\/2016\/03\/casa_cubo11-125x125.jpg 125w\" sizes=\"auto, (max-width: 150px) 100vw, 150px\" \/><\/a>\n\t\t\t<\/div>\n\t\t\t\t<figcaption class='wp-caption-text gallery-caption' id='gallery-1-19789'>\n\t\t\t\tCasa Cubo \/ Agraz Arquitectos (\u00a9 Mito Covarrubias)\n\t\t\t\t<\/figcaption><\/figure><figure class='gallery-item'>\n\t\t\t<div class='gallery-icon portrait'>\n\t\t\t\t<a href='https:\/\/www.arquimaster.com.ar\/web\/wp-content\/uploads\/2016\/03\/casa_cubo12.jpg' title=\"Casa Cubo \/ Agraz Arquitectos (\u00a9 Mito Covarrubias)\" data-rl_title=\"Casa Cubo \/ Agraz Arquitectos (\u00a9 Mito Covarrubias)\" class=\"rl-gallery-link\" data-rl_caption=\"Casa Cubo \/ Agraz Arquitectos (\u00a9 Mito Covarrubias)\" data-rel=\"lightbox-gallery-1\"><img loading=\"lazy\" decoding=\"async\" width=\"150\" height=\"150\" src=\"https:\/\/www.arquimaster.com.ar\/web\/wp-content\/uploads\/2016\/03\/casa_cubo12-150x150.jpg\" class=\"attachment-thumbnail size-thumbnail\" alt=\"\" aria-describedby=\"gallery-1-19790\" srcset=\"https:\/\/www.arquimaster.com.ar\/web\/wp-content\/uploads\/2016\/03\/casa_cubo12-150x150.jpg 150w, https:\/\/www.arquimaster.com.ar\/web\/wp-content\/uploads\/2016\/03\/casa_cubo12-768x770.jpg 768w, https:\/\/www.arquimaster.com.ar\/web\/wp-content\/uploads\/2016\/03\/casa_cubo12-50x50.jpg 50w, https:\/\/www.arquimaster.com.ar\/web\/wp-content\/uploads\/2016\/03\/casa_cubo12-125x125.jpg 125w, https:\/\/www.arquimaster.com.ar\/web\/wp-content\/uploads\/2016\/03\/casa_cubo12.jpg 1022w\" sizes=\"auto, (max-width: 150px) 100vw, 150px\" \/><\/a>\n\t\t\t<\/div>\n\t\t\t\t<figcaption class='wp-caption-text gallery-caption' id='gallery-1-19790'>\n\t\t\t\tCasa Cubo \/ Agraz Arquitectos (\u00a9 Mito Covarrubias)\n\t\t\t\t<\/figcaption><\/figure><figure class='gallery-item'>\n\t\t\t<div class='gallery-icon landscape'>\n\t\t\t\t<a href='https:\/\/www.arquimaster.com.ar\/web\/wp-content\/uploads\/2016\/03\/casa_cubo13.jpg' title=\"Casa Cubo \/ Agraz Arquitectos (\u00a9 Mito Covarrubias)\" data-rl_title=\"Casa Cubo \/ Agraz Arquitectos (\u00a9 Mito Covarrubias)\" class=\"rl-gallery-link\" data-rl_caption=\"Casa Cubo \/ Agraz Arquitectos (\u00a9 Mito Covarrubias)\" data-rel=\"lightbox-gallery-1\"><img loading=\"lazy\" decoding=\"async\" width=\"150\" height=\"150\" src=\"https:\/\/www.arquimaster.com.ar\/web\/wp-content\/uploads\/2016\/03\/casa_cubo13-150x150.jpg\" class=\"attachment-thumbnail size-thumbnail\" alt=\"\" aria-describedby=\"gallery-1-19791\" srcset=\"https:\/\/www.arquimaster.com.ar\/web\/wp-content\/uploads\/2016\/03\/casa_cubo13-150x150.jpg 150w, https:\/\/www.arquimaster.com.ar\/web\/wp-content\/uploads\/2016\/03\/casa_cubo13.jpg 1024w, https:\/\/www.arquimaster.com.ar\/web\/wp-content\/uploads\/2016\/03\/casa_cubo13-768x768.jpg 768w, https:\/\/www.arquimaster.com.ar\/web\/wp-content\/uploads\/2016\/03\/casa_cubo13-50x50.jpg 50w, https:\/\/www.arquimaster.com.ar\/web\/wp-content\/uploads\/2016\/03\/casa_cubo13-125x125.jpg 125w\" sizes=\"auto, (max-width: 150px) 100vw, 150px\" \/><\/a>\n\t\t\t<\/div>\n\t\t\t\t<figcaption class='wp-caption-text gallery-caption' id='gallery-1-19791'>\n\t\t\t\tCasa Cubo \/ Agraz Arquitectos (\u00a9 Mito Covarrubias)\n\t\t\t\t<\/figcaption><\/figure><figure class='gallery-item'>\n\t\t\t<div class='gallery-icon landscape'>\n\t\t\t\t<a href='https:\/\/www.arquimaster.com.ar\/web\/wp-content\/uploads\/2016\/03\/casa_cubo14.jpg' title=\"Casa Cubo \/ Agraz Arquitectos (\u00a9 Mito Covarrubias)\" data-rl_title=\"Casa Cubo \/ Agraz Arquitectos (\u00a9 Mito Covarrubias)\" class=\"rl-gallery-link\" data-rl_caption=\"Casa Cubo \/ Agraz Arquitectos (\u00a9 Mito Covarrubias)\" data-rel=\"lightbox-gallery-1\"><img loading=\"lazy\" decoding=\"async\" width=\"150\" height=\"150\" src=\"https:\/\/www.arquimaster.com.ar\/web\/wp-content\/uploads\/2016\/03\/casa_cubo14-150x150.jpg\" class=\"attachment-thumbnail size-thumbnail\" alt=\"\" aria-describedby=\"gallery-1-19792\" srcset=\"https:\/\/www.arquimaster.com.ar\/web\/wp-content\/uploads\/2016\/03\/casa_cubo14-150x150.jpg 150w, https:\/\/www.arquimaster.com.ar\/web\/wp-content\/uploads\/2016\/03\/casa_cubo14-50x50.jpg 50w, https:\/\/www.arquimaster.com.ar\/web\/wp-content\/uploads\/2016\/03\/casa_cubo14-125x125.jpg 125w\" sizes=\"auto, (max-width: 150px) 100vw, 150px\" \/><\/a>\n\t\t\t<\/div>\n\t\t\t\t<figcaption class='wp-caption-text gallery-caption' id='gallery-1-19792'>\n\t\t\t\tCasa Cubo \/ Agraz Arquitectos (\u00a9 Mito Covarrubias)\n\t\t\t\t<\/figcaption><\/figure><figure class='gallery-item'>\n\t\t\t<div class='gallery-icon portrait'>\n\t\t\t\t<a href='https:\/\/www.arquimaster.com.ar\/web\/wp-content\/uploads\/2016\/03\/casa_cubo15.jpg' title=\"Casa Cubo \/ Agraz Arquitectos (\u00a9 Mito Covarrubias)\" data-rl_title=\"Casa Cubo \/ Agraz Arquitectos (\u00a9 Mito Covarrubias)\" class=\"rl-gallery-link\" data-rl_caption=\"Casa Cubo \/ Agraz Arquitectos (\u00a9 Mito Covarrubias)\" data-rel=\"lightbox-gallery-1\"><img loading=\"lazy\" decoding=\"async\" width=\"150\" height=\"150\" src=\"https:\/\/www.arquimaster.com.ar\/web\/wp-content\/uploads\/2016\/03\/casa_cubo15-150x150.jpg\" class=\"attachment-thumbnail size-thumbnail\" alt=\"\" aria-describedby=\"gallery-1-19793\" srcset=\"https:\/\/www.arquimaster.com.ar\/web\/wp-content\/uploads\/2016\/03\/casa_cubo15-150x150.jpg 150w, https:\/\/www.arquimaster.com.ar\/web\/wp-content\/uploads\/2016\/03\/casa_cubo15-50x50.jpg 50w, https:\/\/www.arquimaster.com.ar\/web\/wp-content\/uploads\/2016\/03\/casa_cubo15-125x125.jpg 125w\" sizes=\"auto, (max-width: 150px) 100vw, 150px\" \/><\/a>\n\t\t\t<\/div>\n\t\t\t\t<figcaption class='wp-caption-text gallery-caption' id='gallery-1-19793'>\n\t\t\t\tCasa Cubo \/ Agraz Arquitectos (\u00a9 Mito Covarrubias)\n\t\t\t\t<\/figcaption><\/figure><figure class='gallery-item'>\n\t\t\t<div class='gallery-icon landscape'>\n\t\t\t\t<a href='https:\/\/www.arquimaster.com.ar\/web\/wp-content\/uploads\/2016\/03\/casa_cubo16.jpg' title=\"Casa Cubo \/ Agraz Arquitectos (\u00a9 Mito Covarrubias)\" data-rl_title=\"Casa Cubo \/ Agraz Arquitectos (\u00a9 Mito Covarrubias)\" class=\"rl-gallery-link\" data-rl_caption=\"Casa Cubo \/ Agraz Arquitectos (\u00a9 Mito Covarrubias)\" data-rel=\"lightbox-gallery-1\"><img loading=\"lazy\" decoding=\"async\" width=\"150\" height=\"150\" src=\"https:\/\/www.arquimaster.com.ar\/web\/wp-content\/uploads\/2016\/03\/casa_cubo16-150x150.jpg\" class=\"attachment-thumbnail size-thumbnail\" alt=\"\" aria-describedby=\"gallery-1-19794\" srcset=\"https:\/\/www.arquimaster.com.ar\/web\/wp-content\/uploads\/2016\/03\/casa_cubo16-150x150.jpg 150w, https:\/\/www.arquimaster.com.ar\/web\/wp-content\/uploads\/2016\/03\/casa_cubo16.jpg 1024w, https:\/\/www.arquimaster.com.ar\/web\/wp-content\/uploads\/2016\/03\/casa_cubo16-768x768.jpg 768w, https:\/\/www.arquimaster.com.ar\/web\/wp-content\/uploads\/2016\/03\/casa_cubo16-50x50.jpg 50w, https:\/\/www.arquimaster.com.ar\/web\/wp-content\/uploads\/2016\/03\/casa_cubo16-125x125.jpg 125w\" sizes=\"auto, (max-width: 150px) 100vw, 150px\" \/><\/a>\n\t\t\t<\/div>\n\t\t\t\t<figcaption class='wp-caption-text gallery-caption' id='gallery-1-19794'>\n\t\t\t\tCasa Cubo \/ Agraz Arquitectos (\u00a9 Mito Covarrubias)\n\t\t\t\t<\/figcaption><\/figure><figure class='gallery-item'>\n\t\t\t<div class='gallery-icon landscape'>\n\t\t\t\t<a href='https:\/\/www.arquimaster.com.ar\/web\/wp-content\/uploads\/2016\/03\/casa_cubo17.jpg' title=\"Casa Cubo \/ Agraz Arquitectos (\u00a9 Mito Covarrubias)\" data-rl_title=\"Casa Cubo \/ Agraz Arquitectos (\u00a9 Mito Covarrubias)\" class=\"rl-gallery-link\" data-rl_caption=\"Casa Cubo \/ Agraz Arquitectos (\u00a9 Mito Covarrubias)\" data-rel=\"lightbox-gallery-1\"><img loading=\"lazy\" decoding=\"async\" width=\"150\" height=\"150\" src=\"https:\/\/www.arquimaster.com.ar\/web\/wp-content\/uploads\/2016\/03\/casa_cubo17-150x150.jpg\" class=\"attachment-thumbnail size-thumbnail\" alt=\"\" aria-describedby=\"gallery-1-19795\" srcset=\"https:\/\/www.arquimaster.com.ar\/web\/wp-content\/uploads\/2016\/03\/casa_cubo17-150x150.jpg 150w, https:\/\/www.arquimaster.com.ar\/web\/wp-content\/uploads\/2016\/03\/casa_cubo17.jpg 1024w, https:\/\/www.arquimaster.com.ar\/web\/wp-content\/uploads\/2016\/03\/casa_cubo17-768x768.jpg 768w, https:\/\/www.arquimaster.com.ar\/web\/wp-content\/uploads\/2016\/03\/casa_cubo17-50x50.jpg 50w, https:\/\/www.arquimaster.com.ar\/web\/wp-content\/uploads\/2016\/03\/casa_cubo17-125x125.jpg 125w\" sizes=\"auto, (max-width: 150px) 100vw, 150px\" \/><\/a>\n\t\t\t<\/div>\n\t\t\t\t<figcaption class='wp-caption-text gallery-caption' id='gallery-1-19795'>\n\t\t\t\tCasa Cubo \/ Agraz Arquitectos (\u00a9 Mito Covarrubias)\n\t\t\t\t<\/figcaption><\/figure><figure class='gallery-item'>\n\t\t\t<div class='gallery-icon landscape'>\n\t\t\t\t<a href='https:\/\/www.arquimaster.com.ar\/web\/wp-content\/uploads\/2016\/03\/casa_cubo18.jpg' title=\"Casa Cubo \/ Agraz Arquitectos (\u00a9 Mito Covarrubias)\" data-rl_title=\"Casa Cubo \/ Agraz Arquitectos (\u00a9 Mito Covarrubias)\" class=\"rl-gallery-link\" data-rl_caption=\"Casa Cubo \/ Agraz Arquitectos (\u00a9 Mito Covarrubias)\" data-rel=\"lightbox-gallery-1\"><img loading=\"lazy\" decoding=\"async\" width=\"150\" height=\"150\" src=\"https:\/\/www.arquimaster.com.ar\/web\/wp-content\/uploads\/2016\/03\/casa_cubo18-150x150.jpg\" class=\"attachment-thumbnail size-thumbnail\" alt=\"\" aria-describedby=\"gallery-1-19796\" srcset=\"https:\/\/www.arquimaster.com.ar\/web\/wp-content\/uploads\/2016\/03\/casa_cubo18-150x150.jpg 150w, https:\/\/www.arquimaster.com.ar\/web\/wp-content\/uploads\/2016\/03\/casa_cubo18-50x50.jpg 50w, https:\/\/www.arquimaster.com.ar\/web\/wp-content\/uploads\/2016\/03\/casa_cubo18-125x125.jpg 125w\" sizes=\"auto, (max-width: 150px) 100vw, 150px\" \/><\/a>\n\t\t\t<\/div>\n\t\t\t\t<figcaption class='wp-caption-text gallery-caption' id='gallery-1-19796'>\n\t\t\t\tCasa Cubo \/ Agraz Arquitectos (\u00a9 Mito Covarrubias)\n\t\t\t\t<\/figcaption><\/figure><figure class='gallery-item'>\n\t\t\t<div class='gallery-icon landscape'>\n\t\t\t\t<a href='https:\/\/www.arquimaster.com.ar\/web\/wp-content\/uploads\/2016\/03\/casa_cubo19.jpg' title=\"Casa Cubo \/ Agraz Arquitectos (\u00a9 Mito Covarrubias)\" data-rl_title=\"Casa Cubo \/ Agraz Arquitectos (\u00a9 Mito Covarrubias)\" class=\"rl-gallery-link\" data-rl_caption=\"Casa Cubo \/ Agraz Arquitectos (\u00a9 Mito Covarrubias)\" data-rel=\"lightbox-gallery-1\"><img loading=\"lazy\" decoding=\"async\" width=\"150\" height=\"150\" src=\"https:\/\/www.arquimaster.com.ar\/web\/wp-content\/uploads\/2016\/03\/casa_cubo19-150x150.jpg\" class=\"attachment-thumbnail size-thumbnail\" alt=\"\" aria-describedby=\"gallery-1-19797\" srcset=\"https:\/\/www.arquimaster.com.ar\/web\/wp-content\/uploads\/2016\/03\/casa_cubo19-150x150.jpg 150w, https:\/\/www.arquimaster.com.ar\/web\/wp-content\/uploads\/2016\/03\/casa_cubo19.jpg 1024w, https:\/\/www.arquimaster.com.ar\/web\/wp-content\/uploads\/2016\/03\/casa_cubo19-768x768.jpg 768w, https:\/\/www.arquimaster.com.ar\/web\/wp-content\/uploads\/2016\/03\/casa_cubo19-50x50.jpg 50w, https:\/\/www.arquimaster.com.ar\/web\/wp-content\/uploads\/2016\/03\/casa_cubo19-125x125.jpg 125w\" sizes=\"auto, (max-width: 150px) 100vw, 150px\" \/><\/a>\n\t\t\t<\/div>\n\t\t\t\t<figcaption class='wp-caption-text gallery-caption' id='gallery-1-19797'>\n\t\t\t\tCasa Cubo \/ Agraz Arquitectos (\u00a9 Mito Covarrubias)\n\t\t\t\t<\/figcaption><\/figure><figure class='gallery-item'>\n\t\t\t<div class='gallery-icon landscape'>\n\t\t\t\t<a href='https:\/\/www.arquimaster.com.ar\/web\/wp-content\/uploads\/2016\/03\/casa_cubo20.jpg' title=\"Casa Cubo \/ Agraz Arquitectos (\u00a9 Mito Covarrubias)\" data-rl_title=\"Casa Cubo \/ Agraz Arquitectos (\u00a9 Mito Covarrubias)\" class=\"rl-gallery-link\" data-rl_caption=\"Casa Cubo \/ Agraz Arquitectos (\u00a9 Mito Covarrubias)\" data-rel=\"lightbox-gallery-1\"><img loading=\"lazy\" decoding=\"async\" width=\"150\" height=\"150\" src=\"https:\/\/www.arquimaster.com.ar\/web\/wp-content\/uploads\/2016\/03\/casa_cubo20-150x150.jpg\" class=\"attachment-thumbnail size-thumbnail\" alt=\"\" aria-describedby=\"gallery-1-19798\" srcset=\"https:\/\/www.arquimaster.com.ar\/web\/wp-content\/uploads\/2016\/03\/casa_cubo20-150x150.jpg 150w, https:\/\/www.arquimaster.com.ar\/web\/wp-content\/uploads\/2016\/03\/casa_cubo20.jpg 1024w, https:\/\/www.arquimaster.com.ar\/web\/wp-content\/uploads\/2016\/03\/casa_cubo20-768x768.jpg 768w, https:\/\/www.arquimaster.com.ar\/web\/wp-content\/uploads\/2016\/03\/casa_cubo20-50x50.jpg 50w, https:\/\/www.arquimaster.com.ar\/web\/wp-content\/uploads\/2016\/03\/casa_cubo20-125x125.jpg 125w\" sizes=\"auto, (max-width: 150px) 100vw, 150px\" \/><\/a>\n\t\t\t<\/div>\n\t\t\t\t<figcaption class='wp-caption-text gallery-caption' id='gallery-1-19798'>\n\t\t\t\tCasa Cubo \/ Agraz Arquitectos (\u00a9 Mito Covarrubias)\n\t\t\t\t<\/figcaption><\/figure><figure class='gallery-item'>\n\t\t\t<div class='gallery-icon landscape'>\n\t\t\t\t<a href='https:\/\/www.arquimaster.com.ar\/web\/wp-content\/uploads\/2016\/03\/casa_cubo21.jpg' title=\"Casa Cubo \/ Agraz Arquitectos (\u00a9 Mito Covarrubias)\" data-rl_title=\"Casa Cubo \/ Agraz Arquitectos (\u00a9 Mito Covarrubias)\" class=\"rl-gallery-link\" data-rl_caption=\"Casa Cubo \/ Agraz Arquitectos (\u00a9 Mito Covarrubias)\" data-rel=\"lightbox-gallery-1\"><img loading=\"lazy\" decoding=\"async\" width=\"150\" height=\"150\" src=\"https:\/\/www.arquimaster.com.ar\/web\/wp-content\/uploads\/2016\/03\/casa_cubo21-150x150.jpg\" class=\"attachment-thumbnail size-thumbnail\" alt=\"\" aria-describedby=\"gallery-1-19799\" srcset=\"https:\/\/www.arquimaster.com.ar\/web\/wp-content\/uploads\/2016\/03\/casa_cubo21-150x150.jpg 150w, https:\/\/www.arquimaster.com.ar\/web\/wp-content\/uploads\/2016\/03\/casa_cubo21.jpg 1024w, https:\/\/www.arquimaster.com.ar\/web\/wp-content\/uploads\/2016\/03\/casa_cubo21-768x768.jpg 768w, https:\/\/www.arquimaster.com.ar\/web\/wp-content\/uploads\/2016\/03\/casa_cubo21-50x50.jpg 50w, https:\/\/www.arquimaster.com.ar\/web\/wp-content\/uploads\/2016\/03\/casa_cubo21-125x125.jpg 125w\" sizes=\"auto, (max-width: 150px) 100vw, 150px\" \/><\/a>\n\t\t\t<\/div>\n\t\t\t\t<figcaption class='wp-caption-text gallery-caption' id='gallery-1-19799'>\n\t\t\t\tCasa Cubo \/ Agraz Arquitectos (\u00a9 Mito Covarrubias)\n\t\t\t\t<\/figcaption><\/figure><figure class='gallery-item'>\n\t\t\t<div class='gallery-icon landscape'>\n\t\t\t\t<a href='https:\/\/www.arquimaster.com.ar\/web\/wp-content\/uploads\/2016\/03\/casa_cubo22.jpg' title=\"Casa Cubo \/ Agraz Arquitectos (planta baja)\" data-rl_title=\"Casa Cubo \/ Agraz Arquitectos (planta baja)\" class=\"rl-gallery-link\" data-rl_caption=\"Casa Cubo \/ Agraz Arquitectos (planta baja)\" data-rel=\"lightbox-gallery-1\"><img loading=\"lazy\" decoding=\"async\" width=\"150\" height=\"150\" src=\"https:\/\/www.arquimaster.com.ar\/web\/wp-content\/uploads\/2016\/03\/casa_cubo22-150x150.jpg\" class=\"attachment-thumbnail size-thumbnail\" alt=\"\" aria-describedby=\"gallery-1-19800\" srcset=\"https:\/\/www.arquimaster.com.ar\/web\/wp-content\/uploads\/2016\/03\/casa_cubo22-150x150.jpg 150w, https:\/\/www.arquimaster.com.ar\/web\/wp-content\/uploads\/2016\/03\/casa_cubo22-50x50.jpg 50w, https:\/\/www.arquimaster.com.ar\/web\/wp-content\/uploads\/2016\/03\/casa_cubo22-125x125.jpg 125w\" sizes=\"auto, (max-width: 150px) 100vw, 150px\" \/><\/a>\n\t\t\t<\/div>\n\t\t\t\t<figcaption class='wp-caption-text gallery-caption' id='gallery-1-19800'>\n\t\t\t\tCasa Cubo \/ Agraz Arquitectos (planta baja)\n\t\t\t\t<\/figcaption><\/figure><figure class='gallery-item'>\n\t\t\t<div class='gallery-icon landscape'>\n\t\t\t\t<a href='https:\/\/www.arquimaster.com.ar\/web\/wp-content\/uploads\/2016\/03\/casa_cubo23.jpg' title=\"Casa Cubo \/ Agraz Arquitectos (planta alta)\" data-rl_title=\"Casa Cubo \/ Agraz Arquitectos (planta alta)\" class=\"rl-gallery-link\" data-rl_caption=\"Casa Cubo \/ Agraz Arquitectos (planta alta)\" data-rel=\"lightbox-gallery-1\"><img loading=\"lazy\" decoding=\"async\" width=\"150\" height=\"150\" src=\"https:\/\/www.arquimaster.com.ar\/web\/wp-content\/uploads\/2016\/03\/casa_cubo23-150x150.jpg\" class=\"attachment-thumbnail size-thumbnail\" alt=\"\" aria-describedby=\"gallery-1-19801\" srcset=\"https:\/\/www.arquimaster.com.ar\/web\/wp-content\/uploads\/2016\/03\/casa_cubo23-150x150.jpg 150w, https:\/\/www.arquimaster.com.ar\/web\/wp-content\/uploads\/2016\/03\/casa_cubo23-50x50.jpg 50w, https:\/\/www.arquimaster.com.ar\/web\/wp-content\/uploads\/2016\/03\/casa_cubo23-125x125.jpg 125w\" sizes=\"auto, (max-width: 150px) 100vw, 150px\" \/><\/a>\n\t\t\t<\/div>\n\t\t\t\t<figcaption class='wp-caption-text gallery-caption' id='gallery-1-19801'>\n\t\t\t\tCasa Cubo \/ Agraz Arquitectos (planta alta)\n\t\t\t\t<\/figcaption><\/figure><figure class='gallery-item'>\n\t\t\t<div class='gallery-icon landscape'>\n\t\t\t\t<a href='https:\/\/www.arquimaster.com.ar\/web\/wp-content\/uploads\/2016\/03\/casa_cubo24.jpg' title=\"Casa Cubo \/ Agraz Arquitectos (planta sotano)\" data-rl_title=\"Casa Cubo \/ Agraz Arquitectos (planta sotano)\" class=\"rl-gallery-link\" data-rl_caption=\"Casa Cubo \/ Agraz Arquitectos (planta sotano)\" data-rel=\"lightbox-gallery-1\"><img loading=\"lazy\" decoding=\"async\" width=\"150\" height=\"150\" src=\"https:\/\/www.arquimaster.com.ar\/web\/wp-content\/uploads\/2016\/03\/casa_cubo24-150x150.jpg\" class=\"attachment-thumbnail size-thumbnail\" alt=\"\" aria-describedby=\"gallery-1-19802\" srcset=\"https:\/\/www.arquimaster.com.ar\/web\/wp-content\/uploads\/2016\/03\/casa_cubo24-150x150.jpg 150w, https:\/\/www.arquimaster.com.ar\/web\/wp-content\/uploads\/2016\/03\/casa_cubo24-50x50.jpg 50w, https:\/\/www.arquimaster.com.ar\/web\/wp-content\/uploads\/2016\/03\/casa_cubo24-125x125.jpg 125w\" sizes=\"auto, (max-width: 150px) 100vw, 150px\" \/><\/a>\n\t\t\t<\/div>\n\t\t\t\t<figcaption class='wp-caption-text gallery-caption' id='gallery-1-19802'>\n\t\t\t\tCasa Cubo \/ Agraz Arquitectos (planta sotano)\n\t\t\t\t<\/figcaption><\/figure><figure class='gallery-item'>\n\t\t\t<div class='gallery-icon landscape'>\n\t\t\t\t<a href='https:\/\/www.arquimaster.com.ar\/web\/wp-content\/uploads\/2016\/03\/casa_cubo25.jpg' title=\"Casa Cubo \/ Agraz Arquitectos (corte)\" data-rl_title=\"Casa Cubo \/ Agraz Arquitectos (corte)\" class=\"rl-gallery-link\" data-rl_caption=\"Casa Cubo \/ Agraz Arquitectos (corte)\" data-rel=\"lightbox-gallery-1\"><img loading=\"lazy\" decoding=\"async\" width=\"150\" height=\"150\" src=\"https:\/\/www.arquimaster.com.ar\/web\/wp-content\/uploads\/2016\/03\/casa_cubo25-150x150.jpg\" class=\"attachment-thumbnail size-thumbnail\" alt=\"\" aria-describedby=\"gallery-1-19803\" srcset=\"https:\/\/www.arquimaster.com.ar\/web\/wp-content\/uploads\/2016\/03\/casa_cubo25-150x150.jpg 150w, https:\/\/www.arquimaster.com.ar\/web\/wp-content\/uploads\/2016\/03\/casa_cubo25-50x50.jpg 50w, https:\/\/www.arquimaster.com.ar\/web\/wp-content\/uploads\/2016\/03\/casa_cubo25-125x125.jpg 125w\" sizes=\"auto, (max-width: 150px) 100vw, 150px\" \/><\/a>\n\t\t\t<\/div>\n\t\t\t\t<figcaption class='wp-caption-text gallery-caption' id='gallery-1-19803'>\n\t\t\t\tCasa Cubo \/ Agraz Arquitectos (corte)\n\t\t\t\t<\/figcaption><\/figure><figure class='gallery-item'>\n\t\t\t<div class='gallery-icon landscape'>\n\t\t\t\t<a href='https:\/\/www.arquimaster.com.ar\/web\/wp-content\/uploads\/2016\/03\/casa_cubo26.jpg' title=\"Casa Cubo \/ Agraz Arquitectos (vista frente)\" data-rl_title=\"Casa Cubo \/ Agraz Arquitectos (vista frente)\" class=\"rl-gallery-link\" data-rl_caption=\"Casa Cubo \/ Agraz Arquitectos (vista frente)\" data-rel=\"lightbox-gallery-1\"><img loading=\"lazy\" decoding=\"async\" width=\"150\" height=\"150\" src=\"https:\/\/www.arquimaster.com.ar\/web\/wp-content\/uploads\/2016\/03\/casa_cubo26-150x150.jpg\" class=\"attachment-thumbnail size-thumbnail\" alt=\"\" aria-describedby=\"gallery-1-19804\" srcset=\"https:\/\/www.arquimaster.com.ar\/web\/wp-content\/uploads\/2016\/03\/casa_cubo26-150x150.jpg 150w, https:\/\/www.arquimaster.com.ar\/web\/wp-content\/uploads\/2016\/03\/casa_cubo26-50x50.jpg 50w, https:\/\/www.arquimaster.com.ar\/web\/wp-content\/uploads\/2016\/03\/casa_cubo26-125x125.jpg 125w\" sizes=\"auto, (max-width: 150px) 100vw, 150px\" \/><\/a>\n\t\t\t<\/div>\n\t\t\t\t<figcaption class='wp-caption-text gallery-caption' id='gallery-1-19804'>\n\t\t\t\tCasa Cubo \/ Agraz Arquitectos (vista frente)\n\t\t\t\t<\/figcaption><\/figure><figure class='gallery-item'>\n\t\t\t<div class='gallery-icon landscape'>\n\t\t\t\t<a href='https:\/\/www.arquimaster.com.ar\/web\/wp-content\/uploads\/2016\/03\/casa_cubo27.jpg' title=\"Casa Cubo \/ Agraz Arquitectos (vista contrafrente)\" data-rl_title=\"Casa Cubo \/ Agraz Arquitectos (vista contrafrente)\" class=\"rl-gallery-link\" data-rl_caption=\"Casa Cubo \/ Agraz Arquitectos (vista contrafrente)\" data-rel=\"lightbox-gallery-1\"><img loading=\"lazy\" decoding=\"async\" width=\"150\" height=\"150\" src=\"https:\/\/www.arquimaster.com.ar\/web\/wp-content\/uploads\/2016\/03\/casa_cubo27-150x150.jpg\" class=\"attachment-thumbnail size-thumbnail\" alt=\"\" aria-describedby=\"gallery-1-19805\" srcset=\"https:\/\/www.arquimaster.com.ar\/web\/wp-content\/uploads\/2016\/03\/casa_cubo27-150x150.jpg 150w, https:\/\/www.arquimaster.com.ar\/web\/wp-content\/uploads\/2016\/03\/casa_cubo27-50x50.jpg 50w, https:\/\/www.arquimaster.com.ar\/web\/wp-content\/uploads\/2016\/03\/casa_cubo27-125x125.jpg 125w\" sizes=\"auto, (max-width: 150px) 100vw, 150px\" \/><\/a>\n\t\t\t<\/div>\n\t\t\t\t<figcaption class='wp-caption-text gallery-caption' id='gallery-1-19805'>\n\t\t\t\tCasa Cubo \/ Agraz Arquitectos (vista contrafrente)\n\t\t\t\t<\/figcaption><\/figure><figure class='gallery-item'>\n\t\t\t<div class='gallery-icon landscape'>\n\t\t\t\t<a href='https:\/\/www.arquimaster.com.ar\/web\/wp-content\/uploads\/2016\/03\/casa_cubo28.jpg' title=\"Casa Cubo \/ Agraz Arquitectos (referencias)\" data-rl_title=\"Casa Cubo \/ Agraz Arquitectos (referencias)\" class=\"rl-gallery-link\" data-rl_caption=\"Casa Cubo \/ Agraz Arquitectos (referencias)\" data-rel=\"lightbox-gallery-1\"><img loading=\"lazy\" decoding=\"async\" width=\"150\" height=\"150\" src=\"https:\/\/www.arquimaster.com.ar\/web\/wp-content\/uploads\/2016\/03\/casa_cubo28-150x150.jpg\" class=\"attachment-thumbnail size-thumbnail\" alt=\"\" aria-describedby=\"gallery-1-19806\" srcset=\"https:\/\/www.arquimaster.com.ar\/web\/wp-content\/uploads\/2016\/03\/casa_cubo28-150x150.jpg 150w, https:\/\/www.arquimaster.com.ar\/web\/wp-content\/uploads\/2016\/03\/casa_cubo28-50x50.jpg 50w, https:\/\/www.arquimaster.com.ar\/web\/wp-content\/uploads\/2016\/03\/casa_cubo28-125x125.jpg 125w\" sizes=\"auto, (max-width: 150px) 100vw, 150px\" \/><\/a>\n\t\t\t<\/div>\n\t\t\t\t<figcaption class='wp-caption-text gallery-caption' id='gallery-1-19806'>\n\t\t\t\tCasa Cubo \/ Agraz Arquitectos (referencias)\n\t\t\t\t<\/figcaption><\/figure>\n\t\t<\/div>\n\n<p>El terreno se inclina hacia el Norte con interesantes vistas a una ca\u00f1ada en una continua sucesi\u00f3n de horizontes, por ello el partido se apodera de la parte m\u00e1s alta de la colina.<\/p>\n<p>Esta disposici\u00f3n permite ordenar los recintos de una manera natural, es decir, emulando la manera como la naturaleza hubiera resuelto esta necesidad.<\/p>\n<p>La soluci\u00f3n busca respetar la ladera al m\u00e1ximo, promoviendo una arquitectura que nace de la tierra, -existen casi 15 metros de desnivel en el sentido longitudinal del terreno-.<\/p>\n<p>Esta pendiente natural con sus irregularidades y arrugas sugiri\u00f3 posar las \u00e1reas p\u00fablicas de la casa sobre la cota m\u00e1s alta y reservar la topograf\u00eda baja para las zonas privadas del programa, es decir, la soluci\u00f3n propone habitar el accidente topogr\u00e1fico.<\/p>\n<p>En la planta baja a nivel de calle, se ubican: cocheras, acceso, estancia, comedor, terraza y cocina, logrando la convivencia del acceso con la vida p\u00fablica en el mismo nivel.<\/p>\n<p>Es aqu\u00ed donde ocurre el ideario de la gran urna, un gran espacio a doble altura como garant\u00eda para la contemplaci\u00f3n de la naturaleza que se expresa al exterior como un gran cubo que vuela sobre la colina.<\/p>\n<p>En la planta inferior, las rec\u00e1maras y un peque\u00f1o estar se apropian del jard\u00edn y usan como resguardo la profundidad del terreno.<\/p>\n<p>Abajo, la cueva como refugio, el espacio para la protecci\u00f3n, donde las rec\u00e1maras y la vida \u00edntima encuentran su lugar habitando en tranquilidad con la mirada puesta en el jard\u00edn que se va perdiendo mientras la casa se eleva para alcanzar su plenitud exterior en sendas terrazas que alimentan el imaginario de la vivienda como un lugar propio, dominado y protector.<\/p>\n<p>El fin \u00faltimo de esta casa es ser una traducci\u00f3n literal de la idea de casa tect\u00f3nica sobre la casa estereot\u00f3mica como una destilaci\u00f3n de lo m\u00e1s esencial de la arquitectura. Una vez m\u00e1s \u00abel m\u00e1s con menos\u00bb.<\/p>\n<p>Texto por Ana Guerrerosantos<\/p>\n<p><strong>Ficha tecnica<\/strong><br \/>\nNombre: Casa Cubo<br \/>\nUbicaci\u00f3n: Fraccionamiento Lomas del Valle, Zapopan, Jalisco, Mexico<br \/>\nAutores: Agraz Arquitectos SC. Ricardo Agraz<br \/>\nColaboradores: Beatriz Ram\u00edrez, Alberto Tacher, Sara Tamez, Efra\u00edn Aguirre<br \/>\nConstrucci\u00f3n: Ing. Juan Carlos S\u00e1inz<br \/>\nCarpinter\u00eda: Esteban Guti\u00e9rrez<br \/>\nIluminaci\u00f3n: Construlita, Sergio Talanc\u00f3n<br \/>\nPintura: Coral D\u00edaz<br \/>\nInteriores: Scandinavian Design<br \/>\nArte: Arq. H\u00e9ctor Navarro<br \/>\n\u00c1rea terreno: 779.50 m2<br \/>\n\u00c1rea construida: 612 m2<br \/>\nFecha de proyecto: 2005<br \/>\nFecha de obra: 2006<br \/>\nFotograf\u00eda: Mito Covarrubias<\/p>\n<p><strong>Contacto:<\/strong> <a href=\"http:\/\/www.agrazarquitectos.com\" target=\"_blank\">http:\/\/www.agrazarquitectos.com<\/a><\/p>\n\n<div style=\"font-size: 0px; height: 0px; line-height: 0px; margin: 0; padding: 0; clear: both;\"><\/div><div style=\"margin-top: 0px; margin-bottom: 0px;\" class=\"sharethis-inline-share-buttons\" ><\/div>","protected":false},"excerpt":{"rendered":"<p>La casa cubo vac\u00eda su interior para volcarse y compenetrarse al sitio con su ingravidez&#8230;<\/p>\n","protected":false},"author":1,"featured_media":19778,"comment_status":"closed","ping_status":"closed","sticky":false,"template":"","format":"standard","meta":{"_uag_custom_page_level_css":"","footnotes":""},"categories":[1,83],"tags":[2500,1052,2502,254,2612],"class_list":["post-19777","post","type-post","status-publish","format-standard","has-post-thumbnail","hentry","category-proyecto","category-vivienda-unifamiliar","tag-agraz-arquitectos","tag-jalisco","tag-ricardo-agraz","tag-vivienda-unifamiliar-2","tag-zapopan","generate-columns","tablet-grid-50","mobile-grid-100","grid-parent","grid-50"],"yoast_head":"<!-- This site is optimized with the Yoast SEO plugin v27.3 - https:\/\/yoast.com\/product\/yoast-seo-wordpress\/ -->\n<title>Casa Cubo \/ Agraz Arquitectos - Arquimaster<\/title>\n<meta name=\"robots\" content=\"index, follow, max-snippet:-1, max-image-preview:large, max-video-preview:-1\" \/>\n<link rel=\"canonical\" href=\"https:\/\/www.arquimaster.com.ar\/web\/casa-cubo-agraz-arquitectos\/\" \/>\n<meta property=\"og:locale\" content=\"es_ES\" \/>\n<meta property=\"og:type\" content=\"article\" \/>\n<meta property=\"og:title\" content=\"Casa Cubo \/ Agraz Arquitectos - Arquimaster\" \/>\n<meta property=\"og:description\" content=\"La casa cubo vac\u00eda su interior para volcarse y compenetrarse al sitio con su ingravidez...\" \/>\n<meta property=\"og:url\" content=\"https:\/\/www.arquimaster.com.ar\/web\/casa-cubo-agraz-arquitectos\/\" \/>\n<meta property=\"og:site_name\" content=\"Arquimaster\" \/>\n<meta property=\"article:publisher\" content=\"http:\/\/www.facebook.com\/ARQUIMASTER.com.ar\" \/>\n<meta property=\"article:published_time\" content=\"2016-03-18T02:09:10+00:00\" \/>\n<meta property=\"article:modified_time\" content=\"2016-03-21T02:22:29+00:00\" \/>\n<meta property=\"og:image\" content=\"https:\/\/www.arquimaster.com.ar\/web\/wp-content\/uploads\/2016\/03\/casa_cubo_slide.jpg\" \/>\n\t<meta property=\"og:image:width\" content=\"642\" \/>\n\t<meta property=\"og:image:height\" content=\"336\" \/>\n\t<meta property=\"og:image:type\" content=\"image\/jpeg\" \/>\n<meta name=\"author\" content=\"Arquimaster\" \/>\n<meta name=\"twitter:card\" content=\"summary_large_image\" \/>\n<meta name=\"twitter:creator\" content=\"@arquimaster\" \/>\n<meta name=\"twitter:site\" content=\"@arquimaster\" \/>\n<meta name=\"twitter:label1\" content=\"Escrito por\" \/>\n\t<meta name=\"twitter:data1\" content=\"Arquimaster\" \/>\n\t<meta name=\"twitter:label2\" content=\"Tiempo de lectura\" \/>\n\t<meta name=\"twitter:data2\" content=\"2 minutos\" \/>\n<script type=\"application\/ld+json\" class=\"yoast-schema-graph\">{\"@context\":\"https:\\\/\\\/schema.org\",\"@graph\":[{\"@type\":\"Article\",\"@id\":\"https:\\\/\\\/www.arquimaster.com.ar\\\/web\\\/casa-cubo-agraz-arquitectos\\\/#article\",\"isPartOf\":{\"@id\":\"https:\\\/\\\/www.arquimaster.com.ar\\\/web\\\/casa-cubo-agraz-arquitectos\\\/\"},\"author\":{\"name\":\"Arquimaster\",\"@id\":\"https:\\\/\\\/www.arquimaster.com.ar\\\/web\\\/#\\\/schema\\\/person\\\/359e9f7c00193fcde068e0dd2ceb0028\"},\"headline\":\"Casa Cubo \\\/ Agraz Arquitectos\",\"datePublished\":\"2016-03-18T02:09:10+00:00\",\"dateModified\":\"2016-03-21T02:22:29+00:00\",\"mainEntityOfPage\":{\"@id\":\"https:\\\/\\\/www.arquimaster.com.ar\\\/web\\\/casa-cubo-agraz-arquitectos\\\/\"},\"wordCount\":492,\"publisher\":{\"@id\":\"https:\\\/\\\/www.arquimaster.com.ar\\\/web\\\/#organization\"},\"image\":{\"@id\":\"https:\\\/\\\/www.arquimaster.com.ar\\\/web\\\/casa-cubo-agraz-arquitectos\\\/#primaryimage\"},\"thumbnailUrl\":\"https:\\\/\\\/www.arquimaster.com.ar\\\/web\\\/wp-content\\\/uploads\\\/2016\\\/03\\\/casa_cubo_slide.jpg\",\"keywords\":[\"Agraz Arquitectos\",\"Jalisco\",\"Ricardo Agraz\",\"vivienda unifamiliar\",\"Zapopan\"],\"articleSection\":[\"Proyecto\",\"Vivienda unifamiliar y PH\"],\"inLanguage\":\"es\"},{\"@type\":\"WebPage\",\"@id\":\"https:\\\/\\\/www.arquimaster.com.ar\\\/web\\\/casa-cubo-agraz-arquitectos\\\/\",\"url\":\"https:\\\/\\\/www.arquimaster.com.ar\\\/web\\\/casa-cubo-agraz-arquitectos\\\/\",\"name\":\"Casa Cubo \\\/ Agraz Arquitectos - Arquimaster\",\"isPartOf\":{\"@id\":\"https:\\\/\\\/www.arquimaster.com.ar\\\/web\\\/#website\"},\"primaryImageOfPage\":{\"@id\":\"https:\\\/\\\/www.arquimaster.com.ar\\\/web\\\/casa-cubo-agraz-arquitectos\\\/#primaryimage\"},\"image\":{\"@id\":\"https:\\\/\\\/www.arquimaster.com.ar\\\/web\\\/casa-cubo-agraz-arquitectos\\\/#primaryimage\"},\"thumbnailUrl\":\"https:\\\/\\\/www.arquimaster.com.ar\\\/web\\\/wp-content\\\/uploads\\\/2016\\\/03\\\/casa_cubo_slide.jpg\",\"datePublished\":\"2016-03-18T02:09:10+00:00\",\"dateModified\":\"2016-03-21T02:22:29+00:00\",\"breadcrumb\":{\"@id\":\"https:\\\/\\\/www.arquimaster.com.ar\\\/web\\\/casa-cubo-agraz-arquitectos\\\/#breadcrumb\"},\"inLanguage\":\"es\",\"potentialAction\":[{\"@type\":\"ReadAction\",\"target\":[\"https:\\\/\\\/www.arquimaster.com.ar\\\/web\\\/casa-cubo-agraz-arquitectos\\\/\"]}]},{\"@type\":\"ImageObject\",\"inLanguage\":\"es\",\"@id\":\"https:\\\/\\\/www.arquimaster.com.ar\\\/web\\\/casa-cubo-agraz-arquitectos\\\/#primaryimage\",\"url\":\"https:\\\/\\\/www.arquimaster.com.ar\\\/web\\\/wp-content\\\/uploads\\\/2016\\\/03\\\/casa_cubo_slide.jpg\",\"contentUrl\":\"https:\\\/\\\/www.arquimaster.com.ar\\\/web\\\/wp-content\\\/uploads\\\/2016\\\/03\\\/casa_cubo_slide.jpg\",\"width\":642,\"height\":336},{\"@type\":\"BreadcrumbList\",\"@id\":\"https:\\\/\\\/www.arquimaster.com.ar\\\/web\\\/casa-cubo-agraz-arquitectos\\\/#breadcrumb\",\"itemListElement\":[{\"@type\":\"ListItem\",\"position\":1,\"name\":\"Portada\",\"item\":\"https:\\\/\\\/www.arquimaster.com.ar\\\/web\\\/\"},{\"@type\":\"ListItem\",\"position\":2,\"name\":\"Casa Cubo \\\/ Agraz Arquitectos\"}]},{\"@type\":\"WebSite\",\"@id\":\"https:\\\/\\\/www.arquimaster.com.ar\\\/web\\\/#website\",\"url\":\"https:\\\/\\\/www.arquimaster.com.ar\\\/web\\\/\",\"name\":\"Arquimaster\",\"description\":\"Web de arquitectura, dise\u00f1o y construccion\",\"publisher\":{\"@id\":\"https:\\\/\\\/www.arquimaster.com.ar\\\/web\\\/#organization\"},\"potentialAction\":[{\"@type\":\"SearchAction\",\"target\":{\"@type\":\"EntryPoint\",\"urlTemplate\":\"https:\\\/\\\/www.arquimaster.com.ar\\\/web\\\/?s={search_term_string}\"},\"query-input\":{\"@type\":\"PropertyValueSpecification\",\"valueRequired\":true,\"valueName\":\"search_term_string\"}}],\"inLanguage\":\"es\"},{\"@type\":\"Organization\",\"@id\":\"https:\\\/\\\/www.arquimaster.com.ar\\\/web\\\/#organization\",\"name\":\"Arquimaster\",\"url\":\"https:\\\/\\\/www.arquimaster.com.ar\\\/web\\\/\",\"logo\":{\"@type\":\"ImageObject\",\"inLanguage\":\"es\",\"@id\":\"https:\\\/\\\/www.arquimaster.com.ar\\\/web\\\/#\\\/schema\\\/logo\\\/image\\\/\",\"url\":\"https:\\\/\\\/www.arquimaster.com.ar\\\/web\\\/wp-content\\\/uploads\\\/2022\\\/06\\\/arquimaster.png\",\"contentUrl\":\"https:\\\/\\\/www.arquimaster.com.ar\\\/web\\\/wp-content\\\/uploads\\\/2022\\\/06\\\/arquimaster.png\",\"width\":594,\"height\":78,\"caption\":\"Arquimaster\"},\"image\":{\"@id\":\"https:\\\/\\\/www.arquimaster.com.ar\\\/web\\\/#\\\/schema\\\/logo\\\/image\\\/\"},\"sameAs\":[\"http:\\\/\\\/www.facebook.com\\\/ARQUIMASTER.com.ar\",\"https:\\\/\\\/x.com\\\/arquimaster\",\"https:\\\/\\\/www.instagram.com\\\/arquimasterblog\\\/\",\"https:\\\/\\\/www.linkedin.com\\\/company\\\/arquimaster\",\"https:\\\/\\\/www.pinterest.com\\\/arquimaster\",\"https:\\\/\\\/t.me\\\/arquimaster\"]},{\"@type\":\"Person\",\"@id\":\"https:\\\/\\\/www.arquimaster.com.ar\\\/web\\\/#\\\/schema\\\/person\\\/359e9f7c00193fcde068e0dd2ceb0028\",\"name\":\"Arquimaster\"}]}<\/script>\n<!-- \/ Yoast SEO plugin. -->","yoast_head_json":{"title":"Casa Cubo \/ Agraz Arquitectos - Arquimaster","robots":{"index":"index","follow":"follow","max-snippet":"max-snippet:-1","max-image-preview":"max-image-preview:large","max-video-preview":"max-video-preview:-1"},"canonical":"https:\/\/www.arquimaster.com.ar\/web\/casa-cubo-agraz-arquitectos\/","og_locale":"es_ES","og_type":"article","og_title":"Casa Cubo \/ Agraz Arquitectos - Arquimaster","og_description":"La casa cubo vac\u00eda su interior para volcarse y compenetrarse al sitio con su ingravidez...","og_url":"https:\/\/www.arquimaster.com.ar\/web\/casa-cubo-agraz-arquitectos\/","og_site_name":"Arquimaster","article_publisher":"http:\/\/www.facebook.com\/ARQUIMASTER.com.ar","article_published_time":"2016-03-18T02:09:10+00:00","article_modified_time":"2016-03-21T02:22:29+00:00","og_image":[{"width":642,"height":336,"url":"https:\/\/www.arquimaster.com.ar\/web\/wp-content\/uploads\/2016\/03\/casa_cubo_slide.jpg","type":"image\/jpeg"}],"author":"Arquimaster","twitter_card":"summary_large_image","twitter_creator":"@arquimaster","twitter_site":"@arquimaster","twitter_misc":{"Escrito por":"Arquimaster","Tiempo de lectura":"2 minutos"},"schema":{"@context":"https:\/\/schema.org","@graph":[{"@type":"Article","@id":"https:\/\/www.arquimaster.com.ar\/web\/casa-cubo-agraz-arquitectos\/#article","isPartOf":{"@id":"https:\/\/www.arquimaster.com.ar\/web\/casa-cubo-agraz-arquitectos\/"},"author":{"name":"Arquimaster","@id":"https:\/\/www.arquimaster.com.ar\/web\/#\/schema\/person\/359e9f7c00193fcde068e0dd2ceb0028"},"headline":"Casa Cubo \/ Agraz Arquitectos","datePublished":"2016-03-18T02:09:10+00:00","dateModified":"2016-03-21T02:22:29+00:00","mainEntityOfPage":{"@id":"https:\/\/www.arquimaster.com.ar\/web\/casa-cubo-agraz-arquitectos\/"},"wordCount":492,"publisher":{"@id":"https:\/\/www.arquimaster.com.ar\/web\/#organization"},"image":{"@id":"https:\/\/www.arquimaster.com.ar\/web\/casa-cubo-agraz-arquitectos\/#primaryimage"},"thumbnailUrl":"https:\/\/www.arquimaster.com.ar\/web\/wp-content\/uploads\/2016\/03\/casa_cubo_slide.jpg","keywords":["Agraz Arquitectos","Jalisco","Ricardo Agraz","vivienda unifamiliar","Zapopan"],"articleSection":["Proyecto","Vivienda unifamiliar y PH"],"inLanguage":"es"},{"@type":"WebPage","@id":"https:\/\/www.arquimaster.com.ar\/web\/casa-cubo-agraz-arquitectos\/","url":"https:\/\/www.arquimaster.com.ar\/web\/casa-cubo-agraz-arquitectos\/","name":"Casa Cubo \/ Agraz Arquitectos - Arquimaster","isPartOf":{"@id":"https:\/\/www.arquimaster.com.ar\/web\/#website"},"primaryImageOfPage":{"@id":"https:\/\/www.arquimaster.com.ar\/web\/casa-cubo-agraz-arquitectos\/#primaryimage"},"image":{"@id":"https:\/\/www.arquimaster.com.ar\/web\/casa-cubo-agraz-arquitectos\/#primaryimage"},"thumbnailUrl":"https:\/\/www.arquimaster.com.ar\/web\/wp-content\/uploads\/2016\/03\/casa_cubo_slide.jpg","datePublished":"2016-03-18T02:09:10+00:00","dateModified":"2016-03-21T02:22:29+00:00","breadcrumb":{"@id":"https:\/\/www.arquimaster.com.ar\/web\/casa-cubo-agraz-arquitectos\/#breadcrumb"},"inLanguage":"es","potentialAction":[{"@type":"ReadAction","target":["https:\/\/www.arquimaster.com.ar\/web\/casa-cubo-agraz-arquitectos\/"]}]},{"@type":"ImageObject","inLanguage":"es","@id":"https:\/\/www.arquimaster.com.ar\/web\/casa-cubo-agraz-arquitectos\/#primaryimage","url":"https:\/\/www.arquimaster.com.ar\/web\/wp-content\/uploads\/2016\/03\/casa_cubo_slide.jpg","contentUrl":"https:\/\/www.arquimaster.com.ar\/web\/wp-content\/uploads\/2016\/03\/casa_cubo_slide.jpg","width":642,"height":336},{"@type":"BreadcrumbList","@id":"https:\/\/www.arquimaster.com.ar\/web\/casa-cubo-agraz-arquitectos\/#breadcrumb","itemListElement":[{"@type":"ListItem","position":1,"name":"Portada","item":"https:\/\/www.arquimaster.com.ar\/web\/"},{"@type":"ListItem","position":2,"name":"Casa Cubo \/ Agraz Arquitectos"}]},{"@type":"WebSite","@id":"https:\/\/www.arquimaster.com.ar\/web\/#website","url":"https:\/\/www.arquimaster.com.ar\/web\/","name":"Arquimaster","description":"Web de arquitectura, dise\u00f1o y construccion","publisher":{"@id":"https:\/\/www.arquimaster.com.ar\/web\/#organization"},"potentialAction":[{"@type":"SearchAction","target":{"@type":"EntryPoint","urlTemplate":"https:\/\/www.arquimaster.com.ar\/web\/?s={search_term_string}"},"query-input":{"@type":"PropertyValueSpecification","valueRequired":true,"valueName":"search_term_string"}}],"inLanguage":"es"},{"@type":"Organization","@id":"https:\/\/www.arquimaster.com.ar\/web\/#organization","name":"Arquimaster","url":"https:\/\/www.arquimaster.com.ar\/web\/","logo":{"@type":"ImageObject","inLanguage":"es","@id":"https:\/\/www.arquimaster.com.ar\/web\/#\/schema\/logo\/image\/","url":"https:\/\/www.arquimaster.com.ar\/web\/wp-content\/uploads\/2022\/06\/arquimaster.png","contentUrl":"https:\/\/www.arquimaster.com.ar\/web\/wp-content\/uploads\/2022\/06\/arquimaster.png","width":594,"height":78,"caption":"Arquimaster"},"image":{"@id":"https:\/\/www.arquimaster.com.ar\/web\/#\/schema\/logo\/image\/"},"sameAs":["http:\/\/www.facebook.com\/ARQUIMASTER.com.ar","https:\/\/x.com\/arquimaster","https:\/\/www.instagram.com\/arquimasterblog\/","https:\/\/www.linkedin.com\/company\/arquimaster","https:\/\/www.pinterest.com\/arquimaster","https:\/\/t.me\/arquimaster"]},{"@type":"Person","@id":"https:\/\/www.arquimaster.com.ar\/web\/#\/schema\/person\/359e9f7c00193fcde068e0dd2ceb0028","name":"Arquimaster"}]}},"uagb_featured_image_src":{"full":["https:\/\/www.arquimaster.com.ar\/web\/wp-content\/uploads\/2016\/03\/casa_cubo_slide.jpg",642,336,false],"thumbnail":["https:\/\/www.arquimaster.com.ar\/web\/wp-content\/uploads\/2016\/03\/casa_cubo_slide-150x150.jpg",150,150,true],"medium":["https:\/\/www.arquimaster.com.ar\/web\/wp-content\/uploads\/2016\/03\/casa_cubo_slide.jpg",642,336,false],"medium_large":["https:\/\/www.arquimaster.com.ar\/web\/wp-content\/uploads\/2016\/03\/casa_cubo_slide.jpg",642,336,false],"large":["https:\/\/www.arquimaster.com.ar\/web\/wp-content\/uploads\/2016\/03\/casa_cubo_slide.jpg",642,336,false],"1536x1536":["https:\/\/www.arquimaster.com.ar\/web\/wp-content\/uploads\/2016\/03\/casa_cubo_slide.jpg",642,336,false],"2048x2048":["https:\/\/www.arquimaster.com.ar\/web\/wp-content\/uploads\/2016\/03\/casa_cubo_slide.jpg",642,336,false]},"uagb_author_info":{"display_name":"Arquimaster","author_link":"https:\/\/www.arquimaster.com.ar\/web\/author\/arquimaster\/"},"uagb_comment_info":0,"uagb_excerpt":"La casa cubo vac\u00eda su interior para volcarse y compenetrarse al sitio con su ingravidez...","_links":{"self":[{"href":"https:\/\/www.arquimaster.com.ar\/web\/wp-json\/wp\/v2\/posts\/19777","targetHints":{"allow":["GET"]}}],"collection":[{"href":"https:\/\/www.arquimaster.com.ar\/web\/wp-json\/wp\/v2\/posts"}],"about":[{"href":"https:\/\/www.arquimaster.com.ar\/web\/wp-json\/wp\/v2\/types\/post"}],"author":[{"embeddable":true,"href":"https:\/\/www.arquimaster.com.ar\/web\/wp-json\/wp\/v2\/users\/1"}],"replies":[{"embeddable":true,"href":"https:\/\/www.arquimaster.com.ar\/web\/wp-json\/wp\/v2\/comments?post=19777"}],"version-history":[{"count":0,"href":"https:\/\/www.arquimaster.com.ar\/web\/wp-json\/wp\/v2\/posts\/19777\/revisions"}],"wp:featuredmedia":[{"embeddable":true,"href":"https:\/\/www.arquimaster.com.ar\/web\/wp-json\/wp\/v2\/media\/19778"}],"wp:attachment":[{"href":"https:\/\/www.arquimaster.com.ar\/web\/wp-json\/wp\/v2\/media?parent=19777"}],"wp:term":[{"taxonomy":"category","embeddable":true,"href":"https:\/\/www.arquimaster.com.ar\/web\/wp-json\/wp\/v2\/categories?post=19777"},{"taxonomy":"post_tag","embeddable":true,"href":"https:\/\/www.arquimaster.com.ar\/web\/wp-json\/wp\/v2\/tags?post=19777"}],"curies":[{"name":"wp","href":"https:\/\/api.w.org\/{rel}","templated":true}]}}