{"id":19988,"date":"2016-04-05T02:37:22","date_gmt":"2016-04-05T02:37:22","guid":{"rendered":"http:\/\/www.arquimaster.com.ar\/web\/?p=19988"},"modified":"2016-04-08T03:02:22","modified_gmt":"2016-04-08T03:02:22","slug":"proyecto-para-edificio-anexo-del-ministerio-de-economia-eae-estudio-ripari","status":"publish","type":"post","link":"https:\/\/www.arquimaster.com.ar\/web\/proyecto-para-edificio-anexo-del-ministerio-de-economia-eae-estudio-ripari\/","title":{"rendered":"Proyecto para Edificio Anexo del Ministerio de Economia (EAE) \/ Estudio Ripari"},"content":{"rendered":"<div style=\"margin-top: 0px; margin-bottom: 0px;\" class=\"sharethis-inline-share-buttons\" ><\/div><div class=\"b812932af2e751442846f039925109de\" data-index=\"1\" style=\"float: none; margin:25px 0 25px 0; text-align:center;\">\n<script async src=\"https:\/\/pagead2.googlesyndication.com\/pagead\/js\/adsbygoogle.js\"><\/script>\r\n<!-- Arquimaster (superior) -->\r\n<ins class=\"adsbygoogle\"\r\n     style=\"display:block\"\r\n     data-ad-client=\"ca-pub-6351072698456832\"\r\n     data-ad-slot=\"6455489680\"\r\n     data-ad-format=\"auto\"\r\n     data-full-width-responsive=\"true\"><\/ins>\r\n<script>\r\n     (adsbygoogle = window.adsbygoogle || []).push({});\r\n<\/script>\n<\/div>\n<p><strong>Proyecto para Edificio Anexo del Ministerio de Economia (EAE) de la Provincia de Buenos Aires<\/strong> (La Plata, Pcia. de Buenos Aires, Argentina) por <strong>Estudio Ripari<\/strong> (Arq. Ricardo Ripari, asociados, equipo de proyecto y colaboradores). El proyecto obtuvo 2\u00ba Premio en el Concurso Provincial de Anteproyectos para el Edificio Anexo del Ministerio de Economia (EAE) de la Provincia de Buenos Aires. El lote destinado para la construcci\u00f3n del EAE se encuentra ubicado en la calle 45 entre 6 y 7, en el \u00e1rea c\u00e9ntrica de la ciudad de La Plata, en un terreno de propiedad de la Provincia de Buenos Aires afectada al Ministerio de Econom\u00eda y estar\u00e1 destinado a alojar las oficinas de la Direcci\u00f3n Provincial de Estad\u00edstica. Las dimensiones del mismo son 23,08 m de frente y 24,00 m de fondo, con una superficie total de 553,92 m2.<\/p>\n<div id='gallery-1' class='gallery galleryid-19988 gallery-columns-3 gallery-size-thumbnail'><figure class='gallery-item'>\n\t\t\t<div class='gallery-icon landscape'>\n\t\t\t\t<a href='https:\/\/www.arquimaster.com.ar\/web\/wp-content\/uploads\/2016\/04\/proyecto_eae1.jpg' title=\"Proyecto para Edificio Anexo del Ministerio de Economia (EAE) \/ Estudio Ripari\" data-rl_title=\"Proyecto para Edificio Anexo del Ministerio de Economia (EAE) \/ Estudio Ripari\" class=\"rl-gallery-link\" data-rl_caption=\"Proyecto para Edificio Anexo del Ministerio de Economia (EAE) \/ Estudio Ripari\" data-rel=\"lightbox-gallery-1\"><img loading=\"lazy\" decoding=\"async\" width=\"150\" height=\"150\" src=\"https:\/\/www.arquimaster.com.ar\/web\/wp-content\/uploads\/2016\/04\/proyecto_eae1-150x150.jpg\" class=\"attachment-thumbnail size-thumbnail\" alt=\"\" aria-describedby=\"gallery-1-19990\" srcset=\"https:\/\/www.arquimaster.com.ar\/web\/wp-content\/uploads\/2016\/04\/proyecto_eae1-150x150.jpg 150w, https:\/\/www.arquimaster.com.ar\/web\/wp-content\/uploads\/2016\/04\/proyecto_eae1-50x50.jpg 50w, https:\/\/www.arquimaster.com.ar\/web\/wp-content\/uploads\/2016\/04\/proyecto_eae1-125x125.jpg 125w\" sizes=\"auto, (max-width: 150px) 100vw, 150px\" \/><\/a>\n\t\t\t<\/div>\n\t\t\t\t<figcaption class='wp-caption-text gallery-caption' id='gallery-1-19990'>\n\t\t\t\tProyecto para Edificio Anexo del Ministerio de Economia (EAE) \/ Estudio Ripari\n\t\t\t\t<\/figcaption><\/figure><figure class='gallery-item'>\n\t\t\t<div class='gallery-icon portrait'>\n\t\t\t\t<a href='https:\/\/www.arquimaster.com.ar\/web\/wp-content\/uploads\/2016\/04\/proyecto_eae2.jpg' title=\"Proyecto para Edificio Anexo del Ministerio de Economia (EAE) \/ Estudio Ripari\" data-rl_title=\"Proyecto para Edificio Anexo del Ministerio de Economia (EAE) \/ Estudio Ripari\" class=\"rl-gallery-link\" data-rl_caption=\"Proyecto para Edificio Anexo del Ministerio de Economia (EAE) \/ Estudio Ripari\" data-rel=\"lightbox-gallery-1\"><img loading=\"lazy\" decoding=\"async\" width=\"150\" height=\"150\" src=\"https:\/\/www.arquimaster.com.ar\/web\/wp-content\/uploads\/2016\/04\/proyecto_eae2-150x150.jpg\" class=\"attachment-thumbnail size-thumbnail\" alt=\"\" aria-describedby=\"gallery-1-19991\" srcset=\"https:\/\/www.arquimaster.com.ar\/web\/wp-content\/uploads\/2016\/04\/proyecto_eae2-150x150.jpg 150w, https:\/\/www.arquimaster.com.ar\/web\/wp-content\/uploads\/2016\/04\/proyecto_eae2-50x50.jpg 50w, https:\/\/www.arquimaster.com.ar\/web\/wp-content\/uploads\/2016\/04\/proyecto_eae2-125x125.jpg 125w\" sizes=\"auto, (max-width: 150px) 100vw, 150px\" \/><\/a>\n\t\t\t<\/div>\n\t\t\t\t<figcaption class='wp-caption-text gallery-caption' id='gallery-1-19991'>\n\t\t\t\tProyecto para Edificio Anexo del Ministerio de Economia (EAE) \/ Estudio Ripari\n\t\t\t\t<\/figcaption><\/figure><figure class='gallery-item'>\n\t\t\t<div class='gallery-icon portrait'>\n\t\t\t\t<a href='https:\/\/www.arquimaster.com.ar\/web\/wp-content\/uploads\/2016\/04\/proyecto_eae3.jpg' title=\"Proyecto para Edificio Anexo del Ministerio de Economia (EAE) \/ Estudio Ripari\" data-rl_title=\"Proyecto para Edificio Anexo del Ministerio de Economia (EAE) \/ Estudio Ripari\" class=\"rl-gallery-link\" data-rl_caption=\"Proyecto para Edificio Anexo del Ministerio de Economia (EAE) \/ Estudio Ripari\" data-rel=\"lightbox-gallery-1\"><img loading=\"lazy\" decoding=\"async\" width=\"150\" height=\"150\" src=\"https:\/\/www.arquimaster.com.ar\/web\/wp-content\/uploads\/2016\/04\/proyecto_eae3-150x150.jpg\" class=\"attachment-thumbnail size-thumbnail\" alt=\"\" aria-describedby=\"gallery-1-19992\" srcset=\"https:\/\/www.arquimaster.com.ar\/web\/wp-content\/uploads\/2016\/04\/proyecto_eae3-150x150.jpg 150w, https:\/\/www.arquimaster.com.ar\/web\/wp-content\/uploads\/2016\/04\/proyecto_eae3-50x50.jpg 50w, https:\/\/www.arquimaster.com.ar\/web\/wp-content\/uploads\/2016\/04\/proyecto_eae3-125x125.jpg 125w\" sizes=\"auto, (max-width: 150px) 100vw, 150px\" \/><\/a>\n\t\t\t<\/div>\n\t\t\t\t<figcaption class='wp-caption-text gallery-caption' id='gallery-1-19992'>\n\t\t\t\tProyecto para Edificio Anexo del Ministerio de Economia (EAE) \/ Estudio Ripari\n\t\t\t\t<\/figcaption><\/figure><figure class='gallery-item'>\n\t\t\t<div class='gallery-icon portrait'>\n\t\t\t\t<a href='https:\/\/www.arquimaster.com.ar\/web\/wp-content\/uploads\/2016\/04\/proyecto_eae4.jpg' title=\"Proyecto para Edificio Anexo del Ministerio de Economia (EAE) \/ Estudio Ripari\" data-rl_title=\"Proyecto para Edificio Anexo del Ministerio de Economia (EAE) \/ Estudio Ripari\" class=\"rl-gallery-link\" data-rl_caption=\"Proyecto para Edificio Anexo del Ministerio de Economia (EAE) \/ Estudio Ripari\" data-rel=\"lightbox-gallery-1\"><img loading=\"lazy\" decoding=\"async\" width=\"150\" height=\"150\" src=\"https:\/\/www.arquimaster.com.ar\/web\/wp-content\/uploads\/2016\/04\/proyecto_eae4-150x150.jpg\" class=\"attachment-thumbnail size-thumbnail\" alt=\"\" aria-describedby=\"gallery-1-19993\" srcset=\"https:\/\/www.arquimaster.com.ar\/web\/wp-content\/uploads\/2016\/04\/proyecto_eae4-150x150.jpg 150w, https:\/\/www.arquimaster.com.ar\/web\/wp-content\/uploads\/2016\/04\/proyecto_eae4-50x50.jpg 50w, https:\/\/www.arquimaster.com.ar\/web\/wp-content\/uploads\/2016\/04\/proyecto_eae4-125x125.jpg 125w\" sizes=\"auto, (max-width: 150px) 100vw, 150px\" \/><\/a>\n\t\t\t<\/div>\n\t\t\t\t<figcaption class='wp-caption-text gallery-caption' id='gallery-1-19993'>\n\t\t\t\tProyecto para Edificio Anexo del Ministerio de Economia (EAE) \/ Estudio Ripari\n\t\t\t\t<\/figcaption><\/figure><figure class='gallery-item'>\n\t\t\t<div class='gallery-icon landscape'>\n\t\t\t\t<a href='https:\/\/www.arquimaster.com.ar\/web\/wp-content\/uploads\/2016\/04\/proyecto_eae6.jpg' title=\"Proyecto para Edificio Anexo del Ministerio de Economia (EAE) \/ Estudio Ripari\" data-rl_title=\"Proyecto para Edificio Anexo del Ministerio de Economia (EAE) \/ Estudio Ripari\" class=\"rl-gallery-link\" data-rl_caption=\"Proyecto para Edificio Anexo del Ministerio de Economia (EAE) \/ Estudio Ripari\" data-rel=\"lightbox-gallery-1\"><img loading=\"lazy\" decoding=\"async\" width=\"150\" height=\"150\" src=\"https:\/\/www.arquimaster.com.ar\/web\/wp-content\/uploads\/2016\/04\/proyecto_eae6-150x150.jpg\" class=\"attachment-thumbnail size-thumbnail\" alt=\"\" aria-describedby=\"gallery-1-19995\" srcset=\"https:\/\/www.arquimaster.com.ar\/web\/wp-content\/uploads\/2016\/04\/proyecto_eae6-150x150.jpg 150w, https:\/\/www.arquimaster.com.ar\/web\/wp-content\/uploads\/2016\/04\/proyecto_eae6-50x50.jpg 50w, https:\/\/www.arquimaster.com.ar\/web\/wp-content\/uploads\/2016\/04\/proyecto_eae6-125x125.jpg 125w\" sizes=\"auto, (max-width: 150px) 100vw, 150px\" \/><\/a>\n\t\t\t<\/div>\n\t\t\t\t<figcaption class='wp-caption-text gallery-caption' id='gallery-1-19995'>\n\t\t\t\tProyecto para Edificio Anexo del Ministerio de Economia (EAE) \/ Estudio Ripari\n\t\t\t\t<\/figcaption><\/figure><figure class='gallery-item'>\n\t\t\t<div class='gallery-icon portrait'>\n\t\t\t\t<a href='https:\/\/www.arquimaster.com.ar\/web\/wp-content\/uploads\/2016\/04\/proyecto_eae5-2.jpg' title=\"Proyecto para Edificio Anexo del Ministerio de Economia (EAE) \/ Estudio Ripari\" data-rl_title=\"Proyecto para Edificio Anexo del Ministerio de Economia (EAE) \/ Estudio Ripari\" class=\"rl-gallery-link\" data-rl_caption=\"Proyecto para Edificio Anexo del Ministerio de Economia (EAE) \/ Estudio Ripari\" data-rel=\"lightbox-gallery-1\"><img loading=\"lazy\" decoding=\"async\" width=\"150\" height=\"150\" src=\"https:\/\/www.arquimaster.com.ar\/web\/wp-content\/uploads\/2016\/04\/proyecto_eae5-2-150x150.jpg\" class=\"attachment-thumbnail size-thumbnail\" alt=\"\" aria-describedby=\"gallery-1-20029\" srcset=\"https:\/\/www.arquimaster.com.ar\/web\/wp-content\/uploads\/2016\/04\/proyecto_eae5-2-150x150.jpg 150w, https:\/\/www.arquimaster.com.ar\/web\/wp-content\/uploads\/2016\/04\/proyecto_eae5-2-50x50.jpg 50w, https:\/\/www.arquimaster.com.ar\/web\/wp-content\/uploads\/2016\/04\/proyecto_eae5-2-125x125.jpg 125w\" sizes=\"auto, (max-width: 150px) 100vw, 150px\" \/><\/a>\n\t\t\t<\/div>\n\t\t\t\t<figcaption class='wp-caption-text gallery-caption' id='gallery-1-20029'>\n\t\t\t\tProyecto para Edificio Anexo del Ministerio de Economia (EAE) \/ Estudio Ripari\n\t\t\t\t<\/figcaption><\/figure><figure class='gallery-item'>\n\t\t\t<div class='gallery-icon landscape'>\n\t\t\t\t<a href='https:\/\/www.arquimaster.com.ar\/web\/wp-content\/uploads\/2016\/04\/proyecto_eae7.jpg' title=\"Proyecto para Edificio Anexo del Ministerio de Economia (EAE) \/ Estudio Ripari\" data-rl_title=\"Proyecto para Edificio Anexo del Ministerio de Economia (EAE) \/ Estudio Ripari\" class=\"rl-gallery-link\" data-rl_caption=\"Proyecto para Edificio Anexo del Ministerio de Economia (EAE) \/ Estudio Ripari\" data-rel=\"lightbox-gallery-1\"><img loading=\"lazy\" decoding=\"async\" width=\"150\" height=\"150\" src=\"https:\/\/www.arquimaster.com.ar\/web\/wp-content\/uploads\/2016\/04\/proyecto_eae7-150x150.jpg\" class=\"attachment-thumbnail size-thumbnail\" alt=\"\" aria-describedby=\"gallery-1-19996\" srcset=\"https:\/\/www.arquimaster.com.ar\/web\/wp-content\/uploads\/2016\/04\/proyecto_eae7-150x150.jpg 150w, https:\/\/www.arquimaster.com.ar\/web\/wp-content\/uploads\/2016\/04\/proyecto_eae7-50x50.jpg 50w, https:\/\/www.arquimaster.com.ar\/web\/wp-content\/uploads\/2016\/04\/proyecto_eae7-125x125.jpg 125w\" sizes=\"auto, (max-width: 150px) 100vw, 150px\" \/><\/a>\n\t\t\t<\/div>\n\t\t\t\t<figcaption class='wp-caption-text gallery-caption' id='gallery-1-19996'>\n\t\t\t\tProyecto para Edificio Anexo del Ministerio de Economia (EAE) \/ Estudio Ripari\n\t\t\t\t<\/figcaption><\/figure><figure class='gallery-item'>\n\t\t\t<div class='gallery-icon landscape'>\n\t\t\t\t<a href='https:\/\/www.arquimaster.com.ar\/web\/wp-content\/uploads\/2016\/04\/proyecto_eae8.jpg' title=\"Proyecto para Edificio Anexo del Ministerio de Economia (EAE) \/ Estudio Ripari\" data-rl_title=\"Proyecto para Edificio Anexo del Ministerio de Economia (EAE) \/ Estudio Ripari\" class=\"rl-gallery-link\" data-rl_caption=\"Proyecto para Edificio Anexo del Ministerio de Economia (EAE) \/ Estudio Ripari\" data-rel=\"lightbox-gallery-1\"><img loading=\"lazy\" decoding=\"async\" width=\"150\" height=\"150\" src=\"https:\/\/www.arquimaster.com.ar\/web\/wp-content\/uploads\/2016\/04\/proyecto_eae8-150x150.jpg\" class=\"attachment-thumbnail size-thumbnail\" alt=\"\" aria-describedby=\"gallery-1-19997\" srcset=\"https:\/\/www.arquimaster.com.ar\/web\/wp-content\/uploads\/2016\/04\/proyecto_eae8-150x150.jpg 150w, https:\/\/www.arquimaster.com.ar\/web\/wp-content\/uploads\/2016\/04\/proyecto_eae8-50x50.jpg 50w, https:\/\/www.arquimaster.com.ar\/web\/wp-content\/uploads\/2016\/04\/proyecto_eae8-125x125.jpg 125w\" sizes=\"auto, (max-width: 150px) 100vw, 150px\" \/><\/a>\n\t\t\t<\/div>\n\t\t\t\t<figcaption class='wp-caption-text gallery-caption' id='gallery-1-19997'>\n\t\t\t\tProyecto para Edificio Anexo del Ministerio de Economia (EAE) \/ Estudio Ripari\n\t\t\t\t<\/figcaption><\/figure><figure class='gallery-item'>\n\t\t\t<div class='gallery-icon portrait'>\n\t\t\t\t<a href='https:\/\/www.arquimaster.com.ar\/web\/wp-content\/uploads\/2016\/04\/proyecto_eae9.jpg' title=\"Proyecto para Edificio Anexo del Ministerio de Economia (EAE) \/ Estudio Ripari\" data-rl_title=\"Proyecto para Edificio Anexo del Ministerio de Economia (EAE) \/ Estudio Ripari\" class=\"rl-gallery-link\" data-rl_caption=\"Proyecto para Edificio Anexo del Ministerio de Economia (EAE) \/ Estudio Ripari\" data-rel=\"lightbox-gallery-1\"><img loading=\"lazy\" decoding=\"async\" width=\"150\" height=\"150\" src=\"https:\/\/www.arquimaster.com.ar\/web\/wp-content\/uploads\/2016\/04\/proyecto_eae9-150x150.jpg\" class=\"attachment-thumbnail size-thumbnail\" alt=\"\" aria-describedby=\"gallery-1-19998\" srcset=\"https:\/\/www.arquimaster.com.ar\/web\/wp-content\/uploads\/2016\/04\/proyecto_eae9-150x150.jpg 150w, https:\/\/www.arquimaster.com.ar\/web\/wp-content\/uploads\/2016\/04\/proyecto_eae9-50x50.jpg 50w, https:\/\/www.arquimaster.com.ar\/web\/wp-content\/uploads\/2016\/04\/proyecto_eae9-125x125.jpg 125w\" sizes=\"auto, (max-width: 150px) 100vw, 150px\" \/><\/a>\n\t\t\t<\/div>\n\t\t\t\t<figcaption class='wp-caption-text gallery-caption' id='gallery-1-19998'>\n\t\t\t\tProyecto para Edificio Anexo del Ministerio de Economia (EAE) \/ Estudio Ripari\n\t\t\t\t<\/figcaption><\/figure><figure class='gallery-item'>\n\t\t\t<div class='gallery-icon landscape'>\n\t\t\t\t<a href='https:\/\/www.arquimaster.com.ar\/web\/wp-content\/uploads\/2016\/04\/proyecto_eae10.jpg' title=\"Proyecto para Edificio Anexo del Ministerio de Economia (EAE) \/ Estudio Ripari\" data-rl_title=\"Proyecto para Edificio Anexo del Ministerio de Economia (EAE) \/ Estudio Ripari\" class=\"rl-gallery-link\" data-rl_caption=\"Proyecto para Edificio Anexo del Ministerio de Economia (EAE) \/ Estudio Ripari\" data-rel=\"lightbox-gallery-1\"><img loading=\"lazy\" decoding=\"async\" width=\"150\" height=\"150\" src=\"https:\/\/www.arquimaster.com.ar\/web\/wp-content\/uploads\/2016\/04\/proyecto_eae10-150x150.jpg\" class=\"attachment-thumbnail size-thumbnail\" alt=\"\" aria-describedby=\"gallery-1-19999\" srcset=\"https:\/\/www.arquimaster.com.ar\/web\/wp-content\/uploads\/2016\/04\/proyecto_eae10-150x150.jpg 150w, https:\/\/www.arquimaster.com.ar\/web\/wp-content\/uploads\/2016\/04\/proyecto_eae10-50x50.jpg 50w, https:\/\/www.arquimaster.com.ar\/web\/wp-content\/uploads\/2016\/04\/proyecto_eae10-125x125.jpg 125w\" sizes=\"auto, (max-width: 150px) 100vw, 150px\" \/><\/a>\n\t\t\t<\/div>\n\t\t\t\t<figcaption class='wp-caption-text gallery-caption' id='gallery-1-19999'>\n\t\t\t\tProyecto para Edificio Anexo del Ministerio de Economia (EAE) \/ Estudio Ripari\n\t\t\t\t<\/figcaption><\/figure><figure class='gallery-item'>\n\t\t\t<div class='gallery-icon landscape'>\n\t\t\t\t<a href='https:\/\/www.arquimaster.com.ar\/web\/wp-content\/uploads\/2016\/04\/proyecto_eae11.jpg' title=\"Proyecto para Edificio Anexo del Ministerio de Economia (EAE) \/ Estudio Ripari\" data-rl_title=\"Proyecto para Edificio Anexo del Ministerio de Economia (EAE) \/ Estudio Ripari\" class=\"rl-gallery-link\" data-rl_caption=\"Proyecto para Edificio Anexo del Ministerio de Economia (EAE) \/ Estudio Ripari\" data-rel=\"lightbox-gallery-1\"><img loading=\"lazy\" decoding=\"async\" width=\"150\" height=\"150\" src=\"https:\/\/www.arquimaster.com.ar\/web\/wp-content\/uploads\/2016\/04\/proyecto_eae11-150x150.jpg\" class=\"attachment-thumbnail size-thumbnail\" alt=\"\" aria-describedby=\"gallery-1-20000\" srcset=\"https:\/\/www.arquimaster.com.ar\/web\/wp-content\/uploads\/2016\/04\/proyecto_eae11-150x150.jpg 150w, https:\/\/www.arquimaster.com.ar\/web\/wp-content\/uploads\/2016\/04\/proyecto_eae11-50x50.jpg 50w, https:\/\/www.arquimaster.com.ar\/web\/wp-content\/uploads\/2016\/04\/proyecto_eae11-125x125.jpg 125w\" sizes=\"auto, (max-width: 150px) 100vw, 150px\" \/><\/a>\n\t\t\t<\/div>\n\t\t\t\t<figcaption class='wp-caption-text gallery-caption' id='gallery-1-20000'>\n\t\t\t\tProyecto para Edificio Anexo del Ministerio de Economia (EAE) \/ Estudio Ripari\n\t\t\t\t<\/figcaption><\/figure><figure class='gallery-item'>\n\t\t\t<div class='gallery-icon landscape'>\n\t\t\t\t<a href='https:\/\/www.arquimaster.com.ar\/web\/wp-content\/uploads\/2016\/04\/proyecto_eae12.jpg' title=\"Proyecto para Edificio Anexo del Ministerio de Economia (EAE) \/ Estudio Ripari\" data-rl_title=\"Proyecto para Edificio Anexo del Ministerio de Economia (EAE) \/ Estudio Ripari\" class=\"rl-gallery-link\" data-rl_caption=\"Proyecto para Edificio Anexo del Ministerio de Economia (EAE) \/ Estudio Ripari\" data-rel=\"lightbox-gallery-1\"><img loading=\"lazy\" decoding=\"async\" width=\"150\" height=\"150\" src=\"https:\/\/www.arquimaster.com.ar\/web\/wp-content\/uploads\/2016\/04\/proyecto_eae12-150x150.jpg\" class=\"attachment-thumbnail size-thumbnail\" alt=\"\" aria-describedby=\"gallery-1-20001\" srcset=\"https:\/\/www.arquimaster.com.ar\/web\/wp-content\/uploads\/2016\/04\/proyecto_eae12-150x150.jpg 150w, https:\/\/www.arquimaster.com.ar\/web\/wp-content\/uploads\/2016\/04\/proyecto_eae12-50x50.jpg 50w, https:\/\/www.arquimaster.com.ar\/web\/wp-content\/uploads\/2016\/04\/proyecto_eae12-125x125.jpg 125w\" sizes=\"auto, (max-width: 150px) 100vw, 150px\" \/><\/a>\n\t\t\t<\/div>\n\t\t\t\t<figcaption class='wp-caption-text gallery-caption' id='gallery-1-20001'>\n\t\t\t\tProyecto para Edificio Anexo del Ministerio de Economia (EAE) \/ Estudio Ripari\n\t\t\t\t<\/figcaption><\/figure><figure class='gallery-item'>\n\t\t\t<div class='gallery-icon landscape'>\n\t\t\t\t<a href='https:\/\/www.arquimaster.com.ar\/web\/wp-content\/uploads\/2016\/04\/proyecto_eae13.jpg' title=\"Proyecto para Edificio Anexo del Ministerio de Economia (EAE) \/ Estudio Ripari\" data-rl_title=\"Proyecto para Edificio Anexo del Ministerio de Economia (EAE) \/ Estudio Ripari\" class=\"rl-gallery-link\" data-rl_caption=\"Proyecto para Edificio Anexo del Ministerio de Economia (EAE) \/ Estudio Ripari\" data-rel=\"lightbox-gallery-1\"><img loading=\"lazy\" decoding=\"async\" width=\"150\" height=\"150\" src=\"https:\/\/www.arquimaster.com.ar\/web\/wp-content\/uploads\/2016\/04\/proyecto_eae13-150x150.jpg\" class=\"attachment-thumbnail size-thumbnail\" alt=\"\" aria-describedby=\"gallery-1-20002\" srcset=\"https:\/\/www.arquimaster.com.ar\/web\/wp-content\/uploads\/2016\/04\/proyecto_eae13-150x150.jpg 150w, https:\/\/www.arquimaster.com.ar\/web\/wp-content\/uploads\/2016\/04\/proyecto_eae13-50x50.jpg 50w, https:\/\/www.arquimaster.com.ar\/web\/wp-content\/uploads\/2016\/04\/proyecto_eae13-125x125.jpg 125w\" sizes=\"auto, (max-width: 150px) 100vw, 150px\" \/><\/a>\n\t\t\t<\/div>\n\t\t\t\t<figcaption class='wp-caption-text gallery-caption' id='gallery-1-20002'>\n\t\t\t\tProyecto para Edificio Anexo del Ministerio de Economia (EAE) \/ Estudio Ripari\n\t\t\t\t<\/figcaption><\/figure><figure class='gallery-item'>\n\t\t\t<div class='gallery-icon landscape'>\n\t\t\t\t<a href='https:\/\/www.arquimaster.com.ar\/web\/wp-content\/uploads\/2016\/04\/proyecto_eae14.jpg' title=\"Proyecto para Edificio Anexo del Ministerio de Economia (EAE) \/ Estudio Ripari\" data-rl_title=\"Proyecto para Edificio Anexo del Ministerio de Economia (EAE) \/ Estudio Ripari\" class=\"rl-gallery-link\" data-rl_caption=\"Proyecto para Edificio Anexo del Ministerio de Economia (EAE) \/ Estudio Ripari\" data-rel=\"lightbox-gallery-1\"><img loading=\"lazy\" decoding=\"async\" width=\"150\" height=\"150\" src=\"https:\/\/www.arquimaster.com.ar\/web\/wp-content\/uploads\/2016\/04\/proyecto_eae14-150x150.jpg\" class=\"attachment-thumbnail size-thumbnail\" alt=\"\" aria-describedby=\"gallery-1-20003\" srcset=\"https:\/\/www.arquimaster.com.ar\/web\/wp-content\/uploads\/2016\/04\/proyecto_eae14-150x150.jpg 150w, https:\/\/www.arquimaster.com.ar\/web\/wp-content\/uploads\/2016\/04\/proyecto_eae14-50x50.jpg 50w, https:\/\/www.arquimaster.com.ar\/web\/wp-content\/uploads\/2016\/04\/proyecto_eae14-125x125.jpg 125w\" sizes=\"auto, (max-width: 150px) 100vw, 150px\" \/><\/a>\n\t\t\t<\/div>\n\t\t\t\t<figcaption class='wp-caption-text gallery-caption' id='gallery-1-20003'>\n\t\t\t\tProyecto para Edificio Anexo del Ministerio de Economia (EAE) \/ Estudio Ripari\n\t\t\t\t<\/figcaption><\/figure><figure class='gallery-item'>\n\t\t\t<div class='gallery-icon portrait'>\n\t\t\t\t<a href='https:\/\/www.arquimaster.com.ar\/web\/wp-content\/uploads\/2016\/04\/proyecto_eae15.jpg' title=\"Proyecto para Edificio Anexo del Ministerio de Economia (EAE) \/ Estudio Ripari\" data-rl_title=\"Proyecto para Edificio Anexo del Ministerio de Economia (EAE) \/ Estudio Ripari\" class=\"rl-gallery-link\" data-rl_caption=\"Proyecto para Edificio Anexo del Ministerio de Economia (EAE) \/ Estudio Ripari\" data-rel=\"lightbox-gallery-1\"><img loading=\"lazy\" decoding=\"async\" width=\"150\" height=\"150\" src=\"https:\/\/www.arquimaster.com.ar\/web\/wp-content\/uploads\/2016\/04\/proyecto_eae15-150x150.jpg\" class=\"attachment-thumbnail size-thumbnail\" alt=\"\" aria-describedby=\"gallery-1-20004\" srcset=\"https:\/\/www.arquimaster.com.ar\/web\/wp-content\/uploads\/2016\/04\/proyecto_eae15-150x150.jpg 150w, https:\/\/www.arquimaster.com.ar\/web\/wp-content\/uploads\/2016\/04\/proyecto_eae15-50x50.jpg 50w, https:\/\/www.arquimaster.com.ar\/web\/wp-content\/uploads\/2016\/04\/proyecto_eae15-125x125.jpg 125w\" sizes=\"auto, (max-width: 150px) 100vw, 150px\" \/><\/a>\n\t\t\t<\/div>\n\t\t\t\t<figcaption class='wp-caption-text gallery-caption' id='gallery-1-20004'>\n\t\t\t\tProyecto para Edificio Anexo del Ministerio de Economia (EAE) \/ Estudio Ripari\n\t\t\t\t<\/figcaption><\/figure><figure class='gallery-item'>\n\t\t\t<div class='gallery-icon portrait'>\n\t\t\t\t<a href='https:\/\/www.arquimaster.com.ar\/web\/wp-content\/uploads\/2016\/04\/proyecto_eae16.jpg' title=\"Proyecto para Edificio Anexo del Ministerio de Economia (EAE) \/ Estudio Ripari\" data-rl_title=\"Proyecto para Edificio Anexo del Ministerio de Economia (EAE) \/ Estudio Ripari\" class=\"rl-gallery-link\" data-rl_caption=\"Proyecto para Edificio Anexo del Ministerio de Economia (EAE) \/ Estudio Ripari\" data-rel=\"lightbox-gallery-1\"><img loading=\"lazy\" decoding=\"async\" width=\"150\" height=\"150\" src=\"https:\/\/www.arquimaster.com.ar\/web\/wp-content\/uploads\/2016\/04\/proyecto_eae16-150x150.jpg\" class=\"attachment-thumbnail size-thumbnail\" alt=\"\" aria-describedby=\"gallery-1-20005\" srcset=\"https:\/\/www.arquimaster.com.ar\/web\/wp-content\/uploads\/2016\/04\/proyecto_eae16-150x150.jpg 150w, https:\/\/www.arquimaster.com.ar\/web\/wp-content\/uploads\/2016\/04\/proyecto_eae16-50x50.jpg 50w, https:\/\/www.arquimaster.com.ar\/web\/wp-content\/uploads\/2016\/04\/proyecto_eae16-125x125.jpg 125w\" sizes=\"auto, (max-width: 150px) 100vw, 150px\" \/><\/a>\n\t\t\t<\/div>\n\t\t\t\t<figcaption class='wp-caption-text gallery-caption' id='gallery-1-20005'>\n\t\t\t\tProyecto para Edificio Anexo del Ministerio de Economia (EAE) \/ Estudio Ripari\n\t\t\t\t<\/figcaption><\/figure><figure class='gallery-item'>\n\t\t\t<div class='gallery-icon portrait'>\n\t\t\t\t<a href='https:\/\/www.arquimaster.com.ar\/web\/wp-content\/uploads\/2016\/04\/proyecto_eae17.jpg' title=\"Proyecto para Edificio Anexo del Ministerio de Economia (EAE) \/ Estudio Ripari\" data-rl_title=\"Proyecto para Edificio Anexo del Ministerio de Economia (EAE) \/ Estudio Ripari\" class=\"rl-gallery-link\" data-rl_caption=\"Proyecto para Edificio Anexo del Ministerio de Economia (EAE) \/ Estudio Ripari\" data-rel=\"lightbox-gallery-1\"><img loading=\"lazy\" decoding=\"async\" width=\"150\" height=\"150\" src=\"https:\/\/www.arquimaster.com.ar\/web\/wp-content\/uploads\/2016\/04\/proyecto_eae17-150x150.jpg\" class=\"attachment-thumbnail size-thumbnail\" alt=\"\" aria-describedby=\"gallery-1-20006\" srcset=\"https:\/\/www.arquimaster.com.ar\/web\/wp-content\/uploads\/2016\/04\/proyecto_eae17-150x150.jpg 150w, https:\/\/www.arquimaster.com.ar\/web\/wp-content\/uploads\/2016\/04\/proyecto_eae17-50x50.jpg 50w, https:\/\/www.arquimaster.com.ar\/web\/wp-content\/uploads\/2016\/04\/proyecto_eae17-125x125.jpg 125w\" sizes=\"auto, (max-width: 150px) 100vw, 150px\" \/><\/a>\n\t\t\t<\/div>\n\t\t\t\t<figcaption class='wp-caption-text gallery-caption' id='gallery-1-20006'>\n\t\t\t\tProyecto para Edificio Anexo del Ministerio de Economia (EAE) \/ Estudio Ripari\n\t\t\t\t<\/figcaption><\/figure><figure class='gallery-item'>\n\t\t\t<div class='gallery-icon portrait'>\n\t\t\t\t<a href='https:\/\/www.arquimaster.com.ar\/web\/wp-content\/uploads\/2016\/04\/proyecto_eae18.jpg' title=\"Proyecto para Edificio Anexo del Ministerio de Economia (EAE) \/ Estudio Ripari\" data-rl_title=\"Proyecto para Edificio Anexo del Ministerio de Economia (EAE) \/ Estudio Ripari\" class=\"rl-gallery-link\" data-rl_caption=\"Proyecto para Edificio Anexo del Ministerio de Economia (EAE) \/ Estudio Ripari\" data-rel=\"lightbox-gallery-1\"><img loading=\"lazy\" decoding=\"async\" width=\"150\" height=\"150\" src=\"https:\/\/www.arquimaster.com.ar\/web\/wp-content\/uploads\/2016\/04\/proyecto_eae18-150x150.jpg\" class=\"attachment-thumbnail size-thumbnail\" alt=\"\" aria-describedby=\"gallery-1-20007\" srcset=\"https:\/\/www.arquimaster.com.ar\/web\/wp-content\/uploads\/2016\/04\/proyecto_eae18-150x150.jpg 150w, https:\/\/www.arquimaster.com.ar\/web\/wp-content\/uploads\/2016\/04\/proyecto_eae18-50x50.jpg 50w, https:\/\/www.arquimaster.com.ar\/web\/wp-content\/uploads\/2016\/04\/proyecto_eae18-125x125.jpg 125w\" sizes=\"auto, (max-width: 150px) 100vw, 150px\" \/><\/a>\n\t\t\t<\/div>\n\t\t\t\t<figcaption class='wp-caption-text gallery-caption' id='gallery-1-20007'>\n\t\t\t\tProyecto para Edificio Anexo del Ministerio de Economia (EAE) \/ Estudio Ripari\n\t\t\t\t<\/figcaption><\/figure><figure class='gallery-item'>\n\t\t\t<div class='gallery-icon portrait'>\n\t\t\t\t<a href='https:\/\/www.arquimaster.com.ar\/web\/wp-content\/uploads\/2016\/04\/proyecto_eae19.jpg' title=\"Proyecto para Edificio Anexo del Ministerio de Economia (EAE) \/ Estudio Ripari\" data-rl_title=\"Proyecto para Edificio Anexo del Ministerio de Economia (EAE) \/ Estudio Ripari\" class=\"rl-gallery-link\" data-rl_caption=\"Proyecto para Edificio Anexo del Ministerio de Economia (EAE) \/ Estudio Ripari\" data-rel=\"lightbox-gallery-1\"><img loading=\"lazy\" decoding=\"async\" width=\"150\" height=\"150\" src=\"https:\/\/www.arquimaster.com.ar\/web\/wp-content\/uploads\/2016\/04\/proyecto_eae19-150x150.jpg\" class=\"attachment-thumbnail size-thumbnail\" alt=\"\" aria-describedby=\"gallery-1-20008\" srcset=\"https:\/\/www.arquimaster.com.ar\/web\/wp-content\/uploads\/2016\/04\/proyecto_eae19-150x150.jpg 150w, https:\/\/www.arquimaster.com.ar\/web\/wp-content\/uploads\/2016\/04\/proyecto_eae19-50x50.jpg 50w, https:\/\/www.arquimaster.com.ar\/web\/wp-content\/uploads\/2016\/04\/proyecto_eae19-125x125.jpg 125w\" sizes=\"auto, (max-width: 150px) 100vw, 150px\" \/><\/a>\n\t\t\t<\/div>\n\t\t\t\t<figcaption class='wp-caption-text gallery-caption' id='gallery-1-20008'>\n\t\t\t\tProyecto para Edificio Anexo del Ministerio de Economia (EAE) \/ Estudio Ripari\n\t\t\t\t<\/figcaption><\/figure><figure class='gallery-item'>\n\t\t\t<div class='gallery-icon portrait'>\n\t\t\t\t<a href='https:\/\/www.arquimaster.com.ar\/web\/wp-content\/uploads\/2016\/04\/proyecto_eae20.jpg' title=\"Proyecto para Edificio Anexo del Ministerio de Economia (EAE) \/ Estudio Ripari\" data-rl_title=\"Proyecto para Edificio Anexo del Ministerio de Economia (EAE) \/ Estudio Ripari\" class=\"rl-gallery-link\" data-rl_caption=\"Proyecto para Edificio Anexo del Ministerio de Economia (EAE) \/ Estudio Ripari\" data-rel=\"lightbox-gallery-1\"><img loading=\"lazy\" decoding=\"async\" width=\"150\" height=\"150\" src=\"https:\/\/www.arquimaster.com.ar\/web\/wp-content\/uploads\/2016\/04\/proyecto_eae20-150x150.jpg\" class=\"attachment-thumbnail size-thumbnail\" alt=\"\" aria-describedby=\"gallery-1-20009\" srcset=\"https:\/\/www.arquimaster.com.ar\/web\/wp-content\/uploads\/2016\/04\/proyecto_eae20-150x150.jpg 150w, https:\/\/www.arquimaster.com.ar\/web\/wp-content\/uploads\/2016\/04\/proyecto_eae20-50x50.jpg 50w, https:\/\/www.arquimaster.com.ar\/web\/wp-content\/uploads\/2016\/04\/proyecto_eae20-125x125.jpg 125w\" sizes=\"auto, (max-width: 150px) 100vw, 150px\" \/><\/a>\n\t\t\t<\/div>\n\t\t\t\t<figcaption class='wp-caption-text gallery-caption' id='gallery-1-20009'>\n\t\t\t\tProyecto para Edificio Anexo del Ministerio de Economia (EAE) \/ Estudio Ripari\n\t\t\t\t<\/figcaption><\/figure><figure class='gallery-item'>\n\t\t\t<div class='gallery-icon portrait'>\n\t\t\t\t<a href='https:\/\/www.arquimaster.com.ar\/web\/wp-content\/uploads\/2016\/04\/proyecto_eae21-1.jpg' title=\"Proyecto para Edificio Anexo del Ministerio de Economia (EAE) \/ Estudio Ripari\" data-rl_title=\"Proyecto para Edificio Anexo del Ministerio de Economia (EAE) \/ Estudio Ripari\" class=\"rl-gallery-link\" data-rl_caption=\"Proyecto para Edificio Anexo del Ministerio de Economia (EAE) \/ Estudio Ripari\" data-rel=\"lightbox-gallery-1\"><img loading=\"lazy\" decoding=\"async\" width=\"150\" height=\"150\" src=\"https:\/\/www.arquimaster.com.ar\/web\/wp-content\/uploads\/2016\/04\/proyecto_eae21-1-150x150.jpg\" class=\"attachment-thumbnail size-thumbnail\" alt=\"\" aria-describedby=\"gallery-1-20028\" srcset=\"https:\/\/www.arquimaster.com.ar\/web\/wp-content\/uploads\/2016\/04\/proyecto_eae21-1-150x150.jpg 150w, https:\/\/www.arquimaster.com.ar\/web\/wp-content\/uploads\/2016\/04\/proyecto_eae21-1-50x50.jpg 50w, https:\/\/www.arquimaster.com.ar\/web\/wp-content\/uploads\/2016\/04\/proyecto_eae21-1-125x125.jpg 125w\" sizes=\"auto, (max-width: 150px) 100vw, 150px\" \/><\/a>\n\t\t\t<\/div>\n\t\t\t\t<figcaption class='wp-caption-text gallery-caption' id='gallery-1-20028'>\n\t\t\t\tProyecto para Edificio Anexo del Ministerio de Economia (EAE) \/ Estudio Ripari\n\t\t\t\t<\/figcaption><\/figure><figure class='gallery-item'>\n\t\t\t<div class='gallery-icon portrait'>\n\t\t\t\t<a href='https:\/\/www.arquimaster.com.ar\/web\/wp-content\/uploads\/2016\/04\/proyecto_eae22.jpg' title=\"Proyecto para Edificio Anexo del Ministerio de Economia (EAE) \/ Estudio Ripari\" data-rl_title=\"Proyecto para Edificio Anexo del Ministerio de Economia (EAE) \/ Estudio Ripari\" class=\"rl-gallery-link\" data-rl_caption=\"Proyecto para Edificio Anexo del Ministerio de Economia (EAE) \/ Estudio Ripari\" data-rel=\"lightbox-gallery-1\"><img loading=\"lazy\" decoding=\"async\" width=\"150\" height=\"150\" src=\"https:\/\/www.arquimaster.com.ar\/web\/wp-content\/uploads\/2016\/04\/proyecto_eae22-150x150.jpg\" class=\"attachment-thumbnail size-thumbnail\" alt=\"\" aria-describedby=\"gallery-1-20011\" srcset=\"https:\/\/www.arquimaster.com.ar\/web\/wp-content\/uploads\/2016\/04\/proyecto_eae22-150x150.jpg 150w, https:\/\/www.arquimaster.com.ar\/web\/wp-content\/uploads\/2016\/04\/proyecto_eae22-50x50.jpg 50w, https:\/\/www.arquimaster.com.ar\/web\/wp-content\/uploads\/2016\/04\/proyecto_eae22-125x125.jpg 125w\" sizes=\"auto, (max-width: 150px) 100vw, 150px\" \/><\/a>\n\t\t\t<\/div>\n\t\t\t\t<figcaption class='wp-caption-text gallery-caption' id='gallery-1-20011'>\n\t\t\t\tProyecto para Edificio Anexo del Ministerio de Economia (EAE) \/ Estudio Ripari\n\t\t\t\t<\/figcaption><\/figure><figure class='gallery-item'>\n\t\t\t<div class='gallery-icon portrait'>\n\t\t\t\t<a href='https:\/\/www.arquimaster.com.ar\/web\/wp-content\/uploads\/2016\/04\/proyecto_eae23.jpg' title=\"Proyecto para Edificio Anexo del Ministerio de Economia (EAE) \/ Estudio Ripari\" data-rl_title=\"Proyecto para Edificio Anexo del Ministerio de Economia (EAE) \/ Estudio Ripari\" class=\"rl-gallery-link\" data-rl_caption=\"Proyecto para Edificio Anexo del Ministerio de Economia (EAE) \/ Estudio Ripari\" data-rel=\"lightbox-gallery-1\"><img loading=\"lazy\" decoding=\"async\" width=\"150\" height=\"150\" src=\"https:\/\/www.arquimaster.com.ar\/web\/wp-content\/uploads\/2016\/04\/proyecto_eae23-150x150.jpg\" class=\"attachment-thumbnail size-thumbnail\" alt=\"\" aria-describedby=\"gallery-1-20012\" srcset=\"https:\/\/www.arquimaster.com.ar\/web\/wp-content\/uploads\/2016\/04\/proyecto_eae23-150x150.jpg 150w, https:\/\/www.arquimaster.com.ar\/web\/wp-content\/uploads\/2016\/04\/proyecto_eae23-50x50.jpg 50w, https:\/\/www.arquimaster.com.ar\/web\/wp-content\/uploads\/2016\/04\/proyecto_eae23-125x125.jpg 125w\" sizes=\"auto, (max-width: 150px) 100vw, 150px\" \/><\/a>\n\t\t\t<\/div>\n\t\t\t\t<figcaption class='wp-caption-text gallery-caption' id='gallery-1-20012'>\n\t\t\t\tProyecto para Edificio Anexo del Ministerio de Economia (EAE) \/ Estudio Ripari\n\t\t\t\t<\/figcaption><\/figure><figure class='gallery-item'>\n\t\t\t<div class='gallery-icon landscape'>\n\t\t\t\t<a href='https:\/\/www.arquimaster.com.ar\/web\/wp-content\/uploads\/2016\/04\/proyecto_eae24.jpg' title=\"Proyecto para Edificio Anexo del Ministerio de Economia (EAE) \/ Estudio Ripari\" data-rl_title=\"Proyecto para Edificio Anexo del Ministerio de Economia (EAE) \/ Estudio Ripari\" class=\"rl-gallery-link\" data-rl_caption=\"Proyecto para Edificio Anexo del Ministerio de Economia (EAE) \/ Estudio Ripari\" data-rel=\"lightbox-gallery-1\"><img loading=\"lazy\" decoding=\"async\" width=\"150\" height=\"150\" src=\"https:\/\/www.arquimaster.com.ar\/web\/wp-content\/uploads\/2016\/04\/proyecto_eae24-150x150.jpg\" class=\"attachment-thumbnail size-thumbnail\" alt=\"\" aria-describedby=\"gallery-1-20013\" srcset=\"https:\/\/www.arquimaster.com.ar\/web\/wp-content\/uploads\/2016\/04\/proyecto_eae24-150x150.jpg 150w, https:\/\/www.arquimaster.com.ar\/web\/wp-content\/uploads\/2016\/04\/proyecto_eae24-50x50.jpg 50w, https:\/\/www.arquimaster.com.ar\/web\/wp-content\/uploads\/2016\/04\/proyecto_eae24-125x125.jpg 125w\" sizes=\"auto, (max-width: 150px) 100vw, 150px\" \/><\/a>\n\t\t\t<\/div>\n\t\t\t\t<figcaption class='wp-caption-text gallery-caption' id='gallery-1-20013'>\n\t\t\t\tProyecto para Edificio Anexo del Ministerio de Economia (EAE) \/ Estudio Ripari\n\t\t\t\t<\/figcaption><\/figure><figure class='gallery-item'>\n\t\t\t<div class='gallery-icon landscape'>\n\t\t\t\t<a href='https:\/\/www.arquimaster.com.ar\/web\/wp-content\/uploads\/2016\/04\/proyecto_eae25.jpg' title=\"Proyecto para Edificio Anexo del Ministerio de Economia (EAE) \/ Estudio Ripari\" data-rl_title=\"Proyecto para Edificio Anexo del Ministerio de Economia (EAE) \/ Estudio Ripari\" class=\"rl-gallery-link\" data-rl_caption=\"Proyecto para Edificio Anexo del Ministerio de Economia (EAE) \/ Estudio Ripari\" data-rel=\"lightbox-gallery-1\"><img loading=\"lazy\" decoding=\"async\" width=\"150\" height=\"150\" src=\"https:\/\/www.arquimaster.com.ar\/web\/wp-content\/uploads\/2016\/04\/proyecto_eae25-150x150.jpg\" class=\"attachment-thumbnail size-thumbnail\" alt=\"\" aria-describedby=\"gallery-1-20014\" srcset=\"https:\/\/www.arquimaster.com.ar\/web\/wp-content\/uploads\/2016\/04\/proyecto_eae25-150x150.jpg 150w, https:\/\/www.arquimaster.com.ar\/web\/wp-content\/uploads\/2016\/04\/proyecto_eae25-50x50.jpg 50w, https:\/\/www.arquimaster.com.ar\/web\/wp-content\/uploads\/2016\/04\/proyecto_eae25-125x125.jpg 125w\" sizes=\"auto, (max-width: 150px) 100vw, 150px\" \/><\/a>\n\t\t\t<\/div>\n\t\t\t\t<figcaption class='wp-caption-text gallery-caption' id='gallery-1-20014'>\n\t\t\t\tProyecto para Edificio Anexo del Ministerio de Economia (EAE) \/ Estudio Ripari\n\t\t\t\t<\/figcaption><\/figure><figure class='gallery-item'>\n\t\t\t<div class='gallery-icon landscape'>\n\t\t\t\t<a href='https:\/\/www.arquimaster.com.ar\/web\/wp-content\/uploads\/2016\/04\/proyecto_eae26.jpg' title=\"Proyecto para Edificio Anexo del Ministerio de Economia (EAE) \/ Estudio Ripari\" data-rl_title=\"Proyecto para Edificio Anexo del Ministerio de Economia (EAE) \/ Estudio Ripari\" class=\"rl-gallery-link\" data-rl_caption=\"Proyecto para Edificio Anexo del Ministerio de Economia (EAE) \/ Estudio Ripari\" data-rel=\"lightbox-gallery-1\"><img loading=\"lazy\" decoding=\"async\" width=\"150\" height=\"150\" src=\"https:\/\/www.arquimaster.com.ar\/web\/wp-content\/uploads\/2016\/04\/proyecto_eae26-150x150.jpg\" class=\"attachment-thumbnail size-thumbnail\" alt=\"\" aria-describedby=\"gallery-1-20015\" srcset=\"https:\/\/www.arquimaster.com.ar\/web\/wp-content\/uploads\/2016\/04\/proyecto_eae26-150x150.jpg 150w, https:\/\/www.arquimaster.com.ar\/web\/wp-content\/uploads\/2016\/04\/proyecto_eae26-50x50.jpg 50w, https:\/\/www.arquimaster.com.ar\/web\/wp-content\/uploads\/2016\/04\/proyecto_eae26-125x125.jpg 125w\" sizes=\"auto, (max-width: 150px) 100vw, 150px\" \/><\/a>\n\t\t\t<\/div>\n\t\t\t\t<figcaption class='wp-caption-text gallery-caption' id='gallery-1-20015'>\n\t\t\t\tProyecto para Edificio Anexo del Ministerio de Economia (EAE) \/ Estudio Ripari\n\t\t\t\t<\/figcaption><\/figure><figure class='gallery-item'>\n\t\t\t<div class='gallery-icon portrait'>\n\t\t\t\t<a href='https:\/\/www.arquimaster.com.ar\/web\/wp-content\/uploads\/2016\/04\/proyecto_eae27.jpg' title=\"Proyecto para Edificio Anexo del Ministerio de Economia (EAE) \/ Estudio Ripari\" data-rl_title=\"Proyecto para Edificio Anexo del Ministerio de Economia (EAE) \/ Estudio Ripari\" class=\"rl-gallery-link\" data-rl_caption=\"Proyecto para Edificio Anexo del Ministerio de Economia (EAE) \/ Estudio Ripari\" data-rel=\"lightbox-gallery-1\"><img loading=\"lazy\" decoding=\"async\" width=\"150\" height=\"150\" src=\"https:\/\/www.arquimaster.com.ar\/web\/wp-content\/uploads\/2016\/04\/proyecto_eae27-150x150.jpg\" class=\"attachment-thumbnail size-thumbnail\" alt=\"\" aria-describedby=\"gallery-1-20016\" srcset=\"https:\/\/www.arquimaster.com.ar\/web\/wp-content\/uploads\/2016\/04\/proyecto_eae27-150x150.jpg 150w, https:\/\/www.arquimaster.com.ar\/web\/wp-content\/uploads\/2016\/04\/proyecto_eae27-1024x1034.jpg 1024w, https:\/\/www.arquimaster.com.ar\/web\/wp-content\/uploads\/2016\/04\/proyecto_eae27-50x50.jpg 50w, https:\/\/www.arquimaster.com.ar\/web\/wp-content\/uploads\/2016\/04\/proyecto_eae27-125x125.jpg 125w, https:\/\/www.arquimaster.com.ar\/web\/wp-content\/uploads\/2016\/04\/proyecto_eae27.jpg 1203w\" sizes=\"auto, (max-width: 150px) 100vw, 150px\" \/><\/a>\n\t\t\t<\/div>\n\t\t\t\t<figcaption class='wp-caption-text gallery-caption' id='gallery-1-20016'>\n\t\t\t\tProyecto para Edificio Anexo del Ministerio de Economia (EAE) \/ Estudio Ripari\n\t\t\t\t<\/figcaption><\/figure><figure class='gallery-item'>\n\t\t\t<div class='gallery-icon portrait'>\n\t\t\t\t<a href='https:\/\/www.arquimaster.com.ar\/web\/wp-content\/uploads\/2016\/04\/proyecto_eae28.jpg' title=\"Proyecto para Edificio Anexo del Ministerio de Economia (EAE) \/ Estudio Ripari\" data-rl_title=\"Proyecto para Edificio Anexo del Ministerio de Economia (EAE) \/ Estudio Ripari\" class=\"rl-gallery-link\" data-rl_caption=\"Proyecto para Edificio Anexo del Ministerio de Economia (EAE) \/ Estudio Ripari\" data-rel=\"lightbox-gallery-1\"><img loading=\"lazy\" decoding=\"async\" width=\"150\" height=\"150\" src=\"https:\/\/www.arquimaster.com.ar\/web\/wp-content\/uploads\/2016\/04\/proyecto_eae28-150x150.jpg\" class=\"attachment-thumbnail size-thumbnail\" alt=\"\" aria-describedby=\"gallery-1-20017\" srcset=\"https:\/\/www.arquimaster.com.ar\/web\/wp-content\/uploads\/2016\/04\/proyecto_eae28-150x150.jpg 150w, https:\/\/www.arquimaster.com.ar\/web\/wp-content\/uploads\/2016\/04\/proyecto_eae28-1024x1034.jpg 1024w, https:\/\/www.arquimaster.com.ar\/web\/wp-content\/uploads\/2016\/04\/proyecto_eae28-50x50.jpg 50w, https:\/\/www.arquimaster.com.ar\/web\/wp-content\/uploads\/2016\/04\/proyecto_eae28-125x125.jpg 125w, https:\/\/www.arquimaster.com.ar\/web\/wp-content\/uploads\/2016\/04\/proyecto_eae28.jpg 1203w\" sizes=\"auto, (max-width: 150px) 100vw, 150px\" \/><\/a>\n\t\t\t<\/div>\n\t\t\t\t<figcaption class='wp-caption-text gallery-caption' id='gallery-1-20017'>\n\t\t\t\tProyecto para Edificio Anexo del Ministerio de Economia (EAE) \/ Estudio Ripari\n\t\t\t\t<\/figcaption><\/figure><figure class='gallery-item'>\n\t\t\t<div class='gallery-icon portrait'>\n\t\t\t\t<a href='https:\/\/www.arquimaster.com.ar\/web\/wp-content\/uploads\/2016\/04\/proyecto_eae36.jpg' title=\"Proyecto para Edificio Anexo del Ministerio de Economia (EAE) \/ Estudio Ripari\" data-rl_title=\"Proyecto para Edificio Anexo del Ministerio de Economia (EAE) \/ Estudio Ripari\" class=\"rl-gallery-link\" data-rl_caption=\"Proyecto para Edificio Anexo del Ministerio de Economia (EAE) \/ Estudio Ripari\" data-rel=\"lightbox-gallery-1\"><img loading=\"lazy\" decoding=\"async\" width=\"150\" height=\"150\" src=\"https:\/\/www.arquimaster.com.ar\/web\/wp-content\/uploads\/2016\/04\/proyecto_eae36-150x150.jpg\" class=\"attachment-thumbnail size-thumbnail\" alt=\"\" aria-describedby=\"gallery-1-20025\" srcset=\"https:\/\/www.arquimaster.com.ar\/web\/wp-content\/uploads\/2016\/04\/proyecto_eae36-150x150.jpg 150w, https:\/\/www.arquimaster.com.ar\/web\/wp-content\/uploads\/2016\/04\/proyecto_eae36-50x50.jpg 50w, https:\/\/www.arquimaster.com.ar\/web\/wp-content\/uploads\/2016\/04\/proyecto_eae36-125x125.jpg 125w\" sizes=\"auto, (max-width: 150px) 100vw, 150px\" \/><\/a>\n\t\t\t<\/div>\n\t\t\t\t<figcaption class='wp-caption-text gallery-caption' id='gallery-1-20025'>\n\t\t\t\tProyecto para Edificio Anexo del Ministerio de Economia (EAE) \/ Estudio Ripari\n\t\t\t\t<\/figcaption><\/figure><figure class='gallery-item'>\n\t\t\t<div class='gallery-icon portrait'>\n\t\t\t\t<a href='https:\/\/www.arquimaster.com.ar\/web\/wp-content\/uploads\/2016\/04\/proyecto_eae37.jpg' title=\"Proyecto para Edificio Anexo del Ministerio de Economia (EAE) \/ Estudio Ripari\" data-rl_title=\"Proyecto para Edificio Anexo del Ministerio de Economia (EAE) \/ Estudio Ripari\" class=\"rl-gallery-link\" data-rl_caption=\"Proyecto para Edificio Anexo del Ministerio de Economia (EAE) \/ Estudio Ripari\" data-rel=\"lightbox-gallery-1\"><img loading=\"lazy\" decoding=\"async\" width=\"150\" height=\"150\" src=\"https:\/\/www.arquimaster.com.ar\/web\/wp-content\/uploads\/2016\/04\/proyecto_eae37-150x150.jpg\" class=\"attachment-thumbnail size-thumbnail\" alt=\"\" aria-describedby=\"gallery-1-20026\" srcset=\"https:\/\/www.arquimaster.com.ar\/web\/wp-content\/uploads\/2016\/04\/proyecto_eae37-150x150.jpg 150w, https:\/\/www.arquimaster.com.ar\/web\/wp-content\/uploads\/2016\/04\/proyecto_eae37-50x50.jpg 50w, https:\/\/www.arquimaster.com.ar\/web\/wp-content\/uploads\/2016\/04\/proyecto_eae37-125x125.jpg 125w\" sizes=\"auto, (max-width: 150px) 100vw, 150px\" \/><\/a>\n\t\t\t<\/div>\n\t\t\t\t<figcaption class='wp-caption-text gallery-caption' id='gallery-1-20026'>\n\t\t\t\tProyecto para Edificio Anexo del Ministerio de Economia (EAE) \/ Estudio Ripari\n\t\t\t\t<\/figcaption><\/figure><figure class='gallery-item'>\n\t\t\t<div class='gallery-icon landscape'>\n\t\t\t\t<a href='https:\/\/www.arquimaster.com.ar\/web\/wp-content\/uploads\/2016\/04\/proyecto_eae29.jpg' title=\"Proyecto para Edificio Anexo del Ministerio de Economia (EAE) \/ Estudio Ripari\" data-rl_title=\"Proyecto para Edificio Anexo del Ministerio de Economia (EAE) \/ Estudio Ripari\" class=\"rl-gallery-link\" data-rl_caption=\"Proyecto para Edificio Anexo del Ministerio de Economia (EAE) \/ Estudio Ripari\" data-rel=\"lightbox-gallery-1\"><img loading=\"lazy\" decoding=\"async\" width=\"150\" height=\"150\" src=\"https:\/\/www.arquimaster.com.ar\/web\/wp-content\/uploads\/2016\/04\/proyecto_eae29-150x150.jpg\" class=\"attachment-thumbnail size-thumbnail\" alt=\"\" aria-describedby=\"gallery-1-20018\" srcset=\"https:\/\/www.arquimaster.com.ar\/web\/wp-content\/uploads\/2016\/04\/proyecto_eae29-150x150.jpg 150w, https:\/\/www.arquimaster.com.ar\/web\/wp-content\/uploads\/2016\/04\/proyecto_eae29-50x50.jpg 50w, https:\/\/www.arquimaster.com.ar\/web\/wp-content\/uploads\/2016\/04\/proyecto_eae29-125x125.jpg 125w\" sizes=\"auto, (max-width: 150px) 100vw, 150px\" \/><\/a>\n\t\t\t<\/div>\n\t\t\t\t<figcaption class='wp-caption-text gallery-caption' id='gallery-1-20018'>\n\t\t\t\tProyecto para Edificio Anexo del Ministerio de Economia (EAE) \/ Estudio Ripari\n\t\t\t\t<\/figcaption><\/figure><figure class='gallery-item'>\n\t\t\t<div class='gallery-icon landscape'>\n\t\t\t\t<a href='https:\/\/www.arquimaster.com.ar\/web\/wp-content\/uploads\/2016\/04\/proyecto_eae30.jpg' title=\"Proyecto para Edificio Anexo del Ministerio de Economia (EAE) \/ Estudio Ripari\" data-rl_title=\"Proyecto para Edificio Anexo del Ministerio de Economia (EAE) \/ Estudio Ripari\" class=\"rl-gallery-link\" data-rl_caption=\"Proyecto para Edificio Anexo del Ministerio de Economia (EAE) \/ Estudio Ripari\" data-rel=\"lightbox-gallery-1\"><img loading=\"lazy\" decoding=\"async\" width=\"150\" height=\"150\" src=\"https:\/\/www.arquimaster.com.ar\/web\/wp-content\/uploads\/2016\/04\/proyecto_eae30-150x150.jpg\" class=\"attachment-thumbnail size-thumbnail\" alt=\"\" aria-describedby=\"gallery-1-20019\" srcset=\"https:\/\/www.arquimaster.com.ar\/web\/wp-content\/uploads\/2016\/04\/proyecto_eae30-150x150.jpg 150w, https:\/\/www.arquimaster.com.ar\/web\/wp-content\/uploads\/2016\/04\/proyecto_eae30-50x50.jpg 50w, https:\/\/www.arquimaster.com.ar\/web\/wp-content\/uploads\/2016\/04\/proyecto_eae30-125x125.jpg 125w\" sizes=\"auto, (max-width: 150px) 100vw, 150px\" \/><\/a>\n\t\t\t<\/div>\n\t\t\t\t<figcaption class='wp-caption-text gallery-caption' id='gallery-1-20019'>\n\t\t\t\tProyecto para Edificio Anexo del Ministerio de Economia (EAE) \/ Estudio Ripari\n\t\t\t\t<\/figcaption><\/figure><figure class='gallery-item'>\n\t\t\t<div class='gallery-icon portrait'>\n\t\t\t\t<a href='https:\/\/www.arquimaster.com.ar\/web\/wp-content\/uploads\/2016\/04\/proyecto_eae31.jpg' title=\"Proyecto para Edificio Anexo del Ministerio de Economia (EAE) \/ Estudio Ripari\" data-rl_title=\"Proyecto para Edificio Anexo del Ministerio de Economia (EAE) \/ Estudio Ripari\" class=\"rl-gallery-link\" data-rl_caption=\"Proyecto para Edificio Anexo del Ministerio de Economia (EAE) \/ Estudio Ripari\" data-rel=\"lightbox-gallery-1\"><img loading=\"lazy\" decoding=\"async\" width=\"150\" height=\"150\" src=\"https:\/\/www.arquimaster.com.ar\/web\/wp-content\/uploads\/2016\/04\/proyecto_eae31-150x150.jpg\" class=\"attachment-thumbnail size-thumbnail\" alt=\"\" aria-describedby=\"gallery-1-20020\" srcset=\"https:\/\/www.arquimaster.com.ar\/web\/wp-content\/uploads\/2016\/04\/proyecto_eae31-150x150.jpg 150w, https:\/\/www.arquimaster.com.ar\/web\/wp-content\/uploads\/2016\/04\/proyecto_eae31-50x50.jpg 50w, https:\/\/www.arquimaster.com.ar\/web\/wp-content\/uploads\/2016\/04\/proyecto_eae31-125x125.jpg 125w\" sizes=\"auto, (max-width: 150px) 100vw, 150px\" \/><\/a>\n\t\t\t<\/div>\n\t\t\t\t<figcaption class='wp-caption-text gallery-caption' id='gallery-1-20020'>\n\t\t\t\tProyecto para Edificio Anexo del Ministerio de Economia (EAE) \/ Estudio Ripari\n\t\t\t\t<\/figcaption><\/figure><figure class='gallery-item'>\n\t\t\t<div class='gallery-icon portrait'>\n\t\t\t\t<a href='https:\/\/www.arquimaster.com.ar\/web\/wp-content\/uploads\/2016\/04\/proyecto_eae32.jpg' title=\"Proyecto para Edificio Anexo del Ministerio de Economia (EAE) \/ Estudio Ripari\" data-rl_title=\"Proyecto para Edificio Anexo del Ministerio de Economia (EAE) \/ Estudio Ripari\" class=\"rl-gallery-link\" data-rl_caption=\"Proyecto para Edificio Anexo del Ministerio de Economia (EAE) \/ Estudio Ripari\" data-rel=\"lightbox-gallery-1\"><img loading=\"lazy\" decoding=\"async\" width=\"150\" height=\"150\" src=\"https:\/\/www.arquimaster.com.ar\/web\/wp-content\/uploads\/2016\/04\/proyecto_eae32-150x150.jpg\" class=\"attachment-thumbnail size-thumbnail\" alt=\"\" aria-describedby=\"gallery-1-20021\" srcset=\"https:\/\/www.arquimaster.com.ar\/web\/wp-content\/uploads\/2016\/04\/proyecto_eae32-150x150.jpg 150w, https:\/\/www.arquimaster.com.ar\/web\/wp-content\/uploads\/2016\/04\/proyecto_eae32-50x50.jpg 50w, https:\/\/www.arquimaster.com.ar\/web\/wp-content\/uploads\/2016\/04\/proyecto_eae32-125x125.jpg 125w\" sizes=\"auto, (max-width: 150px) 100vw, 150px\" \/><\/a>\n\t\t\t<\/div>\n\t\t\t\t<figcaption class='wp-caption-text gallery-caption' id='gallery-1-20021'>\n\t\t\t\tProyecto para Edificio Anexo del Ministerio de Economia (EAE) \/ Estudio Ripari\n\t\t\t\t<\/figcaption><\/figure><figure class='gallery-item'>\n\t\t\t<div class='gallery-icon portrait'>\n\t\t\t\t<a href='https:\/\/www.arquimaster.com.ar\/web\/wp-content\/uploads\/2016\/04\/proyecto_eae33.jpg' title=\"Proyecto para Edificio Anexo del Ministerio de Economia (EAE) \/ Estudio Ripari\" data-rl_title=\"Proyecto para Edificio Anexo del Ministerio de Economia (EAE) \/ Estudio Ripari\" class=\"rl-gallery-link\" data-rl_caption=\"Proyecto para Edificio Anexo del Ministerio de Economia (EAE) \/ Estudio Ripari\" data-rel=\"lightbox-gallery-1\"><img loading=\"lazy\" decoding=\"async\" width=\"150\" height=\"150\" src=\"https:\/\/www.arquimaster.com.ar\/web\/wp-content\/uploads\/2016\/04\/proyecto_eae33-150x150.jpg\" class=\"attachment-thumbnail size-thumbnail\" alt=\"\" aria-describedby=\"gallery-1-20022\" srcset=\"https:\/\/www.arquimaster.com.ar\/web\/wp-content\/uploads\/2016\/04\/proyecto_eae33-150x150.jpg 150w, https:\/\/www.arquimaster.com.ar\/web\/wp-content\/uploads\/2016\/04\/proyecto_eae33-50x50.jpg 50w, https:\/\/www.arquimaster.com.ar\/web\/wp-content\/uploads\/2016\/04\/proyecto_eae33-125x125.jpg 125w\" sizes=\"auto, (max-width: 150px) 100vw, 150px\" \/><\/a>\n\t\t\t<\/div>\n\t\t\t\t<figcaption class='wp-caption-text gallery-caption' id='gallery-1-20022'>\n\t\t\t\tProyecto para Edificio Anexo del Ministerio de Economia (EAE) \/ Estudio Ripari\n\t\t\t\t<\/figcaption><\/figure><figure class='gallery-item'>\n\t\t\t<div class='gallery-icon portrait'>\n\t\t\t\t<a href='https:\/\/www.arquimaster.com.ar\/web\/wp-content\/uploads\/2016\/04\/proyecto_eae34.jpg' title=\"Proyecto para Edificio Anexo del Ministerio de Economia (EAE) \/ Estudio Ripari\" data-rl_title=\"Proyecto para Edificio Anexo del Ministerio de Economia (EAE) \/ Estudio Ripari\" class=\"rl-gallery-link\" data-rl_caption=\"Proyecto para Edificio Anexo del Ministerio de Economia (EAE) \/ Estudio Ripari\" data-rel=\"lightbox-gallery-1\"><img loading=\"lazy\" decoding=\"async\" width=\"150\" height=\"150\" src=\"https:\/\/www.arquimaster.com.ar\/web\/wp-content\/uploads\/2016\/04\/proyecto_eae34-150x150.jpg\" class=\"attachment-thumbnail size-thumbnail\" alt=\"\" aria-describedby=\"gallery-1-20023\" srcset=\"https:\/\/www.arquimaster.com.ar\/web\/wp-content\/uploads\/2016\/04\/proyecto_eae34-150x150.jpg 150w, https:\/\/www.arquimaster.com.ar\/web\/wp-content\/uploads\/2016\/04\/proyecto_eae34-50x50.jpg 50w, https:\/\/www.arquimaster.com.ar\/web\/wp-content\/uploads\/2016\/04\/proyecto_eae34-125x125.jpg 125w\" sizes=\"auto, (max-width: 150px) 100vw, 150px\" \/><\/a>\n\t\t\t<\/div>\n\t\t\t\t<figcaption class='wp-caption-text gallery-caption' id='gallery-1-20023'>\n\t\t\t\tProyecto para Edificio Anexo del Ministerio de Economia (EAE) \/ Estudio Ripari\n\t\t\t\t<\/figcaption><\/figure><figure class='gallery-item'>\n\t\t\t<div class='gallery-icon landscape'>\n\t\t\t\t<a href='https:\/\/www.arquimaster.com.ar\/web\/wp-content\/uploads\/2016\/04\/proyecto_eae35.jpg' title=\"Proyecto para Edificio Anexo del Ministerio de Economia (EAE) \/ Estudio Ripari\" data-rl_title=\"Proyecto para Edificio Anexo del Ministerio de Economia (EAE) \/ Estudio Ripari\" class=\"rl-gallery-link\" data-rl_caption=\"Proyecto para Edificio Anexo del Ministerio de Economia (EAE) \/ Estudio Ripari\" data-rel=\"lightbox-gallery-1\"><img loading=\"lazy\" decoding=\"async\" width=\"150\" height=\"150\" src=\"https:\/\/www.arquimaster.com.ar\/web\/wp-content\/uploads\/2016\/04\/proyecto_eae35-150x150.jpg\" class=\"attachment-thumbnail size-thumbnail\" alt=\"\" aria-describedby=\"gallery-1-20024\" srcset=\"https:\/\/www.arquimaster.com.ar\/web\/wp-content\/uploads\/2016\/04\/proyecto_eae35-150x150.jpg 150w, https:\/\/www.arquimaster.com.ar\/web\/wp-content\/uploads\/2016\/04\/proyecto_eae35-50x50.jpg 50w, https:\/\/www.arquimaster.com.ar\/web\/wp-content\/uploads\/2016\/04\/proyecto_eae35-125x125.jpg 125w\" sizes=\"auto, (max-width: 150px) 100vw, 150px\" \/><\/a>\n\t\t\t<\/div>\n\t\t\t\t<figcaption class='wp-caption-text gallery-caption' id='gallery-1-20024'>\n\t\t\t\tProyecto para Edificio Anexo del Ministerio de Economia (EAE) \/ Estudio Ripari\n\t\t\t\t<\/figcaption><\/figure>\n\t\t<\/div>\n\n<p><strong>El Rol del Estado<\/strong><br \/>\nEn esta nueva etapa se genera una pregunta: \u00bfC\u00f3mo deber\u00edan ser los edificios p\u00fablicos? \u00bfQue se deber\u00eda proponer desde el estado? El compromiso de marcar tendencia, es el nuevo desaf\u00edo para las pr\u00f3ximas d\u00e9cadas. En este caso la posibilidad de reelaborar el ambiente construido, en el cual sumar un nuevo edificio sea generar un \u00e1mbito m\u00e1s arm\u00f3nico, es tambi\u00e9n la posibilidad de repensar una ciudad m\u00e1s accesible socialmente. Un edificio p\u00fablico debe generar inexorablemente espacios de usos p\u00fablicos.<\/p>\n<p><strong>Urbano<br \/>\n<\/strong>Desde lo urbano debe mostrar su actitud ante la ciudad. En este caso con el patrimonio inmediato (el edificio el Comercio) y su ubicaci\u00f3n en una manzana en la cual no se alcanzo el m\u00e1ximo rendimiento urban\u00edstico seg\u00fan el c\u00f3digo de edificaci\u00f3n actual. La incorporaci\u00f3n de gestos, como es la propuesta de acceso a trav\u00e9s de un pasaje, todav\u00eda presente en algunos casos dentro la ciudad, con la posibilidad de llegar al coraz\u00f3n de manzana en un futuro, la cual podr\u00eda ser de uso semip\u00fablico. La incorporaci\u00f3n de la terraza lindera del edificio el Comercio.<\/p>\n<p><strong>Patrimonio<\/strong>, el desaf\u00edo dialectico entre lo viejo y lo nuevo<br \/>\nEl edificio de la esquina de 7 y 45, \u00abEl Comercio\u00bb, de los arquitectos Sanchez Lagos y de La torre, de la d\u00e9cada del 30, dejo una impronta de torre de una ciudad posible, mucho m\u00e1s flexible, sin medianeras. Hoy 8 d\u00e9cadas despu\u00e9s, es posible retomar o continuar los principios establecidos, en una ciudad donde la especulaci\u00f3n inmobiliaria, de distintos cambios de c\u00f3digos de edificaci\u00f3n, dejaron su huella. Los lotes de 10m de frente, la continuidad de planos lisos y de paredes medianeras, las cuales tienen m\u00e1s presencia que las mismas fachadas, le dan una imagen ca\u00f3tica a una ciudad que se postula para ser patrimonio de la humanidad.<\/p>\n<p><strong>Propuesta<br \/>\n<\/strong>Nuestro compromiso de consolidar espacios urbanos, sumando en vez de restar, pensando un conjunto espacial que incorpore el dialogo entre lo viejo y lo nuevo, generando un nuevo lenguaje entre ambos. Los elementos significativos de la propuesta:<\/p>\n<p>El acceso desde el pasaje peatonal, accediendo desde el verde. Se ingresa al edificio por la recova y genera una posible conexi\u00f3n en un futuro con el coraz\u00f3n de manzana que podr\u00eda ser semip\u00fablico de uso com\u00fan para eventos culturales.<\/p>\n<p>Los patios en altura, los cuales se localizan cada 2 niveles, confieren al espacio de trabajo un car\u00e1cter m\u00e1s acorde a las modalidades laborales contempor\u00e1neas, donde el trabajo en grupo y el confort son fundamentales en pos de un desempe\u00f1o m\u00e1s productivo y desestructurado.<\/p>\n<p>La terraza mirador, la generaci\u00f3n de un nuevo \u00e1mbito. En el nivel 8\u00b0, en el cambio morfol\u00f3gico establecido por el c\u00f3digo, aparece el sector de intercambio social, capacitaci\u00f3n y los salones de usos m\u00faltiples con su expansi\u00f3n, en la cual se pueden ver los edificios inmediatos, el ministerio de Econom\u00eda y en el horizonte la catedral, uno de los \u00edconos de la ciudad capital. Se genera un espacio de intercambio que a su vez es un mirador. Elemento presente y necesario en la mayor\u00eda de las grandes urbes del mundo, y hasta ahora poco implementado en esta ciudad.<\/p>\n<p><strong>La imagen y el contenido institucional<\/strong><br \/>\nEl edificio debe representar c\u00f3mo se interpretan desde el estado, las condiciones de h\u00e1bitat laboral de sus empleados, cuales son los distintos niveles de asociaci\u00f3n de los mismos, c\u00f3mo logran apropiarse de ese espacio laboral, como se identifican con el mismo. Porque su producci\u00f3n es para el beneficio de toda la sociedad.<\/p>\n<p>Los nuevos espacios de trabajo Bienestar, ahorro energ\u00e9tico y trabajos grupales, son los factores que llevan a que cada vez m\u00e1s empresas busquen crear espacios de trabajo colectivos en detrimento de los individuales. Las oficinas abiertas, el hot desking (escritorios compartidos), la proliferaci\u00f3n de espacios de distensi\u00f3n y pasillos amplios para fomentar la interacci\u00f3n, son s\u00f3lo algunos de los nuevos modos de estructurar el lugar y el tiempo de trabajo.<\/p>\n<p><strong>Sustentable<\/strong><br \/>\nLos edificios p\u00fablicos deben ser un ejemplo del concepto de uso racional de la energ\u00eda. Acciones propuestas para el mejor rendimiento del edificio:<\/p>\n<p>Mayor superficie de absorci\u00f3n de agua de lluvia, el 100% del FOS, con terrazas verdes. Bajando las transmitancia t\u00e9rmica de temperaturas exteriores en \u00e9pocas de verano.<\/p>\n<p>Recolecci\u00f3n de agua de lluvia para uso de mantenimiento y riego, para disminuir los desag\u00fces pluviales sobre la v\u00eda p\u00fablica.<\/p>\n<p>Ventilaciones cruzadas en todas las plantas, disminuci\u00f3n del uso de aire acondicionados.<br \/>\nFachadas ventiladas sobre la orientaci\u00f3n este-norte, a trav\u00e9s del patio vertical, a modo de fuelle t\u00e9rmico.<\/p>\n<p>El desaf\u00edo de la orientaci\u00f3n en funci\u00f3n del programa especifico. Se busco mejorar las condiciones de iluminaci\u00f3n proponiendo una iluminaci\u00f3n indirecta y orientando los espacios de trabajo evitando el sol directo. Las superficies vidriadas dan al sur este. La envolvente se ubica en el resto de las caras, de acuerdo a las distintas posiciones del sol en horario laboral.<\/p>\n<p><strong>Materialidad<\/strong><br \/>\n<strong>Sistema estructural<\/strong><br \/>\nPlanta Tipo: Se propone resolverla a trav\u00e9s de entrepiso sin vigas. Esto corresponde a los niveles de +7.90 a + 36.30. Conformando la propuesta para tomar acciones del viento, se rigidiza la planta con dos n\u00facleos de H\u00ba coincidentes con los n\u00facleos de ascensores.<\/p>\n<p>Las columnas llegan a nivel +7.90 con dimensiones entre 45&#215;45 cm y 50&#215;70 cm. Al llegar a este nivel, y para producir la transmisi\u00f3n en la l\u00ednea de planta baja, se propone una viga Vierendell compuesta entre los niveles +0,00 y + 7.90. Los montantes y cordones (viga) tienen una secci\u00f3n de 60 cm x 60 cm. La finalidad de dicha Vierendell es dejar libre la planta de subsuelo destinada a cochera. Los subniveles se conforman con losas de entre piso sin vigas (luces de entre 5 y 8 metros), de altura 25 cm.<\/p>\n<p>Las columnas propuestas en el centro son de 20 cm x 60 cm y verifican para las cargas propuestas. Los n\u00facleos de ascensores son de H\u00ba A\u00ba. Toda la submuraci\u00f3n se compone de tabiques de H\u00ba A\u00ba doblemente armados de 20 cm de espesor en los dos \u00faltimos sub niveles, y de 45 cm de las dos primeras. La fundaci\u00f3n del edificio se ejecuta sobre una platea de H\u00ba A\u00ba de 50 cm de altura y definida para tomar por altura y refuerzo el punzonado de las columnas.<\/p>\n<p><strong>Instalaciones complementarias<\/strong><br \/>\n<strong>Edificios inteligentes<\/strong><br \/>\nSe ha destinado una sala de comunicaciones y control ubicada en planta baja, donde se instalar\u00e1n todos los equipos de comunicaci\u00f3n y un puesto de control a trav\u00e9s del cual se puedan ejercer todas las acciones de supervisi\u00f3n y control. En la sala de control est\u00e1 situado el Controlador L\u00f3gico Programable Central (PLC) que recibir\u00e1 todas las se\u00f1ales necesarias para el control automatizado del edificio y de acuerdo a un software transparente, actualizable din\u00e1micamente a los posibles cambios que se vayan produciendo.<\/p>\n<p><strong>Instalaciones termomecanicas<\/strong><br \/>\n1.- Descripci\u00f3n Conceptual de las Instalaciones. Las instalaciones Termomec\u00e1nicas est\u00e1n destinadas a cubrir las necesidades t\u00e9rmicas y de ventilaciones mec\u00e1nicas del edificio destinado al anexo del ministerio de econom\u00eda de B A.<\/p>\n<p>2- Aire Acondicionado. El acondicionamiento t\u00e9rmico, cuya integraci\u00f3n estar\u00e1 en funci\u00f3n de las exigencias de cada sector. Se ha resuelto contemplando la posibilidad de contar con sistemas que proporcionen una gran flexibilidad para las distintas necesidades que requieran las diferentes \u00e1reas debido a al destino de los locales, usos diferenciados y distinto comportamiento t\u00e9rmico de los sectores, por orientaci\u00f3n y\/o variedad de cargas internas. Como asimismo lograr un eficiente costo operativo, seguridad de suministro del servicio y facilidades de Mantenimiento.<\/p>\n<p>Las necesidades de refrigeraci\u00f3n ser\u00e1n cubiertas mediante sistemas de Volumen de Refrigerante Variable del tipo Heat Recovery, de condensaci\u00f3n por medio de aire, integrados por Unidades Evaporadoras del tipo \u00abocultas en cielorrasos\u00bb aptas para conductos. Con este sistema se lograr\u00e1 un adecuado movimiento de aire y la incorporaci\u00f3n de aire exterior para cubrir las exigencias de ventilaci\u00f3n impuestas por los C\u00f3digos de Seguridad e Higiene y el ASHRAE Standard 62.1.<\/p>\n<p>El sistema adoptado contempla la necesidad de contar con un servicio eficiente energ\u00e9ticamente y con la flexibilidad adecuada que permite habilitar el acondicionamiento de \u00e1reas a voluntad, con un \u00abcosto operativo\u00bb directamente proporcional a la demanda de acondicionamiento de cada sector y<br \/>\nconsumo racional de energ\u00eda. Evitando la instalaci\u00f3n de Calderas que quemen combustibles no renovables y eliminen gases contaminantes de la atmosfera. Las Unidades Condensadoras ser\u00e1n emplazadas en la cubierta del edificio a los cuatro vientos por debajo de la malla metalica abierta.<\/p>\n<p>3- Presurizaci\u00f3n de Escaleras. Las Cajas de Escaleras de escape de incendio ser\u00e1n presurizadas a fin de mantener una presi\u00f3n positiva de 50 Pa en relaci\u00f3n a las \u00e1reas circundantes.<\/p>\n<p>4- Ventilaciones Mec\u00e1nicas. Las \u00e1reas secundarias y de servicio (Dep\u00f3sitos y Sanitarios.) tendr\u00e1n Ventilaciones Mec\u00e1nicas que cubrir\u00e1n como m\u00ednimo los requerimientos de las reglamentaciones locales y la Ley Nacional 19.587 de \u00abSeguridad e Higiene\u00bb y Decretos Reglamentarios\u00bb.<\/p>\n<p><strong>Instalaciones electricas<\/strong><br \/>\n<strong>Corrientes Fuertes<br \/>\n<\/strong>El suministro energ\u00e9tico en r\u00e9gimen normal ser\u00e1 en Media Tensi\u00f3n 13.2 Kv proveniente de Edelap. Se dispondr\u00e1n dos centros de transformaci\u00f3n 13.2\/0.4 Kv, uno en Sala de M\u00e1quinas, y el restante en azotea. El primero de ellos alimentar\u00e1 el Tablero de Servicios Generales y los Tableros Seccionales de cada piso. (Iluminaci\u00f3n, tomacorrientes de uso general, tomas de evaporadoras, y ventiladores de extracci\u00f3n en Ba\u00f1os).<\/p>\n<p>El Segundo centro de Transformaci\u00f3n estar\u00e1 dedicado con exclusividad a Fuerza Motriz, atendiendo los trenes de Unidades Condensadoras de Equipos VRV, Salas de M\u00e1quinas ascensores, y Presurizadores de agua de incendio y escalera. El suministro de Emergencia estar\u00e1 a cargo de Grupos electr\u00f3genos Diesel, los cuales alimentar\u00e1n la totalidad de los servicios, a excepci\u00f3n de las unidades condensadoras comunes (solo quedar\u00e1 activa la correspondiente al equipo de precisi\u00f3n a cargo de atender Data Center). Adicionalmente, el Data Center constar\u00e1 con un Equipo UPS de respaldo, con seguridad redundante y tecnolog\u00eda \u00abOn Line\u00bb.<\/p>\n<p>En sinton\u00eda a la evoluci\u00f3n tecnol\u00f3gica y a las actuales pol\u00edticas de sustentabilidad edilicia, se adoptan las siguientes propuestas tecnol\u00f3gicas de avanzada: Utilizaci\u00f3n de tecnolog\u00eda LED para la iluminaci\u00f3n del edificio en su totalidad. De este modo se obtienen beneficios tales como: mayor confort ergon\u00f3mico; mejoramiento arquitect\u00f3nico de ambientes y fachadas, dot\u00e1ndolos con la posibilidad de recreaci\u00f3n de m\u00faltiples escenas lum\u00ednicas; dram\u00e1tico ahorro energ\u00e9tico; reducci\u00f3n de costos de mantenimiento; mayor vida \u00fatil de artefactos y l\u00e1mparas; y mejoramiento del rendimiento de la inversi\u00f3n a lo largo de su vida \u00fatil.<\/p>\n<p>Reemplazo definitivo de las obsoletas PCs por equipos port\u00e1tiles y monitores LED en puestos de trabajo. De este modo se reduce significativamente la potencia destinada a alimentaci\u00f3n de equipamiento inform\u00e1tico, y se prescinde de utilizar costosos equipos UPSs de respaldo energ\u00e9tico. Las plantas dispondr\u00e1n de un sector a modo de Piso T\u00e9cnico, sobre el sector sanitario, dot\u00e1ndolas de suficiente flexibilidad en cuanto a posibilidades de distribuci\u00f3n y cambios de Lay Out. La totalidad de la instalaci\u00f3n El\u00e9ctrica estar\u00e1 comandada y monitoreada por un Sistema de Control Central para Edificios.<\/p>\n<p><strong>Corrientes D\u00e9biles<\/strong><br \/>\n<strong>Cableado Estructurado<br \/>\n<\/strong>Acompa\u00f1ando la evoluci\u00f3n de los sistemas inform\u00e1ticos se adopta la utilizaci\u00f3n de Telefon\u00eda IP, cuya distribuci\u00f3n, junto con la de bocas de Datos, se realizar\u00e1 a trav\u00e9s del piso t\u00e9cnico. El cableado estructurado por piso incluir\u00e1, adem\u00e1s de las instalaciones de voz y datos, las c\u00e1maras de seguridad IP, y controles de acceso, cuyos conductores UTP Cat6 ser\u00e1n conducidos hacia el Rack de Datos de cada Piso. Desde estos Racks se transmitir\u00e1 la informaci\u00f3n concentrada v\u00eda fibra \u00f3ptica hasta el MDF (Main Distribution Frame) en Data Center para su procesamiento.<\/p>\n<p>Detecci\u00f3n de incendio<br \/>\nEn circulaciones y Pisos de Oficina y Sectores Comunes se dispondr\u00e1 de una instalaci\u00f3n de detectores \u00f3pticos de humo, pulsadores, y alarmas ac\u00fasticas. En Data Center, y dem\u00e1s sectores que requieran detecci\u00f3n temprana, se complementar\u00e1 el sistema con detectores por aspiraci\u00f3n de humo. Tanto la central de Incendio como todos sus componentes de detecci\u00f3n ser\u00e1n auto monitoreables, por lo que dar\u00e1n aviso en caso de mal funcionamiento de alguno de ellos o ante la interrupci\u00f3n de alg\u00fan cableado.<\/p>\n<p>Equipotencializaci\u00f3n<br \/>\nSe aplicara el criterio de puesta a tierra de todo el edificio, por intermedio de la estructura d\u00e1ndole una estructura de caja o jaula de Faraday, para proteger tanto los equipos inform\u00e1ticos, como a los usuarios.<\/p>\n<p>Iluminaci\u00f3n<br \/>\nEl control del sistema inteligente permite controlar la iluminaci\u00f3n externa, interna, funcionamiento de ascensores y m\u00e1quinas, etc., pudiendo conectar \/ desconectar, manualmente o de acuerdo a un software los distintos sectores. A si mismo es posible ver (y registrar) en tiempo real el consumo total o parcial del edificio.<\/p>\n<p><strong>Instalaciones sanitarias<\/strong><br \/>\nLa instalaci\u00f3n se proyecta acorde a la Normativa Vigente, de acuerdo a lo solicitado en las normas y gr\u00e1ficos de Instalaciones Sanitarias Domiciliarias e industriales de la ex Obras Sanitarias de la Naci\u00f3n en su defecto por ABSA. Responde a dos premisas, tener el mejor servicio con un impacto m\u00ednimo en el sitio de implantaci\u00f3n y de ser posible, presentar una mejora, debido a, por ejemplo, el tanque retardador.<\/p>\n<p><strong>Reciclado de aguas<br \/>\n<\/strong>Debido a que las redes de agua y cloacas de la Ciudad de La Plata, se encuentran colapsadas, esta nueva implantaci\u00f3n en la trama urbana tendr\u00e1 un efecto m\u00ednimo debido a una reducci\u00f3n del 30% en cuanto al consumo de agua y una cantidad similar respecto a la reducci\u00f3n del aporte a la red cloacal. Esto es as\u00ed, porque se plantea la separaci\u00f3n de la red interna cloacal, en aguas grises y negras. Grises si provienen de bachas, piletas o la descarga de los aires acondicionados y negras seg\u00fan provengan de inodoros, bidets y mingitorios. Al agua gris se la filtra, se la esteriliza y luego vuelve al sistema para la limpieza de inodoros y mingitorios.<\/p>\n<p><strong>Aguas de lluvia<br \/>\n<\/strong>La instalaci\u00f3n se proyecta de acuerdo a la normativa vigente y conforme a lo solicitado en la Normas y Gr\u00e1ficos de Instalaciones Sanitarias Domiciliarias e Industriales de la ex Obras Sanitarias de la Naci\u00f3n en su defecto por ABSA. El r\u00e9gimen de lluvias para el c\u00e1lculo hidr\u00e1ulico se determina en 150mm\/hora par\u00e1metros que garantizan el r\u00e1pido escurrimiento de las aguas de lluvia. Todas las cubiertas, terrazas, balcones y patios que se encuentran por sobre el nivel de la Plata Baja concurrir\u00e1n al cord\u00f3n vereda y de all\u00ed a los sumideros de la red p\u00fablica de desag\u00fces. Las \u00e1reas bajo nivel de vereda que pudiesen recibir aguas de lluvia, ser\u00e1n conducidas a pozos de bombeo pluvial, y de ah\u00ed bombeadas al cord\u00f3n vereda. Las aguas de lluvias recibidas y colectadas por la superficie de la terraza del edificio, ser\u00e1n conducidas por ca\u00f1er\u00edas de CLL hacia un reservorio ubicado en el \u00e1rea de los subsuelos y dise\u00f1ado a tal efecto, con el prop\u00f3sito de poder ser reutilizada (lavado de veredas, \u00e1reas de cocheras, etc) , garantizando en parte la disminuci\u00f3n del consumo, la reutilizaci\u00f3n del recurso y el manejo eficiente orientado al lineamiento y cumplimiento de las normativas y est\u00e1ndares vigentes. Los materiales en general son de ca\u00f1er\u00edas met\u00e1licas y accesorios de hierro fundido, con juntas elastom\u00e9rica de acero inoxidable y banda de neoprene. Se plantea el uso del agua de lluvia por tres motivos. Primeramente ofrecer a la ciudad un efectivo retardador a la hora de recibir una precipitaci\u00f3n pluvial. La segunda funci\u00f3n es la de servir para el riego de las \u00e1reas verdes. Y la tercera funci\u00f3n es la de completar los niveles de reserva para la limpieza de inodoros. Una vez completadas todas las reservas posibles, se enviar\u00edan los excesos a la v\u00eda p\u00fablica.<\/p>\n<p><strong>Sistema cloacas y pluvial<br \/>\n<\/strong>Se proyectan los desag\u00fces cloacales conforme a la normativa vigente en la Ciudad La Plata. Las instalaciones cloacales se proyectan con el sistema americano, utilizando un solo ca\u00f1o de descarga vertical donde concurren los desag\u00fces primarios (desechos cloacales) y los desag\u00fces secundarios (aguas jabonosas) el sif\u00f3n \u00f3 cierre hidr\u00e1ulico garantiza la estanqueidad de la instalaci\u00f3n. Las descargas producidas por los grupos sanitarios que se encuentren bajo el nivel de la Planta Baja ser\u00e1n conducidas a pozos de bombeo cloacal y con ubicaci\u00f3n para tal efecto. Cada n\u00facleo sanitario contar\u00e1 con plenos para los montantes, alimentaciones y COVE.<\/p>\n<p>Los materiales en general son ca\u00f1er\u00edas met\u00e1licas y accesorios de hierro fundido, con juntas elastom\u00e9ricas de acero inoxidable y banda de neoprene, para los desag\u00fces cloacales primarios y de ca\u00f1er\u00edas de lat\u00f3n para los desag\u00fces secundarios. Materiales Tubos tricapa para mayor resistencia axial, con acabado interno en polipropileno blanco para poder ver las obstrucciones, capa exterior de polipropileno color ocre seg\u00fan norma y capa intermedia de polipropileno aditivado para mayor resistencia y fonoabsorvencia. Accesorios monocapa con piletas de patio perforadas de f\u00e1brica para evitar roturas en obra. O&#8217;ring doble labio de neoprene sint\u00e9tico. Sistema debe cumplir IRAM 13476 1 y 2. Fabricante debe ofrecer servicio de instrucci\u00f3n previa a la iniciaci\u00f3n de la obra y supervisar las pruebas hidr\u00e1ulicas respectivas.<\/p>\n<p><strong>Sistema de provisi\u00f3n de agua<br \/>\n<\/strong>La ubicaci\u00f3n donde se proyecta el edificio cuenta con una red p\u00fablica de agua potable, desde donde se realizar\u00e1n las conexiones a los efectos del correcto abastecimiento y funcionamiento del mismo. Se contempla la colocaci\u00f3n de un tanque cisterna con su correspondiente equipo de bombeo a nivel del 4\u00ba Subsuelo, y un tanque de reserva para uso sanitario y reserva de incendio en el nivel superior de la terraza del edificio. La provisi\u00f3n de agua se realizar\u00e1 por diferentes bajadas de distribuci\u00f3n que alimentar\u00e1n a todos los niveles del edificio a trav\u00e9s de montantes \u00f3 plenos, conforme a los requerimientos espec\u00edficos para cada \u00e1rea.<\/p>\n<p>Todos los grupos sanitarios contar\u00e1n con grifer\u00edas del tipo corte autom\u00e1tico (v\u00e1lvulas de inodoro y tipo press-matic para lavatorios y mingitorios) reduciendo de forma considerable el consumo de agua. Los materiales para la distribuci\u00f3n de agua son de ca\u00f1er\u00edas met\u00e1licas de lat\u00f3n (Hidrobronz) y de acero inoxidable para los colectores y montantes.<\/p>\n<p>Materiales. Tubos y conexiones fabricados en polipropileno copol\u00edmero Random Tipo 3 color verde. Debe responder en cuanto a dimensi\u00f3n y calidad, a la norma IRAM 13470. No se admiten reciclados en el compuesto de tubos y accesorios, superando en esto a IRAM 13470. Fabricante debe ofrecer servicio de instrucci\u00f3n previa a la iniciaci\u00f3n de la obra y supervisar las pruebas hidr\u00e1ulicas respectivas.<\/p>\n<p><strong>Instalaci\u00f3n de agua caliente<\/strong><br \/>\nSe proyecta un servicio de agua caliente para abastecer los vestuarios generales. El sistema estar\u00e1 abastecido por termotanques de alta recuperaci\u00f3n de funcionamiento el\u00e9ctrico. Los servicios sanitarios privados, sala de primeros auxilios y el sal\u00f3n comedor\/cafeter\u00eda, se resolver\u00e1n puntualmente con termotanques el\u00e9ctricos de capacidad adecuada y exclusivos para cada sector. Para los dem\u00e1s grupos sanitarios y de p\u00fablico en general no se contempla el suministro de agua caliente. Los materiales para la distribuci\u00f3n de agua son de ca\u00f1er\u00edas met\u00e1licas de lat\u00f3n (Hidrobronz) y de acero inoxidable para los colectores y montantes.<\/p>\n<p><strong>Instalaci\u00f3n contra incendio<\/strong><br \/>\nEn funci\u00f3n de las caracter\u00edsticas de uso y los requerimientos del edificio, el proyecto contempla el cumplimiento de la normativa de aplicaci\u00f3n a nivel internacional: NFPA, National Fire Protection Association, para las normas NFPA 14 de Hidrantes, NFPA 13 de Rociadores y NFPA 20 de sala de bombas. La aplicaci\u00f3n de \u00e9ste campo normativo incluye los requerimientos establecidos por el C\u00f3digo de Edificaci\u00f3n de la Ciudad de La Plata y por los organismos y entes nacionales con jurisdicci\u00f3n sobre \u00e9sta instalaci\u00f3n. El tanque de reserva de incendio se encuentra formando parte de un tanque mixto conjunto con la reserva de agua sanitaria. El mismo se ubica en el nivel superior del edificio sobre el nivel de la terraza. El sistema de extinci\u00f3n de incendio por agua, funcionar\u00e1 en forma presurizada con un equipo de electrobombas centr\u00edfugas y una bomba jockey, brindando el total del caudal requerido a la presi\u00f3n necesaria. Estas bombas se alojar\u00e1n en una sala a tal efecto en un lugar contiguo al tanque de reserva de incendio.<\/p>\n<p>Sistemas de Hidrantes<br \/>\nEl edificio estar\u00e1 protegido por un sistema de extinci\u00f3n manual compuesto por puntos fijos (hidrantes) de 45mm. Los mismos se alojar\u00e1n en gabinetes reglamentarios, en espacios comunes y de f\u00e1cil acceso a los mismos. Desde el sistema de bombas se alimentar\u00e1 a partir de una montante principal desde donde se conectar\u00e1n y abastecer\u00e1 el suministro de agua en todos los pisos. Se contempla la instalaci\u00f3n de boca de impulsi\u00f3n\/expulsi\u00f3n en la Planta Baja sobre la L\u00ednea obligatoria. Se conectar\u00e1 directamente al alimentador principal en la sala de bombas. La presi\u00f3n m\u00e1xima de trabajo de los hidrantes, no supera lo establecido en la normativa aplicada. Se contempla la colocaci\u00f3n de estaciones reductoras de presi\u00f3n para controlar el suministro en los niveles m\u00e1s desfavorables respecto a la presi\u00f3n de trabajo.<\/p>\n<p>Sistema de Rociadores<br \/>\nSe considera la colocaci\u00f3n de rociadores (sprinklers) en todas las \u00e1reas cubiertas del edificio. Se ubicar\u00e1n centrales de alarma por sectores, y un sistema de comando centralizado de detecci\u00f3n y alarma para todo el edificio. Se distribuyen montantes comunes y se plantean distribuciones en forma telesc\u00f3pica, conforme a las condicionantes del proyecto, en funci\u00f3n de optimizar los tendidos y evitar las p\u00e9rdidas de carga.<\/p>\n<p>En diferentes sectores del edificio se han proyectado sistemas especiales de extinci\u00f3n: sistema \u00abPre-Action\u00bb (de acci\u00f3n previa), y sistema de extinci\u00f3n por gases especiales (FM 200),y bater\u00eda de CO2, (Archivo , sala de maquinas de ascensores, salas de computaci\u00f3n, sala de tableros el\u00e9ctricos). Sistema de Extintores port\u00e1tiles: Se complementan con el resto de los sistemas de extinci\u00f3n mencionados. La colocaci\u00f3n de Extintores Manuales (matafuegos), contar\u00e1n con el sello de calidad IRAM y su correspondiente certificaci\u00f3n y cumplir\u00e1n con las ordenanzas del Gobierno de la Ciudad de La Plata. Los extintores ser\u00e1n distribu\u00eddos a los efectos de no recorrer m\u00e1s de 15m ellos y que la superficie a cubrir por cada uno de ellos no sea mayor de 200 m2.<\/p>\n<p>Materiales. En la instalaci\u00f3n de Hidrantes y Rociadores se contempla la utilizaci\u00f3n de ca\u00f1er\u00eda de hierro negro soldado \u00f3 con juntas del tipo \u00abvitaulic\u00bb con accesorios y ca\u00f1os ranurados.<\/p>\n<p><strong>Seguridad e higiene<\/strong><br \/>\nLas escaleras principales del edificio ser\u00e1n practicables y estar\u00e1n provistas de pasamanos, siendo parte integrante de la misma los rellenos o descansos. La escalera principal posee un f\u00e1cil y franco acceso a trav\u00e9s de los espacios comunes de paso p\u00fablicos y\/o privados (hall- vest\u00edbulos) que posee cada piso La escalera cuya comunicaci\u00f3n ser\u00e1 hacia la v\u00eda p\u00fablica, tiene una continuaci\u00f3n directa a trav\u00e9s de los pisos a los cuales sirve, quedando interrumpida por un cambio de direcci\u00f3n en los pisos correspondientes a los subsuelo. La escalera se dise\u00f1\u00f3 en material incombustible y contenido entre muros resistente al fuego acorde con el mayor riesgo y la mayor carga de fuego que pueda contener el edificio. El acceso de la caja ser\u00e1 a trav\u00e9s de puertas de doble contacto con una resistencia al fuego de igual rango que el de los muros de la misma. Las puertas se dise\u00f1aron en el sentido de la evacuaci\u00f3n sin invadir el ancho de paso. Los tramos rectos de las escaleras no superan las 21 alzadas corridas, entre descansos o rellenos, respet\u00e1ndose las medidas reglamentarias tanto en los anchos libres como en lo referente a las alzadas y pedadas. Poseen pasamanos en todo su trayecto con una altura de 0.95 m y con una separaci\u00f3n del paramento de 0.04m que se mantiene en forma continua en sus puntos para que se pueda asir el pasamanos. Asimismo posee las prolongaciones reglamentarias en los ingresos y egresos de cada uno de los tramos. Se ha tenido en cuenta en el dise\u00f1o del edificio y para cada planta, medios secundarios de evacuaci\u00f3n comprendidos por rampas y escaleras secundarias. Los puntos m\u00e1s distantes de cada planta en relaci\u00f3n a las cajas de escaleras no superan los 40 m de distancia de libre trayectoria, y en el caso de los subsuelos los 20 m. Los medios de escape horizontales y verticales contar\u00e1n con se\u00f1alizaci\u00f3n e iluminaci\u00f3n de emergencia. Cada piso del edificio contar\u00e1 con un plano de ubicaci\u00f3n para facilitar la evacuaci\u00f3n. Cada sector del edificio contar\u00e1 con los respectivos medios de extinci\u00f3n para el fuego (matafuegos y nichos de hidrantes). Las superficies de halles de acceso, medidas de ancho de puertas y circulaciones fueron dise\u00f1adas en base a la capacidad de poblaci\u00f3n.<\/p>\n<p><strong>Ficha tecnica<\/strong><br \/>\nNombre: Proyecto para Edificio Anexo del Ministerio de Economia (EAE) de la Provincia de Buenos Aires<br \/>\nUbicacion: La Plata, Pcia. de Buenos Aires, Argentina<br \/>\nAutores: Arq. Ricardo Ripari<br \/>\nAsociados: Arq. Sebastian Cerri, Arq. Juan Manuel Prieto, Arq. Clara Focaccia<br \/>\nEquipo de proyecto: Arq. Ruben Porterie, Arq. Agust\u00edn Lanfrit<br \/>\nColaboradores: Arq. Ligia Caceres, Srta. Luna Mass\u00e9, Srta. Lara Fridman, Sr. Juan Andres Mallol, Sr. Bernardo Diaz<br \/>\nAsesores: Estructura Ing. Gustavo Delledonne, Termomecanica Estudio Blasco Diez, Instalaciones complementarias Arq. Guillermo Gil<br \/>\nConcurso: Concurso Provincial de Anteproyectos para el Edificio Anexo del Ministerio de Economia (EAE) de la Provincia de Buenos Aires<br \/>\nPremio obtenido: 2\u00ba Premio<br \/>\nSuperficie cubierta proyectada aproximada: 6000 m2<br \/>\nA\u00f1o: 2015<\/p>\n<p><strong>Contacto<\/strong><br \/>\n<a href=\"http:\/\/www.estudioripari.com.ar\" target=\"_blank\">http:\/\/www.estudioripari.com.ar<\/a><\/p>\n\n<div style=\"font-size: 0px; height: 0px; line-height: 0px; margin: 0; padding: 0; clear: both;\"><\/div><div style=\"margin-top: 0px; margin-bottom: 0px;\" class=\"sharethis-inline-share-buttons\" ><\/div>","protected":false},"excerpt":{"rendered":"<p>El proyecto aplica criterios de sustentabilidad y obtuvo el 2\u00ba Premio en Concurso Provincial&#8230;<\/p>\n","protected":false},"author":1,"featured_media":19989,"comment_status":"closed","ping_status":"closed","sticky":false,"template":"","format":"standard","meta":{"_uag_custom_page_level_css":"","footnotes":""},"categories":[3767,1,81],"tags":[839,44,851,3779,303,100,102,3778,317],"class_list":["post-19988","post","type-post","status-publish","format-standard","has-post-thumbnail","hentry","category-arquitectura-institucional","category-proyecto","category-proyectos-concursos","tag-arquitectura-bioclimatica","tag-arquitectura-sustentable","tag-diseno-bioclimatico","tag-estudio-ripari","tag-la-plata","tag-proyectos-para-concursos","tag-resultados-de-concursos","tag-ricardo-ripari","tag-sustentable","generate-columns","tablet-grid-50","mobile-grid-100","grid-parent","grid-50"],"yoast_head":"<!-- This site is optimized with the Yoast SEO plugin v27.3 - https:\/\/yoast.com\/product\/yoast-seo-wordpress\/ -->\n<title>Proyecto para Edificio Anexo del Ministerio de Economia (EAE) \/ Estudio Ripari - Arquimaster<\/title>\n<meta name=\"robots\" content=\"index, follow, max-snippet:-1, max-image-preview:large, max-video-preview:-1\" \/>\n<link rel=\"canonical\" href=\"https:\/\/www.arquimaster.com.ar\/web\/proyecto-para-edificio-anexo-del-ministerio-de-economia-eae-estudio-ripari\/\" \/>\n<meta property=\"og:locale\" content=\"es_ES\" \/>\n<meta property=\"og:type\" content=\"article\" \/>\n<meta property=\"og:title\" content=\"Proyecto para Edificio Anexo del Ministerio de Economia (EAE) \/ Estudio Ripari - Arquimaster\" \/>\n<meta property=\"og:description\" content=\"El proyecto aplica criterios de sustentabilidad y obtuvo el 2\u00ba Premio en Concurso Provincial...\" \/>\n<meta property=\"og:url\" content=\"https:\/\/www.arquimaster.com.ar\/web\/proyecto-para-edificio-anexo-del-ministerio-de-economia-eae-estudio-ripari\/\" \/>\n<meta property=\"og:site_name\" content=\"Arquimaster\" \/>\n<meta property=\"article:publisher\" content=\"http:\/\/www.facebook.com\/ARQUIMASTER.com.ar\" \/>\n<meta property=\"article:published_time\" content=\"2016-04-05T02:37:22+00:00\" \/>\n<meta property=\"article:modified_time\" content=\"2016-04-08T03:02:22+00:00\" \/>\n<meta property=\"og:image\" content=\"https:\/\/www.arquimaster.com.ar\/web\/wp-content\/uploads\/2016\/04\/proyecto_eae_slide.jpg\" \/>\n\t<meta property=\"og:image:width\" content=\"642\" \/>\n\t<meta property=\"og:image:height\" content=\"336\" \/>\n\t<meta property=\"og:image:type\" content=\"image\/jpeg\" \/>\n<meta name=\"author\" content=\"Arquimaster\" \/>\n<meta name=\"twitter:card\" content=\"summary_large_image\" \/>\n<meta name=\"twitter:creator\" content=\"@arquimaster\" \/>\n<meta name=\"twitter:site\" content=\"@arquimaster\" \/>\n<meta name=\"twitter:label1\" content=\"Escrito por\" \/>\n\t<meta name=\"twitter:data1\" content=\"Arquimaster\" \/>\n\t<meta name=\"twitter:label2\" content=\"Tiempo de lectura\" \/>\n\t<meta name=\"twitter:data2\" content=\"23 minutos\" \/>\n<script type=\"application\/ld+json\" class=\"yoast-schema-graph\">{\"@context\":\"https:\\\/\\\/schema.org\",\"@graph\":[{\"@type\":\"Article\",\"@id\":\"https:\\\/\\\/www.arquimaster.com.ar\\\/web\\\/proyecto-para-edificio-anexo-del-ministerio-de-economia-eae-estudio-ripari\\\/#article\",\"isPartOf\":{\"@id\":\"https:\\\/\\\/www.arquimaster.com.ar\\\/web\\\/proyecto-para-edificio-anexo-del-ministerio-de-economia-eae-estudio-ripari\\\/\"},\"author\":{\"name\":\"Arquimaster\",\"@id\":\"https:\\\/\\\/www.arquimaster.com.ar\\\/web\\\/#\\\/schema\\\/person\\\/359e9f7c00193fcde068e0dd2ceb0028\"},\"headline\":\"Proyecto para Edificio Anexo del Ministerio de Economia (EAE) \\\/ Estudio Ripari\",\"datePublished\":\"2016-04-05T02:37:22+00:00\",\"dateModified\":\"2016-04-08T03:02:22+00:00\",\"mainEntityOfPage\":{\"@id\":\"https:\\\/\\\/www.arquimaster.com.ar\\\/web\\\/proyecto-para-edificio-anexo-del-ministerio-de-economia-eae-estudio-ripari\\\/\"},\"wordCount\":4593,\"publisher\":{\"@id\":\"https:\\\/\\\/www.arquimaster.com.ar\\\/web\\\/#organization\"},\"image\":{\"@id\":\"https:\\\/\\\/www.arquimaster.com.ar\\\/web\\\/proyecto-para-edificio-anexo-del-ministerio-de-economia-eae-estudio-ripari\\\/#primaryimage\"},\"thumbnailUrl\":\"https:\\\/\\\/www.arquimaster.com.ar\\\/web\\\/wp-content\\\/uploads\\\/2016\\\/04\\\/proyecto_eae_slide.jpg\",\"keywords\":[\"arquitectura bioclimatica\",\"arquitectura sustentable\",\"dise\u00f1o bioclim\u00e1tico\",\"Estudio Ripari\",\"La Plata\",\"proyectos para concursos\",\"resultados de concursos\",\"Ricardo Ripari\",\"sustentable\"],\"articleSection\":[\"Arquitectura institucional\",\"Proyecto\",\"Proyectos para Concursos\"],\"inLanguage\":\"es\"},{\"@type\":\"WebPage\",\"@id\":\"https:\\\/\\\/www.arquimaster.com.ar\\\/web\\\/proyecto-para-edificio-anexo-del-ministerio-de-economia-eae-estudio-ripari\\\/\",\"url\":\"https:\\\/\\\/www.arquimaster.com.ar\\\/web\\\/proyecto-para-edificio-anexo-del-ministerio-de-economia-eae-estudio-ripari\\\/\",\"name\":\"Proyecto para Edificio Anexo del Ministerio de Economia (EAE) \\\/ Estudio Ripari - Arquimaster\",\"isPartOf\":{\"@id\":\"https:\\\/\\\/www.arquimaster.com.ar\\\/web\\\/#website\"},\"primaryImageOfPage\":{\"@id\":\"https:\\\/\\\/www.arquimaster.com.ar\\\/web\\\/proyecto-para-edificio-anexo-del-ministerio-de-economia-eae-estudio-ripari\\\/#primaryimage\"},\"image\":{\"@id\":\"https:\\\/\\\/www.arquimaster.com.ar\\\/web\\\/proyecto-para-edificio-anexo-del-ministerio-de-economia-eae-estudio-ripari\\\/#primaryimage\"},\"thumbnailUrl\":\"https:\\\/\\\/www.arquimaster.com.ar\\\/web\\\/wp-content\\\/uploads\\\/2016\\\/04\\\/proyecto_eae_slide.jpg\",\"datePublished\":\"2016-04-05T02:37:22+00:00\",\"dateModified\":\"2016-04-08T03:02:22+00:00\",\"breadcrumb\":{\"@id\":\"https:\\\/\\\/www.arquimaster.com.ar\\\/web\\\/proyecto-para-edificio-anexo-del-ministerio-de-economia-eae-estudio-ripari\\\/#breadcrumb\"},\"inLanguage\":\"es\",\"potentialAction\":[{\"@type\":\"ReadAction\",\"target\":[\"https:\\\/\\\/www.arquimaster.com.ar\\\/web\\\/proyecto-para-edificio-anexo-del-ministerio-de-economia-eae-estudio-ripari\\\/\"]}]},{\"@type\":\"ImageObject\",\"inLanguage\":\"es\",\"@id\":\"https:\\\/\\\/www.arquimaster.com.ar\\\/web\\\/proyecto-para-edificio-anexo-del-ministerio-de-economia-eae-estudio-ripari\\\/#primaryimage\",\"url\":\"https:\\\/\\\/www.arquimaster.com.ar\\\/web\\\/wp-content\\\/uploads\\\/2016\\\/04\\\/proyecto_eae_slide.jpg\",\"contentUrl\":\"https:\\\/\\\/www.arquimaster.com.ar\\\/web\\\/wp-content\\\/uploads\\\/2016\\\/04\\\/proyecto_eae_slide.jpg\",\"width\":642,\"height\":336},{\"@type\":\"BreadcrumbList\",\"@id\":\"https:\\\/\\\/www.arquimaster.com.ar\\\/web\\\/proyecto-para-edificio-anexo-del-ministerio-de-economia-eae-estudio-ripari\\\/#breadcrumb\",\"itemListElement\":[{\"@type\":\"ListItem\",\"position\":1,\"name\":\"Portada\",\"item\":\"https:\\\/\\\/www.arquimaster.com.ar\\\/web\\\/\"},{\"@type\":\"ListItem\",\"position\":2,\"name\":\"Proyecto para Edificio Anexo del Ministerio de Economia (EAE) \\\/ Estudio Ripari\"}]},{\"@type\":\"WebSite\",\"@id\":\"https:\\\/\\\/www.arquimaster.com.ar\\\/web\\\/#website\",\"url\":\"https:\\\/\\\/www.arquimaster.com.ar\\\/web\\\/\",\"name\":\"Arquimaster\",\"description\":\"Web de arquitectura, dise\u00f1o y construccion\",\"publisher\":{\"@id\":\"https:\\\/\\\/www.arquimaster.com.ar\\\/web\\\/#organization\"},\"potentialAction\":[{\"@type\":\"SearchAction\",\"target\":{\"@type\":\"EntryPoint\",\"urlTemplate\":\"https:\\\/\\\/www.arquimaster.com.ar\\\/web\\\/?s={search_term_string}\"},\"query-input\":{\"@type\":\"PropertyValueSpecification\",\"valueRequired\":true,\"valueName\":\"search_term_string\"}}],\"inLanguage\":\"es\"},{\"@type\":\"Organization\",\"@id\":\"https:\\\/\\\/www.arquimaster.com.ar\\\/web\\\/#organization\",\"name\":\"Arquimaster\",\"url\":\"https:\\\/\\\/www.arquimaster.com.ar\\\/web\\\/\",\"logo\":{\"@type\":\"ImageObject\",\"inLanguage\":\"es\",\"@id\":\"https:\\\/\\\/www.arquimaster.com.ar\\\/web\\\/#\\\/schema\\\/logo\\\/image\\\/\",\"url\":\"https:\\\/\\\/www.arquimaster.com.ar\\\/web\\\/wp-content\\\/uploads\\\/2022\\\/06\\\/arquimaster.png\",\"contentUrl\":\"https:\\\/\\\/www.arquimaster.com.ar\\\/web\\\/wp-content\\\/uploads\\\/2022\\\/06\\\/arquimaster.png\",\"width\":594,\"height\":78,\"caption\":\"Arquimaster\"},\"image\":{\"@id\":\"https:\\\/\\\/www.arquimaster.com.ar\\\/web\\\/#\\\/schema\\\/logo\\\/image\\\/\"},\"sameAs\":[\"http:\\\/\\\/www.facebook.com\\\/ARQUIMASTER.com.ar\",\"https:\\\/\\\/x.com\\\/arquimaster\",\"https:\\\/\\\/www.instagram.com\\\/arquimasterblog\\\/\",\"https:\\\/\\\/www.linkedin.com\\\/company\\\/arquimaster\",\"https:\\\/\\\/www.pinterest.com\\\/arquimaster\",\"https:\\\/\\\/t.me\\\/arquimaster\"]},{\"@type\":\"Person\",\"@id\":\"https:\\\/\\\/www.arquimaster.com.ar\\\/web\\\/#\\\/schema\\\/person\\\/359e9f7c00193fcde068e0dd2ceb0028\",\"name\":\"Arquimaster\"}]}<\/script>\n<!-- \/ Yoast SEO plugin. -->","yoast_head_json":{"title":"Proyecto para Edificio Anexo del Ministerio de Economia (EAE) \/ Estudio Ripari - Arquimaster","robots":{"index":"index","follow":"follow","max-snippet":"max-snippet:-1","max-image-preview":"max-image-preview:large","max-video-preview":"max-video-preview:-1"},"canonical":"https:\/\/www.arquimaster.com.ar\/web\/proyecto-para-edificio-anexo-del-ministerio-de-economia-eae-estudio-ripari\/","og_locale":"es_ES","og_type":"article","og_title":"Proyecto para Edificio Anexo del Ministerio de Economia (EAE) \/ Estudio Ripari - Arquimaster","og_description":"El proyecto aplica criterios de sustentabilidad y obtuvo el 2\u00ba Premio en Concurso Provincial...","og_url":"https:\/\/www.arquimaster.com.ar\/web\/proyecto-para-edificio-anexo-del-ministerio-de-economia-eae-estudio-ripari\/","og_site_name":"Arquimaster","article_publisher":"http:\/\/www.facebook.com\/ARQUIMASTER.com.ar","article_published_time":"2016-04-05T02:37:22+00:00","article_modified_time":"2016-04-08T03:02:22+00:00","og_image":[{"width":642,"height":336,"url":"https:\/\/www.arquimaster.com.ar\/web\/wp-content\/uploads\/2016\/04\/proyecto_eae_slide.jpg","type":"image\/jpeg"}],"author":"Arquimaster","twitter_card":"summary_large_image","twitter_creator":"@arquimaster","twitter_site":"@arquimaster","twitter_misc":{"Escrito por":"Arquimaster","Tiempo de lectura":"23 minutos"},"schema":{"@context":"https:\/\/schema.org","@graph":[{"@type":"Article","@id":"https:\/\/www.arquimaster.com.ar\/web\/proyecto-para-edificio-anexo-del-ministerio-de-economia-eae-estudio-ripari\/#article","isPartOf":{"@id":"https:\/\/www.arquimaster.com.ar\/web\/proyecto-para-edificio-anexo-del-ministerio-de-economia-eae-estudio-ripari\/"},"author":{"name":"Arquimaster","@id":"https:\/\/www.arquimaster.com.ar\/web\/#\/schema\/person\/359e9f7c00193fcde068e0dd2ceb0028"},"headline":"Proyecto para Edificio Anexo del Ministerio de Economia (EAE) \/ Estudio Ripari","datePublished":"2016-04-05T02:37:22+00:00","dateModified":"2016-04-08T03:02:22+00:00","mainEntityOfPage":{"@id":"https:\/\/www.arquimaster.com.ar\/web\/proyecto-para-edificio-anexo-del-ministerio-de-economia-eae-estudio-ripari\/"},"wordCount":4593,"publisher":{"@id":"https:\/\/www.arquimaster.com.ar\/web\/#organization"},"image":{"@id":"https:\/\/www.arquimaster.com.ar\/web\/proyecto-para-edificio-anexo-del-ministerio-de-economia-eae-estudio-ripari\/#primaryimage"},"thumbnailUrl":"https:\/\/www.arquimaster.com.ar\/web\/wp-content\/uploads\/2016\/04\/proyecto_eae_slide.jpg","keywords":["arquitectura bioclimatica","arquitectura sustentable","dise\u00f1o bioclim\u00e1tico","Estudio Ripari","La Plata","proyectos para concursos","resultados de concursos","Ricardo Ripari","sustentable"],"articleSection":["Arquitectura institucional","Proyecto","Proyectos para Concursos"],"inLanguage":"es"},{"@type":"WebPage","@id":"https:\/\/www.arquimaster.com.ar\/web\/proyecto-para-edificio-anexo-del-ministerio-de-economia-eae-estudio-ripari\/","url":"https:\/\/www.arquimaster.com.ar\/web\/proyecto-para-edificio-anexo-del-ministerio-de-economia-eae-estudio-ripari\/","name":"Proyecto para Edificio Anexo del Ministerio de Economia (EAE) \/ Estudio Ripari - Arquimaster","isPartOf":{"@id":"https:\/\/www.arquimaster.com.ar\/web\/#website"},"primaryImageOfPage":{"@id":"https:\/\/www.arquimaster.com.ar\/web\/proyecto-para-edificio-anexo-del-ministerio-de-economia-eae-estudio-ripari\/#primaryimage"},"image":{"@id":"https:\/\/www.arquimaster.com.ar\/web\/proyecto-para-edificio-anexo-del-ministerio-de-economia-eae-estudio-ripari\/#primaryimage"},"thumbnailUrl":"https:\/\/www.arquimaster.com.ar\/web\/wp-content\/uploads\/2016\/04\/proyecto_eae_slide.jpg","datePublished":"2016-04-05T02:37:22+00:00","dateModified":"2016-04-08T03:02:22+00:00","breadcrumb":{"@id":"https:\/\/www.arquimaster.com.ar\/web\/proyecto-para-edificio-anexo-del-ministerio-de-economia-eae-estudio-ripari\/#breadcrumb"},"inLanguage":"es","potentialAction":[{"@type":"ReadAction","target":["https:\/\/www.arquimaster.com.ar\/web\/proyecto-para-edificio-anexo-del-ministerio-de-economia-eae-estudio-ripari\/"]}]},{"@type":"ImageObject","inLanguage":"es","@id":"https:\/\/www.arquimaster.com.ar\/web\/proyecto-para-edificio-anexo-del-ministerio-de-economia-eae-estudio-ripari\/#primaryimage","url":"https:\/\/www.arquimaster.com.ar\/web\/wp-content\/uploads\/2016\/04\/proyecto_eae_slide.jpg","contentUrl":"https:\/\/www.arquimaster.com.ar\/web\/wp-content\/uploads\/2016\/04\/proyecto_eae_slide.jpg","width":642,"height":336},{"@type":"BreadcrumbList","@id":"https:\/\/www.arquimaster.com.ar\/web\/proyecto-para-edificio-anexo-del-ministerio-de-economia-eae-estudio-ripari\/#breadcrumb","itemListElement":[{"@type":"ListItem","position":1,"name":"Portada","item":"https:\/\/www.arquimaster.com.ar\/web\/"},{"@type":"ListItem","position":2,"name":"Proyecto para Edificio Anexo del Ministerio de Economia (EAE) \/ Estudio Ripari"}]},{"@type":"WebSite","@id":"https:\/\/www.arquimaster.com.ar\/web\/#website","url":"https:\/\/www.arquimaster.com.ar\/web\/","name":"Arquimaster","description":"Web de arquitectura, dise\u00f1o y construccion","publisher":{"@id":"https:\/\/www.arquimaster.com.ar\/web\/#organization"},"potentialAction":[{"@type":"SearchAction","target":{"@type":"EntryPoint","urlTemplate":"https:\/\/www.arquimaster.com.ar\/web\/?s={search_term_string}"},"query-input":{"@type":"PropertyValueSpecification","valueRequired":true,"valueName":"search_term_string"}}],"inLanguage":"es"},{"@type":"Organization","@id":"https:\/\/www.arquimaster.com.ar\/web\/#organization","name":"Arquimaster","url":"https:\/\/www.arquimaster.com.ar\/web\/","logo":{"@type":"ImageObject","inLanguage":"es","@id":"https:\/\/www.arquimaster.com.ar\/web\/#\/schema\/logo\/image\/","url":"https:\/\/www.arquimaster.com.ar\/web\/wp-content\/uploads\/2022\/06\/arquimaster.png","contentUrl":"https:\/\/www.arquimaster.com.ar\/web\/wp-content\/uploads\/2022\/06\/arquimaster.png","width":594,"height":78,"caption":"Arquimaster"},"image":{"@id":"https:\/\/www.arquimaster.com.ar\/web\/#\/schema\/logo\/image\/"},"sameAs":["http:\/\/www.facebook.com\/ARQUIMASTER.com.ar","https:\/\/x.com\/arquimaster","https:\/\/www.instagram.com\/arquimasterblog\/","https:\/\/www.linkedin.com\/company\/arquimaster","https:\/\/www.pinterest.com\/arquimaster","https:\/\/t.me\/arquimaster"]},{"@type":"Person","@id":"https:\/\/www.arquimaster.com.ar\/web\/#\/schema\/person\/359e9f7c00193fcde068e0dd2ceb0028","name":"Arquimaster"}]}},"uagb_featured_image_src":{"full":["https:\/\/www.arquimaster.com.ar\/web\/wp-content\/uploads\/2016\/04\/proyecto_eae_slide.jpg",642,336,false],"thumbnail":["https:\/\/www.arquimaster.com.ar\/web\/wp-content\/uploads\/2016\/04\/proyecto_eae_slide-150x150.jpg",150,150,true],"medium":["https:\/\/www.arquimaster.com.ar\/web\/wp-content\/uploads\/2016\/04\/proyecto_eae_slide.jpg",642,336,false],"medium_large":["https:\/\/www.arquimaster.com.ar\/web\/wp-content\/uploads\/2016\/04\/proyecto_eae_slide.jpg",642,336,false],"large":["https:\/\/www.arquimaster.com.ar\/web\/wp-content\/uploads\/2016\/04\/proyecto_eae_slide.jpg",642,336,false],"1536x1536":["https:\/\/www.arquimaster.com.ar\/web\/wp-content\/uploads\/2016\/04\/proyecto_eae_slide.jpg",642,336,false],"2048x2048":["https:\/\/www.arquimaster.com.ar\/web\/wp-content\/uploads\/2016\/04\/proyecto_eae_slide.jpg",642,336,false]},"uagb_author_info":{"display_name":"Arquimaster","author_link":"https:\/\/www.arquimaster.com.ar\/web\/author\/arquimaster\/"},"uagb_comment_info":0,"uagb_excerpt":"El proyecto aplica criterios de sustentabilidad y obtuvo el 2\u00ba Premio en Concurso Provincial...","_links":{"self":[{"href":"https:\/\/www.arquimaster.com.ar\/web\/wp-json\/wp\/v2\/posts\/19988","targetHints":{"allow":["GET"]}}],"collection":[{"href":"https:\/\/www.arquimaster.com.ar\/web\/wp-json\/wp\/v2\/posts"}],"about":[{"href":"https:\/\/www.arquimaster.com.ar\/web\/wp-json\/wp\/v2\/types\/post"}],"author":[{"embeddable":true,"href":"https:\/\/www.arquimaster.com.ar\/web\/wp-json\/wp\/v2\/users\/1"}],"replies":[{"embeddable":true,"href":"https:\/\/www.arquimaster.com.ar\/web\/wp-json\/wp\/v2\/comments?post=19988"}],"version-history":[{"count":0,"href":"https:\/\/www.arquimaster.com.ar\/web\/wp-json\/wp\/v2\/posts\/19988\/revisions"}],"wp:featuredmedia":[{"embeddable":true,"href":"https:\/\/www.arquimaster.com.ar\/web\/wp-json\/wp\/v2\/media\/19989"}],"wp:attachment":[{"href":"https:\/\/www.arquimaster.com.ar\/web\/wp-json\/wp\/v2\/media?parent=19988"}],"wp:term":[{"taxonomy":"category","embeddable":true,"href":"https:\/\/www.arquimaster.com.ar\/web\/wp-json\/wp\/v2\/categories?post=19988"},{"taxonomy":"post_tag","embeddable":true,"href":"https:\/\/www.arquimaster.com.ar\/web\/wp-json\/wp\/v2\/tags?post=19988"}],"curies":[{"name":"wp","href":"https:\/\/api.w.org\/{rel}","templated":true}]}}