{"id":20533,"date":"2016-05-02T19:52:32","date_gmt":"2016-05-02T19:52:32","guid":{"rendered":"http:\/\/www.arquimaster.com.ar\/web\/?p=20533"},"modified":"2016-05-14T19:57:24","modified_gmt":"2016-05-14T19:57:24","slug":"el-proyecto-cocoon-finalista-en-la-beau","status":"publish","type":"post","link":"https:\/\/www.arquimaster.com.ar\/web\/el-proyecto-cocoon-finalista-en-la-beau\/","title":{"rendered":"El proyecto Cocoon finalista en la BEAU"},"content":{"rendered":"<div style=\"margin-top: 0px; margin-bottom: 0px;\" class=\"sharethis-inline-share-buttons\" ><\/div><div class=\"b812932af2e751442846f039925109de\" data-index=\"1\" style=\"float: none; margin:25px 0 25px 0; text-align:center;\">\n<script async src=\"https:\/\/pagead2.googlesyndication.com\/pagead\/js\/adsbygoogle.js\"><\/script>\r\n<!-- Arquimaster (superior) -->\r\n<ins class=\"adsbygoogle\"\r\n     style=\"display:block\"\r\n     data-ad-client=\"ca-pub-6351072698456832\"\r\n     data-ad-slot=\"6455489680\"\r\n     data-ad-format=\"auto\"\r\n     data-full-width-responsive=\"true\"><\/ins>\r\n<script>\r\n     (adsbygoogle = window.adsbygoogle || []).push({});\r\n<\/script>\n<\/div>\n<p><strong>Cocoon by BIGMAT<\/strong>, dise\u00f1ado por el arquitecto y catedr\u00e1tico Jes\u00fas Aparicio, se ha convertido en un punto de referencia en el dise\u00f1o de las tiendas de construcci\u00f3n en Espa\u00f1a. Seleccionado como finalista en la Bienal de Arquitectura y Urbanismo (BEAU), el proyecto busca romper con la monoton\u00eda de las tiendas de cer\u00e1mica habituales, con una imagen de vanguardia compuesta por una imponente estructura de acero negro en contraste con el paisaje habitual de una tienda BIGMAT.<\/p>\n<div id='gallery-1' class='gallery galleryid-20533 gallery-columns-3 gallery-size-thumbnail'><figure class='gallery-item'>\n\t\t\t<div class='gallery-icon landscape'>\n\t\t\t\t<a href='https:\/\/www.arquimaster.com.ar\/web\/wp-content\/uploads\/2016\/05\/cocoon_bigmat1.jpg' title=\"El proyecto Cocoon finalista en la BEAU\" data-rl_title=\"El proyecto Cocoon finalista en la BEAU\" class=\"rl-gallery-link\" data-rl_caption=\"El proyecto Cocoon finalista en la BEAU\" data-rel=\"lightbox-gallery-1\"><img loading=\"lazy\" decoding=\"async\" width=\"150\" height=\"150\" src=\"https:\/\/www.arquimaster.com.ar\/web\/wp-content\/uploads\/2016\/05\/cocoon_bigmat1-150x150.jpg\" class=\"attachment-thumbnail size-thumbnail\" alt=\"\" aria-describedby=\"gallery-1-20535\" srcset=\"https:\/\/www.arquimaster.com.ar\/web\/wp-content\/uploads\/2016\/05\/cocoon_bigmat1-150x150.jpg 150w, https:\/\/www.arquimaster.com.ar\/web\/wp-content\/uploads\/2016\/05\/cocoon_bigmat1-50x50.jpg 50w, https:\/\/www.arquimaster.com.ar\/web\/wp-content\/uploads\/2016\/05\/cocoon_bigmat1-125x125.jpg 125w\" sizes=\"auto, (max-width: 150px) 100vw, 150px\" \/><\/a>\n\t\t\t<\/div>\n\t\t\t\t<figcaption class='wp-caption-text gallery-caption' id='gallery-1-20535'>\n\t\t\t\tEl proyecto Cocoon finalista en la BEAU\n\t\t\t\t<\/figcaption><\/figure><figure class='gallery-item'>\n\t\t\t<div class='gallery-icon landscape'>\n\t\t\t\t<a href='https:\/\/www.arquimaster.com.ar\/web\/wp-content\/uploads\/2016\/05\/cocoon_bigmat2.jpg' title=\"El proyecto Cocoon finalista en la BEAU\" data-rl_title=\"El proyecto Cocoon finalista en la BEAU\" class=\"rl-gallery-link\" data-rl_caption=\"El proyecto Cocoon finalista en la BEAU\" data-rel=\"lightbox-gallery-1\"><img loading=\"lazy\" decoding=\"async\" width=\"150\" height=\"150\" src=\"https:\/\/www.arquimaster.com.ar\/web\/wp-content\/uploads\/2016\/05\/cocoon_bigmat2-150x150.jpg\" class=\"attachment-thumbnail size-thumbnail\" alt=\"\" aria-describedby=\"gallery-1-20536\" srcset=\"https:\/\/www.arquimaster.com.ar\/web\/wp-content\/uploads\/2016\/05\/cocoon_bigmat2-150x150.jpg 150w, https:\/\/www.arquimaster.com.ar\/web\/wp-content\/uploads\/2016\/05\/cocoon_bigmat2-50x50.jpg 50w, https:\/\/www.arquimaster.com.ar\/web\/wp-content\/uploads\/2016\/05\/cocoon_bigmat2-125x125.jpg 125w\" sizes=\"auto, (max-width: 150px) 100vw, 150px\" \/><\/a>\n\t\t\t<\/div>\n\t\t\t\t<figcaption class='wp-caption-text gallery-caption' id='gallery-1-20536'>\n\t\t\t\tEl proyecto Cocoon finalista en la BEAU\n\t\t\t\t<\/figcaption><\/figure><figure class='gallery-item'>\n\t\t\t<div class='gallery-icon landscape'>\n\t\t\t\t<a href='https:\/\/www.arquimaster.com.ar\/web\/wp-content\/uploads\/2016\/05\/cocoon_bigmat3.jpg' title=\"El proyecto Cocoon finalista en la BEAU\" data-rl_title=\"El proyecto Cocoon finalista en la BEAU\" class=\"rl-gallery-link\" data-rl_caption=\"El proyecto Cocoon finalista en la BEAU\" data-rel=\"lightbox-gallery-1\"><img loading=\"lazy\" decoding=\"async\" width=\"150\" height=\"150\" src=\"https:\/\/www.arquimaster.com.ar\/web\/wp-content\/uploads\/2016\/05\/cocoon_bigmat3-150x150.jpg\" class=\"attachment-thumbnail size-thumbnail\" alt=\"\" aria-describedby=\"gallery-1-20537\" srcset=\"https:\/\/www.arquimaster.com.ar\/web\/wp-content\/uploads\/2016\/05\/cocoon_bigmat3-150x150.jpg 150w, https:\/\/www.arquimaster.com.ar\/web\/wp-content\/uploads\/2016\/05\/cocoon_bigmat3-50x50.jpg 50w, https:\/\/www.arquimaster.com.ar\/web\/wp-content\/uploads\/2016\/05\/cocoon_bigmat3-125x125.jpg 125w\" sizes=\"auto, (max-width: 150px) 100vw, 150px\" \/><\/a>\n\t\t\t<\/div>\n\t\t\t\t<figcaption class='wp-caption-text gallery-caption' id='gallery-1-20537'>\n\t\t\t\tEl proyecto Cocoon finalista en la BEAU\n\t\t\t\t<\/figcaption><\/figure><figure class='gallery-item'>\n\t\t\t<div class='gallery-icon landscape'>\n\t\t\t\t<a href='https:\/\/www.arquimaster.com.ar\/web\/wp-content\/uploads\/2016\/05\/cocoon_bigmat4.jpg' title=\"El proyecto Cocoon finalista en la BEAU\" data-rl_title=\"El proyecto Cocoon finalista en la BEAU\" class=\"rl-gallery-link\" data-rl_caption=\"El proyecto Cocoon finalista en la BEAU\" data-rel=\"lightbox-gallery-1\"><img loading=\"lazy\" decoding=\"async\" width=\"150\" height=\"150\" src=\"https:\/\/www.arquimaster.com.ar\/web\/wp-content\/uploads\/2016\/05\/cocoon_bigmat4-150x150.jpg\" class=\"attachment-thumbnail size-thumbnail\" alt=\"\" aria-describedby=\"gallery-1-20538\" srcset=\"https:\/\/www.arquimaster.com.ar\/web\/wp-content\/uploads\/2016\/05\/cocoon_bigmat4-150x150.jpg 150w, https:\/\/www.arquimaster.com.ar\/web\/wp-content\/uploads\/2016\/05\/cocoon_bigmat4-50x50.jpg 50w, https:\/\/www.arquimaster.com.ar\/web\/wp-content\/uploads\/2016\/05\/cocoon_bigmat4-125x125.jpg 125w\" sizes=\"auto, (max-width: 150px) 100vw, 150px\" \/><\/a>\n\t\t\t<\/div>\n\t\t\t\t<figcaption class='wp-caption-text gallery-caption' id='gallery-1-20538'>\n\t\t\t\tEl proyecto Cocoon finalista en la BEAU\n\t\t\t\t<\/figcaption><\/figure><figure class='gallery-item'>\n\t\t\t<div class='gallery-icon portrait'>\n\t\t\t\t<a href='https:\/\/www.arquimaster.com.ar\/web\/wp-content\/uploads\/2016\/05\/cocoon_bigmat5.jpg' title=\"El proyecto Cocoon finalista en la BEAU\" data-rl_title=\"El proyecto Cocoon finalista en la BEAU\" class=\"rl-gallery-link\" data-rl_caption=\"El proyecto Cocoon finalista en la BEAU\" data-rel=\"lightbox-gallery-1\"><img loading=\"lazy\" decoding=\"async\" width=\"150\" height=\"150\" src=\"https:\/\/www.arquimaster.com.ar\/web\/wp-content\/uploads\/2016\/05\/cocoon_bigmat5-150x150.jpg\" class=\"attachment-thumbnail size-thumbnail\" alt=\"\" aria-describedby=\"gallery-1-20539\" srcset=\"https:\/\/www.arquimaster.com.ar\/web\/wp-content\/uploads\/2016\/05\/cocoon_bigmat5-150x150.jpg 150w, https:\/\/www.arquimaster.com.ar\/web\/wp-content\/uploads\/2016\/05\/cocoon_bigmat5-50x50.jpg 50w, https:\/\/www.arquimaster.com.ar\/web\/wp-content\/uploads\/2016\/05\/cocoon_bigmat5-125x125.jpg 125w\" sizes=\"auto, (max-width: 150px) 100vw, 150px\" \/><\/a>\n\t\t\t<\/div>\n\t\t\t\t<figcaption class='wp-caption-text gallery-caption' id='gallery-1-20539'>\n\t\t\t\tEl proyecto Cocoon finalista en la BEAU\n\t\t\t\t<\/figcaption><\/figure>\n\t\t<\/div>\n\n<p>BIGMAT apuesta por la innovaci\u00f3n en cada uno de sus proyectos y con Cocoon el grupo aspira a ser un espacio que se adapta a cada asociado, los metros cuadrados var\u00edan en funci\u00f3n del espacio disponible en cada tienda, pero el concepto de venta sigue siendo el mismo.<\/p>\n<p>El proyecto cuenta, de media, con 200 m2 vers\u00e1tiles y modulares que cambiaran en cada temporada y que tiene capacidad para exponer hasta 500 productos entre los que el cliente podr\u00e1 encontrar desde cer\u00e1micas, sanitarios, mamparas, platos de ducha, muebles de ba\u00f1o, grifer\u00eda; hasta puertas, ventanas, papel pintado y laminados de madera.<\/p>\n<p>En este nuevo proyecto de exposici\u00f3n el producto, y no la marca, toma el testigo y es el verdadero protagonista; con esto BIGMAT busca proporcionar al cliente una imagen minimalista, funcional y l\u00f3gica en un espacio coherente.<\/p>\n<p>La XIII Bienal de Arquitectura y Urbanismo, premian las nuevas ideas, el progreso y las alternativas de nuevos proyectos. El premio naci\u00f3 para ser un motor de reflexi\u00f3n y un incentivo para la creaci\u00f3n de nuevas ideas de arquitectura y urbanismo en Espa\u00f1a. El proyecto Cocoon by BIGMAT, finalista del premio, es un ejemplo de gesti\u00f3n de recursos de alta calidad que representa la nueva arquitectura espa\u00f1ola.<\/p>\n\n<div style=\"font-size: 0px; height: 0px; line-height: 0px; margin: 0; padding: 0; clear: both;\"><\/div><div style=\"margin-top: 0px; margin-bottom: 0px;\" class=\"sharethis-inline-share-buttons\" ><\/div>","protected":false},"excerpt":{"rendered":"<p>El proyecto busca romper con la monoton\u00eda de las tiendas de cer\u00e1mica habituales&#8230;<\/p>\n","protected":false},"author":1,"featured_media":20534,"comment_status":"closed","ping_status":"closed","sticky":false,"template":"","format":"standard","meta":{"_uag_custom_page_level_css":"","footnotes":""},"categories":[70,68],"tags":[1233,3808,3807,3100,3806,3805,400],"class_list":["post-20533","post","type-post","status-publish","format-standard","has-post-thumbnail","hentry","category-noticias-arquitectura","category-novedades","tag-arquitectura-comercial-2","tag-arquitectura-efimera","tag-beau","tag-bigmat","tag-cocoon","tag-jesus-aparicio","tag-stand","generate-columns","tablet-grid-50","mobile-grid-100","grid-parent","grid-50"],"yoast_head":"<!-- This site is optimized with the Yoast SEO plugin v27.3 - https:\/\/yoast.com\/product\/yoast-seo-wordpress\/ -->\n<title>El proyecto Cocoon finalista en la BEAU - Arquimaster<\/title>\n<meta name=\"robots\" content=\"index, follow, max-snippet:-1, max-image-preview:large, max-video-preview:-1\" \/>\n<link rel=\"canonical\" href=\"https:\/\/www.arquimaster.com.ar\/web\/el-proyecto-cocoon-finalista-en-la-beau\/\" \/>\n<meta property=\"og:locale\" content=\"es_ES\" \/>\n<meta property=\"og:type\" content=\"article\" \/>\n<meta property=\"og:title\" content=\"El proyecto Cocoon finalista en la BEAU - Arquimaster\" \/>\n<meta property=\"og:description\" content=\"El proyecto busca romper con la monoton\u00eda de las tiendas de cer\u00e1mica habituales...\" \/>\n<meta property=\"og:url\" content=\"https:\/\/www.arquimaster.com.ar\/web\/el-proyecto-cocoon-finalista-en-la-beau\/\" \/>\n<meta property=\"og:site_name\" content=\"Arquimaster\" \/>\n<meta property=\"article:publisher\" content=\"http:\/\/www.facebook.com\/ARQUIMASTER.com.ar\" \/>\n<meta property=\"article:published_time\" content=\"2016-05-02T19:52:32+00:00\" \/>\n<meta property=\"article:modified_time\" content=\"2016-05-14T19:57:24+00:00\" \/>\n<meta property=\"og:image\" content=\"https:\/\/www.arquimaster.com.ar\/web\/wp-content\/uploads\/2016\/05\/cocoon_bigmat_slide.jpg\" \/>\n\t<meta property=\"og:image:width\" content=\"642\" \/>\n\t<meta property=\"og:image:height\" content=\"336\" \/>\n\t<meta property=\"og:image:type\" content=\"image\/jpeg\" \/>\n<meta name=\"author\" content=\"Arquimaster\" \/>\n<meta name=\"twitter:card\" content=\"summary_large_image\" \/>\n<meta name=\"twitter:creator\" content=\"@arquimaster\" \/>\n<meta name=\"twitter:site\" content=\"@arquimaster\" \/>\n<meta name=\"twitter:label1\" content=\"Escrito por\" \/>\n\t<meta name=\"twitter:data1\" content=\"Arquimaster\" \/>\n\t<meta name=\"twitter:label2\" content=\"Tiempo de lectura\" \/>\n\t<meta name=\"twitter:data2\" content=\"2 minutos\" \/>\n<script type=\"application\/ld+json\" class=\"yoast-schema-graph\">{\"@context\":\"https:\\\/\\\/schema.org\",\"@graph\":[{\"@type\":\"Article\",\"@id\":\"https:\\\/\\\/www.arquimaster.com.ar\\\/web\\\/el-proyecto-cocoon-finalista-en-la-beau\\\/#article\",\"isPartOf\":{\"@id\":\"https:\\\/\\\/www.arquimaster.com.ar\\\/web\\\/el-proyecto-cocoon-finalista-en-la-beau\\\/\"},\"author\":{\"name\":\"Arquimaster\",\"@id\":\"https:\\\/\\\/www.arquimaster.com.ar\\\/web\\\/#\\\/schema\\\/person\\\/359e9f7c00193fcde068e0dd2ceb0028\"},\"headline\":\"El proyecto Cocoon finalista en la BEAU\",\"datePublished\":\"2016-05-02T19:52:32+00:00\",\"dateModified\":\"2016-05-14T19:57:24+00:00\",\"mainEntityOfPage\":{\"@id\":\"https:\\\/\\\/www.arquimaster.com.ar\\\/web\\\/el-proyecto-cocoon-finalista-en-la-beau\\\/\"},\"wordCount\":311,\"publisher\":{\"@id\":\"https:\\\/\\\/www.arquimaster.com.ar\\\/web\\\/#organization\"},\"image\":{\"@id\":\"https:\\\/\\\/www.arquimaster.com.ar\\\/web\\\/el-proyecto-cocoon-finalista-en-la-beau\\\/#primaryimage\"},\"thumbnailUrl\":\"https:\\\/\\\/www.arquimaster.com.ar\\\/web\\\/wp-content\\\/uploads\\\/2016\\\/05\\\/cocoon_bigmat_slide.jpg\",\"keywords\":[\"arquitectura comercial\",\"arquitectura ef\u00edmera\",\"BEAU\",\"BigMat\",\"Cocoon\",\"Jes\u00fas Aparicio\",\"stand\"],\"articleSection\":[\"Noticias de arquitectura y dise\u00f1o\",\"Novedades\"],\"inLanguage\":\"es\"},{\"@type\":\"WebPage\",\"@id\":\"https:\\\/\\\/www.arquimaster.com.ar\\\/web\\\/el-proyecto-cocoon-finalista-en-la-beau\\\/\",\"url\":\"https:\\\/\\\/www.arquimaster.com.ar\\\/web\\\/el-proyecto-cocoon-finalista-en-la-beau\\\/\",\"name\":\"El proyecto Cocoon finalista en la BEAU - Arquimaster\",\"isPartOf\":{\"@id\":\"https:\\\/\\\/www.arquimaster.com.ar\\\/web\\\/#website\"},\"primaryImageOfPage\":{\"@id\":\"https:\\\/\\\/www.arquimaster.com.ar\\\/web\\\/el-proyecto-cocoon-finalista-en-la-beau\\\/#primaryimage\"},\"image\":{\"@id\":\"https:\\\/\\\/www.arquimaster.com.ar\\\/web\\\/el-proyecto-cocoon-finalista-en-la-beau\\\/#primaryimage\"},\"thumbnailUrl\":\"https:\\\/\\\/www.arquimaster.com.ar\\\/web\\\/wp-content\\\/uploads\\\/2016\\\/05\\\/cocoon_bigmat_slide.jpg\",\"datePublished\":\"2016-05-02T19:52:32+00:00\",\"dateModified\":\"2016-05-14T19:57:24+00:00\",\"breadcrumb\":{\"@id\":\"https:\\\/\\\/www.arquimaster.com.ar\\\/web\\\/el-proyecto-cocoon-finalista-en-la-beau\\\/#breadcrumb\"},\"inLanguage\":\"es\",\"potentialAction\":[{\"@type\":\"ReadAction\",\"target\":[\"https:\\\/\\\/www.arquimaster.com.ar\\\/web\\\/el-proyecto-cocoon-finalista-en-la-beau\\\/\"]}]},{\"@type\":\"ImageObject\",\"inLanguage\":\"es\",\"@id\":\"https:\\\/\\\/www.arquimaster.com.ar\\\/web\\\/el-proyecto-cocoon-finalista-en-la-beau\\\/#primaryimage\",\"url\":\"https:\\\/\\\/www.arquimaster.com.ar\\\/web\\\/wp-content\\\/uploads\\\/2016\\\/05\\\/cocoon_bigmat_slide.jpg\",\"contentUrl\":\"https:\\\/\\\/www.arquimaster.com.ar\\\/web\\\/wp-content\\\/uploads\\\/2016\\\/05\\\/cocoon_bigmat_slide.jpg\",\"width\":642,\"height\":336},{\"@type\":\"BreadcrumbList\",\"@id\":\"https:\\\/\\\/www.arquimaster.com.ar\\\/web\\\/el-proyecto-cocoon-finalista-en-la-beau\\\/#breadcrumb\",\"itemListElement\":[{\"@type\":\"ListItem\",\"position\":1,\"name\":\"Portada\",\"item\":\"https:\\\/\\\/www.arquimaster.com.ar\\\/web\\\/\"},{\"@type\":\"ListItem\",\"position\":2,\"name\":\"El proyecto Cocoon finalista en la BEAU\"}]},{\"@type\":\"WebSite\",\"@id\":\"https:\\\/\\\/www.arquimaster.com.ar\\\/web\\\/#website\",\"url\":\"https:\\\/\\\/www.arquimaster.com.ar\\\/web\\\/\",\"name\":\"Arquimaster\",\"description\":\"Web de arquitectura, dise\u00f1o y construccion\",\"publisher\":{\"@id\":\"https:\\\/\\\/www.arquimaster.com.ar\\\/web\\\/#organization\"},\"potentialAction\":[{\"@type\":\"SearchAction\",\"target\":{\"@type\":\"EntryPoint\",\"urlTemplate\":\"https:\\\/\\\/www.arquimaster.com.ar\\\/web\\\/?s={search_term_string}\"},\"query-input\":{\"@type\":\"PropertyValueSpecification\",\"valueRequired\":true,\"valueName\":\"search_term_string\"}}],\"inLanguage\":\"es\"},{\"@type\":\"Organization\",\"@id\":\"https:\\\/\\\/www.arquimaster.com.ar\\\/web\\\/#organization\",\"name\":\"Arquimaster\",\"url\":\"https:\\\/\\\/www.arquimaster.com.ar\\\/web\\\/\",\"logo\":{\"@type\":\"ImageObject\",\"inLanguage\":\"es\",\"@id\":\"https:\\\/\\\/www.arquimaster.com.ar\\\/web\\\/#\\\/schema\\\/logo\\\/image\\\/\",\"url\":\"https:\\\/\\\/www.arquimaster.com.ar\\\/web\\\/wp-content\\\/uploads\\\/2022\\\/06\\\/arquimaster.png\",\"contentUrl\":\"https:\\\/\\\/www.arquimaster.com.ar\\\/web\\\/wp-content\\\/uploads\\\/2022\\\/06\\\/arquimaster.png\",\"width\":594,\"height\":78,\"caption\":\"Arquimaster\"},\"image\":{\"@id\":\"https:\\\/\\\/www.arquimaster.com.ar\\\/web\\\/#\\\/schema\\\/logo\\\/image\\\/\"},\"sameAs\":[\"http:\\\/\\\/www.facebook.com\\\/ARQUIMASTER.com.ar\",\"https:\\\/\\\/x.com\\\/arquimaster\",\"https:\\\/\\\/www.instagram.com\\\/arquimasterblog\\\/\",\"https:\\\/\\\/www.linkedin.com\\\/company\\\/arquimaster\",\"https:\\\/\\\/www.pinterest.com\\\/arquimaster\",\"https:\\\/\\\/t.me\\\/arquimaster\"]},{\"@type\":\"Person\",\"@id\":\"https:\\\/\\\/www.arquimaster.com.ar\\\/web\\\/#\\\/schema\\\/person\\\/359e9f7c00193fcde068e0dd2ceb0028\",\"name\":\"Arquimaster\"}]}<\/script>\n<!-- \/ Yoast SEO plugin. -->","yoast_head_json":{"title":"El proyecto Cocoon finalista en la BEAU - Arquimaster","robots":{"index":"index","follow":"follow","max-snippet":"max-snippet:-1","max-image-preview":"max-image-preview:large","max-video-preview":"max-video-preview:-1"},"canonical":"https:\/\/www.arquimaster.com.ar\/web\/el-proyecto-cocoon-finalista-en-la-beau\/","og_locale":"es_ES","og_type":"article","og_title":"El proyecto Cocoon finalista en la BEAU - Arquimaster","og_description":"El proyecto busca romper con la monoton\u00eda de las tiendas de cer\u00e1mica habituales...","og_url":"https:\/\/www.arquimaster.com.ar\/web\/el-proyecto-cocoon-finalista-en-la-beau\/","og_site_name":"Arquimaster","article_publisher":"http:\/\/www.facebook.com\/ARQUIMASTER.com.ar","article_published_time":"2016-05-02T19:52:32+00:00","article_modified_time":"2016-05-14T19:57:24+00:00","og_image":[{"width":642,"height":336,"url":"https:\/\/www.arquimaster.com.ar\/web\/wp-content\/uploads\/2016\/05\/cocoon_bigmat_slide.jpg","type":"image\/jpeg"}],"author":"Arquimaster","twitter_card":"summary_large_image","twitter_creator":"@arquimaster","twitter_site":"@arquimaster","twitter_misc":{"Escrito por":"Arquimaster","Tiempo de lectura":"2 minutos"},"schema":{"@context":"https:\/\/schema.org","@graph":[{"@type":"Article","@id":"https:\/\/www.arquimaster.com.ar\/web\/el-proyecto-cocoon-finalista-en-la-beau\/#article","isPartOf":{"@id":"https:\/\/www.arquimaster.com.ar\/web\/el-proyecto-cocoon-finalista-en-la-beau\/"},"author":{"name":"Arquimaster","@id":"https:\/\/www.arquimaster.com.ar\/web\/#\/schema\/person\/359e9f7c00193fcde068e0dd2ceb0028"},"headline":"El proyecto Cocoon finalista en la BEAU","datePublished":"2016-05-02T19:52:32+00:00","dateModified":"2016-05-14T19:57:24+00:00","mainEntityOfPage":{"@id":"https:\/\/www.arquimaster.com.ar\/web\/el-proyecto-cocoon-finalista-en-la-beau\/"},"wordCount":311,"publisher":{"@id":"https:\/\/www.arquimaster.com.ar\/web\/#organization"},"image":{"@id":"https:\/\/www.arquimaster.com.ar\/web\/el-proyecto-cocoon-finalista-en-la-beau\/#primaryimage"},"thumbnailUrl":"https:\/\/www.arquimaster.com.ar\/web\/wp-content\/uploads\/2016\/05\/cocoon_bigmat_slide.jpg","keywords":["arquitectura comercial","arquitectura ef\u00edmera","BEAU","BigMat","Cocoon","Jes\u00fas Aparicio","stand"],"articleSection":["Noticias de arquitectura y dise\u00f1o","Novedades"],"inLanguage":"es"},{"@type":"WebPage","@id":"https:\/\/www.arquimaster.com.ar\/web\/el-proyecto-cocoon-finalista-en-la-beau\/","url":"https:\/\/www.arquimaster.com.ar\/web\/el-proyecto-cocoon-finalista-en-la-beau\/","name":"El proyecto Cocoon finalista en la BEAU - Arquimaster","isPartOf":{"@id":"https:\/\/www.arquimaster.com.ar\/web\/#website"},"primaryImageOfPage":{"@id":"https:\/\/www.arquimaster.com.ar\/web\/el-proyecto-cocoon-finalista-en-la-beau\/#primaryimage"},"image":{"@id":"https:\/\/www.arquimaster.com.ar\/web\/el-proyecto-cocoon-finalista-en-la-beau\/#primaryimage"},"thumbnailUrl":"https:\/\/www.arquimaster.com.ar\/web\/wp-content\/uploads\/2016\/05\/cocoon_bigmat_slide.jpg","datePublished":"2016-05-02T19:52:32+00:00","dateModified":"2016-05-14T19:57:24+00:00","breadcrumb":{"@id":"https:\/\/www.arquimaster.com.ar\/web\/el-proyecto-cocoon-finalista-en-la-beau\/#breadcrumb"},"inLanguage":"es","potentialAction":[{"@type":"ReadAction","target":["https:\/\/www.arquimaster.com.ar\/web\/el-proyecto-cocoon-finalista-en-la-beau\/"]}]},{"@type":"ImageObject","inLanguage":"es","@id":"https:\/\/www.arquimaster.com.ar\/web\/el-proyecto-cocoon-finalista-en-la-beau\/#primaryimage","url":"https:\/\/www.arquimaster.com.ar\/web\/wp-content\/uploads\/2016\/05\/cocoon_bigmat_slide.jpg","contentUrl":"https:\/\/www.arquimaster.com.ar\/web\/wp-content\/uploads\/2016\/05\/cocoon_bigmat_slide.jpg","width":642,"height":336},{"@type":"BreadcrumbList","@id":"https:\/\/www.arquimaster.com.ar\/web\/el-proyecto-cocoon-finalista-en-la-beau\/#breadcrumb","itemListElement":[{"@type":"ListItem","position":1,"name":"Portada","item":"https:\/\/www.arquimaster.com.ar\/web\/"},{"@type":"ListItem","position":2,"name":"El proyecto Cocoon finalista en la BEAU"}]},{"@type":"WebSite","@id":"https:\/\/www.arquimaster.com.ar\/web\/#website","url":"https:\/\/www.arquimaster.com.ar\/web\/","name":"Arquimaster","description":"Web de arquitectura, dise\u00f1o y construccion","publisher":{"@id":"https:\/\/www.arquimaster.com.ar\/web\/#organization"},"potentialAction":[{"@type":"SearchAction","target":{"@type":"EntryPoint","urlTemplate":"https:\/\/www.arquimaster.com.ar\/web\/?s={search_term_string}"},"query-input":{"@type":"PropertyValueSpecification","valueRequired":true,"valueName":"search_term_string"}}],"inLanguage":"es"},{"@type":"Organization","@id":"https:\/\/www.arquimaster.com.ar\/web\/#organization","name":"Arquimaster","url":"https:\/\/www.arquimaster.com.ar\/web\/","logo":{"@type":"ImageObject","inLanguage":"es","@id":"https:\/\/www.arquimaster.com.ar\/web\/#\/schema\/logo\/image\/","url":"https:\/\/www.arquimaster.com.ar\/web\/wp-content\/uploads\/2022\/06\/arquimaster.png","contentUrl":"https:\/\/www.arquimaster.com.ar\/web\/wp-content\/uploads\/2022\/06\/arquimaster.png","width":594,"height":78,"caption":"Arquimaster"},"image":{"@id":"https:\/\/www.arquimaster.com.ar\/web\/#\/schema\/logo\/image\/"},"sameAs":["http:\/\/www.facebook.com\/ARQUIMASTER.com.ar","https:\/\/x.com\/arquimaster","https:\/\/www.instagram.com\/arquimasterblog\/","https:\/\/www.linkedin.com\/company\/arquimaster","https:\/\/www.pinterest.com\/arquimaster","https:\/\/t.me\/arquimaster"]},{"@type":"Person","@id":"https:\/\/www.arquimaster.com.ar\/web\/#\/schema\/person\/359e9f7c00193fcde068e0dd2ceb0028","name":"Arquimaster"}]}},"uagb_featured_image_src":{"full":["https:\/\/www.arquimaster.com.ar\/web\/wp-content\/uploads\/2016\/05\/cocoon_bigmat_slide.jpg",642,336,false],"thumbnail":["https:\/\/www.arquimaster.com.ar\/web\/wp-content\/uploads\/2016\/05\/cocoon_bigmat_slide-150x150.jpg",150,150,true],"medium":["https:\/\/www.arquimaster.com.ar\/web\/wp-content\/uploads\/2016\/05\/cocoon_bigmat_slide.jpg",642,336,false],"medium_large":["https:\/\/www.arquimaster.com.ar\/web\/wp-content\/uploads\/2016\/05\/cocoon_bigmat_slide.jpg",642,336,false],"large":["https:\/\/www.arquimaster.com.ar\/web\/wp-content\/uploads\/2016\/05\/cocoon_bigmat_slide.jpg",642,336,false],"1536x1536":["https:\/\/www.arquimaster.com.ar\/web\/wp-content\/uploads\/2016\/05\/cocoon_bigmat_slide.jpg",642,336,false],"2048x2048":["https:\/\/www.arquimaster.com.ar\/web\/wp-content\/uploads\/2016\/05\/cocoon_bigmat_slide.jpg",642,336,false]},"uagb_author_info":{"display_name":"Arquimaster","author_link":"https:\/\/www.arquimaster.com.ar\/web\/author\/arquimaster\/"},"uagb_comment_info":0,"uagb_excerpt":"El proyecto busca romper con la monoton\u00eda de las tiendas de cer\u00e1mica habituales...","_links":{"self":[{"href":"https:\/\/www.arquimaster.com.ar\/web\/wp-json\/wp\/v2\/posts\/20533","targetHints":{"allow":["GET"]}}],"collection":[{"href":"https:\/\/www.arquimaster.com.ar\/web\/wp-json\/wp\/v2\/posts"}],"about":[{"href":"https:\/\/www.arquimaster.com.ar\/web\/wp-json\/wp\/v2\/types\/post"}],"author":[{"embeddable":true,"href":"https:\/\/www.arquimaster.com.ar\/web\/wp-json\/wp\/v2\/users\/1"}],"replies":[{"embeddable":true,"href":"https:\/\/www.arquimaster.com.ar\/web\/wp-json\/wp\/v2\/comments?post=20533"}],"version-history":[{"count":0,"href":"https:\/\/www.arquimaster.com.ar\/web\/wp-json\/wp\/v2\/posts\/20533\/revisions"}],"wp:featuredmedia":[{"embeddable":true,"href":"https:\/\/www.arquimaster.com.ar\/web\/wp-json\/wp\/v2\/media\/20534"}],"wp:attachment":[{"href":"https:\/\/www.arquimaster.com.ar\/web\/wp-json\/wp\/v2\/media?parent=20533"}],"wp:term":[{"taxonomy":"category","embeddable":true,"href":"https:\/\/www.arquimaster.com.ar\/web\/wp-json\/wp\/v2\/categories?post=20533"},{"taxonomy":"post_tag","embeddable":true,"href":"https:\/\/www.arquimaster.com.ar\/web\/wp-json\/wp\/v2\/tags?post=20533"}],"curies":[{"name":"wp","href":"https:\/\/api.w.org\/{rel}","templated":true}]}}