{"id":20678,"date":"2016-05-16T23:30:21","date_gmt":"2016-05-16T23:30:21","guid":{"rendered":"http:\/\/www.arquimaster.com.ar\/web\/?p=20678"},"modified":"2019-01-26T20:43:24","modified_gmt":"2019-01-26T20:43:24","slug":"casa-de-la-luz-gomez-de-la-torre-guerrero-arquitectos","status":"publish","type":"post","link":"https:\/\/www.arquimaster.com.ar\/web\/casa-de-la-luz-gomez-de-la-torre-guerrero-arquitectos\/","title":{"rendered":"Casa de la Luz \/ Gomez De La Torre &#038; Guerrero Arquitectos"},"content":{"rendered":"<div style=\"margin-top: 0px; margin-bottom: 0px;\" class=\"sharethis-inline-share-buttons\" ><\/div><div class=\"b812932af2e751442846f039925109de\" data-index=\"1\" style=\"float: none; margin:25px 0 25px 0; text-align:center;\">\n<script async src=\"https:\/\/pagead2.googlesyndication.com\/pagead\/js\/adsbygoogle.js\"><\/script>\r\n<!-- Arquimaster (superior) -->\r\n<ins class=\"adsbygoogle\"\r\n     style=\"display:block\"\r\n     data-ad-client=\"ca-pub-6351072698456832\"\r\n     data-ad-slot=\"6455489680\"\r\n     data-ad-format=\"auto\"\r\n     data-full-width-responsive=\"true\"><\/ins>\r\n<script>\r\n     (adsbygoogle = window.adsbygoogle || []).push({});\r\n<\/script>\n<\/div>\n<p><strong>Casa de la Luz<\/strong> (Lima, Per\u00fa) por<strong> Gomez De La Torre &amp; Guerrero Arquitectos<\/strong>. En este proyecto hemos tratado de tomar la mayor cantidad de luz natural del exterior y a la vez lograr la mayor cantidad de vista hacia el parque que colinda con la casa.<\/p>\n<div id='gallery-1' class='gallery galleryid-20678 gallery-columns-3 gallery-size-thumbnail'><figure class='gallery-item'>\n\t\t\t<div class='gallery-icon landscape'>\n\t\t\t\t<a href='https:\/\/www.arquimaster.com.ar\/web\/wp-content\/uploads\/2016\/05\/casa_de_la_luz1.jpg' title=\"Casa de la Luz \/ Gomez De La Torre &amp; Guerrero Arquitectos (\u00a9 Juan Solano)\" data-rl_title=\"Casa de la Luz \/ Gomez De La Torre &amp; Guerrero Arquitectos (\u00a9 Juan Solano)\" class=\"rl-gallery-link\" data-rl_caption=\"Casa de la Luz \/ Gomez De La Torre &amp; Guerrero Arquitectos (\u00a9 Juan Solano)\" data-rel=\"lightbox-gallery-1\"><img loading=\"lazy\" decoding=\"async\" width=\"150\" height=\"150\" src=\"https:\/\/www.arquimaster.com.ar\/web\/wp-content\/uploads\/2016\/05\/casa_de_la_luz1-150x150.jpg\" class=\"attachment-thumbnail size-thumbnail\" alt=\"\" aria-describedby=\"gallery-1-20681\" srcset=\"https:\/\/www.arquimaster.com.ar\/web\/wp-content\/uploads\/2016\/05\/casa_de_la_luz1-150x150.jpg 150w, https:\/\/www.arquimaster.com.ar\/web\/wp-content\/uploads\/2016\/05\/casa_de_la_luz1-50x50.jpg 50w, https:\/\/www.arquimaster.com.ar\/web\/wp-content\/uploads\/2016\/05\/casa_de_la_luz1-125x125.jpg 125w\" sizes=\"auto, (max-width: 150px) 100vw, 150px\" \/><\/a>\n\t\t\t<\/div>\n\t\t\t\t<figcaption class='wp-caption-text gallery-caption' id='gallery-1-20681'>\n\t\t\t\tCasa de la Luz \/ Gomez De La Torre &#038; Guerrero Arquitectos (\u00a9 Juan Solano)\n\t\t\t\t<\/figcaption><\/figure><figure class='gallery-item'>\n\t\t\t<div class='gallery-icon landscape'>\n\t\t\t\t<a href='https:\/\/www.arquimaster.com.ar\/web\/wp-content\/uploads\/2016\/05\/casa_de_la_luz2.jpg' title=\"Casa de la Luz \/ Gomez De La Torre &amp; Guerrero Arquitectos (\u00a9 Juan Solano)\" data-rl_title=\"Casa de la Luz \/ Gomez De La Torre &amp; Guerrero Arquitectos (\u00a9 Juan Solano)\" class=\"rl-gallery-link\" data-rl_caption=\"Casa de la Luz \/ Gomez De La Torre &amp; Guerrero Arquitectos (\u00a9 Juan Solano)\" data-rel=\"lightbox-gallery-1\"><img loading=\"lazy\" decoding=\"async\" width=\"150\" height=\"150\" src=\"https:\/\/www.arquimaster.com.ar\/web\/wp-content\/uploads\/2016\/05\/casa_de_la_luz2-150x150.jpg\" class=\"attachment-thumbnail size-thumbnail\" alt=\"\" aria-describedby=\"gallery-1-20682\" srcset=\"https:\/\/www.arquimaster.com.ar\/web\/wp-content\/uploads\/2016\/05\/casa_de_la_luz2-150x150.jpg 150w, https:\/\/www.arquimaster.com.ar\/web\/wp-content\/uploads\/2016\/05\/casa_de_la_luz2-50x50.jpg 50w, https:\/\/www.arquimaster.com.ar\/web\/wp-content\/uploads\/2016\/05\/casa_de_la_luz2-125x125.jpg 125w\" sizes=\"auto, (max-width: 150px) 100vw, 150px\" \/><\/a>\n\t\t\t<\/div>\n\t\t\t\t<figcaption class='wp-caption-text gallery-caption' id='gallery-1-20682'>\n\t\t\t\tCasa de la Luz \/ Gomez De La Torre &#038; Guerrero Arquitectos (\u00a9 Juan Solano)\n\t\t\t\t<\/figcaption><\/figure><figure class='gallery-item'>\n\t\t\t<div class='gallery-icon landscape'>\n\t\t\t\t<a href='https:\/\/www.arquimaster.com.ar\/web\/wp-content\/uploads\/2016\/05\/casa_de_la_luz3.jpg' title=\"Casa de la Luz \/ Gomez De La Torre &amp; Guerrero Arquitectos (\u00a9 Juan Solano)\" data-rl_title=\"Casa de la Luz \/ Gomez De La Torre &amp; Guerrero Arquitectos (\u00a9 Juan Solano)\" class=\"rl-gallery-link\" data-rl_caption=\"Casa de la Luz \/ Gomez De La Torre &amp; Guerrero Arquitectos (\u00a9 Juan Solano)\" data-rel=\"lightbox-gallery-1\"><img loading=\"lazy\" decoding=\"async\" width=\"150\" height=\"150\" src=\"https:\/\/www.arquimaster.com.ar\/web\/wp-content\/uploads\/2016\/05\/casa_de_la_luz3-150x150.jpg\" class=\"attachment-thumbnail size-thumbnail\" alt=\"\" aria-describedby=\"gallery-1-20683\" srcset=\"https:\/\/www.arquimaster.com.ar\/web\/wp-content\/uploads\/2016\/05\/casa_de_la_luz3-150x150.jpg 150w, https:\/\/www.arquimaster.com.ar\/web\/wp-content\/uploads\/2016\/05\/casa_de_la_luz3-50x50.jpg 50w, https:\/\/www.arquimaster.com.ar\/web\/wp-content\/uploads\/2016\/05\/casa_de_la_luz3-125x125.jpg 125w\" sizes=\"auto, (max-width: 150px) 100vw, 150px\" \/><\/a>\n\t\t\t<\/div>\n\t\t\t\t<figcaption class='wp-caption-text gallery-caption' id='gallery-1-20683'>\n\t\t\t\tCasa de la Luz \/ Gomez De La Torre &#038; Guerrero Arquitectos (\u00a9 Juan Solano)\n\t\t\t\t<\/figcaption><\/figure><figure class='gallery-item'>\n\t\t\t<div class='gallery-icon landscape'>\n\t\t\t\t<a href='https:\/\/www.arquimaster.com.ar\/web\/wp-content\/uploads\/2016\/05\/casa_de_la_luz4.jpg' title=\"Casa de la Luz \/ Gomez De La Torre &amp; Guerrero Arquitectos (\u00a9 Juan Solano)\" data-rl_title=\"Casa de la Luz \/ Gomez De La Torre &amp; Guerrero Arquitectos (\u00a9 Juan Solano)\" class=\"rl-gallery-link\" data-rl_caption=\"Casa de la Luz \/ Gomez De La Torre &amp; Guerrero Arquitectos (\u00a9 Juan Solano)\" data-rel=\"lightbox-gallery-1\"><img loading=\"lazy\" decoding=\"async\" width=\"150\" height=\"150\" src=\"https:\/\/www.arquimaster.com.ar\/web\/wp-content\/uploads\/2016\/05\/casa_de_la_luz4-150x150.jpg\" class=\"attachment-thumbnail size-thumbnail\" alt=\"\" aria-describedby=\"gallery-1-20684\" srcset=\"https:\/\/www.arquimaster.com.ar\/web\/wp-content\/uploads\/2016\/05\/casa_de_la_luz4-150x150.jpg 150w, https:\/\/www.arquimaster.com.ar\/web\/wp-content\/uploads\/2016\/05\/casa_de_la_luz4-50x50.jpg 50w, https:\/\/www.arquimaster.com.ar\/web\/wp-content\/uploads\/2016\/05\/casa_de_la_luz4-125x125.jpg 125w\" sizes=\"auto, (max-width: 150px) 100vw, 150px\" \/><\/a>\n\t\t\t<\/div>\n\t\t\t\t<figcaption class='wp-caption-text gallery-caption' id='gallery-1-20684'>\n\t\t\t\tCasa de la Luz \/ Gomez De La Torre &#038; Guerrero Arquitectos (\u00a9 Juan Solano)\n\t\t\t\t<\/figcaption><\/figure><figure class='gallery-item'>\n\t\t\t<div class='gallery-icon landscape'>\n\t\t\t\t<a href='https:\/\/www.arquimaster.com.ar\/web\/wp-content\/uploads\/2016\/05\/casa_de_la_luz5.jpg' title=\"Casa de la Luz \/ Gomez De La Torre &amp; Guerrero Arquitectos (\u00a9 Juan Solano)\" data-rl_title=\"Casa de la Luz \/ Gomez De La Torre &amp; Guerrero Arquitectos (\u00a9 Juan Solano)\" class=\"rl-gallery-link\" data-rl_caption=\"Casa de la Luz \/ Gomez De La Torre &amp; Guerrero Arquitectos (\u00a9 Juan Solano)\" data-rel=\"lightbox-gallery-1\"><img loading=\"lazy\" decoding=\"async\" width=\"150\" height=\"150\" src=\"https:\/\/www.arquimaster.com.ar\/web\/wp-content\/uploads\/2016\/05\/casa_de_la_luz5-150x150.jpg\" class=\"attachment-thumbnail size-thumbnail\" alt=\"\" aria-describedby=\"gallery-1-20685\" srcset=\"https:\/\/www.arquimaster.com.ar\/web\/wp-content\/uploads\/2016\/05\/casa_de_la_luz5-150x150.jpg 150w, https:\/\/www.arquimaster.com.ar\/web\/wp-content\/uploads\/2016\/05\/casa_de_la_luz5-50x50.jpg 50w, https:\/\/www.arquimaster.com.ar\/web\/wp-content\/uploads\/2016\/05\/casa_de_la_luz5-125x125.jpg 125w\" sizes=\"auto, (max-width: 150px) 100vw, 150px\" \/><\/a>\n\t\t\t<\/div>\n\t\t\t\t<figcaption class='wp-caption-text gallery-caption' id='gallery-1-20685'>\n\t\t\t\tCasa de la Luz \/ Gomez De La Torre &#038; Guerrero Arquitectos (\u00a9 Juan Solano)\n\t\t\t\t<\/figcaption><\/figure><figure class='gallery-item'>\n\t\t\t<div class='gallery-icon portrait'>\n\t\t\t\t<a href='https:\/\/www.arquimaster.com.ar\/web\/wp-content\/uploads\/2016\/05\/casa_de_la_luz6.jpg' title=\"Casa de la Luz \/ Gomez De La Torre &amp; Guerrero Arquitectos (\u00a9 Juan Solano)\" data-rl_title=\"Casa de la Luz \/ Gomez De La Torre &amp; Guerrero Arquitectos (\u00a9 Juan Solano)\" class=\"rl-gallery-link\" data-rl_caption=\"Casa de la Luz \/ Gomez De La Torre &amp; Guerrero Arquitectos (\u00a9 Juan Solano)\" data-rel=\"lightbox-gallery-1\"><img loading=\"lazy\" decoding=\"async\" width=\"150\" height=\"150\" src=\"https:\/\/www.arquimaster.com.ar\/web\/wp-content\/uploads\/2016\/05\/casa_de_la_luz6-150x150.jpg\" class=\"attachment-thumbnail size-thumbnail\" alt=\"\" aria-describedby=\"gallery-1-20686\" srcset=\"https:\/\/www.arquimaster.com.ar\/web\/wp-content\/uploads\/2016\/05\/casa_de_la_luz6-150x150.jpg 150w, https:\/\/www.arquimaster.com.ar\/web\/wp-content\/uploads\/2016\/05\/casa_de_la_luz6-1024x1027.jpg 1024w, https:\/\/www.arquimaster.com.ar\/web\/wp-content\/uploads\/2016\/05\/casa_de_la_luz6-768x770.jpg 768w, https:\/\/www.arquimaster.com.ar\/web\/wp-content\/uploads\/2016\/05\/casa_de_la_luz6-50x50.jpg 50w, https:\/\/www.arquimaster.com.ar\/web\/wp-content\/uploads\/2016\/05\/casa_de_la_luz6-125x125.jpg 125w, https:\/\/www.arquimaster.com.ar\/web\/wp-content\/uploads\/2016\/05\/casa_de_la_luz6.jpg 1200w\" sizes=\"auto, (max-width: 150px) 100vw, 150px\" \/><\/a>\n\t\t\t<\/div>\n\t\t\t\t<figcaption class='wp-caption-text gallery-caption' id='gallery-1-20686'>\n\t\t\t\tCasa de la Luz \/ Gomez De La Torre &#038; Guerrero Arquitectos (\u00a9 Juan Solano)\n\t\t\t\t<\/figcaption><\/figure><figure class='gallery-item'>\n\t\t\t<div class='gallery-icon portrait'>\n\t\t\t\t<a href='https:\/\/www.arquimaster.com.ar\/web\/wp-content\/uploads\/2016\/05\/casa_de_la_luz7.jpg' title=\"Casa de la Luz \/ Gomez De La Torre &amp; Guerrero Arquitectos (\u00a9 Juan Solano)\" data-rl_title=\"Casa de la Luz \/ Gomez De La Torre &amp; Guerrero Arquitectos (\u00a9 Juan Solano)\" class=\"rl-gallery-link\" data-rl_caption=\"Casa de la Luz \/ Gomez De La Torre &amp; Guerrero Arquitectos (\u00a9 Juan Solano)\" data-rel=\"lightbox-gallery-1\"><img loading=\"lazy\" decoding=\"async\" width=\"150\" height=\"150\" src=\"https:\/\/www.arquimaster.com.ar\/web\/wp-content\/uploads\/2016\/05\/casa_de_la_luz7-150x150.jpg\" class=\"attachment-thumbnail size-thumbnail\" alt=\"\" aria-describedby=\"gallery-1-20687\" srcset=\"https:\/\/www.arquimaster.com.ar\/web\/wp-content\/uploads\/2016\/05\/casa_de_la_luz7-150x150.jpg 150w, https:\/\/www.arquimaster.com.ar\/web\/wp-content\/uploads\/2016\/05\/casa_de_la_luz7-50x50.jpg 50w, https:\/\/www.arquimaster.com.ar\/web\/wp-content\/uploads\/2016\/05\/casa_de_la_luz7-125x125.jpg 125w\" sizes=\"auto, (max-width: 150px) 100vw, 150px\" \/><\/a>\n\t\t\t<\/div>\n\t\t\t\t<figcaption class='wp-caption-text gallery-caption' id='gallery-1-20687'>\n\t\t\t\tCasa de la Luz \/ Gomez De La Torre &#038; Guerrero Arquitectos (\u00a9 Juan Solano)\n\t\t\t\t<\/figcaption><\/figure><figure class='gallery-item'>\n\t\t\t<div class='gallery-icon portrait'>\n\t\t\t\t<a href='https:\/\/www.arquimaster.com.ar\/web\/wp-content\/uploads\/2016\/05\/casa_de_la_luz8.jpg' title=\"Casa de la Luz \/ Gomez De La Torre &amp; Guerrero Arquitectos (\u00a9 Juan Solano)\" data-rl_title=\"Casa de la Luz \/ Gomez De La Torre &amp; Guerrero Arquitectos (\u00a9 Juan Solano)\" class=\"rl-gallery-link\" data-rl_caption=\"Casa de la Luz \/ Gomez De La Torre &amp; Guerrero Arquitectos (\u00a9 Juan Solano)\" data-rel=\"lightbox-gallery-1\"><img loading=\"lazy\" decoding=\"async\" width=\"150\" height=\"150\" src=\"https:\/\/www.arquimaster.com.ar\/web\/wp-content\/uploads\/2016\/05\/casa_de_la_luz8-150x150.jpg\" class=\"attachment-thumbnail size-thumbnail\" alt=\"\" aria-describedby=\"gallery-1-20688\" srcset=\"https:\/\/www.arquimaster.com.ar\/web\/wp-content\/uploads\/2016\/05\/casa_de_la_luz8-150x150.jpg 150w, https:\/\/www.arquimaster.com.ar\/web\/wp-content\/uploads\/2016\/05\/casa_de_la_luz8-50x50.jpg 50w, https:\/\/www.arquimaster.com.ar\/web\/wp-content\/uploads\/2016\/05\/casa_de_la_luz8-125x125.jpg 125w\" sizes=\"auto, (max-width: 150px) 100vw, 150px\" \/><\/a>\n\t\t\t<\/div>\n\t\t\t\t<figcaption class='wp-caption-text gallery-caption' id='gallery-1-20688'>\n\t\t\t\tCasa de la Luz \/ Gomez De La Torre &#038; Guerrero Arquitectos (\u00a9 Juan Solano)\n\t\t\t\t<\/figcaption><\/figure><figure class='gallery-item'>\n\t\t\t<div class='gallery-icon portrait'>\n\t\t\t\t<a href='https:\/\/www.arquimaster.com.ar\/web\/wp-content\/uploads\/2016\/05\/casa_de_la_luz9.jpg' title=\"Casa de la Luz \/ Gomez De La Torre &amp; Guerrero Arquitectos (\u00a9 Juan Solano)\" data-rl_title=\"Casa de la Luz \/ Gomez De La Torre &amp; Guerrero Arquitectos (\u00a9 Juan Solano)\" class=\"rl-gallery-link\" data-rl_caption=\"Casa de la Luz \/ Gomez De La Torre &amp; Guerrero Arquitectos (\u00a9 Juan Solano)\" data-rel=\"lightbox-gallery-1\"><img loading=\"lazy\" decoding=\"async\" width=\"150\" height=\"150\" src=\"https:\/\/www.arquimaster.com.ar\/web\/wp-content\/uploads\/2016\/05\/casa_de_la_luz9-150x150.jpg\" class=\"attachment-thumbnail size-thumbnail\" alt=\"\" aria-describedby=\"gallery-1-20689\" srcset=\"https:\/\/www.arquimaster.com.ar\/web\/wp-content\/uploads\/2016\/05\/casa_de_la_luz9-150x150.jpg 150w, https:\/\/www.arquimaster.com.ar\/web\/wp-content\/uploads\/2016\/05\/casa_de_la_luz9-50x50.jpg 50w, https:\/\/www.arquimaster.com.ar\/web\/wp-content\/uploads\/2016\/05\/casa_de_la_luz9-125x125.jpg 125w\" sizes=\"auto, (max-width: 150px) 100vw, 150px\" \/><\/a>\n\t\t\t<\/div>\n\t\t\t\t<figcaption class='wp-caption-text gallery-caption' id='gallery-1-20689'>\n\t\t\t\tCasa de la Luz \/ Gomez De La Torre &#038; Guerrero Arquitectos (\u00a9 Juan Solano)\n\t\t\t\t<\/figcaption><\/figure><figure class='gallery-item'>\n\t\t\t<div class='gallery-icon portrait'>\n\t\t\t\t<a href='https:\/\/www.arquimaster.com.ar\/web\/wp-content\/uploads\/2016\/05\/casa_de_la_luz10.jpg' title=\"Casa de la Luz \/ Gomez De La Torre &amp; Guerrero Arquitectos (\u00a9 Juan Solano)\" data-rl_title=\"Casa de la Luz \/ Gomez De La Torre &amp; Guerrero Arquitectos (\u00a9 Juan Solano)\" class=\"rl-gallery-link\" data-rl_caption=\"Casa de la Luz \/ Gomez De La Torre &amp; Guerrero Arquitectos (\u00a9 Juan Solano)\" data-rel=\"lightbox-gallery-1\"><img loading=\"lazy\" decoding=\"async\" width=\"150\" height=\"150\" src=\"https:\/\/www.arquimaster.com.ar\/web\/wp-content\/uploads\/2016\/05\/casa_de_la_luz10-150x150.jpg\" class=\"attachment-thumbnail size-thumbnail\" alt=\"\" aria-describedby=\"gallery-1-20690\" srcset=\"https:\/\/www.arquimaster.com.ar\/web\/wp-content\/uploads\/2016\/05\/casa_de_la_luz10-150x150.jpg 150w, https:\/\/www.arquimaster.com.ar\/web\/wp-content\/uploads\/2016\/05\/casa_de_la_luz10-50x50.jpg 50w, https:\/\/www.arquimaster.com.ar\/web\/wp-content\/uploads\/2016\/05\/casa_de_la_luz10-125x125.jpg 125w\" sizes=\"auto, (max-width: 150px) 100vw, 150px\" \/><\/a>\n\t\t\t<\/div>\n\t\t\t\t<figcaption class='wp-caption-text gallery-caption' id='gallery-1-20690'>\n\t\t\t\tCasa de la Luz \/ Gomez De La Torre &#038; Guerrero Arquitectos (\u00a9 Juan Solano)\n\t\t\t\t<\/figcaption><\/figure><figure class='gallery-item'>\n\t\t\t<div class='gallery-icon landscape'>\n\t\t\t\t<a href='https:\/\/www.arquimaster.com.ar\/web\/wp-content\/uploads\/2016\/05\/casa_de_la_luz11.jpg' title=\"Casa de la Luz \/ Gomez De La Torre &amp; Guerrero Arquitectos (\u00a9 Juan Solano)\" data-rl_title=\"Casa de la Luz \/ Gomez De La Torre &amp; Guerrero Arquitectos (\u00a9 Juan Solano)\" class=\"rl-gallery-link\" data-rl_caption=\"Casa de la Luz \/ Gomez De La Torre &amp; Guerrero Arquitectos (\u00a9 Juan Solano)\" data-rel=\"lightbox-gallery-1\"><img loading=\"lazy\" decoding=\"async\" width=\"150\" height=\"150\" src=\"https:\/\/www.arquimaster.com.ar\/web\/wp-content\/uploads\/2016\/05\/casa_de_la_luz11-150x150.jpg\" class=\"attachment-thumbnail size-thumbnail\" alt=\"\" aria-describedby=\"gallery-1-20691\" srcset=\"https:\/\/www.arquimaster.com.ar\/web\/wp-content\/uploads\/2016\/05\/casa_de_la_luz11-150x150.jpg 150w, https:\/\/www.arquimaster.com.ar\/web\/wp-content\/uploads\/2016\/05\/casa_de_la_luz11-50x50.jpg 50w, https:\/\/www.arquimaster.com.ar\/web\/wp-content\/uploads\/2016\/05\/casa_de_la_luz11-125x125.jpg 125w\" sizes=\"auto, (max-width: 150px) 100vw, 150px\" \/><\/a>\n\t\t\t<\/div>\n\t\t\t\t<figcaption class='wp-caption-text gallery-caption' id='gallery-1-20691'>\n\t\t\t\tCasa de la Luz \/ Gomez De La Torre &#038; Guerrero Arquitectos (\u00a9 Juan Solano)\n\t\t\t\t<\/figcaption><\/figure><figure class='gallery-item'>\n\t\t\t<div class='gallery-icon portrait'>\n\t\t\t\t<a href='https:\/\/www.arquimaster.com.ar\/web\/wp-content\/uploads\/2016\/05\/casa_de_la_luz12.jpg' title=\"Casa de la Luz \/ Gomez De La Torre &amp; Guerrero Arquitectos (\u00a9 Juan Solano)\" data-rl_title=\"Casa de la Luz \/ Gomez De La Torre &amp; Guerrero Arquitectos (\u00a9 Juan Solano)\" class=\"rl-gallery-link\" data-rl_caption=\"Casa de la Luz \/ Gomez De La Torre &amp; Guerrero Arquitectos (\u00a9 Juan Solano)\" data-rel=\"lightbox-gallery-1\"><img loading=\"lazy\" decoding=\"async\" width=\"150\" height=\"150\" src=\"https:\/\/www.arquimaster.com.ar\/web\/wp-content\/uploads\/2016\/05\/casa_de_la_luz12-150x150.jpg\" class=\"attachment-thumbnail size-thumbnail\" alt=\"\" aria-describedby=\"gallery-1-20692\" srcset=\"https:\/\/www.arquimaster.com.ar\/web\/wp-content\/uploads\/2016\/05\/casa_de_la_luz12-150x150.jpg 150w, https:\/\/www.arquimaster.com.ar\/web\/wp-content\/uploads\/2016\/05\/casa_de_la_luz12-50x50.jpg 50w, https:\/\/www.arquimaster.com.ar\/web\/wp-content\/uploads\/2016\/05\/casa_de_la_luz12-125x125.jpg 125w\" sizes=\"auto, (max-width: 150px) 100vw, 150px\" \/><\/a>\n\t\t\t<\/div>\n\t\t\t\t<figcaption class='wp-caption-text gallery-caption' id='gallery-1-20692'>\n\t\t\t\tCasa de la Luz \/ Gomez De La Torre &#038; Guerrero Arquitectos (\u00a9 Juan Solano)\n\t\t\t\t<\/figcaption><\/figure><figure class='gallery-item'>\n\t\t\t<div class='gallery-icon portrait'>\n\t\t\t\t<a href='https:\/\/www.arquimaster.com.ar\/web\/wp-content\/uploads\/2016\/05\/casa_de_la_luz13.jpg' title=\"Casa de la Luz \/ Gomez De La Torre &amp; Guerrero Arquitectos (\u00a9 Juan Solano)\" data-rl_title=\"Casa de la Luz \/ Gomez De La Torre &amp; Guerrero Arquitectos (\u00a9 Juan Solano)\" class=\"rl-gallery-link\" data-rl_caption=\"Casa de la Luz \/ Gomez De La Torre &amp; Guerrero Arquitectos (\u00a9 Juan Solano)\" data-rel=\"lightbox-gallery-1\"><img loading=\"lazy\" decoding=\"async\" width=\"150\" height=\"150\" src=\"https:\/\/www.arquimaster.com.ar\/web\/wp-content\/uploads\/2016\/05\/casa_de_la_luz13-150x150.jpg\" class=\"attachment-thumbnail size-thumbnail\" alt=\"\" aria-describedby=\"gallery-1-20693\" srcset=\"https:\/\/www.arquimaster.com.ar\/web\/wp-content\/uploads\/2016\/05\/casa_de_la_luz13-150x150.jpg 150w, https:\/\/www.arquimaster.com.ar\/web\/wp-content\/uploads\/2016\/05\/casa_de_la_luz13-50x50.jpg 50w, https:\/\/www.arquimaster.com.ar\/web\/wp-content\/uploads\/2016\/05\/casa_de_la_luz13-125x125.jpg 125w\" sizes=\"auto, (max-width: 150px) 100vw, 150px\" \/><\/a>\n\t\t\t<\/div>\n\t\t\t\t<figcaption class='wp-caption-text gallery-caption' id='gallery-1-20693'>\n\t\t\t\tCasa de la Luz \/ Gomez De La Torre &#038; Guerrero Arquitectos (\u00a9 Juan Solano)\n\t\t\t\t<\/figcaption><\/figure><figure class='gallery-item'>\n\t\t\t<div class='gallery-icon portrait'>\n\t\t\t\t<a href='https:\/\/www.arquimaster.com.ar\/web\/wp-content\/uploads\/2016\/05\/casa_de_la_luz14.jpg' title=\"Casa de la Luz \/ Gomez De La Torre &amp; Guerrero Arquitectos (\u00a9 Juan Solano)\" data-rl_title=\"Casa de la Luz \/ Gomez De La Torre &amp; Guerrero Arquitectos (\u00a9 Juan Solano)\" class=\"rl-gallery-link\" data-rl_caption=\"Casa de la Luz \/ Gomez De La Torre &amp; Guerrero Arquitectos (\u00a9 Juan Solano)\" data-rel=\"lightbox-gallery-1\"><img loading=\"lazy\" decoding=\"async\" width=\"150\" height=\"150\" src=\"https:\/\/www.arquimaster.com.ar\/web\/wp-content\/uploads\/2016\/05\/casa_de_la_luz14-150x150.jpg\" class=\"attachment-thumbnail size-thumbnail\" alt=\"\" aria-describedby=\"gallery-1-20694\" srcset=\"https:\/\/www.arquimaster.com.ar\/web\/wp-content\/uploads\/2016\/05\/casa_de_la_luz14-150x150.jpg 150w, https:\/\/www.arquimaster.com.ar\/web\/wp-content\/uploads\/2016\/05\/casa_de_la_luz14-50x50.jpg 50w, https:\/\/www.arquimaster.com.ar\/web\/wp-content\/uploads\/2016\/05\/casa_de_la_luz14-125x125.jpg 125w\" sizes=\"auto, (max-width: 150px) 100vw, 150px\" \/><\/a>\n\t\t\t<\/div>\n\t\t\t\t<figcaption class='wp-caption-text gallery-caption' id='gallery-1-20694'>\n\t\t\t\tCasa de la Luz \/ Gomez De La Torre &#038; Guerrero Arquitectos (\u00a9 Juan Solano)\n\t\t\t\t<\/figcaption><\/figure><figure class='gallery-item'>\n\t\t\t<div class='gallery-icon landscape'>\n\t\t\t\t<a href='https:\/\/www.arquimaster.com.ar\/web\/wp-content\/uploads\/2016\/05\/casa_de_la_luz15.jpg' title=\"Casa de la Luz \/ Gomez De La Torre &amp; Guerrero Arquitectos (\u00a9 Juan Solano)\" data-rl_title=\"Casa de la Luz \/ Gomez De La Torre &amp; Guerrero Arquitectos (\u00a9 Juan Solano)\" class=\"rl-gallery-link\" data-rl_caption=\"Casa de la Luz \/ Gomez De La Torre &amp; Guerrero Arquitectos (\u00a9 Juan Solano)\" data-rel=\"lightbox-gallery-1\"><img loading=\"lazy\" decoding=\"async\" width=\"150\" height=\"150\" src=\"https:\/\/www.arquimaster.com.ar\/web\/wp-content\/uploads\/2016\/05\/casa_de_la_luz15-150x150.jpg\" class=\"attachment-thumbnail size-thumbnail\" alt=\"\" aria-describedby=\"gallery-1-20695\" srcset=\"https:\/\/www.arquimaster.com.ar\/web\/wp-content\/uploads\/2016\/05\/casa_de_la_luz15-150x150.jpg 150w, https:\/\/www.arquimaster.com.ar\/web\/wp-content\/uploads\/2016\/05\/casa_de_la_luz15-50x50.jpg 50w, https:\/\/www.arquimaster.com.ar\/web\/wp-content\/uploads\/2016\/05\/casa_de_la_luz15-125x125.jpg 125w\" sizes=\"auto, (max-width: 150px) 100vw, 150px\" \/><\/a>\n\t\t\t<\/div>\n\t\t\t\t<figcaption class='wp-caption-text gallery-caption' id='gallery-1-20695'>\n\t\t\t\tCasa de la Luz \/ Gomez De La Torre &#038; Guerrero Arquitectos (\u00a9 Juan Solano)\n\t\t\t\t<\/figcaption><\/figure><figure class='gallery-item'>\n\t\t\t<div class='gallery-icon landscape'>\n\t\t\t\t<a href='https:\/\/www.arquimaster.com.ar\/web\/wp-content\/uploads\/2016\/05\/casa_de_la_luz16.jpg' title=\"Casa de la Luz \/ Gomez De La Torre &amp; Guerrero Arquitectos (\u00a9 Juan Solano)\" data-rl_title=\"Casa de la Luz \/ Gomez De La Torre &amp; Guerrero Arquitectos (\u00a9 Juan Solano)\" class=\"rl-gallery-link\" data-rl_caption=\"Casa de la Luz \/ Gomez De La Torre &amp; Guerrero Arquitectos (\u00a9 Juan Solano)\" data-rel=\"lightbox-gallery-1\"><img loading=\"lazy\" decoding=\"async\" width=\"150\" height=\"150\" src=\"https:\/\/www.arquimaster.com.ar\/web\/wp-content\/uploads\/2016\/05\/casa_de_la_luz16-150x150.jpg\" class=\"attachment-thumbnail size-thumbnail\" alt=\"\" aria-describedby=\"gallery-1-20696\" srcset=\"https:\/\/www.arquimaster.com.ar\/web\/wp-content\/uploads\/2016\/05\/casa_de_la_luz16-150x150.jpg 150w, https:\/\/www.arquimaster.com.ar\/web\/wp-content\/uploads\/2016\/05\/casa_de_la_luz16-50x50.jpg 50w, https:\/\/www.arquimaster.com.ar\/web\/wp-content\/uploads\/2016\/05\/casa_de_la_luz16-125x125.jpg 125w\" sizes=\"auto, (max-width: 150px) 100vw, 150px\" \/><\/a>\n\t\t\t<\/div>\n\t\t\t\t<figcaption class='wp-caption-text gallery-caption' id='gallery-1-20696'>\n\t\t\t\tCasa de la Luz \/ Gomez De La Torre &#038; Guerrero Arquitectos (\u00a9 Juan Solano)\n\t\t\t\t<\/figcaption><\/figure><figure class='gallery-item'>\n\t\t\t<div class='gallery-icon landscape'>\n\t\t\t\t<a href='https:\/\/www.arquimaster.com.ar\/web\/wp-content\/uploads\/2016\/05\/casa_de_la_luz17.jpg' title=\"Casa de la Luz \/ Gomez De La Torre &amp; Guerrero Arquitectos (\u00a9 Juan Solano)\" data-rl_title=\"Casa de la Luz \/ Gomez De La Torre &amp; Guerrero Arquitectos (\u00a9 Juan Solano)\" class=\"rl-gallery-link\" data-rl_caption=\"Casa de la Luz \/ Gomez De La Torre &amp; Guerrero Arquitectos (\u00a9 Juan Solano)\" data-rel=\"lightbox-gallery-1\"><img loading=\"lazy\" decoding=\"async\" width=\"150\" height=\"150\" src=\"https:\/\/www.arquimaster.com.ar\/web\/wp-content\/uploads\/2016\/05\/casa_de_la_luz17-150x150.jpg\" class=\"attachment-thumbnail size-thumbnail\" alt=\"\" aria-describedby=\"gallery-1-20697\" srcset=\"https:\/\/www.arquimaster.com.ar\/web\/wp-content\/uploads\/2016\/05\/casa_de_la_luz17-150x150.jpg 150w, https:\/\/www.arquimaster.com.ar\/web\/wp-content\/uploads\/2016\/05\/casa_de_la_luz17-50x50.jpg 50w, https:\/\/www.arquimaster.com.ar\/web\/wp-content\/uploads\/2016\/05\/casa_de_la_luz17-125x125.jpg 125w\" sizes=\"auto, (max-width: 150px) 100vw, 150px\" \/><\/a>\n\t\t\t<\/div>\n\t\t\t\t<figcaption class='wp-caption-text gallery-caption' id='gallery-1-20697'>\n\t\t\t\tCasa de la Luz \/ Gomez De La Torre &#038; Guerrero Arquitectos (\u00a9 Juan Solano)\n\t\t\t\t<\/figcaption><\/figure><figure class='gallery-item'>\n\t\t\t<div class='gallery-icon landscape'>\n\t\t\t\t<a href='https:\/\/www.arquimaster.com.ar\/web\/wp-content\/uploads\/2016\/05\/casa_de_la_luz18.jpg' title=\"Casa de la Luz \/ Gomez De La Torre &amp; Guerrero Arquitectos (planta baja)\" data-rl_title=\"Casa de la Luz \/ Gomez De La Torre &amp; Guerrero Arquitectos (planta baja)\" class=\"rl-gallery-link\" data-rl_caption=\"Casa de la Luz \/ Gomez De La Torre &amp; Guerrero Arquitectos (planta baja)\" data-rel=\"lightbox-gallery-1\"><img loading=\"lazy\" decoding=\"async\" width=\"150\" height=\"150\" src=\"https:\/\/www.arquimaster.com.ar\/web\/wp-content\/uploads\/2016\/05\/casa_de_la_luz18-150x150.jpg\" class=\"attachment-thumbnail size-thumbnail\" alt=\"\" aria-describedby=\"gallery-1-20698\" srcset=\"https:\/\/www.arquimaster.com.ar\/web\/wp-content\/uploads\/2016\/05\/casa_de_la_luz18-150x150.jpg 150w, https:\/\/www.arquimaster.com.ar\/web\/wp-content\/uploads\/2016\/05\/casa_de_la_luz18-50x50.jpg 50w, https:\/\/www.arquimaster.com.ar\/web\/wp-content\/uploads\/2016\/05\/casa_de_la_luz18-125x125.jpg 125w\" sizes=\"auto, (max-width: 150px) 100vw, 150px\" \/><\/a>\n\t\t\t<\/div>\n\t\t\t\t<figcaption class='wp-caption-text gallery-caption' id='gallery-1-20698'>\n\t\t\t\tCasa de la Luz \/ Gomez De La Torre &#038; Guerrero Arquitectos (planta baja)\n\t\t\t\t<\/figcaption><\/figure><figure class='gallery-item'>\n\t\t\t<div class='gallery-icon landscape'>\n\t\t\t\t<a href='https:\/\/www.arquimaster.com.ar\/web\/wp-content\/uploads\/2016\/05\/casa_de_la_luz19.jpg' title=\"Casa de la Luz \/ Gomez De La Torre &amp; Guerrero Arquitectos (planta alta)\" data-rl_title=\"Casa de la Luz \/ Gomez De La Torre &amp; Guerrero Arquitectos (planta alta)\" class=\"rl-gallery-link\" data-rl_caption=\"Casa de la Luz \/ Gomez De La Torre &amp; Guerrero Arquitectos (planta alta)\" data-rel=\"lightbox-gallery-1\"><img loading=\"lazy\" decoding=\"async\" width=\"150\" height=\"150\" src=\"https:\/\/www.arquimaster.com.ar\/web\/wp-content\/uploads\/2016\/05\/casa_de_la_luz19-150x150.jpg\" class=\"attachment-thumbnail size-thumbnail\" alt=\"\" aria-describedby=\"gallery-1-20699\" srcset=\"https:\/\/www.arquimaster.com.ar\/web\/wp-content\/uploads\/2016\/05\/casa_de_la_luz19-150x150.jpg 150w, https:\/\/www.arquimaster.com.ar\/web\/wp-content\/uploads\/2016\/05\/casa_de_la_luz19-50x50.jpg 50w, https:\/\/www.arquimaster.com.ar\/web\/wp-content\/uploads\/2016\/05\/casa_de_la_luz19-125x125.jpg 125w\" sizes=\"auto, (max-width: 150px) 100vw, 150px\" \/><\/a>\n\t\t\t<\/div>\n\t\t\t\t<figcaption class='wp-caption-text gallery-caption' id='gallery-1-20699'>\n\t\t\t\tCasa de la Luz \/ Gomez De La Torre &#038; Guerrero Arquitectos (planta alta)\n\t\t\t\t<\/figcaption><\/figure><figure class='gallery-item'>\n\t\t\t<div class='gallery-icon landscape'>\n\t\t\t\t<a href='https:\/\/www.arquimaster.com.ar\/web\/wp-content\/uploads\/2016\/05\/casa_de_la_luz20.jpg' title=\"Casa de la Luz \/ Gomez De La Torre &amp; Guerrero Arquitectos (planta azotea)\" data-rl_title=\"Casa de la Luz \/ Gomez De La Torre &amp; Guerrero Arquitectos (planta azotea)\" class=\"rl-gallery-link\" data-rl_caption=\"Casa de la Luz \/ Gomez De La Torre &amp; Guerrero Arquitectos (planta azotea)\" data-rel=\"lightbox-gallery-1\"><img loading=\"lazy\" decoding=\"async\" width=\"150\" height=\"150\" src=\"https:\/\/www.arquimaster.com.ar\/web\/wp-content\/uploads\/2016\/05\/casa_de_la_luz20-150x150.jpg\" class=\"attachment-thumbnail size-thumbnail\" alt=\"\" aria-describedby=\"gallery-1-20700\" srcset=\"https:\/\/www.arquimaster.com.ar\/web\/wp-content\/uploads\/2016\/05\/casa_de_la_luz20-150x150.jpg 150w, https:\/\/www.arquimaster.com.ar\/web\/wp-content\/uploads\/2016\/05\/casa_de_la_luz20-50x50.jpg 50w, https:\/\/www.arquimaster.com.ar\/web\/wp-content\/uploads\/2016\/05\/casa_de_la_luz20-125x125.jpg 125w\" sizes=\"auto, (max-width: 150px) 100vw, 150px\" \/><\/a>\n\t\t\t<\/div>\n\t\t\t\t<figcaption class='wp-caption-text gallery-caption' id='gallery-1-20700'>\n\t\t\t\tCasa de la Luz \/ Gomez De La Torre &#038; Guerrero Arquitectos (planta azotea)\n\t\t\t\t<\/figcaption><\/figure><figure class='gallery-item'>\n\t\t\t<div class='gallery-icon landscape'>\n\t\t\t\t<a href='https:\/\/www.arquimaster.com.ar\/web\/wp-content\/uploads\/2016\/05\/casa_de_la_luz21.jpg' title=\"Casa de la Luz \/ Gomez De La Torre &amp; Guerrero Arquitectos (corte)\" data-rl_title=\"Casa de la Luz \/ Gomez De La Torre &amp; Guerrero Arquitectos (corte)\" class=\"rl-gallery-link\" data-rl_caption=\"Casa de la Luz \/ Gomez De La Torre &amp; Guerrero Arquitectos (corte)\" data-rel=\"lightbox-gallery-1\"><img loading=\"lazy\" decoding=\"async\" width=\"150\" height=\"150\" src=\"https:\/\/www.arquimaster.com.ar\/web\/wp-content\/uploads\/2016\/05\/casa_de_la_luz21-150x150.jpg\" class=\"attachment-thumbnail size-thumbnail\" alt=\"\" aria-describedby=\"gallery-1-20701\" srcset=\"https:\/\/www.arquimaster.com.ar\/web\/wp-content\/uploads\/2016\/05\/casa_de_la_luz21-150x150.jpg 150w, https:\/\/www.arquimaster.com.ar\/web\/wp-content\/uploads\/2016\/05\/casa_de_la_luz21-50x50.jpg 50w, https:\/\/www.arquimaster.com.ar\/web\/wp-content\/uploads\/2016\/05\/casa_de_la_luz21-125x125.jpg 125w\" sizes=\"auto, (max-width: 150px) 100vw, 150px\" \/><\/a>\n\t\t\t<\/div>\n\t\t\t\t<figcaption class='wp-caption-text gallery-caption' id='gallery-1-20701'>\n\t\t\t\tCasa de la Luz \/ Gomez De La Torre &#038; Guerrero Arquitectos (corte)\n\t\t\t\t<\/figcaption><\/figure><figure class='gallery-item'>\n\t\t\t<div class='gallery-icon landscape'>\n\t\t\t\t<a href='https:\/\/www.arquimaster.com.ar\/web\/wp-content\/uploads\/2016\/05\/casa_de_la_luz22.jpg' title=\"Casa de la Luz \/ Gomez De La Torre &amp; Guerrero Arquitectos (corte)\" data-rl_title=\"Casa de la Luz \/ Gomez De La Torre &amp; Guerrero Arquitectos (corte)\" class=\"rl-gallery-link\" data-rl_caption=\"Casa de la Luz \/ Gomez De La Torre &amp; Guerrero Arquitectos (corte)\" data-rel=\"lightbox-gallery-1\"><img loading=\"lazy\" decoding=\"async\" width=\"150\" height=\"150\" src=\"https:\/\/www.arquimaster.com.ar\/web\/wp-content\/uploads\/2016\/05\/casa_de_la_luz22-150x150.jpg\" class=\"attachment-thumbnail size-thumbnail\" alt=\"\" aria-describedby=\"gallery-1-20702\" srcset=\"https:\/\/www.arquimaster.com.ar\/web\/wp-content\/uploads\/2016\/05\/casa_de_la_luz22-150x150.jpg 150w, https:\/\/www.arquimaster.com.ar\/web\/wp-content\/uploads\/2016\/05\/casa_de_la_luz22-50x50.jpg 50w, https:\/\/www.arquimaster.com.ar\/web\/wp-content\/uploads\/2016\/05\/casa_de_la_luz22-125x125.jpg 125w\" sizes=\"auto, (max-width: 150px) 100vw, 150px\" \/><\/a>\n\t\t\t<\/div>\n\t\t\t\t<figcaption class='wp-caption-text gallery-caption' id='gallery-1-20702'>\n\t\t\t\tCasa de la Luz \/ Gomez De La Torre &#038; Guerrero Arquitectos (corte)\n\t\t\t\t<\/figcaption><\/figure><figure class='gallery-item'>\n\t\t\t<div class='gallery-icon landscape'>\n\t\t\t\t<a href='https:\/\/www.arquimaster.com.ar\/web\/wp-content\/uploads\/2016\/05\/casa_de_la_luz23.jpg' title=\"Casa de la Luz \/ Gomez De La Torre &amp; Guerrero Arquitectos (corte)\" data-rl_title=\"Casa de la Luz \/ Gomez De La Torre &amp; Guerrero Arquitectos (corte)\" class=\"rl-gallery-link\" data-rl_caption=\"Casa de la Luz \/ Gomez De La Torre &amp; Guerrero Arquitectos (corte)\" data-rel=\"lightbox-gallery-1\"><img loading=\"lazy\" decoding=\"async\" width=\"150\" height=\"150\" src=\"https:\/\/www.arquimaster.com.ar\/web\/wp-content\/uploads\/2016\/05\/casa_de_la_luz23-150x150.jpg\" class=\"attachment-thumbnail size-thumbnail\" alt=\"\" aria-describedby=\"gallery-1-20703\" srcset=\"https:\/\/www.arquimaster.com.ar\/web\/wp-content\/uploads\/2016\/05\/casa_de_la_luz23-150x150.jpg 150w, https:\/\/www.arquimaster.com.ar\/web\/wp-content\/uploads\/2016\/05\/casa_de_la_luz23-50x50.jpg 50w, https:\/\/www.arquimaster.com.ar\/web\/wp-content\/uploads\/2016\/05\/casa_de_la_luz23-125x125.jpg 125w\" sizes=\"auto, (max-width: 150px) 100vw, 150px\" \/><\/a>\n\t\t\t<\/div>\n\t\t\t\t<figcaption class='wp-caption-text gallery-caption' id='gallery-1-20703'>\n\t\t\t\tCasa de la Luz \/ Gomez De La Torre &#038; Guerrero Arquitectos (corte)\n\t\t\t\t<\/figcaption><\/figure><figure class='gallery-item'>\n\t\t\t<div class='gallery-icon landscape'>\n\t\t\t\t<a href='https:\/\/www.arquimaster.com.ar\/web\/wp-content\/uploads\/2016\/05\/casa_de_la_luz24.jpg' title=\"Casa de la Luz \/ Gomez De La Torre &amp; Guerrero Arquitectos (corte)\" data-rl_title=\"Casa de la Luz \/ Gomez De La Torre &amp; Guerrero Arquitectos (corte)\" class=\"rl-gallery-link\" data-rl_caption=\"Casa de la Luz \/ Gomez De La Torre &amp; Guerrero Arquitectos (corte)\" data-rel=\"lightbox-gallery-1\"><img loading=\"lazy\" decoding=\"async\" width=\"150\" height=\"150\" src=\"https:\/\/www.arquimaster.com.ar\/web\/wp-content\/uploads\/2016\/05\/casa_de_la_luz24-150x150.jpg\" class=\"attachment-thumbnail size-thumbnail\" alt=\"\" aria-describedby=\"gallery-1-20704\" srcset=\"https:\/\/www.arquimaster.com.ar\/web\/wp-content\/uploads\/2016\/05\/casa_de_la_luz24-150x150.jpg 150w, https:\/\/www.arquimaster.com.ar\/web\/wp-content\/uploads\/2016\/05\/casa_de_la_luz24-50x50.jpg 50w, https:\/\/www.arquimaster.com.ar\/web\/wp-content\/uploads\/2016\/05\/casa_de_la_luz24-125x125.jpg 125w\" sizes=\"auto, (max-width: 150px) 100vw, 150px\" \/><\/a>\n\t\t\t<\/div>\n\t\t\t\t<figcaption class='wp-caption-text gallery-caption' id='gallery-1-20704'>\n\t\t\t\tCasa de la Luz \/ Gomez De La Torre &#038; Guerrero Arquitectos (corte)\n\t\t\t\t<\/figcaption><\/figure>\n\t\t<\/div>\n\n<p>Se cre\u00f3 un gran espacio de doble altura que logra escala\u00a0 a trav\u00e9s del puente vidriado que se proyecta en un balc\u00f3n sobre la sala. Este\u00a0 espacio engloba toda el \u00e1rea social de la casa en el primer piso, la cual logra una gran iluminaci\u00f3n natural a trav\u00e9s del apersianado\u00a0 vertical de concreto que sirve de cerramiento lateral al espacio.<\/p>\n<p>En la parte alta, y como parte del techo, se ha concebido una claraboya retr\u00e1ctil que permite la entrada de luz natural a su mayor magnitud y con el cual graduamos la salida de aire caliente, d\u00e1ndole un ambiente de confort a todo este espacio alto y expuesto al sol.<\/p>\n<p>La terraza, el comedor y la cocina se integran a este espacio de forma abierta y directa. En el caso de la cocina, \u00e9sta interpone dos barras, una que colinda con el comedor y se usa como desayunador, y la otra que la relaciona con la sala de doble altura y la terraza y funciona como bar y mesa de preparados que integran socialmente los ambientes.<\/p>\n<p>Finalmente, la cocina colinda tambi\u00e9n con el parque adyacente a la casa y forma parte de la fachada enchapada en piedra Talamoya. El espacio principal conforma tambi\u00e9n la fachada y en la parte alta se ha trabajado con una trama en metal de pa\u00f1os rectangulares que sobresalen en la composici\u00f3n de la fachada principal.<\/p>\n<p>El ingreso comparte la doble altura con la sala y est\u00e1 ubicado en la pared lateral entre el apersianado vertical, ocult\u00e1ndose un poco en este, pero manifestando su presencia por el ancho diferencial con toda la composici\u00f3n vidriada. Este nos lleva directo a la escalera que conecta los tres niveles, la cual est\u00e1 expuesta a la doble altura.<\/p>\n<p>En el segundo piso se desarrollan las habitaciones y el estar familiar, cada habitaci\u00f3n con su ba\u00f1o, destacando el dormitorio principal, pues se abre a la fachada y a la vista al parque colindante con la casa.<\/p>\n<p>Este espacio forma un solo volumen con el de la cocina, y al igual que ella est\u00e1 enchapado en piedra. Este volumen queda enmarcado por el techo a doble altura que tambi\u00e9n marca la terraza del primer piso. La escalera en este piso desemboca al puente vidriado que vuela sobre el espacio de doble altura, que como dijimos antes forma la sala.<\/p>\n<p>Finalmente, la escalera que queda abierta cuando se corre el techo retr\u00e1ctil generando que la luz del sol entre en toda su\u00a0magnitud iluminando todo el espacio y todo rinc\u00f3n adyacente, entrega a la terraza del tercer piso donde se halla instalada una zona recreativa que comprende una peque\u00f1a piscina, una parrilla y bar as\u00ed como un estar con poltronas de descanso y una zona de comedor. Estos espacios est\u00e1n techados con lonas templadas para protegerlos del sol.<\/p>\n<p>De noche se ha trabajado la iluminaci\u00f3n artificial colocando ca\u00f1ones de luz en cada apersianado vertical de la pared lateral del espacio central de la casa as\u00ed como luz indirecta en el cielorraso que rebotan sobre el puente vidriado creando un efecto dram\u00e1tico en el exterior y acogedor en el interior.<\/p>\n<p><strong>Ficha t\u00e9cnica<\/strong><br \/>\nNombre: Casa de la Luz<br \/>\nUbicaci\u00f3n: Lima, Per\u00fa<br \/>\nAutor: Estudio G\u00f3mez de la Torre &amp; Guerrero Arquitectos<br \/>\nArquitectura: Arq. Enrique G\u00f3mez de la Torre Salas, Arq. Mar\u00eda del Carmen Guerrero Y\u00e1bar<br \/>\nColaboradores: Srta. Catty Torres, Bachiller Rodrigo G\u00f3mez de la Torre, Bachiller Will Heidinger<br \/>\nEstructuras: Ing. Francisco Barrantes<br \/>\nInstalaciones Sanitarias:\u00a0Ing. Jos\u00e9 Tello<br \/>\nInstalaciones El\u00e9ctricas: Ing. Jorge Suca<br \/>\nA\u00f1o de realizaci\u00f3n: 2015<br \/>\n\u00c1rea terreno: 180 m2<br \/>\n\u00c1rea cubierta: 271,04 m2<br \/>\nFotograf\u00eda: Juan Solano<\/p>\n<p><strong>Contacto<br \/>\n<\/strong><a href=\"http:\/\/www.gomezdelatorreyguerrero-arquitectos.com\" target=\"_blank\" rel=\"noopener\">http:\/\/www.gomezdelatorreyguerrero-arquitectos.com<\/a><\/p>\n\n<div style=\"font-size: 0px; height: 0px; line-height: 0px; margin: 0; padding: 0; clear: both;\"><\/div><div style=\"margin-top: 0px; margin-bottom: 0px;\" class=\"sharethis-inline-share-buttons\" ><\/div>","protected":false},"excerpt":{"rendered":"<p>La casa aprovecha la mayor cantidad de luz natural del exterior y vistas hacia el parque&#8230;<\/p>\n","protected":false},"author":1,"featured_media":20679,"comment_status":"closed","ping_status":"closed","sticky":false,"template":"","format":"standard","meta":{"_uag_custom_page_level_css":"","footnotes":""},"categories":[1,83],"tags":[927,925,88,926,89,254],"class_list":["post-20678","post","type-post","status-publish","format-standard","has-post-thumbnail","hentry","category-proyecto","category-vivienda-unifamiliar","tag-cesar-enrique-gomez-de-la-torre-salas","tag-gomez-de-la-torre-guerrero-arquitectos","tag-lima","tag-maria-del-carmen-guerrero-yabar","tag-peru","tag-vivienda-unifamiliar-2","generate-columns","tablet-grid-50","mobile-grid-100","grid-parent","grid-50"],"yoast_head":"<!-- This site is optimized with the Yoast SEO plugin v27.3 - https:\/\/yoast.com\/product\/yoast-seo-wordpress\/ -->\n<title>Casa de la Luz \/ Gomez De La Torre &amp; Guerrero Arquitectos - Arquimaster<\/title>\n<meta name=\"robots\" content=\"index, follow, max-snippet:-1, max-image-preview:large, max-video-preview:-1\" \/>\n<link rel=\"canonical\" href=\"https:\/\/www.arquimaster.com.ar\/web\/casa-de-la-luz-gomez-de-la-torre-guerrero-arquitectos\/\" \/>\n<meta property=\"og:locale\" content=\"es_ES\" \/>\n<meta property=\"og:type\" content=\"article\" \/>\n<meta property=\"og:title\" content=\"Casa de la Luz \/ Gomez De La Torre &amp; Guerrero Arquitectos - Arquimaster\" \/>\n<meta property=\"og:description\" content=\"La casa aprovecha la mayor cantidad de luz natural del exterior y vistas hacia el parque...\" \/>\n<meta property=\"og:url\" content=\"https:\/\/www.arquimaster.com.ar\/web\/casa-de-la-luz-gomez-de-la-torre-guerrero-arquitectos\/\" \/>\n<meta property=\"og:site_name\" content=\"Arquimaster\" \/>\n<meta property=\"article:publisher\" content=\"http:\/\/www.facebook.com\/ARQUIMASTER.com.ar\" \/>\n<meta property=\"article:published_time\" content=\"2016-05-16T23:30:21+00:00\" \/>\n<meta property=\"article:modified_time\" content=\"2019-01-26T20:43:24+00:00\" \/>\n<meta property=\"og:image\" content=\"https:\/\/www.arquimaster.com.ar\/web\/wp-content\/uploads\/2016\/05\/casa_de_la_luz_slide1.jpg\" \/>\n\t<meta property=\"og:image:width\" content=\"642\" \/>\n\t<meta property=\"og:image:height\" content=\"336\" \/>\n\t<meta property=\"og:image:type\" content=\"image\/jpeg\" \/>\n<meta name=\"author\" content=\"Arquimaster\" \/>\n<meta name=\"twitter:card\" content=\"summary_large_image\" \/>\n<meta name=\"twitter:creator\" content=\"@arquimaster\" \/>\n<meta name=\"twitter:site\" content=\"@arquimaster\" \/>\n<meta name=\"twitter:label1\" content=\"Escrito por\" \/>\n\t<meta name=\"twitter:data1\" content=\"Arquimaster\" \/>\n\t<meta name=\"twitter:label2\" content=\"Tiempo de lectura\" \/>\n\t<meta name=\"twitter:data2\" content=\"3 minutos\" \/>\n<script type=\"application\/ld+json\" class=\"yoast-schema-graph\">{\"@context\":\"https:\\\/\\\/schema.org\",\"@graph\":[{\"@type\":\"Article\",\"@id\":\"https:\\\/\\\/www.arquimaster.com.ar\\\/web\\\/casa-de-la-luz-gomez-de-la-torre-guerrero-arquitectos\\\/#article\",\"isPartOf\":{\"@id\":\"https:\\\/\\\/www.arquimaster.com.ar\\\/web\\\/casa-de-la-luz-gomez-de-la-torre-guerrero-arquitectos\\\/\"},\"author\":{\"name\":\"Arquimaster\",\"@id\":\"https:\\\/\\\/www.arquimaster.com.ar\\\/web\\\/#\\\/schema\\\/person\\\/359e9f7c00193fcde068e0dd2ceb0028\"},\"headline\":\"Casa de la Luz \\\/ Gomez De La Torre &#038; Guerrero Arquitectos\",\"datePublished\":\"2016-05-16T23:30:21+00:00\",\"dateModified\":\"2019-01-26T20:43:24+00:00\",\"mainEntityOfPage\":{\"@id\":\"https:\\\/\\\/www.arquimaster.com.ar\\\/web\\\/casa-de-la-luz-gomez-de-la-torre-guerrero-arquitectos\\\/\"},\"wordCount\":687,\"publisher\":{\"@id\":\"https:\\\/\\\/www.arquimaster.com.ar\\\/web\\\/#organization\"},\"image\":{\"@id\":\"https:\\\/\\\/www.arquimaster.com.ar\\\/web\\\/casa-de-la-luz-gomez-de-la-torre-guerrero-arquitectos\\\/#primaryimage\"},\"thumbnailUrl\":\"https:\\\/\\\/www.arquimaster.com.ar\\\/web\\\/wp-content\\\/uploads\\\/2016\\\/05\\\/casa_de_la_luz_slide1.jpg\",\"keywords\":[\"Cesar Enrique Gomez de la Torre\",\"Gomez de la Torre &amp; Guerrero Arquitectos\",\"Lima\",\"Maria Del Carmen Guerrero\",\"Peru\",\"vivienda unifamiliar\"],\"articleSection\":[\"Proyecto\",\"Vivienda unifamiliar y PH\"],\"inLanguage\":\"es\"},{\"@type\":\"WebPage\",\"@id\":\"https:\\\/\\\/www.arquimaster.com.ar\\\/web\\\/casa-de-la-luz-gomez-de-la-torre-guerrero-arquitectos\\\/\",\"url\":\"https:\\\/\\\/www.arquimaster.com.ar\\\/web\\\/casa-de-la-luz-gomez-de-la-torre-guerrero-arquitectos\\\/\",\"name\":\"Casa de la Luz \\\/ Gomez De La Torre & Guerrero Arquitectos - Arquimaster\",\"isPartOf\":{\"@id\":\"https:\\\/\\\/www.arquimaster.com.ar\\\/web\\\/#website\"},\"primaryImageOfPage\":{\"@id\":\"https:\\\/\\\/www.arquimaster.com.ar\\\/web\\\/casa-de-la-luz-gomez-de-la-torre-guerrero-arquitectos\\\/#primaryimage\"},\"image\":{\"@id\":\"https:\\\/\\\/www.arquimaster.com.ar\\\/web\\\/casa-de-la-luz-gomez-de-la-torre-guerrero-arquitectos\\\/#primaryimage\"},\"thumbnailUrl\":\"https:\\\/\\\/www.arquimaster.com.ar\\\/web\\\/wp-content\\\/uploads\\\/2016\\\/05\\\/casa_de_la_luz_slide1.jpg\",\"datePublished\":\"2016-05-16T23:30:21+00:00\",\"dateModified\":\"2019-01-26T20:43:24+00:00\",\"breadcrumb\":{\"@id\":\"https:\\\/\\\/www.arquimaster.com.ar\\\/web\\\/casa-de-la-luz-gomez-de-la-torre-guerrero-arquitectos\\\/#breadcrumb\"},\"inLanguage\":\"es\",\"potentialAction\":[{\"@type\":\"ReadAction\",\"target\":[\"https:\\\/\\\/www.arquimaster.com.ar\\\/web\\\/casa-de-la-luz-gomez-de-la-torre-guerrero-arquitectos\\\/\"]}]},{\"@type\":\"ImageObject\",\"inLanguage\":\"es\",\"@id\":\"https:\\\/\\\/www.arquimaster.com.ar\\\/web\\\/casa-de-la-luz-gomez-de-la-torre-guerrero-arquitectos\\\/#primaryimage\",\"url\":\"https:\\\/\\\/www.arquimaster.com.ar\\\/web\\\/wp-content\\\/uploads\\\/2016\\\/05\\\/casa_de_la_luz_slide1.jpg\",\"contentUrl\":\"https:\\\/\\\/www.arquimaster.com.ar\\\/web\\\/wp-content\\\/uploads\\\/2016\\\/05\\\/casa_de_la_luz_slide1.jpg\",\"width\":642,\"height\":336},{\"@type\":\"BreadcrumbList\",\"@id\":\"https:\\\/\\\/www.arquimaster.com.ar\\\/web\\\/casa-de-la-luz-gomez-de-la-torre-guerrero-arquitectos\\\/#breadcrumb\",\"itemListElement\":[{\"@type\":\"ListItem\",\"position\":1,\"name\":\"Portada\",\"item\":\"https:\\\/\\\/www.arquimaster.com.ar\\\/web\\\/\"},{\"@type\":\"ListItem\",\"position\":2,\"name\":\"Casa de la Luz \\\/ Gomez De La Torre &#038; Guerrero Arquitectos\"}]},{\"@type\":\"WebSite\",\"@id\":\"https:\\\/\\\/www.arquimaster.com.ar\\\/web\\\/#website\",\"url\":\"https:\\\/\\\/www.arquimaster.com.ar\\\/web\\\/\",\"name\":\"Arquimaster\",\"description\":\"Web de arquitectura, dise\u00f1o y construccion\",\"publisher\":{\"@id\":\"https:\\\/\\\/www.arquimaster.com.ar\\\/web\\\/#organization\"},\"potentialAction\":[{\"@type\":\"SearchAction\",\"target\":{\"@type\":\"EntryPoint\",\"urlTemplate\":\"https:\\\/\\\/www.arquimaster.com.ar\\\/web\\\/?s={search_term_string}\"},\"query-input\":{\"@type\":\"PropertyValueSpecification\",\"valueRequired\":true,\"valueName\":\"search_term_string\"}}],\"inLanguage\":\"es\"},{\"@type\":\"Organization\",\"@id\":\"https:\\\/\\\/www.arquimaster.com.ar\\\/web\\\/#organization\",\"name\":\"Arquimaster\",\"url\":\"https:\\\/\\\/www.arquimaster.com.ar\\\/web\\\/\",\"logo\":{\"@type\":\"ImageObject\",\"inLanguage\":\"es\",\"@id\":\"https:\\\/\\\/www.arquimaster.com.ar\\\/web\\\/#\\\/schema\\\/logo\\\/image\\\/\",\"url\":\"https:\\\/\\\/www.arquimaster.com.ar\\\/web\\\/wp-content\\\/uploads\\\/2022\\\/06\\\/arquimaster.png\",\"contentUrl\":\"https:\\\/\\\/www.arquimaster.com.ar\\\/web\\\/wp-content\\\/uploads\\\/2022\\\/06\\\/arquimaster.png\",\"width\":594,\"height\":78,\"caption\":\"Arquimaster\"},\"image\":{\"@id\":\"https:\\\/\\\/www.arquimaster.com.ar\\\/web\\\/#\\\/schema\\\/logo\\\/image\\\/\"},\"sameAs\":[\"http:\\\/\\\/www.facebook.com\\\/ARQUIMASTER.com.ar\",\"https:\\\/\\\/x.com\\\/arquimaster\",\"https:\\\/\\\/www.instagram.com\\\/arquimasterblog\\\/\",\"https:\\\/\\\/www.linkedin.com\\\/company\\\/arquimaster\",\"https:\\\/\\\/www.pinterest.com\\\/arquimaster\",\"https:\\\/\\\/t.me\\\/arquimaster\"]},{\"@type\":\"Person\",\"@id\":\"https:\\\/\\\/www.arquimaster.com.ar\\\/web\\\/#\\\/schema\\\/person\\\/359e9f7c00193fcde068e0dd2ceb0028\",\"name\":\"Arquimaster\"}]}<\/script>\n<!-- \/ Yoast SEO plugin. -->","yoast_head_json":{"title":"Casa de la Luz \/ Gomez De La Torre & Guerrero Arquitectos - Arquimaster","robots":{"index":"index","follow":"follow","max-snippet":"max-snippet:-1","max-image-preview":"max-image-preview:large","max-video-preview":"max-video-preview:-1"},"canonical":"https:\/\/www.arquimaster.com.ar\/web\/casa-de-la-luz-gomez-de-la-torre-guerrero-arquitectos\/","og_locale":"es_ES","og_type":"article","og_title":"Casa de la Luz \/ Gomez De La Torre & Guerrero Arquitectos - Arquimaster","og_description":"La casa aprovecha la mayor cantidad de luz natural del exterior y vistas hacia el parque...","og_url":"https:\/\/www.arquimaster.com.ar\/web\/casa-de-la-luz-gomez-de-la-torre-guerrero-arquitectos\/","og_site_name":"Arquimaster","article_publisher":"http:\/\/www.facebook.com\/ARQUIMASTER.com.ar","article_published_time":"2016-05-16T23:30:21+00:00","article_modified_time":"2019-01-26T20:43:24+00:00","og_image":[{"width":642,"height":336,"url":"https:\/\/www.arquimaster.com.ar\/web\/wp-content\/uploads\/2016\/05\/casa_de_la_luz_slide1.jpg","type":"image\/jpeg"}],"author":"Arquimaster","twitter_card":"summary_large_image","twitter_creator":"@arquimaster","twitter_site":"@arquimaster","twitter_misc":{"Escrito por":"Arquimaster","Tiempo de lectura":"3 minutos"},"schema":{"@context":"https:\/\/schema.org","@graph":[{"@type":"Article","@id":"https:\/\/www.arquimaster.com.ar\/web\/casa-de-la-luz-gomez-de-la-torre-guerrero-arquitectos\/#article","isPartOf":{"@id":"https:\/\/www.arquimaster.com.ar\/web\/casa-de-la-luz-gomez-de-la-torre-guerrero-arquitectos\/"},"author":{"name":"Arquimaster","@id":"https:\/\/www.arquimaster.com.ar\/web\/#\/schema\/person\/359e9f7c00193fcde068e0dd2ceb0028"},"headline":"Casa de la Luz \/ Gomez De La Torre &#038; Guerrero Arquitectos","datePublished":"2016-05-16T23:30:21+00:00","dateModified":"2019-01-26T20:43:24+00:00","mainEntityOfPage":{"@id":"https:\/\/www.arquimaster.com.ar\/web\/casa-de-la-luz-gomez-de-la-torre-guerrero-arquitectos\/"},"wordCount":687,"publisher":{"@id":"https:\/\/www.arquimaster.com.ar\/web\/#organization"},"image":{"@id":"https:\/\/www.arquimaster.com.ar\/web\/casa-de-la-luz-gomez-de-la-torre-guerrero-arquitectos\/#primaryimage"},"thumbnailUrl":"https:\/\/www.arquimaster.com.ar\/web\/wp-content\/uploads\/2016\/05\/casa_de_la_luz_slide1.jpg","keywords":["Cesar Enrique Gomez de la Torre","Gomez de la Torre &amp; Guerrero Arquitectos","Lima","Maria Del Carmen Guerrero","Peru","vivienda unifamiliar"],"articleSection":["Proyecto","Vivienda unifamiliar y PH"],"inLanguage":"es"},{"@type":"WebPage","@id":"https:\/\/www.arquimaster.com.ar\/web\/casa-de-la-luz-gomez-de-la-torre-guerrero-arquitectos\/","url":"https:\/\/www.arquimaster.com.ar\/web\/casa-de-la-luz-gomez-de-la-torre-guerrero-arquitectos\/","name":"Casa de la Luz \/ Gomez De La Torre & Guerrero Arquitectos - Arquimaster","isPartOf":{"@id":"https:\/\/www.arquimaster.com.ar\/web\/#website"},"primaryImageOfPage":{"@id":"https:\/\/www.arquimaster.com.ar\/web\/casa-de-la-luz-gomez-de-la-torre-guerrero-arquitectos\/#primaryimage"},"image":{"@id":"https:\/\/www.arquimaster.com.ar\/web\/casa-de-la-luz-gomez-de-la-torre-guerrero-arquitectos\/#primaryimage"},"thumbnailUrl":"https:\/\/www.arquimaster.com.ar\/web\/wp-content\/uploads\/2016\/05\/casa_de_la_luz_slide1.jpg","datePublished":"2016-05-16T23:30:21+00:00","dateModified":"2019-01-26T20:43:24+00:00","breadcrumb":{"@id":"https:\/\/www.arquimaster.com.ar\/web\/casa-de-la-luz-gomez-de-la-torre-guerrero-arquitectos\/#breadcrumb"},"inLanguage":"es","potentialAction":[{"@type":"ReadAction","target":["https:\/\/www.arquimaster.com.ar\/web\/casa-de-la-luz-gomez-de-la-torre-guerrero-arquitectos\/"]}]},{"@type":"ImageObject","inLanguage":"es","@id":"https:\/\/www.arquimaster.com.ar\/web\/casa-de-la-luz-gomez-de-la-torre-guerrero-arquitectos\/#primaryimage","url":"https:\/\/www.arquimaster.com.ar\/web\/wp-content\/uploads\/2016\/05\/casa_de_la_luz_slide1.jpg","contentUrl":"https:\/\/www.arquimaster.com.ar\/web\/wp-content\/uploads\/2016\/05\/casa_de_la_luz_slide1.jpg","width":642,"height":336},{"@type":"BreadcrumbList","@id":"https:\/\/www.arquimaster.com.ar\/web\/casa-de-la-luz-gomez-de-la-torre-guerrero-arquitectos\/#breadcrumb","itemListElement":[{"@type":"ListItem","position":1,"name":"Portada","item":"https:\/\/www.arquimaster.com.ar\/web\/"},{"@type":"ListItem","position":2,"name":"Casa de la Luz \/ Gomez De La Torre &#038; Guerrero Arquitectos"}]},{"@type":"WebSite","@id":"https:\/\/www.arquimaster.com.ar\/web\/#website","url":"https:\/\/www.arquimaster.com.ar\/web\/","name":"Arquimaster","description":"Web de arquitectura, dise\u00f1o y construccion","publisher":{"@id":"https:\/\/www.arquimaster.com.ar\/web\/#organization"},"potentialAction":[{"@type":"SearchAction","target":{"@type":"EntryPoint","urlTemplate":"https:\/\/www.arquimaster.com.ar\/web\/?s={search_term_string}"},"query-input":{"@type":"PropertyValueSpecification","valueRequired":true,"valueName":"search_term_string"}}],"inLanguage":"es"},{"@type":"Organization","@id":"https:\/\/www.arquimaster.com.ar\/web\/#organization","name":"Arquimaster","url":"https:\/\/www.arquimaster.com.ar\/web\/","logo":{"@type":"ImageObject","inLanguage":"es","@id":"https:\/\/www.arquimaster.com.ar\/web\/#\/schema\/logo\/image\/","url":"https:\/\/www.arquimaster.com.ar\/web\/wp-content\/uploads\/2022\/06\/arquimaster.png","contentUrl":"https:\/\/www.arquimaster.com.ar\/web\/wp-content\/uploads\/2022\/06\/arquimaster.png","width":594,"height":78,"caption":"Arquimaster"},"image":{"@id":"https:\/\/www.arquimaster.com.ar\/web\/#\/schema\/logo\/image\/"},"sameAs":["http:\/\/www.facebook.com\/ARQUIMASTER.com.ar","https:\/\/x.com\/arquimaster","https:\/\/www.instagram.com\/arquimasterblog\/","https:\/\/www.linkedin.com\/company\/arquimaster","https:\/\/www.pinterest.com\/arquimaster","https:\/\/t.me\/arquimaster"]},{"@type":"Person","@id":"https:\/\/www.arquimaster.com.ar\/web\/#\/schema\/person\/359e9f7c00193fcde068e0dd2ceb0028","name":"Arquimaster"}]}},"uagb_featured_image_src":{"full":["https:\/\/www.arquimaster.com.ar\/web\/wp-content\/uploads\/2016\/05\/casa_de_la_luz_slide1.jpg",642,336,false],"thumbnail":["https:\/\/www.arquimaster.com.ar\/web\/wp-content\/uploads\/2016\/05\/casa_de_la_luz_slide1-150x150.jpg",150,150,true],"medium":["https:\/\/www.arquimaster.com.ar\/web\/wp-content\/uploads\/2016\/05\/casa_de_la_luz_slide1.jpg",642,336,false],"medium_large":["https:\/\/www.arquimaster.com.ar\/web\/wp-content\/uploads\/2016\/05\/casa_de_la_luz_slide1.jpg",642,336,false],"large":["https:\/\/www.arquimaster.com.ar\/web\/wp-content\/uploads\/2016\/05\/casa_de_la_luz_slide1.jpg",642,336,false],"1536x1536":["https:\/\/www.arquimaster.com.ar\/web\/wp-content\/uploads\/2016\/05\/casa_de_la_luz_slide1.jpg",642,336,false],"2048x2048":["https:\/\/www.arquimaster.com.ar\/web\/wp-content\/uploads\/2016\/05\/casa_de_la_luz_slide1.jpg",642,336,false]},"uagb_author_info":{"display_name":"Arquimaster","author_link":"https:\/\/www.arquimaster.com.ar\/web\/author\/arquimaster\/"},"uagb_comment_info":0,"uagb_excerpt":"La casa aprovecha la mayor cantidad de luz natural del exterior y vistas hacia el parque...","_links":{"self":[{"href":"https:\/\/www.arquimaster.com.ar\/web\/wp-json\/wp\/v2\/posts\/20678","targetHints":{"allow":["GET"]}}],"collection":[{"href":"https:\/\/www.arquimaster.com.ar\/web\/wp-json\/wp\/v2\/posts"}],"about":[{"href":"https:\/\/www.arquimaster.com.ar\/web\/wp-json\/wp\/v2\/types\/post"}],"author":[{"embeddable":true,"href":"https:\/\/www.arquimaster.com.ar\/web\/wp-json\/wp\/v2\/users\/1"}],"replies":[{"embeddable":true,"href":"https:\/\/www.arquimaster.com.ar\/web\/wp-json\/wp\/v2\/comments?post=20678"}],"version-history":[{"count":0,"href":"https:\/\/www.arquimaster.com.ar\/web\/wp-json\/wp\/v2\/posts\/20678\/revisions"}],"wp:featuredmedia":[{"embeddable":true,"href":"https:\/\/www.arquimaster.com.ar\/web\/wp-json\/wp\/v2\/media\/20679"}],"wp:attachment":[{"href":"https:\/\/www.arquimaster.com.ar\/web\/wp-json\/wp\/v2\/media?parent=20678"}],"wp:term":[{"taxonomy":"category","embeddable":true,"href":"https:\/\/www.arquimaster.com.ar\/web\/wp-json\/wp\/v2\/categories?post=20678"},{"taxonomy":"post_tag","embeddable":true,"href":"https:\/\/www.arquimaster.com.ar\/web\/wp-json\/wp\/v2\/tags?post=20678"}],"curies":[{"name":"wp","href":"https:\/\/api.w.org\/{rel}","templated":true}]}}