{"id":2078,"date":"2014-01-15T23:33:13","date_gmt":"2014-01-15T23:33:13","guid":{"rendered":"http:\/\/www.arquimaster.com.ar\/web\/?p=2078"},"modified":"2014-03-14T22:55:53","modified_gmt":"2014-03-14T22:55:53","slug":"casa-globa-ariel-glot","status":"publish","type":"post","link":"https:\/\/www.arquimaster.com.ar\/web\/casa-globa-ariel-glot\/","title":{"rendered":"Casa Globa \/ Ariel Glot"},"content":{"rendered":"<div style=\"margin-top: 0px; margin-bottom: 0px;\" class=\"sharethis-inline-share-buttons\" ><\/div><div class=\"b812932af2e751442846f039925109de\" data-index=\"1\" style=\"float: none; margin:25px 0 25px 0; text-align:center;\">\n<script async src=\"https:\/\/pagead2.googlesyndication.com\/pagead\/js\/adsbygoogle.js\"><\/script>\r\n<!-- Arquimaster (superior) -->\r\n<ins class=\"adsbygoogle\"\r\n     style=\"display:block\"\r\n     data-ad-client=\"ca-pub-6351072698456832\"\r\n     data-ad-slot=\"6455489680\"\r\n     data-ad-format=\"auto\"\r\n     data-full-width-responsive=\"true\"><\/ins>\r\n<script>\r\n     (adsbygoogle = window.adsbygoogle || []).push({});\r\n<\/script>\n<\/div>\n<p><strong>Casa Globa<\/strong> (Vicente L\u00f3pez, Pcia. de Buenos Aires, Argentina) por <strong>Arq. Ariel Glot<\/strong> con la colaboracion de <strong>Arq. Romina Barja<\/strong>. La obra se trata de la puesta en valor y ampliaci\u00f3n de una casa entre medianeras que estuvo abandonada durante varios a\u00f1os.<\/p>\n<div id='gallery-1' class='gallery galleryid-2078 gallery-columns-3 gallery-size-thumbnail'><figure class='gallery-item'>\n\t\t\t<div class='gallery-icon portrait'>\n\t\t\t\t<a href='https:\/\/www.arquimaster.com.ar\/web\/wp-content\/uploads\/2014\/01\/casa_globa110.jpg' title=\"Casa Globa \/ Ariel Glot (\u00a9 Gustavo Sosa Pinilla)\" data-rl_title=\"Casa Globa \/ Ariel Glot (\u00a9 Gustavo Sosa Pinilla)\" class=\"rl-gallery-link\" data-rl_caption=\"Casa Globa \/ Ariel Glot (\u00a9 Gustavo Sosa Pinilla)\" data-rel=\"lightbox-gallery-1\"><img loading=\"lazy\" decoding=\"async\" width=\"150\" height=\"150\" src=\"https:\/\/www.arquimaster.com.ar\/web\/wp-content\/uploads\/2014\/01\/casa_globa110-150x150.jpg\" class=\"attachment-thumbnail size-thumbnail\" alt=\"\" aria-describedby=\"gallery-1-3942\" srcset=\"https:\/\/www.arquimaster.com.ar\/web\/wp-content\/uploads\/2014\/01\/casa_globa110-150x150.jpg 150w, https:\/\/www.arquimaster.com.ar\/web\/wp-content\/uploads\/2014\/01\/casa_globa110-50x50.jpg 50w, https:\/\/www.arquimaster.com.ar\/web\/wp-content\/uploads\/2014\/01\/casa_globa110-125x125.jpg 125w\" sizes=\"auto, (max-width: 150px) 100vw, 150px\" \/><\/a>\n\t\t\t<\/div>\n\t\t\t\t<figcaption class='wp-caption-text gallery-caption' id='gallery-1-3942'>\n\t\t\t\tCasa Globa \/ Ariel Glot (\u00a9 Gustavo Sosa Pinilla)\n\t\t\t\t<\/figcaption><\/figure><figure class='gallery-item'>\n\t\t\t<div class='gallery-icon landscape'>\n\t\t\t\t<a href='https:\/\/www.arquimaster.com.ar\/web\/wp-content\/uploads\/2014\/01\/casa_globa210.jpg' title=\"Casa Globa \/ Ariel Glot (\u00a9 Gustavo Sosa Pinilla)\" data-rl_title=\"Casa Globa \/ Ariel Glot (\u00a9 Gustavo Sosa Pinilla)\" class=\"rl-gallery-link\" data-rl_caption=\"Casa Globa \/ Ariel Glot (\u00a9 Gustavo Sosa Pinilla)\" data-rel=\"lightbox-gallery-1\"><img loading=\"lazy\" decoding=\"async\" width=\"150\" height=\"150\" src=\"https:\/\/www.arquimaster.com.ar\/web\/wp-content\/uploads\/2014\/01\/casa_globa210-150x150.jpg\" class=\"attachment-thumbnail size-thumbnail\" alt=\"\" aria-describedby=\"gallery-1-3943\" srcset=\"https:\/\/www.arquimaster.com.ar\/web\/wp-content\/uploads\/2014\/01\/casa_globa210-150x150.jpg 150w, https:\/\/www.arquimaster.com.ar\/web\/wp-content\/uploads\/2014\/01\/casa_globa210-50x50.jpg 50w, https:\/\/www.arquimaster.com.ar\/web\/wp-content\/uploads\/2014\/01\/casa_globa210-125x125.jpg 125w\" sizes=\"auto, (max-width: 150px) 100vw, 150px\" \/><\/a>\n\t\t\t<\/div>\n\t\t\t\t<figcaption class='wp-caption-text gallery-caption' id='gallery-1-3943'>\n\t\t\t\tCasa Globa \/ Ariel Glot (\u00a9 Gustavo Sosa Pinilla)\n\t\t\t\t<\/figcaption><\/figure><figure class='gallery-item'>\n\t\t\t<div class='gallery-icon landscape'>\n\t\t\t\t<a href='https:\/\/www.arquimaster.com.ar\/web\/wp-content\/uploads\/2014\/01\/casa_globa35.jpg' title=\"Casa Globa \/ Ariel Glot (\u00a9 Gustavo Sosa Pinilla)\" data-rl_title=\"Casa Globa \/ Ariel Glot (\u00a9 Gustavo Sosa Pinilla)\" class=\"rl-gallery-link\" data-rl_caption=\"Casa Globa \/ Ariel Glot (\u00a9 Gustavo Sosa Pinilla)\" data-rel=\"lightbox-gallery-1\"><img loading=\"lazy\" decoding=\"async\" width=\"150\" height=\"150\" src=\"https:\/\/www.arquimaster.com.ar\/web\/wp-content\/uploads\/2014\/01\/casa_globa35-150x150.jpg\" class=\"attachment-thumbnail size-thumbnail\" alt=\"\" aria-describedby=\"gallery-1-3944\" srcset=\"https:\/\/www.arquimaster.com.ar\/web\/wp-content\/uploads\/2014\/01\/casa_globa35-150x150.jpg 150w, https:\/\/www.arquimaster.com.ar\/web\/wp-content\/uploads\/2014\/01\/casa_globa35-50x50.jpg 50w, https:\/\/www.arquimaster.com.ar\/web\/wp-content\/uploads\/2014\/01\/casa_globa35-125x125.jpg 125w\" sizes=\"auto, (max-width: 150px) 100vw, 150px\" \/><\/a>\n\t\t\t<\/div>\n\t\t\t\t<figcaption class='wp-caption-text gallery-caption' id='gallery-1-3944'>\n\t\t\t\tCasa Globa \/ Ariel Glot (\u00a9 Gustavo Sosa Pinilla)\n\t\t\t\t<\/figcaption><\/figure><figure class='gallery-item'>\n\t\t\t<div class='gallery-icon landscape'>\n\t\t\t\t<a href='https:\/\/www.arquimaster.com.ar\/web\/wp-content\/uploads\/2014\/01\/casa_globa41.jpg' title=\"Casa Globa \/ Ariel Glot (\u00a9 Gustavo Sosa Pinilla)\" data-rl_title=\"Casa Globa \/ Ariel Glot (\u00a9 Gustavo Sosa Pinilla)\" class=\"rl-gallery-link\" data-rl_caption=\"Casa Globa \/ Ariel Glot (\u00a9 Gustavo Sosa Pinilla)\" data-rel=\"lightbox-gallery-1\"><img loading=\"lazy\" decoding=\"async\" width=\"150\" height=\"150\" src=\"https:\/\/www.arquimaster.com.ar\/web\/wp-content\/uploads\/2014\/01\/casa_globa41-150x150.jpg\" class=\"attachment-thumbnail size-thumbnail\" alt=\"\" aria-describedby=\"gallery-1-3945\" srcset=\"https:\/\/www.arquimaster.com.ar\/web\/wp-content\/uploads\/2014\/01\/casa_globa41-150x150.jpg 150w, https:\/\/www.arquimaster.com.ar\/web\/wp-content\/uploads\/2014\/01\/casa_globa41-50x50.jpg 50w, https:\/\/www.arquimaster.com.ar\/web\/wp-content\/uploads\/2014\/01\/casa_globa41-125x125.jpg 125w\" sizes=\"auto, (max-width: 150px) 100vw, 150px\" \/><\/a>\n\t\t\t<\/div>\n\t\t\t\t<figcaption class='wp-caption-text gallery-caption' id='gallery-1-3945'>\n\t\t\t\tCasa Globa \/ Ariel Glot (\u00a9 Gustavo Sosa Pinilla)\n\t\t\t\t<\/figcaption><\/figure><figure class='gallery-item'>\n\t\t\t<div class='gallery-icon landscape'>\n\t\t\t\t<a href='https:\/\/www.arquimaster.com.ar\/web\/wp-content\/uploads\/2014\/01\/casa_globa51.jpg' title=\"Casa Globa \/ Ariel Glot (\u00a9 Gustavo Sosa Pinilla)\" data-rl_title=\"Casa Globa \/ Ariel Glot (\u00a9 Gustavo Sosa Pinilla)\" class=\"rl-gallery-link\" data-rl_caption=\"Casa Globa \/ Ariel Glot (\u00a9 Gustavo Sosa Pinilla)\" data-rel=\"lightbox-gallery-1\"><img loading=\"lazy\" decoding=\"async\" width=\"150\" height=\"150\" src=\"https:\/\/www.arquimaster.com.ar\/web\/wp-content\/uploads\/2014\/01\/casa_globa51-150x150.jpg\" class=\"attachment-thumbnail size-thumbnail\" alt=\"\" aria-describedby=\"gallery-1-3946\" srcset=\"https:\/\/www.arquimaster.com.ar\/web\/wp-content\/uploads\/2014\/01\/casa_globa51-150x150.jpg 150w, https:\/\/www.arquimaster.com.ar\/web\/wp-content\/uploads\/2014\/01\/casa_globa51-50x50.jpg 50w, https:\/\/www.arquimaster.com.ar\/web\/wp-content\/uploads\/2014\/01\/casa_globa51-125x125.jpg 125w\" sizes=\"auto, (max-width: 150px) 100vw, 150px\" \/><\/a>\n\t\t\t<\/div>\n\t\t\t\t<figcaption class='wp-caption-text gallery-caption' id='gallery-1-3946'>\n\t\t\t\tCasa Globa \/ Ariel Glot (\u00a9 Gustavo Sosa Pinilla)\n\t\t\t\t<\/figcaption><\/figure><figure class='gallery-item'>\n\t\t\t<div class='gallery-icon landscape'>\n\t\t\t\t<a href='https:\/\/www.arquimaster.com.ar\/web\/wp-content\/uploads\/2014\/01\/casa_globa61.jpg' title=\"Casa Globa \/ Ariel Glot (\u00a9 Gustavo Sosa Pinilla)\" data-rl_title=\"Casa Globa \/ Ariel Glot (\u00a9 Gustavo Sosa Pinilla)\" class=\"rl-gallery-link\" data-rl_caption=\"Casa Globa \/ Ariel Glot (\u00a9 Gustavo Sosa Pinilla)\" data-rel=\"lightbox-gallery-1\"><img loading=\"lazy\" decoding=\"async\" width=\"150\" height=\"150\" src=\"https:\/\/www.arquimaster.com.ar\/web\/wp-content\/uploads\/2014\/01\/casa_globa61-150x150.jpg\" class=\"attachment-thumbnail size-thumbnail\" alt=\"\" aria-describedby=\"gallery-1-3947\" srcset=\"https:\/\/www.arquimaster.com.ar\/web\/wp-content\/uploads\/2014\/01\/casa_globa61-150x150.jpg 150w, https:\/\/www.arquimaster.com.ar\/web\/wp-content\/uploads\/2014\/01\/casa_globa61-50x50.jpg 50w, https:\/\/www.arquimaster.com.ar\/web\/wp-content\/uploads\/2014\/01\/casa_globa61-125x125.jpg 125w\" sizes=\"auto, (max-width: 150px) 100vw, 150px\" \/><\/a>\n\t\t\t<\/div>\n\t\t\t\t<figcaption class='wp-caption-text gallery-caption' id='gallery-1-3947'>\n\t\t\t\tCasa Globa \/ Ariel Glot (\u00a9 Gustavo Sosa Pinilla)\n\t\t\t\t<\/figcaption><\/figure><figure class='gallery-item'>\n\t\t\t<div class='gallery-icon landscape'>\n\t\t\t\t<a href='https:\/\/www.arquimaster.com.ar\/web\/wp-content\/uploads\/2014\/01\/casa_globa71.jpg' title=\"Casa Globa \/ Ariel Glot (\u00a9 Gustavo Sosa Pinilla)\" data-rl_title=\"Casa Globa \/ Ariel Glot (\u00a9 Gustavo Sosa Pinilla)\" class=\"rl-gallery-link\" data-rl_caption=\"Casa Globa \/ Ariel Glot (\u00a9 Gustavo Sosa Pinilla)\" data-rel=\"lightbox-gallery-1\"><img loading=\"lazy\" decoding=\"async\" width=\"150\" height=\"150\" src=\"https:\/\/www.arquimaster.com.ar\/web\/wp-content\/uploads\/2014\/01\/casa_globa71-150x150.jpg\" class=\"attachment-thumbnail size-thumbnail\" alt=\"\" aria-describedby=\"gallery-1-3948\" srcset=\"https:\/\/www.arquimaster.com.ar\/web\/wp-content\/uploads\/2014\/01\/casa_globa71-150x150.jpg 150w, https:\/\/www.arquimaster.com.ar\/web\/wp-content\/uploads\/2014\/01\/casa_globa71-50x50.jpg 50w, https:\/\/www.arquimaster.com.ar\/web\/wp-content\/uploads\/2014\/01\/casa_globa71-125x125.jpg 125w\" sizes=\"auto, (max-width: 150px) 100vw, 150px\" \/><\/a>\n\t\t\t<\/div>\n\t\t\t\t<figcaption class='wp-caption-text gallery-caption' id='gallery-1-3948'>\n\t\t\t\tCasa Globa \/ Ariel Glot (\u00a9 Gustavo Sosa Pinilla)\n\t\t\t\t<\/figcaption><\/figure><figure class='gallery-item'>\n\t\t\t<div class='gallery-icon portrait'>\n\t\t\t\t<a href='https:\/\/www.arquimaster.com.ar\/web\/wp-content\/uploads\/2014\/01\/casa_globa111.jpg' title=\"Casa Globa \/ Ariel Glot (\u00a9 Gustavo Sosa Pinilla)\" data-rl_title=\"Casa Globa \/ Ariel Glot (\u00a9 Gustavo Sosa Pinilla)\" class=\"rl-gallery-link\" data-rl_caption=\"Casa Globa \/ Ariel Glot (\u00a9 Gustavo Sosa Pinilla)\" data-rel=\"lightbox-gallery-1\"><img loading=\"lazy\" decoding=\"async\" width=\"150\" height=\"150\" src=\"https:\/\/www.arquimaster.com.ar\/web\/wp-content\/uploads\/2014\/01\/casa_globa111-150x150.jpg\" class=\"attachment-thumbnail size-thumbnail\" alt=\"\" aria-describedby=\"gallery-1-3951\" srcset=\"https:\/\/www.arquimaster.com.ar\/web\/wp-content\/uploads\/2014\/01\/casa_globa111-150x150.jpg 150w, https:\/\/www.arquimaster.com.ar\/web\/wp-content\/uploads\/2014\/01\/casa_globa111-50x50.jpg 50w, https:\/\/www.arquimaster.com.ar\/web\/wp-content\/uploads\/2014\/01\/casa_globa111-125x125.jpg 125w\" sizes=\"auto, (max-width: 150px) 100vw, 150px\" \/><\/a>\n\t\t\t<\/div>\n\t\t\t\t<figcaption class='wp-caption-text gallery-caption' id='gallery-1-3951'>\n\t\t\t\tCasa Globa \/ Ariel Glot (\u00a9 Gustavo Sosa Pinilla)\n\t\t\t\t<\/figcaption><\/figure><figure class='gallery-item'>\n\t\t\t<div class='gallery-icon landscape'>\n\t\t\t\t<a href='https:\/\/www.arquimaster.com.ar\/web\/wp-content\/uploads\/2014\/01\/casa_globa81.jpg' title=\"Casa Globa \/ Ariel Glot (\u00a9 Gustavo Sosa Pinilla)\" data-rl_title=\"Casa Globa \/ Ariel Glot (\u00a9 Gustavo Sosa Pinilla)\" class=\"rl-gallery-link\" data-rl_caption=\"Casa Globa \/ Ariel Glot (\u00a9 Gustavo Sosa Pinilla)\" data-rel=\"lightbox-gallery-1\"><img loading=\"lazy\" decoding=\"async\" width=\"150\" height=\"150\" src=\"https:\/\/www.arquimaster.com.ar\/web\/wp-content\/uploads\/2014\/01\/casa_globa81-150x150.jpg\" class=\"attachment-thumbnail size-thumbnail\" alt=\"\" aria-describedby=\"gallery-1-3949\" srcset=\"https:\/\/www.arquimaster.com.ar\/web\/wp-content\/uploads\/2014\/01\/casa_globa81-150x150.jpg 150w, https:\/\/www.arquimaster.com.ar\/web\/wp-content\/uploads\/2014\/01\/casa_globa81-50x50.jpg 50w, https:\/\/www.arquimaster.com.ar\/web\/wp-content\/uploads\/2014\/01\/casa_globa81-125x125.jpg 125w\" sizes=\"auto, (max-width: 150px) 100vw, 150px\" \/><\/a>\n\t\t\t<\/div>\n\t\t\t\t<figcaption class='wp-caption-text gallery-caption' id='gallery-1-3949'>\n\t\t\t\tCasa Globa \/ Ariel Glot (\u00a9 Gustavo Sosa Pinilla)\n\t\t\t\t<\/figcaption><\/figure><figure class='gallery-item'>\n\t\t\t<div class='gallery-icon portrait'>\n\t\t\t\t<a href='https:\/\/www.arquimaster.com.ar\/web\/wp-content\/uploads\/2014\/01\/casa_globa_pb.jpg' title=\"Casa Globa \/ Ariel Glot (planta baja)\" data-rl_title=\"Casa Globa \/ Ariel Glot (planta baja)\" class=\"rl-gallery-link\" data-rl_caption=\"Casa Globa \/ Ariel Glot (planta baja)\" data-rel=\"lightbox-gallery-1\"><img loading=\"lazy\" decoding=\"async\" width=\"150\" height=\"150\" src=\"https:\/\/www.arquimaster.com.ar\/web\/wp-content\/uploads\/2014\/01\/casa_globa_pb-150x150.jpg\" class=\"attachment-thumbnail size-thumbnail\" alt=\"\" aria-describedby=\"gallery-1-2118\" srcset=\"https:\/\/www.arquimaster.com.ar\/web\/wp-content\/uploads\/2014\/01\/casa_globa_pb-150x150.jpg 150w, https:\/\/www.arquimaster.com.ar\/web\/wp-content\/uploads\/2014\/01\/casa_globa_pb-50x50.jpg 50w, https:\/\/www.arquimaster.com.ar\/web\/wp-content\/uploads\/2014\/01\/casa_globa_pb-125x125.jpg 125w\" sizes=\"auto, (max-width: 150px) 100vw, 150px\" \/><\/a>\n\t\t\t<\/div>\n\t\t\t\t<figcaption class='wp-caption-text gallery-caption' id='gallery-1-2118'>\n\t\t\t\tCasa Globa \/ Ariel Glot (planta baja)\n\t\t\t\t<\/figcaption><\/figure><figure class='gallery-item'>\n\t\t\t<div class='gallery-icon portrait'>\n\t\t\t\t<a href='https:\/\/www.arquimaster.com.ar\/web\/wp-content\/uploads\/2014\/01\/casa_globa_p1.jpg' title=\"Casa Globa \/ Ariel Glot (planta 1\u00ba piso)\" data-rl_title=\"Casa Globa \/ Ariel Glot (planta 1\u00ba piso)\" class=\"rl-gallery-link\" data-rl_caption=\"Casa Globa \/ Ariel Glot (planta 1\u00ba piso)\" data-rel=\"lightbox-gallery-1\"><img loading=\"lazy\" decoding=\"async\" width=\"150\" height=\"150\" src=\"https:\/\/www.arquimaster.com.ar\/web\/wp-content\/uploads\/2014\/01\/casa_globa_p1-150x150.jpg\" class=\"attachment-thumbnail size-thumbnail\" alt=\"\" aria-describedby=\"gallery-1-2116\" srcset=\"https:\/\/www.arquimaster.com.ar\/web\/wp-content\/uploads\/2014\/01\/casa_globa_p1-150x150.jpg 150w, https:\/\/www.arquimaster.com.ar\/web\/wp-content\/uploads\/2014\/01\/casa_globa_p1-50x50.jpg 50w, https:\/\/www.arquimaster.com.ar\/web\/wp-content\/uploads\/2014\/01\/casa_globa_p1-125x125.jpg 125w\" sizes=\"auto, (max-width: 150px) 100vw, 150px\" \/><\/a>\n\t\t\t<\/div>\n\t\t\t\t<figcaption class='wp-caption-text gallery-caption' id='gallery-1-2116'>\n\t\t\t\tCasa Globa \/ Ariel Glot (planta 1\u00ba piso)\n\t\t\t\t<\/figcaption><\/figure><figure class='gallery-item'>\n\t\t\t<div class='gallery-icon portrait'>\n\t\t\t\t<a href='https:\/\/www.arquimaster.com.ar\/web\/wp-content\/uploads\/2014\/01\/casa_globa_p2.jpg' title=\"Casa Globa \/ Ariel Glot (planta 2\u00ba piso)\" data-rl_title=\"Casa Globa \/ Ariel Glot (planta 2\u00ba piso)\" class=\"rl-gallery-link\" data-rl_caption=\"Casa Globa \/ Ariel Glot (planta 2\u00ba piso)\" data-rel=\"lightbox-gallery-1\"><img loading=\"lazy\" decoding=\"async\" width=\"150\" height=\"150\" src=\"https:\/\/www.arquimaster.com.ar\/web\/wp-content\/uploads\/2014\/01\/casa_globa_p2-150x150.jpg\" class=\"attachment-thumbnail size-thumbnail\" alt=\"\" aria-describedby=\"gallery-1-2117\" srcset=\"https:\/\/www.arquimaster.com.ar\/web\/wp-content\/uploads\/2014\/01\/casa_globa_p2-150x150.jpg 150w, https:\/\/www.arquimaster.com.ar\/web\/wp-content\/uploads\/2014\/01\/casa_globa_p2-50x50.jpg 50w, https:\/\/www.arquimaster.com.ar\/web\/wp-content\/uploads\/2014\/01\/casa_globa_p2-125x125.jpg 125w\" sizes=\"auto, (max-width: 150px) 100vw, 150px\" \/><\/a>\n\t\t\t<\/div>\n\t\t\t\t<figcaption class='wp-caption-text gallery-caption' id='gallery-1-2117'>\n\t\t\t\tCasa Globa \/ Ariel Glot (planta 2\u00ba piso)\n\t\t\t\t<\/figcaption><\/figure><figure class='gallery-item'>\n\t\t\t<div class='gallery-icon landscape'>\n\t\t\t\t<a href='https:\/\/www.arquimaster.com.ar\/web\/wp-content\/uploads\/2014\/01\/casa_globa_corte.jpg' title=\"Casa Globa \/ Ariel Glot (corte)\" data-rl_title=\"Casa Globa \/ Ariel Glot (corte)\" class=\"rl-gallery-link\" data-rl_caption=\"Casa Globa \/ Ariel Glot (corte)\" data-rel=\"lightbox-gallery-1\"><img loading=\"lazy\" decoding=\"async\" width=\"150\" height=\"150\" src=\"https:\/\/www.arquimaster.com.ar\/web\/wp-content\/uploads\/2014\/01\/casa_globa_corte-150x150.jpg\" class=\"attachment-thumbnail size-thumbnail\" alt=\"\" aria-describedby=\"gallery-1-2114\" srcset=\"https:\/\/www.arquimaster.com.ar\/web\/wp-content\/uploads\/2014\/01\/casa_globa_corte-150x150.jpg 150w, https:\/\/www.arquimaster.com.ar\/web\/wp-content\/uploads\/2014\/01\/casa_globa_corte-50x50.jpg 50w, https:\/\/www.arquimaster.com.ar\/web\/wp-content\/uploads\/2014\/01\/casa_globa_corte-125x125.jpg 125w\" sizes=\"auto, (max-width: 150px) 100vw, 150px\" \/><\/a>\n\t\t\t<\/div>\n\t\t\t\t<figcaption class='wp-caption-text gallery-caption' id='gallery-1-2114'>\n\t\t\t\tCasa Globa \/ Ariel Glot (corte)\n\t\t\t\t<\/figcaption><\/figure><figure class='gallery-item'>\n\t\t\t<div class='gallery-icon landscape'>\n\t\t\t\t<a href='https:\/\/www.arquimaster.com.ar\/web\/wp-content\/uploads\/2014\/01\/casa_globa_vistas.jpg' title=\"Casa Globa \/ Ariel Glot (vista frente y contrafrente)\" data-rl_title=\"Casa Globa \/ Ariel Glot (vista frente y contrafrente)\" class=\"rl-gallery-link\" data-rl_caption=\"Casa Globa \/ Ariel Glot (vista frente y contrafrente)\" data-rel=\"lightbox-gallery-1\"><img loading=\"lazy\" decoding=\"async\" width=\"150\" height=\"150\" src=\"https:\/\/www.arquimaster.com.ar\/web\/wp-content\/uploads\/2014\/01\/casa_globa_vistas-150x150.jpg\" class=\"attachment-thumbnail size-thumbnail\" alt=\"\" aria-describedby=\"gallery-1-2119\" srcset=\"https:\/\/www.arquimaster.com.ar\/web\/wp-content\/uploads\/2014\/01\/casa_globa_vistas-150x150.jpg 150w, https:\/\/www.arquimaster.com.ar\/web\/wp-content\/uploads\/2014\/01\/casa_globa_vistas-50x50.jpg 50w, https:\/\/www.arquimaster.com.ar\/web\/wp-content\/uploads\/2014\/01\/casa_globa_vistas-125x125.jpg 125w\" sizes=\"auto, (max-width: 150px) 100vw, 150px\" \/><\/a>\n\t\t\t<\/div>\n\t\t\t\t<figcaption class='wp-caption-text gallery-caption' id='gallery-1-2119'>\n\t\t\t\tCasa Globa \/ Ariel Glot (vista frente y contrafrente)\n\t\t\t\t<\/figcaption><\/figure><figure class='gallery-item'>\n\t\t\t<div class='gallery-icon landscape'>\n\t\t\t\t<a href='https:\/\/www.arquimaster.com.ar\/web\/wp-content\/uploads\/2014\/01\/casa_globa_esquema.jpg' title=\"Casa Globa \/ Ariel Glot (esquema)\" data-rl_title=\"Casa Globa \/ Ariel Glot (esquema)\" class=\"rl-gallery-link\" data-rl_caption=\"Casa Globa \/ Ariel Glot (esquema)\" data-rel=\"lightbox-gallery-1\"><img loading=\"lazy\" decoding=\"async\" width=\"150\" height=\"150\" src=\"https:\/\/www.arquimaster.com.ar\/web\/wp-content\/uploads\/2014\/01\/casa_globa_esquema-150x150.jpg\" class=\"attachment-thumbnail size-thumbnail\" alt=\"\" aria-describedby=\"gallery-1-2115\" srcset=\"https:\/\/www.arquimaster.com.ar\/web\/wp-content\/uploads\/2014\/01\/casa_globa_esquema-150x150.jpg 150w, https:\/\/www.arquimaster.com.ar\/web\/wp-content\/uploads\/2014\/01\/casa_globa_esquema-50x50.jpg 50w, https:\/\/www.arquimaster.com.ar\/web\/wp-content\/uploads\/2014\/01\/casa_globa_esquema-125x125.jpg 125w\" sizes=\"auto, (max-width: 150px) 100vw, 150px\" \/><\/a>\n\t\t\t<\/div>\n\t\t\t\t<figcaption class='wp-caption-text gallery-caption' id='gallery-1-2115'>\n\t\t\t\tCasa Globa \/ Ariel Glot (esquema)\n\t\t\t\t<\/figcaption><\/figure><figure class='gallery-item'>\n\t\t\t<div class='gallery-icon landscape'>\n\t\t\t\t<a href='https:\/\/www.arquimaster.com.ar\/web\/wp-content\/uploads\/2014\/01\/casa_globa91.jpg' title=\"Casa Globa \/ Ariel Glot (\u00a9 Gustavo Sosa Pinilla)\" data-rl_title=\"Casa Globa \/ Ariel Glot (\u00a9 Gustavo Sosa Pinilla)\" class=\"rl-gallery-link\" data-rl_caption=\"Casa Globa \/ Ariel Glot (\u00a9 Gustavo Sosa Pinilla)\" data-rel=\"lightbox-gallery-1\"><img loading=\"lazy\" decoding=\"async\" width=\"150\" height=\"150\" src=\"https:\/\/www.arquimaster.com.ar\/web\/wp-content\/uploads\/2014\/01\/casa_globa91-150x150.jpg\" class=\"attachment-thumbnail size-thumbnail\" alt=\"\" aria-describedby=\"gallery-1-3950\" srcset=\"https:\/\/www.arquimaster.com.ar\/web\/wp-content\/uploads\/2014\/01\/casa_globa91-150x150.jpg 150w, https:\/\/www.arquimaster.com.ar\/web\/wp-content\/uploads\/2014\/01\/casa_globa91-50x50.jpg 50w, https:\/\/www.arquimaster.com.ar\/web\/wp-content\/uploads\/2014\/01\/casa_globa91-125x125.jpg 125w\" sizes=\"auto, (max-width: 150px) 100vw, 150px\" \/><\/a>\n\t\t\t<\/div>\n\t\t\t\t<figcaption class='wp-caption-text gallery-caption' id='gallery-1-3950'>\n\t\t\t\tCasa Globa \/ Ariel Glot (\u00a9 Gustavo Sosa Pinilla)\n\t\t\t\t<\/figcaption><\/figure><figure class='gallery-item'>\n\t\t\t<div class='gallery-icon landscape'>\n\t\t\t\t<a href='https:\/\/www.arquimaster.com.ar\/web\/wp-content\/uploads\/2014\/01\/casa_globa121.jpg' title=\"Casa Globa \/ Ariel Glot (\u00a9 Gustavo Sosa Pinilla)\" data-rl_title=\"Casa Globa \/ Ariel Glot (\u00a9 Gustavo Sosa Pinilla)\" class=\"rl-gallery-link\" data-rl_caption=\"Casa Globa \/ Ariel Glot (\u00a9 Gustavo Sosa Pinilla)\" data-rel=\"lightbox-gallery-1\"><img loading=\"lazy\" decoding=\"async\" width=\"150\" height=\"150\" src=\"https:\/\/www.arquimaster.com.ar\/web\/wp-content\/uploads\/2014\/01\/casa_globa121-150x150.jpg\" class=\"attachment-thumbnail size-thumbnail\" alt=\"\" aria-describedby=\"gallery-1-3952\" srcset=\"https:\/\/www.arquimaster.com.ar\/web\/wp-content\/uploads\/2014\/01\/casa_globa121-150x150.jpg 150w, https:\/\/www.arquimaster.com.ar\/web\/wp-content\/uploads\/2014\/01\/casa_globa121-50x50.jpg 50w, https:\/\/www.arquimaster.com.ar\/web\/wp-content\/uploads\/2014\/01\/casa_globa121-125x125.jpg 125w\" sizes=\"auto, (max-width: 150px) 100vw, 150px\" \/><\/a>\n\t\t\t<\/div>\n\t\t\t\t<figcaption class='wp-caption-text gallery-caption' id='gallery-1-3952'>\n\t\t\t\tCasa Globa \/ Ariel Glot (\u00a9 Gustavo Sosa Pinilla)\n\t\t\t\t<\/figcaption><\/figure><figure class='gallery-item'>\n\t\t\t<div class='gallery-icon landscape'>\n\t\t\t\t<a href='https:\/\/www.arquimaster.com.ar\/web\/wp-content\/uploads\/2014\/01\/casa_globa151.jpg' title=\"Casa Globa \/ Ariel Glot (\u00a9 Gustavo Sosa Pinilla)\" data-rl_title=\"Casa Globa \/ Ariel Glot (\u00a9 Gustavo Sosa Pinilla)\" class=\"rl-gallery-link\" data-rl_caption=\"Casa Globa \/ Ariel Glot (\u00a9 Gustavo Sosa Pinilla)\" data-rel=\"lightbox-gallery-1\"><img loading=\"lazy\" decoding=\"async\" width=\"150\" height=\"150\" src=\"https:\/\/www.arquimaster.com.ar\/web\/wp-content\/uploads\/2014\/01\/casa_globa151-150x150.jpg\" class=\"attachment-thumbnail size-thumbnail\" alt=\"\" aria-describedby=\"gallery-1-3955\" srcset=\"https:\/\/www.arquimaster.com.ar\/web\/wp-content\/uploads\/2014\/01\/casa_globa151-150x150.jpg 150w, https:\/\/www.arquimaster.com.ar\/web\/wp-content\/uploads\/2014\/01\/casa_globa151-50x50.jpg 50w, https:\/\/www.arquimaster.com.ar\/web\/wp-content\/uploads\/2014\/01\/casa_globa151-125x125.jpg 125w\" sizes=\"auto, (max-width: 150px) 100vw, 150px\" \/><\/a>\n\t\t\t<\/div>\n\t\t\t\t<figcaption class='wp-caption-text gallery-caption' id='gallery-1-3955'>\n\t\t\t\tCasa Globa \/ Ariel Glot (\u00a9 Gustavo Sosa Pinilla)\n\t\t\t\t<\/figcaption><\/figure><figure class='gallery-item'>\n\t\t\t<div class='gallery-icon portrait'>\n\t\t\t\t<a href='https:\/\/www.arquimaster.com.ar\/web\/wp-content\/uploads\/2014\/01\/casa_globa131.jpg' title=\"Casa Globa \/ Ariel Glot (\u00a9 Gustavo Sosa Pinilla)\" data-rl_title=\"Casa Globa \/ Ariel Glot (\u00a9 Gustavo Sosa Pinilla)\" class=\"rl-gallery-link\" data-rl_caption=\"Casa Globa \/ Ariel Glot (\u00a9 Gustavo Sosa Pinilla)\" data-rel=\"lightbox-gallery-1\"><img loading=\"lazy\" decoding=\"async\" width=\"150\" height=\"150\" src=\"https:\/\/www.arquimaster.com.ar\/web\/wp-content\/uploads\/2014\/01\/casa_globa131-150x150.jpg\" class=\"attachment-thumbnail size-thumbnail\" alt=\"\" aria-describedby=\"gallery-1-3953\" srcset=\"https:\/\/www.arquimaster.com.ar\/web\/wp-content\/uploads\/2014\/01\/casa_globa131-150x150.jpg 150w, https:\/\/www.arquimaster.com.ar\/web\/wp-content\/uploads\/2014\/01\/casa_globa131-50x50.jpg 50w, https:\/\/www.arquimaster.com.ar\/web\/wp-content\/uploads\/2014\/01\/casa_globa131-125x125.jpg 125w\" sizes=\"auto, (max-width: 150px) 100vw, 150px\" \/><\/a>\n\t\t\t<\/div>\n\t\t\t\t<figcaption class='wp-caption-text gallery-caption' id='gallery-1-3953'>\n\t\t\t\tCasa Globa \/ Ariel Glot (\u00a9 Gustavo Sosa Pinilla)\n\t\t\t\t<\/figcaption><\/figure><figure class='gallery-item'>\n\t\t\t<div class='gallery-icon landscape'>\n\t\t\t\t<a href='https:\/\/www.arquimaster.com.ar\/web\/wp-content\/uploads\/2014\/01\/casa_globa161.jpg' title=\"Casa Globa \/ Ariel Glot (\u00a9 Gustavo Sosa Pinilla)\" data-rl_title=\"Casa Globa \/ Ariel Glot (\u00a9 Gustavo Sosa Pinilla)\" class=\"rl-gallery-link\" data-rl_caption=\"Casa Globa \/ Ariel Glot (\u00a9 Gustavo Sosa Pinilla)\" data-rel=\"lightbox-gallery-1\"><img loading=\"lazy\" decoding=\"async\" width=\"150\" height=\"150\" src=\"https:\/\/www.arquimaster.com.ar\/web\/wp-content\/uploads\/2014\/01\/casa_globa161-150x150.jpg\" class=\"attachment-thumbnail size-thumbnail\" alt=\"\" aria-describedby=\"gallery-1-3956\" srcset=\"https:\/\/www.arquimaster.com.ar\/web\/wp-content\/uploads\/2014\/01\/casa_globa161-150x150.jpg 150w, https:\/\/www.arquimaster.com.ar\/web\/wp-content\/uploads\/2014\/01\/casa_globa161-50x50.jpg 50w, https:\/\/www.arquimaster.com.ar\/web\/wp-content\/uploads\/2014\/01\/casa_globa161-125x125.jpg 125w\" sizes=\"auto, (max-width: 150px) 100vw, 150px\" \/><\/a>\n\t\t\t<\/div>\n\t\t\t\t<figcaption class='wp-caption-text gallery-caption' id='gallery-1-3956'>\n\t\t\t\tCasa Globa \/ Ariel Glot (\u00a9 Gustavo Sosa Pinilla)\n\t\t\t\t<\/figcaption><\/figure><figure class='gallery-item'>\n\t\t\t<div class='gallery-icon portrait'>\n\t\t\t\t<a href='https:\/\/www.arquimaster.com.ar\/web\/wp-content\/uploads\/2014\/01\/casa_globa181.jpg' title=\"Casa Globa \/ Ariel Glot (\u00a9 Gustavo Sosa Pinilla)\" data-rl_title=\"Casa Globa \/ Ariel Glot (\u00a9 Gustavo Sosa Pinilla)\" class=\"rl-gallery-link\" data-rl_caption=\"Casa Globa \/ Ariel Glot (\u00a9 Gustavo Sosa Pinilla)\" data-rel=\"lightbox-gallery-1\"><img loading=\"lazy\" decoding=\"async\" width=\"150\" height=\"150\" src=\"https:\/\/www.arquimaster.com.ar\/web\/wp-content\/uploads\/2014\/01\/casa_globa181-150x150.jpg\" class=\"attachment-thumbnail size-thumbnail\" alt=\"\" aria-describedby=\"gallery-1-3958\" srcset=\"https:\/\/www.arquimaster.com.ar\/web\/wp-content\/uploads\/2014\/01\/casa_globa181-150x150.jpg 150w, https:\/\/www.arquimaster.com.ar\/web\/wp-content\/uploads\/2014\/01\/casa_globa181-50x50.jpg 50w, https:\/\/www.arquimaster.com.ar\/web\/wp-content\/uploads\/2014\/01\/casa_globa181-125x125.jpg 125w\" sizes=\"auto, (max-width: 150px) 100vw, 150px\" \/><\/a>\n\t\t\t<\/div>\n\t\t\t\t<figcaption class='wp-caption-text gallery-caption' id='gallery-1-3958'>\n\t\t\t\tCasa Globa \/ Ariel Glot (\u00a9 Gustavo Sosa Pinilla)\n\t\t\t\t<\/figcaption><\/figure><figure class='gallery-item'>\n\t\t\t<div class='gallery-icon landscape'>\n\t\t\t\t<a href='https:\/\/www.arquimaster.com.ar\/web\/wp-content\/uploads\/2014\/01\/casa_globa171.jpg' title=\"Casa Globa \/ Ariel Glot (\u00a9 Gustavo Sosa Pinilla)\" data-rl_title=\"Casa Globa \/ Ariel Glot (\u00a9 Gustavo Sosa Pinilla)\" class=\"rl-gallery-link\" data-rl_caption=\"Casa Globa \/ Ariel Glot (\u00a9 Gustavo Sosa Pinilla)\" data-rel=\"lightbox-gallery-1\"><img loading=\"lazy\" decoding=\"async\" width=\"150\" height=\"150\" src=\"https:\/\/www.arquimaster.com.ar\/web\/wp-content\/uploads\/2014\/01\/casa_globa171-150x150.jpg\" class=\"attachment-thumbnail size-thumbnail\" alt=\"\" aria-describedby=\"gallery-1-3957\" srcset=\"https:\/\/www.arquimaster.com.ar\/web\/wp-content\/uploads\/2014\/01\/casa_globa171-150x150.jpg 150w, https:\/\/www.arquimaster.com.ar\/web\/wp-content\/uploads\/2014\/01\/casa_globa171-50x50.jpg 50w, https:\/\/www.arquimaster.com.ar\/web\/wp-content\/uploads\/2014\/01\/casa_globa171-125x125.jpg 125w\" sizes=\"auto, (max-width: 150px) 100vw, 150px\" \/><\/a>\n\t\t\t<\/div>\n\t\t\t\t<figcaption class='wp-caption-text gallery-caption' id='gallery-1-3957'>\n\t\t\t\tCasa Globa \/ Ariel Glot (\u00a9 Gustavo Sosa Pinilla)\n\t\t\t\t<\/figcaption><\/figure><figure class='gallery-item'>\n\t\t\t<div class='gallery-icon portrait'>\n\t\t\t\t<a href='https:\/\/www.arquimaster.com.ar\/web\/wp-content\/uploads\/2014\/01\/casa_globa141.jpg' title=\"Casa Globa \/ Ariel Glot (\u00a9 Gustavo Sosa Pinilla)\" data-rl_title=\"Casa Globa \/ Ariel Glot (\u00a9 Gustavo Sosa Pinilla)\" class=\"rl-gallery-link\" data-rl_caption=\"Casa Globa \/ Ariel Glot (\u00a9 Gustavo Sosa Pinilla)\" data-rel=\"lightbox-gallery-1\"><img loading=\"lazy\" decoding=\"async\" width=\"150\" height=\"150\" src=\"https:\/\/www.arquimaster.com.ar\/web\/wp-content\/uploads\/2014\/01\/casa_globa141-150x150.jpg\" class=\"attachment-thumbnail size-thumbnail\" alt=\"\" aria-describedby=\"gallery-1-3954\" srcset=\"https:\/\/www.arquimaster.com.ar\/web\/wp-content\/uploads\/2014\/01\/casa_globa141-150x150.jpg 150w, https:\/\/www.arquimaster.com.ar\/web\/wp-content\/uploads\/2014\/01\/casa_globa141-50x50.jpg 50w, https:\/\/www.arquimaster.com.ar\/web\/wp-content\/uploads\/2014\/01\/casa_globa141-125x125.jpg 125w\" sizes=\"auto, (max-width: 150px) 100vw, 150px\" \/><\/a>\n\t\t\t<\/div>\n\t\t\t\t<figcaption class='wp-caption-text gallery-caption' id='gallery-1-3954'>\n\t\t\t\tCasa Globa \/ Ariel Glot (\u00a9 Gustavo Sosa Pinilla)\n\t\t\t\t<\/figcaption><\/figure><figure class='gallery-item'>\n\t\t\t<div class='gallery-icon portrait'>\n\t\t\t\t<a href='https:\/\/www.arquimaster.com.ar\/web\/wp-content\/uploads\/2014\/01\/casa_globa191.jpg' title=\"Casa Globa \/ Ariel Glot (\u00a9 Gustavo Sosa Pinilla)\" data-rl_title=\"Casa Globa \/ Ariel Glot (\u00a9 Gustavo Sosa Pinilla)\" class=\"rl-gallery-link\" data-rl_caption=\"Casa Globa \/ Ariel Glot (\u00a9 Gustavo Sosa Pinilla)\" data-rel=\"lightbox-gallery-1\"><img loading=\"lazy\" decoding=\"async\" width=\"150\" height=\"150\" src=\"https:\/\/www.arquimaster.com.ar\/web\/wp-content\/uploads\/2014\/01\/casa_globa191-150x150.jpg\" class=\"attachment-thumbnail size-thumbnail\" alt=\"\" aria-describedby=\"gallery-1-3941\" srcset=\"https:\/\/www.arquimaster.com.ar\/web\/wp-content\/uploads\/2014\/01\/casa_globa191-150x150.jpg 150w, https:\/\/www.arquimaster.com.ar\/web\/wp-content\/uploads\/2014\/01\/casa_globa191-50x50.jpg 50w, https:\/\/www.arquimaster.com.ar\/web\/wp-content\/uploads\/2014\/01\/casa_globa191-125x125.jpg 125w\" sizes=\"auto, (max-width: 150px) 100vw, 150px\" \/><\/a>\n\t\t\t<\/div>\n\t\t\t\t<figcaption class='wp-caption-text gallery-caption' id='gallery-1-3941'>\n\t\t\t\tCasa Globa \/ Ariel Glot (\u00a9 Gustavo Sosa Pinilla)\n\t\t\t\t<\/figcaption><\/figure>\n\t\t<\/div>\n\n<p>La casa est\u00e1 emplazada en el centro de un terreno corto de 9&#215;20 metros ocupado de medianera a medianera, esto hace que el espacio libre quede dividido en dos (delantero y trasero). Esta situaci\u00f3n de encajonamiento de los espacios exteriores, sumado a la fuerte pendiente del techo existente y a los requerimientos y usos internos pretendidos, decanto en una resoluci\u00f3n formal compacta.<\/p>\n<p>Tanto la forma exterior, la cual mediante el quiebre de esa fuerte pendiente minimiza el impacto visual desde los espacios exteriores, como el funcionamiento interior, cuyas circulaciones son lo m\u00e1s peque\u00f1as que el proyecto permit\u00eda, responden a esa compacidad buscada.<\/p>\n<p>La reforma consisti\u00f3 en mantener y refuncionalizar la mayor cantidad de metros cuadrados existentes y completar el volumen superior siguiendo la forma del techo existente, como as\u00ed el agregado de entrepisos para aprovechar la gran altura del mismo. Para la fachada, se suprimieron los ornamentos y se eligi\u00f3 el revoque pl\u00e1stico blanco, que junto con el reemplazo de las tejas por chapa blanca, terminan de definir el car\u00e1cter despojado y sint\u00e9tico de la obra.<\/p>\n<p>El sistema de aventanamientos y postigones (de oscurecimiento y seguridad) responden a un modulo dentro de la\u00a0 fachada y a un uso determinado desde el interior, de manera tal que dependiendo del grado de oscurecimiento requerido otorgan dinamismo a la misma.<\/p>\n<p>Se aprovecharon los anchos muros portantes existentes para la construcci\u00f3n de los nuevos entrepisos de viguetas pretensadas y una combinaci\u00f3n de estructura de hormig\u00f3n armado, ladrillo portante y viguetas para la parte nueva y la escalera.<\/p>\n<p>Para los interiores se eligieron materiales de bajo mantenimiento, pisos de hormig\u00f3n alisado excepto en aquellos espacios en donde se encontr\u00f3 pisos existentes y pintura en las paredes. En planta baja, en contraste con la frialdad de paredes y techo blanco y del piso de hormigon, se conformo el espacio para la cocina mediante una caja de madera hecha de tablas de timbo crudo.<\/p>\n<p>Este volumen tiene la capacidad, mediante un tabique plegadizo, de otorgar cierta fluidez, comunicaci\u00f3n espacial\u00a0 y doble ventilaci\u00f3n a la planta baja o bien dotarla de una distribuci\u00f3n m\u00e1s conservadora. La cocina tambi\u00e9n se concibi\u00f3 con muebles de madera cuya tonalidad coincidiera con el timbo y as\u00ed continuase con el contraste buscado.<\/p>\n<p>El resto se compone de las habitaciones en el primer piso. En el segundo piso, literalmente dentro del gran techo, est\u00e1n los servicios y el playroom.<\/p>\n<p><strong>Caracter\u00edsticas constructivas<\/strong><br \/>\nEstructura: Combinada de hormigon armado, viguetas y muro portante.<br \/>\nCubierta: Tirantes de pinotea existentes, aislaci\u00f3n de lana de de vidrio y chapa prepintada blanca.<br \/>\nCarpinter\u00edas exteriores: marcos y hojas aluminio anodizado con DVH.<br \/>\nCarpinter\u00edas interiores: Puertas de cedro macizo existentes.<br \/>\nSolados: exteriores mosaico 64 panes 20&#215;20 negro, piedra partida y deck de pl\u00e1stico reciclado.<br \/>\nInteriores en hormigon alisado y pinotea existente.<br \/>\nTerminaciones exteriores revoque proyectado blanco y postigones de chapa plegada.<br \/>\nInteriores, enlucido de yeso y pintura blanco satinado.<\/p>\n<p><strong>Ficha tecnica<\/strong><br \/>\nNombre del proyecto: Casa Globa<br \/>\nUbicaci\u00f3n: Vicente L\u00f3pez, Pcia. de Buenos Aires, Argentina<br \/>\nProyecto, direcci\u00f3n y construcci\u00f3n: Arq. Ariel Glot<br \/>\nColaboradora: Arq. Romina Barja<br \/>\nDestino: vivienda unifamiliar<br \/>\nCalculo estructural: Ing. Ariel Fridman<br \/>\nSuperficie del terreno: 180 m2<br \/>\nSuperficie cubierta:\u00a0 240 m2<br \/>\nProyecto y construcci\u00f3n: 2012<br \/>\nFotograf\u00edas: Gustavo Sosa Pinilla<\/p>\n<p><strong>Contacto:<\/strong> arq.glot(arroba)gmail.com<\/p>\n\n<div style=\"font-size: 0px; height: 0px; line-height: 0px; margin: 0; padding: 0; clear: both;\"><\/div><div style=\"margin-top: 0px; margin-bottom: 0px;\" class=\"sharethis-inline-share-buttons\" ><\/div>","protected":false},"excerpt":{"rendered":"<p>Puesta en valor y ampliaci\u00f3n de casa entre medianeras abandonada durante varios a\u00f1os&#8230;<\/p>\n","protected":false},"author":1,"featured_media":3960,"comment_status":"closed","ping_status":"closed","sticky":false,"template":"","format":"standard","meta":{"_uag_custom_page_level_css":"","footnotes":""},"categories":[1,83],"tags":[681,720,723,725,701,724,722,721,270],"class_list":["post-2078","post","type-post","status-publish","format-standard","has-post-thumbnail","hentry","category-proyecto","category-vivienda-unifamiliar","tag-ampliacion","tag-ariel-glot","tag-casa-entre-medianeras","tag-hormigon","tag-madera","tag-puesta-en-valor","tag-remodelacion","tag-romina-barja","tag-vicente-lopez","generate-columns","tablet-grid-50","mobile-grid-100","grid-parent","grid-50"],"yoast_head":"<!-- This site is optimized with the Yoast SEO plugin v27.3 - https:\/\/yoast.com\/product\/yoast-seo-wordpress\/ -->\n<title>Casa Globa \/ Ariel Glot - Arquimaster<\/title>\n<meta name=\"robots\" content=\"index, follow, max-snippet:-1, max-image-preview:large, max-video-preview:-1\" \/>\n<link rel=\"canonical\" href=\"https:\/\/www.arquimaster.com.ar\/web\/casa-globa-ariel-glot\/\" \/>\n<meta property=\"og:locale\" content=\"es_ES\" \/>\n<meta property=\"og:type\" content=\"article\" \/>\n<meta property=\"og:title\" content=\"Casa Globa \/ Ariel Glot - Arquimaster\" \/>\n<meta property=\"og:description\" content=\"Puesta en valor y ampliaci\u00f3n de casa entre medianeras abandonada durante varios a\u00f1os...\" \/>\n<meta property=\"og:url\" content=\"https:\/\/www.arquimaster.com.ar\/web\/casa-globa-ariel-glot\/\" \/>\n<meta property=\"og:site_name\" content=\"Arquimaster\" \/>\n<meta property=\"article:publisher\" content=\"http:\/\/www.facebook.com\/ARQUIMASTER.com.ar\" \/>\n<meta property=\"article:published_time\" content=\"2014-01-15T23:33:13+00:00\" \/>\n<meta property=\"article:modified_time\" content=\"2014-03-14T22:55:53+00:00\" \/>\n<meta property=\"og:image\" content=\"https:\/\/www.arquimaster.com.ar\/web\/wp-content\/uploads\/2014\/01\/casa_globa_slide1.jpg\" \/>\n\t<meta property=\"og:image:width\" content=\"642\" \/>\n\t<meta property=\"og:image:height\" content=\"336\" \/>\n\t<meta property=\"og:image:type\" content=\"image\/jpeg\" \/>\n<meta name=\"author\" content=\"Arquimaster\" \/>\n<meta name=\"twitter:card\" content=\"summary_large_image\" \/>\n<meta name=\"twitter:creator\" content=\"@arquimaster\" \/>\n<meta name=\"twitter:site\" content=\"@arquimaster\" \/>\n<meta name=\"twitter:label1\" content=\"Escrito por\" \/>\n\t<meta name=\"twitter:data1\" content=\"Arquimaster\" \/>\n\t<meta name=\"twitter:label2\" content=\"Tiempo de lectura\" \/>\n\t<meta name=\"twitter:data2\" content=\"3 minutos\" \/>\n<script type=\"application\/ld+json\" class=\"yoast-schema-graph\">{\"@context\":\"https:\\\/\\\/schema.org\",\"@graph\":[{\"@type\":\"Article\",\"@id\":\"https:\\\/\\\/www.arquimaster.com.ar\\\/web\\\/casa-globa-ariel-glot\\\/#article\",\"isPartOf\":{\"@id\":\"https:\\\/\\\/www.arquimaster.com.ar\\\/web\\\/casa-globa-ariel-glot\\\/\"},\"author\":{\"name\":\"Arquimaster\",\"@id\":\"https:\\\/\\\/www.arquimaster.com.ar\\\/web\\\/#\\\/schema\\\/person\\\/359e9f7c00193fcde068e0dd2ceb0028\"},\"headline\":\"Casa Globa \\\/ Ariel Glot\",\"datePublished\":\"2014-01-15T23:33:13+00:00\",\"dateModified\":\"2014-03-14T22:55:53+00:00\",\"mainEntityOfPage\":{\"@id\":\"https:\\\/\\\/www.arquimaster.com.ar\\\/web\\\/casa-globa-ariel-glot\\\/\"},\"wordCount\":611,\"publisher\":{\"@id\":\"https:\\\/\\\/www.arquimaster.com.ar\\\/web\\\/#organization\"},\"image\":{\"@id\":\"https:\\\/\\\/www.arquimaster.com.ar\\\/web\\\/casa-globa-ariel-glot\\\/#primaryimage\"},\"thumbnailUrl\":\"https:\\\/\\\/www.arquimaster.com.ar\\\/web\\\/wp-content\\\/uploads\\\/2014\\\/01\\\/casa_globa_slide1.jpg\",\"keywords\":[\"ampliaci\u00f3n\",\"Ariel Glot\",\"casa entre medianeras\",\"hormig\u00f3n\",\"madera\",\"puesta en valor\",\"remodelaci\u00f3n\",\"Romina Barja\",\"Vicente Lopez\"],\"articleSection\":[\"Proyecto\",\"Vivienda unifamiliar y PH\"],\"inLanguage\":\"es\"},{\"@type\":\"WebPage\",\"@id\":\"https:\\\/\\\/www.arquimaster.com.ar\\\/web\\\/casa-globa-ariel-glot\\\/\",\"url\":\"https:\\\/\\\/www.arquimaster.com.ar\\\/web\\\/casa-globa-ariel-glot\\\/\",\"name\":\"Casa Globa \\\/ Ariel Glot - Arquimaster\",\"isPartOf\":{\"@id\":\"https:\\\/\\\/www.arquimaster.com.ar\\\/web\\\/#website\"},\"primaryImageOfPage\":{\"@id\":\"https:\\\/\\\/www.arquimaster.com.ar\\\/web\\\/casa-globa-ariel-glot\\\/#primaryimage\"},\"image\":{\"@id\":\"https:\\\/\\\/www.arquimaster.com.ar\\\/web\\\/casa-globa-ariel-glot\\\/#primaryimage\"},\"thumbnailUrl\":\"https:\\\/\\\/www.arquimaster.com.ar\\\/web\\\/wp-content\\\/uploads\\\/2014\\\/01\\\/casa_globa_slide1.jpg\",\"datePublished\":\"2014-01-15T23:33:13+00:00\",\"dateModified\":\"2014-03-14T22:55:53+00:00\",\"breadcrumb\":{\"@id\":\"https:\\\/\\\/www.arquimaster.com.ar\\\/web\\\/casa-globa-ariel-glot\\\/#breadcrumb\"},\"inLanguage\":\"es\",\"potentialAction\":[{\"@type\":\"ReadAction\",\"target\":[\"https:\\\/\\\/www.arquimaster.com.ar\\\/web\\\/casa-globa-ariel-glot\\\/\"]}]},{\"@type\":\"ImageObject\",\"inLanguage\":\"es\",\"@id\":\"https:\\\/\\\/www.arquimaster.com.ar\\\/web\\\/casa-globa-ariel-glot\\\/#primaryimage\",\"url\":\"https:\\\/\\\/www.arquimaster.com.ar\\\/web\\\/wp-content\\\/uploads\\\/2014\\\/01\\\/casa_globa_slide1.jpg\",\"contentUrl\":\"https:\\\/\\\/www.arquimaster.com.ar\\\/web\\\/wp-content\\\/uploads\\\/2014\\\/01\\\/casa_globa_slide1.jpg\",\"width\":642,\"height\":336},{\"@type\":\"BreadcrumbList\",\"@id\":\"https:\\\/\\\/www.arquimaster.com.ar\\\/web\\\/casa-globa-ariel-glot\\\/#breadcrumb\",\"itemListElement\":[{\"@type\":\"ListItem\",\"position\":1,\"name\":\"Portada\",\"item\":\"https:\\\/\\\/www.arquimaster.com.ar\\\/web\\\/\"},{\"@type\":\"ListItem\",\"position\":2,\"name\":\"Casa Globa \\\/ Ariel Glot\"}]},{\"@type\":\"WebSite\",\"@id\":\"https:\\\/\\\/www.arquimaster.com.ar\\\/web\\\/#website\",\"url\":\"https:\\\/\\\/www.arquimaster.com.ar\\\/web\\\/\",\"name\":\"Arquimaster\",\"description\":\"Web de arquitectura, dise\u00f1o y construccion\",\"publisher\":{\"@id\":\"https:\\\/\\\/www.arquimaster.com.ar\\\/web\\\/#organization\"},\"potentialAction\":[{\"@type\":\"SearchAction\",\"target\":{\"@type\":\"EntryPoint\",\"urlTemplate\":\"https:\\\/\\\/www.arquimaster.com.ar\\\/web\\\/?s={search_term_string}\"},\"query-input\":{\"@type\":\"PropertyValueSpecification\",\"valueRequired\":true,\"valueName\":\"search_term_string\"}}],\"inLanguage\":\"es\"},{\"@type\":\"Organization\",\"@id\":\"https:\\\/\\\/www.arquimaster.com.ar\\\/web\\\/#organization\",\"name\":\"Arquimaster\",\"url\":\"https:\\\/\\\/www.arquimaster.com.ar\\\/web\\\/\",\"logo\":{\"@type\":\"ImageObject\",\"inLanguage\":\"es\",\"@id\":\"https:\\\/\\\/www.arquimaster.com.ar\\\/web\\\/#\\\/schema\\\/logo\\\/image\\\/\",\"url\":\"https:\\\/\\\/www.arquimaster.com.ar\\\/web\\\/wp-content\\\/uploads\\\/2022\\\/06\\\/arquimaster.png\",\"contentUrl\":\"https:\\\/\\\/www.arquimaster.com.ar\\\/web\\\/wp-content\\\/uploads\\\/2022\\\/06\\\/arquimaster.png\",\"width\":594,\"height\":78,\"caption\":\"Arquimaster\"},\"image\":{\"@id\":\"https:\\\/\\\/www.arquimaster.com.ar\\\/web\\\/#\\\/schema\\\/logo\\\/image\\\/\"},\"sameAs\":[\"http:\\\/\\\/www.facebook.com\\\/ARQUIMASTER.com.ar\",\"https:\\\/\\\/x.com\\\/arquimaster\",\"https:\\\/\\\/www.instagram.com\\\/arquimasterblog\\\/\",\"https:\\\/\\\/www.linkedin.com\\\/company\\\/arquimaster\",\"https:\\\/\\\/www.pinterest.com\\\/arquimaster\",\"https:\\\/\\\/t.me\\\/arquimaster\"]},{\"@type\":\"Person\",\"@id\":\"https:\\\/\\\/www.arquimaster.com.ar\\\/web\\\/#\\\/schema\\\/person\\\/359e9f7c00193fcde068e0dd2ceb0028\",\"name\":\"Arquimaster\"}]}<\/script>\n<!-- \/ Yoast SEO plugin. -->","yoast_head_json":{"title":"Casa Globa \/ Ariel Glot - Arquimaster","robots":{"index":"index","follow":"follow","max-snippet":"max-snippet:-1","max-image-preview":"max-image-preview:large","max-video-preview":"max-video-preview:-1"},"canonical":"https:\/\/www.arquimaster.com.ar\/web\/casa-globa-ariel-glot\/","og_locale":"es_ES","og_type":"article","og_title":"Casa Globa \/ Ariel Glot - Arquimaster","og_description":"Puesta en valor y ampliaci\u00f3n de casa entre medianeras abandonada durante varios a\u00f1os...","og_url":"https:\/\/www.arquimaster.com.ar\/web\/casa-globa-ariel-glot\/","og_site_name":"Arquimaster","article_publisher":"http:\/\/www.facebook.com\/ARQUIMASTER.com.ar","article_published_time":"2014-01-15T23:33:13+00:00","article_modified_time":"2014-03-14T22:55:53+00:00","og_image":[{"width":642,"height":336,"url":"https:\/\/www.arquimaster.com.ar\/web\/wp-content\/uploads\/2014\/01\/casa_globa_slide1.jpg","type":"image\/jpeg"}],"author":"Arquimaster","twitter_card":"summary_large_image","twitter_creator":"@arquimaster","twitter_site":"@arquimaster","twitter_misc":{"Escrito por":"Arquimaster","Tiempo de lectura":"3 minutos"},"schema":{"@context":"https:\/\/schema.org","@graph":[{"@type":"Article","@id":"https:\/\/www.arquimaster.com.ar\/web\/casa-globa-ariel-glot\/#article","isPartOf":{"@id":"https:\/\/www.arquimaster.com.ar\/web\/casa-globa-ariel-glot\/"},"author":{"name":"Arquimaster","@id":"https:\/\/www.arquimaster.com.ar\/web\/#\/schema\/person\/359e9f7c00193fcde068e0dd2ceb0028"},"headline":"Casa Globa \/ Ariel Glot","datePublished":"2014-01-15T23:33:13+00:00","dateModified":"2014-03-14T22:55:53+00:00","mainEntityOfPage":{"@id":"https:\/\/www.arquimaster.com.ar\/web\/casa-globa-ariel-glot\/"},"wordCount":611,"publisher":{"@id":"https:\/\/www.arquimaster.com.ar\/web\/#organization"},"image":{"@id":"https:\/\/www.arquimaster.com.ar\/web\/casa-globa-ariel-glot\/#primaryimage"},"thumbnailUrl":"https:\/\/www.arquimaster.com.ar\/web\/wp-content\/uploads\/2014\/01\/casa_globa_slide1.jpg","keywords":["ampliaci\u00f3n","Ariel Glot","casa entre medianeras","hormig\u00f3n","madera","puesta en valor","remodelaci\u00f3n","Romina Barja","Vicente Lopez"],"articleSection":["Proyecto","Vivienda unifamiliar y PH"],"inLanguage":"es"},{"@type":"WebPage","@id":"https:\/\/www.arquimaster.com.ar\/web\/casa-globa-ariel-glot\/","url":"https:\/\/www.arquimaster.com.ar\/web\/casa-globa-ariel-glot\/","name":"Casa Globa \/ Ariel Glot - Arquimaster","isPartOf":{"@id":"https:\/\/www.arquimaster.com.ar\/web\/#website"},"primaryImageOfPage":{"@id":"https:\/\/www.arquimaster.com.ar\/web\/casa-globa-ariel-glot\/#primaryimage"},"image":{"@id":"https:\/\/www.arquimaster.com.ar\/web\/casa-globa-ariel-glot\/#primaryimage"},"thumbnailUrl":"https:\/\/www.arquimaster.com.ar\/web\/wp-content\/uploads\/2014\/01\/casa_globa_slide1.jpg","datePublished":"2014-01-15T23:33:13+00:00","dateModified":"2014-03-14T22:55:53+00:00","breadcrumb":{"@id":"https:\/\/www.arquimaster.com.ar\/web\/casa-globa-ariel-glot\/#breadcrumb"},"inLanguage":"es","potentialAction":[{"@type":"ReadAction","target":["https:\/\/www.arquimaster.com.ar\/web\/casa-globa-ariel-glot\/"]}]},{"@type":"ImageObject","inLanguage":"es","@id":"https:\/\/www.arquimaster.com.ar\/web\/casa-globa-ariel-glot\/#primaryimage","url":"https:\/\/www.arquimaster.com.ar\/web\/wp-content\/uploads\/2014\/01\/casa_globa_slide1.jpg","contentUrl":"https:\/\/www.arquimaster.com.ar\/web\/wp-content\/uploads\/2014\/01\/casa_globa_slide1.jpg","width":642,"height":336},{"@type":"BreadcrumbList","@id":"https:\/\/www.arquimaster.com.ar\/web\/casa-globa-ariel-glot\/#breadcrumb","itemListElement":[{"@type":"ListItem","position":1,"name":"Portada","item":"https:\/\/www.arquimaster.com.ar\/web\/"},{"@type":"ListItem","position":2,"name":"Casa Globa \/ Ariel Glot"}]},{"@type":"WebSite","@id":"https:\/\/www.arquimaster.com.ar\/web\/#website","url":"https:\/\/www.arquimaster.com.ar\/web\/","name":"Arquimaster","description":"Web de arquitectura, dise\u00f1o y construccion","publisher":{"@id":"https:\/\/www.arquimaster.com.ar\/web\/#organization"},"potentialAction":[{"@type":"SearchAction","target":{"@type":"EntryPoint","urlTemplate":"https:\/\/www.arquimaster.com.ar\/web\/?s={search_term_string}"},"query-input":{"@type":"PropertyValueSpecification","valueRequired":true,"valueName":"search_term_string"}}],"inLanguage":"es"},{"@type":"Organization","@id":"https:\/\/www.arquimaster.com.ar\/web\/#organization","name":"Arquimaster","url":"https:\/\/www.arquimaster.com.ar\/web\/","logo":{"@type":"ImageObject","inLanguage":"es","@id":"https:\/\/www.arquimaster.com.ar\/web\/#\/schema\/logo\/image\/","url":"https:\/\/www.arquimaster.com.ar\/web\/wp-content\/uploads\/2022\/06\/arquimaster.png","contentUrl":"https:\/\/www.arquimaster.com.ar\/web\/wp-content\/uploads\/2022\/06\/arquimaster.png","width":594,"height":78,"caption":"Arquimaster"},"image":{"@id":"https:\/\/www.arquimaster.com.ar\/web\/#\/schema\/logo\/image\/"},"sameAs":["http:\/\/www.facebook.com\/ARQUIMASTER.com.ar","https:\/\/x.com\/arquimaster","https:\/\/www.instagram.com\/arquimasterblog\/","https:\/\/www.linkedin.com\/company\/arquimaster","https:\/\/www.pinterest.com\/arquimaster","https:\/\/t.me\/arquimaster"]},{"@type":"Person","@id":"https:\/\/www.arquimaster.com.ar\/web\/#\/schema\/person\/359e9f7c00193fcde068e0dd2ceb0028","name":"Arquimaster"}]}},"uagb_featured_image_src":{"full":["https:\/\/www.arquimaster.com.ar\/web\/wp-content\/uploads\/2014\/01\/casa_globa_slide1.jpg",642,336,false],"thumbnail":["https:\/\/www.arquimaster.com.ar\/web\/wp-content\/uploads\/2014\/01\/casa_globa_slide1-150x150.jpg",150,150,true],"medium":["https:\/\/www.arquimaster.com.ar\/web\/wp-content\/uploads\/2014\/01\/casa_globa_slide1-300x157.jpg",300,157,true],"medium_large":["https:\/\/www.arquimaster.com.ar\/web\/wp-content\/uploads\/2014\/01\/casa_globa_slide1.jpg",642,336,false],"large":["https:\/\/www.arquimaster.com.ar\/web\/wp-content\/uploads\/2014\/01\/casa_globa_slide1.jpg",642,336,false],"1536x1536":["https:\/\/www.arquimaster.com.ar\/web\/wp-content\/uploads\/2014\/01\/casa_globa_slide1.jpg",642,336,false],"2048x2048":["https:\/\/www.arquimaster.com.ar\/web\/wp-content\/uploads\/2014\/01\/casa_globa_slide1.jpg",642,336,false]},"uagb_author_info":{"display_name":"Arquimaster","author_link":"https:\/\/www.arquimaster.com.ar\/web\/author\/arquimaster\/"},"uagb_comment_info":0,"uagb_excerpt":"Puesta en valor y ampliaci\u00f3n de casa entre medianeras abandonada durante varios a\u00f1os...","_links":{"self":[{"href":"https:\/\/www.arquimaster.com.ar\/web\/wp-json\/wp\/v2\/posts\/2078","targetHints":{"allow":["GET"]}}],"collection":[{"href":"https:\/\/www.arquimaster.com.ar\/web\/wp-json\/wp\/v2\/posts"}],"about":[{"href":"https:\/\/www.arquimaster.com.ar\/web\/wp-json\/wp\/v2\/types\/post"}],"author":[{"embeddable":true,"href":"https:\/\/www.arquimaster.com.ar\/web\/wp-json\/wp\/v2\/users\/1"}],"replies":[{"embeddable":true,"href":"https:\/\/www.arquimaster.com.ar\/web\/wp-json\/wp\/v2\/comments?post=2078"}],"version-history":[{"count":0,"href":"https:\/\/www.arquimaster.com.ar\/web\/wp-json\/wp\/v2\/posts\/2078\/revisions"}],"wp:featuredmedia":[{"embeddable":true,"href":"https:\/\/www.arquimaster.com.ar\/web\/wp-json\/wp\/v2\/media\/3960"}],"wp:attachment":[{"href":"https:\/\/www.arquimaster.com.ar\/web\/wp-json\/wp\/v2\/media?parent=2078"}],"wp:term":[{"taxonomy":"category","embeddable":true,"href":"https:\/\/www.arquimaster.com.ar\/web\/wp-json\/wp\/v2\/categories?post=2078"},{"taxonomy":"post_tag","embeddable":true,"href":"https:\/\/www.arquimaster.com.ar\/web\/wp-json\/wp\/v2\/tags?post=2078"}],"curies":[{"name":"wp","href":"https:\/\/api.w.org\/{rel}","templated":true}]}}