{"id":20849,"date":"2016-06-01T20:17:20","date_gmt":"2016-06-01T20:17:20","guid":{"rendered":"http:\/\/www.arquimaster.com.ar\/web\/?p=20849"},"modified":"2016-06-05T20:37:55","modified_gmt":"2016-06-05T20:37:55","slug":"edificios-de-viviendas-pro-cre-ar-en-cordoba-asnnoise-alberto-varas-y-asociado","status":"publish","type":"post","link":"https:\/\/www.arquimaster.com.ar\/web\/edificios-de-viviendas-pro-cre-ar-en-cordoba-asnnoise-alberto-varas-y-asociado\/","title":{"rendered":"Edificios de Viviendas PRO.CRE.AR. en C\u00f3rdoba \/ ASN\/nOISE + Alberto Varas y Asociado"},"content":{"rendered":"<div style=\"margin-top: 0px; margin-bottom: 0px;\" class=\"sharethis-inline-share-buttons\" ><\/div><div class=\"b812932af2e751442846f039925109de\" data-index=\"1\" style=\"float: none; margin:25px 0 25px 0; text-align:center;\">\n<script async src=\"https:\/\/pagead2.googlesyndication.com\/pagead\/js\/adsbygoogle.js\"><\/script>\r\n<!-- Arquimaster (superior) -->\r\n<ins class=\"adsbygoogle\"\r\n     style=\"display:block\"\r\n     data-ad-client=\"ca-pub-6351072698456832\"\r\n     data-ad-slot=\"6455489680\"\r\n     data-ad-format=\"auto\"\r\n     data-full-width-responsive=\"true\"><\/ins>\r\n<script>\r\n     (adsbygoogle = window.adsbygoogle || []).push({});\r\n<\/script>\n<\/div>\n<p><strong>Proyecto para Edificios de Viviendas PRO.CRE.AR. en C\u00f3rdoba<\/strong> (Barrio Liceo, Ciudad de C\u00f3rdoba, Argentina) por <strong>ASN\/nOISE + Alberto Varas y Asociado<\/strong>. ASN\/nOISE obtuvo el Primer Premio en el Concurso de Viviendas para el Barrio Liceo en C\u00f3rdoba, en el marco del Plan Nacional de Viviendas PRO.CRE.AR. Los proyectos que ASN\/nOISE + Alberto Varas y asociado para los sectores 3 y 7 del Barrio Liceo, en la Ciudad de C\u00f3rdoba, est\u00e1n compuestos por diversas tipolog\u00edas de viviendas individuales, peque\u00f1os consorcios y peque\u00f1as torres. Cuando estos desarrollos urban\u00edsticos para PRO.CRE.AR. ya estaban en ejecuci\u00f3n tuvimos la posibilidad de concursar, y ganar, el Sector 2 del mismo Barrio Liceo.<\/p>\n<div id='gallery-1' class='gallery galleryid-20849 gallery-columns-3 gallery-size-thumbnail'><figure class='gallery-item'>\n\t\t\t<div class='gallery-icon landscape'>\n\t\t\t\t<a href='https:\/\/www.arquimaster.com.ar\/web\/wp-content\/uploads\/2016\/06\/edificio_procrear_cordoba1.jpg' title=\"Edificios de Viviendas PRO.CRE.AR. en C\u00f3rdoba \/ ASN\/nOISE + Alberto Varas y Asociado\" data-rl_title=\"Edificios de Viviendas PRO.CRE.AR. en C\u00f3rdoba \/ ASN\/nOISE + Alberto Varas y Asociado\" class=\"rl-gallery-link\" data-rl_caption=\"Edificios de Viviendas PRO.CRE.AR. en C\u00f3rdoba \/ ASN\/nOISE + Alberto Varas y Asociado\" data-rel=\"lightbox-gallery-1\"><img loading=\"lazy\" decoding=\"async\" width=\"150\" height=\"150\" src=\"https:\/\/www.arquimaster.com.ar\/web\/wp-content\/uploads\/2016\/06\/edificio_procrear_cordoba1-150x150.jpg\" class=\"attachment-thumbnail size-thumbnail\" alt=\"\" aria-describedby=\"gallery-1-20851\" srcset=\"https:\/\/www.arquimaster.com.ar\/web\/wp-content\/uploads\/2016\/06\/edificio_procrear_cordoba1-150x150.jpg 150w, https:\/\/www.arquimaster.com.ar\/web\/wp-content\/uploads\/2016\/06\/edificio_procrear_cordoba1-50x50.jpg 50w, https:\/\/www.arquimaster.com.ar\/web\/wp-content\/uploads\/2016\/06\/edificio_procrear_cordoba1-125x125.jpg 125w\" sizes=\"auto, (max-width: 150px) 100vw, 150px\" \/><\/a>\n\t\t\t<\/div>\n\t\t\t\t<figcaption class='wp-caption-text gallery-caption' id='gallery-1-20851'>\n\t\t\t\tEdificios de Viviendas PRO.CRE.AR. en C\u00f3rdoba \/ ASN\/nOISE + Alberto Varas y Asociado\n\t\t\t\t<\/figcaption><\/figure><figure class='gallery-item'>\n\t\t\t<div class='gallery-icon landscape'>\n\t\t\t\t<a href='https:\/\/www.arquimaster.com.ar\/web\/wp-content\/uploads\/2016\/06\/edificio_procrear_cordoba2.jpg' title=\"Edificios de Viviendas PRO.CRE.AR. en C\u00f3rdoba \/ ASN\/nOISE + Alberto Varas y Asociado\" data-rl_title=\"Edificios de Viviendas PRO.CRE.AR. en C\u00f3rdoba \/ ASN\/nOISE + Alberto Varas y Asociado\" class=\"rl-gallery-link\" data-rl_caption=\"Edificios de Viviendas PRO.CRE.AR. en C\u00f3rdoba \/ ASN\/nOISE + Alberto Varas y Asociado\" data-rel=\"lightbox-gallery-1\"><img loading=\"lazy\" decoding=\"async\" width=\"150\" height=\"150\" src=\"https:\/\/www.arquimaster.com.ar\/web\/wp-content\/uploads\/2016\/06\/edificio_procrear_cordoba2-150x150.jpg\" class=\"attachment-thumbnail size-thumbnail\" alt=\"\" aria-describedby=\"gallery-1-20852\" srcset=\"https:\/\/www.arquimaster.com.ar\/web\/wp-content\/uploads\/2016\/06\/edificio_procrear_cordoba2-150x150.jpg 150w, https:\/\/www.arquimaster.com.ar\/web\/wp-content\/uploads\/2016\/06\/edificio_procrear_cordoba2-50x50.jpg 50w, https:\/\/www.arquimaster.com.ar\/web\/wp-content\/uploads\/2016\/06\/edificio_procrear_cordoba2-125x125.jpg 125w\" sizes=\"auto, (max-width: 150px) 100vw, 150px\" \/><\/a>\n\t\t\t<\/div>\n\t\t\t\t<figcaption class='wp-caption-text gallery-caption' id='gallery-1-20852'>\n\t\t\t\tEdificios de Viviendas PRO.CRE.AR. en C\u00f3rdoba \/ ASN\/nOISE + Alberto Varas y Asociado\n\t\t\t\t<\/figcaption><\/figure><figure class='gallery-item'>\n\t\t\t<div class='gallery-icon landscape'>\n\t\t\t\t<a href='https:\/\/www.arquimaster.com.ar\/web\/wp-content\/uploads\/2016\/06\/edificio_procrear_cordoba3.jpg' title=\"Edificios de Viviendas PRO.CRE.AR. en C\u00f3rdoba \/ ASN\/nOISE + Alberto Varas y Asociado\" data-rl_title=\"Edificios de Viviendas PRO.CRE.AR. en C\u00f3rdoba \/ ASN\/nOISE + Alberto Varas y Asociado\" class=\"rl-gallery-link\" data-rl_caption=\"Edificios de Viviendas PRO.CRE.AR. en C\u00f3rdoba \/ ASN\/nOISE + Alberto Varas y Asociado\" data-rel=\"lightbox-gallery-1\"><img loading=\"lazy\" decoding=\"async\" width=\"150\" height=\"150\" src=\"https:\/\/www.arquimaster.com.ar\/web\/wp-content\/uploads\/2016\/06\/edificio_procrear_cordoba3-150x150.jpg\" class=\"attachment-thumbnail size-thumbnail\" alt=\"\" aria-describedby=\"gallery-1-20853\" srcset=\"https:\/\/www.arquimaster.com.ar\/web\/wp-content\/uploads\/2016\/06\/edificio_procrear_cordoba3-150x150.jpg 150w, https:\/\/www.arquimaster.com.ar\/web\/wp-content\/uploads\/2016\/06\/edificio_procrear_cordoba3-50x50.jpg 50w, https:\/\/www.arquimaster.com.ar\/web\/wp-content\/uploads\/2016\/06\/edificio_procrear_cordoba3-125x125.jpg 125w\" sizes=\"auto, (max-width: 150px) 100vw, 150px\" \/><\/a>\n\t\t\t<\/div>\n\t\t\t\t<figcaption class='wp-caption-text gallery-caption' id='gallery-1-20853'>\n\t\t\t\tEdificios de Viviendas PRO.CRE.AR. en C\u00f3rdoba \/ ASN\/nOISE + Alberto Varas y Asociado\n\t\t\t\t<\/figcaption><\/figure><figure class='gallery-item'>\n\t\t\t<div class='gallery-icon landscape'>\n\t\t\t\t<a href='https:\/\/www.arquimaster.com.ar\/web\/wp-content\/uploads\/2016\/06\/edificio_procrear_cordoba4.jpg' title=\"Edificios de Viviendas PRO.CRE.AR. en C\u00f3rdoba \/ ASN\/nOISE + Alberto Varas y Asociado\" data-rl_title=\"Edificios de Viviendas PRO.CRE.AR. en C\u00f3rdoba \/ ASN\/nOISE + Alberto Varas y Asociado\" class=\"rl-gallery-link\" data-rl_caption=\"Edificios de Viviendas PRO.CRE.AR. en C\u00f3rdoba \/ ASN\/nOISE + Alberto Varas y Asociado\" data-rel=\"lightbox-gallery-1\"><img loading=\"lazy\" decoding=\"async\" width=\"150\" height=\"150\" src=\"https:\/\/www.arquimaster.com.ar\/web\/wp-content\/uploads\/2016\/06\/edificio_procrear_cordoba4-150x150.jpg\" class=\"attachment-thumbnail size-thumbnail\" alt=\"\" aria-describedby=\"gallery-1-20854\" srcset=\"https:\/\/www.arquimaster.com.ar\/web\/wp-content\/uploads\/2016\/06\/edificio_procrear_cordoba4-150x150.jpg 150w, https:\/\/www.arquimaster.com.ar\/web\/wp-content\/uploads\/2016\/06\/edificio_procrear_cordoba4-50x50.jpg 50w, https:\/\/www.arquimaster.com.ar\/web\/wp-content\/uploads\/2016\/06\/edificio_procrear_cordoba4-125x125.jpg 125w\" sizes=\"auto, (max-width: 150px) 100vw, 150px\" \/><\/a>\n\t\t\t<\/div>\n\t\t\t\t<figcaption class='wp-caption-text gallery-caption' id='gallery-1-20854'>\n\t\t\t\tEdificios de Viviendas PRO.CRE.AR. en C\u00f3rdoba \/ ASN\/nOISE + Alberto Varas y Asociado\n\t\t\t\t<\/figcaption><\/figure><figure class='gallery-item'>\n\t\t\t<div class='gallery-icon landscape'>\n\t\t\t\t<a href='https:\/\/www.arquimaster.com.ar\/web\/wp-content\/uploads\/2016\/06\/edificio_procrear_cordoba5.jpg' title=\"Edificios de Viviendas PRO.CRE.AR. en C\u00f3rdoba \/ ASN\/nOISE + Alberto Varas y Asociado\" data-rl_title=\"Edificios de Viviendas PRO.CRE.AR. en C\u00f3rdoba \/ ASN\/nOISE + Alberto Varas y Asociado\" class=\"rl-gallery-link\" data-rl_caption=\"Edificios de Viviendas PRO.CRE.AR. en C\u00f3rdoba \/ ASN\/nOISE + Alberto Varas y Asociado\" data-rel=\"lightbox-gallery-1\"><img loading=\"lazy\" decoding=\"async\" width=\"150\" height=\"150\" src=\"https:\/\/www.arquimaster.com.ar\/web\/wp-content\/uploads\/2016\/06\/edificio_procrear_cordoba5-150x150.jpg\" class=\"attachment-thumbnail size-thumbnail\" alt=\"\" aria-describedby=\"gallery-1-20855\" srcset=\"https:\/\/www.arquimaster.com.ar\/web\/wp-content\/uploads\/2016\/06\/edificio_procrear_cordoba5-150x150.jpg 150w, https:\/\/www.arquimaster.com.ar\/web\/wp-content\/uploads\/2016\/06\/edificio_procrear_cordoba5-50x50.jpg 50w, https:\/\/www.arquimaster.com.ar\/web\/wp-content\/uploads\/2016\/06\/edificio_procrear_cordoba5-125x125.jpg 125w\" sizes=\"auto, (max-width: 150px) 100vw, 150px\" \/><\/a>\n\t\t\t<\/div>\n\t\t\t\t<figcaption class='wp-caption-text gallery-caption' id='gallery-1-20855'>\n\t\t\t\tEdificios de Viviendas PRO.CRE.AR. en C\u00f3rdoba \/ ASN\/nOISE + Alberto Varas y Asociado\n\t\t\t\t<\/figcaption><\/figure><figure class='gallery-item'>\n\t\t\t<div class='gallery-icon landscape'>\n\t\t\t\t<a href='https:\/\/www.arquimaster.com.ar\/web\/wp-content\/uploads\/2016\/06\/edificio_procrear_cordoba6.jpg' title=\"Edificios de Viviendas PRO.CRE.AR. en C\u00f3rdoba \/ ASN\/nOISE + Alberto Varas y Asociado\" data-rl_title=\"Edificios de Viviendas PRO.CRE.AR. en C\u00f3rdoba \/ ASN\/nOISE + Alberto Varas y Asociado\" class=\"rl-gallery-link\" data-rl_caption=\"Edificios de Viviendas PRO.CRE.AR. en C\u00f3rdoba \/ ASN\/nOISE + Alberto Varas y Asociado\" data-rel=\"lightbox-gallery-1\"><img loading=\"lazy\" decoding=\"async\" width=\"150\" height=\"150\" src=\"https:\/\/www.arquimaster.com.ar\/web\/wp-content\/uploads\/2016\/06\/edificio_procrear_cordoba6-150x150.jpg\" class=\"attachment-thumbnail size-thumbnail\" alt=\"\" aria-describedby=\"gallery-1-20856\" srcset=\"https:\/\/www.arquimaster.com.ar\/web\/wp-content\/uploads\/2016\/06\/edificio_procrear_cordoba6-150x150.jpg 150w, https:\/\/www.arquimaster.com.ar\/web\/wp-content\/uploads\/2016\/06\/edificio_procrear_cordoba6-50x50.jpg 50w, https:\/\/www.arquimaster.com.ar\/web\/wp-content\/uploads\/2016\/06\/edificio_procrear_cordoba6-125x125.jpg 125w\" sizes=\"auto, (max-width: 150px) 100vw, 150px\" \/><\/a>\n\t\t\t<\/div>\n\t\t\t\t<figcaption class='wp-caption-text gallery-caption' id='gallery-1-20856'>\n\t\t\t\tEdificios de Viviendas PRO.CRE.AR. en C\u00f3rdoba \/ ASN\/nOISE + Alberto Varas y Asociado\n\t\t\t\t<\/figcaption><\/figure><figure class='gallery-item'>\n\t\t\t<div class='gallery-icon landscape'>\n\t\t\t\t<a href='https:\/\/www.arquimaster.com.ar\/web\/wp-content\/uploads\/2016\/06\/edificio_procrear_cordoba7.jpg' title=\"Edificios de Viviendas PRO.CRE.AR. en C\u00f3rdoba \/ ASN\/nOISE + Alberto Varas y Asociado\" data-rl_title=\"Edificios de Viviendas PRO.CRE.AR. en C\u00f3rdoba \/ ASN\/nOISE + Alberto Varas y Asociado\" class=\"rl-gallery-link\" data-rl_caption=\"Edificios de Viviendas PRO.CRE.AR. en C\u00f3rdoba \/ ASN\/nOISE + Alberto Varas y Asociado\" data-rel=\"lightbox-gallery-1\"><img loading=\"lazy\" decoding=\"async\" width=\"150\" height=\"150\" src=\"https:\/\/www.arquimaster.com.ar\/web\/wp-content\/uploads\/2016\/06\/edificio_procrear_cordoba7-150x150.jpg\" class=\"attachment-thumbnail size-thumbnail\" alt=\"\" aria-describedby=\"gallery-1-20857\" srcset=\"https:\/\/www.arquimaster.com.ar\/web\/wp-content\/uploads\/2016\/06\/edificio_procrear_cordoba7-150x150.jpg 150w, https:\/\/www.arquimaster.com.ar\/web\/wp-content\/uploads\/2016\/06\/edificio_procrear_cordoba7-50x50.jpg 50w, https:\/\/www.arquimaster.com.ar\/web\/wp-content\/uploads\/2016\/06\/edificio_procrear_cordoba7-125x125.jpg 125w\" sizes=\"auto, (max-width: 150px) 100vw, 150px\" \/><\/a>\n\t\t\t<\/div>\n\t\t\t\t<figcaption class='wp-caption-text gallery-caption' id='gallery-1-20857'>\n\t\t\t\tEdificios de Viviendas PRO.CRE.AR. en C\u00f3rdoba \/ ASN\/nOISE + Alberto Varas y Asociado\n\t\t\t\t<\/figcaption><\/figure><figure class='gallery-item'>\n\t\t\t<div class='gallery-icon landscape'>\n\t\t\t\t<a href='https:\/\/www.arquimaster.com.ar\/web\/wp-content\/uploads\/2016\/06\/edificio_procrear_cordoba8.jpg' title=\"Edificios de Viviendas PRO.CRE.AR. en C\u00f3rdoba \/ ASN\/nOISE + Alberto Varas y Asociado\" data-rl_title=\"Edificios de Viviendas PRO.CRE.AR. en C\u00f3rdoba \/ ASN\/nOISE + Alberto Varas y Asociado\" class=\"rl-gallery-link\" data-rl_caption=\"Edificios de Viviendas PRO.CRE.AR. en C\u00f3rdoba \/ ASN\/nOISE + Alberto Varas y Asociado\" data-rel=\"lightbox-gallery-1\"><img loading=\"lazy\" decoding=\"async\" width=\"150\" height=\"150\" src=\"https:\/\/www.arquimaster.com.ar\/web\/wp-content\/uploads\/2016\/06\/edificio_procrear_cordoba8-150x150.jpg\" class=\"attachment-thumbnail size-thumbnail\" alt=\"\" aria-describedby=\"gallery-1-20858\" srcset=\"https:\/\/www.arquimaster.com.ar\/web\/wp-content\/uploads\/2016\/06\/edificio_procrear_cordoba8-150x150.jpg 150w, https:\/\/www.arquimaster.com.ar\/web\/wp-content\/uploads\/2016\/06\/edificio_procrear_cordoba8-50x50.jpg 50w, https:\/\/www.arquimaster.com.ar\/web\/wp-content\/uploads\/2016\/06\/edificio_procrear_cordoba8-125x125.jpg 125w\" sizes=\"auto, (max-width: 150px) 100vw, 150px\" \/><\/a>\n\t\t\t<\/div>\n\t\t\t\t<figcaption class='wp-caption-text gallery-caption' id='gallery-1-20858'>\n\t\t\t\tEdificios de Viviendas PRO.CRE.AR. en C\u00f3rdoba \/ ASN\/nOISE + Alberto Varas y Asociado\n\t\t\t\t<\/figcaption><\/figure><figure class='gallery-item'>\n\t\t\t<div class='gallery-icon landscape'>\n\t\t\t\t<a href='https:\/\/www.arquimaster.com.ar\/web\/wp-content\/uploads\/2016\/06\/edificio_procrear_cordoba9.jpg' title=\"Edificios de Viviendas PRO.CRE.AR. en C\u00f3rdoba \/ ASN\/nOISE + Alberto Varas y Asociado\" data-rl_title=\"Edificios de Viviendas PRO.CRE.AR. en C\u00f3rdoba \/ ASN\/nOISE + Alberto Varas y Asociado\" class=\"rl-gallery-link\" data-rl_caption=\"Edificios de Viviendas PRO.CRE.AR. en C\u00f3rdoba \/ ASN\/nOISE + Alberto Varas y Asociado\" data-rel=\"lightbox-gallery-1\"><img loading=\"lazy\" decoding=\"async\" width=\"150\" height=\"150\" src=\"https:\/\/www.arquimaster.com.ar\/web\/wp-content\/uploads\/2016\/06\/edificio_procrear_cordoba9-150x150.jpg\" class=\"attachment-thumbnail size-thumbnail\" alt=\"\" aria-describedby=\"gallery-1-20859\" srcset=\"https:\/\/www.arquimaster.com.ar\/web\/wp-content\/uploads\/2016\/06\/edificio_procrear_cordoba9-150x150.jpg 150w, https:\/\/www.arquimaster.com.ar\/web\/wp-content\/uploads\/2016\/06\/edificio_procrear_cordoba9-50x50.jpg 50w, https:\/\/www.arquimaster.com.ar\/web\/wp-content\/uploads\/2016\/06\/edificio_procrear_cordoba9-125x125.jpg 125w\" sizes=\"auto, (max-width: 150px) 100vw, 150px\" \/><\/a>\n\t\t\t<\/div>\n\t\t\t\t<figcaption class='wp-caption-text gallery-caption' id='gallery-1-20859'>\n\t\t\t\tEdificios de Viviendas PRO.CRE.AR. en C\u00f3rdoba \/ ASN\/nOISE + Alberto Varas y Asociado\n\t\t\t\t<\/figcaption><\/figure><figure class='gallery-item'>\n\t\t\t<div class='gallery-icon landscape'>\n\t\t\t\t<a href='https:\/\/www.arquimaster.com.ar\/web\/wp-content\/uploads\/2016\/06\/edificio_procrear_cordoba10.jpg' title=\"Edificios de Viviendas PRO.CRE.AR. en C\u00f3rdoba \/ ASN\/nOISE + Alberto Varas y Asociado (planta baja)\" data-rl_title=\"Edificios de Viviendas PRO.CRE.AR. en C\u00f3rdoba \/ ASN\/nOISE + Alberto Varas y Asociado (planta baja)\" class=\"rl-gallery-link\" data-rl_caption=\"Edificios de Viviendas PRO.CRE.AR. en C\u00f3rdoba \/ ASN\/nOISE + Alberto Varas y Asociado (planta baja)\" data-rel=\"lightbox-gallery-1\"><img loading=\"lazy\" decoding=\"async\" width=\"150\" height=\"150\" src=\"https:\/\/www.arquimaster.com.ar\/web\/wp-content\/uploads\/2016\/06\/edificio_procrear_cordoba10-150x150.jpg\" class=\"attachment-thumbnail size-thumbnail\" alt=\"\" aria-describedby=\"gallery-1-20860\" srcset=\"https:\/\/www.arquimaster.com.ar\/web\/wp-content\/uploads\/2016\/06\/edificio_procrear_cordoba10-150x150.jpg 150w, https:\/\/www.arquimaster.com.ar\/web\/wp-content\/uploads\/2016\/06\/edificio_procrear_cordoba10-50x50.jpg 50w, https:\/\/www.arquimaster.com.ar\/web\/wp-content\/uploads\/2016\/06\/edificio_procrear_cordoba10-125x125.jpg 125w\" sizes=\"auto, (max-width: 150px) 100vw, 150px\" \/><\/a>\n\t\t\t<\/div>\n\t\t\t\t<figcaption class='wp-caption-text gallery-caption' id='gallery-1-20860'>\n\t\t\t\tEdificios de Viviendas PRO.CRE.AR. en C\u00f3rdoba \/ ASN\/nOISE + Alberto Varas y Asociado (planta baja)\n\t\t\t\t<\/figcaption><\/figure><figure class='gallery-item'>\n\t\t\t<div class='gallery-icon landscape'>\n\t\t\t\t<a href='https:\/\/www.arquimaster.com.ar\/web\/wp-content\/uploads\/2016\/06\/edificio_procrear_cordoba11.jpg' title=\"Edificios de Viviendas PRO.CRE.AR. en C\u00f3rdoba \/ ASN\/nOISE + Alberto Varas y Asociado (planta 1\u00ba piso)\" data-rl_title=\"Edificios de Viviendas PRO.CRE.AR. en C\u00f3rdoba \/ ASN\/nOISE + Alberto Varas y Asociado (planta 1\u00ba piso)\" class=\"rl-gallery-link\" data-rl_caption=\"Edificios de Viviendas PRO.CRE.AR. en C\u00f3rdoba \/ ASN\/nOISE + Alberto Varas y Asociado (planta 1\u00ba piso)\" data-rel=\"lightbox-gallery-1\"><img loading=\"lazy\" decoding=\"async\" width=\"150\" height=\"150\" src=\"https:\/\/www.arquimaster.com.ar\/web\/wp-content\/uploads\/2016\/06\/edificio_procrear_cordoba11-150x150.jpg\" class=\"attachment-thumbnail size-thumbnail\" alt=\"\" aria-describedby=\"gallery-1-20861\" srcset=\"https:\/\/www.arquimaster.com.ar\/web\/wp-content\/uploads\/2016\/06\/edificio_procrear_cordoba11-150x150.jpg 150w, https:\/\/www.arquimaster.com.ar\/web\/wp-content\/uploads\/2016\/06\/edificio_procrear_cordoba11-50x50.jpg 50w, https:\/\/www.arquimaster.com.ar\/web\/wp-content\/uploads\/2016\/06\/edificio_procrear_cordoba11-125x125.jpg 125w\" sizes=\"auto, (max-width: 150px) 100vw, 150px\" \/><\/a>\n\t\t\t<\/div>\n\t\t\t\t<figcaption class='wp-caption-text gallery-caption' id='gallery-1-20861'>\n\t\t\t\tEdificios de Viviendas PRO.CRE.AR. en C\u00f3rdoba \/ ASN\/nOISE + Alberto Varas y Asociado (planta 1\u00ba piso)\n\t\t\t\t<\/figcaption><\/figure><figure class='gallery-item'>\n\t\t\t<div class='gallery-icon landscape'>\n\t\t\t\t<a href='https:\/\/www.arquimaster.com.ar\/web\/wp-content\/uploads\/2016\/06\/edificio_procrear_cordoba12.jpg' title=\"Edificios de Viviendas PRO.CRE.AR. en C\u00f3rdoba \/ ASN\/nOISE + Alberto Varas y Asociado (planta 2\u00ba piso)\" data-rl_title=\"Edificios de Viviendas PRO.CRE.AR. en C\u00f3rdoba \/ ASN\/nOISE + Alberto Varas y Asociado (planta 2\u00ba piso)\" class=\"rl-gallery-link\" data-rl_caption=\"Edificios de Viviendas PRO.CRE.AR. en C\u00f3rdoba \/ ASN\/nOISE + Alberto Varas y Asociado (planta 2\u00ba piso)\" data-rel=\"lightbox-gallery-1\"><img loading=\"lazy\" decoding=\"async\" width=\"150\" height=\"150\" src=\"https:\/\/www.arquimaster.com.ar\/web\/wp-content\/uploads\/2016\/06\/edificio_procrear_cordoba12-150x150.jpg\" class=\"attachment-thumbnail size-thumbnail\" alt=\"\" aria-describedby=\"gallery-1-20862\" srcset=\"https:\/\/www.arquimaster.com.ar\/web\/wp-content\/uploads\/2016\/06\/edificio_procrear_cordoba12-150x150.jpg 150w, https:\/\/www.arquimaster.com.ar\/web\/wp-content\/uploads\/2016\/06\/edificio_procrear_cordoba12-50x50.jpg 50w, https:\/\/www.arquimaster.com.ar\/web\/wp-content\/uploads\/2016\/06\/edificio_procrear_cordoba12-125x125.jpg 125w\" sizes=\"auto, (max-width: 150px) 100vw, 150px\" \/><\/a>\n\t\t\t<\/div>\n\t\t\t\t<figcaption class='wp-caption-text gallery-caption' id='gallery-1-20862'>\n\t\t\t\tEdificios de Viviendas PRO.CRE.AR. en C\u00f3rdoba \/ ASN\/nOISE + Alberto Varas y Asociado (planta 2\u00ba piso)\n\t\t\t\t<\/figcaption><\/figure><figure class='gallery-item'>\n\t\t\t<div class='gallery-icon landscape'>\n\t\t\t\t<a href='https:\/\/www.arquimaster.com.ar\/web\/wp-content\/uploads\/2016\/06\/edificio_procrear_cordoba13.jpg' title=\"Edificios de Viviendas PRO.CRE.AR. en C\u00f3rdoba \/ ASN\/nOISE + Alberto Varas y Asociado (planta 3\u00ba piso)\" data-rl_title=\"Edificios de Viviendas PRO.CRE.AR. en C\u00f3rdoba \/ ASN\/nOISE + Alberto Varas y Asociado (planta 3\u00ba piso)\" class=\"rl-gallery-link\" data-rl_caption=\"Edificios de Viviendas PRO.CRE.AR. en C\u00f3rdoba \/ ASN\/nOISE + Alberto Varas y Asociado (planta 3\u00ba piso)\" data-rel=\"lightbox-gallery-1\"><img loading=\"lazy\" decoding=\"async\" width=\"150\" height=\"150\" src=\"https:\/\/www.arquimaster.com.ar\/web\/wp-content\/uploads\/2016\/06\/edificio_procrear_cordoba13-150x150.jpg\" class=\"attachment-thumbnail size-thumbnail\" alt=\"\" aria-describedby=\"gallery-1-20863\" srcset=\"https:\/\/www.arquimaster.com.ar\/web\/wp-content\/uploads\/2016\/06\/edificio_procrear_cordoba13-150x150.jpg 150w, https:\/\/www.arquimaster.com.ar\/web\/wp-content\/uploads\/2016\/06\/edificio_procrear_cordoba13-50x50.jpg 50w, https:\/\/www.arquimaster.com.ar\/web\/wp-content\/uploads\/2016\/06\/edificio_procrear_cordoba13-125x125.jpg 125w\" sizes=\"auto, (max-width: 150px) 100vw, 150px\" \/><\/a>\n\t\t\t<\/div>\n\t\t\t\t<figcaption class='wp-caption-text gallery-caption' id='gallery-1-20863'>\n\t\t\t\tEdificios de Viviendas PRO.CRE.AR. en C\u00f3rdoba \/ ASN\/nOISE + Alberto Varas y Asociado (planta 3\u00ba piso)\n\t\t\t\t<\/figcaption><\/figure><figure class='gallery-item'>\n\t\t\t<div class='gallery-icon landscape'>\n\t\t\t\t<a href='https:\/\/www.arquimaster.com.ar\/web\/wp-content\/uploads\/2016\/06\/edificio_procrear_cordoba14.jpg' title=\"Edificios de Viviendas PRO.CRE.AR. en C\u00f3rdoba \/ ASN\/nOISE + Alberto Varas y Asociado (planta subsuelo)\" data-rl_title=\"Edificios de Viviendas PRO.CRE.AR. en C\u00f3rdoba \/ ASN\/nOISE + Alberto Varas y Asociado (planta subsuelo)\" class=\"rl-gallery-link\" data-rl_caption=\"Edificios de Viviendas PRO.CRE.AR. en C\u00f3rdoba \/ ASN\/nOISE + Alberto Varas y Asociado (planta subsuelo)\" data-rel=\"lightbox-gallery-1\"><img loading=\"lazy\" decoding=\"async\" width=\"150\" height=\"150\" src=\"https:\/\/www.arquimaster.com.ar\/web\/wp-content\/uploads\/2016\/06\/edificio_procrear_cordoba14-150x150.jpg\" class=\"attachment-thumbnail size-thumbnail\" alt=\"\" aria-describedby=\"gallery-1-20864\" srcset=\"https:\/\/www.arquimaster.com.ar\/web\/wp-content\/uploads\/2016\/06\/edificio_procrear_cordoba14-150x150.jpg 150w, https:\/\/www.arquimaster.com.ar\/web\/wp-content\/uploads\/2016\/06\/edificio_procrear_cordoba14-50x50.jpg 50w, https:\/\/www.arquimaster.com.ar\/web\/wp-content\/uploads\/2016\/06\/edificio_procrear_cordoba14-125x125.jpg 125w\" sizes=\"auto, (max-width: 150px) 100vw, 150px\" \/><\/a>\n\t\t\t<\/div>\n\t\t\t\t<figcaption class='wp-caption-text gallery-caption' id='gallery-1-20864'>\n\t\t\t\tEdificios de Viviendas PRO.CRE.AR. en C\u00f3rdoba \/ ASN\/nOISE + Alberto Varas y Asociado (planta subsuelo)\n\t\t\t\t<\/figcaption><\/figure><figure class='gallery-item'>\n\t\t\t<div class='gallery-icon landscape'>\n\t\t\t\t<a href='https:\/\/www.arquimaster.com.ar\/web\/wp-content\/uploads\/2016\/06\/edificio_procrear_cordoba15.jpg' title=\"Edificios de Viviendas PRO.CRE.AR. en C\u00f3rdoba \/ ASN\/nOISE + Alberto Varas y Asociado (corte vista)\" data-rl_title=\"Edificios de Viviendas PRO.CRE.AR. en C\u00f3rdoba \/ ASN\/nOISE + Alberto Varas y Asociado (corte vista)\" class=\"rl-gallery-link\" data-rl_caption=\"Edificios de Viviendas PRO.CRE.AR. en C\u00f3rdoba \/ ASN\/nOISE + Alberto Varas y Asociado (corte vista)\" data-rel=\"lightbox-gallery-1\"><img loading=\"lazy\" decoding=\"async\" width=\"150\" height=\"150\" src=\"https:\/\/www.arquimaster.com.ar\/web\/wp-content\/uploads\/2016\/06\/edificio_procrear_cordoba15-150x150.jpg\" class=\"attachment-thumbnail size-thumbnail\" alt=\"\" aria-describedby=\"gallery-1-20865\" srcset=\"https:\/\/www.arquimaster.com.ar\/web\/wp-content\/uploads\/2016\/06\/edificio_procrear_cordoba15-150x150.jpg 150w, https:\/\/www.arquimaster.com.ar\/web\/wp-content\/uploads\/2016\/06\/edificio_procrear_cordoba15-50x50.jpg 50w, https:\/\/www.arquimaster.com.ar\/web\/wp-content\/uploads\/2016\/06\/edificio_procrear_cordoba15-125x125.jpg 125w\" sizes=\"auto, (max-width: 150px) 100vw, 150px\" \/><\/a>\n\t\t\t<\/div>\n\t\t\t\t<figcaption class='wp-caption-text gallery-caption' id='gallery-1-20865'>\n\t\t\t\tEdificios de Viviendas PRO.CRE.AR. en C\u00f3rdoba \/ ASN\/nOISE + Alberto Varas y Asociado (corte vista)\n\t\t\t\t<\/figcaption><\/figure><figure class='gallery-item'>\n\t\t\t<div class='gallery-icon landscape'>\n\t\t\t\t<a href='https:\/\/www.arquimaster.com.ar\/web\/wp-content\/uploads\/2016\/06\/edificio_procrear_cordoba16.jpg' title=\"Edificios de Viviendas PRO.CRE.AR. en C\u00f3rdoba \/ ASN\/nOISE + Alberto Varas y Asociado (corte vista)\" data-rl_title=\"Edificios de Viviendas PRO.CRE.AR. en C\u00f3rdoba \/ ASN\/nOISE + Alberto Varas y Asociado (corte vista)\" class=\"rl-gallery-link\" data-rl_caption=\"Edificios de Viviendas PRO.CRE.AR. en C\u00f3rdoba \/ ASN\/nOISE + Alberto Varas y Asociado (corte vista)\" data-rel=\"lightbox-gallery-1\"><img loading=\"lazy\" decoding=\"async\" width=\"150\" height=\"150\" src=\"https:\/\/www.arquimaster.com.ar\/web\/wp-content\/uploads\/2016\/06\/edificio_procrear_cordoba16-150x150.jpg\" class=\"attachment-thumbnail size-thumbnail\" alt=\"\" aria-describedby=\"gallery-1-20866\" srcset=\"https:\/\/www.arquimaster.com.ar\/web\/wp-content\/uploads\/2016\/06\/edificio_procrear_cordoba16-150x150.jpg 150w, https:\/\/www.arquimaster.com.ar\/web\/wp-content\/uploads\/2016\/06\/edificio_procrear_cordoba16-50x50.jpg 50w, https:\/\/www.arquimaster.com.ar\/web\/wp-content\/uploads\/2016\/06\/edificio_procrear_cordoba16-125x125.jpg 125w\" sizes=\"auto, (max-width: 150px) 100vw, 150px\" \/><\/a>\n\t\t\t<\/div>\n\t\t\t\t<figcaption class='wp-caption-text gallery-caption' id='gallery-1-20866'>\n\t\t\t\tEdificios de Viviendas PRO.CRE.AR. en C\u00f3rdoba \/ ASN\/nOISE + Alberto Varas y Asociado (corte vista)\n\t\t\t\t<\/figcaption><\/figure><figure class='gallery-item'>\n\t\t\t<div class='gallery-icon landscape'>\n\t\t\t\t<a href='https:\/\/www.arquimaster.com.ar\/web\/wp-content\/uploads\/2016\/06\/edificio_procrear_cordoba17.jpg' title=\"Edificios de Viviendas PRO.CRE.AR. en C\u00f3rdoba \/ ASN\/nOISE + Alberto Varas y Asociado (vista)\" data-rl_title=\"Edificios de Viviendas PRO.CRE.AR. en C\u00f3rdoba \/ ASN\/nOISE + Alberto Varas y Asociado (vista)\" class=\"rl-gallery-link\" data-rl_caption=\"Edificios de Viviendas PRO.CRE.AR. en C\u00f3rdoba \/ ASN\/nOISE + Alberto Varas y Asociado (vista)\" data-rel=\"lightbox-gallery-1\"><img loading=\"lazy\" decoding=\"async\" width=\"150\" height=\"150\" src=\"https:\/\/www.arquimaster.com.ar\/web\/wp-content\/uploads\/2016\/06\/edificio_procrear_cordoba17-150x150.jpg\" class=\"attachment-thumbnail size-thumbnail\" alt=\"\" aria-describedby=\"gallery-1-20867\" srcset=\"https:\/\/www.arquimaster.com.ar\/web\/wp-content\/uploads\/2016\/06\/edificio_procrear_cordoba17-150x150.jpg 150w, https:\/\/www.arquimaster.com.ar\/web\/wp-content\/uploads\/2016\/06\/edificio_procrear_cordoba17-50x50.jpg 50w, https:\/\/www.arquimaster.com.ar\/web\/wp-content\/uploads\/2016\/06\/edificio_procrear_cordoba17-125x125.jpg 125w\" sizes=\"auto, (max-width: 150px) 100vw, 150px\" \/><\/a>\n\t\t\t<\/div>\n\t\t\t\t<figcaption class='wp-caption-text gallery-caption' id='gallery-1-20867'>\n\t\t\t\tEdificios de Viviendas PRO.CRE.AR. en C\u00f3rdoba \/ ASN\/nOISE + Alberto Varas y Asociado (vista)\n\t\t\t\t<\/figcaption><\/figure><figure class='gallery-item'>\n\t\t\t<div class='gallery-icon landscape'>\n\t\t\t\t<a href='https:\/\/www.arquimaster.com.ar\/web\/wp-content\/uploads\/2016\/06\/edificio_procrear_cordoba18.jpg' title=\"Edificios de Viviendas PRO.CRE.AR. en C\u00f3rdoba \/ ASN\/nOISE + Alberto Varas y Asociado (vista)\" data-rl_title=\"Edificios de Viviendas PRO.CRE.AR. en C\u00f3rdoba \/ ASN\/nOISE + Alberto Varas y Asociado (vista)\" class=\"rl-gallery-link\" data-rl_caption=\"Edificios de Viviendas PRO.CRE.AR. en C\u00f3rdoba \/ ASN\/nOISE + Alberto Varas y Asociado (vista)\" data-rel=\"lightbox-gallery-1\"><img loading=\"lazy\" decoding=\"async\" width=\"150\" height=\"150\" src=\"https:\/\/www.arquimaster.com.ar\/web\/wp-content\/uploads\/2016\/06\/edificio_procrear_cordoba18-150x150.jpg\" class=\"attachment-thumbnail size-thumbnail\" alt=\"\" aria-describedby=\"gallery-1-20868\" srcset=\"https:\/\/www.arquimaster.com.ar\/web\/wp-content\/uploads\/2016\/06\/edificio_procrear_cordoba18-150x150.jpg 150w, https:\/\/www.arquimaster.com.ar\/web\/wp-content\/uploads\/2016\/06\/edificio_procrear_cordoba18-50x50.jpg 50w, https:\/\/www.arquimaster.com.ar\/web\/wp-content\/uploads\/2016\/06\/edificio_procrear_cordoba18-125x125.jpg 125w\" sizes=\"auto, (max-width: 150px) 100vw, 150px\" \/><\/a>\n\t\t\t<\/div>\n\t\t\t\t<figcaption class='wp-caption-text gallery-caption' id='gallery-1-20868'>\n\t\t\t\tEdificios de Viviendas PRO.CRE.AR. en C\u00f3rdoba \/ ASN\/nOISE + Alberto Varas y Asociado (vista)\n\t\t\t\t<\/figcaption><\/figure><figure class='gallery-item'>\n\t\t\t<div class='gallery-icon landscape'>\n\t\t\t\t<a href='https:\/\/www.arquimaster.com.ar\/web\/wp-content\/uploads\/2016\/06\/edificio_procrear_cordoba19.jpg' title=\"Edificios de Viviendas PRO.CRE.AR. en C\u00f3rdoba \/ ASN\/nOISE + Alberto Varas y Asociado (vista)\" data-rl_title=\"Edificios de Viviendas PRO.CRE.AR. en C\u00f3rdoba \/ ASN\/nOISE + Alberto Varas y Asociado (vista)\" class=\"rl-gallery-link\" data-rl_caption=\"Edificios de Viviendas PRO.CRE.AR. en C\u00f3rdoba \/ ASN\/nOISE + Alberto Varas y Asociado (vista)\" data-rel=\"lightbox-gallery-1\"><img loading=\"lazy\" decoding=\"async\" width=\"150\" height=\"150\" src=\"https:\/\/www.arquimaster.com.ar\/web\/wp-content\/uploads\/2016\/06\/edificio_procrear_cordoba19-150x150.jpg\" class=\"attachment-thumbnail size-thumbnail\" alt=\"\" aria-describedby=\"gallery-1-20869\" srcset=\"https:\/\/www.arquimaster.com.ar\/web\/wp-content\/uploads\/2016\/06\/edificio_procrear_cordoba19-150x150.jpg 150w, https:\/\/www.arquimaster.com.ar\/web\/wp-content\/uploads\/2016\/06\/edificio_procrear_cordoba19-50x50.jpg 50w, https:\/\/www.arquimaster.com.ar\/web\/wp-content\/uploads\/2016\/06\/edificio_procrear_cordoba19-125x125.jpg 125w\" sizes=\"auto, (max-width: 150px) 100vw, 150px\" \/><\/a>\n\t\t\t<\/div>\n\t\t\t\t<figcaption class='wp-caption-text gallery-caption' id='gallery-1-20869'>\n\t\t\t\tEdificios de Viviendas PRO.CRE.AR. en C\u00f3rdoba \/ ASN\/nOISE + Alberto Varas y Asociado (vista)\n\t\t\t\t<\/figcaption><\/figure><figure class='gallery-item'>\n\t\t\t<div class='gallery-icon landscape'>\n\t\t\t\t<a href='https:\/\/www.arquimaster.com.ar\/web\/wp-content\/uploads\/2016\/06\/edificio_procrear_cordoba20.jpg' title=\"Edificios de Viviendas PRO.CRE.AR. en C\u00f3rdoba \/ ASN\/nOISE + Alberto Varas y Asociado (vista)\" data-rl_title=\"Edificios de Viviendas PRO.CRE.AR. en C\u00f3rdoba \/ ASN\/nOISE + Alberto Varas y Asociado (vista)\" class=\"rl-gallery-link\" data-rl_caption=\"Edificios de Viviendas PRO.CRE.AR. en C\u00f3rdoba \/ ASN\/nOISE + Alberto Varas y Asociado (vista)\" data-rel=\"lightbox-gallery-1\"><img loading=\"lazy\" decoding=\"async\" width=\"150\" height=\"150\" src=\"https:\/\/www.arquimaster.com.ar\/web\/wp-content\/uploads\/2016\/06\/edificio_procrear_cordoba20-150x150.jpg\" class=\"attachment-thumbnail size-thumbnail\" alt=\"\" aria-describedby=\"gallery-1-20870\" srcset=\"https:\/\/www.arquimaster.com.ar\/web\/wp-content\/uploads\/2016\/06\/edificio_procrear_cordoba20-150x150.jpg 150w, https:\/\/www.arquimaster.com.ar\/web\/wp-content\/uploads\/2016\/06\/edificio_procrear_cordoba20-50x50.jpg 50w, https:\/\/www.arquimaster.com.ar\/web\/wp-content\/uploads\/2016\/06\/edificio_procrear_cordoba20-125x125.jpg 125w\" sizes=\"auto, (max-width: 150px) 100vw, 150px\" \/><\/a>\n\t\t\t<\/div>\n\t\t\t\t<figcaption class='wp-caption-text gallery-caption' id='gallery-1-20870'>\n\t\t\t\tEdificios de Viviendas PRO.CRE.AR. en C\u00f3rdoba \/ ASN\/nOISE + Alberto Varas y Asociado (vista)\n\t\t\t\t<\/figcaption><\/figure><figure class='gallery-item'>\n\t\t\t<div class='gallery-icon landscape'>\n\t\t\t\t<a href='https:\/\/www.arquimaster.com.ar\/web\/wp-content\/uploads\/2016\/06\/edificio_procrear_cordoba21.jpg' title=\"Edificios de Viviendas PRO.CRE.AR. en C\u00f3rdoba \/ ASN\/nOISE + Alberto Varas y Asociado (plantas unidades)\" data-rl_title=\"Edificios de Viviendas PRO.CRE.AR. en C\u00f3rdoba \/ ASN\/nOISE + Alberto Varas y Asociado (plantas unidades)\" class=\"rl-gallery-link\" data-rl_caption=\"Edificios de Viviendas PRO.CRE.AR. en C\u00f3rdoba \/ ASN\/nOISE + Alberto Varas y Asociado (plantas unidades)\" data-rel=\"lightbox-gallery-1\"><img loading=\"lazy\" decoding=\"async\" width=\"150\" height=\"150\" src=\"https:\/\/www.arquimaster.com.ar\/web\/wp-content\/uploads\/2016\/06\/edificio_procrear_cordoba21-150x150.jpg\" class=\"attachment-thumbnail size-thumbnail\" alt=\"\" aria-describedby=\"gallery-1-20871\" srcset=\"https:\/\/www.arquimaster.com.ar\/web\/wp-content\/uploads\/2016\/06\/edificio_procrear_cordoba21-150x150.jpg 150w, https:\/\/www.arquimaster.com.ar\/web\/wp-content\/uploads\/2016\/06\/edificio_procrear_cordoba21-50x50.jpg 50w, https:\/\/www.arquimaster.com.ar\/web\/wp-content\/uploads\/2016\/06\/edificio_procrear_cordoba21-125x125.jpg 125w\" sizes=\"auto, (max-width: 150px) 100vw, 150px\" \/><\/a>\n\t\t\t<\/div>\n\t\t\t\t<figcaption class='wp-caption-text gallery-caption' id='gallery-1-20871'>\n\t\t\t\tEdificios de Viviendas PRO.CRE.AR. en C\u00f3rdoba \/ ASN\/nOISE + Alberto Varas y Asociado (plantas unidades)\n\t\t\t\t<\/figcaption><\/figure><figure class='gallery-item'>\n\t\t\t<div class='gallery-icon portrait'>\n\t\t\t\t<a href='https:\/\/www.arquimaster.com.ar\/web\/wp-content\/uploads\/2016\/06\/edificio_procrear_cordoba22.jpg' title=\"Edificios de Viviendas PRO.CRE.AR. en C\u00f3rdoba \/ ASN\/nOISE + Alberto Varas y Asociado (detalle fachada)\" data-rl_title=\"Edificios de Viviendas PRO.CRE.AR. en C\u00f3rdoba \/ ASN\/nOISE + Alberto Varas y Asociado (detalle fachada)\" class=\"rl-gallery-link\" data-rl_caption=\"Edificios de Viviendas PRO.CRE.AR. en C\u00f3rdoba \/ ASN\/nOISE + Alberto Varas y Asociado (detalle fachada)\" data-rel=\"lightbox-gallery-1\"><img loading=\"lazy\" decoding=\"async\" width=\"150\" height=\"150\" src=\"https:\/\/www.arquimaster.com.ar\/web\/wp-content\/uploads\/2016\/06\/edificio_procrear_cordoba22-150x150.jpg\" class=\"attachment-thumbnail size-thumbnail\" alt=\"\" aria-describedby=\"gallery-1-20872\" srcset=\"https:\/\/www.arquimaster.com.ar\/web\/wp-content\/uploads\/2016\/06\/edificio_procrear_cordoba22-150x150.jpg 150w, https:\/\/www.arquimaster.com.ar\/web\/wp-content\/uploads\/2016\/06\/edificio_procrear_cordoba22-50x50.jpg 50w, https:\/\/www.arquimaster.com.ar\/web\/wp-content\/uploads\/2016\/06\/edificio_procrear_cordoba22-125x125.jpg 125w\" sizes=\"auto, (max-width: 150px) 100vw, 150px\" \/><\/a>\n\t\t\t<\/div>\n\t\t\t\t<figcaption class='wp-caption-text gallery-caption' id='gallery-1-20872'>\n\t\t\t\tEdificios de Viviendas PRO.CRE.AR. en C\u00f3rdoba \/ ASN\/nOISE + Alberto Varas y Asociado (detalle fachada)\n\t\t\t\t<\/figcaption><\/figure><figure class='gallery-item'>\n\t\t\t<div class='gallery-icon landscape'>\n\t\t\t\t<a href='https:\/\/www.arquimaster.com.ar\/web\/wp-content\/uploads\/2016\/06\/edificio_procrear_cordoba25.jpg' title=\"Edificios de Viviendas PRO.CRE.AR. en C\u00f3rdoba \/ ASN\/nOISE + Alberto Varas y Asociado (detalle ba\u00f1o)\" data-rl_title=\"Edificios de Viviendas PRO.CRE.AR. en C\u00f3rdoba \/ ASN\/nOISE + Alberto Varas y Asociado (detalle ba\u00f1o)\" class=\"rl-gallery-link\" data-rl_caption=\"Edificios de Viviendas PRO.CRE.AR. en C\u00f3rdoba \/ ASN\/nOISE + Alberto Varas y Asociado (detalle ba\u00f1o)\" data-rel=\"lightbox-gallery-1\"><img loading=\"lazy\" decoding=\"async\" width=\"150\" height=\"150\" src=\"https:\/\/www.arquimaster.com.ar\/web\/wp-content\/uploads\/2016\/06\/edificio_procrear_cordoba25-150x150.jpg\" class=\"attachment-thumbnail size-thumbnail\" alt=\"\" aria-describedby=\"gallery-1-20875\" srcset=\"https:\/\/www.arquimaster.com.ar\/web\/wp-content\/uploads\/2016\/06\/edificio_procrear_cordoba25-150x150.jpg 150w, https:\/\/www.arquimaster.com.ar\/web\/wp-content\/uploads\/2016\/06\/edificio_procrear_cordoba25-50x50.jpg 50w, https:\/\/www.arquimaster.com.ar\/web\/wp-content\/uploads\/2016\/06\/edificio_procrear_cordoba25-125x125.jpg 125w\" sizes=\"auto, (max-width: 150px) 100vw, 150px\" \/><\/a>\n\t\t\t<\/div>\n\t\t\t\t<figcaption class='wp-caption-text gallery-caption' id='gallery-1-20875'>\n\t\t\t\tEdificios de Viviendas PRO.CRE.AR. en C\u00f3rdoba \/ ASN\/nOISE + Alberto Varas y Asociado (detalle ba\u00f1o)\n\t\t\t\t<\/figcaption><\/figure><figure class='gallery-item'>\n\t\t\t<div class='gallery-icon landscape'>\n\t\t\t\t<a href='https:\/\/www.arquimaster.com.ar\/web\/wp-content\/uploads\/2016\/06\/edificio_procrear_cordoba23.jpg' title=\"Edificios de Viviendas PRO.CRE.AR. en C\u00f3rdoba \/ ASN\/nOISE + Alberto Varas y Asociado (detalle ba\u00f1o)\" data-rl_title=\"Edificios de Viviendas PRO.CRE.AR. en C\u00f3rdoba \/ ASN\/nOISE + Alberto Varas y Asociado (detalle ba\u00f1o)\" class=\"rl-gallery-link\" data-rl_caption=\"Edificios de Viviendas PRO.CRE.AR. en C\u00f3rdoba \/ ASN\/nOISE + Alberto Varas y Asociado (detalle ba\u00f1o)\" data-rel=\"lightbox-gallery-1\"><img loading=\"lazy\" decoding=\"async\" width=\"150\" height=\"150\" src=\"https:\/\/www.arquimaster.com.ar\/web\/wp-content\/uploads\/2016\/06\/edificio_procrear_cordoba23-150x150.jpg\" class=\"attachment-thumbnail size-thumbnail\" alt=\"\" aria-describedby=\"gallery-1-20873\" srcset=\"https:\/\/www.arquimaster.com.ar\/web\/wp-content\/uploads\/2016\/06\/edificio_procrear_cordoba23-150x150.jpg 150w, https:\/\/www.arquimaster.com.ar\/web\/wp-content\/uploads\/2016\/06\/edificio_procrear_cordoba23-50x50.jpg 50w, https:\/\/www.arquimaster.com.ar\/web\/wp-content\/uploads\/2016\/06\/edificio_procrear_cordoba23-125x125.jpg 125w\" sizes=\"auto, (max-width: 150px) 100vw, 150px\" \/><\/a>\n\t\t\t<\/div>\n\t\t\t\t<figcaption class='wp-caption-text gallery-caption' id='gallery-1-20873'>\n\t\t\t\tEdificios de Viviendas PRO.CRE.AR. en C\u00f3rdoba \/ ASN\/nOISE + Alberto Varas y Asociado (detalle ba\u00f1o)\n\t\t\t\t<\/figcaption><\/figure><figure class='gallery-item'>\n\t\t\t<div class='gallery-icon landscape'>\n\t\t\t\t<a href='https:\/\/www.arquimaster.com.ar\/web\/wp-content\/uploads\/2016\/06\/edificio_procrear_cordoba24.jpg' title=\"Edificios de Viviendas PRO.CRE.AR. en C\u00f3rdoba \/ ASN\/nOISE + Alberto Varas y Asociado (detalle cocina)\" data-rl_title=\"Edificios de Viviendas PRO.CRE.AR. en C\u00f3rdoba \/ ASN\/nOISE + Alberto Varas y Asociado (detalle cocina)\" class=\"rl-gallery-link\" data-rl_caption=\"Edificios de Viviendas PRO.CRE.AR. en C\u00f3rdoba \/ ASN\/nOISE + Alberto Varas y Asociado (detalle cocina)\" data-rel=\"lightbox-gallery-1\"><img loading=\"lazy\" decoding=\"async\" width=\"150\" height=\"150\" src=\"https:\/\/www.arquimaster.com.ar\/web\/wp-content\/uploads\/2016\/06\/edificio_procrear_cordoba24-150x150.jpg\" class=\"attachment-thumbnail size-thumbnail\" alt=\"\" aria-describedby=\"gallery-1-20874\" srcset=\"https:\/\/www.arquimaster.com.ar\/web\/wp-content\/uploads\/2016\/06\/edificio_procrear_cordoba24-150x150.jpg 150w, https:\/\/www.arquimaster.com.ar\/web\/wp-content\/uploads\/2016\/06\/edificio_procrear_cordoba24-50x50.jpg 50w, https:\/\/www.arquimaster.com.ar\/web\/wp-content\/uploads\/2016\/06\/edificio_procrear_cordoba24-125x125.jpg 125w\" sizes=\"auto, (max-width: 150px) 100vw, 150px\" \/><\/a>\n\t\t\t<\/div>\n\t\t\t\t<figcaption class='wp-caption-text gallery-caption' id='gallery-1-20874'>\n\t\t\t\tEdificios de Viviendas PRO.CRE.AR. en C\u00f3rdoba \/ ASN\/nOISE + Alberto Varas y Asociado (detalle cocina)\n\t\t\t\t<\/figcaption><\/figure><figure class='gallery-item'>\n\t\t\t<div class='gallery-icon landscape'>\n\t\t\t\t<a href='https:\/\/www.arquimaster.com.ar\/web\/wp-content\/uploads\/2016\/06\/edificio_procrear_cordoba26.jpg' title=\"Edificios de Viviendas PRO.CRE.AR. en C\u00f3rdoba \/ ASN\/nOISE + Alberto Varas y Asociado (detalle cocina)\" data-rl_title=\"Edificios de Viviendas PRO.CRE.AR. en C\u00f3rdoba \/ ASN\/nOISE + Alberto Varas y Asociado (detalle cocina)\" class=\"rl-gallery-link\" data-rl_caption=\"Edificios de Viviendas PRO.CRE.AR. en C\u00f3rdoba \/ ASN\/nOISE + Alberto Varas y Asociado (detalle cocina)\" data-rel=\"lightbox-gallery-1\"><img loading=\"lazy\" decoding=\"async\" width=\"150\" height=\"150\" src=\"https:\/\/www.arquimaster.com.ar\/web\/wp-content\/uploads\/2016\/06\/edificio_procrear_cordoba26-150x150.jpg\" class=\"attachment-thumbnail size-thumbnail\" alt=\"\" aria-describedby=\"gallery-1-20876\" srcset=\"https:\/\/www.arquimaster.com.ar\/web\/wp-content\/uploads\/2016\/06\/edificio_procrear_cordoba26-150x150.jpg 150w, https:\/\/www.arquimaster.com.ar\/web\/wp-content\/uploads\/2016\/06\/edificio_procrear_cordoba26-50x50.jpg 50w, https:\/\/www.arquimaster.com.ar\/web\/wp-content\/uploads\/2016\/06\/edificio_procrear_cordoba26-125x125.jpg 125w\" sizes=\"auto, (max-width: 150px) 100vw, 150px\" \/><\/a>\n\t\t\t<\/div>\n\t\t\t\t<figcaption class='wp-caption-text gallery-caption' id='gallery-1-20876'>\n\t\t\t\tEdificios de Viviendas PRO.CRE.AR. en C\u00f3rdoba \/ ASN\/nOISE + Alberto Varas y Asociado (detalle cocina)\n\t\t\t\t<\/figcaption><\/figure><figure class='gallery-item'>\n\t\t\t<div class='gallery-icon landscape'>\n\t\t\t\t<a href='https:\/\/www.arquimaster.com.ar\/web\/wp-content\/uploads\/2016\/06\/edificio_procrear_cordoba27.jpg' title=\"Edificios de Viviendas PRO.CRE.AR. en C\u00f3rdoba \/ ASN\/nOISE + Alberto Varas y Asociado (detalle escalera)\" data-rl_title=\"Edificios de Viviendas PRO.CRE.AR. en C\u00f3rdoba \/ ASN\/nOISE + Alberto Varas y Asociado (detalle escalera)\" class=\"rl-gallery-link\" data-rl_caption=\"Edificios de Viviendas PRO.CRE.AR. en C\u00f3rdoba \/ ASN\/nOISE + Alberto Varas y Asociado (detalle escalera)\" data-rel=\"lightbox-gallery-1\"><img loading=\"lazy\" decoding=\"async\" width=\"150\" height=\"150\" src=\"https:\/\/www.arquimaster.com.ar\/web\/wp-content\/uploads\/2016\/06\/edificio_procrear_cordoba27-150x150.jpg\" class=\"attachment-thumbnail size-thumbnail\" alt=\"\" aria-describedby=\"gallery-1-20877\" srcset=\"https:\/\/www.arquimaster.com.ar\/web\/wp-content\/uploads\/2016\/06\/edificio_procrear_cordoba27-150x150.jpg 150w, https:\/\/www.arquimaster.com.ar\/web\/wp-content\/uploads\/2016\/06\/edificio_procrear_cordoba27-50x50.jpg 50w, https:\/\/www.arquimaster.com.ar\/web\/wp-content\/uploads\/2016\/06\/edificio_procrear_cordoba27-125x125.jpg 125w\" sizes=\"auto, (max-width: 150px) 100vw, 150px\" \/><\/a>\n\t\t\t<\/div>\n\t\t\t\t<figcaption class='wp-caption-text gallery-caption' id='gallery-1-20877'>\n\t\t\t\tEdificios de Viviendas PRO.CRE.AR. en C\u00f3rdoba \/ ASN\/nOISE + Alberto Varas y Asociado (detalle escalera)\n\t\t\t\t<\/figcaption><\/figure>\n\t\t<\/div>\n\n<p>El proyecto base, compuesto por dos peque\u00f1as manzanas bajas, de media densidad y con un espacio interior comunitario, nos permiti\u00f3 continuar con la reflexi\u00f3n sobre el bloque y la manzana que venimos desarrollando a lo largo de diversas intervenciones en distintas ciudades. Estamos muy contentos con el resultado, con la posibilidad de generar buenos espacios vecinales con presupuestos y t\u00e9cnicas acotadas y creemos que la escala, la imagen, el espacio comunitario, el paisajismo, las tipolog\u00edas, la permeabilidad y la relaci\u00f3n entre las dos manzanas conformar\u00e1n un momento exitoso del Barrio d\u00e1ndole variedad tipol\u00f3gica y una nueva manera de vivir en comunidad.<\/p>\n<p><strong>El proyecto<\/strong><br \/>\nNuestra propuesta para el proyecto de viviendas Tipolog\u00eda M1 del Sector 2 del Barrio Liceo de la Ciudad de C\u00f3rdoba, mantiene el esp\u00edritu del proyecto original, respetando el plan de masas y la volumetr\u00eda urbana general, aunque incorpora una serie de modificaciones que a nuestro entender potencian las virtudes del planteo original en relaci\u00f3n al Master Plan Urbano general.<\/p>\n<p>Consideramos que el Master Plan Urbano del Barrio Liceo posee un trazado que estructura espacialmente al barrio de manera inteligente, y los edificios deben tomar partido de ello. Es por eso que en nuestra propuesta, la volumetr\u00eda incorpora dos aperturas de escala urbana en cada manzana que vinculan el centro de las mismas con los bulevares que las contienen, estableciendo una permeabilidad transversal en sentido Norte-Sur, proponiendo un recorrido peatonal p\u00fablico que dinamiza las plantas bajas, las que en gran porcentaje aloja locales comerciales y concentra los accesos vehiculares y peatonales del conjunto.<\/p>\n<p>Estas plantas bajas poseen un jard\u00edn con capacidad para albergar vegetaci\u00f3n y \u00e1rboles de gran tama\u00f1o, ya que la nueva disposici\u00f3n del Subsuelo libera el coraz\u00f3n de la manzana y permite realizar estas plantaciones, a diferencia del planteo original que ocupaba el centro de manzana imposibilitando que crezcan las especies.<\/p>\n<p>Esta decisi\u00f3n intenta aportar al conjunto un paisaje interior de calidad, enriqueciendo espacial y visualmente los recorridos de acceso a las viviendas y las visuales de las mismas hacia el coraz\u00f3n de las manzanas.<\/p>\n<p>Otra decisi\u00f3n de proyecto fue la de alojar los SUM en los centros de las manzanas, relacionando este uso de car\u00e1cter semi p\u00fablico con el jard\u00edn interior, a diferencia del proyecto original que alojaba este uso en el primer piso, en conexi\u00f3n con las viviendas.<\/p>\n<p>Si bien la propuesta del proyecto base se presenta interesante en t\u00e9rminos formales, volum\u00e9tricos y de lenguaje, en el an\u00e1lisis de las tipolog\u00edas descubrimos que la superposici\u00f3n de plantas hac\u00eda compleja su materializaci\u00f3n en obra, dado que las geometr\u00edas de las plantas no eran coincidentes.<\/p>\n<p>Por eso hemos desarrollado una serie de tipolog\u00edas que, inspiradas en las tipolog\u00edas del proyecto base, corrige estos inconvenientes y regulariza el planteo estructural, simplificando la configuraci\u00f3n espacial del conjunto. Las cantidades de unidades son las mismas que las requeridas en el pliego.<\/p>\n<p>En t\u00e9rminos generales, esta propuesta persigue los lineamientos planteados en el proyecto base, reflexiona sobre su relaci\u00f3n con el contexto, y aporta al paisaje urbano general una arquitectura de lenguaje moderno y de gran riqueza espacial, gracias a la diversidad de situaciones que presenta tanto en sus fachadas sobre l\u00ednea municipal como en sus fachadas interiores.<\/p>\n<p><strong>Ficha t\u00e9cnica<\/strong><br \/>\nNombre: Edificios de Viviendas PRO.CRE.AR. en C\u00f3rdoba<br \/>\nUbicaci\u00f3n: Barrio Liceo, Ciudad de C\u00f3rdoba, Argentina<br \/>\nProyectista: ASN\/nOISE + Alberto Varas y Asociado<br \/>\nConcurso: Concurso de Viviendas PRO.CRE.AR. 6\u00ba Llamado, Sector 2, Barrio Liceo, C\u00f3rdoba, Argentina<br \/>\nOrganizador: Plan Nacional de Viviendas PRO.CRE.AR.<br \/>\nPremio: Primer Premio<br \/>\nArea: 12.281 m2<\/p>\n<p><strong>Contacto:<\/strong> <a href=\"http:\/\/www.asnnoise.com.ar\" target=\"_blank\">http:\/\/www.asnnoise.com.ar<\/a><\/p>\n\n<div style=\"font-size: 0px; height: 0px; line-height: 0px; margin: 0; padding: 0; clear: both;\"><\/div><div style=\"margin-top: 0px; margin-bottom: 0px;\" class=\"sharethis-inline-share-buttons\" ><\/div>","protected":false},"excerpt":{"rendered":"<p>Reflexi\u00f3n sobre el bloque y la manzana, obtuvo 1\u00ba Premio en Concurso para desarrollar sector 2&#8230;<\/p>\n","protected":false},"author":1,"featured_media":20850,"comment_status":"closed","ping_status":"closed","sticky":false,"template":"","format":"standard","meta":{"_uag_custom_page_level_css":"","footnotes":""},"categories":[80,1,81],"tags":[1947,3838,228,87,1431,1432,91],"class_list":["post-20849","post","type-post","status-publish","format-standard","has-post-thumbnail","hentry","category-edificio-viviendas","category-proyecto","category-proyectos-concursos","tag-alberto-varas","tag-asnnoise","tag-cordoba","tag-edificio-de-viviendas","tag-pro-cre-ar","tag-procrear","tag-vivienda-multifamiliar","generate-columns","tablet-grid-50","mobile-grid-100","grid-parent","grid-50"],"yoast_head":"<!-- This site is optimized with the Yoast SEO plugin v27.3 - https:\/\/yoast.com\/product\/yoast-seo-wordpress\/ -->\n<title>Edificios de Viviendas PRO.CRE.AR. en C\u00f3rdoba \/ ASN\/nOISE + Alberto Varas y Asociado - Arquimaster<\/title>\n<meta name=\"robots\" content=\"index, follow, max-snippet:-1, max-image-preview:large, max-video-preview:-1\" \/>\n<link rel=\"canonical\" href=\"https:\/\/www.arquimaster.com.ar\/web\/edificios-de-viviendas-pro-cre-ar-en-cordoba-asnnoise-alberto-varas-y-asociado\/\" \/>\n<meta property=\"og:locale\" content=\"es_ES\" \/>\n<meta property=\"og:type\" content=\"article\" \/>\n<meta property=\"og:title\" content=\"Edificios de Viviendas PRO.CRE.AR. en C\u00f3rdoba \/ ASN\/nOISE + Alberto Varas y Asociado - Arquimaster\" \/>\n<meta property=\"og:description\" content=\"Reflexi\u00f3n sobre el bloque y la manzana, obtuvo 1\u00ba Premio en Concurso para desarrollar sector 2...\" \/>\n<meta property=\"og:url\" content=\"https:\/\/www.arquimaster.com.ar\/web\/edificios-de-viviendas-pro-cre-ar-en-cordoba-asnnoise-alberto-varas-y-asociado\/\" \/>\n<meta property=\"og:site_name\" content=\"Arquimaster\" \/>\n<meta property=\"article:publisher\" content=\"http:\/\/www.facebook.com\/ARQUIMASTER.com.ar\" \/>\n<meta property=\"article:published_time\" content=\"2016-06-01T20:17:20+00:00\" \/>\n<meta property=\"article:modified_time\" content=\"2016-06-05T20:37:55+00:00\" \/>\n<meta property=\"og:image\" content=\"https:\/\/www.arquimaster.com.ar\/web\/wp-content\/uploads\/2016\/06\/edificio_procrear_cordoba_slide.jpg\" \/>\n\t<meta property=\"og:image:width\" content=\"642\" \/>\n\t<meta property=\"og:image:height\" content=\"336\" \/>\n\t<meta property=\"og:image:type\" content=\"image\/jpeg\" \/>\n<meta name=\"author\" content=\"Arquimaster\" \/>\n<meta name=\"twitter:card\" content=\"summary_large_image\" \/>\n<meta name=\"twitter:creator\" content=\"@arquimaster\" \/>\n<meta name=\"twitter:site\" content=\"@arquimaster\" \/>\n<meta name=\"twitter:label1\" content=\"Escrito por\" \/>\n\t<meta name=\"twitter:data1\" content=\"Arquimaster\" \/>\n\t<meta name=\"twitter:label2\" content=\"Tiempo de lectura\" \/>\n\t<meta name=\"twitter:data2\" content=\"4 minutos\" \/>\n<script type=\"application\/ld+json\" class=\"yoast-schema-graph\">{\"@context\":\"https:\\\/\\\/schema.org\",\"@graph\":[{\"@type\":\"Article\",\"@id\":\"https:\\\/\\\/www.arquimaster.com.ar\\\/web\\\/edificios-de-viviendas-pro-cre-ar-en-cordoba-asnnoise-alberto-varas-y-asociado\\\/#article\",\"isPartOf\":{\"@id\":\"https:\\\/\\\/www.arquimaster.com.ar\\\/web\\\/edificios-de-viviendas-pro-cre-ar-en-cordoba-asnnoise-alberto-varas-y-asociado\\\/\"},\"author\":{\"name\":\"Arquimaster\",\"@id\":\"https:\\\/\\\/www.arquimaster.com.ar\\\/web\\\/#\\\/schema\\\/person\\\/359e9f7c00193fcde068e0dd2ceb0028\"},\"headline\":\"Edificios de Viviendas PRO.CRE.AR. en C\u00f3rdoba \\\/ ASN\\\/nOISE + Alberto Varas y Asociado\",\"datePublished\":\"2016-06-01T20:17:20+00:00\",\"dateModified\":\"2016-06-05T20:37:55+00:00\",\"mainEntityOfPage\":{\"@id\":\"https:\\\/\\\/www.arquimaster.com.ar\\\/web\\\/edificios-de-viviendas-pro-cre-ar-en-cordoba-asnnoise-alberto-varas-y-asociado\\\/\"},\"wordCount\":769,\"publisher\":{\"@id\":\"https:\\\/\\\/www.arquimaster.com.ar\\\/web\\\/#organization\"},\"image\":{\"@id\":\"https:\\\/\\\/www.arquimaster.com.ar\\\/web\\\/edificios-de-viviendas-pro-cre-ar-en-cordoba-asnnoise-alberto-varas-y-asociado\\\/#primaryimage\"},\"thumbnailUrl\":\"https:\\\/\\\/www.arquimaster.com.ar\\\/web\\\/wp-content\\\/uploads\\\/2016\\\/06\\\/edificio_procrear_cordoba_slide.jpg\",\"keywords\":[\"Alberto Varas\",\"ASN\\\/nOISE\",\"C\u00f3rdoba\",\"edificio de viviendas\",\"PRO.CRE.AR.\",\"Procrear\",\"vivienda multifamiliar\"],\"articleSection\":[\"Edificios de viviendas\",\"Proyecto\",\"Proyectos para Concursos\"],\"inLanguage\":\"es\"},{\"@type\":\"WebPage\",\"@id\":\"https:\\\/\\\/www.arquimaster.com.ar\\\/web\\\/edificios-de-viviendas-pro-cre-ar-en-cordoba-asnnoise-alberto-varas-y-asociado\\\/\",\"url\":\"https:\\\/\\\/www.arquimaster.com.ar\\\/web\\\/edificios-de-viviendas-pro-cre-ar-en-cordoba-asnnoise-alberto-varas-y-asociado\\\/\",\"name\":\"Edificios de Viviendas PRO.CRE.AR. en C\u00f3rdoba \\\/ ASN\\\/nOISE + Alberto Varas y Asociado - Arquimaster\",\"isPartOf\":{\"@id\":\"https:\\\/\\\/www.arquimaster.com.ar\\\/web\\\/#website\"},\"primaryImageOfPage\":{\"@id\":\"https:\\\/\\\/www.arquimaster.com.ar\\\/web\\\/edificios-de-viviendas-pro-cre-ar-en-cordoba-asnnoise-alberto-varas-y-asociado\\\/#primaryimage\"},\"image\":{\"@id\":\"https:\\\/\\\/www.arquimaster.com.ar\\\/web\\\/edificios-de-viviendas-pro-cre-ar-en-cordoba-asnnoise-alberto-varas-y-asociado\\\/#primaryimage\"},\"thumbnailUrl\":\"https:\\\/\\\/www.arquimaster.com.ar\\\/web\\\/wp-content\\\/uploads\\\/2016\\\/06\\\/edificio_procrear_cordoba_slide.jpg\",\"datePublished\":\"2016-06-01T20:17:20+00:00\",\"dateModified\":\"2016-06-05T20:37:55+00:00\",\"breadcrumb\":{\"@id\":\"https:\\\/\\\/www.arquimaster.com.ar\\\/web\\\/edificios-de-viviendas-pro-cre-ar-en-cordoba-asnnoise-alberto-varas-y-asociado\\\/#breadcrumb\"},\"inLanguage\":\"es\",\"potentialAction\":[{\"@type\":\"ReadAction\",\"target\":[\"https:\\\/\\\/www.arquimaster.com.ar\\\/web\\\/edificios-de-viviendas-pro-cre-ar-en-cordoba-asnnoise-alberto-varas-y-asociado\\\/\"]}]},{\"@type\":\"ImageObject\",\"inLanguage\":\"es\",\"@id\":\"https:\\\/\\\/www.arquimaster.com.ar\\\/web\\\/edificios-de-viviendas-pro-cre-ar-en-cordoba-asnnoise-alberto-varas-y-asociado\\\/#primaryimage\",\"url\":\"https:\\\/\\\/www.arquimaster.com.ar\\\/web\\\/wp-content\\\/uploads\\\/2016\\\/06\\\/edificio_procrear_cordoba_slide.jpg\",\"contentUrl\":\"https:\\\/\\\/www.arquimaster.com.ar\\\/web\\\/wp-content\\\/uploads\\\/2016\\\/06\\\/edificio_procrear_cordoba_slide.jpg\",\"width\":642,\"height\":336},{\"@type\":\"BreadcrumbList\",\"@id\":\"https:\\\/\\\/www.arquimaster.com.ar\\\/web\\\/edificios-de-viviendas-pro-cre-ar-en-cordoba-asnnoise-alberto-varas-y-asociado\\\/#breadcrumb\",\"itemListElement\":[{\"@type\":\"ListItem\",\"position\":1,\"name\":\"Portada\",\"item\":\"https:\\\/\\\/www.arquimaster.com.ar\\\/web\\\/\"},{\"@type\":\"ListItem\",\"position\":2,\"name\":\"Edificios de Viviendas PRO.CRE.AR. en C\u00f3rdoba \\\/ ASN\\\/nOISE + Alberto Varas y Asociado\"}]},{\"@type\":\"WebSite\",\"@id\":\"https:\\\/\\\/www.arquimaster.com.ar\\\/web\\\/#website\",\"url\":\"https:\\\/\\\/www.arquimaster.com.ar\\\/web\\\/\",\"name\":\"Arquimaster\",\"description\":\"Web de arquitectura, dise\u00f1o y construccion\",\"publisher\":{\"@id\":\"https:\\\/\\\/www.arquimaster.com.ar\\\/web\\\/#organization\"},\"potentialAction\":[{\"@type\":\"SearchAction\",\"target\":{\"@type\":\"EntryPoint\",\"urlTemplate\":\"https:\\\/\\\/www.arquimaster.com.ar\\\/web\\\/?s={search_term_string}\"},\"query-input\":{\"@type\":\"PropertyValueSpecification\",\"valueRequired\":true,\"valueName\":\"search_term_string\"}}],\"inLanguage\":\"es\"},{\"@type\":\"Organization\",\"@id\":\"https:\\\/\\\/www.arquimaster.com.ar\\\/web\\\/#organization\",\"name\":\"Arquimaster\",\"url\":\"https:\\\/\\\/www.arquimaster.com.ar\\\/web\\\/\",\"logo\":{\"@type\":\"ImageObject\",\"inLanguage\":\"es\",\"@id\":\"https:\\\/\\\/www.arquimaster.com.ar\\\/web\\\/#\\\/schema\\\/logo\\\/image\\\/\",\"url\":\"https:\\\/\\\/www.arquimaster.com.ar\\\/web\\\/wp-content\\\/uploads\\\/2022\\\/06\\\/arquimaster.png\",\"contentUrl\":\"https:\\\/\\\/www.arquimaster.com.ar\\\/web\\\/wp-content\\\/uploads\\\/2022\\\/06\\\/arquimaster.png\",\"width\":594,\"height\":78,\"caption\":\"Arquimaster\"},\"image\":{\"@id\":\"https:\\\/\\\/www.arquimaster.com.ar\\\/web\\\/#\\\/schema\\\/logo\\\/image\\\/\"},\"sameAs\":[\"http:\\\/\\\/www.facebook.com\\\/ARQUIMASTER.com.ar\",\"https:\\\/\\\/x.com\\\/arquimaster\",\"https:\\\/\\\/www.instagram.com\\\/arquimasterblog\\\/\",\"https:\\\/\\\/www.linkedin.com\\\/company\\\/arquimaster\",\"https:\\\/\\\/www.pinterest.com\\\/arquimaster\",\"https:\\\/\\\/t.me\\\/arquimaster\"]},{\"@type\":\"Person\",\"@id\":\"https:\\\/\\\/www.arquimaster.com.ar\\\/web\\\/#\\\/schema\\\/person\\\/359e9f7c00193fcde068e0dd2ceb0028\",\"name\":\"Arquimaster\"}]}<\/script>\n<!-- \/ Yoast SEO plugin. -->","yoast_head_json":{"title":"Edificios de Viviendas PRO.CRE.AR. en C\u00f3rdoba \/ ASN\/nOISE + Alberto Varas y Asociado - Arquimaster","robots":{"index":"index","follow":"follow","max-snippet":"max-snippet:-1","max-image-preview":"max-image-preview:large","max-video-preview":"max-video-preview:-1"},"canonical":"https:\/\/www.arquimaster.com.ar\/web\/edificios-de-viviendas-pro-cre-ar-en-cordoba-asnnoise-alberto-varas-y-asociado\/","og_locale":"es_ES","og_type":"article","og_title":"Edificios de Viviendas PRO.CRE.AR. en C\u00f3rdoba \/ ASN\/nOISE + Alberto Varas y Asociado - Arquimaster","og_description":"Reflexi\u00f3n sobre el bloque y la manzana, obtuvo 1\u00ba Premio en Concurso para desarrollar sector 2...","og_url":"https:\/\/www.arquimaster.com.ar\/web\/edificios-de-viviendas-pro-cre-ar-en-cordoba-asnnoise-alberto-varas-y-asociado\/","og_site_name":"Arquimaster","article_publisher":"http:\/\/www.facebook.com\/ARQUIMASTER.com.ar","article_published_time":"2016-06-01T20:17:20+00:00","article_modified_time":"2016-06-05T20:37:55+00:00","og_image":[{"width":642,"height":336,"url":"https:\/\/www.arquimaster.com.ar\/web\/wp-content\/uploads\/2016\/06\/edificio_procrear_cordoba_slide.jpg","type":"image\/jpeg"}],"author":"Arquimaster","twitter_card":"summary_large_image","twitter_creator":"@arquimaster","twitter_site":"@arquimaster","twitter_misc":{"Escrito por":"Arquimaster","Tiempo de lectura":"4 minutos"},"schema":{"@context":"https:\/\/schema.org","@graph":[{"@type":"Article","@id":"https:\/\/www.arquimaster.com.ar\/web\/edificios-de-viviendas-pro-cre-ar-en-cordoba-asnnoise-alberto-varas-y-asociado\/#article","isPartOf":{"@id":"https:\/\/www.arquimaster.com.ar\/web\/edificios-de-viviendas-pro-cre-ar-en-cordoba-asnnoise-alberto-varas-y-asociado\/"},"author":{"name":"Arquimaster","@id":"https:\/\/www.arquimaster.com.ar\/web\/#\/schema\/person\/359e9f7c00193fcde068e0dd2ceb0028"},"headline":"Edificios de Viviendas PRO.CRE.AR. en C\u00f3rdoba \/ ASN\/nOISE + Alberto Varas y Asociado","datePublished":"2016-06-01T20:17:20+00:00","dateModified":"2016-06-05T20:37:55+00:00","mainEntityOfPage":{"@id":"https:\/\/www.arquimaster.com.ar\/web\/edificios-de-viviendas-pro-cre-ar-en-cordoba-asnnoise-alberto-varas-y-asociado\/"},"wordCount":769,"publisher":{"@id":"https:\/\/www.arquimaster.com.ar\/web\/#organization"},"image":{"@id":"https:\/\/www.arquimaster.com.ar\/web\/edificios-de-viviendas-pro-cre-ar-en-cordoba-asnnoise-alberto-varas-y-asociado\/#primaryimage"},"thumbnailUrl":"https:\/\/www.arquimaster.com.ar\/web\/wp-content\/uploads\/2016\/06\/edificio_procrear_cordoba_slide.jpg","keywords":["Alberto Varas","ASN\/nOISE","C\u00f3rdoba","edificio de viviendas","PRO.CRE.AR.","Procrear","vivienda multifamiliar"],"articleSection":["Edificios de viviendas","Proyecto","Proyectos para Concursos"],"inLanguage":"es"},{"@type":"WebPage","@id":"https:\/\/www.arquimaster.com.ar\/web\/edificios-de-viviendas-pro-cre-ar-en-cordoba-asnnoise-alberto-varas-y-asociado\/","url":"https:\/\/www.arquimaster.com.ar\/web\/edificios-de-viviendas-pro-cre-ar-en-cordoba-asnnoise-alberto-varas-y-asociado\/","name":"Edificios de Viviendas PRO.CRE.AR. en C\u00f3rdoba \/ ASN\/nOISE + Alberto Varas y Asociado - Arquimaster","isPartOf":{"@id":"https:\/\/www.arquimaster.com.ar\/web\/#website"},"primaryImageOfPage":{"@id":"https:\/\/www.arquimaster.com.ar\/web\/edificios-de-viviendas-pro-cre-ar-en-cordoba-asnnoise-alberto-varas-y-asociado\/#primaryimage"},"image":{"@id":"https:\/\/www.arquimaster.com.ar\/web\/edificios-de-viviendas-pro-cre-ar-en-cordoba-asnnoise-alberto-varas-y-asociado\/#primaryimage"},"thumbnailUrl":"https:\/\/www.arquimaster.com.ar\/web\/wp-content\/uploads\/2016\/06\/edificio_procrear_cordoba_slide.jpg","datePublished":"2016-06-01T20:17:20+00:00","dateModified":"2016-06-05T20:37:55+00:00","breadcrumb":{"@id":"https:\/\/www.arquimaster.com.ar\/web\/edificios-de-viviendas-pro-cre-ar-en-cordoba-asnnoise-alberto-varas-y-asociado\/#breadcrumb"},"inLanguage":"es","potentialAction":[{"@type":"ReadAction","target":["https:\/\/www.arquimaster.com.ar\/web\/edificios-de-viviendas-pro-cre-ar-en-cordoba-asnnoise-alberto-varas-y-asociado\/"]}]},{"@type":"ImageObject","inLanguage":"es","@id":"https:\/\/www.arquimaster.com.ar\/web\/edificios-de-viviendas-pro-cre-ar-en-cordoba-asnnoise-alberto-varas-y-asociado\/#primaryimage","url":"https:\/\/www.arquimaster.com.ar\/web\/wp-content\/uploads\/2016\/06\/edificio_procrear_cordoba_slide.jpg","contentUrl":"https:\/\/www.arquimaster.com.ar\/web\/wp-content\/uploads\/2016\/06\/edificio_procrear_cordoba_slide.jpg","width":642,"height":336},{"@type":"BreadcrumbList","@id":"https:\/\/www.arquimaster.com.ar\/web\/edificios-de-viviendas-pro-cre-ar-en-cordoba-asnnoise-alberto-varas-y-asociado\/#breadcrumb","itemListElement":[{"@type":"ListItem","position":1,"name":"Portada","item":"https:\/\/www.arquimaster.com.ar\/web\/"},{"@type":"ListItem","position":2,"name":"Edificios de Viviendas PRO.CRE.AR. en C\u00f3rdoba \/ ASN\/nOISE + Alberto Varas y Asociado"}]},{"@type":"WebSite","@id":"https:\/\/www.arquimaster.com.ar\/web\/#website","url":"https:\/\/www.arquimaster.com.ar\/web\/","name":"Arquimaster","description":"Web de arquitectura, dise\u00f1o y construccion","publisher":{"@id":"https:\/\/www.arquimaster.com.ar\/web\/#organization"},"potentialAction":[{"@type":"SearchAction","target":{"@type":"EntryPoint","urlTemplate":"https:\/\/www.arquimaster.com.ar\/web\/?s={search_term_string}"},"query-input":{"@type":"PropertyValueSpecification","valueRequired":true,"valueName":"search_term_string"}}],"inLanguage":"es"},{"@type":"Organization","@id":"https:\/\/www.arquimaster.com.ar\/web\/#organization","name":"Arquimaster","url":"https:\/\/www.arquimaster.com.ar\/web\/","logo":{"@type":"ImageObject","inLanguage":"es","@id":"https:\/\/www.arquimaster.com.ar\/web\/#\/schema\/logo\/image\/","url":"https:\/\/www.arquimaster.com.ar\/web\/wp-content\/uploads\/2022\/06\/arquimaster.png","contentUrl":"https:\/\/www.arquimaster.com.ar\/web\/wp-content\/uploads\/2022\/06\/arquimaster.png","width":594,"height":78,"caption":"Arquimaster"},"image":{"@id":"https:\/\/www.arquimaster.com.ar\/web\/#\/schema\/logo\/image\/"},"sameAs":["http:\/\/www.facebook.com\/ARQUIMASTER.com.ar","https:\/\/x.com\/arquimaster","https:\/\/www.instagram.com\/arquimasterblog\/","https:\/\/www.linkedin.com\/company\/arquimaster","https:\/\/www.pinterest.com\/arquimaster","https:\/\/t.me\/arquimaster"]},{"@type":"Person","@id":"https:\/\/www.arquimaster.com.ar\/web\/#\/schema\/person\/359e9f7c00193fcde068e0dd2ceb0028","name":"Arquimaster"}]}},"uagb_featured_image_src":{"full":["https:\/\/www.arquimaster.com.ar\/web\/wp-content\/uploads\/2016\/06\/edificio_procrear_cordoba_slide.jpg",642,336,false],"thumbnail":["https:\/\/www.arquimaster.com.ar\/web\/wp-content\/uploads\/2016\/06\/edificio_procrear_cordoba_slide-150x150.jpg",150,150,true],"medium":["https:\/\/www.arquimaster.com.ar\/web\/wp-content\/uploads\/2016\/06\/edificio_procrear_cordoba_slide.jpg",642,336,false],"medium_large":["https:\/\/www.arquimaster.com.ar\/web\/wp-content\/uploads\/2016\/06\/edificio_procrear_cordoba_slide.jpg",642,336,false],"large":["https:\/\/www.arquimaster.com.ar\/web\/wp-content\/uploads\/2016\/06\/edificio_procrear_cordoba_slide.jpg",642,336,false],"1536x1536":["https:\/\/www.arquimaster.com.ar\/web\/wp-content\/uploads\/2016\/06\/edificio_procrear_cordoba_slide.jpg",642,336,false],"2048x2048":["https:\/\/www.arquimaster.com.ar\/web\/wp-content\/uploads\/2016\/06\/edificio_procrear_cordoba_slide.jpg",642,336,false]},"uagb_author_info":{"display_name":"Arquimaster","author_link":"https:\/\/www.arquimaster.com.ar\/web\/author\/arquimaster\/"},"uagb_comment_info":0,"uagb_excerpt":"Reflexi\u00f3n sobre el bloque y la manzana, obtuvo 1\u00ba Premio en Concurso para desarrollar sector 2...","_links":{"self":[{"href":"https:\/\/www.arquimaster.com.ar\/web\/wp-json\/wp\/v2\/posts\/20849","targetHints":{"allow":["GET"]}}],"collection":[{"href":"https:\/\/www.arquimaster.com.ar\/web\/wp-json\/wp\/v2\/posts"}],"about":[{"href":"https:\/\/www.arquimaster.com.ar\/web\/wp-json\/wp\/v2\/types\/post"}],"author":[{"embeddable":true,"href":"https:\/\/www.arquimaster.com.ar\/web\/wp-json\/wp\/v2\/users\/1"}],"replies":[{"embeddable":true,"href":"https:\/\/www.arquimaster.com.ar\/web\/wp-json\/wp\/v2\/comments?post=20849"}],"version-history":[{"count":0,"href":"https:\/\/www.arquimaster.com.ar\/web\/wp-json\/wp\/v2\/posts\/20849\/revisions"}],"wp:featuredmedia":[{"embeddable":true,"href":"https:\/\/www.arquimaster.com.ar\/web\/wp-json\/wp\/v2\/media\/20850"}],"wp:attachment":[{"href":"https:\/\/www.arquimaster.com.ar\/web\/wp-json\/wp\/v2\/media?parent=20849"}],"wp:term":[{"taxonomy":"category","embeddable":true,"href":"https:\/\/www.arquimaster.com.ar\/web\/wp-json\/wp\/v2\/categories?post=20849"},{"taxonomy":"post_tag","embeddable":true,"href":"https:\/\/www.arquimaster.com.ar\/web\/wp-json\/wp\/v2\/tags?post=20849"}],"curies":[{"name":"wp","href":"https:\/\/api.w.org\/{rel}","templated":true}]}}