{"id":20972,"date":"2016-06-20T22:02:38","date_gmt":"2016-06-20T22:02:38","guid":{"rendered":"http:\/\/www.arquimaster.com.ar\/web\/?p=20972"},"modified":"2016-06-25T22:11:27","modified_gmt":"2016-06-25T22:11:27","slug":"clinica-dental-valles-valles-ylab-arquitectos-barcelona","status":"publish","type":"post","link":"https:\/\/www.arquimaster.com.ar\/web\/clinica-dental-valles-valles-ylab-arquitectos-barcelona\/","title":{"rendered":"Clinica Dental Valles &#038; Valles \/ YLAB Arquitectos Barcelona"},"content":{"rendered":"<div style=\"margin-top: 0px; margin-bottom: 0px;\" class=\"sharethis-inline-share-buttons\" ><\/div><div class=\"b812932af2e751442846f039925109de\" data-index=\"1\" style=\"float: none; margin:25px 0 25px 0; text-align:center;\">\n<script async src=\"https:\/\/pagead2.googlesyndication.com\/pagead\/js\/adsbygoogle.js\"><\/script>\r\n<!-- Arquimaster (superior) -->\r\n<ins class=\"adsbygoogle\"\r\n     style=\"display:block\"\r\n     data-ad-client=\"ca-pub-6351072698456832\"\r\n     data-ad-slot=\"6455489680\"\r\n     data-ad-format=\"auto\"\r\n     data-full-width-responsive=\"true\"><\/ins>\r\n<script>\r\n     (adsbygoogle = window.adsbygoogle || []).push({});\r\n<\/script>\n<\/div>\n<p><strong>Clinica Dental Valles &amp; Valles<\/strong> (Barrio del Ensanche, Barcelona) por <strong>YLAB Arquitectos Barcelona<\/strong>. El proyecto consiste en la imagen de marca y el interiorismo de una cl\u00ednica dental situada frente al hospital modernista de Sant Pau en Barcelona. La cl\u00ednica ocupa la planta primera del edificio, en lo que originalmente eran dos viviendas que se unieron en su d\u00eda para formar la cl\u00ednica.<\/p>\n<div id='gallery-1' class='gallery galleryid-20972 gallery-columns-3 gallery-size-thumbnail'><figure class='gallery-item'>\n\t\t\t<div class='gallery-icon landscape'>\n\t\t\t\t<a href='https:\/\/www.arquimaster.com.ar\/web\/wp-content\/uploads\/2016\/06\/clinica_dental_valles1.jpg' title=\"Clinica Dental Valles &amp; Valles \/ YLAB Arquitectos Barcelona (\u00a9 Eugeni Pons)\" data-rl_title=\"Clinica Dental Valles &amp; Valles \/ YLAB Arquitectos Barcelona (\u00a9 Eugeni Pons)\" class=\"rl-gallery-link\" data-rl_caption=\"Clinica Dental Valles &amp; Valles \/ YLAB Arquitectos Barcelona (\u00a9 Eugeni Pons)\" data-rel=\"lightbox-gallery-1\"><img loading=\"lazy\" decoding=\"async\" width=\"150\" height=\"150\" src=\"https:\/\/www.arquimaster.com.ar\/web\/wp-content\/uploads\/2016\/06\/clinica_dental_valles1-150x150.jpg\" class=\"attachment-thumbnail size-thumbnail\" alt=\"\" aria-describedby=\"gallery-1-20974\" srcset=\"https:\/\/www.arquimaster.com.ar\/web\/wp-content\/uploads\/2016\/06\/clinica_dental_valles1-150x150.jpg 150w, https:\/\/www.arquimaster.com.ar\/web\/wp-content\/uploads\/2016\/06\/clinica_dental_valles1-50x50.jpg 50w, https:\/\/www.arquimaster.com.ar\/web\/wp-content\/uploads\/2016\/06\/clinica_dental_valles1-125x125.jpg 125w\" sizes=\"auto, (max-width: 150px) 100vw, 150px\" \/><\/a>\n\t\t\t<\/div>\n\t\t\t\t<figcaption class='wp-caption-text gallery-caption' id='gallery-1-20974'>\n\t\t\t\tClinica Dental Valles &#038; Valles \/ YLAB Arquitectos Barcelona (\u00a9 Eugeni Pons)\n\t\t\t\t<\/figcaption><\/figure><figure class='gallery-item'>\n\t\t\t<div class='gallery-icon landscape'>\n\t\t\t\t<a href='https:\/\/www.arquimaster.com.ar\/web\/wp-content\/uploads\/2016\/06\/clinica_dental_valles2.jpg' title=\"Clinica Dental Valles &amp; Valles \/ YLAB Arquitectos Barcelona (\u00a9 Eugeni Pons)\" data-rl_title=\"Clinica Dental Valles &amp; Valles \/ YLAB Arquitectos Barcelona (\u00a9 Eugeni Pons)\" class=\"rl-gallery-link\" data-rl_caption=\"Clinica Dental Valles &amp; Valles \/ YLAB Arquitectos Barcelona (\u00a9 Eugeni Pons)\" data-rel=\"lightbox-gallery-1\"><img loading=\"lazy\" decoding=\"async\" width=\"150\" height=\"150\" src=\"https:\/\/www.arquimaster.com.ar\/web\/wp-content\/uploads\/2016\/06\/clinica_dental_valles2-150x150.jpg\" class=\"attachment-thumbnail size-thumbnail\" alt=\"\" aria-describedby=\"gallery-1-20975\" srcset=\"https:\/\/www.arquimaster.com.ar\/web\/wp-content\/uploads\/2016\/06\/clinica_dental_valles2-150x150.jpg 150w, https:\/\/www.arquimaster.com.ar\/web\/wp-content\/uploads\/2016\/06\/clinica_dental_valles2-50x50.jpg 50w, https:\/\/www.arquimaster.com.ar\/web\/wp-content\/uploads\/2016\/06\/clinica_dental_valles2-125x125.jpg 125w\" sizes=\"auto, (max-width: 150px) 100vw, 150px\" \/><\/a>\n\t\t\t<\/div>\n\t\t\t\t<figcaption class='wp-caption-text gallery-caption' id='gallery-1-20975'>\n\t\t\t\tClinica Dental Valles &#038; Valles \/ YLAB Arquitectos Barcelona (\u00a9 Eugeni Pons)\n\t\t\t\t<\/figcaption><\/figure><figure class='gallery-item'>\n\t\t\t<div class='gallery-icon portrait'>\n\t\t\t\t<a href='https:\/\/www.arquimaster.com.ar\/web\/wp-content\/uploads\/2016\/06\/clinica_dental_valles3.jpg' title=\"Clinica Dental Valles &amp; Valles \/ YLAB Arquitectos Barcelona (\u00a9 Eugeni Pons)\" data-rl_title=\"Clinica Dental Valles &amp; Valles \/ YLAB Arquitectos Barcelona (\u00a9 Eugeni Pons)\" class=\"rl-gallery-link\" data-rl_caption=\"Clinica Dental Valles &amp; Valles \/ YLAB Arquitectos Barcelona (\u00a9 Eugeni Pons)\" data-rel=\"lightbox-gallery-1\"><img loading=\"lazy\" decoding=\"async\" width=\"150\" height=\"150\" src=\"https:\/\/www.arquimaster.com.ar\/web\/wp-content\/uploads\/2016\/06\/clinica_dental_valles3-150x150.jpg\" class=\"attachment-thumbnail size-thumbnail\" alt=\"\" aria-describedby=\"gallery-1-20976\" srcset=\"https:\/\/www.arquimaster.com.ar\/web\/wp-content\/uploads\/2016\/06\/clinica_dental_valles3-150x150.jpg 150w, https:\/\/www.arquimaster.com.ar\/web\/wp-content\/uploads\/2016\/06\/clinica_dental_valles3-50x50.jpg 50w, https:\/\/www.arquimaster.com.ar\/web\/wp-content\/uploads\/2016\/06\/clinica_dental_valles3-125x125.jpg 125w\" sizes=\"auto, (max-width: 150px) 100vw, 150px\" \/><\/a>\n\t\t\t<\/div>\n\t\t\t\t<figcaption class='wp-caption-text gallery-caption' id='gallery-1-20976'>\n\t\t\t\tClinica Dental Valles &#038; Valles \/ YLAB Arquitectos Barcelona (\u00a9 Eugeni Pons)\n\t\t\t\t<\/figcaption><\/figure><figure class='gallery-item'>\n\t\t\t<div class='gallery-icon portrait'>\n\t\t\t\t<a href='https:\/\/www.arquimaster.com.ar\/web\/wp-content\/uploads\/2016\/06\/clinica_dental_valles4.jpg' title=\"Clinica Dental Valles &amp; Valles \/ YLAB Arquitectos Barcelona (\u00a9 Eugeni Pons)\" data-rl_title=\"Clinica Dental Valles &amp; Valles \/ YLAB Arquitectos Barcelona (\u00a9 Eugeni Pons)\" class=\"rl-gallery-link\" data-rl_caption=\"Clinica Dental Valles &amp; Valles \/ YLAB Arquitectos Barcelona (\u00a9 Eugeni Pons)\" data-rel=\"lightbox-gallery-1\"><img loading=\"lazy\" decoding=\"async\" width=\"150\" height=\"150\" src=\"https:\/\/www.arquimaster.com.ar\/web\/wp-content\/uploads\/2016\/06\/clinica_dental_valles4-150x150.jpg\" class=\"attachment-thumbnail size-thumbnail\" alt=\"\" aria-describedby=\"gallery-1-20977\" srcset=\"https:\/\/www.arquimaster.com.ar\/web\/wp-content\/uploads\/2016\/06\/clinica_dental_valles4-150x150.jpg 150w, https:\/\/www.arquimaster.com.ar\/web\/wp-content\/uploads\/2016\/06\/clinica_dental_valles4-50x50.jpg 50w, https:\/\/www.arquimaster.com.ar\/web\/wp-content\/uploads\/2016\/06\/clinica_dental_valles4-125x125.jpg 125w\" sizes=\"auto, (max-width: 150px) 100vw, 150px\" \/><\/a>\n\t\t\t<\/div>\n\t\t\t\t<figcaption class='wp-caption-text gallery-caption' id='gallery-1-20977'>\n\t\t\t\tClinica Dental Valles &#038; Valles \/ YLAB Arquitectos Barcelona (\u00a9 Eugeni Pons)\n\t\t\t\t<\/figcaption><\/figure><figure class='gallery-item'>\n\t\t\t<div class='gallery-icon portrait'>\n\t\t\t\t<a href='https:\/\/www.arquimaster.com.ar\/web\/wp-content\/uploads\/2016\/06\/clinica_dental_valles5.jpg' title=\"Clinica Dental Valles &amp; Valles \/ YLAB Arquitectos Barcelona (\u00a9 Eugeni Pons)\" data-rl_title=\"Clinica Dental Valles &amp; Valles \/ YLAB Arquitectos Barcelona (\u00a9 Eugeni Pons)\" class=\"rl-gallery-link\" data-rl_caption=\"Clinica Dental Valles &amp; Valles \/ YLAB Arquitectos Barcelona (\u00a9 Eugeni Pons)\" data-rel=\"lightbox-gallery-1\"><img loading=\"lazy\" decoding=\"async\" width=\"150\" height=\"150\" src=\"https:\/\/www.arquimaster.com.ar\/web\/wp-content\/uploads\/2016\/06\/clinica_dental_valles5-150x150.jpg\" class=\"attachment-thumbnail size-thumbnail\" alt=\"\" aria-describedby=\"gallery-1-20978\" srcset=\"https:\/\/www.arquimaster.com.ar\/web\/wp-content\/uploads\/2016\/06\/clinica_dental_valles5-150x150.jpg 150w, https:\/\/www.arquimaster.com.ar\/web\/wp-content\/uploads\/2016\/06\/clinica_dental_valles5-50x50.jpg 50w, https:\/\/www.arquimaster.com.ar\/web\/wp-content\/uploads\/2016\/06\/clinica_dental_valles5-125x125.jpg 125w\" sizes=\"auto, (max-width: 150px) 100vw, 150px\" \/><\/a>\n\t\t\t<\/div>\n\t\t\t\t<figcaption class='wp-caption-text gallery-caption' id='gallery-1-20978'>\n\t\t\t\tClinica Dental Valles &#038; Valles \/ YLAB Arquitectos Barcelona (\u00a9 Eugeni Pons)\n\t\t\t\t<\/figcaption><\/figure><figure class='gallery-item'>\n\t\t\t<div class='gallery-icon portrait'>\n\t\t\t\t<a href='https:\/\/www.arquimaster.com.ar\/web\/wp-content\/uploads\/2016\/06\/clinica_dental_valles6.jpg' title=\"Clinica Dental Valles &amp; Valles \/ YLAB Arquitectos Barcelona (\u00a9 Eugeni Pons)\" data-rl_title=\"Clinica Dental Valles &amp; Valles \/ YLAB Arquitectos Barcelona (\u00a9 Eugeni Pons)\" class=\"rl-gallery-link\" data-rl_caption=\"Clinica Dental Valles &amp; Valles \/ YLAB Arquitectos Barcelona (\u00a9 Eugeni Pons)\" data-rel=\"lightbox-gallery-1\"><img loading=\"lazy\" decoding=\"async\" width=\"150\" height=\"150\" src=\"https:\/\/www.arquimaster.com.ar\/web\/wp-content\/uploads\/2016\/06\/clinica_dental_valles6-150x150.jpg\" class=\"attachment-thumbnail size-thumbnail\" alt=\"\" aria-describedby=\"gallery-1-20979\" srcset=\"https:\/\/www.arquimaster.com.ar\/web\/wp-content\/uploads\/2016\/06\/clinica_dental_valles6-150x150.jpg 150w, https:\/\/www.arquimaster.com.ar\/web\/wp-content\/uploads\/2016\/06\/clinica_dental_valles6-50x50.jpg 50w, https:\/\/www.arquimaster.com.ar\/web\/wp-content\/uploads\/2016\/06\/clinica_dental_valles6-125x125.jpg 125w\" sizes=\"auto, (max-width: 150px) 100vw, 150px\" \/><\/a>\n\t\t\t<\/div>\n\t\t\t\t<figcaption class='wp-caption-text gallery-caption' id='gallery-1-20979'>\n\t\t\t\tClinica Dental Valles &#038; Valles \/ YLAB Arquitectos Barcelona (\u00a9 Eugeni Pons)\n\t\t\t\t<\/figcaption><\/figure><figure class='gallery-item'>\n\t\t\t<div class='gallery-icon portrait'>\n\t\t\t\t<a href='https:\/\/www.arquimaster.com.ar\/web\/wp-content\/uploads\/2016\/06\/clinica_dental_valles7.jpg' title=\"Clinica Dental Valles &amp; Valles \/ YLAB Arquitectos Barcelona (\u00a9 Eugeni Pons)\" data-rl_title=\"Clinica Dental Valles &amp; Valles \/ YLAB Arquitectos Barcelona (\u00a9 Eugeni Pons)\" class=\"rl-gallery-link\" data-rl_caption=\"Clinica Dental Valles &amp; Valles \/ YLAB Arquitectos Barcelona (\u00a9 Eugeni Pons)\" data-rel=\"lightbox-gallery-1\"><img loading=\"lazy\" decoding=\"async\" width=\"150\" height=\"150\" src=\"https:\/\/www.arquimaster.com.ar\/web\/wp-content\/uploads\/2016\/06\/clinica_dental_valles7-150x150.jpg\" class=\"attachment-thumbnail size-thumbnail\" alt=\"\" aria-describedby=\"gallery-1-20980\" srcset=\"https:\/\/www.arquimaster.com.ar\/web\/wp-content\/uploads\/2016\/06\/clinica_dental_valles7-150x150.jpg 150w, https:\/\/www.arquimaster.com.ar\/web\/wp-content\/uploads\/2016\/06\/clinica_dental_valles7-50x50.jpg 50w, https:\/\/www.arquimaster.com.ar\/web\/wp-content\/uploads\/2016\/06\/clinica_dental_valles7-125x125.jpg 125w\" sizes=\"auto, (max-width: 150px) 100vw, 150px\" \/><\/a>\n\t\t\t<\/div>\n\t\t\t\t<figcaption class='wp-caption-text gallery-caption' id='gallery-1-20980'>\n\t\t\t\tClinica Dental Valles &#038; Valles \/ YLAB Arquitectos Barcelona (\u00a9 Eugeni Pons)\n\t\t\t\t<\/figcaption><\/figure><figure class='gallery-item'>\n\t\t\t<div class='gallery-icon portrait'>\n\t\t\t\t<a href='https:\/\/www.arquimaster.com.ar\/web\/wp-content\/uploads\/2016\/06\/clinica_dental_valles8.jpg' title=\"Clinica Dental Valles &amp; Valles \/ YLAB Arquitectos Barcelona (\u00a9 Eugeni Pons)\" data-rl_title=\"Clinica Dental Valles &amp; Valles \/ YLAB Arquitectos Barcelona (\u00a9 Eugeni Pons)\" class=\"rl-gallery-link\" data-rl_caption=\"Clinica Dental Valles &amp; Valles \/ YLAB Arquitectos Barcelona (\u00a9 Eugeni Pons)\" data-rel=\"lightbox-gallery-1\"><img loading=\"lazy\" decoding=\"async\" width=\"150\" height=\"150\" src=\"https:\/\/www.arquimaster.com.ar\/web\/wp-content\/uploads\/2016\/06\/clinica_dental_valles8-150x150.jpg\" class=\"attachment-thumbnail size-thumbnail\" alt=\"\" aria-describedby=\"gallery-1-20981\" srcset=\"https:\/\/www.arquimaster.com.ar\/web\/wp-content\/uploads\/2016\/06\/clinica_dental_valles8-150x150.jpg 150w, https:\/\/www.arquimaster.com.ar\/web\/wp-content\/uploads\/2016\/06\/clinica_dental_valles8-50x50.jpg 50w, https:\/\/www.arquimaster.com.ar\/web\/wp-content\/uploads\/2016\/06\/clinica_dental_valles8-125x125.jpg 125w\" sizes=\"auto, (max-width: 150px) 100vw, 150px\" \/><\/a>\n\t\t\t<\/div>\n\t\t\t\t<figcaption class='wp-caption-text gallery-caption' id='gallery-1-20981'>\n\t\t\t\tClinica Dental Valles &#038; Valles \/ YLAB Arquitectos Barcelona (\u00a9 Eugeni Pons)\n\t\t\t\t<\/figcaption><\/figure><figure class='gallery-item'>\n\t\t\t<div class='gallery-icon portrait'>\n\t\t\t\t<a href='https:\/\/www.arquimaster.com.ar\/web\/wp-content\/uploads\/2016\/06\/clinica_dental_valles9.jpg' title=\"Clinica Dental Valles &amp; Valles \/ YLAB Arquitectos Barcelona (\u00a9 Eugeni Pons)\" data-rl_title=\"Clinica Dental Valles &amp; Valles \/ YLAB Arquitectos Barcelona (\u00a9 Eugeni Pons)\" class=\"rl-gallery-link\" data-rl_caption=\"Clinica Dental Valles &amp; Valles \/ YLAB Arquitectos Barcelona (\u00a9 Eugeni Pons)\" data-rel=\"lightbox-gallery-1\"><img loading=\"lazy\" decoding=\"async\" width=\"150\" height=\"150\" src=\"https:\/\/www.arquimaster.com.ar\/web\/wp-content\/uploads\/2016\/06\/clinica_dental_valles9-150x150.jpg\" class=\"attachment-thumbnail size-thumbnail\" alt=\"\" aria-describedby=\"gallery-1-20982\" srcset=\"https:\/\/www.arquimaster.com.ar\/web\/wp-content\/uploads\/2016\/06\/clinica_dental_valles9-150x150.jpg 150w, https:\/\/www.arquimaster.com.ar\/web\/wp-content\/uploads\/2016\/06\/clinica_dental_valles9-50x50.jpg 50w, https:\/\/www.arquimaster.com.ar\/web\/wp-content\/uploads\/2016\/06\/clinica_dental_valles9-125x125.jpg 125w\" sizes=\"auto, (max-width: 150px) 100vw, 150px\" \/><\/a>\n\t\t\t<\/div>\n\t\t\t\t<figcaption class='wp-caption-text gallery-caption' id='gallery-1-20982'>\n\t\t\t\tClinica Dental Valles &#038; Valles \/ YLAB Arquitectos Barcelona (\u00a9 Eugeni Pons)\n\t\t\t\t<\/figcaption><\/figure><figure class='gallery-item'>\n\t\t\t<div class='gallery-icon portrait'>\n\t\t\t\t<a href='https:\/\/www.arquimaster.com.ar\/web\/wp-content\/uploads\/2016\/06\/clinica_dental_valles10.jpg' title=\"Clinica Dental Valles &amp; Valles \/ YLAB Arquitectos Barcelona (\u00a9 Eugeni Pons)\" data-rl_title=\"Clinica Dental Valles &amp; Valles \/ YLAB Arquitectos Barcelona (\u00a9 Eugeni Pons)\" class=\"rl-gallery-link\" data-rl_caption=\"Clinica Dental Valles &amp; Valles \/ YLAB Arquitectos Barcelona (\u00a9 Eugeni Pons)\" data-rel=\"lightbox-gallery-1\"><img loading=\"lazy\" decoding=\"async\" width=\"150\" height=\"150\" src=\"https:\/\/www.arquimaster.com.ar\/web\/wp-content\/uploads\/2016\/06\/clinica_dental_valles10-150x150.jpg\" class=\"attachment-thumbnail size-thumbnail\" alt=\"\" aria-describedby=\"gallery-1-20983\" srcset=\"https:\/\/www.arquimaster.com.ar\/web\/wp-content\/uploads\/2016\/06\/clinica_dental_valles10-150x150.jpg 150w, https:\/\/www.arquimaster.com.ar\/web\/wp-content\/uploads\/2016\/06\/clinica_dental_valles10-50x50.jpg 50w, https:\/\/www.arquimaster.com.ar\/web\/wp-content\/uploads\/2016\/06\/clinica_dental_valles10-125x125.jpg 125w\" sizes=\"auto, (max-width: 150px) 100vw, 150px\" \/><\/a>\n\t\t\t<\/div>\n\t\t\t\t<figcaption class='wp-caption-text gallery-caption' id='gallery-1-20983'>\n\t\t\t\tClinica Dental Valles &#038; Valles \/ YLAB Arquitectos Barcelona (\u00a9 Eugeni Pons)\n\t\t\t\t<\/figcaption><\/figure><figure class='gallery-item'>\n\t\t\t<div class='gallery-icon portrait'>\n\t\t\t\t<a href='https:\/\/www.arquimaster.com.ar\/web\/wp-content\/uploads\/2016\/06\/clinica_dental_valles11.jpg' title=\"Clinica Dental Valles &amp; Valles \/ YLAB Arquitectos Barcelona (\u00a9 Eugeni Pons)\" data-rl_title=\"Clinica Dental Valles &amp; Valles \/ YLAB Arquitectos Barcelona (\u00a9 Eugeni Pons)\" class=\"rl-gallery-link\" data-rl_caption=\"Clinica Dental Valles &amp; Valles \/ YLAB Arquitectos Barcelona (\u00a9 Eugeni Pons)\" data-rel=\"lightbox-gallery-1\"><img loading=\"lazy\" decoding=\"async\" width=\"150\" height=\"150\" src=\"https:\/\/www.arquimaster.com.ar\/web\/wp-content\/uploads\/2016\/06\/clinica_dental_valles11-150x150.jpg\" class=\"attachment-thumbnail size-thumbnail\" alt=\"\" aria-describedby=\"gallery-1-20984\" srcset=\"https:\/\/www.arquimaster.com.ar\/web\/wp-content\/uploads\/2016\/06\/clinica_dental_valles11-150x150.jpg 150w, https:\/\/www.arquimaster.com.ar\/web\/wp-content\/uploads\/2016\/06\/clinica_dental_valles11-50x50.jpg 50w, https:\/\/www.arquimaster.com.ar\/web\/wp-content\/uploads\/2016\/06\/clinica_dental_valles11-125x125.jpg 125w\" sizes=\"auto, (max-width: 150px) 100vw, 150px\" \/><\/a>\n\t\t\t<\/div>\n\t\t\t\t<figcaption class='wp-caption-text gallery-caption' id='gallery-1-20984'>\n\t\t\t\tClinica Dental Valles &#038; Valles \/ YLAB Arquitectos Barcelona (\u00a9 Eugeni Pons)\n\t\t\t\t<\/figcaption><\/figure><figure class='gallery-item'>\n\t\t\t<div class='gallery-icon portrait'>\n\t\t\t\t<a href='https:\/\/www.arquimaster.com.ar\/web\/wp-content\/uploads\/2016\/06\/clinica_dental_valles12.jpg' title=\"Clinica Dental Valles &amp; Valles \/ YLAB Arquitectos Barcelona (\u00a9 Eugeni Pons)\" data-rl_title=\"Clinica Dental Valles &amp; Valles \/ YLAB Arquitectos Barcelona (\u00a9 Eugeni Pons)\" class=\"rl-gallery-link\" data-rl_caption=\"Clinica Dental Valles &amp; Valles \/ YLAB Arquitectos Barcelona (\u00a9 Eugeni Pons)\" data-rel=\"lightbox-gallery-1\"><img loading=\"lazy\" decoding=\"async\" width=\"150\" height=\"150\" src=\"https:\/\/www.arquimaster.com.ar\/web\/wp-content\/uploads\/2016\/06\/clinica_dental_valles12-150x150.jpg\" class=\"attachment-thumbnail size-thumbnail\" alt=\"\" aria-describedby=\"gallery-1-20985\" srcset=\"https:\/\/www.arquimaster.com.ar\/web\/wp-content\/uploads\/2016\/06\/clinica_dental_valles12-150x150.jpg 150w, https:\/\/www.arquimaster.com.ar\/web\/wp-content\/uploads\/2016\/06\/clinica_dental_valles12-50x50.jpg 50w, https:\/\/www.arquimaster.com.ar\/web\/wp-content\/uploads\/2016\/06\/clinica_dental_valles12-125x125.jpg 125w\" sizes=\"auto, (max-width: 150px) 100vw, 150px\" \/><\/a>\n\t\t\t<\/div>\n\t\t\t\t<figcaption class='wp-caption-text gallery-caption' id='gallery-1-20985'>\n\t\t\t\tClinica Dental Valles &#038; Valles \/ YLAB Arquitectos Barcelona (\u00a9 Eugeni Pons)\n\t\t\t\t<\/figcaption><\/figure><figure class='gallery-item'>\n\t\t\t<div class='gallery-icon portrait'>\n\t\t\t\t<a href='https:\/\/www.arquimaster.com.ar\/web\/wp-content\/uploads\/2016\/06\/clinica_dental_valles13.jpg' title=\"Clinica Dental Valles &amp; Valles \/ YLAB Arquitectos Barcelona (\u00a9 Eugeni Pons)\" data-rl_title=\"Clinica Dental Valles &amp; Valles \/ YLAB Arquitectos Barcelona (\u00a9 Eugeni Pons)\" class=\"rl-gallery-link\" data-rl_caption=\"Clinica Dental Valles &amp; Valles \/ YLAB Arquitectos Barcelona (\u00a9 Eugeni Pons)\" data-rel=\"lightbox-gallery-1\"><img loading=\"lazy\" decoding=\"async\" width=\"150\" height=\"150\" src=\"https:\/\/www.arquimaster.com.ar\/web\/wp-content\/uploads\/2016\/06\/clinica_dental_valles13-150x150.jpg\" class=\"attachment-thumbnail size-thumbnail\" alt=\"\" aria-describedby=\"gallery-1-20986\" srcset=\"https:\/\/www.arquimaster.com.ar\/web\/wp-content\/uploads\/2016\/06\/clinica_dental_valles13-150x150.jpg 150w, https:\/\/www.arquimaster.com.ar\/web\/wp-content\/uploads\/2016\/06\/clinica_dental_valles13-50x50.jpg 50w, https:\/\/www.arquimaster.com.ar\/web\/wp-content\/uploads\/2016\/06\/clinica_dental_valles13-125x125.jpg 125w\" sizes=\"auto, (max-width: 150px) 100vw, 150px\" \/><\/a>\n\t\t\t<\/div>\n\t\t\t\t<figcaption class='wp-caption-text gallery-caption' id='gallery-1-20986'>\n\t\t\t\tClinica Dental Valles &#038; Valles \/ YLAB Arquitectos Barcelona (\u00a9 Eugeni Pons)\n\t\t\t\t<\/figcaption><\/figure><figure class='gallery-item'>\n\t\t\t<div class='gallery-icon portrait'>\n\t\t\t\t<a href='https:\/\/www.arquimaster.com.ar\/web\/wp-content\/uploads\/2016\/06\/clinica_dental_valles14.jpg' title=\"Clinica Dental Valles &amp; Valles \/ YLAB Arquitectos Barcelona (\u00a9 Eugeni Pons)\" data-rl_title=\"Clinica Dental Valles &amp; Valles \/ YLAB Arquitectos Barcelona (\u00a9 Eugeni Pons)\" class=\"rl-gallery-link\" data-rl_caption=\"Clinica Dental Valles &amp; Valles \/ YLAB Arquitectos Barcelona (\u00a9 Eugeni Pons)\" data-rel=\"lightbox-gallery-1\"><img loading=\"lazy\" decoding=\"async\" width=\"150\" height=\"150\" src=\"https:\/\/www.arquimaster.com.ar\/web\/wp-content\/uploads\/2016\/06\/clinica_dental_valles14-150x150.jpg\" class=\"attachment-thumbnail size-thumbnail\" alt=\"\" aria-describedby=\"gallery-1-20987\" srcset=\"https:\/\/www.arquimaster.com.ar\/web\/wp-content\/uploads\/2016\/06\/clinica_dental_valles14-150x150.jpg 150w, https:\/\/www.arquimaster.com.ar\/web\/wp-content\/uploads\/2016\/06\/clinica_dental_valles14-50x50.jpg 50w, https:\/\/www.arquimaster.com.ar\/web\/wp-content\/uploads\/2016\/06\/clinica_dental_valles14-125x125.jpg 125w\" sizes=\"auto, (max-width: 150px) 100vw, 150px\" \/><\/a>\n\t\t\t<\/div>\n\t\t\t\t<figcaption class='wp-caption-text gallery-caption' id='gallery-1-20987'>\n\t\t\t\tClinica Dental Valles &#038; Valles \/ YLAB Arquitectos Barcelona (\u00a9 Eugeni Pons)\n\t\t\t\t<\/figcaption><\/figure><figure class='gallery-item'>\n\t\t\t<div class='gallery-icon landscape'>\n\t\t\t\t<a href='https:\/\/www.arquimaster.com.ar\/web\/wp-content\/uploads\/2016\/06\/clinica_dental_valles19.jpg' title=\"Clinica Dental Valles &amp; Valles \/ YLAB Arquitectos Barcelona (\u00a9 Eugeni Pons)\" data-rl_title=\"Clinica Dental Valles &amp; Valles \/ YLAB Arquitectos Barcelona (\u00a9 Eugeni Pons)\" class=\"rl-gallery-link\" data-rl_caption=\"Clinica Dental Valles &amp; Valles \/ YLAB Arquitectos Barcelona (\u00a9 Eugeni Pons)\" data-rel=\"lightbox-gallery-1\"><img loading=\"lazy\" decoding=\"async\" width=\"150\" height=\"150\" src=\"https:\/\/www.arquimaster.com.ar\/web\/wp-content\/uploads\/2016\/06\/clinica_dental_valles19-150x150.jpg\" class=\"attachment-thumbnail size-thumbnail\" alt=\"\" aria-describedby=\"gallery-1-20992\" srcset=\"https:\/\/www.arquimaster.com.ar\/web\/wp-content\/uploads\/2016\/06\/clinica_dental_valles19-150x150.jpg 150w, https:\/\/www.arquimaster.com.ar\/web\/wp-content\/uploads\/2016\/06\/clinica_dental_valles19-50x50.jpg 50w, https:\/\/www.arquimaster.com.ar\/web\/wp-content\/uploads\/2016\/06\/clinica_dental_valles19-125x125.jpg 125w\" sizes=\"auto, (max-width: 150px) 100vw, 150px\" \/><\/a>\n\t\t\t<\/div>\n\t\t\t\t<figcaption class='wp-caption-text gallery-caption' id='gallery-1-20992'>\n\t\t\t\tClinica Dental Valles &#038; Valles \/ YLAB Arquitectos Barcelona (\u00a9 Eugeni Pons)\n\t\t\t\t<\/figcaption><\/figure><figure class='gallery-item'>\n\t\t\t<div class='gallery-icon portrait'>\n\t\t\t\t<a href='https:\/\/www.arquimaster.com.ar\/web\/wp-content\/uploads\/2016\/06\/clinica_dental_valles15.jpg' title=\"Clinica Dental Valles &amp; Valles \/ YLAB Arquitectos Barcelona (\u00a9 Eugeni Pons)\" data-rl_title=\"Clinica Dental Valles &amp; Valles \/ YLAB Arquitectos Barcelona (\u00a9 Eugeni Pons)\" class=\"rl-gallery-link\" data-rl_caption=\"Clinica Dental Valles &amp; Valles \/ YLAB Arquitectos Barcelona (\u00a9 Eugeni Pons)\" data-rel=\"lightbox-gallery-1\"><img loading=\"lazy\" decoding=\"async\" width=\"150\" height=\"150\" src=\"https:\/\/www.arquimaster.com.ar\/web\/wp-content\/uploads\/2016\/06\/clinica_dental_valles15-150x150.jpg\" class=\"attachment-thumbnail size-thumbnail\" alt=\"\" aria-describedby=\"gallery-1-20988\" srcset=\"https:\/\/www.arquimaster.com.ar\/web\/wp-content\/uploads\/2016\/06\/clinica_dental_valles15-150x150.jpg 150w, https:\/\/www.arquimaster.com.ar\/web\/wp-content\/uploads\/2016\/06\/clinica_dental_valles15-50x50.jpg 50w, https:\/\/www.arquimaster.com.ar\/web\/wp-content\/uploads\/2016\/06\/clinica_dental_valles15-125x125.jpg 125w\" sizes=\"auto, (max-width: 150px) 100vw, 150px\" \/><\/a>\n\t\t\t<\/div>\n\t\t\t\t<figcaption class='wp-caption-text gallery-caption' id='gallery-1-20988'>\n\t\t\t\tClinica Dental Valles &#038; Valles \/ YLAB Arquitectos Barcelona (\u00a9 Eugeni Pons)\n\t\t\t\t<\/figcaption><\/figure><figure class='gallery-item'>\n\t\t\t<div class='gallery-icon portrait'>\n\t\t\t\t<a href='https:\/\/www.arquimaster.com.ar\/web\/wp-content\/uploads\/2016\/06\/clinica_dental_valles17.jpg' title=\"Clinica Dental Valles &amp; Valles \/ YLAB Arquitectos Barcelona (\u00a9 Eugeni Pons)\" data-rl_title=\"Clinica Dental Valles &amp; Valles \/ YLAB Arquitectos Barcelona (\u00a9 Eugeni Pons)\" class=\"rl-gallery-link\" data-rl_caption=\"Clinica Dental Valles &amp; Valles \/ YLAB Arquitectos Barcelona (\u00a9 Eugeni Pons)\" data-rel=\"lightbox-gallery-1\"><img loading=\"lazy\" decoding=\"async\" width=\"150\" height=\"150\" src=\"https:\/\/www.arquimaster.com.ar\/web\/wp-content\/uploads\/2016\/06\/clinica_dental_valles17-150x150.jpg\" class=\"attachment-thumbnail size-thumbnail\" alt=\"\" aria-describedby=\"gallery-1-20990\" srcset=\"https:\/\/www.arquimaster.com.ar\/web\/wp-content\/uploads\/2016\/06\/clinica_dental_valles17-150x150.jpg 150w, https:\/\/www.arquimaster.com.ar\/web\/wp-content\/uploads\/2016\/06\/clinica_dental_valles17-50x50.jpg 50w, https:\/\/www.arquimaster.com.ar\/web\/wp-content\/uploads\/2016\/06\/clinica_dental_valles17-125x125.jpg 125w\" sizes=\"auto, (max-width: 150px) 100vw, 150px\" \/><\/a>\n\t\t\t<\/div>\n\t\t\t\t<figcaption class='wp-caption-text gallery-caption' id='gallery-1-20990'>\n\t\t\t\tClinica Dental Valles &#038; Valles \/ YLAB Arquitectos Barcelona (\u00a9 Eugeni Pons)\n\t\t\t\t<\/figcaption><\/figure><figure class='gallery-item'>\n\t\t\t<div class='gallery-icon portrait'>\n\t\t\t\t<a href='https:\/\/www.arquimaster.com.ar\/web\/wp-content\/uploads\/2016\/06\/clinica_dental_valles16.jpg' title=\"Clinica Dental Valles &amp; Valles \/ YLAB Arquitectos Barcelona (\u00a9 Eugeni Pons)\" data-rl_title=\"Clinica Dental Valles &amp; Valles \/ YLAB Arquitectos Barcelona (\u00a9 Eugeni Pons)\" class=\"rl-gallery-link\" data-rl_caption=\"Clinica Dental Valles &amp; Valles \/ YLAB Arquitectos Barcelona (\u00a9 Eugeni Pons)\" data-rel=\"lightbox-gallery-1\"><img loading=\"lazy\" decoding=\"async\" width=\"150\" height=\"150\" src=\"https:\/\/www.arquimaster.com.ar\/web\/wp-content\/uploads\/2016\/06\/clinica_dental_valles16-150x150.jpg\" class=\"attachment-thumbnail size-thumbnail\" alt=\"\" aria-describedby=\"gallery-1-20989\" srcset=\"https:\/\/www.arquimaster.com.ar\/web\/wp-content\/uploads\/2016\/06\/clinica_dental_valles16-150x150.jpg 150w, https:\/\/www.arquimaster.com.ar\/web\/wp-content\/uploads\/2016\/06\/clinica_dental_valles16-50x50.jpg 50w, https:\/\/www.arquimaster.com.ar\/web\/wp-content\/uploads\/2016\/06\/clinica_dental_valles16-125x125.jpg 125w\" sizes=\"auto, (max-width: 150px) 100vw, 150px\" \/><\/a>\n\t\t\t<\/div>\n\t\t\t\t<figcaption class='wp-caption-text gallery-caption' id='gallery-1-20989'>\n\t\t\t\tClinica Dental Valles &#038; Valles \/ YLAB Arquitectos Barcelona (\u00a9 Eugeni Pons)\n\t\t\t\t<\/figcaption><\/figure><figure class='gallery-item'>\n\t\t\t<div class='gallery-icon portrait'>\n\t\t\t\t<a href='https:\/\/www.arquimaster.com.ar\/web\/wp-content\/uploads\/2016\/06\/clinica_dental_valles18.jpg' title=\"Clinica Dental Valles &amp; Valles \/ YLAB Arquitectos Barcelona (\u00a9 Eugeni Pons)\" data-rl_title=\"Clinica Dental Valles &amp; Valles \/ YLAB Arquitectos Barcelona (\u00a9 Eugeni Pons)\" class=\"rl-gallery-link\" data-rl_caption=\"Clinica Dental Valles &amp; Valles \/ YLAB Arquitectos Barcelona (\u00a9 Eugeni Pons)\" data-rel=\"lightbox-gallery-1\"><img loading=\"lazy\" decoding=\"async\" width=\"150\" height=\"150\" src=\"https:\/\/www.arquimaster.com.ar\/web\/wp-content\/uploads\/2016\/06\/clinica_dental_valles18-150x150.jpg\" class=\"attachment-thumbnail size-thumbnail\" alt=\"\" aria-describedby=\"gallery-1-20991\" srcset=\"https:\/\/www.arquimaster.com.ar\/web\/wp-content\/uploads\/2016\/06\/clinica_dental_valles18-150x150.jpg 150w, https:\/\/www.arquimaster.com.ar\/web\/wp-content\/uploads\/2016\/06\/clinica_dental_valles18-50x50.jpg 50w, https:\/\/www.arquimaster.com.ar\/web\/wp-content\/uploads\/2016\/06\/clinica_dental_valles18-125x125.jpg 125w\" sizes=\"auto, (max-width: 150px) 100vw, 150px\" \/><\/a>\n\t\t\t<\/div>\n\t\t\t\t<figcaption class='wp-caption-text gallery-caption' id='gallery-1-20991'>\n\t\t\t\tClinica Dental Valles &#038; Valles \/ YLAB Arquitectos Barcelona (\u00a9 Eugeni Pons)\n\t\t\t\t<\/figcaption><\/figure>\n\t\t<\/div>\n\n<p>Las propietarias, dos j\u00f3venes hermanas y doctoras ambas, necesitaban remodelar la cl\u00ednica del padre para convertirla en una consulta moderna y funcional. Quer\u00edan imprimir al espacio su estilo abierto y din\u00e1mico para conseguir un ambiente accesible, fresco, con espacios abiertos donde fluyera la luz y en el que trabajar a gusto.<\/p>\n<p>Para ello se propuso una planta radicalmente distinta a la existente, fuertemente compartimentada y oscura, planteando un desarrollo org\u00e1nico de la distribuci\u00f3n y usando el vidrio como elemento divisor.<\/p>\n<p>Las funciones parecen alojarse en un \u00fanico espacio continuo, amplio y luminoso compuesto por dos zonas separadas por una fina divisoria ondulante: una amplia zona central y las \u00e1reas de trabajo adyacentes.<\/p>\n<p>La zona central, formada por el vest\u00edbulo de acceso con la recepci\u00f3n, la sala de espera y los distribuidores, constituye un espacio zigzagueante que se ensancha y estrecha creando la ilusi\u00f3n de movimiento e invitando al visitante a descubrir los espacios.<\/p>\n<p>Los techos decorativos con fosas iluminadas de formas ovaladas refuerzan las principales \u00e1reas a la vez que subrayan el dinamismo del espacio.<\/p>\n<p>En la zona de recepci\u00f3n un gran mostrador dise\u00f1ado expresamente, conjuntamente con los armarios murales situados detr\u00e1s, incorporan todas las funciones asociadas con la recepci\u00f3n y la gesti\u00f3n de los pacientes.<\/p>\n<p>Las consultas y \u00e1reas de trabajo est\u00e1n ubicadas a lo largo de la fachada en torno a la zona central. Las divisorias est\u00e1n realizadas en gran medida en vidrio, dejando pasar la luz natural hacia los espacios interiores y siguiendo el principio de transparencia y continuidad.<\/p>\n<p>Para proteger puntualmente la intimidad del paciente las consultas est\u00e1n equipadas por cortinas trasl\u00facidas. El mobiliario en el interior de las consultas ha sido realizado a medida para conseguir un mejor aprovechamiento del espacio.<\/p>\n<p>El color predominante de la cl\u00ednica es el blanco marfil, aplicado a materiales como la laca blanca satinada, los laminados o el cemento continuo del pavimento. Tambi\u00e9n la se\u00f1al\u00e9tica interior de la cl\u00ednica, desarrollada por YLAB Arquitectos y el equipo gr\u00e1fico de Oi Comunicaci\u00f3, est\u00e1 realizada en letras recortadas en el mismo color de la carpinter\u00eda interior.<\/p>\n<p>El color blanco est\u00e1 en contraste con el marr\u00f3n oscuro corporativo, que aparece en el roble ahumado del mostrador y el aluminio anodizado del r\u00f3tulo de la recepci\u00f3n, o el tapizado azul de las sillas de espera.<\/p>\n<p>Los colores claros, el lenguaje de formas curvadas y la iluminaci\u00f3n indirecta que recorre todos los espacios, est\u00e1n pensados para conseguir una atm\u00f3sfera confortable y de bienestar que confiere la sensaci\u00f3n de calma y equilibrio tanto para el paciente como para el equipo m\u00e9dico.<\/p>\n<p><strong>Memoria de calidades y mobiliario<\/strong><br \/>\nPavimento interior: Epoxy autonivelante RAL 1013 Hepym acabado con poliuretano Ardex transparente mate<br \/>\nParedes y techos: Pintura pl\u00e1stica mate color blanco RAL 9016<br \/>\nR\u00f3tulos y se\u00f1al\u00e9tica: R\u00f3tulo con letras recortadas en aluminio anodizado marr\u00f3n oscuro<br \/>\nSe\u00f1al\u00e9tica en letras recortadas de plexigl\u00e1s acabadas en laca satinada blanca RAL 9016<br \/>\nAplacados y mobiliario a medida: Armarios empotrados y aplacados de madera en laca satinada blanca RAL 9016<br \/>\nMostrador de recepci\u00f3n en tablero melam\u00ednico Ebony Oak Cross Formica Wood F5477 MAT<br \/>\nMobiliario de consultas en tablero melam\u00ednico blanco<br \/>\nMobiliario comercial sala de espera: Sillas Manequin de Wertel Oberfell<br \/>\nIluminaci\u00f3n cenital: Tiras LED perimetrales de 3M, luminarias Supernova de Deltalight, todo en luz c\u00e1lida<br \/>\nMecanismos el\u00e9ctricos: Sistema Living Light color blanco de Bticino<br \/>\nCortinas y estores: Cortinas cl\u00e1sicas de consulta con rieles tipo Wave de Silentgliss<br \/>\nCortinas enrollables trasl\u00facidas tipo screen de Silentgliss<\/p>\n<p><strong>Acerca de los proyectistas<\/strong><br \/>\nYLAB arquitectos es un estudio de arquitectura de procedencia espa\u00f1ola-alemana formada por Tobias Laarmann y Yolanda Yuste. Desde su sede en Barcelona YLAB ofrece servicios de arquitectura, interiorismo, gesti\u00f3n y consultor\u00eda en proyectos residenciales, comerciales, hosteler\u00eda y corporativos.<\/p>\n<p><strong>Ficha tecnica<\/strong><br \/>\nNombre: Clinica dental Valles &amp; Valles<br \/>\nUbicaci\u00f3n: Barrio del Ensanche, Barcelona<br \/>\nArquitectura e interiorismo: YLAB Arquitectos Barcelona<br \/>\nAutores: Tobias Laarmann y Yolanda Yuste L\u00f3pez<br \/>\nProyecto: Reforma de consultorio odontol\u00f3gico<br \/>\nPromotor: Privado<br \/>\nSuperficie: 156 m2<br \/>\nDise\u00f1o corporativo: Oi Comunicaci\u00f3<br \/>\nContratista: 7Works General Contractor<br \/>\nIndustriales y suministradores: Ebanister\u00eda Ag\u00fcera, Cristaler\u00eda Bonanova, Cortinas Acor, Grup Sesaelec, Loft Paviments, R\u00f3tulos Otesa<br \/>\nFotograf\u00eda: Eugeni Pons<\/p>\n<p><strong>Contacto:<\/strong> <a href=\"http:\/\/www.ylab.es\" target=\"_blank\">http:\/\/www.ylab.es<\/a><\/p>\n\n<div style=\"font-size: 0px; height: 0px; line-height: 0px; margin: 0; padding: 0; clear: both;\"><\/div><div style=\"margin-top: 0px; margin-bottom: 0px;\" class=\"sharethis-inline-share-buttons\" ><\/div>","protected":false},"excerpt":{"rendered":"<p>Imprimir al espacio un estilo abierto y din\u00e1mico para conseguir un ambiente accesible y fresco&#8230;<\/p>\n","protected":false},"author":1,"featured_media":20973,"comment_status":"closed","ping_status":"closed","sticky":false,"template":"","format":"standard","meta":{"_uag_custom_page_level_css":"","footnotes":""},"categories":[905,1],"tags":[679,2400,2398,2397,2401,2402,860,859,861],"class_list":["post-20972","post","type-post","status-publish","format-standard","has-post-thumbnail","hentry","category-edificios-para-la-salud","category-proyecto","tag-barcelona","tag-barrio-del-ensanche","tag-clinica","tag-consultorio","tag-consultorio-dental","tag-consultorio-odontologico","tag-tobias-laarmann","tag-ylab-arquitectos","tag-yolanda-yuste","generate-columns","tablet-grid-50","mobile-grid-100","grid-parent","grid-50"],"yoast_head":"<!-- This site is optimized with the Yoast SEO plugin v27.3 - https:\/\/yoast.com\/product\/yoast-seo-wordpress\/ -->\n<title>Clinica Dental Valles &amp; Valles \/ YLAB Arquitectos Barcelona - Arquimaster<\/title>\n<meta name=\"robots\" content=\"index, follow, max-snippet:-1, max-image-preview:large, max-video-preview:-1\" \/>\n<link rel=\"canonical\" href=\"https:\/\/www.arquimaster.com.ar\/web\/clinica-dental-valles-valles-ylab-arquitectos-barcelona\/\" \/>\n<meta property=\"og:locale\" content=\"es_ES\" \/>\n<meta property=\"og:type\" content=\"article\" \/>\n<meta property=\"og:title\" content=\"Clinica Dental Valles &amp; Valles \/ YLAB Arquitectos Barcelona - Arquimaster\" \/>\n<meta property=\"og:description\" content=\"Imprimir al espacio un estilo abierto y din\u00e1mico para conseguir un ambiente accesible y fresco...\" \/>\n<meta property=\"og:url\" content=\"https:\/\/www.arquimaster.com.ar\/web\/clinica-dental-valles-valles-ylab-arquitectos-barcelona\/\" \/>\n<meta property=\"og:site_name\" content=\"Arquimaster\" \/>\n<meta property=\"article:publisher\" content=\"http:\/\/www.facebook.com\/ARQUIMASTER.com.ar\" \/>\n<meta property=\"article:published_time\" content=\"2016-06-20T22:02:38+00:00\" \/>\n<meta property=\"article:modified_time\" content=\"2016-06-25T22:11:27+00:00\" \/>\n<meta property=\"og:image\" content=\"https:\/\/www.arquimaster.com.ar\/web\/wp-content\/uploads\/2016\/06\/clinica_dental_valles_slide.jpg\" \/>\n\t<meta property=\"og:image:width\" content=\"642\" \/>\n\t<meta property=\"og:image:height\" content=\"336\" \/>\n\t<meta property=\"og:image:type\" content=\"image\/jpeg\" \/>\n<meta name=\"author\" content=\"Arquimaster\" \/>\n<meta name=\"twitter:card\" content=\"summary_large_image\" \/>\n<meta name=\"twitter:creator\" content=\"@arquimaster\" \/>\n<meta name=\"twitter:site\" content=\"@arquimaster\" \/>\n<meta name=\"twitter:label1\" content=\"Escrito por\" \/>\n\t<meta name=\"twitter:data1\" content=\"Arquimaster\" \/>\n\t<meta name=\"twitter:label2\" content=\"Tiempo de lectura\" \/>\n\t<meta name=\"twitter:data2\" content=\"4 minutos\" \/>\n<script type=\"application\/ld+json\" class=\"yoast-schema-graph\">{\"@context\":\"https:\\\/\\\/schema.org\",\"@graph\":[{\"@type\":\"Article\",\"@id\":\"https:\\\/\\\/www.arquimaster.com.ar\\\/web\\\/clinica-dental-valles-valles-ylab-arquitectos-barcelona\\\/#article\",\"isPartOf\":{\"@id\":\"https:\\\/\\\/www.arquimaster.com.ar\\\/web\\\/clinica-dental-valles-valles-ylab-arquitectos-barcelona\\\/\"},\"author\":{\"name\":\"Arquimaster\",\"@id\":\"https:\\\/\\\/www.arquimaster.com.ar\\\/web\\\/#\\\/schema\\\/person\\\/359e9f7c00193fcde068e0dd2ceb0028\"},\"headline\":\"Clinica Dental Valles &#038; Valles \\\/ YLAB Arquitectos Barcelona\",\"datePublished\":\"2016-06-20T22:02:38+00:00\",\"dateModified\":\"2016-06-25T22:11:27+00:00\",\"mainEntityOfPage\":{\"@id\":\"https:\\\/\\\/www.arquimaster.com.ar\\\/web\\\/clinica-dental-valles-valles-ylab-arquitectos-barcelona\\\/\"},\"wordCount\":813,\"publisher\":{\"@id\":\"https:\\\/\\\/www.arquimaster.com.ar\\\/web\\\/#organization\"},\"image\":{\"@id\":\"https:\\\/\\\/www.arquimaster.com.ar\\\/web\\\/clinica-dental-valles-valles-ylab-arquitectos-barcelona\\\/#primaryimage\"},\"thumbnailUrl\":\"https:\\\/\\\/www.arquimaster.com.ar\\\/web\\\/wp-content\\\/uploads\\\/2016\\\/06\\\/clinica_dental_valles_slide.jpg\",\"keywords\":[\"Barcelona\",\"Barrio del Ensanche\",\"clinica\",\"consultorio\",\"consultorio dental\",\"consultorio odontologico\",\"Tobias Laarmann\",\"YLAB Arquitectos\",\"Yolanda Yuste\"],\"articleSection\":[\"Edificios para la salud\",\"Proyecto\"],\"inLanguage\":\"es\"},{\"@type\":\"WebPage\",\"@id\":\"https:\\\/\\\/www.arquimaster.com.ar\\\/web\\\/clinica-dental-valles-valles-ylab-arquitectos-barcelona\\\/\",\"url\":\"https:\\\/\\\/www.arquimaster.com.ar\\\/web\\\/clinica-dental-valles-valles-ylab-arquitectos-barcelona\\\/\",\"name\":\"Clinica Dental Valles & Valles \\\/ YLAB Arquitectos Barcelona - Arquimaster\",\"isPartOf\":{\"@id\":\"https:\\\/\\\/www.arquimaster.com.ar\\\/web\\\/#website\"},\"primaryImageOfPage\":{\"@id\":\"https:\\\/\\\/www.arquimaster.com.ar\\\/web\\\/clinica-dental-valles-valles-ylab-arquitectos-barcelona\\\/#primaryimage\"},\"image\":{\"@id\":\"https:\\\/\\\/www.arquimaster.com.ar\\\/web\\\/clinica-dental-valles-valles-ylab-arquitectos-barcelona\\\/#primaryimage\"},\"thumbnailUrl\":\"https:\\\/\\\/www.arquimaster.com.ar\\\/web\\\/wp-content\\\/uploads\\\/2016\\\/06\\\/clinica_dental_valles_slide.jpg\",\"datePublished\":\"2016-06-20T22:02:38+00:00\",\"dateModified\":\"2016-06-25T22:11:27+00:00\",\"breadcrumb\":{\"@id\":\"https:\\\/\\\/www.arquimaster.com.ar\\\/web\\\/clinica-dental-valles-valles-ylab-arquitectos-barcelona\\\/#breadcrumb\"},\"inLanguage\":\"es\",\"potentialAction\":[{\"@type\":\"ReadAction\",\"target\":[\"https:\\\/\\\/www.arquimaster.com.ar\\\/web\\\/clinica-dental-valles-valles-ylab-arquitectos-barcelona\\\/\"]}]},{\"@type\":\"ImageObject\",\"inLanguage\":\"es\",\"@id\":\"https:\\\/\\\/www.arquimaster.com.ar\\\/web\\\/clinica-dental-valles-valles-ylab-arquitectos-barcelona\\\/#primaryimage\",\"url\":\"https:\\\/\\\/www.arquimaster.com.ar\\\/web\\\/wp-content\\\/uploads\\\/2016\\\/06\\\/clinica_dental_valles_slide.jpg\",\"contentUrl\":\"https:\\\/\\\/www.arquimaster.com.ar\\\/web\\\/wp-content\\\/uploads\\\/2016\\\/06\\\/clinica_dental_valles_slide.jpg\",\"width\":642,\"height\":336},{\"@type\":\"BreadcrumbList\",\"@id\":\"https:\\\/\\\/www.arquimaster.com.ar\\\/web\\\/clinica-dental-valles-valles-ylab-arquitectos-barcelona\\\/#breadcrumb\",\"itemListElement\":[{\"@type\":\"ListItem\",\"position\":1,\"name\":\"Portada\",\"item\":\"https:\\\/\\\/www.arquimaster.com.ar\\\/web\\\/\"},{\"@type\":\"ListItem\",\"position\":2,\"name\":\"Clinica Dental Valles &#038; Valles \\\/ YLAB Arquitectos Barcelona\"}]},{\"@type\":\"WebSite\",\"@id\":\"https:\\\/\\\/www.arquimaster.com.ar\\\/web\\\/#website\",\"url\":\"https:\\\/\\\/www.arquimaster.com.ar\\\/web\\\/\",\"name\":\"Arquimaster\",\"description\":\"Web de arquitectura, dise\u00f1o y construccion\",\"publisher\":{\"@id\":\"https:\\\/\\\/www.arquimaster.com.ar\\\/web\\\/#organization\"},\"potentialAction\":[{\"@type\":\"SearchAction\",\"target\":{\"@type\":\"EntryPoint\",\"urlTemplate\":\"https:\\\/\\\/www.arquimaster.com.ar\\\/web\\\/?s={search_term_string}\"},\"query-input\":{\"@type\":\"PropertyValueSpecification\",\"valueRequired\":true,\"valueName\":\"search_term_string\"}}],\"inLanguage\":\"es\"},{\"@type\":\"Organization\",\"@id\":\"https:\\\/\\\/www.arquimaster.com.ar\\\/web\\\/#organization\",\"name\":\"Arquimaster\",\"url\":\"https:\\\/\\\/www.arquimaster.com.ar\\\/web\\\/\",\"logo\":{\"@type\":\"ImageObject\",\"inLanguage\":\"es\",\"@id\":\"https:\\\/\\\/www.arquimaster.com.ar\\\/web\\\/#\\\/schema\\\/logo\\\/image\\\/\",\"url\":\"https:\\\/\\\/www.arquimaster.com.ar\\\/web\\\/wp-content\\\/uploads\\\/2022\\\/06\\\/arquimaster.png\",\"contentUrl\":\"https:\\\/\\\/www.arquimaster.com.ar\\\/web\\\/wp-content\\\/uploads\\\/2022\\\/06\\\/arquimaster.png\",\"width\":594,\"height\":78,\"caption\":\"Arquimaster\"},\"image\":{\"@id\":\"https:\\\/\\\/www.arquimaster.com.ar\\\/web\\\/#\\\/schema\\\/logo\\\/image\\\/\"},\"sameAs\":[\"http:\\\/\\\/www.facebook.com\\\/ARQUIMASTER.com.ar\",\"https:\\\/\\\/x.com\\\/arquimaster\",\"https:\\\/\\\/www.instagram.com\\\/arquimasterblog\\\/\",\"https:\\\/\\\/www.linkedin.com\\\/company\\\/arquimaster\",\"https:\\\/\\\/www.pinterest.com\\\/arquimaster\",\"https:\\\/\\\/t.me\\\/arquimaster\"]},{\"@type\":\"Person\",\"@id\":\"https:\\\/\\\/www.arquimaster.com.ar\\\/web\\\/#\\\/schema\\\/person\\\/359e9f7c00193fcde068e0dd2ceb0028\",\"name\":\"Arquimaster\"}]}<\/script>\n<!-- \/ Yoast SEO plugin. -->","yoast_head_json":{"title":"Clinica Dental Valles & Valles \/ YLAB Arquitectos Barcelona - Arquimaster","robots":{"index":"index","follow":"follow","max-snippet":"max-snippet:-1","max-image-preview":"max-image-preview:large","max-video-preview":"max-video-preview:-1"},"canonical":"https:\/\/www.arquimaster.com.ar\/web\/clinica-dental-valles-valles-ylab-arquitectos-barcelona\/","og_locale":"es_ES","og_type":"article","og_title":"Clinica Dental Valles & Valles \/ YLAB Arquitectos Barcelona - Arquimaster","og_description":"Imprimir al espacio un estilo abierto y din\u00e1mico para conseguir un ambiente accesible y fresco...","og_url":"https:\/\/www.arquimaster.com.ar\/web\/clinica-dental-valles-valles-ylab-arquitectos-barcelona\/","og_site_name":"Arquimaster","article_publisher":"http:\/\/www.facebook.com\/ARQUIMASTER.com.ar","article_published_time":"2016-06-20T22:02:38+00:00","article_modified_time":"2016-06-25T22:11:27+00:00","og_image":[{"width":642,"height":336,"url":"https:\/\/www.arquimaster.com.ar\/web\/wp-content\/uploads\/2016\/06\/clinica_dental_valles_slide.jpg","type":"image\/jpeg"}],"author":"Arquimaster","twitter_card":"summary_large_image","twitter_creator":"@arquimaster","twitter_site":"@arquimaster","twitter_misc":{"Escrito por":"Arquimaster","Tiempo de lectura":"4 minutos"},"schema":{"@context":"https:\/\/schema.org","@graph":[{"@type":"Article","@id":"https:\/\/www.arquimaster.com.ar\/web\/clinica-dental-valles-valles-ylab-arquitectos-barcelona\/#article","isPartOf":{"@id":"https:\/\/www.arquimaster.com.ar\/web\/clinica-dental-valles-valles-ylab-arquitectos-barcelona\/"},"author":{"name":"Arquimaster","@id":"https:\/\/www.arquimaster.com.ar\/web\/#\/schema\/person\/359e9f7c00193fcde068e0dd2ceb0028"},"headline":"Clinica Dental Valles &#038; Valles \/ YLAB Arquitectos Barcelona","datePublished":"2016-06-20T22:02:38+00:00","dateModified":"2016-06-25T22:11:27+00:00","mainEntityOfPage":{"@id":"https:\/\/www.arquimaster.com.ar\/web\/clinica-dental-valles-valles-ylab-arquitectos-barcelona\/"},"wordCount":813,"publisher":{"@id":"https:\/\/www.arquimaster.com.ar\/web\/#organization"},"image":{"@id":"https:\/\/www.arquimaster.com.ar\/web\/clinica-dental-valles-valles-ylab-arquitectos-barcelona\/#primaryimage"},"thumbnailUrl":"https:\/\/www.arquimaster.com.ar\/web\/wp-content\/uploads\/2016\/06\/clinica_dental_valles_slide.jpg","keywords":["Barcelona","Barrio del Ensanche","clinica","consultorio","consultorio dental","consultorio odontologico","Tobias Laarmann","YLAB Arquitectos","Yolanda Yuste"],"articleSection":["Edificios para la salud","Proyecto"],"inLanguage":"es"},{"@type":"WebPage","@id":"https:\/\/www.arquimaster.com.ar\/web\/clinica-dental-valles-valles-ylab-arquitectos-barcelona\/","url":"https:\/\/www.arquimaster.com.ar\/web\/clinica-dental-valles-valles-ylab-arquitectos-barcelona\/","name":"Clinica Dental Valles & Valles \/ YLAB Arquitectos Barcelona - Arquimaster","isPartOf":{"@id":"https:\/\/www.arquimaster.com.ar\/web\/#website"},"primaryImageOfPage":{"@id":"https:\/\/www.arquimaster.com.ar\/web\/clinica-dental-valles-valles-ylab-arquitectos-barcelona\/#primaryimage"},"image":{"@id":"https:\/\/www.arquimaster.com.ar\/web\/clinica-dental-valles-valles-ylab-arquitectos-barcelona\/#primaryimage"},"thumbnailUrl":"https:\/\/www.arquimaster.com.ar\/web\/wp-content\/uploads\/2016\/06\/clinica_dental_valles_slide.jpg","datePublished":"2016-06-20T22:02:38+00:00","dateModified":"2016-06-25T22:11:27+00:00","breadcrumb":{"@id":"https:\/\/www.arquimaster.com.ar\/web\/clinica-dental-valles-valles-ylab-arquitectos-barcelona\/#breadcrumb"},"inLanguage":"es","potentialAction":[{"@type":"ReadAction","target":["https:\/\/www.arquimaster.com.ar\/web\/clinica-dental-valles-valles-ylab-arquitectos-barcelona\/"]}]},{"@type":"ImageObject","inLanguage":"es","@id":"https:\/\/www.arquimaster.com.ar\/web\/clinica-dental-valles-valles-ylab-arquitectos-barcelona\/#primaryimage","url":"https:\/\/www.arquimaster.com.ar\/web\/wp-content\/uploads\/2016\/06\/clinica_dental_valles_slide.jpg","contentUrl":"https:\/\/www.arquimaster.com.ar\/web\/wp-content\/uploads\/2016\/06\/clinica_dental_valles_slide.jpg","width":642,"height":336},{"@type":"BreadcrumbList","@id":"https:\/\/www.arquimaster.com.ar\/web\/clinica-dental-valles-valles-ylab-arquitectos-barcelona\/#breadcrumb","itemListElement":[{"@type":"ListItem","position":1,"name":"Portada","item":"https:\/\/www.arquimaster.com.ar\/web\/"},{"@type":"ListItem","position":2,"name":"Clinica Dental Valles &#038; Valles \/ YLAB Arquitectos Barcelona"}]},{"@type":"WebSite","@id":"https:\/\/www.arquimaster.com.ar\/web\/#website","url":"https:\/\/www.arquimaster.com.ar\/web\/","name":"Arquimaster","description":"Web de arquitectura, dise\u00f1o y construccion","publisher":{"@id":"https:\/\/www.arquimaster.com.ar\/web\/#organization"},"potentialAction":[{"@type":"SearchAction","target":{"@type":"EntryPoint","urlTemplate":"https:\/\/www.arquimaster.com.ar\/web\/?s={search_term_string}"},"query-input":{"@type":"PropertyValueSpecification","valueRequired":true,"valueName":"search_term_string"}}],"inLanguage":"es"},{"@type":"Organization","@id":"https:\/\/www.arquimaster.com.ar\/web\/#organization","name":"Arquimaster","url":"https:\/\/www.arquimaster.com.ar\/web\/","logo":{"@type":"ImageObject","inLanguage":"es","@id":"https:\/\/www.arquimaster.com.ar\/web\/#\/schema\/logo\/image\/","url":"https:\/\/www.arquimaster.com.ar\/web\/wp-content\/uploads\/2022\/06\/arquimaster.png","contentUrl":"https:\/\/www.arquimaster.com.ar\/web\/wp-content\/uploads\/2022\/06\/arquimaster.png","width":594,"height":78,"caption":"Arquimaster"},"image":{"@id":"https:\/\/www.arquimaster.com.ar\/web\/#\/schema\/logo\/image\/"},"sameAs":["http:\/\/www.facebook.com\/ARQUIMASTER.com.ar","https:\/\/x.com\/arquimaster","https:\/\/www.instagram.com\/arquimasterblog\/","https:\/\/www.linkedin.com\/company\/arquimaster","https:\/\/www.pinterest.com\/arquimaster","https:\/\/t.me\/arquimaster"]},{"@type":"Person","@id":"https:\/\/www.arquimaster.com.ar\/web\/#\/schema\/person\/359e9f7c00193fcde068e0dd2ceb0028","name":"Arquimaster"}]}},"uagb_featured_image_src":{"full":["https:\/\/www.arquimaster.com.ar\/web\/wp-content\/uploads\/2016\/06\/clinica_dental_valles_slide.jpg",642,336,false],"thumbnail":["https:\/\/www.arquimaster.com.ar\/web\/wp-content\/uploads\/2016\/06\/clinica_dental_valles_slide-150x150.jpg",150,150,true],"medium":["https:\/\/www.arquimaster.com.ar\/web\/wp-content\/uploads\/2016\/06\/clinica_dental_valles_slide.jpg",642,336,false],"medium_large":["https:\/\/www.arquimaster.com.ar\/web\/wp-content\/uploads\/2016\/06\/clinica_dental_valles_slide.jpg",642,336,false],"large":["https:\/\/www.arquimaster.com.ar\/web\/wp-content\/uploads\/2016\/06\/clinica_dental_valles_slide.jpg",642,336,false],"1536x1536":["https:\/\/www.arquimaster.com.ar\/web\/wp-content\/uploads\/2016\/06\/clinica_dental_valles_slide.jpg",642,336,false],"2048x2048":["https:\/\/www.arquimaster.com.ar\/web\/wp-content\/uploads\/2016\/06\/clinica_dental_valles_slide.jpg",642,336,false]},"uagb_author_info":{"display_name":"Arquimaster","author_link":"https:\/\/www.arquimaster.com.ar\/web\/author\/arquimaster\/"},"uagb_comment_info":0,"uagb_excerpt":"Imprimir al espacio un estilo abierto y din\u00e1mico para conseguir un ambiente accesible y fresco...","_links":{"self":[{"href":"https:\/\/www.arquimaster.com.ar\/web\/wp-json\/wp\/v2\/posts\/20972","targetHints":{"allow":["GET"]}}],"collection":[{"href":"https:\/\/www.arquimaster.com.ar\/web\/wp-json\/wp\/v2\/posts"}],"about":[{"href":"https:\/\/www.arquimaster.com.ar\/web\/wp-json\/wp\/v2\/types\/post"}],"author":[{"embeddable":true,"href":"https:\/\/www.arquimaster.com.ar\/web\/wp-json\/wp\/v2\/users\/1"}],"replies":[{"embeddable":true,"href":"https:\/\/www.arquimaster.com.ar\/web\/wp-json\/wp\/v2\/comments?post=20972"}],"version-history":[{"count":0,"href":"https:\/\/www.arquimaster.com.ar\/web\/wp-json\/wp\/v2\/posts\/20972\/revisions"}],"wp:featuredmedia":[{"embeddable":true,"href":"https:\/\/www.arquimaster.com.ar\/web\/wp-json\/wp\/v2\/media\/20973"}],"wp:attachment":[{"href":"https:\/\/www.arquimaster.com.ar\/web\/wp-json\/wp\/v2\/media?parent=20972"}],"wp:term":[{"taxonomy":"category","embeddable":true,"href":"https:\/\/www.arquimaster.com.ar\/web\/wp-json\/wp\/v2\/categories?post=20972"},{"taxonomy":"post_tag","embeddable":true,"href":"https:\/\/www.arquimaster.com.ar\/web\/wp-json\/wp\/v2\/tags?post=20972"}],"curies":[{"name":"wp","href":"https:\/\/api.w.org\/{rel}","templated":true}]}}