{"id":21038,"date":"2016-06-26T02:05:54","date_gmt":"2016-06-26T02:05:54","guid":{"rendered":"http:\/\/www.arquimaster.com.ar\/web\/?p=21038"},"modified":"2025-10-25T20:23:53","modified_gmt":"2025-10-25T23:23:53","slug":"itar-amoblamientos-presente-en-la-cocina-mas-famosa-del-pais","status":"publish","type":"post","link":"https:\/\/www.arquimaster.com.ar\/web\/itar-amoblamientos-presente-en-la-cocina-mas-famosa-del-pais\/","title":{"rendered":"Itar Amoblamientos presente en la cocina m\u00e1s famosa del pa\u00eds"},"content":{"rendered":"<div style=\"margin-top: 0px; margin-bottom: 0px;\" class=\"sharethis-inline-share-buttons\" ><\/div><div class=\"b812932af2e751442846f039925109de\" data-index=\"1\" style=\"float: none; margin:25px 0 25px 0; text-align:center;\">\n<script async src=\"https:\/\/pagead2.googlesyndication.com\/pagead\/js\/adsbygoogle.js\"><\/script>\r\n<!-- Arquimaster (superior) -->\r\n<ins class=\"adsbygoogle\"\r\n     style=\"display:block\"\r\n     data-ad-client=\"ca-pub-6351072698456832\"\r\n     data-ad-slot=\"6455489680\"\r\n     data-ad-format=\"auto\"\r\n     data-full-width-responsive=\"true\"><\/ins>\r\n<script>\r\n     (adsbygoogle = window.adsbygoogle || []).push({});\r\n<\/script>\n<\/div>\n<p><em><strong>Por segundo a\u00f1o consecutivo, Itar Amoblamientos, vuelve a dise\u00f1ar la cocina de Gran Hermano 2016.<\/strong><\/em><\/p>\n<p><strong>Itar Amoblamientos<\/strong>, empresa dedicada al equipamiento mobiliario, dise\u00f1a por segundo a\u00f1o consecutivo la cocina del reconocido reality: Gran Hermano, edici\u00f3n 2016.<\/p>\n<div id='gallery-1' class='gallery galleryid-21038 gallery-columns-3 gallery-size-thumbnail'><figure class='gallery-item'>\n\t\t\t<div class='gallery-icon landscape'>\n\t\t\t\t<a href='https:\/\/www.arquimaster.com.ar\/web\/wp-content\/uploads\/2016\/06\/itar_gh1.jpg' title=\"Itar Amoblamientos presente en la cocina m\u00e1s famosa del pa\u00eds\" data-rl_title=\"Itar Amoblamientos presente en la cocina m\u00e1s famosa del pa\u00eds\" class=\"rl-gallery-link\" data-rl_caption=\"Itar Amoblamientos presente en la cocina m\u00e1s famosa del pa\u00eds\" data-rel=\"lightbox-gallery-1\"><img loading=\"lazy\" decoding=\"async\" width=\"150\" height=\"150\" src=\"https:\/\/www.arquimaster.com.ar\/web\/wp-content\/uploads\/2016\/06\/itar_gh1-150x150.jpg\" class=\"attachment-thumbnail size-thumbnail\" alt=\"\" aria-describedby=\"gallery-1-21040\" srcset=\"https:\/\/www.arquimaster.com.ar\/web\/wp-content\/uploads\/2016\/06\/itar_gh1-150x150.jpg 150w, https:\/\/www.arquimaster.com.ar\/web\/wp-content\/uploads\/2016\/06\/itar_gh1-50x50.jpg 50w, https:\/\/www.arquimaster.com.ar\/web\/wp-content\/uploads\/2016\/06\/itar_gh1-125x125.jpg 125w\" sizes=\"auto, (max-width: 150px) 100vw, 150px\" \/><\/a>\n\t\t\t<\/div>\n\t\t\t\t<figcaption class='wp-caption-text gallery-caption' id='gallery-1-21040'>\n\t\t\t\tItar Amoblamientos presente en la cocina m\u00e1s famosa del pa\u00eds\n\t\t\t\t<\/figcaption><\/figure><figure class='gallery-item'>\n\t\t\t<div class='gallery-icon landscape'>\n\t\t\t\t<a href='https:\/\/www.arquimaster.com.ar\/web\/wp-content\/uploads\/2016\/06\/itar_gh2.jpg' title=\"Itar Amoblamientos presente en la cocina m\u00e1s famosa del pa\u00eds\" data-rl_title=\"Itar Amoblamientos presente en la cocina m\u00e1s famosa del pa\u00eds\" class=\"rl-gallery-link\" data-rl_caption=\"Itar Amoblamientos presente en la cocina m\u00e1s famosa del pa\u00eds\" data-rel=\"lightbox-gallery-1\"><img loading=\"lazy\" decoding=\"async\" width=\"150\" height=\"150\" src=\"https:\/\/www.arquimaster.com.ar\/web\/wp-content\/uploads\/2016\/06\/itar_gh2-150x150.jpg\" class=\"attachment-thumbnail size-thumbnail\" alt=\"\" aria-describedby=\"gallery-1-21041\" srcset=\"https:\/\/www.arquimaster.com.ar\/web\/wp-content\/uploads\/2016\/06\/itar_gh2-150x150.jpg 150w, https:\/\/www.arquimaster.com.ar\/web\/wp-content\/uploads\/2016\/06\/itar_gh2-50x50.jpg 50w, https:\/\/www.arquimaster.com.ar\/web\/wp-content\/uploads\/2016\/06\/itar_gh2-125x125.jpg 125w\" sizes=\"auto, (max-width: 150px) 100vw, 150px\" \/><\/a>\n\t\t\t<\/div>\n\t\t\t\t<figcaption class='wp-caption-text gallery-caption' id='gallery-1-21041'>\n\t\t\t\tItar Amoblamientos presente en la cocina m\u00e1s famosa del pa\u00eds\n\t\t\t\t<\/figcaption><\/figure>\n\t\t<\/div>\n\n<p>En esta oportunidad, el proyecto de modulaci\u00f3n del amoblamiento de cocina fue dise\u00f1ado por el Arq. Eduardo Tisera, Asesor T\u00e9cnico, de Itar Amoblamientos.<\/p>\n<p>Junto con el Arq. Alberto Negrin, quien lideraba el proyecto Integral, Tisera tuvo la responsabilidad de cumplir con la premisa de generar un espacio m\u00e1s grande que permita integrar la cocina con el comedor.<\/p>\n<p>Con este objetivo en vista, se decidi\u00f3 cambiar la direcci\u00f3n del \u00e1ngulo de\u00a0la gran isla con desayunador, generando m\u00e1s amplitud y mejor visi\u00f3n al resto de los ambientes de la casa.<\/p>\n<p>En cuanto a las tonalidades seleccionadas, el color amarillo anaranjado result\u00f3 ser el protagonista, proporcionando gran calidez al \u00e1mbito de la cocina.<\/p>\n<p>Respecto a los materiales, las puertas fueron realizadas en MDF laqueado brillante con perfil tirador horizontal en aluminio anodizado.<\/p>\n<p>Cabe destacar que todos los muebles de Itar cuentan con una garant\u00eda de 3 a\u00f1os y pr\u00f3ximamente el amoblamiento de la cocina de GH estar\u00e1 disponible en puntos de venta.<\/p>\n<p><strong>Acerca de Itar Amoblamientos<\/strong><br \/>\nEs una empresa creada en 1963 por Jos\u00e9 Scattaretica, un artesano e inmigrante Italiano. Actualmente contin\u00faan con su legado, sus hijos: Sergio Scattaretica, Gerente General junto a Claudia y Carina Scattaretica, Socias Gerentes de Itar.<\/p>\n<p>Itar Amoblamientos es una compa\u00f1\u00eda que se caracteriza por brindar una amplia variedad de muebles para ba\u00f1o, cocina y dormitorio, haciendo foco en la excelente calidad y dise\u00f1os innovadores.<\/p>\n<p>La empresa se destaca en el sector, no s\u00f3lo por su experiencia y el compromiso que asumen con los clientes sino tambi\u00e9n por su inversi\u00f3n en tecnolog\u00eda industrial y su apuesta al desarrollo sustentable, debido al uso de materias primas que, en su gran mayor\u00eda, provienen de plantaciones forestales manejadas y certificadas bajo est\u00e1ndar de manejo sostenible.<\/p>\n<p>Itar Amoblamientos\u00a0cuenta con distribuidores en diversos puntos del pa\u00eds y toda su l\u00ednea de muebles posee una garant\u00eda escrita de 3 a\u00f1os, un hecho sin precedentes en el rubro mobiliario.<\/p>\n\n<div style=\"font-size: 0px; height: 0px; line-height: 0px; margin: 0; padding: 0; clear: both;\"><\/div><div style=\"margin-top: 0px; margin-bottom: 0px;\" class=\"sharethis-inline-share-buttons\" ><\/div>","protected":false},"excerpt":{"rendered":"<p>La empresa dise\u00f1\u00f3 por segundo a\u00f1o consecutivo la cocina del reconocido reality Gran Hermano&#8230;<\/p>\n","protected":false},"author":1,"featured_media":21039,"comment_status":"closed","ping_status":"closed","sticky":false,"template":"","format":"standard","meta":{"_uag_custom_page_level_css":"","footnotes":""},"categories":[55,56],"tags":[613,3866,3867,3868,3865,114,2370],"class_list":["post-21038","post","type-post","status-publish","format-standard","has-post-thumbnail","hentry","category-diseno","category-diseno-interior-decoracion","tag-cocina","tag-gh","tag-gh16","tag-gran-hermano","tag-itar-amoblamientos","tag-muebles-de-cocina","tag-television","generate-columns","tablet-grid-50","mobile-grid-100","grid-parent","grid-50"],"yoast_head":"<!-- This site is optimized with the Yoast SEO plugin v27.3 - https:\/\/yoast.com\/product\/yoast-seo-wordpress\/ -->\n<title>Itar Amoblamientos presente en la cocina m\u00e1s famosa del pa\u00eds - Arquimaster<\/title>\n<meta name=\"robots\" content=\"index, follow, max-snippet:-1, max-image-preview:large, max-video-preview:-1\" \/>\n<link rel=\"canonical\" href=\"https:\/\/www.arquimaster.com.ar\/web\/itar-amoblamientos-presente-en-la-cocina-mas-famosa-del-pais\/\" \/>\n<meta property=\"og:locale\" content=\"es_ES\" \/>\n<meta property=\"og:type\" content=\"article\" \/>\n<meta property=\"og:title\" content=\"Itar Amoblamientos presente en la cocina m\u00e1s famosa del pa\u00eds - Arquimaster\" \/>\n<meta property=\"og:description\" content=\"La empresa dise\u00f1\u00f3 por segundo a\u00f1o consecutivo la cocina del reconocido reality Gran Hermano...\" \/>\n<meta property=\"og:url\" content=\"https:\/\/www.arquimaster.com.ar\/web\/itar-amoblamientos-presente-en-la-cocina-mas-famosa-del-pais\/\" \/>\n<meta property=\"og:site_name\" content=\"Arquimaster\" \/>\n<meta property=\"article:publisher\" content=\"http:\/\/www.facebook.com\/ARQUIMASTER.com.ar\" \/>\n<meta property=\"article:published_time\" content=\"2016-06-26T02:05:54+00:00\" \/>\n<meta property=\"article:modified_time\" content=\"2025-10-25T23:23:53+00:00\" \/>\n<meta property=\"og:image\" content=\"https:\/\/www.arquimaster.com.ar\/web\/wp-content\/uploads\/2016\/06\/itar_gh_slide.jpg\" \/>\n\t<meta property=\"og:image:width\" content=\"642\" \/>\n\t<meta property=\"og:image:height\" content=\"336\" \/>\n\t<meta property=\"og:image:type\" content=\"image\/jpeg\" \/>\n<meta name=\"author\" content=\"Arquimaster\" \/>\n<meta name=\"twitter:card\" content=\"summary_large_image\" \/>\n<meta name=\"twitter:creator\" content=\"@arquimaster\" \/>\n<meta name=\"twitter:site\" content=\"@arquimaster\" \/>\n<meta name=\"twitter:label1\" content=\"Escrito por\" \/>\n\t<meta name=\"twitter:data1\" content=\"Arquimaster\" \/>\n\t<meta name=\"twitter:label2\" content=\"Tiempo de lectura\" \/>\n\t<meta name=\"twitter:data2\" content=\"2 minutos\" \/>\n<script type=\"application\/ld+json\" class=\"yoast-schema-graph\">{\"@context\":\"https:\\\/\\\/schema.org\",\"@graph\":[{\"@type\":\"Article\",\"@id\":\"https:\\\/\\\/www.arquimaster.com.ar\\\/web\\\/itar-amoblamientos-presente-en-la-cocina-mas-famosa-del-pais\\\/#article\",\"isPartOf\":{\"@id\":\"https:\\\/\\\/www.arquimaster.com.ar\\\/web\\\/itar-amoblamientos-presente-en-la-cocina-mas-famosa-del-pais\\\/\"},\"author\":{\"name\":\"Arquimaster\",\"@id\":\"https:\\\/\\\/www.arquimaster.com.ar\\\/web\\\/#\\\/schema\\\/person\\\/359e9f7c00193fcde068e0dd2ceb0028\"},\"headline\":\"Itar Amoblamientos presente en la cocina m\u00e1s famosa del pa\u00eds\",\"datePublished\":\"2016-06-26T02:05:54+00:00\",\"dateModified\":\"2025-10-25T23:23:53+00:00\",\"mainEntityOfPage\":{\"@id\":\"https:\\\/\\\/www.arquimaster.com.ar\\\/web\\\/itar-amoblamientos-presente-en-la-cocina-mas-famosa-del-pais\\\/\"},\"wordCount\":392,\"publisher\":{\"@id\":\"https:\\\/\\\/www.arquimaster.com.ar\\\/web\\\/#organization\"},\"image\":{\"@id\":\"https:\\\/\\\/www.arquimaster.com.ar\\\/web\\\/itar-amoblamientos-presente-en-la-cocina-mas-famosa-del-pais\\\/#primaryimage\"},\"thumbnailUrl\":\"https:\\\/\\\/www.arquimaster.com.ar\\\/web\\\/wp-content\\\/uploads\\\/2016\\\/06\\\/itar_gh_slide.jpg\",\"keywords\":[\"cocina\",\"GH\",\"GH16\",\"Gran Hermano\",\"Itar Amoblamientos\",\"muebles de cocina\",\"television\"],\"articleSection\":[\"Dise\u00f1o\",\"Dise\u00f1o interior y decoracion\"],\"inLanguage\":\"es\"},{\"@type\":\"WebPage\",\"@id\":\"https:\\\/\\\/www.arquimaster.com.ar\\\/web\\\/itar-amoblamientos-presente-en-la-cocina-mas-famosa-del-pais\\\/\",\"url\":\"https:\\\/\\\/www.arquimaster.com.ar\\\/web\\\/itar-amoblamientos-presente-en-la-cocina-mas-famosa-del-pais\\\/\",\"name\":\"Itar Amoblamientos presente en la cocina m\u00e1s famosa del pa\u00eds - Arquimaster\",\"isPartOf\":{\"@id\":\"https:\\\/\\\/www.arquimaster.com.ar\\\/web\\\/#website\"},\"primaryImageOfPage\":{\"@id\":\"https:\\\/\\\/www.arquimaster.com.ar\\\/web\\\/itar-amoblamientos-presente-en-la-cocina-mas-famosa-del-pais\\\/#primaryimage\"},\"image\":{\"@id\":\"https:\\\/\\\/www.arquimaster.com.ar\\\/web\\\/itar-amoblamientos-presente-en-la-cocina-mas-famosa-del-pais\\\/#primaryimage\"},\"thumbnailUrl\":\"https:\\\/\\\/www.arquimaster.com.ar\\\/web\\\/wp-content\\\/uploads\\\/2016\\\/06\\\/itar_gh_slide.jpg\",\"datePublished\":\"2016-06-26T02:05:54+00:00\",\"dateModified\":\"2025-10-25T23:23:53+00:00\",\"breadcrumb\":{\"@id\":\"https:\\\/\\\/www.arquimaster.com.ar\\\/web\\\/itar-amoblamientos-presente-en-la-cocina-mas-famosa-del-pais\\\/#breadcrumb\"},\"inLanguage\":\"es\",\"potentialAction\":[{\"@type\":\"ReadAction\",\"target\":[\"https:\\\/\\\/www.arquimaster.com.ar\\\/web\\\/itar-amoblamientos-presente-en-la-cocina-mas-famosa-del-pais\\\/\"]}]},{\"@type\":\"ImageObject\",\"inLanguage\":\"es\",\"@id\":\"https:\\\/\\\/www.arquimaster.com.ar\\\/web\\\/itar-amoblamientos-presente-en-la-cocina-mas-famosa-del-pais\\\/#primaryimage\",\"url\":\"https:\\\/\\\/www.arquimaster.com.ar\\\/web\\\/wp-content\\\/uploads\\\/2016\\\/06\\\/itar_gh_slide.jpg\",\"contentUrl\":\"https:\\\/\\\/www.arquimaster.com.ar\\\/web\\\/wp-content\\\/uploads\\\/2016\\\/06\\\/itar_gh_slide.jpg\",\"width\":642,\"height\":336},{\"@type\":\"BreadcrumbList\",\"@id\":\"https:\\\/\\\/www.arquimaster.com.ar\\\/web\\\/itar-amoblamientos-presente-en-la-cocina-mas-famosa-del-pais\\\/#breadcrumb\",\"itemListElement\":[{\"@type\":\"ListItem\",\"position\":1,\"name\":\"Portada\",\"item\":\"https:\\\/\\\/www.arquimaster.com.ar\\\/web\\\/\"},{\"@type\":\"ListItem\",\"position\":2,\"name\":\"Itar Amoblamientos presente en la cocina m\u00e1s famosa del pa\u00eds\"}]},{\"@type\":\"WebSite\",\"@id\":\"https:\\\/\\\/www.arquimaster.com.ar\\\/web\\\/#website\",\"url\":\"https:\\\/\\\/www.arquimaster.com.ar\\\/web\\\/\",\"name\":\"Arquimaster\",\"description\":\"Web de arquitectura, dise\u00f1o y construccion\",\"publisher\":{\"@id\":\"https:\\\/\\\/www.arquimaster.com.ar\\\/web\\\/#organization\"},\"potentialAction\":[{\"@type\":\"SearchAction\",\"target\":{\"@type\":\"EntryPoint\",\"urlTemplate\":\"https:\\\/\\\/www.arquimaster.com.ar\\\/web\\\/?s={search_term_string}\"},\"query-input\":{\"@type\":\"PropertyValueSpecification\",\"valueRequired\":true,\"valueName\":\"search_term_string\"}}],\"inLanguage\":\"es\"},{\"@type\":\"Organization\",\"@id\":\"https:\\\/\\\/www.arquimaster.com.ar\\\/web\\\/#organization\",\"name\":\"Arquimaster\",\"url\":\"https:\\\/\\\/www.arquimaster.com.ar\\\/web\\\/\",\"logo\":{\"@type\":\"ImageObject\",\"inLanguage\":\"es\",\"@id\":\"https:\\\/\\\/www.arquimaster.com.ar\\\/web\\\/#\\\/schema\\\/logo\\\/image\\\/\",\"url\":\"https:\\\/\\\/www.arquimaster.com.ar\\\/web\\\/wp-content\\\/uploads\\\/2022\\\/06\\\/arquimaster.png\",\"contentUrl\":\"https:\\\/\\\/www.arquimaster.com.ar\\\/web\\\/wp-content\\\/uploads\\\/2022\\\/06\\\/arquimaster.png\",\"width\":594,\"height\":78,\"caption\":\"Arquimaster\"},\"image\":{\"@id\":\"https:\\\/\\\/www.arquimaster.com.ar\\\/web\\\/#\\\/schema\\\/logo\\\/image\\\/\"},\"sameAs\":[\"http:\\\/\\\/www.facebook.com\\\/ARQUIMASTER.com.ar\",\"https:\\\/\\\/x.com\\\/arquimaster\",\"https:\\\/\\\/www.instagram.com\\\/arquimasterblog\\\/\",\"https:\\\/\\\/www.linkedin.com\\\/company\\\/arquimaster\",\"https:\\\/\\\/www.pinterest.com\\\/arquimaster\",\"https:\\\/\\\/t.me\\\/arquimaster\"]},{\"@type\":\"Person\",\"@id\":\"https:\\\/\\\/www.arquimaster.com.ar\\\/web\\\/#\\\/schema\\\/person\\\/359e9f7c00193fcde068e0dd2ceb0028\",\"name\":\"Arquimaster\"}]}<\/script>\n<!-- \/ Yoast SEO plugin. -->","yoast_head_json":{"title":"Itar Amoblamientos presente en la cocina m\u00e1s famosa del pa\u00eds - Arquimaster","robots":{"index":"index","follow":"follow","max-snippet":"max-snippet:-1","max-image-preview":"max-image-preview:large","max-video-preview":"max-video-preview:-1"},"canonical":"https:\/\/www.arquimaster.com.ar\/web\/itar-amoblamientos-presente-en-la-cocina-mas-famosa-del-pais\/","og_locale":"es_ES","og_type":"article","og_title":"Itar Amoblamientos presente en la cocina m\u00e1s famosa del pa\u00eds - Arquimaster","og_description":"La empresa dise\u00f1\u00f3 por segundo a\u00f1o consecutivo la cocina del reconocido reality Gran Hermano...","og_url":"https:\/\/www.arquimaster.com.ar\/web\/itar-amoblamientos-presente-en-la-cocina-mas-famosa-del-pais\/","og_site_name":"Arquimaster","article_publisher":"http:\/\/www.facebook.com\/ARQUIMASTER.com.ar","article_published_time":"2016-06-26T02:05:54+00:00","article_modified_time":"2025-10-25T23:23:53+00:00","og_image":[{"width":642,"height":336,"url":"https:\/\/www.arquimaster.com.ar\/web\/wp-content\/uploads\/2016\/06\/itar_gh_slide.jpg","type":"image\/jpeg"}],"author":"Arquimaster","twitter_card":"summary_large_image","twitter_creator":"@arquimaster","twitter_site":"@arquimaster","twitter_misc":{"Escrito por":"Arquimaster","Tiempo de lectura":"2 minutos"},"schema":{"@context":"https:\/\/schema.org","@graph":[{"@type":"Article","@id":"https:\/\/www.arquimaster.com.ar\/web\/itar-amoblamientos-presente-en-la-cocina-mas-famosa-del-pais\/#article","isPartOf":{"@id":"https:\/\/www.arquimaster.com.ar\/web\/itar-amoblamientos-presente-en-la-cocina-mas-famosa-del-pais\/"},"author":{"name":"Arquimaster","@id":"https:\/\/www.arquimaster.com.ar\/web\/#\/schema\/person\/359e9f7c00193fcde068e0dd2ceb0028"},"headline":"Itar Amoblamientos presente en la cocina m\u00e1s famosa del pa\u00eds","datePublished":"2016-06-26T02:05:54+00:00","dateModified":"2025-10-25T23:23:53+00:00","mainEntityOfPage":{"@id":"https:\/\/www.arquimaster.com.ar\/web\/itar-amoblamientos-presente-en-la-cocina-mas-famosa-del-pais\/"},"wordCount":392,"publisher":{"@id":"https:\/\/www.arquimaster.com.ar\/web\/#organization"},"image":{"@id":"https:\/\/www.arquimaster.com.ar\/web\/itar-amoblamientos-presente-en-la-cocina-mas-famosa-del-pais\/#primaryimage"},"thumbnailUrl":"https:\/\/www.arquimaster.com.ar\/web\/wp-content\/uploads\/2016\/06\/itar_gh_slide.jpg","keywords":["cocina","GH","GH16","Gran Hermano","Itar Amoblamientos","muebles de cocina","television"],"articleSection":["Dise\u00f1o","Dise\u00f1o interior y decoracion"],"inLanguage":"es"},{"@type":"WebPage","@id":"https:\/\/www.arquimaster.com.ar\/web\/itar-amoblamientos-presente-en-la-cocina-mas-famosa-del-pais\/","url":"https:\/\/www.arquimaster.com.ar\/web\/itar-amoblamientos-presente-en-la-cocina-mas-famosa-del-pais\/","name":"Itar Amoblamientos presente en la cocina m\u00e1s famosa del pa\u00eds - Arquimaster","isPartOf":{"@id":"https:\/\/www.arquimaster.com.ar\/web\/#website"},"primaryImageOfPage":{"@id":"https:\/\/www.arquimaster.com.ar\/web\/itar-amoblamientos-presente-en-la-cocina-mas-famosa-del-pais\/#primaryimage"},"image":{"@id":"https:\/\/www.arquimaster.com.ar\/web\/itar-amoblamientos-presente-en-la-cocina-mas-famosa-del-pais\/#primaryimage"},"thumbnailUrl":"https:\/\/www.arquimaster.com.ar\/web\/wp-content\/uploads\/2016\/06\/itar_gh_slide.jpg","datePublished":"2016-06-26T02:05:54+00:00","dateModified":"2025-10-25T23:23:53+00:00","breadcrumb":{"@id":"https:\/\/www.arquimaster.com.ar\/web\/itar-amoblamientos-presente-en-la-cocina-mas-famosa-del-pais\/#breadcrumb"},"inLanguage":"es","potentialAction":[{"@type":"ReadAction","target":["https:\/\/www.arquimaster.com.ar\/web\/itar-amoblamientos-presente-en-la-cocina-mas-famosa-del-pais\/"]}]},{"@type":"ImageObject","inLanguage":"es","@id":"https:\/\/www.arquimaster.com.ar\/web\/itar-amoblamientos-presente-en-la-cocina-mas-famosa-del-pais\/#primaryimage","url":"https:\/\/www.arquimaster.com.ar\/web\/wp-content\/uploads\/2016\/06\/itar_gh_slide.jpg","contentUrl":"https:\/\/www.arquimaster.com.ar\/web\/wp-content\/uploads\/2016\/06\/itar_gh_slide.jpg","width":642,"height":336},{"@type":"BreadcrumbList","@id":"https:\/\/www.arquimaster.com.ar\/web\/itar-amoblamientos-presente-en-la-cocina-mas-famosa-del-pais\/#breadcrumb","itemListElement":[{"@type":"ListItem","position":1,"name":"Portada","item":"https:\/\/www.arquimaster.com.ar\/web\/"},{"@type":"ListItem","position":2,"name":"Itar Amoblamientos presente en la cocina m\u00e1s famosa del pa\u00eds"}]},{"@type":"WebSite","@id":"https:\/\/www.arquimaster.com.ar\/web\/#website","url":"https:\/\/www.arquimaster.com.ar\/web\/","name":"Arquimaster","description":"Web de arquitectura, dise\u00f1o y construccion","publisher":{"@id":"https:\/\/www.arquimaster.com.ar\/web\/#organization"},"potentialAction":[{"@type":"SearchAction","target":{"@type":"EntryPoint","urlTemplate":"https:\/\/www.arquimaster.com.ar\/web\/?s={search_term_string}"},"query-input":{"@type":"PropertyValueSpecification","valueRequired":true,"valueName":"search_term_string"}}],"inLanguage":"es"},{"@type":"Organization","@id":"https:\/\/www.arquimaster.com.ar\/web\/#organization","name":"Arquimaster","url":"https:\/\/www.arquimaster.com.ar\/web\/","logo":{"@type":"ImageObject","inLanguage":"es","@id":"https:\/\/www.arquimaster.com.ar\/web\/#\/schema\/logo\/image\/","url":"https:\/\/www.arquimaster.com.ar\/web\/wp-content\/uploads\/2022\/06\/arquimaster.png","contentUrl":"https:\/\/www.arquimaster.com.ar\/web\/wp-content\/uploads\/2022\/06\/arquimaster.png","width":594,"height":78,"caption":"Arquimaster"},"image":{"@id":"https:\/\/www.arquimaster.com.ar\/web\/#\/schema\/logo\/image\/"},"sameAs":["http:\/\/www.facebook.com\/ARQUIMASTER.com.ar","https:\/\/x.com\/arquimaster","https:\/\/www.instagram.com\/arquimasterblog\/","https:\/\/www.linkedin.com\/company\/arquimaster","https:\/\/www.pinterest.com\/arquimaster","https:\/\/t.me\/arquimaster"]},{"@type":"Person","@id":"https:\/\/www.arquimaster.com.ar\/web\/#\/schema\/person\/359e9f7c00193fcde068e0dd2ceb0028","name":"Arquimaster"}]}},"uagb_featured_image_src":{"full":["https:\/\/www.arquimaster.com.ar\/web\/wp-content\/uploads\/2016\/06\/itar_gh_slide.jpg",642,336,false],"thumbnail":["https:\/\/www.arquimaster.com.ar\/web\/wp-content\/uploads\/2016\/06\/itar_gh_slide-150x150.jpg",150,150,true],"medium":["https:\/\/www.arquimaster.com.ar\/web\/wp-content\/uploads\/2016\/06\/itar_gh_slide.jpg",642,336,false],"medium_large":["https:\/\/www.arquimaster.com.ar\/web\/wp-content\/uploads\/2016\/06\/itar_gh_slide.jpg",642,336,false],"large":["https:\/\/www.arquimaster.com.ar\/web\/wp-content\/uploads\/2016\/06\/itar_gh_slide.jpg",642,336,false],"1536x1536":["https:\/\/www.arquimaster.com.ar\/web\/wp-content\/uploads\/2016\/06\/itar_gh_slide.jpg",642,336,false],"2048x2048":["https:\/\/www.arquimaster.com.ar\/web\/wp-content\/uploads\/2016\/06\/itar_gh_slide.jpg",642,336,false]},"uagb_author_info":{"display_name":"Arquimaster","author_link":"https:\/\/www.arquimaster.com.ar\/web\/author\/arquimaster\/"},"uagb_comment_info":0,"uagb_excerpt":"La empresa dise\u00f1\u00f3 por segundo a\u00f1o consecutivo la cocina del reconocido reality Gran Hermano...","_links":{"self":[{"href":"https:\/\/www.arquimaster.com.ar\/web\/wp-json\/wp\/v2\/posts\/21038","targetHints":{"allow":["GET"]}}],"collection":[{"href":"https:\/\/www.arquimaster.com.ar\/web\/wp-json\/wp\/v2\/posts"}],"about":[{"href":"https:\/\/www.arquimaster.com.ar\/web\/wp-json\/wp\/v2\/types\/post"}],"author":[{"embeddable":true,"href":"https:\/\/www.arquimaster.com.ar\/web\/wp-json\/wp\/v2\/users\/1"}],"replies":[{"embeddable":true,"href":"https:\/\/www.arquimaster.com.ar\/web\/wp-json\/wp\/v2\/comments?post=21038"}],"version-history":[{"count":1,"href":"https:\/\/www.arquimaster.com.ar\/web\/wp-json\/wp\/v2\/posts\/21038\/revisions"}],"predecessor-version":[{"id":86356,"href":"https:\/\/www.arquimaster.com.ar\/web\/wp-json\/wp\/v2\/posts\/21038\/revisions\/86356"}],"wp:featuredmedia":[{"embeddable":true,"href":"https:\/\/www.arquimaster.com.ar\/web\/wp-json\/wp\/v2\/media\/21039"}],"wp:attachment":[{"href":"https:\/\/www.arquimaster.com.ar\/web\/wp-json\/wp\/v2\/media?parent=21038"}],"wp:term":[{"taxonomy":"category","embeddable":true,"href":"https:\/\/www.arquimaster.com.ar\/web\/wp-json\/wp\/v2\/categories?post=21038"},{"taxonomy":"post_tag","embeddable":true,"href":"https:\/\/www.arquimaster.com.ar\/web\/wp-json\/wp\/v2\/tags?post=21038"}],"curies":[{"name":"wp","href":"https:\/\/api.w.org\/{rel}","templated":true}]}}