{"id":21795,"date":"2016-07-31T02:22:46","date_gmt":"2016-07-31T02:22:46","guid":{"rendered":"http:\/\/www.arquimaster.com.ar\/web\/?p=21795"},"modified":"2016-08-12T02:47:44","modified_gmt":"2016-08-12T02:47:44","slug":"vivienda-en-el-valles-oriental-ylab-arquitectos","status":"publish","type":"post","link":"https:\/\/www.arquimaster.com.ar\/web\/vivienda-en-el-valles-oriental-ylab-arquitectos\/","title":{"rendered":"Vivienda en el Vall\u00e8s Oriental \/ YLAB Arquitectos"},"content":{"rendered":"<div style=\"margin-top: 0px; margin-bottom: 0px;\" class=\"sharethis-inline-share-buttons\" ><\/div><div class=\"b812932af2e751442846f039925109de\" data-index=\"1\" style=\"float: none; margin:25px 0 25px 0; text-align:center;\">\n<script async src=\"https:\/\/pagead2.googlesyndication.com\/pagead\/js\/adsbygoogle.js\"><\/script>\r\n<!-- Arquimaster (superior) -->\r\n<ins class=\"adsbygoogle\"\r\n     style=\"display:block\"\r\n     data-ad-client=\"ca-pub-6351072698456832\"\r\n     data-ad-slot=\"6455489680\"\r\n     data-ad-format=\"auto\"\r\n     data-full-width-responsive=\"true\"><\/ins>\r\n<script>\r\n     (adsbygoogle = window.adsbygoogle || []).push({});\r\n<\/script>\n<\/div>\n<p><strong>Vivienda en el Vall\u00e8s Oriental<\/strong> (Barcelona) por <strong>YLAB Arquitectos<\/strong>. Situada en un precioso valle en el sur de las monta\u00f1as del Maresme, esta casa ha sido dise\u00f1ada para captar las magn\u00edficas vistas sobre la cordillera litoral y sus bosques de pinos y encinas. Los clientes, una familia escandinava, quer\u00edan crear una vivienda de vacaciones de ensue\u00f1o con espacio para sus hijos e invitados: un espacio contempor\u00e1neo, \u00fanico y confortable para albergar una atm\u00f3sfera acogedora y armoniosa.<\/p>\n<div id='gallery-1' class='gallery galleryid-21795 gallery-columns-3 gallery-size-thumbnail'><figure class='gallery-item'>\n\t\t\t<div class='gallery-icon landscape'>\n\t\t\t\t<a href='https:\/\/www.arquimaster.com.ar\/web\/wp-content\/uploads\/2016\/07\/casa_valles_oriental1.jpg' title=\"Vivienda en el Vall\u00e8s Oriental \/ YLAB Arquitectos (\u00a9 Tobias Laarmann)\" data-rl_title=\"Vivienda en el Vall\u00e8s Oriental \/ YLAB Arquitectos (\u00a9 Tobias Laarmann)\" class=\"rl-gallery-link\" data-rl_caption=\"Vivienda en el Vall\u00e8s Oriental \/ YLAB Arquitectos (\u00a9 Tobias Laarmann)\" data-rel=\"lightbox-gallery-1\"><img loading=\"lazy\" decoding=\"async\" width=\"150\" height=\"150\" src=\"https:\/\/www.arquimaster.com.ar\/web\/wp-content\/uploads\/2016\/07\/casa_valles_oriental1-150x150.jpg\" class=\"attachment-thumbnail size-thumbnail\" alt=\"\" aria-describedby=\"gallery-1-21799\" srcset=\"https:\/\/www.arquimaster.com.ar\/web\/wp-content\/uploads\/2016\/07\/casa_valles_oriental1-150x150.jpg 150w, https:\/\/www.arquimaster.com.ar\/web\/wp-content\/uploads\/2016\/07\/casa_valles_oriental1-50x50.jpg 50w, https:\/\/www.arquimaster.com.ar\/web\/wp-content\/uploads\/2016\/07\/casa_valles_oriental1-125x125.jpg 125w\" sizes=\"auto, (max-width: 150px) 100vw, 150px\" \/><\/a>\n\t\t\t<\/div>\n\t\t\t\t<figcaption class='wp-caption-text gallery-caption' id='gallery-1-21799'>\n\t\t\t\tVivienda en el Vall\u00e8s Oriental \/ YLAB Arquitectos (\u00a9 Tobias Laarmann)\n\t\t\t\t<\/figcaption><\/figure><figure class='gallery-item'>\n\t\t\t<div class='gallery-icon landscape'>\n\t\t\t\t<a href='https:\/\/www.arquimaster.com.ar\/web\/wp-content\/uploads\/2016\/07\/casa_valles_oriental2.jpg' title=\"Vivienda en el Vall\u00e8s Oriental \/ YLAB Arquitectos (\u00a9 Tobias Laarmann)\" data-rl_title=\"Vivienda en el Vall\u00e8s Oriental \/ YLAB Arquitectos (\u00a9 Tobias Laarmann)\" class=\"rl-gallery-link\" data-rl_caption=\"Vivienda en el Vall\u00e8s Oriental \/ YLAB Arquitectos (\u00a9 Tobias Laarmann)\" data-rel=\"lightbox-gallery-1\"><img loading=\"lazy\" decoding=\"async\" width=\"150\" height=\"150\" src=\"https:\/\/www.arquimaster.com.ar\/web\/wp-content\/uploads\/2016\/07\/casa_valles_oriental2-150x150.jpg\" class=\"attachment-thumbnail size-thumbnail\" alt=\"\" aria-describedby=\"gallery-1-21800\" srcset=\"https:\/\/www.arquimaster.com.ar\/web\/wp-content\/uploads\/2016\/07\/casa_valles_oriental2-150x150.jpg 150w, https:\/\/www.arquimaster.com.ar\/web\/wp-content\/uploads\/2016\/07\/casa_valles_oriental2-50x50.jpg 50w, https:\/\/www.arquimaster.com.ar\/web\/wp-content\/uploads\/2016\/07\/casa_valles_oriental2-125x125.jpg 125w\" sizes=\"auto, (max-width: 150px) 100vw, 150px\" \/><\/a>\n\t\t\t<\/div>\n\t\t\t\t<figcaption class='wp-caption-text gallery-caption' id='gallery-1-21800'>\n\t\t\t\tVivienda en el Vall\u00e8s Oriental \/ YLAB Arquitectos (\u00a9 Tobias Laarmann)\n\t\t\t\t<\/figcaption><\/figure><figure class='gallery-item'>\n\t\t\t<div class='gallery-icon landscape'>\n\t\t\t\t<a href='https:\/\/www.arquimaster.com.ar\/web\/wp-content\/uploads\/2016\/07\/casa_valles_oriental3.jpg' title=\"Vivienda en el Vall\u00e8s Oriental \/ YLAB Arquitectos (\u00a9 Tobias Laarmann)\" data-rl_title=\"Vivienda en el Vall\u00e8s Oriental \/ YLAB Arquitectos (\u00a9 Tobias Laarmann)\" class=\"rl-gallery-link\" data-rl_caption=\"Vivienda en el Vall\u00e8s Oriental \/ YLAB Arquitectos (\u00a9 Tobias Laarmann)\" data-rel=\"lightbox-gallery-1\"><img loading=\"lazy\" decoding=\"async\" width=\"150\" height=\"150\" src=\"https:\/\/www.arquimaster.com.ar\/web\/wp-content\/uploads\/2016\/07\/casa_valles_oriental3-150x150.jpg\" class=\"attachment-thumbnail size-thumbnail\" alt=\"\" aria-describedby=\"gallery-1-21801\" srcset=\"https:\/\/www.arquimaster.com.ar\/web\/wp-content\/uploads\/2016\/07\/casa_valles_oriental3-150x150.jpg 150w, https:\/\/www.arquimaster.com.ar\/web\/wp-content\/uploads\/2016\/07\/casa_valles_oriental3-50x50.jpg 50w, https:\/\/www.arquimaster.com.ar\/web\/wp-content\/uploads\/2016\/07\/casa_valles_oriental3-125x125.jpg 125w\" sizes=\"auto, (max-width: 150px) 100vw, 150px\" \/><\/a>\n\t\t\t<\/div>\n\t\t\t\t<figcaption class='wp-caption-text gallery-caption' id='gallery-1-21801'>\n\t\t\t\tVivienda en el Vall\u00e8s Oriental \/ YLAB Arquitectos (\u00a9 Tobias Laarmann)\n\t\t\t\t<\/figcaption><\/figure><figure class='gallery-item'>\n\t\t\t<div class='gallery-icon landscape'>\n\t\t\t\t<a href='https:\/\/www.arquimaster.com.ar\/web\/wp-content\/uploads\/2016\/07\/casa_valles_oriental4.jpg' title=\"Vivienda en el Vall\u00e8s Oriental \/ YLAB Arquitectos (\u00a9 Tobias Laarmann)\" data-rl_title=\"Vivienda en el Vall\u00e8s Oriental \/ YLAB Arquitectos (\u00a9 Tobias Laarmann)\" class=\"rl-gallery-link\" data-rl_caption=\"Vivienda en el Vall\u00e8s Oriental \/ YLAB Arquitectos (\u00a9 Tobias Laarmann)\" data-rel=\"lightbox-gallery-1\"><img loading=\"lazy\" decoding=\"async\" width=\"150\" height=\"150\" src=\"https:\/\/www.arquimaster.com.ar\/web\/wp-content\/uploads\/2016\/07\/casa_valles_oriental4-150x150.jpg\" class=\"attachment-thumbnail size-thumbnail\" alt=\"\" aria-describedby=\"gallery-1-21802\" srcset=\"https:\/\/www.arquimaster.com.ar\/web\/wp-content\/uploads\/2016\/07\/casa_valles_oriental4-150x150.jpg 150w, https:\/\/www.arquimaster.com.ar\/web\/wp-content\/uploads\/2016\/07\/casa_valles_oriental4-50x50.jpg 50w, https:\/\/www.arquimaster.com.ar\/web\/wp-content\/uploads\/2016\/07\/casa_valles_oriental4-125x125.jpg 125w\" sizes=\"auto, (max-width: 150px) 100vw, 150px\" \/><\/a>\n\t\t\t<\/div>\n\t\t\t\t<figcaption class='wp-caption-text gallery-caption' id='gallery-1-21802'>\n\t\t\t\tVivienda en el Vall\u00e8s Oriental \/ YLAB Arquitectos (\u00a9 Tobias Laarmann)\n\t\t\t\t<\/figcaption><\/figure><figure class='gallery-item'>\n\t\t\t<div class='gallery-icon landscape'>\n\t\t\t\t<a href='https:\/\/www.arquimaster.com.ar\/web\/wp-content\/uploads\/2016\/07\/casa_valles_oriental5.jpg' title=\"Vivienda en el Vall\u00e8s Oriental \/ YLAB Arquitectos (\u00a9 Tobias Laarmann)\" data-rl_title=\"Vivienda en el Vall\u00e8s Oriental \/ YLAB Arquitectos (\u00a9 Tobias Laarmann)\" class=\"rl-gallery-link\" data-rl_caption=\"Vivienda en el Vall\u00e8s Oriental \/ YLAB Arquitectos (\u00a9 Tobias Laarmann)\" data-rel=\"lightbox-gallery-1\"><img loading=\"lazy\" decoding=\"async\" width=\"150\" height=\"150\" src=\"https:\/\/www.arquimaster.com.ar\/web\/wp-content\/uploads\/2016\/07\/casa_valles_oriental5-150x150.jpg\" class=\"attachment-thumbnail size-thumbnail\" alt=\"\" aria-describedby=\"gallery-1-21803\" srcset=\"https:\/\/www.arquimaster.com.ar\/web\/wp-content\/uploads\/2016\/07\/casa_valles_oriental5-150x150.jpg 150w, https:\/\/www.arquimaster.com.ar\/web\/wp-content\/uploads\/2016\/07\/casa_valles_oriental5-50x50.jpg 50w, https:\/\/www.arquimaster.com.ar\/web\/wp-content\/uploads\/2016\/07\/casa_valles_oriental5-125x125.jpg 125w\" sizes=\"auto, (max-width: 150px) 100vw, 150px\" \/><\/a>\n\t\t\t<\/div>\n\t\t\t\t<figcaption class='wp-caption-text gallery-caption' id='gallery-1-21803'>\n\t\t\t\tVivienda en el Vall\u00e8s Oriental \/ YLAB Arquitectos (\u00a9 Tobias Laarmann)\n\t\t\t\t<\/figcaption><\/figure><figure class='gallery-item'>\n\t\t\t<div class='gallery-icon landscape'>\n\t\t\t\t<a href='https:\/\/www.arquimaster.com.ar\/web\/wp-content\/uploads\/2016\/07\/casa_valles_oriental6.jpg' title=\"Vivienda en el Vall\u00e8s Oriental \/ YLAB Arquitectos (\u00a9 Tobias Laarmann)\" data-rl_title=\"Vivienda en el Vall\u00e8s Oriental \/ YLAB Arquitectos (\u00a9 Tobias Laarmann)\" class=\"rl-gallery-link\" data-rl_caption=\"Vivienda en el Vall\u00e8s Oriental \/ YLAB Arquitectos (\u00a9 Tobias Laarmann)\" data-rel=\"lightbox-gallery-1\"><img loading=\"lazy\" decoding=\"async\" width=\"150\" height=\"150\" src=\"https:\/\/www.arquimaster.com.ar\/web\/wp-content\/uploads\/2016\/07\/casa_valles_oriental6-150x150.jpg\" class=\"attachment-thumbnail size-thumbnail\" alt=\"\" aria-describedby=\"gallery-1-21804\" srcset=\"https:\/\/www.arquimaster.com.ar\/web\/wp-content\/uploads\/2016\/07\/casa_valles_oriental6-150x150.jpg 150w, https:\/\/www.arquimaster.com.ar\/web\/wp-content\/uploads\/2016\/07\/casa_valles_oriental6-50x50.jpg 50w, https:\/\/www.arquimaster.com.ar\/web\/wp-content\/uploads\/2016\/07\/casa_valles_oriental6-125x125.jpg 125w\" sizes=\"auto, (max-width: 150px) 100vw, 150px\" \/><\/a>\n\t\t\t<\/div>\n\t\t\t\t<figcaption class='wp-caption-text gallery-caption' id='gallery-1-21804'>\n\t\t\t\tVivienda en el Vall\u00e8s Oriental \/ YLAB Arquitectos (\u00a9 Tobias Laarmann)\n\t\t\t\t<\/figcaption><\/figure><figure class='gallery-item'>\n\t\t\t<div class='gallery-icon landscape'>\n\t\t\t\t<a href='https:\/\/www.arquimaster.com.ar\/web\/wp-content\/uploads\/2016\/07\/casa_valles_oriental7.jpg' title=\"Vivienda en el Vall\u00e8s Oriental \/ YLAB Arquitectos (\u00a9 Tobias Laarmann)\" data-rl_title=\"Vivienda en el Vall\u00e8s Oriental \/ YLAB Arquitectos (\u00a9 Tobias Laarmann)\" class=\"rl-gallery-link\" data-rl_caption=\"Vivienda en el Vall\u00e8s Oriental \/ YLAB Arquitectos (\u00a9 Tobias Laarmann)\" data-rel=\"lightbox-gallery-1\"><img loading=\"lazy\" decoding=\"async\" width=\"150\" height=\"150\" src=\"https:\/\/www.arquimaster.com.ar\/web\/wp-content\/uploads\/2016\/07\/casa_valles_oriental7-150x150.jpg\" class=\"attachment-thumbnail size-thumbnail\" alt=\"\" aria-describedby=\"gallery-1-21805\" srcset=\"https:\/\/www.arquimaster.com.ar\/web\/wp-content\/uploads\/2016\/07\/casa_valles_oriental7-150x150.jpg 150w, https:\/\/www.arquimaster.com.ar\/web\/wp-content\/uploads\/2016\/07\/casa_valles_oriental7-50x50.jpg 50w, https:\/\/www.arquimaster.com.ar\/web\/wp-content\/uploads\/2016\/07\/casa_valles_oriental7-125x125.jpg 125w\" sizes=\"auto, (max-width: 150px) 100vw, 150px\" \/><\/a>\n\t\t\t<\/div>\n\t\t\t\t<figcaption class='wp-caption-text gallery-caption' id='gallery-1-21805'>\n\t\t\t\tVivienda en el Vall\u00e8s Oriental \/ YLAB Arquitectos (\u00a9 Tobias Laarmann)\n\t\t\t\t<\/figcaption><\/figure><figure class='gallery-item'>\n\t\t\t<div class='gallery-icon landscape'>\n\t\t\t\t<a href='https:\/\/www.arquimaster.com.ar\/web\/wp-content\/uploads\/2016\/07\/casa_valles_oriental8.jpg' title=\"Vivienda en el Vall\u00e8s Oriental \/ YLAB Arquitectos (\u00a9 Tobias Laarmann)\" data-rl_title=\"Vivienda en el Vall\u00e8s Oriental \/ YLAB Arquitectos (\u00a9 Tobias Laarmann)\" class=\"rl-gallery-link\" data-rl_caption=\"Vivienda en el Vall\u00e8s Oriental \/ YLAB Arquitectos (\u00a9 Tobias Laarmann)\" data-rel=\"lightbox-gallery-1\"><img loading=\"lazy\" decoding=\"async\" width=\"150\" height=\"150\" src=\"https:\/\/www.arquimaster.com.ar\/web\/wp-content\/uploads\/2016\/07\/casa_valles_oriental8-150x150.jpg\" class=\"attachment-thumbnail size-thumbnail\" alt=\"\" aria-describedby=\"gallery-1-21806\" srcset=\"https:\/\/www.arquimaster.com.ar\/web\/wp-content\/uploads\/2016\/07\/casa_valles_oriental8-150x150.jpg 150w, https:\/\/www.arquimaster.com.ar\/web\/wp-content\/uploads\/2016\/07\/casa_valles_oriental8-50x50.jpg 50w, https:\/\/www.arquimaster.com.ar\/web\/wp-content\/uploads\/2016\/07\/casa_valles_oriental8-125x125.jpg 125w\" sizes=\"auto, (max-width: 150px) 100vw, 150px\" \/><\/a>\n\t\t\t<\/div>\n\t\t\t\t<figcaption class='wp-caption-text gallery-caption' id='gallery-1-21806'>\n\t\t\t\tVivienda en el Vall\u00e8s Oriental \/ YLAB Arquitectos (\u00a9 Tobias Laarmann)\n\t\t\t\t<\/figcaption><\/figure><figure class='gallery-item'>\n\t\t\t<div class='gallery-icon landscape'>\n\t\t\t\t<a href='https:\/\/www.arquimaster.com.ar\/web\/wp-content\/uploads\/2016\/07\/casa_valles_oriental9.jpg' title=\"Vivienda en el Vall\u00e8s Oriental \/ YLAB Arquitectos (\u00a9 Tobias Laarmann)\" data-rl_title=\"Vivienda en el Vall\u00e8s Oriental \/ YLAB Arquitectos (\u00a9 Tobias Laarmann)\" class=\"rl-gallery-link\" data-rl_caption=\"Vivienda en el Vall\u00e8s Oriental \/ YLAB Arquitectos (\u00a9 Tobias Laarmann)\" data-rel=\"lightbox-gallery-1\"><img loading=\"lazy\" decoding=\"async\" width=\"150\" height=\"150\" src=\"https:\/\/www.arquimaster.com.ar\/web\/wp-content\/uploads\/2016\/07\/casa_valles_oriental9-150x150.jpg\" class=\"attachment-thumbnail size-thumbnail\" alt=\"\" aria-describedby=\"gallery-1-21807\" srcset=\"https:\/\/www.arquimaster.com.ar\/web\/wp-content\/uploads\/2016\/07\/casa_valles_oriental9-150x150.jpg 150w, https:\/\/www.arquimaster.com.ar\/web\/wp-content\/uploads\/2016\/07\/casa_valles_oriental9-50x50.jpg 50w, https:\/\/www.arquimaster.com.ar\/web\/wp-content\/uploads\/2016\/07\/casa_valles_oriental9-125x125.jpg 125w\" sizes=\"auto, (max-width: 150px) 100vw, 150px\" \/><\/a>\n\t\t\t<\/div>\n\t\t\t\t<figcaption class='wp-caption-text gallery-caption' id='gallery-1-21807'>\n\t\t\t\tVivienda en el Vall\u00e8s Oriental \/ YLAB Arquitectos (\u00a9 Tobias Laarmann)\n\t\t\t\t<\/figcaption><\/figure><figure class='gallery-item'>\n\t\t\t<div class='gallery-icon landscape'>\n\t\t\t\t<a href='https:\/\/www.arquimaster.com.ar\/web\/wp-content\/uploads\/2016\/07\/casa_valles_oriental10.jpg' title=\"Vivienda en el Vall\u00e8s Oriental \/ YLAB Arquitectos (\u00a9 Tobias Laarmann)\" data-rl_title=\"Vivienda en el Vall\u00e8s Oriental \/ YLAB Arquitectos (\u00a9 Tobias Laarmann)\" class=\"rl-gallery-link\" data-rl_caption=\"Vivienda en el Vall\u00e8s Oriental \/ YLAB Arquitectos (\u00a9 Tobias Laarmann)\" data-rel=\"lightbox-gallery-1\"><img loading=\"lazy\" decoding=\"async\" width=\"150\" height=\"150\" src=\"https:\/\/www.arquimaster.com.ar\/web\/wp-content\/uploads\/2016\/07\/casa_valles_oriental10-150x150.jpg\" class=\"attachment-thumbnail size-thumbnail\" alt=\"\" aria-describedby=\"gallery-1-21808\" srcset=\"https:\/\/www.arquimaster.com.ar\/web\/wp-content\/uploads\/2016\/07\/casa_valles_oriental10-150x150.jpg 150w, https:\/\/www.arquimaster.com.ar\/web\/wp-content\/uploads\/2016\/07\/casa_valles_oriental10-50x50.jpg 50w, https:\/\/www.arquimaster.com.ar\/web\/wp-content\/uploads\/2016\/07\/casa_valles_oriental10-125x125.jpg 125w\" sizes=\"auto, (max-width: 150px) 100vw, 150px\" \/><\/a>\n\t\t\t<\/div>\n\t\t\t\t<figcaption class='wp-caption-text gallery-caption' id='gallery-1-21808'>\n\t\t\t\tVivienda en el Vall\u00e8s Oriental \/ YLAB Arquitectos (\u00a9 Tobias Laarmann)\n\t\t\t\t<\/figcaption><\/figure><figure class='gallery-item'>\n\t\t\t<div class='gallery-icon landscape'>\n\t\t\t\t<a href='https:\/\/www.arquimaster.com.ar\/web\/wp-content\/uploads\/2016\/07\/casa_valles_oriental11.jpg' title=\"Vivienda en el Vall\u00e8s Oriental \/ YLAB Arquitectos (\u00a9 Tobias Laarmann)\" data-rl_title=\"Vivienda en el Vall\u00e8s Oriental \/ YLAB Arquitectos (\u00a9 Tobias Laarmann)\" class=\"rl-gallery-link\" data-rl_caption=\"Vivienda en el Vall\u00e8s Oriental \/ YLAB Arquitectos (\u00a9 Tobias Laarmann)\" data-rel=\"lightbox-gallery-1\"><img loading=\"lazy\" decoding=\"async\" width=\"150\" height=\"150\" src=\"https:\/\/www.arquimaster.com.ar\/web\/wp-content\/uploads\/2016\/07\/casa_valles_oriental11-150x150.jpg\" class=\"attachment-thumbnail size-thumbnail\" alt=\"\" aria-describedby=\"gallery-1-21809\" srcset=\"https:\/\/www.arquimaster.com.ar\/web\/wp-content\/uploads\/2016\/07\/casa_valles_oriental11-150x150.jpg 150w, https:\/\/www.arquimaster.com.ar\/web\/wp-content\/uploads\/2016\/07\/casa_valles_oriental11-50x50.jpg 50w, https:\/\/www.arquimaster.com.ar\/web\/wp-content\/uploads\/2016\/07\/casa_valles_oriental11-125x125.jpg 125w\" sizes=\"auto, (max-width: 150px) 100vw, 150px\" \/><\/a>\n\t\t\t<\/div>\n\t\t\t\t<figcaption class='wp-caption-text gallery-caption' id='gallery-1-21809'>\n\t\t\t\tVivienda en el Vall\u00e8s Oriental \/ YLAB Arquitectos (\u00a9 Tobias Laarmann)\n\t\t\t\t<\/figcaption><\/figure><figure class='gallery-item'>\n\t\t\t<div class='gallery-icon landscape'>\n\t\t\t\t<a href='https:\/\/www.arquimaster.com.ar\/web\/wp-content\/uploads\/2016\/07\/casa_valles_oriental12.jpg' title=\"Vivienda en el Vall\u00e8s Oriental \/ YLAB Arquitectos (\u00a9 Tobias Laarmann)\" data-rl_title=\"Vivienda en el Vall\u00e8s Oriental \/ YLAB Arquitectos (\u00a9 Tobias Laarmann)\" class=\"rl-gallery-link\" data-rl_caption=\"Vivienda en el Vall\u00e8s Oriental \/ YLAB Arquitectos (\u00a9 Tobias Laarmann)\" data-rel=\"lightbox-gallery-1\"><img loading=\"lazy\" decoding=\"async\" width=\"150\" height=\"150\" src=\"https:\/\/www.arquimaster.com.ar\/web\/wp-content\/uploads\/2016\/07\/casa_valles_oriental12-150x150.jpg\" class=\"attachment-thumbnail size-thumbnail\" alt=\"\" aria-describedby=\"gallery-1-21810\" srcset=\"https:\/\/www.arquimaster.com.ar\/web\/wp-content\/uploads\/2016\/07\/casa_valles_oriental12-150x150.jpg 150w, https:\/\/www.arquimaster.com.ar\/web\/wp-content\/uploads\/2016\/07\/casa_valles_oriental12-50x50.jpg 50w, https:\/\/www.arquimaster.com.ar\/web\/wp-content\/uploads\/2016\/07\/casa_valles_oriental12-125x125.jpg 125w\" sizes=\"auto, (max-width: 150px) 100vw, 150px\" \/><\/a>\n\t\t\t<\/div>\n\t\t\t\t<figcaption class='wp-caption-text gallery-caption' id='gallery-1-21810'>\n\t\t\t\tVivienda en el Vall\u00e8s Oriental \/ YLAB Arquitectos (\u00a9 Tobias Laarmann)\n\t\t\t\t<\/figcaption><\/figure><figure class='gallery-item'>\n\t\t\t<div class='gallery-icon landscape'>\n\t\t\t\t<a href='https:\/\/www.arquimaster.com.ar\/web\/wp-content\/uploads\/2016\/07\/casa_valles_oriental13.jpg' title=\"Vivienda en el Vall\u00e8s Oriental \/ YLAB Arquitectos (\u00a9 Tobias Laarmann)\" data-rl_title=\"Vivienda en el Vall\u00e8s Oriental \/ YLAB Arquitectos (\u00a9 Tobias Laarmann)\" class=\"rl-gallery-link\" data-rl_caption=\"Vivienda en el Vall\u00e8s Oriental \/ YLAB Arquitectos (\u00a9 Tobias Laarmann)\" data-rel=\"lightbox-gallery-1\"><img loading=\"lazy\" decoding=\"async\" width=\"150\" height=\"150\" src=\"https:\/\/www.arquimaster.com.ar\/web\/wp-content\/uploads\/2016\/07\/casa_valles_oriental13-150x150.jpg\" class=\"attachment-thumbnail size-thumbnail\" alt=\"\" aria-describedby=\"gallery-1-21811\" srcset=\"https:\/\/www.arquimaster.com.ar\/web\/wp-content\/uploads\/2016\/07\/casa_valles_oriental13-150x150.jpg 150w, https:\/\/www.arquimaster.com.ar\/web\/wp-content\/uploads\/2016\/07\/casa_valles_oriental13-50x50.jpg 50w, https:\/\/www.arquimaster.com.ar\/web\/wp-content\/uploads\/2016\/07\/casa_valles_oriental13-125x125.jpg 125w\" sizes=\"auto, (max-width: 150px) 100vw, 150px\" \/><\/a>\n\t\t\t<\/div>\n\t\t\t\t<figcaption class='wp-caption-text gallery-caption' id='gallery-1-21811'>\n\t\t\t\tVivienda en el Vall\u00e8s Oriental \/ YLAB Arquitectos (\u00a9 Tobias Laarmann)\n\t\t\t\t<\/figcaption><\/figure><figure class='gallery-item'>\n\t\t\t<div class='gallery-icon landscape'>\n\t\t\t\t<a href='https:\/\/www.arquimaster.com.ar\/web\/wp-content\/uploads\/2016\/07\/casa_valles_oriental14.jpg' title=\"Vivienda en el Vall\u00e8s Oriental \/ YLAB Arquitectos (\u00a9 Tobias Laarmann)\" data-rl_title=\"Vivienda en el Vall\u00e8s Oriental \/ YLAB Arquitectos (\u00a9 Tobias Laarmann)\" class=\"rl-gallery-link\" data-rl_caption=\"Vivienda en el Vall\u00e8s Oriental \/ YLAB Arquitectos (\u00a9 Tobias Laarmann)\" data-rel=\"lightbox-gallery-1\"><img loading=\"lazy\" decoding=\"async\" width=\"150\" height=\"150\" src=\"https:\/\/www.arquimaster.com.ar\/web\/wp-content\/uploads\/2016\/07\/casa_valles_oriental14-150x150.jpg\" class=\"attachment-thumbnail size-thumbnail\" alt=\"\" aria-describedby=\"gallery-1-21812\" srcset=\"https:\/\/www.arquimaster.com.ar\/web\/wp-content\/uploads\/2016\/07\/casa_valles_oriental14-150x150.jpg 150w, https:\/\/www.arquimaster.com.ar\/web\/wp-content\/uploads\/2016\/07\/casa_valles_oriental14-50x50.jpg 50w, https:\/\/www.arquimaster.com.ar\/web\/wp-content\/uploads\/2016\/07\/casa_valles_oriental14-125x125.jpg 125w\" sizes=\"auto, (max-width: 150px) 100vw, 150px\" \/><\/a>\n\t\t\t<\/div>\n\t\t\t\t<figcaption class='wp-caption-text gallery-caption' id='gallery-1-21812'>\n\t\t\t\tVivienda en el Vall\u00e8s Oriental \/ YLAB Arquitectos (\u00a9 Tobias Laarmann)\n\t\t\t\t<\/figcaption><\/figure><figure class='gallery-item'>\n\t\t\t<div class='gallery-icon portrait'>\n\t\t\t\t<a href='https:\/\/www.arquimaster.com.ar\/web\/wp-content\/uploads\/2016\/07\/casa_valles_oriental15.jpg' title=\"Vivienda en el Vall\u00e8s Oriental \/ YLAB Arquitectos (\u00a9 Tobias Laarmann)\" data-rl_title=\"Vivienda en el Vall\u00e8s Oriental \/ YLAB Arquitectos (\u00a9 Tobias Laarmann)\" class=\"rl-gallery-link\" data-rl_caption=\"Vivienda en el Vall\u00e8s Oriental \/ YLAB Arquitectos (\u00a9 Tobias Laarmann)\" data-rel=\"lightbox-gallery-1\"><img loading=\"lazy\" decoding=\"async\" width=\"150\" height=\"150\" src=\"https:\/\/www.arquimaster.com.ar\/web\/wp-content\/uploads\/2016\/07\/casa_valles_oriental15-150x150.jpg\" class=\"attachment-thumbnail size-thumbnail\" alt=\"\" aria-describedby=\"gallery-1-21813\" srcset=\"https:\/\/www.arquimaster.com.ar\/web\/wp-content\/uploads\/2016\/07\/casa_valles_oriental15-150x150.jpg 150w, https:\/\/www.arquimaster.com.ar\/web\/wp-content\/uploads\/2016\/07\/casa_valles_oriental15-50x50.jpg 50w, https:\/\/www.arquimaster.com.ar\/web\/wp-content\/uploads\/2016\/07\/casa_valles_oriental15-125x125.jpg 125w\" sizes=\"auto, (max-width: 150px) 100vw, 150px\" \/><\/a>\n\t\t\t<\/div>\n\t\t\t\t<figcaption class='wp-caption-text gallery-caption' id='gallery-1-21813'>\n\t\t\t\tVivienda en el Vall\u00e8s Oriental \/ YLAB Arquitectos (\u00a9 Tobias Laarmann)\n\t\t\t\t<\/figcaption><\/figure><figure class='gallery-item'>\n\t\t\t<div class='gallery-icon portrait'>\n\t\t\t\t<a href='https:\/\/www.arquimaster.com.ar\/web\/wp-content\/uploads\/2016\/07\/casa_valles_oriental16.jpg' title=\"Vivienda en el Vall\u00e8s Oriental \/ YLAB Arquitectos (\u00a9 Tobias Laarmann)\" data-rl_title=\"Vivienda en el Vall\u00e8s Oriental \/ YLAB Arquitectos (\u00a9 Tobias Laarmann)\" class=\"rl-gallery-link\" data-rl_caption=\"Vivienda en el Vall\u00e8s Oriental \/ YLAB Arquitectos (\u00a9 Tobias Laarmann)\" data-rel=\"lightbox-gallery-1\"><img loading=\"lazy\" decoding=\"async\" width=\"150\" height=\"150\" src=\"https:\/\/www.arquimaster.com.ar\/web\/wp-content\/uploads\/2016\/07\/casa_valles_oriental16-150x150.jpg\" class=\"attachment-thumbnail size-thumbnail\" alt=\"\" aria-describedby=\"gallery-1-21814\" srcset=\"https:\/\/www.arquimaster.com.ar\/web\/wp-content\/uploads\/2016\/07\/casa_valles_oriental16-150x150.jpg 150w, https:\/\/www.arquimaster.com.ar\/web\/wp-content\/uploads\/2016\/07\/casa_valles_oriental16-50x50.jpg 50w, https:\/\/www.arquimaster.com.ar\/web\/wp-content\/uploads\/2016\/07\/casa_valles_oriental16-125x125.jpg 125w\" sizes=\"auto, (max-width: 150px) 100vw, 150px\" \/><\/a>\n\t\t\t<\/div>\n\t\t\t\t<figcaption class='wp-caption-text gallery-caption' id='gallery-1-21814'>\n\t\t\t\tVivienda en el Vall\u00e8s Oriental \/ YLAB Arquitectos (\u00a9 Tobias Laarmann)\n\t\t\t\t<\/figcaption><\/figure><figure class='gallery-item'>\n\t\t\t<div class='gallery-icon portrait'>\n\t\t\t\t<a href='https:\/\/www.arquimaster.com.ar\/web\/wp-content\/uploads\/2016\/07\/casa_valles_oriental17.jpg' title=\"Vivienda en el Vall\u00e8s Oriental \/ YLAB Arquitectos (\u00a9 Tobias Laarmann)\" data-rl_title=\"Vivienda en el Vall\u00e8s Oriental \/ YLAB Arquitectos (\u00a9 Tobias Laarmann)\" class=\"rl-gallery-link\" data-rl_caption=\"Vivienda en el Vall\u00e8s Oriental \/ YLAB Arquitectos (\u00a9 Tobias Laarmann)\" data-rel=\"lightbox-gallery-1\"><img loading=\"lazy\" decoding=\"async\" width=\"150\" height=\"150\" src=\"https:\/\/www.arquimaster.com.ar\/web\/wp-content\/uploads\/2016\/07\/casa_valles_oriental17-150x150.jpg\" class=\"attachment-thumbnail size-thumbnail\" alt=\"\" aria-describedby=\"gallery-1-21815\" srcset=\"https:\/\/www.arquimaster.com.ar\/web\/wp-content\/uploads\/2016\/07\/casa_valles_oriental17-150x150.jpg 150w, https:\/\/www.arquimaster.com.ar\/web\/wp-content\/uploads\/2016\/07\/casa_valles_oriental17-50x50.jpg 50w, https:\/\/www.arquimaster.com.ar\/web\/wp-content\/uploads\/2016\/07\/casa_valles_oriental17-125x125.jpg 125w\" sizes=\"auto, (max-width: 150px) 100vw, 150px\" \/><\/a>\n\t\t\t<\/div>\n\t\t\t\t<figcaption class='wp-caption-text gallery-caption' id='gallery-1-21815'>\n\t\t\t\tVivienda en el Vall\u00e8s Oriental \/ YLAB Arquitectos (\u00a9 Tobias Laarmann)\n\t\t\t\t<\/figcaption><\/figure><figure class='gallery-item'>\n\t\t\t<div class='gallery-icon portrait'>\n\t\t\t\t<a href='https:\/\/www.arquimaster.com.ar\/web\/wp-content\/uploads\/2016\/07\/casa_valles_oriental18.jpg' title=\"Vivienda en el Vall\u00e8s Oriental \/ YLAB Arquitectos (\u00a9 Tobias Laarmann)\" data-rl_title=\"Vivienda en el Vall\u00e8s Oriental \/ YLAB Arquitectos (\u00a9 Tobias Laarmann)\" class=\"rl-gallery-link\" data-rl_caption=\"Vivienda en el Vall\u00e8s Oriental \/ YLAB Arquitectos (\u00a9 Tobias Laarmann)\" data-rel=\"lightbox-gallery-1\"><img loading=\"lazy\" decoding=\"async\" width=\"150\" height=\"150\" src=\"https:\/\/www.arquimaster.com.ar\/web\/wp-content\/uploads\/2016\/07\/casa_valles_oriental18-150x150.jpg\" class=\"attachment-thumbnail size-thumbnail\" alt=\"\" aria-describedby=\"gallery-1-21816\" srcset=\"https:\/\/www.arquimaster.com.ar\/web\/wp-content\/uploads\/2016\/07\/casa_valles_oriental18-150x150.jpg 150w, https:\/\/www.arquimaster.com.ar\/web\/wp-content\/uploads\/2016\/07\/casa_valles_oriental18-50x50.jpg 50w, https:\/\/www.arquimaster.com.ar\/web\/wp-content\/uploads\/2016\/07\/casa_valles_oriental18-125x125.jpg 125w\" sizes=\"auto, (max-width: 150px) 100vw, 150px\" \/><\/a>\n\t\t\t<\/div>\n\t\t\t\t<figcaption class='wp-caption-text gallery-caption' id='gallery-1-21816'>\n\t\t\t\tVivienda en el Vall\u00e8s Oriental \/ YLAB Arquitectos (\u00a9 Tobias Laarmann)\n\t\t\t\t<\/figcaption><\/figure><figure class='gallery-item'>\n\t\t\t<div class='gallery-icon portrait'>\n\t\t\t\t<a href='https:\/\/www.arquimaster.com.ar\/web\/wp-content\/uploads\/2016\/07\/casa_valles_oriental19.jpg' title=\"Vivienda en el Vall\u00e8s Oriental \/ YLAB Arquitectos (\u00a9 Tobias Laarmann)\" data-rl_title=\"Vivienda en el Vall\u00e8s Oriental \/ YLAB Arquitectos (\u00a9 Tobias Laarmann)\" class=\"rl-gallery-link\" data-rl_caption=\"Vivienda en el Vall\u00e8s Oriental \/ YLAB Arquitectos (\u00a9 Tobias Laarmann)\" data-rel=\"lightbox-gallery-1\"><img loading=\"lazy\" decoding=\"async\" width=\"150\" height=\"150\" src=\"https:\/\/www.arquimaster.com.ar\/web\/wp-content\/uploads\/2016\/07\/casa_valles_oriental19-150x150.jpg\" class=\"attachment-thumbnail size-thumbnail\" alt=\"\" aria-describedby=\"gallery-1-21817\" srcset=\"https:\/\/www.arquimaster.com.ar\/web\/wp-content\/uploads\/2016\/07\/casa_valles_oriental19-150x150.jpg 150w, https:\/\/www.arquimaster.com.ar\/web\/wp-content\/uploads\/2016\/07\/casa_valles_oriental19-50x50.jpg 50w, https:\/\/www.arquimaster.com.ar\/web\/wp-content\/uploads\/2016\/07\/casa_valles_oriental19-125x125.jpg 125w\" sizes=\"auto, (max-width: 150px) 100vw, 150px\" \/><\/a>\n\t\t\t<\/div>\n\t\t\t\t<figcaption class='wp-caption-text gallery-caption' id='gallery-1-21817'>\n\t\t\t\tVivienda en el Vall\u00e8s Oriental \/ YLAB Arquitectos (\u00a9 Tobias Laarmann)\n\t\t\t\t<\/figcaption><\/figure><figure class='gallery-item'>\n\t\t\t<div class='gallery-icon landscape'>\n\t\t\t\t<a href='https:\/\/www.arquimaster.com.ar\/web\/wp-content\/uploads\/2016\/07\/casa_valles_oriental20.jpg' title=\"Vivienda en el Vall\u00e8s Oriental \/ YLAB Arquitectos (\u00a9 Tobias Laarmann)\" data-rl_title=\"Vivienda en el Vall\u00e8s Oriental \/ YLAB Arquitectos (\u00a9 Tobias Laarmann)\" class=\"rl-gallery-link\" data-rl_caption=\"Vivienda en el Vall\u00e8s Oriental \/ YLAB Arquitectos (\u00a9 Tobias Laarmann)\" data-rel=\"lightbox-gallery-1\"><img loading=\"lazy\" decoding=\"async\" width=\"150\" height=\"150\" src=\"https:\/\/www.arquimaster.com.ar\/web\/wp-content\/uploads\/2016\/07\/casa_valles_oriental20-150x150.jpg\" class=\"attachment-thumbnail size-thumbnail\" alt=\"\" aria-describedby=\"gallery-1-21818\" srcset=\"https:\/\/www.arquimaster.com.ar\/web\/wp-content\/uploads\/2016\/07\/casa_valles_oriental20-150x150.jpg 150w, https:\/\/www.arquimaster.com.ar\/web\/wp-content\/uploads\/2016\/07\/casa_valles_oriental20-50x50.jpg 50w, https:\/\/www.arquimaster.com.ar\/web\/wp-content\/uploads\/2016\/07\/casa_valles_oriental20-125x125.jpg 125w\" sizes=\"auto, (max-width: 150px) 100vw, 150px\" \/><\/a>\n\t\t\t<\/div>\n\t\t\t\t<figcaption class='wp-caption-text gallery-caption' id='gallery-1-21818'>\n\t\t\t\tVivienda en el Vall\u00e8s Oriental \/ YLAB Arquitectos (\u00a9 Tobias Laarmann)\n\t\t\t\t<\/figcaption><\/figure><figure class='gallery-item'>\n\t\t\t<div class='gallery-icon portrait'>\n\t\t\t\t<a href='https:\/\/www.arquimaster.com.ar\/web\/wp-content\/uploads\/2016\/07\/casa_valles_oriental21.jpg' title=\"Vivienda en el Vall\u00e8s Oriental \/ YLAB Arquitectos (\u00a9 Tobias Laarmann)\" data-rl_title=\"Vivienda en el Vall\u00e8s Oriental \/ YLAB Arquitectos (\u00a9 Tobias Laarmann)\" class=\"rl-gallery-link\" data-rl_caption=\"Vivienda en el Vall\u00e8s Oriental \/ YLAB Arquitectos (\u00a9 Tobias Laarmann)\" data-rel=\"lightbox-gallery-1\"><img loading=\"lazy\" decoding=\"async\" width=\"150\" height=\"150\" src=\"https:\/\/www.arquimaster.com.ar\/web\/wp-content\/uploads\/2016\/07\/casa_valles_oriental21-150x150.jpg\" class=\"attachment-thumbnail size-thumbnail\" alt=\"\" aria-describedby=\"gallery-1-21819\" srcset=\"https:\/\/www.arquimaster.com.ar\/web\/wp-content\/uploads\/2016\/07\/casa_valles_oriental21-150x150.jpg 150w, https:\/\/www.arquimaster.com.ar\/web\/wp-content\/uploads\/2016\/07\/casa_valles_oriental21-50x50.jpg 50w, https:\/\/www.arquimaster.com.ar\/web\/wp-content\/uploads\/2016\/07\/casa_valles_oriental21-125x125.jpg 125w\" sizes=\"auto, (max-width: 150px) 100vw, 150px\" \/><\/a>\n\t\t\t<\/div>\n\t\t\t\t<figcaption class='wp-caption-text gallery-caption' id='gallery-1-21819'>\n\t\t\t\tVivienda en el Vall\u00e8s Oriental \/ YLAB Arquitectos (\u00a9 Tobias Laarmann)\n\t\t\t\t<\/figcaption><\/figure><figure class='gallery-item'>\n\t\t\t<div class='gallery-icon landscape'>\n\t\t\t\t<a href='https:\/\/www.arquimaster.com.ar\/web\/wp-content\/uploads\/2016\/07\/casa_valles_oriental22.jpg' title=\"Vivienda en el Vall\u00e8s Oriental \/ YLAB Arquitectos (\u00a9 Tobias Laarmann)\" data-rl_title=\"Vivienda en el Vall\u00e8s Oriental \/ YLAB Arquitectos (\u00a9 Tobias Laarmann)\" class=\"rl-gallery-link\" data-rl_caption=\"Vivienda en el Vall\u00e8s Oriental \/ YLAB Arquitectos (\u00a9 Tobias Laarmann)\" data-rel=\"lightbox-gallery-1\"><img loading=\"lazy\" decoding=\"async\" width=\"150\" height=\"150\" src=\"https:\/\/www.arquimaster.com.ar\/web\/wp-content\/uploads\/2016\/07\/casa_valles_oriental22-150x150.jpg\" class=\"attachment-thumbnail size-thumbnail\" alt=\"\" aria-describedby=\"gallery-1-21820\" srcset=\"https:\/\/www.arquimaster.com.ar\/web\/wp-content\/uploads\/2016\/07\/casa_valles_oriental22-150x150.jpg 150w, https:\/\/www.arquimaster.com.ar\/web\/wp-content\/uploads\/2016\/07\/casa_valles_oriental22-50x50.jpg 50w, https:\/\/www.arquimaster.com.ar\/web\/wp-content\/uploads\/2016\/07\/casa_valles_oriental22-125x125.jpg 125w\" sizes=\"auto, (max-width: 150px) 100vw, 150px\" \/><\/a>\n\t\t\t<\/div>\n\t\t\t\t<figcaption class='wp-caption-text gallery-caption' id='gallery-1-21820'>\n\t\t\t\tVivienda en el Vall\u00e8s Oriental \/ YLAB Arquitectos (\u00a9 Tobias Laarmann)\n\t\t\t\t<\/figcaption><\/figure><figure class='gallery-item'>\n\t\t\t<div class='gallery-icon landscape'>\n\t\t\t\t<a href='https:\/\/www.arquimaster.com.ar\/web\/wp-content\/uploads\/2016\/07\/casa_valles_oriental23.jpg' title=\"Vivienda en el Vall\u00e8s Oriental \/ YLAB Arquitectos (\u00a9 Tobias Laarmann)\" data-rl_title=\"Vivienda en el Vall\u00e8s Oriental \/ YLAB Arquitectos (\u00a9 Tobias Laarmann)\" class=\"rl-gallery-link\" data-rl_caption=\"Vivienda en el Vall\u00e8s Oriental \/ YLAB Arquitectos (\u00a9 Tobias Laarmann)\" data-rel=\"lightbox-gallery-1\"><img loading=\"lazy\" decoding=\"async\" width=\"150\" height=\"150\" src=\"https:\/\/www.arquimaster.com.ar\/web\/wp-content\/uploads\/2016\/07\/casa_valles_oriental23-150x150.jpg\" class=\"attachment-thumbnail size-thumbnail\" alt=\"\" aria-describedby=\"gallery-1-21821\" srcset=\"https:\/\/www.arquimaster.com.ar\/web\/wp-content\/uploads\/2016\/07\/casa_valles_oriental23-150x150.jpg 150w, https:\/\/www.arquimaster.com.ar\/web\/wp-content\/uploads\/2016\/07\/casa_valles_oriental23-50x50.jpg 50w, https:\/\/www.arquimaster.com.ar\/web\/wp-content\/uploads\/2016\/07\/casa_valles_oriental23-125x125.jpg 125w\" sizes=\"auto, (max-width: 150px) 100vw, 150px\" \/><\/a>\n\t\t\t<\/div>\n\t\t\t\t<figcaption class='wp-caption-text gallery-caption' id='gallery-1-21821'>\n\t\t\t\tVivienda en el Vall\u00e8s Oriental \/ YLAB Arquitectos (\u00a9 Tobias Laarmann)\n\t\t\t\t<\/figcaption><\/figure><figure class='gallery-item'>\n\t\t\t<div class='gallery-icon landscape'>\n\t\t\t\t<a href='https:\/\/www.arquimaster.com.ar\/web\/wp-content\/uploads\/2016\/07\/casa_valles_oriental24.jpg' title=\"Vivienda en el Vall\u00e8s Oriental \/ YLAB Arquitectos (\u00a9 Tobias Laarmann)\" data-rl_title=\"Vivienda en el Vall\u00e8s Oriental \/ YLAB Arquitectos (\u00a9 Tobias Laarmann)\" class=\"rl-gallery-link\" data-rl_caption=\"Vivienda en el Vall\u00e8s Oriental \/ YLAB Arquitectos (\u00a9 Tobias Laarmann)\" data-rel=\"lightbox-gallery-1\"><img loading=\"lazy\" decoding=\"async\" width=\"150\" height=\"150\" src=\"https:\/\/www.arquimaster.com.ar\/web\/wp-content\/uploads\/2016\/07\/casa_valles_oriental24-150x150.jpg\" class=\"attachment-thumbnail size-thumbnail\" alt=\"\" aria-describedby=\"gallery-1-21822\" srcset=\"https:\/\/www.arquimaster.com.ar\/web\/wp-content\/uploads\/2016\/07\/casa_valles_oriental24-150x150.jpg 150w, https:\/\/www.arquimaster.com.ar\/web\/wp-content\/uploads\/2016\/07\/casa_valles_oriental24-50x50.jpg 50w, https:\/\/www.arquimaster.com.ar\/web\/wp-content\/uploads\/2016\/07\/casa_valles_oriental24-125x125.jpg 125w\" sizes=\"auto, (max-width: 150px) 100vw, 150px\" \/><\/a>\n\t\t\t<\/div>\n\t\t\t\t<figcaption class='wp-caption-text gallery-caption' id='gallery-1-21822'>\n\t\t\t\tVivienda en el Vall\u00e8s Oriental \/ YLAB Arquitectos (\u00a9 Tobias Laarmann)\n\t\t\t\t<\/figcaption><\/figure>\n\t\t<\/div>\n\n<p>La casa se planific\u00f3 como dos vol\u00famenes distintos conectados por una gran terraza con la piscina y el jard\u00edn frontal. El volumen secundario aloja el garaje y la casa de invitados. El principal es un cuerpo alargado de dos plantas que contiene la vivienda principal orientada a la terraza.<\/p>\n<p>Este volumen gira en torno a la b\u00fasqueda de los propietarios de un espacio lujoso y transparente para disfrutar las vistas. En ambas plantas, un largo pasillo a lo largo de la fachada principal conecta los espacios formando un eje a trav\u00e9s de toda la casa. La luz natural entra a trav\u00e9s de amplios ventanales y un patio central.<\/p>\n<p>La planta de calle se compone del sal\u00f3n con una zona de comedor integrada y la cocina, separados ambos por un vest\u00edbulo de entrada que contiene la escalera. La planta superior est\u00e1 compuesta de tres habitaciones y una zona de juego infantil con la suite principal en el lado opuesto de la planta.<\/p>\n<div id='gallery-2' class='gallery galleryid-21795 gallery-columns-3 gallery-size-thumbnail'><figure class='gallery-item'>\n\t\t\t<div class='gallery-icon portrait'>\n\t\t\t\t<a href='https:\/\/www.arquimaster.com.ar\/web\/wp-content\/uploads\/2016\/07\/casa_valles_oriental25.jpg' title=\"Vivienda en el Vall\u00e8s Oriental \/ YLAB Arquitectos (\u00a9 Tobias Laarmann)\" data-rl_title=\"Vivienda en el Vall\u00e8s Oriental \/ YLAB Arquitectos (\u00a9 Tobias Laarmann)\" class=\"rl-gallery-link\" data-rl_caption=\"Vivienda en el Vall\u00e8s Oriental \/ YLAB Arquitectos (\u00a9 Tobias Laarmann)\" data-rel=\"lightbox-gallery-2\"><img loading=\"lazy\" decoding=\"async\" width=\"150\" height=\"150\" src=\"https:\/\/www.arquimaster.com.ar\/web\/wp-content\/uploads\/2016\/07\/casa_valles_oriental25-150x150.jpg\" class=\"attachment-thumbnail size-thumbnail\" alt=\"\" aria-describedby=\"gallery-2-21823\" srcset=\"https:\/\/www.arquimaster.com.ar\/web\/wp-content\/uploads\/2016\/07\/casa_valles_oriental25-150x150.jpg 150w, https:\/\/www.arquimaster.com.ar\/web\/wp-content\/uploads\/2016\/07\/casa_valles_oriental25-50x50.jpg 50w, https:\/\/www.arquimaster.com.ar\/web\/wp-content\/uploads\/2016\/07\/casa_valles_oriental25-125x125.jpg 125w\" sizes=\"auto, (max-width: 150px) 100vw, 150px\" \/><\/a>\n\t\t\t<\/div>\n\t\t\t\t<figcaption class='wp-caption-text gallery-caption' id='gallery-2-21823'>\n\t\t\t\tVivienda en el Vall\u00e8s Oriental \/ YLAB Arquitectos (\u00a9 Tobias Laarmann)\n\t\t\t\t<\/figcaption><\/figure><figure class='gallery-item'>\n\t\t\t<div class='gallery-icon landscape'>\n\t\t\t\t<a href='https:\/\/www.arquimaster.com.ar\/web\/wp-content\/uploads\/2016\/07\/casa_valles_oriental26.jpg' title=\"Vivienda en el Vall\u00e8s Oriental \/ YLAB Arquitectos (\u00a9 Tobias Laarmann)\" data-rl_title=\"Vivienda en el Vall\u00e8s Oriental \/ YLAB Arquitectos (\u00a9 Tobias Laarmann)\" class=\"rl-gallery-link\" data-rl_caption=\"Vivienda en el Vall\u00e8s Oriental \/ YLAB Arquitectos (\u00a9 Tobias Laarmann)\" data-rel=\"lightbox-gallery-2\"><img loading=\"lazy\" decoding=\"async\" width=\"150\" height=\"150\" src=\"https:\/\/www.arquimaster.com.ar\/web\/wp-content\/uploads\/2016\/07\/casa_valles_oriental26-150x150.jpg\" class=\"attachment-thumbnail size-thumbnail\" alt=\"\" aria-describedby=\"gallery-2-21824\" srcset=\"https:\/\/www.arquimaster.com.ar\/web\/wp-content\/uploads\/2016\/07\/casa_valles_oriental26-150x150.jpg 150w, https:\/\/www.arquimaster.com.ar\/web\/wp-content\/uploads\/2016\/07\/casa_valles_oriental26-50x50.jpg 50w, https:\/\/www.arquimaster.com.ar\/web\/wp-content\/uploads\/2016\/07\/casa_valles_oriental26-125x125.jpg 125w\" sizes=\"auto, (max-width: 150px) 100vw, 150px\" \/><\/a>\n\t\t\t<\/div>\n\t\t\t\t<figcaption class='wp-caption-text gallery-caption' id='gallery-2-21824'>\n\t\t\t\tVivienda en el Vall\u00e8s Oriental \/ YLAB Arquitectos (\u00a9 Tobias Laarmann)\n\t\t\t\t<\/figcaption><\/figure><figure class='gallery-item'>\n\t\t\t<div class='gallery-icon landscape'>\n\t\t\t\t<a href='https:\/\/www.arquimaster.com.ar\/web\/wp-content\/uploads\/2016\/07\/casa_valles_oriental27.jpg' title=\"Vivienda en el Vall\u00e8s Oriental \/ YLAB Arquitectos (\u00a9 Tobias Laarmann)\" data-rl_title=\"Vivienda en el Vall\u00e8s Oriental \/ YLAB Arquitectos (\u00a9 Tobias Laarmann)\" class=\"rl-gallery-link\" data-rl_caption=\"Vivienda en el Vall\u00e8s Oriental \/ YLAB Arquitectos (\u00a9 Tobias Laarmann)\" data-rel=\"lightbox-gallery-2\"><img loading=\"lazy\" decoding=\"async\" width=\"150\" height=\"150\" src=\"https:\/\/www.arquimaster.com.ar\/web\/wp-content\/uploads\/2016\/07\/casa_valles_oriental27-150x150.jpg\" class=\"attachment-thumbnail size-thumbnail\" alt=\"\" aria-describedby=\"gallery-2-21825\" srcset=\"https:\/\/www.arquimaster.com.ar\/web\/wp-content\/uploads\/2016\/07\/casa_valles_oriental27-150x150.jpg 150w, https:\/\/www.arquimaster.com.ar\/web\/wp-content\/uploads\/2016\/07\/casa_valles_oriental27-50x50.jpg 50w, https:\/\/www.arquimaster.com.ar\/web\/wp-content\/uploads\/2016\/07\/casa_valles_oriental27-125x125.jpg 125w\" sizes=\"auto, (max-width: 150px) 100vw, 150px\" \/><\/a>\n\t\t\t<\/div>\n\t\t\t\t<figcaption class='wp-caption-text gallery-caption' id='gallery-2-21825'>\n\t\t\t\tVivienda en el Vall\u00e8s Oriental \/ YLAB Arquitectos (\u00a9 Tobias Laarmann)\n\t\t\t\t<\/figcaption><\/figure><figure class='gallery-item'>\n\t\t\t<div class='gallery-icon landscape'>\n\t\t\t\t<a href='https:\/\/www.arquimaster.com.ar\/web\/wp-content\/uploads\/2016\/07\/casa_valles_oriental28.jpg' title=\"Vivienda en el Vall\u00e8s Oriental \/ YLAB Arquitectos (\u00a9 Tobias Laarmann)\" data-rl_title=\"Vivienda en el Vall\u00e8s Oriental \/ YLAB Arquitectos (\u00a9 Tobias Laarmann)\" class=\"rl-gallery-link\" data-rl_caption=\"Vivienda en el Vall\u00e8s Oriental \/ YLAB Arquitectos (\u00a9 Tobias Laarmann)\" data-rel=\"lightbox-gallery-2\"><img loading=\"lazy\" decoding=\"async\" width=\"150\" height=\"150\" src=\"https:\/\/www.arquimaster.com.ar\/web\/wp-content\/uploads\/2016\/07\/casa_valles_oriental28-150x150.jpg\" class=\"attachment-thumbnail size-thumbnail\" alt=\"\" aria-describedby=\"gallery-2-21826\" srcset=\"https:\/\/www.arquimaster.com.ar\/web\/wp-content\/uploads\/2016\/07\/casa_valles_oriental28-150x150.jpg 150w, https:\/\/www.arquimaster.com.ar\/web\/wp-content\/uploads\/2016\/07\/casa_valles_oriental28-50x50.jpg 50w, https:\/\/www.arquimaster.com.ar\/web\/wp-content\/uploads\/2016\/07\/casa_valles_oriental28-125x125.jpg 125w\" sizes=\"auto, (max-width: 150px) 100vw, 150px\" \/><\/a>\n\t\t\t<\/div>\n\t\t\t\t<figcaption class='wp-caption-text gallery-caption' id='gallery-2-21826'>\n\t\t\t\tVivienda en el Vall\u00e8s Oriental \/ YLAB Arquitectos (\u00a9 Tobias Laarmann)\n\t\t\t\t<\/figcaption><\/figure><figure class='gallery-item'>\n\t\t\t<div class='gallery-icon landscape'>\n\t\t\t\t<a href='https:\/\/www.arquimaster.com.ar\/web\/wp-content\/uploads\/2016\/07\/casa_valles_oriental29.jpg' title=\"Vivienda en el Vall\u00e8s Oriental \/ YLAB Arquitectos (\u00a9 Tobias Laarmann)\" data-rl_title=\"Vivienda en el Vall\u00e8s Oriental \/ YLAB Arquitectos (\u00a9 Tobias Laarmann)\" class=\"rl-gallery-link\" data-rl_caption=\"Vivienda en el Vall\u00e8s Oriental \/ YLAB Arquitectos (\u00a9 Tobias Laarmann)\" data-rel=\"lightbox-gallery-2\"><img loading=\"lazy\" decoding=\"async\" width=\"150\" height=\"150\" src=\"https:\/\/www.arquimaster.com.ar\/web\/wp-content\/uploads\/2016\/07\/casa_valles_oriental29-150x150.jpg\" class=\"attachment-thumbnail size-thumbnail\" alt=\"\" aria-describedby=\"gallery-2-21827\" srcset=\"https:\/\/www.arquimaster.com.ar\/web\/wp-content\/uploads\/2016\/07\/casa_valles_oriental29-150x150.jpg 150w, https:\/\/www.arquimaster.com.ar\/web\/wp-content\/uploads\/2016\/07\/casa_valles_oriental29-50x50.jpg 50w, https:\/\/www.arquimaster.com.ar\/web\/wp-content\/uploads\/2016\/07\/casa_valles_oriental29-125x125.jpg 125w\" sizes=\"auto, (max-width: 150px) 100vw, 150px\" \/><\/a>\n\t\t\t<\/div>\n\t\t\t\t<figcaption class='wp-caption-text gallery-caption' id='gallery-2-21827'>\n\t\t\t\tVivienda en el Vall\u00e8s Oriental \/ YLAB Arquitectos (\u00a9 Tobias Laarmann)\n\t\t\t\t<\/figcaption><\/figure><figure class='gallery-item'>\n\t\t\t<div class='gallery-icon landscape'>\n\t\t\t\t<a href='https:\/\/www.arquimaster.com.ar\/web\/wp-content\/uploads\/2016\/07\/casa_valles_oriental30.jpg' title=\"Vivienda en el Vall\u00e8s Oriental \/ YLAB Arquitectos (\u00a9 Tobias Laarmann)\" data-rl_title=\"Vivienda en el Vall\u00e8s Oriental \/ YLAB Arquitectos (\u00a9 Tobias Laarmann)\" class=\"rl-gallery-link\" data-rl_caption=\"Vivienda en el Vall\u00e8s Oriental \/ YLAB Arquitectos (\u00a9 Tobias Laarmann)\" data-rel=\"lightbox-gallery-2\"><img loading=\"lazy\" decoding=\"async\" width=\"150\" height=\"150\" src=\"https:\/\/www.arquimaster.com.ar\/web\/wp-content\/uploads\/2016\/07\/casa_valles_oriental30-150x150.jpg\" class=\"attachment-thumbnail size-thumbnail\" alt=\"\" aria-describedby=\"gallery-2-21828\" srcset=\"https:\/\/www.arquimaster.com.ar\/web\/wp-content\/uploads\/2016\/07\/casa_valles_oriental30-150x150.jpg 150w, https:\/\/www.arquimaster.com.ar\/web\/wp-content\/uploads\/2016\/07\/casa_valles_oriental30-50x50.jpg 50w, https:\/\/www.arquimaster.com.ar\/web\/wp-content\/uploads\/2016\/07\/casa_valles_oriental30-125x125.jpg 125w\" sizes=\"auto, (max-width: 150px) 100vw, 150px\" \/><\/a>\n\t\t\t<\/div>\n\t\t\t\t<figcaption class='wp-caption-text gallery-caption' id='gallery-2-21828'>\n\t\t\t\tVivienda en el Vall\u00e8s Oriental \/ YLAB Arquitectos (\u00a9 Tobias Laarmann)\n\t\t\t\t<\/figcaption><\/figure><figure class='gallery-item'>\n\t\t\t<div class='gallery-icon landscape'>\n\t\t\t\t<a href='https:\/\/www.arquimaster.com.ar\/web\/wp-content\/uploads\/2016\/07\/casa_valles_oriental31.jpg' title=\"Vivienda en el Vall\u00e8s Oriental \/ YLAB Arquitectos (\u00a9 Tobias Laarmann)\" data-rl_title=\"Vivienda en el Vall\u00e8s Oriental \/ YLAB Arquitectos (\u00a9 Tobias Laarmann)\" class=\"rl-gallery-link\" data-rl_caption=\"Vivienda en el Vall\u00e8s Oriental \/ YLAB Arquitectos (\u00a9 Tobias Laarmann)\" data-rel=\"lightbox-gallery-2\"><img loading=\"lazy\" decoding=\"async\" width=\"150\" height=\"150\" src=\"https:\/\/www.arquimaster.com.ar\/web\/wp-content\/uploads\/2016\/07\/casa_valles_oriental31-150x150.jpg\" class=\"attachment-thumbnail size-thumbnail\" alt=\"\" aria-describedby=\"gallery-2-21829\" srcset=\"https:\/\/www.arquimaster.com.ar\/web\/wp-content\/uploads\/2016\/07\/casa_valles_oriental31-150x150.jpg 150w, https:\/\/www.arquimaster.com.ar\/web\/wp-content\/uploads\/2016\/07\/casa_valles_oriental31-50x50.jpg 50w, https:\/\/www.arquimaster.com.ar\/web\/wp-content\/uploads\/2016\/07\/casa_valles_oriental31-125x125.jpg 125w\" sizes=\"auto, (max-width: 150px) 100vw, 150px\" \/><\/a>\n\t\t\t<\/div>\n\t\t\t\t<figcaption class='wp-caption-text gallery-caption' id='gallery-2-21829'>\n\t\t\t\tVivienda en el Vall\u00e8s Oriental \/ YLAB Arquitectos (\u00a9 Tobias Laarmann)\n\t\t\t\t<\/figcaption><\/figure><figure class='gallery-item'>\n\t\t\t<div class='gallery-icon landscape'>\n\t\t\t\t<a href='https:\/\/www.arquimaster.com.ar\/web\/wp-content\/uploads\/2016\/07\/casa_valles_oriental32.jpg' title=\"Vivienda en el Vall\u00e8s Oriental \/ YLAB Arquitectos (\u00a9 Tobias Laarmann)\" data-rl_title=\"Vivienda en el Vall\u00e8s Oriental \/ YLAB Arquitectos (\u00a9 Tobias Laarmann)\" class=\"rl-gallery-link\" data-rl_caption=\"Vivienda en el Vall\u00e8s Oriental \/ YLAB Arquitectos (\u00a9 Tobias Laarmann)\" data-rel=\"lightbox-gallery-2\"><img loading=\"lazy\" decoding=\"async\" width=\"150\" height=\"150\" src=\"https:\/\/www.arquimaster.com.ar\/web\/wp-content\/uploads\/2016\/07\/casa_valles_oriental32-150x150.jpg\" class=\"attachment-thumbnail size-thumbnail\" alt=\"\" aria-describedby=\"gallery-2-21830\" srcset=\"https:\/\/www.arquimaster.com.ar\/web\/wp-content\/uploads\/2016\/07\/casa_valles_oriental32-150x150.jpg 150w, https:\/\/www.arquimaster.com.ar\/web\/wp-content\/uploads\/2016\/07\/casa_valles_oriental32-50x50.jpg 50w, https:\/\/www.arquimaster.com.ar\/web\/wp-content\/uploads\/2016\/07\/casa_valles_oriental32-125x125.jpg 125w\" sizes=\"auto, (max-width: 150px) 100vw, 150px\" \/><\/a>\n\t\t\t<\/div>\n\t\t\t\t<figcaption class='wp-caption-text gallery-caption' id='gallery-2-21830'>\n\t\t\t\tVivienda en el Vall\u00e8s Oriental \/ YLAB Arquitectos (\u00a9 Tobias Laarmann)\n\t\t\t\t<\/figcaption><\/figure><figure class='gallery-item'>\n\t\t\t<div class='gallery-icon landscape'>\n\t\t\t\t<a href='https:\/\/www.arquimaster.com.ar\/web\/wp-content\/uploads\/2016\/07\/casa_valles_oriental33.jpg' title=\"Vivienda en el Vall\u00e8s Oriental \/ YLAB Arquitectos (\u00a9 Tobias Laarmann)\" data-rl_title=\"Vivienda en el Vall\u00e8s Oriental \/ YLAB Arquitectos (\u00a9 Tobias Laarmann)\" class=\"rl-gallery-link\" data-rl_caption=\"Vivienda en el Vall\u00e8s Oriental \/ YLAB Arquitectos (\u00a9 Tobias Laarmann)\" data-rel=\"lightbox-gallery-2\"><img loading=\"lazy\" decoding=\"async\" width=\"150\" height=\"150\" src=\"https:\/\/www.arquimaster.com.ar\/web\/wp-content\/uploads\/2016\/07\/casa_valles_oriental33-150x150.jpg\" class=\"attachment-thumbnail size-thumbnail\" alt=\"\" aria-describedby=\"gallery-2-21831\" srcset=\"https:\/\/www.arquimaster.com.ar\/web\/wp-content\/uploads\/2016\/07\/casa_valles_oriental33-150x150.jpg 150w, https:\/\/www.arquimaster.com.ar\/web\/wp-content\/uploads\/2016\/07\/casa_valles_oriental33-50x50.jpg 50w, https:\/\/www.arquimaster.com.ar\/web\/wp-content\/uploads\/2016\/07\/casa_valles_oriental33-125x125.jpg 125w\" sizes=\"auto, (max-width: 150px) 100vw, 150px\" \/><\/a>\n\t\t\t<\/div>\n\t\t\t\t<figcaption class='wp-caption-text gallery-caption' id='gallery-2-21831'>\n\t\t\t\tVivienda en el Vall\u00e8s Oriental \/ YLAB Arquitectos (\u00a9 Tobias Laarmann)\n\t\t\t\t<\/figcaption><\/figure><figure class='gallery-item'>\n\t\t\t<div class='gallery-icon landscape'>\n\t\t\t\t<a href='https:\/\/www.arquimaster.com.ar\/web\/wp-content\/uploads\/2016\/07\/casa_valles_oriental34.jpg' title=\"Vivienda en el Vall\u00e8s Oriental \/ YLAB Arquitectos (\u00a9 Tobias Laarmann)\" data-rl_title=\"Vivienda en el Vall\u00e8s Oriental \/ YLAB Arquitectos (\u00a9 Tobias Laarmann)\" class=\"rl-gallery-link\" data-rl_caption=\"Vivienda en el Vall\u00e8s Oriental \/ YLAB Arquitectos (\u00a9 Tobias Laarmann)\" data-rel=\"lightbox-gallery-2\"><img loading=\"lazy\" decoding=\"async\" width=\"150\" height=\"150\" src=\"https:\/\/www.arquimaster.com.ar\/web\/wp-content\/uploads\/2016\/07\/casa_valles_oriental34-150x150.jpg\" class=\"attachment-thumbnail size-thumbnail\" alt=\"\" aria-describedby=\"gallery-2-21832\" srcset=\"https:\/\/www.arquimaster.com.ar\/web\/wp-content\/uploads\/2016\/07\/casa_valles_oriental34-150x150.jpg 150w, https:\/\/www.arquimaster.com.ar\/web\/wp-content\/uploads\/2016\/07\/casa_valles_oriental34-50x50.jpg 50w, https:\/\/www.arquimaster.com.ar\/web\/wp-content\/uploads\/2016\/07\/casa_valles_oriental34-125x125.jpg 125w\" sizes=\"auto, (max-width: 150px) 100vw, 150px\" \/><\/a>\n\t\t\t<\/div>\n\t\t\t\t<figcaption class='wp-caption-text gallery-caption' id='gallery-2-21832'>\n\t\t\t\tVivienda en el Vall\u00e8s Oriental \/ YLAB Arquitectos (\u00a9 Tobias Laarmann)\n\t\t\t\t<\/figcaption><\/figure><figure class='gallery-item'>\n\t\t\t<div class='gallery-icon landscape'>\n\t\t\t\t<a href='https:\/\/www.arquimaster.com.ar\/web\/wp-content\/uploads\/2016\/07\/casa_valles_oriental35.jpg' title=\"Vivienda en el Vall\u00e8s Oriental \/ YLAB Arquitectos (\u00a9 Tobias Laarmann)\" data-rl_title=\"Vivienda en el Vall\u00e8s Oriental \/ YLAB Arquitectos (\u00a9 Tobias Laarmann)\" class=\"rl-gallery-link\" data-rl_caption=\"Vivienda en el Vall\u00e8s Oriental \/ YLAB Arquitectos (\u00a9 Tobias Laarmann)\" data-rel=\"lightbox-gallery-2\"><img loading=\"lazy\" decoding=\"async\" width=\"150\" height=\"150\" src=\"https:\/\/www.arquimaster.com.ar\/web\/wp-content\/uploads\/2016\/07\/casa_valles_oriental35-150x150.jpg\" class=\"attachment-thumbnail size-thumbnail\" alt=\"\" aria-describedby=\"gallery-2-21833\" srcset=\"https:\/\/www.arquimaster.com.ar\/web\/wp-content\/uploads\/2016\/07\/casa_valles_oriental35-150x150.jpg 150w, https:\/\/www.arquimaster.com.ar\/web\/wp-content\/uploads\/2016\/07\/casa_valles_oriental35-50x50.jpg 50w, https:\/\/www.arquimaster.com.ar\/web\/wp-content\/uploads\/2016\/07\/casa_valles_oriental35-125x125.jpg 125w\" sizes=\"auto, (max-width: 150px) 100vw, 150px\" \/><\/a>\n\t\t\t<\/div>\n\t\t\t\t<figcaption class='wp-caption-text gallery-caption' id='gallery-2-21833'>\n\t\t\t\tVivienda en el Vall\u00e8s Oriental \/ YLAB Arquitectos (\u00a9 Tobias Laarmann)\n\t\t\t\t<\/figcaption><\/figure><figure class='gallery-item'>\n\t\t\t<div class='gallery-icon landscape'>\n\t\t\t\t<a href='https:\/\/www.arquimaster.com.ar\/web\/wp-content\/uploads\/2016\/07\/casa_valles_oriental36.jpg' title=\"Vivienda en el Vall\u00e8s Oriental \/ YLAB Arquitectos (\u00a9 Tobias Laarmann)\" data-rl_title=\"Vivienda en el Vall\u00e8s Oriental \/ YLAB Arquitectos (\u00a9 Tobias Laarmann)\" class=\"rl-gallery-link\" data-rl_caption=\"Vivienda en el Vall\u00e8s Oriental \/ YLAB Arquitectos (\u00a9 Tobias Laarmann)\" data-rel=\"lightbox-gallery-2\"><img loading=\"lazy\" decoding=\"async\" width=\"150\" height=\"150\" src=\"https:\/\/www.arquimaster.com.ar\/web\/wp-content\/uploads\/2016\/07\/casa_valles_oriental36-150x150.jpg\" class=\"attachment-thumbnail size-thumbnail\" alt=\"\" aria-describedby=\"gallery-2-21834\" srcset=\"https:\/\/www.arquimaster.com.ar\/web\/wp-content\/uploads\/2016\/07\/casa_valles_oriental36-150x150.jpg 150w, https:\/\/www.arquimaster.com.ar\/web\/wp-content\/uploads\/2016\/07\/casa_valles_oriental36-50x50.jpg 50w, https:\/\/www.arquimaster.com.ar\/web\/wp-content\/uploads\/2016\/07\/casa_valles_oriental36-125x125.jpg 125w\" sizes=\"auto, (max-width: 150px) 100vw, 150px\" \/><\/a>\n\t\t\t<\/div>\n\t\t\t\t<figcaption class='wp-caption-text gallery-caption' id='gallery-2-21834'>\n\t\t\t\tVivienda en el Vall\u00e8s Oriental \/ YLAB Arquitectos (\u00a9 Tobias Laarmann)\n\t\t\t\t<\/figcaption><\/figure><figure class='gallery-item'>\n\t\t\t<div class='gallery-icon landscape'>\n\t\t\t\t<a href='https:\/\/www.arquimaster.com.ar\/web\/wp-content\/uploads\/2016\/07\/casa_valles_oriental37.jpg' title=\"Vivienda en el Vall\u00e8s Oriental \/ YLAB Arquitectos (\u00a9 Tobias Laarmann)\" data-rl_title=\"Vivienda en el Vall\u00e8s Oriental \/ YLAB Arquitectos (\u00a9 Tobias Laarmann)\" class=\"rl-gallery-link\" data-rl_caption=\"Vivienda en el Vall\u00e8s Oriental \/ YLAB Arquitectos (\u00a9 Tobias Laarmann)\" data-rel=\"lightbox-gallery-2\"><img loading=\"lazy\" decoding=\"async\" width=\"150\" height=\"150\" src=\"https:\/\/www.arquimaster.com.ar\/web\/wp-content\/uploads\/2016\/07\/casa_valles_oriental37-150x150.jpg\" class=\"attachment-thumbnail size-thumbnail\" alt=\"\" aria-describedby=\"gallery-2-21835\" srcset=\"https:\/\/www.arquimaster.com.ar\/web\/wp-content\/uploads\/2016\/07\/casa_valles_oriental37-150x150.jpg 150w, https:\/\/www.arquimaster.com.ar\/web\/wp-content\/uploads\/2016\/07\/casa_valles_oriental37-50x50.jpg 50w, https:\/\/www.arquimaster.com.ar\/web\/wp-content\/uploads\/2016\/07\/casa_valles_oriental37-125x125.jpg 125w\" sizes=\"auto, (max-width: 150px) 100vw, 150px\" \/><\/a>\n\t\t\t<\/div>\n\t\t\t\t<figcaption class='wp-caption-text gallery-caption' id='gallery-2-21835'>\n\t\t\t\tVivienda en el Vall\u00e8s Oriental \/ YLAB Arquitectos (\u00a9 Tobias Laarmann)\n\t\t\t\t<\/figcaption><\/figure><figure class='gallery-item'>\n\t\t\t<div class='gallery-icon landscape'>\n\t\t\t\t<a href='https:\/\/www.arquimaster.com.ar\/web\/wp-content\/uploads\/2016\/07\/casa_valles_oriental38.jpg' title=\"Vivienda en el Vall\u00e8s Oriental \/ YLAB Arquitectos (\u00a9 Tobias Laarmann)\" data-rl_title=\"Vivienda en el Vall\u00e8s Oriental \/ YLAB Arquitectos (\u00a9 Tobias Laarmann)\" class=\"rl-gallery-link\" data-rl_caption=\"Vivienda en el Vall\u00e8s Oriental \/ YLAB Arquitectos (\u00a9 Tobias Laarmann)\" data-rel=\"lightbox-gallery-2\"><img loading=\"lazy\" decoding=\"async\" width=\"150\" height=\"150\" src=\"https:\/\/www.arquimaster.com.ar\/web\/wp-content\/uploads\/2016\/07\/casa_valles_oriental38-150x150.jpg\" class=\"attachment-thumbnail size-thumbnail\" alt=\"\" aria-describedby=\"gallery-2-21836\" srcset=\"https:\/\/www.arquimaster.com.ar\/web\/wp-content\/uploads\/2016\/07\/casa_valles_oriental38-150x150.jpg 150w, https:\/\/www.arquimaster.com.ar\/web\/wp-content\/uploads\/2016\/07\/casa_valles_oriental38-50x50.jpg 50w, https:\/\/www.arquimaster.com.ar\/web\/wp-content\/uploads\/2016\/07\/casa_valles_oriental38-125x125.jpg 125w\" sizes=\"auto, (max-width: 150px) 100vw, 150px\" \/><\/a>\n\t\t\t<\/div>\n\t\t\t\t<figcaption class='wp-caption-text gallery-caption' id='gallery-2-21836'>\n\t\t\t\tVivienda en el Vall\u00e8s Oriental \/ YLAB Arquitectos (\u00a9 Tobias Laarmann)\n\t\t\t\t<\/figcaption><\/figure><figure class='gallery-item'>\n\t\t\t<div class='gallery-icon landscape'>\n\t\t\t\t<a href='https:\/\/www.arquimaster.com.ar\/web\/wp-content\/uploads\/2016\/07\/casa_valles_oriental39.jpg' title=\"Vivienda en el Vall\u00e8s Oriental \/ YLAB Arquitectos (\u00a9 Tobias Laarmann)\" data-rl_title=\"Vivienda en el Vall\u00e8s Oriental \/ YLAB Arquitectos (\u00a9 Tobias Laarmann)\" class=\"rl-gallery-link\" data-rl_caption=\"Vivienda en el Vall\u00e8s Oriental \/ YLAB Arquitectos (\u00a9 Tobias Laarmann)\" data-rel=\"lightbox-gallery-2\"><img loading=\"lazy\" decoding=\"async\" width=\"150\" height=\"150\" src=\"https:\/\/www.arquimaster.com.ar\/web\/wp-content\/uploads\/2016\/07\/casa_valles_oriental39-150x150.jpg\" class=\"attachment-thumbnail size-thumbnail\" alt=\"\" aria-describedby=\"gallery-2-21837\" srcset=\"https:\/\/www.arquimaster.com.ar\/web\/wp-content\/uploads\/2016\/07\/casa_valles_oriental39-150x150.jpg 150w, https:\/\/www.arquimaster.com.ar\/web\/wp-content\/uploads\/2016\/07\/casa_valles_oriental39-50x50.jpg 50w, https:\/\/www.arquimaster.com.ar\/web\/wp-content\/uploads\/2016\/07\/casa_valles_oriental39-125x125.jpg 125w\" sizes=\"auto, (max-width: 150px) 100vw, 150px\" \/><\/a>\n\t\t\t<\/div>\n\t\t\t\t<figcaption class='wp-caption-text gallery-caption' id='gallery-2-21837'>\n\t\t\t\tVivienda en el Vall\u00e8s Oriental \/ YLAB Arquitectos (\u00a9 Tobias Laarmann)\n\t\t\t\t<\/figcaption><\/figure><figure class='gallery-item'>\n\t\t\t<div class='gallery-icon landscape'>\n\t\t\t\t<a href='https:\/\/www.arquimaster.com.ar\/web\/wp-content\/uploads\/2016\/07\/casa_valles_oriental40.jpg' title=\"Vivienda en el Vall\u00e8s Oriental \/ YLAB Arquitectos (\u00a9 Tobias Laarmann)\" data-rl_title=\"Vivienda en el Vall\u00e8s Oriental \/ YLAB Arquitectos (\u00a9 Tobias Laarmann)\" class=\"rl-gallery-link\" data-rl_caption=\"Vivienda en el Vall\u00e8s Oriental \/ YLAB Arquitectos (\u00a9 Tobias Laarmann)\" data-rel=\"lightbox-gallery-2\"><img loading=\"lazy\" decoding=\"async\" width=\"150\" height=\"150\" src=\"https:\/\/www.arquimaster.com.ar\/web\/wp-content\/uploads\/2016\/07\/casa_valles_oriental40-150x150.jpg\" class=\"attachment-thumbnail size-thumbnail\" alt=\"\" aria-describedby=\"gallery-2-21838\" srcset=\"https:\/\/www.arquimaster.com.ar\/web\/wp-content\/uploads\/2016\/07\/casa_valles_oriental40-150x150.jpg 150w, https:\/\/www.arquimaster.com.ar\/web\/wp-content\/uploads\/2016\/07\/casa_valles_oriental40-50x50.jpg 50w, https:\/\/www.arquimaster.com.ar\/web\/wp-content\/uploads\/2016\/07\/casa_valles_oriental40-125x125.jpg 125w\" sizes=\"auto, (max-width: 150px) 100vw, 150px\" \/><\/a>\n\t\t\t<\/div>\n\t\t\t\t<figcaption class='wp-caption-text gallery-caption' id='gallery-2-21838'>\n\t\t\t\tVivienda en el Vall\u00e8s Oriental \/ YLAB Arquitectos (\u00a9 Tobias Laarmann)\n\t\t\t\t<\/figcaption><\/figure><figure class='gallery-item'>\n\t\t\t<div class='gallery-icon landscape'>\n\t\t\t\t<a href='https:\/\/www.arquimaster.com.ar\/web\/wp-content\/uploads\/2016\/07\/casa_valles_oriental41.jpg' title=\"Vivienda en el Vall\u00e8s Oriental \/ YLAB Arquitectos (\u00a9 Tobias Laarmann)\" data-rl_title=\"Vivienda en el Vall\u00e8s Oriental \/ YLAB Arquitectos (\u00a9 Tobias Laarmann)\" class=\"rl-gallery-link\" data-rl_caption=\"Vivienda en el Vall\u00e8s Oriental \/ YLAB Arquitectos (\u00a9 Tobias Laarmann)\" data-rel=\"lightbox-gallery-2\"><img loading=\"lazy\" decoding=\"async\" width=\"150\" height=\"150\" src=\"https:\/\/www.arquimaster.com.ar\/web\/wp-content\/uploads\/2016\/07\/casa_valles_oriental41-150x150.jpg\" class=\"attachment-thumbnail size-thumbnail\" alt=\"\" aria-describedby=\"gallery-2-21839\" srcset=\"https:\/\/www.arquimaster.com.ar\/web\/wp-content\/uploads\/2016\/07\/casa_valles_oriental41-150x150.jpg 150w, https:\/\/www.arquimaster.com.ar\/web\/wp-content\/uploads\/2016\/07\/casa_valles_oriental41-50x50.jpg 50w, https:\/\/www.arquimaster.com.ar\/web\/wp-content\/uploads\/2016\/07\/casa_valles_oriental41-125x125.jpg 125w\" sizes=\"auto, (max-width: 150px) 100vw, 150px\" \/><\/a>\n\t\t\t<\/div>\n\t\t\t\t<figcaption class='wp-caption-text gallery-caption' id='gallery-2-21839'>\n\t\t\t\tVivienda en el Vall\u00e8s Oriental \/ YLAB Arquitectos (\u00a9 Tobias Laarmann)\n\t\t\t\t<\/figcaption><\/figure><figure class='gallery-item'>\n\t\t\t<div class='gallery-icon landscape'>\n\t\t\t\t<a href='https:\/\/www.arquimaster.com.ar\/web\/wp-content\/uploads\/2016\/07\/casa_valles_oriental42.jpg' title=\"Vivienda en el Vall\u00e8s Oriental \/ YLAB Arquitectos (\u00a9 Tobias Laarmann)\" data-rl_title=\"Vivienda en el Vall\u00e8s Oriental \/ YLAB Arquitectos (\u00a9 Tobias Laarmann)\" class=\"rl-gallery-link\" data-rl_caption=\"Vivienda en el Vall\u00e8s Oriental \/ YLAB Arquitectos (\u00a9 Tobias Laarmann)\" data-rel=\"lightbox-gallery-2\"><img loading=\"lazy\" decoding=\"async\" width=\"150\" height=\"150\" src=\"https:\/\/www.arquimaster.com.ar\/web\/wp-content\/uploads\/2016\/07\/casa_valles_oriental42-150x150.jpg\" class=\"attachment-thumbnail size-thumbnail\" alt=\"\" aria-describedby=\"gallery-2-21840\" srcset=\"https:\/\/www.arquimaster.com.ar\/web\/wp-content\/uploads\/2016\/07\/casa_valles_oriental42-150x150.jpg 150w, https:\/\/www.arquimaster.com.ar\/web\/wp-content\/uploads\/2016\/07\/casa_valles_oriental42-50x50.jpg 50w, https:\/\/www.arquimaster.com.ar\/web\/wp-content\/uploads\/2016\/07\/casa_valles_oriental42-125x125.jpg 125w\" sizes=\"auto, (max-width: 150px) 100vw, 150px\" \/><\/a>\n\t\t\t<\/div>\n\t\t\t\t<figcaption class='wp-caption-text gallery-caption' id='gallery-2-21840'>\n\t\t\t\tVivienda en el Vall\u00e8s Oriental \/ YLAB Arquitectos (\u00a9 Tobias Laarmann)\n\t\t\t\t<\/figcaption><\/figure><figure class='gallery-item'>\n\t\t\t<div class='gallery-icon landscape'>\n\t\t\t\t<a href='https:\/\/www.arquimaster.com.ar\/web\/wp-content\/uploads\/2016\/07\/casa_valles_oriental43.jpg' title=\"Vivienda en el Vall\u00e8s Oriental \/ YLAB Arquitectos (\u00a9 Tobias Laarmann)\" data-rl_title=\"Vivienda en el Vall\u00e8s Oriental \/ YLAB Arquitectos (\u00a9 Tobias Laarmann)\" class=\"rl-gallery-link\" data-rl_caption=\"Vivienda en el Vall\u00e8s Oriental \/ YLAB Arquitectos (\u00a9 Tobias Laarmann)\" data-rel=\"lightbox-gallery-2\"><img loading=\"lazy\" decoding=\"async\" width=\"150\" height=\"150\" src=\"https:\/\/www.arquimaster.com.ar\/web\/wp-content\/uploads\/2016\/07\/casa_valles_oriental43-150x150.jpg\" class=\"attachment-thumbnail size-thumbnail\" alt=\"\" aria-describedby=\"gallery-2-21841\" srcset=\"https:\/\/www.arquimaster.com.ar\/web\/wp-content\/uploads\/2016\/07\/casa_valles_oriental43-150x150.jpg 150w, https:\/\/www.arquimaster.com.ar\/web\/wp-content\/uploads\/2016\/07\/casa_valles_oriental43-50x50.jpg 50w, https:\/\/www.arquimaster.com.ar\/web\/wp-content\/uploads\/2016\/07\/casa_valles_oriental43-125x125.jpg 125w\" sizes=\"auto, (max-width: 150px) 100vw, 150px\" \/><\/a>\n\t\t\t<\/div>\n\t\t\t\t<figcaption class='wp-caption-text gallery-caption' id='gallery-2-21841'>\n\t\t\t\tVivienda en el Vall\u00e8s Oriental \/ YLAB Arquitectos (\u00a9 Tobias Laarmann)\n\t\t\t\t<\/figcaption><\/figure><figure class='gallery-item'>\n\t\t\t<div class='gallery-icon landscape'>\n\t\t\t\t<a href='https:\/\/www.arquimaster.com.ar\/web\/wp-content\/uploads\/2016\/07\/casa_valles_oriental44.jpg' title=\"Vivienda en el Vall\u00e8s Oriental \/ YLAB Arquitectos (\u00a9 Tobias Laarmann)\" data-rl_title=\"Vivienda en el Vall\u00e8s Oriental \/ YLAB Arquitectos (\u00a9 Tobias Laarmann)\" class=\"rl-gallery-link\" data-rl_caption=\"Vivienda en el Vall\u00e8s Oriental \/ YLAB Arquitectos (\u00a9 Tobias Laarmann)\" data-rel=\"lightbox-gallery-2\"><img loading=\"lazy\" decoding=\"async\" width=\"150\" height=\"150\" src=\"https:\/\/www.arquimaster.com.ar\/web\/wp-content\/uploads\/2016\/07\/casa_valles_oriental44-150x150.jpg\" class=\"attachment-thumbnail size-thumbnail\" alt=\"\" aria-describedby=\"gallery-2-21842\" srcset=\"https:\/\/www.arquimaster.com.ar\/web\/wp-content\/uploads\/2016\/07\/casa_valles_oriental44-150x150.jpg 150w, https:\/\/www.arquimaster.com.ar\/web\/wp-content\/uploads\/2016\/07\/casa_valles_oriental44-50x50.jpg 50w, https:\/\/www.arquimaster.com.ar\/web\/wp-content\/uploads\/2016\/07\/casa_valles_oriental44-125x125.jpg 125w\" sizes=\"auto, (max-width: 150px) 100vw, 150px\" \/><\/a>\n\t\t\t<\/div>\n\t\t\t\t<figcaption class='wp-caption-text gallery-caption' id='gallery-2-21842'>\n\t\t\t\tVivienda en el Vall\u00e8s Oriental \/ YLAB Arquitectos (\u00a9 Tobias Laarmann)\n\t\t\t\t<\/figcaption><\/figure><figure class='gallery-item'>\n\t\t\t<div class='gallery-icon portrait'>\n\t\t\t\t<a href='https:\/\/www.arquimaster.com.ar\/web\/wp-content\/uploads\/2016\/07\/casa_valles_oriental45.jpg' title=\"Vivienda en el Vall\u00e8s Oriental \/ YLAB Arquitectos (\u00a9 Tobias Laarmann)\" data-rl_title=\"Vivienda en el Vall\u00e8s Oriental \/ YLAB Arquitectos (\u00a9 Tobias Laarmann)\" class=\"rl-gallery-link\" data-rl_caption=\"Vivienda en el Vall\u00e8s Oriental \/ YLAB Arquitectos (\u00a9 Tobias Laarmann)\" data-rel=\"lightbox-gallery-2\"><img loading=\"lazy\" decoding=\"async\" width=\"150\" height=\"150\" src=\"https:\/\/www.arquimaster.com.ar\/web\/wp-content\/uploads\/2016\/07\/casa_valles_oriental45-150x150.jpg\" class=\"attachment-thumbnail size-thumbnail\" alt=\"\" aria-describedby=\"gallery-2-21843\" srcset=\"https:\/\/www.arquimaster.com.ar\/web\/wp-content\/uploads\/2016\/07\/casa_valles_oriental45-150x150.jpg 150w, https:\/\/www.arquimaster.com.ar\/web\/wp-content\/uploads\/2016\/07\/casa_valles_oriental45-50x50.jpg 50w, https:\/\/www.arquimaster.com.ar\/web\/wp-content\/uploads\/2016\/07\/casa_valles_oriental45-125x125.jpg 125w\" sizes=\"auto, (max-width: 150px) 100vw, 150px\" \/><\/a>\n\t\t\t<\/div>\n\t\t\t\t<figcaption class='wp-caption-text gallery-caption' id='gallery-2-21843'>\n\t\t\t\tVivienda en el Vall\u00e8s Oriental \/ YLAB Arquitectos (\u00a9 Tobias Laarmann)\n\t\t\t\t<\/figcaption><\/figure><figure class='gallery-item'>\n\t\t\t<div class='gallery-icon portrait'>\n\t\t\t\t<a href='https:\/\/www.arquimaster.com.ar\/web\/wp-content\/uploads\/2016\/07\/casa_valles_oriental46.jpg' title=\"Vivienda en el Vall\u00e8s Oriental \/ YLAB Arquitectos (\u00a9 Tobias Laarmann)\" data-rl_title=\"Vivienda en el Vall\u00e8s Oriental \/ YLAB Arquitectos (\u00a9 Tobias Laarmann)\" class=\"rl-gallery-link\" data-rl_caption=\"Vivienda en el Vall\u00e8s Oriental \/ YLAB Arquitectos (\u00a9 Tobias Laarmann)\" data-rel=\"lightbox-gallery-2\"><img loading=\"lazy\" decoding=\"async\" width=\"150\" height=\"150\" src=\"https:\/\/www.arquimaster.com.ar\/web\/wp-content\/uploads\/2016\/07\/casa_valles_oriental46-150x150.jpg\" class=\"attachment-thumbnail size-thumbnail\" alt=\"\" aria-describedby=\"gallery-2-21844\" srcset=\"https:\/\/www.arquimaster.com.ar\/web\/wp-content\/uploads\/2016\/07\/casa_valles_oriental46-150x150.jpg 150w, https:\/\/www.arquimaster.com.ar\/web\/wp-content\/uploads\/2016\/07\/casa_valles_oriental46-50x50.jpg 50w, https:\/\/www.arquimaster.com.ar\/web\/wp-content\/uploads\/2016\/07\/casa_valles_oriental46-125x125.jpg 125w\" sizes=\"auto, (max-width: 150px) 100vw, 150px\" \/><\/a>\n\t\t\t<\/div>\n\t\t\t\t<figcaption class='wp-caption-text gallery-caption' id='gallery-2-21844'>\n\t\t\t\tVivienda en el Vall\u00e8s Oriental \/ YLAB Arquitectos (\u00a9 Tobias Laarmann)\n\t\t\t\t<\/figcaption><\/figure><figure class='gallery-item'>\n\t\t\t<div class='gallery-icon portrait'>\n\t\t\t\t<a href='https:\/\/www.arquimaster.com.ar\/web\/wp-content\/uploads\/2016\/07\/casa_valles_oriental47.jpg' title=\"Vivienda en el Vall\u00e8s Oriental \/ YLAB Arquitectos (\u00a9 Tobias Laarmann)\" data-rl_title=\"Vivienda en el Vall\u00e8s Oriental \/ YLAB Arquitectos (\u00a9 Tobias Laarmann)\" class=\"rl-gallery-link\" data-rl_caption=\"Vivienda en el Vall\u00e8s Oriental \/ YLAB Arquitectos (\u00a9 Tobias Laarmann)\" data-rel=\"lightbox-gallery-2\"><img loading=\"lazy\" decoding=\"async\" width=\"150\" height=\"150\" src=\"https:\/\/www.arquimaster.com.ar\/web\/wp-content\/uploads\/2016\/07\/casa_valles_oriental47-150x150.jpg\" class=\"attachment-thumbnail size-thumbnail\" alt=\"\" aria-describedby=\"gallery-2-21845\" srcset=\"https:\/\/www.arquimaster.com.ar\/web\/wp-content\/uploads\/2016\/07\/casa_valles_oriental47-150x150.jpg 150w, https:\/\/www.arquimaster.com.ar\/web\/wp-content\/uploads\/2016\/07\/casa_valles_oriental47-50x50.jpg 50w, https:\/\/www.arquimaster.com.ar\/web\/wp-content\/uploads\/2016\/07\/casa_valles_oriental47-125x125.jpg 125w\" sizes=\"auto, (max-width: 150px) 100vw, 150px\" \/><\/a>\n\t\t\t<\/div>\n\t\t\t\t<figcaption class='wp-caption-text gallery-caption' id='gallery-2-21845'>\n\t\t\t\tVivienda en el Vall\u00e8s Oriental \/ YLAB Arquitectos (\u00a9 Tobias Laarmann)\n\t\t\t\t<\/figcaption><\/figure><figure class='gallery-item'>\n\t\t\t<div class='gallery-icon landscape'>\n\t\t\t\t<a href='https:\/\/www.arquimaster.com.ar\/web\/wp-content\/uploads\/2016\/07\/casa_valles_oriental48.jpg' title=\"Vivienda en el Vall\u00e8s Oriental \/ YLAB Arquitectos (\u00a9 Tobias Laarmann)\" data-rl_title=\"Vivienda en el Vall\u00e8s Oriental \/ YLAB Arquitectos (\u00a9 Tobias Laarmann)\" class=\"rl-gallery-link\" data-rl_caption=\"Vivienda en el Vall\u00e8s Oriental \/ YLAB Arquitectos (\u00a9 Tobias Laarmann)\" data-rel=\"lightbox-gallery-2\"><img loading=\"lazy\" decoding=\"async\" width=\"150\" height=\"150\" src=\"https:\/\/www.arquimaster.com.ar\/web\/wp-content\/uploads\/2016\/07\/casa_valles_oriental48-150x150.jpg\" class=\"attachment-thumbnail size-thumbnail\" alt=\"\" aria-describedby=\"gallery-2-21846\" srcset=\"https:\/\/www.arquimaster.com.ar\/web\/wp-content\/uploads\/2016\/07\/casa_valles_oriental48-150x150.jpg 150w, https:\/\/www.arquimaster.com.ar\/web\/wp-content\/uploads\/2016\/07\/casa_valles_oriental48-50x50.jpg 50w, https:\/\/www.arquimaster.com.ar\/web\/wp-content\/uploads\/2016\/07\/casa_valles_oriental48-125x125.jpg 125w\" sizes=\"auto, (max-width: 150px) 100vw, 150px\" \/><\/a>\n\t\t\t<\/div>\n\t\t\t\t<figcaption class='wp-caption-text gallery-caption' id='gallery-2-21846'>\n\t\t\t\tVivienda en el Vall\u00e8s Oriental \/ YLAB Arquitectos (\u00a9 Tobias Laarmann)\n\t\t\t\t<\/figcaption><\/figure><figure class='gallery-item'>\n\t\t\t<div class='gallery-icon landscape'>\n\t\t\t\t<a href='https:\/\/www.arquimaster.com.ar\/web\/wp-content\/uploads\/2016\/07\/casa_valles_oriental49.jpg' title=\"Vivienda en el Vall\u00e8s Oriental \/ YLAB Arquitectos (\u00a9 Tobias Laarmann)\" data-rl_title=\"Vivienda en el Vall\u00e8s Oriental \/ YLAB Arquitectos (\u00a9 Tobias Laarmann)\" class=\"rl-gallery-link\" data-rl_caption=\"Vivienda en el Vall\u00e8s Oriental \/ YLAB Arquitectos (\u00a9 Tobias Laarmann)\" data-rel=\"lightbox-gallery-2\"><img loading=\"lazy\" decoding=\"async\" width=\"150\" height=\"150\" src=\"https:\/\/www.arquimaster.com.ar\/web\/wp-content\/uploads\/2016\/07\/casa_valles_oriental49-150x150.jpg\" class=\"attachment-thumbnail size-thumbnail\" alt=\"\" aria-describedby=\"gallery-2-21847\" srcset=\"https:\/\/www.arquimaster.com.ar\/web\/wp-content\/uploads\/2016\/07\/casa_valles_oriental49-150x150.jpg 150w, https:\/\/www.arquimaster.com.ar\/web\/wp-content\/uploads\/2016\/07\/casa_valles_oriental49-50x50.jpg 50w, https:\/\/www.arquimaster.com.ar\/web\/wp-content\/uploads\/2016\/07\/casa_valles_oriental49-125x125.jpg 125w\" sizes=\"auto, (max-width: 150px) 100vw, 150px\" \/><\/a>\n\t\t\t<\/div>\n\t\t\t\t<figcaption class='wp-caption-text gallery-caption' id='gallery-2-21847'>\n\t\t\t\tVivienda en el Vall\u00e8s Oriental \/ YLAB Arquitectos (\u00a9 Tobias Laarmann)\n\t\t\t\t<\/figcaption><\/figure><figure class='gallery-item'>\n\t\t\t<div class='gallery-icon landscape'>\n\t\t\t\t<a href='https:\/\/www.arquimaster.com.ar\/web\/wp-content\/uploads\/2016\/07\/casa_valles_oriental50.jpg' title=\"Vivienda en el Vall\u00e8s Oriental \/ YLAB Arquitectos (\u00a9 Tobias Laarmann)\" data-rl_title=\"Vivienda en el Vall\u00e8s Oriental \/ YLAB Arquitectos (\u00a9 Tobias Laarmann)\" class=\"rl-gallery-link\" data-rl_caption=\"Vivienda en el Vall\u00e8s Oriental \/ YLAB Arquitectos (\u00a9 Tobias Laarmann)\" data-rel=\"lightbox-gallery-2\"><img loading=\"lazy\" decoding=\"async\" width=\"150\" height=\"150\" src=\"https:\/\/www.arquimaster.com.ar\/web\/wp-content\/uploads\/2016\/07\/casa_valles_oriental50-150x150.jpg\" class=\"attachment-thumbnail size-thumbnail\" alt=\"\" aria-describedby=\"gallery-2-21848\" srcset=\"https:\/\/www.arquimaster.com.ar\/web\/wp-content\/uploads\/2016\/07\/casa_valles_oriental50-150x150.jpg 150w, https:\/\/www.arquimaster.com.ar\/web\/wp-content\/uploads\/2016\/07\/casa_valles_oriental50-50x50.jpg 50w, https:\/\/www.arquimaster.com.ar\/web\/wp-content\/uploads\/2016\/07\/casa_valles_oriental50-125x125.jpg 125w\" sizes=\"auto, (max-width: 150px) 100vw, 150px\" \/><\/a>\n\t\t\t<\/div>\n\t\t\t\t<figcaption class='wp-caption-text gallery-caption' id='gallery-2-21848'>\n\t\t\t\tVivienda en el Vall\u00e8s Oriental \/ YLAB Arquitectos (\u00a9 Tobias Laarmann)\n\t\t\t\t<\/figcaption><\/figure><figure class='gallery-item'>\n\t\t\t<div class='gallery-icon portrait'>\n\t\t\t\t<a href='https:\/\/www.arquimaster.com.ar\/web\/wp-content\/uploads\/2016\/07\/casa_valles_oriental51.jpg' title=\"Vivienda en el Vall\u00e8s Oriental \/ YLAB Arquitectos (\u00a9 Tobias Laarmann)\" data-rl_title=\"Vivienda en el Vall\u00e8s Oriental \/ YLAB Arquitectos (\u00a9 Tobias Laarmann)\" class=\"rl-gallery-link\" data-rl_caption=\"Vivienda en el Vall\u00e8s Oriental \/ YLAB Arquitectos (\u00a9 Tobias Laarmann)\" data-rel=\"lightbox-gallery-2\"><img loading=\"lazy\" decoding=\"async\" width=\"150\" height=\"150\" src=\"https:\/\/www.arquimaster.com.ar\/web\/wp-content\/uploads\/2016\/07\/casa_valles_oriental51-150x150.jpg\" class=\"attachment-thumbnail size-thumbnail\" alt=\"\" aria-describedby=\"gallery-2-21849\" srcset=\"https:\/\/www.arquimaster.com.ar\/web\/wp-content\/uploads\/2016\/07\/casa_valles_oriental51-150x150.jpg 150w, https:\/\/www.arquimaster.com.ar\/web\/wp-content\/uploads\/2016\/07\/casa_valles_oriental51-50x50.jpg 50w, https:\/\/www.arquimaster.com.ar\/web\/wp-content\/uploads\/2016\/07\/casa_valles_oriental51-125x125.jpg 125w\" sizes=\"auto, (max-width: 150px) 100vw, 150px\" \/><\/a>\n\t\t\t<\/div>\n\t\t\t\t<figcaption class='wp-caption-text gallery-caption' id='gallery-2-21849'>\n\t\t\t\tVivienda en el Vall\u00e8s Oriental \/ YLAB Arquitectos (\u00a9 Tobias Laarmann)\n\t\t\t\t<\/figcaption><\/figure><figure class='gallery-item'>\n\t\t\t<div class='gallery-icon landscape'>\n\t\t\t\t<a href='https:\/\/www.arquimaster.com.ar\/web\/wp-content\/uploads\/2016\/07\/casa_valles_oriental52.jpg' title=\"Vivienda en el Vall\u00e8s Oriental \/ YLAB Arquitectos (\u00a9 Tobias Laarmann)\" data-rl_title=\"Vivienda en el Vall\u00e8s Oriental \/ YLAB Arquitectos (\u00a9 Tobias Laarmann)\" class=\"rl-gallery-link\" data-rl_caption=\"Vivienda en el Vall\u00e8s Oriental \/ YLAB Arquitectos (\u00a9 Tobias Laarmann)\" data-rel=\"lightbox-gallery-2\"><img loading=\"lazy\" decoding=\"async\" width=\"150\" height=\"150\" src=\"https:\/\/www.arquimaster.com.ar\/web\/wp-content\/uploads\/2016\/07\/casa_valles_oriental52-150x150.jpg\" class=\"attachment-thumbnail size-thumbnail\" alt=\"\" aria-describedby=\"gallery-2-21850\" srcset=\"https:\/\/www.arquimaster.com.ar\/web\/wp-content\/uploads\/2016\/07\/casa_valles_oriental52-150x150.jpg 150w, https:\/\/www.arquimaster.com.ar\/web\/wp-content\/uploads\/2016\/07\/casa_valles_oriental52-50x50.jpg 50w, https:\/\/www.arquimaster.com.ar\/web\/wp-content\/uploads\/2016\/07\/casa_valles_oriental52-125x125.jpg 125w\" sizes=\"auto, (max-width: 150px) 100vw, 150px\" \/><\/a>\n\t\t\t<\/div>\n\t\t\t\t<figcaption class='wp-caption-text gallery-caption' id='gallery-2-21850'>\n\t\t\t\tVivienda en el Vall\u00e8s Oriental \/ YLAB Arquitectos (\u00a9 Tobias Laarmann)\n\t\t\t\t<\/figcaption><\/figure><figure class='gallery-item'>\n\t\t\t<div class='gallery-icon landscape'>\n\t\t\t\t<a href='https:\/\/www.arquimaster.com.ar\/web\/wp-content\/uploads\/2016\/07\/casa_valles_oriental53.jpg' title=\"Vivienda en el Vall\u00e8s Oriental \/ YLAB Arquitectos (\u00a9 Tobias Laarmann)\" data-rl_title=\"Vivienda en el Vall\u00e8s Oriental \/ YLAB Arquitectos (\u00a9 Tobias Laarmann)\" class=\"rl-gallery-link\" data-rl_caption=\"Vivienda en el Vall\u00e8s Oriental \/ YLAB Arquitectos (\u00a9 Tobias Laarmann)\" data-rel=\"lightbox-gallery-2\"><img loading=\"lazy\" decoding=\"async\" width=\"150\" height=\"150\" src=\"https:\/\/www.arquimaster.com.ar\/web\/wp-content\/uploads\/2016\/07\/casa_valles_oriental53-150x150.jpg\" class=\"attachment-thumbnail size-thumbnail\" alt=\"\" aria-describedby=\"gallery-2-21851\" srcset=\"https:\/\/www.arquimaster.com.ar\/web\/wp-content\/uploads\/2016\/07\/casa_valles_oriental53-150x150.jpg 150w, https:\/\/www.arquimaster.com.ar\/web\/wp-content\/uploads\/2016\/07\/casa_valles_oriental53-50x50.jpg 50w, https:\/\/www.arquimaster.com.ar\/web\/wp-content\/uploads\/2016\/07\/casa_valles_oriental53-125x125.jpg 125w\" sizes=\"auto, (max-width: 150px) 100vw, 150px\" \/><\/a>\n\t\t\t<\/div>\n\t\t\t\t<figcaption class='wp-caption-text gallery-caption' id='gallery-2-21851'>\n\t\t\t\tVivienda en el Vall\u00e8s Oriental \/ YLAB Arquitectos (\u00a9 Tobias Laarmann)\n\t\t\t\t<\/figcaption><\/figure><figure class='gallery-item'>\n\t\t\t<div class='gallery-icon portrait'>\n\t\t\t\t<a href='https:\/\/www.arquimaster.com.ar\/web\/wp-content\/uploads\/2016\/07\/casa_valles_oriental54.jpg' title=\"Vivienda en el Vall\u00e8s Oriental \/ YLAB Arquitectos (\u00a9 Tobias Laarmann)\" data-rl_title=\"Vivienda en el Vall\u00e8s Oriental \/ YLAB Arquitectos (\u00a9 Tobias Laarmann)\" class=\"rl-gallery-link\" data-rl_caption=\"Vivienda en el Vall\u00e8s Oriental \/ YLAB Arquitectos (\u00a9 Tobias Laarmann)\" data-rel=\"lightbox-gallery-2\"><img loading=\"lazy\" decoding=\"async\" width=\"150\" height=\"150\" src=\"https:\/\/www.arquimaster.com.ar\/web\/wp-content\/uploads\/2016\/07\/casa_valles_oriental54-150x150.jpg\" class=\"attachment-thumbnail size-thumbnail\" alt=\"\" aria-describedby=\"gallery-2-21852\" srcset=\"https:\/\/www.arquimaster.com.ar\/web\/wp-content\/uploads\/2016\/07\/casa_valles_oriental54-150x150.jpg 150w, https:\/\/www.arquimaster.com.ar\/web\/wp-content\/uploads\/2016\/07\/casa_valles_oriental54-50x50.jpg 50w, https:\/\/www.arquimaster.com.ar\/web\/wp-content\/uploads\/2016\/07\/casa_valles_oriental54-125x125.jpg 125w\" sizes=\"auto, (max-width: 150px) 100vw, 150px\" \/><\/a>\n\t\t\t<\/div>\n\t\t\t\t<figcaption class='wp-caption-text gallery-caption' id='gallery-2-21852'>\n\t\t\t\tVivienda en el Vall\u00e8s Oriental \/ YLAB Arquitectos (\u00a9 Tobias Laarmann)\n\t\t\t\t<\/figcaption><\/figure><figure class='gallery-item'>\n\t\t\t<div class='gallery-icon landscape'>\n\t\t\t\t<a href='https:\/\/www.arquimaster.com.ar\/web\/wp-content\/uploads\/2016\/07\/casa_valles_oriental55.jpg' title=\"Vivienda en el Vall\u00e8s Oriental \/ YLAB Arquitectos (\u00a9 Tobias Laarmann)\" data-rl_title=\"Vivienda en el Vall\u00e8s Oriental \/ YLAB Arquitectos (\u00a9 Tobias Laarmann)\" class=\"rl-gallery-link\" data-rl_caption=\"Vivienda en el Vall\u00e8s Oriental \/ YLAB Arquitectos (\u00a9 Tobias Laarmann)\" data-rel=\"lightbox-gallery-2\"><img loading=\"lazy\" decoding=\"async\" width=\"150\" height=\"150\" src=\"https:\/\/www.arquimaster.com.ar\/web\/wp-content\/uploads\/2016\/07\/casa_valles_oriental55-150x150.jpg\" class=\"attachment-thumbnail size-thumbnail\" alt=\"\" aria-describedby=\"gallery-2-21853\" srcset=\"https:\/\/www.arquimaster.com.ar\/web\/wp-content\/uploads\/2016\/07\/casa_valles_oriental55-150x150.jpg 150w, https:\/\/www.arquimaster.com.ar\/web\/wp-content\/uploads\/2016\/07\/casa_valles_oriental55-50x50.jpg 50w, https:\/\/www.arquimaster.com.ar\/web\/wp-content\/uploads\/2016\/07\/casa_valles_oriental55-125x125.jpg 125w\" sizes=\"auto, (max-width: 150px) 100vw, 150px\" \/><\/a>\n\t\t\t<\/div>\n\t\t\t\t<figcaption class='wp-caption-text gallery-caption' id='gallery-2-21853'>\n\t\t\t\tVivienda en el Vall\u00e8s Oriental \/ YLAB Arquitectos (\u00a9 Tobias Laarmann)\n\t\t\t\t<\/figcaption><\/figure><figure class='gallery-item'>\n\t\t\t<div class='gallery-icon landscape'>\n\t\t\t\t<a href='https:\/\/www.arquimaster.com.ar\/web\/wp-content\/uploads\/2016\/07\/casa_valles_oriental56.jpg' title=\"Vivienda en el Vall\u00e8s Oriental \/ YLAB Arquitectos (\u00a9 Tobias Laarmann)\" data-rl_title=\"Vivienda en el Vall\u00e8s Oriental \/ YLAB Arquitectos (\u00a9 Tobias Laarmann)\" class=\"rl-gallery-link\" data-rl_caption=\"Vivienda en el Vall\u00e8s Oriental \/ YLAB Arquitectos (\u00a9 Tobias Laarmann)\" data-rel=\"lightbox-gallery-2\"><img loading=\"lazy\" decoding=\"async\" width=\"150\" height=\"150\" src=\"https:\/\/www.arquimaster.com.ar\/web\/wp-content\/uploads\/2016\/07\/casa_valles_oriental56-150x150.jpg\" class=\"attachment-thumbnail size-thumbnail\" alt=\"\" aria-describedby=\"gallery-2-21854\" srcset=\"https:\/\/www.arquimaster.com.ar\/web\/wp-content\/uploads\/2016\/07\/casa_valles_oriental56-150x150.jpg 150w, https:\/\/www.arquimaster.com.ar\/web\/wp-content\/uploads\/2016\/07\/casa_valles_oriental56-50x50.jpg 50w, https:\/\/www.arquimaster.com.ar\/web\/wp-content\/uploads\/2016\/07\/casa_valles_oriental56-125x125.jpg 125w\" sizes=\"auto, (max-width: 150px) 100vw, 150px\" \/><\/a>\n\t\t\t<\/div>\n\t\t\t\t<figcaption class='wp-caption-text gallery-caption' id='gallery-2-21854'>\n\t\t\t\tVivienda en el Vall\u00e8s Oriental \/ YLAB Arquitectos (\u00a9 Tobias Laarmann)\n\t\t\t\t<\/figcaption><\/figure><figure class='gallery-item'>\n\t\t\t<div class='gallery-icon landscape'>\n\t\t\t\t<a href='https:\/\/www.arquimaster.com.ar\/web\/wp-content\/uploads\/2016\/07\/casa_valles_oriental57.jpg' title=\"Vivienda en el Vall\u00e8s Oriental \/ YLAB Arquitectos (\u00a9 Tobias Laarmann)\" data-rl_title=\"Vivienda en el Vall\u00e8s Oriental \/ YLAB Arquitectos (\u00a9 Tobias Laarmann)\" class=\"rl-gallery-link\" data-rl_caption=\"Vivienda en el Vall\u00e8s Oriental \/ YLAB Arquitectos (\u00a9 Tobias Laarmann)\" data-rel=\"lightbox-gallery-2\"><img loading=\"lazy\" decoding=\"async\" width=\"150\" height=\"150\" src=\"https:\/\/www.arquimaster.com.ar\/web\/wp-content\/uploads\/2016\/07\/casa_valles_oriental57-150x150.jpg\" class=\"attachment-thumbnail size-thumbnail\" alt=\"\" aria-describedby=\"gallery-2-21855\" srcset=\"https:\/\/www.arquimaster.com.ar\/web\/wp-content\/uploads\/2016\/07\/casa_valles_oriental57-150x150.jpg 150w, https:\/\/www.arquimaster.com.ar\/web\/wp-content\/uploads\/2016\/07\/casa_valles_oriental57-50x50.jpg 50w, https:\/\/www.arquimaster.com.ar\/web\/wp-content\/uploads\/2016\/07\/casa_valles_oriental57-125x125.jpg 125w\" sizes=\"auto, (max-width: 150px) 100vw, 150px\" \/><\/a>\n\t\t\t<\/div>\n\t\t\t\t<figcaption class='wp-caption-text gallery-caption' id='gallery-2-21855'>\n\t\t\t\tVivienda en el Vall\u00e8s Oriental \/ YLAB Arquitectos (\u00a9 Tobias Laarmann)\n\t\t\t\t<\/figcaption><\/figure><figure class='gallery-item'>\n\t\t\t<div class='gallery-icon landscape'>\n\t\t\t\t<a href='https:\/\/www.arquimaster.com.ar\/web\/wp-content\/uploads\/2016\/07\/casa_valles_oriental58.jpg' title=\"Vivienda en el Vall\u00e8s Oriental \/ YLAB Arquitectos (\u00a9 Tobias Laarmann)\" data-rl_title=\"Vivienda en el Vall\u00e8s Oriental \/ YLAB Arquitectos (\u00a9 Tobias Laarmann)\" class=\"rl-gallery-link\" data-rl_caption=\"Vivienda en el Vall\u00e8s Oriental \/ YLAB Arquitectos (\u00a9 Tobias Laarmann)\" data-rel=\"lightbox-gallery-2\"><img loading=\"lazy\" decoding=\"async\" width=\"150\" height=\"150\" src=\"https:\/\/www.arquimaster.com.ar\/web\/wp-content\/uploads\/2016\/07\/casa_valles_oriental58-150x150.jpg\" class=\"attachment-thumbnail size-thumbnail\" alt=\"\" aria-describedby=\"gallery-2-21856\" srcset=\"https:\/\/www.arquimaster.com.ar\/web\/wp-content\/uploads\/2016\/07\/casa_valles_oriental58-150x150.jpg 150w, https:\/\/www.arquimaster.com.ar\/web\/wp-content\/uploads\/2016\/07\/casa_valles_oriental58-50x50.jpg 50w, https:\/\/www.arquimaster.com.ar\/web\/wp-content\/uploads\/2016\/07\/casa_valles_oriental58-125x125.jpg 125w\" sizes=\"auto, (max-width: 150px) 100vw, 150px\" \/><\/a>\n\t\t\t<\/div>\n\t\t\t\t<figcaption class='wp-caption-text gallery-caption' id='gallery-2-21856'>\n\t\t\t\tVivienda en el Vall\u00e8s Oriental \/ YLAB Arquitectos (\u00a9 Tobias Laarmann)\n\t\t\t\t<\/figcaption><\/figure><figure class='gallery-item'>\n\t\t\t<div class='gallery-icon landscape'>\n\t\t\t\t<a href='https:\/\/www.arquimaster.com.ar\/web\/wp-content\/uploads\/2016\/07\/casa_valles_oriental59.jpg' title=\"Vivienda en el Vall\u00e8s Oriental \/ YLAB Arquitectos (\u00a9 Tobias Laarmann)\" data-rl_title=\"Vivienda en el Vall\u00e8s Oriental \/ YLAB Arquitectos (\u00a9 Tobias Laarmann)\" class=\"rl-gallery-link\" data-rl_caption=\"Vivienda en el Vall\u00e8s Oriental \/ YLAB Arquitectos (\u00a9 Tobias Laarmann)\" data-rel=\"lightbox-gallery-2\"><img loading=\"lazy\" decoding=\"async\" width=\"150\" height=\"150\" src=\"https:\/\/www.arquimaster.com.ar\/web\/wp-content\/uploads\/2016\/07\/casa_valles_oriental59-150x150.jpg\" class=\"attachment-thumbnail size-thumbnail\" alt=\"\" aria-describedby=\"gallery-2-21857\" srcset=\"https:\/\/www.arquimaster.com.ar\/web\/wp-content\/uploads\/2016\/07\/casa_valles_oriental59-150x150.jpg 150w, https:\/\/www.arquimaster.com.ar\/web\/wp-content\/uploads\/2016\/07\/casa_valles_oriental59-50x50.jpg 50w, https:\/\/www.arquimaster.com.ar\/web\/wp-content\/uploads\/2016\/07\/casa_valles_oriental59-125x125.jpg 125w\" sizes=\"auto, (max-width: 150px) 100vw, 150px\" \/><\/a>\n\t\t\t<\/div>\n\t\t\t\t<figcaption class='wp-caption-text gallery-caption' id='gallery-2-21857'>\n\t\t\t\tVivienda en el Vall\u00e8s Oriental \/ YLAB Arquitectos (\u00a9 Tobias Laarmann)\n\t\t\t\t<\/figcaption><\/figure><figure class='gallery-item'>\n\t\t\t<div class='gallery-icon portrait'>\n\t\t\t\t<a href='https:\/\/www.arquimaster.com.ar\/web\/wp-content\/uploads\/2016\/07\/casa_valles_oriental60.jpg' title=\"Vivienda en el Vall\u00e8s Oriental \/ YLAB Arquitectos (\u00a9 Tobias Laarmann)\" data-rl_title=\"Vivienda en el Vall\u00e8s Oriental \/ YLAB Arquitectos (\u00a9 Tobias Laarmann)\" class=\"rl-gallery-link\" data-rl_caption=\"Vivienda en el Vall\u00e8s Oriental \/ YLAB Arquitectos (\u00a9 Tobias Laarmann)\" data-rel=\"lightbox-gallery-2\"><img loading=\"lazy\" decoding=\"async\" width=\"150\" height=\"150\" src=\"https:\/\/www.arquimaster.com.ar\/web\/wp-content\/uploads\/2016\/07\/casa_valles_oriental60-150x150.jpg\" class=\"attachment-thumbnail size-thumbnail\" alt=\"\" aria-describedby=\"gallery-2-21858\" srcset=\"https:\/\/www.arquimaster.com.ar\/web\/wp-content\/uploads\/2016\/07\/casa_valles_oriental60-150x150.jpg 150w, https:\/\/www.arquimaster.com.ar\/web\/wp-content\/uploads\/2016\/07\/casa_valles_oriental60-50x50.jpg 50w, https:\/\/www.arquimaster.com.ar\/web\/wp-content\/uploads\/2016\/07\/casa_valles_oriental60-125x125.jpg 125w\" sizes=\"auto, (max-width: 150px) 100vw, 150px\" \/><\/a>\n\t\t\t<\/div>\n\t\t\t\t<figcaption class='wp-caption-text gallery-caption' id='gallery-2-21858'>\n\t\t\t\tVivienda en el Vall\u00e8s Oriental \/ YLAB Arquitectos (\u00a9 Tobias Laarmann)\n\t\t\t\t<\/figcaption><\/figure><figure class='gallery-item'>\n\t\t\t<div class='gallery-icon portrait'>\n\t\t\t\t<a href='https:\/\/www.arquimaster.com.ar\/web\/wp-content\/uploads\/2016\/07\/casa_valles_oriental61.jpg' title=\"Vivienda en el Vall\u00e8s Oriental \/ YLAB Arquitectos (\u00a9 Tobias Laarmann)\" data-rl_title=\"Vivienda en el Vall\u00e8s Oriental \/ YLAB Arquitectos (\u00a9 Tobias Laarmann)\" class=\"rl-gallery-link\" data-rl_caption=\"Vivienda en el Vall\u00e8s Oriental \/ YLAB Arquitectos (\u00a9 Tobias Laarmann)\" data-rel=\"lightbox-gallery-2\"><img loading=\"lazy\" decoding=\"async\" width=\"150\" height=\"150\" src=\"https:\/\/www.arquimaster.com.ar\/web\/wp-content\/uploads\/2016\/07\/casa_valles_oriental61-150x150.jpg\" class=\"attachment-thumbnail size-thumbnail\" alt=\"\" aria-describedby=\"gallery-2-21859\" srcset=\"https:\/\/www.arquimaster.com.ar\/web\/wp-content\/uploads\/2016\/07\/casa_valles_oriental61-150x150.jpg 150w, https:\/\/www.arquimaster.com.ar\/web\/wp-content\/uploads\/2016\/07\/casa_valles_oriental61-50x50.jpg 50w, https:\/\/www.arquimaster.com.ar\/web\/wp-content\/uploads\/2016\/07\/casa_valles_oriental61-125x125.jpg 125w\" sizes=\"auto, (max-width: 150px) 100vw, 150px\" \/><\/a>\n\t\t\t<\/div>\n\t\t\t\t<figcaption class='wp-caption-text gallery-caption' id='gallery-2-21859'>\n\t\t\t\tVivienda en el Vall\u00e8s Oriental \/ YLAB Arquitectos (\u00a9 Tobias Laarmann)\n\t\t\t\t<\/figcaption><\/figure><figure class='gallery-item'>\n\t\t\t<div class='gallery-icon landscape'>\n\t\t\t\t<a href='https:\/\/www.arquimaster.com.ar\/web\/wp-content\/uploads\/2016\/07\/casa_valles_oriental62.jpg' title=\"Vivienda en el Vall\u00e8s Oriental \/ YLAB Arquitectos (\u00a9 Tobias Laarmann)\" data-rl_title=\"Vivienda en el Vall\u00e8s Oriental \/ YLAB Arquitectos (\u00a9 Tobias Laarmann)\" class=\"rl-gallery-link\" data-rl_caption=\"Vivienda en el Vall\u00e8s Oriental \/ YLAB Arquitectos (\u00a9 Tobias Laarmann)\" data-rel=\"lightbox-gallery-2\"><img loading=\"lazy\" decoding=\"async\" width=\"150\" height=\"150\" src=\"https:\/\/www.arquimaster.com.ar\/web\/wp-content\/uploads\/2016\/07\/casa_valles_oriental62-150x150.jpg\" class=\"attachment-thumbnail size-thumbnail\" alt=\"\" aria-describedby=\"gallery-2-21860\" srcset=\"https:\/\/www.arquimaster.com.ar\/web\/wp-content\/uploads\/2016\/07\/casa_valles_oriental62-150x150.jpg 150w, https:\/\/www.arquimaster.com.ar\/web\/wp-content\/uploads\/2016\/07\/casa_valles_oriental62-50x50.jpg 50w, https:\/\/www.arquimaster.com.ar\/web\/wp-content\/uploads\/2016\/07\/casa_valles_oriental62-125x125.jpg 125w\" sizes=\"auto, (max-width: 150px) 100vw, 150px\" \/><\/a>\n\t\t\t<\/div>\n\t\t\t\t<figcaption class='wp-caption-text gallery-caption' id='gallery-2-21860'>\n\t\t\t\tVivienda en el Vall\u00e8s Oriental \/ YLAB Arquitectos (\u00a9 Tobias Laarmann)\n\t\t\t\t<\/figcaption><\/figure><figure class='gallery-item'>\n\t\t\t<div class='gallery-icon landscape'>\n\t\t\t\t<a href='https:\/\/www.arquimaster.com.ar\/web\/wp-content\/uploads\/2016\/07\/casa_valles_oriental63.jpg' title=\"Vivienda en el Vall\u00e8s Oriental \/ YLAB Arquitectos (planta baja)\" data-rl_title=\"Vivienda en el Vall\u00e8s Oriental \/ YLAB Arquitectos (planta baja)\" class=\"rl-gallery-link\" data-rl_caption=\"Vivienda en el Vall\u00e8s Oriental \/ YLAB Arquitectos (planta baja)\" data-rel=\"lightbox-gallery-2\"><img loading=\"lazy\" decoding=\"async\" width=\"150\" height=\"150\" src=\"https:\/\/www.arquimaster.com.ar\/web\/wp-content\/uploads\/2016\/07\/casa_valles_oriental63-150x150.jpg\" class=\"attachment-thumbnail size-thumbnail\" alt=\"\" aria-describedby=\"gallery-2-21861\" srcset=\"https:\/\/www.arquimaster.com.ar\/web\/wp-content\/uploads\/2016\/07\/casa_valles_oriental63-150x150.jpg 150w, https:\/\/www.arquimaster.com.ar\/web\/wp-content\/uploads\/2016\/07\/casa_valles_oriental63-50x50.jpg 50w, https:\/\/www.arquimaster.com.ar\/web\/wp-content\/uploads\/2016\/07\/casa_valles_oriental63-125x125.jpg 125w\" sizes=\"auto, (max-width: 150px) 100vw, 150px\" \/><\/a>\n\t\t\t<\/div>\n\t\t\t\t<figcaption class='wp-caption-text gallery-caption' id='gallery-2-21861'>\n\t\t\t\tVivienda en el Vall\u00e8s Oriental \/ YLAB Arquitectos (planta baja)\n\t\t\t\t<\/figcaption><\/figure><figure class='gallery-item'>\n\t\t\t<div class='gallery-icon landscape'>\n\t\t\t\t<a href='https:\/\/www.arquimaster.com.ar\/web\/wp-content\/uploads\/2016\/07\/casa_valles_oriental64.jpg' title=\"Vivienda en el Vall\u00e8s Oriental \/ YLAB Arquitectos (planta alta)\" data-rl_title=\"Vivienda en el Vall\u00e8s Oriental \/ YLAB Arquitectos (planta alta)\" class=\"rl-gallery-link\" data-rl_caption=\"Vivienda en el Vall\u00e8s Oriental \/ YLAB Arquitectos (planta alta)\" data-rel=\"lightbox-gallery-2\"><img loading=\"lazy\" decoding=\"async\" width=\"150\" height=\"150\" src=\"https:\/\/www.arquimaster.com.ar\/web\/wp-content\/uploads\/2016\/07\/casa_valles_oriental64-150x150.jpg\" class=\"attachment-thumbnail size-thumbnail\" alt=\"\" aria-describedby=\"gallery-2-21862\" srcset=\"https:\/\/www.arquimaster.com.ar\/web\/wp-content\/uploads\/2016\/07\/casa_valles_oriental64-150x150.jpg 150w, https:\/\/www.arquimaster.com.ar\/web\/wp-content\/uploads\/2016\/07\/casa_valles_oriental64-50x50.jpg 50w, https:\/\/www.arquimaster.com.ar\/web\/wp-content\/uploads\/2016\/07\/casa_valles_oriental64-125x125.jpg 125w\" sizes=\"auto, (max-width: 150px) 100vw, 150px\" \/><\/a>\n\t\t\t<\/div>\n\t\t\t\t<figcaption class='wp-caption-text gallery-caption' id='gallery-2-21862'>\n\t\t\t\tVivienda en el Vall\u00e8s Oriental \/ YLAB Arquitectos (planta alta)\n\t\t\t\t<\/figcaption><\/figure>\n\t\t<\/div>\n\n<p>Una rica paleta de materiales arm\u00f3nicos crea una atmosfera contempor\u00e1nea, sofisticada y c\u00e1lida:<\/p>\n<p>Pavimento de cemento continuo color topo, paredes de piedra arenisca, panelados y carpinter\u00edas.<\/p>\n<p>Interiores de madera color tabaco, mobiliario oscuro y elegante. El color se introduce sutilmente a trav\u00e9s de elementos de lat\u00f3n dorado, como parte del mobiliario a medida o de la decoraci\u00f3n, tejidos de calidad y la vista del paisaje exterior.<\/p>\n<p>El espacioso y luminoso sal\u00f3n est\u00e1 formado por diferentes ambientes que favorecen el encuentro y las reuniones sociales. Un gran mueble hecho a medida en madera color tabaco con una chimenea integrada de acero negro, televisi\u00f3n y sistema de sonido preside la sala.<\/p>\n<p>El sal\u00f3n est\u00e1 amueblado por sof\u00e1s de tejido claro y chaise longues, combinados con mesas centrales de m\u00e1rmol negro, butacas y reposapi\u00e9s sobre una alfombra de seda beige claro.<\/p>\n<p>En la zona de comedor adyacente, bajo un conjunto de magn\u00edficas l\u00e1mparas de lat\u00f3n, una mesa de laca oscura es flanqueada por sillas de patas doradas.<\/p>\n<p>Panelados murales de piedra natural gris, lamas orientables de madera y cortinas de seda color topo completan la sala, que conecta con el patio interior decorado por un gran olivo.<\/p>\n<p>En la cocina, un mueble central con dos puertas correderas laterales separa la cocina de la vinoteca, el aseo y la zona auxiliar de cocina, situados en la parte posterior.<\/p>\n<p>Una gran isla central con una placa de cocci\u00f3n sirve como zona informal de comer. La cocina est\u00e1 acabada en laca color caf\u00e9 oscuro con encimera y splash de Neolith en el mismo color y armarios de madera color tabaco.<\/p>\n<p>La suite principal est\u00e1 formada por un dormitorio con vestidor y ba\u00f1o con un techo de alistonado de madera. Una cama a medida lacada en color caf\u00e9 oscuro con cabezal de piel y l\u00e1mparas de noche de lat\u00f3n sobre una alfombra de seda de bamb\u00fa de Elsen&amp;Son son el elemento principal.<\/p>\n<p>Justo en frente, un mueble con frontales de armario en piedra arenisca gris, un hueco abierto revestido en lat\u00f3n y cajones bajos de madera color tabaco, esconde un televisor y espacio de almacenaje.<\/p>\n<p>Una gran puerta corredera de madera separa la zona de noche del ba\u00f1o y el vestidor. El lavabo exento de pie con espejo es un elemento central con dos puertas de vidrio tintado en negro que dan acceso a las zonas m\u00e1s privadas del lavabo.<\/p>\n<p>En contraste, las habitaciones infantiles al otro lado del pasillo con alegres y con el color blanco como base, dise\u00f1adas para fomentar el juego, los deportes y el estudio, est\u00e1n decoradas con una mesa de futbol\u00edn, grandes sof\u00e1s y armarios a medidas que integran mesas de trabajo en las habitaciones.<\/p>\n<p><strong>Ficha tecnica<\/strong><br \/>\nNombre: Vivienda unifamiliar en el Vall\u00e8s Oriental<br \/>\nUbicaci\u00f3n: Barcelona<br \/>\nArquitectura e interiorismo: YLAB Arquitectos Barcelona<br \/>\nAutores: Tobias Laarmann &amp; Yolanda Yuste L\u00f3pez<br \/>\nConstructor: 7Works General Contractor, Sasgar<br \/>\nCarpintero: Carpinter\u00eda Construmad<br \/>\nColaboradores: Cristaler\u00eda Bonanova, Acor, Gunni Trentino, Sesaelec, Bticino, Deltalight, Minotti, Tom Dixon, RS Barcelona, Treku, Elsen &amp; Son, Aldeoki, Kettal, Metalfire, Punt Mobles, Vola<br \/>\nSuperficie: vivienda principal 306 m2, vivienda invitados 69 m2, garaje 48 m2<br \/>\nFotograf\u00eda: Tobias Laarmann<\/p>\n<p><strong>Contacto:<\/strong> <a href=\"http:\/\/www.ylab.es\" target=\"_blank\">http:\/\/www.ylab.es<\/a><\/p>\n<p><strong>Acerca del proyectista<\/strong><br \/>\nYLAB Arquitectos Barcelona es un despacho de arquitectura e interiorismo con sede en Barcelona fundado por Tobias Laarmann y Yolanda Yuste. YLAB est\u00e1 especializado en arquitectura, interiorismo y gesti\u00f3n de proyectos residenciales, comerciales, hosteler\u00eda y corporativos. Su portfolio incluye proyectos como las sedes de las compa\u00f1\u00edas ANV o Inaugure Hospitality, la sede central del banco BNDE, diversos restaurantes para la cadena hotelera Hi Hotels International, adem\u00e1s de numerosos proyectos residenciales privados.<\/p>\n<p><strong>Especificaciones de marcas y productos<\/strong><\/p>\n<p>Flooring<br \/>\nTaupe continuous Pandomo cement floor<\/p>\n<p>Painting<br \/>\nValentine white paint Ral 9010<\/p>\n<p>Natural stone wall claddings<br \/>\nNatural Grigio Ash stone<\/p>\n<p>Custom-made wood furniture<br \/>\nFinishings in dark coffee lacquered wood, dark tinted natural eucalyptus<br \/>\nwood veneer, white lacquered wood, natural Grigio Ash stone, Neolith<br \/>\nNero colorfeel collection, black iron sheet satin lacquer finished<\/p>\n<p>Architectural lighting<br \/>\nInbuilt ceiling lamp Intro Small by Zumtobel<br \/>\nInbuilt ceiling lamp Intro Small Panos by Zumtobel<br \/>\nInbuilt ceiling downlight Panos Infinity by Zumtobel<br \/>\nInbuilt ceiling downlight Diro Trimless by Deltalight<\/p>\n<p>Decorative lighting<br \/>\nBeat brass suspended lamps by Tom Dixon<br \/>\nLumiere XXL table lamp by Foscarini<br \/>\nMichael Anastassiades Tip of the Tongue table lamp<br \/>\nCarvaggio P2 suspended lamps by Lightyears<br \/>\nHigh Noon stading lamp by Zeitraum<\/p>\n<p>Sanitaries<br \/>\nLink suspended WC by Flaminia<br \/>\nInox steel PHT serie faucets, shower mixers and accessoires by Vola<br \/>\nCustom-made washbasins black Pral 2071<br \/>\nCustom-made showers finished with Neolith Nero colorfeel collection<\/p>\n<p>Kitchen appliances<br \/>\nGaggenau Serie 200 oven<br \/>\nGaggenau CG 290 gas cooktop<br \/>\nGutmann Invisible 18 EM extractor hood<br \/>\nFranke inox steel Planario POX sink<br \/>\nFranke Lounge semi-pro mixer<\/p>\n<p>Electrical accessories<br \/>\nAvenue AE Livinglight by Bticino<\/p>\n<p>Commercial furniture<br \/>\nAndersen sofas by Minotti<br \/>\nLovechair chaise longue by Minotti<br \/>\nPrince armchairs and Ottoman by Minotti<br \/>\nCalder central tables by Minotti<br \/>\nEvans dining table by Minotti<br \/>\nTroy chairs by Magis<br \/>\nStockholm sideboard by Punt Mobles<br \/>\nBambou silk Halong rug by Elsen&amp;Son<br \/>\nO&amp;D Wire Bar stools<br \/>\nVendone rug by Elsen&amp;Son<br \/>\nFiels kids sofa by RS Barcelona<br \/>\nFootball table by RS Barcelona<\/p>\n\n<div style=\"font-size: 0px; height: 0px; line-height: 0px; margin: 0; padding: 0; clear: both;\"><\/div><div style=\"margin-top: 0px; margin-bottom: 0px;\" class=\"sharethis-inline-share-buttons\" ><\/div>","protected":false},"excerpt":{"rendered":"<p>Dise\u00f1ada para captar las magn\u00edficas vistas sobre la cordillera litoral y sus bosques&#8230;<\/p>\n","protected":false},"author":1,"featured_media":21797,"comment_status":"closed","ping_status":"closed","sticky":false,"template":"","format":"standard","meta":{"_uag_custom_page_level_css":"","footnotes":""},"categories":[1,83],"tags":[679,860,254,859,861],"class_list":["post-21795","post","type-post","status-publish","format-standard","has-post-thumbnail","hentry","category-proyecto","category-vivienda-unifamiliar","tag-barcelona","tag-tobias-laarmann","tag-vivienda-unifamiliar-2","tag-ylab-arquitectos","tag-yolanda-yuste","generate-columns","tablet-grid-50","mobile-grid-100","grid-parent","grid-50"],"yoast_head":"<!-- This site is optimized with the Yoast SEO plugin v27.3 - https:\/\/yoast.com\/product\/yoast-seo-wordpress\/ -->\n<title>Vivienda en el Vall\u00e8s Oriental \/ YLAB Arquitectos - Arquimaster<\/title>\n<meta name=\"robots\" content=\"index, follow, max-snippet:-1, max-image-preview:large, max-video-preview:-1\" \/>\n<link rel=\"canonical\" href=\"https:\/\/www.arquimaster.com.ar\/web\/vivienda-en-el-valles-oriental-ylab-arquitectos\/\" \/>\n<meta property=\"og:locale\" content=\"es_ES\" \/>\n<meta property=\"og:type\" content=\"article\" \/>\n<meta property=\"og:title\" content=\"Vivienda en el Vall\u00e8s Oriental \/ YLAB Arquitectos - Arquimaster\" \/>\n<meta property=\"og:description\" content=\"Dise\u00f1ada para captar las magn\u00edficas vistas sobre la cordillera litoral y sus bosques...\" \/>\n<meta property=\"og:url\" content=\"https:\/\/www.arquimaster.com.ar\/web\/vivienda-en-el-valles-oriental-ylab-arquitectos\/\" \/>\n<meta property=\"og:site_name\" content=\"Arquimaster\" \/>\n<meta property=\"article:publisher\" content=\"http:\/\/www.facebook.com\/ARQUIMASTER.com.ar\" \/>\n<meta property=\"article:published_time\" content=\"2016-07-31T02:22:46+00:00\" \/>\n<meta property=\"article:modified_time\" content=\"2016-08-12T02:47:44+00:00\" \/>\n<meta property=\"og:image\" content=\"https:\/\/www.arquimaster.com.ar\/web\/wp-content\/uploads\/2016\/07\/casa_valles_oriental_slide1.jpg\" \/>\n\t<meta property=\"og:image:width\" content=\"642\" \/>\n\t<meta property=\"og:image:height\" content=\"336\" \/>\n\t<meta property=\"og:image:type\" content=\"image\/jpeg\" \/>\n<meta name=\"author\" content=\"Arquimaster\" \/>\n<meta name=\"twitter:card\" content=\"summary_large_image\" \/>\n<meta name=\"twitter:creator\" content=\"@arquimaster\" \/>\n<meta name=\"twitter:site\" content=\"@arquimaster\" \/>\n<meta name=\"twitter:label1\" content=\"Escrito por\" \/>\n\t<meta name=\"twitter:data1\" content=\"Arquimaster\" \/>\n\t<meta name=\"twitter:label2\" content=\"Tiempo de lectura\" \/>\n\t<meta name=\"twitter:data2\" content=\"6 minutos\" \/>\n<script type=\"application\/ld+json\" class=\"yoast-schema-graph\">{\"@context\":\"https:\\\/\\\/schema.org\",\"@graph\":[{\"@type\":\"Article\",\"@id\":\"https:\\\/\\\/www.arquimaster.com.ar\\\/web\\\/vivienda-en-el-valles-oriental-ylab-arquitectos\\\/#article\",\"isPartOf\":{\"@id\":\"https:\\\/\\\/www.arquimaster.com.ar\\\/web\\\/vivienda-en-el-valles-oriental-ylab-arquitectos\\\/\"},\"author\":{\"name\":\"Arquimaster\",\"@id\":\"https:\\\/\\\/www.arquimaster.com.ar\\\/web\\\/#\\\/schema\\\/person\\\/359e9f7c00193fcde068e0dd2ceb0028\"},\"headline\":\"Vivienda en el Vall\u00e8s Oriental \\\/ YLAB Arquitectos\",\"datePublished\":\"2016-07-31T02:22:46+00:00\",\"dateModified\":\"2016-08-12T02:47:44+00:00\",\"mainEntityOfPage\":{\"@id\":\"https:\\\/\\\/www.arquimaster.com.ar\\\/web\\\/vivienda-en-el-valles-oriental-ylab-arquitectos\\\/\"},\"wordCount\":1146,\"publisher\":{\"@id\":\"https:\\\/\\\/www.arquimaster.com.ar\\\/web\\\/#organization\"},\"image\":{\"@id\":\"https:\\\/\\\/www.arquimaster.com.ar\\\/web\\\/vivienda-en-el-valles-oriental-ylab-arquitectos\\\/#primaryimage\"},\"thumbnailUrl\":\"https:\\\/\\\/www.arquimaster.com.ar\\\/web\\\/wp-content\\\/uploads\\\/2016\\\/07\\\/casa_valles_oriental_slide1.jpg\",\"keywords\":[\"Barcelona\",\"Tobias Laarmann\",\"vivienda unifamiliar\",\"YLAB Arquitectos\",\"Yolanda Yuste\"],\"articleSection\":[\"Proyecto\",\"Vivienda unifamiliar y PH\"],\"inLanguage\":\"es\"},{\"@type\":\"WebPage\",\"@id\":\"https:\\\/\\\/www.arquimaster.com.ar\\\/web\\\/vivienda-en-el-valles-oriental-ylab-arquitectos\\\/\",\"url\":\"https:\\\/\\\/www.arquimaster.com.ar\\\/web\\\/vivienda-en-el-valles-oriental-ylab-arquitectos\\\/\",\"name\":\"Vivienda en el Vall\u00e8s Oriental \\\/ YLAB Arquitectos - Arquimaster\",\"isPartOf\":{\"@id\":\"https:\\\/\\\/www.arquimaster.com.ar\\\/web\\\/#website\"},\"primaryImageOfPage\":{\"@id\":\"https:\\\/\\\/www.arquimaster.com.ar\\\/web\\\/vivienda-en-el-valles-oriental-ylab-arquitectos\\\/#primaryimage\"},\"image\":{\"@id\":\"https:\\\/\\\/www.arquimaster.com.ar\\\/web\\\/vivienda-en-el-valles-oriental-ylab-arquitectos\\\/#primaryimage\"},\"thumbnailUrl\":\"https:\\\/\\\/www.arquimaster.com.ar\\\/web\\\/wp-content\\\/uploads\\\/2016\\\/07\\\/casa_valles_oriental_slide1.jpg\",\"datePublished\":\"2016-07-31T02:22:46+00:00\",\"dateModified\":\"2016-08-12T02:47:44+00:00\",\"breadcrumb\":{\"@id\":\"https:\\\/\\\/www.arquimaster.com.ar\\\/web\\\/vivienda-en-el-valles-oriental-ylab-arquitectos\\\/#breadcrumb\"},\"inLanguage\":\"es\",\"potentialAction\":[{\"@type\":\"ReadAction\",\"target\":[\"https:\\\/\\\/www.arquimaster.com.ar\\\/web\\\/vivienda-en-el-valles-oriental-ylab-arquitectos\\\/\"]}]},{\"@type\":\"ImageObject\",\"inLanguage\":\"es\",\"@id\":\"https:\\\/\\\/www.arquimaster.com.ar\\\/web\\\/vivienda-en-el-valles-oriental-ylab-arquitectos\\\/#primaryimage\",\"url\":\"https:\\\/\\\/www.arquimaster.com.ar\\\/web\\\/wp-content\\\/uploads\\\/2016\\\/07\\\/casa_valles_oriental_slide1.jpg\",\"contentUrl\":\"https:\\\/\\\/www.arquimaster.com.ar\\\/web\\\/wp-content\\\/uploads\\\/2016\\\/07\\\/casa_valles_oriental_slide1.jpg\",\"width\":642,\"height\":336},{\"@type\":\"BreadcrumbList\",\"@id\":\"https:\\\/\\\/www.arquimaster.com.ar\\\/web\\\/vivienda-en-el-valles-oriental-ylab-arquitectos\\\/#breadcrumb\",\"itemListElement\":[{\"@type\":\"ListItem\",\"position\":1,\"name\":\"Portada\",\"item\":\"https:\\\/\\\/www.arquimaster.com.ar\\\/web\\\/\"},{\"@type\":\"ListItem\",\"position\":2,\"name\":\"Vivienda en el Vall\u00e8s Oriental \\\/ YLAB Arquitectos\"}]},{\"@type\":\"WebSite\",\"@id\":\"https:\\\/\\\/www.arquimaster.com.ar\\\/web\\\/#website\",\"url\":\"https:\\\/\\\/www.arquimaster.com.ar\\\/web\\\/\",\"name\":\"Arquimaster\",\"description\":\"Web de arquitectura, dise\u00f1o y construccion\",\"publisher\":{\"@id\":\"https:\\\/\\\/www.arquimaster.com.ar\\\/web\\\/#organization\"},\"potentialAction\":[{\"@type\":\"SearchAction\",\"target\":{\"@type\":\"EntryPoint\",\"urlTemplate\":\"https:\\\/\\\/www.arquimaster.com.ar\\\/web\\\/?s={search_term_string}\"},\"query-input\":{\"@type\":\"PropertyValueSpecification\",\"valueRequired\":true,\"valueName\":\"search_term_string\"}}],\"inLanguage\":\"es\"},{\"@type\":\"Organization\",\"@id\":\"https:\\\/\\\/www.arquimaster.com.ar\\\/web\\\/#organization\",\"name\":\"Arquimaster\",\"url\":\"https:\\\/\\\/www.arquimaster.com.ar\\\/web\\\/\",\"logo\":{\"@type\":\"ImageObject\",\"inLanguage\":\"es\",\"@id\":\"https:\\\/\\\/www.arquimaster.com.ar\\\/web\\\/#\\\/schema\\\/logo\\\/image\\\/\",\"url\":\"https:\\\/\\\/www.arquimaster.com.ar\\\/web\\\/wp-content\\\/uploads\\\/2022\\\/06\\\/arquimaster.png\",\"contentUrl\":\"https:\\\/\\\/www.arquimaster.com.ar\\\/web\\\/wp-content\\\/uploads\\\/2022\\\/06\\\/arquimaster.png\",\"width\":594,\"height\":78,\"caption\":\"Arquimaster\"},\"image\":{\"@id\":\"https:\\\/\\\/www.arquimaster.com.ar\\\/web\\\/#\\\/schema\\\/logo\\\/image\\\/\"},\"sameAs\":[\"http:\\\/\\\/www.facebook.com\\\/ARQUIMASTER.com.ar\",\"https:\\\/\\\/x.com\\\/arquimaster\",\"https:\\\/\\\/www.instagram.com\\\/arquimasterblog\\\/\",\"https:\\\/\\\/www.linkedin.com\\\/company\\\/arquimaster\",\"https:\\\/\\\/www.pinterest.com\\\/arquimaster\",\"https:\\\/\\\/t.me\\\/arquimaster\"]},{\"@type\":\"Person\",\"@id\":\"https:\\\/\\\/www.arquimaster.com.ar\\\/web\\\/#\\\/schema\\\/person\\\/359e9f7c00193fcde068e0dd2ceb0028\",\"name\":\"Arquimaster\"}]}<\/script>\n<!-- \/ Yoast SEO plugin. -->","yoast_head_json":{"title":"Vivienda en el Vall\u00e8s Oriental \/ YLAB Arquitectos - Arquimaster","robots":{"index":"index","follow":"follow","max-snippet":"max-snippet:-1","max-image-preview":"max-image-preview:large","max-video-preview":"max-video-preview:-1"},"canonical":"https:\/\/www.arquimaster.com.ar\/web\/vivienda-en-el-valles-oriental-ylab-arquitectos\/","og_locale":"es_ES","og_type":"article","og_title":"Vivienda en el Vall\u00e8s Oriental \/ YLAB Arquitectos - Arquimaster","og_description":"Dise\u00f1ada para captar las magn\u00edficas vistas sobre la cordillera litoral y sus bosques...","og_url":"https:\/\/www.arquimaster.com.ar\/web\/vivienda-en-el-valles-oriental-ylab-arquitectos\/","og_site_name":"Arquimaster","article_publisher":"http:\/\/www.facebook.com\/ARQUIMASTER.com.ar","article_published_time":"2016-07-31T02:22:46+00:00","article_modified_time":"2016-08-12T02:47:44+00:00","og_image":[{"width":642,"height":336,"url":"https:\/\/www.arquimaster.com.ar\/web\/wp-content\/uploads\/2016\/07\/casa_valles_oriental_slide1.jpg","type":"image\/jpeg"}],"author":"Arquimaster","twitter_card":"summary_large_image","twitter_creator":"@arquimaster","twitter_site":"@arquimaster","twitter_misc":{"Escrito por":"Arquimaster","Tiempo de lectura":"6 minutos"},"schema":{"@context":"https:\/\/schema.org","@graph":[{"@type":"Article","@id":"https:\/\/www.arquimaster.com.ar\/web\/vivienda-en-el-valles-oriental-ylab-arquitectos\/#article","isPartOf":{"@id":"https:\/\/www.arquimaster.com.ar\/web\/vivienda-en-el-valles-oriental-ylab-arquitectos\/"},"author":{"name":"Arquimaster","@id":"https:\/\/www.arquimaster.com.ar\/web\/#\/schema\/person\/359e9f7c00193fcde068e0dd2ceb0028"},"headline":"Vivienda en el Vall\u00e8s Oriental \/ YLAB Arquitectos","datePublished":"2016-07-31T02:22:46+00:00","dateModified":"2016-08-12T02:47:44+00:00","mainEntityOfPage":{"@id":"https:\/\/www.arquimaster.com.ar\/web\/vivienda-en-el-valles-oriental-ylab-arquitectos\/"},"wordCount":1146,"publisher":{"@id":"https:\/\/www.arquimaster.com.ar\/web\/#organization"},"image":{"@id":"https:\/\/www.arquimaster.com.ar\/web\/vivienda-en-el-valles-oriental-ylab-arquitectos\/#primaryimage"},"thumbnailUrl":"https:\/\/www.arquimaster.com.ar\/web\/wp-content\/uploads\/2016\/07\/casa_valles_oriental_slide1.jpg","keywords":["Barcelona","Tobias Laarmann","vivienda unifamiliar","YLAB Arquitectos","Yolanda Yuste"],"articleSection":["Proyecto","Vivienda unifamiliar y PH"],"inLanguage":"es"},{"@type":"WebPage","@id":"https:\/\/www.arquimaster.com.ar\/web\/vivienda-en-el-valles-oriental-ylab-arquitectos\/","url":"https:\/\/www.arquimaster.com.ar\/web\/vivienda-en-el-valles-oriental-ylab-arquitectos\/","name":"Vivienda en el Vall\u00e8s Oriental \/ YLAB Arquitectos - Arquimaster","isPartOf":{"@id":"https:\/\/www.arquimaster.com.ar\/web\/#website"},"primaryImageOfPage":{"@id":"https:\/\/www.arquimaster.com.ar\/web\/vivienda-en-el-valles-oriental-ylab-arquitectos\/#primaryimage"},"image":{"@id":"https:\/\/www.arquimaster.com.ar\/web\/vivienda-en-el-valles-oriental-ylab-arquitectos\/#primaryimage"},"thumbnailUrl":"https:\/\/www.arquimaster.com.ar\/web\/wp-content\/uploads\/2016\/07\/casa_valles_oriental_slide1.jpg","datePublished":"2016-07-31T02:22:46+00:00","dateModified":"2016-08-12T02:47:44+00:00","breadcrumb":{"@id":"https:\/\/www.arquimaster.com.ar\/web\/vivienda-en-el-valles-oriental-ylab-arquitectos\/#breadcrumb"},"inLanguage":"es","potentialAction":[{"@type":"ReadAction","target":["https:\/\/www.arquimaster.com.ar\/web\/vivienda-en-el-valles-oriental-ylab-arquitectos\/"]}]},{"@type":"ImageObject","inLanguage":"es","@id":"https:\/\/www.arquimaster.com.ar\/web\/vivienda-en-el-valles-oriental-ylab-arquitectos\/#primaryimage","url":"https:\/\/www.arquimaster.com.ar\/web\/wp-content\/uploads\/2016\/07\/casa_valles_oriental_slide1.jpg","contentUrl":"https:\/\/www.arquimaster.com.ar\/web\/wp-content\/uploads\/2016\/07\/casa_valles_oriental_slide1.jpg","width":642,"height":336},{"@type":"BreadcrumbList","@id":"https:\/\/www.arquimaster.com.ar\/web\/vivienda-en-el-valles-oriental-ylab-arquitectos\/#breadcrumb","itemListElement":[{"@type":"ListItem","position":1,"name":"Portada","item":"https:\/\/www.arquimaster.com.ar\/web\/"},{"@type":"ListItem","position":2,"name":"Vivienda en el Vall\u00e8s Oriental \/ YLAB Arquitectos"}]},{"@type":"WebSite","@id":"https:\/\/www.arquimaster.com.ar\/web\/#website","url":"https:\/\/www.arquimaster.com.ar\/web\/","name":"Arquimaster","description":"Web de arquitectura, dise\u00f1o y construccion","publisher":{"@id":"https:\/\/www.arquimaster.com.ar\/web\/#organization"},"potentialAction":[{"@type":"SearchAction","target":{"@type":"EntryPoint","urlTemplate":"https:\/\/www.arquimaster.com.ar\/web\/?s={search_term_string}"},"query-input":{"@type":"PropertyValueSpecification","valueRequired":true,"valueName":"search_term_string"}}],"inLanguage":"es"},{"@type":"Organization","@id":"https:\/\/www.arquimaster.com.ar\/web\/#organization","name":"Arquimaster","url":"https:\/\/www.arquimaster.com.ar\/web\/","logo":{"@type":"ImageObject","inLanguage":"es","@id":"https:\/\/www.arquimaster.com.ar\/web\/#\/schema\/logo\/image\/","url":"https:\/\/www.arquimaster.com.ar\/web\/wp-content\/uploads\/2022\/06\/arquimaster.png","contentUrl":"https:\/\/www.arquimaster.com.ar\/web\/wp-content\/uploads\/2022\/06\/arquimaster.png","width":594,"height":78,"caption":"Arquimaster"},"image":{"@id":"https:\/\/www.arquimaster.com.ar\/web\/#\/schema\/logo\/image\/"},"sameAs":["http:\/\/www.facebook.com\/ARQUIMASTER.com.ar","https:\/\/x.com\/arquimaster","https:\/\/www.instagram.com\/arquimasterblog\/","https:\/\/www.linkedin.com\/company\/arquimaster","https:\/\/www.pinterest.com\/arquimaster","https:\/\/t.me\/arquimaster"]},{"@type":"Person","@id":"https:\/\/www.arquimaster.com.ar\/web\/#\/schema\/person\/359e9f7c00193fcde068e0dd2ceb0028","name":"Arquimaster"}]}},"uagb_featured_image_src":{"full":["https:\/\/www.arquimaster.com.ar\/web\/wp-content\/uploads\/2016\/07\/casa_valles_oriental_slide1.jpg",642,336,false],"thumbnail":["https:\/\/www.arquimaster.com.ar\/web\/wp-content\/uploads\/2016\/07\/casa_valles_oriental_slide1-150x150.jpg",150,150,true],"medium":["https:\/\/www.arquimaster.com.ar\/web\/wp-content\/uploads\/2016\/07\/casa_valles_oriental_slide1.jpg",642,336,false],"medium_large":["https:\/\/www.arquimaster.com.ar\/web\/wp-content\/uploads\/2016\/07\/casa_valles_oriental_slide1.jpg",642,336,false],"large":["https:\/\/www.arquimaster.com.ar\/web\/wp-content\/uploads\/2016\/07\/casa_valles_oriental_slide1.jpg",642,336,false],"1536x1536":["https:\/\/www.arquimaster.com.ar\/web\/wp-content\/uploads\/2016\/07\/casa_valles_oriental_slide1.jpg",642,336,false],"2048x2048":["https:\/\/www.arquimaster.com.ar\/web\/wp-content\/uploads\/2016\/07\/casa_valles_oriental_slide1.jpg",642,336,false]},"uagb_author_info":{"display_name":"Arquimaster","author_link":"https:\/\/www.arquimaster.com.ar\/web\/author\/arquimaster\/"},"uagb_comment_info":0,"uagb_excerpt":"Dise\u00f1ada para captar las magn\u00edficas vistas sobre la cordillera litoral y sus bosques...","_links":{"self":[{"href":"https:\/\/www.arquimaster.com.ar\/web\/wp-json\/wp\/v2\/posts\/21795","targetHints":{"allow":["GET"]}}],"collection":[{"href":"https:\/\/www.arquimaster.com.ar\/web\/wp-json\/wp\/v2\/posts"}],"about":[{"href":"https:\/\/www.arquimaster.com.ar\/web\/wp-json\/wp\/v2\/types\/post"}],"author":[{"embeddable":true,"href":"https:\/\/www.arquimaster.com.ar\/web\/wp-json\/wp\/v2\/users\/1"}],"replies":[{"embeddable":true,"href":"https:\/\/www.arquimaster.com.ar\/web\/wp-json\/wp\/v2\/comments?post=21795"}],"version-history":[{"count":0,"href":"https:\/\/www.arquimaster.com.ar\/web\/wp-json\/wp\/v2\/posts\/21795\/revisions"}],"wp:featuredmedia":[{"embeddable":true,"href":"https:\/\/www.arquimaster.com.ar\/web\/wp-json\/wp\/v2\/media\/21797"}],"wp:attachment":[{"href":"https:\/\/www.arquimaster.com.ar\/web\/wp-json\/wp\/v2\/media?parent=21795"}],"wp:term":[{"taxonomy":"category","embeddable":true,"href":"https:\/\/www.arquimaster.com.ar\/web\/wp-json\/wp\/v2\/categories?post=21795"},{"taxonomy":"post_tag","embeddable":true,"href":"https:\/\/www.arquimaster.com.ar\/web\/wp-json\/wp\/v2\/tags?post=21795"}],"curies":[{"name":"wp","href":"https:\/\/api.w.org\/{rel}","templated":true}]}}