{"id":21906,"date":"2016-08-09T03:49:46","date_gmt":"2016-08-09T03:49:46","guid":{"rendered":"http:\/\/www.arquimaster.com.ar\/web\/?p=21906"},"modified":"2026-04-15T16:28:35","modified_gmt":"2026-04-15T19:28:35","slug":"proyecto-sede-camara-industrial-de-puerto-madryn-cima-carbone-fernandez-arquitectos","status":"publish","type":"post","link":"https:\/\/www.arquimaster.com.ar\/web\/proyecto-sede-camara-industrial-de-puerto-madryn-cima-carbone-fernandez-arquitectos\/","title":{"rendered":"Proyecto Sede C\u00e1mara Industrial de Puerto Madryn CIMA \/ Carbone Fernandez Arquitectos"},"content":{"rendered":"<div style=\"margin-top: 0px; margin-bottom: 0px;\" class=\"sharethis-inline-share-buttons\" ><\/div><div class=\"b812932af2e751442846f039925109de\" data-index=\"1\" style=\"float: none; margin:25px 0 25px 0; text-align:center;\">\n<script async src=\"https:\/\/pagead2.googlesyndication.com\/pagead\/js\/adsbygoogle.js\"><\/script>\r\n<!-- Arquimaster (superior) -->\r\n<ins class=\"adsbygoogle\"\r\n     style=\"display:block\"\r\n     data-ad-client=\"ca-pub-6351072698456832\"\r\n     data-ad-slot=\"6455489680\"\r\n     data-ad-format=\"auto\"\r\n     data-full-width-responsive=\"true\"><\/ins>\r\n<script>\r\n     (adsbygoogle = window.adsbygoogle || []).push({});\r\n<\/script>\n<\/div>\n<p><strong>Proyecto Sede C\u00e1mara Industrial de Puerto Madryn CIMA<\/strong> (Puerto Madryn, Chubut, Argentina) por <strong>Carbone Fernandez Arquitectos<\/strong> con <strong>Fabricio Contreras Ansbergs<\/strong>. El proyecto particip\u00f3 en el Concurso Nacional de Anteproyectos para el Edificio Sede de la C\u00e1mara Industrial de Puerto Madryn CIMA, organizado por el Colegio de Arquitectos de la Provincia del Chubut Regional 4.<\/p>\n<div id='gallery-1' class='gallery galleryid-21906 gallery-columns-3 gallery-size-thumbnail'><figure class='gallery-item'>\n\t\t\t<div class='gallery-icon landscape'>\n\t\t\t\t<a href='https:\/\/www.arquimaster.com.ar\/web\/wp-content\/uploads\/2016\/08\/cima1.jpg' title=\"Proyecto Sede C\u00e1mara Industrial de Puerto Madryn CIMA \/ Carbone Fernandez Arquitectos\" data-rl_title=\"Proyecto Sede C\u00e1mara Industrial de Puerto Madryn CIMA \/ Carbone Fernandez Arquitectos\" class=\"rl-gallery-link\" data-rl_caption=\"Proyecto Sede C\u00e1mara Industrial de Puerto Madryn CIMA \/ Carbone Fernandez Arquitectos\" data-rel=\"lightbox-gallery-1\"><img loading=\"lazy\" decoding=\"async\" width=\"150\" height=\"150\" src=\"https:\/\/www.arquimaster.com.ar\/web\/wp-content\/uploads\/2016\/08\/cima1-150x150.jpg\" class=\"attachment-thumbnail size-thumbnail\" alt=\"\" aria-describedby=\"gallery-1-21908\" srcset=\"https:\/\/www.arquimaster.com.ar\/web\/wp-content\/uploads\/2016\/08\/cima1-150x150.jpg 150w, https:\/\/www.arquimaster.com.ar\/web\/wp-content\/uploads\/2016\/08\/cima1-50x50.jpg 50w, https:\/\/www.arquimaster.com.ar\/web\/wp-content\/uploads\/2016\/08\/cima1-125x125.jpg 125w\" sizes=\"auto, (max-width: 150px) 100vw, 150px\" \/><\/a>\n\t\t\t<\/div>\n\t\t\t\t<figcaption class='wp-caption-text gallery-caption' id='gallery-1-21908'>\n\t\t\t\tProyecto Sede C\u00e1mara Industrial de Puerto Madryn CIMA \/ Carbone Fernandez Arquitectos\n\t\t\t\t<\/figcaption><\/figure><figure class='gallery-item'>\n\t\t\t<div class='gallery-icon landscape'>\n\t\t\t\t<a href='https:\/\/www.arquimaster.com.ar\/web\/wp-content\/uploads\/2016\/08\/cima2.jpg' title=\"Proyecto Sede C\u00e1mara Industrial de Puerto Madryn CIMA \/ Carbone Fernandez Arquitectos\" data-rl_title=\"Proyecto Sede C\u00e1mara Industrial de Puerto Madryn CIMA \/ Carbone Fernandez Arquitectos\" class=\"rl-gallery-link\" data-rl_caption=\"Proyecto Sede C\u00e1mara Industrial de Puerto Madryn CIMA \/ Carbone Fernandez Arquitectos\" data-rel=\"lightbox-gallery-1\"><img loading=\"lazy\" decoding=\"async\" width=\"150\" height=\"150\" src=\"https:\/\/www.arquimaster.com.ar\/web\/wp-content\/uploads\/2016\/08\/cima2-150x150.jpg\" class=\"attachment-thumbnail size-thumbnail\" alt=\"\" aria-describedby=\"gallery-1-21909\" srcset=\"https:\/\/www.arquimaster.com.ar\/web\/wp-content\/uploads\/2016\/08\/cima2-150x150.jpg 150w, https:\/\/www.arquimaster.com.ar\/web\/wp-content\/uploads\/2016\/08\/cima2-50x50.jpg 50w, https:\/\/www.arquimaster.com.ar\/web\/wp-content\/uploads\/2016\/08\/cima2-125x125.jpg 125w\" sizes=\"auto, (max-width: 150px) 100vw, 150px\" \/><\/a>\n\t\t\t<\/div>\n\t\t\t\t<figcaption class='wp-caption-text gallery-caption' id='gallery-1-21909'>\n\t\t\t\tProyecto Sede C\u00e1mara Industrial de Puerto Madryn CIMA \/ Carbone Fernandez Arquitectos\n\t\t\t\t<\/figcaption><\/figure><figure class='gallery-item'>\n\t\t\t<div class='gallery-icon landscape'>\n\t\t\t\t<a href='https:\/\/www.arquimaster.com.ar\/web\/wp-content\/uploads\/2016\/08\/cima3.jpg' title=\"Proyecto Sede C\u00e1mara Industrial de Puerto Madryn CIMA \/ Carbone Fernandez Arquitectos\" data-rl_title=\"Proyecto Sede C\u00e1mara Industrial de Puerto Madryn CIMA \/ Carbone Fernandez Arquitectos\" class=\"rl-gallery-link\" data-rl_caption=\"Proyecto Sede C\u00e1mara Industrial de Puerto Madryn CIMA \/ Carbone Fernandez Arquitectos\" data-rel=\"lightbox-gallery-1\"><img loading=\"lazy\" decoding=\"async\" width=\"150\" height=\"150\" src=\"https:\/\/www.arquimaster.com.ar\/web\/wp-content\/uploads\/2016\/08\/cima3-150x150.jpg\" class=\"attachment-thumbnail size-thumbnail\" alt=\"\" aria-describedby=\"gallery-1-21910\" srcset=\"https:\/\/www.arquimaster.com.ar\/web\/wp-content\/uploads\/2016\/08\/cima3-150x150.jpg 150w, https:\/\/www.arquimaster.com.ar\/web\/wp-content\/uploads\/2016\/08\/cima3-50x50.jpg 50w, https:\/\/www.arquimaster.com.ar\/web\/wp-content\/uploads\/2016\/08\/cima3-125x125.jpg 125w\" sizes=\"auto, (max-width: 150px) 100vw, 150px\" \/><\/a>\n\t\t\t<\/div>\n\t\t\t\t<figcaption class='wp-caption-text gallery-caption' id='gallery-1-21910'>\n\t\t\t\tProyecto Sede C\u00e1mara Industrial de Puerto Madryn CIMA \/ Carbone Fernandez Arquitectos\n\t\t\t\t<\/figcaption><\/figure><figure class='gallery-item'>\n\t\t\t<div class='gallery-icon landscape'>\n\t\t\t\t<a href='https:\/\/www.arquimaster.com.ar\/web\/wp-content\/uploads\/2016\/08\/cima4.jpg' title=\"Proyecto Sede C\u00e1mara Industrial de Puerto Madryn CIMA \/ Carbone Fernandez Arquitectos\" data-rl_title=\"Proyecto Sede C\u00e1mara Industrial de Puerto Madryn CIMA \/ Carbone Fernandez Arquitectos\" class=\"rl-gallery-link\" data-rl_caption=\"Proyecto Sede C\u00e1mara Industrial de Puerto Madryn CIMA \/ Carbone Fernandez Arquitectos\" data-rel=\"lightbox-gallery-1\"><img loading=\"lazy\" decoding=\"async\" width=\"150\" height=\"150\" src=\"https:\/\/www.arquimaster.com.ar\/web\/wp-content\/uploads\/2016\/08\/cima4-150x150.jpg\" class=\"attachment-thumbnail size-thumbnail\" alt=\"\" aria-describedby=\"gallery-1-21911\" srcset=\"https:\/\/www.arquimaster.com.ar\/web\/wp-content\/uploads\/2016\/08\/cima4-150x150.jpg 150w, https:\/\/www.arquimaster.com.ar\/web\/wp-content\/uploads\/2016\/08\/cima4-50x50.jpg 50w, https:\/\/www.arquimaster.com.ar\/web\/wp-content\/uploads\/2016\/08\/cima4-125x125.jpg 125w\" sizes=\"auto, (max-width: 150px) 100vw, 150px\" \/><\/a>\n\t\t\t<\/div>\n\t\t\t\t<figcaption class='wp-caption-text gallery-caption' id='gallery-1-21911'>\n\t\t\t\tProyecto Sede C\u00e1mara Industrial de Puerto Madryn CIMA \/ Carbone Fernandez Arquitectos\n\t\t\t\t<\/figcaption><\/figure><figure class='gallery-item'>\n\t\t\t<div class='gallery-icon landscape'>\n\t\t\t\t<a href='https:\/\/www.arquimaster.com.ar\/web\/wp-content\/uploads\/2016\/08\/cima5.jpg' title=\"Proyecto Sede C\u00e1mara Industrial de Puerto Madryn CIMA \/ Carbone Fernandez Arquitectos\" data-rl_title=\"Proyecto Sede C\u00e1mara Industrial de Puerto Madryn CIMA \/ Carbone Fernandez Arquitectos\" class=\"rl-gallery-link\" data-rl_caption=\"Proyecto Sede C\u00e1mara Industrial de Puerto Madryn CIMA \/ Carbone Fernandez Arquitectos\" data-rel=\"lightbox-gallery-1\"><img loading=\"lazy\" decoding=\"async\" width=\"150\" height=\"150\" src=\"https:\/\/www.arquimaster.com.ar\/web\/wp-content\/uploads\/2016\/08\/cima5-150x150.jpg\" class=\"attachment-thumbnail size-thumbnail\" alt=\"\" aria-describedby=\"gallery-1-21912\" srcset=\"https:\/\/www.arquimaster.com.ar\/web\/wp-content\/uploads\/2016\/08\/cima5-150x150.jpg 150w, https:\/\/www.arquimaster.com.ar\/web\/wp-content\/uploads\/2016\/08\/cima5-50x50.jpg 50w, https:\/\/www.arquimaster.com.ar\/web\/wp-content\/uploads\/2016\/08\/cima5-125x125.jpg 125w\" sizes=\"auto, (max-width: 150px) 100vw, 150px\" \/><\/a>\n\t\t\t<\/div>\n\t\t\t\t<figcaption class='wp-caption-text gallery-caption' id='gallery-1-21912'>\n\t\t\t\tProyecto Sede C\u00e1mara Industrial de Puerto Madryn CIMA \/ Carbone Fernandez Arquitectos\n\t\t\t\t<\/figcaption><\/figure><figure class='gallery-item'>\n\t\t\t<div class='gallery-icon landscape'>\n\t\t\t\t<a href='https:\/\/www.arquimaster.com.ar\/web\/wp-content\/uploads\/2016\/08\/cima6.jpg' title=\"Proyecto Sede C\u00e1mara Industrial de Puerto Madryn CIMA \/ Carbone Fernandez Arquitectos\" data-rl_title=\"Proyecto Sede C\u00e1mara Industrial de Puerto Madryn CIMA \/ Carbone Fernandez Arquitectos\" class=\"rl-gallery-link\" data-rl_caption=\"Proyecto Sede C\u00e1mara Industrial de Puerto Madryn CIMA \/ Carbone Fernandez Arquitectos\" data-rel=\"lightbox-gallery-1\"><img loading=\"lazy\" decoding=\"async\" width=\"150\" height=\"150\" src=\"https:\/\/www.arquimaster.com.ar\/web\/wp-content\/uploads\/2016\/08\/cima6-150x150.jpg\" class=\"attachment-thumbnail size-thumbnail\" alt=\"\" aria-describedby=\"gallery-1-21913\" srcset=\"https:\/\/www.arquimaster.com.ar\/web\/wp-content\/uploads\/2016\/08\/cima6-150x150.jpg 150w, https:\/\/www.arquimaster.com.ar\/web\/wp-content\/uploads\/2016\/08\/cima6-50x50.jpg 50w, https:\/\/www.arquimaster.com.ar\/web\/wp-content\/uploads\/2016\/08\/cima6-125x125.jpg 125w\" sizes=\"auto, (max-width: 150px) 100vw, 150px\" \/><\/a>\n\t\t\t<\/div>\n\t\t\t\t<figcaption class='wp-caption-text gallery-caption' id='gallery-1-21913'>\n\t\t\t\tProyecto Sede C\u00e1mara Industrial de Puerto Madryn CIMA \/ Carbone Fernandez Arquitectos\n\t\t\t\t<\/figcaption><\/figure><figure class='gallery-item'>\n\t\t\t<div class='gallery-icon landscape'>\n\t\t\t\t<a href='https:\/\/www.arquimaster.com.ar\/web\/wp-content\/uploads\/2016\/08\/cima7.jpg' title=\"Proyecto Sede C\u00e1mara Industrial de Puerto Madryn CIMA \/ Carbone Fernandez Arquitectos\" data-rl_title=\"Proyecto Sede C\u00e1mara Industrial de Puerto Madryn CIMA \/ Carbone Fernandez Arquitectos\" class=\"rl-gallery-link\" data-rl_caption=\"Proyecto Sede C\u00e1mara Industrial de Puerto Madryn CIMA \/ Carbone Fernandez Arquitectos\" data-rel=\"lightbox-gallery-1\"><img loading=\"lazy\" decoding=\"async\" width=\"150\" height=\"150\" src=\"https:\/\/www.arquimaster.com.ar\/web\/wp-content\/uploads\/2016\/08\/cima7-150x150.jpg\" class=\"attachment-thumbnail size-thumbnail\" alt=\"\" aria-describedby=\"gallery-1-21914\" srcset=\"https:\/\/www.arquimaster.com.ar\/web\/wp-content\/uploads\/2016\/08\/cima7-150x150.jpg 150w, https:\/\/www.arquimaster.com.ar\/web\/wp-content\/uploads\/2016\/08\/cima7-50x50.jpg 50w, https:\/\/www.arquimaster.com.ar\/web\/wp-content\/uploads\/2016\/08\/cima7-125x125.jpg 125w\" sizes=\"auto, (max-width: 150px) 100vw, 150px\" \/><\/a>\n\t\t\t<\/div>\n\t\t\t\t<figcaption class='wp-caption-text gallery-caption' id='gallery-1-21914'>\n\t\t\t\tProyecto Sede C\u00e1mara Industrial de Puerto Madryn CIMA \/ Carbone Fernandez Arquitectos\n\t\t\t\t<\/figcaption><\/figure><figure class='gallery-item'>\n\t\t\t<div class='gallery-icon landscape'>\n\t\t\t\t<a href='https:\/\/www.arquimaster.com.ar\/web\/wp-content\/uploads\/2016\/08\/cima8.jpg' title=\"Proyecto Sede C\u00e1mara Industrial de Puerto Madryn CIMA \/ Carbone Fernandez Arquitectos\" data-rl_title=\"Proyecto Sede C\u00e1mara Industrial de Puerto Madryn CIMA \/ Carbone Fernandez Arquitectos\" class=\"rl-gallery-link\" data-rl_caption=\"Proyecto Sede C\u00e1mara Industrial de Puerto Madryn CIMA \/ Carbone Fernandez Arquitectos\" data-rel=\"lightbox-gallery-1\"><img loading=\"lazy\" decoding=\"async\" width=\"150\" height=\"150\" src=\"https:\/\/www.arquimaster.com.ar\/web\/wp-content\/uploads\/2016\/08\/cima8-150x150.jpg\" class=\"attachment-thumbnail size-thumbnail\" alt=\"\" aria-describedby=\"gallery-1-21915\" srcset=\"https:\/\/www.arquimaster.com.ar\/web\/wp-content\/uploads\/2016\/08\/cima8-150x150.jpg 150w, https:\/\/www.arquimaster.com.ar\/web\/wp-content\/uploads\/2016\/08\/cima8-50x50.jpg 50w, https:\/\/www.arquimaster.com.ar\/web\/wp-content\/uploads\/2016\/08\/cima8-125x125.jpg 125w\" sizes=\"auto, (max-width: 150px) 100vw, 150px\" \/><\/a>\n\t\t\t<\/div>\n\t\t\t\t<figcaption class='wp-caption-text gallery-caption' id='gallery-1-21915'>\n\t\t\t\tProyecto Sede C\u00e1mara Industrial de Puerto Madryn CIMA \/ Carbone Fernandez Arquitectos\n\t\t\t\t<\/figcaption><\/figure><figure class='gallery-item'>\n\t\t\t<div class='gallery-icon landscape'>\n\t\t\t\t<a href='https:\/\/www.arquimaster.com.ar\/web\/wp-content\/uploads\/2016\/08\/cima9.jpg' title=\"Proyecto Sede C\u00e1mara Industrial de Puerto Madryn CIMA \/ Carbone Fernandez Arquitectos\" data-rl_title=\"Proyecto Sede C\u00e1mara Industrial de Puerto Madryn CIMA \/ Carbone Fernandez Arquitectos\" class=\"rl-gallery-link\" data-rl_caption=\"Proyecto Sede C\u00e1mara Industrial de Puerto Madryn CIMA \/ Carbone Fernandez Arquitectos\" data-rel=\"lightbox-gallery-1\"><img loading=\"lazy\" decoding=\"async\" width=\"150\" height=\"150\" src=\"https:\/\/www.arquimaster.com.ar\/web\/wp-content\/uploads\/2016\/08\/cima9-150x150.jpg\" class=\"attachment-thumbnail size-thumbnail\" alt=\"\" aria-describedby=\"gallery-1-21916\" srcset=\"https:\/\/www.arquimaster.com.ar\/web\/wp-content\/uploads\/2016\/08\/cima9-150x150.jpg 150w, https:\/\/www.arquimaster.com.ar\/web\/wp-content\/uploads\/2016\/08\/cima9-50x50.jpg 50w, https:\/\/www.arquimaster.com.ar\/web\/wp-content\/uploads\/2016\/08\/cima9-125x125.jpg 125w\" sizes=\"auto, (max-width: 150px) 100vw, 150px\" \/><\/a>\n\t\t\t<\/div>\n\t\t\t\t<figcaption class='wp-caption-text gallery-caption' id='gallery-1-21916'>\n\t\t\t\tProyecto Sede C\u00e1mara Industrial de Puerto Madryn CIMA \/ Carbone Fernandez Arquitectos\n\t\t\t\t<\/figcaption><\/figure><figure class='gallery-item'>\n\t\t\t<div class='gallery-icon landscape'>\n\t\t\t\t<a href='https:\/\/www.arquimaster.com.ar\/web\/wp-content\/uploads\/2016\/08\/cima10.jpg' title=\"Proyecto Sede C\u00e1mara Industrial de Puerto Madryn CIMA \/ Carbone Fernandez Arquitectos\" data-rl_title=\"Proyecto Sede C\u00e1mara Industrial de Puerto Madryn CIMA \/ Carbone Fernandez Arquitectos\" class=\"rl-gallery-link\" data-rl_caption=\"Proyecto Sede C\u00e1mara Industrial de Puerto Madryn CIMA \/ Carbone Fernandez Arquitectos\" data-rel=\"lightbox-gallery-1\"><img loading=\"lazy\" decoding=\"async\" width=\"150\" height=\"150\" src=\"https:\/\/www.arquimaster.com.ar\/web\/wp-content\/uploads\/2016\/08\/cima10-150x150.jpg\" class=\"attachment-thumbnail size-thumbnail\" alt=\"\" aria-describedby=\"gallery-1-21917\" srcset=\"https:\/\/www.arquimaster.com.ar\/web\/wp-content\/uploads\/2016\/08\/cima10-150x150.jpg 150w, https:\/\/www.arquimaster.com.ar\/web\/wp-content\/uploads\/2016\/08\/cima10-50x50.jpg 50w, https:\/\/www.arquimaster.com.ar\/web\/wp-content\/uploads\/2016\/08\/cima10-125x125.jpg 125w\" sizes=\"auto, (max-width: 150px) 100vw, 150px\" \/><\/a>\n\t\t\t<\/div>\n\t\t\t\t<figcaption class='wp-caption-text gallery-caption' id='gallery-1-21917'>\n\t\t\t\tProyecto Sede C\u00e1mara Industrial de Puerto Madryn CIMA \/ Carbone Fernandez Arquitectos\n\t\t\t\t<\/figcaption><\/figure><figure class='gallery-item'>\n\t\t\t<div class='gallery-icon landscape'>\n\t\t\t\t<a href='https:\/\/www.arquimaster.com.ar\/web\/wp-content\/uploads\/2016\/08\/cima11.jpg' title=\"Proyecto Sede C\u00e1mara Industrial de Puerto Madryn CIMA \/ Carbone Fernandez Arquitectos\" data-rl_title=\"Proyecto Sede C\u00e1mara Industrial de Puerto Madryn CIMA \/ Carbone Fernandez Arquitectos\" class=\"rl-gallery-link\" data-rl_caption=\"Proyecto Sede C\u00e1mara Industrial de Puerto Madryn CIMA \/ Carbone Fernandez Arquitectos\" data-rel=\"lightbox-gallery-1\"><img loading=\"lazy\" decoding=\"async\" width=\"150\" height=\"150\" src=\"https:\/\/www.arquimaster.com.ar\/web\/wp-content\/uploads\/2016\/08\/cima11-150x150.jpg\" class=\"attachment-thumbnail size-thumbnail\" alt=\"\" aria-describedby=\"gallery-1-21918\" srcset=\"https:\/\/www.arquimaster.com.ar\/web\/wp-content\/uploads\/2016\/08\/cima11-150x150.jpg 150w, https:\/\/www.arquimaster.com.ar\/web\/wp-content\/uploads\/2016\/08\/cima11-50x50.jpg 50w, https:\/\/www.arquimaster.com.ar\/web\/wp-content\/uploads\/2016\/08\/cima11-125x125.jpg 125w\" sizes=\"auto, (max-width: 150px) 100vw, 150px\" \/><\/a>\n\t\t\t<\/div>\n\t\t\t\t<figcaption class='wp-caption-text gallery-caption' id='gallery-1-21918'>\n\t\t\t\tProyecto Sede C\u00e1mara Industrial de Puerto Madryn CIMA \/ Carbone Fernandez Arquitectos\n\t\t\t\t<\/figcaption><\/figure><figure class='gallery-item'>\n\t\t\t<div class='gallery-icon landscape'>\n\t\t\t\t<a href='https:\/\/www.arquimaster.com.ar\/web\/wp-content\/uploads\/2016\/08\/cima12.jpg' title=\"Proyecto Sede C\u00e1mara Industrial de Puerto Madryn CIMA \/ Carbone Fernandez Arquitectos\" data-rl_title=\"Proyecto Sede C\u00e1mara Industrial de Puerto Madryn CIMA \/ Carbone Fernandez Arquitectos\" class=\"rl-gallery-link\" data-rl_caption=\"Proyecto Sede C\u00e1mara Industrial de Puerto Madryn CIMA \/ Carbone Fernandez Arquitectos\" data-rel=\"lightbox-gallery-1\"><img loading=\"lazy\" decoding=\"async\" width=\"150\" height=\"150\" src=\"https:\/\/www.arquimaster.com.ar\/web\/wp-content\/uploads\/2016\/08\/cima12-150x150.jpg\" class=\"attachment-thumbnail size-thumbnail\" alt=\"\" aria-describedby=\"gallery-1-21919\" srcset=\"https:\/\/www.arquimaster.com.ar\/web\/wp-content\/uploads\/2016\/08\/cima12-150x150.jpg 150w, https:\/\/www.arquimaster.com.ar\/web\/wp-content\/uploads\/2016\/08\/cima12-50x50.jpg 50w, https:\/\/www.arquimaster.com.ar\/web\/wp-content\/uploads\/2016\/08\/cima12-125x125.jpg 125w\" sizes=\"auto, (max-width: 150px) 100vw, 150px\" \/><\/a>\n\t\t\t<\/div>\n\t\t\t\t<figcaption class='wp-caption-text gallery-caption' id='gallery-1-21919'>\n\t\t\t\tProyecto Sede C\u00e1mara Industrial de Puerto Madryn CIMA \/ Carbone Fernandez Arquitectos\n\t\t\t\t<\/figcaption><\/figure><figure class='gallery-item'>\n\t\t\t<div class='gallery-icon portrait'>\n\t\t\t\t<a href='https:\/\/www.arquimaster.com.ar\/web\/wp-content\/uploads\/2016\/08\/cima13.jpg' title=\"Proyecto Sede C\u00e1mara Industrial de Puerto Madryn CIMA \/ Carbone Fernandez Arquitectos (implantacion)\" data-rl_title=\"Proyecto Sede C\u00e1mara Industrial de Puerto Madryn CIMA \/ Carbone Fernandez Arquitectos (implantacion)\" class=\"rl-gallery-link\" data-rl_caption=\"Proyecto Sede C\u00e1mara Industrial de Puerto Madryn CIMA \/ Carbone Fernandez Arquitectos (implantacion)\" data-rel=\"lightbox-gallery-1\"><img loading=\"lazy\" decoding=\"async\" width=\"150\" height=\"150\" src=\"https:\/\/www.arquimaster.com.ar\/web\/wp-content\/uploads\/2016\/08\/cima13-150x150.jpg\" class=\"attachment-thumbnail size-thumbnail\" alt=\"\" aria-describedby=\"gallery-1-21920\" srcset=\"https:\/\/www.arquimaster.com.ar\/web\/wp-content\/uploads\/2016\/08\/cima13-150x150.jpg 150w, https:\/\/www.arquimaster.com.ar\/web\/wp-content\/uploads\/2016\/08\/cima13-50x50.jpg 50w, https:\/\/www.arquimaster.com.ar\/web\/wp-content\/uploads\/2016\/08\/cima13-125x125.jpg 125w\" sizes=\"auto, (max-width: 150px) 100vw, 150px\" \/><\/a>\n\t\t\t<\/div>\n\t\t\t\t<figcaption class='wp-caption-text gallery-caption' id='gallery-1-21920'>\n\t\t\t\tProyecto Sede C\u00e1mara Industrial de Puerto Madryn CIMA \/ Carbone Fernandez Arquitectos (implantacion)\n\t\t\t\t<\/figcaption><\/figure><figure class='gallery-item'>\n\t\t\t<div class='gallery-icon portrait'>\n\t\t\t\t<a href='https:\/\/www.arquimaster.com.ar\/web\/wp-content\/uploads\/2016\/08\/cima14.jpg' title=\"Proyecto Sede C\u00e1mara Industrial de Puerto Madryn CIMA \/ Carbone Fernandez Arquitectos (planta)\" data-rl_title=\"Proyecto Sede C\u00e1mara Industrial de Puerto Madryn CIMA \/ Carbone Fernandez Arquitectos (planta)\" class=\"rl-gallery-link\" data-rl_caption=\"Proyecto Sede C\u00e1mara Industrial de Puerto Madryn CIMA \/ Carbone Fernandez Arquitectos (planta)\" data-rel=\"lightbox-gallery-1\"><img loading=\"lazy\" decoding=\"async\" width=\"150\" height=\"150\" src=\"https:\/\/www.arquimaster.com.ar\/web\/wp-content\/uploads\/2016\/08\/cima14-150x150.jpg\" class=\"attachment-thumbnail size-thumbnail\" alt=\"\" aria-describedby=\"gallery-1-21921\" srcset=\"https:\/\/www.arquimaster.com.ar\/web\/wp-content\/uploads\/2016\/08\/cima14-150x150.jpg 150w, https:\/\/www.arquimaster.com.ar\/web\/wp-content\/uploads\/2016\/08\/cima14-50x50.jpg 50w, https:\/\/www.arquimaster.com.ar\/web\/wp-content\/uploads\/2016\/08\/cima14-125x125.jpg 125w\" sizes=\"auto, (max-width: 150px) 100vw, 150px\" \/><\/a>\n\t\t\t<\/div>\n\t\t\t\t<figcaption class='wp-caption-text gallery-caption' id='gallery-1-21921'>\n\t\t\t\tProyecto Sede C\u00e1mara Industrial de Puerto Madryn CIMA \/ Carbone Fernandez Arquitectos (planta)\n\t\t\t\t<\/figcaption><\/figure><figure class='gallery-item'>\n\t\t\t<div class='gallery-icon portrait'>\n\t\t\t\t<a href='https:\/\/www.arquimaster.com.ar\/web\/wp-content\/uploads\/2016\/08\/cima15.jpg' title=\"Proyecto Sede C\u00e1mara Industrial de Puerto Madryn CIMA \/ Carbone Fernandez Arquitectos (planta)\" data-rl_title=\"Proyecto Sede C\u00e1mara Industrial de Puerto Madryn CIMA \/ Carbone Fernandez Arquitectos (planta)\" class=\"rl-gallery-link\" data-rl_caption=\"Proyecto Sede C\u00e1mara Industrial de Puerto Madryn CIMA \/ Carbone Fernandez Arquitectos (planta)\" data-rel=\"lightbox-gallery-1\"><img loading=\"lazy\" decoding=\"async\" width=\"150\" height=\"150\" src=\"https:\/\/www.arquimaster.com.ar\/web\/wp-content\/uploads\/2016\/08\/cima15-150x150.jpg\" class=\"attachment-thumbnail size-thumbnail\" alt=\"\" aria-describedby=\"gallery-1-21922\" srcset=\"https:\/\/www.arquimaster.com.ar\/web\/wp-content\/uploads\/2016\/08\/cima15-150x150.jpg 150w, https:\/\/www.arquimaster.com.ar\/web\/wp-content\/uploads\/2016\/08\/cima15-50x50.jpg 50w, https:\/\/www.arquimaster.com.ar\/web\/wp-content\/uploads\/2016\/08\/cima15-125x125.jpg 125w\" sizes=\"auto, (max-width: 150px) 100vw, 150px\" \/><\/a>\n\t\t\t<\/div>\n\t\t\t\t<figcaption class='wp-caption-text gallery-caption' id='gallery-1-21922'>\n\t\t\t\tProyecto Sede C\u00e1mara Industrial de Puerto Madryn CIMA \/ Carbone Fernandez Arquitectos (planta)\n\t\t\t\t<\/figcaption><\/figure><figure class='gallery-item'>\n\t\t\t<div class='gallery-icon portrait'>\n\t\t\t\t<a href='https:\/\/www.arquimaster.com.ar\/web\/wp-content\/uploads\/2016\/08\/cima16.jpg' title=\"Proyecto Sede C\u00e1mara Industrial de Puerto Madryn CIMA \/ Carbone Fernandez Arquitectos (planta)\" data-rl_title=\"Proyecto Sede C\u00e1mara Industrial de Puerto Madryn CIMA \/ Carbone Fernandez Arquitectos (planta)\" class=\"rl-gallery-link\" data-rl_caption=\"Proyecto Sede C\u00e1mara Industrial de Puerto Madryn CIMA \/ Carbone Fernandez Arquitectos (planta)\" data-rel=\"lightbox-gallery-1\"><img loading=\"lazy\" decoding=\"async\" width=\"150\" height=\"150\" src=\"https:\/\/www.arquimaster.com.ar\/web\/wp-content\/uploads\/2016\/08\/cima16-150x150.jpg\" class=\"attachment-thumbnail size-thumbnail\" alt=\"\" aria-describedby=\"gallery-1-21923\" srcset=\"https:\/\/www.arquimaster.com.ar\/web\/wp-content\/uploads\/2016\/08\/cima16-150x150.jpg 150w, https:\/\/www.arquimaster.com.ar\/web\/wp-content\/uploads\/2016\/08\/cima16-50x50.jpg 50w, https:\/\/www.arquimaster.com.ar\/web\/wp-content\/uploads\/2016\/08\/cima16-125x125.jpg 125w\" sizes=\"auto, (max-width: 150px) 100vw, 150px\" \/><\/a>\n\t\t\t<\/div>\n\t\t\t\t<figcaption class='wp-caption-text gallery-caption' id='gallery-1-21923'>\n\t\t\t\tProyecto Sede C\u00e1mara Industrial de Puerto Madryn CIMA \/ Carbone Fernandez Arquitectos (planta)\n\t\t\t\t<\/figcaption><\/figure><figure class='gallery-item'>\n\t\t\t<div class='gallery-icon portrait'>\n\t\t\t\t<a href='https:\/\/www.arquimaster.com.ar\/web\/wp-content\/uploads\/2016\/08\/cima17.jpg' title=\"Proyecto Sede C\u00e1mara Industrial de Puerto Madryn CIMA \/ Carbone Fernandez Arquitectos (planta)\" data-rl_title=\"Proyecto Sede C\u00e1mara Industrial de Puerto Madryn CIMA \/ Carbone Fernandez Arquitectos (planta)\" class=\"rl-gallery-link\" data-rl_caption=\"Proyecto Sede C\u00e1mara Industrial de Puerto Madryn CIMA \/ Carbone Fernandez Arquitectos (planta)\" data-rel=\"lightbox-gallery-1\"><img loading=\"lazy\" decoding=\"async\" width=\"150\" height=\"150\" src=\"https:\/\/www.arquimaster.com.ar\/web\/wp-content\/uploads\/2016\/08\/cima17-150x150.jpg\" class=\"attachment-thumbnail size-thumbnail\" alt=\"\" aria-describedby=\"gallery-1-21924\" srcset=\"https:\/\/www.arquimaster.com.ar\/web\/wp-content\/uploads\/2016\/08\/cima17-150x150.jpg 150w, https:\/\/www.arquimaster.com.ar\/web\/wp-content\/uploads\/2016\/08\/cima17-50x50.jpg 50w, https:\/\/www.arquimaster.com.ar\/web\/wp-content\/uploads\/2016\/08\/cima17-125x125.jpg 125w\" sizes=\"auto, (max-width: 150px) 100vw, 150px\" \/><\/a>\n\t\t\t<\/div>\n\t\t\t\t<figcaption class='wp-caption-text gallery-caption' id='gallery-1-21924'>\n\t\t\t\tProyecto Sede C\u00e1mara Industrial de Puerto Madryn CIMA \/ Carbone Fernandez Arquitectos (planta)\n\t\t\t\t<\/figcaption><\/figure><figure class='gallery-item'>\n\t\t\t<div class='gallery-icon landscape'>\n\t\t\t\t<a href='https:\/\/www.arquimaster.com.ar\/web\/wp-content\/uploads\/2016\/08\/cima18.jpg' title=\"Proyecto Sede C\u00e1mara Industrial de Puerto Madryn CIMA \/ Carbone Fernandez Arquitectos (corte)\" data-rl_title=\"Proyecto Sede C\u00e1mara Industrial de Puerto Madryn CIMA \/ Carbone Fernandez Arquitectos (corte)\" class=\"rl-gallery-link\" data-rl_caption=\"Proyecto Sede C\u00e1mara Industrial de Puerto Madryn CIMA \/ Carbone Fernandez Arquitectos (corte)\" data-rel=\"lightbox-gallery-1\"><img loading=\"lazy\" decoding=\"async\" width=\"150\" height=\"150\" src=\"https:\/\/www.arquimaster.com.ar\/web\/wp-content\/uploads\/2016\/08\/cima18-150x150.jpg\" class=\"attachment-thumbnail size-thumbnail\" alt=\"\" aria-describedby=\"gallery-1-21925\" srcset=\"https:\/\/www.arquimaster.com.ar\/web\/wp-content\/uploads\/2016\/08\/cima18-150x150.jpg 150w, https:\/\/www.arquimaster.com.ar\/web\/wp-content\/uploads\/2016\/08\/cima18-50x50.jpg 50w, https:\/\/www.arquimaster.com.ar\/web\/wp-content\/uploads\/2016\/08\/cima18-125x125.jpg 125w\" sizes=\"auto, (max-width: 150px) 100vw, 150px\" \/><\/a>\n\t\t\t<\/div>\n\t\t\t\t<figcaption class='wp-caption-text gallery-caption' id='gallery-1-21925'>\n\t\t\t\tProyecto Sede C\u00e1mara Industrial de Puerto Madryn CIMA \/ Carbone Fernandez Arquitectos (corte)\n\t\t\t\t<\/figcaption><\/figure><figure class='gallery-item'>\n\t\t\t<div class='gallery-icon landscape'>\n\t\t\t\t<a href='https:\/\/www.arquimaster.com.ar\/web\/wp-content\/uploads\/2016\/08\/cima19.jpg' title=\"Proyecto Sede C\u00e1mara Industrial de Puerto Madryn CIMA \/ Carbone Fernandez Arquitectos (corte)\" data-rl_title=\"Proyecto Sede C\u00e1mara Industrial de Puerto Madryn CIMA \/ Carbone Fernandez Arquitectos (corte)\" class=\"rl-gallery-link\" data-rl_caption=\"Proyecto Sede C\u00e1mara Industrial de Puerto Madryn CIMA \/ Carbone Fernandez Arquitectos (corte)\" data-rel=\"lightbox-gallery-1\"><img loading=\"lazy\" decoding=\"async\" width=\"150\" height=\"150\" src=\"https:\/\/www.arquimaster.com.ar\/web\/wp-content\/uploads\/2016\/08\/cima19-150x150.jpg\" class=\"attachment-thumbnail size-thumbnail\" alt=\"\" aria-describedby=\"gallery-1-21926\" srcset=\"https:\/\/www.arquimaster.com.ar\/web\/wp-content\/uploads\/2016\/08\/cima19-150x150.jpg 150w, https:\/\/www.arquimaster.com.ar\/web\/wp-content\/uploads\/2016\/08\/cima19-50x50.jpg 50w, https:\/\/www.arquimaster.com.ar\/web\/wp-content\/uploads\/2016\/08\/cima19-125x125.jpg 125w\" sizes=\"auto, (max-width: 150px) 100vw, 150px\" \/><\/a>\n\t\t\t<\/div>\n\t\t\t\t<figcaption class='wp-caption-text gallery-caption' id='gallery-1-21926'>\n\t\t\t\tProyecto Sede C\u00e1mara Industrial de Puerto Madryn CIMA \/ Carbone Fernandez Arquitectos (corte)\n\t\t\t\t<\/figcaption><\/figure><figure class='gallery-item'>\n\t\t\t<div class='gallery-icon landscape'>\n\t\t\t\t<a href='https:\/\/www.arquimaster.com.ar\/web\/wp-content\/uploads\/2016\/08\/cima20.jpg' title=\"Proyecto Sede C\u00e1mara Industrial de Puerto Madryn CIMA \/ Carbone Fernandez Arquitectos (vista)\" data-rl_title=\"Proyecto Sede C\u00e1mara Industrial de Puerto Madryn CIMA \/ Carbone Fernandez Arquitectos (vista)\" class=\"rl-gallery-link\" data-rl_caption=\"Proyecto Sede C\u00e1mara Industrial de Puerto Madryn CIMA \/ Carbone Fernandez Arquitectos (vista)\" data-rel=\"lightbox-gallery-1\"><img loading=\"lazy\" decoding=\"async\" width=\"150\" height=\"150\" src=\"https:\/\/www.arquimaster.com.ar\/web\/wp-content\/uploads\/2016\/08\/cima20-150x150.jpg\" class=\"attachment-thumbnail size-thumbnail\" alt=\"\" aria-describedby=\"gallery-1-21927\" srcset=\"https:\/\/www.arquimaster.com.ar\/web\/wp-content\/uploads\/2016\/08\/cima20-150x150.jpg 150w, https:\/\/www.arquimaster.com.ar\/web\/wp-content\/uploads\/2016\/08\/cima20-50x50.jpg 50w, https:\/\/www.arquimaster.com.ar\/web\/wp-content\/uploads\/2016\/08\/cima20-125x125.jpg 125w\" sizes=\"auto, (max-width: 150px) 100vw, 150px\" \/><\/a>\n\t\t\t<\/div>\n\t\t\t\t<figcaption class='wp-caption-text gallery-caption' id='gallery-1-21927'>\n\t\t\t\tProyecto Sede C\u00e1mara Industrial de Puerto Madryn CIMA \/ Carbone Fernandez Arquitectos (vista)\n\t\t\t\t<\/figcaption><\/figure><figure class='gallery-item'>\n\t\t\t<div class='gallery-icon landscape'>\n\t\t\t\t<a href='https:\/\/www.arquimaster.com.ar\/web\/wp-content\/uploads\/2016\/08\/cima21.jpg' title=\"Proyecto Sede C\u00e1mara Industrial de Puerto Madryn CIMA \/ Carbone Fernandez Arquitectos (vista)\" data-rl_title=\"Proyecto Sede C\u00e1mara Industrial de Puerto Madryn CIMA \/ Carbone Fernandez Arquitectos (vista)\" class=\"rl-gallery-link\" data-rl_caption=\"Proyecto Sede C\u00e1mara Industrial de Puerto Madryn CIMA \/ Carbone Fernandez Arquitectos (vista)\" data-rel=\"lightbox-gallery-1\"><img loading=\"lazy\" decoding=\"async\" width=\"150\" height=\"150\" src=\"https:\/\/www.arquimaster.com.ar\/web\/wp-content\/uploads\/2016\/08\/cima21-150x150.jpg\" class=\"attachment-thumbnail size-thumbnail\" alt=\"\" aria-describedby=\"gallery-1-21928\" srcset=\"https:\/\/www.arquimaster.com.ar\/web\/wp-content\/uploads\/2016\/08\/cima21-150x150.jpg 150w, https:\/\/www.arquimaster.com.ar\/web\/wp-content\/uploads\/2016\/08\/cima21-50x50.jpg 50w, https:\/\/www.arquimaster.com.ar\/web\/wp-content\/uploads\/2016\/08\/cima21-125x125.jpg 125w\" sizes=\"auto, (max-width: 150px) 100vw, 150px\" \/><\/a>\n\t\t\t<\/div>\n\t\t\t\t<figcaption class='wp-caption-text gallery-caption' id='gallery-1-21928'>\n\t\t\t\tProyecto Sede C\u00e1mara Industrial de Puerto Madryn CIMA \/ Carbone Fernandez Arquitectos (vista)\n\t\t\t\t<\/figcaption><\/figure><figure class='gallery-item'>\n\t\t\t<div class='gallery-icon landscape'>\n\t\t\t\t<a href='https:\/\/www.arquimaster.com.ar\/web\/wp-content\/uploads\/2016\/08\/cima22.jpg' title=\"Proyecto Sede C\u00e1mara Industrial de Puerto Madryn CIMA \/ Carbone Fernandez Arquitectos (vista)\" data-rl_title=\"Proyecto Sede C\u00e1mara Industrial de Puerto Madryn CIMA \/ Carbone Fernandez Arquitectos (vista)\" class=\"rl-gallery-link\" data-rl_caption=\"Proyecto Sede C\u00e1mara Industrial de Puerto Madryn CIMA \/ Carbone Fernandez Arquitectos (vista)\" data-rel=\"lightbox-gallery-1\"><img loading=\"lazy\" decoding=\"async\" width=\"150\" height=\"150\" src=\"https:\/\/www.arquimaster.com.ar\/web\/wp-content\/uploads\/2016\/08\/cima22-150x150.jpg\" class=\"attachment-thumbnail size-thumbnail\" alt=\"\" aria-describedby=\"gallery-1-21929\" srcset=\"https:\/\/www.arquimaster.com.ar\/web\/wp-content\/uploads\/2016\/08\/cima22-150x150.jpg 150w, https:\/\/www.arquimaster.com.ar\/web\/wp-content\/uploads\/2016\/08\/cima22-50x50.jpg 50w, https:\/\/www.arquimaster.com.ar\/web\/wp-content\/uploads\/2016\/08\/cima22-125x125.jpg 125w\" sizes=\"auto, (max-width: 150px) 100vw, 150px\" \/><\/a>\n\t\t\t<\/div>\n\t\t\t\t<figcaption class='wp-caption-text gallery-caption' id='gallery-1-21929'>\n\t\t\t\tProyecto Sede C\u00e1mara Industrial de Puerto Madryn CIMA \/ Carbone Fernandez Arquitectos (vista)\n\t\t\t\t<\/figcaption><\/figure><figure class='gallery-item'>\n\t\t\t<div class='gallery-icon landscape'>\n\t\t\t\t<a href='https:\/\/www.arquimaster.com.ar\/web\/wp-content\/uploads\/2016\/08\/cima23.jpg' title=\"Proyecto Sede C\u00e1mara Industrial de Puerto Madryn CIMA \/ Carbone Fernandez Arquitectos (vista)\" data-rl_title=\"Proyecto Sede C\u00e1mara Industrial de Puerto Madryn CIMA \/ Carbone Fernandez Arquitectos (vista)\" class=\"rl-gallery-link\" data-rl_caption=\"Proyecto Sede C\u00e1mara Industrial de Puerto Madryn CIMA \/ Carbone Fernandez Arquitectos (vista)\" data-rel=\"lightbox-gallery-1\"><img loading=\"lazy\" decoding=\"async\" width=\"150\" height=\"150\" src=\"https:\/\/www.arquimaster.com.ar\/web\/wp-content\/uploads\/2016\/08\/cima23-150x150.jpg\" class=\"attachment-thumbnail size-thumbnail\" alt=\"\" aria-describedby=\"gallery-1-21930\" srcset=\"https:\/\/www.arquimaster.com.ar\/web\/wp-content\/uploads\/2016\/08\/cima23-150x150.jpg 150w, https:\/\/www.arquimaster.com.ar\/web\/wp-content\/uploads\/2016\/08\/cima23-50x50.jpg 50w, https:\/\/www.arquimaster.com.ar\/web\/wp-content\/uploads\/2016\/08\/cima23-125x125.jpg 125w\" sizes=\"auto, (max-width: 150px) 100vw, 150px\" \/><\/a>\n\t\t\t<\/div>\n\t\t\t\t<figcaption class='wp-caption-text gallery-caption' id='gallery-1-21930'>\n\t\t\t\tProyecto Sede C\u00e1mara Industrial de Puerto Madryn CIMA \/ Carbone Fernandez Arquitectos (vista)\n\t\t\t\t<\/figcaption><\/figure><figure class='gallery-item'>\n\t\t\t<div class='gallery-icon landscape'>\n\t\t\t\t<a href='https:\/\/www.arquimaster.com.ar\/web\/wp-content\/uploads\/2016\/08\/cima24.jpg' title=\"Proyecto Sede C\u00e1mara Industrial de Puerto Madryn CIMA \/ Carbone Fernandez Arquitectos\" data-rl_title=\"Proyecto Sede C\u00e1mara Industrial de Puerto Madryn CIMA \/ Carbone Fernandez Arquitectos\" class=\"rl-gallery-link\" data-rl_caption=\"Proyecto Sede C\u00e1mara Industrial de Puerto Madryn CIMA \/ Carbone Fernandez Arquitectos\" data-rel=\"lightbox-gallery-1\"><img loading=\"lazy\" decoding=\"async\" width=\"150\" height=\"150\" src=\"https:\/\/www.arquimaster.com.ar\/web\/wp-content\/uploads\/2016\/08\/cima24-150x150.jpg\" class=\"attachment-thumbnail size-thumbnail\" alt=\"\" aria-describedby=\"gallery-1-21931\" srcset=\"https:\/\/www.arquimaster.com.ar\/web\/wp-content\/uploads\/2016\/08\/cima24-150x150.jpg 150w, https:\/\/www.arquimaster.com.ar\/web\/wp-content\/uploads\/2016\/08\/cima24-50x50.jpg 50w, https:\/\/www.arquimaster.com.ar\/web\/wp-content\/uploads\/2016\/08\/cima24-125x125.jpg 125w\" sizes=\"auto, (max-width: 150px) 100vw, 150px\" \/><\/a>\n\t\t\t<\/div>\n\t\t\t\t<figcaption class='wp-caption-text gallery-caption' id='gallery-1-21931'>\n\t\t\t\tProyecto Sede C\u00e1mara Industrial de Puerto Madryn CIMA \/ Carbone Fernandez Arquitectos\n\t\t\t\t<\/figcaption><\/figure><figure class='gallery-item'>\n\t\t\t<div class='gallery-icon landscape'>\n\t\t\t\t<a href='https:\/\/www.arquimaster.com.ar\/web\/wp-content\/uploads\/2016\/08\/cima25.jpg' title=\"Proyecto Sede C\u00e1mara Industrial de Puerto Madryn CIMA \/ Carbone Fernandez Arquitectos\" data-rl_title=\"Proyecto Sede C\u00e1mara Industrial de Puerto Madryn CIMA \/ Carbone Fernandez Arquitectos\" class=\"rl-gallery-link\" data-rl_caption=\"Proyecto Sede C\u00e1mara Industrial de Puerto Madryn CIMA \/ Carbone Fernandez Arquitectos\" data-rel=\"lightbox-gallery-1\"><img loading=\"lazy\" decoding=\"async\" width=\"150\" height=\"150\" src=\"https:\/\/www.arquimaster.com.ar\/web\/wp-content\/uploads\/2016\/08\/cima25-150x150.jpg\" class=\"attachment-thumbnail size-thumbnail\" alt=\"\" aria-describedby=\"gallery-1-21932\" srcset=\"https:\/\/www.arquimaster.com.ar\/web\/wp-content\/uploads\/2016\/08\/cima25-150x150.jpg 150w, https:\/\/www.arquimaster.com.ar\/web\/wp-content\/uploads\/2016\/08\/cima25-50x50.jpg 50w, https:\/\/www.arquimaster.com.ar\/web\/wp-content\/uploads\/2016\/08\/cima25-125x125.jpg 125w\" sizes=\"auto, (max-width: 150px) 100vw, 150px\" \/><\/a>\n\t\t\t<\/div>\n\t\t\t\t<figcaption class='wp-caption-text gallery-caption' id='gallery-1-21932'>\n\t\t\t\tProyecto Sede C\u00e1mara Industrial de Puerto Madryn CIMA \/ Carbone Fernandez Arquitectos\n\t\t\t\t<\/figcaption><\/figure><figure class='gallery-item'>\n\t\t\t<div class='gallery-icon landscape'>\n\t\t\t\t<a href='https:\/\/www.arquimaster.com.ar\/web\/wp-content\/uploads\/2016\/08\/cima26.jpg' title=\"Proyecto Sede C\u00e1mara Industrial de Puerto Madryn CIMA \/ Carbone Fernandez Arquitectos\" data-rl_title=\"Proyecto Sede C\u00e1mara Industrial de Puerto Madryn CIMA \/ Carbone Fernandez Arquitectos\" class=\"rl-gallery-link\" data-rl_caption=\"Proyecto Sede C\u00e1mara Industrial de Puerto Madryn CIMA \/ Carbone Fernandez Arquitectos\" data-rel=\"lightbox-gallery-1\"><img loading=\"lazy\" decoding=\"async\" width=\"150\" height=\"150\" src=\"https:\/\/www.arquimaster.com.ar\/web\/wp-content\/uploads\/2016\/08\/cima26-150x150.jpg\" class=\"attachment-thumbnail size-thumbnail\" alt=\"\" aria-describedby=\"gallery-1-21933\" srcset=\"https:\/\/www.arquimaster.com.ar\/web\/wp-content\/uploads\/2016\/08\/cima26-150x150.jpg 150w, https:\/\/www.arquimaster.com.ar\/web\/wp-content\/uploads\/2016\/08\/cima26-50x50.jpg 50w, https:\/\/www.arquimaster.com.ar\/web\/wp-content\/uploads\/2016\/08\/cima26-125x125.jpg 125w\" sizes=\"auto, (max-width: 150px) 100vw, 150px\" \/><\/a>\n\t\t\t<\/div>\n\t\t\t\t<figcaption class='wp-caption-text gallery-caption' id='gallery-1-21933'>\n\t\t\t\tProyecto Sede C\u00e1mara Industrial de Puerto Madryn CIMA \/ Carbone Fernandez Arquitectos\n\t\t\t\t<\/figcaption><\/figure><figure class='gallery-item'>\n\t\t\t<div class='gallery-icon landscape'>\n\t\t\t\t<a href='https:\/\/www.arquimaster.com.ar\/web\/wp-content\/uploads\/2016\/08\/cima27.jpg' title=\"Proyecto Sede C\u00e1mara Industrial de Puerto Madryn CIMA \/ Carbone Fernandez Arquitectos\" data-rl_title=\"Proyecto Sede C\u00e1mara Industrial de Puerto Madryn CIMA \/ Carbone Fernandez Arquitectos\" class=\"rl-gallery-link\" data-rl_caption=\"Proyecto Sede C\u00e1mara Industrial de Puerto Madryn CIMA \/ Carbone Fernandez Arquitectos\" data-rel=\"lightbox-gallery-1\"><img loading=\"lazy\" decoding=\"async\" width=\"150\" height=\"150\" src=\"https:\/\/www.arquimaster.com.ar\/web\/wp-content\/uploads\/2016\/08\/cima27-150x150.jpg\" class=\"attachment-thumbnail size-thumbnail\" alt=\"\" aria-describedby=\"gallery-1-21934\" srcset=\"https:\/\/www.arquimaster.com.ar\/web\/wp-content\/uploads\/2016\/08\/cima27-150x150.jpg 150w, https:\/\/www.arquimaster.com.ar\/web\/wp-content\/uploads\/2016\/08\/cima27-50x50.jpg 50w, https:\/\/www.arquimaster.com.ar\/web\/wp-content\/uploads\/2016\/08\/cima27-125x125.jpg 125w\" sizes=\"auto, (max-width: 150px) 100vw, 150px\" \/><\/a>\n\t\t\t<\/div>\n\t\t\t\t<figcaption class='wp-caption-text gallery-caption' id='gallery-1-21934'>\n\t\t\t\tProyecto Sede C\u00e1mara Industrial de Puerto Madryn CIMA \/ Carbone Fernandez Arquitectos\n\t\t\t\t<\/figcaption><\/figure><figure class='gallery-item'>\n\t\t\t<div class='gallery-icon landscape'>\n\t\t\t\t<a href='https:\/\/www.arquimaster.com.ar\/web\/wp-content\/uploads\/2016\/08\/cima28.jpg' title=\"Proyecto Sede C\u00e1mara Industrial de Puerto Madryn CIMA \/ Carbone Fernandez Arquitectos\" data-rl_title=\"Proyecto Sede C\u00e1mara Industrial de Puerto Madryn CIMA \/ Carbone Fernandez Arquitectos\" class=\"rl-gallery-link\" data-rl_caption=\"Proyecto Sede C\u00e1mara Industrial de Puerto Madryn CIMA \/ Carbone Fernandez Arquitectos\" data-rel=\"lightbox-gallery-1\"><img loading=\"lazy\" decoding=\"async\" width=\"150\" height=\"150\" src=\"https:\/\/www.arquimaster.com.ar\/web\/wp-content\/uploads\/2016\/08\/cima28-150x150.jpg\" class=\"attachment-thumbnail size-thumbnail\" alt=\"\" aria-describedby=\"gallery-1-21935\" srcset=\"https:\/\/www.arquimaster.com.ar\/web\/wp-content\/uploads\/2016\/08\/cima28-150x150.jpg 150w, https:\/\/www.arquimaster.com.ar\/web\/wp-content\/uploads\/2016\/08\/cima28-50x50.jpg 50w, https:\/\/www.arquimaster.com.ar\/web\/wp-content\/uploads\/2016\/08\/cima28-125x125.jpg 125w\" sizes=\"auto, (max-width: 150px) 100vw, 150px\" \/><\/a>\n\t\t\t<\/div>\n\t\t\t\t<figcaption class='wp-caption-text gallery-caption' id='gallery-1-21935'>\n\t\t\t\tProyecto Sede C\u00e1mara Industrial de Puerto Madryn CIMA \/ Carbone Fernandez Arquitectos\n\t\t\t\t<\/figcaption><\/figure>\n\t\t<\/div>\n\n<p><strong>Insercion urbana<\/strong><br \/>\nEl Proyecto se configura en su forma b\u00e1sica a partir del entorno inmediato, el cual brinda al proyecto las premisas b\u00e1sicas de dise\u00f1o: escala moderada, relaci\u00f3n arm\u00f3nica de llenos y vac\u00edos, sumados a la austeridad morfol\u00f3gica.<\/p>\n<p>Estas pautas llevan a crear un proyecto de impronta inclusiva y contempor\u00e1nea, tomando los datos del lugar para dar respuestas arquitect\u00f3nicas a partir de operaciones simples y contundentes.<\/p>\n<p>En este sentido, se ha pensado el proyecto como un espacio que d\u00e9 soluciones a las necesidades de crecimiento, que atienda a los requerimientos propios inherentes al programa y adem\u00e1s, genere un nuevo espacio de encuentro para la comunidad.<\/p>\n<p>El esp\u00edritu del proyecto es el de gestar\u00a0 un nuevo \u00e1mbito que prestigie y beneficie a la C\u00e1mara de Industria de Puerto Madryn, como as\u00ed tambien funcione como el punto de convergencia de las actividades educativas, culturales y sociales de la comunidad.<\/p>\n<p><strong>Nuevo edificio<\/strong><br \/>\nEl nuevo edificio nace de la intenci\u00f3n de generar un espacio flexible y articulado tanto en lo funcional como en sus cualidades espaciales, adem\u00e1s de crear un nuevo punto de referencia para los habitantes de Puerto Madryn.<\/p>\n<p>Se conformar\u00e1 un nuevo espacio p\u00fablico, un Z\u00f3calo a modo de basamento, el cual adem\u00e1s de albergar la totalidad de las funciones del proyecto, se articulara con el futuro espacio verde, destinado a proyectarse en la intersecci\u00f3n de las calles Juan XXIII Norte y la Runa Nacional\u00a0 A-010, gestando de este modo un espacio p\u00fablico que funcionar\u00e1 en forma integral, enriqueciendo el espacio urbano.<\/p>\n<p>Partiendo de una geometr\u00eda simple, capaz de ordenar y articular la totalidad del programa, se decide realizar un edificio constituido en una planta, ligeramente elevada respecto del terreno natural, un z\u00f3calo en el cual se agrupan los espacios exteriores, semicubiertos, de acceso, de recreaci\u00f3n y los propios del proyecto. Los cuales se potencian con los espacios verdes circundantes de car\u00e1cter totalmente p\u00fablico.<\/p>\n<p>Con la construcci\u00f3n en etapas del edificio, se plantea un crecimiento l\u00f3gico del mismo, de acuerdo a la demanda program\u00e1tica que este deba albergar, con la intenci\u00f3n de fortalecer tanto los usos propios del programa, como asa tambi\u00e9n los de ocio, recreo y aprendizaje a la vez que se generan otros nuevos, producto de la riqueza de la mixtura de usos. El fin es el pleno desarrollo de las actividades que tomen lugar dentro del conjunto.<\/p>\n<p>Se toma la decisi\u00f3n de generar un edificio\u00a0 en etapas con relaci\u00f3n directa con el z\u00f3calo exterior, p\u00fablico y peatonal que articula todas las funciones del programa y vincula la calle Juan XXIII con la calle posterior que ceder\u00e1 el Municipio de Puerto Madryn. De esta manera, se refuerza la necesidad de generar espacios de m\u00e1xima flexibilidad para el correcto funcionamiento.<\/p>\n<p>El acceso principal al predio se plantea por la calle Juan XXIII, donde se genera una articulaci\u00f3n p\u00fablica a modo de atrio que recibe al transe\u00fante, el mismo permite el perfecto acceso al edificio de importante n\u00famero de personas.<\/p>\n<p>El zocalo, asi tambi\u00e9n como el espacio verde, jerarquiza las situaciones p\u00fablicas y de accesibilidad tanto al predio como al edificio, a su vez que este se nutre de \u00e9l.<\/p>\n<p>Las \u00e1reas p\u00fablicas de acceso articulan al Hall y el \u00e1rea administrativa en la primera etapa y su futura expansi\u00f3n, conjugan un gran espacio abierto e integrador, necesario en un edificio de funciones din\u00e1micas. Adem\u00e1s permite perspectivas largas en todas las direcciones.<\/p>\n<p><strong>Zocalo<\/strong><br \/>\nSe desarrolla a lo largo y ancho del terreno, elevando el edificio 1 metro del nivel de terreno natural. En su superficie, articula los diferentes espacios, tales como el hall, el auditorio, las aulas, y las \u00e1reas administrativas.<\/p>\n<p>A su vez, realza las virtudes de los sucesivos espacios que lo conforman en su recorrido de solares en llenos y vac\u00edos de verdes con vegetaci\u00f3n aut\u00f3ctona privilegiando los valores de uso com\u00fan.<\/p>\n<p>Adem\u00e1s de ser un conector, el Z\u00f3calo funciona como un \u00e1rea de expansi\u00f3n de las actividades que dentro del edificio se desarrollen multiplicando las funciones que all\u00ed se realicen.<\/p>\n<p>Su conformaci\u00f3n y dimensiones ayudan a albergar actividades de diverso tenor y calibre, ya sean exposiciones y convenciones o actividades que en el edificio se deseen albergar, tanto sean cubiertas como al aire libre, abri\u00e9ndolas sin restricciones al uso p\u00fablico.<\/p>\n<p>Su desarrollo comienza a completar un conjunto de alta eficiencia espacial, donde los v\u00ednculos entre la esfera p\u00fablica y las actividades privadas llegan a un punto de m\u00e1xima preponderancia.<\/p>\n<p><strong>Hall<\/strong><br \/>\nConstituido como espacio de llegada, de recepci\u00f3n,\u00a0 se ha optado por generar un espacio \u00fanico con una impronta flexible, susceptible de articularse de formas diversas, permitiendo albergar un sinf\u00edn de actividades adem\u00e1s de las que se tengan de manera permanente.<\/p>\n<p>Es un nexo entre la totalidad de las actividades del programa e incluso si fuera necesario, es posible integrar al mismo, la superficie que conforma al Auditorio.<\/p>\n<p><strong>Auditorio<\/strong><br \/>\nSu amplia proporci\u00f3n y su envolvente, crean un \u00e1mbito de multifuncionalidad y flexibilidad que fortalecen el pleno uso de diferentes actividades. Es decir, posee la facultad de articularse con el hall para ampliarse en un espacio totalizador de uso socio-cultural. Estas cualidades enriquecen lo funcional y potencian la integraci\u00f3n de los espacios cubiertos.<\/p>\n<p><strong>Administracion<\/strong><br \/>\nEl \u00e1rea administrativa est\u00e1 pensada para funcionar en forma independiente del resto de los programas, pensada como un \u00e1rea de trabajo din\u00e1mica, se genera pieza \u00fanica e independiente una sucesi\u00f3n de espacios vinculados a trav\u00e9s del Hall, que no pierde relaci\u00f3n con los espacios exteriores.<\/p>\n<p><strong>Area educativa<\/strong><br \/>\nConformada a partir de dos espacios tipo aula taller, y un laboratorio de ensayos, se configura un espacio de m\u00e1xima flexibilidad una pieza vinculada directa al hall que no pierde relaci\u00f3n con el espacio exterior.<\/p>\n<p>El laboratorio pensando como una c\u00e9lula independiente cuenta con un acceso tanto desde el hall como as\u00ed tambi\u00e9n con otro directamente desde el exterior, cuenta adem\u00e1s con un espacio de lavado y guardado, que le es propio y permite una mayor independencia de usos.<\/p>\n<p><strong>Imagen<\/strong><br \/>\nDado el car\u00e1cter institucional del edificio, se generan piezas simples y reconocibles en su car\u00e1cter morfol\u00f3gico. Los\u00a0mismos se potencian por sus relaciones tect\u00f3nicas y de f\u00e1cil construcci\u00f3n, lo que permite la integraci\u00f3n del edificio con los programas que se desarrollan en torno al mismo. A su vez, las piezas en su interior, muestran el dinamismo de funciones, propios de su car\u00e1cter.<\/p>\n<p><strong>Sustentabilidad y accesibilidad<\/strong><br \/>\nEl complejo se desarrolla sobre un z\u00f3calo +1.00 m. que articula los espacios interiores y exteriores, permitiendo el libre acceso de las personas, incluso de aquellas con movilidad reducida, quienes pueden acceder por medio de rampas.<\/p>\n<p>En virtud de gestar piezas sustentables, todos los espacios interiores, est\u00e1n relacionados directamente con el exterior, funcionando estos como pulmones de los programas que lo contienen, permitiendo as\u00ed, reducir gastos energ\u00e9ticos de acondicionamiento t\u00e9rmico por la correcta aplicaci\u00f3n de ventilaciones cruzadas, como as\u00ed tambi\u00e9n el aprovechamiento m\u00e1ximo de las ganancias lum\u00ednicas que brindan las lucarnas de los espacios de referencia.<\/p>\n<p><strong>Energ\u00edas alternativas<\/strong><br \/>\nSe prev\u00e9 la incorporaci\u00f3n futura de paneles fotovoltaicos y colectores solares para la acumulaci\u00f3n y uso de energ\u00edas alternativas que ayuden al complejo en el uso eficiente de los recursos.<\/p>\n<p>Dada la ubicaci\u00f3n del mismo, el terreno cumple con las normas internacionales de uso de superficie absorbente y sustentabilidad correspondientes.<\/p>\n<p><strong>Estructura<\/strong><br \/>\nLa estructura, pensada desde la construcci\u00f3n racional de los recursos, contempla la utilizaci\u00f3n de perfilar\u00eda met\u00e1lica, para la materializaci\u00f3n del edificio, (que adem\u00e1s de dotarlo de una fuerte impronta institucional) permite la materializaci\u00f3n de espacio de grandes luces.<\/p>\n<p>La totalidad del programa se encuentra resuelta con esta disposici\u00f3n. La utilizaci\u00f3n de este recurso permite una gran versatilidad de usos, como as\u00ed tambi\u00e9n el pleno desenvolvimiento de las actividades propias del Proyecto.<\/p>\n<p><strong>Etapabilidad<\/strong><br \/>\nEl proyecto planteado en tres etapas, asegura un alto grado de factibilidad tecnol\u00f3gica con un m\u00ednimo de mantenimiento en el tiempo, con recursos de materializaci\u00f3n accesibles para la capacidad constructiva de la industria local.<\/p>\n<p>Es importante destacar que la etapabilidad pertinente al desarrollo del conjunto, prioriza la integraci\u00f3n de las partes para dar respuestas a un todo arm\u00f3nico. Dichas partes\u00a0 pueden funcionar correctamente sin la concreci\u00f3n de las etapas edilicias subsiguientes y la futura materializaci\u00f3n de las mismas no impedir\u00e1 ni tampoco interrumpir\u00e1n las actividades cotidianas que ya se encontraran en plena actividad dentro del predio.<\/p>\n<p><strong>Ficha tecnica<\/strong><br \/>\nNombre del proyecto: Sede C\u00e1mara Industrial de Puerto Madryn CIMA<br \/>\nUbicacion: Puerto Madryn, Chubut, Argentina<br \/>\nAutores: Carbone Fernandez Arquitectos con Fabricio Contreras Ansbergs<br \/>\nConcurso: Concurso Nacional de Anteproyectos para el Edificio Sede de la C\u00e1mara Industrial de Puerto Madryn CIMA<br \/>\nA\u00f1o: 2014<br \/>\nInstagram: @grupo.crbn<\/p>\n\n<div style=\"font-size: 0px; height: 0px; line-height: 0px; margin: 0; padding: 0; clear: both;\"><\/div><div style=\"margin-top: 0px; margin-bottom: 0px;\" class=\"sharethis-inline-share-buttons\" ><\/div>","protected":false},"excerpt":{"rendered":"<p>Espacio flexible y articulado tanto en lo funcional como en sus cualidades espaciales&#8230;<\/p>\n","protected":false},"author":1,"featured_media":21907,"comment_status":"closed","ping_status":"closed","sticky":false,"template":"","format":"standard","meta":{"_uag_custom_page_level_css":"","footnotes":""},"categories":[1,81],"tags":[3106,3153,3461,100,3908,102],"class_list":["post-21906","post","type-post","status-publish","format-standard","has-post-thumbnail","hentry","category-proyecto","category-proyectos-concursos","tag-carbone-fernandez-arquitectos","tag-chubut","tag-contreras-ansbergs","tag-proyectos-para-concursos","tag-puerto-madryn","tag-resultados-de-concursos","generate-columns","tablet-grid-50","mobile-grid-100","grid-parent","grid-50"],"yoast_head":"<!-- This site is optimized with the Yoast SEO plugin v27.3 - https:\/\/yoast.com\/product\/yoast-seo-wordpress\/ -->\n<title>Proyecto Sede C\u00e1mara Industrial de Puerto Madryn CIMA \/ Carbone Fernandez Arquitectos - Arquimaster<\/title>\n<meta name=\"robots\" content=\"index, follow, max-snippet:-1, max-image-preview:large, max-video-preview:-1\" \/>\n<link rel=\"canonical\" href=\"https:\/\/www.arquimaster.com.ar\/web\/proyecto-sede-camara-industrial-de-puerto-madryn-cima-carbone-fernandez-arquitectos\/\" \/>\n<meta property=\"og:locale\" content=\"es_ES\" \/>\n<meta property=\"og:type\" content=\"article\" \/>\n<meta property=\"og:title\" content=\"Proyecto Sede C\u00e1mara Industrial de Puerto Madryn CIMA \/ Carbone Fernandez Arquitectos - Arquimaster\" \/>\n<meta property=\"og:description\" content=\"Espacio flexible y articulado tanto en lo funcional como en sus cualidades espaciales...\" \/>\n<meta property=\"og:url\" content=\"https:\/\/www.arquimaster.com.ar\/web\/proyecto-sede-camara-industrial-de-puerto-madryn-cima-carbone-fernandez-arquitectos\/\" \/>\n<meta property=\"og:site_name\" content=\"Arquimaster\" \/>\n<meta property=\"article:publisher\" content=\"http:\/\/www.facebook.com\/ARQUIMASTER.com.ar\" \/>\n<meta property=\"article:published_time\" content=\"2016-08-09T03:49:46+00:00\" \/>\n<meta property=\"article:modified_time\" content=\"2026-04-15T19:28:35+00:00\" \/>\n<meta property=\"og:image\" content=\"https:\/\/www.arquimaster.com.ar\/web\/wp-content\/uploads\/2016\/08\/cima_slide.jpg\" \/>\n\t<meta property=\"og:image:width\" content=\"642\" \/>\n\t<meta property=\"og:image:height\" content=\"336\" \/>\n\t<meta property=\"og:image:type\" content=\"image\/jpeg\" \/>\n<meta name=\"author\" content=\"Arquimaster\" \/>\n<meta name=\"twitter:card\" content=\"summary_large_image\" \/>\n<meta name=\"twitter:creator\" content=\"@arquimaster\" \/>\n<meta name=\"twitter:site\" content=\"@arquimaster\" \/>\n<meta name=\"twitter:label1\" content=\"Escrito por\" \/>\n\t<meta name=\"twitter:data1\" content=\"Arquimaster\" \/>\n\t<meta name=\"twitter:label2\" content=\"Tiempo de lectura\" \/>\n\t<meta name=\"twitter:data2\" content=\"7 minutos\" \/>\n<script type=\"application\/ld+json\" class=\"yoast-schema-graph\">{\"@context\":\"https:\\\/\\\/schema.org\",\"@graph\":[{\"@type\":\"Article\",\"@id\":\"https:\\\/\\\/www.arquimaster.com.ar\\\/web\\\/proyecto-sede-camara-industrial-de-puerto-madryn-cima-carbone-fernandez-arquitectos\\\/#article\",\"isPartOf\":{\"@id\":\"https:\\\/\\\/www.arquimaster.com.ar\\\/web\\\/proyecto-sede-camara-industrial-de-puerto-madryn-cima-carbone-fernandez-arquitectos\\\/\"},\"author\":{\"name\":\"Arquimaster\",\"@id\":\"https:\\\/\\\/www.arquimaster.com.ar\\\/web\\\/#\\\/schema\\\/person\\\/359e9f7c00193fcde068e0dd2ceb0028\"},\"headline\":\"Proyecto Sede C\u00e1mara Industrial de Puerto Madryn CIMA \\\/ Carbone Fernandez Arquitectos\",\"datePublished\":\"2016-08-09T03:49:46+00:00\",\"dateModified\":\"2026-04-15T19:28:35+00:00\",\"mainEntityOfPage\":{\"@id\":\"https:\\\/\\\/www.arquimaster.com.ar\\\/web\\\/proyecto-sede-camara-industrial-de-puerto-madryn-cima-carbone-fernandez-arquitectos\\\/\"},\"wordCount\":1590,\"publisher\":{\"@id\":\"https:\\\/\\\/www.arquimaster.com.ar\\\/web\\\/#organization\"},\"image\":{\"@id\":\"https:\\\/\\\/www.arquimaster.com.ar\\\/web\\\/proyecto-sede-camara-industrial-de-puerto-madryn-cima-carbone-fernandez-arquitectos\\\/#primaryimage\"},\"thumbnailUrl\":\"https:\\\/\\\/www.arquimaster.com.ar\\\/web\\\/wp-content\\\/uploads\\\/2016\\\/08\\\/cima_slide.jpg\",\"keywords\":[\"Carbone Fernandez Arquitectos\",\"Chubut\",\"Contreras Ansbergs\",\"proyectos para concursos\",\"Puerto Madryn\",\"resultados de concursos\"],\"articleSection\":[\"Proyecto\",\"Proyectos para Concursos\"],\"inLanguage\":\"es\"},{\"@type\":\"WebPage\",\"@id\":\"https:\\\/\\\/www.arquimaster.com.ar\\\/web\\\/proyecto-sede-camara-industrial-de-puerto-madryn-cima-carbone-fernandez-arquitectos\\\/\",\"url\":\"https:\\\/\\\/www.arquimaster.com.ar\\\/web\\\/proyecto-sede-camara-industrial-de-puerto-madryn-cima-carbone-fernandez-arquitectos\\\/\",\"name\":\"Proyecto Sede C\u00e1mara Industrial de Puerto Madryn CIMA \\\/ Carbone Fernandez Arquitectos - Arquimaster\",\"isPartOf\":{\"@id\":\"https:\\\/\\\/www.arquimaster.com.ar\\\/web\\\/#website\"},\"primaryImageOfPage\":{\"@id\":\"https:\\\/\\\/www.arquimaster.com.ar\\\/web\\\/proyecto-sede-camara-industrial-de-puerto-madryn-cima-carbone-fernandez-arquitectos\\\/#primaryimage\"},\"image\":{\"@id\":\"https:\\\/\\\/www.arquimaster.com.ar\\\/web\\\/proyecto-sede-camara-industrial-de-puerto-madryn-cima-carbone-fernandez-arquitectos\\\/#primaryimage\"},\"thumbnailUrl\":\"https:\\\/\\\/www.arquimaster.com.ar\\\/web\\\/wp-content\\\/uploads\\\/2016\\\/08\\\/cima_slide.jpg\",\"datePublished\":\"2016-08-09T03:49:46+00:00\",\"dateModified\":\"2026-04-15T19:28:35+00:00\",\"breadcrumb\":{\"@id\":\"https:\\\/\\\/www.arquimaster.com.ar\\\/web\\\/proyecto-sede-camara-industrial-de-puerto-madryn-cima-carbone-fernandez-arquitectos\\\/#breadcrumb\"},\"inLanguage\":\"es\",\"potentialAction\":[{\"@type\":\"ReadAction\",\"target\":[\"https:\\\/\\\/www.arquimaster.com.ar\\\/web\\\/proyecto-sede-camara-industrial-de-puerto-madryn-cima-carbone-fernandez-arquitectos\\\/\"]}]},{\"@type\":\"ImageObject\",\"inLanguage\":\"es\",\"@id\":\"https:\\\/\\\/www.arquimaster.com.ar\\\/web\\\/proyecto-sede-camara-industrial-de-puerto-madryn-cima-carbone-fernandez-arquitectos\\\/#primaryimage\",\"url\":\"https:\\\/\\\/www.arquimaster.com.ar\\\/web\\\/wp-content\\\/uploads\\\/2016\\\/08\\\/cima_slide.jpg\",\"contentUrl\":\"https:\\\/\\\/www.arquimaster.com.ar\\\/web\\\/wp-content\\\/uploads\\\/2016\\\/08\\\/cima_slide.jpg\",\"width\":642,\"height\":336},{\"@type\":\"BreadcrumbList\",\"@id\":\"https:\\\/\\\/www.arquimaster.com.ar\\\/web\\\/proyecto-sede-camara-industrial-de-puerto-madryn-cima-carbone-fernandez-arquitectos\\\/#breadcrumb\",\"itemListElement\":[{\"@type\":\"ListItem\",\"position\":1,\"name\":\"Portada\",\"item\":\"https:\\\/\\\/www.arquimaster.com.ar\\\/web\\\/\"},{\"@type\":\"ListItem\",\"position\":2,\"name\":\"Proyecto Sede C\u00e1mara Industrial de Puerto Madryn CIMA \\\/ Carbone Fernandez Arquitectos\"}]},{\"@type\":\"WebSite\",\"@id\":\"https:\\\/\\\/www.arquimaster.com.ar\\\/web\\\/#website\",\"url\":\"https:\\\/\\\/www.arquimaster.com.ar\\\/web\\\/\",\"name\":\"Arquimaster\",\"description\":\"Web de arquitectura, dise\u00f1o y construccion\",\"publisher\":{\"@id\":\"https:\\\/\\\/www.arquimaster.com.ar\\\/web\\\/#organization\"},\"potentialAction\":[{\"@type\":\"SearchAction\",\"target\":{\"@type\":\"EntryPoint\",\"urlTemplate\":\"https:\\\/\\\/www.arquimaster.com.ar\\\/web\\\/?s={search_term_string}\"},\"query-input\":{\"@type\":\"PropertyValueSpecification\",\"valueRequired\":true,\"valueName\":\"search_term_string\"}}],\"inLanguage\":\"es\"},{\"@type\":\"Organization\",\"@id\":\"https:\\\/\\\/www.arquimaster.com.ar\\\/web\\\/#organization\",\"name\":\"Arquimaster\",\"url\":\"https:\\\/\\\/www.arquimaster.com.ar\\\/web\\\/\",\"logo\":{\"@type\":\"ImageObject\",\"inLanguage\":\"es\",\"@id\":\"https:\\\/\\\/www.arquimaster.com.ar\\\/web\\\/#\\\/schema\\\/logo\\\/image\\\/\",\"url\":\"https:\\\/\\\/www.arquimaster.com.ar\\\/web\\\/wp-content\\\/uploads\\\/2022\\\/06\\\/arquimaster.png\",\"contentUrl\":\"https:\\\/\\\/www.arquimaster.com.ar\\\/web\\\/wp-content\\\/uploads\\\/2022\\\/06\\\/arquimaster.png\",\"width\":594,\"height\":78,\"caption\":\"Arquimaster\"},\"image\":{\"@id\":\"https:\\\/\\\/www.arquimaster.com.ar\\\/web\\\/#\\\/schema\\\/logo\\\/image\\\/\"},\"sameAs\":[\"http:\\\/\\\/www.facebook.com\\\/ARQUIMASTER.com.ar\",\"https:\\\/\\\/x.com\\\/arquimaster\",\"https:\\\/\\\/www.instagram.com\\\/arquimasterblog\\\/\",\"https:\\\/\\\/www.linkedin.com\\\/company\\\/arquimaster\",\"https:\\\/\\\/www.pinterest.com\\\/arquimaster\",\"https:\\\/\\\/t.me\\\/arquimaster\"]},{\"@type\":\"Person\",\"@id\":\"https:\\\/\\\/www.arquimaster.com.ar\\\/web\\\/#\\\/schema\\\/person\\\/359e9f7c00193fcde068e0dd2ceb0028\",\"name\":\"Arquimaster\"}]}<\/script>\n<!-- \/ Yoast SEO plugin. -->","yoast_head_json":{"title":"Proyecto Sede C\u00e1mara Industrial de Puerto Madryn CIMA \/ Carbone Fernandez Arquitectos - Arquimaster","robots":{"index":"index","follow":"follow","max-snippet":"max-snippet:-1","max-image-preview":"max-image-preview:large","max-video-preview":"max-video-preview:-1"},"canonical":"https:\/\/www.arquimaster.com.ar\/web\/proyecto-sede-camara-industrial-de-puerto-madryn-cima-carbone-fernandez-arquitectos\/","og_locale":"es_ES","og_type":"article","og_title":"Proyecto Sede C\u00e1mara Industrial de Puerto Madryn CIMA \/ Carbone Fernandez Arquitectos - Arquimaster","og_description":"Espacio flexible y articulado tanto en lo funcional como en sus cualidades espaciales...","og_url":"https:\/\/www.arquimaster.com.ar\/web\/proyecto-sede-camara-industrial-de-puerto-madryn-cima-carbone-fernandez-arquitectos\/","og_site_name":"Arquimaster","article_publisher":"http:\/\/www.facebook.com\/ARQUIMASTER.com.ar","article_published_time":"2016-08-09T03:49:46+00:00","article_modified_time":"2026-04-15T19:28:35+00:00","og_image":[{"width":642,"height":336,"url":"https:\/\/www.arquimaster.com.ar\/web\/wp-content\/uploads\/2016\/08\/cima_slide.jpg","type":"image\/jpeg"}],"author":"Arquimaster","twitter_card":"summary_large_image","twitter_creator":"@arquimaster","twitter_site":"@arquimaster","twitter_misc":{"Escrito por":"Arquimaster","Tiempo de lectura":"7 minutos"},"schema":{"@context":"https:\/\/schema.org","@graph":[{"@type":"Article","@id":"https:\/\/www.arquimaster.com.ar\/web\/proyecto-sede-camara-industrial-de-puerto-madryn-cima-carbone-fernandez-arquitectos\/#article","isPartOf":{"@id":"https:\/\/www.arquimaster.com.ar\/web\/proyecto-sede-camara-industrial-de-puerto-madryn-cima-carbone-fernandez-arquitectos\/"},"author":{"name":"Arquimaster","@id":"https:\/\/www.arquimaster.com.ar\/web\/#\/schema\/person\/359e9f7c00193fcde068e0dd2ceb0028"},"headline":"Proyecto Sede C\u00e1mara Industrial de Puerto Madryn CIMA \/ Carbone Fernandez Arquitectos","datePublished":"2016-08-09T03:49:46+00:00","dateModified":"2026-04-15T19:28:35+00:00","mainEntityOfPage":{"@id":"https:\/\/www.arquimaster.com.ar\/web\/proyecto-sede-camara-industrial-de-puerto-madryn-cima-carbone-fernandez-arquitectos\/"},"wordCount":1590,"publisher":{"@id":"https:\/\/www.arquimaster.com.ar\/web\/#organization"},"image":{"@id":"https:\/\/www.arquimaster.com.ar\/web\/proyecto-sede-camara-industrial-de-puerto-madryn-cima-carbone-fernandez-arquitectos\/#primaryimage"},"thumbnailUrl":"https:\/\/www.arquimaster.com.ar\/web\/wp-content\/uploads\/2016\/08\/cima_slide.jpg","keywords":["Carbone Fernandez Arquitectos","Chubut","Contreras Ansbergs","proyectos para concursos","Puerto Madryn","resultados de concursos"],"articleSection":["Proyecto","Proyectos para Concursos"],"inLanguage":"es"},{"@type":"WebPage","@id":"https:\/\/www.arquimaster.com.ar\/web\/proyecto-sede-camara-industrial-de-puerto-madryn-cima-carbone-fernandez-arquitectos\/","url":"https:\/\/www.arquimaster.com.ar\/web\/proyecto-sede-camara-industrial-de-puerto-madryn-cima-carbone-fernandez-arquitectos\/","name":"Proyecto Sede C\u00e1mara Industrial de Puerto Madryn CIMA \/ Carbone Fernandez Arquitectos - Arquimaster","isPartOf":{"@id":"https:\/\/www.arquimaster.com.ar\/web\/#website"},"primaryImageOfPage":{"@id":"https:\/\/www.arquimaster.com.ar\/web\/proyecto-sede-camara-industrial-de-puerto-madryn-cima-carbone-fernandez-arquitectos\/#primaryimage"},"image":{"@id":"https:\/\/www.arquimaster.com.ar\/web\/proyecto-sede-camara-industrial-de-puerto-madryn-cima-carbone-fernandez-arquitectos\/#primaryimage"},"thumbnailUrl":"https:\/\/www.arquimaster.com.ar\/web\/wp-content\/uploads\/2016\/08\/cima_slide.jpg","datePublished":"2016-08-09T03:49:46+00:00","dateModified":"2026-04-15T19:28:35+00:00","breadcrumb":{"@id":"https:\/\/www.arquimaster.com.ar\/web\/proyecto-sede-camara-industrial-de-puerto-madryn-cima-carbone-fernandez-arquitectos\/#breadcrumb"},"inLanguage":"es","potentialAction":[{"@type":"ReadAction","target":["https:\/\/www.arquimaster.com.ar\/web\/proyecto-sede-camara-industrial-de-puerto-madryn-cima-carbone-fernandez-arquitectos\/"]}]},{"@type":"ImageObject","inLanguage":"es","@id":"https:\/\/www.arquimaster.com.ar\/web\/proyecto-sede-camara-industrial-de-puerto-madryn-cima-carbone-fernandez-arquitectos\/#primaryimage","url":"https:\/\/www.arquimaster.com.ar\/web\/wp-content\/uploads\/2016\/08\/cima_slide.jpg","contentUrl":"https:\/\/www.arquimaster.com.ar\/web\/wp-content\/uploads\/2016\/08\/cima_slide.jpg","width":642,"height":336},{"@type":"BreadcrumbList","@id":"https:\/\/www.arquimaster.com.ar\/web\/proyecto-sede-camara-industrial-de-puerto-madryn-cima-carbone-fernandez-arquitectos\/#breadcrumb","itemListElement":[{"@type":"ListItem","position":1,"name":"Portada","item":"https:\/\/www.arquimaster.com.ar\/web\/"},{"@type":"ListItem","position":2,"name":"Proyecto Sede C\u00e1mara Industrial de Puerto Madryn CIMA \/ Carbone Fernandez Arquitectos"}]},{"@type":"WebSite","@id":"https:\/\/www.arquimaster.com.ar\/web\/#website","url":"https:\/\/www.arquimaster.com.ar\/web\/","name":"Arquimaster","description":"Web de arquitectura, dise\u00f1o y construccion","publisher":{"@id":"https:\/\/www.arquimaster.com.ar\/web\/#organization"},"potentialAction":[{"@type":"SearchAction","target":{"@type":"EntryPoint","urlTemplate":"https:\/\/www.arquimaster.com.ar\/web\/?s={search_term_string}"},"query-input":{"@type":"PropertyValueSpecification","valueRequired":true,"valueName":"search_term_string"}}],"inLanguage":"es"},{"@type":"Organization","@id":"https:\/\/www.arquimaster.com.ar\/web\/#organization","name":"Arquimaster","url":"https:\/\/www.arquimaster.com.ar\/web\/","logo":{"@type":"ImageObject","inLanguage":"es","@id":"https:\/\/www.arquimaster.com.ar\/web\/#\/schema\/logo\/image\/","url":"https:\/\/www.arquimaster.com.ar\/web\/wp-content\/uploads\/2022\/06\/arquimaster.png","contentUrl":"https:\/\/www.arquimaster.com.ar\/web\/wp-content\/uploads\/2022\/06\/arquimaster.png","width":594,"height":78,"caption":"Arquimaster"},"image":{"@id":"https:\/\/www.arquimaster.com.ar\/web\/#\/schema\/logo\/image\/"},"sameAs":["http:\/\/www.facebook.com\/ARQUIMASTER.com.ar","https:\/\/x.com\/arquimaster","https:\/\/www.instagram.com\/arquimasterblog\/","https:\/\/www.linkedin.com\/company\/arquimaster","https:\/\/www.pinterest.com\/arquimaster","https:\/\/t.me\/arquimaster"]},{"@type":"Person","@id":"https:\/\/www.arquimaster.com.ar\/web\/#\/schema\/person\/359e9f7c00193fcde068e0dd2ceb0028","name":"Arquimaster"}]}},"uagb_featured_image_src":{"full":["https:\/\/www.arquimaster.com.ar\/web\/wp-content\/uploads\/2016\/08\/cima_slide.jpg",642,336,false],"thumbnail":["https:\/\/www.arquimaster.com.ar\/web\/wp-content\/uploads\/2016\/08\/cima_slide-150x150.jpg",150,150,true],"medium":["https:\/\/www.arquimaster.com.ar\/web\/wp-content\/uploads\/2016\/08\/cima_slide.jpg",642,336,false],"medium_large":["https:\/\/www.arquimaster.com.ar\/web\/wp-content\/uploads\/2016\/08\/cima_slide.jpg",642,336,false],"large":["https:\/\/www.arquimaster.com.ar\/web\/wp-content\/uploads\/2016\/08\/cima_slide.jpg",642,336,false],"1536x1536":["https:\/\/www.arquimaster.com.ar\/web\/wp-content\/uploads\/2016\/08\/cima_slide.jpg",642,336,false],"2048x2048":["https:\/\/www.arquimaster.com.ar\/web\/wp-content\/uploads\/2016\/08\/cima_slide.jpg",642,336,false]},"uagb_author_info":{"display_name":"Arquimaster","author_link":"https:\/\/www.arquimaster.com.ar\/web\/author\/arquimaster\/"},"uagb_comment_info":0,"uagb_excerpt":"Espacio flexible y articulado tanto en lo funcional como en sus cualidades espaciales...","_links":{"self":[{"href":"https:\/\/www.arquimaster.com.ar\/web\/wp-json\/wp\/v2\/posts\/21906","targetHints":{"allow":["GET"]}}],"collection":[{"href":"https:\/\/www.arquimaster.com.ar\/web\/wp-json\/wp\/v2\/posts"}],"about":[{"href":"https:\/\/www.arquimaster.com.ar\/web\/wp-json\/wp\/v2\/types\/post"}],"author":[{"embeddable":true,"href":"https:\/\/www.arquimaster.com.ar\/web\/wp-json\/wp\/v2\/users\/1"}],"replies":[{"embeddable":true,"href":"https:\/\/www.arquimaster.com.ar\/web\/wp-json\/wp\/v2\/comments?post=21906"}],"version-history":[{"count":2,"href":"https:\/\/www.arquimaster.com.ar\/web\/wp-json\/wp\/v2\/posts\/21906\/revisions"}],"predecessor-version":[{"id":88458,"href":"https:\/\/www.arquimaster.com.ar\/web\/wp-json\/wp\/v2\/posts\/21906\/revisions\/88458"}],"wp:featuredmedia":[{"embeddable":true,"href":"https:\/\/www.arquimaster.com.ar\/web\/wp-json\/wp\/v2\/media\/21907"}],"wp:attachment":[{"href":"https:\/\/www.arquimaster.com.ar\/web\/wp-json\/wp\/v2\/media?parent=21906"}],"wp:term":[{"taxonomy":"category","embeddable":true,"href":"https:\/\/www.arquimaster.com.ar\/web\/wp-json\/wp\/v2\/categories?post=21906"},{"taxonomy":"post_tag","embeddable":true,"href":"https:\/\/www.arquimaster.com.ar\/web\/wp-json\/wp\/v2\/tags?post=21906"}],"curies":[{"name":"wp","href":"https:\/\/api.w.org\/{rel}","templated":true}]}}