{"id":2214,"date":"2014-01-20T21:01:25","date_gmt":"2014-01-21T00:01:25","guid":{"rendered":"http:\/\/www.arquimaster.com.ar\/web\/?p=2214"},"modified":"2026-03-28T22:20:14","modified_gmt":"2026-03-29T01:20:14","slug":"el-indice-construya-cerro-2013-marcando-un-nuevo-record-historico","status":"publish","type":"post","link":"https:\/\/www.arquimaster.com.ar\/web\/el-indice-construya-cerro-2013-marcando-un-nuevo-record-historico\/","title":{"rendered":"El \u00cdndice Construya cerr\u00f3 2013 marcando un nuevo r\u00e9cord hist\u00f3rico"},"content":{"rendered":"<div style=\"margin-top: 0px; margin-bottom: 0px;\" class=\"sharethis-inline-share-buttons\" ><\/div><div class=\"b812932af2e751442846f039925109de\" data-index=\"1\" style=\"float: none; margin:25px 0 25px 0; text-align:center;\">\n<script async src=\"https:\/\/pagead2.googlesyndication.com\/pagead\/js\/adsbygoogle.js\"><\/script>\r\n<!-- Arquimaster (superior) -->\r\n<ins class=\"adsbygoogle\"\r\n     style=\"display:block\"\r\n     data-ad-client=\"ca-pub-6351072698456832\"\r\n     data-ad-slot=\"6455489680\"\r\n     data-ad-format=\"auto\"\r\n     data-full-width-responsive=\"true\"><\/ins>\r\n<script>\r\n     (adsbygoogle = window.adsbygoogle || []).push({});\r\n<\/script>\n<\/div>\n<p><em><strong>El volumen despachado de materiales para la construcci\u00f3n registr\u00f3 un crecimiento de casi 9% con respecto al a\u00f1o anterior.<\/strong><\/em><\/p>\n<div id='gallery-1' class='gallery galleryid-2214 gallery-columns-3 gallery-size-thumbnail'><figure class='gallery-item'>\n\t\t\t<div class='gallery-icon landscape'>\n\t\t\t\t<a href='https:\/\/www.arquimaster.com.ar\/web\/wp-content\/uploads\/2014\/01\/indice_construya2013_1.jpg' title=\"El \u00cdndice Construya cerr\u00f3 2013 marcando un nuevo r\u00e9cord hist\u00f3rico\" data-rl_title=\"El \u00cdndice Construya cerr\u00f3 2013 marcando un nuevo r\u00e9cord hist\u00f3rico\" class=\"rl-gallery-link\" data-rl_caption=\"El \u00cdndice Construya cerr\u00f3 2013 marcando un nuevo r\u00e9cord hist\u00f3rico\" data-rel=\"lightbox-gallery-1\"><img loading=\"lazy\" decoding=\"async\" width=\"150\" height=\"150\" src=\"https:\/\/www.arquimaster.com.ar\/web\/wp-content\/uploads\/2014\/01\/indice_construya2013_1-150x150.jpg\" class=\"attachment-thumbnail size-thumbnail\" alt=\"\" aria-describedby=\"gallery-1-2217\" srcset=\"https:\/\/www.arquimaster.com.ar\/web\/wp-content\/uploads\/2014\/01\/indice_construya2013_1-150x150.jpg 150w, https:\/\/www.arquimaster.com.ar\/web\/wp-content\/uploads\/2014\/01\/indice_construya2013_1-50x50.jpg 50w, https:\/\/www.arquimaster.com.ar\/web\/wp-content\/uploads\/2014\/01\/indice_construya2013_1-125x125.jpg 125w\" sizes=\"auto, (max-width: 150px) 100vw, 150px\" \/><\/a>\n\t\t\t<\/div>\n\t\t\t\t<figcaption class='wp-caption-text gallery-caption' id='gallery-1-2217'>\n\t\t\t\tEl \u00cdndice Construya cerr\u00f3 2013 marcando un nuevo r\u00e9cord hist\u00f3rico\n\t\t\t\t<\/figcaption><\/figure><figure class='gallery-item'>\n\t\t\t<div class='gallery-icon portrait'>\n\t\t\t\t<a href='https:\/\/www.arquimaster.com.ar\/web\/wp-content\/uploads\/2014\/01\/indice_construya2013_2.jpg' title=\"El \u00cdndice Construya cerr\u00f3 2013 marcando un nuevo r\u00e9cord hist\u00f3rico\" data-rl_title=\"El \u00cdndice Construya cerr\u00f3 2013 marcando un nuevo r\u00e9cord hist\u00f3rico\" class=\"rl-gallery-link\" data-rl_caption=\"El \u00cdndice Construya cerr\u00f3 2013 marcando un nuevo r\u00e9cord hist\u00f3rico\" data-rel=\"lightbox-gallery-1\"><img loading=\"lazy\" decoding=\"async\" width=\"150\" height=\"150\" src=\"https:\/\/www.arquimaster.com.ar\/web\/wp-content\/uploads\/2014\/01\/indice_construya2013_2-150x150.jpg\" class=\"attachment-thumbnail size-thumbnail\" alt=\"\" aria-describedby=\"gallery-1-2216\" srcset=\"https:\/\/www.arquimaster.com.ar\/web\/wp-content\/uploads\/2014\/01\/indice_construya2013_2-150x150.jpg 150w, https:\/\/www.arquimaster.com.ar\/web\/wp-content\/uploads\/2014\/01\/indice_construya2013_2-50x50.jpg 50w, https:\/\/www.arquimaster.com.ar\/web\/wp-content\/uploads\/2014\/01\/indice_construya2013_2-125x125.jpg 125w\" sizes=\"auto, (max-width: 150px) 100vw, 150px\" \/><\/a>\n\t\t\t<\/div>\n\t\t\t\t<figcaption class='wp-caption-text gallery-caption' id='gallery-1-2216'>\n\t\t\t\tEl \u00cdndice Construya cerr\u00f3 2013 marcando un nuevo r\u00e9cord hist\u00f3rico\n\t\t\t\t<\/figcaption><\/figure>\n\t\t<\/div>\n\n<p>El <strong>\u00cdndice Construya (IC)<\/strong>, que mide la evoluci\u00f3n de los vol\u00famenes vendidos al sector privado de los productos para la construcci\u00f3n que fabrican las empresas l\u00edderes que conforman el <strong>Grupo Construya<\/strong> (ladrillos cer\u00e1micos, cemento portland, cal, aceros largos, carpinter\u00eda de aluminio, pisos y revestimientos cer\u00e1micos, adhesivos y pastinas, pinturas impermeabilizantes, sanitarios, grifer\u00eda y ca\u00f1os de conducci\u00f3n de agua), cerr\u00f3 2013 con una <strong>suba de 8,7%<\/strong> con respecto a 2012.<\/p>\n<p>En el \u00faltimo a\u00f1o el IC recuper\u00f3 toda la ca\u00edda de 2012 y marc\u00f3 un nuevo r\u00e9cord hist\u00f3rico, superando en 6,5% el m\u00e1ximo alcanzado en 2011. El comportamiento del IC refleja que durante 2013 la actividad de la construcci\u00f3n de viviendas privadas en todo el pa\u00eds sostuvo un nivel de demanda muy alto de la canasta de insumos que provee el Grupo Construya.<\/p>\n<p>Asimismo, cabe destacar que el IC registr\u00f3 en <strong>diciembre<\/strong> un <strong>avance de 10,6%<\/strong> respecto al mismo mes de 2012. En tanto, en la comparaci\u00f3n mensual corregida por estacionalidad se observ\u00f3 una disminuci\u00f3n de 7,66%.<\/p>\n<p><strong>Acerca del Grupo Construya<\/strong><br \/>\nEs una asociaci\u00f3n civil que tiene como objetivo fomentar la construcci\u00f3n y la cultura de la calidad en dicha industria en nuestro pa\u00eds, y agrupa a las empresas nacionales m\u00e1s importantes en la producci\u00f3n y comercializaci\u00f3n de materiales. Fue creada en 2002 y se ha convertido en un referente del sector. Integran la Asociaci\u00f3n: Loma Negra, FV Grifer\u00eda de Alta Tecnolog\u00eda, Cefas &#8211; El Milagro, Later-Cer SA &#8211; Cer\u00e1mica Quilmes SA, entre otras.<\/p>\n\n<div style=\"font-size: 0px; height: 0px; line-height: 0px; margin: 0; padding: 0; clear: both;\"><\/div><div style=\"margin-top: 0px; margin-bottom: 0px;\" class=\"sharethis-inline-share-buttons\" ><\/div>","protected":false},"excerpt":{"rendered":"<p>El volumen despachado de materiales para la construcci\u00f3n registr\u00f3 un crecimiento de casi 9%&#8230;<\/p>\n","protected":false},"author":1,"featured_media":87637,"comment_status":"closed","ping_status":"closed","sticky":false,"template":"","format":"standard","meta":{"_uag_custom_page_level_css":"","footnotes":""},"categories":[40,64],"tags":[529,531,528,503,504,502,47,532,783],"class_list":["post-2214","post","type-post","status-publish","format-standard","has-post-thumbnail","hentry","category-construccion","category-empresas-construccion","tag-costo-por-m2","tag-costos","tag-costos-de-la-construccion","tag-grupo-construya","tag-ic","tag-indice-construya","tag-materiales-de-construccion","tag-precios","tag-volumen-despachado","generate-columns","tablet-grid-50","mobile-grid-100","grid-parent","grid-50"],"yoast_head":"<!-- This site is optimized with the Yoast SEO plugin v27.3 - https:\/\/yoast.com\/product\/yoast-seo-wordpress\/ -->\n<title>El \u00cdndice Construya cerr\u00f3 2013 marcando un nuevo r\u00e9cord hist\u00f3rico - Arquimaster<\/title>\n<meta name=\"robots\" content=\"index, follow, max-snippet:-1, max-image-preview:large, max-video-preview:-1\" \/>\n<link rel=\"canonical\" href=\"https:\/\/www.arquimaster.com.ar\/web\/el-indice-construya-cerro-2013-marcando-un-nuevo-record-historico\/\" \/>\n<meta property=\"og:locale\" content=\"es_ES\" \/>\n<meta property=\"og:type\" content=\"article\" \/>\n<meta property=\"og:title\" content=\"El \u00cdndice Construya cerr\u00f3 2013 marcando un nuevo r\u00e9cord hist\u00f3rico - Arquimaster\" \/>\n<meta property=\"og:description\" content=\"El volumen despachado de materiales para la construcci\u00f3n registr\u00f3 un crecimiento de casi 9%...\" \/>\n<meta property=\"og:url\" content=\"https:\/\/www.arquimaster.com.ar\/web\/el-indice-construya-cerro-2013-marcando-un-nuevo-record-historico\/\" \/>\n<meta property=\"og:site_name\" content=\"Arquimaster\" \/>\n<meta property=\"article:publisher\" content=\"http:\/\/www.facebook.com\/ARQUIMASTER.com.ar\" \/>\n<meta property=\"article:published_time\" content=\"2014-01-21T00:01:25+00:00\" \/>\n<meta property=\"article:modified_time\" content=\"2026-03-29T01:20:14+00:00\" \/>\n<meta property=\"og:image\" content=\"https:\/\/www.arquimaster.com.ar\/web\/wp-content\/uploads\/2014\/07\/construccion_slide.jpg\" \/>\n\t<meta property=\"og:image:width\" content=\"698\" \/>\n\t<meta property=\"og:image:height\" content=\"364\" \/>\n\t<meta property=\"og:image:type\" content=\"image\/jpeg\" \/>\n<meta name=\"author\" content=\"Arquimaster\" \/>\n<meta name=\"twitter:card\" content=\"summary_large_image\" \/>\n<meta name=\"twitter:creator\" content=\"@arquimaster\" \/>\n<meta name=\"twitter:site\" content=\"@arquimaster\" \/>\n<meta name=\"twitter:label1\" content=\"Escrito por\" \/>\n\t<meta name=\"twitter:data1\" content=\"Arquimaster\" \/>\n\t<meta name=\"twitter:label2\" content=\"Tiempo de lectura\" \/>\n\t<meta name=\"twitter:data2\" content=\"2 minutos\" \/>\n<script type=\"application\/ld+json\" class=\"yoast-schema-graph\">{\"@context\":\"https:\\\/\\\/schema.org\",\"@graph\":[{\"@type\":\"Article\",\"@id\":\"https:\\\/\\\/www.arquimaster.com.ar\\\/web\\\/el-indice-construya-cerro-2013-marcando-un-nuevo-record-historico\\\/#article\",\"isPartOf\":{\"@id\":\"https:\\\/\\\/www.arquimaster.com.ar\\\/web\\\/el-indice-construya-cerro-2013-marcando-un-nuevo-record-historico\\\/\"},\"author\":{\"name\":\"Arquimaster\",\"@id\":\"https:\\\/\\\/www.arquimaster.com.ar\\\/web\\\/#\\\/schema\\\/person\\\/359e9f7c00193fcde068e0dd2ceb0028\"},\"headline\":\"El \u00cdndice Construya cerr\u00f3 2013 marcando un nuevo r\u00e9cord hist\u00f3rico\",\"datePublished\":\"2014-01-21T00:01:25+00:00\",\"dateModified\":\"2026-03-29T01:20:14+00:00\",\"mainEntityOfPage\":{\"@id\":\"https:\\\/\\\/www.arquimaster.com.ar\\\/web\\\/el-indice-construya-cerro-2013-marcando-un-nuevo-record-historico\\\/\"},\"wordCount\":296,\"publisher\":{\"@id\":\"https:\\\/\\\/www.arquimaster.com.ar\\\/web\\\/#organization\"},\"image\":{\"@id\":\"https:\\\/\\\/www.arquimaster.com.ar\\\/web\\\/el-indice-construya-cerro-2013-marcando-un-nuevo-record-historico\\\/#primaryimage\"},\"thumbnailUrl\":\"https:\\\/\\\/www.arquimaster.com.ar\\\/web\\\/wp-content\\\/uploads\\\/2014\\\/07\\\/construccion_slide.jpg\",\"keywords\":[\"costo por m2\",\"costos\",\"costos de la construccion\",\"Grupo Construya\",\"IC\",\"\u00cdndice Construya\",\"materiales de construccion\",\"precios\",\"volumen despachado\"],\"articleSection\":[\"Construccion\",\"Empresas de la construccion\"],\"inLanguage\":\"es\"},{\"@type\":\"WebPage\",\"@id\":\"https:\\\/\\\/www.arquimaster.com.ar\\\/web\\\/el-indice-construya-cerro-2013-marcando-un-nuevo-record-historico\\\/\",\"url\":\"https:\\\/\\\/www.arquimaster.com.ar\\\/web\\\/el-indice-construya-cerro-2013-marcando-un-nuevo-record-historico\\\/\",\"name\":\"El \u00cdndice Construya cerr\u00f3 2013 marcando un nuevo r\u00e9cord hist\u00f3rico - Arquimaster\",\"isPartOf\":{\"@id\":\"https:\\\/\\\/www.arquimaster.com.ar\\\/web\\\/#website\"},\"primaryImageOfPage\":{\"@id\":\"https:\\\/\\\/www.arquimaster.com.ar\\\/web\\\/el-indice-construya-cerro-2013-marcando-un-nuevo-record-historico\\\/#primaryimage\"},\"image\":{\"@id\":\"https:\\\/\\\/www.arquimaster.com.ar\\\/web\\\/el-indice-construya-cerro-2013-marcando-un-nuevo-record-historico\\\/#primaryimage\"},\"thumbnailUrl\":\"https:\\\/\\\/www.arquimaster.com.ar\\\/web\\\/wp-content\\\/uploads\\\/2014\\\/07\\\/construccion_slide.jpg\",\"datePublished\":\"2014-01-21T00:01:25+00:00\",\"dateModified\":\"2026-03-29T01:20:14+00:00\",\"breadcrumb\":{\"@id\":\"https:\\\/\\\/www.arquimaster.com.ar\\\/web\\\/el-indice-construya-cerro-2013-marcando-un-nuevo-record-historico\\\/#breadcrumb\"},\"inLanguage\":\"es\",\"potentialAction\":[{\"@type\":\"ReadAction\",\"target\":[\"https:\\\/\\\/www.arquimaster.com.ar\\\/web\\\/el-indice-construya-cerro-2013-marcando-un-nuevo-record-historico\\\/\"]}]},{\"@type\":\"ImageObject\",\"inLanguage\":\"es\",\"@id\":\"https:\\\/\\\/www.arquimaster.com.ar\\\/web\\\/el-indice-construya-cerro-2013-marcando-un-nuevo-record-historico\\\/#primaryimage\",\"url\":\"https:\\\/\\\/www.arquimaster.com.ar\\\/web\\\/wp-content\\\/uploads\\\/2014\\\/07\\\/construccion_slide.jpg\",\"contentUrl\":\"https:\\\/\\\/www.arquimaster.com.ar\\\/web\\\/wp-content\\\/uploads\\\/2014\\\/07\\\/construccion_slide.jpg\",\"width\":698,\"height\":364,\"caption\":\"Costos de la construcci\u00f3n\"},{\"@type\":\"BreadcrumbList\",\"@id\":\"https:\\\/\\\/www.arquimaster.com.ar\\\/web\\\/el-indice-construya-cerro-2013-marcando-un-nuevo-record-historico\\\/#breadcrumb\",\"itemListElement\":[{\"@type\":\"ListItem\",\"position\":1,\"name\":\"Portada\",\"item\":\"https:\\\/\\\/www.arquimaster.com.ar\\\/web\\\/\"},{\"@type\":\"ListItem\",\"position\":2,\"name\":\"El \u00cdndice Construya cerr\u00f3 2013 marcando un nuevo r\u00e9cord hist\u00f3rico\"}]},{\"@type\":\"WebSite\",\"@id\":\"https:\\\/\\\/www.arquimaster.com.ar\\\/web\\\/#website\",\"url\":\"https:\\\/\\\/www.arquimaster.com.ar\\\/web\\\/\",\"name\":\"Arquimaster\",\"description\":\"Web de arquitectura, dise\u00f1o y construccion\",\"publisher\":{\"@id\":\"https:\\\/\\\/www.arquimaster.com.ar\\\/web\\\/#organization\"},\"potentialAction\":[{\"@type\":\"SearchAction\",\"target\":{\"@type\":\"EntryPoint\",\"urlTemplate\":\"https:\\\/\\\/www.arquimaster.com.ar\\\/web\\\/?s={search_term_string}\"},\"query-input\":{\"@type\":\"PropertyValueSpecification\",\"valueRequired\":true,\"valueName\":\"search_term_string\"}}],\"inLanguage\":\"es\"},{\"@type\":\"Organization\",\"@id\":\"https:\\\/\\\/www.arquimaster.com.ar\\\/web\\\/#organization\",\"name\":\"Arquimaster\",\"url\":\"https:\\\/\\\/www.arquimaster.com.ar\\\/web\\\/\",\"logo\":{\"@type\":\"ImageObject\",\"inLanguage\":\"es\",\"@id\":\"https:\\\/\\\/www.arquimaster.com.ar\\\/web\\\/#\\\/schema\\\/logo\\\/image\\\/\",\"url\":\"https:\\\/\\\/www.arquimaster.com.ar\\\/web\\\/wp-content\\\/uploads\\\/2022\\\/06\\\/arquimaster.png\",\"contentUrl\":\"https:\\\/\\\/www.arquimaster.com.ar\\\/web\\\/wp-content\\\/uploads\\\/2022\\\/06\\\/arquimaster.png\",\"width\":594,\"height\":78,\"caption\":\"Arquimaster\"},\"image\":{\"@id\":\"https:\\\/\\\/www.arquimaster.com.ar\\\/web\\\/#\\\/schema\\\/logo\\\/image\\\/\"},\"sameAs\":[\"http:\\\/\\\/www.facebook.com\\\/ARQUIMASTER.com.ar\",\"https:\\\/\\\/x.com\\\/arquimaster\",\"https:\\\/\\\/www.instagram.com\\\/arquimasterblog\\\/\",\"https:\\\/\\\/www.linkedin.com\\\/company\\\/arquimaster\",\"https:\\\/\\\/www.pinterest.com\\\/arquimaster\",\"https:\\\/\\\/t.me\\\/arquimaster\"]},{\"@type\":\"Person\",\"@id\":\"https:\\\/\\\/www.arquimaster.com.ar\\\/web\\\/#\\\/schema\\\/person\\\/359e9f7c00193fcde068e0dd2ceb0028\",\"name\":\"Arquimaster\"}]}<\/script>\n<!-- \/ Yoast SEO plugin. -->","yoast_head_json":{"title":"El \u00cdndice Construya cerr\u00f3 2013 marcando un nuevo r\u00e9cord hist\u00f3rico - Arquimaster","robots":{"index":"index","follow":"follow","max-snippet":"max-snippet:-1","max-image-preview":"max-image-preview:large","max-video-preview":"max-video-preview:-1"},"canonical":"https:\/\/www.arquimaster.com.ar\/web\/el-indice-construya-cerro-2013-marcando-un-nuevo-record-historico\/","og_locale":"es_ES","og_type":"article","og_title":"El \u00cdndice Construya cerr\u00f3 2013 marcando un nuevo r\u00e9cord hist\u00f3rico - Arquimaster","og_description":"El volumen despachado de materiales para la construcci\u00f3n registr\u00f3 un crecimiento de casi 9%...","og_url":"https:\/\/www.arquimaster.com.ar\/web\/el-indice-construya-cerro-2013-marcando-un-nuevo-record-historico\/","og_site_name":"Arquimaster","article_publisher":"http:\/\/www.facebook.com\/ARQUIMASTER.com.ar","article_published_time":"2014-01-21T00:01:25+00:00","article_modified_time":"2026-03-29T01:20:14+00:00","og_image":[{"width":698,"height":364,"url":"https:\/\/www.arquimaster.com.ar\/web\/wp-content\/uploads\/2014\/07\/construccion_slide.jpg","type":"image\/jpeg"}],"author":"Arquimaster","twitter_card":"summary_large_image","twitter_creator":"@arquimaster","twitter_site":"@arquimaster","twitter_misc":{"Escrito por":"Arquimaster","Tiempo de lectura":"2 minutos"},"schema":{"@context":"https:\/\/schema.org","@graph":[{"@type":"Article","@id":"https:\/\/www.arquimaster.com.ar\/web\/el-indice-construya-cerro-2013-marcando-un-nuevo-record-historico\/#article","isPartOf":{"@id":"https:\/\/www.arquimaster.com.ar\/web\/el-indice-construya-cerro-2013-marcando-un-nuevo-record-historico\/"},"author":{"name":"Arquimaster","@id":"https:\/\/www.arquimaster.com.ar\/web\/#\/schema\/person\/359e9f7c00193fcde068e0dd2ceb0028"},"headline":"El \u00cdndice Construya cerr\u00f3 2013 marcando un nuevo r\u00e9cord hist\u00f3rico","datePublished":"2014-01-21T00:01:25+00:00","dateModified":"2026-03-29T01:20:14+00:00","mainEntityOfPage":{"@id":"https:\/\/www.arquimaster.com.ar\/web\/el-indice-construya-cerro-2013-marcando-un-nuevo-record-historico\/"},"wordCount":296,"publisher":{"@id":"https:\/\/www.arquimaster.com.ar\/web\/#organization"},"image":{"@id":"https:\/\/www.arquimaster.com.ar\/web\/el-indice-construya-cerro-2013-marcando-un-nuevo-record-historico\/#primaryimage"},"thumbnailUrl":"https:\/\/www.arquimaster.com.ar\/web\/wp-content\/uploads\/2014\/07\/construccion_slide.jpg","keywords":["costo por m2","costos","costos de la construccion","Grupo Construya","IC","\u00cdndice Construya","materiales de construccion","precios","volumen despachado"],"articleSection":["Construccion","Empresas de la construccion"],"inLanguage":"es"},{"@type":"WebPage","@id":"https:\/\/www.arquimaster.com.ar\/web\/el-indice-construya-cerro-2013-marcando-un-nuevo-record-historico\/","url":"https:\/\/www.arquimaster.com.ar\/web\/el-indice-construya-cerro-2013-marcando-un-nuevo-record-historico\/","name":"El \u00cdndice Construya cerr\u00f3 2013 marcando un nuevo r\u00e9cord hist\u00f3rico - Arquimaster","isPartOf":{"@id":"https:\/\/www.arquimaster.com.ar\/web\/#website"},"primaryImageOfPage":{"@id":"https:\/\/www.arquimaster.com.ar\/web\/el-indice-construya-cerro-2013-marcando-un-nuevo-record-historico\/#primaryimage"},"image":{"@id":"https:\/\/www.arquimaster.com.ar\/web\/el-indice-construya-cerro-2013-marcando-un-nuevo-record-historico\/#primaryimage"},"thumbnailUrl":"https:\/\/www.arquimaster.com.ar\/web\/wp-content\/uploads\/2014\/07\/construccion_slide.jpg","datePublished":"2014-01-21T00:01:25+00:00","dateModified":"2026-03-29T01:20:14+00:00","breadcrumb":{"@id":"https:\/\/www.arquimaster.com.ar\/web\/el-indice-construya-cerro-2013-marcando-un-nuevo-record-historico\/#breadcrumb"},"inLanguage":"es","potentialAction":[{"@type":"ReadAction","target":["https:\/\/www.arquimaster.com.ar\/web\/el-indice-construya-cerro-2013-marcando-un-nuevo-record-historico\/"]}]},{"@type":"ImageObject","inLanguage":"es","@id":"https:\/\/www.arquimaster.com.ar\/web\/el-indice-construya-cerro-2013-marcando-un-nuevo-record-historico\/#primaryimage","url":"https:\/\/www.arquimaster.com.ar\/web\/wp-content\/uploads\/2014\/07\/construccion_slide.jpg","contentUrl":"https:\/\/www.arquimaster.com.ar\/web\/wp-content\/uploads\/2014\/07\/construccion_slide.jpg","width":698,"height":364,"caption":"Costos de la construcci\u00f3n"},{"@type":"BreadcrumbList","@id":"https:\/\/www.arquimaster.com.ar\/web\/el-indice-construya-cerro-2013-marcando-un-nuevo-record-historico\/#breadcrumb","itemListElement":[{"@type":"ListItem","position":1,"name":"Portada","item":"https:\/\/www.arquimaster.com.ar\/web\/"},{"@type":"ListItem","position":2,"name":"El \u00cdndice Construya cerr\u00f3 2013 marcando un nuevo r\u00e9cord hist\u00f3rico"}]},{"@type":"WebSite","@id":"https:\/\/www.arquimaster.com.ar\/web\/#website","url":"https:\/\/www.arquimaster.com.ar\/web\/","name":"Arquimaster","description":"Web de arquitectura, dise\u00f1o y construccion","publisher":{"@id":"https:\/\/www.arquimaster.com.ar\/web\/#organization"},"potentialAction":[{"@type":"SearchAction","target":{"@type":"EntryPoint","urlTemplate":"https:\/\/www.arquimaster.com.ar\/web\/?s={search_term_string}"},"query-input":{"@type":"PropertyValueSpecification","valueRequired":true,"valueName":"search_term_string"}}],"inLanguage":"es"},{"@type":"Organization","@id":"https:\/\/www.arquimaster.com.ar\/web\/#organization","name":"Arquimaster","url":"https:\/\/www.arquimaster.com.ar\/web\/","logo":{"@type":"ImageObject","inLanguage":"es","@id":"https:\/\/www.arquimaster.com.ar\/web\/#\/schema\/logo\/image\/","url":"https:\/\/www.arquimaster.com.ar\/web\/wp-content\/uploads\/2022\/06\/arquimaster.png","contentUrl":"https:\/\/www.arquimaster.com.ar\/web\/wp-content\/uploads\/2022\/06\/arquimaster.png","width":594,"height":78,"caption":"Arquimaster"},"image":{"@id":"https:\/\/www.arquimaster.com.ar\/web\/#\/schema\/logo\/image\/"},"sameAs":["http:\/\/www.facebook.com\/ARQUIMASTER.com.ar","https:\/\/x.com\/arquimaster","https:\/\/www.instagram.com\/arquimasterblog\/","https:\/\/www.linkedin.com\/company\/arquimaster","https:\/\/www.pinterest.com\/arquimaster","https:\/\/t.me\/arquimaster"]},{"@type":"Person","@id":"https:\/\/www.arquimaster.com.ar\/web\/#\/schema\/person\/359e9f7c00193fcde068e0dd2ceb0028","name":"Arquimaster"}]}},"uagb_featured_image_src":{"full":["https:\/\/www.arquimaster.com.ar\/web\/wp-content\/uploads\/2014\/07\/construccion_slide.jpg",698,364,false],"thumbnail":["https:\/\/www.arquimaster.com.ar\/web\/wp-content\/uploads\/2014\/07\/construccion_slide-150x150.jpg",150,150,true],"medium":["https:\/\/www.arquimaster.com.ar\/web\/wp-content\/uploads\/2014\/07\/construccion_slide.jpg",698,364,false],"medium_large":["https:\/\/www.arquimaster.com.ar\/web\/wp-content\/uploads\/2014\/07\/construccion_slide.jpg",698,364,false],"large":["https:\/\/www.arquimaster.com.ar\/web\/wp-content\/uploads\/2014\/07\/construccion_slide.jpg",698,364,false],"1536x1536":["https:\/\/www.arquimaster.com.ar\/web\/wp-content\/uploads\/2014\/07\/construccion_slide.jpg",698,364,false],"2048x2048":["https:\/\/www.arquimaster.com.ar\/web\/wp-content\/uploads\/2014\/07\/construccion_slide.jpg",698,364,false]},"uagb_author_info":{"display_name":"Arquimaster","author_link":"https:\/\/www.arquimaster.com.ar\/web\/author\/arquimaster\/"},"uagb_comment_info":0,"uagb_excerpt":"El volumen despachado de materiales para la construcci\u00f3n registr\u00f3 un crecimiento de casi 9%...","_links":{"self":[{"href":"https:\/\/www.arquimaster.com.ar\/web\/wp-json\/wp\/v2\/posts\/2214","targetHints":{"allow":["GET"]}}],"collection":[{"href":"https:\/\/www.arquimaster.com.ar\/web\/wp-json\/wp\/v2\/posts"}],"about":[{"href":"https:\/\/www.arquimaster.com.ar\/web\/wp-json\/wp\/v2\/types\/post"}],"author":[{"embeddable":true,"href":"https:\/\/www.arquimaster.com.ar\/web\/wp-json\/wp\/v2\/users\/1"}],"replies":[{"embeddable":true,"href":"https:\/\/www.arquimaster.com.ar\/web\/wp-json\/wp\/v2\/comments?post=2214"}],"version-history":[{"count":2,"href":"https:\/\/www.arquimaster.com.ar\/web\/wp-json\/wp\/v2\/posts\/2214\/revisions"}],"predecessor-version":[{"id":88094,"href":"https:\/\/www.arquimaster.com.ar\/web\/wp-json\/wp\/v2\/posts\/2214\/revisions\/88094"}],"wp:featuredmedia":[{"embeddable":true,"href":"https:\/\/www.arquimaster.com.ar\/web\/wp-json\/wp\/v2\/media\/87637"}],"wp:attachment":[{"href":"https:\/\/www.arquimaster.com.ar\/web\/wp-json\/wp\/v2\/media?parent=2214"}],"wp:term":[{"taxonomy":"category","embeddable":true,"href":"https:\/\/www.arquimaster.com.ar\/web\/wp-json\/wp\/v2\/categories?post=2214"},{"taxonomy":"post_tag","embeddable":true,"href":"https:\/\/www.arquimaster.com.ar\/web\/wp-json\/wp\/v2\/tags?post=2214"}],"curies":[{"name":"wp","href":"https:\/\/api.w.org\/{rel}","templated":true}]}}