{"id":22191,"date":"2016-09-05T02:48:01","date_gmt":"2016-09-05T02:48:01","guid":{"rendered":"http:\/\/www.arquimaster.com.ar\/web\/?p=22191"},"modified":"2016-09-28T03:45:54","modified_gmt":"2016-09-28T03:45:54","slug":"edificios-de-viviendas-pro-cre-ar-en-santiago-del-estero-estudio-aisenson-estudio-alberto-varas-asociados-atilio-pentimalli","status":"publish","type":"post","link":"https:\/\/www.arquimaster.com.ar\/web\/edificios-de-viviendas-pro-cre-ar-en-santiago-del-estero-estudio-aisenson-estudio-alberto-varas-asociados-atilio-pentimalli\/","title":{"rendered":"Edificios de Viviendas PRO.CRE.AR. en Santiago del Estero \/ Estudio Aisenson + Estudio Alberto Varas &#038; Asociados + Atilio Pentimalli"},"content":{"rendered":"<div style=\"margin-top: 0px; margin-bottom: 0px;\" class=\"sharethis-inline-share-buttons\" ><\/div><div class=\"b812932af2e751442846f039925109de\" data-index=\"1\" style=\"float: none; margin:25px 0 25px 0; text-align:center;\">\n<script async src=\"https:\/\/pagead2.googlesyndication.com\/pagead\/js\/adsbygoogle.js\"><\/script>\r\n<!-- Arquimaster (superior) -->\r\n<ins class=\"adsbygoogle\"\r\n     style=\"display:block\"\r\n     data-ad-client=\"ca-pub-6351072698456832\"\r\n     data-ad-slot=\"6455489680\"\r\n     data-ad-format=\"auto\"\r\n     data-full-width-responsive=\"true\"><\/ins>\r\n<script>\r\n     (adsbygoogle = window.adsbygoogle || []).push({});\r\n<\/script>\n<\/div>\n<p><strong>Proyecto para Edificios de Viviendas PRO.CRE.AR. en Santiago del Estero<\/strong> (Pcia. de Santiago del Estero, Argentina) por <strong>Estudio Aisenson + Estudio Alberto Varas &amp; Asociados + Atilio Pentimalli<\/strong>. Primer Premio en el Concurso de Viviendas en el marco del Plan Nacional de Viviendas PRO.CRE.AR. para un conjunto de cuatro edificios en la Ciudad de Santiago del Estero que incluye un redise\u00f1o de las \u00e1reas comunes, de la planta baja, de las tipolog\u00edas y de la imagen general de la obra.<\/p>\n<div id='gallery-1' class='gallery galleryid-22191 gallery-columns-3 gallery-size-thumbnail'><figure class='gallery-item'>\n\t\t\t<div class='gallery-icon landscape'>\n\t\t\t\t<a href='https:\/\/www.arquimaster.com.ar\/web\/wp-content\/uploads\/2016\/09\/procrear_santiago1.jpg' title=\"Edificios de Viviendas PRO.CRE.AR. en Santiago del Estero \/ Estudio Aisenson + Estudio Alberto Varas &amp; Asociados + Atilio Pentimalli\" data-rl_title=\"Edificios de Viviendas PRO.CRE.AR. en Santiago del Estero \/ Estudio Aisenson + Estudio Alberto Varas &amp; Asociados + Atilio Pentimalli\" class=\"rl-gallery-link\" data-rl_caption=\"Edificios de Viviendas PRO.CRE.AR. en Santiago del Estero \/ Estudio Aisenson + Estudio Alberto Varas &amp; Asociados + Atilio Pentimalli\" data-rel=\"lightbox-gallery-1\"><img loading=\"lazy\" decoding=\"async\" width=\"150\" height=\"150\" src=\"https:\/\/www.arquimaster.com.ar\/web\/wp-content\/uploads\/2016\/09\/procrear_santiago1-150x150.jpg\" class=\"attachment-thumbnail size-thumbnail\" alt=\"\" aria-describedby=\"gallery-1-22193\" srcset=\"https:\/\/www.arquimaster.com.ar\/web\/wp-content\/uploads\/2016\/09\/procrear_santiago1-150x150.jpg 150w, https:\/\/www.arquimaster.com.ar\/web\/wp-content\/uploads\/2016\/09\/procrear_santiago1-50x50.jpg 50w, https:\/\/www.arquimaster.com.ar\/web\/wp-content\/uploads\/2016\/09\/procrear_santiago1-125x125.jpg 125w\" sizes=\"auto, (max-width: 150px) 100vw, 150px\" \/><\/a>\n\t\t\t<\/div>\n\t\t\t\t<figcaption class='wp-caption-text gallery-caption' id='gallery-1-22193'>\n\t\t\t\tEdificios de Viviendas PRO.CRE.AR. en Santiago del Estero \/ Estudio Aisenson + Estudio Alberto Varas &#038; Asociados + Atilio Pentimalli\n\t\t\t\t<\/figcaption><\/figure><figure class='gallery-item'>\n\t\t\t<div class='gallery-icon landscape'>\n\t\t\t\t<a href='https:\/\/www.arquimaster.com.ar\/web\/wp-content\/uploads\/2016\/09\/procrear_santiago2.jpg' title=\"Edificios de Viviendas PRO.CRE.AR. en Santiago del Estero \/ Estudio Aisenson + Estudio Alberto Varas &amp; Asociados + Atilio Pentimalli\" data-rl_title=\"Edificios de Viviendas PRO.CRE.AR. en Santiago del Estero \/ Estudio Aisenson + Estudio Alberto Varas &amp; Asociados + Atilio Pentimalli\" class=\"rl-gallery-link\" data-rl_caption=\"Edificios de Viviendas PRO.CRE.AR. en Santiago del Estero \/ Estudio Aisenson + Estudio Alberto Varas &amp; Asociados + Atilio Pentimalli\" data-rel=\"lightbox-gallery-1\"><img loading=\"lazy\" decoding=\"async\" width=\"150\" height=\"150\" src=\"https:\/\/www.arquimaster.com.ar\/web\/wp-content\/uploads\/2016\/09\/procrear_santiago2-150x150.jpg\" class=\"attachment-thumbnail size-thumbnail\" alt=\"\" aria-describedby=\"gallery-1-22194\" srcset=\"https:\/\/www.arquimaster.com.ar\/web\/wp-content\/uploads\/2016\/09\/procrear_santiago2-150x150.jpg 150w, https:\/\/www.arquimaster.com.ar\/web\/wp-content\/uploads\/2016\/09\/procrear_santiago2-50x50.jpg 50w, https:\/\/www.arquimaster.com.ar\/web\/wp-content\/uploads\/2016\/09\/procrear_santiago2-125x125.jpg 125w\" sizes=\"auto, (max-width: 150px) 100vw, 150px\" \/><\/a>\n\t\t\t<\/div>\n\t\t\t\t<figcaption class='wp-caption-text gallery-caption' id='gallery-1-22194'>\n\t\t\t\tEdificios de Viviendas PRO.CRE.AR. en Santiago del Estero \/ Estudio Aisenson + Estudio Alberto Varas &#038; Asociados + Atilio Pentimalli\n\t\t\t\t<\/figcaption><\/figure><figure class='gallery-item'>\n\t\t\t<div class='gallery-icon landscape'>\n\t\t\t\t<a href='https:\/\/www.arquimaster.com.ar\/web\/wp-content\/uploads\/2016\/09\/procrear_santiago3.jpg' title=\"Edificios de Viviendas PRO.CRE.AR. en Santiago del Estero \/ Estudio Aisenson + Estudio Alberto Varas &amp; Asociados + Atilio Pentimalli\" data-rl_title=\"Edificios de Viviendas PRO.CRE.AR. en Santiago del Estero \/ Estudio Aisenson + Estudio Alberto Varas &amp; Asociados + Atilio Pentimalli\" class=\"rl-gallery-link\" data-rl_caption=\"Edificios de Viviendas PRO.CRE.AR. en Santiago del Estero \/ Estudio Aisenson + Estudio Alberto Varas &amp; Asociados + Atilio Pentimalli\" data-rel=\"lightbox-gallery-1\"><img loading=\"lazy\" decoding=\"async\" width=\"150\" height=\"150\" src=\"https:\/\/www.arquimaster.com.ar\/web\/wp-content\/uploads\/2016\/09\/procrear_santiago3-150x150.jpg\" class=\"attachment-thumbnail size-thumbnail\" alt=\"\" aria-describedby=\"gallery-1-22195\" srcset=\"https:\/\/www.arquimaster.com.ar\/web\/wp-content\/uploads\/2016\/09\/procrear_santiago3-150x150.jpg 150w, https:\/\/www.arquimaster.com.ar\/web\/wp-content\/uploads\/2016\/09\/procrear_santiago3-50x50.jpg 50w, https:\/\/www.arquimaster.com.ar\/web\/wp-content\/uploads\/2016\/09\/procrear_santiago3-125x125.jpg 125w\" sizes=\"auto, (max-width: 150px) 100vw, 150px\" \/><\/a>\n\t\t\t<\/div>\n\t\t\t\t<figcaption class='wp-caption-text gallery-caption' id='gallery-1-22195'>\n\t\t\t\tEdificios de Viviendas PRO.CRE.AR. en Santiago del Estero \/ Estudio Aisenson + Estudio Alberto Varas &#038; Asociados + Atilio Pentimalli\n\t\t\t\t<\/figcaption><\/figure><figure class='gallery-item'>\n\t\t\t<div class='gallery-icon landscape'>\n\t\t\t\t<a href='https:\/\/www.arquimaster.com.ar\/web\/wp-content\/uploads\/2016\/09\/procrear_santiago4.jpg' title=\"Edificios de Viviendas PRO.CRE.AR. en Santiago del Estero \/ Estudio Aisenson + Estudio Alberto Varas &amp; Asociados + Atilio Pentimalli\" data-rl_title=\"Edificios de Viviendas PRO.CRE.AR. en Santiago del Estero \/ Estudio Aisenson + Estudio Alberto Varas &amp; Asociados + Atilio Pentimalli\" class=\"rl-gallery-link\" data-rl_caption=\"Edificios de Viviendas PRO.CRE.AR. en Santiago del Estero \/ Estudio Aisenson + Estudio Alberto Varas &amp; Asociados + Atilio Pentimalli\" data-rel=\"lightbox-gallery-1\"><img loading=\"lazy\" decoding=\"async\" width=\"150\" height=\"150\" src=\"https:\/\/www.arquimaster.com.ar\/web\/wp-content\/uploads\/2016\/09\/procrear_santiago4-150x150.jpg\" class=\"attachment-thumbnail size-thumbnail\" alt=\"\" aria-describedby=\"gallery-1-22196\" srcset=\"https:\/\/www.arquimaster.com.ar\/web\/wp-content\/uploads\/2016\/09\/procrear_santiago4-150x150.jpg 150w, https:\/\/www.arquimaster.com.ar\/web\/wp-content\/uploads\/2016\/09\/procrear_santiago4-50x50.jpg 50w, https:\/\/www.arquimaster.com.ar\/web\/wp-content\/uploads\/2016\/09\/procrear_santiago4-125x125.jpg 125w\" sizes=\"auto, (max-width: 150px) 100vw, 150px\" \/><\/a>\n\t\t\t<\/div>\n\t\t\t\t<figcaption class='wp-caption-text gallery-caption' id='gallery-1-22196'>\n\t\t\t\tEdificios de Viviendas PRO.CRE.AR. en Santiago del Estero \/ Estudio Aisenson + Estudio Alberto Varas &#038; Asociados + Atilio Pentimalli\n\t\t\t\t<\/figcaption><\/figure><figure class='gallery-item'>\n\t\t\t<div class='gallery-icon landscape'>\n\t\t\t\t<a href='https:\/\/www.arquimaster.com.ar\/web\/wp-content\/uploads\/2016\/09\/procrear_santiago5.jpg' title=\"Edificios de Viviendas PRO.CRE.AR. en Santiago del Estero \/ Estudio Aisenson + Estudio Alberto Varas &amp; Asociados + Atilio Pentimalli\" data-rl_title=\"Edificios de Viviendas PRO.CRE.AR. en Santiago del Estero \/ Estudio Aisenson + Estudio Alberto Varas &amp; Asociados + Atilio Pentimalli\" class=\"rl-gallery-link\" data-rl_caption=\"Edificios de Viviendas PRO.CRE.AR. en Santiago del Estero \/ Estudio Aisenson + Estudio Alberto Varas &amp; Asociados + Atilio Pentimalli\" data-rel=\"lightbox-gallery-1\"><img loading=\"lazy\" decoding=\"async\" width=\"150\" height=\"150\" src=\"https:\/\/www.arquimaster.com.ar\/web\/wp-content\/uploads\/2016\/09\/procrear_santiago5-150x150.jpg\" class=\"attachment-thumbnail size-thumbnail\" alt=\"\" aria-describedby=\"gallery-1-22197\" srcset=\"https:\/\/www.arquimaster.com.ar\/web\/wp-content\/uploads\/2016\/09\/procrear_santiago5-150x150.jpg 150w, https:\/\/www.arquimaster.com.ar\/web\/wp-content\/uploads\/2016\/09\/procrear_santiago5-50x50.jpg 50w, https:\/\/www.arquimaster.com.ar\/web\/wp-content\/uploads\/2016\/09\/procrear_santiago5-125x125.jpg 125w\" sizes=\"auto, (max-width: 150px) 100vw, 150px\" \/><\/a>\n\t\t\t<\/div>\n\t\t\t\t<figcaption class='wp-caption-text gallery-caption' id='gallery-1-22197'>\n\t\t\t\tEdificios de Viviendas PRO.CRE.AR. en Santiago del Estero \/ Estudio Aisenson + Estudio Alberto Varas &#038; Asociados + Atilio Pentimalli\n\t\t\t\t<\/figcaption><\/figure><figure class='gallery-item'>\n\t\t\t<div class='gallery-icon landscape'>\n\t\t\t\t<a href='https:\/\/www.arquimaster.com.ar\/web\/wp-content\/uploads\/2016\/09\/procrear_santiago6.jpg' title=\"Edificios de Viviendas PRO.CRE.AR. en Santiago del Estero \/ Estudio Aisenson + Estudio Alberto Varas &amp; Asociados + Atilio Pentimalli\" data-rl_title=\"Edificios de Viviendas PRO.CRE.AR. en Santiago del Estero \/ Estudio Aisenson + Estudio Alberto Varas &amp; Asociados + Atilio Pentimalli\" class=\"rl-gallery-link\" data-rl_caption=\"Edificios de Viviendas PRO.CRE.AR. en Santiago del Estero \/ Estudio Aisenson + Estudio Alberto Varas &amp; Asociados + Atilio Pentimalli\" data-rel=\"lightbox-gallery-1\"><img loading=\"lazy\" decoding=\"async\" width=\"150\" height=\"150\" src=\"https:\/\/www.arquimaster.com.ar\/web\/wp-content\/uploads\/2016\/09\/procrear_santiago6-150x150.jpg\" class=\"attachment-thumbnail size-thumbnail\" alt=\"\" aria-describedby=\"gallery-1-22198\" srcset=\"https:\/\/www.arquimaster.com.ar\/web\/wp-content\/uploads\/2016\/09\/procrear_santiago6-150x150.jpg 150w, https:\/\/www.arquimaster.com.ar\/web\/wp-content\/uploads\/2016\/09\/procrear_santiago6-50x50.jpg 50w, https:\/\/www.arquimaster.com.ar\/web\/wp-content\/uploads\/2016\/09\/procrear_santiago6-125x125.jpg 125w\" sizes=\"auto, (max-width: 150px) 100vw, 150px\" \/><\/a>\n\t\t\t<\/div>\n\t\t\t\t<figcaption class='wp-caption-text gallery-caption' id='gallery-1-22198'>\n\t\t\t\tEdificios de Viviendas PRO.CRE.AR. en Santiago del Estero \/ Estudio Aisenson + Estudio Alberto Varas &#038; Asociados + Atilio Pentimalli\n\t\t\t\t<\/figcaption><\/figure><figure class='gallery-item'>\n\t\t\t<div class='gallery-icon landscape'>\n\t\t\t\t<a href='https:\/\/www.arquimaster.com.ar\/web\/wp-content\/uploads\/2016\/09\/procrear_santiago7.jpg' title=\"Edificios de Viviendas PRO.CRE.AR. en Santiago del Estero \/ Estudio Aisenson + Estudio Alberto Varas &amp; Asociados + Atilio Pentimalli\" data-rl_title=\"Edificios de Viviendas PRO.CRE.AR. en Santiago del Estero \/ Estudio Aisenson + Estudio Alberto Varas &amp; Asociados + Atilio Pentimalli\" class=\"rl-gallery-link\" data-rl_caption=\"Edificios de Viviendas PRO.CRE.AR. en Santiago del Estero \/ Estudio Aisenson + Estudio Alberto Varas &amp; Asociados + Atilio Pentimalli\" data-rel=\"lightbox-gallery-1\"><img loading=\"lazy\" decoding=\"async\" width=\"150\" height=\"150\" src=\"https:\/\/www.arquimaster.com.ar\/web\/wp-content\/uploads\/2016\/09\/procrear_santiago7-150x150.jpg\" class=\"attachment-thumbnail size-thumbnail\" alt=\"\" aria-describedby=\"gallery-1-22199\" srcset=\"https:\/\/www.arquimaster.com.ar\/web\/wp-content\/uploads\/2016\/09\/procrear_santiago7-150x150.jpg 150w, https:\/\/www.arquimaster.com.ar\/web\/wp-content\/uploads\/2016\/09\/procrear_santiago7-50x50.jpg 50w, https:\/\/www.arquimaster.com.ar\/web\/wp-content\/uploads\/2016\/09\/procrear_santiago7-125x125.jpg 125w\" sizes=\"auto, (max-width: 150px) 100vw, 150px\" \/><\/a>\n\t\t\t<\/div>\n\t\t\t\t<figcaption class='wp-caption-text gallery-caption' id='gallery-1-22199'>\n\t\t\t\tEdificios de Viviendas PRO.CRE.AR. en Santiago del Estero \/ Estudio Aisenson + Estudio Alberto Varas &#038; Asociados + Atilio Pentimalli\n\t\t\t\t<\/figcaption><\/figure><figure class='gallery-item'>\n\t\t\t<div class='gallery-icon landscape'>\n\t\t\t\t<a href='https:\/\/www.arquimaster.com.ar\/web\/wp-content\/uploads\/2016\/09\/procrear_santiago8.jpg' title=\"Edificios de Viviendas PRO.CRE.AR. en Santiago del Estero \/ Estudio Aisenson + Estudio Alberto Varas &amp; Asociados + Atilio Pentimalli\" data-rl_title=\"Edificios de Viviendas PRO.CRE.AR. en Santiago del Estero \/ Estudio Aisenson + Estudio Alberto Varas &amp; Asociados + Atilio Pentimalli\" class=\"rl-gallery-link\" data-rl_caption=\"Edificios de Viviendas PRO.CRE.AR. en Santiago del Estero \/ Estudio Aisenson + Estudio Alberto Varas &amp; Asociados + Atilio Pentimalli\" data-rel=\"lightbox-gallery-1\"><img loading=\"lazy\" decoding=\"async\" width=\"150\" height=\"150\" src=\"https:\/\/www.arquimaster.com.ar\/web\/wp-content\/uploads\/2016\/09\/procrear_santiago8-150x150.jpg\" class=\"attachment-thumbnail size-thumbnail\" alt=\"\" aria-describedby=\"gallery-1-22200\" srcset=\"https:\/\/www.arquimaster.com.ar\/web\/wp-content\/uploads\/2016\/09\/procrear_santiago8-150x150.jpg 150w, https:\/\/www.arquimaster.com.ar\/web\/wp-content\/uploads\/2016\/09\/procrear_santiago8-50x50.jpg 50w, https:\/\/www.arquimaster.com.ar\/web\/wp-content\/uploads\/2016\/09\/procrear_santiago8-125x125.jpg 125w\" sizes=\"auto, (max-width: 150px) 100vw, 150px\" \/><\/a>\n\t\t\t<\/div>\n\t\t\t\t<figcaption class='wp-caption-text gallery-caption' id='gallery-1-22200'>\n\t\t\t\tEdificios de Viviendas PRO.CRE.AR. en Santiago del Estero \/ Estudio Aisenson + Estudio Alberto Varas &#038; Asociados + Atilio Pentimalli\n\t\t\t\t<\/figcaption><\/figure><figure class='gallery-item'>\n\t\t\t<div class='gallery-icon landscape'>\n\t\t\t\t<a href='https:\/\/www.arquimaster.com.ar\/web\/wp-content\/uploads\/2016\/09\/procrear_santiago9.jpg' title=\"Edificios de Viviendas PRO.CRE.AR. en Santiago del Estero \/ Estudio Aisenson + Estudio Alberto Varas &amp; Asociados + Atilio Pentimalli (implantacion)\" data-rl_title=\"Edificios de Viviendas PRO.CRE.AR. en Santiago del Estero \/ Estudio Aisenson + Estudio Alberto Varas &amp; Asociados + Atilio Pentimalli (implantacion)\" class=\"rl-gallery-link\" data-rl_caption=\"Edificios de Viviendas PRO.CRE.AR. en Santiago del Estero \/ Estudio Aisenson + Estudio Alberto Varas &amp; Asociados + Atilio Pentimalli (implantacion)\" data-rel=\"lightbox-gallery-1\"><img loading=\"lazy\" decoding=\"async\" width=\"150\" height=\"150\" src=\"https:\/\/www.arquimaster.com.ar\/web\/wp-content\/uploads\/2016\/09\/procrear_santiago9-150x150.jpg\" class=\"attachment-thumbnail size-thumbnail\" alt=\"\" aria-describedby=\"gallery-1-22201\" srcset=\"https:\/\/www.arquimaster.com.ar\/web\/wp-content\/uploads\/2016\/09\/procrear_santiago9-150x150.jpg 150w, https:\/\/www.arquimaster.com.ar\/web\/wp-content\/uploads\/2016\/09\/procrear_santiago9-50x50.jpg 50w, https:\/\/www.arquimaster.com.ar\/web\/wp-content\/uploads\/2016\/09\/procrear_santiago9-125x125.jpg 125w\" sizes=\"auto, (max-width: 150px) 100vw, 150px\" \/><\/a>\n\t\t\t<\/div>\n\t\t\t\t<figcaption class='wp-caption-text gallery-caption' id='gallery-1-22201'>\n\t\t\t\tEdificios de Viviendas PRO.CRE.AR. en Santiago del Estero \/ Estudio Aisenson + Estudio Alberto Varas &#038; Asociados + Atilio Pentimalli (implantacion)\n\t\t\t\t<\/figcaption><\/figure><figure class='gallery-item'>\n\t\t\t<div class='gallery-icon landscape'>\n\t\t\t\t<a href='https:\/\/www.arquimaster.com.ar\/web\/wp-content\/uploads\/2016\/09\/procrear_santiago10.jpg' title=\"Edificios de Viviendas PRO.CRE.AR. en Santiago del Estero \/ Estudio Aisenson + Estudio Alberto Varas &amp; Asociados + Atilio Pentimalli (implantacion)\" data-rl_title=\"Edificios de Viviendas PRO.CRE.AR. en Santiago del Estero \/ Estudio Aisenson + Estudio Alberto Varas &amp; Asociados + Atilio Pentimalli (implantacion)\" class=\"rl-gallery-link\" data-rl_caption=\"Edificios de Viviendas PRO.CRE.AR. en Santiago del Estero \/ Estudio Aisenson + Estudio Alberto Varas &amp; Asociados + Atilio Pentimalli (implantacion)\" data-rel=\"lightbox-gallery-1\"><img loading=\"lazy\" decoding=\"async\" width=\"150\" height=\"150\" src=\"https:\/\/www.arquimaster.com.ar\/web\/wp-content\/uploads\/2016\/09\/procrear_santiago10-150x150.jpg\" class=\"attachment-thumbnail size-thumbnail\" alt=\"\" aria-describedby=\"gallery-1-22202\" srcset=\"https:\/\/www.arquimaster.com.ar\/web\/wp-content\/uploads\/2016\/09\/procrear_santiago10-150x150.jpg 150w, https:\/\/www.arquimaster.com.ar\/web\/wp-content\/uploads\/2016\/09\/procrear_santiago10-50x50.jpg 50w, https:\/\/www.arquimaster.com.ar\/web\/wp-content\/uploads\/2016\/09\/procrear_santiago10-125x125.jpg 125w\" sizes=\"auto, (max-width: 150px) 100vw, 150px\" \/><\/a>\n\t\t\t<\/div>\n\t\t\t\t<figcaption class='wp-caption-text gallery-caption' id='gallery-1-22202'>\n\t\t\t\tEdificios de Viviendas PRO.CRE.AR. en Santiago del Estero \/ Estudio Aisenson + Estudio Alberto Varas &#038; Asociados + Atilio Pentimalli (implantacion)\n\t\t\t\t<\/figcaption><\/figure><figure class='gallery-item'>\n\t\t\t<div class='gallery-icon landscape'>\n\t\t\t\t<a href='https:\/\/www.arquimaster.com.ar\/web\/wp-content\/uploads\/2016\/09\/procrear_santiago11.jpg' title=\"Edificios de Viviendas PRO.CRE.AR. en Santiago del Estero \/ Estudio Aisenson + Estudio Alberto Varas &amp; Asociados + Atilio Pentimalli (planta subsuelo)\" data-rl_title=\"Edificios de Viviendas PRO.CRE.AR. en Santiago del Estero \/ Estudio Aisenson + Estudio Alberto Varas &amp; Asociados + Atilio Pentimalli (planta subsuelo)\" class=\"rl-gallery-link\" data-rl_caption=\"Edificios de Viviendas PRO.CRE.AR. en Santiago del Estero \/ Estudio Aisenson + Estudio Alberto Varas &amp; Asociados + Atilio Pentimalli (planta subsuelo)\" data-rel=\"lightbox-gallery-1\"><img loading=\"lazy\" decoding=\"async\" width=\"150\" height=\"150\" src=\"https:\/\/www.arquimaster.com.ar\/web\/wp-content\/uploads\/2016\/09\/procrear_santiago11-150x150.jpg\" class=\"attachment-thumbnail size-thumbnail\" alt=\"\" aria-describedby=\"gallery-1-22203\" srcset=\"https:\/\/www.arquimaster.com.ar\/web\/wp-content\/uploads\/2016\/09\/procrear_santiago11-150x150.jpg 150w, https:\/\/www.arquimaster.com.ar\/web\/wp-content\/uploads\/2016\/09\/procrear_santiago11-50x50.jpg 50w, https:\/\/www.arquimaster.com.ar\/web\/wp-content\/uploads\/2016\/09\/procrear_santiago11-125x125.jpg 125w\" sizes=\"auto, (max-width: 150px) 100vw, 150px\" \/><\/a>\n\t\t\t<\/div>\n\t\t\t\t<figcaption class='wp-caption-text gallery-caption' id='gallery-1-22203'>\n\t\t\t\tEdificios de Viviendas PRO.CRE.AR. en Santiago del Estero \/ Estudio Aisenson + Estudio Alberto Varas &#038; Asociados + Atilio Pentimalli (planta subsuelo)\n\t\t\t\t<\/figcaption><\/figure><figure class='gallery-item'>\n\t\t\t<div class='gallery-icon landscape'>\n\t\t\t\t<a href='https:\/\/www.arquimaster.com.ar\/web\/wp-content\/uploads\/2016\/09\/procrear_santiago12.jpg' title=\"Edificios de Viviendas PRO.CRE.AR. en Santiago del Estero \/ Estudio Aisenson + Estudio Alberto Varas &amp; Asociados + Atilio Pentimalli (planta baja)\" data-rl_title=\"Edificios de Viviendas PRO.CRE.AR. en Santiago del Estero \/ Estudio Aisenson + Estudio Alberto Varas &amp; Asociados + Atilio Pentimalli (planta baja)\" class=\"rl-gallery-link\" data-rl_caption=\"Edificios de Viviendas PRO.CRE.AR. en Santiago del Estero \/ Estudio Aisenson + Estudio Alberto Varas &amp; Asociados + Atilio Pentimalli (planta baja)\" data-rel=\"lightbox-gallery-1\"><img loading=\"lazy\" decoding=\"async\" width=\"150\" height=\"150\" src=\"https:\/\/www.arquimaster.com.ar\/web\/wp-content\/uploads\/2016\/09\/procrear_santiago12-150x150.jpg\" class=\"attachment-thumbnail size-thumbnail\" alt=\"\" aria-describedby=\"gallery-1-22204\" srcset=\"https:\/\/www.arquimaster.com.ar\/web\/wp-content\/uploads\/2016\/09\/procrear_santiago12-150x150.jpg 150w, https:\/\/www.arquimaster.com.ar\/web\/wp-content\/uploads\/2016\/09\/procrear_santiago12-50x50.jpg 50w, https:\/\/www.arquimaster.com.ar\/web\/wp-content\/uploads\/2016\/09\/procrear_santiago12-125x125.jpg 125w\" sizes=\"auto, (max-width: 150px) 100vw, 150px\" \/><\/a>\n\t\t\t<\/div>\n\t\t\t\t<figcaption class='wp-caption-text gallery-caption' id='gallery-1-22204'>\n\t\t\t\tEdificios de Viviendas PRO.CRE.AR. en Santiago del Estero \/ Estudio Aisenson + Estudio Alberto Varas &#038; Asociados + Atilio Pentimalli (planta baja)\n\t\t\t\t<\/figcaption><\/figure><figure class='gallery-item'>\n\t\t\t<div class='gallery-icon landscape'>\n\t\t\t\t<a href='https:\/\/www.arquimaster.com.ar\/web\/wp-content\/uploads\/2016\/09\/procrear_santiago13.jpg' title=\"Edificios de Viviendas PRO.CRE.AR. en Santiago del Estero \/ Estudio Aisenson + Estudio Alberto Varas &amp; Asociados + Atilio Pentimalli (planta 1\u00ba piso)\" data-rl_title=\"Edificios de Viviendas PRO.CRE.AR. en Santiago del Estero \/ Estudio Aisenson + Estudio Alberto Varas &amp; Asociados + Atilio Pentimalli (planta 1\u00ba piso)\" class=\"rl-gallery-link\" data-rl_caption=\"Edificios de Viviendas PRO.CRE.AR. en Santiago del Estero \/ Estudio Aisenson + Estudio Alberto Varas &amp; Asociados + Atilio Pentimalli (planta 1\u00ba piso)\" data-rel=\"lightbox-gallery-1\"><img loading=\"lazy\" decoding=\"async\" width=\"150\" height=\"150\" src=\"https:\/\/www.arquimaster.com.ar\/web\/wp-content\/uploads\/2016\/09\/procrear_santiago13-150x150.jpg\" class=\"attachment-thumbnail size-thumbnail\" alt=\"\" aria-describedby=\"gallery-1-22205\" srcset=\"https:\/\/www.arquimaster.com.ar\/web\/wp-content\/uploads\/2016\/09\/procrear_santiago13-150x150.jpg 150w, https:\/\/www.arquimaster.com.ar\/web\/wp-content\/uploads\/2016\/09\/procrear_santiago13-50x50.jpg 50w, https:\/\/www.arquimaster.com.ar\/web\/wp-content\/uploads\/2016\/09\/procrear_santiago13-125x125.jpg 125w\" sizes=\"auto, (max-width: 150px) 100vw, 150px\" \/><\/a>\n\t\t\t<\/div>\n\t\t\t\t<figcaption class='wp-caption-text gallery-caption' id='gallery-1-22205'>\n\t\t\t\tEdificios de Viviendas PRO.CRE.AR. en Santiago del Estero \/ Estudio Aisenson + Estudio Alberto Varas &#038; Asociados + Atilio Pentimalli (planta 1\u00ba piso)\n\t\t\t\t<\/figcaption><\/figure><figure class='gallery-item'>\n\t\t\t<div class='gallery-icon landscape'>\n\t\t\t\t<a href='https:\/\/www.arquimaster.com.ar\/web\/wp-content\/uploads\/2016\/09\/procrear_santiago14.jpg' title=\"Edificios de Viviendas PRO.CRE.AR. en Santiago del Estero \/ Estudio Aisenson + Estudio Alberto Varas &amp; Asociados + Atilio Pentimalli (planta techo basamento)\" data-rl_title=\"Edificios de Viviendas PRO.CRE.AR. en Santiago del Estero \/ Estudio Aisenson + Estudio Alberto Varas &amp; Asociados + Atilio Pentimalli (planta techo basamento)\" class=\"rl-gallery-link\" data-rl_caption=\"Edificios de Viviendas PRO.CRE.AR. en Santiago del Estero \/ Estudio Aisenson + Estudio Alberto Varas &amp; Asociados + Atilio Pentimalli (planta techo basamento)\" data-rel=\"lightbox-gallery-1\"><img loading=\"lazy\" decoding=\"async\" width=\"150\" height=\"150\" src=\"https:\/\/www.arquimaster.com.ar\/web\/wp-content\/uploads\/2016\/09\/procrear_santiago14-150x150.jpg\" class=\"attachment-thumbnail size-thumbnail\" alt=\"\" aria-describedby=\"gallery-1-22206\" srcset=\"https:\/\/www.arquimaster.com.ar\/web\/wp-content\/uploads\/2016\/09\/procrear_santiago14-150x150.jpg 150w, https:\/\/www.arquimaster.com.ar\/web\/wp-content\/uploads\/2016\/09\/procrear_santiago14-50x50.jpg 50w, https:\/\/www.arquimaster.com.ar\/web\/wp-content\/uploads\/2016\/09\/procrear_santiago14-125x125.jpg 125w\" sizes=\"auto, (max-width: 150px) 100vw, 150px\" \/><\/a>\n\t\t\t<\/div>\n\t\t\t\t<figcaption class='wp-caption-text gallery-caption' id='gallery-1-22206'>\n\t\t\t\tEdificios de Viviendas PRO.CRE.AR. en Santiago del Estero \/ Estudio Aisenson + Estudio Alberto Varas &#038; Asociados + Atilio Pentimalli (planta techo basamento)\n\t\t\t\t<\/figcaption><\/figure><figure class='gallery-item'>\n\t\t\t<div class='gallery-icon landscape'>\n\t\t\t\t<a href='https:\/\/www.arquimaster.com.ar\/web\/wp-content\/uploads\/2016\/09\/procrear_santiago15.jpg' title=\"Edificios de Viviendas PRO.CRE.AR. en Santiago del Estero \/ Estudio Aisenson + Estudio Alberto Varas &amp; Asociados + Atilio Pentimalli (planta tipo)\" data-rl_title=\"Edificios de Viviendas PRO.CRE.AR. en Santiago del Estero \/ Estudio Aisenson + Estudio Alberto Varas &amp; Asociados + Atilio Pentimalli (planta tipo)\" class=\"rl-gallery-link\" data-rl_caption=\"Edificios de Viviendas PRO.CRE.AR. en Santiago del Estero \/ Estudio Aisenson + Estudio Alberto Varas &amp; Asociados + Atilio Pentimalli (planta tipo)\" data-rel=\"lightbox-gallery-1\"><img loading=\"lazy\" decoding=\"async\" width=\"150\" height=\"150\" src=\"https:\/\/www.arquimaster.com.ar\/web\/wp-content\/uploads\/2016\/09\/procrear_santiago15-150x150.jpg\" class=\"attachment-thumbnail size-thumbnail\" alt=\"\" aria-describedby=\"gallery-1-22207\" srcset=\"https:\/\/www.arquimaster.com.ar\/web\/wp-content\/uploads\/2016\/09\/procrear_santiago15-150x150.jpg 150w, https:\/\/www.arquimaster.com.ar\/web\/wp-content\/uploads\/2016\/09\/procrear_santiago15-50x50.jpg 50w, https:\/\/www.arquimaster.com.ar\/web\/wp-content\/uploads\/2016\/09\/procrear_santiago15-125x125.jpg 125w\" sizes=\"auto, (max-width: 150px) 100vw, 150px\" \/><\/a>\n\t\t\t<\/div>\n\t\t\t\t<figcaption class='wp-caption-text gallery-caption' id='gallery-1-22207'>\n\t\t\t\tEdificios de Viviendas PRO.CRE.AR. en Santiago del Estero \/ Estudio Aisenson + Estudio Alberto Varas &#038; Asociados + Atilio Pentimalli (planta tipo)\n\t\t\t\t<\/figcaption><\/figure><figure class='gallery-item'>\n\t\t\t<div class='gallery-icon landscape'>\n\t\t\t\t<a href='https:\/\/www.arquimaster.com.ar\/web\/wp-content\/uploads\/2016\/09\/procrear_santiago16.jpg' title=\"Edificios de Viviendas PRO.CRE.AR. en Santiago del Estero \/ Estudio Aisenson + Estudio Alberto Varas &amp; Asociados + Atilio Pentimalli\" data-rl_title=\"Edificios de Viviendas PRO.CRE.AR. en Santiago del Estero \/ Estudio Aisenson + Estudio Alberto Varas &amp; Asociados + Atilio Pentimalli\" class=\"rl-gallery-link\" data-rl_caption=\"Edificios de Viviendas PRO.CRE.AR. en Santiago del Estero \/ Estudio Aisenson + Estudio Alberto Varas &amp; Asociados + Atilio Pentimalli\" data-rel=\"lightbox-gallery-1\"><img loading=\"lazy\" decoding=\"async\" width=\"150\" height=\"150\" src=\"https:\/\/www.arquimaster.com.ar\/web\/wp-content\/uploads\/2016\/09\/procrear_santiago16-150x150.jpg\" class=\"attachment-thumbnail size-thumbnail\" alt=\"\" aria-describedby=\"gallery-1-22208\" srcset=\"https:\/\/www.arquimaster.com.ar\/web\/wp-content\/uploads\/2016\/09\/procrear_santiago16-150x150.jpg 150w, https:\/\/www.arquimaster.com.ar\/web\/wp-content\/uploads\/2016\/09\/procrear_santiago16-50x50.jpg 50w, https:\/\/www.arquimaster.com.ar\/web\/wp-content\/uploads\/2016\/09\/procrear_santiago16-125x125.jpg 125w\" sizes=\"auto, (max-width: 150px) 100vw, 150px\" \/><\/a>\n\t\t\t<\/div>\n\t\t\t\t<figcaption class='wp-caption-text gallery-caption' id='gallery-1-22208'>\n\t\t\t\tEdificios de Viviendas PRO.CRE.AR. en Santiago del Estero \/ Estudio Aisenson + Estudio Alberto Varas &#038; Asociados + Atilio Pentimalli\n\t\t\t\t<\/figcaption><\/figure><figure class='gallery-item'>\n\t\t\t<div class='gallery-icon landscape'>\n\t\t\t\t<a href='https:\/\/www.arquimaster.com.ar\/web\/wp-content\/uploads\/2016\/09\/procrear_santiago17.jpg' title=\"Edificios de Viviendas PRO.CRE.AR. en Santiago del Estero \/ Estudio Aisenson + Estudio Alberto Varas &amp; Asociados + Atilio Pentimalli\" data-rl_title=\"Edificios de Viviendas PRO.CRE.AR. en Santiago del Estero \/ Estudio Aisenson + Estudio Alberto Varas &amp; Asociados + Atilio Pentimalli\" class=\"rl-gallery-link\" data-rl_caption=\"Edificios de Viviendas PRO.CRE.AR. en Santiago del Estero \/ Estudio Aisenson + Estudio Alberto Varas &amp; Asociados + Atilio Pentimalli\" data-rel=\"lightbox-gallery-1\"><img loading=\"lazy\" decoding=\"async\" width=\"150\" height=\"150\" src=\"https:\/\/www.arquimaster.com.ar\/web\/wp-content\/uploads\/2016\/09\/procrear_santiago17-150x150.jpg\" class=\"attachment-thumbnail size-thumbnail\" alt=\"\" aria-describedby=\"gallery-1-22209\" srcset=\"https:\/\/www.arquimaster.com.ar\/web\/wp-content\/uploads\/2016\/09\/procrear_santiago17-150x150.jpg 150w, https:\/\/www.arquimaster.com.ar\/web\/wp-content\/uploads\/2016\/09\/procrear_santiago17-50x50.jpg 50w, https:\/\/www.arquimaster.com.ar\/web\/wp-content\/uploads\/2016\/09\/procrear_santiago17-125x125.jpg 125w\" sizes=\"auto, (max-width: 150px) 100vw, 150px\" \/><\/a>\n\t\t\t<\/div>\n\t\t\t\t<figcaption class='wp-caption-text gallery-caption' id='gallery-1-22209'>\n\t\t\t\tEdificios de Viviendas PRO.CRE.AR. en Santiago del Estero \/ Estudio Aisenson + Estudio Alberto Varas &#038; Asociados + Atilio Pentimalli\n\t\t\t\t<\/figcaption><\/figure><figure class='gallery-item'>\n\t\t\t<div class='gallery-icon landscape'>\n\t\t\t\t<a href='https:\/\/www.arquimaster.com.ar\/web\/wp-content\/uploads\/2016\/09\/procrear_santiago18.jpg' title=\"Edificios de Viviendas PRO.CRE.AR. en Santiago del Estero \/ Estudio Aisenson + Estudio Alberto Varas &amp; Asociados + Atilio Pentimalli\" data-rl_title=\"Edificios de Viviendas PRO.CRE.AR. en Santiago del Estero \/ Estudio Aisenson + Estudio Alberto Varas &amp; Asociados + Atilio Pentimalli\" class=\"rl-gallery-link\" data-rl_caption=\"Edificios de Viviendas PRO.CRE.AR. en Santiago del Estero \/ Estudio Aisenson + Estudio Alberto Varas &amp; Asociados + Atilio Pentimalli\" data-rel=\"lightbox-gallery-1\"><img loading=\"lazy\" decoding=\"async\" width=\"150\" height=\"150\" src=\"https:\/\/www.arquimaster.com.ar\/web\/wp-content\/uploads\/2016\/09\/procrear_santiago18-150x150.jpg\" class=\"attachment-thumbnail size-thumbnail\" alt=\"\" aria-describedby=\"gallery-1-22210\" srcset=\"https:\/\/www.arquimaster.com.ar\/web\/wp-content\/uploads\/2016\/09\/procrear_santiago18-150x150.jpg 150w, https:\/\/www.arquimaster.com.ar\/web\/wp-content\/uploads\/2016\/09\/procrear_santiago18-50x50.jpg 50w, https:\/\/www.arquimaster.com.ar\/web\/wp-content\/uploads\/2016\/09\/procrear_santiago18-125x125.jpg 125w\" sizes=\"auto, (max-width: 150px) 100vw, 150px\" \/><\/a>\n\t\t\t<\/div>\n\t\t\t\t<figcaption class='wp-caption-text gallery-caption' id='gallery-1-22210'>\n\t\t\t\tEdificios de Viviendas PRO.CRE.AR. en Santiago del Estero \/ Estudio Aisenson + Estudio Alberto Varas &#038; Asociados + Atilio Pentimalli\n\t\t\t\t<\/figcaption><\/figure><figure class='gallery-item'>\n\t\t\t<div class='gallery-icon landscape'>\n\t\t\t\t<a href='https:\/\/www.arquimaster.com.ar\/web\/wp-content\/uploads\/2016\/09\/procrear_santiago19.jpg' title=\"Edificios de Viviendas PRO.CRE.AR. en Santiago del Estero \/ Estudio Aisenson + Estudio Alberto Varas &amp; Asociados + Atilio Pentimalli\" data-rl_title=\"Edificios de Viviendas PRO.CRE.AR. en Santiago del Estero \/ Estudio Aisenson + Estudio Alberto Varas &amp; Asociados + Atilio Pentimalli\" class=\"rl-gallery-link\" data-rl_caption=\"Edificios de Viviendas PRO.CRE.AR. en Santiago del Estero \/ Estudio Aisenson + Estudio Alberto Varas &amp; Asociados + Atilio Pentimalli\" data-rel=\"lightbox-gallery-1\"><img loading=\"lazy\" decoding=\"async\" width=\"150\" height=\"150\" src=\"https:\/\/www.arquimaster.com.ar\/web\/wp-content\/uploads\/2016\/09\/procrear_santiago19-150x150.jpg\" class=\"attachment-thumbnail size-thumbnail\" alt=\"\" aria-describedby=\"gallery-1-22211\" srcset=\"https:\/\/www.arquimaster.com.ar\/web\/wp-content\/uploads\/2016\/09\/procrear_santiago19-150x150.jpg 150w, https:\/\/www.arquimaster.com.ar\/web\/wp-content\/uploads\/2016\/09\/procrear_santiago19-50x50.jpg 50w, https:\/\/www.arquimaster.com.ar\/web\/wp-content\/uploads\/2016\/09\/procrear_santiago19-125x125.jpg 125w\" sizes=\"auto, (max-width: 150px) 100vw, 150px\" \/><\/a>\n\t\t\t<\/div>\n\t\t\t\t<figcaption class='wp-caption-text gallery-caption' id='gallery-1-22211'>\n\t\t\t\tEdificios de Viviendas PRO.CRE.AR. en Santiago del Estero \/ Estudio Aisenson + Estudio Alberto Varas &#038; Asociados + Atilio Pentimalli\n\t\t\t\t<\/figcaption><\/figure><figure class='gallery-item'>\n\t\t\t<div class='gallery-icon landscape'>\n\t\t\t\t<a href='https:\/\/www.arquimaster.com.ar\/web\/wp-content\/uploads\/2016\/09\/procrear_santiago20.jpg' title=\"Edificios de Viviendas PRO.CRE.AR. en Santiago del Estero \/ Estudio Aisenson + Estudio Alberto Varas &amp; Asociados + Atilio Pentimalli\" data-rl_title=\"Edificios de Viviendas PRO.CRE.AR. en Santiago del Estero \/ Estudio Aisenson + Estudio Alberto Varas &amp; Asociados + Atilio Pentimalli\" class=\"rl-gallery-link\" data-rl_caption=\"Edificios de Viviendas PRO.CRE.AR. en Santiago del Estero \/ Estudio Aisenson + Estudio Alberto Varas &amp; Asociados + Atilio Pentimalli\" data-rel=\"lightbox-gallery-1\"><img loading=\"lazy\" decoding=\"async\" width=\"150\" height=\"150\" src=\"https:\/\/www.arquimaster.com.ar\/web\/wp-content\/uploads\/2016\/09\/procrear_santiago20-150x150.jpg\" class=\"attachment-thumbnail size-thumbnail\" alt=\"\" aria-describedby=\"gallery-1-22212\" srcset=\"https:\/\/www.arquimaster.com.ar\/web\/wp-content\/uploads\/2016\/09\/procrear_santiago20-150x150.jpg 150w, https:\/\/www.arquimaster.com.ar\/web\/wp-content\/uploads\/2016\/09\/procrear_santiago20-50x50.jpg 50w, https:\/\/www.arquimaster.com.ar\/web\/wp-content\/uploads\/2016\/09\/procrear_santiago20-125x125.jpg 125w\" sizes=\"auto, (max-width: 150px) 100vw, 150px\" \/><\/a>\n\t\t\t<\/div>\n\t\t\t\t<figcaption class='wp-caption-text gallery-caption' id='gallery-1-22212'>\n\t\t\t\tEdificios de Viviendas PRO.CRE.AR. en Santiago del Estero \/ Estudio Aisenson + Estudio Alberto Varas &#038; Asociados + Atilio Pentimalli\n\t\t\t\t<\/figcaption><\/figure><figure class='gallery-item'>\n\t\t\t<div class='gallery-icon landscape'>\n\t\t\t\t<a href='https:\/\/www.arquimaster.com.ar\/web\/wp-content\/uploads\/2016\/09\/procrear_santiago21.jpg' title=\"Edificios de Viviendas PRO.CRE.AR. en Santiago del Estero \/ Estudio Aisenson + Estudio Alberto Varas &amp; Asociados + Atilio Pentimalli\" data-rl_title=\"Edificios de Viviendas PRO.CRE.AR. en Santiago del Estero \/ Estudio Aisenson + Estudio Alberto Varas &amp; Asociados + Atilio Pentimalli\" class=\"rl-gallery-link\" data-rl_caption=\"Edificios de Viviendas PRO.CRE.AR. en Santiago del Estero \/ Estudio Aisenson + Estudio Alberto Varas &amp; Asociados + Atilio Pentimalli\" data-rel=\"lightbox-gallery-1\"><img loading=\"lazy\" decoding=\"async\" width=\"150\" height=\"150\" src=\"https:\/\/www.arquimaster.com.ar\/web\/wp-content\/uploads\/2016\/09\/procrear_santiago21-150x150.jpg\" class=\"attachment-thumbnail size-thumbnail\" alt=\"\" aria-describedby=\"gallery-1-22213\" srcset=\"https:\/\/www.arquimaster.com.ar\/web\/wp-content\/uploads\/2016\/09\/procrear_santiago21-150x150.jpg 150w, https:\/\/www.arquimaster.com.ar\/web\/wp-content\/uploads\/2016\/09\/procrear_santiago21-50x50.jpg 50w, https:\/\/www.arquimaster.com.ar\/web\/wp-content\/uploads\/2016\/09\/procrear_santiago21-125x125.jpg 125w\" sizes=\"auto, (max-width: 150px) 100vw, 150px\" \/><\/a>\n\t\t\t<\/div>\n\t\t\t\t<figcaption class='wp-caption-text gallery-caption' id='gallery-1-22213'>\n\t\t\t\tEdificios de Viviendas PRO.CRE.AR. en Santiago del Estero \/ Estudio Aisenson + Estudio Alberto Varas &#038; Asociados + Atilio Pentimalli\n\t\t\t\t<\/figcaption><\/figure><figure class='gallery-item'>\n\t\t\t<div class='gallery-icon landscape'>\n\t\t\t\t<a href='https:\/\/www.arquimaster.com.ar\/web\/wp-content\/uploads\/2016\/09\/procrear_santiago22.jpg' title=\"Edificios de Viviendas PRO.CRE.AR. en Santiago del Estero \/ Estudio Aisenson + Estudio Alberto Varas &amp; Asociados + Atilio Pentimalli\" data-rl_title=\"Edificios de Viviendas PRO.CRE.AR. en Santiago del Estero \/ Estudio Aisenson + Estudio Alberto Varas &amp; Asociados + Atilio Pentimalli\" class=\"rl-gallery-link\" data-rl_caption=\"Edificios de Viviendas PRO.CRE.AR. en Santiago del Estero \/ Estudio Aisenson + Estudio Alberto Varas &amp; Asociados + Atilio Pentimalli\" data-rel=\"lightbox-gallery-1\"><img loading=\"lazy\" decoding=\"async\" width=\"150\" height=\"150\" src=\"https:\/\/www.arquimaster.com.ar\/web\/wp-content\/uploads\/2016\/09\/procrear_santiago22-150x150.jpg\" class=\"attachment-thumbnail size-thumbnail\" alt=\"\" aria-describedby=\"gallery-1-22214\" srcset=\"https:\/\/www.arquimaster.com.ar\/web\/wp-content\/uploads\/2016\/09\/procrear_santiago22-150x150.jpg 150w, https:\/\/www.arquimaster.com.ar\/web\/wp-content\/uploads\/2016\/09\/procrear_santiago22-50x50.jpg 50w, https:\/\/www.arquimaster.com.ar\/web\/wp-content\/uploads\/2016\/09\/procrear_santiago22-125x125.jpg 125w\" sizes=\"auto, (max-width: 150px) 100vw, 150px\" \/><\/a>\n\t\t\t<\/div>\n\t\t\t\t<figcaption class='wp-caption-text gallery-caption' id='gallery-1-22214'>\n\t\t\t\tEdificios de Viviendas PRO.CRE.AR. en Santiago del Estero \/ Estudio Aisenson + Estudio Alberto Varas &#038; Asociados + Atilio Pentimalli\n\t\t\t\t<\/figcaption><\/figure><figure class='gallery-item'>\n\t\t\t<div class='gallery-icon portrait'>\n\t\t\t\t<a href='https:\/\/www.arquimaster.com.ar\/web\/wp-content\/uploads\/2016\/09\/procrear_santiago23.jpg' title=\"Edificios de Viviendas PRO.CRE.AR. en Santiago del Estero \/ Estudio Aisenson + Estudio Alberto Varas &amp; Asociados + Atilio Pentimalli\" data-rl_title=\"Edificios de Viviendas PRO.CRE.AR. en Santiago del Estero \/ Estudio Aisenson + Estudio Alberto Varas &amp; Asociados + Atilio Pentimalli\" class=\"rl-gallery-link\" data-rl_caption=\"Edificios de Viviendas PRO.CRE.AR. en Santiago del Estero \/ Estudio Aisenson + Estudio Alberto Varas &amp; Asociados + Atilio Pentimalli\" data-rel=\"lightbox-gallery-1\"><img loading=\"lazy\" decoding=\"async\" width=\"150\" height=\"150\" src=\"https:\/\/www.arquimaster.com.ar\/web\/wp-content\/uploads\/2016\/09\/procrear_santiago23-150x150.jpg\" class=\"attachment-thumbnail size-thumbnail\" alt=\"\" aria-describedby=\"gallery-1-22215\" srcset=\"https:\/\/www.arquimaster.com.ar\/web\/wp-content\/uploads\/2016\/09\/procrear_santiago23-150x150.jpg 150w, https:\/\/www.arquimaster.com.ar\/web\/wp-content\/uploads\/2016\/09\/procrear_santiago23-50x50.jpg 50w, https:\/\/www.arquimaster.com.ar\/web\/wp-content\/uploads\/2016\/09\/procrear_santiago23-125x125.jpg 125w\" sizes=\"auto, (max-width: 150px) 100vw, 150px\" \/><\/a>\n\t\t\t<\/div>\n\t\t\t\t<figcaption class='wp-caption-text gallery-caption' id='gallery-1-22215'>\n\t\t\t\tEdificios de Viviendas PRO.CRE.AR. en Santiago del Estero \/ Estudio Aisenson + Estudio Alberto Varas &#038; Asociados + Atilio Pentimalli\n\t\t\t\t<\/figcaption><\/figure><figure class='gallery-item'>\n\t\t\t<div class='gallery-icon landscape'>\n\t\t\t\t<a href='https:\/\/www.arquimaster.com.ar\/web\/wp-content\/uploads\/2016\/09\/procrear_santiago24.jpg' title=\"Edificios de Viviendas PRO.CRE.AR. en Santiago del Estero \/ Estudio Aisenson + Estudio Alberto Varas &amp; Asociados + Atilio Pentimalli\" data-rl_title=\"Edificios de Viviendas PRO.CRE.AR. en Santiago del Estero \/ Estudio Aisenson + Estudio Alberto Varas &amp; Asociados + Atilio Pentimalli\" class=\"rl-gallery-link\" data-rl_caption=\"Edificios de Viviendas PRO.CRE.AR. en Santiago del Estero \/ Estudio Aisenson + Estudio Alberto Varas &amp; Asociados + Atilio Pentimalli\" data-rel=\"lightbox-gallery-1\"><img loading=\"lazy\" decoding=\"async\" width=\"150\" height=\"150\" src=\"https:\/\/www.arquimaster.com.ar\/web\/wp-content\/uploads\/2016\/09\/procrear_santiago24-150x150.jpg\" class=\"attachment-thumbnail size-thumbnail\" alt=\"\" aria-describedby=\"gallery-1-22216\" srcset=\"https:\/\/www.arquimaster.com.ar\/web\/wp-content\/uploads\/2016\/09\/procrear_santiago24-150x150.jpg 150w, https:\/\/www.arquimaster.com.ar\/web\/wp-content\/uploads\/2016\/09\/procrear_santiago24-50x50.jpg 50w, https:\/\/www.arquimaster.com.ar\/web\/wp-content\/uploads\/2016\/09\/procrear_santiago24-125x125.jpg 125w\" sizes=\"auto, (max-width: 150px) 100vw, 150px\" \/><\/a>\n\t\t\t<\/div>\n\t\t\t\t<figcaption class='wp-caption-text gallery-caption' id='gallery-1-22216'>\n\t\t\t\tEdificios de Viviendas PRO.CRE.AR. en Santiago del Estero \/ Estudio Aisenson + Estudio Alberto Varas &#038; Asociados + Atilio Pentimalli\n\t\t\t\t<\/figcaption><\/figure><figure class='gallery-item'>\n\t\t\t<div class='gallery-icon portrait'>\n\t\t\t\t<a href='https:\/\/www.arquimaster.com.ar\/web\/wp-content\/uploads\/2016\/09\/procrear_santiago25.jpg' title=\"Edificios de Viviendas PRO.CRE.AR. en Santiago del Estero \/ Estudio Aisenson + Estudio Alberto Varas &amp; Asociados + Atilio Pentimalli\" data-rl_title=\"Edificios de Viviendas PRO.CRE.AR. en Santiago del Estero \/ Estudio Aisenson + Estudio Alberto Varas &amp; Asociados + Atilio Pentimalli\" class=\"rl-gallery-link\" data-rl_caption=\"Edificios de Viviendas PRO.CRE.AR. en Santiago del Estero \/ Estudio Aisenson + Estudio Alberto Varas &amp; Asociados + Atilio Pentimalli\" data-rel=\"lightbox-gallery-1\"><img loading=\"lazy\" decoding=\"async\" width=\"150\" height=\"150\" src=\"https:\/\/www.arquimaster.com.ar\/web\/wp-content\/uploads\/2016\/09\/procrear_santiago25-150x150.jpg\" class=\"attachment-thumbnail size-thumbnail\" alt=\"\" aria-describedby=\"gallery-1-22217\" srcset=\"https:\/\/www.arquimaster.com.ar\/web\/wp-content\/uploads\/2016\/09\/procrear_santiago25-150x150.jpg 150w, https:\/\/www.arquimaster.com.ar\/web\/wp-content\/uploads\/2016\/09\/procrear_santiago25-50x50.jpg 50w, https:\/\/www.arquimaster.com.ar\/web\/wp-content\/uploads\/2016\/09\/procrear_santiago25-125x125.jpg 125w\" sizes=\"auto, (max-width: 150px) 100vw, 150px\" \/><\/a>\n\t\t\t<\/div>\n\t\t\t\t<figcaption class='wp-caption-text gallery-caption' id='gallery-1-22217'>\n\t\t\t\tEdificios de Viviendas PRO.CRE.AR. en Santiago del Estero \/ Estudio Aisenson + Estudio Alberto Varas &#038; Asociados + Atilio Pentimalli\n\t\t\t\t<\/figcaption><\/figure><figure class='gallery-item'>\n\t\t\t<div class='gallery-icon landscape'>\n\t\t\t\t<a href='https:\/\/www.arquimaster.com.ar\/web\/wp-content\/uploads\/2016\/09\/procrear_santiago26.jpg' title=\"Edificios de Viviendas PRO.CRE.AR. en Santiago del Estero \/ Estudio Aisenson + Estudio Alberto Varas &amp; Asociados + Atilio Pentimalli\" data-rl_title=\"Edificios de Viviendas PRO.CRE.AR. en Santiago del Estero \/ Estudio Aisenson + Estudio Alberto Varas &amp; Asociados + Atilio Pentimalli\" class=\"rl-gallery-link\" data-rl_caption=\"Edificios de Viviendas PRO.CRE.AR. en Santiago del Estero \/ Estudio Aisenson + Estudio Alberto Varas &amp; Asociados + Atilio Pentimalli\" data-rel=\"lightbox-gallery-1\"><img loading=\"lazy\" decoding=\"async\" width=\"150\" height=\"150\" src=\"https:\/\/www.arquimaster.com.ar\/web\/wp-content\/uploads\/2016\/09\/procrear_santiago26-150x150.jpg\" class=\"attachment-thumbnail size-thumbnail\" alt=\"\" aria-describedby=\"gallery-1-22218\" srcset=\"https:\/\/www.arquimaster.com.ar\/web\/wp-content\/uploads\/2016\/09\/procrear_santiago26-150x150.jpg 150w, https:\/\/www.arquimaster.com.ar\/web\/wp-content\/uploads\/2016\/09\/procrear_santiago26-50x50.jpg 50w, https:\/\/www.arquimaster.com.ar\/web\/wp-content\/uploads\/2016\/09\/procrear_santiago26-125x125.jpg 125w\" sizes=\"auto, (max-width: 150px) 100vw, 150px\" \/><\/a>\n\t\t\t<\/div>\n\t\t\t\t<figcaption class='wp-caption-text gallery-caption' id='gallery-1-22218'>\n\t\t\t\tEdificios de Viviendas PRO.CRE.AR. en Santiago del Estero \/ Estudio Aisenson + Estudio Alberto Varas &#038; Asociados + Atilio Pentimalli\n\t\t\t\t<\/figcaption><\/figure><figure class='gallery-item'>\n\t\t\t<div class='gallery-icon landscape'>\n\t\t\t\t<a href='https:\/\/www.arquimaster.com.ar\/web\/wp-content\/uploads\/2016\/09\/procrear_santiago27.jpg' title=\"Edificios de Viviendas PRO.CRE.AR. en Santiago del Estero \/ Estudio Aisenson + Estudio Alberto Varas &amp; Asociados + Atilio Pentimalli\" data-rl_title=\"Edificios de Viviendas PRO.CRE.AR. en Santiago del Estero \/ Estudio Aisenson + Estudio Alberto Varas &amp; Asociados + Atilio Pentimalli\" class=\"rl-gallery-link\" data-rl_caption=\"Edificios de Viviendas PRO.CRE.AR. en Santiago del Estero \/ Estudio Aisenson + Estudio Alberto Varas &amp; Asociados + Atilio Pentimalli\" data-rel=\"lightbox-gallery-1\"><img loading=\"lazy\" decoding=\"async\" width=\"150\" height=\"150\" src=\"https:\/\/www.arquimaster.com.ar\/web\/wp-content\/uploads\/2016\/09\/procrear_santiago27-150x150.jpg\" class=\"attachment-thumbnail size-thumbnail\" alt=\"\" aria-describedby=\"gallery-1-22219\" srcset=\"https:\/\/www.arquimaster.com.ar\/web\/wp-content\/uploads\/2016\/09\/procrear_santiago27-150x150.jpg 150w, https:\/\/www.arquimaster.com.ar\/web\/wp-content\/uploads\/2016\/09\/procrear_santiago27-50x50.jpg 50w, https:\/\/www.arquimaster.com.ar\/web\/wp-content\/uploads\/2016\/09\/procrear_santiago27-125x125.jpg 125w\" sizes=\"auto, (max-width: 150px) 100vw, 150px\" \/><\/a>\n\t\t\t<\/div>\n\t\t\t\t<figcaption class='wp-caption-text gallery-caption' id='gallery-1-22219'>\n\t\t\t\tEdificios de Viviendas PRO.CRE.AR. en Santiago del Estero \/ Estudio Aisenson + Estudio Alberto Varas &#038; Asociados + Atilio Pentimalli\n\t\t\t\t<\/figcaption><\/figure><figure class='gallery-item'>\n\t\t\t<div class='gallery-icon landscape'>\n\t\t\t\t<a href='https:\/\/www.arquimaster.com.ar\/web\/wp-content\/uploads\/2016\/09\/procrear_santiago29.jpg' title=\"Edificios de Viviendas PRO.CRE.AR. en Santiago del Estero \/ Estudio Aisenson + Estudio Alberto Varas &amp; Asociados + Atilio Pentimalli (avance de obra)\" data-rl_title=\"Edificios de Viviendas PRO.CRE.AR. en Santiago del Estero \/ Estudio Aisenson + Estudio Alberto Varas &amp; Asociados + Atilio Pentimalli (avance de obra)\" class=\"rl-gallery-link\" data-rl_caption=\"Edificios de Viviendas PRO.CRE.AR. en Santiago del Estero \/ Estudio Aisenson + Estudio Alberto Varas &amp; Asociados + Atilio Pentimalli (avance de obra)\" data-rel=\"lightbox-gallery-1\"><img loading=\"lazy\" decoding=\"async\" width=\"150\" height=\"150\" src=\"https:\/\/www.arquimaster.com.ar\/web\/wp-content\/uploads\/2016\/09\/procrear_santiago29-150x150.jpg\" class=\"attachment-thumbnail size-thumbnail\" alt=\"\" aria-describedby=\"gallery-1-22221\" srcset=\"https:\/\/www.arquimaster.com.ar\/web\/wp-content\/uploads\/2016\/09\/procrear_santiago29-150x150.jpg 150w, https:\/\/www.arquimaster.com.ar\/web\/wp-content\/uploads\/2016\/09\/procrear_santiago29-50x50.jpg 50w, https:\/\/www.arquimaster.com.ar\/web\/wp-content\/uploads\/2016\/09\/procrear_santiago29-125x125.jpg 125w\" sizes=\"auto, (max-width: 150px) 100vw, 150px\" \/><\/a>\n\t\t\t<\/div>\n\t\t\t\t<figcaption class='wp-caption-text gallery-caption' id='gallery-1-22221'>\n\t\t\t\tEdificios de Viviendas PRO.CRE.AR. en Santiago del Estero \/ Estudio Aisenson + Estudio Alberto Varas &#038; Asociados + Atilio Pentimalli (avance de obra)\n\t\t\t\t<\/figcaption><\/figure><figure class='gallery-item'>\n\t\t\t<div class='gallery-icon landscape'>\n\t\t\t\t<a href='https:\/\/www.arquimaster.com.ar\/web\/wp-content\/uploads\/2016\/09\/procrear_santiago28.jpg' title=\"Edificios de Viviendas PRO.CRE.AR. en Santiago del Estero \/ Estudio Aisenson + Estudio Alberto Varas &amp; Asociados + Atilio Pentimalli (avance de obra)\" data-rl_title=\"Edificios de Viviendas PRO.CRE.AR. en Santiago del Estero \/ Estudio Aisenson + Estudio Alberto Varas &amp; Asociados + Atilio Pentimalli (avance de obra)\" class=\"rl-gallery-link\" data-rl_caption=\"Edificios de Viviendas PRO.CRE.AR. en Santiago del Estero \/ Estudio Aisenson + Estudio Alberto Varas &amp; Asociados + Atilio Pentimalli (avance de obra)\" data-rel=\"lightbox-gallery-1\"><img loading=\"lazy\" decoding=\"async\" width=\"150\" height=\"150\" src=\"https:\/\/www.arquimaster.com.ar\/web\/wp-content\/uploads\/2016\/09\/procrear_santiago28-150x150.jpg\" class=\"attachment-thumbnail size-thumbnail\" alt=\"\" aria-describedby=\"gallery-1-22220\" srcset=\"https:\/\/www.arquimaster.com.ar\/web\/wp-content\/uploads\/2016\/09\/procrear_santiago28-150x150.jpg 150w, https:\/\/www.arquimaster.com.ar\/web\/wp-content\/uploads\/2016\/09\/procrear_santiago28-50x50.jpg 50w, https:\/\/www.arquimaster.com.ar\/web\/wp-content\/uploads\/2016\/09\/procrear_santiago28-125x125.jpg 125w\" sizes=\"auto, (max-width: 150px) 100vw, 150px\" \/><\/a>\n\t\t\t<\/div>\n\t\t\t\t<figcaption class='wp-caption-text gallery-caption' id='gallery-1-22220'>\n\t\t\t\tEdificios de Viviendas PRO.CRE.AR. en Santiago del Estero \/ Estudio Aisenson + Estudio Alberto Varas &#038; Asociados + Atilio Pentimalli (avance de obra)\n\t\t\t\t<\/figcaption><\/figure><figure class='gallery-item'>\n\t\t\t<div class='gallery-icon landscape'>\n\t\t\t\t<a href='https:\/\/www.arquimaster.com.ar\/web\/wp-content\/uploads\/2016\/09\/procrear_santiago30.jpg' title=\"Edificios de Viviendas PRO.CRE.AR. en Santiago del Estero \/ Estudio Aisenson + Estudio Alberto Varas &amp; Asociados + Atilio Pentimalli (avance de obra)\" data-rl_title=\"Edificios de Viviendas PRO.CRE.AR. en Santiago del Estero \/ Estudio Aisenson + Estudio Alberto Varas &amp; Asociados + Atilio Pentimalli (avance de obra)\" class=\"rl-gallery-link\" data-rl_caption=\"Edificios de Viviendas PRO.CRE.AR. en Santiago del Estero \/ Estudio Aisenson + Estudio Alberto Varas &amp; Asociados + Atilio Pentimalli (avance de obra)\" data-rel=\"lightbox-gallery-1\"><img loading=\"lazy\" decoding=\"async\" width=\"150\" height=\"150\" src=\"https:\/\/www.arquimaster.com.ar\/web\/wp-content\/uploads\/2016\/09\/procrear_santiago30-150x150.jpg\" class=\"attachment-thumbnail size-thumbnail\" alt=\"\" aria-describedby=\"gallery-1-22222\" srcset=\"https:\/\/www.arquimaster.com.ar\/web\/wp-content\/uploads\/2016\/09\/procrear_santiago30-150x150.jpg 150w, https:\/\/www.arquimaster.com.ar\/web\/wp-content\/uploads\/2016\/09\/procrear_santiago30-50x50.jpg 50w, https:\/\/www.arquimaster.com.ar\/web\/wp-content\/uploads\/2016\/09\/procrear_santiago30-125x125.jpg 125w\" sizes=\"auto, (max-width: 150px) 100vw, 150px\" \/><\/a>\n\t\t\t<\/div>\n\t\t\t\t<figcaption class='wp-caption-text gallery-caption' id='gallery-1-22222'>\n\t\t\t\tEdificios de Viviendas PRO.CRE.AR. en Santiago del Estero \/ Estudio Aisenson + Estudio Alberto Varas &#038; Asociados + Atilio Pentimalli (avance de obra)\n\t\t\t\t<\/figcaption><\/figure><figure class='gallery-item'>\n\t\t\t<div class='gallery-icon landscape'>\n\t\t\t\t<a href='https:\/\/www.arquimaster.com.ar\/web\/wp-content\/uploads\/2016\/09\/procrear_santiago31.jpg' title=\"Edificios de Viviendas PRO.CRE.AR. en Santiago del Estero \/ Estudio Aisenson + Estudio Alberto Varas &amp; Asociados + Atilio Pentimalli (avance de obra)\" data-rl_title=\"Edificios de Viviendas PRO.CRE.AR. en Santiago del Estero \/ Estudio Aisenson + Estudio Alberto Varas &amp; Asociados + Atilio Pentimalli (avance de obra)\" class=\"rl-gallery-link\" data-rl_caption=\"Edificios de Viviendas PRO.CRE.AR. en Santiago del Estero \/ Estudio Aisenson + Estudio Alberto Varas &amp; Asociados + Atilio Pentimalli (avance de obra)\" data-rel=\"lightbox-gallery-1\"><img loading=\"lazy\" decoding=\"async\" width=\"150\" height=\"150\" src=\"https:\/\/www.arquimaster.com.ar\/web\/wp-content\/uploads\/2016\/09\/procrear_santiago31-150x150.jpg\" class=\"attachment-thumbnail size-thumbnail\" alt=\"\" aria-describedby=\"gallery-1-22223\" srcset=\"https:\/\/www.arquimaster.com.ar\/web\/wp-content\/uploads\/2016\/09\/procrear_santiago31-150x150.jpg 150w, https:\/\/www.arquimaster.com.ar\/web\/wp-content\/uploads\/2016\/09\/procrear_santiago31-50x50.jpg 50w, https:\/\/www.arquimaster.com.ar\/web\/wp-content\/uploads\/2016\/09\/procrear_santiago31-125x125.jpg 125w\" sizes=\"auto, (max-width: 150px) 100vw, 150px\" \/><\/a>\n\t\t\t<\/div>\n\t\t\t\t<figcaption class='wp-caption-text gallery-caption' id='gallery-1-22223'>\n\t\t\t\tEdificios de Viviendas PRO.CRE.AR. en Santiago del Estero \/ Estudio Aisenson + Estudio Alberto Varas &#038; Asociados + Atilio Pentimalli (avance de obra)\n\t\t\t\t<\/figcaption><\/figure><figure class='gallery-item'>\n\t\t\t<div class='gallery-icon landscape'>\n\t\t\t\t<a href='https:\/\/www.arquimaster.com.ar\/web\/wp-content\/uploads\/2016\/09\/procrear_santiago32.jpg' title=\"Edificios de Viviendas PRO.CRE.AR. en Santiago del Estero \/ Estudio Aisenson + Estudio Alberto Varas &amp; Asociados + Atilio Pentimalli (avance de obra)\" data-rl_title=\"Edificios de Viviendas PRO.CRE.AR. en Santiago del Estero \/ Estudio Aisenson + Estudio Alberto Varas &amp; Asociados + Atilio Pentimalli (avance de obra)\" class=\"rl-gallery-link\" data-rl_caption=\"Edificios de Viviendas PRO.CRE.AR. en Santiago del Estero \/ Estudio Aisenson + Estudio Alberto Varas &amp; Asociados + Atilio Pentimalli (avance de obra)\" data-rel=\"lightbox-gallery-1\"><img loading=\"lazy\" decoding=\"async\" width=\"150\" height=\"150\" src=\"https:\/\/www.arquimaster.com.ar\/web\/wp-content\/uploads\/2016\/09\/procrear_santiago32-150x150.jpg\" class=\"attachment-thumbnail size-thumbnail\" alt=\"\" aria-describedby=\"gallery-1-22224\" srcset=\"https:\/\/www.arquimaster.com.ar\/web\/wp-content\/uploads\/2016\/09\/procrear_santiago32-150x150.jpg 150w, https:\/\/www.arquimaster.com.ar\/web\/wp-content\/uploads\/2016\/09\/procrear_santiago32-50x50.jpg 50w, https:\/\/www.arquimaster.com.ar\/web\/wp-content\/uploads\/2016\/09\/procrear_santiago32-125x125.jpg 125w\" sizes=\"auto, (max-width: 150px) 100vw, 150px\" \/><\/a>\n\t\t\t<\/div>\n\t\t\t\t<figcaption class='wp-caption-text gallery-caption' id='gallery-1-22224'>\n\t\t\t\tEdificios de Viviendas PRO.CRE.AR. en Santiago del Estero \/ Estudio Aisenson + Estudio Alberto Varas &#038; Asociados + Atilio Pentimalli (avance de obra)\n\t\t\t\t<\/figcaption><\/figure><figure class='gallery-item'>\n\t\t\t<div class='gallery-icon landscape'>\n\t\t\t\t<a href='https:\/\/www.arquimaster.com.ar\/web\/wp-content\/uploads\/2016\/09\/procrear_santiago33.jpg' title=\"Edificios de Viviendas PRO.CRE.AR. en Santiago del Estero \/ Estudio Aisenson + Estudio Alberto Varas &amp; Asociados + Atilio Pentimalli (avance de obra)\" data-rl_title=\"Edificios de Viviendas PRO.CRE.AR. en Santiago del Estero \/ Estudio Aisenson + Estudio Alberto Varas &amp; Asociados + Atilio Pentimalli (avance de obra)\" class=\"rl-gallery-link\" data-rl_caption=\"Edificios de Viviendas PRO.CRE.AR. en Santiago del Estero \/ Estudio Aisenson + Estudio Alberto Varas &amp; Asociados + Atilio Pentimalli (avance de obra)\" data-rel=\"lightbox-gallery-1\"><img loading=\"lazy\" decoding=\"async\" width=\"150\" height=\"150\" src=\"https:\/\/www.arquimaster.com.ar\/web\/wp-content\/uploads\/2016\/09\/procrear_santiago33-150x150.jpg\" class=\"attachment-thumbnail size-thumbnail\" alt=\"\" aria-describedby=\"gallery-1-22225\" srcset=\"https:\/\/www.arquimaster.com.ar\/web\/wp-content\/uploads\/2016\/09\/procrear_santiago33-150x150.jpg 150w, https:\/\/www.arquimaster.com.ar\/web\/wp-content\/uploads\/2016\/09\/procrear_santiago33-50x50.jpg 50w, https:\/\/www.arquimaster.com.ar\/web\/wp-content\/uploads\/2016\/09\/procrear_santiago33-125x125.jpg 125w\" sizes=\"auto, (max-width: 150px) 100vw, 150px\" \/><\/a>\n\t\t\t<\/div>\n\t\t\t\t<figcaption class='wp-caption-text gallery-caption' id='gallery-1-22225'>\n\t\t\t\tEdificios de Viviendas PRO.CRE.AR. en Santiago del Estero \/ Estudio Aisenson + Estudio Alberto Varas &#038; Asociados + Atilio Pentimalli (avance de obra)\n\t\t\t\t<\/figcaption><\/figure><figure class='gallery-item'>\n\t\t\t<div class='gallery-icon landscape'>\n\t\t\t\t<a href='https:\/\/www.arquimaster.com.ar\/web\/wp-content\/uploads\/2016\/09\/procrear_santiago34.jpg' title=\"Edificios de Viviendas PRO.CRE.AR. en Santiago del Estero \/ Estudio Aisenson + Estudio Alberto Varas &amp; Asociados + Atilio Pentimalli (avance de obra)\" data-rl_title=\"Edificios de Viviendas PRO.CRE.AR. en Santiago del Estero \/ Estudio Aisenson + Estudio Alberto Varas &amp; Asociados + Atilio Pentimalli (avance de obra)\" class=\"rl-gallery-link\" data-rl_caption=\"Edificios de Viviendas PRO.CRE.AR. en Santiago del Estero \/ Estudio Aisenson + Estudio Alberto Varas &amp; Asociados + Atilio Pentimalli (avance de obra)\" data-rel=\"lightbox-gallery-1\"><img loading=\"lazy\" decoding=\"async\" width=\"150\" height=\"150\" src=\"https:\/\/www.arquimaster.com.ar\/web\/wp-content\/uploads\/2016\/09\/procrear_santiago34-150x150.jpg\" class=\"attachment-thumbnail size-thumbnail\" alt=\"\" aria-describedby=\"gallery-1-22226\" srcset=\"https:\/\/www.arquimaster.com.ar\/web\/wp-content\/uploads\/2016\/09\/procrear_santiago34-150x150.jpg 150w, https:\/\/www.arquimaster.com.ar\/web\/wp-content\/uploads\/2016\/09\/procrear_santiago34-50x50.jpg 50w, https:\/\/www.arquimaster.com.ar\/web\/wp-content\/uploads\/2016\/09\/procrear_santiago34-125x125.jpg 125w\" sizes=\"auto, (max-width: 150px) 100vw, 150px\" \/><\/a>\n\t\t\t<\/div>\n\t\t\t\t<figcaption class='wp-caption-text gallery-caption' id='gallery-1-22226'>\n\t\t\t\tEdificios de Viviendas PRO.CRE.AR. en Santiago del Estero \/ Estudio Aisenson + Estudio Alberto Varas &#038; Asociados + Atilio Pentimalli (avance de obra)\n\t\t\t\t<\/figcaption><\/figure>\n\t\t<\/div>\n\n<p><strong>Ajustes de dise\u00f1o introducidos en el croquis preliminar provisto por las bases del llamado a Licitaci\u00f3n<\/strong><br \/>\nDe acuerdo a lo solicitado por las autoridades del Programa se ha mantenido el plan de masas sin alterar la pisada, la volumetr\u00eda, la altura o la disposici\u00f3n de los vol\u00famenes en el terreno. Tambi\u00e9n se ha conservado la posici\u00f3n respecto de las l\u00edneas municipales de los edificios que componen el conjunto, facilitando as\u00ed la continuidad de las gestiones previas realizadas para la aprobaci\u00f3n municipal del proyecto.<\/p>\n<p>Se han introducido, en cambio, modificaciones de distinto tipo fundamentadas, por un lado, en consideraciones ambientales y clim\u00e1ticas y, por el otro, en la finalidad de mejorar situaciones de accesibilidad, relaci\u00f3n con el paisaje y de comunicaci\u00f3n y uso de los espacios privados y consorciales. Espacios, estos \u00faltimos, a los que el croquis original atribuye gran importancia a trav\u00e9s del sistema de pasarelas elevadas que propone para vincular los SUM de los edificios. Estas funciones han sido trasladadas a la Planta Baja del conjunto.<\/p>\n<p>En relaci\u00f3n a las unidades de vivienda y espacios comunes y de circulaci\u00f3n, para su mejor distribuci\u00f3n, en algunos casos, especialmente en los basamentos, se han efectuado algunos cambios de posicionamiento de unidades funcionales y se han reducido circulaciones para una mayor eficacia circulatoria.<\/p>\n<p>La Empresa y el equipo proyectista han considerado que la adaptaci\u00f3n a las condiciones clim\u00e1ticas extremas de la Ciudad de Santiago de Estero, la creaci\u00f3n de un paisaje propio en el interior de la manzana para uso de los futuros habitantes, como el aporte de una volumetr\u00eda y un dise\u00f1o arquitect\u00f3nico diverso y flexible de la vivienda y la presencia de un espacio p\u00fablico que consolide la estructura urbana de la ciudad y del sitio en particular, deben formar parte integral de su propuesta constructiva.<\/p>\n<p>Con ese fin las modificaciones que se han propuesto son las siguientes:<\/p>\n<p><strong>a) Recuperaci\u00f3n del centro de manzana<\/strong><br \/>\nEn el centro del conjunto se aprovechan las cotas existentes del terreno que acusan una importante diferencia de nivel de casi 2.00 metros de profundidad medidos sobre el frente de la Avenida Belgrano Norte entre la cota a nivel vereda y el nivel actual del terreno. Tomando en cuenta la propuesta de elevaci\u00f3n del nivel de las plantas bajas, fijada en el croquis preliminar a +0.60 metros, se usa esa diferencia con el nivel existente del terreno colocando entre + 0.70 metros (cota de proyecto de los halles de planta baja) y -1.70 metros (cota media del nivel actual de terreno sobre Belgrano Norte) un nivel semi cubierto destinado a estacionamiento a -1.70 metros que reemplaza los semi cubiertos que se ubicaban en Planta Baja y los estacionamientos a + 0.60 metros indicados en los croquis preliminares.<\/p>\n<p>Esta soluci\u00f3n permite recuperar el centro de la manzana como \u00e1reas con jardines para uso de los cuatro consorcios. De esta forma se reproduce, en parte, el uso de los semicubiertos en Planta Baja que a +0.60 metros suger\u00edan los croquis preliminares de las bases.<\/p>\n<p>Sobre el frente de la calle Matienzo donde la diferencia de niveles es menor, se excava hasta alcanzar la cota -1.70 metros, tambi\u00e9n con el criterio de un nivel semi cubierto.<\/p>\n<p>Se hace notar que ya que el estudio de suelos sugiere un desmonte de 1 metro del terreno para fundar, esta excavaci\u00f3n no requerir\u00e1 luego vol\u00famenes importantes de relleno para alcanzar las cotas de la edificaci\u00f3n.<\/p>\n<p>El desmonte de 1 metro sugerido por el estudio de suelos, colabora asimismo, particularmente sobre la calle Matienzo. a la preparaci\u00f3n de la cota -1.70 metros para estacionamientos de los edificios situados sobre ese frente.<\/p>\n<p>De esta manera se logran dos importantes mejoras: en primer lugar se despeja de autom\u00f3viles el \u00e1rea central del terreno para uso de los habitantes de los edificios permitiendo la creaci\u00f3n de jardines y espacios sombreados con vegetaci\u00f3n y arboledas nativas, adecuados al clima local para su uso por los habitantes de los consorcios.<\/p>\n<p>En segundo lugar, se elimina el nocivo efecto reflejante de las altas temperaturas generadas por la chapa de los autom\u00f3viles expuestas a los rayos solares y la producci\u00f3n de gases, ruidos y circulaciones vehiculares en el lugar mas requerido visualmente del conjunto, con un importante potencial de uso.<\/p>\n<p>La colocaci\u00f3n de los autom\u00f3viles en la cota -1,70 metros mejora sustancialmente la condici\u00f3n ambiental y visual del coraz\u00f3n de la manzana.<\/p>\n<p>Un beneficio adicional de esta soluci\u00f3n en corte que aprovecha la topograf\u00eda actual del terreno, es el ahorro energ\u00e9tico y ambiental que significa la reducci\u00f3n del n\u00famero de camiones que ser\u00edan necesarios para rellenarlo y llevarlo a la cota +0.60 metros que los croquis preliminares sugieren. A lo que habr\u00eda que agregar que, dadas las condiciones del terreno, la excavaci\u00f3n necesaria para fundar las estructuras tambi\u00e9n producir\u00e1 un importante volumen de tierra excedente que, en la opci\u00f3n presentada, puede usarse para la ejecuci\u00f3n de movimientos de tierra paisaj\u00edsticos de las \u00e1reas del terreno sobre las que no se construye y que quedan a cotas por debajo del nivel vereda. As\u00ed se reduce sustancialmente la entrada y salida de camiones de tierra al predio y su consecuente circulaci\u00f3n por la ciudad. Esto permite, tambi\u00e9n, una reducci\u00f3n de los plazos de obra.<\/p>\n<p><strong>b) Tratamiento de las terrazas de los basamentos<\/strong><br \/>\nPara proteger las terrazas horizontales de los efectos de las altas y bajas temperaturas se ha previsto proteger tanto las de las terrazas superiores de las torres como las losas de coronamiento del basamento con un sandwich de tierra vermiculita, arena volc\u00e1nica y arena com\u00fan bajo un manto de Macdrain geotextil.<\/p>\n<p>Sobre la terraza se colocar\u00e1n maceteros con pasto llor\u00f3n (un pasto salvaje de muy bajo riego), cact\u00e1ceas, crasas y diente de le\u00f3n que crear\u00e1n una c\u00e1mara de aire sobre las terrazas. Las terrazas ser\u00e1n accesibles solo para mantenimiento y para cumplir una funci\u00f3n visual.<\/p>\n<p>Parte de las mismas ser\u00e1n de uso exclusivo de las unidades de vivienda de las torres que dan sobre los techos de los basamentos ya que las actividades de uso com\u00fan y los SUM se han trasladado a la Planta Baja.<\/p>\n<p><strong>c) Reposicionamiento de los SUM y espacios de usos com\u00fan<\/strong><br \/>\nLos Salones de Usos M\u00faltiples de los cuatro edificios han sido reubicados en la Planta Baja, en proximidad a patios sombreados de los basamentos de los edificios con vinculaci\u00f3n interior-exterior que facilitan un uso flexible del SUM, con posibles expansiones sobre jardines de sombra.<\/p>\n<p>Esta posici\u00f3n de los SUM tambi\u00e9n habilita la posibilidad de acceso a los mismos desde el exterior del edificio, sin pasar por el hall de acceso. La cercan\u00eda de los cuatro SUM facilita eventuales contactos sociales aprovechando las caracter\u00edsticas verdes y arboladas del jardin del centro de manzana.<\/p>\n<p><strong>d) Tratamiento paisaj\u00edstico del centro de manzana<\/strong><br \/>\nPara el centro de la manzana se propone un sistema de cuatro jardines interconectados pero independientes entre si de acuerdo a las l\u00edneas divisorias de predios. Dada las condiciones de dif\u00edcil mantenimiento de las grandes carpetas verdes, se entremezclar\u00e1n las arboledas con manchones verdes, zonas de pedregullo, chips de madera, arena y binder con plataformas de madera y grupos de macizos arbustivos que conformar\u00e1n un patchwork que exprese las especies nativas y los tratamientos caracter\u00edsticos de la zona geogr\u00e1fica.<\/p>\n<p>En proximidad de los SUM y bajo la sombra de los edificios, seg\u00fan su orientaci\u00f3n, se colocar\u00e1n p\u00e9rgolas pr\u00f3ximas a la sombra que arrojan los vol\u00famenes edificados para sostener enredaderas que en ese microclima podr\u00e1n crecer y que contribuir\u00e1n a una de las principales condiciones para el uso del espacio exterior como lo son las \u00e1reas de sombra. En general se colocar\u00e1 material vegetal que requiera bajo riego y mantenimiento (corte).<\/p>\n<p><strong>e) Ajuste de los n\u00facleos de ascensores y de los halles de acceso a los edificios<\/strong><br \/>\nLos n\u00facleos de ascensores y escaleras han sido ajustados para mejorar su eficiencia y permitir resolver su accesibilidad a la cota +0.70 metros de los halles de acceso a los edificios. Se colocar\u00e1n dos ascensores por torre de vivienda de la velocidad adecuada para servir las unidades de cada grupo.<\/p>\n<p>Se agrega una rampa de acceso para discapacitados. Los ascensores y escalera del n\u00facleo llegan hasta la cota de los semicubiertos de estacionamiento a -0.70 metros. Los paliers de los edificios han sido dimensionados tomando en consideraci\u00f3n las condiciones de accesibilidad.<\/p>\n<p><strong>f) Tratamiento de la planta de estacionamiento a -1.70 metros<\/strong><br \/>\nEsta planta es abierta, con el car\u00e1cter de una superficie semi-cubierta. Se comunica con la planta baja a +0.70 metros a trav\u00e9s de grandes aberturas y taludes verdes, sin carpinter\u00edas. Esta situaci\u00f3n permite un alto grado de vetilaci\u00f3n y sombra y un contacto visual fuerte con los jardines y el exterior pero sin una presencia inmediata. Las rampas, cortas y al descubierto, descienden 1.70 metros desde el nivel vereda de cada edificio.<\/p>\n<p><strong>g) Viviendas en Planta baja<\/strong><br \/>\nPara completar el total de unidades y el uso de la planta baja, hacia el interior de los jardines propuestos en los edificios Norte y Sur se han incorporado algunas unidades de vivienda con terrazas propias dando a los jardines comunes. Estas unidades se ubican en los espacios que antes ocupaban los autom\u00f3viles.<\/p>\n<p><strong>h) Variaciones de las tipolog\u00edas de vivienda<\/strong><br \/>\nLas viviendas son de distinto tipo de uno, dos y tres dormitorios. Con distintos espacios exteriores como balcones y terrazas de distintos tama\u00f1os como puede observarse en las planillas adjuntas a los planos provistos. El amplio espacio de relaci\u00f3n con el exterior, a trav\u00e9s de los balcones corridos y terrazas, permite la ampliaci\u00f3n y regulaci\u00f3n clim\u00e1tica de las viviendas como la incorporaci\u00f3n de superficie para lavaderos, ampliaci\u00f3n de dormitorios y de \u00e1reas de estar. Tambi\u00e9n permite la colocaci\u00f3n de equipos para aire acondicionado sin afectar la estructura de las fachadas.<\/p>\n<p><strong>i) Recovas de protecci\u00f3n de los locales comerciales<\/strong><br \/>\nPara mejorar las condiciones ambientales de los locales y de los transe\u00fantes, delante de los locales comerciales, a cota +\/-0.00 metros, se propone una recova que protege de los rayos solares y las bajas temperaturas a los vecinos que transitan por las veredas p\u00fablicas.<\/p>\n<p><strong>j) Arquitectura contempor\u00e1nea e identidad local<\/strong><br \/>\nEl proyecto se expresa como una pieza de arquitectura contempor\u00e1nea que toma los factores clim\u00e1ticos, geogr\u00e1ficos y paisaj\u00edsticos locales para incorporar a Santiago dentro de las corrientes urbanas y arquitect\u00f3nicas de la actualidad pero con una identidad propia.<\/p>\n<p>Los materiales del proyecto son la sombra, las expansiones exteriores de clima controlado, la variedad de trabajo de los materiales del suelo, piedra, chips de madera, binder, pastos salvajes, flora nativa y, desde el punto de vista urbano, la construcci\u00f3n del espacio p\u00fablico desde la arquitectura.<\/p>\n<p><strong>Ficha t\u00e9cnica<\/strong><br \/>\nNombre: Edificios de Viviendas PRO.CRE.AR. en Santiago del Estero<br \/>\nUbicaci\u00f3n: Calle Belgrano Norte, Santiago del Estero, Argentina<br \/>\nProyectista: Estudio Aisenson + Estudio Alberto Varas &amp; Asociados + Atilio Pentimalli<br \/>\nEmpresa constructora: Regam<br \/>\nConcurso: Concurso de Viviendas PRO.CRE.AR.<br \/>\nOrganizador: Plan Nacional de Viviendas PRO.CRE.AR.<br \/>\nPremio: Primer Premio<\/p>\n<p><strong>Contacto:<\/strong> <a href=\"http:\/\/www.asnnoise.com.ar\" target=\"_blank\">http:\/\/www.asnnoise.com.ar<\/a><\/p>\n\n<div style=\"font-size: 0px; height: 0px; line-height: 0px; margin: 0; padding: 0; clear: both;\"><\/div><div style=\"margin-top: 0px; margin-bottom: 0px;\" class=\"sharethis-inline-share-buttons\" ><\/div>","protected":false},"excerpt":{"rendered":"<p>Arquitectura contempor\u00e1nea que toma factores clim\u00e1ticos, geogr\u00e1ficos y paisaj\u00edsticos locales&#8230;<\/p>\n","protected":false},"author":1,"featured_media":22229,"comment_status":"closed","ping_status":"closed","sticky":false,"template":"","format":"standard","meta":{"_uag_custom_page_level_css":"","footnotes":""},"categories":[80,1],"tags":[1947,3838,3932,87,3850,1431,1432,214,91],"class_list":["post-22191","post","type-post","status-publish","format-standard","has-post-thumbnail","hentry","category-edificio-viviendas","category-proyecto","tag-alberto-varas","tag-asnnoise","tag-atilio-pentimalli","tag-edificio-de-viviendas","tag-estudio-aisenson","tag-pro-cre-ar","tag-procrear","tag-santiago-del-estero","tag-vivienda-multifamiliar","generate-columns","tablet-grid-50","mobile-grid-100","grid-parent","grid-50"],"yoast_head":"<!-- This site is optimized with the Yoast SEO plugin v27.3 - https:\/\/yoast.com\/product\/yoast-seo-wordpress\/ -->\n<title>Edificios de Viviendas PRO.CRE.AR. en Santiago del Estero \/ Estudio Aisenson + Estudio Alberto Varas &amp; Asociados + Atilio Pentimalli - Arquimaster<\/title>\n<meta name=\"robots\" content=\"index, follow, max-snippet:-1, max-image-preview:large, max-video-preview:-1\" \/>\n<link rel=\"canonical\" href=\"https:\/\/www.arquimaster.com.ar\/web\/edificios-de-viviendas-pro-cre-ar-en-santiago-del-estero-estudio-aisenson-estudio-alberto-varas-asociados-atilio-pentimalli\/\" \/>\n<meta property=\"og:locale\" content=\"es_ES\" \/>\n<meta property=\"og:type\" content=\"article\" \/>\n<meta property=\"og:title\" content=\"Edificios de Viviendas PRO.CRE.AR. en Santiago del Estero \/ Estudio Aisenson + Estudio Alberto Varas &amp; Asociados + Atilio Pentimalli - Arquimaster\" \/>\n<meta property=\"og:description\" content=\"Arquitectura contempor\u00e1nea que toma factores clim\u00e1ticos, geogr\u00e1ficos y paisaj\u00edsticos locales...\" \/>\n<meta property=\"og:url\" content=\"https:\/\/www.arquimaster.com.ar\/web\/edificios-de-viviendas-pro-cre-ar-en-santiago-del-estero-estudio-aisenson-estudio-alberto-varas-asociados-atilio-pentimalli\/\" \/>\n<meta property=\"og:site_name\" content=\"Arquimaster\" \/>\n<meta property=\"article:publisher\" content=\"http:\/\/www.facebook.com\/ARQUIMASTER.com.ar\" \/>\n<meta property=\"article:published_time\" content=\"2016-09-05T02:48:01+00:00\" \/>\n<meta property=\"article:modified_time\" content=\"2016-09-28T03:45:54+00:00\" \/>\n<meta property=\"og:image\" content=\"https:\/\/www.arquimaster.com.ar\/web\/wp-content\/uploads\/2016\/09\/procrear_santiago_slide.jpg\" \/>\n\t<meta property=\"og:image:width\" content=\"642\" \/>\n\t<meta property=\"og:image:height\" content=\"428\" \/>\n\t<meta property=\"og:image:type\" content=\"image\/jpeg\" \/>\n<meta name=\"author\" content=\"Arquimaster\" \/>\n<meta name=\"twitter:card\" content=\"summary_large_image\" \/>\n<meta name=\"twitter:creator\" content=\"@arquimaster\" \/>\n<meta name=\"twitter:site\" content=\"@arquimaster\" \/>\n<meta name=\"twitter:label1\" content=\"Escrito por\" \/>\n\t<meta name=\"twitter:data1\" content=\"Arquimaster\" \/>\n\t<meta name=\"twitter:label2\" content=\"Tiempo de lectura\" \/>\n\t<meta name=\"twitter:data2\" content=\"10 minutos\" \/>\n<script type=\"application\/ld+json\" class=\"yoast-schema-graph\">{\"@context\":\"https:\\\/\\\/schema.org\",\"@graph\":[{\"@type\":\"Article\",\"@id\":\"https:\\\/\\\/www.arquimaster.com.ar\\\/web\\\/edificios-de-viviendas-pro-cre-ar-en-santiago-del-estero-estudio-aisenson-estudio-alberto-varas-asociados-atilio-pentimalli\\\/#article\",\"isPartOf\":{\"@id\":\"https:\\\/\\\/www.arquimaster.com.ar\\\/web\\\/edificios-de-viviendas-pro-cre-ar-en-santiago-del-estero-estudio-aisenson-estudio-alberto-varas-asociados-atilio-pentimalli\\\/\"},\"author\":{\"name\":\"Arquimaster\",\"@id\":\"https:\\\/\\\/www.arquimaster.com.ar\\\/web\\\/#\\\/schema\\\/person\\\/359e9f7c00193fcde068e0dd2ceb0028\"},\"headline\":\"Edificios de Viviendas PRO.CRE.AR. en Santiago del Estero \\\/ Estudio Aisenson + Estudio Alberto Varas &#038; Asociados + Atilio Pentimalli\",\"datePublished\":\"2016-09-05T02:48:01+00:00\",\"dateModified\":\"2016-09-28T03:45:54+00:00\",\"mainEntityOfPage\":{\"@id\":\"https:\\\/\\\/www.arquimaster.com.ar\\\/web\\\/edificios-de-viviendas-pro-cre-ar-en-santiago-del-estero-estudio-aisenson-estudio-alberto-varas-asociados-atilio-pentimalli\\\/\"},\"wordCount\":2027,\"publisher\":{\"@id\":\"https:\\\/\\\/www.arquimaster.com.ar\\\/web\\\/#organization\"},\"image\":{\"@id\":\"https:\\\/\\\/www.arquimaster.com.ar\\\/web\\\/edificios-de-viviendas-pro-cre-ar-en-santiago-del-estero-estudio-aisenson-estudio-alberto-varas-asociados-atilio-pentimalli\\\/#primaryimage\"},\"thumbnailUrl\":\"https:\\\/\\\/www.arquimaster.com.ar\\\/web\\\/wp-content\\\/uploads\\\/2016\\\/09\\\/procrear_santiago_slide.jpg\",\"keywords\":[\"Alberto Varas\",\"ASN\\\/nOISE\",\"Atilio Pentimalli\",\"edificio de viviendas\",\"Estudio Aisenson\",\"PRO.CRE.AR.\",\"Procrear\",\"Santiago del Estero\",\"vivienda multifamiliar\"],\"articleSection\":[\"Edificios de viviendas\",\"Proyecto\"],\"inLanguage\":\"es\"},{\"@type\":\"WebPage\",\"@id\":\"https:\\\/\\\/www.arquimaster.com.ar\\\/web\\\/edificios-de-viviendas-pro-cre-ar-en-santiago-del-estero-estudio-aisenson-estudio-alberto-varas-asociados-atilio-pentimalli\\\/\",\"url\":\"https:\\\/\\\/www.arquimaster.com.ar\\\/web\\\/edificios-de-viviendas-pro-cre-ar-en-santiago-del-estero-estudio-aisenson-estudio-alberto-varas-asociados-atilio-pentimalli\\\/\",\"name\":\"Edificios de Viviendas PRO.CRE.AR. en Santiago del Estero \\\/ Estudio Aisenson + Estudio Alberto Varas & Asociados + Atilio Pentimalli - Arquimaster\",\"isPartOf\":{\"@id\":\"https:\\\/\\\/www.arquimaster.com.ar\\\/web\\\/#website\"},\"primaryImageOfPage\":{\"@id\":\"https:\\\/\\\/www.arquimaster.com.ar\\\/web\\\/edificios-de-viviendas-pro-cre-ar-en-santiago-del-estero-estudio-aisenson-estudio-alberto-varas-asociados-atilio-pentimalli\\\/#primaryimage\"},\"image\":{\"@id\":\"https:\\\/\\\/www.arquimaster.com.ar\\\/web\\\/edificios-de-viviendas-pro-cre-ar-en-santiago-del-estero-estudio-aisenson-estudio-alberto-varas-asociados-atilio-pentimalli\\\/#primaryimage\"},\"thumbnailUrl\":\"https:\\\/\\\/www.arquimaster.com.ar\\\/web\\\/wp-content\\\/uploads\\\/2016\\\/09\\\/procrear_santiago_slide.jpg\",\"datePublished\":\"2016-09-05T02:48:01+00:00\",\"dateModified\":\"2016-09-28T03:45:54+00:00\",\"breadcrumb\":{\"@id\":\"https:\\\/\\\/www.arquimaster.com.ar\\\/web\\\/edificios-de-viviendas-pro-cre-ar-en-santiago-del-estero-estudio-aisenson-estudio-alberto-varas-asociados-atilio-pentimalli\\\/#breadcrumb\"},\"inLanguage\":\"es\",\"potentialAction\":[{\"@type\":\"ReadAction\",\"target\":[\"https:\\\/\\\/www.arquimaster.com.ar\\\/web\\\/edificios-de-viviendas-pro-cre-ar-en-santiago-del-estero-estudio-aisenson-estudio-alberto-varas-asociados-atilio-pentimalli\\\/\"]}]},{\"@type\":\"ImageObject\",\"inLanguage\":\"es\",\"@id\":\"https:\\\/\\\/www.arquimaster.com.ar\\\/web\\\/edificios-de-viviendas-pro-cre-ar-en-santiago-del-estero-estudio-aisenson-estudio-alberto-varas-asociados-atilio-pentimalli\\\/#primaryimage\",\"url\":\"https:\\\/\\\/www.arquimaster.com.ar\\\/web\\\/wp-content\\\/uploads\\\/2016\\\/09\\\/procrear_santiago_slide.jpg\",\"contentUrl\":\"https:\\\/\\\/www.arquimaster.com.ar\\\/web\\\/wp-content\\\/uploads\\\/2016\\\/09\\\/procrear_santiago_slide.jpg\",\"width\":642,\"height\":428},{\"@type\":\"BreadcrumbList\",\"@id\":\"https:\\\/\\\/www.arquimaster.com.ar\\\/web\\\/edificios-de-viviendas-pro-cre-ar-en-santiago-del-estero-estudio-aisenson-estudio-alberto-varas-asociados-atilio-pentimalli\\\/#breadcrumb\",\"itemListElement\":[{\"@type\":\"ListItem\",\"position\":1,\"name\":\"Portada\",\"item\":\"https:\\\/\\\/www.arquimaster.com.ar\\\/web\\\/\"},{\"@type\":\"ListItem\",\"position\":2,\"name\":\"Edificios de Viviendas PRO.CRE.AR. en Santiago del Estero \\\/ Estudio Aisenson + Estudio Alberto Varas &#038; Asociados + Atilio Pentimalli\"}]},{\"@type\":\"WebSite\",\"@id\":\"https:\\\/\\\/www.arquimaster.com.ar\\\/web\\\/#website\",\"url\":\"https:\\\/\\\/www.arquimaster.com.ar\\\/web\\\/\",\"name\":\"Arquimaster\",\"description\":\"Web de arquitectura, dise\u00f1o y construccion\",\"publisher\":{\"@id\":\"https:\\\/\\\/www.arquimaster.com.ar\\\/web\\\/#organization\"},\"potentialAction\":[{\"@type\":\"SearchAction\",\"target\":{\"@type\":\"EntryPoint\",\"urlTemplate\":\"https:\\\/\\\/www.arquimaster.com.ar\\\/web\\\/?s={search_term_string}\"},\"query-input\":{\"@type\":\"PropertyValueSpecification\",\"valueRequired\":true,\"valueName\":\"search_term_string\"}}],\"inLanguage\":\"es\"},{\"@type\":\"Organization\",\"@id\":\"https:\\\/\\\/www.arquimaster.com.ar\\\/web\\\/#organization\",\"name\":\"Arquimaster\",\"url\":\"https:\\\/\\\/www.arquimaster.com.ar\\\/web\\\/\",\"logo\":{\"@type\":\"ImageObject\",\"inLanguage\":\"es\",\"@id\":\"https:\\\/\\\/www.arquimaster.com.ar\\\/web\\\/#\\\/schema\\\/logo\\\/image\\\/\",\"url\":\"https:\\\/\\\/www.arquimaster.com.ar\\\/web\\\/wp-content\\\/uploads\\\/2022\\\/06\\\/arquimaster.png\",\"contentUrl\":\"https:\\\/\\\/www.arquimaster.com.ar\\\/web\\\/wp-content\\\/uploads\\\/2022\\\/06\\\/arquimaster.png\",\"width\":594,\"height\":78,\"caption\":\"Arquimaster\"},\"image\":{\"@id\":\"https:\\\/\\\/www.arquimaster.com.ar\\\/web\\\/#\\\/schema\\\/logo\\\/image\\\/\"},\"sameAs\":[\"http:\\\/\\\/www.facebook.com\\\/ARQUIMASTER.com.ar\",\"https:\\\/\\\/x.com\\\/arquimaster\",\"https:\\\/\\\/www.instagram.com\\\/arquimasterblog\\\/\",\"https:\\\/\\\/www.linkedin.com\\\/company\\\/arquimaster\",\"https:\\\/\\\/www.pinterest.com\\\/arquimaster\",\"https:\\\/\\\/t.me\\\/arquimaster\"]},{\"@type\":\"Person\",\"@id\":\"https:\\\/\\\/www.arquimaster.com.ar\\\/web\\\/#\\\/schema\\\/person\\\/359e9f7c00193fcde068e0dd2ceb0028\",\"name\":\"Arquimaster\"}]}<\/script>\n<!-- \/ Yoast SEO plugin. -->","yoast_head_json":{"title":"Edificios de Viviendas PRO.CRE.AR. en Santiago del Estero \/ Estudio Aisenson + Estudio Alberto Varas & Asociados + Atilio Pentimalli - Arquimaster","robots":{"index":"index","follow":"follow","max-snippet":"max-snippet:-1","max-image-preview":"max-image-preview:large","max-video-preview":"max-video-preview:-1"},"canonical":"https:\/\/www.arquimaster.com.ar\/web\/edificios-de-viviendas-pro-cre-ar-en-santiago-del-estero-estudio-aisenson-estudio-alberto-varas-asociados-atilio-pentimalli\/","og_locale":"es_ES","og_type":"article","og_title":"Edificios de Viviendas PRO.CRE.AR. en Santiago del Estero \/ Estudio Aisenson + Estudio Alberto Varas & Asociados + Atilio Pentimalli - Arquimaster","og_description":"Arquitectura contempor\u00e1nea que toma factores clim\u00e1ticos, geogr\u00e1ficos y paisaj\u00edsticos locales...","og_url":"https:\/\/www.arquimaster.com.ar\/web\/edificios-de-viviendas-pro-cre-ar-en-santiago-del-estero-estudio-aisenson-estudio-alberto-varas-asociados-atilio-pentimalli\/","og_site_name":"Arquimaster","article_publisher":"http:\/\/www.facebook.com\/ARQUIMASTER.com.ar","article_published_time":"2016-09-05T02:48:01+00:00","article_modified_time":"2016-09-28T03:45:54+00:00","og_image":[{"width":642,"height":428,"url":"https:\/\/www.arquimaster.com.ar\/web\/wp-content\/uploads\/2016\/09\/procrear_santiago_slide.jpg","type":"image\/jpeg"}],"author":"Arquimaster","twitter_card":"summary_large_image","twitter_creator":"@arquimaster","twitter_site":"@arquimaster","twitter_misc":{"Escrito por":"Arquimaster","Tiempo de lectura":"10 minutos"},"schema":{"@context":"https:\/\/schema.org","@graph":[{"@type":"Article","@id":"https:\/\/www.arquimaster.com.ar\/web\/edificios-de-viviendas-pro-cre-ar-en-santiago-del-estero-estudio-aisenson-estudio-alberto-varas-asociados-atilio-pentimalli\/#article","isPartOf":{"@id":"https:\/\/www.arquimaster.com.ar\/web\/edificios-de-viviendas-pro-cre-ar-en-santiago-del-estero-estudio-aisenson-estudio-alberto-varas-asociados-atilio-pentimalli\/"},"author":{"name":"Arquimaster","@id":"https:\/\/www.arquimaster.com.ar\/web\/#\/schema\/person\/359e9f7c00193fcde068e0dd2ceb0028"},"headline":"Edificios de Viviendas PRO.CRE.AR. en Santiago del Estero \/ Estudio Aisenson + Estudio Alberto Varas &#038; Asociados + Atilio Pentimalli","datePublished":"2016-09-05T02:48:01+00:00","dateModified":"2016-09-28T03:45:54+00:00","mainEntityOfPage":{"@id":"https:\/\/www.arquimaster.com.ar\/web\/edificios-de-viviendas-pro-cre-ar-en-santiago-del-estero-estudio-aisenson-estudio-alberto-varas-asociados-atilio-pentimalli\/"},"wordCount":2027,"publisher":{"@id":"https:\/\/www.arquimaster.com.ar\/web\/#organization"},"image":{"@id":"https:\/\/www.arquimaster.com.ar\/web\/edificios-de-viviendas-pro-cre-ar-en-santiago-del-estero-estudio-aisenson-estudio-alberto-varas-asociados-atilio-pentimalli\/#primaryimage"},"thumbnailUrl":"https:\/\/www.arquimaster.com.ar\/web\/wp-content\/uploads\/2016\/09\/procrear_santiago_slide.jpg","keywords":["Alberto Varas","ASN\/nOISE","Atilio Pentimalli","edificio de viviendas","Estudio Aisenson","PRO.CRE.AR.","Procrear","Santiago del Estero","vivienda multifamiliar"],"articleSection":["Edificios de viviendas","Proyecto"],"inLanguage":"es"},{"@type":"WebPage","@id":"https:\/\/www.arquimaster.com.ar\/web\/edificios-de-viviendas-pro-cre-ar-en-santiago-del-estero-estudio-aisenson-estudio-alberto-varas-asociados-atilio-pentimalli\/","url":"https:\/\/www.arquimaster.com.ar\/web\/edificios-de-viviendas-pro-cre-ar-en-santiago-del-estero-estudio-aisenson-estudio-alberto-varas-asociados-atilio-pentimalli\/","name":"Edificios de Viviendas PRO.CRE.AR. en Santiago del Estero \/ Estudio Aisenson + Estudio Alberto Varas & Asociados + Atilio Pentimalli - Arquimaster","isPartOf":{"@id":"https:\/\/www.arquimaster.com.ar\/web\/#website"},"primaryImageOfPage":{"@id":"https:\/\/www.arquimaster.com.ar\/web\/edificios-de-viviendas-pro-cre-ar-en-santiago-del-estero-estudio-aisenson-estudio-alberto-varas-asociados-atilio-pentimalli\/#primaryimage"},"image":{"@id":"https:\/\/www.arquimaster.com.ar\/web\/edificios-de-viviendas-pro-cre-ar-en-santiago-del-estero-estudio-aisenson-estudio-alberto-varas-asociados-atilio-pentimalli\/#primaryimage"},"thumbnailUrl":"https:\/\/www.arquimaster.com.ar\/web\/wp-content\/uploads\/2016\/09\/procrear_santiago_slide.jpg","datePublished":"2016-09-05T02:48:01+00:00","dateModified":"2016-09-28T03:45:54+00:00","breadcrumb":{"@id":"https:\/\/www.arquimaster.com.ar\/web\/edificios-de-viviendas-pro-cre-ar-en-santiago-del-estero-estudio-aisenson-estudio-alberto-varas-asociados-atilio-pentimalli\/#breadcrumb"},"inLanguage":"es","potentialAction":[{"@type":"ReadAction","target":["https:\/\/www.arquimaster.com.ar\/web\/edificios-de-viviendas-pro-cre-ar-en-santiago-del-estero-estudio-aisenson-estudio-alberto-varas-asociados-atilio-pentimalli\/"]}]},{"@type":"ImageObject","inLanguage":"es","@id":"https:\/\/www.arquimaster.com.ar\/web\/edificios-de-viviendas-pro-cre-ar-en-santiago-del-estero-estudio-aisenson-estudio-alberto-varas-asociados-atilio-pentimalli\/#primaryimage","url":"https:\/\/www.arquimaster.com.ar\/web\/wp-content\/uploads\/2016\/09\/procrear_santiago_slide.jpg","contentUrl":"https:\/\/www.arquimaster.com.ar\/web\/wp-content\/uploads\/2016\/09\/procrear_santiago_slide.jpg","width":642,"height":428},{"@type":"BreadcrumbList","@id":"https:\/\/www.arquimaster.com.ar\/web\/edificios-de-viviendas-pro-cre-ar-en-santiago-del-estero-estudio-aisenson-estudio-alberto-varas-asociados-atilio-pentimalli\/#breadcrumb","itemListElement":[{"@type":"ListItem","position":1,"name":"Portada","item":"https:\/\/www.arquimaster.com.ar\/web\/"},{"@type":"ListItem","position":2,"name":"Edificios de Viviendas PRO.CRE.AR. en Santiago del Estero \/ Estudio Aisenson + Estudio Alberto Varas &#038; Asociados + Atilio Pentimalli"}]},{"@type":"WebSite","@id":"https:\/\/www.arquimaster.com.ar\/web\/#website","url":"https:\/\/www.arquimaster.com.ar\/web\/","name":"Arquimaster","description":"Web de arquitectura, dise\u00f1o y construccion","publisher":{"@id":"https:\/\/www.arquimaster.com.ar\/web\/#organization"},"potentialAction":[{"@type":"SearchAction","target":{"@type":"EntryPoint","urlTemplate":"https:\/\/www.arquimaster.com.ar\/web\/?s={search_term_string}"},"query-input":{"@type":"PropertyValueSpecification","valueRequired":true,"valueName":"search_term_string"}}],"inLanguage":"es"},{"@type":"Organization","@id":"https:\/\/www.arquimaster.com.ar\/web\/#organization","name":"Arquimaster","url":"https:\/\/www.arquimaster.com.ar\/web\/","logo":{"@type":"ImageObject","inLanguage":"es","@id":"https:\/\/www.arquimaster.com.ar\/web\/#\/schema\/logo\/image\/","url":"https:\/\/www.arquimaster.com.ar\/web\/wp-content\/uploads\/2022\/06\/arquimaster.png","contentUrl":"https:\/\/www.arquimaster.com.ar\/web\/wp-content\/uploads\/2022\/06\/arquimaster.png","width":594,"height":78,"caption":"Arquimaster"},"image":{"@id":"https:\/\/www.arquimaster.com.ar\/web\/#\/schema\/logo\/image\/"},"sameAs":["http:\/\/www.facebook.com\/ARQUIMASTER.com.ar","https:\/\/x.com\/arquimaster","https:\/\/www.instagram.com\/arquimasterblog\/","https:\/\/www.linkedin.com\/company\/arquimaster","https:\/\/www.pinterest.com\/arquimaster","https:\/\/t.me\/arquimaster"]},{"@type":"Person","@id":"https:\/\/www.arquimaster.com.ar\/web\/#\/schema\/person\/359e9f7c00193fcde068e0dd2ceb0028","name":"Arquimaster"}]}},"uagb_featured_image_src":{"full":["https:\/\/www.arquimaster.com.ar\/web\/wp-content\/uploads\/2016\/09\/procrear_santiago_slide.jpg",642,428,false],"thumbnail":["https:\/\/www.arquimaster.com.ar\/web\/wp-content\/uploads\/2016\/09\/procrear_santiago_slide-150x150.jpg",150,150,true],"medium":["https:\/\/www.arquimaster.com.ar\/web\/wp-content\/uploads\/2016\/09\/procrear_santiago_slide.jpg",642,428,false],"medium_large":["https:\/\/www.arquimaster.com.ar\/web\/wp-content\/uploads\/2016\/09\/procrear_santiago_slide.jpg",642,428,false],"large":["https:\/\/www.arquimaster.com.ar\/web\/wp-content\/uploads\/2016\/09\/procrear_santiago_slide.jpg",642,428,false],"1536x1536":["https:\/\/www.arquimaster.com.ar\/web\/wp-content\/uploads\/2016\/09\/procrear_santiago_slide.jpg",642,428,false],"2048x2048":["https:\/\/www.arquimaster.com.ar\/web\/wp-content\/uploads\/2016\/09\/procrear_santiago_slide.jpg",642,428,false]},"uagb_author_info":{"display_name":"Arquimaster","author_link":"https:\/\/www.arquimaster.com.ar\/web\/author\/arquimaster\/"},"uagb_comment_info":0,"uagb_excerpt":"Arquitectura contempor\u00e1nea que toma factores clim\u00e1ticos, geogr\u00e1ficos y paisaj\u00edsticos locales...","_links":{"self":[{"href":"https:\/\/www.arquimaster.com.ar\/web\/wp-json\/wp\/v2\/posts\/22191","targetHints":{"allow":["GET"]}}],"collection":[{"href":"https:\/\/www.arquimaster.com.ar\/web\/wp-json\/wp\/v2\/posts"}],"about":[{"href":"https:\/\/www.arquimaster.com.ar\/web\/wp-json\/wp\/v2\/types\/post"}],"author":[{"embeddable":true,"href":"https:\/\/www.arquimaster.com.ar\/web\/wp-json\/wp\/v2\/users\/1"}],"replies":[{"embeddable":true,"href":"https:\/\/www.arquimaster.com.ar\/web\/wp-json\/wp\/v2\/comments?post=22191"}],"version-history":[{"count":0,"href":"https:\/\/www.arquimaster.com.ar\/web\/wp-json\/wp\/v2\/posts\/22191\/revisions"}],"wp:featuredmedia":[{"embeddable":true,"href":"https:\/\/www.arquimaster.com.ar\/web\/wp-json\/wp\/v2\/media\/22229"}],"wp:attachment":[{"href":"https:\/\/www.arquimaster.com.ar\/web\/wp-json\/wp\/v2\/media?parent=22191"}],"wp:term":[{"taxonomy":"category","embeddable":true,"href":"https:\/\/www.arquimaster.com.ar\/web\/wp-json\/wp\/v2\/categories?post=22191"},{"taxonomy":"post_tag","embeddable":true,"href":"https:\/\/www.arquimaster.com.ar\/web\/wp-json\/wp\/v2\/tags?post=22191"}],"curies":[{"name":"wp","href":"https:\/\/api.w.org\/{rel}","templated":true}]}}