{"id":22253,"date":"2016-09-14T01:16:53","date_gmt":"2016-09-14T01:16:53","guid":{"rendered":"http:\/\/www.arquimaster.com.ar\/web\/?p=22253"},"modified":"2022-02-23T15:05:43","modified_gmt":"2022-02-23T18:05:43","slug":"parque-da-gare-idom","status":"publish","type":"post","link":"https:\/\/www.arquimaster.com.ar\/web\/parque-da-gare-idom\/","title":{"rendered":"Parque da Gare \/ IDOM"},"content":{"rendered":"<div style=\"margin-top: 0px; margin-bottom: 0px;\" class=\"sharethis-inline-share-buttons\" ><\/div><div class=\"b812932af2e751442846f039925109de\" data-index=\"1\" style=\"float: none; margin:25px 0 25px 0; text-align:center;\">\n<script async src=\"https:\/\/pagead2.googlesyndication.com\/pagead\/js\/adsbygoogle.js\"><\/script>\r\n<!-- Arquimaster (superior) -->\r\n<ins class=\"adsbygoogle\"\r\n     style=\"display:block\"\r\n     data-ad-client=\"ca-pub-6351072698456832\"\r\n     data-ad-slot=\"6455489680\"\r\n     data-ad-format=\"auto\"\r\n     data-full-width-responsive=\"true\"><\/ins>\r\n<script>\r\n     (adsbygoogle = window.adsbygoogle || []).push({});\r\n<\/script>\n<\/div>\n<p><strong>Parque da Gare<\/strong> (Passo Fundo, Rio Grande Do Sul, Brasil) por <strong>IDOM<\/strong>. El Parque da Gare, creado en los a\u00f1os 80, se sit\u00faa junto a una antigua estaci\u00f3n ferroviaria. El estado de abandono en que se encontraba y el hecho de que est\u00e9 ubicado en pleno centro de la ciudad de Passo Fundo llevaron al ayuntamiento a tomar la decisi\u00f3n de poner en marcha un proyecto de revitalizaci\u00f3n paisaj\u00edstica y urban\u00edstica completa manteniendo algunos aspectos hist\u00f3ricos y naturales, pero bajo un nuevo dise\u00f1o de parque, e introduciendo nuevas infraestructuras.<\/p>\n<div id='gallery-1' class='gallery galleryid-22253 gallery-columns-3 gallery-size-thumbnail'><figure class='gallery-item'>\n\t\t\t<div class='gallery-icon portrait'>\n\t\t\t\t<a href='https:\/\/www.arquimaster.com.ar\/web\/wp-content\/uploads\/2016\/09\/parque_da_gare1.jpg' title=\"Parque da Gare \/ Idom (\u00a9 Marcelo Donadussi)\" data-rl_title=\"Parque da Gare \/ Idom (\u00a9 Marcelo Donadussi)\" class=\"rl-gallery-link\" data-rl_caption=\"Parque da Gare \/ Idom (\u00a9 Marcelo Donadussi)\" data-rel=\"lightbox-gallery-1\"><img loading=\"lazy\" decoding=\"async\" width=\"150\" height=\"150\" src=\"https:\/\/www.arquimaster.com.ar\/web\/wp-content\/uploads\/2016\/09\/parque_da_gare1-150x150.jpg\" class=\"attachment-thumbnail size-thumbnail\" alt=\"\" aria-describedby=\"gallery-1-22258\" srcset=\"https:\/\/www.arquimaster.com.ar\/web\/wp-content\/uploads\/2016\/09\/parque_da_gare1-150x150.jpg 150w, https:\/\/www.arquimaster.com.ar\/web\/wp-content\/uploads\/2016\/09\/parque_da_gare1-50x50.jpg 50w, https:\/\/www.arquimaster.com.ar\/web\/wp-content\/uploads\/2016\/09\/parque_da_gare1-125x125.jpg 125w\" sizes=\"auto, (max-width: 150px) 100vw, 150px\" \/><\/a>\n\t\t\t<\/div>\n\t\t\t\t<figcaption class='wp-caption-text gallery-caption' id='gallery-1-22258'>\n\t\t\t\tParque da Gare \/ Idom (\u00a9 Marcelo Donadussi)\n\t\t\t\t<\/figcaption><\/figure><figure class='gallery-item'>\n\t\t\t<div class='gallery-icon landscape'>\n\t\t\t\t<a href='https:\/\/www.arquimaster.com.ar\/web\/wp-content\/uploads\/2016\/09\/parque_da_gare2.jpg' title=\"Parque da Gare \/ Idom (\u00a9 Marcelo Donadussi)\" data-rl_title=\"Parque da Gare \/ Idom (\u00a9 Marcelo Donadussi)\" class=\"rl-gallery-link\" data-rl_caption=\"Parque da Gare \/ Idom (\u00a9 Marcelo Donadussi)\" data-rel=\"lightbox-gallery-1\"><img loading=\"lazy\" decoding=\"async\" width=\"150\" height=\"150\" src=\"https:\/\/www.arquimaster.com.ar\/web\/wp-content\/uploads\/2016\/09\/parque_da_gare2-150x150.jpg\" class=\"attachment-thumbnail size-thumbnail\" alt=\"\" aria-describedby=\"gallery-1-22259\" srcset=\"https:\/\/www.arquimaster.com.ar\/web\/wp-content\/uploads\/2016\/09\/parque_da_gare2-150x150.jpg 150w, https:\/\/www.arquimaster.com.ar\/web\/wp-content\/uploads\/2016\/09\/parque_da_gare2-50x50.jpg 50w, https:\/\/www.arquimaster.com.ar\/web\/wp-content\/uploads\/2016\/09\/parque_da_gare2-125x125.jpg 125w\" sizes=\"auto, (max-width: 150px) 100vw, 150px\" \/><\/a>\n\t\t\t<\/div>\n\t\t\t\t<figcaption class='wp-caption-text gallery-caption' id='gallery-1-22259'>\n\t\t\t\tParque da Gare \/ Idom (\u00a9 Marcelo Donadussi)\n\t\t\t\t<\/figcaption><\/figure><figure class='gallery-item'>\n\t\t\t<div class='gallery-icon landscape'>\n\t\t\t\t<a href='https:\/\/www.arquimaster.com.ar\/web\/wp-content\/uploads\/2016\/09\/parque_da_gare3.jpg' title=\"Parque da Gare \/ Idom (\u00a9 Marcelo Donadussi)\" data-rl_title=\"Parque da Gare \/ Idom (\u00a9 Marcelo Donadussi)\" class=\"rl-gallery-link\" data-rl_caption=\"Parque da Gare \/ Idom (\u00a9 Marcelo Donadussi)\" data-rel=\"lightbox-gallery-1\"><img loading=\"lazy\" decoding=\"async\" width=\"150\" height=\"150\" src=\"https:\/\/www.arquimaster.com.ar\/web\/wp-content\/uploads\/2016\/09\/parque_da_gare3-150x150.jpg\" class=\"attachment-thumbnail size-thumbnail\" alt=\"\" aria-describedby=\"gallery-1-22260\" srcset=\"https:\/\/www.arquimaster.com.ar\/web\/wp-content\/uploads\/2016\/09\/parque_da_gare3-150x150.jpg 150w, https:\/\/www.arquimaster.com.ar\/web\/wp-content\/uploads\/2016\/09\/parque_da_gare3-50x50.jpg 50w, https:\/\/www.arquimaster.com.ar\/web\/wp-content\/uploads\/2016\/09\/parque_da_gare3-125x125.jpg 125w\" sizes=\"auto, (max-width: 150px) 100vw, 150px\" \/><\/a>\n\t\t\t<\/div>\n\t\t\t\t<figcaption class='wp-caption-text gallery-caption' id='gallery-1-22260'>\n\t\t\t\tParque da Gare \/ Idom (\u00a9 Marcelo Donadussi)\n\t\t\t\t<\/figcaption><\/figure><figure class='gallery-item'>\n\t\t\t<div class='gallery-icon landscape'>\n\t\t\t\t<a href='https:\/\/www.arquimaster.com.ar\/web\/wp-content\/uploads\/2016\/09\/parque_da_gare4.jpg' title=\"Parque da Gare \/ Idom (\u00a9 Marcelo Donadussi)\" data-rl_title=\"Parque da Gare \/ Idom (\u00a9 Marcelo Donadussi)\" class=\"rl-gallery-link\" data-rl_caption=\"Parque da Gare \/ Idom (\u00a9 Marcelo Donadussi)\" data-rel=\"lightbox-gallery-1\"><img loading=\"lazy\" decoding=\"async\" width=\"150\" height=\"150\" src=\"https:\/\/www.arquimaster.com.ar\/web\/wp-content\/uploads\/2016\/09\/parque_da_gare4-150x150.jpg\" class=\"attachment-thumbnail size-thumbnail\" alt=\"\" aria-describedby=\"gallery-1-22261\" srcset=\"https:\/\/www.arquimaster.com.ar\/web\/wp-content\/uploads\/2016\/09\/parque_da_gare4-150x150.jpg 150w, https:\/\/www.arquimaster.com.ar\/web\/wp-content\/uploads\/2016\/09\/parque_da_gare4-50x50.jpg 50w, https:\/\/www.arquimaster.com.ar\/web\/wp-content\/uploads\/2016\/09\/parque_da_gare4-125x125.jpg 125w\" sizes=\"auto, (max-width: 150px) 100vw, 150px\" \/><\/a>\n\t\t\t<\/div>\n\t\t\t\t<figcaption class='wp-caption-text gallery-caption' id='gallery-1-22261'>\n\t\t\t\tParque da Gare \/ Idom (\u00a9 Marcelo Donadussi)\n\t\t\t\t<\/figcaption><\/figure><figure class='gallery-item'>\n\t\t\t<div class='gallery-icon landscape'>\n\t\t\t\t<a href='https:\/\/www.arquimaster.com.ar\/web\/wp-content\/uploads\/2016\/09\/parque_da_gare5.jpg' title=\"Parque da Gare \/ Idom (\u00a9 Marcelo Donadussi)\" data-rl_title=\"Parque da Gare \/ Idom (\u00a9 Marcelo Donadussi)\" class=\"rl-gallery-link\" data-rl_caption=\"Parque da Gare \/ Idom (\u00a9 Marcelo Donadussi)\" data-rel=\"lightbox-gallery-1\"><img loading=\"lazy\" decoding=\"async\" width=\"150\" height=\"150\" src=\"https:\/\/www.arquimaster.com.ar\/web\/wp-content\/uploads\/2016\/09\/parque_da_gare5-150x150.jpg\" class=\"attachment-thumbnail size-thumbnail\" alt=\"\" aria-describedby=\"gallery-1-22262\" srcset=\"https:\/\/www.arquimaster.com.ar\/web\/wp-content\/uploads\/2016\/09\/parque_da_gare5-150x150.jpg 150w, https:\/\/www.arquimaster.com.ar\/web\/wp-content\/uploads\/2016\/09\/parque_da_gare5-50x50.jpg 50w, https:\/\/www.arquimaster.com.ar\/web\/wp-content\/uploads\/2016\/09\/parque_da_gare5-125x125.jpg 125w\" sizes=\"auto, (max-width: 150px) 100vw, 150px\" \/><\/a>\n\t\t\t<\/div>\n\t\t\t\t<figcaption class='wp-caption-text gallery-caption' id='gallery-1-22262'>\n\t\t\t\tParque da Gare \/ Idom (\u00a9 Marcelo Donadussi)\n\t\t\t\t<\/figcaption><\/figure><figure class='gallery-item'>\n\t\t\t<div class='gallery-icon landscape'>\n\t\t\t\t<a href='https:\/\/www.arquimaster.com.ar\/web\/wp-content\/uploads\/2016\/09\/parque_da_gare6.jpg' title=\"Parque da Gare \/ Idom (\u00a9 Marcelo Donadussi)\" data-rl_title=\"Parque da Gare \/ Idom (\u00a9 Marcelo Donadussi)\" class=\"rl-gallery-link\" data-rl_caption=\"Parque da Gare \/ Idom (\u00a9 Marcelo Donadussi)\" data-rel=\"lightbox-gallery-1\"><img loading=\"lazy\" decoding=\"async\" width=\"150\" height=\"150\" src=\"https:\/\/www.arquimaster.com.ar\/web\/wp-content\/uploads\/2016\/09\/parque_da_gare6-150x150.jpg\" class=\"attachment-thumbnail size-thumbnail\" alt=\"\" aria-describedby=\"gallery-1-22263\" srcset=\"https:\/\/www.arquimaster.com.ar\/web\/wp-content\/uploads\/2016\/09\/parque_da_gare6-150x150.jpg 150w, https:\/\/www.arquimaster.com.ar\/web\/wp-content\/uploads\/2016\/09\/parque_da_gare6-50x50.jpg 50w, https:\/\/www.arquimaster.com.ar\/web\/wp-content\/uploads\/2016\/09\/parque_da_gare6-125x125.jpg 125w\" sizes=\"auto, (max-width: 150px) 100vw, 150px\" \/><\/a>\n\t\t\t<\/div>\n\t\t\t\t<figcaption class='wp-caption-text gallery-caption' id='gallery-1-22263'>\n\t\t\t\tParque da Gare \/ Idom (\u00a9 Marcelo Donadussi)\n\t\t\t\t<\/figcaption><\/figure><figure class='gallery-item'>\n\t\t\t<div class='gallery-icon landscape'>\n\t\t\t\t<a href='https:\/\/www.arquimaster.com.ar\/web\/wp-content\/uploads\/2016\/09\/parque_da_gare7.jpg' title=\"Parque da Gare \/ Idom (\u00a9 Marcelo Donadussi)\" data-rl_title=\"Parque da Gare \/ Idom (\u00a9 Marcelo Donadussi)\" class=\"rl-gallery-link\" data-rl_caption=\"Parque da Gare \/ Idom (\u00a9 Marcelo Donadussi)\" data-rel=\"lightbox-gallery-1\"><img loading=\"lazy\" decoding=\"async\" width=\"150\" height=\"150\" src=\"https:\/\/www.arquimaster.com.ar\/web\/wp-content\/uploads\/2016\/09\/parque_da_gare7-150x150.jpg\" class=\"attachment-thumbnail size-thumbnail\" alt=\"\" aria-describedby=\"gallery-1-22264\" srcset=\"https:\/\/www.arquimaster.com.ar\/web\/wp-content\/uploads\/2016\/09\/parque_da_gare7-150x150.jpg 150w, https:\/\/www.arquimaster.com.ar\/web\/wp-content\/uploads\/2016\/09\/parque_da_gare7-50x50.jpg 50w, https:\/\/www.arquimaster.com.ar\/web\/wp-content\/uploads\/2016\/09\/parque_da_gare7-125x125.jpg 125w\" sizes=\"auto, (max-width: 150px) 100vw, 150px\" \/><\/a>\n\t\t\t<\/div>\n\t\t\t\t<figcaption class='wp-caption-text gallery-caption' id='gallery-1-22264'>\n\t\t\t\tParque da Gare \/ Idom (\u00a9 Marcelo Donadussi)\n\t\t\t\t<\/figcaption><\/figure><figure class='gallery-item'>\n\t\t\t<div class='gallery-icon landscape'>\n\t\t\t\t<a href='https:\/\/www.arquimaster.com.ar\/web\/wp-content\/uploads\/2016\/09\/parque_da_gare8.jpg' title=\"Parque da Gare \/ Idom (\u00a9 Marcelo Donadussi)\" data-rl_title=\"Parque da Gare \/ Idom (\u00a9 Marcelo Donadussi)\" class=\"rl-gallery-link\" data-rl_caption=\"Parque da Gare \/ Idom (\u00a9 Marcelo Donadussi)\" data-rel=\"lightbox-gallery-1\"><img loading=\"lazy\" decoding=\"async\" width=\"150\" height=\"150\" src=\"https:\/\/www.arquimaster.com.ar\/web\/wp-content\/uploads\/2016\/09\/parque_da_gare8-150x150.jpg\" class=\"attachment-thumbnail size-thumbnail\" alt=\"\" aria-describedby=\"gallery-1-22265\" srcset=\"https:\/\/www.arquimaster.com.ar\/web\/wp-content\/uploads\/2016\/09\/parque_da_gare8-150x150.jpg 150w, https:\/\/www.arquimaster.com.ar\/web\/wp-content\/uploads\/2016\/09\/parque_da_gare8-50x50.jpg 50w, https:\/\/www.arquimaster.com.ar\/web\/wp-content\/uploads\/2016\/09\/parque_da_gare8-125x125.jpg 125w\" sizes=\"auto, (max-width: 150px) 100vw, 150px\" \/><\/a>\n\t\t\t<\/div>\n\t\t\t\t<figcaption class='wp-caption-text gallery-caption' id='gallery-1-22265'>\n\t\t\t\tParque da Gare \/ Idom (\u00a9 Marcelo Donadussi)\n\t\t\t\t<\/figcaption><\/figure><figure class='gallery-item'>\n\t\t\t<div class='gallery-icon portrait'>\n\t\t\t\t<a href='https:\/\/www.arquimaster.com.ar\/web\/wp-content\/uploads\/2016\/09\/parque_da_gare9.jpg' title=\"Parque da Gare \/ Idom (\u00a9 Marcelo Donadussi)\" data-rl_title=\"Parque da Gare \/ Idom (\u00a9 Marcelo Donadussi)\" class=\"rl-gallery-link\" data-rl_caption=\"Parque da Gare \/ Idom (\u00a9 Marcelo Donadussi)\" data-rel=\"lightbox-gallery-1\"><img loading=\"lazy\" decoding=\"async\" width=\"150\" height=\"150\" src=\"https:\/\/www.arquimaster.com.ar\/web\/wp-content\/uploads\/2016\/09\/parque_da_gare9-150x150.jpg\" class=\"attachment-thumbnail size-thumbnail\" alt=\"\" aria-describedby=\"gallery-1-22266\" srcset=\"https:\/\/www.arquimaster.com.ar\/web\/wp-content\/uploads\/2016\/09\/parque_da_gare9-150x150.jpg 150w, https:\/\/www.arquimaster.com.ar\/web\/wp-content\/uploads\/2016\/09\/parque_da_gare9-50x50.jpg 50w, https:\/\/www.arquimaster.com.ar\/web\/wp-content\/uploads\/2016\/09\/parque_da_gare9-125x125.jpg 125w\" sizes=\"auto, (max-width: 150px) 100vw, 150px\" \/><\/a>\n\t\t\t<\/div>\n\t\t\t\t<figcaption class='wp-caption-text gallery-caption' id='gallery-1-22266'>\n\t\t\t\tParque da Gare \/ Idom (\u00a9 Marcelo Donadussi)\n\t\t\t\t<\/figcaption><\/figure><figure class='gallery-item'>\n\t\t\t<div class='gallery-icon landscape'>\n\t\t\t\t<a href='https:\/\/www.arquimaster.com.ar\/web\/wp-content\/uploads\/2016\/09\/parque_da_gare10.jpg' title=\"Parque da Gare \/ Idom (\u00a9 Marcelo Donadussi)\" data-rl_title=\"Parque da Gare \/ Idom (\u00a9 Marcelo Donadussi)\" class=\"rl-gallery-link\" data-rl_caption=\"Parque da Gare \/ Idom (\u00a9 Marcelo Donadussi)\" data-rel=\"lightbox-gallery-1\"><img loading=\"lazy\" decoding=\"async\" width=\"150\" height=\"150\" src=\"https:\/\/www.arquimaster.com.ar\/web\/wp-content\/uploads\/2016\/09\/parque_da_gare10-150x150.jpg\" class=\"attachment-thumbnail size-thumbnail\" alt=\"\" aria-describedby=\"gallery-1-22267\" srcset=\"https:\/\/www.arquimaster.com.ar\/web\/wp-content\/uploads\/2016\/09\/parque_da_gare10-150x150.jpg 150w, https:\/\/www.arquimaster.com.ar\/web\/wp-content\/uploads\/2016\/09\/parque_da_gare10-1024x1024.jpg 1024w, https:\/\/www.arquimaster.com.ar\/web\/wp-content\/uploads\/2016\/09\/parque_da_gare10-768x768.jpg 768w, https:\/\/www.arquimaster.com.ar\/web\/wp-content\/uploads\/2016\/09\/parque_da_gare10-50x50.jpg 50w, https:\/\/www.arquimaster.com.ar\/web\/wp-content\/uploads\/2016\/09\/parque_da_gare10-125x125.jpg 125w, https:\/\/www.arquimaster.com.ar\/web\/wp-content\/uploads\/2016\/09\/parque_da_gare10.jpg 1200w\" sizes=\"auto, (max-width: 150px) 100vw, 150px\" \/><\/a>\n\t\t\t<\/div>\n\t\t\t\t<figcaption class='wp-caption-text gallery-caption' id='gallery-1-22267'>\n\t\t\t\tParque da Gare \/ Idom (\u00a9 Marcelo Donadussi)\n\t\t\t\t<\/figcaption><\/figure><figure class='gallery-item'>\n\t\t\t<div class='gallery-icon portrait'>\n\t\t\t\t<a href='https:\/\/www.arquimaster.com.ar\/web\/wp-content\/uploads\/2016\/09\/parque_da_gare11.jpg' title=\"Parque da Gare \/ Idom (\u00a9 Marcelo Donadussi)\" data-rl_title=\"Parque da Gare \/ Idom (\u00a9 Marcelo Donadussi)\" class=\"rl-gallery-link\" data-rl_caption=\"Parque da Gare \/ Idom (\u00a9 Marcelo Donadussi)\" data-rel=\"lightbox-gallery-1\"><img loading=\"lazy\" decoding=\"async\" width=\"150\" height=\"150\" src=\"https:\/\/www.arquimaster.com.ar\/web\/wp-content\/uploads\/2016\/09\/parque_da_gare11-150x150.jpg\" class=\"attachment-thumbnail size-thumbnail\" alt=\"\" aria-describedby=\"gallery-1-22268\" srcset=\"https:\/\/www.arquimaster.com.ar\/web\/wp-content\/uploads\/2016\/09\/parque_da_gare11-150x150.jpg 150w, https:\/\/www.arquimaster.com.ar\/web\/wp-content\/uploads\/2016\/09\/parque_da_gare11-50x50.jpg 50w, https:\/\/www.arquimaster.com.ar\/web\/wp-content\/uploads\/2016\/09\/parque_da_gare11-125x125.jpg 125w\" sizes=\"auto, (max-width: 150px) 100vw, 150px\" \/><\/a>\n\t\t\t<\/div>\n\t\t\t\t<figcaption class='wp-caption-text gallery-caption' id='gallery-1-22268'>\n\t\t\t\tParque da Gare \/ Idom (\u00a9 Marcelo Donadussi)\n\t\t\t\t<\/figcaption><\/figure><figure class='gallery-item'>\n\t\t\t<div class='gallery-icon landscape'>\n\t\t\t\t<a href='https:\/\/www.arquimaster.com.ar\/web\/wp-content\/uploads\/2016\/09\/parque_da_gare12.jpg' title=\"Parque da Gare \/ Idom (\u00a9 Marcelo Donadussi)\" data-rl_title=\"Parque da Gare \/ Idom (\u00a9 Marcelo Donadussi)\" class=\"rl-gallery-link\" data-rl_caption=\"Parque da Gare \/ Idom (\u00a9 Marcelo Donadussi)\" data-rel=\"lightbox-gallery-1\"><img loading=\"lazy\" decoding=\"async\" width=\"150\" height=\"150\" src=\"https:\/\/www.arquimaster.com.ar\/web\/wp-content\/uploads\/2016\/09\/parque_da_gare12-150x150.jpg\" class=\"attachment-thumbnail size-thumbnail\" alt=\"\" aria-describedby=\"gallery-1-22269\" srcset=\"https:\/\/www.arquimaster.com.ar\/web\/wp-content\/uploads\/2016\/09\/parque_da_gare12-150x150.jpg 150w, https:\/\/www.arquimaster.com.ar\/web\/wp-content\/uploads\/2016\/09\/parque_da_gare12-50x50.jpg 50w, https:\/\/www.arquimaster.com.ar\/web\/wp-content\/uploads\/2016\/09\/parque_da_gare12-125x125.jpg 125w\" sizes=\"auto, (max-width: 150px) 100vw, 150px\" \/><\/a>\n\t\t\t<\/div>\n\t\t\t\t<figcaption class='wp-caption-text gallery-caption' id='gallery-1-22269'>\n\t\t\t\tParque da Gare \/ Idom (\u00a9 Marcelo Donadussi)\n\t\t\t\t<\/figcaption><\/figure><figure class='gallery-item'>\n\t\t\t<div class='gallery-icon landscape'>\n\t\t\t\t<a href='https:\/\/www.arquimaster.com.ar\/web\/wp-content\/uploads\/2016\/09\/parque_da_gare13.jpg' title=\"Parque da Gare \/ Idom (\u00a9 Marcelo Donadussi)\" data-rl_title=\"Parque da Gare \/ Idom (\u00a9 Marcelo Donadussi)\" class=\"rl-gallery-link\" data-rl_caption=\"Parque da Gare \/ Idom (\u00a9 Marcelo Donadussi)\" data-rel=\"lightbox-gallery-1\"><img loading=\"lazy\" decoding=\"async\" width=\"150\" height=\"150\" src=\"https:\/\/www.arquimaster.com.ar\/web\/wp-content\/uploads\/2016\/09\/parque_da_gare13-150x150.jpg\" class=\"attachment-thumbnail size-thumbnail\" alt=\"\" aria-describedby=\"gallery-1-22270\" srcset=\"https:\/\/www.arquimaster.com.ar\/web\/wp-content\/uploads\/2016\/09\/parque_da_gare13-150x150.jpg 150w, https:\/\/www.arquimaster.com.ar\/web\/wp-content\/uploads\/2016\/09\/parque_da_gare13-50x50.jpg 50w, https:\/\/www.arquimaster.com.ar\/web\/wp-content\/uploads\/2016\/09\/parque_da_gare13-125x125.jpg 125w\" sizes=\"auto, (max-width: 150px) 100vw, 150px\" \/><\/a>\n\t\t\t<\/div>\n\t\t\t\t<figcaption class='wp-caption-text gallery-caption' id='gallery-1-22270'>\n\t\t\t\tParque da Gare \/ Idom (\u00a9 Marcelo Donadussi)\n\t\t\t\t<\/figcaption><\/figure><figure class='gallery-item'>\n\t\t\t<div class='gallery-icon portrait'>\n\t\t\t\t<a href='https:\/\/www.arquimaster.com.ar\/web\/wp-content\/uploads\/2016\/09\/parque_da_gare14.jpg' title=\"Parque da Gare \/ Idom (\u00a9 Marcelo Donadussi)\" data-rl_title=\"Parque da Gare \/ Idom (\u00a9 Marcelo Donadussi)\" class=\"rl-gallery-link\" data-rl_caption=\"Parque da Gare \/ Idom (\u00a9 Marcelo Donadussi)\" data-rel=\"lightbox-gallery-1\"><img loading=\"lazy\" decoding=\"async\" width=\"150\" height=\"150\" src=\"https:\/\/www.arquimaster.com.ar\/web\/wp-content\/uploads\/2016\/09\/parque_da_gare14-150x150.jpg\" class=\"attachment-thumbnail size-thumbnail\" alt=\"\" aria-describedby=\"gallery-1-22271\" srcset=\"https:\/\/www.arquimaster.com.ar\/web\/wp-content\/uploads\/2016\/09\/parque_da_gare14-150x150.jpg 150w, https:\/\/www.arquimaster.com.ar\/web\/wp-content\/uploads\/2016\/09\/parque_da_gare14-50x50.jpg 50w, https:\/\/www.arquimaster.com.ar\/web\/wp-content\/uploads\/2016\/09\/parque_da_gare14-125x125.jpg 125w\" sizes=\"auto, (max-width: 150px) 100vw, 150px\" \/><\/a>\n\t\t\t<\/div>\n\t\t\t\t<figcaption class='wp-caption-text gallery-caption' id='gallery-1-22271'>\n\t\t\t\tParque da Gare \/ Idom (\u00a9 Marcelo Donadussi)\n\t\t\t\t<\/figcaption><\/figure><figure class='gallery-item'>\n\t\t\t<div class='gallery-icon landscape'>\n\t\t\t\t<a href='https:\/\/www.arquimaster.com.ar\/web\/wp-content\/uploads\/2016\/09\/parque_da_gare15.jpg' title=\"Parque da Gare \/ Idom (\u00a9 Marcelo Donadussi)\" data-rl_title=\"Parque da Gare \/ Idom (\u00a9 Marcelo Donadussi)\" class=\"rl-gallery-link\" data-rl_caption=\"Parque da Gare \/ Idom (\u00a9 Marcelo Donadussi)\" data-rel=\"lightbox-gallery-1\"><img loading=\"lazy\" decoding=\"async\" width=\"150\" height=\"150\" src=\"https:\/\/www.arquimaster.com.ar\/web\/wp-content\/uploads\/2016\/09\/parque_da_gare15-150x150.jpg\" class=\"attachment-thumbnail size-thumbnail\" alt=\"\" aria-describedby=\"gallery-1-22272\" srcset=\"https:\/\/www.arquimaster.com.ar\/web\/wp-content\/uploads\/2016\/09\/parque_da_gare15-150x150.jpg 150w, https:\/\/www.arquimaster.com.ar\/web\/wp-content\/uploads\/2016\/09\/parque_da_gare15-50x50.jpg 50w, https:\/\/www.arquimaster.com.ar\/web\/wp-content\/uploads\/2016\/09\/parque_da_gare15-125x125.jpg 125w\" sizes=\"auto, (max-width: 150px) 100vw, 150px\" \/><\/a>\n\t\t\t<\/div>\n\t\t\t\t<figcaption class='wp-caption-text gallery-caption' id='gallery-1-22272'>\n\t\t\t\tParque da Gare \/ Idom (\u00a9 Marcelo Donadussi)\n\t\t\t\t<\/figcaption><\/figure><figure class='gallery-item'>\n\t\t\t<div class='gallery-icon landscape'>\n\t\t\t\t<a href='https:\/\/www.arquimaster.com.ar\/web\/wp-content\/uploads\/2016\/09\/parque_da_gare16.jpg' title=\"Parque da Gare \/ Idom (\u00a9 Marcelo Donadussi)\" data-rl_title=\"Parque da Gare \/ Idom (\u00a9 Marcelo Donadussi)\" class=\"rl-gallery-link\" data-rl_caption=\"Parque da Gare \/ Idom (\u00a9 Marcelo Donadussi)\" data-rel=\"lightbox-gallery-1\"><img loading=\"lazy\" decoding=\"async\" width=\"150\" height=\"150\" src=\"https:\/\/www.arquimaster.com.ar\/web\/wp-content\/uploads\/2016\/09\/parque_da_gare16-150x150.jpg\" class=\"attachment-thumbnail size-thumbnail\" alt=\"\" aria-describedby=\"gallery-1-22273\" srcset=\"https:\/\/www.arquimaster.com.ar\/web\/wp-content\/uploads\/2016\/09\/parque_da_gare16-150x150.jpg 150w, https:\/\/www.arquimaster.com.ar\/web\/wp-content\/uploads\/2016\/09\/parque_da_gare16-50x50.jpg 50w, https:\/\/www.arquimaster.com.ar\/web\/wp-content\/uploads\/2016\/09\/parque_da_gare16-125x125.jpg 125w\" sizes=\"auto, (max-width: 150px) 100vw, 150px\" \/><\/a>\n\t\t\t<\/div>\n\t\t\t\t<figcaption class='wp-caption-text gallery-caption' id='gallery-1-22273'>\n\t\t\t\tParque da Gare \/ Idom (\u00a9 Marcelo Donadussi)\n\t\t\t\t<\/figcaption><\/figure><figure class='gallery-item'>\n\t\t\t<div class='gallery-icon portrait'>\n\t\t\t\t<a href='https:\/\/www.arquimaster.com.ar\/web\/wp-content\/uploads\/2016\/09\/parque_da_gare17.jpg' title=\"Parque da Gare \/ Idom (\u00a9 Marcelo Donadussi)\" data-rl_title=\"Parque da Gare \/ Idom (\u00a9 Marcelo Donadussi)\" class=\"rl-gallery-link\" data-rl_caption=\"Parque da Gare \/ Idom (\u00a9 Marcelo Donadussi)\" data-rel=\"lightbox-gallery-1\"><img loading=\"lazy\" decoding=\"async\" width=\"150\" height=\"150\" src=\"https:\/\/www.arquimaster.com.ar\/web\/wp-content\/uploads\/2016\/09\/parque_da_gare17-150x150.jpg\" class=\"attachment-thumbnail size-thumbnail\" alt=\"\" aria-describedby=\"gallery-1-22274\" srcset=\"https:\/\/www.arquimaster.com.ar\/web\/wp-content\/uploads\/2016\/09\/parque_da_gare17-150x150.jpg 150w, https:\/\/www.arquimaster.com.ar\/web\/wp-content\/uploads\/2016\/09\/parque_da_gare17-50x50.jpg 50w, https:\/\/www.arquimaster.com.ar\/web\/wp-content\/uploads\/2016\/09\/parque_da_gare17-125x125.jpg 125w\" sizes=\"auto, (max-width: 150px) 100vw, 150px\" \/><\/a>\n\t\t\t<\/div>\n\t\t\t\t<figcaption class='wp-caption-text gallery-caption' id='gallery-1-22274'>\n\t\t\t\tParque da Gare \/ Idom (\u00a9 Marcelo Donadussi)\n\t\t\t\t<\/figcaption><\/figure><figure class='gallery-item'>\n\t\t\t<div class='gallery-icon landscape'>\n\t\t\t\t<a href='https:\/\/www.arquimaster.com.ar\/web\/wp-content\/uploads\/2016\/09\/parque_da_gare18.jpg' title=\"Parque da Gare \/ Idom (\u00a9 Marcelo Donadussi)\" data-rl_title=\"Parque da Gare \/ Idom (\u00a9 Marcelo Donadussi)\" class=\"rl-gallery-link\" data-rl_caption=\"Parque da Gare \/ Idom (\u00a9 Marcelo Donadussi)\" data-rel=\"lightbox-gallery-1\"><img loading=\"lazy\" decoding=\"async\" width=\"150\" height=\"150\" src=\"https:\/\/www.arquimaster.com.ar\/web\/wp-content\/uploads\/2016\/09\/parque_da_gare18-150x150.jpg\" class=\"attachment-thumbnail size-thumbnail\" alt=\"\" aria-describedby=\"gallery-1-22275\" srcset=\"https:\/\/www.arquimaster.com.ar\/web\/wp-content\/uploads\/2016\/09\/parque_da_gare18-150x150.jpg 150w, https:\/\/www.arquimaster.com.ar\/web\/wp-content\/uploads\/2016\/09\/parque_da_gare18-50x50.jpg 50w, https:\/\/www.arquimaster.com.ar\/web\/wp-content\/uploads\/2016\/09\/parque_da_gare18-125x125.jpg 125w\" sizes=\"auto, (max-width: 150px) 100vw, 150px\" \/><\/a>\n\t\t\t<\/div>\n\t\t\t\t<figcaption class='wp-caption-text gallery-caption' id='gallery-1-22275'>\n\t\t\t\tParque da Gare \/ Idom (\u00a9 Marcelo Donadussi)\n\t\t\t\t<\/figcaption><\/figure><figure class='gallery-item'>\n\t\t\t<div class='gallery-icon landscape'>\n\t\t\t\t<a href='https:\/\/www.arquimaster.com.ar\/web\/wp-content\/uploads\/2016\/09\/parque_da_gare19.jpg' title=\"Parque da Gare \/ Idom (\u00a9 Marcelo Donadussi)\" data-rl_title=\"Parque da Gare \/ Idom (\u00a9 Marcelo Donadussi)\" class=\"rl-gallery-link\" data-rl_caption=\"Parque da Gare \/ Idom (\u00a9 Marcelo Donadussi)\" data-rel=\"lightbox-gallery-1\"><img loading=\"lazy\" decoding=\"async\" width=\"150\" height=\"150\" src=\"https:\/\/www.arquimaster.com.ar\/web\/wp-content\/uploads\/2016\/09\/parque_da_gare19-150x150.jpg\" class=\"attachment-thumbnail size-thumbnail\" alt=\"\" aria-describedby=\"gallery-1-22276\" srcset=\"https:\/\/www.arquimaster.com.ar\/web\/wp-content\/uploads\/2016\/09\/parque_da_gare19-150x150.jpg 150w, https:\/\/www.arquimaster.com.ar\/web\/wp-content\/uploads\/2016\/09\/parque_da_gare19-50x50.jpg 50w, https:\/\/www.arquimaster.com.ar\/web\/wp-content\/uploads\/2016\/09\/parque_da_gare19-125x125.jpg 125w\" sizes=\"auto, (max-width: 150px) 100vw, 150px\" \/><\/a>\n\t\t\t<\/div>\n\t\t\t\t<figcaption class='wp-caption-text gallery-caption' id='gallery-1-22276'>\n\t\t\t\tParque da Gare \/ Idom (\u00a9 Marcelo Donadussi)\n\t\t\t\t<\/figcaption><\/figure><figure class='gallery-item'>\n\t\t\t<div class='gallery-icon landscape'>\n\t\t\t\t<a href='https:\/\/www.arquimaster.com.ar\/web\/wp-content\/uploads\/2016\/09\/parque_da_gare20.jpg' title=\"Parque da Gare \/ Idom (\u00a9 Marcelo Donadussi)\" data-rl_title=\"Parque da Gare \/ Idom (\u00a9 Marcelo Donadussi)\" class=\"rl-gallery-link\" data-rl_caption=\"Parque da Gare \/ Idom (\u00a9 Marcelo Donadussi)\" data-rel=\"lightbox-gallery-1\"><img loading=\"lazy\" decoding=\"async\" width=\"150\" height=\"150\" src=\"https:\/\/www.arquimaster.com.ar\/web\/wp-content\/uploads\/2016\/09\/parque_da_gare20-150x150.jpg\" class=\"attachment-thumbnail size-thumbnail\" alt=\"\" aria-describedby=\"gallery-1-22277\" srcset=\"https:\/\/www.arquimaster.com.ar\/web\/wp-content\/uploads\/2016\/09\/parque_da_gare20-150x150.jpg 150w, https:\/\/www.arquimaster.com.ar\/web\/wp-content\/uploads\/2016\/09\/parque_da_gare20-50x50.jpg 50w, https:\/\/www.arquimaster.com.ar\/web\/wp-content\/uploads\/2016\/09\/parque_da_gare20-125x125.jpg 125w\" sizes=\"auto, (max-width: 150px) 100vw, 150px\" \/><\/a>\n\t\t\t<\/div>\n\t\t\t\t<figcaption class='wp-caption-text gallery-caption' id='gallery-1-22277'>\n\t\t\t\tParque da Gare \/ Idom (\u00a9 Marcelo Donadussi)\n\t\t\t\t<\/figcaption><\/figure><figure class='gallery-item'>\n\t\t\t<div class='gallery-icon portrait'>\n\t\t\t\t<a href='https:\/\/www.arquimaster.com.ar\/web\/wp-content\/uploads\/2016\/09\/parque_da_gare21.jpg' title=\"Parque da Gare \/ Idom (\u00a9 Marcelo Donadussi)\" data-rl_title=\"Parque da Gare \/ Idom (\u00a9 Marcelo Donadussi)\" class=\"rl-gallery-link\" data-rl_caption=\"Parque da Gare \/ Idom (\u00a9 Marcelo Donadussi)\" data-rel=\"lightbox-gallery-1\"><img loading=\"lazy\" decoding=\"async\" width=\"150\" height=\"150\" src=\"https:\/\/www.arquimaster.com.ar\/web\/wp-content\/uploads\/2016\/09\/parque_da_gare21-150x150.jpg\" class=\"attachment-thumbnail size-thumbnail\" alt=\"\" aria-describedby=\"gallery-1-22278\" srcset=\"https:\/\/www.arquimaster.com.ar\/web\/wp-content\/uploads\/2016\/09\/parque_da_gare21-150x150.jpg 150w, https:\/\/www.arquimaster.com.ar\/web\/wp-content\/uploads\/2016\/09\/parque_da_gare21-50x50.jpg 50w, https:\/\/www.arquimaster.com.ar\/web\/wp-content\/uploads\/2016\/09\/parque_da_gare21-125x125.jpg 125w\" sizes=\"auto, (max-width: 150px) 100vw, 150px\" \/><\/a>\n\t\t\t<\/div>\n\t\t\t\t<figcaption class='wp-caption-text gallery-caption' id='gallery-1-22278'>\n\t\t\t\tParque da Gare \/ Idom (\u00a9 Marcelo Donadussi)\n\t\t\t\t<\/figcaption><\/figure><figure class='gallery-item'>\n\t\t\t<div class='gallery-icon landscape'>\n\t\t\t\t<a href='https:\/\/www.arquimaster.com.ar\/web\/wp-content\/uploads\/2016\/09\/parque_da_gare22.jpg' title=\"Parque da Gare \/ Idom (\u00a9 Marcelo Donadussi)\" data-rl_title=\"Parque da Gare \/ Idom (\u00a9 Marcelo Donadussi)\" class=\"rl-gallery-link\" data-rl_caption=\"Parque da Gare \/ Idom (\u00a9 Marcelo Donadussi)\" data-rel=\"lightbox-gallery-1\"><img loading=\"lazy\" decoding=\"async\" width=\"150\" height=\"150\" src=\"https:\/\/www.arquimaster.com.ar\/web\/wp-content\/uploads\/2016\/09\/parque_da_gare22-150x150.jpg\" class=\"attachment-thumbnail size-thumbnail\" alt=\"\" aria-describedby=\"gallery-1-22279\" srcset=\"https:\/\/www.arquimaster.com.ar\/web\/wp-content\/uploads\/2016\/09\/parque_da_gare22-150x150.jpg 150w, https:\/\/www.arquimaster.com.ar\/web\/wp-content\/uploads\/2016\/09\/parque_da_gare22-50x50.jpg 50w, https:\/\/www.arquimaster.com.ar\/web\/wp-content\/uploads\/2016\/09\/parque_da_gare22-125x125.jpg 125w\" sizes=\"auto, (max-width: 150px) 100vw, 150px\" \/><\/a>\n\t\t\t<\/div>\n\t\t\t\t<figcaption class='wp-caption-text gallery-caption' id='gallery-1-22279'>\n\t\t\t\tParque da Gare \/ Idom (\u00a9 Marcelo Donadussi)\n\t\t\t\t<\/figcaption><\/figure><figure class='gallery-item'>\n\t\t\t<div class='gallery-icon landscape'>\n\t\t\t\t<a href='https:\/\/www.arquimaster.com.ar\/web\/wp-content\/uploads\/2016\/09\/parque_da_gare23.jpg' title=\"Parque da Gare \/ Idom (\u00a9 Marcelo Donadussi)\" data-rl_title=\"Parque da Gare \/ Idom (\u00a9 Marcelo Donadussi)\" class=\"rl-gallery-link\" data-rl_caption=\"Parque da Gare \/ Idom (\u00a9 Marcelo Donadussi)\" data-rel=\"lightbox-gallery-1\"><img loading=\"lazy\" decoding=\"async\" width=\"150\" height=\"150\" src=\"https:\/\/www.arquimaster.com.ar\/web\/wp-content\/uploads\/2016\/09\/parque_da_gare23-150x150.jpg\" class=\"attachment-thumbnail size-thumbnail\" alt=\"\" aria-describedby=\"gallery-1-22280\" srcset=\"https:\/\/www.arquimaster.com.ar\/web\/wp-content\/uploads\/2016\/09\/parque_da_gare23-150x150.jpg 150w, https:\/\/www.arquimaster.com.ar\/web\/wp-content\/uploads\/2016\/09\/parque_da_gare23-50x50.jpg 50w, https:\/\/www.arquimaster.com.ar\/web\/wp-content\/uploads\/2016\/09\/parque_da_gare23-125x125.jpg 125w\" sizes=\"auto, (max-width: 150px) 100vw, 150px\" \/><\/a>\n\t\t\t<\/div>\n\t\t\t\t<figcaption class='wp-caption-text gallery-caption' id='gallery-1-22280'>\n\t\t\t\tParque da Gare \/ Idom (\u00a9 Marcelo Donadussi)\n\t\t\t\t<\/figcaption><\/figure><figure class='gallery-item'>\n\t\t\t<div class='gallery-icon landscape'>\n\t\t\t\t<a href='https:\/\/www.arquimaster.com.ar\/web\/wp-content\/uploads\/2016\/09\/parque_da_gare24.jpg' title=\"Parque da Gare \/ Idom (\u00a9 Marcelo Donadussi)\" data-rl_title=\"Parque da Gare \/ Idom (\u00a9 Marcelo Donadussi)\" class=\"rl-gallery-link\" data-rl_caption=\"Parque da Gare \/ Idom (\u00a9 Marcelo Donadussi)\" data-rel=\"lightbox-gallery-1\"><img loading=\"lazy\" decoding=\"async\" width=\"150\" height=\"150\" src=\"https:\/\/www.arquimaster.com.ar\/web\/wp-content\/uploads\/2016\/09\/parque_da_gare24-150x150.jpg\" class=\"attachment-thumbnail size-thumbnail\" alt=\"\" aria-describedby=\"gallery-1-22281\" srcset=\"https:\/\/www.arquimaster.com.ar\/web\/wp-content\/uploads\/2016\/09\/parque_da_gare24-150x150.jpg 150w, https:\/\/www.arquimaster.com.ar\/web\/wp-content\/uploads\/2016\/09\/parque_da_gare24-50x50.jpg 50w, https:\/\/www.arquimaster.com.ar\/web\/wp-content\/uploads\/2016\/09\/parque_da_gare24-125x125.jpg 125w\" sizes=\"auto, (max-width: 150px) 100vw, 150px\" \/><\/a>\n\t\t\t<\/div>\n\t\t\t\t<figcaption class='wp-caption-text gallery-caption' id='gallery-1-22281'>\n\t\t\t\tParque da Gare \/ Idom (\u00a9 Marcelo Donadussi)\n\t\t\t\t<\/figcaption><\/figure><figure class='gallery-item'>\n\t\t\t<div class='gallery-icon landscape'>\n\t\t\t\t<a href='https:\/\/www.arquimaster.com.ar\/web\/wp-content\/uploads\/2016\/09\/parque_da_gare25.jpg' title=\"Parque da Gare \/ Idom (\u00a9 Marcelo Donadussi)\" data-rl_title=\"Parque da Gare \/ Idom (\u00a9 Marcelo Donadussi)\" class=\"rl-gallery-link\" data-rl_caption=\"Parque da Gare \/ Idom (\u00a9 Marcelo Donadussi)\" data-rel=\"lightbox-gallery-1\"><img loading=\"lazy\" decoding=\"async\" width=\"150\" height=\"150\" src=\"https:\/\/www.arquimaster.com.ar\/web\/wp-content\/uploads\/2016\/09\/parque_da_gare25-150x150.jpg\" class=\"attachment-thumbnail size-thumbnail\" alt=\"\" aria-describedby=\"gallery-1-22282\" srcset=\"https:\/\/www.arquimaster.com.ar\/web\/wp-content\/uploads\/2016\/09\/parque_da_gare25-150x150.jpg 150w, https:\/\/www.arquimaster.com.ar\/web\/wp-content\/uploads\/2016\/09\/parque_da_gare25-50x50.jpg 50w, https:\/\/www.arquimaster.com.ar\/web\/wp-content\/uploads\/2016\/09\/parque_da_gare25-125x125.jpg 125w\" sizes=\"auto, (max-width: 150px) 100vw, 150px\" \/><\/a>\n\t\t\t<\/div>\n\t\t\t\t<figcaption class='wp-caption-text gallery-caption' id='gallery-1-22282'>\n\t\t\t\tParque da Gare \/ Idom (\u00a9 Marcelo Donadussi)\n\t\t\t\t<\/figcaption><\/figure><figure class='gallery-item'>\n\t\t\t<div class='gallery-icon landscape'>\n\t\t\t\t<a href='https:\/\/www.arquimaster.com.ar\/web\/wp-content\/uploads\/2016\/09\/parque_da_gare26.jpg' title=\"Parque da Gare \/ Idom (\u00a9 Marcelo Donadussi)\" data-rl_title=\"Parque da Gare \/ Idom (\u00a9 Marcelo Donadussi)\" class=\"rl-gallery-link\" data-rl_caption=\"Parque da Gare \/ Idom (\u00a9 Marcelo Donadussi)\" data-rel=\"lightbox-gallery-1\"><img loading=\"lazy\" decoding=\"async\" width=\"150\" height=\"150\" src=\"https:\/\/www.arquimaster.com.ar\/web\/wp-content\/uploads\/2016\/09\/parque_da_gare26-150x150.jpg\" class=\"attachment-thumbnail size-thumbnail\" alt=\"\" aria-describedby=\"gallery-1-22283\" srcset=\"https:\/\/www.arquimaster.com.ar\/web\/wp-content\/uploads\/2016\/09\/parque_da_gare26-150x150.jpg 150w, https:\/\/www.arquimaster.com.ar\/web\/wp-content\/uploads\/2016\/09\/parque_da_gare26-50x50.jpg 50w, https:\/\/www.arquimaster.com.ar\/web\/wp-content\/uploads\/2016\/09\/parque_da_gare26-125x125.jpg 125w\" sizes=\"auto, (max-width: 150px) 100vw, 150px\" \/><\/a>\n\t\t\t<\/div>\n\t\t\t\t<figcaption class='wp-caption-text gallery-caption' id='gallery-1-22283'>\n\t\t\t\tParque da Gare \/ Idom (\u00a9 Marcelo Donadussi)\n\t\t\t\t<\/figcaption><\/figure><figure class='gallery-item'>\n\t\t\t<div class='gallery-icon landscape'>\n\t\t\t\t<a href='https:\/\/www.arquimaster.com.ar\/web\/wp-content\/uploads\/2016\/09\/parque_da_gare27.jpg' title=\"Parque da Gare \/ Idom (\u00a9 Marcelo Donadussi)\" data-rl_title=\"Parque da Gare \/ Idom (\u00a9 Marcelo Donadussi)\" class=\"rl-gallery-link\" data-rl_caption=\"Parque da Gare \/ Idom (\u00a9 Marcelo Donadussi)\" data-rel=\"lightbox-gallery-1\"><img loading=\"lazy\" decoding=\"async\" width=\"150\" height=\"150\" src=\"https:\/\/www.arquimaster.com.ar\/web\/wp-content\/uploads\/2016\/09\/parque_da_gare27-150x150.jpg\" class=\"attachment-thumbnail size-thumbnail\" alt=\"\" aria-describedby=\"gallery-1-22284\" srcset=\"https:\/\/www.arquimaster.com.ar\/web\/wp-content\/uploads\/2016\/09\/parque_da_gare27-150x150.jpg 150w, https:\/\/www.arquimaster.com.ar\/web\/wp-content\/uploads\/2016\/09\/parque_da_gare27-50x50.jpg 50w, https:\/\/www.arquimaster.com.ar\/web\/wp-content\/uploads\/2016\/09\/parque_da_gare27-125x125.jpg 125w\" sizes=\"auto, (max-width: 150px) 100vw, 150px\" \/><\/a>\n\t\t\t<\/div>\n\t\t\t\t<figcaption class='wp-caption-text gallery-caption' id='gallery-1-22284'>\n\t\t\t\tParque da Gare \/ Idom (\u00a9 Marcelo Donadussi)\n\t\t\t\t<\/figcaption><\/figure><figure class='gallery-item'>\n\t\t\t<div class='gallery-icon landscape'>\n\t\t\t\t<a href='https:\/\/www.arquimaster.com.ar\/web\/wp-content\/uploads\/2016\/09\/parque_da_gare28.jpg' title=\"Parque da Gare \/ Idom (\u00a9 Marcelo Donadussi)\" data-rl_title=\"Parque da Gare \/ Idom (\u00a9 Marcelo Donadussi)\" class=\"rl-gallery-link\" data-rl_caption=\"Parque da Gare \/ Idom (\u00a9 Marcelo Donadussi)\" data-rel=\"lightbox-gallery-1\"><img loading=\"lazy\" decoding=\"async\" width=\"150\" height=\"150\" src=\"https:\/\/www.arquimaster.com.ar\/web\/wp-content\/uploads\/2016\/09\/parque_da_gare28-150x150.jpg\" class=\"attachment-thumbnail size-thumbnail\" alt=\"\" aria-describedby=\"gallery-1-22285\" srcset=\"https:\/\/www.arquimaster.com.ar\/web\/wp-content\/uploads\/2016\/09\/parque_da_gare28-150x150.jpg 150w, https:\/\/www.arquimaster.com.ar\/web\/wp-content\/uploads\/2016\/09\/parque_da_gare28-50x50.jpg 50w, https:\/\/www.arquimaster.com.ar\/web\/wp-content\/uploads\/2016\/09\/parque_da_gare28-125x125.jpg 125w\" sizes=\"auto, (max-width: 150px) 100vw, 150px\" \/><\/a>\n\t\t\t<\/div>\n\t\t\t\t<figcaption class='wp-caption-text gallery-caption' id='gallery-1-22285'>\n\t\t\t\tParque da Gare \/ Idom (\u00a9 Marcelo Donadussi)\n\t\t\t\t<\/figcaption><\/figure><figure class='gallery-item'>\n\t\t\t<div class='gallery-icon landscape'>\n\t\t\t\t<a href='https:\/\/www.arquimaster.com.ar\/web\/wp-content\/uploads\/2016\/09\/parque_da_gare29.jpg' title=\"Parque da Gare \/ Idom (\u00a9 Marcelo Donadussi)\" data-rl_title=\"Parque da Gare \/ Idom (\u00a9 Marcelo Donadussi)\" class=\"rl-gallery-link\" data-rl_caption=\"Parque da Gare \/ Idom (\u00a9 Marcelo Donadussi)\" data-rel=\"lightbox-gallery-1\"><img loading=\"lazy\" decoding=\"async\" width=\"150\" height=\"150\" src=\"https:\/\/www.arquimaster.com.ar\/web\/wp-content\/uploads\/2016\/09\/parque_da_gare29-150x150.jpg\" class=\"attachment-thumbnail size-thumbnail\" alt=\"\" aria-describedby=\"gallery-1-22286\" srcset=\"https:\/\/www.arquimaster.com.ar\/web\/wp-content\/uploads\/2016\/09\/parque_da_gare29-150x150.jpg 150w, https:\/\/www.arquimaster.com.ar\/web\/wp-content\/uploads\/2016\/09\/parque_da_gare29-50x50.jpg 50w, https:\/\/www.arquimaster.com.ar\/web\/wp-content\/uploads\/2016\/09\/parque_da_gare29-125x125.jpg 125w\" sizes=\"auto, (max-width: 150px) 100vw, 150px\" \/><\/a>\n\t\t\t<\/div>\n\t\t\t\t<figcaption class='wp-caption-text gallery-caption' id='gallery-1-22286'>\n\t\t\t\tParque da Gare \/ Idom (\u00a9 Marcelo Donadussi)\n\t\t\t\t<\/figcaption><\/figure><figure class='gallery-item'>\n\t\t\t<div class='gallery-icon landscape'>\n\t\t\t\t<a href='https:\/\/www.arquimaster.com.ar\/web\/wp-content\/uploads\/2016\/09\/parque_da_gare30.jpg' title=\"Parque da Gare \/ Idom (\u00a9 Marcelo Donadussi)\" data-rl_title=\"Parque da Gare \/ Idom (\u00a9 Marcelo Donadussi)\" class=\"rl-gallery-link\" data-rl_caption=\"Parque da Gare \/ Idom (\u00a9 Marcelo Donadussi)\" data-rel=\"lightbox-gallery-1\"><img loading=\"lazy\" decoding=\"async\" width=\"150\" height=\"150\" src=\"https:\/\/www.arquimaster.com.ar\/web\/wp-content\/uploads\/2016\/09\/parque_da_gare30-150x150.jpg\" class=\"attachment-thumbnail size-thumbnail\" alt=\"\" aria-describedby=\"gallery-1-22287\" srcset=\"https:\/\/www.arquimaster.com.ar\/web\/wp-content\/uploads\/2016\/09\/parque_da_gare30-150x150.jpg 150w, https:\/\/www.arquimaster.com.ar\/web\/wp-content\/uploads\/2016\/09\/parque_da_gare30-50x50.jpg 50w, https:\/\/www.arquimaster.com.ar\/web\/wp-content\/uploads\/2016\/09\/parque_da_gare30-125x125.jpg 125w\" sizes=\"auto, (max-width: 150px) 100vw, 150px\" \/><\/a>\n\t\t\t<\/div>\n\t\t\t\t<figcaption class='wp-caption-text gallery-caption' id='gallery-1-22287'>\n\t\t\t\tParque da Gare \/ Idom (\u00a9 Marcelo Donadussi)\n\t\t\t\t<\/figcaption><\/figure><figure class='gallery-item'>\n\t\t\t<div class='gallery-icon landscape'>\n\t\t\t\t<a href='https:\/\/www.arquimaster.com.ar\/web\/wp-content\/uploads\/2016\/09\/parque_da_gare31.jpg' title=\"Parque da Gare \/ Idom (\u00a9 Marcelo Donadussi)\" data-rl_title=\"Parque da Gare \/ Idom (\u00a9 Marcelo Donadussi)\" class=\"rl-gallery-link\" data-rl_caption=\"Parque da Gare \/ Idom (\u00a9 Marcelo Donadussi)\" data-rel=\"lightbox-gallery-1\"><img loading=\"lazy\" decoding=\"async\" width=\"150\" height=\"150\" src=\"https:\/\/www.arquimaster.com.ar\/web\/wp-content\/uploads\/2016\/09\/parque_da_gare31-150x150.jpg\" class=\"attachment-thumbnail size-thumbnail\" alt=\"\" aria-describedby=\"gallery-1-22288\" srcset=\"https:\/\/www.arquimaster.com.ar\/web\/wp-content\/uploads\/2016\/09\/parque_da_gare31-150x150.jpg 150w, https:\/\/www.arquimaster.com.ar\/web\/wp-content\/uploads\/2016\/09\/parque_da_gare31-50x50.jpg 50w, https:\/\/www.arquimaster.com.ar\/web\/wp-content\/uploads\/2016\/09\/parque_da_gare31-125x125.jpg 125w\" sizes=\"auto, (max-width: 150px) 100vw, 150px\" \/><\/a>\n\t\t\t<\/div>\n\t\t\t\t<figcaption class='wp-caption-text gallery-caption' id='gallery-1-22288'>\n\t\t\t\tParque da Gare \/ Idom (\u00a9 Marcelo Donadussi)\n\t\t\t\t<\/figcaption><\/figure><figure class='gallery-item'>\n\t\t\t<div class='gallery-icon landscape'>\n\t\t\t\t<a href='https:\/\/www.arquimaster.com.ar\/web\/wp-content\/uploads\/2016\/09\/parque_da_gare32.jpg' title=\"Parque da Gare \/ Idom (\u00a9 Marcelo Donadussi)\" data-rl_title=\"Parque da Gare \/ Idom (\u00a9 Marcelo Donadussi)\" class=\"rl-gallery-link\" data-rl_caption=\"Parque da Gare \/ Idom (\u00a9 Marcelo Donadussi)\" data-rel=\"lightbox-gallery-1\"><img loading=\"lazy\" decoding=\"async\" width=\"150\" height=\"150\" src=\"https:\/\/www.arquimaster.com.ar\/web\/wp-content\/uploads\/2016\/09\/parque_da_gare32-150x150.jpg\" class=\"attachment-thumbnail size-thumbnail\" alt=\"\" aria-describedby=\"gallery-1-22289\" srcset=\"https:\/\/www.arquimaster.com.ar\/web\/wp-content\/uploads\/2016\/09\/parque_da_gare32-150x150.jpg 150w, https:\/\/www.arquimaster.com.ar\/web\/wp-content\/uploads\/2016\/09\/parque_da_gare32-50x50.jpg 50w, https:\/\/www.arquimaster.com.ar\/web\/wp-content\/uploads\/2016\/09\/parque_da_gare32-125x125.jpg 125w\" sizes=\"auto, (max-width: 150px) 100vw, 150px\" \/><\/a>\n\t\t\t<\/div>\n\t\t\t\t<figcaption class='wp-caption-text gallery-caption' id='gallery-1-22289'>\n\t\t\t\tParque da Gare \/ Idom (\u00a9 Marcelo Donadussi)\n\t\t\t\t<\/figcaption><\/figure><figure class='gallery-item'>\n\t\t\t<div class='gallery-icon landscape'>\n\t\t\t\t<a href='https:\/\/www.arquimaster.com.ar\/web\/wp-content\/uploads\/2016\/09\/parque_da_gare33.jpg' title=\"Parque da Gare \/ Idom (\u00a9 Marcelo Donadussi)\" data-rl_title=\"Parque da Gare \/ Idom (\u00a9 Marcelo Donadussi)\" class=\"rl-gallery-link\" data-rl_caption=\"Parque da Gare \/ Idom (\u00a9 Marcelo Donadussi)\" data-rel=\"lightbox-gallery-1\"><img loading=\"lazy\" decoding=\"async\" width=\"150\" height=\"150\" src=\"https:\/\/www.arquimaster.com.ar\/web\/wp-content\/uploads\/2016\/09\/parque_da_gare33-150x150.jpg\" class=\"attachment-thumbnail size-thumbnail\" alt=\"\" aria-describedby=\"gallery-1-22290\" srcset=\"https:\/\/www.arquimaster.com.ar\/web\/wp-content\/uploads\/2016\/09\/parque_da_gare33-150x150.jpg 150w, https:\/\/www.arquimaster.com.ar\/web\/wp-content\/uploads\/2016\/09\/parque_da_gare33-50x50.jpg 50w, https:\/\/www.arquimaster.com.ar\/web\/wp-content\/uploads\/2016\/09\/parque_da_gare33-125x125.jpg 125w\" sizes=\"auto, (max-width: 150px) 100vw, 150px\" \/><\/a>\n\t\t\t<\/div>\n\t\t\t\t<figcaption class='wp-caption-text gallery-caption' id='gallery-1-22290'>\n\t\t\t\tParque da Gare \/ Idom (\u00a9 Marcelo Donadussi)\n\t\t\t\t<\/figcaption><\/figure><figure class='gallery-item'>\n\t\t\t<div class='gallery-icon landscape'>\n\t\t\t\t<a href='https:\/\/www.arquimaster.com.ar\/web\/wp-content\/uploads\/2016\/09\/parque_da_gare34.jpg' title=\"Parque da Gare \/ Idom (\u00a9 Marcelo Donadussi)\" data-rl_title=\"Parque da Gare \/ Idom (\u00a9 Marcelo Donadussi)\" class=\"rl-gallery-link\" data-rl_caption=\"Parque da Gare \/ Idom (\u00a9 Marcelo Donadussi)\" data-rel=\"lightbox-gallery-1\"><img loading=\"lazy\" decoding=\"async\" width=\"150\" height=\"150\" src=\"https:\/\/www.arquimaster.com.ar\/web\/wp-content\/uploads\/2016\/09\/parque_da_gare34-150x150.jpg\" class=\"attachment-thumbnail size-thumbnail\" alt=\"\" aria-describedby=\"gallery-1-22291\" srcset=\"https:\/\/www.arquimaster.com.ar\/web\/wp-content\/uploads\/2016\/09\/parque_da_gare34-150x150.jpg 150w, https:\/\/www.arquimaster.com.ar\/web\/wp-content\/uploads\/2016\/09\/parque_da_gare34-50x50.jpg 50w, https:\/\/www.arquimaster.com.ar\/web\/wp-content\/uploads\/2016\/09\/parque_da_gare34-125x125.jpg 125w\" sizes=\"auto, (max-width: 150px) 100vw, 150px\" \/><\/a>\n\t\t\t<\/div>\n\t\t\t\t<figcaption class='wp-caption-text gallery-caption' id='gallery-1-22291'>\n\t\t\t\tParque da Gare \/ Idom (\u00a9 Marcelo Donadussi)\n\t\t\t\t<\/figcaption><\/figure><figure class='gallery-item'>\n\t\t\t<div class='gallery-icon landscape'>\n\t\t\t\t<a href='https:\/\/www.arquimaster.com.ar\/web\/wp-content\/uploads\/2016\/09\/parque_da_gare35.jpg' title=\"Parque da Gare \/ Idom (\u00a9 Marcelo Donadussi)\" data-rl_title=\"Parque da Gare \/ Idom (\u00a9 Marcelo Donadussi)\" class=\"rl-gallery-link\" data-rl_caption=\"Parque da Gare \/ Idom (\u00a9 Marcelo Donadussi)\" data-rel=\"lightbox-gallery-1\"><img loading=\"lazy\" decoding=\"async\" width=\"150\" height=\"150\" src=\"https:\/\/www.arquimaster.com.ar\/web\/wp-content\/uploads\/2016\/09\/parque_da_gare35-150x150.jpg\" class=\"attachment-thumbnail size-thumbnail\" alt=\"\" aria-describedby=\"gallery-1-22292\" srcset=\"https:\/\/www.arquimaster.com.ar\/web\/wp-content\/uploads\/2016\/09\/parque_da_gare35-150x150.jpg 150w, https:\/\/www.arquimaster.com.ar\/web\/wp-content\/uploads\/2016\/09\/parque_da_gare35-50x50.jpg 50w, https:\/\/www.arquimaster.com.ar\/web\/wp-content\/uploads\/2016\/09\/parque_da_gare35-125x125.jpg 125w\" sizes=\"auto, (max-width: 150px) 100vw, 150px\" \/><\/a>\n\t\t\t<\/div>\n\t\t\t\t<figcaption class='wp-caption-text gallery-caption' id='gallery-1-22292'>\n\t\t\t\tParque da Gare \/ Idom (\u00a9 Marcelo Donadussi)\n\t\t\t\t<\/figcaption><\/figure><figure class='gallery-item'>\n\t\t\t<div class='gallery-icon landscape'>\n\t\t\t\t<a href='https:\/\/www.arquimaster.com.ar\/web\/wp-content\/uploads\/2016\/09\/parque_da_gare36.jpg' title=\"Parque da Gare \/ Idom (\u00a9 Marcelo Donadussi)\" data-rl_title=\"Parque da Gare \/ Idom (\u00a9 Marcelo Donadussi)\" class=\"rl-gallery-link\" data-rl_caption=\"Parque da Gare \/ Idom (\u00a9 Marcelo Donadussi)\" data-rel=\"lightbox-gallery-1\"><img loading=\"lazy\" decoding=\"async\" width=\"150\" height=\"150\" src=\"https:\/\/www.arquimaster.com.ar\/web\/wp-content\/uploads\/2016\/09\/parque_da_gare36-150x150.jpg\" class=\"attachment-thumbnail size-thumbnail\" alt=\"\" aria-describedby=\"gallery-1-22293\" srcset=\"https:\/\/www.arquimaster.com.ar\/web\/wp-content\/uploads\/2016\/09\/parque_da_gare36-150x150.jpg 150w, https:\/\/www.arquimaster.com.ar\/web\/wp-content\/uploads\/2016\/09\/parque_da_gare36-50x50.jpg 50w, https:\/\/www.arquimaster.com.ar\/web\/wp-content\/uploads\/2016\/09\/parque_da_gare36-125x125.jpg 125w\" sizes=\"auto, (max-width: 150px) 100vw, 150px\" \/><\/a>\n\t\t\t<\/div>\n\t\t\t\t<figcaption class='wp-caption-text gallery-caption' id='gallery-1-22293'>\n\t\t\t\tParque da Gare \/ Idom (\u00a9 Marcelo Donadussi)\n\t\t\t\t<\/figcaption><\/figure>\n\t\t<\/div>\n\n<p>Este es el caso de la feria del productor, que sustituir\u00eda a la que hasta el momento funcionaba en la parcela de la antigua estaci\u00f3n, un restaurante con punto de informaci\u00f3n, que mejorar\u00eda las funciones cumplidas por un peque\u00f1o bar exterior, una zona de ba\u00f1os y mantenimiento y, por \u00faltimo, un espacio de biblioteca polivalente ubicado en la parte m\u00e1s baja del parque, junto al lago, integrado completamente en el dise\u00f1o.<\/p>\n<div id='gallery-2' class='gallery galleryid-22253 gallery-columns-3 gallery-size-thumbnail'><figure class='gallery-item'>\n\t\t\t<div class='gallery-icon landscape'>\n\t\t\t\t<a href='https:\/\/www.arquimaster.com.ar\/web\/wp-content\/uploads\/2016\/09\/parque_da_gare37.jpg' title=\"Parque da Gare \/ Idom\" data-rl_title=\"Parque da Gare \/ Idom\" class=\"rl-gallery-link\" data-rl_caption=\"Parque da Gare \/ Idom\" data-rel=\"lightbox-gallery-2\"><img loading=\"lazy\" decoding=\"async\" width=\"150\" height=\"150\" src=\"https:\/\/www.arquimaster.com.ar\/web\/wp-content\/uploads\/2016\/09\/parque_da_gare37-150x150.jpg\" class=\"attachment-thumbnail size-thumbnail\" alt=\"\" aria-describedby=\"gallery-2-22294\" srcset=\"https:\/\/www.arquimaster.com.ar\/web\/wp-content\/uploads\/2016\/09\/parque_da_gare37-150x150.jpg 150w, https:\/\/www.arquimaster.com.ar\/web\/wp-content\/uploads\/2016\/09\/parque_da_gare37-50x50.jpg 50w, https:\/\/www.arquimaster.com.ar\/web\/wp-content\/uploads\/2016\/09\/parque_da_gare37-125x125.jpg 125w\" sizes=\"auto, (max-width: 150px) 100vw, 150px\" \/><\/a>\n\t\t\t<\/div>\n\t\t\t\t<figcaption class='wp-caption-text gallery-caption' id='gallery-2-22294'>\n\t\t\t\tParque da Gare \/ Idom\n\t\t\t\t<\/figcaption><\/figure><figure class='gallery-item'>\n\t\t\t<div class='gallery-icon landscape'>\n\t\t\t\t<a href='https:\/\/www.arquimaster.com.ar\/web\/wp-content\/uploads\/2016\/09\/parque_da_gare38.jpg' title=\"Parque da Gare \/ Idom\" data-rl_title=\"Parque da Gare \/ Idom\" class=\"rl-gallery-link\" data-rl_caption=\"Parque da Gare \/ Idom\" data-rel=\"lightbox-gallery-2\"><img loading=\"lazy\" decoding=\"async\" width=\"150\" height=\"150\" src=\"https:\/\/www.arquimaster.com.ar\/web\/wp-content\/uploads\/2016\/09\/parque_da_gare38-150x150.jpg\" class=\"attachment-thumbnail size-thumbnail\" alt=\"\" aria-describedby=\"gallery-2-22295\" srcset=\"https:\/\/www.arquimaster.com.ar\/web\/wp-content\/uploads\/2016\/09\/parque_da_gare38-150x150.jpg 150w, https:\/\/www.arquimaster.com.ar\/web\/wp-content\/uploads\/2016\/09\/parque_da_gare38-50x50.jpg 50w, https:\/\/www.arquimaster.com.ar\/web\/wp-content\/uploads\/2016\/09\/parque_da_gare38-125x125.jpg 125w\" sizes=\"auto, (max-width: 150px) 100vw, 150px\" \/><\/a>\n\t\t\t<\/div>\n\t\t\t\t<figcaption class='wp-caption-text gallery-caption' id='gallery-2-22295'>\n\t\t\t\tParque da Gare \/ Idom\n\t\t\t\t<\/figcaption><\/figure><figure class='gallery-item'>\n\t\t\t<div class='gallery-icon landscape'>\n\t\t\t\t<a href='https:\/\/www.arquimaster.com.ar\/web\/wp-content\/uploads\/2016\/09\/parque_da_gare39.jpg' title=\"Parque da Gare \/ Idom\" data-rl_title=\"Parque da Gare \/ Idom\" class=\"rl-gallery-link\" data-rl_caption=\"Parque da Gare \/ Idom\" data-rel=\"lightbox-gallery-2\"><img loading=\"lazy\" decoding=\"async\" width=\"150\" height=\"150\" src=\"https:\/\/www.arquimaster.com.ar\/web\/wp-content\/uploads\/2016\/09\/parque_da_gare39-150x150.jpg\" class=\"attachment-thumbnail size-thumbnail\" alt=\"\" aria-describedby=\"gallery-2-22296\" srcset=\"https:\/\/www.arquimaster.com.ar\/web\/wp-content\/uploads\/2016\/09\/parque_da_gare39-150x150.jpg 150w, https:\/\/www.arquimaster.com.ar\/web\/wp-content\/uploads\/2016\/09\/parque_da_gare39-50x50.jpg 50w, https:\/\/www.arquimaster.com.ar\/web\/wp-content\/uploads\/2016\/09\/parque_da_gare39-125x125.jpg 125w\" sizes=\"auto, (max-width: 150px) 100vw, 150px\" \/><\/a>\n\t\t\t<\/div>\n\t\t\t\t<figcaption class='wp-caption-text gallery-caption' id='gallery-2-22296'>\n\t\t\t\tParque da Gare \/ Idom\n\t\t\t\t<\/figcaption><\/figure><figure class='gallery-item'>\n\t\t\t<div class='gallery-icon landscape'>\n\t\t\t\t<a href='https:\/\/www.arquimaster.com.ar\/web\/wp-content\/uploads\/2016\/09\/parque_da_gare40.jpg' title=\"Parque da Gare \/ Idom\" data-rl_title=\"Parque da Gare \/ Idom\" class=\"rl-gallery-link\" data-rl_caption=\"Parque da Gare \/ Idom\" data-rel=\"lightbox-gallery-2\"><img loading=\"lazy\" decoding=\"async\" width=\"150\" height=\"150\" src=\"https:\/\/www.arquimaster.com.ar\/web\/wp-content\/uploads\/2016\/09\/parque_da_gare40-150x150.jpg\" class=\"attachment-thumbnail size-thumbnail\" alt=\"\" aria-describedby=\"gallery-2-22297\" srcset=\"https:\/\/www.arquimaster.com.ar\/web\/wp-content\/uploads\/2016\/09\/parque_da_gare40-150x150.jpg 150w, https:\/\/www.arquimaster.com.ar\/web\/wp-content\/uploads\/2016\/09\/parque_da_gare40-50x50.jpg 50w, https:\/\/www.arquimaster.com.ar\/web\/wp-content\/uploads\/2016\/09\/parque_da_gare40-125x125.jpg 125w\" sizes=\"auto, (max-width: 150px) 100vw, 150px\" \/><\/a>\n\t\t\t<\/div>\n\t\t\t\t<figcaption class='wp-caption-text gallery-caption' id='gallery-2-22297'>\n\t\t\t\tParque da Gare \/ Idom\n\t\t\t\t<\/figcaption><\/figure><figure class='gallery-item'>\n\t\t\t<div class='gallery-icon landscape'>\n\t\t\t\t<a href='https:\/\/www.arquimaster.com.ar\/web\/wp-content\/uploads\/2016\/09\/parque_da_gare41.jpg' title=\"Parque da Gare \/ Idom\" data-rl_title=\"Parque da Gare \/ Idom\" class=\"rl-gallery-link\" data-rl_caption=\"Parque da Gare \/ Idom\" data-rel=\"lightbox-gallery-2\"><img loading=\"lazy\" decoding=\"async\" width=\"150\" height=\"150\" src=\"https:\/\/www.arquimaster.com.ar\/web\/wp-content\/uploads\/2016\/09\/parque_da_gare41-150x150.jpg\" class=\"attachment-thumbnail size-thumbnail\" alt=\"\" aria-describedby=\"gallery-2-22298\" srcset=\"https:\/\/www.arquimaster.com.ar\/web\/wp-content\/uploads\/2016\/09\/parque_da_gare41-150x150.jpg 150w, https:\/\/www.arquimaster.com.ar\/web\/wp-content\/uploads\/2016\/09\/parque_da_gare41-50x50.jpg 50w, https:\/\/www.arquimaster.com.ar\/web\/wp-content\/uploads\/2016\/09\/parque_da_gare41-125x125.jpg 125w\" sizes=\"auto, (max-width: 150px) 100vw, 150px\" \/><\/a>\n\t\t\t<\/div>\n\t\t\t\t<figcaption class='wp-caption-text gallery-caption' id='gallery-2-22298'>\n\t\t\t\tParque da Gare \/ Idom\n\t\t\t\t<\/figcaption><\/figure><figure class='gallery-item'>\n\t\t\t<div class='gallery-icon landscape'>\n\t\t\t\t<a href='https:\/\/www.arquimaster.com.ar\/web\/wp-content\/uploads\/2016\/09\/parque_da_gare42.jpg' title=\"Parque da Gare \/ Idom\" data-rl_title=\"Parque da Gare \/ Idom\" class=\"rl-gallery-link\" data-rl_caption=\"Parque da Gare \/ Idom\" data-rel=\"lightbox-gallery-2\"><img loading=\"lazy\" decoding=\"async\" width=\"150\" height=\"150\" src=\"https:\/\/www.arquimaster.com.ar\/web\/wp-content\/uploads\/2016\/09\/parque_da_gare42-150x150.jpg\" class=\"attachment-thumbnail size-thumbnail\" alt=\"\" aria-describedby=\"gallery-2-22299\" srcset=\"https:\/\/www.arquimaster.com.ar\/web\/wp-content\/uploads\/2016\/09\/parque_da_gare42-150x150.jpg 150w, https:\/\/www.arquimaster.com.ar\/web\/wp-content\/uploads\/2016\/09\/parque_da_gare42-50x50.jpg 50w, https:\/\/www.arquimaster.com.ar\/web\/wp-content\/uploads\/2016\/09\/parque_da_gare42-125x125.jpg 125w\" sizes=\"auto, (max-width: 150px) 100vw, 150px\" \/><\/a>\n\t\t\t<\/div>\n\t\t\t\t<figcaption class='wp-caption-text gallery-caption' id='gallery-2-22299'>\n\t\t\t\tParque da Gare \/ Idom\n\t\t\t\t<\/figcaption><\/figure><figure class='gallery-item'>\n\t\t\t<div class='gallery-icon landscape'>\n\t\t\t\t<a href='https:\/\/www.arquimaster.com.ar\/web\/wp-content\/uploads\/2016\/09\/parque_da_gare43.jpg' title=\"Parque da Gare \/ Idom\" data-rl_title=\"Parque da Gare \/ Idom\" class=\"rl-gallery-link\" data-rl_caption=\"Parque da Gare \/ Idom\" data-rel=\"lightbox-gallery-2\"><img loading=\"lazy\" decoding=\"async\" width=\"150\" height=\"150\" src=\"https:\/\/www.arquimaster.com.ar\/web\/wp-content\/uploads\/2016\/09\/parque_da_gare43-150x150.jpg\" class=\"attachment-thumbnail size-thumbnail\" alt=\"\" aria-describedby=\"gallery-2-22300\" srcset=\"https:\/\/www.arquimaster.com.ar\/web\/wp-content\/uploads\/2016\/09\/parque_da_gare43-150x150.jpg 150w, https:\/\/www.arquimaster.com.ar\/web\/wp-content\/uploads\/2016\/09\/parque_da_gare43-50x50.jpg 50w, https:\/\/www.arquimaster.com.ar\/web\/wp-content\/uploads\/2016\/09\/parque_da_gare43-125x125.jpg 125w\" sizes=\"auto, (max-width: 150px) 100vw, 150px\" \/><\/a>\n\t\t\t<\/div>\n\t\t\t\t<figcaption class='wp-caption-text gallery-caption' id='gallery-2-22300'>\n\t\t\t\tParque da Gare \/ Idom\n\t\t\t\t<\/figcaption><\/figure><figure class='gallery-item'>\n\t\t\t<div class='gallery-icon landscape'>\n\t\t\t\t<a href='https:\/\/www.arquimaster.com.ar\/web\/wp-content\/uploads\/2016\/09\/parque_da_gare44.jpg' title=\"Parque da Gare \/ Idom\" data-rl_title=\"Parque da Gare \/ Idom\" class=\"rl-gallery-link\" data-rl_caption=\"Parque da Gare \/ Idom\" data-rel=\"lightbox-gallery-2\"><img loading=\"lazy\" decoding=\"async\" width=\"150\" height=\"150\" src=\"https:\/\/www.arquimaster.com.ar\/web\/wp-content\/uploads\/2016\/09\/parque_da_gare44-150x150.jpg\" class=\"attachment-thumbnail size-thumbnail\" alt=\"\" aria-describedby=\"gallery-2-22301\" srcset=\"https:\/\/www.arquimaster.com.ar\/web\/wp-content\/uploads\/2016\/09\/parque_da_gare44-150x150.jpg 150w, https:\/\/www.arquimaster.com.ar\/web\/wp-content\/uploads\/2016\/09\/parque_da_gare44-50x50.jpg 50w, https:\/\/www.arquimaster.com.ar\/web\/wp-content\/uploads\/2016\/09\/parque_da_gare44-125x125.jpg 125w\" sizes=\"auto, (max-width: 150px) 100vw, 150px\" \/><\/a>\n\t\t\t<\/div>\n\t\t\t\t<figcaption class='wp-caption-text gallery-caption' id='gallery-2-22301'>\n\t\t\t\tParque da Gare \/ Idom\n\t\t\t\t<\/figcaption><\/figure><figure class='gallery-item'>\n\t\t\t<div class='gallery-icon landscape'>\n\t\t\t\t<a href='https:\/\/www.arquimaster.com.ar\/web\/wp-content\/uploads\/2016\/09\/parque_da_gare45.jpg' title=\"Parque da Gare \/ Idom\" data-rl_title=\"Parque da Gare \/ Idom\" class=\"rl-gallery-link\" data-rl_caption=\"Parque da Gare \/ Idom\" data-rel=\"lightbox-gallery-2\"><img loading=\"lazy\" decoding=\"async\" width=\"150\" height=\"150\" src=\"https:\/\/www.arquimaster.com.ar\/web\/wp-content\/uploads\/2016\/09\/parque_da_gare45-150x150.jpg\" class=\"attachment-thumbnail size-thumbnail\" alt=\"\" aria-describedby=\"gallery-2-22302\" srcset=\"https:\/\/www.arquimaster.com.ar\/web\/wp-content\/uploads\/2016\/09\/parque_da_gare45-150x150.jpg 150w, https:\/\/www.arquimaster.com.ar\/web\/wp-content\/uploads\/2016\/09\/parque_da_gare45-1024x1024.jpg 1024w, https:\/\/www.arquimaster.com.ar\/web\/wp-content\/uploads\/2016\/09\/parque_da_gare45-768x768.jpg 768w, https:\/\/www.arquimaster.com.ar\/web\/wp-content\/uploads\/2016\/09\/parque_da_gare45-50x50.jpg 50w, https:\/\/www.arquimaster.com.ar\/web\/wp-content\/uploads\/2016\/09\/parque_da_gare45-125x125.jpg 125w, https:\/\/www.arquimaster.com.ar\/web\/wp-content\/uploads\/2016\/09\/parque_da_gare45.jpg 1200w\" sizes=\"auto, (max-width: 150px) 100vw, 150px\" \/><\/a>\n\t\t\t<\/div>\n\t\t\t\t<figcaption class='wp-caption-text gallery-caption' id='gallery-2-22302'>\n\t\t\t\tParque da Gare \/ Idom\n\t\t\t\t<\/figcaption><\/figure>\n\t\t<\/div>\n\n<p>El espacio urbano es dise\u00f1ado para generar tanto \u00e1reas de convivencia como de contemplaci\u00f3n. La intervenci\u00f3n urbana diferencia el interior del parque, donde se utiliza hormig\u00f3n para la pavimentaci\u00f3n, y el exterior, en el que se utiliza piedra de la regi\u00f3n, como ocurre en el resto de Passo Fundo. De este modo se genera una relaci\u00f3n entre la ciudad y el nuevo parque.<\/p>\n<div id='gallery-3' class='gallery galleryid-22253 gallery-columns-3 gallery-size-thumbnail'><figure class='gallery-item'>\n\t\t\t<div class='gallery-icon landscape'>\n\t\t\t\t<a href='https:\/\/www.arquimaster.com.ar\/web\/wp-content\/uploads\/2016\/09\/parque_da_gare46.jpg' title=\"Parque da Gare \/ Idom (proyectistas)\" data-rl_title=\"Parque da Gare \/ Idom (proyectistas)\" class=\"rl-gallery-link\" data-rl_caption=\"Parque da Gare \/ Idom (proyectistas)\" data-rel=\"lightbox-gallery-3\"><img loading=\"lazy\" decoding=\"async\" width=\"150\" height=\"150\" src=\"https:\/\/www.arquimaster.com.ar\/web\/wp-content\/uploads\/2016\/09\/parque_da_gare46-150x150.jpg\" class=\"attachment-thumbnail size-thumbnail\" alt=\"\" aria-describedby=\"gallery-3-22303\" srcset=\"https:\/\/www.arquimaster.com.ar\/web\/wp-content\/uploads\/2016\/09\/parque_da_gare46-150x150.jpg 150w, https:\/\/www.arquimaster.com.ar\/web\/wp-content\/uploads\/2016\/09\/parque_da_gare46-50x50.jpg 50w, https:\/\/www.arquimaster.com.ar\/web\/wp-content\/uploads\/2016\/09\/parque_da_gare46-125x125.jpg 125w\" sizes=\"auto, (max-width: 150px) 100vw, 150px\" \/><\/a>\n\t\t\t<\/div>\n\t\t\t\t<figcaption class='wp-caption-text gallery-caption' id='gallery-3-22303'>\n\t\t\t\tParque da Gare \/ Idom (proyectistas)\n\t\t\t\t<\/figcaption><\/figure><figure class='gallery-item'>\n\t\t\t<div class='gallery-icon landscape'>\n\t\t\t\t<a href='https:\/\/www.arquimaster.com.ar\/web\/wp-content\/uploads\/2016\/09\/parque_da_gare47.jpg' title=\"Parque da Gare \/ Idom (implantaci\u00f3n)\" data-rl_title=\"Parque da Gare \/ Idom (implantaci\u00f3n)\" class=\"rl-gallery-link\" data-rl_caption=\"Parque da Gare \/ Idom (implantaci\u00f3n)\" data-rel=\"lightbox-gallery-3\"><img loading=\"lazy\" decoding=\"async\" width=\"150\" height=\"150\" src=\"https:\/\/www.arquimaster.com.ar\/web\/wp-content\/uploads\/2016\/09\/parque_da_gare47-150x150.jpg\" class=\"attachment-thumbnail size-thumbnail\" alt=\"\" aria-describedby=\"gallery-3-22304\" srcset=\"https:\/\/www.arquimaster.com.ar\/web\/wp-content\/uploads\/2016\/09\/parque_da_gare47-150x150.jpg 150w, https:\/\/www.arquimaster.com.ar\/web\/wp-content\/uploads\/2016\/09\/parque_da_gare47-50x50.jpg 50w, https:\/\/www.arquimaster.com.ar\/web\/wp-content\/uploads\/2016\/09\/parque_da_gare47-125x125.jpg 125w\" sizes=\"auto, (max-width: 150px) 100vw, 150px\" \/><\/a>\n\t\t\t<\/div>\n\t\t\t\t<figcaption class='wp-caption-text gallery-caption' id='gallery-3-22304'>\n\t\t\t\tParque da Gare \/ Idom (implantaci\u00f3n)\n\t\t\t\t<\/figcaption><\/figure><figure class='gallery-item'>\n\t\t\t<div class='gallery-icon landscape'>\n\t\t\t\t<a href='https:\/\/www.arquimaster.com.ar\/web\/wp-content\/uploads\/2016\/09\/parque_da_gare48.jpg' title=\"Parque da Gare \/ Idom (planta feria)\" data-rl_title=\"Parque da Gare \/ Idom (planta feria)\" class=\"rl-gallery-link\" data-rl_caption=\"Parque da Gare \/ Idom (planta feria)\" data-rel=\"lightbox-gallery-3\"><img loading=\"lazy\" decoding=\"async\" width=\"150\" height=\"150\" src=\"https:\/\/www.arquimaster.com.ar\/web\/wp-content\/uploads\/2016\/09\/parque_da_gare48-150x150.jpg\" class=\"attachment-thumbnail size-thumbnail\" alt=\"\" aria-describedby=\"gallery-3-22305\" srcset=\"https:\/\/www.arquimaster.com.ar\/web\/wp-content\/uploads\/2016\/09\/parque_da_gare48-150x150.jpg 150w, https:\/\/www.arquimaster.com.ar\/web\/wp-content\/uploads\/2016\/09\/parque_da_gare48-50x50.jpg 50w, https:\/\/www.arquimaster.com.ar\/web\/wp-content\/uploads\/2016\/09\/parque_da_gare48-125x125.jpg 125w\" sizes=\"auto, (max-width: 150px) 100vw, 150px\" \/><\/a>\n\t\t\t<\/div>\n\t\t\t\t<figcaption class='wp-caption-text gallery-caption' id='gallery-3-22305'>\n\t\t\t\tParque da Gare \/ Idom (planta feria)\n\t\t\t\t<\/figcaption><\/figure><figure class='gallery-item'>\n\t\t\t<div class='gallery-icon landscape'>\n\t\t\t\t<a href='https:\/\/www.arquimaster.com.ar\/web\/wp-content\/uploads\/2016\/09\/parque_da_gare49.jpg' title=\"Parque da Gare \/ Idom (vista feria)\" data-rl_title=\"Parque da Gare \/ Idom (vista feria)\" class=\"rl-gallery-link\" data-rl_caption=\"Parque da Gare \/ Idom (vista feria)\" data-rel=\"lightbox-gallery-3\"><img loading=\"lazy\" decoding=\"async\" width=\"150\" height=\"150\" src=\"https:\/\/www.arquimaster.com.ar\/web\/wp-content\/uploads\/2016\/09\/parque_da_gare49-150x150.jpg\" class=\"attachment-thumbnail size-thumbnail\" alt=\"\" aria-describedby=\"gallery-3-22306\" srcset=\"https:\/\/www.arquimaster.com.ar\/web\/wp-content\/uploads\/2016\/09\/parque_da_gare49-150x150.jpg 150w, https:\/\/www.arquimaster.com.ar\/web\/wp-content\/uploads\/2016\/09\/parque_da_gare49-50x50.jpg 50w, https:\/\/www.arquimaster.com.ar\/web\/wp-content\/uploads\/2016\/09\/parque_da_gare49-125x125.jpg 125w\" sizes=\"auto, (max-width: 150px) 100vw, 150px\" \/><\/a>\n\t\t\t<\/div>\n\t\t\t\t<figcaption class='wp-caption-text gallery-caption' id='gallery-3-22306'>\n\t\t\t\tParque da Gare \/ Idom (vista feria)\n\t\t\t\t<\/figcaption><\/figure><figure class='gallery-item'>\n\t\t\t<div class='gallery-icon landscape'>\n\t\t\t\t<a href='https:\/\/www.arquimaster.com.ar\/web\/wp-content\/uploads\/2016\/09\/parque_da_gare50.jpg' title=\"Parque da Gare \/ Idom (corte transversal feria)\" data-rl_title=\"Parque da Gare \/ Idom (corte transversal feria)\" class=\"rl-gallery-link\" data-rl_caption=\"Parque da Gare \/ Idom (corte transversal feria)\" data-rel=\"lightbox-gallery-3\"><img loading=\"lazy\" decoding=\"async\" width=\"150\" height=\"150\" src=\"https:\/\/www.arquimaster.com.ar\/web\/wp-content\/uploads\/2016\/09\/parque_da_gare50-150x150.jpg\" class=\"attachment-thumbnail size-thumbnail\" alt=\"\" aria-describedby=\"gallery-3-22307\" srcset=\"https:\/\/www.arquimaster.com.ar\/web\/wp-content\/uploads\/2016\/09\/parque_da_gare50-150x150.jpg 150w, https:\/\/www.arquimaster.com.ar\/web\/wp-content\/uploads\/2016\/09\/parque_da_gare50-50x50.jpg 50w, https:\/\/www.arquimaster.com.ar\/web\/wp-content\/uploads\/2016\/09\/parque_da_gare50-125x125.jpg 125w\" sizes=\"auto, (max-width: 150px) 100vw, 150px\" \/><\/a>\n\t\t\t<\/div>\n\t\t\t\t<figcaption class='wp-caption-text gallery-caption' id='gallery-3-22307'>\n\t\t\t\tParque da Gare \/ Idom (corte transversal feria)\n\t\t\t\t<\/figcaption><\/figure><figure class='gallery-item'>\n\t\t\t<div class='gallery-icon landscape'>\n\t\t\t\t<a href='https:\/\/www.arquimaster.com.ar\/web\/wp-content\/uploads\/2016\/09\/parque_da_gare51.jpg' title=\"Parque da Gare \/ Idom (vista feria)\" data-rl_title=\"Parque da Gare \/ Idom (vista feria)\" class=\"rl-gallery-link\" data-rl_caption=\"Parque da Gare \/ Idom (vista feria)\" data-rel=\"lightbox-gallery-3\"><img loading=\"lazy\" decoding=\"async\" width=\"150\" height=\"150\" src=\"https:\/\/www.arquimaster.com.ar\/web\/wp-content\/uploads\/2016\/09\/parque_da_gare51-150x150.jpg\" class=\"attachment-thumbnail size-thumbnail\" alt=\"\" aria-describedby=\"gallery-3-22308\" srcset=\"https:\/\/www.arquimaster.com.ar\/web\/wp-content\/uploads\/2016\/09\/parque_da_gare51-150x150.jpg 150w, https:\/\/www.arquimaster.com.ar\/web\/wp-content\/uploads\/2016\/09\/parque_da_gare51-50x50.jpg 50w, https:\/\/www.arquimaster.com.ar\/web\/wp-content\/uploads\/2016\/09\/parque_da_gare51-125x125.jpg 125w\" sizes=\"auto, (max-width: 150px) 100vw, 150px\" \/><\/a>\n\t\t\t<\/div>\n\t\t\t\t<figcaption class='wp-caption-text gallery-caption' id='gallery-3-22308'>\n\t\t\t\tParque da Gare \/ Idom (vista feria)\n\t\t\t\t<\/figcaption><\/figure><figure class='gallery-item'>\n\t\t\t<div class='gallery-icon landscape'>\n\t\t\t\t<a href='https:\/\/www.arquimaster.com.ar\/web\/wp-content\/uploads\/2016\/09\/parque_da_gare52.jpg' title=\"Parque da Gare \/ Idom (planta baja biblioteca)\" data-rl_title=\"Parque da Gare \/ Idom (planta baja biblioteca)\" class=\"rl-gallery-link\" data-rl_caption=\"Parque da Gare \/ Idom (planta baja biblioteca)\" data-rel=\"lightbox-gallery-3\"><img loading=\"lazy\" decoding=\"async\" width=\"150\" height=\"150\" src=\"https:\/\/www.arquimaster.com.ar\/web\/wp-content\/uploads\/2016\/09\/parque_da_gare52-150x150.jpg\" class=\"attachment-thumbnail size-thumbnail\" alt=\"\" aria-describedby=\"gallery-3-22309\" srcset=\"https:\/\/www.arquimaster.com.ar\/web\/wp-content\/uploads\/2016\/09\/parque_da_gare52-150x150.jpg 150w, https:\/\/www.arquimaster.com.ar\/web\/wp-content\/uploads\/2016\/09\/parque_da_gare52-50x50.jpg 50w, https:\/\/www.arquimaster.com.ar\/web\/wp-content\/uploads\/2016\/09\/parque_da_gare52-125x125.jpg 125w\" sizes=\"auto, (max-width: 150px) 100vw, 150px\" \/><\/a>\n\t\t\t<\/div>\n\t\t\t\t<figcaption class='wp-caption-text gallery-caption' id='gallery-3-22309'>\n\t\t\t\tParque da Gare \/ Idom (planta baja biblioteca)\n\t\t\t\t<\/figcaption><\/figure><figure class='gallery-item'>\n\t\t\t<div class='gallery-icon landscape'>\n\t\t\t\t<a href='https:\/\/www.arquimaster.com.ar\/web\/wp-content\/uploads\/2016\/09\/parque_da_gare53.jpg' title=\"Parque da Gare \/ Idom (planta alta biblioteca)\" data-rl_title=\"Parque da Gare \/ Idom (planta alta biblioteca)\" class=\"rl-gallery-link\" data-rl_caption=\"Parque da Gare \/ Idom (planta alta biblioteca)\" data-rel=\"lightbox-gallery-3\"><img loading=\"lazy\" decoding=\"async\" width=\"150\" height=\"150\" src=\"https:\/\/www.arquimaster.com.ar\/web\/wp-content\/uploads\/2016\/09\/parque_da_gare53-150x150.jpg\" class=\"attachment-thumbnail size-thumbnail\" alt=\"\" aria-describedby=\"gallery-3-22310\" srcset=\"https:\/\/www.arquimaster.com.ar\/web\/wp-content\/uploads\/2016\/09\/parque_da_gare53-150x150.jpg 150w, https:\/\/www.arquimaster.com.ar\/web\/wp-content\/uploads\/2016\/09\/parque_da_gare53-50x50.jpg 50w, https:\/\/www.arquimaster.com.ar\/web\/wp-content\/uploads\/2016\/09\/parque_da_gare53-125x125.jpg 125w\" sizes=\"auto, (max-width: 150px) 100vw, 150px\" \/><\/a>\n\t\t\t<\/div>\n\t\t\t\t<figcaption class='wp-caption-text gallery-caption' id='gallery-3-22310'>\n\t\t\t\tParque da Gare \/ Idom (planta alta biblioteca)\n\t\t\t\t<\/figcaption><\/figure><figure class='gallery-item'>\n\t\t\t<div class='gallery-icon landscape'>\n\t\t\t\t<a href='https:\/\/www.arquimaster.com.ar\/web\/wp-content\/uploads\/2016\/09\/parque_da_gare54.jpg' title=\"Parque da Gare \/ Idom (corte biblioteca)\" data-rl_title=\"Parque da Gare \/ Idom (corte biblioteca)\" class=\"rl-gallery-link\" data-rl_caption=\"Parque da Gare \/ Idom (corte biblioteca)\" data-rel=\"lightbox-gallery-3\"><img loading=\"lazy\" decoding=\"async\" width=\"150\" height=\"150\" src=\"https:\/\/www.arquimaster.com.ar\/web\/wp-content\/uploads\/2016\/09\/parque_da_gare54-150x150.jpg\" class=\"attachment-thumbnail size-thumbnail\" alt=\"\" aria-describedby=\"gallery-3-22311\" srcset=\"https:\/\/www.arquimaster.com.ar\/web\/wp-content\/uploads\/2016\/09\/parque_da_gare54-150x150.jpg 150w, https:\/\/www.arquimaster.com.ar\/web\/wp-content\/uploads\/2016\/09\/parque_da_gare54-50x50.jpg 50w, https:\/\/www.arquimaster.com.ar\/web\/wp-content\/uploads\/2016\/09\/parque_da_gare54-125x125.jpg 125w\" sizes=\"auto, (max-width: 150px) 100vw, 150px\" \/><\/a>\n\t\t\t<\/div>\n\t\t\t\t<figcaption class='wp-caption-text gallery-caption' id='gallery-3-22311'>\n\t\t\t\tParque da Gare \/ Idom (corte biblioteca)\n\t\t\t\t<\/figcaption><\/figure><figure class='gallery-item'>\n\t\t\t<div class='gallery-icon landscape'>\n\t\t\t\t<a href='https:\/\/www.arquimaster.com.ar\/web\/wp-content\/uploads\/2016\/09\/parque_da_gare55.jpg' title=\"Parque da Gare \/ Idom (isom\u00e9trica biblioteca)\" data-rl_title=\"Parque da Gare \/ Idom (isom\u00e9trica biblioteca)\" class=\"rl-gallery-link\" data-rl_caption=\"Parque da Gare \/ Idom (isom\u00e9trica biblioteca)\" data-rel=\"lightbox-gallery-3\"><img loading=\"lazy\" decoding=\"async\" width=\"150\" height=\"150\" src=\"https:\/\/www.arquimaster.com.ar\/web\/wp-content\/uploads\/2016\/09\/parque_da_gare55-150x150.jpg\" class=\"attachment-thumbnail size-thumbnail\" alt=\"\" aria-describedby=\"gallery-3-22312\" srcset=\"https:\/\/www.arquimaster.com.ar\/web\/wp-content\/uploads\/2016\/09\/parque_da_gare55-150x150.jpg 150w, https:\/\/www.arquimaster.com.ar\/web\/wp-content\/uploads\/2016\/09\/parque_da_gare55-50x50.jpg 50w, https:\/\/www.arquimaster.com.ar\/web\/wp-content\/uploads\/2016\/09\/parque_da_gare55-125x125.jpg 125w\" sizes=\"auto, (max-width: 150px) 100vw, 150px\" \/><\/a>\n\t\t\t<\/div>\n\t\t\t\t<figcaption class='wp-caption-text gallery-caption' id='gallery-3-22312'>\n\t\t\t\tParque da Gare \/ Idom (isom\u00e9trica biblioteca)\n\t\t\t\t<\/figcaption><\/figure><figure class='gallery-item'>\n\t\t\t<div class='gallery-icon portrait'>\n\t\t\t\t<a href='https:\/\/www.arquimaster.com.ar\/web\/wp-content\/uploads\/2016\/09\/parque_da_gare56.jpg' title=\"Parque da Gare \/ Idom (esquema)\" data-rl_title=\"Parque da Gare \/ Idom (esquema)\" class=\"rl-gallery-link\" data-rl_caption=\"Parque da Gare \/ Idom (esquema)\" data-rel=\"lightbox-gallery-3\"><img loading=\"lazy\" decoding=\"async\" width=\"150\" height=\"150\" src=\"https:\/\/www.arquimaster.com.ar\/web\/wp-content\/uploads\/2016\/09\/parque_da_gare56-150x150.jpg\" class=\"attachment-thumbnail size-thumbnail\" alt=\"\" aria-describedby=\"gallery-3-22255\" srcset=\"https:\/\/www.arquimaster.com.ar\/web\/wp-content\/uploads\/2016\/09\/parque_da_gare56-150x150.jpg 150w, https:\/\/www.arquimaster.com.ar\/web\/wp-content\/uploads\/2016\/09\/parque_da_gare56-50x50.jpg 50w, https:\/\/www.arquimaster.com.ar\/web\/wp-content\/uploads\/2016\/09\/parque_da_gare56-125x125.jpg 125w\" sizes=\"auto, (max-width: 150px) 100vw, 150px\" \/><\/a>\n\t\t\t<\/div>\n\t\t\t\t<figcaption class='wp-caption-text gallery-caption' id='gallery-3-22255'>\n\t\t\t\tParque da Gare \/ Idom (esquema)\n\t\t\t\t<\/figcaption><\/figure>\n\t\t<\/div>\n\n<p>Adem\u00e1s, se construyen varios muros de contenci\u00f3n, puentes, pasarelas y edificaciones que permiten superar diversas barreras, derivadas de la dif\u00edcil topograf\u00eda, y organizar el espacio. En los caminos van apareciendo diferentes materiales: madera, cemento&#8230; que organizan espacialmente el parque y sus usos. Tambi\u00e9n se incorporan juegos infantiles y p\u00e9rgolas.<\/p>\n<p><strong>Paisajismo<\/strong><br \/>\nEl proyecto de paisajismo se basa en la utilizaci\u00f3n de especies aut\u00f3ctonas. Los ejemplares se escogen seg\u00fan su tama\u00f1o, su color y las funciones que deber\u00e1n desarrollar en cada punto, de modo que haya un control de la sombra y el resultado se ajuste a las decisiones est\u00e9ticas y espaciales.<\/p>\n<p>El dise\u00f1o del espacio urbanizado mantiene esa misma intenci\u00f3n. As\u00ed, junto al lago, se crean peque\u00f1as alamedas de \u00e1rboles bajos, en sentido Sur-Norte, para reducir la sombra y aumentar la oxigenaci\u00f3n de las aguas, y se colocan conjuntos de \u00e1rboles coloridos para agregar una distinci\u00f3n crom\u00e1tica frente al verde constante.<\/p>\n<p>Partiendo del gran n\u00famero de \u00e1rboles preexistentes, se plantan nuevos ejemplares en determinadas zonas con el objeto de generar cierta homogeneidad y de organizar las diferentes \u00e1reas.<\/p>\n<p>Tambi\u00e9n se generan espacios cubiertos unicamente con c\u00e9sped que puedan alojar todo tipo de atividades.<\/p>\n<p><strong>Edificio de la Feria del Productor<\/strong><br \/>\nLa Feria del Productor se implanta en una zona de bajada acentuada, con una diferencia de cota entre dos calles de unos cuatro metros. Para salvarla se articula la edificaci\u00f3n en dos niveles con diferentes alturas y accesos por rampas y escaleras, haciendo accesibles todos los espacios.<\/p>\n<p>El edificio contiene todo su programa en el interior, debido a las condiciones clim\u00e1ticas de Passo Fundo, y mantiene una relaci\u00f3n directa con las dos calles paralelas y con las zonas de estacionamento adyacentes, destinadas a la carga y descarga y a aparcamiento para clientes.<\/p>\n<p>El interior se organiza mediante rampas en tres espacios a diferentes cotas: El primero, en relaci\u00f3n con la Avenida Sete de Setembro, est\u00e1 destinado a ba\u00f1os, almacenes y salas de instalaciones. Bajando la rampa nos encontramos con un segundo espacio intermedio donde se ubica la zona de alimentaci\u00f3n y que conecta com el acceso Este desde el parque. En la planta inferior se encuentran las zonas de fr\u00edo y el acceso a la Rua Capit\u00e3o Bernardo y al \u00e1rea de estacionamento.<\/p>\n<p>La estructura del edificio est\u00e1 compuesta por un sistema mixto de hormig\u00f3n y metal. La estructura de hormig\u00f3n se encuentra en el basamento, en contacto con la tierra, y se compone de pilares, vigas, muros de contenci\u00f3n y losas prefabricadas.<\/p>\n<p>Sobre ella se apoya la estructura met\u00e1lica que organiza espacialmente la envolvente del edificio a trav\u00e9s de pilares y vigas para los cierres laterales y la cubierta. As\u00ed, se genera un gran espacio central abierto, libre de pilares. La cubierta se ejecuta con telas met\u00e1licas sobre una estructura de cerchas met\u00e1licas y el cerramiento exterior, con lo que se genera una continuidad entre fachada y cubierta.<\/p>\n<p>Las aberturas en la fachada cumplen las funciones de ventilaci\u00f3n e iluminaci\u00f3n natural. Su disposici\u00f3n otorga cierto ritmo a las fachadas m\u00e1s alargadas.<\/p>\n<p>Las grandes aberturas en la parte superior del edificio generan una continuidad espacial entre interior y exterior.<\/p>\n<p><strong>La biblioteca<\/strong><br \/>\nLa divisi\u00f3n espacial del terreno en dos niveles en la zona inferior del parque tambi\u00e9n afecta a este proyecto. De hecho, el pavimento inferior se encuentra semienterrado en la topograf\u00eda.<\/p>\n<p>La parte inferior del edificio es de hormig\u00f3n armado. A partir de la losa que la cubre (losa intermedia de la biblioteca) se desarrolla un prisma de forma singular con una estructura met\u00e1lica y un cerramiento de mamposter\u00eda que incorpora algunas superficies acristaladas.<\/p>\n<p>La planta baja contiene un n\u00facleo funcional que concentra las zonas h\u00famedas, con ba\u00f1os p\u00fablicos, la escalera exterior que da acceso a la planta superior y la infraestructura necesaria para la instalaci\u00f3n de un peque\u00f1o restaurante. Todos estos usos se concentran junto al muro de contenci\u00f3n dejando a su lado una gran \u00e1rea cubierta totalmente libre donde pueden celebrarse todo tipo de eventos.<\/p>\n<p>La planta superior se organiza como espacio polivalente, para usos de una biblioteca digital. Cuenta tambi\u00e9n con un peque\u00f1o n\u00facleo de sanitarios y una recepci\u00f3n, y sendos accesos en ambos extremos. Est\u00e1 previsto que se utilice conjuntamente con la plaza existente en la cota superior.<\/p>\n<p><strong>Ficha t\u00e9cnica<\/strong><br \/>\nNombre: Parque da Gare<br \/>\nUbicaci\u00f3n: Passo Fundo, Brasil<br \/>\nArquitectura y paisajismo: IDOM<br \/>\nCoordinador general: Pedro Paes Lira<br \/>\nGerente: Eugenio Teixeira Borges<br \/>\nColaboradores: Andreia Faley, Vera Leit\u00e3o Pinto, Luciana Pitombo, Ana Camila Sanches, Renata Azevedo Lovro, Caio Faggin, Jes\u00fas L\u00e1zaro<br \/>\nEstructuras: Igor Ortuoste Jayo, Marcos Eanes Santos Souza<br \/>\nMec\u00e1nica: Eug\u00e9nio Durban Quilis<br \/>\nElectricidad: David Alfonso Pastor, Pedro Medina N\u00fa\u00f1ez, Marcus Vinicios Ostwald<br \/>\nDrenaje: Mar\u00eda Salve Pi\u00f1ero de Miguel, Marta del Blanco Calder\u00f3n<br \/>\nMovimiento de tierras: Miguel Faria<br \/>\nMedio Ambiente: Pedro Muradas Montesinos, Encarna Jim\u00e9nez Monreal, Bruno Turbiani Pereira Dos Santos, Luiz Fernando Amorim<br \/>\nCliente: Ayuntamiento de Passo Fundo, BID<br \/>\nA\u00f1o de finalizaci\u00f3n: 2016<br \/>\n\u00c1rea: 96.070,40 m2<br \/>\n\u00c1rea construida: 1.823,2 m2<br \/>\nFotograf\u00eda: Marcelo Donadussi<\/p>\n<p><strong>Contacto:<\/strong> <a href=\"http:\/\/www.idom.com\" target=\"_blank\" rel=\"noopener\">http:\/\/www.idom.com<\/a><\/p>\n<p><em><strong>English version<\/strong><\/em><\/p>\n<p><em>The Parque da Gare, created in the 80s, is located next to an old railway station. The derelict state it was in and the fact that it was located right in the centre of the city of Passo Fundo motivated the council to start a project for its comprehensive urban and landscape revitalization keeping some historical and natural aspects, but under a new design for the park and introducing new infrastructures.<\/em><\/p>\n<p><em>This would be the case of the farmer&#8217;s market, which would take over the one which had been running on the plot of the old station, a restaurant with an information desk included which would improve the role taken on by a small outdoor bar, a bathing and maintenance area and, lastly, a multipurpose library area located in the lowest part of the park, next to the lake, fully integrated into the design. <\/em><\/p>\n<p><em>The urban area is designed so as to generate both areas for coexistence and contemplation. The urban intervention differentiates the inside of the park, where concrete is used for paving, from the outside, where regional stone is used, as in the rest of Passo Fundo. This creates a link between the city and the new park.<\/em><\/p>\n<p><em>Plus, several retaining walls, bridges, footbridges and buildings were erected in order to overcome some barriers, derived from the complex topography, and to organise the space.<\/em><\/p>\n<p><em>Along the paths, the different materials appear gradually: timber, cement\u2026These spatially organise the park and its uses. Children&#8217;s games and pergolas are also incorporated. <\/em><\/p>\n<p><em><strong>Landscape design<\/strong><\/em><br \/>\n<em>The landscape design is based on using autochthonous species. The specimens are chosen according to their size, colour and the functions they&#8217;ll have to fulfil at each point, making it possible for there to be a shade control, and the results are in line with the spatial and aesthetic decisions made. <\/em><\/p>\n<p><em>The design of the urbanised area maintains that same purpose. Hence, beside the lake, small boulevards are lined with short trees, in a South-North arrangement, in order to reduce shade and increase the oxygenation of the water and colourful trees are placed to contribute a chromatic difference from the constant green.<\/em><\/p>\n<p><em>Given the high number of pre-existing trees, new specimens are planted in certain areas with the idea of generating a certain homogeneity and of organising the different zones. <\/em><\/p>\n<p><em>Lawn areas are also generated for the hosting of all sorts of activities.<\/em><\/p>\n<p><em><strong>Farmer&#8217;s market building<\/strong><\/em><br \/>\n<em>The Farmer&#8217;s Market is set in an area with a considerable slope, with a level difference between two streets of around four meters. To get around this, the building has two levels with different heights and stair and ramp access, making all areas accessible. <\/em><\/p>\n<p><em>Given the climate conditions of Passo Fundo, the building houses all its programme inside and keeps a direct connection with the two parallel streets and the adjacent parking zones, which include loading bays and parking for customers. The inside is organised by ramps into three areas at different levels.<\/em><\/p>\n<p><em>The first one, linked to the Sete de Setembro Avenue, is destined for toilets, stockrooms and building services rooms. Going down the ramp we find a second intermediate area where the food is located. It&#8217;s linked with the park through the East entrance. The lower level corresponds to the cool area and the access from the Rua Capit\u00e3o Bernardo and the parking area.<\/em><\/p>\n<p><em>The building has a mixed structure made of concrete and metal. The concrete corresponds to the base, in contact with the soil, and in turn is made up of pillars, beams, retaining walls and prefab slabs. This structure offers support to the metal one, which spatially organises the building&#8217;s envelope by means of pillars and beams for the sides and the roof. This generates a great central space, free from pillars. The roof is the result of metal mesh placed over metal trusses and the envelope, thus creating continuity between the fa\u00e7ade and the roof.<\/em><\/p>\n<p><em>The openings in the fa\u00e7ade serve ventilation and illumination purposes. Their layout grants a certain rhythm to the longer elevations.<\/em><\/p>\n<p><em>The great openings on the upper part of the building generate spatial continuity between the inside and the exterior.<\/em><\/p>\n<p><em><strong>The library<\/strong> <\/em><br \/>\n<em>The special division of the terrain into two levels in the lower part of the park also affects this project. In fact, the lower pavement is half buried.<\/em><\/p>\n<p><em>The lower part of the building is made of reinforced concrete. Given the slab that covers it (intermediate slab from the library), a uniquely shaped prism is developed with a metal structure and a masonry envelope that includes some glazed surfaces. <\/em><\/p>\n<p><em>The ground floor contains the functional core that concentrates the wet areas, with public toilets, the exterior staircase that leads up to the upper floor and the required infrastructure for the outfitting of a small restaurant. All these uses are concentrated next to the retaining wall, leaving a great sheltered area beside it which can host all sorts of events.<\/em><\/p>\n<p><em>The upper floor is organised as a multipurpose area, to be used as a digital library. It also includes a small toilets cluster and a reception, and entrances on either side. The idea is for it to be used in conjunction with the existing plaza on the upper level.<\/em><\/p>\n\n<div style=\"font-size: 0px; height: 0px; line-height: 0px; margin: 0; padding: 0; clear: both;\"><\/div><div style=\"margin-top: 0px; margin-bottom: 0px;\" class=\"sharethis-inline-share-buttons\" ><\/div>","protected":false},"excerpt":{"rendered":"<p>Proyecto de revitalizaci\u00f3n paisaj\u00edstica y urban\u00edstica manteniendo aspectos hist\u00f3ricos y naturales&#8230;<\/p>\n","protected":false},"author":1,"featured_media":22256,"comment_status":"closed","ping_status":"closed","sticky":false,"template":"","format":"standard","meta":{"_uag_custom_page_level_css":"","footnotes":""},"categories":[77,1,713],"tags":[489,2229,803,740,1467,709,3933,3934,3935],"class_list":["post-22253","post","type-post","status-publish","format-standard","has-post-thumbnail","hentry","category-arquitectura-paisaje","category-proyecto","category-proyectos-urbanos","tag-arquitectura-del-paisaje","tag-biblioteca","tag-brasil","tag-diseno-del-paisaje","tag-idom","tag-paisajismo","tag-parque","tag-passo-fundo","tag-rio-grande-do-sul","generate-columns","tablet-grid-50","mobile-grid-100","grid-parent","grid-50"],"yoast_head":"<!-- This site is optimized with the Yoast SEO plugin v27.3 - https:\/\/yoast.com\/product\/yoast-seo-wordpress\/ -->\n<title>Parque da Gare \/ IDOM - Arquimaster<\/title>\n<meta name=\"robots\" content=\"index, follow, max-snippet:-1, max-image-preview:large, max-video-preview:-1\" \/>\n<link rel=\"canonical\" href=\"https:\/\/www.arquimaster.com.ar\/web\/parque-da-gare-idom\/\" \/>\n<meta property=\"og:locale\" content=\"es_ES\" \/>\n<meta property=\"og:type\" content=\"article\" \/>\n<meta property=\"og:title\" content=\"Parque da Gare \/ IDOM - Arquimaster\" \/>\n<meta property=\"og:description\" content=\"Proyecto de revitalizaci\u00f3n paisaj\u00edstica y urban\u00edstica manteniendo aspectos hist\u00f3ricos y naturales...\" \/>\n<meta property=\"og:url\" content=\"https:\/\/www.arquimaster.com.ar\/web\/parque-da-gare-idom\/\" \/>\n<meta property=\"og:site_name\" content=\"Arquimaster\" \/>\n<meta property=\"article:publisher\" content=\"http:\/\/www.facebook.com\/ARQUIMASTER.com.ar\" \/>\n<meta property=\"article:published_time\" content=\"2016-09-14T01:16:53+00:00\" \/>\n<meta property=\"article:modified_time\" content=\"2022-02-23T18:05:43+00:00\" \/>\n<meta property=\"og:image\" content=\"https:\/\/www.arquimaster.com.ar\/web\/wp-content\/uploads\/2016\/09\/parque_da_gare_slide1.jpg\" \/>\n\t<meta property=\"og:image:width\" content=\"642\" \/>\n\t<meta property=\"og:image:height\" content=\"336\" \/>\n\t<meta property=\"og:image:type\" content=\"image\/jpeg\" \/>\n<meta name=\"author\" content=\"Arquimaster\" \/>\n<meta name=\"twitter:card\" content=\"summary_large_image\" \/>\n<meta name=\"twitter:creator\" content=\"@arquimaster\" \/>\n<meta name=\"twitter:site\" content=\"@arquimaster\" \/>\n<meta name=\"twitter:label1\" content=\"Escrito por\" \/>\n\t<meta name=\"twitter:data1\" content=\"Arquimaster\" \/>\n\t<meta name=\"twitter:label2\" content=\"Tiempo de lectura\" \/>\n\t<meta name=\"twitter:data2\" content=\"9 minutos\" \/>\n<script type=\"application\/ld+json\" class=\"yoast-schema-graph\">{\"@context\":\"https:\\\/\\\/schema.org\",\"@graph\":[{\"@type\":\"Article\",\"@id\":\"https:\\\/\\\/www.arquimaster.com.ar\\\/web\\\/parque-da-gare-idom\\\/#article\",\"isPartOf\":{\"@id\":\"https:\\\/\\\/www.arquimaster.com.ar\\\/web\\\/parque-da-gare-idom\\\/\"},\"author\":{\"name\":\"Arquimaster\",\"@id\":\"https:\\\/\\\/www.arquimaster.com.ar\\\/web\\\/#\\\/schema\\\/person\\\/359e9f7c00193fcde068e0dd2ceb0028\"},\"headline\":\"Parque da Gare \\\/ IDOM\",\"datePublished\":\"2016-09-14T01:16:53+00:00\",\"dateModified\":\"2022-02-23T18:05:43+00:00\",\"mainEntityOfPage\":{\"@id\":\"https:\\\/\\\/www.arquimaster.com.ar\\\/web\\\/parque-da-gare-idom\\\/\"},\"wordCount\":2031,\"publisher\":{\"@id\":\"https:\\\/\\\/www.arquimaster.com.ar\\\/web\\\/#organization\"},\"image\":{\"@id\":\"https:\\\/\\\/www.arquimaster.com.ar\\\/web\\\/parque-da-gare-idom\\\/#primaryimage\"},\"thumbnailUrl\":\"https:\\\/\\\/www.arquimaster.com.ar\\\/web\\\/wp-content\\\/uploads\\\/2016\\\/09\\\/parque_da_gare_slide1.jpg\",\"keywords\":[\"arquitectura del paisaje\",\"biblioteca\",\"Brasil\",\"dise\u00f1o del paisaje\",\"IDOM\",\"paisajismo\",\"parque\",\"Passo Fundo\",\"Rio Grande Do Sul\"],\"articleSection\":[\"Arquitectura del paisaje\",\"Proyecto\",\"Proyectos urbanos\"],\"inLanguage\":\"es\"},{\"@type\":\"WebPage\",\"@id\":\"https:\\\/\\\/www.arquimaster.com.ar\\\/web\\\/parque-da-gare-idom\\\/\",\"url\":\"https:\\\/\\\/www.arquimaster.com.ar\\\/web\\\/parque-da-gare-idom\\\/\",\"name\":\"Parque da Gare \\\/ IDOM - Arquimaster\",\"isPartOf\":{\"@id\":\"https:\\\/\\\/www.arquimaster.com.ar\\\/web\\\/#website\"},\"primaryImageOfPage\":{\"@id\":\"https:\\\/\\\/www.arquimaster.com.ar\\\/web\\\/parque-da-gare-idom\\\/#primaryimage\"},\"image\":{\"@id\":\"https:\\\/\\\/www.arquimaster.com.ar\\\/web\\\/parque-da-gare-idom\\\/#primaryimage\"},\"thumbnailUrl\":\"https:\\\/\\\/www.arquimaster.com.ar\\\/web\\\/wp-content\\\/uploads\\\/2016\\\/09\\\/parque_da_gare_slide1.jpg\",\"datePublished\":\"2016-09-14T01:16:53+00:00\",\"dateModified\":\"2022-02-23T18:05:43+00:00\",\"breadcrumb\":{\"@id\":\"https:\\\/\\\/www.arquimaster.com.ar\\\/web\\\/parque-da-gare-idom\\\/#breadcrumb\"},\"inLanguage\":\"es\",\"potentialAction\":[{\"@type\":\"ReadAction\",\"target\":[\"https:\\\/\\\/www.arquimaster.com.ar\\\/web\\\/parque-da-gare-idom\\\/\"]}]},{\"@type\":\"ImageObject\",\"inLanguage\":\"es\",\"@id\":\"https:\\\/\\\/www.arquimaster.com.ar\\\/web\\\/parque-da-gare-idom\\\/#primaryimage\",\"url\":\"https:\\\/\\\/www.arquimaster.com.ar\\\/web\\\/wp-content\\\/uploads\\\/2016\\\/09\\\/parque_da_gare_slide1.jpg\",\"contentUrl\":\"https:\\\/\\\/www.arquimaster.com.ar\\\/web\\\/wp-content\\\/uploads\\\/2016\\\/09\\\/parque_da_gare_slide1.jpg\",\"width\":642,\"height\":336},{\"@type\":\"BreadcrumbList\",\"@id\":\"https:\\\/\\\/www.arquimaster.com.ar\\\/web\\\/parque-da-gare-idom\\\/#breadcrumb\",\"itemListElement\":[{\"@type\":\"ListItem\",\"position\":1,\"name\":\"Portada\",\"item\":\"https:\\\/\\\/www.arquimaster.com.ar\\\/web\\\/\"},{\"@type\":\"ListItem\",\"position\":2,\"name\":\"Parque da Gare \\\/ IDOM\"}]},{\"@type\":\"WebSite\",\"@id\":\"https:\\\/\\\/www.arquimaster.com.ar\\\/web\\\/#website\",\"url\":\"https:\\\/\\\/www.arquimaster.com.ar\\\/web\\\/\",\"name\":\"Arquimaster\",\"description\":\"Web de arquitectura, dise\u00f1o y construccion\",\"publisher\":{\"@id\":\"https:\\\/\\\/www.arquimaster.com.ar\\\/web\\\/#organization\"},\"potentialAction\":[{\"@type\":\"SearchAction\",\"target\":{\"@type\":\"EntryPoint\",\"urlTemplate\":\"https:\\\/\\\/www.arquimaster.com.ar\\\/web\\\/?s={search_term_string}\"},\"query-input\":{\"@type\":\"PropertyValueSpecification\",\"valueRequired\":true,\"valueName\":\"search_term_string\"}}],\"inLanguage\":\"es\"},{\"@type\":\"Organization\",\"@id\":\"https:\\\/\\\/www.arquimaster.com.ar\\\/web\\\/#organization\",\"name\":\"Arquimaster\",\"url\":\"https:\\\/\\\/www.arquimaster.com.ar\\\/web\\\/\",\"logo\":{\"@type\":\"ImageObject\",\"inLanguage\":\"es\",\"@id\":\"https:\\\/\\\/www.arquimaster.com.ar\\\/web\\\/#\\\/schema\\\/logo\\\/image\\\/\",\"url\":\"https:\\\/\\\/www.arquimaster.com.ar\\\/web\\\/wp-content\\\/uploads\\\/2022\\\/06\\\/arquimaster.png\",\"contentUrl\":\"https:\\\/\\\/www.arquimaster.com.ar\\\/web\\\/wp-content\\\/uploads\\\/2022\\\/06\\\/arquimaster.png\",\"width\":594,\"height\":78,\"caption\":\"Arquimaster\"},\"image\":{\"@id\":\"https:\\\/\\\/www.arquimaster.com.ar\\\/web\\\/#\\\/schema\\\/logo\\\/image\\\/\"},\"sameAs\":[\"http:\\\/\\\/www.facebook.com\\\/ARQUIMASTER.com.ar\",\"https:\\\/\\\/x.com\\\/arquimaster\",\"https:\\\/\\\/www.instagram.com\\\/arquimasterblog\\\/\",\"https:\\\/\\\/www.linkedin.com\\\/company\\\/arquimaster\",\"https:\\\/\\\/www.pinterest.com\\\/arquimaster\",\"https:\\\/\\\/t.me\\\/arquimaster\"]},{\"@type\":\"Person\",\"@id\":\"https:\\\/\\\/www.arquimaster.com.ar\\\/web\\\/#\\\/schema\\\/person\\\/359e9f7c00193fcde068e0dd2ceb0028\",\"name\":\"Arquimaster\"}]}<\/script>\n<!-- \/ Yoast SEO plugin. -->","yoast_head_json":{"title":"Parque da Gare \/ IDOM - Arquimaster","robots":{"index":"index","follow":"follow","max-snippet":"max-snippet:-1","max-image-preview":"max-image-preview:large","max-video-preview":"max-video-preview:-1"},"canonical":"https:\/\/www.arquimaster.com.ar\/web\/parque-da-gare-idom\/","og_locale":"es_ES","og_type":"article","og_title":"Parque da Gare \/ IDOM - Arquimaster","og_description":"Proyecto de revitalizaci\u00f3n paisaj\u00edstica y urban\u00edstica manteniendo aspectos hist\u00f3ricos y naturales...","og_url":"https:\/\/www.arquimaster.com.ar\/web\/parque-da-gare-idom\/","og_site_name":"Arquimaster","article_publisher":"http:\/\/www.facebook.com\/ARQUIMASTER.com.ar","article_published_time":"2016-09-14T01:16:53+00:00","article_modified_time":"2022-02-23T18:05:43+00:00","og_image":[{"width":642,"height":336,"url":"https:\/\/www.arquimaster.com.ar\/web\/wp-content\/uploads\/2016\/09\/parque_da_gare_slide1.jpg","type":"image\/jpeg"}],"author":"Arquimaster","twitter_card":"summary_large_image","twitter_creator":"@arquimaster","twitter_site":"@arquimaster","twitter_misc":{"Escrito por":"Arquimaster","Tiempo de lectura":"9 minutos"},"schema":{"@context":"https:\/\/schema.org","@graph":[{"@type":"Article","@id":"https:\/\/www.arquimaster.com.ar\/web\/parque-da-gare-idom\/#article","isPartOf":{"@id":"https:\/\/www.arquimaster.com.ar\/web\/parque-da-gare-idom\/"},"author":{"name":"Arquimaster","@id":"https:\/\/www.arquimaster.com.ar\/web\/#\/schema\/person\/359e9f7c00193fcde068e0dd2ceb0028"},"headline":"Parque da Gare \/ IDOM","datePublished":"2016-09-14T01:16:53+00:00","dateModified":"2022-02-23T18:05:43+00:00","mainEntityOfPage":{"@id":"https:\/\/www.arquimaster.com.ar\/web\/parque-da-gare-idom\/"},"wordCount":2031,"publisher":{"@id":"https:\/\/www.arquimaster.com.ar\/web\/#organization"},"image":{"@id":"https:\/\/www.arquimaster.com.ar\/web\/parque-da-gare-idom\/#primaryimage"},"thumbnailUrl":"https:\/\/www.arquimaster.com.ar\/web\/wp-content\/uploads\/2016\/09\/parque_da_gare_slide1.jpg","keywords":["arquitectura del paisaje","biblioteca","Brasil","dise\u00f1o del paisaje","IDOM","paisajismo","parque","Passo Fundo","Rio Grande Do Sul"],"articleSection":["Arquitectura del paisaje","Proyecto","Proyectos urbanos"],"inLanguage":"es"},{"@type":"WebPage","@id":"https:\/\/www.arquimaster.com.ar\/web\/parque-da-gare-idom\/","url":"https:\/\/www.arquimaster.com.ar\/web\/parque-da-gare-idom\/","name":"Parque da Gare \/ IDOM - Arquimaster","isPartOf":{"@id":"https:\/\/www.arquimaster.com.ar\/web\/#website"},"primaryImageOfPage":{"@id":"https:\/\/www.arquimaster.com.ar\/web\/parque-da-gare-idom\/#primaryimage"},"image":{"@id":"https:\/\/www.arquimaster.com.ar\/web\/parque-da-gare-idom\/#primaryimage"},"thumbnailUrl":"https:\/\/www.arquimaster.com.ar\/web\/wp-content\/uploads\/2016\/09\/parque_da_gare_slide1.jpg","datePublished":"2016-09-14T01:16:53+00:00","dateModified":"2022-02-23T18:05:43+00:00","breadcrumb":{"@id":"https:\/\/www.arquimaster.com.ar\/web\/parque-da-gare-idom\/#breadcrumb"},"inLanguage":"es","potentialAction":[{"@type":"ReadAction","target":["https:\/\/www.arquimaster.com.ar\/web\/parque-da-gare-idom\/"]}]},{"@type":"ImageObject","inLanguage":"es","@id":"https:\/\/www.arquimaster.com.ar\/web\/parque-da-gare-idom\/#primaryimage","url":"https:\/\/www.arquimaster.com.ar\/web\/wp-content\/uploads\/2016\/09\/parque_da_gare_slide1.jpg","contentUrl":"https:\/\/www.arquimaster.com.ar\/web\/wp-content\/uploads\/2016\/09\/parque_da_gare_slide1.jpg","width":642,"height":336},{"@type":"BreadcrumbList","@id":"https:\/\/www.arquimaster.com.ar\/web\/parque-da-gare-idom\/#breadcrumb","itemListElement":[{"@type":"ListItem","position":1,"name":"Portada","item":"https:\/\/www.arquimaster.com.ar\/web\/"},{"@type":"ListItem","position":2,"name":"Parque da Gare \/ IDOM"}]},{"@type":"WebSite","@id":"https:\/\/www.arquimaster.com.ar\/web\/#website","url":"https:\/\/www.arquimaster.com.ar\/web\/","name":"Arquimaster","description":"Web de arquitectura, dise\u00f1o y construccion","publisher":{"@id":"https:\/\/www.arquimaster.com.ar\/web\/#organization"},"potentialAction":[{"@type":"SearchAction","target":{"@type":"EntryPoint","urlTemplate":"https:\/\/www.arquimaster.com.ar\/web\/?s={search_term_string}"},"query-input":{"@type":"PropertyValueSpecification","valueRequired":true,"valueName":"search_term_string"}}],"inLanguage":"es"},{"@type":"Organization","@id":"https:\/\/www.arquimaster.com.ar\/web\/#organization","name":"Arquimaster","url":"https:\/\/www.arquimaster.com.ar\/web\/","logo":{"@type":"ImageObject","inLanguage":"es","@id":"https:\/\/www.arquimaster.com.ar\/web\/#\/schema\/logo\/image\/","url":"https:\/\/www.arquimaster.com.ar\/web\/wp-content\/uploads\/2022\/06\/arquimaster.png","contentUrl":"https:\/\/www.arquimaster.com.ar\/web\/wp-content\/uploads\/2022\/06\/arquimaster.png","width":594,"height":78,"caption":"Arquimaster"},"image":{"@id":"https:\/\/www.arquimaster.com.ar\/web\/#\/schema\/logo\/image\/"},"sameAs":["http:\/\/www.facebook.com\/ARQUIMASTER.com.ar","https:\/\/x.com\/arquimaster","https:\/\/www.instagram.com\/arquimasterblog\/","https:\/\/www.linkedin.com\/company\/arquimaster","https:\/\/www.pinterest.com\/arquimaster","https:\/\/t.me\/arquimaster"]},{"@type":"Person","@id":"https:\/\/www.arquimaster.com.ar\/web\/#\/schema\/person\/359e9f7c00193fcde068e0dd2ceb0028","name":"Arquimaster"}]}},"uagb_featured_image_src":{"full":["https:\/\/www.arquimaster.com.ar\/web\/wp-content\/uploads\/2016\/09\/parque_da_gare_slide1.jpg",642,336,false],"thumbnail":["https:\/\/www.arquimaster.com.ar\/web\/wp-content\/uploads\/2016\/09\/parque_da_gare_slide1-150x150.jpg",150,150,true],"medium":["https:\/\/www.arquimaster.com.ar\/web\/wp-content\/uploads\/2016\/09\/parque_da_gare_slide1.jpg",642,336,false],"medium_large":["https:\/\/www.arquimaster.com.ar\/web\/wp-content\/uploads\/2016\/09\/parque_da_gare_slide1.jpg",642,336,false],"large":["https:\/\/www.arquimaster.com.ar\/web\/wp-content\/uploads\/2016\/09\/parque_da_gare_slide1.jpg",642,336,false],"1536x1536":["https:\/\/www.arquimaster.com.ar\/web\/wp-content\/uploads\/2016\/09\/parque_da_gare_slide1.jpg",642,336,false],"2048x2048":["https:\/\/www.arquimaster.com.ar\/web\/wp-content\/uploads\/2016\/09\/parque_da_gare_slide1.jpg",642,336,false]},"uagb_author_info":{"display_name":"Arquimaster","author_link":"https:\/\/www.arquimaster.com.ar\/web\/author\/arquimaster\/"},"uagb_comment_info":0,"uagb_excerpt":"Proyecto de revitalizaci\u00f3n paisaj\u00edstica y urban\u00edstica manteniendo aspectos hist\u00f3ricos y naturales...","_links":{"self":[{"href":"https:\/\/www.arquimaster.com.ar\/web\/wp-json\/wp\/v2\/posts\/22253","targetHints":{"allow":["GET"]}}],"collection":[{"href":"https:\/\/www.arquimaster.com.ar\/web\/wp-json\/wp\/v2\/posts"}],"about":[{"href":"https:\/\/www.arquimaster.com.ar\/web\/wp-json\/wp\/v2\/types\/post"}],"author":[{"embeddable":true,"href":"https:\/\/www.arquimaster.com.ar\/web\/wp-json\/wp\/v2\/users\/1"}],"replies":[{"embeddable":true,"href":"https:\/\/www.arquimaster.com.ar\/web\/wp-json\/wp\/v2\/comments?post=22253"}],"version-history":[{"count":1,"href":"https:\/\/www.arquimaster.com.ar\/web\/wp-json\/wp\/v2\/posts\/22253\/revisions"}],"predecessor-version":[{"id":68956,"href":"https:\/\/www.arquimaster.com.ar\/web\/wp-json\/wp\/v2\/posts\/22253\/revisions\/68956"}],"wp:featuredmedia":[{"embeddable":true,"href":"https:\/\/www.arquimaster.com.ar\/web\/wp-json\/wp\/v2\/media\/22256"}],"wp:attachment":[{"href":"https:\/\/www.arquimaster.com.ar\/web\/wp-json\/wp\/v2\/media?parent=22253"}],"wp:term":[{"taxonomy":"category","embeddable":true,"href":"https:\/\/www.arquimaster.com.ar\/web\/wp-json\/wp\/v2\/categories?post=22253"},{"taxonomy":"post_tag","embeddable":true,"href":"https:\/\/www.arquimaster.com.ar\/web\/wp-json\/wp\/v2\/tags?post=22253"}],"curies":[{"name":"wp","href":"https:\/\/api.w.org\/{rel}","templated":true}]}}