{"id":2246,"date":"2014-01-21T22:06:34","date_gmt":"2014-01-21T22:06:34","guid":{"rendered":"http:\/\/www.arquimaster.com.ar\/web\/?p=2246"},"modified":"2026-03-28T22:19:55","modified_gmt":"2026-03-29T01:19:55","slug":"el-puente-de-villa-maria-cobra-vida-a-traves-de-la-luz","status":"publish","type":"post","link":"https:\/\/www.arquimaster.com.ar\/web\/el-puente-de-villa-maria-cobra-vida-a-traves-de-la-luz\/","title":{"rendered":"El puente de Villa Mar\u00eda cobra vida a trav\u00e9s de la luz"},"content":{"rendered":"<div style=\"margin-top: 0px; margin-bottom: 0px;\" class=\"sharethis-inline-share-buttons\" ><\/div><div class=\"b812932af2e751442846f039925109de\" data-index=\"1\" style=\"float: none; margin:25px 0 25px 0; text-align:center;\">\n<script async src=\"https:\/\/pagead2.googlesyndication.com\/pagead\/js\/adsbygoogle.js\"><\/script>\r\n<!-- Arquimaster (superior) -->\r\n<ins class=\"adsbygoogle\"\r\n     style=\"display:block\"\r\n     data-ad-client=\"ca-pub-6351072698456832\"\r\n     data-ad-slot=\"6455489680\"\r\n     data-ad-format=\"auto\"\r\n     data-full-width-responsive=\"true\"><\/ins>\r\n<script>\r\n     (adsbygoogle = window.adsbygoogle || []).push({});\r\n<\/script>\n<\/div>\n<p><em><strong>La empresa Philips utiliz\u00f3 tecnolog\u00eda LED para convertir el nuevo puente del municipio cordob\u00e9s en una obra segura, sustentable y visualmente impactante.<\/strong><\/em><\/p>\n<div id='gallery-1' class='gallery galleryid-2246 gallery-columns-3 gallery-size-thumbnail'><figure class='gallery-item'>\n\t\t\t<div class='gallery-icon landscape'>\n\t\t\t\t<a href='https:\/\/www.arquimaster.com.ar\/web\/wp-content\/uploads\/2014\/01\/villa_maria_philips1.jpg' title=\"El puente de Villa Mar\u00eda cobra vida a trav\u00e9s de la luz\" data-rl_title=\"El puente de Villa Mar\u00eda cobra vida a trav\u00e9s de la luz\" class=\"rl-gallery-link\" data-rl_caption=\"El puente de Villa Mar\u00eda cobra vida a trav\u00e9s de la luz\" data-rel=\"lightbox-gallery-1\"><img loading=\"lazy\" decoding=\"async\" width=\"150\" height=\"150\" src=\"https:\/\/www.arquimaster.com.ar\/web\/wp-content\/uploads\/2014\/01\/villa_maria_philips1-150x150.jpg\" class=\"attachment-thumbnail size-thumbnail\" alt=\"\" aria-describedby=\"gallery-1-2248\" srcset=\"https:\/\/www.arquimaster.com.ar\/web\/wp-content\/uploads\/2014\/01\/villa_maria_philips1-150x150.jpg 150w, https:\/\/www.arquimaster.com.ar\/web\/wp-content\/uploads\/2014\/01\/villa_maria_philips1-50x50.jpg 50w, https:\/\/www.arquimaster.com.ar\/web\/wp-content\/uploads\/2014\/01\/villa_maria_philips1-125x125.jpg 125w\" sizes=\"auto, (max-width: 150px) 100vw, 150px\" \/><\/a>\n\t\t\t<\/div>\n\t\t\t\t<figcaption class='wp-caption-text gallery-caption' id='gallery-1-2248'>\n\t\t\t\tEl puente de Villa Mar\u00eda cobra vida a trav\u00e9s de la luz\n\t\t\t\t<\/figcaption><\/figure><figure class='gallery-item'>\n\t\t\t<div class='gallery-icon portrait'>\n\t\t\t\t<a href='https:\/\/www.arquimaster.com.ar\/web\/wp-content\/uploads\/2014\/01\/villa_maria_philips2.jpg' title=\"El puente de Villa Mar\u00eda cobra vida a trav\u00e9s de la luz\" data-rl_title=\"El puente de Villa Mar\u00eda cobra vida a trav\u00e9s de la luz\" class=\"rl-gallery-link\" data-rl_caption=\"El puente de Villa Mar\u00eda cobra vida a trav\u00e9s de la luz\" data-rel=\"lightbox-gallery-1\"><img loading=\"lazy\" decoding=\"async\" width=\"150\" height=\"150\" src=\"https:\/\/www.arquimaster.com.ar\/web\/wp-content\/uploads\/2014\/01\/villa_maria_philips2-150x150.jpg\" class=\"attachment-thumbnail size-thumbnail\" alt=\"\" aria-describedby=\"gallery-1-2249\" srcset=\"https:\/\/www.arquimaster.com.ar\/web\/wp-content\/uploads\/2014\/01\/villa_maria_philips2-150x150.jpg 150w, https:\/\/www.arquimaster.com.ar\/web\/wp-content\/uploads\/2014\/01\/villa_maria_philips2-50x50.jpg 50w, https:\/\/www.arquimaster.com.ar\/web\/wp-content\/uploads\/2014\/01\/villa_maria_philips2-125x125.jpg 125w\" sizes=\"auto, (max-width: 150px) 100vw, 150px\" \/><\/a>\n\t\t\t<\/div>\n\t\t\t\t<figcaption class='wp-caption-text gallery-caption' id='gallery-1-2249'>\n\t\t\t\tEl puente de Villa Mar\u00eda cobra vida a trav\u00e9s de la luz\n\t\t\t\t<\/figcaption><\/figure>\n\t\t<\/div>\n\n<p><strong>Philips Argentina<\/strong> tuvo a su cargo la iluminaci\u00f3n del puente colgante de <strong>Villa Mar\u00eda<\/strong>, inaugurado en octubre del a\u00f1o pasado para unir dicha ciudad con la localidad de Villa Nueva. El plan de alumbrado p\u00fablico y embellecimiento, encargado por la municipalidad local, incluy\u00f3 el dise\u00f1o lum\u00ednico, la puesta en marcha del proyecto y la provisi\u00f3n de proyectores y luminarias <strong>LED<\/strong> para su ejecuci\u00f3n.<\/p>\n<p>El nuevo puente constituye un importante hito urbano con un moderno dise\u00f1o que jerarquiza la costanera de Villa Mar\u00eda y adem\u00e1s facilita el ordenamiento vehicular y peatonal en la zona del balneario. La obra fue encargada por la Direcci\u00f3n Nacional de Vialidad con el fin de fortalecer las v\u00edas de comunicaci\u00f3n entre las regiones, constituyendo un aporte al crecimiento y desarrollo productivo de la provincia y el pa\u00eds. Tiene 120 metros de largo y 13 de ancho, con dos carriles para veh\u00edculos y sendas peatonales.<\/p>\n<p>Para su iluminaci\u00f3n, el Servicio de Alumbrado del Municipio de Villa Mar\u00eda prioriz\u00f3 una premisa fundamental: la <strong>eficiencia energ\u00e9tica<\/strong>. Por ello, el dise\u00f1o lum\u00ednico fue elaborado en base a tecnolog\u00eda LED, que permite un alto ahorro de energ\u00eda, a la vez que reduce costos por mantenimiento y reposici\u00f3n debido a una mayor vida \u00fatil.<\/p>\n<p>El proyecto, adem\u00e1s, plante\u00f3 otro desaf\u00edo: combinar los requisitos del alumbrado en t\u00e9rminos de seguridad vial\u00a0 con el deseo de resaltar la arquitectura del puente y aportar belleza al paisaje nocturno de la ciudad. La soluci\u00f3n que mejor se adapt\u00f3 a los objetivos consisti\u00f3 en iluminar la calzada vehicular y veredas mediante 26 <strong>luminarias GreenwayLED<\/strong> con placas <strong>LEDGINE<\/strong>.<\/p>\n<p>Adicionalmente, los laterales del tablero suspendido, los cables inclinados y la parte inferior de los arcos parab\u00f3licos fueron iluminados con <strong>proyectores Color Graze<\/strong> y <strong>ColorBlast RGB<\/strong>, controlados por un <strong>iPlayer 3<\/strong>. Gracias a este sistema, el puente brinda la posibilidad de jugar con las luces, destacando su figura en fechas importantes seleccionadas por el municipio y vibrando al ritmo del estado de \u00e1nimo de la ciudad.<\/p>\n<p><strong>Ficha t\u00e9cnica<\/strong><br \/>\nCliente: Municipalidad de Villa Mar\u00eda, C\u00f3rdoba<br \/>\nUbicaci\u00f3n: Villa Mar\u00eda, C\u00f3rdoba, Argentina<br \/>\nConstructora: Vialco SA<br \/>\nInstalaciones El\u00e9ctricas: Electro Centro SRL<br \/>\nComercializaci\u00f3n\/Distribuci\u00f3n: Ferrero y Mattio SRL<br \/>\nResponsables Philips: J.I. Chiossone, G. Pasina, A. D\u00edaz Ch\u00e1vez<br \/>\nProductos Philips: Color Blast, Color Graze, iPlayer3, GreenWay LED<\/p>\n<p><strong>Acerca de Royal Philips<\/strong><br \/>\nRoyal Philips (NYSE: PHG, AEX: PHIA) es una empresa diversificada de salud y bienestar enfocada en mejorar la vida de las personas a trav\u00e9s de innovaciones oportunas en los sectores de Cuidado de la Salud, Estilo de Vida e Iluminaci\u00f3n. Con sede en Holanda, Philips report\u00f3 ventas de 24.8 mil millones de euros en 2012 y cuenta con aproximadamente 114.000 empleados con servicios y comercializaci\u00f3n en m\u00e1s de 100 pa\u00edses. La compa\u00f1\u00eda es l\u00edder en el mercado de cuidados card\u00edacos, cuidados intensivos y atenci\u00f3n m\u00e9dica en el hogar, as\u00ed como en soluciones de energ\u00eda eficientes y nuevas aplicaciones de iluminaci\u00f3n, as\u00ed como en afeitadoras para hombres y depiladoras y cuidado de la salud oral.<\/p>\n\n<div style=\"font-size: 0px; height: 0px; line-height: 0px; margin: 0; padding: 0; clear: both;\"><\/div><div style=\"margin-top: 0px; margin-bottom: 0px;\" class=\"sharethis-inline-share-buttons\" ><\/div>","protected":false},"excerpt":{"rendered":"<p>Philips utiliz\u00f3 tecnolog\u00eda LED en una obra segura, sustentable y visualmente impactante&#8230;<\/p>\n","protected":false},"author":1,"featured_media":2247,"comment_status":"closed","ping_status":"closed","sticky":false,"template":"","format":"standard","meta":{"_uag_custom_page_level_css":"","footnotes":""},"categories":[55,789],"tags":[228,790,793,129,794,301,304,795,300,792,317,791],"class_list":["post-2246","post","type-post","status-publish","format-standard","has-post-thumbnail","hentry","category-diseno","category-diseno-de-iluminacion","tag-cordoba","tag-diseno-de-iluminacion-2","tag-diseno-luminico","tag-eficiencia-energetica","tag-greenwayled","tag-iluminacion","tag-led","tag-ledgine","tag-philips","tag-puente-colgante","tag-sustentable","tag-villa-maria","generate-columns","tablet-grid-50","mobile-grid-100","grid-parent","grid-50"],"yoast_head":"<!-- This site is optimized with the Yoast SEO plugin v27.3 - https:\/\/yoast.com\/product\/yoast-seo-wordpress\/ -->\n<title>El puente de Villa Mar\u00eda cobra vida a trav\u00e9s de la luz - Arquimaster<\/title>\n<meta name=\"robots\" content=\"index, follow, max-snippet:-1, max-image-preview:large, max-video-preview:-1\" \/>\n<link rel=\"canonical\" href=\"https:\/\/www.arquimaster.com.ar\/web\/el-puente-de-villa-maria-cobra-vida-a-traves-de-la-luz\/\" \/>\n<meta property=\"og:locale\" content=\"es_ES\" \/>\n<meta property=\"og:type\" content=\"article\" \/>\n<meta property=\"og:title\" content=\"El puente de Villa Mar\u00eda cobra vida a trav\u00e9s de la luz - Arquimaster\" \/>\n<meta property=\"og:description\" content=\"Philips utiliz\u00f3 tecnolog\u00eda LED en una obra segura, sustentable y visualmente impactante...\" \/>\n<meta property=\"og:url\" content=\"https:\/\/www.arquimaster.com.ar\/web\/el-puente-de-villa-maria-cobra-vida-a-traves-de-la-luz\/\" \/>\n<meta property=\"og:site_name\" content=\"Arquimaster\" \/>\n<meta property=\"article:publisher\" content=\"http:\/\/www.facebook.com\/ARQUIMASTER.com.ar\" \/>\n<meta property=\"article:published_time\" content=\"2014-01-21T22:06:34+00:00\" \/>\n<meta property=\"article:modified_time\" content=\"2026-03-29T01:19:55+00:00\" \/>\n<meta property=\"og:image\" content=\"https:\/\/www.arquimaster.com.ar\/web\/wp-content\/uploads\/2014\/01\/villa_maria_philips_slide.jpg\" \/>\n\t<meta property=\"og:image:width\" content=\"642\" \/>\n\t<meta property=\"og:image:height\" content=\"336\" \/>\n\t<meta property=\"og:image:type\" content=\"image\/jpeg\" \/>\n<meta name=\"author\" content=\"Arquimaster\" \/>\n<meta name=\"twitter:card\" content=\"summary_large_image\" \/>\n<meta name=\"twitter:creator\" content=\"@arquimaster\" \/>\n<meta name=\"twitter:site\" content=\"@arquimaster\" \/>\n<meta name=\"twitter:label1\" content=\"Escrito por\" \/>\n\t<meta name=\"twitter:data1\" content=\"Arquimaster\" \/>\n\t<meta name=\"twitter:label2\" content=\"Tiempo de lectura\" \/>\n\t<meta name=\"twitter:data2\" content=\"3 minutos\" \/>\n<script type=\"application\/ld+json\" class=\"yoast-schema-graph\">{\"@context\":\"https:\\\/\\\/schema.org\",\"@graph\":[{\"@type\":\"Article\",\"@id\":\"https:\\\/\\\/www.arquimaster.com.ar\\\/web\\\/el-puente-de-villa-maria-cobra-vida-a-traves-de-la-luz\\\/#article\",\"isPartOf\":{\"@id\":\"https:\\\/\\\/www.arquimaster.com.ar\\\/web\\\/el-puente-de-villa-maria-cobra-vida-a-traves-de-la-luz\\\/\"},\"author\":{\"name\":\"Arquimaster\",\"@id\":\"https:\\\/\\\/www.arquimaster.com.ar\\\/web\\\/#\\\/schema\\\/person\\\/359e9f7c00193fcde068e0dd2ceb0028\"},\"headline\":\"El puente de Villa Mar\u00eda cobra vida a trav\u00e9s de la luz\",\"datePublished\":\"2014-01-21T22:06:34+00:00\",\"dateModified\":\"2026-03-29T01:19:55+00:00\",\"mainEntityOfPage\":{\"@id\":\"https:\\\/\\\/www.arquimaster.com.ar\\\/web\\\/el-puente-de-villa-maria-cobra-vida-a-traves-de-la-luz\\\/\"},\"wordCount\":576,\"publisher\":{\"@id\":\"https:\\\/\\\/www.arquimaster.com.ar\\\/web\\\/#organization\"},\"image\":{\"@id\":\"https:\\\/\\\/www.arquimaster.com.ar\\\/web\\\/el-puente-de-villa-maria-cobra-vida-a-traves-de-la-luz\\\/#primaryimage\"},\"thumbnailUrl\":\"https:\\\/\\\/www.arquimaster.com.ar\\\/web\\\/wp-content\\\/uploads\\\/2014\\\/01\\\/villa_maria_philips_slide.jpg\",\"keywords\":[\"C\u00f3rdoba\",\"dise\u00f1o de iluminacion\",\"dise\u00f1o lum\u00ednico\",\"eficiencia energ\u00e9tica\",\"GreenwayLED\",\"iluminacion\",\"LED\",\"LEDGINE\",\"Philips\",\"puente colgante\",\"sustentable\",\"Villa Mar\u00eda\"],\"articleSection\":[\"Dise\u00f1o\",\"Dise\u00f1o de iluminacion\"],\"inLanguage\":\"es\"},{\"@type\":\"WebPage\",\"@id\":\"https:\\\/\\\/www.arquimaster.com.ar\\\/web\\\/el-puente-de-villa-maria-cobra-vida-a-traves-de-la-luz\\\/\",\"url\":\"https:\\\/\\\/www.arquimaster.com.ar\\\/web\\\/el-puente-de-villa-maria-cobra-vida-a-traves-de-la-luz\\\/\",\"name\":\"El puente de Villa Mar\u00eda cobra vida a trav\u00e9s de la luz - Arquimaster\",\"isPartOf\":{\"@id\":\"https:\\\/\\\/www.arquimaster.com.ar\\\/web\\\/#website\"},\"primaryImageOfPage\":{\"@id\":\"https:\\\/\\\/www.arquimaster.com.ar\\\/web\\\/el-puente-de-villa-maria-cobra-vida-a-traves-de-la-luz\\\/#primaryimage\"},\"image\":{\"@id\":\"https:\\\/\\\/www.arquimaster.com.ar\\\/web\\\/el-puente-de-villa-maria-cobra-vida-a-traves-de-la-luz\\\/#primaryimage\"},\"thumbnailUrl\":\"https:\\\/\\\/www.arquimaster.com.ar\\\/web\\\/wp-content\\\/uploads\\\/2014\\\/01\\\/villa_maria_philips_slide.jpg\",\"datePublished\":\"2014-01-21T22:06:34+00:00\",\"dateModified\":\"2026-03-29T01:19:55+00:00\",\"breadcrumb\":{\"@id\":\"https:\\\/\\\/www.arquimaster.com.ar\\\/web\\\/el-puente-de-villa-maria-cobra-vida-a-traves-de-la-luz\\\/#breadcrumb\"},\"inLanguage\":\"es\",\"potentialAction\":[{\"@type\":\"ReadAction\",\"target\":[\"https:\\\/\\\/www.arquimaster.com.ar\\\/web\\\/el-puente-de-villa-maria-cobra-vida-a-traves-de-la-luz\\\/\"]}]},{\"@type\":\"ImageObject\",\"inLanguage\":\"es\",\"@id\":\"https:\\\/\\\/www.arquimaster.com.ar\\\/web\\\/el-puente-de-villa-maria-cobra-vida-a-traves-de-la-luz\\\/#primaryimage\",\"url\":\"https:\\\/\\\/www.arquimaster.com.ar\\\/web\\\/wp-content\\\/uploads\\\/2014\\\/01\\\/villa_maria_philips_slide.jpg\",\"contentUrl\":\"https:\\\/\\\/www.arquimaster.com.ar\\\/web\\\/wp-content\\\/uploads\\\/2014\\\/01\\\/villa_maria_philips_slide.jpg\",\"width\":642,\"height\":336},{\"@type\":\"BreadcrumbList\",\"@id\":\"https:\\\/\\\/www.arquimaster.com.ar\\\/web\\\/el-puente-de-villa-maria-cobra-vida-a-traves-de-la-luz\\\/#breadcrumb\",\"itemListElement\":[{\"@type\":\"ListItem\",\"position\":1,\"name\":\"Portada\",\"item\":\"https:\\\/\\\/www.arquimaster.com.ar\\\/web\\\/\"},{\"@type\":\"ListItem\",\"position\":2,\"name\":\"El puente de Villa Mar\u00eda cobra vida a trav\u00e9s de la luz\"}]},{\"@type\":\"WebSite\",\"@id\":\"https:\\\/\\\/www.arquimaster.com.ar\\\/web\\\/#website\",\"url\":\"https:\\\/\\\/www.arquimaster.com.ar\\\/web\\\/\",\"name\":\"Arquimaster\",\"description\":\"Web de arquitectura, dise\u00f1o y construccion\",\"publisher\":{\"@id\":\"https:\\\/\\\/www.arquimaster.com.ar\\\/web\\\/#organization\"},\"potentialAction\":[{\"@type\":\"SearchAction\",\"target\":{\"@type\":\"EntryPoint\",\"urlTemplate\":\"https:\\\/\\\/www.arquimaster.com.ar\\\/web\\\/?s={search_term_string}\"},\"query-input\":{\"@type\":\"PropertyValueSpecification\",\"valueRequired\":true,\"valueName\":\"search_term_string\"}}],\"inLanguage\":\"es\"},{\"@type\":\"Organization\",\"@id\":\"https:\\\/\\\/www.arquimaster.com.ar\\\/web\\\/#organization\",\"name\":\"Arquimaster\",\"url\":\"https:\\\/\\\/www.arquimaster.com.ar\\\/web\\\/\",\"logo\":{\"@type\":\"ImageObject\",\"inLanguage\":\"es\",\"@id\":\"https:\\\/\\\/www.arquimaster.com.ar\\\/web\\\/#\\\/schema\\\/logo\\\/image\\\/\",\"url\":\"https:\\\/\\\/www.arquimaster.com.ar\\\/web\\\/wp-content\\\/uploads\\\/2022\\\/06\\\/arquimaster.png\",\"contentUrl\":\"https:\\\/\\\/www.arquimaster.com.ar\\\/web\\\/wp-content\\\/uploads\\\/2022\\\/06\\\/arquimaster.png\",\"width\":594,\"height\":78,\"caption\":\"Arquimaster\"},\"image\":{\"@id\":\"https:\\\/\\\/www.arquimaster.com.ar\\\/web\\\/#\\\/schema\\\/logo\\\/image\\\/\"},\"sameAs\":[\"http:\\\/\\\/www.facebook.com\\\/ARQUIMASTER.com.ar\",\"https:\\\/\\\/x.com\\\/arquimaster\",\"https:\\\/\\\/www.instagram.com\\\/arquimasterblog\\\/\",\"https:\\\/\\\/www.linkedin.com\\\/company\\\/arquimaster\",\"https:\\\/\\\/www.pinterest.com\\\/arquimaster\",\"https:\\\/\\\/t.me\\\/arquimaster\"]},{\"@type\":\"Person\",\"@id\":\"https:\\\/\\\/www.arquimaster.com.ar\\\/web\\\/#\\\/schema\\\/person\\\/359e9f7c00193fcde068e0dd2ceb0028\",\"name\":\"Arquimaster\"}]}<\/script>\n<!-- \/ Yoast SEO plugin. -->","yoast_head_json":{"title":"El puente de Villa Mar\u00eda cobra vida a trav\u00e9s de la luz - Arquimaster","robots":{"index":"index","follow":"follow","max-snippet":"max-snippet:-1","max-image-preview":"max-image-preview:large","max-video-preview":"max-video-preview:-1"},"canonical":"https:\/\/www.arquimaster.com.ar\/web\/el-puente-de-villa-maria-cobra-vida-a-traves-de-la-luz\/","og_locale":"es_ES","og_type":"article","og_title":"El puente de Villa Mar\u00eda cobra vida a trav\u00e9s de la luz - Arquimaster","og_description":"Philips utiliz\u00f3 tecnolog\u00eda LED en una obra segura, sustentable y visualmente impactante...","og_url":"https:\/\/www.arquimaster.com.ar\/web\/el-puente-de-villa-maria-cobra-vida-a-traves-de-la-luz\/","og_site_name":"Arquimaster","article_publisher":"http:\/\/www.facebook.com\/ARQUIMASTER.com.ar","article_published_time":"2014-01-21T22:06:34+00:00","article_modified_time":"2026-03-29T01:19:55+00:00","og_image":[{"width":642,"height":336,"url":"https:\/\/www.arquimaster.com.ar\/web\/wp-content\/uploads\/2014\/01\/villa_maria_philips_slide.jpg","type":"image\/jpeg"}],"author":"Arquimaster","twitter_card":"summary_large_image","twitter_creator":"@arquimaster","twitter_site":"@arquimaster","twitter_misc":{"Escrito por":"Arquimaster","Tiempo de lectura":"3 minutos"},"schema":{"@context":"https:\/\/schema.org","@graph":[{"@type":"Article","@id":"https:\/\/www.arquimaster.com.ar\/web\/el-puente-de-villa-maria-cobra-vida-a-traves-de-la-luz\/#article","isPartOf":{"@id":"https:\/\/www.arquimaster.com.ar\/web\/el-puente-de-villa-maria-cobra-vida-a-traves-de-la-luz\/"},"author":{"name":"Arquimaster","@id":"https:\/\/www.arquimaster.com.ar\/web\/#\/schema\/person\/359e9f7c00193fcde068e0dd2ceb0028"},"headline":"El puente de Villa Mar\u00eda cobra vida a trav\u00e9s de la luz","datePublished":"2014-01-21T22:06:34+00:00","dateModified":"2026-03-29T01:19:55+00:00","mainEntityOfPage":{"@id":"https:\/\/www.arquimaster.com.ar\/web\/el-puente-de-villa-maria-cobra-vida-a-traves-de-la-luz\/"},"wordCount":576,"publisher":{"@id":"https:\/\/www.arquimaster.com.ar\/web\/#organization"},"image":{"@id":"https:\/\/www.arquimaster.com.ar\/web\/el-puente-de-villa-maria-cobra-vida-a-traves-de-la-luz\/#primaryimage"},"thumbnailUrl":"https:\/\/www.arquimaster.com.ar\/web\/wp-content\/uploads\/2014\/01\/villa_maria_philips_slide.jpg","keywords":["C\u00f3rdoba","dise\u00f1o de iluminacion","dise\u00f1o lum\u00ednico","eficiencia energ\u00e9tica","GreenwayLED","iluminacion","LED","LEDGINE","Philips","puente colgante","sustentable","Villa Mar\u00eda"],"articleSection":["Dise\u00f1o","Dise\u00f1o de iluminacion"],"inLanguage":"es"},{"@type":"WebPage","@id":"https:\/\/www.arquimaster.com.ar\/web\/el-puente-de-villa-maria-cobra-vida-a-traves-de-la-luz\/","url":"https:\/\/www.arquimaster.com.ar\/web\/el-puente-de-villa-maria-cobra-vida-a-traves-de-la-luz\/","name":"El puente de Villa Mar\u00eda cobra vida a trav\u00e9s de la luz - Arquimaster","isPartOf":{"@id":"https:\/\/www.arquimaster.com.ar\/web\/#website"},"primaryImageOfPage":{"@id":"https:\/\/www.arquimaster.com.ar\/web\/el-puente-de-villa-maria-cobra-vida-a-traves-de-la-luz\/#primaryimage"},"image":{"@id":"https:\/\/www.arquimaster.com.ar\/web\/el-puente-de-villa-maria-cobra-vida-a-traves-de-la-luz\/#primaryimage"},"thumbnailUrl":"https:\/\/www.arquimaster.com.ar\/web\/wp-content\/uploads\/2014\/01\/villa_maria_philips_slide.jpg","datePublished":"2014-01-21T22:06:34+00:00","dateModified":"2026-03-29T01:19:55+00:00","breadcrumb":{"@id":"https:\/\/www.arquimaster.com.ar\/web\/el-puente-de-villa-maria-cobra-vida-a-traves-de-la-luz\/#breadcrumb"},"inLanguage":"es","potentialAction":[{"@type":"ReadAction","target":["https:\/\/www.arquimaster.com.ar\/web\/el-puente-de-villa-maria-cobra-vida-a-traves-de-la-luz\/"]}]},{"@type":"ImageObject","inLanguage":"es","@id":"https:\/\/www.arquimaster.com.ar\/web\/el-puente-de-villa-maria-cobra-vida-a-traves-de-la-luz\/#primaryimage","url":"https:\/\/www.arquimaster.com.ar\/web\/wp-content\/uploads\/2014\/01\/villa_maria_philips_slide.jpg","contentUrl":"https:\/\/www.arquimaster.com.ar\/web\/wp-content\/uploads\/2014\/01\/villa_maria_philips_slide.jpg","width":642,"height":336},{"@type":"BreadcrumbList","@id":"https:\/\/www.arquimaster.com.ar\/web\/el-puente-de-villa-maria-cobra-vida-a-traves-de-la-luz\/#breadcrumb","itemListElement":[{"@type":"ListItem","position":1,"name":"Portada","item":"https:\/\/www.arquimaster.com.ar\/web\/"},{"@type":"ListItem","position":2,"name":"El puente de Villa Mar\u00eda cobra vida a trav\u00e9s de la luz"}]},{"@type":"WebSite","@id":"https:\/\/www.arquimaster.com.ar\/web\/#website","url":"https:\/\/www.arquimaster.com.ar\/web\/","name":"Arquimaster","description":"Web de arquitectura, dise\u00f1o y construccion","publisher":{"@id":"https:\/\/www.arquimaster.com.ar\/web\/#organization"},"potentialAction":[{"@type":"SearchAction","target":{"@type":"EntryPoint","urlTemplate":"https:\/\/www.arquimaster.com.ar\/web\/?s={search_term_string}"},"query-input":{"@type":"PropertyValueSpecification","valueRequired":true,"valueName":"search_term_string"}}],"inLanguage":"es"},{"@type":"Organization","@id":"https:\/\/www.arquimaster.com.ar\/web\/#organization","name":"Arquimaster","url":"https:\/\/www.arquimaster.com.ar\/web\/","logo":{"@type":"ImageObject","inLanguage":"es","@id":"https:\/\/www.arquimaster.com.ar\/web\/#\/schema\/logo\/image\/","url":"https:\/\/www.arquimaster.com.ar\/web\/wp-content\/uploads\/2022\/06\/arquimaster.png","contentUrl":"https:\/\/www.arquimaster.com.ar\/web\/wp-content\/uploads\/2022\/06\/arquimaster.png","width":594,"height":78,"caption":"Arquimaster"},"image":{"@id":"https:\/\/www.arquimaster.com.ar\/web\/#\/schema\/logo\/image\/"},"sameAs":["http:\/\/www.facebook.com\/ARQUIMASTER.com.ar","https:\/\/x.com\/arquimaster","https:\/\/www.instagram.com\/arquimasterblog\/","https:\/\/www.linkedin.com\/company\/arquimaster","https:\/\/www.pinterest.com\/arquimaster","https:\/\/t.me\/arquimaster"]},{"@type":"Person","@id":"https:\/\/www.arquimaster.com.ar\/web\/#\/schema\/person\/359e9f7c00193fcde068e0dd2ceb0028","name":"Arquimaster"}]}},"uagb_featured_image_src":{"full":["https:\/\/www.arquimaster.com.ar\/web\/wp-content\/uploads\/2014\/01\/villa_maria_philips_slide.jpg",642,336,false],"thumbnail":["https:\/\/www.arquimaster.com.ar\/web\/wp-content\/uploads\/2014\/01\/villa_maria_philips_slide-150x150.jpg",150,150,true],"medium":["https:\/\/www.arquimaster.com.ar\/web\/wp-content\/uploads\/2014\/01\/villa_maria_philips_slide-300x157.jpg",300,157,true],"medium_large":["https:\/\/www.arquimaster.com.ar\/web\/wp-content\/uploads\/2014\/01\/villa_maria_philips_slide.jpg",642,336,false],"large":["https:\/\/www.arquimaster.com.ar\/web\/wp-content\/uploads\/2014\/01\/villa_maria_philips_slide.jpg",642,336,false],"1536x1536":["https:\/\/www.arquimaster.com.ar\/web\/wp-content\/uploads\/2014\/01\/villa_maria_philips_slide.jpg",642,336,false],"2048x2048":["https:\/\/www.arquimaster.com.ar\/web\/wp-content\/uploads\/2014\/01\/villa_maria_philips_slide.jpg",642,336,false]},"uagb_author_info":{"display_name":"Arquimaster","author_link":"https:\/\/www.arquimaster.com.ar\/web\/author\/arquimaster\/"},"uagb_comment_info":0,"uagb_excerpt":"Philips utiliz\u00f3 tecnolog\u00eda LED en una obra segura, sustentable y visualmente impactante...","_links":{"self":[{"href":"https:\/\/www.arquimaster.com.ar\/web\/wp-json\/wp\/v2\/posts\/2246","targetHints":{"allow":["GET"]}}],"collection":[{"href":"https:\/\/www.arquimaster.com.ar\/web\/wp-json\/wp\/v2\/posts"}],"about":[{"href":"https:\/\/www.arquimaster.com.ar\/web\/wp-json\/wp\/v2\/types\/post"}],"author":[{"embeddable":true,"href":"https:\/\/www.arquimaster.com.ar\/web\/wp-json\/wp\/v2\/users\/1"}],"replies":[{"embeddable":true,"href":"https:\/\/www.arquimaster.com.ar\/web\/wp-json\/wp\/v2\/comments?post=2246"}],"version-history":[{"count":1,"href":"https:\/\/www.arquimaster.com.ar\/web\/wp-json\/wp\/v2\/posts\/2246\/revisions"}],"predecessor-version":[{"id":88092,"href":"https:\/\/www.arquimaster.com.ar\/web\/wp-json\/wp\/v2\/posts\/2246\/revisions\/88092"}],"wp:featuredmedia":[{"embeddable":true,"href":"https:\/\/www.arquimaster.com.ar\/web\/wp-json\/wp\/v2\/media\/2247"}],"wp:attachment":[{"href":"https:\/\/www.arquimaster.com.ar\/web\/wp-json\/wp\/v2\/media?parent=2246"}],"wp:term":[{"taxonomy":"category","embeddable":true,"href":"https:\/\/www.arquimaster.com.ar\/web\/wp-json\/wp\/v2\/categories?post=2246"},{"taxonomy":"post_tag","embeddable":true,"href":"https:\/\/www.arquimaster.com.ar\/web\/wp-json\/wp\/v2\/tags?post=2246"}],"curies":[{"name":"wp","href":"https:\/\/api.w.org\/{rel}","templated":true}]}}