{"id":2275,"date":"2014-01-22T18:42:43","date_gmt":"2014-01-22T18:42:43","guid":{"rendered":"http:\/\/www.arquimaster.com.ar\/web\/?p=2275"},"modified":"2014-01-22T18:42:43","modified_gmt":"2014-01-22T18:42:43","slug":"departamento-vidalta-kababie-arquitectos","status":"publish","type":"post","link":"https:\/\/www.arquimaster.com.ar\/web\/departamento-vidalta-kababie-arquitectos\/","title":{"rendered":"Departamento Vidalta \/ Kababie Arquitectos"},"content":{"rendered":"<div style=\"margin-top: 0px; margin-bottom: 0px;\" class=\"sharethis-inline-share-buttons\" ><\/div><div class=\"b812932af2e751442846f039925109de\" data-index=\"1\" style=\"float: none; margin:25px 0 25px 0; text-align:center;\">\n<script async src=\"https:\/\/pagead2.googlesyndication.com\/pagead\/js\/adsbygoogle.js\"><\/script>\r\n<!-- Arquimaster (superior) -->\r\n<ins class=\"adsbygoogle\"\r\n     style=\"display:block\"\r\n     data-ad-client=\"ca-pub-6351072698456832\"\r\n     data-ad-slot=\"6455489680\"\r\n     data-ad-format=\"auto\"\r\n     data-full-width-responsive=\"true\"><\/ins>\r\n<script>\r\n     (adsbygoogle = window.adsbygoogle || []).push({});\r\n<\/script>\n<\/div>\n<p><strong>Departamento Vidalta<\/strong> (Ciudad de M\u00e9xico, M\u00e9xico) por <strong>Kababie Arquitectos<\/strong>. Para el dise\u00f1o interior de este departamento se busc\u00f3 generar una atm\u00f3sfera completa que describiera perfectamente el estilo de vida de la familia que lo habita.<\/p>\n<div id='gallery-1' class='gallery galleryid-2275 gallery-columns-3 gallery-size-thumbnail'><figure class='gallery-item'>\n\t\t\t<div class='gallery-icon landscape'>\n\t\t\t\t<a href='https:\/\/www.arquimaster.com.ar\/web\/wp-content\/uploads\/2014\/01\/vidalta7.jpg' title=\"Departamento Vidalta \/ Kababie Arquitectos\" data-rl_title=\"Departamento Vidalta \/ Kababie Arquitectos\" class=\"rl-gallery-link\" data-rl_caption=\"Departamento Vidalta \/ Kababie Arquitectos\" data-rel=\"lightbox-gallery-1\"><img loading=\"lazy\" decoding=\"async\" width=\"150\" height=\"150\" src=\"https:\/\/www.arquimaster.com.ar\/web\/wp-content\/uploads\/2014\/01\/vidalta7-150x150.jpg\" class=\"attachment-thumbnail size-thumbnail\" alt=\"\" aria-describedby=\"gallery-1-2283\" srcset=\"https:\/\/www.arquimaster.com.ar\/web\/wp-content\/uploads\/2014\/01\/vidalta7-150x150.jpg 150w, https:\/\/www.arquimaster.com.ar\/web\/wp-content\/uploads\/2014\/01\/vidalta7-50x50.jpg 50w, https:\/\/www.arquimaster.com.ar\/web\/wp-content\/uploads\/2014\/01\/vidalta7-125x125.jpg 125w\" sizes=\"auto, (max-width: 150px) 100vw, 150px\" \/><\/a>\n\t\t\t<\/div>\n\t\t\t\t<figcaption class='wp-caption-text gallery-caption' id='gallery-1-2283'>\n\t\t\t\tDepartamento Vidalta \/ Kababie Arquitectos\n\t\t\t\t<\/figcaption><\/figure><figure class='gallery-item'>\n\t\t\t<div class='gallery-icon landscape'>\n\t\t\t\t<a href='https:\/\/www.arquimaster.com.ar\/web\/wp-content\/uploads\/2014\/01\/vidalta8.jpg' title=\"Departamento Vidalta \/ Kababie Arquitectos\" data-rl_title=\"Departamento Vidalta \/ Kababie Arquitectos\" class=\"rl-gallery-link\" data-rl_caption=\"Departamento Vidalta \/ Kababie Arquitectos\" data-rel=\"lightbox-gallery-1\"><img loading=\"lazy\" decoding=\"async\" width=\"150\" height=\"150\" src=\"https:\/\/www.arquimaster.com.ar\/web\/wp-content\/uploads\/2014\/01\/vidalta8-150x150.jpg\" class=\"attachment-thumbnail size-thumbnail\" alt=\"\" aria-describedby=\"gallery-1-2284\" srcset=\"https:\/\/www.arquimaster.com.ar\/web\/wp-content\/uploads\/2014\/01\/vidalta8-150x150.jpg 150w, https:\/\/www.arquimaster.com.ar\/web\/wp-content\/uploads\/2014\/01\/vidalta8-50x50.jpg 50w, https:\/\/www.arquimaster.com.ar\/web\/wp-content\/uploads\/2014\/01\/vidalta8-125x125.jpg 125w\" sizes=\"auto, (max-width: 150px) 100vw, 150px\" \/><\/a>\n\t\t\t<\/div>\n\t\t\t\t<figcaption class='wp-caption-text gallery-caption' id='gallery-1-2284'>\n\t\t\t\tDepartamento Vidalta \/ Kababie Arquitectos\n\t\t\t\t<\/figcaption><\/figure><figure class='gallery-item'>\n\t\t\t<div class='gallery-icon landscape'>\n\t\t\t\t<a href='https:\/\/www.arquimaster.com.ar\/web\/wp-content\/uploads\/2014\/01\/vidalta6.jpg' title=\"Departamento Vidalta \/ Kababie Arquitectos\" data-rl_title=\"Departamento Vidalta \/ Kababie Arquitectos\" class=\"rl-gallery-link\" data-rl_caption=\"Departamento Vidalta \/ Kababie Arquitectos\" data-rel=\"lightbox-gallery-1\"><img loading=\"lazy\" decoding=\"async\" width=\"150\" height=\"150\" src=\"https:\/\/www.arquimaster.com.ar\/web\/wp-content\/uploads\/2014\/01\/vidalta6-150x150.jpg\" class=\"attachment-thumbnail size-thumbnail\" alt=\"\" aria-describedby=\"gallery-1-2282\" srcset=\"https:\/\/www.arquimaster.com.ar\/web\/wp-content\/uploads\/2014\/01\/vidalta6-150x150.jpg 150w, https:\/\/www.arquimaster.com.ar\/web\/wp-content\/uploads\/2014\/01\/vidalta6-50x50.jpg 50w, https:\/\/www.arquimaster.com.ar\/web\/wp-content\/uploads\/2014\/01\/vidalta6-125x125.jpg 125w\" sizes=\"auto, (max-width: 150px) 100vw, 150px\" \/><\/a>\n\t\t\t<\/div>\n\t\t\t\t<figcaption class='wp-caption-text gallery-caption' id='gallery-1-2282'>\n\t\t\t\tDepartamento Vidalta \/ Kababie Arquitectos\n\t\t\t\t<\/figcaption><\/figure><figure class='gallery-item'>\n\t\t\t<div class='gallery-icon landscape'>\n\t\t\t\t<a href='https:\/\/www.arquimaster.com.ar\/web\/wp-content\/uploads\/2014\/01\/vidalta3.jpg' title=\"Departamento Vidalta \/ Kababie Arquitectos\" data-rl_title=\"Departamento Vidalta \/ Kababie Arquitectos\" class=\"rl-gallery-link\" data-rl_caption=\"Departamento Vidalta \/ Kababie Arquitectos\" data-rel=\"lightbox-gallery-1\"><img loading=\"lazy\" decoding=\"async\" width=\"150\" height=\"150\" src=\"https:\/\/www.arquimaster.com.ar\/web\/wp-content\/uploads\/2014\/01\/vidalta3-150x150.jpg\" class=\"attachment-thumbnail size-thumbnail\" alt=\"\" aria-describedby=\"gallery-1-2279\" srcset=\"https:\/\/www.arquimaster.com.ar\/web\/wp-content\/uploads\/2014\/01\/vidalta3-150x150.jpg 150w, https:\/\/www.arquimaster.com.ar\/web\/wp-content\/uploads\/2014\/01\/vidalta3-50x50.jpg 50w, https:\/\/www.arquimaster.com.ar\/web\/wp-content\/uploads\/2014\/01\/vidalta3-125x125.jpg 125w\" sizes=\"auto, (max-width: 150px) 100vw, 150px\" \/><\/a>\n\t\t\t<\/div>\n\t\t\t\t<figcaption class='wp-caption-text gallery-caption' id='gallery-1-2279'>\n\t\t\t\tDepartamento Vidalta \/ Kababie Arquitectos\n\t\t\t\t<\/figcaption><\/figure><figure class='gallery-item'>\n\t\t\t<div class='gallery-icon landscape'>\n\t\t\t\t<a href='https:\/\/www.arquimaster.com.ar\/web\/wp-content\/uploads\/2014\/01\/vidalta4.jpg' title=\"Departamento Vidalta \/ Kababie Arquitectos\" data-rl_title=\"Departamento Vidalta \/ Kababie Arquitectos\" class=\"rl-gallery-link\" data-rl_caption=\"Departamento Vidalta \/ Kababie Arquitectos\" data-rel=\"lightbox-gallery-1\"><img loading=\"lazy\" decoding=\"async\" width=\"150\" height=\"150\" src=\"https:\/\/www.arquimaster.com.ar\/web\/wp-content\/uploads\/2014\/01\/vidalta4-150x150.jpg\" class=\"attachment-thumbnail size-thumbnail\" alt=\"\" aria-describedby=\"gallery-1-2280\" srcset=\"https:\/\/www.arquimaster.com.ar\/web\/wp-content\/uploads\/2014\/01\/vidalta4-150x150.jpg 150w, https:\/\/www.arquimaster.com.ar\/web\/wp-content\/uploads\/2014\/01\/vidalta4-50x50.jpg 50w, https:\/\/www.arquimaster.com.ar\/web\/wp-content\/uploads\/2014\/01\/vidalta4-125x125.jpg 125w\" sizes=\"auto, (max-width: 150px) 100vw, 150px\" \/><\/a>\n\t\t\t<\/div>\n\t\t\t\t<figcaption class='wp-caption-text gallery-caption' id='gallery-1-2280'>\n\t\t\t\tDepartamento Vidalta \/ Kababie Arquitectos\n\t\t\t\t<\/figcaption><\/figure><figure class='gallery-item'>\n\t\t\t<div class='gallery-icon landscape'>\n\t\t\t\t<a href='https:\/\/www.arquimaster.com.ar\/web\/wp-content\/uploads\/2014\/01\/vidalta9.jpg' title=\"Departamento Vidalta \/ Kababie Arquitectos\" data-rl_title=\"Departamento Vidalta \/ Kababie Arquitectos\" class=\"rl-gallery-link\" data-rl_caption=\"Departamento Vidalta \/ Kababie Arquitectos\" data-rel=\"lightbox-gallery-1\"><img loading=\"lazy\" decoding=\"async\" width=\"150\" height=\"150\" src=\"https:\/\/www.arquimaster.com.ar\/web\/wp-content\/uploads\/2014\/01\/vidalta9-150x150.jpg\" class=\"attachment-thumbnail size-thumbnail\" alt=\"\" aria-describedby=\"gallery-1-2285\" srcset=\"https:\/\/www.arquimaster.com.ar\/web\/wp-content\/uploads\/2014\/01\/vidalta9-150x150.jpg 150w, https:\/\/www.arquimaster.com.ar\/web\/wp-content\/uploads\/2014\/01\/vidalta9-50x50.jpg 50w, https:\/\/www.arquimaster.com.ar\/web\/wp-content\/uploads\/2014\/01\/vidalta9-125x125.jpg 125w\" sizes=\"auto, (max-width: 150px) 100vw, 150px\" \/><\/a>\n\t\t\t<\/div>\n\t\t\t\t<figcaption class='wp-caption-text gallery-caption' id='gallery-1-2285'>\n\t\t\t\tDepartamento Vidalta \/ Kababie Arquitectos\n\t\t\t\t<\/figcaption><\/figure><figure class='gallery-item'>\n\t\t\t<div class='gallery-icon portrait'>\n\t\t\t\t<a href='https:\/\/www.arquimaster.com.ar\/web\/wp-content\/uploads\/2014\/01\/vidalta11.jpg' title=\"Departamento Vidalta \/ Kababie Arquitectos\" data-rl_title=\"Departamento Vidalta \/ Kababie Arquitectos\" class=\"rl-gallery-link\" data-rl_caption=\"Departamento Vidalta \/ Kababie Arquitectos\" data-rel=\"lightbox-gallery-1\"><img loading=\"lazy\" decoding=\"async\" width=\"150\" height=\"150\" src=\"https:\/\/www.arquimaster.com.ar\/web\/wp-content\/uploads\/2014\/01\/vidalta11-150x150.jpg\" class=\"attachment-thumbnail size-thumbnail\" alt=\"\" aria-describedby=\"gallery-1-2287\" srcset=\"https:\/\/www.arquimaster.com.ar\/web\/wp-content\/uploads\/2014\/01\/vidalta11-150x150.jpg 150w, https:\/\/www.arquimaster.com.ar\/web\/wp-content\/uploads\/2014\/01\/vidalta11-50x50.jpg 50w, https:\/\/www.arquimaster.com.ar\/web\/wp-content\/uploads\/2014\/01\/vidalta11-125x125.jpg 125w\" sizes=\"auto, (max-width: 150px) 100vw, 150px\" \/><\/a>\n\t\t\t<\/div>\n\t\t\t\t<figcaption class='wp-caption-text gallery-caption' id='gallery-1-2287'>\n\t\t\t\tDepartamento Vidalta \/ Kababie Arquitectos\n\t\t\t\t<\/figcaption><\/figure><figure class='gallery-item'>\n\t\t\t<div class='gallery-icon landscape'>\n\t\t\t\t<a href='https:\/\/www.arquimaster.com.ar\/web\/wp-content\/uploads\/2014\/01\/vidalta5.jpg' title=\"Departamento Vidalta \/ Kababie Arquitectos\" data-rl_title=\"Departamento Vidalta \/ Kababie Arquitectos\" class=\"rl-gallery-link\" data-rl_caption=\"Departamento Vidalta \/ Kababie Arquitectos\" data-rel=\"lightbox-gallery-1\"><img loading=\"lazy\" decoding=\"async\" width=\"150\" height=\"150\" src=\"https:\/\/www.arquimaster.com.ar\/web\/wp-content\/uploads\/2014\/01\/vidalta5-150x150.jpg\" class=\"attachment-thumbnail size-thumbnail\" alt=\"\" aria-describedby=\"gallery-1-2281\" srcset=\"https:\/\/www.arquimaster.com.ar\/web\/wp-content\/uploads\/2014\/01\/vidalta5-150x150.jpg 150w, https:\/\/www.arquimaster.com.ar\/web\/wp-content\/uploads\/2014\/01\/vidalta5-50x50.jpg 50w, https:\/\/www.arquimaster.com.ar\/web\/wp-content\/uploads\/2014\/01\/vidalta5-125x125.jpg 125w\" sizes=\"auto, (max-width: 150px) 100vw, 150px\" \/><\/a>\n\t\t\t<\/div>\n\t\t\t\t<figcaption class='wp-caption-text gallery-caption' id='gallery-1-2281'>\n\t\t\t\tDepartamento Vidalta \/ Kababie Arquitectos\n\t\t\t\t<\/figcaption><\/figure><figure class='gallery-item'>\n\t\t\t<div class='gallery-icon landscape'>\n\t\t\t\t<a href='https:\/\/www.arquimaster.com.ar\/web\/wp-content\/uploads\/2014\/01\/vidalta2.jpg' title=\"Departamento Vidalta \/ Kababie Arquitectos\" data-rl_title=\"Departamento Vidalta \/ Kababie Arquitectos\" class=\"rl-gallery-link\" data-rl_caption=\"Departamento Vidalta \/ Kababie Arquitectos\" data-rel=\"lightbox-gallery-1\"><img loading=\"lazy\" decoding=\"async\" width=\"150\" height=\"150\" src=\"https:\/\/www.arquimaster.com.ar\/web\/wp-content\/uploads\/2014\/01\/vidalta2-150x150.jpg\" class=\"attachment-thumbnail size-thumbnail\" alt=\"\" aria-describedby=\"gallery-1-2278\" srcset=\"https:\/\/www.arquimaster.com.ar\/web\/wp-content\/uploads\/2014\/01\/vidalta2-150x150.jpg 150w, https:\/\/www.arquimaster.com.ar\/web\/wp-content\/uploads\/2014\/01\/vidalta2-50x50.jpg 50w, https:\/\/www.arquimaster.com.ar\/web\/wp-content\/uploads\/2014\/01\/vidalta2-125x125.jpg 125w\" sizes=\"auto, (max-width: 150px) 100vw, 150px\" \/><\/a>\n\t\t\t<\/div>\n\t\t\t\t<figcaption class='wp-caption-text gallery-caption' id='gallery-1-2278'>\n\t\t\t\tDepartamento Vidalta \/ Kababie Arquitectos\n\t\t\t\t<\/figcaption><\/figure><figure class='gallery-item'>\n\t\t\t<div class='gallery-icon portrait'>\n\t\t\t\t<a href='https:\/\/www.arquimaster.com.ar\/web\/wp-content\/uploads\/2014\/01\/vidalta10.jpg' title=\"Departamento Vidalta \/ Kababie Arquitectos\" data-rl_title=\"Departamento Vidalta \/ Kababie Arquitectos\" class=\"rl-gallery-link\" data-rl_caption=\"Departamento Vidalta \/ Kababie Arquitectos\" data-rel=\"lightbox-gallery-1\"><img loading=\"lazy\" decoding=\"async\" width=\"150\" height=\"150\" src=\"https:\/\/www.arquimaster.com.ar\/web\/wp-content\/uploads\/2014\/01\/vidalta10-150x150.jpg\" class=\"attachment-thumbnail size-thumbnail\" alt=\"\" aria-describedby=\"gallery-1-2286\" srcset=\"https:\/\/www.arquimaster.com.ar\/web\/wp-content\/uploads\/2014\/01\/vidalta10-150x150.jpg 150w, https:\/\/www.arquimaster.com.ar\/web\/wp-content\/uploads\/2014\/01\/vidalta10-50x50.jpg 50w, https:\/\/www.arquimaster.com.ar\/web\/wp-content\/uploads\/2014\/01\/vidalta10-125x125.jpg 125w\" sizes=\"auto, (max-width: 150px) 100vw, 150px\" \/><\/a>\n\t\t\t<\/div>\n\t\t\t\t<figcaption class='wp-caption-text gallery-caption' id='gallery-1-2286'>\n\t\t\t\tDepartamento Vidalta \/ Kababie Arquitectos\n\t\t\t\t<\/figcaption><\/figure><figure class='gallery-item'>\n\t\t\t<div class='gallery-icon landscape'>\n\t\t\t\t<a href='https:\/\/www.arquimaster.com.ar\/web\/wp-content\/uploads\/2014\/01\/vidalta1.jpg' title=\"Departamento Vidalta \/ Kababie Arquitectos\" data-rl_title=\"Departamento Vidalta \/ Kababie Arquitectos\" class=\"rl-gallery-link\" data-rl_caption=\"Departamento Vidalta \/ Kababie Arquitectos\" data-rel=\"lightbox-gallery-1\"><img loading=\"lazy\" decoding=\"async\" width=\"150\" height=\"150\" src=\"https:\/\/www.arquimaster.com.ar\/web\/wp-content\/uploads\/2014\/01\/vidalta1-150x150.jpg\" class=\"attachment-thumbnail size-thumbnail\" alt=\"\" aria-describedby=\"gallery-1-2277\" srcset=\"https:\/\/www.arquimaster.com.ar\/web\/wp-content\/uploads\/2014\/01\/vidalta1-150x150.jpg 150w, https:\/\/www.arquimaster.com.ar\/web\/wp-content\/uploads\/2014\/01\/vidalta1-50x50.jpg 50w, https:\/\/www.arquimaster.com.ar\/web\/wp-content\/uploads\/2014\/01\/vidalta1-125x125.jpg 125w\" sizes=\"auto, (max-width: 150px) 100vw, 150px\" \/><\/a>\n\t\t\t<\/div>\n\t\t\t\t<figcaption class='wp-caption-text gallery-caption' id='gallery-1-2277'>\n\t\t\t\tDepartamento Vidalta \/ Kababie Arquitectos\n\t\t\t\t<\/figcaption><\/figure>\n\t\t<\/div>\n\n<p>Uno de los principales retos fue la selecci\u00f3n de mobiliario y accesorios, que en combinaci\u00f3n con los acabados y la paleta de color dieron forma a cada uno de los ambientes. Al ingresar al vest\u00edbulo lo primero que se ve es un muro recubierto por hoja de cobre que lleva la mirada hacia el interior del departamento.<\/p>\n<p>El espacio de la sala y comedor est\u00e1 flanqueado por amplios ventanales en un lado y el pasillo que lleva a todas las \u00e1reas del departamento. Para incrementar la luz y la altura se puso un plaf\u00f3n de espejo en todo el techo que da como resultado un efecto espectacular, que adem\u00e1s se intensifica con los brillos generados por los pisos de m\u00e1rmol claro.<\/p>\n<p>El \u00e1rea del comedor est\u00e1 acentuada con una larga hilera de l\u00e1mparas suspendidas con una ligera variaci\u00f3n en la altura para dar un sutil movimiento sobre las dos mesas, una rectangular y otra cuadrada que forman el comedor.<\/p>\n<p>Destaca tambi\u00e9n en este espacio la combinaci\u00f3n de la piel, madera y vidrio de los diferentes muebles que componen los ambientes, generando una atm\u00f3sfera llena de texturas en colores obscuros y ambarinos que se rompe con el c\u00e1lido contraste del tapete morado de la sala.<\/p>\n<p>El grueso muro que divide la sala-comedor del family room est\u00e1 recubierto de lajas de piedra negra cuyo movimiento da una agradable textura que aprovecha la luz de los ventanales y el plaf\u00f3n.<\/p>\n<p>Uno de los conceptos m\u00e1s importantes para el dise\u00f1o de la cocina de este departamento fue la incorporaci\u00f3n de detalles que remiten a la tradici\u00f3n de la familia, pero que se salen de los par\u00e1metros establecidos.<\/p>\n<p>En el plaf\u00f3n se coloc\u00f3 un cl\u00e1sico tapete Persa encapsulado, dando al ambiente la calidez del tejido y las texturas, adem\u00e1s de un atrevido toque de color.<\/p>\n<p>Otro importante tema fue la distribuci\u00f3n de las \u00e1reas para cocinar de acuerdo con los c\u00e1nones de la religi\u00f3n, para lo que se instalaron dos islas separadas, una para la preparaci\u00f3n de alimentos que incluyen carne y otra para preparaci\u00f3n de alimentos que incluyen productos l\u00e1cteos.<\/p>\n<p>En la zona privada se localizan las tres rec\u00e1maras. La rec\u00e1mara de visitas tiene un estilo muy sencillo generado con un selecto grupo de elementos muy bien seleccionados.<\/p>\n<p>La rec\u00e1mara secundaria se desarroll\u00f3 de acuerdo con la personalidad del usuario y sus necesidades.<\/p>\n<p>La rec\u00e1mara principal tambi\u00e9n es sencilla, pero con elementos seleccionados para disfrutar la estancia en el espacio. La rec\u00e1mara principal tiene un generoso ba\u00f1o con vestidor con una agradable combinaci\u00f3n de luz natural y artificial.<\/p>\n<p><strong>Ficha tecnica<\/strong><br \/>\nNombre del proyecto: Departamento Vidalta<br \/>\nUbicaci\u00f3n: Ciudad de M\u00e9xico, M\u00e9xico<br \/>\nDise\u00f1o arquitect\u00f3nico: Arq. El\u00edas Kababie<br \/>\nA\u00f1o: 2012<br \/>\nFotograf\u00eda: Allen Vallejo<\/p>\n<p><strong>Contacto:<\/strong> <a title=\"Kababie Arquitectos\" href=\"http:\/\/www.kababiearquitectos.com\" target=\"_blank\">http:\/\/www.kababiearquitectos.com<\/a><\/p>\n\n<div style=\"font-size: 0px; height: 0px; line-height: 0px; margin: 0; padding: 0; clear: both;\"><\/div><div style=\"margin-top: 0px; margin-bottom: 0px;\" class=\"sharethis-inline-share-buttons\" ><\/div>","protected":false},"excerpt":{"rendered":"<p>Un muro recubierto por hoja de cobre lleva la mirada hacia el interior del departamento&#8230;<\/p>\n","protected":false},"author":1,"featured_media":2276,"comment_status":"closed","ping_status":"closed","sticky":false,"template":"","format":"standard","meta":{"_uag_custom_page_level_css":"","footnotes":""},"categories":[79,1],"tags":[250,249,700,24],"class_list":["post-2275","post","type-post","status-publish","format-standard","has-post-thumbnail","hentry","category-departamentos","category-proyecto","tag-ciudad-de-mexico","tag-departamento","tag-kababie-arquitectos","tag-mexico","generate-columns","tablet-grid-50","mobile-grid-100","grid-parent","grid-50"],"yoast_head":"<!-- This site is optimized with the Yoast SEO plugin v27.3 - https:\/\/yoast.com\/product\/yoast-seo-wordpress\/ -->\n<title>Departamento Vidalta \/ Kababie Arquitectos - Arquimaster<\/title>\n<meta name=\"robots\" content=\"index, follow, max-snippet:-1, max-image-preview:large, max-video-preview:-1\" \/>\n<link rel=\"canonical\" href=\"https:\/\/www.arquimaster.com.ar\/web\/departamento-vidalta-kababie-arquitectos\/\" \/>\n<meta property=\"og:locale\" content=\"es_ES\" \/>\n<meta property=\"og:type\" content=\"article\" \/>\n<meta property=\"og:title\" content=\"Departamento Vidalta \/ Kababie Arquitectos - Arquimaster\" \/>\n<meta property=\"og:description\" content=\"Un muro recubierto por hoja de cobre lleva la mirada hacia el interior del departamento...\" \/>\n<meta property=\"og:url\" content=\"https:\/\/www.arquimaster.com.ar\/web\/departamento-vidalta-kababie-arquitectos\/\" \/>\n<meta property=\"og:site_name\" content=\"Arquimaster\" \/>\n<meta property=\"article:publisher\" content=\"http:\/\/www.facebook.com\/ARQUIMASTER.com.ar\" \/>\n<meta property=\"article:published_time\" content=\"2014-01-22T18:42:43+00:00\" \/>\n<meta property=\"og:image\" content=\"https:\/\/www.arquimaster.com.ar\/web\/wp-content\/uploads\/2014\/01\/vidalta_slide.jpg\" \/>\n\t<meta property=\"og:image:width\" content=\"642\" \/>\n\t<meta property=\"og:image:height\" content=\"336\" \/>\n\t<meta property=\"og:image:type\" content=\"image\/jpeg\" \/>\n<meta name=\"author\" content=\"Arquimaster\" \/>\n<meta name=\"twitter:card\" content=\"summary_large_image\" \/>\n<meta name=\"twitter:creator\" content=\"@arquimaster\" \/>\n<meta name=\"twitter:site\" content=\"@arquimaster\" \/>\n<meta name=\"twitter:label1\" content=\"Escrito por\" \/>\n\t<meta name=\"twitter:data1\" content=\"Arquimaster\" \/>\n\t<meta name=\"twitter:label2\" content=\"Tiempo de lectura\" \/>\n\t<meta name=\"twitter:data2\" content=\"3 minutos\" \/>\n<script type=\"application\/ld+json\" class=\"yoast-schema-graph\">{\"@context\":\"https:\\\/\\\/schema.org\",\"@graph\":[{\"@type\":\"Article\",\"@id\":\"https:\\\/\\\/www.arquimaster.com.ar\\\/web\\\/departamento-vidalta-kababie-arquitectos\\\/#article\",\"isPartOf\":{\"@id\":\"https:\\\/\\\/www.arquimaster.com.ar\\\/web\\\/departamento-vidalta-kababie-arquitectos\\\/\"},\"author\":{\"name\":\"Arquimaster\",\"@id\":\"https:\\\/\\\/www.arquimaster.com.ar\\\/web\\\/#\\\/schema\\\/person\\\/359e9f7c00193fcde068e0dd2ceb0028\"},\"headline\":\"Departamento Vidalta \\\/ Kababie Arquitectos\",\"datePublished\":\"2014-01-22T18:42:43+00:00\",\"mainEntityOfPage\":{\"@id\":\"https:\\\/\\\/www.arquimaster.com.ar\\\/web\\\/departamento-vidalta-kababie-arquitectos\\\/\"},\"wordCount\":540,\"publisher\":{\"@id\":\"https:\\\/\\\/www.arquimaster.com.ar\\\/web\\\/#organization\"},\"image\":{\"@id\":\"https:\\\/\\\/www.arquimaster.com.ar\\\/web\\\/departamento-vidalta-kababie-arquitectos\\\/#primaryimage\"},\"thumbnailUrl\":\"https:\\\/\\\/www.arquimaster.com.ar\\\/web\\\/wp-content\\\/uploads\\\/2014\\\/01\\\/vidalta_slide.jpg\",\"keywords\":[\"Ciudad de Mexico\",\"departamento\",\"Kababie Arquitectos\",\"Mexico\"],\"articleSection\":[\"Departamentos y Lofts\",\"Proyecto\"],\"inLanguage\":\"es\"},{\"@type\":\"WebPage\",\"@id\":\"https:\\\/\\\/www.arquimaster.com.ar\\\/web\\\/departamento-vidalta-kababie-arquitectos\\\/\",\"url\":\"https:\\\/\\\/www.arquimaster.com.ar\\\/web\\\/departamento-vidalta-kababie-arquitectos\\\/\",\"name\":\"Departamento Vidalta \\\/ Kababie Arquitectos - Arquimaster\",\"isPartOf\":{\"@id\":\"https:\\\/\\\/www.arquimaster.com.ar\\\/web\\\/#website\"},\"primaryImageOfPage\":{\"@id\":\"https:\\\/\\\/www.arquimaster.com.ar\\\/web\\\/departamento-vidalta-kababie-arquitectos\\\/#primaryimage\"},\"image\":{\"@id\":\"https:\\\/\\\/www.arquimaster.com.ar\\\/web\\\/departamento-vidalta-kababie-arquitectos\\\/#primaryimage\"},\"thumbnailUrl\":\"https:\\\/\\\/www.arquimaster.com.ar\\\/web\\\/wp-content\\\/uploads\\\/2014\\\/01\\\/vidalta_slide.jpg\",\"datePublished\":\"2014-01-22T18:42:43+00:00\",\"breadcrumb\":{\"@id\":\"https:\\\/\\\/www.arquimaster.com.ar\\\/web\\\/departamento-vidalta-kababie-arquitectos\\\/#breadcrumb\"},\"inLanguage\":\"es\",\"potentialAction\":[{\"@type\":\"ReadAction\",\"target\":[\"https:\\\/\\\/www.arquimaster.com.ar\\\/web\\\/departamento-vidalta-kababie-arquitectos\\\/\"]}]},{\"@type\":\"ImageObject\",\"inLanguage\":\"es\",\"@id\":\"https:\\\/\\\/www.arquimaster.com.ar\\\/web\\\/departamento-vidalta-kababie-arquitectos\\\/#primaryimage\",\"url\":\"https:\\\/\\\/www.arquimaster.com.ar\\\/web\\\/wp-content\\\/uploads\\\/2014\\\/01\\\/vidalta_slide.jpg\",\"contentUrl\":\"https:\\\/\\\/www.arquimaster.com.ar\\\/web\\\/wp-content\\\/uploads\\\/2014\\\/01\\\/vidalta_slide.jpg\",\"width\":642,\"height\":336},{\"@type\":\"BreadcrumbList\",\"@id\":\"https:\\\/\\\/www.arquimaster.com.ar\\\/web\\\/departamento-vidalta-kababie-arquitectos\\\/#breadcrumb\",\"itemListElement\":[{\"@type\":\"ListItem\",\"position\":1,\"name\":\"Portada\",\"item\":\"https:\\\/\\\/www.arquimaster.com.ar\\\/web\\\/\"},{\"@type\":\"ListItem\",\"position\":2,\"name\":\"Departamento Vidalta \\\/ Kababie Arquitectos\"}]},{\"@type\":\"WebSite\",\"@id\":\"https:\\\/\\\/www.arquimaster.com.ar\\\/web\\\/#website\",\"url\":\"https:\\\/\\\/www.arquimaster.com.ar\\\/web\\\/\",\"name\":\"Arquimaster\",\"description\":\"Web de arquitectura, dise\u00f1o y construccion\",\"publisher\":{\"@id\":\"https:\\\/\\\/www.arquimaster.com.ar\\\/web\\\/#organization\"},\"potentialAction\":[{\"@type\":\"SearchAction\",\"target\":{\"@type\":\"EntryPoint\",\"urlTemplate\":\"https:\\\/\\\/www.arquimaster.com.ar\\\/web\\\/?s={search_term_string}\"},\"query-input\":{\"@type\":\"PropertyValueSpecification\",\"valueRequired\":true,\"valueName\":\"search_term_string\"}}],\"inLanguage\":\"es\"},{\"@type\":\"Organization\",\"@id\":\"https:\\\/\\\/www.arquimaster.com.ar\\\/web\\\/#organization\",\"name\":\"Arquimaster\",\"url\":\"https:\\\/\\\/www.arquimaster.com.ar\\\/web\\\/\",\"logo\":{\"@type\":\"ImageObject\",\"inLanguage\":\"es\",\"@id\":\"https:\\\/\\\/www.arquimaster.com.ar\\\/web\\\/#\\\/schema\\\/logo\\\/image\\\/\",\"url\":\"https:\\\/\\\/www.arquimaster.com.ar\\\/web\\\/wp-content\\\/uploads\\\/2022\\\/06\\\/arquimaster.png\",\"contentUrl\":\"https:\\\/\\\/www.arquimaster.com.ar\\\/web\\\/wp-content\\\/uploads\\\/2022\\\/06\\\/arquimaster.png\",\"width\":594,\"height\":78,\"caption\":\"Arquimaster\"},\"image\":{\"@id\":\"https:\\\/\\\/www.arquimaster.com.ar\\\/web\\\/#\\\/schema\\\/logo\\\/image\\\/\"},\"sameAs\":[\"http:\\\/\\\/www.facebook.com\\\/ARQUIMASTER.com.ar\",\"https:\\\/\\\/x.com\\\/arquimaster\",\"https:\\\/\\\/www.instagram.com\\\/arquimasterblog\\\/\",\"https:\\\/\\\/www.linkedin.com\\\/company\\\/arquimaster\",\"https:\\\/\\\/www.pinterest.com\\\/arquimaster\",\"https:\\\/\\\/t.me\\\/arquimaster\"]},{\"@type\":\"Person\",\"@id\":\"https:\\\/\\\/www.arquimaster.com.ar\\\/web\\\/#\\\/schema\\\/person\\\/359e9f7c00193fcde068e0dd2ceb0028\",\"name\":\"Arquimaster\"}]}<\/script>\n<!-- \/ Yoast SEO plugin. -->","yoast_head_json":{"title":"Departamento Vidalta \/ Kababie Arquitectos - Arquimaster","robots":{"index":"index","follow":"follow","max-snippet":"max-snippet:-1","max-image-preview":"max-image-preview:large","max-video-preview":"max-video-preview:-1"},"canonical":"https:\/\/www.arquimaster.com.ar\/web\/departamento-vidalta-kababie-arquitectos\/","og_locale":"es_ES","og_type":"article","og_title":"Departamento Vidalta \/ Kababie Arquitectos - Arquimaster","og_description":"Un muro recubierto por hoja de cobre lleva la mirada hacia el interior del departamento...","og_url":"https:\/\/www.arquimaster.com.ar\/web\/departamento-vidalta-kababie-arquitectos\/","og_site_name":"Arquimaster","article_publisher":"http:\/\/www.facebook.com\/ARQUIMASTER.com.ar","article_published_time":"2014-01-22T18:42:43+00:00","og_image":[{"width":642,"height":336,"url":"https:\/\/www.arquimaster.com.ar\/web\/wp-content\/uploads\/2014\/01\/vidalta_slide.jpg","type":"image\/jpeg"}],"author":"Arquimaster","twitter_card":"summary_large_image","twitter_creator":"@arquimaster","twitter_site":"@arquimaster","twitter_misc":{"Escrito por":"Arquimaster","Tiempo de lectura":"3 minutos"},"schema":{"@context":"https:\/\/schema.org","@graph":[{"@type":"Article","@id":"https:\/\/www.arquimaster.com.ar\/web\/departamento-vidalta-kababie-arquitectos\/#article","isPartOf":{"@id":"https:\/\/www.arquimaster.com.ar\/web\/departamento-vidalta-kababie-arquitectos\/"},"author":{"name":"Arquimaster","@id":"https:\/\/www.arquimaster.com.ar\/web\/#\/schema\/person\/359e9f7c00193fcde068e0dd2ceb0028"},"headline":"Departamento Vidalta \/ Kababie Arquitectos","datePublished":"2014-01-22T18:42:43+00:00","mainEntityOfPage":{"@id":"https:\/\/www.arquimaster.com.ar\/web\/departamento-vidalta-kababie-arquitectos\/"},"wordCount":540,"publisher":{"@id":"https:\/\/www.arquimaster.com.ar\/web\/#organization"},"image":{"@id":"https:\/\/www.arquimaster.com.ar\/web\/departamento-vidalta-kababie-arquitectos\/#primaryimage"},"thumbnailUrl":"https:\/\/www.arquimaster.com.ar\/web\/wp-content\/uploads\/2014\/01\/vidalta_slide.jpg","keywords":["Ciudad de Mexico","departamento","Kababie Arquitectos","Mexico"],"articleSection":["Departamentos y Lofts","Proyecto"],"inLanguage":"es"},{"@type":"WebPage","@id":"https:\/\/www.arquimaster.com.ar\/web\/departamento-vidalta-kababie-arquitectos\/","url":"https:\/\/www.arquimaster.com.ar\/web\/departamento-vidalta-kababie-arquitectos\/","name":"Departamento Vidalta \/ Kababie Arquitectos - Arquimaster","isPartOf":{"@id":"https:\/\/www.arquimaster.com.ar\/web\/#website"},"primaryImageOfPage":{"@id":"https:\/\/www.arquimaster.com.ar\/web\/departamento-vidalta-kababie-arquitectos\/#primaryimage"},"image":{"@id":"https:\/\/www.arquimaster.com.ar\/web\/departamento-vidalta-kababie-arquitectos\/#primaryimage"},"thumbnailUrl":"https:\/\/www.arquimaster.com.ar\/web\/wp-content\/uploads\/2014\/01\/vidalta_slide.jpg","datePublished":"2014-01-22T18:42:43+00:00","breadcrumb":{"@id":"https:\/\/www.arquimaster.com.ar\/web\/departamento-vidalta-kababie-arquitectos\/#breadcrumb"},"inLanguage":"es","potentialAction":[{"@type":"ReadAction","target":["https:\/\/www.arquimaster.com.ar\/web\/departamento-vidalta-kababie-arquitectos\/"]}]},{"@type":"ImageObject","inLanguage":"es","@id":"https:\/\/www.arquimaster.com.ar\/web\/departamento-vidalta-kababie-arquitectos\/#primaryimage","url":"https:\/\/www.arquimaster.com.ar\/web\/wp-content\/uploads\/2014\/01\/vidalta_slide.jpg","contentUrl":"https:\/\/www.arquimaster.com.ar\/web\/wp-content\/uploads\/2014\/01\/vidalta_slide.jpg","width":642,"height":336},{"@type":"BreadcrumbList","@id":"https:\/\/www.arquimaster.com.ar\/web\/departamento-vidalta-kababie-arquitectos\/#breadcrumb","itemListElement":[{"@type":"ListItem","position":1,"name":"Portada","item":"https:\/\/www.arquimaster.com.ar\/web\/"},{"@type":"ListItem","position":2,"name":"Departamento Vidalta \/ Kababie Arquitectos"}]},{"@type":"WebSite","@id":"https:\/\/www.arquimaster.com.ar\/web\/#website","url":"https:\/\/www.arquimaster.com.ar\/web\/","name":"Arquimaster","description":"Web de arquitectura, dise\u00f1o y construccion","publisher":{"@id":"https:\/\/www.arquimaster.com.ar\/web\/#organization"},"potentialAction":[{"@type":"SearchAction","target":{"@type":"EntryPoint","urlTemplate":"https:\/\/www.arquimaster.com.ar\/web\/?s={search_term_string}"},"query-input":{"@type":"PropertyValueSpecification","valueRequired":true,"valueName":"search_term_string"}}],"inLanguage":"es"},{"@type":"Organization","@id":"https:\/\/www.arquimaster.com.ar\/web\/#organization","name":"Arquimaster","url":"https:\/\/www.arquimaster.com.ar\/web\/","logo":{"@type":"ImageObject","inLanguage":"es","@id":"https:\/\/www.arquimaster.com.ar\/web\/#\/schema\/logo\/image\/","url":"https:\/\/www.arquimaster.com.ar\/web\/wp-content\/uploads\/2022\/06\/arquimaster.png","contentUrl":"https:\/\/www.arquimaster.com.ar\/web\/wp-content\/uploads\/2022\/06\/arquimaster.png","width":594,"height":78,"caption":"Arquimaster"},"image":{"@id":"https:\/\/www.arquimaster.com.ar\/web\/#\/schema\/logo\/image\/"},"sameAs":["http:\/\/www.facebook.com\/ARQUIMASTER.com.ar","https:\/\/x.com\/arquimaster","https:\/\/www.instagram.com\/arquimasterblog\/","https:\/\/www.linkedin.com\/company\/arquimaster","https:\/\/www.pinterest.com\/arquimaster","https:\/\/t.me\/arquimaster"]},{"@type":"Person","@id":"https:\/\/www.arquimaster.com.ar\/web\/#\/schema\/person\/359e9f7c00193fcde068e0dd2ceb0028","name":"Arquimaster"}]}},"uagb_featured_image_src":{"full":["https:\/\/www.arquimaster.com.ar\/web\/wp-content\/uploads\/2014\/01\/vidalta_slide.jpg",642,336,false],"thumbnail":["https:\/\/www.arquimaster.com.ar\/web\/wp-content\/uploads\/2014\/01\/vidalta_slide-150x150.jpg",150,150,true],"medium":["https:\/\/www.arquimaster.com.ar\/web\/wp-content\/uploads\/2014\/01\/vidalta_slide-300x157.jpg",300,157,true],"medium_large":["https:\/\/www.arquimaster.com.ar\/web\/wp-content\/uploads\/2014\/01\/vidalta_slide.jpg",642,336,false],"large":["https:\/\/www.arquimaster.com.ar\/web\/wp-content\/uploads\/2014\/01\/vidalta_slide.jpg",642,336,false],"1536x1536":["https:\/\/www.arquimaster.com.ar\/web\/wp-content\/uploads\/2014\/01\/vidalta_slide.jpg",642,336,false],"2048x2048":["https:\/\/www.arquimaster.com.ar\/web\/wp-content\/uploads\/2014\/01\/vidalta_slide.jpg",642,336,false]},"uagb_author_info":{"display_name":"Arquimaster","author_link":"https:\/\/www.arquimaster.com.ar\/web\/author\/arquimaster\/"},"uagb_comment_info":0,"uagb_excerpt":"Un muro recubierto por hoja de cobre lleva la mirada hacia el interior del departamento...","_links":{"self":[{"href":"https:\/\/www.arquimaster.com.ar\/web\/wp-json\/wp\/v2\/posts\/2275","targetHints":{"allow":["GET"]}}],"collection":[{"href":"https:\/\/www.arquimaster.com.ar\/web\/wp-json\/wp\/v2\/posts"}],"about":[{"href":"https:\/\/www.arquimaster.com.ar\/web\/wp-json\/wp\/v2\/types\/post"}],"author":[{"embeddable":true,"href":"https:\/\/www.arquimaster.com.ar\/web\/wp-json\/wp\/v2\/users\/1"}],"replies":[{"embeddable":true,"href":"https:\/\/www.arquimaster.com.ar\/web\/wp-json\/wp\/v2\/comments?post=2275"}],"version-history":[{"count":0,"href":"https:\/\/www.arquimaster.com.ar\/web\/wp-json\/wp\/v2\/posts\/2275\/revisions"}],"wp:featuredmedia":[{"embeddable":true,"href":"https:\/\/www.arquimaster.com.ar\/web\/wp-json\/wp\/v2\/media\/2276"}],"wp:attachment":[{"href":"https:\/\/www.arquimaster.com.ar\/web\/wp-json\/wp\/v2\/media?parent=2275"}],"wp:term":[{"taxonomy":"category","embeddable":true,"href":"https:\/\/www.arquimaster.com.ar\/web\/wp-json\/wp\/v2\/categories?post=2275"},{"taxonomy":"post_tag","embeddable":true,"href":"https:\/\/www.arquimaster.com.ar\/web\/wp-json\/wp\/v2\/tags?post=2275"}],"curies":[{"name":"wp","href":"https:\/\/api.w.org\/{rel}","templated":true}]}}