{"id":22926,"date":"2016-10-11T05:08:29","date_gmt":"2016-10-11T05:08:29","guid":{"rendered":"http:\/\/www.arquimaster.com.ar\/web\/?p=22926"},"modified":"2016-10-15T05:38:22","modified_gmt":"2016-10-15T05:38:22","slug":"casa-muda-iv-zapata-jauregui-arquitectos-asociados","status":"publish","type":"post","link":"https:\/\/www.arquimaster.com.ar\/web\/casa-muda-iv-zapata-jauregui-arquitectos-asociados\/","title":{"rendered":"Casa Muda IV \/ Zapata-J\u00e1uregui Arquitectos Asociados"},"content":{"rendered":"<div style=\"margin-top: 0px; margin-bottom: 0px;\" class=\"sharethis-inline-share-buttons\" ><\/div><div class=\"b812932af2e751442846f039925109de\" data-index=\"1\" style=\"float: none; margin:25px 0 25px 0; text-align:center;\">\n<script async src=\"https:\/\/pagead2.googlesyndication.com\/pagead\/js\/adsbygoogle.js\"><\/script>\r\n<!-- Arquimaster (superior) -->\r\n<ins class=\"adsbygoogle\"\r\n     style=\"display:block\"\r\n     data-ad-client=\"ca-pub-6351072698456832\"\r\n     data-ad-slot=\"6455489680\"\r\n     data-ad-format=\"auto\"\r\n     data-full-width-responsive=\"true\"><\/ins>\r\n<script>\r\n     (adsbygoogle = window.adsbygoogle || []).push({});\r\n<\/script>\n<\/div>\n<p><strong>Casa Muda IV<\/strong> (Barrio Constituci\u00f3n, Mar del Plata, Argentina) <strong>Zapata-J\u00e1uregui Arquitectos Asociados<\/strong> (Arquitecto Leonardo J\u00e1uregui y Arquitecto Leandro Zapata). A las Casas Mudas les queda mucho por decir. Son b\u00fasquedas de nuevas experiencias de habitar. Se a\u00edslan del mundo, porque lo sienten un tanto hostil. No les interesan el contexto, aunque cada tanto esp\u00edan un poquito. Tienen l\u00edmites duros y secos, pero interiores neutrales, apropiables e inestables. Son refugio para una vida ermita\u00f1a.<\/p>\n<div id='gallery-1' class='gallery galleryid-22926 gallery-columns-3 gallery-size-thumbnail'><figure class='gallery-item'>\n\t\t\t<div class='gallery-icon portrait'>\n\t\t\t\t<a href='https:\/\/www.arquimaster.com.ar\/web\/wp-content\/uploads\/2016\/10\/casa_muda_iv1.jpg' title=\"Casa Muda IV \/ Zapata-J\u00e1uregui Arquitectos Asociados (\u00a9 Federico Cairoli)\" data-rl_title=\"Casa Muda IV \/ Zapata-J\u00e1uregui Arquitectos Asociados (\u00a9 Federico Cairoli)\" class=\"rl-gallery-link\" data-rl_caption=\"Casa Muda IV \/ Zapata-J\u00e1uregui Arquitectos Asociados (\u00a9 Federico Cairoli)\" data-rel=\"lightbox-gallery-1\"><img loading=\"lazy\" decoding=\"async\" width=\"150\" height=\"150\" src=\"https:\/\/www.arquimaster.com.ar\/web\/wp-content\/uploads\/2016\/10\/casa_muda_iv1-150x150.jpg\" class=\"attachment-thumbnail size-thumbnail\" alt=\"\" aria-describedby=\"gallery-1-22928\" srcset=\"https:\/\/www.arquimaster.com.ar\/web\/wp-content\/uploads\/2016\/10\/casa_muda_iv1-150x150.jpg 150w, https:\/\/www.arquimaster.com.ar\/web\/wp-content\/uploads\/2016\/10\/casa_muda_iv1-50x50.jpg 50w, https:\/\/www.arquimaster.com.ar\/web\/wp-content\/uploads\/2016\/10\/casa_muda_iv1-125x125.jpg 125w\" sizes=\"auto, (max-width: 150px) 100vw, 150px\" \/><\/a>\n\t\t\t<\/div>\n\t\t\t\t<figcaption class='wp-caption-text gallery-caption' id='gallery-1-22928'>\n\t\t\t\tCasa Muda IV \/ Zapata-J\u00e1uregui Arquitectos Asociados (\u00a9 Federico Cairoli)\n\t\t\t\t<\/figcaption><\/figure><figure class='gallery-item'>\n\t\t\t<div class='gallery-icon portrait'>\n\t\t\t\t<a href='https:\/\/www.arquimaster.com.ar\/web\/wp-content\/uploads\/2016\/10\/casa_muda_iv2.jpg' title=\"Casa Muda IV \/ Zapata-J\u00e1uregui Arquitectos Asociados (\u00a9 Federico Cairoli)\" data-rl_title=\"Casa Muda IV \/ Zapata-J\u00e1uregui Arquitectos Asociados (\u00a9 Federico Cairoli)\" class=\"rl-gallery-link\" data-rl_caption=\"Casa Muda IV \/ Zapata-J\u00e1uregui Arquitectos Asociados (\u00a9 Federico Cairoli)\" data-rel=\"lightbox-gallery-1\"><img loading=\"lazy\" decoding=\"async\" width=\"150\" height=\"150\" src=\"https:\/\/www.arquimaster.com.ar\/web\/wp-content\/uploads\/2016\/10\/casa_muda_iv2-150x150.jpg\" class=\"attachment-thumbnail size-thumbnail\" alt=\"\" aria-describedby=\"gallery-1-22929\" srcset=\"https:\/\/www.arquimaster.com.ar\/web\/wp-content\/uploads\/2016\/10\/casa_muda_iv2-150x150.jpg 150w, https:\/\/www.arquimaster.com.ar\/web\/wp-content\/uploads\/2016\/10\/casa_muda_iv2-50x50.jpg 50w, https:\/\/www.arquimaster.com.ar\/web\/wp-content\/uploads\/2016\/10\/casa_muda_iv2-125x125.jpg 125w\" sizes=\"auto, (max-width: 150px) 100vw, 150px\" \/><\/a>\n\t\t\t<\/div>\n\t\t\t\t<figcaption class='wp-caption-text gallery-caption' id='gallery-1-22929'>\n\t\t\t\tCasa Muda IV \/ Zapata-J\u00e1uregui Arquitectos Asociados (\u00a9 Federico Cairoli)\n\t\t\t\t<\/figcaption><\/figure><figure class='gallery-item'>\n\t\t\t<div class='gallery-icon portrait'>\n\t\t\t\t<a href='https:\/\/www.arquimaster.com.ar\/web\/wp-content\/uploads\/2016\/10\/casa_muda_iv3.jpg' title=\"Casa Muda IV \/ Zapata-J\u00e1uregui Arquitectos Asociados (\u00a9 Federico Cairoli)\" data-rl_title=\"Casa Muda IV \/ Zapata-J\u00e1uregui Arquitectos Asociados (\u00a9 Federico Cairoli)\" class=\"rl-gallery-link\" data-rl_caption=\"Casa Muda IV \/ Zapata-J\u00e1uregui Arquitectos Asociados (\u00a9 Federico Cairoli)\" data-rel=\"lightbox-gallery-1\"><img loading=\"lazy\" decoding=\"async\" width=\"150\" height=\"150\" src=\"https:\/\/www.arquimaster.com.ar\/web\/wp-content\/uploads\/2016\/10\/casa_muda_iv3-150x150.jpg\" class=\"attachment-thumbnail size-thumbnail\" alt=\"\" aria-describedby=\"gallery-1-22930\" srcset=\"https:\/\/www.arquimaster.com.ar\/web\/wp-content\/uploads\/2016\/10\/casa_muda_iv3-150x150.jpg 150w, https:\/\/www.arquimaster.com.ar\/web\/wp-content\/uploads\/2016\/10\/casa_muda_iv3-50x50.jpg 50w, https:\/\/www.arquimaster.com.ar\/web\/wp-content\/uploads\/2016\/10\/casa_muda_iv3-125x125.jpg 125w\" sizes=\"auto, (max-width: 150px) 100vw, 150px\" \/><\/a>\n\t\t\t<\/div>\n\t\t\t\t<figcaption class='wp-caption-text gallery-caption' id='gallery-1-22930'>\n\t\t\t\tCasa Muda IV \/ Zapata-J\u00e1uregui Arquitectos Asociados (\u00a9 Federico Cairoli)\n\t\t\t\t<\/figcaption><\/figure><figure class='gallery-item'>\n\t\t\t<div class='gallery-icon portrait'>\n\t\t\t\t<a href='https:\/\/www.arquimaster.com.ar\/web\/wp-content\/uploads\/2016\/10\/casa_muda_iv4.jpg' title=\"Casa Muda IV \/ Zapata-J\u00e1uregui Arquitectos Asociados (\u00a9 Federico Cairoli)\" data-rl_title=\"Casa Muda IV \/ Zapata-J\u00e1uregui Arquitectos Asociados (\u00a9 Federico Cairoli)\" class=\"rl-gallery-link\" data-rl_caption=\"Casa Muda IV \/ Zapata-J\u00e1uregui Arquitectos Asociados (\u00a9 Federico Cairoli)\" data-rel=\"lightbox-gallery-1\"><img loading=\"lazy\" decoding=\"async\" width=\"150\" height=\"150\" src=\"https:\/\/www.arquimaster.com.ar\/web\/wp-content\/uploads\/2016\/10\/casa_muda_iv4-150x150.jpg\" class=\"attachment-thumbnail size-thumbnail\" alt=\"\" aria-describedby=\"gallery-1-22931\" srcset=\"https:\/\/www.arquimaster.com.ar\/web\/wp-content\/uploads\/2016\/10\/casa_muda_iv4-150x150.jpg 150w, https:\/\/www.arquimaster.com.ar\/web\/wp-content\/uploads\/2016\/10\/casa_muda_iv4-50x50.jpg 50w, https:\/\/www.arquimaster.com.ar\/web\/wp-content\/uploads\/2016\/10\/casa_muda_iv4-125x125.jpg 125w\" sizes=\"auto, (max-width: 150px) 100vw, 150px\" \/><\/a>\n\t\t\t<\/div>\n\t\t\t\t<figcaption class='wp-caption-text gallery-caption' id='gallery-1-22931'>\n\t\t\t\tCasa Muda IV \/ Zapata-J\u00e1uregui Arquitectos Asociados (\u00a9 Federico Cairoli)\n\t\t\t\t<\/figcaption><\/figure><figure class='gallery-item'>\n\t\t\t<div class='gallery-icon portrait'>\n\t\t\t\t<a href='https:\/\/www.arquimaster.com.ar\/web\/wp-content\/uploads\/2016\/10\/casa_muda_iv5.jpg' title=\"Casa Muda IV \/ Zapata-J\u00e1uregui Arquitectos Asociados (\u00a9 Federico Cairoli)\" data-rl_title=\"Casa Muda IV \/ Zapata-J\u00e1uregui Arquitectos Asociados (\u00a9 Federico Cairoli)\" class=\"rl-gallery-link\" data-rl_caption=\"Casa Muda IV \/ Zapata-J\u00e1uregui Arquitectos Asociados (\u00a9 Federico Cairoli)\" data-rel=\"lightbox-gallery-1\"><img loading=\"lazy\" decoding=\"async\" width=\"150\" height=\"150\" src=\"https:\/\/www.arquimaster.com.ar\/web\/wp-content\/uploads\/2016\/10\/casa_muda_iv5-150x150.jpg\" class=\"attachment-thumbnail size-thumbnail\" alt=\"\" aria-describedby=\"gallery-1-22932\" srcset=\"https:\/\/www.arquimaster.com.ar\/web\/wp-content\/uploads\/2016\/10\/casa_muda_iv5-150x150.jpg 150w, https:\/\/www.arquimaster.com.ar\/web\/wp-content\/uploads\/2016\/10\/casa_muda_iv5-50x50.jpg 50w, https:\/\/www.arquimaster.com.ar\/web\/wp-content\/uploads\/2016\/10\/casa_muda_iv5-125x125.jpg 125w\" sizes=\"auto, (max-width: 150px) 100vw, 150px\" \/><\/a>\n\t\t\t<\/div>\n\t\t\t\t<figcaption class='wp-caption-text gallery-caption' id='gallery-1-22932'>\n\t\t\t\tCasa Muda IV \/ Zapata-J\u00e1uregui Arquitectos Asociados (\u00a9 Federico Cairoli)\n\t\t\t\t<\/figcaption><\/figure><figure class='gallery-item'>\n\t\t\t<div class='gallery-icon landscape'>\n\t\t\t\t<a href='https:\/\/www.arquimaster.com.ar\/web\/wp-content\/uploads\/2016\/10\/casa_muda_iv6.jpg' title=\"Casa Muda IV \/ Zapata-J\u00e1uregui Arquitectos Asociados (\u00a9 Federico Cairoli)\" data-rl_title=\"Casa Muda IV \/ Zapata-J\u00e1uregui Arquitectos Asociados (\u00a9 Federico Cairoli)\" class=\"rl-gallery-link\" data-rl_caption=\"Casa Muda IV \/ Zapata-J\u00e1uregui Arquitectos Asociados (\u00a9 Federico Cairoli)\" data-rel=\"lightbox-gallery-1\"><img loading=\"lazy\" decoding=\"async\" width=\"150\" height=\"150\" src=\"https:\/\/www.arquimaster.com.ar\/web\/wp-content\/uploads\/2016\/10\/casa_muda_iv6-150x150.jpg\" class=\"attachment-thumbnail size-thumbnail\" alt=\"\" aria-describedby=\"gallery-1-22933\" srcset=\"https:\/\/www.arquimaster.com.ar\/web\/wp-content\/uploads\/2016\/10\/casa_muda_iv6-150x150.jpg 150w, https:\/\/www.arquimaster.com.ar\/web\/wp-content\/uploads\/2016\/10\/casa_muda_iv6-50x50.jpg 50w, https:\/\/www.arquimaster.com.ar\/web\/wp-content\/uploads\/2016\/10\/casa_muda_iv6-125x125.jpg 125w\" sizes=\"auto, (max-width: 150px) 100vw, 150px\" \/><\/a>\n\t\t\t<\/div>\n\t\t\t\t<figcaption class='wp-caption-text gallery-caption' id='gallery-1-22933'>\n\t\t\t\tCasa Muda IV \/ Zapata-J\u00e1uregui Arquitectos Asociados (\u00a9 Federico Cairoli)\n\t\t\t\t<\/figcaption><\/figure><figure class='gallery-item'>\n\t\t\t<div class='gallery-icon portrait'>\n\t\t\t\t<a href='https:\/\/www.arquimaster.com.ar\/web\/wp-content\/uploads\/2016\/10\/casa_muda_iv7.jpg' title=\"Casa Muda IV \/ Zapata-J\u00e1uregui Arquitectos Asociados (\u00a9 Federico Cairoli)\" data-rl_title=\"Casa Muda IV \/ Zapata-J\u00e1uregui Arquitectos Asociados (\u00a9 Federico Cairoli)\" class=\"rl-gallery-link\" data-rl_caption=\"Casa Muda IV \/ Zapata-J\u00e1uregui Arquitectos Asociados (\u00a9 Federico Cairoli)\" data-rel=\"lightbox-gallery-1\"><img loading=\"lazy\" decoding=\"async\" width=\"150\" height=\"150\" src=\"https:\/\/www.arquimaster.com.ar\/web\/wp-content\/uploads\/2016\/10\/casa_muda_iv7-150x150.jpg\" class=\"attachment-thumbnail size-thumbnail\" alt=\"\" aria-describedby=\"gallery-1-22934\" srcset=\"https:\/\/www.arquimaster.com.ar\/web\/wp-content\/uploads\/2016\/10\/casa_muda_iv7-150x150.jpg 150w, https:\/\/www.arquimaster.com.ar\/web\/wp-content\/uploads\/2016\/10\/casa_muda_iv7-50x50.jpg 50w, https:\/\/www.arquimaster.com.ar\/web\/wp-content\/uploads\/2016\/10\/casa_muda_iv7-125x125.jpg 125w\" sizes=\"auto, (max-width: 150px) 100vw, 150px\" \/><\/a>\n\t\t\t<\/div>\n\t\t\t\t<figcaption class='wp-caption-text gallery-caption' id='gallery-1-22934'>\n\t\t\t\tCasa Muda IV \/ Zapata-J\u00e1uregui Arquitectos Asociados (\u00a9 Federico Cairoli)\n\t\t\t\t<\/figcaption><\/figure><figure class='gallery-item'>\n\t\t\t<div class='gallery-icon landscape'>\n\t\t\t\t<a href='https:\/\/www.arquimaster.com.ar\/web\/wp-content\/uploads\/2016\/10\/casa_muda_iv8.jpg' title=\"Casa Muda IV \/ Zapata-J\u00e1uregui Arquitectos Asociados (\u00a9 Federico Cairoli)\" data-rl_title=\"Casa Muda IV \/ Zapata-J\u00e1uregui Arquitectos Asociados (\u00a9 Federico Cairoli)\" class=\"rl-gallery-link\" data-rl_caption=\"Casa Muda IV \/ Zapata-J\u00e1uregui Arquitectos Asociados (\u00a9 Federico Cairoli)\" data-rel=\"lightbox-gallery-1\"><img loading=\"lazy\" decoding=\"async\" width=\"150\" height=\"150\" src=\"https:\/\/www.arquimaster.com.ar\/web\/wp-content\/uploads\/2016\/10\/casa_muda_iv8-150x150.jpg\" class=\"attachment-thumbnail size-thumbnail\" alt=\"\" aria-describedby=\"gallery-1-22935\" srcset=\"https:\/\/www.arquimaster.com.ar\/web\/wp-content\/uploads\/2016\/10\/casa_muda_iv8-150x150.jpg 150w, https:\/\/www.arquimaster.com.ar\/web\/wp-content\/uploads\/2016\/10\/casa_muda_iv8-50x50.jpg 50w, https:\/\/www.arquimaster.com.ar\/web\/wp-content\/uploads\/2016\/10\/casa_muda_iv8-125x125.jpg 125w\" sizes=\"auto, (max-width: 150px) 100vw, 150px\" \/><\/a>\n\t\t\t<\/div>\n\t\t\t\t<figcaption class='wp-caption-text gallery-caption' id='gallery-1-22935'>\n\t\t\t\tCasa Muda IV \/ Zapata-J\u00e1uregui Arquitectos Asociados (\u00a9 Federico Cairoli)\n\t\t\t\t<\/figcaption><\/figure><figure class='gallery-item'>\n\t\t\t<div class='gallery-icon portrait'>\n\t\t\t\t<a href='https:\/\/www.arquimaster.com.ar\/web\/wp-content\/uploads\/2016\/10\/casa_muda_iv9.jpg' title=\"Casa Muda IV \/ Zapata-J\u00e1uregui Arquitectos Asociados (\u00a9 Federico Cairoli)\" data-rl_title=\"Casa Muda IV \/ Zapata-J\u00e1uregui Arquitectos Asociados (\u00a9 Federico Cairoli)\" class=\"rl-gallery-link\" data-rl_caption=\"Casa Muda IV \/ Zapata-J\u00e1uregui Arquitectos Asociados (\u00a9 Federico Cairoli)\" data-rel=\"lightbox-gallery-1\"><img loading=\"lazy\" decoding=\"async\" width=\"150\" height=\"150\" src=\"https:\/\/www.arquimaster.com.ar\/web\/wp-content\/uploads\/2016\/10\/casa_muda_iv9-150x150.jpg\" class=\"attachment-thumbnail size-thumbnail\" alt=\"\" aria-describedby=\"gallery-1-22936\" srcset=\"https:\/\/www.arquimaster.com.ar\/web\/wp-content\/uploads\/2016\/10\/casa_muda_iv9-150x150.jpg 150w, https:\/\/www.arquimaster.com.ar\/web\/wp-content\/uploads\/2016\/10\/casa_muda_iv9-50x50.jpg 50w, https:\/\/www.arquimaster.com.ar\/web\/wp-content\/uploads\/2016\/10\/casa_muda_iv9-125x125.jpg 125w\" sizes=\"auto, (max-width: 150px) 100vw, 150px\" \/><\/a>\n\t\t\t<\/div>\n\t\t\t\t<figcaption class='wp-caption-text gallery-caption' id='gallery-1-22936'>\n\t\t\t\tCasa Muda IV \/ Zapata-J\u00e1uregui Arquitectos Asociados (\u00a9 Federico Cairoli)\n\t\t\t\t<\/figcaption><\/figure><figure class='gallery-item'>\n\t\t\t<div class='gallery-icon portrait'>\n\t\t\t\t<a href='https:\/\/www.arquimaster.com.ar\/web\/wp-content\/uploads\/2016\/10\/casa_muda_iv10.jpg' title=\"Casa Muda IV \/ Zapata-J\u00e1uregui Arquitectos Asociados (\u00a9 Federico Cairoli)\" data-rl_title=\"Casa Muda IV \/ Zapata-J\u00e1uregui Arquitectos Asociados (\u00a9 Federico Cairoli)\" class=\"rl-gallery-link\" data-rl_caption=\"Casa Muda IV \/ Zapata-J\u00e1uregui Arquitectos Asociados (\u00a9 Federico Cairoli)\" data-rel=\"lightbox-gallery-1\"><img loading=\"lazy\" decoding=\"async\" width=\"150\" height=\"150\" src=\"https:\/\/www.arquimaster.com.ar\/web\/wp-content\/uploads\/2016\/10\/casa_muda_iv10-150x150.jpg\" class=\"attachment-thumbnail size-thumbnail\" alt=\"\" aria-describedby=\"gallery-1-22937\" srcset=\"https:\/\/www.arquimaster.com.ar\/web\/wp-content\/uploads\/2016\/10\/casa_muda_iv10-150x150.jpg 150w, https:\/\/www.arquimaster.com.ar\/web\/wp-content\/uploads\/2016\/10\/casa_muda_iv10-50x50.jpg 50w, https:\/\/www.arquimaster.com.ar\/web\/wp-content\/uploads\/2016\/10\/casa_muda_iv10-125x125.jpg 125w\" sizes=\"auto, (max-width: 150px) 100vw, 150px\" \/><\/a>\n\t\t\t<\/div>\n\t\t\t\t<figcaption class='wp-caption-text gallery-caption' id='gallery-1-22937'>\n\t\t\t\tCasa Muda IV \/ Zapata-J\u00e1uregui Arquitectos Asociados (\u00a9 Federico Cairoli)\n\t\t\t\t<\/figcaption><\/figure><figure class='gallery-item'>\n\t\t\t<div class='gallery-icon portrait'>\n\t\t\t\t<a href='https:\/\/www.arquimaster.com.ar\/web\/wp-content\/uploads\/2016\/10\/casa_muda_iv11.jpg' title=\"Casa Muda IV \/ Zapata-J\u00e1uregui Arquitectos Asociados (\u00a9 Federico Cairoli)\" data-rl_title=\"Casa Muda IV \/ Zapata-J\u00e1uregui Arquitectos Asociados (\u00a9 Federico Cairoli)\" class=\"rl-gallery-link\" data-rl_caption=\"Casa Muda IV \/ Zapata-J\u00e1uregui Arquitectos Asociados (\u00a9 Federico Cairoli)\" data-rel=\"lightbox-gallery-1\"><img loading=\"lazy\" decoding=\"async\" width=\"150\" height=\"150\" src=\"https:\/\/www.arquimaster.com.ar\/web\/wp-content\/uploads\/2016\/10\/casa_muda_iv11-150x150.jpg\" class=\"attachment-thumbnail size-thumbnail\" alt=\"\" aria-describedby=\"gallery-1-22938\" srcset=\"https:\/\/www.arquimaster.com.ar\/web\/wp-content\/uploads\/2016\/10\/casa_muda_iv11-150x150.jpg 150w, https:\/\/www.arquimaster.com.ar\/web\/wp-content\/uploads\/2016\/10\/casa_muda_iv11-50x50.jpg 50w, https:\/\/www.arquimaster.com.ar\/web\/wp-content\/uploads\/2016\/10\/casa_muda_iv11-125x125.jpg 125w\" sizes=\"auto, (max-width: 150px) 100vw, 150px\" \/><\/a>\n\t\t\t<\/div>\n\t\t\t\t<figcaption class='wp-caption-text gallery-caption' id='gallery-1-22938'>\n\t\t\t\tCasa Muda IV \/ Zapata-J\u00e1uregui Arquitectos Asociados (\u00a9 Federico Cairoli)\n\t\t\t\t<\/figcaption><\/figure><figure class='gallery-item'>\n\t\t\t<div class='gallery-icon portrait'>\n\t\t\t\t<a href='https:\/\/www.arquimaster.com.ar\/web\/wp-content\/uploads\/2016\/10\/casa_muda_iv12.jpg' title=\"Casa Muda IV \/ Zapata-J\u00e1uregui Arquitectos Asociados (\u00a9 Federico Cairoli)\" data-rl_title=\"Casa Muda IV \/ Zapata-J\u00e1uregui Arquitectos Asociados (\u00a9 Federico Cairoli)\" class=\"rl-gallery-link\" data-rl_caption=\"Casa Muda IV \/ Zapata-J\u00e1uregui Arquitectos Asociados (\u00a9 Federico Cairoli)\" data-rel=\"lightbox-gallery-1\"><img loading=\"lazy\" decoding=\"async\" width=\"150\" height=\"150\" src=\"https:\/\/www.arquimaster.com.ar\/web\/wp-content\/uploads\/2016\/10\/casa_muda_iv12-150x150.jpg\" class=\"attachment-thumbnail size-thumbnail\" alt=\"\" aria-describedby=\"gallery-1-22939\" srcset=\"https:\/\/www.arquimaster.com.ar\/web\/wp-content\/uploads\/2016\/10\/casa_muda_iv12-150x150.jpg 150w, https:\/\/www.arquimaster.com.ar\/web\/wp-content\/uploads\/2016\/10\/casa_muda_iv12-50x50.jpg 50w, https:\/\/www.arquimaster.com.ar\/web\/wp-content\/uploads\/2016\/10\/casa_muda_iv12-125x125.jpg 125w\" sizes=\"auto, (max-width: 150px) 100vw, 150px\" \/><\/a>\n\t\t\t<\/div>\n\t\t\t\t<figcaption class='wp-caption-text gallery-caption' id='gallery-1-22939'>\n\t\t\t\tCasa Muda IV \/ Zapata-J\u00e1uregui Arquitectos Asociados (\u00a9 Federico Cairoli)\n\t\t\t\t<\/figcaption><\/figure><figure class='gallery-item'>\n\t\t\t<div class='gallery-icon portrait'>\n\t\t\t\t<a href='https:\/\/www.arquimaster.com.ar\/web\/wp-content\/uploads\/2016\/10\/casa_muda_iv13.jpg' title=\"Casa Muda IV \/ Zapata-J\u00e1uregui Arquitectos Asociados (\u00a9 Federico Cairoli)\" data-rl_title=\"Casa Muda IV \/ Zapata-J\u00e1uregui Arquitectos Asociados (\u00a9 Federico Cairoli)\" class=\"rl-gallery-link\" data-rl_caption=\"Casa Muda IV \/ Zapata-J\u00e1uregui Arquitectos Asociados (\u00a9 Federico Cairoli)\" data-rel=\"lightbox-gallery-1\"><img loading=\"lazy\" decoding=\"async\" width=\"150\" height=\"150\" src=\"https:\/\/www.arquimaster.com.ar\/web\/wp-content\/uploads\/2016\/10\/casa_muda_iv13-150x150.jpg\" class=\"attachment-thumbnail size-thumbnail\" alt=\"\" aria-describedby=\"gallery-1-22940\" srcset=\"https:\/\/www.arquimaster.com.ar\/web\/wp-content\/uploads\/2016\/10\/casa_muda_iv13-150x150.jpg 150w, https:\/\/www.arquimaster.com.ar\/web\/wp-content\/uploads\/2016\/10\/casa_muda_iv13-50x50.jpg 50w, https:\/\/www.arquimaster.com.ar\/web\/wp-content\/uploads\/2016\/10\/casa_muda_iv13-125x125.jpg 125w\" sizes=\"auto, (max-width: 150px) 100vw, 150px\" \/><\/a>\n\t\t\t<\/div>\n\t\t\t\t<figcaption class='wp-caption-text gallery-caption' id='gallery-1-22940'>\n\t\t\t\tCasa Muda IV \/ Zapata-J\u00e1uregui Arquitectos Asociados (\u00a9 Federico Cairoli)\n\t\t\t\t<\/figcaption><\/figure><figure class='gallery-item'>\n\t\t\t<div class='gallery-icon portrait'>\n\t\t\t\t<a href='https:\/\/www.arquimaster.com.ar\/web\/wp-content\/uploads\/2016\/10\/casa_muda_iv14.jpg' title=\"Casa Muda IV \/ Zapata-J\u00e1uregui Arquitectos Asociados (\u00a9 Federico Cairoli)\" data-rl_title=\"Casa Muda IV \/ Zapata-J\u00e1uregui Arquitectos Asociados (\u00a9 Federico Cairoli)\" class=\"rl-gallery-link\" data-rl_caption=\"Casa Muda IV \/ Zapata-J\u00e1uregui Arquitectos Asociados (\u00a9 Federico Cairoli)\" data-rel=\"lightbox-gallery-1\"><img loading=\"lazy\" decoding=\"async\" width=\"150\" height=\"150\" src=\"https:\/\/www.arquimaster.com.ar\/web\/wp-content\/uploads\/2016\/10\/casa_muda_iv14-150x150.jpg\" class=\"attachment-thumbnail size-thumbnail\" alt=\"\" aria-describedby=\"gallery-1-22941\" srcset=\"https:\/\/www.arquimaster.com.ar\/web\/wp-content\/uploads\/2016\/10\/casa_muda_iv14-150x150.jpg 150w, https:\/\/www.arquimaster.com.ar\/web\/wp-content\/uploads\/2016\/10\/casa_muda_iv14-50x50.jpg 50w, https:\/\/www.arquimaster.com.ar\/web\/wp-content\/uploads\/2016\/10\/casa_muda_iv14-125x125.jpg 125w\" sizes=\"auto, (max-width: 150px) 100vw, 150px\" \/><\/a>\n\t\t\t<\/div>\n\t\t\t\t<figcaption class='wp-caption-text gallery-caption' id='gallery-1-22941'>\n\t\t\t\tCasa Muda IV \/ Zapata-J\u00e1uregui Arquitectos Asociados (\u00a9 Federico Cairoli)\n\t\t\t\t<\/figcaption><\/figure><figure class='gallery-item'>\n\t\t\t<div class='gallery-icon portrait'>\n\t\t\t\t<a href='https:\/\/www.arquimaster.com.ar\/web\/wp-content\/uploads\/2016\/10\/casa_muda_iv15.jpg' title=\"Casa Muda IV \/ Zapata-J\u00e1uregui Arquitectos Asociados (\u00a9 Federico Cairoli)\" data-rl_title=\"Casa Muda IV \/ Zapata-J\u00e1uregui Arquitectos Asociados (\u00a9 Federico Cairoli)\" class=\"rl-gallery-link\" data-rl_caption=\"Casa Muda IV \/ Zapata-J\u00e1uregui Arquitectos Asociados (\u00a9 Federico Cairoli)\" data-rel=\"lightbox-gallery-1\"><img loading=\"lazy\" decoding=\"async\" width=\"150\" height=\"150\" src=\"https:\/\/www.arquimaster.com.ar\/web\/wp-content\/uploads\/2016\/10\/casa_muda_iv15-150x150.jpg\" class=\"attachment-thumbnail size-thumbnail\" alt=\"\" aria-describedby=\"gallery-1-22942\" srcset=\"https:\/\/www.arquimaster.com.ar\/web\/wp-content\/uploads\/2016\/10\/casa_muda_iv15-150x150.jpg 150w, https:\/\/www.arquimaster.com.ar\/web\/wp-content\/uploads\/2016\/10\/casa_muda_iv15-50x50.jpg 50w, https:\/\/www.arquimaster.com.ar\/web\/wp-content\/uploads\/2016\/10\/casa_muda_iv15-125x125.jpg 125w\" sizes=\"auto, (max-width: 150px) 100vw, 150px\" \/><\/a>\n\t\t\t<\/div>\n\t\t\t\t<figcaption class='wp-caption-text gallery-caption' id='gallery-1-22942'>\n\t\t\t\tCasa Muda IV \/ Zapata-J\u00e1uregui Arquitectos Asociados (\u00a9 Federico Cairoli)\n\t\t\t\t<\/figcaption><\/figure><figure class='gallery-item'>\n\t\t\t<div class='gallery-icon portrait'>\n\t\t\t\t<a href='https:\/\/www.arquimaster.com.ar\/web\/wp-content\/uploads\/2016\/10\/casa_muda_iv16.jpg' title=\"Casa Muda IV \/ Zapata-J\u00e1uregui Arquitectos Asociados (\u00a9 Federico Cairoli)\" data-rl_title=\"Casa Muda IV \/ Zapata-J\u00e1uregui Arquitectos Asociados (\u00a9 Federico Cairoli)\" class=\"rl-gallery-link\" data-rl_caption=\"Casa Muda IV \/ Zapata-J\u00e1uregui Arquitectos Asociados (\u00a9 Federico Cairoli)\" data-rel=\"lightbox-gallery-1\"><img loading=\"lazy\" decoding=\"async\" width=\"150\" height=\"150\" src=\"https:\/\/www.arquimaster.com.ar\/web\/wp-content\/uploads\/2016\/10\/casa_muda_iv16-150x150.jpg\" class=\"attachment-thumbnail size-thumbnail\" alt=\"\" aria-describedby=\"gallery-1-22943\" srcset=\"https:\/\/www.arquimaster.com.ar\/web\/wp-content\/uploads\/2016\/10\/casa_muda_iv16-150x150.jpg 150w, https:\/\/www.arquimaster.com.ar\/web\/wp-content\/uploads\/2016\/10\/casa_muda_iv16-50x50.jpg 50w, https:\/\/www.arquimaster.com.ar\/web\/wp-content\/uploads\/2016\/10\/casa_muda_iv16-125x125.jpg 125w\" sizes=\"auto, (max-width: 150px) 100vw, 150px\" \/><\/a>\n\t\t\t<\/div>\n\t\t\t\t<figcaption class='wp-caption-text gallery-caption' id='gallery-1-22943'>\n\t\t\t\tCasa Muda IV \/ Zapata-J\u00e1uregui Arquitectos Asociados (\u00a9 Federico Cairoli)\n\t\t\t\t<\/figcaption><\/figure><figure class='gallery-item'>\n\t\t\t<div class='gallery-icon portrait'>\n\t\t\t\t<a href='https:\/\/www.arquimaster.com.ar\/web\/wp-content\/uploads\/2016\/10\/casa_muda_iv17.jpg' title=\"Casa Muda IV \/ Zapata-J\u00e1uregui Arquitectos Asociados (\u00a9 Federico Cairoli)\" data-rl_title=\"Casa Muda IV \/ Zapata-J\u00e1uregui Arquitectos Asociados (\u00a9 Federico Cairoli)\" class=\"rl-gallery-link\" data-rl_caption=\"Casa Muda IV \/ Zapata-J\u00e1uregui Arquitectos Asociados (\u00a9 Federico Cairoli)\" data-rel=\"lightbox-gallery-1\"><img loading=\"lazy\" decoding=\"async\" width=\"150\" height=\"150\" src=\"https:\/\/www.arquimaster.com.ar\/web\/wp-content\/uploads\/2016\/10\/casa_muda_iv17-150x150.jpg\" class=\"attachment-thumbnail size-thumbnail\" alt=\"\" aria-describedby=\"gallery-1-22944\" srcset=\"https:\/\/www.arquimaster.com.ar\/web\/wp-content\/uploads\/2016\/10\/casa_muda_iv17-150x150.jpg 150w, https:\/\/www.arquimaster.com.ar\/web\/wp-content\/uploads\/2016\/10\/casa_muda_iv17-50x50.jpg 50w, https:\/\/www.arquimaster.com.ar\/web\/wp-content\/uploads\/2016\/10\/casa_muda_iv17-125x125.jpg 125w\" sizes=\"auto, (max-width: 150px) 100vw, 150px\" \/><\/a>\n\t\t\t<\/div>\n\t\t\t\t<figcaption class='wp-caption-text gallery-caption' id='gallery-1-22944'>\n\t\t\t\tCasa Muda IV \/ Zapata-J\u00e1uregui Arquitectos Asociados (\u00a9 Federico Cairoli)\n\t\t\t\t<\/figcaption><\/figure><figure class='gallery-item'>\n\t\t\t<div class='gallery-icon portrait'>\n\t\t\t\t<a href='https:\/\/www.arquimaster.com.ar\/web\/wp-content\/uploads\/2016\/10\/casa_muda_iv18.jpg' title=\"Casa Muda IV \/ Zapata-J\u00e1uregui Arquitectos Asociados (\u00a9 Federico Cairoli)\" data-rl_title=\"Casa Muda IV \/ Zapata-J\u00e1uregui Arquitectos Asociados (\u00a9 Federico Cairoli)\" class=\"rl-gallery-link\" data-rl_caption=\"Casa Muda IV \/ Zapata-J\u00e1uregui Arquitectos Asociados (\u00a9 Federico Cairoli)\" data-rel=\"lightbox-gallery-1\"><img loading=\"lazy\" decoding=\"async\" width=\"150\" height=\"150\" src=\"https:\/\/www.arquimaster.com.ar\/web\/wp-content\/uploads\/2016\/10\/casa_muda_iv18-150x150.jpg\" class=\"attachment-thumbnail size-thumbnail\" alt=\"\" aria-describedby=\"gallery-1-22945\" srcset=\"https:\/\/www.arquimaster.com.ar\/web\/wp-content\/uploads\/2016\/10\/casa_muda_iv18-150x150.jpg 150w, https:\/\/www.arquimaster.com.ar\/web\/wp-content\/uploads\/2016\/10\/casa_muda_iv18-50x50.jpg 50w, https:\/\/www.arquimaster.com.ar\/web\/wp-content\/uploads\/2016\/10\/casa_muda_iv18-125x125.jpg 125w\" sizes=\"auto, (max-width: 150px) 100vw, 150px\" \/><\/a>\n\t\t\t<\/div>\n\t\t\t\t<figcaption class='wp-caption-text gallery-caption' id='gallery-1-22945'>\n\t\t\t\tCasa Muda IV \/ Zapata-J\u00e1uregui Arquitectos Asociados (\u00a9 Federico Cairoli)\n\t\t\t\t<\/figcaption><\/figure><figure class='gallery-item'>\n\t\t\t<div class='gallery-icon portrait'>\n\t\t\t\t<a href='https:\/\/www.arquimaster.com.ar\/web\/wp-content\/uploads\/2016\/10\/casa_muda_iv19.jpg' title=\"Casa Muda IV \/ Zapata-J\u00e1uregui Arquitectos Asociados (\u00a9 Federico Cairoli)\" data-rl_title=\"Casa Muda IV \/ Zapata-J\u00e1uregui Arquitectos Asociados (\u00a9 Federico Cairoli)\" class=\"rl-gallery-link\" data-rl_caption=\"Casa Muda IV \/ Zapata-J\u00e1uregui Arquitectos Asociados (\u00a9 Federico Cairoli)\" data-rel=\"lightbox-gallery-1\"><img loading=\"lazy\" decoding=\"async\" width=\"150\" height=\"150\" src=\"https:\/\/www.arquimaster.com.ar\/web\/wp-content\/uploads\/2016\/10\/casa_muda_iv19-150x150.jpg\" class=\"attachment-thumbnail size-thumbnail\" alt=\"\" aria-describedby=\"gallery-1-22946\" srcset=\"https:\/\/www.arquimaster.com.ar\/web\/wp-content\/uploads\/2016\/10\/casa_muda_iv19-150x150.jpg 150w, https:\/\/www.arquimaster.com.ar\/web\/wp-content\/uploads\/2016\/10\/casa_muda_iv19-50x50.jpg 50w, https:\/\/www.arquimaster.com.ar\/web\/wp-content\/uploads\/2016\/10\/casa_muda_iv19-125x125.jpg 125w\" sizes=\"auto, (max-width: 150px) 100vw, 150px\" \/><\/a>\n\t\t\t<\/div>\n\t\t\t\t<figcaption class='wp-caption-text gallery-caption' id='gallery-1-22946'>\n\t\t\t\tCasa Muda IV \/ Zapata-J\u00e1uregui Arquitectos Asociados (\u00a9 Federico Cairoli)\n\t\t\t\t<\/figcaption><\/figure><figure class='gallery-item'>\n\t\t\t<div class='gallery-icon portrait'>\n\t\t\t\t<a href='https:\/\/www.arquimaster.com.ar\/web\/wp-content\/uploads\/2016\/10\/casa_muda_iv20.jpg' title=\"Casa Muda IV \/ Zapata-J\u00e1uregui Arquitectos Asociados (\u00a9 Federico Cairoli)\" data-rl_title=\"Casa Muda IV \/ Zapata-J\u00e1uregui Arquitectos Asociados (\u00a9 Federico Cairoli)\" class=\"rl-gallery-link\" data-rl_caption=\"Casa Muda IV \/ Zapata-J\u00e1uregui Arquitectos Asociados (\u00a9 Federico Cairoli)\" data-rel=\"lightbox-gallery-1\"><img loading=\"lazy\" decoding=\"async\" width=\"150\" height=\"150\" src=\"https:\/\/www.arquimaster.com.ar\/web\/wp-content\/uploads\/2016\/10\/casa_muda_iv20-150x150.jpg\" class=\"attachment-thumbnail size-thumbnail\" alt=\"\" aria-describedby=\"gallery-1-22947\" srcset=\"https:\/\/www.arquimaster.com.ar\/web\/wp-content\/uploads\/2016\/10\/casa_muda_iv20-150x150.jpg 150w, https:\/\/www.arquimaster.com.ar\/web\/wp-content\/uploads\/2016\/10\/casa_muda_iv20-50x50.jpg 50w, https:\/\/www.arquimaster.com.ar\/web\/wp-content\/uploads\/2016\/10\/casa_muda_iv20-125x125.jpg 125w\" sizes=\"auto, (max-width: 150px) 100vw, 150px\" \/><\/a>\n\t\t\t<\/div>\n\t\t\t\t<figcaption class='wp-caption-text gallery-caption' id='gallery-1-22947'>\n\t\t\t\tCasa Muda IV \/ Zapata-J\u00e1uregui Arquitectos Asociados (\u00a9 Federico Cairoli)\n\t\t\t\t<\/figcaption><\/figure><figure class='gallery-item'>\n\t\t\t<div class='gallery-icon landscape'>\n\t\t\t\t<a href='https:\/\/www.arquimaster.com.ar\/web\/wp-content\/uploads\/2016\/10\/casa_muda_iv21.jpg' title=\"Casa Muda IV \/ Zapata-J\u00e1uregui Arquitectos Asociados (\u00a9 Federico Cairoli)\" data-rl_title=\"Casa Muda IV \/ Zapata-J\u00e1uregui Arquitectos Asociados (\u00a9 Federico Cairoli)\" class=\"rl-gallery-link\" data-rl_caption=\"Casa Muda IV \/ Zapata-J\u00e1uregui Arquitectos Asociados (\u00a9 Federico Cairoli)\" data-rel=\"lightbox-gallery-1\"><img loading=\"lazy\" decoding=\"async\" width=\"150\" height=\"150\" src=\"https:\/\/www.arquimaster.com.ar\/web\/wp-content\/uploads\/2016\/10\/casa_muda_iv21-150x150.jpg\" class=\"attachment-thumbnail size-thumbnail\" alt=\"\" aria-describedby=\"gallery-1-22948\" srcset=\"https:\/\/www.arquimaster.com.ar\/web\/wp-content\/uploads\/2016\/10\/casa_muda_iv21-150x150.jpg 150w, https:\/\/www.arquimaster.com.ar\/web\/wp-content\/uploads\/2016\/10\/casa_muda_iv21-50x50.jpg 50w, https:\/\/www.arquimaster.com.ar\/web\/wp-content\/uploads\/2016\/10\/casa_muda_iv21-125x125.jpg 125w\" sizes=\"auto, (max-width: 150px) 100vw, 150px\" \/><\/a>\n\t\t\t<\/div>\n\t\t\t\t<figcaption class='wp-caption-text gallery-caption' id='gallery-1-22948'>\n\t\t\t\tCasa Muda IV \/ Zapata-J\u00e1uregui Arquitectos Asociados (\u00a9 Federico Cairoli)\n\t\t\t\t<\/figcaption><\/figure><figure class='gallery-item'>\n\t\t\t<div class='gallery-icon portrait'>\n\t\t\t\t<a href='https:\/\/www.arquimaster.com.ar\/web\/wp-content\/uploads\/2016\/10\/casa_muda_iv22.jpg' title=\"Casa Muda IV \/ Zapata-J\u00e1uregui Arquitectos Asociados (\u00a9 Federico Cairoli)\" data-rl_title=\"Casa Muda IV \/ Zapata-J\u00e1uregui Arquitectos Asociados (\u00a9 Federico Cairoli)\" class=\"rl-gallery-link\" data-rl_caption=\"Casa Muda IV \/ Zapata-J\u00e1uregui Arquitectos Asociados (\u00a9 Federico Cairoli)\" data-rel=\"lightbox-gallery-1\"><img loading=\"lazy\" decoding=\"async\" width=\"150\" height=\"150\" src=\"https:\/\/www.arquimaster.com.ar\/web\/wp-content\/uploads\/2016\/10\/casa_muda_iv22-150x150.jpg\" class=\"attachment-thumbnail size-thumbnail\" alt=\"\" aria-describedby=\"gallery-1-22949\" srcset=\"https:\/\/www.arquimaster.com.ar\/web\/wp-content\/uploads\/2016\/10\/casa_muda_iv22-150x150.jpg 150w, https:\/\/www.arquimaster.com.ar\/web\/wp-content\/uploads\/2016\/10\/casa_muda_iv22-50x50.jpg 50w, https:\/\/www.arquimaster.com.ar\/web\/wp-content\/uploads\/2016\/10\/casa_muda_iv22-125x125.jpg 125w\" sizes=\"auto, (max-width: 150px) 100vw, 150px\" \/><\/a>\n\t\t\t<\/div>\n\t\t\t\t<figcaption class='wp-caption-text gallery-caption' id='gallery-1-22949'>\n\t\t\t\tCasa Muda IV \/ Zapata-J\u00e1uregui Arquitectos Asociados (\u00a9 Federico Cairoli)\n\t\t\t\t<\/figcaption><\/figure><figure class='gallery-item'>\n\t\t\t<div class='gallery-icon landscape'>\n\t\t\t\t<a href='https:\/\/www.arquimaster.com.ar\/web\/wp-content\/uploads\/2016\/10\/casa_muda_iv23.jpg' title=\"Casa Muda IV \/ Zapata-J\u00e1uregui Arquitectos Asociados (\u00a9 Federico Cairoli)\" data-rl_title=\"Casa Muda IV \/ Zapata-J\u00e1uregui Arquitectos Asociados (\u00a9 Federico Cairoli)\" class=\"rl-gallery-link\" data-rl_caption=\"Casa Muda IV \/ Zapata-J\u00e1uregui Arquitectos Asociados (\u00a9 Federico Cairoli)\" data-rel=\"lightbox-gallery-1\"><img loading=\"lazy\" decoding=\"async\" width=\"150\" height=\"150\" src=\"https:\/\/www.arquimaster.com.ar\/web\/wp-content\/uploads\/2016\/10\/casa_muda_iv23-150x150.jpg\" class=\"attachment-thumbnail size-thumbnail\" alt=\"\" aria-describedby=\"gallery-1-22950\" srcset=\"https:\/\/www.arquimaster.com.ar\/web\/wp-content\/uploads\/2016\/10\/casa_muda_iv23-150x150.jpg 150w, https:\/\/www.arquimaster.com.ar\/web\/wp-content\/uploads\/2016\/10\/casa_muda_iv23-50x50.jpg 50w, https:\/\/www.arquimaster.com.ar\/web\/wp-content\/uploads\/2016\/10\/casa_muda_iv23-125x125.jpg 125w\" sizes=\"auto, (max-width: 150px) 100vw, 150px\" \/><\/a>\n\t\t\t<\/div>\n\t\t\t\t<figcaption class='wp-caption-text gallery-caption' id='gallery-1-22950'>\n\t\t\t\tCasa Muda IV \/ Zapata-J\u00e1uregui Arquitectos Asociados (\u00a9 Federico Cairoli)\n\t\t\t\t<\/figcaption><\/figure><figure class='gallery-item'>\n\t\t\t<div class='gallery-icon landscape'>\n\t\t\t\t<a href='https:\/\/www.arquimaster.com.ar\/web\/wp-content\/uploads\/2016\/10\/casa_muda_iv24.jpg' title=\"Casa Muda IV \/ Zapata-J\u00e1uregui Arquitectos Asociados (\u00a9 Federico Cairoli)\" data-rl_title=\"Casa Muda IV \/ Zapata-J\u00e1uregui Arquitectos Asociados (\u00a9 Federico Cairoli)\" class=\"rl-gallery-link\" data-rl_caption=\"Casa Muda IV \/ Zapata-J\u00e1uregui Arquitectos Asociados (\u00a9 Federico Cairoli)\" data-rel=\"lightbox-gallery-1\"><img loading=\"lazy\" decoding=\"async\" width=\"150\" height=\"150\" src=\"https:\/\/www.arquimaster.com.ar\/web\/wp-content\/uploads\/2016\/10\/casa_muda_iv24-150x150.jpg\" class=\"attachment-thumbnail size-thumbnail\" alt=\"\" aria-describedby=\"gallery-1-22951\" srcset=\"https:\/\/www.arquimaster.com.ar\/web\/wp-content\/uploads\/2016\/10\/casa_muda_iv24-150x150.jpg 150w, https:\/\/www.arquimaster.com.ar\/web\/wp-content\/uploads\/2016\/10\/casa_muda_iv24-50x50.jpg 50w, https:\/\/www.arquimaster.com.ar\/web\/wp-content\/uploads\/2016\/10\/casa_muda_iv24-125x125.jpg 125w\" sizes=\"auto, (max-width: 150px) 100vw, 150px\" \/><\/a>\n\t\t\t<\/div>\n\t\t\t\t<figcaption class='wp-caption-text gallery-caption' id='gallery-1-22951'>\n\t\t\t\tCasa Muda IV \/ Zapata-J\u00e1uregui Arquitectos Asociados (\u00a9 Federico Cairoli)\n\t\t\t\t<\/figcaption><\/figure><figure class='gallery-item'>\n\t\t\t<div class='gallery-icon landscape'>\n\t\t\t\t<a href='https:\/\/www.arquimaster.com.ar\/web\/wp-content\/uploads\/2016\/10\/casa_muda_iv25.jpg' title=\"Casa Muda IV \/ Zapata-J\u00e1uregui Arquitectos Asociados (\u00a9 Federico Cairoli)\" data-rl_title=\"Casa Muda IV \/ Zapata-J\u00e1uregui Arquitectos Asociados (\u00a9 Federico Cairoli)\" class=\"rl-gallery-link\" data-rl_caption=\"Casa Muda IV \/ Zapata-J\u00e1uregui Arquitectos Asociados (\u00a9 Federico Cairoli)\" data-rel=\"lightbox-gallery-1\"><img loading=\"lazy\" decoding=\"async\" width=\"150\" height=\"150\" src=\"https:\/\/www.arquimaster.com.ar\/web\/wp-content\/uploads\/2016\/10\/casa_muda_iv25-150x150.jpg\" class=\"attachment-thumbnail size-thumbnail\" alt=\"\" aria-describedby=\"gallery-1-22952\" srcset=\"https:\/\/www.arquimaster.com.ar\/web\/wp-content\/uploads\/2016\/10\/casa_muda_iv25-150x150.jpg 150w, https:\/\/www.arquimaster.com.ar\/web\/wp-content\/uploads\/2016\/10\/casa_muda_iv25-50x50.jpg 50w, https:\/\/www.arquimaster.com.ar\/web\/wp-content\/uploads\/2016\/10\/casa_muda_iv25-125x125.jpg 125w\" sizes=\"auto, (max-width: 150px) 100vw, 150px\" \/><\/a>\n\t\t\t<\/div>\n\t\t\t\t<figcaption class='wp-caption-text gallery-caption' id='gallery-1-22952'>\n\t\t\t\tCasa Muda IV \/ Zapata-J\u00e1uregui Arquitectos Asociados (\u00a9 Federico Cairoli)\n\t\t\t\t<\/figcaption><\/figure><figure class='gallery-item'>\n\t\t\t<div class='gallery-icon portrait'>\n\t\t\t\t<a href='https:\/\/www.arquimaster.com.ar\/web\/wp-content\/uploads\/2016\/10\/casa_muda_iv26.jpg' title=\"Casa Muda IV \/ Zapata-J\u00e1uregui Arquitectos Asociados (\u00a9 Federico Cairoli)\" data-rl_title=\"Casa Muda IV \/ Zapata-J\u00e1uregui Arquitectos Asociados (\u00a9 Federico Cairoli)\" class=\"rl-gallery-link\" data-rl_caption=\"Casa Muda IV \/ Zapata-J\u00e1uregui Arquitectos Asociados (\u00a9 Federico Cairoli)\" data-rel=\"lightbox-gallery-1\"><img loading=\"lazy\" decoding=\"async\" width=\"150\" height=\"150\" src=\"https:\/\/www.arquimaster.com.ar\/web\/wp-content\/uploads\/2016\/10\/casa_muda_iv26-150x150.jpg\" class=\"attachment-thumbnail size-thumbnail\" alt=\"\" aria-describedby=\"gallery-1-22953\" srcset=\"https:\/\/www.arquimaster.com.ar\/web\/wp-content\/uploads\/2016\/10\/casa_muda_iv26-150x150.jpg 150w, https:\/\/www.arquimaster.com.ar\/web\/wp-content\/uploads\/2016\/10\/casa_muda_iv26-50x50.jpg 50w, https:\/\/www.arquimaster.com.ar\/web\/wp-content\/uploads\/2016\/10\/casa_muda_iv26-125x125.jpg 125w\" sizes=\"auto, (max-width: 150px) 100vw, 150px\" \/><\/a>\n\t\t\t<\/div>\n\t\t\t\t<figcaption class='wp-caption-text gallery-caption' id='gallery-1-22953'>\n\t\t\t\tCasa Muda IV \/ Zapata-J\u00e1uregui Arquitectos Asociados (\u00a9 Federico Cairoli)\n\t\t\t\t<\/figcaption><\/figure><figure class='gallery-item'>\n\t\t\t<div class='gallery-icon portrait'>\n\t\t\t\t<a href='https:\/\/www.arquimaster.com.ar\/web\/wp-content\/uploads\/2016\/10\/casa_muda_iv27.jpg' title=\"Casa Muda IV \/ Zapata-J\u00e1uregui Arquitectos Asociados (\u00a9 Federico Cairoli)\" data-rl_title=\"Casa Muda IV \/ Zapata-J\u00e1uregui Arquitectos Asociados (\u00a9 Federico Cairoli)\" class=\"rl-gallery-link\" data-rl_caption=\"Casa Muda IV \/ Zapata-J\u00e1uregui Arquitectos Asociados (\u00a9 Federico Cairoli)\" data-rel=\"lightbox-gallery-1\"><img loading=\"lazy\" decoding=\"async\" width=\"150\" height=\"150\" src=\"https:\/\/www.arquimaster.com.ar\/web\/wp-content\/uploads\/2016\/10\/casa_muda_iv27-150x150.jpg\" class=\"attachment-thumbnail size-thumbnail\" alt=\"\" aria-describedby=\"gallery-1-22954\" srcset=\"https:\/\/www.arquimaster.com.ar\/web\/wp-content\/uploads\/2016\/10\/casa_muda_iv27-150x150.jpg 150w, https:\/\/www.arquimaster.com.ar\/web\/wp-content\/uploads\/2016\/10\/casa_muda_iv27-50x50.jpg 50w, https:\/\/www.arquimaster.com.ar\/web\/wp-content\/uploads\/2016\/10\/casa_muda_iv27-125x125.jpg 125w\" sizes=\"auto, (max-width: 150px) 100vw, 150px\" \/><\/a>\n\t\t\t<\/div>\n\t\t\t\t<figcaption class='wp-caption-text gallery-caption' id='gallery-1-22954'>\n\t\t\t\tCasa Muda IV \/ Zapata-J\u00e1uregui Arquitectos Asociados (\u00a9 Federico Cairoli)\n\t\t\t\t<\/figcaption><\/figure><figure class='gallery-item'>\n\t\t\t<div class='gallery-icon landscape'>\n\t\t\t\t<a href='https:\/\/www.arquimaster.com.ar\/web\/wp-content\/uploads\/2016\/10\/casa_muda_iv28.jpg' title=\"Casa Muda IV \/ Zapata-J\u00e1uregui Arquitectos Asociados (\u00a9 Federico Cairoli)\" data-rl_title=\"Casa Muda IV \/ Zapata-J\u00e1uregui Arquitectos Asociados (\u00a9 Federico Cairoli)\" class=\"rl-gallery-link\" data-rl_caption=\"Casa Muda IV \/ Zapata-J\u00e1uregui Arquitectos Asociados (\u00a9 Federico Cairoli)\" data-rel=\"lightbox-gallery-1\"><img loading=\"lazy\" decoding=\"async\" width=\"150\" height=\"150\" src=\"https:\/\/www.arquimaster.com.ar\/web\/wp-content\/uploads\/2016\/10\/casa_muda_iv28-150x150.jpg\" class=\"attachment-thumbnail size-thumbnail\" alt=\"\" aria-describedby=\"gallery-1-22955\" srcset=\"https:\/\/www.arquimaster.com.ar\/web\/wp-content\/uploads\/2016\/10\/casa_muda_iv28-150x150.jpg 150w, https:\/\/www.arquimaster.com.ar\/web\/wp-content\/uploads\/2016\/10\/casa_muda_iv28-50x50.jpg 50w, https:\/\/www.arquimaster.com.ar\/web\/wp-content\/uploads\/2016\/10\/casa_muda_iv28-125x125.jpg 125w\" sizes=\"auto, (max-width: 150px) 100vw, 150px\" \/><\/a>\n\t\t\t<\/div>\n\t\t\t\t<figcaption class='wp-caption-text gallery-caption' id='gallery-1-22955'>\n\t\t\t\tCasa Muda IV \/ Zapata-J\u00e1uregui Arquitectos Asociados (\u00a9 Federico Cairoli)\n\t\t\t\t<\/figcaption><\/figure><figure class='gallery-item'>\n\t\t\t<div class='gallery-icon portrait'>\n\t\t\t\t<a href='https:\/\/www.arquimaster.com.ar\/web\/wp-content\/uploads\/2016\/10\/casa_muda_iv29.jpg' title=\"Casa Muda IV \/ Zapata-J\u00e1uregui Arquitectos Asociados (\u00a9 Federico Cairoli)\" data-rl_title=\"Casa Muda IV \/ Zapata-J\u00e1uregui Arquitectos Asociados (\u00a9 Federico Cairoli)\" class=\"rl-gallery-link\" data-rl_caption=\"Casa Muda IV \/ Zapata-J\u00e1uregui Arquitectos Asociados (\u00a9 Federico Cairoli)\" data-rel=\"lightbox-gallery-1\"><img loading=\"lazy\" decoding=\"async\" width=\"150\" height=\"150\" src=\"https:\/\/www.arquimaster.com.ar\/web\/wp-content\/uploads\/2016\/10\/casa_muda_iv29-150x150.jpg\" class=\"attachment-thumbnail size-thumbnail\" alt=\"\" aria-describedby=\"gallery-1-22956\" srcset=\"https:\/\/www.arquimaster.com.ar\/web\/wp-content\/uploads\/2016\/10\/casa_muda_iv29-150x150.jpg 150w, https:\/\/www.arquimaster.com.ar\/web\/wp-content\/uploads\/2016\/10\/casa_muda_iv29-50x50.jpg 50w, https:\/\/www.arquimaster.com.ar\/web\/wp-content\/uploads\/2016\/10\/casa_muda_iv29-125x125.jpg 125w\" sizes=\"auto, (max-width: 150px) 100vw, 150px\" \/><\/a>\n\t\t\t<\/div>\n\t\t\t\t<figcaption class='wp-caption-text gallery-caption' id='gallery-1-22956'>\n\t\t\t\tCasa Muda IV \/ Zapata-J\u00e1uregui Arquitectos Asociados (\u00a9 Federico Cairoli)\n\t\t\t\t<\/figcaption><\/figure><figure class='gallery-item'>\n\t\t\t<div class='gallery-icon landscape'>\n\t\t\t\t<a href='https:\/\/www.arquimaster.com.ar\/web\/wp-content\/uploads\/2016\/10\/casa_muda_iv30.jpg' title=\"Casa Muda IV \/ Zapata-J\u00e1uregui Arquitectos Asociados (\u00a9 Federico Cairoli)\" data-rl_title=\"Casa Muda IV \/ Zapata-J\u00e1uregui Arquitectos Asociados (\u00a9 Federico Cairoli)\" class=\"rl-gallery-link\" data-rl_caption=\"Casa Muda IV \/ Zapata-J\u00e1uregui Arquitectos Asociados (\u00a9 Federico Cairoli)\" data-rel=\"lightbox-gallery-1\"><img loading=\"lazy\" decoding=\"async\" width=\"150\" height=\"150\" src=\"https:\/\/www.arquimaster.com.ar\/web\/wp-content\/uploads\/2016\/10\/casa_muda_iv30-150x150.jpg\" class=\"attachment-thumbnail size-thumbnail\" alt=\"\" aria-describedby=\"gallery-1-22957\" srcset=\"https:\/\/www.arquimaster.com.ar\/web\/wp-content\/uploads\/2016\/10\/casa_muda_iv30-150x150.jpg 150w, https:\/\/www.arquimaster.com.ar\/web\/wp-content\/uploads\/2016\/10\/casa_muda_iv30-50x50.jpg 50w, https:\/\/www.arquimaster.com.ar\/web\/wp-content\/uploads\/2016\/10\/casa_muda_iv30-125x125.jpg 125w\" sizes=\"auto, (max-width: 150px) 100vw, 150px\" \/><\/a>\n\t\t\t<\/div>\n\t\t\t\t<figcaption class='wp-caption-text gallery-caption' id='gallery-1-22957'>\n\t\t\t\tCasa Muda IV \/ Zapata-J\u00e1uregui Arquitectos Asociados (\u00a9 Federico Cairoli)\n\t\t\t\t<\/figcaption><\/figure><figure class='gallery-item'>\n\t\t\t<div class='gallery-icon portrait'>\n\t\t\t\t<a href='https:\/\/www.arquimaster.com.ar\/web\/wp-content\/uploads\/2016\/10\/casa_muda_iv31.jpg' title=\"Casa Muda IV \/ Zapata-J\u00e1uregui Arquitectos Asociados (\u00a9 Federico Cairoli)\" data-rl_title=\"Casa Muda IV \/ Zapata-J\u00e1uregui Arquitectos Asociados (\u00a9 Federico Cairoli)\" class=\"rl-gallery-link\" data-rl_caption=\"Casa Muda IV \/ Zapata-J\u00e1uregui Arquitectos Asociados (\u00a9 Federico Cairoli)\" data-rel=\"lightbox-gallery-1\"><img loading=\"lazy\" decoding=\"async\" width=\"150\" height=\"150\" src=\"https:\/\/www.arquimaster.com.ar\/web\/wp-content\/uploads\/2016\/10\/casa_muda_iv31-150x150.jpg\" class=\"attachment-thumbnail size-thumbnail\" alt=\"\" aria-describedby=\"gallery-1-22958\" srcset=\"https:\/\/www.arquimaster.com.ar\/web\/wp-content\/uploads\/2016\/10\/casa_muda_iv31-150x150.jpg 150w, https:\/\/www.arquimaster.com.ar\/web\/wp-content\/uploads\/2016\/10\/casa_muda_iv31-50x50.jpg 50w, https:\/\/www.arquimaster.com.ar\/web\/wp-content\/uploads\/2016\/10\/casa_muda_iv31-125x125.jpg 125w\" sizes=\"auto, (max-width: 150px) 100vw, 150px\" \/><\/a>\n\t\t\t<\/div>\n\t\t\t\t<figcaption class='wp-caption-text gallery-caption' id='gallery-1-22958'>\n\t\t\t\tCasa Muda IV \/ Zapata-J\u00e1uregui Arquitectos Asociados (\u00a9 Federico Cairoli)\n\t\t\t\t<\/figcaption><\/figure><figure class='gallery-item'>\n\t\t\t<div class='gallery-icon portrait'>\n\t\t\t\t<a href='https:\/\/www.arquimaster.com.ar\/web\/wp-content\/uploads\/2016\/10\/casa_muda_iv32.jpg' title=\"Casa Muda IV \/ Zapata-J\u00e1uregui Arquitectos Asociados (\u00a9 Federico Cairoli)\" data-rl_title=\"Casa Muda IV \/ Zapata-J\u00e1uregui Arquitectos Asociados (\u00a9 Federico Cairoli)\" class=\"rl-gallery-link\" data-rl_caption=\"Casa Muda IV \/ Zapata-J\u00e1uregui Arquitectos Asociados (\u00a9 Federico Cairoli)\" data-rel=\"lightbox-gallery-1\"><img loading=\"lazy\" decoding=\"async\" width=\"150\" height=\"150\" src=\"https:\/\/www.arquimaster.com.ar\/web\/wp-content\/uploads\/2016\/10\/casa_muda_iv32-150x150.jpg\" class=\"attachment-thumbnail size-thumbnail\" alt=\"\" aria-describedby=\"gallery-1-22959\" srcset=\"https:\/\/www.arquimaster.com.ar\/web\/wp-content\/uploads\/2016\/10\/casa_muda_iv32-150x150.jpg 150w, https:\/\/www.arquimaster.com.ar\/web\/wp-content\/uploads\/2016\/10\/casa_muda_iv32-50x50.jpg 50w, https:\/\/www.arquimaster.com.ar\/web\/wp-content\/uploads\/2016\/10\/casa_muda_iv32-125x125.jpg 125w\" sizes=\"auto, (max-width: 150px) 100vw, 150px\" \/><\/a>\n\t\t\t<\/div>\n\t\t\t\t<figcaption class='wp-caption-text gallery-caption' id='gallery-1-22959'>\n\t\t\t\tCasa Muda IV \/ Zapata-J\u00e1uregui Arquitectos Asociados (\u00a9 Federico Cairoli)\n\t\t\t\t<\/figcaption><\/figure><figure class='gallery-item'>\n\t\t\t<div class='gallery-icon portrait'>\n\t\t\t\t<a href='https:\/\/www.arquimaster.com.ar\/web\/wp-content\/uploads\/2016\/10\/casa_muda_iv33.jpg' title=\"Casa Muda IV \/ Zapata-J\u00e1uregui Arquitectos Asociados (\u00a9 Federico Cairoli)\" data-rl_title=\"Casa Muda IV \/ Zapata-J\u00e1uregui Arquitectos Asociados (\u00a9 Federico Cairoli)\" class=\"rl-gallery-link\" data-rl_caption=\"Casa Muda IV \/ Zapata-J\u00e1uregui Arquitectos Asociados (\u00a9 Federico Cairoli)\" data-rel=\"lightbox-gallery-1\"><img loading=\"lazy\" decoding=\"async\" width=\"150\" height=\"150\" src=\"https:\/\/www.arquimaster.com.ar\/web\/wp-content\/uploads\/2016\/10\/casa_muda_iv33-150x150.jpg\" class=\"attachment-thumbnail size-thumbnail\" alt=\"\" aria-describedby=\"gallery-1-22960\" srcset=\"https:\/\/www.arquimaster.com.ar\/web\/wp-content\/uploads\/2016\/10\/casa_muda_iv33-150x150.jpg 150w, https:\/\/www.arquimaster.com.ar\/web\/wp-content\/uploads\/2016\/10\/casa_muda_iv33-50x50.jpg 50w, https:\/\/www.arquimaster.com.ar\/web\/wp-content\/uploads\/2016\/10\/casa_muda_iv33-125x125.jpg 125w\" sizes=\"auto, (max-width: 150px) 100vw, 150px\" \/><\/a>\n\t\t\t<\/div>\n\t\t\t\t<figcaption class='wp-caption-text gallery-caption' id='gallery-1-22960'>\n\t\t\t\tCasa Muda IV \/ Zapata-J\u00e1uregui Arquitectos Asociados (\u00a9 Federico Cairoli)\n\t\t\t\t<\/figcaption><\/figure><figure class='gallery-item'>\n\t\t\t<div class='gallery-icon portrait'>\n\t\t\t\t<a href='https:\/\/www.arquimaster.com.ar\/web\/wp-content\/uploads\/2016\/10\/casa_muda_iv34.jpg' title=\"Casa Muda IV \/ Zapata-J\u00e1uregui Arquitectos Asociados (\u00a9 Federico Cairoli)\" data-rl_title=\"Casa Muda IV \/ Zapata-J\u00e1uregui Arquitectos Asociados (\u00a9 Federico Cairoli)\" class=\"rl-gallery-link\" data-rl_caption=\"Casa Muda IV \/ Zapata-J\u00e1uregui Arquitectos Asociados (\u00a9 Federico Cairoli)\" data-rel=\"lightbox-gallery-1\"><img loading=\"lazy\" decoding=\"async\" width=\"150\" height=\"150\" src=\"https:\/\/www.arquimaster.com.ar\/web\/wp-content\/uploads\/2016\/10\/casa_muda_iv34-150x150.jpg\" class=\"attachment-thumbnail size-thumbnail\" alt=\"\" aria-describedby=\"gallery-1-22961\" srcset=\"https:\/\/www.arquimaster.com.ar\/web\/wp-content\/uploads\/2016\/10\/casa_muda_iv34-150x150.jpg 150w, https:\/\/www.arquimaster.com.ar\/web\/wp-content\/uploads\/2016\/10\/casa_muda_iv34-50x50.jpg 50w, https:\/\/www.arquimaster.com.ar\/web\/wp-content\/uploads\/2016\/10\/casa_muda_iv34-125x125.jpg 125w\" sizes=\"auto, (max-width: 150px) 100vw, 150px\" \/><\/a>\n\t\t\t<\/div>\n\t\t\t\t<figcaption class='wp-caption-text gallery-caption' id='gallery-1-22961'>\n\t\t\t\tCasa Muda IV \/ Zapata-J\u00e1uregui Arquitectos Asociados (\u00a9 Federico Cairoli)\n\t\t\t\t<\/figcaption><\/figure><figure class='gallery-item'>\n\t\t\t<div class='gallery-icon landscape'>\n\t\t\t\t<a href='https:\/\/www.arquimaster.com.ar\/web\/wp-content\/uploads\/2016\/10\/casa_muda_iv35.jpg' title=\"Casa Muda IV \/ Zapata-J\u00e1uregui Arquitectos Asociados (\u00a9 Federico Cairoli)\" data-rl_title=\"Casa Muda IV \/ Zapata-J\u00e1uregui Arquitectos Asociados (\u00a9 Federico Cairoli)\" class=\"rl-gallery-link\" data-rl_caption=\"Casa Muda IV \/ Zapata-J\u00e1uregui Arquitectos Asociados (\u00a9 Federico Cairoli)\" data-rel=\"lightbox-gallery-1\"><img loading=\"lazy\" decoding=\"async\" width=\"150\" height=\"150\" src=\"https:\/\/www.arquimaster.com.ar\/web\/wp-content\/uploads\/2016\/10\/casa_muda_iv35-150x150.jpg\" class=\"attachment-thumbnail size-thumbnail\" alt=\"\" aria-describedby=\"gallery-1-22962\" srcset=\"https:\/\/www.arquimaster.com.ar\/web\/wp-content\/uploads\/2016\/10\/casa_muda_iv35-150x150.jpg 150w, https:\/\/www.arquimaster.com.ar\/web\/wp-content\/uploads\/2016\/10\/casa_muda_iv35-50x50.jpg 50w, https:\/\/www.arquimaster.com.ar\/web\/wp-content\/uploads\/2016\/10\/casa_muda_iv35-125x125.jpg 125w\" sizes=\"auto, (max-width: 150px) 100vw, 150px\" \/><\/a>\n\t\t\t<\/div>\n\t\t\t\t<figcaption class='wp-caption-text gallery-caption' id='gallery-1-22962'>\n\t\t\t\tCasa Muda IV \/ Zapata-J\u00e1uregui Arquitectos Asociados (\u00a9 Federico Cairoli)\n\t\t\t\t<\/figcaption><\/figure><figure class='gallery-item'>\n\t\t\t<div class='gallery-icon landscape'>\n\t\t\t\t<a href='https:\/\/www.arquimaster.com.ar\/web\/wp-content\/uploads\/2016\/10\/casa_muda_iv36.jpg' title=\"Casa Muda IV \/ Zapata-J\u00e1uregui Arquitectos Asociados (\u00a9 Federico Cairoli)\" data-rl_title=\"Casa Muda IV \/ Zapata-J\u00e1uregui Arquitectos Asociados (\u00a9 Federico Cairoli)\" class=\"rl-gallery-link\" data-rl_caption=\"Casa Muda IV \/ Zapata-J\u00e1uregui Arquitectos Asociados (\u00a9 Federico Cairoli)\" data-rel=\"lightbox-gallery-1\"><img loading=\"lazy\" decoding=\"async\" width=\"150\" height=\"150\" src=\"https:\/\/www.arquimaster.com.ar\/web\/wp-content\/uploads\/2016\/10\/casa_muda_iv36-150x150.jpg\" class=\"attachment-thumbnail size-thumbnail\" alt=\"\" aria-describedby=\"gallery-1-22963\" srcset=\"https:\/\/www.arquimaster.com.ar\/web\/wp-content\/uploads\/2016\/10\/casa_muda_iv36-150x150.jpg 150w, https:\/\/www.arquimaster.com.ar\/web\/wp-content\/uploads\/2016\/10\/casa_muda_iv36-50x50.jpg 50w, https:\/\/www.arquimaster.com.ar\/web\/wp-content\/uploads\/2016\/10\/casa_muda_iv36-125x125.jpg 125w\" sizes=\"auto, (max-width: 150px) 100vw, 150px\" \/><\/a>\n\t\t\t<\/div>\n\t\t\t\t<figcaption class='wp-caption-text gallery-caption' id='gallery-1-22963'>\n\t\t\t\tCasa Muda IV \/ Zapata-J\u00e1uregui Arquitectos Asociados (\u00a9 Federico Cairoli)\n\t\t\t\t<\/figcaption><\/figure><figure class='gallery-item'>\n\t\t\t<div class='gallery-icon portrait'>\n\t\t\t\t<a href='https:\/\/www.arquimaster.com.ar\/web\/wp-content\/uploads\/2016\/10\/casa_muda_iv37.jpg' title=\"Casa Muda IV \/ Zapata-J\u00e1uregui Arquitectos Asociados (\u00a9 Federico Cairoli)\" data-rl_title=\"Casa Muda IV \/ Zapata-J\u00e1uregui Arquitectos Asociados (\u00a9 Federico Cairoli)\" class=\"rl-gallery-link\" data-rl_caption=\"Casa Muda IV \/ Zapata-J\u00e1uregui Arquitectos Asociados (\u00a9 Federico Cairoli)\" data-rel=\"lightbox-gallery-1\"><img loading=\"lazy\" decoding=\"async\" width=\"150\" height=\"150\" src=\"https:\/\/www.arquimaster.com.ar\/web\/wp-content\/uploads\/2016\/10\/casa_muda_iv37-150x150.jpg\" class=\"attachment-thumbnail size-thumbnail\" alt=\"\" aria-describedby=\"gallery-1-22964\" srcset=\"https:\/\/www.arquimaster.com.ar\/web\/wp-content\/uploads\/2016\/10\/casa_muda_iv37-150x150.jpg 150w, https:\/\/www.arquimaster.com.ar\/web\/wp-content\/uploads\/2016\/10\/casa_muda_iv37-50x50.jpg 50w, https:\/\/www.arquimaster.com.ar\/web\/wp-content\/uploads\/2016\/10\/casa_muda_iv37-125x125.jpg 125w\" sizes=\"auto, (max-width: 150px) 100vw, 150px\" \/><\/a>\n\t\t\t<\/div>\n\t\t\t\t<figcaption class='wp-caption-text gallery-caption' id='gallery-1-22964'>\n\t\t\t\tCasa Muda IV \/ Zapata-J\u00e1uregui Arquitectos Asociados (\u00a9 Federico Cairoli)\n\t\t\t\t<\/figcaption><\/figure><figure class='gallery-item'>\n\t\t\t<div class='gallery-icon landscape'>\n\t\t\t\t<a href='https:\/\/www.arquimaster.com.ar\/web\/wp-content\/uploads\/2016\/10\/casa_muda_iv38.jpg' title=\"Casa Muda IV \/ Zapata-J\u00e1uregui Arquitectos Asociados (\u00a9 Federico Cairoli)\" data-rl_title=\"Casa Muda IV \/ Zapata-J\u00e1uregui Arquitectos Asociados (\u00a9 Federico Cairoli)\" class=\"rl-gallery-link\" data-rl_caption=\"Casa Muda IV \/ Zapata-J\u00e1uregui Arquitectos Asociados (\u00a9 Federico Cairoli)\" data-rel=\"lightbox-gallery-1\"><img loading=\"lazy\" decoding=\"async\" width=\"150\" height=\"150\" src=\"https:\/\/www.arquimaster.com.ar\/web\/wp-content\/uploads\/2016\/10\/casa_muda_iv38-150x150.jpg\" class=\"attachment-thumbnail size-thumbnail\" alt=\"\" aria-describedby=\"gallery-1-22965\" srcset=\"https:\/\/www.arquimaster.com.ar\/web\/wp-content\/uploads\/2016\/10\/casa_muda_iv38-150x150.jpg 150w, https:\/\/www.arquimaster.com.ar\/web\/wp-content\/uploads\/2016\/10\/casa_muda_iv38-50x50.jpg 50w, https:\/\/www.arquimaster.com.ar\/web\/wp-content\/uploads\/2016\/10\/casa_muda_iv38-125x125.jpg 125w\" sizes=\"auto, (max-width: 150px) 100vw, 150px\" \/><\/a>\n\t\t\t<\/div>\n\t\t\t\t<figcaption class='wp-caption-text gallery-caption' id='gallery-1-22965'>\n\t\t\t\tCasa Muda IV \/ Zapata-J\u00e1uregui Arquitectos Asociados (\u00a9 Federico Cairoli)\n\t\t\t\t<\/figcaption><\/figure><figure class='gallery-item'>\n\t\t\t<div class='gallery-icon landscape'>\n\t\t\t\t<a href='https:\/\/www.arquimaster.com.ar\/web\/wp-content\/uploads\/2016\/10\/casa_muda_iv39.jpg' title=\"Casa Muda IV \/ Zapata-J\u00e1uregui Arquitectos Asociados (\u00a9 Federico Cairoli)\" data-rl_title=\"Casa Muda IV \/ Zapata-J\u00e1uregui Arquitectos Asociados (\u00a9 Federico Cairoli)\" class=\"rl-gallery-link\" data-rl_caption=\"Casa Muda IV \/ Zapata-J\u00e1uregui Arquitectos Asociados (\u00a9 Federico Cairoli)\" data-rel=\"lightbox-gallery-1\"><img loading=\"lazy\" decoding=\"async\" width=\"150\" height=\"150\" src=\"https:\/\/www.arquimaster.com.ar\/web\/wp-content\/uploads\/2016\/10\/casa_muda_iv39-150x150.jpg\" class=\"attachment-thumbnail size-thumbnail\" alt=\"\" aria-describedby=\"gallery-1-22966\" srcset=\"https:\/\/www.arquimaster.com.ar\/web\/wp-content\/uploads\/2016\/10\/casa_muda_iv39-150x150.jpg 150w, https:\/\/www.arquimaster.com.ar\/web\/wp-content\/uploads\/2016\/10\/casa_muda_iv39-50x50.jpg 50w, https:\/\/www.arquimaster.com.ar\/web\/wp-content\/uploads\/2016\/10\/casa_muda_iv39-125x125.jpg 125w\" sizes=\"auto, (max-width: 150px) 100vw, 150px\" \/><\/a>\n\t\t\t<\/div>\n\t\t\t\t<figcaption class='wp-caption-text gallery-caption' id='gallery-1-22966'>\n\t\t\t\tCasa Muda IV \/ Zapata-J\u00e1uregui Arquitectos Asociados (\u00a9 Federico Cairoli)\n\t\t\t\t<\/figcaption><\/figure><figure class='gallery-item'>\n\t\t\t<div class='gallery-icon portrait'>\n\t\t\t\t<a href='https:\/\/www.arquimaster.com.ar\/web\/wp-content\/uploads\/2016\/10\/casa_muda_iv40.jpg' title=\"Casa Muda IV \/ Zapata-J\u00e1uregui Arquitectos Asociados (\u00a9 Federico Cairoli)\" data-rl_title=\"Casa Muda IV \/ Zapata-J\u00e1uregui Arquitectos Asociados (\u00a9 Federico Cairoli)\" class=\"rl-gallery-link\" data-rl_caption=\"Casa Muda IV \/ Zapata-J\u00e1uregui Arquitectos Asociados (\u00a9 Federico Cairoli)\" data-rel=\"lightbox-gallery-1\"><img loading=\"lazy\" decoding=\"async\" width=\"150\" height=\"150\" src=\"https:\/\/www.arquimaster.com.ar\/web\/wp-content\/uploads\/2016\/10\/casa_muda_iv40-150x150.jpg\" class=\"attachment-thumbnail size-thumbnail\" alt=\"\" aria-describedby=\"gallery-1-22967\" srcset=\"https:\/\/www.arquimaster.com.ar\/web\/wp-content\/uploads\/2016\/10\/casa_muda_iv40-150x150.jpg 150w, https:\/\/www.arquimaster.com.ar\/web\/wp-content\/uploads\/2016\/10\/casa_muda_iv40-50x50.jpg 50w, https:\/\/www.arquimaster.com.ar\/web\/wp-content\/uploads\/2016\/10\/casa_muda_iv40-125x125.jpg 125w\" sizes=\"auto, (max-width: 150px) 100vw, 150px\" \/><\/a>\n\t\t\t<\/div>\n\t\t\t\t<figcaption class='wp-caption-text gallery-caption' id='gallery-1-22967'>\n\t\t\t\tCasa Muda IV \/ Zapata-J\u00e1uregui Arquitectos Asociados (\u00a9 Federico Cairoli)\n\t\t\t\t<\/figcaption><\/figure><figure class='gallery-item'>\n\t\t\t<div class='gallery-icon portrait'>\n\t\t\t\t<a href='https:\/\/www.arquimaster.com.ar\/web\/wp-content\/uploads\/2016\/10\/casa_muda_iv41.jpg' title=\"Casa Muda IV \/ Zapata-J\u00e1uregui Arquitectos Asociados (\u00a9 Federico Cairoli)\" data-rl_title=\"Casa Muda IV \/ Zapata-J\u00e1uregui Arquitectos Asociados (\u00a9 Federico Cairoli)\" class=\"rl-gallery-link\" data-rl_caption=\"Casa Muda IV \/ Zapata-J\u00e1uregui Arquitectos Asociados (\u00a9 Federico Cairoli)\" data-rel=\"lightbox-gallery-1\"><img loading=\"lazy\" decoding=\"async\" width=\"150\" height=\"150\" src=\"https:\/\/www.arquimaster.com.ar\/web\/wp-content\/uploads\/2016\/10\/casa_muda_iv41-150x150.jpg\" class=\"attachment-thumbnail size-thumbnail\" alt=\"\" aria-describedby=\"gallery-1-22968\" srcset=\"https:\/\/www.arquimaster.com.ar\/web\/wp-content\/uploads\/2016\/10\/casa_muda_iv41-150x150.jpg 150w, https:\/\/www.arquimaster.com.ar\/web\/wp-content\/uploads\/2016\/10\/casa_muda_iv41-50x50.jpg 50w, https:\/\/www.arquimaster.com.ar\/web\/wp-content\/uploads\/2016\/10\/casa_muda_iv41-125x125.jpg 125w\" sizes=\"auto, (max-width: 150px) 100vw, 150px\" \/><\/a>\n\t\t\t<\/div>\n\t\t\t\t<figcaption class='wp-caption-text gallery-caption' id='gallery-1-22968'>\n\t\t\t\tCasa Muda IV \/ Zapata-J\u00e1uregui Arquitectos Asociados (\u00a9 Federico Cairoli)\n\t\t\t\t<\/figcaption><\/figure><figure class='gallery-item'>\n\t\t\t<div class='gallery-icon portrait'>\n\t\t\t\t<a href='https:\/\/www.arquimaster.com.ar\/web\/wp-content\/uploads\/2016\/10\/casa_muda_iv42.jpg' title=\"Casa Muda IV \/ Zapata-J\u00e1uregui Arquitectos Asociados (\u00a9 Federico Cairoli)\" data-rl_title=\"Casa Muda IV \/ Zapata-J\u00e1uregui Arquitectos Asociados (\u00a9 Federico Cairoli)\" class=\"rl-gallery-link\" data-rl_caption=\"Casa Muda IV \/ Zapata-J\u00e1uregui Arquitectos Asociados (\u00a9 Federico Cairoli)\" data-rel=\"lightbox-gallery-1\"><img loading=\"lazy\" decoding=\"async\" width=\"150\" height=\"150\" src=\"https:\/\/www.arquimaster.com.ar\/web\/wp-content\/uploads\/2016\/10\/casa_muda_iv42-150x150.jpg\" class=\"attachment-thumbnail size-thumbnail\" alt=\"\" aria-describedby=\"gallery-1-22969\" srcset=\"https:\/\/www.arquimaster.com.ar\/web\/wp-content\/uploads\/2016\/10\/casa_muda_iv42-150x150.jpg 150w, https:\/\/www.arquimaster.com.ar\/web\/wp-content\/uploads\/2016\/10\/casa_muda_iv42-50x50.jpg 50w, https:\/\/www.arquimaster.com.ar\/web\/wp-content\/uploads\/2016\/10\/casa_muda_iv42-125x125.jpg 125w\" sizes=\"auto, (max-width: 150px) 100vw, 150px\" \/><\/a>\n\t\t\t<\/div>\n\t\t\t\t<figcaption class='wp-caption-text gallery-caption' id='gallery-1-22969'>\n\t\t\t\tCasa Muda IV \/ Zapata-J\u00e1uregui Arquitectos Asociados (\u00a9 Federico Cairoli)\n\t\t\t\t<\/figcaption><\/figure><figure class='gallery-item'>\n\t\t\t<div class='gallery-icon portrait'>\n\t\t\t\t<a href='https:\/\/www.arquimaster.com.ar\/web\/wp-content\/uploads\/2016\/10\/casa_muda_iv43.jpg' title=\"Casa Muda IV \/ Zapata-J\u00e1uregui Arquitectos Asociados (\u00a9 Federico Cairoli)\" data-rl_title=\"Casa Muda IV \/ Zapata-J\u00e1uregui Arquitectos Asociados (\u00a9 Federico Cairoli)\" class=\"rl-gallery-link\" data-rl_caption=\"Casa Muda IV \/ Zapata-J\u00e1uregui Arquitectos Asociados (\u00a9 Federico Cairoli)\" data-rel=\"lightbox-gallery-1\"><img loading=\"lazy\" decoding=\"async\" width=\"150\" height=\"150\" src=\"https:\/\/www.arquimaster.com.ar\/web\/wp-content\/uploads\/2016\/10\/casa_muda_iv43-150x150.jpg\" class=\"attachment-thumbnail size-thumbnail\" alt=\"\" aria-describedby=\"gallery-1-22970\" srcset=\"https:\/\/www.arquimaster.com.ar\/web\/wp-content\/uploads\/2016\/10\/casa_muda_iv43-150x150.jpg 150w, https:\/\/www.arquimaster.com.ar\/web\/wp-content\/uploads\/2016\/10\/casa_muda_iv43-50x50.jpg 50w, https:\/\/www.arquimaster.com.ar\/web\/wp-content\/uploads\/2016\/10\/casa_muda_iv43-125x125.jpg 125w\" sizes=\"auto, (max-width: 150px) 100vw, 150px\" \/><\/a>\n\t\t\t<\/div>\n\t\t\t\t<figcaption class='wp-caption-text gallery-caption' id='gallery-1-22970'>\n\t\t\t\tCasa Muda IV \/ Zapata-J\u00e1uregui Arquitectos Asociados (\u00a9 Federico Cairoli)\n\t\t\t\t<\/figcaption><\/figure><figure class='gallery-item'>\n\t\t\t<div class='gallery-icon landscape'>\n\t\t\t\t<a href='https:\/\/www.arquimaster.com.ar\/web\/wp-content\/uploads\/2016\/10\/casa_muda_iv44.jpg' title=\"Casa Muda IV \/ Zapata-J\u00e1uregui Arquitectos Asociados (\u00a9 Federico Cairoli)\" data-rl_title=\"Casa Muda IV \/ Zapata-J\u00e1uregui Arquitectos Asociados (\u00a9 Federico Cairoli)\" class=\"rl-gallery-link\" data-rl_caption=\"Casa Muda IV \/ Zapata-J\u00e1uregui Arquitectos Asociados (\u00a9 Federico Cairoli)\" data-rel=\"lightbox-gallery-1\"><img loading=\"lazy\" decoding=\"async\" width=\"150\" height=\"150\" src=\"https:\/\/www.arquimaster.com.ar\/web\/wp-content\/uploads\/2016\/10\/casa_muda_iv44-150x150.jpg\" class=\"attachment-thumbnail size-thumbnail\" alt=\"\" aria-describedby=\"gallery-1-22971\" srcset=\"https:\/\/www.arquimaster.com.ar\/web\/wp-content\/uploads\/2016\/10\/casa_muda_iv44-150x150.jpg 150w, https:\/\/www.arquimaster.com.ar\/web\/wp-content\/uploads\/2016\/10\/casa_muda_iv44-50x50.jpg 50w, https:\/\/www.arquimaster.com.ar\/web\/wp-content\/uploads\/2016\/10\/casa_muda_iv44-125x125.jpg 125w\" sizes=\"auto, (max-width: 150px) 100vw, 150px\" \/><\/a>\n\t\t\t<\/div>\n\t\t\t\t<figcaption class='wp-caption-text gallery-caption' id='gallery-1-22971'>\n\t\t\t\tCasa Muda IV \/ Zapata-J\u00e1uregui Arquitectos Asociados (\u00a9 Federico Cairoli)\n\t\t\t\t<\/figcaption><\/figure><figure class='gallery-item'>\n\t\t\t<div class='gallery-icon landscape'>\n\t\t\t\t<a href='https:\/\/www.arquimaster.com.ar\/web\/wp-content\/uploads\/2016\/10\/casa_muda_iv45.jpg' title=\"Casa Muda IV \/ Zapata-J\u00e1uregui Arquitectos Asociados (\u00a9 Federico Cairoli)\" data-rl_title=\"Casa Muda IV \/ Zapata-J\u00e1uregui Arquitectos Asociados (\u00a9 Federico Cairoli)\" class=\"rl-gallery-link\" data-rl_caption=\"Casa Muda IV \/ Zapata-J\u00e1uregui Arquitectos Asociados (\u00a9 Federico Cairoli)\" data-rel=\"lightbox-gallery-1\"><img loading=\"lazy\" decoding=\"async\" width=\"150\" height=\"150\" src=\"https:\/\/www.arquimaster.com.ar\/web\/wp-content\/uploads\/2016\/10\/casa_muda_iv45-150x150.jpg\" class=\"attachment-thumbnail size-thumbnail\" alt=\"\" aria-describedby=\"gallery-1-22972\" srcset=\"https:\/\/www.arquimaster.com.ar\/web\/wp-content\/uploads\/2016\/10\/casa_muda_iv45-150x150.jpg 150w, https:\/\/www.arquimaster.com.ar\/web\/wp-content\/uploads\/2016\/10\/casa_muda_iv45-50x50.jpg 50w, https:\/\/www.arquimaster.com.ar\/web\/wp-content\/uploads\/2016\/10\/casa_muda_iv45-125x125.jpg 125w\" sizes=\"auto, (max-width: 150px) 100vw, 150px\" \/><\/a>\n\t\t\t<\/div>\n\t\t\t\t<figcaption class='wp-caption-text gallery-caption' id='gallery-1-22972'>\n\t\t\t\tCasa Muda IV \/ Zapata-J\u00e1uregui Arquitectos Asociados (\u00a9 Federico Cairoli)\n\t\t\t\t<\/figcaption><\/figure><figure class='gallery-item'>\n\t\t\t<div class='gallery-icon landscape'>\n\t\t\t\t<a href='https:\/\/www.arquimaster.com.ar\/web\/wp-content\/uploads\/2016\/10\/casa_muda_iv46.jpg' title=\"Casa Muda IV \/ Zapata-J\u00e1uregui Arquitectos Asociados (\u00a9 Federico Cairoli)\" data-rl_title=\"Casa Muda IV \/ Zapata-J\u00e1uregui Arquitectos Asociados (\u00a9 Federico Cairoli)\" class=\"rl-gallery-link\" data-rl_caption=\"Casa Muda IV \/ Zapata-J\u00e1uregui Arquitectos Asociados (\u00a9 Federico Cairoli)\" data-rel=\"lightbox-gallery-1\"><img loading=\"lazy\" decoding=\"async\" width=\"150\" height=\"150\" src=\"https:\/\/www.arquimaster.com.ar\/web\/wp-content\/uploads\/2016\/10\/casa_muda_iv46-150x150.jpg\" class=\"attachment-thumbnail size-thumbnail\" alt=\"\" aria-describedby=\"gallery-1-22973\" srcset=\"https:\/\/www.arquimaster.com.ar\/web\/wp-content\/uploads\/2016\/10\/casa_muda_iv46-150x150.jpg 150w, https:\/\/www.arquimaster.com.ar\/web\/wp-content\/uploads\/2016\/10\/casa_muda_iv46-50x50.jpg 50w, https:\/\/www.arquimaster.com.ar\/web\/wp-content\/uploads\/2016\/10\/casa_muda_iv46-125x125.jpg 125w\" sizes=\"auto, (max-width: 150px) 100vw, 150px\" \/><\/a>\n\t\t\t<\/div>\n\t\t\t\t<figcaption class='wp-caption-text gallery-caption' id='gallery-1-22973'>\n\t\t\t\tCasa Muda IV \/ Zapata-J\u00e1uregui Arquitectos Asociados (\u00a9 Federico Cairoli)\n\t\t\t\t<\/figcaption><\/figure><figure class='gallery-item'>\n\t\t\t<div class='gallery-icon landscape'>\n\t\t\t\t<a href='https:\/\/www.arquimaster.com.ar\/web\/wp-content\/uploads\/2016\/10\/casa_muda_iv47.jpg' title=\"Casa Muda IV \/ Zapata-J\u00e1uregui Arquitectos Asociados (planta)\" data-rl_title=\"Casa Muda IV \/ Zapata-J\u00e1uregui Arquitectos Asociados (planta)\" class=\"rl-gallery-link\" data-rl_caption=\"Casa Muda IV \/ Zapata-J\u00e1uregui Arquitectos Asociados (planta)\" data-rel=\"lightbox-gallery-1\"><img loading=\"lazy\" decoding=\"async\" width=\"150\" height=\"150\" src=\"https:\/\/www.arquimaster.com.ar\/web\/wp-content\/uploads\/2016\/10\/casa_muda_iv47-150x150.jpg\" class=\"attachment-thumbnail size-thumbnail\" alt=\"\" aria-describedby=\"gallery-1-22974\" srcset=\"https:\/\/www.arquimaster.com.ar\/web\/wp-content\/uploads\/2016\/10\/casa_muda_iv47-150x150.jpg 150w, https:\/\/www.arquimaster.com.ar\/web\/wp-content\/uploads\/2016\/10\/casa_muda_iv47-50x50.jpg 50w, https:\/\/www.arquimaster.com.ar\/web\/wp-content\/uploads\/2016\/10\/casa_muda_iv47-125x125.jpg 125w\" sizes=\"auto, (max-width: 150px) 100vw, 150px\" \/><\/a>\n\t\t\t<\/div>\n\t\t\t\t<figcaption class='wp-caption-text gallery-caption' id='gallery-1-22974'>\n\t\t\t\tCasa Muda IV \/ Zapata-J\u00e1uregui Arquitectos Asociados (planta)\n\t\t\t\t<\/figcaption><\/figure><figure class='gallery-item'>\n\t\t\t<div class='gallery-icon landscape'>\n\t\t\t\t<a href='https:\/\/www.arquimaster.com.ar\/web\/wp-content\/uploads\/2016\/10\/casa_muda_iv48.jpg' title=\"Casa Muda IV \/ Zapata-J\u00e1uregui Arquitectos Asociados (corte)\" data-rl_title=\"Casa Muda IV \/ Zapata-J\u00e1uregui Arquitectos Asociados (corte)\" class=\"rl-gallery-link\" data-rl_caption=\"Casa Muda IV \/ Zapata-J\u00e1uregui Arquitectos Asociados (corte)\" data-rel=\"lightbox-gallery-1\"><img loading=\"lazy\" decoding=\"async\" width=\"150\" height=\"150\" src=\"https:\/\/www.arquimaster.com.ar\/web\/wp-content\/uploads\/2016\/10\/casa_muda_iv48-150x150.jpg\" class=\"attachment-thumbnail size-thumbnail\" alt=\"\" aria-describedby=\"gallery-1-22975\" srcset=\"https:\/\/www.arquimaster.com.ar\/web\/wp-content\/uploads\/2016\/10\/casa_muda_iv48-150x150.jpg 150w, https:\/\/www.arquimaster.com.ar\/web\/wp-content\/uploads\/2016\/10\/casa_muda_iv48-50x50.jpg 50w, https:\/\/www.arquimaster.com.ar\/web\/wp-content\/uploads\/2016\/10\/casa_muda_iv48-125x125.jpg 125w\" sizes=\"auto, (max-width: 150px) 100vw, 150px\" \/><\/a>\n\t\t\t<\/div>\n\t\t\t\t<figcaption class='wp-caption-text gallery-caption' id='gallery-1-22975'>\n\t\t\t\tCasa Muda IV \/ Zapata-J\u00e1uregui Arquitectos Asociados (corte)\n\t\t\t\t<\/figcaption><\/figure><figure class='gallery-item'>\n\t\t\t<div class='gallery-icon landscape'>\n\t\t\t\t<a href='https:\/\/www.arquimaster.com.ar\/web\/wp-content\/uploads\/2016\/10\/casa_muda_iv49.jpg' title=\"Casa Muda IV \/ Zapata-J\u00e1uregui Arquitectos Asociados (vistas)\" data-rl_title=\"Casa Muda IV \/ Zapata-J\u00e1uregui Arquitectos Asociados (vistas)\" class=\"rl-gallery-link\" data-rl_caption=\"Casa Muda IV \/ Zapata-J\u00e1uregui Arquitectos Asociados (vistas)\" data-rel=\"lightbox-gallery-1\"><img loading=\"lazy\" decoding=\"async\" width=\"150\" height=\"150\" src=\"https:\/\/www.arquimaster.com.ar\/web\/wp-content\/uploads\/2016\/10\/casa_muda_iv49-150x150.jpg\" class=\"attachment-thumbnail size-thumbnail\" alt=\"\" aria-describedby=\"gallery-1-22976\" srcset=\"https:\/\/www.arquimaster.com.ar\/web\/wp-content\/uploads\/2016\/10\/casa_muda_iv49-150x150.jpg 150w, https:\/\/www.arquimaster.com.ar\/web\/wp-content\/uploads\/2016\/10\/casa_muda_iv49-50x50.jpg 50w, https:\/\/www.arquimaster.com.ar\/web\/wp-content\/uploads\/2016\/10\/casa_muda_iv49-125x125.jpg 125w\" sizes=\"auto, (max-width: 150px) 100vw, 150px\" \/><\/a>\n\t\t\t<\/div>\n\t\t\t\t<figcaption class='wp-caption-text gallery-caption' id='gallery-1-22976'>\n\t\t\t\tCasa Muda IV \/ Zapata-J\u00e1uregui Arquitectos Asociados (vistas)\n\t\t\t\t<\/figcaption><\/figure><figure class='gallery-item'>\n\t\t\t<div class='gallery-icon landscape'>\n\t\t\t\t<a href='https:\/\/www.arquimaster.com.ar\/web\/wp-content\/uploads\/2016\/10\/casa_muda_iv50.jpg' title=\"Casa Muda IV \/ Zapata-J\u00e1uregui Arquitectos Asociados (axonometrica)\" data-rl_title=\"Casa Muda IV \/ Zapata-J\u00e1uregui Arquitectos Asociados (axonometrica)\" class=\"rl-gallery-link\" data-rl_caption=\"Casa Muda IV \/ Zapata-J\u00e1uregui Arquitectos Asociados (axonometrica)\" data-rel=\"lightbox-gallery-1\"><img loading=\"lazy\" decoding=\"async\" width=\"150\" height=\"150\" src=\"https:\/\/www.arquimaster.com.ar\/web\/wp-content\/uploads\/2016\/10\/casa_muda_iv50-150x150.jpg\" class=\"attachment-thumbnail size-thumbnail\" alt=\"\" aria-describedby=\"gallery-1-22977\" srcset=\"https:\/\/www.arquimaster.com.ar\/web\/wp-content\/uploads\/2016\/10\/casa_muda_iv50-150x150.jpg 150w, https:\/\/www.arquimaster.com.ar\/web\/wp-content\/uploads\/2016\/10\/casa_muda_iv50-50x50.jpg 50w, https:\/\/www.arquimaster.com.ar\/web\/wp-content\/uploads\/2016\/10\/casa_muda_iv50-125x125.jpg 125w\" sizes=\"auto, (max-width: 150px) 100vw, 150px\" \/><\/a>\n\t\t\t<\/div>\n\t\t\t\t<figcaption class='wp-caption-text gallery-caption' id='gallery-1-22977'>\n\t\t\t\tCasa Muda IV \/ Zapata-J\u00e1uregui Arquitectos Asociados (axonometrica)\n\t\t\t\t<\/figcaption><\/figure>\n\t\t<\/div>\n\n<p>La vivienda est\u00e1 ubicada en un barrio residencial de densidad media.<\/p>\n<p>La cercan\u00eda al mar con su particular clima, el poco tr\u00e1nsito y la baja ocupaci\u00f3n de las viviendas de la zona en ciertas \u00e9pocas del a\u00f1o, nos parecen circunstancias definitivas para decidir el emplazamiento como una sucesi\u00f3n de experiencias puertas adentro.<\/p>\n<p>Una sucesi\u00f3n de patios y filtros organiza la vivienda.<\/p>\n<p>El quincho-garage funciona como un primer filtro de acceso desde el exterior.<\/p>\n<p>El primer patio anuncia la llegada al espacio de habitar.<\/p>\n<p>A trav\u00e9s del corredor se ingresa a otro patio, esta vez cubierto (jard\u00edn de invierno), que funciona como espacio central.<\/p>\n<p>Este funciona como eje desde el cual se acceden a todos los ambientes de la casa. Al igual que en el nido de hornero, el espacio central evita \u00abcontaminarse\u00bb del contexto exterior, generando un \u00abespacio extra-apropiable\u00bb, que puede funcionar como espacio l\u00fadico, de trabajo o simplemente como expansi\u00f3n.<\/p>\n<p>Una zona de estar integrada aprovecha el ancho de la parcela y una gran superficie vidriada se relaciona (o no) con el patio del fondo.<\/p>\n<p>\u00abSentimos que en la actualidad una de las necesidades de las personas es m\u00e1s libertad, al menos en t\u00e9rminos espaciales. Desean evitar las constricciones y sentimos que si les entregas m\u00e1s posibilidades a los habitantes ellos lo agradecer\u00e1n, porque as\u00ed pueden desarrollar su propia libertad. En este sentido, la modernidad es interesante porque, seg\u00fan nuestra interpretaci\u00f3n, no existen territorios fijos, no hay funciones fijas en un espacio. As\u00ed, puedes imaginar c\u00f3mo moverte f\u00e1cilmente en el espacio, pero para hacer eso este tiene que ser mayor que lo m\u00ednimo\u00bb (Anne Lacaton).<\/p>\n<p>Espacio extra, extra apropiable.<\/p>\n<p><strong>Ficha t\u00e9cnica<\/strong><br \/>\nNombre: Casa Muda IV (Nido de Hornero)<br \/>\nUbicaci\u00f3n: Barrio Constituci\u00f3n, Mar del Plata, Argentina<br \/>\nAutores: Zapata-J\u00e1uregui arquitectos asociados<br \/>\nArquitecto Leonardo J\u00e1uregui, Arquitecto Leandro Zapata<br \/>\nConstruccion: Carlos Madrid<br \/>\nPresupuesto: Costo por m2: U$S 445<br \/>\nSuperficie construida: 197 m2 cubiertos, 7 m2 semicubiertos<br \/>\nFases del proyecto<br \/>\nAnteproyecto\/proyecto: 2011<br \/>\nConstrucci\u00f3n: 2012<br \/>\nFotografia: Federico Cairoli<\/p>\n<p><strong>Contacto:<\/strong> <a href=\"http:\/\/www.leandrozapata.com.ar\" target=\"_blank\">http:\/\/www.leandrozapata.com.ar<\/a> | <a href=\"http:\/\/www.leonardojauregui.com.ar\" target=\"_blank\">http:\/\/www.leonardojauregui.com.ar<\/a><\/p>\n\n<div style=\"font-size: 0px; height: 0px; line-height: 0px; margin: 0; padding: 0; clear: both;\"><\/div><div style=\"margin-top: 0px; margin-bottom: 0px;\" class=\"sharethis-inline-share-buttons\" ><\/div>","protected":false},"excerpt":{"rendered":"<p>A las Casas Mudas les queda mucho por decir, son b\u00fasquedas de nuevas experiencias de habitar&#8230;<\/p>\n","protected":false},"author":1,"featured_media":22927,"comment_status":"closed","ping_status":"closed","sticky":false,"template":"","format":"standard","meta":{"_uag_custom_page_level_css":"","footnotes":""},"categories":[1,83],"tags":[254,3964],"class_list":["post-22926","post","type-post","status-publish","format-standard","has-post-thumbnail","hentry","category-proyecto","category-vivienda-unifamiliar","tag-vivienda-unifamiliar-2","tag-zapata-jauregui-arquitectos-asociados","generate-columns","tablet-grid-50","mobile-grid-100","grid-parent","grid-50"],"yoast_head":"<!-- This site is optimized with the Yoast SEO plugin v27.3 - https:\/\/yoast.com\/product\/yoast-seo-wordpress\/ -->\n<title>Casa Muda IV \/ Zapata-J\u00e1uregui Arquitectos Asociados - Arquimaster<\/title>\n<meta name=\"robots\" content=\"index, follow, max-snippet:-1, max-image-preview:large, max-video-preview:-1\" \/>\n<link rel=\"canonical\" href=\"https:\/\/www.arquimaster.com.ar\/web\/casa-muda-iv-zapata-jauregui-arquitectos-asociados\/\" \/>\n<meta property=\"og:locale\" content=\"es_ES\" \/>\n<meta property=\"og:type\" content=\"article\" \/>\n<meta property=\"og:title\" content=\"Casa Muda IV \/ Zapata-J\u00e1uregui Arquitectos Asociados - Arquimaster\" \/>\n<meta property=\"og:description\" content=\"A las Casas Mudas les queda mucho por decir, son b\u00fasquedas de nuevas experiencias de habitar...\" \/>\n<meta property=\"og:url\" content=\"https:\/\/www.arquimaster.com.ar\/web\/casa-muda-iv-zapata-jauregui-arquitectos-asociados\/\" \/>\n<meta property=\"og:site_name\" content=\"Arquimaster\" \/>\n<meta property=\"article:publisher\" content=\"http:\/\/www.facebook.com\/ARQUIMASTER.com.ar\" \/>\n<meta property=\"article:published_time\" content=\"2016-10-11T05:08:29+00:00\" \/>\n<meta property=\"article:modified_time\" content=\"2016-10-15T05:38:22+00:00\" \/>\n<meta property=\"og:image\" content=\"https:\/\/www.arquimaster.com.ar\/web\/wp-content\/uploads\/2016\/10\/casa_muda_iv_slide.jpg\" \/>\n\t<meta property=\"og:image:width\" content=\"642\" \/>\n\t<meta property=\"og:image:height\" content=\"336\" \/>\n\t<meta property=\"og:image:type\" content=\"image\/jpeg\" \/>\n<meta name=\"author\" content=\"Arquimaster\" \/>\n<meta name=\"twitter:card\" content=\"summary_large_image\" \/>\n<meta name=\"twitter:creator\" content=\"@arquimaster\" \/>\n<meta name=\"twitter:site\" content=\"@arquimaster\" \/>\n<meta name=\"twitter:label1\" content=\"Escrito por\" \/>\n\t<meta name=\"twitter:data1\" content=\"Arquimaster\" \/>\n\t<meta name=\"twitter:label2\" content=\"Tiempo de lectura\" \/>\n\t<meta name=\"twitter:data2\" content=\"2 minutos\" \/>\n<script type=\"application\/ld+json\" class=\"yoast-schema-graph\">{\"@context\":\"https:\\\/\\\/schema.org\",\"@graph\":[{\"@type\":\"Article\",\"@id\":\"https:\\\/\\\/www.arquimaster.com.ar\\\/web\\\/casa-muda-iv-zapata-jauregui-arquitectos-asociados\\\/#article\",\"isPartOf\":{\"@id\":\"https:\\\/\\\/www.arquimaster.com.ar\\\/web\\\/casa-muda-iv-zapata-jauregui-arquitectos-asociados\\\/\"},\"author\":{\"name\":\"Arquimaster\",\"@id\":\"https:\\\/\\\/www.arquimaster.com.ar\\\/web\\\/#\\\/schema\\\/person\\\/359e9f7c00193fcde068e0dd2ceb0028\"},\"headline\":\"Casa Muda IV \\\/ Zapata-J\u00e1uregui Arquitectos Asociados\",\"datePublished\":\"2016-10-11T05:08:29+00:00\",\"dateModified\":\"2016-10-15T05:38:22+00:00\",\"mainEntityOfPage\":{\"@id\":\"https:\\\/\\\/www.arquimaster.com.ar\\\/web\\\/casa-muda-iv-zapata-jauregui-arquitectos-asociados\\\/\"},\"wordCount\":448,\"publisher\":{\"@id\":\"https:\\\/\\\/www.arquimaster.com.ar\\\/web\\\/#organization\"},\"image\":{\"@id\":\"https:\\\/\\\/www.arquimaster.com.ar\\\/web\\\/casa-muda-iv-zapata-jauregui-arquitectos-asociados\\\/#primaryimage\"},\"thumbnailUrl\":\"https:\\\/\\\/www.arquimaster.com.ar\\\/web\\\/wp-content\\\/uploads\\\/2016\\\/10\\\/casa_muda_iv_slide.jpg\",\"keywords\":[\"vivienda unifamiliar\",\"Zapata-J\u00e1uregui Arquitectos Asociados\"],\"articleSection\":[\"Proyecto\",\"Vivienda unifamiliar y PH\"],\"inLanguage\":\"es\"},{\"@type\":\"WebPage\",\"@id\":\"https:\\\/\\\/www.arquimaster.com.ar\\\/web\\\/casa-muda-iv-zapata-jauregui-arquitectos-asociados\\\/\",\"url\":\"https:\\\/\\\/www.arquimaster.com.ar\\\/web\\\/casa-muda-iv-zapata-jauregui-arquitectos-asociados\\\/\",\"name\":\"Casa Muda IV \\\/ Zapata-J\u00e1uregui Arquitectos Asociados - Arquimaster\",\"isPartOf\":{\"@id\":\"https:\\\/\\\/www.arquimaster.com.ar\\\/web\\\/#website\"},\"primaryImageOfPage\":{\"@id\":\"https:\\\/\\\/www.arquimaster.com.ar\\\/web\\\/casa-muda-iv-zapata-jauregui-arquitectos-asociados\\\/#primaryimage\"},\"image\":{\"@id\":\"https:\\\/\\\/www.arquimaster.com.ar\\\/web\\\/casa-muda-iv-zapata-jauregui-arquitectos-asociados\\\/#primaryimage\"},\"thumbnailUrl\":\"https:\\\/\\\/www.arquimaster.com.ar\\\/web\\\/wp-content\\\/uploads\\\/2016\\\/10\\\/casa_muda_iv_slide.jpg\",\"datePublished\":\"2016-10-11T05:08:29+00:00\",\"dateModified\":\"2016-10-15T05:38:22+00:00\",\"breadcrumb\":{\"@id\":\"https:\\\/\\\/www.arquimaster.com.ar\\\/web\\\/casa-muda-iv-zapata-jauregui-arquitectos-asociados\\\/#breadcrumb\"},\"inLanguage\":\"es\",\"potentialAction\":[{\"@type\":\"ReadAction\",\"target\":[\"https:\\\/\\\/www.arquimaster.com.ar\\\/web\\\/casa-muda-iv-zapata-jauregui-arquitectos-asociados\\\/\"]}]},{\"@type\":\"ImageObject\",\"inLanguage\":\"es\",\"@id\":\"https:\\\/\\\/www.arquimaster.com.ar\\\/web\\\/casa-muda-iv-zapata-jauregui-arquitectos-asociados\\\/#primaryimage\",\"url\":\"https:\\\/\\\/www.arquimaster.com.ar\\\/web\\\/wp-content\\\/uploads\\\/2016\\\/10\\\/casa_muda_iv_slide.jpg\",\"contentUrl\":\"https:\\\/\\\/www.arquimaster.com.ar\\\/web\\\/wp-content\\\/uploads\\\/2016\\\/10\\\/casa_muda_iv_slide.jpg\",\"width\":642,\"height\":336},{\"@type\":\"BreadcrumbList\",\"@id\":\"https:\\\/\\\/www.arquimaster.com.ar\\\/web\\\/casa-muda-iv-zapata-jauregui-arquitectos-asociados\\\/#breadcrumb\",\"itemListElement\":[{\"@type\":\"ListItem\",\"position\":1,\"name\":\"Portada\",\"item\":\"https:\\\/\\\/www.arquimaster.com.ar\\\/web\\\/\"},{\"@type\":\"ListItem\",\"position\":2,\"name\":\"Casa Muda IV \\\/ Zapata-J\u00e1uregui Arquitectos Asociados\"}]},{\"@type\":\"WebSite\",\"@id\":\"https:\\\/\\\/www.arquimaster.com.ar\\\/web\\\/#website\",\"url\":\"https:\\\/\\\/www.arquimaster.com.ar\\\/web\\\/\",\"name\":\"Arquimaster\",\"description\":\"Web de arquitectura, dise\u00f1o y construccion\",\"publisher\":{\"@id\":\"https:\\\/\\\/www.arquimaster.com.ar\\\/web\\\/#organization\"},\"potentialAction\":[{\"@type\":\"SearchAction\",\"target\":{\"@type\":\"EntryPoint\",\"urlTemplate\":\"https:\\\/\\\/www.arquimaster.com.ar\\\/web\\\/?s={search_term_string}\"},\"query-input\":{\"@type\":\"PropertyValueSpecification\",\"valueRequired\":true,\"valueName\":\"search_term_string\"}}],\"inLanguage\":\"es\"},{\"@type\":\"Organization\",\"@id\":\"https:\\\/\\\/www.arquimaster.com.ar\\\/web\\\/#organization\",\"name\":\"Arquimaster\",\"url\":\"https:\\\/\\\/www.arquimaster.com.ar\\\/web\\\/\",\"logo\":{\"@type\":\"ImageObject\",\"inLanguage\":\"es\",\"@id\":\"https:\\\/\\\/www.arquimaster.com.ar\\\/web\\\/#\\\/schema\\\/logo\\\/image\\\/\",\"url\":\"https:\\\/\\\/www.arquimaster.com.ar\\\/web\\\/wp-content\\\/uploads\\\/2022\\\/06\\\/arquimaster.png\",\"contentUrl\":\"https:\\\/\\\/www.arquimaster.com.ar\\\/web\\\/wp-content\\\/uploads\\\/2022\\\/06\\\/arquimaster.png\",\"width\":594,\"height\":78,\"caption\":\"Arquimaster\"},\"image\":{\"@id\":\"https:\\\/\\\/www.arquimaster.com.ar\\\/web\\\/#\\\/schema\\\/logo\\\/image\\\/\"},\"sameAs\":[\"http:\\\/\\\/www.facebook.com\\\/ARQUIMASTER.com.ar\",\"https:\\\/\\\/x.com\\\/arquimaster\",\"https:\\\/\\\/www.instagram.com\\\/arquimasterblog\\\/\",\"https:\\\/\\\/www.linkedin.com\\\/company\\\/arquimaster\",\"https:\\\/\\\/www.pinterest.com\\\/arquimaster\",\"https:\\\/\\\/t.me\\\/arquimaster\"]},{\"@type\":\"Person\",\"@id\":\"https:\\\/\\\/www.arquimaster.com.ar\\\/web\\\/#\\\/schema\\\/person\\\/359e9f7c00193fcde068e0dd2ceb0028\",\"name\":\"Arquimaster\"}]}<\/script>\n<!-- \/ Yoast SEO plugin. -->","yoast_head_json":{"title":"Casa Muda IV \/ Zapata-J\u00e1uregui Arquitectos Asociados - Arquimaster","robots":{"index":"index","follow":"follow","max-snippet":"max-snippet:-1","max-image-preview":"max-image-preview:large","max-video-preview":"max-video-preview:-1"},"canonical":"https:\/\/www.arquimaster.com.ar\/web\/casa-muda-iv-zapata-jauregui-arquitectos-asociados\/","og_locale":"es_ES","og_type":"article","og_title":"Casa Muda IV \/ Zapata-J\u00e1uregui Arquitectos Asociados - Arquimaster","og_description":"A las Casas Mudas les queda mucho por decir, son b\u00fasquedas de nuevas experiencias de habitar...","og_url":"https:\/\/www.arquimaster.com.ar\/web\/casa-muda-iv-zapata-jauregui-arquitectos-asociados\/","og_site_name":"Arquimaster","article_publisher":"http:\/\/www.facebook.com\/ARQUIMASTER.com.ar","article_published_time":"2016-10-11T05:08:29+00:00","article_modified_time":"2016-10-15T05:38:22+00:00","og_image":[{"width":642,"height":336,"url":"https:\/\/www.arquimaster.com.ar\/web\/wp-content\/uploads\/2016\/10\/casa_muda_iv_slide.jpg","type":"image\/jpeg"}],"author":"Arquimaster","twitter_card":"summary_large_image","twitter_creator":"@arquimaster","twitter_site":"@arquimaster","twitter_misc":{"Escrito por":"Arquimaster","Tiempo de lectura":"2 minutos"},"schema":{"@context":"https:\/\/schema.org","@graph":[{"@type":"Article","@id":"https:\/\/www.arquimaster.com.ar\/web\/casa-muda-iv-zapata-jauregui-arquitectos-asociados\/#article","isPartOf":{"@id":"https:\/\/www.arquimaster.com.ar\/web\/casa-muda-iv-zapata-jauregui-arquitectos-asociados\/"},"author":{"name":"Arquimaster","@id":"https:\/\/www.arquimaster.com.ar\/web\/#\/schema\/person\/359e9f7c00193fcde068e0dd2ceb0028"},"headline":"Casa Muda IV \/ Zapata-J\u00e1uregui Arquitectos Asociados","datePublished":"2016-10-11T05:08:29+00:00","dateModified":"2016-10-15T05:38:22+00:00","mainEntityOfPage":{"@id":"https:\/\/www.arquimaster.com.ar\/web\/casa-muda-iv-zapata-jauregui-arquitectos-asociados\/"},"wordCount":448,"publisher":{"@id":"https:\/\/www.arquimaster.com.ar\/web\/#organization"},"image":{"@id":"https:\/\/www.arquimaster.com.ar\/web\/casa-muda-iv-zapata-jauregui-arquitectos-asociados\/#primaryimage"},"thumbnailUrl":"https:\/\/www.arquimaster.com.ar\/web\/wp-content\/uploads\/2016\/10\/casa_muda_iv_slide.jpg","keywords":["vivienda unifamiliar","Zapata-J\u00e1uregui Arquitectos Asociados"],"articleSection":["Proyecto","Vivienda unifamiliar y PH"],"inLanguage":"es"},{"@type":"WebPage","@id":"https:\/\/www.arquimaster.com.ar\/web\/casa-muda-iv-zapata-jauregui-arquitectos-asociados\/","url":"https:\/\/www.arquimaster.com.ar\/web\/casa-muda-iv-zapata-jauregui-arquitectos-asociados\/","name":"Casa Muda IV \/ Zapata-J\u00e1uregui Arquitectos Asociados - Arquimaster","isPartOf":{"@id":"https:\/\/www.arquimaster.com.ar\/web\/#website"},"primaryImageOfPage":{"@id":"https:\/\/www.arquimaster.com.ar\/web\/casa-muda-iv-zapata-jauregui-arquitectos-asociados\/#primaryimage"},"image":{"@id":"https:\/\/www.arquimaster.com.ar\/web\/casa-muda-iv-zapata-jauregui-arquitectos-asociados\/#primaryimage"},"thumbnailUrl":"https:\/\/www.arquimaster.com.ar\/web\/wp-content\/uploads\/2016\/10\/casa_muda_iv_slide.jpg","datePublished":"2016-10-11T05:08:29+00:00","dateModified":"2016-10-15T05:38:22+00:00","breadcrumb":{"@id":"https:\/\/www.arquimaster.com.ar\/web\/casa-muda-iv-zapata-jauregui-arquitectos-asociados\/#breadcrumb"},"inLanguage":"es","potentialAction":[{"@type":"ReadAction","target":["https:\/\/www.arquimaster.com.ar\/web\/casa-muda-iv-zapata-jauregui-arquitectos-asociados\/"]}]},{"@type":"ImageObject","inLanguage":"es","@id":"https:\/\/www.arquimaster.com.ar\/web\/casa-muda-iv-zapata-jauregui-arquitectos-asociados\/#primaryimage","url":"https:\/\/www.arquimaster.com.ar\/web\/wp-content\/uploads\/2016\/10\/casa_muda_iv_slide.jpg","contentUrl":"https:\/\/www.arquimaster.com.ar\/web\/wp-content\/uploads\/2016\/10\/casa_muda_iv_slide.jpg","width":642,"height":336},{"@type":"BreadcrumbList","@id":"https:\/\/www.arquimaster.com.ar\/web\/casa-muda-iv-zapata-jauregui-arquitectos-asociados\/#breadcrumb","itemListElement":[{"@type":"ListItem","position":1,"name":"Portada","item":"https:\/\/www.arquimaster.com.ar\/web\/"},{"@type":"ListItem","position":2,"name":"Casa Muda IV \/ Zapata-J\u00e1uregui Arquitectos Asociados"}]},{"@type":"WebSite","@id":"https:\/\/www.arquimaster.com.ar\/web\/#website","url":"https:\/\/www.arquimaster.com.ar\/web\/","name":"Arquimaster","description":"Web de arquitectura, dise\u00f1o y construccion","publisher":{"@id":"https:\/\/www.arquimaster.com.ar\/web\/#organization"},"potentialAction":[{"@type":"SearchAction","target":{"@type":"EntryPoint","urlTemplate":"https:\/\/www.arquimaster.com.ar\/web\/?s={search_term_string}"},"query-input":{"@type":"PropertyValueSpecification","valueRequired":true,"valueName":"search_term_string"}}],"inLanguage":"es"},{"@type":"Organization","@id":"https:\/\/www.arquimaster.com.ar\/web\/#organization","name":"Arquimaster","url":"https:\/\/www.arquimaster.com.ar\/web\/","logo":{"@type":"ImageObject","inLanguage":"es","@id":"https:\/\/www.arquimaster.com.ar\/web\/#\/schema\/logo\/image\/","url":"https:\/\/www.arquimaster.com.ar\/web\/wp-content\/uploads\/2022\/06\/arquimaster.png","contentUrl":"https:\/\/www.arquimaster.com.ar\/web\/wp-content\/uploads\/2022\/06\/arquimaster.png","width":594,"height":78,"caption":"Arquimaster"},"image":{"@id":"https:\/\/www.arquimaster.com.ar\/web\/#\/schema\/logo\/image\/"},"sameAs":["http:\/\/www.facebook.com\/ARQUIMASTER.com.ar","https:\/\/x.com\/arquimaster","https:\/\/www.instagram.com\/arquimasterblog\/","https:\/\/www.linkedin.com\/company\/arquimaster","https:\/\/www.pinterest.com\/arquimaster","https:\/\/t.me\/arquimaster"]},{"@type":"Person","@id":"https:\/\/www.arquimaster.com.ar\/web\/#\/schema\/person\/359e9f7c00193fcde068e0dd2ceb0028","name":"Arquimaster"}]}},"uagb_featured_image_src":{"full":["https:\/\/www.arquimaster.com.ar\/web\/wp-content\/uploads\/2016\/10\/casa_muda_iv_slide.jpg",642,336,false],"thumbnail":["https:\/\/www.arquimaster.com.ar\/web\/wp-content\/uploads\/2016\/10\/casa_muda_iv_slide-150x150.jpg",150,150,true],"medium":["https:\/\/www.arquimaster.com.ar\/web\/wp-content\/uploads\/2016\/10\/casa_muda_iv_slide.jpg",642,336,false],"medium_large":["https:\/\/www.arquimaster.com.ar\/web\/wp-content\/uploads\/2016\/10\/casa_muda_iv_slide.jpg",642,336,false],"large":["https:\/\/www.arquimaster.com.ar\/web\/wp-content\/uploads\/2016\/10\/casa_muda_iv_slide.jpg",642,336,false],"1536x1536":["https:\/\/www.arquimaster.com.ar\/web\/wp-content\/uploads\/2016\/10\/casa_muda_iv_slide.jpg",642,336,false],"2048x2048":["https:\/\/www.arquimaster.com.ar\/web\/wp-content\/uploads\/2016\/10\/casa_muda_iv_slide.jpg",642,336,false]},"uagb_author_info":{"display_name":"Arquimaster","author_link":"https:\/\/www.arquimaster.com.ar\/web\/author\/arquimaster\/"},"uagb_comment_info":0,"uagb_excerpt":"A las Casas Mudas les queda mucho por decir, son b\u00fasquedas de nuevas experiencias de habitar...","_links":{"self":[{"href":"https:\/\/www.arquimaster.com.ar\/web\/wp-json\/wp\/v2\/posts\/22926","targetHints":{"allow":["GET"]}}],"collection":[{"href":"https:\/\/www.arquimaster.com.ar\/web\/wp-json\/wp\/v2\/posts"}],"about":[{"href":"https:\/\/www.arquimaster.com.ar\/web\/wp-json\/wp\/v2\/types\/post"}],"author":[{"embeddable":true,"href":"https:\/\/www.arquimaster.com.ar\/web\/wp-json\/wp\/v2\/users\/1"}],"replies":[{"embeddable":true,"href":"https:\/\/www.arquimaster.com.ar\/web\/wp-json\/wp\/v2\/comments?post=22926"}],"version-history":[{"count":0,"href":"https:\/\/www.arquimaster.com.ar\/web\/wp-json\/wp\/v2\/posts\/22926\/revisions"}],"wp:featuredmedia":[{"embeddable":true,"href":"https:\/\/www.arquimaster.com.ar\/web\/wp-json\/wp\/v2\/media\/22927"}],"wp:attachment":[{"href":"https:\/\/www.arquimaster.com.ar\/web\/wp-json\/wp\/v2\/media?parent=22926"}],"wp:term":[{"taxonomy":"category","embeddable":true,"href":"https:\/\/www.arquimaster.com.ar\/web\/wp-json\/wp\/v2\/categories?post=22926"},{"taxonomy":"post_tag","embeddable":true,"href":"https:\/\/www.arquimaster.com.ar\/web\/wp-json\/wp\/v2\/tags?post=22926"}],"curies":[{"name":"wp","href":"https:\/\/api.w.org\/{rel}","templated":true}]}}