{"id":23219,"date":"2016-10-19T02:09:10","date_gmt":"2016-10-19T05:09:10","guid":{"rendered":"http:\/\/www.arquimaster.com.ar\/web\/?p=23219"},"modified":"2025-10-25T19:57:24","modified_gmt":"2025-10-25T22:57:24","slug":"casa-foa-2016-edicion-diseno-argentino-abre-sus-puertas","status":"publish","type":"post","link":"https:\/\/www.arquimaster.com.ar\/web\/casa-foa-2016-edicion-diseno-argentino-abre-sus-puertas\/","title":{"rendered":"Casa FOA 2016, edici\u00f3n Dise\u00f1o Argentino, abre sus puertas"},"content":{"rendered":"<div style=\"margin-top: 0px; margin-bottom: 0px;\" class=\"sharethis-inline-share-buttons\" ><\/div><div class=\"b812932af2e751442846f039925109de\" data-index=\"1\" style=\"float: none; margin:25px 0 25px 0; text-align:center;\">\n<script async src=\"https:\/\/pagead2.googlesyndication.com\/pagead\/js\/adsbygoogle.js\"><\/script>\r\n<!-- Arquimaster (superior) -->\r\n<ins class=\"adsbygoogle\"\r\n     style=\"display:block\"\r\n     data-ad-client=\"ca-pub-6351072698456832\"\r\n     data-ad-slot=\"6455489680\"\r\n     data-ad-format=\"auto\"\r\n     data-full-width-responsive=\"true\"><\/ins>\r\n<script>\r\n     (adsbygoogle = window.adsbygoogle || []).push({});\r\n<\/script>\n<\/div>\n<p><em><strong>La edici\u00f3n n\u00famero 33 tendr\u00e1 lugar en el Palacio Cabrera ubicado en Palermo del 28 de octubre al 4 de diciembre de 2016.<\/strong><\/em><\/p>\n<div id='gallery-1' class='gallery galleryid-23219 gallery-columns-3 gallery-size-thumbnail'><figure class='gallery-item'>\n\t\t\t<div class='gallery-icon portrait'>\n\t\t\t\t<a href='https:\/\/www.arquimaster.com.ar\/web\/wp-content\/uploads\/2016\/10\/muestra_casa_foa_2016_1.jpg' title=\"Casa FOA 2016, edici\u00f3n Dise\u00f1o Argentino, abre sus puertas\" data-rl_title=\"Casa FOA 2016, edici\u00f3n Dise\u00f1o Argentino, abre sus puertas\" class=\"rl-gallery-link\" data-rl_caption=\"Casa FOA 2016, edici\u00f3n Dise\u00f1o Argentino, abre sus puertas\" data-rel=\"lightbox-gallery-1\"><img loading=\"lazy\" decoding=\"async\" width=\"150\" height=\"150\" src=\"https:\/\/www.arquimaster.com.ar\/web\/wp-content\/uploads\/2016\/10\/muestra_casa_foa_2016_1-150x150.jpg\" class=\"attachment-thumbnail size-thumbnail\" alt=\"\" aria-describedby=\"gallery-1-23220\" srcset=\"https:\/\/www.arquimaster.com.ar\/web\/wp-content\/uploads\/2016\/10\/muestra_casa_foa_2016_1-150x150.jpg 150w, https:\/\/www.arquimaster.com.ar\/web\/wp-content\/uploads\/2016\/10\/muestra_casa_foa_2016_1-50x50.jpg 50w, https:\/\/www.arquimaster.com.ar\/web\/wp-content\/uploads\/2016\/10\/muestra_casa_foa_2016_1-125x125.jpg 125w\" sizes=\"auto, (max-width: 150px) 100vw, 150px\" \/><\/a>\n\t\t\t<\/div>\n\t\t\t\t<figcaption class='wp-caption-text gallery-caption' id='gallery-1-23220'>\n\t\t\t\tCasa FOA 2016, edici\u00f3n Dise\u00f1o Argentino, abre sus puertas\n\t\t\t\t<\/figcaption><\/figure><figure class='gallery-item'>\n\t\t\t<div class='gallery-icon landscape'>\n\t\t\t\t<a href='https:\/\/www.arquimaster.com.ar\/web\/wp-content\/uploads\/2016\/10\/muestra_casa_foa_2016_2.jpg' title=\"Casa FOA 2016, edici\u00f3n Dise\u00f1o Argentino, abre sus puertas\" data-rl_title=\"Casa FOA 2016, edici\u00f3n Dise\u00f1o Argentino, abre sus puertas\" class=\"rl-gallery-link\" data-rl_caption=\"Casa FOA 2016, edici\u00f3n Dise\u00f1o Argentino, abre sus puertas\" data-rel=\"lightbox-gallery-1\"><img loading=\"lazy\" decoding=\"async\" width=\"150\" height=\"150\" src=\"https:\/\/www.arquimaster.com.ar\/web\/wp-content\/uploads\/2016\/10\/muestra_casa_foa_2016_2-150x150.jpg\" class=\"attachment-thumbnail size-thumbnail\" alt=\"\" aria-describedby=\"gallery-1-23221\" srcset=\"https:\/\/www.arquimaster.com.ar\/web\/wp-content\/uploads\/2016\/10\/muestra_casa_foa_2016_2-150x150.jpg 150w, https:\/\/www.arquimaster.com.ar\/web\/wp-content\/uploads\/2016\/10\/muestra_casa_foa_2016_2-50x50.jpg 50w, https:\/\/www.arquimaster.com.ar\/web\/wp-content\/uploads\/2016\/10\/muestra_casa_foa_2016_2-125x125.jpg 125w\" sizes=\"auto, (max-width: 150px) 100vw, 150px\" \/><\/a>\n\t\t\t<\/div>\n\t\t\t\t<figcaption class='wp-caption-text gallery-caption' id='gallery-1-23221'>\n\t\t\t\tCasa FOA 2016, edici\u00f3n Dise\u00f1o Argentino, abre sus puertas\n\t\t\t\t<\/figcaption><\/figure>\n\t\t<\/div>\n\n<p>La nueva edici\u00f3n de <a href=\"http:\/\/www.arquimaster.com.ar\/web\/casa-foa-2016-presento-su-nueva-sede\/\"><strong>Casa FOA<\/strong><\/a>, la tradicional exposici\u00f3n nacional de arquitectura, industria, dise\u00f1o interior y paisajismo tendr\u00e1 lugar en el <a href=\"http:\/\/www.arquimaster.com.ar\/web\/palacio-cabrera-un-espacio-en-el-que-conviven-historia-y-modernidad\/\"><strong>Palacio Cabrera<\/strong><\/a> &#8211; BrodyFriedman, una antigua casona ubicada en Jos\u00e9 A. Cabrera 5653, en el barrio de Palermo, y podr\u00e1 ser visitada <strong>desde el 28 de octubre hasta el 4 de diciembre<\/strong> de 2016 de domingo a jueves de 13 a 21 horas y Casa FOA Noche los viernes y s\u00e1bados hasta las 23 horas.<\/p>\n<p>El concepto de la casa de este a\u00f1o, est\u00e1 anclado en el <strong>Dise\u00f1o Argentino<\/strong> e inspirado por el esp\u00edritu del Bicentenario de Nuestra Independencia. La sede elegida es un edificio de 2.200 m2, que data de 1935 y conserva los rasgos de un estilo neocolonial: vigas crudas y planta sim\u00e9trica.<\/p>\n<p>La antigua casona de Palermo, incluir\u00e1 51 espacios distribuidos en dos plantas, donde se podr\u00e1n ver las \u00faltimas tendencias en arquitectura y dise\u00f1o. La elecci\u00f3n del barrio no es casual, busca reflejar la impronta de la zona que encuentra vanguardia en cada esquina; y tambi\u00e9n albergar una propuesta joven, con un espacio en la planta baja que incluye tecnolog\u00eda, realidad virtual y diferentes ambientes especialmente pensados para ese p\u00fablico.<\/p>\n<p>En esta l\u00ednea, la exposici\u00f3n se suma a la oferta de la noche porte\u00f1a con una propuesta gourmet en las dos cafeter\u00edas abierta todos los d\u00edas. Por su parte habr\u00e1 shows con m\u00fasica en vivo los viernes y s\u00e1bados hasta las 23 horas.<\/p>\n<p>Alberto Robredo, Gerente General, coment\u00f3: <em>\u00abGracias al apoyo de la industria, de los destacados expositores y la prensa que nos acompa\u00f1a a\u00f1o a a\u00f1o; Casa FOA es el marco ideal para fomentar el dise\u00f1o argentino y homenajear al talento nacional. La casa elegida este a\u00f1o, mantendr\u00e1 una sinergia entre una arquitectura de principios de siglo y un esp\u00edritu contempor\u00e1neo; con anclaje en la innovaci\u00f3n, un buen uso del espacio y la aplicaci\u00f3n responsable de los materiales\u00bb<\/em>.<\/p>\n<p>Por su parte, el Lic. Marcos Malbran dijo: <em>\u00abCasa FOA fue creada por iniciativa de Mercedes Malbran de Campos en el a\u00f1o 1985, con el objetivo de recaudar fondos para la Fundaci\u00f3n Oftalmol\u00f3gica Argentina Jorge Malbran y brindar asistencia oftalmol\u00f3gica a personas de bajos recursos, ese objetivo hoy sigue con fuerza con la atenci\u00f3n en los consultorios de la FOA ubicados en la calle Viamonte, para el diagn\u00f3stico de patolog\u00edas prevalentes oftalmol\u00f3gicas e indicaci\u00f3n (en caso correspondiente) de anteojos con entrega de los mismos en forma gratuita\u00bb<\/em>.<\/p>\n<p><em>\u00abCasa FOA, durante m\u00e1s de 50 a\u00f1os la Fundaci\u00f3n ha llevado una intensa actividad dentro del campo de la investigaci\u00f3n oftalmol\u00f3gica, la docencia y la ayuda a la comunidad, con su programa \u00abPara Verte Mejor Argentina\u00bb, que consiste en ir a distintos puntos de Argentina, realizando la atenci\u00f3n oftalmol\u00f3gica. Como parte de esta campa\u00f1a este a\u00f1o se visit\u00f3 la localidad de San Miguel en Corrientes, los d\u00edas 20, 21 y 22 de octubre\u00bb<\/em>, agreg\u00f3 Malbran<\/p>\n<p>Acompa\u00f1an esta nueva edici\u00f3n de CASA FOA como sponsors: Alba, Roca, Longvie, Supervielle, Knauf, Masisa, Calello, Caesarstone, Indusparquet, Dekton, Rielamericano, Rosen, Atrim, Tecnocom Perfiles, AMX, Cer\u00e1mica Pi\u00fa, ViiO, R\u00edo Uruguay Seguros, Trapiche Reserva, Vidpia y Peabody.<\/p>\n<p><strong>Acerca de Casa FOA<\/strong><br \/>\nCasa FOA, es la exposici\u00f3n nacional de arquitectura, industria, dise\u00f1o interior y paisajismo, creada por iniciativa de Mercedes Malbran de Campos en el a\u00f1o 1985, con el objetivo de recaudar fondos para la Fundaci\u00f3n Oftalmol\u00f3gica Argentina Jorge Malbran. Casa FOA, es un referente indiscutido de la agenda cultural de la Argentina y una cita ineludible para conocer las \u00faltimas tendencias de arquitectura y dise\u00f1o que congrega variadas propuestas vanguardistas.<\/p>\n<p><strong>Acerca de la Fundaci\u00f3n Oftalmol\u00f3gica Argentina Jorge Malbran<\/strong><br \/>\nLa Fundaci\u00f3n Oftalmol\u00f3gica Argentina Jorge Malbran, naci\u00f3 el 30 de noviembre de 1964. Creada por la inquietud e iniciativa del Doctor Enrique Segundo Malbran, con un prop\u00f3sito: La investigaci\u00f3n y docencia dentro de la oftalmolog\u00eda. La Fundaci\u00f3n, Instituto de docencia e investigaci\u00f3n es una instituci\u00f3n privada sin fines de lucro que, es la culminaci\u00f3n institucional de la particular actitud docente de Jorge Malbran inspirada en la m\u00e1xima de S\u00e9neca \u201clos hombres aprenden mientras ense\u00f1an\u201d. Durante m\u00e1s de 50 a\u00f1os la Fundaci\u00f3n ha llevado una intensa actividad dentro del campo de la investigaci\u00f3n oftalmol\u00f3gica, la docencia y la ayuda a la comunidad, con su programa \u201dPara Verte Mejor Argentina\u201c, que consiste en ir a distintos puntos de Argentina, realizando la atenci\u00f3n oftalmol\u00f3gica.<\/p>\n<p><strong>Acerca de BrodyFriedman &#8211; Desarrollos Inmobiliarios<\/strong><br \/>\nBrodyFriedman es una desarrolladora inmobiliaria con foco en los segmentos residenciales y de oficinas de la Ciudad Aut\u00f3noma de Buenos Aires. Fue fundada en 2003 por Andr\u00e9s Brody, Pablo Brody, Sebasti\u00e1n Friedman y luego se sum\u00f3 Diego Silbert. BrodyFriedman participa y controla todos los aspectos del proceso de gesti\u00f3n de la inversi\u00f3n, desde la adquisici\u00f3n de tierras, la gesti\u00f3n de la construcci\u00f3n, el manejo de la inversi\u00f3n y la comercializaci\u00f3n de los desarrollos inmobiliarios. La arquitectura y la construcci\u00f3n son tercerizadas en compa\u00f1\u00edas especializadas de primer nivel cuyo trabajo es supervisado exhaustivamente por personal de la empresa. Es una organizaci\u00f3n flexible, compuesta por 30 empleados, pensada para atender de punta a punta el desarrollo del negocio, ya que est\u00e1 conformada por un equipo interdisciplinario de arquitectos, ingenieros, abogados, contadores, y administradores involucrados en las \u00e1reas de desarrollo inmobiliario, marketing, administraci\u00f3n y finanzas, que trabajan junto a los asesores externos para lograr la mejor relaci\u00f3n de costo-beneficio para quienes decidan invertir en bienes ra\u00edces. Con m\u00e1s de 100.000 m2 construidos y 15 edificios terminados, BrodyFriedman se ha convertido en uno de los principales desarrolladores de la ciudad de Buenos Aires, lo cual se manifiesta en la alta calidad de su portafolio de proyectos inmobiliarios. Adem\u00e1s de que cuenta con una cartera de m\u00e1s de 600 clientes. BrodyFriedman asume por primera vez el desaf\u00edo de reciclar un edificio y ampliar la construcci\u00f3n actual valorizando la estructura, respetando y enalteciendo la fachada hist\u00f3rica existente.<\/p>\n\n<div style=\"font-size: 0px; height: 0px; line-height: 0px; margin: 0; padding: 0; clear: both;\"><\/div><div style=\"margin-top: 0px; margin-bottom: 0px;\" class=\"sharethis-inline-share-buttons\" ><\/div>","protected":false},"excerpt":{"rendered":"<p>La edici\u00f3n n\u00famero 33 tendr\u00e1 lugar en el Palacio Cabrera ubicado en Palermo&#8230;<\/p>\n","protected":false},"author":1,"featured_media":23222,"comment_status":"closed","ping_status":"closed","sticky":false,"template":"","format":"standard","meta":{"_uag_custom_page_level_css":"","footnotes":""},"categories":[3971,55],"tags":[2066,3946,2729,1313,1108,3972,297],"class_list":["post-23219","post","type-post","status-publish","format-standard","has-post-thumbnail","hentry","category-casa-foa-2016","category-diseno","tag-casa-foa","tag-casa-foa-2016","tag-casa-foa-noche","tag-exposiciones","tag-muestras","tag-palacio-cabrera","tag-palermo","generate-columns","tablet-grid-50","mobile-grid-100","grid-parent","grid-50"],"yoast_head":"<!-- This site is optimized with the Yoast SEO plugin v27.3 - https:\/\/yoast.com\/product\/yoast-seo-wordpress\/ -->\n<title>Casa FOA 2016, edici\u00f3n Dise\u00f1o Argentino, abre sus puertas - Arquimaster<\/title>\n<meta name=\"robots\" content=\"index, follow, max-snippet:-1, max-image-preview:large, max-video-preview:-1\" \/>\n<link rel=\"canonical\" href=\"https:\/\/www.arquimaster.com.ar\/web\/casa-foa-2016-edicion-diseno-argentino-abre-sus-puertas\/\" \/>\n<meta property=\"og:locale\" content=\"es_ES\" \/>\n<meta property=\"og:type\" content=\"article\" \/>\n<meta property=\"og:title\" content=\"Casa FOA 2016, edici\u00f3n Dise\u00f1o Argentino, abre sus puertas - Arquimaster\" \/>\n<meta property=\"og:description\" content=\"La edici\u00f3n n\u00famero 33 tendr\u00e1 lugar en el Palacio Cabrera ubicado en Palermo...\" \/>\n<meta property=\"og:url\" content=\"https:\/\/www.arquimaster.com.ar\/web\/casa-foa-2016-edicion-diseno-argentino-abre-sus-puertas\/\" \/>\n<meta property=\"og:site_name\" content=\"Arquimaster\" \/>\n<meta property=\"article:publisher\" content=\"http:\/\/www.facebook.com\/ARQUIMASTER.com.ar\" \/>\n<meta property=\"article:published_time\" content=\"2016-10-19T05:09:10+00:00\" \/>\n<meta property=\"article:modified_time\" content=\"2025-10-25T22:57:24+00:00\" \/>\n<meta property=\"og:image\" content=\"https:\/\/www.arquimaster.com.ar\/web\/wp-content\/uploads\/2016\/10\/muestra_casa_foa_2016_slide.jpg\" \/>\n\t<meta property=\"og:image:width\" content=\"642\" \/>\n\t<meta property=\"og:image:height\" content=\"336\" \/>\n\t<meta property=\"og:image:type\" content=\"image\/jpeg\" \/>\n<meta name=\"author\" content=\"Arquimaster\" \/>\n<meta name=\"twitter:card\" content=\"summary_large_image\" \/>\n<meta name=\"twitter:creator\" content=\"@arquimaster\" \/>\n<meta name=\"twitter:site\" content=\"@arquimaster\" \/>\n<meta name=\"twitter:label1\" content=\"Escrito por\" \/>\n\t<meta name=\"twitter:data1\" content=\"Arquimaster\" \/>\n\t<meta name=\"twitter:label2\" content=\"Tiempo de lectura\" \/>\n\t<meta name=\"twitter:data2\" content=\"5 minutos\" \/>\n<script type=\"application\/ld+json\" class=\"yoast-schema-graph\">{\"@context\":\"https:\\\/\\\/schema.org\",\"@graph\":[{\"@type\":\"Article\",\"@id\":\"https:\\\/\\\/www.arquimaster.com.ar\\\/web\\\/casa-foa-2016-edicion-diseno-argentino-abre-sus-puertas\\\/#article\",\"isPartOf\":{\"@id\":\"https:\\\/\\\/www.arquimaster.com.ar\\\/web\\\/casa-foa-2016-edicion-diseno-argentino-abre-sus-puertas\\\/\"},\"author\":{\"name\":\"Arquimaster\",\"@id\":\"https:\\\/\\\/www.arquimaster.com.ar\\\/web\\\/#\\\/schema\\\/person\\\/359e9f7c00193fcde068e0dd2ceb0028\"},\"headline\":\"Casa FOA 2016, edici\u00f3n Dise\u00f1o Argentino, abre sus puertas\",\"datePublished\":\"2016-10-19T05:09:10+00:00\",\"dateModified\":\"2025-10-25T22:57:24+00:00\",\"mainEntityOfPage\":{\"@id\":\"https:\\\/\\\/www.arquimaster.com.ar\\\/web\\\/casa-foa-2016-edicion-diseno-argentino-abre-sus-puertas\\\/\"},\"wordCount\":1073,\"publisher\":{\"@id\":\"https:\\\/\\\/www.arquimaster.com.ar\\\/web\\\/#organization\"},\"image\":{\"@id\":\"https:\\\/\\\/www.arquimaster.com.ar\\\/web\\\/casa-foa-2016-edicion-diseno-argentino-abre-sus-puertas\\\/#primaryimage\"},\"thumbnailUrl\":\"https:\\\/\\\/www.arquimaster.com.ar\\\/web\\\/wp-content\\\/uploads\\\/2016\\\/10\\\/muestra_casa_foa_2016_slide.jpg\",\"keywords\":[\"Casa FOA\",\"Casa FOA 2016\",\"Casa FOA Noche\",\"exposiciones\",\"muestras\",\"Palacio Cabrera\",\"Palermo\"],\"articleSection\":[\"Casa FOA 2016\",\"Dise\u00f1o\"],\"inLanguage\":\"es\"},{\"@type\":\"WebPage\",\"@id\":\"https:\\\/\\\/www.arquimaster.com.ar\\\/web\\\/casa-foa-2016-edicion-diseno-argentino-abre-sus-puertas\\\/\",\"url\":\"https:\\\/\\\/www.arquimaster.com.ar\\\/web\\\/casa-foa-2016-edicion-diseno-argentino-abre-sus-puertas\\\/\",\"name\":\"Casa FOA 2016, edici\u00f3n Dise\u00f1o Argentino, abre sus puertas - Arquimaster\",\"isPartOf\":{\"@id\":\"https:\\\/\\\/www.arquimaster.com.ar\\\/web\\\/#website\"},\"primaryImageOfPage\":{\"@id\":\"https:\\\/\\\/www.arquimaster.com.ar\\\/web\\\/casa-foa-2016-edicion-diseno-argentino-abre-sus-puertas\\\/#primaryimage\"},\"image\":{\"@id\":\"https:\\\/\\\/www.arquimaster.com.ar\\\/web\\\/casa-foa-2016-edicion-diseno-argentino-abre-sus-puertas\\\/#primaryimage\"},\"thumbnailUrl\":\"https:\\\/\\\/www.arquimaster.com.ar\\\/web\\\/wp-content\\\/uploads\\\/2016\\\/10\\\/muestra_casa_foa_2016_slide.jpg\",\"datePublished\":\"2016-10-19T05:09:10+00:00\",\"dateModified\":\"2025-10-25T22:57:24+00:00\",\"breadcrumb\":{\"@id\":\"https:\\\/\\\/www.arquimaster.com.ar\\\/web\\\/casa-foa-2016-edicion-diseno-argentino-abre-sus-puertas\\\/#breadcrumb\"},\"inLanguage\":\"es\",\"potentialAction\":[{\"@type\":\"ReadAction\",\"target\":[\"https:\\\/\\\/www.arquimaster.com.ar\\\/web\\\/casa-foa-2016-edicion-diseno-argentino-abre-sus-puertas\\\/\"]}]},{\"@type\":\"ImageObject\",\"inLanguage\":\"es\",\"@id\":\"https:\\\/\\\/www.arquimaster.com.ar\\\/web\\\/casa-foa-2016-edicion-diseno-argentino-abre-sus-puertas\\\/#primaryimage\",\"url\":\"https:\\\/\\\/www.arquimaster.com.ar\\\/web\\\/wp-content\\\/uploads\\\/2016\\\/10\\\/muestra_casa_foa_2016_slide.jpg\",\"contentUrl\":\"https:\\\/\\\/www.arquimaster.com.ar\\\/web\\\/wp-content\\\/uploads\\\/2016\\\/10\\\/muestra_casa_foa_2016_slide.jpg\",\"width\":642,\"height\":336},{\"@type\":\"BreadcrumbList\",\"@id\":\"https:\\\/\\\/www.arquimaster.com.ar\\\/web\\\/casa-foa-2016-edicion-diseno-argentino-abre-sus-puertas\\\/#breadcrumb\",\"itemListElement\":[{\"@type\":\"ListItem\",\"position\":1,\"name\":\"Portada\",\"item\":\"https:\\\/\\\/www.arquimaster.com.ar\\\/web\\\/\"},{\"@type\":\"ListItem\",\"position\":2,\"name\":\"Casa FOA 2016, edici\u00f3n Dise\u00f1o Argentino, abre sus puertas\"}]},{\"@type\":\"WebSite\",\"@id\":\"https:\\\/\\\/www.arquimaster.com.ar\\\/web\\\/#website\",\"url\":\"https:\\\/\\\/www.arquimaster.com.ar\\\/web\\\/\",\"name\":\"Arquimaster\",\"description\":\"Web de arquitectura, dise\u00f1o y construccion\",\"publisher\":{\"@id\":\"https:\\\/\\\/www.arquimaster.com.ar\\\/web\\\/#organization\"},\"potentialAction\":[{\"@type\":\"SearchAction\",\"target\":{\"@type\":\"EntryPoint\",\"urlTemplate\":\"https:\\\/\\\/www.arquimaster.com.ar\\\/web\\\/?s={search_term_string}\"},\"query-input\":{\"@type\":\"PropertyValueSpecification\",\"valueRequired\":true,\"valueName\":\"search_term_string\"}}],\"inLanguage\":\"es\"},{\"@type\":\"Organization\",\"@id\":\"https:\\\/\\\/www.arquimaster.com.ar\\\/web\\\/#organization\",\"name\":\"Arquimaster\",\"url\":\"https:\\\/\\\/www.arquimaster.com.ar\\\/web\\\/\",\"logo\":{\"@type\":\"ImageObject\",\"inLanguage\":\"es\",\"@id\":\"https:\\\/\\\/www.arquimaster.com.ar\\\/web\\\/#\\\/schema\\\/logo\\\/image\\\/\",\"url\":\"https:\\\/\\\/www.arquimaster.com.ar\\\/web\\\/wp-content\\\/uploads\\\/2022\\\/06\\\/arquimaster.png\",\"contentUrl\":\"https:\\\/\\\/www.arquimaster.com.ar\\\/web\\\/wp-content\\\/uploads\\\/2022\\\/06\\\/arquimaster.png\",\"width\":594,\"height\":78,\"caption\":\"Arquimaster\"},\"image\":{\"@id\":\"https:\\\/\\\/www.arquimaster.com.ar\\\/web\\\/#\\\/schema\\\/logo\\\/image\\\/\"},\"sameAs\":[\"http:\\\/\\\/www.facebook.com\\\/ARQUIMASTER.com.ar\",\"https:\\\/\\\/x.com\\\/arquimaster\",\"https:\\\/\\\/www.instagram.com\\\/arquimasterblog\\\/\",\"https:\\\/\\\/www.linkedin.com\\\/company\\\/arquimaster\",\"https:\\\/\\\/www.pinterest.com\\\/arquimaster\",\"https:\\\/\\\/t.me\\\/arquimaster\"]},{\"@type\":\"Person\",\"@id\":\"https:\\\/\\\/www.arquimaster.com.ar\\\/web\\\/#\\\/schema\\\/person\\\/359e9f7c00193fcde068e0dd2ceb0028\",\"name\":\"Arquimaster\"}]}<\/script>\n<!-- \/ Yoast SEO plugin. -->","yoast_head_json":{"title":"Casa FOA 2016, edici\u00f3n Dise\u00f1o Argentino, abre sus puertas - Arquimaster","robots":{"index":"index","follow":"follow","max-snippet":"max-snippet:-1","max-image-preview":"max-image-preview:large","max-video-preview":"max-video-preview:-1"},"canonical":"https:\/\/www.arquimaster.com.ar\/web\/casa-foa-2016-edicion-diseno-argentino-abre-sus-puertas\/","og_locale":"es_ES","og_type":"article","og_title":"Casa FOA 2016, edici\u00f3n Dise\u00f1o Argentino, abre sus puertas - Arquimaster","og_description":"La edici\u00f3n n\u00famero 33 tendr\u00e1 lugar en el Palacio Cabrera ubicado en Palermo...","og_url":"https:\/\/www.arquimaster.com.ar\/web\/casa-foa-2016-edicion-diseno-argentino-abre-sus-puertas\/","og_site_name":"Arquimaster","article_publisher":"http:\/\/www.facebook.com\/ARQUIMASTER.com.ar","article_published_time":"2016-10-19T05:09:10+00:00","article_modified_time":"2025-10-25T22:57:24+00:00","og_image":[{"width":642,"height":336,"url":"https:\/\/www.arquimaster.com.ar\/web\/wp-content\/uploads\/2016\/10\/muestra_casa_foa_2016_slide.jpg","type":"image\/jpeg"}],"author":"Arquimaster","twitter_card":"summary_large_image","twitter_creator":"@arquimaster","twitter_site":"@arquimaster","twitter_misc":{"Escrito por":"Arquimaster","Tiempo de lectura":"5 minutos"},"schema":{"@context":"https:\/\/schema.org","@graph":[{"@type":"Article","@id":"https:\/\/www.arquimaster.com.ar\/web\/casa-foa-2016-edicion-diseno-argentino-abre-sus-puertas\/#article","isPartOf":{"@id":"https:\/\/www.arquimaster.com.ar\/web\/casa-foa-2016-edicion-diseno-argentino-abre-sus-puertas\/"},"author":{"name":"Arquimaster","@id":"https:\/\/www.arquimaster.com.ar\/web\/#\/schema\/person\/359e9f7c00193fcde068e0dd2ceb0028"},"headline":"Casa FOA 2016, edici\u00f3n Dise\u00f1o Argentino, abre sus puertas","datePublished":"2016-10-19T05:09:10+00:00","dateModified":"2025-10-25T22:57:24+00:00","mainEntityOfPage":{"@id":"https:\/\/www.arquimaster.com.ar\/web\/casa-foa-2016-edicion-diseno-argentino-abre-sus-puertas\/"},"wordCount":1073,"publisher":{"@id":"https:\/\/www.arquimaster.com.ar\/web\/#organization"},"image":{"@id":"https:\/\/www.arquimaster.com.ar\/web\/casa-foa-2016-edicion-diseno-argentino-abre-sus-puertas\/#primaryimage"},"thumbnailUrl":"https:\/\/www.arquimaster.com.ar\/web\/wp-content\/uploads\/2016\/10\/muestra_casa_foa_2016_slide.jpg","keywords":["Casa FOA","Casa FOA 2016","Casa FOA Noche","exposiciones","muestras","Palacio Cabrera","Palermo"],"articleSection":["Casa FOA 2016","Dise\u00f1o"],"inLanguage":"es"},{"@type":"WebPage","@id":"https:\/\/www.arquimaster.com.ar\/web\/casa-foa-2016-edicion-diseno-argentino-abre-sus-puertas\/","url":"https:\/\/www.arquimaster.com.ar\/web\/casa-foa-2016-edicion-diseno-argentino-abre-sus-puertas\/","name":"Casa FOA 2016, edici\u00f3n Dise\u00f1o Argentino, abre sus puertas - Arquimaster","isPartOf":{"@id":"https:\/\/www.arquimaster.com.ar\/web\/#website"},"primaryImageOfPage":{"@id":"https:\/\/www.arquimaster.com.ar\/web\/casa-foa-2016-edicion-diseno-argentino-abre-sus-puertas\/#primaryimage"},"image":{"@id":"https:\/\/www.arquimaster.com.ar\/web\/casa-foa-2016-edicion-diseno-argentino-abre-sus-puertas\/#primaryimage"},"thumbnailUrl":"https:\/\/www.arquimaster.com.ar\/web\/wp-content\/uploads\/2016\/10\/muestra_casa_foa_2016_slide.jpg","datePublished":"2016-10-19T05:09:10+00:00","dateModified":"2025-10-25T22:57:24+00:00","breadcrumb":{"@id":"https:\/\/www.arquimaster.com.ar\/web\/casa-foa-2016-edicion-diseno-argentino-abre-sus-puertas\/#breadcrumb"},"inLanguage":"es","potentialAction":[{"@type":"ReadAction","target":["https:\/\/www.arquimaster.com.ar\/web\/casa-foa-2016-edicion-diseno-argentino-abre-sus-puertas\/"]}]},{"@type":"ImageObject","inLanguage":"es","@id":"https:\/\/www.arquimaster.com.ar\/web\/casa-foa-2016-edicion-diseno-argentino-abre-sus-puertas\/#primaryimage","url":"https:\/\/www.arquimaster.com.ar\/web\/wp-content\/uploads\/2016\/10\/muestra_casa_foa_2016_slide.jpg","contentUrl":"https:\/\/www.arquimaster.com.ar\/web\/wp-content\/uploads\/2016\/10\/muestra_casa_foa_2016_slide.jpg","width":642,"height":336},{"@type":"BreadcrumbList","@id":"https:\/\/www.arquimaster.com.ar\/web\/casa-foa-2016-edicion-diseno-argentino-abre-sus-puertas\/#breadcrumb","itemListElement":[{"@type":"ListItem","position":1,"name":"Portada","item":"https:\/\/www.arquimaster.com.ar\/web\/"},{"@type":"ListItem","position":2,"name":"Casa FOA 2016, edici\u00f3n Dise\u00f1o Argentino, abre sus puertas"}]},{"@type":"WebSite","@id":"https:\/\/www.arquimaster.com.ar\/web\/#website","url":"https:\/\/www.arquimaster.com.ar\/web\/","name":"Arquimaster","description":"Web de arquitectura, dise\u00f1o y construccion","publisher":{"@id":"https:\/\/www.arquimaster.com.ar\/web\/#organization"},"potentialAction":[{"@type":"SearchAction","target":{"@type":"EntryPoint","urlTemplate":"https:\/\/www.arquimaster.com.ar\/web\/?s={search_term_string}"},"query-input":{"@type":"PropertyValueSpecification","valueRequired":true,"valueName":"search_term_string"}}],"inLanguage":"es"},{"@type":"Organization","@id":"https:\/\/www.arquimaster.com.ar\/web\/#organization","name":"Arquimaster","url":"https:\/\/www.arquimaster.com.ar\/web\/","logo":{"@type":"ImageObject","inLanguage":"es","@id":"https:\/\/www.arquimaster.com.ar\/web\/#\/schema\/logo\/image\/","url":"https:\/\/www.arquimaster.com.ar\/web\/wp-content\/uploads\/2022\/06\/arquimaster.png","contentUrl":"https:\/\/www.arquimaster.com.ar\/web\/wp-content\/uploads\/2022\/06\/arquimaster.png","width":594,"height":78,"caption":"Arquimaster"},"image":{"@id":"https:\/\/www.arquimaster.com.ar\/web\/#\/schema\/logo\/image\/"},"sameAs":["http:\/\/www.facebook.com\/ARQUIMASTER.com.ar","https:\/\/x.com\/arquimaster","https:\/\/www.instagram.com\/arquimasterblog\/","https:\/\/www.linkedin.com\/company\/arquimaster","https:\/\/www.pinterest.com\/arquimaster","https:\/\/t.me\/arquimaster"]},{"@type":"Person","@id":"https:\/\/www.arquimaster.com.ar\/web\/#\/schema\/person\/359e9f7c00193fcde068e0dd2ceb0028","name":"Arquimaster"}]}},"uagb_featured_image_src":{"full":["https:\/\/www.arquimaster.com.ar\/web\/wp-content\/uploads\/2016\/10\/muestra_casa_foa_2016_slide.jpg",642,336,false],"thumbnail":["https:\/\/www.arquimaster.com.ar\/web\/wp-content\/uploads\/2016\/10\/muestra_casa_foa_2016_slide-150x150.jpg",150,150,true],"medium":["https:\/\/www.arquimaster.com.ar\/web\/wp-content\/uploads\/2016\/10\/muestra_casa_foa_2016_slide.jpg",642,336,false],"medium_large":["https:\/\/www.arquimaster.com.ar\/web\/wp-content\/uploads\/2016\/10\/muestra_casa_foa_2016_slide.jpg",642,336,false],"large":["https:\/\/www.arquimaster.com.ar\/web\/wp-content\/uploads\/2016\/10\/muestra_casa_foa_2016_slide.jpg",642,336,false],"1536x1536":["https:\/\/www.arquimaster.com.ar\/web\/wp-content\/uploads\/2016\/10\/muestra_casa_foa_2016_slide.jpg",642,336,false],"2048x2048":["https:\/\/www.arquimaster.com.ar\/web\/wp-content\/uploads\/2016\/10\/muestra_casa_foa_2016_slide.jpg",642,336,false]},"uagb_author_info":{"display_name":"Arquimaster","author_link":"https:\/\/www.arquimaster.com.ar\/web\/author\/arquimaster\/"},"uagb_comment_info":0,"uagb_excerpt":"La edici\u00f3n n\u00famero 33 tendr\u00e1 lugar en el Palacio Cabrera ubicado en Palermo...","_links":{"self":[{"href":"https:\/\/www.arquimaster.com.ar\/web\/wp-json\/wp\/v2\/posts\/23219","targetHints":{"allow":["GET"]}}],"collection":[{"href":"https:\/\/www.arquimaster.com.ar\/web\/wp-json\/wp\/v2\/posts"}],"about":[{"href":"https:\/\/www.arquimaster.com.ar\/web\/wp-json\/wp\/v2\/types\/post"}],"author":[{"embeddable":true,"href":"https:\/\/www.arquimaster.com.ar\/web\/wp-json\/wp\/v2\/users\/1"}],"replies":[{"embeddable":true,"href":"https:\/\/www.arquimaster.com.ar\/web\/wp-json\/wp\/v2\/comments?post=23219"}],"version-history":[{"count":2,"href":"https:\/\/www.arquimaster.com.ar\/web\/wp-json\/wp\/v2\/posts\/23219\/revisions"}],"predecessor-version":[{"id":86299,"href":"https:\/\/www.arquimaster.com.ar\/web\/wp-json\/wp\/v2\/posts\/23219\/revisions\/86299"}],"wp:featuredmedia":[{"embeddable":true,"href":"https:\/\/www.arquimaster.com.ar\/web\/wp-json\/wp\/v2\/media\/23222"}],"wp:attachment":[{"href":"https:\/\/www.arquimaster.com.ar\/web\/wp-json\/wp\/v2\/media?parent=23219"}],"wp:term":[{"taxonomy":"category","embeddable":true,"href":"https:\/\/www.arquimaster.com.ar\/web\/wp-json\/wp\/v2\/categories?post=23219"},{"taxonomy":"post_tag","embeddable":true,"href":"https:\/\/www.arquimaster.com.ar\/web\/wp-json\/wp\/v2\/tags?post=23219"}],"curies":[{"name":"wp","href":"https:\/\/api.w.org\/{rel}","templated":true}]}}