{"id":23286,"date":"2016-10-22T01:27:12","date_gmt":"2016-10-22T01:27:12","guid":{"rendered":"http:\/\/www.arquimaster.com.ar\/web\/?p=23286"},"modified":"2016-10-25T01:46:52","modified_gmt":"2016-10-25T01:46:52","slug":"sens-ravignani-atv-arquitectos","status":"publish","type":"post","link":"https:\/\/www.arquimaster.com.ar\/web\/sens-ravignani-atv-arquitectos\/","title":{"rendered":"Sens Ravignani \/ ATV Arquitectos"},"content":{"rendered":"<div style=\"margin-top: 0px; margin-bottom: 0px;\" class=\"sharethis-inline-share-buttons\" ><\/div><div class=\"b812932af2e751442846f039925109de\" data-index=\"1\" style=\"float: none; margin:25px 0 25px 0; text-align:center;\">\n<script async src=\"https:\/\/pagead2.googlesyndication.com\/pagead\/js\/adsbygoogle.js\"><\/script>\r\n<!-- Arquimaster (superior) -->\r\n<ins class=\"adsbygoogle\"\r\n     style=\"display:block\"\r\n     data-ad-client=\"ca-pub-6351072698456832\"\r\n     data-ad-slot=\"6455489680\"\r\n     data-ad-format=\"auto\"\r\n     data-full-width-responsive=\"true\"><\/ins>\r\n<script>\r\n     (adsbygoogle = window.adsbygoogle || []).push({});\r\n<\/script>\n<\/div>\n<p><strong>Casas en altura Sens Ravignani<\/strong> (Palermo, Ciudad de Buenos Aires) por <strong>ATV Arquitectos<\/strong> (Azubel-Trabucchi- Viggiano). Ubicado en el barrio de Palermo de la Ciudad de Buenos Aires, en una calle arbolada y de poco tr\u00e1nsito, un lote de 17,32 metros de frente presenta una particular relaci\u00f3n con los edificios lindantes, tanto por la cercan\u00eda a la esquina como por diversidad de escalas. Dado este contexto, el proyecto intenta comprender dichas condicionantes como potenciales operaciones de contacto que permitan abordar el problema del territorio como el desaf\u00edo proyectual que implica insertar una obra de arquitectura en un entorno existente.<\/p>\n<div id='gallery-1' class='gallery galleryid-23286 gallery-columns-3 gallery-size-thumbnail'><figure class='gallery-item'>\n\t\t\t<div class='gallery-icon portrait'>\n\t\t\t\t<a href='https:\/\/www.arquimaster.com.ar\/web\/wp-content\/uploads\/2016\/10\/sens_ravignani1.jpg' title=\"Sens Ravignani \/ ATV Arquitectos (\u00a9 Albano Garcia)\" data-rl_title=\"Sens Ravignani \/ ATV Arquitectos (\u00a9 Albano Garcia)\" class=\"rl-gallery-link\" data-rl_caption=\"Sens Ravignani \/ ATV Arquitectos (\u00a9 Albano Garcia)\" data-rel=\"lightbox-gallery-1\"><img loading=\"lazy\" decoding=\"async\" width=\"150\" height=\"150\" src=\"https:\/\/www.arquimaster.com.ar\/web\/wp-content\/uploads\/2016\/10\/sens_ravignani1-150x150.jpg\" class=\"attachment-thumbnail size-thumbnail\" alt=\"\" aria-describedby=\"gallery-1-23289\" srcset=\"https:\/\/www.arquimaster.com.ar\/web\/wp-content\/uploads\/2016\/10\/sens_ravignani1-150x150.jpg 150w, https:\/\/www.arquimaster.com.ar\/web\/wp-content\/uploads\/2016\/10\/sens_ravignani1-50x50.jpg 50w, https:\/\/www.arquimaster.com.ar\/web\/wp-content\/uploads\/2016\/10\/sens_ravignani1-125x125.jpg 125w\" sizes=\"auto, (max-width: 150px) 100vw, 150px\" \/><\/a>\n\t\t\t<\/div>\n\t\t\t\t<figcaption class='wp-caption-text gallery-caption' id='gallery-1-23289'>\n\t\t\t\tSens Ravignani \/ ATV Arquitectos (\u00a9 Albano Garcia)\n\t\t\t\t<\/figcaption><\/figure><figure class='gallery-item'>\n\t\t\t<div class='gallery-icon portrait'>\n\t\t\t\t<a href='https:\/\/www.arquimaster.com.ar\/web\/wp-content\/uploads\/2016\/10\/sens_ravignani2.jpg' title=\"Sens Ravignani \/ ATV Arquitectos (\u00a9 Albano Garcia)\" data-rl_title=\"Sens Ravignani \/ ATV Arquitectos (\u00a9 Albano Garcia)\" class=\"rl-gallery-link\" data-rl_caption=\"Sens Ravignani \/ ATV Arquitectos (\u00a9 Albano Garcia)\" data-rel=\"lightbox-gallery-1\"><img loading=\"lazy\" decoding=\"async\" width=\"150\" height=\"150\" src=\"https:\/\/www.arquimaster.com.ar\/web\/wp-content\/uploads\/2016\/10\/sens_ravignani2-150x150.jpg\" class=\"attachment-thumbnail size-thumbnail\" alt=\"\" aria-describedby=\"gallery-1-23290\" srcset=\"https:\/\/www.arquimaster.com.ar\/web\/wp-content\/uploads\/2016\/10\/sens_ravignani2-150x150.jpg 150w, https:\/\/www.arquimaster.com.ar\/web\/wp-content\/uploads\/2016\/10\/sens_ravignani2-50x50.jpg 50w, https:\/\/www.arquimaster.com.ar\/web\/wp-content\/uploads\/2016\/10\/sens_ravignani2-125x125.jpg 125w\" sizes=\"auto, (max-width: 150px) 100vw, 150px\" \/><\/a>\n\t\t\t<\/div>\n\t\t\t\t<figcaption class='wp-caption-text gallery-caption' id='gallery-1-23290'>\n\t\t\t\tSens Ravignani \/ ATV Arquitectos (\u00a9 Albano Garcia)\n\t\t\t\t<\/figcaption><\/figure><figure class='gallery-item'>\n\t\t\t<div class='gallery-icon portrait'>\n\t\t\t\t<a href='https:\/\/www.arquimaster.com.ar\/web\/wp-content\/uploads\/2016\/10\/sens_ravignani3.jpg' title=\"Sens Ravignani \/ ATV Arquitectos (\u00a9 Albano Garcia)\" data-rl_title=\"Sens Ravignani \/ ATV Arquitectos (\u00a9 Albano Garcia)\" class=\"rl-gallery-link\" data-rl_caption=\"Sens Ravignani \/ ATV Arquitectos (\u00a9 Albano Garcia)\" data-rel=\"lightbox-gallery-1\"><img loading=\"lazy\" decoding=\"async\" width=\"150\" height=\"150\" src=\"https:\/\/www.arquimaster.com.ar\/web\/wp-content\/uploads\/2016\/10\/sens_ravignani3-150x150.jpg\" class=\"attachment-thumbnail size-thumbnail\" alt=\"\" aria-describedby=\"gallery-1-23291\" srcset=\"https:\/\/www.arquimaster.com.ar\/web\/wp-content\/uploads\/2016\/10\/sens_ravignani3-150x150.jpg 150w, https:\/\/www.arquimaster.com.ar\/web\/wp-content\/uploads\/2016\/10\/sens_ravignani3-50x50.jpg 50w, https:\/\/www.arquimaster.com.ar\/web\/wp-content\/uploads\/2016\/10\/sens_ravignani3-125x125.jpg 125w\" sizes=\"auto, (max-width: 150px) 100vw, 150px\" \/><\/a>\n\t\t\t<\/div>\n\t\t\t\t<figcaption class='wp-caption-text gallery-caption' id='gallery-1-23291'>\n\t\t\t\tSens Ravignani \/ ATV Arquitectos (\u00a9 Albano Garcia)\n\t\t\t\t<\/figcaption><\/figure><figure class='gallery-item'>\n\t\t\t<div class='gallery-icon landscape'>\n\t\t\t\t<a href='https:\/\/www.arquimaster.com.ar\/web\/wp-content\/uploads\/2016\/10\/sens_ravignani4.jpg' title=\"Sens Ravignani \/ ATV Arquitectos (\u00a9 Albano Garcia)\" data-rl_title=\"Sens Ravignani \/ ATV Arquitectos (\u00a9 Albano Garcia)\" class=\"rl-gallery-link\" data-rl_caption=\"Sens Ravignani \/ ATV Arquitectos (\u00a9 Albano Garcia)\" data-rel=\"lightbox-gallery-1\"><img loading=\"lazy\" decoding=\"async\" width=\"150\" height=\"150\" src=\"https:\/\/www.arquimaster.com.ar\/web\/wp-content\/uploads\/2016\/10\/sens_ravignani4-150x150.jpg\" class=\"attachment-thumbnail size-thumbnail\" alt=\"\" aria-describedby=\"gallery-1-23292\" srcset=\"https:\/\/www.arquimaster.com.ar\/web\/wp-content\/uploads\/2016\/10\/sens_ravignani4-150x150.jpg 150w, https:\/\/www.arquimaster.com.ar\/web\/wp-content\/uploads\/2016\/10\/sens_ravignani4-50x50.jpg 50w, https:\/\/www.arquimaster.com.ar\/web\/wp-content\/uploads\/2016\/10\/sens_ravignani4-125x125.jpg 125w\" sizes=\"auto, (max-width: 150px) 100vw, 150px\" \/><\/a>\n\t\t\t<\/div>\n\t\t\t\t<figcaption class='wp-caption-text gallery-caption' id='gallery-1-23292'>\n\t\t\t\tSens Ravignani \/ ATV Arquitectos (\u00a9 Albano Garcia)\n\t\t\t\t<\/figcaption><\/figure><figure class='gallery-item'>\n\t\t\t<div class='gallery-icon landscape'>\n\t\t\t\t<a href='https:\/\/www.arquimaster.com.ar\/web\/wp-content\/uploads\/2016\/10\/sens_ravignani5.jpg' title=\"Sens Ravignani \/ ATV Arquitectos (\u00a9 Albano Garcia)\" data-rl_title=\"Sens Ravignani \/ ATV Arquitectos (\u00a9 Albano Garcia)\" class=\"rl-gallery-link\" data-rl_caption=\"Sens Ravignani \/ ATV Arquitectos (\u00a9 Albano Garcia)\" data-rel=\"lightbox-gallery-1\"><img loading=\"lazy\" decoding=\"async\" width=\"150\" height=\"150\" src=\"https:\/\/www.arquimaster.com.ar\/web\/wp-content\/uploads\/2016\/10\/sens_ravignani5-150x150.jpg\" class=\"attachment-thumbnail size-thumbnail\" alt=\"\" aria-describedby=\"gallery-1-23293\" srcset=\"https:\/\/www.arquimaster.com.ar\/web\/wp-content\/uploads\/2016\/10\/sens_ravignani5-150x150.jpg 150w, https:\/\/www.arquimaster.com.ar\/web\/wp-content\/uploads\/2016\/10\/sens_ravignani5-50x50.jpg 50w, https:\/\/www.arquimaster.com.ar\/web\/wp-content\/uploads\/2016\/10\/sens_ravignani5-125x125.jpg 125w\" sizes=\"auto, (max-width: 150px) 100vw, 150px\" \/><\/a>\n\t\t\t<\/div>\n\t\t\t\t<figcaption class='wp-caption-text gallery-caption' id='gallery-1-23293'>\n\t\t\t\tSens Ravignani \/ ATV Arquitectos (\u00a9 Albano Garcia)\n\t\t\t\t<\/figcaption><\/figure><figure class='gallery-item'>\n\t\t\t<div class='gallery-icon landscape'>\n\t\t\t\t<a href='https:\/\/www.arquimaster.com.ar\/web\/wp-content\/uploads\/2016\/10\/sens_ravignani6.jpg' title=\"Sens Ravignani \/ ATV Arquitectos (\u00a9 Albano Garcia)\" data-rl_title=\"Sens Ravignani \/ ATV Arquitectos (\u00a9 Albano Garcia)\" class=\"rl-gallery-link\" data-rl_caption=\"Sens Ravignani \/ ATV Arquitectos (\u00a9 Albano Garcia)\" data-rel=\"lightbox-gallery-1\"><img loading=\"lazy\" decoding=\"async\" width=\"150\" height=\"150\" src=\"https:\/\/www.arquimaster.com.ar\/web\/wp-content\/uploads\/2016\/10\/sens_ravignani6-150x150.jpg\" class=\"attachment-thumbnail size-thumbnail\" alt=\"\" aria-describedby=\"gallery-1-23294\" srcset=\"https:\/\/www.arquimaster.com.ar\/web\/wp-content\/uploads\/2016\/10\/sens_ravignani6-150x150.jpg 150w, https:\/\/www.arquimaster.com.ar\/web\/wp-content\/uploads\/2016\/10\/sens_ravignani6-50x50.jpg 50w, https:\/\/www.arquimaster.com.ar\/web\/wp-content\/uploads\/2016\/10\/sens_ravignani6-125x125.jpg 125w\" sizes=\"auto, (max-width: 150px) 100vw, 150px\" \/><\/a>\n\t\t\t<\/div>\n\t\t\t\t<figcaption class='wp-caption-text gallery-caption' id='gallery-1-23294'>\n\t\t\t\tSens Ravignani \/ ATV Arquitectos (\u00a9 Albano Garcia)\n\t\t\t\t<\/figcaption><\/figure><figure class='gallery-item'>\n\t\t\t<div class='gallery-icon landscape'>\n\t\t\t\t<a href='https:\/\/www.arquimaster.com.ar\/web\/wp-content\/uploads\/2016\/10\/sens_ravignani7.jpg' title=\"Sens Ravignani \/ ATV Arquitectos (\u00a9 Albano Garcia)\" data-rl_title=\"Sens Ravignani \/ ATV Arquitectos (\u00a9 Albano Garcia)\" class=\"rl-gallery-link\" data-rl_caption=\"Sens Ravignani \/ ATV Arquitectos (\u00a9 Albano Garcia)\" data-rel=\"lightbox-gallery-1\"><img loading=\"lazy\" decoding=\"async\" width=\"150\" height=\"150\" src=\"https:\/\/www.arquimaster.com.ar\/web\/wp-content\/uploads\/2016\/10\/sens_ravignani7-150x150.jpg\" class=\"attachment-thumbnail size-thumbnail\" alt=\"\" aria-describedby=\"gallery-1-23295\" srcset=\"https:\/\/www.arquimaster.com.ar\/web\/wp-content\/uploads\/2016\/10\/sens_ravignani7-150x150.jpg 150w, https:\/\/www.arquimaster.com.ar\/web\/wp-content\/uploads\/2016\/10\/sens_ravignani7-50x50.jpg 50w, https:\/\/www.arquimaster.com.ar\/web\/wp-content\/uploads\/2016\/10\/sens_ravignani7-125x125.jpg 125w\" sizes=\"auto, (max-width: 150px) 100vw, 150px\" \/><\/a>\n\t\t\t<\/div>\n\t\t\t\t<figcaption class='wp-caption-text gallery-caption' id='gallery-1-23295'>\n\t\t\t\tSens Ravignani \/ ATV Arquitectos (\u00a9 Albano Garcia)\n\t\t\t\t<\/figcaption><\/figure><figure class='gallery-item'>\n\t\t\t<div class='gallery-icon landscape'>\n\t\t\t\t<a href='https:\/\/www.arquimaster.com.ar\/web\/wp-content\/uploads\/2016\/10\/sens_ravignani8.jpg' title=\"Sens Ravignani \/ ATV Arquitectos (\u00a9 Albano Garcia)\" data-rl_title=\"Sens Ravignani \/ ATV Arquitectos (\u00a9 Albano Garcia)\" class=\"rl-gallery-link\" data-rl_caption=\"Sens Ravignani \/ ATV Arquitectos (\u00a9 Albano Garcia)\" data-rel=\"lightbox-gallery-1\"><img loading=\"lazy\" decoding=\"async\" width=\"150\" height=\"150\" src=\"https:\/\/www.arquimaster.com.ar\/web\/wp-content\/uploads\/2016\/10\/sens_ravignani8-150x150.jpg\" class=\"attachment-thumbnail size-thumbnail\" alt=\"\" aria-describedby=\"gallery-1-23296\" srcset=\"https:\/\/www.arquimaster.com.ar\/web\/wp-content\/uploads\/2016\/10\/sens_ravignani8-150x150.jpg 150w, https:\/\/www.arquimaster.com.ar\/web\/wp-content\/uploads\/2016\/10\/sens_ravignani8-50x50.jpg 50w, https:\/\/www.arquimaster.com.ar\/web\/wp-content\/uploads\/2016\/10\/sens_ravignani8-125x125.jpg 125w\" sizes=\"auto, (max-width: 150px) 100vw, 150px\" \/><\/a>\n\t\t\t<\/div>\n\t\t\t\t<figcaption class='wp-caption-text gallery-caption' id='gallery-1-23296'>\n\t\t\t\tSens Ravignani \/ ATV Arquitectos (\u00a9 Albano Garcia)\n\t\t\t\t<\/figcaption><\/figure><figure class='gallery-item'>\n\t\t\t<div class='gallery-icon landscape'>\n\t\t\t\t<a href='https:\/\/www.arquimaster.com.ar\/web\/wp-content\/uploads\/2016\/10\/sens_ravignani9.jpg' title=\"Sens Ravignani \/ ATV Arquitectos (\u00a9 Albano Garcia)\" data-rl_title=\"Sens Ravignani \/ ATV Arquitectos (\u00a9 Albano Garcia)\" class=\"rl-gallery-link\" data-rl_caption=\"Sens Ravignani \/ ATV Arquitectos (\u00a9 Albano Garcia)\" data-rel=\"lightbox-gallery-1\"><img loading=\"lazy\" decoding=\"async\" width=\"150\" height=\"150\" src=\"https:\/\/www.arquimaster.com.ar\/web\/wp-content\/uploads\/2016\/10\/sens_ravignani9-150x150.jpg\" class=\"attachment-thumbnail size-thumbnail\" alt=\"\" aria-describedby=\"gallery-1-23297\" srcset=\"https:\/\/www.arquimaster.com.ar\/web\/wp-content\/uploads\/2016\/10\/sens_ravignani9-150x150.jpg 150w, https:\/\/www.arquimaster.com.ar\/web\/wp-content\/uploads\/2016\/10\/sens_ravignani9-50x50.jpg 50w, https:\/\/www.arquimaster.com.ar\/web\/wp-content\/uploads\/2016\/10\/sens_ravignani9-125x125.jpg 125w\" sizes=\"auto, (max-width: 150px) 100vw, 150px\" \/><\/a>\n\t\t\t<\/div>\n\t\t\t\t<figcaption class='wp-caption-text gallery-caption' id='gallery-1-23297'>\n\t\t\t\tSens Ravignani \/ ATV Arquitectos (\u00a9 Albano Garcia)\n\t\t\t\t<\/figcaption><\/figure><figure class='gallery-item'>\n\t\t\t<div class='gallery-icon landscape'>\n\t\t\t\t<a href='https:\/\/www.arquimaster.com.ar\/web\/wp-content\/uploads\/2016\/10\/sens_ravignani10.jpg' title=\"Sens Ravignani \/ ATV Arquitectos (\u00a9 Albano Garcia)\" data-rl_title=\"Sens Ravignani \/ ATV Arquitectos (\u00a9 Albano Garcia)\" class=\"rl-gallery-link\" data-rl_caption=\"Sens Ravignani \/ ATV Arquitectos (\u00a9 Albano Garcia)\" data-rel=\"lightbox-gallery-1\"><img loading=\"lazy\" decoding=\"async\" width=\"150\" height=\"150\" src=\"https:\/\/www.arquimaster.com.ar\/web\/wp-content\/uploads\/2016\/10\/sens_ravignani10-150x150.jpg\" class=\"attachment-thumbnail size-thumbnail\" alt=\"\" aria-describedby=\"gallery-1-23298\" srcset=\"https:\/\/www.arquimaster.com.ar\/web\/wp-content\/uploads\/2016\/10\/sens_ravignani10-150x150.jpg 150w, https:\/\/www.arquimaster.com.ar\/web\/wp-content\/uploads\/2016\/10\/sens_ravignani10-50x50.jpg 50w, https:\/\/www.arquimaster.com.ar\/web\/wp-content\/uploads\/2016\/10\/sens_ravignani10-125x125.jpg 125w\" sizes=\"auto, (max-width: 150px) 100vw, 150px\" \/><\/a>\n\t\t\t<\/div>\n\t\t\t\t<figcaption class='wp-caption-text gallery-caption' id='gallery-1-23298'>\n\t\t\t\tSens Ravignani \/ ATV Arquitectos (\u00a9 Albano Garcia)\n\t\t\t\t<\/figcaption><\/figure><figure class='gallery-item'>\n\t\t\t<div class='gallery-icon landscape'>\n\t\t\t\t<a href='https:\/\/www.arquimaster.com.ar\/web\/wp-content\/uploads\/2016\/10\/sens_ravignani11.jpg' title=\"Sens Ravignani \/ ATV Arquitectos (\u00a9 Albano Garcia)\" data-rl_title=\"Sens Ravignani \/ ATV Arquitectos (\u00a9 Albano Garcia)\" class=\"rl-gallery-link\" data-rl_caption=\"Sens Ravignani \/ ATV Arquitectos (\u00a9 Albano Garcia)\" data-rel=\"lightbox-gallery-1\"><img loading=\"lazy\" decoding=\"async\" width=\"150\" height=\"150\" src=\"https:\/\/www.arquimaster.com.ar\/web\/wp-content\/uploads\/2016\/10\/sens_ravignani11-150x150.jpg\" class=\"attachment-thumbnail size-thumbnail\" alt=\"\" aria-describedby=\"gallery-1-23299\" srcset=\"https:\/\/www.arquimaster.com.ar\/web\/wp-content\/uploads\/2016\/10\/sens_ravignani11-150x150.jpg 150w, https:\/\/www.arquimaster.com.ar\/web\/wp-content\/uploads\/2016\/10\/sens_ravignani11-50x50.jpg 50w, https:\/\/www.arquimaster.com.ar\/web\/wp-content\/uploads\/2016\/10\/sens_ravignani11-125x125.jpg 125w\" sizes=\"auto, (max-width: 150px) 100vw, 150px\" \/><\/a>\n\t\t\t<\/div>\n\t\t\t\t<figcaption class='wp-caption-text gallery-caption' id='gallery-1-23299'>\n\t\t\t\tSens Ravignani \/ ATV Arquitectos (\u00a9 Albano Garcia)\n\t\t\t\t<\/figcaption><\/figure><figure class='gallery-item'>\n\t\t\t<div class='gallery-icon landscape'>\n\t\t\t\t<a href='https:\/\/www.arquimaster.com.ar\/web\/wp-content\/uploads\/2016\/10\/sens_ravignani12.jpg' title=\"Sens Ravignani \/ ATV Arquitectos (\u00a9 Albano Garcia)\" data-rl_title=\"Sens Ravignani \/ ATV Arquitectos (\u00a9 Albano Garcia)\" class=\"rl-gallery-link\" data-rl_caption=\"Sens Ravignani \/ ATV Arquitectos (\u00a9 Albano Garcia)\" data-rel=\"lightbox-gallery-1\"><img loading=\"lazy\" decoding=\"async\" width=\"150\" height=\"150\" src=\"https:\/\/www.arquimaster.com.ar\/web\/wp-content\/uploads\/2016\/10\/sens_ravignani12-150x150.jpg\" class=\"attachment-thumbnail size-thumbnail\" alt=\"\" aria-describedby=\"gallery-1-23300\" srcset=\"https:\/\/www.arquimaster.com.ar\/web\/wp-content\/uploads\/2016\/10\/sens_ravignani12-150x150.jpg 150w, https:\/\/www.arquimaster.com.ar\/web\/wp-content\/uploads\/2016\/10\/sens_ravignani12-50x50.jpg 50w, https:\/\/www.arquimaster.com.ar\/web\/wp-content\/uploads\/2016\/10\/sens_ravignani12-125x125.jpg 125w\" sizes=\"auto, (max-width: 150px) 100vw, 150px\" \/><\/a>\n\t\t\t<\/div>\n\t\t\t\t<figcaption class='wp-caption-text gallery-caption' id='gallery-1-23300'>\n\t\t\t\tSens Ravignani \/ ATV Arquitectos (\u00a9 Albano Garcia)\n\t\t\t\t<\/figcaption><\/figure><figure class='gallery-item'>\n\t\t\t<div class='gallery-icon landscape'>\n\t\t\t\t<a href='https:\/\/www.arquimaster.com.ar\/web\/wp-content\/uploads\/2016\/10\/sens_ravignani13.jpg' title=\"Sens Ravignani \/ ATV Arquitectos (\u00a9 Albano Garcia)\" data-rl_title=\"Sens Ravignani \/ ATV Arquitectos (\u00a9 Albano Garcia)\" class=\"rl-gallery-link\" data-rl_caption=\"Sens Ravignani \/ ATV Arquitectos (\u00a9 Albano Garcia)\" data-rel=\"lightbox-gallery-1\"><img loading=\"lazy\" decoding=\"async\" width=\"150\" height=\"150\" src=\"https:\/\/www.arquimaster.com.ar\/web\/wp-content\/uploads\/2016\/10\/sens_ravignani13-150x150.jpg\" class=\"attachment-thumbnail size-thumbnail\" alt=\"\" aria-describedby=\"gallery-1-23301\" srcset=\"https:\/\/www.arquimaster.com.ar\/web\/wp-content\/uploads\/2016\/10\/sens_ravignani13-150x150.jpg 150w, https:\/\/www.arquimaster.com.ar\/web\/wp-content\/uploads\/2016\/10\/sens_ravignani13-50x50.jpg 50w, https:\/\/www.arquimaster.com.ar\/web\/wp-content\/uploads\/2016\/10\/sens_ravignani13-125x125.jpg 125w\" sizes=\"auto, (max-width: 150px) 100vw, 150px\" \/><\/a>\n\t\t\t<\/div>\n\t\t\t\t<figcaption class='wp-caption-text gallery-caption' id='gallery-1-23301'>\n\t\t\t\tSens Ravignani \/ ATV Arquitectos (\u00a9 Albano Garcia)\n\t\t\t\t<\/figcaption><\/figure><figure class='gallery-item'>\n\t\t\t<div class='gallery-icon portrait'>\n\t\t\t\t<a href='https:\/\/www.arquimaster.com.ar\/web\/wp-content\/uploads\/2016\/10\/sens_ravignani14.jpg' title=\"Sens Ravignani \/ ATV Arquitectos (\u00a9 Albano Garcia)\" data-rl_title=\"Sens Ravignani \/ ATV Arquitectos (\u00a9 Albano Garcia)\" class=\"rl-gallery-link\" data-rl_caption=\"Sens Ravignani \/ ATV Arquitectos (\u00a9 Albano Garcia)\" data-rel=\"lightbox-gallery-1\"><img loading=\"lazy\" decoding=\"async\" width=\"150\" height=\"150\" src=\"https:\/\/www.arquimaster.com.ar\/web\/wp-content\/uploads\/2016\/10\/sens_ravignani14-150x150.jpg\" class=\"attachment-thumbnail size-thumbnail\" alt=\"\" aria-describedby=\"gallery-1-23302\" srcset=\"https:\/\/www.arquimaster.com.ar\/web\/wp-content\/uploads\/2016\/10\/sens_ravignani14-150x150.jpg 150w, https:\/\/www.arquimaster.com.ar\/web\/wp-content\/uploads\/2016\/10\/sens_ravignani14-50x50.jpg 50w, https:\/\/www.arquimaster.com.ar\/web\/wp-content\/uploads\/2016\/10\/sens_ravignani14-125x125.jpg 125w\" sizes=\"auto, (max-width: 150px) 100vw, 150px\" \/><\/a>\n\t\t\t<\/div>\n\t\t\t\t<figcaption class='wp-caption-text gallery-caption' id='gallery-1-23302'>\n\t\t\t\tSens Ravignani \/ ATV Arquitectos (\u00a9 Albano Garcia)\n\t\t\t\t<\/figcaption><\/figure><figure class='gallery-item'>\n\t\t\t<div class='gallery-icon landscape'>\n\t\t\t\t<a href='https:\/\/www.arquimaster.com.ar\/web\/wp-content\/uploads\/2016\/10\/sens_ravignani15.jpg' title=\"Sens Ravignani \/ ATV Arquitectos (\u00a9 Albano Garcia)\" data-rl_title=\"Sens Ravignani \/ ATV Arquitectos (\u00a9 Albano Garcia)\" class=\"rl-gallery-link\" data-rl_caption=\"Sens Ravignani \/ ATV Arquitectos (\u00a9 Albano Garcia)\" data-rel=\"lightbox-gallery-1\"><img loading=\"lazy\" decoding=\"async\" width=\"150\" height=\"150\" src=\"https:\/\/www.arquimaster.com.ar\/web\/wp-content\/uploads\/2016\/10\/sens_ravignani15-150x150.jpg\" class=\"attachment-thumbnail size-thumbnail\" alt=\"\" aria-describedby=\"gallery-1-23303\" srcset=\"https:\/\/www.arquimaster.com.ar\/web\/wp-content\/uploads\/2016\/10\/sens_ravignani15-150x150.jpg 150w, https:\/\/www.arquimaster.com.ar\/web\/wp-content\/uploads\/2016\/10\/sens_ravignani15-50x50.jpg 50w, https:\/\/www.arquimaster.com.ar\/web\/wp-content\/uploads\/2016\/10\/sens_ravignani15-125x125.jpg 125w\" sizes=\"auto, (max-width: 150px) 100vw, 150px\" \/><\/a>\n\t\t\t<\/div>\n\t\t\t\t<figcaption class='wp-caption-text gallery-caption' id='gallery-1-23303'>\n\t\t\t\tSens Ravignani \/ ATV Arquitectos (\u00a9 Albano Garcia)\n\t\t\t\t<\/figcaption><\/figure><figure class='gallery-item'>\n\t\t\t<div class='gallery-icon landscape'>\n\t\t\t\t<a href='https:\/\/www.arquimaster.com.ar\/web\/wp-content\/uploads\/2016\/10\/sens_ravignani16.jpg' title=\"Sens Ravignani \/ ATV Arquitectos (\u00a9 Albano Garcia)\" data-rl_title=\"Sens Ravignani \/ ATV Arquitectos (\u00a9 Albano Garcia)\" class=\"rl-gallery-link\" data-rl_caption=\"Sens Ravignani \/ ATV Arquitectos (\u00a9 Albano Garcia)\" data-rel=\"lightbox-gallery-1\"><img loading=\"lazy\" decoding=\"async\" width=\"150\" height=\"150\" src=\"https:\/\/www.arquimaster.com.ar\/web\/wp-content\/uploads\/2016\/10\/sens_ravignani16-150x150.jpg\" class=\"attachment-thumbnail size-thumbnail\" alt=\"\" aria-describedby=\"gallery-1-23304\" srcset=\"https:\/\/www.arquimaster.com.ar\/web\/wp-content\/uploads\/2016\/10\/sens_ravignani16-150x150.jpg 150w, https:\/\/www.arquimaster.com.ar\/web\/wp-content\/uploads\/2016\/10\/sens_ravignani16-50x50.jpg 50w, https:\/\/www.arquimaster.com.ar\/web\/wp-content\/uploads\/2016\/10\/sens_ravignani16-125x125.jpg 125w\" sizes=\"auto, (max-width: 150px) 100vw, 150px\" \/><\/a>\n\t\t\t<\/div>\n\t\t\t\t<figcaption class='wp-caption-text gallery-caption' id='gallery-1-23304'>\n\t\t\t\tSens Ravignani \/ ATV Arquitectos (\u00a9 Albano Garcia)\n\t\t\t\t<\/figcaption><\/figure><figure class='gallery-item'>\n\t\t\t<div class='gallery-icon landscape'>\n\t\t\t\t<a href='https:\/\/www.arquimaster.com.ar\/web\/wp-content\/uploads\/2016\/10\/sens_ravignani17.jpg' title=\"Sens Ravignani \/ ATV Arquitectos (planta subsuelo)\" data-rl_title=\"Sens Ravignani \/ ATV Arquitectos (planta subsuelo)\" class=\"rl-gallery-link\" data-rl_caption=\"Sens Ravignani \/ ATV Arquitectos (planta subsuelo)\" data-rel=\"lightbox-gallery-1\"><img loading=\"lazy\" decoding=\"async\" width=\"150\" height=\"150\" src=\"https:\/\/www.arquimaster.com.ar\/web\/wp-content\/uploads\/2016\/10\/sens_ravignani17-150x150.jpg\" class=\"attachment-thumbnail size-thumbnail\" alt=\"\" aria-describedby=\"gallery-1-23305\" srcset=\"https:\/\/www.arquimaster.com.ar\/web\/wp-content\/uploads\/2016\/10\/sens_ravignani17-150x150.jpg 150w, https:\/\/www.arquimaster.com.ar\/web\/wp-content\/uploads\/2016\/10\/sens_ravignani17-50x50.jpg 50w, https:\/\/www.arquimaster.com.ar\/web\/wp-content\/uploads\/2016\/10\/sens_ravignani17-125x125.jpg 125w\" sizes=\"auto, (max-width: 150px) 100vw, 150px\" \/><\/a>\n\t\t\t<\/div>\n\t\t\t\t<figcaption class='wp-caption-text gallery-caption' id='gallery-1-23305'>\n\t\t\t\tSens Ravignani \/ ATV Arquitectos (planta subsuelo)\n\t\t\t\t<\/figcaption><\/figure><figure class='gallery-item'>\n\t\t\t<div class='gallery-icon landscape'>\n\t\t\t\t<a href='https:\/\/www.arquimaster.com.ar\/web\/wp-content\/uploads\/2016\/10\/sens_ravignani18.jpg' title=\"Sens Ravignani \/ ATV Arquitectos (planta baja)\" data-rl_title=\"Sens Ravignani \/ ATV Arquitectos (planta baja)\" class=\"rl-gallery-link\" data-rl_caption=\"Sens Ravignani \/ ATV Arquitectos (planta baja)\" data-rel=\"lightbox-gallery-1\"><img loading=\"lazy\" decoding=\"async\" width=\"150\" height=\"150\" src=\"https:\/\/www.arquimaster.com.ar\/web\/wp-content\/uploads\/2016\/10\/sens_ravignani18-150x150.jpg\" class=\"attachment-thumbnail size-thumbnail\" alt=\"\" aria-describedby=\"gallery-1-23306\" srcset=\"https:\/\/www.arquimaster.com.ar\/web\/wp-content\/uploads\/2016\/10\/sens_ravignani18-150x150.jpg 150w, https:\/\/www.arquimaster.com.ar\/web\/wp-content\/uploads\/2016\/10\/sens_ravignani18-50x50.jpg 50w, https:\/\/www.arquimaster.com.ar\/web\/wp-content\/uploads\/2016\/10\/sens_ravignani18-125x125.jpg 125w\" sizes=\"auto, (max-width: 150px) 100vw, 150px\" \/><\/a>\n\t\t\t<\/div>\n\t\t\t\t<figcaption class='wp-caption-text gallery-caption' id='gallery-1-23306'>\n\t\t\t\tSens Ravignani \/ ATV Arquitectos (planta baja)\n\t\t\t\t<\/figcaption><\/figure><figure class='gallery-item'>\n\t\t\t<div class='gallery-icon landscape'>\n\t\t\t\t<a href='https:\/\/www.arquimaster.com.ar\/web\/wp-content\/uploads\/2016\/10\/sens_ravignani19.jpg' title=\"Sens Ravignani \/ ATV Arquitectos (planta piso 1)\" data-rl_title=\"Sens Ravignani \/ ATV Arquitectos (planta piso 1)\" class=\"rl-gallery-link\" data-rl_caption=\"Sens Ravignani \/ ATV Arquitectos (planta piso 1)\" data-rel=\"lightbox-gallery-1\"><img loading=\"lazy\" decoding=\"async\" width=\"150\" height=\"150\" src=\"https:\/\/www.arquimaster.com.ar\/web\/wp-content\/uploads\/2016\/10\/sens_ravignani19-150x150.jpg\" class=\"attachment-thumbnail size-thumbnail\" alt=\"\" aria-describedby=\"gallery-1-23307\" srcset=\"https:\/\/www.arquimaster.com.ar\/web\/wp-content\/uploads\/2016\/10\/sens_ravignani19-150x150.jpg 150w, https:\/\/www.arquimaster.com.ar\/web\/wp-content\/uploads\/2016\/10\/sens_ravignani19-50x50.jpg 50w, https:\/\/www.arquimaster.com.ar\/web\/wp-content\/uploads\/2016\/10\/sens_ravignani19-125x125.jpg 125w\" sizes=\"auto, (max-width: 150px) 100vw, 150px\" \/><\/a>\n\t\t\t<\/div>\n\t\t\t\t<figcaption class='wp-caption-text gallery-caption' id='gallery-1-23307'>\n\t\t\t\tSens Ravignani \/ ATV Arquitectos (planta piso 1)\n\t\t\t\t<\/figcaption><\/figure><figure class='gallery-item'>\n\t\t\t<div class='gallery-icon landscape'>\n\t\t\t\t<a href='https:\/\/www.arquimaster.com.ar\/web\/wp-content\/uploads\/2016\/10\/sens_ravignani20.jpg' title=\"Sens Ravignani \/ ATV Arquitectos (planta piso 2-3)\" data-rl_title=\"Sens Ravignani \/ ATV Arquitectos (planta piso 2-3)\" class=\"rl-gallery-link\" data-rl_caption=\"Sens Ravignani \/ ATV Arquitectos (planta piso 2-3)\" data-rel=\"lightbox-gallery-1\"><img loading=\"lazy\" decoding=\"async\" width=\"150\" height=\"150\" src=\"https:\/\/www.arquimaster.com.ar\/web\/wp-content\/uploads\/2016\/10\/sens_ravignani20-150x150.jpg\" class=\"attachment-thumbnail size-thumbnail\" alt=\"\" aria-describedby=\"gallery-1-23308\" srcset=\"https:\/\/www.arquimaster.com.ar\/web\/wp-content\/uploads\/2016\/10\/sens_ravignani20-150x150.jpg 150w, https:\/\/www.arquimaster.com.ar\/web\/wp-content\/uploads\/2016\/10\/sens_ravignani20-50x50.jpg 50w, https:\/\/www.arquimaster.com.ar\/web\/wp-content\/uploads\/2016\/10\/sens_ravignani20-125x125.jpg 125w\" sizes=\"auto, (max-width: 150px) 100vw, 150px\" \/><\/a>\n\t\t\t<\/div>\n\t\t\t\t<figcaption class='wp-caption-text gallery-caption' id='gallery-1-23308'>\n\t\t\t\tSens Ravignani \/ ATV Arquitectos (planta piso 2-3)\n\t\t\t\t<\/figcaption><\/figure><figure class='gallery-item'>\n\t\t\t<div class='gallery-icon landscape'>\n\t\t\t\t<a href='https:\/\/www.arquimaster.com.ar\/web\/wp-content\/uploads\/2016\/10\/sens_ravignani21.jpg' title=\"Sens Ravignani \/ ATV Arquitectos (planta piso 4)\" data-rl_title=\"Sens Ravignani \/ ATV Arquitectos (planta piso 4)\" class=\"rl-gallery-link\" data-rl_caption=\"Sens Ravignani \/ ATV Arquitectos (planta piso 4)\" data-rel=\"lightbox-gallery-1\"><img loading=\"lazy\" decoding=\"async\" width=\"150\" height=\"150\" src=\"https:\/\/www.arquimaster.com.ar\/web\/wp-content\/uploads\/2016\/10\/sens_ravignani21-150x150.jpg\" class=\"attachment-thumbnail size-thumbnail\" alt=\"\" aria-describedby=\"gallery-1-23309\" srcset=\"https:\/\/www.arquimaster.com.ar\/web\/wp-content\/uploads\/2016\/10\/sens_ravignani21-150x150.jpg 150w, https:\/\/www.arquimaster.com.ar\/web\/wp-content\/uploads\/2016\/10\/sens_ravignani21-50x50.jpg 50w, https:\/\/www.arquimaster.com.ar\/web\/wp-content\/uploads\/2016\/10\/sens_ravignani21-125x125.jpg 125w\" sizes=\"auto, (max-width: 150px) 100vw, 150px\" \/><\/a>\n\t\t\t<\/div>\n\t\t\t\t<figcaption class='wp-caption-text gallery-caption' id='gallery-1-23309'>\n\t\t\t\tSens Ravignani \/ ATV Arquitectos (planta piso 4)\n\t\t\t\t<\/figcaption><\/figure><figure class='gallery-item'>\n\t\t\t<div class='gallery-icon landscape'>\n\t\t\t\t<a href='https:\/\/www.arquimaster.com.ar\/web\/wp-content\/uploads\/2016\/10\/sens_ravignani22.jpg' title=\"Sens Ravignani \/ ATV Arquitectos (planta piso 5)\" data-rl_title=\"Sens Ravignani \/ ATV Arquitectos (planta piso 5)\" class=\"rl-gallery-link\" data-rl_caption=\"Sens Ravignani \/ ATV Arquitectos (planta piso 5)\" data-rel=\"lightbox-gallery-1\"><img loading=\"lazy\" decoding=\"async\" width=\"150\" height=\"150\" src=\"https:\/\/www.arquimaster.com.ar\/web\/wp-content\/uploads\/2016\/10\/sens_ravignani22-150x150.jpg\" class=\"attachment-thumbnail size-thumbnail\" alt=\"\" aria-describedby=\"gallery-1-23310\" srcset=\"https:\/\/www.arquimaster.com.ar\/web\/wp-content\/uploads\/2016\/10\/sens_ravignani22-150x150.jpg 150w, https:\/\/www.arquimaster.com.ar\/web\/wp-content\/uploads\/2016\/10\/sens_ravignani22-50x50.jpg 50w, https:\/\/www.arquimaster.com.ar\/web\/wp-content\/uploads\/2016\/10\/sens_ravignani22-125x125.jpg 125w\" sizes=\"auto, (max-width: 150px) 100vw, 150px\" \/><\/a>\n\t\t\t<\/div>\n\t\t\t\t<figcaption class='wp-caption-text gallery-caption' id='gallery-1-23310'>\n\t\t\t\tSens Ravignani \/ ATV Arquitectos (planta piso 5)\n\t\t\t\t<\/figcaption><\/figure><figure class='gallery-item'>\n\t\t\t<div class='gallery-icon landscape'>\n\t\t\t\t<a href='https:\/\/www.arquimaster.com.ar\/web\/wp-content\/uploads\/2016\/10\/sens_ravignani23.jpg' title=\"Sens Ravignani \/ ATV Arquitectos (planta piso 6)\" data-rl_title=\"Sens Ravignani \/ ATV Arquitectos (planta piso 6)\" class=\"rl-gallery-link\" data-rl_caption=\"Sens Ravignani \/ ATV Arquitectos (planta piso 6)\" data-rel=\"lightbox-gallery-1\"><img loading=\"lazy\" decoding=\"async\" width=\"150\" height=\"150\" src=\"https:\/\/www.arquimaster.com.ar\/web\/wp-content\/uploads\/2016\/10\/sens_ravignani23-150x150.jpg\" class=\"attachment-thumbnail size-thumbnail\" alt=\"\" aria-describedby=\"gallery-1-23311\" srcset=\"https:\/\/www.arquimaster.com.ar\/web\/wp-content\/uploads\/2016\/10\/sens_ravignani23-150x150.jpg 150w, https:\/\/www.arquimaster.com.ar\/web\/wp-content\/uploads\/2016\/10\/sens_ravignani23-50x50.jpg 50w, https:\/\/www.arquimaster.com.ar\/web\/wp-content\/uploads\/2016\/10\/sens_ravignani23-125x125.jpg 125w\" sizes=\"auto, (max-width: 150px) 100vw, 150px\" \/><\/a>\n\t\t\t<\/div>\n\t\t\t\t<figcaption class='wp-caption-text gallery-caption' id='gallery-1-23311'>\n\t\t\t\tSens Ravignani \/ ATV Arquitectos (planta piso 6)\n\t\t\t\t<\/figcaption><\/figure><figure class='gallery-item'>\n\t\t\t<div class='gallery-icon landscape'>\n\t\t\t\t<a href='https:\/\/www.arquimaster.com.ar\/web\/wp-content\/uploads\/2016\/10\/sens_ravignani24.jpg' title=\"Sens Ravignani \/ ATV Arquitectos (planta piso 7)\" data-rl_title=\"Sens Ravignani \/ ATV Arquitectos (planta piso 7)\" class=\"rl-gallery-link\" data-rl_caption=\"Sens Ravignani \/ ATV Arquitectos (planta piso 7)\" data-rel=\"lightbox-gallery-1\"><img loading=\"lazy\" decoding=\"async\" width=\"150\" height=\"150\" src=\"https:\/\/www.arquimaster.com.ar\/web\/wp-content\/uploads\/2016\/10\/sens_ravignani24-150x150.jpg\" class=\"attachment-thumbnail size-thumbnail\" alt=\"\" aria-describedby=\"gallery-1-23312\" srcset=\"https:\/\/www.arquimaster.com.ar\/web\/wp-content\/uploads\/2016\/10\/sens_ravignani24-150x150.jpg 150w, https:\/\/www.arquimaster.com.ar\/web\/wp-content\/uploads\/2016\/10\/sens_ravignani24-50x50.jpg 50w, https:\/\/www.arquimaster.com.ar\/web\/wp-content\/uploads\/2016\/10\/sens_ravignani24-125x125.jpg 125w\" sizes=\"auto, (max-width: 150px) 100vw, 150px\" \/><\/a>\n\t\t\t<\/div>\n\t\t\t\t<figcaption class='wp-caption-text gallery-caption' id='gallery-1-23312'>\n\t\t\t\tSens Ravignani \/ ATV Arquitectos (planta piso 7)\n\t\t\t\t<\/figcaption><\/figure><figure class='gallery-item'>\n\t\t\t<div class='gallery-icon landscape'>\n\t\t\t\t<a href='https:\/\/www.arquimaster.com.ar\/web\/wp-content\/uploads\/2016\/10\/sens_ravignani25.jpg' title=\"Sens Ravignani \/ ATV Arquitectos (planta piso 8)\" data-rl_title=\"Sens Ravignani \/ ATV Arquitectos (planta piso 8)\" class=\"rl-gallery-link\" data-rl_caption=\"Sens Ravignani \/ ATV Arquitectos (planta piso 8)\" data-rel=\"lightbox-gallery-1\"><img loading=\"lazy\" decoding=\"async\" width=\"150\" height=\"150\" src=\"https:\/\/www.arquimaster.com.ar\/web\/wp-content\/uploads\/2016\/10\/sens_ravignani25-150x150.jpg\" class=\"attachment-thumbnail size-thumbnail\" alt=\"\" aria-describedby=\"gallery-1-23313\" srcset=\"https:\/\/www.arquimaster.com.ar\/web\/wp-content\/uploads\/2016\/10\/sens_ravignani25-150x150.jpg 150w, https:\/\/www.arquimaster.com.ar\/web\/wp-content\/uploads\/2016\/10\/sens_ravignani25-50x50.jpg 50w, https:\/\/www.arquimaster.com.ar\/web\/wp-content\/uploads\/2016\/10\/sens_ravignani25-125x125.jpg 125w\" sizes=\"auto, (max-width: 150px) 100vw, 150px\" \/><\/a>\n\t\t\t<\/div>\n\t\t\t\t<figcaption class='wp-caption-text gallery-caption' id='gallery-1-23313'>\n\t\t\t\tSens Ravignani \/ ATV Arquitectos (planta piso 8)\n\t\t\t\t<\/figcaption><\/figure><figure class='gallery-item'>\n\t\t\t<div class='gallery-icon landscape'>\n\t\t\t\t<a href='https:\/\/www.arquimaster.com.ar\/web\/wp-content\/uploads\/2016\/10\/sens_ravignani26.jpg' title=\"Sens Ravignani \/ ATV Arquitectos (corte)\" data-rl_title=\"Sens Ravignani \/ ATV Arquitectos (corte)\" class=\"rl-gallery-link\" data-rl_caption=\"Sens Ravignani \/ ATV Arquitectos (corte)\" data-rel=\"lightbox-gallery-1\"><img loading=\"lazy\" decoding=\"async\" width=\"150\" height=\"150\" src=\"https:\/\/www.arquimaster.com.ar\/web\/wp-content\/uploads\/2016\/10\/sens_ravignani26-150x150.jpg\" class=\"attachment-thumbnail size-thumbnail\" alt=\"\" aria-describedby=\"gallery-1-23314\" srcset=\"https:\/\/www.arquimaster.com.ar\/web\/wp-content\/uploads\/2016\/10\/sens_ravignani26-150x150.jpg 150w, https:\/\/www.arquimaster.com.ar\/web\/wp-content\/uploads\/2016\/10\/sens_ravignani26-768x768.jpg 768w, https:\/\/www.arquimaster.com.ar\/web\/wp-content\/uploads\/2016\/10\/sens_ravignani26-50x50.jpg 50w, https:\/\/www.arquimaster.com.ar\/web\/wp-content\/uploads\/2016\/10\/sens_ravignani26-125x125.jpg 125w, https:\/\/www.arquimaster.com.ar\/web\/wp-content\/uploads\/2016\/10\/sens_ravignani26.jpg 800w\" sizes=\"auto, (max-width: 150px) 100vw, 150px\" \/><\/a>\n\t\t\t<\/div>\n\t\t\t\t<figcaption class='wp-caption-text gallery-caption' id='gallery-1-23314'>\n\t\t\t\tSens Ravignani \/ ATV Arquitectos (corte)\n\t\t\t\t<\/figcaption><\/figure><figure class='gallery-item'>\n\t\t\t<div class='gallery-icon landscape'>\n\t\t\t\t<a href='https:\/\/www.arquimaster.com.ar\/web\/wp-content\/uploads\/2016\/10\/sens_ravignani27.jpg' title=\"Sens Ravignani \/ ATV Arquitectos (nucleo)\" data-rl_title=\"Sens Ravignani \/ ATV Arquitectos (nucleo)\" class=\"rl-gallery-link\" data-rl_caption=\"Sens Ravignani \/ ATV Arquitectos (nucleo)\" data-rel=\"lightbox-gallery-1\"><img loading=\"lazy\" decoding=\"async\" width=\"150\" height=\"150\" src=\"https:\/\/www.arquimaster.com.ar\/web\/wp-content\/uploads\/2016\/10\/sens_ravignani27-150x150.jpg\" class=\"attachment-thumbnail size-thumbnail\" alt=\"\" aria-describedby=\"gallery-1-23315\" srcset=\"https:\/\/www.arquimaster.com.ar\/web\/wp-content\/uploads\/2016\/10\/sens_ravignani27-150x150.jpg 150w, https:\/\/www.arquimaster.com.ar\/web\/wp-content\/uploads\/2016\/10\/sens_ravignani27-50x50.jpg 50w, https:\/\/www.arquimaster.com.ar\/web\/wp-content\/uploads\/2016\/10\/sens_ravignani27-125x125.jpg 125w\" sizes=\"auto, (max-width: 150px) 100vw, 150px\" \/><\/a>\n\t\t\t<\/div>\n\t\t\t\t<figcaption class='wp-caption-text gallery-caption' id='gallery-1-23315'>\n\t\t\t\tSens Ravignani \/ ATV Arquitectos (nucleo)\n\t\t\t\t<\/figcaption><\/figure>\n\t\t<\/div>\n\n<p>La materializaci\u00f3n de dichos contactos con su entorno inmediato tiene como premisa generar los mismos a partir de una estructura mixta de hormig\u00f3n y columnas met\u00e1licas como el lenguaje que se hace expresivo y evidencia la raz\u00f3n de cada uno de los elementos que la componen.<\/p>\n<p>Esta estructura permite continuidades y discontinuidades, vac\u00edo y llenos, generando expansiones, dobles alturas y visuales cruzadas que se contin\u00faan hacia el interior de las unidades buscando hacer de la propiedad horizontal una tipolog\u00eda que retome el esp\u00edritu de la casa, tanto desde su relaci\u00f3n con los espacios exteriores como por visuales cruzadas desde la propia unidad o desde unidades contiguas.<\/p>\n<p>La obra alterna tipol\u00f3gicamente unidades de diversas medidas, espacios y relaciones proponiendo modos de operar sobre el problema de la repetici\u00f3n y la variaci\u00f3n como otro de los temas propuestos. Las mismas, funcionalmente, poseen sus n\u00facleos h\u00famedos conformando una pieza com\u00fan de forma simple en el sector central de la planta y en relaci\u00f3n al n\u00facleo com\u00fan de circulaci\u00f3n de modo de liberar el espacio de uso interior, posibilitando la apertura o cierre a partir de celos\u00edas internas de madera.<\/p>\n<p>Como remate el proyecto posee dos unidades de cuatro ambientes en d\u00faplex, con terraza y piscina propia, que aprovechan las condicionantes del c\u00f3digo en cuanto a los retiros, generando diversas situaciones exteriores donde las expansiones se relacionan visualmente como un correlato de vac\u00edos en altura que amplifican el aire, la luz natural y la amplitud a los espacios interiores.<\/p>\n<p><strong>Ficha t\u00e9cnica<\/strong><br \/>\nNombre: Casas en altura Sens Ravignani<br \/>\nUbicaci\u00f3n: Ravignani 2015-21, Palermo, Ciudad de Buenos Aires, Argentina<br \/>\nProyectistas: ATV Arquitectos (Azubel-Trabucchi-Viggiano)<br \/>\nEquipo de proyecto: Arq. Dami\u00e1n Parodi, Arq. Pablo Macchi, Arq. Diego Bazzigalupi, Arq. Marcelo Grendene, Arq. Guadalupe Pinazo, Arq. Vanesa Lijdens<br \/>\nTipo: Edificio de Vivienda Multifamiliar<br \/>\nDescripci\u00f3n: Edificio de Categor\u00eda Premium en Palermo Hollywood que se desarrolla en un terreno de 17,50 metros de frente. Cuenta con 19 departamentos distribuidos en 8 pisos: 12 departamentos de dos ambientes, 4 departamentos de tres ambientes, 1 duplex de 3 ambientes y 2 triplex de cinco ambientes con terraza y piscina propia. Con especial atenci\u00f3n en el dise\u00f1o integral y en los detalles se destaca su imponente hall de acceso y los espacios comunes, Sal\u00f3n de Usos M\u00faltiples con parrilla y terraza, sector de juegos para ni\u00f1os, piscina y laundry<br \/>\nSuperficie terreno: 445 m2<br \/>\nSuperficie construida: 2600 m2<br \/>\nValor promedio por m2: USD 3500<br \/>\nInversi\u00f3n m\u00ednima: Departamentos terminados con entrega inmediata. Desde USD 180000<br \/>\nDesarrollador: ATV Arquitectos<br \/>\nA\u00f1o: 2016<br \/>\nFotos: Albano Garcia<\/p>\n<p><strong>Contacto:<\/strong> <a href=\"http:\/\/www.atvarquitectos.com\" target=\"_blank\">http:\/\/www.atvarquitectos.com<\/a><\/p>\n\n<div style=\"font-size: 0px; height: 0px; line-height: 0px; margin: 0; padding: 0; clear: both;\"><\/div><div style=\"margin-top: 0px; margin-bottom: 0px;\" class=\"sharethis-inline-share-buttons\" ><\/div>","protected":false},"excerpt":{"rendered":"<p>Continuidades y discontinuidades, vac\u00edo y llenos, expansiones, dobles alturas y visuales cruzadas&#8230;<\/p>\n","protected":false},"author":1,"featured_media":23287,"comment_status":"closed","ping_status":"closed","sticky":false,"template":"","format":"standard","meta":{"_uag_custom_page_level_css":"","footnotes":""},"categories":[80,1],"tags":[3979,3978,87,297,2989,91],"class_list":["post-23286","post","type-post","status-publish","format-standard","has-post-thumbnail","hentry","category-edificio-viviendas","category-proyecto","tag-atv-arquitectos","tag-casas-en-altura","tag-edificio-de-viviendas","tag-palermo","tag-palermo-hollywood","tag-vivienda-multifamiliar","generate-columns","tablet-grid-50","mobile-grid-100","grid-parent","grid-50"],"yoast_head":"<!-- This site is optimized with the Yoast SEO plugin v27.3 - https:\/\/yoast.com\/product\/yoast-seo-wordpress\/ -->\n<title>Sens Ravignani \/ ATV Arquitectos - Arquimaster<\/title>\n<meta name=\"robots\" content=\"index, follow, max-snippet:-1, max-image-preview:large, max-video-preview:-1\" \/>\n<link rel=\"canonical\" href=\"https:\/\/www.arquimaster.com.ar\/web\/sens-ravignani-atv-arquitectos\/\" \/>\n<meta property=\"og:locale\" content=\"es_ES\" \/>\n<meta property=\"og:type\" content=\"article\" \/>\n<meta property=\"og:title\" content=\"Sens Ravignani \/ ATV Arquitectos - Arquimaster\" \/>\n<meta property=\"og:description\" content=\"Continuidades y discontinuidades, vac\u00edo y llenos, expansiones, dobles alturas y visuales cruzadas...\" \/>\n<meta property=\"og:url\" content=\"https:\/\/www.arquimaster.com.ar\/web\/sens-ravignani-atv-arquitectos\/\" \/>\n<meta property=\"og:site_name\" content=\"Arquimaster\" \/>\n<meta property=\"article:publisher\" content=\"http:\/\/www.facebook.com\/ARQUIMASTER.com.ar\" \/>\n<meta property=\"article:published_time\" content=\"2016-10-22T01:27:12+00:00\" \/>\n<meta property=\"article:modified_time\" content=\"2016-10-25T01:46:52+00:00\" \/>\n<meta property=\"og:image\" content=\"https:\/\/www.arquimaster.com.ar\/web\/wp-content\/uploads\/2016\/10\/sens_ravignani_slide1.jpg\" \/>\n\t<meta property=\"og:image:width\" content=\"642\" \/>\n\t<meta property=\"og:image:height\" content=\"336\" \/>\n\t<meta property=\"og:image:type\" content=\"image\/jpeg\" \/>\n<meta name=\"author\" content=\"Arquimaster\" \/>\n<meta name=\"twitter:card\" content=\"summary_large_image\" \/>\n<meta name=\"twitter:creator\" content=\"@arquimaster\" \/>\n<meta name=\"twitter:site\" content=\"@arquimaster\" \/>\n<meta name=\"twitter:label1\" content=\"Escrito por\" \/>\n\t<meta name=\"twitter:data1\" content=\"Arquimaster\" \/>\n\t<meta name=\"twitter:label2\" content=\"Tiempo de lectura\" \/>\n\t<meta name=\"twitter:data2\" content=\"3 minutos\" \/>\n<script type=\"application\/ld+json\" class=\"yoast-schema-graph\">{\"@context\":\"https:\\\/\\\/schema.org\",\"@graph\":[{\"@type\":\"Article\",\"@id\":\"https:\\\/\\\/www.arquimaster.com.ar\\\/web\\\/sens-ravignani-atv-arquitectos\\\/#article\",\"isPartOf\":{\"@id\":\"https:\\\/\\\/www.arquimaster.com.ar\\\/web\\\/sens-ravignani-atv-arquitectos\\\/\"},\"author\":{\"name\":\"Arquimaster\",\"@id\":\"https:\\\/\\\/www.arquimaster.com.ar\\\/web\\\/#\\\/schema\\\/person\\\/359e9f7c00193fcde068e0dd2ceb0028\"},\"headline\":\"Sens Ravignani \\\/ ATV Arquitectos\",\"datePublished\":\"2016-10-22T01:27:12+00:00\",\"dateModified\":\"2016-10-25T01:46:52+00:00\",\"mainEntityOfPage\":{\"@id\":\"https:\\\/\\\/www.arquimaster.com.ar\\\/web\\\/sens-ravignani-atv-arquitectos\\\/\"},\"wordCount\":552,\"publisher\":{\"@id\":\"https:\\\/\\\/www.arquimaster.com.ar\\\/web\\\/#organization\"},\"image\":{\"@id\":\"https:\\\/\\\/www.arquimaster.com.ar\\\/web\\\/sens-ravignani-atv-arquitectos\\\/#primaryimage\"},\"thumbnailUrl\":\"https:\\\/\\\/www.arquimaster.com.ar\\\/web\\\/wp-content\\\/uploads\\\/2016\\\/10\\\/sens_ravignani_slide1.jpg\",\"keywords\":[\"ATV Arquitectos\",\"casas en altura\",\"edificio de viviendas\",\"Palermo\",\"Palermo Hollywood\",\"vivienda multifamiliar\"],\"articleSection\":[\"Edificios de viviendas\",\"Proyecto\"],\"inLanguage\":\"es\"},{\"@type\":\"WebPage\",\"@id\":\"https:\\\/\\\/www.arquimaster.com.ar\\\/web\\\/sens-ravignani-atv-arquitectos\\\/\",\"url\":\"https:\\\/\\\/www.arquimaster.com.ar\\\/web\\\/sens-ravignani-atv-arquitectos\\\/\",\"name\":\"Sens Ravignani \\\/ ATV Arquitectos - Arquimaster\",\"isPartOf\":{\"@id\":\"https:\\\/\\\/www.arquimaster.com.ar\\\/web\\\/#website\"},\"primaryImageOfPage\":{\"@id\":\"https:\\\/\\\/www.arquimaster.com.ar\\\/web\\\/sens-ravignani-atv-arquitectos\\\/#primaryimage\"},\"image\":{\"@id\":\"https:\\\/\\\/www.arquimaster.com.ar\\\/web\\\/sens-ravignani-atv-arquitectos\\\/#primaryimage\"},\"thumbnailUrl\":\"https:\\\/\\\/www.arquimaster.com.ar\\\/web\\\/wp-content\\\/uploads\\\/2016\\\/10\\\/sens_ravignani_slide1.jpg\",\"datePublished\":\"2016-10-22T01:27:12+00:00\",\"dateModified\":\"2016-10-25T01:46:52+00:00\",\"breadcrumb\":{\"@id\":\"https:\\\/\\\/www.arquimaster.com.ar\\\/web\\\/sens-ravignani-atv-arquitectos\\\/#breadcrumb\"},\"inLanguage\":\"es\",\"potentialAction\":[{\"@type\":\"ReadAction\",\"target\":[\"https:\\\/\\\/www.arquimaster.com.ar\\\/web\\\/sens-ravignani-atv-arquitectos\\\/\"]}]},{\"@type\":\"ImageObject\",\"inLanguage\":\"es\",\"@id\":\"https:\\\/\\\/www.arquimaster.com.ar\\\/web\\\/sens-ravignani-atv-arquitectos\\\/#primaryimage\",\"url\":\"https:\\\/\\\/www.arquimaster.com.ar\\\/web\\\/wp-content\\\/uploads\\\/2016\\\/10\\\/sens_ravignani_slide1.jpg\",\"contentUrl\":\"https:\\\/\\\/www.arquimaster.com.ar\\\/web\\\/wp-content\\\/uploads\\\/2016\\\/10\\\/sens_ravignani_slide1.jpg\",\"width\":642,\"height\":336},{\"@type\":\"BreadcrumbList\",\"@id\":\"https:\\\/\\\/www.arquimaster.com.ar\\\/web\\\/sens-ravignani-atv-arquitectos\\\/#breadcrumb\",\"itemListElement\":[{\"@type\":\"ListItem\",\"position\":1,\"name\":\"Portada\",\"item\":\"https:\\\/\\\/www.arquimaster.com.ar\\\/web\\\/\"},{\"@type\":\"ListItem\",\"position\":2,\"name\":\"Sens Ravignani \\\/ ATV Arquitectos\"}]},{\"@type\":\"WebSite\",\"@id\":\"https:\\\/\\\/www.arquimaster.com.ar\\\/web\\\/#website\",\"url\":\"https:\\\/\\\/www.arquimaster.com.ar\\\/web\\\/\",\"name\":\"Arquimaster\",\"description\":\"Web de arquitectura, dise\u00f1o y construccion\",\"publisher\":{\"@id\":\"https:\\\/\\\/www.arquimaster.com.ar\\\/web\\\/#organization\"},\"potentialAction\":[{\"@type\":\"SearchAction\",\"target\":{\"@type\":\"EntryPoint\",\"urlTemplate\":\"https:\\\/\\\/www.arquimaster.com.ar\\\/web\\\/?s={search_term_string}\"},\"query-input\":{\"@type\":\"PropertyValueSpecification\",\"valueRequired\":true,\"valueName\":\"search_term_string\"}}],\"inLanguage\":\"es\"},{\"@type\":\"Organization\",\"@id\":\"https:\\\/\\\/www.arquimaster.com.ar\\\/web\\\/#organization\",\"name\":\"Arquimaster\",\"url\":\"https:\\\/\\\/www.arquimaster.com.ar\\\/web\\\/\",\"logo\":{\"@type\":\"ImageObject\",\"inLanguage\":\"es\",\"@id\":\"https:\\\/\\\/www.arquimaster.com.ar\\\/web\\\/#\\\/schema\\\/logo\\\/image\\\/\",\"url\":\"https:\\\/\\\/www.arquimaster.com.ar\\\/web\\\/wp-content\\\/uploads\\\/2022\\\/06\\\/arquimaster.png\",\"contentUrl\":\"https:\\\/\\\/www.arquimaster.com.ar\\\/web\\\/wp-content\\\/uploads\\\/2022\\\/06\\\/arquimaster.png\",\"width\":594,\"height\":78,\"caption\":\"Arquimaster\"},\"image\":{\"@id\":\"https:\\\/\\\/www.arquimaster.com.ar\\\/web\\\/#\\\/schema\\\/logo\\\/image\\\/\"},\"sameAs\":[\"http:\\\/\\\/www.facebook.com\\\/ARQUIMASTER.com.ar\",\"https:\\\/\\\/x.com\\\/arquimaster\",\"https:\\\/\\\/www.instagram.com\\\/arquimasterblog\\\/\",\"https:\\\/\\\/www.linkedin.com\\\/company\\\/arquimaster\",\"https:\\\/\\\/www.pinterest.com\\\/arquimaster\",\"https:\\\/\\\/t.me\\\/arquimaster\"]},{\"@type\":\"Person\",\"@id\":\"https:\\\/\\\/www.arquimaster.com.ar\\\/web\\\/#\\\/schema\\\/person\\\/359e9f7c00193fcde068e0dd2ceb0028\",\"name\":\"Arquimaster\"}]}<\/script>\n<!-- \/ Yoast SEO plugin. -->","yoast_head_json":{"title":"Sens Ravignani \/ ATV Arquitectos - Arquimaster","robots":{"index":"index","follow":"follow","max-snippet":"max-snippet:-1","max-image-preview":"max-image-preview:large","max-video-preview":"max-video-preview:-1"},"canonical":"https:\/\/www.arquimaster.com.ar\/web\/sens-ravignani-atv-arquitectos\/","og_locale":"es_ES","og_type":"article","og_title":"Sens Ravignani \/ ATV Arquitectos - Arquimaster","og_description":"Continuidades y discontinuidades, vac\u00edo y llenos, expansiones, dobles alturas y visuales cruzadas...","og_url":"https:\/\/www.arquimaster.com.ar\/web\/sens-ravignani-atv-arquitectos\/","og_site_name":"Arquimaster","article_publisher":"http:\/\/www.facebook.com\/ARQUIMASTER.com.ar","article_published_time":"2016-10-22T01:27:12+00:00","article_modified_time":"2016-10-25T01:46:52+00:00","og_image":[{"width":642,"height":336,"url":"https:\/\/www.arquimaster.com.ar\/web\/wp-content\/uploads\/2016\/10\/sens_ravignani_slide1.jpg","type":"image\/jpeg"}],"author":"Arquimaster","twitter_card":"summary_large_image","twitter_creator":"@arquimaster","twitter_site":"@arquimaster","twitter_misc":{"Escrito por":"Arquimaster","Tiempo de lectura":"3 minutos"},"schema":{"@context":"https:\/\/schema.org","@graph":[{"@type":"Article","@id":"https:\/\/www.arquimaster.com.ar\/web\/sens-ravignani-atv-arquitectos\/#article","isPartOf":{"@id":"https:\/\/www.arquimaster.com.ar\/web\/sens-ravignani-atv-arquitectos\/"},"author":{"name":"Arquimaster","@id":"https:\/\/www.arquimaster.com.ar\/web\/#\/schema\/person\/359e9f7c00193fcde068e0dd2ceb0028"},"headline":"Sens Ravignani \/ ATV Arquitectos","datePublished":"2016-10-22T01:27:12+00:00","dateModified":"2016-10-25T01:46:52+00:00","mainEntityOfPage":{"@id":"https:\/\/www.arquimaster.com.ar\/web\/sens-ravignani-atv-arquitectos\/"},"wordCount":552,"publisher":{"@id":"https:\/\/www.arquimaster.com.ar\/web\/#organization"},"image":{"@id":"https:\/\/www.arquimaster.com.ar\/web\/sens-ravignani-atv-arquitectos\/#primaryimage"},"thumbnailUrl":"https:\/\/www.arquimaster.com.ar\/web\/wp-content\/uploads\/2016\/10\/sens_ravignani_slide1.jpg","keywords":["ATV Arquitectos","casas en altura","edificio de viviendas","Palermo","Palermo Hollywood","vivienda multifamiliar"],"articleSection":["Edificios de viviendas","Proyecto"],"inLanguage":"es"},{"@type":"WebPage","@id":"https:\/\/www.arquimaster.com.ar\/web\/sens-ravignani-atv-arquitectos\/","url":"https:\/\/www.arquimaster.com.ar\/web\/sens-ravignani-atv-arquitectos\/","name":"Sens Ravignani \/ ATV Arquitectos - Arquimaster","isPartOf":{"@id":"https:\/\/www.arquimaster.com.ar\/web\/#website"},"primaryImageOfPage":{"@id":"https:\/\/www.arquimaster.com.ar\/web\/sens-ravignani-atv-arquitectos\/#primaryimage"},"image":{"@id":"https:\/\/www.arquimaster.com.ar\/web\/sens-ravignani-atv-arquitectos\/#primaryimage"},"thumbnailUrl":"https:\/\/www.arquimaster.com.ar\/web\/wp-content\/uploads\/2016\/10\/sens_ravignani_slide1.jpg","datePublished":"2016-10-22T01:27:12+00:00","dateModified":"2016-10-25T01:46:52+00:00","breadcrumb":{"@id":"https:\/\/www.arquimaster.com.ar\/web\/sens-ravignani-atv-arquitectos\/#breadcrumb"},"inLanguage":"es","potentialAction":[{"@type":"ReadAction","target":["https:\/\/www.arquimaster.com.ar\/web\/sens-ravignani-atv-arquitectos\/"]}]},{"@type":"ImageObject","inLanguage":"es","@id":"https:\/\/www.arquimaster.com.ar\/web\/sens-ravignani-atv-arquitectos\/#primaryimage","url":"https:\/\/www.arquimaster.com.ar\/web\/wp-content\/uploads\/2016\/10\/sens_ravignani_slide1.jpg","contentUrl":"https:\/\/www.arquimaster.com.ar\/web\/wp-content\/uploads\/2016\/10\/sens_ravignani_slide1.jpg","width":642,"height":336},{"@type":"BreadcrumbList","@id":"https:\/\/www.arquimaster.com.ar\/web\/sens-ravignani-atv-arquitectos\/#breadcrumb","itemListElement":[{"@type":"ListItem","position":1,"name":"Portada","item":"https:\/\/www.arquimaster.com.ar\/web\/"},{"@type":"ListItem","position":2,"name":"Sens Ravignani \/ ATV Arquitectos"}]},{"@type":"WebSite","@id":"https:\/\/www.arquimaster.com.ar\/web\/#website","url":"https:\/\/www.arquimaster.com.ar\/web\/","name":"Arquimaster","description":"Web de arquitectura, dise\u00f1o y construccion","publisher":{"@id":"https:\/\/www.arquimaster.com.ar\/web\/#organization"},"potentialAction":[{"@type":"SearchAction","target":{"@type":"EntryPoint","urlTemplate":"https:\/\/www.arquimaster.com.ar\/web\/?s={search_term_string}"},"query-input":{"@type":"PropertyValueSpecification","valueRequired":true,"valueName":"search_term_string"}}],"inLanguage":"es"},{"@type":"Organization","@id":"https:\/\/www.arquimaster.com.ar\/web\/#organization","name":"Arquimaster","url":"https:\/\/www.arquimaster.com.ar\/web\/","logo":{"@type":"ImageObject","inLanguage":"es","@id":"https:\/\/www.arquimaster.com.ar\/web\/#\/schema\/logo\/image\/","url":"https:\/\/www.arquimaster.com.ar\/web\/wp-content\/uploads\/2022\/06\/arquimaster.png","contentUrl":"https:\/\/www.arquimaster.com.ar\/web\/wp-content\/uploads\/2022\/06\/arquimaster.png","width":594,"height":78,"caption":"Arquimaster"},"image":{"@id":"https:\/\/www.arquimaster.com.ar\/web\/#\/schema\/logo\/image\/"},"sameAs":["http:\/\/www.facebook.com\/ARQUIMASTER.com.ar","https:\/\/x.com\/arquimaster","https:\/\/www.instagram.com\/arquimasterblog\/","https:\/\/www.linkedin.com\/company\/arquimaster","https:\/\/www.pinterest.com\/arquimaster","https:\/\/t.me\/arquimaster"]},{"@type":"Person","@id":"https:\/\/www.arquimaster.com.ar\/web\/#\/schema\/person\/359e9f7c00193fcde068e0dd2ceb0028","name":"Arquimaster"}]}},"uagb_featured_image_src":{"full":["https:\/\/www.arquimaster.com.ar\/web\/wp-content\/uploads\/2016\/10\/sens_ravignani_slide1.jpg",642,336,false],"thumbnail":["https:\/\/www.arquimaster.com.ar\/web\/wp-content\/uploads\/2016\/10\/sens_ravignani_slide1-150x150.jpg",150,150,true],"medium":["https:\/\/www.arquimaster.com.ar\/web\/wp-content\/uploads\/2016\/10\/sens_ravignani_slide1.jpg",642,336,false],"medium_large":["https:\/\/www.arquimaster.com.ar\/web\/wp-content\/uploads\/2016\/10\/sens_ravignani_slide1.jpg",642,336,false],"large":["https:\/\/www.arquimaster.com.ar\/web\/wp-content\/uploads\/2016\/10\/sens_ravignani_slide1.jpg",642,336,false],"1536x1536":["https:\/\/www.arquimaster.com.ar\/web\/wp-content\/uploads\/2016\/10\/sens_ravignani_slide1.jpg",642,336,false],"2048x2048":["https:\/\/www.arquimaster.com.ar\/web\/wp-content\/uploads\/2016\/10\/sens_ravignani_slide1.jpg",642,336,false]},"uagb_author_info":{"display_name":"Arquimaster","author_link":"https:\/\/www.arquimaster.com.ar\/web\/author\/arquimaster\/"},"uagb_comment_info":0,"uagb_excerpt":"Continuidades y discontinuidades, vac\u00edo y llenos, expansiones, dobles alturas y visuales cruzadas...","_links":{"self":[{"href":"https:\/\/www.arquimaster.com.ar\/web\/wp-json\/wp\/v2\/posts\/23286","targetHints":{"allow":["GET"]}}],"collection":[{"href":"https:\/\/www.arquimaster.com.ar\/web\/wp-json\/wp\/v2\/posts"}],"about":[{"href":"https:\/\/www.arquimaster.com.ar\/web\/wp-json\/wp\/v2\/types\/post"}],"author":[{"embeddable":true,"href":"https:\/\/www.arquimaster.com.ar\/web\/wp-json\/wp\/v2\/users\/1"}],"replies":[{"embeddable":true,"href":"https:\/\/www.arquimaster.com.ar\/web\/wp-json\/wp\/v2\/comments?post=23286"}],"version-history":[{"count":0,"href":"https:\/\/www.arquimaster.com.ar\/web\/wp-json\/wp\/v2\/posts\/23286\/revisions"}],"wp:featuredmedia":[{"embeddable":true,"href":"https:\/\/www.arquimaster.com.ar\/web\/wp-json\/wp\/v2\/media\/23287"}],"wp:attachment":[{"href":"https:\/\/www.arquimaster.com.ar\/web\/wp-json\/wp\/v2\/media?parent=23286"}],"wp:term":[{"taxonomy":"category","embeddable":true,"href":"https:\/\/www.arquimaster.com.ar\/web\/wp-json\/wp\/v2\/categories?post=23286"},{"taxonomy":"post_tag","embeddable":true,"href":"https:\/\/www.arquimaster.com.ar\/web\/wp-json\/wp\/v2\/tags?post=23286"}],"curies":[{"name":"wp","href":"https:\/\/api.w.org\/{rel}","templated":true}]}}