{"id":23536,"date":"2016-10-31T20:00:25","date_gmt":"2016-10-31T20:00:25","guid":{"rendered":"http:\/\/www.arquimaster.com.ar\/web\/?p=23536"},"modified":"2016-11-02T00:45:49","modified_gmt":"2016-11-02T00:45:49","slug":"estar-espacio-22-casa-foa-2016-viviana-melamed","status":"publish","type":"post","link":"https:\/\/www.arquimaster.com.ar\/web\/estar-espacio-22-casa-foa-2016-viviana-melamed\/","title":{"rendered":"Estar (Espacio 22 \/ Casa FOA 2016) \/ Viviana Melamed"},"content":{"rendered":"<div style=\"margin-top: 0px; margin-bottom: 0px;\" class=\"sharethis-inline-share-buttons\" ><\/div><div class=\"b812932af2e751442846f039925109de\" data-index=\"1\" style=\"float: none; margin:25px 0 25px 0; text-align:center;\">\n<script async src=\"https:\/\/pagead2.googlesyndication.com\/pagead\/js\/adsbygoogle.js\"><\/script>\r\n<!-- Arquimaster (superior) -->\r\n<ins class=\"adsbygoogle\"\r\n     style=\"display:block\"\r\n     data-ad-client=\"ca-pub-6351072698456832\"\r\n     data-ad-slot=\"6455489680\"\r\n     data-ad-format=\"auto\"\r\n     data-full-width-responsive=\"true\"><\/ins>\r\n<script>\r\n     (adsbygoogle = window.adsbygoogle || []).push({});\r\n<\/script>\n<\/div>\n<p><strong>Estar<\/strong> (Espacio 22 \/ Casa FOA 2016) por <strong>Estudio Viviana Melamed<\/strong>. Un peque\u00f1o estar lleno de detalles contempor\u00e1neos y sofisticados. Planteamos un uso de rincones, sector principal de estar relajado m\u00e1s dos rincones acentuados y reconvertidos, uno con un desarrollo de escritorio y otro de exhibici\u00f3n de arte.<\/p>\n<div id='gallery-1' class='gallery galleryid-23536 gallery-columns-3 gallery-size-thumbnail'><figure class='gallery-item'>\n\t\t\t<div class='gallery-icon landscape'>\n\t\t\t\t<a href='https:\/\/www.arquimaster.com.ar\/web\/wp-content\/uploads\/2016\/10\/espacio22_casafoa2016_1.jpg' title=\"Estar (Espacio 22 \/ Casa FOA 2016) \/ Viviana Melamed\" data-rl_title=\"Estar (Espacio 22 \/ Casa FOA 2016) \/ Viviana Melamed\" class=\"rl-gallery-link\" data-rl_caption=\"Estar (Espacio 22 \/ Casa FOA 2016) \/ Viviana Melamed\" data-rel=\"lightbox-gallery-1\"><img loading=\"lazy\" decoding=\"async\" width=\"150\" height=\"150\" src=\"https:\/\/www.arquimaster.com.ar\/web\/wp-content\/uploads\/2016\/10\/espacio22_casafoa2016_1-150x150.jpg\" class=\"attachment-thumbnail size-thumbnail\" alt=\"\" aria-describedby=\"gallery-1-23538\" srcset=\"https:\/\/www.arquimaster.com.ar\/web\/wp-content\/uploads\/2016\/10\/espacio22_casafoa2016_1-150x150.jpg 150w, https:\/\/www.arquimaster.com.ar\/web\/wp-content\/uploads\/2016\/10\/espacio22_casafoa2016_1-50x50.jpg 50w, https:\/\/www.arquimaster.com.ar\/web\/wp-content\/uploads\/2016\/10\/espacio22_casafoa2016_1-125x125.jpg 125w\" sizes=\"auto, (max-width: 150px) 100vw, 150px\" \/><\/a>\n\t\t\t<\/div>\n\t\t\t\t<figcaption class='wp-caption-text gallery-caption' id='gallery-1-23538'>\n\t\t\t\tEstar (Espacio 22 \/ Casa FOA 2016) \/ Viviana Melamed\n\t\t\t\t<\/figcaption><\/figure><figure class='gallery-item'>\n\t\t\t<div class='gallery-icon landscape'>\n\t\t\t\t<a href='https:\/\/www.arquimaster.com.ar\/web\/wp-content\/uploads\/2016\/10\/espacio22_casafoa2016_2.jpg' title=\"Estar (Espacio 22 \/ Casa FOA 2016) \/ Viviana Melamed\" data-rl_title=\"Estar (Espacio 22 \/ Casa FOA 2016) \/ Viviana Melamed\" class=\"rl-gallery-link\" data-rl_caption=\"Estar (Espacio 22 \/ Casa FOA 2016) \/ Viviana Melamed\" data-rel=\"lightbox-gallery-1\"><img loading=\"lazy\" decoding=\"async\" width=\"150\" height=\"150\" src=\"https:\/\/www.arquimaster.com.ar\/web\/wp-content\/uploads\/2016\/10\/espacio22_casafoa2016_2-150x150.jpg\" class=\"attachment-thumbnail size-thumbnail\" alt=\"\" aria-describedby=\"gallery-1-23539\" srcset=\"https:\/\/www.arquimaster.com.ar\/web\/wp-content\/uploads\/2016\/10\/espacio22_casafoa2016_2-150x150.jpg 150w, https:\/\/www.arquimaster.com.ar\/web\/wp-content\/uploads\/2016\/10\/espacio22_casafoa2016_2-50x50.jpg 50w, https:\/\/www.arquimaster.com.ar\/web\/wp-content\/uploads\/2016\/10\/espacio22_casafoa2016_2-125x125.jpg 125w\" sizes=\"auto, (max-width: 150px) 100vw, 150px\" \/><\/a>\n\t\t\t<\/div>\n\t\t\t\t<figcaption class='wp-caption-text gallery-caption' id='gallery-1-23539'>\n\t\t\t\tEstar (Espacio 22 \/ Casa FOA 2016) \/ Viviana Melamed\n\t\t\t\t<\/figcaption><\/figure><figure class='gallery-item'>\n\t\t\t<div class='gallery-icon landscape'>\n\t\t\t\t<a href='https:\/\/www.arquimaster.com.ar\/web\/wp-content\/uploads\/2016\/10\/espacio22_casafoa2016_3.jpg' title=\"Estar (Espacio 22 \/ Casa FOA 2016) \/ Viviana Melamed\" data-rl_title=\"Estar (Espacio 22 \/ Casa FOA 2016) \/ Viviana Melamed\" class=\"rl-gallery-link\" data-rl_caption=\"Estar (Espacio 22 \/ Casa FOA 2016) \/ Viviana Melamed\" data-rel=\"lightbox-gallery-1\"><img loading=\"lazy\" decoding=\"async\" width=\"150\" height=\"150\" src=\"https:\/\/www.arquimaster.com.ar\/web\/wp-content\/uploads\/2016\/10\/espacio22_casafoa2016_3-150x150.jpg\" class=\"attachment-thumbnail size-thumbnail\" alt=\"\" aria-describedby=\"gallery-1-23540\" srcset=\"https:\/\/www.arquimaster.com.ar\/web\/wp-content\/uploads\/2016\/10\/espacio22_casafoa2016_3-150x150.jpg 150w, https:\/\/www.arquimaster.com.ar\/web\/wp-content\/uploads\/2016\/10\/espacio22_casafoa2016_3-50x50.jpg 50w, https:\/\/www.arquimaster.com.ar\/web\/wp-content\/uploads\/2016\/10\/espacio22_casafoa2016_3-125x125.jpg 125w\" sizes=\"auto, (max-width: 150px) 100vw, 150px\" \/><\/a>\n\t\t\t<\/div>\n\t\t\t\t<figcaption class='wp-caption-text gallery-caption' id='gallery-1-23540'>\n\t\t\t\tEstar (Espacio 22 \/ Casa FOA 2016) \/ Viviana Melamed\n\t\t\t\t<\/figcaption><\/figure><figure class='gallery-item'>\n\t\t\t<div class='gallery-icon landscape'>\n\t\t\t\t<a href='https:\/\/www.arquimaster.com.ar\/web\/wp-content\/uploads\/2016\/10\/espacio22_casafoa2016_4.jpg' title=\"Estar (Espacio 22 \/ Casa FOA 2016) \/ Viviana Melamed\" data-rl_title=\"Estar (Espacio 22 \/ Casa FOA 2016) \/ Viviana Melamed\" class=\"rl-gallery-link\" data-rl_caption=\"Estar (Espacio 22 \/ Casa FOA 2016) \/ Viviana Melamed\" data-rel=\"lightbox-gallery-1\"><img loading=\"lazy\" decoding=\"async\" width=\"150\" height=\"150\" src=\"https:\/\/www.arquimaster.com.ar\/web\/wp-content\/uploads\/2016\/10\/espacio22_casafoa2016_4-150x150.jpg\" class=\"attachment-thumbnail size-thumbnail\" alt=\"\" aria-describedby=\"gallery-1-23541\" srcset=\"https:\/\/www.arquimaster.com.ar\/web\/wp-content\/uploads\/2016\/10\/espacio22_casafoa2016_4-150x150.jpg 150w, https:\/\/www.arquimaster.com.ar\/web\/wp-content\/uploads\/2016\/10\/espacio22_casafoa2016_4-50x50.jpg 50w, https:\/\/www.arquimaster.com.ar\/web\/wp-content\/uploads\/2016\/10\/espacio22_casafoa2016_4-125x125.jpg 125w\" sizes=\"auto, (max-width: 150px) 100vw, 150px\" \/><\/a>\n\t\t\t<\/div>\n\t\t\t\t<figcaption class='wp-caption-text gallery-caption' id='gallery-1-23541'>\n\t\t\t\tEstar (Espacio 22 \/ Casa FOA 2016) \/ Viviana Melamed\n\t\t\t\t<\/figcaption><\/figure><figure class='gallery-item'>\n\t\t\t<div class='gallery-icon portrait'>\n\t\t\t\t<a href='https:\/\/www.arquimaster.com.ar\/web\/wp-content\/uploads\/2016\/10\/espacio22_casafoa2016_5.jpg' title=\"Estar (Espacio 22 \/ Casa FOA 2016) \/ Viviana Melamed\" data-rl_title=\"Estar (Espacio 22 \/ Casa FOA 2016) \/ Viviana Melamed\" class=\"rl-gallery-link\" data-rl_caption=\"Estar (Espacio 22 \/ Casa FOA 2016) \/ Viviana Melamed\" data-rel=\"lightbox-gallery-1\"><img loading=\"lazy\" decoding=\"async\" width=\"150\" height=\"150\" src=\"https:\/\/www.arquimaster.com.ar\/web\/wp-content\/uploads\/2016\/10\/espacio22_casafoa2016_5-150x150.jpg\" class=\"attachment-thumbnail size-thumbnail\" alt=\"\" aria-describedby=\"gallery-1-23542\" srcset=\"https:\/\/www.arquimaster.com.ar\/web\/wp-content\/uploads\/2016\/10\/espacio22_casafoa2016_5-150x150.jpg 150w, https:\/\/www.arquimaster.com.ar\/web\/wp-content\/uploads\/2016\/10\/espacio22_casafoa2016_5-50x50.jpg 50w, https:\/\/www.arquimaster.com.ar\/web\/wp-content\/uploads\/2016\/10\/espacio22_casafoa2016_5-125x125.jpg 125w\" sizes=\"auto, (max-width: 150px) 100vw, 150px\" \/><\/a>\n\t\t\t<\/div>\n\t\t\t\t<figcaption class='wp-caption-text gallery-caption' id='gallery-1-23542'>\n\t\t\t\tEstar (Espacio 22 \/ Casa FOA 2016) \/ Viviana Melamed\n\t\t\t\t<\/figcaption><\/figure><figure class='gallery-item'>\n\t\t\t<div class='gallery-icon portrait'>\n\t\t\t\t<a href='https:\/\/www.arquimaster.com.ar\/web\/wp-content\/uploads\/2016\/10\/espacio22_casafoa2016_6.jpg' title=\"Estar (Espacio 22 \/ Casa FOA 2016) \/ Viviana Melamed\" data-rl_title=\"Estar (Espacio 22 \/ Casa FOA 2016) \/ Viviana Melamed\" class=\"rl-gallery-link\" data-rl_caption=\"Estar (Espacio 22 \/ Casa FOA 2016) \/ Viviana Melamed\" data-rel=\"lightbox-gallery-1\"><img loading=\"lazy\" decoding=\"async\" width=\"150\" height=\"150\" src=\"https:\/\/www.arquimaster.com.ar\/web\/wp-content\/uploads\/2016\/10\/espacio22_casafoa2016_6-150x150.jpg\" class=\"attachment-thumbnail size-thumbnail\" alt=\"\" aria-describedby=\"gallery-1-23543\" srcset=\"https:\/\/www.arquimaster.com.ar\/web\/wp-content\/uploads\/2016\/10\/espacio22_casafoa2016_6-150x150.jpg 150w, https:\/\/www.arquimaster.com.ar\/web\/wp-content\/uploads\/2016\/10\/espacio22_casafoa2016_6-50x50.jpg 50w, https:\/\/www.arquimaster.com.ar\/web\/wp-content\/uploads\/2016\/10\/espacio22_casafoa2016_6-125x125.jpg 125w\" sizes=\"auto, (max-width: 150px) 100vw, 150px\" \/><\/a>\n\t\t\t<\/div>\n\t\t\t\t<figcaption class='wp-caption-text gallery-caption' id='gallery-1-23543'>\n\t\t\t\tEstar (Espacio 22 \/ Casa FOA 2016) \/ Viviana Melamed\n\t\t\t\t<\/figcaption><\/figure><figure class='gallery-item'>\n\t\t\t<div class='gallery-icon portrait'>\n\t\t\t\t<a href='https:\/\/www.arquimaster.com.ar\/web\/wp-content\/uploads\/2016\/10\/espacio22_casafoa2016_7.jpg' title=\"Estar (Espacio 22 \/ Casa FOA 2016) \/ Viviana Melamed\" data-rl_title=\"Estar (Espacio 22 \/ Casa FOA 2016) \/ Viviana Melamed\" class=\"rl-gallery-link\" data-rl_caption=\"Estar (Espacio 22 \/ Casa FOA 2016) \/ Viviana Melamed\" data-rel=\"lightbox-gallery-1\"><img loading=\"lazy\" decoding=\"async\" width=\"150\" height=\"150\" src=\"https:\/\/www.arquimaster.com.ar\/web\/wp-content\/uploads\/2016\/10\/espacio22_casafoa2016_7-150x150.jpg\" class=\"attachment-thumbnail size-thumbnail\" alt=\"\" aria-describedby=\"gallery-1-23544\" srcset=\"https:\/\/www.arquimaster.com.ar\/web\/wp-content\/uploads\/2016\/10\/espacio22_casafoa2016_7-150x150.jpg 150w, https:\/\/www.arquimaster.com.ar\/web\/wp-content\/uploads\/2016\/10\/espacio22_casafoa2016_7-50x50.jpg 50w, https:\/\/www.arquimaster.com.ar\/web\/wp-content\/uploads\/2016\/10\/espacio22_casafoa2016_7-125x125.jpg 125w\" sizes=\"auto, (max-width: 150px) 100vw, 150px\" \/><\/a>\n\t\t\t<\/div>\n\t\t\t\t<figcaption class='wp-caption-text gallery-caption' id='gallery-1-23544'>\n\t\t\t\tEstar (Espacio 22 \/ Casa FOA 2016) \/ Viviana Melamed\n\t\t\t\t<\/figcaption><\/figure><figure class='gallery-item'>\n\t\t\t<div class='gallery-icon landscape'>\n\t\t\t\t<a href='https:\/\/www.arquimaster.com.ar\/web\/wp-content\/uploads\/2016\/10\/espacio22_casafoa2016_8.jpg' title=\"Estar (Espacio 22 \/ Casa FOA 2016) \/ Viviana Melamed\" data-rl_title=\"Estar (Espacio 22 \/ Casa FOA 2016) \/ Viviana Melamed\" class=\"rl-gallery-link\" data-rl_caption=\"Estar (Espacio 22 \/ Casa FOA 2016) \/ Viviana Melamed\" data-rel=\"lightbox-gallery-1\"><img loading=\"lazy\" decoding=\"async\" width=\"150\" height=\"150\" src=\"https:\/\/www.arquimaster.com.ar\/web\/wp-content\/uploads\/2016\/10\/espacio22_casafoa2016_8-150x150.jpg\" class=\"attachment-thumbnail size-thumbnail\" alt=\"\" aria-describedby=\"gallery-1-23545\" srcset=\"https:\/\/www.arquimaster.com.ar\/web\/wp-content\/uploads\/2016\/10\/espacio22_casafoa2016_8-150x150.jpg 150w, https:\/\/www.arquimaster.com.ar\/web\/wp-content\/uploads\/2016\/10\/espacio22_casafoa2016_8-50x50.jpg 50w, https:\/\/www.arquimaster.com.ar\/web\/wp-content\/uploads\/2016\/10\/espacio22_casafoa2016_8-125x125.jpg 125w\" sizes=\"auto, (max-width: 150px) 100vw, 150px\" \/><\/a>\n\t\t\t<\/div>\n\t\t\t\t<figcaption class='wp-caption-text gallery-caption' id='gallery-1-23545'>\n\t\t\t\tEstar (Espacio 22 \/ Casa FOA 2016) \/ Viviana Melamed\n\t\t\t\t<\/figcaption><\/figure><figure class='gallery-item'>\n\t\t\t<div class='gallery-icon landscape'>\n\t\t\t\t<a href='https:\/\/www.arquimaster.com.ar\/web\/wp-content\/uploads\/2016\/10\/espacio22_casafoa2016_9.jpg' title=\"Estar (Espacio 22 \/ Casa FOA 2016) \/ Viviana Melamed (\u00a9 Casa FOA)\" data-rl_title=\"Estar (Espacio 22 \/ Casa FOA 2016) \/ Viviana Melamed (\u00a9 Casa FOA)\" class=\"rl-gallery-link\" data-rl_caption=\"Estar (Espacio 22 \/ Casa FOA 2016) \/ Viviana Melamed (\u00a9 Casa FOA)\" data-rel=\"lightbox-gallery-1\"><img loading=\"lazy\" decoding=\"async\" width=\"150\" height=\"150\" src=\"https:\/\/www.arquimaster.com.ar\/web\/wp-content\/uploads\/2016\/10\/espacio22_casafoa2016_9-150x150.jpg\" class=\"attachment-thumbnail size-thumbnail\" alt=\"\" aria-describedby=\"gallery-1-23546\" srcset=\"https:\/\/www.arquimaster.com.ar\/web\/wp-content\/uploads\/2016\/10\/espacio22_casafoa2016_9-150x150.jpg 150w, https:\/\/www.arquimaster.com.ar\/web\/wp-content\/uploads\/2016\/10\/espacio22_casafoa2016_9-50x50.jpg 50w, https:\/\/www.arquimaster.com.ar\/web\/wp-content\/uploads\/2016\/10\/espacio22_casafoa2016_9-125x125.jpg 125w\" sizes=\"auto, (max-width: 150px) 100vw, 150px\" \/><\/a>\n\t\t\t<\/div>\n\t\t\t\t<figcaption class='wp-caption-text gallery-caption' id='gallery-1-23546'>\n\t\t\t\tEstar (Espacio 22 \/ Casa FOA 2016) \/ Viviana Melamed (\u00a9 Casa FOA)\n\t\t\t\t<\/figcaption><\/figure><figure class='gallery-item'>\n\t\t\t<div class='gallery-icon landscape'>\n\t\t\t\t<a href='https:\/\/www.arquimaster.com.ar\/web\/wp-content\/uploads\/2016\/10\/espacio22_casafoa2016_10.jpg' title=\"Estar (Espacio 22 \/ Casa FOA 2016) \/ Viviana Melamed (\u00a9 Casa FOA)\" data-rl_title=\"Estar (Espacio 22 \/ Casa FOA 2016) \/ Viviana Melamed (\u00a9 Casa FOA)\" class=\"rl-gallery-link\" data-rl_caption=\"Estar (Espacio 22 \/ Casa FOA 2016) \/ Viviana Melamed (\u00a9 Casa FOA)\" data-rel=\"lightbox-gallery-1\"><img loading=\"lazy\" decoding=\"async\" width=\"150\" height=\"150\" src=\"https:\/\/www.arquimaster.com.ar\/web\/wp-content\/uploads\/2016\/10\/espacio22_casafoa2016_10-150x150.jpg\" class=\"attachment-thumbnail size-thumbnail\" alt=\"\" aria-describedby=\"gallery-1-23547\" srcset=\"https:\/\/www.arquimaster.com.ar\/web\/wp-content\/uploads\/2016\/10\/espacio22_casafoa2016_10-150x150.jpg 150w, https:\/\/www.arquimaster.com.ar\/web\/wp-content\/uploads\/2016\/10\/espacio22_casafoa2016_10-1024x1017.jpg 1024w, https:\/\/www.arquimaster.com.ar\/web\/wp-content\/uploads\/2016\/10\/espacio22_casafoa2016_10-768x763.jpg 768w, https:\/\/www.arquimaster.com.ar\/web\/wp-content\/uploads\/2016\/10\/espacio22_casafoa2016_10-50x50.jpg 50w, https:\/\/www.arquimaster.com.ar\/web\/wp-content\/uploads\/2016\/10\/espacio22_casafoa2016_10-125x125.jpg 125w, https:\/\/www.arquimaster.com.ar\/web\/wp-content\/uploads\/2016\/10\/espacio22_casafoa2016_10.jpg 1208w\" sizes=\"auto, (max-width: 150px) 100vw, 150px\" \/><\/a>\n\t\t\t<\/div>\n\t\t\t\t<figcaption class='wp-caption-text gallery-caption' id='gallery-1-23547'>\n\t\t\t\tEstar (Espacio 22 \/ Casa FOA 2016) \/ Viviana Melamed (\u00a9 Casa FOA)\n\t\t\t\t<\/figcaption><\/figure><figure class='gallery-item'>\n\t\t\t<div class='gallery-icon landscape'>\n\t\t\t\t<a href='https:\/\/www.arquimaster.com.ar\/web\/wp-content\/uploads\/2016\/10\/espacio22_casafoa2016_11.jpg' title=\"Estar (Espacio 22 \/ Casa FOA 2016) \/ Viviana Melamed (\u00a9 Casa FOA)\" data-rl_title=\"Estar (Espacio 22 \/ Casa FOA 2016) \/ Viviana Melamed (\u00a9 Casa FOA)\" class=\"rl-gallery-link\" data-rl_caption=\"Estar (Espacio 22 \/ Casa FOA 2016) \/ Viviana Melamed (\u00a9 Casa FOA)\" data-rel=\"lightbox-gallery-1\"><img loading=\"lazy\" decoding=\"async\" width=\"150\" height=\"150\" src=\"https:\/\/www.arquimaster.com.ar\/web\/wp-content\/uploads\/2016\/10\/espacio22_casafoa2016_11-150x150.jpg\" class=\"attachment-thumbnail size-thumbnail\" alt=\"\" aria-describedby=\"gallery-1-23548\" srcset=\"https:\/\/www.arquimaster.com.ar\/web\/wp-content\/uploads\/2016\/10\/espacio22_casafoa2016_11-150x150.jpg 150w, https:\/\/www.arquimaster.com.ar\/web\/wp-content\/uploads\/2016\/10\/espacio22_casafoa2016_11-50x50.jpg 50w, https:\/\/www.arquimaster.com.ar\/web\/wp-content\/uploads\/2016\/10\/espacio22_casafoa2016_11-125x125.jpg 125w\" sizes=\"auto, (max-width: 150px) 100vw, 150px\" \/><\/a>\n\t\t\t<\/div>\n\t\t\t\t<figcaption class='wp-caption-text gallery-caption' id='gallery-1-23548'>\n\t\t\t\tEstar (Espacio 22 \/ Casa FOA 2016) \/ Viviana Melamed (\u00a9 Casa FOA)\n\t\t\t\t<\/figcaption><\/figure><figure class='gallery-item'>\n\t\t\t<div class='gallery-icon landscape'>\n\t\t\t\t<a href='https:\/\/www.arquimaster.com.ar\/web\/wp-content\/uploads\/2016\/10\/casa_foa_2016_plano.jpg' title=\"Casa FOA 2016 Dise\u00f1o Argentino (plano)\" data-rl_title=\"Casa FOA 2016 Dise\u00f1o Argentino (plano)\" class=\"rl-gallery-link\" data-rl_caption=\"Casa FOA 2016 Dise\u00f1o Argentino (plano)\" data-rel=\"lightbox-gallery-1\"><img loading=\"lazy\" decoding=\"async\" width=\"150\" height=\"150\" src=\"https:\/\/www.arquimaster.com.ar\/web\/wp-content\/uploads\/2016\/10\/casa_foa_2016_plano-150x150.jpg\" class=\"attachment-thumbnail size-thumbnail\" alt=\"\" aria-describedby=\"gallery-1-23390\" srcset=\"https:\/\/www.arquimaster.com.ar\/web\/wp-content\/uploads\/2016\/10\/casa_foa_2016_plano-150x150.jpg 150w, https:\/\/www.arquimaster.com.ar\/web\/wp-content\/uploads\/2016\/10\/casa_foa_2016_plano-50x50.jpg 50w, https:\/\/www.arquimaster.com.ar\/web\/wp-content\/uploads\/2016\/10\/casa_foa_2016_plano-125x125.jpg 125w\" sizes=\"auto, (max-width: 150px) 100vw, 150px\" \/><\/a>\n\t\t\t<\/div>\n\t\t\t\t<figcaption class='wp-caption-text gallery-caption' id='gallery-1-23390'>\n\t\t\t\tCasa FOA 2016 Dise\u00f1o Argentino (plano)\n\t\t\t\t<\/figcaption><\/figure>\n\t\t<\/div>\n\n<p>Exploraci\u00f3n de materiales, texturas, morfolog\u00edas, colores, sensaciones, aperturas, filtros, iluminaci\u00f3n, usos, rincones, plegados, transiluminados.<\/p>\n<p>Melamina, m\u00e1rmoles, maderas, pinturas, fieltro, terciopelo, cuero, se relacionan para la composici\u00f3n de este espacio.<\/p>\n<p>Piso, m\u00e1rmol Paonazzo de Calello.<\/p>\n<p>Paredes, la pared de remate y el cielorraso lo proponemos en color intenso, en la nueva pintura Albalatex al agua color Pelaje Gris, las otras dos laterales las trabajamos texturadas tipo rafia componiendola con tres colores de pintura Alba toque sublime, Fantas\u00eda de Algod\u00f3n, Copo de Nieve Eterno y Revoluci\u00f3n Fluvial.<\/p>\n<p>Biblioteca, ocupa enteramente la pared principal, resuelta por MATRIZdesign en melamina Teca Limo de Masisa.<\/p>\n<p>En la biblioteca ensayamos nuevas morfolog\u00edas, paneles trabajados en zigzag corp\u00f3reo<br \/>\niluminados cenitalmente. Tambien jugamos con otras dos situaciones en cuanto a la iluminaci\u00f3n,<br \/>\nsectores transiluminados con fondos materializados en Lamiled y secuencia de luminarias de apoyo<br \/>\ncolor dorado, de Fabrica de Luz.<\/p>\n<p>En la pared de fondo, la cortina motorizada Eclipse Legno Beige de RielAmericano.<\/p>\n<p>Los muebles del espacio son de MATRIZdesign, todos nuevos dise\u00f1os, sofa Brand tapizado en<br \/>\nterciopelo arena de Ana Fuchs, sill\u00f3n Ritual en panam\u00e1 gris claro, mesa baja Sophie base met\u00e1lica cobre y tapa de m\u00e1rmol Antracita Dark Apomasado de Calello, tres mesitas bajas Lena laterales laqueadas arena, banqueta Ultra madera y cuero, escritorio tapizado en cuero Hope de Sofanova.<\/p>\n<p>Espejos de Viio trabajados en franjas verticales por Cristal dise\u00f1o, artefactos de iluminaci\u00f3n suspendidos plegados met\u00e1licos dorados de Fabrica de Luz.<\/p>\n<p>Alfombra de fieltro natural, Pliegues trabajada en distintos sentidos de Leandro Egido.<\/p>\n<p>Completan la propuesta una apuesta fuerte al arte, con obras de artistas consagrados de galer\u00eda Palatina y otras de artistas j\u00f3venes con la curadur\u00eda de Leandro Salvatierra.<\/p>\n<p>Son parte de la propuesta una muy buena selecci\u00f3n de objetos de Solsken y George, la apuesta verde de La Floreria, la ambientacion sonora de SRZ &#8211; Soledad Rodriguez Subieta, el aroma envolvente seleccionado de Perfumum.<\/p>\n<p><strong>Contacto<\/strong><br \/>\nEstudio Viviana Melamed<br \/>\n<a href=\"http:\/\/www.vivianamelamed.com.ar\" target=\"_blank\">http:\/\/www.vivianamelamed.com.ar<\/a><\/p>\n<p>&nbsp;<\/p>\n<p><strong>Aplicaci\u00f3n de productos<\/strong><\/p>\n<p><strong>Alba<\/strong><br \/>\nAlbalatex Toque Sublime Pelaje Gris<br \/>\nSatinol al agua Pelaje Gris<br \/>\nAlbalatex Toque Sublime Marfil Elocuente<br \/>\nAlbalatex Toque Sublime Fantas\u00eda de Algod\u00f3n<br \/>\nAlbalatex Toque Sublime Lino Voluptuoso<\/p>\n<p><strong>Calello Hnos.<\/strong><br \/>\nPiso en m\u00e1rmol Paonazzo<br \/>\nTapa de mesa en Antracite Dark Apomasado<\/p>\n<p>&nbsp;<\/p>\n<p><strong>Acerca de Casa FOA<\/strong><br \/>\nCasa FOA, es la exposici\u00f3n nacional de arquitectura, industria, dise\u00f1o interior y paisajismo, creada por iniciativa de Mercedes Malbran de Campos en el a\u00f1o 1985, con el objetivo de recaudar fondos para la Fundaci\u00f3n Oftalmol\u00f3gica Argentina Jorge Malbran. Casa FOA, es un referente indiscutido de la agenda cultural de la Argentina y una cita ineludible para conocer las \u00faltimas tendencias de arquitectura y dise\u00f1o que congrega variadas propuestas vanguardistas.<\/p>\n<p>La nueva edici\u00f3n de Casa FOA tiene lugar en el Palacio Cabrera, una antigua casona ubicada en Jos\u00e9 A. Cabrera 5653, en el barrio de Palermo. Casa FOA 2016 podr\u00e1 ser visitada hasta el 4 de diciembre de 2016 de domingo a jueves de 13 a 21 hs y Casa FOA Noche los viernes y s\u00e1bados hasta las 23 hs.<\/p>\n<p><iframe loading=\"lazy\" style=\"border: 0;\" src=\"https:\/\/www.google.com\/maps\/embed?pb=!1m18!1m12!1m3!1d3284.7448231115172!2d-58.44083648477087!3d-34.58532278046434!2m3!1f0!2f0!3f0!3m2!1i1024!2i768!4f13.1!3m3!1m2!1s0x95bcb58d150950df%3A0xd9596d7cf1dc1042!2sJos%C3%A9+Antonio+Cabrera+5653%2C+C1414BHE+CABA!5e0!3m2!1ses-419!2sar!4v1477860293822\" width=\"642\" height=\"350\" frameborder=\"0\" allowfullscreen=\"allowfullscreen\"><\/iframe><\/p>\n\n<div style=\"font-size: 0px; height: 0px; line-height: 0px; margin: 0; padding: 0; clear: both;\"><\/div><div style=\"margin-top: 0px; margin-bottom: 0px;\" class=\"sharethis-inline-share-buttons\" ><\/div>","protected":false},"excerpt":{"rendered":"<p>Un peque\u00f1o estar lleno de detalles contempor\u00e1neos y sofisticados&#8230;<\/p>\n","protected":false},"author":1,"featured_media":23549,"comment_status":"closed","ping_status":"closed","sticky":false,"template":"","format":"standard","meta":{"_uag_custom_page_level_css":"","footnotes":""},"categories":[3971,55],"tags":[2066,3946,37,38,2686,2718,4005,1770,2719],"class_list":["post-23536","post","type-post","status-publish","format-standard","has-post-thumbnail","hentry","category-casa-foa-2016","category-diseno","tag-casa-foa","tag-casa-foa-2016","tag-decoracion","tag-diseno-interior","tag-estar","tag-estudio-viviana-melamed","tag-matrizdesign","tag-sala-de-estar","tag-viviana-melamed","generate-columns","tablet-grid-50","mobile-grid-100","grid-parent","grid-50"],"yoast_head":"<!-- This site is optimized with the Yoast SEO plugin v27.3 - https:\/\/yoast.com\/product\/yoast-seo-wordpress\/ -->\n<title>Estar (Espacio 22 \/ Casa FOA 2016) \/ Viviana Melamed - Arquimaster<\/title>\n<meta name=\"robots\" content=\"index, follow, max-snippet:-1, max-image-preview:large, max-video-preview:-1\" \/>\n<link rel=\"canonical\" href=\"https:\/\/www.arquimaster.com.ar\/web\/estar-espacio-22-casa-foa-2016-viviana-melamed\/\" \/>\n<meta property=\"og:locale\" content=\"es_ES\" \/>\n<meta property=\"og:type\" content=\"article\" \/>\n<meta property=\"og:title\" content=\"Estar (Espacio 22 \/ Casa FOA 2016) \/ Viviana Melamed - Arquimaster\" \/>\n<meta property=\"og:description\" content=\"Un peque\u00f1o estar lleno de detalles contempor\u00e1neos y sofisticados...\" \/>\n<meta property=\"og:url\" content=\"https:\/\/www.arquimaster.com.ar\/web\/estar-espacio-22-casa-foa-2016-viviana-melamed\/\" \/>\n<meta property=\"og:site_name\" content=\"Arquimaster\" \/>\n<meta property=\"article:publisher\" content=\"http:\/\/www.facebook.com\/ARQUIMASTER.com.ar\" \/>\n<meta property=\"article:published_time\" content=\"2016-10-31T20:00:25+00:00\" \/>\n<meta property=\"article:modified_time\" content=\"2016-11-02T00:45:49+00:00\" \/>\n<meta property=\"og:image\" content=\"https:\/\/www.arquimaster.com.ar\/web\/wp-content\/uploads\/2016\/10\/espacio22_casafoa2016_slide.jpg\" \/>\n\t<meta property=\"og:image:width\" content=\"642\" \/>\n\t<meta property=\"og:image:height\" content=\"336\" \/>\n\t<meta property=\"og:image:type\" content=\"image\/jpeg\" \/>\n<meta name=\"author\" content=\"Arquimaster\" \/>\n<meta name=\"twitter:card\" content=\"summary_large_image\" \/>\n<meta name=\"twitter:creator\" content=\"@arquimaster\" \/>\n<meta name=\"twitter:site\" content=\"@arquimaster\" \/>\n<meta name=\"twitter:label1\" content=\"Escrito por\" \/>\n\t<meta name=\"twitter:data1\" content=\"Arquimaster\" \/>\n\t<meta name=\"twitter:label2\" content=\"Tiempo de lectura\" \/>\n\t<meta name=\"twitter:data2\" content=\"3 minutos\" \/>\n<script type=\"application\/ld+json\" class=\"yoast-schema-graph\">{\"@context\":\"https:\\\/\\\/schema.org\",\"@graph\":[{\"@type\":\"Article\",\"@id\":\"https:\\\/\\\/www.arquimaster.com.ar\\\/web\\\/estar-espacio-22-casa-foa-2016-viviana-melamed\\\/#article\",\"isPartOf\":{\"@id\":\"https:\\\/\\\/www.arquimaster.com.ar\\\/web\\\/estar-espacio-22-casa-foa-2016-viviana-melamed\\\/\"},\"author\":{\"name\":\"Arquimaster\",\"@id\":\"https:\\\/\\\/www.arquimaster.com.ar\\\/web\\\/#\\\/schema\\\/person\\\/359e9f7c00193fcde068e0dd2ceb0028\"},\"headline\":\"Estar (Espacio 22 \\\/ Casa FOA 2016) \\\/ Viviana Melamed\",\"datePublished\":\"2016-10-31T20:00:25+00:00\",\"dateModified\":\"2016-11-02T00:45:49+00:00\",\"mainEntityOfPage\":{\"@id\":\"https:\\\/\\\/www.arquimaster.com.ar\\\/web\\\/estar-espacio-22-casa-foa-2016-viviana-melamed\\\/\"},\"wordCount\":584,\"publisher\":{\"@id\":\"https:\\\/\\\/www.arquimaster.com.ar\\\/web\\\/#organization\"},\"image\":{\"@id\":\"https:\\\/\\\/www.arquimaster.com.ar\\\/web\\\/estar-espacio-22-casa-foa-2016-viviana-melamed\\\/#primaryimage\"},\"thumbnailUrl\":\"https:\\\/\\\/www.arquimaster.com.ar\\\/web\\\/wp-content\\\/uploads\\\/2016\\\/10\\\/espacio22_casafoa2016_slide.jpg\",\"keywords\":[\"Casa FOA\",\"Casa FOA 2016\",\"decoracion\",\"dise\u00f1o interior\",\"estar\",\"Estudio Viviana Melamed\",\"MATRIZdesign\",\"sala de estar\",\"Viviana Melamed\"],\"articleSection\":[\"Casa FOA 2016\",\"Dise\u00f1o\"],\"inLanguage\":\"es\"},{\"@type\":\"WebPage\",\"@id\":\"https:\\\/\\\/www.arquimaster.com.ar\\\/web\\\/estar-espacio-22-casa-foa-2016-viviana-melamed\\\/\",\"url\":\"https:\\\/\\\/www.arquimaster.com.ar\\\/web\\\/estar-espacio-22-casa-foa-2016-viviana-melamed\\\/\",\"name\":\"Estar (Espacio 22 \\\/ Casa FOA 2016) \\\/ Viviana Melamed - Arquimaster\",\"isPartOf\":{\"@id\":\"https:\\\/\\\/www.arquimaster.com.ar\\\/web\\\/#website\"},\"primaryImageOfPage\":{\"@id\":\"https:\\\/\\\/www.arquimaster.com.ar\\\/web\\\/estar-espacio-22-casa-foa-2016-viviana-melamed\\\/#primaryimage\"},\"image\":{\"@id\":\"https:\\\/\\\/www.arquimaster.com.ar\\\/web\\\/estar-espacio-22-casa-foa-2016-viviana-melamed\\\/#primaryimage\"},\"thumbnailUrl\":\"https:\\\/\\\/www.arquimaster.com.ar\\\/web\\\/wp-content\\\/uploads\\\/2016\\\/10\\\/espacio22_casafoa2016_slide.jpg\",\"datePublished\":\"2016-10-31T20:00:25+00:00\",\"dateModified\":\"2016-11-02T00:45:49+00:00\",\"breadcrumb\":{\"@id\":\"https:\\\/\\\/www.arquimaster.com.ar\\\/web\\\/estar-espacio-22-casa-foa-2016-viviana-melamed\\\/#breadcrumb\"},\"inLanguage\":\"es\",\"potentialAction\":[{\"@type\":\"ReadAction\",\"target\":[\"https:\\\/\\\/www.arquimaster.com.ar\\\/web\\\/estar-espacio-22-casa-foa-2016-viviana-melamed\\\/\"]}]},{\"@type\":\"ImageObject\",\"inLanguage\":\"es\",\"@id\":\"https:\\\/\\\/www.arquimaster.com.ar\\\/web\\\/estar-espacio-22-casa-foa-2016-viviana-melamed\\\/#primaryimage\",\"url\":\"https:\\\/\\\/www.arquimaster.com.ar\\\/web\\\/wp-content\\\/uploads\\\/2016\\\/10\\\/espacio22_casafoa2016_slide.jpg\",\"contentUrl\":\"https:\\\/\\\/www.arquimaster.com.ar\\\/web\\\/wp-content\\\/uploads\\\/2016\\\/10\\\/espacio22_casafoa2016_slide.jpg\",\"width\":642,\"height\":336},{\"@type\":\"BreadcrumbList\",\"@id\":\"https:\\\/\\\/www.arquimaster.com.ar\\\/web\\\/estar-espacio-22-casa-foa-2016-viviana-melamed\\\/#breadcrumb\",\"itemListElement\":[{\"@type\":\"ListItem\",\"position\":1,\"name\":\"Portada\",\"item\":\"https:\\\/\\\/www.arquimaster.com.ar\\\/web\\\/\"},{\"@type\":\"ListItem\",\"position\":2,\"name\":\"Estar (Espacio 22 \\\/ Casa FOA 2016) \\\/ Viviana Melamed\"}]},{\"@type\":\"WebSite\",\"@id\":\"https:\\\/\\\/www.arquimaster.com.ar\\\/web\\\/#website\",\"url\":\"https:\\\/\\\/www.arquimaster.com.ar\\\/web\\\/\",\"name\":\"Arquimaster\",\"description\":\"Web de arquitectura, dise\u00f1o y construccion\",\"publisher\":{\"@id\":\"https:\\\/\\\/www.arquimaster.com.ar\\\/web\\\/#organization\"},\"potentialAction\":[{\"@type\":\"SearchAction\",\"target\":{\"@type\":\"EntryPoint\",\"urlTemplate\":\"https:\\\/\\\/www.arquimaster.com.ar\\\/web\\\/?s={search_term_string}\"},\"query-input\":{\"@type\":\"PropertyValueSpecification\",\"valueRequired\":true,\"valueName\":\"search_term_string\"}}],\"inLanguage\":\"es\"},{\"@type\":\"Organization\",\"@id\":\"https:\\\/\\\/www.arquimaster.com.ar\\\/web\\\/#organization\",\"name\":\"Arquimaster\",\"url\":\"https:\\\/\\\/www.arquimaster.com.ar\\\/web\\\/\",\"logo\":{\"@type\":\"ImageObject\",\"inLanguage\":\"es\",\"@id\":\"https:\\\/\\\/www.arquimaster.com.ar\\\/web\\\/#\\\/schema\\\/logo\\\/image\\\/\",\"url\":\"https:\\\/\\\/www.arquimaster.com.ar\\\/web\\\/wp-content\\\/uploads\\\/2022\\\/06\\\/arquimaster.png\",\"contentUrl\":\"https:\\\/\\\/www.arquimaster.com.ar\\\/web\\\/wp-content\\\/uploads\\\/2022\\\/06\\\/arquimaster.png\",\"width\":594,\"height\":78,\"caption\":\"Arquimaster\"},\"image\":{\"@id\":\"https:\\\/\\\/www.arquimaster.com.ar\\\/web\\\/#\\\/schema\\\/logo\\\/image\\\/\"},\"sameAs\":[\"http:\\\/\\\/www.facebook.com\\\/ARQUIMASTER.com.ar\",\"https:\\\/\\\/x.com\\\/arquimaster\",\"https:\\\/\\\/www.instagram.com\\\/arquimasterblog\\\/\",\"https:\\\/\\\/www.linkedin.com\\\/company\\\/arquimaster\",\"https:\\\/\\\/www.pinterest.com\\\/arquimaster\",\"https:\\\/\\\/t.me\\\/arquimaster\"]},{\"@type\":\"Person\",\"@id\":\"https:\\\/\\\/www.arquimaster.com.ar\\\/web\\\/#\\\/schema\\\/person\\\/359e9f7c00193fcde068e0dd2ceb0028\",\"name\":\"Arquimaster\"}]}<\/script>\n<!-- \/ Yoast SEO plugin. -->","yoast_head_json":{"title":"Estar (Espacio 22 \/ Casa FOA 2016) \/ Viviana Melamed - Arquimaster","robots":{"index":"index","follow":"follow","max-snippet":"max-snippet:-1","max-image-preview":"max-image-preview:large","max-video-preview":"max-video-preview:-1"},"canonical":"https:\/\/www.arquimaster.com.ar\/web\/estar-espacio-22-casa-foa-2016-viviana-melamed\/","og_locale":"es_ES","og_type":"article","og_title":"Estar (Espacio 22 \/ Casa FOA 2016) \/ Viviana Melamed - Arquimaster","og_description":"Un peque\u00f1o estar lleno de detalles contempor\u00e1neos y sofisticados...","og_url":"https:\/\/www.arquimaster.com.ar\/web\/estar-espacio-22-casa-foa-2016-viviana-melamed\/","og_site_name":"Arquimaster","article_publisher":"http:\/\/www.facebook.com\/ARQUIMASTER.com.ar","article_published_time":"2016-10-31T20:00:25+00:00","article_modified_time":"2016-11-02T00:45:49+00:00","og_image":[{"width":642,"height":336,"url":"https:\/\/www.arquimaster.com.ar\/web\/wp-content\/uploads\/2016\/10\/espacio22_casafoa2016_slide.jpg","type":"image\/jpeg"}],"author":"Arquimaster","twitter_card":"summary_large_image","twitter_creator":"@arquimaster","twitter_site":"@arquimaster","twitter_misc":{"Escrito por":"Arquimaster","Tiempo de lectura":"3 minutos"},"schema":{"@context":"https:\/\/schema.org","@graph":[{"@type":"Article","@id":"https:\/\/www.arquimaster.com.ar\/web\/estar-espacio-22-casa-foa-2016-viviana-melamed\/#article","isPartOf":{"@id":"https:\/\/www.arquimaster.com.ar\/web\/estar-espacio-22-casa-foa-2016-viviana-melamed\/"},"author":{"name":"Arquimaster","@id":"https:\/\/www.arquimaster.com.ar\/web\/#\/schema\/person\/359e9f7c00193fcde068e0dd2ceb0028"},"headline":"Estar (Espacio 22 \/ Casa FOA 2016) \/ Viviana Melamed","datePublished":"2016-10-31T20:00:25+00:00","dateModified":"2016-11-02T00:45:49+00:00","mainEntityOfPage":{"@id":"https:\/\/www.arquimaster.com.ar\/web\/estar-espacio-22-casa-foa-2016-viviana-melamed\/"},"wordCount":584,"publisher":{"@id":"https:\/\/www.arquimaster.com.ar\/web\/#organization"},"image":{"@id":"https:\/\/www.arquimaster.com.ar\/web\/estar-espacio-22-casa-foa-2016-viviana-melamed\/#primaryimage"},"thumbnailUrl":"https:\/\/www.arquimaster.com.ar\/web\/wp-content\/uploads\/2016\/10\/espacio22_casafoa2016_slide.jpg","keywords":["Casa FOA","Casa FOA 2016","decoracion","dise\u00f1o interior","estar","Estudio Viviana Melamed","MATRIZdesign","sala de estar","Viviana Melamed"],"articleSection":["Casa FOA 2016","Dise\u00f1o"],"inLanguage":"es"},{"@type":"WebPage","@id":"https:\/\/www.arquimaster.com.ar\/web\/estar-espacio-22-casa-foa-2016-viviana-melamed\/","url":"https:\/\/www.arquimaster.com.ar\/web\/estar-espacio-22-casa-foa-2016-viviana-melamed\/","name":"Estar (Espacio 22 \/ Casa FOA 2016) \/ Viviana Melamed - Arquimaster","isPartOf":{"@id":"https:\/\/www.arquimaster.com.ar\/web\/#website"},"primaryImageOfPage":{"@id":"https:\/\/www.arquimaster.com.ar\/web\/estar-espacio-22-casa-foa-2016-viviana-melamed\/#primaryimage"},"image":{"@id":"https:\/\/www.arquimaster.com.ar\/web\/estar-espacio-22-casa-foa-2016-viviana-melamed\/#primaryimage"},"thumbnailUrl":"https:\/\/www.arquimaster.com.ar\/web\/wp-content\/uploads\/2016\/10\/espacio22_casafoa2016_slide.jpg","datePublished":"2016-10-31T20:00:25+00:00","dateModified":"2016-11-02T00:45:49+00:00","breadcrumb":{"@id":"https:\/\/www.arquimaster.com.ar\/web\/estar-espacio-22-casa-foa-2016-viviana-melamed\/#breadcrumb"},"inLanguage":"es","potentialAction":[{"@type":"ReadAction","target":["https:\/\/www.arquimaster.com.ar\/web\/estar-espacio-22-casa-foa-2016-viviana-melamed\/"]}]},{"@type":"ImageObject","inLanguage":"es","@id":"https:\/\/www.arquimaster.com.ar\/web\/estar-espacio-22-casa-foa-2016-viviana-melamed\/#primaryimage","url":"https:\/\/www.arquimaster.com.ar\/web\/wp-content\/uploads\/2016\/10\/espacio22_casafoa2016_slide.jpg","contentUrl":"https:\/\/www.arquimaster.com.ar\/web\/wp-content\/uploads\/2016\/10\/espacio22_casafoa2016_slide.jpg","width":642,"height":336},{"@type":"BreadcrumbList","@id":"https:\/\/www.arquimaster.com.ar\/web\/estar-espacio-22-casa-foa-2016-viviana-melamed\/#breadcrumb","itemListElement":[{"@type":"ListItem","position":1,"name":"Portada","item":"https:\/\/www.arquimaster.com.ar\/web\/"},{"@type":"ListItem","position":2,"name":"Estar (Espacio 22 \/ Casa FOA 2016) \/ Viviana Melamed"}]},{"@type":"WebSite","@id":"https:\/\/www.arquimaster.com.ar\/web\/#website","url":"https:\/\/www.arquimaster.com.ar\/web\/","name":"Arquimaster","description":"Web de arquitectura, dise\u00f1o y construccion","publisher":{"@id":"https:\/\/www.arquimaster.com.ar\/web\/#organization"},"potentialAction":[{"@type":"SearchAction","target":{"@type":"EntryPoint","urlTemplate":"https:\/\/www.arquimaster.com.ar\/web\/?s={search_term_string}"},"query-input":{"@type":"PropertyValueSpecification","valueRequired":true,"valueName":"search_term_string"}}],"inLanguage":"es"},{"@type":"Organization","@id":"https:\/\/www.arquimaster.com.ar\/web\/#organization","name":"Arquimaster","url":"https:\/\/www.arquimaster.com.ar\/web\/","logo":{"@type":"ImageObject","inLanguage":"es","@id":"https:\/\/www.arquimaster.com.ar\/web\/#\/schema\/logo\/image\/","url":"https:\/\/www.arquimaster.com.ar\/web\/wp-content\/uploads\/2022\/06\/arquimaster.png","contentUrl":"https:\/\/www.arquimaster.com.ar\/web\/wp-content\/uploads\/2022\/06\/arquimaster.png","width":594,"height":78,"caption":"Arquimaster"},"image":{"@id":"https:\/\/www.arquimaster.com.ar\/web\/#\/schema\/logo\/image\/"},"sameAs":["http:\/\/www.facebook.com\/ARQUIMASTER.com.ar","https:\/\/x.com\/arquimaster","https:\/\/www.instagram.com\/arquimasterblog\/","https:\/\/www.linkedin.com\/company\/arquimaster","https:\/\/www.pinterest.com\/arquimaster","https:\/\/t.me\/arquimaster"]},{"@type":"Person","@id":"https:\/\/www.arquimaster.com.ar\/web\/#\/schema\/person\/359e9f7c00193fcde068e0dd2ceb0028","name":"Arquimaster"}]}},"uagb_featured_image_src":{"full":["https:\/\/www.arquimaster.com.ar\/web\/wp-content\/uploads\/2016\/10\/espacio22_casafoa2016_slide.jpg",642,336,false],"thumbnail":["https:\/\/www.arquimaster.com.ar\/web\/wp-content\/uploads\/2016\/10\/espacio22_casafoa2016_slide-150x150.jpg",150,150,true],"medium":["https:\/\/www.arquimaster.com.ar\/web\/wp-content\/uploads\/2016\/10\/espacio22_casafoa2016_slide.jpg",642,336,false],"medium_large":["https:\/\/www.arquimaster.com.ar\/web\/wp-content\/uploads\/2016\/10\/espacio22_casafoa2016_slide.jpg",642,336,false],"large":["https:\/\/www.arquimaster.com.ar\/web\/wp-content\/uploads\/2016\/10\/espacio22_casafoa2016_slide.jpg",642,336,false],"1536x1536":["https:\/\/www.arquimaster.com.ar\/web\/wp-content\/uploads\/2016\/10\/espacio22_casafoa2016_slide.jpg",642,336,false],"2048x2048":["https:\/\/www.arquimaster.com.ar\/web\/wp-content\/uploads\/2016\/10\/espacio22_casafoa2016_slide.jpg",642,336,false]},"uagb_author_info":{"display_name":"Arquimaster","author_link":"https:\/\/www.arquimaster.com.ar\/web\/author\/arquimaster\/"},"uagb_comment_info":0,"uagb_excerpt":"Un peque\u00f1o estar lleno de detalles contempor\u00e1neos y sofisticados...","_links":{"self":[{"href":"https:\/\/www.arquimaster.com.ar\/web\/wp-json\/wp\/v2\/posts\/23536","targetHints":{"allow":["GET"]}}],"collection":[{"href":"https:\/\/www.arquimaster.com.ar\/web\/wp-json\/wp\/v2\/posts"}],"about":[{"href":"https:\/\/www.arquimaster.com.ar\/web\/wp-json\/wp\/v2\/types\/post"}],"author":[{"embeddable":true,"href":"https:\/\/www.arquimaster.com.ar\/web\/wp-json\/wp\/v2\/users\/1"}],"replies":[{"embeddable":true,"href":"https:\/\/www.arquimaster.com.ar\/web\/wp-json\/wp\/v2\/comments?post=23536"}],"version-history":[{"count":0,"href":"https:\/\/www.arquimaster.com.ar\/web\/wp-json\/wp\/v2\/posts\/23536\/revisions"}],"wp:featuredmedia":[{"embeddable":true,"href":"https:\/\/www.arquimaster.com.ar\/web\/wp-json\/wp\/v2\/media\/23549"}],"wp:attachment":[{"href":"https:\/\/www.arquimaster.com.ar\/web\/wp-json\/wp\/v2\/media?parent=23536"}],"wp:term":[{"taxonomy":"category","embeddable":true,"href":"https:\/\/www.arquimaster.com.ar\/web\/wp-json\/wp\/v2\/categories?post=23536"},{"taxonomy":"post_tag","embeddable":true,"href":"https:\/\/www.arquimaster.com.ar\/web\/wp-json\/wp\/v2\/tags?post=23536"}],"curies":[{"name":"wp","href":"https:\/\/api.w.org\/{rel}","templated":true}]}}