{"id":23551,"date":"2016-11-01T16:00:59","date_gmt":"2016-11-01T16:00:59","guid":{"rendered":"http:\/\/www.arquimaster.com.ar\/web\/?p=23551"},"modified":"2016-11-06T22:14:03","modified_gmt":"2016-11-06T22:14:03","slug":"un-pie-en-la-ciudad-espacio-37-casa-foa-2016-matty-costa-paz","status":"publish","type":"post","link":"https:\/\/www.arquimaster.com.ar\/web\/un-pie-en-la-ciudad-espacio-37-casa-foa-2016-matty-costa-paz\/","title":{"rendered":"Un pie en la ciudad (Espacio 37 \/ Casa FOA 2016) \/ Matty Costa Paz"},"content":{"rendered":"<div style=\"margin-top: 0px; margin-bottom: 0px;\" class=\"sharethis-inline-share-buttons\" ><\/div><div class=\"b812932af2e751442846f039925109de\" data-index=\"1\" style=\"float: none; margin:25px 0 25px 0; text-align:center;\">\n<script async src=\"https:\/\/pagead2.googlesyndication.com\/pagead\/js\/adsbygoogle.js\"><\/script>\r\n<!-- Arquimaster (superior) -->\r\n<ins class=\"adsbygoogle\"\r\n     style=\"display:block\"\r\n     data-ad-client=\"ca-pub-6351072698456832\"\r\n     data-ad-slot=\"6455489680\"\r\n     data-ad-format=\"auto\"\r\n     data-full-width-responsive=\"true\"><\/ins>\r\n<script>\r\n     (adsbygoogle = window.adsbygoogle || []).push({});\r\n<\/script>\n<\/div>\n<p><strong>Un pie en la ciudad<\/strong> (Espacio 37 \/ Casa FOA 2016) por <strong>Matty Costa Paz<\/strong>. Se trata de un espacio concebido como pie a tierra para una persona que vive fuera de la gran Ciudad. Est\u00e1 sectorizado en cuatro espacios: Estudio, kitchenette, vestier y ba\u00f1o spa.<\/p>\n<div id='gallery-1' class='gallery galleryid-23551 gallery-columns-3 gallery-size-thumbnail'><figure class='gallery-item'>\n\t\t\t<div class='gallery-icon portrait'>\n\t\t\t\t<a href='https:\/\/www.arquimaster.com.ar\/web\/wp-content\/uploads\/2016\/11\/espacio37_casafoa2016_1.jpg' title=\"Un pie en la ciudad (Espacio 37 \/ Casa FOA 2016) \/ Matty Costa Paz (\u00a9 Pompi Gutnisky)\" data-rl_title=\"Un pie en la ciudad (Espacio 37 \/ Casa FOA 2016) \/ Matty Costa Paz (\u00a9 Pompi Gutnisky)\" class=\"rl-gallery-link\" data-rl_caption=\"Un pie en la ciudad (Espacio 37 \/ Casa FOA 2016) \/ Matty Costa Paz (\u00a9 Pompi Gutnisky)\" data-rel=\"lightbox-gallery-1\"><img loading=\"lazy\" decoding=\"async\" width=\"150\" height=\"150\" src=\"https:\/\/www.arquimaster.com.ar\/web\/wp-content\/uploads\/2016\/11\/espacio37_casafoa2016_1-150x150.jpg\" class=\"attachment-thumbnail size-thumbnail\" alt=\"\" aria-describedby=\"gallery-1-23553\" srcset=\"https:\/\/www.arquimaster.com.ar\/web\/wp-content\/uploads\/2016\/11\/espacio37_casafoa2016_1-150x150.jpg 150w, https:\/\/www.arquimaster.com.ar\/web\/wp-content\/uploads\/2016\/11\/espacio37_casafoa2016_1-50x50.jpg 50w, https:\/\/www.arquimaster.com.ar\/web\/wp-content\/uploads\/2016\/11\/espacio37_casafoa2016_1-125x125.jpg 125w\" sizes=\"auto, (max-width: 150px) 100vw, 150px\" \/><\/a>\n\t\t\t<\/div>\n\t\t\t\t<figcaption class='wp-caption-text gallery-caption' id='gallery-1-23553'>\n\t\t\t\tUn pie en la ciudad (Espacio 37 \/ Casa FOA 2016) \/ Matty Costa Paz (\u00a9 Pompi Gutnisky)\n\t\t\t\t<\/figcaption><\/figure><figure class='gallery-item'>\n\t\t\t<div class='gallery-icon portrait'>\n\t\t\t\t<a href='https:\/\/www.arquimaster.com.ar\/web\/wp-content\/uploads\/2016\/11\/espacio37_casafoa2016_2.jpg' title=\"Un pie en la ciudad (Espacio 37 \/ Casa FOA 2016) \/ Matty Costa Paz (\u00a9 Pompi Gutnisky)\" data-rl_title=\"Un pie en la ciudad (Espacio 37 \/ Casa FOA 2016) \/ Matty Costa Paz (\u00a9 Pompi Gutnisky)\" class=\"rl-gallery-link\" data-rl_caption=\"Un pie en la ciudad (Espacio 37 \/ Casa FOA 2016) \/ Matty Costa Paz (\u00a9 Pompi Gutnisky)\" data-rel=\"lightbox-gallery-1\"><img loading=\"lazy\" decoding=\"async\" width=\"150\" height=\"150\" src=\"https:\/\/www.arquimaster.com.ar\/web\/wp-content\/uploads\/2016\/11\/espacio37_casafoa2016_2-150x150.jpg\" class=\"attachment-thumbnail size-thumbnail\" alt=\"\" aria-describedby=\"gallery-1-23554\" srcset=\"https:\/\/www.arquimaster.com.ar\/web\/wp-content\/uploads\/2016\/11\/espacio37_casafoa2016_2-150x150.jpg 150w, https:\/\/www.arquimaster.com.ar\/web\/wp-content\/uploads\/2016\/11\/espacio37_casafoa2016_2-50x50.jpg 50w, https:\/\/www.arquimaster.com.ar\/web\/wp-content\/uploads\/2016\/11\/espacio37_casafoa2016_2-125x125.jpg 125w\" sizes=\"auto, (max-width: 150px) 100vw, 150px\" \/><\/a>\n\t\t\t<\/div>\n\t\t\t\t<figcaption class='wp-caption-text gallery-caption' id='gallery-1-23554'>\n\t\t\t\tUn pie en la ciudad (Espacio 37 \/ Casa FOA 2016) \/ Matty Costa Paz (\u00a9 Pompi Gutnisky)\n\t\t\t\t<\/figcaption><\/figure><figure class='gallery-item'>\n\t\t\t<div class='gallery-icon portrait'>\n\t\t\t\t<a href='https:\/\/www.arquimaster.com.ar\/web\/wp-content\/uploads\/2016\/11\/espacio37_casafoa2016_3.jpg' title=\"Un pie en la ciudad (Espacio 37 \/ Casa FOA 2016) \/ Matty Costa Paz (\u00a9 Pompi Gutnisky)\" data-rl_title=\"Un pie en la ciudad (Espacio 37 \/ Casa FOA 2016) \/ Matty Costa Paz (\u00a9 Pompi Gutnisky)\" class=\"rl-gallery-link\" data-rl_caption=\"Un pie en la ciudad (Espacio 37 \/ Casa FOA 2016) \/ Matty Costa Paz (\u00a9 Pompi Gutnisky)\" data-rel=\"lightbox-gallery-1\"><img loading=\"lazy\" decoding=\"async\" width=\"150\" height=\"150\" src=\"https:\/\/www.arquimaster.com.ar\/web\/wp-content\/uploads\/2016\/11\/espacio37_casafoa2016_3-150x150.jpg\" class=\"attachment-thumbnail size-thumbnail\" alt=\"\" aria-describedby=\"gallery-1-23555\" srcset=\"https:\/\/www.arquimaster.com.ar\/web\/wp-content\/uploads\/2016\/11\/espacio37_casafoa2016_3-150x150.jpg 150w, https:\/\/www.arquimaster.com.ar\/web\/wp-content\/uploads\/2016\/11\/espacio37_casafoa2016_3-50x50.jpg 50w, https:\/\/www.arquimaster.com.ar\/web\/wp-content\/uploads\/2016\/11\/espacio37_casafoa2016_3-125x125.jpg 125w\" sizes=\"auto, (max-width: 150px) 100vw, 150px\" \/><\/a>\n\t\t\t<\/div>\n\t\t\t\t<figcaption class='wp-caption-text gallery-caption' id='gallery-1-23555'>\n\t\t\t\tUn pie en la ciudad (Espacio 37 \/ Casa FOA 2016) \/ Matty Costa Paz (\u00a9 Pompi Gutnisky)\n\t\t\t\t<\/figcaption><\/figure><figure class='gallery-item'>\n\t\t\t<div class='gallery-icon portrait'>\n\t\t\t\t<a href='https:\/\/www.arquimaster.com.ar\/web\/wp-content\/uploads\/2016\/11\/espacio37_casafoa2016_4.jpg' title=\"Un pie en la ciudad (Espacio 37 \/ Casa FOA 2016) \/ Matty Costa Paz (\u00a9 Pompi Gutnisky)\" data-rl_title=\"Un pie en la ciudad (Espacio 37 \/ Casa FOA 2016) \/ Matty Costa Paz (\u00a9 Pompi Gutnisky)\" class=\"rl-gallery-link\" data-rl_caption=\"Un pie en la ciudad (Espacio 37 \/ Casa FOA 2016) \/ Matty Costa Paz (\u00a9 Pompi Gutnisky)\" data-rel=\"lightbox-gallery-1\"><img loading=\"lazy\" decoding=\"async\" width=\"150\" height=\"150\" src=\"https:\/\/www.arquimaster.com.ar\/web\/wp-content\/uploads\/2016\/11\/espacio37_casafoa2016_4-150x150.jpg\" class=\"attachment-thumbnail size-thumbnail\" alt=\"\" aria-describedby=\"gallery-1-23556\" srcset=\"https:\/\/www.arquimaster.com.ar\/web\/wp-content\/uploads\/2016\/11\/espacio37_casafoa2016_4-150x150.jpg 150w, https:\/\/www.arquimaster.com.ar\/web\/wp-content\/uploads\/2016\/11\/espacio37_casafoa2016_4-50x50.jpg 50w, https:\/\/www.arquimaster.com.ar\/web\/wp-content\/uploads\/2016\/11\/espacio37_casafoa2016_4-125x125.jpg 125w\" sizes=\"auto, (max-width: 150px) 100vw, 150px\" \/><\/a>\n\t\t\t<\/div>\n\t\t\t\t<figcaption class='wp-caption-text gallery-caption' id='gallery-1-23556'>\n\t\t\t\tUn pie en la ciudad (Espacio 37 \/ Casa FOA 2016) \/ Matty Costa Paz (\u00a9 Pompi Gutnisky)\n\t\t\t\t<\/figcaption><\/figure><figure class='gallery-item'>\n\t\t\t<div class='gallery-icon portrait'>\n\t\t\t\t<a href='https:\/\/www.arquimaster.com.ar\/web\/wp-content\/uploads\/2016\/11\/espacio37_casafoa2016_5.jpg' title=\"Un pie en la ciudad (Espacio 37 \/ Casa FOA 2016) \/ Matty Costa Paz (\u00a9 Pompi Gutnisky)\" data-rl_title=\"Un pie en la ciudad (Espacio 37 \/ Casa FOA 2016) \/ Matty Costa Paz (\u00a9 Pompi Gutnisky)\" class=\"rl-gallery-link\" data-rl_caption=\"Un pie en la ciudad (Espacio 37 \/ Casa FOA 2016) \/ Matty Costa Paz (\u00a9 Pompi Gutnisky)\" data-rel=\"lightbox-gallery-1\"><img loading=\"lazy\" decoding=\"async\" width=\"150\" height=\"150\" src=\"https:\/\/www.arquimaster.com.ar\/web\/wp-content\/uploads\/2016\/11\/espacio37_casafoa2016_5-150x150.jpg\" class=\"attachment-thumbnail size-thumbnail\" alt=\"\" aria-describedby=\"gallery-1-23557\" srcset=\"https:\/\/www.arquimaster.com.ar\/web\/wp-content\/uploads\/2016\/11\/espacio37_casafoa2016_5-150x150.jpg 150w, https:\/\/www.arquimaster.com.ar\/web\/wp-content\/uploads\/2016\/11\/espacio37_casafoa2016_5-50x50.jpg 50w, https:\/\/www.arquimaster.com.ar\/web\/wp-content\/uploads\/2016\/11\/espacio37_casafoa2016_5-125x125.jpg 125w\" sizes=\"auto, (max-width: 150px) 100vw, 150px\" \/><\/a>\n\t\t\t<\/div>\n\t\t\t\t<figcaption class='wp-caption-text gallery-caption' id='gallery-1-23557'>\n\t\t\t\tUn pie en la ciudad (Espacio 37 \/ Casa FOA 2016) \/ Matty Costa Paz (\u00a9 Pompi Gutnisky)\n\t\t\t\t<\/figcaption><\/figure><figure class='gallery-item'>\n\t\t\t<div class='gallery-icon portrait'>\n\t\t\t\t<a href='https:\/\/www.arquimaster.com.ar\/web\/wp-content\/uploads\/2016\/11\/espacio37_casafoa2016_6.jpg' title=\"Un pie en la ciudad (Espacio 37 \/ Casa FOA 2016) \/ Matty Costa Paz (\u00a9 Pompi Gutnisky)\" data-rl_title=\"Un pie en la ciudad (Espacio 37 \/ Casa FOA 2016) \/ Matty Costa Paz (\u00a9 Pompi Gutnisky)\" class=\"rl-gallery-link\" data-rl_caption=\"Un pie en la ciudad (Espacio 37 \/ Casa FOA 2016) \/ Matty Costa Paz (\u00a9 Pompi Gutnisky)\" data-rel=\"lightbox-gallery-1\"><img loading=\"lazy\" decoding=\"async\" width=\"150\" height=\"150\" src=\"https:\/\/www.arquimaster.com.ar\/web\/wp-content\/uploads\/2016\/11\/espacio37_casafoa2016_6-150x150.jpg\" class=\"attachment-thumbnail size-thumbnail\" alt=\"\" aria-describedby=\"gallery-1-23558\" srcset=\"https:\/\/www.arquimaster.com.ar\/web\/wp-content\/uploads\/2016\/11\/espacio37_casafoa2016_6-150x150.jpg 150w, https:\/\/www.arquimaster.com.ar\/web\/wp-content\/uploads\/2016\/11\/espacio37_casafoa2016_6-50x50.jpg 50w, https:\/\/www.arquimaster.com.ar\/web\/wp-content\/uploads\/2016\/11\/espacio37_casafoa2016_6-125x125.jpg 125w\" sizes=\"auto, (max-width: 150px) 100vw, 150px\" \/><\/a>\n\t\t\t<\/div>\n\t\t\t\t<figcaption class='wp-caption-text gallery-caption' id='gallery-1-23558'>\n\t\t\t\tUn pie en la ciudad (Espacio 37 \/ Casa FOA 2016) \/ Matty Costa Paz (\u00a9 Pompi Gutnisky)\n\t\t\t\t<\/figcaption><\/figure><figure class='gallery-item'>\n\t\t\t<div class='gallery-icon portrait'>\n\t\t\t\t<a href='https:\/\/www.arquimaster.com.ar\/web\/wp-content\/uploads\/2016\/11\/espacio37_casafoa2016_7.jpg' title=\"Un pie en la ciudad (Espacio 37 \/ Casa FOA 2016) \/ Matty Costa Paz (\u00a9 Pompi Gutnisky)\" data-rl_title=\"Un pie en la ciudad (Espacio 37 \/ Casa FOA 2016) \/ Matty Costa Paz (\u00a9 Pompi Gutnisky)\" class=\"rl-gallery-link\" data-rl_caption=\"Un pie en la ciudad (Espacio 37 \/ Casa FOA 2016) \/ Matty Costa Paz (\u00a9 Pompi Gutnisky)\" data-rel=\"lightbox-gallery-1\"><img loading=\"lazy\" decoding=\"async\" width=\"150\" height=\"150\" src=\"https:\/\/www.arquimaster.com.ar\/web\/wp-content\/uploads\/2016\/11\/espacio37_casafoa2016_7-150x150.jpg\" class=\"attachment-thumbnail size-thumbnail\" alt=\"\" aria-describedby=\"gallery-1-23559\" srcset=\"https:\/\/www.arquimaster.com.ar\/web\/wp-content\/uploads\/2016\/11\/espacio37_casafoa2016_7-150x150.jpg 150w, https:\/\/www.arquimaster.com.ar\/web\/wp-content\/uploads\/2016\/11\/espacio37_casafoa2016_7-50x50.jpg 50w, https:\/\/www.arquimaster.com.ar\/web\/wp-content\/uploads\/2016\/11\/espacio37_casafoa2016_7-125x125.jpg 125w\" sizes=\"auto, (max-width: 150px) 100vw, 150px\" \/><\/a>\n\t\t\t<\/div>\n\t\t\t\t<figcaption class='wp-caption-text gallery-caption' id='gallery-1-23559'>\n\t\t\t\tUn pie en la ciudad (Espacio 37 \/ Casa FOA 2016) \/ Matty Costa Paz (\u00a9 Pompi Gutnisky)\n\t\t\t\t<\/figcaption><\/figure><figure class='gallery-item'>\n\t\t\t<div class='gallery-icon portrait'>\n\t\t\t\t<a href='https:\/\/www.arquimaster.com.ar\/web\/wp-content\/uploads\/2016\/11\/espacio37_casafoa2016_8.jpg' title=\"Un pie en la ciudad (Espacio 37 \/ Casa FOA 2016) \/ Matty Costa Paz (\u00a9 Pompi Gutnisky)\" data-rl_title=\"Un pie en la ciudad (Espacio 37 \/ Casa FOA 2016) \/ Matty Costa Paz (\u00a9 Pompi Gutnisky)\" class=\"rl-gallery-link\" data-rl_caption=\"Un pie en la ciudad (Espacio 37 \/ Casa FOA 2016) \/ Matty Costa Paz (\u00a9 Pompi Gutnisky)\" data-rel=\"lightbox-gallery-1\"><img loading=\"lazy\" decoding=\"async\" width=\"150\" height=\"150\" src=\"https:\/\/www.arquimaster.com.ar\/web\/wp-content\/uploads\/2016\/11\/espacio37_casafoa2016_8-150x150.jpg\" class=\"attachment-thumbnail size-thumbnail\" alt=\"\" aria-describedby=\"gallery-1-23560\" srcset=\"https:\/\/www.arquimaster.com.ar\/web\/wp-content\/uploads\/2016\/11\/espacio37_casafoa2016_8-150x150.jpg 150w, https:\/\/www.arquimaster.com.ar\/web\/wp-content\/uploads\/2016\/11\/espacio37_casafoa2016_8-50x50.jpg 50w, https:\/\/www.arquimaster.com.ar\/web\/wp-content\/uploads\/2016\/11\/espacio37_casafoa2016_8-125x125.jpg 125w\" sizes=\"auto, (max-width: 150px) 100vw, 150px\" \/><\/a>\n\t\t\t<\/div>\n\t\t\t\t<figcaption class='wp-caption-text gallery-caption' id='gallery-1-23560'>\n\t\t\t\tUn pie en la ciudad (Espacio 37 \/ Casa FOA 2016) \/ Matty Costa Paz (\u00a9 Pompi Gutnisky)\n\t\t\t\t<\/figcaption><\/figure><figure class='gallery-item'>\n\t\t\t<div class='gallery-icon portrait'>\n\t\t\t\t<a href='https:\/\/www.arquimaster.com.ar\/web\/wp-content\/uploads\/2016\/11\/espacio37_casafoa2016_9.jpg' title=\"Un pie en la ciudad (Espacio 37 \/ Casa FOA 2016) \/ Matty Costa Paz (\u00a9 Pompi Gutnisky)\" data-rl_title=\"Un pie en la ciudad (Espacio 37 \/ Casa FOA 2016) \/ Matty Costa Paz (\u00a9 Pompi Gutnisky)\" class=\"rl-gallery-link\" data-rl_caption=\"Un pie en la ciudad (Espacio 37 \/ Casa FOA 2016) \/ Matty Costa Paz (\u00a9 Pompi Gutnisky)\" data-rel=\"lightbox-gallery-1\"><img loading=\"lazy\" decoding=\"async\" width=\"150\" height=\"150\" src=\"https:\/\/www.arquimaster.com.ar\/web\/wp-content\/uploads\/2016\/11\/espacio37_casafoa2016_9-150x150.jpg\" class=\"attachment-thumbnail size-thumbnail\" alt=\"\" aria-describedby=\"gallery-1-23561\" srcset=\"https:\/\/www.arquimaster.com.ar\/web\/wp-content\/uploads\/2016\/11\/espacio37_casafoa2016_9-150x150.jpg 150w, https:\/\/www.arquimaster.com.ar\/web\/wp-content\/uploads\/2016\/11\/espacio37_casafoa2016_9-50x50.jpg 50w, https:\/\/www.arquimaster.com.ar\/web\/wp-content\/uploads\/2016\/11\/espacio37_casafoa2016_9-125x125.jpg 125w\" sizes=\"auto, (max-width: 150px) 100vw, 150px\" \/><\/a>\n\t\t\t<\/div>\n\t\t\t\t<figcaption class='wp-caption-text gallery-caption' id='gallery-1-23561'>\n\t\t\t\tUn pie en la ciudad (Espacio 37 \/ Casa FOA 2016) \/ Matty Costa Paz (\u00a9 Pompi Gutnisky)\n\t\t\t\t<\/figcaption><\/figure><figure class='gallery-item'>\n\t\t\t<div class='gallery-icon portrait'>\n\t\t\t\t<a href='https:\/\/www.arquimaster.com.ar\/web\/wp-content\/uploads\/2016\/11\/espacio37_casafoa2016_10.jpg' title=\"Un pie en la ciudad (Espacio 37 \/ Casa FOA 2016) \/ Matty Costa Paz (\u00a9 Pompi Gutnisky)\" data-rl_title=\"Un pie en la ciudad (Espacio 37 \/ Casa FOA 2016) \/ Matty Costa Paz (\u00a9 Pompi Gutnisky)\" class=\"rl-gallery-link\" data-rl_caption=\"Un pie en la ciudad (Espacio 37 \/ Casa FOA 2016) \/ Matty Costa Paz (\u00a9 Pompi Gutnisky)\" data-rel=\"lightbox-gallery-1\"><img loading=\"lazy\" decoding=\"async\" width=\"150\" height=\"150\" src=\"https:\/\/www.arquimaster.com.ar\/web\/wp-content\/uploads\/2016\/11\/espacio37_casafoa2016_10-150x150.jpg\" class=\"attachment-thumbnail size-thumbnail\" alt=\"\" aria-describedby=\"gallery-1-23562\" srcset=\"https:\/\/www.arquimaster.com.ar\/web\/wp-content\/uploads\/2016\/11\/espacio37_casafoa2016_10-150x150.jpg 150w, https:\/\/www.arquimaster.com.ar\/web\/wp-content\/uploads\/2016\/11\/espacio37_casafoa2016_10-50x50.jpg 50w, https:\/\/www.arquimaster.com.ar\/web\/wp-content\/uploads\/2016\/11\/espacio37_casafoa2016_10-125x125.jpg 125w\" sizes=\"auto, (max-width: 150px) 100vw, 150px\" \/><\/a>\n\t\t\t<\/div>\n\t\t\t\t<figcaption class='wp-caption-text gallery-caption' id='gallery-1-23562'>\n\t\t\t\tUn pie en la ciudad (Espacio 37 \/ Casa FOA 2016) \/ Matty Costa Paz (\u00a9 Pompi Gutnisky)\n\t\t\t\t<\/figcaption><\/figure><figure class='gallery-item'>\n\t\t\t<div class='gallery-icon landscape'>\n\t\t\t\t<a href='https:\/\/www.arquimaster.com.ar\/web\/wp-content\/uploads\/2016\/11\/espacio37_casafoa2016_11.jpg' title=\"Un pie en la ciudad (Espacio 37 \/ Casa FOA 2016) \/ Matty Costa Paz (\u00a9 Pompi Gutnisky)\" data-rl_title=\"Un pie en la ciudad (Espacio 37 \/ Casa FOA 2016) \/ Matty Costa Paz (\u00a9 Pompi Gutnisky)\" class=\"rl-gallery-link\" data-rl_caption=\"Un pie en la ciudad (Espacio 37 \/ Casa FOA 2016) \/ Matty Costa Paz (\u00a9 Pompi Gutnisky)\" data-rel=\"lightbox-gallery-1\"><img loading=\"lazy\" decoding=\"async\" width=\"150\" height=\"150\" src=\"https:\/\/www.arquimaster.com.ar\/web\/wp-content\/uploads\/2016\/11\/espacio37_casafoa2016_11-150x150.jpg\" class=\"attachment-thumbnail size-thumbnail\" alt=\"\" aria-describedby=\"gallery-1-23563\" srcset=\"https:\/\/www.arquimaster.com.ar\/web\/wp-content\/uploads\/2016\/11\/espacio37_casafoa2016_11-150x150.jpg 150w, https:\/\/www.arquimaster.com.ar\/web\/wp-content\/uploads\/2016\/11\/espacio37_casafoa2016_11-50x50.jpg 50w, https:\/\/www.arquimaster.com.ar\/web\/wp-content\/uploads\/2016\/11\/espacio37_casafoa2016_11-125x125.jpg 125w\" sizes=\"auto, (max-width: 150px) 100vw, 150px\" \/><\/a>\n\t\t\t<\/div>\n\t\t\t\t<figcaption class='wp-caption-text gallery-caption' id='gallery-1-23563'>\n\t\t\t\tUn pie en la ciudad (Espacio 37 \/ Casa FOA 2016) \/ Matty Costa Paz (\u00a9 Pompi Gutnisky)\n\t\t\t\t<\/figcaption><\/figure><figure class='gallery-item'>\n\t\t\t<div class='gallery-icon portrait'>\n\t\t\t\t<a href='https:\/\/www.arquimaster.com.ar\/web\/wp-content\/uploads\/2016\/11\/espacio37_casafoa2016_12.jpg' title=\"Un pie en la ciudad (Espacio 37 \/ Casa FOA 2016) \/ Matty Costa Paz (\u00a9 Pompi Gutnisky)\" data-rl_title=\"Un pie en la ciudad (Espacio 37 \/ Casa FOA 2016) \/ Matty Costa Paz (\u00a9 Pompi Gutnisky)\" class=\"rl-gallery-link\" data-rl_caption=\"Un pie en la ciudad (Espacio 37 \/ Casa FOA 2016) \/ Matty Costa Paz (\u00a9 Pompi Gutnisky)\" data-rel=\"lightbox-gallery-1\"><img loading=\"lazy\" decoding=\"async\" width=\"150\" height=\"150\" src=\"https:\/\/www.arquimaster.com.ar\/web\/wp-content\/uploads\/2016\/11\/espacio37_casafoa2016_12-150x150.jpg\" class=\"attachment-thumbnail size-thumbnail\" alt=\"\" aria-describedby=\"gallery-1-23564\" srcset=\"https:\/\/www.arquimaster.com.ar\/web\/wp-content\/uploads\/2016\/11\/espacio37_casafoa2016_12-150x150.jpg 150w, https:\/\/www.arquimaster.com.ar\/web\/wp-content\/uploads\/2016\/11\/espacio37_casafoa2016_12-50x50.jpg 50w, https:\/\/www.arquimaster.com.ar\/web\/wp-content\/uploads\/2016\/11\/espacio37_casafoa2016_12-125x125.jpg 125w\" sizes=\"auto, (max-width: 150px) 100vw, 150px\" \/><\/a>\n\t\t\t<\/div>\n\t\t\t\t<figcaption class='wp-caption-text gallery-caption' id='gallery-1-23564'>\n\t\t\t\tUn pie en la ciudad (Espacio 37 \/ Casa FOA 2016) \/ Matty Costa Paz (\u00a9 Pompi Gutnisky)\n\t\t\t\t<\/figcaption><\/figure><figure class='gallery-item'>\n\t\t\t<div class='gallery-icon portrait'>\n\t\t\t\t<a href='https:\/\/www.arquimaster.com.ar\/web\/wp-content\/uploads\/2016\/11\/espacio37_casafoa2016_13.jpg' title=\"Un pie en la ciudad (Espacio 37 \/ Casa FOA 2016) \/ Matty Costa Paz (\u00a9 Pompi Gutnisky)\" data-rl_title=\"Un pie en la ciudad (Espacio 37 \/ Casa FOA 2016) \/ Matty Costa Paz (\u00a9 Pompi Gutnisky)\" class=\"rl-gallery-link\" data-rl_caption=\"Un pie en la ciudad (Espacio 37 \/ Casa FOA 2016) \/ Matty Costa Paz (\u00a9 Pompi Gutnisky)\" data-rel=\"lightbox-gallery-1\"><img loading=\"lazy\" decoding=\"async\" width=\"150\" height=\"150\" src=\"https:\/\/www.arquimaster.com.ar\/web\/wp-content\/uploads\/2016\/11\/espacio37_casafoa2016_13-150x150.jpg\" class=\"attachment-thumbnail size-thumbnail\" alt=\"\" aria-describedby=\"gallery-1-23565\" srcset=\"https:\/\/www.arquimaster.com.ar\/web\/wp-content\/uploads\/2016\/11\/espacio37_casafoa2016_13-150x150.jpg 150w, https:\/\/www.arquimaster.com.ar\/web\/wp-content\/uploads\/2016\/11\/espacio37_casafoa2016_13-50x50.jpg 50w, https:\/\/www.arquimaster.com.ar\/web\/wp-content\/uploads\/2016\/11\/espacio37_casafoa2016_13-125x125.jpg 125w\" sizes=\"auto, (max-width: 150px) 100vw, 150px\" \/><\/a>\n\t\t\t<\/div>\n\t\t\t\t<figcaption class='wp-caption-text gallery-caption' id='gallery-1-23565'>\n\t\t\t\tUn pie en la ciudad (Espacio 37 \/ Casa FOA 2016) \/ Matty Costa Paz (\u00a9 Pompi Gutnisky)\n\t\t\t\t<\/figcaption><\/figure><figure class='gallery-item'>\n\t\t\t<div class='gallery-icon portrait'>\n\t\t\t\t<a href='https:\/\/www.arquimaster.com.ar\/web\/wp-content\/uploads\/2016\/11\/espacio37_casafoa2016_14.jpg' title=\"Un pie en la ciudad (Espacio 37 \/ Casa FOA 2016) \/ Matty Costa Paz (\u00a9 Pompi Gutnisky)\" data-rl_title=\"Un pie en la ciudad (Espacio 37 \/ Casa FOA 2016) \/ Matty Costa Paz (\u00a9 Pompi Gutnisky)\" class=\"rl-gallery-link\" data-rl_caption=\"Un pie en la ciudad (Espacio 37 \/ Casa FOA 2016) \/ Matty Costa Paz (\u00a9 Pompi Gutnisky)\" data-rel=\"lightbox-gallery-1\"><img loading=\"lazy\" decoding=\"async\" width=\"150\" height=\"150\" src=\"https:\/\/www.arquimaster.com.ar\/web\/wp-content\/uploads\/2016\/11\/espacio37_casafoa2016_14-150x150.jpg\" class=\"attachment-thumbnail size-thumbnail\" alt=\"\" aria-describedby=\"gallery-1-23566\" srcset=\"https:\/\/www.arquimaster.com.ar\/web\/wp-content\/uploads\/2016\/11\/espacio37_casafoa2016_14-150x150.jpg 150w, https:\/\/www.arquimaster.com.ar\/web\/wp-content\/uploads\/2016\/11\/espacio37_casafoa2016_14-50x50.jpg 50w, https:\/\/www.arquimaster.com.ar\/web\/wp-content\/uploads\/2016\/11\/espacio37_casafoa2016_14-125x125.jpg 125w\" sizes=\"auto, (max-width: 150px) 100vw, 150px\" \/><\/a>\n\t\t\t<\/div>\n\t\t\t\t<figcaption class='wp-caption-text gallery-caption' id='gallery-1-23566'>\n\t\t\t\tUn pie en la ciudad (Espacio 37 \/ Casa FOA 2016) \/ Matty Costa Paz (\u00a9 Pompi Gutnisky)\n\t\t\t\t<\/figcaption><\/figure><figure class='gallery-item'>\n\t\t\t<div class='gallery-icon portrait'>\n\t\t\t\t<a href='https:\/\/www.arquimaster.com.ar\/web\/wp-content\/uploads\/2016\/11\/espacio37_casafoa2016_15.jpg' title=\"Un pie en la ciudad (Espacio 37 \/ Casa FOA 2016) \/ Matty Costa Paz (\u00a9 Pompi Gutnisky)\" data-rl_title=\"Un pie en la ciudad (Espacio 37 \/ Casa FOA 2016) \/ Matty Costa Paz (\u00a9 Pompi Gutnisky)\" class=\"rl-gallery-link\" data-rl_caption=\"Un pie en la ciudad (Espacio 37 \/ Casa FOA 2016) \/ Matty Costa Paz (\u00a9 Pompi Gutnisky)\" data-rel=\"lightbox-gallery-1\"><img loading=\"lazy\" decoding=\"async\" width=\"150\" height=\"150\" src=\"https:\/\/www.arquimaster.com.ar\/web\/wp-content\/uploads\/2016\/11\/espacio37_casafoa2016_15-150x150.jpg\" class=\"attachment-thumbnail size-thumbnail\" alt=\"\" aria-describedby=\"gallery-1-23567\" srcset=\"https:\/\/www.arquimaster.com.ar\/web\/wp-content\/uploads\/2016\/11\/espacio37_casafoa2016_15-150x150.jpg 150w, https:\/\/www.arquimaster.com.ar\/web\/wp-content\/uploads\/2016\/11\/espacio37_casafoa2016_15-50x50.jpg 50w, https:\/\/www.arquimaster.com.ar\/web\/wp-content\/uploads\/2016\/11\/espacio37_casafoa2016_15-125x125.jpg 125w\" sizes=\"auto, (max-width: 150px) 100vw, 150px\" \/><\/a>\n\t\t\t<\/div>\n\t\t\t\t<figcaption class='wp-caption-text gallery-caption' id='gallery-1-23567'>\n\t\t\t\tUn pie en la ciudad (Espacio 37 \/ Casa FOA 2016) \/ Matty Costa Paz (\u00a9 Pompi Gutnisky)\n\t\t\t\t<\/figcaption><\/figure><figure class='gallery-item'>\n\t\t\t<div class='gallery-icon portrait'>\n\t\t\t\t<a href='https:\/\/www.arquimaster.com.ar\/web\/wp-content\/uploads\/2016\/11\/espacio37_casafoa2016_16.jpg' title=\"Un pie en la ciudad (Espacio 37 \/ Casa FOA 2016) \/ Matty Costa Paz (\u00a9 Pompi Gutnisky)\" data-rl_title=\"Un pie en la ciudad (Espacio 37 \/ Casa FOA 2016) \/ Matty Costa Paz (\u00a9 Pompi Gutnisky)\" class=\"rl-gallery-link\" data-rl_caption=\"Un pie en la ciudad (Espacio 37 \/ Casa FOA 2016) \/ Matty Costa Paz (\u00a9 Pompi Gutnisky)\" data-rel=\"lightbox-gallery-1\"><img loading=\"lazy\" decoding=\"async\" width=\"150\" height=\"150\" src=\"https:\/\/www.arquimaster.com.ar\/web\/wp-content\/uploads\/2016\/11\/espacio37_casafoa2016_16-150x150.jpg\" class=\"attachment-thumbnail size-thumbnail\" alt=\"\" aria-describedby=\"gallery-1-23568\" srcset=\"https:\/\/www.arquimaster.com.ar\/web\/wp-content\/uploads\/2016\/11\/espacio37_casafoa2016_16-150x150.jpg 150w, https:\/\/www.arquimaster.com.ar\/web\/wp-content\/uploads\/2016\/11\/espacio37_casafoa2016_16-50x50.jpg 50w, https:\/\/www.arquimaster.com.ar\/web\/wp-content\/uploads\/2016\/11\/espacio37_casafoa2016_16-125x125.jpg 125w\" sizes=\"auto, (max-width: 150px) 100vw, 150px\" \/><\/a>\n\t\t\t<\/div>\n\t\t\t\t<figcaption class='wp-caption-text gallery-caption' id='gallery-1-23568'>\n\t\t\t\tUn pie en la ciudad (Espacio 37 \/ Casa FOA 2016) \/ Matty Costa Paz (\u00a9 Pompi Gutnisky)\n\t\t\t\t<\/figcaption><\/figure><figure class='gallery-item'>\n\t\t\t<div class='gallery-icon portrait'>\n\t\t\t\t<a href='https:\/\/www.arquimaster.com.ar\/web\/wp-content\/uploads\/2016\/11\/espacio37_casafoa2016_17.jpg' title=\"Un pie en la ciudad (Espacio 37 \/ Casa FOA 2016) \/ Matty Costa Paz (\u00a9 Pompi Gutnisky)\" data-rl_title=\"Un pie en la ciudad (Espacio 37 \/ Casa FOA 2016) \/ Matty Costa Paz (\u00a9 Pompi Gutnisky)\" class=\"rl-gallery-link\" data-rl_caption=\"Un pie en la ciudad (Espacio 37 \/ Casa FOA 2016) \/ Matty Costa Paz (\u00a9 Pompi Gutnisky)\" data-rel=\"lightbox-gallery-1\"><img loading=\"lazy\" decoding=\"async\" width=\"150\" height=\"150\" src=\"https:\/\/www.arquimaster.com.ar\/web\/wp-content\/uploads\/2016\/11\/espacio37_casafoa2016_17-150x150.jpg\" class=\"attachment-thumbnail size-thumbnail\" alt=\"\" aria-describedby=\"gallery-1-23569\" srcset=\"https:\/\/www.arquimaster.com.ar\/web\/wp-content\/uploads\/2016\/11\/espacio37_casafoa2016_17-150x150.jpg 150w, https:\/\/www.arquimaster.com.ar\/web\/wp-content\/uploads\/2016\/11\/espacio37_casafoa2016_17-50x50.jpg 50w, https:\/\/www.arquimaster.com.ar\/web\/wp-content\/uploads\/2016\/11\/espacio37_casafoa2016_17-125x125.jpg 125w\" sizes=\"auto, (max-width: 150px) 100vw, 150px\" \/><\/a>\n\t\t\t<\/div>\n\t\t\t\t<figcaption class='wp-caption-text gallery-caption' id='gallery-1-23569'>\n\t\t\t\tUn pie en la ciudad (Espacio 37 \/ Casa FOA 2016) \/ Matty Costa Paz (\u00a9 Pompi Gutnisky)\n\t\t\t\t<\/figcaption><\/figure><figure class='gallery-item'>\n\t\t\t<div class='gallery-icon portrait'>\n\t\t\t\t<a href='https:\/\/www.arquimaster.com.ar\/web\/wp-content\/uploads\/2016\/11\/espacio37_casafoa2016_18.jpg' title=\"Un pie en la ciudad (Espacio 37 \/ Casa FOA 2016) \/ Matty Costa Paz (\u00a9 Pompi Gutnisky)\" data-rl_title=\"Un pie en la ciudad (Espacio 37 \/ Casa FOA 2016) \/ Matty Costa Paz (\u00a9 Pompi Gutnisky)\" class=\"rl-gallery-link\" data-rl_caption=\"Un pie en la ciudad (Espacio 37 \/ Casa FOA 2016) \/ Matty Costa Paz (\u00a9 Pompi Gutnisky)\" data-rel=\"lightbox-gallery-1\"><img loading=\"lazy\" decoding=\"async\" width=\"150\" height=\"150\" src=\"https:\/\/www.arquimaster.com.ar\/web\/wp-content\/uploads\/2016\/11\/espacio37_casafoa2016_18-150x150.jpg\" class=\"attachment-thumbnail size-thumbnail\" alt=\"\" aria-describedby=\"gallery-1-23570\" srcset=\"https:\/\/www.arquimaster.com.ar\/web\/wp-content\/uploads\/2016\/11\/espacio37_casafoa2016_18-150x150.jpg 150w, https:\/\/www.arquimaster.com.ar\/web\/wp-content\/uploads\/2016\/11\/espacio37_casafoa2016_18-50x50.jpg 50w, https:\/\/www.arquimaster.com.ar\/web\/wp-content\/uploads\/2016\/11\/espacio37_casafoa2016_18-125x125.jpg 125w\" sizes=\"auto, (max-width: 150px) 100vw, 150px\" \/><\/a>\n\t\t\t<\/div>\n\t\t\t\t<figcaption class='wp-caption-text gallery-caption' id='gallery-1-23570'>\n\t\t\t\tUn pie en la ciudad (Espacio 37 \/ Casa FOA 2016) \/ Matty Costa Paz (\u00a9 Pompi Gutnisky)\n\t\t\t\t<\/figcaption><\/figure><figure class='gallery-item'>\n\t\t\t<div class='gallery-icon portrait'>\n\t\t\t\t<a href='https:\/\/www.arquimaster.com.ar\/web\/wp-content\/uploads\/2016\/11\/espacio37_casafoa2016_19.jpg' title=\"Un pie en la ciudad (Espacio 37 \/ Casa FOA 2016) \/ Matty Costa Paz (\u00a9 Pompi Gutnisky)\" data-rl_title=\"Un pie en la ciudad (Espacio 37 \/ Casa FOA 2016) \/ Matty Costa Paz (\u00a9 Pompi Gutnisky)\" class=\"rl-gallery-link\" data-rl_caption=\"Un pie en la ciudad (Espacio 37 \/ Casa FOA 2016) \/ Matty Costa Paz (\u00a9 Pompi Gutnisky)\" data-rel=\"lightbox-gallery-1\"><img loading=\"lazy\" decoding=\"async\" width=\"150\" height=\"150\" src=\"https:\/\/www.arquimaster.com.ar\/web\/wp-content\/uploads\/2016\/11\/espacio37_casafoa2016_19-150x150.jpg\" class=\"attachment-thumbnail size-thumbnail\" alt=\"\" aria-describedby=\"gallery-1-23571\" srcset=\"https:\/\/www.arquimaster.com.ar\/web\/wp-content\/uploads\/2016\/11\/espacio37_casafoa2016_19-150x150.jpg 150w, https:\/\/www.arquimaster.com.ar\/web\/wp-content\/uploads\/2016\/11\/espacio37_casafoa2016_19-50x50.jpg 50w, https:\/\/www.arquimaster.com.ar\/web\/wp-content\/uploads\/2016\/11\/espacio37_casafoa2016_19-125x125.jpg 125w\" sizes=\"auto, (max-width: 150px) 100vw, 150px\" \/><\/a>\n\t\t\t<\/div>\n\t\t\t\t<figcaption class='wp-caption-text gallery-caption' id='gallery-1-23571'>\n\t\t\t\tUn pie en la ciudad (Espacio 37 \/ Casa FOA 2016) \/ Matty Costa Paz (\u00a9 Pompi Gutnisky)\n\t\t\t\t<\/figcaption><\/figure><figure class='gallery-item'>\n\t\t\t<div class='gallery-icon portrait'>\n\t\t\t\t<a href='https:\/\/www.arquimaster.com.ar\/web\/wp-content\/uploads\/2016\/11\/espacio37_casafoa2016_20.jpg' title=\"Un pie en la ciudad (Espacio 37 \/ Casa FOA 2016) \/ Matty Costa Paz (\u00a9 Pompi Gutnisky)\" data-rl_title=\"Un pie en la ciudad (Espacio 37 \/ Casa FOA 2016) \/ Matty Costa Paz (\u00a9 Pompi Gutnisky)\" class=\"rl-gallery-link\" data-rl_caption=\"Un pie en la ciudad (Espacio 37 \/ Casa FOA 2016) \/ Matty Costa Paz (\u00a9 Pompi Gutnisky)\" data-rel=\"lightbox-gallery-1\"><img loading=\"lazy\" decoding=\"async\" width=\"150\" height=\"150\" src=\"https:\/\/www.arquimaster.com.ar\/web\/wp-content\/uploads\/2016\/11\/espacio37_casafoa2016_20-150x150.jpg\" class=\"attachment-thumbnail size-thumbnail\" alt=\"\" aria-describedby=\"gallery-1-23572\" srcset=\"https:\/\/www.arquimaster.com.ar\/web\/wp-content\/uploads\/2016\/11\/espacio37_casafoa2016_20-150x150.jpg 150w, https:\/\/www.arquimaster.com.ar\/web\/wp-content\/uploads\/2016\/11\/espacio37_casafoa2016_20-50x50.jpg 50w, https:\/\/www.arquimaster.com.ar\/web\/wp-content\/uploads\/2016\/11\/espacio37_casafoa2016_20-125x125.jpg 125w\" sizes=\"auto, (max-width: 150px) 100vw, 150px\" \/><\/a>\n\t\t\t<\/div>\n\t\t\t\t<figcaption class='wp-caption-text gallery-caption' id='gallery-1-23572'>\n\t\t\t\tUn pie en la ciudad (Espacio 37 \/ Casa FOA 2016) \/ Matty Costa Paz (\u00a9 Pompi Gutnisky)\n\t\t\t\t<\/figcaption><\/figure><figure class='gallery-item'>\n\t\t\t<div class='gallery-icon landscape'>\n\t\t\t\t<a href='https:\/\/www.arquimaster.com.ar\/web\/wp-content\/uploads\/2016\/11\/espacio37_casafoa2016_21.jpg' title=\"Un pie en la ciudad (Espacio 37 \/ Casa FOA 2016) \/ Matty Costa Paz (\u00a9 Casa FOA)\" data-rl_title=\"Un pie en la ciudad (Espacio 37 \/ Casa FOA 2016) \/ Matty Costa Paz (\u00a9 Casa FOA)\" class=\"rl-gallery-link\" data-rl_caption=\"Un pie en la ciudad (Espacio 37 \/ Casa FOA 2016) \/ Matty Costa Paz (\u00a9 Casa FOA)\" data-rel=\"lightbox-gallery-1\"><img loading=\"lazy\" decoding=\"async\" width=\"150\" height=\"150\" src=\"https:\/\/www.arquimaster.com.ar\/web\/wp-content\/uploads\/2016\/11\/espacio37_casafoa2016_21-150x150.jpg\" class=\"attachment-thumbnail size-thumbnail\" alt=\"\" aria-describedby=\"gallery-1-23573\" srcset=\"https:\/\/www.arquimaster.com.ar\/web\/wp-content\/uploads\/2016\/11\/espacio37_casafoa2016_21-150x150.jpg 150w, https:\/\/www.arquimaster.com.ar\/web\/wp-content\/uploads\/2016\/11\/espacio37_casafoa2016_21-50x50.jpg 50w, https:\/\/www.arquimaster.com.ar\/web\/wp-content\/uploads\/2016\/11\/espacio37_casafoa2016_21-125x125.jpg 125w\" sizes=\"auto, (max-width: 150px) 100vw, 150px\" \/><\/a>\n\t\t\t<\/div>\n\t\t\t\t<figcaption class='wp-caption-text gallery-caption' id='gallery-1-23573'>\n\t\t\t\tUn pie en la ciudad (Espacio 37 \/ Casa FOA 2016) \/ Matty Costa Paz (\u00a9 Casa FOA)\n\t\t\t\t<\/figcaption><\/figure><figure class='gallery-item'>\n\t\t\t<div class='gallery-icon landscape'>\n\t\t\t\t<a href='https:\/\/www.arquimaster.com.ar\/web\/wp-content\/uploads\/2016\/11\/espacio37_casafoa2016_22.jpg' title=\"Un pie en la ciudad (Espacio 37 \/ Casa FOA 2016) \/ Matty Costa Paz (\u00a9 Casa FOA)\" data-rl_title=\"Un pie en la ciudad (Espacio 37 \/ Casa FOA 2016) \/ Matty Costa Paz (\u00a9 Casa FOA)\" class=\"rl-gallery-link\" data-rl_caption=\"Un pie en la ciudad (Espacio 37 \/ Casa FOA 2016) \/ Matty Costa Paz (\u00a9 Casa FOA)\" data-rel=\"lightbox-gallery-1\"><img loading=\"lazy\" decoding=\"async\" width=\"150\" height=\"150\" src=\"https:\/\/www.arquimaster.com.ar\/web\/wp-content\/uploads\/2016\/11\/espacio37_casafoa2016_22-150x150.jpg\" class=\"attachment-thumbnail size-thumbnail\" alt=\"\" aria-describedby=\"gallery-1-23574\" srcset=\"https:\/\/www.arquimaster.com.ar\/web\/wp-content\/uploads\/2016\/11\/espacio37_casafoa2016_22-150x150.jpg 150w, https:\/\/www.arquimaster.com.ar\/web\/wp-content\/uploads\/2016\/11\/espacio37_casafoa2016_22-50x50.jpg 50w, https:\/\/www.arquimaster.com.ar\/web\/wp-content\/uploads\/2016\/11\/espacio37_casafoa2016_22-125x125.jpg 125w\" sizes=\"auto, (max-width: 150px) 100vw, 150px\" \/><\/a>\n\t\t\t<\/div>\n\t\t\t\t<figcaption class='wp-caption-text gallery-caption' id='gallery-1-23574'>\n\t\t\t\tUn pie en la ciudad (Espacio 37 \/ Casa FOA 2016) \/ Matty Costa Paz (\u00a9 Casa FOA)\n\t\t\t\t<\/figcaption><\/figure><figure class='gallery-item'>\n\t\t\t<div class='gallery-icon landscape'>\n\t\t\t\t<a href='https:\/\/www.arquimaster.com.ar\/web\/wp-content\/uploads\/2016\/11\/espacio37_casafoa2016_23.jpg' title=\"Un pie en la ciudad (Espacio 37 \/ Casa FOA 2016) \/ Matty Costa Paz (\u00a9 Casa FOA)\" data-rl_title=\"Un pie en la ciudad (Espacio 37 \/ Casa FOA 2016) \/ Matty Costa Paz (\u00a9 Casa FOA)\" class=\"rl-gallery-link\" data-rl_caption=\"Un pie en la ciudad (Espacio 37 \/ Casa FOA 2016) \/ Matty Costa Paz (\u00a9 Casa FOA)\" data-rel=\"lightbox-gallery-1\"><img loading=\"lazy\" decoding=\"async\" width=\"150\" height=\"150\" src=\"https:\/\/www.arquimaster.com.ar\/web\/wp-content\/uploads\/2016\/11\/espacio37_casafoa2016_23-150x150.jpg\" class=\"attachment-thumbnail size-thumbnail\" alt=\"\" aria-describedby=\"gallery-1-23575\" srcset=\"https:\/\/www.arquimaster.com.ar\/web\/wp-content\/uploads\/2016\/11\/espacio37_casafoa2016_23-150x150.jpg 150w, https:\/\/www.arquimaster.com.ar\/web\/wp-content\/uploads\/2016\/11\/espacio37_casafoa2016_23-50x50.jpg 50w, https:\/\/www.arquimaster.com.ar\/web\/wp-content\/uploads\/2016\/11\/espacio37_casafoa2016_23-125x125.jpg 125w\" sizes=\"auto, (max-width: 150px) 100vw, 150px\" \/><\/a>\n\t\t\t<\/div>\n\t\t\t\t<figcaption class='wp-caption-text gallery-caption' id='gallery-1-23575'>\n\t\t\t\tUn pie en la ciudad (Espacio 37 \/ Casa FOA 2016) \/ Matty Costa Paz (\u00a9 Casa FOA)\n\t\t\t\t<\/figcaption><\/figure><figure class='gallery-item'>\n\t\t\t<div class='gallery-icon landscape'>\n\t\t\t\t<a href='https:\/\/www.arquimaster.com.ar\/web\/wp-content\/uploads\/2016\/10\/casa_foa_2016_plano.jpg' title=\"Casa FOA 2016 Dise\u00f1o Argentino (plano)\" data-rl_title=\"Casa FOA 2016 Dise\u00f1o Argentino (plano)\" class=\"rl-gallery-link\" data-rl_caption=\"Casa FOA 2016 Dise\u00f1o Argentino (plano)\" data-rel=\"lightbox-gallery-1\"><img loading=\"lazy\" decoding=\"async\" width=\"150\" height=\"150\" src=\"https:\/\/www.arquimaster.com.ar\/web\/wp-content\/uploads\/2016\/10\/casa_foa_2016_plano-150x150.jpg\" class=\"attachment-thumbnail size-thumbnail\" alt=\"\" aria-describedby=\"gallery-1-23390\" srcset=\"https:\/\/www.arquimaster.com.ar\/web\/wp-content\/uploads\/2016\/10\/casa_foa_2016_plano-150x150.jpg 150w, https:\/\/www.arquimaster.com.ar\/web\/wp-content\/uploads\/2016\/10\/casa_foa_2016_plano-50x50.jpg 50w, https:\/\/www.arquimaster.com.ar\/web\/wp-content\/uploads\/2016\/10\/casa_foa_2016_plano-125x125.jpg 125w\" sizes=\"auto, (max-width: 150px) 100vw, 150px\" \/><\/a>\n\t\t\t<\/div>\n\t\t\t\t<figcaption class='wp-caption-text gallery-caption' id='gallery-1-23390'>\n\t\t\t\tCasa FOA 2016 Dise\u00f1o Argentino (plano)\n\t\t\t\t<\/figcaption><\/figure>\n\t\t<\/div>\n\n<p><strong>Concepto<\/strong><br \/>\nEste espacio esta concebido como pie a tierra para una persona que vive fuera de la gran Ciudad.<\/p>\n<p>El espacio tiene una lectura moderna sectorizado en cuatro espacios:<br \/>\nEstudio &#8211; Kitchenette &#8211; Vestier &#8211; Ba\u00f1o Spa.<\/p>\n<p><strong>Funci\u00f3n<\/strong><br \/>\nDiferentes situaciones como peque\u00f1as reuniones de trabajo, descanso, una comida ligera, un cambio de ropa y \/o relajarse, ya sea leyendo comodamente o disfrutando de su propio spa.<\/p>\n<p><strong>Materialidad<\/strong><br \/>\nLos muros estan totalmente revestidos en distintos materiales generando una caja sofisticada gracias a las distintas texturas (Papel de seda de Armani Casa \/ La Europea, Vidrio negro Viio, madera Fresno Negro de Masisa, Vinilo Tarkett de La Europea, Cesarstone Concrete, papel vinilico linea Wallpaper de La Europea y Marmol Callacata Turco de Calello en tres diferentes acabados).<\/p>\n<p>Los solados muestran tres diferentes materiales segun su funcion Madera de Indusparquet con alfombra de alto transito Shaw (de La Europea ), Vinilo Tarkett dise\u00f1o del Estudio Costa Paz y realizado in situ y marmol pulido brillante.<\/p>\n<p><strong>Colores<\/strong><br \/>\nPaleta simple y neutra blanco gris y negro.<br \/>\nOxido y chocolate como acentos.<\/p>\n<p><strong>La historia<\/strong><br \/>\nComo objeto fetiche varios pajaros de madera clara (L&#8217;oiseau de Vitra &#8211; dise\u00f1o hermanos Bouroullec) forman una instalacion sobre la mesa principal simbolizando a nuestros antepasados inmigrantes que cruzando mares fundaron nuevas familias en tierras lejanas. A lo largo del recorrido hay pajaros sueltos, que buscan nuevos caminos.<\/p>\n<p><strong>Detalle del recorrido<\/strong><\/p>\n<p><strong>Estudio<\/strong><br \/>\nCama de dia realizada en lino (al igual que las cortinas), Fateuil Vitra dise\u00f1ado por Jean Prouve,<br \/>\n(todo de La Europea). Set de tres mesas y biombo en madera de Juan Azcue, mesa de hierro y marmol es acompa\u00f1ada por un par de sillas Belleville de Vitra de los hermanos Bouroullec.<\/p>\n<p>Obra de artistas contemporaneos como el acrilico \u00abTeatro Colon\u00bb de Maria Noel imprimen car\u00e1cter al lugar.<\/p>\n<p>La iluminacion de spots halogenos con diferentes altos y angulos (Idea Iluminacion) desde el cieloraso se completa con lampara de pie realizada por Juan Diciervo.<\/p>\n<p><strong>Paso<\/strong><br \/>\nTotalmente revestidos en fresno negro acompa\u00f1a la diferencia de altura estructural y vincula los<br \/>\ndiferentes espacios.<\/p>\n<p><strong>Kitchenette<\/strong><br \/>\nPared y piso con motivos geometricos realizados en vinilo Tarkett.<\/p>\n<p>Mueble, cajonera, mesada con bacha incorporada, alzada y estante realizados en Cesarstone Concrete (Calello) muestran un nuevo uso de un nuevo material.<\/p>\n<p>La iluminacion (luminaria Weiss de Idea Iluminacion) juega con la repeticion infinita de la imagen<br \/>\nsobre los cristales negros. Griferia Roca.<\/p>\n<p><strong>Vestier<\/strong><br \/>\nRevestimiento. Estante con luz. Colgador. Cajonera.<br \/>\nSencillo y funcional.<br \/>\nReloj Vitra dise\u00f1o George Nelson (La Europea).<\/p>\n<p><strong>Ba\u00f1o &#8211; Spa<\/strong><br \/>\nDesde un lenguaje visual contempor\u00e1neo, colores claros y mucha luz se logra un efecto de calma y<br \/>\npurificacion.<\/p>\n<p>Revestimiento en Marmol Callacata turco en texturas brillante y brush como la tapa de la mesada y<br \/>\nla chimenea (todo realizado por Calello).<\/p>\n<p>En el mismo material dos mamparas divisorias fueron talladas bajo relieve en 4D, se transforman en<br \/>\nobras de arte.<\/p>\n<p>Cortinas La Europea y Riel Americano.<br \/>\nSanitarios y griferia Roca.<br \/>\nTrama Luminica (Acrilico Tallado) del artista cinetico argentino Eduardo Rodriguez.<br \/>\nFotografias Aline Terzakian.<\/p>\n<p><strong>Sponsor<\/strong><br \/>\nLa Europea, empresa l\u00edder en el sector, provee productos y servicios de decoraci\u00f3n<br \/>\nintegral. Forma parte del grupo Muresco y representa marcas nacionales e internacionales<br \/>\ncomo Vitra, Armani Casa, Tarkett, Shaw, Eijffinger, Muresco, entre otras.<\/p>\n<p><strong>Contacto<\/strong><br \/>\nMatty Costa Paz<br \/>\nInterior Designer<br \/>\n<a href=\"http:\/\/www.mattycostapaz.com.ar\" target=\"_blank\">http:\/\/www.mattycostapaz.com.ar<\/a><\/p>\n<p>&nbsp;<\/p>\n<p><strong>Aplicaci\u00f3n de productos<\/strong><\/p>\n<p><strong>Alba<\/strong><br \/>\nAlbalatex mate Indigo Profundo<br \/>\nSatinol al agua Indigo Profundo<\/p>\n<p><strong>Calello Hnos.<\/strong><br \/>\nM\u00e1rmol Blanco Griego lustrado en piso<br \/>\nM\u00e1rmol Blanco Griego brush en revestimiento de mesada y tapas<br \/>\nM\u00e1rmol Blanco Griego brush en mamparas 3D<\/p>\n<p><strong>Caesarstone<\/strong><br \/>\nMesada de kitchenette con bacha armada y revestimiento de muebles en Caesarstone Concrete<\/p>\n<p>&nbsp;<\/p>\n<p><strong>Acerca de Casa FOA<\/strong><br \/>\nCasa FOA, es la exposici\u00f3n nacional de arquitectura, industria, dise\u00f1o interior y paisajismo, creada por iniciativa de Mercedes Malbran de Campos en el a\u00f1o 1985, con el objetivo de recaudar fondos para la Fundaci\u00f3n Oftalmol\u00f3gica Argentina Jorge Malbran. Casa FOA, es un referente indiscutido de la agenda cultural de la Argentina y una cita ineludible para conocer las \u00faltimas tendencias de arquitectura y dise\u00f1o que congrega variadas propuestas vanguardistas.<\/p>\n<p>La nueva edici\u00f3n de Casa FOA tiene lugar en el Palacio Cabrera, una antigua casona ubicada en Jos\u00e9 A. Cabrera 5653, en el barrio de Palermo. Casa FOA 2016 podr\u00e1 ser visitada hasta el 4 de diciembre de 2016 de domingo a jueves de 13 a 21 hs y Casa FOA Noche los viernes y s\u00e1bados hasta las 23 hs.<\/p>\n<p><iframe loading=\"lazy\" style=\"border: 0;\" src=\"https:\/\/www.google.com\/maps\/embed?pb=!1m18!1m12!1m3!1d3284.7448231115172!2d-58.44083648477087!3d-34.58532278046434!2m3!1f0!2f0!3f0!3m2!1i1024!2i768!4f13.1!3m3!1m2!1s0x95bcb58d150950df%3A0xd9596d7cf1dc1042!2sJos%C3%A9+Antonio+Cabrera+5653%2C+C1414BHE+CABA!5e0!3m2!1ses-419!2sar!4v1477860293822\" width=\"642\" height=\"350\" frameborder=\"0\" allowfullscreen=\"allowfullscreen\"><\/iframe><\/p>\n\n<div style=\"font-size: 0px; height: 0px; line-height: 0px; margin: 0; padding: 0; clear: both;\"><\/div><div style=\"margin-top: 0px; margin-bottom: 0px;\" class=\"sharethis-inline-share-buttons\" ><\/div>","protected":false},"excerpt":{"rendered":"<p>El departamento est\u00e1 sectorizado en cuatro espacios: estudio, kitchenette, vestier, ba\u00f1o spa&#8230;<\/p>\n","protected":false},"author":1,"featured_media":23552,"comment_status":"closed","ping_status":"closed","sticky":false,"template":"","format":"standard","meta":{"_uag_custom_page_level_css":"","footnotes":""},"categories":[3971,55],"tags":[2066,3946,332,37,38,1711,4006,2845,1523,115],"class_list":["post-23551","post","type-post","status-publish","format-standard","has-post-thumbnail","hentry","category-casa-foa-2016","category-diseno","tag-casa-foa","tag-casa-foa-2016","tag-cuarto-de-bano","tag-decoracion","tag-diseno-interior","tag-estudio","tag-kitchenette","tag-matty-costa-paz","tag-spa","tag-vestidores","generate-columns","tablet-grid-50","mobile-grid-100","grid-parent","grid-50"],"yoast_head":"<!-- This site is optimized with the Yoast SEO plugin v27.3 - https:\/\/yoast.com\/product\/yoast-seo-wordpress\/ -->\n<title>Un pie en la ciudad (Espacio 37 \/ Casa FOA 2016) \/ Matty Costa Paz - Arquimaster<\/title>\n<meta name=\"robots\" content=\"index, follow, max-snippet:-1, max-image-preview:large, max-video-preview:-1\" \/>\n<link rel=\"canonical\" href=\"https:\/\/www.arquimaster.com.ar\/web\/un-pie-en-la-ciudad-espacio-37-casa-foa-2016-matty-costa-paz\/\" \/>\n<meta property=\"og:locale\" content=\"es_ES\" \/>\n<meta property=\"og:type\" content=\"article\" \/>\n<meta property=\"og:title\" content=\"Un pie en la ciudad (Espacio 37 \/ Casa FOA 2016) \/ Matty Costa Paz - Arquimaster\" \/>\n<meta property=\"og:description\" content=\"El departamento est\u00e1 sectorizado en cuatro espacios: estudio, kitchenette, vestier, ba\u00f1o spa...\" \/>\n<meta property=\"og:url\" content=\"https:\/\/www.arquimaster.com.ar\/web\/un-pie-en-la-ciudad-espacio-37-casa-foa-2016-matty-costa-paz\/\" \/>\n<meta property=\"og:site_name\" content=\"Arquimaster\" \/>\n<meta property=\"article:publisher\" content=\"http:\/\/www.facebook.com\/ARQUIMASTER.com.ar\" \/>\n<meta property=\"article:published_time\" content=\"2016-11-01T16:00:59+00:00\" \/>\n<meta property=\"article:modified_time\" content=\"2016-11-06T22:14:03+00:00\" \/>\n<meta property=\"og:image\" content=\"https:\/\/www.arquimaster.com.ar\/web\/wp-content\/uploads\/2016\/11\/espacio37_casafoa2016_slide.jpg\" \/>\n\t<meta property=\"og:image:width\" content=\"642\" \/>\n\t<meta property=\"og:image:height\" content=\"336\" \/>\n\t<meta property=\"og:image:type\" content=\"image\/jpeg\" \/>\n<meta name=\"author\" content=\"Arquimaster\" \/>\n<meta name=\"twitter:card\" content=\"summary_large_image\" \/>\n<meta name=\"twitter:creator\" content=\"@arquimaster\" \/>\n<meta name=\"twitter:site\" content=\"@arquimaster\" \/>\n<meta name=\"twitter:label1\" content=\"Escrito por\" \/>\n\t<meta name=\"twitter:data1\" content=\"Arquimaster\" \/>\n\t<meta name=\"twitter:label2\" content=\"Tiempo de lectura\" \/>\n\t<meta name=\"twitter:data2\" content=\"4 minutos\" \/>\n<script type=\"application\/ld+json\" class=\"yoast-schema-graph\">{\"@context\":\"https:\\\/\\\/schema.org\",\"@graph\":[{\"@type\":\"Article\",\"@id\":\"https:\\\/\\\/www.arquimaster.com.ar\\\/web\\\/un-pie-en-la-ciudad-espacio-37-casa-foa-2016-matty-costa-paz\\\/#article\",\"isPartOf\":{\"@id\":\"https:\\\/\\\/www.arquimaster.com.ar\\\/web\\\/un-pie-en-la-ciudad-espacio-37-casa-foa-2016-matty-costa-paz\\\/\"},\"author\":{\"name\":\"Arquimaster\",\"@id\":\"https:\\\/\\\/www.arquimaster.com.ar\\\/web\\\/#\\\/schema\\\/person\\\/359e9f7c00193fcde068e0dd2ceb0028\"},\"headline\":\"Un pie en la ciudad (Espacio 37 \\\/ Casa FOA 2016) \\\/ Matty Costa Paz\",\"datePublished\":\"2016-11-01T16:00:59+00:00\",\"dateModified\":\"2016-11-06T22:14:03+00:00\",\"mainEntityOfPage\":{\"@id\":\"https:\\\/\\\/www.arquimaster.com.ar\\\/web\\\/un-pie-en-la-ciudad-espacio-37-casa-foa-2016-matty-costa-paz\\\/\"},\"wordCount\":806,\"publisher\":{\"@id\":\"https:\\\/\\\/www.arquimaster.com.ar\\\/web\\\/#organization\"},\"image\":{\"@id\":\"https:\\\/\\\/www.arquimaster.com.ar\\\/web\\\/un-pie-en-la-ciudad-espacio-37-casa-foa-2016-matty-costa-paz\\\/#primaryimage\"},\"thumbnailUrl\":\"https:\\\/\\\/www.arquimaster.com.ar\\\/web\\\/wp-content\\\/uploads\\\/2016\\\/11\\\/espacio37_casafoa2016_slide.jpg\",\"keywords\":[\"Casa FOA\",\"Casa FOA 2016\",\"cuarto de ba\u00f1o\",\"decoracion\",\"dise\u00f1o interior\",\"estudio\",\"kitchenette\",\"Matty Costa Paz\",\"spa\",\"vestidores\"],\"articleSection\":[\"Casa FOA 2016\",\"Dise\u00f1o\"],\"inLanguage\":\"es\"},{\"@type\":\"WebPage\",\"@id\":\"https:\\\/\\\/www.arquimaster.com.ar\\\/web\\\/un-pie-en-la-ciudad-espacio-37-casa-foa-2016-matty-costa-paz\\\/\",\"url\":\"https:\\\/\\\/www.arquimaster.com.ar\\\/web\\\/un-pie-en-la-ciudad-espacio-37-casa-foa-2016-matty-costa-paz\\\/\",\"name\":\"Un pie en la ciudad (Espacio 37 \\\/ Casa FOA 2016) \\\/ Matty Costa Paz - Arquimaster\",\"isPartOf\":{\"@id\":\"https:\\\/\\\/www.arquimaster.com.ar\\\/web\\\/#website\"},\"primaryImageOfPage\":{\"@id\":\"https:\\\/\\\/www.arquimaster.com.ar\\\/web\\\/un-pie-en-la-ciudad-espacio-37-casa-foa-2016-matty-costa-paz\\\/#primaryimage\"},\"image\":{\"@id\":\"https:\\\/\\\/www.arquimaster.com.ar\\\/web\\\/un-pie-en-la-ciudad-espacio-37-casa-foa-2016-matty-costa-paz\\\/#primaryimage\"},\"thumbnailUrl\":\"https:\\\/\\\/www.arquimaster.com.ar\\\/web\\\/wp-content\\\/uploads\\\/2016\\\/11\\\/espacio37_casafoa2016_slide.jpg\",\"datePublished\":\"2016-11-01T16:00:59+00:00\",\"dateModified\":\"2016-11-06T22:14:03+00:00\",\"breadcrumb\":{\"@id\":\"https:\\\/\\\/www.arquimaster.com.ar\\\/web\\\/un-pie-en-la-ciudad-espacio-37-casa-foa-2016-matty-costa-paz\\\/#breadcrumb\"},\"inLanguage\":\"es\",\"potentialAction\":[{\"@type\":\"ReadAction\",\"target\":[\"https:\\\/\\\/www.arquimaster.com.ar\\\/web\\\/un-pie-en-la-ciudad-espacio-37-casa-foa-2016-matty-costa-paz\\\/\"]}]},{\"@type\":\"ImageObject\",\"inLanguage\":\"es\",\"@id\":\"https:\\\/\\\/www.arquimaster.com.ar\\\/web\\\/un-pie-en-la-ciudad-espacio-37-casa-foa-2016-matty-costa-paz\\\/#primaryimage\",\"url\":\"https:\\\/\\\/www.arquimaster.com.ar\\\/web\\\/wp-content\\\/uploads\\\/2016\\\/11\\\/espacio37_casafoa2016_slide.jpg\",\"contentUrl\":\"https:\\\/\\\/www.arquimaster.com.ar\\\/web\\\/wp-content\\\/uploads\\\/2016\\\/11\\\/espacio37_casafoa2016_slide.jpg\",\"width\":642,\"height\":336},{\"@type\":\"BreadcrumbList\",\"@id\":\"https:\\\/\\\/www.arquimaster.com.ar\\\/web\\\/un-pie-en-la-ciudad-espacio-37-casa-foa-2016-matty-costa-paz\\\/#breadcrumb\",\"itemListElement\":[{\"@type\":\"ListItem\",\"position\":1,\"name\":\"Portada\",\"item\":\"https:\\\/\\\/www.arquimaster.com.ar\\\/web\\\/\"},{\"@type\":\"ListItem\",\"position\":2,\"name\":\"Un pie en la ciudad (Espacio 37 \\\/ Casa FOA 2016) \\\/ Matty Costa Paz\"}]},{\"@type\":\"WebSite\",\"@id\":\"https:\\\/\\\/www.arquimaster.com.ar\\\/web\\\/#website\",\"url\":\"https:\\\/\\\/www.arquimaster.com.ar\\\/web\\\/\",\"name\":\"Arquimaster\",\"description\":\"Web de arquitectura, dise\u00f1o y construccion\",\"publisher\":{\"@id\":\"https:\\\/\\\/www.arquimaster.com.ar\\\/web\\\/#organization\"},\"potentialAction\":[{\"@type\":\"SearchAction\",\"target\":{\"@type\":\"EntryPoint\",\"urlTemplate\":\"https:\\\/\\\/www.arquimaster.com.ar\\\/web\\\/?s={search_term_string}\"},\"query-input\":{\"@type\":\"PropertyValueSpecification\",\"valueRequired\":true,\"valueName\":\"search_term_string\"}}],\"inLanguage\":\"es\"},{\"@type\":\"Organization\",\"@id\":\"https:\\\/\\\/www.arquimaster.com.ar\\\/web\\\/#organization\",\"name\":\"Arquimaster\",\"url\":\"https:\\\/\\\/www.arquimaster.com.ar\\\/web\\\/\",\"logo\":{\"@type\":\"ImageObject\",\"inLanguage\":\"es\",\"@id\":\"https:\\\/\\\/www.arquimaster.com.ar\\\/web\\\/#\\\/schema\\\/logo\\\/image\\\/\",\"url\":\"https:\\\/\\\/www.arquimaster.com.ar\\\/web\\\/wp-content\\\/uploads\\\/2022\\\/06\\\/arquimaster.png\",\"contentUrl\":\"https:\\\/\\\/www.arquimaster.com.ar\\\/web\\\/wp-content\\\/uploads\\\/2022\\\/06\\\/arquimaster.png\",\"width\":594,\"height\":78,\"caption\":\"Arquimaster\"},\"image\":{\"@id\":\"https:\\\/\\\/www.arquimaster.com.ar\\\/web\\\/#\\\/schema\\\/logo\\\/image\\\/\"},\"sameAs\":[\"http:\\\/\\\/www.facebook.com\\\/ARQUIMASTER.com.ar\",\"https:\\\/\\\/x.com\\\/arquimaster\",\"https:\\\/\\\/www.instagram.com\\\/arquimasterblog\\\/\",\"https:\\\/\\\/www.linkedin.com\\\/company\\\/arquimaster\",\"https:\\\/\\\/www.pinterest.com\\\/arquimaster\",\"https:\\\/\\\/t.me\\\/arquimaster\"]},{\"@type\":\"Person\",\"@id\":\"https:\\\/\\\/www.arquimaster.com.ar\\\/web\\\/#\\\/schema\\\/person\\\/359e9f7c00193fcde068e0dd2ceb0028\",\"name\":\"Arquimaster\"}]}<\/script>\n<!-- \/ Yoast SEO plugin. -->","yoast_head_json":{"title":"Un pie en la ciudad (Espacio 37 \/ Casa FOA 2016) \/ Matty Costa Paz - Arquimaster","robots":{"index":"index","follow":"follow","max-snippet":"max-snippet:-1","max-image-preview":"max-image-preview:large","max-video-preview":"max-video-preview:-1"},"canonical":"https:\/\/www.arquimaster.com.ar\/web\/un-pie-en-la-ciudad-espacio-37-casa-foa-2016-matty-costa-paz\/","og_locale":"es_ES","og_type":"article","og_title":"Un pie en la ciudad (Espacio 37 \/ Casa FOA 2016) \/ Matty Costa Paz - Arquimaster","og_description":"El departamento est\u00e1 sectorizado en cuatro espacios: estudio, kitchenette, vestier, ba\u00f1o spa...","og_url":"https:\/\/www.arquimaster.com.ar\/web\/un-pie-en-la-ciudad-espacio-37-casa-foa-2016-matty-costa-paz\/","og_site_name":"Arquimaster","article_publisher":"http:\/\/www.facebook.com\/ARQUIMASTER.com.ar","article_published_time":"2016-11-01T16:00:59+00:00","article_modified_time":"2016-11-06T22:14:03+00:00","og_image":[{"width":642,"height":336,"url":"https:\/\/www.arquimaster.com.ar\/web\/wp-content\/uploads\/2016\/11\/espacio37_casafoa2016_slide.jpg","type":"image\/jpeg"}],"author":"Arquimaster","twitter_card":"summary_large_image","twitter_creator":"@arquimaster","twitter_site":"@arquimaster","twitter_misc":{"Escrito por":"Arquimaster","Tiempo de lectura":"4 minutos"},"schema":{"@context":"https:\/\/schema.org","@graph":[{"@type":"Article","@id":"https:\/\/www.arquimaster.com.ar\/web\/un-pie-en-la-ciudad-espacio-37-casa-foa-2016-matty-costa-paz\/#article","isPartOf":{"@id":"https:\/\/www.arquimaster.com.ar\/web\/un-pie-en-la-ciudad-espacio-37-casa-foa-2016-matty-costa-paz\/"},"author":{"name":"Arquimaster","@id":"https:\/\/www.arquimaster.com.ar\/web\/#\/schema\/person\/359e9f7c00193fcde068e0dd2ceb0028"},"headline":"Un pie en la ciudad (Espacio 37 \/ Casa FOA 2016) \/ Matty Costa Paz","datePublished":"2016-11-01T16:00:59+00:00","dateModified":"2016-11-06T22:14:03+00:00","mainEntityOfPage":{"@id":"https:\/\/www.arquimaster.com.ar\/web\/un-pie-en-la-ciudad-espacio-37-casa-foa-2016-matty-costa-paz\/"},"wordCount":806,"publisher":{"@id":"https:\/\/www.arquimaster.com.ar\/web\/#organization"},"image":{"@id":"https:\/\/www.arquimaster.com.ar\/web\/un-pie-en-la-ciudad-espacio-37-casa-foa-2016-matty-costa-paz\/#primaryimage"},"thumbnailUrl":"https:\/\/www.arquimaster.com.ar\/web\/wp-content\/uploads\/2016\/11\/espacio37_casafoa2016_slide.jpg","keywords":["Casa FOA","Casa FOA 2016","cuarto de ba\u00f1o","decoracion","dise\u00f1o interior","estudio","kitchenette","Matty Costa Paz","spa","vestidores"],"articleSection":["Casa FOA 2016","Dise\u00f1o"],"inLanguage":"es"},{"@type":"WebPage","@id":"https:\/\/www.arquimaster.com.ar\/web\/un-pie-en-la-ciudad-espacio-37-casa-foa-2016-matty-costa-paz\/","url":"https:\/\/www.arquimaster.com.ar\/web\/un-pie-en-la-ciudad-espacio-37-casa-foa-2016-matty-costa-paz\/","name":"Un pie en la ciudad (Espacio 37 \/ Casa FOA 2016) \/ Matty Costa Paz - Arquimaster","isPartOf":{"@id":"https:\/\/www.arquimaster.com.ar\/web\/#website"},"primaryImageOfPage":{"@id":"https:\/\/www.arquimaster.com.ar\/web\/un-pie-en-la-ciudad-espacio-37-casa-foa-2016-matty-costa-paz\/#primaryimage"},"image":{"@id":"https:\/\/www.arquimaster.com.ar\/web\/un-pie-en-la-ciudad-espacio-37-casa-foa-2016-matty-costa-paz\/#primaryimage"},"thumbnailUrl":"https:\/\/www.arquimaster.com.ar\/web\/wp-content\/uploads\/2016\/11\/espacio37_casafoa2016_slide.jpg","datePublished":"2016-11-01T16:00:59+00:00","dateModified":"2016-11-06T22:14:03+00:00","breadcrumb":{"@id":"https:\/\/www.arquimaster.com.ar\/web\/un-pie-en-la-ciudad-espacio-37-casa-foa-2016-matty-costa-paz\/#breadcrumb"},"inLanguage":"es","potentialAction":[{"@type":"ReadAction","target":["https:\/\/www.arquimaster.com.ar\/web\/un-pie-en-la-ciudad-espacio-37-casa-foa-2016-matty-costa-paz\/"]}]},{"@type":"ImageObject","inLanguage":"es","@id":"https:\/\/www.arquimaster.com.ar\/web\/un-pie-en-la-ciudad-espacio-37-casa-foa-2016-matty-costa-paz\/#primaryimage","url":"https:\/\/www.arquimaster.com.ar\/web\/wp-content\/uploads\/2016\/11\/espacio37_casafoa2016_slide.jpg","contentUrl":"https:\/\/www.arquimaster.com.ar\/web\/wp-content\/uploads\/2016\/11\/espacio37_casafoa2016_slide.jpg","width":642,"height":336},{"@type":"BreadcrumbList","@id":"https:\/\/www.arquimaster.com.ar\/web\/un-pie-en-la-ciudad-espacio-37-casa-foa-2016-matty-costa-paz\/#breadcrumb","itemListElement":[{"@type":"ListItem","position":1,"name":"Portada","item":"https:\/\/www.arquimaster.com.ar\/web\/"},{"@type":"ListItem","position":2,"name":"Un pie en la ciudad (Espacio 37 \/ Casa FOA 2016) \/ Matty Costa Paz"}]},{"@type":"WebSite","@id":"https:\/\/www.arquimaster.com.ar\/web\/#website","url":"https:\/\/www.arquimaster.com.ar\/web\/","name":"Arquimaster","description":"Web de arquitectura, dise\u00f1o y construccion","publisher":{"@id":"https:\/\/www.arquimaster.com.ar\/web\/#organization"},"potentialAction":[{"@type":"SearchAction","target":{"@type":"EntryPoint","urlTemplate":"https:\/\/www.arquimaster.com.ar\/web\/?s={search_term_string}"},"query-input":{"@type":"PropertyValueSpecification","valueRequired":true,"valueName":"search_term_string"}}],"inLanguage":"es"},{"@type":"Organization","@id":"https:\/\/www.arquimaster.com.ar\/web\/#organization","name":"Arquimaster","url":"https:\/\/www.arquimaster.com.ar\/web\/","logo":{"@type":"ImageObject","inLanguage":"es","@id":"https:\/\/www.arquimaster.com.ar\/web\/#\/schema\/logo\/image\/","url":"https:\/\/www.arquimaster.com.ar\/web\/wp-content\/uploads\/2022\/06\/arquimaster.png","contentUrl":"https:\/\/www.arquimaster.com.ar\/web\/wp-content\/uploads\/2022\/06\/arquimaster.png","width":594,"height":78,"caption":"Arquimaster"},"image":{"@id":"https:\/\/www.arquimaster.com.ar\/web\/#\/schema\/logo\/image\/"},"sameAs":["http:\/\/www.facebook.com\/ARQUIMASTER.com.ar","https:\/\/x.com\/arquimaster","https:\/\/www.instagram.com\/arquimasterblog\/","https:\/\/www.linkedin.com\/company\/arquimaster","https:\/\/www.pinterest.com\/arquimaster","https:\/\/t.me\/arquimaster"]},{"@type":"Person","@id":"https:\/\/www.arquimaster.com.ar\/web\/#\/schema\/person\/359e9f7c00193fcde068e0dd2ceb0028","name":"Arquimaster"}]}},"uagb_featured_image_src":{"full":["https:\/\/www.arquimaster.com.ar\/web\/wp-content\/uploads\/2016\/11\/espacio37_casafoa2016_slide.jpg",642,336,false],"thumbnail":["https:\/\/www.arquimaster.com.ar\/web\/wp-content\/uploads\/2016\/11\/espacio37_casafoa2016_slide-150x150.jpg",150,150,true],"medium":["https:\/\/www.arquimaster.com.ar\/web\/wp-content\/uploads\/2016\/11\/espacio37_casafoa2016_slide.jpg",642,336,false],"medium_large":["https:\/\/www.arquimaster.com.ar\/web\/wp-content\/uploads\/2016\/11\/espacio37_casafoa2016_slide.jpg",642,336,false],"large":["https:\/\/www.arquimaster.com.ar\/web\/wp-content\/uploads\/2016\/11\/espacio37_casafoa2016_slide.jpg",642,336,false],"1536x1536":["https:\/\/www.arquimaster.com.ar\/web\/wp-content\/uploads\/2016\/11\/espacio37_casafoa2016_slide.jpg",642,336,false],"2048x2048":["https:\/\/www.arquimaster.com.ar\/web\/wp-content\/uploads\/2016\/11\/espacio37_casafoa2016_slide.jpg",642,336,false]},"uagb_author_info":{"display_name":"Arquimaster","author_link":"https:\/\/www.arquimaster.com.ar\/web\/author\/arquimaster\/"},"uagb_comment_info":0,"uagb_excerpt":"El departamento est\u00e1 sectorizado en cuatro espacios: estudio, kitchenette, vestier, ba\u00f1o spa...","_links":{"self":[{"href":"https:\/\/www.arquimaster.com.ar\/web\/wp-json\/wp\/v2\/posts\/23551","targetHints":{"allow":["GET"]}}],"collection":[{"href":"https:\/\/www.arquimaster.com.ar\/web\/wp-json\/wp\/v2\/posts"}],"about":[{"href":"https:\/\/www.arquimaster.com.ar\/web\/wp-json\/wp\/v2\/types\/post"}],"author":[{"embeddable":true,"href":"https:\/\/www.arquimaster.com.ar\/web\/wp-json\/wp\/v2\/users\/1"}],"replies":[{"embeddable":true,"href":"https:\/\/www.arquimaster.com.ar\/web\/wp-json\/wp\/v2\/comments?post=23551"}],"version-history":[{"count":0,"href":"https:\/\/www.arquimaster.com.ar\/web\/wp-json\/wp\/v2\/posts\/23551\/revisions"}],"wp:featuredmedia":[{"embeddable":true,"href":"https:\/\/www.arquimaster.com.ar\/web\/wp-json\/wp\/v2\/media\/23552"}],"wp:attachment":[{"href":"https:\/\/www.arquimaster.com.ar\/web\/wp-json\/wp\/v2\/media?parent=23551"}],"wp:term":[{"taxonomy":"category","embeddable":true,"href":"https:\/\/www.arquimaster.com.ar\/web\/wp-json\/wp\/v2\/categories?post=23551"},{"taxonomy":"post_tag","embeddable":true,"href":"https:\/\/www.arquimaster.com.ar\/web\/wp-json\/wp\/v2\/tags?post=23551"}],"curies":[{"name":"wp","href":"https:\/\/api.w.org\/{rel}","templated":true}]}}