{"id":23799,"date":"2016-11-14T18:00:11","date_gmt":"2016-11-14T18:00:11","guid":{"rendered":"http:\/\/www.arquimaster.com.ar\/web\/?p=23799"},"modified":"2025-10-25T19:44:42","modified_gmt":"2025-10-25T22:44:42","slug":"se-inaugura-el-primer-edificio-sustentable-de-neuquen","status":"publish","type":"post","link":"https:\/\/www.arquimaster.com.ar\/web\/se-inaugura-el-primer-edificio-sustentable-de-neuquen\/","title":{"rendered":"Se inaugura el primer edificio sustentable de Neuqu\u00e9n"},"content":{"rendered":"<div style=\"margin-top: 0px; margin-bottom: 0px;\" class=\"sharethis-inline-share-buttons\" ><\/div><div class=\"b812932af2e751442846f039925109de\" data-index=\"1\" style=\"float: none; margin:25px 0 25px 0; text-align:center;\">\n<script async src=\"https:\/\/pagead2.googlesyndication.com\/pagead\/js\/adsbygoogle.js\"><\/script>\r\n<!-- Arquimaster (superior) -->\r\n<ins class=\"adsbygoogle\"\r\n     style=\"display:block\"\r\n     data-ad-client=\"ca-pub-6351072698456832\"\r\n     data-ad-slot=\"6455489680\"\r\n     data-ad-format=\"auto\"\r\n     data-full-width-responsive=\"true\"><\/ins>\r\n<script>\r\n     (adsbygoogle = window.adsbygoogle || []).push({});\r\n<\/script>\n<\/div>\n<p><em><strong>La consultora Green Group certific\u00f3 la sede del Banco Provincia de Neuqu\u00e9n como el primer proyecto sustentable en la provincia, otorgando la certificaci\u00f3n internacional LEED.<\/strong><\/em><\/p>\n<div id='gallery-1' class='gallery galleryid-23799 gallery-columns-3 gallery-size-thumbnail'><figure class='gallery-item'>\n\t\t\t<div class='gallery-icon landscape'>\n\t\t\t\t<a href='https:\/\/www.arquimaster.com.ar\/web\/wp-content\/uploads\/2016\/11\/edificio_sustentable_neuquen1.jpg' title=\"Se inaugura el primer edificio sustentable de Neuqu\u00e9n\" data-rl_title=\"Se inaugura el primer edificio sustentable de Neuqu\u00e9n\" class=\"rl-gallery-link\" data-rl_caption=\"Se inaugura el primer edificio sustentable de Neuqu\u00e9n\" data-rel=\"lightbox-gallery-1\"><img loading=\"lazy\" decoding=\"async\" width=\"150\" height=\"150\" src=\"https:\/\/www.arquimaster.com.ar\/web\/wp-content\/uploads\/2016\/11\/edificio_sustentable_neuquen1-150x150.jpg\" class=\"attachment-thumbnail size-thumbnail\" alt=\"\" aria-describedby=\"gallery-1-23801\" srcset=\"https:\/\/www.arquimaster.com.ar\/web\/wp-content\/uploads\/2016\/11\/edificio_sustentable_neuquen1-150x150.jpg 150w, https:\/\/www.arquimaster.com.ar\/web\/wp-content\/uploads\/2016\/11\/edificio_sustentable_neuquen1-50x50.jpg 50w, https:\/\/www.arquimaster.com.ar\/web\/wp-content\/uploads\/2016\/11\/edificio_sustentable_neuquen1-125x125.jpg 125w\" sizes=\"auto, (max-width: 150px) 100vw, 150px\" \/><\/a>\n\t\t\t<\/div>\n\t\t\t\t<figcaption class='wp-caption-text gallery-caption' id='gallery-1-23801'>\n\t\t\t\tSe inaugura el primer edificio sustentable de Neuqu\u00e9n\n\t\t\t\t<\/figcaption><\/figure><figure class='gallery-item'>\n\t\t\t<div class='gallery-icon landscape'>\n\t\t\t\t<a href='https:\/\/www.arquimaster.com.ar\/web\/wp-content\/uploads\/2016\/11\/edificio_sustentable_neuquen2.jpg' title=\"Se inaugura el primer edificio sustentable de Neuqu\u00e9n\" data-rl_title=\"Se inaugura el primer edificio sustentable de Neuqu\u00e9n\" class=\"rl-gallery-link\" data-rl_caption=\"Se inaugura el primer edificio sustentable de Neuqu\u00e9n\" data-rel=\"lightbox-gallery-1\"><img loading=\"lazy\" decoding=\"async\" width=\"150\" height=\"150\" src=\"https:\/\/www.arquimaster.com.ar\/web\/wp-content\/uploads\/2016\/11\/edificio_sustentable_neuquen2-150x150.jpg\" class=\"attachment-thumbnail size-thumbnail\" alt=\"\" aria-describedby=\"gallery-1-23802\" srcset=\"https:\/\/www.arquimaster.com.ar\/web\/wp-content\/uploads\/2016\/11\/edificio_sustentable_neuquen2-150x150.jpg 150w, https:\/\/www.arquimaster.com.ar\/web\/wp-content\/uploads\/2016\/11\/edificio_sustentable_neuquen2-50x50.jpg 50w, https:\/\/www.arquimaster.com.ar\/web\/wp-content\/uploads\/2016\/11\/edificio_sustentable_neuquen2-125x125.jpg 125w\" sizes=\"auto, (max-width: 150px) 100vw, 150px\" \/><\/a>\n\t\t\t<\/div>\n\t\t\t\t<figcaption class='wp-caption-text gallery-caption' id='gallery-1-23802'>\n\t\t\t\tSe inaugura el primer edificio sustentable de Neuqu\u00e9n\n\t\t\t\t<\/figcaption><\/figure><figure class='gallery-item'>\n\t\t\t<div class='gallery-icon portrait'>\n\t\t\t\t<a href='https:\/\/www.arquimaster.com.ar\/web\/wp-content\/uploads\/2016\/11\/edificio_sustentable_neuquen3.jpg' title=\"Se inaugura el primer edificio sustentable de Neuqu\u00e9n\" data-rl_title=\"Se inaugura el primer edificio sustentable de Neuqu\u00e9n\" class=\"rl-gallery-link\" data-rl_caption=\"Se inaugura el primer edificio sustentable de Neuqu\u00e9n\" data-rel=\"lightbox-gallery-1\"><img loading=\"lazy\" decoding=\"async\" width=\"150\" height=\"150\" src=\"https:\/\/www.arquimaster.com.ar\/web\/wp-content\/uploads\/2016\/11\/edificio_sustentable_neuquen3-150x150.jpg\" class=\"attachment-thumbnail size-thumbnail\" alt=\"\" aria-describedby=\"gallery-1-23803\" srcset=\"https:\/\/www.arquimaster.com.ar\/web\/wp-content\/uploads\/2016\/11\/edificio_sustentable_neuquen3-150x150.jpg 150w, https:\/\/www.arquimaster.com.ar\/web\/wp-content\/uploads\/2016\/11\/edificio_sustentable_neuquen3-50x50.jpg 50w, https:\/\/www.arquimaster.com.ar\/web\/wp-content\/uploads\/2016\/11\/edificio_sustentable_neuquen3-125x125.jpg 125w\" sizes=\"auto, (max-width: 150px) 100vw, 150px\" \/><\/a>\n\t\t\t<\/div>\n\t\t\t\t<figcaption class='wp-caption-text gallery-caption' id='gallery-1-23803'>\n\t\t\t\tSe inaugura el primer edificio sustentable de Neuqu\u00e9n\n\t\t\t\t<\/figcaption><\/figure><figure class='gallery-item'>\n\t\t\t<div class='gallery-icon portrait'>\n\t\t\t\t<a href='https:\/\/www.arquimaster.com.ar\/web\/wp-content\/uploads\/2016\/11\/edificio_sustentable_neuquen4.jpg' title=\"Se inaugura el primer edificio sustentable de Neuqu\u00e9n\" data-rl_title=\"Se inaugura el primer edificio sustentable de Neuqu\u00e9n\" class=\"rl-gallery-link\" data-rl_caption=\"Se inaugura el primer edificio sustentable de Neuqu\u00e9n\" data-rel=\"lightbox-gallery-1\"><img loading=\"lazy\" decoding=\"async\" width=\"150\" height=\"150\" src=\"https:\/\/www.arquimaster.com.ar\/web\/wp-content\/uploads\/2016\/11\/edificio_sustentable_neuquen4-150x150.jpg\" class=\"attachment-thumbnail size-thumbnail\" alt=\"\" aria-describedby=\"gallery-1-23804\" srcset=\"https:\/\/www.arquimaster.com.ar\/web\/wp-content\/uploads\/2016\/11\/edificio_sustentable_neuquen4-150x150.jpg 150w, https:\/\/www.arquimaster.com.ar\/web\/wp-content\/uploads\/2016\/11\/edificio_sustentable_neuquen4-50x50.jpg 50w, https:\/\/www.arquimaster.com.ar\/web\/wp-content\/uploads\/2016\/11\/edificio_sustentable_neuquen4-125x125.jpg 125w\" sizes=\"auto, (max-width: 150px) 100vw, 150px\" \/><\/a>\n\t\t\t<\/div>\n\t\t\t\t<figcaption class='wp-caption-text gallery-caption' id='gallery-1-23804'>\n\t\t\t\tSe inaugura el primer edificio sustentable de Neuqu\u00e9n\n\t\t\t\t<\/figcaption><\/figure><figure class='gallery-item'>\n\t\t\t<div class='gallery-icon portrait'>\n\t\t\t\t<a href='https:\/\/www.arquimaster.com.ar\/web\/wp-content\/uploads\/2016\/11\/edificio_sustentable_neuquen5.jpg' title=\"Se inaugura el primer edificio sustentable de Neuqu\u00e9n\" data-rl_title=\"Se inaugura el primer edificio sustentable de Neuqu\u00e9n\" class=\"rl-gallery-link\" data-rl_caption=\"Se inaugura el primer edificio sustentable de Neuqu\u00e9n\" data-rel=\"lightbox-gallery-1\"><img loading=\"lazy\" decoding=\"async\" width=\"150\" height=\"150\" src=\"https:\/\/www.arquimaster.com.ar\/web\/wp-content\/uploads\/2016\/11\/edificio_sustentable_neuquen5-150x150.jpg\" class=\"attachment-thumbnail size-thumbnail\" alt=\"\" aria-describedby=\"gallery-1-23805\" srcset=\"https:\/\/www.arquimaster.com.ar\/web\/wp-content\/uploads\/2016\/11\/edificio_sustentable_neuquen5-150x150.jpg 150w, https:\/\/www.arquimaster.com.ar\/web\/wp-content\/uploads\/2016\/11\/edificio_sustentable_neuquen5-50x50.jpg 50w, https:\/\/www.arquimaster.com.ar\/web\/wp-content\/uploads\/2016\/11\/edificio_sustentable_neuquen5-125x125.jpg 125w\" sizes=\"auto, (max-width: 150px) 100vw, 150px\" \/><\/a>\n\t\t\t<\/div>\n\t\t\t\t<figcaption class='wp-caption-text gallery-caption' id='gallery-1-23805'>\n\t\t\t\tSe inaugura el primer edificio sustentable de Neuqu\u00e9n\n\t\t\t\t<\/figcaption><\/figure><figure class='gallery-item'>\n\t\t\t<div class='gallery-icon landscape'>\n\t\t\t\t<a href='https:\/\/www.arquimaster.com.ar\/web\/wp-content\/uploads\/2016\/11\/edificio_sustentable_neuquen6.jpg' title=\"Se inaugura el primer edificio sustentable de Neuqu\u00e9n\" data-rl_title=\"Se inaugura el primer edificio sustentable de Neuqu\u00e9n\" class=\"rl-gallery-link\" data-rl_caption=\"Se inaugura el primer edificio sustentable de Neuqu\u00e9n\" data-rel=\"lightbox-gallery-1\"><img loading=\"lazy\" decoding=\"async\" width=\"150\" height=\"150\" src=\"https:\/\/www.arquimaster.com.ar\/web\/wp-content\/uploads\/2016\/11\/edificio_sustentable_neuquen6-150x150.jpg\" class=\"attachment-thumbnail size-thumbnail\" alt=\"\" aria-describedby=\"gallery-1-23806\" srcset=\"https:\/\/www.arquimaster.com.ar\/web\/wp-content\/uploads\/2016\/11\/edificio_sustentable_neuquen6-150x150.jpg 150w, https:\/\/www.arquimaster.com.ar\/web\/wp-content\/uploads\/2016\/11\/edificio_sustentable_neuquen6-50x50.jpg 50w, https:\/\/www.arquimaster.com.ar\/web\/wp-content\/uploads\/2016\/11\/edificio_sustentable_neuquen6-125x125.jpg 125w\" sizes=\"auto, (max-width: 150px) 100vw, 150px\" \/><\/a>\n\t\t\t<\/div>\n\t\t\t\t<figcaption class='wp-caption-text gallery-caption' id='gallery-1-23806'>\n\t\t\t\tSe inaugura el primer edificio sustentable de Neuqu\u00e9n\n\t\t\t\t<\/figcaption><\/figure><figure class='gallery-item'>\n\t\t\t<div class='gallery-icon landscape'>\n\t\t\t\t<a href='https:\/\/www.arquimaster.com.ar\/web\/wp-content\/uploads\/2016\/11\/edificio_sustentable_neuquen7.jpg' title=\"Se inaugura el primer edificio sustentable de Neuqu\u00e9n\" data-rl_title=\"Se inaugura el primer edificio sustentable de Neuqu\u00e9n\" class=\"rl-gallery-link\" data-rl_caption=\"Se inaugura el primer edificio sustentable de Neuqu\u00e9n\" data-rel=\"lightbox-gallery-1\"><img loading=\"lazy\" decoding=\"async\" width=\"150\" height=\"150\" src=\"https:\/\/www.arquimaster.com.ar\/web\/wp-content\/uploads\/2016\/11\/edificio_sustentable_neuquen7-150x150.jpg\" class=\"attachment-thumbnail size-thumbnail\" alt=\"\" aria-describedby=\"gallery-1-23807\" srcset=\"https:\/\/www.arquimaster.com.ar\/web\/wp-content\/uploads\/2016\/11\/edificio_sustentable_neuquen7-150x150.jpg 150w, https:\/\/www.arquimaster.com.ar\/web\/wp-content\/uploads\/2016\/11\/edificio_sustentable_neuquen7-50x50.jpg 50w, https:\/\/www.arquimaster.com.ar\/web\/wp-content\/uploads\/2016\/11\/edificio_sustentable_neuquen7-125x125.jpg 125w\" sizes=\"auto, (max-width: 150px) 100vw, 150px\" \/><\/a>\n\t\t\t<\/div>\n\t\t\t\t<figcaption class='wp-caption-text gallery-caption' id='gallery-1-23807'>\n\t\t\t\tSe inaugura el primer edificio sustentable de Neuqu\u00e9n\n\t\t\t\t<\/figcaption><\/figure><figure class='gallery-item'>\n\t\t\t<div class='gallery-icon landscape'>\n\t\t\t\t<a href='https:\/\/www.arquimaster.com.ar\/web\/wp-content\/uploads\/2016\/11\/edificio_sustentable_neuquen8.jpg' title=\"Se inaugura el primer edificio sustentable de Neuqu\u00e9n\" data-rl_title=\"Se inaugura el primer edificio sustentable de Neuqu\u00e9n\" class=\"rl-gallery-link\" data-rl_caption=\"Se inaugura el primer edificio sustentable de Neuqu\u00e9n\" data-rel=\"lightbox-gallery-1\"><img loading=\"lazy\" decoding=\"async\" width=\"150\" height=\"150\" src=\"https:\/\/www.arquimaster.com.ar\/web\/wp-content\/uploads\/2016\/11\/edificio_sustentable_neuquen8-150x150.jpg\" class=\"attachment-thumbnail size-thumbnail\" alt=\"\" aria-describedby=\"gallery-1-23808\" srcset=\"https:\/\/www.arquimaster.com.ar\/web\/wp-content\/uploads\/2016\/11\/edificio_sustentable_neuquen8-150x150.jpg 150w, https:\/\/www.arquimaster.com.ar\/web\/wp-content\/uploads\/2016\/11\/edificio_sustentable_neuquen8-50x50.jpg 50w, https:\/\/www.arquimaster.com.ar\/web\/wp-content\/uploads\/2016\/11\/edificio_sustentable_neuquen8-125x125.jpg 125w\" sizes=\"auto, (max-width: 150px) 100vw, 150px\" \/><\/a>\n\t\t\t<\/div>\n\t\t\t\t<figcaption class='wp-caption-text gallery-caption' id='gallery-1-23808'>\n\t\t\t\tSe inaugura el primer edificio sustentable de Neuqu\u00e9n\n\t\t\t\t<\/figcaption><\/figure>\n\t\t<\/div>\n\n<p>La nueva sede Banco Provincia de Neuqu\u00e9n es desarrollada por Dinamo Arquitectura, cuyo proyecto pertenece a la constructora Roque Mocciola SA. Se trata del primer edificio sustentable de la provincia y demand\u00f3 una inversi\u00f3n de 189 millones de pesos.<\/p>\n<p>Teniendo en cuenta que el 36% del uso total de la energ\u00eda proviene de los edificios, es que desde la Intendencia de Neuqu\u00e9n comenzaron a regir nuevos par\u00e1metros de construcci\u00f3n otorgando a los desarrolladores que emprendan proyectos sustentables, un 20% m\u00e1s de superficie para construir. Este es un claro edificio que comienza a implementar estos par\u00e1metros.<\/p>\n<p>Ubicado estrat\u00e9gicamente en calle Independencia N\u00ba 50 (Km 0 de Neuqu\u00e9n) del centro neuquino con 9186,63 m2, el dise\u00f1o del nuevo edificio, parte de premisas como su operatividad, seguridad, eficacia, creatividad y sustentabilidad. La iluminaci\u00f3n y el espacio verde juegan un papel principal en el dise\u00f1o, y por este motivo el edificio contar\u00e1 con patios internos que dar\u00e1n luz natural y espacios verdes, lo que evitar\u00e1 la sensaci\u00f3n de encierro del usuario.<\/p>\n<p><em>\u00abLas medidas sustentables implementadas por Banco Provincia Neuquen logran reducir las emisiones de carbono equivalentes a retirar de la calle m\u00e1s de 700 autom\u00f3viles, reducir la contaminaci\u00f3n provocada en la construcci\u00f3n controlando la erosi\u00f3n del suelo, mejorar la calidad del aire para empleados y visitantes del edificio contaminaci\u00f3n del aire y lograr un edificio eficiente con una vida \u00fatil y tecnolog\u00edas mayor de 30 a\u00f1os. El resultado de esto genera un gran beneficio hacia los empleados y visitantes el banco\u00bb<\/em>, explic\u00f3 Micaela Smulevich, consultora de Green Group Sustainability Consulting y LEED Acredited Profesional de la obra.<\/p>\n<p>M\u00faltiples beneficios ambientales generan estos espacios naturales, entre los que se destaca su gran aislaci\u00f3n t\u00e9rmica que produce un excelente rendimiento en los edificios, reduciendo hasta un 30% en la factura de electricidad en verano. A su vez, genera una soluci\u00f3n para el problema de las inundaciones urbanas, ya que retiene y ralentiza el escurrimiento de las aguas de lluvia en las terrazas.<\/p>\n<p>Dentro de los materiales sustentables utilizados se encuentran luminarias de bajo consumo, termo tanque solar, sistema de control centralizado BMS, sensores de iluminaci\u00f3n y presencia y calidad de aire interior baja en VOC (Compuestos org\u00e1nicos vol\u00e1tiles) (*).<\/p>\n<p>Adem\u00e1s, se sugieren medidas para promover el\u00a0manejo de desechos, y el ahorro de agua. Los inodoros tendr\u00e1n un sistema\u00a0de pulsadores divididos para doble descarga: un pulsador permite la descarga\u00a0parcial y otro la descarga total.<\/p>\n<p>Si bien se pretende centralizar en el edificio la casa matriz con la banca para jubilados, la banca personal y las oficinas, el proyecto presentado plantea la existencia de diferentes accesos a cada \u00e1rea pero una vinculaci\u00f3n articulada por dos patios.<\/p>\n<p><strong>Acerca de Green Group<\/strong><br \/>\nGreen Group es la consultora primer argentina dedicada a certificar y asesorar la mayor\u00eda de los emprendimientos, proyectos y productos sustentables. A su vez, es la \u00fanica que ofrece cursos avalados por el US Green Building Council (Consejo de la Construcci\u00f3n Ecol\u00f3gica de Estados Unidos) sobre cuidado ambiental de diferentes niveles.<\/p>\n<p>BPN es un banco comercial, \u00e1gil, sustentable, con presencia regional, l\u00edder en calidad de atenci\u00f3n. Cuenta con 39 sucursales en toda la provincia, m\u00e1s las que posee en R\u00edo Negro y la sucursal de Buenos Aires. Posee tambi\u00e9n 19 extensiones y una red de 134 cajeros autom\u00e1ticos, que lo ubica a la entidad financiera como la poseedora de la mayor red de cajeros de la Patagonia Argentina.<\/p>\n<p>(*) VOC: Los compuestos org\u00e1nicos son sustancias qu\u00edmicas que contienen\u00a0carbono\u00a0y se encuentran en todos los elementos vivos. Se convierten f\u00e1cilmente en\u00a0vapores\u00a0o\u00a0gases. Los COV son liberados por la quema de\u00a0combustibles, pero tambi\u00e9n son liberados por\u00a0disolventes,\u00a0pinturas\u00a0y otros productos empleados y almacenados en la casa y el lugar de trabajo.<\/p>\n\n<div style=\"font-size: 0px; height: 0px; line-height: 0px; margin: 0; padding: 0; clear: both;\"><\/div><div style=\"margin-top: 0px; margin-bottom: 0px;\" class=\"sharethis-inline-share-buttons\" ><\/div>","protected":false},"excerpt":{"rendered":"<p>Green Group otorg\u00f3 certificaci\u00f3n internacional LEED a la sede del Banco Provincia de Neuqu\u00e9n&#8230;<\/p>\n","protected":false},"author":1,"featured_media":23800,"comment_status":"closed","ping_status":"closed","sticky":false,"template":"","format":"standard","meta":{"_uag_custom_page_level_css":"","footnotes":""},"categories":[40,65],"tags":[4035,1919,4034,4032,4033,741,147],"class_list":["post-23799","post","type-post","status-publish","format-standard","has-post-thumbnail","hentry","category-construccion","category-sector-inmobiliario","tag-banco-provincia-de-neuquen","tag-certificacion-leed","tag-dinamo-arquitectura","tag-edificio-sustentable","tag-green-group","tag-leed","tag-neuquen","generate-columns","tablet-grid-50","mobile-grid-100","grid-parent","grid-50"],"yoast_head":"<!-- This site is optimized with the Yoast SEO plugin v27.3 - https:\/\/yoast.com\/product\/yoast-seo-wordpress\/ -->\n<title>Se inaugura el primer edificio sustentable de Neuqu\u00e9n - Arquimaster<\/title>\n<meta name=\"robots\" content=\"index, follow, max-snippet:-1, max-image-preview:large, max-video-preview:-1\" \/>\n<link rel=\"canonical\" href=\"https:\/\/www.arquimaster.com.ar\/web\/se-inaugura-el-primer-edificio-sustentable-de-neuquen\/\" \/>\n<meta property=\"og:locale\" content=\"es_ES\" \/>\n<meta property=\"og:type\" content=\"article\" \/>\n<meta property=\"og:title\" content=\"Se inaugura el primer edificio sustentable de Neuqu\u00e9n - Arquimaster\" \/>\n<meta property=\"og:description\" content=\"Green Group otorg\u00f3 certificaci\u00f3n internacional LEED a la sede del Banco Provincia de Neuqu\u00e9n...\" \/>\n<meta property=\"og:url\" content=\"https:\/\/www.arquimaster.com.ar\/web\/se-inaugura-el-primer-edificio-sustentable-de-neuquen\/\" \/>\n<meta property=\"og:site_name\" content=\"Arquimaster\" \/>\n<meta property=\"article:publisher\" content=\"http:\/\/www.facebook.com\/ARQUIMASTER.com.ar\" \/>\n<meta property=\"article:published_time\" content=\"2016-11-14T18:00:11+00:00\" \/>\n<meta property=\"article:modified_time\" content=\"2025-10-25T22:44:42+00:00\" \/>\n<meta property=\"og:image\" content=\"https:\/\/www.arquimaster.com.ar\/web\/wp-content\/uploads\/2016\/11\/edificio_sustentable_neuquen_slide.jpg\" \/>\n\t<meta property=\"og:image:width\" content=\"642\" \/>\n\t<meta property=\"og:image:height\" content=\"336\" \/>\n\t<meta property=\"og:image:type\" content=\"image\/jpeg\" \/>\n<meta name=\"author\" content=\"Arquimaster\" \/>\n<meta name=\"twitter:card\" content=\"summary_large_image\" \/>\n<meta name=\"twitter:creator\" content=\"@arquimaster\" \/>\n<meta name=\"twitter:site\" content=\"@arquimaster\" \/>\n<meta name=\"twitter:label1\" content=\"Escrito por\" \/>\n\t<meta name=\"twitter:data1\" content=\"Arquimaster\" \/>\n\t<meta name=\"twitter:label2\" content=\"Tiempo de lectura\" \/>\n\t<meta name=\"twitter:data2\" content=\"4 minutos\" \/>\n<script type=\"application\/ld+json\" class=\"yoast-schema-graph\">{\"@context\":\"https:\\\/\\\/schema.org\",\"@graph\":[{\"@type\":\"Article\",\"@id\":\"https:\\\/\\\/www.arquimaster.com.ar\\\/web\\\/se-inaugura-el-primer-edificio-sustentable-de-neuquen\\\/#article\",\"isPartOf\":{\"@id\":\"https:\\\/\\\/www.arquimaster.com.ar\\\/web\\\/se-inaugura-el-primer-edificio-sustentable-de-neuquen\\\/\"},\"author\":{\"name\":\"Arquimaster\",\"@id\":\"https:\\\/\\\/www.arquimaster.com.ar\\\/web\\\/#\\\/schema\\\/person\\\/359e9f7c00193fcde068e0dd2ceb0028\"},\"headline\":\"Se inaugura el primer edificio sustentable de Neuqu\u00e9n\",\"datePublished\":\"2016-11-14T18:00:11+00:00\",\"dateModified\":\"2025-10-25T22:44:42+00:00\",\"mainEntityOfPage\":{\"@id\":\"https:\\\/\\\/www.arquimaster.com.ar\\\/web\\\/se-inaugura-el-primer-edificio-sustentable-de-neuquen\\\/\"},\"wordCount\":691,\"publisher\":{\"@id\":\"https:\\\/\\\/www.arquimaster.com.ar\\\/web\\\/#organization\"},\"image\":{\"@id\":\"https:\\\/\\\/www.arquimaster.com.ar\\\/web\\\/se-inaugura-el-primer-edificio-sustentable-de-neuquen\\\/#primaryimage\"},\"thumbnailUrl\":\"https:\\\/\\\/www.arquimaster.com.ar\\\/web\\\/wp-content\\\/uploads\\\/2016\\\/11\\\/edificio_sustentable_neuquen_slide.jpg\",\"keywords\":[\"Banco Provincia de Neuqu\u00e9n\",\"certificacion LEED\",\"Dinamo Arquitectura\",\"edificio sustentable\",\"Green Group\",\"LEED\",\"Neuqu\u00e9n\"],\"articleSection\":[\"Construccion\",\"Sector inmobiliario y constructoras\"],\"inLanguage\":\"es\"},{\"@type\":\"WebPage\",\"@id\":\"https:\\\/\\\/www.arquimaster.com.ar\\\/web\\\/se-inaugura-el-primer-edificio-sustentable-de-neuquen\\\/\",\"url\":\"https:\\\/\\\/www.arquimaster.com.ar\\\/web\\\/se-inaugura-el-primer-edificio-sustentable-de-neuquen\\\/\",\"name\":\"Se inaugura el primer edificio sustentable de Neuqu\u00e9n - Arquimaster\",\"isPartOf\":{\"@id\":\"https:\\\/\\\/www.arquimaster.com.ar\\\/web\\\/#website\"},\"primaryImageOfPage\":{\"@id\":\"https:\\\/\\\/www.arquimaster.com.ar\\\/web\\\/se-inaugura-el-primer-edificio-sustentable-de-neuquen\\\/#primaryimage\"},\"image\":{\"@id\":\"https:\\\/\\\/www.arquimaster.com.ar\\\/web\\\/se-inaugura-el-primer-edificio-sustentable-de-neuquen\\\/#primaryimage\"},\"thumbnailUrl\":\"https:\\\/\\\/www.arquimaster.com.ar\\\/web\\\/wp-content\\\/uploads\\\/2016\\\/11\\\/edificio_sustentable_neuquen_slide.jpg\",\"datePublished\":\"2016-11-14T18:00:11+00:00\",\"dateModified\":\"2025-10-25T22:44:42+00:00\",\"breadcrumb\":{\"@id\":\"https:\\\/\\\/www.arquimaster.com.ar\\\/web\\\/se-inaugura-el-primer-edificio-sustentable-de-neuquen\\\/#breadcrumb\"},\"inLanguage\":\"es\",\"potentialAction\":[{\"@type\":\"ReadAction\",\"target\":[\"https:\\\/\\\/www.arquimaster.com.ar\\\/web\\\/se-inaugura-el-primer-edificio-sustentable-de-neuquen\\\/\"]}]},{\"@type\":\"ImageObject\",\"inLanguage\":\"es\",\"@id\":\"https:\\\/\\\/www.arquimaster.com.ar\\\/web\\\/se-inaugura-el-primer-edificio-sustentable-de-neuquen\\\/#primaryimage\",\"url\":\"https:\\\/\\\/www.arquimaster.com.ar\\\/web\\\/wp-content\\\/uploads\\\/2016\\\/11\\\/edificio_sustentable_neuquen_slide.jpg\",\"contentUrl\":\"https:\\\/\\\/www.arquimaster.com.ar\\\/web\\\/wp-content\\\/uploads\\\/2016\\\/11\\\/edificio_sustentable_neuquen_slide.jpg\",\"width\":642,\"height\":336},{\"@type\":\"BreadcrumbList\",\"@id\":\"https:\\\/\\\/www.arquimaster.com.ar\\\/web\\\/se-inaugura-el-primer-edificio-sustentable-de-neuquen\\\/#breadcrumb\",\"itemListElement\":[{\"@type\":\"ListItem\",\"position\":1,\"name\":\"Portada\",\"item\":\"https:\\\/\\\/www.arquimaster.com.ar\\\/web\\\/\"},{\"@type\":\"ListItem\",\"position\":2,\"name\":\"Se inaugura el primer edificio sustentable de Neuqu\u00e9n\"}]},{\"@type\":\"WebSite\",\"@id\":\"https:\\\/\\\/www.arquimaster.com.ar\\\/web\\\/#website\",\"url\":\"https:\\\/\\\/www.arquimaster.com.ar\\\/web\\\/\",\"name\":\"Arquimaster\",\"description\":\"Web de arquitectura, dise\u00f1o y construccion\",\"publisher\":{\"@id\":\"https:\\\/\\\/www.arquimaster.com.ar\\\/web\\\/#organization\"},\"potentialAction\":[{\"@type\":\"SearchAction\",\"target\":{\"@type\":\"EntryPoint\",\"urlTemplate\":\"https:\\\/\\\/www.arquimaster.com.ar\\\/web\\\/?s={search_term_string}\"},\"query-input\":{\"@type\":\"PropertyValueSpecification\",\"valueRequired\":true,\"valueName\":\"search_term_string\"}}],\"inLanguage\":\"es\"},{\"@type\":\"Organization\",\"@id\":\"https:\\\/\\\/www.arquimaster.com.ar\\\/web\\\/#organization\",\"name\":\"Arquimaster\",\"url\":\"https:\\\/\\\/www.arquimaster.com.ar\\\/web\\\/\",\"logo\":{\"@type\":\"ImageObject\",\"inLanguage\":\"es\",\"@id\":\"https:\\\/\\\/www.arquimaster.com.ar\\\/web\\\/#\\\/schema\\\/logo\\\/image\\\/\",\"url\":\"https:\\\/\\\/www.arquimaster.com.ar\\\/web\\\/wp-content\\\/uploads\\\/2022\\\/06\\\/arquimaster.png\",\"contentUrl\":\"https:\\\/\\\/www.arquimaster.com.ar\\\/web\\\/wp-content\\\/uploads\\\/2022\\\/06\\\/arquimaster.png\",\"width\":594,\"height\":78,\"caption\":\"Arquimaster\"},\"image\":{\"@id\":\"https:\\\/\\\/www.arquimaster.com.ar\\\/web\\\/#\\\/schema\\\/logo\\\/image\\\/\"},\"sameAs\":[\"http:\\\/\\\/www.facebook.com\\\/ARQUIMASTER.com.ar\",\"https:\\\/\\\/x.com\\\/arquimaster\",\"https:\\\/\\\/www.instagram.com\\\/arquimasterblog\\\/\",\"https:\\\/\\\/www.linkedin.com\\\/company\\\/arquimaster\",\"https:\\\/\\\/www.pinterest.com\\\/arquimaster\",\"https:\\\/\\\/t.me\\\/arquimaster\"]},{\"@type\":\"Person\",\"@id\":\"https:\\\/\\\/www.arquimaster.com.ar\\\/web\\\/#\\\/schema\\\/person\\\/359e9f7c00193fcde068e0dd2ceb0028\",\"name\":\"Arquimaster\"}]}<\/script>\n<!-- \/ Yoast SEO plugin. -->","yoast_head_json":{"title":"Se inaugura el primer edificio sustentable de Neuqu\u00e9n - Arquimaster","robots":{"index":"index","follow":"follow","max-snippet":"max-snippet:-1","max-image-preview":"max-image-preview:large","max-video-preview":"max-video-preview:-1"},"canonical":"https:\/\/www.arquimaster.com.ar\/web\/se-inaugura-el-primer-edificio-sustentable-de-neuquen\/","og_locale":"es_ES","og_type":"article","og_title":"Se inaugura el primer edificio sustentable de Neuqu\u00e9n - Arquimaster","og_description":"Green Group otorg\u00f3 certificaci\u00f3n internacional LEED a la sede del Banco Provincia de Neuqu\u00e9n...","og_url":"https:\/\/www.arquimaster.com.ar\/web\/se-inaugura-el-primer-edificio-sustentable-de-neuquen\/","og_site_name":"Arquimaster","article_publisher":"http:\/\/www.facebook.com\/ARQUIMASTER.com.ar","article_published_time":"2016-11-14T18:00:11+00:00","article_modified_time":"2025-10-25T22:44:42+00:00","og_image":[{"width":642,"height":336,"url":"https:\/\/www.arquimaster.com.ar\/web\/wp-content\/uploads\/2016\/11\/edificio_sustentable_neuquen_slide.jpg","type":"image\/jpeg"}],"author":"Arquimaster","twitter_card":"summary_large_image","twitter_creator":"@arquimaster","twitter_site":"@arquimaster","twitter_misc":{"Escrito por":"Arquimaster","Tiempo de lectura":"4 minutos"},"schema":{"@context":"https:\/\/schema.org","@graph":[{"@type":"Article","@id":"https:\/\/www.arquimaster.com.ar\/web\/se-inaugura-el-primer-edificio-sustentable-de-neuquen\/#article","isPartOf":{"@id":"https:\/\/www.arquimaster.com.ar\/web\/se-inaugura-el-primer-edificio-sustentable-de-neuquen\/"},"author":{"name":"Arquimaster","@id":"https:\/\/www.arquimaster.com.ar\/web\/#\/schema\/person\/359e9f7c00193fcde068e0dd2ceb0028"},"headline":"Se inaugura el primer edificio sustentable de Neuqu\u00e9n","datePublished":"2016-11-14T18:00:11+00:00","dateModified":"2025-10-25T22:44:42+00:00","mainEntityOfPage":{"@id":"https:\/\/www.arquimaster.com.ar\/web\/se-inaugura-el-primer-edificio-sustentable-de-neuquen\/"},"wordCount":691,"publisher":{"@id":"https:\/\/www.arquimaster.com.ar\/web\/#organization"},"image":{"@id":"https:\/\/www.arquimaster.com.ar\/web\/se-inaugura-el-primer-edificio-sustentable-de-neuquen\/#primaryimage"},"thumbnailUrl":"https:\/\/www.arquimaster.com.ar\/web\/wp-content\/uploads\/2016\/11\/edificio_sustentable_neuquen_slide.jpg","keywords":["Banco Provincia de Neuqu\u00e9n","certificacion LEED","Dinamo Arquitectura","edificio sustentable","Green Group","LEED","Neuqu\u00e9n"],"articleSection":["Construccion","Sector inmobiliario y constructoras"],"inLanguage":"es"},{"@type":"WebPage","@id":"https:\/\/www.arquimaster.com.ar\/web\/se-inaugura-el-primer-edificio-sustentable-de-neuquen\/","url":"https:\/\/www.arquimaster.com.ar\/web\/se-inaugura-el-primer-edificio-sustentable-de-neuquen\/","name":"Se inaugura el primer edificio sustentable de Neuqu\u00e9n - Arquimaster","isPartOf":{"@id":"https:\/\/www.arquimaster.com.ar\/web\/#website"},"primaryImageOfPage":{"@id":"https:\/\/www.arquimaster.com.ar\/web\/se-inaugura-el-primer-edificio-sustentable-de-neuquen\/#primaryimage"},"image":{"@id":"https:\/\/www.arquimaster.com.ar\/web\/se-inaugura-el-primer-edificio-sustentable-de-neuquen\/#primaryimage"},"thumbnailUrl":"https:\/\/www.arquimaster.com.ar\/web\/wp-content\/uploads\/2016\/11\/edificio_sustentable_neuquen_slide.jpg","datePublished":"2016-11-14T18:00:11+00:00","dateModified":"2025-10-25T22:44:42+00:00","breadcrumb":{"@id":"https:\/\/www.arquimaster.com.ar\/web\/se-inaugura-el-primer-edificio-sustentable-de-neuquen\/#breadcrumb"},"inLanguage":"es","potentialAction":[{"@type":"ReadAction","target":["https:\/\/www.arquimaster.com.ar\/web\/se-inaugura-el-primer-edificio-sustentable-de-neuquen\/"]}]},{"@type":"ImageObject","inLanguage":"es","@id":"https:\/\/www.arquimaster.com.ar\/web\/se-inaugura-el-primer-edificio-sustentable-de-neuquen\/#primaryimage","url":"https:\/\/www.arquimaster.com.ar\/web\/wp-content\/uploads\/2016\/11\/edificio_sustentable_neuquen_slide.jpg","contentUrl":"https:\/\/www.arquimaster.com.ar\/web\/wp-content\/uploads\/2016\/11\/edificio_sustentable_neuquen_slide.jpg","width":642,"height":336},{"@type":"BreadcrumbList","@id":"https:\/\/www.arquimaster.com.ar\/web\/se-inaugura-el-primer-edificio-sustentable-de-neuquen\/#breadcrumb","itemListElement":[{"@type":"ListItem","position":1,"name":"Portada","item":"https:\/\/www.arquimaster.com.ar\/web\/"},{"@type":"ListItem","position":2,"name":"Se inaugura el primer edificio sustentable de Neuqu\u00e9n"}]},{"@type":"WebSite","@id":"https:\/\/www.arquimaster.com.ar\/web\/#website","url":"https:\/\/www.arquimaster.com.ar\/web\/","name":"Arquimaster","description":"Web de arquitectura, dise\u00f1o y construccion","publisher":{"@id":"https:\/\/www.arquimaster.com.ar\/web\/#organization"},"potentialAction":[{"@type":"SearchAction","target":{"@type":"EntryPoint","urlTemplate":"https:\/\/www.arquimaster.com.ar\/web\/?s={search_term_string}"},"query-input":{"@type":"PropertyValueSpecification","valueRequired":true,"valueName":"search_term_string"}}],"inLanguage":"es"},{"@type":"Organization","@id":"https:\/\/www.arquimaster.com.ar\/web\/#organization","name":"Arquimaster","url":"https:\/\/www.arquimaster.com.ar\/web\/","logo":{"@type":"ImageObject","inLanguage":"es","@id":"https:\/\/www.arquimaster.com.ar\/web\/#\/schema\/logo\/image\/","url":"https:\/\/www.arquimaster.com.ar\/web\/wp-content\/uploads\/2022\/06\/arquimaster.png","contentUrl":"https:\/\/www.arquimaster.com.ar\/web\/wp-content\/uploads\/2022\/06\/arquimaster.png","width":594,"height":78,"caption":"Arquimaster"},"image":{"@id":"https:\/\/www.arquimaster.com.ar\/web\/#\/schema\/logo\/image\/"},"sameAs":["http:\/\/www.facebook.com\/ARQUIMASTER.com.ar","https:\/\/x.com\/arquimaster","https:\/\/www.instagram.com\/arquimasterblog\/","https:\/\/www.linkedin.com\/company\/arquimaster","https:\/\/www.pinterest.com\/arquimaster","https:\/\/t.me\/arquimaster"]},{"@type":"Person","@id":"https:\/\/www.arquimaster.com.ar\/web\/#\/schema\/person\/359e9f7c00193fcde068e0dd2ceb0028","name":"Arquimaster"}]}},"uagb_featured_image_src":{"full":["https:\/\/www.arquimaster.com.ar\/web\/wp-content\/uploads\/2016\/11\/edificio_sustentable_neuquen_slide.jpg",642,336,false],"thumbnail":["https:\/\/www.arquimaster.com.ar\/web\/wp-content\/uploads\/2016\/11\/edificio_sustentable_neuquen_slide-150x150.jpg",150,150,true],"medium":["https:\/\/www.arquimaster.com.ar\/web\/wp-content\/uploads\/2016\/11\/edificio_sustentable_neuquen_slide.jpg",642,336,false],"medium_large":["https:\/\/www.arquimaster.com.ar\/web\/wp-content\/uploads\/2016\/11\/edificio_sustentable_neuquen_slide.jpg",642,336,false],"large":["https:\/\/www.arquimaster.com.ar\/web\/wp-content\/uploads\/2016\/11\/edificio_sustentable_neuquen_slide.jpg",642,336,false],"1536x1536":["https:\/\/www.arquimaster.com.ar\/web\/wp-content\/uploads\/2016\/11\/edificio_sustentable_neuquen_slide.jpg",642,336,false],"2048x2048":["https:\/\/www.arquimaster.com.ar\/web\/wp-content\/uploads\/2016\/11\/edificio_sustentable_neuquen_slide.jpg",642,336,false]},"uagb_author_info":{"display_name":"Arquimaster","author_link":"https:\/\/www.arquimaster.com.ar\/web\/author\/arquimaster\/"},"uagb_comment_info":0,"uagb_excerpt":"Green Group otorg\u00f3 certificaci\u00f3n internacional LEED a la sede del Banco Provincia de Neuqu\u00e9n...","_links":{"self":[{"href":"https:\/\/www.arquimaster.com.ar\/web\/wp-json\/wp\/v2\/posts\/23799","targetHints":{"allow":["GET"]}}],"collection":[{"href":"https:\/\/www.arquimaster.com.ar\/web\/wp-json\/wp\/v2\/posts"}],"about":[{"href":"https:\/\/www.arquimaster.com.ar\/web\/wp-json\/wp\/v2\/types\/post"}],"author":[{"embeddable":true,"href":"https:\/\/www.arquimaster.com.ar\/web\/wp-json\/wp\/v2\/users\/1"}],"replies":[{"embeddable":true,"href":"https:\/\/www.arquimaster.com.ar\/web\/wp-json\/wp\/v2\/comments?post=23799"}],"version-history":[{"count":1,"href":"https:\/\/www.arquimaster.com.ar\/web\/wp-json\/wp\/v2\/posts\/23799\/revisions"}],"predecessor-version":[{"id":86281,"href":"https:\/\/www.arquimaster.com.ar\/web\/wp-json\/wp\/v2\/posts\/23799\/revisions\/86281"}],"wp:featuredmedia":[{"embeddable":true,"href":"https:\/\/www.arquimaster.com.ar\/web\/wp-json\/wp\/v2\/media\/23800"}],"wp:attachment":[{"href":"https:\/\/www.arquimaster.com.ar\/web\/wp-json\/wp\/v2\/media?parent=23799"}],"wp:term":[{"taxonomy":"category","embeddable":true,"href":"https:\/\/www.arquimaster.com.ar\/web\/wp-json\/wp\/v2\/categories?post=23799"},{"taxonomy":"post_tag","embeddable":true,"href":"https:\/\/www.arquimaster.com.ar\/web\/wp-json\/wp\/v2\/tags?post=23799"}],"curies":[{"name":"wp","href":"https:\/\/api.w.org\/{rel}","templated":true}]}}