{"id":24022,"date":"2016-11-26T03:06:50","date_gmt":"2016-11-26T03:06:50","guid":{"rendered":"http:\/\/www.arquimaster.com.ar\/web\/?p=24022"},"modified":"2016-11-29T03:27:48","modified_gmt":"2016-11-29T03:27:48","slug":"casa-canitas-estudio-dayan","status":"publish","type":"post","link":"https:\/\/www.arquimaster.com.ar\/web\/casa-canitas-estudio-dayan\/","title":{"rendered":"Casa Ca\u00f1itas \/ Estudio Dayan"},"content":{"rendered":"<div style=\"margin-top: 0px; margin-bottom: 0px;\" class=\"sharethis-inline-share-buttons\" ><\/div><div class=\"b812932af2e751442846f039925109de\" data-index=\"1\" style=\"float: none; margin:25px 0 25px 0; text-align:center;\">\n<script async src=\"https:\/\/pagead2.googlesyndication.com\/pagead\/js\/adsbygoogle.js\"><\/script>\r\n<!-- Arquimaster (superior) -->\r\n<ins class=\"adsbygoogle\"\r\n     style=\"display:block\"\r\n     data-ad-client=\"ca-pub-6351072698456832\"\r\n     data-ad-slot=\"6455489680\"\r\n     data-ad-format=\"auto\"\r\n     data-full-width-responsive=\"true\"><\/ins>\r\n<script>\r\n     (adsbygoogle = window.adsbygoogle || []).push({});\r\n<\/script>\n<\/div>\n<p><strong>Casa Ca\u00f1itas<\/strong> (Ciudad de Buenos Aires, Argentina) por <strong>Estudio Dayan<\/strong>. Se trata de la recuperaci\u00f3n de un viejo PH del barrio de Las Ca\u00f1itas, en la Ciudad de Buenos Aires, cuya principal caracter\u00edstica es la cercan\u00eda a la cancha de Polo, al polo gastron\u00f3mico y a su posici\u00f3n estrat\u00e9gica en el centro de la manzana. Al PH se ingresa por un extenso pasillo que remata en el patio de la propiedad, que al ser la \u00faltima del conjunto, toma todo el ancho del lote. Naturalmente tiene una disposici\u00f3n en L con el patio abierto hacia la orientaci\u00f3n E (Este) recibiendo todo el sol de la ma\u00f1ana. Extra\u00f1amente la propiedad tiene otro patio apendicular al principal generando una ampliaci\u00f3n en las visuales y una articulaci\u00f3n de los espacios que nos pareci\u00f3 muy interesante.<\/p>\n<div id='gallery-1' class='gallery galleryid-24022 gallery-columns-3 gallery-size-thumbnail'><figure class='gallery-item'>\n\t\t\t<div class='gallery-icon landscape'>\n\t\t\t\t<a href='https:\/\/www.arquimaster.com.ar\/web\/wp-content\/uploads\/2016\/11\/casa_canitas1.jpg' title=\"Casa Ca\u00f1itas \/ Estudio Dayan (\u00a9 Francisco Nocito)\" data-rl_title=\"Casa Ca\u00f1itas \/ Estudio Dayan (\u00a9 Francisco Nocito)\" class=\"rl-gallery-link\" data-rl_caption=\"Casa Ca\u00f1itas \/ Estudio Dayan (\u00a9 Francisco Nocito)\" data-rel=\"lightbox-gallery-1\"><img loading=\"lazy\" decoding=\"async\" width=\"150\" height=\"150\" src=\"https:\/\/www.arquimaster.com.ar\/web\/wp-content\/uploads\/2016\/11\/casa_canitas1-150x150.jpg\" class=\"attachment-thumbnail size-thumbnail\" alt=\"\" aria-describedby=\"gallery-1-24024\" srcset=\"https:\/\/www.arquimaster.com.ar\/web\/wp-content\/uploads\/2016\/11\/casa_canitas1-150x150.jpg 150w, https:\/\/www.arquimaster.com.ar\/web\/wp-content\/uploads\/2016\/11\/casa_canitas1-50x50.jpg 50w, https:\/\/www.arquimaster.com.ar\/web\/wp-content\/uploads\/2016\/11\/casa_canitas1-125x125.jpg 125w\" sizes=\"auto, (max-width: 150px) 100vw, 150px\" \/><\/a>\n\t\t\t<\/div>\n\t\t\t\t<figcaption class='wp-caption-text gallery-caption' id='gallery-1-24024'>\n\t\t\t\tCasa Ca\u00f1itas \/ Estudio Dayan (\u00a9 Francisco Nocito)\n\t\t\t\t<\/figcaption><\/figure><figure class='gallery-item'>\n\t\t\t<div class='gallery-icon landscape'>\n\t\t\t\t<a href='https:\/\/www.arquimaster.com.ar\/web\/wp-content\/uploads\/2016\/11\/casa_canitas2.jpg' title=\"Casa Ca\u00f1itas \/ Estudio Dayan (\u00a9 Francisco Nocito)\" data-rl_title=\"Casa Ca\u00f1itas \/ Estudio Dayan (\u00a9 Francisco Nocito)\" class=\"rl-gallery-link\" data-rl_caption=\"Casa Ca\u00f1itas \/ Estudio Dayan (\u00a9 Francisco Nocito)\" data-rel=\"lightbox-gallery-1\"><img loading=\"lazy\" decoding=\"async\" width=\"150\" height=\"150\" src=\"https:\/\/www.arquimaster.com.ar\/web\/wp-content\/uploads\/2016\/11\/casa_canitas2-150x150.jpg\" class=\"attachment-thumbnail size-thumbnail\" alt=\"\" aria-describedby=\"gallery-1-24025\" srcset=\"https:\/\/www.arquimaster.com.ar\/web\/wp-content\/uploads\/2016\/11\/casa_canitas2-150x150.jpg 150w, https:\/\/www.arquimaster.com.ar\/web\/wp-content\/uploads\/2016\/11\/casa_canitas2-50x50.jpg 50w, https:\/\/www.arquimaster.com.ar\/web\/wp-content\/uploads\/2016\/11\/casa_canitas2-125x125.jpg 125w\" sizes=\"auto, (max-width: 150px) 100vw, 150px\" \/><\/a>\n\t\t\t<\/div>\n\t\t\t\t<figcaption class='wp-caption-text gallery-caption' id='gallery-1-24025'>\n\t\t\t\tCasa Ca\u00f1itas \/ Estudio Dayan (\u00a9 Francisco Nocito)\n\t\t\t\t<\/figcaption><\/figure><figure class='gallery-item'>\n\t\t\t<div class='gallery-icon landscape'>\n\t\t\t\t<a href='https:\/\/www.arquimaster.com.ar\/web\/wp-content\/uploads\/2016\/11\/casa_canitas3.jpg' title=\"Casa Ca\u00f1itas \/ Estudio Dayan (\u00a9 Francisco Nocito)\" data-rl_title=\"Casa Ca\u00f1itas \/ Estudio Dayan (\u00a9 Francisco Nocito)\" class=\"rl-gallery-link\" data-rl_caption=\"Casa Ca\u00f1itas \/ Estudio Dayan (\u00a9 Francisco Nocito)\" data-rel=\"lightbox-gallery-1\"><img loading=\"lazy\" decoding=\"async\" width=\"150\" height=\"150\" src=\"https:\/\/www.arquimaster.com.ar\/web\/wp-content\/uploads\/2016\/11\/casa_canitas3-150x150.jpg\" class=\"attachment-thumbnail size-thumbnail\" alt=\"\" aria-describedby=\"gallery-1-24026\" srcset=\"https:\/\/www.arquimaster.com.ar\/web\/wp-content\/uploads\/2016\/11\/casa_canitas3-150x150.jpg 150w, https:\/\/www.arquimaster.com.ar\/web\/wp-content\/uploads\/2016\/11\/casa_canitas3-50x50.jpg 50w, https:\/\/www.arquimaster.com.ar\/web\/wp-content\/uploads\/2016\/11\/casa_canitas3-125x125.jpg 125w\" sizes=\"auto, (max-width: 150px) 100vw, 150px\" \/><\/a>\n\t\t\t<\/div>\n\t\t\t\t<figcaption class='wp-caption-text gallery-caption' id='gallery-1-24026'>\n\t\t\t\tCasa Ca\u00f1itas \/ Estudio Dayan (\u00a9 Francisco Nocito)\n\t\t\t\t<\/figcaption><\/figure><figure class='gallery-item'>\n\t\t\t<div class='gallery-icon landscape'>\n\t\t\t\t<a href='https:\/\/www.arquimaster.com.ar\/web\/wp-content\/uploads\/2016\/11\/casa_canitas4.jpg' title=\"Casa Ca\u00f1itas \/ Estudio Dayan (\u00a9 Francisco Nocito)\" data-rl_title=\"Casa Ca\u00f1itas \/ Estudio Dayan (\u00a9 Francisco Nocito)\" class=\"rl-gallery-link\" data-rl_caption=\"Casa Ca\u00f1itas \/ Estudio Dayan (\u00a9 Francisco Nocito)\" data-rel=\"lightbox-gallery-1\"><img loading=\"lazy\" decoding=\"async\" width=\"150\" height=\"150\" src=\"https:\/\/www.arquimaster.com.ar\/web\/wp-content\/uploads\/2016\/11\/casa_canitas4-150x150.jpg\" class=\"attachment-thumbnail size-thumbnail\" alt=\"\" aria-describedby=\"gallery-1-24027\" srcset=\"https:\/\/www.arquimaster.com.ar\/web\/wp-content\/uploads\/2016\/11\/casa_canitas4-150x150.jpg 150w, https:\/\/www.arquimaster.com.ar\/web\/wp-content\/uploads\/2016\/11\/casa_canitas4-50x50.jpg 50w, https:\/\/www.arquimaster.com.ar\/web\/wp-content\/uploads\/2016\/11\/casa_canitas4-125x125.jpg 125w\" sizes=\"auto, (max-width: 150px) 100vw, 150px\" \/><\/a>\n\t\t\t<\/div>\n\t\t\t\t<figcaption class='wp-caption-text gallery-caption' id='gallery-1-24027'>\n\t\t\t\tCasa Ca\u00f1itas \/ Estudio Dayan (\u00a9 Francisco Nocito)\n\t\t\t\t<\/figcaption><\/figure><figure class='gallery-item'>\n\t\t\t<div class='gallery-icon landscape'>\n\t\t\t\t<a href='https:\/\/www.arquimaster.com.ar\/web\/wp-content\/uploads\/2016\/11\/casa_canitas5.jpg' title=\"Casa Ca\u00f1itas \/ Estudio Dayan (\u00a9 Francisco Nocito)\" data-rl_title=\"Casa Ca\u00f1itas \/ Estudio Dayan (\u00a9 Francisco Nocito)\" class=\"rl-gallery-link\" data-rl_caption=\"Casa Ca\u00f1itas \/ Estudio Dayan (\u00a9 Francisco Nocito)\" data-rel=\"lightbox-gallery-1\"><img loading=\"lazy\" decoding=\"async\" width=\"150\" height=\"150\" src=\"https:\/\/www.arquimaster.com.ar\/web\/wp-content\/uploads\/2016\/11\/casa_canitas5-150x150.jpg\" class=\"attachment-thumbnail size-thumbnail\" alt=\"\" aria-describedby=\"gallery-1-24028\" srcset=\"https:\/\/www.arquimaster.com.ar\/web\/wp-content\/uploads\/2016\/11\/casa_canitas5-150x150.jpg 150w, https:\/\/www.arquimaster.com.ar\/web\/wp-content\/uploads\/2016\/11\/casa_canitas5-50x50.jpg 50w, https:\/\/www.arquimaster.com.ar\/web\/wp-content\/uploads\/2016\/11\/casa_canitas5-125x125.jpg 125w\" sizes=\"auto, (max-width: 150px) 100vw, 150px\" \/><\/a>\n\t\t\t<\/div>\n\t\t\t\t<figcaption class='wp-caption-text gallery-caption' id='gallery-1-24028'>\n\t\t\t\tCasa Ca\u00f1itas \/ Estudio Dayan (\u00a9 Francisco Nocito)\n\t\t\t\t<\/figcaption><\/figure><figure class='gallery-item'>\n\t\t\t<div class='gallery-icon landscape'>\n\t\t\t\t<a href='https:\/\/www.arquimaster.com.ar\/web\/wp-content\/uploads\/2016\/11\/casa_canitas6.jpg' title=\"Casa Ca\u00f1itas \/ Estudio Dayan (\u00a9 Francisco Nocito)\" data-rl_title=\"Casa Ca\u00f1itas \/ Estudio Dayan (\u00a9 Francisco Nocito)\" class=\"rl-gallery-link\" data-rl_caption=\"Casa Ca\u00f1itas \/ Estudio Dayan (\u00a9 Francisco Nocito)\" data-rel=\"lightbox-gallery-1\"><img loading=\"lazy\" decoding=\"async\" width=\"150\" height=\"150\" src=\"https:\/\/www.arquimaster.com.ar\/web\/wp-content\/uploads\/2016\/11\/casa_canitas6-150x150.jpg\" class=\"attachment-thumbnail size-thumbnail\" alt=\"\" aria-describedby=\"gallery-1-24029\" srcset=\"https:\/\/www.arquimaster.com.ar\/web\/wp-content\/uploads\/2016\/11\/casa_canitas6-150x150.jpg 150w, https:\/\/www.arquimaster.com.ar\/web\/wp-content\/uploads\/2016\/11\/casa_canitas6-50x50.jpg 50w, https:\/\/www.arquimaster.com.ar\/web\/wp-content\/uploads\/2016\/11\/casa_canitas6-125x125.jpg 125w\" sizes=\"auto, (max-width: 150px) 100vw, 150px\" \/><\/a>\n\t\t\t<\/div>\n\t\t\t\t<figcaption class='wp-caption-text gallery-caption' id='gallery-1-24029'>\n\t\t\t\tCasa Ca\u00f1itas \/ Estudio Dayan (\u00a9 Francisco Nocito)\n\t\t\t\t<\/figcaption><\/figure><figure class='gallery-item'>\n\t\t\t<div class='gallery-icon landscape'>\n\t\t\t\t<a href='https:\/\/www.arquimaster.com.ar\/web\/wp-content\/uploads\/2016\/11\/casa_canitas7.jpg' title=\"Casa Ca\u00f1itas \/ Estudio Dayan (\u00a9 Francisco Nocito)\" data-rl_title=\"Casa Ca\u00f1itas \/ Estudio Dayan (\u00a9 Francisco Nocito)\" class=\"rl-gallery-link\" data-rl_caption=\"Casa Ca\u00f1itas \/ Estudio Dayan (\u00a9 Francisco Nocito)\" data-rel=\"lightbox-gallery-1\"><img loading=\"lazy\" decoding=\"async\" width=\"150\" height=\"150\" src=\"https:\/\/www.arquimaster.com.ar\/web\/wp-content\/uploads\/2016\/11\/casa_canitas7-150x150.jpg\" class=\"attachment-thumbnail size-thumbnail\" alt=\"\" aria-describedby=\"gallery-1-24030\" srcset=\"https:\/\/www.arquimaster.com.ar\/web\/wp-content\/uploads\/2016\/11\/casa_canitas7-150x150.jpg 150w, https:\/\/www.arquimaster.com.ar\/web\/wp-content\/uploads\/2016\/11\/casa_canitas7-50x50.jpg 50w, https:\/\/www.arquimaster.com.ar\/web\/wp-content\/uploads\/2016\/11\/casa_canitas7-125x125.jpg 125w\" sizes=\"auto, (max-width: 150px) 100vw, 150px\" \/><\/a>\n\t\t\t<\/div>\n\t\t\t\t<figcaption class='wp-caption-text gallery-caption' id='gallery-1-24030'>\n\t\t\t\tCasa Ca\u00f1itas \/ Estudio Dayan (\u00a9 Francisco Nocito)\n\t\t\t\t<\/figcaption><\/figure><figure class='gallery-item'>\n\t\t\t<div class='gallery-icon landscape'>\n\t\t\t\t<a href='https:\/\/www.arquimaster.com.ar\/web\/wp-content\/uploads\/2016\/11\/casa_canitas8.jpg' title=\"Casa Ca\u00f1itas \/ Estudio Dayan (\u00a9 Francisco Nocito)\" data-rl_title=\"Casa Ca\u00f1itas \/ Estudio Dayan (\u00a9 Francisco Nocito)\" class=\"rl-gallery-link\" data-rl_caption=\"Casa Ca\u00f1itas \/ Estudio Dayan (\u00a9 Francisco Nocito)\" data-rel=\"lightbox-gallery-1\"><img loading=\"lazy\" decoding=\"async\" width=\"150\" height=\"150\" src=\"https:\/\/www.arquimaster.com.ar\/web\/wp-content\/uploads\/2016\/11\/casa_canitas8-150x150.jpg\" class=\"attachment-thumbnail size-thumbnail\" alt=\"\" aria-describedby=\"gallery-1-24031\" srcset=\"https:\/\/www.arquimaster.com.ar\/web\/wp-content\/uploads\/2016\/11\/casa_canitas8-150x150.jpg 150w, https:\/\/www.arquimaster.com.ar\/web\/wp-content\/uploads\/2016\/11\/casa_canitas8-50x50.jpg 50w, https:\/\/www.arquimaster.com.ar\/web\/wp-content\/uploads\/2016\/11\/casa_canitas8-125x125.jpg 125w\" sizes=\"auto, (max-width: 150px) 100vw, 150px\" \/><\/a>\n\t\t\t<\/div>\n\t\t\t\t<figcaption class='wp-caption-text gallery-caption' id='gallery-1-24031'>\n\t\t\t\tCasa Ca\u00f1itas \/ Estudio Dayan (\u00a9 Francisco Nocito)\n\t\t\t\t<\/figcaption><\/figure><figure class='gallery-item'>\n\t\t\t<div class='gallery-icon landscape'>\n\t\t\t\t<a href='https:\/\/www.arquimaster.com.ar\/web\/wp-content\/uploads\/2016\/11\/casa_canitas9.jpg' title=\"Casa Ca\u00f1itas \/ Estudio Dayan (\u00a9 Francisco Nocito)\" data-rl_title=\"Casa Ca\u00f1itas \/ Estudio Dayan (\u00a9 Francisco Nocito)\" class=\"rl-gallery-link\" data-rl_caption=\"Casa Ca\u00f1itas \/ Estudio Dayan (\u00a9 Francisco Nocito)\" data-rel=\"lightbox-gallery-1\"><img loading=\"lazy\" decoding=\"async\" width=\"150\" height=\"150\" src=\"https:\/\/www.arquimaster.com.ar\/web\/wp-content\/uploads\/2016\/11\/casa_canitas9-150x150.jpg\" class=\"attachment-thumbnail size-thumbnail\" alt=\"\" aria-describedby=\"gallery-1-24032\" srcset=\"https:\/\/www.arquimaster.com.ar\/web\/wp-content\/uploads\/2016\/11\/casa_canitas9-150x150.jpg 150w, https:\/\/www.arquimaster.com.ar\/web\/wp-content\/uploads\/2016\/11\/casa_canitas9-50x50.jpg 50w, https:\/\/www.arquimaster.com.ar\/web\/wp-content\/uploads\/2016\/11\/casa_canitas9-125x125.jpg 125w\" sizes=\"auto, (max-width: 150px) 100vw, 150px\" \/><\/a>\n\t\t\t<\/div>\n\t\t\t\t<figcaption class='wp-caption-text gallery-caption' id='gallery-1-24032'>\n\t\t\t\tCasa Ca\u00f1itas \/ Estudio Dayan (\u00a9 Francisco Nocito)\n\t\t\t\t<\/figcaption><\/figure><figure class='gallery-item'>\n\t\t\t<div class='gallery-icon landscape'>\n\t\t\t\t<a href='https:\/\/www.arquimaster.com.ar\/web\/wp-content\/uploads\/2016\/11\/casa_canitas10.jpg' title=\"Casa Ca\u00f1itas \/ Estudio Dayan (\u00a9 Francisco Nocito)\" data-rl_title=\"Casa Ca\u00f1itas \/ Estudio Dayan (\u00a9 Francisco Nocito)\" class=\"rl-gallery-link\" data-rl_caption=\"Casa Ca\u00f1itas \/ Estudio Dayan (\u00a9 Francisco Nocito)\" data-rel=\"lightbox-gallery-1\"><img loading=\"lazy\" decoding=\"async\" width=\"150\" height=\"150\" src=\"https:\/\/www.arquimaster.com.ar\/web\/wp-content\/uploads\/2016\/11\/casa_canitas10-150x150.jpg\" class=\"attachment-thumbnail size-thumbnail\" alt=\"\" aria-describedby=\"gallery-1-24033\" srcset=\"https:\/\/www.arquimaster.com.ar\/web\/wp-content\/uploads\/2016\/11\/casa_canitas10-150x150.jpg 150w, https:\/\/www.arquimaster.com.ar\/web\/wp-content\/uploads\/2016\/11\/casa_canitas10-50x50.jpg 50w, https:\/\/www.arquimaster.com.ar\/web\/wp-content\/uploads\/2016\/11\/casa_canitas10-125x125.jpg 125w\" sizes=\"auto, (max-width: 150px) 100vw, 150px\" \/><\/a>\n\t\t\t<\/div>\n\t\t\t\t<figcaption class='wp-caption-text gallery-caption' id='gallery-1-24033'>\n\t\t\t\tCasa Ca\u00f1itas \/ Estudio Dayan (\u00a9 Francisco Nocito)\n\t\t\t\t<\/figcaption><\/figure><figure class='gallery-item'>\n\t\t\t<div class='gallery-icon landscape'>\n\t\t\t\t<a href='https:\/\/www.arquimaster.com.ar\/web\/wp-content\/uploads\/2016\/11\/casa_canitas11.jpg' title=\"Casa Ca\u00f1itas \/ Estudio Dayan (\u00a9 Francisco Nocito)\" data-rl_title=\"Casa Ca\u00f1itas \/ Estudio Dayan (\u00a9 Francisco Nocito)\" class=\"rl-gallery-link\" data-rl_caption=\"Casa Ca\u00f1itas \/ Estudio Dayan (\u00a9 Francisco Nocito)\" data-rel=\"lightbox-gallery-1\"><img loading=\"lazy\" decoding=\"async\" width=\"150\" height=\"150\" src=\"https:\/\/www.arquimaster.com.ar\/web\/wp-content\/uploads\/2016\/11\/casa_canitas11-150x150.jpg\" class=\"attachment-thumbnail size-thumbnail\" alt=\"\" aria-describedby=\"gallery-1-24034\" srcset=\"https:\/\/www.arquimaster.com.ar\/web\/wp-content\/uploads\/2016\/11\/casa_canitas11-150x150.jpg 150w, https:\/\/www.arquimaster.com.ar\/web\/wp-content\/uploads\/2016\/11\/casa_canitas11-50x50.jpg 50w, https:\/\/www.arquimaster.com.ar\/web\/wp-content\/uploads\/2016\/11\/casa_canitas11-125x125.jpg 125w\" sizes=\"auto, (max-width: 150px) 100vw, 150px\" \/><\/a>\n\t\t\t<\/div>\n\t\t\t\t<figcaption class='wp-caption-text gallery-caption' id='gallery-1-24034'>\n\t\t\t\tCasa Ca\u00f1itas \/ Estudio Dayan (\u00a9 Francisco Nocito)\n\t\t\t\t<\/figcaption><\/figure><figure class='gallery-item'>\n\t\t\t<div class='gallery-icon landscape'>\n\t\t\t\t<a href='https:\/\/www.arquimaster.com.ar\/web\/wp-content\/uploads\/2016\/11\/casa_canitas12.jpg' title=\"Casa Ca\u00f1itas \/ Estudio Dayan (\u00a9 Francisco Nocito)\" data-rl_title=\"Casa Ca\u00f1itas \/ Estudio Dayan (\u00a9 Francisco Nocito)\" class=\"rl-gallery-link\" data-rl_caption=\"Casa Ca\u00f1itas \/ Estudio Dayan (\u00a9 Francisco Nocito)\" data-rel=\"lightbox-gallery-1\"><img loading=\"lazy\" decoding=\"async\" width=\"150\" height=\"150\" src=\"https:\/\/www.arquimaster.com.ar\/web\/wp-content\/uploads\/2016\/11\/casa_canitas12-150x150.jpg\" class=\"attachment-thumbnail size-thumbnail\" alt=\"\" aria-describedby=\"gallery-1-24035\" srcset=\"https:\/\/www.arquimaster.com.ar\/web\/wp-content\/uploads\/2016\/11\/casa_canitas12-150x150.jpg 150w, https:\/\/www.arquimaster.com.ar\/web\/wp-content\/uploads\/2016\/11\/casa_canitas12-50x50.jpg 50w, https:\/\/www.arquimaster.com.ar\/web\/wp-content\/uploads\/2016\/11\/casa_canitas12-125x125.jpg 125w\" sizes=\"auto, (max-width: 150px) 100vw, 150px\" \/><\/a>\n\t\t\t<\/div>\n\t\t\t\t<figcaption class='wp-caption-text gallery-caption' id='gallery-1-24035'>\n\t\t\t\tCasa Ca\u00f1itas \/ Estudio Dayan (\u00a9 Francisco Nocito)\n\t\t\t\t<\/figcaption><\/figure><figure class='gallery-item'>\n\t\t\t<div class='gallery-icon landscape'>\n\t\t\t\t<a href='https:\/\/www.arquimaster.com.ar\/web\/wp-content\/uploads\/2016\/11\/casa_canitas13.jpg' title=\"Casa Ca\u00f1itas \/ Estudio Dayan (\u00a9 Francisco Nocito)\" data-rl_title=\"Casa Ca\u00f1itas \/ Estudio Dayan (\u00a9 Francisco Nocito)\" class=\"rl-gallery-link\" data-rl_caption=\"Casa Ca\u00f1itas \/ Estudio Dayan (\u00a9 Francisco Nocito)\" data-rel=\"lightbox-gallery-1\"><img loading=\"lazy\" decoding=\"async\" width=\"150\" height=\"150\" src=\"https:\/\/www.arquimaster.com.ar\/web\/wp-content\/uploads\/2016\/11\/casa_canitas13-150x150.jpg\" class=\"attachment-thumbnail size-thumbnail\" alt=\"\" aria-describedby=\"gallery-1-24036\" srcset=\"https:\/\/www.arquimaster.com.ar\/web\/wp-content\/uploads\/2016\/11\/casa_canitas13-150x150.jpg 150w, https:\/\/www.arquimaster.com.ar\/web\/wp-content\/uploads\/2016\/11\/casa_canitas13-50x50.jpg 50w, https:\/\/www.arquimaster.com.ar\/web\/wp-content\/uploads\/2016\/11\/casa_canitas13-125x125.jpg 125w\" sizes=\"auto, (max-width: 150px) 100vw, 150px\" \/><\/a>\n\t\t\t<\/div>\n\t\t\t\t<figcaption class='wp-caption-text gallery-caption' id='gallery-1-24036'>\n\t\t\t\tCasa Ca\u00f1itas \/ Estudio Dayan (\u00a9 Francisco Nocito)\n\t\t\t\t<\/figcaption><\/figure><figure class='gallery-item'>\n\t\t\t<div class='gallery-icon portrait'>\n\t\t\t\t<a href='https:\/\/www.arquimaster.com.ar\/web\/wp-content\/uploads\/2016\/11\/casa_canitas14.jpg' title=\"Casa Ca\u00f1itas \/ Estudio Dayan (\u00a9 Francisco Nocito)\" data-rl_title=\"Casa Ca\u00f1itas \/ Estudio Dayan (\u00a9 Francisco Nocito)\" class=\"rl-gallery-link\" data-rl_caption=\"Casa Ca\u00f1itas \/ Estudio Dayan (\u00a9 Francisco Nocito)\" data-rel=\"lightbox-gallery-1\"><img loading=\"lazy\" decoding=\"async\" width=\"150\" height=\"150\" src=\"https:\/\/www.arquimaster.com.ar\/web\/wp-content\/uploads\/2016\/11\/casa_canitas14-150x150.jpg\" class=\"attachment-thumbnail size-thumbnail\" alt=\"\" aria-describedby=\"gallery-1-24037\" srcset=\"https:\/\/www.arquimaster.com.ar\/web\/wp-content\/uploads\/2016\/11\/casa_canitas14-150x150.jpg 150w, https:\/\/www.arquimaster.com.ar\/web\/wp-content\/uploads\/2016\/11\/casa_canitas14-50x50.jpg 50w, https:\/\/www.arquimaster.com.ar\/web\/wp-content\/uploads\/2016\/11\/casa_canitas14-125x125.jpg 125w\" sizes=\"auto, (max-width: 150px) 100vw, 150px\" \/><\/a>\n\t\t\t<\/div>\n\t\t\t\t<figcaption class='wp-caption-text gallery-caption' id='gallery-1-24037'>\n\t\t\t\tCasa Ca\u00f1itas \/ Estudio Dayan (\u00a9 Francisco Nocito)\n\t\t\t\t<\/figcaption><\/figure><figure class='gallery-item'>\n\t\t\t<div class='gallery-icon landscape'>\n\t\t\t\t<a href='https:\/\/www.arquimaster.com.ar\/web\/wp-content\/uploads\/2016\/11\/casa_canitas15.jpg' title=\"Casa Ca\u00f1itas \/ Estudio Dayan (\u00a9 Francisco Nocito)\" data-rl_title=\"Casa Ca\u00f1itas \/ Estudio Dayan (\u00a9 Francisco Nocito)\" class=\"rl-gallery-link\" data-rl_caption=\"Casa Ca\u00f1itas \/ Estudio Dayan (\u00a9 Francisco Nocito)\" data-rel=\"lightbox-gallery-1\"><img loading=\"lazy\" decoding=\"async\" width=\"150\" height=\"150\" src=\"https:\/\/www.arquimaster.com.ar\/web\/wp-content\/uploads\/2016\/11\/casa_canitas15-150x150.jpg\" class=\"attachment-thumbnail size-thumbnail\" alt=\"\" aria-describedby=\"gallery-1-24038\" srcset=\"https:\/\/www.arquimaster.com.ar\/web\/wp-content\/uploads\/2016\/11\/casa_canitas15-150x150.jpg 150w, https:\/\/www.arquimaster.com.ar\/web\/wp-content\/uploads\/2016\/11\/casa_canitas15-50x50.jpg 50w, https:\/\/www.arquimaster.com.ar\/web\/wp-content\/uploads\/2016\/11\/casa_canitas15-125x125.jpg 125w\" sizes=\"auto, (max-width: 150px) 100vw, 150px\" \/><\/a>\n\t\t\t<\/div>\n\t\t\t\t<figcaption class='wp-caption-text gallery-caption' id='gallery-1-24038'>\n\t\t\t\tCasa Ca\u00f1itas \/ Estudio Dayan (\u00a9 Francisco Nocito)\n\t\t\t\t<\/figcaption><\/figure><figure class='gallery-item'>\n\t\t\t<div class='gallery-icon landscape'>\n\t\t\t\t<a href='https:\/\/www.arquimaster.com.ar\/web\/wp-content\/uploads\/2016\/11\/casa_canitas16.jpg' title=\"Casa Ca\u00f1itas \/ Estudio Dayan (\u00a9 Francisco Nocito)\" data-rl_title=\"Casa Ca\u00f1itas \/ Estudio Dayan (\u00a9 Francisco Nocito)\" class=\"rl-gallery-link\" data-rl_caption=\"Casa Ca\u00f1itas \/ Estudio Dayan (\u00a9 Francisco Nocito)\" data-rel=\"lightbox-gallery-1\"><img loading=\"lazy\" decoding=\"async\" width=\"150\" height=\"150\" src=\"https:\/\/www.arquimaster.com.ar\/web\/wp-content\/uploads\/2016\/11\/casa_canitas16-150x150.jpg\" class=\"attachment-thumbnail size-thumbnail\" alt=\"\" aria-describedby=\"gallery-1-24039\" srcset=\"https:\/\/www.arquimaster.com.ar\/web\/wp-content\/uploads\/2016\/11\/casa_canitas16-150x150.jpg 150w, https:\/\/www.arquimaster.com.ar\/web\/wp-content\/uploads\/2016\/11\/casa_canitas16-50x50.jpg 50w, https:\/\/www.arquimaster.com.ar\/web\/wp-content\/uploads\/2016\/11\/casa_canitas16-125x125.jpg 125w\" sizes=\"auto, (max-width: 150px) 100vw, 150px\" \/><\/a>\n\t\t\t<\/div>\n\t\t\t\t<figcaption class='wp-caption-text gallery-caption' id='gallery-1-24039'>\n\t\t\t\tCasa Ca\u00f1itas \/ Estudio Dayan (\u00a9 Francisco Nocito)\n\t\t\t\t<\/figcaption><\/figure><figure class='gallery-item'>\n\t\t\t<div class='gallery-icon landscape'>\n\t\t\t\t<a href='https:\/\/www.arquimaster.com.ar\/web\/wp-content\/uploads\/2016\/11\/casa_canitas17.jpg' title=\"Casa Ca\u00f1itas \/ Estudio Dayan (\u00a9 Francisco Nocito)\" data-rl_title=\"Casa Ca\u00f1itas \/ Estudio Dayan (\u00a9 Francisco Nocito)\" class=\"rl-gallery-link\" data-rl_caption=\"Casa Ca\u00f1itas \/ Estudio Dayan (\u00a9 Francisco Nocito)\" data-rel=\"lightbox-gallery-1\"><img loading=\"lazy\" decoding=\"async\" width=\"150\" height=\"150\" src=\"https:\/\/www.arquimaster.com.ar\/web\/wp-content\/uploads\/2016\/11\/casa_canitas17-150x150.jpg\" class=\"attachment-thumbnail size-thumbnail\" alt=\"\" aria-describedby=\"gallery-1-24040\" srcset=\"https:\/\/www.arquimaster.com.ar\/web\/wp-content\/uploads\/2016\/11\/casa_canitas17-150x150.jpg 150w, https:\/\/www.arquimaster.com.ar\/web\/wp-content\/uploads\/2016\/11\/casa_canitas17-50x50.jpg 50w, https:\/\/www.arquimaster.com.ar\/web\/wp-content\/uploads\/2016\/11\/casa_canitas17-125x125.jpg 125w\" sizes=\"auto, (max-width: 150px) 100vw, 150px\" \/><\/a>\n\t\t\t<\/div>\n\t\t\t\t<figcaption class='wp-caption-text gallery-caption' id='gallery-1-24040'>\n\t\t\t\tCasa Ca\u00f1itas \/ Estudio Dayan (\u00a9 Francisco Nocito)\n\t\t\t\t<\/figcaption><\/figure><figure class='gallery-item'>\n\t\t\t<div class='gallery-icon landscape'>\n\t\t\t\t<a href='https:\/\/www.arquimaster.com.ar\/web\/wp-content\/uploads\/2016\/11\/casa_canitas18.jpg' title=\"Casa Ca\u00f1itas \/ Estudio Dayan (\u00a9 Francisco Nocito)\" data-rl_title=\"Casa Ca\u00f1itas \/ Estudio Dayan (\u00a9 Francisco Nocito)\" class=\"rl-gallery-link\" data-rl_caption=\"Casa Ca\u00f1itas \/ Estudio Dayan (\u00a9 Francisco Nocito)\" data-rel=\"lightbox-gallery-1\"><img loading=\"lazy\" decoding=\"async\" width=\"150\" height=\"150\" src=\"https:\/\/www.arquimaster.com.ar\/web\/wp-content\/uploads\/2016\/11\/casa_canitas18-150x150.jpg\" class=\"attachment-thumbnail size-thumbnail\" alt=\"\" aria-describedby=\"gallery-1-24041\" srcset=\"https:\/\/www.arquimaster.com.ar\/web\/wp-content\/uploads\/2016\/11\/casa_canitas18-150x150.jpg 150w, https:\/\/www.arquimaster.com.ar\/web\/wp-content\/uploads\/2016\/11\/casa_canitas18-50x50.jpg 50w, https:\/\/www.arquimaster.com.ar\/web\/wp-content\/uploads\/2016\/11\/casa_canitas18-125x125.jpg 125w\" sizes=\"auto, (max-width: 150px) 100vw, 150px\" \/><\/a>\n\t\t\t<\/div>\n\t\t\t\t<figcaption class='wp-caption-text gallery-caption' id='gallery-1-24041'>\n\t\t\t\tCasa Ca\u00f1itas \/ Estudio Dayan (\u00a9 Francisco Nocito)\n\t\t\t\t<\/figcaption><\/figure><figure class='gallery-item'>\n\t\t\t<div class='gallery-icon landscape'>\n\t\t\t\t<a href='https:\/\/www.arquimaster.com.ar\/web\/wp-content\/uploads\/2016\/11\/casa_canitas19.jpg' title=\"Casa Ca\u00f1itas \/ Estudio Dayan (\u00a9 Francisco Nocito)\" data-rl_title=\"Casa Ca\u00f1itas \/ Estudio Dayan (\u00a9 Francisco Nocito)\" class=\"rl-gallery-link\" data-rl_caption=\"Casa Ca\u00f1itas \/ Estudio Dayan (\u00a9 Francisco Nocito)\" data-rel=\"lightbox-gallery-1\"><img loading=\"lazy\" decoding=\"async\" width=\"150\" height=\"150\" src=\"https:\/\/www.arquimaster.com.ar\/web\/wp-content\/uploads\/2016\/11\/casa_canitas19-150x150.jpg\" class=\"attachment-thumbnail size-thumbnail\" alt=\"\" aria-describedby=\"gallery-1-24042\" srcset=\"https:\/\/www.arquimaster.com.ar\/web\/wp-content\/uploads\/2016\/11\/casa_canitas19-150x150.jpg 150w, https:\/\/www.arquimaster.com.ar\/web\/wp-content\/uploads\/2016\/11\/casa_canitas19-50x50.jpg 50w, https:\/\/www.arquimaster.com.ar\/web\/wp-content\/uploads\/2016\/11\/casa_canitas19-125x125.jpg 125w\" sizes=\"auto, (max-width: 150px) 100vw, 150px\" \/><\/a>\n\t\t\t<\/div>\n\t\t\t\t<figcaption class='wp-caption-text gallery-caption' id='gallery-1-24042'>\n\t\t\t\tCasa Ca\u00f1itas \/ Estudio Dayan (\u00a9 Francisco Nocito)\n\t\t\t\t<\/figcaption><\/figure><figure class='gallery-item'>\n\t\t\t<div class='gallery-icon portrait'>\n\t\t\t\t<a href='https:\/\/www.arquimaster.com.ar\/web\/wp-content\/uploads\/2016\/11\/casa_canitas20.jpg' title=\"Casa Ca\u00f1itas \/ Estudio Dayan (\u00a9 Francisco Nocito)\" data-rl_title=\"Casa Ca\u00f1itas \/ Estudio Dayan (\u00a9 Francisco Nocito)\" class=\"rl-gallery-link\" data-rl_caption=\"Casa Ca\u00f1itas \/ Estudio Dayan (\u00a9 Francisco Nocito)\" data-rel=\"lightbox-gallery-1\"><img loading=\"lazy\" decoding=\"async\" width=\"150\" height=\"150\" src=\"https:\/\/www.arquimaster.com.ar\/web\/wp-content\/uploads\/2016\/11\/casa_canitas20-150x150.jpg\" class=\"attachment-thumbnail size-thumbnail\" alt=\"\" aria-describedby=\"gallery-1-24043\" srcset=\"https:\/\/www.arquimaster.com.ar\/web\/wp-content\/uploads\/2016\/11\/casa_canitas20-150x150.jpg 150w, https:\/\/www.arquimaster.com.ar\/web\/wp-content\/uploads\/2016\/11\/casa_canitas20-50x50.jpg 50w, https:\/\/www.arquimaster.com.ar\/web\/wp-content\/uploads\/2016\/11\/casa_canitas20-125x125.jpg 125w\" sizes=\"auto, (max-width: 150px) 100vw, 150px\" \/><\/a>\n\t\t\t<\/div>\n\t\t\t\t<figcaption class='wp-caption-text gallery-caption' id='gallery-1-24043'>\n\t\t\t\tCasa Ca\u00f1itas \/ Estudio Dayan (\u00a9 Francisco Nocito)\n\t\t\t\t<\/figcaption><\/figure><figure class='gallery-item'>\n\t\t\t<div class='gallery-icon portrait'>\n\t\t\t\t<a href='https:\/\/www.arquimaster.com.ar\/web\/wp-content\/uploads\/2016\/11\/casa_canitas21.jpg' title=\"Casa Ca\u00f1itas \/ Estudio Dayan (\u00a9 Francisco Nocito)\" data-rl_title=\"Casa Ca\u00f1itas \/ Estudio Dayan (\u00a9 Francisco Nocito)\" class=\"rl-gallery-link\" data-rl_caption=\"Casa Ca\u00f1itas \/ Estudio Dayan (\u00a9 Francisco Nocito)\" data-rel=\"lightbox-gallery-1\"><img loading=\"lazy\" decoding=\"async\" width=\"150\" height=\"150\" src=\"https:\/\/www.arquimaster.com.ar\/web\/wp-content\/uploads\/2016\/11\/casa_canitas21-150x150.jpg\" class=\"attachment-thumbnail size-thumbnail\" alt=\"\" aria-describedby=\"gallery-1-24044\" srcset=\"https:\/\/www.arquimaster.com.ar\/web\/wp-content\/uploads\/2016\/11\/casa_canitas21-150x150.jpg 150w, https:\/\/www.arquimaster.com.ar\/web\/wp-content\/uploads\/2016\/11\/casa_canitas21-50x50.jpg 50w, https:\/\/www.arquimaster.com.ar\/web\/wp-content\/uploads\/2016\/11\/casa_canitas21-125x125.jpg 125w\" sizes=\"auto, (max-width: 150px) 100vw, 150px\" \/><\/a>\n\t\t\t<\/div>\n\t\t\t\t<figcaption class='wp-caption-text gallery-caption' id='gallery-1-24044'>\n\t\t\t\tCasa Ca\u00f1itas \/ Estudio Dayan (\u00a9 Francisco Nocito)\n\t\t\t\t<\/figcaption><\/figure><figure class='gallery-item'>\n\t\t\t<div class='gallery-icon landscape'>\n\t\t\t\t<a href='https:\/\/www.arquimaster.com.ar\/web\/wp-content\/uploads\/2016\/11\/casa_canitas22.jpg' title=\"Casa Ca\u00f1itas \/ Estudio Dayan (\u00a9 Francisco Nocito)\" data-rl_title=\"Casa Ca\u00f1itas \/ Estudio Dayan (\u00a9 Francisco Nocito)\" class=\"rl-gallery-link\" data-rl_caption=\"Casa Ca\u00f1itas \/ Estudio Dayan (\u00a9 Francisco Nocito)\" data-rel=\"lightbox-gallery-1\"><img loading=\"lazy\" decoding=\"async\" width=\"150\" height=\"150\" src=\"https:\/\/www.arquimaster.com.ar\/web\/wp-content\/uploads\/2016\/11\/casa_canitas22-150x150.jpg\" class=\"attachment-thumbnail size-thumbnail\" alt=\"\" aria-describedby=\"gallery-1-24045\" srcset=\"https:\/\/www.arquimaster.com.ar\/web\/wp-content\/uploads\/2016\/11\/casa_canitas22-150x150.jpg 150w, https:\/\/www.arquimaster.com.ar\/web\/wp-content\/uploads\/2016\/11\/casa_canitas22-50x50.jpg 50w, https:\/\/www.arquimaster.com.ar\/web\/wp-content\/uploads\/2016\/11\/casa_canitas22-125x125.jpg 125w\" sizes=\"auto, (max-width: 150px) 100vw, 150px\" \/><\/a>\n\t\t\t<\/div>\n\t\t\t\t<figcaption class='wp-caption-text gallery-caption' id='gallery-1-24045'>\n\t\t\t\tCasa Ca\u00f1itas \/ Estudio Dayan (\u00a9 Francisco Nocito)\n\t\t\t\t<\/figcaption><\/figure><figure class='gallery-item'>\n\t\t\t<div class='gallery-icon portrait'>\n\t\t\t\t<a href='https:\/\/www.arquimaster.com.ar\/web\/wp-content\/uploads\/2016\/11\/casa_canitas23.jpg' title=\"Casa Ca\u00f1itas \/ Estudio Dayan (\u00a9 Francisco Nocito)\" data-rl_title=\"Casa Ca\u00f1itas \/ Estudio Dayan (\u00a9 Francisco Nocito)\" class=\"rl-gallery-link\" data-rl_caption=\"Casa Ca\u00f1itas \/ Estudio Dayan (\u00a9 Francisco Nocito)\" data-rel=\"lightbox-gallery-1\"><img loading=\"lazy\" decoding=\"async\" width=\"150\" height=\"150\" src=\"https:\/\/www.arquimaster.com.ar\/web\/wp-content\/uploads\/2016\/11\/casa_canitas23-150x150.jpg\" class=\"attachment-thumbnail size-thumbnail\" alt=\"\" aria-describedby=\"gallery-1-24046\" srcset=\"https:\/\/www.arquimaster.com.ar\/web\/wp-content\/uploads\/2016\/11\/casa_canitas23-150x150.jpg 150w, https:\/\/www.arquimaster.com.ar\/web\/wp-content\/uploads\/2016\/11\/casa_canitas23-50x50.jpg 50w, https:\/\/www.arquimaster.com.ar\/web\/wp-content\/uploads\/2016\/11\/casa_canitas23-125x125.jpg 125w\" sizes=\"auto, (max-width: 150px) 100vw, 150px\" \/><\/a>\n\t\t\t<\/div>\n\t\t\t\t<figcaption class='wp-caption-text gallery-caption' id='gallery-1-24046'>\n\t\t\t\tCasa Ca\u00f1itas \/ Estudio Dayan (\u00a9 Francisco Nocito)\n\t\t\t\t<\/figcaption><\/figure><figure class='gallery-item'>\n\t\t\t<div class='gallery-icon portrait'>\n\t\t\t\t<a href='https:\/\/www.arquimaster.com.ar\/web\/wp-content\/uploads\/2016\/11\/casa_canitas24.jpg' title=\"Casa Ca\u00f1itas \/ Estudio Dayan (\u00a9 Francisco Nocito)\" data-rl_title=\"Casa Ca\u00f1itas \/ Estudio Dayan (\u00a9 Francisco Nocito)\" class=\"rl-gallery-link\" data-rl_caption=\"Casa Ca\u00f1itas \/ Estudio Dayan (\u00a9 Francisco Nocito)\" data-rel=\"lightbox-gallery-1\"><img loading=\"lazy\" decoding=\"async\" width=\"150\" height=\"150\" src=\"https:\/\/www.arquimaster.com.ar\/web\/wp-content\/uploads\/2016\/11\/casa_canitas24-150x150.jpg\" class=\"attachment-thumbnail size-thumbnail\" alt=\"\" aria-describedby=\"gallery-1-24047\" srcset=\"https:\/\/www.arquimaster.com.ar\/web\/wp-content\/uploads\/2016\/11\/casa_canitas24-150x150.jpg 150w, https:\/\/www.arquimaster.com.ar\/web\/wp-content\/uploads\/2016\/11\/casa_canitas24-50x50.jpg 50w, https:\/\/www.arquimaster.com.ar\/web\/wp-content\/uploads\/2016\/11\/casa_canitas24-125x125.jpg 125w\" sizes=\"auto, (max-width: 150px) 100vw, 150px\" \/><\/a>\n\t\t\t<\/div>\n\t\t\t\t<figcaption class='wp-caption-text gallery-caption' id='gallery-1-24047'>\n\t\t\t\tCasa Ca\u00f1itas \/ Estudio Dayan (\u00a9 Francisco Nocito)\n\t\t\t\t<\/figcaption><\/figure><figure class='gallery-item'>\n\t\t\t<div class='gallery-icon landscape'>\n\t\t\t\t<a href='https:\/\/www.arquimaster.com.ar\/web\/wp-content\/uploads\/2016\/11\/casa_canitas25.jpg' title=\"Casa Ca\u00f1itas \/ Estudio Dayan (\u00a9 Francisco Nocito)\" data-rl_title=\"Casa Ca\u00f1itas \/ Estudio Dayan (\u00a9 Francisco Nocito)\" class=\"rl-gallery-link\" data-rl_caption=\"Casa Ca\u00f1itas \/ Estudio Dayan (\u00a9 Francisco Nocito)\" data-rel=\"lightbox-gallery-1\"><img loading=\"lazy\" decoding=\"async\" width=\"150\" height=\"150\" src=\"https:\/\/www.arquimaster.com.ar\/web\/wp-content\/uploads\/2016\/11\/casa_canitas25-150x150.jpg\" class=\"attachment-thumbnail size-thumbnail\" alt=\"\" aria-describedby=\"gallery-1-24048\" srcset=\"https:\/\/www.arquimaster.com.ar\/web\/wp-content\/uploads\/2016\/11\/casa_canitas25-150x150.jpg 150w, https:\/\/www.arquimaster.com.ar\/web\/wp-content\/uploads\/2016\/11\/casa_canitas25-50x50.jpg 50w, https:\/\/www.arquimaster.com.ar\/web\/wp-content\/uploads\/2016\/11\/casa_canitas25-125x125.jpg 125w\" sizes=\"auto, (max-width: 150px) 100vw, 150px\" \/><\/a>\n\t\t\t<\/div>\n\t\t\t\t<figcaption class='wp-caption-text gallery-caption' id='gallery-1-24048'>\n\t\t\t\tCasa Ca\u00f1itas \/ Estudio Dayan (\u00a9 Francisco Nocito)\n\t\t\t\t<\/figcaption><\/figure><figure class='gallery-item'>\n\t\t\t<div class='gallery-icon landscape'>\n\t\t\t\t<a href='https:\/\/www.arquimaster.com.ar\/web\/wp-content\/uploads\/2016\/11\/casa_canitas26.jpg' title=\"Casa Ca\u00f1itas \/ Estudio Dayan (\u00a9 Francisco Nocito)\" data-rl_title=\"Casa Ca\u00f1itas \/ Estudio Dayan (\u00a9 Francisco Nocito)\" class=\"rl-gallery-link\" data-rl_caption=\"Casa Ca\u00f1itas \/ Estudio Dayan (\u00a9 Francisco Nocito)\" data-rel=\"lightbox-gallery-1\"><img loading=\"lazy\" decoding=\"async\" width=\"150\" height=\"150\" src=\"https:\/\/www.arquimaster.com.ar\/web\/wp-content\/uploads\/2016\/11\/casa_canitas26-150x150.jpg\" class=\"attachment-thumbnail size-thumbnail\" alt=\"\" aria-describedby=\"gallery-1-24049\" srcset=\"https:\/\/www.arquimaster.com.ar\/web\/wp-content\/uploads\/2016\/11\/casa_canitas26-150x150.jpg 150w, https:\/\/www.arquimaster.com.ar\/web\/wp-content\/uploads\/2016\/11\/casa_canitas26-50x50.jpg 50w, https:\/\/www.arquimaster.com.ar\/web\/wp-content\/uploads\/2016\/11\/casa_canitas26-125x125.jpg 125w\" sizes=\"auto, (max-width: 150px) 100vw, 150px\" \/><\/a>\n\t\t\t<\/div>\n\t\t\t\t<figcaption class='wp-caption-text gallery-caption' id='gallery-1-24049'>\n\t\t\t\tCasa Ca\u00f1itas \/ Estudio Dayan (\u00a9 Francisco Nocito)\n\t\t\t\t<\/figcaption><\/figure><figure class='gallery-item'>\n\t\t\t<div class='gallery-icon landscape'>\n\t\t\t\t<a href='https:\/\/www.arquimaster.com.ar\/web\/wp-content\/uploads\/2016\/11\/casa_canitas27.jpg' title=\"Casa Ca\u00f1itas \/ Estudio Dayan (\u00a9 Francisco Nocito)\" data-rl_title=\"Casa Ca\u00f1itas \/ Estudio Dayan (\u00a9 Francisco Nocito)\" class=\"rl-gallery-link\" data-rl_caption=\"Casa Ca\u00f1itas \/ Estudio Dayan (\u00a9 Francisco Nocito)\" data-rel=\"lightbox-gallery-1\"><img loading=\"lazy\" decoding=\"async\" width=\"150\" height=\"150\" src=\"https:\/\/www.arquimaster.com.ar\/web\/wp-content\/uploads\/2016\/11\/casa_canitas27-150x150.jpg\" class=\"attachment-thumbnail size-thumbnail\" alt=\"\" aria-describedby=\"gallery-1-24050\" srcset=\"https:\/\/www.arquimaster.com.ar\/web\/wp-content\/uploads\/2016\/11\/casa_canitas27-150x150.jpg 150w, https:\/\/www.arquimaster.com.ar\/web\/wp-content\/uploads\/2016\/11\/casa_canitas27-50x50.jpg 50w, https:\/\/www.arquimaster.com.ar\/web\/wp-content\/uploads\/2016\/11\/casa_canitas27-125x125.jpg 125w\" sizes=\"auto, (max-width: 150px) 100vw, 150px\" \/><\/a>\n\t\t\t<\/div>\n\t\t\t\t<figcaption class='wp-caption-text gallery-caption' id='gallery-1-24050'>\n\t\t\t\tCasa Ca\u00f1itas \/ Estudio Dayan (\u00a9 Francisco Nocito)\n\t\t\t\t<\/figcaption><\/figure><figure class='gallery-item'>\n\t\t\t<div class='gallery-icon landscape'>\n\t\t\t\t<a href='https:\/\/www.arquimaster.com.ar\/web\/wp-content\/uploads\/2016\/11\/casa_canitas28.jpg' title=\"Casa Ca\u00f1itas \/ Estudio Dayan (\u00a9 Francisco Nocito)\" data-rl_title=\"Casa Ca\u00f1itas \/ Estudio Dayan (\u00a9 Francisco Nocito)\" class=\"rl-gallery-link\" data-rl_caption=\"Casa Ca\u00f1itas \/ Estudio Dayan (\u00a9 Francisco Nocito)\" data-rel=\"lightbox-gallery-1\"><img loading=\"lazy\" decoding=\"async\" width=\"150\" height=\"150\" src=\"https:\/\/www.arquimaster.com.ar\/web\/wp-content\/uploads\/2016\/11\/casa_canitas28-150x150.jpg\" class=\"attachment-thumbnail size-thumbnail\" alt=\"\" aria-describedby=\"gallery-1-24051\" srcset=\"https:\/\/www.arquimaster.com.ar\/web\/wp-content\/uploads\/2016\/11\/casa_canitas28-150x150.jpg 150w, https:\/\/www.arquimaster.com.ar\/web\/wp-content\/uploads\/2016\/11\/casa_canitas28-50x50.jpg 50w, https:\/\/www.arquimaster.com.ar\/web\/wp-content\/uploads\/2016\/11\/casa_canitas28-125x125.jpg 125w\" sizes=\"auto, (max-width: 150px) 100vw, 150px\" \/><\/a>\n\t\t\t<\/div>\n\t\t\t\t<figcaption class='wp-caption-text gallery-caption' id='gallery-1-24051'>\n\t\t\t\tCasa Ca\u00f1itas \/ Estudio Dayan (\u00a9 Francisco Nocito)\n\t\t\t\t<\/figcaption><\/figure><figure class='gallery-item'>\n\t\t\t<div class='gallery-icon portrait'>\n\t\t\t\t<a href='https:\/\/www.arquimaster.com.ar\/web\/wp-content\/uploads\/2016\/11\/casa_canitas29.jpg' title=\"Casa Ca\u00f1itas \/ Estudio Dayan (\u00a9 Francisco Nocito)\" data-rl_title=\"Casa Ca\u00f1itas \/ Estudio Dayan (\u00a9 Francisco Nocito)\" class=\"rl-gallery-link\" data-rl_caption=\"Casa Ca\u00f1itas \/ Estudio Dayan (\u00a9 Francisco Nocito)\" data-rel=\"lightbox-gallery-1\"><img loading=\"lazy\" decoding=\"async\" width=\"150\" height=\"150\" src=\"https:\/\/www.arquimaster.com.ar\/web\/wp-content\/uploads\/2016\/11\/casa_canitas29-150x150.jpg\" class=\"attachment-thumbnail size-thumbnail\" alt=\"\" aria-describedby=\"gallery-1-24052\" srcset=\"https:\/\/www.arquimaster.com.ar\/web\/wp-content\/uploads\/2016\/11\/casa_canitas29-150x150.jpg 150w, https:\/\/www.arquimaster.com.ar\/web\/wp-content\/uploads\/2016\/11\/casa_canitas29-50x50.jpg 50w, https:\/\/www.arquimaster.com.ar\/web\/wp-content\/uploads\/2016\/11\/casa_canitas29-125x125.jpg 125w\" sizes=\"auto, (max-width: 150px) 100vw, 150px\" \/><\/a>\n\t\t\t<\/div>\n\t\t\t\t<figcaption class='wp-caption-text gallery-caption' id='gallery-1-24052'>\n\t\t\t\tCasa Ca\u00f1itas \/ Estudio Dayan (\u00a9 Francisco Nocito)\n\t\t\t\t<\/figcaption><\/figure><figure class='gallery-item'>\n\t\t\t<div class='gallery-icon portrait'>\n\t\t\t\t<a href='https:\/\/www.arquimaster.com.ar\/web\/wp-content\/uploads\/2016\/11\/casa_canitas30.jpg' title=\"Casa Ca\u00f1itas \/ Estudio Dayan (\u00a9 Francisco Nocito)\" data-rl_title=\"Casa Ca\u00f1itas \/ Estudio Dayan (\u00a9 Francisco Nocito)\" class=\"rl-gallery-link\" data-rl_caption=\"Casa Ca\u00f1itas \/ Estudio Dayan (\u00a9 Francisco Nocito)\" data-rel=\"lightbox-gallery-1\"><img loading=\"lazy\" decoding=\"async\" width=\"150\" height=\"150\" src=\"https:\/\/www.arquimaster.com.ar\/web\/wp-content\/uploads\/2016\/11\/casa_canitas30-150x150.jpg\" class=\"attachment-thumbnail size-thumbnail\" alt=\"\" aria-describedby=\"gallery-1-24053\" srcset=\"https:\/\/www.arquimaster.com.ar\/web\/wp-content\/uploads\/2016\/11\/casa_canitas30-150x150.jpg 150w, https:\/\/www.arquimaster.com.ar\/web\/wp-content\/uploads\/2016\/11\/casa_canitas30-50x50.jpg 50w, https:\/\/www.arquimaster.com.ar\/web\/wp-content\/uploads\/2016\/11\/casa_canitas30-125x125.jpg 125w\" sizes=\"auto, (max-width: 150px) 100vw, 150px\" \/><\/a>\n\t\t\t<\/div>\n\t\t\t\t<figcaption class='wp-caption-text gallery-caption' id='gallery-1-24053'>\n\t\t\t\tCasa Ca\u00f1itas \/ Estudio Dayan (\u00a9 Francisco Nocito)\n\t\t\t\t<\/figcaption><\/figure><figure class='gallery-item'>\n\t\t\t<div class='gallery-icon portrait'>\n\t\t\t\t<a href='https:\/\/www.arquimaster.com.ar\/web\/wp-content\/uploads\/2016\/11\/casa_canitas31.jpg' title=\"Casa Ca\u00f1itas \/ Estudio Dayan (\u00a9 Francisco Nocito)\" data-rl_title=\"Casa Ca\u00f1itas \/ Estudio Dayan (\u00a9 Francisco Nocito)\" class=\"rl-gallery-link\" data-rl_caption=\"Casa Ca\u00f1itas \/ Estudio Dayan (\u00a9 Francisco Nocito)\" data-rel=\"lightbox-gallery-1\"><img loading=\"lazy\" decoding=\"async\" width=\"150\" height=\"150\" src=\"https:\/\/www.arquimaster.com.ar\/web\/wp-content\/uploads\/2016\/11\/casa_canitas31-150x150.jpg\" class=\"attachment-thumbnail size-thumbnail\" alt=\"\" aria-describedby=\"gallery-1-24054\" srcset=\"https:\/\/www.arquimaster.com.ar\/web\/wp-content\/uploads\/2016\/11\/casa_canitas31-150x150.jpg 150w, https:\/\/www.arquimaster.com.ar\/web\/wp-content\/uploads\/2016\/11\/casa_canitas31-50x50.jpg 50w, https:\/\/www.arquimaster.com.ar\/web\/wp-content\/uploads\/2016\/11\/casa_canitas31-125x125.jpg 125w\" sizes=\"auto, (max-width: 150px) 100vw, 150px\" \/><\/a>\n\t\t\t<\/div>\n\t\t\t\t<figcaption class='wp-caption-text gallery-caption' id='gallery-1-24054'>\n\t\t\t\tCasa Ca\u00f1itas \/ Estudio Dayan (\u00a9 Francisco Nocito)\n\t\t\t\t<\/figcaption><\/figure><figure class='gallery-item'>\n\t\t\t<div class='gallery-icon landscape'>\n\t\t\t\t<a href='https:\/\/www.arquimaster.com.ar\/web\/wp-content\/uploads\/2016\/11\/casa_canitas32.jpg' title=\"Casa Ca\u00f1itas \/ Estudio Dayan (planta baja)\" data-rl_title=\"Casa Ca\u00f1itas \/ Estudio Dayan (planta baja)\" class=\"rl-gallery-link\" data-rl_caption=\"Casa Ca\u00f1itas \/ Estudio Dayan (planta baja)\" data-rel=\"lightbox-gallery-1\"><img loading=\"lazy\" decoding=\"async\" width=\"150\" height=\"150\" src=\"https:\/\/www.arquimaster.com.ar\/web\/wp-content\/uploads\/2016\/11\/casa_canitas32-150x150.jpg\" class=\"attachment-thumbnail size-thumbnail\" alt=\"\" aria-describedby=\"gallery-1-24055\" srcset=\"https:\/\/www.arquimaster.com.ar\/web\/wp-content\/uploads\/2016\/11\/casa_canitas32-150x150.jpg 150w, https:\/\/www.arquimaster.com.ar\/web\/wp-content\/uploads\/2016\/11\/casa_canitas32-50x50.jpg 50w, https:\/\/www.arquimaster.com.ar\/web\/wp-content\/uploads\/2016\/11\/casa_canitas32-125x125.jpg 125w\" sizes=\"auto, (max-width: 150px) 100vw, 150px\" \/><\/a>\n\t\t\t<\/div>\n\t\t\t\t<figcaption class='wp-caption-text gallery-caption' id='gallery-1-24055'>\n\t\t\t\tCasa Ca\u00f1itas \/ Estudio Dayan (planta baja)\n\t\t\t\t<\/figcaption><\/figure><figure class='gallery-item'>\n\t\t\t<div class='gallery-icon landscape'>\n\t\t\t\t<a href='https:\/\/www.arquimaster.com.ar\/web\/wp-content\/uploads\/2016\/11\/casa_canitas33.jpg' title=\"Casa Ca\u00f1itas \/ Estudio Dayan (planta 1\u00ba piso)\" data-rl_title=\"Casa Ca\u00f1itas \/ Estudio Dayan (planta 1\u00ba piso)\" class=\"rl-gallery-link\" data-rl_caption=\"Casa Ca\u00f1itas \/ Estudio Dayan (planta 1\u00ba piso)\" data-rel=\"lightbox-gallery-1\"><img loading=\"lazy\" decoding=\"async\" width=\"150\" height=\"150\" src=\"https:\/\/www.arquimaster.com.ar\/web\/wp-content\/uploads\/2016\/11\/casa_canitas33-150x150.jpg\" class=\"attachment-thumbnail size-thumbnail\" alt=\"\" aria-describedby=\"gallery-1-24056\" srcset=\"https:\/\/www.arquimaster.com.ar\/web\/wp-content\/uploads\/2016\/11\/casa_canitas33-150x150.jpg 150w, https:\/\/www.arquimaster.com.ar\/web\/wp-content\/uploads\/2016\/11\/casa_canitas33-50x50.jpg 50w, https:\/\/www.arquimaster.com.ar\/web\/wp-content\/uploads\/2016\/11\/casa_canitas33-125x125.jpg 125w\" sizes=\"auto, (max-width: 150px) 100vw, 150px\" \/><\/a>\n\t\t\t<\/div>\n\t\t\t\t<figcaption class='wp-caption-text gallery-caption' id='gallery-1-24056'>\n\t\t\t\tCasa Ca\u00f1itas \/ Estudio Dayan (planta 1\u00ba piso) \n\t\t\t\t<\/figcaption><\/figure><figure class='gallery-item'>\n\t\t\t<div class='gallery-icon landscape'>\n\t\t\t\t<a href='https:\/\/www.arquimaster.com.ar\/web\/wp-content\/uploads\/2016\/11\/casa_canitas34.jpg' title=\"Casa Ca\u00f1itas \/ Estudio Dayan (planta solarium)\" data-rl_title=\"Casa Ca\u00f1itas \/ Estudio Dayan (planta solarium)\" class=\"rl-gallery-link\" data-rl_caption=\"Casa Ca\u00f1itas \/ Estudio Dayan (planta solarium)\" data-rel=\"lightbox-gallery-1\"><img loading=\"lazy\" decoding=\"async\" width=\"150\" height=\"150\" src=\"https:\/\/www.arquimaster.com.ar\/web\/wp-content\/uploads\/2016\/11\/casa_canitas34-150x150.jpg\" class=\"attachment-thumbnail size-thumbnail\" alt=\"\" aria-describedby=\"gallery-1-24057\" srcset=\"https:\/\/www.arquimaster.com.ar\/web\/wp-content\/uploads\/2016\/11\/casa_canitas34-150x150.jpg 150w, https:\/\/www.arquimaster.com.ar\/web\/wp-content\/uploads\/2016\/11\/casa_canitas34-50x50.jpg 50w, https:\/\/www.arquimaster.com.ar\/web\/wp-content\/uploads\/2016\/11\/casa_canitas34-125x125.jpg 125w\" sizes=\"auto, (max-width: 150px) 100vw, 150px\" \/><\/a>\n\t\t\t<\/div>\n\t\t\t\t<figcaption class='wp-caption-text gallery-caption' id='gallery-1-24057'>\n\t\t\t\tCasa Ca\u00f1itas \/ Estudio Dayan (planta solarium)\n\t\t\t\t<\/figcaption><\/figure><figure class='gallery-item'>\n\t\t\t<div class='gallery-icon landscape'>\n\t\t\t\t<a href='https:\/\/www.arquimaster.com.ar\/web\/wp-content\/uploads\/2016\/11\/casa_canitas35.jpg' title=\"Casa Ca\u00f1itas \/ Estudio Dayan (implantacion)\" data-rl_title=\"Casa Ca\u00f1itas \/ Estudio Dayan (implantacion)\" class=\"rl-gallery-link\" data-rl_caption=\"Casa Ca\u00f1itas \/ Estudio Dayan (implantacion)\" data-rel=\"lightbox-gallery-1\"><img loading=\"lazy\" decoding=\"async\" width=\"150\" height=\"150\" src=\"https:\/\/www.arquimaster.com.ar\/web\/wp-content\/uploads\/2016\/11\/casa_canitas35-150x150.jpg\" class=\"attachment-thumbnail size-thumbnail\" alt=\"\" aria-describedby=\"gallery-1-24058\" srcset=\"https:\/\/www.arquimaster.com.ar\/web\/wp-content\/uploads\/2016\/11\/casa_canitas35-150x150.jpg 150w, https:\/\/www.arquimaster.com.ar\/web\/wp-content\/uploads\/2016\/11\/casa_canitas35-50x50.jpg 50w, https:\/\/www.arquimaster.com.ar\/web\/wp-content\/uploads\/2016\/11\/casa_canitas35-125x125.jpg 125w\" sizes=\"auto, (max-width: 150px) 100vw, 150px\" \/><\/a>\n\t\t\t<\/div>\n\t\t\t\t<figcaption class='wp-caption-text gallery-caption' id='gallery-1-24058'>\n\t\t\t\tCasa Ca\u00f1itas \/ Estudio Dayan (implantacion)\n\t\t\t\t<\/figcaption><\/figure>\n\t\t<\/div>\n\n<p>En primer lugar era necesario multiplicar la superficie cubierta ya que el programa nos exig\u00eda un amplio comedor cocina, un estar, playroom o estar privado y dos dormitorios. Mantuvimos la estructura muraria conservando la forma y la definici\u00f3n espacial de los patios pero creciendo en altura agregando un piso completo sobre el existente. Recuperamos los patios transform\u00e1ndolos en verdaderos espacios de expansi\u00f3n y respiro y aprovechamos la azotea como mirador y sol\u00e1rium. Adem\u00e1s el programa cuenta con los servicios de rigor: dos ba\u00f1os, parrilla, lavadero, etc.<\/p>\n<p>En Planta Baja consolidamos los programas de car\u00e1cter p\u00fablico y en Planta Alta los de car\u00e1cter privado. El patio y su ap\u00e9ndice, en Planta Baja est\u00e1n conectados conformando un \u00fanico espacio de expansi\u00f3n, mientras que en Planta Alta los dividimos generando dos espacios bien definidos. Un patio de car\u00e1cter m\u00e1s p\u00fablico y otro, el apendicular, mas privado. Este ap\u00e9ndice lo conceptualizamos como un espacio vertical abierto al cielo, donde un \u00e1lamo plateado va cociendo las distintas plantas de la propiedad conformando lo que llamamos \u00abel patio del \u00e1rbol\u00bb.<\/p>\n<p>La Cocina Comedor y el Estar est\u00e1n articulados pero conforman dos espacios distintos, ambos con salida al Patio. La escalera la colocamos en la esquina de la L conformando un eje de distribuci\u00f3n vertical. Los servicios, tanto la cocina como los ba\u00f1os van recostados sobre las medianeras liberando los muros que dan al patio, posibilitando operaciones de iluminaci\u00f3n y ventilaci\u00f3n.<\/p>\n<p>En Planta Alta hay dos habitaciones bien definidas y un estar privado que articula la llegada como hall de acceso a la planta. Ambos dormitorios ventilan e iluminan al patio y su ap\u00e9ndice siendo este \u00faltimo exclusivo de la Suite matrimonial. Las visuales de ambos patios quedan interrumpidas por un tamiz de chapa acanalada translucida. La Suite tiene salida a un balc\u00f3n privado que balconea sobre el patio principal.<\/p>\n<p>En el \u00faltimo nivel la escalera llega a una galer\u00eda que ofrece sombra y que hacia el fondo se transforma en el espacio para colgar la ropa del lavadero. El resto de la azotea es un gran mirador \/ sol\u00e1rium desde el cual ver los \u00e1rboles de los alrededores de la cancha de Polo.<\/p>\n<p><strong>T\u00e9cnica constructiva<\/strong><br \/>\nUtilizamos dos t\u00e9cnicas constructivas bien diferenciadas. Una h\u00fameda, para reciclar el volumen existente; y una en seco para construir los nuevos vol\u00famenes. La totalidad de la construcci\u00f3n en seco se caracteriza por el uso de tubos met\u00e1licos estructurales que forman una ret\u00edcula modular general. La totalidad de los cerramientos de estos nuevos vol\u00famenes est\u00e1n compuestos por chapa acanalada transl\u00facida de PVC y Vidrio Templado.<\/p>\n<p>El entrepiso est\u00e1 formado por una estructura de tubos horizontal y placas de madera OSB. Luego de la impermeabilizaci\u00f3n hidr\u00f3fuga terminamos los solados con Decks de madera flotantes con estructuras tubulares menores. Los cerramientos interiores de los nuevos vol\u00famenes tambi\u00e9n son en seco, de placas de Roca de yeso y madera. Los pisos son de porcelanato blanco y las paredes son enlucidas tambi\u00e9n en color blanco.<\/p>\n<p>Los materiales fueron mostrados con un lenguaje honesto y sin maquillajes. Lo met\u00e1lico, tanto en hierro o aluminio es color negro, la madera se dej\u00f3 al natural y el resto, tanto enlucidos o emplacados es blanco. Revestimos el per\u00edmetro del Patio con placas cementicias con textura de madera (Slide Frame) que recuerdan las estructuras de tablas para los viejos Stud y caballerizas de la cancha de Polo. Por otro lado estas placas evitan el mantenimiento permanente de muros altos y dif\u00edciles de alcanzar sin escalera.<\/p>\n<p>La tecnolog\u00eda de construcci\u00f3n en seco y la elecci\u00f3n de los materiales utilizados no s\u00f3lo disminuyeron el tiempo de obra redundando en un beneficio econ\u00f3mico sino que configuran para nosotros un lenguaje muy peculiar y apropiado para su contexto.<\/p>\n<p>Los Boxes para caballos del Hip\u00f3dromo y los Stud de la cancha de Polo tambi\u00e9n son construcciones de chapa, con estructura met\u00e1lica y terminaciones en madera. Creemos en el lenguaje com\u00fan que toda obra debe a su entorno, que aunque inmediato, representa lo caracterol\u00f3gico de un \u00e1rea del barrio. Por otro lado el boom gastron\u00f3mico de la zona promovi\u00f3 la construcci\u00f3n de locales mediante estructuras livianas de r\u00e1pida ejecuci\u00f3n. La madera, la chapa, vidrio y metal invaden el barrio y definen este lenguaje tan particular que tiene Las Ca\u00f1itas.<\/p>\n<p><strong>Ficha t\u00e9cnica<\/strong><br \/>\nNombre: PH en Ca\u00f1itas<br \/>\nUbicaci\u00f3n: Barrio Las Ca\u00f1itas, Ciudad de Buenos Aires, Argentina<br \/>\nObra y proyecto: Estudio Dayan (Arq. Dayan)<br \/>\nArquitecto: Alejandro Dayan<br \/>\nColaboradores: Arq. Francisco Sherriff, Arq. Agustina Marinaro, MMO Juan Benitez, Lic. Jennifer Dayan, Dise\u00f1ador Manuel Magnasco<br \/>\nIngeniero: Gustavo Carreira<br \/>\nEscribano: Jose Luis Alvarez<br \/>\nContador: Hern\u00e1n Bono<br \/>\nSuperficie cubierta: 133 m2<br \/>\nSuperficie descubierta: 70 m2<br \/>\nA\u00f1o: 2016<br \/>\nFotograf\u00edas: Francisco Nocito<\/p>\n<p><strong>Contacto:<\/strong> <a href=\"http:\/\/www.estudiodayan.com\" target=\"_blank\">http:\/\/www.estudiodayan.com<\/a><\/p>\n\n<div style=\"font-size: 0px; height: 0px; line-height: 0px; margin: 0; padding: 0; clear: both;\"><\/div><div style=\"margin-top: 0px; margin-bottom: 0px;\" class=\"sharethis-inline-share-buttons\" ><\/div>","protected":false},"excerpt":{"rendered":"<p>La madera, chapa, vidrio y metal invaden el barrio de Las Ca\u00f1itas y definen el lenguaje&#8230;<\/p>\n","protected":false},"author":1,"featured_media":24023,"comment_status":"closed","ping_status":"closed","sticky":false,"template":"","format":"standard","meta":{"_uag_custom_page_level_css":"","footnotes":""},"categories":[1,82,83],"tags":[4049,4047,4048,1488,1043,680,254],"class_list":["post-24022","post","type-post","status-publish","format-standard","has-post-thumbnail","hentry","category-proyecto","category-rehabilitaciones","category-vivienda-unifamiliar","tag-alejandro-dayan","tag-canitas","tag-estudio-dayan","tag-ph","tag-reforma-de-vivienda","tag-rehabilitacion","tag-vivienda-unifamiliar-2","generate-columns","tablet-grid-50","mobile-grid-100","grid-parent","grid-50"],"yoast_head":"<!-- This site is optimized with the Yoast SEO plugin v27.3 - https:\/\/yoast.com\/product\/yoast-seo-wordpress\/ -->\n<title>Casa Ca\u00f1itas \/ Estudio Dayan - Arquimaster<\/title>\n<meta name=\"robots\" content=\"index, follow, max-snippet:-1, max-image-preview:large, max-video-preview:-1\" \/>\n<link rel=\"canonical\" href=\"https:\/\/www.arquimaster.com.ar\/web\/casa-canitas-estudio-dayan\/\" \/>\n<meta property=\"og:locale\" content=\"es_ES\" \/>\n<meta property=\"og:type\" content=\"article\" \/>\n<meta property=\"og:title\" content=\"Casa Ca\u00f1itas \/ Estudio Dayan - Arquimaster\" \/>\n<meta property=\"og:description\" content=\"La madera, chapa, vidrio y metal invaden el barrio de Las Ca\u00f1itas y definen el lenguaje...\" \/>\n<meta property=\"og:url\" content=\"https:\/\/www.arquimaster.com.ar\/web\/casa-canitas-estudio-dayan\/\" \/>\n<meta property=\"og:site_name\" content=\"Arquimaster\" \/>\n<meta property=\"article:publisher\" content=\"http:\/\/www.facebook.com\/ARQUIMASTER.com.ar\" \/>\n<meta property=\"article:published_time\" content=\"2016-11-26T03:06:50+00:00\" \/>\n<meta property=\"article:modified_time\" content=\"2016-11-29T03:27:48+00:00\" \/>\n<meta property=\"og:image\" content=\"https:\/\/www.arquimaster.com.ar\/web\/wp-content\/uploads\/2016\/11\/casa_canitas_slide.jpg\" \/>\n\t<meta property=\"og:image:width\" content=\"642\" \/>\n\t<meta property=\"og:image:height\" content=\"336\" \/>\n\t<meta property=\"og:image:type\" content=\"image\/jpeg\" \/>\n<meta name=\"author\" content=\"Arquimaster\" \/>\n<meta name=\"twitter:card\" content=\"summary_large_image\" \/>\n<meta name=\"twitter:creator\" content=\"@arquimaster\" \/>\n<meta name=\"twitter:site\" content=\"@arquimaster\" \/>\n<meta name=\"twitter:label1\" content=\"Escrito por\" \/>\n\t<meta name=\"twitter:data1\" content=\"Arquimaster\" \/>\n\t<meta name=\"twitter:label2\" content=\"Tiempo de lectura\" \/>\n\t<meta name=\"twitter:data2\" content=\"5 minutos\" \/>\n<script type=\"application\/ld+json\" class=\"yoast-schema-graph\">{\"@context\":\"https:\\\/\\\/schema.org\",\"@graph\":[{\"@type\":\"Article\",\"@id\":\"https:\\\/\\\/www.arquimaster.com.ar\\\/web\\\/casa-canitas-estudio-dayan\\\/#article\",\"isPartOf\":{\"@id\":\"https:\\\/\\\/www.arquimaster.com.ar\\\/web\\\/casa-canitas-estudio-dayan\\\/\"},\"author\":{\"name\":\"Arquimaster\",\"@id\":\"https:\\\/\\\/www.arquimaster.com.ar\\\/web\\\/#\\\/schema\\\/person\\\/359e9f7c00193fcde068e0dd2ceb0028\"},\"headline\":\"Casa Ca\u00f1itas \\\/ Estudio Dayan\",\"datePublished\":\"2016-11-26T03:06:50+00:00\",\"dateModified\":\"2016-11-29T03:27:48+00:00\",\"mainEntityOfPage\":{\"@id\":\"https:\\\/\\\/www.arquimaster.com.ar\\\/web\\\/casa-canitas-estudio-dayan\\\/\"},\"wordCount\":989,\"publisher\":{\"@id\":\"https:\\\/\\\/www.arquimaster.com.ar\\\/web\\\/#organization\"},\"image\":{\"@id\":\"https:\\\/\\\/www.arquimaster.com.ar\\\/web\\\/casa-canitas-estudio-dayan\\\/#primaryimage\"},\"thumbnailUrl\":\"https:\\\/\\\/www.arquimaster.com.ar\\\/web\\\/wp-content\\\/uploads\\\/2016\\\/11\\\/casa_canitas_slide.jpg\",\"keywords\":[\"Alejandro Dayan\",\"Ca\u00f1itas\",\"Estudio Dayan\",\"PH\",\"reforma de vivienda\",\"rehabilitaci\u00f3n\",\"vivienda unifamiliar\"],\"articleSection\":[\"Proyecto\",\"Rehabilitaciones y ampliaciones\",\"Vivienda unifamiliar y PH\"],\"inLanguage\":\"es\"},{\"@type\":\"WebPage\",\"@id\":\"https:\\\/\\\/www.arquimaster.com.ar\\\/web\\\/casa-canitas-estudio-dayan\\\/\",\"url\":\"https:\\\/\\\/www.arquimaster.com.ar\\\/web\\\/casa-canitas-estudio-dayan\\\/\",\"name\":\"Casa Ca\u00f1itas \\\/ Estudio Dayan - Arquimaster\",\"isPartOf\":{\"@id\":\"https:\\\/\\\/www.arquimaster.com.ar\\\/web\\\/#website\"},\"primaryImageOfPage\":{\"@id\":\"https:\\\/\\\/www.arquimaster.com.ar\\\/web\\\/casa-canitas-estudio-dayan\\\/#primaryimage\"},\"image\":{\"@id\":\"https:\\\/\\\/www.arquimaster.com.ar\\\/web\\\/casa-canitas-estudio-dayan\\\/#primaryimage\"},\"thumbnailUrl\":\"https:\\\/\\\/www.arquimaster.com.ar\\\/web\\\/wp-content\\\/uploads\\\/2016\\\/11\\\/casa_canitas_slide.jpg\",\"datePublished\":\"2016-11-26T03:06:50+00:00\",\"dateModified\":\"2016-11-29T03:27:48+00:00\",\"breadcrumb\":{\"@id\":\"https:\\\/\\\/www.arquimaster.com.ar\\\/web\\\/casa-canitas-estudio-dayan\\\/#breadcrumb\"},\"inLanguage\":\"es\",\"potentialAction\":[{\"@type\":\"ReadAction\",\"target\":[\"https:\\\/\\\/www.arquimaster.com.ar\\\/web\\\/casa-canitas-estudio-dayan\\\/\"]}]},{\"@type\":\"ImageObject\",\"inLanguage\":\"es\",\"@id\":\"https:\\\/\\\/www.arquimaster.com.ar\\\/web\\\/casa-canitas-estudio-dayan\\\/#primaryimage\",\"url\":\"https:\\\/\\\/www.arquimaster.com.ar\\\/web\\\/wp-content\\\/uploads\\\/2016\\\/11\\\/casa_canitas_slide.jpg\",\"contentUrl\":\"https:\\\/\\\/www.arquimaster.com.ar\\\/web\\\/wp-content\\\/uploads\\\/2016\\\/11\\\/casa_canitas_slide.jpg\",\"width\":642,\"height\":336},{\"@type\":\"BreadcrumbList\",\"@id\":\"https:\\\/\\\/www.arquimaster.com.ar\\\/web\\\/casa-canitas-estudio-dayan\\\/#breadcrumb\",\"itemListElement\":[{\"@type\":\"ListItem\",\"position\":1,\"name\":\"Portada\",\"item\":\"https:\\\/\\\/www.arquimaster.com.ar\\\/web\\\/\"},{\"@type\":\"ListItem\",\"position\":2,\"name\":\"Casa Ca\u00f1itas \\\/ Estudio Dayan\"}]},{\"@type\":\"WebSite\",\"@id\":\"https:\\\/\\\/www.arquimaster.com.ar\\\/web\\\/#website\",\"url\":\"https:\\\/\\\/www.arquimaster.com.ar\\\/web\\\/\",\"name\":\"Arquimaster\",\"description\":\"Web de arquitectura, dise\u00f1o y construccion\",\"publisher\":{\"@id\":\"https:\\\/\\\/www.arquimaster.com.ar\\\/web\\\/#organization\"},\"potentialAction\":[{\"@type\":\"SearchAction\",\"target\":{\"@type\":\"EntryPoint\",\"urlTemplate\":\"https:\\\/\\\/www.arquimaster.com.ar\\\/web\\\/?s={search_term_string}\"},\"query-input\":{\"@type\":\"PropertyValueSpecification\",\"valueRequired\":true,\"valueName\":\"search_term_string\"}}],\"inLanguage\":\"es\"},{\"@type\":\"Organization\",\"@id\":\"https:\\\/\\\/www.arquimaster.com.ar\\\/web\\\/#organization\",\"name\":\"Arquimaster\",\"url\":\"https:\\\/\\\/www.arquimaster.com.ar\\\/web\\\/\",\"logo\":{\"@type\":\"ImageObject\",\"inLanguage\":\"es\",\"@id\":\"https:\\\/\\\/www.arquimaster.com.ar\\\/web\\\/#\\\/schema\\\/logo\\\/image\\\/\",\"url\":\"https:\\\/\\\/www.arquimaster.com.ar\\\/web\\\/wp-content\\\/uploads\\\/2022\\\/06\\\/arquimaster.png\",\"contentUrl\":\"https:\\\/\\\/www.arquimaster.com.ar\\\/web\\\/wp-content\\\/uploads\\\/2022\\\/06\\\/arquimaster.png\",\"width\":594,\"height\":78,\"caption\":\"Arquimaster\"},\"image\":{\"@id\":\"https:\\\/\\\/www.arquimaster.com.ar\\\/web\\\/#\\\/schema\\\/logo\\\/image\\\/\"},\"sameAs\":[\"http:\\\/\\\/www.facebook.com\\\/ARQUIMASTER.com.ar\",\"https:\\\/\\\/x.com\\\/arquimaster\",\"https:\\\/\\\/www.instagram.com\\\/arquimasterblog\\\/\",\"https:\\\/\\\/www.linkedin.com\\\/company\\\/arquimaster\",\"https:\\\/\\\/www.pinterest.com\\\/arquimaster\",\"https:\\\/\\\/t.me\\\/arquimaster\"]},{\"@type\":\"Person\",\"@id\":\"https:\\\/\\\/www.arquimaster.com.ar\\\/web\\\/#\\\/schema\\\/person\\\/359e9f7c00193fcde068e0dd2ceb0028\",\"name\":\"Arquimaster\"}]}<\/script>\n<!-- \/ Yoast SEO plugin. -->","yoast_head_json":{"title":"Casa Ca\u00f1itas \/ Estudio Dayan - Arquimaster","robots":{"index":"index","follow":"follow","max-snippet":"max-snippet:-1","max-image-preview":"max-image-preview:large","max-video-preview":"max-video-preview:-1"},"canonical":"https:\/\/www.arquimaster.com.ar\/web\/casa-canitas-estudio-dayan\/","og_locale":"es_ES","og_type":"article","og_title":"Casa Ca\u00f1itas \/ Estudio Dayan - Arquimaster","og_description":"La madera, chapa, vidrio y metal invaden el barrio de Las Ca\u00f1itas y definen el lenguaje...","og_url":"https:\/\/www.arquimaster.com.ar\/web\/casa-canitas-estudio-dayan\/","og_site_name":"Arquimaster","article_publisher":"http:\/\/www.facebook.com\/ARQUIMASTER.com.ar","article_published_time":"2016-11-26T03:06:50+00:00","article_modified_time":"2016-11-29T03:27:48+00:00","og_image":[{"width":642,"height":336,"url":"https:\/\/www.arquimaster.com.ar\/web\/wp-content\/uploads\/2016\/11\/casa_canitas_slide.jpg","type":"image\/jpeg"}],"author":"Arquimaster","twitter_card":"summary_large_image","twitter_creator":"@arquimaster","twitter_site":"@arquimaster","twitter_misc":{"Escrito por":"Arquimaster","Tiempo de lectura":"5 minutos"},"schema":{"@context":"https:\/\/schema.org","@graph":[{"@type":"Article","@id":"https:\/\/www.arquimaster.com.ar\/web\/casa-canitas-estudio-dayan\/#article","isPartOf":{"@id":"https:\/\/www.arquimaster.com.ar\/web\/casa-canitas-estudio-dayan\/"},"author":{"name":"Arquimaster","@id":"https:\/\/www.arquimaster.com.ar\/web\/#\/schema\/person\/359e9f7c00193fcde068e0dd2ceb0028"},"headline":"Casa Ca\u00f1itas \/ Estudio Dayan","datePublished":"2016-11-26T03:06:50+00:00","dateModified":"2016-11-29T03:27:48+00:00","mainEntityOfPage":{"@id":"https:\/\/www.arquimaster.com.ar\/web\/casa-canitas-estudio-dayan\/"},"wordCount":989,"publisher":{"@id":"https:\/\/www.arquimaster.com.ar\/web\/#organization"},"image":{"@id":"https:\/\/www.arquimaster.com.ar\/web\/casa-canitas-estudio-dayan\/#primaryimage"},"thumbnailUrl":"https:\/\/www.arquimaster.com.ar\/web\/wp-content\/uploads\/2016\/11\/casa_canitas_slide.jpg","keywords":["Alejandro Dayan","Ca\u00f1itas","Estudio Dayan","PH","reforma de vivienda","rehabilitaci\u00f3n","vivienda unifamiliar"],"articleSection":["Proyecto","Rehabilitaciones y ampliaciones","Vivienda unifamiliar y PH"],"inLanguage":"es"},{"@type":"WebPage","@id":"https:\/\/www.arquimaster.com.ar\/web\/casa-canitas-estudio-dayan\/","url":"https:\/\/www.arquimaster.com.ar\/web\/casa-canitas-estudio-dayan\/","name":"Casa Ca\u00f1itas \/ Estudio Dayan - Arquimaster","isPartOf":{"@id":"https:\/\/www.arquimaster.com.ar\/web\/#website"},"primaryImageOfPage":{"@id":"https:\/\/www.arquimaster.com.ar\/web\/casa-canitas-estudio-dayan\/#primaryimage"},"image":{"@id":"https:\/\/www.arquimaster.com.ar\/web\/casa-canitas-estudio-dayan\/#primaryimage"},"thumbnailUrl":"https:\/\/www.arquimaster.com.ar\/web\/wp-content\/uploads\/2016\/11\/casa_canitas_slide.jpg","datePublished":"2016-11-26T03:06:50+00:00","dateModified":"2016-11-29T03:27:48+00:00","breadcrumb":{"@id":"https:\/\/www.arquimaster.com.ar\/web\/casa-canitas-estudio-dayan\/#breadcrumb"},"inLanguage":"es","potentialAction":[{"@type":"ReadAction","target":["https:\/\/www.arquimaster.com.ar\/web\/casa-canitas-estudio-dayan\/"]}]},{"@type":"ImageObject","inLanguage":"es","@id":"https:\/\/www.arquimaster.com.ar\/web\/casa-canitas-estudio-dayan\/#primaryimage","url":"https:\/\/www.arquimaster.com.ar\/web\/wp-content\/uploads\/2016\/11\/casa_canitas_slide.jpg","contentUrl":"https:\/\/www.arquimaster.com.ar\/web\/wp-content\/uploads\/2016\/11\/casa_canitas_slide.jpg","width":642,"height":336},{"@type":"BreadcrumbList","@id":"https:\/\/www.arquimaster.com.ar\/web\/casa-canitas-estudio-dayan\/#breadcrumb","itemListElement":[{"@type":"ListItem","position":1,"name":"Portada","item":"https:\/\/www.arquimaster.com.ar\/web\/"},{"@type":"ListItem","position":2,"name":"Casa Ca\u00f1itas \/ Estudio Dayan"}]},{"@type":"WebSite","@id":"https:\/\/www.arquimaster.com.ar\/web\/#website","url":"https:\/\/www.arquimaster.com.ar\/web\/","name":"Arquimaster","description":"Web de arquitectura, dise\u00f1o y construccion","publisher":{"@id":"https:\/\/www.arquimaster.com.ar\/web\/#organization"},"potentialAction":[{"@type":"SearchAction","target":{"@type":"EntryPoint","urlTemplate":"https:\/\/www.arquimaster.com.ar\/web\/?s={search_term_string}"},"query-input":{"@type":"PropertyValueSpecification","valueRequired":true,"valueName":"search_term_string"}}],"inLanguage":"es"},{"@type":"Organization","@id":"https:\/\/www.arquimaster.com.ar\/web\/#organization","name":"Arquimaster","url":"https:\/\/www.arquimaster.com.ar\/web\/","logo":{"@type":"ImageObject","inLanguage":"es","@id":"https:\/\/www.arquimaster.com.ar\/web\/#\/schema\/logo\/image\/","url":"https:\/\/www.arquimaster.com.ar\/web\/wp-content\/uploads\/2022\/06\/arquimaster.png","contentUrl":"https:\/\/www.arquimaster.com.ar\/web\/wp-content\/uploads\/2022\/06\/arquimaster.png","width":594,"height":78,"caption":"Arquimaster"},"image":{"@id":"https:\/\/www.arquimaster.com.ar\/web\/#\/schema\/logo\/image\/"},"sameAs":["http:\/\/www.facebook.com\/ARQUIMASTER.com.ar","https:\/\/x.com\/arquimaster","https:\/\/www.instagram.com\/arquimasterblog\/","https:\/\/www.linkedin.com\/company\/arquimaster","https:\/\/www.pinterest.com\/arquimaster","https:\/\/t.me\/arquimaster"]},{"@type":"Person","@id":"https:\/\/www.arquimaster.com.ar\/web\/#\/schema\/person\/359e9f7c00193fcde068e0dd2ceb0028","name":"Arquimaster"}]}},"uagb_featured_image_src":{"full":["https:\/\/www.arquimaster.com.ar\/web\/wp-content\/uploads\/2016\/11\/casa_canitas_slide.jpg",642,336,false],"thumbnail":["https:\/\/www.arquimaster.com.ar\/web\/wp-content\/uploads\/2016\/11\/casa_canitas_slide-150x150.jpg",150,150,true],"medium":["https:\/\/www.arquimaster.com.ar\/web\/wp-content\/uploads\/2016\/11\/casa_canitas_slide.jpg",642,336,false],"medium_large":["https:\/\/www.arquimaster.com.ar\/web\/wp-content\/uploads\/2016\/11\/casa_canitas_slide.jpg",642,336,false],"large":["https:\/\/www.arquimaster.com.ar\/web\/wp-content\/uploads\/2016\/11\/casa_canitas_slide.jpg",642,336,false],"1536x1536":["https:\/\/www.arquimaster.com.ar\/web\/wp-content\/uploads\/2016\/11\/casa_canitas_slide.jpg",642,336,false],"2048x2048":["https:\/\/www.arquimaster.com.ar\/web\/wp-content\/uploads\/2016\/11\/casa_canitas_slide.jpg",642,336,false]},"uagb_author_info":{"display_name":"Arquimaster","author_link":"https:\/\/www.arquimaster.com.ar\/web\/author\/arquimaster\/"},"uagb_comment_info":0,"uagb_excerpt":"La madera, chapa, vidrio y metal invaden el barrio de Las Ca\u00f1itas y definen el lenguaje...","_links":{"self":[{"href":"https:\/\/www.arquimaster.com.ar\/web\/wp-json\/wp\/v2\/posts\/24022","targetHints":{"allow":["GET"]}}],"collection":[{"href":"https:\/\/www.arquimaster.com.ar\/web\/wp-json\/wp\/v2\/posts"}],"about":[{"href":"https:\/\/www.arquimaster.com.ar\/web\/wp-json\/wp\/v2\/types\/post"}],"author":[{"embeddable":true,"href":"https:\/\/www.arquimaster.com.ar\/web\/wp-json\/wp\/v2\/users\/1"}],"replies":[{"embeddable":true,"href":"https:\/\/www.arquimaster.com.ar\/web\/wp-json\/wp\/v2\/comments?post=24022"}],"version-history":[{"count":0,"href":"https:\/\/www.arquimaster.com.ar\/web\/wp-json\/wp\/v2\/posts\/24022\/revisions"}],"wp:featuredmedia":[{"embeddable":true,"href":"https:\/\/www.arquimaster.com.ar\/web\/wp-json\/wp\/v2\/media\/24023"}],"wp:attachment":[{"href":"https:\/\/www.arquimaster.com.ar\/web\/wp-json\/wp\/v2\/media?parent=24022"}],"wp:term":[{"taxonomy":"category","embeddable":true,"href":"https:\/\/www.arquimaster.com.ar\/web\/wp-json\/wp\/v2\/categories?post=24022"},{"taxonomy":"post_tag","embeddable":true,"href":"https:\/\/www.arquimaster.com.ar\/web\/wp-json\/wp\/v2\/tags?post=24022"}],"curies":[{"name":"wp","href":"https:\/\/api.w.org\/{rel}","templated":true}]}}