{"id":24925,"date":"2016-10-19T02:36:01","date_gmt":"2016-10-19T02:36:01","guid":{"rendered":"http:\/\/www.arquimaster.com.ar\/web\/?p=24925"},"modified":"2016-12-19T02:46:07","modified_gmt":"2016-12-19T02:46:07","slug":"urbanismo-sustentable-un-concepto-ecologico-pero-tambien-economico-y-social","status":"publish","type":"post","link":"https:\/\/www.arquimaster.com.ar\/web\/urbanismo-sustentable-un-concepto-ecologico-pero-tambien-economico-y-social\/","title":{"rendered":"Urbanismo sustentable, un concepto ecol\u00f3gico pero tambi\u00e9n econ\u00f3mico y social"},"content":{"rendered":"<div style=\"margin-top: 0px; margin-bottom: 0px;\" class=\"sharethis-inline-share-buttons\" ><\/div><div class=\"b812932af2e751442846f039925109de\" data-index=\"1\" style=\"float: none; margin:25px 0 25px 0; text-align:center;\">\n<script async src=\"https:\/\/pagead2.googlesyndication.com\/pagead\/js\/adsbygoogle.js\"><\/script>\r\n<!-- Arquimaster (superior) -->\r\n<ins class=\"adsbygoogle\"\r\n     style=\"display:block\"\r\n     data-ad-client=\"ca-pub-6351072698456832\"\r\n     data-ad-slot=\"6455489680\"\r\n     data-ad-format=\"auto\"\r\n     data-full-width-responsive=\"true\"><\/ins>\r\n<script>\r\n     (adsbygoogle = window.adsbygoogle || []).push({});\r\n<\/script>\n<\/div>\n<p><em><strong>\u00bfCu\u00e1les son los principales desaf\u00edos en materia de construcci\u00f3n sustentable? \u00bfQu\u00e9 soluciones existen? \u00bfQu\u00e9 est\u00e1 haciendo al respecto el sector privado y, sobre todo, el sector p\u00fablico?<\/strong><\/em><\/p>\n<p>La <strong>Jornada \u00abEstrategias y desaf\u00edos en la construcci\u00f3n y urbanismo sustentable\u00bb<\/strong> -organizada por la ONG Acci\u00f3n Sustentable, la C\u00e1mara Empresaria de Desarrolladores Urbanos de la Rep\u00fablica Argentina (CEDU), el Consejo Profesional de Arquitectura y Urbanismo (CPAU) y la consultora Empat\u00eda Comunicaci\u00f3n- se llev\u00f3 a cabo esta ma\u00f1ana y convoc\u00f3 a m\u00e1s de 70 profesionales del sector de la construcci\u00f3n argentina, quienes donaron m\u00e1s de 700 \u00fatiles escolares para una escuela rural de Ober\u00e1, Misiones.<\/p>\n<div id='gallery-1' class='gallery galleryid-24925 gallery-columns-3 gallery-size-thumbnail'><figure class='gallery-item'>\n\t\t\t<div class='gallery-icon landscape'>\n\t\t\t\t<a href='https:\/\/www.arquimaster.com.ar\/web\/wp-content\/uploads\/2016\/10\/urbanismo_sustentable1.jpg' title=\"Urbanismo sustentable, un concepto ecol\u00f3gico pero tambi\u00e9n econ\u00f3mico y social (\u00a9 Daniel G\u00f3mez)\" data-rl_title=\"Urbanismo sustentable, un concepto ecol\u00f3gico pero tambi\u00e9n econ\u00f3mico y social (\u00a9 Daniel G\u00f3mez)\" class=\"rl-gallery-link\" data-rl_caption=\"Urbanismo sustentable, un concepto ecol\u00f3gico pero tambi\u00e9n econ\u00f3mico y social (\u00a9 Daniel G\u00f3mez)\" data-rel=\"lightbox-gallery-1\"><img loading=\"lazy\" decoding=\"async\" width=\"150\" height=\"150\" src=\"https:\/\/www.arquimaster.com.ar\/web\/wp-content\/uploads\/2016\/10\/urbanismo_sustentable1-150x150.jpg\" class=\"attachment-thumbnail size-thumbnail\" alt=\"\" aria-describedby=\"gallery-1-24928\" srcset=\"https:\/\/www.arquimaster.com.ar\/web\/wp-content\/uploads\/2016\/10\/urbanismo_sustentable1-150x150.jpg 150w, https:\/\/www.arquimaster.com.ar\/web\/wp-content\/uploads\/2016\/10\/urbanismo_sustentable1-50x50.jpg 50w, https:\/\/www.arquimaster.com.ar\/web\/wp-content\/uploads\/2016\/10\/urbanismo_sustentable1-125x125.jpg 125w\" sizes=\"auto, (max-width: 150px) 100vw, 150px\" \/><\/a>\n\t\t\t<\/div>\n\t\t\t\t<figcaption class='wp-caption-text gallery-caption' id='gallery-1-24928'>\n\t\t\t\tUrbanismo sustentable, un concepto ecol\u00f3gico pero tambi\u00e9n econ\u00f3mico y social (\u00a9 Daniel G\u00f3mez)\n\t\t\t\t<\/figcaption><\/figure><figure class='gallery-item'>\n\t\t\t<div class='gallery-icon landscape'>\n\t\t\t\t<a href='https:\/\/www.arquimaster.com.ar\/web\/wp-content\/uploads\/2016\/10\/urbanismo_sustentable2.jpg' title=\"Urbanismo sustentable, un concepto ecol\u00f3gico pero tambi\u00e9n econ\u00f3mico y social (\u00a9 Daniel G\u00f3mez)\" data-rl_title=\"Urbanismo sustentable, un concepto ecol\u00f3gico pero tambi\u00e9n econ\u00f3mico y social (\u00a9 Daniel G\u00f3mez)\" class=\"rl-gallery-link\" data-rl_caption=\"Urbanismo sustentable, un concepto ecol\u00f3gico pero tambi\u00e9n econ\u00f3mico y social (\u00a9 Daniel G\u00f3mez)\" data-rel=\"lightbox-gallery-1\"><img loading=\"lazy\" decoding=\"async\" width=\"150\" height=\"150\" src=\"https:\/\/www.arquimaster.com.ar\/web\/wp-content\/uploads\/2016\/10\/urbanismo_sustentable2-150x150.jpg\" class=\"attachment-thumbnail size-thumbnail\" alt=\"\" aria-describedby=\"gallery-1-24929\" srcset=\"https:\/\/www.arquimaster.com.ar\/web\/wp-content\/uploads\/2016\/10\/urbanismo_sustentable2-150x150.jpg 150w, https:\/\/www.arquimaster.com.ar\/web\/wp-content\/uploads\/2016\/10\/urbanismo_sustentable2-50x50.jpg 50w, https:\/\/www.arquimaster.com.ar\/web\/wp-content\/uploads\/2016\/10\/urbanismo_sustentable2-125x125.jpg 125w\" sizes=\"auto, (max-width: 150px) 100vw, 150px\" \/><\/a>\n\t\t\t<\/div>\n\t\t\t\t<figcaption class='wp-caption-text gallery-caption' id='gallery-1-24929'>\n\t\t\t\tUrbanismo sustentable, un concepto ecol\u00f3gico pero tambi\u00e9n econ\u00f3mico y social (\u00a9 Daniel G\u00f3mez)\n\t\t\t\t<\/figcaption><\/figure><figure class='gallery-item'>\n\t\t\t<div class='gallery-icon landscape'>\n\t\t\t\t<a href='https:\/\/www.arquimaster.com.ar\/web\/wp-content\/uploads\/2016\/10\/urbanismo_sustentable3.jpg' title=\"Urbanismo sustentable, un concepto ecol\u00f3gico pero tambi\u00e9n econ\u00f3mico y social (\u00a9 Daniel G\u00f3mez)\" data-rl_title=\"Urbanismo sustentable, un concepto ecol\u00f3gico pero tambi\u00e9n econ\u00f3mico y social (\u00a9 Daniel G\u00f3mez)\" class=\"rl-gallery-link\" data-rl_caption=\"Urbanismo sustentable, un concepto ecol\u00f3gico pero tambi\u00e9n econ\u00f3mico y social (\u00a9 Daniel G\u00f3mez)\" data-rel=\"lightbox-gallery-1\"><img loading=\"lazy\" decoding=\"async\" width=\"150\" height=\"150\" src=\"https:\/\/www.arquimaster.com.ar\/web\/wp-content\/uploads\/2016\/10\/urbanismo_sustentable3-150x150.jpg\" class=\"attachment-thumbnail size-thumbnail\" alt=\"\" aria-describedby=\"gallery-1-24930\" srcset=\"https:\/\/www.arquimaster.com.ar\/web\/wp-content\/uploads\/2016\/10\/urbanismo_sustentable3-150x150.jpg 150w, https:\/\/www.arquimaster.com.ar\/web\/wp-content\/uploads\/2016\/10\/urbanismo_sustentable3-50x50.jpg 50w, https:\/\/www.arquimaster.com.ar\/web\/wp-content\/uploads\/2016\/10\/urbanismo_sustentable3-125x125.jpg 125w\" sizes=\"auto, (max-width: 150px) 100vw, 150px\" \/><\/a>\n\t\t\t<\/div>\n\t\t\t\t<figcaption class='wp-caption-text gallery-caption' id='gallery-1-24930'>\n\t\t\t\tUrbanismo sustentable, un concepto ecol\u00f3gico pero tambi\u00e9n econ\u00f3mico y social (\u00a9 Daniel G\u00f3mez)\n\t\t\t\t<\/figcaption><\/figure><figure class='gallery-item'>\n\t\t\t<div class='gallery-icon landscape'>\n\t\t\t\t<a href='https:\/\/www.arquimaster.com.ar\/web\/wp-content\/uploads\/2016\/10\/urbanismo_sustentable4.jpg' title=\"Urbanismo sustentable, un concepto ecol\u00f3gico pero tambi\u00e9n econ\u00f3mico y social (\u00a9 Daniel G\u00f3mez)\" data-rl_title=\"Urbanismo sustentable, un concepto ecol\u00f3gico pero tambi\u00e9n econ\u00f3mico y social (\u00a9 Daniel G\u00f3mez)\" class=\"rl-gallery-link\" data-rl_caption=\"Urbanismo sustentable, un concepto ecol\u00f3gico pero tambi\u00e9n econ\u00f3mico y social (\u00a9 Daniel G\u00f3mez)\" data-rel=\"lightbox-gallery-1\"><img loading=\"lazy\" decoding=\"async\" width=\"150\" height=\"150\" src=\"https:\/\/www.arquimaster.com.ar\/web\/wp-content\/uploads\/2016\/10\/urbanismo_sustentable4-150x150.jpg\" class=\"attachment-thumbnail size-thumbnail\" alt=\"\" aria-describedby=\"gallery-1-24931\" srcset=\"https:\/\/www.arquimaster.com.ar\/web\/wp-content\/uploads\/2016\/10\/urbanismo_sustentable4-150x150.jpg 150w, https:\/\/www.arquimaster.com.ar\/web\/wp-content\/uploads\/2016\/10\/urbanismo_sustentable4-50x50.jpg 50w, https:\/\/www.arquimaster.com.ar\/web\/wp-content\/uploads\/2016\/10\/urbanismo_sustentable4-125x125.jpg 125w\" sizes=\"auto, (max-width: 150px) 100vw, 150px\" \/><\/a>\n\t\t\t<\/div>\n\t\t\t\t<figcaption class='wp-caption-text gallery-caption' id='gallery-1-24931'>\n\t\t\t\tUrbanismo sustentable, un concepto ecol\u00f3gico pero tambi\u00e9n econ\u00f3mico y social (\u00a9 Daniel G\u00f3mez)\n\t\t\t\t<\/figcaption><\/figure><figure class='gallery-item'>\n\t\t\t<div class='gallery-icon landscape'>\n\t\t\t\t<a href='https:\/\/www.arquimaster.com.ar\/web\/wp-content\/uploads\/2016\/10\/urbanismo_sustentable5.jpg' title=\"Urbanismo sustentable, un concepto ecol\u00f3gico pero tambi\u00e9n econ\u00f3mico y social (\u00a9 Daniel G\u00f3mez)\" data-rl_title=\"Urbanismo sustentable, un concepto ecol\u00f3gico pero tambi\u00e9n econ\u00f3mico y social (\u00a9 Daniel G\u00f3mez)\" class=\"rl-gallery-link\" data-rl_caption=\"Urbanismo sustentable, un concepto ecol\u00f3gico pero tambi\u00e9n econ\u00f3mico y social (\u00a9 Daniel G\u00f3mez)\" data-rel=\"lightbox-gallery-1\"><img loading=\"lazy\" decoding=\"async\" width=\"150\" height=\"150\" src=\"https:\/\/www.arquimaster.com.ar\/web\/wp-content\/uploads\/2016\/10\/urbanismo_sustentable5-150x150.jpg\" class=\"attachment-thumbnail size-thumbnail\" alt=\"\" aria-describedby=\"gallery-1-24932\" srcset=\"https:\/\/www.arquimaster.com.ar\/web\/wp-content\/uploads\/2016\/10\/urbanismo_sustentable5-150x150.jpg 150w, https:\/\/www.arquimaster.com.ar\/web\/wp-content\/uploads\/2016\/10\/urbanismo_sustentable5-50x50.jpg 50w, https:\/\/www.arquimaster.com.ar\/web\/wp-content\/uploads\/2016\/10\/urbanismo_sustentable5-125x125.jpg 125w\" sizes=\"auto, (max-width: 150px) 100vw, 150px\" \/><\/a>\n\t\t\t<\/div>\n\t\t\t\t<figcaption class='wp-caption-text gallery-caption' id='gallery-1-24932'>\n\t\t\t\tUrbanismo sustentable, un concepto ecol\u00f3gico pero tambi\u00e9n econ\u00f3mico y social (\u00a9 Daniel G\u00f3mez)\n\t\t\t\t<\/figcaption><\/figure><figure class='gallery-item'>\n\t\t\t<div class='gallery-icon landscape'>\n\t\t\t\t<a href='https:\/\/www.arquimaster.com.ar\/web\/wp-content\/uploads\/2016\/10\/urbanismo_sustentable6.jpg' title=\"Urbanismo sustentable, un concepto ecol\u00f3gico pero tambi\u00e9n econ\u00f3mico y social (\u00a9 Daniel G\u00f3mez)\" data-rl_title=\"Urbanismo sustentable, un concepto ecol\u00f3gico pero tambi\u00e9n econ\u00f3mico y social (\u00a9 Daniel G\u00f3mez)\" class=\"rl-gallery-link\" data-rl_caption=\"Urbanismo sustentable, un concepto ecol\u00f3gico pero tambi\u00e9n econ\u00f3mico y social (\u00a9 Daniel G\u00f3mez)\" data-rel=\"lightbox-gallery-1\"><img loading=\"lazy\" decoding=\"async\" width=\"150\" height=\"150\" src=\"https:\/\/www.arquimaster.com.ar\/web\/wp-content\/uploads\/2016\/10\/urbanismo_sustentable6-150x150.jpg\" class=\"attachment-thumbnail size-thumbnail\" alt=\"\" aria-describedby=\"gallery-1-24933\" srcset=\"https:\/\/www.arquimaster.com.ar\/web\/wp-content\/uploads\/2016\/10\/urbanismo_sustentable6-150x150.jpg 150w, https:\/\/www.arquimaster.com.ar\/web\/wp-content\/uploads\/2016\/10\/urbanismo_sustentable6-50x50.jpg 50w, https:\/\/www.arquimaster.com.ar\/web\/wp-content\/uploads\/2016\/10\/urbanismo_sustentable6-125x125.jpg 125w\" sizes=\"auto, (max-width: 150px) 100vw, 150px\" \/><\/a>\n\t\t\t<\/div>\n\t\t\t\t<figcaption class='wp-caption-text gallery-caption' id='gallery-1-24933'>\n\t\t\t\tUrbanismo sustentable, un concepto ecol\u00f3gico pero tambi\u00e9n econ\u00f3mico y social (\u00a9 Daniel G\u00f3mez)\n\t\t\t\t<\/figcaption><\/figure>\n\t\t<\/div>\n\n<p>Con el objetivo de presentar soluciones y casos de \u00e9xito en la fuerte tendencia del urbanismo sustentable, diferentes de las empresas m\u00e1s destacadas del sector exhibieron sus soluciones, dos arquitectos de obras certificadas relataron sus experiencias y representantes del sector p\u00fablico porte\u00f1o y nacional describieron sus actuales proyectos.<\/p>\n<p>El panel 1, titulado <strong>\u00abTecnolog\u00edas aplicadas a la construcci\u00f3n sustentable\u00bb<\/strong>, present\u00f3 diferentes soluciones innovadoras en el mercado de los materiales para la construcci\u00f3n. Carolina Mar\u00eda Lombardi, responsable de Comunicaci\u00f3n de <strong>Velux Argentina<\/strong>, present\u00f3 las aberturas para techos que buscan aprovechar la luz natural para ahorrar energ\u00eda el\u00e9ctrica, que aportan confort lum\u00ednico, buen clima interior y temperaturas moderadas.<\/p>\n<p>Luego, Omar Eidelstein, vicepresidente de <strong>Sipanel<\/strong>, introdujo este sistema constructivo en seco que logra con paneles de 50 mm la misma aislaci\u00f3n t\u00e9rmica que 5 metros de hormig\u00f3n, alcanzando un alto ahorro energ\u00e9tico en pleno contexto de aumento de tarifas.<\/p>\n<p>Para cerrar el primer apartado y en l\u00ednea con su colega, Constanza Meitland Heriot, business development manager de <strong>Dow Argentina<\/strong>, describi\u00f3 los aislantes de poliuretano que produce la firma para la fabricaci\u00f3n de los paneles Sipanel. \u00bfCu\u00e1les son sus ventajas en comparaci\u00f3n con la construcci\u00f3n tradicional? La obra tiene una duraci\u00f3n de 45 d\u00edas, en vez de 180, desecha s\u00f3lo 5 contenedores de residuos, en vez de 21, no consume agua, en vez de gastar 650 litros por metro cuadrado, y consume un tercio de gas y electricidad.<\/p>\n<p>Durante el segundo panel, llamado <strong>\u00abExperiencias de profesionales a cargo de proyectos sustentables\u00bb<\/strong>, dos arquitectos compartieron sus buenas pr\u00e1cticas en relaci\u00f3n a proyectos llevados adelante en el pa\u00eds con una visi\u00f3n y misi\u00f3n ecol\u00f3gica y saludable.<\/p>\n<p>Guillermo Bruzini, asesor LEED de <strong>Vizora<\/strong> en la obra en curso del Banco Macro, cont\u00f3 las principales ventajas del emprendimiento en cuanto a su rendimiento sustentable. Pablo Swiecicki, director general del estudio <strong>ESARQ<\/strong>, realiz\u00f3 un repaso acerca de las principales obras ecofriendly de la firma.<\/p>\n<p>El \u00faltimo panel fue, seg\u00fan varios asistentes, el m\u00e1s inspirador. Definido<strong> \u00abDesaf\u00edos del sector p\u00fablico en el desarrollo urbano sostenible\u00bb<\/strong>, fue aquel destinado al sector p\u00fablico. Se presentaron la licenciada Graciela Carlevarino, presidente de la <strong>Fundaci\u00f3n Vivienda Digna<\/strong> y los arquitectos Luis Grad\u00edn, director general de <strong>Obras e Infraestructura del Gobierno de la Ciudad de Buenos Aires<\/strong>, y Alejandro Bottoli, director de <strong>Tecnolog\u00eda y Producci\u00f3n de la Direcci\u00f3n Nacional de Desarrollo Urbano<\/strong>.<\/p>\n<p>Por su parte, Carlevarino hizo hincapi\u00e9 en la importancia de abordar la sustentabilidad desde una actitud inclusiva que contemple no s\u00f3lo al medio ambiente sino tambi\u00e9n a la econom\u00eda y a la sociedad, buscando superar el creciente proceso de segregaci\u00f3n socio-espacial.<\/p>\n<p>En este sentido, propuso:<em> \u00abLa configuraci\u00f3n urbana debe darse a trav\u00e9s de la construcci\u00f3n de una ciudad inclusiva que permita vivir dignamente, reconocerse como parte de ella y que garantice una distribuci\u00f3n equitativa de los recursos b\u00e1sicos de los derechos humanos: salud, educaci\u00f3n, vivienda y participaci\u00f3n\u00bb<\/em>.<\/p>\n<p>Luego, Bottoli present\u00f3 las Pol\u00edticas de Desarrollo Urbano 2015-2019 de la<strong> Secretar\u00eda de Vivienda y H\u00e1bitat del Gobierno Nacional<\/strong>. <em>\u00abLa ciudad que queremos es aquella que tenga los barrios integrados, que est\u00e9 conectada a trav\u00e9s del sistema de transporte p\u00fablico y tenga acceso al empleo, salud, educaci\u00f3n, cultura y espacios p\u00fablicos\u00bb<\/em>, describi\u00f3.<\/p>\n<p>Adem\u00e1s, afirm\u00f3 que el objetivo de la gesti\u00f3n actual es desarrollar proyectos de vivienda enmarcados en planes urbanos integrales que contemplen el suelo, el cr\u00e9dito, la articulaci\u00f3n p\u00fablico-privada y la regularizaci\u00f3n. Por \u00faltimo, comparti\u00f3 la planilla para evaluaci\u00f3n de aptitud urban\u00edstica, herramienta de evaluaci\u00f3n de proyectos urbanos de vivienda social.<\/p>\n<p>Por \u00faltimo, Grad\u00edn present\u00f3 la desafiante tarea que hoy tiene a cargo: la urbanizaci\u00f3n de la Villa 31 y 31 bis o, como \u00e9l prefiere nombrarlo, del Barrio 31. El proyecto se llama \u00abTreinta y Todos\u00bb y busca alcanzar la integraci\u00f3n social y urbana en este precio de 32 hect\u00e1reas que, en sus 10.076 viviendas alberga 43.190 habitantes.<\/p>\n<p>Para esto, mejorar\u00e1n las condiciones de habitabilidad, perfeccionando las viviendas existentes y construyendo nuevas, construir\u00e1n una nueva sede del Ministerio de Educaci\u00f3n, as\u00ed como 6 entidades educativas, pondr\u00e1n en valor 900 comercios y 350 puestos de feria de la zona, y llevar\u00e1n adelante un plan de infraestructura que prev\u00e9 la instalaci\u00f3n de pavimento, cloacas, pluviales, agua potable, luminarias, cables de servicio y espacios verdes nuevos.<\/p>\n\n<div style=\"font-size: 0px; height: 0px; line-height: 0px; margin: 0; padding: 0; clear: both;\"><\/div><div style=\"margin-top: 0px; margin-bottom: 0px;\" class=\"sharethis-inline-share-buttons\" ><\/div>","protected":false},"excerpt":{"rendered":"<p>\u00bfCu\u00e1les son los principales desaf\u00edos en materia de construcci\u00f3n sustentable?<\/p>\n","protected":false},"author":1,"featured_media":24927,"comment_status":"closed","ping_status":"closed","sticky":false,"template":"","format":"standard","meta":{"_uag_custom_page_level_css":"","footnotes":""},"categories":[70,68],"tags":[316,3586],"class_list":["post-24925","post","type-post","status-publish","format-standard","has-post-thumbnail","hentry","category-noticias-arquitectura","category-novedades","tag-construccion-sustentable","tag-urbanismo-sustentable","generate-columns","tablet-grid-50","mobile-grid-100","grid-parent","grid-50"],"yoast_head":"<!-- This site is optimized with the Yoast SEO plugin v27.3 - https:\/\/yoast.com\/product\/yoast-seo-wordpress\/ -->\n<title>Urbanismo sustentable, un concepto ecol\u00f3gico pero tambi\u00e9n econ\u00f3mico y social - Arquimaster<\/title>\n<meta name=\"robots\" content=\"index, follow, max-snippet:-1, max-image-preview:large, max-video-preview:-1\" \/>\n<link rel=\"canonical\" href=\"https:\/\/www.arquimaster.com.ar\/web\/urbanismo-sustentable-un-concepto-ecologico-pero-tambien-economico-y-social\/\" \/>\n<meta property=\"og:locale\" content=\"es_ES\" \/>\n<meta property=\"og:type\" content=\"article\" \/>\n<meta property=\"og:title\" content=\"Urbanismo sustentable, un concepto ecol\u00f3gico pero tambi\u00e9n econ\u00f3mico y social - Arquimaster\" \/>\n<meta property=\"og:description\" content=\"\u00bfCu\u00e1les son los principales desaf\u00edos en materia de construcci\u00f3n sustentable?\" \/>\n<meta property=\"og:url\" content=\"https:\/\/www.arquimaster.com.ar\/web\/urbanismo-sustentable-un-concepto-ecologico-pero-tambien-economico-y-social\/\" \/>\n<meta property=\"og:site_name\" content=\"Arquimaster\" \/>\n<meta property=\"article:publisher\" content=\"http:\/\/www.facebook.com\/ARQUIMASTER.com.ar\" \/>\n<meta property=\"article:published_time\" content=\"2016-10-19T02:36:01+00:00\" \/>\n<meta property=\"article:modified_time\" content=\"2016-12-19T02:46:07+00:00\" \/>\n<meta property=\"og:image\" content=\"https:\/\/www.arquimaster.com.ar\/web\/wp-content\/uploads\/2016\/10\/urbanismo_sustentable_slide.jpg\" \/>\n\t<meta property=\"og:image:width\" content=\"642\" \/>\n\t<meta property=\"og:image:height\" content=\"336\" \/>\n\t<meta property=\"og:image:type\" content=\"image\/jpeg\" \/>\n<meta name=\"author\" content=\"Arquimaster\" \/>\n<meta name=\"twitter:card\" content=\"summary_large_image\" \/>\n<meta name=\"twitter:creator\" content=\"@arquimaster\" \/>\n<meta name=\"twitter:site\" content=\"@arquimaster\" \/>\n<meta name=\"twitter:label1\" content=\"Escrito por\" \/>\n\t<meta name=\"twitter:data1\" content=\"Arquimaster\" \/>\n\t<meta name=\"twitter:label2\" content=\"Tiempo de lectura\" \/>\n\t<meta name=\"twitter:data2\" content=\"4 minutos\" \/>\n<script type=\"application\/ld+json\" class=\"yoast-schema-graph\">{\"@context\":\"https:\\\/\\\/schema.org\",\"@graph\":[{\"@type\":\"Article\",\"@id\":\"https:\\\/\\\/www.arquimaster.com.ar\\\/web\\\/urbanismo-sustentable-un-concepto-ecologico-pero-tambien-economico-y-social\\\/#article\",\"isPartOf\":{\"@id\":\"https:\\\/\\\/www.arquimaster.com.ar\\\/web\\\/urbanismo-sustentable-un-concepto-ecologico-pero-tambien-economico-y-social\\\/\"},\"author\":{\"name\":\"Arquimaster\",\"@id\":\"https:\\\/\\\/www.arquimaster.com.ar\\\/web\\\/#\\\/schema\\\/person\\\/359e9f7c00193fcde068e0dd2ceb0028\"},\"headline\":\"Urbanismo sustentable, un concepto ecol\u00f3gico pero tambi\u00e9n econ\u00f3mico y social\",\"datePublished\":\"2016-10-19T02:36:01+00:00\",\"dateModified\":\"2016-12-19T02:46:07+00:00\",\"mainEntityOfPage\":{\"@id\":\"https:\\\/\\\/www.arquimaster.com.ar\\\/web\\\/urbanismo-sustentable-un-concepto-ecologico-pero-tambien-economico-y-social\\\/\"},\"wordCount\":888,\"publisher\":{\"@id\":\"https:\\\/\\\/www.arquimaster.com.ar\\\/web\\\/#organization\"},\"image\":{\"@id\":\"https:\\\/\\\/www.arquimaster.com.ar\\\/web\\\/urbanismo-sustentable-un-concepto-ecologico-pero-tambien-economico-y-social\\\/#primaryimage\"},\"thumbnailUrl\":\"https:\\\/\\\/www.arquimaster.com.ar\\\/web\\\/wp-content\\\/uploads\\\/2016\\\/10\\\/urbanismo_sustentable_slide.jpg\",\"keywords\":[\"construcci\u00f3n sustentable\",\"urbanismo sustentable\"],\"articleSection\":[\"Noticias de arquitectura y dise\u00f1o\",\"Novedades\"],\"inLanguage\":\"es\"},{\"@type\":\"WebPage\",\"@id\":\"https:\\\/\\\/www.arquimaster.com.ar\\\/web\\\/urbanismo-sustentable-un-concepto-ecologico-pero-tambien-economico-y-social\\\/\",\"url\":\"https:\\\/\\\/www.arquimaster.com.ar\\\/web\\\/urbanismo-sustentable-un-concepto-ecologico-pero-tambien-economico-y-social\\\/\",\"name\":\"Urbanismo sustentable, un concepto ecol\u00f3gico pero tambi\u00e9n econ\u00f3mico y social - Arquimaster\",\"isPartOf\":{\"@id\":\"https:\\\/\\\/www.arquimaster.com.ar\\\/web\\\/#website\"},\"primaryImageOfPage\":{\"@id\":\"https:\\\/\\\/www.arquimaster.com.ar\\\/web\\\/urbanismo-sustentable-un-concepto-ecologico-pero-tambien-economico-y-social\\\/#primaryimage\"},\"image\":{\"@id\":\"https:\\\/\\\/www.arquimaster.com.ar\\\/web\\\/urbanismo-sustentable-un-concepto-ecologico-pero-tambien-economico-y-social\\\/#primaryimage\"},\"thumbnailUrl\":\"https:\\\/\\\/www.arquimaster.com.ar\\\/web\\\/wp-content\\\/uploads\\\/2016\\\/10\\\/urbanismo_sustentable_slide.jpg\",\"datePublished\":\"2016-10-19T02:36:01+00:00\",\"dateModified\":\"2016-12-19T02:46:07+00:00\",\"breadcrumb\":{\"@id\":\"https:\\\/\\\/www.arquimaster.com.ar\\\/web\\\/urbanismo-sustentable-un-concepto-ecologico-pero-tambien-economico-y-social\\\/#breadcrumb\"},\"inLanguage\":\"es\",\"potentialAction\":[{\"@type\":\"ReadAction\",\"target\":[\"https:\\\/\\\/www.arquimaster.com.ar\\\/web\\\/urbanismo-sustentable-un-concepto-ecologico-pero-tambien-economico-y-social\\\/\"]}]},{\"@type\":\"ImageObject\",\"inLanguage\":\"es\",\"@id\":\"https:\\\/\\\/www.arquimaster.com.ar\\\/web\\\/urbanismo-sustentable-un-concepto-ecologico-pero-tambien-economico-y-social\\\/#primaryimage\",\"url\":\"https:\\\/\\\/www.arquimaster.com.ar\\\/web\\\/wp-content\\\/uploads\\\/2016\\\/10\\\/urbanismo_sustentable_slide.jpg\",\"contentUrl\":\"https:\\\/\\\/www.arquimaster.com.ar\\\/web\\\/wp-content\\\/uploads\\\/2016\\\/10\\\/urbanismo_sustentable_slide.jpg\",\"width\":642,\"height\":336},{\"@type\":\"BreadcrumbList\",\"@id\":\"https:\\\/\\\/www.arquimaster.com.ar\\\/web\\\/urbanismo-sustentable-un-concepto-ecologico-pero-tambien-economico-y-social\\\/#breadcrumb\",\"itemListElement\":[{\"@type\":\"ListItem\",\"position\":1,\"name\":\"Portada\",\"item\":\"https:\\\/\\\/www.arquimaster.com.ar\\\/web\\\/\"},{\"@type\":\"ListItem\",\"position\":2,\"name\":\"Urbanismo sustentable, un concepto ecol\u00f3gico pero tambi\u00e9n econ\u00f3mico y social\"}]},{\"@type\":\"WebSite\",\"@id\":\"https:\\\/\\\/www.arquimaster.com.ar\\\/web\\\/#website\",\"url\":\"https:\\\/\\\/www.arquimaster.com.ar\\\/web\\\/\",\"name\":\"Arquimaster\",\"description\":\"Web de arquitectura, dise\u00f1o y construccion\",\"publisher\":{\"@id\":\"https:\\\/\\\/www.arquimaster.com.ar\\\/web\\\/#organization\"},\"potentialAction\":[{\"@type\":\"SearchAction\",\"target\":{\"@type\":\"EntryPoint\",\"urlTemplate\":\"https:\\\/\\\/www.arquimaster.com.ar\\\/web\\\/?s={search_term_string}\"},\"query-input\":{\"@type\":\"PropertyValueSpecification\",\"valueRequired\":true,\"valueName\":\"search_term_string\"}}],\"inLanguage\":\"es\"},{\"@type\":\"Organization\",\"@id\":\"https:\\\/\\\/www.arquimaster.com.ar\\\/web\\\/#organization\",\"name\":\"Arquimaster\",\"url\":\"https:\\\/\\\/www.arquimaster.com.ar\\\/web\\\/\",\"logo\":{\"@type\":\"ImageObject\",\"inLanguage\":\"es\",\"@id\":\"https:\\\/\\\/www.arquimaster.com.ar\\\/web\\\/#\\\/schema\\\/logo\\\/image\\\/\",\"url\":\"https:\\\/\\\/www.arquimaster.com.ar\\\/web\\\/wp-content\\\/uploads\\\/2022\\\/06\\\/arquimaster.png\",\"contentUrl\":\"https:\\\/\\\/www.arquimaster.com.ar\\\/web\\\/wp-content\\\/uploads\\\/2022\\\/06\\\/arquimaster.png\",\"width\":594,\"height\":78,\"caption\":\"Arquimaster\"},\"image\":{\"@id\":\"https:\\\/\\\/www.arquimaster.com.ar\\\/web\\\/#\\\/schema\\\/logo\\\/image\\\/\"},\"sameAs\":[\"http:\\\/\\\/www.facebook.com\\\/ARQUIMASTER.com.ar\",\"https:\\\/\\\/x.com\\\/arquimaster\",\"https:\\\/\\\/www.instagram.com\\\/arquimasterblog\\\/\",\"https:\\\/\\\/www.linkedin.com\\\/company\\\/arquimaster\",\"https:\\\/\\\/www.pinterest.com\\\/arquimaster\",\"https:\\\/\\\/t.me\\\/arquimaster\"]},{\"@type\":\"Person\",\"@id\":\"https:\\\/\\\/www.arquimaster.com.ar\\\/web\\\/#\\\/schema\\\/person\\\/359e9f7c00193fcde068e0dd2ceb0028\",\"name\":\"Arquimaster\"}]}<\/script>\n<!-- \/ Yoast SEO plugin. -->","yoast_head_json":{"title":"Urbanismo sustentable, un concepto ecol\u00f3gico pero tambi\u00e9n econ\u00f3mico y social - Arquimaster","robots":{"index":"index","follow":"follow","max-snippet":"max-snippet:-1","max-image-preview":"max-image-preview:large","max-video-preview":"max-video-preview:-1"},"canonical":"https:\/\/www.arquimaster.com.ar\/web\/urbanismo-sustentable-un-concepto-ecologico-pero-tambien-economico-y-social\/","og_locale":"es_ES","og_type":"article","og_title":"Urbanismo sustentable, un concepto ecol\u00f3gico pero tambi\u00e9n econ\u00f3mico y social - Arquimaster","og_description":"\u00bfCu\u00e1les son los principales desaf\u00edos en materia de construcci\u00f3n sustentable?","og_url":"https:\/\/www.arquimaster.com.ar\/web\/urbanismo-sustentable-un-concepto-ecologico-pero-tambien-economico-y-social\/","og_site_name":"Arquimaster","article_publisher":"http:\/\/www.facebook.com\/ARQUIMASTER.com.ar","article_published_time":"2016-10-19T02:36:01+00:00","article_modified_time":"2016-12-19T02:46:07+00:00","og_image":[{"width":642,"height":336,"url":"https:\/\/www.arquimaster.com.ar\/web\/wp-content\/uploads\/2016\/10\/urbanismo_sustentable_slide.jpg","type":"image\/jpeg"}],"author":"Arquimaster","twitter_card":"summary_large_image","twitter_creator":"@arquimaster","twitter_site":"@arquimaster","twitter_misc":{"Escrito por":"Arquimaster","Tiempo de lectura":"4 minutos"},"schema":{"@context":"https:\/\/schema.org","@graph":[{"@type":"Article","@id":"https:\/\/www.arquimaster.com.ar\/web\/urbanismo-sustentable-un-concepto-ecologico-pero-tambien-economico-y-social\/#article","isPartOf":{"@id":"https:\/\/www.arquimaster.com.ar\/web\/urbanismo-sustentable-un-concepto-ecologico-pero-tambien-economico-y-social\/"},"author":{"name":"Arquimaster","@id":"https:\/\/www.arquimaster.com.ar\/web\/#\/schema\/person\/359e9f7c00193fcde068e0dd2ceb0028"},"headline":"Urbanismo sustentable, un concepto ecol\u00f3gico pero tambi\u00e9n econ\u00f3mico y social","datePublished":"2016-10-19T02:36:01+00:00","dateModified":"2016-12-19T02:46:07+00:00","mainEntityOfPage":{"@id":"https:\/\/www.arquimaster.com.ar\/web\/urbanismo-sustentable-un-concepto-ecologico-pero-tambien-economico-y-social\/"},"wordCount":888,"publisher":{"@id":"https:\/\/www.arquimaster.com.ar\/web\/#organization"},"image":{"@id":"https:\/\/www.arquimaster.com.ar\/web\/urbanismo-sustentable-un-concepto-ecologico-pero-tambien-economico-y-social\/#primaryimage"},"thumbnailUrl":"https:\/\/www.arquimaster.com.ar\/web\/wp-content\/uploads\/2016\/10\/urbanismo_sustentable_slide.jpg","keywords":["construcci\u00f3n sustentable","urbanismo sustentable"],"articleSection":["Noticias de arquitectura y dise\u00f1o","Novedades"],"inLanguage":"es"},{"@type":"WebPage","@id":"https:\/\/www.arquimaster.com.ar\/web\/urbanismo-sustentable-un-concepto-ecologico-pero-tambien-economico-y-social\/","url":"https:\/\/www.arquimaster.com.ar\/web\/urbanismo-sustentable-un-concepto-ecologico-pero-tambien-economico-y-social\/","name":"Urbanismo sustentable, un concepto ecol\u00f3gico pero tambi\u00e9n econ\u00f3mico y social - Arquimaster","isPartOf":{"@id":"https:\/\/www.arquimaster.com.ar\/web\/#website"},"primaryImageOfPage":{"@id":"https:\/\/www.arquimaster.com.ar\/web\/urbanismo-sustentable-un-concepto-ecologico-pero-tambien-economico-y-social\/#primaryimage"},"image":{"@id":"https:\/\/www.arquimaster.com.ar\/web\/urbanismo-sustentable-un-concepto-ecologico-pero-tambien-economico-y-social\/#primaryimage"},"thumbnailUrl":"https:\/\/www.arquimaster.com.ar\/web\/wp-content\/uploads\/2016\/10\/urbanismo_sustentable_slide.jpg","datePublished":"2016-10-19T02:36:01+00:00","dateModified":"2016-12-19T02:46:07+00:00","breadcrumb":{"@id":"https:\/\/www.arquimaster.com.ar\/web\/urbanismo-sustentable-un-concepto-ecologico-pero-tambien-economico-y-social\/#breadcrumb"},"inLanguage":"es","potentialAction":[{"@type":"ReadAction","target":["https:\/\/www.arquimaster.com.ar\/web\/urbanismo-sustentable-un-concepto-ecologico-pero-tambien-economico-y-social\/"]}]},{"@type":"ImageObject","inLanguage":"es","@id":"https:\/\/www.arquimaster.com.ar\/web\/urbanismo-sustentable-un-concepto-ecologico-pero-tambien-economico-y-social\/#primaryimage","url":"https:\/\/www.arquimaster.com.ar\/web\/wp-content\/uploads\/2016\/10\/urbanismo_sustentable_slide.jpg","contentUrl":"https:\/\/www.arquimaster.com.ar\/web\/wp-content\/uploads\/2016\/10\/urbanismo_sustentable_slide.jpg","width":642,"height":336},{"@type":"BreadcrumbList","@id":"https:\/\/www.arquimaster.com.ar\/web\/urbanismo-sustentable-un-concepto-ecologico-pero-tambien-economico-y-social\/#breadcrumb","itemListElement":[{"@type":"ListItem","position":1,"name":"Portada","item":"https:\/\/www.arquimaster.com.ar\/web\/"},{"@type":"ListItem","position":2,"name":"Urbanismo sustentable, un concepto ecol\u00f3gico pero tambi\u00e9n econ\u00f3mico y social"}]},{"@type":"WebSite","@id":"https:\/\/www.arquimaster.com.ar\/web\/#website","url":"https:\/\/www.arquimaster.com.ar\/web\/","name":"Arquimaster","description":"Web de arquitectura, dise\u00f1o y construccion","publisher":{"@id":"https:\/\/www.arquimaster.com.ar\/web\/#organization"},"potentialAction":[{"@type":"SearchAction","target":{"@type":"EntryPoint","urlTemplate":"https:\/\/www.arquimaster.com.ar\/web\/?s={search_term_string}"},"query-input":{"@type":"PropertyValueSpecification","valueRequired":true,"valueName":"search_term_string"}}],"inLanguage":"es"},{"@type":"Organization","@id":"https:\/\/www.arquimaster.com.ar\/web\/#organization","name":"Arquimaster","url":"https:\/\/www.arquimaster.com.ar\/web\/","logo":{"@type":"ImageObject","inLanguage":"es","@id":"https:\/\/www.arquimaster.com.ar\/web\/#\/schema\/logo\/image\/","url":"https:\/\/www.arquimaster.com.ar\/web\/wp-content\/uploads\/2022\/06\/arquimaster.png","contentUrl":"https:\/\/www.arquimaster.com.ar\/web\/wp-content\/uploads\/2022\/06\/arquimaster.png","width":594,"height":78,"caption":"Arquimaster"},"image":{"@id":"https:\/\/www.arquimaster.com.ar\/web\/#\/schema\/logo\/image\/"},"sameAs":["http:\/\/www.facebook.com\/ARQUIMASTER.com.ar","https:\/\/x.com\/arquimaster","https:\/\/www.instagram.com\/arquimasterblog\/","https:\/\/www.linkedin.com\/company\/arquimaster","https:\/\/www.pinterest.com\/arquimaster","https:\/\/t.me\/arquimaster"]},{"@type":"Person","@id":"https:\/\/www.arquimaster.com.ar\/web\/#\/schema\/person\/359e9f7c00193fcde068e0dd2ceb0028","name":"Arquimaster"}]}},"uagb_featured_image_src":{"full":["https:\/\/www.arquimaster.com.ar\/web\/wp-content\/uploads\/2016\/10\/urbanismo_sustentable_slide.jpg",642,336,false],"thumbnail":["https:\/\/www.arquimaster.com.ar\/web\/wp-content\/uploads\/2016\/10\/urbanismo_sustentable_slide-150x150.jpg",150,150,true],"medium":["https:\/\/www.arquimaster.com.ar\/web\/wp-content\/uploads\/2016\/10\/urbanismo_sustentable_slide.jpg",642,336,false],"medium_large":["https:\/\/www.arquimaster.com.ar\/web\/wp-content\/uploads\/2016\/10\/urbanismo_sustentable_slide.jpg",642,336,false],"large":["https:\/\/www.arquimaster.com.ar\/web\/wp-content\/uploads\/2016\/10\/urbanismo_sustentable_slide.jpg",642,336,false],"1536x1536":["https:\/\/www.arquimaster.com.ar\/web\/wp-content\/uploads\/2016\/10\/urbanismo_sustentable_slide.jpg",642,336,false],"2048x2048":["https:\/\/www.arquimaster.com.ar\/web\/wp-content\/uploads\/2016\/10\/urbanismo_sustentable_slide.jpg",642,336,false]},"uagb_author_info":{"display_name":"Arquimaster","author_link":"https:\/\/www.arquimaster.com.ar\/web\/author\/arquimaster\/"},"uagb_comment_info":0,"uagb_excerpt":"\u00bfCu\u00e1les son los principales desaf\u00edos en materia de construcci\u00f3n sustentable?","_links":{"self":[{"href":"https:\/\/www.arquimaster.com.ar\/web\/wp-json\/wp\/v2\/posts\/24925","targetHints":{"allow":["GET"]}}],"collection":[{"href":"https:\/\/www.arquimaster.com.ar\/web\/wp-json\/wp\/v2\/posts"}],"about":[{"href":"https:\/\/www.arquimaster.com.ar\/web\/wp-json\/wp\/v2\/types\/post"}],"author":[{"embeddable":true,"href":"https:\/\/www.arquimaster.com.ar\/web\/wp-json\/wp\/v2\/users\/1"}],"replies":[{"embeddable":true,"href":"https:\/\/www.arquimaster.com.ar\/web\/wp-json\/wp\/v2\/comments?post=24925"}],"version-history":[{"count":0,"href":"https:\/\/www.arquimaster.com.ar\/web\/wp-json\/wp\/v2\/posts\/24925\/revisions"}],"wp:featuredmedia":[{"embeddable":true,"href":"https:\/\/www.arquimaster.com.ar\/web\/wp-json\/wp\/v2\/media\/24927"}],"wp:attachment":[{"href":"https:\/\/www.arquimaster.com.ar\/web\/wp-json\/wp\/v2\/media?parent=24925"}],"wp:term":[{"taxonomy":"category","embeddable":true,"href":"https:\/\/www.arquimaster.com.ar\/web\/wp-json\/wp\/v2\/categories?post=24925"},{"taxonomy":"post_tag","embeddable":true,"href":"https:\/\/www.arquimaster.com.ar\/web\/wp-json\/wp\/v2\/tags?post=24925"}],"curies":[{"name":"wp","href":"https:\/\/api.w.org\/{rel}","templated":true}]}}