{"id":24939,"date":"2016-11-05T04:08:04","date_gmt":"2016-11-05T04:08:04","guid":{"rendered":"http:\/\/www.arquimaster.com.ar\/web\/?p=24939"},"modified":"2026-03-15T15:15:15","modified_gmt":"2026-03-15T18:15:15","slug":"la-energia-mas-sustentable-es-la-que-no-se-usa","status":"publish","type":"post","link":"https:\/\/www.arquimaster.com.ar\/web\/la-energia-mas-sustentable-es-la-que-no-se-usa\/","title":{"rendered":"La energ\u00eda m\u00e1s sustentable es la que no se usa"},"content":{"rendered":"<div style=\"margin-top: 0px; margin-bottom: 0px;\" class=\"sharethis-inline-share-buttons\" ><\/div><div class=\"b812932af2e751442846f039925109de\" data-index=\"1\" style=\"float: none; margin:25px 0 25px 0; text-align:center;\">\n<script async src=\"https:\/\/pagead2.googlesyndication.com\/pagead\/js\/adsbygoogle.js\"><\/script>\r\n<!-- Arquimaster (superior) -->\r\n<ins class=\"adsbygoogle\"\r\n     style=\"display:block\"\r\n     data-ad-client=\"ca-pub-6351072698456832\"\r\n     data-ad-slot=\"6455489680\"\r\n     data-ad-format=\"auto\"\r\n     data-full-width-responsive=\"true\"><\/ins>\r\n<script>\r\n     (adsbygoogle = window.adsbygoogle || []).push({});\r\n<\/script>\n<\/div>\n<p><em><strong>M\u00e1s de cien personas concurrieron a la jornada sobre eficiencia energ\u00e9tica en la construcci\u00f3n. Especialistas en aislaci\u00f3n t\u00e9rmica y construcci\u00f3n sustentable discutieron los desaf\u00edos actuales y presentaron sus soluciones.<\/strong><\/em><\/p>\n<div id='gallery-1' class='gallery galleryid-24939 gallery-columns-3 gallery-size-thumbnail'><figure class='gallery-item'>\n\t\t\t<div class='gallery-icon landscape'>\n\t\t\t\t<a href='https:\/\/www.arquimaster.com.ar\/web\/wp-content\/uploads\/2016\/11\/energia_sustentable1.jpg' title=\"La energ\u00eda m\u00e1s sustentable es la que no se usa\" data-rl_title=\"La energ\u00eda m\u00e1s sustentable es la que no se usa\" class=\"rl-gallery-link\" data-rl_caption=\"La energ\u00eda m\u00e1s sustentable es la que no se usa\" data-rel=\"lightbox-gallery-1\"><img loading=\"lazy\" decoding=\"async\" width=\"150\" height=\"150\" src=\"https:\/\/www.arquimaster.com.ar\/web\/wp-content\/uploads\/2016\/11\/energia_sustentable1-150x150.jpg\" class=\"attachment-thumbnail size-thumbnail\" alt=\"\" aria-describedby=\"gallery-1-24942\" srcset=\"https:\/\/www.arquimaster.com.ar\/web\/wp-content\/uploads\/2016\/11\/energia_sustentable1-150x150.jpg 150w, https:\/\/www.arquimaster.com.ar\/web\/wp-content\/uploads\/2016\/11\/energia_sustentable1-50x50.jpg 50w, https:\/\/www.arquimaster.com.ar\/web\/wp-content\/uploads\/2016\/11\/energia_sustentable1-125x125.jpg 125w\" sizes=\"auto, (max-width: 150px) 100vw, 150px\" \/><\/a>\n\t\t\t<\/div>\n\t\t\t\t<figcaption class='wp-caption-text gallery-caption' id='gallery-1-24942'>\n\t\t\t\tLa energ\u00eda m\u00e1s sustentable es la que no se usa\n\t\t\t\t<\/figcaption><\/figure><figure class='gallery-item'>\n\t\t\t<div class='gallery-icon landscape'>\n\t\t\t\t<a href='https:\/\/www.arquimaster.com.ar\/web\/wp-content\/uploads\/2016\/11\/energia_sustentable2.jpg' title=\"La energ\u00eda m\u00e1s sustentable es la que no se usa\" data-rl_title=\"La energ\u00eda m\u00e1s sustentable es la que no se usa\" class=\"rl-gallery-link\" data-rl_caption=\"La energ\u00eda m\u00e1s sustentable es la que no se usa\" data-rel=\"lightbox-gallery-1\"><img loading=\"lazy\" decoding=\"async\" width=\"150\" height=\"150\" src=\"https:\/\/www.arquimaster.com.ar\/web\/wp-content\/uploads\/2016\/11\/energia_sustentable2-150x150.jpg\" class=\"attachment-thumbnail size-thumbnail\" alt=\"\" aria-describedby=\"gallery-1-24943\" srcset=\"https:\/\/www.arquimaster.com.ar\/web\/wp-content\/uploads\/2016\/11\/energia_sustentable2-150x150.jpg 150w, https:\/\/www.arquimaster.com.ar\/web\/wp-content\/uploads\/2016\/11\/energia_sustentable2-50x50.jpg 50w, https:\/\/www.arquimaster.com.ar\/web\/wp-content\/uploads\/2016\/11\/energia_sustentable2-125x125.jpg 125w\" sizes=\"auto, (max-width: 150px) 100vw, 150px\" \/><\/a>\n\t\t\t<\/div>\n\t\t\t\t<figcaption class='wp-caption-text gallery-caption' id='gallery-1-24943'>\n\t\t\t\tLa energ\u00eda m\u00e1s sustentable es la que no se usa\n\t\t\t\t<\/figcaption><\/figure><figure class='gallery-item'>\n\t\t\t<div class='gallery-icon landscape'>\n\t\t\t\t<a href='https:\/\/www.arquimaster.com.ar\/web\/wp-content\/uploads\/2016\/11\/energia_sustentable3.jpg' title=\"La energ\u00eda m\u00e1s sustentable es la que no se usa\" data-rl_title=\"La energ\u00eda m\u00e1s sustentable es la que no se usa\" class=\"rl-gallery-link\" data-rl_caption=\"La energ\u00eda m\u00e1s sustentable es la que no se usa\" data-rel=\"lightbox-gallery-1\"><img loading=\"lazy\" decoding=\"async\" width=\"150\" height=\"150\" src=\"https:\/\/www.arquimaster.com.ar\/web\/wp-content\/uploads\/2016\/11\/energia_sustentable3-150x150.jpg\" class=\"attachment-thumbnail size-thumbnail\" alt=\"\" aria-describedby=\"gallery-1-24944\" srcset=\"https:\/\/www.arquimaster.com.ar\/web\/wp-content\/uploads\/2016\/11\/energia_sustentable3-150x150.jpg 150w, https:\/\/www.arquimaster.com.ar\/web\/wp-content\/uploads\/2016\/11\/energia_sustentable3-50x50.jpg 50w, https:\/\/www.arquimaster.com.ar\/web\/wp-content\/uploads\/2016\/11\/energia_sustentable3-125x125.jpg 125w\" sizes=\"auto, (max-width: 150px) 100vw, 150px\" \/><\/a>\n\t\t\t<\/div>\n\t\t\t\t<figcaption class='wp-caption-text gallery-caption' id='gallery-1-24944'>\n\t\t\t\tLa energ\u00eda m\u00e1s sustentable es la que no se usa\n\t\t\t\t<\/figcaption><\/figure>\n\t\t<\/div>\n\n<p>Con el objetivo de construir un espacio de debate y actualizaci\u00f3n profesional dentro del sector, se realiz\u00f3 en la ciudad de Neuqu\u00e9n el <strong>Encuentro Desempe\u00f1o y Sustentabilidad en la Industria de la Construcci\u00f3n<\/strong>. Con la aislaci\u00f3n t\u00e9rmica como protagonista, el evento trat\u00f3 todas las tem\u00e1ticas alrededor de la edificaci\u00f3n sustentable: materia prima, sistema constructivo, legislaciones, desaf\u00edos y casos de \u00e9xito.<\/p>\n<p>La apertura de la jornada estuvo a cargo de Gast\u00f3n Remy, presidente de <strong>Dow Argentina<\/strong>, firma que fabrica localmente el poliuretano que garantiza la efectividad de la aislaci\u00f3n t\u00e9rmica en diversos sistemas de paneles para construcci\u00f3n en seco. <em>\u00abCreemos que con tecnolog\u00eda de punta podemos traer al pa\u00eds la construcci\u00f3n modular y la oportunidad de desarrollarnos en este sector\u00bb<\/em>, expres\u00f3 Remy definiendo esto como uno de los principales objetivos de la empresa.<\/p>\n<p>Luego, asumi\u00f3 la palabra Omar Guti\u00e9rrez, el gobernador de la provincia que tiene un ambicioso desaf\u00edo: hacia fines del a\u00f1o que viene, el 8 por ciento de la energ\u00eda utilizada en la regi\u00f3n debe ser renovable, limpia y no contaminante, mientras que su meta es alcanzar el 20% hacia 2025.<em> \u00abQueremos tecnolog\u00edas de punta en la construcci\u00f3n que respeten el ambiente y generen ahorro en el consumo\u00bb<\/em>, alent\u00f3 Guti\u00e9rrez.<\/p>\n<p>El primer panel del encuentro estuvo a cargo de Marcelo Fiszner, ingeniero qu\u00edmico especialista en aislaci\u00f3n t\u00e9rmica y Director de Marketing de Poliuretano para Am\u00e9rica Latina de Dow. Durante su disertaci\u00f3n present\u00f3 el leit motiv del auspicio de los Juegos Ol\u00edmpicos por parte de la empresa: la necesidad de proyectos que aporten a la reducci\u00f3n del consumo y la emisi\u00f3n de gases nocivos para el calentamiento global.<\/p>\n<p>En este sentido, desde 2012, sus tecnolog\u00edas se aplican en campos y parques ol\u00edmpicos, pero en R\u00edo de Janeiro 2016 aumentaron la apuesta: estadios, obras de infraestructura en la ciudad, elementos del juego e incluso colchones y envoltorios de alimentos fueron fabricados con tecnolog\u00edas de Dow para mitigar el impacto de los Juegos.<\/p>\n<p><em>\u00abEste evento moviliza tanta gente e industrias que la emisi\u00f3n de di\u00f3xido de carbono equivalente alcanz\u00f3 la cifra de 5 millones de toneladas, lo mismo que la ciudad emite en un mes. El compromiso que tomamos fue mitigar 500 mil, compensar un mill\u00f3n y medio y generar conciencia en 500 mil personas, pero superamos nuestras propias barreras: compensamos 2.200.000 toneladas de di\u00f3xido de carbono y concientizamos a 8 millones de personas\u00bb<\/em>, describi\u00f3 Fiszner.<\/p>\n<p>Para cerrar, el ingeniero llam\u00f3 a la acci\u00f3n: <em>\u00abTenemos que entender muestra huella de carbono y las emisiones que generamos. La energ\u00eda m\u00e1s sustentable es la que no se usa y para utilizar menos recursos energ\u00e9ticos, lo mejor que podemos hacer es aislar con el material m\u00e1s eficiente, el poliuretano\u00bb<\/em>.<\/p>\n<p>Para continuar profundizando en la efectividad de este material, el arquitecto Jorge Grez, socio de la firma chilena <strong>Construtec<\/strong>, tom\u00f3 la palabra. <em>\u00abSi un proyecto no es sustentable, no es negocio\u00bb<\/em>, determin\u00f3 convencido de la importancia de pensar en el medio ambiente a la hora de construir.<em> \u00abLa construcci\u00f3n influye un 40 por ciento en el calentamiento global, consume el 26% de la energ\u00eda y el 6% del agua\u00bb<\/em>, argument\u00f3. En este sentido, afirm\u00f3 sin dudar bas\u00e1ndose en la experiencia de sus obras que los paneles aislantes son muy importantes en la construcci\u00f3n sustentable y no s\u00f3lo para los muros exteriores, sino tambi\u00e9n para las paredes interiores y cubiertas.<\/p>\n<p>Para ahondar en los beneficios de este material, luego fue el turno de Fabi\u00e1n Negretti, Gerente T\u00e9cnico en Eficiencia Energ\u00e9tica de Poliuretano de Dow, quien describi\u00f3 punto por punto la composici\u00f3n, funcionamiento, aplicaciones y ventajas de la tecnolog\u00eda en relaci\u00f3n al ahorro energ\u00e9tico. Para finalizar, los principales productores de paneles aislantes explicaron sus materiales, sistemas constructivos y proyectos para demostrar la eficacia de esta materia prima. Se hicieron presentes Gustavo Bernardi (presidente de Acerolatina), Omar Eidelstein (Vicepresidente de Sipanel), Marcos Villar (Presidente de Frio Star) y Pedro Garc\u00eda Morteo (director de Proyecto de Plaquimet Building).<\/p>\n<p><strong>Sobre Dow Argentina<\/strong><br \/>\nDow es el grupo de compa\u00f1\u00edas qu\u00edmicas, petroqu\u00edmicas y agr\u00edcolas m\u00e1s importante de la Argentina est\u00e1 presente en el pa\u00eds desde hace 57 a\u00f1os y combina el poder de la ciencia y la tecnolog\u00eda para innovar con pasi\u00f3n todo aquello que es esencial al progreso humano. La compa\u00f1\u00eda produce innovaciones que extraen valor de las ciencias qu\u00edmicas, f\u00edsicas y biol\u00f3gicas, ayudando a desarrollar soluciones para los m\u00e1s desafiantes problemas de la humanidad, como la necesidad de agua potable, la generaci\u00f3n y conservaci\u00f3n de energ\u00eda limpia y el aumento de la productividad agr\u00edcola. En la Argentina emplea a 3800 personas en el pa\u00eds -1500 directos y 2300 contratistas, en sus 5 plantas productivas en el pa\u00eds: en Bah\u00eda Blanca, Z\u00e1rate y Col\u00f3n (Provincia de Buenos Aires); Puerto General San Mart\u00edn y Venado Tuerto (Provincia de Santa Fe), y sus oficinas centrales en la Ciudad de Buenos Aires. Dow Argentina fabrica insumos productivos para 18 sectores industriales incluyendo alimentaci\u00f3n, automotriz, higiene y cuidado personal, electrodom\u00e9sticos, agroindustria, construcci\u00f3n y envases, entre otros.<\/p>\n\n<div style=\"font-size: 0px; height: 0px; line-height: 0px; margin: 0; padding: 0; clear: both;\"><\/div><div style=\"margin-top: 0px; margin-bottom: 0px;\" class=\"sharethis-inline-share-buttons\" ><\/div>","protected":false},"excerpt":{"rendered":"<p>Conclusiones de la jornada sobre eficiencia energ\u00e9tica en la construcci\u00f3n&#8230;<\/p>\n","protected":false},"author":1,"featured_media":87649,"comment_status":"closed","ping_status":"closed","sticky":false,"template":"","format":"standard","meta":{"_uag_custom_page_level_css":"","footnotes":""},"categories":[72,74],"tags":[42,43,316,3942,129,4129,1341],"class_list":["post-24939","post","type-post","status-publish","format-standard","has-post-thumbnail","hentry","category-articulos","category-notas-arquitectura","tag-ahorro-energetico","tag-aislacion-termica","tag-construccion-sustentable","tag-dow-argentina","tag-eficiencia-energetica","tag-poliuretano","tag-sipanel","generate-columns","tablet-grid-50","mobile-grid-100","grid-parent","grid-50"],"yoast_head":"<!-- This site is optimized with the Yoast SEO plugin v27.3 - https:\/\/yoast.com\/product\/yoast-seo-wordpress\/ -->\n<title>La energ\u00eda m\u00e1s sustentable es la que no se usa - Arquimaster<\/title>\n<meta name=\"robots\" content=\"index, follow, max-snippet:-1, max-image-preview:large, max-video-preview:-1\" \/>\n<link rel=\"canonical\" href=\"https:\/\/www.arquimaster.com.ar\/web\/la-energia-mas-sustentable-es-la-que-no-se-usa\/\" \/>\n<meta property=\"og:locale\" content=\"es_ES\" \/>\n<meta property=\"og:type\" content=\"article\" \/>\n<meta property=\"og:title\" content=\"La energ\u00eda m\u00e1s sustentable es la que no se usa - Arquimaster\" \/>\n<meta property=\"og:description\" content=\"Conclusiones de la jornada sobre eficiencia energ\u00e9tica en la construcci\u00f3n...\" \/>\n<meta property=\"og:url\" content=\"https:\/\/www.arquimaster.com.ar\/web\/la-energia-mas-sustentable-es-la-que-no-se-usa\/\" \/>\n<meta property=\"og:site_name\" content=\"Arquimaster\" \/>\n<meta property=\"article:publisher\" content=\"http:\/\/www.facebook.com\/ARQUIMASTER.com.ar\" \/>\n<meta property=\"article:published_time\" content=\"2016-11-05T04:08:04+00:00\" \/>\n<meta property=\"article:modified_time\" content=\"2026-03-15T18:15:15+00:00\" \/>\n<meta property=\"og:image\" content=\"https:\/\/www.arquimaster.com.ar\/web\/wp-content\/uploads\/2019\/10\/sustentable_slide.jpg\" \/>\n\t<meta property=\"og:image:width\" content=\"698\" \/>\n\t<meta property=\"og:image:height\" content=\"364\" \/>\n\t<meta property=\"og:image:type\" content=\"image\/jpeg\" \/>\n<meta name=\"author\" content=\"Arquimaster\" \/>\n<meta name=\"twitter:card\" content=\"summary_large_image\" \/>\n<meta name=\"twitter:creator\" content=\"@arquimaster\" \/>\n<meta name=\"twitter:site\" content=\"@arquimaster\" \/>\n<meta name=\"twitter:label1\" content=\"Escrito por\" \/>\n\t<meta name=\"twitter:data1\" content=\"Arquimaster\" \/>\n\t<meta name=\"twitter:label2\" content=\"Tiempo de lectura\" \/>\n\t<meta name=\"twitter:data2\" content=\"5 minutos\" \/>\n<script type=\"application\/ld+json\" class=\"yoast-schema-graph\">{\"@context\":\"https:\\\/\\\/schema.org\",\"@graph\":[{\"@type\":\"Article\",\"@id\":\"https:\\\/\\\/www.arquimaster.com.ar\\\/web\\\/la-energia-mas-sustentable-es-la-que-no-se-usa\\\/#article\",\"isPartOf\":{\"@id\":\"https:\\\/\\\/www.arquimaster.com.ar\\\/web\\\/la-energia-mas-sustentable-es-la-que-no-se-usa\\\/\"},\"author\":{\"name\":\"Arquimaster\",\"@id\":\"https:\\\/\\\/www.arquimaster.com.ar\\\/web\\\/#\\\/schema\\\/person\\\/359e9f7c00193fcde068e0dd2ceb0028\"},\"headline\":\"La energ\u00eda m\u00e1s sustentable es la que no se usa\",\"datePublished\":\"2016-11-05T04:08:04+00:00\",\"dateModified\":\"2026-03-15T18:15:15+00:00\",\"mainEntityOfPage\":{\"@id\":\"https:\\\/\\\/www.arquimaster.com.ar\\\/web\\\/la-energia-mas-sustentable-es-la-que-no-se-usa\\\/\"},\"wordCount\":940,\"publisher\":{\"@id\":\"https:\\\/\\\/www.arquimaster.com.ar\\\/web\\\/#organization\"},\"image\":{\"@id\":\"https:\\\/\\\/www.arquimaster.com.ar\\\/web\\\/la-energia-mas-sustentable-es-la-que-no-se-usa\\\/#primaryimage\"},\"thumbnailUrl\":\"https:\\\/\\\/www.arquimaster.com.ar\\\/web\\\/wp-content\\\/uploads\\\/2019\\\/10\\\/sustentable_slide.jpg\",\"keywords\":[\"ahorro energetico\",\"aislacion termica\",\"construcci\u00f3n sustentable\",\"Dow Argentina\",\"eficiencia energ\u00e9tica\",\"poliuretano\",\"Sipanel\"],\"articleSection\":[\"Articulos\",\"Temas de arquitectura y dise\u00f1o\"],\"inLanguage\":\"es\"},{\"@type\":\"WebPage\",\"@id\":\"https:\\\/\\\/www.arquimaster.com.ar\\\/web\\\/la-energia-mas-sustentable-es-la-que-no-se-usa\\\/\",\"url\":\"https:\\\/\\\/www.arquimaster.com.ar\\\/web\\\/la-energia-mas-sustentable-es-la-que-no-se-usa\\\/\",\"name\":\"La energ\u00eda m\u00e1s sustentable es la que no se usa - Arquimaster\",\"isPartOf\":{\"@id\":\"https:\\\/\\\/www.arquimaster.com.ar\\\/web\\\/#website\"},\"primaryImageOfPage\":{\"@id\":\"https:\\\/\\\/www.arquimaster.com.ar\\\/web\\\/la-energia-mas-sustentable-es-la-que-no-se-usa\\\/#primaryimage\"},\"image\":{\"@id\":\"https:\\\/\\\/www.arquimaster.com.ar\\\/web\\\/la-energia-mas-sustentable-es-la-que-no-se-usa\\\/#primaryimage\"},\"thumbnailUrl\":\"https:\\\/\\\/www.arquimaster.com.ar\\\/web\\\/wp-content\\\/uploads\\\/2019\\\/10\\\/sustentable_slide.jpg\",\"datePublished\":\"2016-11-05T04:08:04+00:00\",\"dateModified\":\"2026-03-15T18:15:15+00:00\",\"breadcrumb\":{\"@id\":\"https:\\\/\\\/www.arquimaster.com.ar\\\/web\\\/la-energia-mas-sustentable-es-la-que-no-se-usa\\\/#breadcrumb\"},\"inLanguage\":\"es\",\"potentialAction\":[{\"@type\":\"ReadAction\",\"target\":[\"https:\\\/\\\/www.arquimaster.com.ar\\\/web\\\/la-energia-mas-sustentable-es-la-que-no-se-usa\\\/\"]}]},{\"@type\":\"ImageObject\",\"inLanguage\":\"es\",\"@id\":\"https:\\\/\\\/www.arquimaster.com.ar\\\/web\\\/la-energia-mas-sustentable-es-la-que-no-se-usa\\\/#primaryimage\",\"url\":\"https:\\\/\\\/www.arquimaster.com.ar\\\/web\\\/wp-content\\\/uploads\\\/2019\\\/10\\\/sustentable_slide.jpg\",\"contentUrl\":\"https:\\\/\\\/www.arquimaster.com.ar\\\/web\\\/wp-content\\\/uploads\\\/2019\\\/10\\\/sustentable_slide.jpg\",\"width\":698,\"height\":364,\"caption\":\"Construcci\u00f3n sustentable\"},{\"@type\":\"BreadcrumbList\",\"@id\":\"https:\\\/\\\/www.arquimaster.com.ar\\\/web\\\/la-energia-mas-sustentable-es-la-que-no-se-usa\\\/#breadcrumb\",\"itemListElement\":[{\"@type\":\"ListItem\",\"position\":1,\"name\":\"Portada\",\"item\":\"https:\\\/\\\/www.arquimaster.com.ar\\\/web\\\/\"},{\"@type\":\"ListItem\",\"position\":2,\"name\":\"La energ\u00eda m\u00e1s sustentable es la que no se usa\"}]},{\"@type\":\"WebSite\",\"@id\":\"https:\\\/\\\/www.arquimaster.com.ar\\\/web\\\/#website\",\"url\":\"https:\\\/\\\/www.arquimaster.com.ar\\\/web\\\/\",\"name\":\"Arquimaster\",\"description\":\"Web de arquitectura, dise\u00f1o y construccion\",\"publisher\":{\"@id\":\"https:\\\/\\\/www.arquimaster.com.ar\\\/web\\\/#organization\"},\"potentialAction\":[{\"@type\":\"SearchAction\",\"target\":{\"@type\":\"EntryPoint\",\"urlTemplate\":\"https:\\\/\\\/www.arquimaster.com.ar\\\/web\\\/?s={search_term_string}\"},\"query-input\":{\"@type\":\"PropertyValueSpecification\",\"valueRequired\":true,\"valueName\":\"search_term_string\"}}],\"inLanguage\":\"es\"},{\"@type\":\"Organization\",\"@id\":\"https:\\\/\\\/www.arquimaster.com.ar\\\/web\\\/#organization\",\"name\":\"Arquimaster\",\"url\":\"https:\\\/\\\/www.arquimaster.com.ar\\\/web\\\/\",\"logo\":{\"@type\":\"ImageObject\",\"inLanguage\":\"es\",\"@id\":\"https:\\\/\\\/www.arquimaster.com.ar\\\/web\\\/#\\\/schema\\\/logo\\\/image\\\/\",\"url\":\"https:\\\/\\\/www.arquimaster.com.ar\\\/web\\\/wp-content\\\/uploads\\\/2022\\\/06\\\/arquimaster.png\",\"contentUrl\":\"https:\\\/\\\/www.arquimaster.com.ar\\\/web\\\/wp-content\\\/uploads\\\/2022\\\/06\\\/arquimaster.png\",\"width\":594,\"height\":78,\"caption\":\"Arquimaster\"},\"image\":{\"@id\":\"https:\\\/\\\/www.arquimaster.com.ar\\\/web\\\/#\\\/schema\\\/logo\\\/image\\\/\"},\"sameAs\":[\"http:\\\/\\\/www.facebook.com\\\/ARQUIMASTER.com.ar\",\"https:\\\/\\\/x.com\\\/arquimaster\",\"https:\\\/\\\/www.instagram.com\\\/arquimasterblog\\\/\",\"https:\\\/\\\/www.linkedin.com\\\/company\\\/arquimaster\",\"https:\\\/\\\/www.pinterest.com\\\/arquimaster\",\"https:\\\/\\\/t.me\\\/arquimaster\"]},{\"@type\":\"Person\",\"@id\":\"https:\\\/\\\/www.arquimaster.com.ar\\\/web\\\/#\\\/schema\\\/person\\\/359e9f7c00193fcde068e0dd2ceb0028\",\"name\":\"Arquimaster\"}]}<\/script>\n<!-- \/ Yoast SEO plugin. -->","yoast_head_json":{"title":"La energ\u00eda m\u00e1s sustentable es la que no se usa - Arquimaster","robots":{"index":"index","follow":"follow","max-snippet":"max-snippet:-1","max-image-preview":"max-image-preview:large","max-video-preview":"max-video-preview:-1"},"canonical":"https:\/\/www.arquimaster.com.ar\/web\/la-energia-mas-sustentable-es-la-que-no-se-usa\/","og_locale":"es_ES","og_type":"article","og_title":"La energ\u00eda m\u00e1s sustentable es la que no se usa - Arquimaster","og_description":"Conclusiones de la jornada sobre eficiencia energ\u00e9tica en la construcci\u00f3n...","og_url":"https:\/\/www.arquimaster.com.ar\/web\/la-energia-mas-sustentable-es-la-que-no-se-usa\/","og_site_name":"Arquimaster","article_publisher":"http:\/\/www.facebook.com\/ARQUIMASTER.com.ar","article_published_time":"2016-11-05T04:08:04+00:00","article_modified_time":"2026-03-15T18:15:15+00:00","og_image":[{"width":698,"height":364,"url":"https:\/\/www.arquimaster.com.ar\/web\/wp-content\/uploads\/2019\/10\/sustentable_slide.jpg","type":"image\/jpeg"}],"author":"Arquimaster","twitter_card":"summary_large_image","twitter_creator":"@arquimaster","twitter_site":"@arquimaster","twitter_misc":{"Escrito por":"Arquimaster","Tiempo de lectura":"5 minutos"},"schema":{"@context":"https:\/\/schema.org","@graph":[{"@type":"Article","@id":"https:\/\/www.arquimaster.com.ar\/web\/la-energia-mas-sustentable-es-la-que-no-se-usa\/#article","isPartOf":{"@id":"https:\/\/www.arquimaster.com.ar\/web\/la-energia-mas-sustentable-es-la-que-no-se-usa\/"},"author":{"name":"Arquimaster","@id":"https:\/\/www.arquimaster.com.ar\/web\/#\/schema\/person\/359e9f7c00193fcde068e0dd2ceb0028"},"headline":"La energ\u00eda m\u00e1s sustentable es la que no se usa","datePublished":"2016-11-05T04:08:04+00:00","dateModified":"2026-03-15T18:15:15+00:00","mainEntityOfPage":{"@id":"https:\/\/www.arquimaster.com.ar\/web\/la-energia-mas-sustentable-es-la-que-no-se-usa\/"},"wordCount":940,"publisher":{"@id":"https:\/\/www.arquimaster.com.ar\/web\/#organization"},"image":{"@id":"https:\/\/www.arquimaster.com.ar\/web\/la-energia-mas-sustentable-es-la-que-no-se-usa\/#primaryimage"},"thumbnailUrl":"https:\/\/www.arquimaster.com.ar\/web\/wp-content\/uploads\/2019\/10\/sustentable_slide.jpg","keywords":["ahorro energetico","aislacion termica","construcci\u00f3n sustentable","Dow Argentina","eficiencia energ\u00e9tica","poliuretano","Sipanel"],"articleSection":["Articulos","Temas de arquitectura y dise\u00f1o"],"inLanguage":"es"},{"@type":"WebPage","@id":"https:\/\/www.arquimaster.com.ar\/web\/la-energia-mas-sustentable-es-la-que-no-se-usa\/","url":"https:\/\/www.arquimaster.com.ar\/web\/la-energia-mas-sustentable-es-la-que-no-se-usa\/","name":"La energ\u00eda m\u00e1s sustentable es la que no se usa - Arquimaster","isPartOf":{"@id":"https:\/\/www.arquimaster.com.ar\/web\/#website"},"primaryImageOfPage":{"@id":"https:\/\/www.arquimaster.com.ar\/web\/la-energia-mas-sustentable-es-la-que-no-se-usa\/#primaryimage"},"image":{"@id":"https:\/\/www.arquimaster.com.ar\/web\/la-energia-mas-sustentable-es-la-que-no-se-usa\/#primaryimage"},"thumbnailUrl":"https:\/\/www.arquimaster.com.ar\/web\/wp-content\/uploads\/2019\/10\/sustentable_slide.jpg","datePublished":"2016-11-05T04:08:04+00:00","dateModified":"2026-03-15T18:15:15+00:00","breadcrumb":{"@id":"https:\/\/www.arquimaster.com.ar\/web\/la-energia-mas-sustentable-es-la-que-no-se-usa\/#breadcrumb"},"inLanguage":"es","potentialAction":[{"@type":"ReadAction","target":["https:\/\/www.arquimaster.com.ar\/web\/la-energia-mas-sustentable-es-la-que-no-se-usa\/"]}]},{"@type":"ImageObject","inLanguage":"es","@id":"https:\/\/www.arquimaster.com.ar\/web\/la-energia-mas-sustentable-es-la-que-no-se-usa\/#primaryimage","url":"https:\/\/www.arquimaster.com.ar\/web\/wp-content\/uploads\/2019\/10\/sustentable_slide.jpg","contentUrl":"https:\/\/www.arquimaster.com.ar\/web\/wp-content\/uploads\/2019\/10\/sustentable_slide.jpg","width":698,"height":364,"caption":"Construcci\u00f3n sustentable"},{"@type":"BreadcrumbList","@id":"https:\/\/www.arquimaster.com.ar\/web\/la-energia-mas-sustentable-es-la-que-no-se-usa\/#breadcrumb","itemListElement":[{"@type":"ListItem","position":1,"name":"Portada","item":"https:\/\/www.arquimaster.com.ar\/web\/"},{"@type":"ListItem","position":2,"name":"La energ\u00eda m\u00e1s sustentable es la que no se usa"}]},{"@type":"WebSite","@id":"https:\/\/www.arquimaster.com.ar\/web\/#website","url":"https:\/\/www.arquimaster.com.ar\/web\/","name":"Arquimaster","description":"Web de arquitectura, dise\u00f1o y construccion","publisher":{"@id":"https:\/\/www.arquimaster.com.ar\/web\/#organization"},"potentialAction":[{"@type":"SearchAction","target":{"@type":"EntryPoint","urlTemplate":"https:\/\/www.arquimaster.com.ar\/web\/?s={search_term_string}"},"query-input":{"@type":"PropertyValueSpecification","valueRequired":true,"valueName":"search_term_string"}}],"inLanguage":"es"},{"@type":"Organization","@id":"https:\/\/www.arquimaster.com.ar\/web\/#organization","name":"Arquimaster","url":"https:\/\/www.arquimaster.com.ar\/web\/","logo":{"@type":"ImageObject","inLanguage":"es","@id":"https:\/\/www.arquimaster.com.ar\/web\/#\/schema\/logo\/image\/","url":"https:\/\/www.arquimaster.com.ar\/web\/wp-content\/uploads\/2022\/06\/arquimaster.png","contentUrl":"https:\/\/www.arquimaster.com.ar\/web\/wp-content\/uploads\/2022\/06\/arquimaster.png","width":594,"height":78,"caption":"Arquimaster"},"image":{"@id":"https:\/\/www.arquimaster.com.ar\/web\/#\/schema\/logo\/image\/"},"sameAs":["http:\/\/www.facebook.com\/ARQUIMASTER.com.ar","https:\/\/x.com\/arquimaster","https:\/\/www.instagram.com\/arquimasterblog\/","https:\/\/www.linkedin.com\/company\/arquimaster","https:\/\/www.pinterest.com\/arquimaster","https:\/\/t.me\/arquimaster"]},{"@type":"Person","@id":"https:\/\/www.arquimaster.com.ar\/web\/#\/schema\/person\/359e9f7c00193fcde068e0dd2ceb0028","name":"Arquimaster"}]}},"uagb_featured_image_src":{"full":["https:\/\/www.arquimaster.com.ar\/web\/wp-content\/uploads\/2019\/10\/sustentable_slide.jpg",698,364,false],"thumbnail":["https:\/\/www.arquimaster.com.ar\/web\/wp-content\/uploads\/2019\/10\/sustentable_slide-150x150.jpg",150,150,true],"medium":["https:\/\/www.arquimaster.com.ar\/web\/wp-content\/uploads\/2019\/10\/sustentable_slide.jpg",698,364,false],"medium_large":["https:\/\/www.arquimaster.com.ar\/web\/wp-content\/uploads\/2019\/10\/sustentable_slide.jpg",698,364,false],"large":["https:\/\/www.arquimaster.com.ar\/web\/wp-content\/uploads\/2019\/10\/sustentable_slide.jpg",698,364,false],"1536x1536":["https:\/\/www.arquimaster.com.ar\/web\/wp-content\/uploads\/2019\/10\/sustentable_slide.jpg",698,364,false],"2048x2048":["https:\/\/www.arquimaster.com.ar\/web\/wp-content\/uploads\/2019\/10\/sustentable_slide.jpg",698,364,false]},"uagb_author_info":{"display_name":"Arquimaster","author_link":"https:\/\/www.arquimaster.com.ar\/web\/author\/arquimaster\/"},"uagb_comment_info":0,"uagb_excerpt":"Conclusiones de la jornada sobre eficiencia energ\u00e9tica en la construcci\u00f3n...","_links":{"self":[{"href":"https:\/\/www.arquimaster.com.ar\/web\/wp-json\/wp\/v2\/posts\/24939","targetHints":{"allow":["GET"]}}],"collection":[{"href":"https:\/\/www.arquimaster.com.ar\/web\/wp-json\/wp\/v2\/posts"}],"about":[{"href":"https:\/\/www.arquimaster.com.ar\/web\/wp-json\/wp\/v2\/types\/post"}],"author":[{"embeddable":true,"href":"https:\/\/www.arquimaster.com.ar\/web\/wp-json\/wp\/v2\/users\/1"}],"replies":[{"embeddable":true,"href":"https:\/\/www.arquimaster.com.ar\/web\/wp-json\/wp\/v2\/comments?post=24939"}],"version-history":[{"count":1,"href":"https:\/\/www.arquimaster.com.ar\/web\/wp-json\/wp\/v2\/posts\/24939\/revisions"}],"predecessor-version":[{"id":86293,"href":"https:\/\/www.arquimaster.com.ar\/web\/wp-json\/wp\/v2\/posts\/24939\/revisions\/86293"}],"wp:featuredmedia":[{"embeddable":true,"href":"https:\/\/www.arquimaster.com.ar\/web\/wp-json\/wp\/v2\/media\/87649"}],"wp:attachment":[{"href":"https:\/\/www.arquimaster.com.ar\/web\/wp-json\/wp\/v2\/media?parent=24939"}],"wp:term":[{"taxonomy":"category","embeddable":true,"href":"https:\/\/www.arquimaster.com.ar\/web\/wp-json\/wp\/v2\/categories?post=24939"},{"taxonomy":"post_tag","embeddable":true,"href":"https:\/\/www.arquimaster.com.ar\/web\/wp-json\/wp\/v2\/tags?post=24939"}],"curies":[{"name":"wp","href":"https:\/\/api.w.org\/{rel}","templated":true}]}}