{"id":2528,"date":"2014-02-06T02:33:17","date_gmt":"2014-02-06T02:33:17","guid":{"rendered":"http:\/\/www.arquimaster.com.ar\/web\/?p=2528"},"modified":"2014-02-11T21:15:41","modified_gmt":"2014-02-11T21:15:41","slug":"sede-central-de-inaugure-hospitality-ylab-arquitectos","status":"publish","type":"post","link":"https:\/\/www.arquimaster.com.ar\/web\/sede-central-de-inaugure-hospitality-ylab-arquitectos\/","title":{"rendered":"Sede central de Inaugure Hospitality \/ YLAB Arquitectos"},"content":{"rendered":"<div style=\"margin-top: 0px; margin-bottom: 0px;\" class=\"sharethis-inline-share-buttons\" ><\/div><div class=\"b812932af2e751442846f039925109de\" data-index=\"1\" style=\"float: none; margin:25px 0 25px 0; text-align:center;\">\n<script async src=\"https:\/\/pagead2.googlesyndication.com\/pagead\/js\/adsbygoogle.js\"><\/script>\r\n<!-- Arquimaster (superior) -->\r\n<ins class=\"adsbygoogle\"\r\n     style=\"display:block\"\r\n     data-ad-client=\"ca-pub-6351072698456832\"\r\n     data-ad-slot=\"6455489680\"\r\n     data-ad-format=\"auto\"\r\n     data-full-width-responsive=\"true\"><\/ins>\r\n<script>\r\n     (adsbygoogle = window.adsbygoogle || []).push({});\r\n<\/script>\n<\/div>\n<p><strong>Sede central de Inaugure Hospitality<\/strong> (Barcelona) por <strong>YLAB Arquitectos<\/strong>. El proyecto consiste en la imagen de marca y el interiorismo de la sede central de la empresa de origen africano Inaugure Hospitality Group en el Paseo de Gracia de Barcelona.<\/p>\n<div id='gallery-1' class='gallery galleryid-2528 gallery-columns-3 gallery-size-thumbnail'><figure class='gallery-item'>\n\t\t\t<div class='gallery-icon landscape'>\n\t\t\t\t<a href='https:\/\/www.arquimaster.com.ar\/web\/wp-content\/uploads\/2014\/02\/inaugure_hospitality1.jpg' title=\"Sede central de Inaugure Hospitality \/ YLAB Arquitectos (\u00a9 Eugeni Pons)\" data-rl_title=\"Sede central de Inaugure Hospitality \/ YLAB Arquitectos (\u00a9 Eugeni Pons)\" class=\"rl-gallery-link\" data-rl_caption=\"Sede central de Inaugure Hospitality \/ YLAB Arquitectos (\u00a9 Eugeni Pons)\" data-rel=\"lightbox-gallery-1\"><img loading=\"lazy\" decoding=\"async\" width=\"150\" height=\"150\" src=\"https:\/\/www.arquimaster.com.ar\/web\/wp-content\/uploads\/2014\/02\/inaugure_hospitality1-150x150.jpg\" class=\"attachment-thumbnail size-thumbnail\" alt=\"\" aria-describedby=\"gallery-1-2531\" srcset=\"https:\/\/www.arquimaster.com.ar\/web\/wp-content\/uploads\/2014\/02\/inaugure_hospitality1-150x150.jpg 150w, https:\/\/www.arquimaster.com.ar\/web\/wp-content\/uploads\/2014\/02\/inaugure_hospitality1-50x50.jpg 50w, https:\/\/www.arquimaster.com.ar\/web\/wp-content\/uploads\/2014\/02\/inaugure_hospitality1-125x125.jpg 125w\" sizes=\"auto, (max-width: 150px) 100vw, 150px\" \/><\/a>\n\t\t\t<\/div>\n\t\t\t\t<figcaption class='wp-caption-text gallery-caption' id='gallery-1-2531'>\n\t\t\t\tSede central de Inaugure Hospitality \/ YLAB Arquitectos (\u00a9 Eugeni Pons)\n\t\t\t\t<\/figcaption><\/figure><figure class='gallery-item'>\n\t\t\t<div class='gallery-icon landscape'>\n\t\t\t\t<a href='https:\/\/www.arquimaster.com.ar\/web\/wp-content\/uploads\/2014\/02\/inaugure_hospitality2.jpg' title=\"Sede central de Inaugure Hospitality \/ YLAB Arquitectos (\u00a9 Eugeni Pons)\" data-rl_title=\"Sede central de Inaugure Hospitality \/ YLAB Arquitectos (\u00a9 Eugeni Pons)\" class=\"rl-gallery-link\" data-rl_caption=\"Sede central de Inaugure Hospitality \/ YLAB Arquitectos (\u00a9 Eugeni Pons)\" data-rel=\"lightbox-gallery-1\"><img loading=\"lazy\" decoding=\"async\" width=\"150\" height=\"150\" src=\"https:\/\/www.arquimaster.com.ar\/web\/wp-content\/uploads\/2014\/02\/inaugure_hospitality2-150x150.jpg\" class=\"attachment-thumbnail size-thumbnail\" alt=\"\" aria-describedby=\"gallery-1-2532\" srcset=\"https:\/\/www.arquimaster.com.ar\/web\/wp-content\/uploads\/2014\/02\/inaugure_hospitality2-150x150.jpg 150w, https:\/\/www.arquimaster.com.ar\/web\/wp-content\/uploads\/2014\/02\/inaugure_hospitality2-50x50.jpg 50w, https:\/\/www.arquimaster.com.ar\/web\/wp-content\/uploads\/2014\/02\/inaugure_hospitality2-125x125.jpg 125w\" sizes=\"auto, (max-width: 150px) 100vw, 150px\" \/><\/a>\n\t\t\t<\/div>\n\t\t\t\t<figcaption class='wp-caption-text gallery-caption' id='gallery-1-2532'>\n\t\t\t\tSede central de Inaugure Hospitality \/ YLAB Arquitectos (\u00a9 Eugeni Pons)\n\t\t\t\t<\/figcaption><\/figure><figure class='gallery-item'>\n\t\t\t<div class='gallery-icon landscape'>\n\t\t\t\t<a href='https:\/\/www.arquimaster.com.ar\/web\/wp-content\/uploads\/2014\/02\/inaugure_hospitality3.jpg' title=\"Sede central de Inaugure Hospitality \/ YLAB Arquitectos (\u00a9 Eugeni Pons)\" data-rl_title=\"Sede central de Inaugure Hospitality \/ YLAB Arquitectos (\u00a9 Eugeni Pons)\" class=\"rl-gallery-link\" data-rl_caption=\"Sede central de Inaugure Hospitality \/ YLAB Arquitectos (\u00a9 Eugeni Pons)\" data-rel=\"lightbox-gallery-1\"><img loading=\"lazy\" decoding=\"async\" width=\"150\" height=\"150\" src=\"https:\/\/www.arquimaster.com.ar\/web\/wp-content\/uploads\/2014\/02\/inaugure_hospitality3-150x150.jpg\" class=\"attachment-thumbnail size-thumbnail\" alt=\"\" aria-describedby=\"gallery-1-2533\" srcset=\"https:\/\/www.arquimaster.com.ar\/web\/wp-content\/uploads\/2014\/02\/inaugure_hospitality3-150x150.jpg 150w, https:\/\/www.arquimaster.com.ar\/web\/wp-content\/uploads\/2014\/02\/inaugure_hospitality3-50x50.jpg 50w, https:\/\/www.arquimaster.com.ar\/web\/wp-content\/uploads\/2014\/02\/inaugure_hospitality3-125x125.jpg 125w\" sizes=\"auto, (max-width: 150px) 100vw, 150px\" \/><\/a>\n\t\t\t<\/div>\n\t\t\t\t<figcaption class='wp-caption-text gallery-caption' id='gallery-1-2533'>\n\t\t\t\tSede central de Inaugure Hospitality \/ YLAB Arquitectos (\u00a9 Eugeni Pons)\n\t\t\t\t<\/figcaption><\/figure><figure class='gallery-item'>\n\t\t\t<div class='gallery-icon landscape'>\n\t\t\t\t<a href='https:\/\/www.arquimaster.com.ar\/web\/wp-content\/uploads\/2014\/02\/inaugure_hospitality4.jpg' title=\"Sede central de Inaugure Hospitality \/ YLAB Arquitectos (\u00a9 Eugeni Pons)\" data-rl_title=\"Sede central de Inaugure Hospitality \/ YLAB Arquitectos (\u00a9 Eugeni Pons)\" class=\"rl-gallery-link\" data-rl_caption=\"Sede central de Inaugure Hospitality \/ YLAB Arquitectos (\u00a9 Eugeni Pons)\" data-rel=\"lightbox-gallery-1\"><img loading=\"lazy\" decoding=\"async\" width=\"150\" height=\"150\" src=\"https:\/\/www.arquimaster.com.ar\/web\/wp-content\/uploads\/2014\/02\/inaugure_hospitality4-150x150.jpg\" class=\"attachment-thumbnail size-thumbnail\" alt=\"\" aria-describedby=\"gallery-1-2534\" srcset=\"https:\/\/www.arquimaster.com.ar\/web\/wp-content\/uploads\/2014\/02\/inaugure_hospitality4-150x150.jpg 150w, https:\/\/www.arquimaster.com.ar\/web\/wp-content\/uploads\/2014\/02\/inaugure_hospitality4-50x50.jpg 50w, https:\/\/www.arquimaster.com.ar\/web\/wp-content\/uploads\/2014\/02\/inaugure_hospitality4-125x125.jpg 125w\" sizes=\"auto, (max-width: 150px) 100vw, 150px\" \/><\/a>\n\t\t\t<\/div>\n\t\t\t\t<figcaption class='wp-caption-text gallery-caption' id='gallery-1-2534'>\n\t\t\t\tSede central de Inaugure Hospitality \/ YLAB Arquitectos (\u00a9 Eugeni Pons)\n\t\t\t\t<\/figcaption><\/figure><figure class='gallery-item'>\n\t\t\t<div class='gallery-icon portrait'>\n\t\t\t\t<a href='https:\/\/www.arquimaster.com.ar\/web\/wp-content\/uploads\/2014\/02\/inaugure_hospitality5.jpg' title=\"Sede central de Inaugure Hospitality \/ YLAB Arquitectos (\u00a9 Eugeni Pons)\" data-rl_title=\"Sede central de Inaugure Hospitality \/ YLAB Arquitectos (\u00a9 Eugeni Pons)\" class=\"rl-gallery-link\" data-rl_caption=\"Sede central de Inaugure Hospitality \/ YLAB Arquitectos (\u00a9 Eugeni Pons)\" data-rel=\"lightbox-gallery-1\"><img loading=\"lazy\" decoding=\"async\" width=\"150\" height=\"150\" src=\"https:\/\/www.arquimaster.com.ar\/web\/wp-content\/uploads\/2014\/02\/inaugure_hospitality5-150x150.jpg\" class=\"attachment-thumbnail size-thumbnail\" alt=\"\" aria-describedby=\"gallery-1-2535\" srcset=\"https:\/\/www.arquimaster.com.ar\/web\/wp-content\/uploads\/2014\/02\/inaugure_hospitality5-150x150.jpg 150w, https:\/\/www.arquimaster.com.ar\/web\/wp-content\/uploads\/2014\/02\/inaugure_hospitality5-50x50.jpg 50w, https:\/\/www.arquimaster.com.ar\/web\/wp-content\/uploads\/2014\/02\/inaugure_hospitality5-125x125.jpg 125w\" sizes=\"auto, (max-width: 150px) 100vw, 150px\" \/><\/a>\n\t\t\t<\/div>\n\t\t\t\t<figcaption class='wp-caption-text gallery-caption' id='gallery-1-2535'>\n\t\t\t\tSede central de Inaugure Hospitality \/ YLAB Arquitectos (\u00a9 Eugeni Pons)\n\t\t\t\t<\/figcaption><\/figure><figure class='gallery-item'>\n\t\t\t<div class='gallery-icon landscape'>\n\t\t\t\t<a href='https:\/\/www.arquimaster.com.ar\/web\/wp-content\/uploads\/2014\/02\/inaugure_hospitality6.jpg' title=\"Sede central de Inaugure Hospitality \/ YLAB Arquitectos (\u00a9 Eugeni Pons)\" data-rl_title=\"Sede central de Inaugure Hospitality \/ YLAB Arquitectos (\u00a9 Eugeni Pons)\" class=\"rl-gallery-link\" data-rl_caption=\"Sede central de Inaugure Hospitality \/ YLAB Arquitectos (\u00a9 Eugeni Pons)\" data-rel=\"lightbox-gallery-1\"><img loading=\"lazy\" decoding=\"async\" width=\"150\" height=\"150\" src=\"https:\/\/www.arquimaster.com.ar\/web\/wp-content\/uploads\/2014\/02\/inaugure_hospitality6-150x150.jpg\" class=\"attachment-thumbnail size-thumbnail\" alt=\"\" aria-describedby=\"gallery-1-2536\" srcset=\"https:\/\/www.arquimaster.com.ar\/web\/wp-content\/uploads\/2014\/02\/inaugure_hospitality6-150x150.jpg 150w, https:\/\/www.arquimaster.com.ar\/web\/wp-content\/uploads\/2014\/02\/inaugure_hospitality6-50x50.jpg 50w, https:\/\/www.arquimaster.com.ar\/web\/wp-content\/uploads\/2014\/02\/inaugure_hospitality6-125x125.jpg 125w\" sizes=\"auto, (max-width: 150px) 100vw, 150px\" \/><\/a>\n\t\t\t<\/div>\n\t\t\t\t<figcaption class='wp-caption-text gallery-caption' id='gallery-1-2536'>\n\t\t\t\tSede central de Inaugure Hospitality \/ YLAB Arquitectos (\u00a9 Eugeni Pons)\n\t\t\t\t<\/figcaption><\/figure><figure class='gallery-item'>\n\t\t\t<div class='gallery-icon portrait'>\n\t\t\t\t<a href='https:\/\/www.arquimaster.com.ar\/web\/wp-content\/uploads\/2014\/02\/inaugure_hospitality7.jpg' title=\"Sede central de Inaugure Hospitality \/ YLAB Arquitectos (\u00a9 Eugeni Pons)\" data-rl_title=\"Sede central de Inaugure Hospitality \/ YLAB Arquitectos (\u00a9 Eugeni Pons)\" class=\"rl-gallery-link\" data-rl_caption=\"Sede central de Inaugure Hospitality \/ YLAB Arquitectos (\u00a9 Eugeni Pons)\" data-rel=\"lightbox-gallery-1\"><img loading=\"lazy\" decoding=\"async\" width=\"150\" height=\"150\" src=\"https:\/\/www.arquimaster.com.ar\/web\/wp-content\/uploads\/2014\/02\/inaugure_hospitality7-150x150.jpg\" class=\"attachment-thumbnail size-thumbnail\" alt=\"\" aria-describedby=\"gallery-1-2537\" srcset=\"https:\/\/www.arquimaster.com.ar\/web\/wp-content\/uploads\/2014\/02\/inaugure_hospitality7-150x150.jpg 150w, https:\/\/www.arquimaster.com.ar\/web\/wp-content\/uploads\/2014\/02\/inaugure_hospitality7-50x50.jpg 50w, https:\/\/www.arquimaster.com.ar\/web\/wp-content\/uploads\/2014\/02\/inaugure_hospitality7-125x125.jpg 125w\" sizes=\"auto, (max-width: 150px) 100vw, 150px\" \/><\/a>\n\t\t\t<\/div>\n\t\t\t\t<figcaption class='wp-caption-text gallery-caption' id='gallery-1-2537'>\n\t\t\t\tSede central de Inaugure Hospitality \/ YLAB Arquitectos (\u00a9 Eugeni Pons)\n\t\t\t\t<\/figcaption><\/figure><figure class='gallery-item'>\n\t\t\t<div class='gallery-icon landscape'>\n\t\t\t\t<a href='https:\/\/www.arquimaster.com.ar\/web\/wp-content\/uploads\/2014\/02\/inaugure_hospitality8.jpg' title=\"Sede central de Inaugure Hospitality \/ YLAB Arquitectos (\u00a9 Eugeni Pons)\" data-rl_title=\"Sede central de Inaugure Hospitality \/ YLAB Arquitectos (\u00a9 Eugeni Pons)\" class=\"rl-gallery-link\" data-rl_caption=\"Sede central de Inaugure Hospitality \/ YLAB Arquitectos (\u00a9 Eugeni Pons)\" data-rel=\"lightbox-gallery-1\"><img loading=\"lazy\" decoding=\"async\" width=\"150\" height=\"150\" src=\"https:\/\/www.arquimaster.com.ar\/web\/wp-content\/uploads\/2014\/02\/inaugure_hospitality8-150x150.jpg\" class=\"attachment-thumbnail size-thumbnail\" alt=\"\" aria-describedby=\"gallery-1-2538\" srcset=\"https:\/\/www.arquimaster.com.ar\/web\/wp-content\/uploads\/2014\/02\/inaugure_hospitality8-150x150.jpg 150w, https:\/\/www.arquimaster.com.ar\/web\/wp-content\/uploads\/2014\/02\/inaugure_hospitality8-50x50.jpg 50w, https:\/\/www.arquimaster.com.ar\/web\/wp-content\/uploads\/2014\/02\/inaugure_hospitality8-125x125.jpg 125w\" sizes=\"auto, (max-width: 150px) 100vw, 150px\" \/><\/a>\n\t\t\t<\/div>\n\t\t\t\t<figcaption class='wp-caption-text gallery-caption' id='gallery-1-2538'>\n\t\t\t\tSede central de Inaugure Hospitality \/ YLAB Arquitectos (\u00a9 Eugeni Pons)\n\t\t\t\t<\/figcaption><\/figure><figure class='gallery-item'>\n\t\t\t<div class='gallery-icon portrait'>\n\t\t\t\t<a href='https:\/\/www.arquimaster.com.ar\/web\/wp-content\/uploads\/2014\/02\/inaugure_hospitality9.jpg' title=\"Sede central de Inaugure Hospitality \/ YLAB Arquitectos (\u00a9 Eugeni Pons)\" data-rl_title=\"Sede central de Inaugure Hospitality \/ YLAB Arquitectos (\u00a9 Eugeni Pons)\" class=\"rl-gallery-link\" data-rl_caption=\"Sede central de Inaugure Hospitality \/ YLAB Arquitectos (\u00a9 Eugeni Pons)\" data-rel=\"lightbox-gallery-1\"><img loading=\"lazy\" decoding=\"async\" width=\"150\" height=\"150\" src=\"https:\/\/www.arquimaster.com.ar\/web\/wp-content\/uploads\/2014\/02\/inaugure_hospitality9-150x150.jpg\" class=\"attachment-thumbnail size-thumbnail\" alt=\"\" aria-describedby=\"gallery-1-2539\" srcset=\"https:\/\/www.arquimaster.com.ar\/web\/wp-content\/uploads\/2014\/02\/inaugure_hospitality9-150x150.jpg 150w, https:\/\/www.arquimaster.com.ar\/web\/wp-content\/uploads\/2014\/02\/inaugure_hospitality9-50x50.jpg 50w, https:\/\/www.arquimaster.com.ar\/web\/wp-content\/uploads\/2014\/02\/inaugure_hospitality9-125x125.jpg 125w\" sizes=\"auto, (max-width: 150px) 100vw, 150px\" \/><\/a>\n\t\t\t<\/div>\n\t\t\t\t<figcaption class='wp-caption-text gallery-caption' id='gallery-1-2539'>\n\t\t\t\tSede central de Inaugure Hospitality \/ YLAB Arquitectos (\u00a9 Eugeni Pons)\n\t\t\t\t<\/figcaption><\/figure><figure class='gallery-item'>\n\t\t\t<div class='gallery-icon portrait'>\n\t\t\t\t<a href='https:\/\/www.arquimaster.com.ar\/web\/wp-content\/uploads\/2014\/02\/inaugure_hospitality10.jpg' title=\"Sede central de Inaugure Hospitality \/ YLAB Arquitectos (\u00a9 Eugeni Pons)\" data-rl_title=\"Sede central de Inaugure Hospitality \/ YLAB Arquitectos (\u00a9 Eugeni Pons)\" class=\"rl-gallery-link\" data-rl_caption=\"Sede central de Inaugure Hospitality \/ YLAB Arquitectos (\u00a9 Eugeni Pons)\" data-rel=\"lightbox-gallery-1\"><img loading=\"lazy\" decoding=\"async\" width=\"150\" height=\"150\" src=\"https:\/\/www.arquimaster.com.ar\/web\/wp-content\/uploads\/2014\/02\/inaugure_hospitality10-150x150.jpg\" class=\"attachment-thumbnail size-thumbnail\" alt=\"\" aria-describedby=\"gallery-1-2540\" srcset=\"https:\/\/www.arquimaster.com.ar\/web\/wp-content\/uploads\/2014\/02\/inaugure_hospitality10-150x150.jpg 150w, https:\/\/www.arquimaster.com.ar\/web\/wp-content\/uploads\/2014\/02\/inaugure_hospitality10-50x50.jpg 50w, https:\/\/www.arquimaster.com.ar\/web\/wp-content\/uploads\/2014\/02\/inaugure_hospitality10-125x125.jpg 125w\" sizes=\"auto, (max-width: 150px) 100vw, 150px\" \/><\/a>\n\t\t\t<\/div>\n\t\t\t\t<figcaption class='wp-caption-text gallery-caption' id='gallery-1-2540'>\n\t\t\t\tSede central de Inaugure Hospitality \/ YLAB Arquitectos (\u00a9 Eugeni Pons)\n\t\t\t\t<\/figcaption><\/figure><figure class='gallery-item'>\n\t\t\t<div class='gallery-icon landscape'>\n\t\t\t\t<a href='https:\/\/www.arquimaster.com.ar\/web\/wp-content\/uploads\/2014\/02\/inaugure_hospitality11.jpg' title=\"Sede central de Inaugure Hospitality \/ YLAB Arquitectos (\u00a9 Eugeni Pons)\" data-rl_title=\"Sede central de Inaugure Hospitality \/ YLAB Arquitectos (\u00a9 Eugeni Pons)\" class=\"rl-gallery-link\" data-rl_caption=\"Sede central de Inaugure Hospitality \/ YLAB Arquitectos (\u00a9 Eugeni Pons)\" data-rel=\"lightbox-gallery-1\"><img loading=\"lazy\" decoding=\"async\" width=\"150\" height=\"150\" src=\"https:\/\/www.arquimaster.com.ar\/web\/wp-content\/uploads\/2014\/02\/inaugure_hospitality11-150x150.jpg\" class=\"attachment-thumbnail size-thumbnail\" alt=\"\" aria-describedby=\"gallery-1-2541\" srcset=\"https:\/\/www.arquimaster.com.ar\/web\/wp-content\/uploads\/2014\/02\/inaugure_hospitality11-150x150.jpg 150w, https:\/\/www.arquimaster.com.ar\/web\/wp-content\/uploads\/2014\/02\/inaugure_hospitality11-50x50.jpg 50w, https:\/\/www.arquimaster.com.ar\/web\/wp-content\/uploads\/2014\/02\/inaugure_hospitality11-125x125.jpg 125w\" sizes=\"auto, (max-width: 150px) 100vw, 150px\" \/><\/a>\n\t\t\t<\/div>\n\t\t\t\t<figcaption class='wp-caption-text gallery-caption' id='gallery-1-2541'>\n\t\t\t\tSede central de Inaugure Hospitality \/ YLAB Arquitectos (\u00a9 Eugeni Pons)\n\t\t\t\t<\/figcaption><\/figure><figure class='gallery-item'>\n\t\t\t<div class='gallery-icon landscape'>\n\t\t\t\t<a href='https:\/\/www.arquimaster.com.ar\/web\/wp-content\/uploads\/2014\/02\/inaugure_hospitality12.jpg' title=\"Sede central de Inaugure Hospitality \/ YLAB Arquitectos (\u00a9 Eugeni Pons)\" data-rl_title=\"Sede central de Inaugure Hospitality \/ YLAB Arquitectos (\u00a9 Eugeni Pons)\" class=\"rl-gallery-link\" data-rl_caption=\"Sede central de Inaugure Hospitality \/ YLAB Arquitectos (\u00a9 Eugeni Pons)\" data-rel=\"lightbox-gallery-1\"><img loading=\"lazy\" decoding=\"async\" width=\"150\" height=\"150\" src=\"https:\/\/www.arquimaster.com.ar\/web\/wp-content\/uploads\/2014\/02\/inaugure_hospitality12-150x150.jpg\" class=\"attachment-thumbnail size-thumbnail\" alt=\"\" aria-describedby=\"gallery-1-2542\" srcset=\"https:\/\/www.arquimaster.com.ar\/web\/wp-content\/uploads\/2014\/02\/inaugure_hospitality12-150x150.jpg 150w, https:\/\/www.arquimaster.com.ar\/web\/wp-content\/uploads\/2014\/02\/inaugure_hospitality12-50x50.jpg 50w, https:\/\/www.arquimaster.com.ar\/web\/wp-content\/uploads\/2014\/02\/inaugure_hospitality12-125x125.jpg 125w\" sizes=\"auto, (max-width: 150px) 100vw, 150px\" \/><\/a>\n\t\t\t<\/div>\n\t\t\t\t<figcaption class='wp-caption-text gallery-caption' id='gallery-1-2542'>\n\t\t\t\tSede central de Inaugure Hospitality \/ YLAB Arquitectos (\u00a9 Eugeni Pons)\n\t\t\t\t<\/figcaption><\/figure><figure class='gallery-item'>\n\t\t\t<div class='gallery-icon landscape'>\n\t\t\t\t<a href='https:\/\/www.arquimaster.com.ar\/web\/wp-content\/uploads\/2014\/02\/inaugure_hospitality13.jpg' title=\"Sede central de Inaugure Hospitality \/ YLAB Arquitectos (\u00a9 Eugeni Pons)\" data-rl_title=\"Sede central de Inaugure Hospitality \/ YLAB Arquitectos (\u00a9 Eugeni Pons)\" class=\"rl-gallery-link\" data-rl_caption=\"Sede central de Inaugure Hospitality \/ YLAB Arquitectos (\u00a9 Eugeni Pons)\" data-rel=\"lightbox-gallery-1\"><img loading=\"lazy\" decoding=\"async\" width=\"150\" height=\"150\" src=\"https:\/\/www.arquimaster.com.ar\/web\/wp-content\/uploads\/2014\/02\/inaugure_hospitality13-150x150.jpg\" class=\"attachment-thumbnail size-thumbnail\" alt=\"\" aria-describedby=\"gallery-1-2543\" srcset=\"https:\/\/www.arquimaster.com.ar\/web\/wp-content\/uploads\/2014\/02\/inaugure_hospitality13-150x150.jpg 150w, https:\/\/www.arquimaster.com.ar\/web\/wp-content\/uploads\/2014\/02\/inaugure_hospitality13-50x50.jpg 50w, https:\/\/www.arquimaster.com.ar\/web\/wp-content\/uploads\/2014\/02\/inaugure_hospitality13-125x125.jpg 125w\" sizes=\"auto, (max-width: 150px) 100vw, 150px\" \/><\/a>\n\t\t\t<\/div>\n\t\t\t\t<figcaption class='wp-caption-text gallery-caption' id='gallery-1-2543'>\n\t\t\t\tSede central de Inaugure Hospitality \/ YLAB Arquitectos (\u00a9 Eugeni Pons)\n\t\t\t\t<\/figcaption><\/figure><figure class='gallery-item'>\n\t\t\t<div class='gallery-icon portrait'>\n\t\t\t\t<a href='https:\/\/www.arquimaster.com.ar\/web\/wp-content\/uploads\/2014\/02\/inaugure_hospitality14.jpg' title=\"Sede central de Inaugure Hospitality \/ YLAB Arquitectos (\u00a9 Eugeni Pons)\" data-rl_title=\"Sede central de Inaugure Hospitality \/ YLAB Arquitectos (\u00a9 Eugeni Pons)\" class=\"rl-gallery-link\" data-rl_caption=\"Sede central de Inaugure Hospitality \/ YLAB Arquitectos (\u00a9 Eugeni Pons)\" data-rel=\"lightbox-gallery-1\"><img loading=\"lazy\" decoding=\"async\" width=\"150\" height=\"150\" src=\"https:\/\/www.arquimaster.com.ar\/web\/wp-content\/uploads\/2014\/02\/inaugure_hospitality14-150x150.jpg\" class=\"attachment-thumbnail size-thumbnail\" alt=\"\" aria-describedby=\"gallery-1-2544\" srcset=\"https:\/\/www.arquimaster.com.ar\/web\/wp-content\/uploads\/2014\/02\/inaugure_hospitality14-150x150.jpg 150w, https:\/\/www.arquimaster.com.ar\/web\/wp-content\/uploads\/2014\/02\/inaugure_hospitality14-50x50.jpg 50w, https:\/\/www.arquimaster.com.ar\/web\/wp-content\/uploads\/2014\/02\/inaugure_hospitality14-125x125.jpg 125w\" sizes=\"auto, (max-width: 150px) 100vw, 150px\" \/><\/a>\n\t\t\t<\/div>\n\t\t\t\t<figcaption class='wp-caption-text gallery-caption' id='gallery-1-2544'>\n\t\t\t\tSede central de Inaugure Hospitality \/ YLAB Arquitectos (\u00a9 Eugeni Pons)\n\t\t\t\t<\/figcaption><\/figure><figure class='gallery-item'>\n\t\t\t<div class='gallery-icon landscape'>\n\t\t\t\t<a href='https:\/\/www.arquimaster.com.ar\/web\/wp-content\/uploads\/2014\/02\/inaugure_hospitality15.jpg' title=\"Sede central de Inaugure Hospitality \/ YLAB Arquitectos (\u00a9 Eugeni Pons)\" data-rl_title=\"Sede central de Inaugure Hospitality \/ YLAB Arquitectos (\u00a9 Eugeni Pons)\" class=\"rl-gallery-link\" data-rl_caption=\"Sede central de Inaugure Hospitality \/ YLAB Arquitectos (\u00a9 Eugeni Pons)\" data-rel=\"lightbox-gallery-1\"><img loading=\"lazy\" decoding=\"async\" width=\"150\" height=\"150\" src=\"https:\/\/www.arquimaster.com.ar\/web\/wp-content\/uploads\/2014\/02\/inaugure_hospitality15-150x150.jpg\" class=\"attachment-thumbnail size-thumbnail\" alt=\"\" aria-describedby=\"gallery-1-2545\" srcset=\"https:\/\/www.arquimaster.com.ar\/web\/wp-content\/uploads\/2014\/02\/inaugure_hospitality15-150x150.jpg 150w, https:\/\/www.arquimaster.com.ar\/web\/wp-content\/uploads\/2014\/02\/inaugure_hospitality15-50x50.jpg 50w, https:\/\/www.arquimaster.com.ar\/web\/wp-content\/uploads\/2014\/02\/inaugure_hospitality15-125x125.jpg 125w\" sizes=\"auto, (max-width: 150px) 100vw, 150px\" \/><\/a>\n\t\t\t<\/div>\n\t\t\t\t<figcaption class='wp-caption-text gallery-caption' id='gallery-1-2545'>\n\t\t\t\tSede central de Inaugure Hospitality \/ YLAB Arquitectos (\u00a9 Eugeni Pons)\n\t\t\t\t<\/figcaption><\/figure><figure class='gallery-item'>\n\t\t\t<div class='gallery-icon portrait'>\n\t\t\t\t<a href='https:\/\/www.arquimaster.com.ar\/web\/wp-content\/uploads\/2014\/02\/inaugure_hospitality16.jpg' title=\"Sede central de Inaugure Hospitality \/ YLAB Arquitectos (\u00a9 Eugeni Pons)\" data-rl_title=\"Sede central de Inaugure Hospitality \/ YLAB Arquitectos (\u00a9 Eugeni Pons)\" class=\"rl-gallery-link\" data-rl_caption=\"Sede central de Inaugure Hospitality \/ YLAB Arquitectos (\u00a9 Eugeni Pons)\" data-rel=\"lightbox-gallery-1\"><img loading=\"lazy\" decoding=\"async\" width=\"150\" height=\"150\" src=\"https:\/\/www.arquimaster.com.ar\/web\/wp-content\/uploads\/2014\/02\/inaugure_hospitality16-150x150.jpg\" class=\"attachment-thumbnail size-thumbnail\" alt=\"\" aria-describedby=\"gallery-1-2546\" srcset=\"https:\/\/www.arquimaster.com.ar\/web\/wp-content\/uploads\/2014\/02\/inaugure_hospitality16-150x150.jpg 150w, https:\/\/www.arquimaster.com.ar\/web\/wp-content\/uploads\/2014\/02\/inaugure_hospitality16-50x50.jpg 50w, https:\/\/www.arquimaster.com.ar\/web\/wp-content\/uploads\/2014\/02\/inaugure_hospitality16-125x125.jpg 125w\" sizes=\"auto, (max-width: 150px) 100vw, 150px\" \/><\/a>\n\t\t\t<\/div>\n\t\t\t\t<figcaption class='wp-caption-text gallery-caption' id='gallery-1-2546'>\n\t\t\t\tSede central de Inaugure Hospitality \/ YLAB Arquitectos (\u00a9 Eugeni Pons)\n\t\t\t\t<\/figcaption><\/figure><figure class='gallery-item'>\n\t\t\t<div class='gallery-icon landscape'>\n\t\t\t\t<a href='https:\/\/www.arquimaster.com.ar\/web\/wp-content\/uploads\/2014\/02\/inaugure_hospitality17.jpg' title=\"Sede central de Inaugure Hospitality \/ YLAB Arquitectos (\u00a9 Eugeni Pons)\" data-rl_title=\"Sede central de Inaugure Hospitality \/ YLAB Arquitectos (\u00a9 Eugeni Pons)\" class=\"rl-gallery-link\" data-rl_caption=\"Sede central de Inaugure Hospitality \/ YLAB Arquitectos (\u00a9 Eugeni Pons)\" data-rel=\"lightbox-gallery-1\"><img loading=\"lazy\" decoding=\"async\" width=\"150\" height=\"150\" src=\"https:\/\/www.arquimaster.com.ar\/web\/wp-content\/uploads\/2014\/02\/inaugure_hospitality17-150x150.jpg\" class=\"attachment-thumbnail size-thumbnail\" alt=\"\" aria-describedby=\"gallery-1-2547\" srcset=\"https:\/\/www.arquimaster.com.ar\/web\/wp-content\/uploads\/2014\/02\/inaugure_hospitality17-150x150.jpg 150w, https:\/\/www.arquimaster.com.ar\/web\/wp-content\/uploads\/2014\/02\/inaugure_hospitality17-50x50.jpg 50w, https:\/\/www.arquimaster.com.ar\/web\/wp-content\/uploads\/2014\/02\/inaugure_hospitality17-125x125.jpg 125w\" sizes=\"auto, (max-width: 150px) 100vw, 150px\" \/><\/a>\n\t\t\t<\/div>\n\t\t\t\t<figcaption class='wp-caption-text gallery-caption' id='gallery-1-2547'>\n\t\t\t\tSede central de Inaugure Hospitality \/ YLAB Arquitectos (\u00a9 Eugeni Pons)\n\t\t\t\t<\/figcaption><\/figure><figure class='gallery-item'>\n\t\t\t<div class='gallery-icon landscape'>\n\t\t\t\t<a href='https:\/\/www.arquimaster.com.ar\/web\/wp-content\/uploads\/2014\/02\/inaugure_hospitality18.jpg' title=\"Sede central de Inaugure Hospitality \/ YLAB Arquitectos (\u00a9 Eugeni Pons)\" data-rl_title=\"Sede central de Inaugure Hospitality \/ YLAB Arquitectos (\u00a9 Eugeni Pons)\" class=\"rl-gallery-link\" data-rl_caption=\"Sede central de Inaugure Hospitality \/ YLAB Arquitectos (\u00a9 Eugeni Pons)\" data-rel=\"lightbox-gallery-1\"><img loading=\"lazy\" decoding=\"async\" width=\"150\" height=\"150\" src=\"https:\/\/www.arquimaster.com.ar\/web\/wp-content\/uploads\/2014\/02\/inaugure_hospitality18-150x150.jpg\" class=\"attachment-thumbnail size-thumbnail\" alt=\"\" aria-describedby=\"gallery-1-2548\" srcset=\"https:\/\/www.arquimaster.com.ar\/web\/wp-content\/uploads\/2014\/02\/inaugure_hospitality18-150x150.jpg 150w, https:\/\/www.arquimaster.com.ar\/web\/wp-content\/uploads\/2014\/02\/inaugure_hospitality18-50x50.jpg 50w, https:\/\/www.arquimaster.com.ar\/web\/wp-content\/uploads\/2014\/02\/inaugure_hospitality18-125x125.jpg 125w\" sizes=\"auto, (max-width: 150px) 100vw, 150px\" \/><\/a>\n\t\t\t<\/div>\n\t\t\t\t<figcaption class='wp-caption-text gallery-caption' id='gallery-1-2548'>\n\t\t\t\tSede central de Inaugure Hospitality \/ YLAB Arquitectos (\u00a9 Eugeni Pons)\n\t\t\t\t<\/figcaption><\/figure><figure class='gallery-item'>\n\t\t\t<div class='gallery-icon landscape'>\n\t\t\t\t<a href='https:\/\/www.arquimaster.com.ar\/web\/wp-content\/uploads\/2014\/02\/inaugure_hospitality19.jpg' title=\"Sede central de Inaugure Hospitality \/ YLAB Arquitectos (\u00a9 Eugeni Pons)\" data-rl_title=\"Sede central de Inaugure Hospitality \/ YLAB Arquitectos (\u00a9 Eugeni Pons)\" class=\"rl-gallery-link\" data-rl_caption=\"Sede central de Inaugure Hospitality \/ YLAB Arquitectos (\u00a9 Eugeni Pons)\" data-rel=\"lightbox-gallery-1\"><img loading=\"lazy\" decoding=\"async\" width=\"150\" height=\"150\" src=\"https:\/\/www.arquimaster.com.ar\/web\/wp-content\/uploads\/2014\/02\/inaugure_hospitality19-150x150.jpg\" class=\"attachment-thumbnail size-thumbnail\" alt=\"\" aria-describedby=\"gallery-1-2549\" srcset=\"https:\/\/www.arquimaster.com.ar\/web\/wp-content\/uploads\/2014\/02\/inaugure_hospitality19-150x150.jpg 150w, https:\/\/www.arquimaster.com.ar\/web\/wp-content\/uploads\/2014\/02\/inaugure_hospitality19-50x50.jpg 50w, https:\/\/www.arquimaster.com.ar\/web\/wp-content\/uploads\/2014\/02\/inaugure_hospitality19-125x125.jpg 125w\" sizes=\"auto, (max-width: 150px) 100vw, 150px\" \/><\/a>\n\t\t\t<\/div>\n\t\t\t\t<figcaption class='wp-caption-text gallery-caption' id='gallery-1-2549'>\n\t\t\t\tSede central de Inaugure Hospitality \/ YLAB Arquitectos (\u00a9 Eugeni Pons)\n\t\t\t\t<\/figcaption><\/figure><figure class='gallery-item'>\n\t\t\t<div class='gallery-icon landscape'>\n\t\t\t\t<a href='https:\/\/www.arquimaster.com.ar\/web\/wp-content\/uploads\/2014\/02\/inaugure_hospitality20.jpg' title=\"Sede central de Inaugure Hospitality \/ YLAB Arquitectos (\u00a9 Eugeni Pons)\" data-rl_title=\"Sede central de Inaugure Hospitality \/ YLAB Arquitectos (\u00a9 Eugeni Pons)\" class=\"rl-gallery-link\" data-rl_caption=\"Sede central de Inaugure Hospitality \/ YLAB Arquitectos (\u00a9 Eugeni Pons)\" data-rel=\"lightbox-gallery-1\"><img loading=\"lazy\" decoding=\"async\" width=\"150\" height=\"150\" src=\"https:\/\/www.arquimaster.com.ar\/web\/wp-content\/uploads\/2014\/02\/inaugure_hospitality20-150x150.jpg\" class=\"attachment-thumbnail size-thumbnail\" alt=\"\" aria-describedby=\"gallery-1-2550\" srcset=\"https:\/\/www.arquimaster.com.ar\/web\/wp-content\/uploads\/2014\/02\/inaugure_hospitality20-150x150.jpg 150w, https:\/\/www.arquimaster.com.ar\/web\/wp-content\/uploads\/2014\/02\/inaugure_hospitality20-50x50.jpg 50w, https:\/\/www.arquimaster.com.ar\/web\/wp-content\/uploads\/2014\/02\/inaugure_hospitality20-125x125.jpg 125w\" sizes=\"auto, (max-width: 150px) 100vw, 150px\" \/><\/a>\n\t\t\t<\/div>\n\t\t\t\t<figcaption class='wp-caption-text gallery-caption' id='gallery-1-2550'>\n\t\t\t\tSede central de Inaugure Hospitality \/ YLAB Arquitectos (\u00a9 Eugeni Pons)\n\t\t\t\t<\/figcaption><\/figure><figure class='gallery-item'>\n\t\t\t<div class='gallery-icon landscape'>\n\t\t\t\t<a href='https:\/\/www.arquimaster.com.ar\/web\/wp-content\/uploads\/2014\/02\/inaugure_hospitality21.jpg' title=\"Sede central de Inaugure Hospitality \/ YLAB Arquitectos (\u00a9 Eugeni Pons)\" data-rl_title=\"Sede central de Inaugure Hospitality \/ YLAB Arquitectos (\u00a9 Eugeni Pons)\" class=\"rl-gallery-link\" data-rl_caption=\"Sede central de Inaugure Hospitality \/ YLAB Arquitectos (\u00a9 Eugeni Pons)\" data-rel=\"lightbox-gallery-1\"><img loading=\"lazy\" decoding=\"async\" width=\"150\" height=\"150\" src=\"https:\/\/www.arquimaster.com.ar\/web\/wp-content\/uploads\/2014\/02\/inaugure_hospitality21-150x150.jpg\" class=\"attachment-thumbnail size-thumbnail\" alt=\"\" aria-describedby=\"gallery-1-2551\" srcset=\"https:\/\/www.arquimaster.com.ar\/web\/wp-content\/uploads\/2014\/02\/inaugure_hospitality21-150x150.jpg 150w, https:\/\/www.arquimaster.com.ar\/web\/wp-content\/uploads\/2014\/02\/inaugure_hospitality21-50x50.jpg 50w, https:\/\/www.arquimaster.com.ar\/web\/wp-content\/uploads\/2014\/02\/inaugure_hospitality21-125x125.jpg 125w\" sizes=\"auto, (max-width: 150px) 100vw, 150px\" \/><\/a>\n\t\t\t<\/div>\n\t\t\t\t<figcaption class='wp-caption-text gallery-caption' id='gallery-1-2551'>\n\t\t\t\tSede central de Inaugure Hospitality \/ YLAB Arquitectos (\u00a9 Eugeni Pons)\n\t\t\t\t<\/figcaption><\/figure><figure class='gallery-item'>\n\t\t\t<div class='gallery-icon landscape'>\n\t\t\t\t<a href='https:\/\/www.arquimaster.com.ar\/web\/wp-content\/uploads\/2014\/02\/inaugure_hospitality_planta.jpg' title=\"Sede central de Inaugure Hospitality \/ YLAB Arquitectos (planta y corte)\" data-rl_title=\"Sede central de Inaugure Hospitality \/ YLAB Arquitectos (planta y corte)\" class=\"rl-gallery-link\" data-rl_caption=\"Sede central de Inaugure Hospitality \/ YLAB Arquitectos (planta y corte)\" data-rel=\"lightbox-gallery-1\"><img loading=\"lazy\" decoding=\"async\" width=\"150\" height=\"150\" src=\"https:\/\/www.arquimaster.com.ar\/web\/wp-content\/uploads\/2014\/02\/inaugure_hospitality_planta-150x150.jpg\" class=\"attachment-thumbnail size-thumbnail\" alt=\"\" aria-describedby=\"gallery-1-2530\" srcset=\"https:\/\/www.arquimaster.com.ar\/web\/wp-content\/uploads\/2014\/02\/inaugure_hospitality_planta-150x150.jpg 150w, https:\/\/www.arquimaster.com.ar\/web\/wp-content\/uploads\/2014\/02\/inaugure_hospitality_planta-50x50.jpg 50w, https:\/\/www.arquimaster.com.ar\/web\/wp-content\/uploads\/2014\/02\/inaugure_hospitality_planta-125x125.jpg 125w\" sizes=\"auto, (max-width: 150px) 100vw, 150px\" \/><\/a>\n\t\t\t<\/div>\n\t\t\t\t<figcaption class='wp-caption-text gallery-caption' id='gallery-1-2530'>\n\t\t\t\tSede central de Inaugure Hospitality \/ YLAB Arquitectos (planta y corte)\n\t\t\t\t<\/figcaption><\/figure>\n\t\t<\/div>\n\n<p>El cliente convoc\u00f3 un concurso invitando a YLAB Arquitectos a presentar una propuesta para el dise\u00f1o y la gesti\u00f3n de proyecto. La propuesta deb\u00eda seguir los conceptos estrat\u00e9gicos b\u00e1sicos de marca formulados por la consultora internacional Future Brand y las exigencias funcionales marcadas por el cliente en cuanto a eficiencia del espacio de trabajo, n\u00famero de empleados o tipolog\u00eda de los diferentes despachos, salas de reuniones, de espera y dem\u00e1s espacios. Se requer\u00eda un espacio funcional e inspirador de formas org\u00e1nicas que promoviera la comunicaci\u00f3n y proporcionara un agradable ambiente de trabajo.<\/p>\n<p>YLAB Arquitectos present\u00f3 la propuesta ganadora, basada en el desarrollo org\u00e1nico de la distribuci\u00f3n que alojaba las diferentes funciones de forma equilibrada y espaciosa. El espacio deb\u00eda contar una historia, creando una tensi\u00f3n entre zonas cerradas y abiertas, haciendo que los pasillos y zonas abiertas parecieran un \u00fanico espacio continuo con formas suaves y zigzagueantes. Para potenciar esta idea algunas \u00e1reas funcionales fueron integradas visualmente dentro de este elemento abierto, quedando separadas por una simple partici\u00f3n de vidrio transparente. Se pretend\u00eda crear la ilusi\u00f3n de movimiento a trav\u00e9s del espacio, invitando a recorrer los pasillos y querer descubrir m\u00e1s al doblar la esquina.<\/p>\n<p>Otro aspecto fundamental del proyecto son las divisorias, que definen las diferentes \u00e1reas funcionales magnificando el hueco de paso que las conecta con el resto del espacio, al mismo tiempo que deja fluir la luz natural. La mayor parte de tabiques est\u00e1n panelados en madera lacada brillante color marfil que confiere un aspecto moderno y luminoso a todo el espacio. Esta superficie se alterna con la madera de Doussi\u00e8, que confiere calidez y calma al mismo tiempo que aporta propiedades espirituales muy apreciadas en el oeste africano. Otros materiales importantes son el pavimento en moqueta gris claro y la siller\u00eda tapizada en lana fr\u00eda en distintos colores seg\u00fan los espacios, que aportan confort, color y textura.<\/p>\n<p>En la zona de recepci\u00f3n, una gran mesa realizada en corian blanco frente a una pared curvada totalmente panelada de madera, da la bienvenida al visitante brind\u00e1ndole una magn\u00edfica primera impresi\u00f3n. A continuaci\u00f3n, en una zona m\u00e1s tranquila, la zona de espera ofrece un entorno flexible para que visitantes o empleados puedan hacer una pausa o charlar.<\/p>\n<p>En la fachada de Paseo de Gracia y frente a la Casa Mil\u00e0 de Gaud\u00ed, se alinean el despacho de direcci\u00f3n, un despacho adjunto y la sala de reuniones. La sala de reuniones est\u00e1 equipada por una enorme mesa de corian blanco con un hueco central cuyo sobre parece estar en voladizo. En la pared una escult\u00f3rica ra\u00edz africana contrasta con la modernidad de la sala y su mobiliario.<\/p>\n<p>Muy cerca, el panelado del tabique que separa la sala de reuniones con el despacho adyacente est\u00e1 perforado por formas geom\u00e9tricas generadas con herramientas param\u00e9tricas de dise\u00f1o que recrean la silueta retroiluminada de la ciudad de Dakar, la capital de Senegal. Este elemento simboliza el nexo entre los or\u00edgenes de Inaugure dentro del holding empresarial del Africa Occidental con base en Senegal, Teylium International Group, con la joven empresa Inaugure Hospitality fuertemente orientada hacia el futuro. Future meets history.<\/p>\n<p>En la fachada opuesta, ocupando el \u00e1rea tras la recepci\u00f3n, se encuentra la zona abierta de trabajo amueblada por mesas alargadas tipo benches y flanqueada lateralmente por diversas oficinas independientes. El resultado final cumple el reto marcado por el cliente, aunando acabados contempor\u00e1neos en tonos blancos y reflectantes, con ambientes llenos de energ\u00eda gracias al uso de colores y de texturas vibrantes, c\u00e1lidas e intensas. Un entorno de trabajo \u00fanico que refleja la filosof\u00eda y los valores de la empresa.<\/p>\n<p><strong>Memoria de calidades y mobiliario<\/strong><br \/>\nPavimento interior: moqueta en rollo Egge Epoca Globe 0687705 color gris claro, ejecuci\u00f3n Cotlin.<br \/>\nAcabados de paredes y techos: pintura pl\u00e1stica mate lisa color blanco RAL 9016. Pintura pl\u00e1stica mate lisa color beige Valentine VD 142 Tao con blanco al 50%.<br \/>\nAplacados y acabados de mobiliario alto y divisorias: acabado en laca acr\u00edlica lisa brillo color blanco RAL 9016. Laminado decorativo alta presi\u00f3n Formica Laminate Woods F5147. Laminado decorativo alta presi\u00f3n acabado liso blanco Formica Laminate F7949. Armarios altos modelo MH de Bordonabe.<br \/>\nMobiliario a medida -mesa de recepci\u00f3n, mobiliario de cocina office y mesa de reuniones-: mobiliario revestido de panel blanco PRAL 2060 de Abet Laminati acabado pulido, dise\u00f1o Ylab Arquitectos y ejecuci\u00f3n Ebanister\u00eda Ag\u00fcera.<br \/>\nDivisorias interiores de vidrio: vidrio incoloro laminado templado. Puertas practicables con perfiler\u00eda de acero Jansen Economy 50 acabado blanco. Puertas correderas colgadas con herrajes Dorma Agile con gu\u00edas ocultas, dise\u00f1o Ylab Arquitectos y ejecuci\u00f3n Cristaler\u00eda Bonanova.<br \/>\nMobiliario comercial: sala de reuniones: sillas System 89 de Haworth. Cocina office: taburete Catifa 0481 de Arper, oficinas: butaca Catifa 80, Aston Direction S 1919, Aston Conference 1928, Aston Office S 1918, de Arper. Espera y direcci\u00f3n: sof\u00e1 Sean 1401, Mesa Dizzie 0688, butaca Catifa 80, de Arper. Mesas de despacho con armario de apoyo modelo MH de Bordonabe.<br \/>\nCortinas y venecianas: sistema de panel japon\u00e9s de Sice Sistemas de Cortinas.<br \/>\nIluminaci\u00f3n: plaf\u00f3n de techo Plus sim\u00e9trico de Vibia. Plaf\u00f3n de techo Big de Vibia. Plaf\u00f3n de pared Puck Wall Art de Vibia. L\u00e1mpara de mesa Oslo de Metalarte. L\u00e1mpara de suspensi\u00f3n Felt Shade de Tom Dixon. Iluminaci\u00f3n indirecta cinta led SMD de Withled.<\/p>\n<p><strong>Acerca de los proyectistas<\/strong><br \/>\nYLAB arquitectos es un estudio de arquitectura de procedencia espa\u00f1ola-alemana formada por Tobias Laarmann y Yolanda Yuste. Desde su sede en Barcelona YLAB ofrece servicios de planificaci\u00f3n, gesti\u00f3n y edificaci\u00f3n de proyectos de arquitectura e interiorismo. YLAB est\u00e1 especializado en proyectos de dise\u00f1o residencial, comercial y corporativo.<\/p>\n<p><strong>Ficha tecnica<\/strong><br \/>\nNombre del proyecto: Sede central de Inaugure Hospitality<br \/>\nUbicaci\u00f3n: Paseo de Gracia, Barcelona<br \/>\nArquitectura e interiorismo: YLAB Arquitectos Barcelona<br \/>\nAutores: Tobias Laarmann y Yolanda Yuste L\u00f3pez<br \/>\nProyecto: Reforma y adecuaci\u00f3n de local para oficinas<br \/>\nPromotor: Inaugure Hospitality Group<br \/>\nSuperficie: 475 m2<br \/>\nEjecuci\u00f3n: 10\/12-02\/13<br \/>\nPresupuesto de obra: 275.000 \u20ac<br \/>\nPresupuesto de amueblamiento: 40.000 \u20ac<br \/>\nFotograf\u00eda: <a title=\"Eugeni Pons\" href=\"http:\/\/www.eugeni-pons.com\" target=\"_blank\">Eugeni Pons<\/a><br \/>\nContratista e industriales: 7Works General Contractor, Ebanister\u00eda Ag\u00fcera, Cristaler\u00eda Bonanova, IEAISA Ingenier\u00eda, Pavimentos Cotlin Bcn<br \/>\nSuministradores: Arper, Muebles Bordonabe, Grup Sesaelec, Haworth, Vibia, Saltoki, Sice, Suministros de Arquitectura<\/p>\n<p><strong>Contacto:<\/strong> <a title=\"YLAB Arquitectos\" href=\"http:\/\/www.ylab.es\" target=\"_blank\">http:\/\/www.ylab.es<\/a><\/p>\n<p>&nbsp;<\/p>\n<p><em><strong>English version<\/strong><\/em><\/p>\n<p><em>Inaugure Hospitality headquarter in Barcelona<\/em><\/p>\n<p><em>YLAB Arquitectos designed the Inaugure Hospitality Group Headquarters in Barcelona at Paseo de Gracia, one of the most important shopping and business addresses in Barcelona. We were invited to tender for the design and project management. We knew that to win the project we had to produce a design that met the client brief from a functional perspective, yet far exceed their expectations with the design concept and remain within budget.<\/em><\/p>\n<p><em>Paris based consultancy agency Future Brand was appointed to manage the project corporate image, and as such distributed the basic brand strategy concepts. The client side project management distributed the functional information required to plan the office space efficiently, such as number of staff, number of open-plan spaces and closed offices, required number and size of meeting spaces, individual and departmental relationships, specialized areas, such as IT server room and functionality, and basic functions which include the pantry, storage and equipment areas. Inaugure Hospitality also asked us to create an organic, functional and an inspiring work space that encourages good communication, a place where people enjoy coming to work.<\/em><\/p>\n<p><em>Our starting point came from an organic development of the distribution with its functional areas. We wanted the space tell a story, creating a tension between closed areas and voids, making the corridors and open spaces look as one continuous, zigzagging and soft curved element. In order to strength this idea some functional areas were visually integrated within the open space, separated by a transparent glass partition. From there we wanted to create the illusion of movement throughout the space, drawing individuals along the corridor and inviting them to look around the next corner.<\/em><\/p>\n<p><em>In the reception area an extra large white corian counter in front of a wooden paneled back wall give visitors a great first impression of the office. Closed to the entrance, in a more quiet zone, a lounge area provides a flexible environment for visitors and employees to rest or have a chat.<\/em><\/p>\n<p><em>At the Passeig de Gracia facade, the large scale meeting room, the Chairman&#8217;s office and a second office are facing the Antoni Gaudi&#8217;s Casa Mila, offering the right view for internal and client meetings. The partitions are conceived to skillfully separate the individual areas, sufficiently blocking the view while allowing a maximum amount of natural light into the area.<\/em><\/p>\n<p><em>Most walls are covered by an elegant wall paneling in ivory white lacquered wood, adding a glossy high quality finish to the whole space. Closed to the meeting room this cladding is perforated forming a strong illuminated graphic which, at first glance, appears like a random array of freeform cut-outs shaped by scripted parametric textures.<\/em><\/p>\n<p><em>Only viewing it from a distance and a second look reveals that it displays the map of an important West African investment area like Dakar, the capital city of Senegal. This futuristic concept extends a wide arc to the origin of Inaugure as part of the Teylium International Group, as a West African holding company based in Senegal, with Inaugure Hospitality pointing to the future as a modern firm. Future meets History.<\/em><\/p>\n<p><em>We faced various challenges during the concept development stage, one of which was planning a contemporary bright reflecting white look, as given by Future Brand&#8217;s corporate brand concept and adding a multi color scheme for the office furniture, as given by Inaugure&#8217;s Chairman. As a result we created a white ambient formed by carpets, built-in furniture, walls and ceilings and introduced a slated warm Lenke wood (Afzelia africana) to the scheme, which we felt added warmth and a calming influence, as well as spiritual properties, according to West African cultures. Finally each room was given its own identity through different colored fine wool upholstered furniture.<\/em><\/p>\n<p><em>YLAB Arquitectos Barcelona is a Spanish-German architectural design firm formed by Tobias Laarmann and Yolanda Yuste. From their studio in Barcelona, YLAB works on the design, management and construction of architecture and interior design projects. YLAB is specialized in residential, commercial and corporate design.<\/em><\/p>\n\n<div style=\"font-size: 0px; height: 0px; line-height: 0px; margin: 0; padding: 0; clear: both;\"><\/div><div style=\"margin-top: 0px; margin-bottom: 0px;\" class=\"sharethis-inline-share-buttons\" ><\/div>","protected":false},"excerpt":{"rendered":"<p>Desarrollo org\u00e1nico de la distribuci\u00f3n que aloja las funciones de forma equilibrada y espaciosa&#8230;<\/p>\n","protected":false},"author":1,"featured_media":2529,"comment_status":"closed","ping_status":"closed","sticky":false,"template":"","format":"standard","meta":{"_uag_custom_page_level_css":"","footnotes":""},"categories":[76,1],"tags":[679,862,858,255,860,859,861],"class_list":["post-2528","post","type-post","status-publish","format-standard","has-post-thumbnail","hentry","category-arquitectura-corporativa","category-proyecto","tag-barcelona","tag-future-brand","tag-inaugure-hospitality","tag-oficinas","tag-tobias-laarmann","tag-ylab-arquitectos","tag-yolanda-yuste","generate-columns","tablet-grid-50","mobile-grid-100","grid-parent","grid-50"],"yoast_head":"<!-- This site is optimized with the Yoast SEO plugin v27.3 - https:\/\/yoast.com\/product\/yoast-seo-wordpress\/ -->\n<title>Sede central de Inaugure Hospitality \/ YLAB Arquitectos - Arquimaster<\/title>\n<meta name=\"robots\" content=\"index, follow, max-snippet:-1, max-image-preview:large, max-video-preview:-1\" \/>\n<link rel=\"canonical\" href=\"https:\/\/www.arquimaster.com.ar\/web\/sede-central-de-inaugure-hospitality-ylab-arquitectos\/\" \/>\n<meta property=\"og:locale\" content=\"es_ES\" \/>\n<meta property=\"og:type\" content=\"article\" \/>\n<meta property=\"og:title\" content=\"Sede central de Inaugure Hospitality \/ YLAB Arquitectos - Arquimaster\" \/>\n<meta property=\"og:description\" content=\"Desarrollo org\u00e1nico de la distribuci\u00f3n que aloja las funciones de forma equilibrada y espaciosa...\" \/>\n<meta property=\"og:url\" content=\"https:\/\/www.arquimaster.com.ar\/web\/sede-central-de-inaugure-hospitality-ylab-arquitectos\/\" \/>\n<meta property=\"og:site_name\" content=\"Arquimaster\" \/>\n<meta property=\"article:publisher\" content=\"http:\/\/www.facebook.com\/ARQUIMASTER.com.ar\" \/>\n<meta property=\"article:published_time\" content=\"2014-02-06T02:33:17+00:00\" \/>\n<meta property=\"article:modified_time\" content=\"2014-02-11T21:15:41+00:00\" \/>\n<meta property=\"og:image\" content=\"https:\/\/www.arquimaster.com.ar\/web\/wp-content\/uploads\/2014\/02\/inaugure_hospitality_slide.jpg\" \/>\n\t<meta property=\"og:image:width\" content=\"642\" \/>\n\t<meta property=\"og:image:height\" content=\"336\" \/>\n\t<meta property=\"og:image:type\" content=\"image\/jpeg\" \/>\n<meta name=\"author\" content=\"Arquimaster\" \/>\n<meta name=\"twitter:card\" content=\"summary_large_image\" \/>\n<meta name=\"twitter:creator\" content=\"@arquimaster\" \/>\n<meta name=\"twitter:site\" content=\"@arquimaster\" \/>\n<meta name=\"twitter:label1\" content=\"Escrito por\" \/>\n\t<meta name=\"twitter:data1\" content=\"Arquimaster\" \/>\n\t<meta name=\"twitter:label2\" content=\"Tiempo de lectura\" \/>\n\t<meta name=\"twitter:data2\" content=\"9 minutos\" \/>\n<script type=\"application\/ld+json\" class=\"yoast-schema-graph\">{\"@context\":\"https:\\\/\\\/schema.org\",\"@graph\":[{\"@type\":\"Article\",\"@id\":\"https:\\\/\\\/www.arquimaster.com.ar\\\/web\\\/sede-central-de-inaugure-hospitality-ylab-arquitectos\\\/#article\",\"isPartOf\":{\"@id\":\"https:\\\/\\\/www.arquimaster.com.ar\\\/web\\\/sede-central-de-inaugure-hospitality-ylab-arquitectos\\\/\"},\"author\":{\"name\":\"Arquimaster\",\"@id\":\"https:\\\/\\\/www.arquimaster.com.ar\\\/web\\\/#\\\/schema\\\/person\\\/359e9f7c00193fcde068e0dd2ceb0028\"},\"headline\":\"Sede central de Inaugure Hospitality \\\/ YLAB Arquitectos\",\"datePublished\":\"2014-02-06T02:33:17+00:00\",\"dateModified\":\"2014-02-11T21:15:41+00:00\",\"mainEntityOfPage\":{\"@id\":\"https:\\\/\\\/www.arquimaster.com.ar\\\/web\\\/sede-central-de-inaugure-hospitality-ylab-arquitectos\\\/\"},\"wordCount\":1796,\"publisher\":{\"@id\":\"https:\\\/\\\/www.arquimaster.com.ar\\\/web\\\/#organization\"},\"image\":{\"@id\":\"https:\\\/\\\/www.arquimaster.com.ar\\\/web\\\/sede-central-de-inaugure-hospitality-ylab-arquitectos\\\/#primaryimage\"},\"thumbnailUrl\":\"https:\\\/\\\/www.arquimaster.com.ar\\\/web\\\/wp-content\\\/uploads\\\/2014\\\/02\\\/inaugure_hospitality_slide.jpg\",\"keywords\":[\"Barcelona\",\"Future Brand\",\"Inaugure Hospitality\",\"oficinas\",\"Tobias Laarmann\",\"YLAB Arquitectos\",\"Yolanda Yuste\"],\"articleSection\":[\"Arquitectura corporativa\",\"Proyecto\"],\"inLanguage\":\"es\"},{\"@type\":\"WebPage\",\"@id\":\"https:\\\/\\\/www.arquimaster.com.ar\\\/web\\\/sede-central-de-inaugure-hospitality-ylab-arquitectos\\\/\",\"url\":\"https:\\\/\\\/www.arquimaster.com.ar\\\/web\\\/sede-central-de-inaugure-hospitality-ylab-arquitectos\\\/\",\"name\":\"Sede central de Inaugure Hospitality \\\/ YLAB Arquitectos - Arquimaster\",\"isPartOf\":{\"@id\":\"https:\\\/\\\/www.arquimaster.com.ar\\\/web\\\/#website\"},\"primaryImageOfPage\":{\"@id\":\"https:\\\/\\\/www.arquimaster.com.ar\\\/web\\\/sede-central-de-inaugure-hospitality-ylab-arquitectos\\\/#primaryimage\"},\"image\":{\"@id\":\"https:\\\/\\\/www.arquimaster.com.ar\\\/web\\\/sede-central-de-inaugure-hospitality-ylab-arquitectos\\\/#primaryimage\"},\"thumbnailUrl\":\"https:\\\/\\\/www.arquimaster.com.ar\\\/web\\\/wp-content\\\/uploads\\\/2014\\\/02\\\/inaugure_hospitality_slide.jpg\",\"datePublished\":\"2014-02-06T02:33:17+00:00\",\"dateModified\":\"2014-02-11T21:15:41+00:00\",\"breadcrumb\":{\"@id\":\"https:\\\/\\\/www.arquimaster.com.ar\\\/web\\\/sede-central-de-inaugure-hospitality-ylab-arquitectos\\\/#breadcrumb\"},\"inLanguage\":\"es\",\"potentialAction\":[{\"@type\":\"ReadAction\",\"target\":[\"https:\\\/\\\/www.arquimaster.com.ar\\\/web\\\/sede-central-de-inaugure-hospitality-ylab-arquitectos\\\/\"]}]},{\"@type\":\"ImageObject\",\"inLanguage\":\"es\",\"@id\":\"https:\\\/\\\/www.arquimaster.com.ar\\\/web\\\/sede-central-de-inaugure-hospitality-ylab-arquitectos\\\/#primaryimage\",\"url\":\"https:\\\/\\\/www.arquimaster.com.ar\\\/web\\\/wp-content\\\/uploads\\\/2014\\\/02\\\/inaugure_hospitality_slide.jpg\",\"contentUrl\":\"https:\\\/\\\/www.arquimaster.com.ar\\\/web\\\/wp-content\\\/uploads\\\/2014\\\/02\\\/inaugure_hospitality_slide.jpg\",\"width\":642,\"height\":336},{\"@type\":\"BreadcrumbList\",\"@id\":\"https:\\\/\\\/www.arquimaster.com.ar\\\/web\\\/sede-central-de-inaugure-hospitality-ylab-arquitectos\\\/#breadcrumb\",\"itemListElement\":[{\"@type\":\"ListItem\",\"position\":1,\"name\":\"Portada\",\"item\":\"https:\\\/\\\/www.arquimaster.com.ar\\\/web\\\/\"},{\"@type\":\"ListItem\",\"position\":2,\"name\":\"Sede central de Inaugure Hospitality \\\/ YLAB Arquitectos\"}]},{\"@type\":\"WebSite\",\"@id\":\"https:\\\/\\\/www.arquimaster.com.ar\\\/web\\\/#website\",\"url\":\"https:\\\/\\\/www.arquimaster.com.ar\\\/web\\\/\",\"name\":\"Arquimaster\",\"description\":\"Web de arquitectura, dise\u00f1o y construccion\",\"publisher\":{\"@id\":\"https:\\\/\\\/www.arquimaster.com.ar\\\/web\\\/#organization\"},\"potentialAction\":[{\"@type\":\"SearchAction\",\"target\":{\"@type\":\"EntryPoint\",\"urlTemplate\":\"https:\\\/\\\/www.arquimaster.com.ar\\\/web\\\/?s={search_term_string}\"},\"query-input\":{\"@type\":\"PropertyValueSpecification\",\"valueRequired\":true,\"valueName\":\"search_term_string\"}}],\"inLanguage\":\"es\"},{\"@type\":\"Organization\",\"@id\":\"https:\\\/\\\/www.arquimaster.com.ar\\\/web\\\/#organization\",\"name\":\"Arquimaster\",\"url\":\"https:\\\/\\\/www.arquimaster.com.ar\\\/web\\\/\",\"logo\":{\"@type\":\"ImageObject\",\"inLanguage\":\"es\",\"@id\":\"https:\\\/\\\/www.arquimaster.com.ar\\\/web\\\/#\\\/schema\\\/logo\\\/image\\\/\",\"url\":\"https:\\\/\\\/www.arquimaster.com.ar\\\/web\\\/wp-content\\\/uploads\\\/2022\\\/06\\\/arquimaster.png\",\"contentUrl\":\"https:\\\/\\\/www.arquimaster.com.ar\\\/web\\\/wp-content\\\/uploads\\\/2022\\\/06\\\/arquimaster.png\",\"width\":594,\"height\":78,\"caption\":\"Arquimaster\"},\"image\":{\"@id\":\"https:\\\/\\\/www.arquimaster.com.ar\\\/web\\\/#\\\/schema\\\/logo\\\/image\\\/\"},\"sameAs\":[\"http:\\\/\\\/www.facebook.com\\\/ARQUIMASTER.com.ar\",\"https:\\\/\\\/x.com\\\/arquimaster\",\"https:\\\/\\\/www.instagram.com\\\/arquimasterblog\\\/\",\"https:\\\/\\\/www.linkedin.com\\\/company\\\/arquimaster\",\"https:\\\/\\\/www.pinterest.com\\\/arquimaster\",\"https:\\\/\\\/t.me\\\/arquimaster\"]},{\"@type\":\"Person\",\"@id\":\"https:\\\/\\\/www.arquimaster.com.ar\\\/web\\\/#\\\/schema\\\/person\\\/359e9f7c00193fcde068e0dd2ceb0028\",\"name\":\"Arquimaster\"}]}<\/script>\n<!-- \/ Yoast SEO plugin. -->","yoast_head_json":{"title":"Sede central de Inaugure Hospitality \/ YLAB Arquitectos - Arquimaster","robots":{"index":"index","follow":"follow","max-snippet":"max-snippet:-1","max-image-preview":"max-image-preview:large","max-video-preview":"max-video-preview:-1"},"canonical":"https:\/\/www.arquimaster.com.ar\/web\/sede-central-de-inaugure-hospitality-ylab-arquitectos\/","og_locale":"es_ES","og_type":"article","og_title":"Sede central de Inaugure Hospitality \/ YLAB Arquitectos - Arquimaster","og_description":"Desarrollo org\u00e1nico de la distribuci\u00f3n que aloja las funciones de forma equilibrada y espaciosa...","og_url":"https:\/\/www.arquimaster.com.ar\/web\/sede-central-de-inaugure-hospitality-ylab-arquitectos\/","og_site_name":"Arquimaster","article_publisher":"http:\/\/www.facebook.com\/ARQUIMASTER.com.ar","article_published_time":"2014-02-06T02:33:17+00:00","article_modified_time":"2014-02-11T21:15:41+00:00","og_image":[{"width":642,"height":336,"url":"https:\/\/www.arquimaster.com.ar\/web\/wp-content\/uploads\/2014\/02\/inaugure_hospitality_slide.jpg","type":"image\/jpeg"}],"author":"Arquimaster","twitter_card":"summary_large_image","twitter_creator":"@arquimaster","twitter_site":"@arquimaster","twitter_misc":{"Escrito por":"Arquimaster","Tiempo de lectura":"9 minutos"},"schema":{"@context":"https:\/\/schema.org","@graph":[{"@type":"Article","@id":"https:\/\/www.arquimaster.com.ar\/web\/sede-central-de-inaugure-hospitality-ylab-arquitectos\/#article","isPartOf":{"@id":"https:\/\/www.arquimaster.com.ar\/web\/sede-central-de-inaugure-hospitality-ylab-arquitectos\/"},"author":{"name":"Arquimaster","@id":"https:\/\/www.arquimaster.com.ar\/web\/#\/schema\/person\/359e9f7c00193fcde068e0dd2ceb0028"},"headline":"Sede central de Inaugure Hospitality \/ YLAB Arquitectos","datePublished":"2014-02-06T02:33:17+00:00","dateModified":"2014-02-11T21:15:41+00:00","mainEntityOfPage":{"@id":"https:\/\/www.arquimaster.com.ar\/web\/sede-central-de-inaugure-hospitality-ylab-arquitectos\/"},"wordCount":1796,"publisher":{"@id":"https:\/\/www.arquimaster.com.ar\/web\/#organization"},"image":{"@id":"https:\/\/www.arquimaster.com.ar\/web\/sede-central-de-inaugure-hospitality-ylab-arquitectos\/#primaryimage"},"thumbnailUrl":"https:\/\/www.arquimaster.com.ar\/web\/wp-content\/uploads\/2014\/02\/inaugure_hospitality_slide.jpg","keywords":["Barcelona","Future Brand","Inaugure Hospitality","oficinas","Tobias Laarmann","YLAB Arquitectos","Yolanda Yuste"],"articleSection":["Arquitectura corporativa","Proyecto"],"inLanguage":"es"},{"@type":"WebPage","@id":"https:\/\/www.arquimaster.com.ar\/web\/sede-central-de-inaugure-hospitality-ylab-arquitectos\/","url":"https:\/\/www.arquimaster.com.ar\/web\/sede-central-de-inaugure-hospitality-ylab-arquitectos\/","name":"Sede central de Inaugure Hospitality \/ YLAB Arquitectos - Arquimaster","isPartOf":{"@id":"https:\/\/www.arquimaster.com.ar\/web\/#website"},"primaryImageOfPage":{"@id":"https:\/\/www.arquimaster.com.ar\/web\/sede-central-de-inaugure-hospitality-ylab-arquitectos\/#primaryimage"},"image":{"@id":"https:\/\/www.arquimaster.com.ar\/web\/sede-central-de-inaugure-hospitality-ylab-arquitectos\/#primaryimage"},"thumbnailUrl":"https:\/\/www.arquimaster.com.ar\/web\/wp-content\/uploads\/2014\/02\/inaugure_hospitality_slide.jpg","datePublished":"2014-02-06T02:33:17+00:00","dateModified":"2014-02-11T21:15:41+00:00","breadcrumb":{"@id":"https:\/\/www.arquimaster.com.ar\/web\/sede-central-de-inaugure-hospitality-ylab-arquitectos\/#breadcrumb"},"inLanguage":"es","potentialAction":[{"@type":"ReadAction","target":["https:\/\/www.arquimaster.com.ar\/web\/sede-central-de-inaugure-hospitality-ylab-arquitectos\/"]}]},{"@type":"ImageObject","inLanguage":"es","@id":"https:\/\/www.arquimaster.com.ar\/web\/sede-central-de-inaugure-hospitality-ylab-arquitectos\/#primaryimage","url":"https:\/\/www.arquimaster.com.ar\/web\/wp-content\/uploads\/2014\/02\/inaugure_hospitality_slide.jpg","contentUrl":"https:\/\/www.arquimaster.com.ar\/web\/wp-content\/uploads\/2014\/02\/inaugure_hospitality_slide.jpg","width":642,"height":336},{"@type":"BreadcrumbList","@id":"https:\/\/www.arquimaster.com.ar\/web\/sede-central-de-inaugure-hospitality-ylab-arquitectos\/#breadcrumb","itemListElement":[{"@type":"ListItem","position":1,"name":"Portada","item":"https:\/\/www.arquimaster.com.ar\/web\/"},{"@type":"ListItem","position":2,"name":"Sede central de Inaugure Hospitality \/ YLAB Arquitectos"}]},{"@type":"WebSite","@id":"https:\/\/www.arquimaster.com.ar\/web\/#website","url":"https:\/\/www.arquimaster.com.ar\/web\/","name":"Arquimaster","description":"Web de arquitectura, dise\u00f1o y construccion","publisher":{"@id":"https:\/\/www.arquimaster.com.ar\/web\/#organization"},"potentialAction":[{"@type":"SearchAction","target":{"@type":"EntryPoint","urlTemplate":"https:\/\/www.arquimaster.com.ar\/web\/?s={search_term_string}"},"query-input":{"@type":"PropertyValueSpecification","valueRequired":true,"valueName":"search_term_string"}}],"inLanguage":"es"},{"@type":"Organization","@id":"https:\/\/www.arquimaster.com.ar\/web\/#organization","name":"Arquimaster","url":"https:\/\/www.arquimaster.com.ar\/web\/","logo":{"@type":"ImageObject","inLanguage":"es","@id":"https:\/\/www.arquimaster.com.ar\/web\/#\/schema\/logo\/image\/","url":"https:\/\/www.arquimaster.com.ar\/web\/wp-content\/uploads\/2022\/06\/arquimaster.png","contentUrl":"https:\/\/www.arquimaster.com.ar\/web\/wp-content\/uploads\/2022\/06\/arquimaster.png","width":594,"height":78,"caption":"Arquimaster"},"image":{"@id":"https:\/\/www.arquimaster.com.ar\/web\/#\/schema\/logo\/image\/"},"sameAs":["http:\/\/www.facebook.com\/ARQUIMASTER.com.ar","https:\/\/x.com\/arquimaster","https:\/\/www.instagram.com\/arquimasterblog\/","https:\/\/www.linkedin.com\/company\/arquimaster","https:\/\/www.pinterest.com\/arquimaster","https:\/\/t.me\/arquimaster"]},{"@type":"Person","@id":"https:\/\/www.arquimaster.com.ar\/web\/#\/schema\/person\/359e9f7c00193fcde068e0dd2ceb0028","name":"Arquimaster"}]}},"uagb_featured_image_src":{"full":["https:\/\/www.arquimaster.com.ar\/web\/wp-content\/uploads\/2014\/02\/inaugure_hospitality_slide.jpg",642,336,false],"thumbnail":["https:\/\/www.arquimaster.com.ar\/web\/wp-content\/uploads\/2014\/02\/inaugure_hospitality_slide-150x150.jpg",150,150,true],"medium":["https:\/\/www.arquimaster.com.ar\/web\/wp-content\/uploads\/2014\/02\/inaugure_hospitality_slide-300x157.jpg",300,157,true],"medium_large":["https:\/\/www.arquimaster.com.ar\/web\/wp-content\/uploads\/2014\/02\/inaugure_hospitality_slide.jpg",642,336,false],"large":["https:\/\/www.arquimaster.com.ar\/web\/wp-content\/uploads\/2014\/02\/inaugure_hospitality_slide.jpg",642,336,false],"1536x1536":["https:\/\/www.arquimaster.com.ar\/web\/wp-content\/uploads\/2014\/02\/inaugure_hospitality_slide.jpg",642,336,false],"2048x2048":["https:\/\/www.arquimaster.com.ar\/web\/wp-content\/uploads\/2014\/02\/inaugure_hospitality_slide.jpg",642,336,false]},"uagb_author_info":{"display_name":"Arquimaster","author_link":"https:\/\/www.arquimaster.com.ar\/web\/author\/arquimaster\/"},"uagb_comment_info":0,"uagb_excerpt":"Desarrollo org\u00e1nico de la distribuci\u00f3n que aloja las funciones de forma equilibrada y espaciosa...","_links":{"self":[{"href":"https:\/\/www.arquimaster.com.ar\/web\/wp-json\/wp\/v2\/posts\/2528","targetHints":{"allow":["GET"]}}],"collection":[{"href":"https:\/\/www.arquimaster.com.ar\/web\/wp-json\/wp\/v2\/posts"}],"about":[{"href":"https:\/\/www.arquimaster.com.ar\/web\/wp-json\/wp\/v2\/types\/post"}],"author":[{"embeddable":true,"href":"https:\/\/www.arquimaster.com.ar\/web\/wp-json\/wp\/v2\/users\/1"}],"replies":[{"embeddable":true,"href":"https:\/\/www.arquimaster.com.ar\/web\/wp-json\/wp\/v2\/comments?post=2528"}],"version-history":[{"count":0,"href":"https:\/\/www.arquimaster.com.ar\/web\/wp-json\/wp\/v2\/posts\/2528\/revisions"}],"wp:featuredmedia":[{"embeddable":true,"href":"https:\/\/www.arquimaster.com.ar\/web\/wp-json\/wp\/v2\/media\/2529"}],"wp:attachment":[{"href":"https:\/\/www.arquimaster.com.ar\/web\/wp-json\/wp\/v2\/media?parent=2528"}],"wp:term":[{"taxonomy":"category","embeddable":true,"href":"https:\/\/www.arquimaster.com.ar\/web\/wp-json\/wp\/v2\/categories?post=2528"},{"taxonomy":"post_tag","embeddable":true,"href":"https:\/\/www.arquimaster.com.ar\/web\/wp-json\/wp\/v2\/tags?post=2528"}],"curies":[{"name":"wp","href":"https:\/\/api.w.org\/{rel}","templated":true}]}}