{"id":26037,"date":"2017-03-11T23:33:50","date_gmt":"2017-03-11T23:33:50","guid":{"rendered":"http:\/\/www.arquimaster.com.ar\/web\/?p=26037"},"modified":"2017-03-17T02:04:13","modified_gmt":"2017-03-17T02:04:13","slug":"centro-de-actividades-compartidas-impulso-arquitectos","status":"publish","type":"post","link":"https:\/\/www.arquimaster.com.ar\/web\/centro-de-actividades-compartidas-impulso-arquitectos\/","title":{"rendered":"Centro de Actividades Compartidas \/ Impulso Arquitectos"},"content":{"rendered":"<div style=\"margin-top: 0px; margin-bottom: 0px;\" class=\"sharethis-inline-share-buttons\" ><\/div><div class=\"b812932af2e751442846f039925109de\" data-index=\"1\" style=\"float: none; margin:25px 0 25px 0; text-align:center;\">\n<script async src=\"https:\/\/pagead2.googlesyndication.com\/pagead\/js\/adsbygoogle.js\"><\/script>\r\n<!-- Arquimaster (superior) -->\r\n<ins class=\"adsbygoogle\"\r\n     style=\"display:block\"\r\n     data-ad-client=\"ca-pub-6351072698456832\"\r\n     data-ad-slot=\"6455489680\"\r\n     data-ad-format=\"auto\"\r\n     data-full-width-responsive=\"true\"><\/ins>\r\n<script>\r\n     (adsbygoogle = window.adsbygoogle || []).push({});\r\n<\/script>\n<\/div>\n<p><strong>Centro de Actividades Compartidas<\/strong> (Temuco, Chile) por <strong>Impulso Arquitectos<\/strong>. Con una propuesta que busca dar cobijo a las actividades ciudadanas de un macro sector de la ciudad de Temuco en Chile. Teniendo en consideraci\u00f3n el problema de escasez de terrenos para instalaciones comunitarias. El CAC, o Centro de actividades compartidas, en el barrio Ribera del Caut\u00edn, enfrenta una importante v\u00eda del barrio que une el r\u00edo y un eje estructurante de la ciudad y se emplaza en un loteo irregular al centro de un antiguo sitio eriazo, utilizado como basural.<\/p>\n<div id='gallery-1' class='gallery galleryid-26037 gallery-columns-3 gallery-size-thumbnail'><figure class='gallery-item'>\n\t\t\t<div class='gallery-icon portrait'>\n\t\t\t\t<a href='https:\/\/www.arquimaster.com.ar\/web\/wp-content\/uploads\/2017\/03\/cac_temuco1.jpg' title=\"Centro de Actividades Compartidas \/ Impulso Arquitectos\" data-rl_title=\"Centro de Actividades Compartidas \/ Impulso Arquitectos\" class=\"rl-gallery-link\" data-rl_caption=\"Centro de Actividades Compartidas \/ Impulso Arquitectos\" data-rel=\"lightbox-gallery-1\"><img loading=\"lazy\" decoding=\"async\" width=\"150\" height=\"150\" src=\"https:\/\/www.arquimaster.com.ar\/web\/wp-content\/uploads\/2017\/03\/cac_temuco1-150x150.jpg\" class=\"attachment-thumbnail size-thumbnail\" alt=\"\" aria-describedby=\"gallery-1-26039\" srcset=\"https:\/\/www.arquimaster.com.ar\/web\/wp-content\/uploads\/2017\/03\/cac_temuco1-150x150.jpg 150w, https:\/\/www.arquimaster.com.ar\/web\/wp-content\/uploads\/2017\/03\/cac_temuco1-50x50.jpg 50w, https:\/\/www.arquimaster.com.ar\/web\/wp-content\/uploads\/2017\/03\/cac_temuco1-125x125.jpg 125w\" sizes=\"auto, (max-width: 150px) 100vw, 150px\" \/><\/a>\n\t\t\t<\/div>\n\t\t\t\t<figcaption class='wp-caption-text gallery-caption' id='gallery-1-26039'>\n\t\t\t\tCentro de Actividades Compartidas \/ Impulso Arquitectos\n\t\t\t\t<\/figcaption><\/figure><figure class='gallery-item'>\n\t\t\t<div class='gallery-icon landscape'>\n\t\t\t\t<a href='https:\/\/www.arquimaster.com.ar\/web\/wp-content\/uploads\/2017\/03\/cac_temuco2.jpg' title=\"Centro de Actividades Compartidas \/ Impulso Arquitectos\" data-rl_title=\"Centro de Actividades Compartidas \/ Impulso Arquitectos\" class=\"rl-gallery-link\" data-rl_caption=\"Centro de Actividades Compartidas \/ Impulso Arquitectos\" data-rel=\"lightbox-gallery-1\"><img loading=\"lazy\" decoding=\"async\" width=\"150\" height=\"150\" src=\"https:\/\/www.arquimaster.com.ar\/web\/wp-content\/uploads\/2017\/03\/cac_temuco2-150x150.jpg\" class=\"attachment-thumbnail size-thumbnail\" alt=\"\" aria-describedby=\"gallery-1-26040\" srcset=\"https:\/\/www.arquimaster.com.ar\/web\/wp-content\/uploads\/2017\/03\/cac_temuco2-150x150.jpg 150w, https:\/\/www.arquimaster.com.ar\/web\/wp-content\/uploads\/2017\/03\/cac_temuco2-50x50.jpg 50w, https:\/\/www.arquimaster.com.ar\/web\/wp-content\/uploads\/2017\/03\/cac_temuco2-125x125.jpg 125w\" sizes=\"auto, (max-width: 150px) 100vw, 150px\" \/><\/a>\n\t\t\t<\/div>\n\t\t\t\t<figcaption class='wp-caption-text gallery-caption' id='gallery-1-26040'>\n\t\t\t\tCentro de Actividades Compartidas \/ Impulso Arquitectos\n\t\t\t\t<\/figcaption><\/figure><figure class='gallery-item'>\n\t\t\t<div class='gallery-icon landscape'>\n\t\t\t\t<a href='https:\/\/www.arquimaster.com.ar\/web\/wp-content\/uploads\/2017\/03\/cac_temuco3.jpg' title=\"Centro de Actividades Compartidas \/ Impulso Arquitectos\" data-rl_title=\"Centro de Actividades Compartidas \/ Impulso Arquitectos\" class=\"rl-gallery-link\" data-rl_caption=\"Centro de Actividades Compartidas \/ Impulso Arquitectos\" data-rel=\"lightbox-gallery-1\"><img loading=\"lazy\" decoding=\"async\" width=\"150\" height=\"150\" src=\"https:\/\/www.arquimaster.com.ar\/web\/wp-content\/uploads\/2017\/03\/cac_temuco3-150x150.jpg\" class=\"attachment-thumbnail size-thumbnail\" alt=\"\" aria-describedby=\"gallery-1-26041\" srcset=\"https:\/\/www.arquimaster.com.ar\/web\/wp-content\/uploads\/2017\/03\/cac_temuco3-150x150.jpg 150w, https:\/\/www.arquimaster.com.ar\/web\/wp-content\/uploads\/2017\/03\/cac_temuco3-50x50.jpg 50w, https:\/\/www.arquimaster.com.ar\/web\/wp-content\/uploads\/2017\/03\/cac_temuco3-125x125.jpg 125w\" sizes=\"auto, (max-width: 150px) 100vw, 150px\" \/><\/a>\n\t\t\t<\/div>\n\t\t\t\t<figcaption class='wp-caption-text gallery-caption' id='gallery-1-26041'>\n\t\t\t\tCentro de Actividades Compartidas \/ Impulso Arquitectos\n\t\t\t\t<\/figcaption><\/figure><figure class='gallery-item'>\n\t\t\t<div class='gallery-icon portrait'>\n\t\t\t\t<a href='https:\/\/www.arquimaster.com.ar\/web\/wp-content\/uploads\/2017\/03\/cac_temuco4.jpg' title=\"Centro de Actividades Compartidas \/ Impulso Arquitectos\" data-rl_title=\"Centro de Actividades Compartidas \/ Impulso Arquitectos\" class=\"rl-gallery-link\" data-rl_caption=\"Centro de Actividades Compartidas \/ Impulso Arquitectos\" data-rel=\"lightbox-gallery-1\"><img loading=\"lazy\" decoding=\"async\" width=\"150\" height=\"150\" src=\"https:\/\/www.arquimaster.com.ar\/web\/wp-content\/uploads\/2017\/03\/cac_temuco4-150x150.jpg\" class=\"attachment-thumbnail size-thumbnail\" alt=\"\" aria-describedby=\"gallery-1-26042\" srcset=\"https:\/\/www.arquimaster.com.ar\/web\/wp-content\/uploads\/2017\/03\/cac_temuco4-150x150.jpg 150w, https:\/\/www.arquimaster.com.ar\/web\/wp-content\/uploads\/2017\/03\/cac_temuco4-50x50.jpg 50w, https:\/\/www.arquimaster.com.ar\/web\/wp-content\/uploads\/2017\/03\/cac_temuco4-125x125.jpg 125w\" sizes=\"auto, (max-width: 150px) 100vw, 150px\" \/><\/a>\n\t\t\t<\/div>\n\t\t\t\t<figcaption class='wp-caption-text gallery-caption' id='gallery-1-26042'>\n\t\t\t\tCentro de Actividades Compartidas \/ Impulso Arquitectos\n\t\t\t\t<\/figcaption><\/figure><figure class='gallery-item'>\n\t\t\t<div class='gallery-icon portrait'>\n\t\t\t\t<a href='https:\/\/www.arquimaster.com.ar\/web\/wp-content\/uploads\/2017\/03\/cac_temuco5.jpg' title=\"Centro de Actividades Compartidas \/ Impulso Arquitectos\" data-rl_title=\"Centro de Actividades Compartidas \/ Impulso Arquitectos\" class=\"rl-gallery-link\" data-rl_caption=\"Centro de Actividades Compartidas \/ Impulso Arquitectos\" data-rel=\"lightbox-gallery-1\"><img loading=\"lazy\" decoding=\"async\" width=\"150\" height=\"150\" src=\"https:\/\/www.arquimaster.com.ar\/web\/wp-content\/uploads\/2017\/03\/cac_temuco5-150x150.jpg\" class=\"attachment-thumbnail size-thumbnail\" alt=\"\" aria-describedby=\"gallery-1-26043\" srcset=\"https:\/\/www.arquimaster.com.ar\/web\/wp-content\/uploads\/2017\/03\/cac_temuco5-150x150.jpg 150w, https:\/\/www.arquimaster.com.ar\/web\/wp-content\/uploads\/2017\/03\/cac_temuco5-50x50.jpg 50w, https:\/\/www.arquimaster.com.ar\/web\/wp-content\/uploads\/2017\/03\/cac_temuco5-125x125.jpg 125w\" sizes=\"auto, (max-width: 150px) 100vw, 150px\" \/><\/a>\n\t\t\t<\/div>\n\t\t\t\t<figcaption class='wp-caption-text gallery-caption' id='gallery-1-26043'>\n\t\t\t\tCentro de Actividades Compartidas \/ Impulso Arquitectos\n\t\t\t\t<\/figcaption><\/figure><figure class='gallery-item'>\n\t\t\t<div class='gallery-icon portrait'>\n\t\t\t\t<a href='https:\/\/www.arquimaster.com.ar\/web\/wp-content\/uploads\/2017\/03\/cac_temuco6.jpg' title=\"Centro de Actividades Compartidas \/ Impulso Arquitectos\" data-rl_title=\"Centro de Actividades Compartidas \/ Impulso Arquitectos\" class=\"rl-gallery-link\" data-rl_caption=\"Centro de Actividades Compartidas \/ Impulso Arquitectos\" data-rel=\"lightbox-gallery-1\"><img loading=\"lazy\" decoding=\"async\" width=\"150\" height=\"150\" src=\"https:\/\/www.arquimaster.com.ar\/web\/wp-content\/uploads\/2017\/03\/cac_temuco6-150x150.jpg\" class=\"attachment-thumbnail size-thumbnail\" alt=\"\" aria-describedby=\"gallery-1-26044\" srcset=\"https:\/\/www.arquimaster.com.ar\/web\/wp-content\/uploads\/2017\/03\/cac_temuco6-150x150.jpg 150w, https:\/\/www.arquimaster.com.ar\/web\/wp-content\/uploads\/2017\/03\/cac_temuco6-50x50.jpg 50w, https:\/\/www.arquimaster.com.ar\/web\/wp-content\/uploads\/2017\/03\/cac_temuco6-125x125.jpg 125w\" sizes=\"auto, (max-width: 150px) 100vw, 150px\" \/><\/a>\n\t\t\t<\/div>\n\t\t\t\t<figcaption class='wp-caption-text gallery-caption' id='gallery-1-26044'>\n\t\t\t\tCentro de Actividades Compartidas \/ Impulso Arquitectos\n\t\t\t\t<\/figcaption><\/figure><figure class='gallery-item'>\n\t\t\t<div class='gallery-icon portrait'>\n\t\t\t\t<a href='https:\/\/www.arquimaster.com.ar\/web\/wp-content\/uploads\/2017\/03\/cac_temuco7.jpg' title=\"Centro de Actividades Compartidas \/ Impulso Arquitectos\" data-rl_title=\"Centro de Actividades Compartidas \/ Impulso Arquitectos\" class=\"rl-gallery-link\" data-rl_caption=\"Centro de Actividades Compartidas \/ Impulso Arquitectos\" data-rel=\"lightbox-gallery-1\"><img loading=\"lazy\" decoding=\"async\" width=\"150\" height=\"150\" src=\"https:\/\/www.arquimaster.com.ar\/web\/wp-content\/uploads\/2017\/03\/cac_temuco7-150x150.jpg\" class=\"attachment-thumbnail size-thumbnail\" alt=\"\" aria-describedby=\"gallery-1-26045\" srcset=\"https:\/\/www.arquimaster.com.ar\/web\/wp-content\/uploads\/2017\/03\/cac_temuco7-150x150.jpg 150w, https:\/\/www.arquimaster.com.ar\/web\/wp-content\/uploads\/2017\/03\/cac_temuco7-50x50.jpg 50w, https:\/\/www.arquimaster.com.ar\/web\/wp-content\/uploads\/2017\/03\/cac_temuco7-125x125.jpg 125w\" sizes=\"auto, (max-width: 150px) 100vw, 150px\" \/><\/a>\n\t\t\t<\/div>\n\t\t\t\t<figcaption class='wp-caption-text gallery-caption' id='gallery-1-26045'>\n\t\t\t\tCentro de Actividades Compartidas \/ Impulso Arquitectos\n\t\t\t\t<\/figcaption><\/figure><figure class='gallery-item'>\n\t\t\t<div class='gallery-icon landscape'>\n\t\t\t\t<a href='https:\/\/www.arquimaster.com.ar\/web\/wp-content\/uploads\/2017\/03\/cac_temuco8.jpg' title=\"Centro de Actividades Compartidas \/ Impulso Arquitectos\" data-rl_title=\"Centro de Actividades Compartidas \/ Impulso Arquitectos\" class=\"rl-gallery-link\" data-rl_caption=\"Centro de Actividades Compartidas \/ Impulso Arquitectos\" data-rel=\"lightbox-gallery-1\"><img loading=\"lazy\" decoding=\"async\" width=\"150\" height=\"150\" src=\"https:\/\/www.arquimaster.com.ar\/web\/wp-content\/uploads\/2017\/03\/cac_temuco8-150x150.jpg\" class=\"attachment-thumbnail size-thumbnail\" alt=\"\" aria-describedby=\"gallery-1-26046\" srcset=\"https:\/\/www.arquimaster.com.ar\/web\/wp-content\/uploads\/2017\/03\/cac_temuco8-150x150.jpg 150w, https:\/\/www.arquimaster.com.ar\/web\/wp-content\/uploads\/2017\/03\/cac_temuco8-50x50.jpg 50w, https:\/\/www.arquimaster.com.ar\/web\/wp-content\/uploads\/2017\/03\/cac_temuco8-125x125.jpg 125w\" sizes=\"auto, (max-width: 150px) 100vw, 150px\" \/><\/a>\n\t\t\t<\/div>\n\t\t\t\t<figcaption class='wp-caption-text gallery-caption' id='gallery-1-26046'>\n\t\t\t\tCentro de Actividades Compartidas \/ Impulso Arquitectos\n\t\t\t\t<\/figcaption><\/figure><figure class='gallery-item'>\n\t\t\t<div class='gallery-icon landscape'>\n\t\t\t\t<a href='https:\/\/www.arquimaster.com.ar\/web\/wp-content\/uploads\/2017\/03\/cac_temuco9.jpg' title=\"Centro de Actividades Compartidas \/ Impulso Arquitectos (esquemas)\" data-rl_title=\"Centro de Actividades Compartidas \/ Impulso Arquitectos (esquemas)\" class=\"rl-gallery-link\" data-rl_caption=\"Centro de Actividades Compartidas \/ Impulso Arquitectos (esquemas)\" data-rel=\"lightbox-gallery-1\"><img loading=\"lazy\" decoding=\"async\" width=\"150\" height=\"150\" src=\"https:\/\/www.arquimaster.com.ar\/web\/wp-content\/uploads\/2017\/03\/cac_temuco9-150x150.jpg\" class=\"attachment-thumbnail size-thumbnail\" alt=\"\" aria-describedby=\"gallery-1-26047\" srcset=\"https:\/\/www.arquimaster.com.ar\/web\/wp-content\/uploads\/2017\/03\/cac_temuco9-150x150.jpg 150w, https:\/\/www.arquimaster.com.ar\/web\/wp-content\/uploads\/2017\/03\/cac_temuco9-50x50.jpg 50w, https:\/\/www.arquimaster.com.ar\/web\/wp-content\/uploads\/2017\/03\/cac_temuco9-125x125.jpg 125w\" sizes=\"auto, (max-width: 150px) 100vw, 150px\" \/><\/a>\n\t\t\t<\/div>\n\t\t\t\t<figcaption class='wp-caption-text gallery-caption' id='gallery-1-26047'>\n\t\t\t\tCentro de Actividades Compartidas \/ Impulso Arquitectos (esquemas)\n\t\t\t\t<\/figcaption><\/figure><figure class='gallery-item'>\n\t\t\t<div class='gallery-icon portrait'>\n\t\t\t\t<a href='https:\/\/www.arquimaster.com.ar\/web\/wp-content\/uploads\/2017\/03\/cac_temuco10.jpg' title=\"Centro de Actividades Compartidas \/ Impulso Arquitectos (detalle constructivo)\" data-rl_title=\"Centro de Actividades Compartidas \/ Impulso Arquitectos (detalle constructivo)\" class=\"rl-gallery-link\" data-rl_caption=\"Centro de Actividades Compartidas \/ Impulso Arquitectos (detalle constructivo)\" data-rel=\"lightbox-gallery-1\"><img loading=\"lazy\" decoding=\"async\" width=\"150\" height=\"150\" src=\"https:\/\/www.arquimaster.com.ar\/web\/wp-content\/uploads\/2017\/03\/cac_temuco10-150x150.jpg\" class=\"attachment-thumbnail size-thumbnail\" alt=\"\" aria-describedby=\"gallery-1-26048\" srcset=\"https:\/\/www.arquimaster.com.ar\/web\/wp-content\/uploads\/2017\/03\/cac_temuco10-150x150.jpg 150w, https:\/\/www.arquimaster.com.ar\/web\/wp-content\/uploads\/2017\/03\/cac_temuco10-50x50.jpg 50w, https:\/\/www.arquimaster.com.ar\/web\/wp-content\/uploads\/2017\/03\/cac_temuco10-125x125.jpg 125w\" sizes=\"auto, (max-width: 150px) 100vw, 150px\" \/><\/a>\n\t\t\t<\/div>\n\t\t\t\t<figcaption class='wp-caption-text gallery-caption' id='gallery-1-26048'>\n\t\t\t\tCentro de Actividades Compartidas \/ Impulso Arquitectos (detalle constructivo)\n\t\t\t\t<\/figcaption><\/figure><figure class='gallery-item'>\n\t\t\t<div class='gallery-icon landscape'>\n\t\t\t\t<a href='https:\/\/www.arquimaster.com.ar\/web\/wp-content\/uploads\/2017\/03\/cac_temuco11.jpg' title=\"Centro de Actividades Compartidas \/ Impulso Arquitectos (planta)\" data-rl_title=\"Centro de Actividades Compartidas \/ Impulso Arquitectos (planta)\" class=\"rl-gallery-link\" data-rl_caption=\"Centro de Actividades Compartidas \/ Impulso Arquitectos (planta)\" data-rel=\"lightbox-gallery-1\"><img loading=\"lazy\" decoding=\"async\" width=\"150\" height=\"150\" src=\"https:\/\/www.arquimaster.com.ar\/web\/wp-content\/uploads\/2017\/03\/cac_temuco11-150x150.jpg\" class=\"attachment-thumbnail size-thumbnail\" alt=\"\" aria-describedby=\"gallery-1-26049\" srcset=\"https:\/\/www.arquimaster.com.ar\/web\/wp-content\/uploads\/2017\/03\/cac_temuco11-150x150.jpg 150w, https:\/\/www.arquimaster.com.ar\/web\/wp-content\/uploads\/2017\/03\/cac_temuco11-50x50.jpg 50w, https:\/\/www.arquimaster.com.ar\/web\/wp-content\/uploads\/2017\/03\/cac_temuco11-125x125.jpg 125w\" sizes=\"auto, (max-width: 150px) 100vw, 150px\" \/><\/a>\n\t\t\t<\/div>\n\t\t\t\t<figcaption class='wp-caption-text gallery-caption' id='gallery-1-26049'>\n\t\t\t\tCentro de Actividades Compartidas \/ Impulso Arquitectos (planta)\n\t\t\t\t<\/figcaption><\/figure><figure class='gallery-item'>\n\t\t\t<div class='gallery-icon landscape'>\n\t\t\t\t<a href='https:\/\/www.arquimaster.com.ar\/web\/wp-content\/uploads\/2017\/03\/cac_temuco12.jpg' title=\"Centro de Actividades Compartidas \/ Impulso Arquitectos (corte)\" data-rl_title=\"Centro de Actividades Compartidas \/ Impulso Arquitectos (corte)\" class=\"rl-gallery-link\" data-rl_caption=\"Centro de Actividades Compartidas \/ Impulso Arquitectos (corte)\" data-rel=\"lightbox-gallery-1\"><img loading=\"lazy\" decoding=\"async\" width=\"150\" height=\"150\" src=\"https:\/\/www.arquimaster.com.ar\/web\/wp-content\/uploads\/2017\/03\/cac_temuco12-150x150.jpg\" class=\"attachment-thumbnail size-thumbnail\" alt=\"\" aria-describedby=\"gallery-1-26050\" srcset=\"https:\/\/www.arquimaster.com.ar\/web\/wp-content\/uploads\/2017\/03\/cac_temuco12-150x150.jpg 150w, https:\/\/www.arquimaster.com.ar\/web\/wp-content\/uploads\/2017\/03\/cac_temuco12-50x50.jpg 50w, https:\/\/www.arquimaster.com.ar\/web\/wp-content\/uploads\/2017\/03\/cac_temuco12-125x125.jpg 125w\" sizes=\"auto, (max-width: 150px) 100vw, 150px\" \/><\/a>\n\t\t\t<\/div>\n\t\t\t\t<figcaption class='wp-caption-text gallery-caption' id='gallery-1-26050'>\n\t\t\t\tCentro de Actividades Compartidas \/ Impulso Arquitectos (corte)\n\t\t\t\t<\/figcaption><\/figure><figure class='gallery-item'>\n\t\t\t<div class='gallery-icon landscape'>\n\t\t\t\t<a href='https:\/\/www.arquimaster.com.ar\/web\/wp-content\/uploads\/2017\/03\/cac_temuco13.jpg' title=\"Centro de Actividades Compartidas \/ Impulso Arquitectos (implantacion)\" data-rl_title=\"Centro de Actividades Compartidas \/ Impulso Arquitectos (implantacion)\" class=\"rl-gallery-link\" data-rl_caption=\"Centro de Actividades Compartidas \/ Impulso Arquitectos (implantacion)\" data-rel=\"lightbox-gallery-1\"><img loading=\"lazy\" decoding=\"async\" width=\"150\" height=\"150\" src=\"https:\/\/www.arquimaster.com.ar\/web\/wp-content\/uploads\/2017\/03\/cac_temuco13-150x150.jpg\" class=\"attachment-thumbnail size-thumbnail\" alt=\"\" aria-describedby=\"gallery-1-26051\" srcset=\"https:\/\/www.arquimaster.com.ar\/web\/wp-content\/uploads\/2017\/03\/cac_temuco13-150x150.jpg 150w, https:\/\/www.arquimaster.com.ar\/web\/wp-content\/uploads\/2017\/03\/cac_temuco13-50x50.jpg 50w, https:\/\/www.arquimaster.com.ar\/web\/wp-content\/uploads\/2017\/03\/cac_temuco13-125x125.jpg 125w\" sizes=\"auto, (max-width: 150px) 100vw, 150px\" \/><\/a>\n\t\t\t<\/div>\n\t\t\t\t<figcaption class='wp-caption-text gallery-caption' id='gallery-1-26051'>\n\t\t\t\tCentro de Actividades Compartidas \/ Impulso Arquitectos (implantacion)\n\t\t\t\t<\/figcaption><\/figure><figure class='gallery-item'>\n\t\t\t<div class='gallery-icon portrait'>\n\t\t\t\t<a href='https:\/\/www.arquimaster.com.ar\/web\/wp-content\/uploads\/2017\/03\/cac_temuco14.jpg' title=\"Centro de Actividades Compartidas \/ Impulso Arquitectos (ubicaci\u00f3n)\" data-rl_title=\"Centro de Actividades Compartidas \/ Impulso Arquitectos (ubicaci\u00f3n)\" class=\"rl-gallery-link\" data-rl_caption=\"Centro de Actividades Compartidas \/ Impulso Arquitectos (ubicaci\u00f3n)\" data-rel=\"lightbox-gallery-1\"><img loading=\"lazy\" decoding=\"async\" width=\"150\" height=\"150\" src=\"https:\/\/www.arquimaster.com.ar\/web\/wp-content\/uploads\/2017\/03\/cac_temuco14-150x150.jpg\" class=\"attachment-thumbnail size-thumbnail\" alt=\"\" aria-describedby=\"gallery-1-26052\" srcset=\"https:\/\/www.arquimaster.com.ar\/web\/wp-content\/uploads\/2017\/03\/cac_temuco14-150x150.jpg 150w, https:\/\/www.arquimaster.com.ar\/web\/wp-content\/uploads\/2017\/03\/cac_temuco14-50x50.jpg 50w, https:\/\/www.arquimaster.com.ar\/web\/wp-content\/uploads\/2017\/03\/cac_temuco14-125x125.jpg 125w\" sizes=\"auto, (max-width: 150px) 100vw, 150px\" \/><\/a>\n\t\t\t<\/div>\n\t\t\t\t<figcaption class='wp-caption-text gallery-caption' id='gallery-1-26052'>\n\t\t\t\tCentro de Actividades Compartidas \/ Impulso Arquitectos (ubicaci\u00f3n)\n\t\t\t\t<\/figcaption><\/figure><figure class='gallery-item'>\n\t\t\t<div class='gallery-icon portrait'>\n\t\t\t\t<a href='https:\/\/www.arquimaster.com.ar\/web\/wp-content\/uploads\/2017\/03\/cac_temuco15.jpg' title=\"Centro de Actividades Compartidas \/ Impulso Arquitectos (superficies)\" data-rl_title=\"Centro de Actividades Compartidas \/ Impulso Arquitectos (superficies)\" class=\"rl-gallery-link\" data-rl_caption=\"Centro de Actividades Compartidas \/ Impulso Arquitectos (superficies)\" data-rel=\"lightbox-gallery-1\"><img loading=\"lazy\" decoding=\"async\" width=\"150\" height=\"150\" src=\"https:\/\/www.arquimaster.com.ar\/web\/wp-content\/uploads\/2017\/03\/cac_temuco15-150x150.jpg\" class=\"attachment-thumbnail size-thumbnail\" alt=\"\" aria-describedby=\"gallery-1-26053\" srcset=\"https:\/\/www.arquimaster.com.ar\/web\/wp-content\/uploads\/2017\/03\/cac_temuco15-150x150.jpg 150w, https:\/\/www.arquimaster.com.ar\/web\/wp-content\/uploads\/2017\/03\/cac_temuco15-50x50.jpg 50w, https:\/\/www.arquimaster.com.ar\/web\/wp-content\/uploads\/2017\/03\/cac_temuco15-125x125.jpg 125w\" sizes=\"auto, (max-width: 150px) 100vw, 150px\" \/><\/a>\n\t\t\t<\/div>\n\t\t\t\t<figcaption class='wp-caption-text gallery-caption' id='gallery-1-26053'>\n\t\t\t\tCentro de Actividades Compartidas \/ Impulso Arquitectos (superficies)\n\t\t\t\t<\/figcaption><\/figure>\n\t\t<\/div>\n\n<p>La intervenci\u00f3n en el territorio se enmarco dentro del programa Quiero Mi Barrio a trav\u00e9s de sus estrategias sociales y de urbanas detonando en un plan maestro de obras, las cuales generaron una nueva imagen en el paisaje urbano del Barrio, consolidando un nuevo equipamiento comunitario, administrado por los vecinos, cuyo programa arquitect\u00f3nico se ordena dentro de un plan sim\u00e9trico, en respuesta a sus usos de forma simult\u00e1nea, en igualdad de condiciones, requerimiento importante de la comunidad.<\/p>\n<p>En el cual se contemplaron espacios masivos, graduados y de servicios, con una capacidad aproximada de 250 personas, generando un nuevo rostro en uno de los contornos y en dos de los principales pasajes internos de la poblaci\u00f3n, propiciando la ocupaci\u00f3n, uso y recorrido de los espacio p\u00fablicos.<\/p>\n<p>Por otra parte, el proyecto toma como desaf\u00edo generar una edificaci\u00f3n de bajo consumo energ\u00e9tico, con el fin de minimizar costos de operaci\u00f3n y mantenci\u00f3n y descartar el uso de estufas las cuales est\u00e1n restringidas en el sector por la alta contaminaci\u00f3n de la zona.<\/p>\n<p>Hasta la fecha no se ha utilizado ning\u00fan sistema de calefacci\u00f3n, debido a sus estrategias de dise\u00f1o pasivo las cuales mantiene una temperatura constante en invierno y verano, adem\u00e1s de la utilizaci\u00f3n de un lenguaje de materiales que reinterpretan el territorio y sus colores coincidan con las condiciones de durabilidad y resistencia.<\/p>\n<p>La construcci\u00f3n de este nucleo comunitario ha sido impulsor para otras iniciativas en el barrio articulando recursos para la regularizaci\u00f3n del loteo, las pavimentaciones de calles y proyectos de aguas lluvia.<\/p>\n<p><strong>Ficha t\u00e9cnica<\/strong><br \/>\nNombre: Centro de Actividades Compartidas<br \/>\nUbicaci\u00f3n: Piamonte esquina Galileo, Macrosector Amanecer, Temuco, Chile<br \/>\nArquitectos: Jaime Alarc\u00f3n Fuentes, Jaime Gatica Martinez<br \/>\nIngeniero: Jaime Chaperon Fonseca<br \/>\nConstructor: Fernando Altamirano<br \/>\nEmpresa constructora: INGEPRO<br \/>\nMandante: Municipalidad de Temuco y Ministerio de Vivienda y Urbanismo<br \/>\nEscala proyecto: Barrial<br \/>\nInversi\u00f3n aprox. : M190<br \/>\nA\u00f1o ejecuci\u00f3n : 2015<br \/>\nSuperficie: 315m2 edificados<\/p>\n<p><strong>Contacto:<\/strong> proyectos@impulsoarquitectos.cl<\/p>\n\n<div style=\"font-size: 0px; height: 0px; line-height: 0px; margin: 0; padding: 0; clear: both;\"><\/div><div style=\"margin-top: 0px; margin-bottom: 0px;\" class=\"sharethis-inline-share-buttons\" ><\/div>","protected":false},"excerpt":{"rendered":"<p>Propuesta que busca dar cobijo a las actividades ciudadanas de un macro sector de la ciudad&#8230;<\/p>\n","protected":false},"author":1,"featured_media":26038,"comment_status":"closed","ping_status":"closed","sticky":false,"template":"","format":"standard","meta":{"_uag_custom_page_level_css":"","footnotes":""},"categories":[3767,1],"tags":[2995,98,4220,265,4219,4221,4222,4218],"class_list":["post-26037","post","type-post","status-publish","format-standard","has-post-thumbnail","hentry","category-arquitectura-institucional","category-proyecto","tag-cac","tag-centro-comunitario","tag-centro-de-actividades-compartidas","tag-chile","tag-impulso-arquitectos","tag-jaime-alarcon-fuentes","tag-jaime-gatica-martinez","tag-temuco","generate-columns","tablet-grid-50","mobile-grid-100","grid-parent","grid-50"],"yoast_head":"<!-- This site is optimized with the Yoast SEO plugin v27.3 - https:\/\/yoast.com\/product\/yoast-seo-wordpress\/ -->\n<title>Centro de Actividades Compartidas \/ Impulso Arquitectos - Arquimaster<\/title>\n<meta name=\"robots\" content=\"index, follow, max-snippet:-1, max-image-preview:large, max-video-preview:-1\" \/>\n<link rel=\"canonical\" href=\"https:\/\/www.arquimaster.com.ar\/web\/centro-de-actividades-compartidas-impulso-arquitectos\/\" \/>\n<meta property=\"og:locale\" content=\"es_ES\" \/>\n<meta property=\"og:type\" content=\"article\" \/>\n<meta property=\"og:title\" content=\"Centro de Actividades Compartidas \/ Impulso Arquitectos - Arquimaster\" \/>\n<meta property=\"og:description\" content=\"Propuesta que busca dar cobijo a las actividades ciudadanas de un macro sector de la ciudad...\" \/>\n<meta property=\"og:url\" content=\"https:\/\/www.arquimaster.com.ar\/web\/centro-de-actividades-compartidas-impulso-arquitectos\/\" \/>\n<meta property=\"og:site_name\" content=\"Arquimaster\" \/>\n<meta property=\"article:publisher\" content=\"http:\/\/www.facebook.com\/ARQUIMASTER.com.ar\" \/>\n<meta property=\"article:published_time\" content=\"2017-03-11T23:33:50+00:00\" \/>\n<meta property=\"article:modified_time\" content=\"2017-03-17T02:04:13+00:00\" \/>\n<meta property=\"og:image\" content=\"https:\/\/www.arquimaster.com.ar\/web\/wp-content\/uploads\/2017\/03\/cac_temuco_slide.jpg\" \/>\n\t<meta property=\"og:image:width\" content=\"642\" \/>\n\t<meta property=\"og:image:height\" content=\"336\" \/>\n\t<meta property=\"og:image:type\" content=\"image\/jpeg\" \/>\n<meta name=\"author\" content=\"Arquimaster\" \/>\n<meta name=\"twitter:card\" content=\"summary_large_image\" \/>\n<meta name=\"twitter:creator\" content=\"@arquimaster\" \/>\n<meta name=\"twitter:site\" content=\"@arquimaster\" \/>\n<meta name=\"twitter:label1\" content=\"Escrito por\" \/>\n\t<meta name=\"twitter:data1\" content=\"Arquimaster\" \/>\n\t<meta name=\"twitter:label2\" content=\"Tiempo de lectura\" \/>\n\t<meta name=\"twitter:data2\" content=\"2 minutos\" \/>\n<script type=\"application\/ld+json\" class=\"yoast-schema-graph\">{\"@context\":\"https:\\\/\\\/schema.org\",\"@graph\":[{\"@type\":\"Article\",\"@id\":\"https:\\\/\\\/www.arquimaster.com.ar\\\/web\\\/centro-de-actividades-compartidas-impulso-arquitectos\\\/#article\",\"isPartOf\":{\"@id\":\"https:\\\/\\\/www.arquimaster.com.ar\\\/web\\\/centro-de-actividades-compartidas-impulso-arquitectos\\\/\"},\"author\":{\"name\":\"Arquimaster\",\"@id\":\"https:\\\/\\\/www.arquimaster.com.ar\\\/web\\\/#\\\/schema\\\/person\\\/359e9f7c00193fcde068e0dd2ceb0028\"},\"headline\":\"Centro de Actividades Compartidas \\\/ Impulso Arquitectos\",\"datePublished\":\"2017-03-11T23:33:50+00:00\",\"dateModified\":\"2017-03-17T02:04:13+00:00\",\"mainEntityOfPage\":{\"@id\":\"https:\\\/\\\/www.arquimaster.com.ar\\\/web\\\/centro-de-actividades-compartidas-impulso-arquitectos\\\/\"},\"wordCount\":441,\"publisher\":{\"@id\":\"https:\\\/\\\/www.arquimaster.com.ar\\\/web\\\/#organization\"},\"image\":{\"@id\":\"https:\\\/\\\/www.arquimaster.com.ar\\\/web\\\/centro-de-actividades-compartidas-impulso-arquitectos\\\/#primaryimage\"},\"thumbnailUrl\":\"https:\\\/\\\/www.arquimaster.com.ar\\\/web\\\/wp-content\\\/uploads\\\/2017\\\/03\\\/cac_temuco_slide.jpg\",\"keywords\":[\"CAC\",\"centro comunitario\",\"centro de actividades compartidas\",\"Chile\",\"Impulso Arquitectos\",\"Jaime Alarc\u00f3n Fuentes\",\"Jaime Gatica Martinez\",\"Temuco\"],\"articleSection\":[\"Arquitectura institucional\",\"Proyecto\"],\"inLanguage\":\"es\"},{\"@type\":\"WebPage\",\"@id\":\"https:\\\/\\\/www.arquimaster.com.ar\\\/web\\\/centro-de-actividades-compartidas-impulso-arquitectos\\\/\",\"url\":\"https:\\\/\\\/www.arquimaster.com.ar\\\/web\\\/centro-de-actividades-compartidas-impulso-arquitectos\\\/\",\"name\":\"Centro de Actividades Compartidas \\\/ Impulso Arquitectos - Arquimaster\",\"isPartOf\":{\"@id\":\"https:\\\/\\\/www.arquimaster.com.ar\\\/web\\\/#website\"},\"primaryImageOfPage\":{\"@id\":\"https:\\\/\\\/www.arquimaster.com.ar\\\/web\\\/centro-de-actividades-compartidas-impulso-arquitectos\\\/#primaryimage\"},\"image\":{\"@id\":\"https:\\\/\\\/www.arquimaster.com.ar\\\/web\\\/centro-de-actividades-compartidas-impulso-arquitectos\\\/#primaryimage\"},\"thumbnailUrl\":\"https:\\\/\\\/www.arquimaster.com.ar\\\/web\\\/wp-content\\\/uploads\\\/2017\\\/03\\\/cac_temuco_slide.jpg\",\"datePublished\":\"2017-03-11T23:33:50+00:00\",\"dateModified\":\"2017-03-17T02:04:13+00:00\",\"breadcrumb\":{\"@id\":\"https:\\\/\\\/www.arquimaster.com.ar\\\/web\\\/centro-de-actividades-compartidas-impulso-arquitectos\\\/#breadcrumb\"},\"inLanguage\":\"es\",\"potentialAction\":[{\"@type\":\"ReadAction\",\"target\":[\"https:\\\/\\\/www.arquimaster.com.ar\\\/web\\\/centro-de-actividades-compartidas-impulso-arquitectos\\\/\"]}]},{\"@type\":\"ImageObject\",\"inLanguage\":\"es\",\"@id\":\"https:\\\/\\\/www.arquimaster.com.ar\\\/web\\\/centro-de-actividades-compartidas-impulso-arquitectos\\\/#primaryimage\",\"url\":\"https:\\\/\\\/www.arquimaster.com.ar\\\/web\\\/wp-content\\\/uploads\\\/2017\\\/03\\\/cac_temuco_slide.jpg\",\"contentUrl\":\"https:\\\/\\\/www.arquimaster.com.ar\\\/web\\\/wp-content\\\/uploads\\\/2017\\\/03\\\/cac_temuco_slide.jpg\",\"width\":642,\"height\":336},{\"@type\":\"BreadcrumbList\",\"@id\":\"https:\\\/\\\/www.arquimaster.com.ar\\\/web\\\/centro-de-actividades-compartidas-impulso-arquitectos\\\/#breadcrumb\",\"itemListElement\":[{\"@type\":\"ListItem\",\"position\":1,\"name\":\"Portada\",\"item\":\"https:\\\/\\\/www.arquimaster.com.ar\\\/web\\\/\"},{\"@type\":\"ListItem\",\"position\":2,\"name\":\"Centro de Actividades Compartidas \\\/ Impulso Arquitectos\"}]},{\"@type\":\"WebSite\",\"@id\":\"https:\\\/\\\/www.arquimaster.com.ar\\\/web\\\/#website\",\"url\":\"https:\\\/\\\/www.arquimaster.com.ar\\\/web\\\/\",\"name\":\"Arquimaster\",\"description\":\"Web de arquitectura, dise\u00f1o y construccion\",\"publisher\":{\"@id\":\"https:\\\/\\\/www.arquimaster.com.ar\\\/web\\\/#organization\"},\"potentialAction\":[{\"@type\":\"SearchAction\",\"target\":{\"@type\":\"EntryPoint\",\"urlTemplate\":\"https:\\\/\\\/www.arquimaster.com.ar\\\/web\\\/?s={search_term_string}\"},\"query-input\":{\"@type\":\"PropertyValueSpecification\",\"valueRequired\":true,\"valueName\":\"search_term_string\"}}],\"inLanguage\":\"es\"},{\"@type\":\"Organization\",\"@id\":\"https:\\\/\\\/www.arquimaster.com.ar\\\/web\\\/#organization\",\"name\":\"Arquimaster\",\"url\":\"https:\\\/\\\/www.arquimaster.com.ar\\\/web\\\/\",\"logo\":{\"@type\":\"ImageObject\",\"inLanguage\":\"es\",\"@id\":\"https:\\\/\\\/www.arquimaster.com.ar\\\/web\\\/#\\\/schema\\\/logo\\\/image\\\/\",\"url\":\"https:\\\/\\\/www.arquimaster.com.ar\\\/web\\\/wp-content\\\/uploads\\\/2022\\\/06\\\/arquimaster.png\",\"contentUrl\":\"https:\\\/\\\/www.arquimaster.com.ar\\\/web\\\/wp-content\\\/uploads\\\/2022\\\/06\\\/arquimaster.png\",\"width\":594,\"height\":78,\"caption\":\"Arquimaster\"},\"image\":{\"@id\":\"https:\\\/\\\/www.arquimaster.com.ar\\\/web\\\/#\\\/schema\\\/logo\\\/image\\\/\"},\"sameAs\":[\"http:\\\/\\\/www.facebook.com\\\/ARQUIMASTER.com.ar\",\"https:\\\/\\\/x.com\\\/arquimaster\",\"https:\\\/\\\/www.instagram.com\\\/arquimasterblog\\\/\",\"https:\\\/\\\/www.linkedin.com\\\/company\\\/arquimaster\",\"https:\\\/\\\/www.pinterest.com\\\/arquimaster\",\"https:\\\/\\\/t.me\\\/arquimaster\"]},{\"@type\":\"Person\",\"@id\":\"https:\\\/\\\/www.arquimaster.com.ar\\\/web\\\/#\\\/schema\\\/person\\\/359e9f7c00193fcde068e0dd2ceb0028\",\"name\":\"Arquimaster\"}]}<\/script>\n<!-- \/ Yoast SEO plugin. -->","yoast_head_json":{"title":"Centro de Actividades Compartidas \/ Impulso Arquitectos - Arquimaster","robots":{"index":"index","follow":"follow","max-snippet":"max-snippet:-1","max-image-preview":"max-image-preview:large","max-video-preview":"max-video-preview:-1"},"canonical":"https:\/\/www.arquimaster.com.ar\/web\/centro-de-actividades-compartidas-impulso-arquitectos\/","og_locale":"es_ES","og_type":"article","og_title":"Centro de Actividades Compartidas \/ Impulso Arquitectos - Arquimaster","og_description":"Propuesta que busca dar cobijo a las actividades ciudadanas de un macro sector de la ciudad...","og_url":"https:\/\/www.arquimaster.com.ar\/web\/centro-de-actividades-compartidas-impulso-arquitectos\/","og_site_name":"Arquimaster","article_publisher":"http:\/\/www.facebook.com\/ARQUIMASTER.com.ar","article_published_time":"2017-03-11T23:33:50+00:00","article_modified_time":"2017-03-17T02:04:13+00:00","og_image":[{"width":642,"height":336,"url":"https:\/\/www.arquimaster.com.ar\/web\/wp-content\/uploads\/2017\/03\/cac_temuco_slide.jpg","type":"image\/jpeg"}],"author":"Arquimaster","twitter_card":"summary_large_image","twitter_creator":"@arquimaster","twitter_site":"@arquimaster","twitter_misc":{"Escrito por":"Arquimaster","Tiempo de lectura":"2 minutos"},"schema":{"@context":"https:\/\/schema.org","@graph":[{"@type":"Article","@id":"https:\/\/www.arquimaster.com.ar\/web\/centro-de-actividades-compartidas-impulso-arquitectos\/#article","isPartOf":{"@id":"https:\/\/www.arquimaster.com.ar\/web\/centro-de-actividades-compartidas-impulso-arquitectos\/"},"author":{"name":"Arquimaster","@id":"https:\/\/www.arquimaster.com.ar\/web\/#\/schema\/person\/359e9f7c00193fcde068e0dd2ceb0028"},"headline":"Centro de Actividades Compartidas \/ Impulso Arquitectos","datePublished":"2017-03-11T23:33:50+00:00","dateModified":"2017-03-17T02:04:13+00:00","mainEntityOfPage":{"@id":"https:\/\/www.arquimaster.com.ar\/web\/centro-de-actividades-compartidas-impulso-arquitectos\/"},"wordCount":441,"publisher":{"@id":"https:\/\/www.arquimaster.com.ar\/web\/#organization"},"image":{"@id":"https:\/\/www.arquimaster.com.ar\/web\/centro-de-actividades-compartidas-impulso-arquitectos\/#primaryimage"},"thumbnailUrl":"https:\/\/www.arquimaster.com.ar\/web\/wp-content\/uploads\/2017\/03\/cac_temuco_slide.jpg","keywords":["CAC","centro comunitario","centro de actividades compartidas","Chile","Impulso Arquitectos","Jaime Alarc\u00f3n Fuentes","Jaime Gatica Martinez","Temuco"],"articleSection":["Arquitectura institucional","Proyecto"],"inLanguage":"es"},{"@type":"WebPage","@id":"https:\/\/www.arquimaster.com.ar\/web\/centro-de-actividades-compartidas-impulso-arquitectos\/","url":"https:\/\/www.arquimaster.com.ar\/web\/centro-de-actividades-compartidas-impulso-arquitectos\/","name":"Centro de Actividades Compartidas \/ Impulso Arquitectos - Arquimaster","isPartOf":{"@id":"https:\/\/www.arquimaster.com.ar\/web\/#website"},"primaryImageOfPage":{"@id":"https:\/\/www.arquimaster.com.ar\/web\/centro-de-actividades-compartidas-impulso-arquitectos\/#primaryimage"},"image":{"@id":"https:\/\/www.arquimaster.com.ar\/web\/centro-de-actividades-compartidas-impulso-arquitectos\/#primaryimage"},"thumbnailUrl":"https:\/\/www.arquimaster.com.ar\/web\/wp-content\/uploads\/2017\/03\/cac_temuco_slide.jpg","datePublished":"2017-03-11T23:33:50+00:00","dateModified":"2017-03-17T02:04:13+00:00","breadcrumb":{"@id":"https:\/\/www.arquimaster.com.ar\/web\/centro-de-actividades-compartidas-impulso-arquitectos\/#breadcrumb"},"inLanguage":"es","potentialAction":[{"@type":"ReadAction","target":["https:\/\/www.arquimaster.com.ar\/web\/centro-de-actividades-compartidas-impulso-arquitectos\/"]}]},{"@type":"ImageObject","inLanguage":"es","@id":"https:\/\/www.arquimaster.com.ar\/web\/centro-de-actividades-compartidas-impulso-arquitectos\/#primaryimage","url":"https:\/\/www.arquimaster.com.ar\/web\/wp-content\/uploads\/2017\/03\/cac_temuco_slide.jpg","contentUrl":"https:\/\/www.arquimaster.com.ar\/web\/wp-content\/uploads\/2017\/03\/cac_temuco_slide.jpg","width":642,"height":336},{"@type":"BreadcrumbList","@id":"https:\/\/www.arquimaster.com.ar\/web\/centro-de-actividades-compartidas-impulso-arquitectos\/#breadcrumb","itemListElement":[{"@type":"ListItem","position":1,"name":"Portada","item":"https:\/\/www.arquimaster.com.ar\/web\/"},{"@type":"ListItem","position":2,"name":"Centro de Actividades Compartidas \/ Impulso Arquitectos"}]},{"@type":"WebSite","@id":"https:\/\/www.arquimaster.com.ar\/web\/#website","url":"https:\/\/www.arquimaster.com.ar\/web\/","name":"Arquimaster","description":"Web de arquitectura, dise\u00f1o y construccion","publisher":{"@id":"https:\/\/www.arquimaster.com.ar\/web\/#organization"},"potentialAction":[{"@type":"SearchAction","target":{"@type":"EntryPoint","urlTemplate":"https:\/\/www.arquimaster.com.ar\/web\/?s={search_term_string}"},"query-input":{"@type":"PropertyValueSpecification","valueRequired":true,"valueName":"search_term_string"}}],"inLanguage":"es"},{"@type":"Organization","@id":"https:\/\/www.arquimaster.com.ar\/web\/#organization","name":"Arquimaster","url":"https:\/\/www.arquimaster.com.ar\/web\/","logo":{"@type":"ImageObject","inLanguage":"es","@id":"https:\/\/www.arquimaster.com.ar\/web\/#\/schema\/logo\/image\/","url":"https:\/\/www.arquimaster.com.ar\/web\/wp-content\/uploads\/2022\/06\/arquimaster.png","contentUrl":"https:\/\/www.arquimaster.com.ar\/web\/wp-content\/uploads\/2022\/06\/arquimaster.png","width":594,"height":78,"caption":"Arquimaster"},"image":{"@id":"https:\/\/www.arquimaster.com.ar\/web\/#\/schema\/logo\/image\/"},"sameAs":["http:\/\/www.facebook.com\/ARQUIMASTER.com.ar","https:\/\/x.com\/arquimaster","https:\/\/www.instagram.com\/arquimasterblog\/","https:\/\/www.linkedin.com\/company\/arquimaster","https:\/\/www.pinterest.com\/arquimaster","https:\/\/t.me\/arquimaster"]},{"@type":"Person","@id":"https:\/\/www.arquimaster.com.ar\/web\/#\/schema\/person\/359e9f7c00193fcde068e0dd2ceb0028","name":"Arquimaster"}]}},"uagb_featured_image_src":{"full":["https:\/\/www.arquimaster.com.ar\/web\/wp-content\/uploads\/2017\/03\/cac_temuco_slide.jpg",642,336,false],"thumbnail":["https:\/\/www.arquimaster.com.ar\/web\/wp-content\/uploads\/2017\/03\/cac_temuco_slide-150x150.jpg",150,150,true],"medium":["https:\/\/www.arquimaster.com.ar\/web\/wp-content\/uploads\/2017\/03\/cac_temuco_slide.jpg",642,336,false],"medium_large":["https:\/\/www.arquimaster.com.ar\/web\/wp-content\/uploads\/2017\/03\/cac_temuco_slide.jpg",642,336,false],"large":["https:\/\/www.arquimaster.com.ar\/web\/wp-content\/uploads\/2017\/03\/cac_temuco_slide.jpg",642,336,false],"1536x1536":["https:\/\/www.arquimaster.com.ar\/web\/wp-content\/uploads\/2017\/03\/cac_temuco_slide.jpg",642,336,false],"2048x2048":["https:\/\/www.arquimaster.com.ar\/web\/wp-content\/uploads\/2017\/03\/cac_temuco_slide.jpg",642,336,false]},"uagb_author_info":{"display_name":"Arquimaster","author_link":"https:\/\/www.arquimaster.com.ar\/web\/author\/arquimaster\/"},"uagb_comment_info":0,"uagb_excerpt":"Propuesta que busca dar cobijo a las actividades ciudadanas de un macro sector de la ciudad...","_links":{"self":[{"href":"https:\/\/www.arquimaster.com.ar\/web\/wp-json\/wp\/v2\/posts\/26037","targetHints":{"allow":["GET"]}}],"collection":[{"href":"https:\/\/www.arquimaster.com.ar\/web\/wp-json\/wp\/v2\/posts"}],"about":[{"href":"https:\/\/www.arquimaster.com.ar\/web\/wp-json\/wp\/v2\/types\/post"}],"author":[{"embeddable":true,"href":"https:\/\/www.arquimaster.com.ar\/web\/wp-json\/wp\/v2\/users\/1"}],"replies":[{"embeddable":true,"href":"https:\/\/www.arquimaster.com.ar\/web\/wp-json\/wp\/v2\/comments?post=26037"}],"version-history":[{"count":0,"href":"https:\/\/www.arquimaster.com.ar\/web\/wp-json\/wp\/v2\/posts\/26037\/revisions"}],"wp:featuredmedia":[{"embeddable":true,"href":"https:\/\/www.arquimaster.com.ar\/web\/wp-json\/wp\/v2\/media\/26038"}],"wp:attachment":[{"href":"https:\/\/www.arquimaster.com.ar\/web\/wp-json\/wp\/v2\/media?parent=26037"}],"wp:term":[{"taxonomy":"category","embeddable":true,"href":"https:\/\/www.arquimaster.com.ar\/web\/wp-json\/wp\/v2\/categories?post=26037"},{"taxonomy":"post_tag","embeddable":true,"href":"https:\/\/www.arquimaster.com.ar\/web\/wp-json\/wp\/v2\/tags?post=26037"}],"curies":[{"name":"wp","href":"https:\/\/api.w.org\/{rel}","templated":true}]}}