{"id":26055,"date":"2017-03-17T16:49:54","date_gmt":"2017-03-17T16:49:54","guid":{"rendered":"http:\/\/www.arquimaster.com.ar\/web\/?p=26055"},"modified":"2025-10-25T19:17:27","modified_gmt":"2025-10-25T22:17:27","slug":"los-ganadores-de-la-4o-edicion-de-los-lafargeholcim-awards-brindaron-conferencias-en-argentina","status":"publish","type":"post","link":"https:\/\/www.arquimaster.com.ar\/web\/los-ganadores-de-la-4o-edicion-de-los-lafargeholcim-awards-brindaron-conferencias-en-argentina\/","title":{"rendered":"Los ganadores de la 4\u00ba Edici\u00f3n de los LafargeHolcim Awards brindaron conferencias en Argentina"},"content":{"rendered":"<div style=\"margin-top: 0px; margin-bottom: 0px;\" class=\"sharethis-inline-share-buttons\" ><\/div><div class=\"b812932af2e751442846f039925109de\" data-index=\"1\" style=\"float: none; margin:25px 0 25px 0; text-align:center;\">\n<script async src=\"https:\/\/pagead2.googlesyndication.com\/pagead\/js\/adsbygoogle.js\"><\/script>\r\n<!-- Arquimaster (superior) -->\r\n<ins class=\"adsbygoogle\"\r\n     style=\"display:block\"\r\n     data-ad-client=\"ca-pub-6351072698456832\"\r\n     data-ad-slot=\"6455489680\"\r\n     data-ad-format=\"auto\"\r\n     data-full-width-responsive=\"true\"><\/ins>\r\n<script>\r\n     (adsbygoogle = window.adsbygoogle || []).push({});\r\n<\/script>\n<\/div>\n<p><em><strong>Los interesados pueden enviar sus proyectos de construcci\u00f3n sustentable hasta el 21 de marzo de 2017.<\/strong><\/em><\/p>\n<p>En el marco de los <strong>LafargeHolcim Awards<\/strong>, la mayor competencia de <strong>construcci\u00f3n sustentable<\/strong>, los ganadores de la 4\u00ba edici\u00f3n dieron un conferencia en la Universidad Nacional de C\u00f3rdoba y en la Universidad de Mor\u00f3n, Buenos Aires, con motivo del cierre de inscripciones a los Premios, destinada a profesionales y estudiantes de arquitectura.<\/p>\n<div id='gallery-1' class='gallery galleryid-26055 gallery-columns-3 gallery-size-thumbnail'><figure class='gallery-item'>\n\t\t\t<div class='gallery-icon landscape'>\n\t\t\t\t<a href='https:\/\/www.arquimaster.com.ar\/web\/wp-content\/uploads\/2017\/03\/lafargeholcim_awards1.jpg' title=\"Los ganadores de la 4\u00ba Edici\u00f3n de los LafargeHolcim Awards brindaron conferencias en Argentina (Proyecto Fruit Salad)\" data-rl_title=\"Los ganadores de la 4\u00ba Edici\u00f3n de los LafargeHolcim Awards brindaron conferencias en Argentina (Proyecto Fruit Salad)\" class=\"rl-gallery-link\" data-rl_caption=\"Los ganadores de la 4\u00ba Edici\u00f3n de los LafargeHolcim Awards brindaron conferencias en Argentina (Proyecto Fruit Salad)\" data-rel=\"lightbox-gallery-1\"><img loading=\"lazy\" decoding=\"async\" width=\"150\" height=\"150\" src=\"https:\/\/www.arquimaster.com.ar\/web\/wp-content\/uploads\/2017\/03\/lafargeholcim_awards1-150x150.jpg\" class=\"attachment-thumbnail size-thumbnail\" alt=\"\" aria-describedby=\"gallery-1-26058\" srcset=\"https:\/\/www.arquimaster.com.ar\/web\/wp-content\/uploads\/2017\/03\/lafargeholcim_awards1-150x150.jpg 150w, https:\/\/www.arquimaster.com.ar\/web\/wp-content\/uploads\/2017\/03\/lafargeholcim_awards1-50x50.jpg 50w, https:\/\/www.arquimaster.com.ar\/web\/wp-content\/uploads\/2017\/03\/lafargeholcim_awards1-125x125.jpg 125w\" sizes=\"auto, (max-width: 150px) 100vw, 150px\" \/><\/a>\n\t\t\t<\/div>\n\t\t\t\t<figcaption class='wp-caption-text gallery-caption' id='gallery-1-26058'>\n\t\t\t\tLos ganadores de la 4\u00ba Edici\u00f3n de los LafargeHolcim Awards brindaron conferencias en Argentina (Proyecto Fruit Salad)\n\t\t\t\t<\/figcaption><\/figure><figure class='gallery-item'>\n\t\t\t<div class='gallery-icon landscape'>\n\t\t\t\t<a href='https:\/\/www.arquimaster.com.ar\/web\/wp-content\/uploads\/2017\/03\/lafargeholcim_awards2.jpg' title=\"Los ganadores de la 4\u00ba Edici\u00f3n de los LafargeHolcim Awards brindaron conferencias en Argentina (Proyecto UVA de la Imaginaci\u00f3n)\" data-rl_title=\"Los ganadores de la 4\u00ba Edici\u00f3n de los LafargeHolcim Awards brindaron conferencias en Argentina (Proyecto UVA de la Imaginaci\u00f3n)\" class=\"rl-gallery-link\" data-rl_caption=\"Los ganadores de la 4\u00ba Edici\u00f3n de los LafargeHolcim Awards brindaron conferencias en Argentina (Proyecto UVA de la Imaginaci\u00f3n)\" data-rel=\"lightbox-gallery-1\"><img loading=\"lazy\" decoding=\"async\" width=\"150\" height=\"150\" src=\"https:\/\/www.arquimaster.com.ar\/web\/wp-content\/uploads\/2017\/03\/lafargeholcim_awards2-150x150.jpg\" class=\"attachment-thumbnail size-thumbnail\" alt=\"\" aria-describedby=\"gallery-1-26059\" srcset=\"https:\/\/www.arquimaster.com.ar\/web\/wp-content\/uploads\/2017\/03\/lafargeholcim_awards2-150x150.jpg 150w, https:\/\/www.arquimaster.com.ar\/web\/wp-content\/uploads\/2017\/03\/lafargeholcim_awards2-50x50.jpg 50w, https:\/\/www.arquimaster.com.ar\/web\/wp-content\/uploads\/2017\/03\/lafargeholcim_awards2-125x125.jpg 125w\" sizes=\"auto, (max-width: 150px) 100vw, 150px\" \/><\/a>\n\t\t\t<\/div>\n\t\t\t\t<figcaption class='wp-caption-text gallery-caption' id='gallery-1-26059'>\n\t\t\t\tLos ganadores de la 4\u00ba Edici\u00f3n de los LafargeHolcim Awards brindaron conferencias en Argentina (Proyecto UVA de la Imaginaci\u00f3n)\n\t\t\t\t<\/figcaption><\/figure><figure class='gallery-item'>\n\t\t\t<div class='gallery-icon landscape'>\n\t\t\t\t<a href='https:\/\/www.arquimaster.com.ar\/web\/wp-content\/uploads\/2017\/03\/lafargeholcim_awards4.jpg' title=\"Los ganadores de la 4\u00ba Edici\u00f3n de los LafargeHolcim Awards brindaron conferencias en Argentina (Equipo UNC ganador Next Generation)\" data-rl_title=\"Los ganadores de la 4\u00ba Edici\u00f3n de los LafargeHolcim Awards brindaron conferencias en Argentina (Equipo UNC ganador Next Generation)\" class=\"rl-gallery-link\" data-rl_caption=\"Los ganadores de la 4\u00ba Edici\u00f3n de los LafargeHolcim Awards brindaron conferencias en Argentina (Equipo UNC ganador Next Generation)\" data-rel=\"lightbox-gallery-1\"><img loading=\"lazy\" decoding=\"async\" width=\"150\" height=\"150\" src=\"https:\/\/www.arquimaster.com.ar\/web\/wp-content\/uploads\/2017\/03\/lafargeholcim_awards4-150x150.jpg\" class=\"attachment-thumbnail size-thumbnail\" alt=\"\" aria-describedby=\"gallery-1-26056\" srcset=\"https:\/\/www.arquimaster.com.ar\/web\/wp-content\/uploads\/2017\/03\/lafargeholcim_awards4-150x150.jpg 150w, https:\/\/www.arquimaster.com.ar\/web\/wp-content\/uploads\/2017\/03\/lafargeholcim_awards4-50x50.jpg 50w, https:\/\/www.arquimaster.com.ar\/web\/wp-content\/uploads\/2017\/03\/lafargeholcim_awards4-125x125.jpg 125w\" sizes=\"auto, (max-width: 150px) 100vw, 150px\" \/><\/a>\n\t\t\t<\/div>\n\t\t\t\t<figcaption class='wp-caption-text gallery-caption' id='gallery-1-26056'>\n\t\t\t\tLos ganadores de la 4\u00ba Edici\u00f3n de los LafargeHolcim Awards brindaron conferencias en Argentina (Equipo UNC ganador Next Generation)\n\t\t\t\t<\/figcaption><\/figure><figure class='gallery-item'>\n\t\t\t<div class='gallery-icon landscape'>\n\t\t\t\t<a href='https:\/\/www.arquimaster.com.ar\/web\/wp-content\/uploads\/2017\/03\/lafargeholcim_awards3.jpg' title=\"Los ganadores de la 4\u00ba Edici\u00f3n de los LafargeHolcim Awards brindaron conferencias en Argentina (Colectivo 720 ganador Oro Global)\" data-rl_title=\"Los ganadores de la 4\u00ba Edici\u00f3n de los LafargeHolcim Awards brindaron conferencias en Argentina (Colectivo 720 ganador Oro Global)\" class=\"rl-gallery-link\" data-rl_caption=\"Los ganadores de la 4\u00ba Edici\u00f3n de los LafargeHolcim Awards brindaron conferencias en Argentina (Colectivo 720 ganador Oro Global)\" data-rel=\"lightbox-gallery-1\"><img loading=\"lazy\" decoding=\"async\" width=\"150\" height=\"150\" src=\"https:\/\/www.arquimaster.com.ar\/web\/wp-content\/uploads\/2017\/03\/lafargeholcim_awards3-150x150.jpg\" class=\"attachment-thumbnail size-thumbnail\" alt=\"\" aria-describedby=\"gallery-1-26060\" srcset=\"https:\/\/www.arquimaster.com.ar\/web\/wp-content\/uploads\/2017\/03\/lafargeholcim_awards3-150x150.jpg 150w, https:\/\/www.arquimaster.com.ar\/web\/wp-content\/uploads\/2017\/03\/lafargeholcim_awards3-50x50.jpg 50w, https:\/\/www.arquimaster.com.ar\/web\/wp-content\/uploads\/2017\/03\/lafargeholcim_awards3-125x125.jpg 125w\" sizes=\"auto, (max-width: 150px) 100vw, 150px\" \/><\/a>\n\t\t\t<\/div>\n\t\t\t\t<figcaption class='wp-caption-text gallery-caption' id='gallery-1-26060'>\n\t\t\t\tLos ganadores de la 4\u00ba Edici\u00f3n de los LafargeHolcim Awards brindaron conferencias en Argentina (Colectivo 720 ganador Oro Global)\n\t\t\t\t<\/figcaption><\/figure>\n\t\t<\/div>\n\n<p>Organizada por la Fundaci\u00f3n LafargeHolcim para la Construcci\u00f3n Sostenible, la competencia identifica las ideas que tienen mayor potencial para abordar los desaf\u00edos actuales de incrementar la urbanizaci\u00f3n y mejorar la calidad de vida.<\/p>\n<p>Los reconocidos arquitectos Mario Camargo y Luis Tomb\u00e9, del estudio Colectivo 720 de Colombia, obtuvieron el Oro Global LafargeHolcim Awards 2015 con su proyecto UVA de la Imaginaci\u00f3n, en el cual crearon un parque p\u00fablico en Medell\u00edn en una reserva donde dos tanques gigantes de agua han sido reemplazados por una nueva infraestructura acu\u00e1tica.<\/p>\n<p><em>\u00abEl premio nos dio la oportunidad de visibilizar nuestras ideas alrededor de la construcci\u00f3n sustentable y la arquitectura. El proceso de inscripci\u00f3n es sencillo y siempre hay alguien de LaFargeHolcim Awards dispuesto a asesorarte para cargar los proyectos\u00bb<\/em>, destac\u00f3 Mario Camargo de Colectivo 720.<\/p>\n<p>En la categor\u00eda Next Generation, que convoca espec\u00edficamente soluciones creativas propuestas por estudiantes y j\u00f3venes profesionales, resultaron ganadores un equipo de estudiantes de la Universidad Nacional de C\u00f3rdoba, quienes crearon un plan de reutilizaci\u00f3n de infraestructura en los m\u00e1rgenes del r\u00edo Negro en Manaos, Brasil.<\/p>\n<p><em>\u00abEs importante animarse a participar de la competencia. Los proyectos no necesariamente tienen que ser obras o ideas enormes, sino que tienen que contar con un diferencial que genere un aporte a la sociedad y al entorno. Es una excelente excusa para poder pensar a la arquitectura y la construcci\u00f3n desde un punto de vista sustentable\u00bb<\/em>, coment\u00f3 Christian Barrera, uno de los ganadores de Next Generation.<\/p>\n<p>Los interesados tienen tiempo de enviar sus proyectos hasta el 21 de marzo v\u00eda online. La inscripci\u00f3n es gratuita y debe ser realizada en idioma ingl\u00e9s, utilizando un formulario web para brindar informaci\u00f3n sobre la autor\u00eda, un resumen del proyecto, detalles t\u00e9cnicos, e im\u00e1genes o ilustraciones del proyecto. Ingresando al sitio web de la competencia\u00a0hay una exhaustiva gu\u00eda \u00abPaso a paso\u00bb que explica en detalle los criterios de evaluaci\u00f3n y brinda instrucciones sobre c\u00f3mo preparar la inscripci\u00f3n. Tambi\u00e9n pueden consultar el facebook del certamen: Premios LafargeHolcim Argentina.<\/p>\n<p><strong>Fundaci\u00f3n LafargeHolcim para la Construcci\u00f3n Sostenible<\/strong><br \/>\nDesde el a\u00f1o 2003 la Fundaci\u00f3n sostiene su ideal sobre construcci\u00f3n sustentable a trav\u00e9s de las competencias internacionales, foros acad\u00e9micos y publicaciones. La Fundaci\u00f3n cuenta con el apoyo de LafargeHolcim, el l\u00edder mundial en la industria de los materiales para la construcci\u00f3n, pero es ajena a sus intereses comerciales.<\/p>\n\n<div style=\"font-size: 0px; height: 0px; line-height: 0px; margin: 0; padding: 0; clear: both;\"><\/div><div style=\"margin-top: 0px; margin-bottom: 0px;\" class=\"sharethis-inline-share-buttons\" ><\/div>","protected":false},"excerpt":{"rendered":"<p>Los interesados pueden enviar sus proyectos de construcci\u00f3n sustentable&#8230;<\/p>\n","protected":false},"author":1,"featured_media":26057,"comment_status":"closed","ping_status":"closed","sticky":false,"template":"","format":"standard","meta":{"_uag_custom_page_level_css":"","footnotes":""},"categories":[70,68],"tags":[316,4109,999,4110],"class_list":["post-26055","post","type-post","status-publish","format-standard","has-post-thumbnail","hentry","category-noticias-arquitectura","category-novedades","tag-construccion-sustentable","tag-lafargeholcim-awards","tag-premios","tag-premios-lafargeholcim","generate-columns","tablet-grid-50","mobile-grid-100","grid-parent","grid-50"],"yoast_head":"<!-- This site is optimized with the Yoast SEO plugin v27.3 - https:\/\/yoast.com\/product\/yoast-seo-wordpress\/ -->\n<title>Los ganadores de la 4\u00ba Edici\u00f3n de los LafargeHolcim Awards brindaron conferencias en Argentina - Arquimaster<\/title>\n<meta name=\"robots\" content=\"index, follow, max-snippet:-1, max-image-preview:large, max-video-preview:-1\" \/>\n<link rel=\"canonical\" href=\"https:\/\/www.arquimaster.com.ar\/web\/los-ganadores-de-la-4o-edicion-de-los-lafargeholcim-awards-brindaron-conferencias-en-argentina\/\" \/>\n<meta property=\"og:locale\" content=\"es_ES\" \/>\n<meta property=\"og:type\" content=\"article\" \/>\n<meta property=\"og:title\" content=\"Los ganadores de la 4\u00ba Edici\u00f3n de los LafargeHolcim Awards brindaron conferencias en Argentina - Arquimaster\" \/>\n<meta property=\"og:description\" content=\"Los interesados pueden enviar sus proyectos de construcci\u00f3n sustentable...\" \/>\n<meta property=\"og:url\" content=\"https:\/\/www.arquimaster.com.ar\/web\/los-ganadores-de-la-4o-edicion-de-los-lafargeholcim-awards-brindaron-conferencias-en-argentina\/\" \/>\n<meta property=\"og:site_name\" content=\"Arquimaster\" \/>\n<meta property=\"article:publisher\" content=\"http:\/\/www.facebook.com\/ARQUIMASTER.com.ar\" \/>\n<meta property=\"article:published_time\" content=\"2017-03-17T16:49:54+00:00\" \/>\n<meta property=\"article:modified_time\" content=\"2025-10-25T22:17:27+00:00\" \/>\n<meta property=\"og:image\" content=\"https:\/\/www.arquimaster.com.ar\/web\/wp-content\/uploads\/2017\/03\/lafargeholcim_awards_slide.jpg\" \/>\n\t<meta property=\"og:image:width\" content=\"642\" \/>\n\t<meta property=\"og:image:height\" content=\"336\" \/>\n\t<meta property=\"og:image:type\" content=\"image\/jpeg\" \/>\n<meta name=\"author\" content=\"Arquimaster\" \/>\n<meta name=\"twitter:card\" content=\"summary_large_image\" \/>\n<meta name=\"twitter:creator\" content=\"@arquimaster\" \/>\n<meta name=\"twitter:site\" content=\"@arquimaster\" \/>\n<meta name=\"twitter:label1\" content=\"Escrito por\" \/>\n\t<meta name=\"twitter:data1\" content=\"Arquimaster\" \/>\n\t<meta name=\"twitter:label2\" content=\"Tiempo de lectura\" \/>\n\t<meta name=\"twitter:data2\" content=\"3 minutos\" \/>\n<script type=\"application\/ld+json\" class=\"yoast-schema-graph\">{\"@context\":\"https:\\\/\\\/schema.org\",\"@graph\":[{\"@type\":\"Article\",\"@id\":\"https:\\\/\\\/www.arquimaster.com.ar\\\/web\\\/los-ganadores-de-la-4o-edicion-de-los-lafargeholcim-awards-brindaron-conferencias-en-argentina\\\/#article\",\"isPartOf\":{\"@id\":\"https:\\\/\\\/www.arquimaster.com.ar\\\/web\\\/los-ganadores-de-la-4o-edicion-de-los-lafargeholcim-awards-brindaron-conferencias-en-argentina\\\/\"},\"author\":{\"name\":\"Arquimaster\",\"@id\":\"https:\\\/\\\/www.arquimaster.com.ar\\\/web\\\/#\\\/schema\\\/person\\\/359e9f7c00193fcde068e0dd2ceb0028\"},\"headline\":\"Los ganadores de la 4\u00ba Edici\u00f3n de los LafargeHolcim Awards brindaron conferencias en Argentina\",\"datePublished\":\"2017-03-17T16:49:54+00:00\",\"dateModified\":\"2025-10-25T22:17:27+00:00\",\"mainEntityOfPage\":{\"@id\":\"https:\\\/\\\/www.arquimaster.com.ar\\\/web\\\/los-ganadores-de-la-4o-edicion-de-los-lafargeholcim-awards-brindaron-conferencias-en-argentina\\\/\"},\"wordCount\":508,\"publisher\":{\"@id\":\"https:\\\/\\\/www.arquimaster.com.ar\\\/web\\\/#organization\"},\"image\":{\"@id\":\"https:\\\/\\\/www.arquimaster.com.ar\\\/web\\\/los-ganadores-de-la-4o-edicion-de-los-lafargeholcim-awards-brindaron-conferencias-en-argentina\\\/#primaryimage\"},\"thumbnailUrl\":\"https:\\\/\\\/www.arquimaster.com.ar\\\/web\\\/wp-content\\\/uploads\\\/2017\\\/03\\\/lafargeholcim_awards_slide.jpg\",\"keywords\":[\"construcci\u00f3n sustentable\",\"LafargeHolcim Awards\",\"premios\",\"Premios LafargeHolcim\"],\"articleSection\":[\"Noticias de arquitectura y dise\u00f1o\",\"Novedades\"],\"inLanguage\":\"es\"},{\"@type\":\"WebPage\",\"@id\":\"https:\\\/\\\/www.arquimaster.com.ar\\\/web\\\/los-ganadores-de-la-4o-edicion-de-los-lafargeholcim-awards-brindaron-conferencias-en-argentina\\\/\",\"url\":\"https:\\\/\\\/www.arquimaster.com.ar\\\/web\\\/los-ganadores-de-la-4o-edicion-de-los-lafargeholcim-awards-brindaron-conferencias-en-argentina\\\/\",\"name\":\"Los ganadores de la 4\u00ba Edici\u00f3n de los LafargeHolcim Awards brindaron conferencias en Argentina - Arquimaster\",\"isPartOf\":{\"@id\":\"https:\\\/\\\/www.arquimaster.com.ar\\\/web\\\/#website\"},\"primaryImageOfPage\":{\"@id\":\"https:\\\/\\\/www.arquimaster.com.ar\\\/web\\\/los-ganadores-de-la-4o-edicion-de-los-lafargeholcim-awards-brindaron-conferencias-en-argentina\\\/#primaryimage\"},\"image\":{\"@id\":\"https:\\\/\\\/www.arquimaster.com.ar\\\/web\\\/los-ganadores-de-la-4o-edicion-de-los-lafargeholcim-awards-brindaron-conferencias-en-argentina\\\/#primaryimage\"},\"thumbnailUrl\":\"https:\\\/\\\/www.arquimaster.com.ar\\\/web\\\/wp-content\\\/uploads\\\/2017\\\/03\\\/lafargeholcim_awards_slide.jpg\",\"datePublished\":\"2017-03-17T16:49:54+00:00\",\"dateModified\":\"2025-10-25T22:17:27+00:00\",\"breadcrumb\":{\"@id\":\"https:\\\/\\\/www.arquimaster.com.ar\\\/web\\\/los-ganadores-de-la-4o-edicion-de-los-lafargeholcim-awards-brindaron-conferencias-en-argentina\\\/#breadcrumb\"},\"inLanguage\":\"es\",\"potentialAction\":[{\"@type\":\"ReadAction\",\"target\":[\"https:\\\/\\\/www.arquimaster.com.ar\\\/web\\\/los-ganadores-de-la-4o-edicion-de-los-lafargeholcim-awards-brindaron-conferencias-en-argentina\\\/\"]}]},{\"@type\":\"ImageObject\",\"inLanguage\":\"es\",\"@id\":\"https:\\\/\\\/www.arquimaster.com.ar\\\/web\\\/los-ganadores-de-la-4o-edicion-de-los-lafargeholcim-awards-brindaron-conferencias-en-argentina\\\/#primaryimage\",\"url\":\"https:\\\/\\\/www.arquimaster.com.ar\\\/web\\\/wp-content\\\/uploads\\\/2017\\\/03\\\/lafargeholcim_awards_slide.jpg\",\"contentUrl\":\"https:\\\/\\\/www.arquimaster.com.ar\\\/web\\\/wp-content\\\/uploads\\\/2017\\\/03\\\/lafargeholcim_awards_slide.jpg\",\"width\":642,\"height\":336},{\"@type\":\"BreadcrumbList\",\"@id\":\"https:\\\/\\\/www.arquimaster.com.ar\\\/web\\\/los-ganadores-de-la-4o-edicion-de-los-lafargeholcim-awards-brindaron-conferencias-en-argentina\\\/#breadcrumb\",\"itemListElement\":[{\"@type\":\"ListItem\",\"position\":1,\"name\":\"Portada\",\"item\":\"https:\\\/\\\/www.arquimaster.com.ar\\\/web\\\/\"},{\"@type\":\"ListItem\",\"position\":2,\"name\":\"Los ganadores de la 4\u00ba Edici\u00f3n de los LafargeHolcim Awards brindaron conferencias en Argentina\"}]},{\"@type\":\"WebSite\",\"@id\":\"https:\\\/\\\/www.arquimaster.com.ar\\\/web\\\/#website\",\"url\":\"https:\\\/\\\/www.arquimaster.com.ar\\\/web\\\/\",\"name\":\"Arquimaster\",\"description\":\"Web de arquitectura, dise\u00f1o y construccion\",\"publisher\":{\"@id\":\"https:\\\/\\\/www.arquimaster.com.ar\\\/web\\\/#organization\"},\"potentialAction\":[{\"@type\":\"SearchAction\",\"target\":{\"@type\":\"EntryPoint\",\"urlTemplate\":\"https:\\\/\\\/www.arquimaster.com.ar\\\/web\\\/?s={search_term_string}\"},\"query-input\":{\"@type\":\"PropertyValueSpecification\",\"valueRequired\":true,\"valueName\":\"search_term_string\"}}],\"inLanguage\":\"es\"},{\"@type\":\"Organization\",\"@id\":\"https:\\\/\\\/www.arquimaster.com.ar\\\/web\\\/#organization\",\"name\":\"Arquimaster\",\"url\":\"https:\\\/\\\/www.arquimaster.com.ar\\\/web\\\/\",\"logo\":{\"@type\":\"ImageObject\",\"inLanguage\":\"es\",\"@id\":\"https:\\\/\\\/www.arquimaster.com.ar\\\/web\\\/#\\\/schema\\\/logo\\\/image\\\/\",\"url\":\"https:\\\/\\\/www.arquimaster.com.ar\\\/web\\\/wp-content\\\/uploads\\\/2022\\\/06\\\/arquimaster.png\",\"contentUrl\":\"https:\\\/\\\/www.arquimaster.com.ar\\\/web\\\/wp-content\\\/uploads\\\/2022\\\/06\\\/arquimaster.png\",\"width\":594,\"height\":78,\"caption\":\"Arquimaster\"},\"image\":{\"@id\":\"https:\\\/\\\/www.arquimaster.com.ar\\\/web\\\/#\\\/schema\\\/logo\\\/image\\\/\"},\"sameAs\":[\"http:\\\/\\\/www.facebook.com\\\/ARQUIMASTER.com.ar\",\"https:\\\/\\\/x.com\\\/arquimaster\",\"https:\\\/\\\/www.instagram.com\\\/arquimasterblog\\\/\",\"https:\\\/\\\/www.linkedin.com\\\/company\\\/arquimaster\",\"https:\\\/\\\/www.pinterest.com\\\/arquimaster\",\"https:\\\/\\\/t.me\\\/arquimaster\"]},{\"@type\":\"Person\",\"@id\":\"https:\\\/\\\/www.arquimaster.com.ar\\\/web\\\/#\\\/schema\\\/person\\\/359e9f7c00193fcde068e0dd2ceb0028\",\"name\":\"Arquimaster\"}]}<\/script>\n<!-- \/ Yoast SEO plugin. -->","yoast_head_json":{"title":"Los ganadores de la 4\u00ba Edici\u00f3n de los LafargeHolcim Awards brindaron conferencias en Argentina - Arquimaster","robots":{"index":"index","follow":"follow","max-snippet":"max-snippet:-1","max-image-preview":"max-image-preview:large","max-video-preview":"max-video-preview:-1"},"canonical":"https:\/\/www.arquimaster.com.ar\/web\/los-ganadores-de-la-4o-edicion-de-los-lafargeholcim-awards-brindaron-conferencias-en-argentina\/","og_locale":"es_ES","og_type":"article","og_title":"Los ganadores de la 4\u00ba Edici\u00f3n de los LafargeHolcim Awards brindaron conferencias en Argentina - Arquimaster","og_description":"Los interesados pueden enviar sus proyectos de construcci\u00f3n sustentable...","og_url":"https:\/\/www.arquimaster.com.ar\/web\/los-ganadores-de-la-4o-edicion-de-los-lafargeholcim-awards-brindaron-conferencias-en-argentina\/","og_site_name":"Arquimaster","article_publisher":"http:\/\/www.facebook.com\/ARQUIMASTER.com.ar","article_published_time":"2017-03-17T16:49:54+00:00","article_modified_time":"2025-10-25T22:17:27+00:00","og_image":[{"width":642,"height":336,"url":"https:\/\/www.arquimaster.com.ar\/web\/wp-content\/uploads\/2017\/03\/lafargeholcim_awards_slide.jpg","type":"image\/jpeg"}],"author":"Arquimaster","twitter_card":"summary_large_image","twitter_creator":"@arquimaster","twitter_site":"@arquimaster","twitter_misc":{"Escrito por":"Arquimaster","Tiempo de lectura":"3 minutos"},"schema":{"@context":"https:\/\/schema.org","@graph":[{"@type":"Article","@id":"https:\/\/www.arquimaster.com.ar\/web\/los-ganadores-de-la-4o-edicion-de-los-lafargeholcim-awards-brindaron-conferencias-en-argentina\/#article","isPartOf":{"@id":"https:\/\/www.arquimaster.com.ar\/web\/los-ganadores-de-la-4o-edicion-de-los-lafargeholcim-awards-brindaron-conferencias-en-argentina\/"},"author":{"name":"Arquimaster","@id":"https:\/\/www.arquimaster.com.ar\/web\/#\/schema\/person\/359e9f7c00193fcde068e0dd2ceb0028"},"headline":"Los ganadores de la 4\u00ba Edici\u00f3n de los LafargeHolcim Awards brindaron conferencias en Argentina","datePublished":"2017-03-17T16:49:54+00:00","dateModified":"2025-10-25T22:17:27+00:00","mainEntityOfPage":{"@id":"https:\/\/www.arquimaster.com.ar\/web\/los-ganadores-de-la-4o-edicion-de-los-lafargeholcim-awards-brindaron-conferencias-en-argentina\/"},"wordCount":508,"publisher":{"@id":"https:\/\/www.arquimaster.com.ar\/web\/#organization"},"image":{"@id":"https:\/\/www.arquimaster.com.ar\/web\/los-ganadores-de-la-4o-edicion-de-los-lafargeholcim-awards-brindaron-conferencias-en-argentina\/#primaryimage"},"thumbnailUrl":"https:\/\/www.arquimaster.com.ar\/web\/wp-content\/uploads\/2017\/03\/lafargeholcim_awards_slide.jpg","keywords":["construcci\u00f3n sustentable","LafargeHolcim Awards","premios","Premios LafargeHolcim"],"articleSection":["Noticias de arquitectura y dise\u00f1o","Novedades"],"inLanguage":"es"},{"@type":"WebPage","@id":"https:\/\/www.arquimaster.com.ar\/web\/los-ganadores-de-la-4o-edicion-de-los-lafargeholcim-awards-brindaron-conferencias-en-argentina\/","url":"https:\/\/www.arquimaster.com.ar\/web\/los-ganadores-de-la-4o-edicion-de-los-lafargeholcim-awards-brindaron-conferencias-en-argentina\/","name":"Los ganadores de la 4\u00ba Edici\u00f3n de los LafargeHolcim Awards brindaron conferencias en Argentina - Arquimaster","isPartOf":{"@id":"https:\/\/www.arquimaster.com.ar\/web\/#website"},"primaryImageOfPage":{"@id":"https:\/\/www.arquimaster.com.ar\/web\/los-ganadores-de-la-4o-edicion-de-los-lafargeholcim-awards-brindaron-conferencias-en-argentina\/#primaryimage"},"image":{"@id":"https:\/\/www.arquimaster.com.ar\/web\/los-ganadores-de-la-4o-edicion-de-los-lafargeholcim-awards-brindaron-conferencias-en-argentina\/#primaryimage"},"thumbnailUrl":"https:\/\/www.arquimaster.com.ar\/web\/wp-content\/uploads\/2017\/03\/lafargeholcim_awards_slide.jpg","datePublished":"2017-03-17T16:49:54+00:00","dateModified":"2025-10-25T22:17:27+00:00","breadcrumb":{"@id":"https:\/\/www.arquimaster.com.ar\/web\/los-ganadores-de-la-4o-edicion-de-los-lafargeholcim-awards-brindaron-conferencias-en-argentina\/#breadcrumb"},"inLanguage":"es","potentialAction":[{"@type":"ReadAction","target":["https:\/\/www.arquimaster.com.ar\/web\/los-ganadores-de-la-4o-edicion-de-los-lafargeholcim-awards-brindaron-conferencias-en-argentina\/"]}]},{"@type":"ImageObject","inLanguage":"es","@id":"https:\/\/www.arquimaster.com.ar\/web\/los-ganadores-de-la-4o-edicion-de-los-lafargeholcim-awards-brindaron-conferencias-en-argentina\/#primaryimage","url":"https:\/\/www.arquimaster.com.ar\/web\/wp-content\/uploads\/2017\/03\/lafargeholcim_awards_slide.jpg","contentUrl":"https:\/\/www.arquimaster.com.ar\/web\/wp-content\/uploads\/2017\/03\/lafargeholcim_awards_slide.jpg","width":642,"height":336},{"@type":"BreadcrumbList","@id":"https:\/\/www.arquimaster.com.ar\/web\/los-ganadores-de-la-4o-edicion-de-los-lafargeholcim-awards-brindaron-conferencias-en-argentina\/#breadcrumb","itemListElement":[{"@type":"ListItem","position":1,"name":"Portada","item":"https:\/\/www.arquimaster.com.ar\/web\/"},{"@type":"ListItem","position":2,"name":"Los ganadores de la 4\u00ba Edici\u00f3n de los LafargeHolcim Awards brindaron conferencias en Argentina"}]},{"@type":"WebSite","@id":"https:\/\/www.arquimaster.com.ar\/web\/#website","url":"https:\/\/www.arquimaster.com.ar\/web\/","name":"Arquimaster","description":"Web de arquitectura, dise\u00f1o y construccion","publisher":{"@id":"https:\/\/www.arquimaster.com.ar\/web\/#organization"},"potentialAction":[{"@type":"SearchAction","target":{"@type":"EntryPoint","urlTemplate":"https:\/\/www.arquimaster.com.ar\/web\/?s={search_term_string}"},"query-input":{"@type":"PropertyValueSpecification","valueRequired":true,"valueName":"search_term_string"}}],"inLanguage":"es"},{"@type":"Organization","@id":"https:\/\/www.arquimaster.com.ar\/web\/#organization","name":"Arquimaster","url":"https:\/\/www.arquimaster.com.ar\/web\/","logo":{"@type":"ImageObject","inLanguage":"es","@id":"https:\/\/www.arquimaster.com.ar\/web\/#\/schema\/logo\/image\/","url":"https:\/\/www.arquimaster.com.ar\/web\/wp-content\/uploads\/2022\/06\/arquimaster.png","contentUrl":"https:\/\/www.arquimaster.com.ar\/web\/wp-content\/uploads\/2022\/06\/arquimaster.png","width":594,"height":78,"caption":"Arquimaster"},"image":{"@id":"https:\/\/www.arquimaster.com.ar\/web\/#\/schema\/logo\/image\/"},"sameAs":["http:\/\/www.facebook.com\/ARQUIMASTER.com.ar","https:\/\/x.com\/arquimaster","https:\/\/www.instagram.com\/arquimasterblog\/","https:\/\/www.linkedin.com\/company\/arquimaster","https:\/\/www.pinterest.com\/arquimaster","https:\/\/t.me\/arquimaster"]},{"@type":"Person","@id":"https:\/\/www.arquimaster.com.ar\/web\/#\/schema\/person\/359e9f7c00193fcde068e0dd2ceb0028","name":"Arquimaster"}]}},"uagb_featured_image_src":{"full":["https:\/\/www.arquimaster.com.ar\/web\/wp-content\/uploads\/2017\/03\/lafargeholcim_awards_slide.jpg",642,336,false],"thumbnail":["https:\/\/www.arquimaster.com.ar\/web\/wp-content\/uploads\/2017\/03\/lafargeholcim_awards_slide-150x150.jpg",150,150,true],"medium":["https:\/\/www.arquimaster.com.ar\/web\/wp-content\/uploads\/2017\/03\/lafargeholcim_awards_slide.jpg",642,336,false],"medium_large":["https:\/\/www.arquimaster.com.ar\/web\/wp-content\/uploads\/2017\/03\/lafargeholcim_awards_slide.jpg",642,336,false],"large":["https:\/\/www.arquimaster.com.ar\/web\/wp-content\/uploads\/2017\/03\/lafargeholcim_awards_slide.jpg",642,336,false],"1536x1536":["https:\/\/www.arquimaster.com.ar\/web\/wp-content\/uploads\/2017\/03\/lafargeholcim_awards_slide.jpg",642,336,false],"2048x2048":["https:\/\/www.arquimaster.com.ar\/web\/wp-content\/uploads\/2017\/03\/lafargeholcim_awards_slide.jpg",642,336,false]},"uagb_author_info":{"display_name":"Arquimaster","author_link":"https:\/\/www.arquimaster.com.ar\/web\/author\/arquimaster\/"},"uagb_comment_info":0,"uagb_excerpt":"Los interesados pueden enviar sus proyectos de construcci\u00f3n sustentable...","_links":{"self":[{"href":"https:\/\/www.arquimaster.com.ar\/web\/wp-json\/wp\/v2\/posts\/26055","targetHints":{"allow":["GET"]}}],"collection":[{"href":"https:\/\/www.arquimaster.com.ar\/web\/wp-json\/wp\/v2\/posts"}],"about":[{"href":"https:\/\/www.arquimaster.com.ar\/web\/wp-json\/wp\/v2\/types\/post"}],"author":[{"embeddable":true,"href":"https:\/\/www.arquimaster.com.ar\/web\/wp-json\/wp\/v2\/users\/1"}],"replies":[{"embeddable":true,"href":"https:\/\/www.arquimaster.com.ar\/web\/wp-json\/wp\/v2\/comments?post=26055"}],"version-history":[{"count":1,"href":"https:\/\/www.arquimaster.com.ar\/web\/wp-json\/wp\/v2\/posts\/26055\/revisions"}],"predecessor-version":[{"id":86238,"href":"https:\/\/www.arquimaster.com.ar\/web\/wp-json\/wp\/v2\/posts\/26055\/revisions\/86238"}],"wp:featuredmedia":[{"embeddable":true,"href":"https:\/\/www.arquimaster.com.ar\/web\/wp-json\/wp\/v2\/media\/26057"}],"wp:attachment":[{"href":"https:\/\/www.arquimaster.com.ar\/web\/wp-json\/wp\/v2\/media?parent=26055"}],"wp:term":[{"taxonomy":"category","embeddable":true,"href":"https:\/\/www.arquimaster.com.ar\/web\/wp-json\/wp\/v2\/categories?post=26055"},{"taxonomy":"post_tag","embeddable":true,"href":"https:\/\/www.arquimaster.com.ar\/web\/wp-json\/wp\/v2\/tags?post=26055"}],"curies":[{"name":"wp","href":"https:\/\/api.w.org\/{rel}","templated":true}]}}