{"id":26108,"date":"2017-03-19T23:26:36","date_gmt":"2017-03-19T23:26:36","guid":{"rendered":"http:\/\/www.arquimaster.com.ar\/web\/?p=26108"},"modified":"2025-10-25T19:16:25","modified_gmt":"2025-10-25T22:16:25","slug":"bernardo-fort-brescia-laurinda-spear-philippe-starck-y-marcel-wanders-transforman-al-paisaje-urbano-de-quito","status":"publish","type":"post","link":"https:\/\/www.arquimaster.com.ar\/web\/bernardo-fort-brescia-laurinda-spear-philippe-starck-y-marcel-wanders-transforman-al-paisaje-urbano-de-quito\/","title":{"rendered":"Bernardo Fort-Brescia, Laurinda Spear, Philippe Starck y Marcel Wanders transforman al paisaje urbano de Quito"},"content":{"rendered":"<div style=\"margin-top: 0px; margin-bottom: 0px;\" class=\"sharethis-inline-share-buttons\" ><\/div><div class=\"b812932af2e751442846f039925109de\" data-index=\"1\" style=\"float: none; margin:25px 0 25px 0; text-align:center;\">\n<script async src=\"https:\/\/pagead2.googlesyndication.com\/pagead\/js\/adsbygoogle.js\"><\/script>\r\n<!-- Arquimaster (superior) -->\r\n<ins class=\"adsbygoogle\"\r\n     style=\"display:block\"\r\n     data-ad-client=\"ca-pub-6351072698456832\"\r\n     data-ad-slot=\"6455489680\"\r\n     data-ad-format=\"auto\"\r\n     data-full-width-responsive=\"true\"><\/ins>\r\n<script>\r\n     (adsbygoogle = window.adsbygoogle || []).push({});\r\n<\/script>\n<\/div>\n<p><strong>Quito<\/strong>, la capital del Ecuador y primera ciudad Patrimonio Cultural de la Humanidad, se encuentra en pleno proceso de renovaci\u00f3n de su imagen urbana y arquitect\u00f3nica. Cuatro proyectos arquitect\u00f3nicos dise\u00f1ados por grandes estudios internacionales, que se est\u00e1n construyendo simult\u00e1neamente, coadyuvan decididamente en este proceso, mientras otros tantos est\u00e1n en proceso de dise\u00f1o.<\/p>\n<div id='gallery-1' class='gallery galleryid-26108 gallery-columns-3 gallery-size-thumbnail'><figure class='gallery-item'>\n\t\t\t<div class='gallery-icon landscape'>\n\t\t\t\t<a href='https:\/\/www.arquimaster.com.ar\/web\/wp-content\/uploads\/2017\/03\/paisaje_urbano_quito1.jpg' title=\"Bernardo Fort-Brescia, Laurinda Spear, Philippe Starck y Marcel Wanders transforman al paisaje urbano de Quito (Atelier) (\u00a9 Uribe &amp; Schwarzkopf)\" data-rl_title=\"Bernardo Fort-Brescia, Laurinda Spear, Philippe Starck y Marcel Wanders transforman al paisaje urbano de Quito (Atelier) (\u00a9 Uribe &amp; Schwarzkopf)\" class=\"rl-gallery-link\" data-rl_caption=\"Bernardo Fort-Brescia, Laurinda Spear, Philippe Starck y Marcel Wanders transforman al paisaje urbano de Quito (Atelier) (\u00a9 Uribe &amp; Schwarzkopf)\" data-rel=\"lightbox-gallery-1\"><img loading=\"lazy\" decoding=\"async\" width=\"150\" height=\"150\" src=\"https:\/\/www.arquimaster.com.ar\/web\/wp-content\/uploads\/2017\/03\/paisaje_urbano_quito1-150x150.jpg\" class=\"attachment-thumbnail size-thumbnail\" alt=\"\" aria-describedby=\"gallery-1-26110\" srcset=\"https:\/\/www.arquimaster.com.ar\/web\/wp-content\/uploads\/2017\/03\/paisaje_urbano_quito1-150x150.jpg 150w, https:\/\/www.arquimaster.com.ar\/web\/wp-content\/uploads\/2017\/03\/paisaje_urbano_quito1-50x50.jpg 50w, https:\/\/www.arquimaster.com.ar\/web\/wp-content\/uploads\/2017\/03\/paisaje_urbano_quito1-125x125.jpg 125w\" sizes=\"auto, (max-width: 150px) 100vw, 150px\" \/><\/a>\n\t\t\t<\/div>\n\t\t\t\t<figcaption class='wp-caption-text gallery-caption' id='gallery-1-26110'>\n\t\t\t\tBernardo Fort-Brescia, Laurinda Spear, Philippe Starck y Marcel Wanders transforman al paisaje urbano de Quito (Atelier) (\u00a9 Uribe &#038; Schwarzkopf)\n\t\t\t\t<\/figcaption><\/figure><figure class='gallery-item'>\n\t\t\t<div class='gallery-icon landscape'>\n\t\t\t\t<a href='https:\/\/www.arquimaster.com.ar\/web\/wp-content\/uploads\/2017\/03\/paisaje_urbano_quito2.jpg' title=\"Bernardo Fort-Brescia, Laurinda Spear, Philippe Starck y Marcel Wanders transforman al paisaje urbano de Quito (Atelier) (\u00a9 Uribe &amp; Schwarzkopf)\" data-rl_title=\"Bernardo Fort-Brescia, Laurinda Spear, Philippe Starck y Marcel Wanders transforman al paisaje urbano de Quito (Atelier) (\u00a9 Uribe &amp; Schwarzkopf)\" class=\"rl-gallery-link\" data-rl_caption=\"Bernardo Fort-Brescia, Laurinda Spear, Philippe Starck y Marcel Wanders transforman al paisaje urbano de Quito (Atelier) (\u00a9 Uribe &amp; Schwarzkopf)\" data-rel=\"lightbox-gallery-1\"><img loading=\"lazy\" decoding=\"async\" width=\"150\" height=\"150\" src=\"https:\/\/www.arquimaster.com.ar\/web\/wp-content\/uploads\/2017\/03\/paisaje_urbano_quito2-150x150.jpg\" class=\"attachment-thumbnail size-thumbnail\" alt=\"\" aria-describedby=\"gallery-1-26111\" srcset=\"https:\/\/www.arquimaster.com.ar\/web\/wp-content\/uploads\/2017\/03\/paisaje_urbano_quito2-150x150.jpg 150w, https:\/\/www.arquimaster.com.ar\/web\/wp-content\/uploads\/2017\/03\/paisaje_urbano_quito2-50x50.jpg 50w, https:\/\/www.arquimaster.com.ar\/web\/wp-content\/uploads\/2017\/03\/paisaje_urbano_quito2-125x125.jpg 125w\" sizes=\"auto, (max-width: 150px) 100vw, 150px\" \/><\/a>\n\t\t\t<\/div>\n\t\t\t\t<figcaption class='wp-caption-text gallery-caption' id='gallery-1-26111'>\n\t\t\t\tBernardo Fort-Brescia, Laurinda Spear, Philippe Starck y Marcel Wanders transforman al paisaje urbano de Quito (Atelier) (\u00a9 Uribe &#038; Schwarzkopf)\n\t\t\t\t<\/figcaption><\/figure><figure class='gallery-item'>\n\t\t\t<div class='gallery-icon portrait'>\n\t\t\t\t<a href='https:\/\/www.arquimaster.com.ar\/web\/wp-content\/uploads\/2017\/03\/paisaje_urbano_quito3.jpg' title=\"Bernardo Fort-Brescia, Laurinda Spear, Philippe Starck y Marcel Wanders transforman al paisaje urbano de Quito (Atelier) (\u00a9 Uribe &amp; Schwarzkopf)\" data-rl_title=\"Bernardo Fort-Brescia, Laurinda Spear, Philippe Starck y Marcel Wanders transforman al paisaje urbano de Quito (Atelier) (\u00a9 Uribe &amp; Schwarzkopf)\" class=\"rl-gallery-link\" data-rl_caption=\"Bernardo Fort-Brescia, Laurinda Spear, Philippe Starck y Marcel Wanders transforman al paisaje urbano de Quito (Atelier) (\u00a9 Uribe &amp; Schwarzkopf)\" data-rel=\"lightbox-gallery-1\"><img loading=\"lazy\" decoding=\"async\" width=\"150\" height=\"150\" src=\"https:\/\/www.arquimaster.com.ar\/web\/wp-content\/uploads\/2017\/03\/paisaje_urbano_quito3-150x150.jpg\" class=\"attachment-thumbnail size-thumbnail\" alt=\"\" aria-describedby=\"gallery-1-26112\" srcset=\"https:\/\/www.arquimaster.com.ar\/web\/wp-content\/uploads\/2017\/03\/paisaje_urbano_quito3-150x150.jpg 150w, https:\/\/www.arquimaster.com.ar\/web\/wp-content\/uploads\/2017\/03\/paisaje_urbano_quito3-50x50.jpg 50w, https:\/\/www.arquimaster.com.ar\/web\/wp-content\/uploads\/2017\/03\/paisaje_urbano_quito3-125x125.jpg 125w\" sizes=\"auto, (max-width: 150px) 100vw, 150px\" \/><\/a>\n\t\t\t<\/div>\n\t\t\t\t<figcaption class='wp-caption-text gallery-caption' id='gallery-1-26112'>\n\t\t\t\tBernardo Fort-Brescia, Laurinda Spear, Philippe Starck y Marcel Wanders transforman al paisaje urbano de Quito (Atelier) (\u00a9 Uribe &#038; Schwarzkopf)\n\t\t\t\t<\/figcaption><\/figure><figure class='gallery-item'>\n\t\t\t<div class='gallery-icon landscape'>\n\t\t\t\t<a href='https:\/\/www.arquimaster.com.ar\/web\/wp-content\/uploads\/2017\/03\/paisaje_urbano_quito4.jpg' title=\"Bernardo Fort-Brescia, Laurinda Spear, Philippe Starck y Marcel Wanders transforman al paisaje urbano de Quito (Atelier) (\u00a9 Uribe &amp; Schwarzkopf)\" data-rl_title=\"Bernardo Fort-Brescia, Laurinda Spear, Philippe Starck y Marcel Wanders transforman al paisaje urbano de Quito (Atelier) (\u00a9 Uribe &amp; Schwarzkopf)\" class=\"rl-gallery-link\" data-rl_caption=\"Bernardo Fort-Brescia, Laurinda Spear, Philippe Starck y Marcel Wanders transforman al paisaje urbano de Quito (Atelier) (\u00a9 Uribe &amp; Schwarzkopf)\" data-rel=\"lightbox-gallery-1\"><img loading=\"lazy\" decoding=\"async\" width=\"150\" height=\"150\" src=\"https:\/\/www.arquimaster.com.ar\/web\/wp-content\/uploads\/2017\/03\/paisaje_urbano_quito4-150x150.jpg\" class=\"attachment-thumbnail size-thumbnail\" alt=\"\" aria-describedby=\"gallery-1-26113\" srcset=\"https:\/\/www.arquimaster.com.ar\/web\/wp-content\/uploads\/2017\/03\/paisaje_urbano_quito4-150x150.jpg 150w, https:\/\/www.arquimaster.com.ar\/web\/wp-content\/uploads\/2017\/03\/paisaje_urbano_quito4-50x50.jpg 50w, https:\/\/www.arquimaster.com.ar\/web\/wp-content\/uploads\/2017\/03\/paisaje_urbano_quito4-125x125.jpg 125w\" sizes=\"auto, (max-width: 150px) 100vw, 150px\" \/><\/a>\n\t\t\t<\/div>\n\t\t\t\t<figcaption class='wp-caption-text gallery-caption' id='gallery-1-26113'>\n\t\t\t\tBernardo Fort-Brescia, Laurinda Spear, Philippe Starck y Marcel Wanders transforman al paisaje urbano de Quito (Atelier) (\u00a9 Uribe &#038; Schwarzkopf)\n\t\t\t\t<\/figcaption><\/figure><figure class='gallery-item'>\n\t\t\t<div class='gallery-icon portrait'>\n\t\t\t\t<a href='https:\/\/www.arquimaster.com.ar\/web\/wp-content\/uploads\/2017\/03\/paisaje_urbano_quito5.jpg' title=\"Bernardo Fort-Brescia, Laurinda Spear, Philippe Starck y Marcel Wanders transforman al paisaje urbano de Quito (Oh) (\u00a9 Uribe &amp; Schwarzkopf)\" data-rl_title=\"Bernardo Fort-Brescia, Laurinda Spear, Philippe Starck y Marcel Wanders transforman al paisaje urbano de Quito (Oh) (\u00a9 Uribe &amp; Schwarzkopf)\" class=\"rl-gallery-link\" data-rl_caption=\"Bernardo Fort-Brescia, Laurinda Spear, Philippe Starck y Marcel Wanders transforman al paisaje urbano de Quito (Oh) (\u00a9 Uribe &amp; Schwarzkopf)\" data-rel=\"lightbox-gallery-1\"><img loading=\"lazy\" decoding=\"async\" width=\"150\" height=\"150\" src=\"https:\/\/www.arquimaster.com.ar\/web\/wp-content\/uploads\/2017\/03\/paisaje_urbano_quito5-150x150.jpg\" class=\"attachment-thumbnail size-thumbnail\" alt=\"\" aria-describedby=\"gallery-1-26114\" srcset=\"https:\/\/www.arquimaster.com.ar\/web\/wp-content\/uploads\/2017\/03\/paisaje_urbano_quito5-150x150.jpg 150w, https:\/\/www.arquimaster.com.ar\/web\/wp-content\/uploads\/2017\/03\/paisaje_urbano_quito5-50x50.jpg 50w, https:\/\/www.arquimaster.com.ar\/web\/wp-content\/uploads\/2017\/03\/paisaje_urbano_quito5-125x125.jpg 125w\" sizes=\"auto, (max-width: 150px) 100vw, 150px\" \/><\/a>\n\t\t\t<\/div>\n\t\t\t\t<figcaption class='wp-caption-text gallery-caption' id='gallery-1-26114'>\n\t\t\t\tBernardo Fort-Brescia, Laurinda Spear, Philippe Starck y Marcel Wanders transforman al paisaje urbano de Quito (Oh) (\u00a9 Uribe &#038; Schwarzkopf)\n\t\t\t\t<\/figcaption><\/figure><figure class='gallery-item'>\n\t\t\t<div class='gallery-icon portrait'>\n\t\t\t\t<a href='https:\/\/www.arquimaster.com.ar\/web\/wp-content\/uploads\/2017\/03\/paisaje_urbano_quito6.jpg' title=\"Bernardo Fort-Brescia, Laurinda Spear, Philippe Starck y Marcel Wanders transforman al paisaje urbano de Quito (Oh) (\u00a9 Uribe &amp; Schwarzkopf)\" data-rl_title=\"Bernardo Fort-Brescia, Laurinda Spear, Philippe Starck y Marcel Wanders transforman al paisaje urbano de Quito (Oh) (\u00a9 Uribe &amp; Schwarzkopf)\" class=\"rl-gallery-link\" data-rl_caption=\"Bernardo Fort-Brescia, Laurinda Spear, Philippe Starck y Marcel Wanders transforman al paisaje urbano de Quito (Oh) (\u00a9 Uribe &amp; Schwarzkopf)\" data-rel=\"lightbox-gallery-1\"><img loading=\"lazy\" decoding=\"async\" width=\"150\" height=\"150\" src=\"https:\/\/www.arquimaster.com.ar\/web\/wp-content\/uploads\/2017\/03\/paisaje_urbano_quito6-150x150.jpg\" class=\"attachment-thumbnail size-thumbnail\" alt=\"\" aria-describedby=\"gallery-1-26115\" srcset=\"https:\/\/www.arquimaster.com.ar\/web\/wp-content\/uploads\/2017\/03\/paisaje_urbano_quito6-150x150.jpg 150w, https:\/\/www.arquimaster.com.ar\/web\/wp-content\/uploads\/2017\/03\/paisaje_urbano_quito6-50x50.jpg 50w, https:\/\/www.arquimaster.com.ar\/web\/wp-content\/uploads\/2017\/03\/paisaje_urbano_quito6-125x125.jpg 125w\" sizes=\"auto, (max-width: 150px) 100vw, 150px\" \/><\/a>\n\t\t\t<\/div>\n\t\t\t\t<figcaption class='wp-caption-text gallery-caption' id='gallery-1-26115'>\n\t\t\t\tBernardo Fort-Brescia, Laurinda Spear, Philippe Starck y Marcel Wanders transforman al paisaje urbano de Quito (Oh) (\u00a9 Uribe &#038; Schwarzkopf)\n\t\t\t\t<\/figcaption><\/figure><figure class='gallery-item'>\n\t\t\t<div class='gallery-icon portrait'>\n\t\t\t\t<a href='https:\/\/www.arquimaster.com.ar\/web\/wp-content\/uploads\/2017\/03\/paisaje_urbano_quito7.jpg' title=\"Bernardo Fort-Brescia, Laurinda Spear, Philippe Starck y Marcel Wanders transforman al paisaje urbano de Quito (Oh) (\u00a9 Uribe &amp; Schwarzkopf)\" data-rl_title=\"Bernardo Fort-Brescia, Laurinda Spear, Philippe Starck y Marcel Wanders transforman al paisaje urbano de Quito (Oh) (\u00a9 Uribe &amp; Schwarzkopf)\" class=\"rl-gallery-link\" data-rl_caption=\"Bernardo Fort-Brescia, Laurinda Spear, Philippe Starck y Marcel Wanders transforman al paisaje urbano de Quito (Oh) (\u00a9 Uribe &amp; Schwarzkopf)\" data-rel=\"lightbox-gallery-1\"><img loading=\"lazy\" decoding=\"async\" width=\"150\" height=\"150\" src=\"https:\/\/www.arquimaster.com.ar\/web\/wp-content\/uploads\/2017\/03\/paisaje_urbano_quito7-150x150.jpg\" class=\"attachment-thumbnail size-thumbnail\" alt=\"\" aria-describedby=\"gallery-1-26116\" srcset=\"https:\/\/www.arquimaster.com.ar\/web\/wp-content\/uploads\/2017\/03\/paisaje_urbano_quito7-150x150.jpg 150w, https:\/\/www.arquimaster.com.ar\/web\/wp-content\/uploads\/2017\/03\/paisaje_urbano_quito7-50x50.jpg 50w, https:\/\/www.arquimaster.com.ar\/web\/wp-content\/uploads\/2017\/03\/paisaje_urbano_quito7-125x125.jpg 125w\" sizes=\"auto, (max-width: 150px) 100vw, 150px\" \/><\/a>\n\t\t\t<\/div>\n\t\t\t\t<figcaption class='wp-caption-text gallery-caption' id='gallery-1-26116'>\n\t\t\t\tBernardo Fort-Brescia, Laurinda Spear, Philippe Starck y Marcel Wanders transforman al paisaje urbano de Quito (Oh) (\u00a9 Uribe &#038; Schwarzkopf)\n\t\t\t\t<\/figcaption><\/figure><figure class='gallery-item'>\n\t\t\t<div class='gallery-icon landscape'>\n\t\t\t\t<a href='https:\/\/www.arquimaster.com.ar\/web\/wp-content\/uploads\/2017\/03\/paisaje_urbano_quito8.jpg' title=\"Bernardo Fort-Brescia, Laurinda Spear, Philippe Starck y Marcel Wanders transforman al paisaje urbano de Quito (Oh) (\u00a9 Uribe &amp; Schwarzkopf)\" data-rl_title=\"Bernardo Fort-Brescia, Laurinda Spear, Philippe Starck y Marcel Wanders transforman al paisaje urbano de Quito (Oh) (\u00a9 Uribe &amp; Schwarzkopf)\" class=\"rl-gallery-link\" data-rl_caption=\"Bernardo Fort-Brescia, Laurinda Spear, Philippe Starck y Marcel Wanders transforman al paisaje urbano de Quito (Oh) (\u00a9 Uribe &amp; Schwarzkopf)\" data-rel=\"lightbox-gallery-1\"><img loading=\"lazy\" decoding=\"async\" width=\"150\" height=\"150\" src=\"https:\/\/www.arquimaster.com.ar\/web\/wp-content\/uploads\/2017\/03\/paisaje_urbano_quito8-150x150.jpg\" class=\"attachment-thumbnail size-thumbnail\" alt=\"\" aria-describedby=\"gallery-1-26117\" srcset=\"https:\/\/www.arquimaster.com.ar\/web\/wp-content\/uploads\/2017\/03\/paisaje_urbano_quito8-150x150.jpg 150w, https:\/\/www.arquimaster.com.ar\/web\/wp-content\/uploads\/2017\/03\/paisaje_urbano_quito8-1024x1024.jpg 1024w, https:\/\/www.arquimaster.com.ar\/web\/wp-content\/uploads\/2017\/03\/paisaje_urbano_quito8-768x768.jpg 768w, https:\/\/www.arquimaster.com.ar\/web\/wp-content\/uploads\/2017\/03\/paisaje_urbano_quito8-50x50.jpg 50w, https:\/\/www.arquimaster.com.ar\/web\/wp-content\/uploads\/2017\/03\/paisaje_urbano_quito8-125x125.jpg 125w, https:\/\/www.arquimaster.com.ar\/web\/wp-content\/uploads\/2017\/03\/paisaje_urbano_quito8.jpg 1500w\" sizes=\"auto, (max-width: 150px) 100vw, 150px\" \/><\/a>\n\t\t\t<\/div>\n\t\t\t\t<figcaption class='wp-caption-text gallery-caption' id='gallery-1-26117'>\n\t\t\t\tBernardo Fort-Brescia, Laurinda Spear, Philippe Starck y Marcel Wanders transforman al paisaje urbano de Quito (Oh) (\u00a9 Uribe &#038; Schwarzkopf)\n\t\t\t\t<\/figcaption><\/figure><figure class='gallery-item'>\n\t\t\t<div class='gallery-icon landscape'>\n\t\t\t\t<a href='https:\/\/www.arquimaster.com.ar\/web\/wp-content\/uploads\/2017\/03\/paisaje_urbano_quito9.jpg' title=\"Bernardo Fort-Brescia, Laurinda Spear, Philippe Starck y Marcel Wanders transforman al paisaje urbano de Quito (Oh) (\u00a9 Uribe &amp; Schwarzkopf)\" data-rl_title=\"Bernardo Fort-Brescia, Laurinda Spear, Philippe Starck y Marcel Wanders transforman al paisaje urbano de Quito (Oh) (\u00a9 Uribe &amp; Schwarzkopf)\" class=\"rl-gallery-link\" data-rl_caption=\"Bernardo Fort-Brescia, Laurinda Spear, Philippe Starck y Marcel Wanders transforman al paisaje urbano de Quito (Oh) (\u00a9 Uribe &amp; Schwarzkopf)\" data-rel=\"lightbox-gallery-1\"><img loading=\"lazy\" decoding=\"async\" width=\"150\" height=\"150\" src=\"https:\/\/www.arquimaster.com.ar\/web\/wp-content\/uploads\/2017\/03\/paisaje_urbano_quito9-150x150.jpg\" class=\"attachment-thumbnail size-thumbnail\" alt=\"\" aria-describedby=\"gallery-1-26118\" srcset=\"https:\/\/www.arquimaster.com.ar\/web\/wp-content\/uploads\/2017\/03\/paisaje_urbano_quito9-150x150.jpg 150w, https:\/\/www.arquimaster.com.ar\/web\/wp-content\/uploads\/2017\/03\/paisaje_urbano_quito9-50x50.jpg 50w, https:\/\/www.arquimaster.com.ar\/web\/wp-content\/uploads\/2017\/03\/paisaje_urbano_quito9-125x125.jpg 125w\" sizes=\"auto, (max-width: 150px) 100vw, 150px\" \/><\/a>\n\t\t\t<\/div>\n\t\t\t\t<figcaption class='wp-caption-text gallery-caption' id='gallery-1-26118'>\n\t\t\t\tBernardo Fort-Brescia, Laurinda Spear, Philippe Starck y Marcel Wanders transforman al paisaje urbano de Quito (Oh) (\u00a9 Uribe &#038; Schwarzkopf)\n\t\t\t\t<\/figcaption><\/figure><figure class='gallery-item'>\n\t\t\t<div class='gallery-icon landscape'>\n\t\t\t\t<a href='https:\/\/www.arquimaster.com.ar\/web\/wp-content\/uploads\/2017\/03\/paisaje_urbano_quito10.jpg' title=\"Bernardo Fort-Brescia, Laurinda Spear, Philippe Starck y Marcel Wanders transforman al paisaje urbano de Quito (Oh) (\u00a9 Uribe &amp; Schwarzkopf)\" data-rl_title=\"Bernardo Fort-Brescia, Laurinda Spear, Philippe Starck y Marcel Wanders transforman al paisaje urbano de Quito (Oh) (\u00a9 Uribe &amp; Schwarzkopf)\" class=\"rl-gallery-link\" data-rl_caption=\"Bernardo Fort-Brescia, Laurinda Spear, Philippe Starck y Marcel Wanders transforman al paisaje urbano de Quito (Oh) (\u00a9 Uribe &amp; Schwarzkopf)\" data-rel=\"lightbox-gallery-1\"><img loading=\"lazy\" decoding=\"async\" width=\"150\" height=\"150\" src=\"https:\/\/www.arquimaster.com.ar\/web\/wp-content\/uploads\/2017\/03\/paisaje_urbano_quito10-150x150.jpg\" class=\"attachment-thumbnail size-thumbnail\" alt=\"\" aria-describedby=\"gallery-1-26119\" srcset=\"https:\/\/www.arquimaster.com.ar\/web\/wp-content\/uploads\/2017\/03\/paisaje_urbano_quito10-150x150.jpg 150w, https:\/\/www.arquimaster.com.ar\/web\/wp-content\/uploads\/2017\/03\/paisaje_urbano_quito10-50x50.jpg 50w, https:\/\/www.arquimaster.com.ar\/web\/wp-content\/uploads\/2017\/03\/paisaje_urbano_quito10-125x125.jpg 125w\" sizes=\"auto, (max-width: 150px) 100vw, 150px\" \/><\/a>\n\t\t\t<\/div>\n\t\t\t\t<figcaption class='wp-caption-text gallery-caption' id='gallery-1-26119'>\n\t\t\t\tBernardo Fort-Brescia, Laurinda Spear, Philippe Starck y Marcel Wanders transforman al paisaje urbano de Quito (Oh) (\u00a9 Uribe &#038; Schwarzkopf)\n\t\t\t\t<\/figcaption><\/figure><figure class='gallery-item'>\n\t\t\t<div class='gallery-icon landscape'>\n\t\t\t\t<a href='https:\/\/www.arquimaster.com.ar\/web\/wp-content\/uploads\/2017\/03\/paisaje_urbano_quito11.jpg' title=\"Bernardo Fort-Brescia, Laurinda Spear, Philippe Starck y Marcel Wanders transforman al paisaje urbano de Quito (Oh) (\u00a9 Uribe &amp; Schwarzkopf)\" data-rl_title=\"Bernardo Fort-Brescia, Laurinda Spear, Philippe Starck y Marcel Wanders transforman al paisaje urbano de Quito (Oh) (\u00a9 Uribe &amp; Schwarzkopf)\" class=\"rl-gallery-link\" data-rl_caption=\"Bernardo Fort-Brescia, Laurinda Spear, Philippe Starck y Marcel Wanders transforman al paisaje urbano de Quito (Oh) (\u00a9 Uribe &amp; Schwarzkopf)\" data-rel=\"lightbox-gallery-1\"><img loading=\"lazy\" decoding=\"async\" width=\"150\" height=\"150\" src=\"https:\/\/www.arquimaster.com.ar\/web\/wp-content\/uploads\/2017\/03\/paisaje_urbano_quito11-150x150.jpg\" class=\"attachment-thumbnail size-thumbnail\" alt=\"\" aria-describedby=\"gallery-1-26120\" srcset=\"https:\/\/www.arquimaster.com.ar\/web\/wp-content\/uploads\/2017\/03\/paisaje_urbano_quito11-150x150.jpg 150w, https:\/\/www.arquimaster.com.ar\/web\/wp-content\/uploads\/2017\/03\/paisaje_urbano_quito11-50x50.jpg 50w, https:\/\/www.arquimaster.com.ar\/web\/wp-content\/uploads\/2017\/03\/paisaje_urbano_quito11-125x125.jpg 125w\" sizes=\"auto, (max-width: 150px) 100vw, 150px\" \/><\/a>\n\t\t\t<\/div>\n\t\t\t\t<figcaption class='wp-caption-text gallery-caption' id='gallery-1-26120'>\n\t\t\t\tBernardo Fort-Brescia, Laurinda Spear, Philippe Starck y Marcel Wanders transforman al paisaje urbano de Quito (Oh) (\u00a9 Uribe &#038; Schwarzkopf)\n\t\t\t\t<\/figcaption><\/figure><figure class='gallery-item'>\n\t\t\t<div class='gallery-icon landscape'>\n\t\t\t\t<a href='https:\/\/www.arquimaster.com.ar\/web\/wp-content\/uploads\/2017\/03\/paisaje_urbano_quito12.jpg' title=\"Bernardo Fort-Brescia, Laurinda Spear, Philippe Starck y Marcel Wanders transforman al paisaje urbano de Quito (Oh) (\u00a9 Uribe &amp; Schwarzkopf)\" data-rl_title=\"Bernardo Fort-Brescia, Laurinda Spear, Philippe Starck y Marcel Wanders transforman al paisaje urbano de Quito (Oh) (\u00a9 Uribe &amp; Schwarzkopf)\" class=\"rl-gallery-link\" data-rl_caption=\"Bernardo Fort-Brescia, Laurinda Spear, Philippe Starck y Marcel Wanders transforman al paisaje urbano de Quito (Oh) (\u00a9 Uribe &amp; Schwarzkopf)\" data-rel=\"lightbox-gallery-1\"><img loading=\"lazy\" decoding=\"async\" width=\"150\" height=\"150\" src=\"https:\/\/www.arquimaster.com.ar\/web\/wp-content\/uploads\/2017\/03\/paisaje_urbano_quito12-150x150.jpg\" class=\"attachment-thumbnail size-thumbnail\" alt=\"\" aria-describedby=\"gallery-1-26121\" srcset=\"https:\/\/www.arquimaster.com.ar\/web\/wp-content\/uploads\/2017\/03\/paisaje_urbano_quito12-150x150.jpg 150w, https:\/\/www.arquimaster.com.ar\/web\/wp-content\/uploads\/2017\/03\/paisaje_urbano_quito12-50x50.jpg 50w, https:\/\/www.arquimaster.com.ar\/web\/wp-content\/uploads\/2017\/03\/paisaje_urbano_quito12-125x125.jpg 125w\" sizes=\"auto, (max-width: 150px) 100vw, 150px\" \/><\/a>\n\t\t\t<\/div>\n\t\t\t\t<figcaption class='wp-caption-text gallery-caption' id='gallery-1-26121'>\n\t\t\t\tBernardo Fort-Brescia, Laurinda Spear, Philippe Starck y Marcel Wanders transforman al paisaje urbano de Quito (Oh) (\u00a9 Uribe &#038; Schwarzkopf)\n\t\t\t\t<\/figcaption><\/figure>\n\t\t<\/div>\n\n<p>Los dise\u00f1adores <strong>Philippe Starck<\/strong> y <strong>Marcel Wanders<\/strong> y los arquitectos <strong>Bernardo Fort-Brescia<\/strong> y <strong>Laurinda Spear<\/strong> (Arquitectonica) junto al arquitecto ecuatoriano <strong>Tommy Schwarzkopf<\/strong> de Uribe &amp; Schwarzkopf, son los responsables de este momento transformador de la arquitectura ecuatoriana.<\/p>\n<p>La construcci\u00f3n de un nuevo sistema de transporte, Metro (tren subterr\u00e1neo) y la salida del aeropuerto del coraz\u00f3n de la ciudad, han posibilitado la densificaci\u00f3n y el crecimiento en altura de la urbe que antes restring\u00eda la altura de sus edificaciones por el paso de los aviones. Hoy liberada de esa atadura, permite construir edificios de hasta 24 pisos y m\u00e1s, en esta capital que roza las nubes a 2.800 metros de altura sobre el nivel del mar, que es cruzada por la l\u00ednea ecuatorial (paralelo cero), y est\u00e1 rodeada por volcanes nevados.<\/p>\n<p>Estos proyectos de vanguardia llamados a convertirse en hitos de la ciudad, son referentes tanto desde su volumetr\u00eda exterior como desde su espacialidad interior. Este quiz\u00e1s sea uno de los elementos m\u00e1s importantes ya que el proyecto arquitect\u00f3nico est\u00e1 concebido en una estrecha colaboraci\u00f3n con los dise\u00f1adores industriales y de interiores. As\u00ed, el edificio <strong>YOO Quito<\/strong>, cuya arquitectura es producto de la colaboraci\u00f3n entre la firma internacional Arquitect\u00f3nica con Tommy Schwarzkopf, cuenta con el sello de Philippe Starck y John Hitchcox, en su l\u00ednea YOO. Este trabajo interior plantea tres ejes fundamentales, natura, cultura y minimal. Natura, evocando el deseo y pasio\u0301n que tienen los citadinos por traer la esencia de la naturaleza al ambiente urbano. Cultura, que recrea objetos historicistas en la decoraci\u00f3n, combin\u00e1ndolos con un minimalista moderno que incorpora vidrio, metal, texturas de concretos y colores neutros.<\/p>\n<div id='gallery-2' class='gallery galleryid-26108 gallery-columns-3 gallery-size-thumbnail'><figure class='gallery-item'>\n\t\t\t<div class='gallery-icon landscape'>\n\t\t\t\t<a href='https:\/\/www.arquimaster.com.ar\/web\/wp-content\/uploads\/2017\/03\/paisaje_urbano_quito13.jpg' title=\"Bernardo Fort-Brescia, Laurinda Spear, Philippe Starck y Marcel Wanders transforman al paisaje urbano de Quito (Oh) (\u00a9 Uribe &amp; Schwarzkopf)\" data-rl_title=\"Bernardo Fort-Brescia, Laurinda Spear, Philippe Starck y Marcel Wanders transforman al paisaje urbano de Quito (Oh) (\u00a9 Uribe &amp; Schwarzkopf)\" class=\"rl-gallery-link\" data-rl_caption=\"Bernardo Fort-Brescia, Laurinda Spear, Philippe Starck y Marcel Wanders transforman al paisaje urbano de Quito (Oh) (\u00a9 Uribe &amp; Schwarzkopf)\" data-rel=\"lightbox-gallery-2\"><img loading=\"lazy\" decoding=\"async\" width=\"150\" height=\"150\" src=\"https:\/\/www.arquimaster.com.ar\/web\/wp-content\/uploads\/2017\/03\/paisaje_urbano_quito13-150x150.jpg\" class=\"attachment-thumbnail size-thumbnail\" alt=\"\" aria-describedby=\"gallery-2-26122\" srcset=\"https:\/\/www.arquimaster.com.ar\/web\/wp-content\/uploads\/2017\/03\/paisaje_urbano_quito13-150x150.jpg 150w, https:\/\/www.arquimaster.com.ar\/web\/wp-content\/uploads\/2017\/03\/paisaje_urbano_quito13-50x50.jpg 50w, https:\/\/www.arquimaster.com.ar\/web\/wp-content\/uploads\/2017\/03\/paisaje_urbano_quito13-125x125.jpg 125w\" sizes=\"auto, (max-width: 150px) 100vw, 150px\" \/><\/a>\n\t\t\t<\/div>\n\t\t\t\t<figcaption class='wp-caption-text gallery-caption' id='gallery-2-26122'>\n\t\t\t\tBernardo Fort-Brescia, Laurinda Spear, Philippe Starck y Marcel Wanders transforman al paisaje urbano de Quito (Oh) (\u00a9 Uribe &#038; Schwarzkopf)\n\t\t\t\t<\/figcaption><\/figure><figure class='gallery-item'>\n\t\t\t<div class='gallery-icon landscape'>\n\t\t\t\t<a href='https:\/\/www.arquimaster.com.ar\/web\/wp-content\/uploads\/2017\/03\/paisaje_urbano_quito14.jpg' title=\"Bernardo Fort-Brescia, Laurinda Spear, Philippe Starck y Marcel Wanders transforman al paisaje urbano de Quito (YOO Cumbaya) (\u00a9 Uribe &amp; Schwarzkopf)\" data-rl_title=\"Bernardo Fort-Brescia, Laurinda Spear, Philippe Starck y Marcel Wanders transforman al paisaje urbano de Quito (YOO Cumbaya) (\u00a9 Uribe &amp; Schwarzkopf)\" class=\"rl-gallery-link\" data-rl_caption=\"Bernardo Fort-Brescia, Laurinda Spear, Philippe Starck y Marcel Wanders transforman al paisaje urbano de Quito (YOO Cumbaya) (\u00a9 Uribe &amp; Schwarzkopf)\" data-rel=\"lightbox-gallery-2\"><img loading=\"lazy\" decoding=\"async\" width=\"150\" height=\"150\" src=\"https:\/\/www.arquimaster.com.ar\/web\/wp-content\/uploads\/2017\/03\/paisaje_urbano_quito14-150x150.jpg\" class=\"attachment-thumbnail size-thumbnail\" alt=\"\" aria-describedby=\"gallery-2-26123\" srcset=\"https:\/\/www.arquimaster.com.ar\/web\/wp-content\/uploads\/2017\/03\/paisaje_urbano_quito14-150x150.jpg 150w, https:\/\/www.arquimaster.com.ar\/web\/wp-content\/uploads\/2017\/03\/paisaje_urbano_quito14-50x50.jpg 50w, https:\/\/www.arquimaster.com.ar\/web\/wp-content\/uploads\/2017\/03\/paisaje_urbano_quito14-125x125.jpg 125w\" sizes=\"auto, (max-width: 150px) 100vw, 150px\" \/><\/a>\n\t\t\t<\/div>\n\t\t\t\t<figcaption class='wp-caption-text gallery-caption' id='gallery-2-26123'>\n\t\t\t\tBernardo Fort-Brescia, Laurinda Spear, Philippe Starck y Marcel Wanders transforman al paisaje urbano de Quito (YOO Cumbaya) (\u00a9 Uribe &#038; Schwarzkopf)\n\t\t\t\t<\/figcaption><\/figure><figure class='gallery-item'>\n\t\t\t<div class='gallery-icon landscape'>\n\t\t\t\t<a href='https:\/\/www.arquimaster.com.ar\/web\/wp-content\/uploads\/2017\/03\/paisaje_urbano_quito15.jpg' title=\"Bernardo Fort-Brescia, Laurinda Spear, Philippe Starck y Marcel Wanders transforman al paisaje urbano de Quito (YOO Cumbaya) (\u00a9 Uribe &amp; Schwarzkopf)\" data-rl_title=\"Bernardo Fort-Brescia, Laurinda Spear, Philippe Starck y Marcel Wanders transforman al paisaje urbano de Quito (YOO Cumbaya) (\u00a9 Uribe &amp; Schwarzkopf)\" class=\"rl-gallery-link\" data-rl_caption=\"Bernardo Fort-Brescia, Laurinda Spear, Philippe Starck y Marcel Wanders transforman al paisaje urbano de Quito (YOO Cumbaya) (\u00a9 Uribe &amp; Schwarzkopf)\" data-rel=\"lightbox-gallery-2\"><img loading=\"lazy\" decoding=\"async\" width=\"150\" height=\"150\" src=\"https:\/\/www.arquimaster.com.ar\/web\/wp-content\/uploads\/2017\/03\/paisaje_urbano_quito15-150x150.jpg\" class=\"attachment-thumbnail size-thumbnail\" alt=\"\" aria-describedby=\"gallery-2-26124\" srcset=\"https:\/\/www.arquimaster.com.ar\/web\/wp-content\/uploads\/2017\/03\/paisaje_urbano_quito15-150x150.jpg 150w, https:\/\/www.arquimaster.com.ar\/web\/wp-content\/uploads\/2017\/03\/paisaje_urbano_quito15-50x50.jpg 50w, https:\/\/www.arquimaster.com.ar\/web\/wp-content\/uploads\/2017\/03\/paisaje_urbano_quito15-125x125.jpg 125w\" sizes=\"auto, (max-width: 150px) 100vw, 150px\" \/><\/a>\n\t\t\t<\/div>\n\t\t\t\t<figcaption class='wp-caption-text gallery-caption' id='gallery-2-26124'>\n\t\t\t\tBernardo Fort-Brescia, Laurinda Spear, Philippe Starck y Marcel Wanders transforman al paisaje urbano de Quito (YOO Cumbaya) (\u00a9 Uribe &#038; Schwarzkopf)\n\t\t\t\t<\/figcaption><\/figure><figure class='gallery-item'>\n\t\t\t<div class='gallery-icon landscape'>\n\t\t\t\t<a href='https:\/\/www.arquimaster.com.ar\/web\/wp-content\/uploads\/2017\/03\/paisaje_urbano_quito16.jpg' title=\"Bernardo Fort-Brescia, Laurinda Spear, Philippe Starck y Marcel Wanders transforman al paisaje urbano de Quito (YOO Cumbaya) (\u00a9 Uribe &amp; Schwarzkopf)\" data-rl_title=\"Bernardo Fort-Brescia, Laurinda Spear, Philippe Starck y Marcel Wanders transforman al paisaje urbano de Quito (YOO Cumbaya) (\u00a9 Uribe &amp; Schwarzkopf)\" class=\"rl-gallery-link\" data-rl_caption=\"Bernardo Fort-Brescia, Laurinda Spear, Philippe Starck y Marcel Wanders transforman al paisaje urbano de Quito (YOO Cumbaya) (\u00a9 Uribe &amp; Schwarzkopf)\" data-rel=\"lightbox-gallery-2\"><img loading=\"lazy\" decoding=\"async\" width=\"150\" height=\"150\" src=\"https:\/\/www.arquimaster.com.ar\/web\/wp-content\/uploads\/2017\/03\/paisaje_urbano_quito16-150x150.jpg\" class=\"attachment-thumbnail size-thumbnail\" alt=\"\" aria-describedby=\"gallery-2-26125\" srcset=\"https:\/\/www.arquimaster.com.ar\/web\/wp-content\/uploads\/2017\/03\/paisaje_urbano_quito16-150x150.jpg 150w, https:\/\/www.arquimaster.com.ar\/web\/wp-content\/uploads\/2017\/03\/paisaje_urbano_quito16-50x50.jpg 50w, https:\/\/www.arquimaster.com.ar\/web\/wp-content\/uploads\/2017\/03\/paisaje_urbano_quito16-125x125.jpg 125w\" sizes=\"auto, (max-width: 150px) 100vw, 150px\" \/><\/a>\n\t\t\t<\/div>\n\t\t\t\t<figcaption class='wp-caption-text gallery-caption' id='gallery-2-26125'>\n\t\t\t\tBernardo Fort-Brescia, Laurinda Spear, Philippe Starck y Marcel Wanders transforman al paisaje urbano de Quito (YOO Cumbaya) (\u00a9 Uribe &#038; Schwarzkopf)\n\t\t\t\t<\/figcaption><\/figure><figure class='gallery-item'>\n\t\t\t<div class='gallery-icon landscape'>\n\t\t\t\t<a href='https:\/\/www.arquimaster.com.ar\/web\/wp-content\/uploads\/2017\/03\/paisaje_urbano_quito17.jpg' title=\"Bernardo Fort-Brescia, Laurinda Spear, Philippe Starck y Marcel Wanders transforman al paisaje urbano de Quito (YOO Cumbaya) (\u00a9 Uribe &amp; Schwarzkopf)\" data-rl_title=\"Bernardo Fort-Brescia, Laurinda Spear, Philippe Starck y Marcel Wanders transforman al paisaje urbano de Quito (YOO Cumbaya) (\u00a9 Uribe &amp; Schwarzkopf)\" class=\"rl-gallery-link\" data-rl_caption=\"Bernardo Fort-Brescia, Laurinda Spear, Philippe Starck y Marcel Wanders transforman al paisaje urbano de Quito (YOO Cumbaya) (\u00a9 Uribe &amp; Schwarzkopf)\" data-rel=\"lightbox-gallery-2\"><img loading=\"lazy\" decoding=\"async\" width=\"150\" height=\"150\" src=\"https:\/\/www.arquimaster.com.ar\/web\/wp-content\/uploads\/2017\/03\/paisaje_urbano_quito17-150x150.jpg\" class=\"attachment-thumbnail size-thumbnail\" alt=\"\" aria-describedby=\"gallery-2-26126\" srcset=\"https:\/\/www.arquimaster.com.ar\/web\/wp-content\/uploads\/2017\/03\/paisaje_urbano_quito17-150x150.jpg 150w, https:\/\/www.arquimaster.com.ar\/web\/wp-content\/uploads\/2017\/03\/paisaje_urbano_quito17-50x50.jpg 50w, https:\/\/www.arquimaster.com.ar\/web\/wp-content\/uploads\/2017\/03\/paisaje_urbano_quito17-125x125.jpg 125w\" sizes=\"auto, (max-width: 150px) 100vw, 150px\" \/><\/a>\n\t\t\t<\/div>\n\t\t\t\t<figcaption class='wp-caption-text gallery-caption' id='gallery-2-26126'>\n\t\t\t\tBernardo Fort-Brescia, Laurinda Spear, Philippe Starck y Marcel Wanders transforman al paisaje urbano de Quito (YOO Cumbaya) (\u00a9 Uribe &#038; Schwarzkopf)\n\t\t\t\t<\/figcaption><\/figure><figure class='gallery-item'>\n\t\t\t<div class='gallery-icon landscape'>\n\t\t\t\t<a href='https:\/\/www.arquimaster.com.ar\/web\/wp-content\/uploads\/2017\/03\/paisaje_urbano_quito18.jpg' title=\"Bernardo Fort-Brescia, Laurinda Spear, Philippe Starck y Marcel Wanders transforman al paisaje urbano de Quito (YOO Cumbaya) (\u00a9 Uribe &amp; Schwarzkopf)\" data-rl_title=\"Bernardo Fort-Brescia, Laurinda Spear, Philippe Starck y Marcel Wanders transforman al paisaje urbano de Quito (YOO Cumbaya) (\u00a9 Uribe &amp; Schwarzkopf)\" class=\"rl-gallery-link\" data-rl_caption=\"Bernardo Fort-Brescia, Laurinda Spear, Philippe Starck y Marcel Wanders transforman al paisaje urbano de Quito (YOO Cumbaya) (\u00a9 Uribe &amp; Schwarzkopf)\" data-rel=\"lightbox-gallery-2\"><img loading=\"lazy\" decoding=\"async\" width=\"150\" height=\"150\" src=\"https:\/\/www.arquimaster.com.ar\/web\/wp-content\/uploads\/2017\/03\/paisaje_urbano_quito18-150x150.jpg\" class=\"attachment-thumbnail size-thumbnail\" alt=\"\" aria-describedby=\"gallery-2-26127\" srcset=\"https:\/\/www.arquimaster.com.ar\/web\/wp-content\/uploads\/2017\/03\/paisaje_urbano_quito18-150x150.jpg 150w, https:\/\/www.arquimaster.com.ar\/web\/wp-content\/uploads\/2017\/03\/paisaje_urbano_quito18-50x50.jpg 50w, https:\/\/www.arquimaster.com.ar\/web\/wp-content\/uploads\/2017\/03\/paisaje_urbano_quito18-125x125.jpg 125w\" sizes=\"auto, (max-width: 150px) 100vw, 150px\" \/><\/a>\n\t\t\t<\/div>\n\t\t\t\t<figcaption class='wp-caption-text gallery-caption' id='gallery-2-26127'>\n\t\t\t\tBernardo Fort-Brescia, Laurinda Spear, Philippe Starck y Marcel Wanders transforman al paisaje urbano de Quito (YOO Cumbaya) (\u00a9 Uribe &#038; Schwarzkopf)\n\t\t\t\t<\/figcaption><\/figure><figure class='gallery-item'>\n\t\t\t<div class='gallery-icon portrait'>\n\t\t\t\t<a href='https:\/\/www.arquimaster.com.ar\/web\/wp-content\/uploads\/2017\/03\/paisaje_urbano_quito19.jpg' title=\"Bernardo Fort-Brescia, Laurinda Spear, Philippe Starck y Marcel Wanders transforman al paisaje urbano de Quito (YOO Quito) (\u00a9 Uribe &amp; Schwarzkopf)\" data-rl_title=\"Bernardo Fort-Brescia, Laurinda Spear, Philippe Starck y Marcel Wanders transforman al paisaje urbano de Quito (YOO Quito) (\u00a9 Uribe &amp; Schwarzkopf)\" class=\"rl-gallery-link\" data-rl_caption=\"Bernardo Fort-Brescia, Laurinda Spear, Philippe Starck y Marcel Wanders transforman al paisaje urbano de Quito (YOO Quito) (\u00a9 Uribe &amp; Schwarzkopf)\" data-rel=\"lightbox-gallery-2\"><img loading=\"lazy\" decoding=\"async\" width=\"150\" height=\"150\" src=\"https:\/\/www.arquimaster.com.ar\/web\/wp-content\/uploads\/2017\/03\/paisaje_urbano_quito19-150x150.jpg\" class=\"attachment-thumbnail size-thumbnail\" alt=\"\" aria-describedby=\"gallery-2-26128\" srcset=\"https:\/\/www.arquimaster.com.ar\/web\/wp-content\/uploads\/2017\/03\/paisaje_urbano_quito19-150x150.jpg 150w, https:\/\/www.arquimaster.com.ar\/web\/wp-content\/uploads\/2017\/03\/paisaje_urbano_quito19-50x50.jpg 50w, https:\/\/www.arquimaster.com.ar\/web\/wp-content\/uploads\/2017\/03\/paisaje_urbano_quito19-125x125.jpg 125w\" sizes=\"auto, (max-width: 150px) 100vw, 150px\" \/><\/a>\n\t\t\t<\/div>\n\t\t\t\t<figcaption class='wp-caption-text gallery-caption' id='gallery-2-26128'>\n\t\t\t\tBernardo Fort-Brescia, Laurinda Spear, Philippe Starck y Marcel Wanders transforman al paisaje urbano de Quito (YOO Quito) (\u00a9 Uribe &#038; Schwarzkopf)\n\t\t\t\t<\/figcaption><\/figure><figure class='gallery-item'>\n\t\t\t<div class='gallery-icon landscape'>\n\t\t\t\t<a href='https:\/\/www.arquimaster.com.ar\/web\/wp-content\/uploads\/2017\/03\/paisaje_urbano_quito20.jpg' title=\"Bernardo Fort-Brescia, Laurinda Spear, Philippe Starck y Marcel Wanders transforman al paisaje urbano de Quito (YOO Quito) (\u00a9 Uribe &amp; Schwarzkopf)\" data-rl_title=\"Bernardo Fort-Brescia, Laurinda Spear, Philippe Starck y Marcel Wanders transforman al paisaje urbano de Quito (YOO Quito) (\u00a9 Uribe &amp; Schwarzkopf)\" class=\"rl-gallery-link\" data-rl_caption=\"Bernardo Fort-Brescia, Laurinda Spear, Philippe Starck y Marcel Wanders transforman al paisaje urbano de Quito (YOO Quito) (\u00a9 Uribe &amp; Schwarzkopf)\" data-rel=\"lightbox-gallery-2\"><img loading=\"lazy\" decoding=\"async\" width=\"150\" height=\"150\" src=\"https:\/\/www.arquimaster.com.ar\/web\/wp-content\/uploads\/2017\/03\/paisaje_urbano_quito20-150x150.jpg\" class=\"attachment-thumbnail size-thumbnail\" alt=\"\" aria-describedby=\"gallery-2-26129\" srcset=\"https:\/\/www.arquimaster.com.ar\/web\/wp-content\/uploads\/2017\/03\/paisaje_urbano_quito20-150x150.jpg 150w, https:\/\/www.arquimaster.com.ar\/web\/wp-content\/uploads\/2017\/03\/paisaje_urbano_quito20-50x50.jpg 50w, https:\/\/www.arquimaster.com.ar\/web\/wp-content\/uploads\/2017\/03\/paisaje_urbano_quito20-125x125.jpg 125w\" sizes=\"auto, (max-width: 150px) 100vw, 150px\" \/><\/a>\n\t\t\t<\/div>\n\t\t\t\t<figcaption class='wp-caption-text gallery-caption' id='gallery-2-26129'>\n\t\t\t\tBernardo Fort-Brescia, Laurinda Spear, Philippe Starck y Marcel Wanders transforman al paisaje urbano de Quito (YOO Quito) (\u00a9 Uribe &#038; Schwarzkopf)\n\t\t\t\t<\/figcaption><\/figure><figure class='gallery-item'>\n\t\t\t<div class='gallery-icon landscape'>\n\t\t\t\t<a href='https:\/\/www.arquimaster.com.ar\/web\/wp-content\/uploads\/2017\/03\/paisaje_urbano_quito21.jpg' title=\"Bernardo Fort-Brescia, Laurinda Spear, Philippe Starck y Marcel Wanders transforman al paisaje urbano de Quito (YOO Quito) (\u00a9 Uribe &amp; Schwarzkopf)\" data-rl_title=\"Bernardo Fort-Brescia, Laurinda Spear, Philippe Starck y Marcel Wanders transforman al paisaje urbano de Quito (YOO Quito) (\u00a9 Uribe &amp; Schwarzkopf)\" class=\"rl-gallery-link\" data-rl_caption=\"Bernardo Fort-Brescia, Laurinda Spear, Philippe Starck y Marcel Wanders transforman al paisaje urbano de Quito (YOO Quito) (\u00a9 Uribe &amp; Schwarzkopf)\" data-rel=\"lightbox-gallery-2\"><img loading=\"lazy\" decoding=\"async\" width=\"150\" height=\"150\" src=\"https:\/\/www.arquimaster.com.ar\/web\/wp-content\/uploads\/2017\/03\/paisaje_urbano_quito21-150x150.jpg\" class=\"attachment-thumbnail size-thumbnail\" alt=\"\" aria-describedby=\"gallery-2-26130\" srcset=\"https:\/\/www.arquimaster.com.ar\/web\/wp-content\/uploads\/2017\/03\/paisaje_urbano_quito21-150x150.jpg 150w, https:\/\/www.arquimaster.com.ar\/web\/wp-content\/uploads\/2017\/03\/paisaje_urbano_quito21-50x50.jpg 50w, https:\/\/www.arquimaster.com.ar\/web\/wp-content\/uploads\/2017\/03\/paisaje_urbano_quito21-125x125.jpg 125w\" sizes=\"auto, (max-width: 150px) 100vw, 150px\" \/><\/a>\n\t\t\t<\/div>\n\t\t\t\t<figcaption class='wp-caption-text gallery-caption' id='gallery-2-26130'>\n\t\t\t\tBernardo Fort-Brescia, Laurinda Spear, Philippe Starck y Marcel Wanders transforman al paisaje urbano de Quito (YOO Quito) (\u00a9 Uribe &#038; Schwarzkopf)\n\t\t\t\t<\/figcaption><\/figure><figure class='gallery-item'>\n\t\t\t<div class='gallery-icon landscape'>\n\t\t\t\t<a href='https:\/\/www.arquimaster.com.ar\/web\/wp-content\/uploads\/2017\/03\/paisaje_urbano_quito22.jpg' title=\"Bernardo Fort-Brescia, Laurinda Spear, Philippe Starck y Marcel Wanders transforman al paisaje urbano de Quito (YOO Quito) (\u00a9 Uribe &amp; Schwarzkopf)\" data-rl_title=\"Bernardo Fort-Brescia, Laurinda Spear, Philippe Starck y Marcel Wanders transforman al paisaje urbano de Quito (YOO Quito) (\u00a9 Uribe &amp; Schwarzkopf)\" class=\"rl-gallery-link\" data-rl_caption=\"Bernardo Fort-Brescia, Laurinda Spear, Philippe Starck y Marcel Wanders transforman al paisaje urbano de Quito (YOO Quito) (\u00a9 Uribe &amp; Schwarzkopf)\" data-rel=\"lightbox-gallery-2\"><img loading=\"lazy\" decoding=\"async\" width=\"150\" height=\"150\" src=\"https:\/\/www.arquimaster.com.ar\/web\/wp-content\/uploads\/2017\/03\/paisaje_urbano_quito22-150x150.jpg\" class=\"attachment-thumbnail size-thumbnail\" alt=\"\" aria-describedby=\"gallery-2-26131\" srcset=\"https:\/\/www.arquimaster.com.ar\/web\/wp-content\/uploads\/2017\/03\/paisaje_urbano_quito22-150x150.jpg 150w, https:\/\/www.arquimaster.com.ar\/web\/wp-content\/uploads\/2017\/03\/paisaje_urbano_quito22-50x50.jpg 50w, https:\/\/www.arquimaster.com.ar\/web\/wp-content\/uploads\/2017\/03\/paisaje_urbano_quito22-125x125.jpg 125w\" sizes=\"auto, (max-width: 150px) 100vw, 150px\" \/><\/a>\n\t\t\t<\/div>\n\t\t\t\t<figcaption class='wp-caption-text gallery-caption' id='gallery-2-26131'>\n\t\t\t\tBernardo Fort-Brescia, Laurinda Spear, Philippe Starck y Marcel Wanders transforman al paisaje urbano de Quito (YOO Quito) (\u00a9 Uribe &#038; Schwarzkopf)\n\t\t\t\t<\/figcaption><\/figure><figure class='gallery-item'>\n\t\t\t<div class='gallery-icon landscape'>\n\t\t\t\t<a href='https:\/\/www.arquimaster.com.ar\/web\/wp-content\/uploads\/2017\/03\/paisaje_urbano_quito23.jpg' title=\"Bernardo Fort-Brescia, Laurinda Spear, Philippe Starck y Marcel Wanders transforman al paisaje urbano de Quito (YOO Quito) (\u00a9 Uribe &amp; Schwarzkopf)\" data-rl_title=\"Bernardo Fort-Brescia, Laurinda Spear, Philippe Starck y Marcel Wanders transforman al paisaje urbano de Quito (YOO Quito) (\u00a9 Uribe &amp; Schwarzkopf)\" class=\"rl-gallery-link\" data-rl_caption=\"Bernardo Fort-Brescia, Laurinda Spear, Philippe Starck y Marcel Wanders transforman al paisaje urbano de Quito (YOO Quito) (\u00a9 Uribe &amp; Schwarzkopf)\" data-rel=\"lightbox-gallery-2\"><img loading=\"lazy\" decoding=\"async\" width=\"150\" height=\"150\" src=\"https:\/\/www.arquimaster.com.ar\/web\/wp-content\/uploads\/2017\/03\/paisaje_urbano_quito23-150x150.jpg\" class=\"attachment-thumbnail size-thumbnail\" alt=\"\" aria-describedby=\"gallery-2-26132\" srcset=\"https:\/\/www.arquimaster.com.ar\/web\/wp-content\/uploads\/2017\/03\/paisaje_urbano_quito23-150x150.jpg 150w, https:\/\/www.arquimaster.com.ar\/web\/wp-content\/uploads\/2017\/03\/paisaje_urbano_quito23-50x50.jpg 50w, https:\/\/www.arquimaster.com.ar\/web\/wp-content\/uploads\/2017\/03\/paisaje_urbano_quito23-125x125.jpg 125w\" sizes=\"auto, (max-width: 150px) 100vw, 150px\" \/><\/a>\n\t\t\t<\/div>\n\t\t\t\t<figcaption class='wp-caption-text gallery-caption' id='gallery-2-26132'>\n\t\t\t\tBernardo Fort-Brescia, Laurinda Spear, Philippe Starck y Marcel Wanders transforman al paisaje urbano de Quito (YOO Quito) (\u00a9 Uribe &#038; Schwarzkopf)\n\t\t\t\t<\/figcaption><\/figure><figure class='gallery-item'>\n\t\t\t<div class='gallery-icon portrait'>\n\t\t\t\t<a href='https:\/\/www.arquimaster.com.ar\/web\/wp-content\/uploads\/2017\/03\/paisaje_urbano_quito24.jpg' title=\"Bernardo Fort-Brescia, Laurinda Spear, Philippe Starck y Marcel Wanders transforman al paisaje urbano de Quito (Bernardo Fort-Brescia)\" data-rl_title=\"Bernardo Fort-Brescia, Laurinda Spear, Philippe Starck y Marcel Wanders transforman al paisaje urbano de Quito (Bernardo Fort-Brescia)\" class=\"rl-gallery-link\" data-rl_caption=\"Bernardo Fort-Brescia, Laurinda Spear, Philippe Starck y Marcel Wanders transforman al paisaje urbano de Quito (Bernardo Fort-Brescia)\" data-rel=\"lightbox-gallery-2\"><img loading=\"lazy\" decoding=\"async\" width=\"150\" height=\"150\" src=\"https:\/\/www.arquimaster.com.ar\/web\/wp-content\/uploads\/2017\/03\/paisaje_urbano_quito24-150x150.jpg\" class=\"attachment-thumbnail size-thumbnail\" alt=\"\" aria-describedby=\"gallery-2-26133\" srcset=\"https:\/\/www.arquimaster.com.ar\/web\/wp-content\/uploads\/2017\/03\/paisaje_urbano_quito24-150x150.jpg 150w, https:\/\/www.arquimaster.com.ar\/web\/wp-content\/uploads\/2017\/03\/paisaje_urbano_quito24-50x50.jpg 50w, https:\/\/www.arquimaster.com.ar\/web\/wp-content\/uploads\/2017\/03\/paisaje_urbano_quito24-125x125.jpg 125w\" sizes=\"auto, (max-width: 150px) 100vw, 150px\" \/><\/a>\n\t\t\t<\/div>\n\t\t\t\t<figcaption class='wp-caption-text gallery-caption' id='gallery-2-26133'>\n\t\t\t\tBernardo Fort-Brescia, Laurinda Spear, Philippe Starck y Marcel Wanders transforman al paisaje urbano de Quito (Bernardo Fort-Brescia)\n\t\t\t\t<\/figcaption><\/figure><figure class='gallery-item'>\n\t\t\t<div class='gallery-icon landscape'>\n\t\t\t\t<a href='https:\/\/www.arquimaster.com.ar\/web\/wp-content\/uploads\/2017\/03\/paisaje_urbano_quito25.jpg' title=\"Bernardo Fort-Brescia, Laurinda Spear, Philippe Starck y Marcel Wanders transforman al paisaje urbano de Quito (Marcel Wanders)\" data-rl_title=\"Bernardo Fort-Brescia, Laurinda Spear, Philippe Starck y Marcel Wanders transforman al paisaje urbano de Quito (Marcel Wanders)\" class=\"rl-gallery-link\" data-rl_caption=\"Bernardo Fort-Brescia, Laurinda Spear, Philippe Starck y Marcel Wanders transforman al paisaje urbano de Quito (Marcel Wanders)\" data-rel=\"lightbox-gallery-2\"><img loading=\"lazy\" decoding=\"async\" width=\"150\" height=\"150\" src=\"https:\/\/www.arquimaster.com.ar\/web\/wp-content\/uploads\/2017\/03\/paisaje_urbano_quito25-150x150.jpg\" class=\"attachment-thumbnail size-thumbnail\" alt=\"\" aria-describedby=\"gallery-2-26134\" srcset=\"https:\/\/www.arquimaster.com.ar\/web\/wp-content\/uploads\/2017\/03\/paisaje_urbano_quito25-150x150.jpg 150w, https:\/\/www.arquimaster.com.ar\/web\/wp-content\/uploads\/2017\/03\/paisaje_urbano_quito25-50x50.jpg 50w, https:\/\/www.arquimaster.com.ar\/web\/wp-content\/uploads\/2017\/03\/paisaje_urbano_quito25-125x125.jpg 125w\" sizes=\"auto, (max-width: 150px) 100vw, 150px\" \/><\/a>\n\t\t\t<\/div>\n\t\t\t\t<figcaption class='wp-caption-text gallery-caption' id='gallery-2-26134'>\n\t\t\t\tBernardo Fort-Brescia, Laurinda Spear, Philippe Starck y Marcel Wanders transforman al paisaje urbano de Quito (Marcel Wanders)\n\t\t\t\t<\/figcaption><\/figure><figure class='gallery-item'>\n\t\t\t<div class='gallery-icon portrait'>\n\t\t\t\t<a href='https:\/\/www.arquimaster.com.ar\/web\/wp-content\/uploads\/2017\/03\/paisaje_urbano_quito26.jpg' title=\"Bernardo Fort-Brescia, Laurinda Spear, Philippe Starck y Marcel Wanders transforman al paisaje urbano de Quito (Philippe Starck)\" data-rl_title=\"Bernardo Fort-Brescia, Laurinda Spear, Philippe Starck y Marcel Wanders transforman al paisaje urbano de Quito (Philippe Starck)\" class=\"rl-gallery-link\" data-rl_caption=\"Bernardo Fort-Brescia, Laurinda Spear, Philippe Starck y Marcel Wanders transforman al paisaje urbano de Quito (Philippe Starck)\" data-rel=\"lightbox-gallery-2\"><img loading=\"lazy\" decoding=\"async\" width=\"150\" height=\"150\" src=\"https:\/\/www.arquimaster.com.ar\/web\/wp-content\/uploads\/2017\/03\/paisaje_urbano_quito26-150x150.jpg\" class=\"attachment-thumbnail size-thumbnail\" alt=\"\" aria-describedby=\"gallery-2-26135\" srcset=\"https:\/\/www.arquimaster.com.ar\/web\/wp-content\/uploads\/2017\/03\/paisaje_urbano_quito26-150x150.jpg 150w, https:\/\/www.arquimaster.com.ar\/web\/wp-content\/uploads\/2017\/03\/paisaje_urbano_quito26-50x50.jpg 50w, https:\/\/www.arquimaster.com.ar\/web\/wp-content\/uploads\/2017\/03\/paisaje_urbano_quito26-125x125.jpg 125w\" sizes=\"auto, (max-width: 150px) 100vw, 150px\" \/><\/a>\n\t\t\t<\/div>\n\t\t\t\t<figcaption class='wp-caption-text gallery-caption' id='gallery-2-26135'>\n\t\t\t\tBernardo Fort-Brescia, Laurinda Spear, Philippe Starck y Marcel Wanders transforman al paisaje urbano de Quito (Philippe Starck)\n\t\t\t\t<\/figcaption><\/figure><figure class='gallery-item'>\n\t\t\t<div class='gallery-icon portrait'>\n\t\t\t\t<a href='https:\/\/www.arquimaster.com.ar\/web\/wp-content\/uploads\/2017\/03\/paisaje_urbano_quito27.jpg' title=\"Bernardo Fort-Brescia, Laurinda Spear, Philippe Starck y Marcel Wanders transforman al paisaje urbano de Quito (Tommy Schwarzkopf)\" data-rl_title=\"Bernardo Fort-Brescia, Laurinda Spear, Philippe Starck y Marcel Wanders transforman al paisaje urbano de Quito (Tommy Schwarzkopf)\" class=\"rl-gallery-link\" data-rl_caption=\"Bernardo Fort-Brescia, Laurinda Spear, Philippe Starck y Marcel Wanders transforman al paisaje urbano de Quito (Tommy Schwarzkopf)\" data-rel=\"lightbox-gallery-2\"><img loading=\"lazy\" decoding=\"async\" width=\"150\" height=\"150\" src=\"https:\/\/www.arquimaster.com.ar\/web\/wp-content\/uploads\/2017\/03\/paisaje_urbano_quito27-150x150.jpg\" class=\"attachment-thumbnail size-thumbnail\" alt=\"\" aria-describedby=\"gallery-2-26136\" srcset=\"https:\/\/www.arquimaster.com.ar\/web\/wp-content\/uploads\/2017\/03\/paisaje_urbano_quito27-150x150.jpg 150w, https:\/\/www.arquimaster.com.ar\/web\/wp-content\/uploads\/2017\/03\/paisaje_urbano_quito27-50x50.jpg 50w, https:\/\/www.arquimaster.com.ar\/web\/wp-content\/uploads\/2017\/03\/paisaje_urbano_quito27-125x125.jpg 125w\" sizes=\"auto, (max-width: 150px) 100vw, 150px\" \/><\/a>\n\t\t\t<\/div>\n\t\t\t\t<figcaption class='wp-caption-text gallery-caption' id='gallery-2-26136'>\n\t\t\t\tBernardo Fort-Brescia, Laurinda Spear, Philippe Starck y Marcel Wanders transforman al paisaje urbano de Quito (Tommy Schwarzkopf)\n\t\t\t\t<\/figcaption><\/figure>\n\t\t<\/div>\n\n<p>Por otra parte, en el proyecto <strong>YOO Cumbay\u00e1<\/strong>, de los mismos autores, es la arquitectura la que va a la naturaleza, \u00abAqu\u00ed est\u00e1s en el cielo. Est\u00e1s en el bosque. Est\u00e1s en el centro de la vida\u00bb como lo describiera Starck. Este conjunto de oficinas y viviendas, est\u00e1 llamado a ser paradigm\u00e1tico por como se liga al entorno natural y cultural, generando su propio \u00abcentro urbano y paisaj\u00edstico\u00bb. Proponiendo un particular estilo de vida que parte de un dise\u00f1o interior personalizado, y en la creaci\u00f3n de amplios espacios exteriores comunes, verdes, a nivel del suelo y en fachadas y cubiertas. Esto con una variado equipamiento para el descanso, la recreaci\u00f3n y el deporte, vinculados a los espacios verdes exteriores. Las ideas de confort funcional y de creatividad l\u00fadica incorporan el factor sorpresa en el dise\u00f1o de los espacios compartidos. El aporte de dise\u00f1o ecol\u00f3gico se centra en minimizar el impacto solar por aleros y superficies verdes, y el control energ\u00e9tico con sensores de luz, aislamiento t\u00e9rmico, generaci\u00f3n de fuentes propias de energ\u00eda y utilizaci\u00f3n de materiales de bajo impacto ecol\u00f3gico.<\/p>\n<p>En otra importante arteria de la ciudad (Av. 6 de Diciembre), ya en sus \u00faltimas etapas de construcci\u00f3n el edificio <strong>Atelier<\/strong> dise\u00f1ado por Arquitect\u00f3nica y U&amp;S, se propone un importante cambio en la imagen urbana, con fachadas que juegan con l\u00edneas extra\u00eddas de un trazado b\u00e1sico modulado, logra establecer otra escala, otro ritmo, otras texturas en las superficies arquitect\u00f3nicas. El edificio adquiere una doble piel modulada, una de base que ordena las aberturas y otra superpuesta que genera movimiento, sombras y privacidades.<\/p>\n<p>Los edificios YOO de Quito y Cumbaya, as\u00ed como Atelier proponen algo singular respecto al tradicional uso del suelo en esta capital, brindando generosos espacios p\u00fablicos, alentando a una vida urbana contempor\u00e1nea propia de las grandes capitales. As\u00ed, el peat\u00f3n, olvidado por la supremac\u00eda del veh\u00edculo en los trazados urbanos, se vuelve un protagonista, un usuario cuyo sentido de pertenencia trasciende su departamento, un transe\u00fante invitado a recorrer visualmente espacios dise\u00f1ados pensando en la posibilidad de disfrutar, de sentir, no solo de usar, percibe claramente que se ha aligerado la acostumbrada barrera de lo privado en la ciudad, que se han concebido nuevos espacios p\u00fablicos que la enriquecen. Estos promueven no solo el tr\u00e1nsito placentero entre edificios, sino el descanso y el encuentro, en lugares creados para disfrutar del tiempo libre e incluso del trabajo. Los espacios compartidos no son solo abiertos o cerrados, son espacios de transici\u00f3n que poseen condiciones para funcionar en diversas condiciones clim\u00e1ticas.<\/p>\n<p>Por otra parte en el proyecto <strong>Oh<\/strong>, ubicado en el mismo eje vial de YOO Quito y cuya visi\u00f3n le pertenece a U&amp;S, plantea un concepto nuevo desde los est\u00e9tico e inmobiliario. La arquitectura de los renombrados arquitectos Bernardo Fort-Brescia y Laurinda Spear, de Arquitectonica, transforma a la torre de 18 pisos en un esbelta escultura urbana, que desplaza los planos de la fachada, haci\u00e9ndolos girar en un movimiento extraordinario que parece enroscarse en el cielo quite\u00f1o, para el goce de todos lo que por all\u00ed transiten. Una volumetr\u00eda que rompe todos los esquemas de lo edificado en esta importantes avenidas de la ciudad. Mientras, lo m\u00e1s emocionante sucede en su interior, donde el renombrado y multipremiado dise\u00f1ador holand\u00e9s Marcel Wanders, inspirado por la flora y fauna ecuatoriana, ha creado espacios asombrosos, transform\u00e1ndolos en experiencias para ser vividas. Wanders parte tambi\u00e9n de una trilog\u00eda conceptual que se resume en los elementos fundamentales, tierra, aire y fuego. Tierra en donde usa materiales aut\u00e9nticos en tonos tierras, aire en cuyos ambientes predomina la luz natural, logrando sensaciones de serenidad, suavidad y tranquilidad y fuego que es sorpresa, contrastes que combinan artesan\u00edas, patrones y colores formando una yuxtaposici\u00f3n de materiales que resplandecen. Goce est\u00e9tico y placer funcional, o como el lo describe Wanders, \u00abcrear un entorno de amor, vivir con pasi\u00f3n y hacer que nuestros sue\u00f1os m\u00e1s emocionantes se hagan realidad\u00bb.<\/p>\n<p>El futuro de la ciudad de Quito desde lo arquitect\u00f3nico, se ve prometedor. La decidida participaci\u00f3n de promotores privados, en especial de Uribe &amp; Schwarzkopf que ha tomado la iniciativa con los proyectos de vanguardia descriptos, est\u00e1 haciendo de esta Capital una ciudad cosmopolita, con una mejora cualitativa en la vida urbana cotidiana. Por primera vez el Centro Hist\u00f3rico de Quito tendr\u00e1 su contraparte contempor\u00e1nea digna de ser visitada y de ser vivida.<\/p>\n<p><strong>Im\u00e1genes<\/strong><br \/>\n\u00a9 Uribe &amp; Schwarzkopf<br \/>\n(YOO Quito, YOO Cumbaya, Atelier y Oh Residencias)<\/p>\n<p><strong>Texto<\/strong><br \/>\nR\u00f3mulo Moya Peralta arq.<br \/>\nTrama<\/p>\n<p><em><strong>English version<\/strong><\/em><\/p>\n<p><em><strong>Bernardo Fort-Brescia, Laurinda Spear, Philippe Starck and Marcel Wanders transform the urban landscape of Quito<\/strong><\/em><\/p>\n<p><em>Quito, the capital of Ecuador and the first Cultural Heritage of Humanity, is in the process of renewing its urban and architectural image. Four architectural projects designed by important international studios, which are being built simultaneously, contribute decisively in this process, while others are in the design process.<\/em><\/p>\n<p><em>Designers Philippe Starck and Marcel Wanders, and architects Bernardo Fort-Brescia and Laurinda Spear (Arquitectonica), along with the ecuadorian architect Tommy Schwarzkopf from Uribe &amp; Schwarzkopf are responsible for this transforming moment in the ecuadorian architecture.<\/em><\/p>\n<p><em>The construction of a new transportation system; the subway and the exit of the airport from the heart of the city, have made possible the densification and growth in height of the city, reasons that previously restricted the height of its buildings by the plane passing. Now freed from this bondage, it allows buildings of up to 24 floors and more, in this capital that slashes the clouds at 2,800 meters above sea level, crossing the equatorial line (parallel zero), and surrounded by snowy volcanoes.<\/em><\/p>\n<p><em>These avant-garde projects destined to become landmarks of the city, are referring as much from its external volumetry as from its interior space. This is perhaps one of the most important elements since the architectural project is conceived, in close collaboration with industrial and interior designers. Thus, the YOO Quito building, whose architecture is the result of the collaboration between the international firm Arquitect\u00f3nica with Tommy Schwarzkopf, has the seal of Philippe Starck and John Hitchcox, in its YOO line. This inner work raises three fundamental axes; nature, culture and minimal. Nature, evoking the desire and passion that the citizens have to bring the essence of nature to the urban environment. Culture, which recreates historicist objects in the decoration, combining them with a modern minimalist touch incorporating glass, metal, concrete textures and neutral colors.<\/em><\/p>\n<p><em>On the other hand, in the YOO Cumbay\u00e1 project, by the same authors, it is the architecture that goes to the nature. \u00abHere you are in heaven. You are in the woods. You are at the center of life \u00abas Starck would described it. This set of offices and homes are called to be paradigmatic, because it is linked to the natural and cultural environment, generating its own \u00aburban and landscape center.\u00bb Proposing a particular lifestyle that starts from a custom interior design, and creating wide common outdoor spaces, green at ground level, on facades and decks. This with a varied of rest, recreation and sport equipment, linked to outdoor green spaces. The ideas of functional comfort and playful creativity incorporates the surprising factor in the design of shared spaces. The contribution of ecological design focuses on minimizing solar impact by eaves and green surfaces, energy control with light sensors, thermal insulation, generation of own energy sources and use of materials with low ecological impact.<\/em><\/p>\n<p><em>In another important artery of the city (Av. 6 de diciembre), and in its final stages of construction, the Atelier building designed by Arquitect\u00f3nica and Uribe &amp; Schwarzkopf, a major change is proposed in the urban view, with facades playing with lines from a modulated basic tracing, manages to establish another scale, another rhythm and other textures in the architectural surfaces. The building acquires a double modulated skin, a basic ordering and other superimposed openings that generate movement, shadows and privacies.<\/em><\/p>\n<p><em>The YOO Quito and YOO Cumbay\u00e1 buildings, as well as Atelier, offer something unique regarding the traditional use of the land in this capital, providing generous public spaces, encouraging a contemporary urban life typical of the big capitals. Thus, the pedestrian, forgotten by the supremacy of the vehicle in the urban paths, becomes a protagonist, a user whose sense of belonging transcends his department, a passer-by inviting to go through visually designed spaces thinking about the possibility of enjoying and not only wanting to use; clearly perceiving that the private accustomed barrier in the city has been lightened and that new public spaces have been enriched. These promotes not only the pleasant transit between buildings, but also the resting and meetings in places created to enjoy free time and even work. The shared spaces are not only open or closed, they are spaces of transition that have the conditions to operate in diverse climatic conditions.<\/em><\/p>\n<p><em>On the other hand, the Oh Project is located on the same axis as YOO Quito and whose vision belongs to Uribe &amp; Schwarzkopf, presenting a new esthetic and real estate concept. The architecture of the renowned architects Bernardo Fort-Brescia and Laurinda Spear, of Arquitect\u00f3nica, transforms the 18-storey tower into a slender urban sculpture, displacing the facade and turning them into an extraordinary movement that seems to be curled up in the Quito sky, for the enjoyment of all the people that go through there. This volumetry, breaks all the schemes built up in this important avenues of the city. Meanwhile, the most exciting thing is in the inside, where the renowned and multi-awarded Dutch designer Marcel Wanders, inspired by Ecuadorian flora and fauna, has created amazing spaces, transforming them into experiences to be lived. Wanders, also starts from a conceptual trilogy that is summed up in the fundamental elements; earth, air and fire. Earth, where it uses authentic materials in earth tones, air in whose atmospheres natural light prevails, achieving sensations of serenity, softness and tranquility and fire that surprises with contrasts that combine crafts, patterns and colors forming a juxtaposition of glowing materials. Enjoying aesthetic and functional pleasures, or as Wanders describes it, \u00abcreate an environment of love, live with passion and make our most exciting dreams come true.\u00bb <\/em><\/p>\n<p><em>From the architectural perspective, the future of the city of Quito looks promising.The decisive participation of private promoters, especially from Uribe &amp; Schwarzkopf, who has taken the initiative with the avant-garde projects described, is making this capital a cosmopolitan city with a qualitative improvement in the daily urban life.\u00a0For the first time, the Historic Center of Quito will have its contemporary counterpart worthy of being visited and lived.<\/em><\/p>\n\n<div style=\"font-size: 0px; height: 0px; line-height: 0px; margin: 0; padding: 0; clear: both;\"><\/div><div style=\"margin-top: 0px; margin-bottom: 0px;\" class=\"sharethis-inline-share-buttons\" ><\/div>","protected":false},"excerpt":{"rendered":"<p>La ciudad se encuentra en pleno proceso de renovaci\u00f3n de su imagen urbana y arquitect\u00f3nica&#8230;<\/p>\n","protected":false},"author":1,"featured_media":26109,"comment_status":"closed","ping_status":"closed","sticky":false,"template":"","format":"standard","meta":{"_uag_custom_page_level_css":"","footnotes":""},"categories":[72,74],"tags":[4229,2447,4230,4231,387,4133,4232],"class_list":["post-26108","post","type-post","status-publish","format-standard","has-post-thumbnail","hentry","category-articulos","category-notas-arquitectura","tag-bernardo-fort-brescia","tag-ecuador","tag-laurinda-spear","tag-marcel-wanders","tag-philippe-starck","tag-quito","tag-tommy-schwarzkopf","generate-columns","tablet-grid-50","mobile-grid-100","grid-parent","grid-50"],"yoast_head":"<!-- This site is optimized with the Yoast SEO plugin v27.3 - https:\/\/yoast.com\/product\/yoast-seo-wordpress\/ -->\n<title>Bernardo Fort-Brescia, Laurinda Spear, Philippe Starck y Marcel Wanders transforman al paisaje urbano de Quito - Arquimaster<\/title>\n<meta name=\"robots\" content=\"index, follow, max-snippet:-1, max-image-preview:large, max-video-preview:-1\" \/>\n<link rel=\"canonical\" href=\"https:\/\/www.arquimaster.com.ar\/web\/bernardo-fort-brescia-laurinda-spear-philippe-starck-y-marcel-wanders-transforman-al-paisaje-urbano-de-quito\/\" \/>\n<meta property=\"og:locale\" content=\"es_ES\" \/>\n<meta property=\"og:type\" content=\"article\" \/>\n<meta property=\"og:title\" content=\"Bernardo Fort-Brescia, Laurinda Spear, Philippe Starck y Marcel Wanders transforman al paisaje urbano de Quito - Arquimaster\" \/>\n<meta property=\"og:description\" content=\"La ciudad se encuentra en pleno proceso de renovaci\u00f3n de su imagen urbana y arquitect\u00f3nica...\" \/>\n<meta property=\"og:url\" content=\"https:\/\/www.arquimaster.com.ar\/web\/bernardo-fort-brescia-laurinda-spear-philippe-starck-y-marcel-wanders-transforman-al-paisaje-urbano-de-quito\/\" \/>\n<meta property=\"og:site_name\" content=\"Arquimaster\" \/>\n<meta property=\"article:publisher\" content=\"http:\/\/www.facebook.com\/ARQUIMASTER.com.ar\" \/>\n<meta property=\"article:published_time\" content=\"2017-03-19T23:26:36+00:00\" \/>\n<meta property=\"article:modified_time\" content=\"2025-10-25T22:16:25+00:00\" \/>\n<meta property=\"og:image\" content=\"https:\/\/www.arquimaster.com.ar\/web\/wp-content\/uploads\/2017\/03\/paisaje_urbano_quito_slide.jpg\" \/>\n\t<meta property=\"og:image:width\" content=\"642\" \/>\n\t<meta property=\"og:image:height\" content=\"336\" \/>\n\t<meta property=\"og:image:type\" content=\"image\/jpeg\" \/>\n<meta name=\"author\" content=\"Arquimaster\" \/>\n<meta name=\"twitter:card\" content=\"summary_large_image\" \/>\n<meta name=\"twitter:creator\" content=\"@arquimaster\" \/>\n<meta name=\"twitter:site\" content=\"@arquimaster\" \/>\n<meta name=\"twitter:label1\" content=\"Escrito por\" \/>\n\t<meta name=\"twitter:data1\" content=\"Arquimaster\" \/>\n\t<meta name=\"twitter:label2\" content=\"Tiempo de lectura\" \/>\n\t<meta name=\"twitter:data2\" content=\"10 minutos\" \/>\n<script type=\"application\/ld+json\" class=\"yoast-schema-graph\">{\"@context\":\"https:\\\/\\\/schema.org\",\"@graph\":[{\"@type\":\"Article\",\"@id\":\"https:\\\/\\\/www.arquimaster.com.ar\\\/web\\\/bernardo-fort-brescia-laurinda-spear-philippe-starck-y-marcel-wanders-transforman-al-paisaje-urbano-de-quito\\\/#article\",\"isPartOf\":{\"@id\":\"https:\\\/\\\/www.arquimaster.com.ar\\\/web\\\/bernardo-fort-brescia-laurinda-spear-philippe-starck-y-marcel-wanders-transforman-al-paisaje-urbano-de-quito\\\/\"},\"author\":{\"name\":\"Arquimaster\",\"@id\":\"https:\\\/\\\/www.arquimaster.com.ar\\\/web\\\/#\\\/schema\\\/person\\\/359e9f7c00193fcde068e0dd2ceb0028\"},\"headline\":\"Bernardo Fort-Brescia, Laurinda Spear, Philippe Starck y Marcel Wanders transforman al paisaje urbano de Quito\",\"datePublished\":\"2017-03-19T23:26:36+00:00\",\"dateModified\":\"2025-10-25T22:16:25+00:00\",\"mainEntityOfPage\":{\"@id\":\"https:\\\/\\\/www.arquimaster.com.ar\\\/web\\\/bernardo-fort-brescia-laurinda-spear-philippe-starck-y-marcel-wanders-transforman-al-paisaje-urbano-de-quito\\\/\"},\"wordCount\":2181,\"publisher\":{\"@id\":\"https:\\\/\\\/www.arquimaster.com.ar\\\/web\\\/#organization\"},\"image\":{\"@id\":\"https:\\\/\\\/www.arquimaster.com.ar\\\/web\\\/bernardo-fort-brescia-laurinda-spear-philippe-starck-y-marcel-wanders-transforman-al-paisaje-urbano-de-quito\\\/#primaryimage\"},\"thumbnailUrl\":\"https:\\\/\\\/www.arquimaster.com.ar\\\/web\\\/wp-content\\\/uploads\\\/2017\\\/03\\\/paisaje_urbano_quito_slide.jpg\",\"keywords\":[\"Bernardo Fort-Brescia\",\"Ecuador\",\"Laurinda Spear\",\"Marcel Wanders\",\"Philippe Starck\",\"Quito\",\"Tommy Schwarzkopf\"],\"articleSection\":[\"Articulos\",\"Temas de arquitectura y dise\u00f1o\"],\"inLanguage\":\"es\"},{\"@type\":\"WebPage\",\"@id\":\"https:\\\/\\\/www.arquimaster.com.ar\\\/web\\\/bernardo-fort-brescia-laurinda-spear-philippe-starck-y-marcel-wanders-transforman-al-paisaje-urbano-de-quito\\\/\",\"url\":\"https:\\\/\\\/www.arquimaster.com.ar\\\/web\\\/bernardo-fort-brescia-laurinda-spear-philippe-starck-y-marcel-wanders-transforman-al-paisaje-urbano-de-quito\\\/\",\"name\":\"Bernardo Fort-Brescia, Laurinda Spear, Philippe Starck y Marcel Wanders transforman al paisaje urbano de Quito - Arquimaster\",\"isPartOf\":{\"@id\":\"https:\\\/\\\/www.arquimaster.com.ar\\\/web\\\/#website\"},\"primaryImageOfPage\":{\"@id\":\"https:\\\/\\\/www.arquimaster.com.ar\\\/web\\\/bernardo-fort-brescia-laurinda-spear-philippe-starck-y-marcel-wanders-transforman-al-paisaje-urbano-de-quito\\\/#primaryimage\"},\"image\":{\"@id\":\"https:\\\/\\\/www.arquimaster.com.ar\\\/web\\\/bernardo-fort-brescia-laurinda-spear-philippe-starck-y-marcel-wanders-transforman-al-paisaje-urbano-de-quito\\\/#primaryimage\"},\"thumbnailUrl\":\"https:\\\/\\\/www.arquimaster.com.ar\\\/web\\\/wp-content\\\/uploads\\\/2017\\\/03\\\/paisaje_urbano_quito_slide.jpg\",\"datePublished\":\"2017-03-19T23:26:36+00:00\",\"dateModified\":\"2025-10-25T22:16:25+00:00\",\"breadcrumb\":{\"@id\":\"https:\\\/\\\/www.arquimaster.com.ar\\\/web\\\/bernardo-fort-brescia-laurinda-spear-philippe-starck-y-marcel-wanders-transforman-al-paisaje-urbano-de-quito\\\/#breadcrumb\"},\"inLanguage\":\"es\",\"potentialAction\":[{\"@type\":\"ReadAction\",\"target\":[\"https:\\\/\\\/www.arquimaster.com.ar\\\/web\\\/bernardo-fort-brescia-laurinda-spear-philippe-starck-y-marcel-wanders-transforman-al-paisaje-urbano-de-quito\\\/\"]}]},{\"@type\":\"ImageObject\",\"inLanguage\":\"es\",\"@id\":\"https:\\\/\\\/www.arquimaster.com.ar\\\/web\\\/bernardo-fort-brescia-laurinda-spear-philippe-starck-y-marcel-wanders-transforman-al-paisaje-urbano-de-quito\\\/#primaryimage\",\"url\":\"https:\\\/\\\/www.arquimaster.com.ar\\\/web\\\/wp-content\\\/uploads\\\/2017\\\/03\\\/paisaje_urbano_quito_slide.jpg\",\"contentUrl\":\"https:\\\/\\\/www.arquimaster.com.ar\\\/web\\\/wp-content\\\/uploads\\\/2017\\\/03\\\/paisaje_urbano_quito_slide.jpg\",\"width\":642,\"height\":336},{\"@type\":\"BreadcrumbList\",\"@id\":\"https:\\\/\\\/www.arquimaster.com.ar\\\/web\\\/bernardo-fort-brescia-laurinda-spear-philippe-starck-y-marcel-wanders-transforman-al-paisaje-urbano-de-quito\\\/#breadcrumb\",\"itemListElement\":[{\"@type\":\"ListItem\",\"position\":1,\"name\":\"Portada\",\"item\":\"https:\\\/\\\/www.arquimaster.com.ar\\\/web\\\/\"},{\"@type\":\"ListItem\",\"position\":2,\"name\":\"Bernardo Fort-Brescia, Laurinda Spear, Philippe Starck y Marcel Wanders transforman al paisaje urbano de Quito\"}]},{\"@type\":\"WebSite\",\"@id\":\"https:\\\/\\\/www.arquimaster.com.ar\\\/web\\\/#website\",\"url\":\"https:\\\/\\\/www.arquimaster.com.ar\\\/web\\\/\",\"name\":\"Arquimaster\",\"description\":\"Web de arquitectura, dise\u00f1o y construccion\",\"publisher\":{\"@id\":\"https:\\\/\\\/www.arquimaster.com.ar\\\/web\\\/#organization\"},\"potentialAction\":[{\"@type\":\"SearchAction\",\"target\":{\"@type\":\"EntryPoint\",\"urlTemplate\":\"https:\\\/\\\/www.arquimaster.com.ar\\\/web\\\/?s={search_term_string}\"},\"query-input\":{\"@type\":\"PropertyValueSpecification\",\"valueRequired\":true,\"valueName\":\"search_term_string\"}}],\"inLanguage\":\"es\"},{\"@type\":\"Organization\",\"@id\":\"https:\\\/\\\/www.arquimaster.com.ar\\\/web\\\/#organization\",\"name\":\"Arquimaster\",\"url\":\"https:\\\/\\\/www.arquimaster.com.ar\\\/web\\\/\",\"logo\":{\"@type\":\"ImageObject\",\"inLanguage\":\"es\",\"@id\":\"https:\\\/\\\/www.arquimaster.com.ar\\\/web\\\/#\\\/schema\\\/logo\\\/image\\\/\",\"url\":\"https:\\\/\\\/www.arquimaster.com.ar\\\/web\\\/wp-content\\\/uploads\\\/2022\\\/06\\\/arquimaster.png\",\"contentUrl\":\"https:\\\/\\\/www.arquimaster.com.ar\\\/web\\\/wp-content\\\/uploads\\\/2022\\\/06\\\/arquimaster.png\",\"width\":594,\"height\":78,\"caption\":\"Arquimaster\"},\"image\":{\"@id\":\"https:\\\/\\\/www.arquimaster.com.ar\\\/web\\\/#\\\/schema\\\/logo\\\/image\\\/\"},\"sameAs\":[\"http:\\\/\\\/www.facebook.com\\\/ARQUIMASTER.com.ar\",\"https:\\\/\\\/x.com\\\/arquimaster\",\"https:\\\/\\\/www.instagram.com\\\/arquimasterblog\\\/\",\"https:\\\/\\\/www.linkedin.com\\\/company\\\/arquimaster\",\"https:\\\/\\\/www.pinterest.com\\\/arquimaster\",\"https:\\\/\\\/t.me\\\/arquimaster\"]},{\"@type\":\"Person\",\"@id\":\"https:\\\/\\\/www.arquimaster.com.ar\\\/web\\\/#\\\/schema\\\/person\\\/359e9f7c00193fcde068e0dd2ceb0028\",\"name\":\"Arquimaster\"}]}<\/script>\n<!-- \/ Yoast SEO plugin. -->","yoast_head_json":{"title":"Bernardo Fort-Brescia, Laurinda Spear, Philippe Starck y Marcel Wanders transforman al paisaje urbano de Quito - Arquimaster","robots":{"index":"index","follow":"follow","max-snippet":"max-snippet:-1","max-image-preview":"max-image-preview:large","max-video-preview":"max-video-preview:-1"},"canonical":"https:\/\/www.arquimaster.com.ar\/web\/bernardo-fort-brescia-laurinda-spear-philippe-starck-y-marcel-wanders-transforman-al-paisaje-urbano-de-quito\/","og_locale":"es_ES","og_type":"article","og_title":"Bernardo Fort-Brescia, Laurinda Spear, Philippe Starck y Marcel Wanders transforman al paisaje urbano de Quito - Arquimaster","og_description":"La ciudad se encuentra en pleno proceso de renovaci\u00f3n de su imagen urbana y arquitect\u00f3nica...","og_url":"https:\/\/www.arquimaster.com.ar\/web\/bernardo-fort-brescia-laurinda-spear-philippe-starck-y-marcel-wanders-transforman-al-paisaje-urbano-de-quito\/","og_site_name":"Arquimaster","article_publisher":"http:\/\/www.facebook.com\/ARQUIMASTER.com.ar","article_published_time":"2017-03-19T23:26:36+00:00","article_modified_time":"2025-10-25T22:16:25+00:00","og_image":[{"width":642,"height":336,"url":"https:\/\/www.arquimaster.com.ar\/web\/wp-content\/uploads\/2017\/03\/paisaje_urbano_quito_slide.jpg","type":"image\/jpeg"}],"author":"Arquimaster","twitter_card":"summary_large_image","twitter_creator":"@arquimaster","twitter_site":"@arquimaster","twitter_misc":{"Escrito por":"Arquimaster","Tiempo de lectura":"10 minutos"},"schema":{"@context":"https:\/\/schema.org","@graph":[{"@type":"Article","@id":"https:\/\/www.arquimaster.com.ar\/web\/bernardo-fort-brescia-laurinda-spear-philippe-starck-y-marcel-wanders-transforman-al-paisaje-urbano-de-quito\/#article","isPartOf":{"@id":"https:\/\/www.arquimaster.com.ar\/web\/bernardo-fort-brescia-laurinda-spear-philippe-starck-y-marcel-wanders-transforman-al-paisaje-urbano-de-quito\/"},"author":{"name":"Arquimaster","@id":"https:\/\/www.arquimaster.com.ar\/web\/#\/schema\/person\/359e9f7c00193fcde068e0dd2ceb0028"},"headline":"Bernardo Fort-Brescia, Laurinda Spear, Philippe Starck y Marcel Wanders transforman al paisaje urbano de Quito","datePublished":"2017-03-19T23:26:36+00:00","dateModified":"2025-10-25T22:16:25+00:00","mainEntityOfPage":{"@id":"https:\/\/www.arquimaster.com.ar\/web\/bernardo-fort-brescia-laurinda-spear-philippe-starck-y-marcel-wanders-transforman-al-paisaje-urbano-de-quito\/"},"wordCount":2181,"publisher":{"@id":"https:\/\/www.arquimaster.com.ar\/web\/#organization"},"image":{"@id":"https:\/\/www.arquimaster.com.ar\/web\/bernardo-fort-brescia-laurinda-spear-philippe-starck-y-marcel-wanders-transforman-al-paisaje-urbano-de-quito\/#primaryimage"},"thumbnailUrl":"https:\/\/www.arquimaster.com.ar\/web\/wp-content\/uploads\/2017\/03\/paisaje_urbano_quito_slide.jpg","keywords":["Bernardo Fort-Brescia","Ecuador","Laurinda Spear","Marcel Wanders","Philippe Starck","Quito","Tommy Schwarzkopf"],"articleSection":["Articulos","Temas de arquitectura y dise\u00f1o"],"inLanguage":"es"},{"@type":"WebPage","@id":"https:\/\/www.arquimaster.com.ar\/web\/bernardo-fort-brescia-laurinda-spear-philippe-starck-y-marcel-wanders-transforman-al-paisaje-urbano-de-quito\/","url":"https:\/\/www.arquimaster.com.ar\/web\/bernardo-fort-brescia-laurinda-spear-philippe-starck-y-marcel-wanders-transforman-al-paisaje-urbano-de-quito\/","name":"Bernardo Fort-Brescia, Laurinda Spear, Philippe Starck y Marcel Wanders transforman al paisaje urbano de Quito - Arquimaster","isPartOf":{"@id":"https:\/\/www.arquimaster.com.ar\/web\/#website"},"primaryImageOfPage":{"@id":"https:\/\/www.arquimaster.com.ar\/web\/bernardo-fort-brescia-laurinda-spear-philippe-starck-y-marcel-wanders-transforman-al-paisaje-urbano-de-quito\/#primaryimage"},"image":{"@id":"https:\/\/www.arquimaster.com.ar\/web\/bernardo-fort-brescia-laurinda-spear-philippe-starck-y-marcel-wanders-transforman-al-paisaje-urbano-de-quito\/#primaryimage"},"thumbnailUrl":"https:\/\/www.arquimaster.com.ar\/web\/wp-content\/uploads\/2017\/03\/paisaje_urbano_quito_slide.jpg","datePublished":"2017-03-19T23:26:36+00:00","dateModified":"2025-10-25T22:16:25+00:00","breadcrumb":{"@id":"https:\/\/www.arquimaster.com.ar\/web\/bernardo-fort-brescia-laurinda-spear-philippe-starck-y-marcel-wanders-transforman-al-paisaje-urbano-de-quito\/#breadcrumb"},"inLanguage":"es","potentialAction":[{"@type":"ReadAction","target":["https:\/\/www.arquimaster.com.ar\/web\/bernardo-fort-brescia-laurinda-spear-philippe-starck-y-marcel-wanders-transforman-al-paisaje-urbano-de-quito\/"]}]},{"@type":"ImageObject","inLanguage":"es","@id":"https:\/\/www.arquimaster.com.ar\/web\/bernardo-fort-brescia-laurinda-spear-philippe-starck-y-marcel-wanders-transforman-al-paisaje-urbano-de-quito\/#primaryimage","url":"https:\/\/www.arquimaster.com.ar\/web\/wp-content\/uploads\/2017\/03\/paisaje_urbano_quito_slide.jpg","contentUrl":"https:\/\/www.arquimaster.com.ar\/web\/wp-content\/uploads\/2017\/03\/paisaje_urbano_quito_slide.jpg","width":642,"height":336},{"@type":"BreadcrumbList","@id":"https:\/\/www.arquimaster.com.ar\/web\/bernardo-fort-brescia-laurinda-spear-philippe-starck-y-marcel-wanders-transforman-al-paisaje-urbano-de-quito\/#breadcrumb","itemListElement":[{"@type":"ListItem","position":1,"name":"Portada","item":"https:\/\/www.arquimaster.com.ar\/web\/"},{"@type":"ListItem","position":2,"name":"Bernardo Fort-Brescia, Laurinda Spear, Philippe Starck y Marcel Wanders transforman al paisaje urbano de Quito"}]},{"@type":"WebSite","@id":"https:\/\/www.arquimaster.com.ar\/web\/#website","url":"https:\/\/www.arquimaster.com.ar\/web\/","name":"Arquimaster","description":"Web de arquitectura, dise\u00f1o y construccion","publisher":{"@id":"https:\/\/www.arquimaster.com.ar\/web\/#organization"},"potentialAction":[{"@type":"SearchAction","target":{"@type":"EntryPoint","urlTemplate":"https:\/\/www.arquimaster.com.ar\/web\/?s={search_term_string}"},"query-input":{"@type":"PropertyValueSpecification","valueRequired":true,"valueName":"search_term_string"}}],"inLanguage":"es"},{"@type":"Organization","@id":"https:\/\/www.arquimaster.com.ar\/web\/#organization","name":"Arquimaster","url":"https:\/\/www.arquimaster.com.ar\/web\/","logo":{"@type":"ImageObject","inLanguage":"es","@id":"https:\/\/www.arquimaster.com.ar\/web\/#\/schema\/logo\/image\/","url":"https:\/\/www.arquimaster.com.ar\/web\/wp-content\/uploads\/2022\/06\/arquimaster.png","contentUrl":"https:\/\/www.arquimaster.com.ar\/web\/wp-content\/uploads\/2022\/06\/arquimaster.png","width":594,"height":78,"caption":"Arquimaster"},"image":{"@id":"https:\/\/www.arquimaster.com.ar\/web\/#\/schema\/logo\/image\/"},"sameAs":["http:\/\/www.facebook.com\/ARQUIMASTER.com.ar","https:\/\/x.com\/arquimaster","https:\/\/www.instagram.com\/arquimasterblog\/","https:\/\/www.linkedin.com\/company\/arquimaster","https:\/\/www.pinterest.com\/arquimaster","https:\/\/t.me\/arquimaster"]},{"@type":"Person","@id":"https:\/\/www.arquimaster.com.ar\/web\/#\/schema\/person\/359e9f7c00193fcde068e0dd2ceb0028","name":"Arquimaster"}]}},"uagb_featured_image_src":{"full":["https:\/\/www.arquimaster.com.ar\/web\/wp-content\/uploads\/2017\/03\/paisaje_urbano_quito_slide.jpg",642,336,false],"thumbnail":["https:\/\/www.arquimaster.com.ar\/web\/wp-content\/uploads\/2017\/03\/paisaje_urbano_quito_slide-150x150.jpg",150,150,true],"medium":["https:\/\/www.arquimaster.com.ar\/web\/wp-content\/uploads\/2017\/03\/paisaje_urbano_quito_slide.jpg",642,336,false],"medium_large":["https:\/\/www.arquimaster.com.ar\/web\/wp-content\/uploads\/2017\/03\/paisaje_urbano_quito_slide.jpg",642,336,false],"large":["https:\/\/www.arquimaster.com.ar\/web\/wp-content\/uploads\/2017\/03\/paisaje_urbano_quito_slide.jpg",642,336,false],"1536x1536":["https:\/\/www.arquimaster.com.ar\/web\/wp-content\/uploads\/2017\/03\/paisaje_urbano_quito_slide.jpg",642,336,false],"2048x2048":["https:\/\/www.arquimaster.com.ar\/web\/wp-content\/uploads\/2017\/03\/paisaje_urbano_quito_slide.jpg",642,336,false]},"uagb_author_info":{"display_name":"Arquimaster","author_link":"https:\/\/www.arquimaster.com.ar\/web\/author\/arquimaster\/"},"uagb_comment_info":0,"uagb_excerpt":"La ciudad se encuentra en pleno proceso de renovaci\u00f3n de su imagen urbana y arquitect\u00f3nica...","_links":{"self":[{"href":"https:\/\/www.arquimaster.com.ar\/web\/wp-json\/wp\/v2\/posts\/26108","targetHints":{"allow":["GET"]}}],"collection":[{"href":"https:\/\/www.arquimaster.com.ar\/web\/wp-json\/wp\/v2\/posts"}],"about":[{"href":"https:\/\/www.arquimaster.com.ar\/web\/wp-json\/wp\/v2\/types\/post"}],"author":[{"embeddable":true,"href":"https:\/\/www.arquimaster.com.ar\/web\/wp-json\/wp\/v2\/users\/1"}],"replies":[{"embeddable":true,"href":"https:\/\/www.arquimaster.com.ar\/web\/wp-json\/wp\/v2\/comments?post=26108"}],"version-history":[{"count":1,"href":"https:\/\/www.arquimaster.com.ar\/web\/wp-json\/wp\/v2\/posts\/26108\/revisions"}],"predecessor-version":[{"id":86236,"href":"https:\/\/www.arquimaster.com.ar\/web\/wp-json\/wp\/v2\/posts\/26108\/revisions\/86236"}],"wp:featuredmedia":[{"embeddable":true,"href":"https:\/\/www.arquimaster.com.ar\/web\/wp-json\/wp\/v2\/media\/26109"}],"wp:attachment":[{"href":"https:\/\/www.arquimaster.com.ar\/web\/wp-json\/wp\/v2\/media?parent=26108"}],"wp:term":[{"taxonomy":"category","embeddable":true,"href":"https:\/\/www.arquimaster.com.ar\/web\/wp-json\/wp\/v2\/categories?post=26108"},{"taxonomy":"post_tag","embeddable":true,"href":"https:\/\/www.arquimaster.com.ar\/web\/wp-json\/wp\/v2\/tags?post=26108"}],"curies":[{"name":"wp","href":"https:\/\/api.w.org\/{rel}","templated":true}]}}