{"id":26566,"date":"2017-05-05T00:54:18","date_gmt":"2017-05-05T00:54:18","guid":{"rendered":"http:\/\/www.arquimaster.com.ar\/web\/?p=26566"},"modified":"2017-05-08T01:10:55","modified_gmt":"2017-05-08T01:10:55","slug":"edificio-mz3268-estudio-cubero-rubio","status":"publish","type":"post","link":"https:\/\/www.arquimaster.com.ar\/web\/edificio-mz3268-estudio-cubero-rubio\/","title":{"rendered":"Edificio MZ3268 \/ Estudio Cubero Rubio"},"content":{"rendered":"<div style=\"margin-top: 0px; margin-bottom: 0px;\" class=\"sharethis-inline-share-buttons\" ><\/div><div class=\"b812932af2e751442846f039925109de\" data-index=\"1\" style=\"float: none; margin:25px 0 25px 0; text-align:center;\">\n<script async src=\"https:\/\/pagead2.googlesyndication.com\/pagead\/js\/adsbygoogle.js\"><\/script>\r\n<!-- Arquimaster (superior) -->\r\n<ins class=\"adsbygoogle\"\r\n     style=\"display:block\"\r\n     data-ad-client=\"ca-pub-6351072698456832\"\r\n     data-ad-slot=\"6455489680\"\r\n     data-ad-format=\"auto\"\r\n     data-full-width-responsive=\"true\"><\/ins>\r\n<script>\r\n     (adsbygoogle = window.adsbygoogle || []).push({});\r\n<\/script>\n<\/div>\n<p><strong>Edificio MZ3268<\/strong> (Ciudad de Buenos Aires, Argentina) por <strong>Estudio Cubero Rubio<\/strong>. Emplazado en el barrio de Belgrano R y rodeado de un paisaje urbano heterog\u00e9neo -producto de la diversidad de densidades, \u00e9pocas y normativas- la obra se adapta al entorno completando el frente de un lote de 12,5 metros de ancho por 50 metros de fondo. La relaci\u00f3n con la ciudad se fortalece al liberar la planta baja, dando continuidad a la vegetaci\u00f3n por debajo del edificio e incorporando a la atm\u00f3sfera caracter\u00edstica del barrio el verde del patio central y el centro libre de la manzana.<\/p>\n<div id='gallery-1' class='gallery galleryid-26566 gallery-columns-3 gallery-size-thumbnail'><figure class='gallery-item'>\n\t\t\t<div class='gallery-icon portrait'>\n\t\t\t\t<a href='https:\/\/www.arquimaster.com.ar\/web\/wp-content\/uploads\/2017\/05\/edificio_mz3268_1.jpg' title=\"Edificio MZ3268 \/ Estudio Cubero Rubio (\u00a9 Manuel Ciarlotti Bidinost)\" data-rl_title=\"Edificio MZ3268 \/ Estudio Cubero Rubio (\u00a9 Manuel Ciarlotti Bidinost)\" class=\"rl-gallery-link\" data-rl_caption=\"Edificio MZ3268 \/ Estudio Cubero Rubio (\u00a9 Manuel Ciarlotti Bidinost)\" data-rel=\"lightbox-gallery-1\"><img loading=\"lazy\" decoding=\"async\" width=\"150\" height=\"150\" src=\"https:\/\/www.arquimaster.com.ar\/web\/wp-content\/uploads\/2017\/05\/edificio_mz3268_1-150x150.jpg\" class=\"attachment-thumbnail size-thumbnail\" alt=\"\" aria-describedby=\"gallery-1-26568\" srcset=\"https:\/\/www.arquimaster.com.ar\/web\/wp-content\/uploads\/2017\/05\/edificio_mz3268_1-150x150.jpg 150w, https:\/\/www.arquimaster.com.ar\/web\/wp-content\/uploads\/2017\/05\/edificio_mz3268_1-50x50.jpg 50w, https:\/\/www.arquimaster.com.ar\/web\/wp-content\/uploads\/2017\/05\/edificio_mz3268_1-125x125.jpg 125w\" sizes=\"auto, (max-width: 150px) 100vw, 150px\" \/><\/a>\n\t\t\t<\/div>\n\t\t\t\t<figcaption class='wp-caption-text gallery-caption' id='gallery-1-26568'>\n\t\t\t\tEdificio MZ3268 \/ Estudio Cubero Rubio (\u00a9 Manuel Ciarlotti Bidinost)\n\t\t\t\t<\/figcaption><\/figure><figure class='gallery-item'>\n\t\t\t<div class='gallery-icon landscape'>\n\t\t\t\t<a href='https:\/\/www.arquimaster.com.ar\/web\/wp-content\/uploads\/2017\/05\/edificio_mz3268_2.jpg' title=\"Edificio MZ3268 \/ Estudio Cubero Rubio (\u00a9 Manuel Ciarlotti Bidinost)\" data-rl_title=\"Edificio MZ3268 \/ Estudio Cubero Rubio (\u00a9 Manuel Ciarlotti Bidinost)\" class=\"rl-gallery-link\" data-rl_caption=\"Edificio MZ3268 \/ Estudio Cubero Rubio (\u00a9 Manuel Ciarlotti Bidinost)\" data-rel=\"lightbox-gallery-1\"><img loading=\"lazy\" decoding=\"async\" width=\"150\" height=\"150\" src=\"https:\/\/www.arquimaster.com.ar\/web\/wp-content\/uploads\/2017\/05\/edificio_mz3268_2-150x150.jpg\" class=\"attachment-thumbnail size-thumbnail\" alt=\"\" aria-describedby=\"gallery-1-26569\" srcset=\"https:\/\/www.arquimaster.com.ar\/web\/wp-content\/uploads\/2017\/05\/edificio_mz3268_2-150x150.jpg 150w, https:\/\/www.arquimaster.com.ar\/web\/wp-content\/uploads\/2017\/05\/edificio_mz3268_2-50x50.jpg 50w, https:\/\/www.arquimaster.com.ar\/web\/wp-content\/uploads\/2017\/05\/edificio_mz3268_2-125x125.jpg 125w\" sizes=\"auto, (max-width: 150px) 100vw, 150px\" \/><\/a>\n\t\t\t<\/div>\n\t\t\t\t<figcaption class='wp-caption-text gallery-caption' id='gallery-1-26569'>\n\t\t\t\tEdificio MZ3268 \/ Estudio Cubero Rubio (\u00a9 Manuel Ciarlotti Bidinost)\n\t\t\t\t<\/figcaption><\/figure><figure class='gallery-item'>\n\t\t\t<div class='gallery-icon landscape'>\n\t\t\t\t<a href='https:\/\/www.arquimaster.com.ar\/web\/wp-content\/uploads\/2017\/05\/edificio_mz3268_3.jpg' title=\"Edificio MZ3268 \/ Estudio Cubero Rubio (\u00a9 Manuel Ciarlotti Bidinost)\" data-rl_title=\"Edificio MZ3268 \/ Estudio Cubero Rubio (\u00a9 Manuel Ciarlotti Bidinost)\" class=\"rl-gallery-link\" data-rl_caption=\"Edificio MZ3268 \/ Estudio Cubero Rubio (\u00a9 Manuel Ciarlotti Bidinost)\" data-rel=\"lightbox-gallery-1\"><img loading=\"lazy\" decoding=\"async\" width=\"150\" height=\"150\" src=\"https:\/\/www.arquimaster.com.ar\/web\/wp-content\/uploads\/2017\/05\/edificio_mz3268_3-150x150.jpg\" class=\"attachment-thumbnail size-thumbnail\" alt=\"\" aria-describedby=\"gallery-1-26570\" srcset=\"https:\/\/www.arquimaster.com.ar\/web\/wp-content\/uploads\/2017\/05\/edificio_mz3268_3-150x150.jpg 150w, https:\/\/www.arquimaster.com.ar\/web\/wp-content\/uploads\/2017\/05\/edificio_mz3268_3-50x50.jpg 50w, https:\/\/www.arquimaster.com.ar\/web\/wp-content\/uploads\/2017\/05\/edificio_mz3268_3-125x125.jpg 125w\" sizes=\"auto, (max-width: 150px) 100vw, 150px\" \/><\/a>\n\t\t\t<\/div>\n\t\t\t\t<figcaption class='wp-caption-text gallery-caption' id='gallery-1-26570'>\n\t\t\t\tEdificio MZ3268 \/ Estudio Cubero Rubio (\u00a9 Manuel Ciarlotti Bidinost)\n\t\t\t\t<\/figcaption><\/figure><figure class='gallery-item'>\n\t\t\t<div class='gallery-icon landscape'>\n\t\t\t\t<a href='https:\/\/www.arquimaster.com.ar\/web\/wp-content\/uploads\/2017\/05\/edificio_mz3268_4.jpg' title=\"Edificio MZ3268 \/ Estudio Cubero Rubio (\u00a9 Manuel Ciarlotti Bidinost)\" data-rl_title=\"Edificio MZ3268 \/ Estudio Cubero Rubio (\u00a9 Manuel Ciarlotti Bidinost)\" class=\"rl-gallery-link\" data-rl_caption=\"Edificio MZ3268 \/ Estudio Cubero Rubio (\u00a9 Manuel Ciarlotti Bidinost)\" data-rel=\"lightbox-gallery-1\"><img loading=\"lazy\" decoding=\"async\" width=\"150\" height=\"150\" src=\"https:\/\/www.arquimaster.com.ar\/web\/wp-content\/uploads\/2017\/05\/edificio_mz3268_4-150x150.jpg\" class=\"attachment-thumbnail size-thumbnail\" alt=\"\" aria-describedby=\"gallery-1-26571\" srcset=\"https:\/\/www.arquimaster.com.ar\/web\/wp-content\/uploads\/2017\/05\/edificio_mz3268_4-150x150.jpg 150w, https:\/\/www.arquimaster.com.ar\/web\/wp-content\/uploads\/2017\/05\/edificio_mz3268_4-50x50.jpg 50w, https:\/\/www.arquimaster.com.ar\/web\/wp-content\/uploads\/2017\/05\/edificio_mz3268_4-125x125.jpg 125w\" sizes=\"auto, (max-width: 150px) 100vw, 150px\" \/><\/a>\n\t\t\t<\/div>\n\t\t\t\t<figcaption class='wp-caption-text gallery-caption' id='gallery-1-26571'>\n\t\t\t\tEdificio MZ3268 \/ Estudio Cubero Rubio (\u00a9 Manuel Ciarlotti Bidinost)\n\t\t\t\t<\/figcaption><\/figure><figure class='gallery-item'>\n\t\t\t<div class='gallery-icon portrait'>\n\t\t\t\t<a href='https:\/\/www.arquimaster.com.ar\/web\/wp-content\/uploads\/2017\/05\/edificio_mz3268_5.jpg' title=\"Edificio MZ3268 \/ Estudio Cubero Rubio (\u00a9 Manuel Ciarlotti Bidinost)\" data-rl_title=\"Edificio MZ3268 \/ Estudio Cubero Rubio (\u00a9 Manuel Ciarlotti Bidinost)\" class=\"rl-gallery-link\" data-rl_caption=\"Edificio MZ3268 \/ Estudio Cubero Rubio (\u00a9 Manuel Ciarlotti Bidinost)\" data-rel=\"lightbox-gallery-1\"><img loading=\"lazy\" decoding=\"async\" width=\"150\" height=\"150\" src=\"https:\/\/www.arquimaster.com.ar\/web\/wp-content\/uploads\/2017\/05\/edificio_mz3268_5-150x150.jpg\" class=\"attachment-thumbnail size-thumbnail\" alt=\"\" aria-describedby=\"gallery-1-26572\" srcset=\"https:\/\/www.arquimaster.com.ar\/web\/wp-content\/uploads\/2017\/05\/edificio_mz3268_5-150x150.jpg 150w, https:\/\/www.arquimaster.com.ar\/web\/wp-content\/uploads\/2017\/05\/edificio_mz3268_5-50x50.jpg 50w, https:\/\/www.arquimaster.com.ar\/web\/wp-content\/uploads\/2017\/05\/edificio_mz3268_5-125x125.jpg 125w\" sizes=\"auto, (max-width: 150px) 100vw, 150px\" \/><\/a>\n\t\t\t<\/div>\n\t\t\t\t<figcaption class='wp-caption-text gallery-caption' id='gallery-1-26572'>\n\t\t\t\tEdificio MZ3268 \/ Estudio Cubero Rubio (\u00a9 Manuel Ciarlotti Bidinost)\n\t\t\t\t<\/figcaption><\/figure><figure class='gallery-item'>\n\t\t\t<div class='gallery-icon landscape'>\n\t\t\t\t<a href='https:\/\/www.arquimaster.com.ar\/web\/wp-content\/uploads\/2017\/05\/edificio_mz3268_6.jpg' title=\"Edificio MZ3268 \/ Estudio Cubero Rubio (\u00a9 Manuel Ciarlotti Bidinost)\" data-rl_title=\"Edificio MZ3268 \/ Estudio Cubero Rubio (\u00a9 Manuel Ciarlotti Bidinost)\" class=\"rl-gallery-link\" data-rl_caption=\"Edificio MZ3268 \/ Estudio Cubero Rubio (\u00a9 Manuel Ciarlotti Bidinost)\" data-rel=\"lightbox-gallery-1\"><img loading=\"lazy\" decoding=\"async\" width=\"150\" height=\"150\" src=\"https:\/\/www.arquimaster.com.ar\/web\/wp-content\/uploads\/2017\/05\/edificio_mz3268_6-150x150.jpg\" class=\"attachment-thumbnail size-thumbnail\" alt=\"\" aria-describedby=\"gallery-1-26573\" srcset=\"https:\/\/www.arquimaster.com.ar\/web\/wp-content\/uploads\/2017\/05\/edificio_mz3268_6-150x150.jpg 150w, https:\/\/www.arquimaster.com.ar\/web\/wp-content\/uploads\/2017\/05\/edificio_mz3268_6-50x50.jpg 50w, https:\/\/www.arquimaster.com.ar\/web\/wp-content\/uploads\/2017\/05\/edificio_mz3268_6-125x125.jpg 125w\" sizes=\"auto, (max-width: 150px) 100vw, 150px\" \/><\/a>\n\t\t\t<\/div>\n\t\t\t\t<figcaption class='wp-caption-text gallery-caption' id='gallery-1-26573'>\n\t\t\t\tEdificio MZ3268 \/ Estudio Cubero Rubio (\u00a9 Manuel Ciarlotti Bidinost)\n\t\t\t\t<\/figcaption><\/figure><figure class='gallery-item'>\n\t\t\t<div class='gallery-icon landscape'>\n\t\t\t\t<a href='https:\/\/www.arquimaster.com.ar\/web\/wp-content\/uploads\/2017\/05\/edificio_mz3268_7.jpg' title=\"Edificio MZ3268 \/ Estudio Cubero Rubio (\u00a9 Manuel Ciarlotti Bidinost)\" data-rl_title=\"Edificio MZ3268 \/ Estudio Cubero Rubio (\u00a9 Manuel Ciarlotti Bidinost)\" class=\"rl-gallery-link\" data-rl_caption=\"Edificio MZ3268 \/ Estudio Cubero Rubio (\u00a9 Manuel Ciarlotti Bidinost)\" data-rel=\"lightbox-gallery-1\"><img loading=\"lazy\" decoding=\"async\" width=\"150\" height=\"150\" src=\"https:\/\/www.arquimaster.com.ar\/web\/wp-content\/uploads\/2017\/05\/edificio_mz3268_7-150x150.jpg\" class=\"attachment-thumbnail size-thumbnail\" alt=\"\" aria-describedby=\"gallery-1-26574\" srcset=\"https:\/\/www.arquimaster.com.ar\/web\/wp-content\/uploads\/2017\/05\/edificio_mz3268_7-150x150.jpg 150w, https:\/\/www.arquimaster.com.ar\/web\/wp-content\/uploads\/2017\/05\/edificio_mz3268_7-50x50.jpg 50w, https:\/\/www.arquimaster.com.ar\/web\/wp-content\/uploads\/2017\/05\/edificio_mz3268_7-125x125.jpg 125w\" sizes=\"auto, (max-width: 150px) 100vw, 150px\" \/><\/a>\n\t\t\t<\/div>\n\t\t\t\t<figcaption class='wp-caption-text gallery-caption' id='gallery-1-26574'>\n\t\t\t\tEdificio MZ3268 \/ Estudio Cubero Rubio (\u00a9 Manuel Ciarlotti Bidinost)\n\t\t\t\t<\/figcaption><\/figure><figure class='gallery-item'>\n\t\t\t<div class='gallery-icon portrait'>\n\t\t\t\t<a href='https:\/\/www.arquimaster.com.ar\/web\/wp-content\/uploads\/2017\/05\/edificio_mz3268_8.jpg' title=\"Edificio MZ3268 \/ Estudio Cubero Rubio (\u00a9 Manuel Ciarlotti Bidinost)\" data-rl_title=\"Edificio MZ3268 \/ Estudio Cubero Rubio (\u00a9 Manuel Ciarlotti Bidinost)\" class=\"rl-gallery-link\" data-rl_caption=\"Edificio MZ3268 \/ Estudio Cubero Rubio (\u00a9 Manuel Ciarlotti Bidinost)\" data-rel=\"lightbox-gallery-1\"><img loading=\"lazy\" decoding=\"async\" width=\"150\" height=\"150\" src=\"https:\/\/www.arquimaster.com.ar\/web\/wp-content\/uploads\/2017\/05\/edificio_mz3268_8-150x150.jpg\" class=\"attachment-thumbnail size-thumbnail\" alt=\"\" aria-describedby=\"gallery-1-26575\" srcset=\"https:\/\/www.arquimaster.com.ar\/web\/wp-content\/uploads\/2017\/05\/edificio_mz3268_8-150x150.jpg 150w, https:\/\/www.arquimaster.com.ar\/web\/wp-content\/uploads\/2017\/05\/edificio_mz3268_8-50x50.jpg 50w, https:\/\/www.arquimaster.com.ar\/web\/wp-content\/uploads\/2017\/05\/edificio_mz3268_8-125x125.jpg 125w\" sizes=\"auto, (max-width: 150px) 100vw, 150px\" \/><\/a>\n\t\t\t<\/div>\n\t\t\t\t<figcaption class='wp-caption-text gallery-caption' id='gallery-1-26575'>\n\t\t\t\tEdificio MZ3268 \/ Estudio Cubero Rubio (\u00a9 Manuel Ciarlotti Bidinost)\n\t\t\t\t<\/figcaption><\/figure><figure class='gallery-item'>\n\t\t\t<div class='gallery-icon portrait'>\n\t\t\t\t<a href='https:\/\/www.arquimaster.com.ar\/web\/wp-content\/uploads\/2017\/05\/edificio_mz3268_9.jpg' title=\"Edificio MZ3268 \/ Estudio Cubero Rubio (\u00a9 Manuel Ciarlotti Bidinost)\" data-rl_title=\"Edificio MZ3268 \/ Estudio Cubero Rubio (\u00a9 Manuel Ciarlotti Bidinost)\" class=\"rl-gallery-link\" data-rl_caption=\"Edificio MZ3268 \/ Estudio Cubero Rubio (\u00a9 Manuel Ciarlotti Bidinost)\" data-rel=\"lightbox-gallery-1\"><img loading=\"lazy\" decoding=\"async\" width=\"150\" height=\"150\" src=\"https:\/\/www.arquimaster.com.ar\/web\/wp-content\/uploads\/2017\/05\/edificio_mz3268_9-150x150.jpg\" class=\"attachment-thumbnail size-thumbnail\" alt=\"\" aria-describedby=\"gallery-1-26576\" srcset=\"https:\/\/www.arquimaster.com.ar\/web\/wp-content\/uploads\/2017\/05\/edificio_mz3268_9-150x150.jpg 150w, https:\/\/www.arquimaster.com.ar\/web\/wp-content\/uploads\/2017\/05\/edificio_mz3268_9-50x50.jpg 50w, https:\/\/www.arquimaster.com.ar\/web\/wp-content\/uploads\/2017\/05\/edificio_mz3268_9-125x125.jpg 125w\" sizes=\"auto, (max-width: 150px) 100vw, 150px\" \/><\/a>\n\t\t\t<\/div>\n\t\t\t\t<figcaption class='wp-caption-text gallery-caption' id='gallery-1-26576'>\n\t\t\t\tEdificio MZ3268 \/ Estudio Cubero Rubio (\u00a9 Manuel Ciarlotti Bidinost)\n\t\t\t\t<\/figcaption><\/figure><figure class='gallery-item'>\n\t\t\t<div class='gallery-icon landscape'>\n\t\t\t\t<a href='https:\/\/www.arquimaster.com.ar\/web\/wp-content\/uploads\/2017\/05\/edificio_mz3268_10.jpg' title=\"Edificio MZ3268 \/ Estudio Cubero Rubio (\u00a9 Manuel Ciarlotti Bidinost)\" data-rl_title=\"Edificio MZ3268 \/ Estudio Cubero Rubio (\u00a9 Manuel Ciarlotti Bidinost)\" class=\"rl-gallery-link\" data-rl_caption=\"Edificio MZ3268 \/ Estudio Cubero Rubio (\u00a9 Manuel Ciarlotti Bidinost)\" data-rel=\"lightbox-gallery-1\"><img loading=\"lazy\" decoding=\"async\" width=\"150\" height=\"150\" src=\"https:\/\/www.arquimaster.com.ar\/web\/wp-content\/uploads\/2017\/05\/edificio_mz3268_10-150x150.jpg\" class=\"attachment-thumbnail size-thumbnail\" alt=\"\" aria-describedby=\"gallery-1-26577\" srcset=\"https:\/\/www.arquimaster.com.ar\/web\/wp-content\/uploads\/2017\/05\/edificio_mz3268_10-150x150.jpg 150w, https:\/\/www.arquimaster.com.ar\/web\/wp-content\/uploads\/2017\/05\/edificio_mz3268_10-50x50.jpg 50w, https:\/\/www.arquimaster.com.ar\/web\/wp-content\/uploads\/2017\/05\/edificio_mz3268_10-125x125.jpg 125w\" sizes=\"auto, (max-width: 150px) 100vw, 150px\" \/><\/a>\n\t\t\t<\/div>\n\t\t\t\t<figcaption class='wp-caption-text gallery-caption' id='gallery-1-26577'>\n\t\t\t\tEdificio MZ3268 \/ Estudio Cubero Rubio (\u00a9 Manuel Ciarlotti Bidinost)\n\t\t\t\t<\/figcaption><\/figure><figure class='gallery-item'>\n\t\t\t<div class='gallery-icon landscape'>\n\t\t\t\t<a href='https:\/\/www.arquimaster.com.ar\/web\/wp-content\/uploads\/2017\/05\/edificio_mz3268_11.jpg' title=\"Edificio MZ3268 \/ Estudio Cubero Rubio (\u00a9 Manuel Ciarlotti Bidinost)\" data-rl_title=\"Edificio MZ3268 \/ Estudio Cubero Rubio (\u00a9 Manuel Ciarlotti Bidinost)\" class=\"rl-gallery-link\" data-rl_caption=\"Edificio MZ3268 \/ Estudio Cubero Rubio (\u00a9 Manuel Ciarlotti Bidinost)\" data-rel=\"lightbox-gallery-1\"><img loading=\"lazy\" decoding=\"async\" width=\"150\" height=\"150\" src=\"https:\/\/www.arquimaster.com.ar\/web\/wp-content\/uploads\/2017\/05\/edificio_mz3268_11-150x150.jpg\" class=\"attachment-thumbnail size-thumbnail\" alt=\"\" aria-describedby=\"gallery-1-26578\" srcset=\"https:\/\/www.arquimaster.com.ar\/web\/wp-content\/uploads\/2017\/05\/edificio_mz3268_11-150x150.jpg 150w, https:\/\/www.arquimaster.com.ar\/web\/wp-content\/uploads\/2017\/05\/edificio_mz3268_11-50x50.jpg 50w, https:\/\/www.arquimaster.com.ar\/web\/wp-content\/uploads\/2017\/05\/edificio_mz3268_11-125x125.jpg 125w\" sizes=\"auto, (max-width: 150px) 100vw, 150px\" \/><\/a>\n\t\t\t<\/div>\n\t\t\t\t<figcaption class='wp-caption-text gallery-caption' id='gallery-1-26578'>\n\t\t\t\tEdificio MZ3268 \/ Estudio Cubero Rubio (\u00a9 Manuel Ciarlotti Bidinost)\n\t\t\t\t<\/figcaption><\/figure><figure class='gallery-item'>\n\t\t\t<div class='gallery-icon portrait'>\n\t\t\t\t<a href='https:\/\/www.arquimaster.com.ar\/web\/wp-content\/uploads\/2017\/05\/edificio_mz3268_12.jpg' title=\"Edificio MZ3268 \/ Estudio Cubero Rubio (\u00a9 Manuel Ciarlotti Bidinost)\" data-rl_title=\"Edificio MZ3268 \/ Estudio Cubero Rubio (\u00a9 Manuel Ciarlotti Bidinost)\" class=\"rl-gallery-link\" data-rl_caption=\"Edificio MZ3268 \/ Estudio Cubero Rubio (\u00a9 Manuel Ciarlotti Bidinost)\" data-rel=\"lightbox-gallery-1\"><img loading=\"lazy\" decoding=\"async\" width=\"150\" height=\"150\" src=\"https:\/\/www.arquimaster.com.ar\/web\/wp-content\/uploads\/2017\/05\/edificio_mz3268_12-150x150.jpg\" class=\"attachment-thumbnail size-thumbnail\" alt=\"\" aria-describedby=\"gallery-1-26579\" srcset=\"https:\/\/www.arquimaster.com.ar\/web\/wp-content\/uploads\/2017\/05\/edificio_mz3268_12-150x150.jpg 150w, https:\/\/www.arquimaster.com.ar\/web\/wp-content\/uploads\/2017\/05\/edificio_mz3268_12-50x50.jpg 50w, https:\/\/www.arquimaster.com.ar\/web\/wp-content\/uploads\/2017\/05\/edificio_mz3268_12-125x125.jpg 125w\" sizes=\"auto, (max-width: 150px) 100vw, 150px\" \/><\/a>\n\t\t\t<\/div>\n\t\t\t\t<figcaption class='wp-caption-text gallery-caption' id='gallery-1-26579'>\n\t\t\t\tEdificio MZ3268 \/ Estudio Cubero Rubio (\u00a9 Manuel Ciarlotti Bidinost)\n\t\t\t\t<\/figcaption><\/figure><figure class='gallery-item'>\n\t\t\t<div class='gallery-icon portrait'>\n\t\t\t\t<a href='https:\/\/www.arquimaster.com.ar\/web\/wp-content\/uploads\/2017\/05\/edificio_mz3268_13.jpg' title=\"Edificio MZ3268 \/ Estudio Cubero Rubio (\u00a9 Manuel Ciarlotti Bidinost)\" data-rl_title=\"Edificio MZ3268 \/ Estudio Cubero Rubio (\u00a9 Manuel Ciarlotti Bidinost)\" class=\"rl-gallery-link\" data-rl_caption=\"Edificio MZ3268 \/ Estudio Cubero Rubio (\u00a9 Manuel Ciarlotti Bidinost)\" data-rel=\"lightbox-gallery-1\"><img loading=\"lazy\" decoding=\"async\" width=\"150\" height=\"150\" src=\"https:\/\/www.arquimaster.com.ar\/web\/wp-content\/uploads\/2017\/05\/edificio_mz3268_13-150x150.jpg\" class=\"attachment-thumbnail size-thumbnail\" alt=\"\" aria-describedby=\"gallery-1-26580\" srcset=\"https:\/\/www.arquimaster.com.ar\/web\/wp-content\/uploads\/2017\/05\/edificio_mz3268_13-150x150.jpg 150w, https:\/\/www.arquimaster.com.ar\/web\/wp-content\/uploads\/2017\/05\/edificio_mz3268_13-50x50.jpg 50w, https:\/\/www.arquimaster.com.ar\/web\/wp-content\/uploads\/2017\/05\/edificio_mz3268_13-125x125.jpg 125w\" sizes=\"auto, (max-width: 150px) 100vw, 150px\" \/><\/a>\n\t\t\t<\/div>\n\t\t\t\t<figcaption class='wp-caption-text gallery-caption' id='gallery-1-26580'>\n\t\t\t\tEdificio MZ3268 \/ Estudio Cubero Rubio (\u00a9 Manuel Ciarlotti Bidinost)\n\t\t\t\t<\/figcaption><\/figure><figure class='gallery-item'>\n\t\t\t<div class='gallery-icon portrait'>\n\t\t\t\t<a href='https:\/\/www.arquimaster.com.ar\/web\/wp-content\/uploads\/2017\/05\/edificio_mz3268_14.jpg' title=\"Edificio MZ3268 \/ Estudio Cubero Rubio (\u00a9 Manuel Ciarlotti Bidinost)\" data-rl_title=\"Edificio MZ3268 \/ Estudio Cubero Rubio (\u00a9 Manuel Ciarlotti Bidinost)\" class=\"rl-gallery-link\" data-rl_caption=\"Edificio MZ3268 \/ Estudio Cubero Rubio (\u00a9 Manuel Ciarlotti Bidinost)\" data-rel=\"lightbox-gallery-1\"><img loading=\"lazy\" decoding=\"async\" width=\"150\" height=\"150\" src=\"https:\/\/www.arquimaster.com.ar\/web\/wp-content\/uploads\/2017\/05\/edificio_mz3268_14-150x150.jpg\" class=\"attachment-thumbnail size-thumbnail\" alt=\"\" aria-describedby=\"gallery-1-26581\" srcset=\"https:\/\/www.arquimaster.com.ar\/web\/wp-content\/uploads\/2017\/05\/edificio_mz3268_14-150x150.jpg 150w, https:\/\/www.arquimaster.com.ar\/web\/wp-content\/uploads\/2017\/05\/edificio_mz3268_14-50x50.jpg 50w, https:\/\/www.arquimaster.com.ar\/web\/wp-content\/uploads\/2017\/05\/edificio_mz3268_14-125x125.jpg 125w\" sizes=\"auto, (max-width: 150px) 100vw, 150px\" \/><\/a>\n\t\t\t<\/div>\n\t\t\t\t<figcaption class='wp-caption-text gallery-caption' id='gallery-1-26581'>\n\t\t\t\tEdificio MZ3268 \/ Estudio Cubero Rubio (\u00a9 Manuel Ciarlotti Bidinost)\n\t\t\t\t<\/figcaption><\/figure><figure class='gallery-item'>\n\t\t\t<div class='gallery-icon landscape'>\n\t\t\t\t<a href='https:\/\/www.arquimaster.com.ar\/web\/wp-content\/uploads\/2017\/05\/edificio_mz3268_15.jpg' title=\"Edificio MZ3268 \/ Estudio Cubero Rubio (\u00a9 Manuel Ciarlotti Bidinost)\" data-rl_title=\"Edificio MZ3268 \/ Estudio Cubero Rubio (\u00a9 Manuel Ciarlotti Bidinost)\" class=\"rl-gallery-link\" data-rl_caption=\"Edificio MZ3268 \/ Estudio Cubero Rubio (\u00a9 Manuel Ciarlotti Bidinost)\" data-rel=\"lightbox-gallery-1\"><img loading=\"lazy\" decoding=\"async\" width=\"150\" height=\"150\" src=\"https:\/\/www.arquimaster.com.ar\/web\/wp-content\/uploads\/2017\/05\/edificio_mz3268_15-150x150.jpg\" class=\"attachment-thumbnail size-thumbnail\" alt=\"\" aria-describedby=\"gallery-1-26582\" srcset=\"https:\/\/www.arquimaster.com.ar\/web\/wp-content\/uploads\/2017\/05\/edificio_mz3268_15-150x150.jpg 150w, https:\/\/www.arquimaster.com.ar\/web\/wp-content\/uploads\/2017\/05\/edificio_mz3268_15-50x50.jpg 50w, https:\/\/www.arquimaster.com.ar\/web\/wp-content\/uploads\/2017\/05\/edificio_mz3268_15-125x125.jpg 125w\" sizes=\"auto, (max-width: 150px) 100vw, 150px\" \/><\/a>\n\t\t\t<\/div>\n\t\t\t\t<figcaption class='wp-caption-text gallery-caption' id='gallery-1-26582'>\n\t\t\t\tEdificio MZ3268 \/ Estudio Cubero Rubio (\u00a9 Manuel Ciarlotti Bidinost)\n\t\t\t\t<\/figcaption><\/figure><figure class='gallery-item'>\n\t\t\t<div class='gallery-icon landscape'>\n\t\t\t\t<a href='https:\/\/www.arquimaster.com.ar\/web\/wp-content\/uploads\/2017\/05\/edificio_mz3268_16.jpg' title=\"Edificio MZ3268 \/ Estudio Cubero Rubio (\u00a9 Manuel Ciarlotti Bidinost)\" data-rl_title=\"Edificio MZ3268 \/ Estudio Cubero Rubio (\u00a9 Manuel Ciarlotti Bidinost)\" class=\"rl-gallery-link\" data-rl_caption=\"Edificio MZ3268 \/ Estudio Cubero Rubio (\u00a9 Manuel Ciarlotti Bidinost)\" data-rel=\"lightbox-gallery-1\"><img loading=\"lazy\" decoding=\"async\" width=\"150\" height=\"150\" src=\"https:\/\/www.arquimaster.com.ar\/web\/wp-content\/uploads\/2017\/05\/edificio_mz3268_16-150x150.jpg\" class=\"attachment-thumbnail size-thumbnail\" alt=\"\" aria-describedby=\"gallery-1-26583\" srcset=\"https:\/\/www.arquimaster.com.ar\/web\/wp-content\/uploads\/2017\/05\/edificio_mz3268_16-150x150.jpg 150w, https:\/\/www.arquimaster.com.ar\/web\/wp-content\/uploads\/2017\/05\/edificio_mz3268_16-50x50.jpg 50w, https:\/\/www.arquimaster.com.ar\/web\/wp-content\/uploads\/2017\/05\/edificio_mz3268_16-125x125.jpg 125w\" sizes=\"auto, (max-width: 150px) 100vw, 150px\" \/><\/a>\n\t\t\t<\/div>\n\t\t\t\t<figcaption class='wp-caption-text gallery-caption' id='gallery-1-26583'>\n\t\t\t\tEdificio MZ3268 \/ Estudio Cubero Rubio (\u00a9 Manuel Ciarlotti Bidinost)\n\t\t\t\t<\/figcaption><\/figure><figure class='gallery-item'>\n\t\t\t<div class='gallery-icon portrait'>\n\t\t\t\t<a href='https:\/\/www.arquimaster.com.ar\/web\/wp-content\/uploads\/2017\/05\/edificio_mz3268_17.jpg' title=\"Edificio MZ3268 \/ Estudio Cubero Rubio (\u00a9 Manuel Ciarlotti Bidinost)\" data-rl_title=\"Edificio MZ3268 \/ Estudio Cubero Rubio (\u00a9 Manuel Ciarlotti Bidinost)\" class=\"rl-gallery-link\" data-rl_caption=\"Edificio MZ3268 \/ Estudio Cubero Rubio (\u00a9 Manuel Ciarlotti Bidinost)\" data-rel=\"lightbox-gallery-1\"><img loading=\"lazy\" decoding=\"async\" width=\"150\" height=\"150\" src=\"https:\/\/www.arquimaster.com.ar\/web\/wp-content\/uploads\/2017\/05\/edificio_mz3268_17-150x150.jpg\" class=\"attachment-thumbnail size-thumbnail\" alt=\"\" aria-describedby=\"gallery-1-26584\" srcset=\"https:\/\/www.arquimaster.com.ar\/web\/wp-content\/uploads\/2017\/05\/edificio_mz3268_17-150x150.jpg 150w, https:\/\/www.arquimaster.com.ar\/web\/wp-content\/uploads\/2017\/05\/edificio_mz3268_17-50x50.jpg 50w, https:\/\/www.arquimaster.com.ar\/web\/wp-content\/uploads\/2017\/05\/edificio_mz3268_17-125x125.jpg 125w\" sizes=\"auto, (max-width: 150px) 100vw, 150px\" \/><\/a>\n\t\t\t<\/div>\n\t\t\t\t<figcaption class='wp-caption-text gallery-caption' id='gallery-1-26584'>\n\t\t\t\tEdificio MZ3268 \/ Estudio Cubero Rubio (\u00a9 Manuel Ciarlotti Bidinost)\n\t\t\t\t<\/figcaption><\/figure><figure class='gallery-item'>\n\t\t\t<div class='gallery-icon portrait'>\n\t\t\t\t<a href='https:\/\/www.arquimaster.com.ar\/web\/wp-content\/uploads\/2017\/05\/edificio_mz3268_18.jpg' title=\"Edificio MZ3268 \/ Estudio Cubero Rubio (planta baja)\" data-rl_title=\"Edificio MZ3268 \/ Estudio Cubero Rubio (planta baja)\" class=\"rl-gallery-link\" data-rl_caption=\"Edificio MZ3268 \/ Estudio Cubero Rubio (planta baja)\" data-rel=\"lightbox-gallery-1\"><img loading=\"lazy\" decoding=\"async\" width=\"150\" height=\"150\" src=\"https:\/\/www.arquimaster.com.ar\/web\/wp-content\/uploads\/2017\/05\/edificio_mz3268_18-150x150.jpg\" class=\"attachment-thumbnail size-thumbnail\" alt=\"\" aria-describedby=\"gallery-1-26585\" srcset=\"https:\/\/www.arquimaster.com.ar\/web\/wp-content\/uploads\/2017\/05\/edificio_mz3268_18-150x150.jpg 150w, https:\/\/www.arquimaster.com.ar\/web\/wp-content\/uploads\/2017\/05\/edificio_mz3268_18-50x50.jpg 50w, https:\/\/www.arquimaster.com.ar\/web\/wp-content\/uploads\/2017\/05\/edificio_mz3268_18-125x125.jpg 125w\" sizes=\"auto, (max-width: 150px) 100vw, 150px\" \/><\/a>\n\t\t\t<\/div>\n\t\t\t\t<figcaption class='wp-caption-text gallery-caption' id='gallery-1-26585'>\n\t\t\t\tEdificio MZ3268 \/ Estudio Cubero Rubio (planta baja)\n\t\t\t\t<\/figcaption><\/figure><figure class='gallery-item'>\n\t\t\t<div class='gallery-icon portrait'>\n\t\t\t\t<a href='https:\/\/www.arquimaster.com.ar\/web\/wp-content\/uploads\/2017\/05\/edificio_mz3268_19.jpg' title=\"Edificio MZ3268 \/ Estudio Cubero Rubio (planta 1\u00ba piso)\" data-rl_title=\"Edificio MZ3268 \/ Estudio Cubero Rubio (planta 1\u00ba piso)\" class=\"rl-gallery-link\" data-rl_caption=\"Edificio MZ3268 \/ Estudio Cubero Rubio (planta 1\u00ba piso)\" data-rel=\"lightbox-gallery-1\"><img loading=\"lazy\" decoding=\"async\" width=\"150\" height=\"150\" src=\"https:\/\/www.arquimaster.com.ar\/web\/wp-content\/uploads\/2017\/05\/edificio_mz3268_19-150x150.jpg\" class=\"attachment-thumbnail size-thumbnail\" alt=\"\" aria-describedby=\"gallery-1-26586\" srcset=\"https:\/\/www.arquimaster.com.ar\/web\/wp-content\/uploads\/2017\/05\/edificio_mz3268_19-150x150.jpg 150w, https:\/\/www.arquimaster.com.ar\/web\/wp-content\/uploads\/2017\/05\/edificio_mz3268_19-50x50.jpg 50w, https:\/\/www.arquimaster.com.ar\/web\/wp-content\/uploads\/2017\/05\/edificio_mz3268_19-125x125.jpg 125w\" sizes=\"auto, (max-width: 150px) 100vw, 150px\" \/><\/a>\n\t\t\t<\/div>\n\t\t\t\t<figcaption class='wp-caption-text gallery-caption' id='gallery-1-26586'>\n\t\t\t\tEdificio MZ3268 \/ Estudio Cubero Rubio (planta 1\u00ba piso)\n\t\t\t\t<\/figcaption><\/figure><figure class='gallery-item'>\n\t\t\t<div class='gallery-icon portrait'>\n\t\t\t\t<a href='https:\/\/www.arquimaster.com.ar\/web\/wp-content\/uploads\/2017\/05\/edificio_mz3268_20.jpg' title=\"Edificio MZ3268 \/ Estudio Cubero Rubio (planta 2\u00ba piso)\" data-rl_title=\"Edificio MZ3268 \/ Estudio Cubero Rubio (planta 2\u00ba piso)\" class=\"rl-gallery-link\" data-rl_caption=\"Edificio MZ3268 \/ Estudio Cubero Rubio (planta 2\u00ba piso)\" data-rel=\"lightbox-gallery-1\"><img loading=\"lazy\" decoding=\"async\" width=\"150\" height=\"150\" src=\"https:\/\/www.arquimaster.com.ar\/web\/wp-content\/uploads\/2017\/05\/edificio_mz3268_20-150x150.jpg\" class=\"attachment-thumbnail size-thumbnail\" alt=\"\" aria-describedby=\"gallery-1-26587\" srcset=\"https:\/\/www.arquimaster.com.ar\/web\/wp-content\/uploads\/2017\/05\/edificio_mz3268_20-150x150.jpg 150w, https:\/\/www.arquimaster.com.ar\/web\/wp-content\/uploads\/2017\/05\/edificio_mz3268_20-50x50.jpg 50w, https:\/\/www.arquimaster.com.ar\/web\/wp-content\/uploads\/2017\/05\/edificio_mz3268_20-125x125.jpg 125w\" sizes=\"auto, (max-width: 150px) 100vw, 150px\" \/><\/a>\n\t\t\t<\/div>\n\t\t\t\t<figcaption class='wp-caption-text gallery-caption' id='gallery-1-26587'>\n\t\t\t\tEdificio MZ3268 \/ Estudio Cubero Rubio (planta 2\u00ba piso)\n\t\t\t\t<\/figcaption><\/figure><figure class='gallery-item'>\n\t\t\t<div class='gallery-icon portrait'>\n\t\t\t\t<a href='https:\/\/www.arquimaster.com.ar\/web\/wp-content\/uploads\/2017\/05\/edificio_mz3268_21.jpg' title=\"Edificio MZ3268 \/ Estudio Cubero Rubio (planta 3\u00ba piso)\" data-rl_title=\"Edificio MZ3268 \/ Estudio Cubero Rubio (planta 3\u00ba piso)\" class=\"rl-gallery-link\" data-rl_caption=\"Edificio MZ3268 \/ Estudio Cubero Rubio (planta 3\u00ba piso)\" data-rel=\"lightbox-gallery-1\"><img loading=\"lazy\" decoding=\"async\" width=\"150\" height=\"150\" src=\"https:\/\/www.arquimaster.com.ar\/web\/wp-content\/uploads\/2017\/05\/edificio_mz3268_21-150x150.jpg\" class=\"attachment-thumbnail size-thumbnail\" alt=\"\" aria-describedby=\"gallery-1-26588\" srcset=\"https:\/\/www.arquimaster.com.ar\/web\/wp-content\/uploads\/2017\/05\/edificio_mz3268_21-150x150.jpg 150w, https:\/\/www.arquimaster.com.ar\/web\/wp-content\/uploads\/2017\/05\/edificio_mz3268_21-50x50.jpg 50w, https:\/\/www.arquimaster.com.ar\/web\/wp-content\/uploads\/2017\/05\/edificio_mz3268_21-125x125.jpg 125w\" sizes=\"auto, (max-width: 150px) 100vw, 150px\" \/><\/a>\n\t\t\t<\/div>\n\t\t\t\t<figcaption class='wp-caption-text gallery-caption' id='gallery-1-26588'>\n\t\t\t\tEdificio MZ3268 \/ Estudio Cubero Rubio (planta 3\u00ba piso)\n\t\t\t\t<\/figcaption><\/figure><figure class='gallery-item'>\n\t\t\t<div class='gallery-icon portrait'>\n\t\t\t\t<a href='https:\/\/www.arquimaster.com.ar\/web\/wp-content\/uploads\/2017\/05\/edificio_mz3268_22.jpg' title=\"Edificio MZ3268 \/ Estudio Cubero Rubio (planta 4\u00ba piso)\" data-rl_title=\"Edificio MZ3268 \/ Estudio Cubero Rubio (planta 4\u00ba piso)\" class=\"rl-gallery-link\" data-rl_caption=\"Edificio MZ3268 \/ Estudio Cubero Rubio (planta 4\u00ba piso)\" data-rel=\"lightbox-gallery-1\"><img loading=\"lazy\" decoding=\"async\" width=\"150\" height=\"150\" src=\"https:\/\/www.arquimaster.com.ar\/web\/wp-content\/uploads\/2017\/05\/edificio_mz3268_22-150x150.jpg\" class=\"attachment-thumbnail size-thumbnail\" alt=\"\" aria-describedby=\"gallery-1-26589\" srcset=\"https:\/\/www.arquimaster.com.ar\/web\/wp-content\/uploads\/2017\/05\/edificio_mz3268_22-150x150.jpg 150w, https:\/\/www.arquimaster.com.ar\/web\/wp-content\/uploads\/2017\/05\/edificio_mz3268_22-50x50.jpg 50w, https:\/\/www.arquimaster.com.ar\/web\/wp-content\/uploads\/2017\/05\/edificio_mz3268_22-125x125.jpg 125w\" sizes=\"auto, (max-width: 150px) 100vw, 150px\" \/><\/a>\n\t\t\t<\/div>\n\t\t\t\t<figcaption class='wp-caption-text gallery-caption' id='gallery-1-26589'>\n\t\t\t\tEdificio MZ3268 \/ Estudio Cubero Rubio (planta 4\u00ba piso)\n\t\t\t\t<\/figcaption><\/figure><figure class='gallery-item'>\n\t\t\t<div class='gallery-icon portrait'>\n\t\t\t\t<a href='https:\/\/www.arquimaster.com.ar\/web\/wp-content\/uploads\/2017\/05\/edificio_mz3268_23.jpg' title=\"Edificio MZ3268 \/ Estudio Cubero Rubio (planta azotea)\" data-rl_title=\"Edificio MZ3268 \/ Estudio Cubero Rubio (planta azotea)\" class=\"rl-gallery-link\" data-rl_caption=\"Edificio MZ3268 \/ Estudio Cubero Rubio (planta azotea)\" data-rel=\"lightbox-gallery-1\"><img loading=\"lazy\" decoding=\"async\" width=\"150\" height=\"150\" src=\"https:\/\/www.arquimaster.com.ar\/web\/wp-content\/uploads\/2017\/05\/edificio_mz3268_23-150x150.jpg\" class=\"attachment-thumbnail size-thumbnail\" alt=\"\" aria-describedby=\"gallery-1-26590\" srcset=\"https:\/\/www.arquimaster.com.ar\/web\/wp-content\/uploads\/2017\/05\/edificio_mz3268_23-150x150.jpg 150w, https:\/\/www.arquimaster.com.ar\/web\/wp-content\/uploads\/2017\/05\/edificio_mz3268_23-50x50.jpg 50w, https:\/\/www.arquimaster.com.ar\/web\/wp-content\/uploads\/2017\/05\/edificio_mz3268_23-125x125.jpg 125w\" sizes=\"auto, (max-width: 150px) 100vw, 150px\" \/><\/a>\n\t\t\t<\/div>\n\t\t\t\t<figcaption class='wp-caption-text gallery-caption' id='gallery-1-26590'>\n\t\t\t\tEdificio MZ3268 \/ Estudio Cubero Rubio (planta azotea)\n\t\t\t\t<\/figcaption><\/figure><figure class='gallery-item'>\n\t\t\t<div class='gallery-icon landscape'>\n\t\t\t\t<a href='https:\/\/www.arquimaster.com.ar\/web\/wp-content\/uploads\/2017\/05\/edificio_mz3268_24.jpg' title=\"Edificio MZ3268 \/ Estudio Cubero Rubio (corte)\" data-rl_title=\"Edificio MZ3268 \/ Estudio Cubero Rubio (corte)\" class=\"rl-gallery-link\" data-rl_caption=\"Edificio MZ3268 \/ Estudio Cubero Rubio (corte)\" data-rel=\"lightbox-gallery-1\"><img loading=\"lazy\" decoding=\"async\" width=\"150\" height=\"150\" src=\"https:\/\/www.arquimaster.com.ar\/web\/wp-content\/uploads\/2017\/05\/edificio_mz3268_24-150x150.jpg\" class=\"attachment-thumbnail size-thumbnail\" alt=\"\" aria-describedby=\"gallery-1-26591\" srcset=\"https:\/\/www.arquimaster.com.ar\/web\/wp-content\/uploads\/2017\/05\/edificio_mz3268_24-150x150.jpg 150w, https:\/\/www.arquimaster.com.ar\/web\/wp-content\/uploads\/2017\/05\/edificio_mz3268_24-50x50.jpg 50w, https:\/\/www.arquimaster.com.ar\/web\/wp-content\/uploads\/2017\/05\/edificio_mz3268_24-125x125.jpg 125w\" sizes=\"auto, (max-width: 150px) 100vw, 150px\" \/><\/a>\n\t\t\t<\/div>\n\t\t\t\t<figcaption class='wp-caption-text gallery-caption' id='gallery-1-26591'>\n\t\t\t\tEdificio MZ3268 \/ Estudio Cubero Rubio (corte)\n\t\t\t\t<\/figcaption><\/figure><figure class='gallery-item'>\n\t\t\t<div class='gallery-icon portrait'>\n\t\t\t\t<a href='https:\/\/www.arquimaster.com.ar\/web\/wp-content\/uploads\/2017\/05\/edificio_mz3268_25.jpg' title=\"Edificio MZ3268 \/ Estudio Cubero Rubio (vista)\" data-rl_title=\"Edificio MZ3268 \/ Estudio Cubero Rubio (vista)\" class=\"rl-gallery-link\" data-rl_caption=\"Edificio MZ3268 \/ Estudio Cubero Rubio (vista)\" data-rel=\"lightbox-gallery-1\"><img loading=\"lazy\" decoding=\"async\" width=\"150\" height=\"150\" src=\"https:\/\/www.arquimaster.com.ar\/web\/wp-content\/uploads\/2017\/05\/edificio_mz3268_25-150x150.jpg\" class=\"attachment-thumbnail size-thumbnail\" alt=\"\" aria-describedby=\"gallery-1-26592\" srcset=\"https:\/\/www.arquimaster.com.ar\/web\/wp-content\/uploads\/2017\/05\/edificio_mz3268_25-150x150.jpg 150w, https:\/\/www.arquimaster.com.ar\/web\/wp-content\/uploads\/2017\/05\/edificio_mz3268_25-50x50.jpg 50w, https:\/\/www.arquimaster.com.ar\/web\/wp-content\/uploads\/2017\/05\/edificio_mz3268_25-125x125.jpg 125w\" sizes=\"auto, (max-width: 150px) 100vw, 150px\" \/><\/a>\n\t\t\t<\/div>\n\t\t\t\t<figcaption class='wp-caption-text gallery-caption' id='gallery-1-26592'>\n\t\t\t\tEdificio MZ3268 \/ Estudio Cubero Rubio (vista)\n\t\t\t\t<\/figcaption><\/figure><figure class='gallery-item'>\n\t\t\t<div class='gallery-icon landscape'>\n\t\t\t\t<a href='https:\/\/www.arquimaster.com.ar\/web\/wp-content\/uploads\/2017\/05\/edificio_mz3268_26.jpg' title=\"Edificio MZ3268 \/ Estudio Cubero Rubio (axonometria)\" data-rl_title=\"Edificio MZ3268 \/ Estudio Cubero Rubio (axonometria)\" class=\"rl-gallery-link\" data-rl_caption=\"Edificio MZ3268 \/ Estudio Cubero Rubio (axonometria)\" data-rel=\"lightbox-gallery-1\"><img loading=\"lazy\" decoding=\"async\" width=\"150\" height=\"150\" src=\"https:\/\/www.arquimaster.com.ar\/web\/wp-content\/uploads\/2017\/05\/edificio_mz3268_26-150x150.jpg\" class=\"attachment-thumbnail size-thumbnail\" alt=\"\" aria-describedby=\"gallery-1-26593\" srcset=\"https:\/\/www.arquimaster.com.ar\/web\/wp-content\/uploads\/2017\/05\/edificio_mz3268_26-150x150.jpg 150w, https:\/\/www.arquimaster.com.ar\/web\/wp-content\/uploads\/2017\/05\/edificio_mz3268_26-50x50.jpg 50w, https:\/\/www.arquimaster.com.ar\/web\/wp-content\/uploads\/2017\/05\/edificio_mz3268_26-125x125.jpg 125w\" sizes=\"auto, (max-width: 150px) 100vw, 150px\" \/><\/a>\n\t\t\t<\/div>\n\t\t\t\t<figcaption class='wp-caption-text gallery-caption' id='gallery-1-26593'>\n\t\t\t\tEdificio MZ3268 \/ Estudio Cubero Rubio (axonometria)\n\t\t\t\t<\/figcaption><\/figure>\n\t\t<\/div>\n\n<p>El proyecto se trata de un edificio de viviendas de densidad media. Combina el habitar colectivo contempor\u00e1neo con la individualidad y libertad propias de la escala barrial.<\/p>\n<p>Se compone de dos vol\u00famenes de cuatro niveles despegados del nivel cero, enfrentados y comunicados entre s\u00ed a trav\u00e9s de pasarelas y escaleras semicubiertas.<\/p>\n<p>Su implantaci\u00f3n permite no s\u00f3lo aprovechar las virtudes propuestas por la normativa y el terreno, sino tambi\u00e9n generar una mayor superficie disponible para iluminaci\u00f3n y ventilaci\u00f3n de los ambientes principales.<\/p>\n<p>Cada uno de los bloques est\u00e1 compuesto por: una planta baja libre, que permite alojar en su totalidad los accesos peatonales, vehiculares y de locales de servicio, as\u00ed como espacios de guardado de coches y bicicletas; cuatro plantas que albergan el programa de viviendas con un total de 21 unidades de 1, 2, 3 y 4 ambientes; y dos terrazas, una de uso com\u00fan y otra privada.<\/p>\n<p>Todo el conjunto se organiza a partir de un gran patio central que es atravesado y recorrido por el sistema circulatorio de pasarelas peatonales y escaleras. De este modo se lo vivencia casi de manera permanente, generando un estrecho di\u00e1logo entre interior y exterior.<\/p>\n<p>El espectador deja de serlo para convertirse en protagonista y as\u00ed apropiarse de los espacios, transit\u00e1ndolos y observ\u00e1ndolos desde las distintas perspectivas propuestas. Este espacio descomprime la separaci\u00f3n entre los bloques a la vez que organiza el sistema de acceso a las viviendas.<\/p>\n<p>Los balcones y terrazas son un valor agregado en todas las unidades. De proporciones generosas y materiales contempor\u00e1neos, sirven de espacio intermedio y permiten que las funciones del interior se extiendan hacia el exterior. Se trabaja con el balc\u00f3n en voladizo como expansi\u00f3n de la vivienda, elemento caracter\u00edstico de la ciudad de Buenos Aires.<\/p>\n<p>La relaci\u00f3n entre sus componentes -estructura resistente, losa en voladizo, baranda, revestimiento, sistema de filtros-servir\u00e1 como material de proyecto y permitir\u00e1 apreciar resoluciones en funci\u00f3n de los problemas constructivos y de la b\u00fasqueda del compromiso est\u00e9tico deseado.<\/p>\n<p>Hacia la fachada principal del conjunto y en el sistema circulatorio central, se dispone una trama de filtros met\u00e1licos que determinan no s\u00f3lo una especial caracter\u00edstica formal y visual, sino tambi\u00e9n una herramienta eficaz para el control de la relaci\u00f3n de la expansi\u00f3n interior con el complejo espacio urbano y del sistema de circulaci\u00f3n con el interior de las unidades. Estos elementos, que conformar\u00e1n la materializaci\u00f3n del primer l\u00edmite de la vivienda con el exterior, fueron utilizados como un recurso expresivo que permiti\u00f3 potenciar las cualidades espaciales.<\/p>\n<p>Sin exaltaciones simb\u00f3licas ni excesos ret\u00f3ricos, el uso de los elementos de arquitectura pretende ser tanto discreto como eficaz: se trabaja con hormig\u00f3n armado, ladrillo cer\u00e1mico -revocado o revestido-, acero, aluminio, madera y vidrio; materiales nobles que garantizan una permanente vigencia y durabilidad.<\/p>\n<p>Las l\u00f3gicas conceptuales a partir de las cuales cristaliz\u00f3 el esquema final del proyecto forman parte de un trabajo material y profesional que tuvo como objetivo organizar tanto la forma como el espacio. Como resultado de este proceso, se logr\u00f3 establecer un orden rector entre las distintas partes del edificio, totalizando una s\u00edntesis arquitect\u00f3nica entre imagen, esfuerzos, resoluciones a los requerimientos humanos y aporte al entorno urbano construido.<\/p>\n<p><strong>Ficha t\u00e9cnica<\/strong><br \/>\nNombre: Edificio MZ3268<br \/>\nUbicaci\u00f3n: Mendoza 3268, Ciudad de Buenos Aires, Argentina<br \/>\nProyecto y Direcci\u00f3n: Arq. Juan Pedro Rubio, Ing. Agust\u00edn Cubero<br \/>\nColaboradores: Arq. Juan Pablo Castellano, Arq. Mart\u00edn Rabbordi, Arq. Andrea Anselmo, Fabi\u00e1n Dejtiar. Federico Saraceno, Arq. Romina Garino, Arq. Gabriel Schesak, Arq. Brian Gorban, Arq. Maia Lax, Arq. Ayel\u00e9n Garc\u00eda Palma, Lic. Leonardo Trabattoni, Lic. Mailen Pellegrino.<br \/>\nComitente: Inversores Privados<br \/>\nProveedores: Abelson SA (materiales para la construcci\u00f3n), Arma Ferro (acero para construcci\u00f3n), Cer\u00e1mica Quilmes (ladrillos)<br \/>\nSuperficie construida: 1606,65 m2<br \/>\nA\u00f1o: 2015<br \/>\nFot\u00f3grafo: Manuel Ciarlotti Bidinost<\/p>\n<p><strong>Contacto:<\/strong> <a href=\"http:\/\/www.cuberorubio.com.ar\" target=\"_blank\" rel=\"noopener noreferrer\">http:\/\/www.cuberorubio.com.ar<\/a><\/p>\n<p>&nbsp;<\/p>\n<p><em><strong>English version<\/strong><\/em><\/p>\n<p><em>Located in the neighborhood of Belgrano R and surrounded by a heterogeneous urban landscape, caused by the diversity of densities, times and regulations, the project adapts to the environment completing the front of a lot of 12.5 meters frontage by 50 meters of depth. The relationship with the city is strengthened by releasing the ground floor, giving continuity to the vegetation below the building and incorporating to the characteristic atmosphere of the neighborhood, the green of the central courtyard and the free center of the block.<\/em><\/p>\n<p><em>The project consists of a medium-sized housing building. It combines contemporary collective living with the individuality and freedom of the neighborhood.<\/em><\/p>\n<p><em>It consists of two buildings of four levels detached from the ground floor, facing each other and communicated by partially covered runways and stairs.<\/em><\/p>\n<p><em>Its implantation allows not only to take advantage of the virtues proposed by the regulations and the terrain, but also to generate a greater surface available for illumination and ventilation of the main rooms.<\/em><\/p>\n<p><em>Each of the blocks is composed of a free ground floor, which allows to accommodate all pedestrian and vehicular accesses and service rooms, as well as car and bicycle storage spaces; Four floors housing a total of 21 units of 1, 2, 3 and 4 rooms; And two livable rooftops, one of common use and another private one.<\/em><\/p>\n<p><em>The project is organized from a large central courtyard that is crossed by the circulatory system of pedestrian walkways and stairs that operate as a promenade architecturale. In this way it is experienced almost permanently, generating a close dialogue between the interior and exterior. The viewer becomes a protagonist and thus appropriates the spaces, crossing them and observing them from the different perspectives proposed. This space decompresses the separation between the blocks while at the same time organizes the access system to the dwellings.<\/em><\/p>\n<p><em>Balconies and livable rooftops are an added value in all units. Of generous proportions and contemporary materials, they serve as an intermediate space and allow the functions of the interior to extend outwards. It works with the cantilevered balcony as an expansion of the dwelling, which are characteristic of the city of Buenos Aires. The relationship between its components (resistant structure, cantilevered concrete slab, handrail, cladding, filter system) will serve as project material and will allow to appreciate resolutions in function of the constructive problems and the search for the desired aesthetic compromise.<\/em><\/p>\n<p><em>Towards the main fa\u00e7ade of the building and in the central circulatory system, there is a grid of metallic filters that provide not only a special formal and visual ambiance, but also an effective tool for controlling the relation of the interior expansion with the complex urban space and circulation system with the interior of the units. These elements, which will form the materialization of the first boundary of the house with the exterior, were used as an expressive resource that allowed to enhance the spatial qualities.<\/em><\/p>\n<p><em>Without symbolic exaltations or rhetorical excesses, the use of architectural elements is intended to be both discreet and efficient: it works with reinforced concrete, ceramic brick, steel, aluminum, wood and glass; all noble materials that guarantee a permanent validity and durability.<\/em><\/p>\n<p><em>The conceptual logics from which the final scheme of the project crystallized are part of a material and professional work that aimed to organize both the form and the space. As a result, it was possible to establish a guiding order among the different parts of the building, resulting in an architectural synthesis between image, efforts, resolutions to human requirements and contribution to the built urban environment.<\/em><\/p>\n\n<div style=\"font-size: 0px; height: 0px; line-height: 0px; margin: 0; padding: 0; clear: both;\"><\/div><div style=\"margin-top: 0px; margin-bottom: 0px;\" class=\"sharethis-inline-share-buttons\" ><\/div>","protected":false},"excerpt":{"rendered":"<p>La relaci\u00f3n con la ciudad se fortalece al liberar la planta baja, dando continuidad a la vegetaci\u00f3n&#8230;<\/p>\n","protected":false},"author":1,"featured_media":26567,"comment_status":"closed","ping_status":"closed","sticky":false,"template":"","format":"standard","meta":{"_uag_custom_page_level_css":"","footnotes":""},"categories":[80,1],"tags":[4244,16,87,4242,4243,91],"class_list":["post-26566","post","type-post","status-publish","format-standard","has-post-thumbnail","hentry","category-edificio-viviendas","category-proyecto","tag-agustin-cubero","tag-buenos-aires","tag-edificio-de-viviendas","tag-estudio-cubero-rubio","tag-juan-pedro-rubio","tag-vivienda-multifamiliar","generate-columns","tablet-grid-50","mobile-grid-100","grid-parent","grid-50"],"yoast_head":"<!-- This site is optimized with the Yoast SEO plugin v27.3 - https:\/\/yoast.com\/product\/yoast-seo-wordpress\/ -->\n<title>Edificio MZ3268 \/ Estudio Cubero Rubio - Arquimaster<\/title>\n<meta name=\"robots\" content=\"index, follow, max-snippet:-1, max-image-preview:large, max-video-preview:-1\" \/>\n<link rel=\"canonical\" href=\"https:\/\/www.arquimaster.com.ar\/web\/edificio-mz3268-estudio-cubero-rubio\/\" \/>\n<meta property=\"og:locale\" content=\"es_ES\" \/>\n<meta property=\"og:type\" content=\"article\" \/>\n<meta property=\"og:title\" content=\"Edificio MZ3268 \/ Estudio Cubero Rubio - Arquimaster\" \/>\n<meta property=\"og:description\" content=\"La relaci\u00f3n con la ciudad se fortalece al liberar la planta baja, dando continuidad a la vegetaci\u00f3n...\" \/>\n<meta property=\"og:url\" content=\"https:\/\/www.arquimaster.com.ar\/web\/edificio-mz3268-estudio-cubero-rubio\/\" \/>\n<meta property=\"og:site_name\" content=\"Arquimaster\" \/>\n<meta property=\"article:publisher\" content=\"http:\/\/www.facebook.com\/ARQUIMASTER.com.ar\" \/>\n<meta property=\"article:published_time\" content=\"2017-05-05T00:54:18+00:00\" \/>\n<meta property=\"article:modified_time\" content=\"2017-05-08T01:10:55+00:00\" \/>\n<meta property=\"og:image\" content=\"https:\/\/www.arquimaster.com.ar\/web\/wp-content\/uploads\/2017\/05\/edificio_mz3268_slide.jpg\" \/>\n\t<meta property=\"og:image:width\" content=\"642\" \/>\n\t<meta property=\"og:image:height\" content=\"336\" \/>\n\t<meta property=\"og:image:type\" content=\"image\/jpeg\" \/>\n<meta name=\"author\" content=\"Arquimaster\" \/>\n<meta name=\"twitter:card\" content=\"summary_large_image\" \/>\n<meta name=\"twitter:creator\" content=\"@arquimaster\" \/>\n<meta name=\"twitter:site\" content=\"@arquimaster\" \/>\n<meta name=\"twitter:label1\" content=\"Escrito por\" \/>\n\t<meta name=\"twitter:data1\" content=\"Arquimaster\" \/>\n\t<meta name=\"twitter:label2\" content=\"Tiempo de lectura\" \/>\n\t<meta name=\"twitter:data2\" content=\"7 minutos\" \/>\n<script type=\"application\/ld+json\" class=\"yoast-schema-graph\">{\"@context\":\"https:\\\/\\\/schema.org\",\"@graph\":[{\"@type\":\"Article\",\"@id\":\"https:\\\/\\\/www.arquimaster.com.ar\\\/web\\\/edificio-mz3268-estudio-cubero-rubio\\\/#article\",\"isPartOf\":{\"@id\":\"https:\\\/\\\/www.arquimaster.com.ar\\\/web\\\/edificio-mz3268-estudio-cubero-rubio\\\/\"},\"author\":{\"name\":\"Arquimaster\",\"@id\":\"https:\\\/\\\/www.arquimaster.com.ar\\\/web\\\/#\\\/schema\\\/person\\\/359e9f7c00193fcde068e0dd2ceb0028\"},\"headline\":\"Edificio MZ3268 \\\/ Estudio Cubero Rubio\",\"datePublished\":\"2017-05-05T00:54:18+00:00\",\"dateModified\":\"2017-05-08T01:10:55+00:00\",\"mainEntityOfPage\":{\"@id\":\"https:\\\/\\\/www.arquimaster.com.ar\\\/web\\\/edificio-mz3268-estudio-cubero-rubio\\\/\"},\"wordCount\":1362,\"publisher\":{\"@id\":\"https:\\\/\\\/www.arquimaster.com.ar\\\/web\\\/#organization\"},\"image\":{\"@id\":\"https:\\\/\\\/www.arquimaster.com.ar\\\/web\\\/edificio-mz3268-estudio-cubero-rubio\\\/#primaryimage\"},\"thumbnailUrl\":\"https:\\\/\\\/www.arquimaster.com.ar\\\/web\\\/wp-content\\\/uploads\\\/2017\\\/05\\\/edificio_mz3268_slide.jpg\",\"keywords\":[\"Agust\u00edn Cubero\",\"Buenos Aires\",\"edificio de viviendas\",\"Estudio Cubero Rubio\",\"Juan Pedro Rubio\",\"vivienda multifamiliar\"],\"articleSection\":[\"Edificios de viviendas\",\"Proyecto\"],\"inLanguage\":\"es\"},{\"@type\":\"WebPage\",\"@id\":\"https:\\\/\\\/www.arquimaster.com.ar\\\/web\\\/edificio-mz3268-estudio-cubero-rubio\\\/\",\"url\":\"https:\\\/\\\/www.arquimaster.com.ar\\\/web\\\/edificio-mz3268-estudio-cubero-rubio\\\/\",\"name\":\"Edificio MZ3268 \\\/ Estudio Cubero Rubio - Arquimaster\",\"isPartOf\":{\"@id\":\"https:\\\/\\\/www.arquimaster.com.ar\\\/web\\\/#website\"},\"primaryImageOfPage\":{\"@id\":\"https:\\\/\\\/www.arquimaster.com.ar\\\/web\\\/edificio-mz3268-estudio-cubero-rubio\\\/#primaryimage\"},\"image\":{\"@id\":\"https:\\\/\\\/www.arquimaster.com.ar\\\/web\\\/edificio-mz3268-estudio-cubero-rubio\\\/#primaryimage\"},\"thumbnailUrl\":\"https:\\\/\\\/www.arquimaster.com.ar\\\/web\\\/wp-content\\\/uploads\\\/2017\\\/05\\\/edificio_mz3268_slide.jpg\",\"datePublished\":\"2017-05-05T00:54:18+00:00\",\"dateModified\":\"2017-05-08T01:10:55+00:00\",\"breadcrumb\":{\"@id\":\"https:\\\/\\\/www.arquimaster.com.ar\\\/web\\\/edificio-mz3268-estudio-cubero-rubio\\\/#breadcrumb\"},\"inLanguage\":\"es\",\"potentialAction\":[{\"@type\":\"ReadAction\",\"target\":[\"https:\\\/\\\/www.arquimaster.com.ar\\\/web\\\/edificio-mz3268-estudio-cubero-rubio\\\/\"]}]},{\"@type\":\"ImageObject\",\"inLanguage\":\"es\",\"@id\":\"https:\\\/\\\/www.arquimaster.com.ar\\\/web\\\/edificio-mz3268-estudio-cubero-rubio\\\/#primaryimage\",\"url\":\"https:\\\/\\\/www.arquimaster.com.ar\\\/web\\\/wp-content\\\/uploads\\\/2017\\\/05\\\/edificio_mz3268_slide.jpg\",\"contentUrl\":\"https:\\\/\\\/www.arquimaster.com.ar\\\/web\\\/wp-content\\\/uploads\\\/2017\\\/05\\\/edificio_mz3268_slide.jpg\",\"width\":642,\"height\":336},{\"@type\":\"BreadcrumbList\",\"@id\":\"https:\\\/\\\/www.arquimaster.com.ar\\\/web\\\/edificio-mz3268-estudio-cubero-rubio\\\/#breadcrumb\",\"itemListElement\":[{\"@type\":\"ListItem\",\"position\":1,\"name\":\"Portada\",\"item\":\"https:\\\/\\\/www.arquimaster.com.ar\\\/web\\\/\"},{\"@type\":\"ListItem\",\"position\":2,\"name\":\"Edificio MZ3268 \\\/ Estudio Cubero Rubio\"}]},{\"@type\":\"WebSite\",\"@id\":\"https:\\\/\\\/www.arquimaster.com.ar\\\/web\\\/#website\",\"url\":\"https:\\\/\\\/www.arquimaster.com.ar\\\/web\\\/\",\"name\":\"Arquimaster\",\"description\":\"Web de arquitectura, dise\u00f1o y construccion\",\"publisher\":{\"@id\":\"https:\\\/\\\/www.arquimaster.com.ar\\\/web\\\/#organization\"},\"potentialAction\":[{\"@type\":\"SearchAction\",\"target\":{\"@type\":\"EntryPoint\",\"urlTemplate\":\"https:\\\/\\\/www.arquimaster.com.ar\\\/web\\\/?s={search_term_string}\"},\"query-input\":{\"@type\":\"PropertyValueSpecification\",\"valueRequired\":true,\"valueName\":\"search_term_string\"}}],\"inLanguage\":\"es\"},{\"@type\":\"Organization\",\"@id\":\"https:\\\/\\\/www.arquimaster.com.ar\\\/web\\\/#organization\",\"name\":\"Arquimaster\",\"url\":\"https:\\\/\\\/www.arquimaster.com.ar\\\/web\\\/\",\"logo\":{\"@type\":\"ImageObject\",\"inLanguage\":\"es\",\"@id\":\"https:\\\/\\\/www.arquimaster.com.ar\\\/web\\\/#\\\/schema\\\/logo\\\/image\\\/\",\"url\":\"https:\\\/\\\/www.arquimaster.com.ar\\\/web\\\/wp-content\\\/uploads\\\/2022\\\/06\\\/arquimaster.png\",\"contentUrl\":\"https:\\\/\\\/www.arquimaster.com.ar\\\/web\\\/wp-content\\\/uploads\\\/2022\\\/06\\\/arquimaster.png\",\"width\":594,\"height\":78,\"caption\":\"Arquimaster\"},\"image\":{\"@id\":\"https:\\\/\\\/www.arquimaster.com.ar\\\/web\\\/#\\\/schema\\\/logo\\\/image\\\/\"},\"sameAs\":[\"http:\\\/\\\/www.facebook.com\\\/ARQUIMASTER.com.ar\",\"https:\\\/\\\/x.com\\\/arquimaster\",\"https:\\\/\\\/www.instagram.com\\\/arquimasterblog\\\/\",\"https:\\\/\\\/www.linkedin.com\\\/company\\\/arquimaster\",\"https:\\\/\\\/www.pinterest.com\\\/arquimaster\",\"https:\\\/\\\/t.me\\\/arquimaster\"]},{\"@type\":\"Person\",\"@id\":\"https:\\\/\\\/www.arquimaster.com.ar\\\/web\\\/#\\\/schema\\\/person\\\/359e9f7c00193fcde068e0dd2ceb0028\",\"name\":\"Arquimaster\"}]}<\/script>\n<!-- \/ Yoast SEO plugin. -->","yoast_head_json":{"title":"Edificio MZ3268 \/ Estudio Cubero Rubio - Arquimaster","robots":{"index":"index","follow":"follow","max-snippet":"max-snippet:-1","max-image-preview":"max-image-preview:large","max-video-preview":"max-video-preview:-1"},"canonical":"https:\/\/www.arquimaster.com.ar\/web\/edificio-mz3268-estudio-cubero-rubio\/","og_locale":"es_ES","og_type":"article","og_title":"Edificio MZ3268 \/ Estudio Cubero Rubio - Arquimaster","og_description":"La relaci\u00f3n con la ciudad se fortalece al liberar la planta baja, dando continuidad a la vegetaci\u00f3n...","og_url":"https:\/\/www.arquimaster.com.ar\/web\/edificio-mz3268-estudio-cubero-rubio\/","og_site_name":"Arquimaster","article_publisher":"http:\/\/www.facebook.com\/ARQUIMASTER.com.ar","article_published_time":"2017-05-05T00:54:18+00:00","article_modified_time":"2017-05-08T01:10:55+00:00","og_image":[{"width":642,"height":336,"url":"https:\/\/www.arquimaster.com.ar\/web\/wp-content\/uploads\/2017\/05\/edificio_mz3268_slide.jpg","type":"image\/jpeg"}],"author":"Arquimaster","twitter_card":"summary_large_image","twitter_creator":"@arquimaster","twitter_site":"@arquimaster","twitter_misc":{"Escrito por":"Arquimaster","Tiempo de lectura":"7 minutos"},"schema":{"@context":"https:\/\/schema.org","@graph":[{"@type":"Article","@id":"https:\/\/www.arquimaster.com.ar\/web\/edificio-mz3268-estudio-cubero-rubio\/#article","isPartOf":{"@id":"https:\/\/www.arquimaster.com.ar\/web\/edificio-mz3268-estudio-cubero-rubio\/"},"author":{"name":"Arquimaster","@id":"https:\/\/www.arquimaster.com.ar\/web\/#\/schema\/person\/359e9f7c00193fcde068e0dd2ceb0028"},"headline":"Edificio MZ3268 \/ Estudio Cubero Rubio","datePublished":"2017-05-05T00:54:18+00:00","dateModified":"2017-05-08T01:10:55+00:00","mainEntityOfPage":{"@id":"https:\/\/www.arquimaster.com.ar\/web\/edificio-mz3268-estudio-cubero-rubio\/"},"wordCount":1362,"publisher":{"@id":"https:\/\/www.arquimaster.com.ar\/web\/#organization"},"image":{"@id":"https:\/\/www.arquimaster.com.ar\/web\/edificio-mz3268-estudio-cubero-rubio\/#primaryimage"},"thumbnailUrl":"https:\/\/www.arquimaster.com.ar\/web\/wp-content\/uploads\/2017\/05\/edificio_mz3268_slide.jpg","keywords":["Agust\u00edn Cubero","Buenos Aires","edificio de viviendas","Estudio Cubero Rubio","Juan Pedro Rubio","vivienda multifamiliar"],"articleSection":["Edificios de viviendas","Proyecto"],"inLanguage":"es"},{"@type":"WebPage","@id":"https:\/\/www.arquimaster.com.ar\/web\/edificio-mz3268-estudio-cubero-rubio\/","url":"https:\/\/www.arquimaster.com.ar\/web\/edificio-mz3268-estudio-cubero-rubio\/","name":"Edificio MZ3268 \/ Estudio Cubero Rubio - Arquimaster","isPartOf":{"@id":"https:\/\/www.arquimaster.com.ar\/web\/#website"},"primaryImageOfPage":{"@id":"https:\/\/www.arquimaster.com.ar\/web\/edificio-mz3268-estudio-cubero-rubio\/#primaryimage"},"image":{"@id":"https:\/\/www.arquimaster.com.ar\/web\/edificio-mz3268-estudio-cubero-rubio\/#primaryimage"},"thumbnailUrl":"https:\/\/www.arquimaster.com.ar\/web\/wp-content\/uploads\/2017\/05\/edificio_mz3268_slide.jpg","datePublished":"2017-05-05T00:54:18+00:00","dateModified":"2017-05-08T01:10:55+00:00","breadcrumb":{"@id":"https:\/\/www.arquimaster.com.ar\/web\/edificio-mz3268-estudio-cubero-rubio\/#breadcrumb"},"inLanguage":"es","potentialAction":[{"@type":"ReadAction","target":["https:\/\/www.arquimaster.com.ar\/web\/edificio-mz3268-estudio-cubero-rubio\/"]}]},{"@type":"ImageObject","inLanguage":"es","@id":"https:\/\/www.arquimaster.com.ar\/web\/edificio-mz3268-estudio-cubero-rubio\/#primaryimage","url":"https:\/\/www.arquimaster.com.ar\/web\/wp-content\/uploads\/2017\/05\/edificio_mz3268_slide.jpg","contentUrl":"https:\/\/www.arquimaster.com.ar\/web\/wp-content\/uploads\/2017\/05\/edificio_mz3268_slide.jpg","width":642,"height":336},{"@type":"BreadcrumbList","@id":"https:\/\/www.arquimaster.com.ar\/web\/edificio-mz3268-estudio-cubero-rubio\/#breadcrumb","itemListElement":[{"@type":"ListItem","position":1,"name":"Portada","item":"https:\/\/www.arquimaster.com.ar\/web\/"},{"@type":"ListItem","position":2,"name":"Edificio MZ3268 \/ Estudio Cubero Rubio"}]},{"@type":"WebSite","@id":"https:\/\/www.arquimaster.com.ar\/web\/#website","url":"https:\/\/www.arquimaster.com.ar\/web\/","name":"Arquimaster","description":"Web de arquitectura, dise\u00f1o y construccion","publisher":{"@id":"https:\/\/www.arquimaster.com.ar\/web\/#organization"},"potentialAction":[{"@type":"SearchAction","target":{"@type":"EntryPoint","urlTemplate":"https:\/\/www.arquimaster.com.ar\/web\/?s={search_term_string}"},"query-input":{"@type":"PropertyValueSpecification","valueRequired":true,"valueName":"search_term_string"}}],"inLanguage":"es"},{"@type":"Organization","@id":"https:\/\/www.arquimaster.com.ar\/web\/#organization","name":"Arquimaster","url":"https:\/\/www.arquimaster.com.ar\/web\/","logo":{"@type":"ImageObject","inLanguage":"es","@id":"https:\/\/www.arquimaster.com.ar\/web\/#\/schema\/logo\/image\/","url":"https:\/\/www.arquimaster.com.ar\/web\/wp-content\/uploads\/2022\/06\/arquimaster.png","contentUrl":"https:\/\/www.arquimaster.com.ar\/web\/wp-content\/uploads\/2022\/06\/arquimaster.png","width":594,"height":78,"caption":"Arquimaster"},"image":{"@id":"https:\/\/www.arquimaster.com.ar\/web\/#\/schema\/logo\/image\/"},"sameAs":["http:\/\/www.facebook.com\/ARQUIMASTER.com.ar","https:\/\/x.com\/arquimaster","https:\/\/www.instagram.com\/arquimasterblog\/","https:\/\/www.linkedin.com\/company\/arquimaster","https:\/\/www.pinterest.com\/arquimaster","https:\/\/t.me\/arquimaster"]},{"@type":"Person","@id":"https:\/\/www.arquimaster.com.ar\/web\/#\/schema\/person\/359e9f7c00193fcde068e0dd2ceb0028","name":"Arquimaster"}]}},"uagb_featured_image_src":{"full":["https:\/\/www.arquimaster.com.ar\/web\/wp-content\/uploads\/2017\/05\/edificio_mz3268_slide.jpg",642,336,false],"thumbnail":["https:\/\/www.arquimaster.com.ar\/web\/wp-content\/uploads\/2017\/05\/edificio_mz3268_slide-150x150.jpg",150,150,true],"medium":["https:\/\/www.arquimaster.com.ar\/web\/wp-content\/uploads\/2017\/05\/edificio_mz3268_slide.jpg",642,336,false],"medium_large":["https:\/\/www.arquimaster.com.ar\/web\/wp-content\/uploads\/2017\/05\/edificio_mz3268_slide.jpg",642,336,false],"large":["https:\/\/www.arquimaster.com.ar\/web\/wp-content\/uploads\/2017\/05\/edificio_mz3268_slide.jpg",642,336,false],"1536x1536":["https:\/\/www.arquimaster.com.ar\/web\/wp-content\/uploads\/2017\/05\/edificio_mz3268_slide.jpg",642,336,false],"2048x2048":["https:\/\/www.arquimaster.com.ar\/web\/wp-content\/uploads\/2017\/05\/edificio_mz3268_slide.jpg",642,336,false]},"uagb_author_info":{"display_name":"Arquimaster","author_link":"https:\/\/www.arquimaster.com.ar\/web\/author\/arquimaster\/"},"uagb_comment_info":0,"uagb_excerpt":"La relaci\u00f3n con la ciudad se fortalece al liberar la planta baja, dando continuidad a la vegetaci\u00f3n...","_links":{"self":[{"href":"https:\/\/www.arquimaster.com.ar\/web\/wp-json\/wp\/v2\/posts\/26566","targetHints":{"allow":["GET"]}}],"collection":[{"href":"https:\/\/www.arquimaster.com.ar\/web\/wp-json\/wp\/v2\/posts"}],"about":[{"href":"https:\/\/www.arquimaster.com.ar\/web\/wp-json\/wp\/v2\/types\/post"}],"author":[{"embeddable":true,"href":"https:\/\/www.arquimaster.com.ar\/web\/wp-json\/wp\/v2\/users\/1"}],"replies":[{"embeddable":true,"href":"https:\/\/www.arquimaster.com.ar\/web\/wp-json\/wp\/v2\/comments?post=26566"}],"version-history":[{"count":0,"href":"https:\/\/www.arquimaster.com.ar\/web\/wp-json\/wp\/v2\/posts\/26566\/revisions"}],"wp:featuredmedia":[{"embeddable":true,"href":"https:\/\/www.arquimaster.com.ar\/web\/wp-json\/wp\/v2\/media\/26567"}],"wp:attachment":[{"href":"https:\/\/www.arquimaster.com.ar\/web\/wp-json\/wp\/v2\/media?parent=26566"}],"wp:term":[{"taxonomy":"category","embeddable":true,"href":"https:\/\/www.arquimaster.com.ar\/web\/wp-json\/wp\/v2\/categories?post=26566"},{"taxonomy":"post_tag","embeddable":true,"href":"https:\/\/www.arquimaster.com.ar\/web\/wp-json\/wp\/v2\/tags?post=26566"}],"curies":[{"name":"wp","href":"https:\/\/api.w.org\/{rel}","templated":true}]}}