{"id":27090,"date":"2017-07-06T20:58:07","date_gmt":"2017-07-06T20:58:07","guid":{"rendered":"http:\/\/www.arquimaster.com.ar\/web\/?p=27090"},"modified":"2017-07-10T01:07:51","modified_gmt":"2017-07-10T01:07:51","slug":"la-cinco-7-cafe-hj-arquitectos","status":"publish","type":"post","link":"https:\/\/www.arquimaster.com.ar\/web\/la-cinco-7-cafe-hj-arquitectos\/","title":{"rendered":"La Cinco 7 Caf\u00e9 \/ HJ Arquitectos"},"content":{"rendered":"<div style=\"margin-top: 0px; margin-bottom: 0px;\" class=\"sharethis-inline-share-buttons\" ><\/div><div class=\"b812932af2e751442846f039925109de\" data-index=\"1\" style=\"float: none; margin:25px 0 25px 0; text-align:center;\">\n<script async src=\"https:\/\/pagead2.googlesyndication.com\/pagead\/js\/adsbygoogle.js\"><\/script>\r\n<!-- Arquimaster (superior) -->\r\n<ins class=\"adsbygoogle\"\r\n     style=\"display:block\"\r\n     data-ad-client=\"ca-pub-6351072698456832\"\r\n     data-ad-slot=\"6455489680\"\r\n     data-ad-format=\"auto\"\r\n     data-full-width-responsive=\"true\"><\/ins>\r\n<script>\r\n     (adsbygoogle = window.adsbygoogle || []).push({});\r\n<\/script>\n<\/div>\n<p><strong>La Cinco 7 Caf\u00e9<\/strong> (Oaxaca, M\u00e9xico) por <strong>HJ Arquitectos<\/strong>. El dise\u00f1o se basa en crear un ambiente moderno y relajado de un cafeter\u00eda dentro de una plaza en la zona norte de la ciudad, siguiendo algunos lineamientos y restricciones del lugar (instalaciones, alturas, y sistemas contructivos, etc), optimizando recursos, tratando de romper lo r\u00edgido del local, para crear una experiencia espacial diferente.<\/p>\n<div id='gallery-1' class='gallery galleryid-27090 gallery-columns-3 gallery-size-thumbnail'><figure class='gallery-item'>\n\t\t\t<div class='gallery-icon landscape'>\n\t\t\t\t<a href='https:\/\/www.arquimaster.com.ar\/web\/wp-content\/uploads\/2017\/07\/la_cinco_7_cafe1.jpg' title=\"La Cinco 7 Caf\u00e9 \/ HJ Arquitectos (\u00a9 Daniel Lucero)\" data-rl_title=\"La Cinco 7 Caf\u00e9 \/ HJ Arquitectos (\u00a9 Daniel Lucero)\" class=\"rl-gallery-link\" data-rl_caption=\"La Cinco 7 Caf\u00e9 \/ HJ Arquitectos (\u00a9 Daniel Lucero)\" data-rel=\"lightbox-gallery-1\"><img loading=\"lazy\" decoding=\"async\" width=\"150\" height=\"150\" src=\"https:\/\/www.arquimaster.com.ar\/web\/wp-content\/uploads\/2017\/07\/la_cinco_7_cafe1-150x150.jpg\" class=\"attachment-thumbnail size-thumbnail\" alt=\"\" aria-describedby=\"gallery-1-27092\" srcset=\"https:\/\/www.arquimaster.com.ar\/web\/wp-content\/uploads\/2017\/07\/la_cinco_7_cafe1-150x150.jpg 150w, https:\/\/www.arquimaster.com.ar\/web\/wp-content\/uploads\/2017\/07\/la_cinco_7_cafe1-50x50.jpg 50w, https:\/\/www.arquimaster.com.ar\/web\/wp-content\/uploads\/2017\/07\/la_cinco_7_cafe1-125x125.jpg 125w\" sizes=\"auto, (max-width: 150px) 100vw, 150px\" \/><\/a>\n\t\t\t<\/div>\n\t\t\t\t<figcaption class='wp-caption-text gallery-caption' id='gallery-1-27092'>\n\t\t\t\tLa Cinco 7 Caf\u00e9 \/ HJ Arquitectos (\u00a9 Daniel Lucero)\n\t\t\t\t<\/figcaption><\/figure><figure class='gallery-item'>\n\t\t\t<div class='gallery-icon landscape'>\n\t\t\t\t<a href='https:\/\/www.arquimaster.com.ar\/web\/wp-content\/uploads\/2017\/07\/la_cinco_7_cafe2.jpg' title=\"La Cinco 7 Caf\u00e9 \/ HJ Arquitectos (\u00a9 Daniel Lucero)\" data-rl_title=\"La Cinco 7 Caf\u00e9 \/ HJ Arquitectos (\u00a9 Daniel Lucero)\" class=\"rl-gallery-link\" data-rl_caption=\"La Cinco 7 Caf\u00e9 \/ HJ Arquitectos (\u00a9 Daniel Lucero)\" data-rel=\"lightbox-gallery-1\"><img loading=\"lazy\" decoding=\"async\" width=\"150\" height=\"150\" src=\"https:\/\/www.arquimaster.com.ar\/web\/wp-content\/uploads\/2017\/07\/la_cinco_7_cafe2-150x150.jpg\" class=\"attachment-thumbnail size-thumbnail\" alt=\"\" aria-describedby=\"gallery-1-27093\" srcset=\"https:\/\/www.arquimaster.com.ar\/web\/wp-content\/uploads\/2017\/07\/la_cinco_7_cafe2-150x150.jpg 150w, https:\/\/www.arquimaster.com.ar\/web\/wp-content\/uploads\/2017\/07\/la_cinco_7_cafe2-50x50.jpg 50w, https:\/\/www.arquimaster.com.ar\/web\/wp-content\/uploads\/2017\/07\/la_cinco_7_cafe2-125x125.jpg 125w\" sizes=\"auto, (max-width: 150px) 100vw, 150px\" \/><\/a>\n\t\t\t<\/div>\n\t\t\t\t<figcaption class='wp-caption-text gallery-caption' id='gallery-1-27093'>\n\t\t\t\tLa Cinco 7 Caf\u00e9 \/ HJ Arquitectos (\u00a9 Daniel Lucero)\n\t\t\t\t<\/figcaption><\/figure><figure class='gallery-item'>\n\t\t\t<div class='gallery-icon landscape'>\n\t\t\t\t<a href='https:\/\/www.arquimaster.com.ar\/web\/wp-content\/uploads\/2017\/07\/la_cinco_7_cafe3.jpg' title=\"La Cinco 7 Caf\u00e9 \/ HJ Arquitectos (\u00a9 Daniel Lucero)\" data-rl_title=\"La Cinco 7 Caf\u00e9 \/ HJ Arquitectos (\u00a9 Daniel Lucero)\" class=\"rl-gallery-link\" data-rl_caption=\"La Cinco 7 Caf\u00e9 \/ HJ Arquitectos (\u00a9 Daniel Lucero)\" data-rel=\"lightbox-gallery-1\"><img loading=\"lazy\" decoding=\"async\" width=\"150\" height=\"150\" src=\"https:\/\/www.arquimaster.com.ar\/web\/wp-content\/uploads\/2017\/07\/la_cinco_7_cafe3-150x150.jpg\" class=\"attachment-thumbnail size-thumbnail\" alt=\"\" aria-describedby=\"gallery-1-27094\" srcset=\"https:\/\/www.arquimaster.com.ar\/web\/wp-content\/uploads\/2017\/07\/la_cinco_7_cafe3-150x150.jpg 150w, https:\/\/www.arquimaster.com.ar\/web\/wp-content\/uploads\/2017\/07\/la_cinco_7_cafe3-50x50.jpg 50w, https:\/\/www.arquimaster.com.ar\/web\/wp-content\/uploads\/2017\/07\/la_cinco_7_cafe3-125x125.jpg 125w\" sizes=\"auto, (max-width: 150px) 100vw, 150px\" \/><\/a>\n\t\t\t<\/div>\n\t\t\t\t<figcaption class='wp-caption-text gallery-caption' id='gallery-1-27094'>\n\t\t\t\tLa Cinco 7 Caf\u00e9 \/ HJ Arquitectos (\u00a9 Daniel Lucero)\n\t\t\t\t<\/figcaption><\/figure><figure class='gallery-item'>\n\t\t\t<div class='gallery-icon landscape'>\n\t\t\t\t<a href='https:\/\/www.arquimaster.com.ar\/web\/wp-content\/uploads\/2017\/07\/la_cinco_7_cafe4.jpg' title=\"La Cinco 7 Caf\u00e9 \/ HJ Arquitectos (\u00a9 Daniel Lucero)\" data-rl_title=\"La Cinco 7 Caf\u00e9 \/ HJ Arquitectos (\u00a9 Daniel Lucero)\" class=\"rl-gallery-link\" data-rl_caption=\"La Cinco 7 Caf\u00e9 \/ HJ Arquitectos (\u00a9 Daniel Lucero)\" data-rel=\"lightbox-gallery-1\"><img loading=\"lazy\" decoding=\"async\" width=\"150\" height=\"150\" src=\"https:\/\/www.arquimaster.com.ar\/web\/wp-content\/uploads\/2017\/07\/la_cinco_7_cafe4-150x150.jpg\" class=\"attachment-thumbnail size-thumbnail\" alt=\"\" aria-describedby=\"gallery-1-27095\" srcset=\"https:\/\/www.arquimaster.com.ar\/web\/wp-content\/uploads\/2017\/07\/la_cinco_7_cafe4-150x150.jpg 150w, https:\/\/www.arquimaster.com.ar\/web\/wp-content\/uploads\/2017\/07\/la_cinco_7_cafe4-50x50.jpg 50w, https:\/\/www.arquimaster.com.ar\/web\/wp-content\/uploads\/2017\/07\/la_cinco_7_cafe4-125x125.jpg 125w\" sizes=\"auto, (max-width: 150px) 100vw, 150px\" \/><\/a>\n\t\t\t<\/div>\n\t\t\t\t<figcaption class='wp-caption-text gallery-caption' id='gallery-1-27095'>\n\t\t\t\tLa Cinco 7 Caf\u00e9 \/ HJ Arquitectos (\u00a9 Daniel Lucero)\n\t\t\t\t<\/figcaption><\/figure><figure class='gallery-item'>\n\t\t\t<div class='gallery-icon landscape'>\n\t\t\t\t<a href='https:\/\/www.arquimaster.com.ar\/web\/wp-content\/uploads\/2017\/07\/la_cinco_7_cafe5.jpg' title=\"La Cinco 7 Caf\u00e9 \/ HJ Arquitectos (\u00a9 Daniel Lucero)\" data-rl_title=\"La Cinco 7 Caf\u00e9 \/ HJ Arquitectos (\u00a9 Daniel Lucero)\" class=\"rl-gallery-link\" data-rl_caption=\"La Cinco 7 Caf\u00e9 \/ HJ Arquitectos (\u00a9 Daniel Lucero)\" data-rel=\"lightbox-gallery-1\"><img loading=\"lazy\" decoding=\"async\" width=\"150\" height=\"150\" src=\"https:\/\/www.arquimaster.com.ar\/web\/wp-content\/uploads\/2017\/07\/la_cinco_7_cafe5-150x150.jpg\" class=\"attachment-thumbnail size-thumbnail\" alt=\"\" aria-describedby=\"gallery-1-27096\" srcset=\"https:\/\/www.arquimaster.com.ar\/web\/wp-content\/uploads\/2017\/07\/la_cinco_7_cafe5-150x150.jpg 150w, https:\/\/www.arquimaster.com.ar\/web\/wp-content\/uploads\/2017\/07\/la_cinco_7_cafe5-50x50.jpg 50w, https:\/\/www.arquimaster.com.ar\/web\/wp-content\/uploads\/2017\/07\/la_cinco_7_cafe5-125x125.jpg 125w\" sizes=\"auto, (max-width: 150px) 100vw, 150px\" \/><\/a>\n\t\t\t<\/div>\n\t\t\t\t<figcaption class='wp-caption-text gallery-caption' id='gallery-1-27096'>\n\t\t\t\tLa Cinco 7 Caf\u00e9 \/ HJ Arquitectos (\u00a9 Daniel Lucero)\n\t\t\t\t<\/figcaption><\/figure><figure class='gallery-item'>\n\t\t\t<div class='gallery-icon landscape'>\n\t\t\t\t<a href='https:\/\/www.arquimaster.com.ar\/web\/wp-content\/uploads\/2017\/07\/la_cinco_7_cafe6.jpg' title=\"La Cinco 7 Caf\u00e9 \/ HJ Arquitectos (\u00a9 Daniel Lucero)\" data-rl_title=\"La Cinco 7 Caf\u00e9 \/ HJ Arquitectos (\u00a9 Daniel Lucero)\" class=\"rl-gallery-link\" data-rl_caption=\"La Cinco 7 Caf\u00e9 \/ HJ Arquitectos (\u00a9 Daniel Lucero)\" data-rel=\"lightbox-gallery-1\"><img loading=\"lazy\" decoding=\"async\" width=\"150\" height=\"150\" src=\"https:\/\/www.arquimaster.com.ar\/web\/wp-content\/uploads\/2017\/07\/la_cinco_7_cafe6-150x150.jpg\" class=\"attachment-thumbnail size-thumbnail\" alt=\"\" aria-describedby=\"gallery-1-27097\" srcset=\"https:\/\/www.arquimaster.com.ar\/web\/wp-content\/uploads\/2017\/07\/la_cinco_7_cafe6-150x150.jpg 150w, https:\/\/www.arquimaster.com.ar\/web\/wp-content\/uploads\/2017\/07\/la_cinco_7_cafe6-50x50.jpg 50w, https:\/\/www.arquimaster.com.ar\/web\/wp-content\/uploads\/2017\/07\/la_cinco_7_cafe6-125x125.jpg 125w\" sizes=\"auto, (max-width: 150px) 100vw, 150px\" \/><\/a>\n\t\t\t<\/div>\n\t\t\t\t<figcaption class='wp-caption-text gallery-caption' id='gallery-1-27097'>\n\t\t\t\tLa Cinco 7 Caf\u00e9 \/ HJ Arquitectos (\u00a9 Daniel Lucero)\n\t\t\t\t<\/figcaption><\/figure><figure class='gallery-item'>\n\t\t\t<div class='gallery-icon landscape'>\n\t\t\t\t<a href='https:\/\/www.arquimaster.com.ar\/web\/wp-content\/uploads\/2017\/07\/la_cinco_7_cafe7.jpg' title=\"La Cinco 7 Caf\u00e9 \/ HJ Arquitectos (\u00a9 Daniel Lucero)\" data-rl_title=\"La Cinco 7 Caf\u00e9 \/ HJ Arquitectos (\u00a9 Daniel Lucero)\" class=\"rl-gallery-link\" data-rl_caption=\"La Cinco 7 Caf\u00e9 \/ HJ Arquitectos (\u00a9 Daniel Lucero)\" data-rel=\"lightbox-gallery-1\"><img loading=\"lazy\" decoding=\"async\" width=\"150\" height=\"150\" src=\"https:\/\/www.arquimaster.com.ar\/web\/wp-content\/uploads\/2017\/07\/la_cinco_7_cafe7-150x150.jpg\" class=\"attachment-thumbnail size-thumbnail\" alt=\"\" aria-describedby=\"gallery-1-27098\" srcset=\"https:\/\/www.arquimaster.com.ar\/web\/wp-content\/uploads\/2017\/07\/la_cinco_7_cafe7-150x150.jpg 150w, https:\/\/www.arquimaster.com.ar\/web\/wp-content\/uploads\/2017\/07\/la_cinco_7_cafe7-50x50.jpg 50w, https:\/\/www.arquimaster.com.ar\/web\/wp-content\/uploads\/2017\/07\/la_cinco_7_cafe7-125x125.jpg 125w\" sizes=\"auto, (max-width: 150px) 100vw, 150px\" \/><\/a>\n\t\t\t<\/div>\n\t\t\t\t<figcaption class='wp-caption-text gallery-caption' id='gallery-1-27098'>\n\t\t\t\tLa Cinco 7 Caf\u00e9 \/ HJ Arquitectos (\u00a9 Daniel Lucero)\n\t\t\t\t<\/figcaption><\/figure><figure class='gallery-item'>\n\t\t\t<div class='gallery-icon landscape'>\n\t\t\t\t<a href='https:\/\/www.arquimaster.com.ar\/web\/wp-content\/uploads\/2017\/07\/la_cinco_7_cafe8.jpg' title=\"La Cinco 7 Caf\u00e9 \/ HJ Arquitectos (\u00a9 Daniel Lucero)\" data-rl_title=\"La Cinco 7 Caf\u00e9 \/ HJ Arquitectos (\u00a9 Daniel Lucero)\" class=\"rl-gallery-link\" data-rl_caption=\"La Cinco 7 Caf\u00e9 \/ HJ Arquitectos (\u00a9 Daniel Lucero)\" data-rel=\"lightbox-gallery-1\"><img loading=\"lazy\" decoding=\"async\" width=\"150\" height=\"150\" src=\"https:\/\/www.arquimaster.com.ar\/web\/wp-content\/uploads\/2017\/07\/la_cinco_7_cafe8-150x150.jpg\" class=\"attachment-thumbnail size-thumbnail\" alt=\"\" aria-describedby=\"gallery-1-27099\" srcset=\"https:\/\/www.arquimaster.com.ar\/web\/wp-content\/uploads\/2017\/07\/la_cinco_7_cafe8-150x150.jpg 150w, https:\/\/www.arquimaster.com.ar\/web\/wp-content\/uploads\/2017\/07\/la_cinco_7_cafe8-50x50.jpg 50w, https:\/\/www.arquimaster.com.ar\/web\/wp-content\/uploads\/2017\/07\/la_cinco_7_cafe8-125x125.jpg 125w\" sizes=\"auto, (max-width: 150px) 100vw, 150px\" \/><\/a>\n\t\t\t<\/div>\n\t\t\t\t<figcaption class='wp-caption-text gallery-caption' id='gallery-1-27099'>\n\t\t\t\tLa Cinco 7 Caf\u00e9 \/ HJ Arquitectos (\u00a9 Daniel Lucero)\n\t\t\t\t<\/figcaption><\/figure><figure class='gallery-item'>\n\t\t\t<div class='gallery-icon landscape'>\n\t\t\t\t<a href='https:\/\/www.arquimaster.com.ar\/web\/wp-content\/uploads\/2017\/07\/la_cinco_7_cafe9.jpg' title=\"La Cinco 7 Caf\u00e9 \/ HJ Arquitectos (\u00a9 Daniel Lucero)\" data-rl_title=\"La Cinco 7 Caf\u00e9 \/ HJ Arquitectos (\u00a9 Daniel Lucero)\" class=\"rl-gallery-link\" data-rl_caption=\"La Cinco 7 Caf\u00e9 \/ HJ Arquitectos (\u00a9 Daniel Lucero)\" data-rel=\"lightbox-gallery-1\"><img loading=\"lazy\" decoding=\"async\" width=\"150\" height=\"150\" src=\"https:\/\/www.arquimaster.com.ar\/web\/wp-content\/uploads\/2017\/07\/la_cinco_7_cafe9-150x150.jpg\" class=\"attachment-thumbnail size-thumbnail\" alt=\"\" aria-describedby=\"gallery-1-27100\" srcset=\"https:\/\/www.arquimaster.com.ar\/web\/wp-content\/uploads\/2017\/07\/la_cinco_7_cafe9-150x150.jpg 150w, https:\/\/www.arquimaster.com.ar\/web\/wp-content\/uploads\/2017\/07\/la_cinco_7_cafe9-50x50.jpg 50w, https:\/\/www.arquimaster.com.ar\/web\/wp-content\/uploads\/2017\/07\/la_cinco_7_cafe9-125x125.jpg 125w\" sizes=\"auto, (max-width: 150px) 100vw, 150px\" \/><\/a>\n\t\t\t<\/div>\n\t\t\t\t<figcaption class='wp-caption-text gallery-caption' id='gallery-1-27100'>\n\t\t\t\tLa Cinco 7 Caf\u00e9 \/ HJ Arquitectos (\u00a9 Daniel Lucero)\n\t\t\t\t<\/figcaption><\/figure><figure class='gallery-item'>\n\t\t\t<div class='gallery-icon landscape'>\n\t\t\t\t<a href='https:\/\/www.arquimaster.com.ar\/web\/wp-content\/uploads\/2017\/07\/la_cinco_7_cafe10.jpg' title=\"La Cinco 7 Caf\u00e9 \/ HJ Arquitectos (\u00a9 Daniel Lucero)\" data-rl_title=\"La Cinco 7 Caf\u00e9 \/ HJ Arquitectos (\u00a9 Daniel Lucero)\" class=\"rl-gallery-link\" data-rl_caption=\"La Cinco 7 Caf\u00e9 \/ HJ Arquitectos (\u00a9 Daniel Lucero)\" data-rel=\"lightbox-gallery-1\"><img loading=\"lazy\" decoding=\"async\" width=\"150\" height=\"150\" src=\"https:\/\/www.arquimaster.com.ar\/web\/wp-content\/uploads\/2017\/07\/la_cinco_7_cafe10-150x150.jpg\" class=\"attachment-thumbnail size-thumbnail\" alt=\"\" aria-describedby=\"gallery-1-27101\" srcset=\"https:\/\/www.arquimaster.com.ar\/web\/wp-content\/uploads\/2017\/07\/la_cinco_7_cafe10-150x150.jpg 150w, https:\/\/www.arquimaster.com.ar\/web\/wp-content\/uploads\/2017\/07\/la_cinco_7_cafe10-50x50.jpg 50w, https:\/\/www.arquimaster.com.ar\/web\/wp-content\/uploads\/2017\/07\/la_cinco_7_cafe10-125x125.jpg 125w\" sizes=\"auto, (max-width: 150px) 100vw, 150px\" \/><\/a>\n\t\t\t<\/div>\n\t\t\t\t<figcaption class='wp-caption-text gallery-caption' id='gallery-1-27101'>\n\t\t\t\tLa Cinco 7 Caf\u00e9 \/ HJ Arquitectos (\u00a9 Daniel Lucero)\n\t\t\t\t<\/figcaption><\/figure><figure class='gallery-item'>\n\t\t\t<div class='gallery-icon landscape'>\n\t\t\t\t<a href='https:\/\/www.arquimaster.com.ar\/web\/wp-content\/uploads\/2017\/07\/la_cinco_7_cafe11.jpg' title=\"La Cinco 7 Caf\u00e9 \/ HJ Arquitectos (\u00a9 Daniel Lucero)\" data-rl_title=\"La Cinco 7 Caf\u00e9 \/ HJ Arquitectos (\u00a9 Daniel Lucero)\" class=\"rl-gallery-link\" data-rl_caption=\"La Cinco 7 Caf\u00e9 \/ HJ Arquitectos (\u00a9 Daniel Lucero)\" data-rel=\"lightbox-gallery-1\"><img loading=\"lazy\" decoding=\"async\" width=\"150\" height=\"150\" src=\"https:\/\/www.arquimaster.com.ar\/web\/wp-content\/uploads\/2017\/07\/la_cinco_7_cafe11-150x150.jpg\" class=\"attachment-thumbnail size-thumbnail\" alt=\"\" aria-describedby=\"gallery-1-27102\" srcset=\"https:\/\/www.arquimaster.com.ar\/web\/wp-content\/uploads\/2017\/07\/la_cinco_7_cafe11-150x150.jpg 150w, https:\/\/www.arquimaster.com.ar\/web\/wp-content\/uploads\/2017\/07\/la_cinco_7_cafe11-50x50.jpg 50w, https:\/\/www.arquimaster.com.ar\/web\/wp-content\/uploads\/2017\/07\/la_cinco_7_cafe11-125x125.jpg 125w\" sizes=\"auto, (max-width: 150px) 100vw, 150px\" \/><\/a>\n\t\t\t<\/div>\n\t\t\t\t<figcaption class='wp-caption-text gallery-caption' id='gallery-1-27102'>\n\t\t\t\tLa Cinco 7 Caf\u00e9 \/ HJ Arquitectos (\u00a9 Daniel Lucero)\n\t\t\t\t<\/figcaption><\/figure><figure class='gallery-item'>\n\t\t\t<div class='gallery-icon landscape'>\n\t\t\t\t<a href='https:\/\/www.arquimaster.com.ar\/web\/wp-content\/uploads\/2017\/07\/la_cinco_7_cafe12.jpg' title=\"La Cinco 7 Caf\u00e9 \/ HJ Arquitectos (\u00a9 Daniel Lucero)\" data-rl_title=\"La Cinco 7 Caf\u00e9 \/ HJ Arquitectos (\u00a9 Daniel Lucero)\" class=\"rl-gallery-link\" data-rl_caption=\"La Cinco 7 Caf\u00e9 \/ HJ Arquitectos (\u00a9 Daniel Lucero)\" data-rel=\"lightbox-gallery-1\"><img loading=\"lazy\" decoding=\"async\" width=\"150\" height=\"150\" src=\"https:\/\/www.arquimaster.com.ar\/web\/wp-content\/uploads\/2017\/07\/la_cinco_7_cafe12-150x150.jpg\" class=\"attachment-thumbnail size-thumbnail\" alt=\"\" aria-describedby=\"gallery-1-27103\" srcset=\"https:\/\/www.arquimaster.com.ar\/web\/wp-content\/uploads\/2017\/07\/la_cinco_7_cafe12-150x150.jpg 150w, https:\/\/www.arquimaster.com.ar\/web\/wp-content\/uploads\/2017\/07\/la_cinco_7_cafe12-50x50.jpg 50w, https:\/\/www.arquimaster.com.ar\/web\/wp-content\/uploads\/2017\/07\/la_cinco_7_cafe12-125x125.jpg 125w\" sizes=\"auto, (max-width: 150px) 100vw, 150px\" \/><\/a>\n\t\t\t<\/div>\n\t\t\t\t<figcaption class='wp-caption-text gallery-caption' id='gallery-1-27103'>\n\t\t\t\tLa Cinco 7 Caf\u00e9 \/ HJ Arquitectos (\u00a9 Daniel Lucero)\n\t\t\t\t<\/figcaption><\/figure><figure class='gallery-item'>\n\t\t\t<div class='gallery-icon portrait'>\n\t\t\t\t<a href='https:\/\/www.arquimaster.com.ar\/web\/wp-content\/uploads\/2017\/07\/la_cinco_7_cafe13.jpg' title=\"La Cinco 7 Caf\u00e9 \/ HJ Arquitectos (\u00a9 Daniel Lucero)\" data-rl_title=\"La Cinco 7 Caf\u00e9 \/ HJ Arquitectos (\u00a9 Daniel Lucero)\" class=\"rl-gallery-link\" data-rl_caption=\"La Cinco 7 Caf\u00e9 \/ HJ Arquitectos (\u00a9 Daniel Lucero)\" data-rel=\"lightbox-gallery-1\"><img loading=\"lazy\" decoding=\"async\" width=\"150\" height=\"150\" src=\"https:\/\/www.arquimaster.com.ar\/web\/wp-content\/uploads\/2017\/07\/la_cinco_7_cafe13-150x150.jpg\" class=\"attachment-thumbnail size-thumbnail\" alt=\"\" aria-describedby=\"gallery-1-27104\" srcset=\"https:\/\/www.arquimaster.com.ar\/web\/wp-content\/uploads\/2017\/07\/la_cinco_7_cafe13-150x150.jpg 150w, https:\/\/www.arquimaster.com.ar\/web\/wp-content\/uploads\/2017\/07\/la_cinco_7_cafe13-50x50.jpg 50w, https:\/\/www.arquimaster.com.ar\/web\/wp-content\/uploads\/2017\/07\/la_cinco_7_cafe13-125x125.jpg 125w\" sizes=\"auto, (max-width: 150px) 100vw, 150px\" \/><\/a>\n\t\t\t<\/div>\n\t\t\t\t<figcaption class='wp-caption-text gallery-caption' id='gallery-1-27104'>\n\t\t\t\tLa Cinco 7 Caf\u00e9 \/ HJ Arquitectos (\u00a9 Daniel Lucero)\n\t\t\t\t<\/figcaption><\/figure><figure class='gallery-item'>\n\t\t\t<div class='gallery-icon portrait'>\n\t\t\t\t<a href='https:\/\/www.arquimaster.com.ar\/web\/wp-content\/uploads\/2017\/07\/la_cinco_7_cafe14.jpg' title=\"La Cinco 7 Caf\u00e9 \/ HJ Arquitectos (\u00a9 Daniel Lucero)\" data-rl_title=\"La Cinco 7 Caf\u00e9 \/ HJ Arquitectos (\u00a9 Daniel Lucero)\" class=\"rl-gallery-link\" data-rl_caption=\"La Cinco 7 Caf\u00e9 \/ HJ Arquitectos (\u00a9 Daniel Lucero)\" data-rel=\"lightbox-gallery-1\"><img loading=\"lazy\" decoding=\"async\" width=\"150\" height=\"150\" src=\"https:\/\/www.arquimaster.com.ar\/web\/wp-content\/uploads\/2017\/07\/la_cinco_7_cafe14-150x150.jpg\" class=\"attachment-thumbnail size-thumbnail\" alt=\"\" aria-describedby=\"gallery-1-27105\" srcset=\"https:\/\/www.arquimaster.com.ar\/web\/wp-content\/uploads\/2017\/07\/la_cinco_7_cafe14-150x150.jpg 150w, https:\/\/www.arquimaster.com.ar\/web\/wp-content\/uploads\/2017\/07\/la_cinco_7_cafe14-50x50.jpg 50w, https:\/\/www.arquimaster.com.ar\/web\/wp-content\/uploads\/2017\/07\/la_cinco_7_cafe14-125x125.jpg 125w\" sizes=\"auto, (max-width: 150px) 100vw, 150px\" \/><\/a>\n\t\t\t<\/div>\n\t\t\t\t<figcaption class='wp-caption-text gallery-caption' id='gallery-1-27105'>\n\t\t\t\tLa Cinco 7 Caf\u00e9 \/ HJ Arquitectos (\u00a9 Daniel Lucero)\n\t\t\t\t<\/figcaption><\/figure><figure class='gallery-item'>\n\t\t\t<div class='gallery-icon portrait'>\n\t\t\t\t<a href='https:\/\/www.arquimaster.com.ar\/web\/wp-content\/uploads\/2017\/07\/la_cinco_7_cafe15.jpg' title=\"La Cinco 7 Caf\u00e9 \/ HJ Arquitectos (\u00a9 Daniel Lucero)\" data-rl_title=\"La Cinco 7 Caf\u00e9 \/ HJ Arquitectos (\u00a9 Daniel Lucero)\" class=\"rl-gallery-link\" data-rl_caption=\"La Cinco 7 Caf\u00e9 \/ HJ Arquitectos (\u00a9 Daniel Lucero)\" data-rel=\"lightbox-gallery-1\"><img loading=\"lazy\" decoding=\"async\" width=\"150\" height=\"150\" src=\"https:\/\/www.arquimaster.com.ar\/web\/wp-content\/uploads\/2017\/07\/la_cinco_7_cafe15-150x150.jpg\" class=\"attachment-thumbnail size-thumbnail\" alt=\"\" aria-describedby=\"gallery-1-27106\" srcset=\"https:\/\/www.arquimaster.com.ar\/web\/wp-content\/uploads\/2017\/07\/la_cinco_7_cafe15-150x150.jpg 150w, https:\/\/www.arquimaster.com.ar\/web\/wp-content\/uploads\/2017\/07\/la_cinco_7_cafe15-50x50.jpg 50w, https:\/\/www.arquimaster.com.ar\/web\/wp-content\/uploads\/2017\/07\/la_cinco_7_cafe15-125x125.jpg 125w\" sizes=\"auto, (max-width: 150px) 100vw, 150px\" \/><\/a>\n\t\t\t<\/div>\n\t\t\t\t<figcaption class='wp-caption-text gallery-caption' id='gallery-1-27106'>\n\t\t\t\tLa Cinco 7 Caf\u00e9 \/ HJ Arquitectos (\u00a9 Daniel Lucero)\n\t\t\t\t<\/figcaption><\/figure><figure class='gallery-item'>\n\t\t\t<div class='gallery-icon landscape'>\n\t\t\t\t<a href='https:\/\/www.arquimaster.com.ar\/web\/wp-content\/uploads\/2017\/07\/la_cinco_7_cafe16.jpg' title=\"La Cinco 7 Caf\u00e9 \/ HJ Arquitectos (planta)\" data-rl_title=\"La Cinco 7 Caf\u00e9 \/ HJ Arquitectos (planta)\" class=\"rl-gallery-link\" data-rl_caption=\"La Cinco 7 Caf\u00e9 \/ HJ Arquitectos (planta)\" data-rel=\"lightbox-gallery-1\"><img loading=\"lazy\" decoding=\"async\" width=\"150\" height=\"150\" src=\"https:\/\/www.arquimaster.com.ar\/web\/wp-content\/uploads\/2017\/07\/la_cinco_7_cafe16-150x150.jpg\" class=\"attachment-thumbnail size-thumbnail\" alt=\"\" aria-describedby=\"gallery-1-27107\" srcset=\"https:\/\/www.arquimaster.com.ar\/web\/wp-content\/uploads\/2017\/07\/la_cinco_7_cafe16-150x150.jpg 150w, https:\/\/www.arquimaster.com.ar\/web\/wp-content\/uploads\/2017\/07\/la_cinco_7_cafe16-50x50.jpg 50w, https:\/\/www.arquimaster.com.ar\/web\/wp-content\/uploads\/2017\/07\/la_cinco_7_cafe16-125x125.jpg 125w\" sizes=\"auto, (max-width: 150px) 100vw, 150px\" \/><\/a>\n\t\t\t<\/div>\n\t\t\t\t<figcaption class='wp-caption-text gallery-caption' id='gallery-1-27107'>\n\t\t\t\tLa Cinco 7 Caf\u00e9 \/ HJ Arquitectos (planta)\n\t\t\t\t<\/figcaption><\/figure><figure class='gallery-item'>\n\t\t\t<div class='gallery-icon landscape'>\n\t\t\t\t<a href='https:\/\/www.arquimaster.com.ar\/web\/wp-content\/uploads\/2017\/07\/la_cinco_7_cafe17.jpg' title=\"La Cinco 7 Caf\u00e9 \/ HJ Arquitectos (cielorrasos)\" data-rl_title=\"La Cinco 7 Caf\u00e9 \/ HJ Arquitectos (cielorrasos)\" class=\"rl-gallery-link\" data-rl_caption=\"La Cinco 7 Caf\u00e9 \/ HJ Arquitectos (cielorrasos)\" data-rel=\"lightbox-gallery-1\"><img loading=\"lazy\" decoding=\"async\" width=\"150\" height=\"150\" src=\"https:\/\/www.arquimaster.com.ar\/web\/wp-content\/uploads\/2017\/07\/la_cinco_7_cafe17-150x150.jpg\" class=\"attachment-thumbnail size-thumbnail\" alt=\"\" aria-describedby=\"gallery-1-27108\" srcset=\"https:\/\/www.arquimaster.com.ar\/web\/wp-content\/uploads\/2017\/07\/la_cinco_7_cafe17-150x150.jpg 150w, https:\/\/www.arquimaster.com.ar\/web\/wp-content\/uploads\/2017\/07\/la_cinco_7_cafe17-50x50.jpg 50w, https:\/\/www.arquimaster.com.ar\/web\/wp-content\/uploads\/2017\/07\/la_cinco_7_cafe17-125x125.jpg 125w\" sizes=\"auto, (max-width: 150px) 100vw, 150px\" \/><\/a>\n\t\t\t<\/div>\n\t\t\t\t<figcaption class='wp-caption-text gallery-caption' id='gallery-1-27108'>\n\t\t\t\tLa Cinco 7 Caf\u00e9 \/ HJ Arquitectos (cielorrasos)\n\t\t\t\t<\/figcaption><\/figure><figure class='gallery-item'>\n\t\t\t<div class='gallery-icon landscape'>\n\t\t\t\t<a href='https:\/\/www.arquimaster.com.ar\/web\/wp-content\/uploads\/2017\/07\/la_cinco_7_cafe20.jpg' title=\"La Cinco 7 Caf\u00e9 \/ HJ Arquitectos (corte)\" data-rl_title=\"La Cinco 7 Caf\u00e9 \/ HJ Arquitectos (corte)\" class=\"rl-gallery-link\" data-rl_caption=\"La Cinco 7 Caf\u00e9 \/ HJ Arquitectos (corte)\" data-rel=\"lightbox-gallery-1\"><img loading=\"lazy\" decoding=\"async\" width=\"150\" height=\"150\" src=\"https:\/\/www.arquimaster.com.ar\/web\/wp-content\/uploads\/2017\/07\/la_cinco_7_cafe20-150x150.jpg\" class=\"attachment-thumbnail size-thumbnail\" alt=\"\" aria-describedby=\"gallery-1-27111\" srcset=\"https:\/\/www.arquimaster.com.ar\/web\/wp-content\/uploads\/2017\/07\/la_cinco_7_cafe20-150x150.jpg 150w, https:\/\/www.arquimaster.com.ar\/web\/wp-content\/uploads\/2017\/07\/la_cinco_7_cafe20-50x50.jpg 50w, https:\/\/www.arquimaster.com.ar\/web\/wp-content\/uploads\/2017\/07\/la_cinco_7_cafe20-125x125.jpg 125w\" sizes=\"auto, (max-width: 150px) 100vw, 150px\" \/><\/a>\n\t\t\t<\/div>\n\t\t\t\t<figcaption class='wp-caption-text gallery-caption' id='gallery-1-27111'>\n\t\t\t\tLa Cinco 7 Caf\u00e9 \/ HJ Arquitectos (corte)\n\t\t\t\t<\/figcaption><\/figure><figure class='gallery-item'>\n\t\t\t<div class='gallery-icon portrait'>\n\t\t\t\t<a href='https:\/\/www.arquimaster.com.ar\/web\/wp-content\/uploads\/2017\/07\/la_cinco_7_cafe18.jpg' title=\"La Cinco 7 Caf\u00e9 \/ HJ Arquitectos (diagrama)\" data-rl_title=\"La Cinco 7 Caf\u00e9 \/ HJ Arquitectos (diagrama)\" class=\"rl-gallery-link\" data-rl_caption=\"La Cinco 7 Caf\u00e9 \/ HJ Arquitectos (diagrama)\" data-rel=\"lightbox-gallery-1\"><img loading=\"lazy\" decoding=\"async\" width=\"150\" height=\"150\" src=\"https:\/\/www.arquimaster.com.ar\/web\/wp-content\/uploads\/2017\/07\/la_cinco_7_cafe18-150x150.jpg\" class=\"attachment-thumbnail size-thumbnail\" alt=\"\" aria-describedby=\"gallery-1-27109\" srcset=\"https:\/\/www.arquimaster.com.ar\/web\/wp-content\/uploads\/2017\/07\/la_cinco_7_cafe18-150x150.jpg 150w, https:\/\/www.arquimaster.com.ar\/web\/wp-content\/uploads\/2017\/07\/la_cinco_7_cafe18-50x50.jpg 50w, https:\/\/www.arquimaster.com.ar\/web\/wp-content\/uploads\/2017\/07\/la_cinco_7_cafe18-125x125.jpg 125w\" sizes=\"auto, (max-width: 150px) 100vw, 150px\" \/><\/a>\n\t\t\t<\/div>\n\t\t\t\t<figcaption class='wp-caption-text gallery-caption' id='gallery-1-27109'>\n\t\t\t\tLa Cinco 7 Caf\u00e9 \/ HJ Arquitectos (diagrama)\n\t\t\t\t<\/figcaption><\/figure><figure class='gallery-item'>\n\t\t\t<div class='gallery-icon landscape'>\n\t\t\t\t<a href='https:\/\/www.arquimaster.com.ar\/web\/wp-content\/uploads\/2017\/07\/la_cinco_7_cafe19.jpg' title=\"La Cinco 7 Caf\u00e9 \/ HJ Arquitectos (diagrama)\" data-rl_title=\"La Cinco 7 Caf\u00e9 \/ HJ Arquitectos (diagrama)\" class=\"rl-gallery-link\" data-rl_caption=\"La Cinco 7 Caf\u00e9 \/ HJ Arquitectos (diagrama)\" data-rel=\"lightbox-gallery-1\"><img loading=\"lazy\" decoding=\"async\" width=\"150\" height=\"150\" src=\"https:\/\/www.arquimaster.com.ar\/web\/wp-content\/uploads\/2017\/07\/la_cinco_7_cafe19-150x150.jpg\" class=\"attachment-thumbnail size-thumbnail\" alt=\"\" aria-describedby=\"gallery-1-27110\" srcset=\"https:\/\/www.arquimaster.com.ar\/web\/wp-content\/uploads\/2017\/07\/la_cinco_7_cafe19-150x150.jpg 150w, https:\/\/www.arquimaster.com.ar\/web\/wp-content\/uploads\/2017\/07\/la_cinco_7_cafe19-50x50.jpg 50w, https:\/\/www.arquimaster.com.ar\/web\/wp-content\/uploads\/2017\/07\/la_cinco_7_cafe19-125x125.jpg 125w\" sizes=\"auto, (max-width: 150px) 100vw, 150px\" \/><\/a>\n\t\t\t<\/div>\n\t\t\t\t<figcaption class='wp-caption-text gallery-caption' id='gallery-1-27110'>\n\t\t\t\tLa Cinco 7 Caf\u00e9 \/ HJ Arquitectos (diagrama)\n\t\t\t\t<\/figcaption><\/figure>\n\t\t<\/div>\n\n<p>La disposici\u00f3n de la barra como eje principal del proyecto, fue orientada en posici\u00f3n Sur-Este, para dar una imagen en movimiento al usuario que ingresando a la plaza, este emplazamiento se convierte en un recorrido delimitado por los elementos adosados a la barra, pero abierto al exterior por las vidrieras del local, que interactuando con el interior a trav\u00e9s de las transparencias.<\/p>\n<p>Este recorrido muestra de manera sutil los conceptos del espacio dise\u00f1ado y la naturalidad a trav\u00e9s de mostrar secuencialmente los espacios que entornan la barra.<\/p>\n<p>En el interior, el muro de madera con ret\u00edcula triangular, como punto visual desde el acceso, invita al usuario al interior del local y dialoga con los dem\u00e1s elementos del mismo character como los luminarios triangulares, las macetas decontructivistas.<\/p>\n<p>En el interior enmarcado una estructura met\u00e1lica, se aprecia suspendido el plaf\u00f3n con forma org\u00e1nica en color gris Oxford proporcionando un sensaci\u00f3n sobria y serena, que con las perforaciones geometricas que se crean a trav\u00e9s del patr\u00f3n, le proporciona movimiento, dejando entrever discretamente las instalaciones de una manera industrial y moderna.<\/p>\n<p>La barra con su acabado brillante se impone solida sobre el acceso, elevando un costado para incorporar una zona de servicio, as\u00ed mismo integra el mismo recubrimiento del piso d\u00e1ndole fluidez y continuidad espacial.<\/p>\n<p>Se ambienta el lounge con cierta privacidad creando una zona intima dentro del lugar enmarcado con un muro oscuro semi opaco.<\/p>\n<p>El n\u00facleo sanitario disimulado por el muro de madera en el acceso, se basa en la sencillez y naturalidad del espacio con teniendo un espejo asim\u00e9trico que responde al patr\u00f3n de dise\u00f1o.<\/p>\n<p>El dise\u00f1o conceptual as\u00ed como las cualidades de los materiales desde el acceso con el muro de madera con ret\u00edcula triangular, la textura visual de los revestimientos, y el juego de las texturas de la barra y el pavimento, dan como resultado un ambiente fresco y contempor\u00e1neo.<\/p>\n<p><strong>Ficha t\u00e9cnica<\/strong><br \/>\nNombre: La Cinco 7 Caf\u00e9<br \/>\nUbicaci\u00f3n: Pabellon Violetas, Oaxaca de Juarez, Oaxaca, M\u00e9xico<br \/>\nArquitectos: HJ Arquitectos<br \/>\nArquitectos a cargo: Berenice Hernandez, Dennis Jarquin, Similano Ortega, Rodrigo Martinez, Miguel Salud<br \/>\nColaboradores: Ojeda Imagen, Alejandro Palancarez, Alberto Leon<br \/>\ncarpinterias: Jesus Ramirez, Eduardo Casas, Julio Sanchez<br \/>\nIluminacion: Sistemas integrales en instalaciones, Ing Miguel Barrios<br \/>\nConstruccion: HJ arquitectos<br \/>\nMarcas y productos: Interceramic (Marble collection rectificado), Stanza (lavabo Kader), mobiliario (Idelika importaciones)<br \/>\nSuperficie construida: 70 m2<br \/>\nA\u00f1o: 2017<br \/>\nFot\u00f3grafo: Daniel Lucero<\/p>\n<p><strong>Contacto:<\/strong> <a href=\"http:\/\/www.hjarquitectos.com\" target=\"_blank\" rel=\"noopener\">http:\/\/www.hjarquitectos.com<\/a><\/p>\n<p>&nbsp;<\/p>\n<p><em><strong>English version<\/strong><\/em><\/p>\n<p><em>The design is based on creating a modern and relaxed atmosphere of a cafeteria inside a plaza in the north of the city, following some guidelines and restrictions of the place (installations, heights, and contructive systems, etc.), optimizing re- Courses, trying to break the rigid local, to create a different spatial experience.<\/em><\/p>\n<p><em>The layout of the bar as the main axis of the project was oriented in a South-East position, to give a moving image to the user entering the square, this site becomes a path delimited by the elements attached to The bar, but open to the outside by the stained glass of the premises, which inter-acting with the interior through the transparencies.<\/em><\/p>\n<p><em>This tour subtly shows the concepts of the designed space and the nature through sequentially showing the spaces that shed the bar.<\/em><\/p>\n<p><em>Inside, the wooden wall with a triangular grid, as a visual point from the access, invites the user inside the room and dialogues with the other elements of the same character as the triangular lamps, the contructivist pots.<\/em><\/p>\n<p><em>In the interior a metal structure is framed, the ceiling is seen suspended with an organic Oxford gray color giving a sober and seething sensation, which with the geometric perforations created through the pattern, provides movement, letting glimpse discretely the Facilities in an industrial and modern way.<\/em><\/p>\n<p><em>The bar with its shiny finish imposes solid on the access, raising a cost to incorporate a service area, it also integrates the same coating of the floor giving it fluidity and spatial continuity.<\/em><\/p>\n<p><em>The lounge is set up with some privacy creating an intimate area inside the place framed by a semi-opaque dark wall.<\/em><\/p>\n<p><em>The sanitary nucleus concealed by the wooden wall in the access, is based on the simplicity and naturalness of the space with having an asymmetric mirror that responds to the pattern of design.<\/em><\/p>\n<p><em>The conceptual design as well as the qualities of the materials from the access with the wooden wall with triangular grating, the visual texture of the coatings, and the play of the bar and pavement textures result in a fresh and contemporary atmosphere.<\/em><\/p>\n\n<div style=\"font-size: 0px; height: 0px; line-height: 0px; margin: 0; padding: 0; clear: both;\"><\/div><div style=\"margin-top: 0px; margin-bottom: 0px;\" class=\"sharethis-inline-share-buttons\" ><\/div>","protected":false},"excerpt":{"rendered":"<p>La disposici\u00f3n de la barra como eje principal para dar una imagen en movimiento al usuario&#8230;<\/p>\n","protected":false},"author":1,"featured_media":27091,"comment_status":"closed","ping_status":"closed","sticky":false,"template":"","format":"standard","meta":{"_uag_custom_page_level_css":"","footnotes":""},"categories":[75,1],"tags":[1233,3059,1771,4290,1513,24,2137],"class_list":["post-27090","post","type-post","status-publish","format-standard","has-post-thumbnail","hentry","category-arquitectura-comercial","category-proyecto","tag-arquitectura-comercial-2","tag-cafe","tag-cafeteria","tag-hj-arquitectos","tag-local-comercial","tag-mexico","tag-oaxaca","generate-columns","tablet-grid-50","mobile-grid-100","grid-parent","grid-50"],"yoast_head":"<!-- This site is optimized with the Yoast SEO plugin v27.3 - https:\/\/yoast.com\/product\/yoast-seo-wordpress\/ -->\n<title>La Cinco 7 Caf\u00e9 \/ HJ Arquitectos - Arquimaster<\/title>\n<meta name=\"robots\" content=\"index, follow, max-snippet:-1, max-image-preview:large, max-video-preview:-1\" \/>\n<link rel=\"canonical\" href=\"https:\/\/www.arquimaster.com.ar\/web\/la-cinco-7-cafe-hj-arquitectos\/\" \/>\n<meta property=\"og:locale\" content=\"es_ES\" \/>\n<meta property=\"og:type\" content=\"article\" \/>\n<meta property=\"og:title\" content=\"La Cinco 7 Caf\u00e9 \/ HJ Arquitectos - Arquimaster\" \/>\n<meta property=\"og:description\" content=\"La disposici\u00f3n de la barra como eje principal para dar una imagen en movimiento al usuario...\" \/>\n<meta property=\"og:url\" content=\"https:\/\/www.arquimaster.com.ar\/web\/la-cinco-7-cafe-hj-arquitectos\/\" \/>\n<meta property=\"og:site_name\" content=\"Arquimaster\" \/>\n<meta property=\"article:publisher\" content=\"http:\/\/www.facebook.com\/ARQUIMASTER.com.ar\" \/>\n<meta property=\"article:published_time\" content=\"2017-07-06T20:58:07+00:00\" \/>\n<meta property=\"article:modified_time\" content=\"2017-07-10T01:07:51+00:00\" \/>\n<meta property=\"og:image\" content=\"https:\/\/www.arquimaster.com.ar\/web\/wp-content\/uploads\/2017\/07\/la_cinco_7_cafe_slide.jpg\" \/>\n\t<meta property=\"og:image:width\" content=\"642\" \/>\n\t<meta property=\"og:image:height\" content=\"336\" \/>\n\t<meta property=\"og:image:type\" content=\"image\/jpeg\" \/>\n<meta name=\"author\" content=\"Arquimaster\" \/>\n<meta name=\"twitter:card\" content=\"summary_large_image\" \/>\n<meta name=\"twitter:creator\" content=\"@arquimaster\" \/>\n<meta name=\"twitter:site\" content=\"@arquimaster\" \/>\n<meta name=\"twitter:label1\" content=\"Escrito por\" \/>\n\t<meta name=\"twitter:data1\" content=\"Arquimaster\" \/>\n\t<meta name=\"twitter:label2\" content=\"Tiempo de lectura\" \/>\n\t<meta name=\"twitter:data2\" content=\"4 minutos\" \/>\n<script type=\"application\/ld+json\" class=\"yoast-schema-graph\">{\"@context\":\"https:\\\/\\\/schema.org\",\"@graph\":[{\"@type\":\"Article\",\"@id\":\"https:\\\/\\\/www.arquimaster.com.ar\\\/web\\\/la-cinco-7-cafe-hj-arquitectos\\\/#article\",\"isPartOf\":{\"@id\":\"https:\\\/\\\/www.arquimaster.com.ar\\\/web\\\/la-cinco-7-cafe-hj-arquitectos\\\/\"},\"author\":{\"name\":\"Arquimaster\",\"@id\":\"https:\\\/\\\/www.arquimaster.com.ar\\\/web\\\/#\\\/schema\\\/person\\\/359e9f7c00193fcde068e0dd2ceb0028\"},\"headline\":\"La Cinco 7 Caf\u00e9 \\\/ HJ Arquitectos\",\"datePublished\":\"2017-07-06T20:58:07+00:00\",\"dateModified\":\"2017-07-10T01:07:51+00:00\",\"mainEntityOfPage\":{\"@id\":\"https:\\\/\\\/www.arquimaster.com.ar\\\/web\\\/la-cinco-7-cafe-hj-arquitectos\\\/\"},\"wordCount\":846,\"publisher\":{\"@id\":\"https:\\\/\\\/www.arquimaster.com.ar\\\/web\\\/#organization\"},\"image\":{\"@id\":\"https:\\\/\\\/www.arquimaster.com.ar\\\/web\\\/la-cinco-7-cafe-hj-arquitectos\\\/#primaryimage\"},\"thumbnailUrl\":\"https:\\\/\\\/www.arquimaster.com.ar\\\/web\\\/wp-content\\\/uploads\\\/2017\\\/07\\\/la_cinco_7_cafe_slide.jpg\",\"keywords\":[\"arquitectura comercial\",\"cafe\",\"cafeteria\",\"HJ Arquitectos\",\"locales comerciales\",\"Mexico\",\"Oaxaca\"],\"articleSection\":[\"Arquitectura comercial\",\"Proyecto\"],\"inLanguage\":\"es\"},{\"@type\":\"WebPage\",\"@id\":\"https:\\\/\\\/www.arquimaster.com.ar\\\/web\\\/la-cinco-7-cafe-hj-arquitectos\\\/\",\"url\":\"https:\\\/\\\/www.arquimaster.com.ar\\\/web\\\/la-cinco-7-cafe-hj-arquitectos\\\/\",\"name\":\"La Cinco 7 Caf\u00e9 \\\/ HJ Arquitectos - Arquimaster\",\"isPartOf\":{\"@id\":\"https:\\\/\\\/www.arquimaster.com.ar\\\/web\\\/#website\"},\"primaryImageOfPage\":{\"@id\":\"https:\\\/\\\/www.arquimaster.com.ar\\\/web\\\/la-cinco-7-cafe-hj-arquitectos\\\/#primaryimage\"},\"image\":{\"@id\":\"https:\\\/\\\/www.arquimaster.com.ar\\\/web\\\/la-cinco-7-cafe-hj-arquitectos\\\/#primaryimage\"},\"thumbnailUrl\":\"https:\\\/\\\/www.arquimaster.com.ar\\\/web\\\/wp-content\\\/uploads\\\/2017\\\/07\\\/la_cinco_7_cafe_slide.jpg\",\"datePublished\":\"2017-07-06T20:58:07+00:00\",\"dateModified\":\"2017-07-10T01:07:51+00:00\",\"breadcrumb\":{\"@id\":\"https:\\\/\\\/www.arquimaster.com.ar\\\/web\\\/la-cinco-7-cafe-hj-arquitectos\\\/#breadcrumb\"},\"inLanguage\":\"es\",\"potentialAction\":[{\"@type\":\"ReadAction\",\"target\":[\"https:\\\/\\\/www.arquimaster.com.ar\\\/web\\\/la-cinco-7-cafe-hj-arquitectos\\\/\"]}]},{\"@type\":\"ImageObject\",\"inLanguage\":\"es\",\"@id\":\"https:\\\/\\\/www.arquimaster.com.ar\\\/web\\\/la-cinco-7-cafe-hj-arquitectos\\\/#primaryimage\",\"url\":\"https:\\\/\\\/www.arquimaster.com.ar\\\/web\\\/wp-content\\\/uploads\\\/2017\\\/07\\\/la_cinco_7_cafe_slide.jpg\",\"contentUrl\":\"https:\\\/\\\/www.arquimaster.com.ar\\\/web\\\/wp-content\\\/uploads\\\/2017\\\/07\\\/la_cinco_7_cafe_slide.jpg\",\"width\":642,\"height\":336},{\"@type\":\"BreadcrumbList\",\"@id\":\"https:\\\/\\\/www.arquimaster.com.ar\\\/web\\\/la-cinco-7-cafe-hj-arquitectos\\\/#breadcrumb\",\"itemListElement\":[{\"@type\":\"ListItem\",\"position\":1,\"name\":\"Portada\",\"item\":\"https:\\\/\\\/www.arquimaster.com.ar\\\/web\\\/\"},{\"@type\":\"ListItem\",\"position\":2,\"name\":\"La Cinco 7 Caf\u00e9 \\\/ HJ Arquitectos\"}]},{\"@type\":\"WebSite\",\"@id\":\"https:\\\/\\\/www.arquimaster.com.ar\\\/web\\\/#website\",\"url\":\"https:\\\/\\\/www.arquimaster.com.ar\\\/web\\\/\",\"name\":\"Arquimaster\",\"description\":\"Web de arquitectura, dise\u00f1o y construccion\",\"publisher\":{\"@id\":\"https:\\\/\\\/www.arquimaster.com.ar\\\/web\\\/#organization\"},\"potentialAction\":[{\"@type\":\"SearchAction\",\"target\":{\"@type\":\"EntryPoint\",\"urlTemplate\":\"https:\\\/\\\/www.arquimaster.com.ar\\\/web\\\/?s={search_term_string}\"},\"query-input\":{\"@type\":\"PropertyValueSpecification\",\"valueRequired\":true,\"valueName\":\"search_term_string\"}}],\"inLanguage\":\"es\"},{\"@type\":\"Organization\",\"@id\":\"https:\\\/\\\/www.arquimaster.com.ar\\\/web\\\/#organization\",\"name\":\"Arquimaster\",\"url\":\"https:\\\/\\\/www.arquimaster.com.ar\\\/web\\\/\",\"logo\":{\"@type\":\"ImageObject\",\"inLanguage\":\"es\",\"@id\":\"https:\\\/\\\/www.arquimaster.com.ar\\\/web\\\/#\\\/schema\\\/logo\\\/image\\\/\",\"url\":\"https:\\\/\\\/www.arquimaster.com.ar\\\/web\\\/wp-content\\\/uploads\\\/2022\\\/06\\\/arquimaster.png\",\"contentUrl\":\"https:\\\/\\\/www.arquimaster.com.ar\\\/web\\\/wp-content\\\/uploads\\\/2022\\\/06\\\/arquimaster.png\",\"width\":594,\"height\":78,\"caption\":\"Arquimaster\"},\"image\":{\"@id\":\"https:\\\/\\\/www.arquimaster.com.ar\\\/web\\\/#\\\/schema\\\/logo\\\/image\\\/\"},\"sameAs\":[\"http:\\\/\\\/www.facebook.com\\\/ARQUIMASTER.com.ar\",\"https:\\\/\\\/x.com\\\/arquimaster\",\"https:\\\/\\\/www.instagram.com\\\/arquimasterblog\\\/\",\"https:\\\/\\\/www.linkedin.com\\\/company\\\/arquimaster\",\"https:\\\/\\\/www.pinterest.com\\\/arquimaster\",\"https:\\\/\\\/t.me\\\/arquimaster\"]},{\"@type\":\"Person\",\"@id\":\"https:\\\/\\\/www.arquimaster.com.ar\\\/web\\\/#\\\/schema\\\/person\\\/359e9f7c00193fcde068e0dd2ceb0028\",\"name\":\"Arquimaster\"}]}<\/script>\n<!-- \/ Yoast SEO plugin. -->","yoast_head_json":{"title":"La Cinco 7 Caf\u00e9 \/ HJ Arquitectos - Arquimaster","robots":{"index":"index","follow":"follow","max-snippet":"max-snippet:-1","max-image-preview":"max-image-preview:large","max-video-preview":"max-video-preview:-1"},"canonical":"https:\/\/www.arquimaster.com.ar\/web\/la-cinco-7-cafe-hj-arquitectos\/","og_locale":"es_ES","og_type":"article","og_title":"La Cinco 7 Caf\u00e9 \/ HJ Arquitectos - Arquimaster","og_description":"La disposici\u00f3n de la barra como eje principal para dar una imagen en movimiento al usuario...","og_url":"https:\/\/www.arquimaster.com.ar\/web\/la-cinco-7-cafe-hj-arquitectos\/","og_site_name":"Arquimaster","article_publisher":"http:\/\/www.facebook.com\/ARQUIMASTER.com.ar","article_published_time":"2017-07-06T20:58:07+00:00","article_modified_time":"2017-07-10T01:07:51+00:00","og_image":[{"width":642,"height":336,"url":"https:\/\/www.arquimaster.com.ar\/web\/wp-content\/uploads\/2017\/07\/la_cinco_7_cafe_slide.jpg","type":"image\/jpeg"}],"author":"Arquimaster","twitter_card":"summary_large_image","twitter_creator":"@arquimaster","twitter_site":"@arquimaster","twitter_misc":{"Escrito por":"Arquimaster","Tiempo de lectura":"4 minutos"},"schema":{"@context":"https:\/\/schema.org","@graph":[{"@type":"Article","@id":"https:\/\/www.arquimaster.com.ar\/web\/la-cinco-7-cafe-hj-arquitectos\/#article","isPartOf":{"@id":"https:\/\/www.arquimaster.com.ar\/web\/la-cinco-7-cafe-hj-arquitectos\/"},"author":{"name":"Arquimaster","@id":"https:\/\/www.arquimaster.com.ar\/web\/#\/schema\/person\/359e9f7c00193fcde068e0dd2ceb0028"},"headline":"La Cinco 7 Caf\u00e9 \/ HJ Arquitectos","datePublished":"2017-07-06T20:58:07+00:00","dateModified":"2017-07-10T01:07:51+00:00","mainEntityOfPage":{"@id":"https:\/\/www.arquimaster.com.ar\/web\/la-cinco-7-cafe-hj-arquitectos\/"},"wordCount":846,"publisher":{"@id":"https:\/\/www.arquimaster.com.ar\/web\/#organization"},"image":{"@id":"https:\/\/www.arquimaster.com.ar\/web\/la-cinco-7-cafe-hj-arquitectos\/#primaryimage"},"thumbnailUrl":"https:\/\/www.arquimaster.com.ar\/web\/wp-content\/uploads\/2017\/07\/la_cinco_7_cafe_slide.jpg","keywords":["arquitectura comercial","cafe","cafeteria","HJ Arquitectos","locales comerciales","Mexico","Oaxaca"],"articleSection":["Arquitectura comercial","Proyecto"],"inLanguage":"es"},{"@type":"WebPage","@id":"https:\/\/www.arquimaster.com.ar\/web\/la-cinco-7-cafe-hj-arquitectos\/","url":"https:\/\/www.arquimaster.com.ar\/web\/la-cinco-7-cafe-hj-arquitectos\/","name":"La Cinco 7 Caf\u00e9 \/ HJ Arquitectos - Arquimaster","isPartOf":{"@id":"https:\/\/www.arquimaster.com.ar\/web\/#website"},"primaryImageOfPage":{"@id":"https:\/\/www.arquimaster.com.ar\/web\/la-cinco-7-cafe-hj-arquitectos\/#primaryimage"},"image":{"@id":"https:\/\/www.arquimaster.com.ar\/web\/la-cinco-7-cafe-hj-arquitectos\/#primaryimage"},"thumbnailUrl":"https:\/\/www.arquimaster.com.ar\/web\/wp-content\/uploads\/2017\/07\/la_cinco_7_cafe_slide.jpg","datePublished":"2017-07-06T20:58:07+00:00","dateModified":"2017-07-10T01:07:51+00:00","breadcrumb":{"@id":"https:\/\/www.arquimaster.com.ar\/web\/la-cinco-7-cafe-hj-arquitectos\/#breadcrumb"},"inLanguage":"es","potentialAction":[{"@type":"ReadAction","target":["https:\/\/www.arquimaster.com.ar\/web\/la-cinco-7-cafe-hj-arquitectos\/"]}]},{"@type":"ImageObject","inLanguage":"es","@id":"https:\/\/www.arquimaster.com.ar\/web\/la-cinco-7-cafe-hj-arquitectos\/#primaryimage","url":"https:\/\/www.arquimaster.com.ar\/web\/wp-content\/uploads\/2017\/07\/la_cinco_7_cafe_slide.jpg","contentUrl":"https:\/\/www.arquimaster.com.ar\/web\/wp-content\/uploads\/2017\/07\/la_cinco_7_cafe_slide.jpg","width":642,"height":336},{"@type":"BreadcrumbList","@id":"https:\/\/www.arquimaster.com.ar\/web\/la-cinco-7-cafe-hj-arquitectos\/#breadcrumb","itemListElement":[{"@type":"ListItem","position":1,"name":"Portada","item":"https:\/\/www.arquimaster.com.ar\/web\/"},{"@type":"ListItem","position":2,"name":"La Cinco 7 Caf\u00e9 \/ HJ Arquitectos"}]},{"@type":"WebSite","@id":"https:\/\/www.arquimaster.com.ar\/web\/#website","url":"https:\/\/www.arquimaster.com.ar\/web\/","name":"Arquimaster","description":"Web de arquitectura, dise\u00f1o y construccion","publisher":{"@id":"https:\/\/www.arquimaster.com.ar\/web\/#organization"},"potentialAction":[{"@type":"SearchAction","target":{"@type":"EntryPoint","urlTemplate":"https:\/\/www.arquimaster.com.ar\/web\/?s={search_term_string}"},"query-input":{"@type":"PropertyValueSpecification","valueRequired":true,"valueName":"search_term_string"}}],"inLanguage":"es"},{"@type":"Organization","@id":"https:\/\/www.arquimaster.com.ar\/web\/#organization","name":"Arquimaster","url":"https:\/\/www.arquimaster.com.ar\/web\/","logo":{"@type":"ImageObject","inLanguage":"es","@id":"https:\/\/www.arquimaster.com.ar\/web\/#\/schema\/logo\/image\/","url":"https:\/\/www.arquimaster.com.ar\/web\/wp-content\/uploads\/2022\/06\/arquimaster.png","contentUrl":"https:\/\/www.arquimaster.com.ar\/web\/wp-content\/uploads\/2022\/06\/arquimaster.png","width":594,"height":78,"caption":"Arquimaster"},"image":{"@id":"https:\/\/www.arquimaster.com.ar\/web\/#\/schema\/logo\/image\/"},"sameAs":["http:\/\/www.facebook.com\/ARQUIMASTER.com.ar","https:\/\/x.com\/arquimaster","https:\/\/www.instagram.com\/arquimasterblog\/","https:\/\/www.linkedin.com\/company\/arquimaster","https:\/\/www.pinterest.com\/arquimaster","https:\/\/t.me\/arquimaster"]},{"@type":"Person","@id":"https:\/\/www.arquimaster.com.ar\/web\/#\/schema\/person\/359e9f7c00193fcde068e0dd2ceb0028","name":"Arquimaster"}]}},"uagb_featured_image_src":{"full":["https:\/\/www.arquimaster.com.ar\/web\/wp-content\/uploads\/2017\/07\/la_cinco_7_cafe_slide.jpg",642,336,false],"thumbnail":["https:\/\/www.arquimaster.com.ar\/web\/wp-content\/uploads\/2017\/07\/la_cinco_7_cafe_slide-150x150.jpg",150,150,true],"medium":["https:\/\/www.arquimaster.com.ar\/web\/wp-content\/uploads\/2017\/07\/la_cinco_7_cafe_slide.jpg",642,336,false],"medium_large":["https:\/\/www.arquimaster.com.ar\/web\/wp-content\/uploads\/2017\/07\/la_cinco_7_cafe_slide.jpg",642,336,false],"large":["https:\/\/www.arquimaster.com.ar\/web\/wp-content\/uploads\/2017\/07\/la_cinco_7_cafe_slide.jpg",642,336,false],"1536x1536":["https:\/\/www.arquimaster.com.ar\/web\/wp-content\/uploads\/2017\/07\/la_cinco_7_cafe_slide.jpg",642,336,false],"2048x2048":["https:\/\/www.arquimaster.com.ar\/web\/wp-content\/uploads\/2017\/07\/la_cinco_7_cafe_slide.jpg",642,336,false]},"uagb_author_info":{"display_name":"Arquimaster","author_link":"https:\/\/www.arquimaster.com.ar\/web\/author\/arquimaster\/"},"uagb_comment_info":0,"uagb_excerpt":"La disposici\u00f3n de la barra como eje principal para dar una imagen en movimiento al usuario...","_links":{"self":[{"href":"https:\/\/www.arquimaster.com.ar\/web\/wp-json\/wp\/v2\/posts\/27090","targetHints":{"allow":["GET"]}}],"collection":[{"href":"https:\/\/www.arquimaster.com.ar\/web\/wp-json\/wp\/v2\/posts"}],"about":[{"href":"https:\/\/www.arquimaster.com.ar\/web\/wp-json\/wp\/v2\/types\/post"}],"author":[{"embeddable":true,"href":"https:\/\/www.arquimaster.com.ar\/web\/wp-json\/wp\/v2\/users\/1"}],"replies":[{"embeddable":true,"href":"https:\/\/www.arquimaster.com.ar\/web\/wp-json\/wp\/v2\/comments?post=27090"}],"version-history":[{"count":0,"href":"https:\/\/www.arquimaster.com.ar\/web\/wp-json\/wp\/v2\/posts\/27090\/revisions"}],"wp:featuredmedia":[{"embeddable":true,"href":"https:\/\/www.arquimaster.com.ar\/web\/wp-json\/wp\/v2\/media\/27091"}],"wp:attachment":[{"href":"https:\/\/www.arquimaster.com.ar\/web\/wp-json\/wp\/v2\/media?parent=27090"}],"wp:term":[{"taxonomy":"category","embeddable":true,"href":"https:\/\/www.arquimaster.com.ar\/web\/wp-json\/wp\/v2\/categories?post=27090"},{"taxonomy":"post_tag","embeddable":true,"href":"https:\/\/www.arquimaster.com.ar\/web\/wp-json\/wp\/v2\/tags?post=27090"}],"curies":[{"name":"wp","href":"https:\/\/api.w.org\/{rel}","templated":true}]}}