{"id":27127,"date":"2017-07-14T19:37:33","date_gmt":"2017-07-14T19:37:33","guid":{"rendered":"http:\/\/www.arquimaster.com.ar\/web\/?p=27127"},"modified":"2017-07-16T19:53:25","modified_gmt":"2017-07-16T19:53:25","slug":"casa-csf-lopez-duplan-arquitectos","status":"publish","type":"post","link":"https:\/\/www.arquimaster.com.ar\/web\/casa-csf-lopez-duplan-arquitectos\/","title":{"rendered":"Casa CSF \/ L\u00f3pez Duplan Arquitectos"},"content":{"rendered":"<div style=\"margin-top: 0px; margin-bottom: 0px;\" class=\"sharethis-inline-share-buttons\" ><\/div><div class=\"b812932af2e751442846f039925109de\" data-index=\"1\" style=\"float: none; margin:25px 0 25px 0; text-align:center;\">\n<script async src=\"https:\/\/pagead2.googlesyndication.com\/pagead\/js\/adsbygoogle.js\"><\/script>\r\n<!-- Arquimaster (superior) -->\r\n<ins class=\"adsbygoogle\"\r\n     style=\"display:block\"\r\n     data-ad-client=\"ca-pub-6351072698456832\"\r\n     data-ad-slot=\"6455489680\"\r\n     data-ad-format=\"auto\"\r\n     data-full-width-responsive=\"true\"><\/ins>\r\n<script>\r\n     (adsbygoogle = window.adsbygoogle || []).push({});\r\n<\/script>\n<\/div>\n<p><strong>Casa CSF<\/strong> (Ciudad de M\u00e9xico) por <strong>L\u00f3pez Duplan Arquitectos<\/strong>. La forma b\u00e1sica del terreno es un rect\u00e1ngulo y nos ajustamos a sus dimensiones para obtener el mayor provecho del espacio. En la fachada se aprecian claramente 2 planos que son parte de un mismo volumen. Decidimos utilizar la piedra como acabado del principal, para darle mucha fuerza y resaltar la personalidad del proyecto. El segundo plano lo suavizamos con vegetaci\u00f3n, para marcar la diferencia entre ambos y lograr un gui\u00f1o a la importante presencia de la naturaleza en todo el proyecto.<\/p>\n<div id='gallery-1' class='gallery galleryid-27127 gallery-columns-3 gallery-size-thumbnail'><figure class='gallery-item'>\n\t\t\t<div class='gallery-icon portrait'>\n\t\t\t\t<a href='https:\/\/www.arquimaster.com.ar\/web\/wp-content\/uploads\/2017\/07\/casa_csf1.jpg' title=\"Casa CSF \/ L\u00f3pez Duplan Arquitectos (\u00a9 H\u00e9ctor Armando Herrera)\" data-rl_title=\"Casa CSF \/ L\u00f3pez Duplan Arquitectos (\u00a9 H\u00e9ctor Armando Herrera)\" class=\"rl-gallery-link\" data-rl_caption=\"Casa CSF \/ L\u00f3pez Duplan Arquitectos (\u00a9 H\u00e9ctor Armando Herrera)\" data-rel=\"lightbox-gallery-1\"><img loading=\"lazy\" decoding=\"async\" width=\"150\" height=\"150\" src=\"https:\/\/www.arquimaster.com.ar\/web\/wp-content\/uploads\/2017\/07\/casa_csf1-150x150.jpg\" class=\"attachment-thumbnail size-thumbnail\" alt=\"\" aria-describedby=\"gallery-1-27129\" srcset=\"https:\/\/www.arquimaster.com.ar\/web\/wp-content\/uploads\/2017\/07\/casa_csf1-150x150.jpg 150w, https:\/\/www.arquimaster.com.ar\/web\/wp-content\/uploads\/2017\/07\/casa_csf1-50x50.jpg 50w, https:\/\/www.arquimaster.com.ar\/web\/wp-content\/uploads\/2017\/07\/casa_csf1-125x125.jpg 125w\" sizes=\"auto, (max-width: 150px) 100vw, 150px\" \/><\/a>\n\t\t\t<\/div>\n\t\t\t\t<figcaption class='wp-caption-text gallery-caption' id='gallery-1-27129'>\n\t\t\t\tCasa CSF \/ L\u00f3pez Duplan Arquitectos (\u00a9 H\u00e9ctor Armando Herrera)\n\t\t\t\t<\/figcaption><\/figure><figure class='gallery-item'>\n\t\t\t<div class='gallery-icon portrait'>\n\t\t\t\t<a href='https:\/\/www.arquimaster.com.ar\/web\/wp-content\/uploads\/2017\/07\/casa_csf2.jpg' title=\"Casa CSF \/ L\u00f3pez Duplan Arquitectos (\u00a9 H\u00e9ctor Armando Herrera)\" data-rl_title=\"Casa CSF \/ L\u00f3pez Duplan Arquitectos (\u00a9 H\u00e9ctor Armando Herrera)\" class=\"rl-gallery-link\" data-rl_caption=\"Casa CSF \/ L\u00f3pez Duplan Arquitectos (\u00a9 H\u00e9ctor Armando Herrera)\" data-rel=\"lightbox-gallery-1\"><img loading=\"lazy\" decoding=\"async\" width=\"150\" height=\"150\" src=\"https:\/\/www.arquimaster.com.ar\/web\/wp-content\/uploads\/2017\/07\/casa_csf2-150x150.jpg\" class=\"attachment-thumbnail size-thumbnail\" alt=\"\" aria-describedby=\"gallery-1-27130\" srcset=\"https:\/\/www.arquimaster.com.ar\/web\/wp-content\/uploads\/2017\/07\/casa_csf2-150x150.jpg 150w, https:\/\/www.arquimaster.com.ar\/web\/wp-content\/uploads\/2017\/07\/casa_csf2-50x50.jpg 50w, https:\/\/www.arquimaster.com.ar\/web\/wp-content\/uploads\/2017\/07\/casa_csf2-125x125.jpg 125w\" sizes=\"auto, (max-width: 150px) 100vw, 150px\" \/><\/a>\n\t\t\t<\/div>\n\t\t\t\t<figcaption class='wp-caption-text gallery-caption' id='gallery-1-27130'>\n\t\t\t\tCasa CSF \/ L\u00f3pez Duplan Arquitectos (\u00a9 H\u00e9ctor Armando Herrera)\n\t\t\t\t<\/figcaption><\/figure><figure class='gallery-item'>\n\t\t\t<div class='gallery-icon landscape'>\n\t\t\t\t<a href='https:\/\/www.arquimaster.com.ar\/web\/wp-content\/uploads\/2017\/07\/casa_csf3.jpg' title=\"Casa CSF \/ L\u00f3pez Duplan Arquitectos (\u00a9 H\u00e9ctor Armando Herrera)\" data-rl_title=\"Casa CSF \/ L\u00f3pez Duplan Arquitectos (\u00a9 H\u00e9ctor Armando Herrera)\" class=\"rl-gallery-link\" data-rl_caption=\"Casa CSF \/ L\u00f3pez Duplan Arquitectos (\u00a9 H\u00e9ctor Armando Herrera)\" data-rel=\"lightbox-gallery-1\"><img loading=\"lazy\" decoding=\"async\" width=\"150\" height=\"150\" src=\"https:\/\/www.arquimaster.com.ar\/web\/wp-content\/uploads\/2017\/07\/casa_csf3-150x150.jpg\" class=\"attachment-thumbnail size-thumbnail\" alt=\"\" aria-describedby=\"gallery-1-27131\" srcset=\"https:\/\/www.arquimaster.com.ar\/web\/wp-content\/uploads\/2017\/07\/casa_csf3-150x150.jpg 150w, https:\/\/www.arquimaster.com.ar\/web\/wp-content\/uploads\/2017\/07\/casa_csf3-50x50.jpg 50w, https:\/\/www.arquimaster.com.ar\/web\/wp-content\/uploads\/2017\/07\/casa_csf3-125x125.jpg 125w\" sizes=\"auto, (max-width: 150px) 100vw, 150px\" \/><\/a>\n\t\t\t<\/div>\n\t\t\t\t<figcaption class='wp-caption-text gallery-caption' id='gallery-1-27131'>\n\t\t\t\tCasa CSF \/ L\u00f3pez Duplan Arquitectos (\u00a9 H\u00e9ctor Armando Herrera)\n\t\t\t\t<\/figcaption><\/figure><figure class='gallery-item'>\n\t\t\t<div class='gallery-icon landscape'>\n\t\t\t\t<a href='https:\/\/www.arquimaster.com.ar\/web\/wp-content\/uploads\/2017\/07\/casa_csf4.jpg' title=\"Casa CSF \/ L\u00f3pez Duplan Arquitectos (\u00a9 H\u00e9ctor Armando Herrera)\" data-rl_title=\"Casa CSF \/ L\u00f3pez Duplan Arquitectos (\u00a9 H\u00e9ctor Armando Herrera)\" class=\"rl-gallery-link\" data-rl_caption=\"Casa CSF \/ L\u00f3pez Duplan Arquitectos (\u00a9 H\u00e9ctor Armando Herrera)\" data-rel=\"lightbox-gallery-1\"><img loading=\"lazy\" decoding=\"async\" width=\"150\" height=\"150\" src=\"https:\/\/www.arquimaster.com.ar\/web\/wp-content\/uploads\/2017\/07\/casa_csf4-150x150.jpg\" class=\"attachment-thumbnail size-thumbnail\" alt=\"\" aria-describedby=\"gallery-1-27132\" srcset=\"https:\/\/www.arquimaster.com.ar\/web\/wp-content\/uploads\/2017\/07\/casa_csf4-150x150.jpg 150w, https:\/\/www.arquimaster.com.ar\/web\/wp-content\/uploads\/2017\/07\/casa_csf4-50x50.jpg 50w, https:\/\/www.arquimaster.com.ar\/web\/wp-content\/uploads\/2017\/07\/casa_csf4-125x125.jpg 125w\" sizes=\"auto, (max-width: 150px) 100vw, 150px\" \/><\/a>\n\t\t\t<\/div>\n\t\t\t\t<figcaption class='wp-caption-text gallery-caption' id='gallery-1-27132'>\n\t\t\t\tCasa CSF \/ L\u00f3pez Duplan Arquitectos (\u00a9 H\u00e9ctor Armando Herrera)\n\t\t\t\t<\/figcaption><\/figure><figure class='gallery-item'>\n\t\t\t<div class='gallery-icon landscape'>\n\t\t\t\t<a href='https:\/\/www.arquimaster.com.ar\/web\/wp-content\/uploads\/2017\/07\/casa_csf5.jpg' title=\"Casa CSF \/ L\u00f3pez Duplan Arquitectos (\u00a9 H\u00e9ctor Armando Herrera)\" data-rl_title=\"Casa CSF \/ L\u00f3pez Duplan Arquitectos (\u00a9 H\u00e9ctor Armando Herrera)\" class=\"rl-gallery-link\" data-rl_caption=\"Casa CSF \/ L\u00f3pez Duplan Arquitectos (\u00a9 H\u00e9ctor Armando Herrera)\" data-rel=\"lightbox-gallery-1\"><img loading=\"lazy\" decoding=\"async\" width=\"150\" height=\"150\" src=\"https:\/\/www.arquimaster.com.ar\/web\/wp-content\/uploads\/2017\/07\/casa_csf5-150x150.jpg\" class=\"attachment-thumbnail size-thumbnail\" alt=\"\" aria-describedby=\"gallery-1-27133\" srcset=\"https:\/\/www.arquimaster.com.ar\/web\/wp-content\/uploads\/2017\/07\/casa_csf5-150x150.jpg 150w, https:\/\/www.arquimaster.com.ar\/web\/wp-content\/uploads\/2017\/07\/casa_csf5-50x50.jpg 50w, https:\/\/www.arquimaster.com.ar\/web\/wp-content\/uploads\/2017\/07\/casa_csf5-125x125.jpg 125w\" sizes=\"auto, (max-width: 150px) 100vw, 150px\" \/><\/a>\n\t\t\t<\/div>\n\t\t\t\t<figcaption class='wp-caption-text gallery-caption' id='gallery-1-27133'>\n\t\t\t\tCasa CSF \/ L\u00f3pez Duplan Arquitectos (\u00a9 H\u00e9ctor Armando Herrera)\n\t\t\t\t<\/figcaption><\/figure><figure class='gallery-item'>\n\t\t\t<div class='gallery-icon landscape'>\n\t\t\t\t<a href='https:\/\/www.arquimaster.com.ar\/web\/wp-content\/uploads\/2017\/07\/casa_csf6.jpg' title=\"Casa CSF \/ L\u00f3pez Duplan Arquitectos (\u00a9 H\u00e9ctor Armando Herrera)\" data-rl_title=\"Casa CSF \/ L\u00f3pez Duplan Arquitectos (\u00a9 H\u00e9ctor Armando Herrera)\" class=\"rl-gallery-link\" data-rl_caption=\"Casa CSF \/ L\u00f3pez Duplan Arquitectos (\u00a9 H\u00e9ctor Armando Herrera)\" data-rel=\"lightbox-gallery-1\"><img loading=\"lazy\" decoding=\"async\" width=\"150\" height=\"150\" src=\"https:\/\/www.arquimaster.com.ar\/web\/wp-content\/uploads\/2017\/07\/casa_csf6-150x150.jpg\" class=\"attachment-thumbnail size-thumbnail\" alt=\"\" aria-describedby=\"gallery-1-27134\" srcset=\"https:\/\/www.arquimaster.com.ar\/web\/wp-content\/uploads\/2017\/07\/casa_csf6-150x150.jpg 150w, https:\/\/www.arquimaster.com.ar\/web\/wp-content\/uploads\/2017\/07\/casa_csf6-50x50.jpg 50w, https:\/\/www.arquimaster.com.ar\/web\/wp-content\/uploads\/2017\/07\/casa_csf6-125x125.jpg 125w\" sizes=\"auto, (max-width: 150px) 100vw, 150px\" \/><\/a>\n\t\t\t<\/div>\n\t\t\t\t<figcaption class='wp-caption-text gallery-caption' id='gallery-1-27134'>\n\t\t\t\tCasa CSF \/ L\u00f3pez Duplan Arquitectos (\u00a9 H\u00e9ctor Armando Herrera)\n\t\t\t\t<\/figcaption><\/figure><figure class='gallery-item'>\n\t\t\t<div class='gallery-icon landscape'>\n\t\t\t\t<a href='https:\/\/www.arquimaster.com.ar\/web\/wp-content\/uploads\/2017\/07\/casa_csf7.jpg' title=\"Casa CSF \/ L\u00f3pez Duplan Arquitectos (\u00a9 H\u00e9ctor Armando Herrera)\" data-rl_title=\"Casa CSF \/ L\u00f3pez Duplan Arquitectos (\u00a9 H\u00e9ctor Armando Herrera)\" class=\"rl-gallery-link\" data-rl_caption=\"Casa CSF \/ L\u00f3pez Duplan Arquitectos (\u00a9 H\u00e9ctor Armando Herrera)\" data-rel=\"lightbox-gallery-1\"><img loading=\"lazy\" decoding=\"async\" width=\"150\" height=\"150\" src=\"https:\/\/www.arquimaster.com.ar\/web\/wp-content\/uploads\/2017\/07\/casa_csf7-150x150.jpg\" class=\"attachment-thumbnail size-thumbnail\" alt=\"\" aria-describedby=\"gallery-1-27135\" srcset=\"https:\/\/www.arquimaster.com.ar\/web\/wp-content\/uploads\/2017\/07\/casa_csf7-150x150.jpg 150w, https:\/\/www.arquimaster.com.ar\/web\/wp-content\/uploads\/2017\/07\/casa_csf7-50x50.jpg 50w, https:\/\/www.arquimaster.com.ar\/web\/wp-content\/uploads\/2017\/07\/casa_csf7-125x125.jpg 125w\" sizes=\"auto, (max-width: 150px) 100vw, 150px\" \/><\/a>\n\t\t\t<\/div>\n\t\t\t\t<figcaption class='wp-caption-text gallery-caption' id='gallery-1-27135'>\n\t\t\t\tCasa CSF \/ L\u00f3pez Duplan Arquitectos (\u00a9 H\u00e9ctor Armando Herrera)\n\t\t\t\t<\/figcaption><\/figure><figure class='gallery-item'>\n\t\t\t<div class='gallery-icon landscape'>\n\t\t\t\t<a href='https:\/\/www.arquimaster.com.ar\/web\/wp-content\/uploads\/2017\/07\/casa_csf8.jpg' title=\"Casa CSF \/ L\u00f3pez Duplan Arquitectos (\u00a9 H\u00e9ctor Armando Herrera)\" data-rl_title=\"Casa CSF \/ L\u00f3pez Duplan Arquitectos (\u00a9 H\u00e9ctor Armando Herrera)\" class=\"rl-gallery-link\" data-rl_caption=\"Casa CSF \/ L\u00f3pez Duplan Arquitectos (\u00a9 H\u00e9ctor Armando Herrera)\" data-rel=\"lightbox-gallery-1\"><img loading=\"lazy\" decoding=\"async\" width=\"150\" height=\"150\" src=\"https:\/\/www.arquimaster.com.ar\/web\/wp-content\/uploads\/2017\/07\/casa_csf8-150x150.jpg\" class=\"attachment-thumbnail size-thumbnail\" alt=\"\" aria-describedby=\"gallery-1-27136\" srcset=\"https:\/\/www.arquimaster.com.ar\/web\/wp-content\/uploads\/2017\/07\/casa_csf8-150x150.jpg 150w, https:\/\/www.arquimaster.com.ar\/web\/wp-content\/uploads\/2017\/07\/casa_csf8-50x50.jpg 50w, https:\/\/www.arquimaster.com.ar\/web\/wp-content\/uploads\/2017\/07\/casa_csf8-125x125.jpg 125w\" sizes=\"auto, (max-width: 150px) 100vw, 150px\" \/><\/a>\n\t\t\t<\/div>\n\t\t\t\t<figcaption class='wp-caption-text gallery-caption' id='gallery-1-27136'>\n\t\t\t\tCasa CSF \/ L\u00f3pez Duplan Arquitectos (\u00a9 H\u00e9ctor Armando Herrera)\n\t\t\t\t<\/figcaption><\/figure><figure class='gallery-item'>\n\t\t\t<div class='gallery-icon landscape'>\n\t\t\t\t<a href='https:\/\/www.arquimaster.com.ar\/web\/wp-content\/uploads\/2017\/07\/casa_csf9.jpg' title=\"Casa CSF \/ L\u00f3pez Duplan Arquitectos (\u00a9 H\u00e9ctor Armando Herrera)\" data-rl_title=\"Casa CSF \/ L\u00f3pez Duplan Arquitectos (\u00a9 H\u00e9ctor Armando Herrera)\" class=\"rl-gallery-link\" data-rl_caption=\"Casa CSF \/ L\u00f3pez Duplan Arquitectos (\u00a9 H\u00e9ctor Armando Herrera)\" data-rel=\"lightbox-gallery-1\"><img loading=\"lazy\" decoding=\"async\" width=\"150\" height=\"150\" src=\"https:\/\/www.arquimaster.com.ar\/web\/wp-content\/uploads\/2017\/07\/casa_csf9-150x150.jpg\" class=\"attachment-thumbnail size-thumbnail\" alt=\"\" aria-describedby=\"gallery-1-27137\" srcset=\"https:\/\/www.arquimaster.com.ar\/web\/wp-content\/uploads\/2017\/07\/casa_csf9-150x150.jpg 150w, https:\/\/www.arquimaster.com.ar\/web\/wp-content\/uploads\/2017\/07\/casa_csf9-50x50.jpg 50w, https:\/\/www.arquimaster.com.ar\/web\/wp-content\/uploads\/2017\/07\/casa_csf9-125x125.jpg 125w\" sizes=\"auto, (max-width: 150px) 100vw, 150px\" \/><\/a>\n\t\t\t<\/div>\n\t\t\t\t<figcaption class='wp-caption-text gallery-caption' id='gallery-1-27137'>\n\t\t\t\tCasa CSF \/ L\u00f3pez Duplan Arquitectos (\u00a9 H\u00e9ctor Armando Herrera)\n\t\t\t\t<\/figcaption><\/figure><figure class='gallery-item'>\n\t\t\t<div class='gallery-icon landscape'>\n\t\t\t\t<a href='https:\/\/www.arquimaster.com.ar\/web\/wp-content\/uploads\/2017\/07\/casa_csf10.jpg' title=\"Casa CSF \/ L\u00f3pez Duplan Arquitectos (\u00a9 H\u00e9ctor Armando Herrera)\" data-rl_title=\"Casa CSF \/ L\u00f3pez Duplan Arquitectos (\u00a9 H\u00e9ctor Armando Herrera)\" class=\"rl-gallery-link\" data-rl_caption=\"Casa CSF \/ L\u00f3pez Duplan Arquitectos (\u00a9 H\u00e9ctor Armando Herrera)\" data-rel=\"lightbox-gallery-1\"><img loading=\"lazy\" decoding=\"async\" width=\"150\" height=\"150\" src=\"https:\/\/www.arquimaster.com.ar\/web\/wp-content\/uploads\/2017\/07\/casa_csf10-150x150.jpg\" class=\"attachment-thumbnail size-thumbnail\" alt=\"\" aria-describedby=\"gallery-1-27138\" srcset=\"https:\/\/www.arquimaster.com.ar\/web\/wp-content\/uploads\/2017\/07\/casa_csf10-150x150.jpg 150w, https:\/\/www.arquimaster.com.ar\/web\/wp-content\/uploads\/2017\/07\/casa_csf10-50x50.jpg 50w, https:\/\/www.arquimaster.com.ar\/web\/wp-content\/uploads\/2017\/07\/casa_csf10-125x125.jpg 125w\" sizes=\"auto, (max-width: 150px) 100vw, 150px\" \/><\/a>\n\t\t\t<\/div>\n\t\t\t\t<figcaption class='wp-caption-text gallery-caption' id='gallery-1-27138'>\n\t\t\t\tCasa CSF \/ L\u00f3pez Duplan Arquitectos (\u00a9 H\u00e9ctor Armando Herrera)\n\t\t\t\t<\/figcaption><\/figure><figure class='gallery-item'>\n\t\t\t<div class='gallery-icon landscape'>\n\t\t\t\t<a href='https:\/\/www.arquimaster.com.ar\/web\/wp-content\/uploads\/2017\/07\/casa_csf11.jpg' title=\"Casa CSF \/ L\u00f3pez Duplan Arquitectos (\u00a9 H\u00e9ctor Armando Herrera)\" data-rl_title=\"Casa CSF \/ L\u00f3pez Duplan Arquitectos (\u00a9 H\u00e9ctor Armando Herrera)\" class=\"rl-gallery-link\" data-rl_caption=\"Casa CSF \/ L\u00f3pez Duplan Arquitectos (\u00a9 H\u00e9ctor Armando Herrera)\" data-rel=\"lightbox-gallery-1\"><img loading=\"lazy\" decoding=\"async\" width=\"150\" height=\"150\" src=\"https:\/\/www.arquimaster.com.ar\/web\/wp-content\/uploads\/2017\/07\/casa_csf11-150x150.jpg\" class=\"attachment-thumbnail size-thumbnail\" alt=\"\" aria-describedby=\"gallery-1-27139\" srcset=\"https:\/\/www.arquimaster.com.ar\/web\/wp-content\/uploads\/2017\/07\/casa_csf11-150x150.jpg 150w, https:\/\/www.arquimaster.com.ar\/web\/wp-content\/uploads\/2017\/07\/casa_csf11-50x50.jpg 50w, https:\/\/www.arquimaster.com.ar\/web\/wp-content\/uploads\/2017\/07\/casa_csf11-125x125.jpg 125w\" sizes=\"auto, (max-width: 150px) 100vw, 150px\" \/><\/a>\n\t\t\t<\/div>\n\t\t\t\t<figcaption class='wp-caption-text gallery-caption' id='gallery-1-27139'>\n\t\t\t\tCasa CSF \/ L\u00f3pez Duplan Arquitectos (\u00a9 H\u00e9ctor Armando Herrera)\n\t\t\t\t<\/figcaption><\/figure><figure class='gallery-item'>\n\t\t\t<div class='gallery-icon landscape'>\n\t\t\t\t<a href='https:\/\/www.arquimaster.com.ar\/web\/wp-content\/uploads\/2017\/07\/casa_csf12.jpg' title=\"Casa CSF \/ L\u00f3pez Duplan Arquitectos (\u00a9 H\u00e9ctor Armando Herrera)\" data-rl_title=\"Casa CSF \/ L\u00f3pez Duplan Arquitectos (\u00a9 H\u00e9ctor Armando Herrera)\" class=\"rl-gallery-link\" data-rl_caption=\"Casa CSF \/ L\u00f3pez Duplan Arquitectos (\u00a9 H\u00e9ctor Armando Herrera)\" data-rel=\"lightbox-gallery-1\"><img loading=\"lazy\" decoding=\"async\" width=\"150\" height=\"150\" src=\"https:\/\/www.arquimaster.com.ar\/web\/wp-content\/uploads\/2017\/07\/casa_csf12-150x150.jpg\" class=\"attachment-thumbnail size-thumbnail\" alt=\"\" aria-describedby=\"gallery-1-27140\" srcset=\"https:\/\/www.arquimaster.com.ar\/web\/wp-content\/uploads\/2017\/07\/casa_csf12-150x150.jpg 150w, https:\/\/www.arquimaster.com.ar\/web\/wp-content\/uploads\/2017\/07\/casa_csf12-50x50.jpg 50w, https:\/\/www.arquimaster.com.ar\/web\/wp-content\/uploads\/2017\/07\/casa_csf12-125x125.jpg 125w\" sizes=\"auto, (max-width: 150px) 100vw, 150px\" \/><\/a>\n\t\t\t<\/div>\n\t\t\t\t<figcaption class='wp-caption-text gallery-caption' id='gallery-1-27140'>\n\t\t\t\tCasa CSF \/ L\u00f3pez Duplan Arquitectos (\u00a9 H\u00e9ctor Armando Herrera)\n\t\t\t\t<\/figcaption><\/figure><figure class='gallery-item'>\n\t\t\t<div class='gallery-icon portrait'>\n\t\t\t\t<a href='https:\/\/www.arquimaster.com.ar\/web\/wp-content\/uploads\/2017\/07\/casa_csf13.jpg' title=\"Casa CSF \/ L\u00f3pez Duplan Arquitectos (\u00a9 H\u00e9ctor Armando Herrera)\" data-rl_title=\"Casa CSF \/ L\u00f3pez Duplan Arquitectos (\u00a9 H\u00e9ctor Armando Herrera)\" class=\"rl-gallery-link\" data-rl_caption=\"Casa CSF \/ L\u00f3pez Duplan Arquitectos (\u00a9 H\u00e9ctor Armando Herrera)\" data-rel=\"lightbox-gallery-1\"><img loading=\"lazy\" decoding=\"async\" width=\"150\" height=\"150\" src=\"https:\/\/www.arquimaster.com.ar\/web\/wp-content\/uploads\/2017\/07\/casa_csf13-150x150.jpg\" class=\"attachment-thumbnail size-thumbnail\" alt=\"\" aria-describedby=\"gallery-1-27141\" srcset=\"https:\/\/www.arquimaster.com.ar\/web\/wp-content\/uploads\/2017\/07\/casa_csf13-150x150.jpg 150w, https:\/\/www.arquimaster.com.ar\/web\/wp-content\/uploads\/2017\/07\/casa_csf13-50x50.jpg 50w, https:\/\/www.arquimaster.com.ar\/web\/wp-content\/uploads\/2017\/07\/casa_csf13-125x125.jpg 125w\" sizes=\"auto, (max-width: 150px) 100vw, 150px\" \/><\/a>\n\t\t\t<\/div>\n\t\t\t\t<figcaption class='wp-caption-text gallery-caption' id='gallery-1-27141'>\n\t\t\t\tCasa CSF \/ L\u00f3pez Duplan Arquitectos (\u00a9 H\u00e9ctor Armando Herrera)\n\t\t\t\t<\/figcaption><\/figure><figure class='gallery-item'>\n\t\t\t<div class='gallery-icon portrait'>\n\t\t\t\t<a href='https:\/\/www.arquimaster.com.ar\/web\/wp-content\/uploads\/2017\/07\/casa_csf14.jpg' title=\"Casa CSF \/ L\u00f3pez Duplan Arquitectos (\u00a9 H\u00e9ctor Armando Herrera)\" data-rl_title=\"Casa CSF \/ L\u00f3pez Duplan Arquitectos (\u00a9 H\u00e9ctor Armando Herrera)\" class=\"rl-gallery-link\" data-rl_caption=\"Casa CSF \/ L\u00f3pez Duplan Arquitectos (\u00a9 H\u00e9ctor Armando Herrera)\" data-rel=\"lightbox-gallery-1\"><img loading=\"lazy\" decoding=\"async\" width=\"150\" height=\"150\" src=\"https:\/\/www.arquimaster.com.ar\/web\/wp-content\/uploads\/2017\/07\/casa_csf14-150x150.jpg\" class=\"attachment-thumbnail size-thumbnail\" alt=\"\" aria-describedby=\"gallery-1-27142\" srcset=\"https:\/\/www.arquimaster.com.ar\/web\/wp-content\/uploads\/2017\/07\/casa_csf14-150x150.jpg 150w, https:\/\/www.arquimaster.com.ar\/web\/wp-content\/uploads\/2017\/07\/casa_csf14-50x50.jpg 50w, https:\/\/www.arquimaster.com.ar\/web\/wp-content\/uploads\/2017\/07\/casa_csf14-125x125.jpg 125w\" sizes=\"auto, (max-width: 150px) 100vw, 150px\" \/><\/a>\n\t\t\t<\/div>\n\t\t\t\t<figcaption class='wp-caption-text gallery-caption' id='gallery-1-27142'>\n\t\t\t\tCasa CSF \/ L\u00f3pez Duplan Arquitectos (\u00a9 H\u00e9ctor Armando Herrera)\n\t\t\t\t<\/figcaption><\/figure><figure class='gallery-item'>\n\t\t\t<div class='gallery-icon portrait'>\n\t\t\t\t<a href='https:\/\/www.arquimaster.com.ar\/web\/wp-content\/uploads\/2017\/07\/casa_csf15.jpg' title=\"Casa CSF \/ L\u00f3pez Duplan Arquitectos (\u00a9 H\u00e9ctor Armando Herrera)\" data-rl_title=\"Casa CSF \/ L\u00f3pez Duplan Arquitectos (\u00a9 H\u00e9ctor Armando Herrera)\" class=\"rl-gallery-link\" data-rl_caption=\"Casa CSF \/ L\u00f3pez Duplan Arquitectos (\u00a9 H\u00e9ctor Armando Herrera)\" data-rel=\"lightbox-gallery-1\"><img loading=\"lazy\" decoding=\"async\" width=\"150\" height=\"150\" src=\"https:\/\/www.arquimaster.com.ar\/web\/wp-content\/uploads\/2017\/07\/casa_csf15-150x150.jpg\" class=\"attachment-thumbnail size-thumbnail\" alt=\"\" aria-describedby=\"gallery-1-27143\" srcset=\"https:\/\/www.arquimaster.com.ar\/web\/wp-content\/uploads\/2017\/07\/casa_csf15-150x150.jpg 150w, https:\/\/www.arquimaster.com.ar\/web\/wp-content\/uploads\/2017\/07\/casa_csf15-50x50.jpg 50w, https:\/\/www.arquimaster.com.ar\/web\/wp-content\/uploads\/2017\/07\/casa_csf15-125x125.jpg 125w\" sizes=\"auto, (max-width: 150px) 100vw, 150px\" \/><\/a>\n\t\t\t<\/div>\n\t\t\t\t<figcaption class='wp-caption-text gallery-caption' id='gallery-1-27143'>\n\t\t\t\tCasa CSF \/ L\u00f3pez Duplan Arquitectos (\u00a9 H\u00e9ctor Armando Herrera)\n\t\t\t\t<\/figcaption><\/figure><figure class='gallery-item'>\n\t\t\t<div class='gallery-icon landscape'>\n\t\t\t\t<a href='https:\/\/www.arquimaster.com.ar\/web\/wp-content\/uploads\/2017\/07\/casa_csf16.jpg' title=\"Casa CSF \/ L\u00f3pez Duplan Arquitectos (planta baja)\" data-rl_title=\"Casa CSF \/ L\u00f3pez Duplan Arquitectos (planta baja)\" class=\"rl-gallery-link\" data-rl_caption=\"Casa CSF \/ L\u00f3pez Duplan Arquitectos (planta baja)\" data-rel=\"lightbox-gallery-1\"><img loading=\"lazy\" decoding=\"async\" width=\"150\" height=\"150\" src=\"https:\/\/www.arquimaster.com.ar\/web\/wp-content\/uploads\/2017\/07\/casa_csf16-150x150.jpg\" class=\"attachment-thumbnail size-thumbnail\" alt=\"\" aria-describedby=\"gallery-1-27144\" srcset=\"https:\/\/www.arquimaster.com.ar\/web\/wp-content\/uploads\/2017\/07\/casa_csf16-150x150.jpg 150w, https:\/\/www.arquimaster.com.ar\/web\/wp-content\/uploads\/2017\/07\/casa_csf16-50x50.jpg 50w, https:\/\/www.arquimaster.com.ar\/web\/wp-content\/uploads\/2017\/07\/casa_csf16-125x125.jpg 125w\" sizes=\"auto, (max-width: 150px) 100vw, 150px\" \/><\/a>\n\t\t\t<\/div>\n\t\t\t\t<figcaption class='wp-caption-text gallery-caption' id='gallery-1-27144'>\n\t\t\t\tCasa CSF \/ L\u00f3pez Duplan Arquitectos (planta baja)\n\t\t\t\t<\/figcaption><\/figure><figure class='gallery-item'>\n\t\t\t<div class='gallery-icon landscape'>\n\t\t\t\t<a href='https:\/\/www.arquimaster.com.ar\/web\/wp-content\/uploads\/2017\/07\/casa_csf17.jpg' title=\"Casa CSF \/ L\u00f3pez Duplan Arquitectos (planta 1\u00ba nivel)\" data-rl_title=\"Casa CSF \/ L\u00f3pez Duplan Arquitectos (planta 1\u00ba nivel)\" class=\"rl-gallery-link\" data-rl_caption=\"Casa CSF \/ L\u00f3pez Duplan Arquitectos (planta 1\u00ba nivel)\" data-rel=\"lightbox-gallery-1\"><img loading=\"lazy\" decoding=\"async\" width=\"150\" height=\"150\" src=\"https:\/\/www.arquimaster.com.ar\/web\/wp-content\/uploads\/2017\/07\/casa_csf17-150x150.jpg\" class=\"attachment-thumbnail size-thumbnail\" alt=\"\" aria-describedby=\"gallery-1-27145\" srcset=\"https:\/\/www.arquimaster.com.ar\/web\/wp-content\/uploads\/2017\/07\/casa_csf17-150x150.jpg 150w, https:\/\/www.arquimaster.com.ar\/web\/wp-content\/uploads\/2017\/07\/casa_csf17-50x50.jpg 50w, https:\/\/www.arquimaster.com.ar\/web\/wp-content\/uploads\/2017\/07\/casa_csf17-125x125.jpg 125w\" sizes=\"auto, (max-width: 150px) 100vw, 150px\" \/><\/a>\n\t\t\t<\/div>\n\t\t\t\t<figcaption class='wp-caption-text gallery-caption' id='gallery-1-27145'>\n\t\t\t\tCasa CSF \/ L\u00f3pez Duplan Arquitectos (planta 1\u00ba nivel)\n\t\t\t\t<\/figcaption><\/figure><figure class='gallery-item'>\n\t\t\t<div class='gallery-icon landscape'>\n\t\t\t\t<a href='https:\/\/www.arquimaster.com.ar\/web\/wp-content\/uploads\/2017\/07\/casa_csf18.jpg' title=\"Casa CSF \/ L\u00f3pez Duplan Arquitectos (planta 2\u00ba nivel)\" data-rl_title=\"Casa CSF \/ L\u00f3pez Duplan Arquitectos (planta 2\u00ba nivel)\" class=\"rl-gallery-link\" data-rl_caption=\"Casa CSF \/ L\u00f3pez Duplan Arquitectos (planta 2\u00ba nivel)\" data-rel=\"lightbox-gallery-1\"><img loading=\"lazy\" decoding=\"async\" width=\"150\" height=\"150\" src=\"https:\/\/www.arquimaster.com.ar\/web\/wp-content\/uploads\/2017\/07\/casa_csf18-150x150.jpg\" class=\"attachment-thumbnail size-thumbnail\" alt=\"\" aria-describedby=\"gallery-1-27146\" srcset=\"https:\/\/www.arquimaster.com.ar\/web\/wp-content\/uploads\/2017\/07\/casa_csf18-150x150.jpg 150w, https:\/\/www.arquimaster.com.ar\/web\/wp-content\/uploads\/2017\/07\/casa_csf18-50x50.jpg 50w, https:\/\/www.arquimaster.com.ar\/web\/wp-content\/uploads\/2017\/07\/casa_csf18-125x125.jpg 125w\" sizes=\"auto, (max-width: 150px) 100vw, 150px\" \/><\/a>\n\t\t\t<\/div>\n\t\t\t\t<figcaption class='wp-caption-text gallery-caption' id='gallery-1-27146'>\n\t\t\t\tCasa CSF \/ L\u00f3pez Duplan Arquitectos (planta 2\u00ba nivel)\n\t\t\t\t<\/figcaption><\/figure><figure class='gallery-item'>\n\t\t\t<div class='gallery-icon landscape'>\n\t\t\t\t<a href='https:\/\/www.arquimaster.com.ar\/web\/wp-content\/uploads\/2017\/07\/casa_csf19.jpg' title=\"Casa CSF \/ L\u00f3pez Duplan Arquitectos (planta s\u00f3tano)\" data-rl_title=\"Casa CSF \/ L\u00f3pez Duplan Arquitectos (planta s\u00f3tano)\" class=\"rl-gallery-link\" data-rl_caption=\"Casa CSF \/ L\u00f3pez Duplan Arquitectos (planta s\u00f3tano)\" data-rel=\"lightbox-gallery-1\"><img loading=\"lazy\" decoding=\"async\" width=\"150\" height=\"150\" src=\"https:\/\/www.arquimaster.com.ar\/web\/wp-content\/uploads\/2017\/07\/casa_csf19-150x150.jpg\" class=\"attachment-thumbnail size-thumbnail\" alt=\"\" aria-describedby=\"gallery-1-27147\" srcset=\"https:\/\/www.arquimaster.com.ar\/web\/wp-content\/uploads\/2017\/07\/casa_csf19-150x150.jpg 150w, https:\/\/www.arquimaster.com.ar\/web\/wp-content\/uploads\/2017\/07\/casa_csf19-50x50.jpg 50w, https:\/\/www.arquimaster.com.ar\/web\/wp-content\/uploads\/2017\/07\/casa_csf19-125x125.jpg 125w\" sizes=\"auto, (max-width: 150px) 100vw, 150px\" \/><\/a>\n\t\t\t<\/div>\n\t\t\t\t<figcaption class='wp-caption-text gallery-caption' id='gallery-1-27147'>\n\t\t\t\tCasa CSF \/ L\u00f3pez Duplan Arquitectos (planta s\u00f3tano)\n\t\t\t\t<\/figcaption><\/figure><figure class='gallery-item'>\n\t\t\t<div class='gallery-icon landscape'>\n\t\t\t\t<a href='https:\/\/www.arquimaster.com.ar\/web\/wp-content\/uploads\/2017\/07\/casa_csf20.jpg' title=\"Casa CSF \/ L\u00f3pez Duplan Arquitectos (vista frente)\" data-rl_title=\"Casa CSF \/ L\u00f3pez Duplan Arquitectos (vista frente)\" class=\"rl-gallery-link\" data-rl_caption=\"Casa CSF \/ L\u00f3pez Duplan Arquitectos (vista frente)\" data-rel=\"lightbox-gallery-1\"><img loading=\"lazy\" decoding=\"async\" width=\"150\" height=\"150\" src=\"https:\/\/www.arquimaster.com.ar\/web\/wp-content\/uploads\/2017\/07\/casa_csf20-150x150.jpg\" class=\"attachment-thumbnail size-thumbnail\" alt=\"\" aria-describedby=\"gallery-1-27148\" srcset=\"https:\/\/www.arquimaster.com.ar\/web\/wp-content\/uploads\/2017\/07\/casa_csf20-150x150.jpg 150w, https:\/\/www.arquimaster.com.ar\/web\/wp-content\/uploads\/2017\/07\/casa_csf20-50x50.jpg 50w, https:\/\/www.arquimaster.com.ar\/web\/wp-content\/uploads\/2017\/07\/casa_csf20-125x125.jpg 125w\" sizes=\"auto, (max-width: 150px) 100vw, 150px\" \/><\/a>\n\t\t\t<\/div>\n\t\t\t\t<figcaption class='wp-caption-text gallery-caption' id='gallery-1-27148'>\n\t\t\t\tCasa CSF \/ L\u00f3pez Duplan Arquitectos (vista frente)\n\t\t\t\t<\/figcaption><\/figure><figure class='gallery-item'>\n\t\t\t<div class='gallery-icon landscape'>\n\t\t\t\t<a href='https:\/\/www.arquimaster.com.ar\/web\/wp-content\/uploads\/2017\/07\/casa_csf21.jpg' title=\"Casa CSF \/ L\u00f3pez Duplan Arquitectos (vista contrafrente)\" data-rl_title=\"Casa CSF \/ L\u00f3pez Duplan Arquitectos (vista contrafrente)\" class=\"rl-gallery-link\" data-rl_caption=\"Casa CSF \/ L\u00f3pez Duplan Arquitectos (vista contrafrente)\" data-rel=\"lightbox-gallery-1\"><img loading=\"lazy\" decoding=\"async\" width=\"150\" height=\"150\" src=\"https:\/\/www.arquimaster.com.ar\/web\/wp-content\/uploads\/2017\/07\/casa_csf21-150x150.jpg\" class=\"attachment-thumbnail size-thumbnail\" alt=\"\" aria-describedby=\"gallery-1-27149\" srcset=\"https:\/\/www.arquimaster.com.ar\/web\/wp-content\/uploads\/2017\/07\/casa_csf21-150x150.jpg 150w, https:\/\/www.arquimaster.com.ar\/web\/wp-content\/uploads\/2017\/07\/casa_csf21-50x50.jpg 50w, https:\/\/www.arquimaster.com.ar\/web\/wp-content\/uploads\/2017\/07\/casa_csf21-125x125.jpg 125w\" sizes=\"auto, (max-width: 150px) 100vw, 150px\" \/><\/a>\n\t\t\t<\/div>\n\t\t\t\t<figcaption class='wp-caption-text gallery-caption' id='gallery-1-27149'>\n\t\t\t\tCasa CSF \/ L\u00f3pez Duplan Arquitectos (vista contrafrente)\n\t\t\t\t<\/figcaption><\/figure><figure class='gallery-item'>\n\t\t\t<div class='gallery-icon landscape'>\n\t\t\t\t<a href='https:\/\/www.arquimaster.com.ar\/web\/wp-content\/uploads\/2017\/07\/casa_csf22.jpg' title=\"Casa CSF \/ L\u00f3pez Duplan Arquitectos (corte)\" data-rl_title=\"Casa CSF \/ L\u00f3pez Duplan Arquitectos (corte)\" class=\"rl-gallery-link\" data-rl_caption=\"Casa CSF \/ L\u00f3pez Duplan Arquitectos (corte)\" data-rel=\"lightbox-gallery-1\"><img loading=\"lazy\" decoding=\"async\" width=\"150\" height=\"150\" src=\"https:\/\/www.arquimaster.com.ar\/web\/wp-content\/uploads\/2017\/07\/casa_csf22-150x150.jpg\" class=\"attachment-thumbnail size-thumbnail\" alt=\"\" aria-describedby=\"gallery-1-27150\" srcset=\"https:\/\/www.arquimaster.com.ar\/web\/wp-content\/uploads\/2017\/07\/casa_csf22-150x150.jpg 150w, https:\/\/www.arquimaster.com.ar\/web\/wp-content\/uploads\/2017\/07\/casa_csf22-50x50.jpg 50w, https:\/\/www.arquimaster.com.ar\/web\/wp-content\/uploads\/2017\/07\/casa_csf22-125x125.jpg 125w\" sizes=\"auto, (max-width: 150px) 100vw, 150px\" \/><\/a>\n\t\t\t<\/div>\n\t\t\t\t<figcaption class='wp-caption-text gallery-caption' id='gallery-1-27150'>\n\t\t\t\tCasa CSF \/ L\u00f3pez Duplan Arquitectos (corte)\n\t\t\t\t<\/figcaption><\/figure><figure class='gallery-item'>\n\t\t\t<div class='gallery-icon landscape'>\n\t\t\t\t<a href='https:\/\/www.arquimaster.com.ar\/web\/wp-content\/uploads\/2017\/07\/casa_csf23.jpg' title=\"Casa CSF \/ L\u00f3pez Duplan Arquitectos (corte)\" data-rl_title=\"Casa CSF \/ L\u00f3pez Duplan Arquitectos (corte)\" class=\"rl-gallery-link\" data-rl_caption=\"Casa CSF \/ L\u00f3pez Duplan Arquitectos (corte)\" data-rel=\"lightbox-gallery-1\"><img loading=\"lazy\" decoding=\"async\" width=\"150\" height=\"150\" src=\"https:\/\/www.arquimaster.com.ar\/web\/wp-content\/uploads\/2017\/07\/casa_csf23-150x150.jpg\" class=\"attachment-thumbnail size-thumbnail\" alt=\"\" aria-describedby=\"gallery-1-27151\" srcset=\"https:\/\/www.arquimaster.com.ar\/web\/wp-content\/uploads\/2017\/07\/casa_csf23-150x150.jpg 150w, https:\/\/www.arquimaster.com.ar\/web\/wp-content\/uploads\/2017\/07\/casa_csf23-50x50.jpg 50w, https:\/\/www.arquimaster.com.ar\/web\/wp-content\/uploads\/2017\/07\/casa_csf23-125x125.jpg 125w\" sizes=\"auto, (max-width: 150px) 100vw, 150px\" \/><\/a>\n\t\t\t<\/div>\n\t\t\t\t<figcaption class='wp-caption-text gallery-caption' id='gallery-1-27151'>\n\t\t\t\tCasa CSF \/ L\u00f3pez Duplan Arquitectos (corte)\n\t\t\t\t<\/figcaption><\/figure><figure class='gallery-item'>\n\t\t\t<div class='gallery-icon landscape'>\n\t\t\t\t<a href='https:\/\/www.arquimaster.com.ar\/web\/wp-content\/uploads\/2017\/07\/casa_csf24.jpg' title=\"Casa CSF \/ L\u00f3pez Duplan Arquitectos (corte)\" data-rl_title=\"Casa CSF \/ L\u00f3pez Duplan Arquitectos (corte)\" class=\"rl-gallery-link\" data-rl_caption=\"Casa CSF \/ L\u00f3pez Duplan Arquitectos (corte)\" data-rel=\"lightbox-gallery-1\"><img loading=\"lazy\" decoding=\"async\" width=\"150\" height=\"150\" src=\"https:\/\/www.arquimaster.com.ar\/web\/wp-content\/uploads\/2017\/07\/casa_csf24-150x150.jpg\" class=\"attachment-thumbnail size-thumbnail\" alt=\"\" aria-describedby=\"gallery-1-27152\" srcset=\"https:\/\/www.arquimaster.com.ar\/web\/wp-content\/uploads\/2017\/07\/casa_csf24-150x150.jpg 150w, https:\/\/www.arquimaster.com.ar\/web\/wp-content\/uploads\/2017\/07\/casa_csf24-50x50.jpg 50w, https:\/\/www.arquimaster.com.ar\/web\/wp-content\/uploads\/2017\/07\/casa_csf24-125x125.jpg 125w\" sizes=\"auto, (max-width: 150px) 100vw, 150px\" \/><\/a>\n\t\t\t<\/div>\n\t\t\t\t<figcaption class='wp-caption-text gallery-caption' id='gallery-1-27152'>\n\t\t\t\tCasa CSF \/ L\u00f3pez Duplan Arquitectos (corte)\n\t\t\t\t<\/figcaption><\/figure><figure class='gallery-item'>\n\t\t\t<div class='gallery-icon landscape'>\n\t\t\t\t<a href='https:\/\/www.arquimaster.com.ar\/web\/wp-content\/uploads\/2017\/07\/casa_csf25.jpg' title=\"Casa CSF \/ L\u00f3pez Duplan Arquitectos (corte)\" data-rl_title=\"Casa CSF \/ L\u00f3pez Duplan Arquitectos (corte)\" class=\"rl-gallery-link\" data-rl_caption=\"Casa CSF \/ L\u00f3pez Duplan Arquitectos (corte)\" data-rel=\"lightbox-gallery-1\"><img loading=\"lazy\" decoding=\"async\" width=\"150\" height=\"150\" src=\"https:\/\/www.arquimaster.com.ar\/web\/wp-content\/uploads\/2017\/07\/casa_csf25-150x150.jpg\" class=\"attachment-thumbnail size-thumbnail\" alt=\"\" aria-describedby=\"gallery-1-27153\" srcset=\"https:\/\/www.arquimaster.com.ar\/web\/wp-content\/uploads\/2017\/07\/casa_csf25-150x150.jpg 150w, https:\/\/www.arquimaster.com.ar\/web\/wp-content\/uploads\/2017\/07\/casa_csf25-50x50.jpg 50w, https:\/\/www.arquimaster.com.ar\/web\/wp-content\/uploads\/2017\/07\/casa_csf25-125x125.jpg 125w\" sizes=\"auto, (max-width: 150px) 100vw, 150px\" \/><\/a>\n\t\t\t<\/div>\n\t\t\t\t<figcaption class='wp-caption-text gallery-caption' id='gallery-1-27153'>\n\t\t\t\tCasa CSF \/ L\u00f3pez Duplan Arquitectos (corte)\n\t\t\t\t<\/figcaption><\/figure><figure class='gallery-item'>\n\t\t\t<div class='gallery-icon landscape'>\n\t\t\t\t<a href='https:\/\/www.arquimaster.com.ar\/web\/wp-content\/uploads\/2017\/07\/casa_csf26.jpg' title=\"Casa CSF \/ L\u00f3pez Duplan Arquitectos\" data-rl_title=\"Casa CSF \/ L\u00f3pez Duplan Arquitectos\" class=\"rl-gallery-link\" data-rl_caption=\"Casa CSF \/ L\u00f3pez Duplan Arquitectos\" data-rel=\"lightbox-gallery-1\"><img loading=\"lazy\" decoding=\"async\" width=\"150\" height=\"150\" src=\"https:\/\/www.arquimaster.com.ar\/web\/wp-content\/uploads\/2017\/07\/casa_csf26-150x150.jpg\" class=\"attachment-thumbnail size-thumbnail\" alt=\"\" aria-describedby=\"gallery-1-27154\" srcset=\"https:\/\/www.arquimaster.com.ar\/web\/wp-content\/uploads\/2017\/07\/casa_csf26-150x150.jpg 150w, https:\/\/www.arquimaster.com.ar\/web\/wp-content\/uploads\/2017\/07\/casa_csf26-50x50.jpg 50w, https:\/\/www.arquimaster.com.ar\/web\/wp-content\/uploads\/2017\/07\/casa_csf26-125x125.jpg 125w\" sizes=\"auto, (max-width: 150px) 100vw, 150px\" \/><\/a>\n\t\t\t<\/div>\n\t\t\t\t<figcaption class='wp-caption-text gallery-caption' id='gallery-1-27154'>\n\t\t\t\tCasa CSF \/ L\u00f3pez Duplan Arquitectos\n\t\t\t\t<\/figcaption><\/figure><figure class='gallery-item'>\n\t\t\t<div class='gallery-icon landscape'>\n\t\t\t\t<a href='https:\/\/www.arquimaster.com.ar\/web\/wp-content\/uploads\/2017\/07\/casa_csf27.jpg' title=\"Casa CSF \/ L\u00f3pez Duplan Arquitectos\" data-rl_title=\"Casa CSF \/ L\u00f3pez Duplan Arquitectos\" class=\"rl-gallery-link\" data-rl_caption=\"Casa CSF \/ L\u00f3pez Duplan Arquitectos\" data-rel=\"lightbox-gallery-1\"><img loading=\"lazy\" decoding=\"async\" width=\"150\" height=\"150\" src=\"https:\/\/www.arquimaster.com.ar\/web\/wp-content\/uploads\/2017\/07\/casa_csf27-150x150.jpg\" class=\"attachment-thumbnail size-thumbnail\" alt=\"\" aria-describedby=\"gallery-1-27155\" srcset=\"https:\/\/www.arquimaster.com.ar\/web\/wp-content\/uploads\/2017\/07\/casa_csf27-150x150.jpg 150w, https:\/\/www.arquimaster.com.ar\/web\/wp-content\/uploads\/2017\/07\/casa_csf27-50x50.jpg 50w, https:\/\/www.arquimaster.com.ar\/web\/wp-content\/uploads\/2017\/07\/casa_csf27-125x125.jpg 125w\" sizes=\"auto, (max-width: 150px) 100vw, 150px\" \/><\/a>\n\t\t\t<\/div>\n\t\t\t\t<figcaption class='wp-caption-text gallery-caption' id='gallery-1-27155'>\n\t\t\t\tCasa CSF \/ L\u00f3pez Duplan Arquitectos\n\t\t\t\t<\/figcaption><\/figure><figure class='gallery-item'>\n\t\t\t<div class='gallery-icon landscape'>\n\t\t\t\t<a href='https:\/\/www.arquimaster.com.ar\/web\/wp-content\/uploads\/2017\/07\/casa_csf28.jpg' title=\"Casa CSF \/ L\u00f3pez Duplan Arquitectos\" data-rl_title=\"Casa CSF \/ L\u00f3pez Duplan Arquitectos\" class=\"rl-gallery-link\" data-rl_caption=\"Casa CSF \/ L\u00f3pez Duplan Arquitectos\" data-rel=\"lightbox-gallery-1\"><img loading=\"lazy\" decoding=\"async\" width=\"150\" height=\"150\" src=\"https:\/\/www.arquimaster.com.ar\/web\/wp-content\/uploads\/2017\/07\/casa_csf28-150x150.jpg\" class=\"attachment-thumbnail size-thumbnail\" alt=\"\" aria-describedby=\"gallery-1-27156\" srcset=\"https:\/\/www.arquimaster.com.ar\/web\/wp-content\/uploads\/2017\/07\/casa_csf28-150x150.jpg 150w, https:\/\/www.arquimaster.com.ar\/web\/wp-content\/uploads\/2017\/07\/casa_csf28-50x50.jpg 50w, https:\/\/www.arquimaster.com.ar\/web\/wp-content\/uploads\/2017\/07\/casa_csf28-125x125.jpg 125w\" sizes=\"auto, (max-width: 150px) 100vw, 150px\" \/><\/a>\n\t\t\t<\/div>\n\t\t\t\t<figcaption class='wp-caption-text gallery-caption' id='gallery-1-27156'>\n\t\t\t\tCasa CSF \/ L\u00f3pez Duplan Arquitectos\n\t\t\t\t<\/figcaption><\/figure>\n\t\t<\/div>\n\n<p>Para el pasillo que conduce hacia la entrada principal seleccionamos recinto para el piso y el muro izquierdo logrando una din\u00e1mica muy especial por las caracter\u00edsticas y porosidad misma del material, que est\u00e1 contrastado con la madera del muro derecho que le brinda calidez y se suma a dar la bienvenida junto con la vegetaci\u00f3n que recorren todo el camino a nivel de piso.<\/p>\n<p>La casa est\u00e1 compuesta por \u00e1reas p\u00fablicas y \u00e1reas privadas divididas en tres plantas principales y una media planta destinada a varios servicios. En la planta baja se localiza un generoso espacio de sala y comedor con una cocina integrada a un estar familiar. La vida familiar es muy importante para lo que se busc\u00f3 crear un ambiente armonioso y flexible para desarrollar todas las actividades. En el primer nivel est\u00e1n las habitaciones de los ni\u00f1os y el segundo nivel es el de la rec\u00e1mara principal.<\/p>\n<p>Se hizo un dise\u00f1o del jard\u00edn posterior y el patio central que es el que le da vida y privacidad a toda la casa. Es una zona donde no hay distancia entre una residencia y otra, por lo que decidimos aprovechar este espacio abierto para darle a la familia que lo habita un oasis que pueden disfrutar tanto en el interior como en el exterior. Este generoso jard\u00edn adem\u00e1s sirve para que todos los espacios tengan mucha luz natural y vistas agradables.<\/p>\n<p>Nos apoyamos consultando a una ingeniera agr\u00f3noma que adem\u00e1s de orientarnos con la selecci\u00f3n de las especies, nos ayud\u00f3 a afinar el resultado est\u00e9tico de todo el conjunto.<\/p>\n<p>El patio nos permiti\u00f3 lograr un espacio central que adem\u00e1s de sumarse a las fuentes de luz natural y vegetaci\u00f3n para el interior, nos crea un \u00e1rea de transici\u00f3n y oculta un pasillo de servicio que conecta las \u00e1reas de servicio y las areas p\u00fablicas de la planta baja. Todas las \u00e1reas cuentan con amplios ventanales y puertas que se abren ocult\u00e1ndose para convertir cada \u00e1rea en una sola, abierta o cerrada. En este proyecto fue muy importante considerar la interacci\u00f3n total entre el interior y el exterior para poder aprovechar al m\u00e1ximo el espacio.<\/p>\n<p>Un objetivo muy importante para esta residencia era una completa flexibilidad ya que las actividades diarias de esta familia pueden ser muy rutinarias o completamente nuevas, por lo que era muy importante que cada \u00e1rea estuviera preparada para adaptarse muy f\u00e1cilmente a las dos posibilidades. Logramos por medio de divisiones y un programa arquitect\u00f3nico muy estricto un hogar donde puede haber la mayor privacidad y donde tambi\u00e9n se puede contar con el espacio totalmente abierto.<\/p>\n<p>Para el mobiliario se seleccionaron materiales como madera y diversas piedras que nos dieron como resultado una paleta de colores neutra donde lo que predomina son las texturas naturales de cada uno de los elementos. El objetivo para los interiores fue lograr un ambiente arm\u00f3nico y muy c\u00e1lido tanto como para la familia como para sus visitantes. Buscamos generar una atm\u00f3sfera donde todos los detalles est\u00e1n pensados para disfrutar una calidad de vida total, m\u00e1s all\u00e1 de los retos que se tienen que superar todos los d\u00edas.<\/p>\n<p>El dise\u00f1o de iluminaci\u00f3n se concentr\u00f3 en las actividades nocturnas, ya que los amplios ventanales de todas las \u00e1reas de la casa la inundan de luz natural durante todo el d\u00eda y le da la personalidad y calidez a todos los espacios. Se instal\u00f3 un sistema de control centralizado para lograr diversos ambientes con sencillez, adem\u00e1s de aprovecharlo para el audio distribuido y otros sistemas con los que cuenta la casa.<\/p>\n<p>La paleta de color neutra fue seleccionada para destacar la naturaleza de los materiales y esta gama de colores suaves y armoniosos combinan perfectamente con la vegetaci\u00f3n del jard\u00edn y el patio, logrando un balance c\u00e1lido que le permite a los espacios ir creciendo con la familia y adapt\u00e1ndose a los cambios con el paso del tiempo.<\/p>\n<p>Lo m\u00e1s complicado fue lograr un hogar para esta familia. Cada uno de los espacios se resolvi\u00f3 de tal forma que se logr\u00f3 una convivencia completa en las \u00e1reas p\u00fablicas y una funcionalidad total en las \u00e1reas privadas. Uno de nuestros principales objetivos era lograr un ambiente c\u00e1lido en el que tanto los habitantes como los visitantes se sientan en casa.<\/p>\n<p>Tambi\u00e9n logramos desarrollar detalles al m\u00e1ximo como la tina especial para su hija, que tiene una discapacidad, logrando integrar la funcionalidad con la calidez para que su rutina diaria sea una grata experiencia. Estamos muy satisfechos con este proyecto ya que logramos que todas las \u00e1reas sean accesibles en silla de ruedas utilizando un elevador central y una rampa en el acceso principal.<\/p>\n<p><strong>Ficha t\u00e9cnica<\/strong><br \/>\nNombre: Casa CSF<br \/>\nUbicaci\u00f3n: Ciudad de M\u00e9xico<br \/>\nProyecto arquitect\u00f3nico: L\u00f3pez Duplan Arquitectos<br \/>\nArquitecto a cargo: Arq. Claudia L\u00f3pez Duplan<br \/>\nA\u00f1o: 2015<br \/>\nFot\u00f3grafo: H\u00e9ctor Armando Herrera<\/p>\n<p><strong>Contacto:<\/strong> <a href=\"http:\/\/www.duplan.com.mx\" target=\"_blank\" rel=\"noopener\">http:\/\/www.duplan.com.mx<\/a><\/p>\n<p>Facebook: \/LopezDuplanArquitectos<br \/>\nTwitter: @LopezDuplanArqs<\/p>\n<p>&nbsp;<\/p>\n<p><em><strong>English version<\/strong><\/em><\/p>\n<p><em>The lot shape is a basic rectangle and we adjusted the project to its size to get the most benefit from the space. On the facade 2 planes are clearly appreciated as part of the same volume. We decided to use stone as the main material to add strength and enhance the personality of the project. The second plane was softened with vegetation to mark the difference between both and define a gesture of the presence of nature throughout the design.<\/em><\/p>\n<p><em>For the hallway that leads to the main entrance we selected stone for the floor and the left wall creating a very special dynamic due to the characteristics and porosity of the material that contrasts with the wood on the right wall that gives warmth and joins to welcome with the vegetation that runs than the hall on the floor level.<\/em><\/p>\n<p><em>The house is formed by public and private areas divided into three main floors and half one for various services. On the ground floor a generous living and dining room is located next to the kitchen that integrates a living area. Family life is very important so we decided to create a harmonious and flexible ambiance to suit all the activities. On the first level we located the children rooms and the master bedroom on the second level.<\/em><\/p>\n<p><em>We designed the back garden and the central courtyard that gives life and privacy to the whole house. In this area of the city there is no space between houses so we decided to make the most of the open space to give this family and oasis that they can enjoy indoors as well as outdoors. This generous garden also helps to provide natural light and lovely views. We consulted with an agronomist that besides orienting us on the selection of the right species helped us with the aesthetic result of the whole design.<\/em><\/p>\n<p><em>The courtyard allowed us to achieve a central space that besides joining to the sources of natural light and greenery for the interior, created a transition area that hides a corridor that connects the service areas to the public areas on the ground floor. All areas have large windows and doors that open and hide to convert each area in a single one, open or closed. In this project it was very important to consider the total interaction between the inside and the outside to make the most of the space.<\/em><\/p>\n<p><em>A very important goal for this residence was complete flexibility as the daily activities of this family can be a normal routine or completely new, so it was very important that each area can be easily adapted to both possibilities. We managed through divisions and a strict architectural program a home where there can be total privacy and where you can also have a wide open space.<\/em><\/p>\n<p><em>For the furniture we selected materials like wood and different stones that resulted in a natural color palette where the natural texture of each element stands out. The goal for the interiors was to achieve a harmonious and very warm ambiance for the family and its visitors. We seek to create an atmosphere where all the details are designed to enjoy quality total life, beyond the challenges that must be overcome every day.<\/em><\/p>\n<p><em>Lighting design focused on evening activities, as the large windows of all areas of the house flood it with natural light throughout the day giving personality and warmth to all the spaces. A centralized control system was installed to have different environments and it was also used for the audio and other systems that this house has.<\/em><\/p>\n<p><em>The neutral color palette was selected to highlight the nature of the materials and the range of soft and harmonious colors that blend perfectly with the greenery of the garden and courtyard, making a warm balance that allows spaces to grow with the family and adapt to changes over time.<\/em><\/p>\n<p><em>The hardest thing was to make a home for this family. Each of the spaces was resolved so that a complete coexistence was achieved in public areas and full functionality in private ones. One of our main objectives was to create a warm environment in which both residents and visitors feel at home.<\/em><\/p>\n<p><em>We also managed to develop custom details such as special tub for the daughter who has a disability, achieving to integrate functionality with warmth so that her daily routine is a pleasant experience. We are very pleased with this project because all areas are accessible by wheelchair using a central elevator and a ramp at the main entrance.<\/em><\/p>\n\n<div style=\"font-size: 0px; height: 0px; line-height: 0px; margin: 0; padding: 0; clear: both;\"><\/div><div style=\"margin-top: 0px; margin-bottom: 0px;\" class=\"sharethis-inline-share-buttons\" ><\/div>","protected":false},"excerpt":{"rendered":"<p>Se dise\u00f1\u00f3 un jard\u00edn posterior y un patio central que le dan vida y privacidad a toda la casa&#8230;<\/p>\n","protected":false},"author":1,"featured_media":27128,"comment_status":"closed","ping_status":"closed","sticky":false,"template":"","format":"standard","meta":{"_uag_custom_page_level_css":"","footnotes":""},"categories":[1,83],"tags":[250,2155,2154,254],"class_list":["post-27127","post","type-post","status-publish","format-standard","has-post-thumbnail","hentry","category-proyecto","category-vivienda-unifamiliar","tag-ciudad-de-mexico","tag-claudia-lopez-duplan","tag-lopez-duplan-arquitectos","tag-vivienda-unifamiliar-2","generate-columns","tablet-grid-50","mobile-grid-100","grid-parent","grid-50"],"yoast_head":"<!-- This site is optimized with the Yoast SEO plugin v27.3 - https:\/\/yoast.com\/product\/yoast-seo-wordpress\/ -->\n<title>Casa CSF \/ L\u00f3pez Duplan Arquitectos - Arquimaster<\/title>\n<meta name=\"robots\" content=\"index, follow, max-snippet:-1, max-image-preview:large, max-video-preview:-1\" \/>\n<link rel=\"canonical\" href=\"https:\/\/www.arquimaster.com.ar\/web\/casa-csf-lopez-duplan-arquitectos\/\" \/>\n<meta property=\"og:locale\" content=\"es_ES\" \/>\n<meta property=\"og:type\" content=\"article\" \/>\n<meta property=\"og:title\" content=\"Casa CSF \/ L\u00f3pez Duplan Arquitectos - Arquimaster\" \/>\n<meta property=\"og:description\" content=\"Se dise\u00f1\u00f3 un jard\u00edn posterior y un patio central que le dan vida y privacidad a toda la casa...\" \/>\n<meta property=\"og:url\" content=\"https:\/\/www.arquimaster.com.ar\/web\/casa-csf-lopez-duplan-arquitectos\/\" \/>\n<meta property=\"og:site_name\" content=\"Arquimaster\" \/>\n<meta property=\"article:publisher\" content=\"http:\/\/www.facebook.com\/ARQUIMASTER.com.ar\" \/>\n<meta property=\"article:published_time\" content=\"2017-07-14T19:37:33+00:00\" \/>\n<meta property=\"article:modified_time\" content=\"2017-07-16T19:53:25+00:00\" \/>\n<meta property=\"og:image\" content=\"https:\/\/www.arquimaster.com.ar\/web\/wp-content\/uploads\/2017\/07\/casa_csf_slide.jpg\" \/>\n\t<meta property=\"og:image:width\" content=\"642\" \/>\n\t<meta property=\"og:image:height\" content=\"336\" \/>\n\t<meta property=\"og:image:type\" content=\"image\/jpeg\" \/>\n<meta name=\"author\" content=\"Arquimaster\" \/>\n<meta name=\"twitter:card\" content=\"summary_large_image\" \/>\n<meta name=\"twitter:creator\" content=\"@arquimaster\" \/>\n<meta name=\"twitter:site\" content=\"@arquimaster\" \/>\n<meta name=\"twitter:label1\" content=\"Escrito por\" \/>\n\t<meta name=\"twitter:data1\" content=\"Arquimaster\" \/>\n\t<meta name=\"twitter:label2\" content=\"Tiempo de lectura\" \/>\n\t<meta name=\"twitter:data2\" content=\"9 minutos\" \/>\n<script type=\"application\/ld+json\" class=\"yoast-schema-graph\">{\"@context\":\"https:\\\/\\\/schema.org\",\"@graph\":[{\"@type\":\"Article\",\"@id\":\"https:\\\/\\\/www.arquimaster.com.ar\\\/web\\\/casa-csf-lopez-duplan-arquitectos\\\/#article\",\"isPartOf\":{\"@id\":\"https:\\\/\\\/www.arquimaster.com.ar\\\/web\\\/casa-csf-lopez-duplan-arquitectos\\\/\"},\"author\":{\"name\":\"Arquimaster\",\"@id\":\"https:\\\/\\\/www.arquimaster.com.ar\\\/web\\\/#\\\/schema\\\/person\\\/359e9f7c00193fcde068e0dd2ceb0028\"},\"headline\":\"Casa CSF \\\/ L\u00f3pez Duplan Arquitectos\",\"datePublished\":\"2017-07-14T19:37:33+00:00\",\"dateModified\":\"2017-07-16T19:53:25+00:00\",\"mainEntityOfPage\":{\"@id\":\"https:\\\/\\\/www.arquimaster.com.ar\\\/web\\\/casa-csf-lopez-duplan-arquitectos\\\/\"},\"wordCount\":1729,\"publisher\":{\"@id\":\"https:\\\/\\\/www.arquimaster.com.ar\\\/web\\\/#organization\"},\"image\":{\"@id\":\"https:\\\/\\\/www.arquimaster.com.ar\\\/web\\\/casa-csf-lopez-duplan-arquitectos\\\/#primaryimage\"},\"thumbnailUrl\":\"https:\\\/\\\/www.arquimaster.com.ar\\\/web\\\/wp-content\\\/uploads\\\/2017\\\/07\\\/casa_csf_slide.jpg\",\"keywords\":[\"Ciudad de Mexico\",\"Claudia Lopez Duplan\",\"Lopez Duplan Arquitectos\",\"vivienda unifamiliar\"],\"articleSection\":[\"Proyecto\",\"Vivienda unifamiliar y PH\"],\"inLanguage\":\"es\"},{\"@type\":\"WebPage\",\"@id\":\"https:\\\/\\\/www.arquimaster.com.ar\\\/web\\\/casa-csf-lopez-duplan-arquitectos\\\/\",\"url\":\"https:\\\/\\\/www.arquimaster.com.ar\\\/web\\\/casa-csf-lopez-duplan-arquitectos\\\/\",\"name\":\"Casa CSF \\\/ L\u00f3pez Duplan Arquitectos - Arquimaster\",\"isPartOf\":{\"@id\":\"https:\\\/\\\/www.arquimaster.com.ar\\\/web\\\/#website\"},\"primaryImageOfPage\":{\"@id\":\"https:\\\/\\\/www.arquimaster.com.ar\\\/web\\\/casa-csf-lopez-duplan-arquitectos\\\/#primaryimage\"},\"image\":{\"@id\":\"https:\\\/\\\/www.arquimaster.com.ar\\\/web\\\/casa-csf-lopez-duplan-arquitectos\\\/#primaryimage\"},\"thumbnailUrl\":\"https:\\\/\\\/www.arquimaster.com.ar\\\/web\\\/wp-content\\\/uploads\\\/2017\\\/07\\\/casa_csf_slide.jpg\",\"datePublished\":\"2017-07-14T19:37:33+00:00\",\"dateModified\":\"2017-07-16T19:53:25+00:00\",\"breadcrumb\":{\"@id\":\"https:\\\/\\\/www.arquimaster.com.ar\\\/web\\\/casa-csf-lopez-duplan-arquitectos\\\/#breadcrumb\"},\"inLanguage\":\"es\",\"potentialAction\":[{\"@type\":\"ReadAction\",\"target\":[\"https:\\\/\\\/www.arquimaster.com.ar\\\/web\\\/casa-csf-lopez-duplan-arquitectos\\\/\"]}]},{\"@type\":\"ImageObject\",\"inLanguage\":\"es\",\"@id\":\"https:\\\/\\\/www.arquimaster.com.ar\\\/web\\\/casa-csf-lopez-duplan-arquitectos\\\/#primaryimage\",\"url\":\"https:\\\/\\\/www.arquimaster.com.ar\\\/web\\\/wp-content\\\/uploads\\\/2017\\\/07\\\/casa_csf_slide.jpg\",\"contentUrl\":\"https:\\\/\\\/www.arquimaster.com.ar\\\/web\\\/wp-content\\\/uploads\\\/2017\\\/07\\\/casa_csf_slide.jpg\",\"width\":642,\"height\":336},{\"@type\":\"BreadcrumbList\",\"@id\":\"https:\\\/\\\/www.arquimaster.com.ar\\\/web\\\/casa-csf-lopez-duplan-arquitectos\\\/#breadcrumb\",\"itemListElement\":[{\"@type\":\"ListItem\",\"position\":1,\"name\":\"Portada\",\"item\":\"https:\\\/\\\/www.arquimaster.com.ar\\\/web\\\/\"},{\"@type\":\"ListItem\",\"position\":2,\"name\":\"Casa CSF \\\/ L\u00f3pez Duplan Arquitectos\"}]},{\"@type\":\"WebSite\",\"@id\":\"https:\\\/\\\/www.arquimaster.com.ar\\\/web\\\/#website\",\"url\":\"https:\\\/\\\/www.arquimaster.com.ar\\\/web\\\/\",\"name\":\"Arquimaster\",\"description\":\"Web de arquitectura, dise\u00f1o y construccion\",\"publisher\":{\"@id\":\"https:\\\/\\\/www.arquimaster.com.ar\\\/web\\\/#organization\"},\"potentialAction\":[{\"@type\":\"SearchAction\",\"target\":{\"@type\":\"EntryPoint\",\"urlTemplate\":\"https:\\\/\\\/www.arquimaster.com.ar\\\/web\\\/?s={search_term_string}\"},\"query-input\":{\"@type\":\"PropertyValueSpecification\",\"valueRequired\":true,\"valueName\":\"search_term_string\"}}],\"inLanguage\":\"es\"},{\"@type\":\"Organization\",\"@id\":\"https:\\\/\\\/www.arquimaster.com.ar\\\/web\\\/#organization\",\"name\":\"Arquimaster\",\"url\":\"https:\\\/\\\/www.arquimaster.com.ar\\\/web\\\/\",\"logo\":{\"@type\":\"ImageObject\",\"inLanguage\":\"es\",\"@id\":\"https:\\\/\\\/www.arquimaster.com.ar\\\/web\\\/#\\\/schema\\\/logo\\\/image\\\/\",\"url\":\"https:\\\/\\\/www.arquimaster.com.ar\\\/web\\\/wp-content\\\/uploads\\\/2022\\\/06\\\/arquimaster.png\",\"contentUrl\":\"https:\\\/\\\/www.arquimaster.com.ar\\\/web\\\/wp-content\\\/uploads\\\/2022\\\/06\\\/arquimaster.png\",\"width\":594,\"height\":78,\"caption\":\"Arquimaster\"},\"image\":{\"@id\":\"https:\\\/\\\/www.arquimaster.com.ar\\\/web\\\/#\\\/schema\\\/logo\\\/image\\\/\"},\"sameAs\":[\"http:\\\/\\\/www.facebook.com\\\/ARQUIMASTER.com.ar\",\"https:\\\/\\\/x.com\\\/arquimaster\",\"https:\\\/\\\/www.instagram.com\\\/arquimasterblog\\\/\",\"https:\\\/\\\/www.linkedin.com\\\/company\\\/arquimaster\",\"https:\\\/\\\/www.pinterest.com\\\/arquimaster\",\"https:\\\/\\\/t.me\\\/arquimaster\"]},{\"@type\":\"Person\",\"@id\":\"https:\\\/\\\/www.arquimaster.com.ar\\\/web\\\/#\\\/schema\\\/person\\\/359e9f7c00193fcde068e0dd2ceb0028\",\"name\":\"Arquimaster\"}]}<\/script>\n<!-- \/ Yoast SEO plugin. -->","yoast_head_json":{"title":"Casa CSF \/ L\u00f3pez Duplan Arquitectos - Arquimaster","robots":{"index":"index","follow":"follow","max-snippet":"max-snippet:-1","max-image-preview":"max-image-preview:large","max-video-preview":"max-video-preview:-1"},"canonical":"https:\/\/www.arquimaster.com.ar\/web\/casa-csf-lopez-duplan-arquitectos\/","og_locale":"es_ES","og_type":"article","og_title":"Casa CSF \/ L\u00f3pez Duplan Arquitectos - Arquimaster","og_description":"Se dise\u00f1\u00f3 un jard\u00edn posterior y un patio central que le dan vida y privacidad a toda la casa...","og_url":"https:\/\/www.arquimaster.com.ar\/web\/casa-csf-lopez-duplan-arquitectos\/","og_site_name":"Arquimaster","article_publisher":"http:\/\/www.facebook.com\/ARQUIMASTER.com.ar","article_published_time":"2017-07-14T19:37:33+00:00","article_modified_time":"2017-07-16T19:53:25+00:00","og_image":[{"width":642,"height":336,"url":"https:\/\/www.arquimaster.com.ar\/web\/wp-content\/uploads\/2017\/07\/casa_csf_slide.jpg","type":"image\/jpeg"}],"author":"Arquimaster","twitter_card":"summary_large_image","twitter_creator":"@arquimaster","twitter_site":"@arquimaster","twitter_misc":{"Escrito por":"Arquimaster","Tiempo de lectura":"9 minutos"},"schema":{"@context":"https:\/\/schema.org","@graph":[{"@type":"Article","@id":"https:\/\/www.arquimaster.com.ar\/web\/casa-csf-lopez-duplan-arquitectos\/#article","isPartOf":{"@id":"https:\/\/www.arquimaster.com.ar\/web\/casa-csf-lopez-duplan-arquitectos\/"},"author":{"name":"Arquimaster","@id":"https:\/\/www.arquimaster.com.ar\/web\/#\/schema\/person\/359e9f7c00193fcde068e0dd2ceb0028"},"headline":"Casa CSF \/ L\u00f3pez Duplan Arquitectos","datePublished":"2017-07-14T19:37:33+00:00","dateModified":"2017-07-16T19:53:25+00:00","mainEntityOfPage":{"@id":"https:\/\/www.arquimaster.com.ar\/web\/casa-csf-lopez-duplan-arquitectos\/"},"wordCount":1729,"publisher":{"@id":"https:\/\/www.arquimaster.com.ar\/web\/#organization"},"image":{"@id":"https:\/\/www.arquimaster.com.ar\/web\/casa-csf-lopez-duplan-arquitectos\/#primaryimage"},"thumbnailUrl":"https:\/\/www.arquimaster.com.ar\/web\/wp-content\/uploads\/2017\/07\/casa_csf_slide.jpg","keywords":["Ciudad de Mexico","Claudia Lopez Duplan","Lopez Duplan Arquitectos","vivienda unifamiliar"],"articleSection":["Proyecto","Vivienda unifamiliar y PH"],"inLanguage":"es"},{"@type":"WebPage","@id":"https:\/\/www.arquimaster.com.ar\/web\/casa-csf-lopez-duplan-arquitectos\/","url":"https:\/\/www.arquimaster.com.ar\/web\/casa-csf-lopez-duplan-arquitectos\/","name":"Casa CSF \/ L\u00f3pez Duplan Arquitectos - Arquimaster","isPartOf":{"@id":"https:\/\/www.arquimaster.com.ar\/web\/#website"},"primaryImageOfPage":{"@id":"https:\/\/www.arquimaster.com.ar\/web\/casa-csf-lopez-duplan-arquitectos\/#primaryimage"},"image":{"@id":"https:\/\/www.arquimaster.com.ar\/web\/casa-csf-lopez-duplan-arquitectos\/#primaryimage"},"thumbnailUrl":"https:\/\/www.arquimaster.com.ar\/web\/wp-content\/uploads\/2017\/07\/casa_csf_slide.jpg","datePublished":"2017-07-14T19:37:33+00:00","dateModified":"2017-07-16T19:53:25+00:00","breadcrumb":{"@id":"https:\/\/www.arquimaster.com.ar\/web\/casa-csf-lopez-duplan-arquitectos\/#breadcrumb"},"inLanguage":"es","potentialAction":[{"@type":"ReadAction","target":["https:\/\/www.arquimaster.com.ar\/web\/casa-csf-lopez-duplan-arquitectos\/"]}]},{"@type":"ImageObject","inLanguage":"es","@id":"https:\/\/www.arquimaster.com.ar\/web\/casa-csf-lopez-duplan-arquitectos\/#primaryimage","url":"https:\/\/www.arquimaster.com.ar\/web\/wp-content\/uploads\/2017\/07\/casa_csf_slide.jpg","contentUrl":"https:\/\/www.arquimaster.com.ar\/web\/wp-content\/uploads\/2017\/07\/casa_csf_slide.jpg","width":642,"height":336},{"@type":"BreadcrumbList","@id":"https:\/\/www.arquimaster.com.ar\/web\/casa-csf-lopez-duplan-arquitectos\/#breadcrumb","itemListElement":[{"@type":"ListItem","position":1,"name":"Portada","item":"https:\/\/www.arquimaster.com.ar\/web\/"},{"@type":"ListItem","position":2,"name":"Casa CSF \/ L\u00f3pez Duplan Arquitectos"}]},{"@type":"WebSite","@id":"https:\/\/www.arquimaster.com.ar\/web\/#website","url":"https:\/\/www.arquimaster.com.ar\/web\/","name":"Arquimaster","description":"Web de arquitectura, dise\u00f1o y construccion","publisher":{"@id":"https:\/\/www.arquimaster.com.ar\/web\/#organization"},"potentialAction":[{"@type":"SearchAction","target":{"@type":"EntryPoint","urlTemplate":"https:\/\/www.arquimaster.com.ar\/web\/?s={search_term_string}"},"query-input":{"@type":"PropertyValueSpecification","valueRequired":true,"valueName":"search_term_string"}}],"inLanguage":"es"},{"@type":"Organization","@id":"https:\/\/www.arquimaster.com.ar\/web\/#organization","name":"Arquimaster","url":"https:\/\/www.arquimaster.com.ar\/web\/","logo":{"@type":"ImageObject","inLanguage":"es","@id":"https:\/\/www.arquimaster.com.ar\/web\/#\/schema\/logo\/image\/","url":"https:\/\/www.arquimaster.com.ar\/web\/wp-content\/uploads\/2022\/06\/arquimaster.png","contentUrl":"https:\/\/www.arquimaster.com.ar\/web\/wp-content\/uploads\/2022\/06\/arquimaster.png","width":594,"height":78,"caption":"Arquimaster"},"image":{"@id":"https:\/\/www.arquimaster.com.ar\/web\/#\/schema\/logo\/image\/"},"sameAs":["http:\/\/www.facebook.com\/ARQUIMASTER.com.ar","https:\/\/x.com\/arquimaster","https:\/\/www.instagram.com\/arquimasterblog\/","https:\/\/www.linkedin.com\/company\/arquimaster","https:\/\/www.pinterest.com\/arquimaster","https:\/\/t.me\/arquimaster"]},{"@type":"Person","@id":"https:\/\/www.arquimaster.com.ar\/web\/#\/schema\/person\/359e9f7c00193fcde068e0dd2ceb0028","name":"Arquimaster"}]}},"uagb_featured_image_src":{"full":["https:\/\/www.arquimaster.com.ar\/web\/wp-content\/uploads\/2017\/07\/casa_csf_slide.jpg",642,336,false],"thumbnail":["https:\/\/www.arquimaster.com.ar\/web\/wp-content\/uploads\/2017\/07\/casa_csf_slide-150x150.jpg",150,150,true],"medium":["https:\/\/www.arquimaster.com.ar\/web\/wp-content\/uploads\/2017\/07\/casa_csf_slide.jpg",642,336,false],"medium_large":["https:\/\/www.arquimaster.com.ar\/web\/wp-content\/uploads\/2017\/07\/casa_csf_slide.jpg",642,336,false],"large":["https:\/\/www.arquimaster.com.ar\/web\/wp-content\/uploads\/2017\/07\/casa_csf_slide.jpg",642,336,false],"1536x1536":["https:\/\/www.arquimaster.com.ar\/web\/wp-content\/uploads\/2017\/07\/casa_csf_slide.jpg",642,336,false],"2048x2048":["https:\/\/www.arquimaster.com.ar\/web\/wp-content\/uploads\/2017\/07\/casa_csf_slide.jpg",642,336,false]},"uagb_author_info":{"display_name":"Arquimaster","author_link":"https:\/\/www.arquimaster.com.ar\/web\/author\/arquimaster\/"},"uagb_comment_info":0,"uagb_excerpt":"Se dise\u00f1\u00f3 un jard\u00edn posterior y un patio central que le dan vida y privacidad a toda la casa...","_links":{"self":[{"href":"https:\/\/www.arquimaster.com.ar\/web\/wp-json\/wp\/v2\/posts\/27127","targetHints":{"allow":["GET"]}}],"collection":[{"href":"https:\/\/www.arquimaster.com.ar\/web\/wp-json\/wp\/v2\/posts"}],"about":[{"href":"https:\/\/www.arquimaster.com.ar\/web\/wp-json\/wp\/v2\/types\/post"}],"author":[{"embeddable":true,"href":"https:\/\/www.arquimaster.com.ar\/web\/wp-json\/wp\/v2\/users\/1"}],"replies":[{"embeddable":true,"href":"https:\/\/www.arquimaster.com.ar\/web\/wp-json\/wp\/v2\/comments?post=27127"}],"version-history":[{"count":0,"href":"https:\/\/www.arquimaster.com.ar\/web\/wp-json\/wp\/v2\/posts\/27127\/revisions"}],"wp:featuredmedia":[{"embeddable":true,"href":"https:\/\/www.arquimaster.com.ar\/web\/wp-json\/wp\/v2\/media\/27128"}],"wp:attachment":[{"href":"https:\/\/www.arquimaster.com.ar\/web\/wp-json\/wp\/v2\/media?parent=27127"}],"wp:term":[{"taxonomy":"category","embeddable":true,"href":"https:\/\/www.arquimaster.com.ar\/web\/wp-json\/wp\/v2\/categories?post=27127"},{"taxonomy":"post_tag","embeddable":true,"href":"https:\/\/www.arquimaster.com.ar\/web\/wp-json\/wp\/v2\/tags?post=27127"}],"curies":[{"name":"wp","href":"https:\/\/api.w.org\/{rel}","templated":true}]}}