{"id":27331,"date":"2017-08-24T23:58:01","date_gmt":"2017-08-24T23:58:01","guid":{"rendered":"http:\/\/www.arquimaster.com.ar\/web\/?p=27331"},"modified":"2017-09-11T01:46:35","modified_gmt":"2017-09-11T01:46:35","slug":"casa-impala-estudio-galera","status":"publish","type":"post","link":"https:\/\/www.arquimaster.com.ar\/web\/casa-impala-estudio-galera\/","title":{"rendered":"Casa Impala \/ Estudio Galera"},"content":{"rendered":"<div style=\"margin-top: 0px; margin-bottom: 0px;\" class=\"sharethis-inline-share-buttons\" ><\/div><div class=\"b812932af2e751442846f039925109de\" data-index=\"1\" style=\"float: none; margin:25px 0 25px 0; text-align:center;\">\n<script async src=\"https:\/\/pagead2.googlesyndication.com\/pagead\/js\/adsbygoogle.js\"><\/script>\r\n<!-- Arquimaster (superior) -->\r\n<ins class=\"adsbygoogle\"\r\n     style=\"display:block\"\r\n     data-ad-client=\"ca-pub-6351072698456832\"\r\n     data-ad-slot=\"6455489680\"\r\n     data-ad-format=\"auto\"\r\n     data-full-width-responsive=\"true\"><\/ins>\r\n<script>\r\n     (adsbygoogle = window.adsbygoogle || []).push({});\r\n<\/script>\n<\/div>\n<p><strong>Casa Impala<\/strong> (Carilo, Pcia. de Buenos Aires, Argentina) por <strong>Estudio Galera<\/strong>. Casa Impala es una caja, un gran contenedor, construida en el bosque de Caril\u00f3, frente a la reserva forestal. La casa no hace contacto directo con el terreno sino a trav\u00e9s de un z\u00f3calo donde se ubican los servicios.<\/p>\n<div id='gallery-1' class='gallery galleryid-27331 gallery-columns-3 gallery-size-thumbnail'><figure class='gallery-item'>\n\t\t\t<div class='gallery-icon portrait'>\n\t\t\t\t<a href='https:\/\/www.arquimaster.com.ar\/web\/wp-content\/uploads\/2017\/08\/casa_impala1.jpg' title=\"Casa Impala \/ Estudio Galera (\u00a9 Diego Medina)\" data-rl_title=\"Casa Impala \/ Estudio Galera (\u00a9 Diego Medina)\" class=\"rl-gallery-link\" data-rl_caption=\"Casa Impala \/ Estudio Galera (\u00a9 Diego Medina)\" data-rel=\"lightbox-gallery-1\"><img loading=\"lazy\" decoding=\"async\" width=\"150\" height=\"150\" src=\"https:\/\/www.arquimaster.com.ar\/web\/wp-content\/uploads\/2017\/08\/casa_impala1-150x150.jpg\" class=\"attachment-thumbnail size-thumbnail\" alt=\"\" aria-describedby=\"gallery-1-27333\" srcset=\"https:\/\/www.arquimaster.com.ar\/web\/wp-content\/uploads\/2017\/08\/casa_impala1-150x150.jpg 150w, https:\/\/www.arquimaster.com.ar\/web\/wp-content\/uploads\/2017\/08\/casa_impala1-50x50.jpg 50w, https:\/\/www.arquimaster.com.ar\/web\/wp-content\/uploads\/2017\/08\/casa_impala1-125x125.jpg 125w\" sizes=\"auto, (max-width: 150px) 100vw, 150px\" \/><\/a>\n\t\t\t<\/div>\n\t\t\t\t<figcaption class='wp-caption-text gallery-caption' id='gallery-1-27333'>\n\t\t\t\tCasa Impala \/ Estudio Galera (\u00a9 Diego Medina)\n\t\t\t\t<\/figcaption><\/figure><figure class='gallery-item'>\n\t\t\t<div class='gallery-icon landscape'>\n\t\t\t\t<a href='https:\/\/www.arquimaster.com.ar\/web\/wp-content\/uploads\/2017\/08\/casa_impala2.jpg' title=\"Casa Impala \/ Estudio Galera (\u00a9 Diego Medina)\" data-rl_title=\"Casa Impala \/ Estudio Galera (\u00a9 Diego Medina)\" class=\"rl-gallery-link\" data-rl_caption=\"Casa Impala \/ Estudio Galera (\u00a9 Diego Medina)\" data-rel=\"lightbox-gallery-1\"><img loading=\"lazy\" decoding=\"async\" width=\"150\" height=\"150\" src=\"https:\/\/www.arquimaster.com.ar\/web\/wp-content\/uploads\/2017\/08\/casa_impala2-150x150.jpg\" class=\"attachment-thumbnail size-thumbnail\" alt=\"\" aria-describedby=\"gallery-1-27334\" srcset=\"https:\/\/www.arquimaster.com.ar\/web\/wp-content\/uploads\/2017\/08\/casa_impala2-150x150.jpg 150w, https:\/\/www.arquimaster.com.ar\/web\/wp-content\/uploads\/2017\/08\/casa_impala2-50x50.jpg 50w, https:\/\/www.arquimaster.com.ar\/web\/wp-content\/uploads\/2017\/08\/casa_impala2-125x125.jpg 125w\" sizes=\"auto, (max-width: 150px) 100vw, 150px\" \/><\/a>\n\t\t\t<\/div>\n\t\t\t\t<figcaption class='wp-caption-text gallery-caption' id='gallery-1-27334'>\n\t\t\t\tCasa Impala \/ Estudio Galera (\u00a9 Diego Medina)\n\t\t\t\t<\/figcaption><\/figure><figure class='gallery-item'>\n\t\t\t<div class='gallery-icon landscape'>\n\t\t\t\t<a href='https:\/\/www.arquimaster.com.ar\/web\/wp-content\/uploads\/2017\/08\/casa_impala3.jpg' title=\"Casa Impala \/ Estudio Galera (\u00a9 Diego Medina)\" data-rl_title=\"Casa Impala \/ Estudio Galera (\u00a9 Diego Medina)\" class=\"rl-gallery-link\" data-rl_caption=\"Casa Impala \/ Estudio Galera (\u00a9 Diego Medina)\" data-rel=\"lightbox-gallery-1\"><img loading=\"lazy\" decoding=\"async\" width=\"150\" height=\"150\" src=\"https:\/\/www.arquimaster.com.ar\/web\/wp-content\/uploads\/2017\/08\/casa_impala3-150x150.jpg\" class=\"attachment-thumbnail size-thumbnail\" alt=\"\" aria-describedby=\"gallery-1-27335\" srcset=\"https:\/\/www.arquimaster.com.ar\/web\/wp-content\/uploads\/2017\/08\/casa_impala3-150x150.jpg 150w, https:\/\/www.arquimaster.com.ar\/web\/wp-content\/uploads\/2017\/08\/casa_impala3-50x50.jpg 50w, https:\/\/www.arquimaster.com.ar\/web\/wp-content\/uploads\/2017\/08\/casa_impala3-125x125.jpg 125w\" sizes=\"auto, (max-width: 150px) 100vw, 150px\" \/><\/a>\n\t\t\t<\/div>\n\t\t\t\t<figcaption class='wp-caption-text gallery-caption' id='gallery-1-27335'>\n\t\t\t\tCasa Impala \/ Estudio Galera (\u00a9 Diego Medina)\n\t\t\t\t<\/figcaption><\/figure><figure class='gallery-item'>\n\t\t\t<div class='gallery-icon landscape'>\n\t\t\t\t<a href='https:\/\/www.arquimaster.com.ar\/web\/wp-content\/uploads\/2017\/08\/casa_impala4.jpg' title=\"Casa Impala \/ Estudio Galera (\u00a9 Diego Medina)\" data-rl_title=\"Casa Impala \/ Estudio Galera (\u00a9 Diego Medina)\" class=\"rl-gallery-link\" data-rl_caption=\"Casa Impala \/ Estudio Galera (\u00a9 Diego Medina)\" data-rel=\"lightbox-gallery-1\"><img loading=\"lazy\" decoding=\"async\" width=\"150\" height=\"150\" src=\"https:\/\/www.arquimaster.com.ar\/web\/wp-content\/uploads\/2017\/08\/casa_impala4-150x150.jpg\" class=\"attachment-thumbnail size-thumbnail\" alt=\"\" aria-describedby=\"gallery-1-27336\" srcset=\"https:\/\/www.arquimaster.com.ar\/web\/wp-content\/uploads\/2017\/08\/casa_impala4-150x150.jpg 150w, https:\/\/www.arquimaster.com.ar\/web\/wp-content\/uploads\/2017\/08\/casa_impala4-50x50.jpg 50w, https:\/\/www.arquimaster.com.ar\/web\/wp-content\/uploads\/2017\/08\/casa_impala4-125x125.jpg 125w\" sizes=\"auto, (max-width: 150px) 100vw, 150px\" \/><\/a>\n\t\t\t<\/div>\n\t\t\t\t<figcaption class='wp-caption-text gallery-caption' id='gallery-1-27336'>\n\t\t\t\tCasa Impala \/ Estudio Galera (\u00a9 Diego Medina)\n\t\t\t\t<\/figcaption><\/figure><figure class='gallery-item'>\n\t\t\t<div class='gallery-icon portrait'>\n\t\t\t\t<a href='https:\/\/www.arquimaster.com.ar\/web\/wp-content\/uploads\/2017\/08\/casa_impala5.jpg' title=\"Casa Impala \/ Estudio Galera (\u00a9 Diego Medina)\" data-rl_title=\"Casa Impala \/ Estudio Galera (\u00a9 Diego Medina)\" class=\"rl-gallery-link\" data-rl_caption=\"Casa Impala \/ Estudio Galera (\u00a9 Diego Medina)\" data-rel=\"lightbox-gallery-1\"><img loading=\"lazy\" decoding=\"async\" width=\"150\" height=\"150\" src=\"https:\/\/www.arquimaster.com.ar\/web\/wp-content\/uploads\/2017\/08\/casa_impala5-150x150.jpg\" class=\"attachment-thumbnail size-thumbnail\" alt=\"\" aria-describedby=\"gallery-1-27337\" srcset=\"https:\/\/www.arquimaster.com.ar\/web\/wp-content\/uploads\/2017\/08\/casa_impala5-150x150.jpg 150w, https:\/\/www.arquimaster.com.ar\/web\/wp-content\/uploads\/2017\/08\/casa_impala5-50x50.jpg 50w, https:\/\/www.arquimaster.com.ar\/web\/wp-content\/uploads\/2017\/08\/casa_impala5-125x125.jpg 125w\" sizes=\"auto, (max-width: 150px) 100vw, 150px\" \/><\/a>\n\t\t\t<\/div>\n\t\t\t\t<figcaption class='wp-caption-text gallery-caption' id='gallery-1-27337'>\n\t\t\t\tCasa Impala \/ Estudio Galera (\u00a9 Diego Medina)\n\t\t\t\t<\/figcaption><\/figure><figure class='gallery-item'>\n\t\t\t<div class='gallery-icon portrait'>\n\t\t\t\t<a href='https:\/\/www.arquimaster.com.ar\/web\/wp-content\/uploads\/2017\/08\/casa_impala6.jpg' title=\"Casa Impala \/ Estudio Galera (\u00a9 Diego Medina)\" data-rl_title=\"Casa Impala \/ Estudio Galera (\u00a9 Diego Medina)\" class=\"rl-gallery-link\" data-rl_caption=\"Casa Impala \/ Estudio Galera (\u00a9 Diego Medina)\" data-rel=\"lightbox-gallery-1\"><img loading=\"lazy\" decoding=\"async\" width=\"150\" height=\"150\" src=\"https:\/\/www.arquimaster.com.ar\/web\/wp-content\/uploads\/2017\/08\/casa_impala6-150x150.jpg\" class=\"attachment-thumbnail size-thumbnail\" alt=\"\" aria-describedby=\"gallery-1-27338\" srcset=\"https:\/\/www.arquimaster.com.ar\/web\/wp-content\/uploads\/2017\/08\/casa_impala6-150x150.jpg 150w, https:\/\/www.arquimaster.com.ar\/web\/wp-content\/uploads\/2017\/08\/casa_impala6-50x50.jpg 50w, https:\/\/www.arquimaster.com.ar\/web\/wp-content\/uploads\/2017\/08\/casa_impala6-125x125.jpg 125w\" sizes=\"auto, (max-width: 150px) 100vw, 150px\" \/><\/a>\n\t\t\t<\/div>\n\t\t\t\t<figcaption class='wp-caption-text gallery-caption' id='gallery-1-27338'>\n\t\t\t\tCasa Impala \/ Estudio Galera (\u00a9 Diego Medina)\n\t\t\t\t<\/figcaption><\/figure><figure class='gallery-item'>\n\t\t\t<div class='gallery-icon portrait'>\n\t\t\t\t<a href='https:\/\/www.arquimaster.com.ar\/web\/wp-content\/uploads\/2017\/08\/casa_impala7.jpg' title=\"Casa Impala \/ Estudio Galera (\u00a9 Diego Medina)\" data-rl_title=\"Casa Impala \/ Estudio Galera (\u00a9 Diego Medina)\" class=\"rl-gallery-link\" data-rl_caption=\"Casa Impala \/ Estudio Galera (\u00a9 Diego Medina)\" data-rel=\"lightbox-gallery-1\"><img loading=\"lazy\" decoding=\"async\" width=\"150\" height=\"150\" src=\"https:\/\/www.arquimaster.com.ar\/web\/wp-content\/uploads\/2017\/08\/casa_impala7-150x150.jpg\" class=\"attachment-thumbnail size-thumbnail\" alt=\"\" aria-describedby=\"gallery-1-27339\" srcset=\"https:\/\/www.arquimaster.com.ar\/web\/wp-content\/uploads\/2017\/08\/casa_impala7-150x150.jpg 150w, https:\/\/www.arquimaster.com.ar\/web\/wp-content\/uploads\/2017\/08\/casa_impala7-50x50.jpg 50w, https:\/\/www.arquimaster.com.ar\/web\/wp-content\/uploads\/2017\/08\/casa_impala7-125x125.jpg 125w\" sizes=\"auto, (max-width: 150px) 100vw, 150px\" \/><\/a>\n\t\t\t<\/div>\n\t\t\t\t<figcaption class='wp-caption-text gallery-caption' id='gallery-1-27339'>\n\t\t\t\tCasa Impala \/ Estudio Galera (\u00a9 Diego Medina)\n\t\t\t\t<\/figcaption><\/figure><figure class='gallery-item'>\n\t\t\t<div class='gallery-icon portrait'>\n\t\t\t\t<a href='https:\/\/www.arquimaster.com.ar\/web\/wp-content\/uploads\/2017\/08\/casa_impala8.jpg' title=\"Casa Impala \/ Estudio Galera (\u00a9 Diego Medina)\" data-rl_title=\"Casa Impala \/ Estudio Galera (\u00a9 Diego Medina)\" class=\"rl-gallery-link\" data-rl_caption=\"Casa Impala \/ Estudio Galera (\u00a9 Diego Medina)\" data-rel=\"lightbox-gallery-1\"><img loading=\"lazy\" decoding=\"async\" width=\"150\" height=\"150\" src=\"https:\/\/www.arquimaster.com.ar\/web\/wp-content\/uploads\/2017\/08\/casa_impala8-150x150.jpg\" class=\"attachment-thumbnail size-thumbnail\" alt=\"\" aria-describedby=\"gallery-1-27340\" srcset=\"https:\/\/www.arquimaster.com.ar\/web\/wp-content\/uploads\/2017\/08\/casa_impala8-150x150.jpg 150w, https:\/\/www.arquimaster.com.ar\/web\/wp-content\/uploads\/2017\/08\/casa_impala8-50x50.jpg 50w, https:\/\/www.arquimaster.com.ar\/web\/wp-content\/uploads\/2017\/08\/casa_impala8-125x125.jpg 125w\" sizes=\"auto, (max-width: 150px) 100vw, 150px\" \/><\/a>\n\t\t\t<\/div>\n\t\t\t\t<figcaption class='wp-caption-text gallery-caption' id='gallery-1-27340'>\n\t\t\t\tCasa Impala \/ Estudio Galera (\u00a9 Diego Medina)\n\t\t\t\t<\/figcaption><\/figure><figure class='gallery-item'>\n\t\t\t<div class='gallery-icon portrait'>\n\t\t\t\t<a href='https:\/\/www.arquimaster.com.ar\/web\/wp-content\/uploads\/2017\/08\/casa_impala9.jpg' title=\"Casa Impala \/ Estudio Galera (\u00a9 Diego Medina)\" data-rl_title=\"Casa Impala \/ Estudio Galera (\u00a9 Diego Medina)\" class=\"rl-gallery-link\" data-rl_caption=\"Casa Impala \/ Estudio Galera (\u00a9 Diego Medina)\" data-rel=\"lightbox-gallery-1\"><img loading=\"lazy\" decoding=\"async\" width=\"150\" height=\"150\" src=\"https:\/\/www.arquimaster.com.ar\/web\/wp-content\/uploads\/2017\/08\/casa_impala9-150x150.jpg\" class=\"attachment-thumbnail size-thumbnail\" alt=\"\" aria-describedby=\"gallery-1-27341\" srcset=\"https:\/\/www.arquimaster.com.ar\/web\/wp-content\/uploads\/2017\/08\/casa_impala9-150x150.jpg 150w, https:\/\/www.arquimaster.com.ar\/web\/wp-content\/uploads\/2017\/08\/casa_impala9-50x50.jpg 50w, https:\/\/www.arquimaster.com.ar\/web\/wp-content\/uploads\/2017\/08\/casa_impala9-125x125.jpg 125w\" sizes=\"auto, (max-width: 150px) 100vw, 150px\" \/><\/a>\n\t\t\t<\/div>\n\t\t\t\t<figcaption class='wp-caption-text gallery-caption' id='gallery-1-27341'>\n\t\t\t\tCasa Impala \/ Estudio Galera (\u00a9 Diego Medina)\n\t\t\t\t<\/figcaption><\/figure><figure class='gallery-item'>\n\t\t\t<div class='gallery-icon landscape'>\n\t\t\t\t<a href='https:\/\/www.arquimaster.com.ar\/web\/wp-content\/uploads\/2017\/08\/casa_impala10.jpg' title=\"Casa Impala \/ Estudio Galera (\u00a9 Diego Medina)\" data-rl_title=\"Casa Impala \/ Estudio Galera (\u00a9 Diego Medina)\" class=\"rl-gallery-link\" data-rl_caption=\"Casa Impala \/ Estudio Galera (\u00a9 Diego Medina)\" data-rel=\"lightbox-gallery-1\"><img loading=\"lazy\" decoding=\"async\" width=\"150\" height=\"150\" src=\"https:\/\/www.arquimaster.com.ar\/web\/wp-content\/uploads\/2017\/08\/casa_impala10-150x150.jpg\" class=\"attachment-thumbnail size-thumbnail\" alt=\"\" aria-describedby=\"gallery-1-27342\" srcset=\"https:\/\/www.arquimaster.com.ar\/web\/wp-content\/uploads\/2017\/08\/casa_impala10-150x150.jpg 150w, https:\/\/www.arquimaster.com.ar\/web\/wp-content\/uploads\/2017\/08\/casa_impala10-50x50.jpg 50w, https:\/\/www.arquimaster.com.ar\/web\/wp-content\/uploads\/2017\/08\/casa_impala10-125x125.jpg 125w\" sizes=\"auto, (max-width: 150px) 100vw, 150px\" \/><\/a>\n\t\t\t<\/div>\n\t\t\t\t<figcaption class='wp-caption-text gallery-caption' id='gallery-1-27342'>\n\t\t\t\tCasa Impala \/ Estudio Galera (\u00a9 Diego Medina)\n\t\t\t\t<\/figcaption><\/figure><figure class='gallery-item'>\n\t\t\t<div class='gallery-icon landscape'>\n\t\t\t\t<a href='https:\/\/www.arquimaster.com.ar\/web\/wp-content\/uploads\/2017\/08\/casa_impala11.jpg' title=\"Casa Impala \/ Estudio Galera (\u00a9 Diego Medina)\" data-rl_title=\"Casa Impala \/ Estudio Galera (\u00a9 Diego Medina)\" class=\"rl-gallery-link\" data-rl_caption=\"Casa Impala \/ Estudio Galera (\u00a9 Diego Medina)\" data-rel=\"lightbox-gallery-1\"><img loading=\"lazy\" decoding=\"async\" width=\"150\" height=\"150\" src=\"https:\/\/www.arquimaster.com.ar\/web\/wp-content\/uploads\/2017\/08\/casa_impala11-150x150.jpg\" class=\"attachment-thumbnail size-thumbnail\" alt=\"\" aria-describedby=\"gallery-1-27343\" srcset=\"https:\/\/www.arquimaster.com.ar\/web\/wp-content\/uploads\/2017\/08\/casa_impala11-150x150.jpg 150w, https:\/\/www.arquimaster.com.ar\/web\/wp-content\/uploads\/2017\/08\/casa_impala11-50x50.jpg 50w, https:\/\/www.arquimaster.com.ar\/web\/wp-content\/uploads\/2017\/08\/casa_impala11-125x125.jpg 125w\" sizes=\"auto, (max-width: 150px) 100vw, 150px\" \/><\/a>\n\t\t\t<\/div>\n\t\t\t\t<figcaption class='wp-caption-text gallery-caption' id='gallery-1-27343'>\n\t\t\t\tCasa Impala \/ Estudio Galera (\u00a9 Diego Medina)\n\t\t\t\t<\/figcaption><\/figure><figure class='gallery-item'>\n\t\t\t<div class='gallery-icon portrait'>\n\t\t\t\t<a href='https:\/\/www.arquimaster.com.ar\/web\/wp-content\/uploads\/2017\/08\/casa_impala12.jpg' title=\"Casa Impala \/ Estudio Galera (\u00a9 Diego Medina)\" data-rl_title=\"Casa Impala \/ Estudio Galera (\u00a9 Diego Medina)\" class=\"rl-gallery-link\" data-rl_caption=\"Casa Impala \/ Estudio Galera (\u00a9 Diego Medina)\" data-rel=\"lightbox-gallery-1\"><img loading=\"lazy\" decoding=\"async\" width=\"150\" height=\"150\" src=\"https:\/\/www.arquimaster.com.ar\/web\/wp-content\/uploads\/2017\/08\/casa_impala12-150x150.jpg\" class=\"attachment-thumbnail size-thumbnail\" alt=\"\" aria-describedby=\"gallery-1-27344\" srcset=\"https:\/\/www.arquimaster.com.ar\/web\/wp-content\/uploads\/2017\/08\/casa_impala12-150x150.jpg 150w, https:\/\/www.arquimaster.com.ar\/web\/wp-content\/uploads\/2017\/08\/casa_impala12-50x50.jpg 50w, https:\/\/www.arquimaster.com.ar\/web\/wp-content\/uploads\/2017\/08\/casa_impala12-125x125.jpg 125w\" sizes=\"auto, (max-width: 150px) 100vw, 150px\" \/><\/a>\n\t\t\t<\/div>\n\t\t\t\t<figcaption class='wp-caption-text gallery-caption' id='gallery-1-27344'>\n\t\t\t\tCasa Impala \/ Estudio Galera (\u00a9 Diego Medina)\n\t\t\t\t<\/figcaption><\/figure><figure class='gallery-item'>\n\t\t\t<div class='gallery-icon landscape'>\n\t\t\t\t<a href='https:\/\/www.arquimaster.com.ar\/web\/wp-content\/uploads\/2017\/08\/casa_impala13.jpg' title=\"Casa Impala \/ Estudio Galera (\u00a9 Diego Medina)\" data-rl_title=\"Casa Impala \/ Estudio Galera (\u00a9 Diego Medina)\" class=\"rl-gallery-link\" data-rl_caption=\"Casa Impala \/ Estudio Galera (\u00a9 Diego Medina)\" data-rel=\"lightbox-gallery-1\"><img loading=\"lazy\" decoding=\"async\" width=\"150\" height=\"150\" src=\"https:\/\/www.arquimaster.com.ar\/web\/wp-content\/uploads\/2017\/08\/casa_impala13-150x150.jpg\" class=\"attachment-thumbnail size-thumbnail\" alt=\"\" aria-describedby=\"gallery-1-27345\" srcset=\"https:\/\/www.arquimaster.com.ar\/web\/wp-content\/uploads\/2017\/08\/casa_impala13-150x150.jpg 150w, https:\/\/www.arquimaster.com.ar\/web\/wp-content\/uploads\/2017\/08\/casa_impala13-50x50.jpg 50w, https:\/\/www.arquimaster.com.ar\/web\/wp-content\/uploads\/2017\/08\/casa_impala13-125x125.jpg 125w\" sizes=\"auto, (max-width: 150px) 100vw, 150px\" \/><\/a>\n\t\t\t<\/div>\n\t\t\t\t<figcaption class='wp-caption-text gallery-caption' id='gallery-1-27345'>\n\t\t\t\tCasa Impala \/ Estudio Galera (\u00a9 Diego Medina)\n\t\t\t\t<\/figcaption><\/figure><figure class='gallery-item'>\n\t\t\t<div class='gallery-icon landscape'>\n\t\t\t\t<a href='https:\/\/www.arquimaster.com.ar\/web\/wp-content\/uploads\/2017\/08\/casa_impala14.jpg' title=\"Casa Impala \/ Estudio Galera (\u00a9 Diego Medina)\" data-rl_title=\"Casa Impala \/ Estudio Galera (\u00a9 Diego Medina)\" class=\"rl-gallery-link\" data-rl_caption=\"Casa Impala \/ Estudio Galera (\u00a9 Diego Medina)\" data-rel=\"lightbox-gallery-1\"><img loading=\"lazy\" decoding=\"async\" width=\"150\" height=\"150\" src=\"https:\/\/www.arquimaster.com.ar\/web\/wp-content\/uploads\/2017\/08\/casa_impala14-150x150.jpg\" class=\"attachment-thumbnail size-thumbnail\" alt=\"\" aria-describedby=\"gallery-1-27346\" srcset=\"https:\/\/www.arquimaster.com.ar\/web\/wp-content\/uploads\/2017\/08\/casa_impala14-150x150.jpg 150w, https:\/\/www.arquimaster.com.ar\/web\/wp-content\/uploads\/2017\/08\/casa_impala14-50x50.jpg 50w, https:\/\/www.arquimaster.com.ar\/web\/wp-content\/uploads\/2017\/08\/casa_impala14-125x125.jpg 125w\" sizes=\"auto, (max-width: 150px) 100vw, 150px\" \/><\/a>\n\t\t\t<\/div>\n\t\t\t\t<figcaption class='wp-caption-text gallery-caption' id='gallery-1-27346'>\n\t\t\t\tCasa Impala \/ Estudio Galera (\u00a9 Diego Medina)\n\t\t\t\t<\/figcaption><\/figure><figure class='gallery-item'>\n\t\t\t<div class='gallery-icon landscape'>\n\t\t\t\t<a href='https:\/\/www.arquimaster.com.ar\/web\/wp-content\/uploads\/2017\/08\/casa_impala15.jpg' title=\"Casa Impala \/ Estudio Galera (\u00a9 Diego Medina)\" data-rl_title=\"Casa Impala \/ Estudio Galera (\u00a9 Diego Medina)\" class=\"rl-gallery-link\" data-rl_caption=\"Casa Impala \/ Estudio Galera (\u00a9 Diego Medina)\" data-rel=\"lightbox-gallery-1\"><img loading=\"lazy\" decoding=\"async\" width=\"150\" height=\"150\" src=\"https:\/\/www.arquimaster.com.ar\/web\/wp-content\/uploads\/2017\/08\/casa_impala15-150x150.jpg\" class=\"attachment-thumbnail size-thumbnail\" alt=\"\" aria-describedby=\"gallery-1-27347\" srcset=\"https:\/\/www.arquimaster.com.ar\/web\/wp-content\/uploads\/2017\/08\/casa_impala15-150x150.jpg 150w, https:\/\/www.arquimaster.com.ar\/web\/wp-content\/uploads\/2017\/08\/casa_impala15-50x50.jpg 50w, https:\/\/www.arquimaster.com.ar\/web\/wp-content\/uploads\/2017\/08\/casa_impala15-125x125.jpg 125w\" sizes=\"auto, (max-width: 150px) 100vw, 150px\" \/><\/a>\n\t\t\t<\/div>\n\t\t\t\t<figcaption class='wp-caption-text gallery-caption' id='gallery-1-27347'>\n\t\t\t\tCasa Impala \/ Estudio Galera (\u00a9 Diego Medina)\n\t\t\t\t<\/figcaption><\/figure><figure class='gallery-item'>\n\t\t\t<div class='gallery-icon portrait'>\n\t\t\t\t<a href='https:\/\/www.arquimaster.com.ar\/web\/wp-content\/uploads\/2017\/08\/casa_impala16.jpg' title=\"Casa Impala \/ Estudio Galera (\u00a9 Diego Medina)\" data-rl_title=\"Casa Impala \/ Estudio Galera (\u00a9 Diego Medina)\" class=\"rl-gallery-link\" data-rl_caption=\"Casa Impala \/ Estudio Galera (\u00a9 Diego Medina)\" data-rel=\"lightbox-gallery-1\"><img loading=\"lazy\" decoding=\"async\" width=\"150\" height=\"150\" src=\"https:\/\/www.arquimaster.com.ar\/web\/wp-content\/uploads\/2017\/08\/casa_impala16-150x150.jpg\" class=\"attachment-thumbnail size-thumbnail\" alt=\"\" aria-describedby=\"gallery-1-27348\" srcset=\"https:\/\/www.arquimaster.com.ar\/web\/wp-content\/uploads\/2017\/08\/casa_impala16-150x150.jpg 150w, https:\/\/www.arquimaster.com.ar\/web\/wp-content\/uploads\/2017\/08\/casa_impala16-50x50.jpg 50w, https:\/\/www.arquimaster.com.ar\/web\/wp-content\/uploads\/2017\/08\/casa_impala16-125x125.jpg 125w\" sizes=\"auto, (max-width: 150px) 100vw, 150px\" \/><\/a>\n\t\t\t<\/div>\n\t\t\t\t<figcaption class='wp-caption-text gallery-caption' id='gallery-1-27348'>\n\t\t\t\tCasa Impala \/ Estudio Galera (\u00a9 Diego Medina)\n\t\t\t\t<\/figcaption><\/figure><figure class='gallery-item'>\n\t\t\t<div class='gallery-icon portrait'>\n\t\t\t\t<a href='https:\/\/www.arquimaster.com.ar\/web\/wp-content\/uploads\/2017\/08\/casa_impala17.jpg' title=\"Casa Impala \/ Estudio Galera (\u00a9 Diego Medina)\" data-rl_title=\"Casa Impala \/ Estudio Galera (\u00a9 Diego Medina)\" class=\"rl-gallery-link\" data-rl_caption=\"Casa Impala \/ Estudio Galera (\u00a9 Diego Medina)\" data-rel=\"lightbox-gallery-1\"><img loading=\"lazy\" decoding=\"async\" width=\"150\" height=\"150\" src=\"https:\/\/www.arquimaster.com.ar\/web\/wp-content\/uploads\/2017\/08\/casa_impala17-150x150.jpg\" class=\"attachment-thumbnail size-thumbnail\" alt=\"\" aria-describedby=\"gallery-1-27349\" srcset=\"https:\/\/www.arquimaster.com.ar\/web\/wp-content\/uploads\/2017\/08\/casa_impala17-150x150.jpg 150w, https:\/\/www.arquimaster.com.ar\/web\/wp-content\/uploads\/2017\/08\/casa_impala17-50x50.jpg 50w, https:\/\/www.arquimaster.com.ar\/web\/wp-content\/uploads\/2017\/08\/casa_impala17-125x125.jpg 125w\" sizes=\"auto, (max-width: 150px) 100vw, 150px\" \/><\/a>\n\t\t\t<\/div>\n\t\t\t\t<figcaption class='wp-caption-text gallery-caption' id='gallery-1-27349'>\n\t\t\t\tCasa Impala \/ Estudio Galera (\u00a9 Diego Medina)\n\t\t\t\t<\/figcaption><\/figure><figure class='gallery-item'>\n\t\t\t<div class='gallery-icon landscape'>\n\t\t\t\t<a href='https:\/\/www.arquimaster.com.ar\/web\/wp-content\/uploads\/2017\/08\/casa_impala18.jpg' title=\"Casa Impala \/ Estudio Galera (\u00a9 Diego Medina)\" data-rl_title=\"Casa Impala \/ Estudio Galera (\u00a9 Diego Medina)\" class=\"rl-gallery-link\" data-rl_caption=\"Casa Impala \/ Estudio Galera (\u00a9 Diego Medina)\" data-rel=\"lightbox-gallery-1\"><img loading=\"lazy\" decoding=\"async\" width=\"150\" height=\"150\" src=\"https:\/\/www.arquimaster.com.ar\/web\/wp-content\/uploads\/2017\/08\/casa_impala18-150x150.jpg\" class=\"attachment-thumbnail size-thumbnail\" alt=\"\" aria-describedby=\"gallery-1-27350\" srcset=\"https:\/\/www.arquimaster.com.ar\/web\/wp-content\/uploads\/2017\/08\/casa_impala18-150x150.jpg 150w, https:\/\/www.arquimaster.com.ar\/web\/wp-content\/uploads\/2017\/08\/casa_impala18-50x50.jpg 50w, https:\/\/www.arquimaster.com.ar\/web\/wp-content\/uploads\/2017\/08\/casa_impala18-125x125.jpg 125w\" sizes=\"auto, (max-width: 150px) 100vw, 150px\" \/><\/a>\n\t\t\t<\/div>\n\t\t\t\t<figcaption class='wp-caption-text gallery-caption' id='gallery-1-27350'>\n\t\t\t\tCasa Impala \/ Estudio Galera (\u00a9 Diego Medina)\n\t\t\t\t<\/figcaption><\/figure><figure class='gallery-item'>\n\t\t\t<div class='gallery-icon portrait'>\n\t\t\t\t<a href='https:\/\/www.arquimaster.com.ar\/web\/wp-content\/uploads\/2017\/08\/casa_impala19.jpg' title=\"Casa Impala \/ Estudio Galera (\u00a9 Diego Medina)\" data-rl_title=\"Casa Impala \/ Estudio Galera (\u00a9 Diego Medina)\" class=\"rl-gallery-link\" data-rl_caption=\"Casa Impala \/ Estudio Galera (\u00a9 Diego Medina)\" data-rel=\"lightbox-gallery-1\"><img loading=\"lazy\" decoding=\"async\" width=\"150\" height=\"150\" src=\"https:\/\/www.arquimaster.com.ar\/web\/wp-content\/uploads\/2017\/08\/casa_impala19-150x150.jpg\" class=\"attachment-thumbnail size-thumbnail\" alt=\"\" aria-describedby=\"gallery-1-27351\" srcset=\"https:\/\/www.arquimaster.com.ar\/web\/wp-content\/uploads\/2017\/08\/casa_impala19-150x150.jpg 150w, https:\/\/www.arquimaster.com.ar\/web\/wp-content\/uploads\/2017\/08\/casa_impala19-50x50.jpg 50w, https:\/\/www.arquimaster.com.ar\/web\/wp-content\/uploads\/2017\/08\/casa_impala19-125x125.jpg 125w\" sizes=\"auto, (max-width: 150px) 100vw, 150px\" \/><\/a>\n\t\t\t<\/div>\n\t\t\t\t<figcaption class='wp-caption-text gallery-caption' id='gallery-1-27351'>\n\t\t\t\tCasa Impala \/ Estudio Galera (\u00a9 Diego Medina)\n\t\t\t\t<\/figcaption><\/figure><figure class='gallery-item'>\n\t\t\t<div class='gallery-icon landscape'>\n\t\t\t\t<a href='https:\/\/www.arquimaster.com.ar\/web\/wp-content\/uploads\/2017\/08\/casa_impala20.jpg' title=\"Casa Impala \/ Estudio Galera (\u00a9 Diego Medina)\" data-rl_title=\"Casa Impala \/ Estudio Galera (\u00a9 Diego Medina)\" class=\"rl-gallery-link\" data-rl_caption=\"Casa Impala \/ Estudio Galera (\u00a9 Diego Medina)\" data-rel=\"lightbox-gallery-1\"><img loading=\"lazy\" decoding=\"async\" width=\"150\" height=\"150\" src=\"https:\/\/www.arquimaster.com.ar\/web\/wp-content\/uploads\/2017\/08\/casa_impala20-150x150.jpg\" class=\"attachment-thumbnail size-thumbnail\" alt=\"\" aria-describedby=\"gallery-1-27352\" srcset=\"https:\/\/www.arquimaster.com.ar\/web\/wp-content\/uploads\/2017\/08\/casa_impala20-150x150.jpg 150w, https:\/\/www.arquimaster.com.ar\/web\/wp-content\/uploads\/2017\/08\/casa_impala20-50x50.jpg 50w, https:\/\/www.arquimaster.com.ar\/web\/wp-content\/uploads\/2017\/08\/casa_impala20-125x125.jpg 125w\" sizes=\"auto, (max-width: 150px) 100vw, 150px\" \/><\/a>\n\t\t\t<\/div>\n\t\t\t\t<figcaption class='wp-caption-text gallery-caption' id='gallery-1-27352'>\n\t\t\t\tCasa Impala \/ Estudio Galera (\u00a9 Diego Medina)\n\t\t\t\t<\/figcaption><\/figure><figure class='gallery-item'>\n\t\t\t<div class='gallery-icon portrait'>\n\t\t\t\t<a href='https:\/\/www.arquimaster.com.ar\/web\/wp-content\/uploads\/2017\/08\/casa_impala21.jpg' title=\"Casa Impala \/ Estudio Galera (\u00a9 Diego Medina)\" data-rl_title=\"Casa Impala \/ Estudio Galera (\u00a9 Diego Medina)\" class=\"rl-gallery-link\" data-rl_caption=\"Casa Impala \/ Estudio Galera (\u00a9 Diego Medina)\" data-rel=\"lightbox-gallery-1\"><img loading=\"lazy\" decoding=\"async\" width=\"150\" height=\"150\" src=\"https:\/\/www.arquimaster.com.ar\/web\/wp-content\/uploads\/2017\/08\/casa_impala21-150x150.jpg\" class=\"attachment-thumbnail size-thumbnail\" alt=\"\" aria-describedby=\"gallery-1-27353\" srcset=\"https:\/\/www.arquimaster.com.ar\/web\/wp-content\/uploads\/2017\/08\/casa_impala21-150x150.jpg 150w, https:\/\/www.arquimaster.com.ar\/web\/wp-content\/uploads\/2017\/08\/casa_impala21-50x50.jpg 50w, https:\/\/www.arquimaster.com.ar\/web\/wp-content\/uploads\/2017\/08\/casa_impala21-125x125.jpg 125w\" sizes=\"auto, (max-width: 150px) 100vw, 150px\" \/><\/a>\n\t\t\t<\/div>\n\t\t\t\t<figcaption class='wp-caption-text gallery-caption' id='gallery-1-27353'>\n\t\t\t\tCasa Impala \/ Estudio Galera (\u00a9 Diego Medina)\n\t\t\t\t<\/figcaption><\/figure><figure class='gallery-item'>\n\t\t\t<div class='gallery-icon portrait'>\n\t\t\t\t<a href='https:\/\/www.arquimaster.com.ar\/web\/wp-content\/uploads\/2017\/08\/casa_impala22.jpg' title=\"Casa Impala \/ Estudio Galera (\u00a9 Diego Medina)\" data-rl_title=\"Casa Impala \/ Estudio Galera (\u00a9 Diego Medina)\" class=\"rl-gallery-link\" data-rl_caption=\"Casa Impala \/ Estudio Galera (\u00a9 Diego Medina)\" data-rel=\"lightbox-gallery-1\"><img loading=\"lazy\" decoding=\"async\" width=\"150\" height=\"150\" src=\"https:\/\/www.arquimaster.com.ar\/web\/wp-content\/uploads\/2017\/08\/casa_impala22-150x150.jpg\" class=\"attachment-thumbnail size-thumbnail\" alt=\"\" aria-describedby=\"gallery-1-27354\" srcset=\"https:\/\/www.arquimaster.com.ar\/web\/wp-content\/uploads\/2017\/08\/casa_impala22-150x150.jpg 150w, https:\/\/www.arquimaster.com.ar\/web\/wp-content\/uploads\/2017\/08\/casa_impala22-50x50.jpg 50w, https:\/\/www.arquimaster.com.ar\/web\/wp-content\/uploads\/2017\/08\/casa_impala22-125x125.jpg 125w\" sizes=\"auto, (max-width: 150px) 100vw, 150px\" \/><\/a>\n\t\t\t<\/div>\n\t\t\t\t<figcaption class='wp-caption-text gallery-caption' id='gallery-1-27354'>\n\t\t\t\tCasa Impala \/ Estudio Galera (\u00a9 Diego Medina)\n\t\t\t\t<\/figcaption><\/figure><figure class='gallery-item'>\n\t\t\t<div class='gallery-icon portrait'>\n\t\t\t\t<a href='https:\/\/www.arquimaster.com.ar\/web\/wp-content\/uploads\/2017\/08\/casa_impala23.jpg' title=\"Casa Impala \/ Estudio Galera (\u00a9 Diego Medina)\" data-rl_title=\"Casa Impala \/ Estudio Galera (\u00a9 Diego Medina)\" class=\"rl-gallery-link\" data-rl_caption=\"Casa Impala \/ Estudio Galera (\u00a9 Diego Medina)\" data-rel=\"lightbox-gallery-1\"><img loading=\"lazy\" decoding=\"async\" width=\"150\" height=\"150\" src=\"https:\/\/www.arquimaster.com.ar\/web\/wp-content\/uploads\/2017\/08\/casa_impala23-150x150.jpg\" class=\"attachment-thumbnail size-thumbnail\" alt=\"\" aria-describedby=\"gallery-1-27355\" srcset=\"https:\/\/www.arquimaster.com.ar\/web\/wp-content\/uploads\/2017\/08\/casa_impala23-150x150.jpg 150w, https:\/\/www.arquimaster.com.ar\/web\/wp-content\/uploads\/2017\/08\/casa_impala23-50x50.jpg 50w, https:\/\/www.arquimaster.com.ar\/web\/wp-content\/uploads\/2017\/08\/casa_impala23-125x125.jpg 125w\" sizes=\"auto, (max-width: 150px) 100vw, 150px\" \/><\/a>\n\t\t\t<\/div>\n\t\t\t\t<figcaption class='wp-caption-text gallery-caption' id='gallery-1-27355'>\n\t\t\t\tCasa Impala \/ Estudio Galera (\u00a9 Diego Medina)\n\t\t\t\t<\/figcaption><\/figure><figure class='gallery-item'>\n\t\t\t<div class='gallery-icon portrait'>\n\t\t\t\t<a href='https:\/\/www.arquimaster.com.ar\/web\/wp-content\/uploads\/2017\/08\/casa_impala24.jpg' title=\"Casa Impala \/ Estudio Galera (\u00a9 Diego Medina)\" data-rl_title=\"Casa Impala \/ Estudio Galera (\u00a9 Diego Medina)\" class=\"rl-gallery-link\" data-rl_caption=\"Casa Impala \/ Estudio Galera (\u00a9 Diego Medina)\" data-rel=\"lightbox-gallery-1\"><img loading=\"lazy\" decoding=\"async\" width=\"150\" height=\"150\" src=\"https:\/\/www.arquimaster.com.ar\/web\/wp-content\/uploads\/2017\/08\/casa_impala24-150x150.jpg\" class=\"attachment-thumbnail size-thumbnail\" alt=\"\" aria-describedby=\"gallery-1-27356\" srcset=\"https:\/\/www.arquimaster.com.ar\/web\/wp-content\/uploads\/2017\/08\/casa_impala24-150x150.jpg 150w, https:\/\/www.arquimaster.com.ar\/web\/wp-content\/uploads\/2017\/08\/casa_impala24-50x50.jpg 50w, https:\/\/www.arquimaster.com.ar\/web\/wp-content\/uploads\/2017\/08\/casa_impala24-125x125.jpg 125w\" sizes=\"auto, (max-width: 150px) 100vw, 150px\" \/><\/a>\n\t\t\t<\/div>\n\t\t\t\t<figcaption class='wp-caption-text gallery-caption' id='gallery-1-27356'>\n\t\t\t\tCasa Impala \/ Estudio Galera (\u00a9 Diego Medina)\n\t\t\t\t<\/figcaption><\/figure><figure class='gallery-item'>\n\t\t\t<div class='gallery-icon portrait'>\n\t\t\t\t<a href='https:\/\/www.arquimaster.com.ar\/web\/wp-content\/uploads\/2017\/08\/casa_impala25.jpg' title=\"Casa Impala \/ Estudio Galera (\u00a9 Diego Medina)\" data-rl_title=\"Casa Impala \/ Estudio Galera (\u00a9 Diego Medina)\" class=\"rl-gallery-link\" data-rl_caption=\"Casa Impala \/ Estudio Galera (\u00a9 Diego Medina)\" data-rel=\"lightbox-gallery-1\"><img loading=\"lazy\" decoding=\"async\" width=\"150\" height=\"150\" src=\"https:\/\/www.arquimaster.com.ar\/web\/wp-content\/uploads\/2017\/08\/casa_impala25-150x150.jpg\" class=\"attachment-thumbnail size-thumbnail\" alt=\"\" aria-describedby=\"gallery-1-27357\" srcset=\"https:\/\/www.arquimaster.com.ar\/web\/wp-content\/uploads\/2017\/08\/casa_impala25-150x150.jpg 150w, https:\/\/www.arquimaster.com.ar\/web\/wp-content\/uploads\/2017\/08\/casa_impala25-50x50.jpg 50w, https:\/\/www.arquimaster.com.ar\/web\/wp-content\/uploads\/2017\/08\/casa_impala25-125x125.jpg 125w\" sizes=\"auto, (max-width: 150px) 100vw, 150px\" \/><\/a>\n\t\t\t<\/div>\n\t\t\t\t<figcaption class='wp-caption-text gallery-caption' id='gallery-1-27357'>\n\t\t\t\tCasa Impala \/ Estudio Galera (\u00a9 Diego Medina)\n\t\t\t\t<\/figcaption><\/figure><figure class='gallery-item'>\n\t\t\t<div class='gallery-icon landscape'>\n\t\t\t\t<a href='https:\/\/www.arquimaster.com.ar\/web\/wp-content\/uploads\/2017\/08\/casa_impala26.jpg' title=\"Casa Impala \/ Estudio Galera (\u00a9 Diego Medina)\" data-rl_title=\"Casa Impala \/ Estudio Galera (\u00a9 Diego Medina)\" class=\"rl-gallery-link\" data-rl_caption=\"Casa Impala \/ Estudio Galera (\u00a9 Diego Medina)\" data-rel=\"lightbox-gallery-1\"><img loading=\"lazy\" decoding=\"async\" width=\"150\" height=\"150\" src=\"https:\/\/www.arquimaster.com.ar\/web\/wp-content\/uploads\/2017\/08\/casa_impala26-150x150.jpg\" class=\"attachment-thumbnail size-thumbnail\" alt=\"\" aria-describedby=\"gallery-1-27358\" srcset=\"https:\/\/www.arquimaster.com.ar\/web\/wp-content\/uploads\/2017\/08\/casa_impala26-150x150.jpg 150w, https:\/\/www.arquimaster.com.ar\/web\/wp-content\/uploads\/2017\/08\/casa_impala26-50x50.jpg 50w, https:\/\/www.arquimaster.com.ar\/web\/wp-content\/uploads\/2017\/08\/casa_impala26-125x125.jpg 125w\" sizes=\"auto, (max-width: 150px) 100vw, 150px\" \/><\/a>\n\t\t\t<\/div>\n\t\t\t\t<figcaption class='wp-caption-text gallery-caption' id='gallery-1-27358'>\n\t\t\t\tCasa Impala \/ Estudio Galera (\u00a9 Diego Medina)\n\t\t\t\t<\/figcaption><\/figure><figure class='gallery-item'>\n\t\t\t<div class='gallery-icon landscape'>\n\t\t\t\t<a href='https:\/\/www.arquimaster.com.ar\/web\/wp-content\/uploads\/2017\/08\/casa_impala27.jpg' title=\"Casa Impala \/ Estudio Galera (\u00a9 Diego Medina)\" data-rl_title=\"Casa Impala \/ Estudio Galera (\u00a9 Diego Medina)\" class=\"rl-gallery-link\" data-rl_caption=\"Casa Impala \/ Estudio Galera (\u00a9 Diego Medina)\" data-rel=\"lightbox-gallery-1\"><img loading=\"lazy\" decoding=\"async\" width=\"150\" height=\"150\" src=\"https:\/\/www.arquimaster.com.ar\/web\/wp-content\/uploads\/2017\/08\/casa_impala27-150x150.jpg\" class=\"attachment-thumbnail size-thumbnail\" alt=\"\" aria-describedby=\"gallery-1-27359\" srcset=\"https:\/\/www.arquimaster.com.ar\/web\/wp-content\/uploads\/2017\/08\/casa_impala27-150x150.jpg 150w, https:\/\/www.arquimaster.com.ar\/web\/wp-content\/uploads\/2017\/08\/casa_impala27-50x50.jpg 50w, https:\/\/www.arquimaster.com.ar\/web\/wp-content\/uploads\/2017\/08\/casa_impala27-125x125.jpg 125w\" sizes=\"auto, (max-width: 150px) 100vw, 150px\" \/><\/a>\n\t\t\t<\/div>\n\t\t\t\t<figcaption class='wp-caption-text gallery-caption' id='gallery-1-27359'>\n\t\t\t\tCasa Impala \/ Estudio Galera (\u00a9 Diego Medina)\n\t\t\t\t<\/figcaption><\/figure><figure class='gallery-item'>\n\t\t\t<div class='gallery-icon portrait'>\n\t\t\t\t<a href='https:\/\/www.arquimaster.com.ar\/web\/wp-content\/uploads\/2017\/08\/casa_impala28.jpg' title=\"Casa Impala \/ Estudio Galera (\u00a9 Diego Medina)\" data-rl_title=\"Casa Impala \/ Estudio Galera (\u00a9 Diego Medina)\" class=\"rl-gallery-link\" data-rl_caption=\"Casa Impala \/ Estudio Galera (\u00a9 Diego Medina)\" data-rel=\"lightbox-gallery-1\"><img loading=\"lazy\" decoding=\"async\" width=\"150\" height=\"150\" src=\"https:\/\/www.arquimaster.com.ar\/web\/wp-content\/uploads\/2017\/08\/casa_impala28-150x150.jpg\" class=\"attachment-thumbnail size-thumbnail\" alt=\"\" aria-describedby=\"gallery-1-27360\" srcset=\"https:\/\/www.arquimaster.com.ar\/web\/wp-content\/uploads\/2017\/08\/casa_impala28-150x150.jpg 150w, https:\/\/www.arquimaster.com.ar\/web\/wp-content\/uploads\/2017\/08\/casa_impala28-50x50.jpg 50w, https:\/\/www.arquimaster.com.ar\/web\/wp-content\/uploads\/2017\/08\/casa_impala28-125x125.jpg 125w\" sizes=\"auto, (max-width: 150px) 100vw, 150px\" \/><\/a>\n\t\t\t<\/div>\n\t\t\t\t<figcaption class='wp-caption-text gallery-caption' id='gallery-1-27360'>\n\t\t\t\tCasa Impala \/ Estudio Galera (\u00a9 Diego Medina)\n\t\t\t\t<\/figcaption><\/figure><figure class='gallery-item'>\n\t\t\t<div class='gallery-icon portrait'>\n\t\t\t\t<a href='https:\/\/www.arquimaster.com.ar\/web\/wp-content\/uploads\/2017\/08\/casa_impala29.jpg' title=\"Casa Impala \/ Estudio Galera (\u00a9 Diego Medina)\" data-rl_title=\"Casa Impala \/ Estudio Galera (\u00a9 Diego Medina)\" class=\"rl-gallery-link\" data-rl_caption=\"Casa Impala \/ Estudio Galera (\u00a9 Diego Medina)\" data-rel=\"lightbox-gallery-1\"><img loading=\"lazy\" decoding=\"async\" width=\"150\" height=\"150\" src=\"https:\/\/www.arquimaster.com.ar\/web\/wp-content\/uploads\/2017\/08\/casa_impala29-150x150.jpg\" class=\"attachment-thumbnail size-thumbnail\" alt=\"\" aria-describedby=\"gallery-1-27361\" srcset=\"https:\/\/www.arquimaster.com.ar\/web\/wp-content\/uploads\/2017\/08\/casa_impala29-150x150.jpg 150w, https:\/\/www.arquimaster.com.ar\/web\/wp-content\/uploads\/2017\/08\/casa_impala29-50x50.jpg 50w, https:\/\/www.arquimaster.com.ar\/web\/wp-content\/uploads\/2017\/08\/casa_impala29-125x125.jpg 125w\" sizes=\"auto, (max-width: 150px) 100vw, 150px\" \/><\/a>\n\t\t\t<\/div>\n\t\t\t\t<figcaption class='wp-caption-text gallery-caption' id='gallery-1-27361'>\n\t\t\t\tCasa Impala \/ Estudio Galera (\u00a9 Diego Medina)\n\t\t\t\t<\/figcaption><\/figure><figure class='gallery-item'>\n\t\t\t<div class='gallery-icon landscape'>\n\t\t\t\t<a href='https:\/\/www.arquimaster.com.ar\/web\/wp-content\/uploads\/2017\/08\/casa_impala30.jpg' title=\"Casa Impala \/ Estudio Galera (\u00a9 Diego Medina)\" data-rl_title=\"Casa Impala \/ Estudio Galera (\u00a9 Diego Medina)\" class=\"rl-gallery-link\" data-rl_caption=\"Casa Impala \/ Estudio Galera (\u00a9 Diego Medina)\" data-rel=\"lightbox-gallery-1\"><img loading=\"lazy\" decoding=\"async\" width=\"150\" height=\"150\" src=\"https:\/\/www.arquimaster.com.ar\/web\/wp-content\/uploads\/2017\/08\/casa_impala30-150x150.jpg\" class=\"attachment-thumbnail size-thumbnail\" alt=\"\" aria-describedby=\"gallery-1-27362\" srcset=\"https:\/\/www.arquimaster.com.ar\/web\/wp-content\/uploads\/2017\/08\/casa_impala30-150x150.jpg 150w, https:\/\/www.arquimaster.com.ar\/web\/wp-content\/uploads\/2017\/08\/casa_impala30-50x50.jpg 50w, https:\/\/www.arquimaster.com.ar\/web\/wp-content\/uploads\/2017\/08\/casa_impala30-125x125.jpg 125w\" sizes=\"auto, (max-width: 150px) 100vw, 150px\" \/><\/a>\n\t\t\t<\/div>\n\t\t\t\t<figcaption class='wp-caption-text gallery-caption' id='gallery-1-27362'>\n\t\t\t\tCasa Impala \/ Estudio Galera (\u00a9 Diego Medina)\n\t\t\t\t<\/figcaption><\/figure><figure class='gallery-item'>\n\t\t\t<div class='gallery-icon landscape'>\n\t\t\t\t<a href='https:\/\/www.arquimaster.com.ar\/web\/wp-content\/uploads\/2017\/08\/casa_impala31.jpg' title=\"Casa Impala \/ Estudio Galera (\u00a9 Diego Medina)\" data-rl_title=\"Casa Impala \/ Estudio Galera (\u00a9 Diego Medina)\" class=\"rl-gallery-link\" data-rl_caption=\"Casa Impala \/ Estudio Galera (\u00a9 Diego Medina)\" data-rel=\"lightbox-gallery-1\"><img loading=\"lazy\" decoding=\"async\" width=\"150\" height=\"150\" src=\"https:\/\/www.arquimaster.com.ar\/web\/wp-content\/uploads\/2017\/08\/casa_impala31-150x150.jpg\" class=\"attachment-thumbnail size-thumbnail\" alt=\"\" aria-describedby=\"gallery-1-27363\" srcset=\"https:\/\/www.arquimaster.com.ar\/web\/wp-content\/uploads\/2017\/08\/casa_impala31-150x150.jpg 150w, https:\/\/www.arquimaster.com.ar\/web\/wp-content\/uploads\/2017\/08\/casa_impala31-50x50.jpg 50w, https:\/\/www.arquimaster.com.ar\/web\/wp-content\/uploads\/2017\/08\/casa_impala31-125x125.jpg 125w\" sizes=\"auto, (max-width: 150px) 100vw, 150px\" \/><\/a>\n\t\t\t<\/div>\n\t\t\t\t<figcaption class='wp-caption-text gallery-caption' id='gallery-1-27363'>\n\t\t\t\tCasa Impala \/ Estudio Galera (\u00a9 Diego Medina)\n\t\t\t\t<\/figcaption><\/figure><figure class='gallery-item'>\n\t\t\t<div class='gallery-icon portrait'>\n\t\t\t\t<a href='https:\/\/www.arquimaster.com.ar\/web\/wp-content\/uploads\/2017\/08\/casa_impala32.jpg' title=\"Casa Impala \/ Estudio Galera (\u00a9 Diego Medina)\" data-rl_title=\"Casa Impala \/ Estudio Galera (\u00a9 Diego Medina)\" class=\"rl-gallery-link\" data-rl_caption=\"Casa Impala \/ Estudio Galera (\u00a9 Diego Medina)\" data-rel=\"lightbox-gallery-1\"><img loading=\"lazy\" decoding=\"async\" width=\"150\" height=\"150\" src=\"https:\/\/www.arquimaster.com.ar\/web\/wp-content\/uploads\/2017\/08\/casa_impala32-150x150.jpg\" class=\"attachment-thumbnail size-thumbnail\" alt=\"\" aria-describedby=\"gallery-1-27364\" srcset=\"https:\/\/www.arquimaster.com.ar\/web\/wp-content\/uploads\/2017\/08\/casa_impala32-150x150.jpg 150w, https:\/\/www.arquimaster.com.ar\/web\/wp-content\/uploads\/2017\/08\/casa_impala32-50x50.jpg 50w, https:\/\/www.arquimaster.com.ar\/web\/wp-content\/uploads\/2017\/08\/casa_impala32-125x125.jpg 125w\" sizes=\"auto, (max-width: 150px) 100vw, 150px\" \/><\/a>\n\t\t\t<\/div>\n\t\t\t\t<figcaption class='wp-caption-text gallery-caption' id='gallery-1-27364'>\n\t\t\t\tCasa Impala \/ Estudio Galera (\u00a9 Diego Medina)\n\t\t\t\t<\/figcaption><\/figure><figure class='gallery-item'>\n\t\t\t<div class='gallery-icon landscape'>\n\t\t\t\t<a href='https:\/\/www.arquimaster.com.ar\/web\/wp-content\/uploads\/2017\/08\/casa_impala33.jpg' title=\"Casa Impala \/ Estudio Galera (\u00a9 Diego Medina)\" data-rl_title=\"Casa Impala \/ Estudio Galera (\u00a9 Diego Medina)\" class=\"rl-gallery-link\" data-rl_caption=\"Casa Impala \/ Estudio Galera (\u00a9 Diego Medina)\" data-rel=\"lightbox-gallery-1\"><img loading=\"lazy\" decoding=\"async\" width=\"150\" height=\"150\" src=\"https:\/\/www.arquimaster.com.ar\/web\/wp-content\/uploads\/2017\/08\/casa_impala33-150x150.jpg\" class=\"attachment-thumbnail size-thumbnail\" alt=\"\" aria-describedby=\"gallery-1-27365\" srcset=\"https:\/\/www.arquimaster.com.ar\/web\/wp-content\/uploads\/2017\/08\/casa_impala33-150x150.jpg 150w, https:\/\/www.arquimaster.com.ar\/web\/wp-content\/uploads\/2017\/08\/casa_impala33-50x50.jpg 50w, https:\/\/www.arquimaster.com.ar\/web\/wp-content\/uploads\/2017\/08\/casa_impala33-125x125.jpg 125w\" sizes=\"auto, (max-width: 150px) 100vw, 150px\" \/><\/a>\n\t\t\t<\/div>\n\t\t\t\t<figcaption class='wp-caption-text gallery-caption' id='gallery-1-27365'>\n\t\t\t\tCasa Impala \/ Estudio Galera (\u00a9 Diego Medina)\n\t\t\t\t<\/figcaption><\/figure><figure class='gallery-item'>\n\t\t\t<div class='gallery-icon portrait'>\n\t\t\t\t<a href='https:\/\/www.arquimaster.com.ar\/web\/wp-content\/uploads\/2017\/08\/casa_impala34.jpg' title=\"Casa Impala \/ Estudio Galera (\u00a9 Diego Medina)\" data-rl_title=\"Casa Impala \/ Estudio Galera (\u00a9 Diego Medina)\" class=\"rl-gallery-link\" data-rl_caption=\"Casa Impala \/ Estudio Galera (\u00a9 Diego Medina)\" data-rel=\"lightbox-gallery-1\"><img loading=\"lazy\" decoding=\"async\" width=\"150\" height=\"150\" src=\"https:\/\/www.arquimaster.com.ar\/web\/wp-content\/uploads\/2017\/08\/casa_impala34-150x150.jpg\" class=\"attachment-thumbnail size-thumbnail\" alt=\"\" aria-describedby=\"gallery-1-27366\" srcset=\"https:\/\/www.arquimaster.com.ar\/web\/wp-content\/uploads\/2017\/08\/casa_impala34-150x150.jpg 150w, https:\/\/www.arquimaster.com.ar\/web\/wp-content\/uploads\/2017\/08\/casa_impala34-50x50.jpg 50w, https:\/\/www.arquimaster.com.ar\/web\/wp-content\/uploads\/2017\/08\/casa_impala34-125x125.jpg 125w\" sizes=\"auto, (max-width: 150px) 100vw, 150px\" \/><\/a>\n\t\t\t<\/div>\n\t\t\t\t<figcaption class='wp-caption-text gallery-caption' id='gallery-1-27366'>\n\t\t\t\tCasa Impala \/ Estudio Galera (\u00a9 Diego Medina)\n\t\t\t\t<\/figcaption><\/figure><figure class='gallery-item'>\n\t\t\t<div class='gallery-icon landscape'>\n\t\t\t\t<a href='https:\/\/www.arquimaster.com.ar\/web\/wp-content\/uploads\/2017\/08\/casa_impala35.jpg' title=\"Casa Impala \/ Estudio Galera (\u00a9 Diego Medina)\" data-rl_title=\"Casa Impala \/ Estudio Galera (\u00a9 Diego Medina)\" class=\"rl-gallery-link\" data-rl_caption=\"Casa Impala \/ Estudio Galera (\u00a9 Diego Medina)\" data-rel=\"lightbox-gallery-1\"><img loading=\"lazy\" decoding=\"async\" width=\"150\" height=\"150\" src=\"https:\/\/www.arquimaster.com.ar\/web\/wp-content\/uploads\/2017\/08\/casa_impala35-150x150.jpg\" class=\"attachment-thumbnail size-thumbnail\" alt=\"\" aria-describedby=\"gallery-1-27367\" srcset=\"https:\/\/www.arquimaster.com.ar\/web\/wp-content\/uploads\/2017\/08\/casa_impala35-150x150.jpg 150w, https:\/\/www.arquimaster.com.ar\/web\/wp-content\/uploads\/2017\/08\/casa_impala35-50x50.jpg 50w, https:\/\/www.arquimaster.com.ar\/web\/wp-content\/uploads\/2017\/08\/casa_impala35-125x125.jpg 125w\" sizes=\"auto, (max-width: 150px) 100vw, 150px\" \/><\/a>\n\t\t\t<\/div>\n\t\t\t\t<figcaption class='wp-caption-text gallery-caption' id='gallery-1-27367'>\n\t\t\t\tCasa Impala \/ Estudio Galera (\u00a9 Diego Medina)\n\t\t\t\t<\/figcaption><\/figure><figure class='gallery-item'>\n\t\t\t<div class='gallery-icon portrait'>\n\t\t\t\t<a href='https:\/\/www.arquimaster.com.ar\/web\/wp-content\/uploads\/2017\/08\/casa_impala36.jpg' title=\"Casa Impala \/ Estudio Galera (\u00a9 Diego Medina)\" data-rl_title=\"Casa Impala \/ Estudio Galera (\u00a9 Diego Medina)\" class=\"rl-gallery-link\" data-rl_caption=\"Casa Impala \/ Estudio Galera (\u00a9 Diego Medina)\" data-rel=\"lightbox-gallery-1\"><img loading=\"lazy\" decoding=\"async\" width=\"150\" height=\"150\" src=\"https:\/\/www.arquimaster.com.ar\/web\/wp-content\/uploads\/2017\/08\/casa_impala36-150x150.jpg\" class=\"attachment-thumbnail size-thumbnail\" alt=\"\" aria-describedby=\"gallery-1-27368\" srcset=\"https:\/\/www.arquimaster.com.ar\/web\/wp-content\/uploads\/2017\/08\/casa_impala36-150x150.jpg 150w, https:\/\/www.arquimaster.com.ar\/web\/wp-content\/uploads\/2017\/08\/casa_impala36-50x50.jpg 50w, https:\/\/www.arquimaster.com.ar\/web\/wp-content\/uploads\/2017\/08\/casa_impala36-125x125.jpg 125w\" sizes=\"auto, (max-width: 150px) 100vw, 150px\" \/><\/a>\n\t\t\t<\/div>\n\t\t\t\t<figcaption class='wp-caption-text gallery-caption' id='gallery-1-27368'>\n\t\t\t\tCasa Impala \/ Estudio Galera (\u00a9 Diego Medina)\n\t\t\t\t<\/figcaption><\/figure><figure class='gallery-item'>\n\t\t\t<div class='gallery-icon portrait'>\n\t\t\t\t<a href='https:\/\/www.arquimaster.com.ar\/web\/wp-content\/uploads\/2017\/08\/casa_impala37.jpg' title=\"Casa Impala \/ Estudio Galera (\u00a9 Diego Medina)\" data-rl_title=\"Casa Impala \/ Estudio Galera (\u00a9 Diego Medina)\" class=\"rl-gallery-link\" data-rl_caption=\"Casa Impala \/ Estudio Galera (\u00a9 Diego Medina)\" data-rel=\"lightbox-gallery-1\"><img loading=\"lazy\" decoding=\"async\" width=\"150\" height=\"150\" src=\"https:\/\/www.arquimaster.com.ar\/web\/wp-content\/uploads\/2017\/08\/casa_impala37-150x150.jpg\" class=\"attachment-thumbnail size-thumbnail\" alt=\"\" aria-describedby=\"gallery-1-27369\" srcset=\"https:\/\/www.arquimaster.com.ar\/web\/wp-content\/uploads\/2017\/08\/casa_impala37-150x150.jpg 150w, https:\/\/www.arquimaster.com.ar\/web\/wp-content\/uploads\/2017\/08\/casa_impala37-50x50.jpg 50w, https:\/\/www.arquimaster.com.ar\/web\/wp-content\/uploads\/2017\/08\/casa_impala37-125x125.jpg 125w\" sizes=\"auto, (max-width: 150px) 100vw, 150px\" \/><\/a>\n\t\t\t<\/div>\n\t\t\t\t<figcaption class='wp-caption-text gallery-caption' id='gallery-1-27369'>\n\t\t\t\tCasa Impala \/ Estudio Galera (\u00a9 Diego Medina)\n\t\t\t\t<\/figcaption><\/figure><figure class='gallery-item'>\n\t\t\t<div class='gallery-icon portrait'>\n\t\t\t\t<a href='https:\/\/www.arquimaster.com.ar\/web\/wp-content\/uploads\/2017\/08\/casa_impala38.jpg' title=\"Casa Impala \/ Estudio Galera (\u00a9 Diego Medina)\" data-rl_title=\"Casa Impala \/ Estudio Galera (\u00a9 Diego Medina)\" class=\"rl-gallery-link\" data-rl_caption=\"Casa Impala \/ Estudio Galera (\u00a9 Diego Medina)\" data-rel=\"lightbox-gallery-1\"><img loading=\"lazy\" decoding=\"async\" width=\"150\" height=\"150\" src=\"https:\/\/www.arquimaster.com.ar\/web\/wp-content\/uploads\/2017\/08\/casa_impala38-150x150.jpg\" class=\"attachment-thumbnail size-thumbnail\" alt=\"\" aria-describedby=\"gallery-1-27370\" srcset=\"https:\/\/www.arquimaster.com.ar\/web\/wp-content\/uploads\/2017\/08\/casa_impala38-150x150.jpg 150w, https:\/\/www.arquimaster.com.ar\/web\/wp-content\/uploads\/2017\/08\/casa_impala38-50x50.jpg 50w, https:\/\/www.arquimaster.com.ar\/web\/wp-content\/uploads\/2017\/08\/casa_impala38-125x125.jpg 125w\" sizes=\"auto, (max-width: 150px) 100vw, 150px\" \/><\/a>\n\t\t\t<\/div>\n\t\t\t\t<figcaption class='wp-caption-text gallery-caption' id='gallery-1-27370'>\n\t\t\t\tCasa Impala \/ Estudio Galera (\u00a9 Diego Medina)\n\t\t\t\t<\/figcaption><\/figure><figure class='gallery-item'>\n\t\t\t<div class='gallery-icon portrait'>\n\t\t\t\t<a href='https:\/\/www.arquimaster.com.ar\/web\/wp-content\/uploads\/2017\/08\/casa_impala39.jpg' title=\"Casa Impala \/ Estudio Galera (\u00a9 Diego Medina)\" data-rl_title=\"Casa Impala \/ Estudio Galera (\u00a9 Diego Medina)\" class=\"rl-gallery-link\" data-rl_caption=\"Casa Impala \/ Estudio Galera (\u00a9 Diego Medina)\" data-rel=\"lightbox-gallery-1\"><img loading=\"lazy\" decoding=\"async\" width=\"150\" height=\"150\" src=\"https:\/\/www.arquimaster.com.ar\/web\/wp-content\/uploads\/2017\/08\/casa_impala39-150x150.jpg\" class=\"attachment-thumbnail size-thumbnail\" alt=\"\" aria-describedby=\"gallery-1-27371\" srcset=\"https:\/\/www.arquimaster.com.ar\/web\/wp-content\/uploads\/2017\/08\/casa_impala39-150x150.jpg 150w, https:\/\/www.arquimaster.com.ar\/web\/wp-content\/uploads\/2017\/08\/casa_impala39-50x50.jpg 50w, https:\/\/www.arquimaster.com.ar\/web\/wp-content\/uploads\/2017\/08\/casa_impala39-125x125.jpg 125w\" sizes=\"auto, (max-width: 150px) 100vw, 150px\" \/><\/a>\n\t\t\t<\/div>\n\t\t\t\t<figcaption class='wp-caption-text gallery-caption' id='gallery-1-27371'>\n\t\t\t\tCasa Impala \/ Estudio Galera (\u00a9 Diego Medina)\n\t\t\t\t<\/figcaption><\/figure><figure class='gallery-item'>\n\t\t\t<div class='gallery-icon landscape'>\n\t\t\t\t<a href='https:\/\/www.arquimaster.com.ar\/web\/wp-content\/uploads\/2017\/08\/casa_impala40.jpg' title=\"Casa Impala \/ Estudio Galera (\u00a9 Diego Medina)\" data-rl_title=\"Casa Impala \/ Estudio Galera (\u00a9 Diego Medina)\" class=\"rl-gallery-link\" data-rl_caption=\"Casa Impala \/ Estudio Galera (\u00a9 Diego Medina)\" data-rel=\"lightbox-gallery-1\"><img loading=\"lazy\" decoding=\"async\" width=\"150\" height=\"150\" src=\"https:\/\/www.arquimaster.com.ar\/web\/wp-content\/uploads\/2017\/08\/casa_impala40-150x150.jpg\" class=\"attachment-thumbnail size-thumbnail\" alt=\"\" aria-describedby=\"gallery-1-27372\" srcset=\"https:\/\/www.arquimaster.com.ar\/web\/wp-content\/uploads\/2017\/08\/casa_impala40-150x150.jpg 150w, https:\/\/www.arquimaster.com.ar\/web\/wp-content\/uploads\/2017\/08\/casa_impala40-50x50.jpg 50w, https:\/\/www.arquimaster.com.ar\/web\/wp-content\/uploads\/2017\/08\/casa_impala40-125x125.jpg 125w\" sizes=\"auto, (max-width: 150px) 100vw, 150px\" \/><\/a>\n\t\t\t<\/div>\n\t\t\t\t<figcaption class='wp-caption-text gallery-caption' id='gallery-1-27372'>\n\t\t\t\tCasa Impala \/ Estudio Galera (\u00a9 Diego Medina)\n\t\t\t\t<\/figcaption><\/figure><figure class='gallery-item'>\n\t\t\t<div class='gallery-icon landscape'>\n\t\t\t\t<a href='https:\/\/www.arquimaster.com.ar\/web\/wp-content\/uploads\/2017\/08\/casa_impala41.jpg' title=\"Casa Impala \/ Estudio Galera (\u00a9 Diego Medina)\" data-rl_title=\"Casa Impala \/ Estudio Galera (\u00a9 Diego Medina)\" class=\"rl-gallery-link\" data-rl_caption=\"Casa Impala \/ Estudio Galera (\u00a9 Diego Medina)\" data-rel=\"lightbox-gallery-1\"><img loading=\"lazy\" decoding=\"async\" width=\"150\" height=\"150\" src=\"https:\/\/www.arquimaster.com.ar\/web\/wp-content\/uploads\/2017\/08\/casa_impala41-150x150.jpg\" class=\"attachment-thumbnail size-thumbnail\" alt=\"\" aria-describedby=\"gallery-1-27373\" srcset=\"https:\/\/www.arquimaster.com.ar\/web\/wp-content\/uploads\/2017\/08\/casa_impala41-150x150.jpg 150w, https:\/\/www.arquimaster.com.ar\/web\/wp-content\/uploads\/2017\/08\/casa_impala41-50x50.jpg 50w, https:\/\/www.arquimaster.com.ar\/web\/wp-content\/uploads\/2017\/08\/casa_impala41-125x125.jpg 125w\" sizes=\"auto, (max-width: 150px) 100vw, 150px\" \/><\/a>\n\t\t\t<\/div>\n\t\t\t\t<figcaption class='wp-caption-text gallery-caption' id='gallery-1-27373'>\n\t\t\t\tCasa Impala \/ Estudio Galera (\u00a9 Diego Medina)\n\t\t\t\t<\/figcaption><\/figure><figure class='gallery-item'>\n\t\t\t<div class='gallery-icon landscape'>\n\t\t\t\t<a href='https:\/\/www.arquimaster.com.ar\/web\/wp-content\/uploads\/2017\/08\/casa_impala42.jpg' title=\"Casa Impala \/ Estudio Galera (\u00a9 Diego Medina)\" data-rl_title=\"Casa Impala \/ Estudio Galera (\u00a9 Diego Medina)\" class=\"rl-gallery-link\" data-rl_caption=\"Casa Impala \/ Estudio Galera (\u00a9 Diego Medina)\" data-rel=\"lightbox-gallery-1\"><img loading=\"lazy\" decoding=\"async\" width=\"150\" height=\"150\" src=\"https:\/\/www.arquimaster.com.ar\/web\/wp-content\/uploads\/2017\/08\/casa_impala42-150x150.jpg\" class=\"attachment-thumbnail size-thumbnail\" alt=\"\" aria-describedby=\"gallery-1-27374\" srcset=\"https:\/\/www.arquimaster.com.ar\/web\/wp-content\/uploads\/2017\/08\/casa_impala42-150x150.jpg 150w, https:\/\/www.arquimaster.com.ar\/web\/wp-content\/uploads\/2017\/08\/casa_impala42-50x50.jpg 50w, https:\/\/www.arquimaster.com.ar\/web\/wp-content\/uploads\/2017\/08\/casa_impala42-125x125.jpg 125w\" sizes=\"auto, (max-width: 150px) 100vw, 150px\" \/><\/a>\n\t\t\t<\/div>\n\t\t\t\t<figcaption class='wp-caption-text gallery-caption' id='gallery-1-27374'>\n\t\t\t\tCasa Impala \/ Estudio Galera (\u00a9 Diego Medina)\n\t\t\t\t<\/figcaption><\/figure><figure class='gallery-item'>\n\t\t\t<div class='gallery-icon landscape'>\n\t\t\t\t<a href='https:\/\/www.arquimaster.com.ar\/web\/wp-content\/uploads\/2017\/08\/casa_impala43.jpg' title=\"Casa Impala \/ Estudio Galera (\u00a9 Diego Medina)\" data-rl_title=\"Casa Impala \/ Estudio Galera (\u00a9 Diego Medina)\" class=\"rl-gallery-link\" data-rl_caption=\"Casa Impala \/ Estudio Galera (\u00a9 Diego Medina)\" data-rel=\"lightbox-gallery-1\"><img loading=\"lazy\" decoding=\"async\" width=\"150\" height=\"150\" src=\"https:\/\/www.arquimaster.com.ar\/web\/wp-content\/uploads\/2017\/08\/casa_impala43-150x150.jpg\" class=\"attachment-thumbnail size-thumbnail\" alt=\"\" aria-describedby=\"gallery-1-27375\" srcset=\"https:\/\/www.arquimaster.com.ar\/web\/wp-content\/uploads\/2017\/08\/casa_impala43-150x150.jpg 150w, https:\/\/www.arquimaster.com.ar\/web\/wp-content\/uploads\/2017\/08\/casa_impala43-50x50.jpg 50w, https:\/\/www.arquimaster.com.ar\/web\/wp-content\/uploads\/2017\/08\/casa_impala43-125x125.jpg 125w\" sizes=\"auto, (max-width: 150px) 100vw, 150px\" \/><\/a>\n\t\t\t<\/div>\n\t\t\t\t<figcaption class='wp-caption-text gallery-caption' id='gallery-1-27375'>\n\t\t\t\tCasa Impala \/ Estudio Galera (\u00a9 Diego Medina)\n\t\t\t\t<\/figcaption><\/figure><figure class='gallery-item'>\n\t\t\t<div class='gallery-icon landscape'>\n\t\t\t\t<a href='https:\/\/www.arquimaster.com.ar\/web\/wp-content\/uploads\/2017\/08\/casa_impala44.jpg' title=\"Casa Impala \/ Estudio Galera (\u00a9 Diego Medina)\" data-rl_title=\"Casa Impala \/ Estudio Galera (\u00a9 Diego Medina)\" class=\"rl-gallery-link\" data-rl_caption=\"Casa Impala \/ Estudio Galera (\u00a9 Diego Medina)\" data-rel=\"lightbox-gallery-1\"><img loading=\"lazy\" decoding=\"async\" width=\"150\" height=\"150\" src=\"https:\/\/www.arquimaster.com.ar\/web\/wp-content\/uploads\/2017\/08\/casa_impala44-150x150.jpg\" class=\"attachment-thumbnail size-thumbnail\" alt=\"\" aria-describedby=\"gallery-1-27376\" srcset=\"https:\/\/www.arquimaster.com.ar\/web\/wp-content\/uploads\/2017\/08\/casa_impala44-150x150.jpg 150w, https:\/\/www.arquimaster.com.ar\/web\/wp-content\/uploads\/2017\/08\/casa_impala44-50x50.jpg 50w, https:\/\/www.arquimaster.com.ar\/web\/wp-content\/uploads\/2017\/08\/casa_impala44-125x125.jpg 125w\" sizes=\"auto, (max-width: 150px) 100vw, 150px\" \/><\/a>\n\t\t\t<\/div>\n\t\t\t\t<figcaption class='wp-caption-text gallery-caption' id='gallery-1-27376'>\n\t\t\t\tCasa Impala \/ Estudio Galera (\u00a9 Diego Medina)\n\t\t\t\t<\/figcaption><\/figure><figure class='gallery-item'>\n\t\t\t<div class='gallery-icon landscape'>\n\t\t\t\t<a href='https:\/\/www.arquimaster.com.ar\/web\/wp-content\/uploads\/2017\/08\/casa_impala45.jpg' title=\"Casa Impala \/ Estudio Galera (\u00a9 Diego Medina)\" data-rl_title=\"Casa Impala \/ Estudio Galera (\u00a9 Diego Medina)\" class=\"rl-gallery-link\" data-rl_caption=\"Casa Impala \/ Estudio Galera (\u00a9 Diego Medina)\" data-rel=\"lightbox-gallery-1\"><img loading=\"lazy\" decoding=\"async\" width=\"150\" height=\"150\" src=\"https:\/\/www.arquimaster.com.ar\/web\/wp-content\/uploads\/2017\/08\/casa_impala45-150x150.jpg\" class=\"attachment-thumbnail size-thumbnail\" alt=\"\" aria-describedby=\"gallery-1-27377\" srcset=\"https:\/\/www.arquimaster.com.ar\/web\/wp-content\/uploads\/2017\/08\/casa_impala45-150x150.jpg 150w, https:\/\/www.arquimaster.com.ar\/web\/wp-content\/uploads\/2017\/08\/casa_impala45-50x50.jpg 50w, https:\/\/www.arquimaster.com.ar\/web\/wp-content\/uploads\/2017\/08\/casa_impala45-125x125.jpg 125w\" sizes=\"auto, (max-width: 150px) 100vw, 150px\" \/><\/a>\n\t\t\t<\/div>\n\t\t\t\t<figcaption class='wp-caption-text gallery-caption' id='gallery-1-27377'>\n\t\t\t\tCasa Impala \/ Estudio Galera (\u00a9 Diego Medina)\n\t\t\t\t<\/figcaption><\/figure><figure class='gallery-item'>\n\t\t\t<div class='gallery-icon landscape'>\n\t\t\t\t<a href='https:\/\/www.arquimaster.com.ar\/web\/wp-content\/uploads\/2017\/08\/casa_impala46.jpg' title=\"Casa Impala \/ Estudio Galera (\u00a9 Diego Medina)\" data-rl_title=\"Casa Impala \/ Estudio Galera (\u00a9 Diego Medina)\" class=\"rl-gallery-link\" data-rl_caption=\"Casa Impala \/ Estudio Galera (\u00a9 Diego Medina)\" data-rel=\"lightbox-gallery-1\"><img loading=\"lazy\" decoding=\"async\" width=\"150\" height=\"150\" src=\"https:\/\/www.arquimaster.com.ar\/web\/wp-content\/uploads\/2017\/08\/casa_impala46-150x150.jpg\" class=\"attachment-thumbnail size-thumbnail\" alt=\"\" aria-describedby=\"gallery-1-27378\" srcset=\"https:\/\/www.arquimaster.com.ar\/web\/wp-content\/uploads\/2017\/08\/casa_impala46-150x150.jpg 150w, https:\/\/www.arquimaster.com.ar\/web\/wp-content\/uploads\/2017\/08\/casa_impala46-50x50.jpg 50w, https:\/\/www.arquimaster.com.ar\/web\/wp-content\/uploads\/2017\/08\/casa_impala46-125x125.jpg 125w\" sizes=\"auto, (max-width: 150px) 100vw, 150px\" \/><\/a>\n\t\t\t<\/div>\n\t\t\t\t<figcaption class='wp-caption-text gallery-caption' id='gallery-1-27378'>\n\t\t\t\tCasa Impala \/ Estudio Galera (\u00a9 Diego Medina)\n\t\t\t\t<\/figcaption><\/figure><figure class='gallery-item'>\n\t\t\t<div class='gallery-icon landscape'>\n\t\t\t\t<a href='https:\/\/www.arquimaster.com.ar\/web\/wp-content\/uploads\/2017\/08\/casa_impala47.jpg' title=\"Casa Impala \/ Estudio Galera (\u00a9 Diego Medina)\" data-rl_title=\"Casa Impala \/ Estudio Galera (\u00a9 Diego Medina)\" class=\"rl-gallery-link\" data-rl_caption=\"Casa Impala \/ Estudio Galera (\u00a9 Diego Medina)\" data-rel=\"lightbox-gallery-1\"><img loading=\"lazy\" decoding=\"async\" width=\"150\" height=\"150\" src=\"https:\/\/www.arquimaster.com.ar\/web\/wp-content\/uploads\/2017\/08\/casa_impala47-150x150.jpg\" class=\"attachment-thumbnail size-thumbnail\" alt=\"\" aria-describedby=\"gallery-1-27379\" srcset=\"https:\/\/www.arquimaster.com.ar\/web\/wp-content\/uploads\/2017\/08\/casa_impala47-150x150.jpg 150w, https:\/\/www.arquimaster.com.ar\/web\/wp-content\/uploads\/2017\/08\/casa_impala47-50x50.jpg 50w, https:\/\/www.arquimaster.com.ar\/web\/wp-content\/uploads\/2017\/08\/casa_impala47-125x125.jpg 125w\" sizes=\"auto, (max-width: 150px) 100vw, 150px\" \/><\/a>\n\t\t\t<\/div>\n\t\t\t\t<figcaption class='wp-caption-text gallery-caption' id='gallery-1-27379'>\n\t\t\t\tCasa Impala \/ Estudio Galera (\u00a9 Diego Medina)\n\t\t\t\t<\/figcaption><\/figure><figure class='gallery-item'>\n\t\t\t<div class='gallery-icon landscape'>\n\t\t\t\t<a href='https:\/\/www.arquimaster.com.ar\/web\/wp-content\/uploads\/2017\/08\/casa_impala48.jpg' title=\"Casa Impala \/ Estudio Galera (\u00a9 Diego Medina)\" data-rl_title=\"Casa Impala \/ Estudio Galera (\u00a9 Diego Medina)\" class=\"rl-gallery-link\" data-rl_caption=\"Casa Impala \/ Estudio Galera (\u00a9 Diego Medina)\" data-rel=\"lightbox-gallery-1\"><img loading=\"lazy\" decoding=\"async\" width=\"150\" height=\"150\" src=\"https:\/\/www.arquimaster.com.ar\/web\/wp-content\/uploads\/2017\/08\/casa_impala48-150x150.jpg\" class=\"attachment-thumbnail size-thumbnail\" alt=\"\" aria-describedby=\"gallery-1-27380\" srcset=\"https:\/\/www.arquimaster.com.ar\/web\/wp-content\/uploads\/2017\/08\/casa_impala48-150x150.jpg 150w, https:\/\/www.arquimaster.com.ar\/web\/wp-content\/uploads\/2017\/08\/casa_impala48-50x50.jpg 50w, https:\/\/www.arquimaster.com.ar\/web\/wp-content\/uploads\/2017\/08\/casa_impala48-125x125.jpg 125w\" sizes=\"auto, (max-width: 150px) 100vw, 150px\" \/><\/a>\n\t\t\t<\/div>\n\t\t\t\t<figcaption class='wp-caption-text gallery-caption' id='gallery-1-27380'>\n\t\t\t\tCasa Impala \/ Estudio Galera (\u00a9 Diego Medina)\n\t\t\t\t<\/figcaption><\/figure><figure class='gallery-item'>\n\t\t\t<div class='gallery-icon landscape'>\n\t\t\t\t<a href='https:\/\/www.arquimaster.com.ar\/web\/wp-content\/uploads\/2017\/08\/casa_impala49.jpg' title=\"Casa Impala \/ Estudio Galera (\u00a9 Diego Medina)\" data-rl_title=\"Casa Impala \/ Estudio Galera (\u00a9 Diego Medina)\" class=\"rl-gallery-link\" data-rl_caption=\"Casa Impala \/ Estudio Galera (\u00a9 Diego Medina)\" data-rel=\"lightbox-gallery-1\"><img loading=\"lazy\" decoding=\"async\" width=\"150\" height=\"150\" src=\"https:\/\/www.arquimaster.com.ar\/web\/wp-content\/uploads\/2017\/08\/casa_impala49-150x150.jpg\" class=\"attachment-thumbnail size-thumbnail\" alt=\"\" aria-describedby=\"gallery-1-27381\" srcset=\"https:\/\/www.arquimaster.com.ar\/web\/wp-content\/uploads\/2017\/08\/casa_impala49-150x150.jpg 150w, https:\/\/www.arquimaster.com.ar\/web\/wp-content\/uploads\/2017\/08\/casa_impala49-50x50.jpg 50w, https:\/\/www.arquimaster.com.ar\/web\/wp-content\/uploads\/2017\/08\/casa_impala49-125x125.jpg 125w\" sizes=\"auto, (max-width: 150px) 100vw, 150px\" \/><\/a>\n\t\t\t<\/div>\n\t\t\t\t<figcaption class='wp-caption-text gallery-caption' id='gallery-1-27381'>\n\t\t\t\tCasa Impala \/ Estudio Galera (\u00a9 Diego Medina)\n\t\t\t\t<\/figcaption><\/figure><figure class='gallery-item'>\n\t\t\t<div class='gallery-icon landscape'>\n\t\t\t\t<a href='https:\/\/www.arquimaster.com.ar\/web\/wp-content\/uploads\/2017\/08\/casa_impala50.jpg' title=\"Casa Impala \/ Estudio Galera (\u00a9 Diego Medina)\" data-rl_title=\"Casa Impala \/ Estudio Galera (\u00a9 Diego Medina)\" class=\"rl-gallery-link\" data-rl_caption=\"Casa Impala \/ Estudio Galera (\u00a9 Diego Medina)\" data-rel=\"lightbox-gallery-1\"><img loading=\"lazy\" decoding=\"async\" width=\"150\" height=\"150\" src=\"https:\/\/www.arquimaster.com.ar\/web\/wp-content\/uploads\/2017\/08\/casa_impala50-150x150.jpg\" class=\"attachment-thumbnail size-thumbnail\" alt=\"\" aria-describedby=\"gallery-1-27382\" srcset=\"https:\/\/www.arquimaster.com.ar\/web\/wp-content\/uploads\/2017\/08\/casa_impala50-150x150.jpg 150w, https:\/\/www.arquimaster.com.ar\/web\/wp-content\/uploads\/2017\/08\/casa_impala50-50x50.jpg 50w, https:\/\/www.arquimaster.com.ar\/web\/wp-content\/uploads\/2017\/08\/casa_impala50-125x125.jpg 125w\" sizes=\"auto, (max-width: 150px) 100vw, 150px\" \/><\/a>\n\t\t\t<\/div>\n\t\t\t\t<figcaption class='wp-caption-text gallery-caption' id='gallery-1-27382'>\n\t\t\t\tCasa Impala \/ Estudio Galera (\u00a9 Diego Medina)\n\t\t\t\t<\/figcaption><\/figure><figure class='gallery-item'>\n\t\t\t<div class='gallery-icon portrait'>\n\t\t\t\t<a href='https:\/\/www.arquimaster.com.ar\/web\/wp-content\/uploads\/2017\/08\/casa_impala51.jpg' title=\"Casa Impala \/ Estudio Galera (\u00a9 Diego Medina)\" data-rl_title=\"Casa Impala \/ Estudio Galera (\u00a9 Diego Medina)\" class=\"rl-gallery-link\" data-rl_caption=\"Casa Impala \/ Estudio Galera (\u00a9 Diego Medina)\" data-rel=\"lightbox-gallery-1\"><img loading=\"lazy\" decoding=\"async\" width=\"150\" height=\"150\" src=\"https:\/\/www.arquimaster.com.ar\/web\/wp-content\/uploads\/2017\/08\/casa_impala51-150x150.jpg\" class=\"attachment-thumbnail size-thumbnail\" alt=\"\" aria-describedby=\"gallery-1-27383\" srcset=\"https:\/\/www.arquimaster.com.ar\/web\/wp-content\/uploads\/2017\/08\/casa_impala51-150x150.jpg 150w, https:\/\/www.arquimaster.com.ar\/web\/wp-content\/uploads\/2017\/08\/casa_impala51-50x50.jpg 50w, https:\/\/www.arquimaster.com.ar\/web\/wp-content\/uploads\/2017\/08\/casa_impala51-125x125.jpg 125w\" sizes=\"auto, (max-width: 150px) 100vw, 150px\" \/><\/a>\n\t\t\t<\/div>\n\t\t\t\t<figcaption class='wp-caption-text gallery-caption' id='gallery-1-27383'>\n\t\t\t\tCasa Impala \/ Estudio Galera (\u00a9 Diego Medina)\n\t\t\t\t<\/figcaption><\/figure><figure class='gallery-item'>\n\t\t\t<div class='gallery-icon landscape'>\n\t\t\t\t<a href='https:\/\/www.arquimaster.com.ar\/web\/wp-content\/uploads\/2017\/08\/casa_impala52.jpg' title=\"Casa Impala \/ Estudio Galera (\u00a9 Diego Medina)\" data-rl_title=\"Casa Impala \/ Estudio Galera (\u00a9 Diego Medina)\" class=\"rl-gallery-link\" data-rl_caption=\"Casa Impala \/ Estudio Galera (\u00a9 Diego Medina)\" data-rel=\"lightbox-gallery-1\"><img loading=\"lazy\" decoding=\"async\" width=\"150\" height=\"150\" src=\"https:\/\/www.arquimaster.com.ar\/web\/wp-content\/uploads\/2017\/08\/casa_impala52-150x150.jpg\" class=\"attachment-thumbnail size-thumbnail\" alt=\"\" aria-describedby=\"gallery-1-27384\" srcset=\"https:\/\/www.arquimaster.com.ar\/web\/wp-content\/uploads\/2017\/08\/casa_impala52-150x150.jpg 150w, https:\/\/www.arquimaster.com.ar\/web\/wp-content\/uploads\/2017\/08\/casa_impala52-50x50.jpg 50w, https:\/\/www.arquimaster.com.ar\/web\/wp-content\/uploads\/2017\/08\/casa_impala52-125x125.jpg 125w\" sizes=\"auto, (max-width: 150px) 100vw, 150px\" \/><\/a>\n\t\t\t<\/div>\n\t\t\t\t<figcaption class='wp-caption-text gallery-caption' id='gallery-1-27384'>\n\t\t\t\tCasa Impala \/ Estudio Galera (\u00a9 Diego Medina)\n\t\t\t\t<\/figcaption><\/figure><figure class='gallery-item'>\n\t\t\t<div class='gallery-icon landscape'>\n\t\t\t\t<a href='https:\/\/www.arquimaster.com.ar\/web\/wp-content\/uploads\/2017\/08\/casa_impala53.jpg' title=\"Casa Impala \/ Estudio Galera (\u00a9 Diego Medina)\" data-rl_title=\"Casa Impala \/ Estudio Galera (\u00a9 Diego Medina)\" class=\"rl-gallery-link\" data-rl_caption=\"Casa Impala \/ Estudio Galera (\u00a9 Diego Medina)\" data-rel=\"lightbox-gallery-1\"><img loading=\"lazy\" decoding=\"async\" width=\"150\" height=\"150\" src=\"https:\/\/www.arquimaster.com.ar\/web\/wp-content\/uploads\/2017\/08\/casa_impala53-150x150.jpg\" class=\"attachment-thumbnail size-thumbnail\" alt=\"\" aria-describedby=\"gallery-1-27385\" srcset=\"https:\/\/www.arquimaster.com.ar\/web\/wp-content\/uploads\/2017\/08\/casa_impala53-150x150.jpg 150w, https:\/\/www.arquimaster.com.ar\/web\/wp-content\/uploads\/2017\/08\/casa_impala53-50x50.jpg 50w, https:\/\/www.arquimaster.com.ar\/web\/wp-content\/uploads\/2017\/08\/casa_impala53-125x125.jpg 125w\" sizes=\"auto, (max-width: 150px) 100vw, 150px\" \/><\/a>\n\t\t\t<\/div>\n\t\t\t\t<figcaption class='wp-caption-text gallery-caption' id='gallery-1-27385'>\n\t\t\t\tCasa Impala \/ Estudio Galera (\u00a9 Diego Medina)\n\t\t\t\t<\/figcaption><\/figure><figure class='gallery-item'>\n\t\t\t<div class='gallery-icon portrait'>\n\t\t\t\t<a href='https:\/\/www.arquimaster.com.ar\/web\/wp-content\/uploads\/2017\/08\/casa_impala54.jpg' title=\"Casa Impala \/ Estudio Galera (\u00a9 Diego Medina)\" data-rl_title=\"Casa Impala \/ Estudio Galera (\u00a9 Diego Medina)\" class=\"rl-gallery-link\" data-rl_caption=\"Casa Impala \/ Estudio Galera (\u00a9 Diego Medina)\" data-rel=\"lightbox-gallery-1\"><img loading=\"lazy\" decoding=\"async\" width=\"150\" height=\"150\" src=\"https:\/\/www.arquimaster.com.ar\/web\/wp-content\/uploads\/2017\/08\/casa_impala54-150x150.jpg\" class=\"attachment-thumbnail size-thumbnail\" alt=\"\" aria-describedby=\"gallery-1-27386\" srcset=\"https:\/\/www.arquimaster.com.ar\/web\/wp-content\/uploads\/2017\/08\/casa_impala54-150x150.jpg 150w, https:\/\/www.arquimaster.com.ar\/web\/wp-content\/uploads\/2017\/08\/casa_impala54-50x50.jpg 50w, https:\/\/www.arquimaster.com.ar\/web\/wp-content\/uploads\/2017\/08\/casa_impala54-125x125.jpg 125w\" sizes=\"auto, (max-width: 150px) 100vw, 150px\" \/><\/a>\n\t\t\t<\/div>\n\t\t\t\t<figcaption class='wp-caption-text gallery-caption' id='gallery-1-27386'>\n\t\t\t\tCasa Impala \/ Estudio Galera (\u00a9 Diego Medina)\n\t\t\t\t<\/figcaption><\/figure><figure class='gallery-item'>\n\t\t\t<div class='gallery-icon portrait'>\n\t\t\t\t<a href='https:\/\/www.arquimaster.com.ar\/web\/wp-content\/uploads\/2017\/08\/casa_impala55.jpg' title=\"Casa Impala \/ Estudio Galera (\u00a9 Diego Medina)\" data-rl_title=\"Casa Impala \/ Estudio Galera (\u00a9 Diego Medina)\" class=\"rl-gallery-link\" data-rl_caption=\"Casa Impala \/ Estudio Galera (\u00a9 Diego Medina)\" data-rel=\"lightbox-gallery-1\"><img loading=\"lazy\" decoding=\"async\" width=\"150\" height=\"150\" src=\"https:\/\/www.arquimaster.com.ar\/web\/wp-content\/uploads\/2017\/08\/casa_impala55-150x150.jpg\" class=\"attachment-thumbnail size-thumbnail\" alt=\"\" aria-describedby=\"gallery-1-27387\" srcset=\"https:\/\/www.arquimaster.com.ar\/web\/wp-content\/uploads\/2017\/08\/casa_impala55-150x150.jpg 150w, https:\/\/www.arquimaster.com.ar\/web\/wp-content\/uploads\/2017\/08\/casa_impala55-50x50.jpg 50w, https:\/\/www.arquimaster.com.ar\/web\/wp-content\/uploads\/2017\/08\/casa_impala55-125x125.jpg 125w\" sizes=\"auto, (max-width: 150px) 100vw, 150px\" \/><\/a>\n\t\t\t<\/div>\n\t\t\t\t<figcaption class='wp-caption-text gallery-caption' id='gallery-1-27387'>\n\t\t\t\tCasa Impala \/ Estudio Galera (\u00a9 Diego Medina)\n\t\t\t\t<\/figcaption><\/figure><figure class='gallery-item'>\n\t\t\t<div class='gallery-icon landscape'>\n\t\t\t\t<a href='https:\/\/www.arquimaster.com.ar\/web\/wp-content\/uploads\/2017\/08\/casa_impala56.jpg' title=\"Casa Impala \/ Estudio Galera (\u00a9 Diego Medina)\" data-rl_title=\"Casa Impala \/ Estudio Galera (\u00a9 Diego Medina)\" class=\"rl-gallery-link\" data-rl_caption=\"Casa Impala \/ Estudio Galera (\u00a9 Diego Medina)\" data-rel=\"lightbox-gallery-1\"><img loading=\"lazy\" decoding=\"async\" width=\"150\" height=\"150\" src=\"https:\/\/www.arquimaster.com.ar\/web\/wp-content\/uploads\/2017\/08\/casa_impala56-150x150.jpg\" class=\"attachment-thumbnail size-thumbnail\" alt=\"\" aria-describedby=\"gallery-1-27388\" srcset=\"https:\/\/www.arquimaster.com.ar\/web\/wp-content\/uploads\/2017\/08\/casa_impala56-150x150.jpg 150w, https:\/\/www.arquimaster.com.ar\/web\/wp-content\/uploads\/2017\/08\/casa_impala56-50x50.jpg 50w, https:\/\/www.arquimaster.com.ar\/web\/wp-content\/uploads\/2017\/08\/casa_impala56-125x125.jpg 125w\" sizes=\"auto, (max-width: 150px) 100vw, 150px\" \/><\/a>\n\t\t\t<\/div>\n\t\t\t\t<figcaption class='wp-caption-text gallery-caption' id='gallery-1-27388'>\n\t\t\t\tCasa Impala \/ Estudio Galera (\u00a9 Diego Medina)\n\t\t\t\t<\/figcaption><\/figure><figure class='gallery-item'>\n\t\t\t<div class='gallery-icon landscape'>\n\t\t\t\t<a href='https:\/\/www.arquimaster.com.ar\/web\/wp-content\/uploads\/2017\/08\/casa_impala57.jpg' title=\"Casa Impala \/ Estudio Galera (\u00a9 Diego Medina)\" data-rl_title=\"Casa Impala \/ Estudio Galera (\u00a9 Diego Medina)\" class=\"rl-gallery-link\" data-rl_caption=\"Casa Impala \/ Estudio Galera (\u00a9 Diego Medina)\" data-rel=\"lightbox-gallery-1\"><img loading=\"lazy\" decoding=\"async\" width=\"150\" height=\"150\" src=\"https:\/\/www.arquimaster.com.ar\/web\/wp-content\/uploads\/2017\/08\/casa_impala57-150x150.jpg\" class=\"attachment-thumbnail size-thumbnail\" alt=\"\" aria-describedby=\"gallery-1-27389\" srcset=\"https:\/\/www.arquimaster.com.ar\/web\/wp-content\/uploads\/2017\/08\/casa_impala57-150x150.jpg 150w, https:\/\/www.arquimaster.com.ar\/web\/wp-content\/uploads\/2017\/08\/casa_impala57-50x50.jpg 50w, https:\/\/www.arquimaster.com.ar\/web\/wp-content\/uploads\/2017\/08\/casa_impala57-125x125.jpg 125w\" sizes=\"auto, (max-width: 150px) 100vw, 150px\" \/><\/a>\n\t\t\t<\/div>\n\t\t\t\t<figcaption class='wp-caption-text gallery-caption' id='gallery-1-27389'>\n\t\t\t\tCasa Impala \/ Estudio Galera (\u00a9 Diego Medina)\n\t\t\t\t<\/figcaption><\/figure><figure class='gallery-item'>\n\t\t\t<div class='gallery-icon portrait'>\n\t\t\t\t<a href='https:\/\/www.arquimaster.com.ar\/web\/wp-content\/uploads\/2017\/08\/casa_impala58.jpg' title=\"Casa Impala \/ Estudio Galera (\u00a9 Diego Medina)\" data-rl_title=\"Casa Impala \/ Estudio Galera (\u00a9 Diego Medina)\" class=\"rl-gallery-link\" data-rl_caption=\"Casa Impala \/ Estudio Galera (\u00a9 Diego Medina)\" data-rel=\"lightbox-gallery-1\"><img loading=\"lazy\" decoding=\"async\" width=\"150\" height=\"150\" src=\"https:\/\/www.arquimaster.com.ar\/web\/wp-content\/uploads\/2017\/08\/casa_impala58-150x150.jpg\" class=\"attachment-thumbnail size-thumbnail\" alt=\"\" aria-describedby=\"gallery-1-27390\" srcset=\"https:\/\/www.arquimaster.com.ar\/web\/wp-content\/uploads\/2017\/08\/casa_impala58-150x150.jpg 150w, https:\/\/www.arquimaster.com.ar\/web\/wp-content\/uploads\/2017\/08\/casa_impala58-50x50.jpg 50w, https:\/\/www.arquimaster.com.ar\/web\/wp-content\/uploads\/2017\/08\/casa_impala58-125x125.jpg 125w\" sizes=\"auto, (max-width: 150px) 100vw, 150px\" \/><\/a>\n\t\t\t<\/div>\n\t\t\t\t<figcaption class='wp-caption-text gallery-caption' id='gallery-1-27390'>\n\t\t\t\tCasa Impala \/ Estudio Galera (\u00a9 Diego Medina)\n\t\t\t\t<\/figcaption><\/figure><figure class='gallery-item'>\n\t\t\t<div class='gallery-icon portrait'>\n\t\t\t\t<a href='https:\/\/www.arquimaster.com.ar\/web\/wp-content\/uploads\/2017\/08\/casa_impala59.jpg' title=\"Casa Impala \/ Estudio Galera (\u00a9 Diego Medina)\" data-rl_title=\"Casa Impala \/ Estudio Galera (\u00a9 Diego Medina)\" class=\"rl-gallery-link\" data-rl_caption=\"Casa Impala \/ Estudio Galera (\u00a9 Diego Medina)\" data-rel=\"lightbox-gallery-1\"><img loading=\"lazy\" decoding=\"async\" width=\"150\" height=\"150\" src=\"https:\/\/www.arquimaster.com.ar\/web\/wp-content\/uploads\/2017\/08\/casa_impala59-150x150.jpg\" class=\"attachment-thumbnail size-thumbnail\" alt=\"\" aria-describedby=\"gallery-1-27391\" srcset=\"https:\/\/www.arquimaster.com.ar\/web\/wp-content\/uploads\/2017\/08\/casa_impala59-150x150.jpg 150w, https:\/\/www.arquimaster.com.ar\/web\/wp-content\/uploads\/2017\/08\/casa_impala59-50x50.jpg 50w, https:\/\/www.arquimaster.com.ar\/web\/wp-content\/uploads\/2017\/08\/casa_impala59-125x125.jpg 125w\" sizes=\"auto, (max-width: 150px) 100vw, 150px\" \/><\/a>\n\t\t\t<\/div>\n\t\t\t\t<figcaption class='wp-caption-text gallery-caption' id='gallery-1-27391'>\n\t\t\t\tCasa Impala \/ Estudio Galera (\u00a9 Diego Medina)\n\t\t\t\t<\/figcaption><\/figure><figure class='gallery-item'>\n\t\t\t<div class='gallery-icon portrait'>\n\t\t\t\t<a href='https:\/\/www.arquimaster.com.ar\/web\/wp-content\/uploads\/2017\/08\/casa_impala60.jpg' title=\"Casa Impala \/ Estudio Galera (\u00a9 Diego Medina)\" data-rl_title=\"Casa Impala \/ Estudio Galera (\u00a9 Diego Medina)\" class=\"rl-gallery-link\" data-rl_caption=\"Casa Impala \/ Estudio Galera (\u00a9 Diego Medina)\" data-rel=\"lightbox-gallery-1\"><img loading=\"lazy\" decoding=\"async\" width=\"150\" height=\"150\" src=\"https:\/\/www.arquimaster.com.ar\/web\/wp-content\/uploads\/2017\/08\/casa_impala60-150x150.jpg\" class=\"attachment-thumbnail size-thumbnail\" alt=\"\" aria-describedby=\"gallery-1-27392\" srcset=\"https:\/\/www.arquimaster.com.ar\/web\/wp-content\/uploads\/2017\/08\/casa_impala60-150x150.jpg 150w, https:\/\/www.arquimaster.com.ar\/web\/wp-content\/uploads\/2017\/08\/casa_impala60-50x50.jpg 50w, https:\/\/www.arquimaster.com.ar\/web\/wp-content\/uploads\/2017\/08\/casa_impala60-125x125.jpg 125w\" sizes=\"auto, (max-width: 150px) 100vw, 150px\" \/><\/a>\n\t\t\t<\/div>\n\t\t\t\t<figcaption class='wp-caption-text gallery-caption' id='gallery-1-27392'>\n\t\t\t\tCasa Impala \/ Estudio Galera (\u00a9 Diego Medina)\n\t\t\t\t<\/figcaption><\/figure><figure class='gallery-item'>\n\t\t\t<div class='gallery-icon portrait'>\n\t\t\t\t<a href='https:\/\/www.arquimaster.com.ar\/web\/wp-content\/uploads\/2017\/08\/casa_impala61.jpg' title=\"Casa Impala \/ Estudio Galera (\u00a9 Diego Medina)\" data-rl_title=\"Casa Impala \/ Estudio Galera (\u00a9 Diego Medina)\" class=\"rl-gallery-link\" data-rl_caption=\"Casa Impala \/ Estudio Galera (\u00a9 Diego Medina)\" data-rel=\"lightbox-gallery-1\"><img loading=\"lazy\" decoding=\"async\" width=\"150\" height=\"150\" src=\"https:\/\/www.arquimaster.com.ar\/web\/wp-content\/uploads\/2017\/08\/casa_impala61-150x150.jpg\" class=\"attachment-thumbnail size-thumbnail\" alt=\"\" aria-describedby=\"gallery-1-27393\" srcset=\"https:\/\/www.arquimaster.com.ar\/web\/wp-content\/uploads\/2017\/08\/casa_impala61-150x150.jpg 150w, https:\/\/www.arquimaster.com.ar\/web\/wp-content\/uploads\/2017\/08\/casa_impala61-50x50.jpg 50w, https:\/\/www.arquimaster.com.ar\/web\/wp-content\/uploads\/2017\/08\/casa_impala61-125x125.jpg 125w\" sizes=\"auto, (max-width: 150px) 100vw, 150px\" \/><\/a>\n\t\t\t<\/div>\n\t\t\t\t<figcaption class='wp-caption-text gallery-caption' id='gallery-1-27393'>\n\t\t\t\tCasa Impala \/ Estudio Galera (\u00a9 Diego Medina)\n\t\t\t\t<\/figcaption><\/figure><figure class='gallery-item'>\n\t\t\t<div class='gallery-icon landscape'>\n\t\t\t\t<a href='https:\/\/www.arquimaster.com.ar\/web\/wp-content\/uploads\/2017\/08\/casa_impala62.jpg' title=\"Casa Impala \/ Estudio Galera (\u00a9 Diego Medina)\" data-rl_title=\"Casa Impala \/ Estudio Galera (\u00a9 Diego Medina)\" class=\"rl-gallery-link\" data-rl_caption=\"Casa Impala \/ Estudio Galera (\u00a9 Diego Medina)\" data-rel=\"lightbox-gallery-1\"><img loading=\"lazy\" decoding=\"async\" width=\"150\" height=\"150\" src=\"https:\/\/www.arquimaster.com.ar\/web\/wp-content\/uploads\/2017\/08\/casa_impala62-150x150.jpg\" class=\"attachment-thumbnail size-thumbnail\" alt=\"\" aria-describedby=\"gallery-1-27394\" srcset=\"https:\/\/www.arquimaster.com.ar\/web\/wp-content\/uploads\/2017\/08\/casa_impala62-150x150.jpg 150w, https:\/\/www.arquimaster.com.ar\/web\/wp-content\/uploads\/2017\/08\/casa_impala62-50x50.jpg 50w, https:\/\/www.arquimaster.com.ar\/web\/wp-content\/uploads\/2017\/08\/casa_impala62-125x125.jpg 125w\" sizes=\"auto, (max-width: 150px) 100vw, 150px\" \/><\/a>\n\t\t\t<\/div>\n\t\t\t\t<figcaption class='wp-caption-text gallery-caption' id='gallery-1-27394'>\n\t\t\t\tCasa Impala \/ Estudio Galera (\u00a9 Diego Medina)\n\t\t\t\t<\/figcaption><\/figure><figure class='gallery-item'>\n\t\t\t<div class='gallery-icon landscape'>\n\t\t\t\t<a href='https:\/\/www.arquimaster.com.ar\/web\/wp-content\/uploads\/2017\/08\/casa_impala63.jpg' title=\"Casa Impala \/ Estudio Galera (\u00a9 Diego Medina)\" data-rl_title=\"Casa Impala \/ Estudio Galera (\u00a9 Diego Medina)\" class=\"rl-gallery-link\" data-rl_caption=\"Casa Impala \/ Estudio Galera (\u00a9 Diego Medina)\" data-rel=\"lightbox-gallery-1\"><img loading=\"lazy\" decoding=\"async\" width=\"150\" height=\"150\" src=\"https:\/\/www.arquimaster.com.ar\/web\/wp-content\/uploads\/2017\/08\/casa_impala63-150x150.jpg\" class=\"attachment-thumbnail size-thumbnail\" alt=\"\" aria-describedby=\"gallery-1-27395\" srcset=\"https:\/\/www.arquimaster.com.ar\/web\/wp-content\/uploads\/2017\/08\/casa_impala63-150x150.jpg 150w, https:\/\/www.arquimaster.com.ar\/web\/wp-content\/uploads\/2017\/08\/casa_impala63-50x50.jpg 50w, https:\/\/www.arquimaster.com.ar\/web\/wp-content\/uploads\/2017\/08\/casa_impala63-125x125.jpg 125w\" sizes=\"auto, (max-width: 150px) 100vw, 150px\" \/><\/a>\n\t\t\t<\/div>\n\t\t\t\t<figcaption class='wp-caption-text gallery-caption' id='gallery-1-27395'>\n\t\t\t\tCasa Impala \/ Estudio Galera (\u00a9 Diego Medina)\n\t\t\t\t<\/figcaption><\/figure><figure class='gallery-item'>\n\t\t\t<div class='gallery-icon landscape'>\n\t\t\t\t<a href='https:\/\/www.arquimaster.com.ar\/web\/wp-content\/uploads\/2017\/08\/casa_impala64.jpg' title=\"Casa Impala \/ Estudio Galera (\u00a9 Diego Medina)\" data-rl_title=\"Casa Impala \/ Estudio Galera (\u00a9 Diego Medina)\" class=\"rl-gallery-link\" data-rl_caption=\"Casa Impala \/ Estudio Galera (\u00a9 Diego Medina)\" data-rel=\"lightbox-gallery-1\"><img loading=\"lazy\" decoding=\"async\" width=\"150\" height=\"150\" src=\"https:\/\/www.arquimaster.com.ar\/web\/wp-content\/uploads\/2017\/08\/casa_impala64-150x150.jpg\" class=\"attachment-thumbnail size-thumbnail\" alt=\"\" aria-describedby=\"gallery-1-27396\" srcset=\"https:\/\/www.arquimaster.com.ar\/web\/wp-content\/uploads\/2017\/08\/casa_impala64-150x150.jpg 150w, https:\/\/www.arquimaster.com.ar\/web\/wp-content\/uploads\/2017\/08\/casa_impala64-50x50.jpg 50w, https:\/\/www.arquimaster.com.ar\/web\/wp-content\/uploads\/2017\/08\/casa_impala64-125x125.jpg 125w\" sizes=\"auto, (max-width: 150px) 100vw, 150px\" \/><\/a>\n\t\t\t<\/div>\n\t\t\t\t<figcaption class='wp-caption-text gallery-caption' id='gallery-1-27396'>\n\t\t\t\tCasa Impala \/ Estudio Galera (\u00a9 Diego Medina)\n\t\t\t\t<\/figcaption><\/figure><figure class='gallery-item'>\n\t\t\t<div class='gallery-icon landscape'>\n\t\t\t\t<a href='https:\/\/www.arquimaster.com.ar\/web\/wp-content\/uploads\/2017\/08\/casa_impala65.jpg' title=\"Casa Impala \/ Estudio Galera (\u00a9 Diego Medina)\" data-rl_title=\"Casa Impala \/ Estudio Galera (\u00a9 Diego Medina)\" class=\"rl-gallery-link\" data-rl_caption=\"Casa Impala \/ Estudio Galera (\u00a9 Diego Medina)\" data-rel=\"lightbox-gallery-1\"><img loading=\"lazy\" decoding=\"async\" width=\"150\" height=\"150\" src=\"https:\/\/www.arquimaster.com.ar\/web\/wp-content\/uploads\/2017\/08\/casa_impala65-150x150.jpg\" class=\"attachment-thumbnail size-thumbnail\" alt=\"\" aria-describedby=\"gallery-1-27397\" srcset=\"https:\/\/www.arquimaster.com.ar\/web\/wp-content\/uploads\/2017\/08\/casa_impala65-150x150.jpg 150w, https:\/\/www.arquimaster.com.ar\/web\/wp-content\/uploads\/2017\/08\/casa_impala65-50x50.jpg 50w, https:\/\/www.arquimaster.com.ar\/web\/wp-content\/uploads\/2017\/08\/casa_impala65-125x125.jpg 125w\" sizes=\"auto, (max-width: 150px) 100vw, 150px\" \/><\/a>\n\t\t\t<\/div>\n\t\t\t\t<figcaption class='wp-caption-text gallery-caption' id='gallery-1-27397'>\n\t\t\t\tCasa Impala \/ Estudio Galera (\u00a9 Diego Medina)\n\t\t\t\t<\/figcaption><\/figure><figure class='gallery-item'>\n\t\t\t<div class='gallery-icon landscape'>\n\t\t\t\t<a href='https:\/\/www.arquimaster.com.ar\/web\/wp-content\/uploads\/2017\/08\/casa_impala66.jpg' title=\"Casa Impala \/ Estudio Galera (\u00a9 Diego Medina)\" data-rl_title=\"Casa Impala \/ Estudio Galera (\u00a9 Diego Medina)\" class=\"rl-gallery-link\" data-rl_caption=\"Casa Impala \/ Estudio Galera (\u00a9 Diego Medina)\" data-rel=\"lightbox-gallery-1\"><img loading=\"lazy\" decoding=\"async\" width=\"150\" height=\"150\" src=\"https:\/\/www.arquimaster.com.ar\/web\/wp-content\/uploads\/2017\/08\/casa_impala66-150x150.jpg\" class=\"attachment-thumbnail size-thumbnail\" alt=\"\" aria-describedby=\"gallery-1-27398\" srcset=\"https:\/\/www.arquimaster.com.ar\/web\/wp-content\/uploads\/2017\/08\/casa_impala66-150x150.jpg 150w, https:\/\/www.arquimaster.com.ar\/web\/wp-content\/uploads\/2017\/08\/casa_impala66-50x50.jpg 50w, https:\/\/www.arquimaster.com.ar\/web\/wp-content\/uploads\/2017\/08\/casa_impala66-125x125.jpg 125w\" sizes=\"auto, (max-width: 150px) 100vw, 150px\" \/><\/a>\n\t\t\t<\/div>\n\t\t\t\t<figcaption class='wp-caption-text gallery-caption' id='gallery-1-27398'>\n\t\t\t\tCasa Impala \/ Estudio Galera (\u00a9 Diego Medina)\n\t\t\t\t<\/figcaption><\/figure><figure class='gallery-item'>\n\t\t\t<div class='gallery-icon portrait'>\n\t\t\t\t<a href='https:\/\/www.arquimaster.com.ar\/web\/wp-content\/uploads\/2017\/08\/casa_impala67.jpg' title=\"Casa Impala \/ Estudio Galera (planta baja)\" data-rl_title=\"Casa Impala \/ Estudio Galera (planta baja)\" class=\"rl-gallery-link\" data-rl_caption=\"Casa Impala \/ Estudio Galera (planta baja)\" data-rel=\"lightbox-gallery-1\"><img loading=\"lazy\" decoding=\"async\" width=\"150\" height=\"150\" src=\"https:\/\/www.arquimaster.com.ar\/web\/wp-content\/uploads\/2017\/08\/casa_impala67-150x150.jpg\" class=\"attachment-thumbnail size-thumbnail\" alt=\"\" aria-describedby=\"gallery-1-27399\" srcset=\"https:\/\/www.arquimaster.com.ar\/web\/wp-content\/uploads\/2017\/08\/casa_impala67-150x150.jpg 150w, https:\/\/www.arquimaster.com.ar\/web\/wp-content\/uploads\/2017\/08\/casa_impala67-50x50.jpg 50w, https:\/\/www.arquimaster.com.ar\/web\/wp-content\/uploads\/2017\/08\/casa_impala67-125x125.jpg 125w\" sizes=\"auto, (max-width: 150px) 100vw, 150px\" \/><\/a>\n\t\t\t<\/div>\n\t\t\t\t<figcaption class='wp-caption-text gallery-caption' id='gallery-1-27399'>\n\t\t\t\tCasa Impala \/ Estudio Galera (planta baja)\n\t\t\t\t<\/figcaption><\/figure><figure class='gallery-item'>\n\t\t\t<div class='gallery-icon portrait'>\n\t\t\t\t<a href='https:\/\/www.arquimaster.com.ar\/web\/wp-content\/uploads\/2017\/08\/casa_impala68.jpg' title=\"Casa Impala \/ Estudio Galera (planta 1\u00ba piso)\" data-rl_title=\"Casa Impala \/ Estudio Galera (planta 1\u00ba piso)\" class=\"rl-gallery-link\" data-rl_caption=\"Casa Impala \/ Estudio Galera (planta 1\u00ba piso)\" data-rel=\"lightbox-gallery-1\"><img loading=\"lazy\" decoding=\"async\" width=\"150\" height=\"150\" src=\"https:\/\/www.arquimaster.com.ar\/web\/wp-content\/uploads\/2017\/08\/casa_impala68-150x150.jpg\" class=\"attachment-thumbnail size-thumbnail\" alt=\"\" aria-describedby=\"gallery-1-27400\" srcset=\"https:\/\/www.arquimaster.com.ar\/web\/wp-content\/uploads\/2017\/08\/casa_impala68-150x150.jpg 150w, https:\/\/www.arquimaster.com.ar\/web\/wp-content\/uploads\/2017\/08\/casa_impala68-50x50.jpg 50w, https:\/\/www.arquimaster.com.ar\/web\/wp-content\/uploads\/2017\/08\/casa_impala68-125x125.jpg 125w\" sizes=\"auto, (max-width: 150px) 100vw, 150px\" \/><\/a>\n\t\t\t<\/div>\n\t\t\t\t<figcaption class='wp-caption-text gallery-caption' id='gallery-1-27400'>\n\t\t\t\tCasa Impala \/ Estudio Galera (planta 1\u00ba piso)\n\t\t\t\t<\/figcaption><\/figure><figure class='gallery-item'>\n\t\t\t<div class='gallery-icon portrait'>\n\t\t\t\t<a href='https:\/\/www.arquimaster.com.ar\/web\/wp-content\/uploads\/2017\/08\/casa_impala69.jpg' title=\"Casa Impala \/ Estudio Galera (planta 2\u00ba piso)\" data-rl_title=\"Casa Impala \/ Estudio Galera (planta 2\u00ba piso)\" class=\"rl-gallery-link\" data-rl_caption=\"Casa Impala \/ Estudio Galera (planta 2\u00ba piso)\" data-rel=\"lightbox-gallery-1\"><img loading=\"lazy\" decoding=\"async\" width=\"150\" height=\"150\" src=\"https:\/\/www.arquimaster.com.ar\/web\/wp-content\/uploads\/2017\/08\/casa_impala69-150x150.jpg\" class=\"attachment-thumbnail size-thumbnail\" alt=\"\" aria-describedby=\"gallery-1-27401\" srcset=\"https:\/\/www.arquimaster.com.ar\/web\/wp-content\/uploads\/2017\/08\/casa_impala69-150x150.jpg 150w, https:\/\/www.arquimaster.com.ar\/web\/wp-content\/uploads\/2017\/08\/casa_impala69-50x50.jpg 50w, https:\/\/www.arquimaster.com.ar\/web\/wp-content\/uploads\/2017\/08\/casa_impala69-125x125.jpg 125w\" sizes=\"auto, (max-width: 150px) 100vw, 150px\" \/><\/a>\n\t\t\t<\/div>\n\t\t\t\t<figcaption class='wp-caption-text gallery-caption' id='gallery-1-27401'>\n\t\t\t\tCasa Impala \/ Estudio Galera (planta 2\u00ba piso)\n\t\t\t\t<\/figcaption><\/figure><figure class='gallery-item'>\n\t\t\t<div class='gallery-icon portrait'>\n\t\t\t\t<a href='https:\/\/www.arquimaster.com.ar\/web\/wp-content\/uploads\/2017\/08\/casa_impala70.jpg' title=\"Casa Impala \/ Estudio Galera (planta de techos)\" data-rl_title=\"Casa Impala \/ Estudio Galera (planta de techos)\" class=\"rl-gallery-link\" data-rl_caption=\"Casa Impala \/ Estudio Galera (planta de techos)\" data-rel=\"lightbox-gallery-1\"><img loading=\"lazy\" decoding=\"async\" width=\"150\" height=\"150\" src=\"https:\/\/www.arquimaster.com.ar\/web\/wp-content\/uploads\/2017\/08\/casa_impala70-150x150.jpg\" class=\"attachment-thumbnail size-thumbnail\" alt=\"\" aria-describedby=\"gallery-1-27402\" srcset=\"https:\/\/www.arquimaster.com.ar\/web\/wp-content\/uploads\/2017\/08\/casa_impala70-150x150.jpg 150w, https:\/\/www.arquimaster.com.ar\/web\/wp-content\/uploads\/2017\/08\/casa_impala70-50x50.jpg 50w, https:\/\/www.arquimaster.com.ar\/web\/wp-content\/uploads\/2017\/08\/casa_impala70-125x125.jpg 125w\" sizes=\"auto, (max-width: 150px) 100vw, 150px\" \/><\/a>\n\t\t\t<\/div>\n\t\t\t\t<figcaption class='wp-caption-text gallery-caption' id='gallery-1-27402'>\n\t\t\t\tCasa Impala \/ Estudio Galera (planta de techos)\n\t\t\t\t<\/figcaption><\/figure><figure class='gallery-item'>\n\t\t\t<div class='gallery-icon landscape'>\n\t\t\t\t<a href='https:\/\/www.arquimaster.com.ar\/web\/wp-content\/uploads\/2017\/08\/casa_impala71.jpg' title=\"Casa Impala \/ Estudio Galera (vista frente)\" data-rl_title=\"Casa Impala \/ Estudio Galera (vista frente)\" class=\"rl-gallery-link\" data-rl_caption=\"Casa Impala \/ Estudio Galera (vista frente)\" data-rel=\"lightbox-gallery-1\"><img loading=\"lazy\" decoding=\"async\" width=\"150\" height=\"150\" src=\"https:\/\/www.arquimaster.com.ar\/web\/wp-content\/uploads\/2017\/08\/casa_impala71-150x150.jpg\" class=\"attachment-thumbnail size-thumbnail\" alt=\"\" aria-describedby=\"gallery-1-27403\" srcset=\"https:\/\/www.arquimaster.com.ar\/web\/wp-content\/uploads\/2017\/08\/casa_impala71-150x150.jpg 150w, https:\/\/www.arquimaster.com.ar\/web\/wp-content\/uploads\/2017\/08\/casa_impala71-50x50.jpg 50w, https:\/\/www.arquimaster.com.ar\/web\/wp-content\/uploads\/2017\/08\/casa_impala71-125x125.jpg 125w\" sizes=\"auto, (max-width: 150px) 100vw, 150px\" \/><\/a>\n\t\t\t<\/div>\n\t\t\t\t<figcaption class='wp-caption-text gallery-caption' id='gallery-1-27403'>\n\t\t\t\tCasa Impala \/ Estudio Galera (vista frente)\n\t\t\t\t<\/figcaption><\/figure><figure class='gallery-item'>\n\t\t\t<div class='gallery-icon landscape'>\n\t\t\t\t<a href='https:\/\/www.arquimaster.com.ar\/web\/wp-content\/uploads\/2017\/08\/casa_impala72.jpg' title=\"Casa Impala \/ Estudio Galera (vista contrafrente)\" data-rl_title=\"Casa Impala \/ Estudio Galera (vista contrafrente)\" class=\"rl-gallery-link\" data-rl_caption=\"Casa Impala \/ Estudio Galera (vista contrafrente)\" data-rel=\"lightbox-gallery-1\"><img loading=\"lazy\" decoding=\"async\" width=\"150\" height=\"150\" src=\"https:\/\/www.arquimaster.com.ar\/web\/wp-content\/uploads\/2017\/08\/casa_impala72-150x150.jpg\" class=\"attachment-thumbnail size-thumbnail\" alt=\"\" aria-describedby=\"gallery-1-27404\" srcset=\"https:\/\/www.arquimaster.com.ar\/web\/wp-content\/uploads\/2017\/08\/casa_impala72-150x150.jpg 150w, https:\/\/www.arquimaster.com.ar\/web\/wp-content\/uploads\/2017\/08\/casa_impala72-50x50.jpg 50w, https:\/\/www.arquimaster.com.ar\/web\/wp-content\/uploads\/2017\/08\/casa_impala72-125x125.jpg 125w\" sizes=\"auto, (max-width: 150px) 100vw, 150px\" \/><\/a>\n\t\t\t<\/div>\n\t\t\t\t<figcaption class='wp-caption-text gallery-caption' id='gallery-1-27404'>\n\t\t\t\tCasa Impala \/ Estudio Galera (vista contrafrente)\n\t\t\t\t<\/figcaption><\/figure><figure class='gallery-item'>\n\t\t\t<div class='gallery-icon landscape'>\n\t\t\t\t<a href='https:\/\/www.arquimaster.com.ar\/web\/wp-content\/uploads\/2017\/08\/casa_impala73.jpg' title=\"Casa Impala \/ Estudio Galera (esquema)\" data-rl_title=\"Casa Impala \/ Estudio Galera (esquema)\" class=\"rl-gallery-link\" data-rl_caption=\"Casa Impala \/ Estudio Galera (esquema)\" data-rel=\"lightbox-gallery-1\"><img loading=\"lazy\" decoding=\"async\" width=\"150\" height=\"150\" src=\"https:\/\/www.arquimaster.com.ar\/web\/wp-content\/uploads\/2017\/08\/casa_impala73-150x150.jpg\" class=\"attachment-thumbnail size-thumbnail\" alt=\"\" aria-describedby=\"gallery-1-27405\" srcset=\"https:\/\/www.arquimaster.com.ar\/web\/wp-content\/uploads\/2017\/08\/casa_impala73-150x150.jpg 150w, https:\/\/www.arquimaster.com.ar\/web\/wp-content\/uploads\/2017\/08\/casa_impala73-50x50.jpg 50w, https:\/\/www.arquimaster.com.ar\/web\/wp-content\/uploads\/2017\/08\/casa_impala73-125x125.jpg 125w\" sizes=\"auto, (max-width: 150px) 100vw, 150px\" \/><\/a>\n\t\t\t<\/div>\n\t\t\t\t<figcaption class='wp-caption-text gallery-caption' id='gallery-1-27405'>\n\t\t\t\tCasa Impala \/ Estudio Galera (esquema)\n\t\t\t\t<\/figcaption><\/figure><figure class='gallery-item'>\n\t\t\t<div class='gallery-icon landscape'>\n\t\t\t\t<a href='https:\/\/www.arquimaster.com.ar\/web\/wp-content\/uploads\/2017\/08\/casa_impala74.jpg' title=\"Casa Impala \/ Estudio Galera (esquema)\" data-rl_title=\"Casa Impala \/ Estudio Galera (esquema)\" class=\"rl-gallery-link\" data-rl_caption=\"Casa Impala \/ Estudio Galera (esquema)\" data-rel=\"lightbox-gallery-1\"><img loading=\"lazy\" decoding=\"async\" width=\"150\" height=\"150\" src=\"https:\/\/www.arquimaster.com.ar\/web\/wp-content\/uploads\/2017\/08\/casa_impala74-150x150.jpg\" class=\"attachment-thumbnail size-thumbnail\" alt=\"\" aria-describedby=\"gallery-1-27406\" srcset=\"https:\/\/www.arquimaster.com.ar\/web\/wp-content\/uploads\/2017\/08\/casa_impala74-150x150.jpg 150w, https:\/\/www.arquimaster.com.ar\/web\/wp-content\/uploads\/2017\/08\/casa_impala74-50x50.jpg 50w, https:\/\/www.arquimaster.com.ar\/web\/wp-content\/uploads\/2017\/08\/casa_impala74-125x125.jpg 125w\" sizes=\"auto, (max-width: 150px) 100vw, 150px\" \/><\/a>\n\t\t\t<\/div>\n\t\t\t\t<figcaption class='wp-caption-text gallery-caption' id='gallery-1-27406'>\n\t\t\t\tCasa Impala \/ Estudio Galera (esquema)\n\t\t\t\t<\/figcaption><\/figure><figure class='gallery-item'>\n\t\t\t<div class='gallery-icon landscape'>\n\t\t\t\t<a href='https:\/\/www.arquimaster.com.ar\/web\/wp-content\/uploads\/2017\/08\/casa_impala75.jpg' title=\"Casa Impala \/ Estudio Galera (esquema)\" data-rl_title=\"Casa Impala \/ Estudio Galera (esquema)\" class=\"rl-gallery-link\" data-rl_caption=\"Casa Impala \/ Estudio Galera (esquema)\" data-rel=\"lightbox-gallery-1\"><img loading=\"lazy\" decoding=\"async\" width=\"150\" height=\"150\" src=\"https:\/\/www.arquimaster.com.ar\/web\/wp-content\/uploads\/2017\/08\/casa_impala75-150x150.jpg\" class=\"attachment-thumbnail size-thumbnail\" alt=\"\" aria-describedby=\"gallery-1-27407\" srcset=\"https:\/\/www.arquimaster.com.ar\/web\/wp-content\/uploads\/2017\/08\/casa_impala75-150x150.jpg 150w, https:\/\/www.arquimaster.com.ar\/web\/wp-content\/uploads\/2017\/08\/casa_impala75-50x50.jpg 50w, https:\/\/www.arquimaster.com.ar\/web\/wp-content\/uploads\/2017\/08\/casa_impala75-125x125.jpg 125w\" sizes=\"auto, (max-width: 150px) 100vw, 150px\" \/><\/a>\n\t\t\t<\/div>\n\t\t\t\t<figcaption class='wp-caption-text gallery-caption' id='gallery-1-27407'>\n\t\t\t\tCasa Impala \/ Estudio Galera (esquema)\n\t\t\t\t<\/figcaption><\/figure><figure class='gallery-item'>\n\t\t\t<div class='gallery-icon landscape'>\n\t\t\t\t<a href='https:\/\/www.arquimaster.com.ar\/web\/wp-content\/uploads\/2017\/08\/casa_impala76.jpg' title=\"Casa Impala \/ Estudio Galera (esquema)\" data-rl_title=\"Casa Impala \/ Estudio Galera (esquema)\" class=\"rl-gallery-link\" data-rl_caption=\"Casa Impala \/ Estudio Galera (esquema)\" data-rel=\"lightbox-gallery-1\"><img loading=\"lazy\" decoding=\"async\" width=\"150\" height=\"150\" src=\"https:\/\/www.arquimaster.com.ar\/web\/wp-content\/uploads\/2017\/08\/casa_impala76-150x150.jpg\" class=\"attachment-thumbnail size-thumbnail\" alt=\"\" aria-describedby=\"gallery-1-27408\" srcset=\"https:\/\/www.arquimaster.com.ar\/web\/wp-content\/uploads\/2017\/08\/casa_impala76-150x150.jpg 150w, https:\/\/www.arquimaster.com.ar\/web\/wp-content\/uploads\/2017\/08\/casa_impala76-50x50.jpg 50w, https:\/\/www.arquimaster.com.ar\/web\/wp-content\/uploads\/2017\/08\/casa_impala76-125x125.jpg 125w\" sizes=\"auto, (max-width: 150px) 100vw, 150px\" \/><\/a>\n\t\t\t<\/div>\n\t\t\t\t<figcaption class='wp-caption-text gallery-caption' id='gallery-1-27408'>\n\t\t\t\tCasa Impala \/ Estudio Galera (esquema)\n\t\t\t\t<\/figcaption><\/figure><figure class='gallery-item'>\n\t\t\t<div class='gallery-icon landscape'>\n\t\t\t\t<a href='https:\/\/www.arquimaster.com.ar\/web\/wp-content\/uploads\/2017\/08\/casa_impala77.jpg' title=\"Casa Impala \/ Estudio Galera (esquema)\" data-rl_title=\"Casa Impala \/ Estudio Galera (esquema)\" class=\"rl-gallery-link\" data-rl_caption=\"Casa Impala \/ Estudio Galera (esquema)\" data-rel=\"lightbox-gallery-1\"><img loading=\"lazy\" decoding=\"async\" width=\"150\" height=\"150\" src=\"https:\/\/www.arquimaster.com.ar\/web\/wp-content\/uploads\/2017\/08\/casa_impala77-150x150.jpg\" class=\"attachment-thumbnail size-thumbnail\" alt=\"\" aria-describedby=\"gallery-1-27409\" srcset=\"https:\/\/www.arquimaster.com.ar\/web\/wp-content\/uploads\/2017\/08\/casa_impala77-150x150.jpg 150w, https:\/\/www.arquimaster.com.ar\/web\/wp-content\/uploads\/2017\/08\/casa_impala77-50x50.jpg 50w, https:\/\/www.arquimaster.com.ar\/web\/wp-content\/uploads\/2017\/08\/casa_impala77-125x125.jpg 125w\" sizes=\"auto, (max-width: 150px) 100vw, 150px\" \/><\/a>\n\t\t\t<\/div>\n\t\t\t\t<figcaption class='wp-caption-text gallery-caption' id='gallery-1-27409'>\n\t\t\t\tCasa Impala \/ Estudio Galera (esquema)\n\t\t\t\t<\/figcaption><\/figure><figure class='gallery-item'>\n\t\t\t<div class='gallery-icon landscape'>\n\t\t\t\t<a href='https:\/\/www.arquimaster.com.ar\/web\/wp-content\/uploads\/2017\/08\/casa_impala78.jpg' title=\"Casa Impala \/ Estudio Galera (esquema)\" data-rl_title=\"Casa Impala \/ Estudio Galera (esquema)\" class=\"rl-gallery-link\" data-rl_caption=\"Casa Impala \/ Estudio Galera (esquema)\" data-rel=\"lightbox-gallery-1\"><img loading=\"lazy\" decoding=\"async\" width=\"150\" height=\"150\" src=\"https:\/\/www.arquimaster.com.ar\/web\/wp-content\/uploads\/2017\/08\/casa_impala78-150x150.jpg\" class=\"attachment-thumbnail size-thumbnail\" alt=\"\" aria-describedby=\"gallery-1-27410\" srcset=\"https:\/\/www.arquimaster.com.ar\/web\/wp-content\/uploads\/2017\/08\/casa_impala78-150x150.jpg 150w, https:\/\/www.arquimaster.com.ar\/web\/wp-content\/uploads\/2017\/08\/casa_impala78-50x50.jpg 50w, https:\/\/www.arquimaster.com.ar\/web\/wp-content\/uploads\/2017\/08\/casa_impala78-125x125.jpg 125w\" sizes=\"auto, (max-width: 150px) 100vw, 150px\" \/><\/a>\n\t\t\t<\/div>\n\t\t\t\t<figcaption class='wp-caption-text gallery-caption' id='gallery-1-27410'>\n\t\t\t\tCasa Impala \/ Estudio Galera (esquema)\n\t\t\t\t<\/figcaption><\/figure><figure class='gallery-item'>\n\t\t\t<div class='gallery-icon landscape'>\n\t\t\t\t<a href='https:\/\/www.arquimaster.com.ar\/web\/wp-content\/uploads\/2017\/08\/casa_impala79.jpg' title=\"Casa Impala \/ Estudio Galera (esquema)\" data-rl_title=\"Casa Impala \/ Estudio Galera (esquema)\" class=\"rl-gallery-link\" data-rl_caption=\"Casa Impala \/ Estudio Galera (esquema)\" data-rel=\"lightbox-gallery-1\"><img loading=\"lazy\" decoding=\"async\" width=\"150\" height=\"150\" src=\"https:\/\/www.arquimaster.com.ar\/web\/wp-content\/uploads\/2017\/08\/casa_impala79-150x150.jpg\" class=\"attachment-thumbnail size-thumbnail\" alt=\"\" aria-describedby=\"gallery-1-27411\" srcset=\"https:\/\/www.arquimaster.com.ar\/web\/wp-content\/uploads\/2017\/08\/casa_impala79-150x150.jpg 150w, https:\/\/www.arquimaster.com.ar\/web\/wp-content\/uploads\/2017\/08\/casa_impala79-50x50.jpg 50w, https:\/\/www.arquimaster.com.ar\/web\/wp-content\/uploads\/2017\/08\/casa_impala79-125x125.jpg 125w\" sizes=\"auto, (max-width: 150px) 100vw, 150px\" \/><\/a>\n\t\t\t<\/div>\n\t\t\t\t<figcaption class='wp-caption-text gallery-caption' id='gallery-1-27411'>\n\t\t\t\tCasa Impala \/ Estudio Galera (esquema)\n\t\t\t\t<\/figcaption><\/figure>\n\t\t<\/div>\n\n<p>El lote con un fuerte desnivel en el sentido trasversal, inspiro una amplia planta p\u00fablica que explota la variedad de situaciones en relaci\u00f3n al terreno. Por momentos domina el paisaje desde la altura, para luego fundirse en relaci\u00f3n directa con el lote por medio del sol\u00e1rium\/pileta.<\/p>\n<p>La Implantaci\u00f3n en tira, busca relaciones con el norte y el propio lote, al mismo tiempo que se abre a las vistas de la reserva forestal. Con este objetivo, se plantea un \u00abpiano nobile\u00bb pasante para la zona publica de la vivienda tomando el mayor ancho posible entre retiros.<\/p>\n<p>Para alcanzar la altura de ingreso se jerarquizo el acceso, convirti\u00e9ndolo en un recorrido donde el agua y las distintas materialidades predisponen a una experiencia sensorial.<\/p>\n<p>El programa se ordena en corte planta por planta: Servicio\/Usos P\u00fablicos\/Usos Privados. Esto, sumado a las m\u00faltiples posibilidades de acceder, le dan a la vivienda una gran flexibilidad de uso, manteniendo la privacidad de cada sector.<\/p>\n<p>Los requerimientos de uso inclu\u00edan tres dormitorios en suite, habitaci\u00f3n de servicio, playroom\/sala de proyecciones y quincho; a lo que le sumo, durante el transcurso de la obra, sauna, ducha escocesa y sala de masajes. Resultado: una vivienda que necesariamente demanda gran cantidad de metros cuadrados.<\/p>\n<p>Para evitar la dispersi\u00f3n del programa en el lote y mantener un gran porcentaje del el terreno libre de construcci\u00f3n se organizan la totalidad de los ambientes concentrados en una caja compacta, un volumen de 21 metros de largo por 7,5 metros de ancho y 7,00 metros de altura apoyado en un zocalo semi-enterrado.<\/p>\n<p>El quincho se concibe como una continuidad del estar\/comedor articulando el interior con el deck y la pileta. Este espacio se plantea como el centro de la casa en verano, inspirado en el uso social que permite recibir gran cantidad de invitados, vinculando sin grandes esfuerzos las actividades dentro y fuera de la casa.<\/p>\n<p>En b\u00fasqueda de la experiencia sensible y la percepci\u00f3n permanentemente cambiante del espacio, se realizaron distintos juegos con la luz natural: Claraboyas de hormig\u00f3n, Piso con ladrillos de vidrio en el acceso, p\u00e9rgolas de hormig\u00f3n y luz cenital en los ba\u00f1os.<\/p>\n<p>Es una b\u00fasqueda del estudio el uso de una materialidad honesta. Hierro, piedra, aluminio, madera y hormig\u00f3n colaboran al bajo mantenimiento y la adaptaci\u00f3n al entorno.<\/p>\n<p><iframe loading=\"lazy\" src=\"https:\/\/player.vimeo.com\/video\/135570319\" width=\"642\" height=\"361\" frameborder=\"0\" allowfullscreen=\"allowfullscreen\"><\/iframe><\/p>\n<p><strong>Ficha t\u00e9cnica<\/strong><br \/>\nNombre: Casa Impala<br \/>\nUbicaci\u00f3n: Carilo, Partido de Pinamar, Pcia. de Buenos Aires, Argentina<br \/>\nArquitecto: Ariel Galera<br \/>\nEquipo de Proyecto: Ariel Galera, Diego Ballario, Cesar Amarante, Francisco Villamil<br \/>\nIngeniero: Javier Mendia<br \/>\nAgrimensor: Claudio D&#8217;eramo<br \/>\nDise\u00f1o de paisaje: Pasesaggio<br \/>\nA\u00f1o: 2014-2016<br \/>\nSuperficie construida: 435 m2<br \/>\nFot\u00f3grafo: Diego Medina<\/p>\n<p><strong>Proveedores y productos<\/strong><br \/>\nCarpinter\u00edas de madera: El Holand\u00e9s<br \/>\nCarpinter\u00edas de Aluminio: Anaya<br \/>\nHormigonera: Pasalto, Cemento Loma Negra<br \/>\nHierros Acindar: Plastigas<br \/>\nMateriales Gruesos: Cermat<br \/>\nMateriales Sanitarios: Fontaneros<br \/>\nMateriales El\u00e9ctricos: Dunas Electricidad<br \/>\nLuminarias: Imdi Iluminaci\u00f3n, Hupp Iluminaci\u00f3n<br \/>\nPinturas: Sagitario<br \/>\nM\u00e1rmoles: Marmoler\u00eda del Sur<br \/>\nCalefacci\u00f3n: Caril\u00f3 Ingenier\u00eda<\/p>\n<p><strong>Contacto:<\/strong> <a href=\"http:\/\/www.estudiogalera.com\" target=\"_blank\" rel=\"noopener\">http:\/\/www.estudiogalera.com<\/a><\/p>\n<p>&nbsp;<\/p>\n<p><em><strong>English version<\/strong><\/em><\/p>\n<p><em><strong>Impala house<\/strong><\/em><\/p>\n<p><em>Impala House is a box, a big container, built in the forest of Caril\u00f3, in front of a forest reserve. The residence indirectly touches the terrain with a plinth that nestles the services.<\/em><\/p>\n<p><em>The lot, which presents a strong transversal change of level, inspired a spacious public plan that takes full advantage of the terrain. From the top of it, the landscape dominates the views and then melts away with the lot in the solarium\/swimming pool.<\/em><\/p>\n<p><em>The house, set as a strip, is oriented to the north and connects to the lot at the time that secures views of the forest reserve. Bearing this in mind and occupying the widest length between setbacks, a \u00abpiano nobile\u00bb which goes through the public area of the house was projected.<\/em><\/p>\n<p><em>In order to reach the entrance height, the access was prioritized by turning it into a path where water and different materiality create a sensory experience.<\/em><\/p>\n<p><em>The program is ordered in different plans: services\/public areas\/private areas. This, added to the multiple possible accesses, creates great flexibility and secures privacy in each space.<\/em><\/p>\n<p><em>The initial requirements included three en suite bedrooms, service bedroom, playroom\/ screening room and barbecue area; and then, a sauna, a Scottish shower and a massage room were added to the list. The residence demanded a large amount of square meters, to avoid fragmentation of the program and to maintain a large percentage of the lot free from construction, all the areas were assembled into a compact box, a volume measuring 21 m long by 7,5 m wide and 7 m high supported on a half buried plinth.<\/em><\/p>\n<p><em>The barbecue area becomes an extension of the living room\/dining room as the interior blends with the deck and the swimming pool. This area becomes the heart of the house in summer as it can welcome a great number of guests, connecting what goes on inside and outside the house.<\/em><\/p>\n<p><em>In the search for a sensitive experience and the perception of the constant change of space, different games of light were created: concrete skylights, glass brick floor in the access, concrete pergolas and zenithal lighting in the bathrooms.<\/em><\/p>\n<p><em>The studio looks for the use of an honest materiality. Iron, stone, aluminum, wood and concrete adapt to the environment and collaborate to a low maintenance.<\/em><\/p>\n\n<div style=\"font-size: 0px; height: 0px; line-height: 0px; margin: 0; padding: 0; clear: both;\"><\/div><div style=\"margin-top: 0px; margin-bottom: 0px;\" class=\"sharethis-inline-share-buttons\" ><\/div>","protected":false},"excerpt":{"rendered":"<p>Una caja, un gran contenedor, construida en el bosque de Caril\u00f3, frente a la reserva forestal&#8230;<\/p>\n","protected":false},"author":1,"featured_media":27332,"comment_status":"closed","ping_status":"closed","sticky":false,"template":"","format":"standard","meta":{"_uag_custom_page_level_css":"","footnotes":""},"categories":[1,83],"tags":[4217,3936,3937,3970,254],"class_list":["post-27331","post","type-post","status-publish","format-standard","has-post-thumbnail","hentry","category-proyecto","category-vivienda-unifamiliar","tag-carilo","tag-estudio-galera","tag-fernando-ariel-galera","tag-pinamar","tag-vivienda-unifamiliar-2","generate-columns","tablet-grid-50","mobile-grid-100","grid-parent","grid-50"],"yoast_head":"<!-- This site is optimized with the Yoast SEO plugin v27.3 - https:\/\/yoast.com\/product\/yoast-seo-wordpress\/ -->\n<title>Casa Impala \/ Estudio Galera - Arquimaster<\/title>\n<meta name=\"robots\" content=\"index, follow, max-snippet:-1, max-image-preview:large, max-video-preview:-1\" \/>\n<link rel=\"canonical\" href=\"https:\/\/www.arquimaster.com.ar\/web\/casa-impala-estudio-galera\/\" \/>\n<meta property=\"og:locale\" content=\"es_ES\" \/>\n<meta property=\"og:type\" content=\"article\" \/>\n<meta property=\"og:title\" content=\"Casa Impala \/ Estudio Galera - Arquimaster\" \/>\n<meta property=\"og:description\" content=\"Una caja, un gran contenedor, construida en el bosque de Caril\u00f3, frente a la reserva forestal...\" \/>\n<meta property=\"og:url\" content=\"https:\/\/www.arquimaster.com.ar\/web\/casa-impala-estudio-galera\/\" \/>\n<meta property=\"og:site_name\" content=\"Arquimaster\" \/>\n<meta property=\"article:publisher\" content=\"http:\/\/www.facebook.com\/ARQUIMASTER.com.ar\" \/>\n<meta property=\"article:published_time\" content=\"2017-08-24T23:58:01+00:00\" \/>\n<meta property=\"article:modified_time\" content=\"2017-09-11T01:46:35+00:00\" \/>\n<meta property=\"og:image\" content=\"https:\/\/www.arquimaster.com.ar\/web\/wp-content\/uploads\/2017\/08\/casa_impala_slide.jpg\" \/>\n\t<meta property=\"og:image:width\" content=\"642\" \/>\n\t<meta property=\"og:image:height\" content=\"336\" \/>\n\t<meta property=\"og:image:type\" content=\"image\/jpeg\" \/>\n<meta name=\"author\" content=\"Arquimaster\" \/>\n<meta name=\"twitter:card\" content=\"summary_large_image\" \/>\n<meta name=\"twitter:creator\" content=\"@arquimaster\" \/>\n<meta name=\"twitter:site\" content=\"@arquimaster\" \/>\n<meta name=\"twitter:label1\" content=\"Escrito por\" \/>\n\t<meta name=\"twitter:data1\" content=\"Arquimaster\" \/>\n\t<meta name=\"twitter:label2\" content=\"Tiempo de lectura\" \/>\n\t<meta name=\"twitter:data2\" content=\"5 minutos\" \/>\n<script type=\"application\/ld+json\" class=\"yoast-schema-graph\">{\"@context\":\"https:\\\/\\\/schema.org\",\"@graph\":[{\"@type\":\"Article\",\"@id\":\"https:\\\/\\\/www.arquimaster.com.ar\\\/web\\\/casa-impala-estudio-galera\\\/#article\",\"isPartOf\":{\"@id\":\"https:\\\/\\\/www.arquimaster.com.ar\\\/web\\\/casa-impala-estudio-galera\\\/\"},\"author\":{\"name\":\"Arquimaster\",\"@id\":\"https:\\\/\\\/www.arquimaster.com.ar\\\/web\\\/#\\\/schema\\\/person\\\/359e9f7c00193fcde068e0dd2ceb0028\"},\"headline\":\"Casa Impala \\\/ Estudio Galera\",\"datePublished\":\"2017-08-24T23:58:01+00:00\",\"dateModified\":\"2017-09-11T01:46:35+00:00\",\"mainEntityOfPage\":{\"@id\":\"https:\\\/\\\/www.arquimaster.com.ar\\\/web\\\/casa-impala-estudio-galera\\\/\"},\"wordCount\":960,\"publisher\":{\"@id\":\"https:\\\/\\\/www.arquimaster.com.ar\\\/web\\\/#organization\"},\"image\":{\"@id\":\"https:\\\/\\\/www.arquimaster.com.ar\\\/web\\\/casa-impala-estudio-galera\\\/#primaryimage\"},\"thumbnailUrl\":\"https:\\\/\\\/www.arquimaster.com.ar\\\/web\\\/wp-content\\\/uploads\\\/2017\\\/08\\\/casa_impala_slide.jpg\",\"keywords\":[\"Caril\u00f3\",\"Estudio Galera\",\"Fernando Ariel Galera\",\"Pinamar\",\"vivienda unifamiliar\"],\"articleSection\":[\"Proyecto\",\"Vivienda unifamiliar y PH\"],\"inLanguage\":\"es\"},{\"@type\":\"WebPage\",\"@id\":\"https:\\\/\\\/www.arquimaster.com.ar\\\/web\\\/casa-impala-estudio-galera\\\/\",\"url\":\"https:\\\/\\\/www.arquimaster.com.ar\\\/web\\\/casa-impala-estudio-galera\\\/\",\"name\":\"Casa Impala \\\/ Estudio Galera - Arquimaster\",\"isPartOf\":{\"@id\":\"https:\\\/\\\/www.arquimaster.com.ar\\\/web\\\/#website\"},\"primaryImageOfPage\":{\"@id\":\"https:\\\/\\\/www.arquimaster.com.ar\\\/web\\\/casa-impala-estudio-galera\\\/#primaryimage\"},\"image\":{\"@id\":\"https:\\\/\\\/www.arquimaster.com.ar\\\/web\\\/casa-impala-estudio-galera\\\/#primaryimage\"},\"thumbnailUrl\":\"https:\\\/\\\/www.arquimaster.com.ar\\\/web\\\/wp-content\\\/uploads\\\/2017\\\/08\\\/casa_impala_slide.jpg\",\"datePublished\":\"2017-08-24T23:58:01+00:00\",\"dateModified\":\"2017-09-11T01:46:35+00:00\",\"breadcrumb\":{\"@id\":\"https:\\\/\\\/www.arquimaster.com.ar\\\/web\\\/casa-impala-estudio-galera\\\/#breadcrumb\"},\"inLanguage\":\"es\",\"potentialAction\":[{\"@type\":\"ReadAction\",\"target\":[\"https:\\\/\\\/www.arquimaster.com.ar\\\/web\\\/casa-impala-estudio-galera\\\/\"]}]},{\"@type\":\"ImageObject\",\"inLanguage\":\"es\",\"@id\":\"https:\\\/\\\/www.arquimaster.com.ar\\\/web\\\/casa-impala-estudio-galera\\\/#primaryimage\",\"url\":\"https:\\\/\\\/www.arquimaster.com.ar\\\/web\\\/wp-content\\\/uploads\\\/2017\\\/08\\\/casa_impala_slide.jpg\",\"contentUrl\":\"https:\\\/\\\/www.arquimaster.com.ar\\\/web\\\/wp-content\\\/uploads\\\/2017\\\/08\\\/casa_impala_slide.jpg\",\"width\":642,\"height\":336},{\"@type\":\"BreadcrumbList\",\"@id\":\"https:\\\/\\\/www.arquimaster.com.ar\\\/web\\\/casa-impala-estudio-galera\\\/#breadcrumb\",\"itemListElement\":[{\"@type\":\"ListItem\",\"position\":1,\"name\":\"Portada\",\"item\":\"https:\\\/\\\/www.arquimaster.com.ar\\\/web\\\/\"},{\"@type\":\"ListItem\",\"position\":2,\"name\":\"Casa Impala \\\/ Estudio Galera\"}]},{\"@type\":\"WebSite\",\"@id\":\"https:\\\/\\\/www.arquimaster.com.ar\\\/web\\\/#website\",\"url\":\"https:\\\/\\\/www.arquimaster.com.ar\\\/web\\\/\",\"name\":\"Arquimaster\",\"description\":\"Web de arquitectura, dise\u00f1o y construccion\",\"publisher\":{\"@id\":\"https:\\\/\\\/www.arquimaster.com.ar\\\/web\\\/#organization\"},\"potentialAction\":[{\"@type\":\"SearchAction\",\"target\":{\"@type\":\"EntryPoint\",\"urlTemplate\":\"https:\\\/\\\/www.arquimaster.com.ar\\\/web\\\/?s={search_term_string}\"},\"query-input\":{\"@type\":\"PropertyValueSpecification\",\"valueRequired\":true,\"valueName\":\"search_term_string\"}}],\"inLanguage\":\"es\"},{\"@type\":\"Organization\",\"@id\":\"https:\\\/\\\/www.arquimaster.com.ar\\\/web\\\/#organization\",\"name\":\"Arquimaster\",\"url\":\"https:\\\/\\\/www.arquimaster.com.ar\\\/web\\\/\",\"logo\":{\"@type\":\"ImageObject\",\"inLanguage\":\"es\",\"@id\":\"https:\\\/\\\/www.arquimaster.com.ar\\\/web\\\/#\\\/schema\\\/logo\\\/image\\\/\",\"url\":\"https:\\\/\\\/www.arquimaster.com.ar\\\/web\\\/wp-content\\\/uploads\\\/2022\\\/06\\\/arquimaster.png\",\"contentUrl\":\"https:\\\/\\\/www.arquimaster.com.ar\\\/web\\\/wp-content\\\/uploads\\\/2022\\\/06\\\/arquimaster.png\",\"width\":594,\"height\":78,\"caption\":\"Arquimaster\"},\"image\":{\"@id\":\"https:\\\/\\\/www.arquimaster.com.ar\\\/web\\\/#\\\/schema\\\/logo\\\/image\\\/\"},\"sameAs\":[\"http:\\\/\\\/www.facebook.com\\\/ARQUIMASTER.com.ar\",\"https:\\\/\\\/x.com\\\/arquimaster\",\"https:\\\/\\\/www.instagram.com\\\/arquimasterblog\\\/\",\"https:\\\/\\\/www.linkedin.com\\\/company\\\/arquimaster\",\"https:\\\/\\\/www.pinterest.com\\\/arquimaster\",\"https:\\\/\\\/t.me\\\/arquimaster\"]},{\"@type\":\"Person\",\"@id\":\"https:\\\/\\\/www.arquimaster.com.ar\\\/web\\\/#\\\/schema\\\/person\\\/359e9f7c00193fcde068e0dd2ceb0028\",\"name\":\"Arquimaster\"}]}<\/script>\n<!-- \/ Yoast SEO plugin. -->","yoast_head_json":{"title":"Casa Impala \/ Estudio Galera - Arquimaster","robots":{"index":"index","follow":"follow","max-snippet":"max-snippet:-1","max-image-preview":"max-image-preview:large","max-video-preview":"max-video-preview:-1"},"canonical":"https:\/\/www.arquimaster.com.ar\/web\/casa-impala-estudio-galera\/","og_locale":"es_ES","og_type":"article","og_title":"Casa Impala \/ Estudio Galera - Arquimaster","og_description":"Una caja, un gran contenedor, construida en el bosque de Caril\u00f3, frente a la reserva forestal...","og_url":"https:\/\/www.arquimaster.com.ar\/web\/casa-impala-estudio-galera\/","og_site_name":"Arquimaster","article_publisher":"http:\/\/www.facebook.com\/ARQUIMASTER.com.ar","article_published_time":"2017-08-24T23:58:01+00:00","article_modified_time":"2017-09-11T01:46:35+00:00","og_image":[{"width":642,"height":336,"url":"https:\/\/www.arquimaster.com.ar\/web\/wp-content\/uploads\/2017\/08\/casa_impala_slide.jpg","type":"image\/jpeg"}],"author":"Arquimaster","twitter_card":"summary_large_image","twitter_creator":"@arquimaster","twitter_site":"@arquimaster","twitter_misc":{"Escrito por":"Arquimaster","Tiempo de lectura":"5 minutos"},"schema":{"@context":"https:\/\/schema.org","@graph":[{"@type":"Article","@id":"https:\/\/www.arquimaster.com.ar\/web\/casa-impala-estudio-galera\/#article","isPartOf":{"@id":"https:\/\/www.arquimaster.com.ar\/web\/casa-impala-estudio-galera\/"},"author":{"name":"Arquimaster","@id":"https:\/\/www.arquimaster.com.ar\/web\/#\/schema\/person\/359e9f7c00193fcde068e0dd2ceb0028"},"headline":"Casa Impala \/ Estudio Galera","datePublished":"2017-08-24T23:58:01+00:00","dateModified":"2017-09-11T01:46:35+00:00","mainEntityOfPage":{"@id":"https:\/\/www.arquimaster.com.ar\/web\/casa-impala-estudio-galera\/"},"wordCount":960,"publisher":{"@id":"https:\/\/www.arquimaster.com.ar\/web\/#organization"},"image":{"@id":"https:\/\/www.arquimaster.com.ar\/web\/casa-impala-estudio-galera\/#primaryimage"},"thumbnailUrl":"https:\/\/www.arquimaster.com.ar\/web\/wp-content\/uploads\/2017\/08\/casa_impala_slide.jpg","keywords":["Caril\u00f3","Estudio Galera","Fernando Ariel Galera","Pinamar","vivienda unifamiliar"],"articleSection":["Proyecto","Vivienda unifamiliar y PH"],"inLanguage":"es"},{"@type":"WebPage","@id":"https:\/\/www.arquimaster.com.ar\/web\/casa-impala-estudio-galera\/","url":"https:\/\/www.arquimaster.com.ar\/web\/casa-impala-estudio-galera\/","name":"Casa Impala \/ Estudio Galera - Arquimaster","isPartOf":{"@id":"https:\/\/www.arquimaster.com.ar\/web\/#website"},"primaryImageOfPage":{"@id":"https:\/\/www.arquimaster.com.ar\/web\/casa-impala-estudio-galera\/#primaryimage"},"image":{"@id":"https:\/\/www.arquimaster.com.ar\/web\/casa-impala-estudio-galera\/#primaryimage"},"thumbnailUrl":"https:\/\/www.arquimaster.com.ar\/web\/wp-content\/uploads\/2017\/08\/casa_impala_slide.jpg","datePublished":"2017-08-24T23:58:01+00:00","dateModified":"2017-09-11T01:46:35+00:00","breadcrumb":{"@id":"https:\/\/www.arquimaster.com.ar\/web\/casa-impala-estudio-galera\/#breadcrumb"},"inLanguage":"es","potentialAction":[{"@type":"ReadAction","target":["https:\/\/www.arquimaster.com.ar\/web\/casa-impala-estudio-galera\/"]}]},{"@type":"ImageObject","inLanguage":"es","@id":"https:\/\/www.arquimaster.com.ar\/web\/casa-impala-estudio-galera\/#primaryimage","url":"https:\/\/www.arquimaster.com.ar\/web\/wp-content\/uploads\/2017\/08\/casa_impala_slide.jpg","contentUrl":"https:\/\/www.arquimaster.com.ar\/web\/wp-content\/uploads\/2017\/08\/casa_impala_slide.jpg","width":642,"height":336},{"@type":"BreadcrumbList","@id":"https:\/\/www.arquimaster.com.ar\/web\/casa-impala-estudio-galera\/#breadcrumb","itemListElement":[{"@type":"ListItem","position":1,"name":"Portada","item":"https:\/\/www.arquimaster.com.ar\/web\/"},{"@type":"ListItem","position":2,"name":"Casa Impala \/ Estudio Galera"}]},{"@type":"WebSite","@id":"https:\/\/www.arquimaster.com.ar\/web\/#website","url":"https:\/\/www.arquimaster.com.ar\/web\/","name":"Arquimaster","description":"Web de arquitectura, dise\u00f1o y construccion","publisher":{"@id":"https:\/\/www.arquimaster.com.ar\/web\/#organization"},"potentialAction":[{"@type":"SearchAction","target":{"@type":"EntryPoint","urlTemplate":"https:\/\/www.arquimaster.com.ar\/web\/?s={search_term_string}"},"query-input":{"@type":"PropertyValueSpecification","valueRequired":true,"valueName":"search_term_string"}}],"inLanguage":"es"},{"@type":"Organization","@id":"https:\/\/www.arquimaster.com.ar\/web\/#organization","name":"Arquimaster","url":"https:\/\/www.arquimaster.com.ar\/web\/","logo":{"@type":"ImageObject","inLanguage":"es","@id":"https:\/\/www.arquimaster.com.ar\/web\/#\/schema\/logo\/image\/","url":"https:\/\/www.arquimaster.com.ar\/web\/wp-content\/uploads\/2022\/06\/arquimaster.png","contentUrl":"https:\/\/www.arquimaster.com.ar\/web\/wp-content\/uploads\/2022\/06\/arquimaster.png","width":594,"height":78,"caption":"Arquimaster"},"image":{"@id":"https:\/\/www.arquimaster.com.ar\/web\/#\/schema\/logo\/image\/"},"sameAs":["http:\/\/www.facebook.com\/ARQUIMASTER.com.ar","https:\/\/x.com\/arquimaster","https:\/\/www.instagram.com\/arquimasterblog\/","https:\/\/www.linkedin.com\/company\/arquimaster","https:\/\/www.pinterest.com\/arquimaster","https:\/\/t.me\/arquimaster"]},{"@type":"Person","@id":"https:\/\/www.arquimaster.com.ar\/web\/#\/schema\/person\/359e9f7c00193fcde068e0dd2ceb0028","name":"Arquimaster"}]}},"uagb_featured_image_src":{"full":["https:\/\/www.arquimaster.com.ar\/web\/wp-content\/uploads\/2017\/08\/casa_impala_slide.jpg",642,336,false],"thumbnail":["https:\/\/www.arquimaster.com.ar\/web\/wp-content\/uploads\/2017\/08\/casa_impala_slide-150x150.jpg",150,150,true],"medium":["https:\/\/www.arquimaster.com.ar\/web\/wp-content\/uploads\/2017\/08\/casa_impala_slide.jpg",642,336,false],"medium_large":["https:\/\/www.arquimaster.com.ar\/web\/wp-content\/uploads\/2017\/08\/casa_impala_slide.jpg",642,336,false],"large":["https:\/\/www.arquimaster.com.ar\/web\/wp-content\/uploads\/2017\/08\/casa_impala_slide.jpg",642,336,false],"1536x1536":["https:\/\/www.arquimaster.com.ar\/web\/wp-content\/uploads\/2017\/08\/casa_impala_slide.jpg",642,336,false],"2048x2048":["https:\/\/www.arquimaster.com.ar\/web\/wp-content\/uploads\/2017\/08\/casa_impala_slide.jpg",642,336,false]},"uagb_author_info":{"display_name":"Arquimaster","author_link":"https:\/\/www.arquimaster.com.ar\/web\/author\/arquimaster\/"},"uagb_comment_info":0,"uagb_excerpt":"Una caja, un gran contenedor, construida en el bosque de Caril\u00f3, frente a la reserva forestal...","_links":{"self":[{"href":"https:\/\/www.arquimaster.com.ar\/web\/wp-json\/wp\/v2\/posts\/27331","targetHints":{"allow":["GET"]}}],"collection":[{"href":"https:\/\/www.arquimaster.com.ar\/web\/wp-json\/wp\/v2\/posts"}],"about":[{"href":"https:\/\/www.arquimaster.com.ar\/web\/wp-json\/wp\/v2\/types\/post"}],"author":[{"embeddable":true,"href":"https:\/\/www.arquimaster.com.ar\/web\/wp-json\/wp\/v2\/users\/1"}],"replies":[{"embeddable":true,"href":"https:\/\/www.arquimaster.com.ar\/web\/wp-json\/wp\/v2\/comments?post=27331"}],"version-history":[{"count":0,"href":"https:\/\/www.arquimaster.com.ar\/web\/wp-json\/wp\/v2\/posts\/27331\/revisions"}],"wp:featuredmedia":[{"embeddable":true,"href":"https:\/\/www.arquimaster.com.ar\/web\/wp-json\/wp\/v2\/media\/27332"}],"wp:attachment":[{"href":"https:\/\/www.arquimaster.com.ar\/web\/wp-json\/wp\/v2\/media?parent=27331"}],"wp:term":[{"taxonomy":"category","embeddable":true,"href":"https:\/\/www.arquimaster.com.ar\/web\/wp-json\/wp\/v2\/categories?post=27331"},{"taxonomy":"post_tag","embeddable":true,"href":"https:\/\/www.arquimaster.com.ar\/web\/wp-json\/wp\/v2\/tags?post=27331"}],"curies":[{"name":"wp","href":"https:\/\/api.w.org\/{rel}","templated":true}]}}