{"id":27643,"date":"2017-10-19T23:08:56","date_gmt":"2017-10-19T23:08:56","guid":{"rendered":"http:\/\/www.arquimaster.com.ar\/web\/?p=27643"},"modified":"2017-10-21T23:23:35","modified_gmt":"2017-10-21T23:23:35","slug":"casa-mg-coutino-ponce-arquitectos","status":"publish","type":"post","link":"https:\/\/www.arquimaster.com.ar\/web\/casa-mg-coutino-ponce-arquitectos\/","title":{"rendered":"Casa MG \/ Couti\u00f1o &#038; Ponce Arquitectos"},"content":{"rendered":"<div style=\"margin-top: 0px; margin-bottom: 0px;\" class=\"sharethis-inline-share-buttons\" ><\/div><div class=\"b812932af2e751442846f039925109de\" data-index=\"1\" style=\"float: none; margin:25px 0 25px 0; text-align:center;\">\n<script async src=\"https:\/\/pagead2.googlesyndication.com\/pagead\/js\/adsbygoogle.js\"><\/script>\r\n<!-- Arquimaster (superior) -->\r\n<ins class=\"adsbygoogle\"\r\n     style=\"display:block\"\r\n     data-ad-client=\"ca-pub-6351072698456832\"\r\n     data-ad-slot=\"6455489680\"\r\n     data-ad-format=\"auto\"\r\n     data-full-width-responsive=\"true\"><\/ins>\r\n<script>\r\n     (adsbygoogle = window.adsbygoogle || []).push({});\r\n<\/script>\n<\/div>\n<p><strong>Casa MG<\/strong> (Ixtacomit\u00e1n, Tabasco, M\u00e9xico) por <strong>Couti\u00f1o &amp; Ponce Arquitectos<\/strong>. El proyecto trata de una vivienda ubicada en la Rancher\u00eda Ixtacomit\u00e1n a 1,5 km de la ciudad de Villahermosa, Tabasco, al sureste mexicano. El fraccionamiento \u00d3nix, donde se ubica la vivienda establece restricciones en el desplante de la casa, tanto en retraer la fachada 3 metros de la banqueta de acceso principal as\u00ed como liberar 1,5 metros en los laterales colindantes.<\/p>\n<div id='gallery-1' class='gallery galleryid-27643 gallery-columns-3 gallery-size-thumbnail'><figure class='gallery-item'>\n\t\t\t<div class='gallery-icon landscape'>\n\t\t\t\t<a href='https:\/\/www.arquimaster.com.ar\/web\/wp-content\/uploads\/2017\/10\/casa_mg1.jpg' title=\"Casa MG \/ Couti\u00f1o &amp; Ponce Arquitectos (\u00a9 Fabi\u00e1n Couti\u00f1o)\" data-rl_title=\"Casa MG \/ Couti\u00f1o &amp; Ponce Arquitectos (\u00a9 Fabi\u00e1n Couti\u00f1o)\" class=\"rl-gallery-link\" data-rl_caption=\"Casa MG \/ Couti\u00f1o &amp; Ponce Arquitectos (\u00a9 Fabi\u00e1n Couti\u00f1o)\" data-rel=\"lightbox-gallery-1\"><img loading=\"lazy\" decoding=\"async\" width=\"150\" height=\"150\" src=\"https:\/\/www.arquimaster.com.ar\/web\/wp-content\/uploads\/2017\/10\/casa_mg1-150x150.jpg\" class=\"attachment-thumbnail size-thumbnail\" alt=\"\" aria-describedby=\"gallery-1-27645\" srcset=\"https:\/\/www.arquimaster.com.ar\/web\/wp-content\/uploads\/2017\/10\/casa_mg1-150x150.jpg 150w, https:\/\/www.arquimaster.com.ar\/web\/wp-content\/uploads\/2017\/10\/casa_mg1-50x50.jpg 50w, https:\/\/www.arquimaster.com.ar\/web\/wp-content\/uploads\/2017\/10\/casa_mg1-125x125.jpg 125w\" sizes=\"auto, (max-width: 150px) 100vw, 150px\" \/><\/a>\n\t\t\t<\/div>\n\t\t\t\t<figcaption class='wp-caption-text gallery-caption' id='gallery-1-27645'>\n\t\t\t\tCasa MG \/ Couti\u00f1o &#038; Ponce Arquitectos (\u00a9 Fabi\u00e1n Couti\u00f1o)\n\t\t\t\t<\/figcaption><\/figure><figure class='gallery-item'>\n\t\t\t<div class='gallery-icon portrait'>\n\t\t\t\t<a href='https:\/\/www.arquimaster.com.ar\/web\/wp-content\/uploads\/2017\/10\/casa_mg2.jpg' title=\"Casa MG \/ Couti\u00f1o &amp; Ponce Arquitectos (\u00a9 Fabi\u00e1n Couti\u00f1o)\" data-rl_title=\"Casa MG \/ Couti\u00f1o &amp; Ponce Arquitectos (\u00a9 Fabi\u00e1n Couti\u00f1o)\" class=\"rl-gallery-link\" data-rl_caption=\"Casa MG \/ Couti\u00f1o &amp; Ponce Arquitectos (\u00a9 Fabi\u00e1n Couti\u00f1o)\" data-rel=\"lightbox-gallery-1\"><img loading=\"lazy\" decoding=\"async\" width=\"150\" height=\"150\" src=\"https:\/\/www.arquimaster.com.ar\/web\/wp-content\/uploads\/2017\/10\/casa_mg2-150x150.jpg\" class=\"attachment-thumbnail size-thumbnail\" alt=\"\" aria-describedby=\"gallery-1-27646\" srcset=\"https:\/\/www.arquimaster.com.ar\/web\/wp-content\/uploads\/2017\/10\/casa_mg2-150x150.jpg 150w, https:\/\/www.arquimaster.com.ar\/web\/wp-content\/uploads\/2017\/10\/casa_mg2-50x50.jpg 50w, https:\/\/www.arquimaster.com.ar\/web\/wp-content\/uploads\/2017\/10\/casa_mg2-125x125.jpg 125w\" sizes=\"auto, (max-width: 150px) 100vw, 150px\" \/><\/a>\n\t\t\t<\/div>\n\t\t\t\t<figcaption class='wp-caption-text gallery-caption' id='gallery-1-27646'>\n\t\t\t\tCasa MG \/ Couti\u00f1o &#038; Ponce Arquitectos (\u00a9 Fabi\u00e1n Couti\u00f1o)\n\t\t\t\t<\/figcaption><\/figure><figure class='gallery-item'>\n\t\t\t<div class='gallery-icon portrait'>\n\t\t\t\t<a href='https:\/\/www.arquimaster.com.ar\/web\/wp-content\/uploads\/2017\/10\/casa_mg3.jpg' title=\"Casa MG \/ Couti\u00f1o &amp; Ponce Arquitectos (\u00a9 Fabi\u00e1n Couti\u00f1o)\" data-rl_title=\"Casa MG \/ Couti\u00f1o &amp; Ponce Arquitectos (\u00a9 Fabi\u00e1n Couti\u00f1o)\" class=\"rl-gallery-link\" data-rl_caption=\"Casa MG \/ Couti\u00f1o &amp; Ponce Arquitectos (\u00a9 Fabi\u00e1n Couti\u00f1o)\" data-rel=\"lightbox-gallery-1\"><img loading=\"lazy\" decoding=\"async\" width=\"150\" height=\"150\" src=\"https:\/\/www.arquimaster.com.ar\/web\/wp-content\/uploads\/2017\/10\/casa_mg3-150x150.jpg\" class=\"attachment-thumbnail size-thumbnail\" alt=\"\" aria-describedby=\"gallery-1-27647\" srcset=\"https:\/\/www.arquimaster.com.ar\/web\/wp-content\/uploads\/2017\/10\/casa_mg3-150x150.jpg 150w, https:\/\/www.arquimaster.com.ar\/web\/wp-content\/uploads\/2017\/10\/casa_mg3-50x50.jpg 50w, https:\/\/www.arquimaster.com.ar\/web\/wp-content\/uploads\/2017\/10\/casa_mg3-125x125.jpg 125w\" sizes=\"auto, (max-width: 150px) 100vw, 150px\" \/><\/a>\n\t\t\t<\/div>\n\t\t\t\t<figcaption class='wp-caption-text gallery-caption' id='gallery-1-27647'>\n\t\t\t\tCasa MG \/ Couti\u00f1o &#038; Ponce Arquitectos (\u00a9 Fabi\u00e1n Couti\u00f1o)\n\t\t\t\t<\/figcaption><\/figure><figure class='gallery-item'>\n\t\t\t<div class='gallery-icon landscape'>\n\t\t\t\t<a href='https:\/\/www.arquimaster.com.ar\/web\/wp-content\/uploads\/2017\/10\/casa_mg4.jpg' title=\"Casa MG \/ Couti\u00f1o &amp; Ponce Arquitectos (\u00a9 Fabi\u00e1n Couti\u00f1o)\" data-rl_title=\"Casa MG \/ Couti\u00f1o &amp; Ponce Arquitectos (\u00a9 Fabi\u00e1n Couti\u00f1o)\" class=\"rl-gallery-link\" data-rl_caption=\"Casa MG \/ Couti\u00f1o &amp; Ponce Arquitectos (\u00a9 Fabi\u00e1n Couti\u00f1o)\" data-rel=\"lightbox-gallery-1\"><img loading=\"lazy\" decoding=\"async\" width=\"150\" height=\"150\" src=\"https:\/\/www.arquimaster.com.ar\/web\/wp-content\/uploads\/2017\/10\/casa_mg4-150x150.jpg\" class=\"attachment-thumbnail size-thumbnail\" alt=\"\" aria-describedby=\"gallery-1-27648\" srcset=\"https:\/\/www.arquimaster.com.ar\/web\/wp-content\/uploads\/2017\/10\/casa_mg4-150x150.jpg 150w, https:\/\/www.arquimaster.com.ar\/web\/wp-content\/uploads\/2017\/10\/casa_mg4-50x50.jpg 50w, https:\/\/www.arquimaster.com.ar\/web\/wp-content\/uploads\/2017\/10\/casa_mg4-125x125.jpg 125w\" sizes=\"auto, (max-width: 150px) 100vw, 150px\" \/><\/a>\n\t\t\t<\/div>\n\t\t\t\t<figcaption class='wp-caption-text gallery-caption' id='gallery-1-27648'>\n\t\t\t\tCasa MG \/ Couti\u00f1o &#038; Ponce Arquitectos (\u00a9 Fabi\u00e1n Couti\u00f1o)\n\t\t\t\t<\/figcaption><\/figure><figure class='gallery-item'>\n\t\t\t<div class='gallery-icon landscape'>\n\t\t\t\t<a href='https:\/\/www.arquimaster.com.ar\/web\/wp-content\/uploads\/2017\/10\/casa_mg5.jpg' title=\"Casa MG \/ Couti\u00f1o &amp; Ponce Arquitectos (\u00a9 Fabi\u00e1n Couti\u00f1o)\" data-rl_title=\"Casa MG \/ Couti\u00f1o &amp; Ponce Arquitectos (\u00a9 Fabi\u00e1n Couti\u00f1o)\" class=\"rl-gallery-link\" data-rl_caption=\"Casa MG \/ Couti\u00f1o &amp; Ponce Arquitectos (\u00a9 Fabi\u00e1n Couti\u00f1o)\" data-rel=\"lightbox-gallery-1\"><img loading=\"lazy\" decoding=\"async\" width=\"150\" height=\"150\" src=\"https:\/\/www.arquimaster.com.ar\/web\/wp-content\/uploads\/2017\/10\/casa_mg5-150x150.jpg\" class=\"attachment-thumbnail size-thumbnail\" alt=\"\" aria-describedby=\"gallery-1-27649\" srcset=\"https:\/\/www.arquimaster.com.ar\/web\/wp-content\/uploads\/2017\/10\/casa_mg5-150x150.jpg 150w, https:\/\/www.arquimaster.com.ar\/web\/wp-content\/uploads\/2017\/10\/casa_mg5-50x50.jpg 50w, https:\/\/www.arquimaster.com.ar\/web\/wp-content\/uploads\/2017\/10\/casa_mg5-125x125.jpg 125w\" sizes=\"auto, (max-width: 150px) 100vw, 150px\" \/><\/a>\n\t\t\t<\/div>\n\t\t\t\t<figcaption class='wp-caption-text gallery-caption' id='gallery-1-27649'>\n\t\t\t\tCasa MG \/ Couti\u00f1o &#038; Ponce Arquitectos (\u00a9 Fabi\u00e1n Couti\u00f1o)\n\t\t\t\t<\/figcaption><\/figure><figure class='gallery-item'>\n\t\t\t<div class='gallery-icon portrait'>\n\t\t\t\t<a href='https:\/\/www.arquimaster.com.ar\/web\/wp-content\/uploads\/2017\/10\/casa_mg6.jpg' title=\"Casa MG \/ Couti\u00f1o &amp; Ponce Arquitectos (\u00a9 Fabi\u00e1n Couti\u00f1o)\" data-rl_title=\"Casa MG \/ Couti\u00f1o &amp; Ponce Arquitectos (\u00a9 Fabi\u00e1n Couti\u00f1o)\" class=\"rl-gallery-link\" data-rl_caption=\"Casa MG \/ Couti\u00f1o &amp; Ponce Arquitectos (\u00a9 Fabi\u00e1n Couti\u00f1o)\" data-rel=\"lightbox-gallery-1\"><img loading=\"lazy\" decoding=\"async\" width=\"150\" height=\"150\" src=\"https:\/\/www.arquimaster.com.ar\/web\/wp-content\/uploads\/2017\/10\/casa_mg6-150x150.jpg\" class=\"attachment-thumbnail size-thumbnail\" alt=\"\" aria-describedby=\"gallery-1-27650\" srcset=\"https:\/\/www.arquimaster.com.ar\/web\/wp-content\/uploads\/2017\/10\/casa_mg6-150x150.jpg 150w, https:\/\/www.arquimaster.com.ar\/web\/wp-content\/uploads\/2017\/10\/casa_mg6-50x50.jpg 50w, https:\/\/www.arquimaster.com.ar\/web\/wp-content\/uploads\/2017\/10\/casa_mg6-125x125.jpg 125w\" sizes=\"auto, (max-width: 150px) 100vw, 150px\" \/><\/a>\n\t\t\t<\/div>\n\t\t\t\t<figcaption class='wp-caption-text gallery-caption' id='gallery-1-27650'>\n\t\t\t\tCasa MG \/ Couti\u00f1o &#038; Ponce Arquitectos (\u00a9 Fabi\u00e1n Couti\u00f1o)\n\t\t\t\t<\/figcaption><\/figure><figure class='gallery-item'>\n\t\t\t<div class='gallery-icon portrait'>\n\t\t\t\t<a href='https:\/\/www.arquimaster.com.ar\/web\/wp-content\/uploads\/2017\/10\/casa_mg7.jpg' title=\"Casa MG \/ Couti\u00f1o &amp; Ponce Arquitectos (\u00a9 Fabi\u00e1n Couti\u00f1o)\" data-rl_title=\"Casa MG \/ Couti\u00f1o &amp; Ponce Arquitectos (\u00a9 Fabi\u00e1n Couti\u00f1o)\" class=\"rl-gallery-link\" data-rl_caption=\"Casa MG \/ Couti\u00f1o &amp; Ponce Arquitectos (\u00a9 Fabi\u00e1n Couti\u00f1o)\" data-rel=\"lightbox-gallery-1\"><img loading=\"lazy\" decoding=\"async\" width=\"150\" height=\"150\" src=\"https:\/\/www.arquimaster.com.ar\/web\/wp-content\/uploads\/2017\/10\/casa_mg7-150x150.jpg\" class=\"attachment-thumbnail size-thumbnail\" alt=\"\" aria-describedby=\"gallery-1-27651\" srcset=\"https:\/\/www.arquimaster.com.ar\/web\/wp-content\/uploads\/2017\/10\/casa_mg7-150x150.jpg 150w, https:\/\/www.arquimaster.com.ar\/web\/wp-content\/uploads\/2017\/10\/casa_mg7-50x50.jpg 50w, https:\/\/www.arquimaster.com.ar\/web\/wp-content\/uploads\/2017\/10\/casa_mg7-125x125.jpg 125w\" sizes=\"auto, (max-width: 150px) 100vw, 150px\" \/><\/a>\n\t\t\t<\/div>\n\t\t\t\t<figcaption class='wp-caption-text gallery-caption' id='gallery-1-27651'>\n\t\t\t\tCasa MG \/ Couti\u00f1o &#038; Ponce Arquitectos (\u00a9 Fabi\u00e1n Couti\u00f1o)\n\t\t\t\t<\/figcaption><\/figure><figure class='gallery-item'>\n\t\t\t<div class='gallery-icon landscape'>\n\t\t\t\t<a href='https:\/\/www.arquimaster.com.ar\/web\/wp-content\/uploads\/2017\/10\/casa_mg8.jpg' title=\"Casa MG \/ Couti\u00f1o &amp; Ponce Arquitectos (\u00a9 Fabi\u00e1n Couti\u00f1o)\" data-rl_title=\"Casa MG \/ Couti\u00f1o &amp; Ponce Arquitectos (\u00a9 Fabi\u00e1n Couti\u00f1o)\" class=\"rl-gallery-link\" data-rl_caption=\"Casa MG \/ Couti\u00f1o &amp; Ponce Arquitectos (\u00a9 Fabi\u00e1n Couti\u00f1o)\" data-rel=\"lightbox-gallery-1\"><img loading=\"lazy\" decoding=\"async\" width=\"150\" height=\"150\" src=\"https:\/\/www.arquimaster.com.ar\/web\/wp-content\/uploads\/2017\/10\/casa_mg8-150x150.jpg\" class=\"attachment-thumbnail size-thumbnail\" alt=\"\" aria-describedby=\"gallery-1-27652\" srcset=\"https:\/\/www.arquimaster.com.ar\/web\/wp-content\/uploads\/2017\/10\/casa_mg8-150x150.jpg 150w, https:\/\/www.arquimaster.com.ar\/web\/wp-content\/uploads\/2017\/10\/casa_mg8-50x50.jpg 50w, https:\/\/www.arquimaster.com.ar\/web\/wp-content\/uploads\/2017\/10\/casa_mg8-125x125.jpg 125w\" sizes=\"auto, (max-width: 150px) 100vw, 150px\" \/><\/a>\n\t\t\t<\/div>\n\t\t\t\t<figcaption class='wp-caption-text gallery-caption' id='gallery-1-27652'>\n\t\t\t\tCasa MG \/ Couti\u00f1o &#038; Ponce Arquitectos (\u00a9 Fabi\u00e1n Couti\u00f1o)\n\t\t\t\t<\/figcaption><\/figure><figure class='gallery-item'>\n\t\t\t<div class='gallery-icon landscape'>\n\t\t\t\t<a href='https:\/\/www.arquimaster.com.ar\/web\/wp-content\/uploads\/2017\/10\/casa_mg9.jpg' title=\"Casa MG \/ Couti\u00f1o &amp; Ponce Arquitectos (\u00a9 Fabi\u00e1n Couti\u00f1o)\" data-rl_title=\"Casa MG \/ Couti\u00f1o &amp; Ponce Arquitectos (\u00a9 Fabi\u00e1n Couti\u00f1o)\" class=\"rl-gallery-link\" data-rl_caption=\"Casa MG \/ Couti\u00f1o &amp; Ponce Arquitectos (\u00a9 Fabi\u00e1n Couti\u00f1o)\" data-rel=\"lightbox-gallery-1\"><img loading=\"lazy\" decoding=\"async\" width=\"150\" height=\"150\" src=\"https:\/\/www.arquimaster.com.ar\/web\/wp-content\/uploads\/2017\/10\/casa_mg9-150x150.jpg\" class=\"attachment-thumbnail size-thumbnail\" alt=\"\" aria-describedby=\"gallery-1-27653\" srcset=\"https:\/\/www.arquimaster.com.ar\/web\/wp-content\/uploads\/2017\/10\/casa_mg9-150x150.jpg 150w, https:\/\/www.arquimaster.com.ar\/web\/wp-content\/uploads\/2017\/10\/casa_mg9-50x50.jpg 50w, https:\/\/www.arquimaster.com.ar\/web\/wp-content\/uploads\/2017\/10\/casa_mg9-125x125.jpg 125w\" sizes=\"auto, (max-width: 150px) 100vw, 150px\" \/><\/a>\n\t\t\t<\/div>\n\t\t\t\t<figcaption class='wp-caption-text gallery-caption' id='gallery-1-27653'>\n\t\t\t\tCasa MG \/ Couti\u00f1o &#038; Ponce Arquitectos (\u00a9 Fabi\u00e1n Couti\u00f1o)\n\t\t\t\t<\/figcaption><\/figure><figure class='gallery-item'>\n\t\t\t<div class='gallery-icon landscape'>\n\t\t\t\t<a href='https:\/\/www.arquimaster.com.ar\/web\/wp-content\/uploads\/2017\/10\/casa_mg10.jpg' title=\"Casa MG \/ Couti\u00f1o &amp; Ponce Arquitectos (\u00a9 Fabi\u00e1n Couti\u00f1o)\" data-rl_title=\"Casa MG \/ Couti\u00f1o &amp; Ponce Arquitectos (\u00a9 Fabi\u00e1n Couti\u00f1o)\" class=\"rl-gallery-link\" data-rl_caption=\"Casa MG \/ Couti\u00f1o &amp; Ponce Arquitectos (\u00a9 Fabi\u00e1n Couti\u00f1o)\" data-rel=\"lightbox-gallery-1\"><img loading=\"lazy\" decoding=\"async\" width=\"150\" height=\"150\" src=\"https:\/\/www.arquimaster.com.ar\/web\/wp-content\/uploads\/2017\/10\/casa_mg10-150x150.jpg\" class=\"attachment-thumbnail size-thumbnail\" alt=\"\" aria-describedby=\"gallery-1-27654\" srcset=\"https:\/\/www.arquimaster.com.ar\/web\/wp-content\/uploads\/2017\/10\/casa_mg10-150x150.jpg 150w, https:\/\/www.arquimaster.com.ar\/web\/wp-content\/uploads\/2017\/10\/casa_mg10-50x50.jpg 50w, https:\/\/www.arquimaster.com.ar\/web\/wp-content\/uploads\/2017\/10\/casa_mg10-125x125.jpg 125w\" sizes=\"auto, (max-width: 150px) 100vw, 150px\" \/><\/a>\n\t\t\t<\/div>\n\t\t\t\t<figcaption class='wp-caption-text gallery-caption' id='gallery-1-27654'>\n\t\t\t\tCasa MG \/ Couti\u00f1o &#038; Ponce Arquitectos (\u00a9 Fabi\u00e1n Couti\u00f1o)\n\t\t\t\t<\/figcaption><\/figure><figure class='gallery-item'>\n\t\t\t<div class='gallery-icon landscape'>\n\t\t\t\t<a href='https:\/\/www.arquimaster.com.ar\/web\/wp-content\/uploads\/2017\/10\/casa_mg11.jpg' title=\"Casa MG \/ Couti\u00f1o &amp; Ponce Arquitectos (\u00a9 Fabi\u00e1n Couti\u00f1o)\" data-rl_title=\"Casa MG \/ Couti\u00f1o &amp; Ponce Arquitectos (\u00a9 Fabi\u00e1n Couti\u00f1o)\" class=\"rl-gallery-link\" data-rl_caption=\"Casa MG \/ Couti\u00f1o &amp; Ponce Arquitectos (\u00a9 Fabi\u00e1n Couti\u00f1o)\" data-rel=\"lightbox-gallery-1\"><img loading=\"lazy\" decoding=\"async\" width=\"150\" height=\"150\" src=\"https:\/\/www.arquimaster.com.ar\/web\/wp-content\/uploads\/2017\/10\/casa_mg11-150x150.jpg\" class=\"attachment-thumbnail size-thumbnail\" alt=\"\" aria-describedby=\"gallery-1-27655\" srcset=\"https:\/\/www.arquimaster.com.ar\/web\/wp-content\/uploads\/2017\/10\/casa_mg11-150x150.jpg 150w, https:\/\/www.arquimaster.com.ar\/web\/wp-content\/uploads\/2017\/10\/casa_mg11-50x50.jpg 50w, https:\/\/www.arquimaster.com.ar\/web\/wp-content\/uploads\/2017\/10\/casa_mg11-125x125.jpg 125w\" sizes=\"auto, (max-width: 150px) 100vw, 150px\" \/><\/a>\n\t\t\t<\/div>\n\t\t\t\t<figcaption class='wp-caption-text gallery-caption' id='gallery-1-27655'>\n\t\t\t\tCasa MG \/ Couti\u00f1o &#038; Ponce Arquitectos (\u00a9 Fabi\u00e1n Couti\u00f1o)\n\t\t\t\t<\/figcaption><\/figure><figure class='gallery-item'>\n\t\t\t<div class='gallery-icon portrait'>\n\t\t\t\t<a href='https:\/\/www.arquimaster.com.ar\/web\/wp-content\/uploads\/2017\/10\/casa_mg12.jpg' title=\"Casa MG \/ Couti\u00f1o &amp; Ponce Arquitectos (\u00a9 Fabi\u00e1n Couti\u00f1o)\" data-rl_title=\"Casa MG \/ Couti\u00f1o &amp; Ponce Arquitectos (\u00a9 Fabi\u00e1n Couti\u00f1o)\" class=\"rl-gallery-link\" data-rl_caption=\"Casa MG \/ Couti\u00f1o &amp; Ponce Arquitectos (\u00a9 Fabi\u00e1n Couti\u00f1o)\" data-rel=\"lightbox-gallery-1\"><img loading=\"lazy\" decoding=\"async\" width=\"150\" height=\"150\" src=\"https:\/\/www.arquimaster.com.ar\/web\/wp-content\/uploads\/2017\/10\/casa_mg12-150x150.jpg\" class=\"attachment-thumbnail size-thumbnail\" alt=\"\" aria-describedby=\"gallery-1-27656\" srcset=\"https:\/\/www.arquimaster.com.ar\/web\/wp-content\/uploads\/2017\/10\/casa_mg12-150x150.jpg 150w, https:\/\/www.arquimaster.com.ar\/web\/wp-content\/uploads\/2017\/10\/casa_mg12-50x50.jpg 50w, https:\/\/www.arquimaster.com.ar\/web\/wp-content\/uploads\/2017\/10\/casa_mg12-125x125.jpg 125w\" sizes=\"auto, (max-width: 150px) 100vw, 150px\" \/><\/a>\n\t\t\t<\/div>\n\t\t\t\t<figcaption class='wp-caption-text gallery-caption' id='gallery-1-27656'>\n\t\t\t\tCasa MG \/ Couti\u00f1o &#038; Ponce Arquitectos (\u00a9 Fabi\u00e1n Couti\u00f1o)\n\t\t\t\t<\/figcaption><\/figure><figure class='gallery-item'>\n\t\t\t<div class='gallery-icon portrait'>\n\t\t\t\t<a href='https:\/\/www.arquimaster.com.ar\/web\/wp-content\/uploads\/2017\/10\/casa_mg13.jpg' title=\"Casa MG \/ Couti\u00f1o &amp; Ponce Arquitectos (\u00a9 Fabi\u00e1n Couti\u00f1o)\" data-rl_title=\"Casa MG \/ Couti\u00f1o &amp; Ponce Arquitectos (\u00a9 Fabi\u00e1n Couti\u00f1o)\" class=\"rl-gallery-link\" data-rl_caption=\"Casa MG \/ Couti\u00f1o &amp; Ponce Arquitectos (\u00a9 Fabi\u00e1n Couti\u00f1o)\" data-rel=\"lightbox-gallery-1\"><img loading=\"lazy\" decoding=\"async\" width=\"150\" height=\"150\" src=\"https:\/\/www.arquimaster.com.ar\/web\/wp-content\/uploads\/2017\/10\/casa_mg13-150x150.jpg\" class=\"attachment-thumbnail size-thumbnail\" alt=\"\" aria-describedby=\"gallery-1-27657\" srcset=\"https:\/\/www.arquimaster.com.ar\/web\/wp-content\/uploads\/2017\/10\/casa_mg13-150x150.jpg 150w, https:\/\/www.arquimaster.com.ar\/web\/wp-content\/uploads\/2017\/10\/casa_mg13-50x50.jpg 50w, https:\/\/www.arquimaster.com.ar\/web\/wp-content\/uploads\/2017\/10\/casa_mg13-125x125.jpg 125w\" sizes=\"auto, (max-width: 150px) 100vw, 150px\" \/><\/a>\n\t\t\t<\/div>\n\t\t\t\t<figcaption class='wp-caption-text gallery-caption' id='gallery-1-27657'>\n\t\t\t\tCasa MG \/ Couti\u00f1o &#038; Ponce Arquitectos (\u00a9 Fabi\u00e1n Couti\u00f1o)\n\t\t\t\t<\/figcaption><\/figure><figure class='gallery-item'>\n\t\t\t<div class='gallery-icon landscape'>\n\t\t\t\t<a href='https:\/\/www.arquimaster.com.ar\/web\/wp-content\/uploads\/2017\/10\/casa_mg14.jpg' title=\"Casa MG \/ Couti\u00f1o &amp; Ponce Arquitectos (\u00a9 Fabi\u00e1n Couti\u00f1o)\" data-rl_title=\"Casa MG \/ Couti\u00f1o &amp; Ponce Arquitectos (\u00a9 Fabi\u00e1n Couti\u00f1o)\" class=\"rl-gallery-link\" data-rl_caption=\"Casa MG \/ Couti\u00f1o &amp; Ponce Arquitectos (\u00a9 Fabi\u00e1n Couti\u00f1o)\" data-rel=\"lightbox-gallery-1\"><img loading=\"lazy\" decoding=\"async\" width=\"150\" height=\"150\" src=\"https:\/\/www.arquimaster.com.ar\/web\/wp-content\/uploads\/2017\/10\/casa_mg14-150x150.jpg\" class=\"attachment-thumbnail size-thumbnail\" alt=\"\" aria-describedby=\"gallery-1-27658\" srcset=\"https:\/\/www.arquimaster.com.ar\/web\/wp-content\/uploads\/2017\/10\/casa_mg14-150x150.jpg 150w, https:\/\/www.arquimaster.com.ar\/web\/wp-content\/uploads\/2017\/10\/casa_mg14-50x50.jpg 50w, https:\/\/www.arquimaster.com.ar\/web\/wp-content\/uploads\/2017\/10\/casa_mg14-125x125.jpg 125w\" sizes=\"auto, (max-width: 150px) 100vw, 150px\" \/><\/a>\n\t\t\t<\/div>\n\t\t\t\t<figcaption class='wp-caption-text gallery-caption' id='gallery-1-27658'>\n\t\t\t\tCasa MG \/ Couti\u00f1o &#038; Ponce Arquitectos (\u00a9 Fabi\u00e1n Couti\u00f1o)\n\t\t\t\t<\/figcaption><\/figure><figure class='gallery-item'>\n\t\t\t<div class='gallery-icon landscape'>\n\t\t\t\t<a href='https:\/\/www.arquimaster.com.ar\/web\/wp-content\/uploads\/2017\/10\/casa_mg15.jpg' title=\"Casa MG \/ Couti\u00f1o &amp; Ponce Arquitectos (\u00a9 Fabi\u00e1n Couti\u00f1o)\" data-rl_title=\"Casa MG \/ Couti\u00f1o &amp; Ponce Arquitectos (\u00a9 Fabi\u00e1n Couti\u00f1o)\" class=\"rl-gallery-link\" data-rl_caption=\"Casa MG \/ Couti\u00f1o &amp; Ponce Arquitectos (\u00a9 Fabi\u00e1n Couti\u00f1o)\" data-rel=\"lightbox-gallery-1\"><img loading=\"lazy\" decoding=\"async\" width=\"150\" height=\"150\" src=\"https:\/\/www.arquimaster.com.ar\/web\/wp-content\/uploads\/2017\/10\/casa_mg15-150x150.jpg\" class=\"attachment-thumbnail size-thumbnail\" alt=\"\" aria-describedby=\"gallery-1-27659\" srcset=\"https:\/\/www.arquimaster.com.ar\/web\/wp-content\/uploads\/2017\/10\/casa_mg15-150x150.jpg 150w, https:\/\/www.arquimaster.com.ar\/web\/wp-content\/uploads\/2017\/10\/casa_mg15-50x50.jpg 50w, https:\/\/www.arquimaster.com.ar\/web\/wp-content\/uploads\/2017\/10\/casa_mg15-125x125.jpg 125w\" sizes=\"auto, (max-width: 150px) 100vw, 150px\" \/><\/a>\n\t\t\t<\/div>\n\t\t\t\t<figcaption class='wp-caption-text gallery-caption' id='gallery-1-27659'>\n\t\t\t\tCasa MG \/ Couti\u00f1o &#038; Ponce Arquitectos (\u00a9 Fabi\u00e1n Couti\u00f1o)\n\t\t\t\t<\/figcaption><\/figure><figure class='gallery-item'>\n\t\t\t<div class='gallery-icon portrait'>\n\t\t\t\t<a href='https:\/\/www.arquimaster.com.ar\/web\/wp-content\/uploads\/2017\/10\/casa_mg16.jpg' title=\"Casa MG \/ Couti\u00f1o &amp; Ponce Arquitectos (\u00a9 Fabi\u00e1n Couti\u00f1o)\" data-rl_title=\"Casa MG \/ Couti\u00f1o &amp; Ponce Arquitectos (\u00a9 Fabi\u00e1n Couti\u00f1o)\" class=\"rl-gallery-link\" data-rl_caption=\"Casa MG \/ Couti\u00f1o &amp; Ponce Arquitectos (\u00a9 Fabi\u00e1n Couti\u00f1o)\" data-rel=\"lightbox-gallery-1\"><img loading=\"lazy\" decoding=\"async\" width=\"150\" height=\"150\" src=\"https:\/\/www.arquimaster.com.ar\/web\/wp-content\/uploads\/2017\/10\/casa_mg16-150x150.jpg\" class=\"attachment-thumbnail size-thumbnail\" alt=\"\" aria-describedby=\"gallery-1-27660\" srcset=\"https:\/\/www.arquimaster.com.ar\/web\/wp-content\/uploads\/2017\/10\/casa_mg16-150x150.jpg 150w, https:\/\/www.arquimaster.com.ar\/web\/wp-content\/uploads\/2017\/10\/casa_mg16-50x50.jpg 50w, https:\/\/www.arquimaster.com.ar\/web\/wp-content\/uploads\/2017\/10\/casa_mg16-125x125.jpg 125w\" sizes=\"auto, (max-width: 150px) 100vw, 150px\" \/><\/a>\n\t\t\t<\/div>\n\t\t\t\t<figcaption class='wp-caption-text gallery-caption' id='gallery-1-27660'>\n\t\t\t\tCasa MG \/ Couti\u00f1o &#038; Ponce Arquitectos (\u00a9 Fabi\u00e1n Couti\u00f1o)\n\t\t\t\t<\/figcaption><\/figure><figure class='gallery-item'>\n\t\t\t<div class='gallery-icon landscape'>\n\t\t\t\t<a href='https:\/\/www.arquimaster.com.ar\/web\/wp-content\/uploads\/2017\/10\/casa_mg17.jpg' title=\"Casa MG \/ Couti\u00f1o &amp; Ponce Arquitectos (planta baja)\" data-rl_title=\"Casa MG \/ Couti\u00f1o &amp; Ponce Arquitectos (planta baja)\" class=\"rl-gallery-link\" data-rl_caption=\"Casa MG \/ Couti\u00f1o &amp; Ponce Arquitectos (planta baja)\" data-rel=\"lightbox-gallery-1\"><img loading=\"lazy\" decoding=\"async\" width=\"150\" height=\"150\" src=\"https:\/\/www.arquimaster.com.ar\/web\/wp-content\/uploads\/2017\/10\/casa_mg17-150x150.jpg\" class=\"attachment-thumbnail size-thumbnail\" alt=\"\" aria-describedby=\"gallery-1-27661\" srcset=\"https:\/\/www.arquimaster.com.ar\/web\/wp-content\/uploads\/2017\/10\/casa_mg17-150x150.jpg 150w, https:\/\/www.arquimaster.com.ar\/web\/wp-content\/uploads\/2017\/10\/casa_mg17-768x768.jpg 768w, https:\/\/www.arquimaster.com.ar\/web\/wp-content\/uploads\/2017\/10\/casa_mg17-50x50.jpg 50w, https:\/\/www.arquimaster.com.ar\/web\/wp-content\/uploads\/2017\/10\/casa_mg17-125x125.jpg 125w, https:\/\/www.arquimaster.com.ar\/web\/wp-content\/uploads\/2017\/10\/casa_mg17.jpg 800w\" sizes=\"auto, (max-width: 150px) 100vw, 150px\" \/><\/a>\n\t\t\t<\/div>\n\t\t\t\t<figcaption class='wp-caption-text gallery-caption' id='gallery-1-27661'>\n\t\t\t\tCasa MG \/ Couti\u00f1o &#038; Ponce Arquitectos (planta baja)\n\t\t\t\t<\/figcaption><\/figure><figure class='gallery-item'>\n\t\t\t<div class='gallery-icon portrait'>\n\t\t\t\t<a href='https:\/\/www.arquimaster.com.ar\/web\/wp-content\/uploads\/2017\/10\/casa_mg18.jpg' title=\"Casa MG \/ Couti\u00f1o &amp; Ponce Arquitectos (1\u00ba piso)\" data-rl_title=\"Casa MG \/ Couti\u00f1o &amp; Ponce Arquitectos (1\u00ba piso)\" class=\"rl-gallery-link\" data-rl_caption=\"Casa MG \/ Couti\u00f1o &amp; Ponce Arquitectos (1\u00ba piso)\" data-rel=\"lightbox-gallery-1\"><img loading=\"lazy\" decoding=\"async\" width=\"150\" height=\"150\" src=\"https:\/\/www.arquimaster.com.ar\/web\/wp-content\/uploads\/2017\/10\/casa_mg18-150x150.jpg\" class=\"attachment-thumbnail size-thumbnail\" alt=\"\" aria-describedby=\"gallery-1-27662\" srcset=\"https:\/\/www.arquimaster.com.ar\/web\/wp-content\/uploads\/2017\/10\/casa_mg18-150x150.jpg 150w, https:\/\/www.arquimaster.com.ar\/web\/wp-content\/uploads\/2017\/10\/casa_mg18-50x50.jpg 50w, https:\/\/www.arquimaster.com.ar\/web\/wp-content\/uploads\/2017\/10\/casa_mg18-125x125.jpg 125w\" sizes=\"auto, (max-width: 150px) 100vw, 150px\" \/><\/a>\n\t\t\t<\/div>\n\t\t\t\t<figcaption class='wp-caption-text gallery-caption' id='gallery-1-27662'>\n\t\t\t\tCasa MG \/ Couti\u00f1o &#038; Ponce Arquitectos (1\u00ba piso)\n\t\t\t\t<\/figcaption><\/figure><figure class='gallery-item'>\n\t\t\t<div class='gallery-icon portrait'>\n\t\t\t\t<a href='https:\/\/www.arquimaster.com.ar\/web\/wp-content\/uploads\/2017\/10\/casa_mg19.jpg' title=\"Casa MG \/ Couti\u00f1o &amp; Ponce Arquitectos (2\u00ba piso)\" data-rl_title=\"Casa MG \/ Couti\u00f1o &amp; Ponce Arquitectos (2\u00ba piso)\" class=\"rl-gallery-link\" data-rl_caption=\"Casa MG \/ Couti\u00f1o &amp; Ponce Arquitectos (2\u00ba piso)\" data-rel=\"lightbox-gallery-1\"><img loading=\"lazy\" decoding=\"async\" width=\"150\" height=\"150\" src=\"https:\/\/www.arquimaster.com.ar\/web\/wp-content\/uploads\/2017\/10\/casa_mg19-150x150.jpg\" class=\"attachment-thumbnail size-thumbnail\" alt=\"\" aria-describedby=\"gallery-1-27663\" srcset=\"https:\/\/www.arquimaster.com.ar\/web\/wp-content\/uploads\/2017\/10\/casa_mg19-150x150.jpg 150w, https:\/\/www.arquimaster.com.ar\/web\/wp-content\/uploads\/2017\/10\/casa_mg19-50x50.jpg 50w, https:\/\/www.arquimaster.com.ar\/web\/wp-content\/uploads\/2017\/10\/casa_mg19-125x125.jpg 125w\" sizes=\"auto, (max-width: 150px) 100vw, 150px\" \/><\/a>\n\t\t\t<\/div>\n\t\t\t\t<figcaption class='wp-caption-text gallery-caption' id='gallery-1-27663'>\n\t\t\t\tCasa MG \/ Couti\u00f1o &#038; Ponce Arquitectos (2\u00ba piso)\n\t\t\t\t<\/figcaption><\/figure><figure class='gallery-item'>\n\t\t\t<div class='gallery-icon portrait'>\n\t\t\t\t<a href='https:\/\/www.arquimaster.com.ar\/web\/wp-content\/uploads\/2017\/10\/casa_mg20.jpg' title=\"Casa MG \/ Couti\u00f1o &amp; Ponce Arquitectos (planta techos)\" data-rl_title=\"Casa MG \/ Couti\u00f1o &amp; Ponce Arquitectos (planta techos)\" class=\"rl-gallery-link\" data-rl_caption=\"Casa MG \/ Couti\u00f1o &amp; Ponce Arquitectos (planta techos)\" data-rel=\"lightbox-gallery-1\"><img loading=\"lazy\" decoding=\"async\" width=\"150\" height=\"150\" src=\"https:\/\/www.arquimaster.com.ar\/web\/wp-content\/uploads\/2017\/10\/casa_mg20-150x150.jpg\" class=\"attachment-thumbnail size-thumbnail\" alt=\"\" aria-describedby=\"gallery-1-27664\" srcset=\"https:\/\/www.arquimaster.com.ar\/web\/wp-content\/uploads\/2017\/10\/casa_mg20-150x150.jpg 150w, https:\/\/www.arquimaster.com.ar\/web\/wp-content\/uploads\/2017\/10\/casa_mg20-50x50.jpg 50w, https:\/\/www.arquimaster.com.ar\/web\/wp-content\/uploads\/2017\/10\/casa_mg20-125x125.jpg 125w\" sizes=\"auto, (max-width: 150px) 100vw, 150px\" \/><\/a>\n\t\t\t<\/div>\n\t\t\t\t<figcaption class='wp-caption-text gallery-caption' id='gallery-1-27664'>\n\t\t\t\tCasa MG \/ Couti\u00f1o &#038; Ponce Arquitectos (planta techos)\n\t\t\t\t<\/figcaption><\/figure><figure class='gallery-item'>\n\t\t\t<div class='gallery-icon landscape'>\n\t\t\t\t<a href='https:\/\/www.arquimaster.com.ar\/web\/wp-content\/uploads\/2017\/10\/casa_mg21.jpg' title=\"Casa MG \/ Couti\u00f1o &amp; Ponce Arquitectos (corte)\" data-rl_title=\"Casa MG \/ Couti\u00f1o &amp; Ponce Arquitectos (corte)\" class=\"rl-gallery-link\" data-rl_caption=\"Casa MG \/ Couti\u00f1o &amp; Ponce Arquitectos (corte)\" data-rel=\"lightbox-gallery-1\"><img loading=\"lazy\" decoding=\"async\" width=\"150\" height=\"150\" src=\"https:\/\/www.arquimaster.com.ar\/web\/wp-content\/uploads\/2017\/10\/casa_mg21-150x150.jpg\" class=\"attachment-thumbnail size-thumbnail\" alt=\"\" aria-describedby=\"gallery-1-27665\" srcset=\"https:\/\/www.arquimaster.com.ar\/web\/wp-content\/uploads\/2017\/10\/casa_mg21-150x150.jpg 150w, https:\/\/www.arquimaster.com.ar\/web\/wp-content\/uploads\/2017\/10\/casa_mg21-50x50.jpg 50w, https:\/\/www.arquimaster.com.ar\/web\/wp-content\/uploads\/2017\/10\/casa_mg21-125x125.jpg 125w\" sizes=\"auto, (max-width: 150px) 100vw, 150px\" \/><\/a>\n\t\t\t<\/div>\n\t\t\t\t<figcaption class='wp-caption-text gallery-caption' id='gallery-1-27665'>\n\t\t\t\tCasa MG \/ Couti\u00f1o &#038; Ponce Arquitectos (corte)\n\t\t\t\t<\/figcaption><\/figure><figure class='gallery-item'>\n\t\t\t<div class='gallery-icon landscape'>\n\t\t\t\t<a href='https:\/\/www.arquimaster.com.ar\/web\/wp-content\/uploads\/2017\/10\/casa_mg22.jpg' title=\"Casa MG \/ Couti\u00f1o &amp; Ponce Arquitectos (corte)\" data-rl_title=\"Casa MG \/ Couti\u00f1o &amp; Ponce Arquitectos (corte)\" class=\"rl-gallery-link\" data-rl_caption=\"Casa MG \/ Couti\u00f1o &amp; Ponce Arquitectos (corte)\" data-rel=\"lightbox-gallery-1\"><img loading=\"lazy\" decoding=\"async\" width=\"150\" height=\"150\" src=\"https:\/\/www.arquimaster.com.ar\/web\/wp-content\/uploads\/2017\/10\/casa_mg22-150x150.jpg\" class=\"attachment-thumbnail size-thumbnail\" alt=\"\" aria-describedby=\"gallery-1-27666\" srcset=\"https:\/\/www.arquimaster.com.ar\/web\/wp-content\/uploads\/2017\/10\/casa_mg22-150x150.jpg 150w, https:\/\/www.arquimaster.com.ar\/web\/wp-content\/uploads\/2017\/10\/casa_mg22-50x50.jpg 50w, https:\/\/www.arquimaster.com.ar\/web\/wp-content\/uploads\/2017\/10\/casa_mg22-125x125.jpg 125w\" sizes=\"auto, (max-width: 150px) 100vw, 150px\" \/><\/a>\n\t\t\t<\/div>\n\t\t\t\t<figcaption class='wp-caption-text gallery-caption' id='gallery-1-27666'>\n\t\t\t\tCasa MG \/ Couti\u00f1o &#038; Ponce Arquitectos (corte)\n\t\t\t\t<\/figcaption><\/figure><figure class='gallery-item'>\n\t\t\t<div class='gallery-icon landscape'>\n\t\t\t\t<a href='https:\/\/www.arquimaster.com.ar\/web\/wp-content\/uploads\/2017\/10\/casa_mg23.jpg' title=\"Casa MG \/ Couti\u00f1o &amp; Ponce Arquitectos (corte)\" data-rl_title=\"Casa MG \/ Couti\u00f1o &amp; Ponce Arquitectos (corte)\" class=\"rl-gallery-link\" data-rl_caption=\"Casa MG \/ Couti\u00f1o &amp; Ponce Arquitectos (corte)\" data-rel=\"lightbox-gallery-1\"><img loading=\"lazy\" decoding=\"async\" width=\"150\" height=\"150\" src=\"https:\/\/www.arquimaster.com.ar\/web\/wp-content\/uploads\/2017\/10\/casa_mg23-150x150.jpg\" class=\"attachment-thumbnail size-thumbnail\" alt=\"\" aria-describedby=\"gallery-1-27667\" srcset=\"https:\/\/www.arquimaster.com.ar\/web\/wp-content\/uploads\/2017\/10\/casa_mg23-150x150.jpg 150w, https:\/\/www.arquimaster.com.ar\/web\/wp-content\/uploads\/2017\/10\/casa_mg23-50x50.jpg 50w, https:\/\/www.arquimaster.com.ar\/web\/wp-content\/uploads\/2017\/10\/casa_mg23-125x125.jpg 125w\" sizes=\"auto, (max-width: 150px) 100vw, 150px\" \/><\/a>\n\t\t\t<\/div>\n\t\t\t\t<figcaption class='wp-caption-text gallery-caption' id='gallery-1-27667'>\n\t\t\t\tCasa MG \/ Couti\u00f1o &#038; Ponce Arquitectos (corte)\n\t\t\t\t<\/figcaption><\/figure><figure class='gallery-item'>\n\t\t\t<div class='gallery-icon landscape'>\n\t\t\t\t<a href='https:\/\/www.arquimaster.com.ar\/web\/wp-content\/uploads\/2017\/10\/casa_mg24.jpg' title=\"Casa MG \/ Couti\u00f1o &amp; Ponce Arquitectos (corte)\" data-rl_title=\"Casa MG \/ Couti\u00f1o &amp; Ponce Arquitectos (corte)\" class=\"rl-gallery-link\" data-rl_caption=\"Casa MG \/ Couti\u00f1o &amp; Ponce Arquitectos (corte)\" data-rel=\"lightbox-gallery-1\"><img loading=\"lazy\" decoding=\"async\" width=\"150\" height=\"150\" src=\"https:\/\/www.arquimaster.com.ar\/web\/wp-content\/uploads\/2017\/10\/casa_mg24-150x150.jpg\" class=\"attachment-thumbnail size-thumbnail\" alt=\"\" aria-describedby=\"gallery-1-27668\" srcset=\"https:\/\/www.arquimaster.com.ar\/web\/wp-content\/uploads\/2017\/10\/casa_mg24-150x150.jpg 150w, https:\/\/www.arquimaster.com.ar\/web\/wp-content\/uploads\/2017\/10\/casa_mg24-50x50.jpg 50w, https:\/\/www.arquimaster.com.ar\/web\/wp-content\/uploads\/2017\/10\/casa_mg24-125x125.jpg 125w\" sizes=\"auto, (max-width: 150px) 100vw, 150px\" \/><\/a>\n\t\t\t<\/div>\n\t\t\t\t<figcaption class='wp-caption-text gallery-caption' id='gallery-1-27668'>\n\t\t\t\tCasa MG \/ Couti\u00f1o &#038; Ponce Arquitectos (corte)\n\t\t\t\t<\/figcaption><\/figure><figure class='gallery-item'>\n\t\t\t<div class='gallery-icon landscape'>\n\t\t\t\t<a href='https:\/\/www.arquimaster.com.ar\/web\/wp-content\/uploads\/2017\/10\/casa_mg25.jpg' title=\"Casa MG \/ Couti\u00f1o &amp; Ponce Arquitectos (corte)\" data-rl_title=\"Casa MG \/ Couti\u00f1o &amp; Ponce Arquitectos (corte)\" class=\"rl-gallery-link\" data-rl_caption=\"Casa MG \/ Couti\u00f1o &amp; Ponce Arquitectos (corte)\" data-rel=\"lightbox-gallery-1\"><img loading=\"lazy\" decoding=\"async\" width=\"150\" height=\"150\" src=\"https:\/\/www.arquimaster.com.ar\/web\/wp-content\/uploads\/2017\/10\/casa_mg25-150x150.jpg\" class=\"attachment-thumbnail size-thumbnail\" alt=\"\" aria-describedby=\"gallery-1-27669\" srcset=\"https:\/\/www.arquimaster.com.ar\/web\/wp-content\/uploads\/2017\/10\/casa_mg25-150x150.jpg 150w, https:\/\/www.arquimaster.com.ar\/web\/wp-content\/uploads\/2017\/10\/casa_mg25-50x50.jpg 50w, https:\/\/www.arquimaster.com.ar\/web\/wp-content\/uploads\/2017\/10\/casa_mg25-125x125.jpg 125w\" sizes=\"auto, (max-width: 150px) 100vw, 150px\" \/><\/a>\n\t\t\t<\/div>\n\t\t\t\t<figcaption class='wp-caption-text gallery-caption' id='gallery-1-27669'>\n\t\t\t\tCasa MG \/ Couti\u00f1o &#038; Ponce Arquitectos (corte)\n\t\t\t\t<\/figcaption><\/figure><figure class='gallery-item'>\n\t\t\t<div class='gallery-icon landscape'>\n\t\t\t\t<a href='https:\/\/www.arquimaster.com.ar\/web\/wp-content\/uploads\/2017\/10\/casa_mg26.jpg' title=\"Casa MG \/ Couti\u00f1o &amp; Ponce Arquitectos (corte)\" data-rl_title=\"Casa MG \/ Couti\u00f1o &amp; Ponce Arquitectos (corte)\" class=\"rl-gallery-link\" data-rl_caption=\"Casa MG \/ Couti\u00f1o &amp; Ponce Arquitectos (corte)\" data-rel=\"lightbox-gallery-1\"><img loading=\"lazy\" decoding=\"async\" width=\"150\" height=\"150\" src=\"https:\/\/www.arquimaster.com.ar\/web\/wp-content\/uploads\/2017\/10\/casa_mg26-150x150.jpg\" class=\"attachment-thumbnail size-thumbnail\" alt=\"\" aria-describedby=\"gallery-1-27670\" srcset=\"https:\/\/www.arquimaster.com.ar\/web\/wp-content\/uploads\/2017\/10\/casa_mg26-150x150.jpg 150w, https:\/\/www.arquimaster.com.ar\/web\/wp-content\/uploads\/2017\/10\/casa_mg26-50x50.jpg 50w, https:\/\/www.arquimaster.com.ar\/web\/wp-content\/uploads\/2017\/10\/casa_mg26-125x125.jpg 125w\" sizes=\"auto, (max-width: 150px) 100vw, 150px\" \/><\/a>\n\t\t\t<\/div>\n\t\t\t\t<figcaption class='wp-caption-text gallery-caption' id='gallery-1-27670'>\n\t\t\t\tCasa MG \/ Couti\u00f1o &#038; Ponce Arquitectos (corte)\n\t\t\t\t<\/figcaption><\/figure><figure class='gallery-item'>\n\t\t\t<div class='gallery-icon landscape'>\n\t\t\t\t<a href='https:\/\/www.arquimaster.com.ar\/web\/wp-content\/uploads\/2017\/10\/casa_mg27.jpg' title=\"Casa MG \/ Couti\u00f1o &amp; Ponce Arquitectos (corte)\" data-rl_title=\"Casa MG \/ Couti\u00f1o &amp; Ponce Arquitectos (corte)\" class=\"rl-gallery-link\" data-rl_caption=\"Casa MG \/ Couti\u00f1o &amp; Ponce Arquitectos (corte)\" data-rel=\"lightbox-gallery-1\"><img loading=\"lazy\" decoding=\"async\" width=\"150\" height=\"150\" src=\"https:\/\/www.arquimaster.com.ar\/web\/wp-content\/uploads\/2017\/10\/casa_mg27-150x150.jpg\" class=\"attachment-thumbnail size-thumbnail\" alt=\"\" aria-describedby=\"gallery-1-27671\" srcset=\"https:\/\/www.arquimaster.com.ar\/web\/wp-content\/uploads\/2017\/10\/casa_mg27-150x150.jpg 150w, https:\/\/www.arquimaster.com.ar\/web\/wp-content\/uploads\/2017\/10\/casa_mg27-50x50.jpg 50w, https:\/\/www.arquimaster.com.ar\/web\/wp-content\/uploads\/2017\/10\/casa_mg27-125x125.jpg 125w\" sizes=\"auto, (max-width: 150px) 100vw, 150px\" \/><\/a>\n\t\t\t<\/div>\n\t\t\t\t<figcaption class='wp-caption-text gallery-caption' id='gallery-1-27671'>\n\t\t\t\tCasa MG \/ Couti\u00f1o &#038; Ponce Arquitectos (corte)\n\t\t\t\t<\/figcaption><\/figure><figure class='gallery-item'>\n\t\t\t<div class='gallery-icon landscape'>\n\t\t\t\t<a href='https:\/\/www.arquimaster.com.ar\/web\/wp-content\/uploads\/2017\/10\/casa_mg28.jpg' title=\"Casa MG \/ Couti\u00f1o &amp; Ponce Arquitectos (referencias)\" data-rl_title=\"Casa MG \/ Couti\u00f1o &amp; Ponce Arquitectos (referencias)\" class=\"rl-gallery-link\" data-rl_caption=\"Casa MG \/ Couti\u00f1o &amp; Ponce Arquitectos (referencias)\" data-rel=\"lightbox-gallery-1\"><img loading=\"lazy\" decoding=\"async\" width=\"150\" height=\"150\" src=\"https:\/\/www.arquimaster.com.ar\/web\/wp-content\/uploads\/2017\/10\/casa_mg28-150x150.jpg\" class=\"attachment-thumbnail size-thumbnail\" alt=\"\" aria-describedby=\"gallery-1-27672\" srcset=\"https:\/\/www.arquimaster.com.ar\/web\/wp-content\/uploads\/2017\/10\/casa_mg28-150x150.jpg 150w, https:\/\/www.arquimaster.com.ar\/web\/wp-content\/uploads\/2017\/10\/casa_mg28-50x50.jpg 50w, https:\/\/www.arquimaster.com.ar\/web\/wp-content\/uploads\/2017\/10\/casa_mg28-125x125.jpg 125w\" sizes=\"auto, (max-width: 150px) 100vw, 150px\" \/><\/a>\n\t\t\t<\/div>\n\t\t\t\t<figcaption class='wp-caption-text gallery-caption' id='gallery-1-27672'>\n\t\t\t\tCasa MG \/ Couti\u00f1o &#038; Ponce Arquitectos (referencias)\n\t\t\t\t<\/figcaption><\/figure><figure class='gallery-item'>\n\t\t\t<div class='gallery-icon landscape'>\n\t\t\t\t<a href='https:\/\/www.arquimaster.com.ar\/web\/wp-content\/uploads\/2017\/10\/casa_mg29.jpg' title=\"Casa MG \/ Couti\u00f1o &amp; Ponce Arquitectos (vista norte)\" data-rl_title=\"Casa MG \/ Couti\u00f1o &amp; Ponce Arquitectos (vista norte)\" class=\"rl-gallery-link\" data-rl_caption=\"Casa MG \/ Couti\u00f1o &amp; Ponce Arquitectos (vista norte)\" data-rel=\"lightbox-gallery-1\"><img loading=\"lazy\" decoding=\"async\" width=\"150\" height=\"150\" src=\"https:\/\/www.arquimaster.com.ar\/web\/wp-content\/uploads\/2017\/10\/casa_mg29-150x150.jpg\" class=\"attachment-thumbnail size-thumbnail\" alt=\"\" aria-describedby=\"gallery-1-27673\" srcset=\"https:\/\/www.arquimaster.com.ar\/web\/wp-content\/uploads\/2017\/10\/casa_mg29-150x150.jpg 150w, https:\/\/www.arquimaster.com.ar\/web\/wp-content\/uploads\/2017\/10\/casa_mg29-50x50.jpg 50w, https:\/\/www.arquimaster.com.ar\/web\/wp-content\/uploads\/2017\/10\/casa_mg29-125x125.jpg 125w\" sizes=\"auto, (max-width: 150px) 100vw, 150px\" \/><\/a>\n\t\t\t<\/div>\n\t\t\t\t<figcaption class='wp-caption-text gallery-caption' id='gallery-1-27673'>\n\t\t\t\tCasa MG \/ Couti\u00f1o &#038; Ponce Arquitectos (vista norte)\n\t\t\t\t<\/figcaption><\/figure><figure class='gallery-item'>\n\t\t\t<div class='gallery-icon landscape'>\n\t\t\t\t<a href='https:\/\/www.arquimaster.com.ar\/web\/wp-content\/uploads\/2017\/10\/casa_mg30.jpg' title=\"Casa MG \/ Couti\u00f1o &amp; Ponce Arquitectos (vista oeste)\" data-rl_title=\"Casa MG \/ Couti\u00f1o &amp; Ponce Arquitectos (vista oeste)\" class=\"rl-gallery-link\" data-rl_caption=\"Casa MG \/ Couti\u00f1o &amp; Ponce Arquitectos (vista oeste)\" data-rel=\"lightbox-gallery-1\"><img loading=\"lazy\" decoding=\"async\" width=\"150\" height=\"150\" src=\"https:\/\/www.arquimaster.com.ar\/web\/wp-content\/uploads\/2017\/10\/casa_mg30-150x150.jpg\" class=\"attachment-thumbnail size-thumbnail\" alt=\"\" aria-describedby=\"gallery-1-27674\" srcset=\"https:\/\/www.arquimaster.com.ar\/web\/wp-content\/uploads\/2017\/10\/casa_mg30-150x150.jpg 150w, https:\/\/www.arquimaster.com.ar\/web\/wp-content\/uploads\/2017\/10\/casa_mg30-50x50.jpg 50w, https:\/\/www.arquimaster.com.ar\/web\/wp-content\/uploads\/2017\/10\/casa_mg30-125x125.jpg 125w\" sizes=\"auto, (max-width: 150px) 100vw, 150px\" \/><\/a>\n\t\t\t<\/div>\n\t\t\t\t<figcaption class='wp-caption-text gallery-caption' id='gallery-1-27674'>\n\t\t\t\tCasa MG \/ Couti\u00f1o &#038; Ponce Arquitectos (vista oeste)\n\t\t\t\t<\/figcaption><\/figure><figure class='gallery-item'>\n\t\t\t<div class='gallery-icon landscape'>\n\t\t\t\t<a href='https:\/\/www.arquimaster.com.ar\/web\/wp-content\/uploads\/2017\/10\/casa_mg31.jpg' title=\"Casa MG \/ Couti\u00f1o &amp; Ponce Arquitectos (vista sur)\" data-rl_title=\"Casa MG \/ Couti\u00f1o &amp; Ponce Arquitectos (vista sur)\" class=\"rl-gallery-link\" data-rl_caption=\"Casa MG \/ Couti\u00f1o &amp; Ponce Arquitectos (vista sur)\" data-rel=\"lightbox-gallery-1\"><img loading=\"lazy\" decoding=\"async\" width=\"150\" height=\"150\" src=\"https:\/\/www.arquimaster.com.ar\/web\/wp-content\/uploads\/2017\/10\/casa_mg31-150x150.jpg\" class=\"attachment-thumbnail size-thumbnail\" alt=\"\" aria-describedby=\"gallery-1-27675\" srcset=\"https:\/\/www.arquimaster.com.ar\/web\/wp-content\/uploads\/2017\/10\/casa_mg31-150x150.jpg 150w, https:\/\/www.arquimaster.com.ar\/web\/wp-content\/uploads\/2017\/10\/casa_mg31-50x50.jpg 50w, https:\/\/www.arquimaster.com.ar\/web\/wp-content\/uploads\/2017\/10\/casa_mg31-125x125.jpg 125w\" sizes=\"auto, (max-width: 150px) 100vw, 150px\" \/><\/a>\n\t\t\t<\/div>\n\t\t\t\t<figcaption class='wp-caption-text gallery-caption' id='gallery-1-27675'>\n\t\t\t\tCasa MG \/ Couti\u00f1o &#038; Ponce Arquitectos (vista sur)\n\t\t\t\t<\/figcaption><\/figure><figure class='gallery-item'>\n\t\t\t<div class='gallery-icon landscape'>\n\t\t\t\t<a href='https:\/\/www.arquimaster.com.ar\/web\/wp-content\/uploads\/2017\/10\/casa_mg32.jpg' title=\"Casa MG \/ Couti\u00f1o &amp; Ponce Arquitectos (vista este)\" data-rl_title=\"Casa MG \/ Couti\u00f1o &amp; Ponce Arquitectos (vista este)\" class=\"rl-gallery-link\" data-rl_caption=\"Casa MG \/ Couti\u00f1o &amp; Ponce Arquitectos (vista este)\" data-rel=\"lightbox-gallery-1\"><img loading=\"lazy\" decoding=\"async\" width=\"150\" height=\"150\" src=\"https:\/\/www.arquimaster.com.ar\/web\/wp-content\/uploads\/2017\/10\/casa_mg32-150x150.jpg\" class=\"attachment-thumbnail size-thumbnail\" alt=\"\" aria-describedby=\"gallery-1-27676\" srcset=\"https:\/\/www.arquimaster.com.ar\/web\/wp-content\/uploads\/2017\/10\/casa_mg32-150x150.jpg 150w, https:\/\/www.arquimaster.com.ar\/web\/wp-content\/uploads\/2017\/10\/casa_mg32-50x50.jpg 50w, https:\/\/www.arquimaster.com.ar\/web\/wp-content\/uploads\/2017\/10\/casa_mg32-125x125.jpg 125w\" sizes=\"auto, (max-width: 150px) 100vw, 150px\" \/><\/a>\n\t\t\t<\/div>\n\t\t\t\t<figcaption class='wp-caption-text gallery-caption' id='gallery-1-27676'>\n\t\t\t\tCasa MG \/ Couti\u00f1o &#038; Ponce Arquitectos (vista este)\n\t\t\t\t<\/figcaption><\/figure>\n\t\t<\/div>\n\n<p>Una de las decisiones de proyecto fue establecer un patio posterior para iluminar la fachada trasera, estableciendo un jard\u00edn que adem\u00e1s lograra una amplitud a la estancia, comedor y cocina, lo que se consigui\u00f3 con un sistema de ventanas que abre totalmente al exterior.<\/p>\n<p>La colocaci\u00f3n de la escalera fue uno de los puntos importantes en el encaje de la planta, establecer un vest\u00edbulo a triple altura dejando la circulaci\u00f3n vertical como elemento predominante parec\u00eda complicado por las restricciones en altura del fraccionamiento, que es a partir de los 4 metros de distancia del \u00e1rea construida. Necesit\u00e1bamos la altura para la escalera pero no se quer\u00eda colocar tan retrasada para lograr el acceso principal.<\/p>\n<p>A partir de la fascinaci\u00f3n de los clientes por la cultura \u00e1rabe por haber vivido algunos a\u00f1os en Egipto, se establece como decisi\u00f3n proyectual optar por el uso de elementos espec\u00edficos como juego de luz, materialidades logrando tonos ocres, uso de celos\u00edas y elementos con agua. La intenci\u00f3n es lograr una vivienda de aspecto moderno con reminiscencias de temas \u00e1rabes en la arquitectura.<\/p>\n<p>Por lo que una de las premisas del proyecto era establecer un juego de luz para lograr ambientes cambiantes, se establecen grandes ventanales con lamas verticales de madera, algunas fijas en las zonas de incidencia solar intensas y otras con sistemas m\u00f3viles con la posibilidad de cerrar toda la fachada superior o abrirse como las ventanas corredizas.<\/p>\n<p>Se decide el uso de acabados en piedra, cantera golden para muros en exterior creando un juego de macizos en fachada. En el interior se decide por el m\u00e1rmol crema marfil para el piso de toda la vivienda en gran formato y se establece un juego de muros, unos enyesados y otros con el acabado de chukum para resaltar ciertos muros de importancia visual, estableciendo un juego de tonos ocres ba\u00f1ados con el juego de luz cambiante en toda la vivienda.<\/p>\n<p>Para integrar los grandes ventanales con el sistema de lamas de madera de cedro rayado, se utiliza un aluminio anodizado que lograra el parecido a la madera. Para integrar las puertas del garage as\u00ed como las puertas de los accesos laterales se unifica el sistema de lamas verticales con distintos sistemas de aperturas.<\/p>\n<p>Para los elementos con agua se proyecta un espejo de agua en el acceso principal y un muro llor\u00f3n en un muro del patio trasero con vistas desde la cocina para transmitir sensaci\u00f3n de tranquilidad.<\/p>\n<p><strong>Ficha t\u00e9cnica<\/strong><br \/>\nNombre: Casa MG<br \/>\nUbicaci\u00f3n: Ixtacomit\u00e1n, Villahermosa, Tabasco, M\u00e9xico<br \/>\nArquitectos: Couti\u00f1o &amp; Ponce Arquitcetos<br \/>\nArquitectos a cargo: Arq. Fabi\u00e1n Couti\u00f1o, Arq. Alicia Ponce<br \/>\nColaboradores: Arq. Elmer Flores V\u00e1zquez, Arq. Leobardo P\u00e9rez Sarao, Arq. Isabel Contreras Ru\u00edz<br \/>\nDise\u00f1o Estructural: Ing. Hiram Jes\u00fas de la Cruz<br \/>\nSuperficie construida: 385 m2<br \/>\nA\u00f1o: 2016-2017<br \/>\nFot\u00f3grafo: Fabi\u00e1n Couti\u00f1o<\/p>\n<p><strong>Contacto:<\/strong> <a href=\"http:\/\/www.coutinoponce.com\" target=\"_blank\" rel=\"noopener\">http:\/\/www.coutinoponce.com<\/a><\/p>\n<p><strong>Instagram:<\/strong> \/coutinoponce<br \/>\n<strong>Facebook:<\/strong> \/arquitectos.coutinoponce<\/p>\n<p>&nbsp;<\/p>\n<p><em><strong>English version<\/strong><\/em><\/p>\n<p><em>The project deals with a house located in the Ixtacomit\u00e1n town to 0.94 miles from the city of Villahermosa, in southeast Mexico. The \u00d3nix housing complex, where the house is located, places restrictions on the house&#8217;s deflection, both to retract the facade 118 inches from the main access bench and to release 59 inches on the adjoining sides.<\/em><\/p>\n<p><em>One of the project decisions was to establish a backyard to illuminate the back fa\u00e7ade, establishing a garden that would also achieve a spaciousness to the room, dining room and kitchen, which was achieved with a window system that opens completely to the outside.<\/em><\/p>\n<p><em>The placement of the stairs was one of the important points in the lace of the plant, establishing a lobby at triple height leaving vertical circulation as a pre-dominant element seemed complicated by the restrictions in height of the fractionation that is from 158.8 inches away from the built area, we needed the height for the staircase but we did not want to put it so far behind to achieve the main access.<\/em><\/p>\n<p><em>From the clients&#8217; fascination with Arab culture for having lived for some years in Egypt, it is established as a project decision to opt for the use of specific elements such as light play, materialities achieving ocher tones, use of lattices and elements with water. The intention is to achieve a modern-looking dwelling with references to Arab themes in architecture.<\/em><\/p>\n<p><em>As one of the premises of the project was to establish a play of light to achieve changing environments, large windows are established with vertical wooden slats, some fixed in areas of intense solar incidence and others with mobile systems with the possibility of closing all the upper facade or open like sliding windows.<\/em><\/p>\n<p><em>It is decided to use stone finishes, golden quarry for exterior walls creating a set of facade clumps. In the interior, the ivory cream marble is chosen for the floor of the entire large-format dwelling, and a set of walls, some plaster \u200b\u200band others with a chukum finish are laid out to highlight certain walls of visual importance, establishing a game ocher tones bathed with the play of changing light throughout the house.<\/em><\/p>\n<p><em>To integrate the large windows with the striped cedar wood slat system, anodized aluminum is used to achieve the resemblance to wood. To integrate the garage doors as well as the side access doors, the vertical slat system with different opening systems is unified.<\/em><\/p>\n<p><em>For the elements with water a water mirror is projected in the main access and a weeping wall in a backyard wall with views from the kitchen to convey sense of tranquility.<\/em><\/p>\n\n<div style=\"font-size: 0px; height: 0px; line-height: 0px; margin: 0; padding: 0; clear: both;\"><\/div><div style=\"margin-top: 0px; margin-bottom: 0px;\" class=\"sharethis-inline-share-buttons\" ><\/div>","protected":false},"excerpt":{"rendered":"<p>Lograr una vivienda de aspecto moderno con reminiscencias de temas \u00e1rabes en la arquitectura&#8230;<\/p>\n","protected":false},"author":1,"featured_media":27644,"comment_status":"closed","ping_status":"closed","sticky":false,"template":"","format":"standard","meta":{"_uag_custom_page_level_css":"","footnotes":""},"categories":[1,83],"tags":[3110,3111,4315,24,3113,4316,254],"class_list":["post-27643","post","type-post","status-publish","format-standard","has-post-thumbnail","hentry","category-proyecto","category-vivienda-unifamiliar","tag-coutino-ponce-arquitectos","tag-fabian-coutino","tag-ixtacomitan","tag-mexico","tag-tabasco","tag-villahermosa","tag-vivienda-unifamiliar-2","generate-columns","tablet-grid-50","mobile-grid-100","grid-parent","grid-50"],"yoast_head":"<!-- This site is optimized with the Yoast SEO plugin v27.3 - https:\/\/yoast.com\/product\/yoast-seo-wordpress\/ -->\n<title>Casa MG \/ Couti\u00f1o &amp; Ponce Arquitectos - Arquimaster<\/title>\n<meta name=\"robots\" content=\"index, follow, max-snippet:-1, max-image-preview:large, max-video-preview:-1\" \/>\n<link rel=\"canonical\" href=\"https:\/\/www.arquimaster.com.ar\/web\/casa-mg-coutino-ponce-arquitectos\/\" \/>\n<meta property=\"og:locale\" content=\"es_ES\" \/>\n<meta property=\"og:type\" content=\"article\" \/>\n<meta property=\"og:title\" content=\"Casa MG \/ Couti\u00f1o &amp; Ponce Arquitectos - Arquimaster\" \/>\n<meta property=\"og:description\" content=\"Lograr una vivienda de aspecto moderno con reminiscencias de temas \u00e1rabes en la arquitectura...\" \/>\n<meta property=\"og:url\" content=\"https:\/\/www.arquimaster.com.ar\/web\/casa-mg-coutino-ponce-arquitectos\/\" \/>\n<meta property=\"og:site_name\" content=\"Arquimaster\" \/>\n<meta property=\"article:publisher\" content=\"http:\/\/www.facebook.com\/ARQUIMASTER.com.ar\" \/>\n<meta property=\"article:published_time\" content=\"2017-10-19T23:08:56+00:00\" \/>\n<meta property=\"article:modified_time\" content=\"2017-10-21T23:23:35+00:00\" \/>\n<meta property=\"og:image\" content=\"https:\/\/www.arquimaster.com.ar\/web\/wp-content\/uploads\/2017\/10\/casa_mg_slide.jpg\" \/>\n\t<meta property=\"og:image:width\" content=\"642\" \/>\n\t<meta property=\"og:image:height\" content=\"336\" \/>\n\t<meta property=\"og:image:type\" content=\"image\/jpeg\" \/>\n<meta name=\"author\" content=\"Arquimaster\" \/>\n<meta name=\"twitter:card\" content=\"summary_large_image\" \/>\n<meta name=\"twitter:creator\" content=\"@arquimaster\" \/>\n<meta name=\"twitter:site\" content=\"@arquimaster\" \/>\n<meta name=\"twitter:label1\" content=\"Escrito por\" \/>\n\t<meta name=\"twitter:data1\" content=\"Arquimaster\" \/>\n\t<meta name=\"twitter:label2\" content=\"Tiempo de lectura\" \/>\n\t<meta name=\"twitter:data2\" content=\"5 minutos\" \/>\n<script type=\"application\/ld+json\" class=\"yoast-schema-graph\">{\"@context\":\"https:\\\/\\\/schema.org\",\"@graph\":[{\"@type\":\"Article\",\"@id\":\"https:\\\/\\\/www.arquimaster.com.ar\\\/web\\\/casa-mg-coutino-ponce-arquitectos\\\/#article\",\"isPartOf\":{\"@id\":\"https:\\\/\\\/www.arquimaster.com.ar\\\/web\\\/casa-mg-coutino-ponce-arquitectos\\\/\"},\"author\":{\"name\":\"Arquimaster\",\"@id\":\"https:\\\/\\\/www.arquimaster.com.ar\\\/web\\\/#\\\/schema\\\/person\\\/359e9f7c00193fcde068e0dd2ceb0028\"},\"headline\":\"Casa MG \\\/ Couti\u00f1o &#038; Ponce Arquitectos\",\"datePublished\":\"2017-10-19T23:08:56+00:00\",\"dateModified\":\"2017-10-21T23:23:35+00:00\",\"mainEntityOfPage\":{\"@id\":\"https:\\\/\\\/www.arquimaster.com.ar\\\/web\\\/casa-mg-coutino-ponce-arquitectos\\\/\"},\"wordCount\":1023,\"publisher\":{\"@id\":\"https:\\\/\\\/www.arquimaster.com.ar\\\/web\\\/#organization\"},\"image\":{\"@id\":\"https:\\\/\\\/www.arquimaster.com.ar\\\/web\\\/casa-mg-coutino-ponce-arquitectos\\\/#primaryimage\"},\"thumbnailUrl\":\"https:\\\/\\\/www.arquimaster.com.ar\\\/web\\\/wp-content\\\/uploads\\\/2017\\\/10\\\/casa_mg_slide.jpg\",\"keywords\":[\"Couti\u00f1o &amp; Ponce Arquitectos\",\"Fabi\u00e1n Couti\u00f1o\",\"Ixtacomit\u00e1n\",\"Mexico\",\"Tabasco\",\"Villahermosa\",\"vivienda unifamiliar\"],\"articleSection\":[\"Proyecto\",\"Vivienda unifamiliar y PH\"],\"inLanguage\":\"es\"},{\"@type\":\"WebPage\",\"@id\":\"https:\\\/\\\/www.arquimaster.com.ar\\\/web\\\/casa-mg-coutino-ponce-arquitectos\\\/\",\"url\":\"https:\\\/\\\/www.arquimaster.com.ar\\\/web\\\/casa-mg-coutino-ponce-arquitectos\\\/\",\"name\":\"Casa MG \\\/ Couti\u00f1o & Ponce Arquitectos - Arquimaster\",\"isPartOf\":{\"@id\":\"https:\\\/\\\/www.arquimaster.com.ar\\\/web\\\/#website\"},\"primaryImageOfPage\":{\"@id\":\"https:\\\/\\\/www.arquimaster.com.ar\\\/web\\\/casa-mg-coutino-ponce-arquitectos\\\/#primaryimage\"},\"image\":{\"@id\":\"https:\\\/\\\/www.arquimaster.com.ar\\\/web\\\/casa-mg-coutino-ponce-arquitectos\\\/#primaryimage\"},\"thumbnailUrl\":\"https:\\\/\\\/www.arquimaster.com.ar\\\/web\\\/wp-content\\\/uploads\\\/2017\\\/10\\\/casa_mg_slide.jpg\",\"datePublished\":\"2017-10-19T23:08:56+00:00\",\"dateModified\":\"2017-10-21T23:23:35+00:00\",\"breadcrumb\":{\"@id\":\"https:\\\/\\\/www.arquimaster.com.ar\\\/web\\\/casa-mg-coutino-ponce-arquitectos\\\/#breadcrumb\"},\"inLanguage\":\"es\",\"potentialAction\":[{\"@type\":\"ReadAction\",\"target\":[\"https:\\\/\\\/www.arquimaster.com.ar\\\/web\\\/casa-mg-coutino-ponce-arquitectos\\\/\"]}]},{\"@type\":\"ImageObject\",\"inLanguage\":\"es\",\"@id\":\"https:\\\/\\\/www.arquimaster.com.ar\\\/web\\\/casa-mg-coutino-ponce-arquitectos\\\/#primaryimage\",\"url\":\"https:\\\/\\\/www.arquimaster.com.ar\\\/web\\\/wp-content\\\/uploads\\\/2017\\\/10\\\/casa_mg_slide.jpg\",\"contentUrl\":\"https:\\\/\\\/www.arquimaster.com.ar\\\/web\\\/wp-content\\\/uploads\\\/2017\\\/10\\\/casa_mg_slide.jpg\",\"width\":642,\"height\":336},{\"@type\":\"BreadcrumbList\",\"@id\":\"https:\\\/\\\/www.arquimaster.com.ar\\\/web\\\/casa-mg-coutino-ponce-arquitectos\\\/#breadcrumb\",\"itemListElement\":[{\"@type\":\"ListItem\",\"position\":1,\"name\":\"Portada\",\"item\":\"https:\\\/\\\/www.arquimaster.com.ar\\\/web\\\/\"},{\"@type\":\"ListItem\",\"position\":2,\"name\":\"Casa MG \\\/ Couti\u00f1o &#038; Ponce Arquitectos\"}]},{\"@type\":\"WebSite\",\"@id\":\"https:\\\/\\\/www.arquimaster.com.ar\\\/web\\\/#website\",\"url\":\"https:\\\/\\\/www.arquimaster.com.ar\\\/web\\\/\",\"name\":\"Arquimaster\",\"description\":\"Web de arquitectura, dise\u00f1o y construccion\",\"publisher\":{\"@id\":\"https:\\\/\\\/www.arquimaster.com.ar\\\/web\\\/#organization\"},\"potentialAction\":[{\"@type\":\"SearchAction\",\"target\":{\"@type\":\"EntryPoint\",\"urlTemplate\":\"https:\\\/\\\/www.arquimaster.com.ar\\\/web\\\/?s={search_term_string}\"},\"query-input\":{\"@type\":\"PropertyValueSpecification\",\"valueRequired\":true,\"valueName\":\"search_term_string\"}}],\"inLanguage\":\"es\"},{\"@type\":\"Organization\",\"@id\":\"https:\\\/\\\/www.arquimaster.com.ar\\\/web\\\/#organization\",\"name\":\"Arquimaster\",\"url\":\"https:\\\/\\\/www.arquimaster.com.ar\\\/web\\\/\",\"logo\":{\"@type\":\"ImageObject\",\"inLanguage\":\"es\",\"@id\":\"https:\\\/\\\/www.arquimaster.com.ar\\\/web\\\/#\\\/schema\\\/logo\\\/image\\\/\",\"url\":\"https:\\\/\\\/www.arquimaster.com.ar\\\/web\\\/wp-content\\\/uploads\\\/2022\\\/06\\\/arquimaster.png\",\"contentUrl\":\"https:\\\/\\\/www.arquimaster.com.ar\\\/web\\\/wp-content\\\/uploads\\\/2022\\\/06\\\/arquimaster.png\",\"width\":594,\"height\":78,\"caption\":\"Arquimaster\"},\"image\":{\"@id\":\"https:\\\/\\\/www.arquimaster.com.ar\\\/web\\\/#\\\/schema\\\/logo\\\/image\\\/\"},\"sameAs\":[\"http:\\\/\\\/www.facebook.com\\\/ARQUIMASTER.com.ar\",\"https:\\\/\\\/x.com\\\/arquimaster\",\"https:\\\/\\\/www.instagram.com\\\/arquimasterblog\\\/\",\"https:\\\/\\\/www.linkedin.com\\\/company\\\/arquimaster\",\"https:\\\/\\\/www.pinterest.com\\\/arquimaster\",\"https:\\\/\\\/t.me\\\/arquimaster\"]},{\"@type\":\"Person\",\"@id\":\"https:\\\/\\\/www.arquimaster.com.ar\\\/web\\\/#\\\/schema\\\/person\\\/359e9f7c00193fcde068e0dd2ceb0028\",\"name\":\"Arquimaster\"}]}<\/script>\n<!-- \/ Yoast SEO plugin. -->","yoast_head_json":{"title":"Casa MG \/ Couti\u00f1o & Ponce Arquitectos - Arquimaster","robots":{"index":"index","follow":"follow","max-snippet":"max-snippet:-1","max-image-preview":"max-image-preview:large","max-video-preview":"max-video-preview:-1"},"canonical":"https:\/\/www.arquimaster.com.ar\/web\/casa-mg-coutino-ponce-arquitectos\/","og_locale":"es_ES","og_type":"article","og_title":"Casa MG \/ Couti\u00f1o & Ponce Arquitectos - Arquimaster","og_description":"Lograr una vivienda de aspecto moderno con reminiscencias de temas \u00e1rabes en la arquitectura...","og_url":"https:\/\/www.arquimaster.com.ar\/web\/casa-mg-coutino-ponce-arquitectos\/","og_site_name":"Arquimaster","article_publisher":"http:\/\/www.facebook.com\/ARQUIMASTER.com.ar","article_published_time":"2017-10-19T23:08:56+00:00","article_modified_time":"2017-10-21T23:23:35+00:00","og_image":[{"width":642,"height":336,"url":"https:\/\/www.arquimaster.com.ar\/web\/wp-content\/uploads\/2017\/10\/casa_mg_slide.jpg","type":"image\/jpeg"}],"author":"Arquimaster","twitter_card":"summary_large_image","twitter_creator":"@arquimaster","twitter_site":"@arquimaster","twitter_misc":{"Escrito por":"Arquimaster","Tiempo de lectura":"5 minutos"},"schema":{"@context":"https:\/\/schema.org","@graph":[{"@type":"Article","@id":"https:\/\/www.arquimaster.com.ar\/web\/casa-mg-coutino-ponce-arquitectos\/#article","isPartOf":{"@id":"https:\/\/www.arquimaster.com.ar\/web\/casa-mg-coutino-ponce-arquitectos\/"},"author":{"name":"Arquimaster","@id":"https:\/\/www.arquimaster.com.ar\/web\/#\/schema\/person\/359e9f7c00193fcde068e0dd2ceb0028"},"headline":"Casa MG \/ Couti\u00f1o &#038; Ponce Arquitectos","datePublished":"2017-10-19T23:08:56+00:00","dateModified":"2017-10-21T23:23:35+00:00","mainEntityOfPage":{"@id":"https:\/\/www.arquimaster.com.ar\/web\/casa-mg-coutino-ponce-arquitectos\/"},"wordCount":1023,"publisher":{"@id":"https:\/\/www.arquimaster.com.ar\/web\/#organization"},"image":{"@id":"https:\/\/www.arquimaster.com.ar\/web\/casa-mg-coutino-ponce-arquitectos\/#primaryimage"},"thumbnailUrl":"https:\/\/www.arquimaster.com.ar\/web\/wp-content\/uploads\/2017\/10\/casa_mg_slide.jpg","keywords":["Couti\u00f1o &amp; Ponce Arquitectos","Fabi\u00e1n Couti\u00f1o","Ixtacomit\u00e1n","Mexico","Tabasco","Villahermosa","vivienda unifamiliar"],"articleSection":["Proyecto","Vivienda unifamiliar y PH"],"inLanguage":"es"},{"@type":"WebPage","@id":"https:\/\/www.arquimaster.com.ar\/web\/casa-mg-coutino-ponce-arquitectos\/","url":"https:\/\/www.arquimaster.com.ar\/web\/casa-mg-coutino-ponce-arquitectos\/","name":"Casa MG \/ Couti\u00f1o & Ponce Arquitectos - Arquimaster","isPartOf":{"@id":"https:\/\/www.arquimaster.com.ar\/web\/#website"},"primaryImageOfPage":{"@id":"https:\/\/www.arquimaster.com.ar\/web\/casa-mg-coutino-ponce-arquitectos\/#primaryimage"},"image":{"@id":"https:\/\/www.arquimaster.com.ar\/web\/casa-mg-coutino-ponce-arquitectos\/#primaryimage"},"thumbnailUrl":"https:\/\/www.arquimaster.com.ar\/web\/wp-content\/uploads\/2017\/10\/casa_mg_slide.jpg","datePublished":"2017-10-19T23:08:56+00:00","dateModified":"2017-10-21T23:23:35+00:00","breadcrumb":{"@id":"https:\/\/www.arquimaster.com.ar\/web\/casa-mg-coutino-ponce-arquitectos\/#breadcrumb"},"inLanguage":"es","potentialAction":[{"@type":"ReadAction","target":["https:\/\/www.arquimaster.com.ar\/web\/casa-mg-coutino-ponce-arquitectos\/"]}]},{"@type":"ImageObject","inLanguage":"es","@id":"https:\/\/www.arquimaster.com.ar\/web\/casa-mg-coutino-ponce-arquitectos\/#primaryimage","url":"https:\/\/www.arquimaster.com.ar\/web\/wp-content\/uploads\/2017\/10\/casa_mg_slide.jpg","contentUrl":"https:\/\/www.arquimaster.com.ar\/web\/wp-content\/uploads\/2017\/10\/casa_mg_slide.jpg","width":642,"height":336},{"@type":"BreadcrumbList","@id":"https:\/\/www.arquimaster.com.ar\/web\/casa-mg-coutino-ponce-arquitectos\/#breadcrumb","itemListElement":[{"@type":"ListItem","position":1,"name":"Portada","item":"https:\/\/www.arquimaster.com.ar\/web\/"},{"@type":"ListItem","position":2,"name":"Casa MG \/ Couti\u00f1o &#038; Ponce Arquitectos"}]},{"@type":"WebSite","@id":"https:\/\/www.arquimaster.com.ar\/web\/#website","url":"https:\/\/www.arquimaster.com.ar\/web\/","name":"Arquimaster","description":"Web de arquitectura, dise\u00f1o y construccion","publisher":{"@id":"https:\/\/www.arquimaster.com.ar\/web\/#organization"},"potentialAction":[{"@type":"SearchAction","target":{"@type":"EntryPoint","urlTemplate":"https:\/\/www.arquimaster.com.ar\/web\/?s={search_term_string}"},"query-input":{"@type":"PropertyValueSpecification","valueRequired":true,"valueName":"search_term_string"}}],"inLanguage":"es"},{"@type":"Organization","@id":"https:\/\/www.arquimaster.com.ar\/web\/#organization","name":"Arquimaster","url":"https:\/\/www.arquimaster.com.ar\/web\/","logo":{"@type":"ImageObject","inLanguage":"es","@id":"https:\/\/www.arquimaster.com.ar\/web\/#\/schema\/logo\/image\/","url":"https:\/\/www.arquimaster.com.ar\/web\/wp-content\/uploads\/2022\/06\/arquimaster.png","contentUrl":"https:\/\/www.arquimaster.com.ar\/web\/wp-content\/uploads\/2022\/06\/arquimaster.png","width":594,"height":78,"caption":"Arquimaster"},"image":{"@id":"https:\/\/www.arquimaster.com.ar\/web\/#\/schema\/logo\/image\/"},"sameAs":["http:\/\/www.facebook.com\/ARQUIMASTER.com.ar","https:\/\/x.com\/arquimaster","https:\/\/www.instagram.com\/arquimasterblog\/","https:\/\/www.linkedin.com\/company\/arquimaster","https:\/\/www.pinterest.com\/arquimaster","https:\/\/t.me\/arquimaster"]},{"@type":"Person","@id":"https:\/\/www.arquimaster.com.ar\/web\/#\/schema\/person\/359e9f7c00193fcde068e0dd2ceb0028","name":"Arquimaster"}]}},"uagb_featured_image_src":{"full":["https:\/\/www.arquimaster.com.ar\/web\/wp-content\/uploads\/2017\/10\/casa_mg_slide.jpg",642,336,false],"thumbnail":["https:\/\/www.arquimaster.com.ar\/web\/wp-content\/uploads\/2017\/10\/casa_mg_slide-150x150.jpg",150,150,true],"medium":["https:\/\/www.arquimaster.com.ar\/web\/wp-content\/uploads\/2017\/10\/casa_mg_slide.jpg",642,336,false],"medium_large":["https:\/\/www.arquimaster.com.ar\/web\/wp-content\/uploads\/2017\/10\/casa_mg_slide.jpg",642,336,false],"large":["https:\/\/www.arquimaster.com.ar\/web\/wp-content\/uploads\/2017\/10\/casa_mg_slide.jpg",642,336,false],"1536x1536":["https:\/\/www.arquimaster.com.ar\/web\/wp-content\/uploads\/2017\/10\/casa_mg_slide.jpg",642,336,false],"2048x2048":["https:\/\/www.arquimaster.com.ar\/web\/wp-content\/uploads\/2017\/10\/casa_mg_slide.jpg",642,336,false]},"uagb_author_info":{"display_name":"Arquimaster","author_link":"https:\/\/www.arquimaster.com.ar\/web\/author\/arquimaster\/"},"uagb_comment_info":0,"uagb_excerpt":"Lograr una vivienda de aspecto moderno con reminiscencias de temas \u00e1rabes en la arquitectura...","_links":{"self":[{"href":"https:\/\/www.arquimaster.com.ar\/web\/wp-json\/wp\/v2\/posts\/27643","targetHints":{"allow":["GET"]}}],"collection":[{"href":"https:\/\/www.arquimaster.com.ar\/web\/wp-json\/wp\/v2\/posts"}],"about":[{"href":"https:\/\/www.arquimaster.com.ar\/web\/wp-json\/wp\/v2\/types\/post"}],"author":[{"embeddable":true,"href":"https:\/\/www.arquimaster.com.ar\/web\/wp-json\/wp\/v2\/users\/1"}],"replies":[{"embeddable":true,"href":"https:\/\/www.arquimaster.com.ar\/web\/wp-json\/wp\/v2\/comments?post=27643"}],"version-history":[{"count":0,"href":"https:\/\/www.arquimaster.com.ar\/web\/wp-json\/wp\/v2\/posts\/27643\/revisions"}],"wp:featuredmedia":[{"embeddable":true,"href":"https:\/\/www.arquimaster.com.ar\/web\/wp-json\/wp\/v2\/media\/27644"}],"wp:attachment":[{"href":"https:\/\/www.arquimaster.com.ar\/web\/wp-json\/wp\/v2\/media?parent=27643"}],"wp:term":[{"taxonomy":"category","embeddable":true,"href":"https:\/\/www.arquimaster.com.ar\/web\/wp-json\/wp\/v2\/categories?post=27643"},{"taxonomy":"post_tag","embeddable":true,"href":"https:\/\/www.arquimaster.com.ar\/web\/wp-json\/wp\/v2\/tags?post=27643"}],"curies":[{"name":"wp","href":"https:\/\/api.w.org\/{rel}","templated":true}]}}