{"id":27750,"date":"2017-11-02T22:08:01","date_gmt":"2017-11-02T22:08:01","guid":{"rendered":"http:\/\/www.arquimaster.com.ar\/web\/?p=27750"},"modified":"2017-11-06T01:20:41","modified_gmt":"2017-11-06T01:20:41","slug":"apartamento-en-ciutat-vella-ylab-arquitectos","status":"publish","type":"post","link":"https:\/\/www.arquimaster.com.ar\/web\/apartamento-en-ciutat-vella-ylab-arquitectos\/","title":{"rendered":"Apartamento en Ciutat Vella \/ YLAB Arquitectos"},"content":{"rendered":"<div style=\"margin-top: 0px; margin-bottom: 0px;\" class=\"sharethis-inline-share-buttons\" ><\/div><div class=\"b812932af2e751442846f039925109de\" data-index=\"1\" style=\"float: none; margin:25px 0 25px 0; text-align:center;\">\n<script async src=\"https:\/\/pagead2.googlesyndication.com\/pagead\/js\/adsbygoogle.js\"><\/script>\r\n<!-- Arquimaster (superior) -->\r\n<ins class=\"adsbygoogle\"\r\n     style=\"display:block\"\r\n     data-ad-client=\"ca-pub-6351072698456832\"\r\n     data-ad-slot=\"6455489680\"\r\n     data-ad-format=\"auto\"\r\n     data-full-width-responsive=\"true\"><\/ins>\r\n<script>\r\n     (adsbygoogle = window.adsbygoogle || []).push({});\r\n<\/script>\n<\/div>\n<p><strong>Apartamento en Ciutat Vella<\/strong> (Barcelona) por <strong>YLAB Arquitectos<\/strong>. Esta vivienda fue mostrada al p\u00fablico durante la pasada Barcelona Design Week 2017. El evento cont\u00f3 con la colaboraci\u00f3n de prestigiosas marcas que colaboraron en la puesta a punto del espacio como Danzer, ACO Iberia, Uniba\u00f1o Unlimited Inspiration, Griferia Tres (Vallirana), Gunni &amp; Trentino, Bossini-Cristina, New Bordonabe, Euromoble de Bru, Victor Lope Arte Contemporaneo, Nani Marquina, Puntmobles y Carpyen.<\/p>\n<div id='gallery-1' class='gallery galleryid-27750 gallery-columns-3 gallery-size-thumbnail'><figure class='gallery-item'>\n\t\t\t<div class='gallery-icon landscape'>\n\t\t\t\t<a href='https:\/\/www.arquimaster.com.ar\/web\/wp-content\/uploads\/2017\/11\/apartamento_ciutat_vella1.jpg' title=\"Apartamento en Ciutat Vella \/ YLAB Arquitectos (\u00a9 Tobias Laarmann)\" data-rl_title=\"Apartamento en Ciutat Vella \/ YLAB Arquitectos (\u00a9 Tobias Laarmann)\" class=\"rl-gallery-link\" data-rl_caption=\"Apartamento en Ciutat Vella \/ YLAB Arquitectos (\u00a9 Tobias Laarmann)\" data-rel=\"lightbox-gallery-1\"><img loading=\"lazy\" decoding=\"async\" width=\"150\" height=\"150\" src=\"https:\/\/www.arquimaster.com.ar\/web\/wp-content\/uploads\/2017\/11\/apartamento_ciutat_vella1-150x150.jpg\" class=\"attachment-thumbnail size-thumbnail\" alt=\"\" aria-describedby=\"gallery-1-27752\" srcset=\"https:\/\/www.arquimaster.com.ar\/web\/wp-content\/uploads\/2017\/11\/apartamento_ciutat_vella1-150x150.jpg 150w, https:\/\/www.arquimaster.com.ar\/web\/wp-content\/uploads\/2017\/11\/apartamento_ciutat_vella1-50x50.jpg 50w, https:\/\/www.arquimaster.com.ar\/web\/wp-content\/uploads\/2017\/11\/apartamento_ciutat_vella1-125x125.jpg 125w\" sizes=\"auto, (max-width: 150px) 100vw, 150px\" \/><\/a>\n\t\t\t<\/div>\n\t\t\t\t<figcaption class='wp-caption-text gallery-caption' id='gallery-1-27752'>\n\t\t\t\tApartamento en Ciutat Vella \/ YLAB Arquitectos (\u00a9 Tobias Laarmann)\n\t\t\t\t<\/figcaption><\/figure><figure class='gallery-item'>\n\t\t\t<div class='gallery-icon landscape'>\n\t\t\t\t<a href='https:\/\/www.arquimaster.com.ar\/web\/wp-content\/uploads\/2017\/11\/apartamento_ciutat_vella2.jpg' title=\"Apartamento en Ciutat Vella \/ YLAB Arquitectos (\u00a9 Tobias Laarmann)\" data-rl_title=\"Apartamento en Ciutat Vella \/ YLAB Arquitectos (\u00a9 Tobias Laarmann)\" class=\"rl-gallery-link\" data-rl_caption=\"Apartamento en Ciutat Vella \/ YLAB Arquitectos (\u00a9 Tobias Laarmann)\" data-rel=\"lightbox-gallery-1\"><img loading=\"lazy\" decoding=\"async\" width=\"150\" height=\"150\" src=\"https:\/\/www.arquimaster.com.ar\/web\/wp-content\/uploads\/2017\/11\/apartamento_ciutat_vella2-150x150.jpg\" class=\"attachment-thumbnail size-thumbnail\" alt=\"\" aria-describedby=\"gallery-1-27753\" srcset=\"https:\/\/www.arquimaster.com.ar\/web\/wp-content\/uploads\/2017\/11\/apartamento_ciutat_vella2-150x150.jpg 150w, https:\/\/www.arquimaster.com.ar\/web\/wp-content\/uploads\/2017\/11\/apartamento_ciutat_vella2-50x50.jpg 50w, https:\/\/www.arquimaster.com.ar\/web\/wp-content\/uploads\/2017\/11\/apartamento_ciutat_vella2-125x125.jpg 125w\" sizes=\"auto, (max-width: 150px) 100vw, 150px\" \/><\/a>\n\t\t\t<\/div>\n\t\t\t\t<figcaption class='wp-caption-text gallery-caption' id='gallery-1-27753'>\n\t\t\t\tApartamento en Ciutat Vella \/ YLAB Arquitectos (\u00a9 Tobias Laarmann)\n\t\t\t\t<\/figcaption><\/figure><figure class='gallery-item'>\n\t\t\t<div class='gallery-icon landscape'>\n\t\t\t\t<a href='https:\/\/www.arquimaster.com.ar\/web\/wp-content\/uploads\/2017\/11\/apartamento_ciutat_vella3.jpg' title=\"Apartamento en Ciutat Vella \/ YLAB Arquitectos (\u00a9 Tobias Laarmann)\" data-rl_title=\"Apartamento en Ciutat Vella \/ YLAB Arquitectos (\u00a9 Tobias Laarmann)\" class=\"rl-gallery-link\" data-rl_caption=\"Apartamento en Ciutat Vella \/ YLAB Arquitectos (\u00a9 Tobias Laarmann)\" data-rel=\"lightbox-gallery-1\"><img loading=\"lazy\" decoding=\"async\" width=\"150\" height=\"150\" src=\"https:\/\/www.arquimaster.com.ar\/web\/wp-content\/uploads\/2017\/11\/apartamento_ciutat_vella3-150x150.jpg\" class=\"attachment-thumbnail size-thumbnail\" alt=\"\" aria-describedby=\"gallery-1-27754\" srcset=\"https:\/\/www.arquimaster.com.ar\/web\/wp-content\/uploads\/2017\/11\/apartamento_ciutat_vella3-150x150.jpg 150w, https:\/\/www.arquimaster.com.ar\/web\/wp-content\/uploads\/2017\/11\/apartamento_ciutat_vella3-50x50.jpg 50w, https:\/\/www.arquimaster.com.ar\/web\/wp-content\/uploads\/2017\/11\/apartamento_ciutat_vella3-125x125.jpg 125w\" sizes=\"auto, (max-width: 150px) 100vw, 150px\" \/><\/a>\n\t\t\t<\/div>\n\t\t\t\t<figcaption class='wp-caption-text gallery-caption' id='gallery-1-27754'>\n\t\t\t\tApartamento en Ciutat Vella \/ YLAB Arquitectos (\u00a9 Tobias Laarmann)\n\t\t\t\t<\/figcaption><\/figure><figure class='gallery-item'>\n\t\t\t<div class='gallery-icon portrait'>\n\t\t\t\t<a href='https:\/\/www.arquimaster.com.ar\/web\/wp-content\/uploads\/2017\/11\/apartamento_ciutat_vella4.jpg' title=\"Apartamento en Ciutat Vella \/ YLAB Arquitectos (\u00a9 Tobias Laarmann)\" data-rl_title=\"Apartamento en Ciutat Vella \/ YLAB Arquitectos (\u00a9 Tobias Laarmann)\" class=\"rl-gallery-link\" data-rl_caption=\"Apartamento en Ciutat Vella \/ YLAB Arquitectos (\u00a9 Tobias Laarmann)\" data-rel=\"lightbox-gallery-1\"><img loading=\"lazy\" decoding=\"async\" width=\"150\" height=\"150\" src=\"https:\/\/www.arquimaster.com.ar\/web\/wp-content\/uploads\/2017\/11\/apartamento_ciutat_vella4-150x150.jpg\" class=\"attachment-thumbnail size-thumbnail\" alt=\"\" aria-describedby=\"gallery-1-27755\" srcset=\"https:\/\/www.arquimaster.com.ar\/web\/wp-content\/uploads\/2017\/11\/apartamento_ciutat_vella4-150x150.jpg 150w, https:\/\/www.arquimaster.com.ar\/web\/wp-content\/uploads\/2017\/11\/apartamento_ciutat_vella4-50x50.jpg 50w, https:\/\/www.arquimaster.com.ar\/web\/wp-content\/uploads\/2017\/11\/apartamento_ciutat_vella4-125x125.jpg 125w\" sizes=\"auto, (max-width: 150px) 100vw, 150px\" \/><\/a>\n\t\t\t<\/div>\n\t\t\t\t<figcaption class='wp-caption-text gallery-caption' id='gallery-1-27755'>\n\t\t\t\tApartamento en Ciutat Vella \/ YLAB Arquitectos (\u00a9 Tobias Laarmann)\n\t\t\t\t<\/figcaption><\/figure><figure class='gallery-item'>\n\t\t\t<div class='gallery-icon portrait'>\n\t\t\t\t<a href='https:\/\/www.arquimaster.com.ar\/web\/wp-content\/uploads\/2017\/11\/apartamento_ciutat_vella5.jpg' title=\"Apartamento en Ciutat Vella \/ YLAB Arquitectos (\u00a9 Tobias Laarmann)\" data-rl_title=\"Apartamento en Ciutat Vella \/ YLAB Arquitectos (\u00a9 Tobias Laarmann)\" class=\"rl-gallery-link\" data-rl_caption=\"Apartamento en Ciutat Vella \/ YLAB Arquitectos (\u00a9 Tobias Laarmann)\" data-rel=\"lightbox-gallery-1\"><img loading=\"lazy\" decoding=\"async\" width=\"150\" height=\"150\" src=\"https:\/\/www.arquimaster.com.ar\/web\/wp-content\/uploads\/2017\/11\/apartamento_ciutat_vella5-150x150.jpg\" class=\"attachment-thumbnail size-thumbnail\" alt=\"\" aria-describedby=\"gallery-1-27756\" srcset=\"https:\/\/www.arquimaster.com.ar\/web\/wp-content\/uploads\/2017\/11\/apartamento_ciutat_vella5-150x150.jpg 150w, https:\/\/www.arquimaster.com.ar\/web\/wp-content\/uploads\/2017\/11\/apartamento_ciutat_vella5-50x50.jpg 50w, https:\/\/www.arquimaster.com.ar\/web\/wp-content\/uploads\/2017\/11\/apartamento_ciutat_vella5-125x125.jpg 125w\" sizes=\"auto, (max-width: 150px) 100vw, 150px\" \/><\/a>\n\t\t\t<\/div>\n\t\t\t\t<figcaption class='wp-caption-text gallery-caption' id='gallery-1-27756'>\n\t\t\t\tApartamento en Ciutat Vella \/ YLAB Arquitectos (\u00a9 Tobias Laarmann)\n\t\t\t\t<\/figcaption><\/figure><figure class='gallery-item'>\n\t\t\t<div class='gallery-icon portrait'>\n\t\t\t\t<a href='https:\/\/www.arquimaster.com.ar\/web\/wp-content\/uploads\/2017\/11\/apartamento_ciutat_vella6.jpg' title=\"Apartamento en Ciutat Vella \/ YLAB Arquitectos (\u00a9 Tobias Laarmann)\" data-rl_title=\"Apartamento en Ciutat Vella \/ YLAB Arquitectos (\u00a9 Tobias Laarmann)\" class=\"rl-gallery-link\" data-rl_caption=\"Apartamento en Ciutat Vella \/ YLAB Arquitectos (\u00a9 Tobias Laarmann)\" data-rel=\"lightbox-gallery-1\"><img loading=\"lazy\" decoding=\"async\" width=\"150\" height=\"150\" src=\"https:\/\/www.arquimaster.com.ar\/web\/wp-content\/uploads\/2017\/11\/apartamento_ciutat_vella6-150x150.jpg\" class=\"attachment-thumbnail size-thumbnail\" alt=\"\" aria-describedby=\"gallery-1-27757\" srcset=\"https:\/\/www.arquimaster.com.ar\/web\/wp-content\/uploads\/2017\/11\/apartamento_ciutat_vella6-150x150.jpg 150w, https:\/\/www.arquimaster.com.ar\/web\/wp-content\/uploads\/2017\/11\/apartamento_ciutat_vella6-50x50.jpg 50w, https:\/\/www.arquimaster.com.ar\/web\/wp-content\/uploads\/2017\/11\/apartamento_ciutat_vella6-125x125.jpg 125w\" sizes=\"auto, (max-width: 150px) 100vw, 150px\" \/><\/a>\n\t\t\t<\/div>\n\t\t\t\t<figcaption class='wp-caption-text gallery-caption' id='gallery-1-27757'>\n\t\t\t\tApartamento en Ciutat Vella \/ YLAB Arquitectos (\u00a9 Tobias Laarmann)\n\t\t\t\t<\/figcaption><\/figure><figure class='gallery-item'>\n\t\t\t<div class='gallery-icon landscape'>\n\t\t\t\t<a href='https:\/\/www.arquimaster.com.ar\/web\/wp-content\/uploads\/2017\/11\/apartamento_ciutat_vella7.jpg' title=\"Apartamento en Ciutat Vella \/ YLAB Arquitectos (\u00a9 Tobias Laarmann)\" data-rl_title=\"Apartamento en Ciutat Vella \/ YLAB Arquitectos (\u00a9 Tobias Laarmann)\" class=\"rl-gallery-link\" data-rl_caption=\"Apartamento en Ciutat Vella \/ YLAB Arquitectos (\u00a9 Tobias Laarmann)\" data-rel=\"lightbox-gallery-1\"><img loading=\"lazy\" decoding=\"async\" width=\"150\" height=\"150\" src=\"https:\/\/www.arquimaster.com.ar\/web\/wp-content\/uploads\/2017\/11\/apartamento_ciutat_vella7-150x150.jpg\" class=\"attachment-thumbnail size-thumbnail\" alt=\"\" aria-describedby=\"gallery-1-27758\" srcset=\"https:\/\/www.arquimaster.com.ar\/web\/wp-content\/uploads\/2017\/11\/apartamento_ciutat_vella7-150x150.jpg 150w, https:\/\/www.arquimaster.com.ar\/web\/wp-content\/uploads\/2017\/11\/apartamento_ciutat_vella7-50x50.jpg 50w, https:\/\/www.arquimaster.com.ar\/web\/wp-content\/uploads\/2017\/11\/apartamento_ciutat_vella7-125x125.jpg 125w\" sizes=\"auto, (max-width: 150px) 100vw, 150px\" \/><\/a>\n\t\t\t<\/div>\n\t\t\t\t<figcaption class='wp-caption-text gallery-caption' id='gallery-1-27758'>\n\t\t\t\tApartamento en Ciutat Vella \/ YLAB Arquitectos (\u00a9 Tobias Laarmann)\n\t\t\t\t<\/figcaption><\/figure><figure class='gallery-item'>\n\t\t\t<div class='gallery-icon portrait'>\n\t\t\t\t<a href='https:\/\/www.arquimaster.com.ar\/web\/wp-content\/uploads\/2017\/11\/apartamento_ciutat_vella8.jpg' title=\"Apartamento en Ciutat Vella \/ YLAB Arquitectos (\u00a9 Tobias Laarmann)\" data-rl_title=\"Apartamento en Ciutat Vella \/ YLAB Arquitectos (\u00a9 Tobias Laarmann)\" class=\"rl-gallery-link\" data-rl_caption=\"Apartamento en Ciutat Vella \/ YLAB Arquitectos (\u00a9 Tobias Laarmann)\" data-rel=\"lightbox-gallery-1\"><img loading=\"lazy\" decoding=\"async\" width=\"150\" height=\"150\" src=\"https:\/\/www.arquimaster.com.ar\/web\/wp-content\/uploads\/2017\/11\/apartamento_ciutat_vella8-150x150.jpg\" class=\"attachment-thumbnail size-thumbnail\" alt=\"\" aria-describedby=\"gallery-1-27759\" srcset=\"https:\/\/www.arquimaster.com.ar\/web\/wp-content\/uploads\/2017\/11\/apartamento_ciutat_vella8-150x150.jpg 150w, https:\/\/www.arquimaster.com.ar\/web\/wp-content\/uploads\/2017\/11\/apartamento_ciutat_vella8-50x50.jpg 50w, https:\/\/www.arquimaster.com.ar\/web\/wp-content\/uploads\/2017\/11\/apartamento_ciutat_vella8-125x125.jpg 125w\" sizes=\"auto, (max-width: 150px) 100vw, 150px\" \/><\/a>\n\t\t\t<\/div>\n\t\t\t\t<figcaption class='wp-caption-text gallery-caption' id='gallery-1-27759'>\n\t\t\t\tApartamento en Ciutat Vella \/ YLAB Arquitectos (\u00a9 Tobias Laarmann)\n\t\t\t\t<\/figcaption><\/figure><figure class='gallery-item'>\n\t\t\t<div class='gallery-icon portrait'>\n\t\t\t\t<a href='https:\/\/www.arquimaster.com.ar\/web\/wp-content\/uploads\/2017\/11\/apartamento_ciutat_vella9.jpg' title=\"Apartamento en Ciutat Vella \/ YLAB Arquitectos (\u00a9 Tobias Laarmann)\" data-rl_title=\"Apartamento en Ciutat Vella \/ YLAB Arquitectos (\u00a9 Tobias Laarmann)\" class=\"rl-gallery-link\" data-rl_caption=\"Apartamento en Ciutat Vella \/ YLAB Arquitectos (\u00a9 Tobias Laarmann)\" data-rel=\"lightbox-gallery-1\"><img loading=\"lazy\" decoding=\"async\" width=\"150\" height=\"150\" src=\"https:\/\/www.arquimaster.com.ar\/web\/wp-content\/uploads\/2017\/11\/apartamento_ciutat_vella9-150x150.jpg\" class=\"attachment-thumbnail size-thumbnail\" alt=\"\" aria-describedby=\"gallery-1-27760\" srcset=\"https:\/\/www.arquimaster.com.ar\/web\/wp-content\/uploads\/2017\/11\/apartamento_ciutat_vella9-150x150.jpg 150w, https:\/\/www.arquimaster.com.ar\/web\/wp-content\/uploads\/2017\/11\/apartamento_ciutat_vella9-50x50.jpg 50w, https:\/\/www.arquimaster.com.ar\/web\/wp-content\/uploads\/2017\/11\/apartamento_ciutat_vella9-125x125.jpg 125w\" sizes=\"auto, (max-width: 150px) 100vw, 150px\" \/><\/a>\n\t\t\t<\/div>\n\t\t\t\t<figcaption class='wp-caption-text gallery-caption' id='gallery-1-27760'>\n\t\t\t\tApartamento en Ciutat Vella \/ YLAB Arquitectos (\u00a9 Tobias Laarmann)\n\t\t\t\t<\/figcaption><\/figure><figure class='gallery-item'>\n\t\t\t<div class='gallery-icon portrait'>\n\t\t\t\t<a href='https:\/\/www.arquimaster.com.ar\/web\/wp-content\/uploads\/2017\/11\/apartamento_ciutat_vella10.jpg' title=\"Apartamento en Ciutat Vella \/ YLAB Arquitectos (\u00a9 Tobias Laarmann)\" data-rl_title=\"Apartamento en Ciutat Vella \/ YLAB Arquitectos (\u00a9 Tobias Laarmann)\" class=\"rl-gallery-link\" data-rl_caption=\"Apartamento en Ciutat Vella \/ YLAB Arquitectos (\u00a9 Tobias Laarmann)\" data-rel=\"lightbox-gallery-1\"><img loading=\"lazy\" decoding=\"async\" width=\"150\" height=\"150\" src=\"https:\/\/www.arquimaster.com.ar\/web\/wp-content\/uploads\/2017\/11\/apartamento_ciutat_vella10-150x150.jpg\" class=\"attachment-thumbnail size-thumbnail\" alt=\"\" aria-describedby=\"gallery-1-27761\" srcset=\"https:\/\/www.arquimaster.com.ar\/web\/wp-content\/uploads\/2017\/11\/apartamento_ciutat_vella10-150x150.jpg 150w, https:\/\/www.arquimaster.com.ar\/web\/wp-content\/uploads\/2017\/11\/apartamento_ciutat_vella10-50x50.jpg 50w, https:\/\/www.arquimaster.com.ar\/web\/wp-content\/uploads\/2017\/11\/apartamento_ciutat_vella10-125x125.jpg 125w\" sizes=\"auto, (max-width: 150px) 100vw, 150px\" \/><\/a>\n\t\t\t<\/div>\n\t\t\t\t<figcaption class='wp-caption-text gallery-caption' id='gallery-1-27761'>\n\t\t\t\tApartamento en Ciutat Vella \/ YLAB Arquitectos (\u00a9 Tobias Laarmann)\n\t\t\t\t<\/figcaption><\/figure><figure class='gallery-item'>\n\t\t\t<div class='gallery-icon portrait'>\n\t\t\t\t<a href='https:\/\/www.arquimaster.com.ar\/web\/wp-content\/uploads\/2017\/11\/apartamento_ciutat_vella11.jpg' title=\"Apartamento en Ciutat Vella \/ YLAB Arquitectos (\u00a9 Tobias Laarmann)\" data-rl_title=\"Apartamento en Ciutat Vella \/ YLAB Arquitectos (\u00a9 Tobias Laarmann)\" class=\"rl-gallery-link\" data-rl_caption=\"Apartamento en Ciutat Vella \/ YLAB Arquitectos (\u00a9 Tobias Laarmann)\" data-rel=\"lightbox-gallery-1\"><img loading=\"lazy\" decoding=\"async\" width=\"150\" height=\"150\" src=\"https:\/\/www.arquimaster.com.ar\/web\/wp-content\/uploads\/2017\/11\/apartamento_ciutat_vella11-150x150.jpg\" class=\"attachment-thumbnail size-thumbnail\" alt=\"\" aria-describedby=\"gallery-1-27762\" srcset=\"https:\/\/www.arquimaster.com.ar\/web\/wp-content\/uploads\/2017\/11\/apartamento_ciutat_vella11-150x150.jpg 150w, https:\/\/www.arquimaster.com.ar\/web\/wp-content\/uploads\/2017\/11\/apartamento_ciutat_vella11-50x50.jpg 50w, https:\/\/www.arquimaster.com.ar\/web\/wp-content\/uploads\/2017\/11\/apartamento_ciutat_vella11-125x125.jpg 125w\" sizes=\"auto, (max-width: 150px) 100vw, 150px\" \/><\/a>\n\t\t\t<\/div>\n\t\t\t\t<figcaption class='wp-caption-text gallery-caption' id='gallery-1-27762'>\n\t\t\t\tApartamento en Ciutat Vella \/ YLAB Arquitectos (\u00a9 Tobias Laarmann)\n\t\t\t\t<\/figcaption><\/figure><figure class='gallery-item'>\n\t\t\t<div class='gallery-icon portrait'>\n\t\t\t\t<a href='https:\/\/www.arquimaster.com.ar\/web\/wp-content\/uploads\/2017\/11\/apartamento_ciutat_vella12.jpg' title=\"Apartamento en Ciutat Vella \/ YLAB Arquitectos (\u00a9 Tobias Laarmann)\" data-rl_title=\"Apartamento en Ciutat Vella \/ YLAB Arquitectos (\u00a9 Tobias Laarmann)\" class=\"rl-gallery-link\" data-rl_caption=\"Apartamento en Ciutat Vella \/ YLAB Arquitectos (\u00a9 Tobias Laarmann)\" data-rel=\"lightbox-gallery-1\"><img loading=\"lazy\" decoding=\"async\" width=\"150\" height=\"150\" src=\"https:\/\/www.arquimaster.com.ar\/web\/wp-content\/uploads\/2017\/11\/apartamento_ciutat_vella12-150x150.jpg\" class=\"attachment-thumbnail size-thumbnail\" alt=\"\" aria-describedby=\"gallery-1-27763\" srcset=\"https:\/\/www.arquimaster.com.ar\/web\/wp-content\/uploads\/2017\/11\/apartamento_ciutat_vella12-150x150.jpg 150w, https:\/\/www.arquimaster.com.ar\/web\/wp-content\/uploads\/2017\/11\/apartamento_ciutat_vella12-50x50.jpg 50w, https:\/\/www.arquimaster.com.ar\/web\/wp-content\/uploads\/2017\/11\/apartamento_ciutat_vella12-125x125.jpg 125w\" sizes=\"auto, (max-width: 150px) 100vw, 150px\" \/><\/a>\n\t\t\t<\/div>\n\t\t\t\t<figcaption class='wp-caption-text gallery-caption' id='gallery-1-27763'>\n\t\t\t\tApartamento en Ciutat Vella \/ YLAB Arquitectos (\u00a9 Tobias Laarmann)\n\t\t\t\t<\/figcaption><\/figure><figure class='gallery-item'>\n\t\t\t<div class='gallery-icon portrait'>\n\t\t\t\t<a href='https:\/\/www.arquimaster.com.ar\/web\/wp-content\/uploads\/2017\/11\/apartamento_ciutat_vella13.jpg' title=\"Apartamento en Ciutat Vella \/ YLAB Arquitectos (\u00a9 Tobias Laarmann)\" data-rl_title=\"Apartamento en Ciutat Vella \/ YLAB Arquitectos (\u00a9 Tobias Laarmann)\" class=\"rl-gallery-link\" data-rl_caption=\"Apartamento en Ciutat Vella \/ YLAB Arquitectos (\u00a9 Tobias Laarmann)\" data-rel=\"lightbox-gallery-1\"><img loading=\"lazy\" decoding=\"async\" width=\"150\" height=\"150\" src=\"https:\/\/www.arquimaster.com.ar\/web\/wp-content\/uploads\/2017\/11\/apartamento_ciutat_vella13-150x150.jpg\" class=\"attachment-thumbnail size-thumbnail\" alt=\"\" aria-describedby=\"gallery-1-27764\" srcset=\"https:\/\/www.arquimaster.com.ar\/web\/wp-content\/uploads\/2017\/11\/apartamento_ciutat_vella13-150x150.jpg 150w, https:\/\/www.arquimaster.com.ar\/web\/wp-content\/uploads\/2017\/11\/apartamento_ciutat_vella13-50x50.jpg 50w, https:\/\/www.arquimaster.com.ar\/web\/wp-content\/uploads\/2017\/11\/apartamento_ciutat_vella13-125x125.jpg 125w\" sizes=\"auto, (max-width: 150px) 100vw, 150px\" \/><\/a>\n\t\t\t<\/div>\n\t\t\t\t<figcaption class='wp-caption-text gallery-caption' id='gallery-1-27764'>\n\t\t\t\tApartamento en Ciutat Vella \/ YLAB Arquitectos (\u00a9 Tobias Laarmann)\n\t\t\t\t<\/figcaption><\/figure><figure class='gallery-item'>\n\t\t\t<div class='gallery-icon portrait'>\n\t\t\t\t<a href='https:\/\/www.arquimaster.com.ar\/web\/wp-content\/uploads\/2017\/11\/apartamento_ciutat_vella14.jpg' title=\"Apartamento en Ciutat Vella \/ YLAB Arquitectos (\u00a9 Tobias Laarmann)\" data-rl_title=\"Apartamento en Ciutat Vella \/ YLAB Arquitectos (\u00a9 Tobias Laarmann)\" class=\"rl-gallery-link\" data-rl_caption=\"Apartamento en Ciutat Vella \/ YLAB Arquitectos (\u00a9 Tobias Laarmann)\" data-rel=\"lightbox-gallery-1\"><img loading=\"lazy\" decoding=\"async\" width=\"150\" height=\"150\" src=\"https:\/\/www.arquimaster.com.ar\/web\/wp-content\/uploads\/2017\/11\/apartamento_ciutat_vella14-150x150.jpg\" class=\"attachment-thumbnail size-thumbnail\" alt=\"\" aria-describedby=\"gallery-1-27765\" srcset=\"https:\/\/www.arquimaster.com.ar\/web\/wp-content\/uploads\/2017\/11\/apartamento_ciutat_vella14-150x150.jpg 150w, https:\/\/www.arquimaster.com.ar\/web\/wp-content\/uploads\/2017\/11\/apartamento_ciutat_vella14-50x50.jpg 50w, https:\/\/www.arquimaster.com.ar\/web\/wp-content\/uploads\/2017\/11\/apartamento_ciutat_vella14-125x125.jpg 125w\" sizes=\"auto, (max-width: 150px) 100vw, 150px\" \/><\/a>\n\t\t\t<\/div>\n\t\t\t\t<figcaption class='wp-caption-text gallery-caption' id='gallery-1-27765'>\n\t\t\t\tApartamento en Ciutat Vella \/ YLAB Arquitectos (\u00a9 Tobias Laarmann)\n\t\t\t\t<\/figcaption><\/figure><figure class='gallery-item'>\n\t\t\t<div class='gallery-icon portrait'>\n\t\t\t\t<a href='https:\/\/www.arquimaster.com.ar\/web\/wp-content\/uploads\/2017\/11\/apartamento_ciutat_vella15.jpg' title=\"Apartamento en Ciutat Vella \/ YLAB Arquitectos (\u00a9 Tobias Laarmann)\" data-rl_title=\"Apartamento en Ciutat Vella \/ YLAB Arquitectos (\u00a9 Tobias Laarmann)\" class=\"rl-gallery-link\" data-rl_caption=\"Apartamento en Ciutat Vella \/ YLAB Arquitectos (\u00a9 Tobias Laarmann)\" data-rel=\"lightbox-gallery-1\"><img loading=\"lazy\" decoding=\"async\" width=\"150\" height=\"150\" src=\"https:\/\/www.arquimaster.com.ar\/web\/wp-content\/uploads\/2017\/11\/apartamento_ciutat_vella15-150x150.jpg\" class=\"attachment-thumbnail size-thumbnail\" alt=\"\" aria-describedby=\"gallery-1-27766\" srcset=\"https:\/\/www.arquimaster.com.ar\/web\/wp-content\/uploads\/2017\/11\/apartamento_ciutat_vella15-150x150.jpg 150w, https:\/\/www.arquimaster.com.ar\/web\/wp-content\/uploads\/2017\/11\/apartamento_ciutat_vella15-50x50.jpg 50w, https:\/\/www.arquimaster.com.ar\/web\/wp-content\/uploads\/2017\/11\/apartamento_ciutat_vella15-125x125.jpg 125w\" sizes=\"auto, (max-width: 150px) 100vw, 150px\" \/><\/a>\n\t\t\t<\/div>\n\t\t\t\t<figcaption class='wp-caption-text gallery-caption' id='gallery-1-27766'>\n\t\t\t\tApartamento en Ciutat Vella \/ YLAB Arquitectos (\u00a9 Tobias Laarmann)\n\t\t\t\t<\/figcaption><\/figure><figure class='gallery-item'>\n\t\t\t<div class='gallery-icon landscape'>\n\t\t\t\t<a href='https:\/\/www.arquimaster.com.ar\/web\/wp-content\/uploads\/2017\/11\/apartamento_ciutat_vella16.jpg' title=\"Apartamento en Ciutat Vella \/ YLAB Arquitectos (\u00a9 Tobias Laarmann)\" data-rl_title=\"Apartamento en Ciutat Vella \/ YLAB Arquitectos (\u00a9 Tobias Laarmann)\" class=\"rl-gallery-link\" data-rl_caption=\"Apartamento en Ciutat Vella \/ YLAB Arquitectos (\u00a9 Tobias Laarmann)\" data-rel=\"lightbox-gallery-1\"><img loading=\"lazy\" decoding=\"async\" width=\"150\" height=\"150\" src=\"https:\/\/www.arquimaster.com.ar\/web\/wp-content\/uploads\/2017\/11\/apartamento_ciutat_vella16-150x150.jpg\" class=\"attachment-thumbnail size-thumbnail\" alt=\"\" aria-describedby=\"gallery-1-27767\" srcset=\"https:\/\/www.arquimaster.com.ar\/web\/wp-content\/uploads\/2017\/11\/apartamento_ciutat_vella16-150x150.jpg 150w, https:\/\/www.arquimaster.com.ar\/web\/wp-content\/uploads\/2017\/11\/apartamento_ciutat_vella16-50x50.jpg 50w, https:\/\/www.arquimaster.com.ar\/web\/wp-content\/uploads\/2017\/11\/apartamento_ciutat_vella16-125x125.jpg 125w\" sizes=\"auto, (max-width: 150px) 100vw, 150px\" \/><\/a>\n\t\t\t<\/div>\n\t\t\t\t<figcaption class='wp-caption-text gallery-caption' id='gallery-1-27767'>\n\t\t\t\tApartamento en Ciutat Vella \/ YLAB Arquitectos (\u00a9 Tobias Laarmann)\n\t\t\t\t<\/figcaption><\/figure><figure class='gallery-item'>\n\t\t\t<div class='gallery-icon portrait'>\n\t\t\t\t<a href='https:\/\/www.arquimaster.com.ar\/web\/wp-content\/uploads\/2017\/11\/apartamento_ciutat_vella17.jpg' title=\"Apartamento en Ciutat Vella \/ YLAB Arquitectos (\u00a9 Tobias Laarmann)\" data-rl_title=\"Apartamento en Ciutat Vella \/ YLAB Arquitectos (\u00a9 Tobias Laarmann)\" class=\"rl-gallery-link\" data-rl_caption=\"Apartamento en Ciutat Vella \/ YLAB Arquitectos (\u00a9 Tobias Laarmann)\" data-rel=\"lightbox-gallery-1\"><img loading=\"lazy\" decoding=\"async\" width=\"150\" height=\"150\" src=\"https:\/\/www.arquimaster.com.ar\/web\/wp-content\/uploads\/2017\/11\/apartamento_ciutat_vella17-150x150.jpg\" class=\"attachment-thumbnail size-thumbnail\" alt=\"\" aria-describedby=\"gallery-1-27768\" srcset=\"https:\/\/www.arquimaster.com.ar\/web\/wp-content\/uploads\/2017\/11\/apartamento_ciutat_vella17-150x150.jpg 150w, https:\/\/www.arquimaster.com.ar\/web\/wp-content\/uploads\/2017\/11\/apartamento_ciutat_vella17-50x50.jpg 50w, https:\/\/www.arquimaster.com.ar\/web\/wp-content\/uploads\/2017\/11\/apartamento_ciutat_vella17-125x125.jpg 125w\" sizes=\"auto, (max-width: 150px) 100vw, 150px\" \/><\/a>\n\t\t\t<\/div>\n\t\t\t\t<figcaption class='wp-caption-text gallery-caption' id='gallery-1-27768'>\n\t\t\t\tApartamento en Ciutat Vella \/ YLAB Arquitectos (\u00a9 Tobias Laarmann)\n\t\t\t\t<\/figcaption><\/figure><figure class='gallery-item'>\n\t\t\t<div class='gallery-icon portrait'>\n\t\t\t\t<a href='https:\/\/www.arquimaster.com.ar\/web\/wp-content\/uploads\/2017\/11\/apartamento_ciutat_vella18.jpg' title=\"Apartamento en Ciutat Vella \/ YLAB Arquitectos (\u00a9 Tobias Laarmann)\" data-rl_title=\"Apartamento en Ciutat Vella \/ YLAB Arquitectos (\u00a9 Tobias Laarmann)\" class=\"rl-gallery-link\" data-rl_caption=\"Apartamento en Ciutat Vella \/ YLAB Arquitectos (\u00a9 Tobias Laarmann)\" data-rel=\"lightbox-gallery-1\"><img loading=\"lazy\" decoding=\"async\" width=\"150\" height=\"150\" src=\"https:\/\/www.arquimaster.com.ar\/web\/wp-content\/uploads\/2017\/11\/apartamento_ciutat_vella18-150x150.jpg\" class=\"attachment-thumbnail size-thumbnail\" alt=\"\" aria-describedby=\"gallery-1-27769\" srcset=\"https:\/\/www.arquimaster.com.ar\/web\/wp-content\/uploads\/2017\/11\/apartamento_ciutat_vella18-150x150.jpg 150w, https:\/\/www.arquimaster.com.ar\/web\/wp-content\/uploads\/2017\/11\/apartamento_ciutat_vella18-50x50.jpg 50w, https:\/\/www.arquimaster.com.ar\/web\/wp-content\/uploads\/2017\/11\/apartamento_ciutat_vella18-125x125.jpg 125w\" sizes=\"auto, (max-width: 150px) 100vw, 150px\" \/><\/a>\n\t\t\t<\/div>\n\t\t\t\t<figcaption class='wp-caption-text gallery-caption' id='gallery-1-27769'>\n\t\t\t\tApartamento en Ciutat Vella \/ YLAB Arquitectos (\u00a9 Tobias Laarmann)\n\t\t\t\t<\/figcaption><\/figure><figure class='gallery-item'>\n\t\t\t<div class='gallery-icon portrait'>\n\t\t\t\t<a href='https:\/\/www.arquimaster.com.ar\/web\/wp-content\/uploads\/2017\/11\/apartamento_ciutat_vella19.jpg' title=\"Apartamento en Ciutat Vella \/ YLAB Arquitectos (\u00a9 Tobias Laarmann)\" data-rl_title=\"Apartamento en Ciutat Vella \/ YLAB Arquitectos (\u00a9 Tobias Laarmann)\" class=\"rl-gallery-link\" data-rl_caption=\"Apartamento en Ciutat Vella \/ YLAB Arquitectos (\u00a9 Tobias Laarmann)\" data-rel=\"lightbox-gallery-1\"><img loading=\"lazy\" decoding=\"async\" width=\"150\" height=\"150\" src=\"https:\/\/www.arquimaster.com.ar\/web\/wp-content\/uploads\/2017\/11\/apartamento_ciutat_vella19-150x150.jpg\" class=\"attachment-thumbnail size-thumbnail\" alt=\"\" aria-describedby=\"gallery-1-27770\" srcset=\"https:\/\/www.arquimaster.com.ar\/web\/wp-content\/uploads\/2017\/11\/apartamento_ciutat_vella19-150x150.jpg 150w, https:\/\/www.arquimaster.com.ar\/web\/wp-content\/uploads\/2017\/11\/apartamento_ciutat_vella19-50x50.jpg 50w, https:\/\/www.arquimaster.com.ar\/web\/wp-content\/uploads\/2017\/11\/apartamento_ciutat_vella19-125x125.jpg 125w\" sizes=\"auto, (max-width: 150px) 100vw, 150px\" \/><\/a>\n\t\t\t<\/div>\n\t\t\t\t<figcaption class='wp-caption-text gallery-caption' id='gallery-1-27770'>\n\t\t\t\tApartamento en Ciutat Vella \/ YLAB Arquitectos (\u00a9 Tobias Laarmann)\n\t\t\t\t<\/figcaption><\/figure><figure class='gallery-item'>\n\t\t\t<div class='gallery-icon portrait'>\n\t\t\t\t<a href='https:\/\/www.arquimaster.com.ar\/web\/wp-content\/uploads\/2017\/11\/apartamento_ciutat_vella20.jpg' title=\"Apartamento en Ciutat Vella \/ YLAB Arquitectos (\u00a9 Tobias Laarmann)\" data-rl_title=\"Apartamento en Ciutat Vella \/ YLAB Arquitectos (\u00a9 Tobias Laarmann)\" class=\"rl-gallery-link\" data-rl_caption=\"Apartamento en Ciutat Vella \/ YLAB Arquitectos (\u00a9 Tobias Laarmann)\" data-rel=\"lightbox-gallery-1\"><img loading=\"lazy\" decoding=\"async\" width=\"150\" height=\"150\" src=\"https:\/\/www.arquimaster.com.ar\/web\/wp-content\/uploads\/2017\/11\/apartamento_ciutat_vella20-150x150.jpg\" class=\"attachment-thumbnail size-thumbnail\" alt=\"\" aria-describedby=\"gallery-1-27771\" srcset=\"https:\/\/www.arquimaster.com.ar\/web\/wp-content\/uploads\/2017\/11\/apartamento_ciutat_vella20-150x150.jpg 150w, https:\/\/www.arquimaster.com.ar\/web\/wp-content\/uploads\/2017\/11\/apartamento_ciutat_vella20-50x50.jpg 50w, https:\/\/www.arquimaster.com.ar\/web\/wp-content\/uploads\/2017\/11\/apartamento_ciutat_vella20-125x125.jpg 125w\" sizes=\"auto, (max-width: 150px) 100vw, 150px\" \/><\/a>\n\t\t\t<\/div>\n\t\t\t\t<figcaption class='wp-caption-text gallery-caption' id='gallery-1-27771'>\n\t\t\t\tApartamento en Ciutat Vella \/ YLAB Arquitectos (\u00a9 Tobias Laarmann)\n\t\t\t\t<\/figcaption><\/figure><figure class='gallery-item'>\n\t\t\t<div class='gallery-icon portrait'>\n\t\t\t\t<a href='https:\/\/www.arquimaster.com.ar\/web\/wp-content\/uploads\/2017\/11\/apartamento_ciutat_vella21.jpg' title=\"Apartamento en Ciutat Vella \/ YLAB Arquitectos (\u00a9 Tobias Laarmann)\" data-rl_title=\"Apartamento en Ciutat Vella \/ YLAB Arquitectos (\u00a9 Tobias Laarmann)\" class=\"rl-gallery-link\" data-rl_caption=\"Apartamento en Ciutat Vella \/ YLAB Arquitectos (\u00a9 Tobias Laarmann)\" data-rel=\"lightbox-gallery-1\"><img loading=\"lazy\" decoding=\"async\" width=\"150\" height=\"150\" src=\"https:\/\/www.arquimaster.com.ar\/web\/wp-content\/uploads\/2017\/11\/apartamento_ciutat_vella21-150x150.jpg\" class=\"attachment-thumbnail size-thumbnail\" alt=\"\" aria-describedby=\"gallery-1-27772\" srcset=\"https:\/\/www.arquimaster.com.ar\/web\/wp-content\/uploads\/2017\/11\/apartamento_ciutat_vella21-150x150.jpg 150w, https:\/\/www.arquimaster.com.ar\/web\/wp-content\/uploads\/2017\/11\/apartamento_ciutat_vella21-50x50.jpg 50w, https:\/\/www.arquimaster.com.ar\/web\/wp-content\/uploads\/2017\/11\/apartamento_ciutat_vella21-125x125.jpg 125w\" sizes=\"auto, (max-width: 150px) 100vw, 150px\" \/><\/a>\n\t\t\t<\/div>\n\t\t\t\t<figcaption class='wp-caption-text gallery-caption' id='gallery-1-27772'>\n\t\t\t\tApartamento en Ciutat Vella \/ YLAB Arquitectos (\u00a9 Tobias Laarmann)\n\t\t\t\t<\/figcaption><\/figure><figure class='gallery-item'>\n\t\t\t<div class='gallery-icon portrait'>\n\t\t\t\t<a href='https:\/\/www.arquimaster.com.ar\/web\/wp-content\/uploads\/2017\/11\/apartamento_ciutat_vella22.jpg' title=\"Apartamento en Ciutat Vella \/ YLAB Arquitectos (\u00a9 Tobias Laarmann)\" data-rl_title=\"Apartamento en Ciutat Vella \/ YLAB Arquitectos (\u00a9 Tobias Laarmann)\" class=\"rl-gallery-link\" data-rl_caption=\"Apartamento en Ciutat Vella \/ YLAB Arquitectos (\u00a9 Tobias Laarmann)\" data-rel=\"lightbox-gallery-1\"><img loading=\"lazy\" decoding=\"async\" width=\"150\" height=\"150\" src=\"https:\/\/www.arquimaster.com.ar\/web\/wp-content\/uploads\/2017\/11\/apartamento_ciutat_vella22-150x150.jpg\" class=\"attachment-thumbnail size-thumbnail\" alt=\"\" aria-describedby=\"gallery-1-27773\" srcset=\"https:\/\/www.arquimaster.com.ar\/web\/wp-content\/uploads\/2017\/11\/apartamento_ciutat_vella22-150x150.jpg 150w, https:\/\/www.arquimaster.com.ar\/web\/wp-content\/uploads\/2017\/11\/apartamento_ciutat_vella22-50x50.jpg 50w, https:\/\/www.arquimaster.com.ar\/web\/wp-content\/uploads\/2017\/11\/apartamento_ciutat_vella22-125x125.jpg 125w\" sizes=\"auto, (max-width: 150px) 100vw, 150px\" \/><\/a>\n\t\t\t<\/div>\n\t\t\t\t<figcaption class='wp-caption-text gallery-caption' id='gallery-1-27773'>\n\t\t\t\tApartamento en Ciutat Vella \/ YLAB Arquitectos (\u00a9 Tobias Laarmann)\n\t\t\t\t<\/figcaption><\/figure><figure class='gallery-item'>\n\t\t\t<div class='gallery-icon landscape'>\n\t\t\t\t<a href='https:\/\/www.arquimaster.com.ar\/web\/wp-content\/uploads\/2017\/11\/apartamento_ciutat_vella23.jpg' title=\"Apartamento en Ciutat Vella \/ YLAB Arquitectos (\u00a9 Tobias Laarmann)\" data-rl_title=\"Apartamento en Ciutat Vella \/ YLAB Arquitectos (\u00a9 Tobias Laarmann)\" class=\"rl-gallery-link\" data-rl_caption=\"Apartamento en Ciutat Vella \/ YLAB Arquitectos (\u00a9 Tobias Laarmann)\" data-rel=\"lightbox-gallery-1\"><img loading=\"lazy\" decoding=\"async\" width=\"150\" height=\"150\" src=\"https:\/\/www.arquimaster.com.ar\/web\/wp-content\/uploads\/2017\/11\/apartamento_ciutat_vella23-150x150.jpg\" class=\"attachment-thumbnail size-thumbnail\" alt=\"\" aria-describedby=\"gallery-1-27774\" srcset=\"https:\/\/www.arquimaster.com.ar\/web\/wp-content\/uploads\/2017\/11\/apartamento_ciutat_vella23-150x150.jpg 150w, https:\/\/www.arquimaster.com.ar\/web\/wp-content\/uploads\/2017\/11\/apartamento_ciutat_vella23-50x50.jpg 50w, https:\/\/www.arquimaster.com.ar\/web\/wp-content\/uploads\/2017\/11\/apartamento_ciutat_vella23-125x125.jpg 125w\" sizes=\"auto, (max-width: 150px) 100vw, 150px\" \/><\/a>\n\t\t\t<\/div>\n\t\t\t\t<figcaption class='wp-caption-text gallery-caption' id='gallery-1-27774'>\n\t\t\t\tApartamento en Ciutat Vella \/ YLAB Arquitectos (\u00a9 Tobias Laarmann)\n\t\t\t\t<\/figcaption><\/figure><figure class='gallery-item'>\n\t\t\t<div class='gallery-icon landscape'>\n\t\t\t\t<a href='https:\/\/www.arquimaster.com.ar\/web\/wp-content\/uploads\/2017\/11\/apartamento_ciutat_vella24.jpg' title=\"Apartamento en Ciutat Vella \/ YLAB Arquitectos (\u00a9 Tobias Laarmann)\" data-rl_title=\"Apartamento en Ciutat Vella \/ YLAB Arquitectos (\u00a9 Tobias Laarmann)\" class=\"rl-gallery-link\" data-rl_caption=\"Apartamento en Ciutat Vella \/ YLAB Arquitectos (\u00a9 Tobias Laarmann)\" data-rel=\"lightbox-gallery-1\"><img loading=\"lazy\" decoding=\"async\" width=\"150\" height=\"150\" src=\"https:\/\/www.arquimaster.com.ar\/web\/wp-content\/uploads\/2017\/11\/apartamento_ciutat_vella24-150x150.jpg\" class=\"attachment-thumbnail size-thumbnail\" alt=\"\" aria-describedby=\"gallery-1-27775\" srcset=\"https:\/\/www.arquimaster.com.ar\/web\/wp-content\/uploads\/2017\/11\/apartamento_ciutat_vella24-150x150.jpg 150w, https:\/\/www.arquimaster.com.ar\/web\/wp-content\/uploads\/2017\/11\/apartamento_ciutat_vella24-1024x1024.jpg 1024w, https:\/\/www.arquimaster.com.ar\/web\/wp-content\/uploads\/2017\/11\/apartamento_ciutat_vella24-768x768.jpg 768w, https:\/\/www.arquimaster.com.ar\/web\/wp-content\/uploads\/2017\/11\/apartamento_ciutat_vella24-50x50.jpg 50w, https:\/\/www.arquimaster.com.ar\/web\/wp-content\/uploads\/2017\/11\/apartamento_ciutat_vella24-125x125.jpg 125w, https:\/\/www.arquimaster.com.ar\/web\/wp-content\/uploads\/2017\/11\/apartamento_ciutat_vella24.jpg 1500w\" sizes=\"auto, (max-width: 150px) 100vw, 150px\" \/><\/a>\n\t\t\t<\/div>\n\t\t\t\t<figcaption class='wp-caption-text gallery-caption' id='gallery-1-27775'>\n\t\t\t\tApartamento en Ciutat Vella \/ YLAB Arquitectos (\u00a9 Tobias Laarmann)\n\t\t\t\t<\/figcaption><\/figure><figure class='gallery-item'>\n\t\t\t<div class='gallery-icon landscape'>\n\t\t\t\t<a href='https:\/\/www.arquimaster.com.ar\/web\/wp-content\/uploads\/2017\/11\/apartamento_ciutat_vella25.jpg' title=\"Apartamento en Ciutat Vella \/ YLAB Arquitectos (\u00a9 Tobias Laarmann)\" data-rl_title=\"Apartamento en Ciutat Vella \/ YLAB Arquitectos (\u00a9 Tobias Laarmann)\" class=\"rl-gallery-link\" data-rl_caption=\"Apartamento en Ciutat Vella \/ YLAB Arquitectos (\u00a9 Tobias Laarmann)\" data-rel=\"lightbox-gallery-1\"><img loading=\"lazy\" decoding=\"async\" width=\"150\" height=\"150\" src=\"https:\/\/www.arquimaster.com.ar\/web\/wp-content\/uploads\/2017\/11\/apartamento_ciutat_vella25-150x150.jpg\" class=\"attachment-thumbnail size-thumbnail\" alt=\"\" aria-describedby=\"gallery-1-27776\" srcset=\"https:\/\/www.arquimaster.com.ar\/web\/wp-content\/uploads\/2017\/11\/apartamento_ciutat_vella25-150x150.jpg 150w, https:\/\/www.arquimaster.com.ar\/web\/wp-content\/uploads\/2017\/11\/apartamento_ciutat_vella25-1024x1024.jpg 1024w, https:\/\/www.arquimaster.com.ar\/web\/wp-content\/uploads\/2017\/11\/apartamento_ciutat_vella25-768x768.jpg 768w, https:\/\/www.arquimaster.com.ar\/web\/wp-content\/uploads\/2017\/11\/apartamento_ciutat_vella25-50x50.jpg 50w, https:\/\/www.arquimaster.com.ar\/web\/wp-content\/uploads\/2017\/11\/apartamento_ciutat_vella25-125x125.jpg 125w, https:\/\/www.arquimaster.com.ar\/web\/wp-content\/uploads\/2017\/11\/apartamento_ciutat_vella25.jpg 1500w\" sizes=\"auto, (max-width: 150px) 100vw, 150px\" \/><\/a>\n\t\t\t<\/div>\n\t\t\t\t<figcaption class='wp-caption-text gallery-caption' id='gallery-1-27776'>\n\t\t\t\tApartamento en Ciutat Vella \/ YLAB Arquitectos (\u00a9 Tobias Laarmann)\n\t\t\t\t<\/figcaption><\/figure><figure class='gallery-item'>\n\t\t\t<div class='gallery-icon landscape'>\n\t\t\t\t<a href='https:\/\/www.arquimaster.com.ar\/web\/wp-content\/uploads\/2017\/11\/apartamento_ciutat_vella26.jpg' title=\"Apartamento en Ciutat Vella \/ YLAB Arquitectos (\u00a9 Tobias Laarmann)\" data-rl_title=\"Apartamento en Ciutat Vella \/ YLAB Arquitectos (\u00a9 Tobias Laarmann)\" class=\"rl-gallery-link\" data-rl_caption=\"Apartamento en Ciutat Vella \/ YLAB Arquitectos (\u00a9 Tobias Laarmann)\" data-rel=\"lightbox-gallery-1\"><img loading=\"lazy\" decoding=\"async\" width=\"150\" height=\"150\" src=\"https:\/\/www.arquimaster.com.ar\/web\/wp-content\/uploads\/2017\/11\/apartamento_ciutat_vella26-150x150.jpg\" class=\"attachment-thumbnail size-thumbnail\" alt=\"\" aria-describedby=\"gallery-1-27777\" srcset=\"https:\/\/www.arquimaster.com.ar\/web\/wp-content\/uploads\/2017\/11\/apartamento_ciutat_vella26-150x150.jpg 150w, https:\/\/www.arquimaster.com.ar\/web\/wp-content\/uploads\/2017\/11\/apartamento_ciutat_vella26-50x50.jpg 50w, https:\/\/www.arquimaster.com.ar\/web\/wp-content\/uploads\/2017\/11\/apartamento_ciutat_vella26-125x125.jpg 125w\" sizes=\"auto, (max-width: 150px) 100vw, 150px\" \/><\/a>\n\t\t\t<\/div>\n\t\t\t\t<figcaption class='wp-caption-text gallery-caption' id='gallery-1-27777'>\n\t\t\t\tApartamento en Ciutat Vella \/ YLAB Arquitectos (\u00a9 Tobias Laarmann)\n\t\t\t\t<\/figcaption><\/figure><figure class='gallery-item'>\n\t\t\t<div class='gallery-icon portrait'>\n\t\t\t\t<a href='https:\/\/www.arquimaster.com.ar\/web\/wp-content\/uploads\/2017\/11\/apartamento_ciutat_vella27.jpg' title=\"Apartamento en Ciutat Vella \/ YLAB Arquitectos (\u00a9 Tobias Laarmann)\" data-rl_title=\"Apartamento en Ciutat Vella \/ YLAB Arquitectos (\u00a9 Tobias Laarmann)\" class=\"rl-gallery-link\" data-rl_caption=\"Apartamento en Ciutat Vella \/ YLAB Arquitectos (\u00a9 Tobias Laarmann)\" data-rel=\"lightbox-gallery-1\"><img loading=\"lazy\" decoding=\"async\" width=\"150\" height=\"150\" src=\"https:\/\/www.arquimaster.com.ar\/web\/wp-content\/uploads\/2017\/11\/apartamento_ciutat_vella27-150x150.jpg\" class=\"attachment-thumbnail size-thumbnail\" alt=\"\" aria-describedby=\"gallery-1-27778\" srcset=\"https:\/\/www.arquimaster.com.ar\/web\/wp-content\/uploads\/2017\/11\/apartamento_ciutat_vella27-150x150.jpg 150w, https:\/\/www.arquimaster.com.ar\/web\/wp-content\/uploads\/2017\/11\/apartamento_ciutat_vella27-50x50.jpg 50w, https:\/\/www.arquimaster.com.ar\/web\/wp-content\/uploads\/2017\/11\/apartamento_ciutat_vella27-125x125.jpg 125w\" sizes=\"auto, (max-width: 150px) 100vw, 150px\" \/><\/a>\n\t\t\t<\/div>\n\t\t\t\t<figcaption class='wp-caption-text gallery-caption' id='gallery-1-27778'>\n\t\t\t\tApartamento en Ciutat Vella \/ YLAB Arquitectos (\u00a9 Tobias Laarmann)\n\t\t\t\t<\/figcaption><\/figure><figure class='gallery-item'>\n\t\t\t<div class='gallery-icon landscape'>\n\t\t\t\t<a href='https:\/\/www.arquimaster.com.ar\/web\/wp-content\/uploads\/2017\/11\/apartamento_ciutat_vella28.jpg' title=\"Apartamento en Ciutat Vella \/ YLAB Arquitectos (\u00a9 Tobias Laarmann)\" data-rl_title=\"Apartamento en Ciutat Vella \/ YLAB Arquitectos (\u00a9 Tobias Laarmann)\" class=\"rl-gallery-link\" data-rl_caption=\"Apartamento en Ciutat Vella \/ YLAB Arquitectos (\u00a9 Tobias Laarmann)\" data-rel=\"lightbox-gallery-1\"><img loading=\"lazy\" decoding=\"async\" width=\"150\" height=\"150\" src=\"https:\/\/www.arquimaster.com.ar\/web\/wp-content\/uploads\/2017\/11\/apartamento_ciutat_vella28-150x150.jpg\" class=\"attachment-thumbnail size-thumbnail\" alt=\"\" aria-describedby=\"gallery-1-27779\" srcset=\"https:\/\/www.arquimaster.com.ar\/web\/wp-content\/uploads\/2017\/11\/apartamento_ciutat_vella28-150x150.jpg 150w, https:\/\/www.arquimaster.com.ar\/web\/wp-content\/uploads\/2017\/11\/apartamento_ciutat_vella28-1024x1024.jpg 1024w, https:\/\/www.arquimaster.com.ar\/web\/wp-content\/uploads\/2017\/11\/apartamento_ciutat_vella28-768x768.jpg 768w, https:\/\/www.arquimaster.com.ar\/web\/wp-content\/uploads\/2017\/11\/apartamento_ciutat_vella28-50x50.jpg 50w, https:\/\/www.arquimaster.com.ar\/web\/wp-content\/uploads\/2017\/11\/apartamento_ciutat_vella28-125x125.jpg 125w, https:\/\/www.arquimaster.com.ar\/web\/wp-content\/uploads\/2017\/11\/apartamento_ciutat_vella28.jpg 1500w\" sizes=\"auto, (max-width: 150px) 100vw, 150px\" \/><\/a>\n\t\t\t<\/div>\n\t\t\t\t<figcaption class='wp-caption-text gallery-caption' id='gallery-1-27779'>\n\t\t\t\tApartamento en Ciutat Vella \/ YLAB Arquitectos (\u00a9 Tobias Laarmann)\n\t\t\t\t<\/figcaption><\/figure><figure class='gallery-item'>\n\t\t\t<div class='gallery-icon landscape'>\n\t\t\t\t<a href='https:\/\/www.arquimaster.com.ar\/web\/wp-content\/uploads\/2017\/11\/apartamento_ciutat_vella29.jpg' title=\"Apartamento en Ciutat Vella \/ YLAB Arquitectos (\u00a9 Tobias Laarmann)\" data-rl_title=\"Apartamento en Ciutat Vella \/ YLAB Arquitectos (\u00a9 Tobias Laarmann)\" class=\"rl-gallery-link\" data-rl_caption=\"Apartamento en Ciutat Vella \/ YLAB Arquitectos (\u00a9 Tobias Laarmann)\" data-rel=\"lightbox-gallery-1\"><img loading=\"lazy\" decoding=\"async\" width=\"150\" height=\"150\" src=\"https:\/\/www.arquimaster.com.ar\/web\/wp-content\/uploads\/2017\/11\/apartamento_ciutat_vella29-150x150.jpg\" class=\"attachment-thumbnail size-thumbnail\" alt=\"\" aria-describedby=\"gallery-1-27780\" srcset=\"https:\/\/www.arquimaster.com.ar\/web\/wp-content\/uploads\/2017\/11\/apartamento_ciutat_vella29-150x150.jpg 150w, https:\/\/www.arquimaster.com.ar\/web\/wp-content\/uploads\/2017\/11\/apartamento_ciutat_vella29-1024x1024.jpg 1024w, https:\/\/www.arquimaster.com.ar\/web\/wp-content\/uploads\/2017\/11\/apartamento_ciutat_vella29-768x768.jpg 768w, https:\/\/www.arquimaster.com.ar\/web\/wp-content\/uploads\/2017\/11\/apartamento_ciutat_vella29-50x50.jpg 50w, https:\/\/www.arquimaster.com.ar\/web\/wp-content\/uploads\/2017\/11\/apartamento_ciutat_vella29-125x125.jpg 125w, https:\/\/www.arquimaster.com.ar\/web\/wp-content\/uploads\/2017\/11\/apartamento_ciutat_vella29.jpg 1500w\" sizes=\"auto, (max-width: 150px) 100vw, 150px\" \/><\/a>\n\t\t\t<\/div>\n\t\t\t\t<figcaption class='wp-caption-text gallery-caption' id='gallery-1-27780'>\n\t\t\t\tApartamento en Ciutat Vella \/ YLAB Arquitectos (\u00a9 Tobias Laarmann)\n\t\t\t\t<\/figcaption><\/figure><figure class='gallery-item'>\n\t\t\t<div class='gallery-icon landscape'>\n\t\t\t\t<a href='https:\/\/www.arquimaster.com.ar\/web\/wp-content\/uploads\/2017\/11\/apartamento_ciutat_vella30.jpg' title=\"Apartamento en Ciutat Vella \/ YLAB Arquitectos (\u00a9 Tobias Laarmann)\" data-rl_title=\"Apartamento en Ciutat Vella \/ YLAB Arquitectos (\u00a9 Tobias Laarmann)\" class=\"rl-gallery-link\" data-rl_caption=\"Apartamento en Ciutat Vella \/ YLAB Arquitectos (\u00a9 Tobias Laarmann)\" data-rel=\"lightbox-gallery-1\"><img loading=\"lazy\" decoding=\"async\" width=\"150\" height=\"150\" src=\"https:\/\/www.arquimaster.com.ar\/web\/wp-content\/uploads\/2017\/11\/apartamento_ciutat_vella30-150x150.jpg\" class=\"attachment-thumbnail size-thumbnail\" alt=\"\" aria-describedby=\"gallery-1-27781\" srcset=\"https:\/\/www.arquimaster.com.ar\/web\/wp-content\/uploads\/2017\/11\/apartamento_ciutat_vella30-150x150.jpg 150w, https:\/\/www.arquimaster.com.ar\/web\/wp-content\/uploads\/2017\/11\/apartamento_ciutat_vella30-50x50.jpg 50w, https:\/\/www.arquimaster.com.ar\/web\/wp-content\/uploads\/2017\/11\/apartamento_ciutat_vella30-125x125.jpg 125w\" sizes=\"auto, (max-width: 150px) 100vw, 150px\" \/><\/a>\n\t\t\t<\/div>\n\t\t\t\t<figcaption class='wp-caption-text gallery-caption' id='gallery-1-27781'>\n\t\t\t\tApartamento en Ciutat Vella \/ YLAB Arquitectos (\u00a9 Tobias Laarmann)\n\t\t\t\t<\/figcaption><\/figure><figure class='gallery-item'>\n\t\t\t<div class='gallery-icon portrait'>\n\t\t\t\t<a href='https:\/\/www.arquimaster.com.ar\/web\/wp-content\/uploads\/2017\/11\/apartamento_ciutat_vella31.jpg' title=\"Apartamento en Ciutat Vella \/ YLAB Arquitectos (\u00a9 Tobias Laarmann)\" data-rl_title=\"Apartamento en Ciutat Vella \/ YLAB Arquitectos (\u00a9 Tobias Laarmann)\" class=\"rl-gallery-link\" data-rl_caption=\"Apartamento en Ciutat Vella \/ YLAB Arquitectos (\u00a9 Tobias Laarmann)\" data-rel=\"lightbox-gallery-1\"><img loading=\"lazy\" decoding=\"async\" width=\"150\" height=\"150\" src=\"https:\/\/www.arquimaster.com.ar\/web\/wp-content\/uploads\/2017\/11\/apartamento_ciutat_vella31-150x150.jpg\" class=\"attachment-thumbnail size-thumbnail\" alt=\"\" aria-describedby=\"gallery-1-27782\" srcset=\"https:\/\/www.arquimaster.com.ar\/web\/wp-content\/uploads\/2017\/11\/apartamento_ciutat_vella31-150x150.jpg 150w, https:\/\/www.arquimaster.com.ar\/web\/wp-content\/uploads\/2017\/11\/apartamento_ciutat_vella31-50x50.jpg 50w, https:\/\/www.arquimaster.com.ar\/web\/wp-content\/uploads\/2017\/11\/apartamento_ciutat_vella31-125x125.jpg 125w\" sizes=\"auto, (max-width: 150px) 100vw, 150px\" \/><\/a>\n\t\t\t<\/div>\n\t\t\t\t<figcaption class='wp-caption-text gallery-caption' id='gallery-1-27782'>\n\t\t\t\tApartamento en Ciutat Vella \/ YLAB Arquitectos (\u00a9 Tobias Laarmann)\n\t\t\t\t<\/figcaption><\/figure><figure class='gallery-item'>\n\t\t\t<div class='gallery-icon landscape'>\n\t\t\t\t<a href='https:\/\/www.arquimaster.com.ar\/web\/wp-content\/uploads\/2017\/11\/apartamento_ciutat_vella32.jpg' title=\"Apartamento en Ciutat Vella \/ YLAB Arquitectos (\u00a9 Tobias Laarmann)\" data-rl_title=\"Apartamento en Ciutat Vella \/ YLAB Arquitectos (\u00a9 Tobias Laarmann)\" class=\"rl-gallery-link\" data-rl_caption=\"Apartamento en Ciutat Vella \/ YLAB Arquitectos (\u00a9 Tobias Laarmann)\" data-rel=\"lightbox-gallery-1\"><img loading=\"lazy\" decoding=\"async\" width=\"150\" height=\"150\" src=\"https:\/\/www.arquimaster.com.ar\/web\/wp-content\/uploads\/2017\/11\/apartamento_ciutat_vella32-150x150.jpg\" class=\"attachment-thumbnail size-thumbnail\" alt=\"\" aria-describedby=\"gallery-1-27783\" srcset=\"https:\/\/www.arquimaster.com.ar\/web\/wp-content\/uploads\/2017\/11\/apartamento_ciutat_vella32-150x150.jpg 150w, https:\/\/www.arquimaster.com.ar\/web\/wp-content\/uploads\/2017\/11\/apartamento_ciutat_vella32-1024x1024.jpg 1024w, https:\/\/www.arquimaster.com.ar\/web\/wp-content\/uploads\/2017\/11\/apartamento_ciutat_vella32-768x768.jpg 768w, https:\/\/www.arquimaster.com.ar\/web\/wp-content\/uploads\/2017\/11\/apartamento_ciutat_vella32-50x50.jpg 50w, https:\/\/www.arquimaster.com.ar\/web\/wp-content\/uploads\/2017\/11\/apartamento_ciutat_vella32-125x125.jpg 125w, https:\/\/www.arquimaster.com.ar\/web\/wp-content\/uploads\/2017\/11\/apartamento_ciutat_vella32.jpg 1500w\" sizes=\"auto, (max-width: 150px) 100vw, 150px\" \/><\/a>\n\t\t\t<\/div>\n\t\t\t\t<figcaption class='wp-caption-text gallery-caption' id='gallery-1-27783'>\n\t\t\t\tApartamento en Ciutat Vella \/ YLAB Arquitectos (\u00a9 Tobias Laarmann)\n\t\t\t\t<\/figcaption><\/figure><figure class='gallery-item'>\n\t\t\t<div class='gallery-icon landscape'>\n\t\t\t\t<a href='https:\/\/www.arquimaster.com.ar\/web\/wp-content\/uploads\/2017\/11\/apartamento_ciutat_vella33.jpg' title=\"Apartamento en Ciutat Vella \/ YLAB Arquitectos (planta)\" data-rl_title=\"Apartamento en Ciutat Vella \/ YLAB Arquitectos (planta)\" class=\"rl-gallery-link\" data-rl_caption=\"Apartamento en Ciutat Vella \/ YLAB Arquitectos (planta)\" data-rel=\"lightbox-gallery-1\"><img loading=\"lazy\" decoding=\"async\" width=\"150\" height=\"150\" src=\"https:\/\/www.arquimaster.com.ar\/web\/wp-content\/uploads\/2017\/11\/apartamento_ciutat_vella33-150x150.jpg\" class=\"attachment-thumbnail size-thumbnail\" alt=\"\" aria-describedby=\"gallery-1-27784\" srcset=\"https:\/\/www.arquimaster.com.ar\/web\/wp-content\/uploads\/2017\/11\/apartamento_ciutat_vella33-150x150.jpg 150w, https:\/\/www.arquimaster.com.ar\/web\/wp-content\/uploads\/2017\/11\/apartamento_ciutat_vella33-50x50.jpg 50w, https:\/\/www.arquimaster.com.ar\/web\/wp-content\/uploads\/2017\/11\/apartamento_ciutat_vella33-125x125.jpg 125w\" sizes=\"auto, (max-width: 150px) 100vw, 150px\" \/><\/a>\n\t\t\t<\/div>\n\t\t\t\t<figcaption class='wp-caption-text gallery-caption' id='gallery-1-27784'>\n\t\t\t\tApartamento en Ciutat Vella \/ YLAB Arquitectos (planta)\n\t\t\t\t<\/figcaption><\/figure>\n\t\t<\/div>\n\n<p>El proyecto consiste en la reforma interior de una vivienda en el distrito barcelon\u00e9s de Ciutat Vella, reci\u00e9n adquirida por una pareja holandesa como residencia ocasional. Situada en la planta \u00e1tico del edificio, la vivienda escapa al bullicio del barrio y consigue mirar hacia el cielo por encima de los \u00e1rboles de la plaza del ayuntamiento.<\/p>\n<p>Los propietarios quer\u00edan convertir el espacio original, oscuro y dividido en numerosas estancias, en un espacio predominantemente di\u00e1fano, lleno de luz y de colores neutros, adecuado para su colecci\u00f3n de arte y mobiliario de influencia n\u00f3rdica.<\/p>\n<p>La intervenci\u00f3n propone la creaci\u00f3n de un gran espacio central a trav\u00e9s del apeo de los muros de carga de la vivienda. As\u00ed se crea un ambiente en el que conviven cocina, comedor y sal\u00f3n, con acabados que se extienden al resto de la vivienda como el pavimento continuo de cemento gris y la cubierta abovedada recuperada terminada en color blanco.<\/p>\n<p>A la vez, se eliminan los tabiques que confluyen en la fachada frontal, que se sustituyen por puertas correderas y muebles para independizar el dormitorio principal y el estudio, situados en los extremos.<\/p>\n<p>Este gesto permite crear un eje a lo largo de toda la fachada, consiguiendo que la luz entre difusa a trav\u00e9s de los distintos ventanales, generando una particular sensaci\u00f3n de calma.<\/p>\n<p>El espacio central est\u00e1 dominado por una gran isla situada delante de unos ventanales de hierro que separan la cocina de una galer\u00eda con espacios auxiliares. La isla est\u00e1 chapada en madera recompuesta de nogal y la zona de trabajo est\u00e1 terminada por un sobre en piedra de granito negro abujardado. La otra mitad de la isla es una mesa de comedor alta equipada con taburetes de Capellini.<\/p>\n<p>Frente a la cocina, la sala est\u00e1 amueblada con sof\u00e1s modulares y mesas de Punt y sof\u00e1 de B&amp;B, agrupados en torno a una pintura de I\u00f1igo Arregi y sobre una gran alfombra de Nani Marquina.<\/p>\n<p>En el lado opuesto, una estanter\u00eda realizada a medida separa el estudio, que puede independizarse mediante una puerta corredera chapada en la misma madera que la isla. El estudio est\u00e1 amueblado con un sof\u00e1 de lectura con ottoman de Fritz Hansen, una mesa de trabajo de New Bordonabe y una silla de Prouv\u00e9.<\/p>\n<p>En el lado opuesto un pa\u00f1o de pared con dos puertas correderas laterales separan el dormitorio de la sala. El dormitorio cuenta con un gran armario lacado blanco de pared a pared y da acceso al \u00fanico ba\u00f1o de la vivienda.<\/p>\n<p>El ba\u00f1o est\u00e1 equipado con mobliario y grifer\u00eda de Uniba\u00f1o y Cristina Bossini. La ducha est\u00e1 realizada de obra con desag\u00fce lineal Aco y alicatada en color grafito. Una puerta de hierro con vidrio trasl\u00facido da acceso a la galer\u00eda posterior que comunica con el patio interior de manzana.<\/p>\n<p><strong>Ficha t\u00e9cnica<\/strong><br \/>\nNombre: Apartamento en Ciutat Vella<br \/>\nUbicaci\u00f3n: Barcelona<br \/>\nProyectista: YLAB Arquitectos (Tobias Laarmann, Yolanda Yuste)<\/p>\n<p><strong>Contacto:<\/strong> <a href=\"http:\/\/www.ylab.es\" target=\"_blank\" rel=\"noopener\">http:\/\/www.ylab.es<\/a><\/p>\n\n<div style=\"font-size: 0px; height: 0px; line-height: 0px; margin: 0; padding: 0; clear: both;\"><\/div><div style=\"margin-top: 0px; margin-bottom: 0px;\" class=\"sharethis-inline-share-buttons\" ><\/div>","protected":false},"excerpt":{"rendered":"<p>La vivienda escapa al bullicio del barrio y consigue mirar hacia el cielo por encima de los \u00e1rboles&#8230;<\/p>\n","protected":false},"author":1,"featured_media":27751,"comment_status":"closed","ping_status":"closed","sticky":false,"template":"","format":"standard","meta":{"_uag_custom_page_level_css":"","footnotes":""},"categories":[1,82],"tags":[679,249,1043,860,859,861],"class_list":["post-27750","post","type-post","status-publish","format-standard","has-post-thumbnail","hentry","category-proyecto","category-rehabilitaciones","tag-barcelona","tag-departamento","tag-reforma-de-vivienda","tag-tobias-laarmann","tag-ylab-arquitectos","tag-yolanda-yuste","generate-columns","tablet-grid-50","mobile-grid-100","grid-parent","grid-50"],"yoast_head":"<!-- This site is optimized with the Yoast SEO plugin v27.3 - https:\/\/yoast.com\/product\/yoast-seo-wordpress\/ -->\n<title>Apartamento en Ciutat Vella \/ YLAB Arquitectos - Arquimaster<\/title>\n<meta name=\"robots\" content=\"index, follow, max-snippet:-1, max-image-preview:large, max-video-preview:-1\" \/>\n<link rel=\"canonical\" href=\"https:\/\/www.arquimaster.com.ar\/web\/apartamento-en-ciutat-vella-ylab-arquitectos\/\" \/>\n<meta property=\"og:locale\" content=\"es_ES\" \/>\n<meta property=\"og:type\" content=\"article\" \/>\n<meta property=\"og:title\" content=\"Apartamento en Ciutat Vella \/ YLAB Arquitectos - Arquimaster\" \/>\n<meta property=\"og:description\" content=\"La vivienda escapa al bullicio del barrio y consigue mirar hacia el cielo por encima de los \u00e1rboles...\" \/>\n<meta property=\"og:url\" content=\"https:\/\/www.arquimaster.com.ar\/web\/apartamento-en-ciutat-vella-ylab-arquitectos\/\" \/>\n<meta property=\"og:site_name\" content=\"Arquimaster\" \/>\n<meta property=\"article:publisher\" content=\"http:\/\/www.facebook.com\/ARQUIMASTER.com.ar\" \/>\n<meta property=\"article:published_time\" content=\"2017-11-02T22:08:01+00:00\" \/>\n<meta property=\"article:modified_time\" content=\"2017-11-06T01:20:41+00:00\" \/>\n<meta property=\"og:image\" content=\"https:\/\/www.arquimaster.com.ar\/web\/wp-content\/uploads\/2017\/11\/apartamento_ciutat_vella_slide.jpg\" \/>\n\t<meta property=\"og:image:width\" content=\"642\" \/>\n\t<meta property=\"og:image:height\" content=\"336\" \/>\n\t<meta property=\"og:image:type\" content=\"image\/jpeg\" \/>\n<meta name=\"author\" content=\"Arquimaster\" \/>\n<meta name=\"twitter:card\" content=\"summary_large_image\" \/>\n<meta name=\"twitter:creator\" content=\"@arquimaster\" \/>\n<meta name=\"twitter:site\" content=\"@arquimaster\" \/>\n<meta name=\"twitter:label1\" content=\"Escrito por\" \/>\n\t<meta name=\"twitter:data1\" content=\"Arquimaster\" \/>\n\t<meta name=\"twitter:label2\" content=\"Tiempo de lectura\" \/>\n\t<meta name=\"twitter:data2\" content=\"3 minutos\" \/>\n<script type=\"application\/ld+json\" class=\"yoast-schema-graph\">{\"@context\":\"https:\\\/\\\/schema.org\",\"@graph\":[{\"@type\":\"Article\",\"@id\":\"https:\\\/\\\/www.arquimaster.com.ar\\\/web\\\/apartamento-en-ciutat-vella-ylab-arquitectos\\\/#article\",\"isPartOf\":{\"@id\":\"https:\\\/\\\/www.arquimaster.com.ar\\\/web\\\/apartamento-en-ciutat-vella-ylab-arquitectos\\\/\"},\"author\":{\"name\":\"Arquimaster\",\"@id\":\"https:\\\/\\\/www.arquimaster.com.ar\\\/web\\\/#\\\/schema\\\/person\\\/359e9f7c00193fcde068e0dd2ceb0028\"},\"headline\":\"Apartamento en Ciutat Vella \\\/ YLAB Arquitectos\",\"datePublished\":\"2017-11-02T22:08:01+00:00\",\"dateModified\":\"2017-11-06T01:20:41+00:00\",\"mainEntityOfPage\":{\"@id\":\"https:\\\/\\\/www.arquimaster.com.ar\\\/web\\\/apartamento-en-ciutat-vella-ylab-arquitectos\\\/\"},\"wordCount\":592,\"publisher\":{\"@id\":\"https:\\\/\\\/www.arquimaster.com.ar\\\/web\\\/#organization\"},\"image\":{\"@id\":\"https:\\\/\\\/www.arquimaster.com.ar\\\/web\\\/apartamento-en-ciutat-vella-ylab-arquitectos\\\/#primaryimage\"},\"thumbnailUrl\":\"https:\\\/\\\/www.arquimaster.com.ar\\\/web\\\/wp-content\\\/uploads\\\/2017\\\/11\\\/apartamento_ciutat_vella_slide.jpg\",\"keywords\":[\"Barcelona\",\"departamento\",\"reforma de vivienda\",\"Tobias Laarmann\",\"YLAB Arquitectos\",\"Yolanda Yuste\"],\"articleSection\":[\"Proyecto\",\"Rehabilitaciones y ampliaciones\"],\"inLanguage\":\"es\"},{\"@type\":\"WebPage\",\"@id\":\"https:\\\/\\\/www.arquimaster.com.ar\\\/web\\\/apartamento-en-ciutat-vella-ylab-arquitectos\\\/\",\"url\":\"https:\\\/\\\/www.arquimaster.com.ar\\\/web\\\/apartamento-en-ciutat-vella-ylab-arquitectos\\\/\",\"name\":\"Apartamento en Ciutat Vella \\\/ YLAB Arquitectos - Arquimaster\",\"isPartOf\":{\"@id\":\"https:\\\/\\\/www.arquimaster.com.ar\\\/web\\\/#website\"},\"primaryImageOfPage\":{\"@id\":\"https:\\\/\\\/www.arquimaster.com.ar\\\/web\\\/apartamento-en-ciutat-vella-ylab-arquitectos\\\/#primaryimage\"},\"image\":{\"@id\":\"https:\\\/\\\/www.arquimaster.com.ar\\\/web\\\/apartamento-en-ciutat-vella-ylab-arquitectos\\\/#primaryimage\"},\"thumbnailUrl\":\"https:\\\/\\\/www.arquimaster.com.ar\\\/web\\\/wp-content\\\/uploads\\\/2017\\\/11\\\/apartamento_ciutat_vella_slide.jpg\",\"datePublished\":\"2017-11-02T22:08:01+00:00\",\"dateModified\":\"2017-11-06T01:20:41+00:00\",\"breadcrumb\":{\"@id\":\"https:\\\/\\\/www.arquimaster.com.ar\\\/web\\\/apartamento-en-ciutat-vella-ylab-arquitectos\\\/#breadcrumb\"},\"inLanguage\":\"es\",\"potentialAction\":[{\"@type\":\"ReadAction\",\"target\":[\"https:\\\/\\\/www.arquimaster.com.ar\\\/web\\\/apartamento-en-ciutat-vella-ylab-arquitectos\\\/\"]}]},{\"@type\":\"ImageObject\",\"inLanguage\":\"es\",\"@id\":\"https:\\\/\\\/www.arquimaster.com.ar\\\/web\\\/apartamento-en-ciutat-vella-ylab-arquitectos\\\/#primaryimage\",\"url\":\"https:\\\/\\\/www.arquimaster.com.ar\\\/web\\\/wp-content\\\/uploads\\\/2017\\\/11\\\/apartamento_ciutat_vella_slide.jpg\",\"contentUrl\":\"https:\\\/\\\/www.arquimaster.com.ar\\\/web\\\/wp-content\\\/uploads\\\/2017\\\/11\\\/apartamento_ciutat_vella_slide.jpg\",\"width\":642,\"height\":336},{\"@type\":\"BreadcrumbList\",\"@id\":\"https:\\\/\\\/www.arquimaster.com.ar\\\/web\\\/apartamento-en-ciutat-vella-ylab-arquitectos\\\/#breadcrumb\",\"itemListElement\":[{\"@type\":\"ListItem\",\"position\":1,\"name\":\"Portada\",\"item\":\"https:\\\/\\\/www.arquimaster.com.ar\\\/web\\\/\"},{\"@type\":\"ListItem\",\"position\":2,\"name\":\"Apartamento en Ciutat Vella \\\/ YLAB Arquitectos\"}]},{\"@type\":\"WebSite\",\"@id\":\"https:\\\/\\\/www.arquimaster.com.ar\\\/web\\\/#website\",\"url\":\"https:\\\/\\\/www.arquimaster.com.ar\\\/web\\\/\",\"name\":\"Arquimaster\",\"description\":\"Web de arquitectura, dise\u00f1o y construccion\",\"publisher\":{\"@id\":\"https:\\\/\\\/www.arquimaster.com.ar\\\/web\\\/#organization\"},\"potentialAction\":[{\"@type\":\"SearchAction\",\"target\":{\"@type\":\"EntryPoint\",\"urlTemplate\":\"https:\\\/\\\/www.arquimaster.com.ar\\\/web\\\/?s={search_term_string}\"},\"query-input\":{\"@type\":\"PropertyValueSpecification\",\"valueRequired\":true,\"valueName\":\"search_term_string\"}}],\"inLanguage\":\"es\"},{\"@type\":\"Organization\",\"@id\":\"https:\\\/\\\/www.arquimaster.com.ar\\\/web\\\/#organization\",\"name\":\"Arquimaster\",\"url\":\"https:\\\/\\\/www.arquimaster.com.ar\\\/web\\\/\",\"logo\":{\"@type\":\"ImageObject\",\"inLanguage\":\"es\",\"@id\":\"https:\\\/\\\/www.arquimaster.com.ar\\\/web\\\/#\\\/schema\\\/logo\\\/image\\\/\",\"url\":\"https:\\\/\\\/www.arquimaster.com.ar\\\/web\\\/wp-content\\\/uploads\\\/2022\\\/06\\\/arquimaster.png\",\"contentUrl\":\"https:\\\/\\\/www.arquimaster.com.ar\\\/web\\\/wp-content\\\/uploads\\\/2022\\\/06\\\/arquimaster.png\",\"width\":594,\"height\":78,\"caption\":\"Arquimaster\"},\"image\":{\"@id\":\"https:\\\/\\\/www.arquimaster.com.ar\\\/web\\\/#\\\/schema\\\/logo\\\/image\\\/\"},\"sameAs\":[\"http:\\\/\\\/www.facebook.com\\\/ARQUIMASTER.com.ar\",\"https:\\\/\\\/x.com\\\/arquimaster\",\"https:\\\/\\\/www.instagram.com\\\/arquimasterblog\\\/\",\"https:\\\/\\\/www.linkedin.com\\\/company\\\/arquimaster\",\"https:\\\/\\\/www.pinterest.com\\\/arquimaster\",\"https:\\\/\\\/t.me\\\/arquimaster\"]},{\"@type\":\"Person\",\"@id\":\"https:\\\/\\\/www.arquimaster.com.ar\\\/web\\\/#\\\/schema\\\/person\\\/359e9f7c00193fcde068e0dd2ceb0028\",\"name\":\"Arquimaster\"}]}<\/script>\n<!-- \/ Yoast SEO plugin. -->","yoast_head_json":{"title":"Apartamento en Ciutat Vella \/ YLAB Arquitectos - Arquimaster","robots":{"index":"index","follow":"follow","max-snippet":"max-snippet:-1","max-image-preview":"max-image-preview:large","max-video-preview":"max-video-preview:-1"},"canonical":"https:\/\/www.arquimaster.com.ar\/web\/apartamento-en-ciutat-vella-ylab-arquitectos\/","og_locale":"es_ES","og_type":"article","og_title":"Apartamento en Ciutat Vella \/ YLAB Arquitectos - Arquimaster","og_description":"La vivienda escapa al bullicio del barrio y consigue mirar hacia el cielo por encima de los \u00e1rboles...","og_url":"https:\/\/www.arquimaster.com.ar\/web\/apartamento-en-ciutat-vella-ylab-arquitectos\/","og_site_name":"Arquimaster","article_publisher":"http:\/\/www.facebook.com\/ARQUIMASTER.com.ar","article_published_time":"2017-11-02T22:08:01+00:00","article_modified_time":"2017-11-06T01:20:41+00:00","og_image":[{"width":642,"height":336,"url":"https:\/\/www.arquimaster.com.ar\/web\/wp-content\/uploads\/2017\/11\/apartamento_ciutat_vella_slide.jpg","type":"image\/jpeg"}],"author":"Arquimaster","twitter_card":"summary_large_image","twitter_creator":"@arquimaster","twitter_site":"@arquimaster","twitter_misc":{"Escrito por":"Arquimaster","Tiempo de lectura":"3 minutos"},"schema":{"@context":"https:\/\/schema.org","@graph":[{"@type":"Article","@id":"https:\/\/www.arquimaster.com.ar\/web\/apartamento-en-ciutat-vella-ylab-arquitectos\/#article","isPartOf":{"@id":"https:\/\/www.arquimaster.com.ar\/web\/apartamento-en-ciutat-vella-ylab-arquitectos\/"},"author":{"name":"Arquimaster","@id":"https:\/\/www.arquimaster.com.ar\/web\/#\/schema\/person\/359e9f7c00193fcde068e0dd2ceb0028"},"headline":"Apartamento en Ciutat Vella \/ YLAB Arquitectos","datePublished":"2017-11-02T22:08:01+00:00","dateModified":"2017-11-06T01:20:41+00:00","mainEntityOfPage":{"@id":"https:\/\/www.arquimaster.com.ar\/web\/apartamento-en-ciutat-vella-ylab-arquitectos\/"},"wordCount":592,"publisher":{"@id":"https:\/\/www.arquimaster.com.ar\/web\/#organization"},"image":{"@id":"https:\/\/www.arquimaster.com.ar\/web\/apartamento-en-ciutat-vella-ylab-arquitectos\/#primaryimage"},"thumbnailUrl":"https:\/\/www.arquimaster.com.ar\/web\/wp-content\/uploads\/2017\/11\/apartamento_ciutat_vella_slide.jpg","keywords":["Barcelona","departamento","reforma de vivienda","Tobias Laarmann","YLAB Arquitectos","Yolanda Yuste"],"articleSection":["Proyecto","Rehabilitaciones y ampliaciones"],"inLanguage":"es"},{"@type":"WebPage","@id":"https:\/\/www.arquimaster.com.ar\/web\/apartamento-en-ciutat-vella-ylab-arquitectos\/","url":"https:\/\/www.arquimaster.com.ar\/web\/apartamento-en-ciutat-vella-ylab-arquitectos\/","name":"Apartamento en Ciutat Vella \/ YLAB Arquitectos - Arquimaster","isPartOf":{"@id":"https:\/\/www.arquimaster.com.ar\/web\/#website"},"primaryImageOfPage":{"@id":"https:\/\/www.arquimaster.com.ar\/web\/apartamento-en-ciutat-vella-ylab-arquitectos\/#primaryimage"},"image":{"@id":"https:\/\/www.arquimaster.com.ar\/web\/apartamento-en-ciutat-vella-ylab-arquitectos\/#primaryimage"},"thumbnailUrl":"https:\/\/www.arquimaster.com.ar\/web\/wp-content\/uploads\/2017\/11\/apartamento_ciutat_vella_slide.jpg","datePublished":"2017-11-02T22:08:01+00:00","dateModified":"2017-11-06T01:20:41+00:00","breadcrumb":{"@id":"https:\/\/www.arquimaster.com.ar\/web\/apartamento-en-ciutat-vella-ylab-arquitectos\/#breadcrumb"},"inLanguage":"es","potentialAction":[{"@type":"ReadAction","target":["https:\/\/www.arquimaster.com.ar\/web\/apartamento-en-ciutat-vella-ylab-arquitectos\/"]}]},{"@type":"ImageObject","inLanguage":"es","@id":"https:\/\/www.arquimaster.com.ar\/web\/apartamento-en-ciutat-vella-ylab-arquitectos\/#primaryimage","url":"https:\/\/www.arquimaster.com.ar\/web\/wp-content\/uploads\/2017\/11\/apartamento_ciutat_vella_slide.jpg","contentUrl":"https:\/\/www.arquimaster.com.ar\/web\/wp-content\/uploads\/2017\/11\/apartamento_ciutat_vella_slide.jpg","width":642,"height":336},{"@type":"BreadcrumbList","@id":"https:\/\/www.arquimaster.com.ar\/web\/apartamento-en-ciutat-vella-ylab-arquitectos\/#breadcrumb","itemListElement":[{"@type":"ListItem","position":1,"name":"Portada","item":"https:\/\/www.arquimaster.com.ar\/web\/"},{"@type":"ListItem","position":2,"name":"Apartamento en Ciutat Vella \/ YLAB Arquitectos"}]},{"@type":"WebSite","@id":"https:\/\/www.arquimaster.com.ar\/web\/#website","url":"https:\/\/www.arquimaster.com.ar\/web\/","name":"Arquimaster","description":"Web de arquitectura, dise\u00f1o y construccion","publisher":{"@id":"https:\/\/www.arquimaster.com.ar\/web\/#organization"},"potentialAction":[{"@type":"SearchAction","target":{"@type":"EntryPoint","urlTemplate":"https:\/\/www.arquimaster.com.ar\/web\/?s={search_term_string}"},"query-input":{"@type":"PropertyValueSpecification","valueRequired":true,"valueName":"search_term_string"}}],"inLanguage":"es"},{"@type":"Organization","@id":"https:\/\/www.arquimaster.com.ar\/web\/#organization","name":"Arquimaster","url":"https:\/\/www.arquimaster.com.ar\/web\/","logo":{"@type":"ImageObject","inLanguage":"es","@id":"https:\/\/www.arquimaster.com.ar\/web\/#\/schema\/logo\/image\/","url":"https:\/\/www.arquimaster.com.ar\/web\/wp-content\/uploads\/2022\/06\/arquimaster.png","contentUrl":"https:\/\/www.arquimaster.com.ar\/web\/wp-content\/uploads\/2022\/06\/arquimaster.png","width":594,"height":78,"caption":"Arquimaster"},"image":{"@id":"https:\/\/www.arquimaster.com.ar\/web\/#\/schema\/logo\/image\/"},"sameAs":["http:\/\/www.facebook.com\/ARQUIMASTER.com.ar","https:\/\/x.com\/arquimaster","https:\/\/www.instagram.com\/arquimasterblog\/","https:\/\/www.linkedin.com\/company\/arquimaster","https:\/\/www.pinterest.com\/arquimaster","https:\/\/t.me\/arquimaster"]},{"@type":"Person","@id":"https:\/\/www.arquimaster.com.ar\/web\/#\/schema\/person\/359e9f7c00193fcde068e0dd2ceb0028","name":"Arquimaster"}]}},"uagb_featured_image_src":{"full":["https:\/\/www.arquimaster.com.ar\/web\/wp-content\/uploads\/2017\/11\/apartamento_ciutat_vella_slide.jpg",642,336,false],"thumbnail":["https:\/\/www.arquimaster.com.ar\/web\/wp-content\/uploads\/2017\/11\/apartamento_ciutat_vella_slide-150x150.jpg",150,150,true],"medium":["https:\/\/www.arquimaster.com.ar\/web\/wp-content\/uploads\/2017\/11\/apartamento_ciutat_vella_slide.jpg",642,336,false],"medium_large":["https:\/\/www.arquimaster.com.ar\/web\/wp-content\/uploads\/2017\/11\/apartamento_ciutat_vella_slide.jpg",642,336,false],"large":["https:\/\/www.arquimaster.com.ar\/web\/wp-content\/uploads\/2017\/11\/apartamento_ciutat_vella_slide.jpg",642,336,false],"1536x1536":["https:\/\/www.arquimaster.com.ar\/web\/wp-content\/uploads\/2017\/11\/apartamento_ciutat_vella_slide.jpg",642,336,false],"2048x2048":["https:\/\/www.arquimaster.com.ar\/web\/wp-content\/uploads\/2017\/11\/apartamento_ciutat_vella_slide.jpg",642,336,false]},"uagb_author_info":{"display_name":"Arquimaster","author_link":"https:\/\/www.arquimaster.com.ar\/web\/author\/arquimaster\/"},"uagb_comment_info":0,"uagb_excerpt":"La vivienda escapa al bullicio del barrio y consigue mirar hacia el cielo por encima de los \u00e1rboles...","_links":{"self":[{"href":"https:\/\/www.arquimaster.com.ar\/web\/wp-json\/wp\/v2\/posts\/27750","targetHints":{"allow":["GET"]}}],"collection":[{"href":"https:\/\/www.arquimaster.com.ar\/web\/wp-json\/wp\/v2\/posts"}],"about":[{"href":"https:\/\/www.arquimaster.com.ar\/web\/wp-json\/wp\/v2\/types\/post"}],"author":[{"embeddable":true,"href":"https:\/\/www.arquimaster.com.ar\/web\/wp-json\/wp\/v2\/users\/1"}],"replies":[{"embeddable":true,"href":"https:\/\/www.arquimaster.com.ar\/web\/wp-json\/wp\/v2\/comments?post=27750"}],"version-history":[{"count":0,"href":"https:\/\/www.arquimaster.com.ar\/web\/wp-json\/wp\/v2\/posts\/27750\/revisions"}],"wp:featuredmedia":[{"embeddable":true,"href":"https:\/\/www.arquimaster.com.ar\/web\/wp-json\/wp\/v2\/media\/27751"}],"wp:attachment":[{"href":"https:\/\/www.arquimaster.com.ar\/web\/wp-json\/wp\/v2\/media?parent=27750"}],"wp:term":[{"taxonomy":"category","embeddable":true,"href":"https:\/\/www.arquimaster.com.ar\/web\/wp-json\/wp\/v2\/categories?post=27750"},{"taxonomy":"post_tag","embeddable":true,"href":"https:\/\/www.arquimaster.com.ar\/web\/wp-json\/wp\/v2\/tags?post=27750"}],"curies":[{"name":"wp","href":"https:\/\/api.w.org\/{rel}","templated":true}]}}